{"id":18273,"date":"2008-01-29T00:00:00","date_gmt":"2008-01-29T00:00:00","guid":{"rendered":"https:\/\/tunisnews.net\/29-janvier-2008\/"},"modified":"2008-01-29T00:00:00","modified_gmt":"2008-01-29T00:00:00","slug":"29-janvier-2008","status":"publish","type":"post","link":"https:\/\/tunisnews.net\/ar\/29-janvier-2008\/","title":{"rendered":"29 janvier 2008"},"content":{"rendered":"<p><html><head><meta content=\"text\/html\" description=\"              A peine quelques jours apr\u00e8s le d\u00e9c\u00e8s d\u2019Ahmed Bouaziz emport\u00e9 par \n              un cancer contract\u00e9 et mal soign\u00e9 en prison, deux autres ex \n              prisonniers, victimes de la vengeance aveugle du r\u00e9gime tunisien, \n              se sont \u00e9teints cette semaine.\" http-equiv=\"Content-Type\"\/><\/head><body><body><\/p>\n<p align=\"center\" dir=\"ltr\"><b><a href=\"http:\/\/www.tunisnews.net\"><span>Home<\/span><span lang=\"FR-CH\"> &#8211; Accueil <\/span><span>&#8211;<\/span><\/a><\/b><\/p>\n<div> <font face=\"Arial\" size=\"2\"> <span lang=\"FR\"> <font size=\"3\"> <span lang=\"FR-CH\"> <font><span lang=\"FR\"> <\/p>\n<div> <font> <\/p>\n<div> <font face=\"Arial\" size=\"2\">  <span lang=\"FR\"> <\/p>\n<div align=\"center\" dir=\"ltr\"> <font size=\"7\"><font face=\"Arial\"> <span lang=\"SV\"> <strong>TUNISNEWS<\/strong><\/span> <\/font><\/font> <\/div>\n<div align=\"center\" dir=\"ltr\"> <strong><font size=\"2\"><font face=\"Arial\">          spp8\u00a0\u00e8me\u00a0ann\u00e9e, N\u00b0 \u00a02806 du 29.01.2008<\/font><\/font><\/strong><\/div>\n<p> <strong> <\/p>\n<div align=\"center\" dir=\"ltr\"> <b><span><blink> <font face=\"Arial\" size=\"2\">\u00a0archives : <\/font> <a href=\"\" target=\"_blank\" rel=\"noopener\"> <font face=\"Arial\" size=\"2\" target=\"_blank\">          www.tunisnews.net<\/font><\/a><\/blink><\/span><\/b><font face=\"Arial\" size=\"2\"> <\/font> <span lang=\"FR-CH\"> <span lang=\"FR\"> <span dir=\"rtl\" lang=\"FR\"> <span lang=\"FR-CH\"><font><font> <font><font> <\/font><\/font><\/font><\/font><\/span><\/span><\/span><\/span><\/div>\n<p> <\/strong><\/span><\/font> <\/p>\n<div align=\"center\" dir=\"ltr\"> <strong><font face=\"Arial\"><\/p>\n<hr\/>\n<p><\/font><\/strong> <\/div>\n<p> <span lang=\"FR\"> <span> <font size=\"3\"> <\/p>\n<p align=\"left\" dir=\"ltr\">\u00a0<\/p>\n<p> <span lang=\"FR-CH\"> <\/p>\n<div> <font face=\"Arial\" size=\"2\"> <span lang=\"FR-CH\"><strong> <\/p>\n<div> <font face=\"Arial\"> <\/p>\n<div dir=\"ltr\"> <span dir=\"rtl\" lang=\"FR\"> <font face=\"Arial\">V\u00e9rit\u00e9-Action: Tunisie: Deux               ex-prisonniers politiques d\u00e9c\u00e9d\u00e9s en une semaine<\/font><\/span><\/div>\n<div dir=\"ltr\"> <font face=\"Arial\"> <span lang=\"FR\"> <\/p>\n<p><font><font face=\"Arial\"> <span dir=\"rtl\" lang=\"FR\">AISPP: Infos en continu               <font>AFP: La Tunisie en libre-\u00e9change avec               l&rsquo;Europe pour les produits industriels<\/font>               Afrik.com: Ben Ali veut-il vraiment faire respecter les droits de               l\u2019homme en Tunisie ?\u00a0 Interview de Souhayr Belhassen               <font>Arab Press Network: Ben Brick, le               journaliste errant<\/font>               Babelmed : \u00abJe ne partirai pas\u00bb, de l\u2019\u00e9crivain tunisien Taoufik               Ben Brick &#8211; Un guide iconoclaste du \u00abvrai Tunis\u00bb               <font>Hmida Ben Romdhane: La plume et les ciseaux<\/font>               AFP: Courriers de la CEDH \u00e0 un d\u00e9tenu censur\u00e9s: la Pologne               condamn\u00e9e \u00e0 Strasbourg               <font>AFP: Le Portugal rejette les accusations sur               le transfert de d\u00e9tenus \u00e0 Guantanamo<\/font><\/span><\/font><\/font><\/p>\n<p><\/span><span lang=\"EN-GB\"><\/span><\/font><\/div>\n<div dir=\"ltr\"> <span lang=\"FR-CH\"> <\/p>\n<p align=\"center\">\u00a0<\/p>\n<hr\/>\n<p align=\"center\">              V\u00e9rit\u00e9-Action<\/p>\n<p><\/span> <\/p>\n<p align=\"center\"> <span><font size=\"3\">\u00a0<\/font><\/span><\/p>\n<p align=\"center\"> <font size=\"3\"> <span lang=\"FR-CH\">              Tunisie:<\/span><\/font><\/p>\n<p align=\"center\"> <font size=\"3\"> <span lang=\"FR-CH\">              Deux ex-prisonniers politiques d\u00e9c\u00e9d\u00e9s en une semaine<\/span><\/font><\/p>\n<p> <span lang=\"FR-CH\">              \u00a0<\/span><\/p>\n<p>              Gen\u00e8ve, le\u00a029 Janvier 2008<\/p>\n<p>              \u00a0<\/p>\n<p>              A peine quelques jours apr\u00e8s le d\u00e9c\u00e8s d\u2019Ahmed Bouaziz emport\u00e9 par               un cancer contract\u00e9 et mal soign\u00e9 en prison, deux autres ex               prisonniers, victimes de la vengeance aveugle du r\u00e9gime tunisien,               se sont \u00e9teints cette semaine.<\/p>\n<p>              \u00a0<\/p>\n<p>              Monsieur Mongi Ayari, \u00e2g\u00e9 de 54 ans, p\u00e8re de 4 enfants, est d\u00e9c\u00e9d\u00e9               le jeudi 24 janvier 2008 aussi victime d&rsquo;un cancer. Il a \u00e9t\u00e9               emprisonn\u00e9 \u00e0 plusieurs reprises dont 13 ans \u00e0 partir de 1992. Il a               quitt\u00e9 la prison en 2004. Jug\u00e9 lors des proc\u00e8s de la d\u00e9cennie               noire des ann\u00e9es 90, il a \u00e9t\u00e9 victime du cancer, comme c&rsquo;est le               cas pour les autres prisonniers malades laiss\u00e9s sans soins et dans               des conditions d&#8217;emprisonnement inhumaines, de la n\u00e9gligence               m\u00e9dicale et de la volont\u00e9 de destruction de l&rsquo;\u00eatre humain.              <script><!--D([\"mb\",\"\\u003c\/font\\u003e\\u003c\/span\\u003e\\u003c\/p\\u003e\\n\\u003cp style\\u003d\\\"margin:0cm 0cm 0pt\\\"\\u003e\\u003cspan lang\\u003d\\\"FR-CH\\\"\\u003e\\u003cfont face\\u003d\\\"Times New Roman\\\" size\\u003d\\\"3\\\"\\u003e\u00a0\\u003c\/font\\u003e\\u003c\/span\\u003e\\u003c\/p\\u003e\\n\\u003cp style\\u003d\\\"margin:0cm 0cm 0pt\\\"\\u003e\\u003cspan lang\\u003d\\\"FR-CH\\\"\\u003e\\u003cfont face\\u003d\\\"Times New Roman\\\" size\\u003d\\\"3\\\"\\u003eLe m\u00eame jour, le jeudi 24 janvier 2008, un autre \\nex-prisonnier, victime du m\u00eame mal est parti. Monsieur Tahar Chedli, \u00e2g\u00e9 de 57 \\nans, p\u00e8re de 4 enfants.\\u003c\/font\\u003e\\u003c\/span\\u003e\\u003c\/p\\u003e\\n\\u003cp style\\u003d\\\"margin:0cm 0cm 0pt\\\"\\u003e\\u003cspan lang\\u003d\\\"FR-CH\\\"\\u003e\\u003cfont face\\u003d\\\"Times New Roman\\\" size\\u003d\\\"3\\\"\\u003e\u00a0\\u003c\/font\\u003e\\u003c\/span\\u003e\\u003c\/p\\u003e\\n\\u003cp style\\u003d\\\"margin:0cm 0cm 0pt\\\"\\u003e\\u003cspan lang\\u003d\\\"FR-CH\\\"\\u003e\\u003cfont face\\u003d\\\"Times New Roman\\\" size\\u003d\\\"3\\\"\\u003eLes autorit\u00e9s p\u00e9nitentiaires tunisiennes avaient \\nrefus\u00e9 de donner des soins \u00e0 plusieurs reprises pour ce genre de cas ou de les \\ntransf\u00e9rer dans des h\u00f4pitaux. Plusieurs prisonniers ont \u00e9t\u00e9 lib\u00e9r\u00e9s apr\u00e8s qu\\u0026#39;un \\navis m\u00e9dical les donn\u00e9s comme mourant, tel \u00e9t\u00e9 le cas de feu Lotfi Idoudi et \\nr\u00e9cemment celle de feu Hachemi Mekki.\\u003c\/font\\u003e\\u003c\/span\\u003e\\u003c\/p\\u003e\\n\\u003cp style\\u003d\\\"margin:0cm 0cm 0pt\\\"\\u003e\\u003cspan lang\\u003d\\\"FR-CH\\\"\\u003e\\u003cfont face\\u003d\\\"Times New Roman\\\" size\\u003d\\\"3\\\"\\u003e\u00a0\\u003c\/font\\u003e\\u003c\/span\\u003e\\u003c\/p\\u003e\\n\\u003cp style\\u003d\\\"margin:0cm 0cm 0pt\\\"\\u003e\\u003cspan lang\\u003d\\\"FR-CH\\\"\\u003e\\u003cfont face\\u003d\\\"Times New Roman\\\" size\\u003d\\\"3\\\"\\u003eDe sources de confiance en Tunisie, nous apprenons \\nque les ex prisonniers politiques suivants sont atteints de maladies \\nchroniques:\\u003c\/font\\u003e\\u003c\/span\\u003e\\u003c\/p\\u003e\\n\\u003cp style\\u003d\\\"margin:0cm 0cm 0pt\\\"\\u003e\\u003cspan lang\\u003d\\\"FR-CH\\\"\\u003e\\u003cfont face\\u003d\\\"Times New Roman\\\" size\\u003d\\\"3\\\"\\u003e1. Mr. Ali Zouagui, souffre du cancer de la \\nprostate, il a \u00e9t\u00e9 diff\u00e9r\u00e9 devant un juge la semaine pass\u00e9e pour un jugement \\nprononc\u00e9 en 1992 et pour lequel il a pay\u00e9 des dizaines d\\u0026#39;ann\u00e9es \\nd\\u0026#39;emprisonnement.\\u003c\/font\\u003e\\u003c\/span\\u003e\\u003c\/p\\u003e\\n\\u003cp style\\u003d\\\"margin:0cm 0cm 0pt\\\"\\u003e\\u003cspan lang\\u003d\\\"FR-CH\\\"\\u003e\\u003cfont face\\u003d\\\"Times New Roman\\\" size\\u003d\\\"3\\\"\\u003e2. Mr. Ali Guiloufi, souffrant de \\nleuc\u00e9mie.\\u003c\/font\\u003e\\u003c\/span\\u003e\\u003c\/p\\u003e\\n\\u003cp style\\u003d\\\"margin:0cm 0cm 0pt\\\"\\u003e\\u003cspan lang\\u003d\\\"FR-CH\\\"\\u003e\\u003cfont face\\u003d\\\"Times New Roman\\\" size\\u003d\\\"3\\\"\\u003e3. Mr. Fathi Ouergui, soufrant de 9 maladies dont \\nle c\u0153ur, l\\u0026#39;asthme et le dos.\\u003c\/font\\u003e\\u003c\/span\\u003e\\u003c\/p\\u003e\\n\\u003cp style\\u003d\\\"margin:0cm 0cm 0pt\\\"\\u003e\\u003cspan lang\\u003d\\\"FR-CH\\\"\\u003e\\u003cfont size\\u003d\\\"3\\\"\\u003e\\u003cfont face\\u003d\\\"Times New Roman\\\"\\u003e4. Mr. A\u00efssa Amri, soufrant de 6 maladies \\ndiff\u00e9rentes.\",1]);\/\/-->              <\/script> <\/p>\n<p>              \u00a0<\/p>\n<p>              Le m\u00eame jour, le jeudi 24 janvier 2008, un autre ex-prisonnier,               victime du m\u00eame mal est parti. Monsieur Tahar Chedli, \u00e2g\u00e9 de 57               ans, p\u00e8re de 4 enfants.<\/p>\n<p>              \u00a0<\/p>\n<p>              Les autorit\u00e9s p\u00e9nitentiaires tunisiennes avaient refus\u00e9 de donner               des soins \u00e0 plusieurs reprises pour ce genre de cas ou de les               transf\u00e9rer dans des h\u00f4pitaux. Plusieurs prisonniers ont \u00e9t\u00e9               lib\u00e9r\u00e9s apr\u00e8s qu&rsquo;un avis m\u00e9dical les donn\u00e9s comme mourant, tel \u00e9t\u00e9               le cas de feu Lotfi Idoudi et r\u00e9cemment celle de feu Hachemi               Mekki.<\/p>\n<p>              \u00a0<\/p>\n<p>              De sources de confiance en Tunisie, nous apprenons que les ex               prisonniers politiques suivants sont atteints de maladies               chroniques:<\/p>\n<p>              1. Mr. Ali Zouagui, souffre du cancer de la prostate, il a \u00e9t\u00e9               diff\u00e9r\u00e9 devant un juge la semaine pass\u00e9e pour un jugement prononc\u00e9               en 1992 et pour lequel il a pay\u00e9 des dizaines d&rsquo;ann\u00e9es               d&#8217;emprisonnement.<\/p>\n<p>              2. Mr. Ali Guiloufi, souffrant de leuc\u00e9mie.<\/p>\n<p>              3. Mr. Fathi Ouergui, soufrant de 9 maladies dont le c\u0153ur,               l&rsquo;asthme et le dos.<\/p>\n<p>              4. Mr. A\u00efssa Amri, soufrant de 6 maladies diff\u00e9rentes.              <script><!--D([\"mb\",\"\\u003cspan\\u003e\u00a0\u00a0 \\n\\u003c\/span\\u003e\\u003c\/font\\u003e\\u003c\/font\\u003e\\u003c\/span\\u003e\\u003c\/p\\u003e\\n\\u003cp style\\u003d\\\"margin:0cm 0cm 0pt\\\"\\u003e\\u003cspan lang\\u003d\\\"FR-CH\\\"\\u003e\\u003cfont face\\u003d\\\"Times New Roman\\\" size\\u003d\\\"3\\\"\\u003e\u00a0\\u003c\/font\\u003e\\u003c\/span\\u003e\\u003c\/p\\u003e\\n\\u003cp style\\u003d\\\"margin:0cm 0cm 0pt\\\"\\u003e\\u003cspan lang\\u003d\\\"FR-CH\\\"\\u003e\\u003cfont face\\u003d\\\"Times New Roman\\\" size\\u003d\\\"3\\\"\\u003eCes ravages de cancer dans les rangs des \\nex-prisonniers laissent poser des questions concernant l\\u0026#39;origine de ce mal qui \\nfrappe particuli\u00e8rement ces ex-prisonniers.\\u003c\/font\\u003e\\u003c\/span\\u003e\\u003c\/p\\u003e\\n\\u003cp style\\u003d\\\"margin:0cm 0cm 0pt\\\"\\u003e\\u003cspan lang\\u003d\\\"FR-CH\\\"\\u003e\\u003cfont face\\u003d\\\"Times New Roman\\\" size\\u003d\\\"3\\\"\\u003e\u00a0\\u003c\/font\\u003e\\u003c\/span\\u003e\\u003c\/p\\u003e\\n\\u003cp style\\u003d\\\"margin:0cm 0cm 0pt\\\"\\u003e\\u003cspan lang\\u003d\\\"FR-CH\\\"\\u003e\\u003cfont face\\u003d\\\"Times New Roman\\\" size\\u003d\\\"3\\\"\\u003eV\u00e9rit\u00e9-Action pr\u00e9sente ses condol\u00e9ances aux \\nfamilles Ayari et Chedli, \u00e0 leurs proches et amis et \u00e0 la Tunisie toute \\nenti\u00e8re.\\u003c\/font\\u003e\\u003c\/span\\u003e\\u003c\/p\\u003e\\n\\u003cp style\\u003d\\\"margin:0cm 0cm 0pt\\\"\\u003e\\u003cspan lang\\u003d\\\"FR-CH\\\"\\u003e\\u003cfont face\\u003d\\\"Times New Roman\\\" size\\u003d\\\"3\\\"\\u003e\u00a0\\u003c\/font\\u003e\\u003c\/span\\u003e\\u003c\/p\\u003e\\n\\u003cp style\\u003d\\\"margin:0cm 0cm 0pt\\\"\\u003e\\u003cspan lang\\u003d\\\"FR-CH\\\"\\u003e\\u003cfont face\\u003d\\\"Times New Roman\\\" size\\u003d\\\"3\\\"\\u003eV\u00e9rit\u00e9-Action appelle le r\u00e9gime tunisien \u00e0 son \\ndevoir de se conformer au droit international et au droit tunisien et de prendre \\nen charge le soin des prisonniers et des ex-prisonniers et \u00e0 arr\u00eater cette \\npolitique de vengeance \u00e0 l\\u0026#39;encontre des opposants politiques.\\u003c\/font\\u003e\\u003c\/span\\u003e\\u003c\/p\\u003e\\n\\u003cp style\\u003d\\\"margin:0cm 0cm 0pt\\\"\\u003e\\u003cspan lang\\u003d\\\"FR-CH\\\"\\u003e\\u003cfont face\\u003d\\\"Times New Roman\\\" size\\u003d\\\"3\\\"\\u003e\u00a0\\u003c\/font\\u003e\\u003c\/span\\u003e\\u003c\/p\\u003e\\n\\u003cp style\\u003d\\\"margin:0cm 0cm 0pt\\\"\\u003e\\u003cspan lang\\u003d\\\"FR-CH\\\"\\u003e\\u003cfont face\\u003d\\\"Times New Roman\\\" size\\u003d\\\"3\\\"\\u003eV\u00e9rit\u00e9-Action rappelle que des dizaines \\nd\\u0026#39;ex-prisonniers et de prisonniers souffrent de maladies diverses et qui \\nn\u00e9cessitent des soins et des appuis mat\u00e9riels et moraux. Il est temps de mettre \\nfin \u00e0 cette politique de laisser pour comptes.\\u003c\/font\\u003e\\u003c\/span\\u003e\\u003c\/p\\u003e\\n\\u003cp style\\u003d\\\"margin:0cm 0cm 0pt\\\"\\u003e\\u003cspan lang\\u003d\\\"FR-CH\\\"\\u003e\\u003cfont face\\u003d\\\"Times New Roman\\\" size\\u003d\\\"3\\\"\\u003e\u00a0\\u003c\/font\\u003e\\u003c\/span\\u003e\\u003c\/p\\u003e\\n\\u003cp style\\u003d\\\"margin:0cm 0cm 0pt\\\"\\u003e\\u003cspan lang\\u003d\\\"FR-CH\\\"\\u003e\\u003cfont face\\u003d\\\"Times New Roman\\\" size\\u003d\\\"3\\\"\\u003e\u00a0\\u003c\/font\\u003e\\u003c\/span\\u003e\\u003c\/p\\u003e\\n\\u003cp style\\u003d\\\"margin:0cm 0cm 0pt\\\"\\u003e\\u003cspan lang\\u003d\\\"FR-CH\\\"\\u003e\\u003cfont face\\u003d\\\"Times New Roman\\\" size\\u003d\\\"3\\\"\\u003eService de l\\u0026#39;information \\u003c\/font\\u003e\\u003c\/span\\u003e\",1]);\/\/-->              <\/script>              \u00a0\u00a0 <\/p>\n<p>              \u00a0<\/p>\n<p>              Ces ravages de cancer dans les rangs des ex-prisonniers laissent               poser des questions concernant l&rsquo;origine de ce mal qui frappe               particuli\u00e8rement ces ex-prisonniers.<\/p>\n<p>              \u00a0<\/p>\n<p>              V\u00e9rit\u00e9-Action pr\u00e9sente ses condol\u00e9ances aux familles Ayari et               Chedli, \u00e0 leurs proches et amis et \u00e0 la Tunisie toute enti\u00e8re.<\/p>\n<p>              \u00a0<\/p>\n<p>              V\u00e9rit\u00e9-Action appelle le r\u00e9gime tunisien \u00e0 son devoir de se               conformer au droit international et au droit tunisien et de               prendre en charge le soin des prisonniers et des ex-prisonniers et               \u00e0 arr\u00eater cette politique de vengeance \u00e0 l&rsquo;encontre des opposants               politiques.<\/p>\n<p>              \u00a0<\/p>\n<p>              V\u00e9rit\u00e9-Action rappelle que des dizaines d&rsquo;ex-prisonniers et de               prisonniers souffrent de maladies diverses et qui n\u00e9cessitent des               soins et des appuis mat\u00e9riels et moraux. Il est temps de mettre               fin \u00e0 cette politique de laisser pour comptes.<\/p>\n<p>              \u00a0<\/p>\n<p>\u00a0<\/p>\n<p> <font>Service de l&rsquo;information<\/font> <script><!--D([\"mb\",\"\\u003c\/p\\u003e\\n\\u003cp style\\u003d\\\"margin:0cm 0cm 0pt\\\"\\u003e\\u003cspan lang\\u003d\\\"FR-CH\\\"\\u003e\\u003cfont face\\u003d\\\"Times New Roman\\\" size\\u003d\\\"3\\\"\\u003eSource: \\u003ca href\\u003d\\\"http:\/\/www.verite-action.org\\\" target\\u003d\\\"_blank\\\" onclick\\u003d\\\"return top.js.OpenExtLink(window,event,this)\\\"\\u003ewww.verite-action.org\\u003c\/a\\u003e\\u003c\/font\\u003e\\u003c\/span\\u003e\\u003c\/p\\u003e\\n\\u003cp style\\u003d\\\"margin:0cm 0cm 0pt\\\"\\u003e\\u003cspan lang\\u003d\\\"FR-CH\\\"\\u003e\\u003cfont face\\u003d\\\"Times New Roman\\\" size\\u003d\\\"3\\\"\\u003eMail to : \\n\\u003ca href\\u003d\\\"mailto:info@verite-action.org\\\" target\\u003d\\\"_blank\\\" onclick\\u003d\\\"return top.js.OpenExtLink(window,event,this)\\\"\\u003einfo@verite-action.org\\u003c\/a\\u003e\\u003c\/font\\u003e\\u003c\/span\\u003e\\u003c\/p\\u003e\\u003c\/font\\u003e\\u003c\/div\\u003e\\u003c\/div\\u003e\\n\",0]);D([\"ce\"]);\/\/-->              <\/script> <\/p>\n<p>              Source:              <a href=\"http:\/\/www.verite-action.org\" onclick=\"return top.js.OpenExtLink(window,event,this)\" target=\"_blank\" rel=\"noopener\">              www.verite-action.org<\/a><\/p>\n<p>              Mail to :              <a href=\"mailto:info@verite-action.org\" onclick=\"return top.js.OpenExtLink(window,event,this)\" target=\"_blank\" rel=\"noopener\">              info@verite-action.org<\/a><\/p>\n<p>\u00a0<\/p>\n<hr\/>\n<p align=\"center\">              \u00a0<\/p>\n<p> <span lang=\"FR-CH\"> <font face=\"Arial\" size=\"2\"><strong><font face=\"Arial\"> <span lang=\"EN-GB\"> <font face=\"Arial\"><span lang=\"FR-CH\"> <font size=\"3\"><span> <font> <span lang=\"FR\"> <\/p>\n<p align=\"center\">              Libert\u00e9 pour tous les prisonniers politiques               Libert\u00e9 pour Abdallah Zouari, le journaliste exil\u00e9 dans son propre               pays                              <\/p>\n<p><\/span><\/font><\/span><\/font><\/span><\/font><\/span> <font> <span lang=\"FR\"> <font size=\"3\"> <span lang=\"FR-CH\"> <font face=\"Arial\"> <span lang=\"EN-GB\"> <span>Association               Internationale de Soutien aux prisonniers politiques<\/span>               43 rue Eldjazira, tunis               e-mail : aispptunisie@yahoo.fr                              Tunis, le 28 janvier 2008              <\/p>\n<p align=\"center\">\n<h2 style=\"color: red;\"><font>Infos en continu<\/font><\/h2>\n<\/p>\n<p align=\"center\">                                            La premi\u00e8re chambre criminelle du Tribunal de Premi\u00e8re Instance de               Tunis, pr\u00e9sid\u00e9e par le juge H\u00e9di Ayari a examin\u00e9 aujourd\u2019hui,               lundi 28 janvier 008 l\u2019affaire n\u00b014235 dans laquelle sont d\u00e9f\u00e9r\u00e9s               Aymen Hakiri, Adam Boukedida et Heulmy Rtibi, accus\u00e9s d\u2019adh\u00e9sion               sur le territoire de la R\u00e9publique \u00e0 une entente ayant fait du               terrorisme un moyen de concr\u00e9tiser ses objectifs, ainsi que               Nasreddine Aloui, accus\u00e9 de ne pas avoir signal\u00e9 aux autorit\u00e9s               concern\u00e9es les faits, les informations et les renseignements en sa               possession \u00e0 propos d\u2019infractions terroristes, en application des               articles 13 et 22 de la loi du 10 d\u00e9cembre 2003 de \u00ab lutte contre               le terrorisme \u00bb. La commission de la d\u00e9fense \u00e9tait compos\u00e9e de               Ma\u00eetres Samir Ben Amor et Abderraouf Ayadi. Le juge a d\u00e9cid\u00e9,               apr\u00e8s la lecture de l\u2019acte d\u2019accusation, de repousser l\u2019examen de               l\u2019affaire au 22 f\u00e9vrier 2008 pour l\u2019interrogatoire des accus\u00e9s et               les plaidoiries.                              Cette m\u00eame chambre a d\u00e9cid\u00e9 de renvoyer l\u2019examen de l\u2019affaire dans               laquelle sont d\u00e9f\u00e9r\u00e9s Salem Mezhoud et Mourad Bousnina au 15               f\u00e9vrier 2008 et de consid\u00e9rer Ce renvoi comme le dernier.                              [\u2026]                              Pour la commission de suivi de proc\u00e8s               Le secr\u00e9taire g\u00e9n\u00e9ral de l\u2019Association               <font>Ma\u00eetre Samir Dilou<\/font> <font>(traduction d\u2019extraits ni revue ni corrig\u00e9e               par les auteurs de la version en arabe, LT)<\/font><\/p>\n<div>\n<hr\/><\/div>\n<div>\n<p align=\"center\"> <span>\u00a0<\/span><\/p>\n<p align=\"center\"> <a><b> <span lang=\"DE\">                C.R.L.D.H.\u00a0Tunisie<\/span><\/b><\/a><\/p>\n<p align=\"center\">                Comit\u00e9 pour le Respect des Libert\u00e9s et des Droits de l\u2019Homme en                 Tunisie<\/p>\n<p align=\"center\"> <b>Membre du R\u00e9seau Euro m\u00e9diterran\u00e9en des Droits de l\u2019Homme<\/b><\/p>\n<p align=\"center\">                \u00a0<\/p>\n<p align=\"center\"> <span lang=\"FR\">                21ter rue Voltaire \u2013 FR-75011 PARIS\u00a0 &#8211; Tel\/Fax : 00.33.                 (0)1.43.72.97.34<\/span><\/p>\n<p align=\"center\"> <a href=\"mailto:contact@crldht.org\" onclick=\"return top.js.OpenExtLink(window,event,this)\" target=\"_blank\" rel=\"noopener\">                contact@crldht.org<\/a> \/                <a href=\"http:\/\/www.crldht.org\/\" onclick=\"return top.js.OpenExtLink(window,event,this)\" target=\"_blank\" rel=\"noopener\">                www.crldht.org<\/a><\/p>\n<p align=\"center\">                \u00a0<\/p>\n<h2 align=\"center\" style=\"color: red;\"> <span lang=\"FR-CH\">                INVITATION<\/span><\/h2>\n<p>\u00a0<\/p>\n<p> <span lang=\"FR-CH\">                Dans le cadre de rencontres politiques anim\u00e9es par les                 diff\u00e9rents acteurs tunisiens sur l\u2019\u00e9ch\u00e9ance de 2009, le CRLDHT                 organise pour la troisi\u00e8me fois depuis le d\u00e9but de l\u2019ann\u00e9e 2008,                 une nouvelle <\/span><\/p>\n<p> <b> <span lang=\"FR-CH\">                \u00a0<\/span><\/b><\/p>\n<p> <b> <span lang=\"FR-CH\">                Rencontre avec <\/span><\/b><\/p>\n<p> <span lang=\"FR-CH\">                \u00a0<\/span><\/p>\n<p>\u00a0<\/p>\n<p> <span lang=\"FR-CH\">                M. N\u00e9jib CHEBBI,<\/span><span lang=\"FR-CH\">                 \u00a0directeur du journal El Mawkef, ex-secr\u00e9taire g\u00e9n\u00e9ral du Parti                 d\u00e9mocrate progressiste (PDP). <\/span><\/p>\n<p> <span lang=\"FR-CH\">                \u00a0<\/span><\/p>\n<p> <span lang=\"FR-CH\">                et<\/span><\/p>\n<p> <span lang=\"FR-CH\">                \u00a0<\/span><\/p>\n<p> <span lang=\"FR-CH\">                M. Ayachi HAMMAMI, <\/span> <span lang=\"FR-CH\">                d\u00e9fenseur des droits humains et<\/span><span lang=\"FR-CH\"> <\/span> <span lang=\"FR-CH\">                membre du comit\u00e9 du 18 octobre pour les droits et les\u00a0libert\u00e9s                <\/span><\/p>\n<p> <span lang=\"FR-CH\">                \u00a0<\/span><\/p>\n<p> <span lang=\"FR-CH\">                Ces rencontres constituent des moments privil\u00e9gi\u00e9s de r\u00e9flexion                 et d\u2019\u00e9change sur la situation politique actuelle et future, en                 rapport avec les prochaines \u00e9lections pr\u00e9sidentielles et                 l\u00e9gislatives en Tunisie. <\/span><\/p>\n<p> <span lang=\"FR-CH\">                                 A cette occasion, le CRLDHT vous invite, toutes et tous, \u00e0                 prendre part au d\u00e9bat organis\u00e9\u00a0: <\/span><\/p>\n<p>\u00a0<\/p>\n<p> <span lang=\"FR-CH\">                \u00a0<\/span><\/p>\n<p> <span lang=\"FR-CH\">                Le Samedi 2 f\u00e9vrier 2008 \u00e0 partir de 19h00<\/span><b><span lang=\"FR\">                 au 21 ter, Rue Voltaire<\/span><\/b><\/p>\n<p> <b> <span lang=\"FR\">                75 011 Paris<\/span><\/b><\/p>\n<p>                \u00a0<\/p>\n<p>\u00a0<\/p>\n<hr\/>\n<p>\u00a0<\/p>\n<p> <font> <span lang=\"EN-GB\"> <\/p>\n<div>                  \u00a0<span lang=\"EN-GB\"><\/p>\n<h2 style=\"color: red;\"><font>LA                   PREMIERE RADIO LIBRE EN TUNISIE<\/font><\/h2>\n<p><\/span><\/div>\n<div> <font>\u00a0\u00a0\u00a0\u00a0\u00a0\u00a0\u00a0\u00a0\u00a0\u00a0\u00a0 <\/font> <a href=\"http:\/\/www.radio6tunis.net\/\" onclick=\"return top.js.OpenExtLink(window,event,this)\" target=\"_blank\" rel=\"noopener\"> <font>www.radio6tunis.net<\/font><\/a><font>\u00a0                  <\/font> <\/div>\n<div>\n<h2 style=\"color: red;\"><font>P R O G R A M M E\u00a0 D E\u00a0 L A\u00a0 S E M                   A I N E<\/font><\/h2>\n<\/div>\n<div>                  \u00a0\u00a0                   <span lang=\"EN-GB\">                                     \u00a0 &#8211; Bourguiba:les droits des femmes.<\/span><\/div>\n<div>                  \u00a0 &#8211; Environnement:l&rsquo;apr\u00e8s Bali.<\/div>\n<div>                  \u00a0 &#8211; 26 Janvier:30 ans apr\u00e9s qu&rsquo;est ce qu&rsquo;il en reste<\/div>\n<div>                  \u00a0 &#8211; L&rsquo;info des libert\u00e9s: en arabe.<\/div>\n<div>                  \u00a0 &#8211; L&rsquo;info des libert\u00e9s: en fran\u00e7ais.<\/div>\n<div>                  \u00a0 &#8211; Musique douce: orientale et occidentale.<\/div>\n<div>                  Bonne \u00e9coute                   <font>L&rsquo;\u00e9quipe d&rsquo;animation radio6tunis<\/font>\u00a0                <\/div>\n<p> <span> <\/p>\n<div>\n<hr\/><\/div>\n<div>\n<p> <span dir=\"rtl\" lang=\"AR-SA\">                  \u00a0<\/span><\/p>\n<p align=\"center\"> <font size=\"3\"><b> <span lang=\"FR\">La                   Tunisie en libre-\u00e9change avec l&rsquo;Europe pour les produits<span dir=\"rtl\"> <\/span>industriels<\/span><\/b><\/font><\/p>\n<p>                  \u00a0<\/p>\n<p>                  AFP, le 28 janvier 2008 \u00e0                  <span dir=\"rtl\" lang=\"AR-SA\">                  19<\/span>h<span dir=\"rtl\" lang=\"AR-SA\">08<\/span><\/p>\n<p> <span dir=\"rtl\" lang=\"AR-SA\">                  \u00a0<\/span><\/p>\n<p>                  TUNIS, 28 jan 2008 (AFP) &#8211; La Tunisie est entr\u00e9e en 2008 dans                   une zone de libre-\u00e9change avec l&rsquo;Union europ\u00e9enne pour les                   produits industriels, derni\u00e8re \u00e9tape d&rsquo;un processus progressif                   de franchise engag\u00e9 en 1996, a indiqu\u00e9 lundi le ministre                   tunisien de l&rsquo;Industrie Afif Chelbi<span dir=\"rtl\" lang=\"AR-SA\">.<\/span><\/p>\n<p> <span dir=\"rtl\" lang=\"AR-SA\">                  \u00a0<\/span><\/p>\n<p> <span dir=\"rtl\" lang=\"AR-SA\">                  \u00ab\u00a0<\/span>La Tunisie devient ainsi le premier pays de la rive                   sud de la M\u00e9diterran\u00e9e a avoir achev\u00e9 les diff\u00e9rentes \u00e9tapes                   de la mise en place d&rsquo;une zone de libre-\u00e9change avec l&rsquo;Union                   europ\u00e9enne\u00a0\u00bb, a-t-il<\/p>\n<p>                  indiqu\u00e9 lors d&rsquo;une conf\u00e9rence de presse conjointe avec le                   ministre du Commerce Ridha Touiti<span dir=\"rtl\" lang=\"AR-SA\">.<\/span><\/p>\n<p> <span dir=\"rtl\" lang=\"AR-SA\">                  \u00a0<\/span><\/p>\n<p>                  Les deux ministres ont soulign\u00e9 le succ\u00e8s du processus \u00e9tal\u00e9                   sur douze ans (1996-2007) conform\u00e9ment \u00e0 l&rsquo;accord                   d&rsquo;Association conclu entre l&rsquo;UE et la Tunisie en 1995 et entr\u00e9                   en vigueur en 1998<span dir=\"rtl\" lang=\"AR-SA\">.<\/span><\/p>\n<p> <span dir=\"rtl\" lang=\"AR-SA\">                  \u00a0<\/span><\/p>\n<p>                  M. Chelbi a \u00e9voqu\u00e9 une \u00ab\u00a0\u00e9tape historique\u00a0\u00bb r\u00e9ussie de la                   modernisation du tissu industriel, r\u00e9alis\u00e9e avec l&rsquo;appui de                   l&rsquo;UE, et durant laquelle la Tunisie a gagn\u00e9 un point de                   croissance en moyenne par an<span dir=\"rtl\" lang=\"AR-SA\">.<\/span><\/p>\n<p> <span dir=\"rtl\" lang=\"AR-SA\">                  \u00a0<\/span><\/p>\n<p>                  Ce succ\u00e8s est illustr\u00e9 par \u00ab\u00a0la performance\u00a0\u00bb de deux secteurs                   cl\u00e9s de l&rsquo;\u00e9conomie tunisienne, le textile et les industries                   m\u00e9caniques et \u00e9lectriques<span dir=\"rtl\" lang=\"AR-SA\">.<\/span><\/p>\n<p> <span dir=\"rtl\" lang=\"AR-SA\">                  \u00a0<\/span><\/p>\n<p>                  Les exportations textiles sont pass\u00e9s de 2 milliards de dinars                   \u00e0 plus de 5 milliards en 2007, alors que les recettes du                   secteur m\u00e9canique-\u00e9lectronique ont augment\u00e9 de 100% pour                   atteindre 5,2 milliards en 2007 (1 dinar = 0,6 euro)<span dir=\"rtl\" lang=\"AR-SA\">.<\/span><\/p>\n<p> <span dir=\"rtl\" lang=\"AR-SA\">                  \u00a0<\/span><\/p>\n<p>                  Globalement, la Tunisie a quadrupl\u00e9 la valeur de ses ventes en                   Europe (4 milliards de dinars) alors l&rsquo;importation de produits                   communautaires a tripl\u00e9, soit un taux de couverture de plus de                   98% en 2007, selon M. Chelbi<span dir=\"rtl\" lang=\"AR-SA\">.<\/span><\/p>\n<p> <span dir=\"rtl\" lang=\"AR-SA\">                  \u00a0<\/span><\/p>\n<p>                  Le volume des investissements directs \u00e9trangers s&rsquo;est                   multipli\u00e9 par sept, le nombre d&rsquo;entreprises cr\u00e9\u00e9es en                   partenariat avec l&rsquo;Europe est pass\u00e9 de 40 \u00e0 160 par an, plus                   de 2.000 unit\u00e9s europ\u00e9ennes op\u00e8rent actuellement en Tunisie<span dir=\"rtl\" lang=\"AR-SA\">.<\/span><\/p>\n<p> <span dir=\"rtl\" lang=\"AR-SA\">                  \u00a0<\/span><\/p>\n<p>                  La concurrence asiatique et les co\u00fbts \u00e9lev\u00e9s de production en                   Europe ont attir\u00e9 plus d&rsquo;entreprises en d\u00e9localisation, \u00ab\u00a0la                   qualit\u00e9 et les courts d\u00e9lais\u00a0\u00bb avantageant la Tunisie,                   g\u00e9ographiquement proche de l&rsquo;UE, a-t-il affirm\u00e9<span dir=\"rtl\" lang=\"AR-SA\">.<\/span><\/p>\n<p> <span dir=\"rtl\" lang=\"AR-SA\">                  \u00a0<\/span><\/p>\n<p>                  La Tunisie ambitionne de doubler l&rsquo;investissement europ\u00e9en                   d&rsquo;ici                  <span dir=\"rtl\" lang=\"AR-SA\">                  2011<\/span><span lang=\"AR-SA\"> <\/span>soit 2 milliards de dinars, dont 800 millions dans                   l&rsquo;industrie<span dir=\"rtl\" lang=\"AR-SA\">.<\/span><\/p>\n<p> <span dir=\"rtl\" lang=\"AR-SA\">                  \u00a0<\/span><\/p>\n<p> <span dir=\"rtl\" lang=\"AR-SA\">                  \u00a0<\/span><\/p>\n<p>                  Les droits de douane supprim\u00e9s seront remplac\u00e9s par des taxes                   locales, les prix des biens import\u00e9s de l&rsquo;UE seront maintenus                   au m\u00eame niveau pour les consommateurs tunisiens<span dir=\"rtl\" lang=\"AR-SA\">.<\/span><\/p>\n<p> <span dir=\"rtl\" lang=\"AR-SA\">                  \u00a0<\/span><\/p>\n<p>                  Les produits tunisiens ont un acc\u00e8s libre au march\u00e9                   communautaire depuis 1989 et l&rsquo;UE a engag\u00e9 946 millions                   d&rsquo;euros pour l&rsquo;accompagnement du processus tunisien entre                   2002-2006<span dir=\"rtl\" lang=\"AR-SA\">.<\/span><\/p>\n<p> <span dir=\"rtl\" lang=\"AR-SA\">                  \u00a0<\/span><\/p>\n<p>                  Le ministre du Commerce a annonc\u00e9 le d\u00e9marrage de n\u00e9gociations                   avec l&rsquo;UE sur la lib\u00e9ralisation sur l&rsquo;agriculture et les                   services en pr\u00e9lude au libre-\u00e9change int\u00e9gral en 2012<span dir=\"rtl\" lang=\"AR-SA\">.<\/span><\/p>\n<\/div>\n<p> <\/span><\/span><\/font> <span lang=\"EN-GB\"> <\/span><\/div>\n<div>\n<hr\/><\/div>\n<p> <\/span>  <\/p>\n<p align=\"center\"> <b> <span lang=\"FR-CH\">              Ben Ali veut-il vraiment faire respecter les droits de l\u2019homme en               Tunisie\u00a0?<\/span><\/b><span lang=\"FR-CH\"> <b><span>Interview de Souhayr Belhassen,               pr\u00e9sidente de la F\u00e9d\u00e9ration internationale des droits de l\u2019homme<\/span><\/b><\/span><\/p>\n<p> <span lang=\"FR-CH\">              \u00a0<\/span><\/p>\n<p> <b> <span lang=\"FR-CH\">              \u00a0par Awa Traor\u00e9<\/span><\/b><span lang=\"FR-CH\">                              Le pr\u00e9sident tunisien a d\u00e9clar\u00e9 la semaine pass\u00e9e qu\u2019il d\u00e9sirait               promouvoir les droits humains dans son pays. Souhayr Belhassen, \u00e0               la t\u00eate de la F\u00e9d\u00e9ration internationale des droits de l\u2019homme,               craint \u00ab\u00a0un effet d\u2019annonce\u00a0\u00bb. Pr\u00e9cisions de cette militante               tunisienne, qui revient \u00e9galement sur les droits de l\u2019homme en               Afrique.<\/span><\/p>\n<p> <span lang=\"FR-CH\">              \u00a0\u00ab\u00a0Nous nous proposons d\u2019\u0153uvrer \u00e0 d\u00e9velopper davantage le syst\u00e8me               des droits de l\u2019Homme et des libert\u00e9s fondamentales dans notre               pays afin de conforter nos choix nationaux en la mati\u00e8re\u00a0\u00bb, a               d\u00e9clar\u00e9 le chef de l\u2019Etat tunisien Zine El Abidine Ben Ali jeudi               dernier, alors qu\u2019il recevait les v\u0153ux du corps diplomatique.               Est-ce le d\u00e9but d\u2019une \u00e8re nouvelle dans le pays maghr\u00e9bin,               r\u00e9guli\u00e8rement \u00e9pingl\u00e9 pour non respect des droits humains\u00a0? <\/span> <span> <a href=\"http:\/\/www.afrik.com\/article11630.html\" target=\"_blank\" rel=\"noopener\"> <span lang=\"FR-CH\">Souhayr Belhassen<\/span><\/a><\/span><span lang=\"FR-CH\">               le voudrait bien, mais elle en doute. La pr\u00e9sidente de la               F\u00e9d\u00e9ration internationale des droits de l\u2019homme (FIDH),               interview\u00e9e lundi, explique \u00e0 <i>Afrik<\/i> pourquoi. La               vice-pr\u00e9sidente de la Ligue tunisienne des droits de l\u2019homme               revient \u00e9galement sur deux de ses priorit\u00e9s de sa mandature\u00a0:               l\u2019\u00e9galit\u00e9 des sexes et la protection du droit des migrants.<\/span><\/p>\n<p>              \u00a0<\/p>\n<p> <b> <span lang=\"FR-CH\">              Afrik.com\u00a0: Que pensez-vous de l\u2019annonce du pr\u00e9sident tunisien de               prendre des mesures institutionnelles en faveur de la promotion de               droits de l\u2019homme\u00a0?                Souhayr Belhassen\u00a0:<\/span><\/b><span lang=\"FR-CH\">               Je voudrais dire que c\u2019est un signe positif, mais je crains fort               que ce ne soit qu\u2019un effet d\u2019annonce car de telles annonces ont               d\u00e9j\u00e0 \u00e9t\u00e9 faites \u00e0 plusieurs reprises. Cette fois, ce qui est               nouveau, c\u2019est qu\u2019il parle de donner plus d\u2019autonomie et de               pouvoir au Comit\u00e9 sup\u00e9rieur des droits de l\u2019Homme et des libert\u00e9s               fondamentales qui, on le sait, est le genre d\u2019institutions               nationales qui sont l\u00e0 pour soigner l\u2019image ext\u00e9rieure d\u2019un pays.               Il serait question que le Comit\u00e9 puisse d\u00e9sormais visiter les               prisons, recueillir les plaintes\u2026 une t\u00e2che que remplissait la               soci\u00e9t\u00e9 civile \u00e0 travers la Ligue tunisienne des droits de l\u2019homme               \u2013 emp\u00each\u00e9e de travailler depuis deux puisqu\u2019elle ne peut tenir son               congr\u00e8s. Je crains que la mesure du pr\u00e9sident ne serve qu\u2019\u00e0               retirer de fa\u00e7on formelle le r\u00f4le jou\u00e9 par la Ligue tunisienne. Je               crains par ailleurs que l\u2019annonce du pr\u00e9sident ne soit une fa\u00e7on               pour lui de pr\u00e9parer le passage devant le Conseil des droits de               l\u2019homme des Nations Unies en avril et la prochaine visite du               pr\u00e9sident fran\u00e7ais Nicolas Sarkozy.<\/span><\/p>\n<p>              \u00a0<\/p>\n<p> <b> <span lang=\"FR-CH\">              Afrik.com\u00a0: O\u00f9 en sont les droits de l\u2019homme en Tunisie\u00a0?                Souhayr Belhassen\u00a0:<\/span><\/b><span lang=\"FR-CH\">               Nous sommes le 28 janvier. Le proc\u00e8s dit de Soliman passe demain               en appel. En premi\u00e8re instance, deux islamo-terroristes qui               avaient mont\u00e9 le coup d\u2019Etat de janvier dernier ont \u00e9t\u00e9 condamn\u00e9s               \u00e0 la peine de mort. C\u2019est une premi\u00e8re et nous craignons que cette               peine ne soit appliqu\u00e9e. Nous avons envoy\u00e9 un avocat-observateur               au nom de la FIDH et du barreau de Paris pour assister au proc\u00e8s               en appel, qui a \u00e9t\u00e9 mis en place avec une rapidit\u00e9 incroyable\u00a0:               dix jours apr\u00e8s la condamnation. Par ailleurs, des \u00e9tudiants               (syndicalistes, ndlr) ont \u00e9t\u00e9 arr\u00eat\u00e9s il y a une dizaine de jours               \u00e0 Tunis mais aussi \u00e0 Sousse, une ville c\u00f4ti\u00e8re. Des cas de torture               sont aussi rapport\u00e9s.<\/span><\/p>\n<p>              \u00a0<\/p>\n<p> <b> <span lang=\"FR-CH\">              Afrik.com\u00a0: La cr\u00e9ation du <\/span> <span> <a href=\"http:\/\/www.afrik.com\/article13370.html\" target=\"_blank\" rel=\"noopener\"> <span lang=\"FR-CH\">premier syndicat des journalistes tunisiens<\/span><\/a><\/span><span lang=\"FR-CH\">               est-elle une bonne nouvelle pour la libert\u00e9 de la presse\u00a0?                Souhayr Belhassen\u00a0:<\/span><\/b><span lang=\"FR-CH\">               Nous l\u2019avons encourag\u00e9 car il est ind\u00e9pendant. Mais vu               l\u2019environnement r\u00e9pressif et ferm\u00e9, il lui sera difficile d\u2019agir.               Il faut vraiment \u00eatre solide pour lutter contre la censure. Les               journalistes qui ont form\u00e9 ce syndicat sont jeunes\u2026 Mais j\u2019attends               de voir ce qu\u2019il en est pour juger sur pi\u00e8ce.<\/span><\/p>\n<p>              \u00a0<\/p>\n<p> <b> <span lang=\"FR-CH\">              Afrik.com\u00a0: Que pr\u00f4ne la FIDH pour faire respecter les droits de               l\u2019homme en Tunisie\u00a0?                Souhayr Belhassen\u00a0:<\/span><\/b><span lang=\"FR-CH\">               Qu\u2019on lib\u00e8re les activit\u00e9s de la Ligue tunisienne des droits de               l\u2019homme &#8211; qui fait l\u2019objet de 33 proc\u00e8s &#8211; qu\u2019elle puisse tenir son               congr\u00e8s, qu\u2019elle puisse fonctionner normalement. Nous demandons la               reconnaissance et la libert\u00e9 d\u2019exercer du Conseil national des               libert\u00e9s de Tunisie, qui fait un travail extraordinaire depuis dix               ans, de l\u2019Association contre la torture, de l\u2019Association des               prisoniers politiques et de toutes les autres associations de               terrain ind\u00e9pendantes. Nous demandons \u00e9galement que les partis               reconnus puissent si\u00e9ger au parlement.<\/span><\/p>\n<p>              \u00a0<\/p>\n<p> <b> <span lang=\"FR-CH\">              Afrik.com\u00a0: L\u2019un de vos principaux combats est l\u2019\u00e9galit\u00e9 des               sexes\u2026                Souhayr Belhassen\u00a0:<\/span><\/b><span lang=\"FR-CH\">               Nous sommes \u00e0 la veille d\u2019une r\u00e9union importante au niveau               international. La question de la femme est prioritaire et je               souhaite porter cette revendication issue de nos organisations               membres. Il faut qu\u2019on puisse au niveau africain et arabe qu\u2019on               puisse poser la question de la femme sans la pollution qui               l\u2019entoure, notamment au niveau culturel. Les droits de la femme               sont universels et doivent \u00eatre respect\u00e9s. Il s\u2019agit du droit pour               le droit. Nous menons dans le monde une grande campagne pour               obtenir l\u2019application de la Convention des Nations unies sur               l\u2019\u00e9limination des discriminations \u00e0 l\u2019\u00e9gard des femmes (Cedaw).               Les r\u00e9gimes arabes qui l\u2019ont ratifi\u00e9e l\u2019ont pratiquement vid\u00e9e de               son sens. Nous encourageons les associations de femmes \u00e0 approcher               les gouvernements et les parlementaires afin de faire respecter la               Cedaw.<\/span><\/p>\n<p>              \u00a0<\/p>\n<p> <b> <span lang=\"FR-CH\">              Afrik.com\u00a0: Une autre de vos priorit\u00e9s est la protection des               droits des migrants\u2026                Souhayr Belhassen\u00a0:<\/span><\/b><span lang=\"FR-CH\">               Avec nos 155 ligues dans une centaine de pays, nous avons des               partenariats Nord-Sud, Sud-Nord, Sud-Sud. Entre le Sud du Sahara               et la Libye, nous voyons comment r\u00e9guler les flux migratoires.               Nous r\u00e9fl\u00e9chissons, nous enqu\u00eatons, nous d\u00e9non\u00e7ons, \u00e9laborons des               plaidoyers. Lors d\u2019un s\u00e9minaire \u00e0 Doha (Qatar, ndlr) sur l\u2019Asie et               les pays du Golfe, nous avons analys\u00e9 et \u00e9labor\u00e9 des               recommandations pour que les pays \u00e9metteurs et r\u00e9cepteurs de               migrants s\u2019organisent au nouveau social et \u00e9conomique, entre               autres pour emp\u00eacher l\u2019esclavage moderne.<\/span><\/p>\n<p>              \u00a0<\/p>\n<p> <b> <span lang=\"FR-CH\">              Afrik.com\u00a0: En parlant de migrants, la Libye a r\u00e9cemment annonc\u00e9               qu\u2019elle allait <\/span> <span> <a href=\"http:\/\/www.afrik.com\/article13399.html\" target=\"_blank\" rel=\"noopener\"> <span lang=\"FR-CH\">expulser tous les clandestins<\/span><\/a><\/span><span lang=\"FR-CH\">               de son territoire. Quelle est votre position\u00a0?                Souhayr Belhassen\u00a0:<\/span><\/b><span lang=\"FR-CH\">               Nous avons d\u00e9nonc\u00e9 tr\u00e8s s\u00e9rieusement tout \u00e7a. R\u00e9guli\u00e8rement, la               Libye fait ce genre d\u2019annonce et g\u00e9n\u00e9ralement elle renvoie les               Subsahariens, les Maghr\u00e9bins et les Moyen-Orientaux par vagues               enti\u00e8res. Les pays de main-d\u2019\u0153uvre dont les ressortissants sont en               Libye protestent mollement ou craignent de protester parce que               Tripoli exerce un chantage\u00a0: elle fait pression sur les pays               voisins en les mena\u00e7ant de renvoyer leurs ressortissants s\u2019ils               n\u2019agissent pas comme cela lui convient.<\/span><\/p>\n<p>              \u00a0<\/p>\n<p> <b> <span lang=\"FR-CH\">              Afrik.com\u00a0: La mondialisation est aussi l\u2019une de vos               pr\u00e9occupations. Que pensez-vous des <\/span> <span> <a href=\"http:\/\/www.afrik.com\/article13121.html\" target=\"_blank\" rel=\"noopener\"> <span lang=\"FR-CH\">Accords de partenariat \u00e9conomique<\/span><\/a><\/span><span lang=\"FR-CH\">               entre l\u2019Europe et les pays ACP (Afrique, Cara\u00efbe, Pacifique) que               certains chefs d\u2019Etats et <\/span> <span> <a href=\"http:\/\/www.afrik.com\/article13324.html\" target=\"_blank\" rel=\"noopener\"> <span lang=\"FR-CH\">artistes<\/span><\/a><\/span><span lang=\"FR-CH\">               d\u00e9noncent\u00a0?                Souhayr Belhassen\u00a0:<\/span><\/b><span lang=\"FR-CH\">               Il \u00e9tait dans l\u2019int\u00e9r\u00eat de l\u2019Europe et des pays ACP de passer ces               accords. Il est vrai qu\u2019ils fragilisent les \u00e9conomies, qui ne sont               pas assez solides pour affronter les produits europ\u00e9ens. Mais il y               a un b\u00e9mol\u00a0: beaucoup de pays africains n\u2019ont pas install\u00e9 la               bonne gouvernance, n\u2019ont pas lutt\u00e9 contre la corruption, n\u2019ont pas               fait d\u2019efforts et ont profit\u00e9 de l\u2019aide internationale pour               installer un r\u00e9gime corrompu. C\u2019est aussi une constatation qu\u2019il               faut faire. Il n\u2019est donc pas si \u00e9vident que les APE soient               condamnables \u00e0 100%\u00a0: il y a des efforts \u00e0 faire des deux c\u00f4t\u00e9s.<\/span><\/p>\n<p>              \u00a0<\/p>\n<p> <b> <span lang=\"FR-CH\"> <font>(Source\u00a0: \u00ab\u00a0Afrik.com\u00a0\u00bb, le 29 janvier 2008)<\/font><\/span><\/b><\/p>\n<h4 style=\"color: blue;\"> <b>Lien\u00a0: <a href=\"http:\/\/www.afrik.com\/article13486.html\" target=\"_blank\" rel=\"noopener\">              http:\/\/www.afrik.com\/article13486.html<\/a> <\/b><\/h4>\n<hr\/>\n<p><\/font><\/span>  <\/font><\/span><\/font><\/font><\/strong><\/font><\/span><\/div>\n<p> <\/font> <font> <span lang=\"FR-CH\"> <span lang=\"FR\"> <font size=\"3\"> <font> <font size=\"3\"> <span> <span lang=\"FR-CH\"> <\/span><\/span><\/font><\/font><\/font><\/span><\/span><\/font><\/div>\n<p> <\/strong><\/span><\/font> <font> <span lang=\"FR-CH\"> <span lang=\"FR\"> <font size=\"3\"> <font> <font size=\"3\"> <span> <\/span><\/font><\/font><\/font><\/span><\/span><\/font><\/div>\n<p> <\/span><\/font> <\/span><\/span> <font> <span lang=\"FR-CH\"> <span lang=\"FR\"> <font size=\"3\"> <font> <\/font><\/font><\/span><\/span><\/font><\/div>\n<div>\n<p align=\"center\"> <b><span lang=\"FR\">Ben Brick, le         journaliste errant<\/span><\/b><\/p>\n<h5 style=\"color: blue;\"> <font face=\"Arial\">Arab Press Network <\/font><\/h5>\n<p> <span dir=\"rtl\" lang=\"AR-SA\">        \u00a0<\/span><\/p>\n<p> <span lang=\"FR\">        Ecrivain et journaliste tunisien, Ben Brik fait ses premi\u00e8res armes dans         La Presse Soir, un journal gouvernemental. Son ton est jug\u00e9 trop libre         et il n&rsquo;y fera donc pas long feu. Il collaborera ensuite au Maghreb,         hebdomadaire suspendu depuis.<\/span><\/p>\n<p> <span lang=\"FR\">        \u00a0<\/span><\/p>\n<p> <span lang=\"FR\">        Ben Brik<span dir=\"rtl\"> <\/span><\/span> <span lang=\"FR-CH\">        c<\/span><span lang=\"FR\">commence         alors ce qu&rsquo;il appelle son errance journalistique. Ben Brik \u00e9crit dans         divers m\u00e9dias \u00e9trangers et r\u00e9colte au passage des distinctions         internationales et des harc\u00e8lements judiciaires dans son pays.<\/span><\/p>\n<p> <span lang=\"FR\">        \u00a0<\/span><\/p>\n<p> <span lang=\"FR\">        Le 22 janvier dernier, il devait quitter Tunis et se rendre \u00e0 Alger pour         pr\u00e9senter son tout nouveau livre, Je ne partirai pas, paru aux Editions         Chihab en Alg\u00e9rie, mais effectivement il ne partira pas. Pour \u00e9viter un         incident diplomatique, la rencontre litt\u00e9raire, organis\u00e9e par le centre         culturel fran\u00e7ais et la maison d&rsquo;\u00e9dition alg\u00e9rienne, est annul\u00e9e. A         cette occasion, APN a interview\u00e9 cet agitateur qui voudrait \u00eatre le \u00ab         Maradona du journalisme tunisien \u00bb.<\/span><\/p>\n<p> <span lang=\"FR\">\u00a0<\/span><\/p>\n<p> <strong><font face=\"Arial\" size=\"2\">APN : Vous avez r\u00e9cemment d\u00e9clar\u00e9         que l&rsquo;Alg\u00e9rie devenait un duplicata de la Tunisie. Aviez-vous en t\u00eate la         situation de la libert\u00e9 de la presse?<\/font><\/strong><\/p>\n<p> <span lang=\"FR\">Taoufik Ben         Brik : Je pensais \u00e0 la libert\u00e9 tout court. Il \u00e9tait illusoire de penser         que l&rsquo;Alg\u00e9rie puisse devenir un jour un pays libre avec \u00e0 la t\u00eate du         pays un Bouteflika et des g\u00e9n\u00e9raux qui maintiennent le pays sous une         chape de plomb. L&rsquo;Alg\u00e9rie est une contrefa\u00e7on de la Tunisie o\u00f9 au moins         la situation ne pr\u00eate pas \u00e0 ambigu\u00eft\u00e9. Le r\u00e9gime alg\u00e9rien permet par         exemple \u00e0 Al Watan de s&rsquo;exprimer un peu mais d\u00e8s que quelqu&rsquo;un, comme         Mohamed Benchicou, va plus loin, on le met en prison. <\/span><\/p>\n<p> <span lang=\"FR\">Comme dans         tous les pays arabes, la libert\u00e9 n&rsquo;a exist\u00e9 que dans les temps         pr\u00e9islamiques. Je ne dis pas que la religion y soit pour quelque chose         mais je pense que les raisons \u00e0 cela tiennent \u00e0 la g\u00e9ographie plut\u00f4t         qu&rsquo;\u00e0 l&rsquo;histoire. Nous sommes au sud de la libert\u00e9.<\/span><\/p>\n<p> <span lang=\"FR\">\u00a0<\/span><\/p>\n<p> <strong><font face=\"Arial\" size=\"2\">APN : Est-ce en raison du contenu de         votre ouvrage que vous n&rsquo;avez pas pu vous rendre en Alg\u00e9rie ou est-ce         plus votre pass\u00e9 que l&rsquo;on vous reproche?<\/font><\/strong><\/p>\n<p> <span lang=\"FR\">TB : C&rsquo;est         la solidarit\u00e9 entre r\u00e9gimes arabes qui s&rsquo;exprime. Les autorit\u00e9s         tunisiennes ont demand\u00e9 \u00e0 leurs homologues en Alg\u00e9rie de ne pas         autoriser ma venue. Bouteflika a lui-m\u00eame dit que je n&rsquo;\u00e9tais pas le         bienvenu en Alg\u00e9rie.<\/span><\/p>\n<p> <span lang=\"FR\">\u00a0<\/span><\/p>\n<p> <b><span lang=\"FR\">APN :         Dans quels journaux parvenez-vous encore \u00e0 vous exprimer aujourd&rsquo;hui?<\/span><\/b><\/p>\n<p> <span lang=\"FR\">TB : Je suis         un journaliste errant. J&rsquo;\u00e9cris l\u00e0 o\u00f9 je peux dans les colonnes des         journaux qui me permettent d&rsquo;\u00e9crire. Sachant que m\u00eame les journaux         fran\u00e7ais se referment de plus en plus. M\u00eame le directeur de Charlie         Hebdo a dit de moi qu&rsquo;il n&rsquo;aimerait pas \u00eatre mon r\u00e9dacteur en chef. Mes         articles ont \u00e9t\u00e9 publi\u00e9s dans plusieurs journaux fran\u00e7ais mais au bout         d&rsquo;un moment on n&rsquo;en veut plus&#8230; apr\u00e8s tout la Tunisie, qui n&rsquo;a pas de         p\u00e9trole, n&rsquo;est que quantit\u00e9 n\u00e9gligeable en termes g\u00e9opolitiques. Quant \u00e0         la presse panarabe, elle ne veut pas prendre le risque en me publiant         d&rsquo;\u00eatre confront\u00e9e \u00e0 la censure. C&rsquo;est pourquoi j&rsquo;\u00e9cris parfois des         livres mais ils sont interdits en Tunisie. <\/span><\/p>\n<p> <span lang=\"FR\">\u00a0<\/span><\/p>\n<p> <b><span lang=\"FR\">APN :         Comment voyez-vous l&rsquo;\u00e9volution de la situation?<\/span><\/b><\/p>\n<p> <span lang=\"FR\">TB : Je         crois que je vais mourir avant que mes enfants n&rsquo;aient pu vivre un zeste         de libert\u00e9. Je ne suis pas pessimisme mais le plus r\u00e9aliste du monde.<\/span><\/p>\n<p> <span lang=\"FR\">\u00a0<\/span><\/p>\n<p> <b> <span lang=\"FR\">        (Source\u00a0: \u00ab\u00a0Arab Press Network\u00a0\u00bb, le 25 janvier 2008) <\/span><\/b><\/p>\n<hr\/>\n<p> <b><span lang=\"FR\">\u00a0<\/span><\/b><\/p>\n<p align=\"center\"> <b><span lang=\"FR\">\u00abJe ne         partirai pas\u00bb, de l\u2019\u00e9crivain tunisien Taoufik Ben Brick<\/span><\/b><\/p>\n<h4 align=\"center\" style=\"color: blue;\">\n<h2 style=\"color: red;\"><font face=\"Arial\">Un guide iconoclaste du \u00abvrai Tunis\u00bb<\/font><\/h2>\n<\/h4>\n<p> <span lang=\"FR\">\u00a0<\/span><\/p>\n<p> <span lang=\"FR\">\u00abJe ne         partirai pas!\u00bb Taoufik Ben Brick lance, dans son dernier ouvrage paru         r\u00e9cemment \u00e0 Alger, un \u00e9ni\u00e8me d\u00e9fi au r\u00e9gime tunisien. Depuis sa gr\u00e8ve de         la faim en 2000 contre l\u2019arbitraire policier, une main discr\u00e8te le         pousse fermement vers les portes de l\u2019exil. Mais \u00e0 \u00abces villes hostiles,         \u00e0 ces pierres tombales\u00bb que sont Paris ou Le Caire, il pr\u00e9f\u00e8re Tunis,         son Tunis particulier. Et bien qu\u2019il s\u2019y sente \u00abcomme un parrain dans         une prison sicilienne\u00bb, il n\u2019a aucune envie de s\u2019expatrier. <\/span><\/p>\n<p> <span lang=\"FR\">\u00a0<\/span><\/p>\n<p> <span lang=\"FR\">\u00abJe ne         partirai pas \u00bb n\u2019est pas pour autant un pamphlet. C\u2019est un guide         touristique iconoclaste. Tunis s\u2019y \u00e9crit par bribes, en de courts         chapitres qui sont autant de sc\u00e8nes de la vie quotidienne et de r\u00eaves         \u00e9veill\u00e9s que suscitent les noms des rues, des restaurants, des tripots         et des mets. La vieille ville cesse d\u2019\u00eatre une carte postale. Elle         fleure certes le jasmin mais elle empeste aussi les \u00abintestins de         mouton\u00bb, ce plat traditionnel, exquis et malodorant, qu\u2019on d\u00e9guste une         pince \u00e0 linge sur les narines en guise de masque \u00e0 gaz. <\/span><\/p>\n<p> <span lang=\"FR\">\u00a0<\/span><\/p>\n<p> <span lang=\"FR\">Dans le beau         Sidi Bou Said, on boit du mauvais Mornag et, dans les vapeurs de         l\u2019alcool, on lit des romans d\u00e9cadents et on blasph\u00e8me. Les nouveaux         quartiers pauvres, sur les murs desquels on s\u2019\u00e9tonnerait de ne pas voir         affich\u00e9es des consignes de s\u00e9curit\u00e9, ont leur vie secr\u00e8te. Il suffit         pour sentir leur po\u00e9sie d\u00e9liquescente de les arpenter avec l\u2019audace         forc\u00e9e du journaliste. Leurs l\u00e9gendes, n\u00e9es du n\u00e9ant de l\u2019anarchie         urbaine, n&rsquo;en semblent pas moins aussi anciennes que les l\u00e9gendes de         Carthage. <\/span><\/p>\n<p> <span lang=\"FR\">\u00a0<\/span><\/p>\n<p> <span lang=\"FR\">Taoufik Ben         Brick s\u2019attelle ainsi \u00e0 d\u00e9celer le leurre dans la v\u00e9rit\u00e9 et la v\u00e9rit\u00e9         dans le leurre. Le journaliste en lui s\u2019est fait le guide de l\u2019\u00e9crivain.         Il le prom\u00e8ne, l\u2019\u0153il fureteur dans les d\u00e9dales de l\u2019opulence ou de la         mis\u00e8re. Il donne \u00e0 ses envol\u00e9es po\u00e9tiques, enthousiastes ou d\u00e9sesp\u00e9r\u00e9es,         l\u2019\u00e9clat de la r\u00e9alit\u00e9 nue : celle des magasins de l\u2019avenue Bourguiba,         symbole grossier de l\u2019ali\u00e9nation marchande des classes moyennes, ou des         flaques d\u2019eau noire de Hay El Akrad qui, \u00absans les cris des enfants,         serait un parfait goulag\u00bb. <\/span><\/p>\n<p> <span lang=\"FR\">\u00a0<\/span><\/p>\n<p> <span lang=\"FR\">Et lorsque         le journaliste se fait discret, l\u2019\u00e9crivain reprend la libert\u00e9 de son         imaginaire. Tunis devient alors un \u00e9cho litt\u00e9raire d\u2019autres villes         impossibles, Istanbul, Lima ou Kiev, et Taoufik Ben Brick un conteur         nourri de la s\u00e8ve de Nazim Hikmet et de Mario Vargas Llosa. Toutes les         capitales du monde ont leurs magnifiques mirages. On les aime toutes         autant qu\u2019on les m\u00e9prise. <\/span><\/p>\n<p> <span lang=\"FR\">\u00a0<\/span><\/p>\n<p> <b> <span lang=\"FR\">        \u00abTunis carbure \u00e0 l\u2019optipessimissme\u00bb <\/span><\/b><\/p>\n<p> <b> <span lang=\"FR\">        \u00a0<\/span><\/b><\/p>\n<p> <span lang=\"FR\">Dans la         description que fait l\u2019auteur de Tunis, de ses caf\u00e9s, de ses rues, de         ses banlieues cossues ou paum\u00e9es, se glisse une poignante nostalgie. Non         pas celle des temps imm\u00e9moriaux o\u00f9 l\u2019aristocratie citadine cultivait         l\u2019art du raffinement culinaire, mais celle d\u2019un temps plus prosa\u00efque, le         temps des zerdas insouciantes, lorsqu\u2019\u00abil fallait plus de cent ans pour         \u00e9puiser un si\u00e8cle\u00bb. <\/span><\/p>\n<p> <span lang=\"FR\">\u00a0<\/span><\/p>\n<p> <span lang=\"FR\">\u00abLa derni\u00e8re         fiesta \u00e0 Tunis fut un enterrement. Le jour qui se leva sur les invit\u00e9s         du Palais de Carthage n\u2019\u00e9claira que des visages de cire.\u00bb Ce jour-l\u00e0 fut         un 7 novembre 1987, lorsque Zine El Abidine Ben Ali a pris le pouvoir et         entrepris de \u00abmutiler l\u2019organe le plus pr\u00e9cieux des Tunisois, la         langue\u00bb. Depuis, \u00abplus de cris ni de chuchotements, juste des         grognements de muets\u00bb. La dictature a \u00e9clips\u00e9 la Dolce Vita d\u2019antan.         Elle a aussi \u00e9clips\u00e9 les lettres et les arts. Ils ne sont plus qu\u2019un         souvenir d\u2019artistes oubli\u00e9s, alcooliques, comme Salah Khmissi, dont on         ne c\u00e9l\u00e8bre plus la m\u00e9moire que dans les toilettes d\u2019un bar, par un         graffiti anonyme. <\/span><\/p>\n<p> <span lang=\"FR\">\u00a0<\/span><\/p>\n<p> <span lang=\"FR\">Aujourd\u2019hui,         malgr\u00e9 le discours la\u00efciste officiel, \u00ables moqu\u00e9es d\u00e9vorent les bars\u00bb.         La peur de la police envahit les esprits, car \u00abquand on frappe \u00e0 votre         porte \u00e0 6 heures du matin, on sait que ce n\u2019est pas le laitier\u00bb. Mais il         ne faut pas se fier aux apparences, pr\u00e9vient Taoufik Ben Brick: \u00abIl         suffirait d\u2019un rien pour que l\u2019aimable paysage de la place de la Monnaie         devienne un enclos exasp\u00e9r\u00e9 o\u00f9 gronde la foule\u00bb. <\/span><\/p>\n<p> <span lang=\"FR\">\u00a0<\/span><\/p>\n<p> <span lang=\"FR\">Cet \u00e9tat         d\u2019esprit interm\u00e9diaire entre le sommeil et la veille, entre la r\u00e9volte         et la r\u00e9signation est ce que l\u2019auteur appelle l\u2019\u00aboptipessimisme\u00bb. Il est         lui-m\u00eame un optipessimiste. Il vit \u00e0 El Manar, banlieue aseptis\u00e9e, o\u00f9         l\u2019on passe ses journ\u00e9es \u00e0 tondre le gazon et \u00e0 parler de voitures. Il         s\u2019y meurt d\u2019angoisse et d\u2019ennui mais, comme chaque Tunisois, \u00abil garde         mille col\u00e8res disponibles dans son ventre\u00bb et elles l\u2019aident \u00e0 survivre.        <\/span><\/p>\n<p> <span lang=\"FR\">\u00a0<\/span><\/p>\n<p> <b><span lang=\"FR\">\u00a0<\/span><span lang=\"EN-GB\">Yassin         Temlali<\/span><\/b><\/p>\n<p> <span lang=\"FR\">\u00a0<\/span><\/p>\n<p> <b> <span lang=\"FR\">        (Source\u00a0: \u00ab\u00a0Babelmed\u00a0\u00bb, le 28 janvier 2008)<\/span><\/b><\/p>\n<p> <b> <span lang=\"FR\">        Lien\u00a0:<\/span><span lang=\"FR\"> <u><span>        http:\/\/www.babelmed.net\/Pais\/M\u00e9diterran\u00e9e\/\ufffdje_ne.php?c=2383&amp;m=34&amp;l=fr<\/span><\/u><\/span><\/b><\/p>\n<\/div>\n<div>\n<hr\/><\/div>\n<div> <font face=\"Arial\" size=\"2\"> <\/p>\n<h4 align=\"center\" style=\"color: blue;\">\n<h2 style=\"color: red;\"><font>La plume et les ciseaux<\/font><\/h2>\n<\/h4>\n<h5 style=\"color: blue;\"> <span lang=\"DE-CH\"><font>Hmida Ben Romdhane<\/font><\/span><\/h5>\n<p> <span lang=\"DE-CH\">\u00a0<\/span><\/p>\n<p> <span lang=\"DE-CH\">Chers         ami(e)s,<\/span><\/p>\n<p> <span lang=\"DE-CH\">\u00a0<\/span><\/p>\n<p> <span lang=\"FR\">La censure         frappe \u00e0 nouveau au journal La Presse, et cela devient r\u00e9ellement         intenable. Le 17 janvier 08, un article sur la tourn\u00e9e du pr\u00e9sident         am\u00e9ricain au Moyen Orient et au Golfe a \u00e9t\u00e9 censur\u00e9. Il vous a \u00e9t\u00e9         envoy\u00e9 \u00e0 temps et beaucoup d&rsquo;entre vous ont exprim\u00e9 leur \u00e9tonnement et         leur incompr\u00e9hension qu&rsquo;un tel article puisse \u00eatre interdit de parution.         Pour ceux qui n&rsquo;ont pas re\u00e7u cet article intitul\u00e9 \u00ab\u00a0En attendant le         jugement de l&rsquo;histoire\u00a0\u00bb, ils peuvent le consulter ci-dessous dans ce         blog<\/span><span lang=\"FR-CH\">.<\/span><\/p>\n<p> <span lang=\"FR-CH\">\u00a0<\/span><\/p>\n<p> <span lang=\"FR\">Le 26         janvier 08, c&rsquo;\u00e9tait le tour d&rsquo;un autre article de tomber victime des         ciseaux de M. Mohamed Gontara, directeur de La Presse. Cette fois, il ne         s&rsquo;agit pas de Bush, mais d&rsquo;Isra\u00ebl. Cela fait 22 ans que je commente         l&rsquo;actualit\u00e9 internationale au journal La Presse, et jamais on ne m&rsquo;a         fait comprendre que l&rsquo;un ou l&rsquo;autre des mes centaines d&rsquo;articles \u00e9crits         sur la politique isra\u00e9lienne \u00e9tait trop dur pour Isra\u00ebl. L&rsquo;article         censur\u00e9 ne parle m\u00eame pas des crimes, bien r\u00e9els et trop nombreux         d&rsquo;Isra\u00ebl, mais analyse les erreurs historiques de ce pays et son         encouragement dans la pers\u00e9v\u00e9rance dans l&rsquo;erreur par le soutien         syst\u00e9matique prodigu\u00e9 aux diff\u00e9rents gouvernements isra\u00e9liens par les         diff\u00e9rents gouvernements am\u00e9ricains.<\/span><\/p>\n<p> <span lang=\"FR\">\u00a0<\/span><\/p>\n<p> <span lang=\"FR\">Comme vous         le constaterez, en lisant cet article ci-dessous, il n&rsquo;y a ni insultes         ni contre-v\u00e9rit\u00e9, mais de l&rsquo;analyse pure en me basant sur des faits         historiques bien r\u00e9els. Si la critique est jug\u00e9e par certains un peu         incisive, je peux vous assurer qu&rsquo;elle est un peu trop molle par rapport         aux critiques au vitriol sign\u00e9es quotidiennement par des journalistes         isra\u00e9liens contre la politique de leur pays, comme Uri Avnery (dont les         articles peuvent \u00eatre consult\u00e9s au:        <a href=\"http:\/\/www.counterpunch.com\/\" target=\"_blank\" rel=\"noopener\">http:\/\/www.counterpunch.com<\/a> \/         ) ou encore Gideon Levy et Amira Hass (dont les articles acerbes contre         la politique de leur pays peuvent \u00eatre consult\u00e9s au:        <a href=\"http:\/\/www.haaretz.com\/\" target=\"_blank\" rel=\"noopener\">http:\/\/www.haaretz.com<\/a> ). <\/span> <\/p>\n<p> <span lang=\"FR\">\u00a0<\/span><\/p>\n<p> <span lang=\"FR\">D&rsquo;un autre         c\u00f4t\u00e9, des centaines, des milliers peut-\u00eatre, de journalistes am\u00e9ricains,         critiquent de mani\u00e8re cinglante la politique am\u00e9ricaine. Par rapport \u00e0         eux, mes critiques de la politique am\u00e9ricaine sont r\u00e9ellement molles. Il         n&rsquo;y a qu&rsquo;\u00e0 voir ce qu&rsquo;\u00e9crivent William Pfaff, Paul Krugman, Maureen         Dowd, Bob Hertbert, Ron Suskind, Paul Craig Roberts, Jeffrey St. Clair         etc. Googlez leurs noms et vous verrez l&rsquo;extraordinaire f\u00e9rocit\u00e9 avec         laquelle ils commentent les erreurs politiques de l&rsquo;actuelle         administration am\u00e9ricaine. La question qui se pose est : pourquoi, quand         il s&rsquo;agit de commenter la politique isra\u00e9lienne et am\u00e9ricaine, les         journalistes isra\u00e9liens et am\u00e9ricains b\u00e9n\u00e9ficient d&rsquo;une libert\u00e9         substantielle, et nous \u00e0 La Presse, on se voit d\u00e9nier ce droit et cette         libert\u00e9 par un directeur qui persiste \u00e0 vouloir exercer son \u00ab\u00a0pouvoir         r\u00e9galien\u00a0\u00bb?<\/span><\/p>\n<p> <span lang=\"FR\">\u00a0<\/span><\/p>\n<p> <span lang=\"FR\">Il est \u00e0         rappeler ici que M. Gontara est journaliste puisqu&rsquo;il a sa carte         professionnelle qui, par ailleurs, vient de lui \u00eatre renouvel\u00e9e pour         l&rsquo;ann\u00e9e 2008. Mais on ne peut s&#8217;emp\u00eacher de constater que d\u00e8s son         arriv\u00e9e \u00e0 la t\u00eate de La Presse, il a troqu\u00e9 la plume du journaliste         contre les ciseaux du censeur. Quand il a censur\u00e9 mon premier article         (celui-l\u00e0 est le quatri\u00e8me), je suis all\u00e9 m&rsquo;enqu\u00e9rir de la raison.         Brandissant ses ciseaux de censeur, M. Gontara m&rsquo;a r\u00e9pondu en ces         termes: \u201cMoi, Monsieur, j&rsquo;ai un pouvoir r\u00e9galien dans ce journal\u00a0\u00bb.<\/span><\/p>\n<p> <span lang=\"FR\">\u00a0<\/span><\/p>\n<p> <span lang=\"FR\">Moi         personnellement, j&rsquo;aurais fait contre mauvaise fortune bon c\u0153ur et         accepter ce \u00ab\u00a0pouvoir r\u00e9galien\u00a0\u00bb s&rsquo;il \u00e9tait utilis\u00e9 pour le bien du         journal, pour l&rsquo;\u00e9l\u00e9vation de son niveau et l&rsquo;am\u00e9lioration de son         contenu. Mais h\u00e9las, la qualit\u00e9 de notre journal se d\u00e9grade de jour en         jour et je n&rsquo;\u00e9mets l\u00e0 aucun jugement subjectif, mais c&rsquo;est l&rsquo;avis de         tous ceux, et ils sont nombreux, que moi et mes coll\u00e8gues avons entendu         \u00e9valuer La Presse.\u00a0 <\/span><\/p>\n<p> <span lang=\"FR\">\u00a0<\/span><\/p>\n<p> <span lang=\"FR\">M\u00eame dans         les cercles officiels, l&rsquo;\u00e9valuation du contenu et du niveau de notre         journal est n\u00e9gative. Il y a quelques semaines, le ministre de la         communication et des relations avec le parlement, M. Rafaa Dkhil, \u00e9tait         invit\u00e9 \u00e0 une r\u00e9ception organis\u00e9e par La Presse \u00e0 l&rsquo;H\u00f4tel Africa. Dans         l&rsquo;allocution qu&rsquo;il a prononc\u00e9e, le ministre n&rsquo;a pas cach\u00e9 son amertume         face \u00e0 la d\u00e9gradation de la qualit\u00e9 et du niveau de La Presse. Il a         donn\u00e9 l&rsquo;exemple de \u00ab\u00a0la couverture\u00a0\u00bb par La Presse des d\u00e9bats budg\u00e9taires         de d\u00e9cembre dernier \u00e0 l&rsquo;Assembl\u00e9e. <\/span><\/p>\n<p> <span lang=\"FR\">\u00a0<\/span><\/p>\n<p> <span lang=\"FR\">Cette         \u00ab\u00a0couverture\u00a0\u00bb a affirm\u00e9 M.Rafaa Dkhil \u00e9tait d&rsquo;une qualit\u00e9 tr\u00e8s m\u00e9diocre,         loin derri\u00e8re celle de tous les autres journaux de la place. Inutile de         dire que La Presse du lendemain n&rsquo;a reproduit aucune des critiques         \u00e9mises par le ministre \u00e0 l&rsquo;\u00e9gard de notre journal. Pire encore, aucun         journaliste de La Presse n&rsquo;a \u00e9t\u00e9 autoris\u00e9 \u00e0 \u00e9crire un article sur la         r\u00e9ception en l&rsquo;honneur de nos anciens coll\u00e8gues retrait\u00e9s. \u00ab\u00a0Non, je         passe la TAP\u00a0\u00bb, a tranch\u00e9 M.Gontara. <\/span><\/p>\n<p> <span lang=\"FR\">\u00a0<\/span><\/p>\n<p> <span lang=\"FR\">Une         r\u00e9ception organis\u00e9e par notre journal o\u00f9 tous les journalistes de La         Presse \u00e9taient pr\u00e9sents et le directeur d\u00e9cide arbitrairement de publier         une d\u00e9p\u00eache de l&rsquo;Agence Tunis Afrique Presse. C&rsquo;est une honte que les         journalistes de La Presse n&rsquo;ont jamais v\u00e9cue auparavant et n&rsquo;ont         toujours pas dig\u00e9r\u00e9.<\/span><\/p>\n<p> <span lang=\"FR\">\u00a0<\/span><\/p>\n<p>        Chers amis, je vous prend \u00e0 t\u00e9moin de l&rsquo;arbitraire du directeur de La         Presse. Si vous trouvez dans mon article le moindre \u00e9cart, la moindre         phrase censurable, n&rsquo;h\u00e9sitez pas \u00e0 me le faire remarquer. Je compte sur         vous pour l&rsquo;effet boule de neige. Faites suivre l&rsquo;article censur\u00e9 et le         texte qui l&rsquo;accompagne \u00e0 toutes vos connaissances. Je souhaite vivement         que cet article censur\u00e9 soit lu par le maximum de responsables dans ce         pays, non pas par d\u00e9sir vaniteux d&rsquo;\u00eatre lu, mais pour qu&rsquo;ils voient le         niveau absurde et ubuesque que peut atteindre la censure dans notre         journal qui, comme l&rsquo;a dit M. Rafaa Dkhil, aurait d\u00fb \u00eatre la locomotive         qui tire l&rsquo;information vers les hauteurs. Mais h\u00e9las! La Presse continue         de s&rsquo;enfoncer chaque jour un peu plus.<\/p>\n<p> <span lang=\"DE-CH\">\u00a0<\/span><\/p>\n<p> <strong>(*) Hmida Ben Romdhane (Hammam Chatt \u2013 Tunis), Journaliste \u00e0         \u00ab\u00a0La Presse de Tunisie\u00a0\u00bb depuis 1986. Dipl\u00f4me de 3\u00e9me cycle en sciences         politiques \u00e0 la Sorbonne. <\/strong><\/p>\n<p> <span>\u00a0<\/span><\/p>\n<p> <strong>(Source\u00a0: le blog \u00ab\u00a0Aire Libre\u00a0\u00bb du journaliste Hmida Ben         Romdhane, le 27 janvier 2008)<\/strong><\/p>\n<p> <strong>Lien\u00a0:<\/strong> <a href=\"http:\/\/www.lastas.blogspot.com\/\" target=\"_blank\" rel=\"noopener\"> <strong>http:\/\/www.lastas.blogspot.com\/<\/strong><\/a><\/p>\n<p><\/font><\/div>\n<div>\n<hr\/><\/div>\n<p>\u00a0<\/p>\n<p align=\"center\"> <strong><\/p>\n<h2 style=\"color: red;\"><font face=\"Arial\">Courriers de la CEDH \u00e0 un       d\u00e9tenu censur\u00e9s: la Pologne condamn\u00e9e \u00e0 Strasbourg<\/font><\/h2>\n<p><\/strong><\/p>\n<p> <span lang=\"FR\">\u00a0<\/span><\/p>\n<p> <span lang=\"FR\">AFP, le 29       janvier 2009 \u00e0 1<\/span><span dir=\"rtl\" lang=\"AR-SA\">4<\/span><span lang=\"FR\">h<\/span><span dir=\"rtl\" lang=\"AR-SA\">25<\/span><\/p>\n<p> <span lang=\"FR\">\u00a0<\/span><\/p>\n<p> <span lang=\"FR\">STRASBOURG       (Conseil Europe), 29 jan 2008 (AFP) &#8211; La Cour europ\u00e9enne des droits de       l&rsquo;Homme a condamn\u00e9 mardi la Pologne pour avoir censur\u00e9 deux lettres       qu&rsquo;elle avait elle-m\u00eame adress\u00e9es \u00e0 un<\/span><\/p>\n<p> <span lang=\"FR\">d\u00e9tenu.<\/span><\/p>\n<p> <span lang=\"FR\">\u00a0<\/span><\/p>\n<p> <span lang=\"FR\">En d\u00e9tention       provisoire pour des d\u00e9lits criminels pr\u00e9sum\u00e9s, Dariusz Stepniak se       plaignait d&rsquo;avoir re\u00e7u en 2004 deux courriers de la CEDH dont les       enveloppes portaient la mention \u00ab\u00a0censure\u00a0\u00bb. Il d\u00e9non\u00e7ait une violation du       respect du droit \u00e0 la correspondance par les autorit\u00e9s p\u00e9nitentiaires.<\/span><\/p>\n<p> <span lang=\"FR\">\u00a0<\/span><\/p>\n<p> <span lang=\"FR\">La Cour \u00ab\u00a0n&rsquo;a       pas d&rsquo;autre alternative que de penser que les deux lettres ont \u00e9t\u00e9       ouvertes et lues\u00a0\u00bb par autrui, observe l&rsquo;arr\u00eat qui reproche aux autorit\u00e9s       de ne s&rsquo;\u00eatre appuy\u00e9es sur aucun article de la loi polonaise pour justifier       leur \u00ab\u00a0ing\u00e9rence\u00a0\u00bb dans le droit au respect de la correspondance.<\/span><\/p>\n<p> <span lang=\"FR\">\u00a0<\/span><\/p>\n<p> <span lang=\"FR\">Les juges de       Strasbourg ont attribu\u00e9 500 euros au plaignant pour pr\u00e9judice moral.<\/span><\/p>\n<p> <span lang=\"FR\">\u00a0<\/span><\/p>\n<p> <span lang=\"FR\">L&rsquo;article 8 de       la Convention europ\u00e9enne des droits de l&rsquo;Homme indique qu&rsquo;il ne peut y       avoir ing\u00e9rence d&rsquo;une autorit\u00e9 publique dans le respect de la       correspondance \u00ab\u00a0que si elle est n\u00e9cessaire \u00e0 la s\u00e9curit\u00e9 nationale, \u00e0 la       s\u00fbret\u00e9 publique ou \u00e0 la protection des libert\u00e9s d&rsquo;autrui\u00a0\u00bb.<\/span><\/p>\n<p>\u00a0<\/p>\n<p> <span><\/span><\/p>\n<hr\/>\n<p>\u00a0<\/p>\n<h4 align=\"center\" style=\"color: blue;\">\n<h2 style=\"color: red;\"><font face=\"Arial\">Le Portugal rejette les accusations sur       le transfert de d\u00e9tenus \u00e0 Guantanamo<\/font><\/h2>\n<\/h4>\n<p> <span lang=\"FR\">\u00a0<\/span><\/p>\n<p> <span lang=\"FR\">AFP, le 29       janvier 2009 \u00e0 <\/span> <span dir=\"rtl\" lang=\"AR-SA\">      14<\/span><span lang=\"FR-CH\">h<\/span><span dir=\"rtl\" lang=\"AR-SA\">56<\/span><\/p>\n<p> <span lang=\"FR\">\u00a0<\/span><\/p>\n<p> <span lang=\"FR\">LISBONNE, 29       jan 2008 (AFP) &#8211; Le gouvernement portugais a rejet\u00e9 mardi les conclusions       d&rsquo;un rapport d&rsquo;une ONG britannique, selon laquelle le Portugal aurait       contribu\u00e9 au transfert de plus de 700<\/span><\/p>\n<p> <span lang=\"FR\">prisonniers       vers le camp am\u00e9ricain de Guantanamo, \u00e0 Cuba. \u00ab\u00a0Naturellement, nous       rejetons les conclusions de ce rapport\u00a0\u00bb, a d\u00e9clar\u00e9 le secr\u00e9taire d&rsquo;Etat       aux Affaires europ\u00e9ennes Manuel Lobo<\/span><\/p>\n<p> <span lang=\"FR\">Antunes \u00e0       l&rsquo;agence de presse Lusa, dans une premi\u00e8re r\u00e9action du gouvernement au       rapport rendu public mardi par l&rsquo;ONG Reprieve.<\/span><\/p>\n<p> <span lang=\"FR\">728 des 774       prisonniers qui sont pass\u00e9s par le camp de Guantanamo, situ\u00e9 sur l&rsquo;\u00eele de       Cuba, ont transit\u00e9 par le Portugal, indique l&rsquo;ONG, qui dit se fonder sur       des donn\u00e9es officielles portugaises, ainsi que sur des informations du       d\u00e9partement am\u00e9ricain de la D\u00e9fense et des t\u00e9moignages de prisonniers.<\/span><\/p>\n<p> <span lang=\"FR\">\u00ab\u00a0Nous       manifestons notre condamnation, notre rejet et aussi notre indignation\u00a0\u00bb, a       ajout\u00e9 M. Lobo Antunes, soulignant que \u00ab\u00a0le gouvernement portugais a fourni       toutes les informations dont il dispose, en toute transparence\u00a0\u00bb.<\/span><\/p>\n<p> <span lang=\"FR\">\u00ab\u00a0La majorit\u00e9       des cas \u00e9voqu\u00e9s concernent le survol du territoire portugais par des       appareils qui transporteraient &#8211;et cela n&rsquo;a pas \u00e9t\u00e9 prouv\u00e9&#8211; des       d\u00e9tenus\u00a0\u00bb, a-t-il d\u00e9clar\u00e9. \u00ab\u00a0Aucun \u00e9l\u00e9ment n&rsquo;indique que le Portugal a agi       de fa\u00e7on ill\u00e9gale\u00a0\u00bb, a conclu M. Lobo Antunes, se r\u00e9f\u00e9rant aux conclusions       de<\/span><\/p>\n<p> <span lang=\"FR\">la commission       d&rsquo;enqu\u00eate du Parlement europ\u00e9en, qui s&rsquo;est pench\u00e9 sur cette affaire en       d\u00e9cembre 2006.<\/span><\/p>\n<p> <span>\u00a0<\/span><\/p>\n<p> <span>AFP<\/span><\/p>\n<p>\u00a0<\/p>\n<p> <\/font> <\/div>\n<p> <\/span><\/font><\/span><\/font><\/span><\/font> <\/div>\n<hr\/>\n<p align=\"center\">\u00a0<\/p>\n<p align=\"center\"><b><a href=\"http:\/\/www.tunisnews.net\"><span>Home<\/span><span lang=\"FR-CH\"> &#8211; Accueil <\/span><span>&#8211; <\/span><span dir=\"rtl\" lang=\"AR-SA\">\u0627\u0644\u0631\u0626\u064a\u0633\u064a\u0629<\/span><\/a><\/b><\/p>\n<p align=\"center\"><b><span dir=\"rtl\" lang=\"AR-SA\">\u00a0<\/span><\/b><\/p>\n<p><\/body><\/body><\/html><\/p>\n","protected":false},"excerpt":{"rendered":"<p>Home &#8211; Accueil &#8211; TUNISNEWS spp8\u00a0\u00e8me\u00a0ann\u00e9e, N\u00b0 \u00a02806 du 29.01.2008 \u00a0archives : www.tunisnews.net \u00a0 V\u00e9rit\u00e9-Action: Tunisie: Deux ex-prisonniers politiques d\u00e9c\u00e9d\u00e9s en une semaine AISPP: Infos en continu AFP: La Tunisie en libre-\u00e9change avec l&rsquo;Europe pour les produits industriels Afrik.com: Ben Ali veut-il vraiment faire respecter les droits de l\u2019homme en Tunisie ?\u00a0 Interview de Souhayr [&hellip;]<\/p>\n","protected":false},"author":1,"featured_media":22040,"comment_status":"open","ping_status":"open","sticky":false,"template":"","format":"standard","meta":{"inline_featured_image":false,"site-sidebar-layout":"default","site-content-layout":"","ast-site-content-layout":"default","site-content-style":"default","site-sidebar-style":"default","ast-global-header-display":"","ast-banner-title-visibility":"","ast-main-header-display":"","ast-hfb-above-header-display":"","ast-hfb-below-header-display":"","ast-hfb-mobile-header-display":"","site-post-title":"","ast-breadcrumbs-content":"","ast-featured-img":"","footer-sml-layout":"","ast-disable-related-posts":"","theme-transparent-header-meta":"","adv-header-id-meta":"","stick-header-meta":"","header-above-stick-meta":"","header-main-stick-meta":"","header-below-stick-meta":"","astra-migrate-meta-layouts":"default","ast-page-background-enabled":"default","ast-page-background-meta":{"desktop":{"background-color":"","background-image":"","background-repeat":"repeat","background-position":"center center","background-size":"auto","background-attachment":"scroll","background-type":"","background-media":"","overlay-type":"","overlay-color":"","overlay-opacity":"","overlay-gradient":""},"tablet":{"background-color":"","background-image":"","background-repeat":"repeat","background-position":"center center","background-size":"auto","background-attachment":"scroll","background-type":"","background-media":"","overlay-type":"","overlay-color":"","overlay-opacity":"","overlay-gradient":""},"mobile":{"background-color":"","background-image":"","background-repeat":"repeat","background-position":"center center","background-size":"auto","background-attachment":"scroll","background-type":"","background-media":"","overlay-type":"","overlay-color":"","overlay-opacity":"","overlay-gradient":""}},"ast-content-background-meta":{"desktop":{"background-color":"var(--ast-global-color-5)","background-image":"","background-repeat":"repeat","background-position":"center center","background-size":"auto","background-attachment":"scroll","background-type":"","background-media":"","overlay-type":"","overlay-color":"","overlay-opacity":"","overlay-gradient":""},"tablet":{"background-color":"var(--ast-global-color-5)","background-image":"","background-repeat":"repeat","background-position":"center center","background-size":"auto","background-attachment":"scroll","background-type":"","background-media":"","overlay-type":"","overlay-color":"","overlay-opacity":"","overlay-gradient":""},"mobile":{"background-color":"var(--ast-global-color-5)","background-image":"","background-repeat":"repeat","background-position":"center center","background-size":"auto","background-attachment":"scroll","background-type":"","background-media":"","overlay-type":"","overlay-color":"","overlay-opacity":"","overlay-gradient":""}},"footnotes":""},"categories":[],"tags":[53,39,29],"class_list":["post-18273","post","type-post","status-publish","format-standard","has-post-thumbnail","hentry","tag-53","tag-39","tag-fr"],"_links":{"self":[{"href":"https:\/\/tunisnews.net\/ar\/wp-json\/wp\/v2\/posts\/18273","targetHints":{"allow":["GET"]}}],"collection":[{"href":"https:\/\/tunisnews.net\/ar\/wp-json\/wp\/v2\/posts"}],"about":[{"href":"https:\/\/tunisnews.net\/ar\/wp-json\/wp\/v2\/types\/post"}],"author":[{"embeddable":true,"href":"https:\/\/tunisnews.net\/ar\/wp-json\/wp\/v2\/users\/1"}],"replies":[{"embeddable":true,"href":"https:\/\/tunisnews.net\/ar\/wp-json\/wp\/v2\/comments?post=18273"}],"version-history":[{"count":0,"href":"https:\/\/tunisnews.net\/ar\/wp-json\/wp\/v2\/posts\/18273\/revisions"}],"wp:featuredmedia":[{"embeddable":true,"href":"https:\/\/tunisnews.net\/ar\/wp-json\/wp\/v2\/media\/22040"}],"wp:attachment":[{"href":"https:\/\/tunisnews.net\/ar\/wp-json\/wp\/v2\/media?parent=18273"}],"wp:term":[{"taxonomy":"category","embeddable":true,"href":"https:\/\/tunisnews.net\/ar\/wp-json\/wp\/v2\/categories?post=18273"},{"taxonomy":"post_tag","embeddable":true,"href":"https:\/\/tunisnews.net\/ar\/wp-json\/wp\/v2\/tags?post=18273"}],"curies":[{"name":"wp","href":"https:\/\/api.w.org\/{rel}","templated":true}]}}