{"id":18271,"date":"2008-10-07T00:00:00","date_gmt":"2008-10-07T00:00:00","guid":{"rendered":"https:\/\/tunisnews.net\/7-octobre-2008\/"},"modified":"2008-10-07T00:00:00","modified_gmt":"2008-10-07T00:00:00","slug":"7-octobre-2008","status":"publish","type":"post","link":"https:\/\/tunisnews.net\/ar\/7-octobre-2008\/","title":{"rendered":"7 octobre 2008"},"content":{"rendered":"<p><html><head><meta content=\"text\/html\" description=\"Suite aux \n  all\u00e9gations publi\u00e9es par votre agence le 19 septembre 2008 sous le titre \u00ab \n  L\u2019antiterrorisme favorise la mont\u00e9e de l\u2019islamisme \u00bb, nous vous prions de \n  porter les pr\u00e9cisions suivantes \u00e0 la connaissance de vos lecteurs :\" http-equiv=\"Content-Type\"\/><\/head><body><body><\/p>\n<p align=\"center\" dir=\"ltr\"><font face=\"Arial\" size=\"2\"><b><a href=\"http:\/\/www.tunisnews.net\/\"><span>Home<\/span><span lang=\"FR-CH\"> &#8211; Accueil <\/span><\/a><\/b><\/font><\/p>\n<p><font face=\"Arial\" size=\"2\"><font><span lang=\"FR\"><\/p>\n<div align=\"center\" dir=\"ltr\"> <font face=\"Arial\" size=\"2\"> <span lang=\"SV\"> <strong>TUNISNEWS<\/strong><\/span> <\/font><\/div>\n<div align=\"center\" dir=\"ltr\"> <font> <\/p>\n<div> <font face=\"Arial\" size=\"2\"><strong>8\u00a0\u00e8me ann\u00e9e, <span lang=\"FR\">N\u00b0\u00a03059 du     07.10.2008 <\/span><\/strong><\/font> <\/div>\n<p> <\/font><\/div>\n<div align=\"center\" dir=\"ltr\"> <span> <font face=\"Arial\"><font size=\"2\"><strong> <font>\u00a0archives<\/font> : <\/strong><\/font><\/font> <a target=\"_blank\" rel=\"noopener\"><font face=\"Arial\" size=\"2\"><strong>  www.tunisnews.net<\/strong><\/font><\/a><\/span><font face=\"Arial\" size=\"2\"><font>\u00a0<\/font>\u00a0<\/font><\/div>\n<p dir=\"ltr\">\u00a0<\/p>\n<p><font><\/p>\n<div>\n<hr\/>\n<\/div>\n<div> <font><strong><\/p>\n<p><font>InfoSud:Tunis r\u00e9agit \u00e0   l\u2019interview d\u2019Infosud avec Radhia Nasraoui   <font>Xinhua: Tunisie : une cellule de veille \u00e0 la BCT pour   pr\u00e9server les acquis \u00e9conomiques    <\/font>AFP: Crise financi\u00e8re: la BAD pr\u00e9occup\u00e9e par l&rsquo;impact \u00e9conomique en   Afrique    <font>Le Temps: Crise : prenons-en conscience&#8230;<\/font>   Le Temps: Affaire Tarek Dhiab &#8211; La d\u00e9fense rejette toute tentative de   corruption arguant que son client est un musulman pratiquant<\/font><\/p>\n<p><\/strong> <\/font><\/div>\n<p><\/font><\/p>\n<p><font size=\"2\"><span lang=\"FR-CH\"><font size=\"3\"><\/p>\n<div> <strong><\/p>\n<hr\/>\n<p><\/strong><\/div>\n<div align=\"center\"> <font size=\"2\"><strong><\/p>\n<h2 style=\"color: red;\"><font><font size=\"3\">Visitez la page de   Ahmed N\u00e9jib CHEBBI<\/font> <\/font><\/h2>\n<p><\/strong>Sur le r\u00e9seau Face Book en cliquant sur le lien suivant      <\/font><a href=\"http:\/\/www.facebook.com\/pages\/Ahmed-Nejib-CHEBBI\/30179433180\" target=\"_blank\" rel=\"noopener\"> <strong><font size=\"2\">  http:\/\/www.facebook.com\/pages\/Ahmed-Nejib-CHEBBI\/30179433180<\/font><\/strong><\/a><\/div>\n<div>  \u00a0<\/div>\n<p><\/font><\/span><\/font><\/p>\n<div>\n<hr\/>\n<\/div>\n<div align=\"center\">\n<p align=\"center\"><span lang=\"FR-CH\"><strong> <\/p>\n<h2 style=\"color: red;\"><font size=\"3\">Tunis r\u00e9agit \u00e0 l\u2019interview d\u2019Infosud avec   Radhia Nasraoui<\/font><\/h2>\n<p><\/strong><\/span><\/p>\n<p align=\"left\"> <span lang=\"FR-CH\">Nous publions ci-dessous la r\u00e9action de   l\u2019ambassadeur de Tunisie \u00e0 notre interview \u00e0 Radhia Nasraoui,   \u00ab\u00a0L\u2019antiterrorisme favorise a mont\u00e9e de l\u2019islamisme\u00a0\u00bb (voir ci-dessous)\u00a0:<\/span><\/p>\n<p align=\"left\"><b> <span lang=\"FR-CH\">Monsieur le   Directeur,<\/span><\/b><\/p>\n<p align=\"justify\" dir=\"ltr\"> <span lang=\"FR-CH\">Suite aux   all\u00e9gations publi\u00e9es par votre agence le 19 septembre 2008 sous le titre \u00ab   L\u2019antiterrorisme favorise la mont\u00e9e de l\u2019islamisme \u00bb, nous vous prions de   porter les pr\u00e9cisions suivantes \u00e0 la connaissance de vos lecteurs :<\/span><\/p>\n<p align=\"justify\" dir=\"ltr\"> <span lang=\"FR-CH\">1-Me Nasraoui   pr\u00e9tend que la loi du 10 d\u00e9cembre 2003 relative au soutien des efforts   internationaux de lutte contre le terrorisme et \u00e0 la r\u00e9pression du blanchiment   d\u2019argent \u00ab permet d\u2019emprisonner les gens sans qu\u2019il n\u2019y ait des charges contre   eux \u00bb et que \u00ab les autorit\u00e9s peuvent accuser n\u2019importe qui d\u2019appartenance aux   r\u00e9seaux terroristes sans preuves \u00bb.<\/span><\/p>\n<p align=\"justify\" dir=\"ltr\"> <span lang=\"FR-CH\">Or, il n\u2019en est   rien et de telles all\u00e9gations sont d\u00e9pourvues de tout fondement juridique. En   effet, la loi du 10 d\u00e9cembre 2003 portant soutien aux efforts internationaux   de lutte contre le terrorisme et \u00e0 la r\u00e9pression du blanchiment d\u2019argent ne   pr\u00e9voit aucune disposition d\u00e9rogatoire au r\u00e9gime normal de la preuve en   mati\u00e8re p\u00e9nale qui demeure r\u00e9gi par le code de proc\u00e9dure p\u00e9nale. De m\u00eame, la   loi de 2003 ne contient aucune disposition permettant \u00ab d\u2019emprisonner les gens   sans qu\u2019il n\u2019y ait des charges contre eux \u00bb.<\/span><\/p>\n<p align=\"justify\" dir=\"ltr\"> <span lang=\"FR-CH\">En effet, cette   loi ne porte aucunement atteinte aux garanties fondamentales dont jouissent   les pr\u00e9venus. Il ne s\u2019agit ni d\u2019une loi d\u2019exception ni d\u2019une loi d\u00e9rogatoire   aux principes fondamentaux du respect de la libert\u00e9 et de la dignit\u00e9 des   personnes, \u00e9tant donn\u00e9 qu\u2019elle est en parfaite conformit\u00e9 avec l\u2019article 12 de   la Constitution tunisienne qui \u00ab interdit de soumettre quiconque \u00e0 une garde \u00e0   vue ou \u00e0 une d\u00e9tention arbitraire \u00bb et dispose express\u00e9ment que \u00ab la garde \u00e0   vue est soumise au contr\u00f4le judiciaire \u00bb et qu\u2019il \u00ab ne peut \u00eatre proc\u00e9d\u00e9 \u00e0 la   d\u00e9tention pr\u00e9ventive que sur ordre juridictionnel \u00bb.<\/span><\/p>\n<p align=\"justify\" dir=\"ltr\"> <span lang=\"FR-CH\">Par ailleurs,   et contrairement \u00e0 ce qui a \u00e9t\u00e9 all\u00e9gu\u00e9 par Me Nasraoui, la garde \u00e0 vue des   personnes impliqu\u00e9es dans des crimes terroristes ne rel\u00e8ve pas de la loi du 10   d\u00e9cembre 2003 mais du code de proc\u00e9dure p\u00e9nale, qui ne pr\u00e9voit aucune   disposition d\u00e9rogatoire au droit commun pour les infractions terroristes. En   plus, l\u2019article 13 bis dudit code pr\u00e9voit toute une s\u00e9rie de garanties qui   cantonnent la garde \u00e0 vue dans des limites tr\u00e8s strictes (dur\u00e9e limit\u00e9e \u00e0   trois jours qui ne peut \u00eatre prorog\u00e9e qu\u2019une seule fois pour une dur\u00e9e   n\u2019exc\u00e9dant pas trois jours sur autorisation \u00e9crite et motiv\u00e9e du procureur de   la R\u00e9publique, obligation de faire mention de la garde \u00e0 vue dans un registre   sp\u00e9cial soumis au contr\u00f4le de la justice, obligation d\u2019informer imm\u00e9diatement   les membres de la famille de la personne gard\u00e9e \u00e0 vue, droit de la personne   gard\u00e9e \u00e0 vue de demander \u00e0 \u00eatre soumise \u00e0 un examen m\u00e9dical\u2026).<\/span><\/p>\n<p align=\"justify\" dir=\"ltr\"> <span lang=\"FR-CH\">2-Me Nasraoui   affirme, par ailleurs, que la loi du 10 d\u00e9cembre 2003 \u00ab viole les principes   \u00e9l\u00e9mentaires permettant d\u2019assurer des proc\u00e8s \u00e9quitables \u00bb. Cette affirmation   est enti\u00e8rement fausse. En effet :<\/span><\/p>\n<p align=\"justify\" dir=\"ltr\"> <span lang=\"FR-CH\">&#8211; La loi   tunisienne du 10 d\u00e9cembre 2003, contrairement aux l\u00e9gislations en vigueur dans   d\u2019autres pays, n\u2019a pas institu\u00e9 de d\u00e9lais de garde \u00e0 vue ou de d\u00e9tention   pr\u00e9ventive d\u00e9rogatoires aux d\u00e9lais applicables aux crimes autres que les   crimes terroristes.<\/span><\/p>\n<p align=\"justify\" dir=\"ltr\"> <span lang=\"FR-CH\">&#8211; De m\u00eame,   cette loi n\u2019a pas institu\u00e9 de tribunaux d\u2019exception et a conf\u00e9r\u00e9 la comp\u00e9tence   pour juger les crimes terroristes aux tribunaux de droit commun.<\/span><\/p>\n<p align=\"justify\" dir=\"ltr\"> <span lang=\"FR-CH\">&#8211; Conform\u00e9ment   \u00e0 cette loi, l\u2019assistance d\u2019un avocat est obligatoire. Les personnes   poursuivies pour infractions terroristes jouissent de ce droit.<\/span><\/p>\n<p align=\"justify\" dir=\"ltr\"> <span lang=\"FR-CH\">&#8211; La tenue   d\u2019audiences publiques est \u00e9galement un principe fondamental qui n\u2019a pas \u00e9t\u00e9   touch\u00e9 par la loi du 10 d\u00e9cembre 2003.<\/span><\/p>\n<p align=\"justify\" dir=\"ltr\"> <span lang=\"FR-CH\">&#8211; Les proc\u00e8s   des crimes terroristes sont des proc\u00e8s contradictoires permettant de discuter   les \u00e9l\u00e9ments \u00e0 charge et \u00e0 d\u00e9charge.<\/span><\/p>\n<p align=\"justify\" dir=\"ltr\"> <span lang=\"FR-CH\">&#8211; La garantie   du double degr\u00e9 de juridiction est \u00e9galement un principe fondamental   permettant le r\u00e9examen du proc\u00e8s en totalit\u00e9 devant une formation judiciaire   sup\u00e9rieure.<\/span><\/p>\n<p align=\"justify\" dir=\"ltr\"> <span lang=\"FR-CH\">&#8211; Le recours en   cassation est en outre pr\u00e9vu.<\/span><\/p>\n<p align=\"justify\" dir=\"ltr\"> <span lang=\"FR-CH\">3-Me Nasraoui   pr\u00e9tend aussi que la loi du 10 d\u00e9cembre 2003 permet aux magistrats, aux   t\u00e9moins et aux enqu\u00eateurs de cacher leur identit\u00e9 ce qui priverait les   personnes inculp\u00e9es du droit de r\u00e9cuser le juge ou le t\u00e9moin.<\/span><\/p>\n<p align=\"justify\" dir=\"ltr\"> <span lang=\"FR-CH\">Il convient de   pr\u00e9ciser, \u00e0 cet \u00e9gard, que la loi de 2003 n\u2019a pr\u00e9vu la possibilit\u00e9 de ne pas   d\u00e9voiler l\u2019identit\u00e9 de t\u00e9moins, de magistrats et d\u2019officiers de police   judiciaire que dans l\u2019unique but de leur procurer la protection n\u00e9cessaire   contre les dangers qu\u2019ils pourraient affronter ; \u00e9tant bien entendu que   plusieurs conventions internationales, notamment la convention internationale   pour la lutte contre la criminalit\u00e9 transnationale organis\u00e9e, exigent   d\u2019assurer une telle protection aux t\u00e9moins et \u00e0 tous ceux qui concourent \u00e0 la   lutte contre ce genre de criminalit\u00e9 ainsi que leurs familles.<\/span><\/p>\n<p align=\"justify\" dir=\"ltr\"> <span lang=\"FR-CH\">En outre, il y   a lieu de souligner que la loi tunisienne de 2003 a entour\u00e9 cette mesure de   conditions tr\u00e8s strictes qui rendent son application exceptionnelle. En effet,   l\u2019article 49 de ladite loi dispose clairement que la possibilit\u00e9 de ne pas   d\u00e9voiler l\u2019identit\u00e9 des magistrats et t\u00e9moins ne peut \u00eatre utilis\u00e9e \u00ab qu\u2019en   cas de p\u00e9ril en la demeure \u00bb. Cette mesure n\u2019est donc pas une mesure   habituelle qui s\u2019applique chaque fois qu\u2019un proc\u00e8s pour crime terroriste est   ouvert. C\u2019est une mesure exceptionnelle qui ne peut \u00eatre utilis\u00e9e que si des   circonstances extr\u00eamement graves la justifient.<\/span><\/p>\n<p align=\"justify\" dir=\"ltr\"> <span lang=\"FR-CH\">Aucune d\u00e9cision   de justice ayant fait application de cette mesure exceptionnelle n\u2019a \u00e9t\u00e9   rendue, \u00e0 ce jour. La loi de 2003 n\u2019a fait que pr\u00e9voir, en fin de compte, une   mesure exceptionnelle pour parer \u00e0 d\u2019\u00e9ventuels dangers sans toucher aux   garanties des pr\u00e9venus.<\/span><\/p>\n<p align=\"justify\" dir=\"ltr\"> <span lang=\"FR-CH\">4-Il est   \u00e9galement faux d\u2019affirmer comme l\u2019a fait Me Nasraoui, que la mesure permettant   de ne pas d\u00e9voiler l\u2019identit\u00e9 des magistrats et des officiers de police   judiciaire prive le pr\u00e9venu de son droit de r\u00e9cuser le magistrat ou de porter   plainte contre l\u2019officier de police judiciaire.<\/span><\/p>\n<p align=\"justify\" dir=\"ltr\"> <span lang=\"FR-CH\">En effet,   l\u2019article 52 de la loi de 2003 consacre express\u00e9ment le droit du pr\u00e9venu ou de   son conseil de demander \u00e0 l\u2019autorit\u00e9 judiciaire saisie de l\u2019affaire que les   identit\u00e9s qui ont \u00e9t\u00e9 tenues secr\u00e8tes leur soient r\u00e9v\u00e9l\u00e9es.<\/span><\/p>\n<p align=\"justify\" dir=\"ltr\"> <span lang=\"FR-CH\">De ce fait,   dire que la loi de 2003 prive le pr\u00e9venu de son droit de r\u00e9cuser le magistrat   ou de porter plainte contre l\u2019officier de police judiciaire revient tout   simplement \u00e0 faire dire \u00e0 la loi ce qu\u2019elle n\u2019a jamais dit. Le l\u00e9gislateur   tunisien a essay\u00e9 d\u2019instaurer un \u00e9quilibre entre la protection des magistrats,   officiers de police judiciaire et t\u00e9moins, d\u2019une part, et les droits de la   d\u00e9fense des pr\u00e9venus, d\u2019autre part. Le droit \u00e0 la r\u00e9cusation n\u2019a jamais \u00e9t\u00e9   remis en cause puisque le pr\u00e9venu peut demander la r\u00e9v\u00e9lation des identit\u00e9s   tenues secr\u00e8tes.<\/span><\/p>\n<p align=\"justify\" dir=\"ltr\"> <span lang=\"FR-CH\">5-Me Nasraoui   pr\u00e9tend \u00e9galement que la loi de 2003 porte atteinte au secret professionnel de   l\u2019avocat en l\u2019obligeant \u00e0 d\u00e9noncer les personnes soup\u00e7onn\u00e9es d\u2019avoir commis   des infractions terroristes. Or, cette affirmation est d\u00e9nu\u00e9e de tout   fondement.<\/span><\/p>\n<p align=\"justify\" dir=\"ltr\"> <span lang=\"FR-CH\">La loi du 7   septembre 1989 portant organisation de la profession d\u2019avocat est un texte   sp\u00e9cial qui exclut l\u2019application du texte g\u00e9n\u00e9ral. C\u2019est l\u00e0 un principe de   droit que tout juriste conna\u00eet parfaitement.<\/span><\/p>\n<p align=\"justify\" dir=\"ltr\"> <span lang=\"FR-CH\">De ce fait,   tout ce qui a \u00e9t\u00e9 dit par Me Nasraoui ne repose sur aucun fondement, et il   aurait \u00e9t\u00e9 souhaitable et d\u00e9ontologiquement indiqu\u00e9, de v\u00e9rifier ces   all\u00e9gations avant publication.<\/span><\/p>\n<p align=\"justify\" dir=\"ltr\"> <span lang=\"FR-CH\">Vous remerciant   des dispositions que vous prendrez pour publier le pr\u00e9sent droit de r\u00e9ponse,   nous vous prions d\u2019agr\u00e9er, Monsieur le Directeur, nos meilleures salutations.   L\u2019Ambassadeur<\/span><\/p>\n<p align=\"left\" dir=\"ltr\"><span lang=\"FR-CH\"><strong> <font>Rafia\u00e2 Limam Baouendi<\/font><\/strong><\/span><\/p>\n<p align=\"left\" dir=\"ltr\"><b> <span lang=\"FR-CH\">  (Source: \u00ab\u00a0InfoSud\u00a0\u00bb (Agence de presse \u2013 Suisse), le 25 septembre 2008)<\/span><span dir=\"rtl\" lang=\"AR-SA\"><\/span><\/b><\/p>\n<p align=\"left\" dir=\"ltr\"><b> <span lang=\"FR-CH\">  Lien\u00a0: <a href=\"\" target=\"_blank\" rel=\"noopener\">http:\/\/www.infosud.org\/spip\/spip.php?breve289<\/a><\/span><\/b><\/p>\n<p>\u00a0<\/p>\n<p align=\"justify\"> <span lang=\"FR-CH\">  L\u2019interview avec Radhia Nasraoui\u00a0:<\/span><\/p>\n<p align=\"justify\"><b> <span lang=\"FR-CH\">  \u00ab\u00a0L\u2019antiterrorisme favorise la mont\u00e9e de l\u2019islamisme\u00a0\u00bb<\/span><\/b><\/p>\n<p align=\"justify\"><i> <span lang=\"FR-CH\">14   septembre 08 &#8211; De passage \u00e0 Gen\u00e8ve dans le cadre de la session d\u2019automne du   Conseil des droits de l\u2019homme, l\u2019avocate Radhia Nasraoui t\u00e9moigne des d\u00e9rives   persistantes de la lutte contre le terrorisme men\u00e9e en Tunisie. <strong>Propos   recueillis par Carole Vann\/Tribune des droits humains<\/strong> \u2013 <\/span><\/i> <\/p>\n<p align=\"justify\"><i> <span lang=\"FR-CH\">En   marge de la 9\u00e8me session du Conseil des droits de l\u2019homme, Amnesty   International, la Commission internationale des juristes et la F\u00e9d\u00e9ration   internationale des droits de l\u2019homme, organisaient vendredi 12 septembre une   table ronde sur les violations persistantes commises au nom de la lutte contre   le terrorisme.<\/span><\/i><\/p>\n<p align=\"justify\"><i> <span lang=\"FR-CH\">  L\u2019une des participantes, l\u2019avocate tunisienne Radhia Nasraoui, fondatrice de   l\u2019<\/span><span><a href=\"\" target=\"_blank\" rel=\"noopener\"><strong><span lang=\"FR-CH\">Association   de lutte contre la torture en Tunisie<\/span><\/strong><\/a><\/span><span lang=\"FR-CH\">   (ALTT), explique les r\u00e9percussions du 11 septembre sur la profession des   magistrats dans son pays. Interview.<\/span><\/i><\/p>\n<p align=\"justify\"><strong> <span lang=\"FR-CH\">  Qu\u2019est-ce que les attentats du 11 septembre ont chang\u00e9 en Tunisie\u00a0?<\/span><\/strong><\/p>\n<p align=\"justify\"> <span lang=\"FR-CH\">Une loi   \u00ab\u00a0relative \u00e0 la contribution \u00e0 l\u2019effort international de lutte contre le   terrorisme et le blanchiment d\u2019argent\u00a0\u00bb, entr\u00e9e en vigueur le 10 d\u00e9cembre 2003   permet d\u2019emprisonner les gens sans qu\u2019il n\u2019y ait de charges contre eux. Les   autorit\u00e9s peuvent accuser n\u2019importe qui d\u2019appartenance aux r\u00e9seaux terroristes   sans preuves.<\/span><\/p>\n<p align=\"justify\"> <span lang=\"FR-CH\">Cette loi viole   les principes \u00e9l\u00e9mentaires permettant d\u2019assurer des proc\u00e8s \u00e9quitables. Elle   permet aux magistrats, t\u00e9moins, enqu\u00eateurs de cacher leur identit\u00e9 sous   pr\u00e9texte de mesures de protection. Du coup, la personnes inculp\u00e9e est priv\u00e9e   de son droit de r\u00e9cuser un juge ou un t\u00e9moin.<\/span><\/p>\n<p align=\"justify\"> <span lang=\"FR-CH\">Normalement, en   Tunisie, une personne peut r\u00e9cuser un juge ou un t\u00e9moin pour manque   d\u2019objectivit\u00e9 si elle peut prouver qu\u2019ils ont, par exemple, un litige familial   ou de voisinage.<\/span><\/p>\n<p align=\"justify\"> <span lang=\"FR-CH\">De m\u00eame avec   cette nouvelle loi, si l\u2019enqu\u00eateur pratique des actes inhumains sur l\u2019inculp\u00e9,   ce dernier n\u2019a plus la possibilit\u00e9 de porter plainte contre son tortionnaire   puisqu\u2019il ne peut l\u2019identifier.<\/span><\/p>\n<p align=\"justify\"> <span lang=\"FR-CH\">Autre   probl\u00e8me\u00a0: l\u2019atteinte au secret professionnel des avocats. La loi au 10   d\u00e9cembre pr\u00e9voit que quiconque ne d\u00e9nonce pas une personne susceptible d\u2019\u00eatre   dans des r\u00e9seaux terroristes, cela m\u00eame si elle est tenue au secret   professionnel, est punissable de 5 ans de prison ou plus. Le r\u00f4le de l\u2019avocat   est presque an\u00e9anti.<\/span><\/p>\n<p align=\"justify\"><strong> <span lang=\"FR-CH\">  Est-ce que ces abus des autorit\u00e9s entra\u00eenent une mont\u00e9e de l\u2019islamisme en   Tunisie\u00a0?<\/span><\/strong><\/p>\n<p align=\"justify\"> <span lang=\"FR-CH\">Absolument.   Beaucoup de jeunes que je d\u00e9fends n\u2019\u00e9taient pas pratiquants avant d\u2019entrer en   prison. Ils n\u2019avaient aucune activit\u00e9 politique et ne consid\u00e9raient pas du   tout le pouvoir comme ennemi. Mais les tortures et mauvais traitements les ont   tellement humili\u00e9s qu\u2019ils sont maintenant sous influence des d\u00e9tenus   salafistes [salafisme, mouvement revendiqu\u00e9 par les Fr\u00e8res musulmans qui pr\u00f4ne   un retour aux sources de l\u2019islam] Ces jeunes d\u00e9tenus me disent\u00a0: j\u2019ai \u00e9t\u00e9   arr\u00eat\u00e9 injustement. Si un jour je sors de prison, je combattrai ce r\u00e9gime.<\/span><\/p>\n<p align=\"justify\"><strong> <span lang=\"FR-CH\">Il   y a pourtant des gens intelligents au pouvoir. Comment expliquez-vous une   telle d\u00e9rive\u00a0?<\/span><\/strong><\/p>\n<p align=\"justify\"> <span lang=\"FR-CH\">Le pouvoir a   besoin de cr\u00e9er des \u00ab\u00a0terroristes\u00a0\u00bb pour se pr\u00e9senter aux gouvernements   europ\u00e9ens et aux Am\u00e9ricains comme le rempart contre le terrorisme. Leur   message\u00a0: \u00ab\u00a0Nous emprisonnons tous ceux qui peuvent constituer un danger pour   vous. Vous devez nous y aider.\u00a0\u00bb C\u2019est ainsi que Ben Ali parvient \u00e0 rester   pr\u00e9sident \u00e0 vie. Ce r\u00e9gime n\u2019a pas de vision \u00e0 long terme.<\/span><\/p>\n<p align=\"justify\"><strong> <span lang=\"FR-CH\">  Lors de son Examen p\u00e9riodique universel devant le Conseil des droits de   l\u2019homme en mars dernier, la Tunisie s\u2019est engag\u00e9e \u00e0 inviter le rapporteur   sp\u00e9cial charg\u00e9 de la protection des libert\u00e9s dans la lutte contre le   terrorisme. Elle a aussi invit\u00e9 Human Rights Watch \u00e0 visiter ses prisons. Ces   visites ont-elle eu lieu\u00a0?<\/span><\/strong><\/p>\n<p align=\"justify\"><span lang=\"FR-CH\">Le gouvernement   tunisien n\u2019a pas encore trouv\u00e9 d\u2019accord avec Human Rights Watch. Et rien n\u2019a   encore \u00e9t\u00e9 fix\u00e9 pour le rapporteur sp\u00e9cial.<\/span><\/p>\n<p align=\"justify\"><strong> <span lang=\"FR-CH\">Il   semble que la peine capitale n\u2019est plus appliqu\u00e9e en Tunisie. Pourtant il y a   eu plusieurs condamnations \u00e0 mort en 2008. Qu\u2019en est-il\u00a0?<\/span><\/strong><\/p>\n<p align=\"justify\"><span lang=\"FR-CH\">Il y a bien eu   une dizaine de condamnations \u00e0 mort cette ann\u00e9e. La Tunisie se targue de ne   plus appliquer la peine capitale, mais pr\u00e8s d\u2019une centaine de condamn\u00e9s   attendent dans les couloirs de la mort dans des conditions inhumaines,   certains y sont depuis plus de dix ans. Ils n\u2019ont droit \u00e0 aucune visite ni de   leur famille ni de leur avocat. Ils ne peuvent recevoir aucun courrier. Ils   sont coup\u00e9s de tout contact avec l\u2019ext\u00e9rieur, certains en perdent la raison.<\/span><\/p>\n<p align=\"justify\"><b> <span lang=\"FR-CH\">  (Source: \u00ab\u00a0Tribune des Droits Humains\u00a0\u00bb (Suisse), le 14 septembre 2008)<\/span><span dir=\"rtl\" lang=\"AR-SA\"><\/span><\/b><\/p>\n<p align=\"justify\"><b> <span lang=\"FR-CH\">  Lien\u00a0:<\/span><\/b><span lang=\"FR-CH\"> <a href=\"http:\/\/www.droitshumains-geneve.info\/L-antiterrorisme-favorise-la,3470\" target=\"_blank\" rel=\"noopener\"> <b>http:\/\/www.droitshumains-geneve.info\/L-antiterrorisme-favorise-la,3470<\/b><\/a><\/span><\/p>\n<p align=\"justify\">\u00a0<\/p>\n<hr\/>\n<p>\u00a0<\/p>\n<div align=\"center\"> <strong><\/p>\n<h2 style=\"color: red;\"><font size=\"3\">Tunisie : une cellule de veille \u00e0 la     BCT pour pr\u00e9server les acquis \u00e9conomiques<\/font><\/h2>\n<p><\/strong>       \u00a0<\/div>\n<p align=\"justify\">2008-10-07 08:46:32\u00a0       \u00a0\u00a0\u00a0\u00a0 TUNIS, 6 octobre (Xinhua) &#8212; Une cellule de veille plac\u00e9e sous\u00a0 la   responsabilit\u00e9 de la Banque Centrale de Tunisie (BCT) a \u00e9t\u00e9\u00a0 cr\u00e9\u00e9e, suite \u00e0 la   crise financi\u00e8re qui a touch\u00e9 l&rsquo;\u00e9conomie\u00a0 mondiale, a rapport\u00e9 lundi l&rsquo;agence   de presse officielle\u00a0 tunisienne TAP.\u00a0    \u00a0\u00a0\u00a0\u00a0 Selon la TAP, cette cellule a pour objectif de suivre de pr\u00e8s\u00a0   l&rsquo;\u00e9volution de la situation sur les march\u00e9s financiers\u00a0 internationaux, et   partant prendre \u00e0 temps les d\u00e9cisions qui\u00a0 s&rsquo;imposent pour la pr\u00e9servation des   acquis de l&rsquo;\u00e9conomie\u00a0 tunisienne.\u00a0    \u00a0\u00a0\u00a0\u00a0 Une commission d&rsquo;\u00e9valuation a \u00e9t\u00e9, \u00e9galement, institu\u00e9e et\u00a0 plusieurs   mesures ont \u00e9t\u00e9 adopt\u00e9es, tant au niveau de la gestion\u00a0 des r\u00e9serves en   devises du pays, qu&rsquo;au niveau de la r\u00e9\u00a0 glementation des cr\u00e9dits de   logements.\u00a0    \u00a0\u00a0\u00a0\u00a0 Taoufik Baccar, gouverneur de la Banque Centrale de Tunisie ( BCT), a   indiqu\u00e9 que cette crise conforte les choix faits par la\u00a0 Tunisie qui ont   permis de consolider le syst\u00e8me bancaire.\u00a0    \u00a0\u00a0\u00a0\u00a0 S&rsquo;agissant de l&rsquo;impact possible de cette crise sur l&rsquo;\u00e9conomie\u00a0   tunisienne, M. Baccar a avanc\u00e9 que l&rsquo;ampleur de la crise a \u00e9t\u00e9\u00a0 mesur\u00e9e d\u00e8s   son d\u00e9clenchement. En juillet-ao\u00fbt 2007, la Tunisie\u00a0 \u00e9tait en pleine sortie   sur le march\u00e9 financier au Japon, quand les premiers signes augurant d&rsquo;une   grave crise financi\u00e8re faisaient\u00a0 leur apparition.\u00a0    \u00a0\u00a0\u00a0\u00a0 Face \u00e0 une marge de cr\u00e9dit escompt\u00e9e de 45 \u00e0 50 points de base, la BCT a   d\u00fb c\u00e9der 25 points de base pour pouvoir r\u00e9ussir la\u00a0 mobilisation des   ressources. Certains pays ou institutions\u00a0 financi\u00e8res, a-t-il fait remarquer,   n&rsquo;ont pas pu \u00e0 l&rsquo;\u00e9poque\u00a0 r\u00e9aliser leurs sorties sur ces march\u00e9s. <\/p>\n<p align=\"justify\">\u00a0<\/p>\n<hr\/>\n<p>\u00a0<\/p>\n<div align=\"center\"> <strong><\/p>\n<h2 style=\"color: red;\"><font size=\"3\">Crise financi\u00e8re: la BAD pr\u00e9occup\u00e9e     par l&rsquo;impact \u00e9conomique en Afrique<\/font><\/h2>\n<p><\/strong> <\/div>\n<p align=\"justify\">   TUNIS &#8211; Actuellement peu touch\u00e9e par la crise financi\u00e8re, l&rsquo;Afrique craint le   pire avec des effets \u00e9conomiques n\u00e9fastes \u00e0 moyen et long termes, s&rsquo;est   inqui\u00e9t\u00e9 mardi Donald Kaberuka, pr\u00e9sident de la Banque Africaine de   d\u00e9veloppement (BAD).   \u00ab\u00a0L&rsquo;Afrique est moins expos\u00e9e en raison de ses relations limit\u00e9es avec la   communaut\u00e9 financi\u00e8re internationale (&#8230;) mais j&rsquo;ai des raisons de   m&rsquo;inqui\u00e9ter sur les effets \u00e9conomiques de la crise financi\u00e8re sur le   continent\u00a0\u00bb, a-t-il d\u00e9clar\u00e9 lors d&rsquo;une rencontre avec la presse au si\u00e8ge   provisoire de la BAD \u00e0 Tunis.   \u00ab\u00a0C&rsquo;est l&rsquo;effet \u00e9conomique \u00e0 long terme qui nous cause d&rsquo;\u00e9normes soucis\u00a0\u00bb,   a-t-il dit, pr\u00e9voyant des \u00ab\u00a0retomb\u00e9es variables\u00a0\u00bb selon les pays du continent.   Les Etats \u00e0 \u00e9conomie plus ou moins ouverte au mouvement des capitaux seront   les plus touch\u00e9s par le d\u00e9s\u00e9quilibre des taux de change, a-t-il averti.   En g\u00e9n\u00e9ral, les \u00e9conomies africaines devraient \u00eatre frapp\u00e9es par le   fl\u00e9chissement attendu de la croissance mondiale et une baisse de la demande   apr\u00e8s une d\u00e9cennie de croissance au taux de 7% gr\u00e2ce \u00e0 la demande du p\u00e9trole   et de mati\u00e8res premi\u00e8res (caf\u00e9, cacao&#8230;).   De nombreux pays au sud du Sahara seront affect\u00e9s par un recul attendu des   transferts financiers de leurs ressortissants immigr\u00e9s dans les pays de   l&rsquo;OCDE, le volume de ces avoirs d\u00e9passant pour certains celui des exportations   ou de l&rsquo;aide publique.   La crise financi\u00e8re rendra \u00e9galement les fonds plus co\u00fbteux pour les Etats \u00e0   revenu interm\u00e9diaire, qui n&rsquo;auront plus l&rsquo;acc\u00e8s facile aux march\u00e9s des   capitaux (Afrique du sud, Tunisie, Maroc, Egypte), a-t-il ajout\u00e9.   Il y a un risque de r\u00e9cession pour les pays qui d\u00e9pendent du tourisme et ceux   qui sont d\u00e9j\u00e0 fragilis\u00e9s par la crise alimentaire ou les conflits (Malawi,   Centrafrique, Sierra Leone, Burundi, Lib\u00e9ria, C\u00f4te d&rsquo;Ivoire).   Autres craintes de l&rsquo;Afrique: un remont\u00e9e du protectionnisme et le co\u00fbt \u00e9lev\u00e9   du sauvetage du syst\u00e8me financier qui risque de grever l&rsquo;aide publique au   d\u00e9veloppement.   \u00ab\u00a0Nous allons vers des ann\u00e9es sombres, si jamais l&rsquo;aide au d\u00e9veloppement devait   \u00eatre consid\u00e9r\u00e9e comme une \u00ab\u00a0d\u00e9pense non-prioritaire\u00a0\u00bb, a-t-il averti.   (\u00a9AFP \/ 07 octobre 2008 14h51) <\/p>\n<hr\/>\n<p>\u00a0<\/p>\n<div> <strong>Langage du temps<\/strong> <\/p>\n<h2 style=\"color: red;\"><font size=\"3\"><strong>Crise : prenons-en conscience&#8230;<\/strong><\/font><\/h2>\n<\/div>\n<div>    \u00a0<\/div>\n<div align=\"justify\">    Les arguments expos\u00e9s par le gouverneur de la Banque Centrale ne se veulent     pas alarmistes. Mais ils n\u2019appellent pas \u00e0 la b\u00e9atitude non plus.     L\u2019\u00e9conomie tunisienne aura in\u00e9vitablement \u00e0 subir les \u00ab cons\u00e9quences     directes \u00bb &#8211; il parle d\u2019impact direct et d\u2019impact indirect \u2013 de cette crise     plan\u00e9taire.     Nous ne serons pas en reste puisque le spectre de la r\u00e9cession plane sur les     \u00e9conomies de march\u00e9 apr\u00e8s l\u2019effondrement du syst\u00e8me bancaire am\u00e9ricain.     L\u2019\u00e9conomie tunisienne table sur un taux de croissance de 6% contre 5,1%     l\u2019ann\u00e9e derni\u00e8re : est-ce dans nos cordes ? Possible, si les \u00e9quilibres     budg\u00e9taires r\u00e9sistent aux soubresauts conjoncturels et possible, surtout, si     l\u2019allocation des ressources est exclusivement orient\u00e9e vers le march\u00e9     interne.     Est-ce \u00e0 dire que c\u2019est le retour du protectionnisme et du dirigisme     \u00e9tatique ? A l\u2019\u00e9vidence c\u2019est le cas. Car, si l\u2019Etat f\u00e9d\u00e9ral am\u00e9ricain     r\u00e9cup\u00e8re des banques priv\u00e9es et injecte 700 milliards de dollars sur le     march\u00e9 financier, cela n\u2019est pas sans \u00e9voquer les plans de relance de     Roosevelt apr\u00e8s la crise du 29.     Et ces plans de relance consacraient, en l\u2019occurrence, les th\u00e9ories     keyn\u00e9siennes, la primaut\u00e9 du dirigisme \u00e9tatique avec une rigoureuse     r\u00e9glementation des circuits \u00e9conomiques et financiers&#8230; jusqu\u2019\u00e0 la     politique de la prohibition et la lutte impitoyable contre la fraude et les     \u00e9vasions fiscales.     En quittant la FED, il y a deux ans, Greenspance r\u00e9alisait que le     rabaissement du taux directeur de la R\u00e9serve F\u00e9d\u00e9rale n\u2019avait pas quelque     chose de rationnel. Derri\u00e8re, il y avait le lobby de l\u2019immobilier et des     banques d\u2019investissements enclines \u00e0 accorder des cr\u00e9dits hypoth\u00e9caires tous     azimuts et \u00e0 des taux variables&#8230;     Les Tunisiens n\u2019ont pas besoin d\u2019\u00eatre des \u00e9rudits en finances et en \u00e9conomie     pour imaginer l\u2019effet boomerang de telles largesses. Et ce fut donc la     catastrophe des \u00ab subprime \u00bb . Mais les Tunisiens, tous les Tunisiens ayant     contract\u00e9 des pr\u00eats hypoth\u00e9caires se posent des questions : l\u2019effet \u00ab     subprime \u00bb induira-t-il l\u2019onde de choc jusque chez nous ? Question d\u2019autant     plus l\u00e9gitime que les m\u00e9nages sont tr\u00e8s endett\u00e9s et qu\u2019il y a une forte     sp\u00e9culation immobili\u00e8re qui se traduit par une offre exc\u00e9dant la demande et     par un surplus d\u2019argent bloqu\u00e9 dans la pierre ce qui alimente les tendances     inflationnistes. Sur ce plan, la Banque Centrale a toujours \u00e9t\u00e9     particuli\u00e8rement parcimonieuse sur le chapitre du taux directeur. Et puis     l\u2019\u00e9cart entre les banques dans les cr\u00e9dits hypoth\u00e9caires au niveau des taux     d\u2019int\u00e9r\u00eat n\u2019est pas \u00e9norme : un TMM +3 \u00e0 la Banque de l\u2019Habitat, moins dans     les autres banques. Pas de risques majeurs donc, m\u00eame s\u2019il faut penser \u00e0     corriger ces disparit\u00e9s dans les taux d\u2019int\u00e9r\u00eat parce que les taux     excessivement\u00a0 fluctuants s\u2019apparentent \u00e0 la plus agressive et la plus     lancinante des d\u00e9r\u00e9glementations. Il est s\u00fbr que le fait que nous ne     produisions pas de p\u00e9trole nous rend paradoxalement service : nous ne     ressentons pas outre mesure la chute du dollar comme c\u2019est le cas des     Libyens et des Alg\u00e9riens. Et encore heureux que le dinar ne soit pas     totalement convertible et qu\u2019il n\u2019est pas broy\u00e9 par la mouvance     internationale&#8230; Mais il ne faut pas croire qu\u2019un malheur n\u2019arrive qu\u2019aux     autres.     Un mythe de la puissance s\u2019effondre ; sa Bourse Wall Street conna\u00eet un     cataclysme au moment o\u00f9 le Congr\u00e8s vote les 700 milliards de dollars. Les     monarchies p\u00e9troli\u00e8res du Golfe ne c\u00e8dent pas tous leurs fonds souverains.     Un homme, Georges Bush aura inaugur\u00e9 son r\u00e8gne par une guerre interminable     et le cl\u00f4ture par un cataclysme mondial.     Mais ce n\u2019est pas fini. Comment r\u00e9sister, nous qui ne sommes ni riches, ni     pauvres ? Des barri\u00e8res protectionnistes, bien s\u00fbr. Car cela fait d\u00e9j\u00e0 deux     ans que l\u2019Etat se pr\u00e9parait \u00e0 ce retour providentiel.     Chutons, n\u00e9anmoins, sur un sc\u00e9nario surr\u00e9aliste : L\u2019Am\u00e9rique veut que le     monde lui paie ses dettes. Les monarchies du Golfe, rechigneuses sur les     investissements dans les pays \u00e9mergeants, finiront bien par s\u2019y ex\u00e9cuter.     Mais que fera l\u2019Europe ? N\u2019est-ce pas son heure ? Laissera-t-elle l\u2019axe     Chine-Inde-Russie profiter (seul) de l\u2019aubaine ?     <strong><font>Raouf KHALSI     (Source : \u00ab Le Temps \u00bb (Quotidien \u2013 Tunis), le 7 octobre 2008)<\/font><\/strong> \u00a0<\/p>\n<hr\/><\/div>\n<div align=\"center\"> <font><font size=\"3\"><strong><\/p>\n<h2 style=\"color: red;\"><font>Affaire     Tarek Dhiab<\/font><\/h2>\n<p><font size=\"2\">La d\u00e9fense rejette toute tentative de     corruption arguant que son client est un musulman pratiquant<\/font><\/strong><\/font> <\/p>\n<div align=\"justify\"> <font>Tarek Dhiab a comparu samedi matin devant le       tribunal cantonal de Tunis. Il devait r\u00e9pondre de plusieurs accusations :       d\u00e9lit de fuite, absence d&rsquo;attestation d&rsquo;assurance de son v\u00e9hicule et       tentative de corruption d&rsquo;un agent de l&rsquo;ordre dans l&rsquo;exercice de ses       fonctions outre injures et blasph\u00e8mes.        L&rsquo;agent de l&rsquo;ordre a ajout\u00e9 que Tarek Dhiab l&rsquo;a menac\u00e9 de recourir \u00e0       d&rsquo;importantes personnalit\u00e9s pour intervenir \u00e0 sa faveur.       Facteur qui a incit\u00e9 l&rsquo;agent en question \u00e0 demander des renforts sur le       lieu de l&rsquo;incident.        Aux questions du pr\u00e9sident de tribunal : Tarek Dhiab a rejet\u00e9 toutes les       accusations contenus dans le proc\u00e8s-verbal expliquant qu&rsquo;il s&rsquo;agit d&rsquo;une       cabale mont\u00e9e de toutes pi\u00e8ces en \u00e9troite relation avec les milieux du       football.\u00a0\u00a0\u00a0\u00a0        Ajoutant qu&rsquo;il n&rsquo;a \u00e0 aucun moment cherch\u00e9 \u00e0 corrompre l&rsquo;agent de l&rsquo;ordre       et qu&rsquo;il est impossible de remettre une somme de 10 dinars \u00e0 un agent       accompagn\u00e9 de dix autres ce qui donne une moyenne d&rsquo;un dinar pour chaque       agent.        Comment le faire a-t-il conclu quand je n&rsquo;ai jamais tir\u00e9 les int\u00e9r\u00eats       provenant des liquidit\u00e9s d\u00e9pos\u00e9es dans la banque. Il a conclu en rejetant       l&rsquo;accusation de blasph\u00e8mes et d&rsquo;injures \u00e0 l&rsquo;encontre de l&rsquo;agent de       l&rsquo;ordre.        L&rsquo;avocat de la d\u00e9fense est all\u00e9 dans le m\u00eame sens mettant notamment       l&rsquo;accent sur la gravit\u00e9 des accusations port\u00e9es \u00e0 l&rsquo;encontre de son client       avec l&rsquo;unique dessein de porter pr\u00e9judice \u00e0 une personne (Tarek Dhiab) qui       a fait honneur \u00e0 son pays par le pass\u00e9 comme sportif et qui est consid\u00e9r\u00e9       \u00e0 l&rsquo;heure actuelle comme le meilleur commentateur sportif dans le monde       arabe. Pour terminer, l&rsquo;avocat s&rsquo;est demand\u00e9 comment accuser son client       d&rsquo;avoir prof\u00e9r\u00e9 blasph\u00e8mes et injures alors qu&rsquo;il accomplit depuis pr\u00e8s de       trente ann\u00e9es ses devoirs religieux. Aussi a-t-il r\u00e9clam\u00e9 le non lieu pour       Tarek Dhiab.        Le tribunal a mis l&rsquo;affaire en d\u00e9lib\u00e9r\u00e9 et le verdict sera rendu le 15       octobre.<\/font>\u00a0\u00a0\u00a0        <strong>Comme rapport\u00e9 par notre cons\u0153ur Assabah              <font>(Source : \u00ab Le Temps \u00bb (Quotidien \u2013 Tunis), le 7       octobre 2008)<\/font><\/strong><\/div>\n<p> <\/font> <\/div>\n<\/p><\/div>\n<p><\/span><\/font><\/p>\n<p align=\"center\" dir=\"ltr\">\u00a0<\/p>\n<p align=\"center\" dir=\"ltr\">\n<h2 style=\"color: red;\"><font face=\"Arial\" size=\"2\"><strong><b><a href=\"http:\/\/www.tunisnews.net\/\"><font face=\"Arial\"><span><font size=\"2\">Home<\/font><\/span><font size=\"2\"><span lang=\"FR-CH\"> &#8211; Accueil <\/span><span>&#8211; <\/span><\/font><\/font><span dir=\"rtl\" lang=\"AR-SA\"><font size=\"2\">\u0627\u0644\u0631\u0626\u064a\u0633\u064a\u0629<\/font><\/span><\/a><\/b><\/strong><\/font><\/h2>\n<\/p>\n<p><\/font><\/body><\/body><\/html><\/p>\n","protected":false},"excerpt":{"rendered":"<p>Home &#8211; Accueil TUNISNEWS 8\u00a0\u00e8me ann\u00e9e, N\u00b0\u00a03059 du 07.10.2008 \u00a0archives : www.tunisnews.net\u00a0\u00a0 \u00a0 InfoSud:Tunis r\u00e9agit \u00e0 l\u2019interview d\u2019Infosud avec Radhia Nasraoui Xinhua: Tunisie : une cellule de veille \u00e0 la BCT pour pr\u00e9server les acquis \u00e9conomiques AFP: Crise financi\u00e8re: la BAD pr\u00e9occup\u00e9e par l&rsquo;impact \u00e9conomique en Afrique Le Temps: Crise : prenons-en conscience&#8230; Le Temps: [&hellip;]<\/p>\n","protected":false},"author":1,"featured_media":22040,"comment_status":"open","ping_status":"open","sticky":false,"template":"","format":"standard","meta":{"inline_featured_image":false,"site-sidebar-layout":"default","site-content-layout":"","ast-site-content-layout":"default","site-content-style":"default","site-sidebar-style":"default","ast-global-header-display":"","ast-banner-title-visibility":"","ast-main-header-display":"","ast-hfb-above-header-display":"","ast-hfb-below-header-display":"","ast-hfb-mobile-header-display":"","site-post-title":"","ast-breadcrumbs-content":"","ast-featured-img":"","footer-sml-layout":"","ast-disable-related-posts":"","theme-transparent-header-meta":"","adv-header-id-meta":"","stick-header-meta":"","header-above-stick-meta":"","header-main-stick-meta":"","header-below-stick-meta":"","astra-migrate-meta-layouts":"default","ast-page-background-enabled":"default","ast-page-background-meta":{"desktop":{"background-color":"","background-image":"","background-repeat":"repeat","background-position":"center center","background-size":"auto","background-attachment":"scroll","background-type":"","background-media":"","overlay-type":"","overlay-color":"","overlay-opacity":"","overlay-gradient":""},"tablet":{"background-color":"","background-image":"","background-repeat":"repeat","background-position":"center center","background-size":"auto","background-attachment":"scroll","background-type":"","background-media":"","overlay-type":"","overlay-color":"","overlay-opacity":"","overlay-gradient":""},"mobile":{"background-color":"","background-image":"","background-repeat":"repeat","background-position":"center center","background-size":"auto","background-attachment":"scroll","background-type":"","background-media":"","overlay-type":"","overlay-color":"","overlay-opacity":"","overlay-gradient":""}},"ast-content-background-meta":{"desktop":{"background-color":"var(--ast-global-color-5)","background-image":"","background-repeat":"repeat","background-position":"center center","background-size":"auto","background-attachment":"scroll","background-type":"","background-media":"","overlay-type":"","overlay-color":"","overlay-opacity":"","overlay-gradient":""},"tablet":{"background-color":"var(--ast-global-color-5)","background-image":"","background-repeat":"repeat","background-position":"center center","background-size":"auto","background-attachment":"scroll","background-type":"","background-media":"","overlay-type":"","overlay-color":"","overlay-opacity":"","overlay-gradient":""},"mobile":{"background-color":"var(--ast-global-color-5)","background-image":"","background-repeat":"repeat","background-position":"center center","background-size":"auto","background-attachment":"scroll","background-type":"","background-media":"","overlay-type":"","overlay-color":"","overlay-opacity":"","overlay-gradient":""}},"footnotes":""},"categories":[],"tags":[62,39,29],"class_list":["post-18271","post","type-post","status-publish","format-standard","has-post-thumbnail","hentry","tag-62","tag-39","tag-fr"],"_links":{"self":[{"href":"https:\/\/tunisnews.net\/ar\/wp-json\/wp\/v2\/posts\/18271","targetHints":{"allow":["GET"]}}],"collection":[{"href":"https:\/\/tunisnews.net\/ar\/wp-json\/wp\/v2\/posts"}],"about":[{"href":"https:\/\/tunisnews.net\/ar\/wp-json\/wp\/v2\/types\/post"}],"author":[{"embeddable":true,"href":"https:\/\/tunisnews.net\/ar\/wp-json\/wp\/v2\/users\/1"}],"replies":[{"embeddable":true,"href":"https:\/\/tunisnews.net\/ar\/wp-json\/wp\/v2\/comments?post=18271"}],"version-history":[{"count":0,"href":"https:\/\/tunisnews.net\/ar\/wp-json\/wp\/v2\/posts\/18271\/revisions"}],"wp:featuredmedia":[{"embeddable":true,"href":"https:\/\/tunisnews.net\/ar\/wp-json\/wp\/v2\/media\/22040"}],"wp:attachment":[{"href":"https:\/\/tunisnews.net\/ar\/wp-json\/wp\/v2\/media?parent=18271"}],"wp:term":[{"taxonomy":"category","embeddable":true,"href":"https:\/\/tunisnews.net\/ar\/wp-json\/wp\/v2\/categories?post=18271"},{"taxonomy":"post_tag","embeddable":true,"href":"https:\/\/tunisnews.net\/ar\/wp-json\/wp\/v2\/tags?post=18271"}],"curies":[{"name":"wp","href":"https:\/\/api.w.org\/{rel}","templated":true}]}}