{"id":18268,"date":"2011-12-26T00:00:00","date_gmt":"2011-12-26T00:00:00","guid":{"rendered":"https:\/\/tunisnews.net\/26-decembre-2011\/"},"modified":"2011-12-26T00:00:00","modified_gmt":"2011-12-26T00:00:00","slug":"26-decembre-2011","status":"publish","type":"post","link":"https:\/\/tunisnews.net\/ar\/26-decembre-2011\/","title":{"rendered":"26 d\u00e9cembre 2011"},"content":{"rendered":"<p><html><head><meta content=\"text\/html\" description=\"                                                                                                                                                                                                        \" http-equiv=\"Content-Type\"\/><\/head><body><body><\/p>\n<div>\n<div>\n<div>\n<div dir=\"ltr\">\n<div>\n<div>\n<div dir=\"ltr\">\n<div>\n<div dir=\"ltr\">\n<div>\n<div>\n<div dir=\"ltr\">\n<div>\n<div>\n<div>\n<div>\n<div>\n<div>\n<div>\n<div>\n<div>\n<div>\n<div>\n<div>\n<div>\n<div>\n<div>\n<div>\n<div>\n<div>\n<div>\n<div>\n<div>\n<div>\n<div>\n<div>\n<div>\n<div>\n<div>\n<div>\n<div>\n<div>\n<div>\n<div>\n<div>\n<div>\n<div>\n<div>\n<div>\n<div>\n<div>\n<div>\n<div>\n<div>\n<div>\n<div>\n<div>\n<div>\n<div>\n<div>\n<div>\n<div>\n<div dir=\"ltr\">                                                                                                                              \u00a0<\/div>\n<\/p><\/div>\n<\/p><\/div>\n<\/p><\/div>\n<\/p><\/div>\n<\/p><\/div>\n<\/p><\/div>\n<\/p><\/div>\n<\/p><\/div>\n<\/p><\/div>\n<\/p><\/div>\n<\/p><\/div>\n<\/p><\/div>\n<\/p><\/div>\n<\/p><\/div>\n<\/p><\/div>\n<\/p><\/div>\n<\/p><\/div>\n<\/p><\/div>\n<\/p><\/div>\n<\/p><\/div>\n<\/p><\/div>\n<\/p><\/div>\n<\/p><\/div>\n<\/p><\/div>\n<\/p><\/div>\n<\/p><\/div>\n<\/p><\/div>\n<\/p><\/div>\n<\/p><\/div>\n<\/p><\/div>\n<\/p><\/div>\n<\/p><\/div>\n<\/p><\/div>\n<\/p><\/div>\n<\/p><\/div>\n<\/p><\/div>\n<\/p><\/div>\n<\/p><\/div>\n<\/p><\/div>\n<\/p><\/div>\n<\/p><\/div>\n<\/p><\/div>\n<\/p><\/div>\n<\/p><\/div>\n<\/p><\/div>\n<\/p><\/div>\n<\/p><\/div>\n<\/p><\/div>\n<\/p><\/div>\n<\/p><\/div>\n<\/p><\/div>\n<\/p><\/div>\n<\/p><\/div>\n<\/p><\/div>\n<\/p><\/div>\n<\/p><\/div>\n<\/p><\/div>\n<\/p><\/div>\n<\/p><\/div>\n<\/p><\/div>\n<\/p><\/div>\n<div>\n<div>\n<div>\n<div dir=\"ltr\">\n<div>\n<div>\n<div dir=\"ltr\">\n<div>\n<div dir=\"ltr\">\n<div>\n<div>\n<div dir=\"ltr\">\n<div>\n<div>\n<div>\n<div>\n<div>\n<div>\n<div>\n<div>\n<div>\n<div>\n<div>\n<div>\n<div>\n<div>\n<div>\n<div>\n<div>\n<div>\n<div>\n<div>\n<div>\n<div>\n<div>\n<div>\n<div>\n<div>\n<div>\n<div>\n<div>\n<div>\n<div>\n<div>\n<div>\n<div>\n<div>\n<div>\n<div>\n<div>\n<div>\n<div>\n<div>\n<div>\n<div>\n<div>\n<div>\n<div>\n<div>\n<div>\n<div>\n<div>\n<div dir=\"ltr\">                                                                                                                                \u00a0<\/div>\n<\/p><\/div>\n<\/p><\/div>\n<\/p><\/div>\n<\/p><\/div>\n<\/p><\/div>\n<\/p><\/div>\n<\/p><\/div>\n<\/p><\/div>\n<\/p><\/div>\n<\/p><\/div>\n<\/p><\/div>\n<\/p><\/div>\n<\/p><\/div>\n<\/p><\/div>\n<\/p><\/div>\n<\/p><\/div>\n<\/p><\/div>\n<\/p><\/div>\n<\/p><\/div>\n<\/p><\/div>\n<\/p><\/div>\n<\/p><\/div>\n<\/p><\/div>\n<\/p><\/div>\n<\/p><\/div>\n<\/p><\/div>\n<\/p><\/div>\n<\/p><\/div>\n<\/p><\/div>\n<\/p><\/div>\n<\/p><\/div>\n<\/p><\/div>\n<\/p><\/div>\n<\/p><\/div>\n<\/p><\/div>\n<\/p><\/div>\n<\/p><\/div>\n<\/p><\/div>\n<\/p><\/div>\n<\/p><\/div>\n<\/p><\/div>\n<\/p><\/div>\n<\/p><\/div>\n<\/p><\/div>\n<\/p><\/div>\n<\/p><\/div>\n<\/p><\/div>\n<\/p><\/div>\n<\/p><\/div>\n<\/p><\/div>\n<\/p><\/div>\n<\/p><\/div>\n<\/p><\/div>\n<\/p><\/div>\n<\/p><\/div>\n<\/p><\/div>\n<\/p><\/div>\n<\/p><\/div>\n<\/p><\/div>\n<\/p><\/div>\n<\/p><\/div>\n<div>\n<div dir=\"ltr\">\n<div>\n<div>\n<div dir=\"ltr\">\n<div>\n<div dir=\"ltr\">\n<div>\n<div>\n<div dir=\"ltr\">\n<div>\n<div>\n<div>\n<div>\n<div>\n<div>\n<div>\n<div>\n<div>\n<div>\n<div>\n<div>\n<div>\n<div>\n<div>\n<div>\n<div>\n<div>\n<div>\n<div>\n<div>\n<div>\n<div>\n<div>\n<div>\n<div>\n<div>\n<div>\n<div>\n<div>\n<div>\n<div>\n<div>\n<div>\n<div>\n<div>\n<div>\n<div>\n<div>\n<div>\n<div>\n<div>\n<div>\n<div>\n<div>\n<div>\n<div>\n<div>\n<div>\n<div>\n<div dir=\"ltr\">\n<div>\n<div dir=\"ltr\">\n<div>\n<div>\n<div dir=\"ltr\">\n<div>\n<div dir=\"ltr\">\n<div>\n<div>\n<div dir=\"ltr\">\n<div>\n<div>\n<div>\n<div>\n<div>\n<div>\n<div>\n<div>\n<div>\n<div>\n<div>\n<div>\n<div>\n<div>\n<div>\n<div>\n<div>\n<div>\n<div>\n<div>\n<div>\n<div>\n<div>\n<div>\n<div>\n<div>\n<div>\n<div>\n<div>\n<div>\n<div>\n<div>\n<div>\n<div>\n<div>\n<div>\n<div>\n<div>\n<div>\n<div>\n<div>\n<div>\n<div>\n<div>\n<div>\n<div>\n<div>\n<div>\n<div>\n<div>\n<div dir=\"ltr\">\n<div dir=\"ltr\">\n<div>\n<div>\n<div dir=\"ltr\">\n<div>\n<div>\n<div>\n<div>\n<div>\n<div>\n<div>\n<div>\n<div>\n<div>\n<div dir=\"ltr\">\n<div>\n<div>\n<div dir=\"ltr\">\n<div>\n<div dir=\"ltr\">\n<div>\n<div>\n<div dir=\"ltr\">\n<div>\n<div>\n<div>\n<div>\n<div>\n<div>\n<div>\n<div>\n<div>\n<div>\n<div>\n<div>\n<div>\n<div>\n<div>\n<div>\n<div>\n<div>\n<div>\n<div>\n<div>\n<div>\n<div>\n<div>\n<div>\n<div>\n<div>\n<div>\n<div>\n<div>\n<div>\n<div>\n<div>\n<div>\n<div>\n<div>\n<div>\n<div>\n<div>\n<div>\n<div>\n<div>\n<div>\n<div>\n<div>\n<div>\n<div>\n<div>\n<div>\n<div>\n<div dir=\"ltr\">\n<div>\n<div dir=\"ltr\">\n<div>\n<div>\n<div>\n<div>\n<div>\n<div>\n<div>\n<div>\n<div>\n<div>\n<div dir=\"ltr\">\n<div>\n<div>\n<div dir=\"ltr\">\n<div>\n<div dir=\"ltr\">\n<div>\n<div>\n<div dir=\"ltr\">\n<div>\n<div>\n<div>\n<div>\n<div>\n<div>\n<div>\n<div>\n<div>\n<div>\n<div>\n<div>\n<div>\n<div>\n<div>\n<div>\n<div>\n<div>\n<div>\n<div>\n<div>\n<div>\n<div>\n<div>\n<div>\n<div>\n<div>\n<div>\n<div>\n<div>\n<div>\n<div>\n<div>\n<div>\n<div>\n<div>\n<div>\n<div>\n<div>\n<div>\n<div>\n<div>\n<div>\n<div>\n<div>\n<div>\n<div>\n<div>\n<div>\n<div>\n<div dir=\"ltr\">\n<div dir=\"ltr\">\n<div>\n<div>\n<div dir=\"ltr\">\n<div>\n<div>\n<div>\n<div>\n<div>\n<div>\n<div>\n<div>\n<div>\n<div>\n<div dir=\"ltr\">\n<div>\n<div>\n<div dir=\"ltr\">\n<div>\n<div dir=\"ltr\">\n<div>\n<div>\n<div dir=\"ltr\">\n<div>\n<div>\n<div>\n<div>\n<div>\n<div>\n<div>\n<div>\n<div>\n<div>\n<div>\n<div>\n<div>\n<div>\n<div>\n<div>\n<div>\n<div>\n<div>\n<div>\n<div>\n<div>\n<div>\n<div>\n<div>\n<div>\n<div>\n<div>\n<div>\n<div>\n<div>\n<div>\n<div>\n<div>\n<div>\n<div>\n<div>\n<div>\n<div>\n<div>\n<div>\n<div>\n<div>\n<div>\n<div>\n<div>\n<div>\n<div>\n<div>\n<div>\n<div dir=\"ltr\">\n<div dir=\"ltr\">\n<div>\n<div>\n<div dir=\"ltr\">\n<div>\n<div>\n<div>\n<div>\n<div>\n<div>\n<div>\n<div>\n<div>\n<div>\n<div>\n<div>\n<div dir=\"ltr\">\n<div>\n<div>\n<div dir=\"ltr\">\n<div>\n<div dir=\"ltr\">\n<div>\n<div>\n<div dir=\"ltr\">\n<div>\n<div>\n<div>\n<div>\n<div>\n<div>\n<div>\n<div>\n<div>\n<div>\n<div>\n<div>\n<div>\n<div>\n<div>\n<div>\n<div>\n<div>\n<div>\n<div>\n<div>\n<div>\n<div>\n<div>\n<div>\n<div>\n<div>\n<div>\n<div>\n<div>\n<div>\n<div>\n<div>\n<div>\n<div>\n<div>\n<div>\n<div>\n<div>\n<div>\n<div>\n<div>\n<div>\n<div>\n<div>\n<div>\n<div>\n<div>\n<div>\n<div>\n<div dir=\"ltr\">  <\/div>\n<div align=\"center\" dir=\"ltr\"> <font face=\"Bookman Old Style\" size=\"7\"><strong>TUNISNEWS <\/strong><\/font> <\/div>\n<div align=\"center\" dir=\"ltr\"> <strong><font face=\"Arial\" size=\"2\">11 \u00e8me ann\u00e9e, N\u00b04197 du 26.12.2011<\/font><\/strong><\/div>\n<div align=\"center\" dir=\"ltr\"> <font face=\"Arial\" size=\"2\"><strong>archives : <\/strong><\/font><a target=\"_blank\" rel=\"noopener\"><font face=\"Arial\" size=\"2\"><strong>www.tunisnews.net<\/strong><\/font><\/a><span lang=\"FR\"><strong><font face=\"Arial\" size=\"2\"> <\/font><\/strong><\/span><\/p>\n<hr\/><\/div>\n<\/p><\/div>\n<\/p><\/div>\n<\/p><\/div>\n<\/p><\/div>\n<\/p><\/div>\n<\/p><\/div>\n<\/p><\/div>\n<\/p><\/div>\n<\/p><\/div>\n<\/p><\/div>\n<\/p><\/div>\n<\/p><\/div>\n<\/p><\/div>\n<\/p><\/div>\n<\/p><\/div>\n<\/p><\/div>\n<\/p><\/div>\n<\/p><\/div>\n<\/p><\/div>\n<\/p><\/div>\n<\/p><\/div>\n<\/p><\/div>\n<\/p><\/div>\n<\/p><\/div>\n<\/p><\/div>\n<\/p><\/div>\n<\/p><\/div>\n<\/p><\/div>\n<\/p><\/div>\n<\/p><\/div>\n<\/p><\/div>\n<\/p><\/div>\n<\/p><\/div>\n<\/p><\/div>\n<\/p><\/div>\n<\/p><\/div>\n<\/p><\/div>\n<\/p><\/div>\n<\/p><\/div>\n<\/p><\/div>\n<\/p><\/div>\n<\/p><\/div>\n<\/p><\/div>\n<\/p><\/div>\n<\/p><\/div>\n<\/p><\/div>\n<\/p><\/div>\n<\/p><\/div>\n<\/p><\/div>\n<\/p><\/div>\n<\/p><\/div>\n<\/p><\/div>\n<\/p><\/div>\n<\/p><\/div>\n<\/p><\/div>\n<\/p><\/div>\n<\/p><\/div>\n<\/p><\/div>\n<\/p><\/div>\n<\/p><\/div>\n<p><font face=\"Arial\" size=\"2\"> <\/p>\n<div dir=\"ltr\">\u00a0<\/div>\n<div> <strong><\/p>\n<p><font>Nawaat: Ouverture d\u2019une instruction dans l\u2019affaire de Rachid Chammakhi, tu\u00e9 sous la torture en octobre 1991<\/font><\/p>\n<p><\/strong><\/div>\n<div> <strong><font>Le Soir: Mohamed Bouazizi<\/font><\/strong><\/div>\n<div> <strong><\/p>\n<h2 style=\"color: red;\"><font>Business news: Constitution et dossiers socio-\u00e9conomiques au menu du 22\u00e8me congr\u00e8s de l\u2019UGTT<\/font><\/h2>\n<p><\/strong><\/div>\n<div> <strong><font>Maghreb Emergenet: Tunisie &#8211; l&rsquo;indicateur de productivit\u00e9 \u00e0 son plus bas niveau<\/font><\/strong><\/div>\n<div> <strong><\/p>\n<h2 style=\"color: red;\"><font>Espace Manager: Biographie de Houcine Dimassi, nouveau ministre des Finances<\/font><\/h2>\n<p><\/strong><\/div>\n<div> <strong><font>Business news: Toufik Ben Brik continue dans la provoc<\/font><\/strong><\/div>\n<div> <strong><\/p>\n<p><font>The National: Toppling of Zine El Abidine Ben Ali battered Tunisian economy with tourism plunging by 40 per cent<\/font><\/p>\n<p><\/strong><\/div>\n<div> <strong><font>Tunisia-Live: Tunisian Center-Left Parties to Join Forces in an Opposition Front<\/font><\/strong><\/div>\n<div> <strong><\/p>\n<p><font>Tunisia-Live: Tunisian Labor Union\u2019s Congress Begins: What Shape Will Tunisia\u2019s New Labor Movement Take?<\/font><\/p>\n<p><\/strong><\/div>\n<div dir=\"ltr\">\u00a0<\/div>\n<p> <\/font><\/p>\n<\/p><\/div>\n<\/p><\/div>\n<\/p><\/div>\n<\/p><\/div>\n<\/p><\/div>\n<\/p><\/div>\n<\/p><\/div>\n<\/p><\/div>\n<\/p><\/div>\n<div>\n<div>\n<div>\n<div>\n<div>\n<div>\n<div>\n<div>\n<div>\n<div>\n<div>\n<div>\n<div>\n<div>\n<div>\n<div>\n<div>\n<div>\n<div dir=\"ltr\">\n<hr\/><\/div>\n<\/p><\/div>\n<\/p><\/div>\n<\/p><\/div>\n<\/p><\/div>\n<\/p><\/div>\n<\/p><\/div>\n<\/p><\/div>\n<\/p><\/div>\n<\/p><\/div>\n<\/p><\/div>\n<\/p><\/div>\n<p align=\"center\" dir=\"ltr\"><b><span lang=\"FR\"><\/p>\n<h2 style=\"color: red;\"><font face=\"Arial\">Ouverture d\u2019une instruction dans l\u2019affaire de Rachid Chammakhi, tu\u00e9 sous la torture en octobre 1991<\/font><\/h2>\n<p><\/span><\/b><\/p>\n<p align=\"justify\" dir=\"ltr\"><span lang=\"FR\"><font face=\"Arial\">Vingt ans apr\u00e8s son d\u00e9c\u00e8s sous la torture, une instruction sera ouverte dans<b> <\/b>l\u2019affaire de Rachid Chammakhi le jeudi 22 d\u00e9cembre 2011<\/font><\/span><\/p>\n<p align=\"justify\" dir=\"ltr\"><span lang=\"FR\"><font face=\"Arial\">Rachid a \u00e9t\u00e9 arr\u00eat\u00e9 au motif de son appartenance au mouvement de la Nahdha, dans la vague \u00e9radicatrice de Ben Ali contre les islamistes. Il n\u2019\u00e9tait pas un dirigeant mais un simple militant actif. Des informations \u00e9taient parvenues en provenance de la Pr\u00e9sidence au district de la Garde Nationale de Nabeul disant que l\u2019homme poss\u00e9dait des armes.<\/font><\/span><\/p>\n<p align=\"justify\" dir=\"ltr\"><font face=\"Arial\"><b><span lang=\"FR\"><font>Avertissement<\/font><\/span><\/b><span lang=\"FR\"><font> : la plainte contient des paragraphes p\u00e9nibles sur les actes de torture. C\u0153urs sensibles, s\u2019abstenir de lire la suite.<\/font><\/span><\/font><\/p>\n<p align=\"justify\" dir=\"ltr\"><span lang=\"FR\"><font face=\"Arial\">Je m\u2019excuse de ne pas citer les noms des tortionnaires accus\u00e9s, car l\u2019affaire est au stade de l\u2019instruction. Les documents cit\u00e9s dans l\u2019article restent confidentiels jusqu\u2019\u00e0 la fin de l\u2019instruction.<\/font><\/span><\/p>\n<p align=\"justify\" dir=\"ltr\"><b><span lang=\"FR\"><font face=\"Arial\">Pr\u00e9liminaires<\/font><\/span><\/b><\/p>\n<p align=\"justify\" dir=\"ltr\"><b><span lang=\"FR\"><font face=\"Arial\">[\u2026]<\/font><\/span><\/b><\/p>\n<p align=\"justify\" dir=\"ltr\"><span lang=\"FR\"><font face=\"Arial\"><font>Attendu que monsieur Rachid Driss, pr\u00e9sident du Comit\u00e9 sup\u00e9rieur des Droits de l\u2019homme et des libert\u00e9s fondamentales a \u00e9t\u00e9 charg\u00e9 d\u2019enqu\u00eater sur les d\u00e9c\u00e8s suspects dans les locaux de la S\u00fbret\u00e9 et sous la torture, et qu\u2019il a constitu\u00e9 \u00e0 cette fin une commission charg\u00e9 d\u2019\u00e9tablir la v\u00e9rit\u00e9 qui a conclu \u00e0 l\u2019existence de plusieurs cas de d\u00e9c\u00e8s survenus dans des circonstances obscures et suspectes, notamment :<b> <\/b>Abdelaziz Mahouachi, mort le 30 avril 1991, Abderraouf Laribi, mort le 11 mai 1991, Ameur Deggache, mort le 11 juin 1991, Abdelwahab Abdelli, mort le 30 juin 1991, Fethi Khiari, mort le 5 ao\u00fbt 1991.<\/font><\/font><\/span><\/p>\n<p align=\"justify\" dir=\"ltr\"><span lang=\"FR\"><font face=\"Arial\">Le rapport publi\u00e9 le 13 juillet 1992 a \u00e9tabli qu\u2019il y avait deux cas de d\u00e9c\u00e8s suspects survenus \u00e0 Nabeul dans la m\u00eame brigade de la Garde Nationale, Fa\u00ef\u00e7al Barakat, d\u00e9c\u00e9d\u00e9 le 8 octobre 1991 et Rachid Chammakhi, d\u00e9c\u00e9d\u00e9 le 27 octobre 1991. Une instruction a \u00e9t\u00e9 ouverte en application de l\u2019article 36 du code de proc\u00e9dure p\u00e9nale, mais l\u2019instruction a \u00e9t\u00e9 close et la commission est tomb\u00e9e dans l\u2019oubli, et qui peut dire pourquoi ?<\/font><\/span><\/p>\n<p align=\"justify\" dir=\"ltr\"><span lang=\"FR\"><font face=\"Arial\"><font>[\u2026]<\/font><\/font><\/span><\/p>\n<p align=\"justify\" dir=\"ltr\"><b><span lang=\"FR\"><font face=\"Arial\">Ce qu\u2019a endur\u00e9 la famille du martyr avant l\u2019arrestation de ce dernier :<\/font><\/span><\/b><\/p>\n<p align=\"justify\" dir=\"ltr\"><span lang=\"FR\"><font face=\"Arial\">Attendu que dans la plainte d\u00e9pos\u00e9e par le p\u00e8re du martyr Rachid Chammakhi, le d\u00e9funt Salem Ben Kacem Chammakhi, le 7 novembre 1991 et d\u00e9pos\u00e9e aupr\u00e8s du procureur de la R\u00e9publique pr\u00e8s le Tribunal de Premi\u00e8re Instance de Grombalia, et comme l\u2019affirme le t\u00e9moignage de madame Monia Jouini, la veuve du martyr, ainsi que les t\u00e9moignages des s\u0153urs et fr\u00e8re du martyr, Wassila, Sihem et Kacem Chammakhi, la famille du d\u00e9funt Salem Ben Kacem Chammakhi a \u00e9t\u00e9 en butte \u00e0 toutes sortes de pressions, de menaces, de provocations et \u00e0 des d\u00e9passements et violations de la loi. Leur domicile de Soliman a fait l\u2019objet de plusieurs descentes nocturnes violentes et sauvages sans mandat, ni autorisation l\u00e9gale [\u2026]<\/font><\/span><\/p>\n<p align=\"justify\" dir=\"ltr\"><span lang=\"FR\"><font face=\"Arial\">Attendu que dans la nuit du 22 octobre de l\u2019ann\u00e9e 1991, une s\u00e9rie d\u2019agents de la police ont escalad\u00e9 jusqu\u2019\u00e0 l\u2019\u00e9tage sup\u00e9rieur du logement de Rachid Chammakhi sans donner l\u2019alerte \u00e0 la famille, que lorsqu\u2019ils ne l\u2019ont pas trouv\u00e9, ils ont commenc\u00e9 \u00e0 renverser toutes ses affaires, les meubles puis sont descendus \u00e0 l\u2019\u00e9tage inf\u00e9rieur et \u00e0 s\u2019infiltrer dans la chambre \u00e0 l\u2019improviste pour les prendre par surprise.<\/font><\/span><\/p>\n<p align=\"justify\" dir=\"ltr\"><span lang=\"FR\"><font face=\"Arial\">Attendu que les membres de la familles se sont r\u00e9veill\u00e9s paniqu\u00e9s et ont d\u00e9couvert qu\u2019un grand nombre d\u2019agents de le police \u00e9taient entr\u00e9s dans leur chambre \u00e0 coucher sans autorisation, dont le chef du poste de la Suret\u00e9 nationale de Soliman [\u2026], qu\u2019ils menaient une perquisition, et qu\u2019ils les ont emmen\u00e9s pour les interroger, avec force insultes, humiliations et menaces envers tout le monde. Depuis cette nuit, les descentes nocturnes ill\u00e9gales ont continu\u00e9, comme les perquisitions r\u00e9p\u00e9t\u00e9es et permanentes (document n\u00b01)<\/font><\/span><\/p>\n<p align=\"justify\" dir=\"ltr\"><span lang=\"FR\"><font face=\"Arial\">Attendu que lors de la nuit du 23 au 24 octobre 1991, des agents relevant de la brigade des recherches de Nabeul ont fait intrusion au domicile de la famille de mani\u00e8re violente, que deux d\u2019entre eux sont mont\u00e9s \u00e0 l\u2019\u00e9tage et sont entr\u00e9s dans la chambre de Ouassila Chammakhi, la s\u0153ur du martyr, et en ont fait sortir de force son \u00e9pouse, madame Monia Bent Hamadi Jouini, qui passait la nuit l\u00e0 en l\u2019absence de son mari, leur mariage remontant \u00e0 deux mois et demi, que les agents ont d\u00e9rob\u00e9 des bijoux et de l\u2019argent appartenant \u00e0 la famille (documents n\u00b01 et 3)<\/font><\/span><\/p>\n<p align=\"justify\" dir=\"ltr\"><span lang=\"FR\"><font face=\"Arial\">Attendu qu\u2019un des agents a exhib\u00e9 son arme all\u00e9guant que \u00ab Ben Ali \u00bb en personne la lui avait remise pour tuer Rachid et qu\u2019il a point\u00e9 le r\u00e9volver sur la t\u00eate de la m\u00e8re du martyr, la d\u00e9funte Fattouma Chammakhi et qu\u2019il a menac\u00e9 de la tuer si elle ne leur r\u00e9v\u00e9lait pas l\u2019endroit o\u00f9 il se trouvait, et que deux autres agents ont menac\u00e9 de lui trancher la t\u00eate (documents n\u00b01 et 3)<\/font><\/span><\/p>\n<p align=\"justify\" dir=\"ltr\"><span lang=\"FR\"><font face=\"Arial\">Attendu que des agents ont tra\u00een\u00e9 de force l\u2019\u00e9pouse hors du domicile, l\u2019insultant, sans vergogne ni d\u00e9cence, et qu\u2019ils ont menac\u00e9 tous les membres de la famille<\/font><\/span><\/p>\n<p align=\"justify\" dir=\"ltr\"><span lang=\"FR\"><font face=\"Arial\">Attendu qu\u2019ils ont forc\u00e9 madame Monia Jouini \u00e0 monter \u00e0 bord d\u2019un de leurs v\u00e9hicules gar\u00e9s devant le domicile et qu\u2019ils ont repouss\u00e9 Ouassila, la s\u0153ur du martyr, lorsque cette derni\u00e8re a voulu accompagner l\u2019\u00e9pouse de son fr\u00e8re et monter dans la voiture avec elle, la faisant tomber sur le sol (documents n\u00b01, 2 et 3)<\/font><\/span><\/p>\n<p align=\"justify\" dir=\"ltr\"><span lang=\"FR\"><font face=\"Arial\">Attendu que Madame Monia Bent Hamadi Jouini, l\u2019\u00e9pouse de Rachid Chammakhi, a \u00e9t\u00e9 conduite au poste de la garde nationale de Soliman o\u00f9 elle a \u00e9t\u00e9 menac\u00e9e d\u2019agression sexuelle et de toutes sortes de torture, d\u2019emprisonnement, de privation de son droit au travail et \u00e0 la circulation (documents n\u00b01 et 3)<\/font><\/span><\/p>\n<p align=\"justify\" dir=\"ltr\"><span lang=\"FR\"><font face=\"Arial\">Attendu que ce groupe qui comptaient six agents \u00e0 bord de deux v\u00e9hicules a fait vivre une longue nuit d\u2019horreur \u00e0 madame Jouini, \u00e0 la recherche des domiciles des s\u0153urs de Rachid et de ses proches, entre Soliman, Mornag et Tunis, et qu\u2019elle a \u00e9t\u00e9 en butte \u00e0 toutes sortes d\u2019insultes, d\u2019humiliations n\u2019\u00e9pargnant pas son mari (documents n\u00b0 1 et 3)<\/font><\/span><\/p>\n<p align=\"justify\" dir=\"ltr\"><span lang=\"FR\"><font face=\"Arial\">Attendu qu\u2019\u00e0 chaque fois qu\u2019ils arrivaient au domicile de l\u2019une de ses s\u0153urs ou de ses proches, ils exhibaient leurs armes et les mena\u00e7aient de tirer et de la tuer s\u2019ils tentaient de s\u2019enfuir (documents n\u00b01 et 3)<\/font><\/span><\/p>\n<p align=\"justify\" dir=\"ltr\"><span lang=\"FR\"><font face=\"Arial\">Attendu qu\u2019ils ont fait intrusion aux domiciles des fr\u00e8res et s\u0153urs de Rachid \u00e0 Mornag et Bab Saadoune, qu\u2019ils ont proc\u00e9d\u00e9 \u00e0 des perquisitions \u00e0 chaque fois, renversant les meubles, et interrogeant les familles, qu\u2019ils les abreuvaient d\u2019insultes, les mena\u00e7aient et qu\u2019ils ont frapp\u00e9 sa s\u0153ur Sihem \u00e0 Mornag (documents n\u00b01, 3 et 4)<\/font><\/span><\/p>\n<p align=\"justify\" dir=\"ltr\"><span lang=\"FR\"><font face=\"Arial\">Attendu que Rachid Chammakhi a \u00e9t\u00e9 arr\u00eat\u00e9 vers six heures du matin le 24 octobre 1991, qu\u2019il a \u00e9t\u00e9 frapp\u00e9, ligot\u00e9, recouvert sa t\u00eate d\u2019une chemise, puis mis \u00e0 bord de leur voiture pour \u00eatre emmen\u00e9 \u00e0 la brigade d\u2019investigations et de recherches du district de la garde nationale de Nabeul et que lorsqu\u2019ils sont pass\u00e9s au poste de la Suret\u00e9, ils l\u2019ont fait descendre et l\u2019ont frapp\u00e9 sauvagement (document n\u00b06)<\/font><\/span><\/p>\n<p align=\"justify\" dir=\"ltr\"><b><span lang=\"FR\"><font face=\"Arial\">Dans les bureaux de la brigade de recherches et d\u2019investigations du district de la Garde nationale de Nabeul.<\/font><\/span><\/b><\/p>\n<p align=\"justify\" dir=\"ltr\"><b><span lang=\"FR\"><font face=\"Arial\">[\u2026]<\/font><\/span><\/b><\/p>\n<p align=\"justify\" dir=\"ltr\"><span lang=\"FR\"><font face=\"Arial\">Attendu que le chef de la brigade de la Garde des recherches et des investigations de Nabeul supervisait tous les matins l\u2019organisation et le suivi des s\u00e9ances de torture quotidienne, qui consistait \u00e0 suspendre en position de \u00bbr\u00f4ti \u00bb, \u00e0 frapper sur toutes les parties du corps, \u00e0 introduire un c\u00e2ble m\u00e9tallique dans l\u2019anus, \u00e0 cibler les organes g\u00e9nitaux, \u00e0 frapper sur les os des jambes, des genoux et sur les ongles des pieds et des mains, \u00e0 suspendre par une jambe au moyen d\u2019une cha\u00eene m\u00e9tallique et \u00e0 suspendre par derri\u00e8re par des cordes (la main droite et la jambe gauche) entre la fen\u00eatre du bureau et la de la porte en face\u2026 et autres m\u00e9thodes sauvages sur lesquelles s\u2019accordent les des tortionnaires, comme nous l\u2019ont racont\u00e9 nombre de d\u00e9tenus \u00e0 travers leurs diff\u00e9rents t\u00e9moignages.<\/font><\/span><\/p>\n<p align=\"justify\" dir=\"ltr\"><span lang=\"FR\"><font face=\"Arial\">Attendu que la torture de Rachid Chammakhi a commenc\u00e9 d\u00e8s son arriv\u00e9e et sans que lui soit pos\u00e9e la moindre question, et que l\u2019intention \u00e9tait de se venger, de tuer, et d\u2019en faire un exemple pour les autres, puisqu\u2019il a \u00e9t\u00e9 tortur\u00e9 de fa\u00e7on sauvage devant les autres personnes d\u00e9tenues et qu\u2019il n\u2019a pas \u00e9t\u00e9 interrog\u00e9. Dans le t\u00e9moignage de Kamel Hamidi, il est dit qu\u2019il avait entendu le chef de la brigade dire aux agents \u00e0 l\u2019arriv\u00e9e de Rachid : \u00ab tuez-le \u00bb (documents n\u00b06, 7 et 9)<\/font><\/span><\/p>\n<p align=\"justify\" dir=\"ltr\"><span lang=\"FR\"><font face=\"Arial\">Attendu que Rachid Chammakhi a \u00e9t\u00e9 d\u00e9pouill\u00e9 de tous ses v\u00eatements et suspendu nu dans la position du \u00ab r\u00f4ti \u00bb, que l\u2019un des agents a commenc\u00e9 \u00e0 le frapper sur les fesses avec violence au moyen d\u2019un gros gourdin \u00ab Dabbous \u00bb et qu\u2019un second agent le frappait dans le m\u00eame temps \u00e0 la t\u00eate (documents n\u00b06 et 9)<\/font><\/span><\/p>\n<p align=\"justify\" dir=\"ltr\"><span lang=\"FR\"><font face=\"Arial\">Attendu que la premi\u00e8re s\u00e9ance de torture sans la moindre question a dur\u00e9 environ quatre heures d\u2019affil\u00e9e, pendant lesquelles plusieurs agents se sont relay\u00e9s pour le frapper et le torturer, qu\u2019ils l\u2019ont frapp\u00e9 jusqu\u2019\u00e0 lui arracher la peau et qu\u2019il ne pouvait plus supporter la station debout (document n\u00b06) <\/font><\/span><\/p>\n<p align=\"justify\" dir=\"ltr\"><span lang=\"FR\"><font face=\"Arial\">Attendu que le martyr Rachid Chammakhi a \u00e9t\u00e9 conduit dans la soir\u00e9e du m\u00eame jour, jeudi 24 octobre vers sept heures, au sein d\u2019une escorte form\u00e9e par des agents de la brigade d\u2019investigations de Nabeul, d\u2019agents des postes de la Garde et de la police de Slimane vers le jardin d\u2019enfants municipal sis cit\u00e9 du 1<sup>er<\/sup> juin \u00e0 Slimane pour enqu\u00eater sur des armes pr\u00e9sum\u00e9es, et lorsqu\u2019ils n\u2019ont rien trouv\u00e9, ils l\u2019ont emmen\u00e9 au centre d\u2019\u00e9ducation de Nahl qui est une propri\u00e9t\u00e9 de la famille dans la r\u00e9gion de Chrifat. Les agents \u00e9taient bien d\u00e9termin\u00e9s \u00e0 mettre la main sur des armes dont toutes les recherches men\u00e9es \u00e0 bien par la suite ont \u00e9tabli qu\u2019elles n\u2019existaient pas. Ces donn\u00e9es mensong\u00e8res \u00e9manaient de la pr\u00e9sidence et les directives venant du plus haut niveau \u00e9taient d\u2019utiliser tous les moyens pour extorquer les aveux quel qu\u2019en soit le prix. Le martyr Rachid Chammakhi a \u00e9t\u00e9 contraint d\u2019avouer l\u2019existence d\u2019armes dont il ne savait rien, dans l\u2019espoir d\u2019att\u00e9nuer provisoirement les tortures (documents n\u00b01 et 5)<\/font><\/span><\/p>\n<p align=\"justify\" dir=\"ltr\"><span lang=\"FR\"><font face=\"Arial\">Attendu que nombre d\u2019habitants de la ville de Slimane ont \u00e9t\u00e9 t\u00e9moins de la pr\u00e9sence de Rachid Chammakhi ligot\u00e9 par des cha\u00eenes aux mains et aux jambes, pieds nus, que les traces de torture \u00e9taient visibles, que le sang ruisselait sur son visage, que certains passants ont vu des traces de sang sur la voiture qui l\u2019avait transport\u00e9, qu\u2019il a \u00e9t\u00e9 battu sauvagement devant les passants et que du sang s\u2019\u00e9coulait de sa bouche et de son nez (documents n\u00b0 1, 5, 11, 12 et 13)<\/font><\/span><\/p>\n<p align=\"justify\" dir=\"ltr\"><span lang=\"FR\"><font face=\"Arial\">Lorsque les agents ont r\u00e9alis\u00e9 que les armes pr\u00e9sum\u00e9es n\u2019existaient pas, leur soif de vengeance sur Rachid Chammakhi fut terrible<\/font><\/span><\/p>\n<p align=\"justify\" dir=\"ltr\"><span lang=\"FR\"><font face=\"Arial\">Attendu que le t\u00e9moignage de Mohammed Ben Larbi Hamidi et les d\u00e9clarations de divers t\u00e9moins, d\u2019autres personnes arr\u00eat\u00e9es et pr\u00e9sentes et qui sont pr\u00eats \u00e0 le dire devant le tribunal et qui ont \u00e9t\u00e9 incapables d\u2019\u00e9crire leurs t\u00e9moignages du fait de leur cruaut\u00e9, attestent que Monsieur\u2026 a apport\u00e9 un c\u00e2ble m\u00e9tallique, a plac\u00e9 \u00e0 une de ses extr\u00e9mit\u00e9s une compresse et a vers\u00e9 dessus de l\u2019\u00e9ther inflammable et dangereux, puis les a introduits dans les fesses du d\u00e9funt Chammakhi alors que ce dernier \u00e9tait nu en position du \u00ab r\u00f4ti \u00bb, puis il a sorti le c\u00e2ble, le sang s\u2019\u00e9coulant en abondance des fesses du martyr et qu\u2019il a r\u00e9p\u00e9t\u00e9 l\u2019op\u00e9ration sous les \u00e9clats de rire de monsieur\u2026 et de ses coll\u00e8gues [\u2026](document n\u00b0 6)<\/font><\/span><\/p>\n<p align=\"justify\" dir=\"ltr\"><span lang=\"FR\"><font face=\"Arial\">Attendu que l\u2019agent, monsieur \u2026. a saisi violemment les organes g\u00e9nitaux du martyr alors que ce dernier \u00e9tait en position du \u00ab r\u00f4ti \u00bb et qu\u2019il avait les mains li\u00e9es, sous le regard et les encouragements du chef de la brigade, monsieur [\u2026] pour introduire violemment un fil de fer dans son sexe afin de lui broyer les testicules [\u2026] et le sang s\u2019\u00e9coulait du sexe du martyr (document n\u00b06)<\/font><\/span><\/p>\n<p align=\"justify\" dir=\"ltr\"><span lang=\"FR\"><font face=\"Arial\">Attendu que les tortionnaires se relayaient pour frapper les pieds et les genoux du martyr et les pieds jusqu\u2019\u00e0 ce que la peau n\u2019\u00e9clate et ne change de couleur. Et ils le br\u00fblaient avec leurs cigarettes (documents n\u00b06, 7, 8 et 9)<\/font><\/span><\/p>\n<p align=\"justify\" dir=\"ltr\"><span lang=\"FR\"><font face=\"Arial\">Attendu que les tortionnaires lui ont laiss\u00e9 les terribles menottes pendant trois jours d\u2019affil\u00e9e et pendant les longues heures de torture alors qu\u2019il \u00e9tait suspendu ses poignets ont failli se briser et ses os se sont disjoints d\u2019apr\u00e8s tous les t\u00e9moins d\u00e9tenus et pr\u00e9sents lors de la torture du martyr (documents n\u00b0 6, 7, 8 et 9)<\/font><\/span><\/p>\n<p align=\"justify\" dir=\"ltr\"><span lang=\"FR\"><font face=\"Arial\">Attendu que le martyr Rachid Chammakhi appelait avec le peu de force et de voix qui lui restait \u00ab ayez piti\u00e9 de moi, ayez piti\u00e9 de moi \u00bbet les agents lui r\u00e9pondaient \u00ab pour que tu meures, nous n\u2019enl\u00e8verons pas tes menottes et nous n\u2019arr\u00eaterons pas de torturer \u00bb sans parler des insultes, des injures et d\u2019encore plus de torture (documents n\u00b06, 7 et 8)<\/font><\/span><\/p>\n<p align=\"justify\" dir=\"ltr\"><span lang=\"FR\"><font face=\"Arial\">Attendu que lorsqu\u2019on le d\u00e9crochait lors des moments de repos et qu\u2019on le jetait dans le couloir, avec les cha\u00eenes aux mains, qu\u2019il lui \u00e9tait interdit de manger et de boire, et que tout agent qui passait par l\u00e0 (notamment messieurs\u2026. ) le rouait de coups et l\u2019emp\u00eachait de dormir voire m\u00eame de s\u2019assoupir. L\u2019agent d\u00e9nomm\u00e9 \u2026. \u00e9tait le plus violent d\u2019entre eux et \u00e0 chaque fois qu\u2019il passait devant le martyr il le frappait \u00e0 la t\u00eate avec une batte de base ball jusqu\u2019\u00e0 ce qu\u2019il perde connaissance ou bien il \u00e9crasait ses pieds enfl\u00e9s \u00e0 cause des coups et de l\u2019afflux du sang (documents n\u00b06 et 8)<\/font><\/span><\/p>\n<p align=\"justify\" dir=\"ltr\"><span lang=\"FR\"><font face=\"Arial\">Attendu que le martyr Rachid Chammakhi a \u00e9t\u00e9 introduit le 26 octobre 1991 dans la dite \u00ab salle des op\u00e9rations \u00bb, une pi\u00e8ce en face du bureau du chef du district, qui \u00e9mettait des directives et ses instructions dans toutes les s\u00e9ances de torture. Il a \u00e9t\u00e9 accroch\u00e9, nu, dans la position dite du \u00ab mouton \u00bb, sa jambe a \u00e9t\u00e9 accroch\u00e9e \u00e0 une cha\u00eene au plafond et il avait la t\u00eate en bas. Ses tortionnaires l\u2019ont rou\u00e9 de coups sans interruption. A chaque fois qu\u2019il perdait connaissance, ils le d\u00e9crochaient, l\u2019aspergeaient d\u2019eau, puis la s\u00e9ance reprenait, jusqu\u2019\u00e0 ce que son corps ne soit plus que de l\u2019eau et du sang m\u00eal\u00e9s (documents n\u00b06, 7 et 9)<\/font><\/span><\/p>\n<p align=\"justify\" dir=\"ltr\"><span lang=\"FR\"><font face=\"Arial\">Attendu que tous les d\u00e9tenus pr\u00e9sents t\u00e9moignent qu\u2019\u00e0 minuit le martyr a fait un effort sur lui-m\u00eame pour se rendre avec difficult\u00e9 et peine aux toilettes, qu\u2019il a demand\u00e9 \u00e0 l\u2019agent [\u2026] d\u2019enlever ses liens pour pouvoir faire ses besoins, et qu\u2019on lui a r\u00e9pondu de faire ses besoins comme il \u00e9tait.[\u2026] Il a perdu l\u2019\u00e9quilibre, a \u00e9mis un r\u00e2le et il est tomb\u00e9 sur le visage. Des d\u00e9tenus se sont pr\u00e9cipit\u00e9s avec l\u2019agent [\u2026] et l\u2019ont mis \u00e0 genoux. Ils l\u2019ont fait sortir sur la v\u00e9randa \u00e0 l\u2019entr\u00e9e du poste apr\u00e8s l\u2019avoir recouvert et ils ont essay\u00e9 de lui donner un peu de lait d\u2019autant plus qu\u2019il n\u2019avait ni mang\u00e9 ni bu depuis deux jours mais, en vain. Un des d\u00e9tenus a voulu lui faire un massage cardiaque pour le r\u00e9animer mais c\u2019est la mort qu\u2019il combattait\u2026 Lorsque les agents se sont rendus compte que son \u00e9tat \u00e9tait tr\u00e8s critique, ils l\u2019ont envelopp\u00e9 dans un drap et transport\u00e9 \u00e0 l\u2019h\u00f4pital (documents n\u00b06, 7, 8 et 9)<\/font><\/span><\/p>\n<p align=\"justify\" dir=\"ltr\"><b><span lang=\"FR\"><font face=\"Arial\">Le d\u00e9c\u00e8s du martyr : entre les certificats m\u00e9dicaux trafiqu\u00e9s, l\u2019autopsie mensong\u00e8re et l\u2019inhumation<\/font><\/span><\/b><\/p>\n<p align=\"justify\" dir=\"ltr\"><span lang=\"FR\"><font face=\"Arial\">Attendu que toutes les donn\u00e9es et indices attestent que le martyr Rachid Chammakhi est d\u00e9c\u00e9d\u00e9 quelques minutes apr\u00e8s son arriv\u00e9e \u00e0 l\u2019h\u00f4pital universitaire de Nabeul (documents n\u00b05 et 10)<\/font><\/span><\/p>\n<p align=\"justify\" dir=\"ltr\"><span lang=\"FR\"><font face=\"Arial\">Attendu que des sources m\u00e9dicales qui ont refus\u00e9 de t\u00e9moigner sauf \u00e0 la demande du procureur de la R\u00e9publique ou devant le tribunal, attestent que le martyr a \u00e9t\u00e9 enregistr\u00e9 \u00e0 l\u2019h\u00f4pital sous un nom d\u2019emprunt, sous le pseudo de \u00ab Ben Ali \u00bb. Le Dr [\u2026] a fourni une attestation apr\u00e8s son examen du cadavre \u00e9tablissant que la cause du d\u00e9c\u00e8s \u00e9tait la torture sauvage, mais sous la pression des autorit\u00e9s s\u00e9curitaires, le directeur de l\u2019h\u00f4pital universitaire a retir\u00e9 cette attestation et a charg\u00e9 le Dr [\u2026] d\u2019une autopsie ill\u00e9gale qui n\u2019avait \u00e9t\u00e9 demand\u00e9e ni par la famille, ni par le m\u00e9decin traitant et que les autorit\u00e9s concern\u00e9es n\u2019avaient pas demand\u00e9e non plus, pour changer la cause du d\u00e9c\u00e8s (document n\u00b05)<\/font><\/span><\/p>\n<p align=\"justify\" dir=\"ltr\"><span lang=\"FR\"><font face=\"Arial\">Attendu que le 28 octobre 1991, soit 24 heures apr\u00e8s le d\u00e9c\u00e8s du martyr Rachid Chammakhi, les agents du poste de la Garde Nationale de Soliman ont pris contact avec la famille du martyr et ont demand\u00e9 \u00e0 son p\u00e8re, le d\u00e9funt Salem Chammakhi, de se pr\u00e9senter au poste pour voir le chef, monsieur [\u2026]. Le chef l\u2019a inform\u00e9 du d\u00e9c\u00e8s de son fils \u00e0 la brigade des la garde et des investigations de Nabeul, de mort naturelle \u00e0 la suite d\u2019un arr\u00eat cardiaque d\u00fb \u00e0 une ancienne h\u00e9patite virale. Le p\u00e8re a refus\u00e9 cette version, puisque son fils n\u2019avait aucune maladie et qu\u2019il \u00e9tait en parfaite sant\u00e9 lors de son arrestation, qu\u2019il ne se plaignait d\u2019aucune pathologie, que ce soit une jaunisse ou un probl\u00e8me cardiaque. Il les a rendus responsables du meurtre de son fils sous la torture (documents 1 et 5)<\/font><\/span><\/p>\n<p align=\"justify\" dir=\"ltr\"><span lang=\"FR\"><font face=\"Arial\">Attendu que monsieur Kacem Chammakhi a contact\u00e9 l\u2019h\u00f4pital \u00e0 six heures de l\u2019apr\u00e8s midi le m\u00eame jour pour r\u00e9cup\u00e9rer la d\u00e9pouille de son fils, mais il s\u2019est heurt\u00e9 au refus d\u2019une responsable de l\u2019h\u00f4pital, qui pr\u00e9textait que le corps \u00e9tait infect\u00e9 par des virus dangereux pour la famille et la sant\u00e9 publique et qu\u2019il ne fallait pas l\u2019emmener \u00e0 la maison mais l\u2019inhumer imm\u00e9diatement et sans ouvrir le cercueil (document N\u00b05)<\/font><\/span><\/p>\n<p align=\"justify\" dir=\"ltr\"><span lang=\"FR\"><font face=\"Arial\">Attendu que la d\u00e9pouille n\u2019a \u00e9t\u00e9 conduite \u00e0 Soliman que le lendemain, le 29 octobre \u00e0 deux heures de l\u2019apr\u00e8s midi, avec une escorte de cinq v\u00e9hicules des brigades d\u2019intervention.<\/font><\/span><\/p>\n<p align=\"justify\" dir=\"ltr\"><span lang=\"FR\"><font face=\"Arial\">Attendu que l\u2019affluence de la population qui attendait la d\u00e9pouille a oblig\u00e9 ces forces a rendre le corps \u00e0 la famille apr\u00e8s en avoir obtenu la promesse qu\u2019elle n\u2019ouvrirait pas le cercueil et n\u2019en sortirait pas le cadavre (document n\u00b05)<\/font><\/span><\/p>\n<p align=\"justify\" dir=\"ltr\"><span lang=\"FR\"><font face=\"Arial\">Attendu qu\u2019on a pass\u00e9 outre la promesse et que le cercueil a \u00e9t\u00e9 ouvert, pour s\u2019assurer de l\u2019identit\u00e9 du mort qui \u00e9tait bien Rachid Chammakhi. Il a \u00e9t\u00e9 \u00e9vident pour tous ceux qui l\u2019ont vu qu\u2019il portait des traces de torture et de violence, notamment au visage, au torse, aux \u00e9paules et le corps avait \u00e9t\u00e9 badigeonn\u00e9 de teinture pour dissimuler les blessures et les traces. Pourtant beaucoup d\u2019h\u00e9matomes et de bleus \u00e9taient visibles. Ceux qui l\u2019ont observ\u00e9 ont remarqu\u00e9 une longue fente allant de la bourse jusqu\u2019\u00e0 la cage thoracique, qui avait \u00e9t\u00e9 recousue n\u2019importe comment et en tous cas pas de fa\u00e7on m\u00e9dicale, ce qui sugg\u00e8re que la blessure \u00e9tait faite pour faire diversion (documents n\u00b04, 3 et 10)<\/font><\/span><\/p>\n<p align=\"justify\" dir=\"ltr\"><b><span lang=\"FR\"><font face=\"Arial\">D\u2019autres tentatives de dissimulation du crime<\/font><\/span><\/b><\/p>\n<p align=\"justify\" dir=\"ltr\"><span lang=\"FR\"><font face=\"Arial\">Attendu que jusqu\u2019\u00e0 aujourd\u2019hui la famille du martyr Rachid Chammakhi n\u2019a pas eu droit \u00e0 un exemplaire du dossier m\u00e9dical ou de l\u2019expertise l\u00e9gale, elle appelle \u00e0 examiner la possibilit\u00e9 d\u2019exhumer le corps pour un examen et de recommencer l\u2019expertise du cadavre pour fixer les causes du d\u00e9c\u00e8s si cela \u00e9tait possible du point de vue scientifique.<\/font><\/span><\/p>\n<p align=\"justify\" dir=\"ltr\"><span lang=\"FR\"><font face=\"Arial\">Attendu que jusqu\u2019\u00e0 aujourd\u2019hui personne ne conna\u00eet la teneur de l\u2019instruction n\u00b01\/13455 diligent\u00e9e par monsieur le juge d\u2019instruction du Tribunal de Premi\u00e8re Instance de Grombalia pour enqu\u00eater sur l\u2019affaire, depuis novembre 1991, j\u2019ai pris contact avec les archives du Tribunal de Premi\u00e8re Instance de Grombalia le 27 juin 2011 en compagnie de monsieur Kacem Chammakhi et nous avons demander \u00e0 consulter le dossier, nous avons eu la surprise de constater que ce dernier \u00e9tait vide, qu\u2019il portait un num\u00e9ro, mais pas de nom et pas d\u2019autre mention.<\/font><\/span><\/p>\n<p align=\"justify\" dir=\"ltr\"><span lang=\"FR\"><font face=\"Arial\">Attendu que jusqu\u2019\u00e0 aujourd\u2019hui, personne ne comprend les d\u00e9ductions auxquelles est arriv\u00e9 le rapport publi\u00e9 le 13 juillet 1992 par la commission charg\u00e9e d\u2019\u00e9tablir la v\u00e9rit\u00e9, pr\u00e9sid\u00e9e par monsieur Rachid Driss, le pr\u00e9sident de la Commission sup\u00e9rieure des Droits de l\u2019homme et des libert\u00e9s fondamentales, sur les d\u00e9c\u00e8s suspects dans les locaux de la Suret\u00e9 et sous la torture. En d\u00e9pit de la reconnaissance par cette commission de plusieurs cas de d\u00e9c\u00e8s sous la torture, elle s\u2019est content\u00e9e qu\u2019il n\u2019y avait que deux cas suspects survenus \u00e0 Nabeul, dans la m\u00eame brigade de la Garde nationale, \u00e0 savoir les cas de Fa\u00ef\u00e7al Barakat qui est d\u00e9c\u00e9d\u00e9 le 8 octobre 1991, et Rachid Chammakhi qui est d\u00e9c\u00e9d\u00e9 le 27 octobre 1991. Elle a autoris\u00e9 l\u2019ouverture d\u2019une enqu\u00eate \u00e0 cette fin en application de l\u2019article 36 du code de proc\u00e9dure p\u00e9nale, mais on ne sait toujours pas pourquoi le dossier de l\u2019affaire a \u00e9t\u00e9 ferm\u00e9 et pourquoi la commission charg\u00e9e d\u2019\u00e9tablir la v\u00e9rit\u00e9 s\u2019est \u00e9vapor\u00e9e\u2026<\/font><\/span><\/p>\n<p align=\"justify\" dir=\"ltr\"><span lang=\"FR\"><font face=\"Arial\">La suite de la plainte contient la d\u00e9finition des responsabilit\u00e9s dans les crimes de torture, de meurtre, et de participation et de dissimulation de ces crimes, nous nous excusons de ne pouvoir la publier\u2026.<\/font><\/span><\/p>\n<p align=\"justify\" dir=\"ltr\"><span lang=\"FR\"><font face=\"Arial\">Nabil Labassi<\/font><\/span><\/p>\n<p align=\"justify\" dir=\"ltr\"><b><span lang=\"FR\"><font><font face=\"Arial\">(Source : <\/font><font><a href=\"http:\/\/www.nawaat.org\/\" target=\"_blank\" rel=\"noopener\"><font face=\"Arial\">www.nawaat.org<\/font><\/a><\/font><font face=\"Arial\">)<\/font><\/font><\/span><\/b><\/p>\n<p align=\"justify\" dir=\"ltr\"><b><span lang=\"FR\"><font face=\"Arial\">(traduction d\u2019extraits, ni revue ni corrig\u00e9e par l\u2019auteur de la version en arabe, LT)<\/font><\/span><\/b><\/p>\n<hr\/>\n<p align=\"justify\" dir=\"ltr\"><span lang=\"FR\"><font face=\"Arial\"><\/font><\/span><\/p>\n<div>\n<div>\n<div>\n<div>\n<div>\n<div>\n<div>\n<div>\n<div>\n<div>\n<div>\n<div>\n<div>\n<div>\n<div>\n<div>\n<div>\n<div align=\"center\"> <font face=\"Arial\"><strong>Mohamed Bouazizi<\/strong><\/font><\/div>\n<div align=\"justify\">\u00a0<\/div>\n<div align=\"justify\"> <font face=\"Arial\" size=\"2\">LOOS,BAUDOUIN<\/font><\/div>\n<div align=\"justify\"> <font face=\"Arial\" size=\"2\">Page 28<\/font><\/div>\n<div align=\"justify\"> <font face=\"Arial\" size=\"2\">Samedi 24 d\u00e9cembre 2011<\/font><\/div>\n<div align=\"justify\"> <font face=\"Arial\" size=\"2\">Il y a un an, un dipl\u00f4m\u00e9 ch\u00f4meur gifl\u00e9, qui n\u2019\u00e9tait ni dipl\u00f4m\u00e9 ni ch\u00f4meur ni gifl\u00e9, a chang\u00e9 la face du monde. \u00bb Cette boutade due \u00e0 Ta\u00efeb Moalla, un journaliste qu\u00e9b\u00e9cois d\u2019origine tunisienne, fait partie des anecdotes qui circulent autour du cas de Mohamed Bouazizi, ce Tunisien de 26 ans dont l\u2019immolation par le feu, le 17 d\u00e9cembre 2010, a entra\u00een\u00e9 \u2013 un mois de manifestations plus tard \u2013 le d\u00e9part du tyran, Zine el-Abidine Ben Ali.<\/font><\/div>\n<div align=\"justify\"> <font face=\"Arial\" size=\"2\">Lequel d\u00e9part lan\u00e7a, dans presque tout le monde arabe, une s\u00e9rie de r\u00e9voltes ou au moins de manifestations monstres qui d\u00e9stabilis\u00e8rent plusieurs pays (Egypte, Bahrein, Y\u00e9men, Libye et Syrie) au point de voir tomber deux autres dictateurs, l\u2019Egyptien et le Libyen, et vaciller un troisi\u00e8me, le Y\u00e9m\u00e9nite. Avant les autres\u2026<\/font><\/div>\n<div align=\"justify\"> <font face=\"Arial\" size=\"2\">Dans la petite ville de Sidi Bouzid, en plein centre d\u00e9sh\u00e9rit\u00e9 de la Tunisie, le cas de Mohamed Bouazizi fait toujours l\u2019objet de toutes les conversations. L\u2019histoire \u00ab officielle \u00bb de Bouazizi veut que ce vendeur de fruits et l\u00e9gumes \u00e0 la sauvette soutien de famille (ses six fr\u00e8res et s\u0153urs) ait \u00e9t\u00e9 victime de la police locale, qui lui avait une fois de plus, ce jour-l\u00e0, confisqu\u00e9 sa charrette de marchandises. Tr\u00e8s remont\u00e9, il \u00e9tait all\u00e9 au commissariat o\u00f9 une polici\u00e8re l\u2019aurait gifl\u00e9, une derni\u00e8re humiliation qui le poussa au geste supr\u00eame, l\u2019immolation par le feu devant le gouvernorat dont la porte restait close.<\/font><\/div>\n<div align=\"justify\"> <font face=\"Arial\" size=\"2\">Il se fait que la polici\u00e8re, arr\u00eat\u00e9e apr\u00e8s la chute de Ben Ali, a finalement \u00e9t\u00e9 acquitt\u00e9e le 19 avril. De gifle, il n\u2019y eut pas. Comme de dipl\u00f4me, que Bouazizi n\u2019a jamais d\u00e9croch\u00e9. D\u2019aucuns vont jusqu\u2019\u00e0 dire qu\u2019il n\u2019avait m\u00eame pas l\u2019intention de mettre le feu \u00e0 ses v\u00eatements asperg\u00e9s d\u2019essence, qu\u2019il aurait juste voulu menacer de le faire mais que la maladresse ou un verre d\u2019alcool de trop aurait provoqu\u00e9 le drame alors qu\u2019il manipulait un briquet. Inv\u00e9rifiable.<\/font><\/div>\n<div align=\"justify\"> <font face=\"Arial\" size=\"2\">Mais qu\u2019importe. Ce qui est s\u00fbr, c\u2019est que Mohamed Bouazizi \u00e9tait une des innombrables victimes du \u00ab syst\u00e8me \u00bb Ben Ali. A savoir une \u00e9conomie de pr\u00e9dation sans \u00e9gards pour la Tunisie profonde et qui tenait gr\u00e2ce \u00e0 un maillage serr\u00e9 de la soci\u00e9t\u00e9, la d\u00e9lation organis\u00e9e et un r\u00e9seau policier z\u00e9l\u00e9.<\/font><\/div>\n<div align=\"justify\"> <font face=\"Arial\" size=\"2\">Mohamed Bouazizi n\u2019aurait certainement jamais imagin\u00e9 le sort posthume qu\u2019il allait se forger en mourant de mani\u00e8re aussi dramatique.<\/font><\/div>\n<div align=\"justify\"> <font face=\"Arial\" size=\"2\">Car il est devenu une ic\u00f4ne. En Tunisie d\u2019abord et, au-del\u00e0, dans le monde arabe. Dans son pays, des places et des avenues portent d\u00e9j\u00e0 son nom, tout comme \u00e0 Paris, une place du XIVe arrondissement. Il vient m\u00eame de recevoir du Parlement europ\u00e9en, avec d\u2019autres h\u00e9ros du \u00ab printemps arabe \u00bb bien vivants eux, le prix Sakharov pour la libert\u00e9 de l\u2019esprit, il y a quelques jours.<\/font><\/div>\n<div align=\"justify\"> <font face=\"Arial\" size=\"2\">Plusieurs jeunes Arabes se sont suicid\u00e9s par le feu en fin d\u2019ann\u00e9e 2010 et au d\u00e9but de 2011. Par d\u00e9sespoir. Pourtant, seul le nom de Mohamed Bouazizi restera dans l\u2019Histoire. <\/font> <\/div>\n<div align=\"justify\">\u00a0<\/div>\n<div align=\"justify\"> <font face=\"Arial\" size=\"2\">(Source: \u201cLe Soir\u201d (Quotidien \u2013 Belgique) le 24 dembre 2011)<\/font><\/div>\n<div align=\"justify\"> <font face=\"Arial\" size=\"2\">http:\/\/archives.lesoir.be\/m\/mohamed-bouazizi_t-20111224-01QLYF.html?queryand=Bouazizi&amp;firstHit=0&amp;by=10&amp;sort=datedesc&amp;when=-1&amp;pos=1&amp;all=80&amp;nav=1<\/font><\/div>\n<\/p><\/div>\n<\/p><\/div>\n<\/p><\/div>\n<\/p><\/div>\n<\/p><\/div>\n<\/p><\/div>\n<\/p><\/div>\n<\/p><\/div>\n<\/p><\/div>\n<\/p><\/div>\n<\/p><\/div>\n<\/p><\/div>\n<\/p><\/div>\n<\/p><\/div>\n<\/p><\/div>\n<\/p><\/div>\n<\/p><\/div>\n<\/p><\/div>\n<\/p><\/div>\n<\/p><\/div>\n<\/p><\/div>\n<\/p><\/div>\n<\/p><\/div>\n<\/p><\/div>\n<\/p><\/div>\n<\/p><\/div>\n<\/p><\/div>\n<div>\n<div>\n<div>\n<div>\n<div>\n<div>\n<div>\n<div>\n<div>\n<div>\n<div>\n<div>\n<div>\n<div>\n<div>\n<div>\n<div>\n<div>\n<div>\n<div>\n<div>\n<div>\n<div>\n<div>\n<div>\n<div>\n<div>\u00a0<\/div>\n<\/p><\/div>\n<\/p><\/div>\n<\/p><\/div>\n<\/p><\/div>\n<\/p><\/div>\n<\/p><\/div>\n<\/p><\/div>\n<\/p><\/div>\n<\/p><\/div>\n<\/p><\/div>\n<\/p><\/div>\n<\/p><\/div>\n<\/p><\/div>\n<\/p><\/div>\n<\/p><\/div>\n<\/p><\/div>\n<\/p><\/div>\n<\/p><\/div>\n<\/p><\/div>\n<\/p><\/div>\n<\/p><\/div>\n<\/p><\/div>\n<\/p><\/div>\n<\/p><\/div>\n<\/p><\/div>\n<\/p><\/div>\n<\/p><\/div>\n<\/p><\/div>\n<\/p><\/div>\n<div dir=\"ltr\">\n<div>\n<div>\n<div>\n<div>\n<div>\n<div>\n<div>\n<div>\n<div>\n<div>\n<div>\n<div>\n<div>\n<div>\n<div>\n<div>\n<div>\n<div>\n<div>\n<div>\n<div>\n<div>\n<div>\n<div>\n<div>\n<div>\n<div>\n<div>\n<div>\n<div dir=\"ltr\">\n<hr\/><\/div>\n<\/p><\/div>\n<\/p><\/div>\n<\/p><\/div>\n<\/p><\/div>\n<\/p><\/div>\n<\/p><\/div>\n<\/p><\/div>\n<\/p><\/div>\n<\/p><\/div>\n<\/p><\/div>\n<\/p><\/div>\n<\/p><\/div>\n<\/p><\/div>\n<\/p><\/div>\n<\/p><\/div>\n<\/p><\/div>\n<\/p><\/div>\n<\/p><\/div>\n<div align=\"center\" dir=\"ltr\">\n<h2 style=\"color: red;\"><font face=\"Arial\"><strong>Constitution et dossiers socio-\u00e9conomiques au menu du 22\u00e8me congr\u00e8s de l\u2019UGTT<\/strong><\/font><\/h2>\n<\/div>\n<div align=\"justify\" dir=\"ltr\">\u00a0<\/div>\n<div align=\"justify\" dir=\"ltr\"> <font face=\"Arial\" size=\"2\">Par Mounir Ben Mahmoud<\/font><\/div>\n<div align=\"justify\" dir=\"ltr\">\u00a0<\/div>\n<div align=\"justify\" dir=\"ltr\"> <font face=\"Arial\" size=\"2\">Le 22\u00e8me congr\u00e8s de l\u2019UGTT s\u2019ouvrira lundi \u00e0 Tabarka. La principale centrale syndicale a choisi comme slogan la citation de son fondateur Farhat Hached \u2018Oh peuple, je t\u2019aime\u2019. Plus de 80 candidatures ont \u00e9t\u00e9 pr\u00e9sent\u00e9es pour postuler \u00e0 une place au sein du bureau ex\u00e9cutif qui sera \u00e9lu \u00e0 la fin des travaux, le 28 d\u00e9cembre. <\/font> <\/div>\n<div align=\"justify\" dir=\"ltr\"> <font face=\"Arial\" size=\"2\">L\u2019UGTT n\u2019a pas d\u00e9rog\u00e9 \u00e0 la coutume de tenir ses plus hautes assises en dehors de la capitale. Le choix s\u2019est port\u00e9 cette fois sur Tabarka o\u00f9 plusieurs dizaines de congressistes sont d\u00e9j\u00e0 sur place, que ce soit pour les pr\u00e9paratifs logistiques, ou pour les tractations \u00e9lectorales entre les diff\u00e9rentes mouvances syndicales. <\/font> <\/div>\n<div align=\"justify\" dir=\"ltr\">\u00a0<\/div>\n<div align=\"justify\" dir=\"ltr\"> <font face=\"Arial\" size=\"2\">518 congressistes sont donc attendus \u00e0 ce congr\u00e8s, dont l\u2019issue est, pour une fois, incertaine. En effet, et pour la premi\u00e8re fois, le secr\u00e9taire g\u00e9n\u00e9ral en exercice ne se repr\u00e9sente pas pour sa propre succession. Avec lui, sept autres membres du bureau ex\u00e9cutif n\u2019auront pas le droit de se repr\u00e9senter. L\u2019amendement du congr\u00e8s de Djerba de l\u2019article 10 du r\u00e8glement int\u00e9rieur limite \u00e0 deux le nombre de mandats successifs au bureau ex\u00e9cutif. <\/font> <\/div>\n<div align=\"justify\" dir=\"ltr\"> <font face=\"Arial\" size=\"2\">De ce fait, seuls quatre membres de l\u2019actuelle direction syndicale peuvent se repr\u00e9senter. Il s\u2019agit de Hassine Abbassi, Mouldi Jendoubi, Belgacem Ayari et Moncef Ezzahi. Ainsi, le 22\u00e8me congr\u00e8s permettra, au moins, \u00e0 neuf cadres syndicaux d\u2019acc\u00e9der au bureau ex\u00e9cutif. <\/font> <\/div>\n<div align=\"justify\" dir=\"ltr\">\u00a0<\/div>\n<div align=\"justify\" dir=\"ltr\"> <font face=\"Arial\" size=\"2\">Pour parvenir au sommet de l\u2019hi\u00e9rarchie syndicale, l\u2019exp\u00e9rience a montr\u00e9 qu\u2019il est n\u00e9cessaire d\u2019appartenir \u00e0 une r\u00e9gion, ou un secteur influent dans la centrale. L\u2019axe Kerkennah, Sfax et Gafsa a toujours \u00e9t\u00e9 fortement repr\u00e9sent\u00e9 dans les sph\u00e8res de d\u00e9cision \u00e0 l\u2019UGTT. Par ailleurs, il y a toujours eu des \u00e9quilibres \u00e0 tenir en consid\u00e9ration, lors de la formation des listes.<\/font><\/div>\n<div align=\"justify\" dir=\"ltr\"> <font face=\"Arial\" size=\"2\">Partant de cette logique, des tractations entre les gros cylindres (syndicats de l\u2019enseignement, r\u00e9gions de Tunis, Sfax, Ben Arous sont en cours pour former une liste consensuelle qui prendra la place de la traditionnelle liste du Secr\u00e9taire g\u00e9n\u00e9ral. Les indiscr\u00e9tions laissent entendre que l\u2019actuel membre de l\u2019ex\u00e9cutif, Moncef Ezzahi, est contest\u00e9 par une partie de ceux qui pr\u00f4nent la formation de cette liste consensuelle. On lui reproche \u2018un r\u00e9sultat m\u00e9diocre\u2019 lors de l\u2019actuel mandat. Par contre, les trois autres membres (Jendoubi, Abbassi et Ayari) b\u00e9n\u00e9ficient du soutien d\u2019une partie importante des congressistes. <\/font> <\/div>\n<div align=\"justify\" dir=\"ltr\"> <font face=\"Arial\" size=\"2\">En plus des anciens membres de l\u2019ex\u00e9cutif, d\u2019autres candidats partent avec des chances s\u00e9rieuses pour occuper des postes au sein du prochain bureau ex\u00e9cutif. Il s\u2019agit, notamment, de Noureddine Taboubi, secr\u00e9taire g\u00e9n\u00e9ral de l\u2019Union r\u00e9gionale de Tunis, Mohamed Msalemi, secr\u00e9taire g\u00e9n\u00e9ral de Ben Arous, Sami Tahri, secr\u00e9taire g\u00e9n\u00e9ral de l\u2019enseignement secondaire, Anouar Ben Gaddour, membre du Syndicat national de l\u2019enseignement sup\u00e9rieur, les deux membres de l\u2019Union r\u00e9gionale de Sfax, H\u00e9di Jema\u00e2 et Abdelkrim Jrad. <\/font> <\/div>\n<div align=\"justify\" dir=\"ltr\"> <font face=\"Arial\" size=\"2\">Plusieurs ex-membres de l\u2019ex\u00e9cutif comme Abdelmajid Sahraoui et Mustapha Ben Ahmed, sont \u00e9galement candidats ; preuve que le verdict des urnes sera tr\u00e8s serr\u00e9. Le monde syndical attendra avec impatience la premi\u00e8re direction de l\u2019UGTT de l\u2019apr\u00e8s-r\u00e9volution. <\/font> <\/div>\n<div align=\"justify\" dir=\"ltr\">\u00a0<\/div>\n<div align=\"justify\" dir=\"ltr\"> <font face=\"Arial\" size=\"2\">Par ailleurs, la mission des 518 congressistes ne se limitera pas \u00e0 l\u2019\u00e9lection d\u2019une nouvelle direction syndicale. Elle consistera \u00e9galement \u00e0 discuter, en marge de ce rassemblement syndical, un projet de constitution ainsi qu\u2019une plate-forme d&rsquo;action socio\u00e9conomique visant \u00e0 d\u00e9terminer les grandes orientations au cours de la prochaine \u00e9tape.<\/font><\/div>\n<div align=\"justify\" dir=\"ltr\"> <font face=\"Arial\" size=\"2\">Le projet de Constitution, \u00e9labor\u00e9 par les syndicalistes, comporte 11 chapitres, proposant, notamment, la cr\u00e9ation d&rsquo;une instance sup\u00e9rieure ind\u00e9pendante pour la justice financi\u00e8re, charg\u00e9e de contr\u00f4ler les comptes publics. Il sugg\u00e8re, aussi, la cr\u00e9ation du poste de m\u00e9diateur r\u00e9publicain qui veillera au respect, par les structures administratives, collectivit\u00e9s locales et \u00e9tablissements publics, des libert\u00e9s fondamentales.<\/font><\/div>\n<div align=\"justify\" dir=\"ltr\"> <font face=\"Arial\" size=\"2\">Les premiers chapitres \u00e9noncent les droits et libert\u00e9s fondamentales : L&rsquo;\u00e9galit\u00e9, la libert\u00e9 de croyance, et d&rsquo;expression, le droit de cr\u00e9er des partis politiques et des associations, le droit de se rassembler et de manifester ainsi que le droit \u00e0 un travail d\u00e9cent et \u00e0 l&rsquo;action syndicale.<\/font><\/div>\n<div align=\"justify\" dir=\"ltr\"> <font face=\"Arial\" size=\"2\">En ce qui concerne le pouvoir judiciaire, le projet de constitution propos\u00e9 par l&rsquo;UGTT insiste sur l&rsquo;ind\u00e9pendance de la justice. Plusieurs articles sont consacr\u00e9s au mode de fonctionnement de la magistrature. Le projet propose un pouvoir judiciaire dirig\u00e9 par un conseil sup\u00e9rieur de la magistrature et contr\u00f4l\u00e9 par une cour constitutionnelle dont les d\u00e9cisions sont irr\u00e9vocables, pour tous les pouvoirs publics.<\/font><\/div>\n<div align=\"justify\" dir=\"ltr\">\u00a0<\/div>\n<div align=\"justify\" dir=\"ltr\"> <font face=\"Arial\" size=\"2\">Concernant le volet \u00e9conomique, un projet de plateforme sera d\u00e9battu par les congressistes. L&rsquo;UGTT appelle, dans ce document \u00e9labor\u00e9 par son d\u00e9partement d\u2019\u00e9tudes, \u00e0 renforcer l&rsquo;investissement dans les secteurs productifs, \u00e0 diversifier le tissu industriel, \u00e0 dynamiser le r\u00f4le du tourisme, \u00e0 promouvoir le secteur agricole, conform\u00e9ment \u00e0 une nouvelle vision et \u00e0 r\u00e9viser les anciennes conventions qui ont consacr\u00e9 l&rsquo;h\u00e9g\u00e9monie des soci\u00e9t\u00e9s transfrontali\u00e8res.<\/font><\/div>\n<div align=\"justify\" dir=\"ltr\"> <font face=\"Arial\" size=\"2\">La centrale syndicale a fix\u00e9, \u00e0 cet effet, une s\u00e9rie d&rsquo;objectifs visant \u00e0 instaurer une politique qui stimule les investisseurs locaux et qui incite les petits producteurs \u00e0 s&rsquo;organiser dans des structures ind\u00e9pendantes, outre la protection de l&rsquo;industrie nationale. Le document appelle, \u00e9galement, \u00e0 r\u00e9duire la d\u00e9pendance des march\u00e9s ext\u00e9rieurs et \u00e0 rapprocher l&rsquo;enseignement du milieu entrepreneurial.<\/font><\/div>\n<div align=\"justify\" dir=\"ltr\">\u00a0<\/div>\n<div align=\"justify\" dir=\"ltr\"> <font face=\"Arial\" size=\"2\">Pour ce qui est du secteur agricole, l\u2019UGTT sugg\u00e8re d&rsquo;introduire des r\u00e9formes radicales en mesure de prot\u00e9ger les producteurs en milieu rural et de favoriser la transformation des terres agricoles publiques en coop\u00e9ratives agricoles g\u00e9r\u00e9es par les ouvriers et les agriculteurs.<\/font><\/div>\n<div align=\"justify\" dir=\"ltr\"> <font face=\"Arial\" size=\"2\">L&rsquo;UGTT consid\u00e8re que l&rsquo;\u00e9dification d&rsquo;une \u00e9conomie nationale au service du peuple n\u00e9cessite une r\u00e9partition \u00e9quitable des richesses et un d\u00e9veloppement r\u00e9gional \u00e9quilibr\u00e9 \u00e0 travers l&rsquo;int\u00e9gration des r\u00e9gions marginalis\u00e9es et exclues dans le circuit \u00e9conomique, l&rsquo;am\u00e9lioration du pouvoir d&rsquo;achat du citoyen, la garantie dans le texte de la constitution du droit au travail et le d\u00e9veloppement du syst\u00e8me judiciaire de mani\u00e8re \u00e0 garantir les droits des travailleurs et \u00e0 rompre avec l&#8217;emploi pr\u00e9caire. Le document appelle \u00e0 jeter les bases d&rsquo;un syst\u00e8me fiscal fond\u00e9 sur la r\u00e9partition \u00e9quitable des charges fiscales.<\/font><\/div>\n<div align=\"justify\" dir=\"ltr\">\u00a0<\/div>\n<div align=\"justify\" dir=\"ltr\"> <font face=\"Arial\" size=\"2\">Concernant le d\u00e9veloppement du syst\u00e8me des relations professionnelles, le document propos\u00e9 aux congressistes \u00e9voque aussi la r\u00e9vision des relations dans le monde du travail et sugg\u00e8re l\u2019alignement de la Tunisie aux normes internationales en vigueur de mani\u00e8re \u00e0 prot\u00e9ger les droits de l&#8217;employ\u00e9 et de l&#8217;employeur. L&rsquo;UGTT appelle \u00e0 garantir le droit \u00e0 la gr\u00e8ve, \u00e0 l&rsquo;information et aux n\u00e9gociations sociales et \u00e0 engager les r\u00e9formes n\u00e9cessaires dans le secteur social, particuli\u00e8rement, en ce qui concerne les syst\u00e8mes de s\u00e9curit\u00e9 sociale, en \u0153uvrant \u00e0 pallier les insuffisances qui ont provoqu\u00e9 le d\u00e9s\u00e9quilibre des caisses sociales.<\/font><\/div>\n<div align=\"justify\" dir=\"ltr\"> <font face=\"Arial\" size=\"2\">Le document n\u2019a pas oubli\u00e9 d\u2019\u00e9voquer la n\u00e9cessit\u00e9 d&rsquo;associer la femme \u00e0 la prise de d\u00e9cision, de consolider sa pr\u00e9sence dans la soci\u00e9t\u00e9 et de promouvoir les l\u00e9gislations dans le sens de la consolidation de ses acquis. L\u2019interrogation s\u2019impose toutefois concernant l\u2019absence continue de la femme dans la direction de l\u2019UGTT malgr\u00e9 le fait que le taux des adh\u00e9rentes s\u2019\u00e9l\u00e8ve \u00e0 47 % des membres de la centrale syndicale.<\/font><\/div>\n<div align=\"justify\" dir=\"ltr\">\u00a0<\/div>\n<div align=\"justify\" dir=\"ltr\"> <font face=\"Arial\" size=\"2\">Le document propos\u00e9 s\u2019int\u00e9resse aussi au domaine culturel, o\u00f9 il propose d&rsquo;approfondir la prise de conscience de l&rsquo;opinion publique, de lutter contre la r\u00e9signation et de renforcer l&rsquo;attachement \u00e0 l&rsquo;identit\u00e9 nationale, en demeurant ouvert sur les cultures \u00e9trang\u00e8res.<\/font><\/div>\n<div align=\"justify\" dir=\"ltr\"> <font face=\"Arial\" size=\"2\">Pour ce qui est de l\u2019information, il met en outre l&rsquo;accent sur la n\u00e9cessit\u00e9 d&rsquo;instaurer une information qui r\u00e9pond aux objectifs de la r\u00e9volution et qui garantit le droit du citoyen \u00e0 une information libre \u00e0 travers la r\u00e9vision du code de la presse et du statut des entreprises de presse publiques pour en faire une commodit\u00e9 au service de la communaut\u00e9 nationale.<\/font><\/div>\n<div align=\"justify\" dir=\"ltr\">\u00a0<\/div>\n<div align=\"justify\" dir=\"ltr\"> <font face=\"Arial\" size=\"2\">Par ailleurs, l&rsquo;UGTT estime imp\u00e9ratif de d\u00e9mocratiser l&rsquo;enseignement et de renforcer le budget allou\u00e9 au secteur de l&rsquo;\u00e9ducation afin qu&rsquo;il soit au diapason des mutations internationales, appelant, notamment, \u00e0 r\u00e9viser les programmes scolaires sur la base du respect de l&rsquo;identit\u00e9 nationale.<\/font><\/div>\n<div align=\"justify\" dir=\"ltr\"> <font face=\"Arial\" size=\"2\">Ainsi, les syndicalistes de l\u2019UGTT tiennent \u00e0 ce que ce 22\u00e8me congr\u00e8s ne soit pas uniquement un congr\u00e8s \u00e9lectoral. Ils veulent que leur centrale syndicale en ressorte dot\u00e9e, en plus de sa nouvelle direction, d\u2019un projet de constitution et d\u2019une plateforme \u00e9conomique et sociale qu\u2019elle d\u00e9fendra dans les d\u00e9bats de la soci\u00e9t\u00e9 civile et politique en Tunisie. Un v\u00e9ritable d\u00e9bat est d\u00e9sormais de mise en Tunisie gr\u00e2ce \u00e0 la r\u00e9volution, et l\u2019UGTT est l\u2019un de ses principaux acteurs.<\/font><\/div>\n<div align=\"justify\" dir=\"ltr\">\u00a0<\/div>\n<div align=\"justify\" dir=\"ltr\"> <font face=\"Arial\" size=\"2\"><strong>Source:\u201dBusiness news\u201d Le 15-12-2011<\/strong><\/font><\/div>\n<div align=\"justify\" dir=\"ltr\"> <font face=\"Arial\" size=\"2\"><font><strong>Lien: <\/strong><\/font><a href=\"http:\/\/www.businessnews.com.tn\/Tunisie---Constitution-et-dossiers-socio-\u00c3\u00a9conomiques-au-menu-du-22\u00c3\u00a8me-congr\u00c3\u00a8s-de-l\u00e2??UGTT,519,28396,1\" target=\"_blank\" rel=\"noopener\"><font><strong>http:\/\/www.businessnews.com.tn\/Tunisie&#8212;Constitution-et-dossiers-socio-%C3%A9conomiques-au-menu-du-22%C3%A8me-congr%C3%A8s-de-l%E2%80%99UGTT,519,28396,1<\/strong><\/font><\/a><\/font><\/div>\n<div align=\"justify\" dir=\"ltr\">\u00a0<\/div>\n<div>\n<div>\n<div>\n<div>\n<div>\n<div>\n<div>\n<div>\n<div>\n<div>\n<div>\n<div>\n<div>\n<div>\n<div>\n<div>\n<div>\n<div>\n<div dir=\"ltr\">\n<hr\/><\/div>\n<\/p><\/div>\n<\/p><\/div>\n<\/p><\/div>\n<\/p><\/div>\n<\/p><\/div>\n<\/p><\/div>\n<\/p><\/div>\n<\/p><\/div>\n<\/p><\/div>\n<\/p><\/div>\n<\/p><\/div>\n<\/p><\/div>\n<\/p><\/div>\n<\/p><\/div>\n<\/p><\/div>\n<\/p><\/div>\n<\/p><\/div>\n<\/p><\/div>\n<div align=\"justify\" dir=\"ltr\">\u00a0<\/div>\n<div align=\"justify\" dir=\"ltr\">\u00a0<\/div>\n<div align=\"center\" dir=\"ltr\">\n<h2 style=\"color: red;\"><font face=\"Arial\"><strong>Tunisie &#8211; l&rsquo;indicateur de productivit\u00e9 \u00e0 son plus bas niveau<\/strong><\/font><\/h2>\n<\/div>\n<div align=\"justify\" dir=\"ltr\">\u00a0<\/div>\n<div align=\"justify\" dir=\"ltr\"> <font face=\"Arial\" size=\"2\">L&rsquo;indicateur de productivit\u00e9 en Tunisie, a chut\u00e9 \u00e0 un niveau jamais atteint auparavant dans le pays, en raison des gr\u00e8ves injustifi\u00e9es parfois et des demandes sociales exacerb\u00e9es par la r\u00e9volution.<\/font><\/div>\n<div align=\"justify\" dir=\"ltr\">\u00a0<\/div>\n<div align=\"justify\" dir=\"ltr\"> <font face=\"Arial\" size=\"2\">Le nombre de gr\u00e8ves ill\u00e9gales et sans pr\u00e9avis ont atteint environ 360 gr\u00e8ves, durant les dix premiers mois de l&rsquo;ann\u00e9e, contre quelque 240 gr\u00e8ves en 2010, selon l&rsquo;Union tunisienne de l&rsquo;industrie, du commerce et de l&rsquo;artisanat (UTICA).<\/font><\/div>\n<div align=\"justify\" dir=\"ltr\">\u00a0<\/div>\n<div align=\"justify\" dir=\"ltr\"> <font face=\"Arial\" size=\"2\">Ces mouvements de protestations et sit-in qui se sont d\u00e9roul\u00e9s tout au long de cette ann\u00e9e ont contribu\u00e9 au blocage de l&rsquo;activit\u00e9 de nombreuses unit\u00e9s de production dans diff\u00e9rents secteurs, tels que les phosphates, les mines et l&rsquo;\u00e9nergie, outre l&rsquo;arr\u00eat de plusieurs activit\u00e9s industrielles et commerciales en relation directe avec les int\u00e9r\u00eats des citoyens.<\/font><\/div>\n<div align=\"justify\" dir=\"ltr\">\u00a0<\/div>\n<div align=\"justify\" dir=\"ltr\"> <font face=\"Arial\" size=\"2\">L&rsquo;indicateur productivit\u00e9 dans le secteur des mines a ainsi baiss\u00e9 de 94,1 points, durant les neufs premiers mois de l&rsquo;ann\u00e9e en cours, \u00e0 39,2 points durant la m\u00eame p\u00e9riode en 2010. Idem pour le secteur de l&rsquo;\u00e9nergie dont la productivit\u00e9 a r\u00e9gress\u00e9 de 127,8 points \u00e0 120,6 points.<\/font><\/div>\n<div align=\"justify\" dir=\"ltr\">\u00a0<\/div>\n<div align=\"justify\" dir=\"ltr\"> <font face=\"Arial\" size=\"2\">Le directeur central de l&rsquo;Observatoire de la Conjoncture \u00e9conomique \u00e0 l&rsquo;Institut National de la Statistique (INS), M. Mustapha Bouzaiane, a soulign\u00e9 qu&rsquo;il \u00ab\u00a0est normal de voir la productivit\u00e9 en Tunisie post-r\u00e9volutionnaire, atteindre ses plus bas niveaux, en raison des gr\u00e8ves et sit-in qui ont paralys\u00e9, d&rsquo;une mani\u00e8re concr\u00e8te, l&rsquo;appareil productif\u00a0\u00bb.<\/font><\/div>\n<div align=\"justify\" dir=\"ltr\">\u00a0<\/div>\n<div align=\"justify\" dir=\"ltr\"> <font face=\"Arial\" size=\"2\">\u00ab\u00a0De grandes entreprises et \u00e9tablissements publics, telles que les soci\u00e9t\u00e9s du ciment de Gab\u00e8s (sud du pays) et d&rsquo;Enfidha ont mis fin, d\u00e9finitivement, \u00e0 leurs activit\u00e9s en plus du blocage de l&rsquo;activit\u00e9 dans le domaine du phosphate\u00a0\u00bb, a rappel\u00e9 le responsable.<\/font><\/div>\n<div align=\"justify\" dir=\"ltr\">\u00a0<\/div>\n<div align=\"justify\" dir=\"ltr\"> <font face=\"Arial\" size=\"2\">Les statistiques pr\u00e9sent\u00e9es indiquent que l&rsquo;indice de la production industrielle globale a accus\u00e9 une baisse de 2,5% pendant les neufs premiers mois (2010-2011), alors qu&rsquo;il \u00e9tait de 8,1 % durant la meme p\u00e9riode 2009-2010. Pis, l&rsquo;indicateur global a r\u00e9gress\u00e9 de 132,7 points \u00e0 fin septembre 2010 \u00e0 129,4 points pendant la m\u00eame p\u00e9riode de l&rsquo;ann\u00e9e 2011.<\/font><\/div>\n<div align=\"justify\" dir=\"ltr\">\u00a0<\/div>\n<div align=\"justify\" dir=\"ltr\"> <font face=\"Arial\" size=\"2\"><strong>Source: \u201cMaghreb Emergenet\u201d Le 25-12-2011<\/strong><\/font><\/div>\n<div align=\"justify\" dir=\"ltr\"> <font face=\"Arial\" size=\"2\"><strong><font>Lien: <\/font><\/strong><a href=\"http:\/\/www.maghrebemergent.com\/actualite\/fil-maghreb\/7247-tunisie-lindicateur-de-productivite-a-son-plus-bas-niveau.html\" target=\"_blank\" rel=\"noopener\"><strong><font>http:\/\/www.maghrebemergent.com\/actualite\/fil-maghreb\/7247-tunisie-lindicateur-de-productivite-a-son-plus-bas-niveau.html<\/font><\/strong><\/a><\/font><\/div>\n<div align=\"justify\" dir=\"ltr\">\u00a0<\/div>\n<div>\n<div>\n<div>\n<div>\n<div>\n<div>\n<div>\n<div>\n<div>\n<div>\n<div>\n<div>\n<div>\n<div>\n<div>\n<div>\n<div>\n<div>\n<div dir=\"ltr\">\n<hr\/><\/div>\n<\/p><\/div>\n<\/p><\/div>\n<\/p><\/div>\n<\/p><\/div>\n<\/p><\/div>\n<\/p><\/div>\n<\/p><\/div>\n<\/p><\/div>\n<\/p><\/div>\n<\/p><\/div>\n<\/p><\/div>\n<\/p><\/div>\n<\/p><\/div>\n<\/p><\/div>\n<\/p><\/div>\n<\/p><\/div>\n<\/p><\/div>\n<\/p><\/div>\n<div align=\"justify\" dir=\"ltr\">\u00a0<\/div>\n<div align=\"center\" dir=\"ltr\">\n<h2 style=\"color: red;\"><font face=\"Arial\"><strong>Biographie de Houcine Dimassi, nouveau ministre des Finances<\/strong><\/font><\/h2>\n<\/div>\n<div align=\"justify\" dir=\"ltr\">\u00a0<\/div>\n<div align=\"justify\" dir=\"ltr\"> <font face=\"Arial\" size=\"2\">Le nouveau ministre des Finances Houcine Dimassi est n\u00e9 le 18 novembre 1948 \u00e0 Ksar Helal dans le gouvernorat de Monastir. <\/font> <\/div>\n<div align=\"justify\" dir=\"ltr\">\u00a0<\/div>\n<div align=\"justify\" dir=\"ltr\"> <font face=\"Arial\" size=\"2\">Il est titulaire d&rsquo;un doctorat d&rsquo;Etat en sciences \u00e9conomiques (1983) et de l&rsquo;agr\u00e9gation en sciences \u00e9conomiques (1984).<\/font><\/div>\n<div align=\"justify\" dir=\"ltr\">\u00a0<\/div>\n<div align=\"justify\" dir=\"ltr\"> <font face=\"Arial\" size=\"2\">Il a occup\u00e9 plusieurs postes acad\u00e9miques, passant de celui de professeur assistant en sciences \u00e9conomiques \u00e0 la facult\u00e9 de l&rsquo;\u00e9conomie et de gestion de Tunis en 1973 pour acc\u00e9der au poste de doyen de la facult\u00e9 de droit et des sciences \u00e9conomiques et politiques de Sousse (1988-1991).<\/font><\/div>\n<div align=\"justify\" dir=\"ltr\">\u00a0<\/div>\n<div align=\"justify\" dir=\"ltr\"> <font face=\"Arial\" size=\"2\">Au d\u00e9but des ann\u00e9es 90, il a occup\u00e9 le poste d&rsquo;expert contractuel au minist\u00e8re de la planification. Il a \u00e9galement \u00e9t\u00e9 secr\u00e9taire g\u00e9n\u00e9ral du syndicat de l&rsquo;enseignement sup\u00e9rieur \u00e0 la facult\u00e9 de l&rsquo;\u00e9conomie et de gestion de Tunis (1975-1980) et est membre fondateur du parti du mouvement de l&rsquo;unit\u00e9 populaire (MUP) en 1977.<\/font><\/div>\n<div align=\"justify\" dir=\"ltr\">\u00a0<\/div>\n<div align=\"justify\" dir=\"ltr\"> <font face=\"Arial\" size=\"2\">M. Dimassi a pris part \u00e0 plusieurs rencontres organis\u00e9es par des institutions internationales dont la Banque mondiale, l&rsquo;organisation des nations unies pour l&rsquo;alimentation et l&rsquo;agriculture (FAO), le programme des nations unies pour le d\u00e9veloppement (PNUD) et la ligue des Etats arabes.<\/font><\/div>\n<div align=\"justify\" dir=\"ltr\">\u00a0<\/div>\n<div align=\"justify\" dir=\"ltr\"> <font face=\"Arial\" size=\"2\">Il est l&rsquo;auteur de plusieurs articles et \u00e9tudes en langues arabe et fran\u00e7aise. Ses articles ont port\u00e9 principalement sur \u00ab\u00a0le ch\u00f4mage en Tunisie\u00a0\u00bb, \u00ab\u00a0les activit\u00e9s de promotion de l&rsquo;\u00e9conomie Tunisienne\u00a0\u00bb, \u00ab\u00a0le d\u00e9veloppement des \u00e9changes \u00e9conomiques entre les pays arabes\u00a0\u00bb, \u00ab\u00a0la situation financi\u00e8re de la caisse nationale de s\u00e9curit\u00e9 sociale en Tunisie\u00a0\u00bb et \u00ab\u00a0les capacit\u00e9s \u00e9conomiques des femmes tunisiennes\u00a0\u00bb.<\/font><\/div>\n<div align=\"justify\" dir=\"ltr\">\u00a0<\/div>\n<div align=\"justify\" dir=\"ltr\"> <font face=\"Arial\" size=\"2\">Il a \u00e9labor\u00e9 un rapport \u00e9conomique et social dans le cadre du congr\u00e8s de l&rsquo;UGTT en 2001 ainsi qu&rsquo;une \u00e9tude prospective sur la Tunisie \u00e0 l&rsquo;horizon de 2030. M. Dimassi est mari\u00e9 et p\u00e8re de quatre enfants.<\/font><\/div>\n<div align=\"justify\" dir=\"ltr\">\u00a0<\/div>\n<div align=\"justify\" dir=\"ltr\"> <font face=\"Arial\" size=\"2\"><strong>Source:\u201dEspace Manager\u201d le 25-12-2011<\/strong><\/font><\/div>\n<div align=\"justify\" dir=\"ltr\"> <font face=\"Arial\" size=\"2\"><strong>Lien: http:\/\/www.espacemanager.com\/politique\/tunisie-biographie-de-houcine-dimassi-nouveau-ministre-des-finances.html<\/strong><\/font><\/div>\n<div align=\"justify\" dir=\"ltr\">\u00a0<\/div>\n<div>\n<div>\n<div>\n<div>\n<div>\n<div>\n<div>\n<div>\n<div>\n<div>\n<div>\n<div>\n<div>\n<div>\n<div>\n<div>\n<div>\n<div>\n<div dir=\"ltr\">\n<hr\/><\/div>\n<\/p><\/div>\n<\/p><\/div>\n<\/p><\/div>\n<\/p><\/div>\n<\/p><\/div>\n<\/p><\/div>\n<\/p><\/div>\n<\/p><\/div>\n<\/p><\/div>\n<\/p><\/div>\n<\/p><\/div>\n<\/p><\/div>\n<\/p><\/div>\n<\/p><\/div>\n<\/p><\/div>\n<\/p><\/div>\n<\/p><\/div>\n<\/p><\/div>\n<div align=\"justify\" dir=\"ltr\">\u00a0<\/div>\n<div align=\"center\" dir=\"ltr\">\n<h2 style=\"color: red;\"><font face=\"Arial\"><strong>Le premier Hackerspace tunisien vient de voir le jour<\/strong><\/font><\/h2>\n<\/div>\n<div align=\"justify\" dir=\"ltr\">\u00a0<\/div>\n<div align=\"justify\" dir=\"ltr\"> <font face=\"Arial\" size=\"2\">Bien avant la r\u00e9volution, certains Tunisiens en parlaient, mais c\u2019est finalement apr\u00e8s presque un an jour pour jour que le premier Hackerspace tunisien a vu le jour. L\u2019id\u00e9e, qui est une sorte de \u00ab La cantine fran\u00e7aise\u00bb 100 % tunisienne, a \u00e9t\u00e9 mise sur le tapis, mais faute de local et de fonds elle n&rsquo;a pas pu \u00eatre concr\u00e9tis\u00e9e.<\/font><\/div>\n<div align=\"justify\" dir=\"ltr\">\u00a0<\/div>\n<div align=\"justify\" dir=\"ltr\"> <font face=\"Arial\" size=\"2\">Tout d&rsquo;abord, force est d\u2019introduire la notion de Hackerspace. Comme son nom l&rsquo;indique c&rsquo;est un espace de hacker, mais le mot hacker ne veut pas dire pirater. Loin de cette notion d&rsquo;ill\u00e9galit\u00e9, le Hackerspace se veut un local o\u00f9 des gens ayant des id\u00e9es identiques et d\u00e9veloppant les m\u00eames centres d\u2019int\u00e9r\u00eat se r\u00e9unissent pour un travail collaboratif. Une sorte de laboratoire communautaire ouvert \u00e0 tous.<\/font><\/div>\n<div align=\"justify\" dir=\"ltr\">\u00a0<\/div>\n<div align=\"justify\" dir=\"ltr\"> <font face=\"Arial\" size=\"2\">L&rsquo;id\u00e9e de Hackerspace est peu r\u00e9pandue dans le monde arabe. C&rsquo;est un concept nouveau, dans le sens o\u00f9 les communaut\u00e9s du monde de la technologie et de l\u2019informatique demeurent encore toutes r\u00e9centes pour cette r\u00e9gion du monde. Par exemple, les communaut\u00e9s d\u00e9fendant des projets Open Source ou les logiciels libres fleurissent tout juste et commencent depuis \u00e0 peine deux ou trois ann\u00e9es \u00e0 \u00ab m\u00e9diatiser \u00bb leurs travaux et faire appel de mani\u00e8re massive \u00e0 des contributeurs et \u00e0 des passionn\u00e9s afin de les joindre.<\/font><\/div>\n<div align=\"justify\" dir=\"ltr\">\u00a0<\/div>\n<div align=\"justify\" dir=\"ltr\"> <font face=\"Arial\" size=\"2\">Et c\u2019est finalement en Tunisie au sein du local de l\u2019association Nawaat que le premier Hackerspace arabe a vu le jour gr\u00e2ce, entre autres, \u00e0 l\u2019initiative de Chemseddine Ben Jemaa, figure phare de la communaut\u00e9 Open Source tunisienne, les responsables de l\u2019association Nawaat qui ont accept\u00e9 d\u2019ouvrir leurs locaux \u00e0 l\u2019initiative ou encore au fameux Slim Amamou. Suite \u00e0 leurs appels, beaucoup de passionn\u00e9s ont approuv\u00e9 l\u2019initiative et le groupe commen\u00e7ait \u00e0 s\u2019agrandir chaque jour un peu plus. Beaucoup de jeunes notamment des lyc\u00e9ens et \u00e9tudiants membres de la communaut\u00e9 Open Source tunisienne, mais \u00e9galement des militants tunisiens du c\u00f4t\u00e9 des libert\u00e9s num\u00e9riques ont rejoint le groupe.<\/font><\/div>\n<div align=\"justify\" dir=\"ltr\">\u00a0<\/div>\n<div align=\"justify\" dir=\"ltr\"> <font face=\"Arial\" size=\"2\">Apr\u00e8s plusieurs r\u00e9unions, en g\u00e9n\u00e9ral les samedis apr\u00e8s-midi, les activistes ont d\u00e9cid\u00e9 d\u2019organiser un Hackathon qui a d\u00e9but\u00e9 le jeudi 22 d\u00e9cembre pour se clore le samedi 24 d\u00e9cembre. Un \u00ab codesprint \u00bb a \u00e9t\u00e9 lanc\u00e9 durant ces trois jours afin de d\u00e9velopper les outils et les plateformes n\u00e9cessaires pour les propositions pr\u00e9c\u00e9demment d\u00e9velopp\u00e9es.<\/font><\/div>\n<div align=\"justify\" dir=\"ltr\">\u00a0<\/div>\n<div align=\"justify\" dir=\"ltr\"> <font face=\"Arial\" size=\"2\">Au menu : Open Gov, open data, libert\u00e9 num\u00e9rique et d\u00e9fense des internautes. Le samedi 24 en apr\u00e8s-midi, les projets ont \u00e9t\u00e9 pr\u00e9sent\u00e9s. Le local \u00e9tait plein \u00e0 craquer. Des personnalit\u00e9s telles que Moez Chakchouk directeur g\u00e9n\u00e9ral de l\u2019agence tunisienne d\u2019Internet (ATI) ou encore des blogueurs tels que Mehdi Lamloum ont \u00e9t\u00e9 de la partie. Tout le monde discutait les id\u00e9es suite \u00e0 la pr\u00e9sentation effectu\u00e9e par une personne d\u00e9sign\u00e9e par chaque groupe de travail.<\/font><\/div>\n<div align=\"justify\" dir=\"ltr\">\u00a0<\/div>\n<div align=\"justify\" dir=\"ltr\"> <font face=\"Arial\" size=\"2\">Et \u00e7a a \u00e9t\u00e9 plut\u00f4t fructueux. Des projets tr\u00e8s int\u00e9ressants ont vu le jour. On citera le lancement d\u2019un Telecomix tunisien (telecomix.tn), une sorte de groupe de travail qui aura pour mission de mener des op\u00e9rations contre la censure et les menaces des libert\u00e9s num\u00e9riques. Il y a aussi le projet de GovSearch, une sorte de moteur de recherche des sites gouvernementaux tunisiens.<\/font><\/div>\n<div align=\"justify\" dir=\"ltr\">\u00a0<\/div>\n<div align=\"justify\" dir=\"ltr\"> <font face=\"Arial\" size=\"2\">Et dans un registre plus juridique que technique, Slim Amamou a parl\u00e9 d\u2019un nouveau lancement de travail du c\u00f4t\u00e9 du parti pirate tunisien. Les militants concentreront leurs travaux en premier lieu \u00e0 \u00e9crire le statut (refus\u00e9 \u00e0 plusieurs reprises) afin d\u2019officialiser le parti d\u2019un point de vue juridique. L\u2019objectif du parti sera de faire pression du c\u00f4t\u00e9 du gouvernement et d\u2019op\u00e9rer afin de \u00ab hacker \u00bb les textes juridiques.<\/font><\/div>\n<div align=\"justify\" dir=\"ltr\">\u00a0<\/div>\n<div align=\"justify\" dir=\"ltr\"> <font face=\"Arial\" size=\"2\">Un wiki a \u00e9t\u00e9 mis \u00e0 la disposition du public (hackerspace.tn) afin de suivre l\u2019avancement de l\u2019initiative. Affaire \u00e0 suivre alors !<\/font><\/div>\n<div align=\"justify\" dir=\"ltr\">\u00a0<\/div>\n<div align=\"justify\" dir=\"ltr\"> <font face=\"Arial\" size=\"2\">Source: \u201cWebdo\u201d le 25-12-2011<\/font><\/div>\n<div align=\"justify\" dir=\"ltr\">\u00a0<\/div>\n<div align=\"justify\" dir=\"ltr\"> <font face=\"Arial\" size=\"2\">Lien: http:\/\/www.webdo.tn\/2011\/12\/25\/le-premier-hackerspace-tunisien-vient-de-voir-le-jour\/<\/font><\/div>\n<div align=\"justify\" dir=\"ltr\">\u00a0<\/div>\n<div>\n<div>\n<div>\n<div>\n<div>\n<div>\n<div>\n<div>\n<div>\n<div>\n<div>\n<div>\n<div>\n<div>\n<div>\n<div>\n<div>\n<div>\n<div dir=\"ltr\">\n<hr\/><\/div>\n<\/p><\/div>\n<\/p><\/div>\n<\/p><\/div>\n<\/p><\/div>\n<\/p><\/div>\n<\/p><\/div>\n<\/p><\/div>\n<\/p><\/div>\n<\/p><\/div>\n<\/p><\/div>\n<\/p><\/div>\n<\/p><\/div>\n<\/p><\/div>\n<\/p><\/div>\n<\/p><\/div>\n<\/p><\/div>\n<\/p><\/div>\n<\/p><\/div>\n<div align=\"justify\" dir=\"ltr\">\u00a0<\/div>\n<div align=\"center\" dir=\"ltr\">\n<h3 style=\"color: blue;\"><font face=\"Arial\"><strong>Toufik Ben Brik continue dans la provoc<\/strong><\/font><\/h3>\n<\/div>\n<div align=\"justify\" dir=\"ltr\">\u00a0<\/div>\n<div align=\"justify\" dir=\"ltr\"> <font face=\"Arial\" size=\"2\">A travers son journal, de 2 pages, Toufik Ben Brik continue sa provoc et incite, cette fois, les Tunisiens \u00e0 marcher sur la \u00ab Dakhilia \u00bb (le minist\u00e8re de l\u2019Int\u00e9rieur).<\/font><\/div>\n<div align=\"justify\" dir=\"ltr\">\u00a0<\/div>\n<div align=\"justify\" dir=\"ltr\"> <font face=\"Arial\" size=\"2\">Sur un ton satirique et moqueur, l\u2019auteur du journal d\u00e9crie le nouveau pr\u00e9sident de la R\u00e9publique, le chef du Gouvernement et le pr\u00e9sident de la Constituante. Ces trois \u00ab tocards \u00bb ou encore \u00ab chevaliers de l\u2019apocalypse \u00bb, n\u2019ont pas \u00e9chapp\u00e9 \u00e0 la plume de Ben Brik, qui d\u00e9cide cette fois d\u2019adresser un message direct aux Tunisiens (qu\u2019il appelle \u00ab mes brebis \u00bb) pour \u00ab d\u00e9sarmer la police et l\u2019arm\u00e9e, encercler Carthage, la Kasbah et le Bardo et brandir l\u2019\u00e9tendard de l\u2019insurrection \u00bb.<\/font><\/div>\n<div align=\"justify\" dir=\"ltr\">\u00a0<\/div>\n<div align=\"justify\" dir=\"ltr\"> <font face=\"Arial\" size=\"2\">Qui sera donc la prochaine victime de ce Toufik Ben Brik que rien ne semble pouvoir arr\u00eater?<\/font><\/div>\n<div align=\"justify\" dir=\"ltr\">\u00a0<\/div>\n<div align=\"justify\" dir=\"ltr\"> <font face=\"Arial\" size=\"2\"><strong>Source: \u201cBusiness news\u201d Le 25-12-2011<\/strong><\/font><\/div>\n<div align=\"justify\" dir=\"ltr\"> <font face=\"Arial\" size=\"2\"><strong>Lien: http:\/\/www.businessnews.com.tn\/Tunisie&#8212;Toufik-Ben-Brik-continue-dans-la-provoc,520,28405,1<\/strong><\/font><\/div>\n<div align=\"justify\" dir=\"ltr\">\u00a0<\/div>\n<div>\n<div>\n<div>\n<div>\n<div>\n<div>\n<div>\n<div>\n<div>\n<div>\n<div>\n<div>\n<div>\n<div>\n<div>\n<div>\n<div>\n<div>\n<div dir=\"ltr\">\n<hr\/><\/div>\n<\/p><\/div>\n<\/p><\/div>\n<\/p><\/div>\n<\/p><\/div>\n<\/p><\/div>\n<\/p><\/div>\n<\/p><\/div>\n<\/p><\/div>\n<\/p><\/div>\n<\/p><\/div>\n<\/p><\/div>\n<\/p><\/div>\n<\/p><\/div>\n<\/p><\/div>\n<\/p><\/div>\n<\/p><\/div>\n<\/p><\/div>\n<\/p><\/div>\n<div align=\"center\" dir=\"ltr\">\u00a0<\/div>\n<div align=\"center\" dir=\"ltr\">\n<h3 style=\"color: blue;\"><font face=\"Arial\"><strong>Toppling of Zine El Abidine Ben Ali battered Tunisian economy with tourism plunging by 40 per cent<\/strong><\/font><\/h3>\n<\/div>\n<div align=\"center\" dir=\"ltr\">\u00a0<\/div>\n<div align=\"justify\" dir=\"ltr\"> <font face=\"Arial\" size=\"2\">fter a year featuring regime collapse, cabinet reshuffles, strikes, a tourism drop-off and a degree of instability, the state of Tunisia&rsquo;s economy could be worse, economists said. It could also be much better.<\/font><\/div>\n<div align=\"justify\" dir=\"ltr\">\u00a0<\/div>\n<div align=\"justify\" dir=\"ltr\"> <font face=\"Arial\" size=\"2\">The toppling in January of president Zine El Abidine Ben Ali plunged Tunisia&rsquo;s future into uncertainty, triggering blows to the economy.<\/font><\/div>\n<div align=\"justify\" dir=\"ltr\">\u00a0<\/div>\n<div align=\"justify\" dir=\"ltr\"> <font face=\"Arial\" size=\"2\">A new interim government issued from elections in October must now work to restore confidence.<\/font><\/div>\n<div align=\"justify\" dir=\"ltr\">\u00a0<\/div>\n<div align=\"justify\" dir=\"ltr\"> <font face=\"Arial\" size=\"2\">Pain has been felt most keenly in the large tourism sector, which saw a 40 per cent drop in revenues as holidaymakers shied away from perceived instability. Other sectors have slowed in the absence of clarity on future government budgets and finance law.<\/font><\/div>\n<div align=\"justify\" dir=\"ltr\">\u00a0<\/div>\n<div align=\"justify\" dir=\"ltr\"> <font face=\"Arial\" size=\"2\">Meanwhile, workers emboldened by the fall of Ben Ali&rsquo;s police state have staged strikes, putting factories and companies temporarily out of commission. Growth this year is predicted at 0 per cent.<\/font><\/div>\n<div align=\"justify\" dir=\"ltr\">\u00a0<\/div>\n<div align=\"justify\" dir=\"ltr\"> <font face=\"Arial\" size=\"2\">However, flatline &#8211; as opposed to negative growth &#8211; is good given the circumstances, said Emanuele Santi, the chief economist on Tunisia for the African Development Bank (ADB), which is headquartered in the Tunisian capital. This year&rsquo;s uprising spared most infrastructure and the government has largely covered the costs of damages, Mr Santi said.<\/font><\/div>\n<div align=\"justify\" dir=\"ltr\">\u00a0<\/div>\n<div align=\"justify\" dir=\"ltr\"> <font face=\"Arial\" size=\"2\">\u00ab\u00a0The situation now is delicate, but far from being catastrophic,\u00a0\u00bb said Moez Labidi, an economics professor at Mahdia University and an independent adviser to Tunisia&rsquo;s central bank.<\/font><\/div>\n<div align=\"justify\" dir=\"ltr\">\u00a0<\/div>\n<div align=\"justify\" dir=\"ltr\"> <font face=\"Arial\" size=\"2\">Crisis in the euro zone, Tunisia&rsquo;s largest trading partner, could lower demand for Tunisian exports, albeit with the potential trade-off of increasing demand for low-cost Tunisian labour. \u00ab\u00a0We haven&rsquo;t had an exchange rate crisis and we&rsquo;ve maintained a B- credit rating, which is investment grade,\u00a0\u00bb Mr Labidi said. \u00ab\u00a0But if growth remains anaemic, it poses a problem for 2012.\u00a0\u00bb<\/font><\/div>\n<div align=\"justify\" dir=\"ltr\">\u00a0<\/div>\n<div align=\"justify\" dir=\"ltr\"> <font face=\"Arial\" size=\"2\">Unemployment has risen, compounded by the return from war-wracked Libya of tens of thousands of Tunisian workers. Overall, Libya&rsquo;s war dented Tunisia&rsquo;s economy by -0.4 per cent of GDP this year, according to the ADB.<\/font><\/div>\n<div align=\"justify\" dir=\"ltr\">\u00a0<\/div>\n<div align=\"justify\" dir=\"ltr\"> <font face=\"Arial\" size=\"2\">Ultimately, Tunisia needs structural reforms to narrow wealth gaps, improve education and target government subsidies, economists said. But some short-term progress may also be possible.<\/font><\/div>\n<div align=\"justify\" dir=\"ltr\">\u00a0<\/div>\n<div align=\"justify\" dir=\"ltr\"> <font face=\"Arial\" size=\"2\">Post-war Libya could provide Tunisia jobs as the country rebuilds, Mr Santi said.\u00a0\u00bb A pro-active labour migration policy with Libya could have huge payoffs.\u00a0\u00bb<\/font><\/div>\n<div align=\"justify\" dir=\"ltr\">\u00a0<\/div>\n<div align=\"justify\" dir=\"ltr\"> <font face=\"Arial\" size=\"2\">Meanwhile, Tunisia could benefit from restructuring its banking sector to improve entrepreneurs&rsquo; access to loans, said Mr Labidi.<\/font><\/div>\n<div align=\"justify\" dir=\"ltr\">\u00a0<\/div>\n<div align=\"justify\" dir=\"ltr\"> <font face=\"Arial\" size=\"2\">\u00ab\u00a0We have many small banks that are very strict about granting credit,\u00a0\u00bb he said. \u00ab\u00a0Normally banks should be willing to take risks for their clients.\u00a0\u00bb<\/font><\/div>\n<div align=\"justify\" dir=\"ltr\">\u00a0<\/div>\n<div align=\"justify\" dir=\"ltr\"> <font face=\"Arial\" size=\"2\">Most fundamentally, leaders must reassure the public that economic reform is coming, economists said.<\/font><\/div>\n<div align=\"justify\" dir=\"ltr\">\u00a0<\/div>\n<div align=\"justify\" dir=\"ltr\"> <font face=\"Arial\" size=\"2\">According to Mr Labidi, the formation of an elected government and assembly should make a difference.<\/font><\/div>\n<div align=\"justify\" dir=\"ltr\">\u00a0<\/div>\n<div align=\"justify\" dir=\"ltr\"> <font face=\"Arial\" size=\"2\">Mr Santi noted that Ben Ali&rsquo;s downfall means that \u00ab\u00a0politicall<\/font><\/div>\n<div align=\"justify\" dir=\"ltr\">\u00a0<\/div>\n<div align=\"justify\" dir=\"ltr\"> <font face=\"Arial\" size=\"2\"><strong>Source: \u201cThe National\u201d Le 25-12-2011<\/strong><\/font><\/div>\n<div align=\"justify\" dir=\"ltr\"> <font face=\"Arial\" size=\"2\"><strong>Lien: http:\/\/www.thenational.ae\/news\/worldwide\/middle-east\/toppling-of-zine-el-abidine-ben-ali-battered-tunisian-economy-with-tourism-plunging-by-40-per-cent<\/strong><\/font><\/div>\n<div align=\"justify\" dir=\"ltr\">\u00a0<\/div>\n<div>\n<div>\n<div>\n<div>\n<div>\n<div>\n<div>\n<div>\n<div>\n<div>\n<div>\n<div>\n<div>\n<div>\n<div>\n<div>\n<div>\n<div>\n<div dir=\"ltr\">\n<hr\/><\/div>\n<\/p><\/div>\n<\/p><\/div>\n<\/p><\/div>\n<\/p><\/div>\n<\/p><\/div>\n<\/p><\/div>\n<\/p><\/div>\n<\/p><\/div>\n<\/p><\/div>\n<\/p><\/div>\n<\/p><\/div>\n<\/p><\/div>\n<\/p><\/div>\n<\/p><\/div>\n<\/p><\/div>\n<\/p><\/div>\n<\/p><\/div>\n<\/p><\/div>\n<div align=\"justify\" dir=\"ltr\">\u00a0<\/div>\n<div align=\"center\" dir=\"ltr\">\n<h3 style=\"color: blue;\"><font face=\"Arial\"><strong>Tunisian Center-Left Parties to Join Forces in an Opposition Front<\/strong><\/font><\/h3>\n<\/div>\n<div align=\"justify\" dir=\"ltr\">\u00a0<\/div>\n<div align=\"justify\" dir=\"ltr\"> <font face=\"Arial\" size=\"2\">After the emergence of the majority coalition known as the troika (Ennahda, Congress for the Republic and Ettakatol) following the Constituent Assembly Elections, the opposition is now working to create their own alliance.<\/font><\/div>\n<div align=\"justify\" dir=\"ltr\">\u00a0<\/div>\n<div align=\"justify\" dir=\"ltr\"> <font face=\"Arial\" size=\"2\">Leftist political parties Ettajdid Movement, the PTT (Parti du Travail Tunisien) as well as the centrist parties Progressive Democratic Party (PDP) and Afek Touns, are forming a new alliance of opposition in the Constituent Assembly, creating a fresh center-left front.<\/font><\/div>\n<div align=\"justify\" dir=\"ltr\">\u00a0<\/div>\n<div align=\"justify\" dir=\"ltr\"> <font face=\"Arial\" size=\"2\">Negotiations among the mentioned parties are still in process. Iyed Dahmani, from PDP and a member of the Constituent Assembly, stated that \u201cthere is an obvious agreement among opposition forces, according to our votes during sessions of the Constituent Assembly.\u201d The front aims at representing the democratic and progressive alternative within the Constituent Assembly, according to Dahmani. \u201cParties are still discussing the democratic project and there will not be an official announcement at tomorrow\u2019s meeting,\u201d he added.<\/font><\/div>\n<div align=\"justify\" dir=\"ltr\">\u00a0<\/div>\n<div align=\"justify\" dir=\"ltr\"> <font face=\"Arial\" size=\"2\">Mouldi Fahem, a member of the political bureau and the executive committee of PDP, declared that an opposition front is needed, given the dominance of Ennahda and their allies. \u201cThe political scene has to be recreated. We have similar programs, goals and visions. Why not work together in order to create balance within the Constituent Assembly?\u201d<\/font><\/div>\n<div align=\"justify\" dir=\"ltr\">\u00a0<\/div>\n<div align=\"justify\" dir=\"ltr\"> <font face=\"Arial\" size=\"2\">Jnidi Abdeljaouad, spokesperson of the Democratic Progressive Pole (PDM), stated that the political map in Tunisia should get more organized and clarified. \u201cWe need a balance that truly reflects Tunisian political society. An opposition front eliminates unilateralism and promotes political pluralism in a new democratic Tunisia.\u201d According to Abdeljaouad, there are three different political \u201cfamilies\u201d on the current political scene: Ennahda and their allies, the progressive modernist front and the old guard that served as the base for the old regime known as the constitutional \u201cfamily.\u201d<\/font><\/div>\n<div align=\"justify\" dir=\"ltr\">\u00a0<\/div>\n<div align=\"justify\" dir=\"ltr\"> <font face=\"Arial\" size=\"2\">\u201cDuring campaigns for the Constituent Assembly Election, mystery and confusion surrounded these numerous parties. We are making things easier and clearer for all Tunisians by specifying our tendency and future vision,\u201d added Abdeljaouad. The front would also help independent politicians choose which \u201cfamily\u201d to join and continue their political activism within it, according to him.<\/font><\/div>\n<div align=\"justify\" dir=\"ltr\">\u00a0<\/div>\n<div align=\"justify\" dir=\"ltr\"> <font face=\"Arial\" size=\"2\">Houda Cherif, member of the central committee and press attach\u00e9 of Afek Tounes, confirmed that not only PDP, PTT and Ettajdid will be a part of the front, but also other parties will join them as well. \u201cWe are all progressive democrats and we share the same aspirations.\u201d She added that they are still discussing the form of the front, whether it will take the form of one expanded party or a federation of parties. \u201cThe front will have a huge impact on civil society,\u201d she declared.<\/font><\/div>\n<div align=\"justify\" dir=\"ltr\">\u00a0<\/div>\n<div align=\"justify\" dir=\"ltr\"> <font face=\"Arial\" size=\"2\">Tomorrow a meeting will take place between the leadership of the mentioned parties in order to negotiate the details of their alliance.<\/font><\/div>\n<div align=\"justify\" dir=\"ltr\">\u00a0<\/div>\n<div align=\"justify\" dir=\"ltr\"> <font face=\"Arial\" size=\"2\"><strong>Source: \u201cTunisia-Live\u201d Le 25-12-2011<\/strong><\/font><\/div>\n<div align=\"justify\" dir=\"ltr\">\u00a0<\/div>\n<div align=\"justify\" dir=\"ltr\"> <font face=\"Arial\" size=\"2\"><strong>Lien: http:\/\/www.tunisia-live.net\/2011\/12\/25\/tunisian-center-left-parties-to-join-forces-in-an-opposition-front\/<\/strong><\/font><\/div>\n<div>\n<div>\n<div>\n<div>\n<div>\n<div>\n<div>\n<div>\n<div>\n<div>\n<div>\n<div>\n<div>\n<div>\n<div>\n<div>\n<div>\n<div>\n<div dir=\"ltr\">\n<hr\/><\/div>\n<\/p><\/div>\n<\/p><\/div>\n<\/p><\/div>\n<\/p><\/div>\n<\/p><\/div>\n<\/p><\/div>\n<\/p><\/div>\n<\/p><\/div>\n<\/p><\/div>\n<\/p><\/div>\n<\/p><\/div>\n<\/p><\/div>\n<\/p><\/div>\n<\/p><\/div>\n<\/p><\/div>\n<\/p><\/div>\n<\/p><\/div>\n<\/p><\/div>\n<div align=\"justify\" dir=\"ltr\">\u00a0<\/div>\n<div align=\"justify\" dir=\"ltr\">\u00a0<\/div>\n<div align=\"center\" dir=\"ltr\">\n<h3 style=\"color: blue;\"><font face=\"Arial\"><strong>Tunisian Labor Union\u2019s Congress Begins: What Shape Will Tunisia\u2019s New Labor Movement Take?<\/strong><\/font><\/h3>\n<\/div>\n<div align=\"justify\" dir=\"ltr\">\u00a0<\/div>\n<div align=\"justify\" dir=\"ltr\"> <font face=\"Arial\" size=\"2\">Today, December 25th, the Tunisian General Union (UGTT) inaugurates its 22nd Congress.<\/font><\/div>\n<div align=\"justify\" dir=\"ltr\">\u00a0<\/div>\n<div align=\"justify\" dir=\"ltr\"> <font face=\"Arial\" size=\"2\">The event commences at 4 pm at the \u201cDar Ismaiel\u201d hotel in Tabarka, in the Governorate of Jendouba and will continue until Wednesday, December 28th with the decision making session of votes for the Union leadership.<\/font><\/div>\n<div align=\"justify\" dir=\"ltr\">\u00a0<\/div>\n<div align=\"justify\" dir=\"ltr\"> <font face=\"Arial\" size=\"2\">The five year-term of the UGTT\u2019s current leadership committee is about to end and now new elections will be held to select new leaders. This occasion held, under the slogan \u201cOh people, I love you,\u201d will be especially significant in determining the long term orientation of Tunisia\u2019s labor union. It is common knowledge in Tunisia that the Union\u2019s current leadership was handpicked by the former regime leading to wide accusations of distrust and a lack of public confidence in the current leadership.<\/font><\/div>\n<div align=\"justify\" dir=\"ltr\">\u00a0<\/div>\n<div align=\"justify\" dir=\"ltr\"> <font face=\"Arial\" size=\"2\">The current Congress will play a decisive role in re-branding the Union\u2019s image in post-revolution Tunisia.<\/font><\/div>\n<div align=\"justify\" dir=\"ltr\">\u00a0<\/div>\n<div align=\"justify\" dir=\"ltr\"> <font face=\"Arial\" size=\"2\">This Congress will focus on three primary missions which are: reviewing the financial state of the union and the report of the outgoing finance committee, reviewing the bylaws of the Union for the coming five years and lastly the election of the executive bureau which will embark on fixing all the internal procedures for the Union in the coming five years.<\/font><\/div>\n<div align=\"justify\" dir=\"ltr\">\u00a0<\/div>\n<div align=\"justify\" dir=\"ltr\"> <font face=\"Arial\" size=\"2\">Lamjed Jamli, a UGTT coordinator working with private sector employees pointed out the importance of the Congress, \u201cI believe that this event is the second most important political event in Tunisia coming after the elections of the Constituent Assembly held in October, it is an ordinary event because it is always scheduled every five years but extraordinary in the current context because it is the first such conference after the revolution. So the big question we are asking now is, How can the UGTT contribute to complete the objectives of the revolution?\u201d<\/font><\/div>\n<div align=\"justify\" dir=\"ltr\">\u00a0<\/div>\n<div align=\"justify\" dir=\"ltr\"> <font face=\"Arial\" size=\"2\">Political activists of the UGTT will provide a draft constitution for the Constituent Assembly to review all legislation ratified by the deposed regime considered harmful to working people. \u201cWe need to integrate the union culture in the constitution,\u201d said Jamli. UGTT members are studying methods to end brokerage in the workforce by abolishing the \u201ccontracting out system\u201d in the private sector, the practice has already been abolished in the public sector.<\/font><\/div>\n<div align=\"justify\" dir=\"ltr\">\u00a0<\/div>\n<div align=\"justify\" dir=\"ltr\"> <font face=\"Arial\" size=\"2\">Women are represented in the Congress by \u201cFemmes Democrates\u201d or the \u201cTunisian Association for Democratic Women.\u201d According to Ahlam Belhaj, the head of the association, gender equality will be among the primary demands of Femmes Democrates at the Congress, \u201cWe want the UGTT to integrate women\u2019s rights in their draft constitution that will be presented to the Constituent Assembly. It must take into consideration the hardships of housing, working payments and poverty that women are facing as well as the glass ceiling which deprives women from being promoted.\u201d<\/font><\/div>\n<div align=\"justify\" dir=\"ltr\">\u00a0<\/div>\n<div align=\"justify\" dir=\"ltr\"> <font face=\"Arial\" size=\"2\">Jamli has expressed the Union\u2019s determination to ensure women\u2019s voices will be heard. \u201cWe will not let women down,\u201d he said when asked about the Union\u2019s plans to incorporate women\u2019s demands.<\/font><\/div>\n<div align=\"justify\" dir=\"ltr\">\u00a0<\/div>\n<div align=\"justify\" dir=\"ltr\"> <font face=\"Arial\" size=\"2\">The decision makers in the UGTT have the power to influence the amount of labor disputes in the country. Over the past ten months there have been over 350 labor disputes that were unresolved long enough to lead to strikes and other work stoppages.<\/font><\/div>\n<div align=\"justify\" dir=\"ltr\">\u00a0<\/div>\n<div align=\"justify\" dir=\"ltr\"> <font face=\"Arial\" size=\"2\">The new government has proposed a truce with the UGTT in postponing work stoppages for six months, in order to give the economy time to recover. In a recent speech to the membership of UTICA, the association of business leaders, President Moncef Marzouki called the large number of work stoppages \u201cnational suicide\u201d and \u201cstabbing the country in the back.\u201d<\/font><\/div>\n<div align=\"justify\" dir=\"ltr\">\u00a0<\/div>\n<div align=\"justify\" dir=\"ltr\"> <font face=\"Arial\" size=\"2\">The new leadership of the UGTT will redesign the strategies of their organization in order to better adapt to new government policies and changing public sympathy with the plight of working people. It will be critical for the new UGTT leadership to manage the paradox between preserving economic stability and at the same time giving union members the right to strike when they have unresolved labor disputes.<\/font><\/div>\n<div align=\"justify\" dir=\"ltr\">\u00a0<\/div>\n<div align=\"justify\" dir=\"ltr\"> <font face=\"Arial\" size=\"2\">While the UGTT played a critical role in the Tunisian decolonization movement in the 1950\u2032s and subsequently the rank and file of the Union played a decisive role in turning the tide against Zine El Abiddine Ben Ali\u2019s regime in the last days of the Revolution, during the period of Ben Ali\u2019s regime the UGTT played a marginalized role in Tunisian society due to the Ben Ali regime\u2019s neutralization of the organization by manipulating it\u2019s leadership during his reign.<\/font><\/div>\n<div align=\"justify\" dir=\"ltr\">\u00a0<\/div>\n<div align=\"justify\" dir=\"ltr\"> <font face=\"Arial\" size=\"2\"><strong>Source: \u201cTunisia-Live\u201d le 25-12-2011<\/strong><\/font><\/div>\n<div align=\"justify\" dir=\"ltr\"> <font face=\"Arial\" size=\"2\"><strong>Lien: http:\/\/www.tunisia-live.net\/2011\/12\/25\/tunisian-labor-unions-congress-begins-what-shape-will-tunisias-new-labor-movement-take\/<\/strong><\/font><\/div>\n<\/p><\/div>\n<\/p><\/div>\n<\/p><\/div>\n<\/p><\/div>\n<\/p><\/div>\n<\/p><\/div>\n<\/p><\/div>\n<\/p><\/div>\n<\/p><\/div>\n<\/p><\/div>\n<\/p><\/div>\n<\/p><\/div>\n<p>\u00a0<\/p>\n<\/div><\/div>\n<\/p><\/div>\n<\/p><\/div>\n<\/p><\/div>\n<\/p><\/div>\n<\/p><\/div>\n<\/p><\/div>\n<\/p><\/div>\n<\/p><\/div>\n<\/p><\/div>\n<\/p><\/div>\n<\/p><\/div>\n<\/p><\/div>\n<\/p><\/div>\n<\/p><\/div>\n<\/p><\/div>\n<\/p><\/div>\n<\/p><\/div>\n<\/p><\/div>\n<\/p><\/div>\n<\/p><\/div>\n<\/p><\/div>\n<\/p><\/div>\n<\/p><\/div>\n<\/p><\/div>\n<\/p><\/div>\n<\/p><\/div>\n<\/p><\/div>\n<\/p><\/div>\n<\/p><\/div>\n<\/p><\/div>\n<\/p><\/div>\n<\/p><\/div>\n<\/p><\/div>\n<\/p><\/div>\n<\/p><\/div>\n<\/p><\/div>\n<\/p><\/div>\n<\/p><\/div>\n<\/p><\/div>\n<\/p><\/div>\n<\/p><\/div>\n<\/p><\/div>\n<\/p><\/div>\n<\/p><\/div>\n<\/p><\/div>\n<\/p><\/div>\n<\/p><\/div>\n<\/p><\/div>\n<\/p><\/div>\n<\/p><\/div>\n<\/p><\/div>\n<\/p><\/div>\n<\/p><\/div>\n<\/p><\/div>\n<\/p><\/div>\n<\/p><\/div>\n<\/p><\/div>\n<\/p><\/div>\n<\/p><\/div>\n<\/p><\/div>\n<\/p><\/div>\n<\/p><\/div>\n<\/p><\/div>\n<\/p><\/div>\n<\/p><\/div>\n<\/p><\/div>\n<\/p><\/div>\n<\/p><\/div>\n<\/p><\/div>\n<\/p><\/div>\n<\/p><\/div>\n<\/p><\/div>\n<\/p><\/div>\n<\/p><\/div>\n<\/p><\/div>\n<\/p><\/div>\n<\/p><\/div>\n<\/p><\/div>\n<\/p><\/div>\n<\/p><\/div>\n<\/p><\/div>\n<\/p><\/div>\n<\/p><\/div>\n<\/p><\/div>\n<\/p><\/div>\n<\/p><\/div>\n<\/p><\/div>\n<\/p><\/div>\n<\/p><\/div>\n<\/p><\/div>\n<\/p><\/div>\n<\/p><\/div>\n<\/p><\/div>\n<\/p><\/div>\n<\/p><\/div>\n<\/p><\/div>\n<\/p><\/div>\n<\/p><\/div>\n<\/p><\/div>\n<\/p><\/div>\n<\/p><\/div>\n<\/p><\/div>\n<\/p><\/div>\n<\/p><\/div>\n<\/p><\/div>\n<\/p><\/div>\n<\/p><\/div>\n<\/p><\/div>\n<\/p><\/div>\n<\/p><\/div>\n<\/p><\/div>\n<\/p><\/div>\n<\/p><\/div>\n<\/p><\/div>\n<\/p><\/div>\n<\/p><\/div>\n<\/p><\/div>\n<\/p><\/div>\n<\/p><\/div>\n<\/p><\/div>\n<\/p><\/div>\n<\/p><\/div>\n<\/p><\/div>\n<\/p><\/div>\n<\/p><\/div>\n<\/p><\/div>\n<\/p><\/div>\n<\/p><\/div>\n<\/p><\/div>\n<\/p><\/div>\n<\/p><\/div>\n<\/p><\/div>\n<\/p><\/div>\n<\/p><\/div>\n<\/p><\/div>\n<\/p><\/div>\n<\/p><\/div>\n<\/p><\/div>\n<\/p><\/div>\n<\/p><\/div>\n<\/p><\/div>\n<\/p><\/div>\n<\/p><\/div>\n<\/p><\/div>\n<\/p><\/div>\n<\/p><\/div>\n<\/p><\/div>\n<\/p><\/div>\n<\/p><\/div>\n<\/p><\/div>\n<\/p><\/div>\n<\/p><\/div>\n<\/p><\/div>\n<\/p><\/div>\n<\/p><\/div>\n<\/p><\/div>\n<\/p><\/div>\n<\/p><\/div>\n<\/p><\/div>\n<\/p><\/div>\n<\/p><\/div>\n<\/p><\/div>\n<\/p><\/div>\n<\/p><\/div>\n<\/p><\/div>\n<\/p><\/div>\n<\/p><\/div>\n<\/p><\/div>\n<\/p><\/div>\n<\/p><\/div>\n<\/p><\/div>\n<\/p><\/div>\n<\/p><\/div>\n<\/p><\/div>\n<\/p><\/div>\n<\/p><\/div>\n<\/p><\/div>\n<\/p><\/div>\n<\/p><\/div>\n<\/p><\/div>\n<\/p><\/div>\n<\/p><\/div>\n<\/p><\/div>\n<\/p><\/div>\n<\/p><\/div>\n<\/p><\/div>\n<\/p><\/div>\n<\/p><\/div>\n<\/p><\/div>\n<\/p><\/div>\n<\/p><\/div>\n<\/p><\/div>\n<\/p><\/div>\n<\/p><\/div>\n<\/p><\/div>\n<\/p><\/div>\n<\/p><\/div>\n<\/p><\/div>\n<\/p><\/div>\n<\/p><\/div>\n<\/p><\/div>\n<\/p><\/div>\n<\/p><\/div>\n<\/p><\/div>\n<\/p><\/div>\n<\/p><\/div>\n<\/p><\/div>\n<\/p><\/div>\n<\/p><\/div>\n<\/p><\/div>\n<\/p><\/div>\n<\/p><\/div>\n<\/p><\/div>\n<\/p><\/div>\n<\/p><\/div>\n<\/p><\/div>\n<\/p><\/div>\n<\/p><\/div>\n<\/p><\/div>\n<\/p><\/div>\n<\/p><\/div>\n<\/p><\/div>\n<\/p><\/div>\n<\/p><\/div>\n<\/p><\/div>\n<\/p><\/div>\n<\/p><\/div>\n<\/p><\/div>\n<\/p><\/div>\n<\/p><\/div>\n<\/p><\/div>\n<\/p><\/div>\n<\/p><\/div>\n<\/p><\/div>\n<\/p><\/div>\n<\/p><\/div>\n<\/p><\/div>\n<\/p><\/div>\n<\/p><\/div>\n<\/p><\/div>\n<\/p><\/div>\n<\/p><\/div>\n<\/p><\/div>\n<\/p><\/div>\n<\/p><\/div>\n<\/p><\/div>\n<\/p><\/div>\n<\/p><\/div>\n<\/p><\/div>\n<\/p><\/div>\n<\/p><\/div>\n<\/p><\/div>\n<\/p><\/div>\n<\/p><\/div>\n<\/p><\/div>\n<\/p><\/div>\n<\/p><\/div>\n<\/p><\/div>\n<\/p><\/div>\n<\/p><\/div>\n<\/p><\/div>\n<\/p><\/div>\n<\/p><\/div>\n<\/p><\/div>\n<\/p><\/div>\n<\/p><\/div>\n<\/p><\/div>\n<\/p><\/div>\n<\/p><\/div>\n<\/p><\/div>\n<\/p><\/div>\n<\/p><\/div>\n<\/p><\/div>\n<\/p><\/div>\n<\/p><\/div>\n<\/p><\/div>\n<\/p><\/div>\n<\/p><\/div>\n<\/p><\/div>\n<\/p><\/div>\n<\/p><\/div>\n<\/p><\/div>\n<\/p><\/div>\n<\/p><\/div>\n<\/p><\/div>\n<\/p><\/div>\n<\/p><\/div>\n<\/p><\/div>\n<\/p><\/div>\n<\/p><\/div>\n<\/p><\/div>\n<\/p><\/div>\n<\/p><\/div>\n<\/p><\/div>\n<\/p><\/div>\n<\/p><\/div>\n<\/p><\/div>\n<\/p><\/div>\n<\/p><\/div>\n<\/p><\/div>\n<\/p><\/div>\n<\/p><\/div>\n<\/p><\/div>\n<\/p><\/div>\n<\/p><\/div>\n<\/p><\/div>\n<\/p><\/div>\n<\/p><\/div>\n<\/p><\/div>\n<\/p><\/div>\n<\/p><\/div>\n<\/p><\/div>\n<\/p><\/div>\n<\/p><\/div>\n<\/p><\/div>\n<\/p><\/div>\n<\/p><\/div>\n<\/p><\/div>\n<\/p><\/div>\n<\/p><\/div>\n<\/p><\/div>\n<\/p><\/div>\n<\/p><\/div>\n<\/p><\/div>\n<\/p><\/div>\n<\/p><\/div>\n<\/p><\/div>\n<\/p><\/div>\n<\/p><\/div>\n<\/p><\/div>\n<\/p><\/div>\n<\/p><\/div>\n<\/p><\/div>\n<\/p><\/div>\n<\/p><\/div>\n<\/p><\/div>\n<\/p><\/div>\n<\/p><\/div>\n<\/p><\/div>\n<\/p><\/div>\n<\/p><\/div>\n<p align=\"justify\"> <span lang=\"NO-BOK\"> <font face=\"Arial\"><\/font><\/span><\/p>\n<\/div>\n<p><\/body><\/body><\/html><\/p>\n","protected":false},"excerpt":{"rendered":"<p>\u00a0 \u00a0 TUNISNEWS 11 \u00e8me ann\u00e9e, N\u00b04197 du 26.12.2011 archives : www.tunisnews.net \u00a0 Nawaat: Ouverture d\u2019une instruction dans l\u2019affaire de Rachid Chammakhi, tu\u00e9 sous la torture en octobre 1991 Le Soir: Mohamed Bouazizi Business news: Constitution et dossiers socio-\u00e9conomiques au menu du 22\u00e8me congr\u00e8s de l\u2019UGTT Maghreb Emergenet: Tunisie &#8211; l&rsquo;indicateur de productivit\u00e9 \u00e0 son [&hellip;]<\/p>\n","protected":false},"author":1,"featured_media":22040,"comment_status":"open","ping_status":"open","sticky":false,"template":"","format":"standard","meta":{"inline_featured_image":false,"site-sidebar-layout":"default","site-content-layout":"","ast-site-content-layout":"default","site-content-style":"default","site-sidebar-style":"default","ast-global-header-display":"","ast-banner-title-visibility":"","ast-main-header-display":"","ast-hfb-above-header-display":"","ast-hfb-below-header-display":"","ast-hfb-mobile-header-display":"","site-post-title":"","ast-breadcrumbs-content":"","ast-featured-img":"","footer-sml-layout":"","ast-disable-related-posts":"","theme-transparent-header-meta":"","adv-header-id-meta":"","stick-header-meta":"","header-above-stick-meta":"","header-main-stick-meta":"","header-below-stick-meta":"","astra-migrate-meta-layouts":"default","ast-page-background-enabled":"default","ast-page-background-meta":{"desktop":{"background-color":"","background-image":"","background-repeat":"repeat","background-position":"center center","background-size":"auto","background-attachment":"scroll","background-type":"","background-media":"","overlay-type":"","overlay-color":"","overlay-opacity":"","overlay-gradient":""},"tablet":{"background-color":"","background-image":"","background-repeat":"repeat","background-position":"center center","background-size":"auto","background-attachment":"scroll","background-type":"","background-media":"","overlay-type":"","overlay-color":"","overlay-opacity":"","overlay-gradient":""},"mobile":{"background-color":"","background-image":"","background-repeat":"repeat","background-position":"center center","background-size":"auto","background-attachment":"scroll","background-type":"","background-media":"","overlay-type":"","overlay-color":"","overlay-opacity":"","overlay-gradient":""}},"ast-content-background-meta":{"desktop":{"background-color":"var(--ast-global-color-5)","background-image":"","background-repeat":"repeat","background-position":"center center","background-size":"auto","background-attachment":"scroll","background-type":"","background-media":"","overlay-type":"","overlay-color":"","overlay-opacity":"","overlay-gradient":""},"tablet":{"background-color":"var(--ast-global-color-5)","background-image":"","background-repeat":"repeat","background-position":"center center","background-size":"auto","background-attachment":"scroll","background-type":"","background-media":"","overlay-type":"","overlay-color":"","overlay-opacity":"","overlay-gradient":""},"mobile":{"background-color":"var(--ast-global-color-5)","background-image":"","background-repeat":"repeat","background-position":"center center","background-size":"auto","background-attachment":"scroll","background-type":"","background-media":"","overlay-type":"","overlay-color":"","overlay-opacity":"","overlay-gradient":""}},"footnotes":""},"categories":[],"tags":[64,42,29],"class_list":["post-18268","post","type-post","status-publish","format-standard","has-post-thumbnail","hentry","tag-64","tag-42","tag-fr"],"_links":{"self":[{"href":"https:\/\/tunisnews.net\/ar\/wp-json\/wp\/v2\/posts\/18268","targetHints":{"allow":["GET"]}}],"collection":[{"href":"https:\/\/tunisnews.net\/ar\/wp-json\/wp\/v2\/posts"}],"about":[{"href":"https:\/\/tunisnews.net\/ar\/wp-json\/wp\/v2\/types\/post"}],"author":[{"embeddable":true,"href":"https:\/\/tunisnews.net\/ar\/wp-json\/wp\/v2\/users\/1"}],"replies":[{"embeddable":true,"href":"https:\/\/tunisnews.net\/ar\/wp-json\/wp\/v2\/comments?post=18268"}],"version-history":[{"count":0,"href":"https:\/\/tunisnews.net\/ar\/wp-json\/wp\/v2\/posts\/18268\/revisions"}],"wp:featuredmedia":[{"embeddable":true,"href":"https:\/\/tunisnews.net\/ar\/wp-json\/wp\/v2\/media\/22040"}],"wp:attachment":[{"href":"https:\/\/tunisnews.net\/ar\/wp-json\/wp\/v2\/media?parent=18268"}],"wp:term":[{"taxonomy":"category","embeddable":true,"href":"https:\/\/tunisnews.net\/ar\/wp-json\/wp\/v2\/categories?post=18268"},{"taxonomy":"post_tag","embeddable":true,"href":"https:\/\/tunisnews.net\/ar\/wp-json\/wp\/v2\/tags?post=18268"}],"curies":[{"name":"wp","href":"https:\/\/api.w.org\/{rel}","templated":true}]}}