{"id":18267,"date":"2010-12-08T00:00:00","date_gmt":"2010-12-08T00:00:00","guid":{"rendered":"https:\/\/tunisnews.net\/8-decembre-2010\/"},"modified":"2010-12-08T00:00:00","modified_gmt":"2010-12-08T00:00:00","slug":"8-decembre-2010","status":"publish","type":"post","link":"https:\/\/tunisnews.net\/ar\/8-decembre-2010\/","title":{"rendered":"8 d\u00e9cembre 2010"},"content":{"rendered":"<p><html><head><meta content=\"text\/html\" description=\"Apr\u00e8s avoir ratifi\u00e9, le 11 juillet 1988, la \n\t\t\t\t\t\t\t\tConvention internationale contre la torture et \n\t\t\t\t\t\t\t\tautres peines ou traitements cruels, inhumains \n\t\t\t\t\t\t\t\tet d\u00e9gradants, les autorit\u00e9s tunisiennes \n\t\t\t\t\t\t\t\tcontinuent, plus que jamais, en d\u00e9pit de leurs \n\t\t\t\t\t\t\t\td\u00e9n\u00e9gations, \u00e0 pratiquer la torture.\" http-equiv=\"Content-Type\"\/><\/head><body><body><\/p>\n<p align=\"center\" dir=\"ltr\"><font face=\"Arial\" size=\"2\"><b><a href=\"http:\/\/www.tunisnews.net\/\"><span>Home<\/span><span lang=\"FR-CH\"> &#8211; Accuei<\/span><\/a><span lang=\"FR-CH\">l<\/span><\/b><\/font><\/p>\n<div>\n<div>\n<div>\n<div><font face=\"Calibri\" size=\"3\"><\/p>\n<div>\n<div>\n<div>\n<div align=\"center\" dir=\"ltr\"><font face=\"Bookman Old Style\" size=\"7\"><strong>TUNISNEWS\u00a0<\/strong><\/font><strong><font> \u00a0 10 \u00e8me ann\u00e9e, <span lang=\"FR\">N\u00b0 3851 du08.12.2010 <\/span><\/font><\/strong><span><font face=\"Arial\" size=\"2\"><strong>\u00a0archives : <\/strong><\/font><a target=\"_blank\" rel=\"noopener\"><font face=\"Arial\" size=\"2\"><strong>www.tunisnews.net<\/strong><\/font><\/a><\/span><span lang=\"FR\">\u00a0<\/span><\/div>\n<p><font><\/p>\n<div><font face=\"Arial\" size=\"2\"><\/p>\n<hr\/>\n<p><\/font><\/div>\n<div>\n<p><font face=\"Arial\"><span lang=\"FR\"><\/p>\n<p><font face=\"Arial\" size=\"2\"><strong>STOP TORTURE IN TUNISIA, NOW ! Ensemble contre la torture en Tunisie\u00a0 Le 9 D\u00e9cembre 2010 rassemblement \u00e0 Bruxelles <font>Libert\u00e9 et Equit\u00e9: Mohammed Ammar, ex prisonnier politique, est en gr\u00e8ve de la faim illimit\u00e9e <\/font>Taoufik Ben Brik: Au pays de la S\u00e9curitate m\u00eame les enfants ne sont pas en s\u00e9curit\u00e9 <font>H\u00e9l\u00e8ne Flautre: Urgent : demande d&rsquo;intervention sur la situation personnelle du fils de Taoufik Ben Brik <\/font>AFP: Ben Ali entour\u00e9 d&rsquo;une \u00ab\u00a0quasi-mafia\u00a0\u00bb n&rsquo;accepte pas de conseils (Wikileaks) <font>Le Monde: WikiLeaks : les diplomates am\u00e9ricains pointent le r\u00e9gime \u00ab\u00a0scl\u00e9ros\u00e9\u00a0\u00bb de Ben Ali en Tunisi <\/font>El Watan: Wikileaks : la Dynastie Ben Ali ou la \u00ab\u00a0quasi-mafia\u00a0\u00bb qui dirige la Tunisie <font>El Watan: Wikileaks : Ben Ali accuse l&rsquo;Alg\u00e9rie de bloquer le Maghreb ! <\/font>El Watan: Wikileaks :Sahara Occidental &#8211; Ben Ali ne croit pas \u00e0 la r\u00e9solution du conflit par l&rsquo;ONU <font>The Jerusalem Post: &lsquo;Tunisian premier predicts Muslim Brotherhood takeover&rsquo; <\/font>Slim Bagga: Journ\u00e9e nationale du racket <font>Hatem Krichen: Renouvellement du passeport &#8211; la part de v\u00e9rit\u00e9 <\/font>Tunivisions: Nabil Khayrat : Acharnement exag\u00e9r\u00e9 d\u2019Al Jazeera &#8211; La cha\u00eene veut nous coller l\u2019\u00e9tiquette de racistes<\/strong><\/font><\/p>\n<p><\/span><\/font><\/p>\n<\/div>\n<div>\n<p><font face=\"Arial\" size=\"2\"><span lang=\"FR\"><\/p>\n<p><font face=\"Calibri\" size=\"3\"><font face=\"Arial\"><strong><\/p>\n<hr\/>\n<p><\/strong><\/font><font face=\"Arial\" size=\"2\"><\/p>\n<p align=\"center\"><b><span lang=\"FR\">STOP A LA TORTURE EN TUNISIE<\/span><\/b><\/p>\n<p align=\"center\"><b><span lang=\"EN-US\">STOP TORTURE IN TUNISIA, NOW!<\/span><\/b><\/p>\n<p align=\"center\"><b><span dir=\"rtl\" lang=\"AR-SA\">\u0627\u0644\u062a\u0639\u0630\u064a\u0628 \u0623\u062f\u0627<\/span><span dir=\"rtl\" lang=\"AR-TN\">\u0629<\/span><span dir=\"rtl\" lang=\"AR-SA\"> \u062d\u0643\u0645 \u0627\u0644\u0646\u0638\u0627\u0645 \u0641\u064a \u062a\u0648\u0646\u0633<\/span><\/b><\/p>\n<p><span dir=\"rtl\" lang=\"AR-SA\"><\/p>\n<hr\/>\n<p><\/span>\u00a0<\/p>\n<p><span lang=\"FR\">\u00c0\u00a0l\u2019occasion de la Journ\u00e9e internationale des droits de l\u2019homme,<\/span><span lang=\"FR\"><\/span><span lang=\"FR\">des associations tunisiennes de d\u00e9fense des droits humains (liste ci-dessous) appellent \u00e0 un rassemblement \u00e0 Paris<a target=\"_blank\" title=\"\" rel=\"noopener\"><sup><span>[1]<\/span><\/sup><\/a>, Parvis des droits de l\u2019homme\u00a0 le jeudi 9 d\u00e9cembre 2010 \u00e0 16h, \u00a0sous le mot d\u2019ordre \u00abEnsemble contre la torture en Tunisie\u00bb.<\/span><span lang=\"FR\"><\/span><\/p>\n<p><span lang=\"FR\">\u00a0 <\/span><\/p>\n<p><span lang=\"FR\">Apr\u00e8s avoir ratifi\u00e9, le 11 juillet 1988, la Convention internationale contre la torture et autres peines ou traitements cruels, inhumains et d\u00e9gradants, les autorit\u00e9s tunisiennes continuent, plus que jamais, en d\u00e9pit de leurs d\u00e9n\u00e9gations, \u00e0 pratiquer la torture.<\/span><span lang=\"FR\"><\/span><\/p>\n<p><span lang=\"FR\">\u00a0 <\/span><\/p>\n<p><span lang=\"FR\">La torture est devenue en Tunisie, une pratique syst\u00e9matique et massive d\u00e9nonc\u00e9e avec force par l\u2019ensemble des organisations, nationales, r\u00e9gionales et internationales de d\u00e9fense des droits humains. Elle est exerc\u00e9e par les agents, en toute impunit\u00e9, dans les locaux des commissariats de police, dans les prisons, voire m\u00eame au sein du minist\u00e8re de l\u2019Int\u00e9rieur. Elle est attest\u00e9e par les r\u00e9centes correspondances diplomatiques publi\u00e9es par Wikileaks et plusieurs m\u00e9dias de par le monde.<\/span><span lang=\"FR\"><\/span><\/p>\n<p><span lang=\"FR\">\u00a0 <\/span><\/p>\n<p><span lang=\"FR\">Ces derni\u00e8res ann\u00e9es, des centaines de jeunes tunisiens ont \u00e9t\u00e9 victimes de cette pratique barbare au nom de la lutte contre le terrorisme, sur la base de la loi du 10 d\u00e9cembre 2003. Le m\u00eame traitement a \u00e9t\u00e9 r\u00e9serv\u00e9 aux militants du bassin minier de Gafsa suite au mouvement pacifique de protestation sociale de l\u2019ann\u00e9e 2008.<\/span><span lang=\"FR\"><\/span><\/p>\n<p><span lang=\"FR\">\u00a0 <\/span><\/p>\n<p><span lang=\"FR\">Derni\u00e8re victime en date, l\u2019\u00e9tudiant Ali Ben Aoun a \u00e9t\u00e9 tortur\u00e9 pour \u00ab\u00a0avoir pens\u00e9 \u00e0 ressusciter une association interdite\u00a0\u00bb, en l\u2019occurrence le Mouvement En Nahdha.<\/span><span lang=\"FR\"><\/span><\/p>\n<p><span lang=\"FR\">\u00a0 <\/span><\/p>\n<p><span lang=\"FR\">Les associations signataires de l\u2019appel :<\/span><span lang=\"FR\"><\/span><\/p>\n<p><span lang=\"FR\">&#8211; d\u00e9noncent rigoureusement\u00a0la pratique de la torture en Tunisie <\/span><\/p>\n<p><span lang=\"FR\">&#8211; demandent \u00e0 l\u2019ensemble des instances europ\u00e9ennes,\u00a0<\/span><span lang=\"FR\">de veiller au respect des droits de l\u2019Homme dans leurs relations avec la Tunisie \u00a0<\/span><span lang=\"FR\"> afin que les autorit\u00e9s tunisiennes respectent leurs engagements internationaux et mettent fin \u00e0 cette pratique barbare contraire \u00e0 l\u2019esprit et au texte des accords qui lient la Tunisie \u00e0 l\u2019Union europ\u00e9enne.<\/span><span lang=\"FR\"><\/span><\/p>\n<p><span lang=\"FR\">\u00a0 <\/span><\/p>\n<p>\u00a0<\/p>\n<p align=\"center\"><b><span lang=\"FR\">Rassemblement<\/span><\/b><\/p>\n<p align=\"center\"><b><span lang=\"FR\">Parvis des droits de l\u2019Homme<\/span><\/b><\/p>\n<p align=\"center\"><b><span lang=\"FR\">Place du Trocad\u00e9ro \u2013 Paris \u2013 M\u00e9tro Trocad\u00e9ro<\/span><\/b><\/p>\n<p align=\"center\"><span lang=\"FR\">Le Jeudi 09 d\u00e9cembre 2010 \u00e0 16h00<\/span><\/p>\n<p align=\"center\"><b><span lang=\"FR\">Mobilisons-nous contre la <\/span><span lang=\"FR\">torture <\/span><span lang=\"FR\">en Tunisie<\/span><\/b><\/p>\n<p align=\"center\"><b><span lang=\"FR\">Afin que cesse l\u2019impunit\u00e9 des tortionnaires<\/span><\/b><\/p>\n<p align=\"center\">\u00a0<\/p>\n<p><span lang=\"FR\">\u00a0 <\/span><\/p>\n<p><span lang=\"FR\">Paris, le 7 d\u00e9cembre 2010. <\/span><\/p>\n<p><b><span lang=\"FR\">Signataires : <\/span><\/b><\/p>\n<p><span lang=\"FR\"> <b>&#8211;\u00a0\u00a0\u00a0\u00a0\u00a0\u00a0 <\/b><\/span><b><span lang=\"FR\">Solidarit\u00e9 Tunisienne &#8211;\u00a0\u00a0\u00a0\u00a0\u00a0\u00a0 Comit\u00e9 pour le Respect des Libert\u00e9s et des Droits de l\u2019Homme en Tunisie &#8211;\u00a0\u00a0\u00a0\u00a0\u00a0\u00a0 Association Ez-zeitouna en Suisse &#8211;\u00a0\u00a0\u00a0\u00a0\u00a0\u00a0 Association Voix Libre &#8211;\u00a0\u00a0\u00a0\u00a0\u00a0\u00a0 F\u00e9d\u00e9ration des Tunisiens pour une Citoyennet\u00e9 des deux Rives &#8211;\u00a0\u00a0\u00a0\u00a0\u00a0\u00a0 Commission Arabe des Droits de l\u2019Homme &#8211;\u00a0\u00a0\u00a0\u00a0\u00a0\u00a0 International Campaign for Human Rights in Tunisia &#8211;\u00a0\u00a0\u00a0\u00a0\u00a0\u00a0 SOS Tunisien &#8211;\u00a0\u00a0\u00a0\u00a0\u00a0\u00a0 Conseil Nationale des Libert\u00e9s<\/span><\/b><span lang=\"FR\"><br clear=\"all\"\/>\u00a0<\/span><\/p>\n<div><span lang=\"FR\"><\/p>\n<hr align=\"left\" size=\"1\" width=\"33%\"\/><\/span><\/div>\n<p><span lang=\"FR\"><a target=\"_blank\" title=\"\" rel=\"noopener\"><sup><span>[1]<\/span><\/sup><\/a><span>\u00a0Initialement\u00a0 pr\u00e9vu \u00e0\u00a0 Bruxelles, au Rond point Schuman<\/span><\/span><\/p>\n<\/p>\n<p><\/font><\/font><\/p>\n<p><\/span><\/font><\/p>\n<hr\/>\n<p> \u00a0<\/p><\/div>\n<div>\u00a0 <\/p>\n<div align=\"center\"><font face=\"Arial\" size=\"2\">Libert\u00e9 pour tous les prisonniers politiques <strong><font>Libert\u00e9 et Equit\u00e9 <\/font><\/strong>Organisation de droits humains ind\u00e9pendante 33 rue Mokhtar Atya, 1001 Tunis Tel\/fax : 71 340 860 Tunis, le 7 d\u00e9cembre 2010 <strong><\/p>\n<h2 style=\"color: red;\"><font size=\"3\"><font size=\"2\">Libert\u00e9 et Equit\u00e9<\/font> Mohammed Ammar, ex prisonnier politique, est en gr\u00e8ve de la faim illimit\u00e9e<\/font><\/h2>\n<p><\/strong><\/font><\/div>\n<div>\n<hr\/>\n<p> <font face=\"Arial\" size=\"2\">Apr\u00e8s s\u2019\u00eatre heurt\u00e9 \u00e0 des fins de non-recevoir, Mohammed Ammar, ex prisonnier politique, a d\u00e9cid\u00e9 de mener une gr\u00e8ve de la faim illimit\u00e9e pour protester contre sa situation sociale qui menace sa famille de famille et d\u2019errance car il ne peut d\u00e9crocher un emploi lui assurant sa dignit\u00e9 en d\u00e9pit de ses tentatives. Il y a deux ans, il a men\u00e9 une gr\u00e8ve de la faim de quarante cinq jours pour r\u00e9clamer son droit \u00e0 un emploi apr\u00e8s avoir obtenu un permis de conduire un louage et ne pas avoir eu de r\u00e9ponse des parties concern\u00e9es. Monsieur Mohammed Ammar a pass\u00e9 en prison plus d\u2019une d\u00e9cennie et demie dans le cadre de l\u2019affaire du mouvement En Nahdha et il est p\u00e8re de famille nombreuse. Pour le Bureau ex\u00e9cutif de l\u2019Organisation Le Pr\u00e9sident <strong><font>Ma\u00eetre Mohammed Nouri <\/font><\/strong><font>(traduction d\u2019extraits ni revue ni corrig\u00e9e par les auteurs de la version en arabe, LT)<\/font><\/font><\/div>\n<\/div>\n<div>\n<hr\/>\n<\/div>\n<div>\n<div align=\"center\">\n<h2 style=\"color: red;\"><font face=\"Arial\"><strong>Au pays de la S\u00e9curitate m\u00eame les enfants ne sont pas en s\u00e9curit\u00e9<\/strong><\/font><\/h2>\n<\/div>\n<p><font face=\"Arial\" size=\"2\"><\/p>\n<div>\n<hr\/>\n<p> \u00a0Aujourd\u2019hui 8 d\u00e9cembre deux mille dix, mon fils Ali, \u00e2g\u00e9e pr\u00e8s de 14 ans, alors qu\u2019il se rendait \u00e0 son coll\u00e8ge, a \u00e9t\u00e9 accost\u00e9\u00a0 \u00e0 9h 50 mn, en face du poste de police d\u2019Ennasr 2, par deux policiers en uniforme noir\u00a0 sur un gros motocross. Ils l\u2019ont\u00a0 agress\u00e9 verbalement lui demandant de d\u00e9cliner son identit\u00e9 et menac\u00e9 de l\u2019amener\u00a0 par la force \u00e0 la garnison\u00a0 pour lui tondre ses cheveux et lui faire passer le service militaire. Le toisant, ils lui ont signifi\u00e9 qu\u2019ils seraient le lendemain \u00e0 la m\u00eame place et \u00e0 la m\u00eame heure pour le prendre avec eux et qu\u2019il n\u2019avait aucune \u00e9chappatoire. Ce r\u00e9gime s\u2019attaque l\u00e0 o\u00f9 on est\u00a0 le plus fragile ; nos enfants. Cherche t-il \u00e0 nous faire taire ? Ne sait-il pas que nous ne que plus fort pour d\u00e9fendre notre prog\u00e9niture. \u00a0 <strong><font>Taoufik Ben Brik<\/font><\/strong><\/div>\n<p><\/font><\/div>\n<div>\n<hr\/>\n<\/div>\n<div align=\"center\">\n<h2 style=\"color: red;\"><font face=\"Arial\"><strong>Urgent : demande d&rsquo;intervention sur la situation personnelle du fils de Taoufik Ben Brik<\/strong><\/font><\/h2>\n<\/div>\n<p><font face=\"Calibri\"><\/p>\n<div>\n<hr\/>\n<p> <font face=\"Arial\" size=\"2\">\u00c0: adrianus.koetsenruijter@ec.europa.eu, dirk.buda@ec.europa.eu Mercredi 8 d\u00e9cembre 2010, 15h08  \u00a0<\/font><\/div>\n<div>\n<div>\n<p><span lang=\"FR\"><font face=\"Arial\" size=\"2\">Cher M. Koetsenruijter, <\/font><\/span><\/p>\n<\/div>\n<\/div>\n<p><span lang=\"FR\"><font face=\"Arial\" size=\"2\">Je me permets de vous solliciter au sujet d&rsquo;Ali, le fils de Taoufik Ben Brik. Ce matin, mercredi 8 d\u00e9cembre, \u00e0 8h50 alors qu&rsquo;il \u00e9tait sur le chemin de l&rsquo;\u00e9cole, Ali a \u00e9t\u00e9 interpell\u00e9 par deux policiers en uniforme de la brigade des policiers d&rsquo;\u00e9lite. Suite \u00e0 un interrogatoire sur son identit\u00e9, il lui a \u00e9t\u00e9 demand\u00e9 de se pr\u00e9senter demain \u00e0 la garnison pour se faire couper les cheveux et effectuer son service militaire. Pr\u00e9cisons qu&rsquo;Ali f\u00eatera son 14\u00e8me anniversaire le 27 d\u00e9cembre prochain. <\/font><\/span><\/p>\n<p><span lang=\"FR\"><font face=\"Arial\" size=\"2\">Cette intervention a compl\u00e8tement d\u00e9stabilis\u00e9 et effray\u00e9 Ali<span>,<\/span> d\u00e9j\u00e0 traumatis\u00e9 par la situation d&rsquo;ins\u00e9curit\u00e9 et d&rsquo;arbitraire dont est victime sa famille. Par ailleurs, cela\u00a0semble s&rsquo;assimiler \u00e0 une tentative d&rsquo;intimidation pour d\u00e9stabiliser son p\u00e8re dans ses activit\u00e9s de journaliste et de d\u00e9fenseur des droits de l&rsquo;Homme. <\/font><\/span><\/p>\n<p>\u00a0<\/p>\n<p><span lang=\"FR\"><font face=\"Arial\" size=\"2\">Craignant pour la s\u00e9curit\u00e9 d&rsquo;Ali, je vous demande de bien vouloir vous conformer aux engagements de l&rsquo;UE stipul\u00e9s dans les lignes directrices sur les d\u00e9fenseurs des droits de l&rsquo;Homme et de rendre visite \u00e0 la famille Ben Brik. Il serait \u00e9galement opportun que vous alertiez les ambassades des Etats membres sur cette affaire afin qu&rsquo;elles aussi se conforment \u00e0 leurs engagements en mati\u00e8re de promotion et de protection des droits de l&rsquo;Homme. <\/font><\/span><\/p>\n<p>\u00a0<\/p>\n<p><span lang=\"FR\"><font face=\"Arial\" size=\"2\">Comptant sur votre diligence et vous remerciant par avance pour vos actions, je vous prie de bien vouloir me tenir inform\u00e9e des suites que vous comptez donner \u00e0 ma demande.\u00a0<\/font><\/span><font face=\"Arial\" size=\"2\"><span lang=\"FR\">\u00a0<\/span><\/font><\/p>\n<p><span lang=\"FR\"><font face=\"Arial\" size=\"2\">Avec mes salutations distingu\u00e9es, <\/font><\/span><\/p>\n<p><span lang=\"FR\"><font face=\"Arial\" size=\"2\">Cordialement, <\/font><\/span><\/p>\n<p><font face=\"Arial\" size=\"2\"><span lang=\"FR\">\u00a0<\/span><\/font><span lang=\"FR\"><font face=\"Arial\" size=\"2\"><strong>H\u00e9l\u00e8ne Flautre <\/strong><\/font><\/span><\/p>\n<p><strong><\/strong><\/p>\n<div>\n<hr\/>\n<\/div>\n<div align=\"center\">\n<h2 style=\"color: red;\"><font><strong><font size=\"3\">Ben Ali entour\u00e9 d&rsquo;une \u00ab\u00a0quasi-mafia\u00a0\u00bb n&rsquo;accepte pas de conseils (Wikileaks)<\/font><\/strong><\/font><\/h2>\n<\/div>\n<div>\n<hr\/>\n<\/div>\n<div> <font face=\"Arial\" size=\"2\">AFP: 07.12.2010 L&rsquo;entourage fami\u00adlial du pr\u00e9\u00adsident Zine El-Abidine Ben Ali est une \u00ab\u00a0quasi-mafia\u00a0\u00bb et le r\u00e9gime tuni\u00adsien \u00ab\u00a0n&rsquo;accepte ni cri\u00adtique ni conseil\u00a0\u00bb, affirment des t\u00e9l\u00e9\u00adgrammes confi\u00adden\u00adtiels am\u00e9\u00adri\u00adcains obte\u00adnus par WikiLeaks et r\u00e9v\u00e9\u00adl\u00e9s mardi soir par le quo\u00adti\u00addien Le Monde. Dans ce c\u00e2ble dat\u00e9 de juin 2008, sous le titre \u00ab\u00a0Ce qui est \u00e0 vous est \u00e0 moi\u00a0\u00bb, l&rsquo;ambassade cite plus d&rsquo;une dizaine d&rsquo;exemples des abus de l&rsquo;entourage fami\u00adlial du chef de l&rsquo;Etat. Par exemple, \u00e9crit-il, l&rsquo;\u00e9pouse du pr\u00e9\u00adsident se voit accor\u00adder gra\u00adtui\u00adte\u00adment par l&rsquo;Etat un ter\u00adrain, qui sera via\u00adbi\u00adlis\u00e9 tout aussi gra\u00adtui\u00adte\u00adment, pour construire un \u00e9tablis\u00adse\u00adment sco\u00adlaire priv\u00e9, revendu depuis. A l&rsquo;\u00e9t\u00e9 2009, un autre m\u00e9mo, tout en saluant la robuste crois\u00adsance \u00e9cono\u00admique (5% en moyenne) et le sta\u00adtut avanc\u00e9 de la femme, rel\u00e8ve que \u00ab\u00a0le pr\u00e9\u00adsident Ben Ali prend de l&rsquo;\u00e2ge\u00a0\u00bb, que \u00ab\u00a0son r\u00e9gime est scl\u00e9\u00adros\u00e9\u00a0\u00bb et qu'\u00a0\u00bbil n&rsquo;y a pas de suc\u00adces\u00adseur av\u00e9r\u00e9\u00a0\u00bb. \u00ab\u00a0L&rsquo;extr\u00e9misme reste une menace. Confront\u00e9 \u00e0 ces pro\u00adbl\u00e8mes, le gou\u00adver\u00adne\u00adment n&rsquo;accepte ni cri\u00adtique ni conseil, qu&rsquo;il vienne de l&rsquo;int\u00e9rieur ou de l&rsquo;ext\u00e9rieur. A l&rsquo;inverse, il ne cherche qu&rsquo;\u00e0 impo\u00adser un contr\u00f4le plus strict, sou\u00advent en s&rsquo;appuyant sur la police\u00a0\u00bb, ajoute ce t\u00e9l\u00e9gramme. Pour les diplo\u00admates, affirme encore l&rsquo;ambassade am\u00e9\u00adri\u00adcaine en Tunisie, tra\u00advailler dans ce pays est devenu tr\u00e8s dif\u00adfi\u00adcile. Les contr\u00f4les, \u00ab\u00a0mis en place par le ministre des affaires \u00e9tran\u00adg\u00e8res\u00a0\u00bb, les contraignent \u00e0 avoir une per\u00admis\u00adsion \u00e9crite avant tout contact avec un offi\u00adciel. Une demande de r\u00e9union doit \u00eatre accom\u00adpa\u00adgn\u00e9e d&rsquo;une note diplo\u00adma\u00adtique. \u00ab\u00a0Beaucoup res\u00adtent sans r\u00e9ponse\u00a0\u00bb, pr\u00e9cise-t-elle. Les Etats-Unis, ajoute le t\u00e9l\u00e9\u00adgramme, devraient aussi deman\u00adder aux pays euro\u00adp\u00e9ens d&rsquo;intensifier leurs efforts pour \u00ab\u00a0per\u00adsua\u00adder le gou\u00adver\u00adne\u00adment tuni\u00adsien d&rsquo;acc\u00e9l\u00e9rer les r\u00e9formes politiques\u00a0\u00bb. L&rsquo;Allemagne et la Grande-Bretagne sont acquis \u00e0 cette id\u00e9e, mais \u00ab\u00a0des pays-cl\u00e9s comme la France et l&rsquo;Italie h\u00e9sitent \u00e0 faire pres\u00adsion\u00a0\u00bb sur la Tunisie, selon ces remarques am\u00e9\u00adri\u00adcaines divul\u00adgu\u00e9es par Wikileaks.<\/font><\/div>\n<p><\/font><\/font><\/p>\n<div>\n<hr\/>\n<\/div>\n<div>\u00a0<\/div>\n<div>\n<div align=\"center\">\n<h2 style=\"color: red;\"><font face=\"Arial\"><strong>WikiLeaks : les diplomates am\u00e9ricains pointent le r\u00e9gime \u00ab\u00a0scl\u00e9ros\u00e9\u00a0\u00bb de Ben Ali en Tunisie<\/strong><\/font><\/h2>\n<\/div>\n<div> <font face=\"Arial\" size=\"2\">\u00a007.12.10 | 22h31\u00a0 \u2022\u00a0 Mis \u00e0 jour le 08.12.10 | 13h30 \u00a0 \u00a0 La Tunisie n&rsquo;a pas grand-chose \u00e0 se reprocher en mati\u00e8re de droits de l&rsquo;homme. Il y a bien eu<font> <strong>\u00ab\u00a0quelques probl\u00e8mes\u00a0\u00bb,<\/strong><\/font> mais le gouvernement y rem\u00e9die, puisque <strong><font>\u00ab\u00a0des dizaines\u00a0\u00bb d&rsquo;officiers de police ont \u00e9t\u00e9 jug\u00e9s pour \u00ab\u00a0corruption ou autres d\u00e9lits\u00a0\u00bb.<\/font><\/strong> Malheureusement<strong>,<font>\u00ab\u00a0certaines ambassades\u00a0\u00bb,<\/font><\/strong> \u00e0 Tunis, et<strong><font> \u00ab\u00a0des organisations de d\u00e9fense des droits de l&rsquo;homme\u00a0\u00bb<\/font><\/strong> ont pris pr\u00e9texte de la lutte antiterroriste men\u00e9e par le gouvernement pour multiplier les critiques. \u00c7a n&rsquo;est pas une <strong>\u00ab\u00a0attitude amicale\u00a0\u00bb\u2026<\/strong> Le t\u00e9l\u00e9gramme am\u00e9ricain qui r\u00e9sume la rencontre, au printemps 2008 \u00e0 Tunis, entre le pr\u00e9sident Zine El-Abidine Ben Ali et le sous-secr\u00e9taire d&rsquo;Etat am\u00e9ricain charg\u00e9 des affaires du Proche-Orient et de l&rsquo;Afrique du Nord, David Welch, ne dit rien de la r\u00e9ponse du diplomate. \u00a0 Mais d&rsquo;autres m\u00e9mos, obtenus par WikiLeaks et r\u00e9v\u00e9l\u00e9s par Le Monde, permettent de se faire une id\u00e9e pr\u00e9cise du r\u00e9gime tunisien vu par les diplomates am\u00e9ricains. Dans un c\u00e2ble dat\u00e9 de juin 2008, sous le titre<strong><font> \u00ab\u00a0Ce qui est \u00e0 vous est \u00e0 moi\u00a0\u00bb,<\/font><\/strong> l&rsquo;ambassade d\u00e9crit la corruption organis\u00e9e par l&rsquo;entourage familial du chef de l&rsquo;Etat<strong><font>-\u00ab\u00a0la Famille\u00a0\u00bb- qualifi\u00e9 de \u00ab\u00a0quasi-mafia\u00a0\u00bb. <\/font><\/strong>Plus d&rsquo;une dizaine d&rsquo;exemples sont cit\u00e9s. Ici, c&rsquo;est l&rsquo;\u00e9pouse du pr\u00e9sident qui se voit accorder gratuitement par l&rsquo;Etat un terrain, qui sera viabilis\u00e9 tout aussi gratuitement, pour construire un \u00e9tablissement scolaire priv\u00e9, revendu depuis. L\u00e0 c&rsquo;est un gendre qui r\u00e9cup\u00e8re<strong> <font>\u00ab\u00a0un immense manoir tape-\u00e0-l&rsquo;\u0153il\u00a0\u00bb<\/font> <\/strong>construit sur un terrain expropri\u00e9 par l&rsquo;Etat, officiellement pour les besoins de l&rsquo;Agence de l&rsquo;eau. Plus loin, c&rsquo;est un autre gendre qui acquiert 17 % de la Banque du Sud \u00e0 la veille de sa privatisation, et qui revendra ses actions<strong><font> \u00ab\u00a0avec un confortable b\u00e9n\u00e9fice\u00a0\u00bb<\/font><\/strong> \u00e0 un consortium bancaire hispano-marocain, lui assurant ainsi le contr\u00f4le majoritaire qu&rsquo;elle souhaitait\u2026 \u00a0 <strong>\u00ab\u00a0LE PR\u00c9SIDENT PREND DE L&rsquo;\u00c2GE\u00a0\u00bb <\/strong>\u00a0 A l&rsquo;\u00e9t\u00e9 2009, un autre m\u00e9mo \u00e9largit le champ de vision et, non sans avoir salu\u00e9 la robuste croissance \u00e9conomique (5 % en moyenne depuis dix ans) et le statut avanc\u00e9 de la femme, recense les \u00ab\u00a0gros probl\u00e8mes\u00a0\u00bb du pays. <strong><font>\u00ab\u00a0Le pr\u00e9sident Ben Ali prend de l&rsquo;\u00e2ge, son r\u00e9gime est scl\u00e9ros\u00e9, et il n&rsquo;y a pas de successeur av\u00e9r\u00e9, peut-on lire. Beaucoup de Tunisiens sont frustr\u00e9s par le manque de libert\u00e9 politique et en col\u00e8re contre la corruption de la famille de la premi\u00e8re dame, le taux de ch\u00f4mage \u00e9lev\u00e9 et les disparit\u00e9s r\u00e9gionales. L&rsquo;extr\u00e9misme reste une menace. Confront\u00e9 \u00e0 ces probl\u00e8mes, le gouvernement n&rsquo;accepte ni critique ni conseil, qu&rsquo;il vienne de l&rsquo;int\u00e9rieur ou de l&rsquo;ext\u00e9rieur. A l&rsquo;inverse, il ne cherche qu&rsquo;\u00e0 imposer un contr\u00f4le plus strict, souvent en s&rsquo;appuyant sur la police. R\u00e9sultat : la Tunisie est \u00e0 la peine et notre relation [avec elle] \u00e9galement.\u00a0\u00bb <\/font><\/strong>Pour les diplomates, travailler en Tunisie est devenu tr\u00e8s difficile. Les contr\u00f4les,<strong><font> \u00ab\u00a0mis en place par le ministre des affaires \u00e9trang\u00e8res\u00a0\u00bb,<\/font><\/strong> les contraignent \u00e0 avoir une permission \u00e9crite avant tout contact avec un officiel. Une demande de r\u00e9union doit \u00eatre accompagn\u00e9e d&rsquo;une note diplomatique.<strong><font> \u00ab\u00a0Beaucoup restent sans r\u00e9ponse\u00a0\u00bb,<\/font><\/strong> pr\u00e9cise un m\u00e9mo. \u00a0 <strong>PRIVIL\u00c9GIER LA DISCR\u00c9TION <\/strong>\u00a0 Maintenir des contacts avec les militants de la soci\u00e9t\u00e9 civile est une gageure. Et les Tunisiens invit\u00e9s \u00e0 des r\u00e9ceptions par l&rsquo;ambassade font l&rsquo;objet d&rsquo;intimidations par des policiers en civil post\u00e9s \u00e0 proximit\u00e9. Quelle devrait \u00eatre la politique de l&rsquo;administration Obama en Tunisie ? Poursuivre les contacts avec l&rsquo;opposition et la soci\u00e9t\u00e9 civile. Continuer \u00e0 critiquer<strong><font> \u00ab\u00a0l&rsquo;absence de d\u00e9mocratie et le peu de respect pour les droits de l&rsquo;homme\u00a0\u00bb,<\/font><\/strong> le faire<strong><font> \u00ab\u00a0de fa\u00e7on tr\u00e8s claire, le plus souvent possible, et \u00e0 tr\u00e8s haut niveau\u00a0\u00bb,<\/font><\/strong> mais, \u00e0 rebours de l&rsquo;administration Bush, en privil\u00e9giant la discr\u00e9tion. Les Etats-Unis, ajoute le t\u00e9l\u00e9gramme, devraient aussi demander aux pays europ\u00e9ens d&rsquo;intensifier leurs efforts pour<strong><font> \u00ab\u00a0persuader le gouvernement tunisien d&rsquo;acc\u00e9l\u00e9rer les r\u00e9formes politiques\u00a0\u00bb. <\/font><\/strong>L&rsquo;Allemagne et la Grande-Bretagne sont acquis \u00e0 cette id\u00e9e, mais \u00ab\u00a0des pays-cl\u00e9s comme la France et l&rsquo;Italie h\u00e9sitent \u00e0 faire pression\u00a0\u00bb sur la Tunisie. \u00a0 <font><strong>Jean-Pierre Tuquoi   (Source: \u00ab\u00a0Le Monde\u00a0\u00bb (Quotidien &#8211; France) le 8 decembre 2010) \u00a0<\/strong><a target=\"_blank\" title=\"http:\/\/www.lemonde.fr\/documents-wikileaks\/article\/2010\/12\/07\/wikileaks-les-diplomates-americains-pointent-le-regime-sclerose-de-ben-ali-en-tunisie_1450406_1446239.htmlF\u00f6lj l\u00e4nken genom att trycka p\u00e5 CTRL och klicka\" rel=\"noopener\"><strong title=\"http:\/\/www.lemonde.fr\/documents-wikileaks\/article\/2010\/12\/07\/wikileaks-les-diplomates-americains-pointent-le-regime-sclerose-de-ben-ali-en-tunisie_1450406_1446239.htmlF\u00f6lj l\u00e4nken genom att trycka p\u00e5 CTRL och klicka\"><font>http:\/\/www.lemonde.fr\/documents-wikileaks\/article\/2010\/12\/07\/wikileaks-les-diplomates-americains-pointent-le-regime-sclerose-de-ben-ali-en-tunisie_1450406_1446239.html<\/font><\/strong><\/a> <\/p>\n<hr\/>\n<p><\/font><\/font><\/div>\n<div align=\"center\"><font size=\"2\"><font face=\"Arial\"><strong><\/p>\n<h2 style=\"color: red;\"><font size=\"3\">Wikileaks : la Dynastie Ben Ali ou la \u00ab\u00a0quasi-mafia\u00a0\u00bb qui dirige la Tunisie<\/font><\/h2>\n<p><\/strong><\/font><\/font><\/div>\n<div>\n<hr\/>\n<p> Dans un c\u00e2ble dat\u00e9 de juin 2008, sous le titre <strong>\u00ab\u00a0Ce qui est \u00e0 vous est \u00e0 moi\u00a0\u00bb,<\/strong> l&rsquo;ambassade am\u00e9ricaine \u00e0 Tunis d\u00e9crit la corruption organis\u00e9e par l&rsquo;entourage familial du chef de l&rsquo;Etat tunisien.  La Tunisie, une<strong> \u00ab\u00a0mafiocratie\u00a0\u00bb<\/strong> dirig\u00e9e par un seul clan ! C&rsquo;est ce qui ressort clairement et nettement des derniers m\u00e9mos am\u00e9ricains transmis par l&rsquo;ambassade am\u00e9ricaine \u00e0 Tunis au D\u00e9partement d&rsquo;Etat \u00e0 Washington.  \u00a0<\/div>\n<div>Dans un c\u00e2ble dat\u00e9 de juin 2008, sous le titre \u00ab\u00a0Ce qui est \u00e0 vous est \u00e0 moi\u00a0\u00bb, l&rsquo;ambassade am\u00e9ricaine d\u00e9crit cr\u00fbment\u00a0 la corruption organis\u00e9e par l&rsquo;entourage familial du chef de l&rsquo;Etat, Zine el-Abidine Ben Ali. Une famille que les am\u00e9ricains n&rsquo;h\u00e9sitent pas \u00e0 qualifier de \u00ab\u00a0qausi-mafia\u00a0\u00bb. <strong>\u00ab\u00a0Les Trabelsi sont partis tr\u00e8s loin\u00a0\u00bb,<\/strong> rapporte le t\u00e9l\u00e9gramme am\u00e9ricain qui fait \u00e9tat des<strong> \u00ab\u00a0magouilles\u00a0\u00bb<\/strong> du clan du pr\u00e9sident Ben Ali et sa femme Leila.\u00a0  Parmi les mutiples exemples de corruption et de d\u00e9tournements cit\u00e9s par ce m\u00e9mo, on peut retenir cette<strong> \u00ab\u00a0op\u00e9ration\u00a0\u00bb<\/strong> mafieuse qui a permis \u00e0 l&rsquo;\u00e9pouse du pr\u00e9sident de construire un \u00e9tablissement scolaire priv\u00e9 sur un terrain, viabilis\u00e9, accord\u00e9 gratuitement par l&rsquo;Etat !  Quant au gendre du Pr\u00e9sident, Sakhr Materi, il r\u00e9cup\u00e8re<strong> \u00ab\u00a0un immense manoir tape-\u00e0-l&rsquo;\u0153il\u00a0\u00bb,<\/strong> relate le m\u00e9mo, construit sur un terrain expropri\u00e9 par l&rsquo;Etat, officiellement pour les besoins de l&rsquo;Agence de l&rsquo;eau ! Et le fr\u00e8re de madame Leila, Belhassen Trabelsi exploite, lui aussi, avec des deniers de l&rsquo;Etat,\u00a0 un \u00ab\u00a0vaste\u00a0\u00bb empire comprenant \u00ab\u00a0une compagnie a\u00e9rienne, plusieurs h\u00f4tels, deux stations de radio priv\u00e9es, etc.\u00a0\u00bb  <strong>\u00ab\u00a0Ben Ali a sept fr\u00e8res et s\u0153urs, dont son d\u00e9funt fr\u00e8re Moncef \u00e9tait un trafiquant de drogue connu, condamn\u00e9 par contumace \u00e0 10 ans de prison devant les tribunaux fran\u00e7ais. Ben Ali a trois enfants avec sa premi\u00e8re femme Naima Kefi: Ghaouna, Dorsaf et Cyrine. Elles sont mari\u00e9es respectivement \u00e0 Slim Zarrouk, Slim Chiboub, et Marouane Mabrouk qui sont tous de\u00a0 puissants hommes d&rsquo;affaires\u00a0\u00bb,<\/strong> rapporte encore le c\u00e2ble diplomatique de l&rsquo;ambassade US \u00e0 Tunis qui d\u00e9crit minutieusement les tentacules inimaginables de cette mafia.\u00a0  Et pendant que le<strong> \u00ab\u00a0clan\u00a0\u00bb<\/strong> s&rsquo;en met plein les poches, les pauvres tunisiens restent <strong>\u00ab\u00a0frustr\u00e9s par le manque de libert\u00e9 politique et en col\u00e8re contre la corruption de la famille de la premi\u00e8re dame\u00a0\u00bb.<\/strong> En plus,\u00a0<strong> \u00ab\u00a0le taux de ch\u00f4mage \u00e9lev\u00e9 et les disparit\u00e9s r\u00e9gionales\u00a0\u00bb<\/strong> alimentent, selon les am\u00e9ricains,\u00a0<strong> \u00ab\u00a0l&rsquo;extr\u00e9misme\u00a0\u00bb<\/strong> qui<strong> \u00ab\u00a0reste une menace\u00a0\u00bb. \u00ab\u00a0Confront\u00e9 \u00e0 ces probl\u00e8mes, le gouvernement n&rsquo;accepte ni critique ni conseil, qu&rsquo;il vienne de l&rsquo;int\u00e9rieur ou de l&rsquo;ext\u00e9rieur. A l&rsquo;inverse, il ne cherche qu&rsquo;\u00e0 imposer un contr\u00f4le plus strict, souvent en s&rsquo;appuyant sur la police\u00a0\u00bb,<\/strong> rel\u00e8ve en dernier lieu le t\u00e9l\u00e9gramme de l&rsquo;ambassade US \u00e0 Tunis qui s&rsquo;\u00e9tonne\u00a0 de la passivit\u00e9, pour ne pas dire le soutien accord\u00e9 par<strong> \u00ab\u00a0des pays comme l&rsquo;Italie et la France\u00a0\u00bb<\/strong> \u00e0 ce r\u00e9gime<strong> \u00ab\u00a0corrompu\u00a0\u00bb.  <font>Abderrahmane Semmar <\/font><\/strong> <font><strong>(Source: \u00ab\u00a0El Watan\u00a0\u00bb (Quotidieen &#8211; Algerie) le 8 decembre 2010) Lien: <\/strong><a target=\"_blank\" title=\"http:\/\/www.elwatan.com\/une\/wikileaks-la-dynastie-ben-ali-ou-la-quasi-mafia-qui-dirige-la-tunisie-08-12-2010-102144_108.phpF\u00f6lj l\u00e4nken genom att trycka p\u00e5 CTRL och klicka\" rel=\"noopener\"><strong title=\"http:\/\/www.elwatan.com\/une\/wikileaks-la-dynastie-ben-ali-ou-la-quasi-mafia-qui-dirige-la-tunisie-08-12-2010-102144_108.phpF\u00f6lj l\u00e4nken genom att trycka p\u00e5 CTRL och klicka\"><font>http:\/\/www.elwatan.com\/une\/wikileaks-la-dynastie-ben-ali-ou-la-quasi-mafia-qui-dirige-la-tunisie-08-12-2010-102144_108.php<\/font><\/strong><\/a> <\/p>\n<hr\/>\n<p><\/font><\/div>\n<div><font><\/p>\n<div align=\"center\">\n<h2 style=\"color: red;\"><font face=\"Arial\" size=\"3\"><strong>Wikileaks : Ben Ali accuse l&rsquo;Alg\u00e9rie de bloquer le Maghreb !<\/strong><\/font><\/h2>\n<\/div>\n<div><strong><\/p>\n<hr\/>\n<p><\/strong><\/div>\n<div><font face=\"Arial\" size=\"2\"><font>\u00a0le 08.12.10 | 14h05 6 r\u00e9actions  \u00a0 \u00ab\u00a0Les Alg\u00e9riens doivent accepter le fait qu&rsquo;il n&rsquo;y aura pas un Etat ind\u00e9pendant au Sahara occidental\u00a0\u00bb. La Sentence prononc\u00e9e par le pr\u00e9sident Tunisien tombe comme un couperet. Pour Ben Ali, l&rsquo;Alg\u00e9rie est la principale responsable du blocage au Maghreb.  Les confidences de Zine el-Abidine Ben Ali \u00e0 David Welch, sous-secr\u00e9taire d&rsquo;Etat am\u00e9ricain charg\u00e9 des affaires du Proche-Orient et de l&rsquo;Afrique du Nord, sont troublantes. Selon un c\u00e2ble diplomatique am\u00e9ricain class\u00e9 secret, et qui date du 3 mars 2008, le pr\u00e9sident Tunisien accuse l&rsquo;Alg\u00e9rie de bloquer tous les progr\u00e8s dans la r\u00e9gion du Maghreb \u00e0 cause de sa position sur le conflit du Sahara Occidentale.  Pour Ben Ali, ce conflit d\u00e9licat ne peut pas \u00ab\u00a0\u00eatre r\u00e9gl\u00e9 par le Conseil de s\u00e9curit\u00e9 des Nations unies\u00a0\u00bb. D&rsquo;ailleurs,\u00a0 ce m\u00e9mo nous fait savoir que\u00a0 \u00ab\u00a0la Tunisie avait essay\u00e9 de convoquer une r\u00e9union des Chefs d&rsquo;Etats du Maghreb \u00e0 ce sujet \u00e0 Tunis\u00a0\u00bb. Et \u00ab\u00a0alors que le Maroc et la Libye avaient accept\u00e9 de participer, l&rsquo;Alg\u00e9rie a refus\u00e9 pr\u00e9textant qu&rsquo;il n&rsquo;y avait rien \u00e0 discuter\u00a0\u00bb, confie Ben Ali \u00e0 \u00e0 David Welch lors d&rsquo;une entrevue organis\u00e9e le 28 f\u00e9vrier 2008 \u00e0 Tunis. \u00a0Ben Ali s&rsquo;est montr\u00e9 \u00e9galement tr\u00e8s inquiet sur les \u00e9volutions politiques au Maghreb. En effet, selon ce t\u00e9l\u00e9gramme obtenu par Wikileaks, le pr\u00e9sident Tunisien a confi\u00e9 aux am\u00e9ricains ses angoisses sur la mont\u00e9e de l&rsquo;islamisme en Egypte et au Maroc. \u00ab\u00a0L&rsquo;extr\u00e9misme est un probl\u00e8me r\u00e9el et croissant. Et le Maroc est au d\u00e9but de ce probl\u00e8me\u00a0\u00bb confie-t-il. Concernant l&rsquo;Egypte, Ben Ali croit savoir que les \u00ab\u00a0fr\u00e8res musulmans\u00a0\u00bb prendront t\u00f4t ou tard le pouvoir au Caire.  Quant \u00e0 l&rsquo;Alg\u00e9rie, le pr\u00e9sident tunisien a relev\u00e9 que le pays se porte nettement \u00ab\u00a0mieux\u00a0\u00bb et l&rsquo;islamisme radical ne repr\u00e9sente pas un aussi grand danger comme par le pass\u00e9.  <\/font><strong>Abderrahmane Semmar   (Source: \u00ab\u00a0El Watan\u00a0\u00bb (Quotidieen &#8211; Algerie) le 8 decembre 2010) Lien: http:\/\/www.elwatan.com\/une\/wikileaks-ben-ali-accuse-l-algerie-de-bloquer-le-maghreb-08-12-2010-102154_108.php<\/strong><\/font><\/div>\n<p><\/font><\/div>\n<div><strong><\/p>\n<hr\/>\n<p><\/strong><\/div>\n<div>\n<div align=\"center\">\n<h3 style=\"color: blue;\"><font face=\"Arial\" size=\"3\"><strong>Sahara Occidental Ben Ali ne croit pas \u00e0 la r\u00e9solution du conflit par l&rsquo;ONU<\/strong><\/font><\/h3>\n<\/div>\n<div>\n<hr\/>\n<p> <font face=\"Arial\" size=\"2\"><font>Le pr\u00e9sident tunisien, Zine El-Abidine Ben Ali, ne croit pas au r\u00e8glement de la question du Sahara Occidental par le Conseil de s\u00e9curit\u00e9. Dans un c\u00e2ble, rendu public par Wikileaks le 07 d\u00e9cembre 2010, Ben Ali, en recevant le secr\u00e9taire d\u2019Etat adjoint, charg\u00e9 des affaires du proche orient et de l\u2019Afrique du Nord, David Welch, en mars 2008, a estim\u00e9 que \u00able probl\u00e8me est complexe et prendra des ann\u00e9es pour \u00eatre r\u00e9solu\u00bb.  Mieux, le pr\u00e9sident tunisien est all\u00e9 jusqu\u2019\u00e0 accuser les alg\u00e9riens d\u2019\u00eatre responsables de l\u2019impasse actuelle que conna\u00eet le conflit du Sahara Occidental. Alors que pour David Welch \u00ables alg\u00e9riens doivent accepter qu\u2019il y\u2019aura pas un Etat ind\u00e9pendant au Sahara Occidental \u00bb.\u00a0\u00a0\u00a0\u00a0  Le pr\u00e9sident Ben Ali a tenu \u00e0 pr\u00e9ciser, par ailleurs, que la Tunisie a essay\u00e9 de convoquer une r\u00e9union du Maghreb \u00e0 ce sujet \u00e0 Tunis. \u00abAlors que le Maroc et la Libye avait accept\u00e9 de participer, l\u2019Alg\u00e9rie a refus\u00e9, disant qu\u2019il n y\u2019avait pas rien \u00e0 discuter\u00bb, a-t-il dit. Oui, l\u2019Alg\u00e9rie a refus\u00e9 d\u2019y participer car, la question du Sahara occidental doit \u00eatre r\u00e9solu dans le cadre des Nations unies, car c\u2019est un probl\u00e8me de d\u00e9colonisation. Le pr\u00e9sident tunisien ignore-t-il peut \u00eatre que la question sahraouie est inscrite dans la 4e commission de l\u2019Assembl\u00e9e g\u00e9n\u00e9rale des Nations unies en tant que question de d\u00e9colonisation (d\u00e9claration 1514 du 15 d\u00e9cembre 1960) ?. Par ces r\u00e9v\u00e9lations, sommes toutes, fracassantes, n\u2019est ce pas Ben Ali se d\u00e9marque de la l\u00e9galit\u00e9 internationale et des principes des Nations unies en mati\u00e8re de la d\u00e9colonisation et fait fi du droit du peuple sahraoui \u00e0 l\u2019autod\u00e9termination. Il s \u00e9carte le Plan de r\u00e8glement agr\u00e9e depuis pr\u00e8s de 20 ans, des Accords d\u2019Houston et des plans Baker (I et II). M. Ben Ali ignore aussi les efforts des Nations Unies r\u00e9alis\u00e9s depuis 1991 pour le Sahara occidental. Il occulte le droit inali\u00e9nable de l\u2019autod\u00e9termination du peuple sahraoui conform\u00e9ment aux r\u00e9solutions pertinentes du Conseil de s\u00e9curit\u00e9 de l\u2019ONU.\u00a0\u00a0\u00a0\u00a0\u00a0\u00a0\u00a0\u00a0\u00a0\u00a0\u00a0\u00a0  Le pr\u00e9sident tunisien, M.Ben Ali, au lieu d\u2019accuser l\u2019Alg\u00e9rie du blocage du conflit sahraoui, doit savoir que si la question sahraouie s\u2019est embourb\u00e9e actuellement dans une impasse, c\u2019est du fait de l\u2019intransigeance du Maroc qui veut co\u00fbte que co\u00fbte imposer son plan d\u2019autonomie, rejet\u00e9 d\u2019ailleurs par la communaut\u00e9 internationale.\u00a0   <strong>Rabah Beldjenna <\/strong><\/font> <strong>(Source: \u00ab\u00a0El Watan\u00a0\u00bb (Quotidien &#8211; Algerie) le 8 decembre 2010)<\/strong><\/font><\/div>\n<div><font face=\"Arial\" size=\"2\"><strong>Lien: <\/strong><a target=\"_blank\" title=\"http:\/\/www.elwatan.com\/une\/ben-ali-ne-croit-pas-a-la-resolution-du-conflit-par-l-onu-08-12-2010-102158_108.phpF\u00f6lj l\u00e4nken genom att trycka p\u00e5 CTRL och klicka\" rel=\"noopener\"><strong title=\"http:\/\/www.elwatan.com\/une\/ben-ali-ne-croit-pas-a-la-resolution-du-conflit-par-l-onu-08-12-2010-102158_108.phpF\u00f6lj l\u00e4nken genom att trycka p\u00e5 CTRL och klicka\"><font>http:\/\/www.elwatan.com\/une\/ben-ali-ne-croit-pas-a-la-resolution-du-conflit-par-l-onu-08-12-2010-102158_108.php<\/font><\/strong><\/a><\/font><\/div>\n<\/div>\n<p><font face=\"Arial\"><strong><\/p>\n<div>\n<hr\/>\n<\/div>\n<div align=\"center\"><span lang=\"EN\"><strong><font size=\"3\">&lsquo;Tunisian premier predicts Muslim Brotherhood takeover&rsquo;<\/font><\/strong><\/span><\/div>\n<div>\n<hr\/>\n<\/div>\n<div>\n<p><i><span lang=\"EN\"><strong>WikiLeaks document from March 2008 quotes Ben Ali as saying situation in Egypt \u00ab\u00a0explosive,\u00a0\u00bb claims Libya&rsquo;s Gadhafi \u00ab\u00a0is not a normal person.\u00a0\u00bb <\/strong><\/span><\/i><\/p>\n<p><span lang=\"EN\"><strong><font>The moderate<\/font><\/strong><a target=\"_blank\" rel=\"noopener\"><span><strong title=\"http:\/\/newstopics.jpost.com\/topic\/Arab_LeagueF\u00f6lj l\u00e4nken genom att trycka p\u00e5 CTRL och klicka\">Arab states<\/strong><\/span><\/a><strong><font>&lsquo; fear of Iran and Islamic radicalism continued to pour forth from documents released by WikiLeaks Tuesday night, with the Tunisian President predicting in a conversation with a senior US diplomat two years ago that the <\/font><\/strong><a target=\"_blank\" rel=\"noopener\"><span><strong title=\"http:\/\/newstopics.jpost.com\/topic\/Muslim_BrotherhoodF\u00f6lj l\u00e4nken genom att trycka p\u00e5 CTRL och klicka\">Muslim Brotherhood<\/strong><\/span><\/a><strong><font> would take over Egypt sooner or later.  According to a cable written on March 3, 2008 by Robert Godec, the US ambassador in Tunisia, Tunisian President\u00a0 <\/font><\/strong><a target=\"_blank\" rel=\"noopener\"><span><strong>Zine El Abidine Ben Ali<\/strong><\/span><\/a><font> told Assistant Secretary of State David Welch that \u00ab\u00a0Tunisia was happy it was part of the Maghreb, and not part of Levant or Gulf.\u00a0\u00bb<\/font><\/span><\/p>\n<table border=\"0\" cellpadding=\"0\">\n<tr>\n<td>\u00a0<\/td>\n<\/tr>\n<\/table>\n<p><span lang=\"EN\"><font>The dispatch said Ben Ali \u00ab\u00a0opined that the situation in Egypt is &lsquo;explosive,&rsquo; adding that sooner or later the Muslim Brotherhood would take over. He added that Yemen and Saudi Arabia are also facing real problems. Overall, the region is &lsquo;explosive.'\u00a0\u00bb   Ben Ali said that Syria was a source of concern in the region, since it is \u00ab\u00a0acting for Iran, and the later is fueling regional problems.\u00a0\u00bb Ben Ali, according to the dispatch, said \u00ab\u00a0he &lsquo;does not trust&rsquo; the Shia.\u00a0\u00bb  Ben Ali also did not guard his tongue regarding Libyan leader Moammar Gadhafi, saying he \u00ab\u00a0is not a normal person,\u00a0\u00bb according to the dispatch.<\/font><\/span><\/p>\n<p><span lang=\"EN\"><strong><font>Source: \u201cThe Jerusalem Post\u201d Le 08-12-2010)<\/font><\/strong><\/span><\/p>\n<div>\n<p><font face=\"Arial\"><strong>Lien:<\/strong> <\/font><a target=\"_blank\" rel=\"noopener\"><strong><font face=\"Arial\" title=\"http:\/\/www.jpost.com\/MiddleEast\/Article.aspx?id=198534F\u00f6lj l\u00e4nken genom att trycka p\u00e5 CTRL och klicka\">http:\/\/www.jpost.com\/MiddleEast\/Article.aspx?id=198534<\/font><\/strong><\/a><\/p>\n<\/div>\n<\/div>\n<p><\/strong><\/font><\/div>\n<div>\n<hr\/>\n<\/div>\n<div align=\"center\">\n<h3 style=\"color: blue;\"><font face=\"Arial\"><strong>Journ\u00e9e nationale du racket<\/strong><\/font><\/h3>\n<\/div>\n<div><font face=\"Arial\" size=\"2\"><\/p>\n<div>\n<hr\/>\n<\/div>\n<p><\/font><\/p>\n<div><font face=\"Arial\" size=\"2\">\u00a0par <strong><font>SLIM BAGGA<\/font><\/strong><\/font><\/div>\n<div>\u00a0<\/div>\n<div><font face=\"Arial\" size=\"2\">Les dictatures les plus vicieuses ont ceci de r\u00e9voltant qu&rsquo;elles vous passent leurs d\u00e9cisions les plus iniques et les plus r\u00e9voltantes pour du civisme. Depuis 20 ans ou plus, la population tunisienne est effar\u00e9e par le racket d&rsquo;Etat impos\u00e9 le 8 d\u00e9cembre de chaque ann\u00e9e. Pourtant, la propagande ne fait que vanter sa r\u00e9ussite et\u00a0flatter l&rsquo;instigateur de cette \u00ab\u00a0Journ\u00e9e de solidarit\u00e9\u00a0\u00bb, le premier corrompu de la Nation: Zine El Abidine Ben Ali.<\/font><\/div>\n<div><font face=\"Arial\" size=\"2\">Pourtant aussi, ce peuple docile dont l&rsquo;opposition est d\u00e9chiquet\u00e9e, accomplit tous les ans par peur le plus souvent, par z\u00e8le et int\u00e9r\u00eat parfois, ce geste honteux de soumission \u00e0 une tyrannie sans nom.<\/font><\/div>\n<div><font face=\"Arial\" size=\"2\">Tout le monde fait semblant d&rsquo;ignorer que ce racket institutionnalis\u00e9 sert d&rsquo;argent de poche \u00e0 Leila Ben Ali dont tous les fruits de d\u00e9tournements publics sont d\u00e9j\u00e0 sous d&rsquo;autres cieux. Il sert aussi \u00e0 mieux torturer ce peuple et l&rsquo;assujettir en r\u00e9compensant, gr\u00e2ce \u00e0 l&rsquo;argent m\u00eame de ce peuple si bon, les mercenaires, les d\u00e9lateurs, les propagandistes; \u00e0 perfectionner les outils et les m\u00e9thodes de surveillance, d&rsquo;\u00e9coutes t\u00e9l\u00e9phoniques, et \u00e0 acheter les consciences et les r\u00e9calcitrants.<\/font><\/div>\n<div><font face=\"Arial\" size=\"2\">A regarder de tr\u00e8s pr\u00e8s ce qui s&rsquo;op\u00e8re en Tunisie, il n&rsquo;est pas exag\u00e9r\u00e9 d&rsquo;affirmer que ce qui s&rsquo;y passe depuis l&rsquo;av\u00e8nement de cette \u00e8re maudite, est in\u00e9dit m\u00eame dans les pires dictatures. L&rsquo;on n&rsquo;a jamais vu, en effet, un r\u00e9gime faire payer et casquer par un peuple les frais inh\u00e9rents \u00e0 son assujettissement et ceux garantissant le confort voire les frasques de ses bourreaux. Donc, sociologues \u00e0 vos plumes!!!<\/font><\/div>\n<div>\u00a0<\/div>\n<div><font face=\"Arial\" size=\"2\"><strong>RIEN N&rsquo;ARRETE L&rsquo;EFFRONTERIE DE CETTE BANDE DE MALFRATS<\/strong><\/font><\/div>\n<div>\u00a0<\/div>\n<div><font face=\"Arial\" size=\"2\">Il est, en effet, l\u00e9gitime aujourd&rsquo;hui de se demander jusqu&rsquo;o\u00f9 ira cette effronterie d&rsquo;une\u00a0 bande de voyous qui dirige la Tunisie? Jusqu&rsquo;o\u00f9 de m\u00eame ira l&rsquo;acceptation par le peuple d&rsquo;une situation qui a d\u00e9pass\u00e9 le tragi-comique?<\/font><\/div>\n<div><font face=\"Arial\" size=\"2\">Voil\u00e0, comme l&rsquo;a r\u00e9v\u00e9l\u00e9 il y a quelques jours \u00ab\u00a0Kalima\u00a0\u00bb que l&rsquo;ATCE ordonne \u00e0 tous les journaux, pardon \u00e0 tous les essuie-tout du pays, et pas seulement les organes officiels scl\u00e9ros\u00e9s, de publier syst\u00e9matiquement sur leurs Une les photos de la \u00ab\u00a0Premi\u00e8re Drame de Tunisie\u00a0\u00bb, Leila Trabelsi-Ben Ali-Pompagaddour. Et pas n&rsquo;importe quelles photos: seulement trois d&rsquo;entre elles, tri\u00e9es sur le volet et d\u00e9barrass\u00e9es des \u00ab\u00a0impuret\u00e9s iconographiques\u00a0\u00bb.<\/font><\/div>\n<div><font face=\"Arial\" size=\"2\">Rome, qui avait ras\u00e9 Carthage au sommet de sa gloire, n&rsquo;avait pas commis autant de d\u00e9g\u00e2ts que les conseillers obscurs et les Goebbels en puissance d&rsquo;un Pr\u00e9sident agonisant, qui ne r\u00e8gne d\u00e9sormais plus que pour assurer la continuit\u00e9 tyrannique du clan de son \u00e9pouse, voire sa dominatrice.<\/font><\/div>\n<div><font face=\"Arial\" size=\"2\">C&rsquo;est tout cela qui est su, dit, chuchot\u00e9 partout en Tunisie et partout dans le monde. Le plus \u00e9trange est que ce soit cela qui est toujours tol\u00e9r\u00e9, accept\u00e9 voire encourag\u00e9 \u00e0 se perp\u00e9tuer dans un silence assourdissant du peuple.<\/font><\/div>\n<div><font face=\"Arial\" size=\"2\">Ben Ali et les clans p\u00e9riph\u00e9riques\u00a0ont fini d&rsquo;insulter le peuple tunisien; tous les Rubicon sont franchis.<\/font><\/div>\n<div><font face=\"Arial\" size=\"2\">C&rsquo;est le peuple tunisien qui, \u00e0 pr\u00e9sent, et par sa docilit\u00e9, s&rsquo;insulte lui-m\u00eame et la vaillance de ses anc\u00eatres&#8230;<\/font><\/div>\n<\/div>\n<div>\n<hr\/>\n<\/div>\n<div align=\"center\">\n<h3 style=\"color: blue;\"><font face=\"Arial\" size=\"3\"><strong><font size=\"2\">\u00a0<\/font>Renouvellement du passeport &#8211; la part de v\u00e9rit\u00e9<\/strong><\/font><\/h3>\n<\/div>\n<div align=\"center\"><font face=\"Arial\" size=\"2\"><\/p>\n<hr\/>\n<p><\/font><\/div>\n<div><strong><font>Hatem Krichen  <\/font><\/strong>On peut lire actuellement sur la toile diff\u00e9rents avis sur le renouvellement des passeports aux consulats de Tunisie. Beaucoup de ces propos sont calomnieux et diffamatoires. On voit \u00e9galement des appels de tous genre de manifestation, de boycotte, et d\u2019appels aux organisations internationales. Je voulais faire une r\u00e9ponse \u00e0 celles et ceux qui sont dans cette pens\u00e9e, celles et ceux qui se sont laiss\u00e9 emport\u00e9s par des propos de tous genre sans se dire un instant : et si je prenais du recul par rapport \u00e0 ce qui se dit, et je me pose quelques question. Il est certain qu\u2019en utilisant la technique du matraquage sur le web, on ne peut aboutir qu\u2019\u00e0 un seul r\u00e9sultat : l\u2019unanimit\u00e9. Cet article vient apporter la preuve que ces affirmations sont infond\u00e9es et ne peuvent \u00eatre consid\u00e9r\u00e9s comme v\u00e9rit\u00e9 absolue. Ce qui permettra, j\u2019esp\u00e8re, \u00e0 certaines personnes de sortir de cette manipulation. Je fais partie de ceux \u00e0 qui on a refus\u00e9 la d\u00e9livrance d\u2019un passeport pendant une longue p\u00e9riode, avant que notre pr\u00e9sident Zine El Abidine Ben Ali ne d\u00e9cide du contraire, dans ce cadre, et suite au discours du pr\u00e9sident (qui remonte d\u00e9j\u00e0 \u00e0 2008), je d\u00e9cide de reprendre le chemin du consulat afin de relancer mon dossier. Et je ne me suis pas tromp\u00e9 : le discours est maintenant tr\u00e8s ouvert, tout le personnel du consulat tient les m\u00eames paroles accueillante \u00ab tfedhal ou marhba bik \u00bb. Au point de penser parfois que ce n\u2019est que la forme, mais loin de l\u00e0 ; l\u2019\u00e9quipe qui intervient dans ces dossiers est plus que comp\u00e9tente et surtout elle se donne tous les moyens pour que le dossier de chacun aboutisse. Il est \u00e9vident qu\u2019il faut aussi \u00eatre honn\u00eate et jouer la transparence pour donner \u00e0 son interlocuteur les moyens de vous aider \u00e0 d\u00e9bloquer la situation. Ces proc\u00e9dures ne sont pas toutes similaires : chaque cas est unique et chaque cas doit \u00eatre examin\u00e9 au peigne fin pour que le dossier aboutisse. Je tiens \u00e0 saluer ces personnes d\u00e9vou\u00e9es et volontaires dont la seule motivation est leur travail et faire appliquer le souhait du pr\u00e9sident Zine el Abidine de respecter des droits de l\u2019homme et les libert\u00e9s individuelles.  J\u2019invite toute personne souhaitant entamer ces d\u00e9marches \u00e0 se lib\u00e9rer de tout pr\u00e9jug\u00e9 et de toute id\u00e9e re\u00e7ue avant de se diriger vers ces services. Vous verrez par vous-m\u00eame la comp\u00e9tence de vos interlocuteurs. Ils prendront le temps de voir votre dossier, de comprendre votre situation, de vous expliquer les d\u00e9marches \u00e0 entreprendre \u00e0 chaque \u00e9tape d\u2019avancement et vous finirez par avoir satisfaction. Par ailleurs, je souhaite aussi m\u2019\u00e9taler sur un sujet qui ne doit pas faire fuir les postulants. Nous sommes 300 000 tunisiens en France, les services consulaires ne peuvent pas conna\u00eetre tout le monde : l\u2019examen du dossier peut avoir un d\u00e9lai certain. Mais le r\u00e9sultat est toujours l\u00e0 et la d\u00e9livrance des passeports ne cause plus aucun probl\u00e8me. Enfin pour revenir \u00e0 ce groupe de personnes lan\u00e7ant des rumeurs et des attaques, cette petite minorit\u00e9 qui essaie de semer des contre v\u00e9rit\u00e9s dans la t\u00eate des gens, qui essaie m\u00eame de manifester sans se faire remarquer vu son petit nombre. A ces personnes, je dis que mon cas est loin d\u2019\u00eatre un cas isol\u00e9, je connais plusieurs personnes qui ont r\u00e9gularis\u00e9 leurs situations dans ce cadre, ils ne regrettent nullement leur choix. Alors, arr\u00eatez d\u2019induire des personnes innocentes en erreur et de les mettre dans des cercles infernaux et des situations inconfortables ! Arr\u00eatez d\u2019engager des opinions qui sont loin de faire l\u2019unanimit\u00e9 !<\/div>\n<div>\n<hr\/>\n<\/div>\n<div>\n<div align=\"center\">\n<h3 style=\"color: blue;\"><font face=\"Arial\" size=\"3\"><strong>Nabil Khayrat : Acharnement exag\u00e9r\u00e9 d\u2019Al Jazeera<\/strong><\/font><\/h3>\n<\/div>\n<div align=\"center\">\n<h3 style=\"color: blue;\"><font face=\"Arial\" size=\"3\"><strong>La cha\u00eene veut nous coller l\u2019\u00e9tiquette de racistes<\/strong><\/font><\/h3>\n<\/div>\n<div>\n<hr\/>\n<p> Nabil Khayrat a certainement commis une bavure en direct, dans le cadre de la coupe de Tunisie, lors de son commentaire t\u00e9l\u00e9vis\u00e9 du match qui opposait le Stade Tunisien \u00e0 l\u2019Esp\u00e9rance de Zarzis, vendredi dernier. C\u2019est \u00e0 la suite de la sortie d\u2019un joueur noir que le commentateur de cette rencontre a laiss\u00e9 ext\u00e9rioriser une phrase qui a vite fait le tour du monde \u00e0 travers sa diffusion par Al Jazeera dans son \u00e9mission \u2018\u2019Al Hassad Al Magharibi\u2019\u2019. Nabil Khayrat avait dit :\u2019\u2019Je me sens mieux suite \u00e0 la sortie du joueur Kakaw. Il ne reste ainsi qu\u2019un seul OUSSIF et je ne pourrais plus le confondre avec l\u2019autre\u2019\u2019. Il reconnait sa bavure :\u2019\u2019 ce que j\u2019ai dit est grave, mais je ne suis pas raciste \u2019\u2019. Ce ne sont pas l\u00e0 de vrais propos racistes comme on veut le faire croire \u00e0 tous.\u00a0\u00a0 D\u2019accord, personne ne dit le contraire, Oussif veut bien dire noir, en ayant aussi d\u2019autres sens dans la langue arabe qu\u2019on a voulu associer \u00e0 l\u2019esclave dans la litt\u00e9rature arabe. Mais il ne faut pas oublier que nous, tunisiens, nous employons ce terme dans notre langage \u00e0 nous, dans notre vocabulaire quotidien. La diff\u00e9rence de couleur de la peau, du moins en Tunisie, n\u2019a aucun effet sur le respect mutuel entre les \u00eatres. D\u2019ailleurs, combien de fois on entend dans un caf\u00e9 : \u2018\u2019wini chicha ya Oussif ?\u2019\u2019, comme aussi au march\u00e9 ou dans les restaurants ? Chez nous on prend cela comme une \u2018\u2019Tarbija\u2019\u2019 ! Comme \u00e7a se fait parfois avec les petits de taille \u2018\u2019Ya Kssayer\u2019\u2019 ou \u2018\u2019Ya Kaaboura\u2019\u2019 et pour les grands de taille \u2018\u2019Ya Hantouila\u2019\u2019 ou alors pour les gros \u2018\u2019Ya botti\u2019\u2019 ! Oui, reconnaissons que nous nous servons parfois d\u2019appellations pareilles\u2026sans que les concern\u00e9s ne s\u2019en plaignent. La bavure de Nabil Khayrat est pardonnable, certes, mais ce qui ne l\u2019est pas c\u2019est l\u2019acharnement de la chaine Al Jazeera qui s\u2019en prend toujours \u00e0 nous, et qui a saut\u00e9 sur l\u2019occasion pour faire croire au monde qu\u2019il y a bien une tendance raciste en Tunisie.  \u00a0Le fait de le voir suspendu de ses fonctions par TV7 ne fait que donner raison aux d\u00e9tracteurs d\u2019Al Jazeera ainsi qu\u2019\u00e0 tous ceux qui ont toujours cherch\u00e9 \u00e0 semer le doute entre tunisiens ! Il doit \u00eatre s\u00fbrement averti ou bl\u00e2m\u00e9 afin de tourner sa langue, dor\u00e9navant, 7 fois avant d\u2019articuler.   <strong><font>(Source: \u201dTunivisions\u201d Le 08-12-2010) Lien: http:\/\/www.tunivisions.net\/nabil-khayrat-acharnement-exagere-d-al-jazeera,10882.html<\/font><\/strong><\/div>\n<\/div>\n<div>\u00a0<\/div>\n<\/div>\n<p><font face=\"Arial\" size=\"2\"><strong><font> \u00a0<\/font><\/strong><\/font><\/p>\n<\/div>\n<\/div>\n<p><\/font><\/div>\n<\/div>\n<\/div>\n<\/div>\n<p align=\"center\" dir=\"ltr\">\n<h3 style=\"color: blue;\"><font face=\"Arial\" size=\"2\"><strong><b><a href=\"http:\/\/www.tunisnews.net\/\"><font face=\"Arial\"><span><font size=\"2\">Home<\/font><\/span><font size=\"2\"><span lang=\"FR-CH\"> &#8211; Accueil <\/span><span>&#8211; <\/span><\/font><\/font><span dir=\"rtl\" lang=\"AR-SA\"><font size=\"2\">\u0627\u0644\u0631\u0626\u064a\u0633\u064a\u0629<\/font><\/span><\/a><\/b><\/strong><\/font><\/h3>\n<\/p>\n<p align=\"center\" dir=\"ltr\">\u00a0<\/p>\n<p><\/body><\/body><\/html><\/p>\n","protected":false},"excerpt":{"rendered":"<p>Home &#8211; Accueil TUNISNEWS\u00a0 \u00a0 10 \u00e8me ann\u00e9e, N\u00b0 3851 du08.12.2010 \u00a0archives : www.tunisnews.net\u00a0 STOP TORTURE IN TUNISIA, NOW ! Ensemble contre la torture en Tunisie\u00a0 Le 9 D\u00e9cembre 2010 rassemblement \u00e0 Bruxelles Libert\u00e9 et Equit\u00e9: Mohammed Ammar, ex prisonnier politique, est en gr\u00e8ve de la faim illimit\u00e9e Taoufik Ben Brik: Au pays de la [&hellip;]<\/p>\n","protected":false},"author":1,"featured_media":22040,"comment_status":"open","ping_status":"open","sticky":false,"template":"","format":"standard","meta":{"inline_featured_image":false,"site-sidebar-layout":"default","site-content-layout":"","ast-site-content-layout":"default","site-content-style":"default","site-sidebar-style":"default","ast-global-header-display":"","ast-banner-title-visibility":"","ast-main-header-display":"","ast-hfb-above-header-display":"","ast-hfb-below-header-display":"","ast-hfb-mobile-header-display":"","site-post-title":"","ast-breadcrumbs-content":"","ast-featured-img":"","footer-sml-layout":"","ast-disable-related-posts":"","theme-transparent-header-meta":"","adv-header-id-meta":"","stick-header-meta":"","header-above-stick-meta":"","header-main-stick-meta":"","header-below-stick-meta":"","astra-migrate-meta-layouts":"default","ast-page-background-enabled":"default","ast-page-background-meta":{"desktop":{"background-color":"","background-image":"","background-repeat":"repeat","background-position":"center center","background-size":"auto","background-attachment":"scroll","background-type":"","background-media":"","overlay-type":"","overlay-color":"","overlay-opacity":"","overlay-gradient":""},"tablet":{"background-color":"","background-image":"","background-repeat":"repeat","background-position":"center center","background-size":"auto","background-attachment":"scroll","background-type":"","background-media":"","overlay-type":"","overlay-color":"","overlay-opacity":"","overlay-gradient":""},"mobile":{"background-color":"","background-image":"","background-repeat":"repeat","background-position":"center center","background-size":"auto","background-attachment":"scroll","background-type":"","background-media":"","overlay-type":"","overlay-color":"","overlay-opacity":"","overlay-gradient":""}},"ast-content-background-meta":{"desktop":{"background-color":"var(--ast-global-color-5)","background-image":"","background-repeat":"repeat","background-position":"center center","background-size":"auto","background-attachment":"scroll","background-type":"","background-media":"","overlay-type":"","overlay-color":"","overlay-opacity":"","overlay-gradient":""},"tablet":{"background-color":"var(--ast-global-color-5)","background-image":"","background-repeat":"repeat","background-position":"center center","background-size":"auto","background-attachment":"scroll","background-type":"","background-media":"","overlay-type":"","overlay-color":"","overlay-opacity":"","overlay-gradient":""},"mobile":{"background-color":"var(--ast-global-color-5)","background-image":"","background-repeat":"repeat","background-position":"center center","background-size":"auto","background-attachment":"scroll","background-type":"","background-media":"","overlay-type":"","overlay-color":"","overlay-opacity":"","overlay-gradient":""}},"footnotes":""},"categories":[],"tags":[64,41,29],"class_list":["post-18267","post","type-post","status-publish","format-standard","has-post-thumbnail","hentry","tag-64","tag-41","tag-fr"],"_links":{"self":[{"href":"https:\/\/tunisnews.net\/ar\/wp-json\/wp\/v2\/posts\/18267","targetHints":{"allow":["GET"]}}],"collection":[{"href":"https:\/\/tunisnews.net\/ar\/wp-json\/wp\/v2\/posts"}],"about":[{"href":"https:\/\/tunisnews.net\/ar\/wp-json\/wp\/v2\/types\/post"}],"author":[{"embeddable":true,"href":"https:\/\/tunisnews.net\/ar\/wp-json\/wp\/v2\/users\/1"}],"replies":[{"embeddable":true,"href":"https:\/\/tunisnews.net\/ar\/wp-json\/wp\/v2\/comments?post=18267"}],"version-history":[{"count":0,"href":"https:\/\/tunisnews.net\/ar\/wp-json\/wp\/v2\/posts\/18267\/revisions"}],"wp:featuredmedia":[{"embeddable":true,"href":"https:\/\/tunisnews.net\/ar\/wp-json\/wp\/v2\/media\/22040"}],"wp:attachment":[{"href":"https:\/\/tunisnews.net\/ar\/wp-json\/wp\/v2\/media?parent=18267"}],"wp:term":[{"taxonomy":"category","embeddable":true,"href":"https:\/\/tunisnews.net\/ar\/wp-json\/wp\/v2\/categories?post=18267"},{"taxonomy":"post_tag","embeddable":true,"href":"https:\/\/tunisnews.net\/ar\/wp-json\/wp\/v2\/tags?post=18267"}],"curies":[{"name":"wp","href":"https:\/\/api.w.org\/{rel}","templated":true}]}}