{"id":18257,"date":"2007-04-10T00:00:00","date_gmt":"2007-04-10T00:00:00","guid":{"rendered":"https:\/\/tunisnews.net\/10-avril-2007\/"},"modified":"2007-04-10T00:00:00","modified_gmt":"2007-04-10T00:00:00","slug":"10-avril-2007","status":"publish","type":"post","link":"https:\/\/tunisnews.net\/ar\/10-avril-2007\/","title":{"rendered":"10 avril 2007"},"content":{"rendered":"<p><html><head><meta content=\"text\/html\" description=\" Universitaires, parlementaires et \n  repr\u00e9sentants de la soci\u00e9t\u00e9 civile et du secteur priv\u00e9 ont pris part jeudi \n  soir \u00e0 Tunis \u00e0 des consultations initi\u00e9es par la Banque mondiale sur la \n  promotion de la bonne gouvernance et la lutte contre la corruption.\" http-equiv=\"Content-Type\"\/><\/head><body><body style=\"text-align: justify\"><\/p>\n<p align=\"center\"><b><a href=\"http:\/\/www.tunisnews.net\"><font face=\"Arabic Transparent\"><span><font>Home<\/font><\/span><font><span lang=\"FR-CH\"> &#8211; Accueil <\/span><span>&#8211; <\/span><\/font><\/font><span dir=\"rtl\" lang=\"AR-SA\"><font>\u0627\u0644\u0631\u0626\u064a\u0633\u064a\u0629<\/font><\/span><\/a><\/b><\/p>\n<div> <font face=\"Arial\" size=\"2\"> <\/p>\n<div>\n<div>  <span lang=\"FR\"> <\/p>\n<div align=\"center\" dir=\"ltr\"> <font size=\"2\"> <span lang=\"SV\"> <strong>TUNISNEWS<\/strong><\/span> <\/font> <\/div>\n<div align=\"center\" dir=\"ltr\"> <strong><font size=\"2\">7\u00a0\u00e8me\u00a0ann\u00e9e, <span lang=\"FR\">        N\u00b0\u00a02513 du 10.04.2007<\/span><\/font><\/strong><\/div>\n<p> <strong> <\/p>\n<div align=\"center\" dir=\"ltr\"> <b><span><blink> <font size=\"2\">\u00a0archives : <\/font> <a href=\"\" target=\"_blank\" rel=\"noopener\"><font size=\"2\" target=\"_blank\">        www.tunisnews.net<\/font><\/a><\/blink><\/span><\/b><font size=\"2\"> <\/font><font> <span lang=\"FR\"><font size=\"3\"> <strong> <\/strong><\/font><\/span><\/font><\/div>\n<p> <\/strong><\/span> <\/p>\n<div> <font face=\"Times New Roman\"> <span lang=\"FR\"> <font><\/font><span> <font> <\/p>\n<div align=\"left\" dir=\"ltr\"> <font> <\/p>\n<div> <font size=\"2\"> <font face=\"Arial\"><\/p>\n<hr\/>\n<p> <\/font><\/font><\/div>\n<p> <\/font> <\/div>\n<p> <\/font><\/span><\/span><\/font><\/div>\n<\/p><\/div>\n<\/p><\/div>\n<div> <font face=\"Arial\" size=\"2\"> <span lang=\"EN-GB\"> <\/p>\n<div> <font face=\"Arial\">\u00a0       <strong><\/p>\n<p><font>AP: Tunisie: la Banque mondiale lance des       consultations pour lutter contre la corruption        <font>Yahyaoui Mokhtar: Martyrs de l\u2019occupation et de la       dictature<\/font>       Mourad Regaya: Y AURAIT-IL UNE POLICE ACADEMIQUE\u00a0\u00bbsous couvert pseudo-scientifique\u00a0\u00bbau       sein de l&rsquo;universit\u00e9 Tunisienne???<\/font><\/p>\n<p><\/strong><\/font><\/div>\n<div>\n<p><font face=\"Arial\"> <span lang=\"SV\"> <strong><font>Omar Khayyam: Zaba parle enfin &#8211; Le parrain       brise la loi du silence<\/font><\/strong><\/span> <strong>Le Temps :Conseil National de l&rsquo;Association des Magistrats       tunisiens:Rejet de toute instrumentalisation des juges et de la       magistrature       <font>Le Temps :D\u00e9c\u00e8s du grand acteur Hassen Khalsi:Le       dernier des mohicans<\/font>       Le Temps : Les paradoxes du cin\u00e9ma tunisien       <font>Le Temps : Carcasses sans fonds et tournant \u00e0 r\u00e9gime       r\u00e9duit:Grands centre commerciaux devenus des coquilles vides<\/font>       AFP: Maroc: Des jihadistes pr\u00e9f\u00e8rent se suicider plut\u00f4t que se rendre \u00e0 la       police        <font>AFP: France\/pr\u00e9sidentielle: issus de l&rsquo;immigration       et tent\u00e9s par l&rsquo;extr\u00eame droite<\/font>       AFP: Maroc: une association veut conna\u00eetre la v\u00e9rit\u00e9 sur les \u00e9meutes de       1981       <font>AFP: La seule femme d\u00e9tective du monde arabe       voudrait enqu\u00eater sur le terrorisme<\/font>       Le Monde: Point de vue:Islamisme : la lente capitulation       <font>Le Monde: Reportage:A Victory Base, plan\u00e8te \u00e0 part,       loin du chaos de Bagdad<\/font><\/strong><\/font><\/p>\n<\/div>\n<p> <\/span><\/font> <\/div>\n<div>\n<hr\/><\/div>\n<p> <\/font><\/div>\n<div align=\"center\"> <font face=\"Arial\" size=\"2\"><font size=\"3\"><font> <\/font><\/p>\n<h2 style=\"color: red;\"><font><strong>Tunisie: la Banque mondiale lance des   consultations pour lutter contre la corruption<\/strong><\/font><\/h2>\n<p><\/font><\/font><\/div>\n<div>  Associated Press, le 7 avril 2007 \u00e0 00h40<\/div>\n<div> <font>TUNIS (AP) &#8212;<\/font> Universitaires, parlementaires et   repr\u00e9sentants de la soci\u00e9t\u00e9 civile et du secteur priv\u00e9 ont pris part jeudi   soir \u00e0 Tunis \u00e0 des consultations initi\u00e9es par la Banque mondiale sur la   promotion de la bonne gouvernance et la lutte contre la corruption.      Cette rencontre s&rsquo;inscrit dans le cadre de la nouvelle strat\u00e9gie mise en place   par le comit\u00e9 de d\u00e9veloppement de l&rsquo;institution financi\u00e8re internationale dans   diverses r\u00e9gions du monde qui ont englob\u00e9 jusqu&rsquo;ici 40 pays et impliqu\u00e9 35.000   personnes.      Plusieurs participants ont mis l&rsquo;accent sur l&rsquo;imp\u00e9ratif de la transparence   notamment dans les proc\u00e9dures et institutions qui gouvernent les passations de   march\u00e9s ainsi que sur l&rsquo;acc\u00e8s \u00e0 l&rsquo;information, facteurs jug\u00e9s comme \u00e9tant \u00ab\u00a0des   \u00e9l\u00e9ments cl\u00e9s de la lutte contre la corruption\u00a0\u00bb.      Pour Theodore Ahlers, directeur du d\u00e9partement Maghreb, Moyen-Orient et   Afrique du Nord \u00e0 la BM, \u00ab\u00a0le vrai d\u00e9fi\u00a0\u00bb qui se pose \u00e0 son institution est de   rechercher les moyens les plus appropri\u00e9s pour promouvoir la bonne gouvernance   et la lutte contre la corruption.      Outre une \u00ab\u00a0coop\u00e9ration accrue\u00a0\u00bb avec la soci\u00e9t\u00e9 civile, la BM projette de \u00ab\u00a0mettre   sur pied des plans et des \u00e9quipes anti-corruption en d\u00e9ployant du personnel   sur le terrain et allouer des ressources suppl\u00e9mentaires pour les op\u00e9rations   de supervision\u00a0\u00bb.      Elle envisage en outre de \u00ab\u00a0sanctionner publiquement les entreprises coupables   de corruption\u00a0\u00bb.       <font><strong>Associated Press<\/strong><\/font><\/div>\n<div>\n<hr\/>\n<\/div>\n<div align=\"center\">\n<h2 style=\"color: red;\"><font size=\"3\"><strong>Martyrs de l\u2019occupation et de la   dictature<\/strong><\/font><\/h2>\n<\/div>\n<div>  \u00a0<\/div>\n<div> <font><strong>Yahyaoui Mokhtar<\/strong><\/font>      Aujourd\u2019hui la Tunisie comm\u00e9more le 69\u00e8me\u00a0 anniversaire des \u00e9v\u00e9nements des 8   et 9 avril 1938. \u00ab Suite \u00e0 une manifestation de protestation pacifique,   faut-il le rappeler, les forces arm\u00e9es coloniales sont farouchement   intervenues faisant des dizaines de martyrs, des centaines de bless\u00e9s et   menant une vaste op\u00e9ration d\u2019arrestations parmi les leaders, les militants et   la population. \u00bb fait bien remarquer aujourd\u2019hui le journal La Presse dans son   article consacr\u00e9 \u00e0 l\u2019\u00e9v\u00e9nement.      Ces \u00e9v\u00e9nements n\u2019ont rien de diff\u00e9rent de plusieurs autres journ\u00e9es aussi   m\u00e9morables qui ont jalonn\u00e9 notre histoire depuis un si\u00e8cle aujourd\u2019hui. A   chaque fois les tunisien ont voulu prendre leur destin en main et ont d\u00e9cid\u00e9   de sortir manifester pour faire valoir leurs revendications aux pouvoirs du   moment ils ont \u00e9t\u00e9 affront\u00e9s par des forces arm\u00e9s qui n\u2019ont pas eu la moindre   scrupule pour faire couler leur sang et \u00e0 proc\u00e9der a un carnage pour les   disperser et les faire taire pour plusieurs autres ann\u00e9es au service de   l\u2019ordre \u00e9tabli et le r\u00e9tablissement de sa domination contest\u00e9e.      Le 8 et 9 avril peut \u00eatre n\u2019importe quel autre jour de souvenir des martyrs de   ces \u00e9v\u00e9nements qui viennent nous rappeler chaque ann\u00e9e que le combat pour   lequel ces martyr ont \u00e9t\u00e9 tu\u00e9s n\u2019est pas encore termin\u00e9 et que les droits pour   lesquels les tunisiens ont manifest\u00e9s depuis la premi\u00e8re fois qu\u2019ils ont   emprunt\u00e9 ce chemin de lutte civile pacifique n\u2019a pas toujours aboutit \u00e0 sa   fin.      Aujourd\u2019hui pas moins qu\u2019hier les tunisiens son interdits de l\u2019exercice   effectif de leur droits. La moindre manifestation de leur part est per\u00e7ue par   le pouvoir comme un acte de r\u00e9bellion dont il se sent vis\u00e9 et qui justifie   encore le d\u00e9ploiement de bataillons d\u2019hommes arm\u00e9s pr\u00eat \u00e0 ouvrir le feu face   au d\u00e9fit. A chaque fois comme toujours nous l\u2019avons vu tout au long de notre   histoire ces manifestations font d\u00e9clencher la machine infernale de r\u00e9pression   contre des centaines et des milliers de tunisiens qui se voient pris en chasse   par la machine de l\u2019arbitraire, jet\u00e9s en prison, soumis \u00e0 la torture, pour   \u00eatre en fin pr\u00e9sent\u00e9s \u00e0 une \u00ab justice \u00bb \u00e0 sens unique dont il n\u2019ont aucun   illusion sur la fin de ses proc\u00e8s.      Le 7 novembre 1911 des milliers de Tunisiens hommes et femmes banderoles en   main sont venus manifester contre l\u2019atteinte au statut du cimeti\u00e8re musulman   d\u2019El Jallaz \u00e9t\u00e9 rassembl\u00e9 \u00e0 Bab Alioua face au porti\u00e8res ferm\u00e9s de leurs   cimeti\u00e8re dont des forces coloniales armes au poing les tenait en \u00e9cart. C\u2019\u00e9t\u00e9   la premi\u00e8re grande manifestation civile qu\u2019a connu la Tunisie et le premier   bain de sang subi par la population civile. Des centaines de citoyens ont \u00e9t\u00e9s   arr\u00eat\u00e9s et condamn\u00e9s \u00e0 de lourdes peines dont sept \u00e9t\u00e9s d\u00e9capit\u00e9s \u00e0 l\u2019\u00e9chafaud,   les journaux suspendus et les associations et partis dissoutes d\u00e9clenchant le   d\u00e9but de longues ann\u00e9es de silence impos\u00e9 au pays.      Le 8 Avril 1938 constitue le deuxi\u00e8me sursaut dans ce mouvement qui \u00e0 connu le   m\u00eame sc\u00e9nario et depuis les choses n\u2019ont fait que se r\u00e9p\u00e9ter dans un cycle   d\u2019injustice et d\u2019arbitraire sans fin. A chaque fois les acteurs, les   initiateurs et les organisateurs se relaient entre les diff\u00e9rents courants   mais les deux principaux r\u00f4les n\u2019ont jamais chang\u00e9s de titulaire : le pouvoir   en place dans le r\u00f4le d\u2019oppresseur et les tunisiens, simples citoyen   ordinaires, \u00e0 celui des martyrs et supplici\u00e9s. Aujourd\u2019hui m\u00eame, nos prisons   sont encore charg\u00e9es des captifs de la derni\u00e8re vague de ce cycle infinie.      Il y a dans cette histoire deux moments d\u2019\u00e9clairs ou les tunisiens ont cru que   leur combat \u00e0 vraiment aboutit. La premi\u00e8re quand le pr\u00e9sident de l\u2019Etat   d\u2019occupation Mandes France est venu en Tunisie en 1954 d\u00e9clarer que \u00ab Le degr\u00e9   d&rsquo;\u00e9volution auquel est parvenu le peuple tunisien \u2014 dont nous avons lieu de   nous r\u00e9jouir d&rsquo;autant plus que nous y avons largement contribu\u00e9 \u2014, la valeur   remarquable de ses \u00e9lites justifient que le peuple soit appel\u00e9 \u00e0 g\u00e9rer   lui-m\u00eame ses propres affaires. \u00bb proclamant ainsi l\u2019ind\u00e9pendance et la fin du   r\u00e9gime du protectorat sur notre pays. C\u2019est par ces m\u00eames mots que la deuxi\u00e8me   fois le pr\u00e9sident Ben Ali annon\u00e7ait la fin de la d\u00e9rive despotique de l\u2019\u00e8re   Bourguiba en 1987 \u00abNotre peuple a atteint un tel niveau de responsabilit\u00e9 et   de maturit\u00e9 que tous ses \u00e9l\u00e9ments et ses composantes sont \u00e0 m\u00eame d&rsquo;apporter   leur contribution constructive \u00e0 la gestion de ses affaires, conform\u00e9ment \u00e0   l&rsquo;id\u00e9e r\u00e9publicaine qui conf\u00e8re aux institutions toute leur pl\u00e9nitude et   garantit les conditions d&rsquo;une d\u00e9mocratie responsable ainsi que dans le respect   de la souverainet\u00e9 populaire telle qu&rsquo;elle est inscrite dans la Constitution.   \u00bb      Jusqu&rsquo;\u00e0 pr\u00e9sent nous n\u2019avons connu que des promesses non tenues et jusqu\u2019au   jour ou nous auront \u00e0 comm\u00e9morer sur le m\u00eame pied d\u2019\u00e9galit\u00e9 le souvenir de   tous nos martyrs. Ceux du temps de la colonisation et ceux du temps de la   dictature.\u00a0       <font>Yahyaoui Mokhtar \u2013 Tunis Le 09 Avril 2007<\/font> <font><strong>(Source : le blog \u00ab Tunisiawatch \u00bb, le 9 avril   2007)<\/strong><\/font> <font>Lien:\u00a0  <a href=\"http:\/\/tunisiawatch.rsfblog.org\/archive\/2007\/04\/09\/martyrs-de-l-occupation-et-de-la-dictature.html\" target=\"_blank\" rel=\"noopener\">  http:\/\/tunisiawatch.rsfblog.org\/archive\/2007\/04\/09\/martyrs-de-l-occupation-et-de-la-dictature.html<\/a> <\/p>\n<hr\/>\n<p><\/font><\/div>\n<p><font face=\"Arial\"><\/p>\n<div> <font><font><font face=\"Arial\"> <\/p>\n<div align=\"center\"> <strong><\/p>\n<p><font>Y AURAIT-IL UNE POLICE ACADEMIQUE\u00a0\u00bbsous couvert     pseudo-scientifique\u00a0\u00bbau sein de      l&rsquo;universit\u00e9 Tunisienne???<\/font><\/p>\n<p><\/strong><font face=\"Arial\" size=\"2\"><\/p>\n<div align=\"left\"> <strong><font>Mourad Regaya<\/font><\/strong><\/div>\n<div align=\"left\">      chers coll\u00e8gues,       chers internautes avertis, \u00a0<\/div>\n<div align=\"left\">\n<p align=\"justify\"><big><font size=\"2\">L&rsquo;abscence inexpliqu\u00e9e de r\u00e9actions       \u00e0 mes diff\u00e9rentes articles traitant des pratiques mafieuses,de       l&rsquo;hypocrisie du coll\u00e8ge universitaire, de l&rsquo;in\u00e9galit\u00e9 criminelle et non       fond\u00e9e des chances entre les coll\u00e8gues(\u00e0dossiers \u00e9gaux ou meilleurs en       faveur des \u00e9limin\u00e9s non recrut\u00e9s bien sur!!!),du chantage op\u00e9r\u00e9 par le       coll\u00e8ge\u00a0\u00bbA\u00a0\u00bben r\u00e9alit\u00e9\u00a0\u00bbZ\u00a0\u00bb sur le coll\u00e8ge\u00a0\u00bbB\u00a0\u00bb,sur la connivence \u00ab\u00a0pathologique\u00a0\u00bbet       \u00ab\u00a0concubine\u00a0\u00bb entre la centrale de Tunis avec ses deux       antennes\u00a0\u00bbdiaboliques\u00a0\u00bb,et notre annexe \u00ab\u00a0sous-traitante\u00a0\u00bbde Sousse;augure       d&rsquo;une\u00a0\u00bbpeur bleue\u00a0\u00bb,d&rsquo;une psychose de peur institutionnalis\u00e9e au sein des       diff\u00e9rentes composantes de notre ch\u00e8re et combien abus\u00e9e universit\u00e9       Tunisienne???,elle meme copie conforme miniature de notre societ\u00e9 combien       civile,solidaire,transparente ;non de plein droit mais de droit       global(s&rsquo;exportant meme au dela de nos fronti\u00e8res???).              Ces deux entit\u00e9s brillent par l&rsquo;abscence du droit \u00e0 la diversit\u00e9, \u00e0 la       parole,\u00e0 l&rsquo;optimisme meme;et ou il n&rsquo;est bon de tout dire,de protester,de       chercher la verit\u00e9 en portant la lanterne de Diog\u00e8ne(en plein jour,non \u00e0       la mani\u00e8re de Tunis-Hebdo),de donner son avis en langage clair ,ou meme       cod\u00e9,de peur des repr\u00e9sailles,administratives en premier,scientifiques en       second.J&rsquo;ai eu tout simplement le modeste m\u00e9rite(si j&rsquo;en ai un???)d&rsquo;avoir       dit et clam\u00e9 tout haut tout ce qu&rsquo;on dit en priv\u00e9(pour les titulaires du       coll\u00e8ge \u00ab\u00a0A\u00a0\u00bb et ceux du coll\u00e8ge \u00ab\u00a0B\u00a0\u00bb)et \u00e0 voix basse( non autoris\u00e9 meme pas       \u00e0 soi-meme???).              Certains de nos\u00a0\u00bbinquisiteurs\u00a0\u00bbgrad\u00e9s<wbr\/>,chevronn\u00e9s, par la force tantot       du m\u00e9rite,tantot du hasard de la connivence ,et de la mise \u00e0       niveau\u00a0\u00bbd\u00e9mocratique et avant-gardiste\u00a0\u00bbdes r\u00e9seaux de transparence,       de\u00a0\u00bbconcubinage pseudo-scientifique\u00a0\u00bbexploitent mille et une occasions de       mettre en valeur leurs talents\u00a0\u00bboccultes\u00a0\u00bbet inquisiteurs:surveillance des       examens,traitement des dossiersdes\u00a0\u00bbanonymes\u00a0\u00bbnon recommand\u00e9s,ou des       non-align\u00e9s sur les r\u00e9seaux,harcelements de toutes sortes.Tout le monde       est fich\u00e9 et repertori\u00e9(essentiellement coll\u00e8gues du coll\u00e8ge\u00a0\u00bbB\u00a0\u00bb): \u00a0<\/font><\/big><\/p>\n<ul>\n<li>\n<p align=\"justify\"><font size=\"2\">morts-vivants(sans         appartenance,comparse,simple \u00e9x\u00e9cutant. <\/font><\/p>\n<\/li>\n<li>\n<p align=\"justify\"><font size=\"2\">sans-couleur,sans saveur aucune.        <\/font><\/p>\n<\/li>\n<li>\n<p align=\"justify\"><font size=\"2\">servile jusqu&rsquo;\u00e0 la moelle osseuse.        <\/font><\/p>\n<\/li>\n<li>\n<p align=\"justify\"><font size=\"2\">agent double ou meme triple engag\u00e9 par         les r\u00e9seaux(taupe de police acad\u00e9mique&#8230;.???). <\/font><\/p>\n<\/li>\n<li>\n<p align=\"justify\"><font size=\"2\">non align\u00e9,perturbateur(=terroriste         acad\u00e9mique bien sur&#8230;..???). <\/font><\/p>\n<\/li>\n<li>\n<p align=\"justify\"><font size=\"2\">m\u00e9content,dangereux,psychopathe tol\u00e9r\u00e9&#8230;..???).        <\/font><\/p>\n<\/li>\n<\/ul>\n<p align=\"justify\"><big><font size=\"2\">Leur base de donn\u00e9es traite les       coll\u00e8gues du coll\u00e8ge\u00a0\u00bbB\u00a0\u00bb\u00e0 l&rsquo;occasion des \u00e9ch\u00e9ances       ultimes:titularisation,doctorat<wbr\/>,habilitation selon ces crit\u00e8res \u00ab\u00a0policiers\u00a0\u00bbinformatis\u00e9s,meme       les\u00a0\u00bbmorts-vivants\u00a0\u00bb,et les\u00a0\u00bbsans-couleur,sans-saveur\u00a0\u00bbn<wbr\/>&lsquo;ont aucune       garantie ,aucun droit de cit\u00e9,et meme d&rsquo;existence aupr\u00e8s des \u00ab\u00a0mandarins\u00a0\u00bbmeme       avoir coub\u00e9 l&rsquo;\u00e9chine(on f\u00e9licite \u00e0 tort et \u00e0 travers,on passe       eternellement le bonjour,on cherche \u00e0 servir,on donne r\u00e9ception ,on rampe       on se fait petit, on nie meme sa propre existence,tout cela ne suffit pas       \u00e0 assouvir leur\u00a0\u00bbEGO SUBLIME\u00a0\u00bb???              L&rsquo;abscence de commentaires,de pol\u00e9mique n&rsquo;est aucunement un signe de bonne       sant\u00e9 pour notre glorieuse ,et combien abus\u00e9e universit\u00e9: \u00a0<\/font><\/big><\/p>\n<ul>\n<li>\n<p align=\"justify\"><font size=\"2\">le mutisme du coll\u00e8ge\u00a0\u00bbA\u00a0\u00bbse comprend         ais\u00e9ment,nos\u00a0\u00bbmandarins\u00a0\u00bb et leurs pitoyables disciples servilles,assiof\u00e9s         de pouvoir,de prestige,de rayonnement\u00a0\u00bbpathologique\u00a0\u00bbfont semblant de         laisser passer la tempete(j&rsquo;esp\u00e8re qu&rsquo;ils ne s&rsquo;alignent sur la maxime         tr\u00e8s ch\u00e8re \u00e0 nos gouvernants \u00e0 savoir-les chiens aboient et la caravane         passe\u00a0\u00bbet la mafia acad\u00e9mique s\u00e9vit et prosp\u00e8re\u00a0\u00bb,ou parce qu&rsquo;ils         consid\u00e8rent qu&rsquo;ils ne sont aucunement vis\u00e9s parceque \u00ab\u00a0la mafia         universitaire existe bel et bien et qu&rsquo;elle est leur raison d&rsquo;etre et de         devenir meme apres mille ans??? ils reagissent entre eux et dans leurs         salons restreints comme de vrais gouvernants imbus de comp\u00e9tences,de         prouesses mafieuses et polici\u00e8res,certaines voix conciliatrices semblent         signifier et dire que le moment est inopportun apr\u00e8s la gr\u00e8ve du 5         Avril,et surtout apr\u00e8s l&rsquo;unification des coll\u00e8ges universitaires au sein         de notre ch\u00e8re et nouvelle f\u00e9d\u00e9ration???? <\/font><\/p>\n<\/li>\n<li>\n<p align=\"justify\"><font size=\"2\">le mutisme du coll\u00e8ge abus\u00e9 ,viol\u00e9,terroris\u00e9         \u00e0 chaud et \u00e0 froid est du \u00e0 la passivit\u00e9 maladive,\u00e0 la peur engendr\u00e9         pour une l&rsquo;inexistance de libert\u00e9 de choix,et d&rsquo;expression au sein de         l&rsquo;universit\u00e9 trasform\u00e9e de jour en jour,et par la grace de nos\u00a0\u00bbsaints         patrons\u00a0\u00bben un v\u00e9ritable goulag politique et acad\u00e9mique??? <\/font><\/p>\n<\/li>\n<\/ul>\n<p align=\"justify\"><big><font size=\"2\">Il n&rsquo;est pas impossible que l&rsquo;on me       consid\u00e8re par les ultras \u00ab\u00a0policiers acad\u00e9miques\u00a0\u00bbet leurs acolytes rampants       et carnassiers voire vampires comme un agent parachut\u00e9 par les\u00a0\u00bbcercles       officiels\u00a0\u00bbpour semer la\u00a0\u00bbzizanie\u00a0\u00bb au sein du\u00a0\u00bbparadis universitaire       convoit\u00e9\u00a0\u00bbg\u00e9r\u00e9 \u00e0 merveille par nos\u00a0\u00bbsaints patrons\u00a0\u00bb       pratiquant l&rsquo;hypocrisie universitaire institutionnalis\u00e9e;et l&rsquo;ordre       mafieux d\u00e9mocratique d&rsquo;avant garde ,gangrenant notre abus\u00e9e universit\u00e9       publique???              Certains de nos\u00a0\u00bbogres\u00a0\u00bb universitaires ont rat\u00e9s leur vocation premi\u00e8re\u00a0\u00bbla       vocation polici\u00e8re\u00a0\u00bb, mais pourtant rien n&rsquo;est encore perdu:ils pratiquent       le\u00a0\u00bbmatraquage scientifico-politique\u00a0\u00bb\u00e0 travers les diff\u00e9rentes instances       ,et tests d&rsquo;endurance et de fid\u00e9lit\u00e9 \u00e0 leurs r\u00e9seaux,\u00e0 leur \u00e9cole       d&#8217;embrigadement,voire       de recherche,et meme \u00e0 leur ob\u00e9dience politique (tout aussi d&rsquo;extreme       gauche que d&rsquo;extreme droite???)il ya les cellules professionnelles,les       groupes d&rsquo;etude et laboratoire de recherche\u00a0\u00bbla vraie\u00a0\u00bbcentralis\u00e9e \u00e0       Tunis,v\u00e9ritables groupes de pression,de fid\u00e9lisation,de       client\u00e9lisme,observatoire de servitude       acad\u00e9mique pour \u00e9valuer et classer selon leurs normes(et non selon       Darwin??):les fid\u00e8les et les infid\u00e8les;les bons et les mauvais;les       gentils-gentils et les terroristes,saboteurs du paradis des universitaires       hypocrites invit\u00e9s apr\u00e8s avoir fait leurs preuves acad\u00e9miques ,puis \u00ab\u00a0polici\u00e8res\u00a0\u00bb       \u00e0 grimper dans les \u00e9chelons ,et les institutions troquant leur role       de\u00a0\u00bbpolicier acad\u00e9mique\u00a0\u00bb avec le role de policier tout court \u00ab\u00a0sans       uniforme\u00a0\u00bbbien sur????&#8230;&#8230;.. <\/font><\/big><\/p>\n<hr\/>\n<p><font size=\"3\"> <\/p>\n<p align=\"center\"> <strong><span lang=\"SV\">LE PARRAIN       BRISE LA LOI DU SILENCE<\/span><\/strong><\/p>\n<p> <\/font><font size=\"2\"> <\/p>\n<p align=\"center\"> <span lang=\"SV\">\u00a0<\/span><\/p>\n<p> <span lang=\"SV\">Omar K. :       Bonjour, Haj Zaba !<\/span><\/p>\n<p> <span lang=\"SV\">ZABA : Haj       Zine, s\u2019il te pla\u00eet !<\/span><\/p>\n<p>\u00a0<\/p>\n<p> <span lang=\"SV\">O.K. :       Pourquoi tous ces appels spontan\u00e9s \u00e0 une nouvelle candidature en 2009       alors que tout le monde sait que tu ne quitteras jamais le pouvoir sauf en       cas de d\u00e9c\u00e8s ou coup d\u2019Etat ?<\/span><\/p>\n<p> <span>ZABA : Car j\u2019adore ce       cirque. <\/span> <span lang=\"SV\">J\u2019aime voir et       \u00e9couter cette bande de b\u00e9nali\u00e9n\u00e9s chanter et danser \u00e0 ma gloire. <\/span> <span>Je sais qu\u2019ils sont tous       des hypocrites. C\u2019est pourquoi je veux les avilir, les rabaisser au       maximum. Si demain Morjane prend le pouvoir, ces m\u00eames clowns qui ne font       rire personne seraient pr\u00eats \u00e0 me couper en morceaux et me br\u00fbler \u00ab\u00a0en       pi\u00e8ces d\u00e9tach\u00e9es\u00a0\u00bb.<\/span><\/p>\n<p>\u00a0<\/p>\n<p> <span>O.K. : Les rumeurs les       plus folles courent \u00e0 propos de ton \u00e9tat de sant\u00e9\u2026<\/span><\/p>\n<p> <span>ZABA : Et que       raconte-t-on ?<\/span><\/p>\n<p>\u00a0<\/p>\n<p> <span>OK. : Que tu as un       cancer de prostate incurable. Est-ce vrai ?<\/span><\/p>\n<p> <span>ZABA : C\u2019est vrai mais       je crois aux miracles.<\/span><\/p>\n<p>\u00a0<\/p>\n<p> <span>O.K. : L\u2019affaire du       yacht fran\u00e7ais vol\u00e9 par Imed Trabelsi a fait couler beucoup d\u2019encre.       Pourquoi ne livres-tu pas le voleur \u00e0 la justice fran\u00e7aise ? Avec une       action aussi spectaculaire tu pourras te refaire une nouvelle virginit\u00e9.<\/span><\/p>\n<p> <span>ZABA : Imed sait       beaucoup de choses. <\/span> <span lang=\"SV\">Si je le livre       au Fran\u00e7ais, il se vengera en exposant le linge sale du Palais devant tout       le monde. <\/span><span>En       plus, si Imed est extrad\u00e9 vers la France, Leila ne me pardonnerait jamais       \u00e7a. Le divorce suivrait automatiquement. Je ne referais jamais la faute de       Bourguiba : en divor\u00e7ant de Wassila il a sign\u00e9 l\u2019arr\u00eat de sa mort       politique.<\/span><\/p>\n<p>\u00a0<\/p>\n<p> <span>O.K. : Mais la politique       n\u2019existe plus en Tunisie ! Ton r\u00e9gime n\u2019est qu\u2019une \u00ab\u00a0conf\u00e9d\u00e9ration\u00a0\u00bb de       familles mafieuses prot\u00e9g\u00e9es par les SS [Services Sp\u00e9ciaux]. N\u2019est-ce pas       ?<\/span><\/p>\n<p> <span>ZABA : Tu as tout       compris. Le seul casse-t\u00eate quotidien pour moi c\u2019est de ne jamais laisser       un clan devenir trop puissant. <\/span> <span lang=\"SV\">C\u2019est pourquoi       j\u2019ai donn\u00e9 l\u2019ordre de fermer le journal de Imed. J\u2019ai agi de la m\u00eame       mani\u00e8re avec mon gendre Slim Chiboub : lorsqu\u2019il est devenu trop puissant,       je lui ai arrach\u00e9 les plumes en trop qui pourraient lui permettre un jour       de voler [1] de ses propres ailes.<\/span><\/p>\n<p>\u00a0<\/p>\n<p> <span lang=\"SV\">O.K. : As-tu       peur de la mort ?<\/span><\/p>\n<p> <span lang=\"SV\">ZABA : Je ne       pense jamais \u00e0 la mort. Pour moi elle n\u2019existe tout simplement pas. Le       pouvoir n\u2019est pas seulement un aphrodisiaque, comme l\u2019a bien dit un homme       politique, mais aussi un hallucinog\u00e8ne : il donne \u00e0 celui qui le d\u00e9tient       une sensation d\u2019\u00e9ternit\u00e9.<\/span><\/p>\n<p>\u00a0<\/p>\n<p> <span>O.K. : Penses-tu aux       coups d\u2019Etat ?<\/span><\/p>\n<p> <span>ZABA : Oui, j\u2019en suis       obs\u00e9d\u00e9. C\u2019est pourquoi je ne fais confiance \u00e0 personne. Les services de       securit\u00e9, civils et miltaires, s\u2019espionnent mutuellement. Les chefs et les       cadres de ces services sont paralys\u00e9s par la peur que j\u2019avais propag\u00e9       parmi eux.<\/span><\/p>\n<p>\u00a0<\/p>\n<p> <span>O.K. : Un nouveau 7       novembre est impossible ?<\/span><\/p>\n<p> <span>ZABA : Pour organiser un       nouveau 7 novembre il faut un nouveau <em> <span>triumvirat<\/span><\/em> comme celui de Ben       Ali-Ammar-Baccouche. Il faut un chef qui coiffe tous les services, un \u00ab\u00a0homme       de main\u00a0\u00bb comme Ammar pour organiser mat\u00e9riellement le coup et un politique       pour impliquer le RCD dans le putsch.<\/span><\/p>\n<p>\u00a0<\/p>\n<p> <span>O.K. : Mais le RCD n\u2019est       plus qu\u2019une coquille vide ?<\/span><\/p>\n<p> <span>ZABA : Non ! Tu te       trompes ! Le RCD maintient le lien entre la base, surtout en dehors des       grandes villes, et la Pr\u00e9sidence. Si on laisse tomber le RCD, on coupe la       branche sur laquelle on est assis. Le r\u00e9gime peut \u00eatre compar\u00e9 \u00e0 une       pieuvre dont le cerveau se trouve au Minist\u00e8re de l\u2019Int\u00e9rieur et les       tentacules dans les ramifications du RCD. M\u00eame avec 150 000 policiers et       500 000 indicateurs le r\u00e9gime ne peut survivre en recourant seulement \u00e0 la       r\u00e9pression.<\/span><\/p>\n<p>\u00a0<\/p>\n<p> <span>O.K. : Donc, tu es       d\u2019accord avec la th\u00e8se de B\u00e9atrice Hibou [2] ?<\/span><\/p>\n<p> <span>ZABA : Son livre est       trop compliqu\u00e9 pour ma petite cervelle. C\u2019est un des mes conseillers qui       m\u2019en a fait un r\u00e9sum\u00e9 simpilfi\u00e9. Je suis tout \u00e0 fait d\u2019accord avec son       analyse. Mon r\u00e9gime, comme celui de Bourguiba, est un m\u00e9lange r\u00e9ussi de       r\u00e9pression et de servitude volontaire.<\/span><\/p>\n<p>\u00a0<\/p>\n<p> <span>\u00a0<\/span><\/p>\n<p> <span>\u2014\u00a0<\/span><\/p>\n<p> <span>[1] Le verbe \u00ab\u00a0voler\u00a0\u00bb       utilis\u00e9 dans ce contexte signifie \u00ab\u00a0vol\u00a0\u00bb et non \u00ab\u00a0vol\u00a0\u00bb.<\/span><\/p>\n<p> <span>[2] B\u00e9atrice Hibou,       chercheur au CNRS (Ceri-Sciences Po) ; La force de l\u2019ob\u00e9issance. <\/span> <span lang=\"SV\">Economie       politique de la r\u00e9pression en Tunisie. <\/span><\/p>\n<p> <span lang=\"SV\">\u00a0(Source: le       blog de Omar Khayyam le 6 avril 2006)<\/span><\/p>\n<p><a href=\"http:\/\/omarkhayyam.blogsome.com\/\" target=\"_blank\" rel=\"noopener\">      http:\/\/omarkhayyam.blogsome.com\/<\/a> \u00a0<\/p>\n<p><\/font><\/div>\n<p> <\/font><\/div>\n<p> <\/font><\/font><font face=\"Arial\" size=\"2\"><\/font><\/font><\/div>\n<div>\n<hr\/>\n<\/div>\n<div align=\"center\"> <font face=\"Arial\" size=\"2\"> <\/p>\n<p><font size=\"3\"><strong>Conseil National de l&rsquo;Association des   Magistrats tunisiens   <font>Rejet de toute instrumentalisation des juges et de la   magistrature<\/font><\/strong><\/font><\/p>\n<p><\/font><\/div>\n<div>  \u00a0<\/div>\n<div>        Le Conseil National de l&rsquo;Association des magistrats tunisiens s&rsquo;est r\u00e9uni au   club des magistrats \u00e0 la Soukra sous la direction du bureau ex\u00e9cutif de   l&rsquo;association. Plusieurs questions d&rsquo;ordre mat\u00e9riel et professionnel ont \u00e9t\u00e9   trait\u00e9es.      Apr\u00e8s un long et franc d\u00e9bat \u00e0 propos du mouvement de mutation des magistrats,   leur promotion et la r\u00e9partition des lots de terrains acquis par l&rsquo;Association,   la r\u00e9union a \u00e9t\u00e9 conclue par l&rsquo;adoption d&rsquo;une motion. L&rsquo;appel est lanc\u00e9 au   Conseil Sup\u00e9rieur de la Magistrature pour qu&rsquo;il tienne compte des d\u00e9sirs des   juges lors des mutations \u00e0 entreprendre. Les cas sociaux et le rapprochement   des conjoints doivent \u00eatre pris en consid\u00e9ration.      Les magistrats ont exprim\u00e9 leur appui au contenu de la lettre transmise par le   bureau ex\u00e9cutif de l&rsquo;association au ministre de la Justice et des Droits de   l&rsquo;Homme.      La motion appelle les parties concern\u00e9es \u00e0 apurer les dossiers fonciers des   lots acquis par l&rsquo;association au profit des juges.      Les membres du Conseil national ont rappel\u00e9 que l&rsquo;Association des Magistrats   Tunisiens et ses\u00a0 bases ont d\u00e9finitivement r\u00e9solu la question de la   repr\u00e9sentativit\u00e9 de l&rsquo;association et ce, depuis le onzi\u00e8me congr\u00e8s et m\u00eame   avant \u00e0 l&rsquo;occasion du congr\u00e8s extraordinaire. Ils ont r\u00e9it\u00e9r\u00e9 leur refus   absolu de toute instrumentalisation de la magistrature et des juges tout en   insistant sur le fait que l&rsquo;association est leur seul repr\u00e9sentant l\u00e9gitime   habilit\u00e9 \u00e0 parler en leur nom et \u00e0 exprimer les soucis des juges et leurs   positions dans le cadre de l&rsquo;ind\u00e9pendance et de la neutralit\u00e9.      Par ailleurs, les membres du conseil national ont exprim\u00e9 leur reconnaissance   au Chef de l&rsquo;Etat et Pr\u00e9sident du Conseil Sup\u00e9rieur de la Magistrature pour la   sollicitude dont il entoure les magistrats. Ils ont exprim\u00e9 leur satisfaction   pour la r\u00e9action positive du minist\u00e8re de la Justice et des Droits de l&rsquo;Homme   quant \u00e0 leurs revendications. Ils esp\u00e8rent davantage de compr\u00e9hension pour les   revendications contenues dans la lettre transmise au minist\u00e8re.      Ils ont exprim\u00e9 leur satisfaction pour le travail accompli par le bureau   ex\u00e9cutif depuis son \u00e9lection et l&rsquo;engagement de l&rsquo;association dans l&rsquo;Internet.      La prochaine r\u00e9union du Conseil national de l&rsquo;Association est pr\u00e9vue pour le   10 juin 2007 au club des Magistrats \u00e0 la Soukra.\u00a0\u00a0\u00a0       <font><strong>(Source : \u00ab Le Temps \u00bb (Quotidien \u2013 Tunis), le   10 avril 2007)<\/strong><\/font><\/div>\n<div>\n<hr\/>\n<\/div>\n<p><\/font><\/p>\n<div align=\"center\">\n<h2 style=\"color: red;\"><font size=\"3\"><strong>D\u00e9c\u00e8s du grand acteur Hassen Khalsi   <font>Le dernier des mohicans<\/font><\/strong><\/font><\/h2>\n<\/div>\n<div>  \u00a0<\/div>\n<div> <font>Moncef CHARFEDDINE<\/font>      Samedi dernier, Hannibal T.V a rendu un vibrant\u00a0 hommage au grand acteur et   homme de th\u00e9\u00e2tre, Hassen Khalsi. Durant plus de deux heures, \u00e9crivains acteurs   et actrices c\u00e9l\u00e8bres, qui ont jou\u00e9 avec l&rsquo;acteur remarquable qu&rsquo;\u00e9tait Hassen   Khalsi ou qui ont \u00e9t\u00e9 dirig\u00e9s par lui \u00e0 la radio , notamment, ont dit tout le   bien qu&rsquo;ils pensent de lui et ont c\u00e9l\u00e9br\u00e9 son grand talent et ses qualit\u00e9s\u00a0   humaines.      Citons ceux qui ont\u00a0 particip\u00e9 \u00e0 cette soir\u00e9e d&rsquo;hommages organis\u00e9e par la   dynamique Houda Ben Amor : Dalenda Abdou, Fatma Ben Arfa, Jouda Najeh, Aziza   Boulabiar, Samir Ayadi, Jamil Joudi, Jalel El Aroui et Hafedh Chtioui. J&rsquo;avais   \u00e9t\u00e9, \u00e9galement, invit\u00e9 \u00e0 participer \u00e0 cet hommage rendu \u00e0 un artiste \u00e0 qui   nous vouons tous, une grande et sinc\u00e8re admiration.      Or, nous savions, tous, que Hassen Khalsi \u00e9tait malade, depuis quelques mois.   Mais nous ne savions pas qu&rsquo;il l&rsquo;\u00e9tait\u00a0 tr\u00e8s gravement et que sa fin \u00e9tait si   proche.      Aussi, nous avons tous \u00e9t\u00e9 tr\u00e8s profond\u00e9ment touch\u00e9s en apprenant qu&rsquo;il venait   de nous quitter hier, lundi 9 avril.      Hassen Khalsi est n\u00e9 , \u00e0 Tunis, rue Hammam Rmimi, le 8 septembre 1931.      Apr\u00e8s ses \u00e9tudes, il pratiqua le football, au sein de l&rsquo;Esp\u00e9rance Sportive.   Mais son p\u00e8re mit rapidement fin \u00e0 sa carri\u00e8re de footballeur car, la famille   habitant un quartier clubiste, cela attirait des ennuis \u00e0 Hassen lui-m\u00eame   ainsi qu&rsquo;\u00e0 tous les siens.      Mais si la Tunisie perdit en lui un footballeur dou\u00e9, elle gagna, par contre,   et pour notre bonheur, un acteur et homme de th\u00e9\u00e2tre de g\u00e9nie.      C&rsquo;est le regrett\u00e9 Hamadi Jaziri qui le d\u00e9couvrit et le distribua dans   plusieurs des pi\u00e8ces mont\u00e9es par sa troupe.      Et c&rsquo;est lui, \u00e9galement, qui le fit d\u00e9buter \u00e0 la radio o\u00f9 Abdelaziz Laroui, le   fit recruter par la troupe th\u00e9\u00e2trale de la RTT.      Le directeur de cette troupe, le regrett\u00e9 Hamouda Ma\u00e2li, ne m\u00e9nagea aucun   effort afin de l&rsquo;aider \u00e0 mettre en valeur ses dons d&rsquo;acteur puis de metteur en   ondes en en faisant son adjoint patent\u00e9 et lui r\u00e9v\u00e9lant toutes les ficelles du   m\u00e9tier de r\u00e9alisateur.      Or, s&rsquo;il est un d\u00e9faut que Hassen Khalsi ne poss\u00e9dait pas, c&rsquo;est bien   l&rsquo;ingratitude.      Aussi\u00a0 quand Hamouda Ma\u00e2li eut une h\u00e9morragie c\u00e9r\u00e9brale et devint h\u00e9mipl\u00e9gique,   ne bougeant pratiquement plus du lit, c&rsquo;est \u00e0 Hassen Khalsi que fut confi\u00e9 le   soin de r\u00e9aliser les pi\u00e8ces radiophoniques du mardi. Il signa ses r\u00e9alisations   Hamouda Ma\u00e2li.      Mais c&rsquo;est \u00e0 la t\u00e9l\u00e9vision que le regrett\u00e9 Hassen Khalsi donna toute la mesure   de son talent. Il fit partie de la distribution d&rsquo;un grand nombre de t\u00e9l\u00e9films,   mais brilla , de fa\u00e7on particuli\u00e8re, dans plusieurs des meilleurs feuilletons   que la TV Tunisienne a r\u00e9alis\u00e9s.      Au th\u00e9\u00e2tre , il fit les beaux jours de la Troupe du Th\u00e9\u00e2tre Populaire dans des   pi\u00e8ces qui sont dans toutes les m\u00e9moires : \u00a0\u00bb Haj Klouf \u00ab\u00a0, les adaptations de \u00a0\u00bb   La Dame de chez Maxim \u00a0\u00bb et \u00a0\u00bb La Maraine de Charley \u00ab\u00a0, etc&#8230;      Il tourna, d&rsquo;autre part, dans trois films : \u00a0\u00bb Automne 86 \u00ab\u00a0, \u00a0\u00bb Les Baliseurs du   d\u00e9sert \u00a0\u00bb et \u00a0\u00bb Redeyef 1952 \u00ab\u00a0.      Hassen Khalsi a rejoint dans l&rsquo;au-del\u00e0 , ses glorieux\u00a0 partenaires \u00e0 la radio,   \u00e0 la TV et au th\u00e9\u00e2tre, les Hamouda Ma\u00e2li, B\u00e9chir Rahal, Mohamed Ben Ali,   Taoufik El Abdelli, Ezzeddine Brika, Habib Belhareth, Abdesselam El Bech,   Abdelaziz Arfaoui, Zohra Fa\u00efza, Jamila Ourabi, Hamadi Jaziri, Mohamed Darragi,   Jalila Borhane, etc.      Le dernier des mohicans vient de dispara\u00eetre !      <font><strong>(Source : \u00ab Le Temps \u00bb (Quotidien \u2013 Tunis), le   10 avril 2007)<\/strong><\/font><\/div>\n<div>\n<hr\/>\n<\/div>\n<div align=\"center\">\n<h2 style=\"color: red;\"><font size=\"3\"><strong>Les paradoxes du cin\u00e9ma tunisien<\/strong><\/font><\/h2>\n<\/div>\n<div>  \u00a0<\/div>\n<div> <font>Par : Ridha KEFI<\/font> <font>\u00a0La seconde session du festival du film documentaire, \u00ab\u00a0Doc   \u00e0 Tunis: Voix du regard\u00a0\u00bb, tenue \u00e0 Tunis du 4 au 9 avril, a drain\u00e9 la grande   foule dans les cin\u00e9mas de la capitale.<\/font> <font>On aurait pu parler d&rsquo;engouement des Tunisiens pour le   septi\u00e8me art si cette ru\u00e9e vers les salles obscures\u00a0 n&rsquo;\u00e9tait pas aussi brusque   qu&rsquo;\u00e9ph\u00e9m\u00e8re. Puisque, d\u00e8s le 10 avril, ces m\u00eames salles ont retrouv\u00e9 leur   calme habituel.      Comment expliquer cette versatilit\u00e9 du public, qui se rue massivement sur les   cin\u00e9mas le temps d&rsquo;une animation vaguement festive pour les d\u00e9serter ensuite,   tout aussi massivement, apr\u00e8s que les lumi\u00e8res de la f\u00eate se fussent \u00e9teintes   ?      Comment expliquer ce mim\u00e9tisme, si caract\u00e9ristique d\u00e9sormais des spectateurs   tunisiens, qui ne con\u00e7oivent la consommation artistique que comme une   catharsis collective ou un mouvement de groupe ?      Que cherchent-ils exactement, ces chers spectateurs, dans des manifestations   culturelles comme \u00ab\u00a0Doc \u00e0 Tunis\u00a0\u00bb: la d\u00e9couverte de nouvelles cr\u00e9ations et de   nouveaux cr\u00e9ateurs, ou bien les rassemblements publics, les retrouvailles   entre copains et les attroupements auxquels celles-ci donnent g\u00e9n\u00e9ralement   lieu ?   <\/font>   \u00ab\u00a0Les Tunisiens ach\u00e8tent dix fois plus de livres pendant les 10 jours de la   Foire du Livre de Tunis que pendant les 355 autres jours de l&rsquo;ann\u00e9e\u00a0\u00bb, me   faisait remarquer, l&rsquo;autre jour, un libraire de la place. Avant d&rsquo;ajouter: \u00ab\u00a0J&rsquo;ai   du mal \u00e0 croire que les remises accord\u00e9es durant la foire expliqueraient, \u00e0   elles seules, cet engouement, qui est un peu trop ponctuel pour \u00eatre cr\u00e9dible\u00a0\u00bb.      Ces questions m\u00e9ritent d&rsquo;\u00eatre pos\u00e9es \u00e0 des sociologues et \u00e0 des psychologues,   analystes des comportements humains. Car, il y va de l&rsquo;avenir de notre culture   qui s&rsquo;appauvrit en terme de cr\u00e9ativit\u00e9 intrins\u00e8que, tout en continuant de se   d\u00e9cliner en strass, paillettes, sons, lumi\u00e8res et \u00ab\u00a0vas y que je te pousse\u00a0\u00bb&#8230;      Quand je parle d&rsquo;appauvrissement de la cr\u00e9ativit\u00e9 de mes compatriotes, je ne   cherche \u00e0 jeter la pierre \u00e0 personne. Je fais un simple constat. Car, aussi   paradoxal que cela puisse para\u00eetre, notre pays poss\u00e8de le plus grand nombre de   cin\u00e9philes au kilom\u00e8tre carr\u00e9, une pl\u00e9iade de cin\u00e9astes dont on n&rsquo;a pas cess\u00e9   de louer le \u00ab\u00a0g\u00e9nie\u00a0\u00bb, quelque 500 soci\u00e9t\u00e9s de production cin\u00e9matographique   (pour seulement 10 millions d&rsquo;habitants), plusieurs \u00e9coles de cin\u00e9ma,   publiques et priv\u00e9es, et de nombreuses associations (de cin\u00e9astes, cin\u00e9philes,   producteurs, critiques&#8230;) toutes vou\u00e9es \u00e0 la d\u00e9fense du septi\u00e8me art. Sans   parler des sc\u00e9naristes, acteurs, artistes, techniciens, etc., dont certains   louent parfois leurs services aux cin\u00e9astes \u00e9trangers. Mais ce m\u00eame pays, qui   se targue d&rsquo;\u00eatre l&rsquo;un des p\u00f4les du cin\u00e9ma au sud de la M\u00e9diterran\u00e9e,\u00a0 est   incapable \u00e0 ce jour de faire inscrire un long m\u00e9trage dans la s\u00e9lection   officielle du Festival de Cannes, manifestation qui est au cin\u00e9ma ce que la   World Cup est au football.      Faut-il rappeler, \u00e0 cet \u00e9gard, que le premier (et dernier) film tunisien \u00e0   avoir eu l&rsquo;honneur de cette s\u00e9lection est \u00a0\u00bbUne si simple histoire\u00a0\u00bb de   Abdellatif Ben Ammar, qui date de&#8230; 1970 ?      Quant aux films proclam\u00e9s \u00ab\u00a0g\u00e9niaux\u00a0\u00bb et \u00ab\u00a0\u00e0 grand succ\u00e8s\u00a0\u00bb de F\u00e9rid Boughedir,   Nouri Bouzid et autres Moufida Tlatli, comme \u00a0\u00bbHalfaouine\u00a0\u00bb, \u00a0\u00bbRih Essed\u00a0\u00bb ou   \u00a0\u00bbLes silences du palais\u00a0\u00bb, ils n&rsquo;ont pu franchir le seuil des sections   parall\u00e8les de ce prestigieux festival, \u00e0 savoir \u00ab\u00a0Un certain regard\u00a0\u00bb et \u00ab\u00a0La   Quinzaine des r\u00e9alisateurs\u00a0\u00bb.      Inutile d&rsquo;ajouter ici que la plupart de nos cin\u00e9astes ont remport\u00e9 le Tanit   d&rsquo;or des Journ\u00e9es cin\u00e9matographiques de Carthage &#8211; comme quoi, on n&rsquo;est jamais   mieux servi que par soi-m\u00eame ! -, mais aucun d&rsquo;entre eux n&rsquo;a gagn\u00e9 un   v\u00e9ritable grand prix dans un v\u00e9ritable grand festival international (Venise,   Milan, Berlin&#8230;).      Que l&rsquo;on cesse donc de nous rebattre les oreilles avec les pr\u00e9tendus \u00ab\u00a0succ\u00e8s   internationaux du cin\u00e9ma tunisien\u00a0\u00bb et que l&rsquo;on regarde la r\u00e9alit\u00e9 en face: le   cin\u00e9ma tunisien est en crise. Car malgr\u00e9 les efforts du minist\u00e8re de la   Culture et de la Sauvegarde du patrimoine, qui finance \u00e0 hauteur de 30 \u00e0 40 %   entre trois \u00e0 quatre longs m\u00e9trages et six \u00e0 huit courts m\u00e9trages par an&#8230;   Malgr\u00e9 les aides consenties par les fonds d&rsquo;aides \u00e9trangers, notamment   europ\u00e9ens, qui assurent les 60 \u00e0 70% restants&#8230; Malgr\u00e9 les coups de pouce   m\u00e9diatiques donn\u00e9s aux films tunisiens, lors de leur sortie en salles, par une   presse locale trop complaisante ou vaguement patriote&#8230; Malgr\u00e9 l&rsquo;engouement   du public tunisien qui n&rsquo;est jamais avare de ses encouragements, de ses   applaudissements et son argent&#8230;      Malgr\u00e9 tout cela, aucun film tunisien n&rsquo;a pu, \u00e0 ce jour, d\u00e9passer le seuil   d&rsquo;un simple succ\u00e8s d&rsquo;estime &#8211; parfois pour avoir \u00ab\u00a0os\u00e9\u00a0\u00bb d\u00e9nuder le corps d&rsquo;une   femme ou \u00e9voqu\u00e9 un sujet tabou en pays d&rsquo;islam -&#8230; Aucun film tunisien n&rsquo;a pu   \u00eatre diffus\u00e9 dans le circuit commercial normal en Europe ou en Am\u00e9rique&#8230;   Aucun film tunisien n&rsquo;a pu r\u00e9aliser, apr\u00e8s sa projection \u00e0 l&rsquo;\u00e9tranger et dans   son pays d&rsquo;origine, des recettes lui permettant de compenser ses co\u00fbts de   production et d&rsquo;atteindre un seuil minimal de rentabilit\u00e9&#8230;      Je ne voudrais pas remuer davantage le couteau dans la plaie en faisant des   comparaisons entre notre cin\u00e9ma et ceux de pays proches du n\u00f4tre. Nos   cin\u00e9astes en savent mieux que moi. Ils devraient faire eux-m\u00eames ces   comparaisons. Je me contenterai cependant de souligner la n\u00e9cessit\u00e9 de   r\u00e9former ce secteur que les pouvoirs publics portent \u00e0 bout de bras et   financent \u00e0 tour de bras, mais sans parvenir \u00e0 le faire r\u00e9ellement d\u00e9coller.      Alors, cessons notre cin\u00e9ma ! Le ver est, peut-\u00eatre, dans le fruit. Trop   d&rsquo;argent, mal utilis\u00e9 et dont les circuits de d\u00e9pense sont mal ma\u00eetris\u00e9s,   appauvrit l&rsquo;imagination&#8230;      <font><strong>(Source : \u00ab Le Temps \u00bb (Quotidien \u2013 Tunis), le   10 avril 2007)<\/strong><\/font><\/div>\n<div>\n<hr\/>\n<\/div>\n<div align=\"center\">\n<p><font size=\"3\"><strong>Carcasses sans fonds et tournant \u00e0   r\u00e9gime r\u00e9duit   <font>Grands centre commerciaux devenus des coquilles vides<\/font><\/strong><\/font><\/p>\n<\/div>\n<div>  \u00a0<\/div>\n<div> <font>Tunis &#8211; Le Temps &#8211;<\/font> Les grands centres commerciaux   ont pr\u00e9sent\u00e9 une nouvelle tendance dans l&rsquo;activit\u00e9 commerciale \u00e0 Tunis, depuis   une quinzaine d&rsquo;ann\u00e9es. On les retrouve dans plusieurs banlieues ainsi qu&rsquo;\u00e0 El   Menzeh, dans les Berges du Lac et ailleurs.      Progressivement, ils\u00a0 se sont d\u00e9velopp\u00e9s dans d&rsquo;autres villes comme Sousse,   Sfax, Monastir et Bizerte. C&rsquo;est pratiquement le ph\u00e9nom\u00e8ne commercial qui a   connu la plus rapide croissance.      Ces espaces se distinguent par la richesse de l&rsquo;offre, l&rsquo;augmentation du   nombre d&rsquo;exposants et la grande vari\u00e9t\u00e9 des produits. On y trouve pratiquement   tout ou presque des articles d&rsquo;habillement, aux meubles en passant par   l&rsquo;\u00e9lectro &#8211; m\u00e9nager et l&rsquo;agro alimentaire.      Ces espaces ont cr\u00e9\u00e9 une grande dynamique dans les milieux environnants. Des   caf\u00e9s, des espaces de loisir et d&rsquo;autres pour les enfants ont \u00e9t\u00e9 cr\u00e9\u00e9s.      Pourtant, ils commencent \u00e0 conna\u00eetre des difficult\u00e9s. Nombreuses boutiques ont   ferm\u00e9. Quel est le secret de ce recul ?      La premi\u00e8re constatation concerne le niveau \u00e9lev\u00e9 des loyers et les conditions   tr\u00e8s dures impos\u00e9es par les propri\u00e9taires de ces espaces. A l&rsquo;int\u00e9rieur de ces   centres o\u00f9 le loyer mensuel varie entre 800 et 3000 dinars. Ces tarifs sont   trop \u00e9lev\u00e9s. On ne les trouve pas dans certaines capitales europ\u00e9ennes. Les   commer\u00e7ants affirment que ces prix leur sont impos\u00e9s. D&rsquo;ailleurs les contrats   de location sont bien sp\u00e9cifiques. Ils ne ressemblent pas \u00e0 ce qui est   commun\u00e9ment fait ailleurs. Une des conditions exorbitantes qu&rsquo;on ne retrouve   que dans ces contrats est l&rsquo;augmentation annuelle du loyer de 7,5%. C&rsquo;est un   taux consid\u00e9r\u00e9, par les commer\u00e7ants, comme ill\u00e9gal, mais impos\u00e9 par les   circonstances dans lesquelles ces espaces ont \u00e9t\u00e9 ouverts et les campagnes de   publicit\u00e9 qui les ont accompagn\u00e9s. Les prix des loyers ne r\u00e9pondent \u00e0 aucun   crit\u00e8re et n&rsquo;ont rien \u00e0 voir avec la surface des boutiques.      Avec la hausse des prix, les petits commer\u00e7ants se sont trouv\u00e9 oblig\u00e9s de se   retirer des grands espaces et de se limiter \u00e0 leurs commerces d&rsquo;origine.      Certains locataires affirment qu&rsquo;ils n&rsquo;arrivent, m\u00eame pas, \u00e0 s&rsquo;assurer le   montant du loyer tellement ils ont des probl\u00e8mes de m\u00e9ventes.      <font>Des loyers trop \u00e9lev\u00e9s<\/font>      Un autre probl\u00e8me se pose. Il s&rsquo;agit du fonds de commerce. Le nouveau   locataire est appel\u00e9 \u00e0 payer entre 40 et 100 mille dinars de fonds de commerce,   en plus du loyer. C&rsquo;est un autre facteur de blocage.      Nombreux litiges interminables sont entre les mains des juges. Dans certains   cas il s&rsquo;agit de l&rsquo;incapacit\u00e9 de payer les loyers. D&rsquo;autres litiges concernent   la valeur du loyer. Le plus apparents dans ces litiges est que chaque partie   interpr\u00e8te la loi en fonction de ses int\u00e9r\u00eats. Avocats et huissiers notaires   font leur beurre dans ces affaires. La r\u00e9solution des litiges prend son temps   dans les tribunaux. Le compteur du loyer continue \u00e0 fonctionner.      <font>D\u00e9solation g\u00e9n\u00e9ralis\u00e9e<\/font>      \u00a0Nombreuses boutiques sont ferm\u00e9es. Parfois tout un \u00e9tage l&rsquo;est. Le spectacle   est d\u00e9solant.      Pourquoi ne pas acc\u00e9l\u00e9rer la r\u00e9gularisation de la situation de ces boutiques ?   Est &#8211; il normal de laisser ces espaces dans l&rsquo;\u00e9tat o\u00f9 ils sont ? Jusqu&rsquo;\u00e0 quand   les propri\u00e9taires vont &#8211; ils camper sur leurs positions en tenant \u00e0 leurs   contrats, sans faire de concessions? Pourquoi ne pas trouver des arrangements   ? Des centaines de millions et des milliards de millimes ont \u00e9t\u00e9 d\u00e9pens\u00e9s pour   la construction de ces espaces. Est &#8211; ce pour qu&rsquo;ils restent sans activit\u00e9 ?      Il est temps de revoir les choses dans ces centres commerciaux. Les rapports   entre propri\u00e9taires et locataires gagnent \u00e0 \u00eatre assainis pour l&rsquo;int\u00e9r\u00eat de   toutes les parties.      Quant aux autorisations d&rsquo;ouverture de nouveaux centres commerciaux, elles   doivent \u00eatre revues. De nouveaux crit\u00e8res doivent \u00eatre arr\u00eat\u00e9s pour ne pas se   retrouver avec un nombre \u00e9lev\u00e9 de boutiques ferm\u00e9es.      <font><strong>(Source : \u00ab Le Temps \u00bb (Quotidien \u2013 Tunis), le   10 avril 2007)<\/strong><\/font><\/div>\n<div>\n<hr\/>\n<\/div>\n<div align=\"center\">\n<h2 style=\"color: red;\"><font size=\"3\"><strong>Maroc: Des jihadistes pr\u00e9f\u00e8rent se   suicider plut\u00f4t que se rendre \u00e0 la police<\/strong><\/font><\/h2>\n<p><font> <\/font><\/div>\n<div>\u00a0<\/div>\n<div> <font>Par Sammy KETZ<\/font> <font>RABAT, 10 avr 2007 (AFP) &#8211;<\/font> Le suicide en moins   d&rsquo;un mois de deux jihadistes marocains au moment de se faire arr\u00eater \u00e0   Casablanca semble montrer, selon les analystes, qu&rsquo;ils ont re\u00e7u la consigne de   se donner la mort plut\u00f4t que de tomber aux mains de la police.   \u00ab\u00a0Cela fait deux fois que le m\u00eame sc\u00e9nario se produit. Pour \u00e9viter   l&rsquo;incarc\u00e9ration, des salafistes jihadistes pr\u00e9f\u00e8rent se donner la mort en   actionnant leurs ceintures d&rsquo;explosif qu&rsquo;ils portent sur eux\u00a0\u00bb, a affirm\u00e9 \u00e0   l&rsquo;AFP Mohamed Darif, sp\u00e9cialiste de l&rsquo;islamisme marocain.      Un terroriste pr\u00e9sum\u00e9 s&rsquo;est fait exploser et un second a \u00e9t\u00e9 abattu avant d&rsquo;en   faire autant mardi \u00e0 Casablanca, alors que la police \u00e9tait sur le point de les   arr\u00eater dans un immeuble situ\u00e9 dans l&rsquo;est de la capitale \u00e9conomique du Maroc.      Le 11 mars, Abdelfettah Raydi avait trouv\u00e9 la mort en actionnant des explosifs   qu&rsquo;il transportait sur lui, quand le propri\u00e9taire d&rsquo;un cybercaf\u00e9 avait tent\u00e9   de l&rsquo;arr\u00eater. L&rsquo;explosion avait bless\u00e9 son complice pr\u00e9sum\u00e9, Youssef Khoudri   ainsi que trois clients du caf\u00e9 internet.      \u00ab\u00a0Il semble qu&rsquo;ils appliquent des consignes en ce sens donn\u00e9es \u00e0 ses partisans   par le +num\u00e9ro deux+ d&rsquo;al Qa\u00efda Aymane al-Zawahari\u00a0\u00bb, a ajout\u00e9 M. Darif.      Pour ce politologue, \u00ab\u00a0il est difficile d&rsquo;imaginer que ces groupes n&rsquo;aient pas   de liens directs ou indirects avec l&rsquo;\u00e9tranger, non seulement id\u00e9ologiquement   mais logistiquement\u00a0\u00bb.      \u00ab\u00a0Mais ce qui est frappant c&rsquo;est qu&rsquo;ils donnent le sentiment d&rsquo;avoir perdu le   contact avec les +coordonnateurs+ qui se trouvent au Maroc ou \u00e0 l&rsquo;ext\u00e9rieur\u00a0\u00bb,   constate-t-il.      \u00ab\u00a0Cette coupure s&rsquo;explique par le fait que les messagers charg\u00e9s des contacts   ont \u00e9t\u00e9 arr\u00eat\u00e9s, se cachent et qu&rsquo;ils ne transmettent plus les instructions   des chefs. Ces groupes sont donc livr\u00e9s \u00e0 eux-m\u00eames\u00a0\u00bb, souligne-t-il.      Pour le parquet, qui a inculp\u00e9 31 personnes dans le cadre de l&rsquo;enqu\u00eate sur   l&rsquo;explosion du 11 mars, les deux terroristes ne visaient pas le cybercaf\u00e9 o\u00f9   il y a eu la d\u00e9flagration, mais \u00e9taient venus chercher des consignes.      \u00ab\u00a0Ils n&rsquo;avaient pas l&rsquo;intention d&rsquo;attaquer le cybercaf\u00e9, o\u00f9 ils s&rsquo;\u00e9taient   rendus dans le cadre des contacts que les membres de la cellule entretenaient   via internet\u00a0\u00bb, estime la justice qui pense que l&rsquo;un d&rsquo;eux a actionn\u00e9 sa   ceinture en voyant qu&rsquo;il allait se faire arr\u00eater.      Par ailleurs, le parquet est convaincu que le groupe est purement marocain   sans relation avec l&rsquo;\u00e9tranger. \u00ab\u00a0Il s&rsquo;agissait d&rsquo;une organisation terroriste en   cours de formation, financ\u00e9e par des Marocains dans le but de perp\u00e9trer des   attentats contre le port de Casablanca (&#8230;) et plusieurs commissariats de   police de la ville\u00a0\u00bb, a pr\u00e9cis\u00e9 cette source.      Pour un autre analyste, Mohamed Tozi, \u00ab\u00a0c&rsquo;est le prolongement de l&rsquo;impact   g\u00e9n\u00e9r\u00e9 par l&rsquo;annonce m\u00e9diatique de la cr\u00e9ation de la section d&rsquo;Al Qa\u00efda pour   le Maghreb. C&rsquo;est un appel sous les drapeaux et des groupes qui \u00e9taient en   latence veulent r\u00e9pondre \u00e0 la conscription\u00a0\u00bb.      \u00ab\u00a0Mais je constate \u00e0 la fois une incroyable d\u00e9termination de ces jihadistes   pr\u00eats au suicide et en m\u00eame temps une grande faiblesse organisationnelle et   logistique\u00a0\u00bb, note ce professeur de sciences politiques et de sociologie \u00e0   l&rsquo;universit\u00e9 Hassan II de Casablanca.      \u00ab\u00a0C&rsquo;est \u00e0 la fois inqui\u00e9tant et rassurant. Inqui\u00e9tant car on peut se dire que   s&rsquo;ils am\u00e9liorent leur structure ils peuvent devenir tr\u00e8s dangereux et   rassurant car je constate qu&rsquo;ils ont beaucoup de mal \u00e0 se fondre dans la   soci\u00e9t\u00e9, ce qui les obligent \u00e0 se terrer\u00a0\u00bb, constate-t-il.      <font><strong>AFP<\/strong><\/font>  \u00a0<\/div>\n<div>\n<hr\/>\n<\/div>\n<div align=\"center\">\n<h2 style=\"color: red;\"><font size=\"3\"><strong>France\/pr\u00e9sidentielle: issus de   l&rsquo;immigration et tent\u00e9s par l&rsquo;extr\u00eame droite<\/strong><\/font><\/h2>\n<\/div>\n<div>  \u00a0<\/div>\n<div> <font>Par Amer OUALI<\/font> <font>PARIS, 9 avr 2007 (AFP)<\/font> &#8211; Le ph\u00e9nom\u00e8ne reste   minoritaire mais prend une ampleur in\u00e9dite: des Fran\u00e7ais issus de   l&rsquo;immigration, p\u00e8res de famille ou jeunes de banlieue, se disent pr\u00eats \u00e0 voter   \u00e0 la pr\u00e9sidentielle pour le leader d&rsquo;extr\u00eame droite Jean-Marie Le Pen,   champion de la \u00ab\u00a0pr\u00e9f\u00e9rence nationale\u00a0\u00bb.<\/div>\n<div>     \u00ab\u00a0Je vais voter pour Le Pen\u00a0\u00bb, affirme sans h\u00e9siter Mourad Asfour, 25 ans,   \u00e9tudiant en histoire de l&rsquo;art \u00e0 Dijon (centre-est). Pour lui, M. Le Pen,   arriv\u00e9 contre toute attente au second tour de la pr\u00e9sidentielle de 2002 et   cr\u00e9dit\u00e9 cette ann\u00e9e de 13% \u00e0 16% des voix dans les sondages, est le seul   candidat qui \u00ab\u00a0incarne l&rsquo;amour de la France\u00a0\u00bb.<\/div>\n<div>     Arriv\u00e9 du Maroc \u00e0 l&rsquo;\u00e2ge d&rsquo;un an, ce musulman pratiquant approuve la priorit\u00e9   donn\u00e9e \u00e0 la lutte contre l&rsquo;immigration car \u00ab\u00a0les capacit\u00e9s d&rsquo;accueil de la   France sont satur\u00e9es\u00a0\u00bb. Et il estime que M. Le Pen partage avec lui certaines \u00ab\u00a0valeurs   morales\u00a0\u00bb, comme l&rsquo;opposition au mariage homosexuel.<\/div>\n<div>     Il n&rsquo;est pas isol\u00e9: l&rsquo;hebdomadaire satirique Le Canard Encha\u00een\u00e9 a fait \u00e9tat   d&rsquo;un sondage r\u00e9alis\u00e9 pour le minist\u00e8re de l&rsquo;Int\u00e9rieur selon lequel 8% des   Fran\u00e7ais originaires du Maghreb seraient pr\u00eats \u00e0   voter Le Pen. Soit plus de 100.000 \u00e9lecteurs potentiels. Le candidat d&rsquo;extr\u00eame   droite, qui a r\u00e9ussi un coup m\u00e9diatique en se rendant cette semaine dans une   banlieue r\u00e9put\u00e9e \u00ab\u00a0difficile\u00a0\u00bb du nord-ouest de Paris, a choisi une jeune fille   d&rsquo;origine nord-africaine pour illustrer une des premi\u00e8res affiches de sa   campagne 2007.<\/div>\n<div>     \u00ab\u00a0Plut\u00f4t de gauche\u00a0\u00bb, Habiba Boualem, une juriste \u00e2g\u00e9e de 35 ans, dit que le   Parti socialiste ne lui \u00ab\u00a0convient plus\u00a0\u00bb. Et puisqu&rsquo;elle ne voit \u00ab\u00a0aucune   diff\u00e9rence\u00a0\u00bb entre le Front national de Jean-Marie Le Pen et l&rsquo;UMP de Nicolas   Sarkozy, elle choisit \u00ab\u00a0l&rsquo;original plut\u00f4t que la photocopie\u00a0\u00bb. C&rsquo;est donc Le Pen   qui aura son suffrage. Cette fille d&rsquo;immigr\u00e9s alg\u00e9riens, qui vit dans la cit\u00e9   du Mirail \u00e0 Toulouse (sud-ouest), souhaite une \u00ab\u00a0r\u00e9gulation de l&rsquo;immigration\u00a0\u00bb.   \u00ab\u00a0Le pauvre chasse plus pauvre que lui\u00a0\u00bb, constate avec une certaine amertume   Sophia Chikirou, 27 ans, membre des instances dirigeantes du PS et auteur de   \u00ab\u00a0Ma France la\u00efque\u00a0\u00bb.   Egalement fille d&rsquo;immigr\u00e9s alg\u00e9riens, cette militante socialiste qui vit dans   le 20e arrondissement de Paris a constat\u00e9 que nombre de commer\u00e7ants immigr\u00e9s   de son quartier s&rsquo;\u00e9taient engag\u00e9s pour   Jean-Marie Le Pen.<\/div>\n<div>     Propri\u00e9taires par exemple de petits h\u00f4tels r\u00e9quisitionn\u00e9s par les services   sociaux pour l&rsquo;h\u00e9bergement de familles de sans-papiers, ils se retrouvent   confront\u00e9s \u00e0 des d\u00e9gradations. \u00ab\u00a0Ils en veulent aux   autorit\u00e9s et disent +avec le Pen on sera d\u00e9barrass\u00e9 des sans-papiers et de la   polygamie+\u00a0\u00bb. \u00ab\u00a0Y en a marre de voir des Maliens sans papiers log\u00e9s dans des   h\u00f4tels\u00a0\u00bb, confirme Farid Smahi, membre du Bureau politique du FN, qui se   pr\u00e9sente comme un \u00ab\u00a0Fran\u00e7ais patriote et musulman\u00a0\u00bb et n&rsquo;h\u00e9site pas aller vanter   la \u00ab\u00a0pr\u00e9f\u00e9rence nationale\u00a0\u00bb dans des banlieues pauvres o\u00f9 il \u00e9tait autrefois \u00ab\u00a0insult\u00e9\u00a0\u00bb.<\/div>\n<div>     Gr\u00e2ce \u00e0 son association cr\u00e9\u00e9e pour aider les enfants irakiens pendant   l&#8217;embargo international, M. Smahi a r\u00e9ussi \u00e0 se \u00ab\u00a0faire accepter\u00a0\u00bb, puis \u00e0 se \u00ab\u00a0faire   entendre\u00a0\u00bb. Il assure avoir apport\u00e9 3.500 adh\u00e9sions d&rsquo;immigr\u00e9s en moins d&rsquo;un an   au FN. Per\u00e7u d&rsquo;abord comme un \u00ab\u00a0\u00e9piph\u00e9nom\u00e8ne\u00a0\u00bb, le vote d&rsquo;origine immigr\u00e9e en   faveur de M. Le Pen comporte d\u00e9sormais une \u00ab\u00a0part d&rsquo;adh\u00e9sion\u00a0\u00bb, note le   politologue Jean-Yves Camus. C&rsquo;est le cas d&rsquo;A.M., un avocat alg\u00e9rien de 50 ans   reconverti dans le commerce \u00e0 Paris, p\u00e8re de deux enfants scolaris\u00e9s dans un   lyc\u00e9e priv\u00e9, qui ne supporte plus de voir ses imp\u00f4ts \u00ab\u00a0distribu\u00e9s \u00e0 des Blacks   et des Arabes\u00a0\u00bb pour lesquels la France ne serait \u00ab\u00a0qu&rsquo;un vache \u00e0 traire\u00a0\u00bb.   Il votera donc Le Pen, m\u00eame s&rsquo;il estime que \u00ab\u00a0le b\u00e2ton peut se retourner\u00a0\u00bb un   jour contre lui.      <font><strong>AFP<\/strong><\/font> \u00a0<\/div>\n<div>\n<hr\/>\n<\/div>\n<div align=\"center\">\n<h3 style=\"color: blue;\"><font size=\"3\"><strong>Maroc: une association veut conna\u00eetre   la v\u00e9rit\u00e9 sur les \u00e9meutes de 1981<\/strong><\/font><\/h3>\n<\/div>\n<div>  \u00a0<\/div>\n<div> <font>RABAT, 8 avr 2007 (AFP) &#8211;<\/font> Le Forum marocain pour   la v\u00e9rit\u00e9 et la justice (FVJ) a appel\u00e9 les pouvoirs publics \u00e0 faire la lumi\u00e8re   sur les \u00e9meutes de 1981 \u00e0 Casablanca, au cours desquelles une centaine   de personnes ont \u00e9t\u00e9 tu\u00e9es, a-t-on appris dimanche aupr\u00e8s de cette association   des droits de l&rsquo;Homme.      \u00ab\u00a0Il faut une enqu\u00eate juste pour d\u00e9terminer les responsabilit\u00e9s dans cette   affaire\u00a0\u00bb, a d\u00e9clar\u00e9 \u00e0 l&rsquo;AFP un membre du FVJ, une des principales   organisations de d\u00e9fense des droits de l&rsquo;Homme au Maroc.      L&rsquo;association avait demand\u00e9 en 2006 au parquet de Casablanca d&rsquo;ouvrir une   enqu\u00eate dans le cadre de la \u00ab\u00a0fin de l&rsquo;impunit\u00e9\u00a0\u00bb, a rappel\u00e9 ce militant, mais   \u00ab\u00a0le parquet n&rsquo;a pas donn\u00e9 suite \u00e0 la requ\u00eate en \u00e9voquant la prescription\u00a0\u00bb,   indique-t-il.      Lors de ces \u00e9meutes de juin 1981, qui avaient \u00e9clat\u00e9 en marge d&rsquo;une gr\u00e8ve   g\u00e9n\u00e9rale contre la hausse des prix \u00e0 l&rsquo;appel des principaux syndicats,   soixante six personnes avaient \u00e9t\u00e9 tu\u00e9es par les forces de l&rsquo;ordre, selon une   source officielle, alors que les syndicats parlaient de \u00ab\u00a0centaines\u00a0\u00bb de   victimes.      En d\u00e9cembre 2005, l&rsquo;Instance Equit\u00e9 et R\u00e9conciliation (IER, charg\u00e9e par le roi   Mohammed VI de r\u00e9gler les graves violations des droits de l&rsquo;Homme entre 1960   et 1999 au Maroc), a annonc\u00e9 la d\u00e9couverte \u00e0 Casablanca d&rsquo;un cimeti\u00e8re   -jusqu&rsquo;ici inconnu du public- o\u00f9 sont inhum\u00e9s 81 \u00e9meutiers dans des tombes   individuelles.      Trente trois autres victimes de ces \u00e9meutes ont \u00e9t\u00e9 retrouv\u00e9es par l&rsquo;IER au \u00ab\u00a0cimeti\u00e8re   des martyrs\u00a0\u00bb, la principale n\u00e9cropole de Casablanca.      En 1981, ces victimes avaient \u00e9t\u00e9 appel\u00e9es les \u00ab\u00a0martyrs de la baguette de   pain\u00a0\u00bb, en allusion \u00e0 la hausse du prix de la farine, denr\u00e9e subventionn\u00e9e \u00e0   l&rsquo;\u00e9poque, contre laquelle ils protestaient.      <font><strong>AFP  \u00a0<\/strong><\/font><\/div>\n<div>\n<hr\/>\n<\/div>\n<div align=\"center\"> <font size=\"3\"> <\/p>\n<h3 style=\"color: blue;\"><font><strong>La seule femme d\u00e9tective du monde arabe voudrait   enqu\u00eater sur le terrorisme<\/strong><\/font><\/h3>\n<p><\/font><\/div>\n<div>\u00a0<\/div>\n<div> <font>Par Sammy KETZ<\/font> <font>CASABLANCA (Maroc), 8 avr 2007 (AFP)<\/font> &#8211; La seule   femme d\u00e9tective priv\u00e9e du monde arabe voudrait d\u00e9sormais devenir agent secret   pour enqu\u00eater sur le terrorisme, car elle trouve \u00ab\u00a0monotone\u00a0\u00bb de courir apr\u00e8s   les adult\u00e8res et les escroqueries.      \u00ab\u00a0Etre la seule d\u00e9tective priv\u00e9e marocaine et arabe c&rsquo;est formidable, mais   aujourd&rsquo;hui, je voudrais int\u00e9grer les services de s\u00e9curit\u00e9 de mon pays pour   traquer le terrorisme\u00a0\u00bb, d\u00e9clare en souriant Myriam Tazi-Marzak.      Cette Franco-Marocaine de 40 ans, m\u00e8re de trois enfants, aime le risque et   consid\u00e8re la curiosit\u00e9 comme une vertu cardinale depuis toujours. Aussit\u00f4t   apr\u00e8s le baccalaur\u00e9at et au grand d\u00e9sespoir de son p\u00e8re, ophtalmologue, elle   refuse de faire des \u00e9tudes de m\u00e9decine et quitte Casablanca pour s&rsquo;engager   dans l&rsquo;arm\u00e9e fran\u00e7aise.      Apr\u00e8s 18 mois sous les drapeaux dans l&rsquo;ouest de la France, elle int\u00e8gre   l&rsquo;Institut de Formation des Agents de Recherches \u00e0 Montpellier (sud) et en   sort quatre ans plus tard avec un dipl\u00f4me de d\u00e9tective, agent de recherches   priv\u00e9es, homologu\u00e9 par l&rsquo;Etat.      \u00ab\u00a0J&rsquo;adorais Sherlock Holmes. Apr\u00e8s l&rsquo;arm\u00e9e, j&rsquo;aurais bien opt\u00e9 pour la police   mais \u00e0 la fin des ann\u00e9es 80 elle n&rsquo;int\u00e9grait pas de binationaux, or ma m\u00e8re   est bretonne et mon p\u00e8re marocain. J&rsquo;ai donc choisi d&rsquo;\u00eatre enqu\u00eatrice priv\u00e9e\u00a0\u00bb,   explique-t-elle.      Elle commence sa carri\u00e8re au minist\u00e8re fran\u00e7ais de la D\u00e9fense, aux   r\u00e9servations dans l&rsquo;agence de voyages qui en d\u00e9pendait. Une couverture bien   s\u00fbr: elle devait examiner si les voyages effectu\u00e9s par les fonctionnaires de   ce minist\u00e8re \u00e9taient en ad\u00e9quation avec leur salaire. \u00ab\u00a0J&rsquo;ai d\u00e9couvert pas mal   de choses\u00a0\u00bb, dit Myriam de mani\u00e8re sibylline.      Et, plus \u00e9nigmatique encore: \u00ab\u00a0J&rsquo;ai \u00e9t\u00e9 embauch\u00e9e sur concours avec trois\u00a0   personnes dans un autre minist\u00e8re, mais je ne peux pas le nommer. J&rsquo;y ai   travaill\u00e9 durant dix ans, officiellement comme secr\u00e9taire de direction\u00a0\u00bb,   raconte-t-elle.      A Paris, elle rencontre son mari qui travaille dans la s\u00e9curit\u00e9 \u00e0 l&rsquo;a\u00e9roport   de Roissy. Pendant six mois, elle n&rsquo;ose pas lui parler de son m\u00e9tier, un   pr\u00e9c\u00e9dent petit ami s&rsquo;\u00e9tant enfui en apprenant qu&rsquo;elle \u00e9tait d\u00e9tective,   confie-t-elle.      Mais en 2002, elle d\u00e9cide de rentrer au Maroc. \u00ab\u00a0Mon p\u00e8re \u00e9tait malade et   j&rsquo;\u00e9tais s\u00e9duite par Sa Majest\u00e9\u00a0\u00bb, Mohammed VI. Elle pr\u00e9sente ses dipl\u00f4mes et,   au terme d&rsquo;une enqu\u00eate de six mois, le minist\u00e8re de l&rsquo;Int\u00e9rieur lui accorde   l&rsquo;unique licence de d\u00e9tective priv\u00e9 du Maroc. Un an plus tard, elle ouvre un   bureau \u00e0 Casablanca.      \u00ab\u00a0Au d\u00e9but, je ne m&rsquo;occupais que d&rsquo;adult\u00e8res. Les femmes venaient me voir car   leur cartomancienne les avait convaincues de l&rsquo;infid\u00e9lit\u00e9 de leur mari, mais   j&rsquo;avais aussi beaucoup d&rsquo;hommes parmi mes clients. J&rsquo;ai \u00e9vit\u00e9 le divorce \u00e0   beaucoup de couples en prouvant que leurs soup\u00e7ons \u00e9taient infond\u00e9s\u00a0\u00bb, explique   Myriam      Peu \u00e0 peu, elle obtient des contrats avec des soci\u00e9t\u00e9s internationales   victimes d&rsquo;ecroqueries diverses: malversations de la part de leur g\u00e9rant,   ch\u00e8ques sans provision&#8230;      \u00ab\u00a0Nous, les femmes, nous avons plus d&rsquo;intuition et de patience que les hommes.   Et nous savons aussi fouiner en faisant marcher notre jugeote\u00a0\u00bb, affirme-t-elle.      Mais aujourd&rsquo;hui, \u00e0 40 ans, elle veut se lancer un nouveau d\u00e9fi. \u00ab\u00a0Je suis   pr\u00eate \u00e0 mettre le voile pour infiltrer les organisations terroristes, \u00e0 me   d\u00e9guiser pour p\u00e9n\u00e9trer les r\u00e9seaux de trafiquants de drogue ou pour traquer la   corruption qui ruine mon pays\u00a0\u00bb.      <font><strong>AFP<\/strong><\/font><\/div>\n<div>\n<hr\/>\n<\/div>\n<div align=\"center\"> <font size=\"3\"><strong>Point de vue   <\/p>\n<h3 style=\"color: blue;\"><font>Islamisme : la lente capitulation<\/font><\/h3>\n<p><\/strong><\/font><\/div>\n<div>  \u00a0<\/div>\n<div> <font>par Henryk M. Broder (*)<\/font>      Le 15 f\u00e9vrier 1987 \u00e9tait un jour ordinaire d&rsquo;hiver allemand, froid, humide et   brumeux. Il n&rsquo;y aurait aucune raison de se souvenir de cette journ\u00e9e si elle   n&rsquo;avait marqu\u00e9 une scission, pour tous impr\u00e9visible il y a vingt ans. La fatwa   contre Salman Rushdie n&rsquo;avait pas encore \u00e9t\u00e9 prononc\u00e9e, la pol\u00e9mique sur les   caricatures n&rsquo;avait pas encore \u00e9clat\u00e9, mais une sorte de pr\u00e9lude aux scandales   \u00e0 venir avait d\u00e9j\u00e0 lieu. Ce qui ne dura que quelques secondes d\u00e9clencha un   s\u00e9isme politique et culturel dont les ondes de choc se ressentent aujourd&rsquo;hui   encore.<\/p>\n<p>   Rudi Carrell (c\u00e9l\u00e8bre animateur de show t\u00e9l\u00e9vis\u00e9), fixant la cam\u00e9ra, lut d&rsquo;une   voix pos\u00e9e une information fictive : \u00ab\u00a0On a f\u00eat\u00e9 cette semaine en Iran le   huiti\u00e8me anniversaire de la r\u00e9volution islamique. L&rsquo;ayatollah Khomeiny est   acclam\u00e9 par le peuple.\u00a0\u00bb L&rsquo;information fut suivie d&rsquo;une br\u00e8ve s\u00e9quence film\u00e9e   montrant le leader de la r\u00e9volution iranienne bombard\u00e9 de soutiens-gorge et de   slips par une foule d&rsquo;admiratrices. Un bon gag audiovisuel, innocent,   inoffensif, sympa. Mais ce qui allait suivre n&rsquo;\u00e9tait ni innocent ni inoffensif,   et moins encore sympa.<\/p>\n<p>   Quinze minutes \u00e0 peine apr\u00e8s l&rsquo;\u00e9mission, l&rsquo;ambassadeur de la R\u00e9publique   islamique se plaignit aupr\u00e8s de la cha\u00eene TV, et communiqua l&rsquo;incident \u00e0   T\u00e9h\u00e9ran. Puis tout s&rsquo;encha\u00eena coup sur coup. T\u00e9h\u00e9ran convoqua l&rsquo;ambassadeur   allemand et exigea que la \u00ab\u00a0monstrueuse offense\u00a0\u00bb ne reste pas sans suite. Des   manifestants d\u00e9fil\u00e8rent devant l&rsquo;ambassade d&rsquo;Allemagne \u00e0 T\u00e9h\u00e9ran, scandant \u00ab\u00a0Mort   au r\u00e9gime fasciste allemand\u00a0\u00bb. Les diplomates allemands en Iran furent invit\u00e9s   \u00e0 quitter le territoire, Iran Airlines suspendit ses vols vers l&rsquo;Allemagne, et   l&rsquo;Institut Goethe toutes ses activit\u00e9s \u00e0 T\u00e9h\u00e9ran.   Conform\u00e9ment \u00e0 la parole du pr\u00e9sident Mao : \u00ab\u00a0Punis-en un, tu en \u00e9duques cent\u00a0\u00bb,   Rudi Carrel, qui ne risqua plus jamais une blague \u00e0 propos d&rsquo;un mollah, ne fut   pas seul \u00e0 \u00eatre mis au pas. Le message fut entendu par l&rsquo;ensemble des milieux   socio-culturels : lorsque deux ans plus tard, en 1989, fut proclam\u00e9e la fatwa   contre Salman Rushdie, et que l&rsquo;ayatollah Khomeiny appela \u00e0 la peine de mort   contre l&rsquo;auteur des Versets sataniques, l&rsquo;attitude de l&rsquo;opinion publique   allemande \u00e9tait d\u00e9j\u00e0 partag\u00e9e. Alors qu&rsquo;une partie des milieux culturels se   solidarisait avec Salman Rushdie, l&rsquo;autre partie jugeait qu&rsquo;il \u00ab\u00a0\u00e9tait all\u00e9   trop loin\u00a0\u00bb, qu&rsquo;il avait \u00ab\u00a0provoqu\u00e9 inutilement\u00a0\u00bb et ne m\u00e9ritait donc aucune   solidarit\u00e9.<\/p>\n<p>   En 1995, alors que la condamnation \u00e0 mort planait toujours sur la t\u00eate de   Salman Rushdie, le Prix pour la paix d\u00e9cern\u00e9 par les libraires allemands fut   attribu\u00e9 \u00e0 la sp\u00e9cialiste en \u00e9tudes islamiques Anne-Marie Schimmel. Les jur\u00e9s   lou\u00e8rent l&rsquo;\u0153uvre consacr\u00e9e au soufisme par cette experte, s&#8217;empressant   d&rsquo;ignorer que cette \u00ab\u00a0fondamentaliste convaincue\u00a0\u00bb avait justifi\u00e9   th\u00e9ologiquement la fatwa contre Salman Rushdie : \u00ab\u00a0D&rsquo;apr\u00e8s la plupart des   \u00e9coles de droit islamiques, l&rsquo;offense au proph\u00e8te est un crime susceptible de   la peine de mort\u00a0\u00bb.<\/p>\n<p>   La pi\u00e8ce \u00ab\u00a0les musulmans offens\u00e9s et nous\u00a0\u00bb continue d&rsquo;\u00eatre jou\u00e9e depuis   vingtans, avec une distribution changeante, mais un sc\u00e9nario invariable : d&rsquo;un   c\u00f4t\u00e9 les croyants bless\u00e9s et outrag\u00e9s qui ne peuvent r\u00e9agir qu&rsquo;en incendiant   des ambassades pour d\u00e9fendre leur honneur, et de l&rsquo;autre les relativistes de   l&rsquo;Occident, embarrass\u00e9s et repentants, qui mettent en sc\u00e8ne le \u00ab\u00a0dialogue des   cultures\u00a0\u00bb comme un soliloque th\u00e9rapeutique : G\u00fcnter Grass, dans un geste de   bonne volont\u00e9 envers les musulmans vivant en Allemagne, propose de transformer   une \u00e9glise en mosqu\u00e9e; Hans-Christian Str\u00f6bele sugg\u00e8re d&rsquo;\u00e9changer un jour   f\u00e9ri\u00e9 de f\u00eate chr\u00e9tienne contre une f\u00eate islamique; Oskar Lafontaine, lui, a   d\u00e9couvert \u00ab\u00a0un grand nombre de d\u00e9nominateurs communs entre la politique de   gauche et la religion islamique\u00a0\u00bb; et \u00e0 Berlin, un tribunal autorise un   islamiste \u00e0 nommer son fils \u00ab\u00a0Djihad\u00a0\u00bb (guerre sainte).   On assiste \u00e0 un lent processus de capitulation devant ce qui semble in\u00e9vitable.   \u00ab\u00a0Ne pas provoquer surtout\u00a0\u00bb, dit le mot d&rsquo;ordre, \u00ab\u00a0les fanatiques pourraient   devenir m\u00e9chants\u00a0\u00bb. Le d\u00e9bat \u00e0 propos des douze caricatures de Mahomet publi\u00e9es   dans le journal danois Jyllands Posten le 30 septembre 2005 montre combien ce   processus a d\u00e9j\u00e0 pris des allures de routine. Pendant que les ambassades   danoises br\u00fblaient \u00e0 Beyrouth et \u00e0 Damas, et que de Londres \u00e0 Islamabad des   manifestants exigeaient la mort des offenseurs, les repr\u00e9sentants de la   soci\u00e9t\u00e9 civile occidentale r\u00e9agissaient comme des promeneurs surpris par la   temp\u00eate.<\/p>\n<p>   L&rsquo;\u00e9ternel G\u00fcnter Grass, toujours au premier rang quand il s&rsquo;agit de condamner   l&rsquo;Ouest pour ses m\u00e9faits, caract\u00e9risa ces exactions de \u00ab\u00a0r\u00e9ponse   fondamentaliste \u00e0 un acte fondamentaliste\u00a0\u00bb. Un score d&rsquo;un contre un donc dans   la rencontre internationale de deux \u00e9quipes de \u00ab\u00a0fondamentalistes\u00a0\u00bb, dont l&rsquo;une   avait livr\u00e9 au monde quelques caricatures, et l&rsquo;autre avait r\u00e9agi en r\u00e9pandant   \u00e0 travers le village global comme une tra\u00een\u00e9e de poudre. Fritz Kuhn, chef des   Verts, d\u00e9clara que le moment \u00e9tait venu de parler \u00ab\u00a0du rapport entre la libert\u00e9   d&rsquo;opinion et la responsabilit\u00e9 qui en r\u00e9sulte\u00a0\u00bb, car \u00ab\u00a0certaines personnes se   sentent stigmatis\u00e9es par les caricatures. Moi, elles m&rsquo;ont rappel\u00e9 les dessins   anti-juifs de l&rsquo;\u00e9poque d&rsquo;Hitler avant 1939\u00a0\u00bb.   Une phrase par laquelle Fritz Kuhn, n\u00e9 en 1955, d\u00e9montre surtout qu&rsquo;il n&rsquo;a   jamais regard\u00e9 assez attentivement les dessins antis\u00e9mites d&rsquo;avant 1939. Et le   d\u00e9put\u00e9 CDU Eckart von Klaeden mit en garde \u00e0 son tour, apr\u00e8s que des   manifestants de T\u00e9h\u00e9ran avaient attaqu\u00e9 la repr\u00e9sentation diplomatique   autrichienne avec des bombes incendiaires : \u00ab\u00a0Nous ne devons pas contribuer \u00e0   une aggravation de la situation.\u00a0\u00bb Toute l&rsquo;Europe \u00e9tait en proie \u00e0 une \u00e9pid\u00e9mie   de folie : la firme dano-su\u00e9doise Arla-Foods, qui exporte une part de ses   produits dans les pays musulmans, d\u00e9clara dans une campagne d&rsquo;annonces lanc\u00e9e   dans vingt-cinq des plus importants journaux arabes se dissocier des   caricatures de Mahomet. Le ministre des affaires \u00e9trang\u00e8res de   Grande-Bretagne, Jack Straw, qualifia la publication des caricatures   d'\u00a0\u00bbinutile, insensible, irrespectueuse et fausse\u00a0\u00bb.<\/p>\n<p>   Le message fut entendu : lorsqu&rsquo;on demanda \u00e0 l&rsquo;artiste Hans Haacke pourquoi il   n&rsquo;existait de lui aucune \u0153uvre \u00ab\u00a0traitant du r\u00f4le de l&rsquo;islam\u00a0\u00bb, il d\u00e9clara : \u00ab\u00a0Ce   n&rsquo;est pas pr\u00e8s d&rsquo;arriver. La relation \u00e0 l&rsquo;islam me semble si complexe et   explosive que je n&rsquo;ose l&rsquo;aborder.\u00a0\u00bb Et il ajouta que son attitude n&rsquo;\u00e9tait pas \u00ab\u00a0l\u00e2che\u00a0\u00bb,   mais \u00ab\u00a0sage\u00a0\u00bb.<\/p>\n<p>   L&rsquo;artiste Gregor Schneider, quant \u00e0 lui, apr\u00e8s s&rsquo;\u00eatre vu interdire la   pr\u00e9sentation de son \u00ab\u00a0cube\u00a0\u00bb, qui rappelle la Kaaba de La Mecque, \u00e0 Berlin et   Venise parce que les organisateurs redoutaient la terreur islamiste, prit   d&#8217;embl\u00e9e toutes les pr\u00e9cautions \u00e0 Hambourg. Dans l&rsquo;\u00e9mission \u00ab\u00a0Kulturzeit\u00a0\u00bb sur   la cha\u00eene 3Sat, on commenta ainsi la d\u00e9marche de Gregor Schneider : \u00ab\u00a0Afin de   pr\u00e9venir toutes protestations \u00e9ventuelles, l&rsquo;exposition a \u00e9t\u00e9 pr\u00e9alablement   pr\u00e9par\u00e9e avec les repr\u00e9sentants des communaut\u00e9s musulmanes.\u00a0\u00bb Sur quoi le   pr\u00e9sentateur de \u00ab\u00a0Kulturzeit\u00a0\u00bb demanda, sans le moindre froncement de sourcils,   s&rsquo;il fallait admettre une obligation de b\u00e9n\u00e9diction \u00ab\u00a0pr\u00e9alable\u00a0\u00bb par les   repr\u00e9sentants des religions concern\u00e9es pour tous les objets d&rsquo;art traitant de   la foi. La r\u00e9ponse \u00e9tait si claire que la question s&rsquo;av\u00e9rait superflue.<\/p>\n<p>   Traduction Monique Rival \u00a9 Syndicate New York Times\/ Der Spiegel.    <font>(*) Henryk M. Broder, \u00e9crivain et journaliste \u00e0 \u00ab\u00a0Der   Spiegel\u00a0\u00bb<\/font><\/p>\n<\/div>\n<div> <font><strong>(Source : \u00ab Le Monde \u00bb (Quotidien \u2013 France), le   9 avril 2007)<\/strong><\/font><\/div>\n<div>\n<hr\/>\n<\/div>\n<div align=\"center\"> <b><font>Reportage   <\/font><\/b><font size=\"3\"><strong>A Victory Base, plan\u00e8te \u00e0   part, loin du chaos de Bagdad<\/strong><\/font><\/div>\n<div>  \u00a0<\/div>\n<div> <font>BAGDAD ENVOY\u00c9 SP\u00c9CIAL<\/font>      \u00ab C\u00e9l\u00e9brer le 9 avril ? Mais c&rsquo;est quoi le 9 avril ? Quelqu&rsquo;un sait-il ici ce   qui s&rsquo;est pass\u00e9 le 9 avril ?\u00a0\u00bb G\u00e9ographiquement, nous sommes en Irak, sur   l&rsquo;immense base am\u00e9ricaine dite \u00ab\u00a0de la Victoire\u00a0\u00bb, pr\u00e8s de l&rsquo;a\u00e9roport de Bagdad.   Dans la salle de conf\u00e9rences du 1er r\u00e9giment de cavalerie, 2e division   d&rsquo;infanterie de l&rsquo;US Army, un soldat sur les cinq pr\u00e9sents a souri. Les autres,   m\u00eame le capitaine Rindahl, le gentil chapelain de l&rsquo;unit\u00e9, s\u00e8chent. \u00ab\u00a0Mais   enfin, les gars, s&rsquo;\u00e9nerve le caporal John Androsky, c&rsquo;est ce jour-l\u00e0, il y a   quatre ans, qu&rsquo;on a renvers\u00e9 Saddam Hussein !\u00a0\u00bb Ah, c&rsquo;est vrai, ils se   souviennent maintenant.   Ils s&rsquo;excusent, ils demandent qu&rsquo;on ne leur en veuille pas. Ils ont 20-22 ans.   Certains en sont \u00e0 leur second ou troisi\u00e8me s\u00e9jour, mais la plupart n&rsquo;\u00e9taient   pas l\u00e0 en 2003. Et puis rien, absolument rien, ce 9 avril \u00e0 Victory Base, ne   pouvait leur rappeler cette \u00ab\u00a0victoire\u00a0\u00bb, trop vite annonc\u00e9e par George Bush,   leur \u00ab\u00a0commandant en chef\u00a0\u00bb, d\u00e8s mai 2003. Puis discr\u00e8tement remis\u00e9e aux   oubliettes.   La victoire ? La plupart de ceux \u00e0 qui nous avons pos\u00e9 la question n&rsquo;y croient   plus. Les mieux inform\u00e9s confient un peu \u00e0 voix basse qu'\u00a0\u00bbon a fait trop de   b\u00eatises\u00a0\u00bb, que \u00ab\u00a0c&rsquo;est sans doute trop tard\u00a0\u00bb, qu'\u00a0\u00bbon peut juste essayer de   sauver les meubles\u00a0\u00bb. D&rsquo;autres laissent clairement entendre qu&rsquo;ils s&rsquo;en moquent,   que \u00ab\u00a0c&rsquo;est l&rsquo;affaire\u00a0\u00bb des Irakiens, \u00ab\u00a0c&rsquo;est leur pays\u00a0\u00bb.   Beaucoup accusent les Irakiens de faire le malheur de l&rsquo;Irak. \u00ab\u00a0On les a   lib\u00e9r\u00e9s, on leur a donn\u00e9 la d\u00e9mocratie, ils pr\u00e9f\u00e8rent s&rsquo;entre-tuer. Tant pis   pour eux !\u00a0\u00bb   Bienvenue \u00e0 \u00ab\u00a0la\u00a0\u00bb base, bienvenue dans une cit\u00e9 de 50 000 \u00e2mes qui n&rsquo;existait   pas il y a quatre ans et qui cerne aujourd&rsquo;hui pratiquement l&rsquo;a\u00e9roport. La   cit\u00e9 est poussi\u00e9reuse, mais parfaitement rang\u00e9e derri\u00e8re ses centaines de   kilom\u00e8tres de murailles antibombes qui serpentent partout entre les all\u00e9es,   les blocs de tentes collectives \u00e0 air conditionn\u00e9, les enfilades de bureaux,   les ateliers, les salles de conf\u00e9rence, etc. Avec ses alignements de   pr\u00e9fabriqu\u00e9s, ses immenses restaurants, ses rues et avenues rectilignes, ses   caf\u00e9s Internet, son Pizza Hut, son Burger King, Victory Base ressemble \u00e0 un   Lego g\u00e9ant.   La base poss\u00e8de aussi trois \u00ab\u00a0gouverneurs\u00a0\u00bb, des \u00ab\u00a0maires\u00a0\u00bb en uniforme et des   milliers de serviteurs indiens et irakiens, invit\u00e9s, par de grands panneaux, \u00e0   \u00ab\u00a0ne pas poss\u00e9der de t\u00e9l\u00e9phone cellulaire ou d&rsquo;autres engins \u00e9lectroniques\u00a0\u00bb.   Les contrevenants risquent gros et il est fermement conseill\u00e9 aux habitants   am\u00e9ricains de la base de \u00ab\u00a0rapporter \u00e0 qui de droit toute violation\u00a0\u00bb de la   r\u00e8gle. Victory Base est une plan\u00e8te \u00e0 part. A 15 km seulement de Bagdad, mais   \u00e0 des ann\u00e9es-lumi\u00e8re des tueries, de la mis\u00e8re et du chaos qui s\u00e9vissent \u00ab\u00a0l\u00e0-bas\u00a0\u00bb,   dans l&rsquo;autre monde, cette \u00ab\u00a0zone rouge\u00a0\u00bb que la plupart des \u00ab\u00a0boys\u00a0\u00bb n&rsquo;apercevront   jamais que sur l&rsquo;\u00e9cran de contr\u00f4le d&rsquo;un engin de guerre ou \u00e0 travers la   lunette d&rsquo;un fusil M 16.   Le g\u00e9n\u00e9ral Qassim Atta Al-Moussaoui est un homme jeune, affable, moustachu,   mince et souriant. Il est le porte-parole officiel irakien de l&rsquo;op\u00e9ration \u00ab\u00a0Restaurer   la loi\u00a0\u00bb, qui a commenc\u00e9 \u00e0 Bagdad le 14 f\u00e9vrier et dont l&rsquo;objectif est de   s\u00e9curiser une dizaine de quartiers particuli\u00e8rement touch\u00e9s par les violences   en y stationnant des troupes conjointes, irakiennes et am\u00e9ricaines.   A la veille du 9 avril, dans un bureau de cette autre et surr\u00e9elle plan\u00e8te   appel\u00e9e \u00ab\u00a0zone verte\u00a0\u00bb &#8211; et qui n&rsquo;est plus tout \u00e0 fait inviolable puisqu&rsquo;elle a   \u00e9t\u00e9 attaqu\u00e9e, au mortier et autres engins, une demi-douzaine de fois durant   les sept derniers jours de mars -, le g\u00e9n\u00e9ral informait des derniers   \u00e9v\u00e9nements. Un \u00ab\u00a0point presse\u00a0\u00bb bien organis\u00e9 en dit parfois beaucoup plus sur   un conflit en cours que des envol\u00e9es lyriques.   Tenue de camouflage, b\u00e9ret noir et dents blanches comme pour une publicit\u00e9, le   militaire a donc donn\u00e9 des nouvelles de la guerre, sur ce ton poli et formel   qu&rsquo;on utilise assez peu \u00e0 Victory Base.   \u00ab\u00a0Agissant sur renseignements, nos forces arm\u00e9es ont proc\u00e9d\u00e9, le 6 avril, \u00e0 un   raid sur la maison de Monsieur le d\u00e9put\u00e9 Mohammed Khalaf Al-Ayalan, a-t-il   expliqu\u00e9. Nous avons saisi chez lui 33 fusils d&rsquo;assaut AK 47 (kalachnikov), 2   mitrailleuses, un fusil d&rsquo;assaut de fabrication isra\u00e9lienne, 3 pistolets, 2 kg   de TNT et des munitions en quantit\u00e9. Nous avons arr\u00eat\u00e9 12 personnes qui se   trouvaient l\u00e0.\u00a0\u00bb   Le d\u00e9put\u00e9 Mohammed Khalaf n&rsquo;\u00e9tait pas pr\u00e9sent. Depuis, il a disparu. Grosse   affaire, dont la presse locale va faire ses choux gras. L&rsquo;int\u00e9ress\u00e9 est un des   \u00e9lus du Front de la concorde, la principale organisation politique sunnite,   que beaucoup de chiites accusent d&rsquo;entretenir des complicit\u00e9s coupables avec   les insurg\u00e9s.   Le \u00ab\u00a0g\u00e9n\u00e9ral souriant\u00a0\u00bb reprend. \u00ab\u00a0Depuis le 27 mars, au total, nos hommes ont   abattu 27 terroristes. Nous en avons captur\u00e9 232 autres et arr\u00eat\u00e9 436 suspects,   gr\u00e2ce \u00e0 des d\u00e9nonciations de bons citoyens. Au fil de nos op\u00e9rations de   nettoyage dans les quartiers de Bagdad, nous avons pu lib\u00e9rer 26 personnes qui   avaient \u00e9t\u00e9 kidnapp\u00e9es. Nous avons saisi 518 armes diverses, 118 engins   explosifs, 10 v\u00e9hicules pi\u00e9g\u00e9s dont deux motocyclettes, 75 d\u00e9tonateurs, 256 kg   de TNT et 67 cagoules\u00a0\u00bb, du mod\u00e8le de celles utilis\u00e9es par les insurg\u00e9s   sunnites et certains miliciens chiites.   Autour de la table, face au g\u00e9n\u00e9ral, un journaliste irakien s&rsquo;\u00e9nerve. \u00ab\u00a0Dans le   seul quartier central d&rsquo;Al-Karkh, au centre-ville, 15 journalistes ont \u00e9t\u00e9   tu\u00e9s. Que comptez-vous faire pour nous prot\u00e9ger ?\u00a0\u00bb, demande-t-il. R\u00e9ponse : \u00ab\u00a0Nous   essayons de prot\u00e9ger tout le monde, mais il nous reste beaucoup \u00e0 faire pour   ramener la paix \u00e0 Bagdad.\u00a0\u00bb   Un autre confr\u00e8re : \u00a0\u00bb Plusieurs quartiers du sud de la ville sont bombard\u00e9s   tous les jours au mortier. Pourquoi n&rsquo;\u00eates-vous pas pr\u00e9sents l\u00e0-bas ?\u00a0\u00bb Les   zones en cause sont majoritairement sunnites, le g\u00e9n\u00e9ral est chiite. Ce   dernier a compris le sens cach\u00e9 de la question, mais il garde le sourire et   formule la m\u00eame r\u00e9ponse : \u00ab\u00a0Patience, patience. Nous avons commenc\u00e9 il y a sept   semaines \u00e0 peine et, d\u00e9j\u00e0, Ghazaliya (quartier de l&rsquo;ouest de la capitale) est   plus calme qu&rsquo;avant.\u00a0\u00bb  <\/p>\n<p>   Patrice Claude   <font><strong>(Source : \u00ab Le Monde \u00bb (Quotidien \u2013 France), le   11 avril 2007)<\/strong><\/font><\/p>\n<\/div>\n<hr\/>\n<p align=\"center\"><b><a href=\"http:\/\/www.tunisnews.net\"><font face=\"Arabic Transparent\"><span><font>Home<\/font><\/span><font><span lang=\"FR-CH\"> &#8211; Accueil <\/span><span>&#8211; <\/span><\/font><\/font><span dir=\"rtl\" lang=\"AR-SA\"><font>\u0627\u0644\u0631\u0626\u064a\u0633\u064a\u0629<\/font><\/span><\/a><\/b><\/p>\n<p><\/body><\/body><\/html><\/p>\n","protected":false},"excerpt":{"rendered":"<p>Home &#8211; Accueil &#8211; \u0627\u0644\u0631\u0626\u064a\u0633\u064a\u0629 TUNISNEWS 7\u00a0\u00e8me\u00a0ann\u00e9e, N\u00b0\u00a02513 du 10.04.2007 \u00a0archives : www.tunisnews.net \u00a0 AP: Tunisie: la Banque mondiale lance des consultations pour lutter contre la corruption Yahyaoui Mokhtar: Martyrs de l\u2019occupation et de la dictature Mourad Regaya: Y AURAIT-IL UNE POLICE ACADEMIQUE\u00a0\u00bbsous couvert pseudo-scientifique\u00a0\u00bbau sein de l&rsquo;universit\u00e9 Tunisienne??? Omar Khayyam: Zaba parle enfin &#8211; [&hellip;]<\/p>\n","protected":false},"author":1,"featured_media":22040,"comment_status":"open","ping_status":"open","sticky":false,"template":"","format":"standard","meta":{"inline_featured_image":false,"site-sidebar-layout":"default","site-content-layout":"","ast-site-content-layout":"default","site-content-style":"default","site-sidebar-style":"default","ast-global-header-display":"","ast-banner-title-visibility":"","ast-main-header-display":"","ast-hfb-above-header-display":"","ast-hfb-below-header-display":"","ast-hfb-mobile-header-display":"","site-post-title":"","ast-breadcrumbs-content":"","ast-featured-img":"","footer-sml-layout":"","ast-disable-related-posts":"","theme-transparent-header-meta":"","adv-header-id-meta":"","stick-header-meta":"","header-above-stick-meta":"","header-main-stick-meta":"","header-below-stick-meta":"","astra-migrate-meta-layouts":"default","ast-page-background-enabled":"default","ast-page-background-meta":{"desktop":{"background-color":"","background-image":"","background-repeat":"repeat","background-position":"center center","background-size":"auto","background-attachment":"scroll","background-type":"","background-media":"","overlay-type":"","overlay-color":"","overlay-opacity":"","overlay-gradient":""},"tablet":{"background-color":"","background-image":"","background-repeat":"repeat","background-position":"center center","background-size":"auto","background-attachment":"scroll","background-type":"","background-media":"","overlay-type":"","overlay-color":"","overlay-opacity":"","overlay-gradient":""},"mobile":{"background-color":"","background-image":"","background-repeat":"repeat","background-position":"center center","background-size":"auto","background-attachment":"scroll","background-type":"","background-media":"","overlay-type":"","overlay-color":"","overlay-opacity":"","overlay-gradient":""}},"ast-content-background-meta":{"desktop":{"background-color":"var(--ast-global-color-5)","background-image":"","background-repeat":"repeat","background-position":"center center","background-size":"auto","background-attachment":"scroll","background-type":"","background-media":"","overlay-type":"","overlay-color":"","overlay-opacity":"","overlay-gradient":""},"tablet":{"background-color":"var(--ast-global-color-5)","background-image":"","background-repeat":"repeat","background-position":"center center","background-size":"auto","background-attachment":"scroll","background-type":"","background-media":"","overlay-type":"","overlay-color":"","overlay-opacity":"","overlay-gradient":""},"mobile":{"background-color":"var(--ast-global-color-5)","background-image":"","background-repeat":"repeat","background-position":"center center","background-size":"auto","background-attachment":"scroll","background-type":"","background-media":"","overlay-type":"","overlay-color":"","overlay-opacity":"","overlay-gradient":""}},"footnotes":""},"categories":[],"tags":[56,38,29],"class_list":["post-18257","post","type-post","status-publish","format-standard","has-post-thumbnail","hentry","tag-56","tag-38","tag-fr"],"_links":{"self":[{"href":"https:\/\/tunisnews.net\/ar\/wp-json\/wp\/v2\/posts\/18257","targetHints":{"allow":["GET"]}}],"collection":[{"href":"https:\/\/tunisnews.net\/ar\/wp-json\/wp\/v2\/posts"}],"about":[{"href":"https:\/\/tunisnews.net\/ar\/wp-json\/wp\/v2\/types\/post"}],"author":[{"embeddable":true,"href":"https:\/\/tunisnews.net\/ar\/wp-json\/wp\/v2\/users\/1"}],"replies":[{"embeddable":true,"href":"https:\/\/tunisnews.net\/ar\/wp-json\/wp\/v2\/comments?post=18257"}],"version-history":[{"count":0,"href":"https:\/\/tunisnews.net\/ar\/wp-json\/wp\/v2\/posts\/18257\/revisions"}],"wp:featuredmedia":[{"embeddable":true,"href":"https:\/\/tunisnews.net\/ar\/wp-json\/wp\/v2\/media\/22040"}],"wp:attachment":[{"href":"https:\/\/tunisnews.net\/ar\/wp-json\/wp\/v2\/media?parent=18257"}],"wp:term":[{"taxonomy":"category","embeddable":true,"href":"https:\/\/tunisnews.net\/ar\/wp-json\/wp\/v2\/categories?post=18257"},{"taxonomy":"post_tag","embeddable":true,"href":"https:\/\/tunisnews.net\/ar\/wp-json\/wp\/v2\/tags?post=18257"}],"curies":[{"name":"wp","href":"https:\/\/api.w.org\/{rel}","templated":true}]}}