{"id":18220,"date":"2011-10-20T00:00:00","date_gmt":"2011-10-20T00:00:00","guid":{"rendered":"https:\/\/tunisnews.net\/20-octobre-2011\/"},"modified":"2011-10-20T00:00:00","modified_gmt":"2011-10-20T00:00:00","slug":"20-octobre-2011","status":"publish","type":"post","link":"https:\/\/tunisnews.net\/ar\/20-octobre-2011\/","title":{"rendered":"20 octobre 2011"},"content":{"rendered":"<p><html><head><meta content=\"text\/html\" description=\"Cet appel a \u00e9t\u00e9 envoy\u00e9 \u00e0 un large \u00e9ventail de listes des \n\t\t\t\t\tdiff\u00e9rentes circonscriptions, en particulier celles \u00e9manant \n\t\t\t\t\tde partis politiques existant avant le 14 janvier ainsi que \n\t\t\t\t\tquelques listes de d\u00e9mocrates. Nous leur avions alors \n\t\t\t\t\tdemand\u00e9 de se prononcer publiquement pour demander la \n\t\t\t\t\tren\u00e9gociation des accords entre la Tunisie et l\u2019Europe sur \n\t\t\t\t\tla question des migrations et de soutenir l\u2019appel, \n\t\t\t\t\tci-dessous, adopt\u00e9 unanimement lors des assises de \n\t\t\t\t\tl\u2019immigration tenues le samedi 7 mai 2011 \u00e0 l\u2019Universit\u00e9 \n\t\t\t\t\tParis VIII Saint-Denis. \" http-equiv=\"Content-Type\"\/><\/head><body><body><\/p>\n<div>\n<p align=\"center\"><font><strong><font face=\"Calibri\" size=\"2\"><font><font><span dir=\"rtl\" lang=\"AR-SA\"><font>\u0641\u064a<\/font><\/span><font><span lang=\"AR-SA\"><\/span><span dir=\"rtl\" lang=\"AR-SA\">\u0643\u0644<\/span><span lang=\"AR-SA\"> <\/span><span dir=\"rtl\" lang=\"AR-SA\">\u064a\u0648\u0645<\/span>\u060c<span dir=\"rtl\" lang=\"AR-SA\">\u0646\u0633\u0627\u0647\u0645 \u0628\u062c\u0647\u062f\u0646\u0627 \u0641\u064a<\/span><span lang=\"AR-SA\"> <\/span><span dir=\"rtl\" lang=\"AR-SA\">\u062a\u0642\u062f\u064a\u0645<\/span><span dir=\"rtl\" lang=\"AR-SA\">\u0625\u0639\u0644\u0627\u0645 \u0623\u0641\u0636\u0644 \u0648\u0623\u0631\u0642\u0649 \u0639\u0646<\/span><span lang=\"AR-SA\"><\/span><span dir=\"rtl\" lang=\"AR-SA\">\u0628\u0644\u062f\u0646\u0627\u060c<\/span><\/font><span lang=\"AR-SA\"><font><\/font><\/span><\/font>\u062a\u0648\u0646\u0633  <\/font><\/font><\/strong><\/font><span><strong><font face=\"Calibri\" size=\"2\">Un effort quotidien pour une information de qualit\u00e9 sur notre pays, la Tunisie. <span lang=\"EN-US\">Everyday, we contribute to <\/span>a<span lang=\"AR-SA\">better information about <\/span><span lang=\"EN-US\">our country, Tunisia<\/span><\/font><\/strong><\/span><\/p>\n<div align=\"center\" dir=\"ltr\"><font face=\"Bookman Old Style\" size=\"7\"><strong>TUNISNEWS <\/strong><\/font><\/div>\n<div align=\"center\" dir=\"ltr\"><strong><font face=\"Arial\" size=\"2\">11 \u00e8me ann\u00e9e, N\u00b04130 du 20.10.2011<\/font><\/strong><\/div>\n<div align=\"center\" dir=\"ltr\"><font face=\"Arial\" size=\"2\"><strong>archives : <\/strong><\/font><a rel=\"nofollow\"><font face=\"Arial\" size=\"2\"><strong>www.tunisnews.net<\/strong><\/font><\/a><span lang=\"FR\"><strong><font face=\"Arial\" size=\"2\"><\/font><\/strong><\/span><\/div>\n<p><font><\/p>\n<div dir=\"ltr\">\u00a0<\/div>\n<p><\/font><\/p>\n<p><font><\/p>\n<div dir=\"ltr\"><strong><font face=\"Arial\" size=\"2\"><\/p>\n<hr\/>\n<p><\/font><\/strong><\/div>\n<div>\n<p><p><font face=\"Arial\" size=\"2\"><strong>Listes soutenant l&rsquo;appel pour la ren\u00e9gociation des accords entre la Tunisie et l\u2019Europe sur la question des migrations<\/strong><\/font><\/p>\n<\/p>\n<\/div>\n<div>\n<p><font face=\"Arial\" size=\"2\"><strong>PDP pour la circonscription des Am\u00e9riques et le reste de l\u2019Europe: Communiqu\u00e9 de presse<\/strong><\/font><\/p>\n<\/div>\n<div>\n<p><h2 style=\"color: red;\"><font face=\"Arial\" size=\"2\"><strong>AP: Elections en Tunisie: le parti islamiste Ennehdha met en garde contre d&rsquo;\u00e9ventuelles fraudes<\/strong><\/font><\/h2>\n<\/p>\n<\/div>\n<div>\n<p><font face=\"Arial\" size=\"2\"><strong>Reuters: Mise en garde en Tunisie d&rsquo;Ennahda en cas de fraude \u00e9lectorale<\/strong><\/font><\/p>\n<\/div>\n<div>\n<p><h2 style=\"color: red;\"><font face=\"Arial\" size=\"2\"><strong>Reuters: La Tunisie la\u00efque se heurte au retour des islamistes<\/strong><\/font><\/h2>\n<\/p>\n<\/div>\n<div>\n<p><font face=\"Arial\" size=\"2\"><strong>Espace Manager: Tunisie : Nejib Chebbi optimiste sur les chances de son parti<\/strong><\/font><\/p>\n<\/div>\n<div>\n<p><h2 style=\"color: red;\"><font face=\"Arial\" size=\"2\"><strong>Kapitalis: Tunisie. Elie Trabelsi, second candidat juif \u00e0 la Constituante tunisienne<\/strong><\/font><\/h2>\n<\/p>\n<\/div>\n<div>\n<p><font face=\"Arial\" size=\"2\"><strong>Le Monde.fr: Hamadi Jebali : &lsquo;L\u00a0\u00bbessentiel est de respecter les libert\u00e9s\u00a0\u00bb<\/strong><\/font><\/p>\n<\/div>\n<div>\n<p><h2 style=\"color: red;\"><font face=\"Arial\" size=\"2\"><strong>courrier international: L\u2019information \u201cmade in Tunis\u201d<\/strong><\/font><\/h2>\n<\/p>\n<\/div>\n<div>\n<p><font face=\"Arial\" size=\"2\"><strong>Aida BOUCHADAKH: Ne ratons pas notre rendez vous avec l\u2019Histoire : votons massivement<\/strong><\/font><\/p>\n<\/div>\n<p><\/font><\/p>\n<div>\n<div>\n<div>\n<div>\n<div>\n<hr\/>\n<\/div>\n<p align=\"center\"><b><span><\/p>\n<p><font face=\"Arial\">Listes soutenant l&rsquo;appel pour la ren\u00e9gociation des accords entre la Tunisie et l\u2019Europe sur la question des migrations<\/font><\/p>\n<p><\/span><\/b><\/p>\n<p align=\"center\"><b><span><\/span><\/b><\/p>\n<hr\/>\n<p>\u00a0<\/p>\n<p><font face=\"Arial\"><span><font>par<\/font><\/span><font><\/font><span><font><a href=\"http:\/\/www.facebook.com\/profile.php?id=100002092950329\" rel=\"nofollow noopener\" target=\"_blank\"><font>Assises De L&rsquo;immigration Tunisienne<\/font><\/a><font>, mercredi 19 octobre 2011, 12:10<\/font><\/font><\/span><\/font><\/p>\n<p><b><font face=\"Arial\">Appel aux listes candidates aux \u00e9lections \u00e0 l\u2019Assembl\u00e9e Nationale Constituante dans les six circonscriptions de l\u2019\u00e9tranger<\/font><\/b><\/p>\n<p><span><font face=\"Arial\">\u00ab Pour une ren\u00e9gociation des accords entre la Tunisie et l\u2019Europe sur la question des migrants \u00bb<\/font><\/span><\/p>\n<p><span><font face=\"Arial\">Cet appel a \u00e9t\u00e9 envoy\u00e9 \u00e0 un large \u00e9ventail de listes des diff\u00e9rentes circonscriptions, en particulier celles \u00e9manant de partis politiques existant avant le 14 janvier ainsi que quelques listes de d\u00e9mocrates. Nous leur avions alors demand\u00e9 de se prononcer publiquement pour demander la ren\u00e9gociation des accords entre la Tunisie et l\u2019Europe sur la question des migrations et de soutenir l\u2019appel, ci-dessous, adopt\u00e9 unanimement lors des assises de l\u2019immigration tenues le samedi 7 mai 2011 \u00e0 l\u2019Universit\u00e9 Paris VIII Saint-Denis. <\/font><\/span><\/p>\n<p><i><span><font face=\"Arial\">A ce jour nous avons re\u00e7u les r\u00e9ponses suivantes :<\/font><\/span><\/i><\/p>\n<p><font face=\"Arial\"><font>\u00a7 <\/font><i><font><span>Chedly Zaidi de la liste du<\/span> <b>Mouvement des Patriotes D\u00e9mocrates<\/b><\/font><span><font>France 1<\/font><\/span><\/i><\/font><\/p>\n<p><font face=\"Arial\"><font>\u00a7 <\/font><i><font><span>Najet Hadriche de la liste du<\/span> <b>Mouvement des D\u00e9mocrates Patriotes<\/b><\/font><span><font>France 2<\/font><\/span><\/i><\/font><\/p>\n<p><font face=\"Arial\"><font>\u00a7 <\/font><i><font><span>Tarek Benhiba de la liste ind\u00e9pendante des<\/span> <b>Associatifs de l&rsquo;Immigration Tunisienne <\/b><\/font><span><font>France 1<\/font><\/span><\/i><\/font><\/p>\n<p><font face=\"Arial\"><font>\u00a7 <\/font><i><font><span>Houcine Bardi de la liste du Parti du Travail Tunisien<\/span><b>(PTT)<\/b> <\/font><span><font>France 1<\/font><\/span><\/i><\/font><\/p>\n<p><font face=\"Arial\"><font>\u00a7 <\/font><i><font><span>Tarek Toukabri de la liste du<\/span> <b>PDP<\/b> <\/font><span><font>France 1<\/font><\/span><\/i><\/font><\/p>\n<p><font face=\"Arial\"><font>\u00a7 <\/font><i><font><span>Slim Ben Abdessalem : pour les 6 listes des Tunisens \u00e0 l&rsquo; Etranger du mouvement<\/span> <\/font><b><font>Ettakatol<\/font><\/b><\/i><\/font><\/p>\n<p><font face=\"Arial\"><font>\u00a7 <\/font><i><font><span>Adel Thabet de la liste du<\/span> <b>PCOT<\/b> <\/font><span><font>FRANCE 1<\/font><\/span><\/i><\/font><\/p>\n<p><font face=\"Arial\"><font>\u00a7 <\/font><i><font><span>Samir Hamouda de la liste<\/span> <b>PCOT<\/b> <\/font><span><font>France 2<\/font><\/span><\/i><\/font><\/p>\n<p><font face=\"Arial\"><font>\u00a7 <\/font><i><font><span>Yassine Ayari de la liste<\/span> <\/font><b><font>Tunisie Verte<\/font><\/b><\/i><\/font><\/p>\n<p><font face=\"Arial\"><font>\u00a7 <\/font><i><font><span>Najet M\u2019hamedi Mizouni de la liste ind\u00e9pendante<\/span> <b>Tous Ensemble Pour La Tunisie<\/b> <\/font><span><font>France 1<\/font><\/span><\/i><\/font><\/p>\n<p><font face=\"Arial\"><i><u><span><font>Pour leur part Le Pole d\u00e9mocratique et moderniste<\/font><\/span><font><b>(PDM<\/b><span>) et le Congr\u00e8s Pour la R\u00e9publique<\/span> <b>(CPR)<\/b><\/font><span><font>n&rsquo;ont pas donn\u00e9 de r\u00e9ponse malgr\u00e9 plusieurs interpellations<\/font><\/span><\/u><\/i><\/font><\/p>\n<p><font face=\"Arial\"><i><u><span><font>Le mouvement<\/font><\/span><font><b>Ennahdha<\/b> <\/font><span><font>r\u00e9serve sa r\u00e9ponse pour apr\u00e8s les Elections<\/font><\/span><\/u><\/i><\/font><\/p>\n<p>\u00a0<\/p>\n<div>\n<hr\/>\n<\/div>\n<div>\u00a0<\/div>\n<div align=\"center\"><font face=\"Arial\" size=\"2\"><strong>Les Tunisiens r\u00e9sidants dans la circonscription des Am\u00e9riques et le reste de l&rsquo;Europe sont appel\u00e9s aux urnes le 20, 21 et 22 octobre 2011<\/strong> <\/font><\/div>\n<div align=\"center\">\u00a0<\/div>\n<div align=\"center\">\n<h2 style=\"color: red;\"><font face=\"Arial\"><strong>Communiqu\u00e9 de presse<\/strong><\/font><\/h2>\n<\/div>\n<div align=\"center\">\u00a0<\/div>\n<div align=\"center\"><font face=\"Arial\" size=\"2\"><strong>Pour diffusion imm\u00e9diate<\/strong><\/font><\/div>\n<div align=\"center\">\n<hr\/>\n<\/div>\n<div>\u00a0<\/div>\n<div>\u00a0<\/div>\n<div><font face=\"Arial\" size=\"2\">Bruxelles, le 19 Octobre 2011, Les Tunisiens r\u00e9sidants dans <\/font><\/div>\n<div><font face=\"Arial\" size=\"2\">la circonscription des Am\u00e9riques et le reste de l&rsquo;Europe sont appel\u00e9s aux urnes le 20, 21 et 22 octobre 2011 pour choisir leurs repr\u00e9sentants \u00e0 l\u2019Assembl\u00e9e nationale constituante. Il est important de noter que la date du 23 octobre n\u2019est pas la date de vote des ressortissants tunisiens \u00e0 l\u2019\u00e9tranger. Vous \u00eates donc invit\u00e9s \u00e0 visiter la page de l\u2019IRIE Am\u00e9riques et le reste de l\u2019Europe https:\/\/www.facebook.com\/irie.amerqiues.europe o\u00f9 des informations concernant les modalit\u00e9s de vote, les lieux, etc. seront communiqu\u00e9s et actualis\u00e9.<\/font><\/div>\n<div>\u00a0<\/div>\n<div><font face=\"Arial\" size=\"2\">Le Parti d\u00e9mocrate progressiste vous invite, Tunisiennes et Tunisiens r\u00e9sidants \u00e0 l<\/font><\/div>\n<div><font face=\"Arial\" size=\"2\">\u2019\u00e9tranger \u00e0 aller voter imp\u00e9rativement et librement de la mani\u00e8re que vous jugerez la plus utile pour que notre ch\u00e8re patrie puisse vivre une vraie transition d\u00e9mocratique en ce moment historique. <\/font><\/div>\n<div>\u00a0<\/div>\n<div><font face=\"Arial\" size=\"2\">Dans le cadre de la pr\u00e9paration de ces \u00e9lections, la liste du PDP pour la circonscription des Am\u00e9riques et le reste de l\u2019Europe a r\u00e9alis\u00e9 une campagne \u00e9lectorale exemplaire sur les deux continents et elle a respect\u00e9 tous les membres de la communaut\u00e9 tunisienne dans leur diversit\u00e9 mais surtout tous ses adversaires politiques.<\/font><\/div>\n<div>\u00a0<\/div>\n<div>\u00a0<\/div>\n<div><font face=\"Arial\" size=\"2\">Nous, candidats du PDP, souhaitons \u00e9galement que l<\/font><\/div>\n<div><font face=\"Arial\" size=\"2\">\u2019IRIE, que nous encourageons et en qui nous avons la totale confiance, r\u00e9ussisse sa t\u00e2che et communique, apr\u00e8s le scrutin, les r\u00e9sultats de mani\u00e8re transparente.<\/font><\/div>\n<div>\u00a0<\/div>\n<div><font face=\"Arial\" size=\"2\">Le Parti d\u00e9mocrate progressiste sera le premier \u00e0 accepter le choix du peuple tunisien et travaillera \u00e0 consolider notre jeune d\u00e9mocratie de la meilleure fa\u00e7on possible.<\/font><\/div>\n<div>\u00a0<\/div>\n<div><font face=\"Arial\" size=\"2\">Jamel Jani et Ramal Jarrar<\/font><\/div>\n<div>\u00a0<\/div>\n<div><font face=\"Arial\" size=\"2\">Candidats du Parti d\u00e9mocrate progressiste PDP de la circonscription Am\u00e9riques et reste de l&rsquo;Europe<\/font><\/div>\n<div>\u00a0<\/div>\n<div>\n<hr\/>\n<\/div>\n<div align=\"center\">\n<h2 style=\"color: red;\"><font face=\"Arial\" size=\"3\"><strong>Elections en Tunisie: le parti islamiste Ennehdha met en garde contre d&rsquo;\u00e9ventuelles fraudes<\/strong><\/font><\/h2>\n<\/div>\n<div align=\"center\">\n<hr\/>\n<\/div>\n<p><font face=\"Arial\" size=\"2\">Le chef du mouvement islamiste tunisien Ennahdha, Rached Ghannouchi, a affirm\u00e9 mercredi que \u00ab\u00a0le peuple tunisien n&rsquo;admettra(it) pas que ses r\u00eaves s&rsquo;\u00e9vaporent\u00a0\u00bb en cas de manipulation des r\u00e9sultats de l&rsquo;\u00e9lection d&rsquo;une Assembl\u00e9e constituante dimanche, lors du <\/font><a href=\"http:\/\/tempsreel.nouvelobs.com\/monde\/20111019.FAP6847\/elections-en-tunisie-le-parti-islamiste-ennehdha-met-en-garde-contre-d-eventuelles-fraudes.html#\" rel=\"nofollow noopener\" target=\"_blank\"><font face=\"Arial\" size=\"2\">premier<\/font><\/a><font face=\"Arial\" size=\"2\"> scrutin depuis la chute du r\u00e9gime Ben Ali en janvier.<\/font><\/p>\n<div><font face=\"Arial\" size=\"2\">Ennahdha, qui se pr\u00e9sente comme \u00ab\u00a0le plus grand parti\u00a0\u00bb en Tunisie, est donn\u00e9 favori de ce scrutin, une position que lui contestent cependant d&rsquo;autres grandes formations telles que le Parti d\u00e9mocratique progressiste (PDP) d&rsquo;Ahmed N\u00e9jib Chebbi, voire le Forum d\u00e9mocratique pour le travail et les libert\u00e9s (FDTL) du Dr Mustapha Ben Ja\u00e2far. \u00ab\u00a0Nous fondons de grands espoirs sur cette \u00e9lection et nous n&rsquo;accepterons pas qu&rsquo;il y ait des fraudes\u00a0\u00bb, a averti cheikh Rached lors d&rsquo;une conf\u00e9rence de presse. Pour lui, les Tunisiens \u00ab\u00a0n&rsquo;ont pas d&rsquo;autres alternatives que de r\u00e9ussir cette \u00e9lection \u00e0 la condition qu&rsquo;elle soit libre, honn\u00eate et transparente\u00a0\u00bb. \u00ab\u00a0Mais au cas o\u00f9 il y aurait fraudes, le peuple tunisien n&rsquo;admettra pas que ses r\u00eaves s&rsquo;\u00e9vaporent et nous serons avec lui pour faire <\/font><a href=\"http:\/\/tempsreel.nouvelobs.com\/monde\/20111019.FAP6847\/elections-en-tunisie-le-parti-islamiste-ennehdha-met-en-garde-contre-d-eventuelles-fraudes.html#\" rel=\"nofollow noopener\" target=\"_blank\"><font face=\"Arial\" size=\"2\">face<\/font><\/a><font face=\"Arial\" size=\"2\"> \u00e0 quiconque tenterait de porter atteinte au processus \u00e9lectoral et de faire avorter les objectifs de la r\u00e9volution\u00a0\u00bb, a-t-il pr\u00e9venu. Ali La\u00e2ridh, membre du bureau ex\u00e9cutif d&rsquo;Ennahdha, a accus\u00e9 \u00ab\u00a0certaines parties\u00a0\u00bb et \u00ab\u00a0des forces r\u00e9trogrades\u00a0\u00bb qu&rsquo;il n&rsquo;a pas nomm\u00e9es de vouloir entraver ce processus en cr\u00e9ant des probl\u00e8mes religieux ou en provoquant des dissensions r\u00e9gionales. Il a par ailleurs \u00e9voqu\u00e9 \u00ab\u00a0quelques pr\u00e9occupations\u00a0\u00bb de son mouvement concernant les \u00ab\u00a0quelque 1.800.000 d&rsquo;\u00e9lecteurs analphab\u00e8tes (dont) on ne sait pas comment ils vont pouvoir voter et faire leur choix devant la multitude de listes candidates\u00a0\u00bb, et les 10.000 p\u00e8lerins tunisiens qui se trouveront dans les lieux saints de l&rsquo;islam en Arabie Saoudite dimanche. Pour autant, il s&rsquo;est voulu rassurant. \u00ab\u00a0Nous allons vers les \u00e9lections sereins, d&rsquo;autant plus que la campagne \u00e9lectorale s&rsquo;est bien d\u00e9roul\u00e9e jusqu&rsquo;\u00e0 pr\u00e9sent et que les Tunisiens ont fait preuve de maturit\u00e9\u00a0\u00bb. Il a formul\u00e9 l&rsquo;espoir que \u00ab\u00a0ce climat se poursuivra, car le monde entier nous observe\u00a0\u00bb, a-t-il not\u00e9. Ennahdha (\u00ab\u00a0la renaissance\u00a0\u00bb), l\u00e9galis\u00e9 apr\u00e8s la r\u00e9volution du Jasmin, revendique un million d&rsquo;adh\u00e9rents sur une population de quelque 11 millions d&rsquo;habitants et dispose de moyens financiers cons\u00e9quents. Le mouvement islamiste est cr\u00e9dit\u00e9 de plus de 20% des voix dans les sondages mais pourrait \u00eatre marginalis\u00e9 en cas d&rsquo;alliance entre le PDP et le FDLT. Les Tunisiens sont appel\u00e9s \u00e0 \u00e9lire une Assembl\u00e9e constituante de 217 repr\u00e9sentants charg\u00e9s d&rsquo;\u00e9laborer une nouvelle Constitution qui remplacera <\/font><a href=\"http:\/\/tempsreel.nouvelobs.com\/monde\/20111019.FAP6847\/elections-en-tunisie-le-parti-islamiste-ennehdha-met-en-garde-contre-d-eventuelles-fraudes.html#\" rel=\"nofollow noopener\" target=\"_blank\"><font face=\"Arial\" size=\"2\">celle<\/font><\/a><font face=\"Arial\" size=\"2\"><font> du r\u00e9gime totalitaire du pr\u00e9sident Zine el Abidine ben Ali, renvers\u00e9 par la rue le 14 janvier et parti en exil en Arabie saoudite.<\/font> <font>Source: \u00ab\u00a0Le Nouvel Observateur\u00a0\u00bb Le 20-10-2011<\/font> <font>Lien:<a href=\"http:\/\/tempsreel.nouvelobs.com\/monde\/20111019.FAP6847\/elections-en-tunisie-le-parti-islamiste-ennehdha-met-en-garde-contre-d-eventuelles-fraudes.html\" rel=\"nofollow noopener\" target=\"_blank\"><font>http:\/\/tempsreel.nouvelobs.com\/monde\/20111019.FAP6847\/elections-en-tunisie-le-parti-islamiste-ennehdha-met-en-garde-contre-d-eventuelles-fraudes.html<\/font><\/a><\/font><\/font><\/div>\n<p><strong><font face=\"Arial\" size=\"2\"><\/p>\n<div>\u00a0<\/div>\n<p><\/font><\/strong><\/p>\n<h2 align=\"center\" style=\"color: red;\"><a href=\"http:\/\/www.lexpress.fr\/actualites\/2\/monde\/mise-en-garde-en-tunisie-d-ennahda-en-cas-de-fraude-electorale_1042524.html\" rel=\"nofollow noopener\" target=\"_blank\"><\/p>\n<h2 style=\"color: red;\"><font face=\"Arial\" size=\"3\">Mise en garde en Tunisie d&rsquo;Ennahda en cas de fraude \u00e9lectorale<\/font><\/h2>\n<p><\/a><\/h2>\n<div align=\"center\">\n<hr\/>\n<\/div>\n<p><font face=\"Arial\" size=\"2\"><img\/> <font>publi\u00e9 le 19\/10\/2011 \u00e0 16:58<\/font><\/font><\/p>\n<p><font face=\"Arial\" size=\"2\">\u00ab\u00a0<em>S&rsquo;il y a falsification flagrante des r\u00e9sultats, nous nous joindrons aux forces de la r\u00e9volution, qui ont lanc\u00e9 cette r\u00e9volution, pour prot\u00e9ger la volont\u00e9 du peuple<\/em>\u00ab\u00a0, a d\u00e9clar\u00e9 Rachid Ghannouchi.<\/font><\/p>\n<p><font face=\"Arial\" size=\"2\">\u00ab\u00a0<em>Il y a toujours une possibilit\u00e9 (&#8230;) de falsification mais jusqu&rsquo;ici, le processus a \u00e9t\u00e9 raisonnable<\/em>\u00ab\u00a0, a-t-il dit mercredi lors d&rsquo;une conf\u00e9rence de presse.<\/font><\/p>\n<p><font face=\"Arial\" size=\"2\">La Tunisie, berceau du \u00ab\u00a0<em>printemps arabe<\/em>\u00ab\u00a0, organise ce week-end ses premi\u00e8res \u00e9lections libres depuis la chute et l&rsquo;exil en Arabie saoudite en janvier du pr\u00e9sident Zine ben Ali, qui \u00e9tait au pouvoir depuis novembre 1987.<\/font><\/p>\n<p><font face=\"Arial\" size=\"2\">Le scrutin de dimanche, qui vise \u00e0 d\u00e9signer les \u00e9lus de la future assembl\u00e9e charg\u00e9e de r\u00e9diger une nouvelle Constitution, sera observ\u00e9 \u00e0 la loupe par le reste du monde arabe.<\/font><\/p>\n<p><font face=\"Arial\" size=\"2\">Rachid Ghannouchi, revenu \u00e0 Tunis apr\u00e8s un exil de 22 ans \u00e0 Londres, a dit \u00e0 propos de ceux qui ont mis fin au r\u00e9gime Ben Ali et renvers\u00e9 le premier gouvernement provisoire: \u00ab\u00a0<em>Ils sont pr\u00eats \u00e0 provoquer l&rsquo;effondrement de dix gouvernements jusqu&rsquo;\u00e0 ce qu&rsquo;ils obtiennent un v\u00e9ritable gouvernement \u00e9lu et un Parlement \u00e9lu<\/em>\u00ab\u00a0.<\/font><\/p>\n<p><font face=\"Arial\" size=\"2\">Les diplomates pensent que le scrutin devrait \u00eatre grosso modo \u00e9quitable. Il est organis\u00e9 par une commission ind\u00e9pendante, contrairement \u00e0 ce qui se passait durant le r\u00e9gime Ben Ali o\u00f9 le ministre de l&rsquo;Int\u00e9rieur \u00e9tait directement aux commandes.<\/font><\/p>\n<p><font face=\"Arial\" size=\"2\">Toutefois, compte tenu du manque d&rsquo;exp\u00e9rience de la Tunisie en mati\u00e8re d&rsquo;\u00e9lections libres, le risque existe que certains partis invoquent d&rsquo;\u00e9ventuels manquements dans le processus de vote pour crier \u00e0 la fraude d\u00e9lib\u00e9r\u00e9e.<\/font><\/p>\n<p><font face=\"Arial\" size=\"2\">Ennahda milite pour un r\u00f4le accru de l&rsquo;islam dans la vie politique de la Tunisie, un pays depuis Habib Bourguiba en pointe dans le monde arabe en mati\u00e8re de la\u00efcit\u00e9. Mais cette formation affirme qu&rsquo;elle n&rsquo;imposera pas ses valeurs morales \u00e0 quiconque et respectera notamment les droits des femmes.<\/font><\/p>\n<p><font face=\"Arial\" size=\"2\">Le parti de Rachid Ghannouchi devrait arriver en t\u00eate dimanche soir sans toutefois obtenir une majorit\u00e9 de si\u00e8ges dans la nouvelle assembl\u00e9e, ce qui l&rsquo;obligera vraisemblablement \u00e0 n\u00e9gocier une alliance avec des partis la\u00efques concurrents.<\/font><\/p>\n<p><font face=\"Arial\" size=\"2\">Christian Lowe et Tarek Amara, Jean-Loup Fi\u00e9vet pour le service fran\u00e7ais, \u00e9dit\u00e9 par Gilles Trequesser<\/font><\/p>\n<div><font face=\"Arial\" size=\"2\">Par <img\/> <\/font><\/div>\n<div align=\"center\"> \u00a0<\/div>\n<p><strong><font face=\"Arial\" size=\"2\"><\/p>\n<div>\n<hr\/>\n<\/div>\n<p><\/font><\/strong><\/p>\n<div align=\"center\">\u00a0<\/div>\n<div align=\"center\"><font face=\"Arial\" size=\"2\"><strong><\/p>\n<h3 style=\"color: blue;\"><font size=\"3\">La Tunisie la\u00efque se heurte au retour des islamistes<\/font><\/h3>\n<p><\/strong> <\/font><\/div>\n<div align=\"center\">\n<hr\/>\n<\/div>\n<div>\u00a0<\/div>\n<div><font face=\"Arial\" size=\"2\">Publi\u00e9 le 19-10-11 \u00e0 21:15<\/font><\/div>\n<div>\u00a0<\/div>\n<div><font face=\"Arial\" size=\"2\">par Tarek Amara<\/font><\/div>\n<div>\u00a0<\/div>\n<div><font face=\"Arial\" size=\"2\">TUNIS (Reuters) &#8211; \u00ab\u00a0On a pay\u00e9 un lourd tribut \u00e0 la r\u00e9volution et on refuse de laisser les la\u00efcs et les sionistes contr\u00f4ler notre destin.\u00a0\u00bb Pour Oualid, la r\u00e9volution tunisienne est l&rsquo;occasion de transformer l&rsquo;un des pays les plus la\u00efques du monde arabe en Etat islamique.<\/font><\/div>\n<div>\u00a0<\/div>\n<div><font face=\"Arial\" size=\"2\">Les salafistes comme Oualid sont la hantise des \u00e9lites la\u00efques de la Tunisie, qui craint de les voir triompher lors des premi\u00e8res \u00e9lections post-Ben Ali dimanche.<\/font><\/div>\n<div>\u00a0<\/div>\n<div><font face=\"Arial\" size=\"2\">Ce jeune homme, portant barbe et longue robe blanche, demande \u00ab\u00a0le respect de notre religion et l&rsquo;application de la loi islamique dans notre pays\u00a0\u00bb.<\/font><\/div>\n<div>\u00a0<\/div>\n<div><font face=\"Arial\" size=\"2\">\u00ab\u00a0Nous voulons des \u00e9coles islamiques dans tout le pays (&#8230;) Nous ne voulons pas que nos femmes soient emp\u00each\u00e9es de porter le hidjab et le niqab. Nous voulons que notre pays soit un Etat islamique qui interdise les choses taboues, comme le vin\u00a0\u00bb, poursuit ce salafiste rencontr\u00e9 \u00e0 Tunis, dans le quartier d&rsquo;Omrane.<\/font><\/div>\n<div>\u00a0<\/div>\n<div><font face=\"Arial\" size=\"2\">Comme en Libye ou en Egypte, les renversements des r\u00e9gimes autocratiques ont renforc\u00e9 l&rsquo;influence des mouvements islamistes, auparavant r\u00e9prim\u00e9s.<\/font><\/div>\n<div>\u00a0<\/div>\n<div><font face=\"Arial\" size=\"2\">Le parti islamiste Ennahda, interdit sous le r\u00e9gime de Zine ben Ali, est donn\u00e9 favori des \u00e9lections \u00e0 l&rsquo;Assembl\u00e9e constituante.<\/font><\/div>\n<div>\u00a0<\/div>\n<div><font face=\"Arial\" size=\"2\">M\u00eame si Ennahda se dit mod\u00e9r\u00e9, une telle r\u00e9surgence de l&rsquo;islam politique serait un changement majeur pour la Tunisie aux racines profond\u00e9ment la\u00efques.<\/font><\/div>\n<div>\u00a0<\/div>\n<div><font face=\"Arial\" size=\"2\">Le premier pr\u00e9sident de l&rsquo;ind\u00e9pendance, Habib Bourguiba, voyait dans le voile islamique un \u00ab\u00a0odieux chiffon\u00a0\u00bb. Ben Ali a emprisonn\u00e9 des centaines d&rsquo;Islamistes.<\/font><\/div>\n<div>\u00a0<\/div>\n<div><font face=\"Arial\" size=\"2\">La Tunisie actuelle affiche sa relation d\u00e9complex\u00e9e avec l&rsquo;islam. On peut acheter de l&rsquo;alcool dans les bars et certains magasins, toutes les femmes ne couvrent pas leur t\u00eate, les touristes bronzent en bikini sur les plages et la communaut\u00e9 juive vit sans crainte.<\/font><\/div>\n<div>\u00a0<\/div>\n<div><font face=\"Arial\" size=\"2\">MOD\u00c8LE TURC<\/font><\/div>\n<div>\u00a0<\/div>\n<div><font face=\"Arial\" size=\"2\">La plupart des Tunisiens suivent les grands pr\u00e9ceptes du Coran sans pratiquer un islam radical. Ils s&rsquo;enorgueillissent de leurs traditions lib\u00e9rales et modernes.<\/font><\/div>\n<div>\u00a0<\/div>\n<div><font face=\"Arial\" size=\"2\">Les partisans de l'\u00a0\u00bbEtat civil\u00a0\u00bb, comme les Tunisiens qualifient leur mod\u00e8le la\u00efque, ne sont pas convaincus par les assurances donn\u00e9es par Rachid Ghannouchi, le chef de file d&rsquo;Ennahda, qui assure qu&rsquo;il n&rsquo;imposera pas les valeurs islamiques \u00e0 la soci\u00e9t\u00e9.<\/font><\/div>\n<div>\u00a0<\/div>\n<div><font face=\"Arial\" size=\"2\">Aux manifestations violentes d&rsquo;islamistes la semaine derni\u00e8re, les d\u00e9fenseurs de la la\u00efcit\u00e9 ont r\u00e9pondu par un d\u00e9fil\u00e9 dimanche dans le centre-ville de Tunis.<\/font><\/div>\n<div>\u00a0<\/div>\n<div><font face=\"Arial\" size=\"2\">\u00ab\u00a0Si les islamistes gagnent les \u00e9lections, ce sera une catastrophe\u00a0\u00bb, dit Saouad Laiouni, dipl\u00f4m\u00e9 en science politique rencontr\u00e9 dans un caf\u00e9 d&rsquo;Al Manar, pr\u00e8s du centre-ville.<\/font><\/div>\n<div>\u00a0<\/div>\n<div><font face=\"Arial\" size=\"2\">\u00ab\u00a0Ils vont arr\u00eater les festivals et fermer les h\u00f4tels\u00a0\u00bb, s&rsquo;inqui\u00e8te Laiouni.<\/font><\/div>\n<div>\u00a0<\/div>\n<div><font face=\"Arial\" size=\"2\">La crainte d&rsquo;une radicalisation de part et d&rsquo;autre est r\u00e9elle mais une grande partie de l&rsquo;opinion tunisienne s&rsquo;oppose aux salafistes. Ces derniers se font entendre mais ils ne seraient que quelques dizaines de milliers dans le pays.<\/font><\/div>\n<div>\u00a0<\/div>\n<div><font face=\"Arial\" size=\"2\">L&rsquo;islam plus mod\u00e9r\u00e9 d&rsquo;Ennahda est bien plus populaire et le parti a affich\u00e9 sa diff\u00e9rence avec les salafistes en condamnant les manifestations de la semaine pass\u00e9e.<\/font><\/div>\n<div>\u00a0<\/div>\n<div><font face=\"Arial\" size=\"2\">La Turquie lui sert d&rsquo;exemple. Depuis la r\u00e9volution, le ministre turc des Affaires \u00e9trang\u00e8res, Ahmet Davutoglu, et son Premier ministre, Recep Tayyip Erdogan, sont venus assurer \u00e0 la Tunisie que l&rsquo;islam \u00e9tait soluble dans la d\u00e9mocratie.<\/font><\/div>\n<div>\u00a0<\/div>\n<div><font face=\"Arial\" size=\"2\">Le mod\u00e8le turc plait aux Tunisiens, qui veulent pouvoir exprimer leur foi librement tout en maintenant leur pays dans la modernit\u00e9.<\/font><\/div>\n<div>\u00a0<\/div>\n<div><font face=\"Arial\" size=\"2\">\u00ab\u00a0Aujourd&rsquo;hui, on peut pratiquer notre religion sans crainte. Mais \u00e7a ne m&#8217;emp\u00eache pas de continuer \u00e0 vivre comme avant, sans peur ni honte\u00a0\u00bb, t\u00e9moigne Houda, employ\u00e9e d&rsquo;un centre d&rsquo;appels tunisois qui a commenc\u00e9 \u00e0 porter le hidjab apr\u00e8s la r\u00e9volution.<\/font><\/div>\n<div>\u00a0<\/div>\n<div><font face=\"Arial\" size=\"2\">\u00ab\u00a0La nouvelle Tunisie doit \u00eatre ouverte \u00e0 tous, sans exception pour quelque raison que ce soit.\u00a0\u00bb<\/font><\/div>\n<div>\u00a0<\/div>\n<div><font face=\"Arial\" size=\"2\">Cl\u00e9ment Guillou pour le service fran\u00e7ais<\/font><\/div>\n<div align=\"center\">\u00a0<\/div>\n<p><font><\/p>\n<div>\u00a0<\/div>\n<p><strong><font face=\"Arial\" size=\"2\"><\/p>\n<div>\n<hr\/>\n<\/div>\n<p><\/font><\/strong><\/p>\n<h3 align=\"center\" style=\"color: blue;\">\n<h3 style=\"color: blue;\"><font face=\"Arial\" size=\"3\">Tunisie : Nejib Chebbi optimiste sur les chances de son parti<\/font><\/h3>\n<\/h3>\n<div align=\"center\">\n<hr\/>\n<\/div>\n<div><font face=\"Arial\" size=\"2\">S\u2019agissant de la derni\u00e8re ligne droite dans la campagne \u00e9lectorale pour le scrutin du 23 Octobre, et le PDP vient d\u2019organiser un meeting dans un h\u00f4tel de Gammarth.  Au-del\u00e0 d\u2019un rassemblement, ce fut plut\u00f4t l\u2019occasion de voir du beau monde, parmi le gratin de la soci\u00e9t\u00e9, un parterre de figures et de personnages bien connus dans les milieux culturels, artistiques, sportifs, ainsi que dans le monde des affaires venus tous adh\u00e9rer aux activit\u00e9s du PDP et soutenir sa marche vers l\u2019Assembl\u00e9e constituante.  La date historique du 23 octobre constitue une v\u00e9ritable d\u00e9viation vers d\u2019autres horizons, meilleurs et enchanteurs, pour un pays qui s\u2019est d\u00e9barrass\u00e9 du joug, du despotisme et de la tyrannie sous lesquels il suffoquait depuis pr\u00e8s d\u2019un quart de si\u00e8cle.  Fid\u00e8les \u00e0 une tradition d\u00e9sormais bien \u00e9tablie, le leader du Parti, Ahmed Nejib Chebbi, et sa Secr\u00e9taire g\u00e9n\u00e9rale, Maya Jribi, ont tenu le haut de la sc\u00e8ne, apr\u00e8s avoir \u00e9t\u00e9 accueillis par une longue, interminable ovation.  Prenant le relais de l\u2019animateur du meeting, Iyed Dahmani, lui-m\u00eame t\u00eate de liste de la circonscription de Siliana, le fondateur du Parti, Ahmed Nejib Chebbi, \u00e9tait le <\/font><a href=\"http:\/\/www.espacemanager.com\/politique\/tunisie-nejib-chebbi-optimiste-sur-les-chances-de-son-parti.html#\" rel=\"nofollow noopener\" target=\"_blank\"><font face=\"Arial\" size=\"2\">premier<\/font><\/a><font face=\"Arial\" size=\"2\"> \u00e0 prendre la parole pour un speech plein d\u2019optimisme. Il est venu, en tout cas, assurer et rassurer \u00e0 la fois, voire dissiper les craintes qu\u2019auraient pu nourrir les adh\u00e9rents, partisans et sympathisants du PDP, en parlant d\u2019abord de la situation \u00e0 l\u2019heure actuelle : \u00ab A quelques jours de la cl\u00f4ture de cette campagne \u00e9lectorale, on peut dire que tout se passe bien.   La campagne se d\u00e9roule en effet dans les meilleures conditions, ce qui ne peut que nous r\u00e9jouir et nous pousser \u00e0 croire que le moment que beaucoup de gens appr\u00e9hendaient se d\u00e9roulera sans la moindre anicroche. On a certes remarqu\u00e9 une certaine h\u00e9sitation chez l\u2019\u00e9lecteur, embrouill\u00e9 par le nombre des partis et le nivellement vers le bas auquel on assiste, mais tout finira par rentrer dans l\u2019ordre.   Nous avons en effet effectu\u00e9 d\u2019innombrables visites, dans les quatre coins du territoire national, et nous avons constat\u00e9 que nos concitoyens ont h\u00e2te de se trouver dans les isoloirs, pour effectuer leur choix, en toute libert\u00e9 et dans une ambiance impr\u00e9gn\u00e9e de d\u00e9mocratie. Cette d\u00e9mocratie qui nous ouvre aujourd\u2019hui toutes grandes les portes vers la dignit\u00e9.  Je suis par ailleurs convaincu que nous sommes parvenus \u00e0 rallier des milliers et des milliers de partisans \u00e0 travers nos tourn\u00e9es, qui nous ont permis de toucher la majorit\u00e9 des r\u00e9gions o\u00f9 sont implant\u00e9s nos bureaux, non seulement dans les grandes villes, mais \u00e9galement, et surtout, au <\/font><a href=\"http:\/\/www.espacemanager.com\/politique\/tunisie-nejib-chebbi-optimiste-sur-les-chances-de-son-parti.html#\" rel=\"nofollow noopener\" target=\"_blank\"><font face=\"Arial\" size=\"2\">fond<\/font><\/a><font face=\"Arial\" size=\"2\"> des petites agglom\u00e9rations qui \u00e9taient il n\u2019y a pas longtemps marginalis\u00e9es et tout aussi d\u00e9favoris\u00e9es.  Dans ce m\u00eame ordre d\u2019id\u00e9e, nous avons pu enregistrer avec satisfaction la venue de bon nombre de cadres, venus consolider et renforcer les rangs du Parti.  Aussi, puis-je vous dire que je demeure tout \u00e0 fait persuad\u00e9 que nous marchons r\u00e9solument vers la victoire. Rien ne sera toutefois acquis avec l\u2019aisance et la facilit\u00e9 que beaucoup peuvent imaginer, mais simplement en continuant de faire preuve de solidarit\u00e9 et surtout en se fiant au programme con\u00e7u par le PDP \u00bb.   Me Chebbi devait conclure son intervention par l\u2019annonce \u00ab d\u2019une alliance avec les forces centristes, \u00e0 l\u2019instar du PDM, Ettakatol et Afek Tounes \u00bb. Sans manquer non plus de faire un d\u00e9tour afin de \u00ab d\u00e9noncer une nouvelle fois toute sorte de violence \u00bb.  Voil\u00e0, le <\/font><a href=\"http:\/\/www.espacemanager.com\/politique\/tunisie-nejib-chebbi-optimiste-sur-les-chances-de-son-parti.html#\" rel=\"nofollow noopener\" target=\"_blank\"><font face=\"Arial\" size=\"2\">mot<\/font><\/a><font face=\"Arial\" size=\"2\"><font> est l\u00e2ch\u00e9. Plut\u00f4t un ma\u00eetre-mot, entendez la victoire, qui revenait tel un leitmotiv, puisque repris \u00e9galement par la Secr\u00e9taire g\u00e9n\u00e9rale, Maya Jribi, qui a pris ensuite la parole, \u00e9voquant notamment \u00ab La longue et harassante marche effectu\u00e9e par le PDP, avant d\u2019en arriver l\u00e0, \u00e0 ce stade de la libert\u00e9 et de la dignit\u00e9. Une \u00e8re nouvelle s\u2019ouvre devant ce peuple qui a tant souffert, devait-elle assurer, mais un peuple parvenant en fin de compte \u00e0 bouleverser l\u2019\u00e9chiquier politique de toute une r\u00e9gion, puisque donnant l\u2019exemple et jouant le r\u00f4le de catalyseur.   On ne peut que se sentir fiers, aujourd\u2019hui, au moment o\u00f9 nous abordons cette phase cruciale, mais annonciatrice a priori de lendemains meilleurs. Ce qui est s\u00fbr, c\u2019est que le PDP poursuivra sa marche en avant pour garantir un avenir o\u00f9 tout un chacun se sentira ma\u00eetre de son destin, de ses choix et de ses convictions \u00bb.  <\/font><font>Source: \u00ab\u00a0Espace Manager\u00a0\u00bb Le 19-10-2011<\/font> <font>Lien:<a href=\"http:\/\/www.espacemanager.com\/politique\/tunisie-nejib-chebbi-optimiste-sur-les-chances-de-son-parti.html\" rel=\"nofollow noopener\" target=\"_blank\"><font>http:\/\/www.espacemanager.com\/politique\/tunisie-nejib-chebbi-optimiste-sur-les-chances-de-son-parti.html<\/font><\/a><\/font><\/font> \u00a0<\/div>\n<p><strong><\/p>\n<p><font face=\"Arial\" size=\"2\"><\/p>\n<div>\n<hr\/>\n<\/div>\n<div align=\"center\"><a href=\"http:\/\/kapitalis.com\/fokus\/62-national\/6406-tunisie-elie-trabelsi-second-candidat-juif-a-la-constituante-tunisienne-.html\" rel=\"nofollow noopener\" target=\"_blank\"><\/p>\n<h3 style=\"color: blue;\"><font face=\"Arial\"><strong>Tunisie. Elie Trabelsi, second candidat juif \u00e0 la Constituante tunisienne<\/strong><\/font><\/h3>\n<p><\/a><\/div>\n<div align=\"center\">\n<hr\/>\n<\/div>\n<div> <font face=\"Arial\" size=\"2\"><em><strong><font>Kapitalis : Pourquoi avez-vous d\u00e9cid\u00e9 de vous lancer en politique ?  <\/font><\/strong><\/em> <font><strong>Elie Trabelsi :<\/strong> Je suis un jeune Tunisien soucieux de l\u2019avenir de mon pays comme tous mes compatriotes. Je pense que je pourrai contribuer \u00e0 cet avenir par mes id\u00e9es et mon \u00e9nergie. J\u2019aspire \u00e0 une Tunisie moderne d\u00e9mocratique, qui garantit la dignit\u00e9 et le progr\u00e8s \u00e0 tous ses citoyens sans distinction.<\/font> <\/font><font face=\"Arial\" size=\"2\"><em><strong><font>Et pourquoi maintenant ? <\/font><\/strong><\/em> <font>La r\u00e9volution du 14 Janvier m\u2019a permis de m\u2019engager librement en politique sans aucun complexe. L\u2019importance de l\u2019\u00e9tape m\u2019a aussi d\u00e9cid\u00e9 \u00e0 m\u2019engager maintenant en politique. Je suis candidat \u00e0 la constituante pour b\u00e2tir ensemble notre avenir et d\u00e9fendre les valeurs et les acquis non n\u00e9gociables de la Tunisie des b\u00e2tisseurs et des fondateurs de l\u2019Etat moderne.<\/font> <\/font><font face=\"Arial\" size=\"2\"><em><strong><font>Comment vous positionnez-vous sur la sc\u00e8ne politique ? <\/font><\/strong><\/em> <font>La liste dans laquelle je me pr\u00e9sente est ind\u00e9pendante, dans le sens o\u00f9 nous ne sommes membres d\u2019aucun parti. Nous sommes soutenus n\u00e9anmoins par quatre partis (Al Watan, L\u2019Avenir, L\u2019Initiative, et le Parti r\u00e9formateur destourien) avec lesquels nous partageons une m\u00eame vision moderne et centriste d\u2019une Tunisie attach\u00e9e \u00e0 son identit\u00e9 et ouverte aux apports de la civilisation humaine<strong> .<\/strong><\/font> <\/font><font face=\"Arial\" size=\"2\"><em><strong><font>Parlez-nous de votre liste, ses membres, son programme ? <\/font><\/strong><\/em> <font>Nous pr\u00e9sentons une liste jeune, avec une moyenne d\u2019\u00e2ge d<\/font> <font>e 30 ans. Nous pensons donner la fra\u00eecheur et l\u2019impulsion n\u00e9cessaires dont la Tunisie a besoin dans cette nouvelle phase.<\/font> <font>Notre liste est compos\u00e9e de deux femmes et de trois hommes, issus de milieux divers, deux sont natifs du Sahel, deux du Sud tunisien et un de Tunis. Je suis le second Tunisien de confession juive \u00e0 se pr\u00e9senter pour les \u00e9lections d\u2019une assembl\u00e9e constituante apr\u00e8s Jacob Lellouche.<\/font> <\/font><font face=\"Arial\" size=\"2\"><font>Ce m\u00e9lange d\u2019horizons et cette diversit\u00e9 font notre force pour une Tunisie unie et tol\u00e9rante. Concernant notre programme, je me contenterai ici de vous pr\u00e9senter ses 3 axes prioritaires :<\/font> <font>&#8211; Un r\u00e9gime semi-pr\u00e9sidentiel qui garantit la stabilit\u00e9 politique et la continuit\u00e9 de l\u2019\u00c9tat, avec un gouvernement qui repr\u00e9sente la majorit\u00e9 parlementaire et qui est responsable devant le parlement ; un pr\u00e9sident de la r\u00e9publique garant de l\u2019ind\u00e9pendance de la nation, de la politique \u00e9trang\u00e8re et de la d\u00e9fense nationale, une justice libre et ind\u00e9pendante, un syst\u00e8me efficace et ind\u00e9pendant de lutte contre la corruption et une cour constitutionnelle qui veille au respect de notre loi fondamentale.<\/font> <font>&#8211; Promotion de l\u2019investissement priv\u00e9 et public comme premier levier de lutte contre le ch\u00f4mage et de d\u00e9veloppement r\u00e9gional afin d\u2019assurer la dignit\u00e9 et le travail \u00e0 chacun de nos concitoyens. Nous mettrons en \u0153uvre des m\u00e9canismes encourageant notamment l\u2019implication des Tunisiens \u00e0 l\u2019\u00e9tranger dans l\u2019\u00e9conomie : ils pourront par exemple investir dans un fonds qui leur est d\u00e9di\u00e9 et qui finance les projets en Tunisie et leur verse les b\u00e9n\u00e9fices dans les pays de r\u00e9sidence.<\/font> <font>&#8211; Renforcement des relations \u00e9conomiques et politiques avec les pays de notre voisinage (Maghreb, Afrique, Pays arabes, Euro-M\u00e9diterran\u00e9e) et \u00e9tendre les liens aux blocs \u00e9conomiques et politiques \u00e9mergents (Am\u00e9rique latine, Asie pacifique) dans l\u2019objectif de multiplier les opportunit\u00e9s d\u2019investissement en Tunisie et de trouver de nouveaux d\u00e9bouch\u00e9s \u00e0 nos produits tunisiens, pour une \u00e9conomie nationale plus solide et moins d\u00e9pendante du seul partenaire europ\u00e9en.<\/font> <\/font><font face=\"Arial\" size=\"2\"><em><strong><font>Quelle place pour les minorit\u00e9s, religieuses et autres, dans la Tunisie nouvelle ? Quels messages esp\u00e9rez-vous porter \u00e0 la Constituante ?  <\/font><\/strong><\/em> <font>Je pense que chaque minorit\u00e9 religieuse a le droit d\u2019exister et de s\u2019exprimer en Tunisie.<\/font> <font>En tant que Tunisien de confession juive, je demande \u00e0 ce qu\u2019on apprenne \u00e0 l\u2019\u00e9cole comment les juifs, arabes et chr\u00e9tiens vivaient ensemble dans le pass\u00e9 avant que les vicissitudes de l\u2019Histoire ne s\u2019en m\u00ealent.<\/font> <font>Nous regrettons que quelques partis politiques ont profit\u00e9 de l\u2019amalgame juif\/sioniste pour faire leur campagne et diffuser la haine contre nous m\u00eame dans les m\u00e9dias.<\/font> <font>Nous d\u00e9fendons une Tunisie plurielle et multiculturelle. Cela est valable pour les Tunisiens de confession juive et pour toutes les minorit\u00e9s religieuses, ethniques, culturelles ou autres<\/font> <font>Source: \u00ab\u00a0Kapitalis\u00a0\u00bb Le 19-10-2011<\/font> <font>Lien:<\/font><\/font><a href=\"http:\/\/kapitalis.com\/fokus\/62-national\/6406-tunisie-elie-trabelsi-second-candidat-juif-a-la-constituante-tunisienne-.html\" rel=\"nofollow noopener\" target=\"_blank\"><font face=\"Arial\" size=\"2\">http:\/\/kapitalis.com\/fokus\/62-national\/6406-tunisie-elie-trabelsi-second-candidat-juif-a-la-constituante-tunisienne-.html<\/font><\/a><\/div>\n<p><\/font><\/p>\n<div>\u00a0<\/div>\n<p><\/strong><\/font><\/div>\n<p><font face=\"Arial\" size=\"2\"><\/p>\n<div><strong><\/p>\n<hr\/>\n<p><\/strong><\/div>\n<p><\/font><\/p>\n<p align=\"center\">\n<h3 style=\"color: blue;\"><font face=\"Arial\" size=\"3\"><strong>L\u2019information \u201cmade in Tunis\u201d<\/strong><\/font><\/h3>\n<\/p>\n<\/div>\n<div>\n<hr\/>\n<\/div>\n<div>\u00a0<\/div>\n<div><b><font face=\"Arial\" size=\"2\">Sur la Toile, une \u00e9quipe de jeunes traduit l\u2019actualit\u00e9 tunisienne pour la diffuser en langue anglaise. Une premi\u00e8re dans ce pays arabe traditionnellement francophone.<\/font><\/b><\/div>\n<div><font face=\"Arial\" size=\"2\"><span>18.10.2011<\/span>\u2003|\u2003 John Thorne\u2003|\u2003<\/font><a href=\"http:\/\/www.courrierinternational.com\/notule-source\/the-national-0\" rel=\"nofollow noopener\" target=\"_blank\"><font face=\"Arial\" size=\"2\">The National<\/font><\/a><\/div>\n<div>\u00a0<\/div>\n<div><font face=\"Arial\" size=\"2\">Il est 9 heures. Au bureau de <i>Tunisia Live<\/i>, un nouveau site d&rsquo;actualit\u00e9s tunisien, le r\u00e9dacteur Rabii Kalboussi en est \u00e0 la moiti\u00e9 de son premier article de la journ\u00e9e. Il est assis \u00e0 une table avec cinq autres journalistes, qui s\u00e9lectionnent des articles dans d&rsquo;autres m\u00e9dias locaux. <i>\u00ab\u00a0Mon premier papier d&rsquo;aujourd&rsquo;hui [&#8230;] porte sur une conf\u00e9rence sur le processus \u00e9lectoral<\/i>, dit-il. <i>Je lis l&rsquo;article, puis je le traduis de l&rsquo;arabe et je le reformule en tenant compte de l&rsquo;audience anglophone de <\/i>Tunisia Live<i>.\u00a0\u00bb<\/i>Rabii, 23 ans, et ses coll\u00e8gues sont jeunes, inexp\u00e9riment\u00e9s et ont un budget tr\u00e8s serr\u00e9. Mais, comme toute la premi\u00e8re g\u00e9n\u00e9ration de journalistes tunisiens d&rsquo;apr\u00e8s la dictature, ils sont pleins d&rsquo;enthousiasme.<\/font><\/div>\n<div><font face=\"Arial\" size=\"2\"><i>Tunisia Live<\/i>, le projet de Zied Mhirsi &#8211; un m\u00e9decin de 33 ans reconverti dans les m\u00e9dias &#8211; et de ses coll\u00e8gues est le seul organisme d&rsquo;information \u00e0 offrir une couverture de l&rsquo;actualit\u00e9 locale en anglais \u00e0 une audience internationale. Comme cette entreprise naissante a besoin de fonds, elle propose \u00e9galement des services de traduction, de logistique et de conseil aux reporters \u00e9trangers, ce qui lui apporte des liquidit\u00e9s tout en permettant aux r\u00e9dacteurs de se former aupr\u00e8s de journalistes chevronn\u00e9s.<\/font><\/div>\n<div><font face=\"Arial\" size=\"2\">Zied, qui parle couramment l&rsquo;anglais et a pass\u00e9 quatre ans \u00e0 \u00e9tudier et \u00e0 enseigner \u00e0 l&rsquo;universit\u00e9 de Washington \u00e0 Seattle, a \u00e9t\u00e9 happ\u00e9 dans le tourbillon de m\u00e9dias \u00e9trangers qui s&rsquo;est abattu sur la Tunisie apr\u00e8s le d\u00e9part de Zine El-Abidine Ben Ali, le 14 janvier. Apr\u00e8s des semaines pass\u00e9es \u00e0 aider les journalistes \u00e9trangers \u00e0 se rep\u00e9rer dans le pays, il s&rsquo;est rendu compte que les Tunisiens n&rsquo;\u00e9crivaient pas l&rsquo;anglais. \u00ab\u00a0J&rsquo;\u00e9tais sensible au probl\u00e8me de la communication en anglais, car j&rsquo;avais toujours eu le sentiment que mon pays \u00e9tait isol\u00e9\u00a0\u00bb, observe-t-il. En avril dernier, Zied fonde <i>Tunisia Live,<\/i> avec Youssef Gaiji et Ramla Jaber.<\/font><\/div>\n<div><font face=\"Arial\" size=\"2\">Sadok Ayari, 26 ans, fait partie des premi\u00e8res recrues. Chaque matin d\u00e8s 7 heures, il passe en revue la presse tunisienne pour trouver des articles \u00e0 traduire. \u00ab\u00a0Aujourd&rsquo;hui par exemple, la principale actualit\u00e9 est une formation aux droits de l&rsquo;homme destin\u00e9e \u00e0 la police, explique-t-il. Pendant des ann\u00e9es, les forces de l&rsquo;ordre n&rsquo;avaient pas la moindre notion de ce qu&rsquo;\u00e9taient les droits de l&rsquo;homme. A pr\u00e9sent, elles s&rsquo;y int\u00e9ressent. Nous ne sommes pas habitu\u00e9s \u00e0 cela.\u00a0\u00bb Pendant ce temps, Rabii peaufine son article sur le processus \u00e9lectoral et commence \u00e0 rassembler des informations sur Hizb Ettahrir, un parti islamiste radical. \u00ab\u00a0Dans l&rsquo;avenir, j&rsquo;aimerais faire le travail d&rsquo;une agence de presse, confie-t-il. Appeler les gens, assister \u00e0 des conf\u00e9rences et \u00e0 des \u00e9v\u00e9nements &#8211; devenir une source d&rsquo;informations.\u00a0\u00bb<\/font><\/div>\n<div><font face=\"Arial\" size=\"2\">Selon Zied, c&rsquo;est surtout l&rsquo;exp\u00e9rience pratique qui manque aux jeunes r\u00e9dacteurs de <i>Tunisia Live<\/i>. \u00ab\u00a0Ils sont passionn\u00e9s, ils ne comptent pas leurs heures, mais ils ont besoin d&rsquo;une formation.\u00a0\u00bb Ce probl\u00e8me a \u00e9t\u00e9 en partie r\u00e9solu par le service d&rsquo;assistance aux m\u00e9dias \u00e9trangers. \u00ab\u00a0J&rsquo;ai commenc\u00e9 \u00e0 faire le travail de \u2018fixeur&rsquo; avant de venir ici\u00a0\u00bb, raconte Asma Ghribi, une journaliste dipl\u00f4m\u00e9e en \u00e9tudes culturelles qui a travaill\u00e9 pour le site <i>Al-JaziraEnglish<\/i> apr\u00e8s la r\u00e9volution. Depuis son arriv\u00e9e \u00e0<i>Tunisia Live<\/i>, en avril dernier, Asma travaille de plus en plus sur des vid\u00e9o-reportages en anglais, tout en continuant \u00e0 accompagner les m\u00e9dias \u00e9trangers, qui forment la client\u00e8le de base du site. \u00ab\u00a0Quand vous \u00eates fixeur, vous devez \u00e9couter ce que veulent les journalistes et ob\u00e9ir, explique-t-elle. En \u00e9tant reporter pour <i>Tunisia Live<\/i>, je suis mon propre ma\u00eetre. C&rsquo;est le meilleur c\u00f4t\u00e9 de la chose. On prend conscience des privil\u00e8ges du m\u00e9tier de journaliste.\u00a0\u00bb<\/font><\/div>\n<div><font face=\"Arial\" size=\"2\">Asma est assise \u00e0 une table avec Sadok et leur coll\u00e8gue Malak Somai, 26 ans. Les trois journalistes finalisent la r\u00e9daction du texte trilingue d&rsquo;une vid\u00e9o invitant les internautes \u00e0 s\u00e9lectionner des questions pour une \u00e9mission d&rsquo;interview politique. \u00ab\u00a0Il faudrait quelque chose d&rsquo;imp\u00e9ratif\u00a0\u00bb, avance Sadok, alors qu&rsquo;ils sont en train de formuler des phrases en arabe tunisien. \u00ab\u00a0Et si on disait \u2018Choisissez les questions que vous voulez poser&rsquo;?\u00a0\u00bb \u00ab\u00a0Non, \u00e7a ne passe pas bien, r\u00e9pond Asma. Pourquoi pas \u2018Choisissez les questions que vous souhaitez&rsquo;?\u00a0\u00bb Ils tombent finalement d&rsquo;accord sur \u00ab\u00a0Votez pour les questions de votre choix\u00a0\u00bb. Ils \u00e9voquent ensuite les \u00e9v\u00e9nements du 14 janvier. Sadok se souvient d&rsquo;une nuit \u00e9toil\u00e9e. \u00ab\u00a0Une belle nuit pour une r\u00e9volution\u00a0\u00bb, commente-t-il.<\/font><\/div>\n<div><font face=\"Arial\" size=\"2\">Zied explique que <i>Tunisia Live<\/i> a \u00e9t\u00e9 fond\u00e9 pour recueillir des informations sur les effets de la r\u00e9volution tunisienne &#8211; dont cette vague de libert\u00e9 d&rsquo;expression qui a rendu ce type de site r\u00e9alisable. Le travail et la passion suffiront-ils \u00e0 rendre l&rsquo;op\u00e9ration rentable ? \u00ab\u00a0C&rsquo;est un saut dans l&rsquo;inconnu, reconna\u00eet Zied. Nous poursuivrons notre activit\u00e9 aussi longtemps qu&rsquo;elle sera viable. Si un jour elle ne l&rsquo;est plus, cela aura tout de m\u00eame \u00e9t\u00e9 une belle aventure.\u00a0\u00bb<\/font><\/div>\n<div>\u00a0<\/div>\n<div><font face=\"Arial\" size=\"2\"><strong>(Source: courrier international le 18 octobre 2011)<\/strong><\/font><\/div>\n<div>\u00a0<\/div>\n<div><a href=\"http:\/\/www.courrierinternational.com\/article\/2011\/10\/18\/l-information-made-in-tunis\" rel=\"nofollow noopener\" target=\"_blank\"><font face=\"Arial\" size=\"2\"><strong>http:\/\/www.courrierinternational.com\/article\/2011\/10\/18\/l-information-made-in-tunis<\/strong><\/font><\/a><\/div>\n<div>\u00a0<\/div>\n<p><strong><font face=\"Arial\" size=\"2\"><\/p>\n<div>\n<hr\/>\n<\/div>\n<p><\/font><\/strong><\/p>\n<div>\u00a0<\/div>\n<h3 align=\"center\" style=\"color: blue;\">\n<h3 style=\"color: blue;\"><font face=\"Arial\" size=\"3\">Hamadi Jebali : &lsquo;L\u00a0\u00bbessentiel est de respecter les libert\u00e9s\u00a0\u00bb<\/font><\/h3>\n<\/h3>\n<div align=\"center\">\n<hr\/>\n<\/div>\n<p><font face=\"Arial\">LEMONDE.FR 18.10.11 | 17h51<\/font><\/p>\n<h3 style=\"color: blue;\"><strong><font face=\"Arial\" size=\"2\">Pati : Si votre parti remporte les \u00e9lections, la Tunisie va-t-elle <\/font><a href=\"http:\/\/conjugaison.lemonde.fr\/conjugaison\/search?verb=devenir\" rel=\"nofollow noopener\" target=\"_blank\"><font face=\"Arial\" size=\"2\">devenir<\/font><\/a><font face=\"Arial\" size=\"2\"> un pays islamique ? <\/font><\/strong><\/h3>\n<p><font face=\"Arial\" size=\"2\">Si on remporte les \u00e9lections, la Tunisie ne sera pas un pays islamique, elle sera un pays d\u00e9mocratique. C&rsquo;est-\u00e0-dire que nous allons <\/font><a href=\"http:\/\/conjugaison.lemonde.fr\/conjugaison\/search?verb=respecter\" rel=\"nofollow noopener\" target=\"_blank\"><font face=\"Arial\" size=\"2\">respecter<\/font><\/a><font face=\"Arial\" size=\"2\"> les fondements d&rsquo;un Etat de droit o\u00f9 toutes les libert\u00e9s seront respect\u00e9es, la volont\u00e9 de notre peuple aussi, \u00e0 travers des \u00e9lections libres et transparentes.<\/font><\/p>\n<p><font face=\"Arial\" size=\"2\">Il y aura l&rsquo;ind\u00e9pendance des trois pouvoirs : l&rsquo;ex\u00e9cutif, l\u00e9gislatif et la magistrature, libert\u00e9 d&rsquo;opinions et de culte. Ces libert\u00e9s seront absolument garanties. Et de cette fa\u00e7on, peu importe pour moi l&rsquo;appellation. Ce sont les fondements de l&rsquo;Etat d\u00e9mocratique.<\/font><\/p>\n<p><strong><font face=\"Arial\" size=\"2\">Lola : Quel est selon vous le rapport entre politique et religion ? <\/font><\/strong><\/p>\n<p><font face=\"Arial\" size=\"2\">Pour nous, il y a respect de la vie politique, comme je l&rsquo;ai dit. Il n&rsquo;y a aucune ing\u00e9rence du religieux dans la vie politique. Le religieux, c&rsquo;est-\u00e0-dire les croyances, les libert\u00e9s, le culte, est l&rsquo;affaire de la soci\u00e9t\u00e9 tout enti\u00e8re. Notre principe : nulle contrainte dans la religion.<\/font><\/p>\n<p><strong><font face=\"Arial\" size=\"2\">Massinissa : Selon vous, le Tunisien est-il plus pr\u00e8s de l&rsquo;Italien ou de l&rsquo;Irakien ?<\/font><\/strong><\/p>\n<p><font face=\"Arial\" size=\"2\">Les Tunisiens ont leur personnalit\u00e9, leurs r\u00e9alit\u00e9s, leur identit\u00e9, leurs r\u00e9f\u00e9rences. Mais ils sont toujours ouverts au brassage des soci\u00e9t\u00e9s, et surtout, avec les environs tout proches avec leur t\u00eate, l&rsquo;environnement europ\u00e9en. Certainement, on a une histoire commune avec Rome, puisque Rome \u00e9tait un empire. L&rsquo;appartenance arabe nous unit \u00e0 l&rsquo;Irak. Mais nous sommes unis avec l&rsquo;Italie aussi, dans des relations de culture et de voisinage.<\/font><\/p>\n<p><strong><font face=\"Arial\" size=\"2\">Ogareff : Pensez-vous que la femme et l&rsquo;homme soient \u00e9gaux et doivent <\/font><a href=\"http:\/\/conjugaison.lemonde.fr\/conjugaison\/search?verb=b%C3%A9n%C3%A9ficier\" rel=\"nofollow noopener\" target=\"_blank\"><font face=\"Arial\" size=\"2\">b\u00e9n\u00e9ficier<\/font><\/a><font face=\"Arial\" size=\"2\"> des m\u00eames droits dans absolument tous les domaines ? <\/font><\/strong><\/p>\n<p><font face=\"Arial\" size=\"2\">Certainement, et sans \u00e9quivoque. Je crois que la soci\u00e9t\u00e9 tunisienne est arriv\u00e9e \u00e0 un niveau culturel et social o\u00f9 la femme occupe une place privil\u00e9gi\u00e9e que nous comptons, \u00e0 Ennahda, <\/font><a href=\"http:\/\/conjugaison.lemonde.fr\/conjugaison\/search?verb=renforcer\" rel=\"nofollow noopener\" target=\"_blank\"><font face=\"Arial\" size=\"2\">renforcer<\/font><\/a><font face=\"Arial\" size=\"2\"> et <\/font><a href=\"http:\/\/conjugaison.lemonde.fr\/conjugaison\/search?verb=aller\" rel=\"nofollow noopener\" target=\"_blank\"><font face=\"Arial\" size=\"2\">aller<\/font><\/a><font face=\"Arial\" size=\"2\"> plus loin dans les acquis de la femme.<\/font><\/p>\n<p><strong><font face=\"Arial\" size=\"2\">Ogareff : Pensez-vous que l&rsquo;adult\u00e8re doit <\/font><a href=\"http:\/\/conjugaison.lemonde.fr\/conjugaison\/search?verb=%C3%AAtre\" rel=\"nofollow noopener\" target=\"_blank\"><font face=\"Arial\" size=\"2\">\u00eatre<\/font><\/a><font face=\"Arial\" size=\"2\"> sanctionn\u00e9 ? Si oui, comment ? L&rsquo;adult\u00e8re f\u00e9minin est-il, selon vous, plus grave que l&rsquo;adult\u00e8re masculin ? <\/font><\/strong><\/p>\n<p><font face=\"Arial\" size=\"2\">Nous n&rsquo;allons pas <\/font><a href=\"http:\/\/conjugaison.lemonde.fr\/conjugaison\/search?verb=changer\" rel=\"nofollow noopener\" target=\"_blank\"><font face=\"Arial\" size=\"2\">changer<\/font><\/a><font face=\"Arial\" size=\"2\"> les lois actuelles, au moins pour Ennahda. Nous pensons que ce n&rsquo;est pas une question de sanction, mais une question tout d&rsquo;abord d&rsquo;\u00e9ducation et de civisme.<\/font><\/p>\n<p><strong><font face=\"Arial\" size=\"2\">Lola : Les citoyens tunisiens non musulmans ne sont-ils pas de seconde zone selon vous ? <\/font><\/strong><\/p>\n<p><font face=\"Arial\" size=\"2\">Pas du tout. Notre conception de l&rsquo;Etat est tout d&rsquo;abord un Etat de citoyennet\u00e9, c&rsquo;est-\u00e0-dire qu&rsquo;elle consid\u00e8re que tous les citoyens tunisiens, musulmans, juifs ou chr\u00e9tiens, sont des citoyens \u00e9gaux en droits et en devoirs.<\/font><\/p>\n<p><strong><a href=\"http:\/\/www.lemonde.fr\/sujet\/7879\/vincent-arturo.html\" rel=\"nofollow noopener\" target=\"_blank\"><font face=\"Arial\" size=\"2\">Vincent Arturo<\/font><\/a><font face=\"Arial\" size=\"2\"> : Etes-vous pour une loi contre le blasph\u00e8me ?<\/font><\/strong><\/p>\n<p><font face=\"Arial\" size=\"2\">Pas du tout. Nous n&rsquo;allons pas <\/font><a href=\"http:\/\/conjugaison.lemonde.fr\/conjugaison\/search?verb=changer\" rel=\"nofollow noopener\" target=\"_blank\"><font face=\"Arial\" size=\"2\">changer<\/font><\/a><font face=\"Arial\" size=\"2\"> les lois sur cette question. Je r\u00e9p\u00e8te qu&rsquo;il n&rsquo;est pas question de<\/font><a href=\"http:\/\/conjugaison.lemonde.fr\/conjugaison\/search?verb=traiter\" rel=\"nofollow noopener\" target=\"_blank\"><font face=\"Arial\" size=\"2\">traiter<\/font><\/a><font face=\"Arial\" size=\"2\"> les ph\u00e9nom\u00e8nes sociaux par des sanctions uniquement.<\/font><\/p>\n<div><font face=\"Arial\" size=\"2\"><strong>Lola : Quel regard portez-vous sur les grandes th\u00e9ocraties islamiques ?<\/strong><\/font><\/div>\n<p><font face=\"Arial\" size=\"2\">Je n&rsquo;ai pas de regard sur ces Etats. Je pars du respect des types de soci\u00e9t\u00e9 \u00e0 condition qu&rsquo;ils soient choisis d\u00e9mocratiquement. Et ce choix est de la responsabilit\u00e9 des peuples saoudien, iranien ou tout autre.<\/font><\/p>\n<p><strong><font face=\"Arial\" size=\"2\">Re4Qube : Soutenez-vous les r\u00e9centes manifestations survenues en Tunisie suite \u00e0 la diffusion de<em>Persepolis<\/em> sur l&rsquo;une des cha\u00eenes de t\u00e9l\u00e9vision du pays ?<\/font><\/strong><\/p>\n<p><font face=\"Arial\" size=\"2\">Pour nous, l&rsquo;essentiel est de <\/font><a href=\"http:\/\/conjugaison.lemonde.fr\/conjugaison\/search?verb=respecter\" rel=\"nofollow noopener\" target=\"_blank\"><font face=\"Arial\" size=\"2\">respecter<\/font><\/a><font face=\"Arial\" size=\"2\"> les libert\u00e9s. Toutes les libert\u00e9s d&rsquo;expression de tout genre. Mais nous sommes aussi pour le respect des peuples d&rsquo;<\/font><a href=\"http:\/\/conjugaison.lemonde.fr\/conjugaison\/search?verb=accepter\" rel=\"nofollow noopener\" target=\"_blank\"><font face=\"Arial\" size=\"2\">accepter<\/font><\/a><font face=\"Arial\" size=\"2\"> ou <\/font><a href=\"http:\/\/conjugaison.lemonde.fr\/conjugaison\/search?verb=refuser\" rel=\"nofollow noopener\" target=\"_blank\"><font face=\"Arial\" size=\"2\">refuser<\/font><\/a><font face=\"Arial\" size=\"2\"> ces manifestations culturelles, films ou autres, y compris la libert\u00e9 de manifestation dans le cadre du respect d&rsquo;autrui et si ces manifestations sont pacifiques.<\/font><\/p>\n<p><strong><font face=\"Arial\" size=\"2\">Grifo : Toujours \u00e0 propos de <em>Persepolis<\/em>, votre parti a d\u00e9clar\u00e9 que la d\u00e9cision de la TV Nessma de <\/font><a href=\"http:\/\/conjugaison.lemonde.fr\/conjugaison\/search?verb=projeter\" rel=\"nofollow noopener\" target=\"_blank\"><font face=\"Arial\" size=\"2\">projeter<\/font><\/a><font face=\"Arial\" size=\"2\"> le film \u00e9tait une provocation. Vous ne pensez pas que, au nom de la libert\u00e9 d&rsquo;expression, fondamentale \u00e0 toute d\u00e9mocratie moderne, c&rsquo;est le choix de chaque citoyen d&rsquo;<\/font><a href=\"http:\/\/conjugaison.lemonde.fr\/conjugaison\/search?verb=avoir\" rel=\"nofollow noopener\" target=\"_blank\"><font face=\"Arial\" size=\"2\">avoir<\/font><\/a><font face=\"Arial\" size=\"2\"> acc\u00e8s et de <\/font><a href=\"http:\/\/conjugaison.lemonde.fr\/conjugaison\/search?verb=regarder\" rel=\"nofollow noopener\" target=\"_blank\"><font face=\"Arial\" size=\"2\">regarder<\/font><\/a><font face=\"Arial\" size=\"2\"> ce qu&rsquo;il veut, ceux qui se sentent offens\u00e9s par un film \u00e9tant libres de ne pas le <\/font><a href=\"http:\/\/conjugaison.lemonde.fr\/conjugaison\/search?verb=regarder\" rel=\"nofollow noopener\" target=\"_blank\"><font face=\"Arial\" size=\"2\">regarder<\/font><\/a><font face=\"Arial\" size=\"2\"> ?<\/font><\/strong><\/p>\n<p><font face=\"Arial\" size=\"2\">Nous sommes pour cette libert\u00e9 de choix, d&rsquo;expression, et nous sommes aussi pour cette m\u00eame libert\u00e9 de <\/font><a href=\"http:\/\/conjugaison.lemonde.fr\/conjugaison\/search?verb=manifester\" rel=\"nofollow noopener\" target=\"_blank\"><font face=\"Arial\" size=\"2\">manifester<\/font><\/a><font face=\"Arial\" size=\"2\"> dans le cadre de la loi. Quant \u00e0 cette projection, l&rsquo;essentiel est que toutes les libert\u00e9s soient respect\u00e9es : libert\u00e9 d&rsquo;<\/font><a href=\"http:\/\/conjugaison.lemonde.fr\/conjugaison\/search?verb=accepter\" rel=\"nofollow noopener\" target=\"_blank\"><font face=\"Arial\" size=\"2\">accepter<\/font><\/a><font face=\"Arial\" size=\"2\">, et libert\u00e9 de <\/font><a href=\"http:\/\/conjugaison.lemonde.fr\/conjugaison\/search?verb=refuser\" rel=\"nofollow noopener\" target=\"_blank\"><font face=\"Arial\" size=\"2\">refuser<\/font><\/a><font face=\"Arial\" size=\"2\"> ce genre de films ou tout autre.<\/font><\/p>\n<p><strong><a href=\"http:\/\/www.lemonde.fr\/sujet\/3212\/jean-pierre.html\" rel=\"nofollow noopener\" target=\"_blank\"><font face=\"Arial\" size=\"2\">Jean Pierre<\/font><\/a><font face=\"Arial\" size=\"2\"> Ryf : Comment vous positionnez-vous par rapport au salafisme ?<\/font><\/strong><\/p>\n<p><font face=\"Arial\" size=\"2\">On respecte toutes les id\u00e9es \u00e0 condition qu&rsquo;elles soient dans le cadre des libert\u00e9s et dans le cadre aussi de la d\u00e9mocratie, c&rsquo;est-\u00e0-dire en dehors de toute action brutale ou arm\u00e9e. Si ces conditions sont r\u00e9unies, les salafistes, comme tous les autres courants, doivent <\/font><a href=\"http:\/\/conjugaison.lemonde.fr\/conjugaison\/search?verb=trouver\" rel=\"nofollow noopener\" target=\"_blank\"><font face=\"Arial\" size=\"2\">trouver<\/font><\/a><font face=\"Arial\" size=\"2\"> leur place dans notre soci\u00e9t\u00e9. Et c&rsquo;est au peuple de se <\/font><a href=\"http:\/\/conjugaison.lemonde.fr\/conjugaison\/search?verb=prononcer\" rel=\"nofollow noopener\" target=\"_blank\"><font face=\"Arial\" size=\"2\">prononcer<\/font><\/a><font face=\"Arial\" size=\"2\"> librement sur tous ces partis ou ces mouvements.<\/font><\/p>\n<p><strong><font face=\"Arial\" size=\"2\">Mohamed : Pourquoi dans votre programme \u00e9lectoral, en 365 points, il n&rsquo;est jamais fait allusion au code du statut personnel ?<\/font><\/strong><\/p>\n<p><font face=\"Arial\" size=\"2\">Si, on y a fait allusion \u00e0 plusieurs reprises. Peut-\u00eatre pas sous ce <\/font><a href=\"http:\/\/conjugaison.lemonde.fr\/conjugaison\/search?verb=titre\" rel=\"nofollow noopener\" target=\"_blank\"><font face=\"Arial\" size=\"2\">titre<\/font><\/a><font face=\"Arial\" size=\"2\">, mais nous avons plusieurs chapitres sur la famille et la femme, les acquis sociaux de notre soci\u00e9t\u00e9, et je pense que nous avons pr\u00e9cis\u00e9 clairement nos positions sur ce probl\u00e8me.<\/font><\/p>\n<p><strong><font face=\"Arial\" size=\"2\">Khalil : Je suis curieux de<\/font><a href=\"http:\/\/conjugaison.lemonde.fr\/conjugaison\/search?verb=savoir\" rel=\"nofollow noopener\" target=\"_blank\"><font face=\"Arial\" size=\"2\">savoir<\/font><\/a><font face=\"Arial\" size=\"2\"> quel plan d&rsquo;action Ennahda compte <\/font><a href=\"http:\/\/conjugaison.lemonde.fr\/conjugaison\/search?verb=mettre\" rel=\"nofollow noopener\" target=\"_blank\"><font face=\"Arial\" size=\"2\">mettre<\/font><\/a><font face=\"Arial\" size=\"2\"> en place pour <\/font><a href=\"http:\/\/conjugaison.lemonde.fr\/conjugaison\/search?verb=cr%C3%A9er\" rel=\"nofollow noopener\" target=\"_blank\"><font face=\"Arial\" size=\"2\">cr\u00e9er<\/font><\/a><font face=\"Arial\" size=\"2\"> du travail et <\/font><a href=\"http:\/\/conjugaison.lemonde.fr\/conjugaison\/search?verb=consolider\" rel=\"nofollow noopener\" target=\"_blank\"><font face=\"Arial\" size=\"2\">consolider<\/font><\/a><font face=\"Arial\" size=\"2\"> des liens \u00e9conomiques avec l&rsquo;Europe.<\/font><\/strong><\/p>\n<p><font face=\"Arial\" size=\"2\">Nous avons deux priorit\u00e9s actuellement : l&#8217;emploi, et ce probl\u00e8me sera r\u00e9solu en deux ou trois \u00e9tapes, c&rsquo;est-\u00e0-dire \u00e0 court terme, pendant la premi\u00e8re ann\u00e9e, l&rsquo;ann\u00e9e de transition. Nous allons tout d&rsquo;abord <\/font><a href=\"http:\/\/conjugaison.lemonde.fr\/conjugaison\/search?verb=consolider\" rel=\"nofollow noopener\" target=\"_blank\"><font face=\"Arial\" size=\"2\">consolider<\/font><\/a><font face=\"Arial\" size=\"2\"> les mesures prises par le gouvernement actuel : les subventions accord\u00e9es aux jeunes ch\u00f4meurs, surtout les ch\u00f4meurs dipl\u00f4m\u00e9s, ceux qui ont des titres universitaires. Nous allons <\/font><a href=\"http:\/\/conjugaison.lemonde.fr\/conjugaison\/search?verb=conserver\" rel=\"nofollow noopener\" target=\"_blank\"><font face=\"Arial\" size=\"2\">conserver<\/font><\/a><font face=\"Arial\" size=\"2\"> cette subvention, actuellement de 200 dinars et m\u00eame plus. Nous allons <\/font><a href=\"http:\/\/conjugaison.lemonde.fr\/conjugaison\/search?verb=%C3%A9largir\" rel=\"nofollow noopener\" target=\"_blank\"><font face=\"Arial\" size=\"2\">\u00e9largir<\/font><\/a><font face=\"Arial\" size=\"2\"> les b\u00e9n\u00e9ficiaires. Mais nous allons <\/font><a href=\"http:\/\/conjugaison.lemonde.fr\/conjugaison\/search?verb=centrer\" rel=\"nofollow noopener\" target=\"_blank\"><font face=\"Arial\" size=\"2\">centrer<\/font><\/a><font face=\"Arial\" size=\"2\"> notre programme sur la formation de ces jeunes sur des fili\u00e8res o\u00f9 les demandes sont r\u00e9elles, comme les technologies nouvelles, et cela passe par la cr\u00e9ation de centres de formation pour <\/font><a href=\"http:\/\/conjugaison.lemonde.fr\/conjugaison\/search?verb=r%C3%A9pondre\" rel=\"nofollow noopener\" target=\"_blank\"><font face=\"Arial\" size=\"2\">r\u00e9pondre<\/font><\/a><font face=\"Arial\" size=\"2\"> \u00e0 ces demandes. Cela passe aussi par une injection d&rsquo;argent dans les investissements \u00e0 court terme, surtout dans les micro-projets, les petites et moyennes entreprises. Tout cela pour <\/font><a href=\"http:\/\/conjugaison.lemonde.fr\/conjugaison\/search?verb=absorber\" rel=\"nofollow noopener\" target=\"_blank\"><font face=\"Arial\" size=\"2\">absorber<\/font><\/a><font face=\"Arial\" size=\"2\"> au maximum ces jeunes ch\u00f4meurs.<\/font><\/p>\n<p><font face=\"Arial\" size=\"2\">Et \u00e0 moyen terme, nous agirons sur des plans de d\u00e9veloppement r\u00e9gional, surtout dans les r\u00e9gions d\u00e9sh\u00e9rit\u00e9es, et dans ce domaine, nous comptons sur l&rsquo;appui de nos amis, notamment europ\u00e9ens, pour <\/font><a href=\"http:\/\/conjugaison.lemonde.fr\/conjugaison\/search?verb=cr%C3%A9er\" rel=\"nofollow noopener\" target=\"_blank\"><font face=\"Arial\" size=\"2\">cr\u00e9er<\/font><\/a><font face=\"Arial\" size=\"2\"> des postes de travail et par l\u00e0 <\/font><a href=\"http:\/\/conjugaison.lemonde.fr\/conjugaison\/search?verb=commencer\" rel=\"nofollow noopener\" target=\"_blank\"><font face=\"Arial\" size=\"2\">commencer<\/font><\/a><font face=\"Arial\" size=\"2\"> \u00e0 <\/font><a href=\"http:\/\/conjugaison.lemonde.fr\/conjugaison\/search?verb=r%C3%A9soudre\" rel=\"nofollow noopener\" target=\"_blank\"><font face=\"Arial\" size=\"2\">r\u00e9soudre<\/font><\/a><font face=\"Arial\" size=\"2\"> le probl\u00e8me de l&rsquo;immigration clandestine qui repr\u00e9sente un drame humanitaire et social dans notre pays et dans les pays europ\u00e9ens.<\/font><\/p>\n<p><font face=\"Arial\" size=\"2\">Enfin, \u00e0 long terme, par une autre conception du mod\u00e8le de d\u00e9veloppement, qui sera, j&rsquo;esp\u00e8re, \u00e9labor\u00e9e tr\u00e8s prochainement. Ce sujet est tr\u00e8s vaste pour en <\/font><a href=\"http:\/\/conjugaison.lemonde.fr\/conjugaison\/search?verb=parler\" rel=\"nofollow noopener\" target=\"_blank\"><font face=\"Arial\" size=\"2\">parler<\/font><\/a><font face=\"Arial\" size=\"2\"> en quelques minutes. Vous pouvez <\/font><a href=\"http:\/\/conjugaison.lemonde.fr\/conjugaison\/search?verb=consulter\" rel=\"nofollow noopener\" target=\"_blank\"><font face=\"Arial\" size=\"2\">consulter<\/font><\/a><font face=\"Arial\" size=\"2\"> notre programme pour en <\/font><a href=\"http:\/\/conjugaison.lemonde.fr\/conjugaison\/search?verb=savoir\" rel=\"nofollow noopener\" target=\"_blank\"><font face=\"Arial\" size=\"2\">savoir<\/font><\/a><font face=\"Arial\" size=\"2\"> plus.<\/font><\/p>\n<p><strong><font face=\"Arial\" size=\"2\">Romain : <\/font><a href=\"http:\/\/www.lemonde.fr\/sujet\/5c04\/pour-ennahda.html\" rel=\"nofollow noopener\" target=\"_blank\"><font face=\"Arial\" size=\"2\">Pour Ennahda<\/font><\/a><font face=\"Arial\" size=\"2\">, l&rsquo;islam implique-t-il plut\u00f4t une \u00e9conomie socialiste ou lib\u00e9rale ?<\/font><\/strong><\/p>\n<p><font face=\"Arial\" size=\"2\">Je crois que c&rsquo;est un mod\u00e8le d&rsquo;\u00e9conomie interm\u00e9diaire, c&rsquo;est-\u00e0-dire <\/font><a href=\"http:\/\/conjugaison.lemonde.fr\/conjugaison\/search?verb=respecter\" rel=\"nofollow noopener\" target=\"_blank\"><font face=\"Arial\" size=\"2\">respecter<\/font><\/a><font face=\"Arial\" size=\"2\"> le libre choix et la libert\u00e9 du march\u00e9, de la propri\u00e9t\u00e9 individuelle, l&rsquo;Etat conservant son r\u00f4le de mod\u00e9rateur, surtout dans les secteurs strat\u00e9giques.<\/font><\/p>\n<p><strong><font face=\"Arial\" size=\"2\">Mohamed : L&rsquo;actuel 1<sup>er<\/sup> article de la Constitution de 1959 stipule que <em>\u00ab\u00a0la Tunisie est un pays souverain, dont le r\u00e9gime est la R\u00e9publique, la langue l&rsquo;arabe, et qui a comme religion l&rsquo;islam\u00a0\u00bb<\/em>. Comptez-vous le<\/font><a href=\"http:\/\/conjugaison.lemonde.fr\/conjugaison\/search?verb=changer\" rel=\"nofollow noopener\" target=\"_blank\"><font face=\"Arial\" size=\"2\">changer<\/font><\/a><font face=\"Arial\" size=\"2\"> ou l&rsquo;<\/font><a href=\"http:\/\/conjugaison.lemonde.fr\/conjugaison\/search?verb=amender\" rel=\"nofollow noopener\" target=\"_blank\"><font face=\"Arial\" size=\"2\">amender<\/font><\/a><font face=\"Arial\" size=\"2\"> en totalit\u00e9 ou en partie ? Si c&rsquo;est le cas, quelle en sera la teneur ? <\/font><\/strong><\/p>\n<p><font face=\"Arial\" size=\"2\">Je crois que l&rsquo;article 1<sup>er<\/sup> de la Constitution a l&rsquo;aval de tous les Tunisiens, donc c&rsquo;est un d\u00e9nominateur commun et un article d&rsquo;\u00e9quilibre dans la soci\u00e9t\u00e9. Tout en pr\u00e9cisant que si la religion d&rsquo;Etat est l&rsquo;islam ne veut pas<\/font><a href=\"http:\/\/conjugaison.lemonde.fr\/conjugaison\/search?verb=dire\" rel=\"nofollow noopener\" target=\"_blank\"><font face=\"Arial\" size=\"2\">dire<\/font><\/a><font face=\"Arial\" size=\"2\"> que les autres croyances vont <\/font><a href=\"http:\/\/conjugaison.lemonde.fr\/conjugaison\/search?verb=%C3%AAtre\" rel=\"nofollow noopener\" target=\"_blank\"><font face=\"Arial\" size=\"2\">\u00eatre<\/font><\/a><font face=\"Arial\" size=\"2\"> consid\u00e9r\u00e9es comme citoyens de deuxi\u00e8me ordre et que notre conception de l&rsquo;Etat, je le r\u00e9p\u00e8te, c&rsquo;est un Etat neutre envers les religions, un Etat de droit et de citoyennet\u00e9 : tous les citoyens doivent<\/font><a href=\"http:\/\/conjugaison.lemonde.fr\/conjugaison\/search?verb=%C3%AAtre\" rel=\"nofollow noopener\" target=\"_blank\"><font face=\"Arial\" size=\"2\">\u00eatre<\/font><\/a><font face=\"Arial\" size=\"2\"> trait\u00e9s comme \u00e9gaux en Tunisie.<\/font><\/p>\n<p><strong><font face=\"Arial\" size=\"2\">Patrice : La loi, et notamment la loi p\u00e9nale, restera-t-elle la\u00efque et ne conna\u00eetra-t-elle aucun changement ? <\/font><\/strong><\/p>\n<p><font face=\"Arial\" size=\"2\">Je ne sais pas ce que veut <\/font><a href=\"http:\/\/conjugaison.lemonde.fr\/conjugaison\/search?verb=dire\" rel=\"nofollow noopener\" target=\"_blank\"><font face=\"Arial\" size=\"2\">dire<\/font><\/a><font face=\"Arial\" size=\"2\"><em>\u00ab\u00a0la\u00efque\u00a0\u00bb<\/em>, mais elle restera en vigueur, telle qu&rsquo;elle est. Pour nous, il n&rsquo;y aura pas de changement.<\/font><\/p>\n<p><strong><font face=\"Arial\" size=\"2\">5alifa : Je voudrais <\/font><a href=\"http:\/\/conjugaison.lemonde.fr\/conjugaison\/search?verb=savoir\" rel=\"nofollow noopener\" target=\"_blank\"><font face=\"Arial\" size=\"2\">savoir<\/font><\/a><font face=\"Arial\" size=\"2\"> quelle est votre position par rapport \u00e0 l&rsquo;interdiction du bourqa\/niqab ?<\/font><\/strong><\/p>\n<p><font face=\"Arial\" size=\"2\">Pour nous, il n&rsquo;y a ni encouragement ni interdiction. Nous consid\u00e9rons que c&rsquo;est une affaire personnelle et de libert\u00e9 individuelle.<\/font><\/p>\n<p><strong><font face=\"Arial\" size=\"2\">18 juin : Un certain nombre de Franco-Tunisiens se prononcent apparemment en faveur de vos id\u00e9es, il semble de fait qu&rsquo;ils n&rsquo;aient plus leur place en France, allez-vous les <\/font><a href=\"http:\/\/conjugaison.lemonde.fr\/conjugaison\/search?verb=reprendre\" rel=\"nofollow noopener\" target=\"_blank\"><font face=\"Arial\" size=\"2\">reprendre<\/font><\/a><font face=\"Arial\" size=\"2\"> ? <\/font><\/strong><\/p>\n<p><font face=\"Arial\" size=\"2\">C&rsquo;est l\u00e0 aussi une d\u00e9cision personnelle. Je crois que la France et les soci\u00e9t\u00e9s europ\u00e9ennes ont trait\u00e9 ces Tunisiens comme des citoyens \u00e9gaux et qu&rsquo;une bonne partie y a trouv\u00e9 l&rsquo;asile politique. Nous avons le <\/font><a href=\"http:\/\/conjugaison.lemonde.fr\/conjugaison\/search?verb=devoir\" rel=\"nofollow noopener\" target=\"_blank\"><font face=\"Arial\" size=\"2\">devoir<\/font><\/a><font face=\"Arial\" size=\"2\"> de les <\/font><a href=\"http:\/\/conjugaison.lemonde.fr\/conjugaison\/search?verb=saluer\" rel=\"nofollow noopener\" target=\"_blank\"><font face=\"Arial\" size=\"2\">saluer<\/font><\/a><font face=\"Arial\" size=\"2\"> et de les <\/font><a href=\"http:\/\/conjugaison.lemonde.fr\/conjugaison\/search?verb=remercier\" rel=\"nofollow noopener\" target=\"_blank\"><font face=\"Arial\" size=\"2\">remercier<\/font><\/a><font face=\"Arial\" size=\"2\">, et je pense aussi que ces soci\u00e9t\u00e9s sont des soci\u00e9t\u00e9s de droit qui ont respect\u00e9 et respectent nos citoyens \u00e0 tous les niveaux.<\/font><\/p>\n<p><font face=\"Arial\" size=\"2\">Dans ces conditions, le retour en Tunisie est un choix personnel en dehors de tout aspect confessionnel ou politique. Ils seront toujours les bienvenus pour<\/font><a href=\"http:\/\/conjugaison.lemonde.fr\/conjugaison\/search?verb=contribuer\" rel=\"nofollow noopener\" target=\"_blank\"><font face=\"Arial\" size=\"2\">contribuer<\/font><\/a><font face=\"Arial\" size=\"2\"> au d\u00e9veloppement de leur pays.<\/font><\/p>\n<p><strong><font face=\"Arial\" size=\"2\">Re4Qube : A quel degr\u00e9 et de quelle mani\u00e8re la religion influe-t-elle sur votre programme politique ?<\/font><\/strong><\/p>\n<p><font face=\"Arial\" size=\"2\">La religion n&rsquo;a pas d&rsquo;influence directe sur notre programme politique, sauf dans la r\u00e9f\u00e9rence aux valeurs que je consid\u00e8re comme universelles, c&rsquo;est-\u00e0-dire les valeurs de libert\u00e9, des droits de l&rsquo;homme et de d\u00e9mocratie qu&rsquo;Ennahda consid\u00e8re comme principes, et m\u00eame comme l&rsquo;essence de l&rsquo;islam.<\/font><\/p>\n<p><strong><font face=\"Arial\" size=\"2\">5alifa : Cela signifie-t-il que vous permettrez la vente d&rsquo;alcool ou le non-je\u00fbne en public lors du ramadan ? <\/font><\/strong><\/p>\n<p><font face=\"Arial\" size=\"2\">Ce probl\u00e8me doit <\/font><a href=\"http:\/\/conjugaison.lemonde.fr\/conjugaison\/search?verb=%C3%AAtre\" rel=\"nofollow noopener\" target=\"_blank\"><font face=\"Arial\" size=\"2\">\u00eatre<\/font><\/a><font face=\"Arial\" size=\"2\"> trait\u00e9 dans deux cadres : le cadre des libert\u00e9s individuelles et celui du respect des valeurs de la soci\u00e9t\u00e9. On n&rsquo;a pas le droit de s&rsquo;<\/font><a href=\"http:\/\/conjugaison.lemonde.fr\/conjugaison\/search?verb=immiscer\" rel=\"nofollow noopener\" target=\"_blank\"><font face=\"Arial\" size=\"2\">immiscer<\/font><\/a><font face=\"Arial\" size=\"2\"> dans les affaires personnelles, mais tout le monde a le <\/font><a href=\"http:\/\/conjugaison.lemonde.fr\/conjugaison\/search?verb=devoir\" rel=\"nofollow noopener\" target=\"_blank\"><font face=\"Arial\" size=\"2\">devoir<\/font><\/a><font face=\"Arial\" size=\"2\"> de <\/font><a href=\"http:\/\/conjugaison.lemonde.fr\/conjugaison\/search?verb=respecter\" rel=\"nofollow noopener\" target=\"_blank\"><font face=\"Arial\" size=\"2\">respecter<\/font><\/a><font face=\"Arial\" size=\"2\"> le consensus et l&rsquo;identit\u00e9 nationaux.<\/font><\/p>\n<p><strong><font face=\"Arial\" size=\"2\">Iep : Qu&rsquo;est ce qu&rsquo;un <em>\u00ab\u00a0parti islamiste\u00a0\u00bb<\/em> selon vous ? <\/font><\/strong><\/p>\n<p><font face=\"Arial\" size=\"2\">Ennahda, \u00e0 mon avis, n&rsquo;est pas un parti islamiste. D&rsquo;ailleurs cette appellation ne me dit rien du tout. Nous sommes un parti politique et civil, c&rsquo;est-\u00e0-dire qu&rsquo;il n&rsquo;est pas th\u00e9ocratique, dans le sens que notre <\/font><a href=\"http:\/\/conjugaison.lemonde.fr\/conjugaison\/search?verb=devoir\" rel=\"nofollow noopener\" target=\"_blank\"><font face=\"Arial\" size=\"2\">devoir<\/font><\/a><font face=\"Arial\" size=\"2\"> est de <\/font><a href=\"http:\/\/conjugaison.lemonde.fr\/conjugaison\/search?verb=proposer\" rel=\"nofollow noopener\" target=\"_blank\"><font face=\"Arial\" size=\"2\">proposer<\/font><\/a><font face=\"Arial\" size=\"2\"> \u00e0 notre peuple notre programme dans tous les domaines, et que nous voulons que les gens nous choisissent ou nous rejettent en fonction de ce programme. Pas comme \u00e9tant religieux ou pas religieux.<\/font><\/p>\n<p><strong><font face=\"Arial\" size=\"2\">Postittt : Si votre parti remporte les \u00e9lections, pouvez-vous <\/font><a href=\"http:\/\/conjugaison.lemonde.fr\/conjugaison\/search?verb=garantir\" rel=\"nofollow noopener\" target=\"_blank\"><font face=\"Arial\" size=\"2\">garantir<\/font><\/a><font face=\"Arial\" size=\"2\"> le principe fondamental de la laicit\u00e9 de l&rsquo;Etat ?<\/font><\/strong><\/p>\n<p><font face=\"Arial\" size=\"2\">Nous garantissons l&rsquo;Etat de droit et de citoyennet\u00e9. C&rsquo;est ce que nous comptons <\/font><a href=\"http:\/\/conjugaison.lemonde.fr\/conjugaison\/search?verb=faire\" rel=\"nofollow noopener\" target=\"_blank\"><font face=\"Arial\" size=\"2\">faire<\/font><\/a><font face=\"Arial\" size=\"2\">, et c&rsquo;est ce qui nous int\u00e9resse. Si la\u00efcit\u00e9 veut <\/font><a href=\"http:\/\/conjugaison.lemonde.fr\/conjugaison\/search?verb=dire\" rel=\"nofollow noopener\" target=\"_blank\"><font face=\"Arial\" size=\"2\">dire<\/font><\/a><font face=\"Arial\" size=\"2\"> respect des libert\u00e9s, <\/font><a href=\"http:\/\/conjugaison.lemonde.fr\/conjugaison\/search?verb=pouvoir\" rel=\"nofollow noopener\" target=\"_blank\"><font face=\"Arial\" size=\"2\">pouvoir<\/font><\/a><font face=\"Arial\" size=\"2\"> du peuple, respect de son jugement, si cela s&rsquo;appelle Etat la\u00efque, \u00e0 ce moment-l\u00e0, tant mieux.<\/font><\/p>\n<p><strong><font face=\"Arial\" size=\"2\">Iep : Si vous \u00eates \u00e9lu, accepterez-vous la libert\u00e9 de tous les cultes ? <\/font><\/strong><\/p>\n<p><font face=\"Arial\" size=\"2\">Absolument. Nous rappelons, pour ceux qui ne le savent pas, que l&rsquo;islam oblige ses croyants au respect de toutes les religions, et consid\u00e8re m\u00eame que ce respect est un des fondements de la religion.<\/font><\/p>\n<p><strong><font face=\"Arial\" size=\"2\">Erdogan : Etes-vous (Ennahda) pour la reconnaissance et la normalisation des relations diplomatiques entre la Tunisie et Isra\u00ebl ? <\/font><\/strong><\/p>\n<p><font face=\"Arial\" size=\"2\">Sur cette question, nous sommes tr\u00e8s clairs : si Isra\u00ebl accepte le droit des Palestiniens \u00e0 la cr\u00e9ation d&rsquo;un Etat d\u00e9mocratique sur les territoires reconnus par les accords internationaux, y compris une partie de J\u00e9rusalem comme capitale, et si les Palestiniens et les Isra\u00e9liens tombent d&rsquo;accord, nous sommes, \u00e0 Ennahda et en Tunisie, pour <\/font><a href=\"http:\/\/conjugaison.lemonde.fr\/conjugaison\/search?verb=appuyer\" rel=\"nofollow noopener\" target=\"_blank\"><font face=\"Arial\" size=\"2\">appuyer<\/font><\/a><font face=\"Arial\" size=\"2\">, et m\u00eame <\/font><a href=\"http:\/\/conjugaison.lemonde.fr\/conjugaison\/search?verb=garantir\" rel=\"nofollow noopener\" target=\"_blank\"><font face=\"Arial\" size=\"2\">garantir<\/font><\/a><font face=\"Arial\" size=\"2\">, cet accord.<\/font><\/p>\n<p><strong><font face=\"Arial\" size=\"2\">Jean : Accepteriez-vous que des portraits de Dieu ou du Proph\u00e8te soient r\u00e9alis\u00e9s et publi\u00e9s en Tunisie, pour quelque utilisation que ce soit, au nom de la libert\u00e9 d&rsquo;expression ? <\/font><\/strong><\/p>\n<p><font face=\"Arial\" size=\"2\">Je crois que c&rsquo;est plut\u00f4t une provocation qu&rsquo;une libert\u00e9 d&rsquo;expression, malheureusement. Et je me demande \u00e0 quoi vont <\/font><a href=\"http:\/\/conjugaison.lemonde.fr\/conjugaison\/search?verb=servir\" rel=\"nofollow noopener\" target=\"_blank\"><font face=\"Arial\" size=\"2\">servir<\/font><\/a><font face=\"Arial\" size=\"2\"> ces provocations, si cela entre vraiment dans le domaine des libert\u00e9s d&rsquo;expression ou bien dans celui de la provocation. Surtout en ce moment o\u00f9 toute la Tunisie se pr\u00e9pare au jour crucial, le 23 octobre, dont tout le monde esp\u00e8re qu&rsquo;il se passera dans le calme.<\/font><\/p>\n<p><strong><font face=\"Arial\" size=\"2\">Erdogan : Quelles sont les sources de financements externes du parti Ennahda ?<\/font><\/strong><\/p>\n<p><font face=\"Arial\" size=\"2\">Nous n&rsquo;avons pas et n&rsquo;avons pas besoin de source ext\u00e9rieure de financement. Je rappelle que le parti Ennahda est un parti populaire, donc les cotisations de nos adh\u00e9rents, qui sont d&rsquo;ailleurs en Tunisie et \u00e0 l&rsquo;\u00e9tranger, nous suffisent largement. Nous n&rsquo;avons donc pas besoin de financement ext\u00e9rieur, et n&rsquo;en avons pas le droit.<\/font><\/p>\n<p><strong><font face=\"Arial\" size=\"2\">Bedad: Il est souvent dit que l&rsquo;AKP vous aidait ? <\/font><\/strong><\/p>\n<p><font face=\"Arial\" size=\"2\">Personne ne nous aide financi\u00e8rement. C&rsquo;est vrai que nous avons des relations avec la Turquie, et avec beaucoup d&rsquo;autres, mais cela reste sur les plans politique, culturel et autres, et n&rsquo;a rien \u00e0 <\/font><a href=\"http:\/\/conjugaison.lemonde.fr\/conjugaison\/search?verb=voir\" rel=\"nofollow noopener\" target=\"_blank\"><font face=\"Arial\" size=\"2\">voir<\/font><\/a><font face=\"Arial\" size=\"2\"> avec le plan financier.<\/font><\/p>\n<p><strong><font face=\"Arial\" size=\"2\">Guillaume : Avez-vous des <em>\u00ab\u00a0mentors spirituels\u00a0\u00bb<\/em> en politique, des mod\u00e8les ? <\/font><\/strong><\/p>\n<p><font face=\"Arial\" size=\"2\">Non, nous n&rsquo;avons pas de mod\u00e8le fig\u00e9. Nous n&rsquo;avons pas non plus d&rsquo;exp\u00e9rience \u00e0 <\/font><a href=\"http:\/\/conjugaison.lemonde.fr\/conjugaison\/search?verb=exporter\" rel=\"nofollow noopener\" target=\"_blank\"><font face=\"Arial\" size=\"2\">exporter<\/font><\/a><font face=\"Arial\" size=\"2\">. Mais nous \u00e9changeons avec tout le monde l&rsquo;exp\u00e9rience et les int\u00e9r\u00eats mutuels.<\/font><\/p>\n<div><strong><font face=\"Arial\" size=\"2\">Guest : Ennahda reconna\u00eet-il le droit d&rsquo;<\/font><a href=\"http:\/\/conjugaison.lemonde.fr\/conjugaison\/search?verb=%C3%AAtre\" rel=\"nofollow noopener\" target=\"_blank\"><font face=\"Arial\" size=\"2\">\u00eatre<\/font><\/a><font face=\"Arial\" size=\"2\"> ath\u00e9e ? <\/font><\/strong><\/div>\n<p><font face=\"Arial\" size=\"2\">Absolument. Et je vous fais <\/font><a href=\"http:\/\/conjugaison.lemonde.fr\/conjugaison\/search?verb=savoir\" rel=\"nofollow noopener\" target=\"_blank\"><font face=\"Arial\" size=\"2\">savoir<\/font><\/a><font face=\"Arial\" size=\"2\"> que pour <\/font><a href=\"http:\/\/conjugaison.lemonde.fr\/conjugaison\/search?verb=adh%C3%A9rer\" rel=\"nofollow noopener\" target=\"_blank\"><font face=\"Arial\" size=\"2\">adh\u00e9rer<\/font><\/a><font face=\"Arial\" size=\"2\"> \u00e0 Ennahda, il n&rsquo;est pas n\u00e9cessaire d&rsquo;<\/font><a href=\"http:\/\/conjugaison.lemonde.fr\/conjugaison\/search?verb=%C3%AAtre\" rel=\"nofollow noopener\" target=\"_blank\"><font face=\"Arial\" size=\"2\">\u00eatre<\/font><\/a><font face=\"Arial\" size=\"2\"> croyant ou pratiquant, sauf qu&rsquo;il faut <\/font><a href=\"http:\/\/conjugaison.lemonde.fr\/conjugaison\/search?verb=respecter\" rel=\"nofollow noopener\" target=\"_blank\"><font face=\"Arial\" size=\"2\">respecter<\/font><\/a><font face=\"Arial\" size=\"2\"> le r\u00e8glement int\u00e9rieur et les principes de Ennahda. Le port du voile n&rsquo;est pas non plus une condition pour l&rsquo;adh\u00e9sion \u00e0 Ennahda.<\/font><\/p>\n<p><strong><font face=\"Arial\" size=\"2\">Manuel : Un homosexuel peut-il<\/font><a href=\"http:\/\/conjugaison.lemonde.fr\/conjugaison\/search?verb=adh%C3%A9rer\" rel=\"nofollow noopener\" target=\"_blank\"><font face=\"Arial\" size=\"2\">adh\u00e9rer<\/font><\/a><font face=\"Arial\" size=\"2\"> \u00e0 votre parti ? <\/font><\/strong><\/p>\n<p><font face=\"Arial\" size=\"2\">Oui, s&rsquo;il respecte le r\u00e8glement et les principes de Ennahda. Nous n&rsquo;allons pas <\/font><a href=\"http:\/\/conjugaison.lemonde.fr\/conjugaison\/search?verb=intervenir\" rel=\"nofollow noopener\" target=\"_blank\"><font face=\"Arial\" size=\"2\">intervenir<\/font><\/a><font face=\"Arial\" size=\"2\"> dans ses actes personnels, mais il doit <\/font><a href=\"http:\/\/conjugaison.lemonde.fr\/conjugaison\/search?verb=respecter\" rel=\"nofollow noopener\" target=\"_blank\"><font face=\"Arial\" size=\"2\">respecter<\/font><\/a><font face=\"Arial\" size=\"2\"> aussi nos principes, qui sont contre ses agissements. Homosexuels ou autres.<\/font><\/p>\n<p><font face=\"Arial\" size=\"2\"><strong>Lola : Approuvez-vous les sanctions existantes en Tunisie contre les homosexuels ? Quelles sanctions souhaitez-vous<a href=\"http:\/\/conjugaison.lemonde.fr\/conjugaison\/search?verb=mettre\" rel=\"nofollow noopener\" target=\"_blank\">mettre<\/a> en place pour<a href=\"http:\/\/conjugaison.lemonde.fr\/conjugaison\/search?verb=punir\" rel=\"nofollow noopener\" target=\"_blank\">punir<\/a> les homosexuels ? <\/strong><\/font><\/p>\n<p><font face=\"Arial\" size=\"2\">Il n&rsquo;y a pas de sanctions propres aux homosexuels. Il y a des lois p\u00e9nales que tout le monde doit <\/font><a href=\"http:\/\/conjugaison.lemonde.fr\/conjugaison\/search?verb=respecter\" rel=\"nofollow noopener\" target=\"_blank\"><font face=\"Arial\" size=\"2\">respecter<\/font><\/a><font face=\"Arial\" size=\"2\">.<\/font><\/p>\n<p><font face=\"Arial\" size=\"2\">Je crois que ce probl\u00e8me est trait\u00e9 dans la loi tunisienne. Ce n&rsquo;est pas notre priorit\u00e9 maintenant de <\/font><a href=\"http:\/\/conjugaison.lemonde.fr\/conjugaison\/search?verb=chercher\" rel=\"nofollow noopener\" target=\"_blank\"><font face=\"Arial\" size=\"2\">chercher<\/font><\/a><font face=\"Arial\" size=\"2\"> des sanctions pour ces probl\u00e8mes, que je consid\u00e8re comme secondaires dans notre soci\u00e9t\u00e9.<\/font><\/p>\n<p><strong><font face=\"Arial\" size=\"2\">Mohsen : Pour vous, Internet devrait-il <\/font><a href=\"http:\/\/conjugaison.lemonde.fr\/conjugaison\/search?verb=%C3%AAtre\" rel=\"nofollow noopener\" target=\"_blank\"><font face=\"Arial\" size=\"2\">\u00eatre<\/font><\/a><font face=\"Arial\" size=\"2\"> contr\u00f4l\u00e9e ? Et les sites \u00ab\u00a0djihadistes\u00a0\u00bb et \u00ab\u00a0extr\u00e9mistes\u00a0\u00bb devraient-ils <\/font><a href=\"http:\/\/conjugaison.lemonde.fr\/conjugaison\/search?verb=%C3%AAtre\" rel=\"nofollow noopener\" target=\"_blank\"><font face=\"Arial\" size=\"2\">\u00eatre<\/font><\/a><font face=\"Arial\" size=\"2\"> censur\u00e9s ou pas ? <\/font><\/strong><\/p>\n<p><font face=\"Arial\" size=\"2\">Non, pas du tout. Aucun site ne doit<\/font><a href=\"http:\/\/conjugaison.lemonde.fr\/conjugaison\/search?verb=%C3%AAtre\" rel=\"nofollow noopener\" target=\"_blank\"><font face=\"Arial\" size=\"2\">\u00eatre<\/font><\/a><font face=\"Arial\" size=\"2\"> censur\u00e9. C&rsquo;est aux citoyens de <\/font><a href=\"http:\/\/conjugaison.lemonde.fr\/conjugaison\/search?verb=choisir\" rel=\"nofollow noopener\" target=\"_blank\"><font face=\"Arial\" size=\"2\">choisir<\/font><\/a><font face=\"Arial\" size=\"2\"> de <\/font><a href=\"http:\/\/conjugaison.lemonde.fr\/conjugaison\/search?verb=regarder\" rel=\"nofollow noopener\" target=\"_blank\"><font face=\"Arial\" size=\"2\">regarder<\/font><\/a><font face=\"Arial\" size=\"2\"> ou non, comme \u00e0 Nessma, mais si une projection tombe sous le coup de la loi, c&rsquo;est une autre question.<\/font><\/p>\n<div><span><font face=\"Arial\" size=\"2\">Chat mod\u00e9r\u00e9 par Domitille Hazard et Isabelle Mandraud<\/font><\/span><\/div>\n<div><span><\/span><\/div>\n<div><span><font face=\"Arial\" size=\"2\"><strong>(Source: \u201cLemonde.fr\u201d le 18 octobre 2011)<\/strong><\/font><\/span><\/div>\n<div><span><font face=\"Arial\" size=\"2\"><strong><font>Lien: <\/font><\/strong><a href=\"http:\/\/www.lemonde.fr\/tunisie\/article\/2011\/10\/18\/hamadi-jebali-l-essentiel-est-de-respecter-les-libertes_1589959_1466522.html\" rel=\"nofollow noopener\" target=\"_blank\" title=\"http:\/\/www.lemonde.fr\/tunisie\/article\/2011\/10\/18\/hamadi-jebali-l-essentiel-est-de-respecter-les-libertes_1589959_1466522.html\"><strong><font>http:\/\/www.lemonde.fr\/tunisie\/article\/2011\/10\/18\/hamadi-jebali-l-essentiel-est-de-respecter-les-libertes_1589959_1466522.html<\/font><\/strong><\/a><\/font><\/span><\/div>\n<p><strong><font face=\"Arial\" size=\"2\"><\/p>\n<div>\n<hr\/>\n<\/div>\n<p><\/font><\/strong><\/p>\n<p align=\"center\">\u00a0<\/p>\n<p align=\"center\"><b><span lang=\"FR-BE\"><\/p>\n<h3 style=\"color: blue;\"><font face=\"Arial\">Ne ratons pas notre rendez vous avec l\u2019Histoire : votons massivement<\/font><\/h3>\n<p><\/span><\/b><\/p>\n<p><b><span lang=\"FR-BE\"><\/p>\n<hr\/>\n<p><\/span><\/b>\u00a0<\/p>\n<p>\u00a0<\/p>\n<p>\u00a0<\/p>\n<p>\u00a0<\/p>\n<p><span lang=\"FR-BE\"><font face=\"Arial\">Avec l\u2019approche de la date fatidique du 23 octobre, date de la votation des citoyens tunisiens en vue de se doter d\u2019une constitution conforme \u00e0 ses aspirations , l\u2019excitation et la tension ne font que monter.<\/font><\/span><\/p>\n<p><span lang=\"FR-BE\"><font face=\"Arial\">Certains, croyant peut \u00eatre bien faire, ont remis sur la sc\u00e8ne publique des d\u00e9bats d\u2019essence identitaire. Est ce bien raisonnable ?Peut \u2018on esp\u00e9rer faire \u00e9voluer le d\u00e9bat public en se permettant de s\u2019attaquer au sacr\u00e9 ?<\/font><\/span><\/p>\n<p>\u00a0<\/p>\n<p><span lang=\"FR-BE\"><font face=\"Arial\">Les pseudos la\u00efcs en auront pour leurs frais.<\/font><\/span><\/p>\n<p>\u00a0<\/p>\n<p><span lang=\"FR-BE\"><font face=\"Arial\">Non seulement ils ont montr\u00e9 leur vrai visage, un visage anti religieux et irrespectueux des dogmes th\u00e9ologiques admis par la majorit\u00e9 des tunisiens.<\/font><\/span><\/p>\n<p>\u00a0<\/p>\n<p><span lang=\"FR-BE\"><font face=\"Arial\">Ils ont aussi permis \u00e0 la population Tunisienne de se mobiliser pour faire entendre sa foi et sa voix.<\/font><\/span><\/p>\n<p><span lang=\"FR-BE\"><font face=\"Arial\">Il n\u2019est pas question de remettre en cause l\u2019identit\u00e9 arabo-musulmane de la nation Tunisienne.<\/font><\/span><\/p>\n<p>\u00a0<\/p>\n<p><span lang=\"FR-BE\"><font face=\"Arial\">Une autre cons\u00e9quence du glissement du d\u00e9bat public est le caract\u00e8re d\u00e9sormais passionnel. Est ce bien raisonnable ?<\/font><\/span><\/p>\n<p>\u00a0<\/p>\n<p><span lang=\"FR-BE\"><font face=\"Arial\">Les Identit\u00e9s meurtries n\u2019assainissent pas le d\u00e9bat public. Ellesservent les int\u00e9r\u00eats des extr\u00e9mistes de tous bords.<\/font><\/span><\/p>\n<p>\u00a0<\/p>\n<p><span lang=\"FR-BE\"><font face=\"Arial\">Ces minorit\u00e9s agissantes d\u00e9placent le d\u00e9bat public dans l\u2019espoirde susciter un vote m\u00fb par la peur et la vengeance afin de r\u00e9colter plus de voix et peser plus lourd sur la sc\u00e8ne publique.<\/font><\/span><\/p>\n<p>\u00a0<\/p>\n<p><span lang=\"FR-BE\"><font face=\"Arial\">Ne leur donnons pas cette chance<\/font><\/span><\/p>\n<p>\u00a0<\/p>\n<p><span lang=\"FR-BE\"><font face=\"Arial\">Posons-nous les vraies questions et \u00e9valuons les uns et les autres sur base de leurs programmes et de leurs histoires.<\/font><\/span><\/p>\n<p>\u00a0<\/p>\n<p><span lang=\"FR-BE\"><font face=\"Arial\">L\u2019Histoire, c\u2019est la m\u00e9moire du peuple, c\u2019est aussi une promesse d\u2019avenir car celui qui a m\u00e9fait dans un pass\u00e9 pas tr\u00e8s lointain aura bien du mal \u00e0 se d\u00e9faire de ses mauvaises pratiques.<\/font><\/span><\/p>\n<p>\u00a0<\/p>\n<p><span lang=\"FR-BE\"><font face=\"Arial\">Pour moi, rompre avec le pass\u00e9 dictatorial de la Tunisie passe n\u00e9cessairement par la mise au ban du syst\u00e8me pr\u00e9sidentiel, la r\u00e9forme du syst\u00e8me judiciaire, la remise en cause de la politique de privatisation des fleurons de l\u2019\u00e9conomie nationale et la d\u00e9centralisation des pouvoirs.<\/font><\/span><\/p>\n<p>\u00a0<\/p>\n<p><b><span lang=\"FR-BE\"><font face=\"Arial\">Le syst\u00e8me pr\u00e9sidentiel :<\/font><\/span><\/b><\/p>\n<p>\u00a0<\/p>\n<p><span lang=\"FR-BE\"><font face=\"Arial\">Nous n\u2019avons que faire d\u2019un p\u00e8re de la nation quinous prend par la main et nous indique le bon chemin.<\/font><\/span><\/p>\n<p><span lang=\"FR-BE\"><font face=\"Arial\">Nous sommes majeurs et vaccin\u00e9s. \u00c7a suffit.<\/font><\/span><\/p>\n<p>\u00a0<\/p>\n<p><span lang=\"FR-BE\"><font face=\"Arial\">Le futur pr\u00e9sident, qu\u2019il soit \u00e9lu au suffrage universel ou par le parlement doit avoir un mandat assez long, entre cinq et sept ans,<b>et non renouvelable<\/b> afin de stimuler le renouvellement de la classe politique et le pr\u00e9server des man\u0153uvres politiciennes pour durer plus longtemps que pr\u00e9vu.<\/font><\/span><\/p>\n<p>\u00a0<\/p>\n<p><span lang=\"FR-BE\"><font face=\"Arial\">Il peut \u00eatre d\u00e9mis de sa fonction en cas de faute grave suite \u00e0 un vote sanction \u00e0 une majorit\u00e9 de 75% des parlementaires.<\/font><\/span><\/p>\n<p><span lang=\"FR-BE\"><font face=\"Arial\">Cette exigence permettra une plus grande stabilit\u00e9 des institutions et donnera au pr\u00e9sident la possibilit\u00e9 d\u2019exercer ses pr\u00e9rogatives dans la s\u00e9r\u00e9nit\u00e9.<\/font><\/span><\/p>\n<p>\u00a0<\/p>\n<p><span lang=\"FR-BE\"><font face=\"Arial\">Il devra notamment nommer un formateur issu du parti politique qui a obtenu le plus de si\u00e8ges et lui demander de constituer une majorit\u00e9 en vue de former un gouvernement.<\/font><\/span><\/p>\n<p><span lang=\"FR-BE\"><font face=\"Arial\">C\u2019est seulement suite \u00e0 l\u2019\u00e9chec de ce dernier que le pr\u00e9sident pourra nommer un second formateur issu du second parti en importance.<\/font><\/span><\/p>\n<p><span lang=\"FR-BE\"><font face=\"Arial\">Nous respecterons ainsi l\u2019issue des urnes et nous \u00e9viterons les alliances contre natures.<\/font><\/span><\/p>\n<p>\u00a0<\/p>\n<p>\u00a0<\/p>\n<p><b><span lang=\"FR-BE\"><font face=\"Arial\">La r\u00e9forme du syst\u00e8me judiciaire : <\/font><\/span><\/b><\/p>\n<p>\u00a0<\/p>\n<p><span lang=\"FR-BE\"><font face=\"Arial\">Un autre enjeu majeur de ces \u00e9lections est la mise en place d\u2019un syst\u00e8me judiciaire qui respecte strictement le principe de s\u00e9paration des pouvoirs et notamment la s\u00e9paration entre le pouvoir ex\u00e9cutif et le pouvoir judicaire.<\/font><\/span><\/p>\n<p>\u00a0<\/p>\n<p><span lang=\"FR-BE\"><font face=\"Arial\">La Tunisie serait bien inspir\u00e9 d\u2019\u00e9tudier le syst\u00e8me des Etats Unis en la mati\u00e8re. Il a l\u2019avantage de s\u00e9parer clairement le pouvoir judiciaire de l\u2019ex\u00e9cutif ce qui garantit une plus grande transparence et r\u00e9duit les interf\u00e9rences du gouvernement via le minist\u00e8re de la justice.<\/font><\/span><\/p>\n<p>\u00a0<\/p>\n<p>\u00a0<\/p>\n<p><b><span lang=\"FR-BE\"><font face=\"Arial\">La mise en place d\u2019un tissu \u00e9conomique capable de r\u00e9pondre aux besoins vitaux des tunisiens.<\/font><\/span><\/b><\/p>\n<p>\u00a0<\/p>\n<p><span lang=\"FR-BE\"><font face=\"Arial\">Les tunisiens se sont r\u00e9volt\u00e9s massivement contre le pouvoir corrompu de Ben Ali qui avait confisqu\u00e9 les libert\u00e9s publiques sous pr\u00e9texte de leur garantir le pain quotidien.<\/font><\/span><\/p>\n<p><span lang=\"FR-BE\"><font face=\"Arial\">Pour finir, le pain \u00e9tait de plus en plus amer et de plus en plus restreint<\/font><\/span><\/p>\n<p>\u00a0<\/p>\n<p><span lang=\"FR-BE\"><font face=\"Arial\">Les entreprises publiques profitables ont \u00e9t\u00e9 vendues \u00e0 des proches du r\u00e9gime \u00e0 des conditions suspectes ce qui a pour cons\u00e9quence d\u2019appauvrir la collectivit\u00e9 au profit de quelques privil\u00e9gi\u00e9s.<\/font><\/span><\/p>\n<p>\u00a0<\/p>\n<p><span lang=\"FR-BE\"><font face=\"Arial\">Il est hors de question d\u2019admettre le principe de la privatisation des b\u00e9n\u00e9fices et la socialisation des pertes.<\/font><\/span><\/p>\n<p>\u00a0<\/p>\n<p><span lang=\"FR-BE\"><font face=\"Arial\">Il faut revoir le processus de privatisation qui a eu lieu et nationaliser si n\u00e9cessaire les entreprises de grande utilit\u00e9 pour la Nation. Je pense notamment au secteur des banques et des assurances qui g\u00e9n\u00e8rent des profits cons\u00e9quents.<\/font><\/span><\/p>\n<p>\u00a0<\/p>\n<p>\u00a0<\/p>\n<p>\u00a0<\/p>\n<p><font face=\"Arial\"><b><span lang=\"FR-BE\"><font>La d\u00e9centralisation des pouvoirs<\/font><\/span><\/b><span lang=\"FR-BE\"><font> :<\/font><\/span><\/font><\/p>\n<p>\u00a0<\/p>\n<p><span lang=\"FR-BE\"><font face=\"Arial\">Les \u00e9lus d\u00e9fendront les int\u00e9r\u00eats socio-\u00e9conomiques de leurs \u00e9lecteurs.<\/font><\/span><\/p>\n<p>\u00a0<\/p>\n<p><span lang=\"FR-BE\"><font face=\"Arial\">Aussi longtemps que les d\u00e9cisions sont prises par les pouvoirs centraux, elles seront en d\u00e9calage par rapport aux besoins locaux, aussi il faut r\u00e9duire les distances entre les citoyens et les pouvoirs publics pour mieux responsabiliser les \u00e9lus et mieux servir les citoyens.<\/font><\/span><\/p>\n<p>\u00a0<\/p>\n<p><span lang=\"FR-BE\"><font face=\"Arial\">Ce 23 octobre mobilisons nous et votons en connaissance de cause<\/font><\/span><\/p>\n<p>\u00a0<\/p>\n<p><span lang=\"FR-BE\"><font face=\"Arial\">Ne laissons pasla peur ou la haine nous dicter nos comportements<\/font><\/span><\/p>\n<p>\u00a0<\/p>\n<p><span lang=\"FR-BE\"><font face=\"Arial\">Votons massivement et votons utile pour que notre voix compte effectivement<\/font><\/span><\/p>\n<p>\u00a0<\/p>\n<p><span lang=\"FR-BE\"><font face=\"Arial\">Votons pour la renaissance de notre Nation.<\/font><\/span><\/p>\n<p>\u00a0<\/p>\n<p>\u00a0<\/p>\n<p><b><span lang=\"FR-BE\"><font face=\"Arial\">Aida BOUCHADAKH<\/font><\/span><\/b><\/p>\n<\/div>\n<\/div>\n<\/div>\n<p><\/body><\/body><\/html><\/p>\n","protected":false},"excerpt":{"rendered":"<p>\u0641\u064a\u0643\u0644 \u064a\u0648\u0645\u060c\u0646\u0633\u0627\u0647\u0645 \u0628\u062c\u0647\u062f\u0646\u0627 \u0641\u064a \u062a\u0642\u062f\u064a\u0645\u0625\u0639\u0644\u0627\u0645 \u0623\u0641\u0636\u0644 \u0648\u0623\u0631\u0642\u0649 \u0639\u0646\u0628\u0644\u062f\u0646\u0627\u060c\u062a\u0648\u0646\u0633 Un effort quotidien pour une information de qualit\u00e9 sur notre pays, la Tunisie. Everyday, we contribute to abetter information about our country, Tunisia TUNISNEWS 11 \u00e8me ann\u00e9e, N\u00b04130 du 20.10.2011 archives : www.tunisnews.net \u00a0 Listes soutenant l&rsquo;appel pour la ren\u00e9gociation des accords entre la Tunisie et l\u2019Europe [&hellip;]<\/p>\n","protected":false},"author":1,"featured_media":22040,"comment_status":"open","ping_status":"open","sticky":false,"template":"","format":"standard","meta":{"inline_featured_image":false,"site-sidebar-layout":"default","site-content-layout":"","ast-site-content-layout":"default","site-content-style":"default","site-sidebar-style":"default","ast-global-header-display":"","ast-banner-title-visibility":"","ast-main-header-display":"","ast-hfb-above-header-display":"","ast-hfb-below-header-display":"","ast-hfb-mobile-header-display":"","site-post-title":"","ast-breadcrumbs-content":"","ast-featured-img":"","footer-sml-layout":"","ast-disable-related-posts":"","theme-transparent-header-meta":"","adv-header-id-meta":"","stick-header-meta":"","header-above-stick-meta":"","header-main-stick-meta":"","header-below-stick-meta":"","astra-migrate-meta-layouts":"default","ast-page-background-enabled":"default","ast-page-background-meta":{"desktop":{"background-color":"","background-image":"","background-repeat":"repeat","background-position":"center center","background-size":"auto","background-attachment":"scroll","background-type":"","background-media":"","overlay-type":"","overlay-color":"","overlay-opacity":"","overlay-gradient":""},"tablet":{"background-color":"","background-image":"","background-repeat":"repeat","background-position":"center center","background-size":"auto","background-attachment":"scroll","background-type":"","background-media":"","overlay-type":"","overlay-color":"","overlay-opacity":"","overlay-gradient":""},"mobile":{"background-color":"","background-image":"","background-repeat":"repeat","background-position":"center center","background-size":"auto","background-attachment":"scroll","background-type":"","background-media":"","overlay-type":"","overlay-color":"","overlay-opacity":"","overlay-gradient":""}},"ast-content-background-meta":{"desktop":{"background-color":"var(--ast-global-color-5)","background-image":"","background-repeat":"repeat","background-position":"center center","background-size":"auto","background-attachment":"scroll","background-type":"","background-media":"","overlay-type":"","overlay-color":"","overlay-opacity":"","overlay-gradient":""},"tablet":{"background-color":"var(--ast-global-color-5)","background-image":"","background-repeat":"repeat","background-position":"center center","background-size":"auto","background-attachment":"scroll","background-type":"","background-media":"","overlay-type":"","overlay-color":"","overlay-opacity":"","overlay-gradient":""},"mobile":{"background-color":"var(--ast-global-color-5)","background-image":"","background-repeat":"repeat","background-position":"center center","background-size":"auto","background-attachment":"scroll","background-type":"","background-media":"","overlay-type":"","overlay-color":"","overlay-opacity":"","overlay-gradient":""}},"footnotes":""},"categories":[],"tags":[62,42,29],"class_list":["post-18220","post","type-post","status-publish","format-standard","has-post-thumbnail","hentry","tag-62","tag-42","tag-fr"],"_links":{"self":[{"href":"https:\/\/tunisnews.net\/ar\/wp-json\/wp\/v2\/posts\/18220","targetHints":{"allow":["GET"]}}],"collection":[{"href":"https:\/\/tunisnews.net\/ar\/wp-json\/wp\/v2\/posts"}],"about":[{"href":"https:\/\/tunisnews.net\/ar\/wp-json\/wp\/v2\/types\/post"}],"author":[{"embeddable":true,"href":"https:\/\/tunisnews.net\/ar\/wp-json\/wp\/v2\/users\/1"}],"replies":[{"embeddable":true,"href":"https:\/\/tunisnews.net\/ar\/wp-json\/wp\/v2\/comments?post=18220"}],"version-history":[{"count":0,"href":"https:\/\/tunisnews.net\/ar\/wp-json\/wp\/v2\/posts\/18220\/revisions"}],"wp:featuredmedia":[{"embeddable":true,"href":"https:\/\/tunisnews.net\/ar\/wp-json\/wp\/v2\/media\/22040"}],"wp:attachment":[{"href":"https:\/\/tunisnews.net\/ar\/wp-json\/wp\/v2\/media?parent=18220"}],"wp:term":[{"taxonomy":"category","embeddable":true,"href":"https:\/\/tunisnews.net\/ar\/wp-json\/wp\/v2\/categories?post=18220"},{"taxonomy":"post_tag","embeddable":true,"href":"https:\/\/tunisnews.net\/ar\/wp-json\/wp\/v2\/tags?post=18220"}],"curies":[{"name":"wp","href":"https:\/\/api.w.org\/{rel}","templated":true}]}}