{"id":18197,"date":"2010-02-21T00:00:00","date_gmt":"2010-02-21T00:00:00","guid":{"rendered":"https:\/\/tunisnews.net\/21-fevrier-2010\/"},"modified":"2010-02-21T00:00:00","modified_gmt":"2010-02-21T00:00:00","slug":"21-fevrier-2010","status":"publish","type":"post","link":"https:\/\/tunisnews.net\/ar\/21-fevrier-2010\/","title":{"rendered":"21 f\u00e9vrier 2010"},"content":{"rendered":"<p><html><head><meta content=\"text\/html\" description=\"Paris-Gen\u00e8ve-Copenhague - Alors que le Sous-comit\u00e9 \u00ab Droits \n\t\t\t\t\tde l\u2019Homme et D\u00e9mocratie \u00bb - Union Europ\u00e9enne - Tunisie va \n\t\t\t\t\tse r\u00e9unir le 25 f\u00e9vrier 2010 \u00e0 Tunis, l'Observatoire pour la \n\t\t\t\t\tprotection des d\u00e9fenseurs des droits de l'Homme, un \n\t\t\t\t\tprogramme conjoint de la F\u00e9d\u00e9ration internationale des \n\t\t\t\t\tligues des droits de l'Homme (FIDH) et de l'Organisation \n\t\t\t\t\tmondiale contre la torture (OMCT), et le R\u00e9seau \n\t\t\t\t\tEuro-m\u00e9diterran\u00e9en des droits de l'Homme (REMDH) s\u2019indignent \n\t\t\t\t\tcontre la multiplication des mesures vexatoires et des actes \n\t\t\t\t\td\u2019intimidation \u00e0 l'encontre des d\u00e9fenseurs des droits de \n\t\t\t\t\tl'Homme engag\u00e9s en faveur d'\u00e9lections libres et pluralistes.\" http-equiv=\"Content-Type\"\/><\/head><body><body><\/p>\n<p align=\"center\" dir=\"ltr\"><font face=\"Arial\" size=\"2\"><b><a href=\"http:\/\/www.tunisnews.net\/\"><span>Home<\/span><span lang=\"FR-CH\"> &#8211; Accuei<\/span><\/a><span lang=\"FR-CH\">l<\/span><\/b><\/font><\/p>\n<div>\n<div>\n<div><\/div>\n<div onclick=\"return Control.invoke('ReadingPane', '_onBodyClick', event);\">\n<div><meta content=\"Microsoft SafeHTML\"\/><\/p>\n<style>.ExternalClass .ecxhmmessage P{padding:0px;}.ExternalClass body.ecxhmmessage{font-size:10pt;font-family:Verdana;}<\/style>\n<div><font face=\"Arial\" size=\"2\"><\/p>\n<div><\/div>\n<div align=\"center\"><font size=\"7\"><strong>TUNISNEWS <\/strong><\/font><\/div>\n<div align=\"center\" dir=\"ltr\">\n<div><strong><font>9\u00a0\u00e8me ann\u00e9e,<span lang=\"FR\">N\u00b0\u00a03561 du 21.02.2010<\/span><\/font><\/strong><\/div>\n<\/div>\n<div align=\"center\"><span><font><strong>\u00a0archives : <\/strong><\/font><a target=\"_blank\" rel=\"noopener\"><font><strong>www.tunisnews.net<\/strong><\/font><\/a><\/span><font><strong>\u00a0<\/strong><\/font><span lang=\"FR\"><strong><\/strong><\/span><\/div>\n<div><strong><\/p>\n<hr\/>\n<p><\/strong><\/div>\n<div><strong><font><\/p>\n<p><font>FIDH &#8211; OMCT &#8211;\u00a0 REMDH: TUNISIE : Nouvelles mesures vexatoires pour emp\u00eacher les d\u00e9fenseurs de participer au processus \u00e9lectoral<\/font><\/p>\n<p>  The Middle East Studies Association: Letters on Tunisia<\/font><\/strong><\/div>\n<div><strong><font>Adel ZITOUNI:<\/font><font><\/p>\n<h2 style=\"color: red;\"><font>Message de solidarit\u00e9 avec M.Khema\u00efs CHAMMARI<\/font><\/h2>\n<p> AFP: Tunisie : gr\u00e8ve de la faim de Chammari  <\/font><\/p>\n<h2 style=\"color: red;\"><font>AP: Tunisie: gr\u00e8ve de la faim du militant des droits de l\u2019Homme Kh\u00e9ma\u00efs Chammari<\/font><\/h2>\n<p><font>Xinhua: Ouverture \u00e0 Tunis de la 1\u00e8re r\u00e9union de la Commission de la femme arabe pour le droit international humanitaire  <\/p>\n<h2 style=\"color: red;\"><font>Xinhua: Tunisie: ajustement des prix de vente au public des produits p\u00e9troliers<\/font><\/h2>\n<p> Yahyaoui Mokhtar: Pour conserver son poste de d\u00e9put\u00e9, Sakher El Materi c\u00e8de la pr\u00e9sidence du conseil d\u2019administration de la Banque Zitouna.  <\/font><\/p>\n<p><font>Dossier : D\u00e9c\u00e8s suspect du citoyen tunisien Yahya Tabbabi (31 ans)\u00a0 au centre ferm\u00e9 pour \u00e9trangers de Vottem (Belgique)<\/font><\/p>\n<p><font> Le Nouvel 31: O\u00f9 va la Tunisie ? <\/p>\n<h2 style=\"color: red;\"><font>Takkou: Fadhel Jaibi et Taoufik Jebali sont-ils des traitres ?<\/font><\/h2>\n<p> Carpe Diem : \u00ab\u00a0Il fait si bon vivre chez nous\u00a0\u00bb <\/font><\/p>\n<p><font>Abdel Wahab Hani: Vacance au Comit\u00e9 sup\u00e9rieur des droits de l\u2019homme; R\u00e9flexions sur sa Conformit\u00e9 aux crit\u00e8res d&rsquo;Ind\u00e9pendance<\/font><\/p>\n<p><font> Mizaanoun: Des passeports rouges sang, pour tuer : Le crime de Duba\u00ef<\/font><\/strong><\/div>\n<p><\/font><\/div>\n<div>\n<hr\/>\n<\/div>\n<div>\n<div align=\"center\"><font face=\"Arial\" size=\"2\"><strong><\/p>\n<p><font size=\"3\">TUNISIE : Nouvelles mesures vexatoires pour emp\u00eacher les d\u00e9fenseurs de participer au processus \u00e9lectoral<\/font><\/p>\n<p><\/strong> <\/font><\/div>\n<div align=\"center\">\u00a0<\/div>\n<div align=\"center\"><font face=\"Arial\" size=\"2\"><strong><font>Communiqu\u00e9 &#8211;<\/font><\/strong><\/font><\/div>\n<div><font face=\"Arial\" size=\"2\"><\/p>\n<hr\/>\n<p>\u00a0<\/font><\/div>\n<p align=\"justify\"><font face=\"Arial\" size=\"2\"><font size=\"2\">Paris-Gen\u00e8ve-Copenhague &#8211; Alors que le Sous-comit\u00e9 \u00ab Droits de l\u2019Homme et D\u00e9mocratie \u00bb &#8211; Union Europ\u00e9enne &#8211; Tunisie va se r\u00e9unir le 25 f\u00e9vrier 2010 \u00e0 Tunis, l&rsquo;Observatoire pour la protection des d\u00e9fenseurs des droits de l&rsquo;Homme, un programme conjoint de la F\u00e9d\u00e9ration internationale des ligues des droits de l&rsquo;Homme (FIDH) et de l&rsquo;Organisation mondiale contre la torture (OMCT), et le R\u00e9seau Euro-m\u00e9diterran\u00e9en des droits de l&rsquo;Homme (REMDH) s\u2019indignent contre la multiplication des mesures vexatoires et des actes d\u2019intimidation \u00e0 l&rsquo;encontre des d\u00e9fenseurs des droits de l&rsquo;Homme engag\u00e9s en faveur d&rsquo;\u00e9lections libres et pluralistes.<\/font><br \/>\u00a0<\/font><\/p>\n<div align=\"justify\">\u00a0<\/div>\n<div align=\"justify\"><font face=\"Arial\" size=\"2\">Plusieurs d\u00e9fenseurs des droits de l&rsquo;Homme font en effet l&rsquo;objet depuis d\u00e9but f\u00e9vrier 2010 d&rsquo;entraves \u00e0 la libert\u00e9 de mouvement et de mesures vexatoires visant \u00e0 les emp\u00eacher de soutenir la tenue d&rsquo;\u00e9lections libres et pluralistes et de promouvoir les valeurs d\u00e9mocratiques dans le pays.  Depuis le 10 f\u00e9vrier 2010, Kh\u00e9ma\u00efs Chammari, membre honoraire du REMDH et co-fondateur de la Fondation euro-m\u00e9diterran\u00e9enne de soutien aux d\u00e9fenseurs des droits de l\u2019Homme (FEMDH), est emp\u00each\u00e9 de se rendre dans les locaux des trois partis de l&rsquo;opposition l\u00e9gale.  L&rsquo;Observatoire rappelle \u00e9galement qu&rsquo;\u00e0 ce jour l&rsquo;acc\u00e8s aux si\u00e8ges et locaux de plusieurs associations non gouvernementales et partis politiques l\u00e9gaux reste s\u00e9rieusement entrav\u00e9, notamment l&rsquo;acc\u00e8s aux locaux du si\u00e8ge national et des sections de la Ligue tunisienne des droits de l&rsquo;Homme (LTDH), de l&rsquo;Association tunisienne des femmes d\u00e9mocrates (ATFD) et du Conseil national des libert\u00e9s en Tunisie (CNLT). A cela s&rsquo;ajoute dor\u00e9navant l\u2019entrave de l&rsquo;acc\u00e8s de d\u00e9fenseurs aux si\u00e8ges des partis l\u00e9gaux de l&rsquo;opposition.  En outre, depuis avril 2009, un cordon policier de trois \u00e0 cinq agents surveillent l&rsquo;acc\u00e8s au domicile de Kh\u00e9ma\u00efs Chammari et emp\u00eachent certains activistes d\u2019y acc\u00e9der, dont Me Radia Nasraoui, Sihem Bensedrine, Omar Mestiri et Slim Boukhdir. Depuis trois mois, la police emp\u00eache \u00e9galement Chammari de recevoir plus d&rsquo;une personne \u00e0 la fois. Le 19 f\u00e9vrier 2010, Chammari s\u2019est vu notifier que plus personne ne peut entrer \u00e0 son domicile \u00e0 l\u2019exception des membres de sa famille.  Par ailleurs, depuis le 13 f\u00e9vrier 2010, plusieurs d\u00e9fenseurs, dont Kh\u00e9ma\u00efs Chammari, Mohamed Abbou et Ayachi Hammami, font l&rsquo;objet de filatures rapproch\u00e9es lors de leurs d\u00e9placements en voiture, en tramway ou \u00e0 pied. Leurs domiciles sont de plus soumis \u00e0 une constante et impressionnante surveillance polici\u00e8re.  A la syst\u00e9matisation et \u00e0 la banalisation de ces mesures arbitraires qui frappent, depuis plusieurs mois, les journalistes, les associations non gouvernementales et les partis de l\u2019opposition ind\u00e9pendants du pouvoir, s\u2019ajoutent ainsi de nouvelles mesures coercitives dans la perspective de la tenue d&rsquo;\u00e9lections municipales le 9 mai 2010. Dans ce contexte, toute tentative de la soci\u00e9t\u00e9 civile de s&rsquo;organiser en vue d&rsquo;observer le d\u00e9roulement du scrutin et de promouvoir la tenue d\u2019\u00e9lections libres est r\u00e9prim\u00e9e par les autorit\u00e9s tunisiennes.   Les d\u00e9fenseurs des droits de l&rsquo;Homme font particuli\u00e8rement les frais de ces mesures d&rsquo;entraves, dont les personnes mentionn\u00e9es ci-dessus, particuli\u00e8rement actives au sein de diff\u00e9rentes coalitions, dont le Collectif du 18 octobre, la Commission nationale pour les libert\u00e9s d&rsquo;expression et d&rsquo;information et le Groupe ind\u00e9pendant d&rsquo;\u00e9change et d&rsquo;information sur les \u00e9lections municipales.  En cons\u00e9quence, l\u2019Observatoire et le REMDH demandent aux autorit\u00e9s tunisiennes de mettre un terme \u00e0 toute forme d&rsquo;entraves et de harc\u00e8lement \u00e0 l&rsquo;encontre des d\u00e9fenseurs des droits humains et, plus g\u00e9n\u00e9ralement, de se conformer aux dispositions de la D\u00e9claration sur les d\u00e9fenseurs des droits de l\u2019Homme adopt\u00e9e par l\u2019Assembl\u00e9e g\u00e9n\u00e9rale des Nations unies le 9 d\u00e9cembre 1998 et aux instruments r\u00e9gionaux et internationaux relatifs aux droits de l\u2019Homme auxquels la Tunisie a librement consenti a adh\u00e9rer.  Enfin, l\u2019Observatoire et le REMDH demandent aux Etats membres de l&rsquo;Union europ\u00e9enne (UE) de discuter de ces questions lors de leurs \u00e9changes avec les autorit\u00e9s tunisiennes pendant la r\u00e9union du Sous-Comit\u00e9 droits de l&rsquo;Homme UE-Tunisie, conform\u00e9ment aux Lignes directrice de l&rsquo;UE sur les d\u00e9fenseurs des droits de l&rsquo;Homme.  Pour plus d\u2019informations, merci de contacter : DH : Ga\u00ebl Grilhot \/ Karine Appy : + 33 1 43 55 25 18 OMCT : Delphine Reculeau : + 41 22 809 49 39 REMDH : Marc Degli : +45 32 64 17 16 <\/font><\/div>\n<div>\u00a0<\/div>\n<div><font face=\"Arial\" size=\"2\"><strong><font><span><font size=\"2\">(Source<\/font> :<\/span>eMarrakech.info le 20 F\u00e9vrier 2010)<\/font><\/strong><\/font><\/div>\n<div><font face=\"Arial\" size=\"2\"><strong><font>Lien:<a href=\"http:\/\/www.emarrakech.info\/TUNISIE-Nouvelles-mesures-vexatoires-pour-empecher-les-defenseurs-de-participer-au-processus-electoral_a32959.html\" rel=\"nofollow noopener\" target=\"_blank\">http:\/\/www.emarrakech.info\/TUNISIE-Nouvelles-mesures-vexatoires-pour-empecher-les-defenseurs-de-participer-au-processus-electoral_a32959.html<\/a><\/font><\/strong><\/font><\/div>\n<p><font face=\"Arial\" size=\"2\"><strong><\/strong><\/font><\/p>\n<div>\n<hr\/>\n<\/div>\n<div align=\"center\"><span lang=\"EN-GB\"><strong><font face=\"Arial\">Letters on Tunisia<\/font><\/strong><\/span><\/div>\n<div>\n<hr\/>\n<\/div>\n<p><span><\/span><\/div>\n<div>\n<p><span><span lang=\"EN-GB\"><strong><font face=\"Arial\">February 18, 2010<\/font><\/strong><\/span><\/span><\/p>\n<p><span lang=\"EN-GB\"><font face=\"Arial\">H.E. Zine El Abidine Ben Ali  President Palais Pr\u00e9sidentiel  Tunis, Tunisia <\/font><\/span><\/p>\n<p><span lang=\"EN-GB\"><font face=\"Arial\">via fax: +216 71 744 721<\/font><\/span><\/p>\n<p><span lang=\"EN-GB\"><font face=\"Arial\">Your Excellency,<\/font><\/span><\/p>\n<p><span lang=\"EN-GB\"><font face=\"Arial\">I am writing to you on behalf of the Committee on Academic Freedom (CAF) of the Middle East Studies Association of North America (MESA), to express our deep concern about the recent closure of the <em><span>Universit\u00e9 Libre de Tunis(ULT)<\/span><\/em>, Tunisia\u2019s first and pre-eminent private university, and the withdrawal of that institution\u2019s authorization to operate for the next three academic years. After careful review of the information available to us, we are forced to conclude that the decision, signed by the Tunisian Ministry of Higher Education, is not about alleged administrative and pedagogical irregularities. Rather, it is the culmination of a long-standing pattern of singling out for mistreatment this particular institution and its founders. We call upon you, Your Excellency, to reinstate the highly respected <em><span>ULT<\/span><\/em> and allow it to pursue its important mission of educating Tunisia\u2019s young men and women in the disciplines at the core of your country\u2019s growth and development.  MESA was founded in 1966 to promote scholarship and teaching on the Middle East and North Africa. The preeminent organization in the field, MESA publishes the <em><span>International Journal of Middle East Studies<\/span><\/em> and has more than 3000 members worldwide. MESA is committed to ensuring academic freedom and freedom of expression, both within the region and in connection with the study of the region in North America and elsewhere. <\/font><\/span><\/p>\n<p><span lang=\"EN-GB\"><font face=\"Arial\">The closure of the <em><span>ULT<\/span><\/em> was apparently preceded by an inspection, in December 2009, carried out by the Ministry of Higher Education. It would seem, however, that the allegations in its report of (five) irregularities are without substantiation, as demonstrated by the <em><span>Fondation Universitaire Bouebdelli<\/span><\/em> in its careful and documented response to the Ministry. The decision to close the <em><span>ULT<\/span><\/em> is, unfortunately, reminiscent of previous efforts on the part of the Tunisian government to close other education institutions, the <em><span>Ecole Jeanne d\u2019Arc<\/span><\/em> and the<em><span> Lyc\u00e9e Louis Pasteur<\/span><\/em>, which are closely connected to the <em><span>Fondation Bouebdelli.<\/span><\/em> This gives us reason to believe that the closure relates not to administrative irregularities on the part of the <em><span>ULT<\/span><\/em>, but rather, to other factors \u2013 of a personal nature \u2013 that should not enter into the decision. For example, the opinions expressed by Mohamed Bouebdelli, the pioneer of private higher education in Tunisia and founder of the <em><span>Universit\u00e9 Libre de Tunis (ULT-INTAC)<\/span><\/em> in 1973, in his recent book should not provoke the closure of the <em><span>ULT<\/span><\/em>. Concern that the reason for the closure decision is reprisal for M. Bouebdelli having expressed his opinions rather than shortcomings of the institution itself is what prompts us to address this letter to you. The closure seems to be a clear attempt to deprive M. Bouebdelli of the freedom of expression. <\/font><\/span><\/p>\n<p><span lang=\"EN-GB\"><font face=\"Arial\">Your Excellency, we urge you to reconsider the decision of the Ministry of Higher Education, and re-open the highly respected <em><span>Universit\u00e9 Libre de Tunis<\/span><\/em> \u2013 with its 1500 students from Tunisia and abroad, and schools of engineering and architecture, faculties of law and management. We urge you to allow the <em><span>ULT<\/span><\/em> to function as it has very successfully prior to this decision, without interference in the academic integrity of the institution. We urge you to take this positive step forward in order to safeguard the integrity and rigor that the <em><span>ULT<\/span><\/em> is known for, and ensure that Tunisia respects the democratic practices which it espouses. <\/font><\/span><\/p>\n<p><span lang=\"EN-GB\"><font face=\"Arial\">We look forward to your response.<\/font><\/span><\/p>\n<p><span lang=\"EN-GB\"><font face=\"Arial\">Sincerely,<\/font><\/span><\/p>\n<p><span lang=\"EN-GB\"><font face=\"Arial\">Roger M.A.Allen MESA President Professor of Arabic &amp; Comparative Literature, University of Pennsylvania<\/font><\/span><\/p>\n<p><span><span lang=\"EN-GB\"><strong><font face=\"Arial\">March 26, 2001<\/font><\/strong><\/span><\/span><span lang=\"EN-GB\"> <font face=\"Arial\">President Zine al-Abidine Ben Ali President de la Republique Palais Presidentiel Tunis Tunisia  Your Excellency,  We issue this joint statement to protest the deteriorating situation of human rights in Tunisia and the escalating attacks on academics advocating democratic reforms and the rule of law. In recent months, government critics have faced markedly greater levels of violence at the hands of persons believed to be linked to security forces, suggesting a systematic campaign to silence all critical voices. As organizations devoted to educational issues and academic freedom, we are particularly alarmed by the assault against Tunisia&rsquo;s educators and intellectuals. We urge you to use your powers to curb the increasing use of violence exhibited in this campaign and to safeguard the international human rights embodied in international covenants that Tunisia has pledged to.  Your Excellency, as Tunisia celebrates the 45th anniversary of its independence this week, its citizens increasingly seek to exercise their internationally recognized rights to free expression and free association. Speaking on the occasion of this anniversary, on March 20, you stated that Tunisia has \u201cchosen democracy both as a principle and a practice.\u201d A central characteristic of a democracy is the ability of its citizens to receive and impart information freely about their own society, and independent academic and scholarly work are crucial to fostering this ability. When Tunisia acceded to the International Covenant on Civil and Political Rights, it made a commitment to guarantee all individuals the \u201cfreedom to seek, receive and impart information and ideas of all kinds.\u201d Yet independent thinkers who challenge your government\u2019s policies in a peaceful manner have suffered sharper and more violent responses when exercising these rights.  Over the last few weeks, to name but a few examples, unknown assailants have attacked journalist Jalel Zoghlami on February 3 and again on February 7, apparently because of his effort to publish an independent newspaper. On February 21, four representatives of the international human rights group Reporters Sans Frontiers who were trying to distribute copies of this newspaper (including the organization\u2019s secretary-general, Robert Menard) were attacked by a group of nearly twenty men; the NGO representatives were later expelled from the country. On February 22, Naziha Boudhib, a member of the Tunisian Association of Democratic Women (ATFD), was attacked by several men who forcibly took her documents chronicling the human rights situation in Tunisia.  Your Excellency, we are especially troubled by reports of two recent attacks against Prof. Khedija Cherif, a sociologist at the University of Tunis and a prominent advocate of women\u2019s rights. On March 1, Prof. Cherif was beaten, sexually harassed, and verbally abused as she was attempting to attend an informal meeting at the former headquarters of the CNLT in Tunis. Eyewitnesses identified her attackers as plainclothes police officers, and photographs taken during the attack seemed to identify one of the attackers as the chief of police of the Medina section of Tunis.  In the same incident, the assailants also attacked Prof. Abdel Kader Ben Khemis, a professor at the University of Sousse, and physically prevented him from attending the CNLT gathering. Several others attending the meeting, including Sihem Bensedrine, a prominent journalist and the CNLT&rsquo;s spokesperson, were also attacked. Ultimately the attackers succeeded in stopping the meeting from taking place. Prof. Cherif and Prof. Ben Khemis have filed complaints with the local prosecutor\u2019s office, but have not received any acknowledgement of or response to their case.  Prof. Cherif was attacked again on March 10 on the steps of the courthouse. An unidentified man in civilian clothes attacked Prof. Cherif and tried to take a dossier from her hands that contained the details of her complaint about the earlier attack she had suffered. When she resisted, the assailant pushed her to the ground, pried the dossier from her hands, and ran away.  We also remain concerned about the ongoing harassment of Prof. Moncef Marzouki, the CNLT\u2019s former spokesperson. Prof. Marzouki was arbitrarily blocked from leaving Tunisia on March 10. In December of 2000, he was sentenced to one year in jail on spurious charges of \u201cbelonging to an illegal organization\u201d and \u201cdisseminating false information,\u201d stemming from his former activity with the CNLT. This sentence has been suspended pending appeal, and the relevant judicial authorities had indicated to his lawyers that he could leave the country. Prof. Marzouki was invited by the medical school at University of Paris VII to assume a two-year teaching position, beginning on April 1, after he was improperly dismissed last year from his position teaching public health at the University of Sousse. He has been prevented from teaching or publishing in Tunisia and therefore cannot earn a livelihood, and he is under constant surveillance and is only allowed intermittent telephone contact.  Your Excellency, we ask that you demonstrate your government\u2019s oft-repeated commitment to human rights by immediately initiating a thorough and objective judicial investigation into the assaults on Prof. Cherif and Prof. Ben Khemis. We also ask your government to halt the use of arbitrary judicial and administrative proceedings against its critics, among them Prof. Marzouki. Finally, we urge you to exercise your authority as the chief executive of the republic to rein in the security forces\u2019 campaign of violence and intimidation against academics and other critics of the government.  We look forward to receiving your comments, and we thank you in advance for your consideration of these important matters.  Sincerely,  Dr. Yolanda Moses, President, American Association for Higher Education Co-Chair, Human Rights Watch Academic Freedom Committee  Saman Zia-Zarifi Director, Academic Freedom program Human Rights Watch American Association for the Advancement of Science Committee on Academic Freedom of the Middle East and North Africa\u00a0 Middle East Studies Association Scholars at Risk New York Academy of Science\u00a0<\/font>\u00a0<\/span><\/p>\n<p><span lang=\"EN-GB\"><font face=\"Arial\"><strong>(Source: \u00ab\u00a0The Middle East Studies Association\u00a0\u00bb (MESA) le 18 fevrier 2010)<\/strong><\/font><\/span><\/p>\n<p><span lang=\"EN-GB\"><font face=\"Arial\"><a href=\"http:\/\/www.mesa.arizona.edu\/caf\/letters_tunisia.html#tunisia100218\" target=\"_blank\" rel=\"noopener\"><strong>http:\/\/www.mesa.arizona.edu\/caf\/letters_tunisia.html#tunisia100218<\/strong><\/a><\/font><\/span><\/p>\n<\/div>\n<div>\n<hr\/>\n<\/div>\n<p align=\"center\"><font face=\"Arial\" size=\"2\"><b><i><span lang=\"FR\">Invitation<\/span><\/i><\/b><\/font><\/p>\n<p align=\"center\"><font face=\"Arial\" size=\"2\"><b><span lang=\"FR\">L\u2019Association V\u00e9rit\u00e9 et Justice pour Farhat Hached<\/span><\/b><\/font><\/p>\n<p align=\"center\"><font face=\"Arial\" size=\"2\"><b><i><span lang=\"FR\">Vous invite<\/span><\/i><\/b><\/font><\/p>\n<p align=\"center\"><font face=\"Arial\" size=\"2\"><b><i><span lang=\"FR\">A une soir\u00e9e-d\u00e9bat<\/span><\/i><\/b><\/font><\/p>\n<p>\u00a0<\/p>\n<p><span lang=\"FR\"><font face=\"Arial\" size=\"2\">L\u2019assassinat il y a plus d\u2019un demi-si\u00e8cle du leader syndicaliste tunisien est rest\u00e9 impuni. L\u2019implication des autorit\u00e9s coloniales vient d\u2019\u00eatre confirm\u00e9 r\u00e9cemment pat l\u2019un des auteurs du crime. Au-del\u00e0 de l\u2019hommage \u00e0 cette grande figure du syndicalisme, l\u2019enjeu est \u00e0 nos yeux de lever les \u00e9quivoques qui entourent le moment colonial qui travaille encore l\u2019imaginaire politique et dont les nostalgiques n\u2019ont pas d\u00e9sarm\u00e9, et surtout de r\u00e9habiliter la m\u00e9moire d\u00e9mocratique du combat anticolonial. <\/font><\/span><\/p>\n<p>\u00a0<\/p>\n<p align=\"center\"><span lang=\"FR\"><font face=\"Arial\" size=\"2\">A fin d\u2019\u00e9voquer le combat de Farhat Hached<\/font><\/span><\/p>\n<p align=\"center\"><span lang=\"FR\"><font face=\"Arial\" size=\"2\">et de pr\u00e9senter l\u2019association <\/font><\/span><span lang=\"FR\"><font face=\"Arial\" size=\"2\">\u00ab\u00a0<\/font><\/span><span lang=\"FR\"><font face=\"Arial\" size=\"2\">V\u00e9rit\u00e9 et justice pour Farhat Hached<\/font><\/span><span lang=\"FR\"><font face=\"Arial\" size=\"2\">\u00a0\u00bb<\/font><\/span><\/p>\n<p align=\"center\">\u00a0<\/p>\n<p align=\"center\"><span lang=\"FR\"><font face=\"Arial\" size=\"2\">Nous vous invitons \u00e0 une rencontre avec<\/font><\/span><span lang=\"FR\"><font face=\"Arial\" size=\"2\">\u00a0:<\/font><\/span><\/p>\n<p align=\"center\"><font face=\"Arial\" size=\"2\"><b><span lang=\"FR\">Ren\u00e9e Galissot, Mohamed Harbi et Gilles Manceron<\/span><\/b><\/font><\/p>\n<p align=\"center\"><font face=\"Arial\" size=\"2\"><b><i><span lang=\"FR\">+ UN FILM DE 15 mns \u00a0SUR L \u2018ASSASSINAT DE HACHED.<\/span><\/i><\/b><\/font><\/p>\n<p align=\"center\"><font face=\"Arial\" size=\"2\"><b><span lang=\"FR\">le 23 Fevrier 2010 \u00e0 19h<\/span><\/b><\/font><\/p>\n<p align=\"center\"><font face=\"Arial\" size=\"2\"><b><span lang=\"FR\">au CICP- 21TER, rue Voltaire 75011<\/span><\/b><\/font><\/p>\n<p align=\"center\"><span lang=\"FR\"><font face=\"Arial\" size=\"2\">Metro Rue de Boulet Rue de Montreuil<\/font><\/span><span lang=\"FR\"><font face=\"Arial\" size=\"2\">&#8211; <\/font><\/span><span lang=\"FR\"><font face=\"Arial\" size=\"2\">Ligne 9<\/font><\/span><\/p>\n<p align=\"center\"><font face=\"Arial\" size=\"2\"><u><span lang=\"FR\"><a href=\"mailto:verite.assassinat.fhached@gmail.com\"><font>verite.assassinat.fhached@gmail.com<\/font><\/a><\/span><\/u><span lang=\"FR\">.<\/span><\/font><\/p>\n<p align=\"center\"><span lang=\"FR\"><font face=\"Arial\" size=\"2\">____________________________________________________________________<\/font><\/span><\/p>\n<p>\u00a0<\/p>\n<p><span lang=\"FR\"><font face=\"Arial\" size=\"2\">\u00a0<b><i>Pour voir le Documentaire \u00ab\u00a0d\u2019Aljazeera Documentair\u00a0\u00bbe &#8211; sur l&rsquo;assassinat du leader syndical tunisien Farhat Hachad en 1952 par l&rsquo;organisation terroriste \u00ab\u00a0La Main Rouge\u00a0\u00bb<\/i><\/b>(52\u2019en Arabe)\u00a0 <\/font><\/span><\/p>\n<p><span lang=\"FR\"><font face=\"Arial\" size=\"2\">Ou (en Fran\u00e7ais 4\u201930) <em><span>\u00a0<span>Aveu d\u2019Antoine Melero membre de l\u2019organisation \u00ab\u00a0La Main Rouge\u00a0\u00bb au sujet de l&rsquo;assassinat de Farhat Hached <\/span><\/span><\/em>(1)<\/font><\/span><\/p>\n<p><font face=\"Arial\" size=\"2\"><b><span lang=\"FR\">\u00a0\u00a0<\/span><span lang=\"FR\">(1)<\/span><\/b><span lang=\"FR\"> : <a href=\"http:\/\/www.ftcr.eu\/\" target=\"_blank\" rel=\"noopener\"><font>www.ftcr.eu<\/font><\/a> <\/span><\/font><\/p>\n<p>\u00a0<\/p>\n<hr\/>\n<p>\u00a0<\/p>\n<div align=\"center\"><font face=\"Arial\" size=\"3\"><strong><span lang=\"FR\">Invitation\u00a0\u00a0<\/span><\/strong><\/font><span lang=\"FR\"><\/span><\/div>\n<div>\n<hr\/>\n<\/div>\n<p align=\"center\"><font face=\"Arial\" size=\"2\"><strong><span lang=\"FR\">L\u2019ATF, l\u2019ATF-Paris, le CRLDHT et la FTCR<\/span><\/strong><\/font><\/p>\n<p align=\"center\"><span lang=\"FR\"><font face=\"Arial\" size=\"2\">ont le plaisir de vous inviter \u00e0 une rencontre-d\u00e9bat avec<\/font><\/span><\/p>\n<p align=\"center\"><span lang=\"FR\"><font face=\"Arial\" size=\"2\">\u00a0<\/font><\/span><font face=\"Arial\" size=\"2\"><b><span lang=\"FR\">Tarek CHAABOUNI<\/span><\/b><span lang=\"FR\">,\u00a0d\u00e9put\u00e9<\/span><span lang=\"FR\"><\/span><span lang=\"FR\">tunisien<span>, membre du parti Ettajdid (opposition l\u00e9gale), autour du th\u00e8me :<\/span><\/span><\/font><\/p>\n<p align=\"center\"><font face=\"Arial\" size=\"2\"><b><span lang=\"FR\">\u00ab\u00a0Les perspectives \u00e9conomiques et sociales en Tunisie face \u00e0 \u00a0la crise\u00a0\u00e9conomique mondiale\u00a0\u00bb<\/span><\/b><\/font><\/p>\n<p>\u00a0<\/p>\n<p align=\"center\"><font face=\"Arial\" size=\"2\"><strong><span lang=\"FR\">Le 25 f\u00e9vrier 2010 \u00e0 19h00<\/span><\/strong><\/font><\/p>\n<p align=\"center\"><font face=\"Arial\" size=\"2\"><strong><span lang=\"FR\">Espace Farabi<\/span><\/strong><\/font><\/p>\n<p align=\"center\"><font face=\"Arial\" size=\"2\"><strong><span lang=\"FR\">3, rue Louis Blanc, 75010 Paris,<\/span><\/strong><\/font><\/p>\n<p align=\"center\"><font face=\"Arial\" size=\"2\"><strong><span lang=\"FR\">\u00a0M\u00b0 Colonel Fabien, Ligne 2<\/span><\/strong><\/font> <\/p>\n<hr\/>\n<p><strong><\/p>\n<h2 style=\"color: red;\"><font face=\"Arial\" size=\"3\">Message de solidarit\u00e9 avec M.Khema\u00efs CHAMMARI<\/font><\/h2>\n<p><\/strong>\u00a0<\/p>\n<div>\n<div><font face=\"Arial\"><\/p>\n<hr\/>\n<p><\/font><\/div>\n<div><font face=\"Arial\"> \u00a0<\/font><\/div>\n<div><font face=\"Arial\" size=\"2\">A son domicile, en Tunisie, le samedi 20 f\u00e9vrier 2010, M.Khema\u00efs CHAMMARI, d\u00e9fenseur des droits de l\u2019Homme, a entam\u00e9, une gr\u00e8ve de la faim illimit\u00e9e, en signe de protestation contre des atteintes port\u00e9es \u00e0 sa vie familiale et priv\u00e9e, par des pratiques liberticides (1).\u00a0\u00a0\u00a0\u00a0\u00a0\u00a0\u00a0\u00a0\u00a0  \u00a0 De mon exil, je voudrais exprimer \u00e0 M.Khema\u00efs CHAMMARI ma sympathie et solidarit\u00e9, profonde, en l\u2019exhortant vivement, en regard de son \u00e9tat de sant\u00e9, \u00e0 arr\u00eater sa gr\u00e8ve. La Tunisie se dirige incontestablement vers la g\u00e9n\u00e9ralisation de ces pratiques d\u2019un autre \u00e2ge &#8211; au profit d\u2019un agenda occulte &#8211; aux citoyens \u00e9pris de justice et libert\u00e9.\u00a0\u00a0\u00a0\u00a0\u00a0\u00a0\u00a0\u00a0\u00a0  \u00a0 J\u2019appelle les forces lib\u00e9rales et d\u00e9mocratiques r\u00e9elles, en Tunisie, \u00e0 se saisir positivement de l\u2019atteinte abjecte port\u00e9e \u00e0 la vie priv\u00e9e de M.Khema\u00efs CHAMMARI, en mettant en mouvement une dynamique M\u00e9diterran\u00e9enne de Veille et d\u2019Alerte, sur les pratiques (\u00e9coute t\u00e9l\u00e9phonique, filature, violation du secret de la correspondance\u2026etc) sabordant impun\u00e9ment, au sein de l\u2019espace g\u00e9ographique consid\u00e9r\u00e9, l\u2019essence m\u00eame de la dignit\u00e9 humaine et la vie priv\u00e9e.\u00a0\u00a0\u00a0\u00a0\u00a0\u00a0\u00a0\u00a0\u00a0\u00a0\u00a0\u00a0\u00a0\u00a0\u00a0\u00a0\u00a0\u00a0\u00a0\u00a0\u00a0\u00a0\u00a0 \u00a0 \u00a0 <strong><font>Adel ZITOUNI \u00a0Paris le 21 F\u00e9vrier 2010 <\/font><\/strong>\u00a0 <strong><font>(1)\u00a0\u00a0 Voir le communiqu\u00e9 de M.Khema\u00efs CHAMMARI du 19 f\u00e9vrier <\/font><\/strong><\/font><\/div>\n<\/div>\n<div>\u00a0<\/div>\n<div>\n<hr\/>\n<\/div>\n<div align=\"center\"><font face=\"Arial\" size=\"2\"><strong><\/p>\n<h2 style=\"color: red;\"><font size=\"3\">Tunisie : gr\u00e8ve de la faim de Chammari<\/font><\/h2>\n<p><\/strong> <\/font><\/div>\n<div align=\"justify\">\n<hr\/>\n<\/div>\n<div align=\"justify\">AFP\u00a0 21\/02\/2010 |  Le militant tunisien des droits de l&rsquo;homme Khema\u00efs Chammari est en gr\u00e8ve de la faim depuis hier dans son pays, a annonc\u00e9 dimanche la Ligue fran\u00e7aise des droits de l&rsquo;homme (LDH), en se disant \u00ab\u00a0inqui\u00e8te\u00a0\u00bb pour la sant\u00e9 de cet homme \u00e2g\u00e9 et en appelant la France \u00e0 agir.  \u00ab\u00a0Khema\u00efs Chammari a entam\u00e9 une gr\u00e8ve de la faim en raison du harc\u00e8lement insupportable dont il est l&rsquo;objet de la part des autorit\u00e9s tunisiennes\u00a0\u00bb, il est \u00ab\u00a0victime d&rsquo;un r\u00e9gime qui ne recule devant rien pour emp\u00eacher toute expression d\u00e9mocratique\u00a0\u00bb, selon le communiqu\u00e9 de la LDH.  \u00ab\u00a0Emp\u00each\u00e9 de se d\u00e9placer, de recevoir du monde, t\u00e9l\u00e9phone coup\u00e9, quasiment emprisonn\u00e9 \u00e0 domicile, cet \u00e9minent d\u00e9fenseur des droits de l&rsquo;Homme dans son pays mais aussi dans le reste du monde exprime son refus de l&rsquo;arbitraire par le seul moyen qui lui reste: mettre sa sant\u00e9 en p\u00e9ril\u00a0\u00bb, a ajout\u00e9 la LDH.  Khema\u00efs Chammari est un ancien vice-pr\u00e9sident de la F\u00e9d\u00e9ration internationale des Ligues des droits de l&rsquo;homme (Fidh).<\/div>\n<div><strong><\/p>\n<hr\/>\n<p><\/strong><\/div>\n<div align=\"center\"><font face=\"Arial\" size=\"2\"><\/p>\n<h2 style=\"color: red;\"><font size=\"3\"><strong>Tunisie: gr\u00e8ve de la faim du militant des droits de l\u2019Homme Kh\u00e9ma\u00efs Chammari<\/strong><\/font><\/h2>\n<p> <\/font><\/div>\n<div>\n<hr\/>\n<\/div>\n<div>\n<p align=\"justify\">\u00a0Associated Press \u2013 samedi 20 f\u00e9vrier 2010)<\/p>\n<p align=\"justify\"><em>L\u2019acc\u00e8s de mon domicile \u00e9tant, \u00e0 pr\u00e9sent, interdit \u00e0 toute personne en dehors de ma proche famille ; je suis dans l\u2019obligation n\u2019ayant aucun moyen de recours face \u00e0 cette d\u00e9cision arbitraire, d\u2019entamer samedi matin une gr\u00e8ve de la faim illimit\u00e9e. \u00ab\u00a0Kh\u00e9ma\u00efs Chammari\u00a0\u00bb<\/em><\/p>\n<p align=\"justify\">Le militant tunisien des droits de l\u2019Homme Kh\u00e9ma\u00efs Chammari a entam\u00e9 samedi une gr\u00e8ve de la faim \u00e0 son domicile pour protester contre le \u00ab\u00a0<em>harc\u00e8lement<\/em>\u00a0\u00bb et \u00ab\u00a0<em>l\u2019abus de pouvoir<\/em>\u00a0\u00bb dont il affirme \u00eatre victime.<\/p>\n<p align=\"justify\">Dans un communiqu\u00e9 M. Chammari (67 ans), co-fondateur de la Fondation euro-m\u00e9diterran\u00e9enne de soutien aux d\u00e9fenseurs des droits de l\u2019Homme (FEMDH), s\u2019insurge contre la \u00ab\u00a0<em>d\u00e9cision arbitraire<\/em>\u00a0\u00bb des autorit\u00e9s interdisant l\u2019acc\u00e8s de son domicile \u00e0 toute personne \u00e0 l\u2019exception des membres de sa famille. Il consid\u00e8re cette d\u00e9cision comme une \u00ab\u00a0<em>atteinte intol\u00e9rable \u00e0 une de (ses) libert\u00e9s fondamentales et \u00e0 (sa) vie familiale et priv\u00e9e<\/em>\u00ab\u00a0.<\/p>\n<p align=\"justify\">Cet ancien dirigeant de la Ligue tunisienne des droits de l\u2019Homme (LTDH) d\u00e9nonce par ailleurs les mesures \u00ab\u00a0<em>vexatoires<\/em>\u00a0\u00bb dont il se dit \u00eatre l\u2019objet depuis des mois, notamment l\u2019interdiction qui lui est faite d\u2019acc\u00e9der aux si\u00e8ges de partis d\u2019opposition l\u00e9gaux et les \u00ab\u00a0fouilles syst\u00e9matiques et pouss\u00e9es\u00a0\u00bb auxquelles il dit avoir souvent \u00e9t\u00e9 soumis \u00e0 l\u2019a\u00e9roport.<\/p>\n<p align=\"justify\">\u00ab\u00a0<em>Mon domicile continue de faire l\u2019objet d\u2019une surveillance polici\u00e8re ostensible<\/em>\u00ab\u00a0, a-t-il d\u00e9clar\u00e9 au t\u00e9l\u00e9phone \u00e0 l\u2019Associated Press en d\u00e9plorant le refoulement du pr\u00e9sident de la LTDH, Me Mokhtar Trifi,venu lui rendre visite au premier jour de sa gr\u00e8ve de la faim.<\/p>\n<p align=\"justify\">\u00ab\u00a0<em>Jusque l\u00e0, notre probl\u00e8me \u00e9tait de revendiquer le SMIG d\u00e9mocratique, aujourd\u2019hui nous sommes dans l\u2019infra-SMIG<\/em>\u00ab\u00a0, a-t-il opin\u00e9 en demandant que cesse au plus t\u00f4t \u00ab\u00a0cette injustice\u00a0\u00bb. (Associated Press \u2013 samedi 20 f\u00e9vrier 2010)<\/p>\n<p><strong><font>(Source: Tunisia Watch le\u00a021 fevrier 2010)<\/font><\/strong><\/p>\n<\/div>\n<div>\n<hr\/>\n<\/div>\n<div>\n<div align=\"center\"><font face=\"Arial\" size=\"2\"><strong><\/p>\n<p><font><font size=\"3\">Ouverture \u00e0 Tunis de la 1\u00e8re r\u00e9union de la Commission de la femme arabe pour le droit international humanitaire<\/font> <\/font><\/p>\n<p><\/strong><\/font><\/p>\n<div><font face=\"Arial\" size=\"2\"><\/p>\n<hr\/>\n<p><\/font><\/div>\n<div align=\"justify\"><font face=\"Arial\" size=\"2\">Publi\u00e9 le 2010-02-21 18:53:31 | French. News.   TUNIS, 21 f\u00e9vrier (Xinhua) &#8212; Les travaux de la 1\u00e8re r\u00e9union de la Commission de la femme arabe pour le droit international humanitaire ont d\u00e9marr\u00e9 dimanche \u00e0 Tunis. La s\u00e9ance d&rsquo;ouverture a \u00e9t\u00e9 marqu\u00e9e par la participation de Babia Chihi, ministre tunisienne des Affaires de la femme et de la Famille et de l&rsquo;enfance et des Personnes \u00e2g\u00e9es et wadouda Badran, directrice de l&rsquo;Organisation arabe de la femme (OFA). Selon un communiqu\u00e9 de l&rsquo;OFA, les travaux de cette r\u00e9union de deux jour seront consacr\u00e9s \u00e0 la discussion du programme d&rsquo;action de la commission pour la p\u00e9riode 2010\/2011 et la nomination d&rsquo;une pr\u00e9sidente ou d&rsquo;un pr\u00e9sident pour la m\u00eame p\u00e9riode. Le lancement de la commission de la femme arabe pour le droit international humanitaire a \u00e9t\u00e9 annonc\u00e9 par Leila Ben Ali, \u00e9pouse du pr\u00e9sident tunisien et pr\u00e9sidente de l&rsquo;OFA le 1er f\u00e9vrier 2010, \u00e0 l&rsquo;occasion de la c\u00e9l\u00e9bration de la Journ\u00e9e de la femme arabe. La cr\u00e9ation de cette commission a \u00e9t\u00e9 propos\u00e9e par Leila Ben Ali, lors du 2\u00e8me congr\u00e8s de l&rsquo;Organisation, \u00e0 Abou Dhabi (11-13 novembre 2008). Cette initiative a b\u00e9n\u00e9fici\u00e9 d&rsquo;un large int\u00e9r\u00eat et d&rsquo;une grande consid\u00e9ration. Elle a \u00e9t\u00e9 approuv\u00e9e, lors de la 4\u00e8me r\u00e9union du Conseil sup\u00e9rieur de l&rsquo;OFA, le 25 juin 2009, \u00e0 Tunis. La commission a un caract\u00e8re consultatif aupr\u00e8s de l&rsquo;OFA. Elle est en charge de proposer des programmes de sensibilisation et de diffusion de la culture du droit international humanitaire, ainsi que des cycles de formation au profit des instances gouvernementales et des associations concern\u00e9es. La cr\u00e9ation de cette commission r\u00e9pond aux aspirations des Premi\u00e8res Dames, membres du Conseil sup\u00e9rieur, visant \u00e0 placer l&rsquo;OFA \u00e0 l&rsquo;avant-garde des efforts internationaux, r\u00e9gionaux et nationaux en faveur du respect du droit international humanitaire et de la diffusion de sa culture aupr\u00e8s de la femme arabe. <\/font><\/div>\n<div>\n<hr\/>\n<\/div>\n<div align=\"center\"><font face=\"Arial\" size=\"2\"><strong><\/p>\n<h3 style=\"color: blue;\"><font size=\"3\">Tunisie: ajustement des prix de vente au public des produits p\u00e9troliers<\/font><\/h3>\n<p><\/strong><\/font><\/div>\n<p><font face=\"Arial\" size=\"2\"><\/p>\n<div align=\"justify\">\n<hr\/>\n<p> \u00a0<\/p><\/div>\n<div align=\"justify\">Publi\u00e9 le 2010-02-21 18:49:57 | French. News.   TUNIS, 21 f\u00e9vrier (Xinhua) &#8212; La Tunisie a proc\u00e9d\u00e9 \u00e0 un ajustement des prix de vente au public du carburant et des produits p\u00e9troliers \u00e0 partir de dimanche \u00e0 z\u00e9ro heure. Dans un communiqu\u00e9, le minist\u00e8re tunisien de l&rsquo;Industrie et de l&rsquo;Energie a indiqu\u00e9 que cette proc\u00e9dure couvre l&rsquo;ensemble des produits d\u00e9riv\u00e9s du p\u00e9trole, y compris le prix du litre d&rsquo;essence. Le prix du litre d&rsquo;essence (super et super sans plomb) est ainsi pass\u00e9 de 1,270 dinar tunisien \u00e0 1,320 dinar (environ un dollar), soit une hausse de 5%. Le communiqu\u00e9 du minist\u00e8re rappelle que \u00ab\u00a0cet ajustement limit\u00e9 des prix des hydrocarbures, s&rsquo;inscrit dans le cadre du syst\u00e8me de r\u00e9gulation mis en place depuis janvier 2009\u00a0\u00bb. Ce syst\u00e8me se base sur l&rsquo;ajustement des prix int\u00e9rieurs des produits p\u00e9troliers, \u00e0 la hausse ou \u00e0 la baisse, avec des niveaux mod\u00e9r\u00e9s, chaque fois que l&rsquo;\u00e9cart entre le prix du p\u00e9trole sur le march\u00e9 international et le prix d&rsquo;\u00e9quilibre de r\u00e9f\u00e9rence atteint 10 dollars par baril au moins sur une p\u00e9riode de trois mois successifs. Selon le communiqu\u00e9, depuis cette date, les prix du p\u00e9trole sur le march\u00e9 international ont connu une augmentation d\u00e9passant le seuil de 10 dollars pour atteindre une moyenne de 74,5 dollars le baril du Brent au cours du dernier trimestre 2009, ce qui a engendr\u00e9 un \u00e9cart de 22,5 dollars par rapport au prix de r\u00e9f\u00e9rence fix\u00e9 \u00e0 52 dollars le baril. Ce nouvel ajustement des prix des hydrocarbures ne couvre qu&rsquo;une partie du co\u00fbt de l&rsquo;\u00e9nergie. En effet, le prix d&rsquo;\u00e9quilibre de r\u00e9f\u00e9rence s&rsquo;\u00e9tablit d\u00e9sormais \u00e0 60 dollars, soit un niveau inf\u00e9rieur de 15 dollars aux prix actuels du march\u00e9 international.<\/div>\n<p><\/font><\/div>\n<\/div>\n<div>\u00a0<\/div>\n<div>\n<hr\/>\n<\/div>\n<div><font face=\"Arial\" size=\"2\"><\/p>\n<p align=\"center\">\n<p><font size=\"3\">Pour conserver son poste de d\u00e9put\u00e9, Sakher El Materi c\u00e8de la pr\u00e9sidence du conseil d\u2019administration de la Banque Zitouna.<\/font><\/p>\n<\/p>\n<hr\/>\n<p align=\"justify\">Le 21 octobre 2009, L\u2019assembl\u00e9e g\u00e9n\u00e9rale constitutive de la Banque Zitouna a d\u00e9sign\u00e9 Monsieur Mohamed Sakher El Materi, fondateur, pr\u00e9sident du conseil d\u2019administration<\/p>\n<p align=\"justify\">Le 25 octobre 2009, Mohamed Sakher el Materi, a \u00e9t\u00e9 \u00e9lu officiellement \u00e0 la Chambre des D\u00e9put\u00e9s \u00e0 l\u2019issue des \u00e9lections l\u00e9gislatives qui se sont d\u00e9roul\u00e9es en Tunisie ou il s\u2019est pr\u00e9sent\u00e9 comme candidat du Rassemblement Constitutionnel D\u00e9mocratique (RCD) \u00e0 la R\u00e9gion de Tunis II,<\/p>\n<p align=\"justify\">Cette \u00e9lection intervient en <a href=\"http:\/\/\/\" target=\"_blank\" rel=\"noopener\">flagrante incompatibilit\u00e9 avec\u00a0 la loi<\/a> portant organisation du travail de la chambre des d\u00e9put\u00e9s dont l\u2019article 40 dispose que \u00ab\u00a0<em>L\u2019exercice d\u2019une fonction de direction dans les \u00e9tablissements publics ou les entreprises publiques ou l\u2019exercice d\u2019une fonction de direction ou de contr\u00f4le dans les soci\u00e9t\u00e9s \u00e0 caract\u00e8re purement financier et faisant appel \u00e0 l\u2019\u00e9pargne, au cr\u00e9dit et \u00e0 la participation, sont incompatibles avec le mandat de d\u00e9put\u00e9 ou de conseiller.<\/em> \u00bb<\/p>\n<p align=\"justify\">Pour contourner cet emp\u00eachement juridique et dans le but de conserver son poste de d\u00e9put\u00e9, Mohamed Sakher El Materi vient de<a href=\"http:\/\/\/\" target=\"_blank\" rel=\"noopener\">c\u00e9der son poste<\/a> de pr\u00e9sident du conseil d\u2019administration de la Banque Zitouna \u00e0 son directeur g\u00e9n\u00e9ral M. Mahfoudh Barouni alors que l\u2019actuel PDG de la Soci\u00e9t\u00e9 Tunisienne de Banque (STB), M. Amor Najii, a \u00e9t\u00e9 nomm\u00e9 directeur g\u00e9n\u00e9ral de la Banque Zitouna.<\/p>\n<p align=\"justify\">Cette d\u00e9mission intervient\u00a0apr\u00e8s\u00a0quatre\u00a0mois se conformer avec les dispositions de la loi \u00a0qui consid\u00e8re que \u00ab\u00a0<em>Le d\u00e9put\u00e9 ou le conseiller qui, lors de son \u00e9lection ou de sa d\u00e9signation, se trouve dans l\u2019un des cas d\u2019incompatibilit\u00e9 vis\u00e9s \u00e0 la pr\u00e9sente loi est consid\u00e9r\u00e9 d\u00e8s que les r\u00e9sultats des \u00e9lections deviennent d\u00e9finitifs ou d\u00e8s qu\u2019il accepte sa d\u00e9signation \u00e0 la chambre des conseillers, d\u00e9missionnaire d\u2019office de ses fonctions incompatibles avec son mandat ou plac\u00e9 d\u2019office dans la position de disponibilit\u00e9 sp\u00e9ciale s\u2019il est titulaire de l\u2019un des emplois publics.\u00a0\u00bb<\/em><\/p>\n<p align=\"justify\"><strong><font>Yahyaoui Mokhtar<\/font><\/strong> \u2013 Jeudi 18\u00a0f\u00e9vrier\u00a02010<\/p>\n<p align=\"justify\"><strong><font>(Source: Tunisia Watch le 20 fevrier 2010)<\/font><\/strong><\/p>\n<p><\/font><\/div>\n<p><font face=\"Arial\" size=\"2\"><\/p>\n<div>\n<hr\/>\n<\/div>\n<div align=\"center\"><span lang=\"FR-CH\"><font face=\"Arial\" size=\"2\">\u00a0<\/font><\/span><font face=\"Arial\" size=\"3\"><b><span lang=\"FR-CH\">Dossier\u00a0: D\u00e9c\u00e8s suspect du citoyen tunisien Yahya Tabbabi (31 ans)<\/span><\/b><\/font><\/div>\n<div align=\"center\"><font face=\"Arial\" size=\"3\"><b><span lang=\"FR-CH\">au centre ferm\u00e9 pour \u00e9trangers de Vottem (Belgique) <\/span><\/b><\/font><span lang=\"EN-GB\"><\/p>\n<hr\/>\n<p><\/span><\/div>\n<p align=\"justify\"><font face=\"Arial\" size=\"2\"><b><span lang=\"FR-CH\">Note mensuelle d\u2019Amnesty (Belgique) sur l\u2019actualit\u00e9 en mati\u00e8re d\u2019asile (janvier 2010)<\/span><\/b><\/font><\/p>\n<p align=\"justify\"><font face=\"Arial\" size=\"2\"><b><span lang=\"FR-CH\"><a href=\"http:\/\/www.amnestyinternational.be\/doc\/article15803.html\" target=\"_blank\" rel=\"noopener\"><font>http:\/\/www.amnestyinternational.be\/doc\/article15803.html<\/font><\/a><\/span><\/b><\/font><\/p>\n<p align=\"justify\"><font face=\"Arial\" size=\"2\"><i><u><span lang=\"FR-CH\">Publi\u00e9e le lundi 8 f\u00e9vrier 2010, par Estelle Dubost<\/span><\/u><\/i><\/font><\/p>\n<p align=\"justify\"><font face=\"Arial\" size=\"2\"><b><span lang=\"FR-CH\">D\u00e9c\u00e8s \u00e0 Vottem<\/span><\/b><\/font><\/p>\n<p align=\"justify\"><span lang=\"FR-CH\"><font face=\"Arial\" size=\"2\">Un pensionnaire du centre ferm\u00e9 pour \u00e9trangers de Vottem est d\u00e9c\u00e9d\u00e9 le 4 janvier apr\u00e8s avoir \u00e9t\u00e9 retrouv\u00e9 inanim\u00e9 dans son lit. L\u2019homme, Yahya Tabbabi, \u00e2g\u00e9 de 31 ans, \u00e9tait arriv\u00e9 au centre le 31 d\u00e9cembre 2009. Selon le directeur du centre, l\u2019int\u00e9ress\u00e9 \u00e9tait toxicomane et c\u2019est une surdose qui expliquerait son d\u00e9c\u00e8s. Une version confirm\u00e9e hier par le parquet de Li\u00e8ge. Le Cracpe affirme pour sa part que l\u2019homme \u00e9tait malade et n\u2019a pas \u00e9t\u00e9 correctement soign\u00e9. C\u2019est aussi l\u2019avis de certains d\u00e9tenus qui ont entam\u00e9 une gr\u00e8ve de la faim. La Libre Belgique 05\/01. Une trentaine de manifestants se sont r\u00e9unis malgr\u00e9 la neige le 9 janvier devant les grilles du centre ferm\u00e9 pour \u00e9trangers de Vottem \u00e0 Herstal, suite au d\u00e9c\u00e8s de Yahya Tabbabi. Parmi les manifestants se trouvaient d\u2019ailleurs des membres de sa famille qui envisagent de porter plainte contre l\u2019\u00c9tat belge. <\/font><\/span><\/p>\n<p align=\"justify\"><font face=\"Arial\" size=\"2\"><i><u><span lang=\"FR-CH\">D\u00e9p\u00eache de l\u2019agence \u00ab\u00a0BELGA\u00a0\u00bb publi\u00e9e sur le site du journal belge \u00ab\u00a0La Libre Belgique\u00a0\u00bb, le 04\/01\/2010 <\/span><\/u><\/i><\/font><\/p>\n<p align=\"justify\"><span lang=\"FR-CH\"><font face=\"Arial\" size=\"2\"><a href=\"http:\/\/www.lalibre.be\/actu\/belgique\" target=\"_blank\" rel=\"noopener\"><font>http:\/\/www.lalibre.be\/actu\/belgique<\/font><\/a> &#8230; <\/font><\/span><\/p>\n<p align=\"justify\"><font face=\"Arial\" size=\"2\"><b><span lang=\"FR-CH\">Gr\u00e8ve de la faim \u00e0 Vottem suite \u00e0 un d\u00e9c\u00e8s<\/span><\/b><\/font><\/p>\n<p align=\"justify\"><span lang=\"FR-CH\"><font face=\"Arial\" size=\"2\">Un pensionnaire du centre ferm\u00e9 pour Etrangers de Vottem, \u00e0 Herstal pr\u00e8s de Li\u00e8ge, est d\u00e9c\u00e9d\u00e9 lundi matin vers 10h30, a confirm\u00e9 la direction.<\/font><\/span><\/p>\n<p align=\"justify\"><span lang=\"FR-CH\"><font face=\"Arial\" size=\"2\">Il avait \u00e9t\u00e9 trouv\u00e9 inanim\u00e9 dans son lit et est d\u00e9c\u00e9d\u00e9 avant l&rsquo;arriv\u00e9e des secours. L&rsquo;homme, dont l&rsquo;\u00e2ge n&rsquo;a pas \u00e9t\u00e9 r\u00e9v\u00e9l\u00e9, \u00e9tait arriv\u00e9 au centre le 31 d\u00e9cembre dernier. Il s&rsquo;\u00e9tait pr\u00e9sent\u00e9 comme Irakien et avait affirm\u00e9 s&rsquo;appeler Liat Salem. \u00ab\u00a0Mais d&rsquo;apr\u00e8s d&rsquo;autres pensionnaires, il \u00e9tait Tunisien et ce n&rsquo;\u00e9tait pas son v\u00e9ritable nom\u00a0\u00bb, pr\u00e9cise Jean-Fran\u00e7ois Jacobs, directeur du centre ferm\u00e9 de Vottem. Selon ce dernier, l&rsquo;int\u00e9ress\u00e9 \u00e9tait toxicomane et c&rsquo;est une surdose qui expliquerait son d\u00e9c\u00e8s. Mais la police proc\u00e8de \u00e0 des examens sur place.<\/font><\/span><\/p>\n<p align=\"justify\">\u00a0<\/p>\n<p align=\"justify\"><span lang=\"FR-CH\"><font face=\"Arial\" size=\"2\">Le Collectif de R\u00e9sistance contre les Centres Ferm\u00e9s pour Etrangers (Cracpe) affirme pour sa part que l&rsquo;homme \u00e9tait malade et n&rsquo;a pas \u00e9t\u00e9 correctement soign\u00e9. C&rsquo;est \u00e9galement l&rsquo;avis de certains d\u00e9tenus qui ont d\u00e9cid\u00e9 d&rsquo;entamer une gr\u00e8ve de la faim en guise de protestation. \u00ab\u00a0En tout, il y a une aile compl\u00e8te, soit 25 personnes, et sept personnes dans l&rsquo;aile du d\u00e9funt, qui n&rsquo;ont pas mang\u00e9 ce midi\u00a0\u00bb, confirme encore le directeur. \u00ab\u00a0Mais ce sont deux ou trois meneurs seulement qui cr\u00e9ent le mouvement\u00a0\u00bb, assure-t-il.<\/font><\/span><\/p>\n<p align=\"justify\"><font face=\"Arial\" size=\"2\"><i><u><span lang=\"FR-CH\">Info publi\u00e9e par le journal belge \u00ab\u00a0La Meuse\u00a0\u00bb, le 09\/01\/2010 \u00e0 17h24<\/span><\/u><\/i><\/font><\/p>\n<p align=\"justify\"><span lang=\"FR-CH\"><font face=\"Arial\" size=\"2\"><a href=\"http:\/\/www.lameuse.be\/actualite\/fil\" target=\"_blank\" rel=\"noopener\"><font>http:\/\/www.lameuse.be\/actualite\/fil<\/font><\/a>&#8230;<\/font><\/span><\/p>\n<p align=\"justify\"><font face=\"Arial\" size=\"2\"><b><span lang=\"FR-CH\">La famille du sans-papiers d\u00e9c\u00e9d\u00e9 \u00e0 Vottem demande des comptes<\/span><\/b><\/font><\/p>\n<p align=\"justify\"><span lang=\"FR-CH\"><font face=\"Arial\" size=\"2\">Une trentaine de manifestants se sont r\u00e9unis malgr\u00e9 la neige ce samedi sur le coup de 16 heures devant les grilles du centre ferm\u00e9 pour \u00e9trangers de Vottem \u00e0 Herstal, pr\u00e8s de Li\u00e8ge. Cette manifestation hebdomadaire \u00e9tait, ce samedi, d\u00e9di\u00e9e \u00e0 la m\u00e9moire du sans-papiers d\u00e9c\u00e9d\u00e9 le lundi 4 janvier dernier au centre ferm\u00e9, un demandeur d\u2019asile Tunisien appel\u00e9 Yahya Tabbabi, \u00e2g\u00e9 de 31 ans. Parmi les manifestants se trouvaient d\u2019ailleurs des membres de sa famille qui envisagent de porter plainte contre l\u2019\u00c9tat belge. Pr\u00e9sent \u00e0 la manifestation ce samedi, le parlementaire f\u00e9d\u00e9ral \u00c9colo Eric Jadot entend poser une question parlementaire au sujet de ce d\u00e9c\u00e8s.<\/font><\/span><\/p>\n<p align=\"justify\"><font face=\"Arial\" size=\"2\"><b><span lang=\"FR-CH\">D\u00e9c\u00e8s de Yahia Tabbabi: <\/span><\/b><\/font><\/p>\n<p align=\"justify\"><font face=\"Arial\" size=\"2\"><b><span lang=\"FR-CH\">Lettre adress\u00e9e par REMDH et OMCT aux autorit\u00e9s belges<\/span><\/b><\/font><\/p>\n<p align=\"justify\">\u00a0<\/p>\n<p align=\"justify\"><span lang=\"FR-CH\"><font face=\"Arial\" size=\"2\">M. Freddy Roosemont<\/font><\/span><\/p>\n<p align=\"justify\"><span lang=\"FR-CH\"><font face=\"Arial\" size=\"2\">Directeur G\u00e9n\u00e9ral de l\u2019Office des \u00e9trangers<\/font><\/span><\/p>\n<p align=\"justify\"><span lang=\"FR-CH\"><font face=\"Arial\" size=\"2\">World Trade Center, tour II<\/font><\/span><\/p>\n<p align=\"justify\"><span lang=\"FR-CH\"><font face=\"Arial\" size=\"2\">Chauss\u00e9e d&rsquo;Anvers 59B<\/font><\/span><\/p>\n<p align=\"justify\"><span lang=\"FR-CH\"><font face=\"Arial\" size=\"2\">1000 Bruxelles<\/font><\/span><\/p>\n<p align=\"justify\"><span lang=\"FR-CH\"><font face=\"Arial\" size=\"2\">Copie \u00e0 M. Jean-Fran\u00e7ois Jacob<\/font><\/span><\/p>\n<p align=\"justify\"><span lang=\"FR-CH\"><font face=\"Arial\" size=\"2\">Directeur du Centre pour Ill\u00e9gaux de Vottem<\/font><\/span><\/p>\n<p align=\"justify\"><span lang=\"FR-CH\"><font face=\"Arial\" size=\"2\">Rue Vis\u00e9 voie 1<\/font><\/span><\/p>\n<p align=\"justify\"><span lang=\"FR-CH\"><font face=\"Arial\" size=\"2\">4041 Vottem<\/font><\/span><\/p>\n<p align=\"justify\"><span lang=\"FR-CH\"><font face=\"Arial\" size=\"2\">Gen\u00e8ve, le 14 janvier 2010<\/font><\/span><\/p>\n<p align=\"justify\"><span lang=\"FR-CH\"><font face=\"Arial\" size=\"2\">Concerne : D\u00e9c\u00e8s de M. Yahya Tabbabi, 31 ans, de nationalit\u00e9 tunisienne, au centre ferm\u00e9 de<\/font><\/span><\/p>\n<p align=\"justify\"><span lang=\"FR-CH\"><font face=\"Arial\" size=\"2\">Vottem, le 4 janvier 2010<\/font><\/span><\/p>\n<p align=\"justify\"><span lang=\"FR-CH\"><font face=\"Arial\" size=\"2\">Monsieur le Directeur G\u00e9n\u00e9ral,<\/font><\/span><\/p>\n<p align=\"justify\"><span lang=\"FR-CH\"><font face=\"Arial\" size=\"2\">L\u2019Organisation Mondiale Contre la Torture (OMCT) et le R\u00e9seau euro-m\u00e9diterran\u00e9en des Droits de l&rsquo;Homme (REMDH) expriment leurs vives pr\u00e9occupations suite au d\u00e9c\u00e8s dans des circonstances toujours inexpliqu\u00e9es de M. Yahya Tabbabi au centre ferm\u00e9 de Vottem. M. Yahya Tabbabi y \u00e9tait d\u00e9tenu depuis son interpellation, le 31 d\u00e9cembre 2009, \u00e0 la gare centrale de Bruxelles.<\/font><\/span><\/p>\n<p align=\"justify\"><span lang=\"FR-CH\"><font face=\"Arial\" size=\"2\">Selon les propos du porte-parole de l\u2019Office des \u00e9trangers, propos publi\u00e9s dans l\u2019\u00e9dition du journal Le Soir du 5 janvier 2010, M. Yahya Tabbabi aurait \u00e9t\u00e9 diagnostiqu\u00e9, \u00e0 son arriv\u00e9e au centre de Vottem, par un m\u00e9decin comme \u00e9tant d\u00e9pendant aux drogues dures et aurait, par cons\u00e9quent, \u00e9t\u00e9 trait\u00e9 \u00e0 la m\u00e9thadone. Selon le m\u00eame article, M. Tabbabi serait d\u00e9c\u00e9d\u00e9 suite \u00e0 une overdose de m\u00e9thadone et de benzodiaz\u00e9pine, le 4 janvier 2010, alors que l\u2019acc\u00e8s aux m\u00e9dicaments serait r\u00e9glement\u00e9 dans les centres ferm\u00e9s.<\/font><\/span><\/p>\n<p align=\"justify\"><span lang=\"FR-CH\"><font face=\"Arial\" size=\"2\">Selon les informations recueillies par la F\u00e9d\u00e9ration des Tunisiens pour une Citoyennet\u00e9 des deux Rives (FTCR), une organisation respectivement membre et partenaire du REMDH et de l\u2019OMCT, sa famille en Tunisie et ses connaissances en France, o\u00f9 il a s\u00e9journ\u00e9 depuis 2008 avant de partir pour la Belgique en d\u00e9cembre 2009, r\u00e9futent les all\u00e9gations de toxicomanie. Par ailleurs, selon les m\u00eames informations, M. Tabbabi n\u2019aurait pas \u00e9t\u00e9 examin\u00e9 par un m\u00e9decin \u00e0 son arriv\u00e9e au centre, mais par une infirmi\u00e8re en service. A cet \u00e9gard, l\u2019OMCT et le REMDH souhaiteraient recevoir des \u00e9claircissements.<\/font><\/span><\/p>\n<p align=\"justify\"><span lang=\"FR-CH\"><font face=\"Arial\" size=\"2\">Au vu des informations mentionn\u00e9es ci-dessus, l\u2019OMCT et le REMDH vous demande instamment, Monsieur le Directeur G\u00e9n\u00e9ral, de veiller \u00e0 qu\u2019une enqu\u00eate imm\u00e9diate, efficace, exhaustive, ind\u00e9pendante et impartiale soit conduite sur les circonstances du d\u00e9c\u00e8s de M. Yahya Tabbabi, y compris sur l\u2019acc\u00e8s aux soins et aux m\u00e9dicaments dans le centre ferm\u00e9 de Vottem. En vous remerciant de l\u2019attention que vous accorderez \u00e0 cette requ\u00eate, nous vous prions de croire, Monsieur le Directeur G\u00e9n\u00e9ral, \u00e0 l\u2019expression de notre tr\u00e8s haute consid\u00e9ration.<\/font><\/span><\/p>\n<p align=\"justify\"><font face=\"Arial\" size=\"2\"><strong><font><span lang=\"FR-CH\">\u00a0Eric Sottas \u00a0\u00a0\u00a0\u00a0\u00a0\u00a0\u00a0\u00a0\u00a0\u00a0\u00a0\u00a0\u00a0\u00a0\u00a0\u00a0\u00a0\u00a0\u00a0\u00a0\u00a0\u00a0\u00a0\u00a0\u00a0\u00a0\u00a0\u00a0\u00a0\u00a0\u00a0\u00a0\u00a0\u00a0\u00a0\u00a0\u00a0\u00a0\u00a0\u00a0\u00a0\u00a0\u00a0\u00a0\u00a0\u00a0\u00a0\u00a0\u00a0\u00a0\u00a0\u00a0\u00a0\u00a0\u00a0\u00a0\u00a0\u00a0\u00a0\u00a0\u00a0\u00a0\u00a0\u00a0\u00a0\u00a0\u00a0\u00a0\u00a0\u00a0\u00a0\u00a0\u00a0\u00a0\u00a0\u00a0\u00a0\u00a0\u00a0\u00a0\u00a0\u00a0\u00a0\u00a0\u00a0\u00a0\u00a0\u00a0\u00a0\u00a0\u00a0\u00a0\u00a0\u00a0\u00a0\u00a0\u00a0Kamel Jendoubi<\/span><\/font><\/strong><\/font><\/p>\n<p>\u00a0<\/p>\n<p><span lang=\"FR-CH\"><font face=\"Arial\" size=\"2\">\u00a0** <\/font><\/span><font face=\"Arial\" size=\"2\"><b><span lang=\"FR-CH\">R\u00e9ponse des autorit\u00e9s belges \u00e0 la lettre concernant le cas de M. Tabbabi <\/span><\/b><\/font><\/p>\n<p><font face=\"Arial\" size=\"2\"><b><span lang=\"FR-CH\"><a href=\"http:\/\/mawgeng.unblog.fr\/files\/2010\/02\/reponsebelgiquelettremrtabbabi.pdf\" target=\"_blank\" rel=\"noopener\"><font>http:\/\/mawgeng.unblog.fr\/files\/2010\/02\/reponsebelgiquelettremrtabbabi.pdf<\/font><\/a><\/span><\/b><\/font><\/p>\n<p><font face=\"Arial\" size=\"2\"><b><span dir=\"rtl\" lang=\"AR-SA\">\u00a0<\/span><span lang=\"FR-CH\">(Source\u00a0: correspondance de Mme Luisa Toscane, le 20 f\u00e9vrier 2010)<\/span><\/b><\/font><\/p>\n<p><font face=\"Arial\" size=\"2\"><i><span lang=\"FR-CH\"><\/span><\/i><\/font><\/p>\n<div>\n<hr\/>\n<\/div>\n<div align=\"center\"><font face=\"Arial\" size=\"2\"><i><span lang=\"FR-CH\">Article paru dans le Journal d\u00e9partemental (F\u00e9d\u00e9ration de la Haute-Garonne) du PCF \u00ab Le Nouvel 31 \u00bb F\u00e9vrier 2010.<\/span><\/i><\/font><\/div>\n<div align=\"center\"><font face=\"Arial\" size=\"2\"><b><span lang=\"FR-CH\"><font size=\"3\">O\u00f9 va la Tunisie ?<\/font><\/span><\/b><\/font><span lang=\"FR-CH\"><font face=\"Arial\" size=\"2\"><strong><font><\/p>\n<hr\/>\n<p><\/font><\/strong><\/font><\/span><\/div>\n<p><\/font><\/p>\n<p><span lang=\"FR-CH\"><font face=\"Arial\" size=\"2\"><strong><font>Xavier Lambert<\/font><\/strong><\/font><\/span><\/p>\n<p>\u00a0<\/p>\n<p><span lang=\"FR-CH\"><font face=\"Arial\" size=\"2\">Apr\u00e8s une campagne \u00e9lectorale \u00ab surr\u00e9aliste \u00bb et un r\u00e9sultat fleuve (officiellement 89,62%) d\u00e9pourvu de toute cr\u00e9dibilit\u00e9, la Tunisie s&rsquo;appr\u00eate \u00e0 subir un cinqui\u00e8me mandat pr\u00e9sidentiel d&rsquo;un Ben Ali (\u00e0 73 ans) d\u00e9cid\u00e9 \u00e0 ne\u00a0rien c\u00e9der. Au contraire, il a renforc\u00e9 son absolue mainmise sur le pays en<\/font><\/span><\/p>\n<p><span lang=\"FR-CH\"><font face=\"Arial\" size=\"2\">affichant un despotisme \u00ab d\u00e9complex\u00e9 \u00bb. Pour le peuple point d&rsquo;\u00e9chappatoire.<\/font><\/span><\/p>\n<p><span lang=\"FR-CH\"><font face=\"Arial\" size=\"2\">La condamnation est lourde et semble \u00eatre sans appel. Encore cinq ann\u00e9es d&rsquo;humiliation structur\u00e9e, de pillage organis\u00e9 et de libert\u00e9s asphyxi\u00e9es. Et pour tous ceux qui s&rsquo;attendaient, apr\u00e8s cette \u00e9lection, \u00e0 un quelconque infl\u00e9chissement du r\u00e9gime ont tr\u00e8s vite d\u00e9chant\u00e9. Par sa r\u00e9action violente et son agressivit\u00e9 d\u00e9mesur\u00e9e \u00e0 l&rsquo;\u00e9gard de toutes les personnes qui ont os\u00e9 \u00e9mettre un avis critique (m\u00eame mesur\u00e9) sur cette mise en sc\u00e8ne d&rsquo;une all\u00e9geance d&rsquo;un autre \u00e2ge, le r\u00e9gime a d\u00e9montr\u00e9 qu&rsquo;il n&rsquo;a nullement l&rsquo;intention de progresser vers la voie de la d\u00e9mocratie.<\/font><\/span><\/p>\n<p>\u00a0<\/p>\n<p><span lang=\"FR-CH\"><font face=\"Arial\" size=\"2\">Pour le pr\u00e9sident tunisien tout est rapport de force. La brutalit\u00e9 et la r\u00e9pression constituent un outil de gouvernement. D&rsquo;o\u00f9 son peu de respect aux<\/font><\/span><\/p>\n<p><span lang=\"FR-CH\"><font face=\"Arial\" size=\"2\">institutions et au peuple. Il est mu par un instinct primaire. Sa conception du pouvoir est marqu\u00e9e par la volont\u00e9 exacerb\u00e9e de dominer, d&rsquo;asservir et d&rsquo;organiser sa vie sur la soumission des Autres. D\u00e8s lors, chaque membre de sa famille a un droit naturel sur un \u00ab espace r\u00e9serv\u00e9 \u00bb qui lui est n\u00e9cessaire pour vivre et s&rsquo;enrichir, sans nulle restriction que celle de sa puissance, et sans qu&rsquo;il ait \u00e0 se pr\u00e9occuper des autres. Il peut les \u00e9touffer, les piller s&rsquo;il le faut, ou les r\u00e9duire \u00e0 la situation de vassaux ou d&rsquo;esclaves.<\/font><\/span><\/p>\n<p>\u00a0<\/p>\n<p><span lang=\"FR-CH\"><font face=\"Arial\" size=\"2\">D\u00e8s lors, la forme du pouvoir \u00e9tabli ne saurait \u00eatre que totale et absolue. Elle ne comporte aucune responsabilit\u00e9. Tout au plus, des mascarade \u00e9lectorales, dont on ne pr\u00e9tend m\u00eame pas d&rsquo;ailleurs qu&rsquo;elles soient libres, viennent-elles de temps \u00e0 autre, aux moments choisis par le chef lui-m\u00eame et par lui seul, ratifier ses actes et en acclamer les bienfaits. Ce ne sont l\u00e0 que des exp\u00e9dients pour soigner la forme vis-\u00e0-vis des partenaires \u00e9trangers. C&rsquo;est un totalitarisme enveloppant un profond d\u00e9dain des r\u00e8gles et des proc\u00e9dures constitutionnelles. L&rsquo;Etat dans sa forme institutionnelle et dans sa dimension fonctionnelle est mobilis\u00e9 et mis \u00e0 disposition pour servir le chef et son entourage. Le seul outil de gouvernement c&rsquo;est la force brutale toujours pr\u00eate \u00e0 se d\u00e9ployer pour n&rsquo;importe quoi et \u00e0 l&rsquo;encontre de n&rsquo;importe qui. Celui qui ne le soutient pas et \u00e9met m\u00eame un simple avis d\u00e9favorable[1] \u00e0 ma politique est un ennemi, qu&rsquo;il s&rsquo;agit moins d&rsquo;encadrer que d&rsquo;abattre. En d&rsquo;autres termes, dans la lutte engag\u00e9e par le r\u00e9gime d&rsquo;\u00e9radiquer le droit \u00ab d&rsquo;exprimer un simple avis \u00bb, l&#8217;embastillement n&rsquo;est pas un acte de justice, mais un acte politique, un acte de guerre.<\/font><\/span><\/p>\n<p><span lang=\"FR-CH\"><font face=\"Arial\" size=\"2\">C&rsquo;est une v\u00e9ritable introduction au monde de la terreur. Pour le r\u00e9gime de Ben Ali,\u00a0 celui qui ext\u00e9riorise une id\u00e9e critique, trahit. Et par sa trahison, il se met en dehors de la Nation et, puisque le droit ne vaut plus d\u00e9sormais que pour ceux qui sont favorables au r\u00e9gime, il se met en dehors du droit.<\/font><\/span><\/p>\n<p>\u00a0<\/p>\n<p><span lang=\"FR-CH\"><font face=\"Arial\" size=\"2\">Le temps de la r\u00e9volte semble sonner. Le soul\u00e8vement des habitants de la zone mini\u00e8re de la r\u00e9gion de Gafsa a clairement d\u00e9montr\u00e9 que si le pouvoir en Tunisie a un savoir incontestable pour g\u00e9rer par la peur et la terreur des r\u00e9voltes individuelles ou celles port\u00e9es par un petit groupe \u00e0 Tunis, en revanche, il est comme paralys\u00e9 face \u00e0 un mouvement d&rsquo;une grande ampleur.<\/font><\/span><\/p>\n<p><span lang=\"FR-CH\"><font face=\"Arial\" size=\"2\">Les cafouillages et les multiples maladresses qui ont ponctu\u00e9 l&rsquo;intervention des forces de s\u00e9curit\u00e9 \u00e0 Rdief-Gafsa, sont la preuve explicite que ce r\u00e9gime<\/font><\/span><\/p>\n<p><span lang=\"FR-CH\"><font face=\"Arial\" size=\"2\">n&rsquo;est point en mesure de r\u00e9sister \u00e0 une mobilisation populaire.<\/font><\/span><\/p>\n<p><span lang=\"FR-CH\"><font face=\"Arial\" size=\"2\">\u00a0<\/font><\/span><span lang=\"FR-CH\"><font face=\"Arial\" size=\"2\">[1] La blogueuse Fatma ARABICCA, s&rsquo;est trouv\u00e9e en prison uniquement parce qu&rsquo;elle a exprim\u00e9 sur son blogue un simple avis personnel sur le d\u00e9roulement des derni\u00e8res \u00e9lections. <\/font><\/span><\/p>\n<div>\n<hr\/>\n<\/div>\n<div align=\"center\"><font face=\"Arial\" size=\"2\"><b><span lang=\"EN-GB\"><a href=\"http:\/\/je-peux-dire-une-connerie.blogspot.com\/2010\/02\/fadhel-jaibi-et-taoufik-jebali-sont-ils.html\" target=\"_blank\" rel=\"noopener\"><span lang=\"FR-CH\">Fadhel Jaibi et Taoufik Jebali sont-ils des traitres ?<\/span><\/a><\/span><span lang=\"FR-CH\"><\/span><\/b><\/font><\/div>\n<div>\n<hr\/>\n<\/div>\n<div>\n<p><b><span lang=\"FR-CH\">Par\u00a0: Takkou<\/span><\/b><\/p>\n<p><span lang=\"FR-CH\">Que la majorit\u00e9 de nos pseudos journalistes soient des m\u00e9diocrit\u00e9s patentes, cela n\u2019est ni une nouveaut\u00e9 ni une trouvaille qui vaut un quelconque m\u00e9rite. Les sottises d\u00e9bit\u00e9es \u00e0 longueurs de colonnes ne suscitent plus ni \u00e9tonnement ni consternation. Et les bourdes, conscientes et non, commises par la horde de journaleux qui officient dans notre presse (de caniveaux quand ce n\u2019est pas une caisse de r\u00e9sonance pour la langue de bois), ne se comptent plus et ne rentrent plus dans l\u2019ordre des choses insolites. Cela est devenu la r\u00e8gle et le professionnalisme, la rigueur et la probit\u00e9 sont l\u2019exception.  Par contre, quand des personnes suppos\u00e9es \u00eatre des membres de l\u2019intelligentsia tunisienne tombent dans la logorrh\u00e9e (une diarrh\u00e9e par voie orale) d\u2019un scribouillard qui se prend pour une lumi\u00e8re cela incite \u00e0 se poser des s\u00e9rieuses questions.  Je me pose de s\u00e9rieuses questions depuis que mon ami Tarek Kahlaoui, d\u2019habitude tr\u00e8s pointilleux dans ses \u00e9crits et ses interventions, a repris un article sign\u00e9 de \u00ab la plume \u00bb mal inspir\u00e9e d\u2019un certain Bassoumi Chokri ( <\/span><span lang=\"EN-GB\"><a href=\"http:\/\/www.facebook.com\/note.php?note_id=263023105311&amp;id=1511773313&amp;ref=mf\" target=\"_blank\" rel=\"noopener\"><span lang=\"FR-CH\"><font>http:\/\/www.facebook.com\/note.php?note_id=263023105311&amp;id=1511773313&amp;ref=mf<\/font><\/span><\/a><\/span><span lang=\"FR-CH\"> ), sens\u00e9 \u00eatre publi\u00e9 sur les colonnes du journal \u00ab Achourouk \u00bb et qui a \u00e9t\u00e9 (fort heureusement d\u2019ailleurs) censur\u00e9. En proc\u00e9dant ainsi, j\u2019ai eu comme l\u2019impression que Tarek, et l\u00e0 j\u2019esp\u00e8re que je suis entrain de faire fausse route, rejoint le sentiment de l\u2019auteur censur\u00e9 en exprimant son \u00e9tonnement et son incompr\u00e9hension des raisons qui ont pouss\u00e9 le journal \u00e0 ne pas publier l\u2019article incrimin\u00e9.  Je suis \u00e9tonn\u00e9 que mon ami Tarek soit \u00e9tonn\u00e9. Moi aussi je ne comprends pas les raisons pour les quelles Tarek s\u2019\u00e9tonne. Est-ce pour le principe de la libert\u00e9 d\u2019expression ? Est-ce pour le principe de la libert\u00e9 de diffamation ? Ou est-ce que tout cela rentre dans le d\u00e9bat g\u00e9n\u00e9ral du patriotisme, identit\u00e9, esprit communautaire\u2026 et tout le tralala qui va avec, chose qui \u00e0 mon avis sied mal \u00e0 quelqu\u2019un dont le choix a \u00e9t\u00e9 de faire sa vie et celle de sa famille dans un pays dont les valeurs sont le moins qu\u2019on puisse dire diff\u00e9rentes de celles de son pays d\u2019origine.  De quoi s\u2019\u00e9tonne Tarek ? Du fait qu\u2019on ait ignor\u00e9 (plus appropri\u00e9 \u00e0 mon avis que censur\u00e9) un suppos\u00e9 journaliste qui fait confusion entre trois concepts, certes ayant une consonance terminologique similaire, mais tout \u00e0 fait distinctes l\u2019une de l\u2019autre ?  Voyons voir de pr\u00e9s de quoi il s\u2019agit. L\u2019auteur de \u00ab l\u2019article \u00bb censur\u00e9, se demande, dans un ton d\u2019indignation et d\u2019amertume, pour quelles raisons quelques personnalit\u00e9s de la sc\u00e8ne culturelle tunisienne ont \u00e9t\u00e9 d\u00e9cor\u00e9es par le Ministre de la Culture fran\u00e7ais, Fr\u00e9deric Mitterrand. Il tranche que si cela a \u00e9t\u00e9 fait c\u2019est qu\u2019il y a anguille(s) sous roche. Et que si les r\u00e9cipiendaires ont accept\u00e9s c\u2019est qu\u2019ils sont complices et m\u00eame un brin traitres.  Que le journaliste s\u2019\u00e9tonne des choses cela est tout \u00e0 fait l\u00e9gitime et l\u2019une des conditions essentielles pour l\u2019exercice de sa vocation. Mais quand il taxe ceux qui ont \u00e9t\u00e9 d\u00e9cor\u00e9s de \u00ab l\u00e9gionnaires \u00bb (au sens historique du mot et non au sens l\u00e9gal), l\u2019affaire prend une toute autre tournure et tombe m\u00eame sous le coup de la loi. En effet, notre ami \u00ab journaliste \u00bb a cru faussement que nos artistes et intellectuels d\u00e9cor\u00e9s ont re\u00e7u la \u00ab L\u00e9gion d\u2019honneur \u00bb. Puis, partant de la d\u00e9finition de seulement la premi\u00e8re partie de l\u2019expression il a fait un raccourci pour aboutir \u00e0 la conclusion que les artistes et intellectuels d\u00e9cor\u00e9s sont des l\u00e9gionnaires tout comme ceux qui s\u2019enr\u00f4l\u00e8rent dans la \u00ab L\u00e9gion \u00e9trang\u00e8re \u00bb.  Le \u00ab journaliste \u00bb aurait du faire des recherches tr\u00e8s simples pour comprendre que la particule \u00ab L\u00e9gion \u00bb n\u2019a pas la m\u00eame signification quand elle est employ\u00e9e devant le mot \u00ab honneur \u00bb que quand elle est employ\u00e9e devant le terme \u00ab Etrang\u00e8re \u00bb ou \u00ab R\u00e9publicaine \u00bb ou autre\u2026 Secundo, les Jaibi, Jebali et compagnie ont re\u00e7u les insignes de Chevalier de l\u2019Ordre des Arts et des Lettres, une distinction (<\/span><span lang=\"EN-GB\"><a href=\"http:\/\/fr.wikipedia.org\/wiki\/Ordre_des_Arts_et_des_Lettres\" target=\"_blank\" rel=\"noopener\"><span lang=\"FR-CH\"><font>http:\/\/fr.wikipedia.org\/wiki\/Ordre_des_Arts_et_des_Lettres<\/font><\/span><\/a><\/span><span lang=\"FR-CH\">) dont les crit\u00e8res et les motifs de concession sont fondamentalement diff\u00e9rentes de ceux exig\u00e9s pour une \u00ab L\u00e9gion d\u2019Honneur \u00bb (<\/span><span lang=\"EN-GB\"><a href=\"http:\/\/fr.wikipedia.org\/wiki\/L\u00e9gion_d\" target=\"_blank\" rel=\"noopener\"><span lang=\"FR-CH\"><font>http:\/\/fr.wikipedia.org\/wiki\/L%C3%A9gion_d&rsquo;honneur<\/font><\/span><\/a><\/span><span lang=\"FR-CH\">). Ceci fait d\u2019eux des personnes \u00e0 qui on a reconnu leur immense talent et leur sens de cr\u00e9ativit\u00e9 et non des l\u00e9gionnaires ni dans le sens p\u00e9joratif ni dans le sens bienveillant du terme. Au contraire, cela a rem\u00e9di\u00e9 \u00e0 une injustice et une absence d\u2019une reconnaissance nationale, une reconnaissance qui tarde \u00e0 venir et qui probablement ne viendra pas eu \u00e9gard au caract\u00e8re pol\u00e9mique des int\u00e9ress\u00e9s.  Que notre journaliste circonspect donc, et notre ami Tarek, au cas o\u00f9 il partage le raisonnement du premier, se rassurent. Il n\u2019y a aucun processus de bastardisation dans l\u2019affaire. Il y a certainement de la complaisance et j\u2019aurais mieux accept\u00e9 que l\u2019on se pose des questions sur les vrais m\u00e9rites de certaines des personnes d\u00e9cor\u00e9es. Mais de la \u00e0 mettre en doute la valeur artistique d\u2019un Jaibi ou d\u2019un Jebali\u2026 et d\u2019insinuer un d\u00e9ficit de fibre patriotique chez ces gens qui sont notre m\u00e9moire, notre identit\u00e9 et nos ambassadeurs, c\u2019est l\u00e0 un pas qui n\u2019aurait pas du \u00eatre franchi.<\/span><\/p>\n<p><b><span lang=\"FR-CH\">(Source\u00a0: le blog tunisien \u00ab\u00a0Errances\u00a0\u00bb, le 20 f\u00e9vrier 2010)<\/span><\/b><\/p>\n<p><span><b><span lang=\"FR-CH\">Lien:<\/span><\/b><\/span><span lang=\"FR-CH\"><\/span><span><b><span lang=\"FR-CH\"><a href=\"http:\/\/je-peux-dire-une-connerie.blogspot.com\/2010\/02\/fadhel-jaibi-et-taoufik-jebali-sont-ils.html\" target=\"_blank\" rel=\"noopener\"><font>http:\/\/je-peux-dire-une-connerie.blogspot.com\/2010\/02\/fadhel-jaibi-et-taoufik-jebali-sont-ils.html<\/font><\/a><\/span><\/b><\/span><\/p>\n<\/div>\n<div>\n<hr\/>\n<\/div>\n<div align=\"center\"><font face=\"Arial\" size=\"2\"><b><span lang=\"FR-CH\">\u00ab\u00a0Il fait si bon vivre chez nous\u00a0\u00bb<\/span><\/b><\/font><span><font face=\"Arial\" size=\"2\"><b><span lang=\"EN-GB\"><\/span><\/b><\/font><\/span><\/div>\n<div>\n<hr\/>\n<\/div>\n<div>\n<p><span><font face=\"Arial\" size=\"2\"><b><span lang=\"EN-GB\">Par<a href=\"http:\/\/carpediem-selim.blogspot.com\/2010\/02\/il-fait-si-bon-vivre-chez-nous.html?utm_source=feedburner&amp;utm_medium=feed&amp;utm_campaign=Feed:+carpediem55+%28Carpe+Diem%29\" target=\"_blank\" rel=\"noopener\"><strong><span>Carpe Diem<\/span><\/strong><\/a> <\/span><\/b><\/font><\/span><\/p>\n<p><span lang=\"FR-CH\"><font face=\"Arial\" size=\"2\">L&rsquo;\u00e9ditorial de ce Samedi du journal \u00ab\u00a0Le Temps\u00a0\u00bb au titre bien pompeux \u00ab\u00a0<\/font><\/span><span><font face=\"Arial\" size=\"2\"><a href=\"http:\/\/www.letemps.com.tn\/article.php?ID_art=39411\" target=\"_blank\" rel=\"noopener\"><i><span lang=\"FR-CH\"><font>Il fait bon vivre chez nous<\/font><\/span><\/i><\/a><\/font><\/span><span lang=\"FR-CH\"><font face=\"Arial\" size=\"2\">\u00a0\u00bb est r\u00e9v\u00e9lateur de la double nature contradictoire du r\u00e9gime tunisien : <\/font><\/span><span><font face=\"Arial\" size=\"2\"><a href=\"http:\/\/report2009.amnesty.org\/fr\/regions\/middle-east-north-africa\/tunisia\" target=\"_blank\" rel=\"noopener\"><span lang=\"FR-CH\"><font>un r\u00e9gime autoritaire<\/font><\/span><\/a><\/font><\/span><span lang=\"FR-CH\"><font face=\"Arial\" size=\"2\"> qui continue \u00e0 vendre un pays stable et s\u00e9curis\u00e9, et de b\u00e9n\u00e9ficier en retour de l&rsquo;image positive du \u00ab\u00a0bon \u00e9l\u00e8ve\u00a0\u00bb au sein d&rsquo;une communaut\u00e9 internationale hypocrite et opportuniste.  En quelques lignes, l&rsquo;auteur commence \u00e0 parler de tourisme pour finir par un rappel des principaux arguments us\u00e9s par le r\u00e9gime pour vanter son mod\u00e8le de r\u00e9ussite et b\u00e9n\u00e9ficier de la tol\u00e9rance et de la coop\u00e9ration de la communaut\u00e9 internationale :  \u00ab\u00a0<\/font><\/span><span lang=\"FR-CH\"><font face=\"Arial\" size=\"2\">(&#8230;)<i>Finalement la croissance, l&rsquo;investissement, l&rsquo;afflux des \u00e9trangers ne sont pas uniquement tributaires du cadre macro-\u00e9conomique viable. Rien ne se fait en effet sans stabilit\u00e9 politique, sans paix sociale et sans s\u00e9curit\u00e9. Oui, il fait bon vivre chez nous. Et pour rien au monde nous n&rsquo;y renoncerons<\/i>.<\/font><\/span><span lang=\"FR-CH\"><font face=\"Arial\" size=\"2\">\u00a0\u00bb  \u00c9quilibre macro-\u00e9conomique, stabilit\u00e9 politique, paix sociale, et s\u00e9curit\u00e9&#8230;Voici un mixe de crit\u00e8res qui parleront plus aux bailleurs de fonds et autres institutions \u00e9conomiques et financi\u00e8res internationales qu&rsquo;\u00e0 un citoyen lambda. Des institutions qui sont juges et parties \u00e0 la fois : elles sont garantes des aides indispensables pour la Tunisie et sont en m\u00eame temps les premi\u00e8res \u00e0 lui donner des satisf\u00e9cits et lui accorder le statut de \u00ab\u00a0pays en voix de d\u00e9veloppement et de d\u00e9mocratisation\u00a0\u00bb. Des institutions qui ob\u00e9issent aux seules lois du march\u00e9 et qui sont constamment soumises \u00e0 diverses pressions politiques. Elles ont une lecture macro-\u00e9conomique, normative et \u00e0 court terme de la situation \u00e9conomique, sociale et politique d&rsquo;un pays. Tant qu&rsquo;un petit pays d\u00e9pendant de leur aide comme la Tunisie continuera \u00e0 absorber autant de fonds et \u00e0 les rembourser, \u00e0 simuler la lib\u00e9ralisation \u00e9conomique, \u00e0 assurer la croissance, \u00e0 \u00e9viter l&rsquo;implosion sociale et \u00e0 contr\u00f4ler \u00ab\u00a0l&rsquo;invasion islamiste\u00a0\u00bb, on continuera \u00e0 bien le consid\u00e9rer. Le r\u00e9gime tunisien l&rsquo;a tr\u00e8s bien compris. Mais cela suffit-il \u00e0 accorder \u00e0 un pays le statut de \u00ab\u00a0bon \u00e9l\u00e8ve\u00a0\u00bb, ou d&rsquo;avancer qu&rsquo;il y fait bon vivre?  Quel sens donner \u00e0 des chiffres de croissance \u00e9conomique ou \u00e0 une premi\u00e8re position dans un classement si on extrait ces donn\u00e9es de leur contexte social et politique? Que penser d&rsquo;une croissance \u00e9conomique qui est accompagn\u00e9e d&rsquo;une augmentation du ch\u00f4mage et des in\u00e9galit\u00e9s? De la stabilit\u00e9 politique dans un contexte de censure et de r\u00e9pression des libert\u00e9s et en l&rsquo;absence de vraie alternance? Peut-on vraiment se sentir en s\u00e9curit\u00e9 dans un pays o\u00f9 on peut \u00eatre constamment surveill\u00e9 et o\u00f9 peu de gens sont \u00e0 l&rsquo;abri d&rsquo;une sanction arbitraire? S&rsquo;il fait si bon vivre en Tunisie, pourquoi ses jeunes et ses moins jeunes r\u00eavent toujours de la quitter?  \u00ab\u00a0<i>Il fait bon vivre chez nous<\/i>\u00ab\u00a0; c&rsquo;est peut-\u00eatre ce que pense vraiment l&rsquo;auteur de ce petit \u00e9ditorial. D&rsquo;autres citoyens tunisiens comme Saida, Hechmi, Sonia, Fahem, Sami et Mohammed ont leur propres opinions sur la question qu&rsquo;ils d\u00e9veloppent dans une s\u00e9rie de t\u00e9moignages r\u00e9alis\u00e9s par la RSR. <\/font><\/span><span><font face=\"Arial\" size=\"2\"><a href=\"http:\/\/www.rsr.ch\/podcast\/la-1ere\/un-dromadaire#un-dromadaire\" target=\"_blank\" rel=\"noopener\"><span lang=\"FR-CH\"><font>\u00c9coutez-les<\/font><\/span><\/a><\/font><\/span><span lang=\"FR-CH\"><font face=\"Arial\" size=\"2\">, \u00e7a vaut mille de ces classements sur la qualit\u00e9 de la vie en Tunisie&#8230;<\/font><\/span><\/p>\n<p><font face=\"Arial\" size=\"2\"><b><span lang=\"FR-CH\">(Source\u00a0: le blog tunisien \u00ab\u00a0Carpe Diem\u00a0\u00bb, le 20 f\u00e9vrier 2010)<\/span><\/b><\/font><\/p>\n<p><span><font face=\"Arial\" size=\"2\"><b><span lang=\"FR-CH\">Lien:<\/span><span lang=\"FR-CH\"><a href=\"http:\/\/carpediem-selim.blogspot.com\/\" target=\"_blank\" rel=\"noopener\"><font>http:\/\/carpediem-selim.blogspot.com\/<\/font><\/a><\/span><\/b><\/font><\/span><\/p>\n<\/div>\n<p><font face=\"Arial\" size=\"2\"><\/p>\n<div>\n<hr\/>\n<p><span lang=\"EN-GB\"><b><span lang=\"EN-GB\">Pr\u00e9cision\u00a0:<\/span><\/b><span lang=\"EN-GB\"> Suite \u00e0 de nombreuses remarques, attirant notre attention sur des pr\u00e9cisions n\u00e9cessaires ou des propositions pertinentes, nous re-publions ce papier, revu et augment\u00e9, notamment dans le paragraphes post-liminaires, dans l\u2019espoir qu\u2019il apporte un plus au D\u00e9bat national. Fraternellement,<\/span><b>Abdel Wahab Hani<\/b> <\/span><\/div>\n<p>\u00a0<\/p>\n<p>\u00a0<\/p>\n<p align=\"center\"><font size=\"3\"><b><span lang=\"FR-CH\">Vacance au Comit\u00e9 sup\u00e9rieur des droits de l\u2019homme; R\u00e9flexions sur sa Conformit\u00e9 aux crit\u00e8res d&rsquo;Ind\u00e9pendance<\/span><\/b><span lang=\"FR-CH\">\u00a0<\/span><\/font><b><span lang=\"FR-CH\">\u00a0<\/span><\/b><span lang=\"FR-CH\"><\/span><b><span lang=\"FR-CH\"><\/span><\/b><\/p>\n<hr\/>\n<p>\u00a0<span lang=\"FR-CH\"><\/span>\u00a0<\/p>\n<p align=\"center\"><b><span lang=\"DE\">Par Abdel Wahab <\/span><\/b><\/p>\n<p>\u00a0<\/p>\n<p align=\"center\"><b><span lang=\"FR-CH\">La nomination \u00e0 Tripoli de l\u2019ex-S\u00e9nateur et membre du Comit\u00e9 sup\u00e9rieur <i>Mohamed <\/i><\/span><i>Elyes Ben Marzouk<\/i><span lang=\"FR-CH\">d\u00e9clenche la vacance. C\u2019est l\u2019occasion de se mettre en Conformit\u00e9 avec les normes ONUsiennes appel\u00e9es \u00ab\u00a0Principes de Paris\u00a0\u00bb qui fixent les crit\u00e8res d\u2019appr\u00e9ciation de l\u2019INDEPENDANCE des Institutions nationales des droits humains, notamment en mati\u00e8re de composition. Rappelons les D\u00e9fis imm\u00e9diats qui se posent au Comit\u00e9 sup\u00e9rieur et \u00e0 son Pr\u00e9sident M. Rouissi, avec des propositions d&rsquo;int\u00e9gration de nouvelles organisations et de nouvelles personnalit\u00e9s nationales.<\/span><\/b><span lang=\"FR-CH\"><\/span><\/p>\n<p>\u00a0<\/p>\n<p>\u00a0<\/p>\n<p><b><span lang=\"FR-CH\">Observation de la vacance\u00a0:<\/span><\/b><span lang=\"FR-CH\"><\/span><\/p>\n<p>\u00a0<\/p>\n<p><span lang=\"FR-CH\">La vacance est constat\u00e9e, \u00e0 l\u2019\u0153il nu de l\u2019Observateur, par le d\u00e9part du S\u00e9nateur \/ Conseiller M. <b><i>Mohamed Elyes Ben Marzouk<\/i><\/b>, jusque-l\u00e0 membre du <i>Comit\u00e9 sup\u00e9rieur des droits de l\u2019homme et des libert\u00e9s fondamentales<\/i>, en ses qualit\u00e9s de\u00a0: repr\u00e9sentant l\u2019<i>Association des m\u00e9decins sans fronti\u00e8res<\/i>, au coll\u00e8ge D r\u00e9serv\u00e9 aux \u00ab\u00a0Repr\u00e9sentants d\u2019organisations non gouvernementales nationales concern\u00e9es par les droits de l\u2019Homme\u00a0\u00bb. <\/span><\/p>\n<p>\u00a0<\/p>\n<p><span lang=\"FR-CH\">M. Ben Marzouk aurait \u00e9t\u00e9 promu, tout r\u00e9cemment, Haut repr\u00e9sentant (Ambassadeur) \u00e0 <b><i>Tripoli<\/i><\/b> aupr\u00e8s de la<i><span>Grande <strong><span>Jamahiriya<\/span><\/strong> arabe libyenne populaire et socialiste,<\/span><\/i><span> de la <i><span>Communaut\u00e9 des Etats Sah\u00e9lo-Sahariens<\/span><\/i><\/span> (CEN-SAD) et de la <i><span>Banque Sah\u00e9lo-Saharienne pour l&rsquo;Investissement et le Commerce<\/span><\/i><span> (BSIC). Cette information officieuse a \u00e9t\u00e9 confirm\u00e9e \u00e0 moiti\u00e9 par le remplacement de M. Ben Marzouk au S\u00e9nat \/ Chambre des Conseillers o\u00f9 il si\u00e9geait au cota du tiers pr\u00e9sidentiel connu sous le nom du <i>coll\u00e8ge des Personnalit\u00e9s nationales.<\/i><\/span><\/span><\/p>\n<p>\u00a0<\/p>\n<p><b><span lang=\"FR-CH\">Les 3 cat\u00e9gories des Institutions nationales des droits de l\u2019homme\u00a0:<\/span><\/b><span lang=\"FR-CH\"><\/span><\/p>\n<p>\u00a0<\/p>\n<p><span lang=\"FR-CH\">Cette vacance relance le d\u00e9bat sur la composition du Comit\u00e9 sup\u00e9rieur et la question fondamentale des crit\u00e8res d\u2019<b>Ind\u00e9pendance<\/b>, de <b>Comp\u00e9tence<\/b> et de <b>Haute moralit\u00e9<\/b> de ses membres, au regard de la norme \u00e9tablie sur le plan international, de la pratique des Etat d\u00e9mocratiques et de la jurisprudence du <em><span>Comit\u00e9 international<\/span><\/em><b><i><\/i><\/b><i>de coordination des<b> <\/b><em><span>institutions nationales<\/span><\/em><b><\/b>pour la promotion et la protection<b> <\/b><em><span>des droits de l<\/span><\/em><b>&lsquo;<\/b><em><span>homme<\/span><\/em><\/i> (CIC). <\/span><span>Ce dernier \u00e9tablit en effet une cat\u00e9gorisation en 3 niveaux en fonction du respect des \u00ab\u00a0Principes de Paris\u00a0\u00bb.<\/span><span><\/span><\/p>\n<p>\u00a0<\/p>\n<p><b><span lang=\"EN-GB\">A<\/span><\/b><span lang=\"EN-GB\">\u00a0: Conformes aux Principes de Paris\u00a0;<\/span> <\/p>\n<p><b><span lang=\"EN-GB\">B<\/span><\/b><span lang=\"EN-GB\">\u00a0: Pas totalement Conformes aux Principes de Paris\u00a0;<\/span> <\/p>\n<p><b><span lang=\"EN-GB\">C<\/span><\/b><span lang=\"EN-GB\">\u00a0: Pas Conformes aux Principes de Paris\u00a0;<\/span> <\/p>\n<p>\u00a0<\/p>\n<p><b><span lang=\"EN-GB\">Notre CSDHLF peu conforme\u00a0:<\/span><\/b> <\/p>\n<p>\u00a0<\/p>\n<p><span lang=\"EN-GB\">Notre CSDHLF a \u00e9t\u00e9 class\u00e9 dans la cat\u00e9gorie m\u00e9diane B (donc \u00ab\u00a0Pas totalement conforme), en 2009, apr\u00e8s le vote d\u2019une nouvelle Loi fixant notamment son mode de fonctionnement et de financement. Nous sommes au m\u00eame rang que l\u2019Alg\u00e9rie, la Mauritanie, ainsi que la Cameroun, Burkina Faso, Nig\u00e9ria, Tchad, B\u00e9nin, Madagascar et l\u2019Iran.<\/span> <\/p>\n<p>\u00a0<\/p>\n<p><span lang=\"EN-GB\">Alors que le Maroc, l\u2019Egypte, la Jordanie, le Qatar et m\u00eame la Palestine sont jug\u00e9s CONFORMES et occupent le rang \u00ab\u00a0A\u00a0\u00bb, ainsi que l\u2019Afrique du Sud, Ile Maurice, Ghana, Namibie, Niger, Rwanda, S\u00e9n\u00e9gal, Tanzanie, Togo, Uganda et Tanzanie. Les d\u00e9tails de ces diff\u00e9rents classements peuvent \u00eatre consult\u00e9s sur\u00a0:<\/span><span><a href=\"http:\/\/www.nhri.net\/2009\/Chart_of_the_Status_of_NIs__January_2010.pdf\" target=\"_blank\" rel=\"noopener\"><span lang=\"EN-GB\">http:\/\/www.nhri.net\/2009\/Chart_of_the_Status_of_NIs__January_2010.pdf<\/span><\/a><\/span><span><\/span><\/p>\n<p>\u00a0<\/p>\n<p><span lang=\"EN-GB\">Ce classement est sujet \u00e0 r\u00e9vision annuelle. Et le CSDHLF n\u2019est pas \u00e0 l\u2019abri d\u2019une r\u00e9trogradation de B \u00e0 C, donc \u00e0 \u00ab\u00a0pas conforme\u00a0\u00bb, si ses membres feignent \u00e0 pr\u00e9server, au quotidien et dans les faits, son <b>Ind\u00e9pendance<\/b>, son <b>Impartialit\u00e9<\/b> et surtout son <b>Utilit\u00e9 r\u00e9elle<\/b> dans la <b>D\u00e9fense<\/b>, la<b>Protection<\/b> et la <b>Promotion<\/b> de Tous les Droits humains de Tous.<\/span> <\/p>\n<p>\u00a0<\/p>\n<p><span lang=\"EN-GB\">Formulons l\u2019espoir que l\u2019\u00e9quipe de M. <b><i>Moncer Rouissi, Pr\u00e9sident du Comit\u00e9 Sup\u00e9rieur,<\/i><\/b> mesure l\u2019importance de la t\u00e2che et que certains, qui se reconna\u00eetront, se d\u00e9tachent de leurs liens client\u00e9listes ou se d\u00e9mettent de leurs fonctions pour permettre \u00e0 la Tunisie de disposer d\u2019une Institution nationale Efficace, Autonome, Ind\u00e9pendante, et Impartiale, au service de la Protection et de la Promotion effectives des Droits Humains.<\/span> <\/p>\n<p>\u00a0<\/p>\n<p><b><span lang=\"EN-GB\">Composition probl\u00e9matique du CSDHLF\u00a0:<\/span><\/b> <\/p>\n<p>\u00a0<\/p>\n<p><span lang=\"EN-GB\">Le D\u00e9cret de nomination <\/span>n\u00b0 2008-4109 du 30 d\u00e9cembre 2008, portant composition du comit\u00e9 sup\u00e9rieur des droits de l\u2019Homme et des libert\u00e9s fondamentales, en application de l\u2019article 8 de la loi n\u00b0 2008-37 du 16 juin 2008, fixe ladite composition, pour une p\u00e9riode de trois ans, \u00e0 compter du 1er janvier 2009. <\/p>\n<p>\u00a0<\/p>\n<p>Ledit D\u00e9cret nomme M. Moncer Rouissi Pr\u00e9sident du Comit\u00e9 sup\u00e9rieur et lui adjoint 39 membres. Par souci de clart\u00e9, nous subdivisons ladite Composition en 4 coll\u00e8ges\u00a0: <\/p>\n<p>\u00a0<\/p>\n<p>1-\u00a0Personnalit\u00e9s nationales reconnues pour leur Int\u00e9grit\u00e9 et leur Comp\u00e9tence dans le domaine des droits de l\u2019Homme et des libert\u00e9s fondamentales\u00a0; <\/p>\n<p><span>2-\u00a0\u00a0\u00a0\u00a0\u00a0 Repr\u00e9sentants de la Chambre des D\u00e9put\u00e9s et de la Chambre des Conseillers\u00a0; <\/span><\/p>\n<p>3-\u00a0\u00a0\u00a0\u00a0\u00a0 Repr\u00e9sentants d\u2019organisations non gouvernementales nationales concern\u00e9es par les droits de l\u2019Homme\u00a0; <\/p>\n<p>4-\u00a0\u00a0\u00a0\u00a0\u00a0 Repr\u00e9sentants des certains Minist\u00e8res\u00a0; <\/p>\n<p>\u00a0<\/p>\n<p>\u00a0<\/p>\n<p><span lang=\"EN-GB\">Qu\u2019il nous soit permis de pr\u00e9senter les membres du Comit\u00e9 sup\u00e9rieur, r\u00e9partis en ses 4 coll\u00e8ges, avant de formuler certaines remarques critiques, et sur la pr\u00e9sence de certains et sur l\u2019apport d\u2019autres.<\/span> <\/p>\n<p>\u00a0<\/p>\n<p><b>1- Personnalit\u00e9s nationales reconnues pour leur Int\u00e9grit\u00e9 et leur Comp\u00e9tence dans le domaine des droits de l\u2019Homme et des libert\u00e9s fondamentales\u00a0:<\/b> <\/p>\n<p>\u00a0<\/p>\n<p>Figurent dans ce coll\u00e8ge Mesdames et Messieurs\u00a0: <\/p>\n<p>\u00a0<\/p>\n<p><span>1-Hassouna Ben Ayed, <\/span><\/p>\n<p><span>2-.Habib Slim,<\/span><\/p>\n<p><span lang=\"DE\">3-Hatem Kotran, <\/span><\/p>\n<p><span lang=\"DE\">4-Abdelwaheb Mahjoub, <\/span><\/p>\n<p><span>5-Abdallah Hilali, <\/span><\/p>\n<p><span>6-Abdallah El Ahmadi, <\/span><\/p>\n<p><span>7-B\u00e9chir Gueddana, <\/span><\/p>\n<p><span>8-Samir Annabi, <\/span><\/p>\n<p><span>9-Mohamed Frioui, <\/span><\/p>\n<p><span lang=\"NL\">10-Borhen Bseis, <\/span><\/p>\n<p><span lang=\"NL\">11-Hedi Ben Meiz, <\/span><\/p>\n<p><span>12-Ali Belhani, <\/span><\/p>\n<p><span>13-Amna Aouidj, <\/span><\/p>\n<p><span>14-Rim Bel Hadj, <\/span><\/p>\n<p>15-Kalthoum Ben Hassine <\/p>\n<p>\u00a0<\/p>\n<p><b>Remarques critiques\u00a0: <\/b><\/p>\n<p>L\u2019intitul\u00e9 du coll\u00e8ge renseigne sur deux crit\u00e8res de s\u00e9lection, \u00e0 savoir\u00a0: l\u2019Int\u00e9grit\u00e9 et la Comp\u00e9tence dans le domaine des Droits de l\u2019homme et des Libert\u00e9s fondamentales. <\/p>\n<p>\u00a0<\/p>\n<p>Si nous n\u2019avons pas les moyens de discuter de l\u2019Int\u00e9grit\u00e9, la Comp\u00e9tence de certains dans le domaine pr\u00e9cis des Droits de l\u2019homme et des Libert\u00e9s fondamentales fait d\u00e9faut. <\/p>\n<p>\u00a0<\/p>\n<p>Ainsi, lors d\u2019une r\u00e9cente \u00e9mission de t\u00e9l\u00e9vision de la Cha\u00eene maghr\u00e9bine Medi 1 Sat, bas\u00e9e \u00e0 Tanger, mon contradicteur <b><i>Borhane Besaies<\/i><\/b> affirmait qu\u2019il ne pouvait \u00eatre Impartal (<i>Ana La Yomkin An Akouna Mohaydan<\/i>), expliquant qu\u2019il avait (je\u00a0 pr\u00e9f\u00e8re \u00ab\u00a0aurait\u00a0\u00bb) d\u00e9missionn\u00e9 de l\u2019Observatoire national des Elections pour cette raison d\u2019Incapacit\u00e9 d\u2019Ind\u00e9pendance et d\u2019Impartialit\u00e9. <\/p>\n<p>\u00a0<\/p>\n<p><span>Le m\u00eame constat de Partialit\u00e9 et de D\u00e9pendance devrait \u00eatre fait concernant l\u2019apport de M. Besaies et sa relation avec le domaine des Droits de l\u2019homme et des Libert\u00e9s fondamentales, en Tunisie.<\/span><\/p>\n<p>\u00a0<\/p>\n<p><span>Ceci ne pr\u00e9juge en rien les qualit\u00e9s de M. Besaies, pol\u00e9miste arabisant maniant le verbe et la rh\u00e9torique, ni ses qualit\u00e9s r\u00e9dactionnelles ni ses comp\u00e9tences professionnelles de Professeur des Lyc\u00e9e<\/span><\/p>\n<p><b><span>Absence cruciale du Professeur Abdelfattah Amor et des Experts tunisiens du syst\u00e8me ONUSien de protection des Droits humains\u00a0:<\/span><\/b><span><\/span><\/p>\n<p>\u00a0<\/p>\n<p><span>Certains nations d\u00e9mocratiques, \u00e0 l\u2019instar de la France, ont donn\u00e9 \u00e0 leurs nationaux charg\u00e9s des fonctions d\u2019Experts ind\u00e9pendants du syst\u00e8me ONUsien des droits humains la pr\u00e9sence de droit Es qualit\u00e9s dans leur Institutions nationales. La Tunisie devrait adopter cette bonne pratique.<\/span><span><\/span><\/p>\n<p>\u00a0<\/p>\n<p><span>Dans ce cadre, la pr\u00e9sence du Professeur Si <b><i>Abdelfattah Amor<\/i><\/b>, Expert ind\u00e9pendant \u00e0 a la tr\u00e8s grande exp\u00e9rience, membre du <b><i>Comit\u00e9 des Droits de l\u2019homme<\/i><\/b>, charg\u00e9 de superviser, le respect de leurs obligations internationales, des Etats partis au <i>Pacte International Relatif aux Droits Civils et Politiques<\/i> (PIRDCP).<\/span><span><\/span><\/p>\n<p>\u00a0<\/p>\n<p><span>Dans le m\u00eame ordre d\u2019id\u00e9es, il serait utile de nommer, Es qualit\u00e9s, au Comit\u00e9 sup\u00e9rieur M. <b><i>Fethi Kemicha<\/i><\/b>, membre de la <b><i>Commission du Droit International<\/i><\/b>.<\/span><span><\/span><\/p>\n<p>\u00a0<\/p>\n<p><span>Nous proposons aussi la nomination des anciens experts tunisiens qui ont servi aux Nations Unies, notamment Messieurs le Professeur Si <b><i>Sadok Bela\u00efd<\/i><\/b> et le Magistrat Si <b><i>Mohamed Habib Ch\u00e9rif<\/i><\/b>.<\/span><span><\/span><\/p>\n<p>\u00a0<\/p>\n<p><span lang=\"EN-GB\">Leurs pr\u00e9sences apportera, certainement, au Comit\u00e9 sup\u00e9rieur une riche exp\u00e9rience au service des Droits humains, mais surtout une Comp\u00e9tence reconnue et une S\u00e9r\u00e9nit\u00e9 et une dose indispensable d\u2019Anti-client\u00e9lisme, dont le Comit\u00e9 sup\u00e9rieur a besoin pour accomplir les pr\u00e9rogatives dont il a \u00e9t\u00e9 investi par les Lois r\u00e9publicaines et dont il a \u00e9t\u00e9 charg\u00e9 par les Institutions de la R\u00e9publique.<\/span> <\/p>\n<p>\u00a0<\/p>\n<p><b><span>2- Repr\u00e9sentants de la Chambre des D\u00e9put\u00e9s et de la Chambre des Conseillers\u00a0:<\/span><\/b><span><\/span><\/p>\n<p>\u00a0<\/p>\n<p>Dans ce coll\u00e8ge, Monsieur <b><i>Sahbi Karoui<\/i><\/b>, premier Vice-Pr\u00e9sident de la Chambre des D\u00e9put\u00e9s, repr\u00e9sente cette derni\u00e8re\u00a0; Madame <b><i>Naima Khayech<\/i><\/b> assume la repr\u00e9sentation de la Chambre des Conseillers. <\/p>\n<p>\u00a0<\/p>\n<p>Nous regrettons \u00e0 cet effet que les Pr\u00e9sidents des <i>\u00ab\u00a0Commission des Affaires politiques, des Droits de l\u2019homme et des Relations Ext\u00e9rieurs\u00a0\u00bb <\/i>des deux Chambres ne soient pas repr\u00e9sent\u00e9s, \u00e9tant donn\u00e9 l\u2019ajout des \u00ab\u00a0Droits de l\u2019homme\u00a0\u00bb dans leurs pr\u00e9rogatives. <\/p>\n<p>\u00a0<\/p>\n<p>Leur pr\u00e9sence aurait permis au Comit\u00e9 sup\u00e9rieur d\u2019\u00eatre plus au fait des d\u00e9bats des deux Chambres, notamment de ceux qui se d\u00e9roulent en Commission. <\/p>\n<p>\u00a0<\/p>\n<p>Il faut rappeler que la composition du Comit\u00e9 sup\u00e9rieur a eu lieu avant les \u00e9lections g\u00e9n\u00e9rales d\u2019octobre 2009 et les \u00e9lections du nouveau Bureau de la Chambre des D\u00e9put\u00e9s notamment. En effet, c\u2019est Monsieur <b><i>Salah Tabarki<\/i><\/b> qui assume la pr\u00e9sidence de ladite Commission \u00e0 la Chambre des D\u00e9put\u00e9s, Monsieur <b><i>Lazhar Dhifi<\/i><\/b> en est le Rapporteur. Concernant le S\u00e9nat \/ Chambre des Conseillers, c\u2019est M. Si <b><i>Ta\u00efeb Sahbani<\/i><\/b> qui assume la pr\u00e9sidence de ladite Commission, le poste de Rapporteur est vacant. <\/p>\n<p>\u00a0<\/p>\n<p><b>Implication des Commissions parlementaires des Droits de l\u2019homme\u00a0:<\/b> <\/p>\n<p>\u00a0<\/p>\n<p>A ce titre, nous recommandons au Comit\u00e9 sup\u00e9rieur de tenir des r\u00e9unions r\u00e9guli\u00e8res avec les deux Commissions susmentionn\u00e9es, ainsi que de les inviter \u00e0 ses travaux ayant traits au cadre normatif et l\u00e9gislatif, pour mieux sensibiliser les parlementaires, d\u00e9put\u00e9s et s\u00e9nateurs, \u00e0 l\u2019<b><i>Approche bas\u00e9e sur les droits humains<\/i><\/b>\u2018<i>Human Rights Based Approch\u2019<\/i>, dans l\u2019\u00e9laboration des Lois et dans l\u2019accomplissement du travail l\u00e9gislatif. <\/p>\n<p>\u00a0<\/p>\n<p><b><span>La d\u00e9mocratisation du processus de nomination des \u00ab\u00a0repr\u00e9sentants\u00a0\u00bb\u00a0:<\/span><\/b><span><\/span><\/p>\n<p>\u00a0<\/p>\n<p><span>Il serait utile de laisser le choix de la repr\u00e9sentation des deux Chambres aux D\u00e9put\u00e9s et S\u00e9nateurs \/ Conseillers, pour une meilleur pr\u00e9sence au Comit\u00e9 sup\u00e9rieur et un meilleur respect de la norme d\u00e9mocratique de repr\u00e9sentation. <\/span><\/p>\n<p>\u00a0<\/p>\n<p><span>Cette remarque s\u2019applique \u00e0 toutes les personnes \u00ab\u00a0nomm\u00e9es\u00a0\u00bb en repr\u00e9sentant d\u2019une structure\u00a0: Parlement, Minist\u00e8res et Organisations de la Soci\u00e9t\u00e9 civile. <\/span><\/p>\n<p>\u00a0<\/p>\n<p><b><span>3- Repr\u00e9sentants d\u2019organisations non gouvernementales nationales concern\u00e9es par les droits de l\u2019Homme\u00a0:<\/span><\/b><span><\/span><\/p>\n<p>\u00a0<\/p>\n<p><span>On regrette d\u2019embl\u00e9e l\u2019absence des repr\u00e9sentants des Organisations tunisiennes, reconnues localement ou internationalement, de D\u00e9fense des Droits Humains. <\/span><\/p>\n<p>\u00a0<\/p>\n<p><span>Aurions-nous la na\u00efvet\u00e9 d\u2019esp\u00e9rer qu\u2019un jour proche verrait cette situation corrig\u00e9e, notamment par la pr\u00e9sence d\u2019un repr\u00e9sentant de la Ligue tunisienne des droits de l\u2019homme LTDH, la doyenne des Ligues maghr\u00e9bines, arabes, musulmanes et africaines. <\/span><\/p>\n<p>\u00a0<\/p>\n<p><span>Dans le Dialogue, encouragent, en cours entre les autorit\u00e9s et la Ligue, la nomination de son Pr\u00e9sident Monsieur Si <b><i>Mokhtar Trifi<\/i><\/b> au Comit\u00e9 sup\u00e9rieur serait un geste, hautement appr\u00e9ciable, de bonne volont\u00e9 de la part des autorit\u00e9s. Nous formulons ce souhait aupr\u00e8s de Si <b><i>Moncer Rouissi<\/i><\/b>, afin de d\u00e9geler les relations entre la Soci\u00e9t\u00e9 civile autonome et les autorit\u00e9s. <\/span><\/p>\n<p>\u00a0<\/p>\n<p><span>Dans le m\u00eame ordre d&rsquo;id\u00e9es, l&rsquo;Association tunsisienne des femmes d\u00e9mocrates (ATFD) devrait figurer sur la liste des membres du Comit\u00e9 sup\u00e9rieur au Coll\u00e8ge des Organisations non gouvernementales.<\/span>Seule ONG autonome tunisienne a avoir le statut consultatif ECOSOC aupr\u00e8s du Conseil \u00e9conomique et social des Nations Unies, l&rsquo;ATFD a sa place, maintenant et tout de suite, sans attendre la reconnaissance des autres structures autonomes de la sociti\u00e9 civile tunisienne et leur int\u00e9gration au Comit\u00e9 sup\u00e9rieur. Toutes, sans exception aucune, une fois l\u00e9gali\u00e9es, devraient avoir toute latitude \u00e0 participer aux travaux du Comit\u00e9. <\/p>\n<p>\u00a0<\/p>\n<p><b>Revenant \u00e0 la liste des ONG et de leurs repr\u00e9sentants\u00a0au Comit\u00e9 sup\u00e9rieur:<\/b> <\/p>\n<p>\u00a0<\/p>\n<p>On y trouve\u00a0Mesdames et Messieurs: <\/p>\n<p>\u00a0<\/p>\n<p><span>1-Mohamed Chandoul : repr\u00e9sentant l\u2019union g\u00e9n\u00e9rale tunisienne du travail,<\/span><\/p>\n<p><span>2- Souad Khalfallah : repr\u00e9sentante l\u2019union nationale de la femme tunisienne, <\/span><\/p>\n<p><span>3- Abdellatif Saddam : repr\u00e9sentant l\u2019organisation de la protection du consommateur, <\/span><\/p>\n<p><span>4- Mondher Rezgui : repr\u00e9sentant l\u2019organisation tunisienne de l\u2019\u00e9ducation et de la famille, <\/span><\/p>\n<p><span>5- Taoufik Ouannes : repr\u00e9sentant le croissant rouge tunisien, <\/span><\/p>\n<p><span>6- Jamel Eddine Abdellatif : repr\u00e9sentant l\u2019union tunisienne de la solidarit\u00e9 sociale, <\/span><\/p>\n<p><span>7- Fatma Moussa : repr\u00e9sentante l\u2019association \u00ab Besma \u00bb pour la promotion de l\u2019emploi des handicap\u00e9s, <\/span><\/p>\n<p><span>8-Chadli Srarfi : repr\u00e9sentant l\u2019organisation nationale de l\u2019enfance tunisienne, <\/span><\/p>\n<p><span>9- Mohamed Hachemi Blouza : repr\u00e9sentant l\u2019union des \u00e9crivains tunisiens,<\/span><\/p>\n<p><span>10- <b><span>Elyes Ben Marzouk<\/span><\/b> : repr\u00e9sentant l\u2019association des m\u00e9decins sans fronti\u00e8res, <b><span>(vacant)<\/span><\/b> <\/span><\/p>\n<p><span>11- Ezzeddine Kerkeni : repr\u00e9sentant l\u2019association des \u00e9tudes internationales,<\/span><\/p>\n<p><span>12- Mohamed Ben Sedrine : repr\u00e9sentant l\u2019association de r\u00e9insertion des prisonniers lib\u00e9r\u00e9s. <\/span><\/p>\n<p>\u00a0<\/p>\n<p><span>A part les d\u00e9buts encourageants du travail remarquable accompli par Si <b><i>Mohamed Ben Sedrine<\/i><\/b>, Pr\u00e9sident-Fondateur de l\u2019<i>Association de r\u00e9insertion des prisonniers lib\u00e9r\u00e9s<\/i>, que nous avons suivi de pr\u00e8s, avec l\u2019espoir de le voir s\u2019atteler \u00e0 la r\u00e9-insertion des anciens prisonniers politiques et des anciens Exil\u00e9s <i>A\u00cfDOUN \/ Retornados<\/i>, nous ne connaissons pas le travail des autres structures, peu vers\u00e9es dans les droits civils et politiques. <\/span>Nous ne pouvons donc les juger ou \u00e9valuer l\u2019apport de leurs repr\u00e9sentants. <\/p>\n<p>\u00a0<\/p>\n<p>4- Repr\u00e9sentants des certains Minist\u00e8res\u00a0: <\/p>\n<p>\u00a0<\/p>\n<p>On y trouve Mesdames et Messieurs\u00a0: <\/p>\n<p>\u00a0<\/p>\n<p><span>1-Minist\u00e8re de la Justice et des Droits de l\u2019Homme : Monsieur Mohamed Kadhem Zine El Abidine, <\/span><\/p>\n<p><span> 2-Minist\u00e8re de l\u2019Int\u00e9rieur et du D\u00e9veloppement local : Monsieur Mustapha Aloui, <\/span><\/p>\n<p> 3-Minist\u00e8re des Affaires \u00e9trang\u00e8res : Monsieur Mohamed Chakraoui, <\/p>\n<p><span> 4-Minist\u00e8re de l\u2019Education et de la formation : Monsieur Nejib Ayed, <\/span><\/p>\n<p><span> 5-Mnist\u00e8re de l\u2019Enseignement sup\u00e9rieur, de la Recherche scientifique et de la Technologie : Monsieur Kamel Ben Messaoud,<\/span><\/p>\n<p><span> 6-Minist\u00e8re des Affaires sociales, de la Solidarit\u00e9 et des Tunisiens \u00e0 l\u2019\u00e9tranger : Monsieur Mohamed Ben Zoubeir, <\/span><\/p>\n<p><span> 7-Minist\u00e8re de la Sant\u00e9 publique : Monsieur Mohamed Bela\u00efba,<\/span><\/p>\n<p><span> 8-Minist\u00e8re de la Culture et de la Sauvegarde du patrimoine : Monsieur Boubaker Ben Fradj, <\/span><\/p>\n<p><span> 9-Minist\u00e8re de la Jeunesse, des Sports et de l\u2019Education physique : Monsieur Brahim Oueslati, <\/span><\/p>\n<p><span><\/p>\n<p> 10-Minist\u00e8re des Affaires de la Femme, de la Famille, de l\u2019Enfance et des Personnes \u00e2g\u00e9es : Madame A\u00efda Ghorbal, <\/p>\n<p> 11-Minist\u00e8re de la Communication et des relations avec la chambre des d\u00e9put\u00e9s et la chambre des conseillers : Monsieur Adel Chaouch Helal\u00a0; <\/p>\n<p><\/span><\/p>\n<p>\u00a0<\/p>\n<p>\u00a0<\/p>\n<p><b><span>Remarques liminaires\u00a0:<\/span><\/b><span><\/span><\/p>\n<p>\u00a0<\/p>\n<p><span>Certains Minist\u00e8res ont \u00e9t\u00e9 remembr\u00e9s, r\u00e9organis\u00e9es et\/ou ayant re\u00e7u une nouvelle appellation, il conviendrait d\u2019actualiser la liste et d\u2019amender la composition, par D\u00e9cret, en y incluant les D\u00e9partements s\u00e9par\u00e9s, notamment les Relations avec la Chambre des D\u00e9put\u00e9s et la Chambre des Conseillers, rapatri\u00e9 au Secr\u00e9tariat g\u00e9n\u00e9ral du Gouvernement. Ce qui permettrait entre outre de permettre la pr\u00e9sence, souhait\u00e9e, du Premier Minist\u00e8re, au sein du Comit\u00e9 sup\u00e9rieur.<\/span><span><\/span><\/p>\n<p>\u00a0<\/p>\n<p><span>La m\u00eame remarque vaut pour le D\u00e9partement de la Formation, rapatri\u00e9 \u00e0 la Formation professionnelle et \u00e0 l\u2019Emploi, dont nous trouvons la repr\u00e9sentation au Comit\u00e9 sup\u00e9rieur tr\u00e8s utile, pour mieux prendre en compte les Droits \u00e9conomiques, sociaux et culturels, notamment le Droit au Travail et les Droits du Travail.<\/span><span><\/span><\/p>\n<p>\u00a0<\/p>\n<p><span lang=\"EN-GB\">Le Minist\u00e8re des Affaires religieuses devrait participer pour inculquer un discours religieux respectueux des Droits humains, ainsi que le Minist\u00e8re de l\u2019Environnement pour s\u2019assurer que le Droit \u00e0 un Environnement sain figure dans les d\u00e9bats et les travaux du Comit\u00e9 sup\u00e9rieur.<\/span> <\/p>\n<p>\u00a0<\/p>\n<p>\u00a0<\/p>\n<p><b><span lang=\"EN-GB\">Remarques Post-liminaires\u00a0: Des d\u00e9fis imm\u00e9diats qui se posent au Comit\u00e9\u00a0:<\/span><\/b> <\/p>\n<p>\u00a0<\/p>\n<p><span lang=\"EN-GB\">Nous formulons les propositions ci-haut dans le seul but de la protection et de la promotion effectives de Tous les Droits Humains \u00e0 Toutes les Tunisiens et \u00e0 Tous les Tunisiens.<\/span><\/p>\n<p>\u00a0<\/p>\n<p><span lang=\"EN-GB\">Le Comit\u00e9 sup\u00e9rieur des droits de l\u2019homme et des Libert\u00e9s fondamentales devrait y jouer n r\u00f4le important. Son INDEPENDANCE, dans les Textes, l\u2019Esprit, sa Composition, la Nature et l\u2019Apport de ses Membres, est une condition sine qua none des r\u00e9formes d\u00e9mocratiques appel\u00e9es de nos v\u0153ux et de la part toutes les \u00e2mes nobles de la Nation.<\/span> <\/p>\n<p>\u00a0<\/p>\n<p><span lang=\"EN-GB\">Le Comit\u00e9 sup\u00e9rieur inaugure cette ann\u00e9e la publication de son premier rapport PUBLIC sur la situation des droits humains dans le pays. <\/span><span>Il devrait le mettre \u00e0 la disposition du public au courant du deuxi\u00e8me trimestre de l\u2019ann\u00e9e.<\/span><span><\/span><\/p>\n<p>\u00a0<\/p>\n<p><span>Il devrait aussi convaincre les Instances internationales d\u2019accr\u00e9ditation et d\u2019\u00e9valuation des Institutions nationales des droits humains de son INDEPENDANCE, de son IMPARTIALITE et de sa CONFMORMITE avec les Principes de Paris.<\/span><span><\/span><\/p>\n<p>\u00a0<\/p>\n<p><span>Tant de d\u00e9fis qui attendent Si <b><i>Moncer Rouissi<\/i><\/b>.<\/span><span lang=\"EN-GB\">Nous lui souhaitons le plein succ\u00e8s et l\u2019encourageons \u00e0 prendre en compte nos observations, remarques et propositions et d\u2019en faire rapport \u00e0 leurs Excellences le Premier Ministre et le Chef de l\u2019Etat, pour moderniser et d\u00e9mocratiser au plus vite le Comit\u00e9.<\/span> <\/p>\n<p>\u00a0<\/p>\n<p><span lang=\"EN-GB\">Nous nous inclinons devant la m\u00e9moire de Si <b><i>Rachid Driss<\/i><\/b> et Si <b><i>Hassib Ben Ammar<\/i><\/b>, <i>Allah Yarhamhom<\/i>, respectivement ancien Pr\u00e9sident et ancien membre du Comit\u00e9 sup\u00e9rieur et demandons \u00e0 l\u2019actuel titulaire du mandat de s\u2019en inspirer en d\u00e9termination, en courage, en id\u00e9es et en proposition, au service des Droits humains.<\/span> <\/p>\n<p>\u00a0<\/p>\n<p>Nous citons le Pr\u00e9sident et le membre qui se sont distingu\u00e9s le plus, dans l\u2019histoire du Comit\u00e9 sup\u00e9rieur, dans la d\u00e9fense et la promotion effective des droits humains. <\/p>\n<p>\u00a0<\/p>\n<p><b>Propositions post-liminaires\u00a0:<\/b> <\/p>\n<p>\u00a0<\/p>\n<p>Apr\u00e8s la premi\u00e8re version de ce papier, des amiEs ont attir\u00e9 mon attention sur un erreur et sur de nombreuses propositions que je trouve pertinente et que je reprends \u00e0 mon compte ici. Que toutes et tous trouvent l\u2019expression de mes remerciements sinc\u00e8res. <\/p>\n<p>\u00a0<\/p>\n<p><span>En effet,<\/span><\/p>\n<p>\u00a0<\/p>\n<p><b><span>Erreur \u00e0 corriger\u00a0: Si Hassib membre et non Pr\u00e9sident du CSDHLF\u00a0:<\/span><\/b><span><\/span><\/p>\n<p>\u00a0<\/p>\n<p><span>Feu Si Hassib Ben Ammar, compagnon de la Lib\u00e9ration, Prix des Droits de l\u2019homme des Nations Unies, ancien membre du Comit\u00e9 (des Nations Unies) contre la Torture (CAT), Prix pr\u00e9sidentiel des Droits de l\u2019homme, ancien Maire de Tunis Cheykh\u2014El-M\u00e9dina, ancien Pr\u00e9sident-Fondateur de l\u2019Association de Sauvegarde de la M\u00e9dina de Tunis, co-Fondateur de la Ligue tunisienne des droits de l\u2019homme (LTDH), ancien Ministre de la D\u00e9fense, Fondateur des journaux d\u2019opinion <i>Erra\u00ef<\/i> et de <i>D\u00e9mocratie<\/i> fleurons de la presse ind\u00e9pendante jamais remplac\u00e9s en Tunisie, a \u00e9t\u00e9 MEMBRE et non Pr\u00e9sident du Comit\u00e9 sup\u00e9rieur, du fait de sa remarquable Pr\u00e9sidence de l\u2019<i>Institut arabe des droits de l\u2019homme <\/i>(IADH), organisation r\u00e9gionale non gouvernementale dont le si\u00e8ge est \u00e0 Tunis.\u00a0 <\/span><\/p>\n<p>\u00a0<\/p>\n<h3 style=\"color: blue;\">Au chapitre des propositions de nouveaux membres au Comit\u00e9 sup\u00e9rieur\u00a0:<\/h3>\n<p>\u00a0<\/p>\n<p><b><span lang=\"EN-GB\">Propositions au titre des Organisations d\u2019organisations\u00a0: <\/span><\/b><\/p>\n<p>\u00a0<\/p>\n<p><b><i>Institut arabe des droits de l\u2019homme, Ordre des Avocats Tunisiens <\/i><\/b>et l\u2019<b><i>Association des Magistrats Tunisiens<\/i><\/b> <\/p>\n<p>\u00a0<\/p>\n<p><span lang=\"EN-GB\">Nous reprenons \u00e0 notre compte d\u2019ailleurs la proposition de nommer un repr\u00e9sentant de <\/span>l\u2019<b><i>Institut arabe des droits de l\u2019homme <\/i><\/b>(IADH), en la personne Si <em><b><span>Ta\u00efeb Baccouche<\/span><\/b><\/em>, son Pr\u00e9sident et de permettre ainsi \u00e0 l\u2019Institut d\u2019apporter son expertise, sa riche exp\u00e9rience et son regard irrempla\u00e7able de ce que l\u2019on pourrait appeler le \u00ab\u00a0Droit compar\u00e9\u00a0\u00bb en mati\u00e8re de Droits de l\u2019Homme. L\u2019Institut dispose d\u2019une solide exp\u00e9rience issue de sa profonde connaissance des r\u00e9alit\u00e9s multiples et complexes du monde arabe. Le Comit\u00e9 sup\u00e9rieur en tirera un grand profit. <\/p>\n<p>\u00a0<\/p>\n<p>La pr\u00e9sence de repr\u00e9sentant d\u2019 l\u2019<b><i>Ordre des Avocats Tunisiens <\/i><\/b>et de l\u2019<b><i>Association des Magistrats Tunisiens <\/i><\/b>serait d\u2019un grand apport pour le Comit\u00e9 sup\u00e9rieur. <\/p>\n<p>\u00a0<\/p>\n<p><b>Propositions au titre des Personnalit\u00e9s nationales\u00a0:<\/b> <\/p>\n<h3 style=\"color: blue;\"><em>Si Kh\u00e9ma\u00efs Chammari <\/em><span lang=\"EN-GB\">et<\/span><em> Si Slaheddine Jourchi<\/em><\/h3>\n<p>\u00a0<\/p>\n<p>En ce qui concerne les personnalit\u00e9s issues de la Soci\u00e9t\u00e9 civile\u00a0; connues pour leur engagement en faveur de la promotion et de la protection des droits humains, nous reprenons \u00e0 notre compte la proposition qui nous a \u00e9t\u00e9 adress\u00e9 par des amis, de nommer\u00a0: <\/p>\n<p>\u00a0<\/p>\n<p><span>-Si <b><i>Kh\u00e9ma\u00efs Chammari<\/i><\/b>, D\u00e9fenseur connu et reconnu localement, r\u00e9gionalement et mondialement, co-Fondateur de la LTDH, ancien Vic-Pr\u00e9sident de la F\u00e9d\u00e9ration internationale des ligues des droits de l\u2019homme (FIDH) et Expert remarquablement reconnu aupr\u00e8s du Programme des Nations Unies pour l\u2019Environnement (PNUD) et de l\u2019Union Europ\u00e9enne (UE) en mati\u00e8re de Droits de l\u2019Homme et de l\u2019Etat de Droit et <span>laur\u00e9at de la <i>Commission Consultative Fran\u00e7aise des Droits de l\u2019Homme<\/i> (1990) et du <i>Prix International des droits de l\u2019Homme de la Ville de Nuremberg<\/i> (1997). <\/span>D\u2019autant que Si Kh\u00e9ma\u00efs a particip\u00e9 \u00e0 la m\u00e9diation entre les ages de la LTDH et le Pr\u00e9sident du Comit\u00e9 sup\u00e9rieur et qu\u2019il conna\u00eet tr\u00e8s bien le cadre des Principes de Paris r\u00e9gissant les Institutions nationales des droits de l\u2019homme. <\/span><\/p>\n<p>\u00a0<\/p>\n<p><span>-La pr\u00e9sence de Si Kh\u00e9mais Chammari devrait \u00eatre accompagn\u00e9e par celle d\u2019une autre personnalit\u00e9 de la m\u00eame stature, mais issue d\u2019un autre bord que de la gauche la\u00efc-socialisante. Nous pensons \u00e0 Si <b><i>Slaheddine Jourchi<\/i><\/b>, fondateur du courant r\u00e9formateur 15-21 (&amp;(e si\u00e8cle de l\u2019H\u00e9gire, 2\u00e0e si\u00e8cle gr\u00e9gorien) connu sous le nom de la \u00ab\u00a0Gauche islamique\u00a0\u00bb, journaliste, \u00e9crivain, vice Pr\u00e9sident de la LTDH, animateur du Club <i>Al-Jahdih<\/i>, v\u00e9ritable <i>think tank<\/i> tunisien d\u00e9passant tr\u00e8s largement les fronti\u00e8res nationales. Au del\u00e0 de ses qualit\u00e9s de D\u00e9fenseur reconnu, Si Slah est connu pour ses \u00e9crits et ses actions en faveur de la promotion des droits de l\u2019homme dans le contexte de la culture arabo-islamique. <\/span>Sa pr\u00e9sence est autant plus b\u00e9n\u00e9fique au Comit\u00e9 que le paysage \u00ab\u00a0droits-de-l\u2019hommistes\u00bb (sans sens p\u00e9joratif de notre part) conna\u00eet l\u2019effervescence d\u2019un versent dit \u00ab arabo-islamo-particularo-identitaire\u00bb , par comparaison au versent dit \u00ab\u00a0la\u00efco-marxo-francopho-universaliste\u00bb. <\/p>\n<p>\u00a0<\/p>\n<p>Ces qualificatifs n\u2019ont rien de tangible, ni de consistant th\u00e9oriquement, mais renvoient sur la pr\u00e9sence de deux courants qui se c\u00f4toient dans le paysage associatif autonome tunisien et arabo-islamique plus largement. <\/p>\n<p>\u00a0<\/p>\n<p>Qu\u2019il nous sois permis d\u2019esp\u00e9rer en une modernisation du <b><i>Comit\u00e9 sup\u00e9rieur<\/i><\/b> sur la voix de la protection et de la promotion effectives des droits humains, de TOUS les Droits pour TOUS. <\/p>\n<p>\u00a0<\/p>\n<p><span lang=\"EN-GB\">R\u00e9dig\u00e9 \u00e0 Gen\u00e8ve, le 19 f\u00e9vrier 2010 <\/span><\/p>\n<p><span lang=\"EN-GB\">Revu et augment\u00e9 \u00e0 Paris, le 21 f\u00e9vrier 2010<\/span> <\/p>\n<p>\u00a0<\/p>\n<p><span lang=\"ES\">A\u00efd \/ Retornado, <i>Bi Idhni Allah, Ahabba Al Mouhibboun Wa Kariha Al Karihoun<\/i><\/span><span lang=\"ES\"><\/span><\/p>\n<p>\u00a0<\/p>\n<p><b><span lang=\"ES\">Abdel Wahab Hani<\/span><\/b><span lang=\"ES\"><\/span><\/p>\n<p>\u00a0<\/p>\n<p><span lang=\"ES\"><a href=\"mailto:awhani@yahoo.fr\" target=\"_blank\" rel=\"noopener\"><span lang=\"DE\"><font>awhani@yahoo.fr<\/font><\/span><\/a><\/span><span lang=\"ES\"><\/span><\/p>\n<p><span lang=\"EN-GB\">+33617960037 (coup\u00e9 depuis les lignes de l\u2019op\u00e9rateur <i>Tunisie Telecom<\/i> depuis une d\u00e9cennie, suite \u00e0 une d\u00e9cision liberticide et ill\u00e9gale d\u2019un fonctionnaire z\u00e9l\u00e9).<\/span><\/p>\n<div>\n<hr\/>\n<\/div>\n<div align=\"center\"><font size=\"3\"><b><span lang=\"FR-CH\">Des passeports rouges sang, pour tuer : Le crime de Duba\u00ef.<\/span><\/b><\/font><b><span lang=\"FR-CH\"><\/span><\/b><\/div>\n<div>\n<hr\/>\n<\/div>\n<div>\n<p><b><span lang=\"FR-CH\">Par\u00a0: Mizaanoun<\/span><\/b><\/p>\n<p><span lang=\"FR-CH\">Bien qu\u2019on n\u2019ait pas vraiment besoin de preuves pour identifier les auteurs du crime commis le 19 janvier 2010 \u00e0 Duba\u00ef, vu l\u2019identit\u00e9 de la victime et son rang dans la R\u00e9sistance d\u2019un peuple qui se bat pour sa terre usurp\u00e9e depuis plus de soixante ans, les services de police de la ville de Duba\u00ef ont, en ne peut \u00eatre plus \u00e9loquent et plus clair, mis le monde entier \u00e0 t\u00e9moin, avec un film de 19 heures sur les mouvements des agents, un par un. De la premi\u00e8re minute de leur arriv\u00e9e sur les lieux jusqu\u2019\u00e0 l\u2019accomplissement du crime et finalement leur d\u00e9part vers toutes les directions du monde : l\u2019Afrique du Sud, Hong Kong, l\u2019Allemagne, la France , la Suisse etc. Contrairement au chiffre donn\u00e9 jusqu\u2019\u00e0 pr\u00e9sent, ils ne sont pas 11, mais 18 et probablement encore plus. M\u00eame si les photos r\u00e9elles et les noms d\u2019emprunt rendus public, en ce moment, se situent \u00e0 ce chiffre de 11.<\/span><\/p>\n<p><span lang=\"FR-CH\">En effet les mouvements de ces agents \u00e9taient m\u00e9thodiques, calcul\u00e9s et bien orchestr\u00e9s. Chaque membre de l\u2019\u00e9quipe avait \u00e9t\u00e9 professionnellement bien entra\u00een\u00e9 et a agi d\u2019une forme parfaitement coordonn\u00e9e afin d\u2019accomplir la mission avec succ\u00e8s. Ce sont l\u00e0 quelques unes des conclusions auxquelles est arriv\u00e9 le Centre de Recherche am\u00e9ricain Stratfor (Texas) qui se d\u00e9die \u00e0 l\u2019espionnage et aux renseignements apr\u00e8s avoir analys\u00e9 scrupuleusement les images du crime de Duba\u00ef, film\u00e9 par les nombreuses cam\u00e9ras \u00e0 circuit ferm\u00e9. \u00c0 son opinion aucune organisation terroriste ne serait en mesure de commettre un assassinat d\u2019une telle envergure. \u00ab Il y a tr\u00e8s peu de services de renseignements dans le monde qui peuvent ex\u00e9cuter un crime avec une telle professionnalit\u00e9, ajoute le Centre de Stratfor. Sachant que tous leurs mouvements allaient \u00eatre film\u00e9s par les cam\u00e9ras du circuit ferm\u00e9, les membres du commando ont recouru aux perruques, aux casquettes ou barbes pour tenter de cacher les aspects r\u00e9els de leur visage. C\u2019est encore une d\u00e9monstration de pr\u00e9paration de haut niveau et de professionnalisme. Ajoute le m\u00eame organisme am\u00e9ricain. Contrairement aux assertions du Centre Stratfor, aucune personne saine d\u2019esprit ne peut voir dans ce crime rien d\u2019autre que le summum de la l\u00e2chet\u00e9.<\/span><\/p>\n<p><span lang=\"FR-CH\">Ceci dit les journaux isra\u00e9liens et certains personnages proches du Mossad ont pavois\u00e9, en silence, du succ\u00e8s remport\u00e9 par le commando, durant plus de dix jours tant que ni Hamas ni les autorit\u00e9s de Duba\u00ef n\u2019avaient encore rien fait public sur le crime et ses dimensions. \u00c0 partir du moment o\u00f9 le film du crime \u00e9tait d\u00e9voil\u00e9 tout va changer. Alors plusieurs agences de presse et autres m\u00e9dias avaient tendu leurs micros aux isra\u00e9liens de toutes les couches dont des anciens agents du Mossad en retraite. Tous \u00e9taient unanimes et fiers. Quand la remarque \u00e9tait faite \u00e0 certains d\u2019entre eux, pour leur dire que le travail du commando n\u2019a pas \u00e9t\u00e9 tout \u00e0 fait propre puisque le film de la police de Duba\u00ef constitue des traces grossi\u00e8res, eh bien la r\u00e9ponse a \u00e9t\u00e9 : \u00ab L\u2019essentiel est l\u00e0. Les membres du commando ont r\u00e9ussi leur op\u00e9ration et sont revenus sains et saufs \u00e0 leur base. \u00bb Donc le doute sur les auteurs du crime ne peut exister que dans les esprits morbides : C\u2019est l\u2019\u0153uvre du Mossad et de son chef, le dit Meir Dagan, de son nom d\u2019origine Meir Huberman n\u00e9 dans la ville de Novossibirsk en Russie et \u00e9migr\u00e9 en Palestine en 1950, tout comme Ben Gourion, Begin, Shamir, P\u00e9r\u00e8s, le tout dernier Lieberman etc. Les plus f\u00e9roces d\u2019entre tous les colons sionistes sont venus en Palestine de cette r\u00e9gion du monde, de Russie, d\u2019Ukraine et de Pologne.<\/span><\/p>\n<p><span lang=\"FR-CH\">\u00c0 pr\u00e9sent des questions se posent par exemple :<\/span><\/p>\n<p><span lang=\"FR-CH\">1- Que veut dire que les isra\u00e9liens utilisent des passeports de diff\u00e9rents pays europ\u00e9ens ? \u2013 Et soit-dit en passant, des passeports devenus, par la force des choses, des armes beaucoup plus l\u00e9tales que n\u2019importe quelle autre arme. Tout ce qui a \u00e9t\u00e9 racont\u00e9 sur les dons extraordinaires, au fond criminels, des membres du commando soit par les experts du Centre Stratfor ou autres se seraient r\u00e9duits \u00e0 n\u00e9ant sans les passeports rouges sang de la Communaut\u00e9 Europ\u00e9enne ou occidentaux en g\u00e9n\u00e9ral.<\/span><\/p>\n<p><span lang=\"FR-CH\">Des passeports qui sont devenus pratiquement des passeports diplomatiques pour des citoyens d\u2019une classe humaine pas comme les autres, mais beaucoup plus sup\u00e9rieure. Par contre tous les passeports verts des toutes les autres nations du monde et particuli\u00e8rement, les passeports des citoyens de pays arabes ou musulmans ne sont plus que des pi\u00e8ces d\u2019identit\u00e9 de personnes de toute derni\u00e8re classe qu\u2019on assimile, automatiquement, soit \u00e0 des terroristes, soit \u00e0 des esclaves. Voyager sous de telles stigmatisations pour tous ces citoyens \u00e9quivaut au fond \u00e0 un asservissement, une torture, un d\u00e9shonneur bref \u00e0 une situation intol\u00e9rable, inacceptable et dont on n\u2019aurait d\u00fb tirer les cons\u00e9quences depuis tr\u00e8s longtemps. Les occidentaux ne font pas ici preuve d\u2019hypocrisie ou de cynisme, mais tout simplement d\u2019une preuve suppl\u00e9mentaire d\u2019une domination f\u00e9roce, organis\u00e9e et syst\u00e9matique. Ils font preuve du pire de tous leurs moyens de domination utilis\u00e9s jusqu\u2019\u00e0 pr\u00e9sent. En plus ils imposent des visas pour les passeports verts et s\u2019exemptent d\u2019une r\u00e9ciprocit\u00e9 pour leurs passeports rouges. Une telle situation est indigne et incite, sans le moindre doute, \u00e0 la r\u00e9volte, \u00e0 la r\u00e9bellion, \u00e0 l\u2019insurrection totale. Entre les citoyens qui font la queue durant des heures et souvent des jours devant les consulats et ambassades occidentales pour se faire d\u00e9livrer ( acheter \u00e0 prix \u00e9lev\u00e9 est le terme qui convient le mieux) un visa Schengen et les d\u00e9sesp\u00e9r\u00e9s qui s\u2019embarquent sur une pirogue pour traverser la mer pour atteindre le \u00ab Paradis de l\u2019Occident \u00bb et dont la moiti\u00e9 p\u00e9rissent dans leur tentative, il faut bien le reconna\u00eetre, il y a plus de dignit\u00e9 et plus de m\u00e9rite chez les seconds.<\/span><\/p>\n<p>\u00a0<\/p>\n<p><span lang=\"FR-CH\">On reviendra n\u00e9cessairement sur cette question, mais continuons pour le moment sur crime commis par le commando isra\u00e9lien de Duba\u00ef.<\/span><\/p>\n<p><span lang=\"FR-CH\">Tous les gouvernements europ\u00e9ens concern\u00e9s font semblant de tomber du ciel et disent ignorer comment les passeports vierges sont arriv\u00e9s entre les mains des agents du Mossad pour s\u2019en servir selon leur convenance du moment et de la mission \u00e0 accomplir. On n\u2019exag\u00e8re nullement de conclure que finalement ces passeports vrais-falsifi\u00e9s sont des passeports d\u00e9livr\u00e9s pour tuer. Ce qui implique \u2013 qu\u2019au moins aux fronti\u00e8res des pays arabes et musulmans \u2013 tous les passeports rouges deviennent suspects, qu\u2019ils soient vrais ou vrais-faux. De toute mani\u00e8re ils sont des passeports d\u2019insolence et de confirmation d\u2019un racisme \u00e9poustouflant. Et en plus ils sont \u00ab exempts \u00bb de visa d\u2019aucune nature. Le seul visa qu\u2019on constate aujourd\u2019hui et qui n\u2019est pas visible sur ses pages est celui du meurtre.<\/span><\/p>\n<p><span lang=\"FR-CH\">2- La victime de haut rang dans la R\u00e9sistance s\u2019est rendue \u00e0 Duba\u00ef sans le moindre garde corps. S\u2019agit-il d\u2019une imprudence ou d\u2019une certitude sur son anonymat d\u2019autant plus qu\u2019il n\u2019est que de passage pour moins de 24 heures \u00e0 Duba\u00ef. Il devrait se rendre le lendemain en Chine. Entre le 17 et le 18 janvier th\u00e9oriquement personne n\u2019\u00e9tait au courant du voyage de la victime. Une fuite quelconque dont on ignore pour le moment son ou ses auteurs et les d\u00e9tails, a d\u00fb donner l\u2019alerte le 18 janvier au Mossad. Et c\u2019est dans cette m\u00eame nuit (du 18-19) et dans la matin\u00e9e du lendemain 19 que les membres du commando sont arriv\u00e9s successivement \u00e0 l\u2019a\u00e9roport de Duba\u00ef. Les premiers des assassins isra\u00e9liens celui qui se fait appeler Kevin et sa \u00ab secr\u00e9taire \u00bb la demoiselle de la mort, dite Gail sont arriv\u00e9s \u00e0 l\u2019a\u00e9roport de Duba\u00ef \u00e0 1heure 20 du matin du mardi 19 janvier 2010. Pour Gail, elle est mal partie pour une ascension, comme Zipi Livni, pour arriver au poste de ministre des affaires \u00e9trang\u00e8res apr\u00e8s \u00eatre pass\u00e9e par le Mossad. L\u2019assassin dit Peter arrive \u00e0 2 heures 20. Et ainsi de suite. Une fois dans la ville ils vont se r\u00e9partir dans diff\u00e9rents h\u00f4tels. \u00c0 15 heures 20 la victime, Mohammed Abdel Raouf El Mabhouh, \u00e0 son tour, arrive au m\u00eame a\u00e9roport. L\u2019\u00e9quipe form\u00e9e de deux membres du commando \u00e9tait \u00e0 son attente. Et tous les membres du groupe qui \u00e9taient d\u00e9j\u00e0 install\u00e9s dans diff\u00e9rents h\u00f4tels en sont inform\u00e9s. \u00c0 partir de ce moment la victime va se trouver dans les filets du commando, jusqu\u2019\u00e0 son assassinat. Quatre types bien fournis, tels qu\u2019on les a vus dans le film de la police de Duba\u00ef, une fois ayant accompli leur mission sont sortis du couloir o\u00f9 se trouvent les chambres 230 et 237, celle de la victime et celle d\u2019en face o\u00f9 se sont r\u00e9unis les membres du commando pour la derni\u00e8re mise au point, alors que la victime, Mohammed Abdel Raouf El Mabhouh s\u2019\u00e9tait rendu en ville pour s\u2019acheter une paire de chaussures. Ils vont se diriger \u00e0 l\u2019ascenseur. On pouvait parfaitement voir que l\u2019un deux qui portait encore des gants blancs. Il doit \u00eatre celui qui a ex\u00e9cut\u00e9 la victime par \u00e9touffement apr\u00e8s les d\u00e9charges \u00e9lectriques qui l\u2019ont paralys\u00e9e. \u00c0 ce sujet un ancien membre du Mossad en retraite, Victor Ostrovsky, dans son livre sous le titre \u00ab By the way of deception \u00bb ou en fran\u00e7ais, \u00ab Sur la voie de la d\u00e9ception \u00bb\u00a0 avait affirm\u00e9 entre autres : \u00abLe Mossad d\u00e9tient les passe-partout des principaux grands h\u00f4tels du monde. \u00bb C\u2019est ahurissant. Si ces anges de la mort isra\u00e9liens poss\u00e8dent les passepartouts des principaux grands h\u00f4tels du monde, alors que dire des autres h\u00f4tels du monde de moindre cat\u00e9gorie ? \u2013\u00a0 Pour eux ouvrir n\u2019importe quelle chambre d\u2019h\u00f4tel se r\u00e9duit \u00e0 un simple bricolage d\u2019enfants. Autrement dit, ils peuvent acc\u00e9der \u00e0 toutes les chambres des h\u00f4tels du monde entier et en toute impunit\u00e9 !<\/span><\/p>\n<p><span lang=\"FR-CH\">Il ressort du film que c\u2019est vers\u00a0 20 heures que les tueurs seraient finalement pass\u00e9s de la chambre 237 \u00e0 la chambre 230, une fois les employ\u00e9s du nettoyage, qui a un certain moment allaient constituer un obstacle impr\u00e9vu, \u00e9taient parties. La victime arrive \u00e0 l\u2019h\u00f4tel \u00e0 20 heures 24. Le signal est donn\u00e9 aux tueurs. Gail et Kevin deux des membres du commando surveillaient dans le corridor. \u00c0 20 heures 45, comme on l\u2019a vu plus haut, on consid\u00e8re l\u2019op\u00e9ration termin\u00e9e. Deux par deux\u00a0 sont sortis les tueurs et ont pris l\u2019ascenseur. Vers\u00a0 20 heures 47 Gail et un autre membre prennent \u00e0 leur tour l\u2019ascenseur pour descendre. \u00c0 20 heures 51 celui nomm\u00e9 Kevin, apr\u00e8s s\u2019\u00eatre assur\u00e9 de n\u2019avoir laiss\u00e9 aucune trace derri\u00e8re lui, met la cha\u00eene de s\u00e9curit\u00e9 int\u00e9rieure de la chambre de la victime et accroche \u00e0 la porte, c\u00f4t\u00e9 ext\u00e9rieur, l\u2019\u00e9criteau \u00ab Do not Disturb \u00bb. Vers 20 heures 52 tous les membres du commando se sont retir\u00e9s du lieu du crime. Deux heures plus tard, ils vont prendre des vols vers diff\u00e9rentes r\u00e9gions du monde, comme on l\u2019a vu plus haut.<\/span><\/p>\n<p><span lang=\"FR-CH\">Pour tuer une seule personne, ils se sont mis \u00e0 plus de onze et tous les \u00e9quipements les plus sophistiqu\u00e9s. Et on appelle \u00e7a un succ\u00e8s ! \u2013 Dr\u00f4le de succ\u00e8s en tout cas. On ne sait pas combien d\u2019argent a co\u00fbt\u00e9 une telle op\u00e9ration. Mais ce n\u2019est pas \u00e7a qui manque. Tout l\u2019argent du monde est \u00e0 leur disposition de gr\u00e9 ou de force.<\/span><\/p>\n<p><span lang=\"FR-CH\">Beaucoup d\u2019autres d\u00e9tails sur le crime sont en possession de la police de Duba\u00ef, comme par exemple, les communications t\u00e9l\u00e9phoniques entre les membres du commando, les cartes de cr\u00e9dit \u00e9tablies aussi aux m\u00eames faux-vrais noms indiqu\u00e9s sur les passeports rouges, ou les cartes SIM des t\u00e9l\u00e9phones portables acquises par la centrale du commando \u00e9tablie \u00e0 Vienne en Autriche qui aurait, parait-il, coordonn\u00e9 tous les d\u00e9tails de l\u2019op\u00e9ration. Un haut fonctionnaire de cet \u00e9tat Schengen a d\u00e9clar\u00e9 que son pays est en train d\u2019enqu\u00eater\u2026<\/span><\/p>\n<p><span lang=\"FR-CH\">La convocation, pour consultation, des ambassadeurs isra\u00e9liens aux chancelleries en Grande Bretagne, en Irlande ou des employ\u00e9s subalternes des ambassades isra\u00e9liennes en France, en Allemagne ou ailleurs ne changent rien au fait que la politique occidentale \u00e0 l\u2019\u00e9gard des isra\u00e9liens ne changera en rien. Car fournir \u00e0 des assassins des passeports rouges pour commettre un des crimes les plus terrifiants de l\u2019histoire, reste rien \u00e0 c\u00f4t\u00e9 de tout ce que fournit l\u2019Occident en armes, en technologie, en biens et en argent sans limite \u00e0 cet \u00e9tat colonial. Bref une collaboration totale et sans ambages de l\u2019Occident avec les colons isra\u00e9liens assassins.<\/span><\/p>\n<p><span lang=\"FR-CH\">Quand on connait les r\u00e9seaux et les t\u00eates pensantes sionistes aux commandes de tous les secteurs de la vie, \u00e9conomique, financi\u00e8re, sociale, intellectuelle, politique et artistique dans tous les pays occidentaux, car au fond les colons isra\u00e9liens en Palestine occup\u00e9e, ne repr\u00e9sentent pas plus que, la partie visible de l\u2019Iceberg sioniste, la question qui se pose n\u2019est plus une question de passeports rouges pour tuer des arabes, des musulmans ou toute autre personne qui objecte contre les agissements criminels des sionistes, mais plut\u00f4t qui dirige qui dans ce monde. Au tournant de chaque crime commis par les sionistes, force est de constater avec de\u00a0 plus en plus d\u2019\u00e9vidence que ce sont ce sont eux qui dictent aux occidentaux les instructions et non pas le contraire. Tout le reste n\u2019est que de la mise en sc\u00e8ne, du th\u00e9\u00e2tre et de la poudre aux yeux\u2026<\/span><\/p>\n<p><span lang=\"FR-CH\"><font><strong>\u00c0 suivre<\/strong><\/font><\/span><\/p>\n<\/div>\n<p><\/font><\/div>\n<\/div>\n<\/div>\n<p> \u00a0<\/p><\/div>\n<p align=\"center\" dir=\"ltr\">\n<h3 style=\"color: blue;\"><font face=\"Arial\" size=\"2\"><strong><b><a href=\"http:\/\/www.tunisnews.net\/\"><font face=\"Arial\"><span><font size=\"2\">Home<\/font><\/span><font size=\"2\"><span lang=\"FR-CH\"> &#8211; Accueil <\/span><span>&#8211; <\/span><\/font><\/font><span dir=\"rtl\" lang=\"AR-SA\"><font size=\"2\">\u0627\u0644\u0631\u0626\u064a\u0633\u064a\u0629<\/font><\/span><\/a><\/b><\/strong><\/font><\/h3>\n<\/p>\n<p align=\"center\" dir=\"ltr\">\u00a0<\/p>\n<p><\/body><\/body><\/html><\/p>\n","protected":false},"excerpt":{"rendered":"<p>Home &#8211; Accueil TUNISNEWS 9\u00a0\u00e8me ann\u00e9e,N\u00b0\u00a03561 du 21.02.2010 \u00a0archives : www.tunisnews.net\u00a0 FIDH &#8211; OMCT &#8211;\u00a0 REMDH: TUNISIE : Nouvelles mesures vexatoires pour emp\u00eacher les d\u00e9fenseurs de participer au processus \u00e9lectoral The Middle East Studies Association: Letters on Tunisia Adel ZITOUNI: Message de solidarit\u00e9 avec M.Khema\u00efs CHAMMARI AFP: Tunisie : gr\u00e8ve de la faim de Chammari [&hellip;]<\/p>\n","protected":false},"author":1,"featured_media":22040,"comment_status":"open","ping_status":"open","sticky":false,"template":"","format":"standard","meta":{"inline_featured_image":false,"site-sidebar-layout":"default","site-content-layout":"","ast-site-content-layout":"default","site-content-style":"default","site-sidebar-style":"default","ast-global-header-display":"","ast-banner-title-visibility":"","ast-main-header-display":"","ast-hfb-above-header-display":"","ast-hfb-below-header-display":"","ast-hfb-mobile-header-display":"","site-post-title":"","ast-breadcrumbs-content":"","ast-featured-img":"","footer-sml-layout":"","ast-disable-related-posts":"","theme-transparent-header-meta":"","adv-header-id-meta":"","stick-header-meta":"","header-above-stick-meta":"","header-main-stick-meta":"","header-below-stick-meta":"","astra-migrate-meta-layouts":"default","ast-page-background-enabled":"default","ast-page-background-meta":{"desktop":{"background-color":"","background-image":"","background-repeat":"repeat","background-position":"center center","background-size":"auto","background-attachment":"scroll","background-type":"","background-media":"","overlay-type":"","overlay-color":"","overlay-opacity":"","overlay-gradient":""},"tablet":{"background-color":"","background-image":"","background-repeat":"repeat","background-position":"center center","background-size":"auto","background-attachment":"scroll","background-type":"","background-media":"","overlay-type":"","overlay-color":"","overlay-opacity":"","overlay-gradient":""},"mobile":{"background-color":"","background-image":"","background-repeat":"repeat","background-position":"center center","background-size":"auto","background-attachment":"scroll","background-type":"","background-media":"","overlay-type":"","overlay-color":"","overlay-opacity":"","overlay-gradient":""}},"ast-content-background-meta":{"desktop":{"background-color":"var(--ast-global-color-5)","background-image":"","background-repeat":"repeat","background-position":"center center","background-size":"auto","background-attachment":"scroll","background-type":"","background-media":"","overlay-type":"","overlay-color":"","overlay-opacity":"","overlay-gradient":""},"tablet":{"background-color":"var(--ast-global-color-5)","background-image":"","background-repeat":"repeat","background-position":"center center","background-size":"auto","background-attachment":"scroll","background-type":"","background-media":"","overlay-type":"","overlay-color":"","overlay-opacity":"","overlay-gradient":""},"mobile":{"background-color":"var(--ast-global-color-5)","background-image":"","background-repeat":"repeat","background-position":"center center","background-size":"auto","background-attachment":"scroll","background-type":"","background-media":"","overlay-type":"","overlay-color":"","overlay-opacity":"","overlay-gradient":""}},"footnotes":""},"categories":[],"tags":[54,41,29],"class_list":["post-18197","post","type-post","status-publish","format-standard","has-post-thumbnail","hentry","tag-54","tag-41","tag-fr"],"_links":{"self":[{"href":"https:\/\/tunisnews.net\/ar\/wp-json\/wp\/v2\/posts\/18197","targetHints":{"allow":["GET"]}}],"collection":[{"href":"https:\/\/tunisnews.net\/ar\/wp-json\/wp\/v2\/posts"}],"about":[{"href":"https:\/\/tunisnews.net\/ar\/wp-json\/wp\/v2\/types\/post"}],"author":[{"embeddable":true,"href":"https:\/\/tunisnews.net\/ar\/wp-json\/wp\/v2\/users\/1"}],"replies":[{"embeddable":true,"href":"https:\/\/tunisnews.net\/ar\/wp-json\/wp\/v2\/comments?post=18197"}],"version-history":[{"count":0,"href":"https:\/\/tunisnews.net\/ar\/wp-json\/wp\/v2\/posts\/18197\/revisions"}],"wp:featuredmedia":[{"embeddable":true,"href":"https:\/\/tunisnews.net\/ar\/wp-json\/wp\/v2\/media\/22040"}],"wp:attachment":[{"href":"https:\/\/tunisnews.net\/ar\/wp-json\/wp\/v2\/media?parent=18197"}],"wp:term":[{"taxonomy":"category","embeddable":true,"href":"https:\/\/tunisnews.net\/ar\/wp-json\/wp\/v2\/categories?post=18197"},{"taxonomy":"post_tag","embeddable":true,"href":"https:\/\/tunisnews.net\/ar\/wp-json\/wp\/v2\/tags?post=18197"}],"curies":[{"name":"wp","href":"https:\/\/api.w.org\/{rel}","templated":true}]}}