{"id":18166,"date":"2009-03-04T00:00:00","date_gmt":"2009-03-04T00:00:00","guid":{"rendered":"https:\/\/tunisnews.net\/4-mars-2009\/"},"modified":"2009-03-04T00:00:00","modified_gmt":"2009-03-04T00:00:00","slug":"4-mars-2009","status":"publish","type":"post","link":"https:\/\/tunisnews.net\/ar\/4-mars-2009\/","title":{"rendered":"4 mars 2009"},"content":{"rendered":"<p><html><head><meta content=\"text\/html\" description=\"\u00a0L'ex prisonnier politique Ali Isba\u00ef est en butte \u00e0 des mesures de r\u00e9torsion \n\tde type s\u00e9curitaire de la part des agents de la police politique de la ville \n\td'El Hamma dans le gouvernorat de Gab\u00e8s, ceux-l\u00e0 m\u00eames qui lui avaient mont\u00e9 \n\tune affaire en justice en 2008, l'accusant d'exercer comme courtier dans \n\tl'immobilier sans licence, au pr\u00e9texte qu'il aurait lou\u00e9 son logement \u00e0 des \n\tpersonnes fr\u00e9quentant le hammam de la ville. Bien que la justice lui ait \n\tdonn\u00e9 raison en pronon\u00e7ant un non lieu, des agents continuent de le harceler \n\t[...], le convoquent constamment au poste de la S\u00fbret\u00e9 pour &quot;infraction \u00e0 \n\tune loi devant \u00eatre promulgu\u00e9e&quot; [...] ...!\" http-equiv=\"Content-Type\"\/><\/head><body><body><\/p>\n<p align=\"center\" dir=\"ltr\"><font face=\"Arial\" size=\"2\"><b><a href=\"http:\/\/www.tunisnews.net\/\"><span>Home<\/span><span lang=\"FR-CH\"> &#8211; Accueil<\/span><\/a><span lang=\"FR-CH\"><\/span><\/b><\/font><\/p>\n<div><font face=\"Arial\" size=\"2\"><strong><\/p>\n<div><\/div>\n<div align=\"center\"><font face=\"Arial\">TUNISNEWS<font size=\"2\"> <\/font><\/font><\/div>\n<div>\n<div align=\"center\" dir=\"ltr\"><font><\/p>\n<div><strong>8\u00a0\u00e8me ann\u00e9e, <span lang=\"FR\">N\u00b0\u00a03207 du 04.03.2009<\/span><\/strong><\/div>\n<p><\/font><\/div>\n<div align=\"center\" dir=\"ltr\"><span><font><strong><font>\u00a0archives<\/font> : <\/strong><\/font><a target=\"_blank\" rel=\"noopener\"><font><strong>www.tunisnews.net<\/strong><\/font><\/a><\/span><font>\u00a0<\/font>\u00a0 <\/div>\n<div align=\"center\" dir=\"ltr\">\n<hr\/>\n<p><span><span lang=\"FR\"><font><span lang=\"FR\"><\/span><\/font><\/span><\/span><\/div>\n<div><strong><\/p>\n<p><font>AISPP: Ali Isba\u00ef, ex prisonnier politique, \u00e2g\u00e9 de 77 ans et citoyen de seconde zone <font>Libert\u00e9 et Equit\u00e9: Nouvelles des libert\u00e9s en Tunisie<\/font> Le comit\u00e9 de soutien de Me Abdelwaheb MAATAR: NON A LA REPRESSION PAR LA FISCALITE <font>OLPEC: L\u2019avocat Mohamed Abbou encore une fois interdit de quitter le territoire<\/font> FTCR: Slaheddine El Ouertani doit \u00eatre lib\u00e9r\u00e9 sans attendre ! <font>Saadia Ali: Au bon plaisir de la police<\/font><\/font><\/p>\n<p><\/strong><\/div>\n<div><strong><\/p>\n<h2 style=\"color: red;\"><font><\/p>\n<h2 style=\"color: red;\"><font face=\"Arial\">Les m\u00e9moires d&rsquo;un ancien d\u00e9tenu islamiste:<\/font><\/h2>\n<p><font face=\"Arial\">\u00a0ABOU-OUSSEMA<\/font>\u00a0 <\/font><\/h2>\n<p><font>Jamaat-e-Islami Hind: Rashid Gannoushi visits Markaz Jamaat  <\/font><\/p>\n<h2 style=\"color: red;\"><font>Le Temps Suisse: \u00ab Les Janjaweed commencent \u00e0 se r\u00e9volter contre Khartoum \u00bb<\/font><\/h2>\n<p><\/strong><\/div>\n<div>\n<hr\/>\n<\/div>\n<div align=\"center\"><span lang=\"FR\">Liste actualis\u00e9e des signataires de l&rsquo;initiative du Droit de Retour : <\/span><font><a>http:\/\/www.manfiyoun.net\/fr\/listfr.html<\/a><\/font> Celles et Ceux qui veulent signer cet appel sont invit\u00e9s \u00e0 envoyer leur: Nom, Pays de r\u00e9sidence et Ann\u00e9e de sortie de la Tunisie sur le m\u00e9l de l&rsquo;initiative : <a><font>manfiyoun@gmail.com<\/font><\/a> <\/div>\n<\/div>\n<p><\/strong><\/font><\/div>\n<div>\n<hr\/>\n<\/div>\n<p><font face=\"Arial\" size=\"2\"><\/p>\n<div align=\"center\">Non \u00e0 la r\u00e9pression fiscale de Ma\u00eetre Abdelwahab Maatar Libert\u00e9 pour tous les prisonniers politiques Libert\u00e9 pour le docteur Sadok Chourou <strong><font>Association Internationale de Soutien aux Prisonniers Politiques<\/font><\/strong> 43 rue El Djazira, Tunis e-mail : aispptunisie@yahoo.fr \u00a0 Tunis, le 28 f\u00e9vrier 2009 <strong><\/p>\n<h2 style=\"color: red;\"><font size=\"3\">Ali Isba\u00ef, ex prisonnier politique, \u00e2g\u00e9 de 77 ans et citoyen de seconde zone<\/font><\/h2>\n<p><\/strong> \u00a0<\/div>\n<div> \u00a0L&rsquo;ex prisonnier politique Ali Isba\u00ef est en butte \u00e0 des mesures de r\u00e9torsion de type s\u00e9curitaire de la part des agents de la police politique de la ville d&rsquo;El Hamma dans le gouvernorat de Gab\u00e8s, ceux-l\u00e0 m\u00eames qui lui avaient mont\u00e9 une affaire en justice en 2008, l&rsquo;accusant d&rsquo;exercer comme courtier dans l&rsquo;immobilier sans licence, au pr\u00e9texte qu&rsquo;il aurait lou\u00e9 son logement \u00e0 des personnes fr\u00e9quentant le hammam de la ville. Bien que la justice lui ait donn\u00e9 raison en pronon\u00e7ant un non lieu, des agents continuent de le harceler [&#8230;], le convoquent constamment au poste de la S\u00fbret\u00e9 pour \u00ab\u00a0infraction \u00e0 une loi devant \u00eatre promulgu\u00e9e\u00a0\u00bb [&#8230;] &#8230;! conditionnant l&rsquo;obtention d&rsquo;une licence pour les personnes louant des locaux. Monsieur Ali Isba\u00ef, qui a soixante dix sept ans, a fait l&rsquo;objet de poursuites en 1986. Il a \u00e9t\u00e9 condamn\u00e9 en 1987 \u00e0 quatre mois d&#8217;emprisonnement. il a \u00e9t\u00e9 arr\u00eat\u00e9 en 1991 et a \u00e9t\u00e9 condamn\u00e9 en 1992 par le Tribunal militaire \u00e0 six ans d&#8217;emprisonnement et \u00e0 une peine compl\u00e9mentaire de cinq ans de contr\u00f4le administratif. A sa sortie de prison, il s&rsquo;est install\u00e9 dans la capitale et a \u00e9t\u00e9 contraint d&rsquo;\u00e9marger dans plusieurs postes de la S\u00fbret\u00e9, plusieurs fois par semaine. Il s&rsquo;est vu interdire de quitter Tunis pour la ville de El Hamma, o\u00f9 il est n\u00e9, o\u00f9 il voulait r\u00e9gler des affaires familiales et il est jusqu&rsquo;\u00e0 aujourd&rsquo;hui priv\u00e9 de passeport. L&rsquo;association [&#8230;] Pour l&rsquo;association <strong><font>La commission de suivi des prisonniers politiques lib\u00e9r\u00e9s <\/font><\/strong><font>(traduction d&rsquo;extraits ni revue ni corrig\u00e9e par les auteurs de la version en arabe, LT)<\/font><\/div>\n<div>\n<hr\/>\n<\/div>\n<div>\n<div align=\"center\">Libert\u00e9 pour tous les prisonniers politiques <strong><font>Libert\u00e9 et Equit\u00e9<\/font><\/strong> 33 rue Mokhtar Atya, 1001 Tunis Tel\/fax: 71 340 860 liberte.equite@gmail.com Tunis, le 3 mars 2009 \u00a0 <strong><\/p>\n<h2 style=\"color: red;\"><font size=\"3\">Nouvelles des libert\u00e9s en Tunisie<\/font><\/h2>\n<p><\/strong><\/div>\n<div align=\"justify\"> <font><strong>\u00a0 1) Report de l&rsquo;examen de l&rsquo;affaire du militant des droits de l&rsquo;homme<\/strong> \u00a0 Le tribunal de premi\u00e8re instance de Bizerte a report\u00e9 l&rsquo;examen de l&rsquo;affaire de monsieur Tarek Soussi,\u00a0 militant des Droits de l&rsquo;Homme et membre du comit\u00e9 directeur de l&rsquo;Association Internationale de Soutien aux Prisonniers Politiques, au 24 mars 2009.  <strong>2) Harc\u00e8lement de monsieur Sami Gharbi<\/strong> Des agents de la police politique de Bizerte ont harcel\u00e9 le 3 mars 2009 monsieur Sami Gharbi, qui \u00e9tait accompagn\u00e9 de son \u00e9pouse. Les agents ont tent\u00e9 de le conduire au poste mais il a tenu bon et demand\u00e9 une convocation officielle. Ils ont confisqu\u00e9 sa carte d&rsquo;identit\u00e9 alors qu&rsquo;une carte d&rsquo;identit\u00e9 ne peut \u00eatre saisie. \u00a0 <strong>3) le prisonnier d&rsquo;opinion Karim Ayari est en gr\u00e8ve de la faim.<\/strong> le prisonnier d&rsquo;opinion Karim Ayari, actuellement incarc\u00e9r\u00e9 \u00e0 la prison de Borj Er Roumi, a commenc\u00e9 une gr\u00e8ve de la faim le 21 F\u00e9vrier 2009 pour protester contre les mauvais traitements dont il est l&rsquo;objet et ses conditions p\u00e9nibles d&rsquo;incarc\u00e9ration, ainsi que pour exiger un lit personnel. Karim Ayari a 22 ans ; il est lyc\u00e9en (ann\u00e9e du baccalaur\u00e9at). Il a \u00e9t\u00e9 arr\u00eat\u00e9 en 2005 en vertu de la loi anti terrroriste et il dort \u00e0 terre en prison alors qu&rsquo;il est affect\u00e9 de plusieurs pathologies.  [&#8230;] Pour le bureau ex\u00e9cutif de l&rsquo;organisation<\/font> <font>Le Pr\u00e9sident<\/font> <strong><font>Ma\u00eetre Mohammed Nouri<\/font><\/strong> (traduction d&rsquo;extraits ni revue ni corrig\u00e9e par les auteurs de la version en arabe, LT)<\/div>\n<\/div>\n<p><\/font><\/p>\n<div>\n<hr\/>\n<\/div>\n<div>\u00a0<\/div>\n<div><font face=\"Arial\" size=\"2\"><\/p>\n<div align=\"center\">\n<h2 style=\"color: red;\"><font size=\"3\"><strong>NON A LA REPRESSION PAR LA FISCALITE<\/strong><\/font><\/h2>\n<p> <strong><font>Le comit\u00e9 de soutien de Me Abdelwaheb MAATAR<\/font><\/strong>\u00a0   <strong><font>communiqu\u00e9 <\/font><\/strong><\/div>\n<div align=\"justify\"> \u00a0\u00a0\u00a0 La chambre fiscale du tribunal de premi\u00e8re instance de Sfax pr\u00e9sid\u00e9e par le juge Sofi\u00e9ne BORJI a rendu cet apr\u00e8s midi le 4 mars 2009 son jugement dans l\u2019opposition form\u00e9e par Me Abdelwaheb MAATAR\u00a0 contre l\u2019arr\u00eat\u00e9 de taxation d\u2019office l\u2019obligeant \u00e0 payer le montant de 232.530.855 DT pour les ann\u00e9es 2004 et 2005. \u00a0\u00a0\u00a0 Ce jugement qui a d\u00e9cid\u00e9 de ramener le montant initial \u00e0 93.572.865 DT\u00a0 a surpris les avocats constitu\u00e9s dans l\u2019affaire qui s\u2019attendaient du juge saisi l\u2019annulation pure et simple de l\u2019arr\u00eat\u00e9 de taxation d\u2019office compte tenu des abus administratifs qu\u2019il contenait. H\u00e9las le jugement du 4 mars 2009 d\u00e9montre une fois de plus que la justice est loin de la neutralit\u00e9 et de l\u2019ind\u00e9pendance. \u00a0\u00a0\u00a0 En effet , le jugement rendu par le magistrat Sofi\u00e9ne BORJI , bien qu\u2019il r\u00e9duit le montant initial demeure sans aucun fondement de fait ou de droit. Il n\u2019a fait en r\u00e9alit\u00e9 que r\u00e9it\u00e9rer par le tribunal. les fautes et les abus pr\u00e9c\u00e9demment commis par l\u2019administration fiscale en vue de punir Me Abdelwaheb MAATAR\u00a0 pour avoir os\u00e9 former un recours en annulation contre le r\u00e9f\u00e9rendum de 2002.et pour sa lutte pour la d\u00e9mocratie et les droits de l\u2019 homme . \u00a0\u00a0\u00a0 Ainsi le comit\u00e9 de soutien de Me Abdelwaheb MAATAR\u00a0 consid\u00e8re que le jugement rendu aujourd\u2019hui\u00a0 est en premier lieu un jugement \u00e0 caract\u00e8re politique et il est d\u00e9pourvu de tout aspect juridique. La r\u00e9duction de l\u2019imp\u00f4t qu\u2019il a op\u00e9r\u00e9 n\u2019est en fait qu\u2019une man\u0153uvre visant \u00e0 calmer la pression subie par les autorit\u00e9s tunisiennes gr\u00e2ce au large soutien qu\u2019a connue lla cause juste de Me Abdelwaheb MAATAR\u00a0 \u00e0 l\u2019int\u00e9rieur de la Tunisie comme \u00e0 l\u2019ext\u00e9rieur. \u00a0\u00a0\u00a0 Le comit\u00e9 r\u00e9affirme par ailleurs que l\u2019injustice et la r\u00e9pression fiscale sur\u00a0 Me Abdelwaheb MAATAR\u00a0 continue de se d\u00e9ployer ; et d\u00e9cide de poursuivre son combat par tous les moyens l\u00e9gaux en interjetant Appel du \u00ab\u00a0 jugement \u00bb abusif rendu aujourd\u2019hui et en \u00e9largissant davantage le mouvement de soutien de Me Abdelwaheb MAATAR\u00a0 . \u00a0\u00a0\u00a0 Le comit\u00e9 tient par la m\u00eame \u00e0 remercier tous les confr\u00e8res tunisiens et \u00e9trangers pour leur soutien actif et les appelle \u00e0 concentrer davantage leurs efforts pour faire cesser l\u2019instrumentalisation de l\u2019administration fiscale ainsi que l\u2019instrumentalisation de la justice\u00a0  \u00a0\u00a0\u00a0\u00a0\u00a0 Tunis le : 4 mars 2009.\u00a0 \u00a0 Pour le comit\u00e9 de soutien de Me Abdelwaheb MAATAR\u00a0 \u00a0 Le coordinateur   <font><strong>Me Mohamed\u00a0 ABBOU<\/strong><\/font><\/div>\n<div align=\"justify\"><strong><\/p>\n<hr\/>\n<p><\/strong><\/div>\n<div align=\"justify\">\n<p align=\"center\"><span lang=\"FR\"><font><strong><font>Observatoire pour la libert\u00e9 de presse, d\u2019\u00e9dition et de cr\u00e9ation en Tunisie<\/font><\/strong><\/font><\/span><\/p>\n<p><span lang=\"FR\"><strong><font><\/p>\n<div align=\"center\">OLPEC<\/div>\n<p><\/font><\/strong><\/span><\/p>\n<p align=\"center\"><span lang=\"FR\"><font><strong>Tunis le 3 mars 2009<\/strong><\/font><\/span><\/p>\n<p align=\"center\"><span lang=\"FR\"><font><strong>\u00a0\u00a0<\/strong><\/font><\/span><\/p>\n<p align=\"center\"><span lang=\"FR\"><font size=\"3\"><strong>L\u2019avocat Mohamed Abbou encore une fois interdit de quitter le territoire<\/strong><\/font><\/span><\/p>\n<p align=\"center\"><span lang=\"FR\"><font>\u00a0<\/font><\/span><\/p>\n<p><span lang=\"FR\"><font>Pour la sixi\u00e8me fois cons\u00e9cutive, l\u2019avocat d\u00e9fenseur des droits humains, Mohamed Abbou a \u00e9t\u00e9 emp\u00each\u00e9 de quitter le territoire tunisien ce matin 3 mars vers 11 par la police des fronti\u00e8res \u00e0 l\u2019a\u00e9roport Tunis Carthage. Mohamed Abbou devait se rendre en Europe (Hollande et Angleterre) \u00e0 l\u2019invitation d\u2019Amnesty International et devait rencontrer des d\u00e9fenseurs, des avocats et des repr\u00e9sentants des affaires \u00e9trang\u00e8res dans ces pays respectifs et donner une conf\u00e9rence. Aucune raison valable ne lui a \u00e9t\u00e9 donn\u00e9e pour cette interdiction, sinon que c\u2019\u00e9taient des \u00ab\u00a0instructions venues d\u2019en haut\u00a0!\u00a0\u00bb<\/font><\/span><\/p>\n<p><span lang=\"FR\"><font>Depuis qu\u2019il a \u00e9t\u00e9 lib\u00e9r\u00e9 sous condition en juillet 2007, apr\u00e8s avoir purg\u00e9 une peine de 2 ans et demi pour un d\u00e9lit d\u2019opinion, les autorit\u00e9s interdisent arbitrairement \u00e0 Mohammed Abbou de quitter le territoire. Au d\u00e9but, le pr\u00e9texte invoqu\u00e9 par la police des fronti\u00e8res \u00e9tait qu\u2019il devait attendre d\u2019achever le reliquat de la peine \u00e0 laquelle il avait \u00e9t\u00e9 condamn\u00e9, c&rsquo;est-\u00e0-dire, 3 ans et demi\u00a0; Sur le plan l\u00e9gal, ce pr\u00e9texte est sans fondement, car les textes sont clairs, la lib\u00e9ration conditionnelle n\u2019implique pas une peine compl\u00e9mentaire dont il n\u2019est fait mention nulle part, y compris dans le document qui lui a \u00e9t\u00e9 remis \u00e0 sa sortie de prison\u00a0; mais, en admettant ce pr\u00e9texte pseudo l\u00e9gal, ce d\u00e9lai est achev\u00e9 depuis ao\u00fbt 2008 et aucune autre raison ne pouvait \u00eatre invoqu\u00e9e par la police.<\/font><\/span><\/p>\n<p><span lang=\"FR\"><font>Mohamed Abbou avait \u00e9t\u00e9 condamn\u00e9 en 2005 \u00e0 trois ans et demi de prison ferme pour avoir d\u00e9nonc\u00e9 les pratiques de torture sur Internet. Il n\u2019a cess\u00e9 depuis sa lib\u00e9ration de subir des harc\u00e8lements et des restrictions sur sa libert\u00e9 de mouvement. Le dernier en date a \u00e9t\u00e9 son interpellation le 21 f\u00e9vrier dernier par une brigade de la police de la circulation \u00e0 l\u2019entr\u00e9e de l\u2019autoroute qui relie Tunis \u00e0 Bizerte, alors qu\u2019il devait se rendre \u00e0 une conf\u00e9rence \u00e0 Bizerte (60 km de Tunis), et maintenu au poste de police durant plus de 2 heures pour \u00eatre finalement rel\u00e2ch\u00e9 apr\u00e8s que les d\u00e9lais pour assister \u00e0 la conf\u00e9rence aient \u00e9t\u00e9 d\u00e9pass\u00e9s. \u00a0<\/font><\/span><\/p>\n<p><span lang=\"FR\"><font>\u00ab\u00a0<i>Je suis triste de constater que, par ce genre de pratiques, ce pouvoir s\u2019obstine \u00e0 se maintenir \u00a0hors de la l\u00e9galit\u00e9<\/i>\u00a0\u00bb a d\u00e9clar\u00e9 Mohammed Abbou apr\u00e8s cette \u00e9ni\u00e8me interdiction de voyager qu\u2019il subit.<\/font><\/span><\/p>\n<p><span lang=\"FR\"><font>L\u2019Observatoire pour la libert\u00e9 de presse, d\u2019\u00e9dition et de cr\u00e9ation<\/font><\/span><\/p>\n<p><span lang=\"FR\"><font>\u00b7<span>\u00a0\u00a0\u00a0\u00a0\u00a0\u00a0\u00a0\u00a0<\/span><\/font><\/span><span dir=\"ltr\" lang=\"FR\"><font>Consid\u00e8re que les restrictions faites \u00e0 la libert\u00e9 de mouvement de maitre Abbou ont pris un caract\u00e8re permanent et sont donc assimilables \u00e0 une privation de libert\u00e9 arbitraire au sens des crit\u00e8res (cat\u00e9gorie I) \u00e9tablis par \u00ab\u00a0<\/font><a href=\"http:\/\/www.unhchr.ch\/french\/html\/menu2\/7\/b\/arb_det\/ardintro_fr.htm#criteria\" target=\"_blank\" rel=\"noopener\"><font>Le groupe de travail sur les d\u00e9tentions arbitraires\u00a0<\/font><\/a><font>\u00bb des Nations Unies\u00a0; c&rsquo;est-\u00e0-dire le cas o\u00f9 \u00ab\u00a0<i>la privation de libert\u00e9 est arbitraire car il n&rsquo;est manifestement pas possible de la rattacher \u00e0 une quelconque base l\u00e9gale.<\/i>\u00a0\u00bb\u00a0; Il a d\u00e9cid\u00e9 par cons\u00e9quent de saisir sur ce cas le Groupe de travail onusien avec d\u2019autres ONG impliqu\u00e9es dans la d\u00e9fense de la libert\u00e9 d\u2019expression.<\/font><\/span><\/p>\n<p><font><span lang=\"FR\">\u00b7<span>\u00a0\u00a0\u00a0\u00a0\u00a0\u00a0\u00a0\u00a0<\/span><\/span><span dir=\"ltr\" lang=\"FR\">Il estime que ces pratiques d\u00e9notent de la faillite de l\u2019Etat de droit en Tunisie. <\/span><\/font><\/p>\n<p><font><span lang=\"FR\">\u00b7<span>\u00a0\u00a0\u00a0\u00a0\u00a0\u00a0\u00a0\u00a0<\/span><\/span><span dir=\"ltr\" lang=\"FR\">Il exige que cette mesure arbitraire soit lev\u00e9e et que Maitre Abbou puisse disposer de\u00a0 son enti\u00e8re libert\u00e9 de mouvement.<\/span><\/font><\/p>\n<p><span lang=\"FR\"><font>Pour l\u2019Observatoire<\/font><\/span><\/p>\n<p><span lang=\"FR\"><font>La vice pr\u00e9sidente<\/font><\/span><\/p>\n<p><span lang=\"FR\"><strong>Naziha Rjiba<\/strong><\/span><\/p>\n<p><span dir=\"rtl\" lang=\"AR-SA\"><font><strong>\u00a0<\/strong><\/font><\/span><\/p>\n<\/div>\n<p><\/font><\/div>\n<p><font face=\"Arial\" size=\"2\"><\/p>\n<div>\n<hr\/>\n<\/div>\n<div>\n<div align=\"center\"><font><\/p>\n<div align=\"center\"><strong><font>F\u00e9d\u00e9ration des Tunisiens pour une Citoyennet\u00e9 des Deux Rives<\/font><\/strong> <font>3, rue de Nantes \u2013 75019 PARIS T\u00e9l. : 01.46.07.54.04 &#8211; Fax : 01.40.34.18.15 \u2013 E-mail : ftcr2@wanadoo.fr \u2013 www.ftcr.eu<\/font>\u00a0\u00a0\u00a0   <strong><\/p>\n<h2 style=\"color: red;\"><font size=\"3\">Slaheddine El Ouertani doit \u00eatre lib\u00e9r\u00e9 sans attendre !<\/font><\/h2>\n<p><\/strong><\/div>\n<div align=\"justify\"> <font>Slaheddine El Ouertani est sorti il y a quelques jours du coma o\u00f9 il \u00e9tait plong\u00e9 depuis le 4 novembre 2008, apr\u00e8s avoir \u00e9t\u00e9 gri\u00e8vement bless\u00e9 dans sa cellule \u00e0 la prison de Fresnes. Il est actuellement hospitalis\u00e9 \u00e0 Paris avec de graves s\u00e9quelles et une h\u00e9mipl\u00e9gie qui n\u00e9cessitent une longue r\u00e9\u00e9ducation. Slaheddine El Ouertani, un sans-papiers d\u2019origine tunisienne, s\u2019est retrouv\u00e9 en d\u00e9tention pr\u00e9ventive \u00e0 Fresnes comme sept autres personnes \u00e0 la suite de la r\u00e9volte qui a \u00e9clat\u00e9 au Centre de R\u00e9tention Administrative de Vincennes et de l\u2019incendie qui s\u2019en est suivi. Tous les retenus du CRA s\u2019\u00e9taient alors r\u00e9volt\u00e9s suite au d\u00e9c\u00e8s, le 21 juin 2008, de Salem Souli dans des circonstances \u00e0 ce jour non encore \u00e9lucid\u00e9es. Le corps de ce dernier a \u00e9t\u00e9 discr\u00e8tement rapatri\u00e9 en Tunisie au d\u00e9but juillet 2008. Comme Salem Souli, Slaheddine El Ouertani \u00e9tait sous la responsabilit\u00e9 de l\u2019Etat fran\u00e7ais et il serait grave que les soins appropri\u00e9s ne soient pas, cette fois \u00e9galement, donn\u00e9s.  \u00a0Pourtant, alors que le juge d\u2019instruction n\u2019a pas jug\u00e9 utile de prolonger son maintien en d\u00e9tention provisoire, ouvrant la voie \u00e0 son hospitalisation dans un service adapt\u00e9, le procureur de la R\u00e9publique s\u2019acharne sur Slaheddine El Ouertani en d\u00e9posant un r\u00e9f\u00e9r\u00e9 d\u00e9tention, sachant pertinemment que le retour en prison de ce dernier constituerait une double condamnation et un p\u00e9ril s\u00e9rieux pour sa vie. Le pr\u00e9sident de la chambre de l\u2019instruction de la Cour d\u2019appel de Paris vient heureusement de rejeter le r\u00e9f\u00e9r\u00e9. Slaheddine El Ouertani reste donc provisoirement libre jusqu\u2019\u00e0 la d\u00e9cision au fond de la chambre de l\u2019instruction. La FTCR exige la lib\u00e9ration de Slaheddine El Ouertani et de tous les inculp\u00e9s de l\u2019incendie du CRA de Vincennes et l\u2019arr\u00eat des poursuites \u00e0 leur encontre. Le FTCR demande que soient apport\u00e9s \u00e0 S. El Ouertani tous les soins ad\u00e9quats, que lumi\u00e8re soit faite sur les circonstances de l\u2019agression qu\u2019il a subit \u00e0 Fresnes et que toutes les responsabilit\u00e9s soient clairement \u00e9tablies. La FTCR rappelle \u00e9galement le grave pr\u00e9c\u00e9dent du d\u00e9c\u00e8s de Salem Souli pour lequel elle s\u2019est port\u00e9e partie civile en appui \u00e0 la plainte de son fils et de son ex-compagne pour \u00ab r\u00e9tention d\u2019information, homicide involontaire par manquement aux obligations de s\u00e9curit\u00e9, omission de porter secours et, enfin, fausses informations, atteinte \u00e0 la m\u00e9moire du mort et \u00e0 sa r\u00e9putation ainsi qu\u2019\u00e0 celle de sa famille \u00bb. La FTCR attend toute la v\u00e9rit\u00e9.  Paris le 04 mars 2009  Pour le Bureau de la FTCR <\/font><strong><font>CHERBIB Mouhieddine<\/font><\/strong><\/div>\n<p><\/font><\/div>\n<\/div>\n<div>\n<hr\/>\n<\/div>\n<div>\u00a0<\/div>\n<div>\n<div align=\"center\"><strong><\/p>\n<h2 style=\"color: red;\"><font size=\"3\">Au bon plaisir de la police<\/font><\/h2>\n<p><\/strong><\/div>\n<div align=\"justify\"> Du poste de police de La Goulette \u00e0 Bouchoucha : Dans la fourgonnette, nous avons \u00e9t\u00e9 mis \u00e0 l\u2019arri\u00e8re, deux hommes et moi-m\u00eame. Le conducteur et son adjoint \u00e9taient \u00e0 l\u2019avant. Ce dernier buvait bi\u00e8re sur bi\u00e8re. Il avait sa r\u00e9serve sous le si\u00e8ge. D\u00e8s qu\u2019ils voyaient une femme conduire, ils sortaient leurs t\u00eates pour de la drague. Vulgaires. Et voila ce que j&rsquo;ai vu de mes propre yeux au poste de Bouchoucha \u00e0 Tunis le temps d\u2019une nuit de garde \u00e0 vue :  Les gardiens qui donnent des coups de pied \u00e0 des femmes \u00e2g\u00e9es. La cause de leur d\u00e9tention, je l\u2019ai su : elles demandent la charit\u00e9 dans la rue. La police leur retire l&rsquo;argent et le lendemain, elles sont emmen\u00e9es au tribunal, condamn\u00e9es \u00e0 une amende et rel\u00e2ch\u00e9es. Beaucoup de jeunes filles pauvres sont ramen\u00e9es de restaurants de Tunis. Comme elles ont faim, elles rentrent et demandent \u00e0 des hommes de leur offrir un repas. Ensuite, elles sont d\u00e9nonc\u00e9es et embarqu\u00e9es par la police apr\u00e8s un contr\u00f4le d\u2019identit\u00e9. Et tous ces malheureux embarqu\u00e9s \u00e0 Bouchoucha : j&rsquo;ai vu deux hommes, un accroch\u00e9 aux barreaux de la cellule comme J\u00e9sus, et l&rsquo;autre, dans le couloir, menott\u00e9 et accroch\u00e9 au sol sur le ciment et ils n\u2019ont cess\u00e9 de hurler de souffrance. Moi, je n\u2019ai pas dormi de la nuit.  Une femme m\u2019a racont\u00e9 que lorsqu\u2019elle avait \u00e9t\u00e9 arr\u00eat\u00e9e, elle a \u00e9t\u00e9 gard\u00e9e \u00e0 vue dans la m\u00eame cellule qu\u2019un assassin. Elle a eu si peur de lui qu\u2019elle n\u2019avait pas ferm\u00e9 de l\u2019\u0153il de la nuit, craignant d\u2019\u00eatre tu\u00e9e \u00e0 son tour.  A Bouchoucha, seuls les premiers arriv\u00e9s ont droit \u00e0 de la \u00ab nourriture \u00bb, mais c\u2019\u00e9tait tellement \u00e9coeurant que je n\u2019y ai pas touch\u00e9. Quant \u00e0 l\u2019eau, il y a deux bouteilles m\u00eame pas remplies, et sans verre, pour toutes les prisonni\u00e8res qui se les repassent et doivent boire au goulot. Il y avait des matelas pas tr\u00e8s nets dans certaines cellules, mais pas assez pour tout le monde, pas m\u00eame pour les femmes \u00e2g\u00e9es ou les malades. Les fen\u00eatres sont cass\u00e9es en plein hiver et la pluie tombait \u00e0 l\u2019int\u00e9rieur. Les gardiens sont des hommes qui utilisent de gros mots, tr\u00e8s vulgaires. Cette violence donne le frisson Le lendemain matin c\u2019est \u00e0 coups de pieds que tout le monde a \u00e9t\u00e9 r\u00e9veill\u00e9 pour aller au tribunal. Il y en a en uniforme noir, plus les civils, plus la police qui est en bleu. Ils ont tous l\u2019autorisation de frapper. On nous a fait sortir dans la courette. Je ne comprenais rien. Ils crient tous en m\u00eame temps, bousculent les gard\u00e9s \u00e0 vue, donnent des ordres dans tous les sens, nous embrouillent la t\u00eate. A la moindre erreur, c\u2019est le tabassage et les humiliations.  Tous les hommes ont \u00e9t\u00e9 menott\u00e9s, pas moi. Dans la fourgonnette pour le tribunal, j\u2019\u00e9tais assise entre le conducteur et son adjoint. Les hommes ont \u00e9t\u00e9 mis \u00e0 l\u2019arri\u00e8re. Quelques jours plus tard, alors que j\u2019\u00e9tais en libert\u00e9, j\u2019ai vu un jeune qui avait l\u2019\u00e2ge d\u2019\u00eatre mon fils, avec un nez \u00e9clat\u00e9, on voyait l\u2019os ! Amicalement, je lui ai demand\u00e9 s\u2019il s\u2019\u00e9tait bagarr\u00e9. Il m\u2019a dit \u00ab non, j\u2019avais bu et j\u2019ai \u00e9t\u00e9 contr\u00f4l\u00e9. Le policier a mis son nez dans ma bouche. Quand il a compris que j\u2019avais bu, il m\u2019a \u00e9clat\u00e9 le nez \u00bb. Je lui ai demand\u00e9 s\u2019il allait porter plainte. Il m\u2019a dit \u00ab porter plainte o\u00f9 ? \u00bb \u00ab Il n\u2019y a qu\u2019aupr\u00e8s de Dieu que je puisse porter plainte ! \u00bb Les souvenirs de Bouchoucha m\u2019ont travaill\u00e9e. J\u2019ai repens\u00e9 \u00e0 ces vieilles mendiantes, syst\u00e9matiquement d\u00e9pouill\u00e9es par la police de l\u2019argent qu\u2019elles avait r\u00e9colt\u00e9, et remises en libert\u00e9\u2026 pour aller mendier ! Et encore arr\u00eat\u00e9es, et d\u00e9pouill\u00e9es.  Au fait, c\u2019est la police, c\u2019est l\u2019Etat qui les utilise pour mendier ? Et puis, o\u00f9 aller dans ce pays ? Vous allez dans une mosqu\u00e9e, vous \u00eates arr\u00eat\u00e9, vous allez dans un caf\u00e9 pour boire ou dans un restaurant pour manger, vous \u00eates arr\u00eat\u00e9, de la m\u00eame fa\u00e7on\u2026<\/div>\n<div align=\"justify\"> <font><strong>Saadia Ali<\/strong><\/font><\/div>\n<div align=\"justify\"><strong><\/p>\n<hr\/>\n<p><\/strong><\/div>\n<div align=\"justify\">\n<div align=\"center\">\n<h2 style=\"color: red;\"><font face=\"Arial\" size=\"3\"><strong>Les m\u00e9moires d&rsquo;un ancien d\u00e9tenu islamiste:<\/strong><\/font><\/h2>\n<\/div>\n<div align=\"center\"><font size=\"3\"><strong>\u00a0ABOU-OUSSEMA<\/strong><\/font><\/div>\n<div align=\"justify\"> <font>\u00a0Chapitre\u00a0 premier\u00a0 4\/1   La rue tunisienne commence \u00e0 faire les marches de soutien obligatoire pour le G\u00e9n\u00e9ral. Dans toute dictature l\u2019individu\u00a0 perd\u00a0 la notion de choix, il se voit tra\u00een\u00e9 malgr\u00e9 lui\u00a0 dans des situations\u00a0 dont il a souhait\u00e9es\u00a0 ne pas y \u00eatre. Apr\u00e8s avoir dompt\u00e9 l\u2019opposition \u00e0 l\u2019int\u00e9rieur du parti, le g\u00e9n\u00e9ral a cr\u00e9e l\u2019occasion pour ceux qui veulent exprimer leur sinc\u00e9rit\u00e9 en participant \u00e0 ces marches et on peut distinguer nettement dans la premi\u00e8re ligne des ministres, des intellectuels, des repr\u00e9sentants d\u2019associations. Tous les hauts cadres doivent y \u00eatre. Evidemment les mouchards, les indicateurs,\u00a0 les policiers civils, les chefs de s\u00e9curit\u00e9 doivent faire des rapports sur les participants. Le syst\u00e8me de s\u00e9curit\u00e9 mis en place par le G\u00e9n\u00e9ral \u00e9trangle toute aspiration \u00e0 la libert\u00e9 m\u00eame chez les responsables du syst\u00e8me lui-m\u00eame : tout le monde \u00e9pie et celui qui n\u2019apporte pas l\u2019information le premier il sera soumis \u00e0 un questionnaire qui d\u00e9cidera de son sort. En 2001 \u00e0 Paris Madame Faiza K\u00e9fi, pr\u00e9sidente de l\u2019Union Nationale de la Femme Tunisienne (UNFT) puis nomm\u00e9e le 22 Avril 1999\u00a0 ministre\u00a0 de l\u2019environnement et de l\u2019am\u00e9nagement du territoire, disait dans une interview \u00e0 Khayy\u00e2m: \u00ab\u00a0Mon courrier, m\u00eame le plus personnel, \u00e9tait ouvert par la police politique, mon t\u00e9l\u00e9phone, comme celui de tous les responsables, \u00e9tait sur \u00e9coutes et la parano\u00efa s\u00e9curitaire de Ben Ali nous a rendus \u00e0 notre tour parano\u00efaques. On commence \u00e0 s&rsquo;imaginer les micros et les mini-cam\u00e9ras des SS [Services Sp\u00e9ciaux] truff\u00e9s partout. Ces derniers temps j&rsquo;ai m\u00eame pens\u00e9 aller consulter un psychiatre  Et c\u2019est \u00e0 Madame la ministre de continuer :&lt;&lt; Vous allez penser que ce que je vais vous dire est ridicule, mais au fur et \u00e0 mesure que la parano\u00efa de Ben Ali augmentait, la mienne augmentait aussi! Je vous donne un exemple : Au d\u00e9but de cette ann\u00e9e j&rsquo;ai commenc\u00e9 \u00e0 avoir des doutes que Guenzoui [ex-patron de la S\u00e9curit\u00e9] a plac\u00e9 des cameras cach\u00e9es dans ma salle de bain. C&rsquo;est pourquoi je prenais mon bain toujours la nuit dans l&rsquo;obscurit\u00e9 totale. Mais ma parano\u00efa ne faisait que progresser. Je me disais : \u00a0\u00bb Et si Guenzoui avait des cameras infra-rouges ? \u00a0\u00bb Car, je sais que ce voyou de Guenzoui et cet obs\u00e9d\u00e9 sexuel de G&rsquo;doura [El Hadj Fraj G&rsquo;doura est l&rsquo;ex-patron des SS] sont capables de tout. Vous savez qu&rsquo;ils sont ma\u00eetres dans le porno-montage. Je veux oublier Tunis et ses magouilles&gt;&gt; (voir Kayy\u00e2m le 27 octobre 2001).   Ce parano\u00efa s\u00e9curitaire, dont la ministre citait en 2001, a \u00e9t\u00e9 mise en place depuis que le G\u00e9n\u00e9ral occupait le poste de ministre de l\u2019int\u00e9rieur, et peut \u00eatre bien avant, il faut creuser dans la vie du G\u00e9n\u00e9ral lui-m\u00eame, car la peuple tunisienne ne n\u00e9cessite pas le recours \u00e0 de telle violence pour \u00eatre gouvern\u00e9, c\u2019est un peuple pacifique, travailleur, digne d\u2019une vie respectable Un seul individu a ouvert les portes de l\u2019enfer sur La Tunisie : le nombre des prisonniers politiques n\u2019a jamais atteint ce niveau durant toute l\u2019histoire de ce pays, m\u00eame en 1864 durant la r\u00e9volte de Ben Ghdahem. En 1991 nos sources parlent de 25000 d\u00e9tenus du parti En-Nahdha seul,\u00a0 aujourd\u2019hui il y a entre 1500 et 1800 jeunes d\u00e9tenus politiques opposants. A l\u2019ext\u00e9rieur du pays, il n\u2019y a aucun point chaud dans le monde o\u00f9 ne trouve pas de Tunisiens, faut-il rappeler que par exemple \u00e0 Guantanamo il y a\u00a0 actuellement 10 Tunisiens qui cherchent une terre d\u2019accueil. Le syst\u00e8me politique tunisien, en place, est le seul responsable de la naissance du terrorisme en Tunisie. Le parti En-Nahdha, qui \u00e9tait jug\u00e9 pour terrorisme, n\u2019a fait exploser aucun p\u00e9tard dans le pays et cela n\u2019est pas d\u00fb \u00e0 l\u2019incapacit\u00e9 de ce parti ou \u00e0 la bonne veille du G\u00e9n\u00e9ral,\u00a0 car en Tunisie on peut\u00a0 faire tout ce qu\u2019on veut avec de l\u2019argent et l\u2019exemple des deux Autrichiens enlev\u00e9s du sud tunisien et ramen\u00e9 au d\u00e9sert du Mali\u00a0 laisse poser d\u2019\u00e9norme questions sur cette s\u00e9curit\u00e9 pr\u00e9sum\u00e9e. En Tunisie il n y a pas de s\u00e9curit\u00e9, il y a une dictature mener contre un peuple pacifiste, d\u00e9s lors on ne peut jamais parler du courage de l\u2019agent de l\u2019ordre au contraire on parle de l\u00e2chet\u00e9, car c\u2019est une police qui agit contre le peuple, qui le harc\u00e8le,\u00a0 le pille continuellement, c\u2019est une v\u00e9ritable Mahalla d\u2019imp\u00f4ts du Bey (Sultans de Tunisie avant 1956). \u00a0\u00a0\u00a0\u00a0\u00a0\u00a0\u00a0\u00a0\u00a0\u00a0\u00a0\u00a0  La rue tunisienne \u00e9tait compl\u00e8tement ravag\u00e9e par la peur et les diff\u00e9rentes\u00a0 institutions de la soci\u00e9t\u00e9\u00a0 militaris\u00e9e commencent \u00e0 envoyer des t\u00e9l\u00e9grammes de soutien\u00a0 au G\u00e9n\u00e9ral, pour se prot\u00e9ger contre tout risque d\u2019inculpation. Des d\u00e9clarations de leaders politiques qui se croient opposants, apparaissent culpabilisants le parti En-Nahdha avant m\u00eame que ce dernier soit\u00a0\u00a0 traduit devant la soi-disant justice. La Tunisie vie une p\u00e9riode difficile, une p\u00e9riode de SAUVE QUI PEUT  Les policiers alors trouvaient le moment propice pour\u00a0 ex\u00e9cuter le plan d\u2019arrestation massive et ils\u00a0 commencent leurs descentes avec utilisation de toute sortes de violences sans aucun respect de la moindre loi. Ils entrent par groupe en enfon\u00e7ant les portes des\u00a0 maisons et avilissant les familles avec des insultes de diff\u00e9rente couleur, des blasph\u00e8mes, des injures, des gifles, des coups de pieds. La torture a d\u00e9j\u00e0 commenc\u00e9. Avant d\u2019arriver au centre d\u2019arrestation\u00a0 le d\u00e9tenu doit recevoir une dose de peine qui doit le choquer et lui facilite le chemin des aveux. C\u2019est une guerre psychologique \u00e0 plusieurs objectifs : 1)\u00a0\u00a0\u00a0\u00a0\u00a0 briser toute r\u00e9sistance \u00e0 l\u2019int\u00e9rieur du militant 2)\u00a0\u00a0\u00a0\u00a0\u00a0 faire na\u00eetre en lui le sentiment de la solitude et de l\u2019abondant    3)\u00a0\u00a0\u00a0\u00a0\u00a0 d\u00e9cha\u00eener l\u2019envie de l\u2019autodestruction : cet objectif est le plus important parce qu\u2019il doit durer avec le d\u00e9tenu durant son emprisonnement et dans la p\u00e9riode de lib\u00e9ration\u00a0 et sur cet objectif que le G\u00e9n\u00e9ral a pari\u00e9 La premi\u00e8re p\u00e9riode consistait dans le ramassage de tous les individus figurants dans les listes donn\u00e9es par le gouverneurs et qu\u2019ils ont obtenues durant les \u00e9lections falsifi\u00e9es de 1989. Les arrestations \u00e9taient p\u00eale m\u00eale, et les ge\u00f4les \u00e9taient vite remplis,\u00a0 dans certains ge\u00f4les de 3m sur 4m on trouve entre 25 et 30 d\u00e9tenus en permanent et au mois d\u2019octobre 1991 aucun ge\u00f4le en Tunisie ne se trouve vide. Dans certaines r\u00e9gions comme Bizerte les d\u00e9tenus consid\u00e9r\u00e9s importants ont pass\u00e9 leur d\u00e9tention dans les couloirs des bureaux de police attach\u00e9s par des menottes aux\u00a0 fen\u00eatres ou aux chauffages, ils passent la nuit par terre et sans couvertures en plein hiver, d\u2019ailleurs dans les ge\u00f4les la situation n\u2019est pas meilleur. La nourriture\u00a0 consistait en un bout de pain tremp\u00e9 dans l\u2019eau de harissa (du piment rouge moulu Avec du sel).   D\u00e9s que la premi\u00e8re journ\u00e9e passe l\u2019odeur du d\u00e9tenu change compl\u00e8tement, elle devient puante, comme si les v\u00eatements\u00a0 sont tremp\u00e9s dans les d\u00e9ch\u00e9s humains. L\u2019a\u00e9ration du ge\u00f4le ne se fait qu\u2019une fois par jour pendant 10 minutes au maximum et parfois elle ne se fait pas car l\u2019agent ne trouve de temps pour le repos que celui de l\u2019a\u00e9ration de la ge\u00f4le. IL faut savoir que la ge\u00f4le est une pi\u00e8ce qui n\u2019a ni de fen\u00eatre ni de lumi\u00e8re, elle a une porte blind\u00e9e en fer et pour l\u2019ouvrir il faut 3 agents de police arm\u00e9s et pr\u00e8s \u00e0 tirer et un quatri\u00e8me qui porte les clefs. IL s\u2019agit d\u2019une d\u00e9monstration de force. Les conditions de d\u00e9tention \u00e9taient totalement inhumain et personne ne peut ne peut proposer une id\u00e9e d\u2019am\u00e9lioration des conditions car il sera automatiquement consid\u00e9r\u00e9 comme sympathisant avec les terroristes qui ont voulu tuer le G\u00e9n\u00e9ral, bien plus on assiste \u00e0 une course de mauvais traitement de la part des policiers puis des ge\u00f4liers et celui qui cause le plus de peine aura des nouveaux galons et sa mensualit\u00e9 augmente. Durant l\u2019arrestation les policiers portent avec eux\u00a0 tout ce qui trouvent de pr\u00e9cieux \u00e0 la maison du d\u00e9tenu tel que l\u2019argent, l\u2019or et surtout les bijoux des femmes, des appareils neufs tel que les t\u00e9l\u00e9viseurs, les computers, les r\u00e9cepteurs. A Bizerte apr\u00e8s l\u2019arrestation de Habib Ellouz un camion\u00a0 de police a charg\u00e9 tout ce qu\u2019il a trouv\u00e9 dans la maison que Habib a lou\u00e9 on\u00a0 trouve parmi ces affaire une peau de tigre que le propri\u00e9taire a achet\u00e9 avec une somme de 1500 dinars tunisiens. Les descentes de polices \u00e9taient similaires \u00e0 des razzias que les nomades pratiquaient aux si\u00e8cles m\u00e9di\u00e9vaux. Et bon app\u00e9tit \u00e0 celui qui vole les bons plats !<\/font>\u00a0\u00a0\u00a0\u00a0\u00a0\u00a0<strong>\u00a0\u00a0\u00a0\u00a0\u00a0  (Source: www.alhiwar.net (Allemagne), le 27 f\u00e9vrier 2009)<\/strong><\/div>\n<\/div>\n<\/div>\n<div>\n<hr\/>\n<\/div>\n<div align=\"center\">\u00a0<\/div>\n<div align=\"center\"><strong><\/p>\n<h2 style=\"color: red;\"><font size=\"3\">Rashid Gannoushi visits Markaz Jamaat<\/font><\/h2>\n<p><\/strong> <\/div>\n<div align=\"justify\"> <strong>New Delhi:<\/strong> Tunisia&rsquo;s exiled scholar and leader of Islamic Movement Tunisia, Shaikh Rashid Ghannoushi, delivered key-note address on the topic on &lsquo;Muslims in Modern Plural Society&rsquo; at programme was organised by Jamaat-e-Islami Hind at Indian Medical Association on 27th Feb evening. Delivering key-note address, Mr Rashid Gannoushi lauded the plural culture of India and expressed that earlier he had merely read in the books about the country and about Shah Waliallah and Maulana Syed Abul Aala Maududi, &lsquo;Now God has given the opportunity to see and visit this country.&rsquo; Mr Gannoushi said it is a basic tenet of Islam that creator is one and creations are many.\u00a0 He was on a weeklong visit to India.\u00a0\u00a0  Speaking on concept of plural society, he said, \u00ab\u00a0From the very first day Islam nurtured a friendly environment among believers of different religions and promoted multi-religious and plural society. Hence, wherever Islam spread, Jews, Christians and others have inhabited along with Muslims, and non-Muslims&rsquo; monasteries, churches and temples are situated in countries where Muslims have been ruling more than thousand years, on the contrary first Muslims Mosque was built in 1925 in France, in India too Muslims ruled around thousand years but they didn\u2019t demolish temples and monasteries because of Islam\u2019s was a message for plural society.  He articulated that to accommodate other people is the basic characteristic of Islam and West took it from Islam. According to Qur\u2019an, there is no compulsion for religion and man has the complete right to follow any religion or dogma. \u00ab\u00a0Few years ago an organisation named International Islamic Front to fight against Jews and Christians, it is against the Islam because there is no compulsion in Islam and no one can unwillingly be converted to Islam and no war was fought for this purpose and Islam allows only defensive battle or fights to stop atrocities,\u00a0\u00bb he added. \u00ab\u00a0Monotheism is another reason which prevented Muslims to commit genocide of others while Christians believe in trinity and they fought hundreds of years against each other because each group had believed that God is within itself and Jews believe that they are the chosen people of God but Islam says that Muslims and all human beings are the creations of God.\u00a0\u00bb \u00ab\u00a0Europeans hadn&rsquo;t such thing in their religions so they revolted against their own religion and embraced secularism, but no need to own secularism for a Muslim because Islam already has tolerance and pluralism.\u00a0\u00bb \u00ab\u00a0Now these attributes are developing in Europe and they are discussing about Islam and to own some Islamic doctrines, recently a British archbishop Rowan Williams suggested to include some Sharia principles in European laws and Islamic interest free windows are being opened in Europe whereas founder of Jamaat-e-Islami Maulana Maudodi decades of years ago presented the interest free system through the book, at that time peoples surprisingly questioned that is it practical? Now Europeans are discussing interest free banking. \u00a0\u00bb \u00ab\u00a0Prophet Mohammed (PBUH) established fraternity between migrated Muslims and residents of Medina after migration, and all residents of Medina including believers of other religions were declared citizen of first Islamic state, in this Islam first gave the concept of common citizenship while Jews were not driven out from Media for religious reason but because of their violation of constitution of Medina.\u00a0\u00bb In a country where Muslims are in minority there can be three options for them at the socio-political level. Either they fully participate in activities of the nation or they close themselves up and refuse to take part in the issues of the nation. Third option is to try and built a different nation for themselves. Last two options are not at all viable in a plural society. All minority Muslims should participate in every sphere of activity in their country. This is the best way of striving for a just Islamic society. At the end, he discussed problems of Muslims countries and insisted to accommodate democratic system. He also suggested to Indian Muslims to contest parliamentary and assembly elections and to participate in politics for increasing influence and pressure on the government.  Maulana Omri said, &lsquo;Islam has become the biggest challenge for West, in spite of West&rsquo;s unreasonable and hostile behaviour, and it is rapidity spreading especially in Western countries and Quran has become the most reading book as well as Women are embracing\u00a0 Islam in large quantity while it is commonly alleged that Islam oppresses women.&rsquo; Maulana Omri said that now no country remained in the world, which has the citizens, followers of single religion live because large numbers of Muslims are residing in non-Muslims dominated countries and in the same way non-Muslims are residing in Muslim countries, as a result Muslims either are majority or minority in any country, so what will be the conduct of Muslims in both the situations? He replied that Islam instructs that wherever Muslims are lived either in majority or minority, they should have all rights which Islam gives them and every person has right to live, Quran explains that don&rsquo;t kill anyone unjustly, Allah instructed Prophet Mohammed (PBUH) that too in initial stage of his prophet-hood in Makkah that no one should live oppressed life and weaker should feel that Muslims are on their back.\u00a0  \u00ab\u00a0The right to present in front of others Quran&rsquo;s challenge &lsquo;Islam is the only right religion,&rsquo; should be given along with other rights, which Islam ensures to a person, if Muslims live with these rights in a country, it is un-Islamic to revolt against that country, in case they don&rsquo;t have these rights, they should try to obtain the rights,\u00a0\u00bb he added. The programme was commenced by Qari Abdul Mannan&rsquo;s recitation of Holy Quran and Mr Ejaz Ahmed Aslam, Secretary Jamaat-e-Islami Hind did convening.<\/div>\n<div align=\"justify\"> <strong><font>(Source: Le site du \u00ab\u00a0Jamaat-e-Islami Hind\u00a0\u00bb visit\u00e9 le 4 mars 2009) Lien: http:\/\/www.jamaateislamihind.org\/index.php?do=category&amp;id=102&amp;blockid=&amp;pageid=230<\/font><\/strong><\/div>\n<p><\/font><\/p>\n<div>\n<hr\/>\n<\/div>\n<div><font face=\"Arial\" size=\"2\">\u00a0 <\/p>\n<p align=\"center\">\n<h3 style=\"color: blue;\"><font size=\"3\"><strong>\u00ab\u00a0Les Janjaweed commencent \u00e0 se r\u00e9volter contre Khartoum\u00a0\u00bb<\/strong><\/font><\/h3>\n<\/p>\n<p><span lang=\"FR\">Entretien avec un journaliste tunisien qui vient d\u2019\u00eatre expuls\u00e9. Il a couvert durant deux ans le conflit du Darfour<\/span><\/p>\n<p><span lang=\"FR\">Journaliste tunisien r\u00e9fugi\u00e9 en Grande-Bretagne, Zouhir Latif couvrait le conflit du Darfour depuis deux ans. C\u2019\u00e9tait aussi le conseiller politique du PAM \u00e0 Khartoum. Il a \u00e9t\u00e9 arr\u00eat\u00e9 le 27 f\u00e9vrier pour \u00abavoir d\u00e9pass\u00e9 son mandat\u00bb mais, gr\u00e2ce \u00e0 la pression internationale, il a \u00e9t\u00e9 lib\u00e9r\u00e9 et expuls\u00e9 du Soudan. De passage \u00e0 Gen\u00e8ve, il est bien d\u00e9cid\u00e9 \u00e0 retourner sur place, avec ou sans visa<\/span><span dir=\"rtl\" lang=\"AR-SA\">.<\/span><\/p>\n<p><span lang=\"FR\">Qu\u2019est-ce qui vous a pouss\u00e9 \u00e0 aller au Darfour<\/span><span dir=\"rtl\" lang=\"AR-SA\">?<\/span><\/p>\n<p><span lang=\"FR\">Zouhir Latif: L\u2019absence presque totale de couverture du conflit par les m\u00e9dias et les ONG arabes. J\u2019ai voulu voir de mes propres yeux si les m\u00e9dias occidentaux exag\u00e9raient, comme on le dit souvent<\/span><span dir=\"rtl\" lang=\"AR-SA\">.<\/span><\/p>\n<p><span dir=\"rtl\" lang=\"AR-SA\">\u2013 <\/span><span lang=\"FR\">Et alors, ils exag\u00e8rent<\/span><span dir=\"rtl\" lang=\"AR-SA\">?<\/span><\/p>\n<p><span dir=\"rtl\" lang=\"AR-SA\">\u2013<\/span><span lang=\"FR\">Non, la r\u00e9alit\u00e9 est affreuse! Mais la plupart des m\u00e9dias occidentaux ne travaillent que par un angle: ils viennent du Tchad et filment les camps de d\u00e9plac\u00e9s. Or, il y a aussi la vie au Darfour: les gens se marient, font la f\u00eate, jouent au foot, vont au march\u00e9<\/span><span dir=\"rtl\" lang=\"AR-SA\">.<\/span><\/p>\n<p><span dir=\"rtl\" lang=\"AR-SA\">\u2013 <\/span><span lang=\"FR\">Comment avez-vous obtenu le visa, refus\u00e9 \u00e0 la plupart des journalistes<\/span><span dir=\"rtl\" lang=\"AR-SA\">?<\/span><\/p>\n<p><span dir=\"rtl\" lang=\"AR-SA\">\u2013<\/span><span lang=\"FR\">Au d\u00e9but, les autorit\u00e9s soudanaises voyaient d\u2019un bon \u0153il la pr\u00e9sence d\u2019un journaliste arabe, convaincues que le monde entier est contre elles et les musulmans \u2013 m\u00eame si le conflit du Darfour est intra-musulman et intra-sunnite. Mais, petit \u00e0 petit, j\u2019ai<span dir=\"rtl\"> <\/span>commenc\u00e9 \u00e0 g\u00eaner<\/span><span dir=\"rtl\" lang=\"AR-SA\">.<\/span><\/p>\n<p><span dir=\"rtl\" lang=\"AR-SA\">\u2013 <\/span><span>Pourquoi<span dir=\"rtl\" lang=\"AR-SA\">?<\/span><\/span><\/p>\n<p><span dir=\"rtl\" lang=\"AR-SA\">\u2013<\/span><span lang=\"FR\">J\u2019ai r\u00e9ussi \u00e0 entrer en contact avec presque tous les rebelles, soudanais et tchadiens. J\u2019ai montr\u00e9 qu\u2019une bonne partie des rebelles tchadiens se trouve sur le territoire soudanais et qu\u2019ils sont soutenus par Khartoum \u2013 qui a toujours ni\u00e9. Mahamat Nouri,<span dir=\"rtl\"> <\/span>l\u2019ex-ministre tchadien de la D\u00e9fense, et Timan Erdimi, le pr\u00e9sident de la coalition d\u2019opposition tchadienne, ont confirm\u00e9 devant ma cam\u00e9ra qu\u2019ils sont financ\u00e9s par le Soudan. J\u2019ai aussi montr\u00e9 que tous les Soudanais arabes ne soutiennent pas le r\u00e9gime. On<span dir=\"rtl\"> <\/span>sait que Khartoum essaie de convaincre les \u00abArabes\u00bb, majoritaires au Darfour, que les Bleus (les Africains) et la communaut\u00e9 internationale sont contre eux. Par mon travail au PAM, j\u2019ai prouv\u00e9 qu\u2019il n\u2019en \u00e9tait rien. J\u2019ai aussi film\u00e9 beaucoup de massacres.<span dir=\"rtl\"><\/span>J\u2019\u00e9tais le seul journaliste pr\u00e9sent lors de l\u2019attaque de Mouhajiriya, en f\u00e9vrier. J\u2019ai montr\u00e9 que les bombardements de l\u2019aviation militaire soudanaise ne ciblaient pas seulement les rebelles, mais aussi les civils. Ma plus grande crainte est que les films<span dir=\"rtl\"> <\/span>qu\u2019on m\u2019a confisqu\u00e9s soient utilis\u00e9s contre les t\u00e9moins et les victimes civiles du Darfour<\/span><span dir=\"rtl\" lang=\"AR-SA\">.<\/span><\/p>\n<p><span dir=\"rtl\" lang=\"AR-SA\">\u2013 <\/span><span lang=\"FR\">Que faut-il pour faire la paix au Darfour<\/span><span dir=\"rtl\" lang=\"AR-SA\">?<\/span><\/p>\n<p><span dir=\"rtl\" lang=\"AR-SA\">\u2013<\/span><span lang=\"FR\">Inclure la soci\u00e9t\u00e9 civile et les mouvements pacifistes et non discuter avec les plus forts militairement \u2013 les mouvements rebelles, qui sont des criminels. Et il ne peut y avoir de paix au Darfour sans une paix r\u00e9elle au Tchad<\/span><span dir=\"rtl\" lang=\"AR-SA\">.<\/span><\/p>\n<p><span dir=\"rtl\" lang=\"AR-SA\">\u2013 <\/span><span lang=\"FR\">Que va-t-il se passer maintenant<\/span><span dir=\"rtl\" lang=\"AR-SA\">?<\/span><\/p>\n<p><span lang=\"FR\">&#8211; Si la Cour p\u00e9nale internationale confirme le mandat d\u2019arr\u00eat contre le pr\u00e9sident Al-Bashir, le r\u00e9gime risque de trouver des excuses pour mettre \u00e0 la porte certaines ONG internationales. Mais, avec la crise financi\u00e8re, Khartoum ne peut plus tenir ses engagements envers les tribus des Janjaweed, qui ont commenc\u00e9 \u00e0 se r\u00e9volter. Le baril de p\u00e9trole est \u00e0 38 dollars aujourd\u2019hui, alors qu\u2019il \u00e9tait \u00e0 140 il y a encore six mois.<\/span><\/p>\n<p><b><span lang=\"FR\">(Source\u00a0: \u00ab\u00a0Le Temps\u00a0\u00bb (Quotidien \u2013 Suisse), le 4 mars 2009)<\/span><\/b><\/p>\n<p><\/font><\/div>\n<div>\u00a0<\/div>\n<div>\n<hr\/>\n<\/div>\n<p align=\"center\" dir=\"ltr\">\u00a0<\/p>\n<p align=\"center\" dir=\"ltr\">\n<h3 style=\"color: blue;\"><font face=\"Arial\" size=\"2\"><strong><b><a href=\"http:\/\/www.tunisnews.net\/\"><font face=\"Arial\"><span><font size=\"2\">Home<\/font><\/span><font size=\"2\"><span lang=\"FR-CH\"> &#8211; Accueil <\/span><span>&#8211; <\/span><\/font><\/font><span dir=\"rtl\" lang=\"AR-SA\"><font size=\"2\">\u0627\u0644\u0631\u0626\u064a\u0633\u064a\u0629<\/font><\/span><\/a><\/b><\/strong><\/font><\/h3>\n<\/p>\n<p><\/body><\/body><\/html><\/p>\n","protected":false},"excerpt":{"rendered":"<p>Home &#8211; Accueil TUNISNEWS 8\u00a0\u00e8me ann\u00e9e, N\u00b0\u00a03207 du 04.03.2009 \u00a0archives : www.tunisnews.net\u00a0\u00a0 AISPP: Ali Isba\u00ef, ex prisonnier politique, \u00e2g\u00e9 de 77 ans et citoyen de seconde zone Libert\u00e9 et Equit\u00e9: Nouvelles des libert\u00e9s en Tunisie Le comit\u00e9 de soutien de Me Abdelwaheb MAATAR: NON A LA REPRESSION PAR LA FISCALITE OLPEC: L\u2019avocat Mohamed Abbou encore [&hellip;]<\/p>\n","protected":false},"author":1,"featured_media":22040,"comment_status":"open","ping_status":"open","sticky":false,"template":"","format":"standard","meta":{"inline_featured_image":false,"site-sidebar-layout":"default","site-content-layout":"","ast-site-content-layout":"default","site-content-style":"default","site-sidebar-style":"default","ast-global-header-display":"","ast-banner-title-visibility":"","ast-main-header-display":"","ast-hfb-above-header-display":"","ast-hfb-below-header-display":"","ast-hfb-mobile-header-display":"","site-post-title":"","ast-breadcrumbs-content":"","ast-featured-img":"","footer-sml-layout":"","ast-disable-related-posts":"","theme-transparent-header-meta":"","adv-header-id-meta":"","stick-header-meta":"","header-above-stick-meta":"","header-main-stick-meta":"","header-below-stick-meta":"","astra-migrate-meta-layouts":"default","ast-page-background-enabled":"default","ast-page-background-meta":{"desktop":{"background-color":"","background-image":"","background-repeat":"repeat","background-position":"center center","background-size":"auto","background-attachment":"scroll","background-type":"","background-media":"","overlay-type":"","overlay-color":"","overlay-opacity":"","overlay-gradient":""},"tablet":{"background-color":"","background-image":"","background-repeat":"repeat","background-position":"center center","background-size":"auto","background-attachment":"scroll","background-type":"","background-media":"","overlay-type":"","overlay-color":"","overlay-opacity":"","overlay-gradient":""},"mobile":{"background-color":"","background-image":"","background-repeat":"repeat","background-position":"center center","background-size":"auto","background-attachment":"scroll","background-type":"","background-media":"","overlay-type":"","overlay-color":"","overlay-opacity":"","overlay-gradient":""}},"ast-content-background-meta":{"desktop":{"background-color":"var(--ast-global-color-5)","background-image":"","background-repeat":"repeat","background-position":"center center","background-size":"auto","background-attachment":"scroll","background-type":"","background-media":"","overlay-type":"","overlay-color":"","overlay-opacity":"","overlay-gradient":""},"tablet":{"background-color":"var(--ast-global-color-5)","background-image":"","background-repeat":"repeat","background-position":"center center","background-size":"auto","background-attachment":"scroll","background-type":"","background-media":"","overlay-type":"","overlay-color":"","overlay-opacity":"","overlay-gradient":""},"mobile":{"background-color":"var(--ast-global-color-5)","background-image":"","background-repeat":"repeat","background-position":"center center","background-size":"auto","background-attachment":"scroll","background-type":"","background-media":"","overlay-type":"","overlay-color":"","overlay-opacity":"","overlay-gradient":""}},"footnotes":""},"categories":[],"tags":[55,40,29],"class_list":["post-18166","post","type-post","status-publish","format-standard","has-post-thumbnail","hentry","tag-55","tag-40","tag-fr"],"_links":{"self":[{"href":"https:\/\/tunisnews.net\/ar\/wp-json\/wp\/v2\/posts\/18166","targetHints":{"allow":["GET"]}}],"collection":[{"href":"https:\/\/tunisnews.net\/ar\/wp-json\/wp\/v2\/posts"}],"about":[{"href":"https:\/\/tunisnews.net\/ar\/wp-json\/wp\/v2\/types\/post"}],"author":[{"embeddable":true,"href":"https:\/\/tunisnews.net\/ar\/wp-json\/wp\/v2\/users\/1"}],"replies":[{"embeddable":true,"href":"https:\/\/tunisnews.net\/ar\/wp-json\/wp\/v2\/comments?post=18166"}],"version-history":[{"count":0,"href":"https:\/\/tunisnews.net\/ar\/wp-json\/wp\/v2\/posts\/18166\/revisions"}],"wp:featuredmedia":[{"embeddable":true,"href":"https:\/\/tunisnews.net\/ar\/wp-json\/wp\/v2\/media\/22040"}],"wp:attachment":[{"href":"https:\/\/tunisnews.net\/ar\/wp-json\/wp\/v2\/media?parent=18166"}],"wp:term":[{"taxonomy":"category","embeddable":true,"href":"https:\/\/tunisnews.net\/ar\/wp-json\/wp\/v2\/categories?post=18166"},{"taxonomy":"post_tag","embeddable":true,"href":"https:\/\/tunisnews.net\/ar\/wp-json\/wp\/v2\/tags?post=18166"}],"curies":[{"name":"wp","href":"https:\/\/api.w.org\/{rel}","templated":true}]}}