{"id":18165,"date":"2008-08-13T00:00:00","date_gmt":"2008-08-13T00:00:00","guid":{"rendered":"https:\/\/tunisnews.net\/13-aout-2008\/"},"modified":"2008-08-13T00:00:00","modified_gmt":"2008-08-13T00:00:00","slug":"13-aout-2008","status":"publish","type":"post","link":"https:\/\/tunisnews.net\/ar\/13-aout-2008\/","title":{"rendered":"13 ao\u00fbt 2008"},"content":{"rendered":"<p><html><head><meta content=\"text\/html\" description=\"Les ONG soussign\u00e9es saisissent l\u2019occasion de la c\u00e9l\u00e9bration \n\tde la journ\u00e9e des droits des femmes consacr\u00e9es par le Code du Statut \n\tpersonnel (CSP) pour alerter l\u2019opinion publique ainsi que les autorit\u00e9s sur \n\tla d\u00e9rive sexiste qui prend une ampleur in\u00e9gal\u00e9e au sein des forces de \n\ts\u00e9curit\u00e9.\" http-equiv=\"Content-Type\"\/><\/head><body><body><\/p>\n<p align=\"center\" dir=\"ltr\"><font face=\"Arial\" size=\"2\"><b><a href=\"http:\/\/www.tunisnews.net\/\"><span>Home<\/span><span lang=\"FR-CH\"> &#8211; Accueil <\/span><\/a><\/b><\/font><\/p>\n<div><font face=\"Arial\" size=\"2\"><\/p>\n<div>\n<div><font face=\"Arial\" size=\"3\"><span lang=\"FR\"><\/p>\n<div align=\"center\" dir=\"ltr\"><font size=\"3\"><strong><font face=\"Arial\"><span lang=\"SV\">TUNISNEWS<\/span> <\/font><\/strong><\/font><\/div>\n<div align=\"center\" dir=\"ltr\"><strong><font size=\"2\"><\/p>\n<div>8\u00a0\u00e8me ann\u00e9e, <span lang=\"FR\">N\u00b0\u00a03004 du 13.08.2008 <\/span><\/div>\n<p><\/font><\/strong><\/div>\n<div align=\"center\" dir=\"ltr\"><span><font size=\"2\"><font>\u00a0<\/font><strong><font>archives<\/font> : <\/strong><\/font><a target=\"_blank\" rel=\"noopener\"><strong><font size=\"2\">www.tunisnews.net<\/font><\/strong><\/a><\/span><font size=\"2\"><font><strong>\u00a0<\/strong><\/font>\u00a0<\/font><span lang=\"FR\"><font size=\"2\"><span lang=\"FR\"><\/span><\/font><\/span><\/div>\n<p><\/span><\/font><\/div>\n<p><font size=\"2\"><span lang=\"FR\"><font size=\"3\"><\/p>\n<div><strong><\/p>\n<hr\/>\n<p><\/strong><font><span lang=\"FR\"><\/span><\/font><\/div>\n<p><\/font><\/span><\/font><span><\/span><\/div>\n<p><span><\/span><\/font><\/div>\n<div><span><font face=\"Times New Roman\" size=\"2\"><span lang=\"FR\"><strong>Les femmes d\u00e9fenseures cible des attaques sexistes de la police &#8211; Commun iqu\u00e9 commun <font>Libert\u00e9 et Equit\u00e9: F\u00eate de la femme <\/font>AISPP; V\u00e9rit\u00e9-Action: Campagne pour sauver la\u00a0 vie des prisonniers des deux d\u00e9cennies &#8211; Wahid Srairi <font>Lettre ouverte \u00e0 Mme Rama Yade au sujet de la situation en Tunisie<\/font><\/strong><\/span><\/font><\/span><\/div>\n<div><span><font face=\"Times New Roman\" size=\"2\"><span lang=\"FR\"><strong><font><\/p>\n<div>\n<p><font><font face=\"Arial\" size=\"2\">Lettre ouverte \u00e0 Rama Yade au sujet de M. Ess&rsquo;ghaier Belkhiri tunisien de Nantes<\/font> <font>Le Figaro: PS : Sous le soleil tunisien, Delano\u00eb \u00e9labore une strat\u00e9gie <\/font>Hend Harouni: Tunisian Woman Day Feast <font>AFP: Mauritanie: le putsch probablement soutenu par l&rsquo;Occident, selon Al-Qa\u00efda (site internet)<\/font> AFP: L&rsquo;UE met en garde la junte en Mauritanie contre un risque d'\u00a0\u00bbisolement\u00a0\u00bb <font>Jeune Afrique: Mauritanie &#8211;\u00a0 Mohamed Ould Abdelaziz : \u00ab Nous avons \u00e9t\u00e9 contraints de prendre le pouvoir \u00bb<\/font> Jeune Afrique: Les intellectuels arabes et l\u2019\u00c9tat de droit<\/font><\/p>\n<p><font face=\"Arial\" size=\"2\"><\/font><\/div>\n<p><\/font><\/strong><\/span><\/font><\/span><\/div>\n<p><span><\/p>\n<p><font><span lang=\"FR\"><strong><\/p>\n<div>\n<hr\/>\n<\/div>\n<p><\/strong><\/p>\n<div><font>\u00a0<\/font><\/div>\n<div align=\"justify\">\n<p align=\"right\"><span lang=\"FR\">Tunis le 13 ao\u00fbt 2008<\/span><\/p>\n<p><span lang=\"FR\">\u00a0<\/span><\/p>\n<p align=\"center\"><b><span lang=\"FR\"><\/p>\n<h2 style=\"color: red;\"><font size=\"3\">Les femmes d\u00e9fenseures cible des attaques sexistes de la police<\/font><\/h2>\n<p><\/span><\/b><\/p>\n<p><span lang=\"FR\">\u00a0<\/span><\/p>\n<p><span lang=\"FR\">Les ONG soussign\u00e9es saisissent l\u2019occasion de la c\u00e9l\u00e9bration de la journ\u00e9e des droits des femmes consacr\u00e9es par le Code du Statut personnel (CSP) pour alerter l\u2019opinion publique ainsi que les autorit\u00e9s sur la d\u00e9rive sexiste qui prend une ampleur in\u00e9gal\u00e9e au sein des forces de s\u00e9curit\u00e9.<\/span><\/p>\n<p><span lang=\"FR\">-Elles sont particuli\u00e8rement choqu\u00e9es par les menaces de viol et le harc\u00e8lement sexuel dont a fait l\u2019objet Zakia Dhifaoui, membre de la LTDH, de l\u2019ALT et du FDTL, au cours de sa garde \u00e0 vue dans les locaux de la police \u00e0 Gafsa, et que le tribunal a refus\u00e9 de consigner durant sa premi\u00e8re comparution le 29 juillet dernier.<\/span><\/p>\n<p><span lang=\"FR\">&#8211; Elles notent la recrudescence des agressions verbales \u00e0 caract\u00e8re sexiste dans plusieurs occasions o\u00f9 la police attaque des d\u00e9fenseurs lors de l\u2019exercice de leurs droits \u00e9l\u00e9mentaires au rassemblement, \u00e0 l\u2019expression et \u00e0 la r\u00e9union. Et o\u00f9 les femmes sont syst\u00e9matiquement trait\u00e9es de prostitu\u00e9es.<\/span><\/p>\n<p><span lang=\"FR\">&#8211; Le recours \u00e0 ce dictionnaire riche en vulgarit\u00e9s a \u00e9galement \u00e9t\u00e9 constat\u00e9 sur les colonnes des journaux aux ordres en plusieurs occasions et dont la cible \u00e9taient des symboles de la soci\u00e9t\u00e9 civile, en toute impunit\u00e9\u2026Des sites Internet d\u00e9di\u00e9s \u00e0 l\u2019insulte et la diffamation des femmes et hommes d\u00e9fenseurs et opposants se sont multipli\u00e9s et ne subissent, \u00e9videmment pas, la censure qu\u2019affrontent les sites d\u00e9di\u00e9s \u00e0 la libert\u00e9 d\u2019expression.<\/span><\/p>\n<p><span lang=\"FR\">&#8211; Des photo- montages et des cassettes vid\u00e9os \u00e0 caract\u00e8re pornographique ont \u00e9t\u00e9 fabriqu\u00e9s par les services sp\u00e9ciaux en vue d\u2019atteindre \u00e0 l\u2019honneur des femmes et hommes d\u00e9fenseurs et de provoquer des dissensions au sein de ces couples.<\/span><\/p>\n<p><span lang=\"FR\">\u00a0<\/span><\/p>\n<p><span lang=\"FR\">Les ONG soussign\u00e9es demandent aux autorit\u00e9s publiques de veiller \u00e0 ce que ces attaques sexistes cessent et que la loi sur les bonnes m\u0153urs soit rigoureusement appliqu\u00e9e aux forces de s\u00e9curit\u00e9.<\/span><\/p>\n<p><span lang=\"FR\">Elles exigent la lib\u00e9ration imm\u00e9diate de Zakia Dhifaoui, jug\u00e9e pour avoir exerc\u00e9 son droit fondamental \u00e0 la libre expression.<\/span><\/p>\n<\/div>\n<div align=\"justify\"> <strong><font>Ligue Tunisienne de d\u00e9fense des droits de l\u2019homme Association tunisienne des Femmes D\u00e9mocrates Conseil National pour les libert\u00e9s en Tunisie Observatoire de la libert\u00e9 de presse, d\u2019\u00e9dition et de cr\u00e9ation Amicale des anciens r\u00e9sistants Association tunisienne de lutte contre la torture<\/font><\/strong><\/div>\n<div>\n<hr\/>\n<\/div>\n<div><font><\/p>\n<div align=\"center\">Sauvez la vie du prisonnier politique et ing\u00e9nieur Ridha Boukadi <strong><font>Libert\u00e9 et Equit\u00e9<\/font><\/strong> Organisation de droits de l\u2019homme ind\u00e9pendante 33 rue Mokhtar Atya, 1001 Tunis Tel\/fax: 71 340 860 Adresse \u00e9lectronique: liberte.equite@gmail.com Tunis, le 12 ao\u00fbt 2008<\/div>\n<div> Ces derniers temps, les pers\u00e9cutions contre les militants politiques, sociaux ou des droits de l\u2019homme , se sont intensifi\u00e9es, comme le traduisent les proc\u00e8s successifs de Gafsa (le bassin minier), du groupe de Bizerte, et la poursuite des arrestations et des proc\u00e8s visant la jeunesse pieuse, sans compter l\u2019attaque g\u00e9n\u00e9rales des correspondances \u00e9lectroniques. A la veille de la c\u00e9l\u00e9bration de la f\u00eate officielle de la femme, nous enregistrons ces faits saillants : le proc\u00e8s de Zakia Dhifaoui, une militante politique, a \u00e9t\u00e9 report\u00e9 au 14 ao\u00fbt \u00e0 Gafsa et Mariam Ben Salem Zouaghi (22 ans) est emprisonn\u00e9e \u00e0 la Mannouba pour avoir surf\u00e9 sur le net. [\u2026] Pour le bureau ex\u00e9cutif de l\u2019organisation La charg\u00e9e du dossier des prisonniers <strong><font>Za\u00efneb Chebli<\/font><\/strong> <font>(traduction d\u2019extraits ni revue ni corrig\u00e9e par les auteurs de la version originale, LT) \u00a0<\/font><\/div>\n<p><\/font><\/div>\n<p><font><\/p>\n<div>\n<hr\/>\n<\/div>\n<div align=\"center\"><strong><font>Association internationale de soutien aux prisonniers politiques<\/font><\/strong><\/div>\n<div align=\"center\">43, Rue Al-Jazeera Tunis\u00a0 \u00a0 <strong><font>V\u00e9rit\u00e9-Action<\/font><\/strong><\/div>\n<div align=\"center\">Case postale 1569\u00a0  CH &#8211; 1701\u00a0 Fribourg, Suisse\u00a0\u00a0\u00a0  T\u00e9l: ++41 79 703 26 11\u00a0\u00a0  Fax: ++41 21 625 77 20\u00a0\u00a0  Email. info@verite-action.org \u00a0\u00a0\u00a0\u00a0\u00a0\u00a0\u00a0\u00a0\u00a0\u00a0 \u00a0<strong><\/p>\n<h2 style=\"color: red;\"><font size=\"3\">Campagne pour sauver la\u00a0 vie des prisonniers des deux d\u00e9cennies:<\/font><\/h2>\n<p><\/strong> \u00a0 Pour mettre fin \u00e0 la politique de la mort lente: \u00a0 <\/p>\n<h2 style=\"color: red;\"><font size=\"3\"><strong>15- Wahid Srairi<\/strong><\/font><\/h2>\n<\/div>\n<div align=\"justify\"> Prison \u00e0 perp\u00e9tuit\u00e9+3 maladies chroniques  + des d\u00e9placements abusifs entre 11 prisons = Souffrance sans limite..! \u00a0 Nom et Pr\u00e9nom : Wahid Srairi \u00a0 Date de naissance : 12\/03\/1967 \u00a0 Date d\u2019emprisonnement : 3 mars 1991  \u00a0 Niveau scolaire : \u00e9tudes secondaires \u00a0 Profession : commer\u00e7ant \u00a0 Etat civil : c\u00e9libataire \u00a0 Peine : A perp\u00e9tuit\u00e9 \u00a0 Etat de sant\u00e9 : Rhumatisme, ulc\u00e8re, migraine \u00a0 Lieu d\u2019emprisonnement actuel : Prison civile d\u2019Ennadhour, Bizerte \u00a0 Anciennes Prisons : Tunis, Bizerte, Ennadhour, Sfax, Mahdia, Kairouan, Sousse, Mornaguia, Gab\u00e8s, El Kef, Gafsa. \u00a0 Coordonn\u00e9es de la famille : cit\u00e9 Mellassine, Tunis \u00a0 Pour \u00e9crire \u00e0 Wahid Srairi : Prison civile d\u2019Ennadhour, Bizerte, Tunisie  \u00a0 \u00a0 Appel \u00e0 tous ceux qui sont touch\u00e9s par la souffrance des \u00ab prisonniers des deux d\u00e9cennies \u00bb: Faites connaitre la souffrance de ces prisonniers &#8230; Envoyez des lettres, des mots, publiez des articles &#8230; Ecrivez aux autorit\u00e9s tunisiennes &#8230; Appelez les familles des prisonniers pour les soutenir &#8230; Aidez leurs femmes et enfants &#8230; Pour qu&rsquo;on ne dise pas qu&rsquo;on ne le savait pas.<\/div>\n<p><\/font><\/p>\n<div>\n<hr\/>\n<\/div>\n<div>\u00a0<\/div>\n<div><font><\/p>\n<p><span lang=\"FR\">Paris, le 13 ao\u00fbt 2008<\/span><\/p>\n<p><span lang=\"FR\">\u00a0<\/span><\/p>\n<p><b><span lang=\"FR\">Mme Rama Yade<\/span><\/b><\/p>\n<p><span lang=\"FR\">Secr\u00e9taire d&rsquo;\u00c9tat aupr\u00e8s du ministre des Affaires \u00e9trang\u00e8res, charg\u00e9e des affaires \u00e9trang\u00e8res et des droits de l&rsquo;Homme<\/span><\/p>\n<p><span lang=\"FR\">\u00a0<\/span><\/p>\n<p><span lang=\"FR\">\u00a0<\/span><\/p>\n<p><span lang=\"FR\">\u00a0<\/span><\/p>\n<p><b><span lang=\"FR\">Objet\u00a0: <font size=\"3\">Lettre ouverte.<\/font><\/span><\/b><\/p>\n<p><span lang=\"FR\">\u00a0<\/span><\/p>\n<p><span lang=\"FR\">Madame la ministre,<\/span><\/p>\n<p><span lang=\"FR\">Nous avons l\u2019honneur de nous adresser \u00e0 vous, par la pr\u00e9sente, afin de vous informer et de solliciter votre r\u00e9action \u00e0 la suite d\u2019\u00e9v\u00e8nements graves qui se d\u00e9roulent en Tunisie.<\/span><\/p>\n<p><span lang=\"FR\">Vous n\u2019\u00eates pas sans savoir que la r\u00e9gion du Bassin minier de Gafsa, dans le sud de la Tunisie, conna\u00eet depuis le d\u00e9but de l\u2019ann\u00e9e un mouvement social d\u2019une rare ampleur. Il s\u2019agit d\u2019une r\u00e9gion socialement sinistr\u00e9e dont la population souffre d\u2019un ch\u00f4mage end\u00e9mique, de grande pauvret\u00e9 et des effets d\u00e9vastateurs de la corruption et du n\u00e9potisme. Face aux manifestations pacifiques quotidiennes mobilisant toutes les cat\u00e9gories de la population, les autorit\u00e9s tunisiennes ont pr\u00e9f\u00e9r\u00e9 la politique du pire, celle de la r\u00e9pression tous azimuts et de la terreur\u00a0: tirs \u00e0 balles r\u00e9elles ayant caus\u00e9 la mort d\u2019un jeune et bless\u00e9 26 autres personnes, si\u00e8ge policier et militaire de la r\u00e9gion, simulacres de proc\u00e8s; le tout doubl\u00e9 d\u2019un black out total sur les \u00e9v\u00e9nements dans les moyens d\u2019information officiels.<\/span><\/p>\n<p><span lang=\"FR\">\u00a0\u00a0\u00a0\u00a0\u00a0\u00a0\u00a0\u00a0\u00a0\u00a0\u00a0 A l\u2019heure qu\u2019il est, des dizaines de syndicalistes, de jeunes, de citoyens croupissent dans les prisons de la r\u00e9gion et ailleurs, condamn\u00e9s \u00e0 de lourdes peines ou en attentes d\u2019\u00eatre jug\u00e9s.<\/span><\/p>\n<p><span lang=\"FR\">Malgr\u00e9 tous ses efforts pour isoler la population du bassin minier, le pouvoir tunisien n\u2019a pas pu emp\u00eacher l\u2019\u00e9lan de solidarit\u00e9 avec la population du Bassin minier dans tous le pays ainsi que dans les milieux de l\u2019\u00e9migration tunisienne.<\/span><\/p>\n<p><span lang=\"FR\">Parmi les manifestations de solidarit\u00e9, celles des immigr\u00e9s tunisiens r\u00e9sidant dans la ville de Nantes et alentours, ont \u00e9t\u00e9 parmi les plus impressionnantes de constance et de maturit\u00e9. Il s\u2019agit en effet, en majorit\u00e9 d\u2019immigr\u00e9s originaires de la ville mini\u00e8re de Redeyef, situ\u00e9e au c\u0153ur du bassin phosphatier. Mobilis\u00e9s pour soutenir pacifiquement leurs proches dans la d\u00e9tresse, les Tunisiens de Nantes ont eu recours aux droits que leur<s>s<\/s> permettaient les lois de la R\u00e9publique et b\u00e9n\u00e9fici\u00e9 des autorisations l\u00e9gales pour organiser leurs manifestations. Cet \u00e9lan spontan\u00e9 et affectif n\u2019a rien d\u2019un complot d\u2019opposants politiques comme veut le faire accroire le r\u00e9gime tunisien.<\/span><\/p>\n<p><span lang=\"FR\">Pourtant, M. Ess&rsquo;ghaier Belkhiri, 29 ans, originaire de Redeyef et r\u00e9sident \u00e0 Nantes,\u00a0a \u00e9t\u00e9 arr\u00eat\u00e9 le vendredi 01 aout 2008 \u00e0 son arriv\u00e9e au port de la Goulette en Tunisie. Il a, ensuite, \u00e9t\u00e9 transf\u00e9r\u00e9 \u00e0 Gafsa o\u00f9 il a comparu, le lundi 04 ao\u00fbt 2008, devant le\u00a0 juge d&rsquo;instruction au tribunal de premi\u00e8re instance de Gafsa qui a ordonn\u00e9 son incarc\u00e9ration. Poursuivi pour sa solidarit\u00e9 avec la lutte des populations du bassin minier, il est accus\u00e9, tout bonnement de \u00ab\u00a0<i>financement de r\u00e9bellion\u00a0\u00bb<\/i>. Un acte de solidarit\u00e9 est ainsi transform\u00e9 en un crime passible de 20 ans de prison. Tout se passe comme si l\u2019\u00e9tat de non-droit qui s\u00e9vit en Tunisie s\u2019\u00e9tend au pays de droit qu\u2019est la France o\u00f9 la libert\u00e9 de manifester est garantie, et o\u00f9, en l\u2019occurrence, elle a \u00e9t\u00e9 l\u00e9galement sollicit\u00e9e et obtenue, comme nous continuons \u00e0 le croire. Libert\u00e9 de ce c\u00f4t\u00e9-ci de la M\u00e9diterran\u00e9e , crime au-del\u00e0\u00a0?<\/span><\/p>\n<p><span lang=\"FR\">Est-il besoin de rappeler la situation d\u00e9plorable des droits de l\u2019Homme en Tunisie et la paralysie quasi-totale des activit\u00e9s de la LTDH que vous connaissez bien, Madame la ministre.<\/span><\/p>\n<p><span lang=\"FR\">Vous \u00eates, sans doute moins au courant des contr\u00f4les, tracasseries et intimidations de toutes sortes de la part des officines du pouvoir tunisien subis par les citoyens tunisiens r\u00e9sidant en France comme l\u2019illustre le cas de M. Ess&rsquo;ghaier Belkhiri et d\u2019autres des compatriotes r\u00e9sidant dans la r\u00e9gion nantaise qui ont fait l\u2019objet de menaces \u00e0 leur retour en Tunisie. Les pr\u00e9c\u00e9dents ne manquent pas comme celui de M. Kamel Jendoubi, pr\u00e9sident du REMDH et ancien pr\u00e9sident de la FTCR , priv\u00e9 arbitrairement de son passeport tunisien depuis plusieurs ann\u00e9es.<\/span><\/p>\n<p><span lang=\"FR\">\u00a0En nous adressant \u00e0 vous qui \u00eates en charge des droits de l\u2019Hommes au pays \u00e9ponyme, nous sommes convaincus que la situation de ces droits en Tunisie ne vous laisse pas indiff\u00e9rente. <\/span><\/p>\n<p><span lang=\"FR\">Nous attendons de vous, Madame la ministre, une intervention ferme pour la lib\u00e9ration du jeune Ess&rsquo;ghaier Belkhiri et la lev\u00e9e des accusations qui p\u00e8sent sur lui.<\/span><\/p>\n<p><span lang=\"FR\">Certes, Madame la ministre, nous avons \u00e9t\u00e9 \u00e9chaud\u00e9s, et pour tout dire d\u00e9\u00e7us par les d\u00e9clarations du Pr\u00e9sident de la R\u00e9publique \u00e0 propos de la situation des droits de l\u2019Homme, lors de sa visite en Tunisie. Nous mettrons cela sur le compte des subtilit\u00e9s et des servitudes de la diplomatie et osons esp\u00e9rer, cette fois-ci, une prise de position claire de votre part qui dissipera tout malentendu. <\/span><\/p>\n<p><span lang=\"FR\">Veuillez agr\u00e9er, Madame la ministre, l\u2019expression de notre haute consid\u00e9rations.<\/span><\/p>\n<p><span lang=\"FR\">\u00a0<\/span><\/p>\n<table border=\"0\" cellpadding=\"0\" cellspacing=\"0\">\n<tr>\n<td valign=\"top\" width=\"281\">\n<p><b><span><font>Jean-Pierre Dubois<\/font><\/span><\/b><\/p>\n<p><span>Pr\u00e9sident de la Ligue Fran\u00e7aise des Droits de l\u2019Homme LDH<\/span><\/p>\n<p><span>\u00a0<\/span><\/p>\n<\/td>\n<td valign=\"top\" width=\"38\">\n<p><span>\u00a0<\/span><\/p>\n<\/td>\n<td valign=\"top\" width=\"255\">\n<p><b><span><font>Fouzia Maqsoud<\/font><\/span><\/b><\/p>\n<p><span>Pr\u00e9sidente de l&rsquo;Association des Travailleurs Maghr\u00e9bins en France ATMF<\/span><\/p>\n<p><span>\u00a0<\/span><\/p>\n<\/td>\n<\/tr>\n<tr>\n<td valign=\"top\" width=\"281\">\n<p><b><span><font>Mouhieddine Cherbib<\/font><\/span><\/b><\/p>\n<p><span>Pr\u00e9sident de la F\u00e9d\u00e9ration des Tunisien-ne-s pour une Citoyennet\u00e9 des deux Rives FTCR<\/span><\/p>\n<p><span>\u00a0<\/span><\/p>\n<\/td>\n<td valign=\"top\" width=\"38\">\n<p><span>\u00a0<\/span><\/p>\n<\/td>\n<td valign=\"top\" width=\"255\">\n<p><b><span><font>Kamel Jendoubi<\/font><\/span><\/b><\/p>\n<p><span>Pr\u00e9sident du Comit\u00e9 pour le Respect des Libert\u00e9s et des Droits de l&rsquo;Homme en Tunisie CRLDHT<\/span><\/p>\n<\/td>\n<\/tr>\n<\/table>\n<p><span>\u00a0<\/span><\/p>\n<p><span><\/p>\n<p>\u00a0<\/p>\n<hr\/>\n<p>\u00a0<\/p>\n<p><span lang=\"EN-GB\">Paris, le 13 ao\u00fbt 2008<\/span><\/p>\n<p><span lang=\"EN-GB\">\u00a0<\/span><\/p>\n<p><b><span lang=\"EN-GB\">Mme Rama Yade<\/span><\/b><\/p>\n<p><span lang=\"EN-GB\">Secr\u00e9taire d&rsquo;\u00c9tat aupr\u00e8s du ministre des Affaires \u00e9trang\u00e8res, charg\u00e9e des affaires \u00e9trang\u00e8res et des droits de l&rsquo;Homme<\/span><\/p>\n<p><span lang=\"EN-GB\">\u00a0<\/span><\/p>\n<p><span lang=\"EN-GB\">\u00a0<\/span><\/p>\n<p><span lang=\"EN-GB\">\u00a0<\/span><\/p>\n<p><b><span lang=\"EN-GB\">Objet\u00a0: Lettre ouverte. : <\/span><\/b><\/p>\n<p><b><span lang=\"EN-GB\">M. Ess&rsquo;ghaier Belkhiri, 29 ans, originaire de Redeyef et r\u00e9sident \u00e0 Nantes,\u00a0a \u00e9t\u00e9 arr\u00eat\u00e9 le vendredi 01 aout 2008 \u00e0 son arriv\u00e9e au port de la Goulette en Tunisie<\/span><\/b><\/p>\n<p><span lang=\"EN-GB\">\u00a0<\/span><\/p>\n<p><span lang=\"EN-GB\">Madame la ministre,<\/span><\/p>\n<p><span lang=\"EN-GB\">Nous avons l\u2019honneur de nous adresser \u00e0 vous, par la pr\u00e9sente, afin de vous informer et de solliciter votre r\u00e9action \u00e0 la suite d\u2019\u00e9v\u00e8nements graves qui se d\u00e9roulent en Tunisie.<\/span><\/p>\n<p><span>Vous n\u2019\u00eates pas sans savoir que la r\u00e9gion du Bassin minier de Gafsa, dans le sud de la Tunisie, conna\u00eet depuis le d\u00e9but de l\u2019ann\u00e9e un mouvement social d\u2019une rare ampleur. Il s\u2019agit d\u2019une r\u00e9gion socialement sinistr\u00e9e dont la population souffre d\u2019un ch\u00f4mage end\u00e9mique, de grande pauvret\u00e9 et des effets d\u00e9vastateurs de la corruption et du n\u00e9potisme. Face aux manifestations pacifiques quotidiennes mobilisant toutes les cat\u00e9gories de la population, les autorit\u00e9s tunisiennes ont pr\u00e9f\u00e9r\u00e9 la politique du pire, celle de la r\u00e9pression tous azimuts et de la terreur\u00a0: tirs \u00e0 balles r\u00e9elles ayant caus\u00e9 la mort d\u2019un jeune et bless\u00e9 26 autres personnes, si\u00e8ge policier et militaire de la r\u00e9gion, simulacres de proc\u00e8s; le tout doubl\u00e9 d\u2019un black out total sur les \u00e9v\u00e9nements dans les moyens d\u2019information officiels.<\/span><\/p>\n<p><span>\u00a0\u00a0\u00a0\u00a0\u00a0\u00a0\u00a0\u00a0\u00a0\u00a0\u00a0 A l\u2019heure qu\u2019il est, des dizaines de syndicalistes, de jeunes, de citoyens croupissent dans les prisons de la r\u00e9gion et ailleurs, condamn\u00e9s \u00e0 de lourdes peines ou en attentes d\u2019\u00eatre jug\u00e9s.<\/span><\/p>\n<p><span>Malgr\u00e9 tous ses efforts pour isoler la population du bassin minier, le pouvoir tunisien n\u2019a pas pu emp\u00eacher l\u2019\u00e9lan de solidarit\u00e9 avec la population du Bassin minier dans tous le pays ainsi que dans les milieux de l\u2019\u00e9migration tunisienne.<\/span><\/p>\n<p><span>Parmi les manifestations de solidarit\u00e9, celles des immigr\u00e9s tunisiens r\u00e9sidant dans la ville de Nantes et alentours, ont \u00e9t\u00e9 parmi les plus impressionnantes de constance et de maturit\u00e9. Il s\u2019agit en effet, en majorit\u00e9 d\u2019immigr\u00e9s originaires de la ville mini\u00e8re de Redeyef, situ\u00e9e au c\u0153ur du bassin phosphatier. Mobilis\u00e9s pour soutenir pacifiquement leurs proches dans la d\u00e9tresse, les Tunisiens de Nantes ont eu recours aux droits que leur<s>s<\/s> permettaient les lois de la R\u00e9publique et b\u00e9n\u00e9fici\u00e9 des autorisations l\u00e9gales pour organiser leurs manifestations. <\/span><span lang=\"EN-GB\">Cet \u00e9lan spontan\u00e9 et affectif n\u2019a rien d\u2019un complot d\u2019opposants politiques comme veut le faire accroire le r\u00e9gime tunisien.<\/span><\/p>\n<p><strong><span lang=\"EN-GB\">Pourtant, M. Ess&rsquo;ghaier Belkhiri, 29 ans, originaire de Redeyef et r\u00e9sident \u00e0 Nantes,\u00a0a \u00e9t\u00e9 arr\u00eat\u00e9 le vendredi 01 aout 2008 \u00e0 son arriv\u00e9e au port de la Goulette en Tunisie. Il a, ensuite, \u00e9t\u00e9 transf\u00e9r\u00e9 \u00e0 Gafsa o\u00f9 il a comparu, le lundi 04 ao\u00fbt 2008, devant le\u00a0 juge d&rsquo;instruction au tribunal de premi\u00e8re instance de Gafsa qui a ordonn\u00e9 son incarc\u00e9ration. Poursuivi pour sa solidarit\u00e9 avec la lutte des populations du bassin minier, il est accus\u00e9, tout bonnement de \u00ab\u00a0<i>financement de r\u00e9bellion\u00a0\u00bb<\/i>. Un acte de solidarit\u00e9 est ainsi transform\u00e9 en un crime passible de 20 ans de prison. Tout se passe comme si l\u2019\u00e9tat de non-droit qui s\u00e9vit en Tunisie s\u2019\u00e9tend au pays de droit qu\u2019est la France o\u00f9 la libert\u00e9 de manifester est garantie, et o\u00f9, en l\u2019occurrence, elle a \u00e9t\u00e9 l\u00e9galement sollicit\u00e9e et obtenue, comme nous continuons \u00e0 le croire. <\/span><span>Libert\u00e9 de ce c\u00f4t\u00e9-ci de la M\u00e9diterran\u00e9e , crime au-del\u00e0\u00a0?<\/span><\/strong><\/p>\n<p><span>Est-il besoin de rappeler la situation d\u00e9plorable des droits de l\u2019Homme en Tunisie et la paralysie quasi-totale des activit\u00e9s de la LTDH que vous connaissez bien, Madame la ministre.<\/span><\/p>\n<p><span>Vous \u00eates, sans doute moins au courant des contr\u00f4les, tracasseries et intimidations de toutes sortes de la part des officines du pouvoir tunisien subis par les citoyens tunisiens r\u00e9sidant en France comme l\u2019illustre le cas de M. Ess&rsquo;ghaier Belkhiri et d\u2019autres des compatriotes r\u00e9sidant dans la r\u00e9gion nantaise qui ont fait l\u2019objet de menaces \u00e0 leur retour en Tunisie. Les pr\u00e9c\u00e9dents ne manquent pas comme celui de M. Kamel Jendoubi, pr\u00e9sident du REMDH et ancien pr\u00e9sident de la FTCR , priv\u00e9 arbitrairement de son passeport tunisien depuis plusieurs ann\u00e9es.<\/span><\/p>\n<p><span>\u00a0En nous adressant \u00e0 vous qui \u00eates en charge des droits de l\u2019Hommes au pays \u00e9ponyme, nous sommes convaincus que la situation de ces droits en Tunisie ne vous laisse pas indiff\u00e9rente. <\/span><\/p>\n<p><span>Nous attendons de vous, Madame la ministre, une intervention ferme pour la lib\u00e9ration du jeune Ess&rsquo;ghaier Belkhiri et la lev\u00e9e des accusations qui p\u00e8sent sur lui.<\/span><\/p>\n<p><span>Certes, Madame la ministre, nous avons \u00e9t\u00e9 \u00e9chaud\u00e9s, et pour tout dire d\u00e9\u00e7us par les d\u00e9clarations du Pr\u00e9sident de la R\u00e9publique \u00e0 propos de la situation des droits de l\u2019Homme, lors de sa visite en Tunisie. Nous mettrons cela sur le compte des subtilit\u00e9s et des servitudes de la diplomatie et osons esp\u00e9rer, cette fois-ci, une prise de position claire de votre part qui dissipera tout malentendu. <\/span><\/p>\n<p><span lang=\"EN-GB\">Veuillez agr\u00e9er, Madame la ministre, l\u2019expression de notre haute consid\u00e9rations.<\/span><\/p>\n<p><span lang=\"EN-GB\">\u00a0<\/span><\/p>\n<p>\u00a0<\/p>\n<table border=\"0\" cellpadding=\"0\" cellspacing=\"0\">\n<tr>\n<td valign=\"top\" width=\"281\">\n<p><font><b><span>Jean-Pierre Dubois<\/span><\/b><\/font><\/p>\n<p><span>Pr\u00e9sident de la Ligue Fran\u00e7aise des Droits de l\u2019Homme LDH<\/span><\/p>\n<p><span>\u00a0<\/span><\/p>\n<\/td>\n<td valign=\"top\" width=\"38\">\n<p><span>\u00a0<\/span><\/p>\n<\/td>\n<td valign=\"top\" width=\"255\">\n<p><b><span><font>Fouzia Maqsoud<\/font><\/span><\/b><\/p>\n<p><span>Pr\u00e9sidente de l&rsquo;Association des Travailleurs Maghr\u00e9bins de France ATMF<\/span><\/p>\n<p><span>\u00a0<\/span><\/p>\n<\/td>\n<\/tr>\n<tr>\n<td valign=\"top\" width=\"281\">\n<p><b><span><font>Mouhieddine Cherbib<\/font><\/span><\/b><\/p>\n<p><span>Pr\u00e9sident de la F\u00e9d\u00e9ration des Tunisien-ne-s pour une Citoyennet\u00e9 des deux Rives FTCR<\/span><\/p>\n<p><span>\u00a0<\/span><\/p>\n<\/td>\n<td valign=\"top\" width=\"38\">\n<p><span>\u00a0<\/span><\/p>\n<\/td>\n<td valign=\"top\" width=\"255\">\n<p><b><span><font>Kamel Jendoubi<\/font><\/span><\/b><\/p>\n<p><span>Pr\u00e9sident du Comit\u00e9 pour le Respect des Libert\u00e9s et des Droits de l&rsquo;Homme en Tunisie CRLDHT<\/span><\/p>\n<\/td>\n<\/tr>\n<\/table>\n<p>\u00a0<\/p>\n<p><span>\u00a0<\/span><\/p>\n<p>\u00a0<\/p>\n<p>\u00a0<\/p>\n<p>\u00a0<\/p>\n<p>\u00a0<\/p>\n<p><\/span><\/font><\/div>\n<div>\n<hr\/>\n<\/div>\n<div>\u00a0<\/div>\n<div><font><\/p>\n<div align=\"center\"><font size=\"2\"><strong><\/p>\n<h2 style=\"color: red;\"><font size=\"3\">PS : Sous le soleil tunisien, Delano\u00eb \u00e9labore une strat\u00e9gie<\/font><\/h2>\n<p><\/strong><\/font><\/div>\n<div align=\"justify\"> <strong><font>Nicolas Barotte <\/font><\/strong>12\/08\/2008 | Mise \u00e0 jour : 21:12 |  . <strong>DEVOIRS DE VACANCES (7) &#8211; Le maire de Paris passe ses vacances dans la ville de son enfance, Bizerte, en Tunisie. <\/strong> Revenir de Bizerte. L\u00e0-bas, en Tunisie o\u00f9 il a pass\u00e9 son enfance, Bertrand Delano\u00eb retrouve ses ressources. Alors, lorsqu&rsquo;il est en France, le maire de Paris y songe souvent. C&rsquo;est l\u00e0-bas, dit-il, que sa raison a bascul\u00e9 \u00e0 gauche, \u00e0 l&rsquo;\u00e9poque de la d\u00e9colonisation. \u00abLorsque je me rase le matin, je pense \u00e0 Bizerte\u00bb, r\u00e9pond-il aux journalistes qui l&rsquo;interrogeaient, l&rsquo;ann\u00e9e derni\u00e8re, sur ses ambitions politiques. Bertrand Delano\u00eb aime sa singularit\u00e9. \u00abJe suis libre par rapport aux apparences du pouvoir\u00bb, se pla\u00eet-il \u00e0 dire pour souligner une \u00abdiff\u00e9rence\u00bb avec d&rsquo;autres responsables politiques. Comme chaque ann\u00e9e, il passe donc ses vacances \u00e0 Bizerte. Mais quand il est l\u00e0-bas, il pense quand m\u00eame \u00e0 la France et \u00e0 la politique. \u00abL&rsquo;ann\u00e9e derni\u00e8re, j&rsquo;ai r\u00e9fl\u00e9chi, durant l&rsquo;\u00e9t\u00e9, \u00e0 ma candidature \u00e0 la mairie de Paris, confiait-il, en juin. Je savais que c&rsquo;\u00e9tait la derni\u00e8re occasion pour moi de retrouver une activit\u00e9 professionnelle.\u00bb \u00c0 mi-chemin dans sa r\u00e9flexion, il t\u00e9l\u00e9phone \u00e0 son plus proche conseiller, Laurent Fary. Pendant une demi-heure, le maire de Paris lui explique comment il pourrait ne pas \u00eatre candidat, mais s&rsquo;investir n\u00e9anmoins dans l&rsquo;\u00e9quipe, derri\u00e8re Anne Hidalgo. \u00abLaurent a \u00e9clat\u00e9 de rire\u00bb, raconte Bertrand Delano\u00eb, pas dupe de ses propres faux-semblants. \u00abJe ne cesserai jamais d&rsquo;aimer Bizerte. Mais, dans ma vie, il y a aussi l&rsquo;envie de servir\u2026\u00bb, a-t-il dit dans Le Point, le mois dernier. Le t\u00e9l\u00e9phone n&rsquo;est jamais tr\u00e8s loin, m\u00eame durant les vacances. Cet \u00e9t\u00e9, le m\u00eame genre d&rsquo;h\u00e9sitation le saisira peut-\u00eatre. D\u00e9fendre sa candidature au sein du PS ou s&rsquo;inscrire dans un rassemblement plus large, comme le lui proposent les partisans de Fran\u00e7ois Hollande ou ceux du camp Aubry-Moscovici ? D\u00e9poser une motion dont il serait le premier signataire ou signer derri\u00e8re un autre, pour ne pas prendre le risque d&rsquo;\u00eatre battu lors du vote des militants ? En clair, viser le poste de premier secr\u00e9taire ou pas. Bertrand Delano\u00eb d\u00e9fend la n\u00e9cessit\u00e9 d&rsquo;un leadership fort. \u00abUn premier secr\u00e9taire qui ne serait pas le produit d&rsquo;une orientation politique, c&rsquo;est une promesse d&rsquo;\u00e9chec\u00bb, pr\u00e9vient-il. R\u00e9put\u00e9 pour son autorit\u00e9 &#8211; et son caract\u00e8re difficile parfois -, le maire de Paris se verrait bien en manager de la gauche.  <strong>Candidat si \u00abc&rsquo;est utile\u00bb<\/strong>  Autour de lui, que ce soit Daniel Vaillant, l&rsquo;un de ses compagnons de jospinisme, ou Harlem D\u00e9sir, qui coordonne ses partisans, on dit ne pas h\u00e9siter : il faut aller au bout de la d\u00e9marche.  Pour se rassurer sur ses chances de succ\u00e8s, le plus populaire des socialistes n&rsquo;a qu&rsquo;\u00e0 se pencher sur les enqu\u00eates d&rsquo;opinion. Les sondages r\u00e9cents montrent que les sympathisants PS le pr\u00e9f\u00e9reraient \u00e0 S\u00e9gol\u00e8ne Royal ou \u00e0 Martine Aubry comme num\u00e9ro un du parti. Peu importe la crise du PS : le maire de Paris n&rsquo;aura peut-\u00eatre pas d&rsquo;autre occasion plus favorable pour r\u00e9aliser ses ambitions. Mis \u00e0 part S\u00e9gol\u00e8ne Royal, qui marque n\u00e9anmoins des signes de faiblesse, aucun autre pr\u00e9sidentiable n&rsquo;est en situation de lui faire concurrence : Fran\u00e7ois Hollande abandonne son poste de premier secr\u00e9taire, Dominique Strauss-Kahn est accapar\u00e9 au FMI, Lionel Jospin ne brigue plus de responsabilit\u00e9s, Laurent Fabius op\u00e8re un retour au centre du parti, mais un retour lent\u2026 Bertrand Delano\u00eb est presque seul en piste.  Cette force, esp\u00e8re-t-il, am\u00e8nera certains de ses concurrents \u00e0 se rallier \u00e0 sa banni\u00e8re. Il faut d\u00e9fendre \u00abune offre politique\u00bb, disent ses partisans en d\u00e9non\u00e7ant les combinaisons des rivaux. Mais, pour l&rsquo;instant, le maire n&rsquo;a prononc\u00e9 aucune phrase d\u00e9finitive. S&rsquo;il est pr\u00eat \u00e0 \u00abs&rsquo;engager\u00bb, il le souhaite seulement si \u00abc&rsquo;est utile\u00bb. La partie ne sera pas simple. La popularit\u00e9 du maire de Paris enregistr\u00e9e par les enqu\u00eates d&rsquo;opinion ne se manifeste pas encore sur le terrain. Les s\u00e9ances de d\u00e9dicaces pour son livre De l&rsquo;audace d\u00e9placent moins de public que celles qu&rsquo;organise S\u00e9gol\u00e8ne Royal. \u00c9chaud\u00e9s par le pass\u00e9, les militants socialistes se m\u00e9fient de ceux qui pourraient pr\u00e9empter le leadership trop t\u00f4t. Les cadres interm\u00e9diaires encore davantage. Les alliances en cours au PS compliquent davantage le jeu. Ainsi l&rsquo;hypoth\u00e8se d&rsquo;un rapprochement entre Bertrand Delano\u00eb et Martine Aubry s&rsquo;\u00e9loigne, puisque la maire de Lille envisage une alliance avec Pierre Moscovici. De retour de cong\u00e9s apr\u00e8s le 15 ao\u00fbt, Bertrand Delano\u00eb va pr\u00e9parer ensuite sa rentr\u00e9e politique. Lors de l&rsquo;universit\u00e9 d&rsquo;\u00e9t\u00e9 de La Rochelle, \u00e0 la fin du mois, il a pr\u00e9vu de r\u00e9unir ses partisans vendredi en fin de journ\u00e9e. Le samedi matin, il participera \u00e0 une table ronde sur l&rsquo;environnement.<\/div>\n<div align=\"justify\">\u00a0<\/div>\n<div align=\"justify\">(<font><strong>Source: le site du journal \u00ab\u00a0Le Figaro\u00a0\u00bb (Quotidien &#8211; France) mis \u00e0 jour\u00a0 le 12\/08\/2008 | : 21:12 | )<\/strong><\/font><\/div>\n<div align=\"justify\"><strong><\/p>\n<hr\/>\n<p><\/strong><\/div>\n<div align=\"justify\"><font><\/p>\n<div align=\"center\">\n<h2 style=\"color: red;\"><font size=\"3\"><strong>Tunisian Woman Day Feast<\/strong><\/font><\/h2>\n<\/div>\n<div align=\"justify\"> Written by <strong><font>Hend Harouni-<\/font><\/strong>Tunisia Wednesday 13th of\u00a0\u00a0 august, 2008-11th of Chabane 1429  With my best wishes as a woman first and as a Tunisian citizen: At this occasion, I would like to start first by congratulating women in Tunisia and especially focus on the wide range of women of Tunisian political prisoners as well as of political refugees allover the world for their 18th commemorations by now, of such a kind of personally felt occasion but unfortunately missing their \u201cmen\u201d whether husbands, brothers, sons \u2026 all kinds of family and friends\u2019 relatives.  I could not as usual forget them whether during ordinary or special days\u2019 occasions as I have always felt that it must be possible relying on ALLAH\u2019S will just like when the day came and my brother Abdelkarim was released -and I thank ALLAH for this happiness-, as a woman I strongly sympathize with these mothers, wives, sisters, relatives, neighbors and friends and keep praying ALLAH that they see their womanhood deprivation being compensated at least to some extent as the long time and distance factors have their extreme heavy influence on both sides, men and women. In my opinion, there must be a common obvious point between both categories; i.e. : women who keep waiting for their imprisoned men to return back to them soon although they visit them in prison; see them &#8211; yet those who keep waiting for theirs to return back to their mother country soon although they might have some kind of communication by distance means such as telephones, internet to some extent, yet the full presence of the person can in no way be replaced by any means, technology is facilitating communication in some limited sense in such context. Simultaneously, all these women expect their \u201cmen\u201d to be back and to see them back equipped with freedom and dignity and they hope by then to find a way for happiness under respect of both \u201cmen \u201cand \u201cwomen\u201d definitions nature. Society and family are the nucleus of life structure based on both components \u201cman\u201d and \u201cwoman\u201d and the balance can never be at the expense of the annulment of any side. So, the exclusion of such great and important part of society negatively affects the humankind relationships on the one hand and hinders the society common nature on the other hand as the various life sectors become affected, economy, politics, civil life, \u2026etc as this part of society has well been made absent, thus it has been made deprived from playing the legitimate participating citizenship role and taking part in the development of the country. As a matter of fact, such handicap also makes alive the feeling of hatred, despair and anger which by now has absolutely to stop and leave room for understanding, solution finding and smile tracing on old and young families\u2019 faces here I remember what Our Sacred prophet Muhammad Prayer &amp; Peace be upon Him sayings : <font size=\"4\">\u00ab\u00a0<font>\u0645\u0646 \u0641\u0631\u0651\u062c \u0643\u0631\u0628\u0629 \u0639\u0646 \u0623\u062e\u064a\u0647 \u0627\u0644\u0645\u0633\u0644\u0645 \u0641\u064a \u0627\u0644\u062f\u0646\u064a\u0627 \u0641\u0631\u0651\u062c \u0627\u0644\u0644\u0647 \u0639\u0646\u0647 \u0643\u0631\u0628\u0629 \u0645\u0646 \u0643\u0631\u0628 \u064a\u0648\u0645 \u0627\u0644\u0642\u064a\u0627\u0645\u0629\u00a0\u00bb- &#8211;\u00a0\u00bb \u0627\u0644\u0631\u0651\u0627\u062d\u0645\u0648\u0646 \u064a\u0631\u062d\u0645\u0647\u0645 \u0627\u0644\u0631\u0651\u062d\u0645\u0627\u0646 \u064a\u0648\u0645 \u0627\u0644\u0642\u064a\u0627\u0645\u0629\u060c \u0627\u0631\u062d\u0645 \u0645\u0646 \u0641\u064a \u0627\u0644\u0623\u0631\u0636 \u064a\u0631\u062d\u0645\u0643 \u0645\u0646 \u0641\u064a \u0627\u0644\u0633\u0645\u0627\u0621 \u00ab\u00a0.<\/font><\/font> ALLAH forgives us for our sins even if they are like the highest mountains while we as small creatures do not think of being ourselves and think positively to advance ?! These women are to be included among all Tunisian women to benefit from their rights as such and by no means to be excluded and they have by now had enough from the sufferance they are living in. I end up my words by calling all the conscious men and women basically in Tunisia to be positive and do their best to make easy the path for all women, without the least exception to find happiness by living with their missing \u201cmen\u201d and this is the minimum obvious and natural human right and let an atmosphere of better change overwhelm our Tunisian families and society as they are worth a steady and peaceful life, being absolutely the first required important phase of all kinds of progress for our country Tunisia. Finally, I send all my warmest regards to all the Tunisian women and a woman who seeks to live free has also to care about the other women too! This is not a feminist invitation! But a personal awareness of the\u00a0 others\u2019 needs. I pray ALLAH that these families will really gather around the same table in the coming Sacred Ramadan month-Amen. Salam.<\/div>\n<p><\/font><\/div>\n<div align=\"justify\">\u00a0<\/div>\n<p><\/font><\/div>\n<div><font><\/p>\n<hr\/>\n<p><\/font><\/div>\n<div align=\"center\"><font><strong><\/p>\n<h2 style=\"color: red;\"><font size=\"3\">Mauritanie: le putsch probablement soutenu par l&rsquo;Occident, selon Al-Qa\u00efda (site internet)<\/font><\/h2>\n<p><\/strong><\/font><\/div>\n<div align=\"justify\"><font size=\"2\">AFP, le 12 ao\u00fbt 2008 \u00e0 19h37  DUBAI, 12 ao\u00fbt 2008 (AFP) &#8211; La branche nord-africaine d&rsquo;Al-Qa\u00efda a estim\u00e9 dans un communiqu\u00e9 sur internet que les auteurs du coup d&rsquo;Etat du 6 ao\u00fbt en Mauritanie \u00e9taient probablement soutenus par les pays occidentaux, et exhort\u00e9 le peuple mauritanien \u00e0 se \u00ab\u00a0pr\u00e9parer pour la guerre\u00a0\u00bb. \u00ab\u00a0Il est fort probable que ceux qui ont perp\u00e9tr\u00e9 le r\u00e9cent coup d&rsquo;Etat militaire en Mauritanie n&rsquo;auraient pas agi s&rsquo;ils n&rsquo;avaient eu l&rsquo;approbation de l&rsquo;Am\u00e9rique, de la France et d&rsquo;Isra\u00ebl\u00a0\u00bb, peut-on lire dans ce communiqu\u00e9. Dat\u00e9 du 10 ao\u00fbt, le texte est sign\u00e9 par le chef d&rsquo;Al-Qa\u00efda au Maghreb islamique (AQMI), Abdelmalek Droukdel, alias Abou Mossaab Abdelouadoud. L&rsquo;authenticit\u00e9 de ce communiqu\u00e9 n&rsquo;a pas pu \u00eatre confirm\u00e9e dans l&rsquo;imm\u00e9diat de source ind\u00e9pendante mais le texte a \u00e9t\u00e9 mis en ligne sur un site internet souvent utilis\u00e9 par des mouvements islamistes. \u00ab\u00a0Les musulmans doivent se m\u00e9fier de cette d\u00e9mocratie infid\u00e8le et de tous ses slogans, parce qu&rsquo;il s&rsquo;agit de combines et de tromperies de l&rsquo;alliance des sionistes et des crois\u00e9s contre le peuple de l&rsquo;islam\u00a0\u00bb, affirme le communiqu\u00e9. \u00ab\u00a0Notre message \u00e0 vous, peuple bien-aim\u00e9 de Mauritanie est +R\u00e9veillez-vous de votre sommeil, pr\u00e9parez-vous \u00e0 la guerre+\u00a0\u00bb. \u00ab\u00a0Il n&rsquo;y a pas d&rsquo;autre choix pour la communaut\u00e9 de l&rsquo;islam que de restaurer ses droits vol\u00e9s et sa gloire perdue, mais (elle pourra le faire) seulement avec la guerre sainte pour la cause d&rsquo;Allah, en combattant les juifs, les chr\u00e9tiens et les dirigeants apostats\u00a0\u00bb, poursuit le communiqu\u00e9. Sidi Ould Cheikh Abdallahi, premier pr\u00e9sident mauritanien d\u00e9mocratiquement \u00e9lu a \u00e9t\u00e9 arr\u00eat\u00e9 mercredi dernier au matin lors d&rsquo;un coup d&rsquo;Etat sans effusion de sang men\u00e9 par le chef de la garde pr\u00e9sidentielle, le g\u00e9n\u00e9ral Mohamed Ould Abdel Aziz, qu&rsquo;il venait de limoger. Le chef de la junte b\u00e9n\u00e9ficie d&rsquo;une image d&rsquo;intransigeance face aux islamistes radicaux de la mouvance d&rsquo;Al-Qa\u00efda qui ont men\u00e9 plusieurs attaques ces derniers mois en Mauritanie. L&rsquo;AQMI est l&rsquo;ex-Groupe salafiste pour la pr\u00e9dication et le combat (GSPC). \u00a0<\/font><\/div>\n<p><\/span><\/font><\/p>\n<div>\u00a0<\/div>\n<div>\n<hr\/>\n<\/div>\n<p><\/span><\/p>\n<div align=\"center\"><strong><\/p>\n<h2 style=\"color: red;\"><font face=\"Arial\">L&rsquo;UE met en garde la junte en Mauritanie contre un risque d'\u00a0\u00bbisolement\u00a0\u00bb<\/font><\/h2>\n<p><\/strong><font size=\"2\"><\/font><\/div>\n<div align=\"justify\"> <font face=\"Arial\">AFP, le 13 ao\u00fbt 2008 \u00e0 13h27  PARIS &#8211; L&rsquo;Union europ\u00e9enne (UE) a mis en garde mercredi la junte ayant pris le pouvoir en Mauritanie contre le risque d&rsquo;un \u00ab\u00a0isolement\u00a0\u00bb sur la sc\u00e8ne internationale et d\u00e9nonc\u00e9 comme ill\u00e9gitimes les \u00ab\u00a0mesures d&rsquo;exception\u00a0\u00bb qu&rsquo;elle a prises, dans une d\u00e9claration de la pr\u00e9sidence fran\u00e7aise. \u00ab\u00a0L&rsquo;Union europ\u00e9enne met en garde la junte militaire contre le risque s\u00e9rieux d&rsquo;un isolement durable du pays sur la sc\u00e8ne internationale\u00a0\u00bb, indique une d\u00e9claration de la pr\u00e9sidence fran\u00e7aise au nom de l&rsquo;Union europ\u00e9enne. \u00ab\u00a0L&rsquo;Union europ\u00e9enne r\u00e9it\u00e8re avec la plus grande fermet\u00e9 sa condamnation du coup de force survenu en Mauritanie\u00a0\u00bb le 6 ao\u00fbt, indique ce texte. \u00ab\u00a0Elle consid\u00e8re que les mesures d&rsquo;exception prises par les responsables militaires qui se sont empar\u00e9s du pouvoir, et confirm\u00e9es par l&rsquo;ordonnance du 11 ao\u00fbt 2008, en particulier la destitution du Pr\u00e9sident de la R\u00e9publique, sont d\u00e9nu\u00e9es de toute l\u00e9gitimit\u00e9\u00a0\u00bb, mentionne la d\u00e9claration. \u00ab\u00a0Elle exhorte la junte \u00e0 restaurer le cadre institutionnel ant\u00e9rieur au 6 ao\u00fbt et l&rsquo;invite \u00e0 coop\u00e9rer sans d\u00e9lai, \u00e0 cette fin, avec la communaut\u00e9 internationale. Elle renouvelle son appui aux efforts entrepris en ce sens par l&rsquo;Union africaine en particulier\u00a0\u00bb. L&rsquo;Union europ\u00e9enne dit aussi exprimer sa \u00ab\u00a0disponibilit\u00e9\u00a0\u00bb \u00e0 contribuer \u00e0 r\u00e9soudre la crise \u00ab\u00a0par la voie du dialogue\u00a0\u00bb. Une junte dirig\u00e9e par le g\u00e9n\u00e9ral Mohamed Ould Abdel Aziz, ancien commandant de la garde pr\u00e9sidentielle, a renvers\u00e9 le 6 ao\u00fbt, sans effusion de sang, Sidi Ould Cheikh Abdallahi, premier pr\u00e9sident d\u00e9mocratiquement \u00e9lu du pays, qui est actuellement en r\u00e9sidence surveill\u00e9e. La France, ancienne puissance coloniale, et les Etats-Unis ont d\u00e9j\u00e0 annonc\u00e9 le gel d&rsquo;une partie de leur aide \u00e0 ce pays pauvre.<\/font><\/div>\n<div align=\"justify\">\n<hr\/>\n<\/div>\n<div align=\"justify\">\u00a0<\/div>\n<div align=\"justify\">\u00a0<\/div>\n<div align=\"justify\">\u00a0<\/div>\n<div align=\"justify\">\u00a0<\/div>\n<div align=\"justify\">\n<hr\/>\n<\/div>\n<div align=\"justify\">\u00a0<\/div>\n<div align=\"justify\">\u00a0<\/div>\n<div align=\"justify\">\n<hr\/>\n<\/div>\n<div align=\"center\"><strong><\/p>\n<h2 style=\"color: red;\"><font size=\"3\">Les intellectuels arabes et l\u2019\u00c9tat de droit<\/font><\/h2>\n<p><\/strong><\/div>\n<div align=\"justify\" dir=\"ltr\"> <font><strong>par PATRICK SEALE<\/strong><\/font> Au c\u0153ur des affrontements qui ensanglantent le Moyen-Orient &#8211; carnages en Irak, luttes fratricides dans les territoires palestiniens, plaies encore vives au Liban, etc. -, une autre bataille, moins m\u00e9diatis\u00e9e, est en train de se jouer : celle que m\u00e8nent certains intellectuels arabes \u00e9clair\u00e9s contre les tabous absurdes et la dictature, sous le joug de laquelle vivent la plupart d\u2019entre eux. Youssef Chahine, le grand r\u00e9alisateur \u00e9gyptien disparu le 27 juillet (voir p. 82) \u00e0 l\u2019\u00e2ge de 82 ans, savait avant tout distraire et le faisait brillamment. Parmi la quarantaine de films qu\u2019il a r\u00e9alis\u00e9s, plusieurs administrent aussi des coups fatals \u00e0 l\u2019hypocrisie, au fanatisme religieux et \u00e0 l\u2019autoritarisme. Il avait, en outre, apport\u00e9 son soutien \u00e0 Kefaya (\u00ab assez \u00bb), le mouvement populaire de contestation qui avait vainement essay\u00e9 de mettre un terme aux vingt-sept ann\u00e9es de r\u00e8gne de Hosni Moubarak.  Son film Gare centrale (Bab al-Hadid), en 1958, avait choqu\u00e9 parce qu\u2019il brossait un portrait sympathique d\u2019une \u00ab femme de mauvaise vie \u00bb et violemment assassin\u00e9e. Le Moineau (El-Asfour), en 1972, avait os\u00e9 sugg\u00e9rer que c\u2019\u00e9tait la corruption qui \u00e9tait responsable de la d\u00e9faite de 1967. L\u2019\u00c9migr\u00e9 (El-Mohagir), en 1994, avait soulev\u00e9 l\u2019ire des int\u00e9gristes parce qu\u2019il mettait en sc\u00e8ne le personnage biblique de Joseph, le fils de Jacob. Bien souvent, l\u2019Occident ne r\u00e9alise pas que les critiques les plus virulents de l\u2019obscurantisme religieux sont eux-m\u00eames d\u2019origine arabe, comme l\u2019universitaire franco-tunisien Abdelwahab Meddeb, professeur de litt\u00e9rature compar\u00e9e \u00e0 Paris. Son ouvrage La Maladie de l\u2019islam (2002) a d\u00e9clench\u00e9 un toll\u00e9 dans les milieux conservateurs. \u00ab Si le fanatisme est la maladie du catholicisme, \u00e9crit-il, le nazisme celle de l\u2019Allemagne, eh bien l\u2019int\u00e9grisme est assur\u00e9ment celle de l\u2019islam. \u00bb L\u2019exception islamique (2004), de Hamadi Redissi, professeur de sciences politiques \u00e0 Tunis, est encore plus s\u00e9v\u00e8re \u00e0 l\u2019\u00e9gard de l\u2019immobilisme des soci\u00e9t\u00e9s musulmanes. Pour lui, leur archa\u00efsme tient aux r\u00e9gimes tyranniques et \u00e0 l\u2019autocratie, \u00e0 la mont\u00e9e d\u2019une \u00ab aristocratie militaire \u00bb dans de nombreux pays arabes et \u00e0 l\u2019exploitation de la religion pour museler le peuple. Et de plaider pour un acc\u00e8s plus large \u00e0 la connaissance, l\u2019extension des libert\u00e9s politiques ainsi qu\u2019un accroissement de la participation des femmes \u00e0 la vie publique. Un autre opposant \u00e0 l\u2019extr\u00e9misme religieux n\u2019est autre que le roi saoudien Abdallah Ibn Abdelaziz, ou, pour employer son titre officiel, le \u00ab Serviteur des deux lieux saints \u00bb. Son appel admirable \u00e0 un \u00ab dialogue fraternel et sinc\u00e8re entre les croyants et les religions \u00bb, lanc\u00e9 en mars dernier, a abouti, en juillet, \u00e0 la conf\u00e9rence interreligieuse de Madrid, un \u00e9v\u00e9nement historique auquel ont particip\u00e9 des musulmans, des chr\u00e9tiens, des juifs, mais aussi des sikhs, des hindous et des tao\u00efstes. Al-Qa\u00efda a d\u00e9nonc\u00e9 la conf\u00e9rence et le roi Abdallah en personne, signe que la maison des Saoud est sa premi\u00e8re cible, avant les \u00c9tats-Unis et Isra\u00ebl. Les intellectuels libyens subissent depuis trente-neuf ans l\u2019oppression de leur \u00ab Guide \u00bb, le colonel Mouammar Kaddafi. Un r\u00e9cent incident jette une lumi\u00e8re crue sur la nature de ce r\u00e9gime ubuesque, en m\u00eame temps qu\u2019il d\u00e9shonore les Arabes. L\u2019un des fils du colonel, Hannibal, la trentaine, et son \u00e9pouse Aline, enceinte, ont \u00e9t\u00e9 accus\u00e9s, le 15 juillet, d\u2019avoir battu leurs domestiques dans un h\u00f4tel de luxe de Gen\u00e8ve. Hannibal a \u00e9t\u00e9 d\u00e9tenu par la police suisse pendant deux jours. Le jeune homme a une r\u00e9putation sulfureuse. En 2001, il s\u2019\u00e9tait battu avec des policiers \u00e0 Rome. Trois d\u2019entre eux avaient \u00e9t\u00e9 hospitalis\u00e9s. En 2005, il a d\u00e9pass\u00e9 les 140 kilom\u00e8tres \u00e0 l\u2019heure au volant de sa Porsche sur les Champs-\u00c9lys\u00e9es, et, en 2006, a tabass\u00e9 une de ses petites amies &#8211; enceinte elle aussi &#8211; dans l\u2019h\u00f4tel InterContinental de Paris, puis menac\u00e9 avec un revolver des agents de s\u00e9curit\u00e9. Il a \u00e9cop\u00e9 de quatre mois de prison avec sursis pour \u00ab violence volontaire contre une personne vuln\u00e9rable \u00bb et de 500 euros d\u2019amende. Au lieu de rappeler \u00e0 la maison son voyou de fils pour lui administrer une bonne correction apr\u00e8s l\u2019incident de Gen\u00e8ve, le colonel a d\u00e9cid\u00e9 de se venger. La Libye a temporairement suspendu ses livraisons de p\u00e9trole \u00e0 la Suisse, interdit l\u2019entr\u00e9e de ses ports aux navires helv\u00e8tes, interrompu la d\u00e9livrance de visas aux ressortissants suisses, ferm\u00e9 les filiales install\u00e9es sur son territoire de certaines compagnies de ce pays, comme Nestl\u00e9, arr\u00eat\u00e9 deux employ\u00e9s suisses, et demand\u00e9 des excuses. Il est donc d\u00e9sormais clair que le colonel trouve normal que des membres de sa famille tabassent leurs serviteurs. Le cas du pr\u00e9sident soudanais, Omar el-B\u00e9chir, inculp\u00e9 pour g\u00e9nocide au Darfour par le procureur de la Cour p\u00e9nale internationale (CPI), Luis Moreno-Ocampo, est, en revanche, plus complexe et plus controvers\u00e9. C\u2019est, en effet, la premi\u00e8re fois qu\u2019un chef d\u2019\u00c9tat en exercice est ainsi poursuivi. Il s\u2019agit d\u2019un mauvais point pour les Arabes. Incontestablement, des atrocit\u00e9s ont \u00e9t\u00e9 commises dans cette province aride et d\u00e9laiss\u00e9e de l\u2019ouest du Soudan depuis qu\u2019une r\u00e9bellion y a \u00e9clat\u00e9, en 2003, contre Khartoum, entra\u00eenant la mort de 300 000 personnes et le d\u00e9placement de plus 2 millions d\u2019autres. Les militants des droits de l\u2019homme ont montr\u00e9 du doigt les forces gouvernementales et les janjawids, une milice arm\u00e9e par le pouvoir central. Mais comment les exigences de la justice peuvent-elles contrebalancer les imp\u00e9ratifs de la politique ? Le pr\u00e9sident El-B\u00e9chir passe pour plus mod\u00e9r\u00e9 que certains de ses coll\u00e8gues. S\u2019il part, le risque est de voir le pays plonger dans le chaos. Son d\u00e9part pourrait aussi emp\u00eacher l\u2019application de l\u2019accord de paix sign\u00e9 en 2005 avec les rebelles sudistes, selon lequel des \u00e9lections se tiendront en 2009 et un referendum pour l\u2019ind\u00e9pendance du Sud-Soudan en 2011, donner \u00e0 Al-Qa\u00efda l\u2019occasion de reprendre ses quartiers dans le pays et torpiller la nouvelle loi \u00e9lectorale r\u00e9cemment adopt\u00e9e par l\u2019Assembl\u00e9e nationale qui pr\u00e9voit la constitution du premier gouvernement librement \u00e9lu depuis vingt ans. N\u00e9anmoins, l\u2019inculpation d\u2019El-B\u00e9chir semble avoir forc\u00e9 son gouvernement \u00e0 agir. Le pr\u00e9sident soudanais a fait une tourn\u00e9e au Darfour &#8211; sa premi\u00e8re depuis son arriv\u00e9e au pouvoir, en 1989 -, r\u00e9gion \u00e0 laquelle il a promis une aide \u00e9conomique. D\u2019autre part, il n\u2019est pas impossible qu\u2019un ancien ministre de l\u2019Int\u00e9rieur ainsi qu\u2019un ancien chef de milice soient arr\u00eat\u00e9s et jug\u00e9s pour des atrocit\u00e9s commises dans la zone. Pour beaucoup de Soudanais, et en fait pour beaucoup d\u2019Arabes, l\u2019inculpation d\u2019El-B\u00e9chir porte atteinte \u00e0 la souverainet\u00e9 de Khartoum et est un nouvel exemple du \u00ab deux poids, deux mesures \u00bb que pratique l\u2019Occident. Quand, se demandent-ils, la Cour inculpera-t-elle le pr\u00e9sident George W. Bush pour la destruction de l\u2019Irak ? Ou le Premier ministre isra\u00e9lien Ehoud Olmert pour les nombreux crimes commis par l\u2019\u00c9tat h\u00e9breu dans les territoires occup\u00e9s ? Le monde arabe, loin s\u2019en faut, n\u2019est pas le seul \u00e0 devoir balayer devant sa porte. L\u2019Occident devrait, lui aussi, \u00e9couter la voix de ses intellectuels \u00e9clair\u00e9s.  <font><strong>(Source : \u00ab Jeune Afrique \u00bb (Magazine hebdomadaire \u2013 France), N\u00b0 2482 du 3 au 9 ao\u00fbt 2008)<\/strong><\/font><\/div>\n<div align=\"justify\">\u00a0<\/div>\n<div align=\"justify\">\n<hr\/>\n<\/div>\n<div>\u00a0<\/div>\n<div>\u00a0<\/div>\n<div>\n<hr\/>\n<\/div>\n<div align=\"center\"><font face=\"Arial\" size=\"2\"><strong><\/p>\n<h2 style=\"color: red;\"><font>MAURITANIE <font size=\"3\">Mohamed Ould Abdelaziz : \u00ab Nous avons \u00e9t\u00e9 contraints de prendre le pouvoir \u00bb<\/font><\/font><\/h2>\n<p><\/strong><\/font><\/div>\n<div align=\"justify\" dir=\"ltr\"> <strong>PROPOS RECUEILLIS PAR MARIANNE MEUNIER<\/strong><\/div>\n<div align=\"justify\" dir=\"ltr\"> Dipl\u00f4m\u00e9 de l\u2019acad\u00e9mie militaire de Mekn\u00e8s &#8211; o\u00f9 il fut le camarade de promotion d\u2019un autre putschiste, le g\u00e9n\u00e9ral Ould Ghazouani -, le \u00ab g\u00e9n\u00e9ral Aziz \u00bb est, \u00e0 52 ans, un habitu\u00e9 des coups d\u2019\u00c9tat : il en a d\u00e9jou\u00e9 deux, en 2003 et 2004, quand Maaouiya Ould Taya \u00e9tait au pouvoir, et perp\u00e9tr\u00e9 deux autres. Le premier, le 3 ao\u00fbt 2005, au c\u00f4t\u00e9 du colonel Ely Ould Mohamed Vall, son cousin germain devenu chef de l\u2019\u00c9tat pendant la \u00ab transition d\u00e9mocratique \u00bb (tous deux appartiennent \u00e0 la tribu commer\u00e7ante des Ouled Besbah). Et le second, le 6 ao\u00fbt dernier. \u00c0 l\u2019exception d\u2019un bref interm\u00e8de, il a toujours command\u00e9 le Bataillon de la s\u00e9curit\u00e9 pr\u00e9sidentielle (Basep), corps d\u2019\u00e9lite de l\u2019arm\u00e9e mauritanienne cens\u00e9 assurer au chef de l\u2019\u00c9tat une protection de tous les instants &#8211; et donc le mieux plac\u00e9 pour le renverser. C\u2019est d\u2019ailleurs lui qui l\u2019a cr\u00e9\u00e9, \u00e0 la fin des ann\u00e9es 1980. Aux petits soins pour ses troupes, ce p\u00e8re de cinq enfants (deux filles et trois gar\u00e7ons), air affable et silhouette repl\u00e8te, est appr\u00e9ci\u00e9 au sein de l\u2019arm\u00e9e. Sa stature politique reste, en revanche, \u00e0 d\u00e9montrer. Son discours est plaisant &#8211; il se dit allergique \u00e0 la corruption et attach\u00e9 \u00e0 la justice -, mais plusieurs de ses proches collaborateurs \u00e9voquent une certaine brutalit\u00e9 dans ses prises de d\u00e9cision. Depuis l\u2019\u00e9lection de Sidi Ould Cheikh Abdallahi, consid\u00e9r\u00e9 comme le \u00ab candidat des militaires \u00bb, il jouait aupr\u00e8s de lui un r\u00f4le ambigu. Toujours dans son sillage, avant m\u00eame d\u2019\u00eatre nomm\u00e9 chef d\u2019\u00e9tat-major particulier, il \u00e9tait soup\u00e7onn\u00e9 de \u00ab tirer les ficelles \u00bb, sans que ces rumeurs soient \u00e9tay\u00e9es par un quelconque \u00e9l\u00e9ment tangible. Le 6 ao\u00fbt a apport\u00e9 la preuve que, \u00e0 tout le moins, le g\u00e9n\u00e9ral Aziz y aspirait.  <strong>JEUNE AFRIQUE : Pourquoi avez-vous pris le pouvoir ? <\/strong>MOHAMED OULD ABDELAZIZ : Nous n\u2019avons pas voulu le prendre, nous y avons \u00e9t\u00e9 contraints. La situation \u00e9conomique est terrible et les institutions sont bloqu\u00e9es. L\u2019ancien pr\u00e9sident a essay\u00e9 de monter les parlementaires les uns contre les autres. Par son dernier acte [le limogeage par d\u00e9cret des commandants des quatre corps de l\u2019arm\u00e9e, NDLR], il a tent\u00e9 de diviser l\u2019arm\u00e9e, la derni\u00e8re institution \u00e0 fonctionner normalement. En r\u00e9alit\u00e9, c\u2019est Sidi Ould Cheikh Abdallahi qui a tent\u00e9 de faire un coup d\u2019\u00c9tat contre la d\u00e9mocratie. Nous, nous n\u2019avons fait que sauver la Mauritanie.  <strong>La sauver de quoi ? Le pr\u00e9sident renvers\u00e9 a \u00e9t\u00e9 l\u00e9gitimement \u00e9lu et les libert\u00e9s individuelles n\u2019ont jamais \u00e9t\u00e9 aussi grandes\u2026<\/strong> Les libert\u00e9s sont l\u00e0, c\u2019est vrai, mais ce n\u2019est pas Sidi Ould Cheikh Abdallahi qui les a instaur\u00e9es, ce sont les militaires qui ont pris le pouvoir le 3 ao\u00fbt 2005 et organis\u00e9 des \u00e9lections d\u00e9mocratiques. Ce pr\u00e9sident a \u00e9t\u00e9 pris en otage par des lobbies affairistes et tribaux qui voulaient le d\u00e9mant\u00e8lement du pays. Nous avons voulu emp\u00eacher la d\u00e9rive. Vous vous portez garant de la d\u00e9mocratie, mais, le 7 ao\u00fbt, des manifestants soutenant Sidi Ould Cheikh Abdallahi ont \u00e9t\u00e9 dispers\u00e9s par des gaz lacrymog\u00e8nes\u2026 Ce n\u2019est pas une contradiction. Cette manifestation n\u2019\u00e9tait pas autoris\u00e9e. Nous sommes dans un \u00c9tat de droit, il faut le respecter. Pr\u00e9cis\u00e9ment, l\u2019arrestation de Sidi Ould Cheikh Abdallahi ne contrevient-elle pas \u00e0 l\u2019\u00c9tat de droit? Non, elle le prot\u00e8ge, car en nous limogeant, le pr\u00e9sident allait mettre le pays \u00e0 feu et \u00e0 sang.  <strong>Quel sort lui r\u00e9servez-vous ? <\/strong>Il est pour l\u2019instant enferm\u00e9 dans la r\u00e9sidence d\u2019accueil du Palais des congr\u00e8s, dans de bonnes conditions, et ne se plaint de rien. Nous le lib\u00e9rerons dans les prochains jours ou les prochaines semaines. Je ne pense pas qu\u2019il soit n\u00e9cessaire de le contraindre \u00e0 l\u2019exil. S\u2019il veut participer \u00e0 la vie politique du pays, pourquoi pas. Mais je ne pense pas qu\u2019il en ait envie. La communaut\u00e9 internationale a fermement condamn\u00e9 votre coup d\u2019\u00c9tat\u2026 Nous ne retrouverons pas sa confiance de sit\u00f4t, c\u2019est normal. Mais avec ce que nous allons faire, elle verra que nous sommes de bonne foi.<\/div>\n<div align=\"justify\" dir=\"ltr\"> <strong>Qu\u2019allez-vous faire ?<\/strong> D\u2019abord, nous allons proc\u00e9der \u00e0 un \u00e9tat des lieux concernant la situation \u00e9conomique. Ensuite, r\u00e9tablir la transparence dans la gestion des finances publiques. Enfin, adopter un calendrier en vue de l\u2019organisation d\u2019une \u00e9lection pr\u00e9sidentielle, aussi vite que possible. Je ne peux pas vous en dire plus.<\/div>\n<div align=\"justify\" dir=\"ltr\"> <strong>Serez-vous candidat ?<\/strong> Je ne peux pas vous le dire aujourd\u2019hui. Le colonel Ely Ould Mohamed Vall, qui a orchestr\u00e9 avec vous le putsch du 3 ao\u00fbt 2005, puis dirig\u00e9 le pays jusqu\u2019en 2007, pourra-t-il se pr\u00e9senter ? Je ne sais pas quelles sont ses intentions, mais tout d\u00e9pend des crit\u00e8res. On peut interdire aux militaires, ou aux anciens chefs de l\u2019\u00c9tat, d\u2019\u00eatre candidats. Il faudra en d\u00e9cider. Vous avez annonc\u00e9 la formation prochaine d\u2019un gouvernement. Allez-vous l\u2019ouvrir aux partis de l\u2019ex-opposition qui vous ont apport\u00e9 leur soutien, comme le Rassemblement des forces d\u00e9mocratiques (RFD) d\u2019Ahmed Ould Daddah ?  <strong>Tous les partis qui le souhaitent seront repr\u00e9sent\u00e9s. Pourquoi pas le RFD ?<\/strong> La plupart des hommes politiques mauritaniens, vous compris, ont occup\u00e9 des fonctions sous Maaouiya Ould Taya. Comment faire advenir cette \u00e8re nouvelle que vous promettez ? Le probl\u00e8me, ce n\u2019est pas le choix des hommes, c\u2019est la personne qui les dirige. Si une vision claire pr\u00e9vaut \u00e0 la t\u00eate de l\u2019\u00c9tat, alors, les choses fonctionnent.  <strong><font>(Source : \u00ab Jeune Afrique \u00bb (Magazine hebdomadaire \u2013 France), N\u00b0 2483-2484 du 10 au 23 ao\u00fbt 2008)<\/font><\/strong><\/div>\n<p align=\"center\" dir=\"ltr\">\u00a0<\/p>\n<p align=\"center\" dir=\"ltr\">\n<h3 style=\"color: blue;\"><font face=\"Arial\" size=\"2\"><strong><b><a href=\"http:\/\/www.tunisnews.net\/\"><font face=\"Arial\"><span><font size=\"2\">Home<\/font><\/span><font size=\"2\"><span lang=\"FR-CH\"> &#8211; Accueil <\/span><span>&#8211; <\/span><\/font><\/font><span dir=\"rtl\" lang=\"AR-SA\"><font size=\"2\">\u0627\u0644\u0631\u0626\u064a\u0633\u064a\u0629<\/font><\/span><\/a><\/b><\/strong><\/font><\/h3>\n<\/p>\n<p><\/body><\/body><\/html><\/p>\n","protected":false},"excerpt":{"rendered":"<p>Home &#8211; Accueil TUNISNEWS 8\u00a0\u00e8me ann\u00e9e, N\u00b0\u00a03004 du 13.08.2008 \u00a0archives : www.tunisnews.net\u00a0\u00a0 Les femmes d\u00e9fenseures cible des attaques sexistes de la police &#8211; Commun iqu\u00e9 commun Libert\u00e9 et Equit\u00e9: F\u00eate de la femme AISPP; V\u00e9rit\u00e9-Action: Campagne pour sauver la\u00a0 vie des prisonniers des deux d\u00e9cennies &#8211; Wahid Srairi Lettre ouverte \u00e0 Mme Rama Yade au [&hellip;]<\/p>\n","protected":false},"author":1,"featured_media":22040,"comment_status":"open","ping_status":"open","sticky":false,"template":"","format":"standard","meta":{"inline_featured_image":false,"site-sidebar-layout":"default","site-content-layout":"","ast-site-content-layout":"default","site-content-style":"default","site-sidebar-style":"default","ast-global-header-display":"","ast-banner-title-visibility":"","ast-main-header-display":"","ast-hfb-above-header-display":"","ast-hfb-below-header-display":"","ast-hfb-mobile-header-display":"","site-post-title":"","ast-breadcrumbs-content":"","ast-featured-img":"","footer-sml-layout":"","ast-disable-related-posts":"","theme-transparent-header-meta":"","adv-header-id-meta":"","stick-header-meta":"","header-above-stick-meta":"","header-main-stick-meta":"","header-below-stick-meta":"","astra-migrate-meta-layouts":"default","ast-page-background-enabled":"default","ast-page-background-meta":{"desktop":{"background-color":"","background-image":"","background-repeat":"repeat","background-position":"center center","background-size":"auto","background-attachment":"scroll","background-type":"","background-media":"","overlay-type":"","overlay-color":"","overlay-opacity":"","overlay-gradient":""},"tablet":{"background-color":"","background-image":"","background-repeat":"repeat","background-position":"center center","background-size":"auto","background-attachment":"scroll","background-type":"","background-media":"","overlay-type":"","overlay-color":"","overlay-opacity":"","overlay-gradient":""},"mobile":{"background-color":"","background-image":"","background-repeat":"repeat","background-position":"center center","background-size":"auto","background-attachment":"scroll","background-type":"","background-media":"","overlay-type":"","overlay-color":"","overlay-opacity":"","overlay-gradient":""}},"ast-content-background-meta":{"desktop":{"background-color":"var(--ast-global-color-5)","background-image":"","background-repeat":"repeat","background-position":"center center","background-size":"auto","background-attachment":"scroll","background-type":"","background-media":"","overlay-type":"","overlay-color":"","overlay-opacity":"","overlay-gradient":""},"tablet":{"background-color":"var(--ast-global-color-5)","background-image":"","background-repeat":"repeat","background-position":"center center","background-size":"auto","background-attachment":"scroll","background-type":"","background-media":"","overlay-type":"","overlay-color":"","overlay-opacity":"","overlay-gradient":""},"mobile":{"background-color":"var(--ast-global-color-5)","background-image":"","background-repeat":"repeat","background-position":"center center","background-size":"auto","background-attachment":"scroll","background-type":"","background-media":"","overlay-type":"","overlay-color":"","overlay-opacity":"","overlay-gradient":""}},"footnotes":""},"categories":[],"tags":[60,39,29],"class_list":["post-18165","post","type-post","status-publish","format-standard","has-post-thumbnail","hentry","tag-60","tag-39","tag-fr"],"_links":{"self":[{"href":"https:\/\/tunisnews.net\/ar\/wp-json\/wp\/v2\/posts\/18165","targetHints":{"allow":["GET"]}}],"collection":[{"href":"https:\/\/tunisnews.net\/ar\/wp-json\/wp\/v2\/posts"}],"about":[{"href":"https:\/\/tunisnews.net\/ar\/wp-json\/wp\/v2\/types\/post"}],"author":[{"embeddable":true,"href":"https:\/\/tunisnews.net\/ar\/wp-json\/wp\/v2\/users\/1"}],"replies":[{"embeddable":true,"href":"https:\/\/tunisnews.net\/ar\/wp-json\/wp\/v2\/comments?post=18165"}],"version-history":[{"count":0,"href":"https:\/\/tunisnews.net\/ar\/wp-json\/wp\/v2\/posts\/18165\/revisions"}],"wp:featuredmedia":[{"embeddable":true,"href":"https:\/\/tunisnews.net\/ar\/wp-json\/wp\/v2\/media\/22040"}],"wp:attachment":[{"href":"https:\/\/tunisnews.net\/ar\/wp-json\/wp\/v2\/media?parent=18165"}],"wp:term":[{"taxonomy":"category","embeddable":true,"href":"https:\/\/tunisnews.net\/ar\/wp-json\/wp\/v2\/categories?post=18165"},{"taxonomy":"post_tag","embeddable":true,"href":"https:\/\/tunisnews.net\/ar\/wp-json\/wp\/v2\/tags?post=18165"}],"curies":[{"name":"wp","href":"https:\/\/api.w.org\/{rel}","templated":true}]}}