{"id":18161,"date":"2011-04-10T00:00:00","date_gmt":"2011-04-10T00:00:00","guid":{"rendered":"https:\/\/tunisnews.net\/10-avril-2011\/"},"modified":"2011-04-10T00:00:00","modified_gmt":"2011-04-10T00:00:00","slug":"10-avril-2011","status":"publish","type":"post","link":"https:\/\/tunisnews.net\/ar\/10-avril-2011\/","title":{"rendered":"10 avril 2011"},"content":{"rendered":"<p><html><head><meta content=\"text\/html\" description=\"TUNIS \u2014 L'ombre de la dictature de 23 ans de \n\t\tZine El Abidine Ben Ali n'a pas fini de planer sur la Tunisie trois mois \n\t\tapr\u00e8s sa chute que d\u00e9j\u00e0 le mythe d'Habib Bourguiba, m\u00e9thodiquement &quot;gomm\u00e9&quot; \n\t\tpar son tombeur, refait surface, onze ans apr\u00e8s le d\u00e9c\u00e8s du p\u00e8re de \n\t\tl'ind\u00e9pendance.\" http-equiv=\"Content-Type\"\/><\/head><body><body><\/p>\n<div>\n<div align=\"center\" dir=\"ltr\"><font face=\"Bookman Old Style\" size=\"7\"><strong>TUNISNEWS <\/strong><\/font><\/div>\n<div align=\"center\" dir=\"ltr\"><strong><font face=\"Arial\" size=\"2\">10 \u00e8me ann\u00e9e, N\u00b03974du 10.04.2011<\/font><\/strong><\/div>\n<div align=\"center\" dir=\"ltr\"><font face=\"Arial\" size=\"2\"><strong>archives : <\/strong><\/font><a target=\"_blank\" rel=\"noopener\"><font face=\"Arial\" size=\"2\"><strong>www.tunisnews.net<\/strong><\/font><\/a><span lang=\"FR\"><strong><font face=\"Arial\" size=\"2\"><\/font><\/strong><\/span><\/div>\n<p><span lang=\"FR\"><\/p>\n<div align=\"center\" dir=\"ltr\"><font face=\"Arial\" size=\"2\"><\/p>\n<hr\/>\n<p><\/font><\/div>\n<div>\n<h2 style=\"color: red;\"><font face=\"Arial\" size=\"2\"><strong>AFP: Le retour du mythe Bourguiba en Tunisie<\/strong><\/font><\/h2>\n<\/div>\n<div><font size=\"2\"><strong><\/p>\n<p><font face=\"Arial\"><font>FTCR: Lumpadusa victoire du droits et des harragas tunisiens <\/font><span lang=\"FR\"><font>H. Hachem et M. Mathlouthi: <\/font><\/span><font>R\u00e9volution inachev\u00e9e, r\u00e9volution en danger<\/font><\/font><\/p>\n<p><\/strong><\/font><\/div>\n<p><\/span><\/p>\n<div>\n<hr\/>\n<\/div>\n<div><font face=\"Arial\" size=\"4\"><strong>REVUE DE PRESSE<\/strong><\/font><\/div>\n<div>\n<hr\/>\n<\/div>\n<div align=\"center\">\n<h2 style=\"color: red;\"><font face=\"Arial\"><strong>Le retour du mythe Bourguiba en Tunisie<\/strong><\/font><\/h2>\n<\/div>\n<div align=\"center\">\n<hr\/>\n<\/div>\n<div align=\"justify\"><font face=\"Arial\" size=\"2\">De Jacques LHUILLERY (AFP) \u2013 Le 10 avril 2011<\/font><\/div>\n<div align=\"justify\">\u00a0<\/div>\n<div align=\"justify\"><font face=\"Arial\" size=\"2\">TUNIS \u2014 L&rsquo;ombre de la dictature de 23 ans de Zine El Abidine Ben Ali n&rsquo;a pas fini de planer sur la Tunisie trois mois apr\u00e8s sa chute que d\u00e9j\u00e0 le mythe d&rsquo;Habib Bourguiba, m\u00e9thodiquement \u00ab\u00a0gomm\u00e9\u00a0\u00bb par son tombeur, refait surface, onze ans apr\u00e8s le d\u00e9c\u00e8s du p\u00e8re de l&rsquo;ind\u00e9pendance.<\/font><\/div>\n<div align=\"justify\">\u00a0<\/div>\n<div align=\"justify\"><font face=\"Arial\" size=\"2\">Ben Ali avait pourtant tout fait pour effacer toute trace de l&rsquo;homme qu&rsquo;il avait d\u00e9pos\u00e9 le 7 novembre 1987, jusqu&rsquo;\u00e0 sa statue \u00e9questre au coeur de Tunis.<\/font><\/div>\n<div align=\"justify\">\u00a0<\/div>\n<div align=\"justify\"><font face=\"Arial\" size=\"2\">Le jour de l&rsquo;enterrement de Bourguiba, les gens attendaient une retransmission en direct. Ils n&rsquo;ont eu droit qu&rsquo;\u00e0 des documentaires animaliers et des images de coucher de soleil.<\/font><\/div>\n<div align=\"justify\">\u00a0<\/div>\n<div align=\"justify\"><font face=\"Arial\" size=\"2\">Pour la premi\u00e8re fois depuis 1987, les Tunisiens ont pu c\u00e9l\u00e9brer cette ann\u00e9e librement le \u00ab\u00a0Za\u00efm\u00a0\u00bb dans sa ville de Monastir le 6 avril. Parall\u00e8lement aux c\u00e9r\u00e9monies officielles empes\u00e9es, des centaines de gens ordinaires ont d\u00e9pos\u00e9 d&rsquo;anonymes petits bouquets sur le tombeau de marbre blanc.<\/font><\/div>\n<div align=\"justify\">\u00a0<\/div>\n<div align=\"justify\"><font face=\"Arial\" size=\"2\">Le jour de l&rsquo;ind\u00e9pendance, le 20 mars, la t\u00e9l\u00e9vision nationale a diffus\u00e9 un long documentaire hagiographique sur la vie de Bourguiba et dans les librairies de Tunis, \u00e0 c\u00f4t\u00e9 des premiers livres sur la r\u00e9volution, tr\u00f4nent d\u00e9sormais des ouvrages avec le portrait du \u00ab\u00a0combattant supr\u00eame\u00a0\u00bb, bouquet de jasmin \u00e0 la main, la fleur symbole du pays.<\/font><\/div>\n<div align=\"justify\">\u00a0<\/div>\n<div align=\"justify\"><font face=\"Arial\" size=\"2\">Bourguiba, Ben Ali: la Tunisie n&rsquo;a pas connu d&rsquo;autre dirigeant depuis l&rsquo;ind\u00e9pendance en 1956 et aujourd&rsquo;hui, elle se cherche des rep\u00e8res et des valeurs. Dans les journaux fleurissent articles et tribunes enflamm\u00e9es pour ou contre l&rsquo;h\u00e9ritage du p\u00e8re de la Tunisie moderne, les d\u00e9rives autoritaires du \u00ab\u00a0pr\u00e9sident \u00e0 vie\u00a0\u00bb ou l&rsquo;utilit\u00e9 du \u00ab\u00a0bourguibisme\u00a0\u00bb.<\/font><\/div>\n<div align=\"justify\">\u00a0<\/div>\n<div align=\"justify\"><font face=\"Arial\" size=\"2\">\u00ab\u00a0Nos dirigeants provisoires font d\u00e9marrer la dictature \u00e0 Ben Ali. En fait, on peut la faire remonter \u00e0 1956, m\u00eame si l&rsquo;h\u00e9ritage de Bourguiba est sans commune mesure avec ce qu&rsquo;a laiss\u00e9 Ben Ali\u00a0\u00bb, commente un journaliste politique.<\/font><\/div>\n<div align=\"justify\">\u00a0<\/div>\n<div align=\"justify\"><font face=\"Arial\" size=\"2\">\u00ab\u00a0Pendant 55 ans, la marche de notre pays a \u00e9t\u00e9 frein\u00e9e par le despotisme et le manque de sagesse de son premier leader\u00a0\u00bb, juge s\u00e9v\u00e8rement l&rsquo;universitaire et opposant Dhiaddeine Souissi pour qui le \u00ab\u00a0bourguibisme n&rsquo;est pas la bonne adresse\u00a0\u00bb pour la Tunisie d&rsquo;aujourd&rsquo;hui.<\/font><\/div>\n<div align=\"justify\">\u00a0<\/div>\n<div align=\"justify\"><font face=\"Arial\" size=\"2\">\u00ab\u00a0Son cursus n&rsquo;est certainement pas exempt de zones d&rsquo;ombres mais globalement c&rsquo;est un parcours tr\u00e8s positif\u00a0\u00bb, r\u00e9torque le ministre de l&rsquo;Education Taieb Baccouche. \u00ab\u00a0Ce que l&rsquo;histoire retiendra, dit-il \u00e0 l&rsquo;AFP, ce n&rsquo;est pas son c\u00f4t\u00e9 despotique mais un Etat ouvert, la g\u00e9n\u00e9ralisation de l&rsquo;enseignement et le statut de la femme\u00a0\u00bb, unique dans le monde arabo-musulman.<\/font><\/div>\n<div align=\"justify\">\u00a0<\/div>\n<div align=\"justify\"><font face=\"Arial\" size=\"2\">\u00ab\u00a0La politique \u00e9ducative de Bourguiba a eu raison de son m\u00e9diocre successeur. A un rythme vertigineux, l&rsquo;histoire de son pays lui donne raison et retentit bien au-del\u00e0 de ses fronti\u00e8res\u00a0\u00bb, abonde l&rsquo;intellectuel Jalel Ben Abdallah.<\/font><\/div>\n<div align=\"justify\">\u00a0<\/div>\n<div align=\"justify\"><font face=\"Arial\" size=\"2\">Pour le neurologue Moncef Marzouki, opposant de toujours \u00e0 Ben Ali, Bourguiba \u00ab\u00a0croyait sinc\u00e8rement \u00e0 la n\u00e9cessit\u00e9 de d\u00e9velopper le pays\u00a0\u00bb mais \u00ab\u00a0d\u00e8s le d\u00e9part il a mis en place une police pour faire peur\u00a0\u00bb.<\/font><\/div>\n<div align=\"justify\">\u00a0<\/div>\n<div align=\"justify\"><font face=\"Arial\" size=\"2\">Les jeunes, qui n&rsquo;ont connu que Ben Ali, sont tout aussi partag\u00e9s. Pour Samir, 25 ans, dipl\u00f4m\u00e9 universitaire, \u00ab\u00a0Bourguiba est le p\u00e8re fondateur de la nation mais aussi celui du totalitarisme en Tunisie\u00a0\u00bb.<\/font><\/div>\n<div align=\"justify\">\u00a0<\/div>\n<div align=\"justify\"><font face=\"Arial\" size=\"2\">\u00ab\u00a0Il ne repr\u00e9sente rien pour moi. C&rsquo;est un homme qui a combattu l&rsquo;islam sous pr\u00e9texte d&rsquo;instaurer la libert\u00e9\u00a0\u00bb, juge Amine, un \u00e9tudiant de 19 ans.<\/font><\/div>\n<div align=\"justify\">\u00a0<\/div>\n<div align=\"justify\"><font face=\"Arial\" size=\"2\">Noureddine, un commer\u00e7ant de 35 ans, est plus lyrique: \u00ab\u00a0c&rsquo;\u00e9tait le p\u00e8re des Tunisiens et non leur pr\u00e9sident. Malgr\u00e9 ses erreurs, on ne peut pas nier qu&rsquo;il se souciait vraiment de l&rsquo;avenir de son pays et son peuple\u00a0\u00bb.<\/font><\/div>\n<div align=\"justify\">\u00a0<\/div>\n<div align=\"justify\"><font face=\"Arial\" size=\"2\">Dernier clin d&rsquo;oeil de l&rsquo;Histoire: \u00e0 trois mois des premi\u00e8res \u00e9lections d\u00e9mocratiques depuis l&rsquo;ind\u00e9pendance en juillet, la Tunisie est dirig\u00e9e provisoirement par le pr\u00e9sident Foued Mebazaa et le Premier ministre Bei Ca\u00efd Essebsi, deux octog\u00e9naires purs produits de l&rsquo;\u00e8re Bourguiba.<\/font><\/div>\n<hr\/>\n<div align=\"center\">\n<h2 style=\"color: red;\"><font face=\"Arial\"><strong>Lumpadusa victoire du droits et des harragas tunisiens<\/strong><\/font><\/h2>\n<\/div>\n<div align=\"center\">\n<hr\/>\n<\/div>\n<div><font face=\"Arial\" size=\"2\">La F.T.C.R. est heureuse d\u2019annoncer la victoire du droit et de la loi contre les cons\u00e9quences n\u00e9fastes du r\u00e9cent accord tuniso-italien concernant les migrants tunisiens.<\/font><\/div>\n<div><font face=\"Arial\" size=\"2\">Grace \u00e0 l\u2019action des militants des militants de la FTCR et de son association membre RISOM conduite par le camarade Omeyya Seddik aupr\u00e8s de nos amis juristes, avocats, associatifs et politiques italiens, les 104 tunisiens retenus \u00e0 Lampedusa dans l\u2019attente de leur expulsion vers la Tunisie ont vu cette d\u00e9cision arbitraire cass\u00e9 par le tribunal italien.<\/font><\/div>\n<div><font face=\"Arial\" size=\"2\">La F.T.C.R. pr\u00e9pare la d\u00e9fense d\u2019autres harragas de Redeyef qui ont fait parti du premier rapatriement collectif forc\u00e9 accept\u00e9 par le gouvernement provisoire tunisien.<\/font><\/div>\n<div><font face=\"Arial\" size=\"2\">La F.T.C.R. appelle \u00e0 une large mobilisation des forces d\u00e9mocratiques, syndicales associatives et politiques progressistes et humanistes tunisiennes, fran\u00e7aises et italienne pour annuler ce nouvel accord contraire aux droits des migrants. Il faut cr\u00e9er une coalition pour les droits des migrants tunisiens et autres.<\/font><\/div>\n<div><font face=\"Arial\" size=\"2\">Les principes de justice et de droit apport\u00e9s par la r\u00e9volution tunisienne doivent s\u2019appliquer imm\u00e9diatement au minist\u00e8re des affaires \u00e9trang\u00e8res tunisiennes qui continue \u00e0 appliquer les m\u00eames pratiques en vigueur sous le dictateur BEN ALI, il faut que cela cesse.<\/font><\/div>\n<div><font face=\"Arial\" size=\"2\">VIVE LE DROIT DES MIGRANTS TUNISIENS<\/font><\/div>\n<div><font face=\"Arial\" size=\"2\">A BAS LES RAPATRIEMENTS FORCES ET COLLECTIFS DES MIGRANTS<\/font><\/div>\n<div><font face=\"Arial\" size=\"2\">Pour la FTCR, le pr\u00e9sident<\/font><\/div>\n<div><font face=\"Arial\" size=\"2\">Tarek BEN HIBA<\/font><\/div>\n<hr\/>\n<p align=\"center\"><b><span lang=\"FR\"><\/p>\n<h2 style=\"color: red;\"><font face=\"Arial\">R\u00e9volution inachev\u00e9e, r\u00e9volution en danger.<\/font><\/h2>\n<p> <\/span><\/b><\/p>\n<hr\/>\n<p>\u00a0<\/p>\n<p align=\"left\">\u00a0<\/p>\n<p align=\"justify\"><span lang=\"FR\"><font face=\"Arial\">Notre r\u00e9volution s\u2019est arr\u00eat\u00e9e \u00e0 quelques m\u00e8tres de la ligne d\u2019arriv\u00e9e. Il aurait fallu qu\u2019elle continue sur sa lanc\u00e9e, aid\u00e9e par son \u00e9lan et son \u00e9nergie initiale pour d\u00e9barrasser le pays de ses plus grands maux, qui sont :<\/font><\/span><\/p>\n<p align=\"justify\"><span lang=\"FR\"><font face=\"Times New Roman\"><font>&#8211;<\/font><span><font><\/font><\/span><\/font><\/span><font face=\"Arial\"><i><span lang=\"FR\"><font>les caciques de l\u2019ancien r\u00e9gime mafieux et corrompus,<\/font><\/span><\/i><span lang=\"FR\"><font><\/font><\/span><\/font><\/p>\n<p align=\"justify\"><span lang=\"FR\"><font face=\"Times New Roman\"><font>&#8211;<\/font><span><font><\/font><\/span><\/font><\/span><font face=\"Arial\"><i><span lang=\"FR\"><font>un minist\u00e8re de l\u2019int\u00e9rieur, bastille de la torture et de la r\u00e9pression depuis 50 ans (y compris du temps o\u00f9 B\u00e9ji Ca\u00efd Essebsi \u00e9tait ministre de l\u2019int\u00e9rieur), et sa police criminelle et corrompue<\/font><\/span><\/i><span lang=\"FR\"><font>,<\/font><\/span><\/font><\/p>\n<p align=\"justify\"><span lang=\"FR\"><font face=\"Times New Roman\"><font>&#8211;<\/font><span><font><\/font><\/span><\/font><\/span><font face=\"Arial\"><i><span lang=\"FR\"><font>une justice servile qui justifia les exc\u00e8s des gouvernements successifs de Bourguiba et de Zaba,<\/font><\/span><\/i><span lang=\"FR\"><font><\/font><\/span><\/font><\/p>\n<p align=\"justify\"><span lang=\"FR\"><font face=\"Times New Roman\"><font>&#8211;<\/font><span><font><\/font><\/span><\/font><\/span><i><span lang=\"FR\"><font face=\"Arial\">et des medias (radio et t\u00e9l\u00e9) complices de tous les crimes commis contre le peuple.<\/font><\/span><\/i><\/p>\n<p align=\"justify\">\u00a0<\/p>\n<p align=\"justify\"><span lang=\"FR\"><font face=\"Arial\">Trois mois et demi apr\u00e8s, les caciques de l\u2019ancien r\u00e9gime sont toujours l\u00e0 et m\u00eame au gouvernement, le minist\u00e8re de l\u2019int\u00e9rieur toujours une forteresse qui s\u2019adonne \u00e0 son commerce favori : la r\u00e9pression du peuple et la torture des jeunes manifestants ; sa police est toujours la m\u00eame (penseriez-vous qu\u2019on allait la doter d\u2019une nouvelle tenue pour aider \u00e0 distinguer l\u2019avant de l\u2019apr\u00e8s , rien !) et m\u00eame en civil (ne nous a-t-on pas annonc\u00e9 la dissolution de la police politique ? 200 seulement \u201crecycl\u00e9s\u201c dans d\u2019autres services , sur un total de plus de 6000); les m\u00eame juges v\u00e9reux tr\u00f4nent toujours dans les tribunaux et au minist\u00e8re de l\u2019injustice, et la radio continue \u00e0 nous servir du matin au soir un programme fort en chansonnettes alors que la r\u00e9volution a grand besoin de soutiens m\u00e9diatiques 24 heures sur 24 et dans toutes les r\u00e9gions du pays.<\/font><\/span><\/p>\n<p align=\"justify\">\u00a0<\/p>\n<p align=\"justify\"><span lang=\"FR\"><font face=\"Arial\">Qu\u2019a-t-on gagn\u00e9 ? La libert\u00e9 d\u2019expression sur la place publique ? Une apparence de libert\u00e9 et de d\u00e9mocratie. Mais cela peut nous \u00eatre confisqu\u00e9 en un rien de temps si l\u2019on n\u2019assure pas les fondements de la d\u00e9mocratie; t\u00e2che qui exige une rupture totale avec l\u2019ancien r\u00e9gime, ses institutions, ses agents, et ses m\u00e9thodes.<\/font><\/span><\/p>\n<p align=\"justify\"><span lang=\"FR\"><font face=\"Arial\">Jusqu\u2019\u00e0 maintenant on n\u2019a rien fait de cela : les mafieux et proches de Zaba sont toujours en fuite, les corrompus du RCD, bien engraiss\u00e9s par plus de deux d\u00e9cennies d\u2019une pratique d\u2019exploitation et de spoliation sont en libert\u00e9 et ne cessent de fomenter des complots pour faire d\u00e9railler le train de la r\u00e9volution. Ils ont recrut\u00e9 des casseurs par ici, des snipers par l\u00e0, des brigands et voleurs lib\u00e9r\u00e9s de prison comme par miracle. Les juges auto-satisfaits ne sont pas press\u00e9s d\u2019engager les poursuites contre tous ces criminels, et cela parce que personne n\u2019est all\u00e9 dans leur bureau pour leur donner un coup de pied au cul et leur dire de d\u00e9gager.<\/font><\/span><\/p>\n<p align=\"justify\">\u00a0<\/p>\n<p align=\"justify\"><font face=\"Arial\"><span lang=\"FR\"><font>Quant \u00e0 la radio et t\u00e9l\u00e9vision nationales et leurs antennes r\u00e9gionales, elles sont \u00e0 des ann\u00e9es lumi\u00e8re de retard par rapport \u00e0 ce qu\u2019exigent ce moment historique et la construction de la d\u00e9mocratie. Des medias (presse \u00e9crite, radio, t\u00e9l\u00e9, Internet, etc\u2026) libres et ind\u00e9pendants constituent le quatri\u00e8me pouvoir et un pilier essentiel \u00e0 toute vraie d\u00e9mocratie. Ces m\u00e9dias sont l\u2019\u0153il alerte, averti, et \u00e9veill\u00e9 qui scrute constamment les trois autres pouvoirs (le l\u00e9gislatif, la judiciaire, et l\u2019ex\u00e9cutif). Il est difficile de justifier l\u2019extr\u00eame inertie et la totale inaptitude de la radio et t\u00e9l\u00e9vision nationale \u00e0 se transformer pour se hisser au niveau des attentes du peuple et de sa r\u00e9volution. Comme dit un proverbe am\u00e9ricain : you can\u2019t teach an old dog new tricks (\u2018tu ne peux pas apprendre de nouvelles astuces \/ habitudes \/ \u00e0 un vieux chien\u2019), je pense que les dinosaures dans ces institutions ont d\u00e9pass\u00e9 l\u2019\u00e2ge de la retraite<\/font><\/span><font><span lang=\"FR\">(en tout cas sur le plan professionnel)<\/span><\/font><span lang=\"FR\"><font>. Un coup de pied dans cette fourmili\u00e8re ferait le plus grand bien.<\/font><\/span><\/font><\/p>\n<p align=\"justify\">\u00a0<\/p>\n<p align=\"justify\"><span lang=\"FR\"><font face=\"Arial\">En fait, la seule vraie institution \u00e0 b\u00e9n\u00e9ficier de la r\u00e9volution est la police. Elle continue d\u2019agir comme par le pass\u00e9 : tabasser les manifestants pacifiques \u00e0 Kasbah1 et 2, (en s\u2019aidant de l\u2019arm\u00e9e pour Kasbah3) leur jeter des pierres du haut de leur bastille-minist\u00e8re, continuer \u00e0 arr\u00eater et \u00e0 s\u00e9vir, agir en tenue civile (bien s\u00fbr qu\u2019ils ne vont pas la dissoudre cette police de la honte), refuser de bouger quand des t\u00eates d\u2019\u00e9pingles et fanatiques d\u2019Allah ont violemment attaqu\u00e9 une manifestation pacifique \u00e0 Sousse en faveur de la la\u00efcit\u00e9, et en prime de tout cela on leur donne un syndicat, et une augmentation de salaire.<\/font><\/span><\/p>\n<p align=\"justify\">\u00a0<\/p>\n<p align=\"justify\"><span lang=\"FR\"><font face=\"Arial\">Tout ce qu\u2019on a vu du gouvernement de Sebsi pour r\u00e9former la police c\u2019est le limogeage de Rajhi, un ministre de l\u2019int\u00e9rieur certes un peu amateur, mais qui a essay\u00e9 dans les limites \u00e9troites des degr\u00e9s de libert\u00e9 qui lui sont allou\u00e9s de faire quelque chose. Au lieu de r\u00e9forme l\u2019ancien titulaire du minist\u00e8re nous a sorti des caves de l\u2019int\u00e9rieur, un mill\u00e9sime de l\u2019oppression bien conserv\u00e9, M. Habib Essid pour continuer \u00e0 faire r\u00e9gner l\u2019ORDRE \u00ab Haybat Eddaoula \u00bb, dit-il. Et lorsqu\u2019on lui reproche ce choix, il se prend pour un premier ministre l\u00e9gitime \u2013lui dont la l\u00e9gitimit\u00e9 ne tient qu\u2019\u00e0 un concours de circonstances- pour dire que personne ne me guidera dans mes choix et que si on devait ne pas choisir les collaborateurs de l\u2019ancien r\u00e9gime, il faudrait \u00e9carter la moiti\u00e9 des tunisiens des responsabilit\u00e9s. Pourquoi n\u2019a-t-il pas choisi les responsables parmi l\u2019autre moiti\u00e9 ? Mais passons, ce n\u2019est que du provisoire. Nous attendrons la nouvelle constitution, la nouvelle r\u00e9publique.<\/font><\/span><\/p>\n<p align=\"justify\">\u00a0<\/p>\n<p align=\"justify\"><span lang=\"FR\"><font face=\"Arial\">Il faudrait aussi nous rendre compte que la meilleure constitution que nos plus brillants constitutionalistes vont pondre, et toutes les commissions de sauvegarde des acquis de la r\u00e9volution que l\u2019on peut avoir seraient sans effets si l\u2019on ne nettoie pas, dare-dare, les quatre corps et institutions que je viens de mentionner \u00e0 savoir: les anciens du RCD, le minist\u00e8re de la torture et sa police omnipr\u00e9sente et efficace seulement quand il s\u2019agit de r\u00e9primer, les juges, et la radio t\u00e9l\u00e9 nationales ; et que justice soit faite sans plus de d\u00e9lais. Certains politiciens qui n\u2019ont \u00e0 c\u0153ur que de sauver leurs seuls int\u00e9r\u00eats \u2013 comme ceux qui se pr\u00e9parent aux prochaines \u00e9lections pr\u00e9sidentielles -fustigent la chasse aux sorci\u00e8res. Je leur demanderais \u00e0 quoi sert une r\u00e9volution si l\u2019on fait table rase du pass\u00e9, qu\u2019on oublie tout, et qu\u2019on pousse la poussi\u00e8re sous le tapis pour continuer comme si de rien n\u2019\u00e9tait. Mais Messieus. Chebbi, Marzouki, et les autres: peut-on cacher un \u00e9l\u00e9phant sous le tapis? Il y a tellement eu de tu\u00e9s, de tortur\u00e9s, et des victimes d\u2019exactions et d\u2019abus qui crient justice. Et justice doit leur \u00eatre rendue. Les procureurs de la r\u00e9publique (qu\u2019il faudra choisir sur des crit\u00e8res d\u2019\u00e9thique et de probit\u00e9 plus encore que sur leur exp\u00e9rience pass\u00e9e sous Zaba) doivent se presser pour ouvrir des informations judiciaires et se constituer parties civiles, et il va falloir y travailler avec une \u00e9quipe du matin et une \u00e9quipe du soir. La chasse aux sorci\u00e8res est une chose, que personne ne souhaite, rendre justice qui est due depuis longtemps en est une autre, que tout le monde r\u00e9clame. Autant on c\u00e9l\u00e8bre le bannissement de la peine de la mort, autant on tient \u00e0 ce que Zaba et les siens, et les autres tortionnaires et criminels soient pass\u00e9s en justice. On ne peut tout de m\u00eame pas sacrifier le droit des victimes sur l\u2019autel de la r\u00e9conciliation sociale parce que cela arrange quelques politiciens qui ne pensent qu\u2019\u00e0 enfourcher le pouvoir. Personne n\u2019est au-dessus de la loi, chacun doit r\u00e9pondre de ses actes et crimes. Cela doit servir d\u2019exemple pour le pr\u00e9sent et les futures g\u00e9n\u00e9rations, et aider \u00e0 enraciner la d\u00e9mocratie par la justice. Il n\u2019est pas de d\u00e9mocratie sans justice. Une justice ind\u00e9pendante qui aurait jou\u00e9 son r\u00f4le pleinement aurait jug\u00e9 tous ces voyous de Trabelsi voleurs de yacht et ces autres mafias de \u00ab couscous connexion \u00bb et nous aurait permis d\u2019\u00eatre dignes. La dignit\u00e9 c\u2019est justement le v\u0153u le plus cher \u00e0 la jeunesse qui s\u2019est r\u00e9volt\u00e9e. N\u2019amputons pas cette r\u00e9volution de sa composante la plus embl\u00e9matique. Restons dignes.<\/font><\/span><\/p>\n<p align=\"justify\">\u00a0<\/p>\n<p align=\"justify\">\u00a0<\/p>\n<p align=\"justify\"><span lang=\"FR\"><font face=\"Arial\">Alors, dignement, il faudra reprendre le travail, retourner \u00e0 nos champs, \u00e9coles, usines, bureaux, pour travailler, produire et relever le d\u00e9fi \u00e9conomique et financier pour le d\u00e9veloppement de notre pays. Mais \u00e0 vous ministres, juges, et journalistes qui par votre inertie,<\/font><font face=\"Arial\"> vos reniements, conspirations, et machinations contre la r\u00e9volution, je dis que vous nous obligez \u00e0 utiliser notre \u00e9nergie \u00e0 \u00eatre vigilants pour contrer vos complots et cette \u00e9nergie serait mieux utilis\u00e9e \u00e0 relancer l\u2019\u00e9conomie du pays. Faites votre travail proprement, on fera le n\u00f4tre remarquablement<\/font><\/span><\/p>\n<p align=\"justify\">\u00a0<\/p>\n<p align=\"justify\"><span lang=\"FR\"><font face=\"Arial\">D\u00e9cidons donc des priorit\u00e9s, et agissons sans h\u00e9sitation ni d\u00e9lai. Au lieu de manifester devant la Kasbah, donnons un peu de r\u00e9pit \u00e0 Essebsi, et portons nos efforts contre les juges, la radio nationale, et la forteresse de la torture et de la r\u00e9pression, une chose \u00e0 la fois, et cela tout en nous m\u00e9fiant des barbus m\u00eame s\u2019ils se pr\u00e9sentent ras\u00e9s de pr\u00e8s.<\/font><\/span><\/p>\n<p align=\"justify\">\u00a0<\/p>\n<p align=\"justify\"><span lang=\"FR\"><font face=\"Arial\">Une autre revendication consisterait \u00e0 modifier l\u2019embl\u00e8me de la nouvelle r\u00e9publique. Ce n\u2019est pas <b>LIBERTE \u2013 ORDRE \u2013 JUSTICE<\/b> qu\u2019il nous faut, mais <b>LIBERTE \u2013 DIGNITE \u2013 JUSTICE<\/b>. L\u2019ordre avec les flics de Bourguiba et de Zaba, on a vu o\u00f9 cela nous a men\u00e9s. N\u2019a-t\u2019on pas appel\u00e9 notre r\u00e9volution la r\u00e9volution de la dignit\u00e9. N\u2019a-t-on pas cri\u00e9 \u00ab Du pain et de l\u2019eau, mais pas de BenAli ? Eh bien que ce cri du c\u0153ur, soit grav\u00e9 dans l\u2019embl\u00e8me de la r\u00e9publique, par fid\u00e9lit\u00e9 au martyre Mohamed Bouazizi, mort justement pour la dignit\u00e9 et la justice. Donc \u00ab <b>HOURRIA \u2013 KARAMA \u2013 ADALA<\/b> \u00bb devrait \u00eatre l\u2019embl\u00e8me. Et surtout que le notable Ca\u00efd Essebsi ne vienne pas nous r\u00e9chauffer le plat de l\u2019ordre et de \u00ab Haybet Addaoula \u00bb nagu\u00e8re servi par Bourguiba. L\u2019ordre, la discipline et autres postures de p\u00e8re fouettard ne sont plus de mise. Il faut de la dignit\u00e9. <\/font><\/span><\/p>\n<p align=\"justify\">\u00a0<\/p>\n<p align=\"justify\"><font face=\"Arial\"><b><span lang=\"FR\"><font>Note pratique<\/font><\/span><\/b><span lang=\"FR\"><font> : Afin d\u2019\u00e9viter que des casseurs ou provocateurs ne s\u2019infiltrent dans les manifestations il faudrait en assurer l\u2019encadrement. Un groupe (5 \u00e0 10 % du nombre des manifestants) d\u00e9di\u00e9 et bien entrain\u00e9, portant des signes distinctifs (brassards, casquettes, etc\u2026) devrait veiller \u00e0 canaliser les manifestants, \u00e0 identifier les provocateurs et les casseurs, et \u00e0 pr\u00e9venir les d\u00e9rapages avant qu\u2019ils ne se produisent. Comme tout le monde \u2013 ou presque \u2013 porte une cam\u00e9ra ou vid\u00e9o, toute provocation pourrait ainsi \u00eatre enregistr\u00e9e.<\/font><\/span><\/font><\/p>\n<p align=\"left\">\u00a0<\/p>\n<p align=\"left\"><span><b><span lang=\"FR\"><font face=\"Arial\">H. Hachem et M. Mathlouthi<\/font><\/span><\/b><\/span><\/p>\n<hr\/>\n<p align=\"center\"><b><span lang=\"NO-BOK\"><\/p>\n<h2 style=\"color: red;\"><font face=\"Arial\">D\u2019apr\u00e8s Le Monde, la famille Bouazizi vit un autre martyr<\/font><\/h2>\n<p> <\/span><\/b><\/p>\n<hr\/>\n<p>\u00a0<\/p>\n<p align=\"justify\"><span lang=\"FR\"><font face=\"Arial\">Dans son \u00e9dition du jeudi 7 avril, le journal Le Monde, a fait para\u00eetre un long article de son envoy\u00e9e sp\u00e9ciale en Tunisie, Isabelle Mandraud. La journaliste est all\u00e9e \u00e0 la rencontre de la famille de Mohamed Bouazizi, du c\u00f4t\u00e9 de La Marsa. Elle s\u2019est \u00e9galement rendue \u00e0 Sidi Bouzid afin de compl\u00e9ter son enqu\u00eate.<\/font><\/span><\/p>\n<p align=\"justify\"><span lang=\"FR\"><font face=\"Arial\">Le Monde nous apprend que la famille de Mohamed Bouazizi ne peut plus vivre \u00e0 Sidi Bouzid en raison de la jalousie de certains habitants et des suspicions d\u2019enrichissement qu\u2019elle subit. Elle d\u00e9clare, \u00e0 travers Le\u00efla, la soeur de Mohamed Bouazizi, que la famille a re\u00e7u des journalistes du monde entier. Le\u00efla ne se rappelle plus du nom de tous ceux qui ont d\u00e9fil\u00e9 dans leur petite maison : Al Jazeera, Al Arabiya, France 24, Reuters, etc. Des \u00ab caravanes de remerciements \u00bb ont converg\u00e9 vers Sidi Bouzid et des politiques tunisiens ou \u00e9trangers sont venus leur rendre visite. C\u2019est \u00e0 ce moment que les rumeurs auraient commenc\u00e9 \u00e0 se d\u00e9velopper. \u00ab Ils sont devenus riches, avec les dons de tout le monde \u00bb, accuse un habitant de Sidi Bouzid. \u00ab Ils en vendu la charette pour 160 000 dinars \u00bb, croit savoir la voisine.<\/font><\/span><\/p>\n<p align=\"justify\"><span lang=\"EN-US\"><font face=\"Arial\">La compassion a fait place \u00e0 la rancoeur.<\/font><\/span><\/p>\n<p align=\"justify\"><span lang=\"EN-US\"><font face=\"Arial\">\u00ab On ne s\u2019attendait pas \u00e0 tout \u00e7a, c\u2019est une catastrophe \u00bb. d\u00e9clare Le\u00efla Bouazizi.<\/font><\/span><\/p>\n<p align=\"justify\"><span lang=\"NO-BOK\"><font face=\"Arial\">De plus, l\u2019envoy\u00e9e sp\u00e9ciale du Monde parle de la \u00ab gifle \u00bb. Elle pose d\u2019ailleurs la question de savoir si la gifle la plus c\u00e9l\u00e8bre du monde arabe a \u00e9t\u00e9 donn\u00e9e. Les habitants de Sidi Bouzid n\u2019en sont plus tr\u00e8s s\u00fbrs et parlent d\u2019 \u00bbune bousculade \u00bb et que cela ne justifie pas le maintien en prison de Fadia Hamdi, sans jugement. Lors de l\u2019altercation entre Mohamed Bouazizi et des agents municipaux, l\u2019agent Fadia Hamdi aurait gifl\u00e9 le jeune homme de 26 ans. Sa soeur Le\u00efla affirme qu\u2019il y avait des t\u00e9moins.<\/font><\/span><\/p>\n<p align=\"justify\"><span lang=\"FR\"><font face=\"Arial\">L\u2019agent Fadia Hamdi serait-elle une victime de Ben Ali, s\u2019interroge la journaliste du Monde ? Depuis, la polici\u00e8re est en prison et la population locale se mobilise en sa faveur. L\u2019agent Hamdi aurait commenc\u00e9, selon ses proches, une gr\u00e8ve de la faim.<\/font><\/span><\/p>\n<p align=\"justify\"><span lang=\"EN-US\"><font face=\"Arial\">Source:\u201dTUNISIE NUMERIQUE\u201d Le 10-04-2011<\/font><\/span><\/p>\n<div>\n<p align=\"justify\"><span lang=\"NO-BOK\"><font face=\"Arial\">Lien: <\/font><a href=\"http:\/\/www.tunisienumerique.com\/2011\/04\/dapres-le-monde-la-famille-bouazizi-vit-un-autre-martyr\/\" target=\"_blank\" rel=\"noopener\"><font face=\"Arial\">http:\/\/www.tunisienumerique.com\/2011\/04\/dapres-le-monde-la-famille-bouazizi-vit-un-autre-martyr\/<\/font><\/a><\/span><\/p>\n<\/div>\n<p align=\"center\"><b><span lang=\"EN-US\"><\/p>\n<h2 style=\"color: red;\"><font face=\"Arial\">Accord franco-italien sur les migrants tunisiens<\/font><\/h2>\n<p> <\/span><\/b><\/p>\n<hr\/>\n<p>\u00a0<\/p>\n<p align=\"justify\"><span lang=\"EN-US\"> <\/span><span lang=\"NO-BOK\"><font face=\"Arial\">Les deux pays vont organiser des patrouilles communes en M\u00e9diterran\u00e9e mais l\u2019Italie attend davantage de l\u2019Europe<\/font><\/span><\/p>\n<p align=\"justify\"><font face=\"Arial\"><span lang=\"EN-US\"><font>On pensait la rupture consomm\u00e9e. Mais la r\u00e9union de vendredi 8 avril \u00e0 Milan entre Claude Gu\u00e9ant, ministre de l\u2019int\u00e9rieur fran\u00e7ais, et Roberto Maroni, son homologue italien, a permis d\u2019apaiser les tensions. \u00ab Ni l\u2019Italie ni la France n\u2019ont vocation \u00e0 accueillir les migrants tunisiens \u00bb, a clairement rappel\u00e9 le ministre fran\u00e7ais \u00e0 l\u2019issue de l\u2019entretien d\u2019un peu plus d\u2019une heure.   Et pour enrayer cette vague d\u2019immigration, deux mesures : des patrouilles communes navales et a\u00e9riennes vont \u00eatre mises en place au large des c\u00f4tes tunisiennes, et un groupe de travail mixte doit \u00eatre cr\u00e9\u00e9. Les patrouilles se d\u00e9rouleront dans le cadre de Frontex, l\u2019Agence europ\u00e9enne de surveillance des fronti\u00e8res.  Ces mesures ont certes calm\u00e9 les relations entre les deux voisins, mais Rome n\u2019en d\u00e9mord pas. \u00ab Ce n\u2019est pas un probl\u00e8me italien, mais un probl\u00e8me europ\u00e9en \u00bb, a martel\u00e9 Silvio Berlusconi, le chef du gouvernement italien en visite samedi sur l\u2019\u00eele de Lampedusa, redevenue l\u2019une des principales portes d\u2019entr\u00e9e en Europe des clandestins tunisiens. \u00ab Il ne peut y avoir de r\u00e9ponse \u00e9go\u00efste \u00bb face \u00e0 ce \u00ab tsunami humain \u00bb, a-t-il ajout\u00e9.<\/font><\/span><font><span lang=\"NO-BOK\"><img decoding=\"async\" alt=\"clip_image002\" border=\"0\" height=\"10\" src=\"http:\/\/gfx1.hotmail.com\/mail\/w4\/pr04\/ltr\/i_safe.gif\" title=\"clip_image002\" width=\"1\"\/><\/span><\/font><span lang=\"EN-US\"><font><\/font><\/span><\/font><\/p>\n<p align=\"justify\"><b><span lang=\"NO-BOK\"><font face=\"Arial\">L&rsquo;Italie accuse l&rsquo;Europe<\/font><\/span><\/b><\/p>\n<p align=\"justify\"><span lang=\"NO-BOK\"><img decoding=\"async\" alt=\"clip_image002[1]\" border=\"0\" height=\"10\" src=\"http:\/\/gfx1.hotmail.com\/mail\/w4\/pr04\/ltr\/i_safe.gif\" title=\"clip_image002[1]\" width=\"1\"\/><\/span><span lang=\"EN-US\"><font face=\"Arial\">Voil\u00e0 des semaines que l\u2019Italie accuse l\u2019Europe de la laisser g\u00e9rer seule l\u2019afflux des migrants nord-africains. Mais jeudi dernier, c\u2019est la France qui a r\u00e9colt\u00e9 les plus f\u00e9roces critiques. Rome avait annonc\u00e9 sa d\u00e9cision d\u2019accorder des permis de s\u00e9jours temporaires aux migrants tunisiens arriv\u00e9s en masse sur son territoire.   Claude Gu\u00e9ant r\u00e9pondit que la France n\u2019avait pas \u00e0 \u00ab subir une vague d\u2019immigration \u00bb, arguant par ailleurs que les permis d\u00e9livr\u00e9s ne seraient pas valables.  Ce malentendu sur l\u2019application du trait\u00e9 de Schengen s\u2019est \u00e9vapor\u00e9 lors de la r\u00e9union de vendredi : \u00ab Il est clair que l\u2019autorisation de s\u00e9jour que les Italiens vont d\u00e9livrer permet la libre circulation, mais cela a une limite dans le respect des conditions d\u00e9finies par le trait\u00e9 \u00bb, a expliqu\u00e9 le ministre fran\u00e7ais, revenant sur ses propos.   <\/font><\/span><span lang=\"NO-BOK\"><font face=\"Arial\">En plus du titre de s\u00e9jour, tout migrant devra notamment justifier de papiers d\u2019identit\u00e9 et d\u2019une garantie de ressources financi\u00e8res.<\/font><img decoding=\"async\" alt=\"clip_image002[2]\" border=\"0\" height=\"10\" src=\"http:\/\/gfx1.hotmail.com\/mail\/w4\/pr04\/ltr\/i_safe.gif\" title=\"clip_image002[2]\" width=\"1\"\/><\/span><\/p>\n<p align=\"justify\"><span lang=\"EN-US\"><font face=\"Arial\">Source: \u201dLa Croix\u201d Le 10-04-2011<\/font><\/span><\/p>\n<div>\n<p align=\"justify\"><span lang=\"NO-BOK\"><font face=\"Arial\">Lien: <\/font><a href=\"http:\/\/www.la-croix.com\/article\/index.jsp?docId=2461957&amp;rubId=4077\" target=\"_blank\" rel=\"noopener\"><font face=\"Arial\">http:\/\/www.la-croix.com\/article\/index.jsp?docId=2461957&amp;rubId=4077<\/font><\/a><\/span><\/p>\n<\/div>\n<h2 align=\"center\" style=\"color: red;\"><span lang=\"EN-US\"><\/p>\n<h2 style=\"color: red;\"><font face=\"Arial\">Immigration: pourquoi l\u2019Italie a tort<\/font><\/h2>\n<p> <\/span><\/h2>\n<hr\/>\n<p align=\"justify\"><span lang=\"NO-BOK\"><font face=\"Arial\">La d\u00e9cision du gouvernement italien de d\u00e9livrer des \u00ab visas humanitaires \u00bb \u00e0 des milliers d\u2019ill\u00e9gaux tunisiens et africains subsahariens constitue un manquement grave \u00e0 l\u2019esprit europ\u00e9en.<\/font><\/span><\/p>\n<p align=\"justify\"><span lang=\"NO-BOK\"><font face=\"Arial\">Ces titres sont, en effet, en principe, valables dans tout l\u2019espace Schengen.<\/font><\/span><\/p>\n<p align=\"justify\"><span lang=\"NO-BOK\"><font face=\"Arial\">Or Rome sait pertinemment que ces r\u00e9fugi\u00e9s \u00e9conomiques \u2013 et non pas politiques \u2013 ne feront que transiter par la p\u00e9ninsule avant de gagner le nord.<\/font><\/span><\/p>\n<p align=\"justify\"><span lang=\"NO-BOK\"><font face=\"Arial\">D\u2019o\u00f9 la col\u00e8re justifi\u00e9e de Paris, Berlin et La Haye. A l\u2019occasion d\u2019une r\u00e9union des ministres europ\u00e9ens de l\u2019Int\u00e9rieur, lundi, le repr\u00e9sentant italien devra rendre des comptes.<\/font><\/span><\/p>\n<p align=\"justify\"><font face=\"Arial\"><span lang=\"NO-BOK\"><font>Car la logique de Schengen repose sur deux principes. <\/font><\/span><span lang=\"EN-US\"><font>D\u2019abord, l\u2019id\u00e9e simple que pour chaque Etat sa fronti\u00e8re ext\u00e9rieure \u00e0 l\u2019Union n\u2019est plus une fronti\u00e8re nationale mais europ\u00e9enne. Ensuite que la d\u00e9livrance de visas Schengen doit s\u2019inscrire dans une solidarit\u00e9 continentale.<\/font><\/span><\/font><\/p>\n<p align=\"justify\"><font face=\"Arial\"><span lang=\"EN-US\"><font>Sur ces deux points, l\u2019Etat italien a failli. <\/font><\/span><span lang=\"NO-BOK\"><font>Il est incapable d\u2019assurer la s\u00e9curit\u00e9 de ses c\u00f4tes; il d\u00e9roge \u00e0 ses devoirs vis-\u00e0-vis de ses partenaires.<\/font><\/span><\/font><\/p>\n<p align=\"justify\"><span lang=\"NO-BOK\"><font face=\"Arial\">Ce double \u00e9chec en dit long sur le d\u00e9clin d\u2019un Etat qu\u2019il faut bien qualifier aujourd\u2019hui d\u2019 \u00bbhomme malade de l\u2019Europe \u00bb.<\/font><\/span><\/p>\n<p align=\"justify\"><span lang=\"EN-US\"><font face=\"Arial\">Source: \u201dL\u2019express\u201d Le 10-04-2011<\/font><\/span><\/p>\n<div>\n<p align=\"justify\"><font face=\"Arial\"><span lang=\"NO-BOK\"><font>Lien: <\/font><\/span><span lang=\"EN-US\"><a href=\"http:\/\/blogs.lexpress.fr\/nomades-express\/2011\/04\/09\/immigration-pourquoi-litalie-a-tort\/\" target=\"_blank\" rel=\"noopener\"><span lang=\"NO-BOK\"><font>http:\/\/blogs.lexpress.fr\/nomades-express\/2011\/04\/09\/immigration-pourquoi-litalie-a-tort\/<\/font><\/span><\/a><\/span><\/font><\/p>\n<\/div>\n<p align=\"center\"><b><span lang=\"EN-US\"><\/p>\n<h2 style=\"color: red;\"><font face=\"Arial\">Tunisie &#8211; Contrairement aux rumeurs, les festivals d\u2019\u00e9t\u00e9 ne sont maintenus<\/font><\/h2>\n<p> <\/span><\/b><\/p>\n<hr\/>\n<p>\u00a0<\/p>\n<p align=\"justify\"><span lang=\"EN-US\"><font face=\"Arial\">Dans une interview accord\u00e9e au quotidien tunisien Essahafa, le ministre de la Culture, Ezzeddine Bach Chaouch, a d\u00e9clar\u00e9 qu\u2019aucun festival ne sera annul\u00e9 cette ann\u00e9e.<\/font><\/span><\/p>\n<p align=\"justify\"><span lang=\"EN-US\"><font face=\"Arial\">M. Bach Chaouch a, \u00e9galement, pr\u00e9cis\u00e9 que le minist\u00e8re a d\u00e9j\u00e0 d\u00e9bloqu\u00e9, depuis plus d\u2019une semaine, les subventions habituelles, relatives \u00e0 l\u2019activit\u00e9 culturelle annuelle. \u00ab Il ne manque plus que les responsables r\u00e9gionaux commencent leur travail \u00bb, souligne t-il.<\/font><\/span><\/p>\n<p align=\"justify\"><span lang=\"EN-US\"><font face=\"Arial\">Par ailleurs, le ministre de la Culture a lanc\u00e9 un appel aux cr\u00e9ateurs et artistes tunisiens pour faire valoir leurs \u0153uvres cin\u00e9matographiques, th\u00e9\u00e2trales et artistiques d\u2019une mani\u00e8re g\u00e9n\u00e9rale pour la promotion du paysage culturel tunisien.<\/font><\/span><\/p>\n<p align=\"justify\"><span lang=\"EN-US\"><font face=\"Arial\">Source: \u201cBusiness News\u201d Le 10-04-2011<\/font><\/span><\/p>\n<div>\n<p align=\"justify\"><span lang=\"NO-BOK\"><font face=\"Arial\">Lien: <\/font><a href=\"http:\/\/www.businessnews.com.tn\/Tunisie---Contrairement-aux-rumeurs,-les-festivals-d\u2019\u00e9t\u00e9-ne-sont-maintenus,520,24287,1\" target=\"_blank\" rel=\"noopener\"><font face=\"Arial\">http:\/\/www.businessnews.com.tn\/Tunisie&#8212;Contrairement-aux-rumeurs,-les-festivals-d%E2%80%99%C3%A9t%C3%A9-ne-sont-maintenus,520,24287,1<\/font><\/a><\/span><\/p>\n<\/div>\n<p align=\"center\"><b><span lang=\"FR\"><\/p>\n<h2 style=\"color: red;\"><font face=\"Arial\">Lancement du programme : \u00ab\u00a0Femme, culture de la citoyennet\u00e9 et d\u00e9mocratie\u00a0\u00bb.<\/font><\/h2>\n<p> <\/span><\/b><\/p>\n<hr\/>\n<p>\u00a0<\/p>\n<p align=\"justify\"><span lang=\"FR\"><font face=\"Arial\">Le programme : \u00ab\u00a0Femme, culture de la citoyennet\u00e9 et d\u00e9mocratie\u00a0\u00bb, arr\u00eat\u00e9 par les minist\u00e8res des Affaires de la femme et de la Culture, a \u00e9t\u00e9 lanc\u00e9, samedi, au Centre culturel et sportif d&rsquo;El Menzah VI.<\/font><\/span><\/p>\n<p align=\"justify\"><span lang=\"FR\"><font face=\"Arial\">Ce programme s&rsquo;articule autour de deux principaux axes : combler certaines lacunes juridiques et r\u00e9tablir le prestige de femmes victimes de violence.<\/font><\/span><\/p>\n<p align=\"justify\"><span lang=\"FR\"><font face=\"Arial\">Des rencontres scientifiques sur \u00ab\u00a0la femme et la transition d\u00e9mocratique\u00a0\u00bb et \u00ab\u00a0les modes de scrutin et les droits de la femme\u00a0\u00bb seront organis\u00e9es dans le cadre de ce programme.<\/font><\/span><\/p>\n<p align=\"justify\"><span lang=\"FR\"><font face=\"Arial\">Le programme pr\u00e9voit \u00e9galement l&rsquo;organisation d&rsquo;un atelier de formation \u00e0 l&rsquo;intention des adh\u00e9rentes des partis politiques, outre des campagnes de sensibilisation et d&rsquo;\u00e9ducation.<\/font><\/span><\/p>\n<p align=\"justify\"><span lang=\"FR\"><font face=\"Arial\">Ce programme d\u00e9centralis\u00e9 et pluraliste vise \u00e0 \u00e9viter toutes formes d&rsquo;exploitation politique de la femme et \u00e0 int\u00e9grer ses droits dans le syst\u00e8me de citoyennet\u00e9 et de d\u00e9mocratie.<\/font><\/span><\/p>\n<p align=\"justify\"><span lang=\"FR\"><font face=\"Arial\">La rencontre, \u00e0 laquelle ont pris part nombre de familles des victimes de la r\u00e9volution du 14 janvier ainsi que des repr\u00e9sentants des comit\u00e9s de protection de la r\u00e9volution, a \u00e9t\u00e9 marqu\u00e9e par la signature d&rsquo;un accord avec le ministre de la culture, qui vise \u00e0 cr\u00e9er une association sous l&rsquo;appellation : \u00ab\u00a0la m\u00e9moire des martyrs\u00a0\u00bb qui aura pour mission de poursuivre les personnes impliqu\u00e9es dans des proc\u00e8s de meurtres.<\/font><\/span><\/p>\n<p align=\"justify\"><span lang=\"FR\"><font face=\"Arial\">Le ministre de la culture s&rsquo;est engag\u00e9 \u00e0 \u00e9laborer un ouvrage en hommage aux martyrs de la libert\u00e9. Cet ouvrage sera disponible dans toutes les biblioth\u00e8ques et les maisons de la culture en Tunisie.<\/font><\/span><\/p>\n<p align=\"justify\"><span lang=\"FR\"><font face=\"Arial\">Des m\u00e8res des victimes ont t\u00e9moign\u00e9, dans une ambiance triste et m\u00e9lancolique, sur les circonstances du meurtre de leurs enfants.<\/font><\/span><\/p>\n<p align=\"justify\"><span lang=\"FR\"><font face=\"Arial\">Mme Lilia Abidi, ministre des affaires de la femme, a affirm\u00e9 que le lancement de ce programme, \u00e0 l&rsquo;occasion de la comm\u00e9moration du 73\u00e8me anniversaire de la f\u00eate des martyrs et en signe de reconnaissance aux martyrs de la r\u00e9volution, confirme les liens \u00e9troits qui existent entre la r\u00e9volution de 1938 revendiquant un parlement tunisien et celle de 2011 d\u00e9clench\u00e9e au nom de la libert\u00e9.<\/font><\/span><\/p>\n<p align=\"justify\"><span lang=\"FR\"><font face=\"Arial\">De son c\u00f4t\u00e9, M. Ezzedine Bach Chaouch, ministre de la Culture a soulign\u00e9 la n\u00e9cessit\u00e9 pour le peuple tunisien de choisir la bonne voie, qui le guidera vers la d\u00e9mocratie et la libert\u00e9.<\/font><\/span><\/p>\n<p align=\"justify\"><span lang=\"FR\"><font face=\"Arial\">Il a ajout\u00e9 que dans la Tunisie post-r\u00e9volutionnaire la citoyennet\u00e9 et le vote sont un droit garanti \u00e0 tous sans exclusion, et qu&rsquo;il est imp\u00e9ratif d&rsquo;assurer la pr\u00e9sence de la femme dans toutes les institutions l\u00e9gislatives.<\/font><\/span><\/p>\n<p align=\"justify\"><span lang=\"FR\"><font face=\"Arial\">La rencontre a \u00e9t\u00e9 couronn\u00e9e par un spectacle anim\u00e9 par une pl\u00e9iade de rappeurs des diff\u00e9rents gouvernorats ainsi que des extraits de po\u00e8mes sur la r\u00e9volution d\u00e9clam\u00e9s par le po\u00e8te Awled H&rsquo;med <\/font><\/span><\/p>\n<p align=\"justify\"><span lang=\"FR\"><font face=\"Arial\">Source : \u00ab Tunisie Soir \u00bb Le 09-04-2011<\/font><\/span><\/p>\n<div>\n<p align=\"justify\"><span lang=\"FR\"><font face=\"Arial\">Lien : <\/font><a href=\"http:\/\/www.tunisiesoir.com\/index.php?option=com_content&amp;view=article&amp;id=39477:&amp;catid=52:general\" target=\"_blank\" rel=\"noopener\"><font face=\"Arial\">http:\/\/www.tunisiesoir.com\/index.php?option=com_content&amp;view=article&amp;id=39477:&amp;catid=52:general<\/font><\/a><\/span><\/p>\n<\/div>\n<h3 align=\"center\" style=\"color: blue;\"><span lang=\"EN-US\"><\/p>\n<h3 style=\"color: blue;\"><font face=\"Arial\">Tunisie : \u00ab\u00a0Des hommes d\u2019affaires corrompus n\u2019ont pas \u00e9t\u00e9 touch\u00e9s\u00a0\u00bb<\/font><\/h3>\n<p> <\/span><\/h3>\n<hr\/>\n<p align=\"justify\"><strong><span lang=\"EN-US\"><font face=\"Arial\">Abdessater Mabkhout, \u00e9conomiste, reste mitig\u00e9 quant aux r\u00e9centes mesures \u00e9conomiques annonc\u00e9es par le gouvernement. Il appelle l\u2019Etat \u00e0 donner l\u2019exemple et \u00e0 investir lourdement et imm\u00e9diatement, dans l\u2019infrastructure et les grands travaux, s\u2019il veut r\u00e9sorber le ch\u00f4mage. Ce consultant aupr\u00e8s du cabinet international de conseil financier, PriceWaterHouseCoopers, se dit pour la cr\u00e9ation d\u2019une caisse de ch\u00f4mage, \u00ab\u00a0c\u2019est mieux que de faire preuve d\u2019hypocrisie et de cr\u00e9er des emplois fictifs, a fortiori que les fonctionnaires sont d\u00e9j\u00e0 en surnombre\u00a0\u00bb. Il d\u00e9nonce que des hommes d\u2019affaires corrompus jusqu\u2019au bout n\u2019aient pas \u00e9t\u00e9 touch\u00e9s. \u00ab\u00a0En Tunisie, on n\u2019a pas d\u2019hommes d\u2019affaires \u00e0 risques, mais des affairistes qui sont r\u00e9fractaires \u00e0 la transparence fiscale, ne paient pas leurs imp\u00f4ts et profitent de la g\u00e9n\u00e9rosit\u00e9 des banques\u00a0\u00bb, d\u00e9plore-t-il.<\/font><\/span><\/strong><font><span lang=\"EN-US\"> <font face=\"Arial\"><strong>Pensez-vous que les mesures \u00e9conomiques annonc\u00e9es par le gouvernement pour sortir de la crise sont les meilleures ?<\/strong> Ces mesures m\u00e9ritent qu\u2019on mette en relief certains aspects. Il ne s\u2019agit pas de mesures \u00e0 moyen ou \u00e0 long terme, mais d\u2019actions pompiers, du fait que le pays traverse une p\u00e9riode exceptionnelle. On a accord\u00e9 un int\u00e9r\u00eat aux r\u00e9gions pour apporter des solutions urgentes aux probl\u00e8mes pos\u00e9s. Je reste toutefois perplexe, ces mesures donnent l\u2019impression qu\u2019on est en train d\u2019extrapoler par rapport \u00e0 la m\u00eame logique qui consiste \u00e0 encourager l\u2019initiative priv\u00e9e en donnant des avantages et d\u2019incitations fiscales. On a d\u00e9j\u00e0 eu recours \u00e0 cette m\u00e9thode, mais les investisseurs ne se sont pas bouscul\u00e9s dans les r\u00e9gions. Et ce n\u2019est pas maintenant avec l\u2019ins\u00e9curit\u00e9 et l\u2019instabilit\u00e9 qui demeurent qu\u2019ils vont le faire.  Pendant les r\u00e9voltes sociales et les \u00e9v\u00e9nements ayant pr\u00e9c\u00e9d\u00e9 le 14 Janvier, du temps de l\u2019ancien r\u00e9gime, on a forc\u00e9 la main aux hommes d\u2019affaires pour investir dans les r\u00e9gions, il y a deux ou trois hommes d\u2019affaires qui ont d\u00e9cid\u00e9 d\u2019y aller moyennant des avantages fiscaux. Je reste donc mitig\u00e9 quant \u00e0 l\u2019efficacit\u00e9 de cette approche. Peut-\u00eatre, s\u2019il y a une initiative locale d\u2019incitation des PME (petites et moyennes entreprises), et TPE (Tr\u00e8s petites entreprises), originaires des r\u00e9gions, on pourrait les inciter, par l\u2019\u00e9lan de la r\u00e9volution, \u00e0 d\u00e9velopper leurs activit\u00e9s dans leurs r\u00e9gions. Par exemple, si je suis originaire de Tala et je dispose d\u2019une unit\u00e9 \u00e0 Bizerte, je vais essayer d\u2019en cr\u00e9er un noyau dans ma r\u00e9gion d\u2019origine.  <\/font><b> <strong><font face=\"Arial\">En tant qu\u2019\u00e9conomiste, comment vous interpr\u00e9tez ces mesures et leurs effets, notamment sur l\u2019emploi dans les r\u00e9gions d\u00e9munies ?<\/font><\/strong><\/b> <font face=\"Arial\">Ces mesures sont destin\u00e9es aux zones de l\u2019int\u00e9rieur. Elles visent \u00e0 assouplir les crit\u00e8res d\u2019octroi de cr\u00e9dits, \u00e0 rapprocher les financements des sites en question, et \u00e0 favoriser des efforts r\u00e9gionaux imm\u00e9diats et g\u00e9n\u00e9ralis\u00e9s \u00e0 travers l\u2019encouragement de l\u2019initiative priv\u00e9e. Maintenant, vont-elles avoir un effet imm\u00e9diat sur l\u2019emploi, cela reste \u00e0 prouver. <\/font><\/span><span lang=\"NO-BOK\"><font face=\"Arial\">Il faut aussi attendre de voir la r\u00e9activit\u00e9 des capitaux. En Tunisie, le capital est frileux. On n\u2019a pas des hommes d\u2019affaires \u00e0 risques, mais des affairistes, des hommes d\u2019affaires \u00e0 rente, sous serre qui sont r\u00e9fractaires \u00e0 la transparence fiscale, qui ont profit\u00e9 de la g\u00e9n\u00e9rosit\u00e9 des banques, qui n\u2019ont pas respect\u00e9 la r\u00e9glementation vis-\u00e0-vis de leurs employ\u00e9s. <\/font><\/span><span lang=\"EN-US\"><font face=\"Arial\">C\u2019est ce qui explique que les employ\u00e9s n\u2019ont pas confiance, et continuent \u00e0 revendiquer des droits. Personnellement, bien que je sois dans un moule qui me rapproche des gens de la coupole, je me sens plus proche des gens de la Kasbah 1 et 2.  <strong>Vous trouvez les revendications sociales l\u00e9gitimes en ces temps de crise ? <\/strong> Sur le plan individuel, c\u2019est l\u00e9gitime. Les employ\u00e9s n\u2019ont pas confiance dans l\u2019employeur et le r\u00e9gime politique. On peut reprocher \u00e0 ces employ\u00e9s le fait de demander cela maintenant. Mais, je peux les comprendre, c\u2019est parce qu\u2019ils ont en face d\u2019eux les m\u00eames op\u00e9rateurs qui ne sont pas cleans, et qui ont b\u00e9n\u00e9fici\u00e9 de beaucoup d\u2019avantages fiscaux et de laxisme. Avec un r\u00e9gime mafieux, on ne peut pas avoir des hommes d\u2019affaires cleans. Ce sont ces m\u00eames acteurs qui ont profit\u00e9 des banques, n\u2019ont pas pay\u00e9 les imp\u00f4ts, qui se plaignent actuellement des revendications sociales et salariales. Alors qu\u2019 il y a des usines qui fonctionnent normalement parce que leurs patrons sont cleans, et leur environnement social sain. La question rel\u00e8ve d\u2019une culture sociale et soci\u00e9tale, c\u2019est un probl\u00e8me d\u2019\u00e9thique, un mode de fonctionnement du march\u00e9. A l\u2019heure qu\u2019il est, on reste dans le mod\u00e8le de Ghannouchi and Co, qui est le prolongement de celui de Bourguiba. Le mod\u00e8le \u00e9conomique d\u2019il y a cinquante ans \u00e9tait celui-ci. Feu H\u00e9di Nouira disait que \u00ab\u00a0ceux qui fraudent le fisc sont en train d\u2019investir\u00a0\u00bb. Avec Ben Ali, la mafia a aggrav\u00e9 les choses.  En Tunisie, il existe des dysfonctionnements graves dans le march\u00e9, parce que les hommes d\u2019affaires n\u2019en respectent pas les normes et les exigences. On a toujours voulu attirer des investissements directs \u00e9trangers, mais pas les vrais IDE. Ceux qui viennent en Tunisie pour investir, ce sont des PME qui cherchent une main d\u2019\u0153uvre moins ch\u00e8re. Pourquoi on n\u2019a pas r\u00e9ussi \u00e0 attirer les vrais investisseurs, parce qu\u2019il y a un nivellement par le bas du monde des affaires. La m\u00e9fiance envers le monde politique s\u2019explique dans le contexte actuel ; d\u2019o\u00f9 l\u2019imp\u00e9ratif que l\u2019Etat envoie des signaux forts, et met en \u0153uvre des solutions \u00e0 effets imm\u00e9diats.  <\/font><b> <strong><font face=\"Arial\">Donnez-nous des exemples de solutions \u00e0 effet imm\u00e9diat\u2026.<\/font><\/strong><\/b> <font face=\"Arial\">Pendant la crise financi\u00e8re et \u00e9conomique, qu\u2019est-ce qu\u2019\u00e0 fait l\u2019Angleterre, elle a nationalis\u00e9 les banques. En Tunisie, on doit prendre des mesures tout aussi exceptionnelles, l\u2019Etat doit donner l\u2019exemple. Il doit investir lourdement et imm\u00e9diatement, dans l\u2019infrastructure, les grands travaux, les h\u00f4pitaux et les grands projets technologiques, s\u2019il veut r\u00e9sorber le ch\u00f4mage. Si l\u2019Etat investit, outre le fait qu\u2019il va pouvoir faire travailler massivement les gens, il va aider les PME sur place d\u2019investir. Mais, l\u2019argent de l\u2019Etat ne doit pas aller aux PME sans contr\u00f4le. Je vous donne un exemple. En 2008, face \u00e0 l\u2019augmentation du ch\u00f4mage longue dur\u00e9e des dipl\u00f4m\u00e9s en comptabilit\u00e9, en droit&#8230; dans les r\u00e9gions, nous avons propos\u00e9 l\u2019id\u00e9e d\u2019impl\u00e9menter des centres de gestion int\u00e9gr\u00e9s regroupant les juristes, les comptables dont le r\u00f4le \u00e9tait d\u2019aider les PME et les TPE \u00e0 g\u00e9rer correctement leurs affaires, \u00e0 tenir une comptabilit\u00e9, etc. Les entreprises qui y ont recours b\u00e9n\u00e9ficient de 50 % au titre de l\u2019imp\u00f4t. Cela permet \u00e0 ces entreprises \u00e0 \u00eatre transparentes, \u00e0 payer l\u2019imp\u00f4t, et favorise l\u2019emploi. <\/font><\/span><span lang=\"NO-BOK\"><font face=\"Arial\">Cette id\u00e9e existe, mais elle n\u2019a pas \u00e9t\u00e9 mise en \u0153uvre. En deux mois, on peut impl\u00e9menter un tissu de centres de gestion int\u00e9gr\u00e9e. On peut \u00e9galement pr\u00e9voir un partenariat public\/priv\u00e9 (PPP), permettant \u00e0 l\u2019Etat de confier aux priv\u00e9s des projets qu\u2019il est incapable de mener. En Tunisie, tout est \u00e0 r\u00e9former et tout \u00e0 auditer par des experts ind\u00e9pendants et comp\u00e9tents, pour que les projets lanc\u00e9s et les emplois cr\u00e9\u00e9s soient utiles et p\u00e9rennes.   <strong>Qu\u2019en est-il de la cr\u00e9ation de 20 mille postes dans la fonction publique. Cette mesure vous parait-elle r\u00e9alisable et utile ?<\/strong> J\u2019ai quand m\u00eame une inqui\u00e9tude par rapport \u00e0 cela. Un fait r\u00e9cent m\u2019a interpell\u00e9. Le PDG du Groupe Chimique tunisien (GCT) qui n\u2019a pas \u00e9t\u00e9 \u00e9pargn\u00e9 par la d\u00e9gage-attitude est all\u00e9 donner des cadeaux aux habitants de Gab\u00e8s, en leur promettant six mille recrutements. Et l\u00e0, deux questions se posent : s\u2019agit-il d\u2019emplois fictifs ou r\u00e9els, si c\u2019est des emplois r\u00e9els, et si le GCT a la capacit\u00e9 de les r\u00e9sorber, pourquoi \u00e7a n\u2019a pas \u00e9t\u00e9 fait avant.<\/font><\/span><span lang=\"EN-US\"><font face=\"Arial\">Au lieu de cr\u00e9er des emplois fictifs, il vaudrait mieux instituer une prime de ch\u00f4mage.   <strong>Cela ne risque-t-il pas de favoriser encore plus la mentalit\u00e9 d\u2019assist\u00e9 ? <\/strong> Je suis pour la cr\u00e9ation d\u2019une caisse de ch\u00f4mage, c\u2019est mieux que faire preuve d\u2019hypocrisie et cr\u00e9er des emplois fictifs. <\/font><\/span><span lang=\"NO-BOK\"><font face=\"Arial\">Les fonctionnaires sont d\u00e9j\u00e0 en surnombre, et on va en recruter d\u2019autres.  La crise mondiale continue, avec les guerres, la flamb\u00e9e du baril de p\u00e9trole, les cours des mati\u00e8res premi\u00e8res qui grimpent\u2026la Tunisie p\u00e9n\u00e8tre dans la crise, et ce ind\u00e9pendamment du 14 Janvier. <\/font><\/span><font face=\"Arial\"><span lang=\"EN-US\">Tout cela m\u00e9rite des mesures efficaces. Ceci \u00e9tant, j\u2019ai une confiance totale dans ce que fait Mustapha Kamel Nabli, gouverneur de la Banque Centrale, qui est un homme int\u00e8gre et comp\u00e9tent.   <\/span><strong><span lang=\"NO-BOK\">N\u2019est-il pas en train de suivre la politique de la Banque mondiale et du FMI. <\/span><span lang=\"EN-US\">Alors que la Tunisie gagnerait \u00e0 s\u2019en affranchir pour reconqu\u00e9rir son ind\u00e9pendance \u00e9conomique ? <\/span><\/strong><\/font><\/font><span lang=\"EN-US\"><font> <\/font><font face=\"Arial\">La Tunisie a \u00e9t\u00e9 jusque-l\u00e0 un pays bizarro\u00efde. Dans les autres pays, on produit pour le march\u00e9 local, et l\u2019exc\u00e9dent est export\u00e9. En Tunisie, nous avons cr\u00e9e une industrie exportatrice, et n\u2019avons cess\u00e9 de s\u00e9duire les IDE, c\u2019est ce qui fait qu\u2019on est affect\u00e9 par les probl\u00e8mes mondiaux. Dans le futur, d\u2019ici 2014, les choses vont s\u2019am\u00e9liorer, on aura restaur\u00e9 notre d\u00e9mocratie, gagn\u00e9 en cr\u00e9dibilit\u00e9 et attir\u00e9 les vrais IDE. Pour ce faire, il faut qu\u2019on respecte les m\u00e9canismes des march\u00e9s globaux. Lorsqu\u2019on sera politiquement forts, avec des politiques tir\u00e9s de la l\u00e9gitimit\u00e9 du peuple ; on saura imposer nos d\u00e9cisions souveraines et ind\u00e9pendantes. Vu sa petite taille, l\u2019\u00e9conomie tunisienne est condamn\u00e9e \u00e0 plus d\u2019ouverture, et \u00e0 s\u2019ins\u00e9rer davantage dans la mondialisation.  S\u2019agissant de la Banque mondiale, ses fonctionnaires font des \u00ab\u00a0b\u00eatises\u00a0\u00bb, et je m\u2019excuse du terme, lorsque les pays sont fragiles et dirig\u00e9s par des incomp\u00e9tents. Je me souviens de la transformation en Tunisie, sous la b\u00e9n\u00e9diction de la banque mondiale et avec un ministre de l\u2019Agriculture catastrophique, des offices des p\u00e9rim\u00e8tres irrigu\u00e9s en CRDA, on avait supprim\u00e9 des organes \u00e9conomiquement fiables et transparents en administration sans r\u00e8gles de gestion transparente ; les r\u00e9sultats ont \u00e9t\u00e9 tr\u00e8s mauvais. Comme dans toute autre banque, le souci des fonctionnaires de la Banque mondiale est de sortir l\u2019argent, d\u2019autant plus qu\u2019ils ne sont pas tous comp\u00e9tents.   <strong>L\u2019Etat a d\u00e9cid\u00e9 de confisquer les biens des proches du Pr\u00e9sident d\u00e9chu et de son \u00e9pouse qui lui reviendraient, par cons\u00e9quent, d\u2019office. Comment r\u00e9agissez-vous \u00e0 cette mesure ?<\/strong> Outre les membres de l&rsquo;ex-famille royale, Il y a des gens qui ont profit\u00e9 du syst\u00e8me, ont commis beaucoup d\u2019abus et qui continuent \u00e0 \u00eatre libres. Je sais que la commission d&rsquo;\u00e9tablissement des faits sur les affaires de malversation et de corruption a envoy\u00e9 des documents au gouvernement, mais j&rsquo;ignore si ces documents ont \u00e9t\u00e9 exploit\u00e9s, et si toutes les proc\u00e9dures ont \u00e9t\u00e9 respect\u00e9es. Il y a des hommes d\u2019affaires corrompus jusqu\u2019au bout et qui n\u2019ont pas \u00e9t\u00e9 touch\u00e9s. Des gens qui ont financ\u00e9 la campagne \u00e9lectorale du pr\u00e9sident d\u00e9chu, dont l\u2019un a os\u00e9 publier en \u00e9t\u00e9 2010 dans un journal de la place un encart o\u00f9 il remercie personnellement Mme et M. Ben Ali pour leur soutien inconditionnel \u00e0 son groupe. Cet homme d\u2019affaires n\u2019a pas \u00e9t\u00e9 inqui\u00e9t\u00e9. On parle de r\u00e9habiliter l\u2019autorit\u00e9 de l\u2019Etat, c\u2019est, notamment, en demandant des comptes et en traduisant en justice les auteurs d\u2019abus sous l\u2019ancien r\u00e9gime, qu\u2019on y parviendra.<\/font><\/span><\/p>\n<p align=\"justify\"><span lang=\"FR\"><font face=\"Arial\">Source : \u00ab GlobalNet \u00bb Le 10-04-2011<\/font><\/span><\/p>\n<div>\n<p align=\"justify\"><span lang=\"FR\"><font face=\"Arial\">Lien : <\/font><a href=\"http:\/\/www.gnet.tn\/temps-fort\/tunisie\/economiste-des-hommes-daffaires-corrompus-nont-pas-ete-touches\/id-menu-325.html\" target=\"_blank\" rel=\"noopener\"><font face=\"Arial\">http:\/\/www.gnet.tn\/temps-fort\/tunisie\/economiste-des-hommes-daffaires-corrompus-nont-pas-ete-touches\/id-menu-325.html<\/font><\/a><\/span><\/p>\n<\/div>\n<p align=\"center\"><b><span lang=\"FR\"><\/p>\n<h3 style=\"color: blue;\"><font face=\"Arial\">Tunisie\/N\u00e9jib Chebbi : \u00ab\u00a0la religion doit rester loin du champ politique\u00a0\u00bb<\/font><\/h3>\n<p> <\/span><\/b><\/p>\n<hr\/>\n<p>\u00a0<\/p>\n<p align=\"justify\"><span lang=\"FR\"><font face=\"Arial\">Le fondateur du Parti d\u00e9mocrate progressiste (PDP), Ahmed N\u00e9jib Chebbi, a r\u00e9affirm\u00e9, samedi, \u00e0 Tunis, l&rsquo;adh\u00e9sion de son parti au projet moderniste national initi\u00e9 par les r\u00e9formateurs tunisiens depuis Kheireddine Ettounsi jusqu&rsquo;au leader Habib Bourguiba.  Lors du conseil national du PDP, M. Chebbi a mis en garde contre les dangers d&rsquo;une instrumentalisation des mosqu\u00e9es au service de desseins politiques qui visent \u00ab\u00a0\u00e0 exacerber les sentiments religieux\u00a0\u00bb et \u00ab\u00a0\u00e0 pr\u00f4ner une nouvelle forme de client\u00e9lisme politique dans les milieux sociaux\u00a0\u00bb.   <\/font><\/span><font><span lang=\"NO-BOK\"><font face=\"Arial\">L&rsquo;\u00e9tape actuelle, a-t-il plaid\u00e9, commande de d\u00e9fendre la Tunisie \u00ab\u00a0loin de tout agenda politique\u00a0\u00bb, d&rsquo;\u0153uvrer en vue de recouvrer la confiance des investisseurs \u00e9trangers et de mettre en place une infrastructure moderne dans les r\u00e9gions permettant la r\u00e9sorption du grand nombre de ch\u00f4meurs.  Il a salu\u00e9 les efforts d\u00e9ploy\u00e9s par le gouvernement de B\u00e9ji Ca\u00efd Essebsi dans la gestion des affaires courantes de l&rsquo;Etat et en vue de r\u00e9tablir la stabilit\u00e9 en cette p\u00e9riode transitoire. <\/font><\/span><\/font><span lang=\"EN-US\"><font face=\"Arial\">\u00ab\u00a0Nous sommes tous des musulmans &#8230; la religion doit rester loin du champ politique\u00a0\u00bb, a-t-il soutenu affirmant que \u00ab\u00a0la sacralisation des programmes politiques est oppos\u00e9e aux fondements d\u00e9mocratiques\u00a0\u00bb.  Evoquant les prochains rendez-vous politiques, M. Chebbi a invit\u00e9 les partis politiques, nouvellement cr\u00e9\u00e9s, \u00e0 rejoindre les listes du PDP lors des prochaines \u00e9lections de la Constituante et \u00ab\u00a0de former un front pour d\u00e9fendre les valeurs nationales partag\u00e9es et les fondements d&rsquo;une d\u00e9mocratie\u00a0\u00bb, a-t-il soutenu.<\/font><\/span><\/p>\n<p align=\"justify\"><span lang=\"NO-BOK\"><font face=\"Arial\">Cet appel du fondateur du PDP, a expliqu\u00e9 Mme Maya Jribi, secr\u00e9taire g\u00e9n\u00e9rale du Parti, refl\u00e8te une volont\u00e9 de resserrer les rangs. <\/font><\/span><font><span lang=\"EN-US\"><font face=\"Arial\">\u00ab\u00a0Il ne s&rsquo;agit nullement d&rsquo;un appel \u00e0 la constitution d&rsquo;un front face aux mouvements islamistes\u00a0\u00bb, a-t-elle pr\u00e9cis\u00e9 dans une d\u00e9claration \u00e0 l&rsquo;agence TAP.  La secr\u00e9taire g\u00e9n\u00e9rale du PDP a aussi salu\u00e9 l&rsquo;adoption par la haute instance pour la r\u00e9alisation des objectifs de la r\u00e9volution d&rsquo;un d\u00e9cret-loi portant cr\u00e9ation d&rsquo;une Haute Instance ind\u00e9pendante pour les \u00e9lections de la constituante. <\/font><\/span><\/font><font face=\"Arial\"><font><span lang=\"NO-BOK\">Il s&rsquo;agit, dit-elle, d&rsquo;une premi\u00e8re dans l&rsquo;histoire moderne de la Tunisie puisque la supervision des \u00e9lections ne sera pas du ressort du minist\u00e8re de l&rsquo;Int\u00e9rieur. <\/span><\/font><span lang=\"EN-US\"><font>Source: \u201dGlobalNet\u201d Le 10-04-2011<\/font><\/span><\/font><\/p>\n<div>\n<p align=\"justify\"><font face=\"Arial\"><span lang=\"NO-BOK\"><font>Lien: <\/font><\/span><span lang=\"EN-US\"><a href=\"http:\/\/www.gnet.tn\/revue-de-presse-nationale\/tunisie\/nejib-chebbi-la-religion-doit-rester-loin-du-champ-politique\/id-menu-958.html\" target=\"_blank\" rel=\"noopener\"><span lang=\"NO-BOK\"><font>http:\/\/www.gnet.tn\/revue-de-presse-nationale\/tunisie\/nejib-chebbi-la-religion-doit-rester-loin-du-champ-politique\/id-menu-958.html<\/font><\/span><\/a><\/span><\/font><\/p>\n<\/div>\n<p align=\"center\"><b><span lang=\"NO-BOK\"><\/p>\n<h3 style=\"color: blue;\"><font face=\"Arial\">Sondage : La tranquillit\u00e9 r\u00e8gne selon 55,2% des Tunisiens<\/font><\/h3>\n<p> <\/span><\/b><\/p>\n<hr\/>\n<p>\u00a0<\/p>\n<p align=\"justify\"><span lang=\"NO-BOK\"><font face=\"Arial\">Sigma Conseil a r\u00e9alis\u00e9, entre le 29 mars et le 2 avril 2011, un sondage d\u2019opinion sur le climat \u00e9motionnel et social en Tunisie, sur un \u00e9chantillon de 823 Tunisiens habitants en Tunisie \u00e2g\u00e9s de 18 ans et plus.<\/font><\/span><\/p>\n<p align=\"justify\"><span lang=\"NO-BOK\"><font face=\"Arial\">Le questionnaire a \u00e9t\u00e9 construit \u00e0 l\u2019issue des travaux de recherche du d\u00e9partement de psychologie de l\u2019Universit\u00e9 Tunis El Manar, ainsi que les d\u00e9partements \u00e0 l\u2019Universit\u00e9 de Louvain (Louvain-la-Neuve en Belgique) et \u00e0 l\u2019Universit\u00e9 du Pays Basque (San S\u00e9bastien en Espagne).<\/font><\/span><\/p>\n<p align=\"justify\"><span lang=\"NO-BOK\"><font face=\"Arial\">Selon Sigma Conseil, l&rsquo;ambiance \u00e9motionnelle g\u00e9n\u00e9rale dans le pays en ce moment est correcte \u00e0 hauteur de 47,6%.<\/font><\/span><\/p>\n<p align=\"justify\"><font face=\"Arial\"><span lang=\"NO-BOK\"><font>4,6% de la population interrog\u00e9e trouvent l\u2019ambiance tr\u00e8s bonne alors que 7,1% la trouvent, bien au contraire, tr\u00e8s mauvaise. <\/font><\/span><span lang=\"EN-US\"><font>Ceux-ci, il faut le signaler, sont majoritairement originaires du Nord Est de la Tunisie.<\/font><\/span><\/font><\/p>\n<p align=\"justify\"><span lang=\"EN-US\"><font face=\"Arial\">Concernant le climat social, 55,2% de l\u2019\u00e9chantillon trouvent qu\u2019il r\u00e8gne dans le pays une ambiance dans laquelle on peut parler avec tranquillit\u00e9.<\/font><\/span><\/p>\n<p align=\"justify\"><span lang=\"EN-US\"><font face=\"Arial\">Une ambiance de peur et de crainte r\u00e8gne sur le pays pour 25,9% de l\u2019\u00e9chantillon alors que 16,6% \u00e9prouvent de la joie, de la confiance et du contentement vis-\u00e0-vis du climat social actuel.<\/font><\/span><\/p>\n<p align=\"justify\"><span lang=\"EN-US\"><font face=\"Arial\">Sur un autre plan, d\u00e9taillant les rapports des citoyens avec la soci\u00e9t\u00e9, le sondage d\u00e9montre que la majorit\u00e9 des sond\u00e9s s\u2019identifient aux membres de la soci\u00e9t\u00e9 tunisienne, soit 45,6%. 8,3% ont, par contre, peu de respect pour la soci\u00e9t\u00e9 alors que 6,3% pensent que celle-ci n\u2019a pas de quoi \u00eatre fi\u00e8re.<\/font><\/span><\/p>\n<p align=\"justify\"><span lang=\"EN-US\"><font face=\"Arial\">Source: \u201cBusiness News\u201d Le 10-04-2011<\/font><\/span><\/p>\n<div>\n<p align=\"justify\"><span lang=\"NO-BOK\"><font face=\"Arial\">Lien: <\/font><a href=\"http:\/\/www.businessnews.com.tn\/Sondage--La-tranquillit\u00e9-r\u00e8gne-selon-55,2-des-Tunisiens,520,24286,1\" target=\"_blank\" rel=\"noopener\"><font face=\"Arial\">http:\/\/www.businessnews.com.tn\/Sondage&#8211;La-tranquillit%C3%A9-r%C3%A8gne-selon-55,2-des-Tunisiens,520,24286,1<\/font><\/a><\/span><\/p>\n<\/div>\n<p align=\"center\"><b><span lang=\"EN-US\"><\/p>\n<h3 style=\"color: blue;\"><font face=\"Arial\">Tunisie \u2013 Reparution d\u2019Al Fajr, organe officiel d\u2019Ennahdha<\/font><\/h3>\n<p> <\/span><\/b><\/p>\n<hr\/>\n<p>\u00a0<\/p>\n<p align=\"justify\"><span lang=\"NO-BOK\"><font face=\"Arial\">Apr\u00e8s des ann\u00e9es de disparition, Al Fajr, l\u2019hebdomadaire politique et organe officiel du parti islamiste Ennahdha, vient de repara\u00eetre dans les kiosques, \u00e0 la date du 9 avril 2011.<\/font><\/span><\/p>\n<p align=\"justify\"><span lang=\"NO-BOK\"><font face=\"Arial\">La publication propose, \u00e0 ses lecteurs, plusieurs rubriques couvrant l\u2019actualit\u00e9 nationale, r\u00e9gionale et \u00e9conomique mais \u00e9galement d\u2019autres d\u00e9di\u00e9es \u00e0 la femme, aux jeunes, au sport, \u00e0 la culture et au cin\u00e9ma avec comme premier mets le film de Nacer Khemir \u00ab\u00a0Bab\u2019Aziz\u00a0\u00bb. Le tout est orchestr\u00e9 par Rached Ghannouchi en personne.<\/font><\/span><\/p>\n<p align=\"justify\"><span lang=\"NO-BOK\"><font face=\"Arial\">Notons que ce journal de24 pages est vendu au prix de 600 millimes.<\/font><\/span><\/p>\n<p align=\"justify\"><span lang=\"NO-BOK\"><\/p>\n<h3 style=\"color: blue;\"><font face=\"Arial\">COMMENTAIRES DES LECTEURS:<\/font><\/h3>\n<p><\/span><\/p>\n<p align=\"justify\"><b><span lang=\"NO-BOK\"><font face=\"Arial\">Citoyenne<\/font><\/span><\/b><\/p>\n<p align=\"justify\"><b><span lang=\"NO-BOK\"><font face=\"Arial\">CHOQUEE<\/font><\/span><\/b><\/p>\n<p align=\"justify\"><span lang=\"NO-BOK\"><font face=\"Arial\">10-04-2011 17:20<\/font><\/span><\/p>\n<p align=\"justify\"><span lang=\"NO-BOK\"><font face=\"Arial\">Je suis profond\u00e9ment choqu\u00e9e de cette attitude venant jusqu&rsquo;\u00e0 glorifier les homosexuels et les lesbiennes. O\u00f9 va la Tunisie? Jusqu&rsquo;\u00e0 aujourd&rsquo;hui, je n&rsquo;ai pas encore d\u00e9cid\u00e9 pour quel parti j&rsquo;allais voter mais \u00e0 voir cette islamophobie d\u00e9mesur\u00e9e, vous allez m&rsquo;amener et des milliers de personnes comme moi \u00e0 voter pour elnahdha qui en d\u00e9pit des risques qu&rsquo;elle comporte nous donnera la garantie de voir nos enfants grandir dans un environnement sain d\u00e9pouill\u00e9 de tous ces maux qui pourrissent les soci\u00e9t\u00e9s occidentales. Vive l&rsquo;Islam. <\/font><\/span><\/p>\n<p align=\"justify\"><b><span lang=\"NO-BOK\"><font face=\"Arial\">Nabil Zarrad<\/font><\/span><\/b><\/p>\n<p align=\"justify\"><b><span lang=\"NO-BOK\"><font face=\"Arial\">Bravo TOUNSI MIN TOUNIS<\/font><\/span><\/b><\/p>\n<p align=\"justify\"><span lang=\"NO-BOK\"><font face=\"Arial\">10-04-2011 16:04<\/font><\/span><\/p>\n<p align=\"justify\"><span lang=\"NO-BOK\"><font face=\"Arial\">VIVE LA TUNISIE TUNISIENNE<\/font><\/span><\/p>\n<p align=\"justify\"><b><span lang=\"NO-BOK\"><font face=\"Arial\">tunisien du 14<\/font><\/span><\/b><\/p>\n<p align=\"justify\"><b><span lang=\"EN-US\"><font face=\"Arial\">un grand pas en arri\u00e9re!<\/font><\/span><\/b><\/p>\n<p align=\"justify\"><span lang=\"EN-US\"><font face=\"Arial\">10-04-2011 15:38<\/font><\/span><\/p>\n<p align=\"justify\"><span lang=\"EN-US\"><font face=\"Arial\">ce mis\u00e9rable parti d&rsquo;ennahda veut d\u00e9tourner a son profit cette r\u00e9volution a laquelle il n&rsquo;a pas particip\u00e9,non on ne s&rsquo;est pas d\u00e9barrass\u00e9 de ben ali pour voir ce ghannouchi prendre le pouvoir.ce serait une catastrophe !ces gens l\u00e0 ne croient ni \u00e0 la d\u00e9mocratie ni aux lib\u00e9rt\u00e9s.<\/font><\/span><\/p>\n<p align=\"justify\"><b><span lang=\"EN-US\"><font face=\"Arial\">Hatta \u00e9na TOUNSI MIN TOUNIS<\/font><\/span><\/b><\/p>\n<p align=\"justify\"><b><span lang=\"EN-US\"><font face=\"Arial\">LAICITE ?<\/font><\/span><\/b><\/p>\n<p align=\"justify\"><span lang=\"EN-US\"><font face=\"Arial\">10-04-2011 15:19<\/font><\/span><\/p>\n<p align=\"justify\"><span lang=\"EN-US\"><font face=\"Arial\">Je parie que vous ne savez m\u00eame pas ce que ce mot veut dire. vous m&rsquo;\u00e9querrez; HASBIA ALLAH OU NI3MA EL OUAKIL, nul ne peut renier son origine comme vous le faite et vous avez lE CULO de vous appeler TOUNSI.  correction : Nous auons tjrs notre IDENTITE ARABO-ISLAMIQUE et nous serons tjrs fier,bon-gr\u00e9 ou malgr\u00e9 tout. <\/font><\/span><\/p>\n<p align=\"justify\"><b><span lang=\"EN-US\"><font face=\"Arial\">CHAHED3ALA3ASR<\/font><\/span><\/b><\/p>\n<p align=\"justify\"><b><span lang=\"EN-US\"><font face=\"Arial\">Attention aux financements des partis&#8230;<\/font><\/span><\/b><\/p>\n<p align=\"justify\"><span lang=\"EN-US\"><font face=\"Arial\">10-04-2011 13:55<\/font><\/span><\/p>\n<p align=\"justify\"><span lang=\"EN-US\"><font face=\"Arial\">Rien n&#8217;empeche de se poser des questions sur le financement des partis apr\u00e8s la reparution de l&rsquo;hebdomadaire AL FAJR ( qui n\u00e9cessite beaucoup d&rsquo;argent) l&rsquo;organe officiel du parti Ennahdha en pleine crise \u00e9conomique et au moment ou souffrent tous les partis d&rsquo;une contrainte budgetaire aigue. Soyons vigilants&#8230; <\/font><\/span><\/p>\n<p align=\"justify\"><b><span lang=\"EN-US\"><font face=\"Arial\">TOUNSI MIN TOUNIS<\/font><\/span><\/b><\/p>\n<p align=\"justify\"><b><span lang=\"EN-US\"><font face=\"Arial\">NON NON ET NON<\/font><\/span><\/b><\/p>\n<p align=\"justify\"><span lang=\"EN-US\"><font face=\"Arial\">10-04-2011 13:22<\/font><\/span><\/p>\n<p align=\"justify\"><font face=\"Arial\"><span lang=\"EN-US\"><font>NON AU HIJAB . NON A LA BURQUA . NON AU QUAMIS . NON A LA ABAYA . NON AU TCHADOR . LA TUNISIE N&rsquo;EST PAS LA PENINSULE ARABIQUE . VIVE ELLYSSA . VIVE HANNIBAL . VIVE SEPTIME SEVERE . VIVE LA KAHENA . VIVE KHLIFA ZENATI . VIVE BOURGUIBA . VIVE LA TUNISIE AUTHENTIQUE .<\/font><\/span><font><span lang=\"NO-BOK\">NOUS SOMMES CHEZ NOUS ICI EN TUNISIE . VIVE LA LIBERTE DES FEMMES . VIVE EDDERJA .VIVE LES FEMMES AU TRAVAIL ET A L&rsquo;ARMEE . VIVE LA LIBERTE . VIVE LA DEMOCRATIE . VIVE LA LAICITE . VIVE L&rsquo;AMOUR . VIVE LA LIBERTE DONNEE AUX HOMMES , AUX FEMMES , AUX HOMOSEXUELS , AUX LESBIENNES ET AUX ENTREPRENEURS DU LIBRE ECHANGE ET DU CAPITALISME . VIVE TOUT CE QUE ENNAHDHA ET HIZB ETTAHRIR DETESTENT VOIR EN TUNISIE . VIVE LA TUNISIE . NOUS SOMMES EN 2011 ET NOUS ENTENDONS LE RESTER . <\/span><\/font><span lang=\"EN-US\"><font>LONGUE VIE A NOTRE PAYS CAR NOUS NOUS N&rsquo;AIMONS SEULEMENT QUE LA TUNISIE ET N&rsquo;AVONS AUCUNE DOUBLE OU TRIPLE ALLEGENCE ENVERS UNE QUELCONQUE VAGUE IDENTITE ARABO-ISLAMISTE . QUE VIVE LA TUNISIE .<\/font><\/span><\/font><\/p>\n<p align=\"justify\"><span lang=\"EN-US\"><font face=\"Arial\">Source: \u201dBusiness News\u201d Le 10-04-2011<\/font><\/span><\/p>\n<div>\n<p align=\"justify\"><font face=\"Arial\"><span lang=\"NO-BOK\"><font>Lien: <\/font><\/span><span lang=\"EN-US\"><a href=\"http:\/\/www.businessnews.com.tn\/Tunisie-\u2013-Reparution-d\u2019Al-Fajr,-organe-officiel-d\u2019Ennahdha,520,24281,1\" target=\"_blank\" rel=\"noopener\"><span lang=\"NO-BOK\"><font>http:\/\/www.businessnews.com.tn\/Tunisie-%E2%80%93-Reparution-d%E2%80%99Al-Fajr,-organe-officiel-d%E2%80%99Ennahdha,520,24281,1<\/font><\/span><\/a><\/span><\/font><\/p>\n<\/div>\n<p align=\"center\"><b><span lang=\"NO-BOK\"><\/p>\n<h3 style=\"color: blue;\"><font face=\"Arial\">F\u00eate des Martyrs : Meeting du Mouvement \u00ab\u00a0Ennahdha\u00a0\u00bb \u00e0 Sfax<\/font><\/h3>\n<p><\/span><\/b><\/p>\n<hr\/>\n<p>\u00a0<\/p>\n<p align=\"justify\"><span lang=\"FR\"><font face=\"Arial\">Le Mouvement \u00ab\u00a0Ennahdha\u00a0\u00bb a organis\u00e9, samedi apr\u00e8s-midi, au th\u00e9\u00e2tre de Sidi Mansour, \u00e0 Sfax, un meeting, \u00e0 l&rsquo;occasion de la comm\u00e9moration de la f\u00eate des martyrs, avec la participation d&rsquo;intellectuels, de politiciens et de syndicalistes tunisiens et \u00e9trangers, ainsi que d&rsquo;un grand nombre des militants du mouvement.<\/font><\/span><\/p>\n<p align=\"justify\"><span lang=\"FR\"><font face=\"Arial\">Le meeting a \u00e9t\u00e9 anim\u00e9 par une troupe musicale engag\u00e9e qui a chant\u00e9 la r\u00e9volution, en signe de fid\u00e9lit\u00e9 aux martyrs et appel\u00e9 \u00e0 la lib\u00e9ration d&rsquo;Al Aqsa. Il a \u00e9galement \u00e9t\u00e9 marqu\u00e9 par la distribution de tracts qui pr\u00e9sentent les objectifs du mouvement, ainsi que le premier num\u00e9ro du journal \u00ab\u00a0Al-Fajr\u00a0\u00bb qui revoit le jour.<\/font><\/span><\/p>\n<p align=\"justify\"><span lang=\"FR\"><font face=\"Arial\">Dans son intervention, le leader du mouvement, Rached Ghannouchi, a indiqu\u00e9 que \u00ab\u00a0la pr\u00e9sence massive \u00e0 ce meeting est digne de la f\u00eate des martyrs qui se sont sacrifi\u00e9s pour la lib\u00e9ration de la Tunisie du joug de la colonisation ainsi que de tous ceux qui sont tomb\u00e9s lors de la r\u00e9volution du 14 janvier. <\/font><\/span><\/p>\n<p align=\"justify\"><span lang=\"FR\"><font face=\"Arial\">Cette comm\u00e9moration est aussi un t\u00e9moignage de reconnaissance \u00e0 la ville de Sfax qui a connu, le 12 janvier dernier, une marche imposante et d\u00e9cisive dans la r\u00e9ussite de la r\u00e9volution\u00a0\u00bb.<\/font><\/span><\/p>\n<p align=\"justify\"><span lang=\"FR\"><font face=\"Arial\">Il a, \u00e0 cette occasion, pass\u00e9 en revue les diff\u00e9rentes \u00e9tapes historiques v\u00e9cues par le peuple tunisien, sous les r\u00e9gimes d&rsquo;oppression de Bourguiba et de Ben Ali, rappelant les formes de r\u00e9pression, d&rsquo;exil, de souffrance et d&rsquo;assassinat dont avaient \u00e9t\u00e9 victimes les militants du mouvement islamiste.<\/font><\/span><\/p>\n<p align=\"justify\"><span lang=\"FR\"><font face=\"Arial\">Il a, d&rsquo;autre part, exhort\u00e9 les militants du mouvement \u00ab\u00a0Ennahdha\u00a0\u00bb \u00e0 participer aux \u00e9lections de la Constituante, le 24 juillet prochain, qui sera une \u00e9tape marquante de l&rsquo;histoire du pays, de m\u00eame qu&rsquo;un v\u00e9ritable t\u00e9moignage de reconnaissance et de fid\u00e9lit\u00e9 aux martyrs qui ont donn\u00e9 leur vie pour la libert\u00e9 et la dignit\u00e9, lors de la r\u00e9volution du 14 janvier.<\/font><\/span><\/p>\n<p align=\"justify\"><span lang=\"FR\"><font face=\"Arial\">Evoquant les d\u00e9fis de la r\u00e9volution quant \u00e0 la concr\u00e9tisation des aspirations du peuple \u00e0 la libert\u00e9 et \u00e0 la dignit\u00e9, M. Rached Ghannouchi a insist\u00e9 sur la n\u00e9cessit\u00e9 d&rsquo;aller de l&rsquo;avant sur la voie de la r\u00e9volution qui reste encore inachev\u00e9e, appelant \u00e0 poursuivre le militantisme politique, d\u00e8s lors que le d\u00e9veloppement politique est le seul garant du d\u00e9veloppement \u00e9conomique et social, et de l&rsquo;\u00e9radication de la corruption.<\/font><\/span><\/p>\n<p align=\"justify\"><span lang=\"FR\"><font face=\"Arial\">Il a r\u00e9it\u00e9r\u00e9 l&rsquo;attachement du mouvement \u00ab\u00a0Ennahdha\u00a0\u00bb \u00e0 la d\u00e9mocratie et aux valeurs de la tol\u00e9rance, de la solidarit\u00e9 et de l&rsquo;entraide entre l&rsquo;ensemble des Tunisiens, et sa fid\u00e9lit\u00e9 aux martyrs, exhortant les jeunes, qui ont \u00e9t\u00e9 \u00e0 l&rsquo;origine de la r\u00e9volution du 14 janvier, \u00e0 veiller sur ses objectifs et \u00e0 faire preuve de vigilance continue afin de contrer toute r\u00e9gression vers la tyrannie, quelle qu&rsquo;en soit l&rsquo;origine.<\/font><\/span><\/p>\n<p align=\"justify\"><span lang=\"FR\"><font face=\"Arial\">Plusieurs familles des martyrs, qui sont tomb\u00e9s au cours de la r\u00e9volution du 14 janvier, ont \u00e9t\u00e9 honor\u00e9es en cette circonstance.<\/font><\/span><\/p>\n<p align=\"justify\"><span lang=\"FR\"><font face=\"Arial\">Source : \u00ab Tunisie Soir \u00bb Le 10-04-2011<\/font><\/span><\/p>\n<div>\n<p align=\"justify\"><span lang=\"FR\"><font face=\"Arial\">Lien : <\/font><a href=\"http:\/\/www.tunisiesoir.com\/index.php?option=com_content&amp;view=article&amp;id=39476:&amp;catid=52:general\" target=\"_blank\" rel=\"noopener\"><font face=\"Arial\">http:\/\/www.tunisiesoir.com\/index.php?option=com_content&amp;view=article&amp;id=39476:&amp;catid=52:general<\/font><\/a><\/span><\/p>\n<\/div>\n<p align=\"center\">\n<h3 style=\"color: blue;\"><font face=\"Arial\"><b><span lang=\"FR\">\u00ab\u00a0Identit\u00e9(es) d&rsquo;une r\u00e9volution: le cas de la Tunisie\u00a0\u00bb<\/span><span lang=\"FR\"><font><\/font><\/span><\/b><\/font><\/h3>\n<p><font face=\"Arial\"><b><span lang=\"FR\"><\/span><\/b><\/font><\/p>\n<hr\/>\n<p>\u00a0<\/p>\n<p align=\"justify\"><span lang=\"FR\"><font face=\"Arial\">r\u00e9volution: le cas de la Tunisie\u00a0\u00bb a \u00e9t\u00e9 le th\u00e8me d&rsquo;une intervention donn\u00e9e par le po\u00e8te Tahar Bekri, le seul intervenant arabe et tunisien lors des journ\u00e9es d&rsquo;\u00e9tude \u00ab\u00a0Identit\u00e9s et mondialisation\u00a0\u00bb organis\u00e9es les 7 et 8 avril par l&rsquo;Universit\u00e9 Paris ouest Nanterre La D\u00e9fense.<\/font><\/span><\/p>\n<p align=\"justify\"><span lang=\"FR\"><font face=\"Arial\">Contact\u00e9 par l&rsquo;agence TAP, l&rsquo;\u00e9crivain Tahar Bekri, ma\u00eetre de conf\u00e9rence \u00e0 l&rsquo;Universit\u00e9 Paris-Nanterre a fait savoir que son intervention a port\u00e9 sur la r\u00e9volution qui a \u00ab r\u00e9ussi le 14 janvier \u00e0 faire tomber le r\u00e9gime de Ben Ali par une vraie et large contestation populaire \u00bb, relevant qu&rsquo;un des r\u00f4les majeurs dans ces mouvements, a \u00e9t\u00e9 jou\u00e9 par la jeunesse tunisienne qui a pris d&rsquo;assaut la toile d&rsquo;Internet, les r\u00e9seaux sociaux et la communication mondiale. <\/font><\/span><\/p>\n<p align=\"justify\"><span lang=\"FR\"><font face=\"Arial\">Cependant, soutient-il, le succ\u00e8s r\u00e9el de cette r\u00e9volution n&#8217;emp\u00eache pas les difficult\u00e9s dans la d\u00e9finition des choix id\u00e9ologiques \u00e0 donner au nouveau visage politique et identitaire du pays. A travers sa communication, l&rsquo;intervenant a essay\u00e9 de donner un aper\u00e7u des diff\u00e9rentes questions identitaires qui animent les d\u00e9bats actuels.<\/font><\/span><\/p>\n<p align=\"justify\"><span lang=\"FR\"><font face=\"Arial\">Plusieurs th\u00e8mes ont \u00e9t\u00e9 trait\u00e9s lors de ces deux journ\u00e9es par un grand nombre d&rsquo;universitaires de Paris Ouest et de diverses universit\u00e9s ukrainiennes dans le cadre du projet Migrations-Croisements du P\u00f4le de recherche nanterrois \u00ab\u00a0Tout monde\u00a0\u00bb qui regroupe litt\u00e9raires, philosophes, sp\u00e9cialistes des langues, du langage et des civilisations. <\/font><\/span><\/p>\n<p align=\"justify\"><span lang=\"FR\"><font face=\"Arial\">Ces th\u00e8mes se sont articul\u00e9s notamment sur \u00ab L&rsquo;identit\u00e9 et l&rsquo;\u00e9ducation plurilingue \u00bb, \u00ab Identit\u00e9, unit\u00e9, totalit\u00e9 et universalit\u00e9 \u00bb et \u00ab Identit\u00e9s en construction \u00bb<\/font><\/span><\/p>\n<p align=\"justify\"><span lang=\"FR\"><font face=\"Arial\">Ces journ\u00e9es ont \u00e9t\u00e9 l&rsquo;occasion aussi de d\u00e9battre de questions li\u00e9es \u00e0 la mondialisation de l&rsquo;\u00e9conomie et aux mutations des moyens de communication, toutes deux remettant en question les fronti\u00e8res et les distances g\u00e9ographiques et culturelles. D&rsquo;apr\u00e8s la note de pr\u00e9sentation de cette rencontre, il s&rsquo;agit de mettre l&rsquo;accent sur le d\u00e9veloppement des revendications identitaires fond\u00e9es sur les sp\u00e9cificit\u00e9s d&rsquo;une langue, d&rsquo;une civilisation, d&rsquo;une histoire, qui distinguent un groupe d&rsquo;un ensemble plus vaste: des crises mais aussi des d\u00e9bats et des r\u00e9flexions importantes attestent de cette volont\u00e9 de diff\u00e9renciation par del\u00e0 la constitution de ce qui serait une \u00ab\u00a0identit\u00e9-monde\u00a0\u00bb.<\/font><\/span><\/p>\n<p align=\"justify\"><span lang=\"FR\"><font face=\"Arial\">Les intervenants se sont interrog\u00e9s sur les formes que peut et doit prendre cette globalisation : uniformisation r\u00e9ductrice ou croisement de singularit\u00e9 porteur d&rsquo;une nouvelle dynamique? Un ensemble que l&rsquo;\u00e9crivain disparu Edouard Glissant propose de penser comme une \u00ab\u00a0totalit\u00e9 monde\u00a0\u00bb, pour questionner le rapport des identit\u00e9s \u00e0 la totalit\u00e9 du monde en l&rsquo;interrogeant du point de vue de ce qui peut constituer le champs de la culture et de la pens\u00e9e dans le domaine de l&rsquo;expression linguistique et dans celui du travail litt\u00e9raire.<\/font><\/span><\/p>\n<p align=\"justify\"><span lang=\"FR\"><font face=\"Arial\">Source : \u00ab Tunisie Soir \u00bb Le 10-04-2011<\/font><\/span><\/p>\n<div>\n<p align=\"justify\"><span lang=\"FR\"><font face=\"Arial\">Lien : <\/font><a href=\"http:\/\/www.tunisiesoir.com\/index.php?option=com_content&amp;view=article&amp;id=39485:&amp;catid=52:general\" target=\"_blank\" rel=\"noopener\"><font face=\"Arial\">http:\/\/www.tunisiesoir.com\/index.php?option=com_content&amp;view=article&amp;id=39485:&amp;catid=52:general<\/font><\/a><\/span><\/p>\n<\/div>\n<p align=\"center\"><b><span lang=\"FR\"><\/p>\n<h3 style=\"color: blue;\"><font face=\"Arial\">10 avril, un Congr\u00e8s National historique pour les Amazighs de Tunisie<\/font><\/h3>\n<p> <\/span><\/b><\/p>\n<hr\/>\n<p>\u00a0<\/p>\n<p align=\"justify\"><span lang=\"FR\"><font face=\"Arial\">Demain 10 avril 2011 \u00e0 Matmata les Amazighs de Tunisie se r\u00e9unissent en assembl\u00e9e pour un congr\u00e8s national historique. On pouvait lire cette semaine dans la presse tunisienne \u00a0\u00bb Ne s\u2019avouant jamais vaincus, les habitants de la ville de Gafsa aux origines berb\u00e8res, r\u00e9put\u00e9s pour leur courage et leur t\u00e9nacit\u00e9, ont toujours eu \u00e0 affronter \u00e0 travers des si\u00e8cles et des si\u00e8cles, un ennemi colonisateur toujours plus redoutable depuis l\u2019\u00e9poque de la domination romaine et plus r\u00e9cemment le r\u00e9gime de Ben Ali\u00a0\u00bb. Sur Facebook encore, deux groupes en particulier, l&rsquo;Association Culturelle des Amazighs de Tunisie et le Congr\u00e8s culturel des Amazighs de Tunisie recueillent une adh\u00e9sion populaire assez forte.<\/font><\/span><\/p>\n<p align=\"justify\"><span lang=\"FR\"><font face=\"Arial\">Les Amazighs du Massif des Matmata, Tamezret, Zeraoua et Taoujout sont \u00e0 l&rsquo;avant garde de la r\u00e9sistance identitaire culturelle, c&rsquo;est donc naturellement sur leurs terres que prendra naissance la premi\u00e8re association culturelle berb\u00e8re en Tunisie \u00e0 l&rsquo;issue de ce Congr\u00e8s, une cr\u00e9ation rendue possible avec la chute du r\u00e9gime arabo-islamiste de Ben Ali.<\/font><\/span><\/p>\n<p align=\"justify\"><span lang=\"FR\"><font face=\"Arial\">Nemri Nouri membre de l&rsquo;assembl\u00e9e nous a d\u00e9crit l&rsquo;\u00e9v\u00e9nement comme \u00ab\u00a0une premi\u00e8re \u00e9tape historique. Tout se d\u00e9cidera demain. Le si\u00e8ge de l&rsquo;association sera \u00e0 Tunis. Des jeunes, des universitaires, des militants de tous les horizons adh\u00e8rent \u00e0 ce projet qui est culturel. Demain les personnes viendront de Bizerte, Nabeul, Tunis, Djerba, Douiret, de tout le territoire tunisien. Aujourd&rsquo;hui en Tunisie, tout le monde cherche son identit\u00e9 (mochkila el haouia). Avec les \u00e9v\u00e9nements qui ont laiss\u00e9 le pays sans rep\u00e8res solides, sans attraction intellectuelle v\u00e9ritable, maintenant on cherche une r\u00e9affirmation de l&rsquo;identit\u00e9 tunisienne, par le bourguibisme, l&rsquo;amazighit\u00e9 et devenue une question importante.\u00a0\u00bb<\/font><\/span><\/p>\n<p align=\"justify\"><span lang=\"FR\"><font face=\"Arial\">Le militant amazigh tunisien que nous avons contact\u00e9 par t\u00e9l\u00e9phone \u00e0 Zeraoua tenait surtout \u00e0 dire que \u00ab\u00a0ce point de d\u00e9part, ce niveau z\u00e9ro, repr\u00e9sente un effort tr\u00e8s cons\u00e9quent au regard des 3000 ans de colonisation en Tunisie. Cet \u00e9v\u00e9nement va dans l&rsquo;int\u00e9r\u00eat de la Tunisie, les gens ont compris que ne cherchait pas \u00e0 cr\u00e9er une diff\u00e9renciation raciale. La population est acquise car ce projet culturel est indispensable, salutaire pour le pays. Nous cherchons un budget pour nous r\u00e9unir cette fois-ci dans une grande assembl\u00e9e \u00e0 Tunis dans un grand h\u00f4tel par exemple, et je suis convaincu que des centaines voire des milliers de personnes viendront y assister.\u00a0\u00bb<\/font><\/span><\/p>\n<p align=\"justify\"><span lang=\"FR\"><font face=\"Arial\">L&rsquo;avenir est d&rsquo;autant plus prometteur pour cet organisme qu&rsquo;il est question de le structurer afin que toute personne puisse y trouver un cadre de travail et de recherche, un lieu de ressourcement pour tous, unique en son genre dans toute l&rsquo;Afrique du Nord. L&rsquo;Amazighie tunisienne s&rsquo;\u00e9veille avec un peuple digne de ses anc\u00eatres Jugurtha et Massinissa.<\/font><\/span><\/p>\n<p align=\"justify\"><span lang=\"FR\"><font face=\"Arial\">Source : \u00ab kabyle.com \u00bb Le 09-04-2011<\/font><\/span><\/p>\n<div>\n<p align=\"justify\"><span lang=\"FR\"><font face=\"Arial\">Lien : <\/font><a href=\"http:\/\/www.kabyle.com\/10-avril-un-congr\u00e8s-national-historique-pour-les-amazighs-de-tunisie-16795-09042011.html\" target=\"_blank\" rel=\"noopener\"><font face=\"Arial\">http:\/\/www.kabyle.com\/10-avril-un-congr%C3%A8s-national-historique-pour-les-amazighs-de-tunisie-16795-09042011.html<\/font><\/a><\/span><\/p>\n<\/div>\n<p align=\"center\"><b><span lang=\"NO-BOK\"><\/p>\n<h3 style=\"color: blue;\"><font face=\"Arial\">Pour la modification de l\u2019Article premier de la Constitution Tunisienne<\/font><\/h3>\n<p> <\/span><\/b><\/p>\n<hr\/>\n<p>\u00a0<\/p>\n<p align=\"justify\"><span lang=\"NO-BOK\"><font face=\"Arial\">Chaque fois qu\u2019il est question de vouloir modifier l\u2019Article premier [i. e.<i> \u00ab La Tunisie est un Etat libre, ind\u00e9pendant et souverain ; sa religion est l&rsquo;Islam, sa langue l&rsquo;arabe et son r\u00e9gime la r\u00e9publique \u00bb<\/i>] de la Constitution Tunisienne (suspendue par la R\u00e9volution de Jasmin), ou de vouloir proposer la s\u00e9paration du politique et du religieux, se pose le probl\u00e8me de l\u2019Education Religieuse et de la G\u00e9rance des Lieux de Culte.<\/font><\/span><\/p>\n<p align=\"justify\">\u00a0<\/p>\n<p align=\"justify\"><span lang=\"EN-US\"><font face=\"Arial\">Une des solutions, pour r\u00e9pondre \u00e0 ces interrogations fondamentales, consiste \u00e0 faire partager l\u2019Education Religieuse, comme l\u2019Education tout court, entre l\u2019\u00e9cole et la famille. Quant \u00e0 la g\u00e9rance des lieux de Culte, ce sera l\u2019affaire d\u2019un Minist\u00e8re des Affaires Religieuses, toutes Religions confondues. Cela ne contredit pas l\u2019\u00ab Article premier \u00bb de la Constitution que je propose [i. e. <i>\u00ab La Tunisie est une R\u00e9publique de culture arabo-musulmane \u00bb<\/i>] , ni ma foi de Musulman, car, en Islam, la religion et sa pratique rel\u00e8vent du priv\u00e9, puisqu\u2019il n\u2019y a ni Concile, ni Autorit\u00e9 pontificale, ni Clerg\u00e9, ni\u2026 : l\u2019effort individuel (<i>al-Ijtihad<\/i>) prime sur tout et peut \u00eatre consid\u00e9r\u00e9 comme \u00e9tant \u00ab <i>le sixi\u00e8me pilier de l\u2019Islam<\/i> \u00bb, \u00e9tant donn\u00e9 que c\u2019est la prescription la plus omnipr\u00e9sente, \u00e0 travers diverses formes, dans le Coran. Cela ne contredit pas, non plus, la s\u00e9paration du politique et du religieux, puisqu\u2019en Islam le croyant (pour ce qui concerne sa foi et sa pratique religieuse) n\u2019a de compte \u00e0 rendre qu\u2019\u00e0 son Cr\u00e9ateur et n\u2019a d\u2019ordre \u00e0 recevoir que de Lui.<\/font><\/span><\/p>\n<p align=\"justify\"><span lang=\"EN-US\"><font face=\"Arial\">Comparons avec ce qui se passe dans le premier pays qui a inscrit la La\u00efcit\u00e9 dans sa Constitution, \u00e0 savoir, la France.<\/font><\/span><\/p>\n<p align=\"justify\"><span lang=\"EN-US\"><font face=\"Arial\">Pour commencer, l\u2019Article premier de la derni\u00e8re Constitution Fran\u00e7aise (qui date de 1958) stipule : <\/font><\/span><\/p>\n<p align=\"justify\"><i><span lang=\"EN-US\"><font face=\"Arial\">\u00ab La France est une R\u00e9publique indivisible, la\u00efque, d\u00e9mocratique et sociale. Elle assure l&rsquo;\u00e9galit\u00e9 devant la loi de tous les citoyens sans distinction d&rsquo;origine, de race ou de religion. Elle respecte toutes les croyances. Son organisation est d\u00e9centralis\u00e9e.<\/font><\/span><\/i><\/p>\n<p align=\"justify\"><i><span lang=\"EN-US\"><font face=\"Arial\">La loi favorise l&rsquo;\u00e9gal acc\u00e8s des femmes et des hommes aux mandats \u00e9lectoraux et fonctions \u00e9lectives, ainsi qu&rsquo;aux responsabilit\u00e9s professionnelles et sociales \u00bb.<\/font><\/span><\/i><\/p>\n<p align=\"justify\"><span lang=\"EN-US\"><font face=\"Arial\">En outre, Depuis l\u2019adoption de la Loi de 1905 sur la La\u00efcit\u00e9, qui a entrain\u00e9 la nationalisation des biens de l\u2019Eglise :<\/font><\/span><\/p>\n<p align=\"justify\"><span lang=\"EN-US\"><font face=\"Arial\">1. Les lieux de Culte en France sont g\u00e9r\u00e9s, localement, par les Communes, avec des aides de l\u2019Etat, si n\u00e9cessaire : par exemple, pour les grands travaux ou bien quand il s\u2019agit de monuments historiques. <\/font><\/span><\/p>\n<p align=\"justify\"><span lang=\"EN-US\"><font face=\"Arial\">2. Quant \u00e0 l\u2019Education Religieuse elle se fait dans les \u00e9coles, dans des lieux \u00e0 part et appropri\u00e9s, par des mandataires de chaque religion, et c\u2019est un enseignement facultatif.<\/font><\/span><\/p>\n<p align=\"justify\"><span lang=\"NO-BOK\"><font face=\"Arial\">Auparavant, les lieux de Culte \u00e9taient propri\u00e9t\u00e9 propre de l\u2019Eglise et g\u00e9r\u00e9s par elle.<\/font><\/span><\/p>\n<p align=\"justify\"><span lang=\"EN-US\"><font face=\"Arial\">Il convient de souligner que dans le point 2 ci-dessus, il est question de l\u2019Education Religieuse dans les Ecoles Publiques. Les Ecoles Priv\u00e9s sont libres de la faire o\u00f9 elles le souhaitent, dans leurs \u00e9coles, m\u00eame dans les salles de classe normales (avant un cours de math, par exemple).<\/font><\/span><\/p>\n<p align=\"justify\"><span lang=\"EN-US\"><font face=\"Arial\">En conclusion, l\u2019unique contribution de l\u2019Etat Fran\u00e7ais, dans l\u2019Education Religieuse de ceux qui le souhaitent, est de mettre, \u00e0 la disposition de toutes les religions, un local commun sp\u00e9cifique, dans chaque Ecole Publique, pour que chacune y assure, \u00e0 tour de r\u00f4le, son propre Enseignement Religieux ; et cet Enseignement Religieux est fait par un mandataire de chaque religion.<\/font><\/span><\/p>\n<p align=\"justify\"><span lang=\"EN-US\"><font face=\"Arial\">Pour terminer, et afin d\u2019enrichir le D\u00e9bat sur ce que devrait \u00eatre la prochaine Constitution Tunisienne, je souhaite vivement :<\/font><\/span><\/p>\n<p align=\"justify\"><span lang=\"EN-US\"><font face=\"Arial\">1\u00b0 que des intervenants Tunisiens, surtout parmi ceux qui tiennent \u00e0 conserver l\u2019Article premier de la Constitution Tunisienne [\u00e0 savoir :<i> \u00ab La Tunisie est un Etat libre, ind\u00e9pendant et souverain; sa religion est l&rsquo;Islam, sa langue l&rsquo;arabe et son r\u00e9gime la r\u00e9publique \u00bb<\/i>]<i>, <\/i>m\u2019expliquent ce que signifie, pour eux, la phrase : <i>\u00ab la Religion de la Tunisie est l\u2019Islam \u00bb <\/i>;<\/font><\/span><\/p>\n<p align=\"justify\"><span lang=\"EN-US\"><font face=\"Arial\">2\u00b0 que des intervenants Fran\u00e7ais confirment, infirment ou compl\u00e8tent ma pr\u00e9sentation de la pratique de la La\u00efcit\u00e9 en France en ce qui concerne l\u2019Education Religieuse et la gestion des lieux de Culte.<\/font><\/span><\/p>\n<p align=\"justify\"><span lang=\"EN-US\"><font face=\"Arial\">Source: \u201cLe Post\u201d Le 10-04-2011<\/font><\/span><\/p>\n<div>\n<p align=\"justify\"><span lang=\"NO-BOK\"><font face=\"Arial\">Lien: <\/font><a href=\"http:\/\/www.lepost.fr\/article\/2011\/04\/10\/2461155_pour-la-modification-de-l-article-premier-de-la-constitution-tunisienne.html\" target=\"_blank\" rel=\"noopener\"><font face=\"Arial\">http:\/\/www.lepost.fr\/article\/2011\/04\/10\/2461155_pour-la-modification-de-l-article-premier-de-la-constitution-tunisienne.html<\/font><\/a><\/span><\/p>\n<\/div>\n<p align=\"center\"><b><span lang=\"NO-BOK\"><\/p>\n<h3 style=\"color: blue;\"><font face=\"Arial\">Tunisie. La guerre des m\u00e8res aura lieu<\/font><\/h3>\n<p> <\/span><\/b><\/p>\n<hr\/>\n<p>\u00a0<\/p>\n<p align=\"justify\"><span lang=\"FR\"><font face=\"Arial\">La veille de la tenue de leur congr\u00e8s extraordinaire \u00e9lectif, le 9 avril, les membres de l\u2019Organisation tunisienne des m\u00e8res (Otm) se chamaillent entre elles. Ambiance\u2026 <\/font><\/span><\/p>\n<p align=\"justify\"><span lang=\"FR\"><font face=\"Arial\">D\u2019un c\u00f4t\u00e9, il y a les fid\u00e8les de Sa\u00efda Agrebi, la tr\u00e8s controvers\u00e9e ex-pr\u00e9sidente de la d\u00e9funte Association tunisienne des m\u00e8res (Atm), rebaptis\u00e9e, depuis quelques jours, l\u2019Organisation tunisienne des m\u00e8res (Otm). Elles sont revenues sur sc\u00e8ne, toutes griffes dehors, pour tenter de forcer le destin et faire revenir aux commandes leur ancienne cheffe, aujourd\u2019hui en prison. De l\u2019autre, il y a les m\u00e8res qui essaient de sauver ce qui reste \u00e0 sauver dans la maison d\u2019El Manar II, c\u2019est-\u00e0-dire les meubles, les murs et un peu de dignit\u00e9. Entre les deux clans, il y a tension, voire des plaintes aupr\u00e8s des tribunaux. <\/font><\/span><\/p>\n<p align=\"justify\"><b><span lang=\"FR\"><font face=\"Arial\">Le fant\u00f4me de Sa\u00efda Agrebi hante les lieux <\/font><\/span><\/b><span lang=\"FR\"><font face=\"Arial\">Voil\u00e0 \u00e0 quoi ressemble l\u2019ambiance chez les m\u00e8res apr\u00e8s le d\u00e9part de Sa\u00efda Agrebi (est-elle en \u00e9tat d\u2019arrestation ou seulement en r\u00e9sidence surveill\u00e9e?) et avant le congr\u00e8s \u00e9lectif du 9 avril.  Pour Rafika Khouini, qui dirige provisoirement l\u2019Otm, les partisanes de Sa\u00efda Agrebi sont \u00abdingues\u00bb. Elles croient que leur cheffe peut reprendre en main l\u2019Otm, comme si de rien n\u2019\u00e9tait, comme s\u2019il n\u2019y a pas eu de r\u00e9volution. \u00abNous n\u2019avons pas \u00e0 c\u00e9der et le congr\u00e8s exceptionnel \u00e9lectif aura lieu. Il se tiendra \u00e0 la date pr\u00e9vue, afin d\u2019\u00e9radiquer compl\u00e8tement les m\u00e9thodes de l\u2019ancienne pr\u00e9sidente, qui a gangren\u00e9, par le pouvoir absolu, l\u2019association qui n\u2019avait plus de soci\u00e9t\u00e9 civile que le nom!\u00bb, dit Mme Khouini. Elle ajoute que Sa\u00efda Agrebi ne semble pas avoir compris qu\u2019une page a \u00e9t\u00e9 tourn\u00e9e d\u00e9finitivement et qu\u2019il n\u2019est plus possible de revenir en arri\u00e8re. Car la r\u00e9volution du 14-Janvier a mis fin aux vieilles pratiques ambigu\u00ebs et ill\u00e9gales que permettait la dictature. \u00abN\u00e9anmoins, Sa\u00efda Agrebi continue \u00e0 envoyer ses sbires pour menacer l\u2019\u00e9quipe qui a pu, enfin, s\u2019exprimer librement et servir honorablement les m\u00e8res de Tunisie\u00bb, affirme Mme Khouini. Que cherchent exactement ces femmes? R\u00e9ponse de Mme Khouini: \u00abLa milice de Mme Agrebi cherche par tous moyens de d\u00e9courager les \u2018\u2018at\u00e9mistes\u2019\u2019 (appel\u00e9es d\u00e9sormais \u2018\u2018ot\u00e9mistes\u2019\u2019, ndlr) d\u2019assister au congr\u00e8s\u00bb.<\/font><\/span><\/p>\n<p align=\"justify\"><font face=\"Arial\"><b><span lang=\"FR\"><font>Sur la voie de la transparence et de la cr\u00e9dibilit\u00e9 <\/font><\/span><\/b><span lang=\"FR\"><font>Pour Mme Khouini, les v\u00e9ritables m\u00e8res de la nation, qui ont enfin retrouv\u00e9 leur dignit\u00e9, seront pr\u00e9sentes le 9 avril \u00e0 leur congr\u00e8s pour sauver leur dignit\u00e9 \u00e9br\u00e9ch\u00e9e et confisqu\u00e9e par leur ancienne \u00abmarraine\u00bb. Et pour signifier que le temps de Agrebi est r\u00e9volu. C\u2019est de l\u2019histoire ancienne, comme celui de tout le clan de Ben Ali et ses serviteurs z\u00e9l\u00e9s. \u00abLe 9 avril est une date historique. Elle sera l\u2019occasion de rendre hommage aux martyrs de la r\u00e9volution et de propulser la nouvelle organisation sur la voie de la transparence et de la cr\u00e9dibilit\u00e9. Que les congressistes qui croient en la r\u00e9volution du 14-Janvier viennent l\u2019exprimer de vive voix\u00bb, conclut-elle, en guise d\u2019invitation.<\/font><\/span><\/font><\/p>\n<p align=\"justify\"><span lang=\"FR\"><font face=\"Arial\">Source : \u00ab Kapitalis \u00bb Le 09-04-2011<\/font><\/span><\/p>\n<div>\n<p align=\"justify\"><span lang=\"FR\"><font face=\"Arial\">Lien : <\/font><a href=\"http:\/\/www.kapitalis.com\/fokus\/62-national\/3451-tunisie-la-guerre-des-meres-aura-lieu.html\" target=\"_blank\" rel=\"noopener\"><font face=\"Arial\">http:\/\/www.kapitalis.com\/fokus\/62-national\/3451-tunisie-la-guerre-des-meres-aura-lieu.html<\/font><\/a><\/span><\/p>\n<\/div>\n<p align=\"center\"><b><span lang=\"NO-BOK\"><\/p>\n<h4 style=\"color: blue;\"><font face=\"Arial\">De la peine, des larmes et de la sueur<\/font><\/h4>\n<p><\/span><\/b><\/p>\n<hr\/>\n<p>\u00a0<\/p>\n<p align=\"justify\"><font face=\"Arial\">Par Ely\u00e8s Jouini<\/font><\/p>\n<p align=\"justify\"><font face=\"Arial\"><span lang=\"NO-BOK\"><font>\u00ab\u00a0Je n&rsquo;ai rien d&rsquo;autre \u00e0 offrir que du sang, de la peine, des larmes et de la sueur\u00a0\u00bb c\u2019est avec ces mots que Churchill s\u2019adresse \u00e0 la Chambre des Communes le 13 mai 1940 pour y pr\u00e9senter son plan d\u2019action gouvernementale. <\/font><\/span><font><span lang=\"EN\">Aujourd\u2019hui, c\u2019est ce m\u00eame discours de v\u00e9rit\u00e9 que le gouvernement commence \u00e0 tenir.<\/span><\/font><span lang=\"NO-BOK\"><font>Ce discours de v\u00e9rit\u00e9, il est possible de le tenir en Tunisie en raison m\u00eame de la maturit\u00e9 de notre soci\u00e9t\u00e9 et de nos structures \u00e9conomiques.<\/font><\/span><\/font><\/p>\n<p align=\"justify\"><span lang=\"EN\"><font face=\"Arial\">On a coutume de dire que la vie humaine n\u2019a pas de prix mais qu\u2019en revanche elle a un co\u00fbt. Il en est de m\u00eame de la R\u00e9volution. Et dans les deux cas, cela ne signifie pas qu\u2019il faut l\u2019abr\u00e9ger mais bien au contraire la prot\u00e9ger et mettre en \u0153uvre tous les m\u00e9canismes pr\u00e9ventifs pour \u00e9viter que ne s\u2019installent les maux faciles \u00e0 combattre aujourd\u2019hui mais qui faute de soins imm\u00e9diats deviendront incurables demain.<\/font><\/span><\/p>\n<p align=\"justify\"><font face=\"Arial\"><span lang=\"NO-BOK\"><font>En 2010, le nombre de ch\u00f4meurs en Tunisie s\u2019\u00e9levait \u00e0 520 000 personnes. Si l\u2019on ne fait rien pour absorber les demandeurs d\u2019emploi, ce nombre pourrait atteindre les 700 000 d\u2019ici le mois de juillet 2011, affirme aujourd\u2019hui le ministre de la Formation professionnelle et de l\u2019Emploi. <\/font><\/span><span lang=\"EN\"><font>En effet, 30 \u00e0 35 000 de nos concitoyens rentr\u00e9s de Libye sont venus grossir les rangs des ch\u00f4meurs, 10 000 emplois ont \u00e9t\u00e9 perdus en raison des divers mouvements que nous avons pu conna\u00eetre et 80 000 emplois sont menac\u00e9s. Le tourisme assure pr\u00e8s de 7% du PIB tunisien et emploie jusqu&rsquo;\u00e0 400.000 personnes, directement et indirectement, et le ministre du commerce et du tourisme nous annonce que l\u2019ann\u00e9e 2011 sera catastrophique et que si la Tunisie fait la moiti\u00e9 de son r\u00e9sultat de l&rsquo;an dernier \u00ab\u00a0ce sera d\u00e9j\u00e0 pas mal\u00a0\u00bb.<\/font><\/span><\/font><\/p>\n<p align=\"justify\"><span lang=\"EN\"><font face=\"Arial\">C\u2019est \u00e0 dire que ceux l\u00e0 m\u00eames qui ont fait la R\u00e9volution, ceux l\u00e0 m\u00eames qui ont exig\u00e9 de la dignit\u00e9 et du travail \u00e0 la hauteur de leurs qualifications, \u00e0 la hauteur de leur investissement dans les \u00e9tudes, \u00e0 la hauteur des sacrifices de leurs familles et des espoirs d\u2019ascension sociale entretenus par tous, ceux l\u00e0 seront \u00e0 m\u00eame de se r\u00e9volter \u00e0 nouveau si rien n\u2019est fait pour soulager leurs peines et pour r\u00e9pondre \u00e0 leurs attentes.<\/font><\/span><\/p>\n<p align=\"justify\"><font face=\"Arial\"><span lang=\"NO-BOK\"><font>La solution ne viendra pas de l\u2019Etat seul. <\/font><\/span><span lang=\"EN\"><font>Il promet la cr\u00e9ation de 40 000 emplois notamment gr\u00e2ce \u00e0 un recrutement exceptionnel de 20 000 employ\u00e9s dans la fonction publique et c\u2019est un effort consid\u00e9rable car les emplois cr\u00e9\u00e9s doivent correspondre \u00e0 de vrais besoins et il y va de la dignit\u00e9 de ceux qui les occuperont.<\/font><\/span><\/font><\/p>\n<p align=\"justify\"><span lang=\"EN\"><font face=\"Arial\">Le programme Amel va permettre \u00e0 200 000 jeunes de retrouver leur autonomie gr\u00e2ce \u00e0 une allocation mensuelle et de retrouver le chemin de l\u2019emploi gr\u00e2ce \u00e0 une r\u00e9insertion professionnelle et une re-qualification. Mais pour que ce chemin conduise quelque part, pour que Amel soit \u00e0 la fois synonyme d\u2019emploi et d\u2019espoir (selon le son que l\u2019on associera \u00e0 la lettre A) il faut qu\u2019au m\u00eame moment notre machine \u00e9conomique soit en mesure de cr\u00e9er, \u00e0 un rythme soutenu, les emplois auxquels ces jeunes aspirent.<\/font><\/span><\/p>\n<p align=\"justify\"><span lang=\"EN\"><font face=\"Arial\">Le ministre des Finances a fait savoir que la croissance de la Tunisie en 2011 serait entre 0 et 1% au lieu des 5% initialement pr\u00e9vus et le d\u00e9ficit budg\u00e9taire est estim\u00e9 pour l\u2019ann\u00e9e 2011 \u00e0 environ 5% au lieu des 2,5% initialement pr\u00e9vus. Il nous faut attirer, dit-il, 5 milliards de dinars de capitaux pour r\u00e9pondre aux besoins de notre \u00e9conomie. Et ce n\u2019est pas en proclamant unilat\u00e9ralement l\u2019annulation de la dette que l\u2019on rassurera les investisseurs. Bien s\u00fbr c\u2019est une dette qui a \u00e9t\u00e9 contract\u00e9e par un r\u00e9gime odieux mais elle l\u2019a \u00e9t\u00e9 au nom de la Tunisie, au nom du peuple tunisien et ce dernier n\u2019a qu\u2019une seule parole. Bien s\u00fbr, une partie des financements a \u00e9t\u00e9 d\u00e9tourn\u00e9e par certains, mais il y va de notre responsabilit\u00e9 d\u2019honorer la dette tout en poursuivant ceux qui ont abus\u00e9 de notre confiance pour r\u00e9cup\u00e9rer jusqu\u2019au dernier dinar.<\/font><\/span><\/p>\n<p align=\"justify\"><font face=\"Arial\"><span lang=\"EN\"><font>Il ne s\u2019agit pas l\u00e0 d\u2019id\u00e9ologie. <\/font><\/span><font><span lang=\"NO-BOK\">Pour cr\u00e9er de la richesse, il faut du capital et du travail. <\/span><\/font><span lang=\"EN\"><font>Nous avons la chance d\u2019avoir les hommes, et la capacit\u00e9 de travail, c\u2019est l\u00e0 notre richesse. Le niveau d\u2019\u00e9ducation atteint par la Tunisie permet tous les espoirs mais il nous faut \u00eatre en mesure de lever les fonds, de mobiliser les financements pour donner corps \u00e0 ces espoirs.<\/font><\/span><\/font><\/p>\n<p align=\"justify\"><span lang=\"EN\"><font face=\"Arial\">Il nous faut donc attirer les capitaux. Aucun investisseur n\u2019acceptera de s\u2019impliquer s\u2019il n\u2019a pas de visibilit\u00e9. Les emplois ne se cr\u00e9ent que si l\u2019horizon est pr\u00e9visible. De ce point de vue, joue contre son camp celui qui estime que la p\u00e9riode actuelle doit se limiter \u00e0 la gestion des affaires courantes. L\u2019investissement en capital et en cr\u00e9ation d\u2019emplois est affaire d\u2019anticipations et de vision de long terme. Et il est urgent de prendre les mesures qui s\u2019imposent, de prendre toutes les mesures n\u00e9cessaires pour attirer les investisseurs, pour rendre attractives nos r\u00e9gions d\u00e9sh\u00e9rit\u00e9es et oubli\u00e9es pendant des d\u00e9cennies, pour initier le d\u00e9senclavement de ces m\u00eames r\u00e9gions. S\u2019interdire d\u2019agir, remettre en cause la campagne de publicit\u00e9 financ\u00e9e par celui-ci, les mesures pour l\u2019emploi de celui-l\u00e0, les n\u00e9gociations internationales de cet autre, c\u2019est prendre le risque de se retrouver dans la position de ces m\u00e9decins de Moli\u00e8re qui clament \u00ab Mieux vaut mourir dans les r\u00e8gles que de r\u00e9chapper contre les r\u00e8gles.\u00bb<\/font><\/span><\/p>\n<p align=\"justify\"><font face=\"Arial\"><span lang=\"NO-BOK\"><font>Joue contre son camp celui qui, au nom de la R\u00e9volution et de la pr\u00e9servation de ses valeurs, refuse toute l\u00e9gitimit\u00e9 \u00e0 l\u2019action gouvernementale et lui refuse de l\u2019inscrire dans la dur\u00e9e. <\/font><\/span><span lang=\"EN\"><font>Oui, il joue contre son camp ! En supposant, bien s\u00fbr, que le camp est le m\u00eame pour tous : la Tunisie. Car pour ma part, je me refuse \u00e0 croire que certains pourraient, par calcul politicien, souhaiter que la situation s\u2019envenime et pouvoir un jour, apr\u00e8s avoir exig\u00e9 un moratoire sur toutes les d\u00e9cisions \u00e9conomiques d\u2019importance, reprocher \u00e0 ceux qui sont aux affaires de n\u2019avoir pas cr\u00e9\u00e9 les emplois et pris les mesures \u00e9conomiques n\u00e9cessaires pour r\u00e9pondre aux attentes de ceux qui ont fait la R\u00e9volution.<\/font><\/span><\/font><\/p>\n<p align=\"justify\"><span lang=\"EN\"><font face=\"Arial\">Un gouvernement doit pouvoir \u0153uvrer dans le champ \u00e9conomique comme s\u2019il devait durer et doit \u0153uvrer dans le champ politique, renforcer les institutions, garantir la mise en place des contre-pouvoirs, comme s\u2019il devait partir demain. Et ainsi en sera-t-il \u00e9galement pour le gouvernement, probablement lui aussi provisoire, que mettra en place la Constituante. Car \u00e0 attendre d\u2019\u00eatre s\u00fbr d\u2019avoir trouv\u00e9 le bon m\u00e9decin et le traitement l\u00e9gitime, le patient risque fort de mourir gu\u00e9ri.<\/font><\/span><\/p>\n<p align=\"justify\"><font face=\"Arial\"><span lang=\"NO-BOK\"><font>Il est grand temps de mettre l\u2019\u00e9conomie et l\u2019emploi au c\u0153ur du d\u00e9bat. Il est indispensable que toutes les forces politiques s\u2019expriment sur les programmes \u00e9conomiques qu\u2019elles sont susceptibles de mettre en \u0153uvre dans le futur et qu\u2019elles laissent faire, dans le pr\u00e9sent, ceux qui \u0153uvrent au gouvernement. Tergiverser et critiquer ne peut pas tenir lieu de programme.  <\/font><\/span><span lang=\"EN\"><font>La Tunisie a montr\u00e9 au monde que l\u2019impensable est possible. Il nous faut aujourd\u2019hui rendre possible l\u2019indispensable et le n\u00e9cessaire. C\u2019est \u00e0 dire relancer l\u2019\u00e9conomie. Il faut bien s\u00fbr mieux partager la richesse mais il faut aussi (et certains diront peut-\u00eatre qu\u2019il faut surtout) \u00eatre en mesure de cr\u00e9er la richesse pour pouvoir la partager.<\/font><\/span><\/font><\/p>\n<p align=\"justify\"><span lang=\"EN\"><font face=\"Arial\">Alors pourrons nous reprendre avec Churchill (lors de la m\u00eame intervention) \u00abVous demandez, quel est notre but? Je peux r\u00e9pondre en un mot : la victoire, la victoire \u00e0 tout prix, la victoire en d\u00e9pit de la terreur, la victoire aussi long et dur que soit le chemin qui nous y m\u00e8nera ; car sans victoire, il n&rsquo;y a pas de survie \u00bb. Victoire contre les injustices, pour la dignit\u00e9, pour la d\u00e9mocratie et pour le d\u00e9veloppement.<\/font><\/span><\/p>\n<p align=\"justify\"><span lang=\"EN\"><font face=\"Arial\">Source: \u201cLeaders\u201d Le 10-04-2011<\/font><\/span><\/p>\n<div>\n<p align=\"justify\"><font face=\"Arial\"><span lang=\"NO-BOK\"><font>Lien: <\/font><\/span><span lang=\"EN\"><a href=\"http:\/\/www.leaders.com.tn\/article\/de-la-peine-des-larmes-et-de-la-sueur?id=4789\" target=\"_blank\" rel=\"noopener\"><span lang=\"NO-BOK\"><font>http:\/\/www.leaders.com.tn\/article\/de-la-peine-des-larmes-et-de-la-sueur?id=4789<\/font><\/span><\/a><\/span><\/font><\/p>\n<\/div>\n<p align=\"center\"><b><span lang=\"NO-BOK\"><\/p>\n<h4 style=\"color: blue;\"><font face=\"Arial\">Menaces contre la R\u00e9volution et la d\u00e9mocratie<\/font><\/h4>\n<p><\/span><\/b><\/p>\n<p align=\"center\"><b><span lang=\"NO-BOK\"><\/p>\n<h4 style=\"color: blue;\"><font face=\"Arial\">Int\u00e9gristes purs et durs<\/font><\/h4>\n<p><\/span><\/b><\/p>\n<p align=\"center\">\u00a0<\/p>\n<hr\/>\n<p>\u00a0<\/p>\n<p align=\"justify\"><b><span lang=\"NO-BOK\"><font face=\"Arial\">Par Faouzi KSIBI<\/font><\/span><\/b><\/p>\n<table border=\"0\" cellpadding=\"0\" cellspacing=\"0\" width=\"100%\">\n<tr>\n<td>\n<p align=\"justify\"><span lang=\"EN-US\"><font face=\"Arial\">La soci\u00e9t\u00e9 civile c\u2019est un acquis pour la r\u00e9alisation duquel plusieurs g\u00e9n\u00e9rations ont consenti de grands sacrifices. Cette bataille gagn\u00e9e de qui belle lurette nous a permis d\u2019int\u00e9grer tr\u00e8s t\u00f4t les rangs des peuples civilis\u00e9s, de devenir les piliers des monde arabe et africain.<\/font><\/span><\/p>\n<\/td>\n<\/tr>\n<tr>\n<td>\n<p align=\"justify\">\u00a0<\/p>\n<p align=\"justify\"><span lang=\"EN-US\"><font face=\"Arial\">Ce mouvement \u00e9mancipateur, dont les origines remontent \u00e0 l\u2019aube du si\u00e8cle pass\u00e9, a \u00e9t\u00e9 berc\u00e9 par le syndicalisme et la politique, les deux sph\u00e8res dans lesquelles s\u2019\u00e9clairent et s\u2019\u00e9panouissent les esprits. Ce mouvement s\u2019est endurci au d\u00e9but des ann\u00e9es 20 avec Mohammed Ali et son compagnon de route Tahar El Haddad, le fervent d\u00e9fenseur de la cause f\u00e9minine, qui ont cr\u00e9\u00e9 la CGTT(Conf\u00e9d\u00e9ration G\u00e9n\u00e9rale des Travailleurs Tunisiens), et s\u2019est \u00e9panoui pendant les deux d\u00e9cennies suivantes gr\u00e2ce au grand apport du PCT(Parti Communiste Tunisien). Cette action progressiste s\u2019est amplifi\u00e9e vers la fin des ann\u00e9es 60 avec les Perspectivistes qui ont illumin\u00e9 le sentier pour les g\u00e9n\u00e9rations futures. Donc, le CSP(Code du Statut Personnel) n\u2019\u00e9tait en fait que l\u2019aboutissement d\u2019une lutte de grande haleine, la concr\u00e9tisation d\u2019un id\u00e9al. Car une loi ne peut \u00e0 elle seule changer la r\u00e9alit\u00e9 si on n\u2019agit pas au pr\u00e9alable sur celle-ci, si on ne lui pr\u00e9pare pas le terrain social : une loi vient sanctionner des faits et ne les cr\u00e9e pas. \u00abJe n\u2019avais point \u00e0 faire un trait\u00e9 de jurisprudence, mais \u00e0 guerroyer contre l\u2019opinion ; car c\u2019est elle qui retarde ou pr\u00e9pare les am\u00e9liorations sociales\u00bb, dit George Sand. <\/font><\/span><\/p>\n<p align=\"justify\">\u00a0<\/p>\n<p align=\"justify\"><b><span lang=\"EN-US\"><font face=\"Arial\">L\u2019identit\u00e9 tunisienne<\/font><\/span><\/b><\/p>\n<p align=\"justify\">\u00a0<\/p>\n<p align=\"justify\"><span lang=\"EN-US\"><font face=\"Arial\">La modernisation que nous vivons, \u00e0 laquelle nous nous sommes bien adapt\u00e9s et que nous avons adopt\u00e9e comme mode de vie nous a appris la tol\u00e9rance, l\u2019acceptation de l\u2019autre avec ses diff\u00e9rences. C\u2019est la mentalit\u00e9 tunisienne qui est devenue une sorte d\u2019identit\u00e9 et pour laquelle nous sommes envi\u00e9s par les fr\u00e8res et les amis dont certains pays d\u00e9velopp\u00e9s. Nous sommes un exemple \u00e0 suivre pour tous ceux qui veulent acc\u00e9der \u00e0 un stade avanc\u00e9 et r\u00e9aliser leur humanit\u00e9.<\/font><\/span><\/p>\n<p align=\"justify\">\u00a0<\/p>\n<p align=\"justify\"><b><span lang=\"EN-US\"><font face=\"Arial\">Menaces<\/font><\/span><\/b><\/p>\n<p align=\"justify\">\u00a0<\/p>\n<p align=\"justify\"><span lang=\"EN-US\"><font face=\"Arial\">Ce qui nous am\u00e8ne \u00e0 rappeler l\u2019histoire et \u00e0 mettre en valeur la position que nous occupons dans le monde c\u2019est le danger que court notre soci\u00e9t\u00e9, c\u2019est la menace qui guette notre \u00e9difice culturel et identitaire que nous avons mont\u00e9 pi\u00e8ce \u00e0 pi\u00e8ce au prix de multiples souffrances. Les agents perturbateurs qui veulent ravir ces grands acquis sont les forces obscures, les fondamentalistes religieux.<\/font><\/span><\/p>\n<p align=\"justify\"><font face=\"Arial\"><span lang=\"NO-BOK\"><font>Nous avons vu Vendredi dernier la d\u00e9monstration de force du parti \u00abEttahrir\u00bb dans l\u2019art\u00e8re centrale da la capitale transform\u00e9e en une avenue de Kaboul. <\/font><\/span><span lang=\"EN-US\"><font>Et ce n\u2019\u00e9tait pas la premi\u00e8re exhibition de violence, ces int\u00e9gristes ont d\u00e9j\u00e0 terroris\u00e9 les citoyens il y a plus d\u2019un mois lorsqu\u2019ils ont attaqu\u00e9 des armes blanches \u00e0 la main des maisons closes, des bars et des bars restaurants dans plusieurs villes.<\/font><\/span><\/font><\/p>\n<p align=\"justify\">\u00a0<\/p>\n<p align=\"justify\"><b><span lang=\"NO-BOK\"><font face=\"Arial\">La d\u00e9stabilisation de la soci\u00e9t\u00e9 civile<\/font><\/span><\/b><\/p>\n<p align=\"justify\">\u00a0<\/p>\n<p align=\"justify\"><font face=\"Arial\"><span lang=\"NO-BOK\"><font>Ces revenants qui \u00e9taient totalement absents pendant les \u00e9v\u00e9nements meurtriers se sont manifest\u00e9s longtemps apr\u00e8s le 14 Janvier quand la situation a commenc\u00e9 \u00e0 s\u2019am\u00e9liorer d\u00e9ployant leur projet obscurantiste visant \u00e0 an\u00e9antir la soci\u00e9t\u00e9 civile. <\/font><\/span><span lang=\"EN-US\"><font>Ce comportement montre \u00e0 l\u2019\u00e9vidence que ces extr\u00e9mistes se d\u00e9marquent nettement du peuple, puisqu\u2019ils ne sont aucunement concern\u00e9s par ses revendications sociales, \u00e9conomiques et politiques, c\u2019est pourquoi ils ne se sont pas engag\u00e9s dans les luttes populaires contre l\u2019ancien r\u00e9gime. Et apr\u00e8s que le terrain est aplani, ils sortent de leurs terriers et viennent revendiquer des absurdit\u00e9s pour nous terroriser. Les lieux de culte n\u2019ont jamais ferm\u00e9 leurs portes, leur nombre a doubl\u00e9 et la majorit\u00e9 des Tunisiens est toujours musulmane, donc l\u2019Islam n\u2019est nullement inqui\u00e9t\u00e9, il b\u00e9n\u00e9ficie toujours d\u2019un statut privil\u00e9gi\u00e9. Pourquoi alors toutes ces orchestrations ? La r\u00e9ponse est toute simple, ils veulent faire de notre pays un Afghanistan o\u00f9 il n\u2019y aurait de place que pour des Talibans de leur esp\u00e8ce, ces fant\u00f4mes qui se prom\u00e8nent en burka et qui amochent notre paysage social en sont l\u2019illustration.<\/font><\/span><\/font><\/p>\n<p align=\"justify\">\u00a0<\/p>\n<p align=\"justify\"><b><span lang=\"EN-US\"><font face=\"Arial\">L\u2019ombre des instigateurs<\/font><\/span><\/b><\/p>\n<p align=\"justify\">\u00a0<\/p>\n<p align=\"justify\"><font face=\"Arial\"><span lang=\"EN-US\"><font>Toutefois, plusieurs \u00e9v\u00e9nements nous laissent douter que ces fondamentalistes, dont le caract\u00e8re sanguinaire et barbare ne sont pas \u00e0 prouver, n\u2019agissent pas seuls et qu\u2019ils sont embrigad\u00e9s par certaines parties qui n\u2019ont pas d\u2019int\u00e9r\u00eat \u00e0 ce que le climat social s\u2019apaise et que la R\u00e9volution r\u00e9alise ses objectifs. Ils trouveraient pleinement leur compte dans le trouble et le d\u00e9sordre, leur slogan c\u2019est \u00abdiviser pour mieux r\u00e9gner\u00bb. Au d\u00e9but, ils ont essay\u00e9 les armes du r\u00e9gionalisme et du tribalisme (l\u2019affaire de Ouled Ayar \u00e0 Ksar helal), mais elles n\u2019ont pas donn\u00e9 le r\u00e9sultat escompt\u00e9, puisqu\u2019elles \u00e9taient tr\u00e8s vite d\u00e9voil\u00e9es, alors ils ont utilis\u00e9 le moyen id\u00e9ologique. L\u2019attaque du convoi des ambassadeurs \u00e0 Souk El Ahad n\u2019\u00e9tait pas organis\u00e9e par des salafites comme on l\u2019a laiss\u00e9 entendre. Des t\u00e9moins oculaires ont affirm\u00e9 que des inconnus ont surgi et se sont mis \u00e0 lancer des pierres sur les voitures juste apr\u00e8s les incidents qui ont terroris\u00e9 les habitants quand des agents de police cagoul\u00e9s se sont introduits dans un caf\u00e9 et ont humili\u00e9 et agress\u00e9 des clients, ce qui a provoqu\u00e9 un \u00e9tat de panique g\u00e9n\u00e9rale dans la ville. Ces parties qui agissent dans les coulisses ne sont plus \u00e0 montrer, tout le monde les conna\u00eet&#8230; <\/font><\/span><span lang=\"NO-BOK\"><font>Soyons vigilants!!! <\/font><\/span><\/font><\/p>\n<p align=\"justify\">\u00a0<\/p>\n<\/td>\n<\/tr>\n<\/table>\n<p align=\"justify\"><span lang=\"EN-US\"><font face=\"Arial\">Source: \u201dLe Temps\u201d Le 10-04-2011<\/font><\/span><\/p>\n<div>\n<p align=\"justify\"><span lang=\"NO-BOK\"><font face=\"Arial\">Lien: <\/font><a href=\"http:\/\/www.letemps.com.tn\/article-54928.html\" target=\"_blank\" rel=\"noopener\"><font face=\"Arial\">http:\/\/www.letemps.com.tn\/article-54928.html<\/font><\/a><\/span><\/p>\n<\/div>\n<p align=\"justify\">\u00a0<\/p>\n<\/div>\n<p><\/body><\/body><\/html><\/p>\n","protected":false},"excerpt":{"rendered":"<p>TUNISNEWS 10 \u00e8me ann\u00e9e, N\u00b03974du 10.04.2011 archives : www.tunisnews.net AFP: Le retour du mythe Bourguiba en Tunisie FTCR: Lumpadusa victoire du droits et des harragas tunisiens H. Hachem et M. Mathlouthi: R\u00e9volution inachev\u00e9e, r\u00e9volution en danger REVUE DE PRESSE Le retour du mythe Bourguiba en Tunisie De Jacques LHUILLERY (AFP) \u2013 Le 10 avril 2011 [&hellip;]<\/p>\n","protected":false},"author":1,"featured_media":22040,"comment_status":"open","ping_status":"open","sticky":false,"template":"","format":"standard","meta":{"inline_featured_image":false,"site-sidebar-layout":"default","site-content-layout":"","ast-site-content-layout":"default","site-content-style":"default","site-sidebar-style":"default","ast-global-header-display":"","ast-banner-title-visibility":"","ast-main-header-display":"","ast-hfb-above-header-display":"","ast-hfb-below-header-display":"","ast-hfb-mobile-header-display":"","site-post-title":"","ast-breadcrumbs-content":"","ast-featured-img":"","footer-sml-layout":"","ast-disable-related-posts":"","theme-transparent-header-meta":"","adv-header-id-meta":"","stick-header-meta":"","header-above-stick-meta":"","header-main-stick-meta":"","header-below-stick-meta":"","astra-migrate-meta-layouts":"default","ast-page-background-enabled":"default","ast-page-background-meta":{"desktop":{"background-color":"","background-image":"","background-repeat":"repeat","background-position":"center center","background-size":"auto","background-attachment":"scroll","background-type":"","background-media":"","overlay-type":"","overlay-color":"","overlay-opacity":"","overlay-gradient":""},"tablet":{"background-color":"","background-image":"","background-repeat":"repeat","background-position":"center center","background-size":"auto","background-attachment":"scroll","background-type":"","background-media":"","overlay-type":"","overlay-color":"","overlay-opacity":"","overlay-gradient":""},"mobile":{"background-color":"","background-image":"","background-repeat":"repeat","background-position":"center center","background-size":"auto","background-attachment":"scroll","background-type":"","background-media":"","overlay-type":"","overlay-color":"","overlay-opacity":"","overlay-gradient":""}},"ast-content-background-meta":{"desktop":{"background-color":"var(--ast-global-color-5)","background-image":"","background-repeat":"repeat","background-position":"center center","background-size":"auto","background-attachment":"scroll","background-type":"","background-media":"","overlay-type":"","overlay-color":"","overlay-opacity":"","overlay-gradient":""},"tablet":{"background-color":"var(--ast-global-color-5)","background-image":"","background-repeat":"repeat","background-position":"center center","background-size":"auto","background-attachment":"scroll","background-type":"","background-media":"","overlay-type":"","overlay-color":"","overlay-opacity":"","overlay-gradient":""},"mobile":{"background-color":"var(--ast-global-color-5)","background-image":"","background-repeat":"repeat","background-position":"center center","background-size":"auto","background-attachment":"scroll","background-type":"","background-media":"","overlay-type":"","overlay-color":"","overlay-opacity":"","overlay-gradient":""}},"footnotes":""},"categories":[],"tags":[56,42,29],"class_list":["post-18161","post","type-post","status-publish","format-standard","has-post-thumbnail","hentry","tag-56","tag-42","tag-fr"],"_links":{"self":[{"href":"https:\/\/tunisnews.net\/ar\/wp-json\/wp\/v2\/posts\/18161","targetHints":{"allow":["GET"]}}],"collection":[{"href":"https:\/\/tunisnews.net\/ar\/wp-json\/wp\/v2\/posts"}],"about":[{"href":"https:\/\/tunisnews.net\/ar\/wp-json\/wp\/v2\/types\/post"}],"author":[{"embeddable":true,"href":"https:\/\/tunisnews.net\/ar\/wp-json\/wp\/v2\/users\/1"}],"replies":[{"embeddable":true,"href":"https:\/\/tunisnews.net\/ar\/wp-json\/wp\/v2\/comments?post=18161"}],"version-history":[{"count":0,"href":"https:\/\/tunisnews.net\/ar\/wp-json\/wp\/v2\/posts\/18161\/revisions"}],"wp:featuredmedia":[{"embeddable":true,"href":"https:\/\/tunisnews.net\/ar\/wp-json\/wp\/v2\/media\/22040"}],"wp:attachment":[{"href":"https:\/\/tunisnews.net\/ar\/wp-json\/wp\/v2\/media?parent=18161"}],"wp:term":[{"taxonomy":"category","embeddable":true,"href":"https:\/\/tunisnews.net\/ar\/wp-json\/wp\/v2\/categories?post=18161"},{"taxonomy":"post_tag","embeddable":true,"href":"https:\/\/tunisnews.net\/ar\/wp-json\/wp\/v2\/tags?post=18161"}],"curies":[{"name":"wp","href":"https:\/\/api.w.org\/{rel}","templated":true}]}}