{"id":18157,"date":"2007-10-14T00:00:00","date_gmt":"2007-10-14T00:00:00","guid":{"rendered":"https:\/\/tunisnews.net\/14-octobre-2007\/"},"modified":"2007-10-14T00:00:00","modified_gmt":"2007-10-14T00:00:00","slug":"14-octobre-2007","status":"publish","type":"post","link":"https:\/\/tunisnews.net\/ar\/14-octobre-2007\/","title":{"rendered":"14 octobre 2007"},"content":{"rendered":"<p><html><head><meta content=\"text\/html\" description=\"Ils ont frapp\u00e9 \n\u00e0 toutes les portes recherchant du travail peu importe le salaire\u00a0; peu d\u2019entre \neux ont subvenu \u00e0 leur besoin. Par contre la majorit\u00e9 d\u2019entre eux se trouvent au \nseuil de la pauvret\u00e9 alors qu\u2019ils avaient promis \u00e0 leur famille richesse et \naisance et\u00a0 une vie en rose\u00a0; d\u2019autant plus que les enfants ont grandi entre \ntemps et que leurs demandes et leurs besoins ont grandi aussi.\" http-equiv=\"Content-Type\"\/><\/head><body><body><\/p>\n<p align=\"center\" dir=\"ltr\"><b><a href=\"http:\/\/www.tunisnews.net\"><span>Home<\/span><span lang=\"FR-CH\"> &#8211; Accueil <\/span><span>&#8211;<\/span><\/a><\/b><\/p>\n<p align=\"center\" dir=\"ltr\">\u00a0<\/p>\n<p><font face=\"Arial\" size=\"2\"><\/p>\n<div dir=\"ltr\"> <\/div>\n<p><span lang=\"FR\"><\/p>\n<div align=\"center\" dir=\"ltr\"> <font face=\"Arial\" size=\"2\"> <span lang=\"SV\"> <strong><font size=\"6\">TUNISNEWS<\/font><\/strong><\/span> <\/font><\/div>\n<div align=\"center\" dir=\"ltr\"> <strong><font size=\"2\">8\u00a0\u00e8me\u00a0ann\u00e9e, <span lang=\"FR\">N\u00b0\u00a02701 du   14.10.2007<\/span><\/font><\/strong><\/div>\n<p><strong><\/p>\n<div align=\"center\" dir=\"ltr\"> <b><span><blink> <font size=\"2\">\u00a0archives : <\/font><a href=\"\" target=\"_blank\" rel=\"noopener\"> <font size=\"2\" target=\"_blank\">www.tunisnews.net<\/font><\/a><\/blink><\/span><\/b><font size=\"2\"> <\/font><\/div>\n<div dir=\"ltr\">\n<hr\/>\n<\/div>\n<p><font size=\"2\"><span lang=\"FR\"><font size=\"2\"><span lang=\"FR-CH\"><\/p>\n<p><font size=\"2\"><span lang=\"SV\"><font><span lang=\"FR\"><\/p>\n<p><font><font size=\"2\"><font><\/p>\n<div align=\"left\" dir=\"ltr\"> <strong><span lang=\"FR-CH\"> <\/p>\n<h2 style=\"color: red;\"><font><span lang=\"FR-CH\">Libert\u00e9 et Equit\u00e9: <\/span>Communiqu\u00e9<\/font><\/h2>\n<p><\/span><\/strong><\/div>\n<p><span lang=\"FR-CH\"><\/p>\n<p><font><strong><\/p>\n<div align=\"justify\" dir=\"ltr\"> <font face=\"Arial\" size=\"2\"><font>AFP: <\/font> <font size=\"3\">Inondations en Tunisie: treize morts, les   recherches continuent<\/font><\/font><\/div>\n<p><\/strong><\/p>\n<div align=\"justify\" dir=\"ltr\"> <font face=\"Arial\" size=\"2\"><strong><font size=\"3\">\u0650<\/font><font size=\"3\">AFP:Tunisie:   au moins neuf morts et 9 disparus dans des inondations<\/font><\/strong><\/font><\/div>\n<div align=\"justify\" dir=\"ltr\"> <font size=\"3\">Reuters:Tunisia floods kill eight, 8 more   missing<\/font><\/div>\n<p><\/font><\/p>\n<p><\/span><\/font><\/font><\/font><\/p>\n<p><\/span><\/font><\/span><\/font><\/p>\n<p><\/span><\/font><\/span><\/font><\/strong><\/span><\/font><strong><\/p>\n<div align=\"justify\" dir=\"ltr\"> <font face=\"Arial\" size=\"2\">L&rsquo;Audace:<font size=\"3\">Interview exclusive avec   le docteur Mustapha Ben Jaafar<\/font><\/font><\/div>\n<p><\/strong><\/p>\n<div align=\"left\" dir=\"ltr\"> <font face=\"Arial\" size=\"2\"><\/font><\/div>\n<p><span lang=\"FR\"><span lang=\"SV\"><\/p>\n<p><font><span dir=\"rtl\" lang=\"FR\"><\/p>\n<p><font size=\"3\"><span lang=\"FR-CH\"><font size=\"2\"><strong><\/p>\n<div align=\"left\" dir=\"ltr\">\n<hr\/>\n<\/div>\n<p dir=\"ltr\">\u00a0<\/p>\n<p><\/strong><\/font><\/p>\n<p><font size=\"2\"><font size=\"2\"><font><font face=\"Arial\" size=\"2\"><\/p>\n<p align=\"center\" dir=\"ltr\"><b><span lang=\"FR-CH\"><font size=\"3\">Appel de d\u00e9tresse de Tunisie (*)<\/font><\/span><\/b><\/p>\n<p dir=\"ltr\">\u00a0<\/p>\n<p dir=\"ltr\">\u00a0<\/p>\n<p dir=\"ltr\"><b><span lang=\"FR-CH\">Au nom de Dieu le Cl\u00e9ment, le\u00a0 Mis\u00e9ricordieux,<\/span><\/b><\/p>\n<p dir=\"ltr\"><b><span lang=\"FR-CH\">Appel \u00e0 toute \u00e2me charitable<\/span><\/b><\/p>\n<p dir=\"ltr\"><b><span lang=\"FR-CH\">A nos fr\u00e8res en Dieu dans le monde entier<\/span><\/b><\/p>\n<p dir=\"ltr\"><b><span lang=\"FR-CH\">A toute conscience vive et humanitaire<\/span><\/b><\/p>\n<p dir=\"ltr\">\u00a0<\/p>\n<p dir=\"ltr\"><b><span lang=\"FR-CH\">Nous sommes sur la terre de la Zeitouna et de Kairouan et nous sommes submerg\u00e9s par le malheur et le d\u00e9nuement.<\/span><\/b><\/p>\n<p dir=\"ltr\">\u00a0<\/p>\n<p dir=\"ltr\"><b><span lang=\"FR-CH\">Les difficult\u00e9s de vos fr\u00e8res et s\u0153urs sont d\u00e9mesur\u00e9es et il ne nous reste plus aucun espoir apr\u00e8s Dieu et vous.<\/span><\/b><\/p>\n<p dir=\"ltr\">\u00a0<\/p>\n<p dir=\"ltr\"><b><span lang=\"FR-CH\">Chers fr\u00e8res, une fois sortis de prison, nos fr\u00e8res se sont trouv\u00e9s dans une nouvelle grande prison, ils se sont heurt\u00e9s \u00e0 la dure r\u00e9alit\u00e9 \u00e0 laquelle ils ne s\u2019attendaient pas.<\/span><\/b><\/p>\n<p dir=\"ltr\">\u00a0<\/p>\n<p dir=\"ltr\"><b><span lang=\"FR-CH\">Leur s\u00e9jour a \u00e9t\u00e9 si long qu\u2019ils doivent non seulement surmonter des obstacles mat\u00e9riels mais\u00a0 aussi psychologiques notamment au sein de leurs familles.<\/span><\/b><\/p>\n<p dir=\"ltr\">\u00a0<\/p>\n<p dir=\"ltr\"><b><span lang=\"FR-CH\">Ils ont frapp\u00e9 \u00e0 toutes les portes recherchant du travail peu importe le salaire\u00a0; peu d\u2019entre eux ont subvenu \u00e0 leur besoin. Par contre la majorit\u00e9 d\u2019entre eux se trouvent au seuil de la pauvret\u00e9 alors qu\u2019ils avaient promis \u00e0 leur famille richesse et aisance et\u00a0 une vie en rose\u00a0; d\u2019autant plus que les enfants ont grandi entre temps et que leurs demandes et leurs besoins ont grandi aussi.<\/span><\/b><\/p>\n<p dir=\"ltr\">\u00a0<\/p>\n<p dir=\"ltr\"><b><span lang=\"FR-CH\">Tous les r\u00eaves et les espoirs se sont envol\u00e9s, le travail se fait rare et les proches et les amis ont tourn\u00e9s le dos\u00a0; certains d\u2019entre eux ont m\u00eame vu partir leurs \u00e9pouses et leurs enfants.<\/span><\/b><\/p>\n<p dir=\"ltr\"><b><span lang=\"FR-CH\">Il y a, certes,\u00a0 des fr\u00e8res comme ceux cit\u00e9s par Allah\u00a0:\u00a0<span>\u00ab\u2026\u00a0<a><i>que l&rsquo;ignorant croit riches parce qu&rsquo;ils ont honte de mendier &#8211; tu les reconna\u00eetras \u00e0 leur aspects &#8211; Ils n&rsquo;importunent personne en mendiant<\/i>.<\/a>.\u00a0\u00bb<\/span> La vache\/273 . Nous nous soucions d\u2019eux et nous ressentons ce qu\u2019ils ressentent.<\/span><\/b><\/p>\n<p dir=\"ltr\"><b><span lang=\"FR-CH\">Il y<span dir=\"rtl\"><\/span>en a d\u2019autres qui, par pudeur, n\u2019ose pas sortir de chez eux refusant tout contact ext\u00e9rieur\u00a0; craignant le regard des autres en raison de\u00a0 leur pauvret\u00e9.<\/span><\/b><\/p>\n<p dir=\"ltr\">\u00a0<\/p>\n<p dir=\"ltr\"><b><span lang=\"FR-CH\">D\u2019autres sollicitent\u00a0 Allah avant d\u2019aller affronter les gens et leur dire\u00a0\u00ab\u00a0donnez moi \u00e0 manger j\u2019ai faim\u00a0\u00bb, et les cas similaires sont nombreux.<\/span><\/b><\/p>\n<p dir=\"ltr\">\u00a0<\/p>\n<p dir=\"ltr\"><b><span lang=\"FR-CH\">Chers fr\u00e8res, cette crise qui a longtemps dur\u00e9 a engendr\u00e9 des cons\u00e9quences et des situations n\u00e9fastes.<\/span><\/b><\/p>\n<p dir=\"ltr\">\u00a0<\/p>\n<p dir=\"ltr\"><strong>Nos fr\u00e8res qui sont rest\u00e9s en prison parfois plus de quatorze ans se sont retrouv\u00e9s dans des situations alarmantes\u00a0:<\/strong><\/p>\n<p dir=\"ltr\">\u00a0<\/p>\n<p dir=\"ltr\"><strong>Certains ont atteint la cinquantaine et sont toujours c\u00e9libataires, ajout\u00e9 \u00e0 cela de nombreuses maladies de l\u2019estomac, du rein, le ph\u00e9nom\u00e8ne d\u2019impuissance sexuelle, le cancer\u00a0 entra\u00eenant\u00a0 la mort dans de nombreux cas.<\/strong><\/p>\n<p dir=\"ltr\">\u00a0<\/p>\n<p dir=\"ltr\"><b><span lang=\"FR-CH\">Le pire c\u2019est que la majorit\u00e9 de ces fr\u00e8res sont priv\u00e9s de cartes de soins et certains d\u2019entres eux sont au ch\u00f4mage ou en invalidit\u00e9.<\/span><\/b><\/p>\n<p dir=\"ltr\">\u00a0<\/p>\n<p dir=\"ltr\"><b><span lang=\"FR-CH\">La situation\u00a0 de leurs enfants est parfois plus alarmante. De nombreux sont ceux qui pr\u00e9sentent des maladies psychologiques du fait du stress permanent entra\u00eenant des perturbations graves, et comme vous le savez, ces cas n\u00e9cessitent de l\u2019attention, de la pr\u00e9vention et une prise en charge permanente qui est co\u00fbteuse.<\/span><\/b><\/p>\n<p dir=\"ltr\">\u00a0<\/p>\n<p dir=\"ltr\"><b><span lang=\"FR-CH\">Tout cela n\u2019est qu\u2019un aper\u00e7u de la r\u00e9alit\u00e9, une goutte dans un oc\u00e9an.<\/span><\/b><\/p>\n<p dir=\"ltr\">\u00a0<\/p>\n<p dir=\"ltr\"><b><span lang=\"FR-CH\">Chers fr\u00e8res, la lecture de cette lettre ne doit pas vous laisser indiff\u00e9rents, nous sommes persuad\u00e9s qu\u2019apr\u00e8s sa lecture votre c\u0153ur sera touch\u00e9.<\/span><\/b><\/p>\n<p dir=\"ltr\">\u00a0<\/p>\n<p dir=\"ltr\"><b><span lang=\"FR-CH\">Notre espoir en Dieu est grand ainsi qu\u2019en votre g\u00e9n\u00e9rosit\u00e9 devant pareil cas de d\u00e9nuement et de pauvret\u00e9.<\/span><\/b><\/p>\n<p dir=\"ltr\">\u00a0<\/p>\n<p dir=\"ltr\"><b><span lang=\"FR-CH\">Nous ne souhaitions \u00e0 personne de vivre cette situation. Nous prions Dieu pour qu\u2019Il vous prot\u00e8ge et vous donne la paix.<\/span><\/b><\/p>\n<p dir=\"ltr\">\u00a0<\/p>\n<p dir=\"ltr\"><b><span lang=\"FR-CH\">Nous n\u2019avons pas voulu vous importuner avec nos souffrances mais si nous\u00a0 faisons appel \u00e0 vous apr\u00e8s Dieu, c\u2019est que la situation a atteint un seuil critique.<\/span><\/b><\/p>\n<p dir=\"ltr\">\u00a0<\/p>\n<p dir=\"ltr\"><b><span lang=\"FR-CH\">Nous demandons \u00e0 toute \u00e2me charitable de nous aider afin que nos fr\u00e8res puissent retrouver et garder leur dignit\u00e9.<\/span><\/b><\/p>\n<p dir=\"ltr\">\u00a0<\/p>\n<p dir=\"ltr\"><b><span lang=\"FR-CH\">Gr\u00e2ce \u00e0 votre aide g\u00e9n\u00e9reuse et votre main tendue, vous pouvez emp\u00eacher le d\u00e9sespoir de s\u2019emparer de vos fr\u00e8res qui n\u2019ont pour tort que d\u2019avoir souhaiter vivre dans leur pays en harmonie avec leur religion.<\/span><\/b><\/p>\n<p dir=\"ltr\">\u00a0<\/p>\n<p dir=\"ltr\"><b><span lang=\"FR-CH\">Nous gardons espoir en Dieu qui, inchallah, nous unira sur la voie de la foi et l\u2019amour de Dieu.<\/span><\/b><\/p>\n<p dir=\"ltr\"><strong><font>Le proph\u00e8te psl dit\u00a0:\u00a0\u00ab\u00a0celui qui soulage le fardeau d\u2019un croyant, Dieu le soulagera d\u2019un fardeau le jour du jugement dernier\u00a0\u00bb<\/font><\/strong><\/p>\n<p dir=\"ltr\">\u00a0<\/p>\n<p dir=\"ltr\"><span lang=\"FR-CH\"><strong>Qu\u2019Allah vous vienne en aide et vous prot\u00e8ge !<\/strong><\/span><\/p>\n<p dir=\"ltr\">\u00a0<\/p>\n<p dir=\"ltr\"><b><span lang=\"FR-CH\">Wassalem alaikom wa rahmatoullah wa barakatouhou.<\/span><\/b><\/p>\n<p dir=\"ltr\">\u00a0<\/p>\n<p dir=\"ltr\">\u00a0<\/p>\n<p dir=\"ltr\">\n<p><font><strong><em>(*) Cette lettre est parvenue r\u00e9cemment de la Tunisie \u00e0 l\u2019Association\u00a0\u00ab\u00a0TAKAFUL\u00a0\u00bb pour le secours et la solidarit\u00e9, et nous\u00a0 la transmettons \u00e0 l\u2019opinion publique\u00a0 pour l\u2019alerter sur l\u2019inqui\u00e9tante situation mat\u00e9rielle, sociale et psychologique d\u2019un grand nombre de tunisiens victimes de la politique r\u00e9pressive du r\u00e9gime durant les deux derni\u00e8res d\u00e9cennies.<\/em><\/strong><\/font><\/p>\n<\/p>\n<p dir=\"ltr\"><strong><em><\/p>\n<p><font>Vu l\u2019ampleur du drame et le nombre important des victimes qui sont dans le besoin et la pr\u00e9carit\u00e9\u00a0; l\u2019Association TAKAFUL fait\u00a0 appel \u00e0 votre g\u00e9n\u00e9rosit\u00e9 pour nous aider \u00e0 secourir vos fr\u00e8res et les aider \u00e0 sauvegarder leur dignit\u00e9.<\/font><\/p>\n<p><\/em><\/strong><\/p>\n<p dir=\"ltr\">\u00a0<\/p>\n<p dir=\"ltr\"><b><i><span lang=\"FR-CH\">\u00ab\u00a0Et toute d\u00e9pense que vous faites dans le bien, Il la remplace, et c\u2019est Lui le meilleur des donateurs\u00a0\u00bb<\/span><\/i><span lang=\"FR-CH\"> (34 Saba \/verset 39.)<\/span><\/b><\/p>\n<p dir=\"ltr\">\u00a0<\/p>\n<p dir=\"ltr\"><b><span lang=\"FR-CH\">\u00ab\u00a0Quiconque pr\u00eate \u00e0 Allah de bonne gr\u00e2ce, Il le lui rendra multipli\u00e9 plusieurs fois. Allah restreint ou \u00e9tend (ses faveurs).Et c\u2019est \u00e0 lui que vous retournerez\u00a0\u00bb<\/span><span lang=\"FR-CH\"> (la vache, verset 245)<\/span><\/b><\/p>\n<p dir=\"ltr\">\u00a0<\/p>\n<p dir=\"ltr\"><b><span lang=\"FR-CH\">Vous pouvez\u00a0 faire parvenir vos dons:<\/span><\/b><\/p>\n<p dir=\"ltr\">\u00a0<\/p>\n<p dir=\"ltr\"><b><span lang=\"FR-CH\">* directement en donnant vos dons \u00e0 des gens de confiance en contact avec l\u2019association TAKAFUL (enregistr\u00e9e en France)<\/span><\/b><\/p>\n<p dir=\"ltr\">\u00a0<\/p>\n<p dir=\"ltr\"><b><span lang=\"FR-CH\">* en envoyant vos dons \u00e0 cette adresse\u00a0:<\/span><\/b><\/p>\n<p dir=\"ltr\"><b><span lang=\"FR-CH\">TAKAFUL\u00a0 16, cit\u00e9 vert &#8211;\u00a0 94370 Sucy en Brie.<\/span><\/b><\/p>\n<p dir=\"ltr\"><b><span lang=\"FR-CH\">France<\/span><\/b><\/p>\n<p dir=\"ltr\">\u00a0<\/p>\n<p dir=\"ltr\"><b><span lang=\"FR-CH\">T\u00e9l: 06 09 17 22 88\u00a0\/ 06 80 85 92 98<\/span><\/b><\/p>\n<p dir=\"ltr\"><b><span lang=\"FR-CH\">e-mail\u00a0:contact@hotmail.fr<\/span><\/b><\/p>\n<p dir=\"ltr\">\u00a0<\/p>\n<p dir=\"ltr\"><b><span lang=\"FR-CH\">* par virement\u00a0 bancaire \u00e0 l\u2019adresse suivante\u00a0:<\/span><\/b><\/p>\n<p dir=\"ltr\">\u00a0<\/p>\n<p dir=\"ltr\"><b><span lang=\"FR-CH\">la Banque Postale. \/ France<\/span><\/b><\/p>\n<p dir=\"ltr\">\u00a0<\/p>\n<p dir=\"ltr\"><b><span lang=\"FR-CH\">Etablissement\u00a0\u00a0\u00a0\u00a0\u00a0\u00a0\u00a0\u00a0 guichet\u00a0\u00a0\u00a0\u00a0\u00a0\u00a0\u00a0\u00a0\u00a0 n\u00b0 compte\u00a0\u00a0\u00a0\u00a0\u00a0\u00a0\u00a0\u00a0\u00a0 cl\u00e9 RIP<\/span><\/b><\/p>\n<p dir=\"ltr\"><b><span lang=\"FR-CH\">30041\u00a0\u00a0\u00a0\u00a0\u00a0\u00a0\u00a0\u00a0\u00a0\u00a0\u00a0\u00a0\u00a0\u00a0\u00a0\u00a0\u00a0\u00a0 00001\u00a0\u00a0\u00a0\u00a0\u00a0\u00a0\u00a0 5173100R020\u00a0\u00a0\u00a0\u00a0\u00a0\u00a0\u00a0\u00a0\u00a0 42<\/span><\/b><\/p>\n<p dir=\"ltr\">\u00a0<\/p>\n<p dir=\"ltr\"><b><span lang=\"FR-CH\">Identifiant International de Compte\u00a0 IBAN<\/span><\/b><\/p>\n<p dir=\"ltr\"><span lang=\"EN-GB\"><strong>FR54\u00a0 3004\u00a0 1000\u00a0\u00a0 0151\u00a0\u00a0 7310\u00a0 0R02\u00a0 042<\/strong><\/span><\/p>\n<p><strong><\/p>\n<div dir=\"ltr\">\n<hr\/>\n<\/div>\n<p><\/strong><\/font><\/font><\/font><\/font><\/p>\n<p><\/span><\/font><\/p>\n<p><\/span><\/font><\/p>\n<p><\/span><\/span><\/p>\n<div align=\"center\" dir=\"ltr\"> <span lang=\"FR-CH\"> <strong>Couverture m\u00e9diatique de El Arabia TV + France 24 de la gr\u00e8ve de la   faim    de Maya JRIBI &amp; Ahmed N\u00e9jib Chebbi<\/strong><\/span><span lang=\"FR-CH\"><strong> <\/strong><\/span> <a href=\"http:\/\/www.youtube.com\/watch?v=FDD57GiANr0\" target=\"_blank\" rel=\"noopener\"> <span lang=\"FR-CH\"><strong>http:\/\/www.youtube.com\/watch?v=FDD57GiANr0<\/strong><\/span><\/a><span lang=\"FR-CH\"> <\/span><span lang=\"EN-GB\"> <a href=\"http:\/\/www.dailymotion.com\/PDPTunisie\/video\/5392214%20\" target=\"_blank\" rel=\"noopener\"> <span lang=\"FR-CH\"><strong>http:\/\/www.dailymotion.com\/PDPTunisie\/video\/5392214  <\/strong><\/span><\/a><\/span> <span lang=\"FR-CH\">    \u00a0<\/span><\/div>\n<p><font face=\"Arial\" size=\"2\"><strong><\/p>\n<div dir=\"ltr\">\n<hr\/>\n<\/div>\n<p><\/strong><\/p>\n<div dir=\"ltr\">  \u00a0<\/div>\n<p><font><\/p>\n<p dir=\"ltr\"><span lang=\"EN-GB\"><font face=\"Times New Roman\" size=\"3\">\u00a0<\/font><\/span><\/p>\n<h5 align=\"center\" dir=\"ltr\" style=\"color: blue;\"><span lang=\"FR-CH\"><font>Libert\u00e9 et Equit\u00e9<\/font><\/span><\/h5>\n<p align=\"center\" dir=\"ltr\"><span lang=\"FR-CH\">33 rue Mokhtar Atya, 1001 Tunis<\/span><\/p>\n<p align=\"center\" dir=\"ltr\"><span lang=\"EN-GB\">Tel\/fax : 71 340 860<\/span><\/p>\n<p align=\"center\" dir=\"ltr\"><span lang=\"EN-GB\">Email :<a href=\"mailto:libert\u00e9_\u00e9quit\u00e9@yahoo.fr\">libert\u00e9_\u00e9quit\u00e9@yahoo.fr<\/a><\/span><\/p>\n<p align=\"center\" dir=\"ltr\"><span lang=\"FR-CH\">\u00a0<\/span><\/p>\n<p dir=\"ltr\"><span lang=\"FR-CH\"><em><u>Tunis, le 14\/10\/2007<\/u><\/em><\/span><\/p>\n<p dir=\"ltr\">\u00a0<\/p>\n<h6 align=\"center\" dir=\"ltr\" style=\"color: blue;\"><span lang=\"FR-CH\"><font>Communiqu\u00e9<\/font><\/span><\/h6>\n<p dir=\"ltr\"><span lang=\"FR-CH\">\u00a0<\/span><\/p>\n<p dir=\"ltr\"><span lang=\"FR-CH\">Libert\u00e9 et \u00c9quit\u00e9 a appris que des d\u00e9tenus salafistes avaient b\u00e9n\u00e9fici\u00e9 d\u2019une lib\u00e9ration conditionnelle. Le nombre de prisonniers concern\u00e9s par cette nouvelle vague de lib\u00e9rations se porte actuellement \u00e0 cent vingt.<\/span><\/p>\n<p dir=\"ltr\"><span lang=\"FR-CH\">\u00a0<\/span><\/p>\n<p dir=\"ltr\"><span lang=\"FR-CH\">Citons notamment :<\/span><\/p>\n<p dir=\"ltr\"><b><span lang=\"FR-CH\">Mejdi Machraki, Sejnane<\/span><\/b><\/p>\n<p dir=\"ltr\"><b><span lang=\"FR-CH\">Chedly Saksalli, Bizerte<\/span><\/b><\/p>\n<p dir=\"ltr\"><b><span lang=\"FR-CH\">Hamza Aouali, Bizerte<\/span><\/b><\/p>\n<p dir=\"ltr\"><b><span lang=\"FR-CH\">Radhouane Ben A\u00efssa, Bizerte<\/span><\/b><\/p>\n<p dir=\"ltr\"><b><span lang=\"FR-CH\">Abderrazak Arafa, Ras Jbel<\/span><\/b><\/p>\n<p dir=\"ltr\"><b><span lang=\"FR-CH\">Abderrazak Sfaxi, Ras Jbel<\/span><\/b><\/p>\n<p dir=\"ltr\"><b><span lang=\"EN-GB\">Ahmed Mellakh, Ras Jbel<\/span><\/b><\/p>\n<p dir=\"ltr\"><b><span lang=\"EN-GB\">Ahmed Gueddiche, Ras Jbel<\/span><\/b><\/p>\n<p dir=\"ltr\"><b><span lang=\"EN-GB\">Ahmed Gharbi, Ras Jbel<\/span><\/b><\/p>\n<p dir=\"ltr\"><b><span lang=\"EN-GB\">Oualid Mahjoub, Ras Jbel<\/span><\/b><\/p>\n<p dir=\"ltr\"><b><span lang=\"DE-CH\">Farouk Jemaa, Ras Jbel<\/span><\/b><\/p>\n<p dir=\"ltr\"><b><span lang=\"EN-GB\">Mohammed Chakroune, Ras Jbel<\/span><\/b><\/p>\n<p dir=\"ltr\"><b><span lang=\"DE-CH\">Hichem Gala\u00ef, Ras Jbel<\/span><\/b><\/p>\n<p dir=\"ltr\"><b><span lang=\"FR-CH\">Hamadi Dahmane, Ras Jbel<\/span><\/b><\/p>\n<p dir=\"ltr\"><b><span lang=\"FR-CH\">Lotfi Mellakh, Ras Jbel<\/span><\/b><\/p>\n<p dir=\"ltr\"><b><span lang=\"FR-CH\">Issam Sahli, Ras Jbel<\/span><\/b><\/p>\n<p dir=\"ltr\"><span lang=\"FR-CH\">\u00a0<\/span><\/p>\n<p dir=\"ltr\"><span lang=\"FR-CH\">Pour le bureau ex\u00e9cutif de l\u2019organisation<\/span><\/p>\n<h4 dir=\"ltr\" style=\"color: blue;\"><span lang=\"EN-GB\"><font size=\"2\">Ma\u00eetre Mohammed Nouri<\/font><\/span><\/h4>\n<p dir=\"ltr\"><span lang=\"FR-CH\">\u00a0<\/span><\/p>\n<p dir=\"ltr\"><span lang=\"FR-CH\">(traduction ni revue ni corrig\u00e9e par les auteurs de la version en arabe, LT) <\/span><\/p>\n<hr\/>\n<p>\u00a0<\/p>\n<p><span dir=\"rtl\" lang=\"AR-SA\"><\/p>\n<div align=\"center\" dir=\"ltr\"> <font face=\"Arial\" size=\"2\"><\/p>\n<h2 style=\"color: red;\"><font size=\"3\"><strong>Inondations   en Tunisie: treize morts, les recherches continuent<\/strong><\/font><\/h2>\n<p><\/font><\/div>\n<div align=\"justify\" dir=\"ltr\"> <font face=\"Arial\" size=\"2\"> <span dir=\"rtl\" lang=\"AR-SA\"> <font face=\"Arial\" size=\"2\"><strong>\u00a0   <\/strong><\/font><font>AFP &#8211; Dimanche 14 octobre, 18h35 <\/font> <\/span> <span dir=\"rtl\" lang=\"AR-SA\"> <font face=\"Arial\" size=\"2\"> <\/font><\/span> <span dir=\"rtl\" lang=\"AR-SA\">  Quatre corps ont \u00e9t\u00e9 d\u00e9gag\u00e9s dimanche des eaux boueuses \u00e0 Sabalet Ben Ammar,   au nord-ouest de Tunis, portant \u00e0 treize au moins le nombre de morts provoqu\u00e9s   par des inondations survenues samedi en Tunisie, a-t-on appris aupr\u00e8s des   sauveteurs.   Parmi ces victimes -deux hommes et deux femmes- un corps \u00e9t\u00e9 retrouv\u00e9 en plein   champ \u00e0 environ quatre kilom\u00e8tres de l&rsquo;oued Borj Touil, les trois autres ont   \u00e9t\u00e9 rep\u00each\u00e9s dans les eaux qui ont submerg\u00e9 la r\u00e9gion agricole de Sabalet Ben   Ammar (15 km de Tunis), ont indiqu\u00e9 \u00e0 l&rsquo;AFP des secouristes.   Un bilan officiel publi\u00e9 samedi soir faisait \u00e9tat de neuf morts et huit   disparus, alors que les recherches se poursuivaient dimanche apr\u00e8s-midi pour   d\u00e9gager des corps ou retrouver d&rsquo;\u00e9ventuels survivants.   Des agents de la protection civile et de la Garde nationale aid\u00e9s par des   brigades canines \u00e9taient \u00e0 pied d&rsquo;oeuvre depuis samedi, alors que de jeunes   habitants des localit\u00e9s voisines participaient aux recherches dimanche.   Des pluies diluviennes sont tomb\u00e9es samedi en un laps de temps tr\u00e8s court sur   Tunis et sur certaines localit\u00e9s du nord du pays provoquant des crues et   entra\u00eenant l&rsquo;interruption de la circulation sur de nombreuses routes.   Parmi les neuf morts retrouv\u00e9s samedi, huit ont p\u00e9ri \u00e0 Sabalet Ben Ammar, pour   la plupart des automobilistes emport\u00e9s par les eaux des oueds en crue au   volant de leurs v\u00e9hicules sur la route nationale reliant Tunis \u00e0 Bizerte.   Une autre personne est d\u00e9c\u00e9d\u00e9e \u00e9galement au volant de sa voiture qui s&rsquo;est   retrouv\u00e9e bloqu\u00e9e sur un chantier de construction inond\u00e9 dans un quartier chic   \u00e0 la p\u00e9riph\u00e9rie de Tunis, ont racont\u00e9 des t\u00e9moins.   Les intemp\u00e9ries ont \u00e9galement provoqu\u00e9 des d\u00e9g\u00e2ts mat\u00e9riels, selon l&rsquo;agence   tunisienne TAP, mais aucune \u00e9valuation d\u00e9taill\u00e9e de ces d\u00e9g\u00e2ts n&rsquo;a \u00e9t\u00e9 publi\u00e9e   dimanche.   Le soleil \u00e9tait de retour dimanche dans Tunis mais la m\u00e9t\u00e9o annon\u00e7ait des   orages et pluies le long du littoral Est ainsi que sur les r\u00e9gions du Centre   pour la nuit de dimanche \u00e0 lundi.<\/span><\/font><span dir=\"rtl\" lang=\"AR-SA\"><font face=\"Arial\" size=\"2\"><\/font><\/span><\/div>\n<p><strong><\/p>\n<p>\u00a0<\/p>\n<hr\/>\n<p>\u00a0<\/p>\n<p align=\"center\">\n<h2 style=\"color: red;\"><font size=\"3\">Tunisie: inondations meurtri\u00e8res<\/font><\/h2>\n<\/p>\n<p><\/strong><\/p>\n<div align=\"justify\" dir=\"ltr\">  \u00a0<\/div>\n<p><\/span><\/font><font face=\"Arial\" size=\"2\"><span dir=\"rtl\" lang=\"AR-SA\"><\/p>\n<div align=\"justify\" dir=\"ltr\">  Des pluies torrentielles ont caus\u00e9 aujourd&rsquo;hui la mort d&rsquo;au moins neuf   personnes et neuf autres sont port\u00e9es disparues \u00e0 Tunis et dans les banlieues   de la capitale, a indiqu\u00e9 la radio nationale tunisienne.    Les pluies diluviennes qui sont tomb\u00e9es principalement sur le nord du pays,   ont gonfl\u00e9 les oueds qui ont d\u00e9bord\u00e9, entra\u00eenant l&rsquo;interruption de la   circulation sur de nombreuses routes et isolant certaines agglom\u00e9rations.    Le pr\u00e9sident Zine El Abidine Ben Ali a \u00ab\u00a0donn\u00e9 ses directives aux structures et   services concern\u00e9s en vue d&rsquo;assurer le suivi de la situation dans toutes les   r\u00e9gions affect\u00e9es et d&rsquo;apporter, dans ces conditions climatiques   exceptionnelles les secours, l&rsquo;assitance et les aides n\u00e9cessaires aux   personnes sinistr\u00e9es\u00a0\u00bb, a indiqu\u00e9 le porte-parole de la pr\u00e9sidence.   <font face=\"Arial\" size=\"2\"> <span dir=\"rtl\" lang=\"AR-SA\"> <font><strong>(Avec AFP).<\/strong><\/font><\/span><\/font><\/div>\n<div align=\"justify\" dir=\"ltr\">\n<hr\/>\n<\/div>\n<div align=\"center\" dir=\"ltr\">  \u00a0\u00a0   <\/p>\n<p><font size=\"3\"><strong><font>\u0650AFP, le 13   octobre 2007 \u00e0 23h41   <\/font>Tunisie: au moins neuf morts et 9 disparus dans des inondations<\/strong><\/font><\/p>\n<\/div>\n<div align=\"justify\" dir=\"ltr\">  \u00a0<\/div>\n<div align=\"justify\" dir=\"ltr\"> <font>TUNIS, 13 oct 2007 (AFP) <\/font> <span dir=\"rtl\" lang=\"AR-SA\"> <font face=\"Arial\" size=\"2\">&#8211;<\/font><\/span><span dir=\"rtl\" lang=\"AR-SA\"><font face=\"Arial\" size=\"2\"><span dir=\"rtl\" lang=\"AR-SA\"><font face=\"Arial\" size=\"2\">   Des pluies torrentielles ont caus\u00e9 samedi la mort d&rsquo;au moins neuf personnes et   neuf autres sont port\u00e9es disparues \u00e0 Tunis et dans les banlieues de la   capitale, a indiqu\u00e9 la   radio nationale tunisienne. Les pluies diluviennes qui sont tomb\u00e9es samedi,   principalement sur le nord du pays, ont gonfl\u00e9 les oueds qui ont d\u00e9bord\u00e9,   entra\u00eenant l&rsquo;interruption de la circulation sur de nombreuses routes et   isolant certaines agglom\u00e9rations.   \u00a0   Le pr\u00e9sident Zine El Abidine Ben Ali a \u00ab\u00a0donn\u00e9 ses directives aux structures et   services concern\u00e9s en vue d&rsquo;assurer le suivi de la situation dans toutes les   r\u00e9gions affect\u00e9es et d&rsquo;apporter, dans ces conditions climatiques   exceptionnelles les secours, l&rsquo;assistance et les aides n\u00e9cessaires aux   personnes sinistr\u00e9es\u00a0\u00bb, a indiqu\u00e9 le porte-parole de la pr\u00e9sidence.   \u00a0<\/font><\/span> <font><strong>AFP<\/strong><\/font><\/font><\/span><\/div>\n<div align=\"justify\" dir=\"ltr\">\n<hr\/>\n<\/div>\n<p><\/span><\/font><\/p>\n<div align=\"center\" dir=\"ltr\">\n<h3 style=\"color: blue;\"><font size=\"3\"><strong><font>Reuters, le 14   octobre 2007 \u00e0 12h12   <\/font>Tunisia floods kill eight, 8 more missing<\/strong><\/font><\/h3>\n<\/div>\n<div align=\"justify\" dir=\"ltr\">\u00a0<\/div>\n<div align=\"justify\" dir=\"ltr\">  \u00a0<\/div>\n<div align=\"justify\" dir=\"ltr\"> <font>TUNIS, Oct 14 (Reuters) <\/font> <font face=\"Arial\" size=\"2\"> <span dir=\"rtl\" lang=\"AR-SA\">&#8211;<\/span><\/font><font face=\"Arial\" size=\"2\"><span dir=\"rtl\" lang=\"AR-SA\"><font face=\"Arial\" size=\"2\"><span dir=\"rtl\" lang=\"AR-SA\">   Flooding caused by torrential rains killed at least eight people outside the   Tunisian capital on Saturday, the country&rsquo;s official news agency TAP said on   Sunday.   Eight more people were still missing after the floods swept away cars near   Sabbelet Ben Ammar village, around 15 km (9 miles) north of Tunis.   Forecasters said they expected more rain after downpours lashed northern and   eastern Tunisia, blocking train traffic, cutting roads and threatening homes   with flooding in several areas outside the capital.<\/span><\/font>   \u00a0   <font><strong>REUTERS<\/strong><\/font><\/span><\/font><\/div>\n<div align=\"justify\" dir=\"ltr\">\n<hr\/>\n<\/div>\n<p><\/font><\/p>\n<div align=\"justify\" dir=\"ltr\"> <font><strong>Dans son \u00e9dition num\u00e9ro 152 d&rsquo;octobre 2007, une   \u00e9norme erreur de montage dans l\u2019impression de \u00ab L\u2019Audace \u00bb a rendu   inintelligible l&rsquo;interview du docteur Mustapha Ben Jaafar.   M. Slim Bagga vient de nous l\u2019envoyer\u00a0 int\u00e9gralement, nous la publions   aujourd\u2019hui\u00a0 avec les sinc\u00e8res excuses de \u00ab\u00a0L&rsquo;Audace\u00a0\u00bb aupr\u00e8s du docteur Ben   Jaafar<\/strong><\/font><\/div>\n<div align=\"justify\" dir=\"ltr\">  \u00a0<\/div>\n<div align=\"center\" dir=\"ltr\">\n<p><font size=\"3\"><strong>Interview exclusive avec le docteur   Mustapha Ben Jaafar:   Ce que pense le pr\u00e9sident du Forum de la rentr\u00e9e politique<\/strong><\/font><\/p>\n<\/div>\n<p><font size=\"3\"><strong><\/p>\n<div align=\"left\" dir=\"ltr\"> <font size=\"2\">Interview r\u00e9alis\u00e9e par Slim Bagga<\/font><\/div>\n<div align=\"justify\" dir=\"ltr\">  \u00a0<\/div>\n<div align=\"justify\" dir=\"ltr\"> <strong>\u00a0<font>1-\u00a0Rentr\u00e9e politique ?<\/font><\/strong>   \u00a0   \u00a0<span dir=\"rtl\" lang=\"AR-SA\"><font face=\"Arial\" size=\"2\">Cette   formule, traditionnellement reprise apr\u00e8s le long repos estival, suppose   l\u2019existence d\u2019un jeu politique qui ob\u00e9it, certes, \u00e0 un rapport des forces   mais\u00a0 surtout aux r\u00e8gles de l\u2019Etat de droit. Or, nous ne connaissons rien de   tout cela, vivant depuis longtemps sous le signe de\u00a0 la n\u00e9gation du politique.   Tout est r\u00e9gi sur la base du seul rapport des forces, la seule r\u00e8gle \u00e9tant   \u2018\u2019Si tu ne fais pas all\u00e9geance, tu te mets hors de la normalit\u00e9 \u2019\u2019. Les droits   fondamentaux de s\u2019exprimer, de s\u2019organiser en parti, association ou syndicat,   pourtant garantis\u00a0 par la Constitution, ne sont plus consid\u00e9r\u00e9s que comme des   privil\u00e8ges octroy\u00e9s aux proches, refus\u00e9s aux autres, selon les proc\u00e9d\u00e9s du   marchandage \u00e0 l\u2019all\u00e9geance. Ainsi le FDTL, l\u00e9galis\u00e9 depuis pr\u00e9s de cinq ans,   n\u2019a aucun acc\u00e8s aux m\u00e9dias \u00ab nationaux \u00bb, T\u00e9l\u00e9vision, Radio\u2026 pourtant financ\u00e9s   par les citoyens. Les lieux de r\u00e9union, publics et\u00a0 priv\u00e9s, nous sont   syst\u00e9matiquement refus\u00e9s. Nos propres locaux sont sous surveillance polici\u00e8re   permanente. Nos militants sont intimid\u00e9s et certains de nos invit\u00e9s sont   souvent emp\u00each\u00e9s de participer \u00e0 nos r\u00e9unions ou m\u00eame de nous rendre visite.   La situation est en train de s\u2019aggraver quand, face \u00e0 la d\u00e9termination de   l\u2019opposition, on assiste \u00e0 des actes inqui\u00e9tants comme l\u2019incendie criminel du   cabinet de Ma\u00eetre Ayachi HAMMAMI ou l\u2019expulsion du Parti D\u00e9mocrate   Progressiste de ses locaux conduisant ses deux leaders \u00e0 une gr\u00e8ve de la faim   illimit\u00e9e. En un mot, le pouvoir veut jouer tout seul ou avec des comparses,   ce qui revient au m\u00eame.. Comment, dans de telles conditions, peut on parler de   politique, de pluralisme, de comp\u00e9tition ??   \u00a0<\/font><\/span><span dir=\"rtl\" lang=\"AR-SA\"><font face=\"Arial\" size=\"2\"> <font><strong>2-\u00a0N\u2019est ce pas le signe le plus patent de   l\u2019\u00e9chec de l\u2019opposition ?<\/strong><\/font>   \u00a0   <\/font><\/span><font face=\"Arial\" size=\"2\"> <span dir=\"rtl\" lang=\"AR-SA\">  Peut-on vraiment parler d\u2019opposition dans le contexte qui pr\u00e9vaut depuis   plusieurs ann\u00e9es et en l\u2019absence des libert\u00e9s \u00e9l\u00e9mentaires ? Et puis m\u00eame si   elle a sa part de responsabilit\u00e9, compte tenu des conditions dans lesquelles   elle milite, on ne peut l\u2019accabler. Nous ne sommes pas en comp\u00e9tition avec les   militants d\u2019un parti majoritaire dans le sens classique. Nous sommes   confront\u00e9s \u00e0 un Etat avec tous les moyens dont il peut disposer. Nous nous   trouvons presque toujours face \u00e0 des policiers en civils qui agissent selon   les \u00ab TAALIMETS \u00bb, instructions le plus souvent arbitraires. La responsabilit\u00e9   du RCD,\u00ab\u00a0 parti au pouvoir \u00bb devenu \u00ab\u00a0 parti du pouvoir \u00bb, ne doit pas \u00eatre   occult\u00e9e et il devra un jour rendre des comptes, ne serait ce devant   l\u2019Internationale Socialiste, organisation d\u00e9mocratique dont il se pr\u00e9vaut   d\u2019appartenir et dont il bafoue les valeurs.   \u00a0<\/span><\/font><font face=\"Arial\" size=\"2\"><span dir=\"rtl\" lang=\"AR-SA\"> <font><strong>3 Mais encore, n\u2019y a t il rien \u00e0 faire ?<\/strong><\/font>   \u00a0   \u00a0<\/span><\/font><span dir=\"rtl\" lang=\"AR-SA\"><font face=\"Arial\" size=\"2\">Bien   s\u00fbr qu\u2019il y a beaucoup \u00e0 faire, et en premier lieu essayer, dans ce contexte   d\u2019asphyxie syst\u00e9matique, de s\u2019organiser pour se d\u00e9velopper. Nous avons, en   d\u00e9pit de nos modestes moyens, lanc\u00e9 un journal heddomadaire Mouatinoun. En   raison du verrouillage nous trouvons d\u2019\u00e9normes difficult\u00e9s pour le diffuser et   le rentabiliser aux fins d\u2019assurer sa survie. Nous avons d\u00fb prolonger la pause   de l\u2019\u00e9t\u00e9 pendant deux mois. Et c\u2019est par d\u00e9fi que nous reprenons sa diffusion   le 3 octobre avec un num\u00e9ro bilingue.   \u00a0En deuxi\u00e8me lieu il est n\u00e9cessaire de rassembler l\u2019opposition d\u00e9mocratique et   cr\u00e9dible derri\u00e8re un mot d\u2019ordre clair qui s\u2019ajoute aux revendications   classiques des libert\u00e9s fondamentales et l\u2019amnistie g\u00e9n\u00e9rale.<\/font><\/span><span dir=\"rtl\" lang=\"AR-SA\"><font face=\"Arial\" size=\"2\">.   \u00a0   <font><strong>4 A quoi pensez vous ?<\/strong> <\/font>\u00a0   <\/font><\/span><font face=\"Arial\" size=\"2\"> <span dir=\"rtl\" lang=\"AR-SA\">Je   pense aux rendez vous de 2009. Le pouvoir s\u2019y pr\u00e9pare depuis un an. Une   campagne fi\u00e9vreuse d\u2019all\u00e9geance\u00a0 est d\u00e9j\u00e0 en place pour appeler\u00a0 le pr\u00e9sident   sortant \u00e0 une nouvelle candidature pour un cinqui\u00e8me mandat. La campagne,   cens\u00e9e \u00eatre spontan\u00e9e, frise le ridicule. Y sont m\u00eal\u00e9es des organisations \u00e0   caract\u00e8re syndical, des associations culturelles et m\u00eame sportives, des   assembl\u00e9es informelles dont on ne conna\u00eet ni les initiateurs ni le lieu de   r\u00e9union. Cela n\u2019a aucun sens\u00a0 et consacre le m\u00e9pris dans lequel on tient   l\u2019intelligence de notre peuple et ses \u00e9lites. Et puis le candidat en a-t-il   vraiment besoin ? Personne ne peut croire aujourd\u2019hui \u00e0 l\u2019existence d\u2019une   vraie comp\u00e9tition.    Mais qui nous emp\u00eache d\u2019agir ensemble pour cr\u00e9er les conditions d\u2019une vraie   participation. Qui nous emp\u00eache de nous rassembler pour des Elections   D\u00e9mocratiques en 2009 ?<\/span><\/font><font face=\"Arial\" size=\"2\"><span dir=\"rtl\" lang=\"AR-SA\">   \u00a0   <font><strong>5 Cela est il possible avec les divisions qui   paralysent l\u2019opposition ?<\/strong><\/font>   \u00a0   \u00a0<\/span><\/font><span dir=\"rtl\" lang=\"AR-SA\"><font face=\"Arial\" size=\"2\">   Ces divisions son r\u00e9elles mais elles sont aussi trop souvent amplifi\u00e9es par la   propagande officielle.\u00a0 On peut penser \u00e9galement que certaines tentatives   maladroites et inopportunes pour improviser par des coups m\u00e9diatiques un   leadership de l\u2019opposition, contribuent \u00e0 cr\u00e9er malaise et d\u00e9fiance. Je pense   malgr\u00e9 tout que la partie est jouable\u00a0 \u00e0 condition que nous cessions, les uns   et les autres, de nous comporter en donneurs de le\u00e7ons comme si quelqu\u2019un ou   quelque parti d\u00e9tenait la v\u00e9rit\u00e9 absolue et la solution miracle.   \u00a0Plus concr\u00e8tement, il y a un effort \u00e0 faire pour que tous les acteurs   s\u2019accordent sur l\u2019ordre des priorit\u00e9s du moment. Ce ne sera pas ais\u00e9 mais   c\u2019est possible. Certains partenaires, en dehors du comit\u00e9 du 18 octobre pour   les libert\u00e9s, placent le projet de soci\u00e9t\u00e9 \u00e0 la t\u00eate de leurs pr\u00e9occupations   et, ce faisant, rechignent \u00e0 mener des actions communes avec ceux qui ne   partagent pas leurs id\u00e9aux. Ils ont des arguments qu\u2019il faut prendre au   s\u00e9rieux et \u00e9couter. Ce ne sont pas des \u00e9radicateurs et ils ne veulent pas \u00eatre   des alli\u00e9s objectifs du syst\u00e8me r\u00e9pressif. Il faut les convaincre que la grave   d\u00e9gradation que conna\u00eet le pays implique une action urgente pour changer   l\u2019\u00e9quilibre des forces outrageusement favorable aux tenants du pouvoir.\u00a0   Comment le faire sans sacrifier le projet progressiste de modernisation de la   soci\u00e9t\u00e9 ? La question n\u2019est pas insoluble et le FDTL fera tout ce qui est en   son pouvoir pour rapprocher les points de vue ou tout au moins cr\u00e9er un climat   de s\u00e9r\u00e9nit\u00e9 qui nous \u00e9vitera de nous enliser dans des querelles marginales de   nature \u00e0 affaiblir\u00a0 l\u2019ensemble de l\u2019opposition. Un dialogue s\u00e9rieux est d\u2019ores   et d\u00e9j\u00e0 engag\u00e9 avec nos camarades d\u2019Ettajdid. Nous en attendons beaucoup et   nous ferons en sorte que 2009 ne soit pas une occasion rat\u00e9e. Il nous faudra,   pour cela \u00e9viter les erreurs et les malentendus de 2004.   \u00a0<\/font><\/span><span dir=\"rtl\" lang=\"AR-SA\"><font face=\"Arial\" size=\"2\"> <font><strong>6- Concr\u00e8tement quelles mesures pr\u00e9conisez vous   ?<\/strong> <\/font>\u00a0   <\/font><\/span><font face=\"Arial\" size=\"2\"> <span dir=\"rtl\" lang=\"AR-SA\">Nous   allons en discuter ensemble mais certaines sont \u00e9videntes. D\u2019abord il nous   faut conqu\u00e9rir nos droits \u00e9l\u00e9mentaires pour pouvoir \u00e9tablir le lien avec la   soci\u00e9t\u00e9\u00a0 car tout est fait pour nous emp\u00eacher de communiquer avec les   citoyens. Il faut que cela cesse.   \u00a0Il y a ensuite des r\u00e8gles \u00e0 modifier pour que l\u2019opposition puisse participer   aux \u00e9lections. Pensez que s\u2019il y a aujourd\u2019hui, pour une raison ou une autre,   vacation au sommet du pouvoir, selon les lois en vigueur seul le RCD est en   mesure de pr\u00e9senter un candidat \u00e0 l\u2019\u00e9lection pr\u00e9sidentielle. Cela est\u00a0 une   source de blocage et d\u2019instabilit\u00e9 institutionnelle. Nous en sommes l\u00e0 parce   que le pouvoir refuse de mettre en place une r\u00e8gle du jeu stable et connue   longtemps \u00e0 l\u2019avance, qui soit susceptible de consacrer le pluralisme des   candidatures. Il\u00a0 ne cherche qu\u2019\u00e0 se maintenir, \u00e0 s\u2019assurer \u00ab\u00a0 le risque z\u00e9ro   \u00bb et pouvoir, \u00e0 la derni\u00e8re minute concocter une loi exceptionnelle et   transitoire qui vise essentiellement \u00e0 \u00e9liminer ses adversaires de la course.   \u00a0Quant aux \u00e9lections l\u00e9gislatives le pouvoir, par une r\u00e8gle de quotas bizarre,   a mis en place un syst\u00e8me \u00e9lectoral dont il ma\u00eetrise les tenants et les   aboutissants. Il\u00a0 assure pour lui-m\u00eame 80% des si\u00e8ges et d\u00e9place la   comp\u00e9tition, m\u00eame si c\u2019est pour les miettes,\u00a0 dans le champ de l\u2019opposition.   Il a pu ainsi int\u00e9grer les moins farouches au d\u00e9cor Ce syst\u00e8me qui ne refl\u00e8te   pas l\u2019image fid\u00e8le des composantes politiques\u00a0 doit changer.    \u00a0Reste le probl\u00e8me probablement le plus d\u00e9licat, qui consiste \u00e0 cr\u00e9er les   conditions de la participation effective des citoyens : inscription sur les   listes \u00e9lectorales, libert\u00e9 et secret du vote.. etc A c propos, l\u2019id\u00e9e d\u2019une   commission de contr\u00f4le ind\u00e9pendante me semble incontournable.   \u00a0<\/span><\/font><font face=\"Arial\" size=\"2\"><span dir=\"rtl\" lang=\"AR-SA\"> <font><strong>7 &#8211; Si je comprends bien, vous \u00eates pour une   participation aux \u00e9lections prochaines ?<\/strong><\/font>   \u00a0   <\/span><\/font> <span dir=\"rtl\" lang=\"AR-SA\"> <font face=\"Arial\" size=\"2\">\u00a0Nous n\u2019avons jamais \u00e9t\u00e9 contre par principe.   Jusque l\u00e0 nous avons refus\u00e9 de participer \u00e0 des pseudo \u00e9lections dont les   r\u00e9sultats sont pr\u00e9cis\u00e9ment connus avant m\u00eame qu\u2019elles ne commencent. Nous   avons deux ans pour tout faire afin que les conditions changent. A ce moment   l\u00e0, nous d\u00e9ciderons en fonction de l\u2019\u00e9volution de la situation. Le meilleur   sc\u00e9nario est que l\u2019opposition adopte une attitude commune. Il faut y   travailler d\u00e8s maintenant, calmement, m\u00e9thodiquement. Rassembler implique des   imp\u00e9ratifs. En premier lieu l\u2019humilit\u00e9. Il n\u2019y a pas d\u2019un cot\u00e9 les bons   intransigeants accroch\u00e9s \u00e0 leurs principes et pr\u00eats au sacrifice supr\u00eame et ,   de l\u2019autre, les opportunistes ou dans le meilleur des cas les faire valoir. Il   faut certes de la clart\u00e9 dans les choix. Il faut d\u00e9noncer les compromissions,   pour des raisons morales certes, mais surtout parce qu\u2019elles retardent l\u2019heure   de la d\u00e9livrance. Il faut enfin se convaincre que, pour r\u00e9aliser un objectif,   il ne suffit pas d\u2019avoir raison, il faut surtout que la raison soit celle de   tous au\u00a0 bon moment, au moment de l\u2019\u00e9preuve. Cela ne se fera ni par les   incantations ni par les d\u00e9crets.   \u00a0<\/font><\/span><span dir=\"rtl\" lang=\"AR-SA\"><font face=\"Arial\" size=\"2\"> <font><strong>8- Un dernier mot. Quelle issue voyez vous pour   la gr\u00e8ve de la faim entam\u00e9e par Maya JRIBI et N\u00e9jib CHEBBI ?<\/strong> <\/font>\u00a0   \u00a0<\/font><\/span><font face=\"Arial\" size=\"2\"><span dir=\"rtl\" lang=\"AR-SA\">Je   m\u2019inqui\u00e8te de leur \u00e9tat de sant\u00e9. Je suis bien \u00e9videmment solidaire d\u2019autant   que ce qui arrive au PDP peut arriver \u00e0 toute organisation, parti ou personne   qui refuse l\u2019all\u00e9geance. S\u2019agissant d\u2019un probl\u00e8me qui concerne toute   l\u2019opposition, j\u2019aurais privil\u00e9gi\u00e9 une d\u00e9marche collective. Mais l\u2019heure est \u00e0   la solidarit\u00e9. Cette histoire path\u00e9tique illustre bien notre   sous-d\u00e9veloppement politique. Le r\u00f4le d\u2019un Etat d\u00e9mocratique aurait \u00e9t\u00e9   d\u2019intervenir pour assurer aux organisations civiles leurs besoins vitaux :   financement public, locaux, publicit\u00e9 dans leurs journaux. Seul le RCD dispose   d\u2019un budget illimit\u00e9, de centaines de locaux gratuits et de milliers de   fonctionnaires d\u00e9tach\u00e9s aux frais de la communaut\u00e9 nationale. Un Etat de   droit, un Etat juste, voil\u00e0 ce dont la Tunisie a le plus besoin.\u00a0\u00a0<\/span><\/font><font face=\"Arial\" size=\"2\"><span dir=\"rtl\" lang=\"AR-SA\">   \u00a0   \u00a0   <font><strong>(Source : \u00ab\u00a0L&rsquo;Audace\u00a0\u00bb (Mensuel tunisien publi\u00e9 \u00e0   Paris), Num\u00e9ro 152, octobre 2007) <\/p>\n<hr\/>\n<p> \u00a0<\/p>\n<p><\/strong><\/font><\/span><\/font><\/div>\n<p><\/strong><\/font><\/p>\n<ul dir=\"ltr\">\n<li>\n<div align=\"center\"> <strong>Num\u00e9ro 81 d&rsquo;ELKHADRA BONNE LECTURE.<\/strong> <\/div>\n<\/li>\n<li> <a href=\"http:\/\/elkhadra.over-blog.com\/articles-blog.html\" onclick=\"return top.js.OpenExtLink(window,event,this)\" target=\"_blank\" rel=\"noopener\">  http:\/\/elkhadra.over-blog.com<wbr\/>\/articles-blog.html<\/a> \u00a0<\/li>\n<\/ul>\n<div dir=\"ltr\">   \u00a0<\/div>\n<ul dir=\"ltr\">\n<li>******************************<wbr\/>******************************<wbr\/>********** \u00a0<\/li>\n<li> <a href=\"http:\/\/elkhadra.over-blog.com\/article-13066554.html\" onclick=\"return top.js.OpenExtLink(window,event,this)\" target=\"_blank\" rel=\"noopener\">  TEXTE DE MOKTAR YAHYAOUI<\/a> (14\/10\/2007 ) <\/li>\n<li> \u00a0<\/li>\n<li> <a href=\"http:\/\/elkhadra.over-blog.com\/article-13066190.html\" onclick=\"return top.js.OpenExtLink(window,event,this)\" target=\"_blank\" rel=\"noopener\">  AD HUC<\/a> (14\/10\/2007 ) \u00a0<span dir=\"ltr\" lang=\"AR-SA\"><font face=\"Arial\" size=\"2\">\n<div>    AD HUC Par Nejib C\u2019est une pratique tr\u00e8s rod\u00e9e de l&rsquo;archa\u00efsme politique en     g\u00e9n\u00e9ral, et tunisien en particulier, l\u2019art de la poudre aux yeux, \u00a0est un     art consomm\u00e9 depuis belles lurettes, par tous les vieux caciques de l\u2019espace     politique tunisien. Il&#8230;  <\/div>\n<p> <\/font><\/span><\/li>\n<p> <span dir=\"rtl\" lang=\"AR-SA\"> <font face=\"Arial\" size=\"2\"> <\/p>\n<li>\n<p align=\"left\"> <a href=\"http:\/\/elkhadra.over-blog.com\/article-13060085.html\" onclick=\"return top.js.OpenExtLink(window,event,this)\" target=\"_blank\" rel=\"noopener\">  La g\u00e9nuflexion des pitres<\/a> (14\/10\/2007 ) \u00a0<\/p>\n<\/li>\n<p><\/font><\/span> <span dir=\"rtl\" lang=\"AR-SA\"> <font face=\"Arial\" size=\"2\"> <\/p>\n<div>\n<p align=\"left\">\u00a0 \u00a0 La g\u00e9nuflexion des pitres     <font face=\"Arial\" size=\"2\"> <span dir=\"rtl\" lang=\"AR-SA\">     \u00a0<\/span><\/font><\/p>\n<\/div>\n<li>\n<div>\n<p align=\"left\">Par biju Le capharna\u00fcm PDP Le PDP est un pl\u00e9onasme qui     s\u2019ignore, je ne peux croire que dans son charivari, il agit d\u2019une fa\u00e7on     consciente et<font face=\"Arial\" size=\"2\"><span dir=\"rtl\" lang=\"AR-SA\">&#8230;  <\/span><\/font><\/p>\n<\/div>\n<\/li>\n<li>\n<p align=\"left\"> <a href=\"http:\/\/elkhadra.over-blog.com\/article-13057689.html\" onclick=\"return top.js.OpenExtLink(window,event,this)\" target=\"_blank\" rel=\"noopener\">  Le\u00efla &amp; l&rsquo;\u00e9cole des \u00e2nes<\/a> (14\/10\/2007 ) \u00a0<\/p>\n<div>\n<p align=\"left\">\u00a0 L<span dir=\"rtl\" lang=\"AR-SA\"><font face=\"Arial\" size=\"2\">e\u00efla     &amp; l&rsquo;\u00e9cole des \u00e2nes \u00a0par Gari John Pour c\u00e9l\u00e9brer le 20\u00e8me anniversaire du     coup d\u2019\u00c9tat du 7 novembre 1987, Bakchich raconte comment le clan     pr\u00e9sidentiel a fait main basse sur<\/font><\/span><span dir=\"rtl\" lang=\"AR-SA\"><font face=\"Arial\" size=\"2\"> <\/font><\/span><font face=\"Arial\" size=\"2\"> <span dir=\"rtl\" lang=\"AR-SA\">    l\u2019\u00e9conomie tunisienne. Apr\u00e8s&#8230;    <script><!--D([\"mb\",\"\\u003c\/div\\>\\n\\t\\t\\t\\t\\t\\u003c\/li\\>\\u003cli\\>\\n\\t\\t\\t\\t\\t\\t\\u003ca href\\u003d\\\"http:\/\/elkhadra.over-blog.com\/article-13033205.html\\\" target\\u003d\\\"_blank\\\" onclick\\u003d\\\"return top.js.OpenExtLink(window,event,this)\\\"\\>Loose Change\\u003c\/a\\>\\n\\t\\t\\t\\t\\t\\t(\\u003cspan\\>12\/10\/2007\\u003c\/span\\>\\n\\t\\t\\t\\t\\t\\t)\\u003cbr\\>\\n\\t\\t\\t\\t\\t\\t \\u003cdiv\\>\\n\u00ab Loose Change \u00bb : un documentaire qui critique la version officielle\\ndes \u00e9v\u00e9nements du 11 septembre 2001 Est-ce une parole inoffensive ou\\nest-ce une exag\u00e9ration, lorsque Michael Renz d\u00e9clare, hors de lui : \u00ab\\nC\u2019est tout bonnement incroyable ! \u00bb. Michael Renz... \\n\\t\\t\\t\\t\\t\\t \\u003c\/div\\>\\n\\t\\t\\t\\t\\t\\u003c\/li\\>\\u003cli\\>\\n\\t\\t\\t\\t\\t\\t\\u003ca href\\u003d\\\"http:\/\/elkhadra.over-blog.com\/article-13033147.html\\\" target\\u003d\\\"_blank\\\" onclick\\u003d\\\"return top.js.OpenExtLink(window,event,this)\\\"\\>Il n\u2019y a pas de soci\u00e9t\u00e9 sans normes, Homosexualit\u00e9 et soci\u00e9t\u00e9\\u003c\/a\\>\\n\\t\\t\\t\\t\\t\\t(\\u003cspan\\>12\/10\/2007\\u003c\/span\\>\\n\\t\\t\\t\\t\\t\\t)\\u003cbr\\>\\n\\t\\t\\t\\t\\t\\t \\u003cdiv\\>\\nIl n\u2019y a pas de soci\u00e9t\u00e9 sans normes, Homosexualit\u00e9 et soci\u00e9t\u00e9 La\\nquestion de l\u2019adoption d\u2019enfants par des couples homosexuels est pos\u00e9e\\nbien entendu depuis que la revendication du mariage entre homosexuels a\\nmis au premier plan l\u2019exigence d\u2019acc\u00e8s aux formes... \\n\\t\\t\\t\\t\\t\\t \\u003c\/div\\>\\n\\t\\t\\t\\t\\t\\u003c\/li\\>\\u003cli\\>\\n\\t\\t\\t\\t\\t\\t\\u003ca href\\u003d\\\"http:\/\/elkhadra.over-blog.com\/article-13028435.html\\\" target\\u003d\\\"_blank\\\" onclick\\u003d\\\"return top.js.OpenExtLink(window,event,this)\\\"\\>Ibn Khald\u00fbn au prisme de l\u2019Occident\\u003c\/a\\>\\n\\t\\t\\t\\t\\t\\t(\\u003cspan\\>12\/10\/2007\\u003c\/span\\>\\n\\t\\t\\t\\t\\t\\t)\\u003cbr\\>\\n\\t\\t\\t\\t\\t\\t \\u003cdiv\\>\\nIbn Khald\u00fbn au prisme de l\u2019Occident Krzysztof Pomian Ed. Gallimard,\\ncoll. Biblioth\u00e8que des histoires, 234 p., 13,50 \u20ac. \u00ab\u00a0G\u00e9nie exceptionnel\\npour les uns, miracle pour les autres, il [Ibn Khald\u00fbn] constitue\\npositivement un ph\u00e9nom\u00e8ne prodigieux, au... \\n\\t\\t\\t\\t\\t\\t \\u003c\/div\\>\\n\\t\\t\\t\\t\\t\\u003c\/li\\>\\u003cli\\>\\n\\t\\t\\t\\t\\t\\t\\u003ca href\\u003d\\\"http:\/\/elkhadra.over-blog.com\/article-13024297.html\\\" target\\u003d\\\"_blank\\\" onclick\\u003d\\\"return top.js.OpenExtLink(window,event,this)\\\"\\>Avec Mahmoud Darwich les liens sont les sentiments\\u003c\/a\\>\\n\\t\\t\\t\\t\\t\\t(\\u003cspan\\>12\/10\/2007\\u003c\/span\\>\\n\\t\\t\\t\\t\\t\\t)\\u003cbr\\>\\n\\t\\t\\t\\t\\t\\t \\u003cdiv\\> \\n\\t\\t\\t\\t\\t\\t\\t\\n    \\n  \\n  \\n    \\n      \\n        \\n          \\n        \\n        \\n          \\n        \\n      \\n      \\n        \\n          \\n        \\n      \\n      \\n        \\n          \\n        \\n        \\n          \\n        \\n        \\n          \\n        \\n      \\n    \\n  \\n  \\n  \\n    \\n  \\n  \\n    \\n    \\n    Avec Mahmoud Darwich les...\\t\\t\\t\\t\\t\\t\\t\\n\\t\\t\\t\\t\\t\\t \",1]);\/\/--><\/script> <\/span><\/font><\/p>\n<\/div>\n<\/li>\n<p> <\/font><\/span><font face=\"Arial\" size=\"2\"> <span dir=\"rtl\" lang=\"AR-SA\"> <\/p>\n<li>\n<p align=\"left\"> <a href=\"http:\/\/elkhadra.over-blog.com\/article-13033205.html\" onclick=\"return top.js.OpenExtLink(window,event,this)\" target=\"_blank\" rel=\"noopener\">  Loose Change<\/a> (12\/10\/2007 ) \u00a0<\/p>\n<\/li>\n<p><\/span><\/font> <span dir=\"rtl\" lang=\"AR-SA\"> <font face=\"Arial\" size=\"2\"> <\/p>\n<div>\n<p align=\"left\">\u00ab Loose Change \u00bb : un documentaire qui critique la version     officielle des \u00e9v\u00e9nements du 11 septembre 2001 Est-ce une parole inoffensive     ou est-ce une exag\u00e9ration, lorsque Michael Renz d\u00e9clare, hors de lui : \u00ab     C\u2019est tout bonnement incroyable ! \u00bb. Michael Renz<span dir=\"rtl\" lang=\"AR-SA\"><font face=\"Arial\" size=\"2\">&#8230;  <\/font><\/span><\/p>\n<\/div>\n<li>\n<p align=\"left\"> <a href=\"http:\/\/elkhadra.over-blog.com\/article-13033147.html\" onclick=\"return top.js.OpenExtLink(window,event,this)\" target=\"_blank\" rel=\"noopener\">  Il n\u2019y a pas de soci\u00e9t\u00e9 sans normes, Homosexualit\u00e9 et soci\u00e9t\u00e9<\/a> (12\/10\/2007   ) \u00a0<\/p>\n<div>\n<p align=\"left\">Il <font face=\"Arial\" size=\"2\"> <span dir=\"rtl\" lang=\"AR-SA\">n\u2019y     a pas de soci\u00e9t\u00e9 sans normes, Homosexualit\u00e9 et soci\u00e9t\u00e9 La question de     l\u2019adoption d\u2019enfants par des couples homosexuels est pos\u00e9e bien entendu     depuis que la revendication du mariage entre homosexuels a mis au premier     plan l\u2019exigence d\u2019acc\u00e8s aux formes<\/span><\/font><font face=\"Arial\" size=\"2\"><span dir=\"rtl\" lang=\"AR-SA\">&#8230;  <\/span><\/font><\/p>\n<\/div>\n<\/li>\n<li>\n<p align=\"left\"> <a href=\"http:\/\/elkhadra.over-blog.com\/article-13028435.html\" onclick=\"return top.js.OpenExtLink(window,event,this)\" target=\"_blank\" rel=\"noopener\">  Ibn Khald\u00fbn au prisme de l\u2019Occident<\/a> (12\/10\/2007 ) \u00a0<\/p>\n<\/li>\n<p><\/font><\/span> <span dir=\"rtl\" lang=\"AR-SA\"> <font face=\"Arial\" size=\"2\"> <\/p>\n<div>\n<p align=\"left\">Ibn Khald\u00fbn au prisme de l\u2019Occident Krzysztof Pomian Ed.     Gallimard, coll. Biblioth\u00e8que des histoires, 234 p., 13,50 \u20ac. \u00ab\u00a0G\u00e9nie     exceptionnel pour les uns, miracle pour les autres, il [Ibn Khald\u00fbn]     constitue positivement un ph\u00e9nom\u00e8ne prodigieux, au<span dir=\"rtl\" lang=\"AR-SA\"><font face=\"Arial\" size=\"2\">&#8230;  <\/font><\/span><\/p>\n<\/div>\n<li>\n<p align=\"left\"> <a href=\"http:\/\/elkhadra.over-blog.com\/article-13024297.html\" onclick=\"return top.js.OpenExtLink(window,event,this)\" target=\"_blank\" rel=\"noopener\">  Avec Mahmoud Darwich les liens sont les sentiments<\/a> (12\/10\/2007 ) \u00a0<\/p>\n<div>\n<p align=\"left\">Avec Mahmoud Darwich les&#8230;    <script><!--D([\"mb\",\"\\u003c\/div\\>\\n\\t\\t\\t\\t\\t\\u003c\/li\\>\\u003cli\\>\\n\\t\\t\\t\\t\\t\\t\\u003ca href\\u003d\\\"http:\/\/elkhadra.over-blog.com\/article-12973183.html\\\" target\\u003d\\\"_blank\\\" onclick\\u003d\\\"return top.js.OpenExtLink(window,event,this)\\\"\\>Aliens in America\\u003c\/a\\>\\n\\t\\t\\t\\t\\t\\t(\\u003cspan\\>10\/10\/2007\\u003c\/span\\>\\n\\t\\t\\t\\t\\t\\t)\\u003cbr\\>\\n\\t\\t\\t\\t\\t\\t \\u003cdiv\\>\\n\u00ab\u00a0Aliens in America\u00a0\u00bb, une com\u00e9die d\u00e9sopilante Apr\u00e8s &quot;La petite mosqu\u00e9e\\ndans la prairie&quot;, voici &quot;Aliens in America\u00a0&quot;, titre d&#39;une nouvelle\\ns\u00e9rie comique parue pour la premi\u00e8re fois ce lundi 1er octobre sur la\\ncha\u00eene am\u00e9ricaine The CW. Celle-ci... \\n\\t\\t\\t\\t\\t\\t \\u003c\/div\\>\\n\\t\\t\\t\\t\\t\\u003c\/li\\>\\u003cli\\>\\n\\t\\t\\t\\t\\t\\t\\u003ca href\\u003d\\\"http:\/\/elkhadra.over-blog.com\/article-12936697.html\\\" target\\u003d\\\"_blank\\\" onclick\\u003d\\\"return top.js.OpenExtLink(window,event,this)\\\"\\>Ijtihad : pour un \u00ab Islam progressiste et populaire\\u003c\/a\\>\\n\\t\\t\\t\\t\\t\\t(\\u003cspan\\>09\/10\/2007\\u003c\/span\\>\\n\\t\\t\\t\\t\\t\\t)\\u003cbr\\>\\n\\t\\t\\t\\t\\t\\t \\u003cdiv\\> \\n\\t\\t\\t\\t\\t\\t\\t\\n    \\n    \\n  \\n  \\n    Ijtihad\u00a0: pour un \u00ab\u00a0Islam progressiste et populaire\u00a0\u00bb\\n  \\n  \\n    Par Abdelaziz Chaambi, Mohamed Kaf, Nadjib Achour, Sarah Girard, Youssef Girard\\n    mardi 9 octobre 2007\\n  \\n  \\n    \u00a0\\n  \\n  \\n    Militants venus d\u2019horizons divers[1], nous avons travaill\u00e9...\\t\\t\\t\\t\\t\\t\\t\\n\\t\\t\\t\\t\\t\\t \\u003c\/div\\>\\n\\t\\t\\t\\t\\t\\u003c\/li\\>\\u003cli\\>\\n\\t\\t\\t\\t\\t\\t\\u003ca href\\u003d\\\"http:\/\/elkhadra.over-blog.com\/article-12933517.html\\\" target\\u003d\\\"_blank\\\" onclick\\u003d\\\"return top.js.OpenExtLink(window,event,this)\\\"\\>LE COLONIALISME INTERIEUR\\u003c\/a\\>\\n\\t\\t\\t\\t\\t\\t(\\u003cspan\\>08\/10\/2007\\u003c\/span\\>\\n\\t\\t\\t\\t\\t\\t)\\u003cbr\\>\\n\\t\\t\\t\\t\\t\\t \\u003cdiv\\> \\n\\t\\t\\t\\t\\t\\t\\t\\n    \\n    \\n    \\n    \\n    \\n    &#1581;&#1608;&#1604; &#1575;&#1606;&#1578;&#1601;&#1575;&#1590;&#1577; &#1588;&#1593;&#1576; &#1576;&#1608;&#1585;&#1605;&#1575;\\n  \\n  \\n    \u00a0\\n  \\n  \\n    &#1581;&#1602; &#1578;&#1602;&#1585;&#1610;&#1585; &#1575;&#1604;&#1605;&#1589;&#1610;&#1585; &#1608;&#1575;&#1604;&#1575;&#1581;&#1578;&#1604;&#1575;&#1604; &#1575;&#1604;&#1583;&#1575;&#1582;&#1604;&#1610;\\n  \\n  \\n    \u00a0\\u003ca href\\u003d\\\"http:\/\/moncefmarzouki.net\/spip.php?article156\\\" target\\u003d\\\"_blank\\\" onclick\\u003d\\\"return top.js.OpenExtLink(window,event,this)\\\"\\>http:\/\/moncefmarzouki.net\/spip\\u003cWBR\\>.php?article156\\u003c\/a\\>\\n  \\n  \\n    \\n    &#1605;&#1606;&#1589;&#1601; &#1575;&#1604;&#1605;&#1585;&#1586;&#1608;&#1602;&#1610;\\n  \\n  \\n    \u00a0\\n  \\n  \\n    &#1575;&#1604;&#1583;&#1603;&#1578;&#1575;&#1578;&#1608;&#1585;&#1610;&#1577; &#1607;&#1610; &#1575;&#1604;&#1575;&#1587;&#1578;&#1593;&#1605;&#1575;&#1585; &#1575;&#1604;&#1580;&#1583;&#1610;&#1583;\\n  \\n  \\n    \u00a0\\n  \\n  \\n    &#1575;&#1604;&#1587;&#1576;&#1578;...\\t\\t\\t\\t\\t\\t\\t\\n\\t\\t\\t\\t\\t\\t \\u003c\/div\\>\\n\\t\\t\\t\\t\\t\\u003c\/li\\>\\u003cli\\>\\n\\t\\t\\t\\t\\t\\t\\u003ca href\\u003d\\\"http:\/\/elkhadra.over-blog.com\/article-12898636.html\\\" target\\u003d\\\"_blank\\\" onclick\\u003d\\\"return top.js.OpenExtLink(window,event,this)\\\"\\>Voie sans issue\\u003c\/a\\>\\n\\t\\t\\t\\t\\t\\t(\\u003cspan\\>07\/10\/2007\\u003c\/span\\>\\n\\t\\t\\t\\t\\t\\t)\\u003cbr\\>\\n\\t\\t\\t\\t\\t\\t \\u003cdiv\\>\\nVoie sans issue Par Bilel Il est un serpent de mer qui est devenu un\\nleitmotiv assourdissant, un serpent de mer, \u00a0\u00a0pour une certaine gauche\\ntunisienne\u00a0 faible, \u00a0timor\u00e9e, et \u00e0 mon humble avis minoritaire dans\\nl\u2019opinion tunisienne... \\n\\t\\t\\t\\t\\t\\t \",1]);\/\/--><\/script> <\/p>\n<\/div>\n<\/li>\n<li>\n<p align=\"left\"> <a href=\"http:\/\/elkhadra.over-blog.com\/article-12973183.html\" onclick=\"return top.js.OpenExtLink(window,event,this)\" target=\"_blank\" rel=\"noopener\">  Aliens in America<\/a> (10\/10\/2007 ) \u00a0<\/p>\n<\/li>\n<p><\/font><\/span><font face=\"Arial\" size=\"2\"> <span dir=\"rtl\" lang=\"AR-SA\"> <\/p>\n<div>\n<p align=\"left\">\u00ab\u00a0Aliens in America\u00a0\u00bb, une com\u00e9die d\u00e9sopilante Apr\u00e8s \u00ab\u00a0La     petite mosqu\u00e9e dans la prairie\u00a0\u00bb, voici \u00ab\u00a0Aliens in America\u00a0\u00ab\u00a0, titre d&rsquo;une     nouvelle s\u00e9rie comique parue pour la premi\u00e8re fois ce lundi 1er octobre sur     la cha\u00eene am\u00e9ricaine The CW. Celle-ci<font face=\"Arial\" size=\"2\"><span dir=\"rtl\" lang=\"AR-SA\">&#8230;  <\/span><\/font><\/p>\n<\/div>\n<li>\n<p align=\"left\"> <a href=\"http:\/\/elkhadra.over-blog.com\/article-12936697.html\" onclick=\"return top.js.OpenExtLink(window,event,this)\" target=\"_blank\" rel=\"noopener\">  Ijtihad : pour un \u00ab Islam progressiste et populaire<\/a> (09\/10\/2007 ) \u00a0<\/p>\n<\/li>\n<p><\/span><\/font> <span dir=\"rtl\" lang=\"AR-SA\"> <font face=\"Arial\" size=\"2\"> <\/p>\n<div>\n<p align=\"left\">Ijtihad\u00a0: pour un \u00ab\u00a0Islam progressiste et populaire\u00a0\u00bb Par     Abdelaziz Chaambi, Mohamed Kaf, Nadjib Achour, Sarah Girard, Youssef Girard     mardi 9 octobre 2007 \u00a0 Militants venus d\u2019horizons divers[1], nous avons     travaill\u00e9<span dir=\"rtl\" lang=\"AR-SA\"><font face=\"Arial\" size=\"2\">&#8230;  <\/font><\/span><\/p>\n<\/div>\n<li>\n<p align=\"left\"> <a href=\"http:\/\/elkhadra.over-blog.com\/article-12933517.html\" onclick=\"return top.js.OpenExtLink(window,event,this)\" target=\"_blank\" rel=\"noopener\">  LE COLONIALISME INTERIEUR<\/a> (08\/10\/2007 ) \u00a0<\/p>\n<div>\n<p align=\"left\">\u062d\u0648\u0644 \u0627\u0646\u062a\u0641\u0627\u0636\u0629 \u0634\u0639\u0628 \u0628\u0648\u0631\u0645\u0627 \u00a0 \u062d\u0642 \u062a\u0642\u0631\u064a\u0631 \u0627\u0644\u0645\u0635\u064a\u0631 \u0648\u0627\u0644\u0627\u062d\u062a\u0644\u0627\u0644 \u0627\u0644\u062f\u0627\u062e\u0644\u064a \u00a0<a href=\"http:\/\/moncefmarzouki.net\/spip.php?article156\" onclick=\"return top.js.OpenExtLink(window,event,this)\" target=\"_blank\" rel=\"noopener\">http:\/\/moncefmarzouki.net\/spip<wbr\/>.php?article156<\/a>     \u0645\u0646\u0635\u0641 \u0627\u0644\u0645\u0631\u0632\u0648\u0642\u064a \u00a0 \u0627\u0644\u062f\u0643\u062a\u0627\u062a\u0648\u0631\u064a\u0629 \u0647\u064a \u0627\u0644\u0627\u0633\u062a\u0639\u0645\u0627\u0631 \u0627\u0644\u062c\u062f\u064a\u062f \u00a0 \u0627\u0644\u0633\u0628\u062a&#8230;  <\/p>\n<\/div>\n<\/li>\n<li>\n<p align=\"left\"> <a href=\"http:\/\/elkhadra.over-blog.com\/article-12898636.html\" onclick=\"return top.js.OpenExtLink(window,event,this)\" target=\"_blank\" rel=\"noopener\">  Voie sans issue<\/a> (07\/10\/2007 ) \u00a0<\/p>\n<\/li>\n<p><\/font><\/span><font face=\"Arial\" size=\"2\"> <span dir=\"rtl\" lang=\"AR-SA\"> <\/p>\n<div>\n<p align=\"left\">Voie sans issue Par Bilel Il est un serpent de mer qui est     devenu un leitmotiv assourdissant, un serpent de mer, \u00a0\u00a0pour une certaine     gauche tunisienne\u00a0 faible, \u00a0timor\u00e9e, et \u00e0 mon humble avis minoritaire dans     l\u2019opinion tunisienne<font face=\"Arial\" size=\"2\"><span dir=\"rtl\" lang=\"AR-SA\">&#8230;    <script><!--D([\"mb\",\"\\u003c\/div\\>\\n\\t\\t\\t\\t\\t\\u003c\/li\\>\\u003cli\\>\\n\\t\\t\\t\\t\\t\\t\\u003ca href\\u003d\\\"http:\/\/elkhadra.over-blog.com\/article-12892938.html\\\" target\\u003d\\\"_blank\\\" onclick\\u003d\\\"return top.js.OpenExtLink(window,event,this)\\\"\\>L\u2019Apocalypse N\u00e9olib\u00e9rale\\u003c\/a\\>\\n\\t\\t\\t\\t\\t\\t(\\u003cspan\\>07\/10\/2007\\u003c\/span\\>\\n\\t\\t\\t\\t\\t\\t)\\u003cbr\\>\\n\\t\\t\\t\\t\\t\\t \\u003cdiv\\>\\nL\u2019Apocalypse N\u00e9olib\u00e9rale Je d\u00e9die ce texte \u00e0 Tali Fahim(*) \u00ab\u00a0Permettre\\nau m\u00e9canisme du march\u00e9 d\u2019\u00eatre l\u2019unique directeur du sort des \u00eatres\\nhumains et de leur environnement naturel aurait pour r\u00e9sultat la\\nd\u00e9molition de la soci\u00e9t\u00e9\u00a0\u00bb Karl Polanyi, La... \\n\\t\\t\\t\\t\\t\\t \\u003c\/div\\>\\n\\t\\t\\t\\t\\t\\u003c\/li\\>\\u003cli\\>\\n\\t\\t\\t\\t\\t\\t\\u003ca href\\u003d\\\"http:\/\/elkhadra.over-blog.com\/article-12892608.html\\\" target\\u003d\\\"_blank\\\" onclick\\u003d\\\"return top.js.OpenExtLink(window,event,this)\\\"\\>La maffia FMI\\u003c\/a\\>\\n\\t\\t\\t\\t\\t\\t(\\u003cspan\\>07\/10\/2007\\u003c\/span\\>\\n\\t\\t\\t\\t\\t\\t)\\u003cbr\\>\\n\\t\\t\\t\\t\\t\\t \\u003cdiv\\> \\n\\t\\t\\t\\t\\t\\t\\t\\n    \\n  \\n  \\n    \\n    \\n      la main invisible du marche\\n    \\n  \\n  \\n    \\n    Apr\u00e8s l&#39;\u00e9lection de Dominique Strauss-Kahn \u00e0 la direction\\n  \\n  \\n    du FMI, le CADTM d\u00e9nonce une\\n    mascarade \u00e9lectorale\\n  \\n  \\n    \u00a0\\n  \\n  \\n    \\u003ca href\\u003d\\\"http:\/\/cadtm.org\\\" target\\u003d\\\"_blank\\\" onclick\\u003d\\\"return top.js.OpenExtLink(window,event,this)\\\"\\>cadtm.org\\u003c\/a\\>\\n  \\n  \\n    \u00a0\\n  \\n  \\n    Depuis sa cr\u00e9ation en 1944, le FMI...\\t\\t\\t\\t\\t\\t\\t\\n\\t\\t\\t\\t\\t\\t \\u003c\/div\\>\\n\\t\\t\\t\\t\\t\\u003c\/li\\>\\u003cli\\>\\n\\t\\t\\t\\t\\t\\t\\u003ca href\\u003d\\\"http:\/\/elkhadra.over-blog.com\/article-12888239.html\\\" target\\u003d\\\"_blank\\\" onclick\\u003d\\\"return top.js.OpenExtLink(window,event,this)\\\"\\>ARABESQUES\\u003c\/a\\>\\n\\t\\t\\t\\t\\t\\t(\\u003cspan\\>07\/10\/2007\\u003c\/span\\>\\n\\t\\t\\t\\t\\t\\t)\\u003cbr\\>\\n\\t\\t\\t\\t\\t\\t \\u003cdiv\\> \\n\\t\\t\\t\\t\\t\\t\\t\\n    \\n  \\n  \\n    \\n      \u00a0\\n    \\n  \\n  \\n    \\n    \\n  \\n  \\n    &#1601;&#1610;&#1585;&#1575; &#1610;&#1605;&#1610;&#1606;\\n  \\n  \\n    &#1604;&#1587;&#1578; &#1575;&#1602;&#1604; &#1578;&#1608;&#1607;&#1615;&#1617;&#1580;&#1575;&#1611; &#1605;&#1606;\\n    &#1575;&#1604;&#1587;&#1610;&#1583;\\n  \\n  \\n    &#1576;&#1575;&#1583;&#1610;&#1577; &#1585;&#1576;&#1610;&#1593;\\n  \\n  \\n    \u00a0\\n  \\n  \\n    &#1578;&#1605;&#1575;&#1605;&#1575;&#1611; &#1603;&#1575;&#1604;&#1571;&#1610;&#1602;&#1608;&#1606;&#1577; &#1575;&#1604;&#1605;&#1585;&#1610;&#1605;&#1610;&#1577; &#1601;&#1610; &#1603;&#1606;&#1610;&#1587;&#1577; &#1575;&#1604;&#1602;&#1610;&#1575;&#1605;&#1577;&#1548; &#1576;&#1583;&#1578; &#1575;&#1604;&#1587;&#1610;&#1583;&#1577; &#1601;&#1610;&#1585;&#1575; &#1610;&#1605;&#1610;&#1606; &#1601;&#1610; &#1581;&#1583;&#1610;&#1579;&#1607;&#1575;\\n    &#1604;&#1602;&#1606;&#1575;&#1577; &#1575;&#1604;&#1605;&#1606;&#1575;&#1585; &#1578;&#1593;&#1602;&#1610;&#1576;&#1575;&#1611; &#1593;&#1604;&#1609; &#1582;&#1591;&#1575;&#1576; &#1575;&#1604;&#1587;&#1610;&#1583; &#1581;&#1587;&#1606; &#1606;&#1589;&#1585; &#1575;&#1604;&#1604;&#1607; &#1601;&#1610; &#1610;&#1608;&#1605;...\\t\\t\\t\\t\\t\\t\\t\\n\\t\\t\\t\\t\\t\\t \\u003c\/div\\>\\n\\t\\t\\t\\t\\t\\u003c\/li\\>\\u003cli\\>\\n\\t\\t\\t\\t\\t\\t\\u003ca href\\u003d\\\"http:\/\/elkhadra.over-blog.com\/article-12887657.html\\\" target\\u003d\\\"_blank\\\" onclick\\u003d\\\"return top.js.OpenExtLink(window,event,this)\\\"\\>Harraga, dites-vous?\\u003c\/a\\>\\n\\t\\t\\t\\t\\t\\t(\\u003cspan\\>07\/10\/2007\\u003c\/span\\>\\n\\t\\t\\t\\t\\t\\t)\\u003cbr\\>\\n\\t\\t\\t\\t\\t\\t \\u003cdiv\\>\\nHarraga, dites-vous? \u00a0 \u00abLa vie sans musique est tout simplement une\\nerreur, une fatigue, un exil.\u00bb (Friedrich Nietzsche 1844 -1900) Harrag\\nveut dire litt\u00e9ralement \u00abbr\u00fbleur\u00bb. L\u2019expression \u00abbr\u00fbler la vie par les\\ndeux bouts\u00bb renvoie \u00e0 l\u2019image d\u2019une vie intense,... \\n\\t\\t\\t\\t\\t\\t \",1]);\/\/--><\/script> <\/span><\/font><\/p>\n<\/div>\n<li>\n<p align=\"left\"> <a href=\"http:\/\/elkhadra.over-blog.com\/article-12892938.html\" onclick=\"return top.js.OpenExtLink(window,event,this)\" target=\"_blank\" rel=\"noopener\">  L\u2019Apocalypse N\u00e9olib\u00e9rale<\/a> (07\/10\/2007 ) \u00a0<\/p>\n<\/li>\n<p><\/span><\/font> <span dir=\"rtl\" lang=\"AR-SA\"> <font face=\"Arial\" size=\"2\"> <\/p>\n<div>\n<p align=\"left\">L\u2019Apocalypse N\u00e9olib\u00e9rale Je d\u00e9die ce texte \u00e0 Tali Fahim(*)     \u00ab\u00a0Permettre au m\u00e9canisme du march\u00e9 d\u2019\u00eatre l\u2019unique directeur du sort des     \u00eatres humains et de leur environnement naturel aurait pour r\u00e9sultat la     d\u00e9molition de la soci\u00e9t\u00e9\u00a0\u00bb Karl Polanyi, La<span dir=\"rtl\" lang=\"AR-SA\"><font face=\"Arial\" size=\"2\">&#8230;  <\/font><\/span><\/p>\n<\/div>\n<li>\n<p align=\"left\"> <a href=\"http:\/\/elkhadra.over-blog.com\/article-12892608.html\" onclick=\"return top.js.OpenExtLink(window,event,this)\" target=\"_blank\" rel=\"noopener\">  La maffia FMI<\/a> (07\/10\/2007 ) \u00a0<\/p>\n<div>\n<p align=\"left\">la main invisible du marche Apr\u00e8s l&rsquo;\u00e9lection de Dominique     Strauss-Kahn \u00e0 la direction du FMI, le CADTM d\u00e9nonce une mascarade     \u00e9lectorale \u00a0    <a href=\"http:\/\/cadtm.org\/\" onclick=\"return top.js.OpenExtLink(window,event,this)\" target=\"_blank\" rel=\"noopener\">    cadtm.org<\/a> \u00a0 Depuis sa cr\u00e9ation en 1944, le FMI&#8230;  <\/p>\n<\/div>\n<\/li>\n<li>\n<p align=\"left\"> <a href=\"http:\/\/elkhadra.over-blog.com\/article-12888239.html\" onclick=\"return top.js.OpenExtLink(window,event,this)\" target=\"_blank\" rel=\"noopener\">  ARABESQUES<\/a> (07\/10\/2007 ) \u00a0<\/p>\n<\/li>\n<p><\/font><\/span><font face=\"Arial\"> <span dir=\"rtl\" lang=\"AR-SA\"> <\/p>\n<div>\n<p align=\"left\">\u00a0 \u0641\u064a\u0631\u0627 \u064a\u0645\u064a\u0646 \u0644\u0633\u062a \u0627\u0642\u0644 \u062a\u0648\u0647\u064f\u0651\u062c\u0627\u064b \u0645\u0646 \u0627\u0644\u0633\u064a\u062f \u0628\u0627\u062f\u064a\u0629 \u0631\u0628\u064a\u0639 \u00a0 \u062a\u0645\u0627\u0645\u0627\u064b     \u0643\u0627\u0644\u0623\u064a\u0642\u0648\u0646\u0629 \u0627\u0644\u0645\u0631\u064a\u0645\u064a\u0629 \u0641\u064a \u0643\u0646\u064a\u0633\u0629 \u0627\u0644\u0642\u064a\u0627\u0645\u0629\u060c \u0628\u062f\u062a \u0627\u0644\u0633\u064a\u062f\u0629 \u0641\u064a\u0631\u0627 \u064a\u0645\u064a\u0646 \u0641\u064a \u062d\u062f\u064a\u062b\u0647\u0627 \u0644\u0642\u0646\u0627\u0629     \u0627\u0644\u0645\u0646\u0627\u0631 \u062a\u0639\u0642\u064a\u0628\u0627\u064b \u0639\u0644\u0649 \u062e\u0637\u0627\u0628 \u0627\u0644\u0633\u064a\u062f \u062d\u0633\u0646 \u0646\u0635\u0631 \u0627\u0644\u0644\u0647 \u0641\u064a \u064a\u0648\u0645&#8230;  <\/p>\n<\/div>\n<p> <\/span><\/font><font face=\"Arial\" size=\"2\"> <span dir=\"rtl\" lang=\"AR-SA\"> <\/p>\n<li>\n<p align=\"left\"> <a href=\"http:\/\/elkhadra.over-blog.com\/article-12887657.html\" onclick=\"return top.js.OpenExtLink(window,event,this)\" target=\"_blank\" rel=\"noopener\">  Harraga, dites-vous?<\/a> (07\/10\/2007 ) \u00a0<\/p>\n<\/li>\n<p><\/span><\/font> <span dir=\"rtl\" lang=\"AR-SA\"> <font face=\"Arial\" size=\"2\"> <\/p>\n<div>\n<p align=\"left\">Harraga, dites-vous? \u00a0 \u00abLa vie sans musique est tout     simplement une erreur, une fatigue, un exil.\u00bb (Friedrich Nietzsche 1844     -1900) Harrag veut dire litt\u00e9ralement \u00abbr\u00fbleur\u00bb. L\u2019expression \u00abbr\u00fbler la vie     par les deux bouts\u00bb renvoie \u00e0 l\u2019image d\u2019une vie intense<span dir=\"rtl\" lang=\"AR-SA\"><font face=\"Arial\" size=\"2\">,&#8230;    <script><!--D([\"mb\",\"\\u003c\/div\\>\\n\\t\\t\\t\\t\\t\\u003c\/li\\>\\u003cli\\>\\n\\t\\t\\t\\t\\t\\t\\u003ca href\\u003d\\\"http:\/\/elkhadra.over-blog.com\/article-12887605.html\\\" target\\u003d\\\"_blank\\\" onclick\\u003d\\\"return top.js.OpenExtLink(window,event,this)\\\"\\>La th\u00e9orie du chaos\\u003c\/a\\>\\n\\t\\t\\t\\t\\t\\t(\\u003cspan\\>07\/10\/2007\\u003c\/span\\>\\n\\t\\t\\t\\t\\t\\t)\\u003cbr\\>\\n\\t\\t\\t\\t\\t\\t \\u003cdiv\\>\\n\u00a0 La th\u00e9orie du chaos Cette th\u00e9orie pr\u00e9tend que l\u2019h\u00e9g\u00e9monie des\\npuissants doit cr\u00e9er le chaos et le d\u00e9sordre dans le monde arabe et\\nmusulman pour s\u2019imposer ailleurs. Aujourd\u2019hui, plus que jamais, l\u2019\u00e9tude\\nconjointe, dans le cadre de partenariats... \\n\\t\\t\\t\\t\\t\\t \\u003c\/div\\>\\n\\t\\t\\t\\t\\t\\u003c\/li\\>\\u003cli\\>\\n\\t\\t\\t\\t\\t\\t\\u003ca href\\u003d\\\"http:\/\/elkhadra.over-blog.com\/article-12873125.html\\\" target\\u003d\\\"_blank\\\" onclick\\u003d\\\"return top.js.OpenExtLink(window,event,this)\\\"\\>.L\u00e9ve la t\u00eate fr\u00e9re, le colonialisme est revenu*\\u003c\/a\\>\\n\\t\\t\\t\\t\\t\\t(\\u003cspan\\>06\/10\/2007\\u003c\/span\\>\\n\\t\\t\\t\\t\\t\\t)\\u003cbr\\>\\n\\t\\t\\t\\t\\t\\t \\u003cdiv\\> \\n\\t\\t\\t\\t\\t\\t\\t\\n    \\n    \\n    \\n    &#1575;&#1604;&#1580;&#1605;&#1593;&#1577;,&#1578;&#1588;&#1585;&#1610;&#1606; &#1575;&#1604;&#1571;&#1608;&#1604; 05,\\n    2007\\n  \\n  \\n    \\n      &#1575;&#1604;&#1575;&#1587;&#1575;&#1578;&#1584;&#1577; &#1601;&#1610; &#1603;&#1604; &#1575;&#1604;&#1580;&#1607;&#1575;&#1578; &#1605;&#1589;&#1585;&#1608;&#1606;\\n      &#1593;&#1604;&#1609; &#1593;&#1608;&#1583;&#1577; &#1586;&#1605;&#1604;&#1575;&#1574;&#1607;&#1605;\\n    \\n    \\n      &#1571;&#1589;&#1583;&#1575;&#1569; &#1573;&#1590;&#1585;&#1575;&#1576;&#1575;&#1578; &#1575;&#1604;&#1579;&#1575;&#1606;&#1608;&#1610;\\n    \\n    \\n      \u00a0\\n    \\n    \\n      \u00a0\\n    \\n    \\n      \u00a0\\n    \\n    \\n      &#1573;&#1590;&#1585;&#1575;&#1576; &#1575;&#1604;&#1578;&#1593;&#1604;&#1610;&#1605; &#1575;&#1604;&#1579;&#1575;&#1606;&#1608;&#1610; &#1576;&#1605;&#1575;&#1585;&#1579;\\n    \\n    \\n      \u00a0...\\t\\t\\t\\t\\t\\t\\t\\n\\t\\t\\t\\t\\t\\t \\u003c\/div\\>\\n\\t\\t\\t\\t\\t\\u003c\/li\\>\\u003cli\\>\\n\\t\\t\\t\\t\\t\\t\\u003ca href\\u003d\\\"http:\/\/elkhadra.over-blog.com\/article-12872562.html\\\" target\\u003d\\\"_blank\\\" onclick\\u003d\\\"return top.js.OpenExtLink(window,event,this)\\\"\\>Tendances\\u003c\/a\\>\\n\\t\\t\\t\\t\\t\\t(\\u003cspan\\>06\/10\/2007\\u003c\/span\\>\\n\\t\\t\\t\\t\\t\\t)\\u003cbr\\>\\n\\t\\t\\t\\t\\t\\t \\u003cdiv\\>\\n\u00a0 Saad Hariri ne trouve pas \u00e0 la Maison-Blanche le soutien attendu Les\\nregards des journalistes, analystes et hommes politiques \u00e9taient riv\u00e9s\\nsur Washington, d\u2019o\u00f9 le chef de la coalition au pouvoir au Liban,\\nSaad... \\n\\t\\t\\t\\t\\t\\t \\u003c\/div\\>\\n\\t\\t\\t\\t\\t\\u003c\/li\\>\\u003cli\\>\\n\\t\\t\\t\\t\\t\\t\\u003ca href\\u003d\\\"http:\/\/elkhadra.over-blog.com\/article-12867848.html\\\" target\\u003d\\\"_blank\\\" onclick\\u003d\\\"return top.js.OpenExtLink(window,event,this)\\\"\\>BEN ALI CONNECTION\\u003c\/a\\>\\n\\t\\t\\t\\t\\t\\t(\\u003cspan\\>06\/10\/2007\\u003c\/span\\>\\n\\t\\t\\t\\t\\t\\t)\\u003cbr\\>\\n\\t\\t\\t\\t\\t\\t \\u003cdiv\\>\\nBen Ali connection BEN ALI CONNECTION \u00a0\u00a0 par Gari John Suite du\\nfeuilleton de Bakchich destin\u00e9 \u00e0 c\u00e9l\u00e9brer le 20\u00e8me anniversaire du coup\\nd\u2019\u00c9tat m\u00e9dical du pr\u00e9sident Ben Ali. Cette semaine, le neveu\\npr\u00e9sidentiel, empereur des duty-free. ... \\n\\t\\t\\t\\t\\t\\t \\u003c\/div\\>\\n\\t\\t\\t\\t\\t\\u003c\/li\\>\\u003cli\\>\\n\\t\\t\\t\\t\\t\\t\\u003ca href\\u003d\\\"http:\/\/elkhadra.over-blog.com\/article-12860920.html\\\" target\\u003d\\\"_blank\\\" onclick\\u003d\\\"return top.js.OpenExtLink(window,event,this)\\\"\\>\",1]);\/\/--><\/script> <\/font><\/span><\/p>\n<\/div>\n<li>\n<p align=\"left\"> <a href=\"http:\/\/elkhadra.over-blog.com\/article-12887605.html\" onclick=\"return top.js.OpenExtLink(window,event,this)\" target=\"_blank\" rel=\"noopener\">  La th\u00e9orie du chaos<\/a> (07\/10\/2007 ) \u00a0<\/p>\n<\/li>\n<p><\/font><\/span> <span dir=\"rtl\" lang=\"AR-SA\"> <font face=\"Arial\" size=\"2\"> <\/p>\n<div>\n<p align=\"left\">\u00a0 La th\u00e9orie du chaos Cette th\u00e9orie pr\u00e9tend que l\u2019h\u00e9g\u00e9monie     des puissants doit cr\u00e9er le chaos et le d\u00e9sordre dans le monde arabe et     musulman pour s\u2019imposer ailleurs. Aujourd\u2019hui, plus que jamais, l\u2019\u00e9tude     conjointe, dans le cadre de partenariats<span dir=\"rtl\" lang=\"AR-SA\"><font face=\"Arial\" size=\"2\">&#8230;  <\/font><\/span><\/p>\n<\/div>\n<li>\n<p align=\"left\"> <a href=\"http:\/\/elkhadra.over-blog.com\/article-12873125.html\" onclick=\"return top.js.OpenExtLink(window,event,this)\" target=\"_blank\" rel=\"noopener\">  .L\u00e9ve la t\u00eate fr\u00e9re, le colonialisme est revenu*<\/a> (06\/10\/2007 ) \u00a0<\/p>\n<\/li>\n<p><\/font><\/span> <span dir=\"rtl\" lang=\"AR-SA\"> <font face=\"Arial\"> <\/p>\n<div>\n<p align=\"left\"><b>\u0627\u0644\u062c\u0645\u0639\u0629,\u062a\u0634\u0631\u064a\u0646 \u0627\u0644\u0623\u0648\u0644 05, 2007 \u0627\u0644\u0627\u0633\u0627\u062a\u0630\u0629 \u0641\u064a \u0643\u0644 \u0627\u0644\u062c\u0647\u0627\u062a \u0645\u0635\u0631\u0648\u0646     \u0639\u0644\u0649 \u0639\u0648\u062f\u0629 \u0632\u0645\u0644\u0627\u0626\u0647\u0645 \u0623\u0635\u062f\u0627\u0621 \u0625\u0636\u0631\u0627\u0628\u0627\u062a \u0627\u0644\u062b\u0627\u0646\u0648\u064a \u00a0 \u00a0 \u00a0 \u0625\u0636\u0631\u0627\u0628 \u0627\u0644\u062a\u0639\u0644\u064a\u0645 \u0627\u0644\u062b\u0627\u0646\u0648\u064a \u0628\u0645\u0627\u0631\u062b     \u00a0&#8230; <\/b> <\/p>\n<\/div>\n<p> <\/font><\/span> <span dir=\"rtl\" lang=\"AR-SA\"> <font face=\"Arial\" size=\"2\"> <\/p>\n<li>\n<p align=\"left\"> <a href=\"http:\/\/elkhadra.over-blog.com\/article-12872562.html\" onclick=\"return top.js.OpenExtLink(window,event,this)\" target=\"_blank\" rel=\"noopener\">  Tendances<\/a> (06\/10\/2007 ) \u00a0<\/p>\n<\/li>\n<p><\/font><\/span> <span dir=\"rtl\" lang=\"AR-SA\"> <font face=\"Arial\" size=\"2\"> <\/p>\n<div>\n<p align=\"left\">\u00a0 Saad Hariri ne trouve pas \u00e0 la Maison-Blanche le soutien     attendu Les regards des journalistes, analystes et hommes politiques \u00e9taient     riv\u00e9s sur Washington, d\u2019o\u00f9 le chef de la coalition au pouvoir au Liban, Saa<span dir=\"rtl\" lang=\"AR-SA\"><font face=\"Arial\" size=\"2\">d&#8230;  <\/font><\/span><\/p>\n<\/div>\n<li>\n<p align=\"left\"> <a href=\"http:\/\/elkhadra.over-blog.com\/article-12867848.html\" onclick=\"return top.js.OpenExtLink(window,event,this)\" target=\"_blank\" rel=\"noopener\">  BEN ALI CONNECTION<\/a> (06\/10\/2007 ) \u00a0<\/p>\n<\/li>\n<p><\/font><\/span> <span dir=\"rtl\" lang=\"AR-SA\"> <font face=\"Arial\" size=\"2\"> <\/p>\n<div>\n<p align=\"left\">Ben Ali connection BEN ALI CONNECTION \u00a0\u00a0 par Gari John Suite     du feuilleton de Bakchich destin\u00e9 \u00e0 c\u00e9l\u00e9brer le 20\u00e8me anniversaire du coup     d\u2019\u00c9tat m\u00e9dical du pr\u00e9sident Ben Ali. Cette semaine, le neveu pr\u00e9sidentiel,     empereur des duty-free<span dir=\"rtl\" lang=\"AR-SA\"><font face=\"Arial\" size=\"2\">.     &#8230;  <\/font><\/span><\/p>\n<\/div>\n<li> <a href=\"http:\/\/elkhadra.over-blog.com\/article-12860920.html\" onclick=\"return top.js.OpenExtLink(window,event,this)\" target=\"_blank\" rel=\"noopener\"> <script><!--D([\"mb\",\"LES IMPOSTEURS (suite...)\\u003c\/a\\>\\n\\t\\t\\t\\t\\t\\t(\\u003cspan\\>05\/10\/2007\\u003c\/span\\>\\n\\t\\t\\t\\t\\t\\t)\\u003cbr\\>\\n\\t\\t\\t\\t\\t\\t \\u003cdiv\\>\\nJe poursuis la publication de ce tr\u00e9s long texte de M\u00e9riem, plein de\\nlucidit\u00e9 et de bon sens, d&#39;autant plus que ceux qu&#39;elles d\u00e9non\u00e7aient\\nsont plus actifs que jamais.RACHED\\n******************************\\u003cWBR\\>************************ LES\\nIMPOSTEURS... \\n\\t\\t\\t\\t\\t\\t \\u003c\/div\\>\\n\\t\\t\\t\\t\\t\\u003c\/li\\>\\u003cli\\>\\n\\t\\t\\t\\t\\t\\t\\u003ca href\\u003d\\\"http:\/\/elkhadra.over-blog.com\/article-12859033.html\\\" target\\u003d\\\"_blank\\\" onclick\\u003d\\\"return top.js.OpenExtLink(window,event,this)\\\"\\>Face \u00e0 l\u2019Islamisme : l\u2019autisme !\\u003c\/a\\>\\n\\t\\t\\t\\t\\t\\t(\\u003cspan\\>05\/10\/2007\\u003c\/span\\>\\n\\t\\t\\t\\t\\t\\t)\\u003cbr\\>\\n\\t\\t\\t\\t\\t\\t \\u003cdiv\\>\\n\u00a0 Face \u00e0 l\u2019Islamisme\u00a0: l\u2019autisme\u00a0! Interview de Fran\u00e7ois BURGAT parue\\ndans la revue Regards en septembre 2007. L\u2019auteur est politologue,\\ndirecteur de recherche au CNRS \u00e0 Aix-en-Provence. Il est sp\u00e9cialiste du\\nmonde... \\n\\t\\t\\t\\t\\t\\t \\u003c\/div\\>\\n\\t\\t\\t\\t\\t\\u003c\/li\\>\\u003cli\\>\\n\\t\\t\\t\\t\\t\\t\\u003ca href\\u003d\\\"http:\/\/elkhadra.over-blog.com\/article-12856684.html\\\" target\\u003d\\\"_blank\\\" onclick\\u003d\\\"return top.js.OpenExtLink(window,event,this)\\\"\\>La peur se vend bien.\\u003c\/a\\>\\n\\t\\t\\t\\t\\t\\t(\\u003cspan\\>05\/10\/2007\\u003c\/span\\>\\n\\t\\t\\t\\t\\t\\t)\\u003cbr\\>\\n\\t\\t\\t\\t\\t\\t \\u003cdiv\\>\\nVACCINS ET CROYANCE - La peur se vend bien. Altermonde Les statistiques\\nont montr\u00e9 que confront\u00e9s \u00e0 une id\u00e9e nouvelle et quelque peu\\nprovocatrice, 96% des personnes appliqueront leur temps et leur \u00e9nergie\\n\u00e0 d\u00e9fendre les croyances... \\n\\t\\t\\t\\t\\t\\t \\u003c\/div\\>\\n\\t\\t\\t\\t\\t\\u003c\/li\\>\\u003cli\\>\\n\\t\\t\\t\\t\\t\\t\\u003ca href\\u003d\\\"http:\/\/elkhadra.over-blog.com\/article-12856468.html\\\" target\\u003d\\\"_blank\\\" onclick\\u003d\\\"return top.js.OpenExtLink(window,event,this)\\\"\\>NON-VIOLENCE CONTRE BEN ALI.\\u003c\/a\\>\\n\\t\\t\\t\\t\\t\\t(\\u003cspan\\>05\/10\/2007\\u003c\/span\\>\\n\\t\\t\\t\\t\\t\\t)\\u003cbr\\>\\n\\t\\t\\t\\t\\t\\t \\u003cdiv\\>\\nNON-VIOLENCE CONTRE BEN ALI Par Fadila La non-violence doit \u00eatre\\nd\u00e9finie en tant qu\u2019exigence \u00e9thique inh\u00e9rente \u00e0 l\u2019humanit\u00e9 de l\u2019homme,\\net ne jamais n\u00e9gliger, pour la r\u00e9f\u00e9rence, l\u2019historique et la p\u00e9dagogie\\nl\u2019apport sp\u00e9cifique et d\u00e9terminant d\u2019\u00e9norm\u00e9ment de penseurs... \\n\\t\\t\\t\\t\\t\\t \\u003c\/div\\>\\n\\t\\t\\t\\t\\t\\u003c\/li\\>\\u003cli\\>\\n\\t\\t\\t\\t\\t\\t\\u003ca href\\u003d\\\"http:\/\/elkhadra.over-blog.com\/article-12837180.html\\\" target\\u003d\\\"_blank\\\" onclick\\u003d\\\"return top.js.OpenExtLink(window,event,this)\\\"\\>D&#39;un Islam \u00e0 l&#39;autre\\u003c\/a\\>\\n\\t\\t\\t\\t\\t\\t(\\u003cspan\\>\",1]);\/\/--><\/script>\n<p align=\"left\">LES IMPOSTEURS (suite&#8230;)<\/p>\n<p><\/a> (05\/10\/2007 ) \u00a0  <\/li>\n<p><\/font><\/span> <span dir=\"rtl\" lang=\"AR-SA\"> <font face=\"Arial\" size=\"2\"> <\/p>\n<div>\n<p align=\"left\">Je poursuis la publication de ce tr\u00e9s long texte de M\u00e9riem,     plein de lucidit\u00e9 et de bon sens, d&rsquo;autant plus que ceux qu&rsquo;elles     d\u00e9non\u00e7aient sont plus actifs que jamais.RACHED     <span dir=\"rtl\" lang=\"AR-SA\"> <font face=\"Arial\" size=\"2\">******************************<wbr\/>************************     LES IMPOSTEURS&#8230;  <\/font><\/span><\/p>\n<\/div>\n<li>\n<p align=\"left\"> <a href=\"http:\/\/elkhadra.over-blog.com\/article-12859033.html\" onclick=\"return top.js.OpenExtLink(window,event,this)\" target=\"_blank\" rel=\"noopener\">  Face \u00e0 l\u2019Islamisme : l\u2019autisme !<\/a> (05\/10\/2007 ) \u00a0<\/p>\n<\/li>\n<p><\/font><\/span> <span dir=\"rtl\" lang=\"AR-SA\"> <font face=\"Arial\" size=\"2\"> <\/p>\n<div>\n<p align=\"left\">\u00a0 Face \u00e0 l\u2019Islamisme\u00a0: l\u2019autisme\u00a0! Interview de Fran\u00e7ois     BURGAT parue dans la revue Regards en septembre 2007. L\u2019auteur est     politologue, directeur de recherche au CNRS \u00e0 Aix-en-Provence. Il est     sp\u00e9cialiste du monde<span dir=\"rtl\" lang=\"AR-SA\"><font face=\"Arial\" size=\"2\">&#8230;  <\/font><\/span><\/p>\n<\/div>\n<li>\n<p align=\"left\"> <a href=\"http:\/\/elkhadra.over-blog.com\/article-12856684.html\" onclick=\"return top.js.OpenExtLink(window,event,this)\" target=\"_blank\" rel=\"noopener\">  La peur se vend bien.<\/a> (05\/10\/2007 ) \u00a0<\/p>\n<\/li>\n<p><\/font><\/span> <span dir=\"rtl\" lang=\"AR-SA\"> <font face=\"Arial\" size=\"2\"> <\/p>\n<div>\n<p align=\"left\">VACCINS ET CROYANCE &#8211; La peur se vend bien. Altermonde Les     statistiques ont montr\u00e9 que confront\u00e9s \u00e0 une id\u00e9e nouvelle et quelque peu     provocatrice, 96% des personnes appliqueront leur temps et leur \u00e9nergie \u00e0     d\u00e9fendre les croyances<span dir=\"rtl\" lang=\"AR-SA\"><font face=\"Arial\" size=\"2\">&#8230;  <\/font><\/span><\/p>\n<\/div>\n<li>\n<p align=\"left\"> <a href=\"http:\/\/elkhadra.over-blog.com\/article-12856468.html\" onclick=\"return top.js.OpenExtLink(window,event,this)\" target=\"_blank\" rel=\"noopener\">  NON-VIOLENCE CONTRE BEN ALI.<\/a> (05\/10\/2007 ) \u00a0<\/p>\n<\/li>\n<p><\/font><\/span> <span dir=\"rtl\" lang=\"AR-SA\"> <font face=\"Arial\" size=\"2\"> <\/p>\n<div>\n<p align=\"left\">NON-VIOLENCE CONTRE BEN ALI Par Fadila La non-violence doit     \u00eatre d\u00e9finie en tant qu\u2019exigence \u00e9thique inh\u00e9rente \u00e0 l\u2019humanit\u00e9 de l\u2019homme,     et ne jamais n\u00e9gliger, pour la r\u00e9f\u00e9rence, l\u2019historique et la p\u00e9dagogie     l\u2019apport sp\u00e9cifique et d\u00e9terminant d\u2019\u00e9norm\u00e9ment de penseurs<span dir=\"rtl\" lang=\"AR-SA\"><font face=\"Arial\" size=\"2\">&#8230;  <\/font><\/span><\/p>\n<\/div>\n<li>\n<p align=\"left\"> <a href=\"http:\/\/elkhadra.over-blog.com\/article-12837180.html\" onclick=\"return top.js.OpenExtLink(window,event,this)\" target=\"_blank\" rel=\"noopener\">  D&rsquo;un Islam \u00e0 l&rsquo;autre<\/a> (  <script><!--D([\"mb\",\"04\/10\/2007\\u003c\/span\\>\\n\\t\\t\\t\\t\\t\\t)\\u003cbr\\>\\n\\t\\t\\t\\t\\t\\t \\u003cdiv\\>\\nIslam de march\u00e9 ou march\u00e9 de dupes\u00a0? Par Haoues Seniguer \u00a0 Le mois\\nsacr\u00e9 du Ramadan, du moins consacr\u00e9 comme tel en islam, est devenu en\\nOccident, plus que partout ailleurs sans doute, avec la pr\u00e9sence\\nmassive de millions de... \\n\\t\\t\\t\\t\\t\\t \\u003c\/div\\>\\n\\t\\t\\t\\t\\t\\u003c\/li\\>\\u003cli\\>\\n\\t\\t\\t\\t\\t\\t\\u003ca href\\u003d\\\"http:\/\/elkhadra.over-blog.com\/article-12836966.html\\\" target\\u003d\\\"_blank\\\" onclick\\u003d\\\"return top.js.OpenExtLink(window,event,this)\\\"\\>BIG TRAOULI\\u003c\/a\\>\\n\\t\\t\\t\\t\\t\\t(\\u003cspan\\>04\/10\/2007\\u003c\/span\\>\\n\\t\\t\\t\\t\\t\\t)\\u003cbr\\>\\n\\t\\t\\t\\t\\t\\t \\u003cdiv\\>\\n&#1603;&#1604;&#1605;&#1575;&#1578; &#1605;&#1606; &#1585;&#1589;&#1600;&#1575;&#1589; &#1608;&#1605;&#1588;&#1607;&#1583; &#1605;&#1606; &#1580;&#1605;&#1600;&#1585; &#1583;.&#1582;&#1600;&#1600;&#1575;&#1604;&#1583; &#1575;&#1604;&#1591;&#1600;&#1585;&#1575;&#1608;&#1604;&#1610; \\u003ca href\\u003d\\\"mailto:ktraouli@yahoo.fr\\\" target\\u003d\\\"_blank\\\" onclick\\u003d\\\"return top.js.OpenExtLink(window,event,this)\\\"\\>ktraouli@yahoo.fr\\u003c\/a\\>\\n&#1571;&#1606;&#1589;&#1578;&#1608;&#1575; &#1605;&#1593;&#1610; &#1573;&#1604;&#1609; &#1607;&#1584;&#1607; &#1575;&#1604;&#1603;&#1604;&#1605;&#1575;&#1578; &#1608;&#1571;&#1602;&#1608;&#1604; &#1571;&#1606;&#1589;&#1578;&#1608;&#1575; &#1608;&#1571;&#1593;&#1606;&#1610; &#1605;&#1575; &#1571;&#1602;&#1608;&#1604; &#1608;&#1571;&#1606;&#1575; &#1571;&#1593;&#1604;&#1605; &#1571;&#1606;&#1610;\\n&#1571;&#1583;&#1593;&#1608;&#1603;&#1605; &#1573;&#1604;&#1609; &#1602;&#1585;&#1575;&#1569;&#1577; &#1580;&#1605;&#1604; &#1608;&#1601;&#1602;&#1585;&#1575;&#1578; &#1608;&#1587;&#1591;&#1608;&#1585;&#1548; &#1571;&#1583;&#1593;&#1608;&#1603;&#1605; &#1571;&#1606; &#1578;&#1593;&#1610;&#1588;&#1608;&#1575; &#1607;&#1584;&#1607; &#1575;&#1604;&#1603;&#1604;&#1605;&#1575;&#1578;\\n&#1575;&#1604;&#1605;&#1588;&#1578;&#1593;&#1604;&#1577;&#1548; &#1607;&#1584;&#1607; &#1575;&#1604;&#1582;&#1606;&#1575;&#1580;&#1585; &#1575;&#1604;&#1605;&#1601;&#1578;&#1608;&#1581;&#1577;&#1548; &#1607;&#1584;&#1575; &#1575;&#1604;&#1589;&#1585;&#1575;&#1582; &#1575;&#1604;&#1584;&#1610; &#1610;&#1605;&#1586;&#1602; &#1575;&#1604;&#1571;&#1576;&#1610;&#1590; &#1608;&#1575;&#1604;&#1571;&#1587;&#1608;&#1583;... \\n\\t\\t\\t\\t\\t\\t \\u003c\/div\\>\\n\\t\\t\\t\\t\\t\\u003c\/li\\>\\u003cli\\>\\n\\t\\t\\t\\t\\t\\t\\u003ca href\\u003d\\\"http:\/\/elkhadra.over-blog.com\/article-12836474.html\\\" target\\u003d\\\"_blank\\\" onclick\\u003d\\\"return top.js.OpenExtLink(window,event,this)\\\"\\>Notre peine est un grand cri\\u003c\/a\\>\\n\\t\\t\\t\\t\\t\\t(\\u003cspan\\>04\/10\/2007\\u003c\/span\\>\\n\\t\\t\\t\\t\\t\\t)\\u003cbr\\>\\n\\t\\t\\t\\t\\t\\t \\u003cdiv\\>\\nL&#39;accalmie post-\u00e9lectorale aura \u00e9t\u00e9 de courte dur\u00e9e. En se d\u00e9clarant\\ntous deux favorables \u00e0 l&#39;abolition de l&#39;interdiction faite aux\\n\u00e9tudiantes de porter le foulard islamique dans les universit\u00e9s, le\\npremier ministre Recep Tayyip Erdogan et le pr\u00e9sident de la R\u00e9publique,\\nAbdullah... \\n\\t\\t\\t\\t\\t\\t \\u003c\/div\\>\\n\\t\\t\\t\\t\\t\\u003c\/li\\>\\u003cli\\>\\n\\t\\t\\t\\t\\t\\t\\u003ca href\\u003d\\\"http:\/\/elkhadra.over-blog.com\/article-12835347.html\\\" target\\u003d\\\"_blank\\\" onclick\\u003d\\\"return top.js.OpenExtLink(window,event,this)\\\"\\>Les \u00ab diff\u00e9rences culturelles \u00bb peuvent-elles excuser le sexisme ?\\u003c\/a\\>\\n\\t\\t\\t\\t\\t\\t(\\u003cspan\\>04\/10\/2007\\u003c\/span\\>\\n\\t\\t\\t\\t\\t\\t)\\u003cbr\\>\\n\\t\\t\\t\\t\\t\\t \\u003cdiv\\>\\nLes \u00ab diff\u00e9rences culturelles \u00bb peuvent-elles excuser le sexisme ?\u00a0 \u00a0 \u00a0\\nPar Janine Booth L\u2019AWL est une organisation socialiste[1]. Nous faisons\\npartie de \u00ab la gauche \u00bb. Cela signifie que nous soutenons\\ninconditionnellement les droits, les libert\u00e9s et l\u2019\u00e9galit\u00e9 des... \\n\\t\\t\\t\\t\\t\\t \\u003c\/div\\>\\n\\t\\t\\t\\t\\t\\u003c\/li\\>\\u003cli\\>\\n\\t\\t\\t\\t\\t\\t\\u003ca href\\u003d\\\"http:\/\/elkhadra.over-blog.com\/article-12820933.html\\\" target\\u003d\\\"_blank\\\" onclick\\u003d\\\"return top.js.OpenExtLink(window,event,this)\\\"\\>\",1]);\/\/--><\/script>  04\/10\/2007 ) \u00a0<\/p>\n<\/li>\n<p><\/font><\/span> <span dir=\"rtl\" lang=\"AR-SA\"> <font face=\"Arial\" size=\"2\"> <\/p>\n<div>\n<p align=\"left\">Islam de march\u00e9 ou march\u00e9 de dupes\u00a0? Par Haoues Seniguer \u00a0     Le mois sacr\u00e9 du Ramadan, du moins consacr\u00e9 comme tel en islam, est devenu     en Occident, plus que partout ailleurs sans doute, avec la pr\u00e9sence massive     de millions de<span dir=\"rtl\" lang=\"AR-SA\"><font face=\"Arial\" size=\"2\">&#8230;  <\/font><\/span><\/p>\n<\/div>\n<li>\n<p align=\"left\"> <a href=\"http:\/\/elkhadra.over-blog.com\/article-12836966.html\" onclick=\"return top.js.OpenExtLink(window,event,this)\" target=\"_blank\" rel=\"noopener\">  BIG TRAOULI<\/a> (04\/10\/2007 ) \u00a0<\/p>\n<\/li>\n<p><\/font><\/span><span dir=\"rtl\" lang=\"AR-SA\"> <font face=\"Arial\"> <\/p>\n<div>\n<p align=\"left\"><b>\u0643\u0644\u0645\u0627\u062a \u0645\u0646 \u0631\u0635\u0640\u0627\u0635 \u0648\u0645\u0634\u0647\u062f \u0645\u0646 \u062c\u0645\u0640\u0631 \u062f.\u062e\u0640\u0640\u0627\u0644\u062f \u0627\u0644\u0637\u0640\u0631\u0627\u0648\u0644\u064a <\/b> <b> <span dir=\"rtl\" lang=\"AR-SA\"> <font face=\"Arial\"> <a href=\"mailto:ktraouli@yahoo.fr\" onclick=\"return top.js.OpenExtLink(window,event,this)\" target=\"_blank\" rel=\"noopener\">    ktraouli@yahoo.fr<\/a><\/font><\/span><font face=\"Arial\"><font face=\"Arial\"><span dir=\"rtl\" lang=\"AR-SA\"> <\/span><\/font><\/font><font face=\"Arial\"> <span dir=\"rtl\" lang=\"AR-SA\">\u0623\u0646\u0635\u062a\u0648\u0627 \u0645\u0639\u064a \u0625\u0644\u0649 \u0647\u0630\u0647     \u0627\u0644\u0643\u0644\u0645\u0627\u062a \u0648\u0623\u0642\u0648\u0644 \u0623\u0646\u0635\u062a\u0648\u0627 \u0648\u0623\u0639\u0646\u064a \u0645\u0627 \u0623\u0642\u0648\u0644 \u0648\u0623\u0646\u0627 \u0623\u0639\u0644\u0645 \u0623\u0646\u064a \u0623\u062f\u0639\u0648\u0643\u0645 \u0625\u0644\u0649 \u0642\u0631\u0627\u0621\u0629 \u062c\u0645\u0644 \u0648\u0641\u0642\u0631\u0627\u062a     \u0648\u0633\u0637\u0648\u0631\u060c \u0623\u062f\u0639\u0648\u0643\u0645 \u0623\u0646 \u062a\u0639\u064a\u0634\u0648\u0627 \u0647\u0630\u0647 \u0627\u0644\u0643\u0644\u0645\u0627\u062a \u0627\u0644\u0645\u0634\u062a\u0639\u0644\u0629\u060c \u0647\u0630\u0647 \u0627\u0644\u062e\u0646\u0627\u062c\u0631 \u0627\u0644\u0645\u0641\u062a\u0648\u062d\u0629\u060c \u0647\u0630\u0627     \u0627\u0644\u0635\u0631\u0627\u062e \u0627\u0644\u0630\u064a \u064a\u0645\u0632\u0642 \u0627\u0644\u0623\u0628\u064a\u0636 \u0648\u0627\u0644\u0623\u0633\u0648\u062f<\/span><\/font><\/b><font face=\"Arial\" size=\"2\"><span dir=\"rtl\" lang=\"AR-SA\">&#8230;  <\/span><\/font><\/p>\n<\/div>\n<p> <\/font><\/span><font face=\"Arial\" size=\"2\"> <span dir=\"rtl\" lang=\"AR-SA\"> <\/p>\n<li>\n<p align=\"left\"> <a href=\"http:\/\/elkhadra.over-blog.com\/article-12836474.html\" onclick=\"return top.js.OpenExtLink(window,event,this)\" target=\"_blank\" rel=\"noopener\">  Notre peine est un grand cri<\/a><\/p>\n<\/li>\n<p><\/span><\/font><span dir=\"rtl\" lang=\"AR-SA\"><font face=\"Arial\" size=\"2\">   (04\/10\/2007<\/font><\/span><span dir=\"rtl\" lang=\"AR-SA\"><font face=\"Arial\" size=\"2\">   ) \u00a0  <\/font><\/span> <span dir=\"rtl\" lang=\"AR-SA\"> <font face=\"Arial\" size=\"2\"> <\/p>\n<div>\n<p align=\"left\">L&rsquo;accalmie post-\u00e9lectorale aura \u00e9t\u00e9 de courte dur\u00e9e. En se     d\u00e9clarant tous deux favorables \u00e0 l&rsquo;abolition de l&rsquo;interdiction faite aux     \u00e9tudiantes de porter le foulard islamique dans les universit\u00e9s, le premier     ministre Recep Tayyip Erdogan et le pr\u00e9sident de la R\u00e9publique, Abdullah<span dir=\"rtl\" lang=\"AR-SA\"><font face=\"Arial\" size=\"2\">&#8230;  <\/font><\/span><\/p>\n<\/div>\n<li>\n<p align=\"left\"> <a href=\"http:\/\/elkhadra.over-blog.com\/article-12835347.html\" onclick=\"return top.js.OpenExtLink(window,event,this)\" target=\"_blank\" rel=\"noopener\">  Les \u00ab diff\u00e9rences culturelles \u00bb peuvent-elles excuser le sexisme ?<\/a>   (04\/10\/2007 ) \u00a0<\/p>\n<\/li>\n<p><\/font><\/span> <span dir=\"rtl\" lang=\"AR-SA\"> <font face=\"Arial\" size=\"2\"> <\/p>\n<div>\n<p align=\"left\">Les \u00ab diff\u00e9rences culturelles \u00bb peuvent-elles excuser le     sexisme ?\u00a0 \u00a0 \u00a0 Par Janine Booth L\u2019AWL est une organisation socialiste[1].     Nous faisons partie de \u00ab la gauche \u00bb. Cela signifie que nous soutenons     inconditionnellement les droits, les libert\u00e9s et l\u2019\u00e9galit\u00e9 des<span dir=\"rtl\" lang=\"AR-SA\"><font face=\"Arial\" size=\"2\">&#8230;  <\/font><\/span><\/p>\n<\/div>\n<li> <a href=\"http:\/\/elkhadra.over-blog.com\/article-12820933.html\" onclick=\"return top.js.OpenExtLink(window,event,this)\" target=\"_blank\" rel=\"noopener\"> <script><!--D([\"mb\",\"Honte d&#39;ITTAJDID\\u003c\/a\\>\\n\\t\\t\\t\\t\\t\\t(\\u003cspan\\>04\/10\/2007\\u003c\/span\\>\\n\\t\\t\\t\\t\\t\\t)\\u003cbr\\>\\n\\t\\t\\t\\t\\t\\t \\u003cdiv\\> \\n\\t\\t\\t\\t\\t\\t\\t\\n    \\n  \\n  \\n  Liban : le PC, la r\u00e9sistance et le Hezbollah\\n  Khaled Hadadeh \u00a0\u00a0\u00a0\u00a0\\n  \u00a0\\n  \\n  &quot;La r\u00e9sistance fait partie de notre culture et de notre histoire.&quot;\\n  Interview de Khaled Hadadeh, secr\u00e9taire g\u00e9n\u00e9ral du PCL, parti communiste libanais\\n  par Chris Den Hond, Mireille...\\t\\t\\t\\t\\t\\t\\t\\n\\t\\t\\t\\t\\t\\t \\u003c\/div\\>\\n\\t\\t\\t\\t\\t\\u003c\/li\\>\\u003cli\\>\\n\\t\\t\\t\\t\\t\\t\\u003ca href\\u003d\\\"http:\/\/elkhadra.over-blog.com\/article-12816961.html\\\" target\\u003d\\\"_blank\\\" onclick\\u003d\\\"return top.js.OpenExtLink(window,event,this)\\\"\\>SAGA AFRICA\\u003c\/a\\>\\n\\t\\t\\t\\t\\t\\t(\\u003cspan\\>03\/10\/2007\\u003c\/span\\>\\n\\t\\t\\t\\t\\t\\t)\\u003cbr\\>\\n\\t\\t\\t\\t\\t\\t \\u003cdiv\\>\\nUn espoir s\u2019envole ETATS-UNIS \u00a0par HENRI MARQUE Le laboratoire Merck\\nmet fin \u00e0 l\u2019exp\u00e9rimentation du vaccin \u00ab V520 \u00bb. La d\u00e9cision du\\nlaboratoire am\u00e9ricain Merck d\u2019arr\u00eater l\u2019essai clinique international de\\nson vaccin antisida \u00ab V520 \u00bb a brutalement mis fin \u00e0 l\u2019espoir... \\n\\t\\t\\t\\t\\t\\t \\u003c\/div\\>\\n\\t\\t\\t\\t\\t\\u003c\/li\\>\\u003cli\\>\\n\\t\\t\\t\\t\\t\\t\\u003ca href\\u003d\\\"http:\/\/elkhadra.over-blog.com\/article-12814954.html\\\" target\\u003d\\\"_blank\\\" onclick\\u003d\\\"return top.js.OpenExtLink(window,event,this)\\\"\\>CHRONIQUES ORIENTALES.\\u003c\/a\\>\\n\\t\\t\\t\\t\\t\\t(\\u003cspan\\>03\/10\/2007\\u003c\/span\\>\\n\\t\\t\\t\\t\\t\\t)\\u003cbr\\>\\n\\t\\t\\t\\t\\t\\t \\u003cdiv\\>\\n\u00a0\u00a0\u00a0 Egypte : une R\u00e9volution prol\u00e9taire ? par Barah MIKA\u00cfL (IRIS) Il y a\\ncinq jours, plusieurs milliers d\u2019ouvriers de l\u2019entreprise de filature\\net de tissage Ghazl al-Mahalla sont entr\u00e9s en gr\u00e8ve. Leurs requ\u00eates\\nsont multiples : revendication d\u2019une augmentation de... \\n\\t\\t\\t\\t\\t\\t \\u003c\/div\\>\\n\\t\\t\\t\\t\\t\\u003c\/li\\>\\u003cli\\>\\n\\t\\t\\t\\t\\t\\t\\u003ca href\\u003d\\\"http:\/\/elkhadra.over-blog.com\/article-12795699.html\\\" target\\u003d\\\"_blank\\\" onclick\\u003d\\\"return top.js.OpenExtLink(window,event,this)\\\"\\>Le fardeau de J\u00e9rusalem\\u003c\/a\\>\\n\\t\\t\\t\\t\\t\\t(\\u003cspan\\>03\/10\/2007\\u003c\/span\\>\\n\\t\\t\\t\\t\\t\\t)\\u003cbr\\>\\n\\t\\t\\t\\t\\t\\t \\u003cdiv\\>\\nLe fardeau de J\u00e9rusalem Envoi de Syrine Ce po\u00e8me presque inconnu de\\nKipling a r\u00e9cemment refait surface. Il semble avoir \u00e9t\u00e9 compos\u00e9 apr\u00e8s\\n1930, alors que le probl\u00e8me de la Palestine s\u2019aggravait rapidement\\n(voir Harry Ricketts, Rudyard Kipling : A Life, 2000). Apr\u00e8s la mort...\\n\\n\\t\\t\\t\\t\\t\\t \\u003c\/div\\>\\n\\t\\t\\t\\t\\t\\u003c\/li\\>\\u003cli\\>\\n\\t\\t\\t\\t\\t\\t\\u003ca href\\u003d\\\"http:\/\/elkhadra.over-blog.com\/article-12795243.html\\\" target\\u003d\\\"_blank\\\" onclick\\u003d\\\"return top.js.OpenExtLink(window,event,this)\\\"\\>\",1]);\/\/--><\/script>\n<p align=\"left\">Honte d&rsquo;ITTAJDID<\/p>\n<p><\/a> (04\/10\/2007 ) \u00a0  <\/li>\n<p><\/font><\/span> <span dir=\"rtl\" lang=\"AR-SA\"> <font face=\"Arial\" size=\"2\"> <\/p>\n<div>\n<p align=\"left\">Liban : le PC, la r\u00e9sistance et le Hezbollah Khaled Hadadeh     \u00a0\u00a0\u00a0\u00a0 \u00a0 \u00ab\u00a0La r\u00e9sistance fait partie de notre culture et de notre histoire.\u00a0\u00bb     Interview de Khaled Hadadeh, secr\u00e9taire g\u00e9n\u00e9ral du PCL, parti communiste     libanais par Chris Den Hond, Mireille<span dir=\"rtl\" lang=\"AR-SA\"><font face=\"Arial\" size=\"2\">&#8230;  <\/font><\/span><\/p>\n<\/div>\n<li>\n<p align=\"left\"> <a href=\"http:\/\/elkhadra.over-blog.com\/article-12816961.html\" onclick=\"return top.js.OpenExtLink(window,event,this)\" target=\"_blank\" rel=\"noopener\">  SAGA AFRICA<\/a> (03\/10\/2007 ) \u00a0<\/p>\n<\/li>\n<p><\/font><\/span> <span dir=\"rtl\" lang=\"AR-SA\"> <font face=\"Arial\" size=\"2\"> <\/p>\n<div>\n<p align=\"left\">Un espoir s\u2019envole ETATS-UNIS \u00a0par HENRI MARQUE Le     laboratoire Merck met fin \u00e0 l\u2019exp\u00e9rimentation du vaccin \u00ab V520 \u00bb. La     d\u00e9cision du laboratoire am\u00e9ricain Merck d\u2019arr\u00eater l\u2019essai clinique     international de son vaccin antisida \u00ab V520 \u00bb a brutalement mis fin \u00e0     l\u2019espoir<span dir=\"rtl\" lang=\"AR-SA\"><font face=\"Arial\" size=\"2\">&#8230;  <\/font><\/span><\/p>\n<\/div>\n<li>\n<p align=\"left\"> <a href=\"http:\/\/elkhadra.over-blog.com\/article-12814954.html\" onclick=\"return top.js.OpenExtLink(window,event,this)\" target=\"_blank\" rel=\"noopener\">  CHRONIQUES ORIENTALES.<\/a> (03\/10\/2007 ) \u00a0<\/p>\n<\/li>\n<p><\/font><\/span> <span dir=\"rtl\" lang=\"AR-SA\"> <font face=\"Arial\" size=\"2\"> <\/p>\n<div>\n<p align=\"left\">\u00a0\u00a0\u00a0 Egypte : une R\u00e9volution prol\u00e9taire ? par Barah MIKA\u00cfL     (IRIS) Il y a cinq jours, plusieurs milliers d\u2019ouvriers de l\u2019entreprise de     filature et de tissage Ghazl al-Mahalla sont entr\u00e9s en gr\u00e8ve. Leurs requ\u00eates     sont multiples : revendication d\u2019une augmentation de<span dir=\"rtl\" lang=\"AR-SA\"><font face=\"Arial\" size=\"2\">&#8230;  <\/font><\/span><\/p>\n<\/div>\n<li>\n<p align=\"left\"> <a href=\"http:\/\/elkhadra.over-blog.com\/article-12795699.html\" onclick=\"return top.js.OpenExtLink(window,event,this)\" target=\"_blank\" rel=\"noopener\">  Le fardeau de J\u00e9rusalem<\/a> (03\/10\/2007 ) \u00a0<\/p>\n<\/li>\n<p><\/font><\/span> <span dir=\"rtl\" lang=\"AR-SA\"> <font face=\"Arial\" size=\"2\"> <\/p>\n<div>\n<p align=\"left\">Le fardeau de J\u00e9rusalem Envoi de Syrine Ce po\u00e8me presque     inconnu de Kipling a r\u00e9cemment refait surface. Il semble avoir \u00e9t\u00e9 compos\u00e9     apr\u00e8s 1930, alors que le probl\u00e8me de la Palestine s\u2019aggravait rapidement     (voir Harry Ricketts, Rudyard Kipling : A Life, 2000). Apr\u00e8s la mort<span dir=\"rtl\" lang=\"AR-SA\"><font face=\"Arial\" size=\"2\">&#8230;  <\/font><\/span><\/p>\n<\/div>\n<li> <a href=\"http:\/\/elkhadra.over-blog.com\/article-12795243.html\" onclick=\"return top.js.OpenExtLink(window,event,this)\" target=\"_blank\" rel=\"noopener\"> <script><!--D([\"mb\",\"LA TOILE SIONISTE.\\u003c\/a\\>\\n\\t\\t\\t\\t\\t\\t(\\u003cspan\\>03\/10\/2007\\u003c\/span\\>\\n\\t\\t\\t\\t\\t\\t\\t\\t\\t\\t\\t\\t\\t \\u003cspan\\> publi\u00e9 dans :\\t\\t\\t\\t\\t\\t\\t\\t\\u003ca href\\u003d\\\"http:\/\/elkhadra.over-blog.com\/categorie-165787.html\\\" target\\u003d\\\"_blank\\\" onclick\\u003d\\\"return top.js.OpenExtLink(window,event,this)\\\"\\>elkhadra\\u003c\/a\\>\\n\\t\\t\\t\\t\\t\\t\\t \\u003c\/span\\>\\n\\t\\t\\t\\t\\t\\t )\\u003cbr\\>\\n\\t\\t\\t\\t\\t\\t \\u003cdiv\\>\\nLe lobby pro-isra\u00e9lien et la politique \u00e9trang\u00e8re am\u00e9ricaine - John J.\\nMearsheimer, Stephen M. Walt (Traduit de l\u2019am\u00e9ricain par Nicolas\\nGuilhot, Laure Manceau, Nadia Marzouki et Marc Saint-Up\u00e9ry) - La\\nD\u00e9couverte, Paris, 2007 - 504 p., 20 \u20ac Analyse : le perdant\\nincontestable de la... \\n\\t\\t\\t\\t\\t\\t \\u003c\/div\\>\\n\\t\\t\\t\\t\\t\\u003c\/li\\>\\u003cli\\>\\n\\t\\t\\t\\t\\t\\t\\u003ca href\\u003d\\\"http:\/\/elkhadra.over-blog.com\/article-12780830.html\\\" target\\u003d\\\"_blank\\\" onclick\\u003d\\\"return top.js.OpenExtLink(window,event,this)\\\"\\>Tunisia\\u003c\/a\\>\\n\\t\\t\\t\\t\\t\\t(\\u003cspan\\>02\/10\/2007\\u003c\/span\\>\\n\\t\\t\\t\\t\\t\\t)\\u003cbr\\>\\n\\t\\t\\t\\t\\t\\t \\u003cdiv\\>\\nTunisia Tunisia has a strong sense of national pride- due in part, no\\ndoubt, to its proud history of resilience in the face of persistent\\nthreats over the centuries from invaders such as European tribe the\\nVandals and, in the late 16th century, pirates who used it as a... \\n\\t\\t\\t\\t\\t\\t \\u003c\/div\\>\\n\\t\\t\\t\\t\\t\\u003c\/li\\>\\u003cli\\>\\n\\t\\t\\t\\t\\t\\t\\u003ca href\\u003d\\\"http:\/\/elkhadra.over-blog.com\/article-12780396.html\\\" target\\u003d\\\"_blank\\\" onclick\\u003d\\\"return top.js.OpenExtLink(window,event,this)\\\"\\>Tunisie: Rapport de la Banque centrale\\u003c\/a\\>\\n\\t\\t\\t\\t\\t\\t(\\u003cspan\\>02\/10\/2007\\u003c\/span\\>\\n\\t\\t\\t\\t\\t\\t)\\u003cbr\\>\\n\\t\\t\\t\\t\\t\\t \\u003cdiv\\>\\nTunisie: Rapport de la Banque centrale \u00a0\u00a0\u00a0 2 October 2007 (Scroll down\\nto access the English version). Dans le rapport annuel de la Banque\\ncentrale pr\u00e9sent\u00e9 au gouvernement tunisien d\u00e9but septembre, Taoufik\\nBaccar, gouverneur de la Banque centrale, a fait... \\n\\t\\t\\t\\t\\t\\t \\u003c\/div\\>\\n\\t\\t\\t\\t\\t\\u003c\/li\\>\\u003cli\\>\\n\\t\\t\\t\\t\\t\\t\\u003ca href\\u003d\\\"http:\/\/elkhadra.over-blog.com\/article-12769213.html\\\" target\\u003d\\\"_blank\\\" onclick\\u003d\\\"return top.js.OpenExtLink(window,event,this)\\\"\\>Dieu que la guerre est belle !\\u003c\/a\\>\\n\\t\\t\\t\\t\\t\\t(\\u003cspan\\>02\/10\/2007\\u003c\/span\\>\\n\\t\\t\\t\\t\\t\\t)\\u003cbr\\>\\n\\t\\t\\t\\t\\t\\t \\u003cdiv\\>\\nDieu que la guerre est belle\u00a0! Par Jaafar Abassi \u00a0 Ce titre provocateur\\n\u2013 tir\u00e9 d\u2019un vers d\u2019Arthur Rimbaud \u2013 me para\u00eet appropri\u00e9 \u00e0 la r\u00e9cente\\nd\u00e9claration intempestive de Bernard Kouchner sur l\u2019\u00e9ventualit\u00e9 d\u2019une\\nguerre avec...\",1]);\/\/--><\/script>\n<p align=\"left\">LA TOILE SIONISTE.<\/p>\n<p><\/a> (03\/10\/2007 publi\u00e9 dans :  <a href=\"http:\/\/elkhadra.over-blog.com\/categorie-165787.html\" onclick=\"return top.js.OpenExtLink(window,event,this)\" target=\"_blank\" rel=\"noopener\">  elkhadra<\/a> ) \u00a0  <\/p>\n<div>\n<p align=\"left\">L<span dir=\"rtl\" lang=\"AR-SA\"><font face=\"Arial\" size=\"2\">e     lobby pro-isra\u00e9lien et la politique \u00e9trang\u00e8re am\u00e9ricaine &#8211; John J.     Mearsheimer, Stephen M. Walt (Traduit de l\u2019am\u00e9ricain par Nicolas Guilhot,     Laure Manceau, Nadia Marzouki et Marc Saint-Up\u00e9ry) &#8211; La D\u00e9couverte, Paris,     2007 &#8211; 504 p., 20 \u20ac Analyse : le perdant incontestable de la<\/font><\/span><span dir=\"rtl\" lang=\"AR-SA\"><font face=\"Arial\" size=\"2\">&#8230;  <\/font><\/span><\/p>\n<\/div>\n<\/li>\n<li>\n<p align=\"left\"> <a href=\"http:\/\/elkhadra.over-blog.com\/article-12780830.html\" onclick=\"return top.js.OpenExtLink(window,event,this)\" target=\"_blank\" rel=\"noopener\">  Tunisia<\/a> (02\/10\/2007 ) \u00a0<\/p>\n<\/li>\n<p><\/font><\/span> <span dir=\"rtl\" lang=\"AR-SA\"> <font face=\"Arial\" size=\"2\"> <\/p>\n<div>\n<p align=\"left\">Tunisia Tunisia has a strong sense of national pride- due in     part, no doubt, to its proud history of resilience in the face of persistent     threats over the centuries from invaders such as European tribe the Vandals     and, in the late 16th century, pirates who used it as a<span dir=\"rtl\" lang=\"AR-SA\"><font face=\"Arial\" size=\"2\">&#8230;  <\/font><\/span><\/p>\n<\/div>\n<li>\n<p align=\"left\"> <a href=\"http:\/\/elkhadra.over-blog.com\/article-12780396.html\" onclick=\"return top.js.OpenExtLink(window,event,this)\" target=\"_blank\" rel=\"noopener\">  Tunisie: Rapport de la Banque centrale<\/a> (02\/10\/2007 ) \u00a0<\/p>\n<\/li>\n<p><\/font><\/span> <span dir=\"rtl\" lang=\"AR-SA\"> <font face=\"Arial\" size=\"2\"> <\/p>\n<div>\n<p align=\"left\">Tunisie: Rapport de la Banque centrale \u00a0\u00a0\u00a0 2 October 2007     (Scroll down to access the English version). Dans le rapport annuel de la     Banque centrale pr\u00e9sent\u00e9 au gouvernement tunisien d\u00e9but septembre, Taoufik     Baccar, gouverneur de la Banque centrale, a fait<span dir=\"rtl\" lang=\"AR-SA\"><font face=\"Arial\" size=\"2\">&#8230;  <\/font><\/span><\/p>\n<\/div>\n<li>\n<p align=\"left\"> <a href=\"http:\/\/elkhadra.over-blog.com\/article-12769213.html\" onclick=\"return top.js.OpenExtLink(window,event,this)\" target=\"_blank\" rel=\"noopener\">  Dieu que la guerre est belle !<\/a> (02\/10\/2007 ) \u00a0<\/p>\n<\/li>\n<p><\/font><\/span> <span dir=\"rtl\" lang=\"AR-SA\"> <font face=\"Arial\" size=\"2\"> <\/p>\n<div>\n<p align=\"left\">Dieu que la guerre est belle\u00a0! Par Jaafar Abassi \u00a0 Ce titre     provocateur \u2013 tir\u00e9 d\u2019un vers d\u2019Arthur Rimbaud \u2013 me para\u00eet appropri\u00e9 \u00e0 la     r\u00e9cente d\u00e9claration intempestive de Bernard Kouchner sur l\u2019\u00e9ventualit\u00e9 d\u2019une     guerre avec<span dir=\"rtl\" lang=\"AR-SA\"><font face=\"Arial\" size=\"2\">&#8230;    <script><!--D([\"mb\",\"\\u003c\/div\\>\\u003c\/li\\>\\u003c\/ul\\>\\u003cbr\\>\\u003chr\\>D\u00e9couvrez Windows Live Spaces et cr\u00e9ez votre site Web perso en quelques clics ! \\u003ca href\\u003d\\\"http:\/\/spaces.live.com\/signup.aspx\\\" target\\u003d\\\"_blank\\\" onclick\\u003d\\\"return top.js.OpenExtLink(window,event,this)\\\"\\>Essayez !\\u003c\/a\\>\\u003c\/div\\>\\n\",0]);D([\"ce\"]);\/\/--><\/script> <\/font><\/span><\/p>\n<\/div>\n<p> <\/font><\/span><\/ul>\n<p align=\"center\" dir=\"ltr\">\u00a0<\/p>\n<hr\/>\n<p align=\"center\">\u00a0<\/p>\n<p align=\"center\"><b><a href=\"http:\/\/www.tunisnews.net\"><span>Home<\/span><span lang=\"FR-CH\"> &#8211; Accueil <\/span><span>&#8211; <\/span><span dir=\"rtl\" lang=\"AR-SA\">\u0627\u0644\u0631\u0626\u064a\u0633\u064a\u0629<\/span><\/a><\/b><\/p>\n<p align=\"center\"><b><span dir=\"rtl\" lang=\"AR-SA\">\u00a0<\/span><\/b><\/p>\n<p><\/body><\/body><\/html><\/p>\n","protected":false},"excerpt":{"rendered":"<p>Home &#8211; Accueil &#8211; \u00a0 TUNISNEWS 8\u00a0\u00e8me\u00a0ann\u00e9e, N\u00b0\u00a02701 du 14.10.2007 \u00a0archives : www.tunisnews.net Libert\u00e9 et Equit\u00e9: Communiqu\u00e9 AFP: Inondations en Tunisie: treize morts, les recherches continuent \u0650AFP:Tunisie: au moins neuf morts et 9 disparus dans des inondations Reuters:Tunisia floods kill eight, 8 more missing L&rsquo;Audace:Interview exclusive avec le docteur Mustapha Ben Jaafar \u00a0 Appel de [&hellip;]<\/p>\n","protected":false},"author":1,"featured_media":22040,"comment_status":"open","ping_status":"open","sticky":false,"template":"","format":"standard","meta":{"inline_featured_image":false,"site-sidebar-layout":"default","site-content-layout":"","ast-site-content-layout":"default","site-content-style":"default","site-sidebar-style":"default","ast-global-header-display":"","ast-banner-title-visibility":"","ast-main-header-display":"","ast-hfb-above-header-display":"","ast-hfb-below-header-display":"","ast-hfb-mobile-header-display":"","site-post-title":"","ast-breadcrumbs-content":"","ast-featured-img":"","footer-sml-layout":"","ast-disable-related-posts":"","theme-transparent-header-meta":"","adv-header-id-meta":"","stick-header-meta":"","header-above-stick-meta":"","header-main-stick-meta":"","header-below-stick-meta":"","astra-migrate-meta-layouts":"default","ast-page-background-enabled":"default","ast-page-background-meta":{"desktop":{"background-color":"","background-image":"","background-repeat":"repeat","background-position":"center center","background-size":"auto","background-attachment":"scroll","background-type":"","background-media":"","overlay-type":"","overlay-color":"","overlay-opacity":"","overlay-gradient":""},"tablet":{"background-color":"","background-image":"","background-repeat":"repeat","background-position":"center center","background-size":"auto","background-attachment":"scroll","background-type":"","background-media":"","overlay-type":"","overlay-color":"","overlay-opacity":"","overlay-gradient":""},"mobile":{"background-color":"","background-image":"","background-repeat":"repeat","background-position":"center center","background-size":"auto","background-attachment":"scroll","background-type":"","background-media":"","overlay-type":"","overlay-color":"","overlay-opacity":"","overlay-gradient":""}},"ast-content-background-meta":{"desktop":{"background-color":"var(--ast-global-color-5)","background-image":"","background-repeat":"repeat","background-position":"center center","background-size":"auto","background-attachment":"scroll","background-type":"","background-media":"","overlay-type":"","overlay-color":"","overlay-opacity":"","overlay-gradient":""},"tablet":{"background-color":"var(--ast-global-color-5)","background-image":"","background-repeat":"repeat","background-position":"center center","background-size":"auto","background-attachment":"scroll","background-type":"","background-media":"","overlay-type":"","overlay-color":"","overlay-opacity":"","overlay-gradient":""},"mobile":{"background-color":"var(--ast-global-color-5)","background-image":"","background-repeat":"repeat","background-position":"center center","background-size":"auto","background-attachment":"scroll","background-type":"","background-media":"","overlay-type":"","overlay-color":"","overlay-opacity":"","overlay-gradient":""}},"footnotes":""},"categories":[],"tags":[62,38,29],"class_list":["post-18157","post","type-post","status-publish","format-standard","has-post-thumbnail","hentry","tag-62","tag-38","tag-fr"],"_links":{"self":[{"href":"https:\/\/tunisnews.net\/ar\/wp-json\/wp\/v2\/posts\/18157","targetHints":{"allow":["GET"]}}],"collection":[{"href":"https:\/\/tunisnews.net\/ar\/wp-json\/wp\/v2\/posts"}],"about":[{"href":"https:\/\/tunisnews.net\/ar\/wp-json\/wp\/v2\/types\/post"}],"author":[{"embeddable":true,"href":"https:\/\/tunisnews.net\/ar\/wp-json\/wp\/v2\/users\/1"}],"replies":[{"embeddable":true,"href":"https:\/\/tunisnews.net\/ar\/wp-json\/wp\/v2\/comments?post=18157"}],"version-history":[{"count":0,"href":"https:\/\/tunisnews.net\/ar\/wp-json\/wp\/v2\/posts\/18157\/revisions"}],"wp:featuredmedia":[{"embeddable":true,"href":"https:\/\/tunisnews.net\/ar\/wp-json\/wp\/v2\/media\/22040"}],"wp:attachment":[{"href":"https:\/\/tunisnews.net\/ar\/wp-json\/wp\/v2\/media?parent=18157"}],"wp:term":[{"taxonomy":"category","embeddable":true,"href":"https:\/\/tunisnews.net\/ar\/wp-json\/wp\/v2\/categories?post=18157"},{"taxonomy":"post_tag","embeddable":true,"href":"https:\/\/tunisnews.net\/ar\/wp-json\/wp\/v2\/tags?post=18157"}],"curies":[{"name":"wp","href":"https:\/\/api.w.org\/{rel}","templated":true}]}}