{"id":18137,"date":"2008-06-18T00:00:00","date_gmt":"2008-06-18T00:00:00","guid":{"rendered":"https:\/\/tunisnews.net\/18-juin-2008\/"},"modified":"2008-06-18T00:00:00","modified_gmt":"2008-06-18T00:00:00","slug":"18-juin-2008","status":"publish","type":"post","link":"https:\/\/tunisnews.net\/ar\/18-juin-2008\/","title":{"rendered":"18 juin 2008"},"content":{"rendered":"<p><html><head><meta content=\"text\/html\" description=\"  Le parti communiste des ouvriers de Tunisie, PCOT, informe l'opinion publique,   que son porte parole, Hamma Hammami, a \u00e9t\u00e9 attaqu\u00e9 \u00e0 coups de pierres par 4   agents de la police politique. Les faits se sont d\u00e9roul\u00e9s ce matin, vers   11h00, alors qu\u2019il quittait son domicile \u00e0 El-Manar I \u00e0 Tunis en compagnie de   sa fille Sarah, 9 ans. Les auteurs de ces actes font partie d\u2019un groupe   d\u2019agents qui le surveille en permanence. Ils l'ont \u00e9galement menac\u00e9 et injuri\u00e9,   usant de propos orduriers, en pr\u00e9sence de sa fille, avant de prendre la fuite.\" http-equiv=\"Content-Type\"\/><\/head><body><body><\/p>\n<p align=\"center\" dir=\"ltr\"><font face=\"Arial\" size=\"2\"><b><a href=\"https:\/\/tunisnews.net\/ar\/\"><span>Home<\/span><span lang=\"FR-CH\"> &#8211; Accueil <\/span><\/a><\/b><\/font><\/p>\n<div>\n<p><font face=\"Arial\" size=\"2\"><strong> <\/p>\n<div>\n<div>\n<div>\n<p><font> <\/p>\n<div align=\"center\">\n<p><font face=\"Arial\" size=\"2\"> <\/p>\n<div align=\"left\">\n<div>\n<div>  <span lang=\"FR\"> <\/p>\n<div align=\"center\" dir=\"ltr\"> <font face=\"Arial\" size=\"7\"> <span lang=\"SV\">                  TUNISNEWS<\/span> <\/font> <\/div>\n<div align=\"center\"> <font face=\"Arial\" size=\"2\">\u00a08\u00a0\u00e8me\u00a0ann\u00e9e,                  <span lang=\"FR\">N\u00b0 2948 du 18.06.2008<\/span><\/font><span><blink><font face=\"Arial\" size=\"2\">\u00a0archives                   : <\/font><a target=\"_blank\" rel=\"noopener\"> <font face=\"Arial\" size=\"2\" target=\"_blank\">                  www.tunisnews.net<\/font><\/a><\/blink><\/span><font> <\/p>\n<hr\/>\n<p><\/font> <\/div>\n<p> <\/span><\/div>\n<\/p><\/div>\n<\/p><\/div>\n<p> <\/font><\/p>\n<\/div>\n<p> <\/font><\/p>\n<\/p><\/div>\n<p> <font face=\"Arial\" size=\"2\"> <\/p>\n<div> <font> <\/p>\n<div>          \u00a0<\/div>\n<p> <\/font> <\/div>\n<p> <\/font> <\/div>\n<\/p><\/div>\n<p> <\/strong><\/font><\/p>\n<\/div>\n<div> <font face=\"Arial\" size=\"2\"><\/p>\n<p><font><strong>Le parti communiste   des ouvriers de Tunisie<\/strong>:<strong>Communiqu\u00e9:Hamma Hammami et sa fille   de 9 ans agress\u00e9s \u00e0 coups de pierres par la police politique<\/strong> <\/font><\/p>\n<p><font><strong>Parti \u00ab Tunisie Verte \u00bb<\/strong>:<strong>Apr\u00e8s   les condamnations des jeunes \u00e0 Gafsa, voil\u00e0 les jeunes de Feriana condamn\u00e9s \u00e0   des peines de prison<\/strong><\/font><\/font><\/div>\n<div>\n<h2 style=\"color: red;\"><font><strong>Question \u00e9crite de Patrick Braouezec D\u00e9put\u00e9   communiste:Gafsa:Question n\u00b0 23-24712<\/strong> <\/font><\/h2>\n<div> <strong><font>AFP:Italie: 74 clandestins secourus dans la     nuit pr\u00e8s de Lampedusa<\/font> <\/p>\n<div>\n<h2 style=\"color: red;\"><font>AFP:L&rsquo;Union pour la M\u00e9diterran\u00e9e toujours dans les       difficult\u00e9s<\/font><\/h2>\n<div>        \u00a0<\/div>\n<\/p><\/div>\n<p> <\/strong> <\/div>\n<\/div>\n<div>\n<hr\/>\n<\/div>\n<div align=\"center\"> <strong><\/p>\n<p><font><font>Le parti communiste des   ouvriers de Tunisie<\/font>   Communiqu\u00e9   Le porte parole du PCOT Hamma Hammami et sa fille de 9 ans agress\u00e9s \u00e0 coups de   pierres par la police politique<\/font><\/p>\n<p><\/strong><\/div>\n<div>  \u00a0<\/div>\n<div>     Le parti communiste des ouvriers de Tunisie, PCOT, informe l&rsquo;opinion publique,   que son porte parole, Hamma Hammami, a \u00e9t\u00e9 attaqu\u00e9 \u00e0 coups de pierres par 4   agents de la police politique. Les faits se sont d\u00e9roul\u00e9s ce matin, vers   11h00, alors qu\u2019il quittait son domicile \u00e0 El-Manar I \u00e0 Tunis en compagnie de   sa fille Sarah, 9 ans. Les auteurs de ces actes font partie d\u2019un groupe   d\u2019agents qui le surveille en permanence. Ils l&rsquo;ont \u00e9galement menac\u00e9 et injuri\u00e9,   usant de propos orduriers, en pr\u00e9sence de sa fille, avant de prendre la fuite.   Depuis environ deux semaines, une dizaine d&rsquo;agents de la police politique   surveillent quotidiennement l&rsquo;entr\u00e9e de la cit\u00e9 o\u00f9 habitent Hamma Hammami et   son \u00e9pouse, l&rsquo;avocate et militante des droits humains Radhia Nasraoui. La   semaine derni\u00e8re, il a re\u00e7u plusieurs coups de fil anonymes provenant de   cabines t\u00e9l\u00e9phoniques. L\u2019auteur des coups de fil l&rsquo;a couvert d&rsquo;injures et de   menaces, lui a demand\u00e9 de ne plus se m\u00ealer de ce qui se passe \u00e0 Redeyef et au   bassin minier de Gafsa.   Ces agissements criminels se produisent au moment o\u00f9 une r\u00e9pression g\u00e9n\u00e9rale   s&rsquo;abat sur le peuple tunisien. Elle vise surtout \u00e0 faire taire la contestation   sociale dans le bassin minier au sud-ouest et \u00e0 F\u00e9riana au centre-ouest du   pays. Le but \u00e9tant d\u2019emp\u00eacher toute action de solidarit\u00e9 avec les victimes de   cette r\u00e9pression.   A bout de souffle, le r\u00e9gime dictatorial du g\u00e9n\u00e9ral Ben Ali montre \u00e0 nouveau   son incapacit\u00e9 \u00e0 faire face aux revendications sociales et politiques du   peuple tunisien.   Le tout s\u00e9curitaire, l\u2019usage de balles r\u00e9elles \u00e0 l\u2019encontre de manifestants   pacifiques, demeure sa seule r\u00e9ponse aux revendications de la population.   Cette politique r\u00e9pressive ne fait plus peur, surtout \u00e0 une jeunesse qui se   dresse de plus en plus pour d\u00e9fendre son droit \u00e0 l\u2019emploi, \u00e0 la libert\u00e9 et \u00e0   la dignit\u00e9.   Le PCOT, tout en condamnant \u00e9nergiquement l\u2019agression perp\u00e9tr\u00e9e \u00e0 l\u2019encontre   de son porte parole, appelle toutes les forces d\u00e9mocratiques et l\u2019ensemble du   peuple tunisien \u00e0 s\u2019unir pour faire face \u00e0 la fascisation accrue de la vie   politique et \u00e0 la recrudescence des agressions physiques, des arrestations   arbitraires, de la torture et des proc\u00e8s iniques.   Tunis, le 17 juin 2008 \u00a0<\/div>\n<div>\n<hr\/>\n<\/div>\n<div align=\"center\"> <strong><font>Parti \u00ab Tunisie Verte \u00bb   Tunis le 17 Juin 2008<\/font> <\/p>\n<p><font>Apr\u00e8s les condamnations des jeunes \u00e0 Gafsa,    voil\u00e0 les jeunes de Feriana condamn\u00e9s \u00e0 des peines de prison<\/font><\/p>\n<p><\/strong><\/div>\n<div>  \u00a0<\/div>\n<div>     \u00a0Le Gouvernement tunisien a plac\u00e9 l\u2019ann\u00e9e 2008 \u00ab ann\u00e9e du dialogue avec les   jeunes \u00bb par l\u2019interm\u00e9diaire d\u2019Internet et vient de cr\u00e9er une nouvelle forme   de dialogue avec les jeunes 2008 en condamnant les jeunes de Feriana, apr\u00e8s   ceux de Gafsa \u00e0 des peines de prison pour avoir demand\u00e9 le droit de travailler,   le droit d\u2019acc\u00e9der \u00e0 la sant\u00e9 et le droit de vivre.   \u00a0   Liste des condamn\u00e9s \u00e0 un an de prison ferme : (moyenne d\u2019\u00e2ge de 19 \u00e0 21 ans)   <strong><font>\u00d8\u00a0\u00a0\u00a0\u00a0 Nourredine Rhimi   \u00d8\u00a0\u00a0\u00a0\u00a0 Mohamed Ouajdi Saadaoui   \u00d8\u00a0\u00a0\u00a0\u00a0 Mohamed Salah Tlili   \u00d8\u00a0\u00a0\u00a0\u00a0 Sofiane Ltifi   <\/font><\/strong>\u00a0   Liste des jeunes en instance de jugement :   <strong><font>\u00d8\u00a0\u00a0\u00a0\u00a0 Abdessatr Alidi (Ma\u00eetrise Beaux-arts)   \u00d8\u00a0\u00a0\u00a0\u00a0 Thamer Saadoui (Ma\u00eetrise Histoire)   \u00d8\u00a0\u00a0\u00a0\u00a0 Farouk Kachbouri   \u00d8\u00a0\u00a0\u00a0\u00a0 Mohamed Thamer Touati    <\/font><\/strong>\u00a0   <strong><font>Abdelkader Zitouni<\/font><\/strong> <strong>Coordinateur National du parti \u00ab Tunisie Verte \u00bb   membre du Parti Vert Europ\u00e9en,   membre de la f\u00e9d\u00e9ration des verts africains,   membre de \u00ab\u00a0Global Greens\u00a0\u00bb.   E- mail : tunisie.verte@gmail.com   Tel : +.216.98.510.596   Fax : +.216.71.750.907<\/strong><\/div>\n<div>  \u00a0<\/div>\n<div>\n<hr\/>\n<\/div>\n<div>\n<div align=\"center\"> <strong><font>R\u00e9publique Fran\u00e7aise     Assembl\u00e9e Nationale     <font>Question \u00e9crite de Patrick Braouezec     D\u00e9put\u00e9 communiste.     <\/font><\/font><\/p>\n<h2 style=\"color: red;\"><font>Gafsa     Question n\u00b0 23-24712<\/font><\/h2>\n<p><\/strong> <\/div>\n<div>         M. Patrick Braouezec attire l&rsquo;attention de Mme la secr\u00e9taire d&rsquo;\u00c9tat\u00a0 charg\u00e9e     des affaires \u00e9trang\u00e8res et des droits de l&rsquo;homme sur la\u00a0 situation dans la     r\u00e9gion du bassin minier de Gafsa en Tunisie. Le\u00a0 mouvement, portant au     d\u00e9part sur le droit au travail et sur les\u00a0 conditions d&#8217;embauche et d&#8217;emploi,     a \u00e9volu\u00e9 en posant dans sa globalit\u00e9\u00a0 la question sociale dans une r\u00e9gion     frapp\u00e9e par le ch\u00f4mage et la\u00a0 pauvret\u00e9. Les travailleurs du bassin minier     qui ont exprim\u00e9 leurs\u00a0 revendications de mani\u00e8re pacifique ont \u00e9t\u00e9 r\u00e9prim\u00e9s     et arr\u00eat\u00e9s en\u00a0 violation flagrante des droits de l&rsquo;homme et des droits des\u00a0     travailleurs garantis par les trait\u00e9s internationaux et les normes\u00a0     internationales du travail de l&rsquo;OIT. Au moment o\u00f9 le Pr\u00e9sident de la\u00a0     R\u00e9publique veut instaurer l&rsquo;Union m\u00e9diterran\u00e9enne et que, pour ce\u00a0 faire,     une r\u00e9union de l&rsquo;ensemble des chefs d&rsquo;Etat concern\u00e9s, il est\u00a0 indispensable     que la coop\u00e9ration soit bas\u00e9e sur le respect des droits\u00a0 fondamentaux de     l&rsquo;ensemble des citoyens des pays riverains \u00e0 la\u00a0 M\u00e9diterrann\u00e9e, ainsi     d&rsquo;ailleurs que le pr\u00e9voit les accords\u00a0 d&rsquo;association. En cons\u00e9quence, il     aimerait savoir ce que le\u00a0 gouvernement compte faire pour inciter les     autorit\u00e9s tunisiennes \u00e0\u00a0 respecter les droits de l&rsquo;homme et les droits des     travailleurs.          <strong><font>collaboratrice parlementaire de Patrick     Braouezec     d\u00e9put\u00e9 de la Seine-Saint-Denis<\/font><\/strong><\/div>\n<\/div>\n<div>  \u00a0<\/div>\n<div> <strong><\/p>\n<hr\/>\n<p><\/strong><\/div>\n<div align=\"center\"> <strong><\/p>\n<h2 style=\"color: red;\"><font><font>AFP, le 18 juin 2008 \u00e0   10h26   <\/font>Italie: 74 clandestins secourus dans la nuit pr\u00e8s de Lampedusa<\/font><\/h2>\n<p><\/strong><\/div>\n<div>  \u00a0<\/div>\n<div> <strong><font>ROME, 18 juin 2008 (AFP) &#8211;<\/font><\/strong>   Soixante-douze hommes et deux femmes ont \u00e9t\u00e9 secourus au large de l&rsquo;\u00eele   italienne de Lampedusa par un navire de la marine militaire dans la nuit de   mardi \u00e0 mercredi, a   annonc\u00e9 un responsable des gardes-c\u00f4tes \u00e0 l&rsquo;AFP. Les immigrants clandestins,   qui voyageaient sur un canot pneumatique, ont \u00e9t\u00e9 recueillis par un navire de   la marine militaire vers 01H30 (23H30 GMT), avant d&rsquo;\u00eatre r\u00e9cup\u00e9r\u00e9s par les   gardes c\u00f4tes puis ramen\u00e9s \u00e0 Lampedusa.   Tous sont en \u00ab\u00a0bonne sant\u00e9\u00a0\u00bb, selon la m\u00eame source. Leur nationalit\u00e9 n&rsquo;est pas   encore connue. Ces derni\u00e8res arriv\u00e9es portent le total des d\u00e9barquements des   trois derniers jours \u00e0 Lampedusa \u00e0 pr\u00e8s de 750 immigrants clandestins, d&rsquo;apr\u00e8s   les chiffres communiqu\u00e9s par les diff\u00e9rents services de secours, dont beaucoup   de Somaliens et de Nig\u00e9rians. L&rsquo;\u00eele italienne est situ\u00e9e \u00e0 200 km de la Sicile   et \u00e0 115 km des   c\u00f4tes de la Tunisie.   Le centre d&rsquo;accueil de Lampedusa est r\u00e9guli\u00e8rement d\u00e9bord\u00e9 pendant l&rsquo;\u00e9t\u00e9 par   les flux de clandestins qui traversent la M\u00e9diterran\u00e9e pour rejoindre l&rsquo;Europe.      <strong><font>AFP<\/font><\/strong><\/div>\n<div>\n<hr\/>\n<\/div>\n<div align=\"center\"> <strong><font>AFP, le 13 juin 2008 \u00e0 16h18   <\/font><\/p>\n<h2 style=\"color: red;\"><font>L&rsquo;Union pour la M\u00e9diterran\u00e9e toujours dans les   difficult\u00e9s<\/font><\/h2>\n<p><\/strong><\/div>\n<div>  \u00a0<\/div>\n<div> <strong><font>Par Philippe ALFROY<\/font><\/strong>      PARIS, 13 juin 2008 (AFP) &#8211; A un mois de son coup d&rsquo;envoi au sommet de Paris,   le projet d&rsquo;Union pour la M\u00e9diterran\u00e9e (UPM) voulu par le pr\u00e9sident fran\u00e7ais   Nicolas Sarkozy continue de susciter la controverse, secou\u00e9 par le rejet du   dirigeant libyen MouammarKadhafi et les h\u00e9sitations de la Turquie.   Longtemps, les critiques adress\u00e9es \u00e0 l&rsquo;initiative fran\u00e7aise sontvenues du   Nord, notamment de la chanceli\u00e8re allemande Angela Merkel qui y voyait un   ferment de division entre les pays de l&rsquo;Union europ\u00e9enne (UE) riverains de la   M\u00e9diterran\u00e9e et leurs alli\u00e9s \u00ab\u00a0nordistes\u00a0\u00bb.   En acceptant d&rsquo;y associer tous ses partenaires europ\u00e9ens, Paris a finalement   r\u00e9ussi en mars \u00e0 rallier Bruxelles \u00e0 une version amend\u00e9e de son projet, sorte   de version am\u00e9lior\u00e9e de l&rsquo;actuel et peu efficace processus de Barcelone. Mais   depuis quelques semaines, un nouveau vent de fronde s&rsquo;est lev\u00e9 contre l&rsquo;UPM,   cette fois enprovenance des pays du Sud.   La semaine derni\u00e8re, les pays arabes ont profit\u00e9 d&rsquo;une r\u00e9uniondu Forum de la   M\u00e9diterran\u00e9e \u00e0 Alger pour demander des\u00a0\u00bbclarifications sur les cons\u00e9quences\u00a0\u00bb de   l&rsquo;entr\u00e9e d&rsquo;Isra\u00ebl dans la future Union.   La deuxi\u00e8me salve est venue mardi du colonel Kadhafi, qui n&rsquo;a pas h\u00e9sit\u00e9 \u00e0   dire publiquement tout le mal qu&rsquo;il pensait du projet de son \u00ab\u00a0ami\u00a0\u00bb Nicolas   Sarkozy. \u00ab\u00a0Nous ne prendrons en aucun cas le risque de d\u00e9chirer l&rsquo;unit\u00e9 arabe   ou africaine\u00a0\u00bb, a lanc\u00e9 le dirigeant libyen, d\u00e9non\u00e7ant l&rsquo;UPM comme \u00ab\u00a0un app\u00e2t\u00a0\u00bb   ou \u00ab\u00a0une forme d&rsquo;humiliation\u00a0\u00bb.   Malgr\u00e9 la sortie virulente du \u00ab\u00a0Guide\u00a0\u00bb libyen, Paris assure ne pas craindre de   vague anti-UPM de la part de ses alli\u00e9s arabes. Ni m\u00eame la r\u00e9p\u00e9tition du front   anti-isra\u00e9lien qui a paralys\u00e9 du processus de Barcelone.   \u00ab\u00a0Ces d\u00e9clarations ne nous surprennent pas\u00a0\u00bb, assure un diplomate fran\u00e7ais, \u00ab\u00a0la   Libye avait d\u00e9j\u00e0 refus\u00e9 d&rsquo;entrer dans le processus de Barcelone parce qu&rsquo;il   faisait la part trop belle \u00e0 l&rsquo;Europe et qu&rsquo;il incluait Isra\u00ebl\u00a0\u00bb. \u00ab\u00a0Ce qui nous   rassure, c&rsquo;est qu&rsquo;aucun autre pays n&rsquo;est sur la m\u00eame ligne\u00a0\u00bb. Selon Paris, la   plupart des pays arabes ont d\u00e9j\u00e0 confirm\u00e9 leur pr\u00e9sence au sommet du 13   juillet. \u00ab\u00a0Nous attendons encore la r\u00e9ponse   de l&rsquo;Alg\u00e9rie, du Liban et de la Syrie\u00a0\u00bb, indique-t-on. L&rsquo;\u00e9ventuelle venue du   pr\u00e9sident syrien Bachar al-Assad, d\u00e9nonc\u00e9 notamment par les Etats-Unis et   Isra\u00ebl comme soutenant le terrorisme, suscite d\u00e9j\u00e0 la pol\u00e9mique dans les rangs   de l&rsquo;opposition en France et de la majorit\u00e9 au Liban.   Outre ces atermoiements arabes, le succ\u00e8s du sommet de Paris est \u00e9galement   suspendu \u00e0 la participation de la Turquie, peu enthousiaste pour un projet   volontiers pr\u00e9sent\u00e9 comme un \u00ab\u00a0lot de consolation\u00a0\u00bb au refus de certains pays,   dont la France, de l&rsquo;accepter au sein de l&rsquo;UE.   \u00ab\u00a0C&rsquo;est vrai que la participation d&rsquo;Ankara est \u00e9troitement li\u00e9e \u00e0 la question   de son adh\u00e9sion \u00e0 l&rsquo;UE\u00a0\u00bb, conc\u00e8de-t-on \u00e0 Paris, \u00ab\u00a0mais l&rsquo;UPM est un projet \u00e0   g\u00e9om\u00e9trie variable qui garantit que les absents n&#8217;emp\u00eacheront pas ceux qui le   veulent de travailler ensemble\u00a0\u00bb.   D\u00e9lib\u00e9r\u00e9ment optimistes, les pilotes du futur partenariat assurent aussi que   les tractations sur ses institutions sont \u00ab\u00a0en bonne voie\u00a0\u00bb. La co-pr\u00e9sidence   \u00ab\u00a0nord\u00a0\u00bb sera confi\u00e9e \u00e0 la France pendant les six mois de sa pr\u00e9sidence et   devrait ensuite revenir, comme l&rsquo;a souhait\u00e9 Bruxelles, au futur pr\u00e9sident du   Conseil europ\u00e9en, et celle du \u00ab\u00a0sud\u00a0\u00bb devrait revenir \u00e0 l&rsquo;Egypte. La   localisation du si\u00e8ge du secr\u00e9tariat de l&rsquo;UPM, que se disputent Rabat, Tunis   et Malte, \u00ab\u00a0sera tranch\u00e9e d&rsquo;ici le sommet\u00a0\u00bb.   Et s&rsquo;ils conc\u00e8dent des \u00ab\u00a0soucis de protocole\u00a0\u00bb pour le sommet de Paris, les   architectes du projet restent persuad\u00e9s de son succ\u00e8s. \u00ab\u00a0Quelles que soient   leurs sensibilit\u00e9s, tous les pays concern\u00e9s ont bien compris que l&rsquo;UPM \u00e9tait   de leur int\u00e9r\u00eat\u00a0\u00bb, affirme l&rsquo;un d&rsquo;eux.      <strong><font>AFP<\/font><\/strong><\/div>\n<p align=\"center\" dir=\"ltr\">\u00a0<\/p>\n<p> <font face=\"Arial\" size=\"2\"><\/font><\/p>\n<p align=\"center\" dir=\"ltr\"><b><a href=\"https:\/\/tunisnews.net\/ar\/\"><font face=\"Arial\"><span><font size=\"2\">Home<\/font><\/span><font size=\"2\"><span lang=\"FR-CH\"> &#8211; Accueil <\/span><span>&#8211; <\/span><\/font><\/font><span dir=\"rtl\" lang=\"AR-SA\"><font size=\"2\">\u0627\u0644\u0631\u0626\u064a\u0633\u064a\u0629<\/font><\/span><\/a><\/b><\/p>\n<p><\/body><\/body><\/html><\/p>","protected":false},"excerpt":{"rendered":"<p>Home &#8211; Accueil TUNISNEWS \u00a08\u00a0\u00e8me\u00a0ann\u00e9e, N\u00b0 2948 du 18.06.2008\u00a0archives : www.tunisnews.net \u00a0 Le parti communiste des ouvriers de Tunisie:Communiqu\u00e9:Hamma Hammami et sa fille de 9 ans agress\u00e9s \u00e0 coups de pierres par la police politique Parti \u00ab Tunisie Verte \u00bb:Apr\u00e8s les condamnations des jeunes \u00e0 Gafsa, voil\u00e0 les jeunes de Feriana condamn\u00e9s \u00e0 des peines [&hellip;]<\/p>\n","protected":false},"author":1,"featured_media":22040,"comment_status":"open","ping_status":"open","sticky":false,"template":"","format":"standard","meta":{"inline_featured_image":false,"site-sidebar-layout":"default","site-content-layout":"","ast-site-content-layout":"default","site-content-style":"default","site-sidebar-style":"default","ast-global-header-display":"","ast-banner-title-visibility":"","ast-main-header-display":"","ast-hfb-above-header-display":"","ast-hfb-below-header-display":"","ast-hfb-mobile-header-display":"","site-post-title":"","ast-breadcrumbs-content":"","ast-featured-img":"","footer-sml-layout":"","ast-disable-related-posts":"","theme-transparent-header-meta":"","adv-header-id-meta":"","stick-header-meta":"","header-above-stick-meta":"","header-main-stick-meta":"","header-below-stick-meta":"","astra-migrate-meta-layouts":"default","ast-page-background-enabled":"default","ast-page-background-meta":{"desktop":{"background-color":"","background-image":"","background-repeat":"repeat","background-position":"center center","background-size":"auto","background-attachment":"scroll","background-type":"","background-media":"","overlay-type":"","overlay-color":"","overlay-opacity":"","overlay-gradient":""},"tablet":{"background-color":"","background-image":"","background-repeat":"repeat","background-position":"center center","background-size":"auto","background-attachment":"scroll","background-type":"","background-media":"","overlay-type":"","overlay-color":"","overlay-opacity":"","overlay-gradient":""},"mobile":{"background-color":"","background-image":"","background-repeat":"repeat","background-position":"center center","background-size":"auto","background-attachment":"scroll","background-type":"","background-media":"","overlay-type":"","overlay-color":"","overlay-opacity":"","overlay-gradient":""}},"ast-content-background-meta":{"desktop":{"background-color":"var(--ast-global-color-5)","background-image":"","background-repeat":"repeat","background-position":"center center","background-size":"auto","background-attachment":"scroll","background-type":"","background-media":"","overlay-type":"","overlay-color":"","overlay-opacity":"","overlay-gradient":""},"tablet":{"background-color":"var(--ast-global-color-5)","background-image":"","background-repeat":"repeat","background-position":"center center","background-size":"auto","background-attachment":"scroll","background-type":"","background-media":"","overlay-type":"","overlay-color":"","overlay-opacity":"","overlay-gradient":""},"mobile":{"background-color":"var(--ast-global-color-5)","background-image":"","background-repeat":"repeat","background-position":"center center","background-size":"auto","background-attachment":"scroll","background-type":"","background-media":"","overlay-type":"","overlay-color":"","overlay-opacity":"","overlay-gradient":""}},"footnotes":""},"categories":[],"tags":[58,39,29],"class_list":["post-18137","post","type-post","status-publish","format-standard","has-post-thumbnail","hentry","tag-58","tag-39","tag-fr"],"_links":{"self":[{"href":"https:\/\/tunisnews.net\/ar\/wp-json\/wp\/v2\/posts\/18137","targetHints":{"allow":["GET"]}}],"collection":[{"href":"https:\/\/tunisnews.net\/ar\/wp-json\/wp\/v2\/posts"}],"about":[{"href":"https:\/\/tunisnews.net\/ar\/wp-json\/wp\/v2\/types\/post"}],"author":[{"embeddable":true,"href":"https:\/\/tunisnews.net\/ar\/wp-json\/wp\/v2\/users\/1"}],"replies":[{"embeddable":true,"href":"https:\/\/tunisnews.net\/ar\/wp-json\/wp\/v2\/comments?post=18137"}],"version-history":[{"count":0,"href":"https:\/\/tunisnews.net\/ar\/wp-json\/wp\/v2\/posts\/18137\/revisions"}],"wp:featuredmedia":[{"embeddable":true,"href":"https:\/\/tunisnews.net\/ar\/wp-json\/wp\/v2\/media\/22040"}],"wp:attachment":[{"href":"https:\/\/tunisnews.net\/ar\/wp-json\/wp\/v2\/media?parent=18137"}],"wp:term":[{"taxonomy":"category","embeddable":true,"href":"https:\/\/tunisnews.net\/ar\/wp-json\/wp\/v2\/categories?post=18137"},{"taxonomy":"post_tag","embeddable":true,"href":"https:\/\/tunisnews.net\/ar\/wp-json\/wp\/v2\/tags?post=18137"}],"curies":[{"name":"wp","href":"https:\/\/api.w.org\/{rel}","templated":true}]}}