{"id":18110,"date":"2011-04-25T00:00:00","date_gmt":"2011-04-25T00:00:00","guid":{"rendered":"https:\/\/tunisnews.net\/25-avril-2011\/"},"modified":"2011-04-25T00:00:00","modified_gmt":"2011-04-25T00:00:00","slug":"25-avril-2011","status":"publish","type":"post","link":"https:\/\/tunisnews.net\/ar\/25-avril-2011\/","title":{"rendered":"25 avril 2011"},"content":{"rendered":"<p><html><head><meta content=\"text\/html\" description=\"ROME \u2014 Arm\u00e9s de leur pr\u00e9cieux permis de \n\t\ts\u00e9jour temporaire d\u00e9livr\u00e9 par l'Italie, des centaines d'immigr\u00e9s \n\t\ttunisiens transitent ces derniers jours par la gare centrale de Rome, \n\t\td'o\u00f9 ils esp\u00e8rent gagner la France gr\u00e2ce aux billets de train gratuits \n\t\tremis par les autorit\u00e9s locales.\" http-equiv=\"Content-Type\"\/><\/head><body><body><\/p>\n<div>\n<div align=\"center\" dir=\"ltr\"><font face=\"Bookman Old Style\" size=\"7\"><strong>TUNISNEWS <\/strong><\/font><\/div>\n<div align=\"center\" dir=\"ltr\"><strong><font face=\"Arial\" size=\"2\">10 \u00e8me ann\u00e9e, N\u00b03989 du 25.04.2011<\/font><\/strong><\/div>\n<div align=\"center\" dir=\"ltr\"><font face=\"Arial\" size=\"2\"><strong>archives : <\/strong><\/font><a target=\"_blank\" rel=\"noopener\"><font face=\"Arial\" size=\"2\"><strong>www.tunisnews.net<\/strong><\/font><\/a><span lang=\"FR\"><strong><font face=\"Arial\" size=\"2\"><\/font><\/strong><\/span><\/div>\n<p><span lang=\"FR\"><\/p>\n<p><font><font face=\"Arial\" size=\"2\"><\/p>\n<div align=\"center\" dir=\"ltr\">\n<hr\/>\n<\/div>\n<div align=\"left\" dir=\"ltr\"><font size=\"2\"><strong><font face=\"Arial\"><\/p>\n<h2 style=\"color: red;\"><font>AFP:Des centaines d&rsquo;immigr\u00e9s tunisiens r\u00eavent de la France \u00e0 la gare de Rome<\/font><\/h2>\n<p><font>  Aziz Krichen:OU RESIDE LE DEVOIR :DANS LA DIVISION OU DANS L&rsquo;UNITE ? <\/font><\/p>\n<h2 style=\"color: red;\"><font>mrhayoun:LA FRANCE ET L\u2019IMMIGRATION DE TUNISIE ET D\u2019AILLEURS\u2026<\/font><\/h2>\n<p> <font>Invstir een Tunisie :Tunisie : Afek Tounes attach\u00e9 \u00e0 l\u2019article 1er de la Constitution <\/font><\/p>\n<h2 style=\"color: red;\"><font>Tunisie Soir:Marche pacifique, \u00e0 Hammamet, pour soutenir le secteur touristique<\/font><\/h2>\n<p><font>Jeanmarc MorandiniLe diplomate \u00ab\u00a0Vendetta\u00a0\u00bb pourrait \u00eatre remerci\u00e9 en Tunisie <\/font><\/p>\n<h2 style=\"color: red;\"><font>Business News:Tunisie &#8211; Apr\u00e8s avoir voulu arr\u00eater Essahafa, le PDG de La Presse se fait \u00ab d\u00e9gager \u00bb<\/font><\/h2>\n<p> <font>Business NewsTunisie &#8211; La question de la torture revient sur le tapis <\/font><\/p>\n<h2 style=\"color: red;\"><font>Mounir Ben Mahmoud:Tunisie &#8211; Le difficile apprentissage des islamistes<\/font><\/h2>\n<p> <font>Espace Manager :Tunisie : Elyes Jouini \u00e9voque la question du D\u00e9veloppement R\u00e9gional <\/font><\/p>\n<h2 style=\"color: red;\"><font>African Manager:Tunisie : Une plainte d\u00e9pos\u00e9e contre le livre \u00ab Ben Ali le ripou \u00bb<\/font><\/h2>\n<p><font>Rafik Souidi:Quel Etat pour la Tunisie de demain? <\/font><\/p>\n<h2 style=\"color: red;\"><font>Afriscoop :Tunisiens, arr\u00eatez d\u2019avilir l\u2019Afrique et vous-m\u00eames<\/font><\/h2>\n<p> <font>wmc:Tunisie: Les trois d\u00e9fis du Groupe Chimique Tunisien <\/font><\/p>\n<h2 style=\"color: red;\"><font>wmc:Tunisie: Ely\u00e8s Jouini a-t-il contract\u00e9 le \u00abvirus\u00bb de la politique?<\/font><\/h2>\n<p> <font>Espace Manager Tunisie: Ahmed Brahim appelle \u00e0 la vigilance contre les islamistes <\/font><\/p>\n<h2 style=\"color: red;\"><font>Tunisie Numerique:La Parit\u00e9 tunisienne vue par \u00ab Le Monde \u00bb<\/font><\/h2>\n<p><\/font><\/strong><\/font><\/div>\n<div align=\"center\" dir=\"ltr\">\n<hr\/>\n<\/div>\n<div align=\"center\" dir=\"ltr\">\n<h2 style=\"color: red;\"><font face=\"Arial\"><strong>Des centaines d&rsquo;immigr\u00e9s tunisiens r\u00eavent de la France \u00e0 la gare de Rome<\/strong><\/font><\/h2>\n<\/div>\n<div align=\"center\" dir=\"ltr\">\n<hr\/>\n<\/div>\n<div align=\"justify\"><font face=\"Arial\" size=\"2\">AFP 25\/04\/2011 11:03<\/font><\/div>\n<div align=\"justify\">\u00a0<\/div>\n<div align=\"justify\"><font face=\"Arial\" size=\"2\">ROME \u2014 Arm\u00e9s de leur pr\u00e9cieux permis de s\u00e9jour temporaire d\u00e9livr\u00e9 par l&rsquo;Italie, des centaines d&rsquo;immigr\u00e9s tunisiens transitent ces derniers jours par la gare centrale de Rome, d&rsquo;o\u00f9 ils esp\u00e8rent gagner la France gr\u00e2ce aux billets de train gratuits remis par les autorit\u00e9s locales.<\/font><\/div>\n<div align=\"justify\">\u00a0<\/div>\n<div align=\"justify\"><font face=\"Arial\" size=\"2\">Apr\u00e8s un voyage p\u00e9rilleux des c\u00f4tes tunisiennes jusqu&rsquo;\u00e0 l&rsquo;\u00eele de Lampedusa, ces Tunisiens fuyant la pauvret\u00e9 affluent chaque jour \u00e0 la gare de Termini en provenance de centres d&rsquo;accueil du sud de l&rsquo;Italie et en repartent avant le soir.<\/font><\/div>\n<div align=\"justify\">\u00a0<\/div>\n<div align=\"justify\"><font face=\"Arial\" size=\"2\">\u00ab\u00a0Chaque jour, il y en a des centaines qui arrivent\u00a0\u00bb, raconte Dorsaf Yacoubi, une jeune Italienne d&rsquo;origine tunisienne qui aide comme volontaire les immigr\u00e9s en leur distribuant des repas pr\u00e9par\u00e9s qu&rsquo;elle retire d&rsquo;une petite camionnette sous le regard des touristes et des policiers.<\/font><\/div>\n<div align=\"justify\">\u00a0<\/div>\n<div align=\"justify\"><font face=\"Arial\" size=\"2\">Un peu plus loin, des membres de la protection civile italienne distribuent des billets de train gratuits pour permettre aux Tunisiens d&rsquo;arriver jusqu&rsquo;\u00e0 Vintimille, derni\u00e8re ville italienne avant la fronti\u00e8re fran\u00e7aise.<\/font><\/div>\n<div align=\"justify\">\u00a0<\/div>\n<div align=\"justify\"><font face=\"Arial\" size=\"2\">\u00ab\u00a0Il est n\u00e9cessaire que la protection civile intervienne rapidement, avec notre aide naturellement, pour \u00e9viter les regroupements d&rsquo;immigr\u00e9s \u00e0 Termini\u00a0\u00bb, a expliqu\u00e9 le maire de droite de la capitale, Gianni Alemanno.<\/font><\/div>\n<div align=\"justify\">\u00a0<\/div>\n<div align=\"justify\"><font face=\"Arial\" size=\"2\">Paris a d&rsquo;ailleurs accus\u00e9 Rome d&rsquo;abuser de l&rsquo;accord de Schengen sur la libre circulation des personnes en fournissant des documents de voyage et permis de s\u00e9jour temporaires aux Tunisiens, accusant \u00e0 mots couverts Rome de s&rsquo;en d\u00e9barrasser ainsi \u00e0 bon compte vu que la plupart veulent aller en France.<\/font><\/div>\n<div align=\"justify\">\u00a0<\/div>\n<div align=\"justify\"><font face=\"Arial\" size=\"2\">Ce dossier est en t\u00eate des questions qui seront abord\u00e9es mardi lors d&rsquo;un sommet \u00e0 Rome entre le pr\u00e9sident fran\u00e7ais Nicolas Sarkozy et le chef du gouvernement italien Silvio Berlusconi.<\/font><\/div>\n<div align=\"justify\">\u00a0<\/div>\n<div align=\"justify\"><font face=\"Arial\" size=\"2\">\u00ab\u00a0Nous ferons en sorte que Rome ne devienne pas la derni\u00e8re \u00e9tape d&rsquo;une vague incontr\u00f4l\u00e9e d&rsquo;immigration\u00a0\u00bb, a affirm\u00e9 M. Alemanno, un ex-n\u00e9o-fasciste et t\u00e9nor du parti de M. Berlusconi, s&rsquo;attirant les critiques de la communaut\u00e9 catholique Sant&rsquo;Egidio, qui a fait part de sa \u00ab\u00a0stup\u00e9faction, d\u00e9ception et pr\u00e9occupation\u00a0\u00bb face \u00e0 l&rsquo;attitude des autorit\u00e9s municipales.<\/font><\/div>\n<div align=\"justify\">\u00a0<\/div>\n<div align=\"justify\"><font face=\"Arial\" size=\"2\">\u00ab\u00a0Nous sommes si accueillants quand des \u00e9trangers viennent dans notre pays, on veut juste un peu d&rsquo;hospitalit\u00e9 et travailler. Nous sommes des gens honn\u00eates\u00a0\u00bb, se d\u00e9fend Nasser Seghaier, un informaticien de 26 ans qui esp\u00e8re pouvoir rejoindre son fr\u00e8re en banlieue parisienne.<\/font><\/div>\n<div align=\"justify\">\u00a0<\/div>\n<div align=\"justify\"><font face=\"Arial\" size=\"2\">\u00ab\u00a0Sarkozy n&rsquo;aime pas les Arabes, il y a beaucoup de probl\u00e8mes\u00a0\u00bb, ajoute-t-il, tout en montrant fi\u00e8rement ses papiers: \u00ab\u00a0Regardez, c&rsquo;est \u00e9crit que je peux aller n&rsquo;importe o\u00f9 en Europe!\u00a0\u00bb<\/font><\/div>\n<div align=\"justify\">\u00a0<\/div>\n<div align=\"justify\"><font face=\"Arial\" size=\"2\">Au total, plus de 20.000 migrants tunisiens ayant d\u00e9barqu\u00e9 dans le sud de l&rsquo;Italie entre janvier et le 5 avril, date d&rsquo;un accord italo-tunisien de lutte contre l&rsquo;immigration clandestine, ont b\u00e9n\u00e9fici\u00e9 de ces permis temporaires d\u00e9livr\u00e9s pour raisons humanitaires.<\/font><\/div>\n<div align=\"justify\">\u00a0<\/div>\n<div align=\"justify\"><font face=\"Arial\" size=\"2\">En attendant, les Tunisiens pr\u00e9sents \u00e0 Termini sont surpris par le manque d&rsquo;organisation des autorit\u00e9s italiennes: \u00ab\u00a0l&rsquo;organisation est compl\u00e8tement d\u00e9faillante, honn\u00eatement, je suis choqu\u00e9\u00a0\u00bb, confie Mohammed Hammouda, un ing\u00e9nieur \u00e9lectricien de 27 ans originaire de Sfax.<\/font><\/div>\n<div align=\"justify\">\u00a0<\/div>\n<div align=\"justify\"><font face=\"Arial\" size=\"2\">Il est arriv\u00e9 le 26 mars \u00e0 Lampedusa, la petite \u00eele italienne proche des c\u00f4tes tunisiennes, d&rsquo;o\u00f9 il a ensuite \u00e9t\u00e9 conduit dans un camp du sud de l&rsquo;Italie.<\/font><\/div>\n<div align=\"justify\">\u00a0<\/div>\n<div align=\"justify\"><font face=\"Arial\" size=\"2\">Dorsaf Yacoubi, la jeune volontaire de 18 ans, confirme elle aussi \u00ab\u00a0l&rsquo;absence d&rsquo;organisation\u00a0\u00bb. \u00ab\u00a0Il n&rsquo;y a personne d&rsquo;autre que nous\u00a0\u00bb, explique-t-elle en sortant des plateaux-repas de sa camionnette avant d&rsquo;ajouter: \u00ab\u00a0Je les aide parce qu&rsquo;ils sont tunisiens comme moi!\u00a0\u00bb<\/font><\/div>\n<hr\/>\n<p align=\"center\"><b><span lang=\"FR\"><\/p>\n<h3 style=\"color: blue;\"><font face=\"Arial\">OU RESIDE LE DEVOIR :<\/font><\/h3>\n<p><\/span><\/b><\/p>\n<p align=\"center\"><b><span lang=\"FR\"><\/p>\n<h3 style=\"color: blue;\"><font face=\"Arial\">DANS LA DIVISION OU DANS L&rsquo;UNITE ?<\/font><\/h3>\n<p><\/span><\/b><\/p>\n<hr\/>\n<p><\/font><\/font><\/p>\n<p><\/span>\u00a0<\/p>\n<p align=\"justify\">\u00a0<\/p>\n<p align=\"justify\"><span lang=\"FR\"><font>Par <\/font><font>Aziz Krichen<\/font><\/span><\/p>\n<p align=\"justify\">\u00a0<\/p>\n<p align=\"justify\"><span lang=\"FR\"><font face=\"Arial\">Dans les quelques jours qui pr\u00e9c\u00e9d\u00e8rent et suivirent le 14 Janvier, les Tunisiens \u00e9taient devenus extraordinairement proches les uns des autres, extraordinairement fraternels et solidaires. Mus par une sorte d&rsquo;instinct infaillible, ils semblaient savoir ce qu&rsquo;ils voulaient et le chemin \u00e0 prendre pour y parvenir. En un sens, chacun avait remis sa vie et sa mort entre les mains de chacun. Aujourd&rsquo;hui, cette coh\u00e9sion h\u00e9ro\u00efque est malmen\u00e9e, menac\u00e9e par des comportements incons\u00e9quents ou irresponsables. Le doute et la m\u00e9fiance se sont install\u00e9s dans l&rsquo;esprit de beaucoup de nos compatriotes, qui donnent l&rsquo;impression de ne plus \u00eatre d&rsquo;accord sur rien.<\/font><\/span><\/p>\n<p align=\"justify\">\u00a0<\/p>\n<p align=\"justify\"><span lang=\"FR\"><font face=\"Arial\">Les questions qui se posent in\u00e9vitablement dans une p\u00e9riode de transition r\u00e9volutionnaire <\/font><\/span><font><span lang=\"FR\"><font face=\"Symbol\">&#8211;<\/font><font face=\"Arial\"> elles sont innombrables puisqu&rsquo;elles concernent tous les aspects de l&rsquo;existence nationale <\/font><font face=\"Symbol\">&#8211;<\/font><\/span><\/font><span lang=\"FR\"><font face=\"Arial\">, ces questions ne sont plus per\u00e7ues comme des occasions de d\u00e9bat, permettant de pr\u00e9ciser les objectifs et de r\u00e9unir les masses les plus larges autour d&rsquo;un programme coh\u00e9rent de changement social. Elles se sont transform\u00e9es en disputes et en querelles sans fin, en motifs d&rsquo;accusation et de d\u00e9nigrement r\u00e9ciproques. Ces nouvelles attitudes ne peuvent pas contribuer \u00e0 clarifier les id\u00e9es et souder les rangs ; elles ne servent qu&rsquo;\u00e0 brouiller, \u00e0 s\u00e9parer, \u00e0 opposer et \u00e0 exclure.<\/font><\/span><\/p>\n<p align=\"justify\">\u00a0<\/p>\n<p align=\"justify\"><b><i><span lang=\"FR\"><font face=\"Arial\">La r\u00e9volution ne fait que commencer<\/font><\/span><\/i><\/b><\/p>\n<p align=\"justify\">\u00a0<\/p>\n<p align=\"justify\"><span lang=\"FR\"><font face=\"Arial\">Lorsqu&rsquo;ils sont interrog\u00e9s sur cette \u00e9volution inqui\u00e9tante, certains milieux intellectuels et politiques commencent \u00e9videmment par la d\u00e9plorer&#8230; tout en la justifiant imm\u00e9diatement apr\u00e8s. De fait, \u00e0 leurs yeux, tout se passe comme si l&rsquo;unit\u00e9 de la population, n\u00e9cessaire lorsqu&rsquo;il s&rsquo;agissait de faire chuter la dictature, ne l&rsquo;est plus maintenant que l&rsquo;objectif est atteint et qu&rsquo;il s&rsquo;agit d\u00e9sormais de faire jouer la \u00ab\u00a0comp\u00e9tition\u00a0\u00bb d\u00e9mocratique. Pour eux, \u00e0 la limite, trop mettre l&rsquo;accent sur l&rsquo;imp\u00e9ratif d&rsquo;unit\u00e9 serait m\u00eame malvenu, dans ce nouveau contexte. La d\u00e9mocratie ne cherche pas l&rsquo;unanimit\u00e9, ajoutent-ils, elle s&rsquo;exprime \u00e0 travers des majorit\u00e9s, qui s&rsquo;obtiennent par la mise en concurrence des forces en pr\u00e9sence.<\/font><\/span><\/p>\n<p align=\"justify\">\u00a0<\/p>\n<p align=\"justify\"><span lang=\"FR\"><font face=\"Arial\"><font>On ne sait trop s&rsquo;il faut rire ou pleurer de ces rationalisations au rabais. Quoi qu&rsquo;il en soit, la rengaine s&rsquo;est r\u00e9pandue, ces derni\u00e8res semaines, comme une maladie contagieuse. Il est temps d&rsquo;y mettre le hol\u00e0 et de placer les protagonistes devant leurs obligations. Comment ? En rappelant cette v\u00e9rit\u00e9 \u00e9l\u00e9mentaire : la r\u00e9volution tunisienne n&rsquo;est pas achev\u00e9e, elle n&rsquo;est qu&rsquo;au d\u00e9but de sa course. L&rsquo;ancien r\u00e9gime est toujours en place, malgr\u00e9 les coups qui lui ont \u00e9t\u00e9 port\u00e9s. Et les quelques r\u00e9sultats positifs obtenus jusqu&rsquo;\u00e0 pr\u00e9sent par le soul\u00e8vement populaire n&rsquo;ont encore rien d&rsquo;irr\u00e9versible ni de d\u00e9finitif. Dans ces conditions, l&rsquo;unit\u00e9 politique de la population est toujours essentielle, et le restera longtemps encore, pour mener l&rsquo;entreprise r\u00e9volutionnaire \u00e0 son terme. En d&rsquo;autres mots : <\/font><i><font>l&rsquo;unit\u00e9 n&rsquo;est pas une option possible, c&rsquo;est une n\u00e9cessite vitale, un imp\u00e9ratif strat\u00e9gique.<\/font><\/i><\/font><\/span><\/p>\n<p align=\"justify\">\u00a0<\/p>\n<p align=\"justify\"><span lang=\"FR\"><font face=\"Arial\">La soci\u00e9t\u00e9 tunisienne, comme n&rsquo;importe quelle autre, est compos\u00e9e de couches, de groupes, de cat\u00e9gories, de classes, de courants, de tendances, etc., dont les visions sont diff\u00e9rentes et peuvent \u00eatre parfois tr\u00e8s \u00e9loign\u00e9es les unes des autres. Spontan\u00e9ment, chacun regarde le monde \u00e0 partir de lui-m\u00eame et de ses pr\u00e9f\u00e9rences. Dans les derniers temps du r\u00e9gime Ben Ali, toutes les composantes du corps social se sont dress\u00e9es contre le pouvoir, parce que celui-ci les opprimait toutes et qu&rsquo;il les l\u00e9sait. Il l\u00e9sait les r\u00e9gions de l&rsquo;int\u00e9rieur parce que sa politique \u00e9conomique ne les prenait pas en compte. Il l\u00e9sait les ch\u00f4meurs et les jeunes dipl\u00f4m\u00e9s sans-emplois parce que sa politique se d\u00e9sint\u00e9ressait du d\u00e9veloppement national. Il l\u00e9sait les salari\u00e9s parce qu&rsquo;il avait inscrit son action dans un environnement libre-\u00e9changiste qui ne leur reconnaissait plus aucun droit. Et il l\u00e9sait les chefs d&rsquo;entreprises, les honn\u00eates comme les moins honn\u00eates, parce que les exactions de la famille r\u00e9gnante n&rsquo;\u00e9pargnaient personne.<\/font><\/span><\/p>\n<p align=\"justify\">\u00a0<\/p>\n<p align=\"justify\"><span lang=\"FR\"><font face=\"Arial\">Contre cette calamit\u00e9 qui les frappait tous sans distinction de rang ni de fortune, les Tunisiens ont fini par se dresser en bloc, pour ne plus former qu&rsquo;un seul poing serr\u00e9, tendu par une volont\u00e9 unique : d\u00e9barrasser le pays de l&rsquo;engeance qui le gouvernait. Ils ont os\u00e9 lutter et os\u00e9 se battre. Et ils ont vaincu, gagnant le droit de vivre libres et ouvrant une nouvelle page d&rsquo;histoire pour eux et pour l&rsquo;ensemble des Arabes, dont les divers pays connaissent des situations similaires.<\/font><\/span><\/p>\n<p align=\"justify\">\u00a0<\/p>\n<p align=\"justify\"><span lang=\"FR\"><font face=\"Arial\">Dans cette confrontation avec une dictature impitoyable, les Tunisiens se sont litt\u00e9ralement reconstitu\u00e9s comme peuple et comme communaut\u00e9. Ils se sont battus comme s&rsquo;ils ne formaient plus qu&rsquo;une seule cellule immense, un seul homme. En exil dans une ville du sud de la France depuis 1995, je n&rsquo;ai pas v\u00e9cu, parmi mes concitoyens, ce moment de passion br\u00fblante, cet instant de communion sacr\u00e9e, o\u00f9 des multitudes, s\u00e9par\u00e9es et dispers\u00e9es, se retrouvent et se reconnaissent et, par le fait m\u00eame de la r\u00e9volution qu&rsquo;elles font lever en elles, se transforment en pouvoir souverain, seul d\u00e9tenteur de l&rsquo;autorit\u00e9 l\u00e9gitime. Je n&rsquo;ai pu vivre cet av\u00e8nement en y participant de mes propres mains <\/font><\/span><font><span lang=\"FR\"><font face=\"Symbol\">&#8211;<\/font><\/span><\/font><span lang=\"FR\"><font face=\"Arial\"> une esp\u00e9rance nourrie pourtant depuis ma premi\u00e8re jeunesse. Mais de retour \u00e0 Tunis fin janvier, j&rsquo;ai pu en ressentir l&rsquo;\u00e9clat dans les yeux des enfants et des jeunes d&rsquo;aujourd&rsquo;hui. Et j&rsquo;en ai \u00e9t\u00e9 combl\u00e9 et apais\u00e9.<\/font><\/span><\/p>\n<p align=\"justify\">\u00a0<\/p>\n<p align=\"justify\"><span lang=\"FR\"><font face=\"Arial\">Aussi belle, aussi \u00e9mouvante, aussi formidable qu&rsquo;elle ait \u00e9t\u00e9, cette p\u00e9riode d&rsquo;unit\u00e9 fusionnelle des Tunisiens est d\u00e9sormais derri\u00e8re nous. Et elle ne reviendra pas, sinon de mani\u00e8re fugace. Pourquoi ? Parce que nous ne sommes plus dans l&rsquo;acte inaugural de conqu\u00eate de la libert\u00e9. Parce que la r\u00e9volution est un processus sinueux et tortur\u00e9, o\u00f9 les moments de fraternisation universelle sont l&rsquo;exception et jamais la r\u00e8gle. Et parce que les combats qui se dressent devant nous seront plus difficiles et acharn\u00e9s que ceux d\u00e9j\u00e0 engag\u00e9s et gagn\u00e9s.<\/font><\/span><\/p>\n<p align=\"justify\">\u00a0<\/p>\n<p align=\"justify\"><span lang=\"FR\"><font face=\"Arial\">En janvier 2011, les Tunisiens se sont retrouv\u00e9s pour abattre la dictature malfaisante de Ben Ali ; ils doivent dor\u00e9navant passer de la destruction de l&rsquo;ancien \u00e0 la construction du nouveau. C&rsquo;est-\u00e0-dire passer d&rsquo;une activit\u00e9 simple \u00e0 une activit\u00e9 complexe. La destruction est une activit\u00e9 simple parce que l&rsquo;objet \u00e0 d\u00e9truire est connu et rep\u00e9r\u00e9 avec certitude. Ce n&rsquo;est pas le cas avec la construction : le nouvel objet \u00e0 cr\u00e9er n&rsquo;est pas connu et n&rsquo;est pas ais\u00e9ment identifiable.<\/font><\/span><\/p>\n<p align=\"justify\">\u00a0<\/p>\n<p align=\"justify\"><b><i><span lang=\"FR\"><font face=\"Arial\">Les calculs \u00e9go\u00efstes<\/font><\/span><\/i><\/b><\/p>\n<p align=\"justify\">\u00a0<\/p>\n<p align=\"justify\"><span lang=\"FR\"><font face=\"Arial\">C&rsquo;est ici que nous retrouvons le probl\u00e8me des divisions sociales. Chaque groupe, chaque couche, chaque cat\u00e9gorie, chaque classe projette spontan\u00e9ment sa propre vision et ses propres calculs, sans doute aussi ses propres fantasmes, sur le nouvel objet \u00e0 construire. Chacun veut que l&rsquo;on \u00e9difie la nouvelle soci\u00e9t\u00e9 <\/font><\/span><font><span lang=\"FR\"><font face=\"Symbol\">&#8211;<\/font><font face=\"Arial\"> le nouveau r\u00e9gime politique, le nouveau syst\u00e8me \u00e9conomique, les nouvelles r\u00e9f\u00e9rences culturelles, la nouvelle articulation sociologique <\/font><font face=\"Symbol\">&#8211;<\/font><\/span><\/font><span lang=\"FR\"><font face=\"Arial\">, selon l&rsquo;image id\u00e9alis\u00e9e qu&rsquo;il se fait de son propre int\u00e9r\u00eat, pr\u00e9sent\u00e9 en l&rsquo;occurrence comme l&rsquo;int\u00e9r\u00eat g\u00e9n\u00e9ral.<\/font><\/span><\/p>\n<p align=\"justify\">\u00a0<\/p>\n<p align=\"justify\"><span lang=\"FR\"><font face=\"Arial\">Apr\u00e8s le 14 Janvier et la fuite honteuse du dictateur, on a vu ainsi son Premier ministre Mohamed Ghannouchi faire formellement all\u00e9geance \u00e0 la r\u00e9volution, chercher ensuite \u00e0 canaliser la col\u00e8re de la rue contre le seul clan familial de Ben Ali, et s&rsquo;efforcer de ramener le changement politique \u00e0 l&rsquo;\u00e9lection d&rsquo;un nouveau pr\u00e9sident de la r\u00e9publique, au nom du respect d&rsquo;une soit disant continuit\u00e9 constitutionnelle. En clair : donner un os \u00e0 ronger, sans toucher au syst\u00e8me.<\/font><\/span><\/p>\n<p align=\"justify\">\u00a0<\/p>\n<p align=\"justify\"><span lang=\"FR\"><font face=\"Arial\">Les man\u0153uvres n&rsquo;ont pas \u00e9t\u00e9 le fait des seuls adversaires de la r\u00e9volution. D&rsquo;une certaine mani\u00e8re, les tentatives de r\u00e9cup\u00e9ration ont aussi concern\u00e9 plusieurs des acteurs de la r\u00e9volution, ceux qui s&rsquo;y sont impliqu\u00e9s d\u00e8s le d\u00e9but comme ceux qui ont ralli\u00e9 le courant pour faire bonne figure. On a donc vu des responsables de partis d&rsquo;opposition rejoindre le gouvernement Ghannouchi <\/font><\/span><font><span lang=\"FR\"><font face=\"Symbol\">&#8211;<\/font><font face=\"Arial\"> le cautionner <\/font><font face=\"Symbol\">&#8211;<\/font><\/span><\/font><span lang=\"FR\"><font face=\"Arial\">, puis accuser ceux qui d\u00e9non\u00e7aient leur d\u00e9fection de faire courir de graves dangers \u00e0 la d\u00e9mocratie naissante en livrant le pays, par intransigeance, \u00e0 un in\u00e9vitable coup d&rsquo;Etat militaire. Le chantage \u00e0 la peur visait \u00e0 casser l&rsquo;\u00e9lan populaire, tout en profitant pour soi des espaces de pouvoir qu&rsquo;il avait d\u00e9gag\u00e9s. (Mais peut-\u00eatre avaient-ils r\u00e9ellement peur, et peut-\u00eatre qu&rsquo;elle les aveuglait au point qu&rsquo;ils ne pouvaient plus comprendre que la population ne se laisserait pas impressionner par leurs petites trahisons ?)<\/font><\/span><\/p>\n<p align=\"justify\">\u00a0<\/p>\n<p align=\"justify\"><span lang=\"FR\"><font face=\"Arial\">Apr\u00e8s ces \u00e9pisodes peu glorieux, et vite clos, on allait assister \u00e0 une v\u00e9ritable d\u00e9ferlante d&rsquo;actions revendicatives de toute sorte. On a vu des chefs d&rsquo;entreprise exiger une \u00ab\u00a0plus grande flexibilit\u00e9 du travail\u00a0\u00bb, et on a vu des ouvriers r\u00e9clamer des hausses de salaires et le licenciement des patrons. On a vu des paysans pauvres s&#8217;emparer de terres qui ne leur appartenaient pas et de gros exploitants agricoles faire pression sur les autorit\u00e9s pour r\u00e9cup\u00e9rer les terres domaniales. On a vu des ch\u00f4meurs r\u00e9clamer des emplois \u00ab\u00a0tout de suite\u00a0\u00bb et des habitants de r\u00e9gions d\u00e9favoris\u00e9es exiger des r\u00e9parations imm\u00e9diates&#8230; et on a vu des ministres leur promettre qu&rsquo;ils allaient s&rsquo;en occuper sans tarder. On a vu des fonctionnaires refuser leurs anciennes hi\u00e9rarchies et celles-ci se d\u00e9fendre en rappelant la compromission de tout le monde avec le RCD. On a vu des partis d\u00e9noncer les int\u00e9r\u00eats \u00e9trangers et d&rsquo;autres partis expliquer que le pays ne pouvait pas se d\u00e9velopper sans s&rsquo;ouvrir aux capitaux ext\u00e9rieurs. On a vu des la\u00efques entrer en guerre contre les islamistes, en les pr\u00e9sentant comme des supp\u00f4ts de l&rsquo;obscurantisme, et on a vu des islamistes accuser en retour les la\u00efques d&rsquo;\u00eatre les supp\u00f4ts du diable. On a vu des \u00ab\u00a0femmes d\u00e9mocrates\u00a0\u00bb r\u00e9clamer l&rsquo;\u00e9galit\u00e9 dans l&rsquo;h\u00e9ritage, tandis que des \u00ab\u00a0femmes voil\u00e9es\u00a0\u00bb r\u00e9clamaient le droit de porter le voile&#8230;<\/font><\/span><\/p>\n<p align=\"justify\">\u00a0<\/p>\n<p align=\"justify\"><span lang=\"FR\"><font face=\"Arial\">Bref, on a eu \u00e0 supporter tout et son contraire. La chape de plomb qui \u00e9touffait les demandes populaires (sociales, \u00e9conomiques, id\u00e9ologiques) s&rsquo;\u00e9tait bris\u00e9e et les r\u00e9clamations fusaient par rafales enti\u00e8res, dans une cacophonie indescriptible. On dira que les d\u00e9bordements sont in\u00e9vitables en p\u00e9riode d&rsquo;effervescence r\u00e9volutionnaire. Sans doute. Il faut n\u00e9anmoins garder un minimum de lucidit\u00e9. <\/font><\/span><\/p>\n<p align=\"justify\">\u00a0<\/p>\n<p align=\"justify\"><span lang=\"FR\"><font face=\"Arial\">Je ne veux pas mettre tout le monde dans le m\u00eame sac, ni discuter du bien-fond\u00e9 dans l&rsquo;absolu de telle ou telle initiative, mais m&rsquo;en tenir \u00e0 une appr\u00e9ciation g\u00e9n\u00e9rale de la situation. Les manifestations rapport\u00e9es ici ont une caract\u00e9ristique majeure commune : elles sont de nature \u00ab\u00a0corporatiste\u00a0\u00bb. Elles d\u00e9fendent des int\u00e9r\u00eats particuliers, cat\u00e9goriels. Et elles le font de mani\u00e8re \u00ab\u00a0opportuniste\u00a0\u00bb, dans le sens strict du terme : on exploite des circonstances qui paraissent favorables <\/font><\/span><font><span lang=\"FR\"><font face=\"Symbol\">&#8211;<\/font><font face=\"Arial\"> \u00ab\u00a0opportunes\u00a0\u00bb <\/font><font face=\"Symbol\">&#8211;<\/font><\/span><\/font><span lang=\"FR\"><font face=\"Arial\">, pour am\u00e9liorer sa position, <i>et rien qu&rsquo;elle<\/i>. Dans la mesure o\u00f9 le gouvernement provisoire paraissait faible et d\u00e9sempar\u00e9, chacun a du se dire que c&rsquo;\u00e9tait le moment ou jamais de faire avancer ses propres pions. Que l'\u00a0\u00bbopportunit\u00e9\u00a0\u00bb ne se repr\u00e9senterait peut-\u00eatre plus.<\/font><\/span><\/p>\n<p align=\"justify\">\u00a0<\/p>\n<p align=\"justify\"><b><i><span lang=\"FR\"><font face=\"Arial\">Le devoir d&rsquo;unit\u00e9<\/font><\/span><\/i><\/b><\/p>\n<p align=\"justify\">\u00a0<\/p>\n<p align=\"justify\"><span lang=\"FR\"><font face=\"Arial\">Lorsqu&rsquo;ils se laissent prendre dans un tel engrenage d&rsquo;ench\u00e8res et de surench\u00e8res, les acteurs oublient deux principes essentiels, dont le respect est indispensable \u00e0 la poursuite victorieuse du processus r\u00e9volutionnaire. Premier principe : chaque groupe particulier a des devoirs par rapport \u00e0 lui-m\u00eame, mais il a aussi des obligations vis-\u00e0-vis de l&rsquo;ensemble de la communaut\u00e9. Deuxi\u00e8me principe : il faut donner du temps au temps ; autrement dit, accepter de hi\u00e9rarchiser les demandes, \u00e9tablir des priorit\u00e9s, fixer des calendriers <\/font><\/span><font><span lang=\"FR\"><font face=\"Symbol\">&#8211;<\/font><\/span><\/font><span lang=\"FR\"><font face=\"Arial\"> sortir du \u00ab\u00a0tout, tout de suite\u00a0\u00bb et se projeter sur l&rsquo;avenir.<\/font><\/span><\/p>\n<p align=\"justify\">\u00a0<\/p>\n<p align=\"justify\"><span lang=\"FR\"><font face=\"Arial\">Lorsque l&rsquo;on n\u00e9glige ces r\u00e8gles de base, qui sont aussi des r\u00e8gles de prudence, on tombe dans ce que les jeunes appellent le jeu perso. Beaucoup parmi nous sont tomb\u00e9s dans ce jeu perso, cela \u00e0 un moment o\u00f9 les Tunisiens venaient juste de commencer \u00e0 apprendre \u00e0 jouer collectif. Ce qu&rsquo;il faut ajouter, pour compl\u00e9ter le tableau, c&rsquo;est que les diff\u00e9rents adversaires ne disposent ni des m\u00eames cartes ni des m\u00eames atouts dans un jeu perso. R\u00e9p\u00e9tons-le. A l&rsquo;heure actuelle, alors que la r\u00e9volution entre dans son cinqui\u00e8me mois, le syst\u00e8me Ben Ali demeure encore largement en place. Je ne parle pas du seul appareil r\u00e9pressif, je pense surtout \u00e0 la composition des cercles dirigeants, \u00e0 la nature des choix de politique \u00e9conomique, \u00e0 l&rsquo;orientation de la politique \u00e9trang\u00e8re, \u00e0 l&rsquo;influence de certaines ambassades, etc. Sur tous ces plans, il n&rsquo;y a eu aucune rupture significative depuis le 14 Janvier. Dans ces conditions, o\u00f9 rien de d\u00e9cisif n&rsquo;a encore \u00e9t\u00e9 accompli, s&rsquo;amuser \u00e0 parler et \u00e0 revendiquer au nom de sa seule corporation, exp\u00e9rimenter sa libert\u00e9 d&rsquo;expression toute fra\u00eeche en se fichant du voisin <\/font><\/span><font><span lang=\"FR\"><font face=\"Symbol\">&#8211;<\/font><\/span><\/font><span lang=\"FR\"><font face=\"Arial\"> c&rsquo;est diviser le camp populaire, c&rsquo;est faire le jeu de l&rsquo;ennemi principal.<\/font><\/span><\/p>\n<p align=\"justify\">\u00a0<\/p>\n<p align=\"justify\"><span lang=\"FR\"><font face=\"Arial\">C&rsquo;est d&rsquo;autant plus vrai que la plupart des disputes o\u00f9 l&rsquo;on se d\u00e9chire aujourd&rsquo;hui sont, sinon suscit\u00e9es, du moins largement utilis\u00e9es et exploit\u00e9es par ceux qui sont toujours aux commandes. Ceux-l\u00e0 savent <\/font><\/span><font><span lang=\"FR\"><font face=\"Symbol\">&#8211;<\/font><font face=\"Arial\"> c&rsquo;est le fruit d&rsquo;une longue exp\u00e9rience <\/font><font face=\"Symbol\">&#8211;<\/font><\/span><\/font><span lang=\"FR\"><font face=\"Arial\"> que pour rester en place et pr\u00e9server leurs privil\u00e8ges, rien n&rsquo;est plus indiqu\u00e9, par temps d&rsquo;orage, que de donner l&rsquo;impression de c\u00e9der tout en s&#8217;employant avec m\u00e9thode \u00e0 diviser les rangs des opposants.<\/font><\/span><\/p>\n<p align=\"justify\">\u00a0<\/p>\n<p align=\"justify\"><span lang=\"FR\"><font face=\"Arial\">Le ph\u00e9nom\u00e8ne de la multiplication des partis politiques auquel nous assistons <\/font><\/span><font><span lang=\"FR\"><font face=\"Symbol\">&#8211;<\/font><font face=\"Arial\"> nous avons pass\u00e9 le cap des 50 partis reconnus et ce n&rsquo;est pas fini <\/font><font face=\"Symbol\">&#8211;<\/font><\/span><\/font><span lang=\"FR\"><font face=\"Arial\"> s&rsquo;inscrit d&rsquo;ailleurs parfaitement dans cette optique. Cela ind\u00e9pendamment des intentions subjectives des uns et des autres. A court terme, cette explosion partisane va accentuer la fragmentation et accro\u00eetre le vacarme et la confusion.<\/font><\/span><\/p>\n<p align=\"justify\">\u00a0<\/p>\n<p align=\"justify\"><span lang=\"FR\"><font face=\"Arial\">Comment sortir de cette foire d&#8217;empoigne ? Comment \u00e9viter les basses pol\u00e9miques et les faux clivages ? Comment emp\u00eacher le d\u00e9bat public de sombrer dans l&rsquo;outrance, la provocation et l&rsquo;hyst\u00e9rie ? Comment raisonner ces \u00ab\u00a0lib\u00e9raux\u00a0\u00bb, par exemple, qui annoncent une imminente dictature bolch\u00e9vique, ou ces \u00ab\u00a0progressistes\u00a0\u00bb, qui redoutent d&rsquo;\u00eatre submerg\u00e9s par la vague int\u00e9griste, ou encore ces \u00ab\u00a0islamistes\u00a0\u00bb, intimement convaincus de l&rsquo;existence d&rsquo;un complot ma\u00e7onnique visant \u00e0 supprimer toute r\u00e9f\u00e9rence \u00e0 l&rsquo;islam en Tunisie ? Comment ramener tous ces compatriotes <\/font><\/span><font><span lang=\"FR\"><font face=\"Symbol\">&#8211;<\/font><font face=\"Arial\"> ils sont nombreux <\/font><font face=\"Symbol\">&#8211;<\/font><\/span><\/font><span lang=\"FR\"><font face=\"Arial\"> \u00e0 une plus juste perception des choses ? Comment les persuader que leurs inqui\u00e9tudes ne sont pas aussi fond\u00e9es qu&rsquo;ils le pensent, et que l&rsquo;agitation permanente qu&rsquo;ils entretiennent aujourd&rsquo;hui ne r\u00e9duit pas les menaces r\u00e9elles qui p\u00e8sent sur nos t\u00eates, mais au contraire les accro\u00eet et les alimente ? <\/font><\/span><\/p>\n<p align=\"justify\">\u00a0<\/p>\n<p align=\"justify\"><span lang=\"FR\"><font face=\"Arial\">Pour commencer \u00e0 redresser la situation, il faut revenir aux fondamentaux. C&rsquo;est-\u00e0-dire revenir \u00e0 ce qui constitue le sens v\u00e9ritable, la vis\u00e9e essentielle de la r\u00e9volution, afin d&rsquo;en tirer des principes directeurs, non seulement pour pacifier nos relations aujourd&rsquo;hui, mais \u00e9galement pour pr\u00e9ciser le mode d&rsquo;organisation sociale que l&rsquo;immense majorit\u00e9 des Tunisiens voudraient voir s&rsquo;\u00e9tablir apr\u00e8s la liquidation du syst\u00e8me Ben Ali. La pr\u00e9servation de notre unit\u00e9 actuelle me semble, en effet, directement conditionn\u00e9e par l&rsquo;\u00e9tendue des convergences que nous saurons r\u00e9aliser autour du projet de soci\u00e9t\u00e9 \u00e0 construire. La d\u00e9finition d&rsquo;un tel projet repr\u00e9sente la t\u00e2che collective la plus urgente \u00e0 laquelle s&rsquo;atteler.<\/font><\/span><\/p>\n<p align=\"justify\">\u00a0<\/p>\n<p align=\"justify\"><b><i><span lang=\"FR\"><font face=\"Arial\">La souverainet\u00e9 du peuple sur lui-m\u00eame<\/font><\/span><\/i><\/b><\/p>\n<p align=\"justify\">\u00a0<\/p>\n<p align=\"justify\"><span lang=\"FR\"><font face=\"Arial\">La r\u00e9volution n&rsquo;est ni une \u00e9nigme, ni une nouvelle divinit\u00e9 ; nous n&rsquo;avons ni \u00e0 d\u00e9chiffrer ses myst\u00e8res ni \u00e0 interpr\u00e9ter ses d\u00e9crets. Mais sa matrice est f\u00e9conde. Notre r\u00e9volution a d\u00e9j\u00e0 r\u00e9solu, dans la pratique, la plupart des questions qui nous tourmentent. Il reste \u00e0 expliciter ses r\u00e9ponses par le travail de la pens\u00e9e, par le discours et une patiente p\u00e9dagogie.<\/font><\/span><\/p>\n<p align=\"justify\">\u00a0<\/p>\n<p align=\"justify\"><span lang=\"FR\"><font face=\"Arial\">En s&rsquo;attaquant au syst\u00e8me Ben Ali en tant que syst\u00e8me <\/font><\/span><font><span lang=\"FR\"><font face=\"Symbol\">&#8211;<\/font><font face=\"Arial\"> et non pas \u00e0 ses seules excroissances claniques et maffieuses <\/font><font face=\"Symbol\">&#8211;<\/font><\/span><\/font><span lang=\"FR\"><font face=\"Arial\">, les Tunisiens ont clairement indiqu\u00e9 ce vers quoi ils tendaient : \u00e9tablir la pleine souverainet\u00e9 du peuple sur lui-m\u00eame et sur son destin. Dans un monde arabe marqu\u00e9 par la division, la d\u00e9pendance et la tyrannie, une r\u00e9volution de ce type n&rsquo;a rien d&rsquo;un ovni tomb\u00e9 du ciel. C&rsquo;est la derni\u00e8re \u00e9tape en date d&rsquo;un long processus d&rsquo;\u00e9mancipation d\u00e9mocratique et national, qui a commenc\u00e9 \u00e0 se g\u00e9n\u00e9raliser dans les ann\u00e9es vingt du si\u00e8cle dernier, qui est pass\u00e9 par la cr\u00e9ation d&rsquo;Etats formellement d\u00e9colonis\u00e9s dans les ann\u00e9es 1940 et 1950, et qui culmine aujourd&rsquo;hui dans ce que les journalistes appellent le \u00ab\u00a0Printemps arabe\u00a0\u00bb : l&rsquo;\u00e9closion pratiquement simultan\u00e9e de soul\u00e8vements populaires de masse dans une r\u00e9gion devenue, depuis les ann\u00e9es 1970, la principale \u00ab\u00a0zone des temp\u00eates\u00a0\u00bb de la politique mondiale.<\/font><\/span><\/p>\n<p align=\"justify\">\u00a0<\/p>\n<p align=\"justify\"><span lang=\"FR\"><font face=\"Arial\">Dirig\u00e9e contre la dictature int\u00e9rieure, cette r\u00e9volution arabe est d&rsquo;abord d\u00e9mocratique. Et elle est v\u00e9cue et ressentie d&rsquo;abord comme telle par ses propres artisans. Mais \u00e9voluant dans un contexte de d\u00e9pendance, elle est aussi, et de mani\u00e8re peut-\u00eatre plus profonde encore, une r\u00e9volution nationale, parce que l&rsquo;ind\u00e9pendance \u00e0 l&rsquo;\u00e9gard des puissances ext\u00e9rieures est la premi\u00e8re condition de la souverainet\u00e9 d&rsquo;un peuple sur lui-m\u00eame. Les slogans de la r\u00e9volution tunisienne sont d&rsquo;ailleurs l\u00e0 pour l&rsquo;attester. Si \u00ab\u00a0<i>Ech-chaab yourid iskaat el-nidham<\/i>\u00a0\u00bb \u00e9tait certainement le mot d&rsquo;ordre le plus largement r\u00e9p\u00e9t\u00e9 en d\u00e9cembre et janvier derniers, celui qui venait juste apr\u00e8s par sa fr\u00e9quence \u00e9tait le fameux \u00ab\u00a0<i>El khobz oual hourriya oual karaama el wataniya<\/i>\u00ab\u00a0.<\/font><\/span><\/p>\n<p align=\"justify\">\u00a0<\/p>\n<p align=\"justify\"><span lang=\"FR\"><font face=\"Arial\">C&rsquo;est de la notion centrale de souverainet\u00e9 populaire qu&rsquo;il faut donc tout faire d\u00e9river. Il s&rsquo;agit, en d&rsquo;autres mots, de traduire concr\u00e8tement ce principe de souverainet\u00e9 dans toutes les dimensions de notre vie collective, notamment dans trois domaines d\u00e9cisifs : la politique, l&rsquo;\u00e9conomie et la culture. <\/font><\/span><\/p>\n<p align=\"justify\">\u00a0<\/p>\n<p align=\"justify\"><span lang=\"FR\"><font face=\"Arial\">Concernant le premier point, le domaine politique, la perc\u00e9e effectu\u00e9e est remarquable. En d\u00e9pit de toutes les insuffisances constat\u00e9es, malgr\u00e9 aussi les revers ponctuels qu&rsquo;ils ont pu conna\u00eetre depuis le 14 Janvier, les Tunisiens ont n\u00e9anmoins r\u00e9ussi \u00e0 imposer, de haute lutte, un v\u00e9ritable consensus national autour de l&rsquo;objectif strat\u00e9gique de la convocation d&rsquo;une nouvelle assembl\u00e9e constituante. Nous sommes l\u00e0 bien loin de la parodie de d\u00e9mocratisation \u00e0 laquelle voulait nous plier le premier gouvernement Ghannouchi : une simple \u00e9lection pr\u00e9sidentielle, dans le cadre de la constitution de 1959. La r\u00e9volution aurait irr\u00e9m\u00e9diablement avort\u00e9 si l&rsquo;on s&rsquo;\u00e9tait laiss\u00e9 abuser. On se serait retrouv\u00e9 avec un nouveau pr\u00e9sident, sans doute confortablement \u00e9lu, mais disposant d&rsquo;un pouvoir absolu et de pr\u00e9rogatives illimit\u00e9es. On aurait \u00e9t\u00e9 bien avanc\u00e9 ! Mais la man\u0153uvre a \u00e9t\u00e9 mise en \u00e9chec. A travers une succession d&rsquo;\u00e9preuves de force (Kasbah I et Kasbah II), le peuple et la jeunesse sont parvenus \u00e0 imposer leur propre vision du changement <\/font><\/span><font><span lang=\"FR\"><font face=\"Symbol\">&#8211;<\/font><\/span><\/font><span lang=\"FR\"><font face=\"Arial\"> suspension de la constitution de 1959, dissolution des chambres, \u00e9laboration d&rsquo;un nouveau code \u00e9lectoral, \u00e9lection d&rsquo;une nouvelle assembl\u00e9e constituante avec, comme effet imm\u00e9diat, la disparition des structures du pouvoir provisoire actuel.<\/font><\/span><\/p>\n<p align=\"justify\">\u00a0<\/p>\n<p align=\"justify\"><span lang=\"FR\"><font face=\"Arial\">Cette nouvelle constituante, \u00e9lue au suffrage universel, va r\u00e9unir des repr\u00e9sentants du peuple qui auront la responsabilit\u00e9 d&rsquo;\u00e9laborer, en son nom, la prochaine organisation politique de l&rsquo;Etat et le r\u00e9gime des libert\u00e9s individuelles et publiques. Sur le plan des principes d\u00e9mocratiques, cette orientation est <i>la formule la plus cons\u00e9quente et la plus aboutie<\/i> pour en finir r\u00e9ellement avec la dictature et construire, pour la premi\u00e8re fois dans notre histoire moderne, un v\u00e9ritable pacte r\u00e9publicain. Un pacte qui jouira, d\u00e8s lors, d&rsquo;une r\u00e9elle l\u00e9gitimit\u00e9 populaire et qui, par le fait m\u00eame, <i>obligera toutes les parties<\/i>, aussi bien dans la soci\u00e9t\u00e9 que dans l&rsquo;Etat.<\/font><\/span><\/p>\n<p align=\"justify\">\u00a0<\/p>\n<p align=\"justify\"><span lang=\"FR\"><font face=\"Arial\">L&rsquo;objectif ainsi d\u00e9fini reste encore virtuel : les \u00e9lections n&rsquo;ont lieu que le 24 juillet. D&rsquo;ici l\u00e0, bien des pi\u00e8ges devront \u00eatre d\u00e9jou\u00e9s. Mais la perspective qu&rsquo;il d\u00e9gage repr\u00e9sente d&rsquo;ores et d\u00e9j\u00e0 un accomplissement majeur, qui fait de notre r\u00e9volution non seulement la premi\u00e8re dans le monde arabe aujourd&rsquo;hui du point de vue de la chronologie, mais aussi la plus avanc\u00e9e par sa radicalit\u00e9 et son authenticit\u00e9 d\u00e9mocratique.<\/font><\/span><\/p>\n<p align=\"justify\">\u00a0<\/p>\n<p align=\"justify\"><b><i><span lang=\"FR\"><font face=\"Arial\">La question d\u00e9cisive : quel contenu social pour la r\u00e9volution ?<\/font><\/span><\/i><\/b><\/p>\n<p align=\"justify\">\u00a0<\/p>\n<p align=\"justify\"><span lang=\"FR\"><font face=\"Arial\">La r\u00e9publique d\u00e9mocratique comme forme d&rsquo;organisation de la libert\u00e9 politique est le cadre id\u00e9al de l&rsquo;exercice de la souverainet\u00e9 populaire. Mais r\u00e9duite \u00e0 cette seule expression, elle n&rsquo;est rien d&rsquo;autre pr\u00e9cis\u00e9ment qu&rsquo;un cadre, ou encore une enveloppe, un contenant. La chose en elle-m\u00eame est importante, mais il y a beaucoup plus important : c&rsquo;est le probl\u00e8me de savoir quel contenu, quelle substance, quelle mati\u00e8re r\u00e9elle on va mettre dedans. Je veux bien s\u00fbr parler ici des rapports sociaux, du syst\u00e8me \u00e9conomique et des r\u00e9f\u00e9rences intellectuelles et morales de l&rsquo;Etat.<\/font><\/span><\/p>\n<p align=\"justify\">\u00a0<\/p>\n<p align=\"justify\"><span lang=\"FR\"><font face=\"Arial\">Or l&rsquo;on observe que c&rsquo;est paradoxalement sur ces questions de contenu et de substance <\/font><\/span><font><span lang=\"FR\"><font face=\"Symbol\">&#8211;<\/font><font face=\"Arial\"> donc sur les questions les plus d\u00e9terminantes pour l&rsquo;avenir de la r\u00e9volution<\/font><font face=\"Symbol\">&#8211;<\/font><\/span><\/font><span lang=\"FR\"><font face=\"Arial\"> que le d\u00e9bat public en Tunisie reste le plus obscur et le plus m\u00e9diocre. Cela ne veut pas dire que ces sujets ne sont pas abord\u00e9s. Ils le sont, au contraire, et de plus en plus fr\u00e9quemment. Mais les controverses qu&rsquo;ils suscitent demeurent born\u00e9es, superficielles, et leur ton est de plus en plus dogmatique et violent. La <i>fitna<\/i> menace.<\/font><\/span><\/p>\n<p align=\"justify\">\u00a0<\/p>\n<p align=\"justify\"><span lang=\"FR\"><font face=\"Arial\">Il devient donc urgent de les aborder sans d\u00e9tour, d&rsquo;en rappeler les enjeux et d&rsquo;engager une vraie discussion de fond. Je reviendrai, dans un prochain texte <i>(Bourguiba, l&rsquo;islam, la la\u00efcit\u00e9 et les Tunisiens),<\/i> sur le probl\u00e8me des r\u00e9f\u00e9rences culturelles. Pour l&rsquo;instant, je souhaite attirer l&rsquo;attention sur les changements \u00e9conomiques et sociaux que la population est en droit d&rsquo;attendre du processus r\u00e9volutionnaire en cours. Au pr\u00e9alable, rappelons encore une \u00e9vidence : une r\u00e9volution, ce n&rsquo;est jamais le simple remplacement du personnel dirigeant de l&rsquo;Etat ; pour cela, un vulgaire putsch militaire suffirait. Seule m\u00e9rite la qualification de r\u00e9volution une transformation globale des structures du pays, qui entra\u00eene une configuration nouvelle de l&rsquo;\u00e9conomie et une nouvelle r\u00e9partition des ressources et des revenus. Une r\u00e9volution v\u00e9ritable, ce n&rsquo;est pas d&rsquo;abord un paysage politique diff\u00e9rent ; c&rsquo;est avant tout et par dessus tout un paysage \u00e9conomique et social diff\u00e9rent.<\/font><\/span><\/p>\n<p align=\"justify\">\u00a0<\/p>\n<p align=\"justify\"><span lang=\"FR\"><font face=\"Arial\">Cette \u00e9vidence rappel\u00e9e, posons la question classique : quelle est la cible de la r\u00e9volution tunisienne et quelles sont ses forces motrices ? Pour le dire autrement : quelle est l&rsquo;assise de classe du r\u00e9gime Ben Ali et quelle sont les composantes sociologiques du camp r\u00e9volutionnaire ?<\/font><\/span><\/p>\n<p align=\"justify\">\u00a0<\/p>\n<p align=\"justify\"><span lang=\"FR\"><font face=\"Arial\">Commen\u00e7ons par la composition du r\u00e9gime. L&rsquo;opinion courante offre \u00e0 cet \u00e9gard une premi\u00e8re approche : le r\u00e9gime, c&rsquo;est le clan Ben Ali-Trabelsi et ses alli\u00e9s. Des alli\u00e9s que l&rsquo;on retrouve \u00e0 la t\u00eate de la plupart des grosses fortunes du pays, avec des positions de quasi monopole dans les secteurs de l&rsquo;import-export, de la banque, du tourisme, de la sp\u00e9culation immobili\u00e8re et fonci\u00e8re, des BTP, des t\u00e9l\u00e9coms et de la grande distribution. En appliquant la grille sociologique occidentale, ces cercles dominants s&rsquo;apparenteraient \u00e0 la grande bourgeoisie capitaliste. Beaucoup d&rsquo;ailleurs, dans nos milieux dits progressistes, se satisfont de ce genre d&rsquo;approximation, en lui ajoutant parfois tel ou tel qualificatif suppl\u00e9mentaire <\/font><\/span><font><span lang=\"FR\"><font face=\"Symbol\">&#8211;<\/font><font face=\"Arial\"> notre grande bourgeoisie serait affairiste, pr\u00e9datrice, maffieuse, etc. <\/font><font face=\"Symbol\">&#8211;<\/font><\/span><\/font><span lang=\"FR\"><font face=\"Arial\">, pour pr\u00e9ciser ses pratiques et ses m\u00e9thodes.<\/font><\/span><\/p>\n<p align=\"justify\">\u00a0<\/p>\n<p align=\"justify\"><b><i><span lang=\"FR\"><font face=\"Arial\">Les formes de la d\u00e9pendance<\/font><\/span><\/i><\/b><\/p>\n<p align=\"justify\">\u00a0<\/p>\n<p align=\"justify\"><span lang=\"FR\"><font face=\"Arial\">Comme toujours lorsque l&rsquo;on utilise des sch\u00e9mas import\u00e9s, une telle d\u00e9finition ne permet pas de saisir l&rsquo;essentiel. Elle oublie ou laisse de c\u00f4t\u00e9 un ph\u00e9nom\u00e8ne fondamental : <i>le caract\u00e8re d\u00e9pendant et asservi de l&rsquo;\u00e9conomie tunisienne<\/i>, le caract\u00e8re d\u00e9pendant et asservi de son capitalisme et de ses capitalistes. Au-del\u00e0 de la pr\u00e9sence directe d&rsquo;int\u00e9r\u00eats \u00e9trangers sur le sol national, la d\u00e9pendance se mesure chez nous de deux mani\u00e8res diff\u00e9rentes, \u00e9troitement li\u00e9es entre elles. La premi\u00e8re forme de d\u00e9pendance s&rsquo;exprime \u00e0 travers les m\u00e9canismes de l&rsquo;\u00e9change in\u00e9gal. En gros, cela veut dire que ce que nous exportons vers l&rsquo;Europe <\/font><\/span><font><span lang=\"FR\"><font face=\"Symbol\">&#8211;<\/font><font face=\"Arial\"> notre premier partenaire commercial <\/font><font face=\"Symbol\">&#8211;<\/font><\/span><\/font><span lang=\"FR\"><font face=\"Arial\"> est vendu en dessous de sa valeur r\u00e9elle et que ce que nous en importons est achet\u00e9 au-dessus de cette valeur. En d&rsquo;autres termes, nos \u00e9changes avec le Nord se traduisent pour nous par une \u00e9vasion, une <i>extorsion de valeur<\/i> ; plus ces \u00e9changes se d\u00e9veloppent, plus la ponction augmente et plus la pression sur nos ressources naturelles et humaines s&rsquo;alourdit. <\/font><\/span><\/p>\n<p align=\"justify\">\u00a0<\/p>\n<p align=\"justify\"><span lang=\"FR\"><font face=\"Arial\">La deuxi\u00e8me forme de d\u00e9pendance est d\u00e9finie par les modalit\u00e9s de notre insertion dans le syst\u00e8me de la division internationale du travail. Contrairement \u00e0 ce qu&rsquo;affirme la propagande officielle, la Tunisie ne fait pas partie des pays \u00e9mergents. Dans son fonctionnement comme dans ses structures, l&rsquo;\u00e9conomie tunisienne n&rsquo;est comparable ni \u00e0 l&rsquo;\u00e9conomie chinoise ni \u00e0 l&rsquo;\u00e9conomie br\u00e9silienne ni m\u00eame \u00e0 celle de la Turquie. Notre place dans le circuit de la production et des \u00e9changes est une place subalterne. La Tunisie <\/font><\/span><font><span lang=\"FR\"><font face=\"Symbol\">&#8211;<\/font><font face=\"Arial\"> comme d&rsquo;ailleurs le reste du monde arabe <\/font><font face=\"Symbol\">&#8211;<\/font><\/span><\/font><span lang=\"FR\"><font face=\"Arial\"> est situ\u00e9e dans la zone inf\u00e9rieure de l&rsquo;\u00e9chelle hi\u00e9rarchique mondiale : juste au-dessus de l&rsquo;Afrique Noire, mais loin derri\u00e8re l&rsquo;Asie du Sud et de l&rsquo;Est ou l&rsquo;Am\u00e9rique Latine.<\/font><\/span><\/p>\n<p align=\"justify\">\u00a0<\/p>\n<p align=\"justify\"><span lang=\"FR\"><font face=\"Arial\">Nos principales activit\u00e9s marchandes portent sur des secteurs technologiquement peu \u00e9volu\u00e9s : l&rsquo;exportation de mati\u00e8res premi\u00e8res et de produits semi-finis (les phosphates et quelques d\u00e9riv\u00e9s), la sous-traitance (textiles, m\u00e9canique, \u00e9lectronique, centres d&rsquo;appel) et le tourisme (dans sa version de masse bas de gamme). Ce type de sp\u00e9cialisation, renforc\u00e9 par les accords de libre-\u00e9change sign\u00e9s avec la Communaut\u00e9 europ\u00e9enne <\/font><\/span><font><span lang=\"FR\"><font face=\"Symbol\">&#8211;<\/font><font face=\"Arial\"> imaginez un combat de boxe opposant un poids plume et un super-lourd et vous comprendrez ce que signifient r\u00e9ellement ces accords de libre-\u00e9change <\/font><font face=\"Symbol\">&#8211;<\/font><\/span><\/font><span lang=\"FR\"><font face=\"Arial\">, livre le pays pieds et poings li\u00e9s \u00e0 l&rsquo;exploitation \u00e9trang\u00e8re, en aggravant en m\u00eame temps sa d\u00e9pendance et la d\u00e9sarticulation de son \u00e9conomie.<\/font><\/span><\/p>\n<p align=\"justify\">\u00a0<\/p>\n<p align=\"justify\"><span lang=\"FR\"><font face=\"Arial\">La situation d\u00e9crite ici n&rsquo;est pas nouvelle. Elle remonte aux choix de politique \u00e9conomique arr\u00eat\u00e9s par le gouvernement Nouira d\u00e8s le d\u00e9but des ann\u00e9es 1970, apr\u00e8s l&rsquo;\u00e9chec de l&rsquo;exp\u00e9rience de d\u00e9veloppement planifi\u00e9 conduite par l&rsquo;\u00e9quipe Ben Salah. Il est cependant incontestable que les choses sont all\u00e9es en se d\u00e9gradant avec Ben Ali, dont les diff\u00e9rents gouvernements ont ex\u00e9cut\u00e9 avec z\u00e8le les directives successives du FMI et de la BIRD : d\u00e9valuation rampante du dinar, suppression des protections douani\u00e8res, d\u00e9mant\u00e8lement du secteur public, lib\u00e9ration des transferts de capitaux, d\u00e9nationalisation de la banque et de l&rsquo;assurance&#8230;<\/font><\/span><\/p>\n<p align=\"justify\">\u00a0<\/p>\n<p align=\"justify\"><span lang=\"FR\"><font face=\"Arial\">Les r\u00e9sultats n\u00e9fastes de cet alignement inconditionnel sur l&rsquo;Occident sont aujourd&rsquo;hui partout visibles. Limitons-nous aux aspects les plus graves : <\/font><\/span><\/p>\n<p align=\"justify\"><span lang=\"FR\"><font face=\"Arial\">1) Notre agriculture a \u00e9t\u00e9 saccag\u00e9e, notamment en ce qui concerne la production c\u00e9r\u00e9ali\u00e8re. En 2010, nous avons consomm\u00e9 environ 30 millions de quintaux de bl\u00e9 et d&rsquo;orge ; sur ce total, 20 millions de quintaux provenaient de l&rsquo;importation. L&rsquo;antique grenier ne parvient plus \u00e0 nourrir son propre peuple.<\/font><\/span><\/p>\n<p align=\"justify\"><span lang=\"FR\"><font face=\"Arial\">2) Nous importons pr\u00e8s de 70% de nos besoins en biens manufactur\u00e9s de consommation courante. <\/font><\/span><\/p>\n<p align=\"justify\"><span lang=\"FR\"><font face=\"Arial\">3) Le ch\u00f4mage frappe plus de 40% de la population en \u00e2ge de travailler, hommes et femmes, sans \u00e9pargner la jeunesse \u00e9duqu\u00e9e. <\/font><\/span><\/p>\n<p align=\"justify\"><span lang=\"FR\"><font face=\"Arial\">4) Les niveaux de salaires sont anormalement faibles et ne permettent pas de r\u00e9pondre aux d\u00e9penses de base des m\u00e9nages. Dans les grandes villes, le poste logement absorbe, en moyenne, la moiti\u00e9 du budget familial total. <\/font><\/span><\/p>\n<p align=\"justify\"><span lang=\"FR\"><font face=\"Arial\">5) Cons\u00e9quence directe de ce qui pr\u00e9c\u00e8de : le pouvoir d&rsquo;achat global g\u00e9n\u00e9r\u00e9 par l&rsquo;activit\u00e9 \u00e9conomique est trop r\u00e9duit, \u00e9triqu\u00e9, insuffisant, incapable en tout cas d&rsquo;entra\u00eener la cristallisation d&rsquo;un tissu industriel int\u00e9gr\u00e9, orient\u00e9 vers la satisfaction des besoins \u00e9l\u00e9mentaires de la population et pouvant se d\u00e9velopper \u00e0 partir d&rsquo;une demande int\u00e9rieure solvable et croissante.<\/font><\/span><\/p>\n<p align=\"justify\">\u00a0<\/p>\n<p align=\"justify\"><span lang=\"FR\"><font face=\"Arial\">En fin de compte, cette \u00e9conomie de d\u00e9pendance aboutit \u00e0 une distorsion v\u00e9ritablement d\u00e9mentielle : le syst\u00e8me permet \u00e0 l&rsquo;\u00e9tranger (principalement l&rsquo;Europe) d&rsquo;accumuler de juteux profits, tout en bloquant le d\u00e9veloppement de notre potentiel national. Ce blocage g\u00e9n\u00e8re, \u00e0 son tour, un d\u00e9ficit structurel permanent de la balance commerciale et de la balance des paiements. Nos exportations sont continuellement inf\u00e9rieures \u00e0 nos importations, l&rsquo;\u00e9cart se situant entre 20 et 30% en valeur moyenne annuelle. Pour combler le d\u00e9ficit des \u00e9changes, le pays emprunte et s&rsquo;endette. Et le paiement de la dette (et des int\u00e9r\u00eats de la dette) participe \u00e0 creuser davantage le volume du pillage et le poids de la d\u00e9pendance. L&rsquo;engrenage fonctionne en circuit ferm\u00e9 ; il est, pour ainsi dire, autoentretenu. <\/font><\/span><\/p>\n<p align=\"justify\">\u00a0<\/p>\n<p align=\"justify\"><b><i><span lang=\"FR\"><font face=\"Arial\">Les sp\u00e9cificit\u00e9s du r\u00e9gime politique<\/font><\/span><\/i><\/b><\/p>\n<p align=\"justify\">\u00a0<\/p>\n<p align=\"justify\"><span lang=\"FR\"><font face=\"Arial\">C&rsquo;est lorsque l&rsquo;on garde en t\u00eate ces sp\u00e9cificit\u00e9s du syst\u00e8me \u00e9conomique tunisien que l&rsquo;on peut comprendre la nature r\u00e9elle de notre r\u00e9gime politique. On peut d\u00e9finir sa nature parce que l&rsquo;on peut saisir concr\u00e8tement sa fonction dans la gestion de la relation de d\u00e9pendance. Le r\u00e9gime est en place pour remplir une t\u00e2che pr\u00e9cise : maintenir le pays dans la subordination au capitalisme \u00e9tranger, faire en sorte que les m\u00e9canismes du pillage continuent d&rsquo;agir et de se reproduire.<\/font><\/span><\/p>\n<p align=\"justify\">\u00a0<\/p>\n<p align=\"justify\"><span lang=\"FR\"><font face=\"Arial\">En ce sens, la Tunisie, \u00e0 l&rsquo;image des autres pays arabes, n&rsquo;est rien d&rsquo;autre qu&rsquo;une chasse-gard\u00e9e, un territoire annex\u00e9, sous tutelle, quelque chose comme une friche, une r\u00e9serve naturelle, dont les ressources primaires <\/font><\/span><font><span lang=\"FR\"><font face=\"Symbol\">&#8211;<\/font><font face=\"Arial\"> le sol, le sous-sol et la main-d&rsquo;\u0153uvre <\/font><font face=\"Symbol\">&#8211;<\/font><\/span><\/font><span lang=\"FR\"><font face=\"Arial\"> sont pr\u00e9empt\u00e9s par les \u00e9conomies du Nord et exploit\u00e9es selon leurs besoins. Dans sa finalit\u00e9 g\u00e9n\u00e9rale, ce mode d&rsquo;exploitation ressemble comme deux gouttes d&rsquo;eau \u00e0 l&rsquo;ancienne relation coloniale. Ce qui a chang\u00e9, c&rsquo;est que le contr\u00f4le n&rsquo;est plus direct, mais indirect. Dans le nouvel ordre mondialis\u00e9, le maintien de l&rsquo;ordre, pr\u00e9cis\u00e9ment, n&rsquo;est plus assur\u00e9 par une arm\u00e9e d&rsquo;occupation ; sa responsabilit\u00e9 est dor\u00e9navant confi\u00e9e \u00e0 des suppl\u00e9tifs autochtones. La mission principale de ces auxiliaires locaux est, en effet, une <i>mission de police<\/i> : ils doivent garantir la p\u00e9rennit\u00e9 du syst\u00e8me et, par cons\u00e9quent, maintenir la population dans l&rsquo;ob\u00e9issance, \u00e0 n&rsquo;importe quel prix et quels que soient les moyens employ\u00e9s.<\/font><\/span><\/p>\n<p align=\"justify\">\u00a0<\/p>\n<p align=\"justify\"><span lang=\"FR\"><font face=\"Arial\">Il existe un moyen tr\u00e8s simple de v\u00e9rifier l&rsquo;exactitude de cette affirmation, c&rsquo;est la composition m\u00eame des forces de s\u00e9curit\u00e9. Ainsi, dans les pays occidentaux, l&rsquo;effectif de la s\u00e9curit\u00e9 int\u00e9rieure (la police) est significativement inf\u00e9rieur \u00e0 l&rsquo;effectif de la s\u00e9curit\u00e9 ext\u00e9rieure (l&rsquo;arm\u00e9e). En France, le rapport est d&rsquo;un policier pour un soldat et demi, en Grande-Bretagne, il est d&rsquo;un policier pour deux soldats et aux USA, d&rsquo;un policier pour trois soldats. Dans les pays arabes, ces proportions sont compl\u00e8tement invers\u00e9es. Le rapport moyen est d&rsquo;un soldat pour quatre policiers : 180 000 policiers et 40 000 soldats en Tunisie, deux millions de policiers et un demi-million de soldats en Egypte<\/font><\/span><font><span lang=\"FR\"><font face=\"Symbol\">&#8211;<\/font><\/span><\/font><span lang=\"FR\"><font face=\"Arial\"> malgr\u00e9 la pr\u00e9sence d&rsquo;un Isra\u00ebl surarm\u00e9 aux fronti\u00e8res. C&rsquo;est bien la preuve que les forces de s\u00e9curit\u00e9 ne remplissent pas le m\u00eame r\u00f4le structurel ici et l\u00e0. Dans un cas, elles servent \u00e0 la protection de la nation et \u00e0 la projection de sa puissance vers l&rsquo;ext\u00e9rieur ; dans l&rsquo;autre cas, elles prot\u00e8gent des r\u00e9gimes et projettent leur violence contre les populations nationales.<\/font><\/span><\/p>\n<p align=\"justify\">\u00a0<\/p>\n<p align=\"justify\"><span lang=\"FR\"><font face=\"Arial\">Comment maintenant d\u00e9finir, sur le plan sociologique, ce type de groupes dirigeants, plac\u00e9s \u00e0 l&rsquo;intersection entre les grands pays capitalistes et les peuples d\u00e9pendants et dont la principale fonction institutionnelle est le maintien de l&rsquo;ordre ? La r\u00e9flexion acad\u00e9mique occidentale ne propose aucun concept op\u00e9ratoire ; en g\u00e9n\u00e9ral, elle \u00e9vite d&rsquo;ailleurs de trop s&rsquo;int\u00e9resser \u00e0 ce genre de questions. Faute de mieux, on proposera ici la notion de \u00ab\u00a0caste bureaucratico-polici\u00e8re\u00a0\u00bb. L&rsquo;expression est laide et purement descriptive, mais elle d\u00e9limite assez bien son objet. Le terme caste indique que nous n&rsquo;avons pas affaire \u00e0 une classe constitu\u00e9e, mais \u00e0 un groupe ferm\u00e9 ; le caract\u00e8re bureaucratique signifie que ce groupe dirige l&rsquo;Etat ; le caract\u00e8re policier indique que la r\u00e9pression est l&rsquo;instrument privil\u00e9gi\u00e9 du contr\u00f4le social.<\/font><\/span><\/p>\n<p align=\"justify\">\u00a0<\/p>\n<p align=\"justify\"><span lang=\"FR\"><font face=\"Arial\">On a vu comment cette caste organisait la soumission du pays aux int\u00e9r\u00eats \u00e9trangers. Il reste \u00e0 indiquer comment elle organisait <\/font><\/span><font><span lang=\"FR\"><font face=\"Symbol\">&#8211;<\/font><font face=\"Arial\"> dans le m\u00eame temps <\/font><font face=\"Symbol\">&#8211;<\/font><font face=\"Arial\"> la poursuite de ses propres int\u00e9r\u00eats, c&rsquo;est-\u00e0-dire comment elle travaillait \u00e0 son propre enrichissement en tant que caste. Les relations entre pouvoir \u00e9conomique et pouvoir politique sont toujours enchev\u00eatr\u00e9es. On distingue n\u00e9anmoins deux grands cas de figure. Premier cas : on acc\u00e8de au pouvoir politique \u00e0 partir de la puissance accumul\u00e9e dans l&rsquo;\u00e9conomie ; deuxi\u00e8me cas : on acc\u00e8de \u00e0 la richesse mat\u00e9rielle \u00e0 partir des positions conquises dans l&rsquo;appareil d&rsquo;Etat. La Tunisie <\/font><font face=\"Symbol\">&#8211;<\/font><font face=\"Arial\"> et l&rsquo;ensemble du monde arabe <\/font><font face=\"Symbol\">&#8211;<\/font><\/span><\/font><span lang=\"FR\"><font face=\"Arial\"> appartient enti\u00e8rement \u00e0 la derni\u00e8re cat\u00e9gorie.<\/font><\/span><\/p>\n<p align=\"justify\">\u00a0<\/p>\n<p align=\"justify\">\u00a0<\/p>\n<p align=\"justify\"><b><i><span lang=\"FR\"><font face=\"Arial\">Un syst\u00e8me pr\u00e9dateur<\/font><\/span><\/i><\/b><\/p>\n<p align=\"justify\">\u00a0<\/p>\n<p align=\"justify\"><span lang=\"FR\"><font face=\"Arial\">Avec le r\u00e9gime Ben Ali, tout commence v\u00e9ritablement en 1987, suite au coup de force qui chasse Bourguiba. Le noyau constitutif au d\u00e9part, c&rsquo;est le propre clan familial de Ben Ali, avant tout sa fratrie. Ce noyau se restructure ensuite, apr\u00e8s les secondes noces avec Le\u00efla, en s&rsquo;\u00e9largissant au clan Trabelsi. Les premi\u00e8res ann\u00e9es du r\u00e8gne sont marqu\u00e9es par de tr\u00e8s nombreuses pr\u00e9varications, mais l&rsquo;essentiel se joue sur un autre front : le terrain matrimonial. Les principaux efforts du clan, durant cette p\u00e9riode, semblent en effet dirig\u00e9s vers la consolidation de sa base sociale, et cette consolidation se traduit par une politique active de mariages crois\u00e9s, et parfois forc\u00e9s, qui d\u00e9bouche sur un v\u00e9ritable syst\u00e8me d&rsquo;alliances familiales. Les alliances sont contract\u00e9es avec certaines des plus grosses fortunes du pays. Celles qui refusent <\/font><\/span><font><span lang=\"FR\"><font face=\"Symbol\">&#8211;<\/font><font face=\"Arial\"> il y en a eu quelques-unes <\/font><font face=\"Symbol\">&#8211;<\/font><\/span><\/font><span lang=\"FR\"><font face=\"Arial\"> deviennent des cibles.<\/font><\/span><\/p>\n<p align=\"justify\">\u00a0<\/p>\n<p align=\"justify\"><span lang=\"FR\"><font face=\"Arial\">C&rsquo;est lorsque cette assise est constitu\u00e9e que d\u00e9bute le pillage syst\u00e9matique du pays et de la population. S&rsquo;appuyant sur les moyens que lui donne la puissance publique, recourant aussi aux m\u00e9thodes d&rsquo;intervention ill\u00e9gales et \u00e0 la violence pure <\/font><\/span><font><span lang=\"FR\"><font face=\"Symbol\">&#8211;<\/font><font face=\"Arial\"> accaparement, d\u00e9tournement, chantage, intimidation, racket, vol, si n\u00e9cessaire meurtre <\/font><font face=\"Symbol\">&#8211;<\/font><font face=\"Arial\">, le clan au pouvoir met en place un v\u00e9ritable appareil de spoliation \u00e0 large \u00e9chelle, qui finira par englober tous les circuits \u00e9conomiques du pays, y compris ceux de l&rsquo;\u00e9conomie parall\u00e8le <\/font><font face=\"Symbol\">&#8211;<\/font><\/span><\/font><span lang=\"FR\"><font face=\"Arial\"> le march\u00e9 de la drogue, la contrebande de cigarettes et d&rsquo;alcools et le commerce des armes. Le pillage ne se limitait pas aux secteurs les moins favoris\u00e9s de la population, il frappait la soci\u00e9t\u00e9 enti\u00e8re sans distinction.<\/font><\/span><\/p>\n<p align=\"justify\">\u00a0<\/p>\n<p align=\"justify\"><span lang=\"FR\"><font face=\"Arial\">A un moment ou un autre de leur histoire, tous les pays ont connu des r\u00e9gimes violents et pr\u00e9dateurs de ce style <\/font><\/span><font><span lang=\"FR\"><font face=\"Symbol\">&#8211;<\/font><\/span><\/font><span lang=\"FR\"><font face=\"Arial\"> des aventuriers qui s&#8217;emparent du pouvoir gr\u00e2ce \u00e0 un coup de force, qui se taillent ensuite par la violence un patrimoine \u00e0 leur convenance et se l&rsquo;approprient. En r\u00e8gle g\u00e9n\u00e9rale, pourtant, le temps agit comme un calmant dans de telles situations. Une fois leur autorit\u00e9 \u00e9tablie et leur richesse assur\u00e9e, les aventuriers s&rsquo;assagissent, ils temp\u00e8rent leurs ardeurs pr\u00e9datrices et parviennent \u00e0 trouver une forme d&rsquo;\u00e9quilibre, un <i>modus vivendi<\/i>, qui garantisse leur s\u00e9curit\u00e9 et la tranquillit\u00e9 des habitants. Tous les r\u00e9gimes monarchiques proc\u00e8dent de ce mod\u00e8le.<\/font><\/span><\/p>\n<p align=\"justify\">\u00a0<\/p>\n<p align=\"justify\"><span lang=\"FR\"><font face=\"Arial\">Le souci, avec les r\u00e9gimes arabes actuels, vient de ce qu&rsquo;une telle normalisation n&rsquo;est simplement pas possible en ce qui les concerne<\/font><font><a target=\"_blank\" title=\"\" rel=\"noopener\"><span><font face=\"Arial\">[1]<\/font><\/span><\/a><\/font><font face=\"Arial\">. Et cela, en raison m\u00eame des limitations impos\u00e9es par le syst\u00e8me de d\u00e9pendance dans lequel ils sont int\u00e9gr\u00e9s. Ce qui emp\u00eache leur stabilisation dans la dur\u00e9e, c&rsquo;est justement le fait qu&rsquo;ils n&rsquo;ont pas l&rsquo;exclusivit\u00e9 de l&rsquo;extorsion. Les clans au pouvoir n&rsquo;ont pas le monopole du pillage des richesses de leurs territoires ; ils doivent partager avec leurs protecteurs \u00e9trangers, qui ne leur laissent en v\u00e9rit\u00e9 que les restes, la portion congrue. C&rsquo;est cette contrainte objective qui explique pourquoi les r\u00e9gimes peinent autant \u00e0 trouver les formules institutionnelles capables d&rsquo;assurer leur p\u00e9rennit\u00e9. Et pourquoi le passage des ann\u00e9es, loin de les rendre plus pr\u00e9sentables et plus acceptables, les pousse au contraire dans une sorte de fuite en avant incontr\u00f4lable, vers toujours plus d&rsquo;exactions, de brutalit\u00e9, d&rsquo;arbitraire et de n\u00e9potisme. Ces r\u00e9gimes commencent dans l&rsquo;ill\u00e9galit\u00e9, ils deviennent vite ill\u00e9gitimes et ils finissent dans l&rsquo;abjection et l&rsquo;infamie : on ne construit rien de durable sous pareil patronage. <\/font><\/span><\/p>\n<p align=\"justify\">\u00a0<\/p>\n<p align=\"justify\"><span lang=\"FR\"><font face=\"Arial\">Pour conclure ce point sur la caract\u00e9risation des r\u00e9gimes, on dira que l&rsquo;on a affaire \u00e0 des groupes dirigeants qui se comportent comme de v\u00e9ritables entit\u00e9s maffieuses, avec des parrains, des familles m\u00e8res et des familles associ\u00e9es (en Tunisie, elles sont sept : voir les t\u00e9l\u00e9grammes diplomatiques r\u00e9v\u00e9l\u00e9s par <i>Wikileaks<\/i>). Au total, il s&rsquo;agit d&rsquo;un groupe social tr\u00e8s minoritaire<\/font><\/span><font><span lang=\"FR\"><font face=\"Symbol\">&#8211;<\/font><font face=\"Arial\"> quelques milliers de personnes <\/font><font face=\"Symbol\">&#8211;<\/font><\/span><\/font><span lang=\"FR\"><font face=\"Arial\">, mais s&rsquo;appuyant sur un appareil policier tentaculaire (en Tunisie, la s\u00e9curit\u00e9 pr\u00e9sidentielle, la police politique, les forces sp\u00e9ciales, le minist\u00e8re de l&rsquo;Int\u00e9rieur et la Garde nationale), relay\u00e9 par une multitude de rabatteurs, d&rsquo;indics et de mouchards, agissant sous le couvert du RCD, le parti du pr\u00e9sident, qui quadrillait la presque totalit\u00e9 du territoire national avec ses deux millions d&rsquo;adh\u00e9rents d\u00e9clar\u00e9s. En moyenne annuelle, le clan au pouvoir et son appareil de r\u00e9pression engloutissaient plus du tiers du PNB.<\/font><\/span><\/p>\n<p align=\"justify\">\u00a0<\/p>\n<p align=\"justify\"><b><i><span lang=\"FR\"><font face=\"Arial\">Composition sociale du peuple r\u00e9volutionnaire<\/font><\/span><\/i><\/b><\/p>\n<p align=\"justify\">\u00a0<\/p>\n<p align=\"justify\"><span lang=\"FR\"><font face=\"Arial\">Passons maintenant \u00e0 l&rsquo;analyse du camp r\u00e9volutionnaire, c&rsquo;est-\u00e0-dire \u00e0 l&rsquo;identification des forces sociales qui ont pris part au soul\u00e8vement ayant emport\u00e9 le clan Ben Ali. Nous avons parl\u00e9 d&rsquo;un syst\u00e8me \u00e9conomique d\u00e9pendant, d\u00e9sarticul\u00e9, dont le d\u00e9veloppement \u00e9tait structurellement bloqu\u00e9. Nous allons voir comment ces caract\u00e9ristiques se r\u00e9percutent sur le terrain sociologique et les graves d\u00e9s\u00e9quilibres qu&rsquo;elles y introduisent. <\/font><\/span><\/p>\n<p align=\"justify\">\u00a0<\/p>\n<p align=\"justify\"><span lang=\"FR\"><font face=\"Arial\">Le peuple tunisien tout entier s&rsquo;est dress\u00e9 contre la dictature. Mais le peuple est composite, on peut le r\u00e9partir en plusieurs sous-ensembles relativement bien diff\u00e9renci\u00e9s. En bousculant les classifications habituelles et en allant du groupe le plus nombreux au moins nombreux, on obtient les quatre grands blocs suivants : les laiss\u00e9s-pour-compte, la petite bourgeoisie urbaine, la classe ouvri\u00e8re et la classe moyenne.<\/font><\/span><\/p>\n<p align=\"justify\">\u00a0<\/p>\n<p align=\"justify\"><font face=\"Arial\"><b><span lang=\"FR\"><font>1 &#8211;<\/font><\/span><\/b><font><span lang=\"FR\"><b>Les laiss\u00e9s-pour-compte<\/b>. Enferm\u00e9s dans les strates inf\u00e9rieures de la pyramide sociale, ils forment la classe innombrables des exclus et des ind\u00e9sirables, tout ceux que le syst\u00e8me a abandonn\u00e9 sur le bord de la route : plus de 40% de la population en \u00e2ge de travailler, vivant compl\u00e8tement en marge du march\u00e9 officiel de l&#8217;emploi. Dans les pays du Nord, ceux du capitalisme central, on les d\u00e9signerait du nom de sous-prol\u00e9tariat. Mais le sous-prol\u00e9tariat est un ph\u00e9nom\u00e8ne extr\u00eamement minoritaire dans ces pays ; m\u00eame en p\u00e9riode de crise \u00e9conomique, ses effectifs ne d\u00e9passent pas les 2 ou 3% du total des actifs adultes. Chez nous, il forme une masse compacte, la cat\u00e9gorie num\u00e9riquement la plus importante de la structure des classes. Cette densit\u00e9 renvoie d&rsquo;ailleurs \u00e0 sa diversit\u00e9 et \u00e0 son h\u00e9t\u00e9rog\u00e9n\u00e9it\u00e9. Les laiss\u00e9s-pour-compte englobent p\u00eale-m\u00eale les paysans pauvres et sans-terre, les migrants de l&rsquo;habitat p\u00e9riurbain, les ch\u00f4meurs de longue dur\u00e9e et, de plus en plus, les g\u00e9n\u00e9rations successives de jeunes scolaris\u00e9s et dipl\u00f4m\u00e9s sans d\u00e9bouch\u00e9s professionnels. En dehors de l&rsquo;extr\u00eame pr\u00e9carit\u00e9 de ses conditions, ce qui unifie sociologiquement et culturellement cette multitude, c&rsquo;est son caract\u00e8re rural prononc\u00e9, m\u00eame si elle est surtout rel\u00e9gu\u00e9e dans les faubourgs des grandes villes ; il s&rsquo;agit d&rsquo;une population qui vient de quitter la campagne et dont l&rsquo;identit\u00e9 paysanne est toujours pr\u00e9pond\u00e9rante. Elle forme quasiment une soci\u00e9t\u00e9 seconde, une soci\u00e9t\u00e9 parall\u00e8le, engag\u00e9e dans des activit\u00e9s de stricte survie, l&rsquo;\u00e9conomie dite souterraine. Cette classe immense est la premi\u00e8re \u00e0 s&rsquo;\u00eatre mis en branle en d\u00e9cembre 2010 <\/span><\/font><\/font><font><span lang=\"FR\"><font face=\"Symbol\">&#8211;<\/font><font face=\"Arial\"> \u00e0 Sidi-Bouzid, Thala, Kasserine&#8230; <\/font><font face=\"Symbol\">&#8211;<\/font><\/span><\/font><span lang=\"FR\"><font face=\"Arial\"> et c&rsquo;est elle qui a fourni le plus lourd tribut \u00e0 la r\u00e9volution : pr\u00e8s de 200 martyrs et des milliers de bless\u00e9s. <\/font><\/span><\/p>\n<p align=\"justify\">\u00a0<\/p>\n<p align=\"justify\"><font face=\"Arial\"><b><span lang=\"FR\"><font>2 &#8211; La petite bourgeoisie urbaine<\/font><\/span><\/b><font><span lang=\"FR\"> : les fonctionnaires, les employ\u00e9s, les artisans, les petits commer\u00e7ants, les couches inf\u00e9rieures des professions lib\u00e9rales, les \u00e9tudiants, les petits entrepreneurs de l&rsquo;\u00e9conomie informelle, etc. L\u00e0 aussi, les effectifs sont pl\u00e9thoriques <\/span><\/font><\/font><font><span lang=\"FR\"><font face=\"Symbol\">&#8211;<\/font><font face=\"Arial\"> autour de 35% de la population adulte <\/font><font face=\"Symbol\">&#8211;<\/font><\/span><\/font><span lang=\"FR\"><font face=\"Arial\"> et les conditions d&rsquo;existence difficiles. Les revenus sont insuffisants, rogn\u00e9s en outre par une inflation galopante et l&rsquo;explosion du ph\u00e9nom\u00e8ne de surendettement des m\u00e9nages. Cependant, \u00e9tant donn\u00e9 son nombre, sa concentration dans les centres urbains, le niveau d&rsquo;\u00e9ducation relativement \u00e9lev\u00e9 de ses membres et, finalement, sa position m\u00e9diane dans le corps social, cette classe a occup\u00e9 une place essentielle dans la r\u00e9volution, notamment \u00e0 travers l&rsquo;organisation des manifestations et des marches et la transmission de l&rsquo;information et des mots d&rsquo;ordre.<\/font><\/span><\/p>\n<p align=\"justify\">\u00a0<\/p>\n<p align=\"justify\"><font face=\"Arial\"><b><span lang=\"FR\"><font>3 &#8211; La classe ouvri\u00e8re<\/font><\/span><\/b><font><span lang=\"FR\">. Quantitativement plus r\u00e9duite, culturellement moins influente, la classe ouvri\u00e8re n&rsquo;a rejoint la r\u00e9volution que dans un deuxi\u00e8me temps <\/span><\/font><\/font><font><span lang=\"FR\"><font face=\"Symbol\">&#8211;<\/font><\/span><\/font><span lang=\"FR\"><font><font face=\"Arial\"> lorsque le soul\u00e8vement a atteint Gafsa, Gab\u00e8s et Sfax<\/font><a target=\"_blank\" title=\"\" rel=\"noopener\"><span><font face=\"Arial\">[2]<\/font><\/span><\/a><\/font><font face=\"Arial\">. Son apport fut n\u00e9anmoins consid\u00e9rable, \u00e9tant donn\u00e9 le retentissement des mouvements de gr\u00e8ve sur le fonctionnement global de l&rsquo;\u00e9conomie. (La place centrale prise par l&rsquo;UGTT dans l&rsquo;encadrement de la r\u00e9volution ne doit pas masquer la r\u00e9alit\u00e9 \u00e0 cet \u00e9gard. L&rsquo;UGTT n&rsquo;est pas le syndicat des ouvriers d&rsquo;industrie, c&rsquo;est un syndicat de salari\u00e9s, o\u00f9 les employ\u00e9s et les fonctionnaires jouent un r\u00f4le d\u00e9terminant.) <\/font><\/span><\/p>\n<p align=\"justify\">\u00a0<\/p>\n<p align=\"justify\"><font face=\"Arial\"><b><span lang=\"FR\"><font>4 &#8211; La moyenne bourgeoisie<\/font><\/span><\/b><span lang=\"FR\"><font>, la classe des entrepreneurs et des couches ais\u00e9es des professions lib\u00e9rales. Num\u00e9riquement modeste, c&rsquo;est la derni\u00e8re cat\u00e9gorie \u00e0 avoir ralli\u00e9 le mouvement r\u00e9volutionnaire. Son ralliement a cependant jou\u00e9 un r\u00f4le d\u00e9cisif sur les plans politique et symbolique. Il a contribu\u00e9 \u00e0 donner \u00e0 la r\u00e9volution une sorte d&rsquo;universalit\u00e9, cette pleine unanimit\u00e9 sociale qu&rsquo;elle n&rsquo;avait pas encore. Avec son entr\u00e9e en sc\u00e8ne, le renversement de Ben Ali devenait l&rsquo;affaire de tous les Tunisiens. Ce n&rsquo;\u00e9tait plus simplement les exclus qui s&rsquo;opposaient aux inclus, ce n&rsquo;\u00e9tait plus les pauvres contre les riches, mais le rassemblement de tous, les d\u00e9sh\u00e9rit\u00e9s comme les privil\u00e9gi\u00e9s, contre un pouvoir minoritaire et inique, corrompu et malfaisant. D\u00e9sormais, le peuple r\u00e9volutionnaire se confondait avec l&rsquo;ensemble de la soci\u00e9t\u00e9. Et ce peuple r\u00e9uni, o\u00f9 plus personne ne manquait, se dressait contre un ennemi qui redevenait ce qu&rsquo;il \u00e9tait : une tyrannie mis\u00e9rable, absurde, d&rsquo;un autre \u00e2ge, ext\u00e9rieure et \u00e9trang\u00e8re \u00e0 la soci\u00e9t\u00e9. <\/font><\/span><\/font><\/p>\n<p align=\"justify\">\u00a0<\/p>\n<p align=\"justify\"><span lang=\"FR\"><font face=\"Arial\">R\u00e9capitulons. Les diff\u00e9rentes composantes du peuple r\u00e9volutionnaire <\/font><\/span><font><span lang=\"FR\"><font face=\"Symbol\">&#8211;<\/font><font face=\"Arial\"> la masse des laiss\u00e9s-pour-compte, la classe ouvri\u00e8re, la petite et la moyenne bourgeoisie <\/font><font face=\"Symbol\">&#8211;<\/font><\/span><\/font><span lang=\"FR\"><font><font face=\"Arial\"> n&rsquo;ont pas v\u00e9cu et ne vivent pas les m\u00eames privations. Toutes n&rsquo;ont pas affront\u00e9 le r\u00e9gime Ben Ali avec le m\u00eame courage et la m\u00eame d\u00e9termination. Elles ne sont pas entr\u00e9es dans le combat au m\u00eame moment et n&rsquo;ont pas consenti les m\u00eames sacrifices, ni subi les m\u00eames pertes et les m\u00eames dommages. Mais cela ne donne \u00e0 aucune d&rsquo;entres elles plus de droits qu&rsquo;aux autres sur la r\u00e9volution. Parce que l&rsquo;enti\u00e8re entreprise aurait sombr\u00e9 dans un effroyable bain de sang si une seule partie avait fait d\u00e9faut<\/font><a target=\"_blank\" title=\"\" rel=\"noopener\"><span><font face=\"Arial\">[3]<\/font><\/span><\/a><\/font><font face=\"Arial\"><font>. Il s&rsquo;agit donc d&rsquo;une r\u00e9alisation collective et, plus gravement, d&rsquo;une responsabilit\u00e9 commune. Une responsabilit\u00e9 qui engage tous les Tunisiens, et<\/font><i><font>qui les engage non seulement pour le pr\u00e9sent, mais aussi pour l&rsquo;avenir.<\/font><\/i><\/font><\/span><\/p>\n<p align=\"justify\">\u00a0<\/p>\n<p align=\"justify\"><span lang=\"FR\"><font face=\"Arial\">Je veux dire par l\u00e0 que l&rsquo;unit\u00e9 du peuple, qui \u00e9tait n\u00e9cessaire pour renverser la dictature, est toujours n\u00e9cessaire pour \u00e9difier le nouveau pouvoir et reconstruire l&rsquo;\u00e9conomie nationale. La pr\u00e9servation de cette unit\u00e9 et son approfondissement sont indispensables pour esp\u00e9rer avancer et progresser. Encore une fois, la coh\u00e9sion de notre front int\u00e9rieur n&rsquo;est pas une option parmi d&rsquo;autres, c&rsquo;est un imp\u00e9ratif strat\u00e9gique, la condition <i>sine qua non<\/i> du succ\u00e8s dans les batailles \u00e0 venir.<\/font><\/span><\/p>\n<p align=\"justify\">\u00a0<\/p>\n<p align=\"justify\"><b><i><span lang=\"FR\"><font face=\"Arial\">Quel programme \u00e9conomique pour la r\u00e9volution ?<\/font><\/span><\/i><\/b><\/p>\n<p align=\"justify\">\u00a0<\/p>\n<p align=\"justify\"><span lang=\"FR\"><font face=\"Arial\">Il faut que notre r\u00e9volution aille jusqu&rsquo;au bout de sa logique, qu&rsquo;elle r\u00e9alise les t\u00e2ches historiques pour lesquelles elle s&rsquo;est lev\u00e9e. Nous sommes aujourd&rsquo;hui parvenus \u00e0 nous accorder sur des buts politiques communs et unifi\u00e9s : mettre en place des institutions d\u00e9mocratiques, \u00e0 travers la convocation d&rsquo;une assembl\u00e9e constituante \u00e9lue au suffrage universel. Mais avons-nous des buts \u00e9conomiques communs et unifi\u00e9s ? Avons-nous une id\u00e9e pr\u00e9cise des mesures \u00e0 prendre pour transformer le mod\u00e8le \u00e9conomique actuel et apporter un nouvel horizon aux acteurs sociaux ? <\/font><\/span><\/p>\n<p align=\"justify\">\u00a0<\/p>\n<p align=\"justify\"><span lang=\"FR\"><font face=\"Arial\">Prenons la question par un autre bout. Examinez le discours du gouvernement provisoire. Que dit-il en mati\u00e8re de politique \u00e9conomique ? En dehors des formules convenues sur la n\u00e9cessit\u00e9 de la transparence, vous ne trouverez rien d&rsquo;inhabituel. Les anciennes orientations sont maintenues telles quelles. Les priorit\u00e9s sectorielles en faveur du tourisme et de la sous-traitance, l&rsquo;ouverture incontr\u00f4l\u00e9e du pays aux marchandises et aux capitaux ext\u00e9rieurs, les op\u00e9rations de privatisation et de d\u00e9nationalisation <\/font><\/span><font><span lang=\"FR\"><font face=\"Symbol\">&#8211;<\/font><\/span><\/font><span lang=\"FR\"><font face=\"Arial\"> aucun de ces choix calamiteux n&rsquo;est remis en cause. Davantage : le gouvernement provisoire et les technocrates qui le conseillent voudraient les radicaliser et les rendre irr\u00e9versibles, en acc\u00e9l\u00e9rant la signature d&rsquo;un nouvel accord d&rsquo;association avec l&rsquo;Union europ\u00e9enne. Les politiques qui ont ligot\u00e9 le d\u00e9veloppement du pays et creus\u00e9 les in\u00e9galit\u00e9s sociales jusqu&rsquo;\u00e0 la fracture, ces politiques qui ont provoqu\u00e9 le soul\u00e8vement populaire et la chute de Ben Ali, ils voudraient les garder, mais sans Ben Ali et, assurent-ils, sans la corruption. Comme si la corruption n&rsquo;\u00e9tait pas la fille naturelle du lib\u00e9ralisme et de la d\u00e9pendance ! <\/font><\/span><\/p>\n<p align=\"justify\">\u00a0<\/p>\n<p align=\"justify\"><span lang=\"FR\"><font face=\"Arial\">Comment changer de cap ? Comment construire une alternative \u00e9conomique volontaire, en m\u00eame temps coh\u00e9rente et rattach\u00e9e aux r\u00e9alit\u00e9s ? La premi\u00e8re chose \u00e0 faire consiste \u00e0 donner un grand coup de pied dans la pens\u00e9e unique du capitalisme actuel <\/font><\/span><font><span lang=\"FR\"><font face=\"Symbol\">&#8211;<\/font><\/span><\/font><span lang=\"FR\"><font face=\"Arial\"> cette id\u00e9ologie frauduleuse du \u00ab\u00a0laisser faire laisser aller\u00a0\u00bb, fabriqu\u00e9e dans les officines des institutions financi\u00e8res internationales, qui est ensuite inocul\u00e9e aux \u00e9lites du Sud depuis l&rsquo;\u00e9cole primaire jusqu&rsquo;\u00e0 l&rsquo;universit\u00e9. Cet int\u00e9grisme mondialis\u00e9, qui se pr\u00e9sente comme une sorte d&rsquo;horizon ind\u00e9passable pour notre temps, est une gigantesque arnaque, qui ne tient que par le cr\u00e9dit que les imb\u00e9ciles lui accordent. Les pays domin\u00e9s ne peuvent pas s&rsquo;affranchir mat\u00e9riellement des pays dominants s&rsquo;ils leur restent intellectuellement d\u00e9pendants.<\/font><\/span><\/p>\n<p align=\"justify\">\u00a0<\/p>\n<p align=\"justify\"><span lang=\"FR\"><font face=\"Arial\">La seconde chose \u00e0 faire est de rappeler une v\u00e9rit\u00e9 \u00e9l\u00e9mentaire, aujourd&rsquo;hui semble-t-il oubli\u00e9e <\/font><\/span><font><span lang=\"FR\"><font face=\"Symbol\">&#8211;<\/font><font face=\"Arial\"> ou ignor\u00e9e <\/font><font face=\"Symbol\">&#8211;<\/font><font face=\"Arial\"> par beaucoup de responsables politiques dans le pays, et pas seulement dans la mouvance du gouvernement provisoire : l&rsquo;\u00e9conomie n&rsquo;est pas une science neutre, dont les pr\u00e9ceptes s&rsquo;appliqueraient uniform\u00e9ment partout et en toutes circonstances. L&rsquo;\u00e9conomie, c&rsquo;est d&rsquo;abord l&rsquo;art de g\u00e9rer des int\u00e9r\u00eats contradictoires. C&rsquo;est donc une affaire \u00e9minemment politique. Une affaire de choix politiques. En ce qui concerne le pays, nous serions bien avis\u00e9s de les arr\u00eater nous-m\u00eames et de ne pas nous en remettre <\/font><font face=\"Symbol\">&#8211;<\/font><font face=\"Arial\"> comme sous Ben Ali et sous Bourguiba <\/font><font face=\"Symbol\">&#8211;<\/font><\/span><\/font><span lang=\"FR\"><font face=\"Arial\"> aux conseils \u00ab\u00a0d\u00e9sint\u00e9ress\u00e9s\u00a0\u00bb de nos amis occidentaux.<\/font><\/span><\/p>\n<p align=\"justify\">\u00a0<\/p>\n<p align=\"justify\"><span lang=\"FR\"><font face=\"Arial\">On a vu que la r\u00e9volution avait \u00e9t\u00e9 l&rsquo;\u0153uvre commune des forces sociales constitutives de notre peuple : la masse rurale, la classe ouvri\u00e8re, la petite et la moyenne bourgeoisie. Le programme \u00e9conomique alternatif doit \u00eatre d\u00e9fini en fonction de leurs besoins, de leurs attentes et de leurs aspirations. Ni plus ni moins.<\/font><\/span><\/p>\n<p align=\"justify\"><span lang=\"FR\"><font face=\"Arial\">Il faut ouvrir, devant ces diff\u00e9rentes forces, des perspectives de promotion cr\u00e9dibles. En sachant que leurs int\u00e9r\u00eats particuliers ne sont pas spontan\u00e9ment convergents. Et qu&rsquo;il faudra, par cons\u00e9quent, proc\u00e9der \u00e0 des compromis et \u00e0 des arbitrages, sous la responsabilit\u00e9 de l&rsquo;Etat. <\/font><\/span><\/p>\n<p align=\"justify\">\u00a0<\/p>\n<p align=\"justify\"><span lang=\"FR\"><font face=\"Arial\">Nous sommes en train de passer de la dictature \u00e0 la d\u00e9mocratie, c&rsquo;est-\u00e0-dire \u00e0 l&rsquo;affirmation de la souverainet\u00e9 populaire. Dans l&rsquo;\u00e9conomie, nous faisons face \u00e0 un d\u00e9fi similaire : passer de la d\u00e9pendance \u00e0 la ma\u00eetrise de notre d\u00e9veloppement, c&rsquo;est-\u00e0-dire l\u00e0 aussi \u00e0 la pleine souverainet\u00e9. Le processus sera long et difficile, mais c&rsquo;est un objectif national majeur. Il exige la mobilisation de tout le corps social, une mobilisation qui prenne en compte aussi bien les int\u00e9r\u00eats particuliers que les int\u00e9r\u00eats d&rsquo;ensemble, qui cherche \u00e0 les concilier et \u00e0 les harmoniser, mais qui ne place pas les premiers au-dessus des seconds. Ni la ville avant les campagnes, ni l&rsquo;inverse ; ni les travailleurs avant les chefs d&rsquo;entreprise, ni le contraire.<\/font><\/span><\/p>\n<p align=\"justify\">\u00a0<\/p>\n<p align=\"justify\"><span lang=\"FR\"><font face=\"Arial\">Les finalit\u00e9s d&rsquo;un tel projet sont claires. Il faut sortir de la spirale du sous-d\u00e9veloppement, de la d\u00e9pendance et de l&rsquo;endettement ext\u00e9rieur. Il faut d\u00e9velopper notre potentiel productif et technologique national. Donner du travail \u00e0 tous les exclus et notamment \u00e0 la jeunesse. Donner des perspectives d&rsquo;investissements et de profits \u00e0 nos entrepreneurs. Stimuler la demande int\u00e9rieure en am\u00e9liorant les conditions de travail et de r\u00e9mun\u00e9ration des salari\u00e9s et en r\u00e9sorbant les disparit\u00e9s r\u00e9gionales. Combler les d\u00e9s\u00e9quilibres de l&rsquo;appareil \u00e9conomique en r\u00e9tablissant l&rsquo;autosuffisance alimentaire et la couverture de nos besoins en biens manufactur\u00e9s de masse.<\/font><\/span><\/p>\n<p align=\"justify\">\u00a0<\/p>\n<p align=\"justify\"><span lang=\"FR\"><font face=\"Arial\">Ces buts g\u00e9n\u00e9raux doivent \u00eatre adopt\u00e9s par tous, de la mani\u00e8re la plus explicite. Ils devront faire l&rsquo;objet d&rsquo;un vaste consensus et \u00eatre int\u00e9gr\u00e9s dans une sorte de pacte national pour le d\u00e9veloppement. Ils formeront ainsi une base commune qui permettra au pays de se projeter tout entier vers l&rsquo;avenir, tout en cimentant l&rsquo;unit\u00e9 de ses diff\u00e9rentes composantes. <\/font><\/span><\/p>\n<p align=\"justify\">\u00a0<\/p>\n<p align=\"justify\"><b><i><span lang=\"FR\"><font face=\"Arial\">Cinq mesures centrales<\/font><\/span><\/i><\/b><\/p>\n<p align=\"justify\">\u00a0<\/p>\n<p align=\"justify\"><span lang=\"FR\"><font face=\"Arial\">La r\u00e9alisation d&rsquo;un tel programme \u00e9conomique passe par des d\u00e9cisions <i>politiques<\/i> pr\u00e9cises. Je citerai ici les mesures qui me semblent parmi les plus importantes \u00e0 prendre :<\/font><\/span><\/p>\n<p align=\"justify\">\u00a0<\/p>\n<p align=\"justify\"><font face=\"Arial\"><b><span lang=\"FR\"><font>1 &#8211; La r\u00e9forme agraire<\/font><\/span><\/b><font><span lang=\"FR\">. Nous disposons d&rsquo;un peu plus d&rsquo;un million d&rsquo;hectares de terres domaniales, reliquat des terres d\u00e9rob\u00e9es \u00e0 la paysannerie par la colonisation fran\u00e7aise. Ces terres, dont la mise en valeur actuelle est d\u00e9sastreuse, doivent \u00eatre redistribu\u00e9es \u00e0 leurs ayant-droits l\u00e9gitimes, les paysans pauvres. Cette mesure ne r\u00e9parerait pas seulement une injustice, c&rsquo;est la seule fa\u00e7on de faire repartir la production vivri\u00e8re, tout en apportant une premi\u00e8re solution pratique au probl\u00e8me du ch\u00f4mage de masse et \u00e0 la d\u00e9tresse du monde rural. Pr\u00e8s de 200.000 familles <\/span><\/font><\/font><font><span lang=\"FR\"><font face=\"Symbol\">&#8211;<\/font><font face=\"Arial\"> le dixi\u00e8me des m\u00e9nages tunisiens <\/font><font face=\"Symbol\">&#8211;<\/font><\/span><\/font><span lang=\"FR\"><font face=\"Arial\"> peuvent \u00eatre concern\u00e9es par une d\u00e9cision de ce genre, toujours report\u00e9e \u00e0 plus tard depuis 1956. <\/font><\/span><\/p>\n<p align=\"justify\">\u00a0<\/p>\n<p align=\"justify\"><font face=\"Arial\"><b><span lang=\"FR\"><font>2 &#8211; Les grands travaux<\/font><\/span><\/b><font><span lang=\"FR\">. Dans le cadre des politiques de r\u00e9sorption du ch\u00f4mage et de r\u00e9duction des disparit\u00e9s r\u00e9gionales, il faut \u00e9galement lancer un programme ambitieux de grands travaux <\/span><\/font><\/font><font><span lang=\"FR\"><font face=\"Symbol\">&#8211;<\/font><\/span><\/font><span lang=\"FR\"><font face=\"Arial\"> routes, chemins de fer, am\u00e9nagements hydrauliques, reforestation, etc. L&rsquo;efficacit\u00e9 \u00e9conomique globale du pays en sortirait multipli\u00e9e. Sans pour autant alourdir la dette ext\u00e9rieure : les principaux chantiers peuvent \u00eatre parfaitement financ\u00e9s par un grand emprunt national.<\/font><\/span><\/p>\n<p align=\"justify\">\u00a0<\/p>\n<p align=\"justify\"><font face=\"Arial\"><b><span lang=\"FR\"><font>3 &#8211; La protection cibl\u00e9e du march\u00e9 int\u00e9rieur<\/font><\/span><\/b><span lang=\"FR\"><font>. Deux secteurs pr\u00e9sentent aujourd&rsquo;hui un int\u00e9r\u00eat majeur : la production agricole et les biens industriels de consommation courante. Le premier, parce que l&rsquo;autosuffisance alimentaire est la condition de toute ind\u00e9pendance ; le second parce que lui seul permet l&rsquo;acquisition et l&rsquo;accumulation des savoir-faire de base. Les deux sont la matrice du d\u00e9veloppement ult\u00e9rieur de nos capacit\u00e9s \u00e9conomiques et techniques. <\/font><\/span><\/font><\/p>\n<p align=\"justify\">\u00a0<\/p>\n<p align=\"justify\"><font face=\"Arial\"><b><span lang=\"FR\"><font>4 &#8211; L&rsquo;int\u00e9gration de la sous-traitance<\/font><\/span><\/b><span lang=\"FR\"><font>. Les activit\u00e9s de sous-traitance industrielle restent marqu\u00e9es par leur aspect parcellaire et fragment\u00e9, c&rsquo;est-\u00e0-dire par leur faible degr\u00e9 d&rsquo;int\u00e9gration horizontale et verticale. Il faut inscrire ce secteur dans un programme de d\u00e9veloppement inspir\u00e9 des m\u00e9thodes asiatiques dites de remont\u00e9e des fili\u00e8res. Contrairement \u00e0 ce qu&rsquo;affirme la propagande lib\u00e9rale, les pays \u00e9mergents n&rsquo;ont pas \u00e9merg\u00e9 en laissant jouer les \u00ab\u00a0lois du march\u00e9\u00a0\u00bb, mais en s&rsquo;appuyant sur l&rsquo;Etat et sur ses capacit\u00e9s de pr\u00e9vision, de planification et d&rsquo;investissement. C&rsquo;est ce qui nous am\u00e8ne au dernier point :<\/font><\/span><\/font><\/p>\n<p align=\"justify\">\u00a0<\/p>\n<p align=\"justify\"><font face=\"Arial\"><b><span lang=\"FR\"><font>5 &#8211; La reconstruction de la capacit\u00e9 d&rsquo;intervention des pouvoirs publics<\/font><\/span><\/b><span lang=\"FR\"><font>. Il faut redonner \u00e0 l&rsquo;Etat tunisien un r\u00f4le central dans la strat\u00e9gie du d\u00e9veloppement. Ce r\u00f4le a \u00e9t\u00e9 syst\u00e9matiquement d\u00e9truit par Ben Ali, ce qui a fait de l&rsquo;\u00e9conomie du pays une sorte de f\u00e9tu de paille fluctuant au gr\u00e9 des al\u00e9as de la conjoncture ext\u00e9rieure. Il faut en finir avec une telle d\u00e9mission des pouvoirs publics. La premi\u00e8re mesure \u00e0 prendre dans cette optique est de r\u00e9tablir un minimum de contr\u00f4le du syst\u00e8me bancaire et des flux financiers.<\/font><\/span><\/font><\/p>\n<p align=\"justify\">\u00a0<\/p>\n<p align=\"justify\"><span lang=\"FR\"><font face=\"Arial\">Evitons tout malentendu. Il ne s&rsquo;agit pas de revenir aux anciennes formules \u00e9tatistes des ann\u00e9es soixante, ni de couper les ponts avec le monde ext\u00e9rieur. Il s&rsquo;agit simplement de donner \u00e0 l&rsquo;Etat tunisien un r\u00f4le <\/font><\/span><font><span lang=\"FR\"><font face=\"Symbol\">&#8211;<\/font><font face=\"Arial\"> celui de garant de l&rsquo;ind\u00e9pendance et du d\u00e9veloppement <\/font><font face=\"Symbol\">&#8211;<\/font><font face=\"Arial\"> qu&rsquo;il n&rsquo;aurait jamais d\u00fb quitter. Et il s&rsquo;agit aussi de faire \u00e9voluer progressivement le rapport de force avec les partenaires \u00e9conomiques europ\u00e9ens de fa\u00e7on \u00e0 parvenir \u00e0 une position plus convenable dans le syst\u00e8me de la division internationale du travail. Il n&rsquo;est pas question de sortir de ce syst\u00e8me <\/font><font face=\"Symbol\">&#8211;<\/font><font face=\"Arial\"> il n&rsquo;y en a pas d&rsquo;autre<\/font><font face=\"Symbol\">&#8211;<\/font><\/span><\/font><span lang=\"FR\"><font face=\"Arial\">, mais de ne pas accepter d&rsquo;\u00eatre rel\u00e9gu\u00e9 parmi les derniers de la classe.<\/font><\/span><\/p>\n<p align=\"justify\">\u00a0<\/p>\n<p align=\"justify\"><b><i><span lang=\"FR\"><font face=\"Arial\">Autour de nous, le monde a aussi chang\u00e9<\/font><\/span><\/i><\/b><\/p>\n<p align=\"justify\">\u00a0<\/p>\n<p align=\"justify\"><span lang=\"FR\"><font face=\"Arial\">L&rsquo;op\u00e9ration n&rsquo;est pas facile, elle est cependant \u00e0 notre port\u00e9e. La puissance des pays du Nord n&rsquo;est plus ce qu&rsquo;elle \u00e9tait. Leur h\u00e9g\u00e9monie se l\u00e9zarde sous nos yeux depuis de nombreuses ann\u00e9es. Sous l&rsquo;effet de leurs contradictions internes, d&rsquo;abord<\/font><\/span><font><span lang=\"FR\"><font face=\"Symbol\">&#8211;<\/font><\/span><\/font><span lang=\"FR\"><font face=\"Arial\"> la financiarisation de leur \u00e9conomie a d\u00e9vast\u00e9 leur appareil productif et mis \u00e0 mal leur tissu social. Du fait des coups de boutoir qu&rsquo;ils re\u00e7oivent des pays \u00e9mergents, ensuite, et notamment des plus grands d&rsquo;entre eux : Chine, Inde, Br\u00e9sil, Russie, Mexique. Une br\u00e8che s&rsquo;est ouverte dans le syst\u00e8me mondial, o\u00f9 plusieurs pays se sont engouffr\u00e9s, et o\u00f9 nous pouvons nous glisser \u00e0 notre tour. Il y a l\u00e0 des conditions historiques objectives qui donnent tout leur sens \u00e0 nos propositions alternatives. Des ambitions qui paraissaient hier d\u00e9finitivement hors de port\u00e9e redeviennent d\u00e9sormais accessibles. <\/font><\/span><\/p>\n<p align=\"justify\">\u00a0<\/p>\n<p align=\"justify\"><span lang=\"FR\"><font face=\"Arial\">Evidemment, il se pose ici un probl\u00e8me de masse critique. Pour peser sur un rapport de force, encore faut-il peser quelque chose. En termes de poids relatif, la Tunisie seule, avec son territoire exig\u00fce et ses dix millions d&rsquo;habitants, ne p\u00e8se pas bien lourd. C&rsquo;est la raison pour laquelle il est indispensable que nous coalisions nos moyens avec ceux d&rsquo;autres pays d\u00e9pendants, et d&rsquo;abord avec les peuples arabes. Il y a \u00e0 peine quelques mois, une telle perspective aurait sembl\u00e9 utopique. Ce n&rsquo;est plus le cas. L&rsquo;immense vague qui nous a soulev\u00e9s est en train de les soulever l&rsquo;un apr\u00e8s l&rsquo;autre \u00e0 leur tour. Dans un d\u00e9lai tr\u00e8s court <\/font><\/span><font><span lang=\"FR\"><font face=\"Symbol\">&#8211;<\/font><font face=\"Arial\"> deux ou trois ans <\/font><font face=\"Symbol\">&#8211;<\/font><\/span><\/font><span lang=\"FR\"><font face=\"Arial\">, de vastes champs de coop\u00e9ration vont s\u2019offrir, qu&rsquo;il convient de commencer \u00e0 favoriser d\u00e8s aujourd&rsquo;hui. Isol\u00e9, aucun pays arabe ne fait le poids ; ensemble, c&rsquo;est une autre paire de manches. <\/font><\/span><\/p>\n<p align=\"justify\">\u00a0<\/p>\n<p align=\"justify\">\u00a0<\/p>\n<p align=\"justify\"><span lang=\"FR\"><font face=\"Arial\">La strat\u00e9gie \u00e9conomique alternative vise un seul objectif : faire respecter notre souverainet\u00e9, \u00e9tablir notre droit \u00e0 \u00eatre les ma\u00eetres de notre destin, refuser de voir le pays r\u00e9duit \u00e0 une sorte de d\u00e9pendance, o\u00f9 tout le monde se sert sauf les v\u00e9ritables propri\u00e9taires. Un tel objectif ne sera pas atteint par un simple claquement de doigts. Les choses ne vont pas s&rsquo;am\u00e9liorer radicalement pour tout le monde du jour au lendemain. Les anciennes structures ne vont pas \u00eatre abolies par magie et laisser la place aux nouvelles. Tout cela exigera du temps et beaucoup d&rsquo;efforts. Mais un chemin s&rsquo;est ouvert, que nous pouvons, que nous devons emprunter.<\/font><\/span><\/p>\n<p align=\"justify\">\u00a0<\/p>\n<p align=\"justify\"><span lang=\"FR\"><font face=\"Arial\">Les diff\u00e9rents gouvernements provisoires qui se sont succ\u00e9d\u00e9 depuis le 14 Janvier ont-ils abord\u00e9 des th\u00e9matiques de ce genre ? Non. Et c&rsquo;est parfaitement compr\u00e9hensible : leur r\u00f4le n&rsquo;est pas de faciliter la naissance du nouveau, mais de pr\u00e9server l&rsquo;existence de l&rsquo;ancien, en faisant des concessions de pure forme pour que rien ne change sur le fond. On l&rsquo;a vu sur les sujets directement politiques comme l&rsquo;assembl\u00e9e constituante ; tout ce qui a \u00e9t\u00e9 obtenu a \u00e9t\u00e9 arrach\u00e9 par la pression. Pour l&rsquo;alternative \u00e9conomique, il faudra proc\u00e9der de la m\u00eame mani\u00e8re : la mettre au c\u0153ur du d\u00e9bat public et lutter pour qu&rsquo;elle devienne une cause centrale dans la mobilisation populaire.<\/font><\/span><\/p>\n<p align=\"justify\">\u00a0<\/p>\n<p align=\"justify\"><span lang=\"FR\"><font face=\"Arial\">Il faut aussi apprendre \u00e0 identifier les vrais probl\u00e8mes. Et apprendre \u00e0 nous battre sur des terrains choisis par nous-m\u00eames et non pas sur ceux-l\u00e0 o\u00f9 l&rsquo;ennemi voudrait nous entra\u00eener pour nous voir nous affronter les uns les autres \u00e0 son seul profit. Les enjeux \u00e9conomiques et sociaux sont essentiels pour l&rsquo;avenir de notre peuple. Ces enjeux doivent \u00eatre clairs lors des \u00e9lections de juillet prochain. Si ce n&rsquo;est pas le cas, ce sont les anciennes formules qui l&#8217;emporteront. Ce ne serait pas seulement un \u00e9chec pour le d\u00e9veloppement, ce serait aussi un \u00e9chec pour la d\u00e9mocratie. Parce qu&rsquo;il n&rsquo;y a pas de d\u00e9mocratie qui se maintienne et prosp\u00e8re dans la pauvret\u00e9 et la soumission \u00e0 l&rsquo;\u00e9tranger. <\/font><\/span><\/p>\n<p align=\"justify\">\u00a0<\/p>\n<p align=\"justify\"><span lang=\"FR\"><font face=\"Arial\">Le monde nouveau nous tend les bras. Surmontons les vieilles peurs et allons vers lui avec courage. <\/font><\/span><\/p>\n<div><br clear=\"all\"\/>\u00a0<\/p>\n<hr align=\"left\" size=\"1\" width=\"33%\"\/>\n<div>\n<p><a target=\"_blank\" title=\"\" rel=\"noopener\"><span><span lang=\"FR\"><font>[1]<\/font><\/span><\/span><\/a><span lang=\"FR\"><font> &#8211; Le syst\u00e8me des pr\u00e9sidences h\u00e9r\u00e9ditaires que certains pays ont tent\u00e9 d&rsquo;\u00e9tablir est r\u00e9v\u00e9lateur de leurs difficult\u00e9s \u00e0 cet \u00e9gard : les Assad, en Syrie, les Moubarak, en Egypte, les Gueddafi, en Libye, les Saleh, au Y\u00e9men, etc.<\/font><\/span><\/p>\n<\/div>\n<div>\n<p><a target=\"_blank\" title=\"\" rel=\"noopener\"><span><span lang=\"FR\"><font>[2]<\/font><\/span><\/span><\/a><span lang=\"FR\"><font> &#8211; L&rsquo;insurrection du bassin minier en 2008 a n\u00e9anmoins jou\u00e9 un r\u00f4le pr\u00e9paratoire incontestable.<\/font><\/span><\/p>\n<\/div>\n<div>\n<p><a target=\"_blank\" title=\"\" rel=\"noopener\"><span><span lang=\"FR\"><font>[3]<\/font><\/span><\/span><\/a><span lang=\"FR\"><font> &#8211; C&rsquo;est la conjonction de deux processus contradictoires <\/font><font face=\"Symbol\">&#8211;<\/font><font> l&rsquo;unit\u00e9 de \u00ab\u00a0ceux d&rsquo;en bas\u00a0\u00bb ; l&rsquo;isolement de \u00ab\u00a0ceux d&rsquo;en haut\u00a0\u00bb <\/font><font face=\"Symbol\">&#8211;<\/font><font> qui explique la victoire de la r\u00e9volution en Tunisie (et en Egypte) et son co\u00fbt relativement faible en pertes humaines. Et c&rsquo;est sans doute parce qu&rsquo;une telle conjonction n&rsquo;est pas encore pleinement accomplie que les choses se passent de mani\u00e8re aussi douloureuses aujourd&rsquo;hui en Libye, en Syrie, au Y\u00e9men et ailleurs.<\/font><\/span><\/p>\n<p>\u00a0<\/p>\n<p>\u00a0<\/p>\n<hr\/>\n<p>\u00a0<\/p>\n<p align=\"center\"><b><span lang=\"FR\"><\/p>\n<h3 style=\"color: blue;\"><font face=\"Arial\">LA FRANCE ET L\u2019IMMIGRATION DE TUNISIE ET D\u2019AILLEURS\u2026<\/font><\/h3>\n<p> <\/span><\/b><\/p>\n<hr\/>\n<p>\u00a0<\/p>\n<p align=\"justify\"><span lang=\"FR\"><font face=\"Arial\">M. Henri Guaino, le conseiller sp\u00e9cial du Pr\u00e9sident Nicolas Sarkozy a explicit\u00e9 la position de la France quant au respect des accords de Schengen : il ne s\u2019agit pas d\u2019en suspendre l\u2019application mais d\u2019en pr\u00e9ciser les modalit\u00e9s dans des circonstances exceptionnelles. Henri Guaino a nettement expliqu\u00e9 la position de la France. La question qui demeure est, cependant : que pouvons nous faire pour ces hommes, ces femmes et parfois aussi ces enfants qui bravent une mer d\u00e9cha\u00een\u00e9e pour rejoindre des rivages devenus inhospitaliers ? A l\u2019\u00e9vidence, nos pays ne peuvent plus, ne veulent plus accueillir une \u00e9migration qui fait peur, nourrit (\u00e0 tort ou \u00e0 raison) l\u2019ins\u00e9curit\u00e9 et complique la vie des nationaux dans les pays concern\u00e9s. Mais alors n\u2019existe-t-il qu\u2019une solution, \u00e0 savoir le rejet, le renvoi de ces victimes de la mis\u00e8re et de la tyrannie ? Non point, il nous faut trouver une autre solution qui permette de maintenir tous ces gens chez eux. Comment ? En g\u00e9n\u00e9ralisant l\u2019ing\u00e9rence humanitaire soutenues par des interventions arm\u00e9es\u2026 Il n\u2019est pas normal, par exemple, que l\u2019ONU intervienne en Libye et pas en Syrie o\u00f9 le m\u00eame ph\u00e9nom\u00e8ne existe : un r\u00e9gime autoritaire et corrompu tue sa propre population. Depuis hier, l\u2019arm\u00e9e syrienne se comporte chez elle comme sur un champ de bataille \u00e0 l\u2019\u00e9tranger. Elle a investi Dera\u2019a avec des blind\u00e9s et des chars d\u2019assaut, arr\u00eate les opposants \u00e0 tour de bras et ne s\u2019embarrasse gu\u00e8re du respect des droits de l\u2019homme. Pourquoi laisse-t-on le r\u00e9gime de Bachar al-Assad agir de la sorte ? On nous r\u00e9pond que ce pays agressif dispose de maints leviers r\u00e9gionaux qui assurent sa survie\u2026 Ce raisonnement rel\u00e8ve de la Realpolitik et tourne totalement le dos \u00e0 l\u2019\u00e9thique la plus \u00e9l\u00e9mentaire. Au nom de ce m\u00eame principe cynique, on a laiss\u00e9 la Syrie occuper le Liban pendant plus d\u2019un quart de si\u00e8cle. Allons nous continuer dans cette voie ? La force \u00e9thique doit primer sur tout le reste. Ce n\u2019est pas un r\u00eave. Les Suisse eux m\u00eame le savent bien, eux qui abritent le centre de la Croix Rouge et jadis la Soci\u00e9t\u00e9 des nations. Eux aussi s\u2019inqui\u00e8tent \u00e0 juste titre des dangers d\u2019une immigration incontr\u00f4l\u00e9e\u2026<\/font><\/span><\/p>\n<p align=\"justify\"><span lang=\"FR\"><font face=\"Arial\">Source: \u00abmrhayoun,blog \u00bb Le 25-04-2011<\/font><\/span><\/p>\n<div>\n<p align=\"justify\"><span lang=\"FR\"><font face=\"Arial\">Lien : <\/font><a href=\"http:\/\/mrhayoun.blog.tdg.ch\/archive\/2011\/04\/25\/la-france-et-l-immigration-de-tunisie-et-d-ailleurs.html\" target=\"_blank\" rel=\"noopener\"><font face=\"Arial\">http:\/\/mrhayoun.blog.tdg.ch\/archive\/2011\/04\/25\/la-france-et-l-immigration-de-tunisie-et-d-ailleurs.html<\/font><\/a><\/span><\/p>\n<\/div>\n<p align=\"center\"><b><span lang=\"FR\"><\/p>\n<h3 style=\"color: blue;\"><font face=\"Arial\">Tunisie : Afek Tounes attach\u00e9 \u00e0 l\u2019article 1er de la Constitution<\/font><\/h3>\n<p> <\/span><\/b><\/p>\n<hr\/>\n<p>\u00a0<\/p>\n<p align=\"justify\"><span lang=\"FR\"><font face=\"Arial\">Le Palais des Congr\u00e8s de Tunis a abrit\u00e9, samedi 23 avril 2011, le premier meeting du parti \u00ab Afek Toun\u00e8s \u00bb. La rencontre a \u00e9t\u00e9 l&rsquo;occasion de passer en revue les orientations et les visions du parti, en ce qui concerne une s\u00e9rie de questions ayant trait \u00e0 la soci\u00e9t\u00e9 tunisienne, \u00e0 l&rsquo;Assembl\u00e9e constituante, \u00e0 l&#8217;emploi et au d\u00e9veloppement r\u00e9gional.<\/font><\/span><\/p>\n<p align=\"justify\"><span lang=\"NO-BOK\"><font face=\"Arial\">Afek Tounes est un parti form\u00e9 par groupe de personnes \u00e0 l\u2019instar de Emna Menif, Sami Zaoui, Hatem Chelli et Hammouda Louzir. Emna Menif, membre fondateur du parti, a soulign\u00e9 l&rsquo;attachement du parti \u00e0 l&rsquo;article premier de la Constitution du 1er juin 1959. Article proclamant clairement que la Tunisie est un Etat libre, ind\u00e9pendant et souverain; sa religion est l&rsquo;Islam, sa langue est l&rsquo;arabe. <\/font><\/span><font><span lang=\"EN-GB\"><font face=\"Arial\">\u00ab La Tunisie est pour tous les Tunisiens sans discrimination raciale, ethnique ou confessionnelle. La Tunisie \u00e9tait depuis toujours un pays r\u00e9put\u00e9 pour son ouverture sur toutes les civilisations et par son respect de la libert\u00e9 de conscience et des valeurs de dialogue et de tol\u00e9rance, \u00bb a-t-elle ajout\u00e9. De son cot\u00e9 Sami Zaoui, coordinateur g\u00e9n\u00e9ral du parti a insist\u00e9 sur l&rsquo;imp\u00e9ratif de rompre avec les pratiques de l&rsquo;ancien r\u00e9gime, de lutter contre la corruption politique et financi\u00e8re et toutes les formes d&rsquo;exclusion, de marginalisation, d\u2019oeuvrer \u00e0 consacrer la d\u00e9mocratie et l&rsquo;ind\u00e9pendance de la justice et \u00e0 consolider la libert\u00e9 de la presse. <\/font><\/span><\/font><font face=\"Arial\"><font><span lang=\"NO-BOK\">Il a, \u00e9galement, r\u00e9affirm\u00e9 l&rsquo;imp\u00e9ratif de respecter les libert\u00e9s individuelles et publiques et de pr\u00e9server les acquis du Code du Statut Personnel. Il a r\u00e9it\u00e9rer l\u2019obligation du respect des conventions internationales garantissant les droits de la femme en tant que partenaire effectif de l&rsquo;homme. Hatem Chelli, membre du bureau politique du parti, a soulign\u00e9 l&rsquo;importance d&rsquo;\u00e9laborer un pacte r\u00e9publicain engageant tous les partis et listes candidates \u00e0 la Constituante et d&rsquo;instituer le principe de d\u00e9claration sur les biens de chaque membre du gouvernement ou de la Constituante. \u00ab Le parti Afek Tounes appelle \u00e0 instaurer un r\u00e9gime qui combine entre le pr\u00e9sidentiel et le parlementaire, mettant l&rsquo;accent sur la n\u00e9cessit\u00e9 de veiller \u00e0 ce que l&rsquo;Assembl\u00e9e constituante soumette le projet de la nouvelle constitution \u00e0 un r\u00e9f\u00e9rendum populaire le 14 janvier 2012 \u00bb, a-t-il soulign\u00e9. De son c\u00f4t\u00e9 Hammouda Louzir, a indiqu\u00e9 que le dossier de l&#8217;emploi est au premier plan des programmes du parti et \u00ab qu&rsquo;il ne peut y avoir de r\u00e9volution r\u00e9ussie sans l&rsquo;accumulation de la richesse \u00bb.<\/span><\/font><span lang=\"EN-GB\"><font>Il a mis l&rsquo;accent sur l&rsquo;imp\u00e9ratif de promouvoir l&rsquo;esprit de cr\u00e9ativit\u00e9, d&rsquo;impulser l&rsquo;initiative et d&rsquo;instaurer un climat \u00e9conomique et social sain. Ce qui permettra de conforter la confiance aupr\u00e8s des promoteurs priv\u00e9s et de polariser les investisseurs \u00e9trangers. Ce qui ne manquera pas de cr\u00e9er des postes d&#8217;emploi additionnels et de contribuer \u00e0 la croissance \u00e9conomique et \u00e0 l&rsquo;am\u00e9lioration des conditions de vie des citoyens, notamment, dans les r\u00e9gions int\u00e9rieures.<\/font><\/span><\/font><\/p>\n<p align=\"justify\"><span lang=\"FR-CA\"><font face=\"Arial\">Source : \u00ab Invstir een Tunisie \u00bb Le 25-04-2011<\/font><\/span><\/p>\n<div>\n<p align=\"justify\"><span lang=\"FR-CA\"><font face=\"Arial\">Lien : <\/font><a href=\"http:\/\/www.investir-en-tunisie.net\/index.php?option=com_content&amp;view=article&amp;id=9767\" target=\"_blank\" rel=\"noopener\"><font face=\"Arial\">http:\/\/www.investir-en-tunisie.net\/index.php?option=com_content&amp;view=article&amp;id=9767<\/font><\/a><\/span><\/p>\n<\/div>\n<p align=\"center\">\n<h3 style=\"color: blue;\"><font face=\"Arial\"><b><span lang=\"EN-GB\">Marche pacifique, \u00e0 Hammamet, pour soutenir le secteur touristique<\/span><\/b><span lang=\"EN-GB\"><\/span><\/font><\/h3>\n<p><font face=\"Arial\"><span lang=\"EN-GB\"><\/span><\/font><\/p>\n<hr\/>\n<p><span lang=\"EN-GB\"><font face=\"Arial\">Plus de 2500 professionnels et employ\u00e9s directs ou indirects du secteur du tourisme ont participe, samedi, \u00e0 une marche pacifique pour exprimer leur soutien au secteur et sensibiliser \u00e0 l&rsquo;ampleur de la crise \u00e0 laquelle il fait face, laquelle n\u00e9cessite la conjugaison des efforts de tous les tunisiens afin de la r\u00e9sorber.<\/font><\/span>\u00a0<\/p>\n<p align=\"justify\"><span lang=\"EN-GB\"><font face=\"Arial\">Les manifestants qui ont long\u00e9 l&rsquo;avenue Habib Bourguiba jusqu&rsquo;au centre ville de Hammamet arrivant \u00e0 proximit\u00e9 du fort (Kasbah) et de la M\u00e9dina ont brandi des slogans: \u00ab\u00a0le tourisme procure 400 mille emplois qu&rsquo;il faut pr\u00e9server\u00a0\u00bb, et \u00ab\u00a0le tourisme rapproche les cultures et les civilisations\u00a0\u00bb et \u00ab\u00a0Hammamet est une destination touristique et le restera\u00a0\u00bb.<\/font><\/span><\/p>\n<p align=\"justify\"><span lang=\"EN-GB\"><font face=\"Arial\">D&rsquo;autre participants ont brandi des banderoles sur lesquelles on pouvait lire: \u00ab\u00a0Appel urgent \u00e0 tous ce qui aiment la Tunisie \u00e0 soutenir le tourisme tunisien et \u00e0 consolider l&rsquo;\u00e9conomie tunisienne\u00a0\u00bb, \u00ab\u00a0touche pas \u00e0 notre tourisme\u00a0\u00bb et \u00ab\u00a0Hammamet appelle \u00e0 une Tunisie moderne\u00a0\u00bb.<\/font><\/span><\/p>\n<p align=\"justify\"><span lang=\"EN-GB\"><font face=\"Arial\">M. Habib Bouslama, pr\u00e9sident de la F\u00e9d\u00e9ration r\u00e9gionale de l&rsquo;h\u00f4tellerie de Nabeul, organisatrice de cette marche, a soulign\u00e9 que ce mouvement porte un message \u00e0 tous les tunisiens et dans lequel l&rsquo;accent est mis sur l&rsquo;importance du secteur touristique, un secteur vital ayant aujourd&rsquo;hui besoin du soutien de tous. <\/font><\/span><\/p>\n<p align=\"justify\"><span lang=\"EN-GB\"><font face=\"Arial\">Il a mis en relief l&rsquo;imp\u00e9ratif de construire un front pour prot\u00e9ger et renforcer le secteur touristique g\u00e9n\u00e9rateur d&#8217;emplois et catalyseur de l&rsquo;\u00e9conomie.<\/font><\/span><\/p>\n<p align=\"justify\"><span lang=\"EN-GB\"><font face=\"Arial\">Le secteur, a-t-il dit, ne doit pas \u00eatre associ\u00e9 au politique mais \u00eatre dot\u00e9 de la libert\u00e9 n\u00e9cessaire pour permettre la d\u00e9couverte de nouvelles niches touristiques \u00e0 m\u00eame d&rsquo;assurer la cr\u00e9ation de dizaines de milliers d&#8217;emplois, et ce en d\u00e9veloppant les tourismes de congr\u00e8s, culturel, golfique, religieux et autres&#8230;<\/font><\/span><\/p>\n<p align=\"justify\"><span lang=\"EN-GB\"><font face=\"Arial\">La participation de M. Mohamed Jegham, ancien ministre du Tourisme, et secr\u00e9taire g\u00e9n\u00e9ral du parti \u00ab\u00a0El Watan\u00a0\u00bb \u00e0 cette marche pacifique, n&rsquo;est pas pass\u00e9e inaper\u00e7ue. Plusieurs participants ont exprim\u00e9 leur \u00e9tonnement expliquant sa pr\u00e9sence comme \u00e9tant une \u00ab\u00a0tentative d&rsquo;exploiter l&rsquo;\u00e9v\u00e9nement pour l&rsquo;int\u00e9r\u00eat de son parti\u00a0\u00bb.<\/font><\/span><\/p>\n<p align=\"justify\"><span lang=\"EN-GB\"><font face=\"Arial\">M. Bouslama a affirm\u00e9 dans ce cadre que \u00ab\u00a0M. Mohamed Jegham a toujours \u00e9t\u00e9 un d\u00e9fenseur du secteur touristique et sa pr\u00e9sence \u00e0 cette marche pacifique est une initiative personnelle de sa part\u00a0\u00bb.<\/font><\/span><\/p>\n<p align=\"justify\"><span lang=\"EN-GB\"><font face=\"Arial\">De son c\u00f4t\u00e9, M. Jegham s&rsquo;est d\u00e9clar\u00e9 \u00a0\u00bbfier d&rsquo;appartenir au secteur touristique\u00a0\u00bb, ajoutant que \u00ab\u00a0ma participation \u00e0 la marche n&rsquo;exprime pas une position politique et ne constitue pas une occasion pour parler du parti El Watan, mais elle refl\u00e8te une prise de conscience quant \u00e0 l&rsquo;importance du secteur pour tous les tunisiens\u00a0\u00bb.<\/font><\/span><\/p>\n<p align=\"justify\"><span lang=\"EN-GB\"><font face=\"Arial\">Source: \u201cTunisie Soir\u201d Le 25-04-2011<\/font><\/span><\/p>\n<div>\n<p align=\"justify\"><span lang=\"NO-BOK\"><font face=\"Arial\">Lien:<\/font><a href=\"http:\/\/www.tunisiesoir.com\/index.php?option=com_content&amp;view=article&amp;id=40022:&amp;catid=52:general\" target=\"_blank\" rel=\"noopener\"><font face=\"Arial\">http:\/\/www.tunisiesoir.com\/index.php?option=com_content&amp;view=article&amp;id=40022:&amp;catid=52:general<\/font><\/a><\/span><\/p>\n<\/div>\n<p align=\"center\"><b><span lang=\"NO-BOK\"><\/p>\n<h3 style=\"color: blue;\"><font face=\"Arial\">Le diplomate \u00ab\u00a0Vendetta\u00a0\u00bb pourrait \u00eatre remerci\u00e9 en Tunisie<\/font><\/h3>\n<p> <\/span><\/b><\/p>\n<hr\/>\n<p>\u00a0<\/p>\n<p align=\"justify\"><span lang=\"NO-BOK\"><font face=\"Arial\">Le d\u00e9part de Boris Boillon, l\u2019ambassadeur de France en Tunisie, devenu le symbole d\u2019une diplomatie fran\u00e7aise calamiteuse, est, selon France Soir, presque act\u00e9. L&rsquo;ambassadeur s&rsquo;\u00e9tait fait remarqu\u00e9 par ses photos en maillot de bain et un comportement plut\u00f4t hautain. Du coup, il avait m\u00eame \u00e9t\u00e9 surnomm\u00e9 \u00ab\u00a0Mickael Vendetta \u00a0\u00bb par certains.  Sur les forums Internet tunisiens, on se f\u00e9licite d\u00e9j\u00e0 de l\u2019arriv\u00e9e de son potentiel rempla\u00e7ant. Il s\u2019agirait d\u2019Yves Marek, 44 ans, un diplomate de carri\u00e8re et un enfant du pays.   <\/font><\/span><span lang=\"EN-GB\"><font face=\"Arial\">\u00ab A priori, ce M. Marek a l\u2019avantage de bien conna\u00eetre notre pays et notre peuple. C\u2019est un grand atout \u00bb, peut-on lire sur la Toile. \u00ab M. Marek, vous \u00eates en Tunisie chez vous.   L\u2019essentiel, c\u2019est faire partir M. Boillon \u00bb, indique un autre internaute.<\/font><\/span><\/p>\n<p align=\"justify\"><span lang=\"FR\"><font face=\"Arial\">Source: \u201cJeanmarc Morandini\u201d Le 25-04-2011<\/font><\/span><\/p>\n<div>\n<p align=\"justify\"><font face=\"Arial\"><span lang=\"NO-BOK\"><font>Lien: <\/font><\/span><span lang=\"EN-GB\"><a href=\"http:\/\/www.jeanmarcmorandini.com\/article-52991-le-diplomate-vendetta-pourrait-etre-remercie-en-tunisie.html\" target=\"_blank\" rel=\"noopener\"><span lang=\"NO-BOK\"><font>http:\/\/www.jeanmarcmorandini.com\/article-52991-le-diplomate-vendetta-pourrait-etre-remercie-en-tunisie.html<\/font><\/span><\/a><\/span><\/font><\/p>\n<\/div>\n<p align=\"center\"><b><span lang=\"NO-BOK\"><\/p>\n<h3 style=\"color: blue;\"><font face=\"Arial\">Tunisie &#8211; Apr\u00e8s avoir voulu arr\u00eater Essahafa, le PDG de La Presse se fait \u00ab d\u00e9gager \u00bb<\/font><\/h3>\n<p> <\/span><\/b><\/p>\n<hr\/>\n<p>\u00a0<\/p>\n<p align=\"justify\"><span lang=\"NO-BOK\"><font face=\"Arial\">Les employ\u00e9s, journalistes et techniciens, du journal Essahafa, ont rendu public, lundi 25 avril 2011, une motion diffus\u00e9e sur le blog du journaliste Zied El Hani, dans laquelle ils expriment leur rejet de la d\u00e9cision \u00ab surprenante \u00bb du PDG annon\u00e7ant \u00ab l\u2019arr\u00eat de parution dudit journal \u00e0 partir du 29 mai prochain \u00e0 cause des d\u00e9ficits cumul\u00e9s durant le premier semestre de l\u2019ann\u00e9e 2010 \u00bb.  <\/font><\/span><span lang=\"EN-GB\"><font face=\"Arial\">La motion ajoute que \u00ab le journal a connu, depuis le 14 janvier 2011 et gr\u00e2ce aux sacrifices et aux efforts de ses employ\u00e9s, une mutation qualitative que la direction g\u00e9n\u00e9rale n\u2019a pu accompagner par une meilleure distribution\u2026 \u00bb. Les auteurs de la motion, tout en affirmant que \u00ab le PDG a annonc\u00e9 sa d\u00e9cision d\u2019arr\u00eat du journal apr\u00e8s un feu vert du Premier minist\u00e8re, selon ses propres dires, r\u00e9clament l\u2019ouverture d\u2019une enqu\u00eate sur les mauvaises gestions qui se sont succ\u00e9d\u00e9 au sein de l\u2019entreprise et appellent \u00e0 recourir \u00e0 un bureau d\u2019\u00e9tudes sp\u00e9cialis\u00e9 pour \u00e9laborer une nouvelle conception du journal en vue de le promouvoir.  Les journalistes affirment que H\u2019mida Ben Romdhane, PDG de Snipe La Presse (maison \u00e9ditrice d&rsquo;Essahafa), a perdu toute cr\u00e9dibilit\u00e9 apr\u00e8s sa volte-face vis-\u00e0-vis de l\u2019accord conclu le 12 f\u00e9vrier 2011 et son affirmation que sa d\u00e9cision est irr\u00e9vocable. Ils estiment qu\u2019il n\u2019y a plus de place \u00e0 la n\u00e9gociation avec lui \u00bb. Ils vont jusqu\u2019\u00e0 demander \u00ab son remplacement par un autre responsable capable d\u2019assumer les charges d\u2019une entreprise journalistique aussi prestigieuse que La Presse \u00bb.  Contact\u00e9e par Businessnews, une source autoris\u00e9e au Premier minist\u00e8re d\u00e9ment cat\u00e9goriquement avoir donn\u00e9 le moindre feu vert pour l\u2019arr\u00eat de parution d\u2019Essahafa et que ce n&rsquo;est pas du tout le moment de prendre de telles d\u00e9cisions. On notera que le PDG, veut, selon d\u2019autres sources, transformer en un site \u00e9lectronique quotidien avec une parution hebdomadaire sur papier.  D\u2019autre part et aux derni\u00e8res nouvelles on apprend que le PDG de La Presse a quitt\u00e9 le si\u00e8ge du journal apr\u00e8s les appels de \u00ab D\u00e9gage \u00bb qui lui ont \u00e9t\u00e9 lanc\u00e9 par les employ\u00e9s d\u2019Essahafa en sit-in devant son bureau.  Dans une d\u00e9claration \u00e0 l\u2019agence TAP, H\u2019mida Ben Romdhane a indiqu\u00e9 que la d\u00e9cision de transformer Essahafa en un hebdomadaire est motiv\u00e9e essentiellement par des raisons financi\u00e8res. Ce quotidien, a-t-il soutenu, constitue, depuis 23 ans, un fardeau financier. \u00ab\u00a0Aucun agent ou journaliste ne sera licenci\u00e9 suite \u00e0 cette d\u00e9cision\u00a0\u00bb, a-t-il affirm\u00e9. Le journal Essahafa, a-t-il ajout\u00e9, a enregistr\u00e9, l&rsquo;ann\u00e9e derni\u00e8re, des pertes estim\u00e9es \u00e0 deux millions de dinars, affirmant que ceux qui refusent cette d\u00e9cision constituent \u00ab\u00a0une minorit\u00e9 qui veut imposer \u00e0 l&rsquo;entreprise des d\u00e9penses suppl\u00e9mentaires (avantages, prime de nuit) sans pour autant d\u00e9ployer des efforts concrets\u00a0\u00bb.  Ces propos sont \u00e9galement d\u00e9mentis par les faits puisqu\u2019il ne s\u2019agit nullement de minorit\u00e9 au vu du nombre de journalistes et techniciens mobilis\u00e9s dans le sit-in observ\u00e9 actuellement au si\u00e8ge du journal. Le pr\u00e9sident du Syndicat des journalistes, N\u00e9ji Bghouri, a d\u00e9clar\u00e9 que cette d\u00e9cision montre que \u00ab\u00a0la mentalit\u00e9 de l&rsquo;ancien r\u00e9gime persiste encore\u00a0\u00bb et que le PDG de l&rsquo;entreprise \u00ab\u00a0est charg\u00e9 de liquider le quotidien\u00a0\u00bb. De son c\u00f4t\u00e9, Khema\u00efs Arfaoui, r\u00e9dacteur en chef du journal Essahafa, a qualifi\u00e9 de \u00ab\u00a0bizarre et incompr\u00e9hensible\u00a0\u00bb la d\u00e9cision de transformer Essahafa en un hebdomadaire d&rsquo;autant plus, a-t-il dit, que le contenu du journal a connu une am\u00e9lioration qualitative apr\u00e8s le 14 janvier 2011. Les journalistes, a-t-il pr\u00e9cis\u00e9, ont, depuis trois mois, soumis au PDG un ensemble de points permettant de promouvoir Essahafa dont, en particulier, la rupture avec la langue de bois et le recours \u00e0 des sp\u00e9cialistes dans diff\u00e9rentes sp\u00e9cialit\u00e9s. Ces points auraient pu, s\u2019ils \u00e9taient appliqu\u00e9s, booster les ventes du journal \u00e0 l\u2019instar des autres quotidiens arabophones de la place.<\/font><\/span><\/p>\n<p align=\"justify\"><span lang=\"EN-GB\"><font face=\"Arial\">Source: \u201cBusiness News\u201d Le 25-04-2011<\/font><\/span><\/p>\n<div>\n<p align=\"justify\"><span lang=\"NO-BOK\"><font face=\"Arial\">Lien:<\/font><a href=\"http:\/\/www.businessnews.com.tn\/Tunisie---Apr\u00e8s-avoir-voulu-arr\u00eater-Essahafa,-le-PDG-de-La-Presse-se-fait-\u00ab-d\u00e9gager-\u00bb.,520,24491,3\" target=\"_blank\" rel=\"noopener\"><font face=\"Arial\">http:\/\/www.businessnews.com.tn\/Tunisie&#8212;Apr%C3%A8s-avoir-voulu-arr%C3%AAter-Essahafa,-le-PDG-de-La-Presse-se-fait-%C2%AB-d%C3%A9gager-%C2%BB.,520,24491,3<\/font><\/a><\/span><\/p>\n<\/div>\n<h3 align=\"center\" style=\"color: blue;\"><span lang=\"EN-GB\"><\/p>\n<h3 style=\"color: blue;\"><font face=\"Arial\">Tunisie &#8211; La question de la torture revient sur le tapis<\/font><\/h3>\n<p> <\/span><\/h3>\n<hr\/>\n<p align=\"justify\"><span lang=\"EN-GB\"><font face=\"Arial\">L\u2019avocate et militante Radhia Nasraoui est revenue encore une fois sur la question de la torture en Tunisie qui, selon elle, n\u2019aurait pas disparu apr\u00e8s la r\u00e9volution du 14 Janvier.  Apr\u00e8s une d\u00e9claration sur LCI la semaine derni\u00e8re, Mme Nasraoui a r\u00e9it\u00e9r\u00e9 ses d\u00e9clarations sur la cha\u00eene Attounissiya (Nilesat 10949 V-27500) au cours d\u2019une \u00e9mission sp\u00e9ciale qui lui a \u00e9t\u00e9 consacr\u00e9e. <\/font><\/span><font face=\"Arial\"><font><span lang=\"NO-BOK\">Interview\u00e9e par Ala Chebbi et Sofi\u00e8ne Ben Farhat, Radhia Nasraoui a donn\u00e9 des noms de personnes qui auraient \u00e9t\u00e9 tortur\u00e9es derni\u00e8rement par les forces de l\u2019ordre. Ces m\u00eames personnes auraient \u00e9t\u00e9 tortur\u00e9es une nouvelle fois apr\u00e8s leur lib\u00e9ration, indique l\u2019avocate, et ce apr\u00e8s avoir d\u00e9nonc\u00e9 ce qu\u2019ils auraient endur\u00e9 durant leur arrestation.  Mme Nasraoui affirme avoir saisi le Premier ministre, et B\u00e9ji Ca\u00efd Essebsi a d\u00e9clar\u00e9 ne pas \u00eatre au courant. \u00ab Peut-\u00eatre qu\u2019il n\u2019\u00e9tait pas au courant, mais maintenant il le sait puisque je le lui ai dis \u00bb, a comment\u00e9 l\u2019avocate durant cette interview diffus\u00e9e en boucle sur la cha\u00eene.   Par ailleurs, la Ligue tunisienne des droits de l&rsquo;homme (LTDH) a appel\u00e9, lundi 25 avril, les autorit\u00e9s \u00e0 \u00ab\u00a0mettre un terme \u00e0 la torture, aux arrestations arbitraires et \u00e0 la violation des proc\u00e9dures p\u00e9nales\u00a0\u00bb insistant sur l&rsquo;imp\u00e9ratif de respecter l&rsquo;int\u00e9grit\u00e9 physique et d&rsquo;assurer des proc\u00e8s \u00e9quitables. <\/span><\/font><span lang=\"EN-GB\"><font>Evoquant les arrestations lors des manifestations pacifiques, la LTDH a mis en garde contre \u00ab\u00a0la poursuite des agressions physiques commises par des agents de s\u00e9curit\u00e9\u00a0\u00bb et \u00ab\u00a0les arrestations arbitraires\u00a0\u00bb de personnes accus\u00e9es d&rsquo;atteinte aux biens publics et priv\u00e9s. Elle a aussi d\u00e9nonc\u00e9 \u00ab\u00a0la poursuite de la torture des personnes arr\u00eat\u00e9es et qui ont \u00e9t\u00e9 contraintes, dit-elle, de signer des proc\u00e8s verbaux dont elles n&rsquo;ont pas pris connaissance\u00a0\u00bb, citant le cas de personnes ayant observ\u00e9 des sit-in \u00e0 la Kasbah.<\/font><\/span><\/font><\/p>\n<p align=\"justify\"><span lang=\"EN-GB\"><font face=\"Arial\">Source: \u201cBusiness News\u201d Le 25-04-2011<\/font><\/span><\/p>\n<div>\n<p align=\"justify\"><span lang=\"NO-BOK\"><font face=\"Arial\">Lien:<\/font><a href=\"http:\/\/www.businessnews.com.tn\/Tunisie---La-question-de-la-torture-revient-sur-le-tapis,520,24484,1\" target=\"_blank\" rel=\"noopener\"><font face=\"Arial\">http:\/\/www.businessnews.com.tn\/Tunisie&#8212;La-question-de-la-torture-revient-sur-le-tapis,520,24484,1<\/font><\/a><\/span><\/p>\n<\/div>\n<h3 align=\"center\" style=\"color: blue;\"><span lang=\"FR\"><\/p>\n<h3 style=\"color: blue;\"><font face=\"Arial\">Tunisie &#8211; Le difficile apprentissage des islamistes<\/font><\/h3>\n<p> <\/span><\/h3>\n<hr\/>\n<h4 align=\"justify\" style=\"color: blue;\"><span lang=\"EN-GB\"><font face=\"Arial\">Par Mounir Ben Mahmoud<\/font><\/span><\/h4>\n<p align=\"justify\"><font face=\"Arial\">Le parti islamiste Ennahdha n\u2019a cess\u00e9, depuis la R\u00e9volution du 14 janvier, de clamer haut et fort son adh\u00e9sion aux principes d\u00e9mocratiques, conscient qu\u2019il est des doutes de l\u2019environnement politique tunisien sur ses v\u00e9ritables intentions. Les dirigeants d\u2019Ennahdha ont, en outre, multipli\u00e9 les d\u00e9clarations sur des sujets aussi pol\u00e9miques que la parit\u00e9 ou le tourisme, en affirmant leur alignement en mati\u00e8re de pr\u00e9servation des droits des femmes, ainsi que pour la p\u00e9rennit\u00e9 du tourisme en Tunisie.  Mieux encore, leur service d\u2019ordre, longtemps connu pour son agressivit\u00e9, n\u2019a cess\u00e9 de faire preuve de toute la retenue n\u00e9cessaire contre les d\u00e9tracteurs, comme ce fut le cas \u00e0 Hammamet et \u00e0 K\u00e9libia lorsque des centaines de manifestants ont scand\u00e9 des slogans hostiles au mouvement et son leader. C\u2019est la d\u00e9marche suivie par les islamistes dans leur offensive de charme pour conqu\u00e9rir la l\u2019opinion publique en Tunisie.   <\/font><font face=\"Arial\"><span lang=\"EN-GB\">Cette approche prudente a \u00e9t\u00e9, par ailleurs, pr\u00f4n\u00e9e par le leader du mouvement, Rached Ghannouchi, dans ses propos le week-end dernier \u00e0 Hammamet et K\u00e9libia, lorsqu\u2019il a senti qu\u2019une bonne partie de l\u2019audimat n\u2019est pas acquise \u00e0 sa cause. Quoiqu\u2019irrit\u00e9 par \u2018la dissidence\u2019 de ces citoyens \u2018musulmans\u2019 qui ne se reconnaissent pas dans \u2018Ennahdha\u2019, il a pr\u00each\u00e9 \u2018le compromis\u2019 en leur accordant \u2018le droit \u00e0 la diff\u00e9rence\u2019. Le leader islamiste a toutefois compar\u00e9 la d\u00e9marche de ses d\u00e9tracteurs \u2018aux pratiques de l\u2019ancien r\u00e9gime qui l\u2019a emp\u00each\u00e9 de s\u2019exprimer\u2019. Il est donc clair qu\u2019une consigne de prudence extr\u00eame a \u00e9t\u00e9 donn\u00e9e par Ennahdha \u00e0 toutes ses structures dans un souci de faire oublier ses d\u00e9boires de Bab Souika et autres, lorsque ses militants ont \u00e9t\u00e9 les auteurs d\u2019actes terroristes que Ghannouchi a qualifi\u00e9s d\u2019actes isol\u00e9s et d\u2019erreurs individuelles lors de sa premi\u00e8re conf\u00e9rence de presse apr\u00e8s son retour en Tunisie.  Toute cette prudence n\u2019a pas emp\u00each\u00e9 les observateurs de percevoir des diff\u00e9rences nettes dans le langage et les prises de position des leaders du mouvement. Rached Ghannouchi n\u2019a-t-il pas d\u00e9fendu la p\u00e9rennit\u00e9 du secteur touristique, allant m\u00eame jusqu\u2019\u00e0 parler d\u2019une campagne pour sauver l\u2019actuelle saison touristique. Sur un autre bord, Moncef Ben Salem, un autre leader du mouvement a affirm\u00e9 que \u2018l\u2019agriculture peut bien prendre la rel\u00e8ve du tourisme dans la contribution au Produit Int\u00e9rieur Brut\u2019.  Ces propos ne sont pas les seuls \u00e0 indiquer le double langage d\u2019Ennahdha et son apprentissage difficile de la man\u0153uvre en phase d\u2019\u00e9dification d\u2019une soci\u00e9t\u00e9 nouvelle. Ainsi, au moment o\u00f9 Noureddine Bhiri et les autres repr\u00e9sentants de la mouvance islamiste ont d\u00e9fendu la parit\u00e9 parfaite lors des d\u00e9bats sur le D\u00e9cret-loi sur les \u00e9lections au sein de l\u2019Instance sup\u00e9rieure de r\u00e9alisation des objectifs de la r\u00e9volution ; Habib Ellouze, un autre leader islamiste, continue \u00e0 insister dans ses pr\u00eaches \u00e0 Sfax sur \u2018les risques de cette parit\u00e9 pr\u00f4n\u00e9e par tous les pactes citoyens et autres r\u00e9publicains\u2019. Pire encore, les islamistes ne se sont-ils pas eux-m\u00eames soulev\u00e9s contre ce pacte au sein de l\u2019instance de Ben Achour, avant de se r\u00e9tracter une semaine plus tard ?   Le Gala pr\u00e9sent\u00e9 dimanche dernier au palais des congr\u00e8s \u00e0 Tunis pose aussi plein d\u2019interrogations sur le mod\u00e8le soci\u00e9tal d\u00e9fendu par les islamistes d\u2019Ennahdha. <\/span><span lang=\"NO-BOK\">Le public \u00e9tait divis\u00e9 en deux blocs. Le premier, \u00e0 droite de la sc\u00e8ne, est form\u00e9 par des femmes alors que l\u2019autre est form\u00e9 par des hommes. La division n\u2019est pas le probl\u00e8me en lui-m\u00eame mais, c\u2019est plut\u00f4t le fait que toutes les femmes soient voil\u00e9es. <\/span><\/font><span lang=\"EN-GB\"><font face=\"Arial\">L\u00e0, il y a un hic. Si les islamistes n\u2019avaient invit\u00e9 que des voil\u00e9es, c\u2019est une marque d\u2019exclusion, n\u00e9faste au mouvement. Et si les non-voil\u00e9es ne se sont pas reconnues dans le Gala, c\u2019est plut\u00f4t le mouvement Ennahdha qui s\u2019est fait exclure. Dans les deux cas de figures, il y a un probl\u00e8me d\u2019int\u00e9gration qui m\u00e9rite l\u2019examen. Deux autres faits ne cessent de soulever les interrogations. Il s\u2019agit, d\u2019une part, de l\u2019embrigadement des meetings d\u2019Ennahdha. Le service d\u2019ordre rappelle \u00e0 plus d\u2019un titre les milices. Les bruits qui courent affirment que \u2018les services de ces gardes de corps et autres milices seraient r\u00e9mun\u00e9r\u00e9s\u2019. D\u2019autre part, la logistique op\u00e9rationnelle d\u2019Ennahdha indique clairement que ce parti b\u00e9n\u00e9ficie du concours de grandes sources de financement. \u2018Il suffit de voir le luxe dans le local de Kebili du mouvement pour s\u2019interroger sur cette question\u2019, s\u2019est exclam\u00e9 un observateur qui exige de la transparence dans le financement des partis politiques.  Ennahdha est donc \u00e0 la crois\u00e9e des chemins. Saurait-il assurer l\u2019\u00e9quilibre entre les imp\u00e9ratifs de ses origines id\u00e9ologiques et les exigences de mod\u00e9ration et de modernisation de la soci\u00e9t\u00e9 ?<\/font><\/span><\/p>\n<p align=\"justify\"><span lang=\"EN-GB\"><font face=\"Arial\">Source: \u201cBusiness News\u201d Le 25-04-2011<\/font><\/span><\/p>\n<div>\n<p align=\"justify\"><span lang=\"NO-BOK\"><font face=\"Arial\">Lien:<\/font><a href=\"http:\/\/www.businessnews.com.tn\/Tunisie---Le-difficile-apprentissage-des-islamistes,519,24479,1\" target=\"_blank\" rel=\"noopener\"><font face=\"Arial\">http:\/\/www.businessnews.com.tn\/Tunisie&#8212;Le-difficile-apprentissage-des-islamistes,519,24479,1<\/font><\/a><\/span><\/p>\n<\/div>\n<p align=\"center\"><b><span lang=\"FR\"><\/p>\n<h4 style=\"color: blue;\"><font face=\"Arial\">Tunisie : Elyes Jouini \u00e9voque la question du D\u00e9veloppement R\u00e9gional<\/font><\/h4>\n<p> <\/span><\/b><\/p>\n<hr\/>\n<p>\u00a0<\/p>\n<p align=\"justify\"><span lang=\"FR\"><font face=\"Arial\">Ministre en charge des r\u00e9formes \u00e9conomiques et sociales en Tunisie du 27 janvier au 1er mars 2011, ELyes Jouini est docteur en math\u00e9matiques appliqu\u00e9es \u00e0 Paris. Vice-pr\u00e9sident de l\u2019universit\u00e9 Paris-Dauphine, en charge de la recherche, M. Jouini a re\u00e7u le Prix du meilleur jeune \u00e9conomiste d\u00e9cern\u00e9 par le Cercle des \u00e9conomistes, \u00ab Le Monde Economie \u00bb et le S\u00e9nat Fran\u00e7ais en 2005.  Dans un entretien accord\u00e9 au journal \u00ab Le Monde Economie \u00bb, Elyes Jouini revient sur les solutions \u00e0 adopter pour un assurer le d\u00e9veloppement r\u00e9gional.  L\u2019ancien ministre n\u2019y va pas par quatre chemins : il faut un changement de strat\u00e9gie \u00e9conomique au niveau de l\u2019Etat. Les baisses de charges et les avantages fiscaux ne font pas une politique \u00e9conomique.   Au contraire, cela attire les chasseurs de primes, toujours \u00e0 la recherche des bas salaires. Dans une ville comme Sidi Bouzid, o\u00f9 l\u2019exon\u00e9ration de charges sociales est de 10 ans, on ne trouve pas de transitaire, commissaire aux comptes, ou acc\u00e8s efficace \u00e0 l\u2019administration\u2026 ce qui entrave l\u2019installation de grandes entreprises.  Afin de r\u00e9pondre \u00e0 la fracture zones coti\u00e8res-zones int\u00e9rieures, Elyes Jouini propose d\u2019investir massivement pour d\u00e9senclaver l\u2019Ouest tunisien : de construire des routes, des centres hospitaliers, des infrastructures pour \u00eatre comp\u00e9titifs afin d\u2019employer les dipl\u00f4m\u00e9s.  Selon lui, la Tunisie aurait besoin de seulement 5 \u00e0 10 milliards pour installer un plan Marshall de nature \u00e0 cr\u00e9er un changement de la donne \u00e9conomique. Il encourage l\u2019Europe \u00e0 investir en Tunisie car le potentiel de co-d\u00e9veloppement est consid\u00e9rable. Autrement, en cas d\u2019\u00e9chec \u00e9conomique de la r\u00e9volution, on pourrait voir se radicaliser une frange de la population dont les attentes ont \u00e9t\u00e9 d\u00e9\u00e7ues.  Pour M. Jouini, la D\u00e9mocratie est un choix gagnant. Alors que les Etats-Unis engloutissent des sommes faramineuses pour asseoir la d\u00e9mocratie en Irak, un mois de ce budget suffirait \u00e0 une d\u00e9mocratie p\u00e9renne en Tunisie de voir le jour. Le brillant \u00e9conomiste voit en la Tunisie un exemple que les autres pays arabes observent avec int\u00e9r\u00eat, ces derniers seraient tent\u00e9s de suivre le m\u00eame chemin en cas de r\u00e9ussite de la r\u00e9volution tunisienne.  En ce qui concerne l\u2019immigration clandestine, Elyes Jouini n\u2019a pas manqu\u00e9 de rappeler que la Tunisie a fait face \u00e0 un flux migratoire sans pr\u00e9c\u00e9dent \u00e0 sa fronti\u00e8re avec la Libye mais qu\u2019elle n\u2019a aucun moment cherch\u00e9 \u00e0 refouler ces migrants. La r\u00e9action europ\u00e9enne est compr\u00e9hensible, mais la r\u00e9ponse ne peut \u00eatre s\u00e9curitaire. Il s\u2019agit de renforcer le partenariat et les \u00e9changes \u00e9conomiques, multiplier les possibilit\u00e9s de migrations circulaires pour permettre aux jeunes de s\u00e9journer dans diff\u00e9rents pays m\u00e9diterran\u00e9ens, de s\u2019y former, d\u2019y exercer pour un temps et de revenir dans leurs pays respectifs. Construire un mur au milieu de la M\u00e9diterrann\u00e9e n\u2019est pas la bonne solution.<\/font><\/span><\/p>\n<p align=\"justify\"><span lang=\"FR\"><font face=\"Arial\">Source : \u00ab Espace Manager \u00bb Le 25-04-2011<\/font><\/span><\/p>\n<div>\n<p align=\"justify\"><span lang=\"FR\"><font face=\"Arial\">Lien : <\/font><a href=\"http:\/\/www.espacemanager.com\/politique\/tunisie-elyes-jouini-evoque-la-question-du-developpement-regional.html\" target=\"_blank\" rel=\"noopener\"><font face=\"Arial\">http:\/\/www.espacemanager.com\/politique\/tunisie-elyes-jouini-evoque-la-question-du-developpement-regional.html<\/font><\/a><\/span><\/p>\n<\/div>\n<p align=\"center\"><b><span lang=\"FR\"><\/p>\n<h4 style=\"color: blue;\"><font face=\"Arial\">Tunisie : Une plainte d\u00e9pos\u00e9e contre le livre \u00ab Ben Ali le ripou \u00bb<\/font><\/h4>\n<p> <\/span><\/b><\/p>\n<hr\/>\n<p>\u00a0<\/p>\n<p align=\"justify\"><span lang=\"FR\"><font face=\"Arial\">Nous venons d\u2019apprendre de source judiciaire que l\u2019avocat Nabil Akirmi a d\u00e9pos\u00e9 une plainte aupr\u00e8s du tribunal de premi\u00e8re instance \u00e0 Tunis contre l\u2019\u00e9crivain B\u00e9chir Turki, auteur du livre \u00ab Ben Ali le ripou \u00bb. <\/font><\/span><\/p>\n<p align=\"justify\"><span lang=\"FR\"><font face=\"Arial\">Une personnalit\u00e9 politique tunisienne a demand\u00e9 \u00e0 ce conseil de porte plainte \u00e0 cet \u00e9gard au motif qu\u2019elle a \u00e9t\u00e9 vis\u00e9e dans cet ouvrage o\u00f9, selon elle, l\u2019auteur a propag\u00e9 \u00e0 son sujet de fausses informations. <\/font><\/span><\/p>\n<p align=\"justify\"><span lang=\"EN-GB\"><font face=\"Arial\">Signalons \u00e0 ce propos que plusieurs intellectuels ont reproch\u00e9 \u00e0 l\u2019auteur d\u2019avoir repris nombre de donn\u00e9es contenues dans le livre \u00ab la r\u00e9gente de Carthage \u00bb de Nicolas Beau. <\/font><\/span><\/p>\n<p align=\"justify\"><span lang=\"EN-GB\"><font face=\"Arial\">Source: \u201cAfrican Manager\u201d Le 25-04-2011<\/font><\/span><\/p>\n<div>\n<p align=\"justify\"><span lang=\"NO-BOK\"><font face=\"Arial\">Lien:<\/font><a href=\"http:\/\/www.africanmanager.com\/articles\/133101.html\" target=\"_blank\" rel=\"noopener\"><font face=\"Arial\">http:\/\/www.africanmanager.com\/articles\/133101.html<\/font><\/a><\/span><\/p>\n<\/div>\n<h4 align=\"center\" style=\"color: blue;\"><span lang=\"FR\"><\/p>\n<h4 style=\"color: blue;\"><font face=\"Arial\">Tunisie: d\u00e9bat sur la r\u00e9alisation des objectifs de la r\u00e9volution<\/font><\/h4>\n<p> <\/span><\/h4>\n<hr\/>\n<p align=\"justify\"><span lang=\"FR\"><font face=\"Arial\">\u00ab\u00a0O\u00f9 en est-on de la r\u00e9alisation des objectifs de la r\u00e9volution ?\u00a0\u00bb est le titre d&rsquo;une rencontre-d\u00e9bat organis\u00e9e par le Front Civique pour la D\u00e9mocratie en Tunisie (FCDT), dimanche, \u00e0 El Menzah.  Les intervenants parmi les universitaires, militants et citoyens participant \u00e0 la rencontre, ont abord\u00e9 des th\u00e8mes relatifs, notamment aux conditions de d\u00e9clenchement de la r\u00e9volution du 14 janvier et \u00e0 la situation \u00e9conomique, sociale et politique actuelle. Ils ont, en outre, pr\u00e9sent\u00e9 des recommandations et des solutions susceptibles de surmonter les difficult\u00e9s socio-\u00e9conomiques que vit le pays aujourd&rsquo;hui.  Les succ\u00e8s \u00e9conomiques qu&rsquo;a connu la Tunisie au cours des deux derni\u00e8res d\u00e9cennies, ont-ils soulign\u00e9, ont \u00e9t\u00e9 accompagn\u00e9s d&rsquo;une stagnation politique, d&rsquo;une injustice sociale et d&rsquo;une marginalisation des r\u00e9gions int\u00e9rieures, d&rsquo;o\u00f9 est n\u00e9e la premi\u00e8re \u00e9tincelle de la r\u00e9volution.  Il est difficile de pr\u00e9voir l&rsquo;issue de la r\u00e9volution, ont-ils unanimement pr\u00e9venu, au vu de tous ces sit-in et revendications sociales imm\u00e9diates, et de l&rsquo;apparition de courants \u00e9trangers \u00e0 la soci\u00e9t\u00e9 tunisienne mod\u00e9r\u00e9e et tol\u00e9rante.  Les intervenants ont notamment fait noter que le volet politique a pris la part du lion dans les d\u00e9bats et rencontres entre hommes politiques, repr\u00e9sentants de la soci\u00e9t\u00e9 civile et \u00e9lite intellectuelle, alors que la r\u00e9volution est n\u00e9e de revendications sociales pour l&#8217;emploi, la libert\u00e9 et la dignit\u00e9.  Ils ont relev\u00e9, dans ce sens, l&rsquo;inexistence d&rsquo;une instance ou commission charg\u00e9e de la question \u00e9conomique ou sociale, \u00e0 l&rsquo;instar de la Haute Instance pour la r\u00e9alisation des objectifs de la r\u00e9volution, de la r\u00e9forme politique et de la transition d\u00e9mocratique.  L&rsquo;absence d&rsquo;un dialogue social r\u00e9el et l&rsquo;explosion du ch\u00f4mage sous l&rsquo;ancien r\u00e9gime exige l&rsquo;\u00e9laboration d&rsquo;un nouveau contrat social bas\u00e9 sur la garantie des droits sociaux des travailleurs, en s&rsquo;adaptant \u00e0 la comp\u00e9titivit\u00e9 des entreprises.  Le Front Civique pour la D\u00e9mocratie en Tunisie, cr\u00e9\u00e9 r\u00e9cemment, est ouvert \u00e0 toutes les sensibilit\u00e9s intellectuelles, politiques et syndicales qui pr\u00f4nent le pluralisme, la tol\u00e9rance et la bonne gouvernance.   Il cherche \u00e0 approfondir la r\u00e9flexion et \u00e0 rassembler les id\u00e9es des hautes comp\u00e9tences \u00e0 travers des recherches et des \u00e9tudes men\u00e9es dans tous les domaines. Il oeuvre, \u00e9galement, \u00e0 mobiliser les \u00e9lites et \u00e0 sensibiliser les citoyens aux objectifs trac\u00e9s, \u00e0 travers les rencontres et les conf\u00e9rences ainsi que sur les r\u00e9seaux sociaux et le Web.<\/font><\/span><\/p>\n<p align=\"justify\"><span lang=\"FR\"><font face=\"Arial\">Source : \u00ab Espace Manager \u00bb Le 25-04-2011<\/font><\/span><\/p>\n<div>\n<p align=\"justify\"><span lang=\"FR\"><font face=\"Arial\">Lien : <\/font><a href=\"http:\/\/www.espacemanager.com\/politique\/tunisie-debat-sur-la-realisation-des-objectifs-de-la-revolution.html\" target=\"_blank\" rel=\"noopener\"><font face=\"Arial\">http:\/\/www.espacemanager.com\/politique\/tunisie-debat-sur-la-realisation-des-objectifs-de-la-revolution.html<\/font><\/a><\/span><\/p>\n<\/div>\n<p align=\"center\"><b><span lang=\"NO-BOK\"><\/p>\n<h4 style=\"color: blue;\"><font face=\"Arial\">Quel Etat pour la Tunisie de demain?<\/font><\/h4>\n<p> <\/span><\/b><\/p>\n<hr\/>\n<p>\u00a0<\/p>\n<p align=\"justify\"><span lang=\"NO-BOK\"><font face=\"Arial\">Par<strong><\/strong>Rafik Souidi<\/font><\/span><\/p>\n<p align=\"justify\"><span lang=\"NO-BOK\"><font face=\"Arial\">Dans trois mois devraient se d\u00e9rouler les \u00e9lections de l\u2019assembl\u00e9e constituante. L\u2019enjeu est de taille car il devrait enraciner dans les textes la d\u00e9mocratie et l\u2019Etat de droit.<\/font><\/span><\/p>\n<p align=\"justify\"><b><span lang=\"NO-BOK\"><font face=\"Arial\">Quel r\u00f4le de l&rsquo;Etat?<\/font><\/span><\/b><\/p>\n<p align=\"justify\"><span lang=\"NO-BOK\"><font face=\"Arial\">Ainsi, la nature du r\u00e9gime, soit parlementaire soit pr\u00e9sidentiel, devrait alimenter les d\u00e9bats de la campagne, de m\u00eame que l\u2019\u00e9quilibre des pouvoirs et contre-pouvoirs pour garantir les libert\u00e9s fondamentales. <\/font><\/span><span lang=\"EN-GB\"><font face=\"Arial\">Mais la constitution devrait aussi d\u00e9terminer le r\u00f4le futur de l\u2019Etat au niveau social, sanitaire, \u00e9conomique, financier, urbanistique, m\u00e9diatique et culturel. C\u2019est en r\u00e9pondant clairement \u00e0 ces aspects que les v\u00e9ritables lignes de d\u00e9marcation se feront jour entre les protagonistes de la constituante car pour ce qui concerne la d\u00e9mocratie et la garantie des libert\u00e9s fondamentales il y a d\u00e9sormais un consensus g\u00e9n\u00e9ral.<\/font><\/span><\/p>\n<p align=\"justify\">\u00a0<\/p>\n<p align=\"justify\"><span lang=\"EN-GB\"><font face=\"Arial\">A ce titre, le d\u00e9bat actuel sur la n\u00e9gociation d\u2019un pacte r\u00e9publicain est tout \u00e0 fait superflu. <\/font><\/span><font face=\"Arial\"><font><span lang=\"NO-BOK\">En effet, les partis politiques devraient plut\u00f4t se concentrer sur la question fondamentale de la place de l\u2019Etat dans la Tunisie de demain.  Au lendemain de l\u2019ind\u00e9pendance, l\u2019enjeu de la premi\u00e8re constituante \u00e9tait de b\u00e2tir un Etat moderne sur les d\u00e9combres des institutions beylicales et sur les restes de la colonisation.  Le r\u00e9sultat a \u00e9t\u00e9 des plus m\u00e9diocres. Aujourd\u2019hui, il s\u2019agit de construire un Etat postmoderne et avant-gardiste sur les ruines de la \u00abm\u00e9diocrature\u00bb instaur\u00e9e par l\u2019ancien r\u00e9gime. Pour ce faire, les futurs membres de la constituante devraient garder \u00e0 l\u2019esprit la d\u00e9b\u00e2cle de leurs pr\u00e9d\u00e9cesseurs et faire preuve d\u2019une vision civilisationnelle originale et coh\u00e9rente.  <\/span><\/font><span lang=\"EN-GB\"><font>Quelle Tunisie voulons-nous construire pour nos enfants? Telle est la question dont nous attendons des r\u00e9ponses audacieuses et ambitieuses et cela requiert un descriptif d\u00e9taill\u00e9 du futur r\u00f4le de l\u2019Etat. <\/font><\/span><\/font><\/p>\n<p align=\"justify\"><b><span lang=\"EN-GB\"><font face=\"Arial\">Un Etat modeste <\/font><\/span><\/b><span lang=\"EN-GB\"><font face=\"Arial\">En ce qui nous concerne, nous pr\u00e9conisons, \u00e0 terme, le d\u00e9sengagement optimal de l\u2019Etat des rouages socio-\u00e9conomiques du pays afin qu\u2019il se concentre dans l\u2019accomplissement de ses t\u00e2ches r\u00e9galiennes avec la plus grande efficacit\u00e9 et la plus haute probit\u00e9. Nous souhaitons l&rsquo;av\u00e8nement d\u2019un Etat modeste dans ses pr\u00e9rogatives, plus particuli\u00e8rement dans ses d\u00e9penses de fonctionnement dans le strict respect de la chose publique et moins arrogant dans son comportement vis- \u00e0-vis des citoyens qu\u2019il est cens\u00e9 servir dans le cadre du service public.  A l\u2019exemple des pays scandinaves o\u00f9 le train de vie de l\u2019Etat est soigneusement contr\u00f4l\u00e9 par les citoyens et o\u00f9 les ministres n\u2019ont pas de voitures officielles. Ainsi, le Palais pr\u00e9sidentiel de Carthage devrait \u00eatre transform\u00e9, quel que soit le r\u00e9gime adopt\u00e9 par la constituante, en un mus\u00e9e et centre de conf\u00e9rences car les palais ne sont plus faits pour les d\u00e9mocraties \u00e9volu\u00e9es. Ce sont des bureaux sobres et efficients dont a besoin l\u2019administration pour travailler efficacement et non pas de r\u00e9sidences royales. Quant \u00e0 l\u2019avion pr\u00e9sidentiel de 400 millions de dinars, quand on sait que la chanceli\u00e8re de l\u2019Allemagne voyage sur les lignes r\u00e9guli\u00e8res, il en dit long sur les d\u00e9rives du r\u00e9gime d\u00e9chu et cela est symbolique de ce qu\u2019il ne faut plus faire en Tunisie.<\/font><\/span><\/p>\n<p align=\"justify\"><span lang=\"EN-GB\"><font face=\"Arial\">C\u2019est en mettant un terme d\u00e9finitif au faux prestige de l\u2019Etat et ses d\u00e9penses somptuaires que l\u2019on r\u00e9tablira sa cr\u00e9dibilit\u00e9 et que l\u2019on \u00e9vitera \u00e0 l\u2019avenir d\u2019attirer les mauvaises graines et autres opportunistes attir\u00e9s par l\u2019app\u00e2t du gain et les apparats du pouvoir.  Dor\u00e9navant, servir l\u2019Etat devrait \u00eatre l\u2019apanage des plus sinc\u00e8res vocations et des plus hautes consciences. Sans pour autant devenir un sacerdoce, la fonction publique ne devrait plus \u00eatre per\u00e7ue comme un tremplin vers l\u2019enrichissement personnel. Ce redimensionnement salutaire ne r\u00e9duirait pas n\u00e9cessairement le r\u00f4le d\u2019investisseur que pourrait exercer l\u2019Etat dans le domaine des infrastructures ou de l\u2019amor\u00e7age et l\u2019accompagnement de certaines fili\u00e8res mais il conviendrait \u00e0 l\u2019avenir d\u2019intervenir exclusivement \u00e0 travers la future Caisse des d\u00e9p\u00f4ts.  Quant aux d\u00e9penses sociales, c\u2019est \u00e0 travers une Caisse nationale de la s\u00e9curit\u00e9 sociale (Cnss), enti\u00e8rement restructur\u00e9e, que la richesse pourrait \u00eatre redistribu\u00e9e et que la solidarit\u00e9 pourrait s\u2019exprimer.  En simplifiant les modes op\u00e9ratoires et en r\u00e9duisant le nombre d\u2019organes d\u2019intervention on gagnera en efficacit\u00e9, en gouvernance et en transparence.  Par souci de proximit\u00e9, on pourrait aussi envisager une r\u00e9organisation administrative du territoire en une dizaine de r\u00e9gions dans le cadre d\u2019une v\u00e9ritable d\u00e9centralisation et d\u2019un transfert r\u00e9el de pouvoirs.  <\/font><\/span><font face=\"Arial\"><font><span lang=\"NO-BOK\">Par ailleurs, les citoyens devraient prendre davantage leur destin en main et cesser de voir en l\u2019Etat le pourvoyeur de toutes les gr\u00e2ces. Cet esprit d\u2019assistanat, favoris\u00e9 par la \u00ab\u00a0m\u00e9diocrature\u00a0\u00bb d\u00e9chue, devrait s\u2019estomper et au contraire l\u2019esprit d\u2019initiative devrait \u00eatre encourag\u00e9 car moins l\u2019Etat interviendra et mieux ce sera pour tous. <\/span><\/font><span lang=\"EN-GB\"><font>L\u2019\u00e9dification d\u2019un Etat modeste dans ses pr\u00e9rogatives et ses comportements mais efficient dans ses r\u00e9sultats d\u00e9pend pour beaucoup de la future constitution et il conviendrait d\u2019en d\u00e9battre pendant les \u00e9lections.<\/font><\/span><\/font><\/p>\n<p align=\"justify\"><span lang=\"EN-GB\"><font face=\"Arial\">Source: \u201cKapitalis\u201d Le 25-04-2011<\/font><\/span><\/p>\n<div>\n<p align=\"justify\"><font face=\"Arial\"><span lang=\"NO-BOK\"><font>Lien: <\/font><\/span><span lang=\"EN-GB\"><a href=\"http:\/\/www.kapitalis.com\/afkar\/68-tribune\/3660-quel-etat-pour-la-tunisie-de-demain.html\" target=\"_blank\" rel=\"noopener\"><span lang=\"NO-BOK\"><font>http:\/\/www.kapitalis.com\/afkar\/68-tribune\/3660-quel-etat-pour-la-tunisie-de-demain.html<\/font><\/span><\/a><\/span><\/font><\/p>\n<\/div>\n<p align=\"center\"><b><span lang=\"FR\"><\/p>\n<h4 style=\"color: blue;\"><font face=\"Arial\">Tunisiens, arr\u00eatez d\u2019avilir l\u2019Afrique et vous-m\u00eames<\/font><\/h4>\n<p> <\/span><\/b><\/p>\n<hr\/>\n<p>\u00a0<\/p>\n<p align=\"justify\"><b><span lang=\"FR\"><font face=\"Arial\">Depuis le 14 janvier 2011 qui a vu le renversement du r\u00e9gime de Ben Ali par une foule hyst\u00e9rique, les Tunisiens occupent une place de choix dans l\u2019actualit\u00e9 de l\u2019immigration africaine en Europe. Sans victimiser les immigrants tunisiens, une analyse \u00e0 la loupe du quotidien des habitants de l\u2019ex Carthage indique qu\u2019un autre monde est aussi possible sur la terre de Bourguiba, et pas n\u00e9cessairement \u00e0 l\u2019\u00e9tranger\u2026<\/font><\/span><\/b><\/p>\n<p align=\"justify\"><span lang=\"FR\"><font face=\"Arial\">Tous les Sub-sahariens qui ont visit\u00e9 le Maghreb et plus singuli\u00e8rement la Tunisie le confessent : le niveau de d\u00e9veloppement de cet Etat est atypique en Afrique d\u2019une mani\u00e8re g\u00e9n\u00e9rale, en mati\u00e8re de possession des infrastructures de base ! Qu\u2019ils soient Nig\u00e9rians, Kenyans, ces Sub-sahariens font cette constatation sans ambages. Il faut descendre vers le Sud du continent africain, tr\u00e8s pr\u00e9cis\u00e9ment vers l\u2019Afrique du Sud, pour retrouver des infrastructures de d\u00e9veloppement comparables \u00e0 celles de la Tunisie. A la faveur des r\u00e9volutions en cours dans le monde arabe, plusieurs sp\u00e9cialistes de la sociologie de ces pays ont eu \u00e0 l\u00e2cher les m\u00eames remarques.<\/font><\/span><\/p>\n<p align=\"justify\"><span lang=\"FR\"><font face=\"Arial\">A titre d\u2019exemple, beaucoup de ces experts ont fait remarquer que le corps m\u00e9dical tunisien est de loin mieux loti par rapport son fr\u00e8re de la grande Egypte. C\u2019est dire que la terre natale d\u2019H. Bourguiba a fait d\u2019\u00e9normes progr\u00e8s, en d\u00e9pit de la constante dictature qui la r\u00e9gentait jusqu\u2019au 11 janvier dernier.<\/font><\/span><\/p>\n<p align=\"justify\"><strong><span lang=\"FR\"><font face=\"Arial\">La Tunisie n\u2019a pas besoin d\u2019\u00eatre constamment humili\u00e9e !<\/font><\/span><\/strong><\/p>\n<p align=\"justify\"><span lang=\"FR\"><font face=\"Arial\">Haut lieu du tourisme m\u00e9dical pour les Occidentaux, la Tunisie s\u2019effor\u00e7ait sous Ben Ali de maintenir le cap de sa croissance \u00e9conomique, m\u00eame si une couche de laiss\u00e9s-pour-compte s\u2019\u00e9paississait depuis 20 ans sous la gouvernance de M. Ali. Des carences en mati\u00e8re de gestion des affaires publiques qui n\u2019emp\u00eachaient pas le revenu annuel par t\u00eate d\u2019habitant du Tunisien d\u2019\u00eatre \u00e0 des ann\u00e9es-lumi\u00e8re de la plupart des Etats d\u2019Afrique. Qu\u2019est-ce qui fait donc courir les immigrants tunisiens ?<\/font><\/span><\/p>\n<p align=\"justify\"><span lang=\"FR\"><font face=\"Arial\">Pas la libert\u00e9 de parole dans tous les cas, car les Tunisiens ont recouvr\u00e9 ce droit depuis la chute du dictateur Ali. Mais il faut chercher, encore et toujours, du c\u00f4t\u00e9 de la recherche d\u2019une vie meilleure sur le sol europ\u00e9en. Une qu\u00eate normale lorsqu\u2019on est un \u00eatre humain. Cependant, l\u2019on vient \u00e0 avoir froid dans le dos lorsqu\u2019on se rend compte qu\u2019une grande partie de Tunisiens qui d\u00e9barquent au large des fronti\u00e8res de l\u2019Europe, au p\u00e9ril de leur vie, \u00e9prouve toutes les difficult\u00e9s du monde pour parler une langue europ\u00e9enne !!! Dr\u00f4le de fa\u00e7on de concevoir un voyage chez un \u00e9tranger qui n\u2019aime pas g\u00e9n\u00e9ralement les voyageurs ; qu\u2019ils se soient annonc\u00e9s ou pas.<\/font><\/span><\/p>\n<p align=\"justify\"><span lang=\"FR\"><font face=\"Arial\">Autre singularit\u00e9 troublante de l\u2019immigration tunisienne sur le \u00ab Vieux continent \u00bb, ses adeptes cherchent syst\u00e9matiquement \u00e0 rejoindre la France. De telle sorte que sur les 900.000 Tunisiens qui vivent en Europe, 600.000 r\u00e9sident dans l\u2019Hexagone. Humiliations avilissantes et diverses formes de d\u00e9shumanisation constituent souvent les rebuffades que les Europ\u00e9ens r\u00e9servent \u00e0 ces Tunisiens qui ont le minimum pour vivre chez eux ! On ne peut pas r\u00e9ussir \u00e0 rassembler 2.000 euros pour immigrer et ne pas \u00eatre capable de trouver les voies et moyens pour les investir chez soi. Le drame dans ces tentatives de refoulement de cette ru\u00e9e tunisienne vers \u00ab Vieux continent \u00bb, c\u2019est que les Europ\u00e9ens \u00e9tendent le sort qu\u2019ils r\u00e9servent aux Tunisiens \u00e0 tous les Africains !<\/font><\/span><\/p>\n<p align=\"justify\"><span lang=\"FR\"><font face=\"Arial\">Relooker l\u2019\u00e9ducation civique devrait \u00eatre le principal cheval de bataille des futures autorit\u00e9s tunisiennes. La richesse de la civilisation de l\u2019ex Carthage est si importante que ses habitants ne devraient pas pr\u00eater le flanc \u00e0 subir de sordides humiliations comme on le voit ces derni\u00e8res semaines. Ballot\u00e9s de camp en camp en Italie, on leur brandit le carton rouge aux portes de la France. Oui, il y a et il existera toujours des pauvres en Tunisie, quelle soit la politique \u00e9conomique qui sera mise en place. Mais, m\u00eame dans l\u2019indigence, la dignit\u00e9 des Africains doit tenir la route. Car, contrairement \u00e0 beaucoup d\u2019Etats d\u2019Afrique, la Tunisie dispose d\u2019une importante ressource humaine qualifi\u00e9e et en bonne sant\u00e9 qui n\u2019a besoin que d\u2019\u00eatre initi\u00e9e aux vertus du chauvinisme en mati\u00e8re de d\u00e9veloppement.<\/font><\/span><\/p>\n<p align=\"justify\"><span lang=\"FR\"><font face=\"Arial\">Source : \u00ab Afriscoop \u00bb Le 25-04-2011<\/font><\/span><\/p>\n<div>\n<p align=\"justify\"><span lang=\"FR\"><font face=\"Arial\">Lien : <\/font><a href=\"http:\/\/www.afriscoop.net\/journal\/spip.php?article3545\" target=\"_blank\" rel=\"noopener\"><font face=\"Arial\">http:\/\/www.afriscoop.net\/journal\/spip.php?article3545<\/font><\/a><\/span><\/p>\n<\/div>\n<p align=\"center\"><b><span lang=\"FR\"><\/p>\n<h4 style=\"color: blue;\"><font face=\"Arial\">Tunisie: Les trois d\u00e9fis du Groupe Chimique Tunisien<\/font><\/h4>\n<p> <\/span><\/b><\/p>\n<hr\/>\n<p>\u00a0<\/p>\n<p align=\"justify\"><b><span lang=\"FR\"><font face=\"Arial\">En cette p\u00e9riode de r\u00e9volution et d\u2019incertitudes, le Groupe Chimique Tunisien (GCT), entreprise publique sp\u00e9cialis\u00e9e dans la production et la transformation de phosphate en produits chimiques (acide phosphorique et engrais), a d\u00e9cid\u00e9 d\u2019agir \u00e0 trois niveaux : investir 800 millions de dinars, cr\u00e9er 3.500 nouveaux emplois environ qui viendront s\u2019ajouter aux 4.200 existants et conf\u00e9rer \u00e0 son activit\u00e9 une dimension \u00e9cologique.<\/font><\/span><\/b><\/p>\n<p align=\"justify\"><font face=\"Arial\"><span lang=\"FR\"><font>Il s\u2019agit de toute \u00e9vidence d\u2019une bouff\u00e9e d\u2019oxyg\u00e8ne pour tous les ch\u00f4meurs des r\u00e9gions qui abritent soient des mines de <\/font><\/span><font><span lang=\"NO-BOK\"><a href=\"http:\/\/www.webmanagercenter.com\/management\/management\/article-100304-bonnes-perspectives-de-la-production-de-phosphate-en-tunisie\" target=\"_blank\" rel=\"noopener\"><span lang=\"FR\"><font>phosphate<\/font><\/span><\/a><\/span><span lang=\"FR\"> (Gafsa, Metlaoui, <\/span><span lang=\"NO-BOK\"><a href=\"http:\/\/www.webmanagercenter.com\/management\/management\/article-104151-tunisie-le-couvre-feu-de-21h-a-5h-a-ete-instaure-a-mdhilla-gafsa-depuis-lundi\" target=\"_blank\" rel=\"noopener\"><span lang=\"FR\"><font>Mdhilla<\/font><\/span><\/a><\/span><span lang=\"FR\">, Redeyef et Moulares), soit les usines de transformation de ce produit (Sfax, Gab\u00e8s et Skhira).Au rayon de l\u2019emploi, le groupe, qui a fait l\u2019objet au lendemain de la r\u00e9volution du 14 janvier 2011, de sit-in, de blocages des voies de chemin de fer acheminant le phosphate aux usines de transformation, et d\u2019autres manifestations de sans-emploi du<\/span><span lang=\"NO-BOK\"><a href=\"http:\/\/www.webmanagercenter.com\/management\/article-102032-tunisie-la-greve-du-bassin-minier-de-gafsa-provoque-l-arret-des-usines-d-alkimia\" target=\"_blank\" rel=\"noopener\"><span lang=\"FR\"><font> bassin minier<\/font><\/span><\/a><\/span><\/font><span lang=\"FR\"><font>, a commenc\u00e9 par recruter, au mois de mars dernier, 800 personnes qui seront employ\u00e9es dans les usines d\u2019acide phosphorique de Gab\u00e8s.<\/font><\/span><\/font><\/p>\n<p align=\"justify\"><span lang=\"EN-GB\"><font face=\"Arial\">Parall\u00e8lement, le GCT va cr\u00e9er une filiale \u00e0 vocation \u00e9cologique (boisement, r\u00e9habilitation des oasis\u2026). Celle-ci se propose d\u2019employer 2.000 personnes. La cr\u00e9ation d\u2019une telle soci\u00e9t\u00e9 ne manque pas d\u2019enjeux au regard de la d\u00e9gradation avanc\u00e9e de l\u2019environnement et de la prolif\u00e9ration des maladies canc\u00e9rig\u00e8nes g\u00e9n\u00e9r\u00e9es par les rejets de mati\u00e8res particuli\u00e8rement polluantes et radioactives telles que le phosphogypse et des m\u00e9taux lourds (plomb, mercaptan, fluor, SOx, toutes sortes de poussi\u00e8res nocives&#8230;).<\/font><\/span><\/p>\n<p align=\"justify\">\u00a0<\/p>\n<p align=\"justify\">\u00a0<\/p>\n<p align=\"justify\"><font face=\"Arial\"><span lang=\"NO-BOK\"><font>Au chapitre de l\u2019investissement, deux chantiers sont mis en route. Le premier porte sur la cr\u00e9ation, dans la zone de Mdilla (sud-ouest de Gafsa) d\u2019une nouvelle usine de production d\u2019acide phosphorique et du triple super phosphate (TSP) phosphate. Cette usine va cr\u00e9er au moins 400 emplois. L\u2019usine dont le co\u00fbt global s\u2019\u00e9l\u00e8ve \u00e0 330 millions de dinars sera financ\u00e9e \u00e0 hauteur de 270 millions de dinars par un pr\u00eat de la Banque europ\u00e9enne d\u2019investissement (BEI). <\/font><\/span><span lang=\"EN-GB\"><font>Le d\u00e9caissement du cr\u00e9dit a \u00e9t\u00e9 acc\u00e9l\u00e9r\u00e9 depuis mars 2011 tandis que les travaux de r\u00e9alisation d\u00e9marreront au mois de juillet prochain.<\/font><\/span><\/font><\/p>\n<p align=\"justify\"><span lang=\"EN-GB\"><font face=\"Arial\">Le deuxi\u00e8me chantier est achev\u00e9. Il concerne la r\u00e9alisation, \u00e0 Skhira (sud de Sfax), moyennant un investissement tuniso-indien, d\u2019une usine de production d\u2019engrais destin\u00e9 \u00e0 l\u2019exportation. L\u2019usine, exploit\u00e9e par la soci\u00e9t\u00e9 Tunisian Indian Fertilzers, traite 1,5 million de tonnes de phosphate par an.<\/font><\/span><\/p>\n<p align=\"justify\"><font face=\"Arial\"><span lang=\"EN-GB\"><font>S\u2019agissant du volet environnemental, deux importants projets sont d\u00e9j\u00e0 engag\u00e9s. <\/font><\/span><span lang=\"NO-BOK\"><font>Il s\u2019agit de l\u2019assainissement du site Taparura \u00e0 Sfax. La zone c\u00f4ti\u00e8re de la ville de Sfax souffre, depuis des ann\u00e9es, d&rsquo;un grave probl\u00e8me de pollution r\u00e9sultant de l&rsquo;intense activit\u00e9 industrielle de cette r\u00e9gion. Le second projet vise \u00e0 d\u00e9polluer le golfe de Gab\u00e8s. Ce projet concerne l&rsquo;\u00e9vacuation et la mise en terril contr\u00f4l\u00e9 des d\u00e9chets du phosphogypse produit par les usines du Groupe.<\/font><\/span><\/font><\/p>\n<p align=\"justify\"><span lang=\"NO-BOK\"><font face=\"Arial\">Ces projets ont b\u00e9n\u00e9fici\u00e9 \u00e9galement de deux financements fournis par le biais de la Facilit\u00e9 euro-m\u00e9diterran\u00e9enne d&rsquo;investissement et de Partenariat (FEMIP), m\u00e9canisme utilis\u00e9 par la BEI pour financer son partenariat en M\u00e9diterran\u00e9e.<\/font><\/span><\/p>\n<p align=\"justify\"><span lang=\"NO-BOK\"><font face=\"Arial\">La BEI contribue au financement de ces deux projets par le biais de deux pr\u00eats d\u2019un montant respectif de 34 millions d&rsquo;euros (Taparura) et de 45 millions d&rsquo;euros (mise en terril de phosphogypse).<\/font><\/span><\/p>\n<p align=\"justify\"><span lang=\"FR\"><font face=\"Arial\">Source:\u201dwmc\u201d Le 25-04-2011<\/font><\/span><\/p>\n<div>\n<p align=\"justify\"><font face=\"Arial\"><span lang=\"NO-BOK\"><font>Lien:<\/font><\/span><font><span lang=\"NO-BOK\"><font><\/font><\/span><\/font><span lang=\"EN-GB\"><a href=\"http:\/\/www.webmanagercenter.com\/management\/article-105017-tunisie-les-trois-defis-du-groupe-chimique-tunisien\" target=\"_blank\" rel=\"noopener\"><span lang=\"NO-BOK\"><font>http:\/\/www.webmanagercenter.com\/management\/article-105017-tunisie-les-trois-defis-du-groupe-chimique-tunisien<\/font><\/span><\/a><\/span><\/font><\/p>\n<\/div>\n<h4 align=\"center\" style=\"color: blue;\"><span lang=\"NO-BOK\"><\/p>\n<h4 style=\"color: blue;\"><font face=\"Arial\">Tunisie: Ely\u00e8s Jouini a-t-il contract\u00e9 le \u00abvirus\u00bb de la politique?<\/font><\/h4>\n<p><\/span><\/h4>\n<hr\/>\n<p align=\"justify\"><b><span lang=\"NO-BOK\"><font face=\"Arial\">A peine sorti du premier gouvernement int\u00e9rimaire \u2013o\u00f9 il a \u00e9t\u00e9 ministre charg\u00e9 des R\u00e9formes \u00e9conomiques et sociales et de la Coordination sur les r\u00e9formes- <\/font><font><a href=\"http:\/\/www.webmanagercenter.com\/management\/management\/article-60348-entreprise-elyes-jouini-un-surdoue-au-secours-des-patrons\" target=\"_blank\" rel=\"noopener\"><font face=\"Arial\">Ely\u00e8s Jouini<\/font><\/a><\/font><font face=\"Arial\"> a entrepris de plancher sur un projet de think tank destin\u00e9 \u00e0 proposer \u00abun programme de gouvernement, pour les 5 et 10 prochaines ann\u00e9es.<\/font><\/span><\/b><\/p>\n<p align=\"justify\"><span lang=\"NO-BOK\"><font face=\"Arial\">Universitaire r\u00e9put\u00e9, et administrateur ind\u00e9pendant (de la Banque de Tunisie, par le pass\u00e9, et aujourd\u2019hui de <\/font><font><a href=\"http:\/\/www.webmanagercenter.com\/management\/management\/article-102278-tunisie-magasin-general-se-lance-dans-la-distribution-specialisee-avec-batam\" target=\"_blank\" rel=\"noopener\"><font face=\"Arial\">Magasin G\u00e9n\u00e9ral<\/font><\/a><\/font><font face=\"Arial\">, Comar et Altran Telnet Corporation) de plus en plus sollicit\u00e9, Ely\u00e8s Jouini va-t-il prendre la casquette de \u00abserviteur de la R\u00e9publique\u00bb, c\u2019est-\u00e0-dire d\u2019homme politique?<\/font><\/span><\/p>\n<p align=\"justify\"><span lang=\"EN-GB\"><font face=\"Arial\">Bien que son exp\u00e9rience minist\u00e9rielle se soit achev\u00e9e plus t\u00f4t que pr\u00e9vu, le vice-pr\u00e9sident de l\u2019Universit\u00e9 Paris Dauphine ne semble pas avoir perdu go\u00fbt pour la \u00abchose publique\u00bb (Res publica).<\/font><\/span><\/p>\n<p align=\"justify\"><span lang=\"EN-GB\"><font face=\"Arial\">Un mois et demi apr\u00e8s avoir quitt\u00e9 le premier gouvernement int\u00e9rimaire, que dirigeait Mohamed Ghannouchi, dans lequel il a \u00e9t\u00e9 ministre aupr\u00e8s du Premier ministre, charg\u00e9 des R\u00e9formes \u00e9conomiques et sociales et de la Coordination avec les minist\u00e8res concern\u00e9s, le voici en tout cas qui revient sur le terrain politique, avec un projet de think tank. <\/font><\/span><\/p>\n<p align=\"justify\"><span lang=\"NO-BOK\"><font face=\"Arial\">Baptis\u00e9 \u00abForum Economique et Social\u00bb (FES), le think tank projet\u00e9 par Ely\u00e8s Jouini vise \u00e0 mener une r\u00e9flexion \u00absur les chantiers \u00e0 d\u00e9velopper \u00e0 et les mesures \u00e0 prendre\u00bb afin de doter le pays d\u2019une vision, d\u2019un programme de gouvernement, pour les 5 et 10 prochaines ann\u00e9es, et \u00absur lesquelles pourrait s\u2019appuyer toute majorit\u00e9 au pouvoir\u00bb.<\/font><\/span><\/p>\n<p align=\"justify\"><span lang=\"NO-BOK\"><font face=\"Arial\">Le FES m\u00e8nerait sa r\u00e9flexion autour de trois n\u00e9cessit\u00e9s repr\u00e9sentant autant d\u2019 \u00abaxes structurants\u00bb: \u00abrepenser le d\u00e9veloppement r\u00e9gional pour placer les r\u00e9gions au c\u0153ur du d\u00e9bat et r\u00e9duire la fracture qui s\u2019est op\u00e9r\u00e9e entre une Tunisie \u00e9mergente et une Tunisie d\u00e9laiss\u00e9e pendant des d\u00e9cennies\u00bb, \u00abredonner un avenir aux jeunes en d\u00e9veloppant l\u2019emploi et la comp\u00e9titivit\u00e9 de notre \u00e9conomie dans le respect des normes sociales ambitieuses et en assurant \u00e0 nos enfants une \u00e9ducation et une formation de qualit\u00e9\u00bb, et \u00abmobiliser tous nos atouts pour lib\u00e9rer la croissance \u00e9conomique dans le cadre d\u2019une \u00e9conomie pleinement int\u00e9gr\u00e9e \u00e0 l\u2019\u00e9conomie maghr\u00e9bine, m\u00e9diterran\u00e9enne et internationale\u00bb.<\/font><\/span><\/p>\n<p align=\"justify\"><font face=\"Arial\"><span lang=\"EN-GB\"><font>Le \u201cForum \u00e9conomique et social\u201c serait compos\u00e9 de personnalit\u00e9s venant d\u2019horizons et de pays divers organis\u00e9s en cinq structures (\u00abcomit\u00e9 d\u2019honneur\u00bb, r\u00e9dacteurs, experts, conseil scientifique et comit\u00e9 de liaison). <\/font><\/span><span lang=\"NO-BOK\"><font>Il devra rendre sa copie, en l\u2019occurrence un rapport, avant l\u2019\u00e9ch\u00e9ance du 24 juillet 2011, date de l\u2019\u00e9lection de l\u2019Assembl\u00e9e constituante.<\/font><\/span><\/font><\/p>\n<p align=\"justify\"><span lang=\"NO-BOK\"><font face=\"Arial\">Ce projet constitue-t-il une mani\u00e8re pour son promoteur de revenir en politique d\u2019une autre fa\u00e7on apr\u00e8s y \u00eatre entr\u00e9 \u2013bri\u00e8vement- par le biais du premier gouvernement de transition de l\u2019apr\u00e8s-Ben Ali? Ce n\u2019est pas exclu, d\u2019autant qu\u2019\u00e0 la question -pos\u00e9e en f\u00e9vrier dernier par \u00abLe Point\u00bb- de savoir s\u2019il se voyait poursuivre son exp\u00e9rience gouvernementale apr\u00e8s le 24 juillet, le ministre charg\u00e9 des R\u00e9formes \u00e9conomiques et sociales et de la Coordination sur les r\u00e9formes qu\u2019il \u00e9tait a r\u00e9pondu clairement qu\u2019\u00abil ne faut jamais dire fontaine, je ne boirai pas de ton eau\u00bb. <\/font><\/span><\/p>\n<p align=\"justify\"><span lang=\"FR\"><font face=\"Arial\">Source:\u201dwmc\u201d Le 25-04-2011<\/font><\/span><\/p>\n<div>\n<p align=\"justify\"><font face=\"Arial\"><span lang=\"NO-BOK\"><font>Lien: <\/font><\/span><span lang=\"EN-GB\"><a href=\"http:\/\/www.webmanagercenter.com\/management\/article-105016-tunisie-elyes-jouini-a-t-il-contracte-le-virus-de-la-politique\" target=\"_blank\" rel=\"noopener\"><span lang=\"NO-BOK\"><font>http:\/\/www.webmanagercenter.com\/management\/article-105016-tunisie-elyes-jouini-a-t-il-contracte-le-virus-de-la-politique<\/font><\/span><\/a><\/span><\/font><\/p>\n<\/div>\n<h4 align=\"center\" style=\"color: blue;\"><span lang=\"FR\"><\/p>\n<h5 style=\"color: blue;\"><font face=\"Arial\">Tunisie: Ahmed Brahim appelle \u00e0 la vigilance contre les islamistes<\/font><\/h5>\n<p><\/span><\/h4>\n<hr\/>\n<p align=\"justify\"><span lang=\"FR\"><font face=\"Arial\">S&rsquo;exprimant, dimanche, \u00e0 Sidi Bouzid, lors d&rsquo;un meeting auquel ont pris part plusieurs militants du parti, Ahmed Ibrahim, Premier Secr\u00e9taire du Mouvement Ettajdid, a mis l&rsquo;accent sur l&rsquo;imp\u00e9ratif de faire preuve de vigilance pour lutter contre les courants r\u00e9trogrades et pr\u00e9server les acquis obtenus par le peuple, gr\u00e2ce \u00e0 son militantisme dans les diff\u00e9rents domaines politique, social et culturel.  \u00ab\u00a0L&rsquo;Islam est une composante essentielle de l&rsquo;identit\u00e9 de la soci\u00e9t\u00e9 et personne n&rsquo;a le droit de s&rsquo;en faire le porte-parole\u00a0\u00bb, a-t-il affirm\u00e9.  \u00ab\u00a0Le sacr\u00e9 demeure au-dessus de tous et ne doit aucunement faire l&rsquo;objet de surench\u00e8res\u00a0\u00bb, a-t-il soutenu, estim\u00e9 indispensable de \u00ab\u00a0s&rsquo;adonner \u00e0 la politique loin des mosqu\u00e9es et des maisons de culte\u00a0\u00bb.  Par ailleurs, il a indiqu\u00e9 que la transition d\u00e9mocratique doit \u00eatre op\u00e9r\u00e9e sur la base d&rsquo;un consensus entre toutes les cat\u00e9gories et sensibilit\u00e9s politiques, faisant remarquer que la prochaine campagne \u00e9lectorale doit \u00eatre encadr\u00e9e par un \u00ab\u00a0pacte civil\u00a0\u00bb pour \u00e9viter les surench\u00e8res.<\/font><\/span><\/p>\n<p align=\"justify\"><span lang=\"FR\"><font face=\"Arial\">Source : \u00ab Espace Manager \u00bb Le 25-04-2011<\/font><\/span><\/p>\n<div>\n<p align=\"justify\"><span lang=\"FR\"><font face=\"Arial\">Lien : <\/font><a href=\"http:\/\/www.espacemanager.com\/politique\/tunisie-ahmed-brahim-appelle-a-la-vigilance-contre-les-islamistes.html\" target=\"_blank\" rel=\"noopener\"><font face=\"Arial\">http:\/\/www.espacemanager.com\/politique\/tunisie-ahmed-brahim-appelle-a-la-vigilance-contre-les-islamistes.html<\/font><\/a><\/span><\/p>\n<\/div>\n<p align=\"center\"><b><span lang=\"NO-BOK\"><\/p>\n<h5 style=\"color: blue;\"><font face=\"Arial\">La Parit\u00e9 tunisienne vue par \u00ab Le Monde \u00bb<\/font><\/h5>\n<p> <\/span><\/b><\/p>\n<hr\/>\n<p>\u00a0<\/p>\n<p align=\"justify\"><font face=\"Arial\"><span lang=\"NO-BOK\"><font>La Tunisie vient d\u2019envoyer un signal fort. Adopter le principe de la parit\u00e9 hommes-femmes pour les \u00e9lections de l\u2019Assembl\u00e9e constituante pr\u00e9vues le 24 juillet. Tous les partis politiques organis\u00e9s, des plus progressistes aux plus int\u00e9gristes, ont applaudi. <\/font><\/span><font><span lang=\"EN-GB\">Plus r\u00e9jouissant, le d\u00e9bat bouillonne autour d\u2019un concept qui n\u2019a rien d\u2019une \u00e9vidence. Les sceptiques s\u2019interrogent. Faut-il imposer la pr\u00e9sence de femmes ? N\u2019est-ce pas un constat d\u2019\u00e9chec ? Pourquoi ne pas l\u2019\u00e9tendre \u00e0 d\u2019autres groupes discrimin\u00e9s ? Les partisans de la parit\u00e9 leur r\u00e9pondent. Qu\u2019il s\u2019agit d\u2019une constituante, et non d\u2019une l\u00e9gislative. <\/span><span lang=\"NO-BOK\">De candidats propos\u00e9s et non de quotas en vue d\u2019\u00e9lire obligatoirement 50 % d\u2019hommes et 50 % de femmes. <\/span><\/font><span lang=\"EN-GB\"><font>Ce qui change tout. Mais n\u2019\u00e9puise pas le d\u00e9bat.<\/font><\/span><\/font><\/p>\n<p align=\"justify\"><font face=\"Arial\"><span lang=\"EN-GB\"><font>Ces arguments, passionnants et complexes, rappellent furieusement ceux qui ont agit\u00e9 la France en 1999. A l\u2019\u00e9poque aussi, le concept de \u00ab parit\u00e9 \u00bb avait divis\u00e9. Chez certains, il s\u2019agit d\u2019une strat\u00e9gie provisoire en vue de faire avancer l\u2019\u00e9galit\u00e9. <\/font><\/span><font><span lang=\"NO-BOK\">Chez d\u2019autres, de r\u00e9affirmer le principe de la diff\u00e9rence hommes-femmes. <\/span><span lang=\"EN-GB\">Avec tous les clich\u00e9s qui peuvent aller avec. La fracture est all\u00e9e jusqu\u2019\u00e0 diviser le camp f\u00e9ministe. <\/span><\/font><span lang=\"NO-BOK\"><font>Entre universalistes et diff\u00e9rentialistes. Le principe du \u00ab coup de pied dans la fourmili\u00e8re \u00bb l\u2019a emport\u00e9. Le retard \u00e9tait si grand qu\u2019on a cru devoir user de ce stratag\u00e8me pour en sortir.<\/font><\/span><\/font><\/p>\n<p align=\"justify\"><span lang=\"NO-BOK\"><font face=\"Arial\">Dans un pays o\u00f9 la premi\u00e8re constituante remonte \u00e0 plus de deux si\u00e8cles, la repr\u00e9sentation des femmes n\u2019\u00e9tait pas au programme. Le suffrage s\u2019est longtemps dit \u00ab universel \u00bb, bien que r\u00e9serv\u00e9 aux hommes. Gr\u00e2ce \u00e0 Mustapha Kemal Atat\u00fcrk, les femmes turques ont m\u00eame obtenu le droit de vote avant les Fran\u00e7aises. Gr\u00e2ce \u00e0 Bourguiba et \u00e0 des ministres de l\u2019\u00e9ducation comme Mohamed Charfi, la Tunisie peut s\u2019enorgueillir de compter une classe moyenne f\u00e9minine \u00e9duqu\u00e9e.<\/font><\/span><\/p>\n<p align=\"justify\"><span lang=\"NO-BOK\"><font face=\"Arial\">C\u2019\u00e9tait le seul \u00ab bon c\u00f4t\u00e9 \u00bb de l\u2019autoritarisme dit \u00ab la\u00efque \u00bb, m\u00eame si la s\u00e9paration entre le politique et le religieux n\u2019a jamais exist\u00e9. Il \u00e9tait temps de se d\u00e9barrasser de l\u2019autoritarisme, mais faut-il renoncer \u00e0 aller vers une vraie la\u00efcit\u00e9 ? Par peur d\u2019appara\u00eetre comme n\u00e9o-benalistes ou d\u2019ouvrir une br\u00e8che, aucun parti d\u2019envergure ne semble revendiquer la fin de l\u2019islam comme religion d\u2019Etat.<\/font><\/span><\/p>\n<p align=\"justify\"><span lang=\"EN-GB\"><font face=\"Arial\">Du coup, la question se pose : la d\u00e9mocratie va-t-elle permettre de continuer \u00e0 avancer vers l\u2019\u00e9galit\u00e9 hommes-femmes ou autoriser certains reculs ?<\/font><\/span><\/p>\n<p align=\"justify\">\u00a0<\/p>\n<p align=\"justify\"><font face=\"Arial\"><span lang=\"NO-BOK\"><font>Les progressistes tunisiens ont voulu la \u00ab parit\u00e9 \u00bb pour pr\u00e9server les acquis de la modernit\u00e9 tunisienne contre un \u00e9ventuel retour de b\u00e2ton obscurantiste. Le probl\u00e8me, c\u2019est que la parit\u00e9 \u2013 et non l\u2019\u00e9galit\u00e9 \u2013 ne pose aucun probl\u00e8me aux int\u00e9gristes. Puisqu\u2019elle recoupe leur vision diff\u00e9rentielle des hommes et des femmes. <\/font><\/span><span lang=\"EN-GB\"><font>Et qu\u2019ils n\u2019auront aucune difficult\u00e9 \u00e0 pr\u00e9senter des candidates int\u00e9gristes pour porter leurs id\u00e9es\u2026<\/font><\/span><\/font><\/p>\n<p align=\"justify\"><span lang=\"EN-GB\"><font face=\"Arial\">Voil\u00e0 bien longtemps qu\u2019ils ont imagin\u00e9 un \u00ab f\u00e9minisme islamique \u00bb capable de pr\u00f4ner la parit\u00e9 mais de r\u00e9futer l\u2019\u00e9galit\u00e9. Sous pr\u00e9texte de s\u2019opposer au f\u00e9minisme dit \u00ab occidental \u00bb. Officiellement, il s\u2019agit de soutenir un f\u00e9minisme dit de l\u2019int\u00e9rieur, bas\u00e9 sur des r\u00e9f\u00e9rences musulmanes. En r\u00e9alit\u00e9, il s\u2019agit de r\u00e9futer toute revendication r\u00e9ellement moderniste comme \u00ab ext\u00e9rieure \u00bb et \u00ab occidentale \u00bb. En vue de pr\u00f4ner un f\u00e9minisme pudibond et r\u00e9actionnaire, o\u00f9 la femme porte le voile, accepte une petite tape symbolique si elle d\u00e9sob\u00e9it, et ne \u00ab doit pas se lib\u00e9rer au d\u00e9triment de la famille \u00bb, traditionnelle bien s\u00fbr. Un condens\u00e9 de sexisme d\u00e9guis\u00e9, applaudi par certains intellectuels fran\u00e7ais \u2013 chr\u00e9tiens de gauche ou tiers-mondistes \u2013 comme le comble de l\u2019avant-garde.<\/font><\/span><\/p>\n<p align=\"justify\"><span lang=\"EN-GB\"><font face=\"Arial\">En France comme en Tunisie, le chemin menant de la d\u00e9mocratie \u00e0 l\u2019\u00e9mancipation est long \u00e0 parcourir. La d\u00e9mocratie compliqu\u00e9e, mais belle. (Source: \u201dLe Monde\u201d)<\/font><\/span><\/p>\n<p align=\"justify\"><span lang=\"EN-GB\"><font face=\"Arial\">Source: \u201dTunisie Numerique\u201d Le 25-04-2011<\/font><\/span><\/p>\n<div>\n<p align=\"justify\"><span lang=\"NO-BOK\"><font face=\"Arial\">Lien:<\/font><a href=\"http:\/\/www.tunisienumerique.com\/2011\/04\/la-parite-tunisienne-vue-par-le-monde\/\" target=\"_blank\" rel=\"noopener\"><font face=\"Arial\">http:\/\/www.tunisienumerique.com\/2011\/04\/la-parite-tunisienne-vue-par-le-monde\/<\/font><\/a><\/span><\/p>\n<\/div>\n<\/div>\n<\/div>\n<\/div>\n<p><\/body><\/body><\/html><\/p>\n","protected":false},"excerpt":{"rendered":"<p>TUNISNEWS 10 \u00e8me ann\u00e9e, N\u00b03989 du 25.04.2011 archives : www.tunisnews.net AFP:Des centaines d&rsquo;immigr\u00e9s tunisiens r\u00eavent de la France \u00e0 la gare de Rome Aziz Krichen:OU RESIDE LE DEVOIR :DANS LA DIVISION OU DANS L&rsquo;UNITE ? mrhayoun:LA FRANCE ET L\u2019IMMIGRATION DE TUNISIE ET D\u2019AILLEURS\u2026 Invstir een Tunisie :Tunisie : Afek Tounes attach\u00e9 \u00e0 l\u2019article 1er de [&hellip;]<\/p>\n","protected":false},"author":1,"featured_media":22040,"comment_status":"open","ping_status":"open","sticky":false,"template":"","format":"standard","meta":{"inline_featured_image":false,"site-sidebar-layout":"default","site-content-layout":"","ast-site-content-layout":"default","site-content-style":"default","site-sidebar-style":"default","ast-global-header-display":"","ast-banner-title-visibility":"","ast-main-header-display":"","ast-hfb-above-header-display":"","ast-hfb-below-header-display":"","ast-hfb-mobile-header-display":"","site-post-title":"","ast-breadcrumbs-content":"","ast-featured-img":"","footer-sml-layout":"","ast-disable-related-posts":"","theme-transparent-header-meta":"","adv-header-id-meta":"","stick-header-meta":"","header-above-stick-meta":"","header-main-stick-meta":"","header-below-stick-meta":"","astra-migrate-meta-layouts":"default","ast-page-background-enabled":"default","ast-page-background-meta":{"desktop":{"background-color":"","background-image":"","background-repeat":"repeat","background-position":"center center","background-size":"auto","background-attachment":"scroll","background-type":"","background-media":"","overlay-type":"","overlay-color":"","overlay-opacity":"","overlay-gradient":""},"tablet":{"background-color":"","background-image":"","background-repeat":"repeat","background-position":"center center","background-size":"auto","background-attachment":"scroll","background-type":"","background-media":"","overlay-type":"","overlay-color":"","overlay-opacity":"","overlay-gradient":""},"mobile":{"background-color":"","background-image":"","background-repeat":"repeat","background-position":"center center","background-size":"auto","background-attachment":"scroll","background-type":"","background-media":"","overlay-type":"","overlay-color":"","overlay-opacity":"","overlay-gradient":""}},"ast-content-background-meta":{"desktop":{"background-color":"var(--ast-global-color-5)","background-image":"","background-repeat":"repeat","background-position":"center center","background-size":"auto","background-attachment":"scroll","background-type":"","background-media":"","overlay-type":"","overlay-color":"","overlay-opacity":"","overlay-gradient":""},"tablet":{"background-color":"var(--ast-global-color-5)","background-image":"","background-repeat":"repeat","background-position":"center center","background-size":"auto","background-attachment":"scroll","background-type":"","background-media":"","overlay-type":"","overlay-color":"","overlay-opacity":"","overlay-gradient":""},"mobile":{"background-color":"var(--ast-global-color-5)","background-image":"","background-repeat":"repeat","background-position":"center center","background-size":"auto","background-attachment":"scroll","background-type":"","background-media":"","overlay-type":"","overlay-color":"","overlay-opacity":"","overlay-gradient":""}},"footnotes":""},"categories":[],"tags":[56,42,29],"class_list":["post-18110","post","type-post","status-publish","format-standard","has-post-thumbnail","hentry","tag-56","tag-42","tag-fr"],"_links":{"self":[{"href":"https:\/\/tunisnews.net\/ar\/wp-json\/wp\/v2\/posts\/18110","targetHints":{"allow":["GET"]}}],"collection":[{"href":"https:\/\/tunisnews.net\/ar\/wp-json\/wp\/v2\/posts"}],"about":[{"href":"https:\/\/tunisnews.net\/ar\/wp-json\/wp\/v2\/types\/post"}],"author":[{"embeddable":true,"href":"https:\/\/tunisnews.net\/ar\/wp-json\/wp\/v2\/users\/1"}],"replies":[{"embeddable":true,"href":"https:\/\/tunisnews.net\/ar\/wp-json\/wp\/v2\/comments?post=18110"}],"version-history":[{"count":0,"href":"https:\/\/tunisnews.net\/ar\/wp-json\/wp\/v2\/posts\/18110\/revisions"}],"wp:featuredmedia":[{"embeddable":true,"href":"https:\/\/tunisnews.net\/ar\/wp-json\/wp\/v2\/media\/22040"}],"wp:attachment":[{"href":"https:\/\/tunisnews.net\/ar\/wp-json\/wp\/v2\/media?parent=18110"}],"wp:term":[{"taxonomy":"category","embeddable":true,"href":"https:\/\/tunisnews.net\/ar\/wp-json\/wp\/v2\/categories?post=18110"},{"taxonomy":"post_tag","embeddable":true,"href":"https:\/\/tunisnews.net\/ar\/wp-json\/wp\/v2\/tags?post=18110"}],"curies":[{"name":"wp","href":"https:\/\/api.w.org\/{rel}","templated":true}]}}