{"id":18109,"date":"2009-02-07T00:00:00","date_gmt":"2009-02-07T00:00:00","guid":{"rendered":"https:\/\/tunisnews.net\/7-fevrier-2009\/"},"modified":"2009-02-07T00:00:00","modified_gmt":"2009-02-07T00:00:00","slug":"7-fevrier-2009","status":"publish","type":"post","link":"https:\/\/tunisnews.net\/ar\/7-fevrier-2009\/","title":{"rendered":"7 f\u00e9vrier 2009"},"content":{"rendered":"<p><html><head><meta content=\"text\/html\" description=\"Mercredi, une cour d\u2019appel tunisienne a \n\t\t\t\t\t\t\t\t\tconfirm\u00e9 la condamnation et les peines \n\t\t\t\t\t\t\t\t\tprononc\u00e9es contre des ouvriers et des \n\t\t\t\t\t\t\t\t\tsyndicalistes en d\u00e9cembre 2008 dans \n\t\t\t\t\t\t\t\t\tl\u2019affaire des manifestations de Gafsa. Ces \n\t\t\t\t\t\t\t\t\tderniers s'\u00e9taient pourvus en appel. \" http-equiv=\"Content-Type\"\/><\/head><body><body><\/p>\n<p align=\"center\" dir=\"ltr\"><font face=\"Arial\" size=\"2\"><b><a href=\"http:\/\/www.tunisnews.net\/\"><span>Home<\/span><span lang=\"FR-CH\"> &#8211; Accuei<\/span><\/a><span lang=\"FR-CH\">l<\/span><\/b><\/font><\/p>\n<p><font face=\"Arial\" size=\"2\"><\/p>\n<div>\n<div>\n<div>\n<div>\n<div>\n<div align=\"center\" dir=\"ltr\"><font><span lang=\"SV\"><strong><font face=\"Book Antiqua\"><font face=\"Bookman Old Style\">TUNISNEWS<\/font><font size=\"2\"><\/font><\/font><\/strong><\/span><\/font><\/div>\n<div align=\"center\" dir=\"ltr\"><font><\/p>\n<div><strong><font face=\"Arial\">8\u00a0\u00e8me ann\u00e9e,<span lang=\"FR\">N\u00b0\u00a03182 du 07.02.2009<\/span><\/font><\/strong><\/div>\n<p><\/font><\/div>\n<div align=\"center\" dir=\"ltr\"><span><font><strong><font face=\"Arial\"><font>\u00a0archives<\/font> : <\/font><\/strong><\/font><a target=\"_blank\" rel=\"noopener\"><font face=\"Arial\"><strong>www.tunisnews.net<\/strong><\/font><\/a><\/span><font face=\"Arial\"><font>\u00a0<\/font>\u00a0<\/font><\/div>\n<div align=\"center\" dir=\"ltr\"><font face=\"Arial\"><\/p>\n<hr\/>\n<p><\/font><span><span lang=\"FR\"><font><span lang=\"FR\"><\/span><\/font><\/span><\/span><\/div>\n<div>\n<p><font size=\"3\"><\/p>\n<p><font size=\"2\"><strong>Amnesty International: Tunisie : confirmation en appel de la condamnation de syndicalistes <font>FTCR: Communiqu\u00e9 de l\u2019assemblee generale<\/font> ATF: Communiqu\u00e9  <font>Luiza Toscane: \u00ab Rien, sauf la souffrance \u00bb\u00a0\u00a0 &#8211; A b\u00e2tons rompus avec deux Rda\u00effis<\/font> Attariq Aljadid: UGTT-Universitaires &#8211; La gifle ! <font>Le Temps: Verdict, hier, dans \u00ab\u00a0l&rsquo;affaire Touati\u00a0\u00bb &#8211; La cour annule la d\u00e9cision de l&rsquo;UGTT<\/font> Le Temps: UGET &#8211; Le 25\u00e8me congr\u00e8s les 10, 11 et 12 avril 2009 <font>Noam Chomsky: Obama parle d\u2019Israel et de Palestine<\/font><\/strong><\/font><\/p>\n<p><\/font><\/p>\n<p>\u00a0<\/p>\n<hr\/>\n<\/div>\n<div>\n<div>\n<div align=\"center\"><b><span lang=\"FR\">Liste actualis\u00e9e des signataires de l&rsquo;initiative du Droit de Retour : <\/span><span lang=\"FR\"><font><a>http:\/\/www.manfiyoun.net\/fr\/listfr.html<\/a><\/font><\/span><\/b><span lang=\"FR\"><strong> Celles et Ceux qui veulent signer cet appel sont invit\u00e9s \u00e0 envoyer leur: Nom, Pays de r\u00e9sidence et Ann\u00e9e de sortie de la Tunisie sur le m\u00e9l de l&rsquo;initiative : <\/strong><a><font><strong>manfiyoun@gmail.com<\/strong><\/font><\/a><\/span> <\/div>\n<\/div>\n<\/div>\n<div>\n<hr\/>\n<p><font><\/font><\/div>\n<div>\n<div align=\"center\">\n<div align=\"justify\"><font><\/p>\n<div align=\"center\"><font face=\"Arial\" size=\"2\"><strong>Amnesty International<\/strong><\/font><\/div>\n<div align=\"center\"><strong><\/p>\n<h2 style=\"color: red;\"><font size=\"3\">Tunisie : confirmation en appel de la condamnation de syndicalistes<\/font><\/h2>\n<p><\/strong><\/div>\n<div align=\"justify\"> 5 f\u00e9vrier 2009  Mercredi, une cour d\u2019appel tunisienne a confirm\u00e9 la condamnation et les peines prononc\u00e9es contre des ouvriers et des syndicalistes en d\u00e9cembre 2008 dans l\u2019affaire des manifestations de Gafsa. Ces derniers s&rsquo;\u00e9taient pourvus en appel.   Les dirigeants syndicaux Adnan Hajji et Bechir Laabidi ainsi que 36 autres personnes \u00e9taient accus\u00e9s d\u2019avoir pris la t\u00eate d\u2019un mouvement de protestation qui a eu lieu d\u00e9but 2008 dans le sud-est de la Tunisie, pr\u00e9cis\u00e9ment dans la r\u00e9gion de Gafsa, riche en phosphate. Ils faisaient partie des centaines de personnes qui avaient \u00e9t\u00e9 arr\u00eat\u00e9es.  \u00ab Nous exhortons le pr\u00e9sident tunisien \u00e0 intervenir afin que soient lib\u00e9r\u00e9es les personnes qui ont \u00e9t\u00e9 condamn\u00e9es simplement pour avoir exerc\u00e9, pourtant sans violence, leur droit \u00e0 la libert\u00e9 d\u2019expression \u00bb, a d\u00e9clar\u00e9 Malcolm Smart, directeur du Programme Moyen-Orient et Afrique du Nord d\u2019Amnesty International.  La plupart des peines ont \u00e9t\u00e9 r\u00e9duites en appel, notamment celles inflig\u00e9es \u00e0 Adnan Hajji et \u00e0 Bechir Laabidi, qui sont pass\u00e9es de dix \u00e0 huit ans d\u2019emprisonnement. Cinq autres personnes qui avaient \u00e9t\u00e9 remises en libert\u00e9 \u00e0 l\u2019issue du proc\u00e8s en premi\u00e8re instance ont \u00e9t\u00e9 condamn\u00e9es par la cour d\u2019appel \u00e0 la suite d\u2019un recours form\u00e9 par l\u2019accusation.  Parmi les charges retenues contre les 38 accus\u00e9s figuraient notamment la constitution d\u2019un groupe criminel dans l\u2019intention de d\u00e9truire des biens publics et priv\u00e9s, la r\u00e9bellion arm\u00e9e et des coups et blessures contre des fonctionnaires dans l\u2019exercice de leurs fonctions.   L\u2019\u00e9tat de sant\u00e9 de Bechir Laabidi s\u2019est gravement d\u00e9t\u00e9rior\u00e9 pendant sa d\u00e9tention. \u00c0 la suite des nombreuses demandes pr\u00e9sent\u00e9es par ses avocats et ses proches, il a \u00e9t\u00e9 transf\u00e9r\u00e9 dans un h\u00f4pital \u00e0 Tunis. Il a \u00e9t\u00e9 pr\u00e9sent pendant toute l\u2019audience, qui a dur\u00e9 toute la journ\u00e9e de mardi, avec seulement deux courtes interruptions, et s\u2019est prolong\u00e9e jusqu\u2019au petit matin du jour suivant.  Amnesty International s\u2019est dite pr\u00e9occup\u00e9e par le fait que l\u2019audience devant la cour d\u2019appel de Gafsa mercredi avait \u00e9t\u00e9 marqu\u00e9e par de graves violations des normes d&rsquo;\u00e9quit\u00e9 des proc\u00e8s. Les avocats de la d\u00e9fense ont pu exposer le cas de leurs clients mais ils n\u2019ont pas \u00e9t\u00e9 autoris\u00e9s \u00e0 citer des t\u00e9moins pour les soumettre \u00e0 un contre-interrogatoire. La cour a rejet\u00e9 les requ\u00eates des avocats visant \u00e0 obtenir un examen m\u00e9dical pour leurs clients afin de d\u00e9tecter la pr\u00e9sence \u00e9ventuelle de traces de torture, et elle n\u2019a pas tenu compte des all\u00e9gations de torture.  \u00ab Cette fois encore, la cour d\u2019appel n\u2019a pas apport\u00e9 r\u00e9paration aux personnes qui ont critiqu\u00e9 le gouvernement et dont le proc\u00e8s en premi\u00e8re instance a \u00e9t\u00e9 marqu\u00e9 par de graves irr\u00e9gularit\u00e9s et fonci\u00e8rement in\u00e9quitable, a ajout\u00e9 Malcolm Smart. Il est temps que les tribunaux tunisiens veillent au respect des garanties fondamentales accord\u00e9es \u00e0 tous les accus\u00e9s aux termes de la l\u00e9gislation tunisienne et des obligations internationales de la Tunisies en mati\u00e8re de droits humains. \u00bb  La r\u00e9gion de Gafsa a \u00e9t\u00e9 le th\u00e9\u00e2tre d\u2019une vague de manifestations populaires au cours du premier semestre 2008. Ces manifestations ont commenc\u00e9 dans la ville de Redeyef apr\u00e8s l\u2019annonce, par le premier employeur de la r\u00e9gion, la Compagnie des phosphates de Gafsa, des r\u00e9sultats d\u2019une campagne de recrutement.  Des accusations de fraude ont \u00e9t\u00e9 lanc\u00e9es par les personnes dont la candidature n\u2019avait pas \u00e9t\u00e9 retenue, ainsi que par d\u2019autres, dont l\u2019Union g\u00e9n\u00e9rale tunisienne du travail (UGTT). Les manifestations, qui ont \u00e9volu\u00e9 vers des revendications plus g\u00e9n\u00e9rales portant sur le taux de ch\u00f4mage \u00e9lev\u00e9 et l\u2019augmentation du co\u00fbt de la vie, se sont \u00e9tendues \u00e0 d\u2019autres villes, entra\u00eenant le d\u00e9ploiement par les autorit\u00e9s d\u2019importants effectifs de police et d\u2019autres forces de s\u00e9curit\u00e9 dans la r\u00e9gion.  Amnesty International consid\u00e8re les personnes qui ont \u00e9t\u00e9 condamn\u00e9es comme des prisonniers d\u2019opinion. Elle a en cons\u00e9quence demand\u00e9 leur lib\u00e9ration imm\u00e9diate et inconditionnelle. Elle a \u00e9galement demand\u00e9 pour d\u2019autres personnes un nouveau proc\u00e8s qui soit cette fois \u00e9quitable, conform\u00e9ment aux garanties relatives \u00e0 l\u2019\u00e9quit\u00e9 des proc\u00e8s inscrites dans la l\u00e9gislation tunisienne, et aux obligations internationales de la Tunisie.<\/div>\n<div align=\"justify\">\n<hr\/>\n<\/div>\n<div align=\"justify\">\n<div align=\"center\"><strong><font>F\u00e9d\u00e9ration des Tunisiens pour une Citoyennet\u00e9 des deux Rives \u2013 FTCR<\/font><\/strong> 3, rue de Nantes 75019 Paris  Tel: 0 1 46 07 54 04 \u2013 Fax: 01 40 34 18 15 ftcr2@wanadoo.fr \u2013 www.ftcr.eu<\/div>\n<\/div>\n<div align=\"justify\">\n<p align=\"center\"><b><span><\/p>\n<h2 style=\"color: red;\"><font face=\"Arial\" size=\"3\">COMMUNIQUE DE L\u2019ASSEMBLEE GENERALE DE LA\u00a0 F.T.C.R.<\/font><\/h2>\n<p><\/span><\/b><\/p>\n<p><span>R\u00e9unis en Assembl\u00e9e g\u00e9n\u00e9rale ordinaire, aujourd\u2019hui 07 f\u00e9vrier 2009, au Si\u00e8ge de la F\u00e9d\u00e9ration \u00e0 Paris, les d\u00e9l\u00e9gu\u00e9s des associations membres de la FTCR, tiennent \u00e0 exprimer leur solidarit\u00e9 inconditionnelle et ind\u00e9fectible avec les \u00ab\u00a0<b><i>33 accus\u00e9s de<\/i><\/b> <b><i>Redeyef\/Gafsa<\/i><\/b>\u00a0\u00bb, <b><i>condamn\u00e9s en Appel \u00e0 des peines lourdes et infamantes allant de 2 \u00e0 8 ans d\u2019emprisonnement.<\/i><\/b><\/span><\/p>\n<p><span>L\u2019AG de la FTCR s\u2019insurge particuli\u00e8rement contre la confirmation de la condamnation par contumace \u00e0 2 ans de prison ferme, contre notre camarade <b>Mohieddine CHERBIB<\/b> (Pr\u00e9sident de notre F\u00e9d\u00e9ration), et y voit un pr\u00e9c\u00e9dent d\u2019une gravit\u00e9 exceptionnelle dans la mesure o\u00f9 cette condamnation infond\u00e9e autant qu\u2019injuste institue pour la premi\u00e8re fois <b><i>la criminalisation de la solidarit\u00e9 des tunisiens vivant \u00e0 l\u2019\u00e9tranger avec les luttes du peuple tunisien pour la libert\u00e9 et la d\u00e9mocratie<\/i><\/b>.<\/span><\/p>\n<p><span>L\u2019AG de la FTCR, consid\u00e8re que cette fuite en avant s\u00e9curitaire et r\u00e9pressive ne peut qu\u2019aggraver la situation dramatique dans le Bassin Minier de Gafsa qui a droit \u00e0 sa part de la richesse du pays\u00a0cr\u00e9\u00e9e entre autres par les mineurs d\u00e9munis de la r\u00e9gion.<\/span><\/p>\n<p><span>L\u2019AG des associations membres de la FTCR fait siennes les revendications l\u00e9gitimes des populations du Bassin Minier concernant <b><i>le droit au travail et \u00e0 une vie digne<\/i><\/b>\u00a0; elle r\u00e9it\u00e8re une fois de plus son attachement au<b><i>droit syndical<\/i><\/b> tel que garanti par la Constitution tunisienne et les engagements internationaux de l\u2019Etat tunisien \u2026.<\/span><\/p>\n<p><span>L\u2019AG de la FTCR exige la cr\u00e9ation dans les plus brefs d\u00e9lais d\u2019une Commission d\u2019enqu\u00eate ind\u00e9pendante dont la mission serait de faire toute la lumi\u00e8re et la v\u00e9rit\u00e9 sur les trois d\u00e9c\u00e8s\u00a0 des jeunes (<b>Hichem Ben Jeddou, Hafnaoui\u00a0 Maghzaoui et Abdelkhalak Alaymi<\/b>) qu\u2019a engendr\u00e9e la r\u00e9pression sanguinaire du Mouvement pacifique du Bassin Minier\u00a0; <b><i>elle exige la traduction des coupables devant la justice pour qu\u2019ils soient jug\u00e9s\u2026<\/i><\/b><\/span><\/p>\n<p><span>La FTCR exige, enfin, la lib\u00e9ration de tous les prisonniers du Bassin Minier, et \u00e0 leur t\u00eate <b>Adnane HAJJI<\/b> et <b>B\u00e9chir ABIDI<\/b> qui ont \u00e9cop\u00e9 de 8 ans d\u2019emprisonnement en appel, ainsi que <b><i>l\u2019ouverture d\u2019une enqu\u00eate sur les faits graves de torture constat\u00e9s, entre autres, par le Juge d\u2019instruction dans son ordonnance de renvoi, et la traduction des tortionnaires responsables des actes de barbarie r\u00e9v\u00e9l\u00e9s par les accus\u00e9s devant la cour d\u2019appel de Gafsa en date du 03 f\u00e9vrier 2009, et l\u2019indemnisation juste, \u00e9quitable et int\u00e9grale des victimes\u2026.<\/i><\/b><\/span><\/p>\n<p><span>L\u2019AG de la FTCR <b><i>rend un hommage soutenu aux avocats tunisiens<\/i><\/b> qui ont fait montre d\u2019une mobilisation et une abn\u00e9gation exceptionnelle dans la d\u00e9fense des accus\u00e9s et de leurs familles\u00a0; <b><i>elle salue \u00e9galement la grande solidarit\u00e9 des syndicats fran\u00e7ais, Maghr\u00e9bins et europ\u00e9ens, ainsi que les partis politiques qui se sont mobilis\u00e9s pour soutenir le Mouvement du Bassin Minier et ses leaders.<\/i><\/b><\/span><\/p>\n<p align=\"center\"><b>ASSEMBLEE GENERALE DE LA\u00a0 F.T.C.R. \u2014 Paris le 07 janvier 2009<\/b><\/p>\n<\/div>\n<div align=\"justify\">\n<hr\/>\n<\/div>\n<div align=\"center\"><strong><font>Association\u00a0 des Tunisiens en France<\/font><\/strong><\/div>\n<div align=\"center\">\u00a0<\/div>\n<div align=\"center\"><strong><font size=\"3\">COMMUNIQUE<\/font><\/strong><\/div>\n<div align=\"justify\"> Le proc\u00e8s en appel des 33 dirigeants et animateurs du mouvement social du bassin minier de Red\u00e9yef\/Gafsa du 3 et 4 f\u00e9vrier 2009, en pronon\u00e7ant de lourdes peines, n&rsquo;a fait que confirmer la volont\u00e9 de r\u00e9primer le mouvement social.  Ce proc\u00e8s,\u00a0 sous haute surveillance polici\u00e8re et en pr\u00e9sence des familles et d\u2019observateurs nationaux et internationaux (avocats, observateurs \u2013 syndicalistes et acteurs de la soci\u00e9t\u00e9 civile &#8211; venus de Tunisie, du Maghreb et de France), a permis aux accus\u00e9s de mettre en valeur le caract\u00e8re pacifique de leur action et la volont\u00e9 permanente\u00a0 de rechercher le dialogue avec les autorit\u00e9s tout au long du mouvement et de d\u00e9noncer les tortures physiques et psychologiques\u00a0 qui leur ont \u00e9t\u00e9 inflig\u00e9es dans les postes de police afin de leur extorquer\u00a0 de faux aveux. De leur cot\u00e9 les avocats ont insist\u00e9 sur les nombreuses irr\u00e9gularit\u00e9s de proc\u00e9dure et sur les tortures exerc\u00e9es pour obtenir des signatures de proc\u00e8s verbaux orient\u00e9s. L\u2019ATF r\u00e9affirme son soutien aux populations du bassin minier et aux condamn\u00e9s et exprime sa solidarit\u00e9 avec leurs familles. L\u2019ATF consid\u00e8re que ces condamnations ne sont pas de nature \u00e0 apaiser le climat social dans cette r\u00e9gion lourdement touch\u00e9e par le ch\u00f4mage, et que c\u2019est une fuite en avant dans une voie r\u00e9pressive et qui ne peut constituer nullement une r\u00e9ponse appropri\u00e9e aux probl\u00e8mes du bassin minier et aux l\u00e9gitimes revendications de sa population de travailler et de vivre dignement en Tunisie.  La r\u00e9pression qui s\u2019abat sur les populations du bassin minier et ces lourdes condamnations, d\u00e9montrent la profondeur de la crise sociale et \u00e9conomique, l\u2019incapacit\u00e9 du pouvoir tunisien \u00e0 mettre en causes ses choix \u00e9conomiques et sociaux \u00e0 l\u2019origine de cette crise, sa volont\u00e9 de criminaliser toute revendication sociale et son refus de dialogue avec la soci\u00e9t\u00e9 tunisienne.  L\u2019ATF, consid\u00e8re que la r\u00e9pression fut-elle judiciaire ne peut r\u00e9soudre les difficult\u00e9s \u00e9conomiques et sociales que se soit dans le bassin minier de Gafsa ou dans toutes les r\u00e9gions du pays. Pour l\u2019ATF, seule la lib\u00e9ration de tous les animateurs et militants du mouvement social du bassin minier injustement condamn\u00e9s, leur r\u00e9tablissement dans leurs droits et leurs emplois, permettra de cr\u00e9er les conditions n\u00e9cessaires \u00e0 un\u00a0 dialogue serein dans un\u00a0 climat social apais\u00e9 et d\u2019\u00e9viter de multiplier les drames sociaux \u00e0 des dizaines de familles. L\u2019ATF appelle le gouvernement tunisien \u00e0 engager avec les populations du bassin minier et leurs repr\u00e9sentants les\u00a0 solutions ad\u00e9quates aux probl\u00e8mes de d\u00e9veloppement de la r\u00e9gion afin de r\u00e9soudre\u00a0 la crise sociale et \u00e9conomique subie essentiellement par les familles et la jeunesse.<\/div>\n<div align=\"justify\"> Le Bureau National de l\u2019ATF\u00a0 Paris le 6 f\u00e9vrier 2009\u00a0\u00a0\u00a0\u00a0\u00a0\u00a0\u00a0\u00a0\u00a0\u00a0\u00a0<\/div>\n<div align=\"justify\">\n<hr\/>\n<\/div>\n<div align=\"justify\">\n<div align=\"center\"><strong><\/p>\n<h2 style=\"color: red;\"><font size=\"3\">Attentat de Djerba: le verdict critiqu\u00e9<\/font><\/h2>\n<p><\/strong> <\/div>\n<p> AFP 07\/02\/2009 | . Un avocat tunisien, sp\u00e9cialiste des affaires de terrorisme, a jug\u00e9 \u00ab\u00a0inacceptable et injuste\u00a0\u00bb la condamnation jeudi \u00e0 18 ans de prison en France de l&rsquo;Allemand converti \u00e0 l&rsquo;islam, Christian Ganczarski, pour complicit\u00e9 dans l&rsquo;attentat contre la synagogue de Djerba, en Tunisie, en 2002.  \u00ab\u00a0La d\u00e9cision est injuste et inacceptable, aucune preuve mat\u00e9rielle ne permettait de conclure \u00e0 la responsabilit\u00e9 de Chritian Ganczarski dans l&rsquo;attentat de Djerba\u00a0\u00bb, a estim\u00e9 Me Samir Ben Amor, avocat principal au proc\u00e8s tenu en Tunisie contre Belgacem Nawar, oncle et complice du Kamikaze, lors d&rsquo;un entretien avec l&rsquo;AFP. \u00ab\u00a0Christian Ganczarski a servi de bouc \u00e9missaire pour un jugement \u00e0 relents politiques pour la bonne conscience de la France\u00a0\u00bb, a estim\u00e9 l&rsquo;avocat.  Le kamikaze, Nizar Nawar, s&rsquo;\u00e9tait fait exploser au volant d&rsquo;un camion pi\u00e9g\u00e9 le 11 avril 2002, entra\u00eenant la mort de 21 personnes dont 14 touristes allemands, 5 Tunisiens et 2 Fran\u00e7ais. La pr\u00e9sence de Fran\u00e7ais a conduit \u00e0 une proc\u00e9dure en France. Christian Ganczarski a \u00e9t\u00e9 condamn\u00e9 jeudi par la cour d&rsquo;assises sp\u00e9ciale de Paris, qui a aussi condamn\u00e9 \u00e0 12 ans de prison pour complicit\u00e9, Walid Nawar, fr\u00e8re du kamikaze.<\/p><\/div>\n<div align=\"justify\">\u00a0\u00a0\u00a0\u00a0<\/div>\n<div align=\"justify\">\n<hr\/>\n<\/div>\n<div align=\"center\"><strong><\/p>\n<p><font>Voici le\u00a0 nouveau num\u00e9ro d&rsquo;ELKHADRA. Il est accessible \u00e0 partir\u00a0 du monde entier \u00e0 travers FACEBOOK.Donnez votre avis et r\u00e9agissez pour\u00a0 abattre la censure.Bonne lecture<\/font><\/p>\n<p><\/strong><\/div>\n<div align=\"justify\">\u00a0<\/div>\n<div>\u00a0<\/div>\n<div align=\"justify\"><a href=\"mailto:elkhadra@hotmail.com\">elkhadra@hotmail.com<\/a> <a href=\"http:\/\/www.facebook.com\/note.php?note_id=47055742868&amp;ref=mf#\/minifeed.php?id=45659255977\" target=\"_blank\" rel=\"noopener\">http:\/\/www.facebook.com\/note.php?note_id=47055742868&amp;ref=mf#\/minifeed.php?id=45659255977<\/a><\/div>\n<div>\u00a0<\/div>\n<div align=\"justify\">\u00a0<\/div>\n<div align=\"justify\"> \u0627\u0644\u0646\u0638\u0627\u0645 \u0627\u0644\u0633\u064a\u0627\u0633\u064a \u0627\u0644\u0639\u0631\u0628\u064a \u064a\u062a\u062c\u0646\u0651\u062f \u0636\u062f\u0651 \u0627\u0644\u0644\u062c\u0646\u0629 \u0627\u0644\u0639\u0631\u0628\u064a\u0629 \u0644\u062d\u0642\u0648\u0642 \u0627\u0644\u0625\u0646\u0633\u0627\u0646MONCEF MARZOUKI \u00b5\u00b5\u00b5\u00b5\u00b5\u00b5\u00b5\u00b5\u00b5\u00b5\u00b5\u00b5\u00b5\u00b5\u00b5\u00b5\u00b5\u00b5\u00b5\u00b5\u00b5\u00b5\u00b5\u00b5\u00b5\u00b5\u00b5\u00b5\u00b5\u00b5\u00b5\u00b5\u00b5\u00b5\u00b5\u00b5\u00b5\u00b5\u00b5\u00b5\u00b5\u00b5\u00b5<\/div>\n<div align=\"justify\"> Hollywood et les Arabes \u00b5\u00b5\u00b5\u00b5\u00b5\u00b5\u00b5\u00b5\u00b5\u00b5\u00b5\u00b5\u00b5\u00b5\u00b5\u00b5\u00b5\u00b5\u00b5\u00b5\u00b5\u00b5\u00b5\u00b5\u00b5\u00b5\u00b5\u00b5\u00b5\u00b5\u00b5\u00b5\u00b5\u00b5\u00b5\u00b5\u00b5\u00b5\u00b5\u00b5\u00b5\u00b5\u00b5\u00b5\u00b5\u00b5<\/div>\n<div align=\"justify\"> Hommage \u00e0 un Roi\u2026 Hommage aux Hommes debouts\u2026 \u00b5\u00b5\u00b5\u00b5\u00b5\u00b5\u00b5\u00b5\u00b5\u00b5\u00b5\u00b5\u00b5\u00b5\u00b5\u00b5\u00b5\u00b5\u00b5\u00b5\u00b5\u00b5\u00b5\u00b5\u00b5\u00b5\u00b5\u00b5\u00b5\u00b5\u00b5\u00b5\u00b5\u00b5\u00b5\u00b5\u00b5\u00b5\u00b5\u00b5\u00b5\u00b5\u00b5<\/div>\n<div align=\"justify\"> ALGERIE o\u00f9 vas-tu ?? \u00b5\u00b5\u00b5\u00b5\u00b5\u00b5\u00b5\u00b5\u00b5\u00b5\u00b5\u00b5\u00b5\u00b5\u00b5\u00b5\u00b5\u00b5\u00b5\u00b5\u00b5\u00b5\u00b5\u00b5\u00b5\u00b5\u00b5\u00b5\u00b5\u00b5\u00b5\u00b5\u00b5\u00b5\u00b5\u00b5\u00b5\u00b5\u00b5\u00b5\u00b5\u00b5\u00b5\u00b5\u00b5\u00b5\u00b5\u00b5<\/div>\n<div align=\"justify\">\u00a0<\/div>\n<div align=\"justify\">\u0644\u062c\u0640\u0646\u0629 \u0645\u0633\u0627\u0646\u062f\u0629 \u0627\u0644\u0623\u0633\u062a\u0627\u0630 \u0639\u0628\u062f \u0627\u0644\u0648\u0647\u0627\u0628 \u0645\u0639\u0637\u0640\u0631 \u00b5\u00b5\u00b5\u00b5\u00b5\u00b5\u00b5\u00b5\u00b5\u00b5\u00b5\u00b5\u00b5\u00b5\u00b5\u00b5\u00b5\u00b5\u00b5\u00b5\u00b5\u00b5\u00b5\u00b5\u00b5\u00b5\u00b5\u00b5\u00b5\u00b5\u00b5\u00b5\u00b5\u00b5\u00b5\u00b5\u00b5\u00b5\u00b5\u00b5\u00b5\u00b5\u00b5\u00b5\u00b5\u00b5<\/div>\n<div align=\"justify\"> LA REALITE EN FACE !<\/div>\n<div align=\"justify\">\u00a0Par DERBALI<\/div>\n<div align=\"justify\">\u00b5\u00b5\u00b5\u00b5\u00b5\u00b5\u00b5\u00b5\u00b5\u00b5\u00b5\u00b5\u00b5\u00b5\u00b5\u00b5\u00b5\u00b5\u00b5\u00b5\u00b5\u00b5\u00b5\u00b5\u00b5\u00b5\u00b5\u00b5\u00b5\u00b5\u00b5\u00b5\u00b5\u00b5\u00b5\u00b5\u00b5\u00b5\u00b5\u00b5<\/div>\n<div align=\"justify\"> DANS LA T\u00caTE DU PARTI DE L\u2019ORDRE : \u201cTHE AUTHORITARIANS\u201d PAR \u201cDr. BOB\u201d ALTEMEYER \u00b5\u00b5\u00b5\u00b5\u00b5\u00b5\u00b5\u00b5\u00b5\u00b5\u00b5\u00b5\u00b5\u00b5\u00b5\u00b5\u00b5\u00b5\u00b5\u00b5\u00b5\u00b5\u00b5\u00b5\u00b5\u00b5\u00b5\u00b5\u00b5\u00b5\u00b5\u00b5\u00b5\u00b5\u00b5\u00b5\u00b5\u00b5\u00b5\u00b5\u00b5\u00b5\u00b5<\/div>\n<div align=\"justify\"> Notre Christ est n\u00e9 de nouveau \u00b5\u00b5\u00b5\u00b5\u00b5\u00b5\u00b5\u00b5\u00b5\u00b5\u00b5\u00b5\u00b5\u00b5\u00b5\u00b5\u00b5\u00b5\u00b5\u00b5\u00b5\u00b5\u00b5\u00b5\u00b5\u00b5\u00b5\u00b5\u00b5\u00b5\u00b5\u00b5\u00b5\u00b5\u00b5\u00b5\u00b5\u00b5\u00b5\u00b5\u00b5\u00b5\u00b5\u00b5\u00b5\u00b5\u00b5\u00b5<\/div>\n<div align=\"justify\"> Gaza : Sommes-nous les \u00ab indiens \u00bb \u00e0 exterminer du 21i\u00e8me si\u00e8cle Par MIZAANOUN \u00b5\u00b5\u00b5\u00b5\u00b5\u00b5\u00b5\u00b5\u00b5\u00b5\u00b5\u00b5\u00b5\u00b5\u00b5\u00b5\u00b5\u00b5\u00b5\u00b5\u00b5\u00b5\u00b5\u00b5\u00b5\u00b5\u00b5\u00b5\u00b5\u00b5\u00b5\u00b5\u00b5\u00b5\u00b5\u00b5\u00b5\u00b5\u00b5\u00b5\u00b5\u00b5<\/div>\n<div align=\"justify\"> \u0623\u0631\u062f\u0648\u063a\u0627\u0646&#8230; \u0648\u0623\u062e\u064a \u062c\u0627\u0648\u0632 \u0627\u0644\u0638\u0627\u0644\u0645\u0648\u0646 \u0627\u0644\u0645\u062f\u0649! \u00b5\u00b5\u00b5\u00b5\u00b5\u00b5\u00b5\u00b5\u00b5\u00b5\u00b5\u00b5\u00b5\u00b5\u00b5\u00b5\u00b5\u00b5\u00b5\u00b5\u00b5\u00b5\u00b5\u00b5\u00b5\u00b5\u00b5\u00b5\u00b5\u00b5\u00b5\u00b5\u00b5\u00b5\u00b5\u00b5\u00b5\u00b5\u00b5\u00b5\u00b5\u00b5\u00b5\u00b5\u00b5\u00b5\u00b5\u00b5\u00b5\u00b5<\/div>\n<div align=\"justify\"> LE TALMUD A LA HAUTEUR DE MEIN KAMPFT \u00b5\u00b5\u00b5\u00b5\u00b5\u00b5\u00b5\u00b5\u00b5\u00b5\u00b5\u00b5\u00b5\u00b5\u00b5\u00b5\u00b5\u00b5\u00b5\u00b5\u00b5\u00b5\u00b5\u00b5\u00b5\u00b5\u00b5\u00b5\u00b5\u00b5\u00b5\u00b5\u00b5\u00b5\u00b5\u00b5\u00b5\u00b5\u00b5\u00b5\u00b5\u00b5\u00b5<\/div>\n<div align=\"justify\"> Le juda\u00efsme, le sionisme, les intellectuels<\/div>\n<div align=\"justify\">*********************** Gafsa : Condamnations iniques en Tunisie<\/div>\n<div>\u00a0<\/div>\n<div align=\"justify\">*************************<\/div>\n<div align=\"justify\"> \u0627\u0644\u0646\u0638\u0627\u0645 \u0627\u0644\u0633\u064a\u0627\u0633\u064a \u0627\u0644\u0639\u0631\u0628\u064a \u064a\u062a\u062c\u0646\u0651\u062f \u0636\u062f\u0651 \u0627\u0644\u0644\u062c\u0646\u0629 \u0627\u0644\u0639\u0631\u0628\u064a\u0629 \u0644\u062d\u0642\u0648\u0642 \u0627\u0644\u0625\u0646\u0633\u0627\u0646MONCEF MARZOUKI \u0627\u0644\u0646\u0638\u0627\u0645 \u0627\u0644\u0633\u064a\u0627\u0633\u064a \u0627\u0644\u0639\u0631\u0628\u064a \u064a\u062a\u062c\u0646\u0651\u062f \u0636\u062f\u0651 \u0627\u0644\u0644\u062c\u0646\u0629 \u0627\u0644\u0639\u0631\u0628\u064a\u0629 \u0644\u062d\u0642\u0648\u0642 \u0627\u0644\u0625\u0646\u0633\u0627\u0646 <\/div>\n<div align=\"justify\">\u00a0<\/p>\n<div align=\"center\">\u00a0<\/div>\n<div align=\"center\">\n<hr\/>\n<\/div>\n<div align=\"center\"> <strong><\/p>\n<h2 style=\"color: red;\"><font size=\"3\">\u00ab Rien, sauf la souffrance \u00bb\u00a0  A b\u00e2tons rompus avec deux Rda\u00effis<\/font><\/h2>\n<p><\/strong> <\/div>\n<div align=\"justify\"> Un an apr\u00e8s le d\u00e9but du soul\u00e8vement de la r\u00e9gion de Gafsa en Tunisie, s\u2019est tenu le proc\u00e8s en appel de 38 syndicalistes et militants, consid\u00e9r\u00e9s comme les meneurs du mouvement. La justice a confirm\u00e9 le 4 f\u00e9vrier la culpabilit\u00e9 des accus\u00e9s, en r\u00e9duisant toutefois certaines peines prononc\u00e9es le 11 d\u00e9cembre en premi\u00e8re instance. Ce proc\u00e8s fait suite \u00e0 des dizaines d\u2019autres o\u00f9 des centaines de jeunes ont \u00e9t\u00e9 d\u00e9f\u00e9r\u00e9s, la majorit\u00e9 en \u00e9tat d\u2019arrestation, et certains en fuite. La r\u00e9gion de R\u00e9deyef, foyer d\u2019\u00e9migration depuis quatre d\u00e9cennies, a vu une nouvelle h\u00e9morragie de sa jeunesse \u00e0 l\u2019occasion de cette vague de r\u00e9pression. La r\u00e9gion nantaise leur a \u00ab ouvert \u00bb ses portes.   <strong>Rencontre avec deux Rda\u00effis en exil forc\u00e9.<\/strong> <strong><font>* H. Abdallah Halimi, vous \u00eates originaire de Redeyef ?<\/font><\/strong>\u00a0   H. Abdallah Oui. J\u2019ai deux fr\u00e8res en prison actuellement \u00e0 cause des \u00e9v\u00e9nements \u00e0 Redeyef depuis un an et un mois ; ils sont dans des conditions d\u00e9favorables et difficiles.\u00a0   <strong><font>* Et vous, Mohammed ?<\/font><\/strong>   Mohammed : Je suis de Redeyef aussi. J\u2019ai des cousins en prison. Quand j\u2019\u00e9tais \u00e9tudiant, j\u2019avais d\u00e9j\u00e0 des probl\u00e8mes avec le pouvoir tunisien. J\u2019ai \u00e9t\u00e9 mis en prison.   <strong><font>*\u00a0\u00a0 H. Abdallah, vos deux fr\u00e8res en prison, qui sont-ils ?<\/font><\/strong>   H. Abdallah : Mon grand fr\u00e8re, c\u2019est Tarek Halimi, un enseignant, un instituteur de Redeyef ; il est mari\u00e9, il a trois enfants, deux filles et un petit b\u00e9b\u00e9. Il a commenc\u00e9 \u00e0 enseigner en 1981. Il fait partie du syndicat des enseignants de l\u2019UGTT. Cela fait plusieurs mois qu\u2019il a \u00e9t\u00e9 arr\u00eat\u00e9. Ce n\u2019est pas pour des raisons politiques. C\u2019est \u00e0 cause des manifestations, du mouvement social de Redeyef, qui a demand\u00e9 l\u2019emploi, la libert\u00e9 de travailler dignement. Ils ont \u00e9t\u00e9 attaqu\u00e9s par les forces de l\u2019ordre, la police. Ils ont tous eu des probl\u00e8mes physiques et psychiques, mes deux fr\u00e8res aussi. Cela fait plusieurs mois qu\u2019il a \u00e9t\u00e9 arr\u00eat\u00e9. Il a \u00e9t\u00e9 \u00e0 la police de lui-m\u00eame car ils avaient arr\u00eat\u00e9 sa femme. Mon fr\u00e8re Haroun, \u00e2g\u00e9 de 28 ans environ, avait pass\u00e9 trois mois dans la montagne.  <strong><font>* Dans quelles circonstances ?<\/font><\/strong>\u00a0  H. Abdallah : Je dois faire un petit retour en arri\u00e8re : les manifestations ont commenc\u00e9 \u00e0 Redeyef. A la fin de f\u00e9vrier-mars, il y a eu la r\u00e9pression, c\u2019\u00e9tait tr\u00e8s grave. Les forces de l\u2019ordre ont provoqu\u00e9 les manifestants, les ch\u00f4meurs qui demandent de l\u2019emploi. C\u2019est alors qu\u2019ils sont pass\u00e9s \u00e0 l\u2019arrestation des meneurs. Puis, sous la pression, ils ont rel\u00e2ch\u00e9 des personnes. Les leaders. Puis la quatri\u00e8me \u00e9tape, c\u2019\u00e9tait quinze jours de n\u00e9gociations entre les repr\u00e9sentants du pouvoir tunisien et les syndicalistes. Toute la ville \u00e9tait bloqu\u00e9e par les forces de l\u2019ordre : 20 000 policiers et les militaires, plus les chars.   <strong><font>* C\u2019est dans ce contexte de r\u00e9pression que votre fr\u00e8re \u2026<\/font><\/strong>   H. Abdallah :\u00a0 A cette \u00e9tape l\u00e0, -je n\u2019ai jamais vu cela, une r\u00e9pression pareille depuis l\u2019\u00e9poque de la colonisation- les gens, ils savent comment le pouvoir r\u00e9agit. Ils le savent par les \u00e9v\u00e9nements du pain, o\u00f9 les incidents du match de foot de Gafsa. Les forces de l\u2019ordre ont tir\u00e9 des bombes lacrymog\u00e8nes sur les manifestants. Puis cela a \u00e9t\u00e9 le tour des balles r\u00e9elles,-c\u2019est la guerre ? C\u2019est l\u2019impasse du pouvoir qui d\u00e9gage d\u2019une fa\u00e7on dictatoriale et barbare. Les forces de l\u2019ordre sont rentr\u00e9es dans les maisons et saccag\u00e9 tous les petits commerces. Il faisait tr\u00e8s chaud. C\u2019\u00e9tait l\u2019\u00e9t\u00e9. Les forces de l\u2019ordre \u00e9taient hyst\u00e9riques. Ils ont tu\u00e9 deux jeunes, le premier qui avait fait la gr\u00e8ve de la faim, qui a manifest\u00e9 dans un transformateur. Le deuxi\u00e8me, c\u2019est Ben Jeddou, un jeune. Dans cette p\u00e9riode presque 500 personnes ont \u00e9t\u00e9 arr\u00eat\u00e9es en quatre jours.  \u00a0 <font><strong>* Pour en revenir \u00e0 votre fr\u00e8re \u2026<\/strong> <\/font> H. Abdallah : Les gens sont oblig\u00e9s de s\u2019enfuir, pour eux, c\u2019\u00e9tait la montagne. Mon fr\u00e8re Haroun n\u2019est plus \u00e0 l\u2019abri chez nous, o\u00f9 les forces de l\u2019ordre sont venus avec des effectifs incroyables. C\u2019est l\u2019horreur, pour ma m\u00e8re qui a plus de soixante ans, ou la femme de mon fr\u00e8re. Il est rest\u00e9 plus de trois mois dans la montagne. Cela a march\u00e9 gr\u00e2ce \u00e0 la solidarit\u00e9 entre les citoyens et ceux qui \u00e9taient dans la montagne.  \u00a0 <strong><font>* Comment cela s\u2019est-il termin\u00e9 ?<\/font><\/strong>  H. Abdallah : Je me demande comment il a surv\u00e9cu. Ils sont oblig\u00e9s de descendre en ville en nuit en cachette pour avoir de quoi manger, car il n\u2019y a rien dans les montagnes. La montagne n\u2019est pas le bon abri. Ils se sont enfuis vers le d\u00e9sert o\u00f9 ils ont pass\u00e9 un mois et demi. Car il y avait des gens qui les avaient balanc\u00e9s, qui disaient qu\u2019ils \u00e9taient dans les anciens tunnels de phosphate. Comme il n\u2019en pouvait plus, Tarek a d\u00e9cid\u00e9 de se pr\u00e9senter au poste de police.\u00a0   <strong><font>* Et \u00e0 la police, comment cela s\u2019est pass\u00e9 ?<\/font><\/strong> H. Abdallah : Le pouvoir tunisien ne conna\u00eet que la torture et les matraques, et des choses que personne ne peut raconter en public, tellement c\u2019est la honte. Et puis, ils l\u2019ont envoy\u00e9 vers le gouvernorat de Gafsa, au commissariat. Les enqu\u00eateurs font ce qu\u2019ils veulent, comme des pr\u00e9dateurs. C\u2019est pour tout le monde, pas seulement pour Haroun.  \u00a0 <strong><font>* Et votre fr\u00e8re Tarek ?<\/font><\/strong> H. Abdallah : Lui aussi a \u00e9t\u00e9 dans le d\u00e9sert. Il s\u2019est livr\u00e9 au commissariat.  <strong><font>* Et depuis qu\u2019il est en prison ?<\/font><\/strong> H. Abdallah : Ils subissent des insultes, des agressions. M\u00eame les visites, ma famille ne peut leur rendre visite directement. C\u2019est derri\u00e8re les vitres. Mon grand fr\u00e8re, eh bien, son petit b\u00e9b\u00e9 ne le reconna\u00eet pas derri\u00e8re les vitres : il pleure. C\u2019est dramatique, pour sa femme aussi. Pour les prisonniers politiques en Tunisie, pour les prisonniers d\u2019opinion, c\u2019est pire que pour les droits communs. Il ne re\u00e7oit pas de lettres, il ne peut pas en \u00e9crire. C\u2019est valable pour mes deux fr\u00e8res. On ne pouvait pas s\u2019exprimer dehors, comment voulez-vous qu\u2019on s\u2019exprime en prison ? Les condamnations le 11 d\u00e9cembre :\u00a0 on les ont accus\u00e9s de choses graves : \u00ab organisation arm\u00e9e \u00bb, \u00ab renversement du r\u00e9gime \u00bb. C\u2019est honteux, c\u2019est n\u2019importe quoi, presque comique, on a affaire \u00e0 un mouvement social qui manifeste, il s\u2019agit juste de s\u2019exprimer. On nous dit que c\u2019est l\u2019 \u00ab Etat des droits de l\u2019homme \u00bb or il s\u2019est agi d\u2019une r\u00e9action dictatoriale. Mon grand fr\u00e8re Tarek a pris 10 ans et mon petit fr\u00e8re, 6 ans, en pr\u00e9sence d\u2019une d\u00e9l\u00e9gation internationale, syndicale et judiciaire, des repr\u00e9sentants des Etats-Unis, de la France. La d\u00e9l\u00e9gation fran\u00e7aise a \u00e9t\u00e9 dans ma famille, a discut\u00e9 avec toute ma famille. Toute ma famille est maintenant sous surveillance, y compris les voisins, qui ne peuvent leur rendre visite, ni leur parler. Ils sont toujours sous surveillance. Quand ils vont rendre visite \u00e0 mes fr\u00e8res, c\u2019est l\u2019\u00e9tat de si\u00e8ge. C\u2019est catastrophique. Il me faudrait des mois pour que j\u2019arrive \u00e0 exprimer tout ce que j\u2019ai v\u00e9cu, dire la v\u00e9rit\u00e9, ce qu\u2019on a v\u00e9cu ici en France, nos contacts t\u00e9l\u00e9phoniques avec nos familles. Les jeunes de Redeyef qui sont venus ici nous ont racont\u00e9 des histoires incroyables, honteuses, tragiques. C\u2019est la dictature. Parmi ces prisonniers il y en a un qui s\u2019appelle Abid Ben Messaoud Khlifi, un prof de litt\u00e9rature arabe. Il a d\u00e9j\u00e0 \u00e9crit un livre en prison. On n\u2019arrive pas \u00e0 avoir ce livre. Un jour, j\u2019esp\u00e8re que ce livre sera publi\u00e9. C\u2019est son droit de s\u2019exprimer, d\u2019\u00eatre libre.\u00a0   <strong><font>* Mohammed, vous avez-vous aussi de la famille en prison ?<\/font><\/strong> Mohammed : J\u2019ai de la famille, mes cousins, des amis. Ils sont de Redeyef. Ils ont \u00e9t\u00e9 arr\u00eat\u00e9s pendant les manifestations. Ils ont \u00e9t\u00e9 condamn\u00e9s \u00e0 des peines de plusieurs ann\u00e9es, comme mon cousin Ridha Ezdini (6 ans), Ghanem Chra\u00efti (6 ans). Il \u00e9tait avec son p\u00e8re en prison, Boujemaa Chra\u00efti, tout du moins au d\u00e9but. Il est \u00e0 la prison de Gafsa, il ont \u00e9t\u00e9 frapp\u00e9s, tortur\u00e9s. Enorm\u00e9ment. On les a br\u00fbl\u00e9s avec du feu. On les a emp\u00each\u00e9s de voir un m\u00e9decin. Boujemaa et Ghanem ont les l\u00e9sions corporelles. Ghanem ne peut voir un m\u00e9decin.  <strong><font>* Ghanem a droit de recevoir des visites ?<\/font><\/strong>  Mohammed :Moi, je n\u2019ai pas le droit aux visites au d\u00e9but. Puis, je l\u2019ai vu \u00e0 la prison de Gafsa. Son moral, c\u2019est celui d\u2019une personne en prison, tortur\u00e9e, mais qui a des convictions, des droits, qui r\u00e9siste en prison. La visite, une fois par semaine, ne dure m\u00eame pas sept minutes et en plus c\u2019est par t\u00e9l\u00e9phone. On ne s\u2019entend pas. Un gardien est l\u00e0 qui \u00e9coute puis te coupe la parole et sort les familles de force.   <strong><font>* Vous m\u2019aviez dit avoir \u00e9t\u00e9 r\u00e9prim\u00e9 en Tunisie ? <\/font><\/strong>Mohammed :J\u2019\u00e9tais \u00e9tudiant syndiqu\u00e9 \u00e0 l\u2019UGTT. Ils m\u2019ont arr\u00eat\u00e9 \u00e0 deux reprises. A la police on te bat. J\u2019ai \u00e9t\u00e9 jug\u00e9. Je me rappelle que ma famille n\u2019a pas \u00e9t\u00e9 autoris\u00e9e \u00e0 entrer au tribunal alors que le proc\u00e8s est public. J\u2019ai eu une peine avec sursis. La premi\u00e8re fois que j\u2019ai \u00e9t\u00e9 arr\u00eat\u00e9, j\u2019\u00e9tais lyc\u00e9en. Nous avions fait une manifestation pour la Palestine en 2002. La manifestation a eu lieu \u00e0 Redeyef. Depuis on m\u2019a fait sortir de Redeyef. J\u2019ai pass\u00e9 trois ans en fac, on ne m\u2019a pas laiss\u00e9 passer les examens, alors je suis parti.   <strong><font>* Votre famille continue d\u2019\u00eatre surveill\u00e9e ?<\/font><\/strong> Mohammed : Elle est harcel\u00e9e. Ils ont investi la maison. La surveillance ne cesse pas. On les a interrog\u00e9s sur moi.\u00a0  <font><strong>* Et maintenant que vous \u00eates en France pensez-vous envisageable de rentrer ?<\/strong><\/font>  H. Abdallah : Dans de telles circonstances, je ne peux plus rentrer. La France n\u2019est pas un paradis, je suis un sans papier ici, j\u2019ai toujours peur de la police.  \u00a0 <strong><font>* Vous attendez une am\u00e9lioration de la situation en Tunisie ?<\/font><\/strong>  Mohammed : Oui, j\u2019attends. C\u2019est possible. Il faudra beaucoup de luttes, que les gens croient en leurs luttes. L\u2019UGTT n\u2019a plus de cr\u00e9dibilit\u00e9. Amari Elabassi, secr\u00e9taire g\u00e9n\u00e9ral de l\u2019Union r\u00e9gionale de Gafsa de l\u2019UGTT,\u00a0 est aussi un propri\u00e9taire de soci\u00e9t\u00e9s.   H. Abdallah\u00a0 : Amar Elabassi, c\u2019est lui qu\u2019il faudrait juger et condamner. Il a une soci\u00e9t\u00e9 de nettoyage qui est li\u00e9e \u00e0 la soci\u00e9t\u00e9 de phosphates de Gafsa. Il a plus de 700 ouvriers qui travaillent et en m\u00eame temps il est \u00e0 l\u2019UGTT. Cela ne se trouve pas dans tous les pays, cette situation ! Pendant la r\u00e9volution de Redeyef, il a d\u00fb r\u00e9gler la situation de ses ouvriers, pour les faire taire. Le recrutement des jeunes \u00e0 la soci\u00e9t\u00e9 de Gafsa s\u2019est faite dans des conditions ill\u00e9gales, de corruption, pour avoir un poste. Normalement, ce doivent \u00eatre des jeunes ouvriers qui auraient d\u00fb \u00eatre recrut\u00e9s, pas des gens qui ont de l\u2019argent pour corrompre.   <strong><font>* Nous n\u2019avez pas de papiers en France, vous pourriez demander l\u2019asile politique ?<\/font><\/strong>  H. Abdallah : Ici \u00e0 Nantes, le maire et le Pr\u00e9fet sont au courant qu\u2019il y a ici plus de 200 clandestins qui sont originaires de Redeyef qui sont arriv\u00e9s r\u00e9cemment, qui ont rejoint des \u00e9migr\u00e9s anciens.\u00a0   Mohammed : Cela fait trois mois que je suis en France, je n\u2019ai pas de papiers. En Tunisie, personne ne peut plus rentrer. Je n\u2019ai pas de perspectives, quand on n\u2019a pas de papiers, on n\u2019a pas de perspectives.  <strong><font>* En France, une personne pers\u00e9cut\u00e9e a le droit de demander l\u2019asile et ce ne sont ni le maire, ni le Pr\u00e9fet qui se chargent de leur demande;<\/font><\/strong><\/div>\n<div align=\"justify\"> H. Abdallah : Nous sommes surveill\u00e9s. On a d\u00e9j\u00e0 deux ou trois jeunes qui ont \u00e9t\u00e9 expuls\u00e9s \u00e0 Redeyef, alors tout le monde se cache. On vit d\u2019une fa\u00e7on inhumaine, sous les ponts. Et des originaires de Redeyef, ils en ont arr\u00eat\u00e9 plus de vingt ces deux derniers mois. Monsieur Hafnaoui Chra\u00efti a eu le droit d\u2019asile, comment ? Le pr\u00e9fet, pour se sortir de cette situation critique, -il y avait des rassemblements devant la Pr\u00e9fecture-, lui a donn\u00e9 le droit de demander l\u2019asile alors que les d\u00e9lais \u00e9taient d\u00e9pass\u00e9s\u2026   <strong><font>* Mais ce qui s\u2019est pass\u00e9 avec Hafnaoui\u00a0 Chra\u00efti ne vous encourage pas \u00e0 le faire ?<\/font><\/strong><\/div>\n<div align=\"justify\"> H. Abdallah : Mais c\u2019est un autre risque : s\u2019il y a renvoi vers la Tunisie, c\u2019est l\u2019emprisonnement, c\u2019est l\u2019horreur. Moi, c\u2019est hors de question de rentrer. Le suicide, c\u2019est une mort plus digne. Je n\u2019ai plus confiance, m\u00eame dans le droit d\u2019asile. Derri\u00e8re moi, j\u2019ai toute une famille, ma m\u00e8re, les enfants de mon fr\u00e8re prisonnier, qui attend tout de moi. C\u2019est une grande responsabilit\u00e9. Je dois rester ici. Tant que Ben Ali est le pr\u00e9sident. Ici, je peux participer \u00e0 la soci\u00e9t\u00e9 civile, on trouve des gens qui nous \u00e9coutent, des associations. Une d\u00e9l\u00e9gation a \u00e9t\u00e9 \u00e0 Redeyef, avec des personnalit\u00e9s, comme Madame de Oliveira, Monseigneur Gaillot. C\u2019est quelque chose qu\u2019on ne trouve pas en Tunisie. R\u00e9cemment la radio Kalima a \u00e9t\u00e9 boucl\u00e9e. Toute la Tunisie est en \u00e9tat de si\u00e8ge. Heureusement, notre symbole de Redeyef fait peur au pouvoir. Cela nous donne de l\u2019espoir. On doit toujours d\u00e9fendre nos droits. Dire non \u00e0 ce pouvoir, c\u2019est fondamental pour nous. \u00ab les droits de l\u2019homme\u00ab , \u00ab le dialogue avec les jeunes \u00bb c\u2019est du mensonge. On ne sent pas qu\u2019on est un pays ind\u00e9pendant. J\u2019aime mon pays, parce que c\u2019est le mien, et pas celui du pr\u00e9sident et de sa mafia, qui a saccag\u00e9 la fortune de mon pays.  Mohammed : En Tunisie, nous n\u2019avons pas de droits, rien, pas de justice, ni de d\u00e9mocratie, et en France, non plus, pas de papiers. Rien, sauf la souffrance. On n\u2019a plus l\u2019impression d\u2019\u00eatre des \u00eatres humains.  \u00a0  <font><strong>Propos recueillis par Luiza Toscane le 7 f\u00e9vrier 2009<\/strong><\/font><\/div>\n<div align=\"justify\"><strong><\/p>\n<hr\/>\n<p><\/strong><\/div>\n<div align=\"justify\">\u00a0<\/div>\n<div align=\"justify\"><font><\/p>\n<div align=\"center\">\n<h2 style=\"color: red;\"><font face=\"Arial\" size=\"3\"><b>UGTT-Universitaires &#8211; La gifle\u00a0!<\/b><\/font><\/h2>\n<\/div>\n<div><font face=\"Arial\" size=\"2\"><b>Par\u00a0:Baccar Gherib<\/b><\/font><\/p>\n<p align=\"justify\"><i>Les universitaires n\u2019en reviennent pas encore. Ils en sont encore sonn\u00e9s\u2026 L\u2019attitude du Bureau Ex\u00e9cutif (BE) de l\u2019UGTT qui a pris l\u2019initiative de signer, sans les informer, un accord sur des augmentations salariales largement en de\u00e7\u00e0 de leurs revendications, les a fortement secou\u00e9s.<\/i><\/p>\n<p align=\"justify\">Ils avaient pourtant cru s\u2019\u00eatre d\u00fbment prot\u00e9g\u00e9s contre un tel mauvais sc\u00e9nario, en soulignant, lors de leur dernier conseil sectoriel, que toute nouvelle proposition d\u2019augmentations devait leur \u00eatre soumise avant tout \u00e9ventuel accord. Mais le BE n\u2019a pas respect\u00e9 son engagement, il n\u2019a pas tenu parole. Il s\u2019agit donc bel et bien d\u2019un \u00ab\u00a0coup de poignard dans le dos\u00a0\u00bb, selon l\u2019image expressive d\u2019un syndicaliste de l\u2019enseignement sup\u00e9rieur.<\/p>\n<p align=\"justify\">En se d\u00e9solidarisant des revendications des universitaires et en les traitant avec une telle d\u00e9sinvolture, la Centrale Syndicale a tout simplement affich\u00e9 son m\u00e9pris \u00e0 leur \u00e9gard. Pour eux, c\u2019est une v\u00e9ritable gifle qu\u2019elle leur a administr\u00e9e\u00a0! Et son effet sur l\u2019avenir de l\u2019action syndicale au sein de l\u2019universit\u00e9 risque d\u2019\u00eatre catastrophique.<\/p>\n<p align=\"justify\">Comme si l\u2019inlassable et harassante lutte que les syndicalistes de l\u2019enseignement sup\u00e9rieur m\u00e8nent pour la reconnaissance et le respect de l\u2019action syndicale face aux divers abus et intimidations ne suffisait pas, voil\u00e0 qu\u2019ils se trouvent, par ce d\u00e9saveu, confront\u00e9s \u00e0 un v\u00e9ritable probl\u00e8me de cr\u00e9dibilit\u00e9\u2026<\/p>\n<p align=\"justify\">\u00a0<\/p>\n<p align=\"justify\">Un deuxi\u00e8me front dont ils se seraient fort bien pass\u00e9s\u00a0! C\u2019est triste \u00e0 dire, mais l\u2019UGTT risque, par ce coup \u00ab\u00a0magistral\u00a0\u00bb, de r\u00e9ussir l\u00e0 o\u00f9 l\u2019autorit\u00e9 de tutelle a longtemps \u00e9chou\u00e9\u00a0: \u00e0 savoir briser l\u2019\u00e9lan de l\u2019action syndicale \u00e0 l\u2019universit\u00e9\u2026 Un v\u00e9ritable coup de gr\u00e2ce\u00a0! Il ne faut pas se voiler la face. Le coup tordu de l\u2019UGTT ouvre une p\u00e9riode de crise pour l\u2019engagement syndical dans le secteur, et le rassemblement de protestation de samedi dernier a \u00e9t\u00e9 l\u2019expression d\u2019un ras-le-bol et d\u2019une col\u00e8re, mais aussi, peut-\u00eatre, d\u2019un d\u00e9sespoir.<\/p>\n<p align=\"justify\">Certes, les difficult\u00e9s mat\u00e9rielles des universitaires sont bien r\u00e9elles, et la chute de leur pouvoir d\u2019achat est tangible. Mais ce qui les a indign\u00e9s le plus, ce n\u2019est pas tant la faiblesse des augmentations obtenues que la mani\u00e8re avec laquelle ils ont \u00e9t\u00e9 trait\u00e9s. Et, d\u2019ailleurs, ils sont loin d\u2019\u00eatre dupes. Ils ont, lors de ce rassemblement, stigmatis\u00e9 la gestion bureaucratique des luttes syndicales et les petits calculs \u00e9lectoralistes qui font que leurs revendications ne b\u00e9n\u00e9ficient pas souvent du soutien qu\u2019elles m\u00e9ritent. Toutefois, le m\u00e9pris affich\u00e9 est une tout autre affaire. Et le discours rituel sur la \u00ab\u00a0place particuli\u00e8re des universitaires\u00a0\u00bb dans la Centrale syndicale ne convainc d\u00e9sormais plus personne.<\/p>\n<p align=\"justify\">Ainsi, cette gifle, qui vient apr\u00e8s plusieurs ann\u00e9es de luttes et de combats, a pouss\u00e9 certains universitaires \u00e0 poser, pour la premi\u00e8re fois depuis longtemps, la question de leur sortie de l\u2019UGTT et de la fondation d\u2019un syndicat autonome. C\u2019est dire la gravit\u00e9 de la situation. Le BE, qui est \u00e0 l\u2019origine de la crise, doit assumer la responsabilit\u00e9 de la r\u00e9soudre.<\/p>\n<p align=\"right\"><font face=\"Arial\" size=\"2\"><b>Baccar Gherib<\/b><\/font><\/p>\n<p><font face=\"Arial\" size=\"2\"><b>Source\u00a0: \u00ab\u00a0Attariq Aljadid\u2013Tunis \u2013 le 07 \u2013 02 \u2013 2009&Prime; \u00a0Republication du Forum de \u00ab\u00a0D\u00e9mocratie Syndicale et Politique\u00a0\u00bb<\/b><\/font><\/p>\n<p><font size=\"2\"><font face=\"Arial\"><font><b>Lien\u00a0: <\/b><\/font><font><a href=\"http:\/\/fr.groups.yahoo.com\/group\/democratie_s_p\/\" target=\"_blank\" rel=\"noopener\"><b>http:\/\/fr.groups.yahoo.com\/<wbr>group\/democratie_s_p<\/wbr><\/b><\/a><\/font><a href=\"http:\/\/fr.groups.yahoo.com\/group\/democratie_s_p\/\" target=\"_blank\" rel=\"noopener\">\/<\/a><\/font><\/font><\/p>\n<\/div>\n<p><\/font><\/div>\n<\/div>\n<div align=\"justify\">\n<hr\/>\n<\/div>\n<div align=\"justify\">\u00a0<\/div>\n<div align=\"center\"><strong><\/p>\n<h2 style=\"color: red;\"><font size=\"3\">Verdict, hier, dans \u00ab\u00a0l&rsquo;affaire Touati\u00a0\u00bb La cour annule la d\u00e9cision de l&rsquo;UGTT<\/font><\/h2>\n<p><\/strong><\/div>\n<div align=\"justify\">\u00a0<\/div>\n<div align=\"justify\">Dans son verdict prononc\u00e9 hier, le tribunal de premi\u00e8re instance de Tunis a annul\u00e9 la d\u00e9cision de la direction de l&rsquo;UGTT de geler les activit\u00e9s du secr\u00e9taire g\u00e9n\u00e9ral de l&rsquo;Union R\u00e9gionale du Travail de Tunis (URTT) prise le 27 d\u00e9cembre 2008 l&rsquo;accusant de mauvaise gestion financi\u00e8re suite \u00e0 un rapport sur les finances de l&rsquo;URTT \u00e9tabli par la commission des finances de la centrale syndicale.  Une accusation que Touati a cat\u00e9goriquement rejet\u00e9e en d\u00e9non\u00e7ant \u00ab\u00a0des man\u0153uvres pour l&rsquo;\u00e9carter parce qu&rsquo;il est contre l&rsquo;amendement de l&rsquo;article du r\u00e8glement int\u00e9rieur adopt\u00e9 par le congr\u00e8s de Djerba de 2002 qui limite \u00e0 deux mandats successifs l&rsquo;exercice de la fonction de membre du bureau ex\u00e9cutif de l&rsquo;UGTT\u00a0\u00bb et en soulignant \u00ab\u00a0que 9 membres du bureau ex\u00e9cutif\u00a0 actuel sont concern\u00e9s par cette disposition et ne peuvent plus en cons\u00e9quent se pr\u00e9senter au prochain congr\u00e8s. Ils vont essayer donc par tous les moyens d&rsquo;amender cet article\u00a0\u00bb.  R\u00e9confort\u00e9 par le verdict prononc\u00e9, Touati compte, aujourd&rsquo;hui ou lundi, faire appel \u00e0 un huissier pour r\u00e9occuper son bureau, dont les serrures ont \u00e9t\u00e9 chang\u00e9es, et reprendre ses activit\u00e9s. Mais quelle sera la r\u00e9action de la direction de l&rsquo;UGTT?  <font><strong>N\u00e9jib SASSI  (Source: \u00ab\u00a0Le Temps\u00a0\u00bb (Quotidien &#8211; Tunis), le 7 f\u00e9vrier 2009)<\/strong><\/font><\/div>\n<div align=\"justify\"><strong><\/p>\n<hr\/>\n<p><\/strong><\/div>\n<div align=\"justify\">\u00a0<\/div>\n<p><font><\/p>\n<div align=\"center\"> <strong><\/p>\n<h2 style=\"color: red;\"><font size=\"3\">UGET &#8211; Le 25\u00e8me congr\u00e8s les 10, 11 et 12 avril 2009<\/font><\/h2>\n<p><\/strong><\/div>\n<div align=\"justify\"> La commission administrative de l&rsquo;Union G\u00e9n\u00e9rale des Etudiants Tunisiens (UGET) a d\u00e9cid\u00e9 de tenir le 25\u00e8me congr\u00e8s de l&rsquo;organisation les 10, 11 et 12 avril 2009 \u00e0 la facult\u00e9 des sciences de Bizerte ou bien \u00e0 la facult\u00e9 de droit de Tunis. \u00ab\u00a0Un congr\u00e8s unificateur qui sera plac\u00e9 sous le signe \u00ab\u00a0pour une UGET au service des \u00e9tudiants et pour une universit\u00e9 au service du pays\u00a0\u00bb souligne le communiqu\u00e9 de l&rsquo;organisation estudiantine rendu public, hier, et qui retrace les grandes lignes des d\u00e9cisions et des recommandations de la commission administrative qui s&rsquo;est tenue le samedi 31 janvier dernier au si\u00e8ge de l&rsquo;organisation \u00e0 Tunis.  Revendications Le communiqu\u00e9 rappelle que l&rsquo;UGET a rencontr\u00e9 \u00e9norm\u00e9ment de difficult\u00e9s pour tenir son 25\u00e8me congr\u00e8s et en plus \u00ab\u00a0L&rsquo;administration de tutelle n&rsquo;a pas facilit\u00e9 sa t\u00e2che. Elle a m\u00eame dress\u00e9 des obstacles pour emp\u00eacher la tenue de ce congr\u00e8s\u00a0\u00bb souligne le communiqu\u00e9.  D&rsquo;autre part le communiqu\u00e9 assure que l&rsquo;organisation va intensifier ses revendications par la concr\u00e9tisation d&rsquo;actions syndicales sur le terrain et par la tenue de rassemblements r\u00e9gionaux. Par ailleurs la commission administrative a d\u00e9cid\u00e9 de tenir un colloque le 19 f\u00e9vrier au si\u00e8ge de l&rsquo;UGET pour comm\u00e9morer les \u00e9v\u00e9nements de f\u00e9vrier 1972.  <strong><font>N\u00e9jib SASSI  (Source: \u00ab\u00a0Le Temps\u00a0\u00bb (Quotidien &#8211; Tunis), le 7 f\u00e9vrier 2009) \u00a0<\/font><\/strong><\/div>\n<p><\/font><\/font><\/p>\n<div align=\"justify\">\n<hr\/>\n<\/div>\n<div align=\"justify\">\u00a0<\/div>\n<div align=\"justify\">\n<div align=\"center\"><strong><\/p>\n<h2 style=\"color: red;\"><font size=\"3\">Obama parle d\u2019Israel et de Palestine<\/font><\/h2>\n<p><\/strong><\/div>\n<div align=\"justify\"> 6 f\u00e9vrier 2009  CHOMSKY Noam  Barack Obama est manifestement une personne de vive intelligence, instruit en Droit et attentif au choix de ses mots. Il m\u00e9rite d\u2019\u00eatre pris au s\u00e9rieux &#8211; \u00e0 la fois pour ce qu\u2019il dit et pour ce qu\u2019il passe sous silence. Ses premi\u00e8res d\u00e9clarations consistantes de politique \u00e9trang\u00e8re, le 22 janvier au D\u00e9partement d\u2019Etat lorsqu\u2019il a pr\u00e9sent\u00e9 George Mitchell son repr\u00e9sentant sp\u00e9cial pour le Moyen-Orient, sont particuli\u00e8rement \u00e9loquentes. Mitchell doit concentrer son attention sur le probl\u00e8me isra\u00e9lo-palestinien, dans le sillage de l\u2019invasion isra\u00e9lo-\u00e9tasunienne r\u00e9cente de Gaza. Pendant l\u2019attaque meurtri\u00e8re, hormis quelques platitudes, Obama est rest\u00e9 dans un apart\u00e9 silencieux car, a-t-il dit, il y a un seul pr\u00e9sident &#8211; une r\u00e9alit\u00e9 qui ne l\u2019a pas fait taire sur de nombreux autres sujets. Cette obligation ne l\u2019a pas non plus emp\u00each\u00e9 de r\u00e9p\u00e9ter que \u201csi des missiles tombaient o\u00f9 mes deux filles dorment, je ferais tout pour arr\u00eater cela\u201c. Il voulait parler des enfants isra\u00e9liens, pas des centaines d\u2019enfants palestiniens massacr\u00e9s par les armes \u00e9tasuniennes dont il ne pouvait pas parler parce qu\u2019il n\u2019y a qu\u2019un pr\u00e9sident. Le 22 janvier cependant, le seul pr\u00e9sident \u00e9tait Barack Obama, et il pouvait parler librement de ces sujets &#8211; mais il a esquiv\u00e9 les attaques sur Gaza qui avaient \u00e9t\u00e9 opportun\u00e9ment interrompues juste avant son investiture. Le discours d\u2019Obama a insist\u00e9 sur un r\u00e8glement pacifique. Il a laiss\u00e9 ses contours vagues, sauf pour une proposition pr\u00e9cise : \u201cl\u2019initiative de paix Arabe\u201c, a dit Obama, \u201ccomporte des \u00e9l\u00e9ments constructifs utiles pour l\u2019avancement de ces efforts. Il est temps maintenant pour les \u00e9tats Arabes de mettre en oeuvre les promesses de cette initiative, en soutenant le gouvernement Palestinien du Pr\u00e9sident Abbas et du Premier Ministre Fayyad, et d\u2019avancer dans la normalisation des relations avec Isra\u00ebl en se dressant contre le terrorisme qui nous menace tous\u201c. Obama ne falsifie pas directement la proposition de la Ligue Arabe, mais la tromperie, soigneusement mise en \u0153uvre, est instructive. La proposition de la Ligue Arabe appelle \u00e9videmment \u00e0 la normalisation des relations avec Isra\u00ebl, mais dans le contexte &#8211; r\u00e9p\u00e9tons le, dans le contexte d\u2019un r\u00e8glement \u00e0 deux \u00e9tats selon les termes d\u2019un consensus international ancien, que les Etats-Unis et Isra\u00ebl ont bloqu\u00e9 et continuent de bloquer depuis plus de 30 ans dans un isolement international complet. Le coeur de la proposition de la Ligue Arabe, comme Obama et ses conseillers sur le Moyen-Orient le savent tr\u00e8s bien, est son appel \u00e0 un r\u00e8glement politique et pacifique en ces termes, qui comme chacun le sait et le reconna\u00eet sont la seule base de ce r\u00e8glement pacifique pour lequel Obama professe son attachement. L\u2019oubli de ce fait crucial ne peut pas \u00eatre vraiment fortuit et signifie clairement qu\u2019Obama n\u2019envisage pas d\u2019abandonner le rejectionisme \u00e9tasunien. Son appel aux \u00e9tats Arabes de se concentrer sur un corollaire de leur proposition, alors que les Etats-Unis ignorent jusqu\u2019\u00e0 l\u2019existence du contenu principal qui est une condition \u00e0 ce corollaire, est d\u2019une mauvaise foi totale. Parmi les entreprises les plus notoires pour compromettre un r\u00e8glement pacifique il y a les op\u00e9rations quotidiennes dans les territoires occup\u00e9s, toutes soutenues par les USA et reconnues comme criminelles ; le vol des terres et des ressources de valeur et la mise en place de ce que l\u2019architecte en chef de ce plan, Ariel Sharon, appelait les \u201cBantoustans\u201c pour Palestiniens. Comparaison injuste car les Bantoustans \u00e9taient de loin plus viables que les miettes laiss\u00e9es aux Palestiniens selon la conception de Sharon qui est en train de se r\u00e9aliser. Mais les Etats-Unis et Isra\u00ebl (et quelques \u00eeles du Pacifique) ont vot\u00e9 contre une r\u00e9solution en faveur du \u201cdroit du peuple Palestinien \u00e0 l\u2019autod\u00e9termination\u201c (adopt\u00e9e \u00e0 173 voix contre 5, avec l\u2019opposition des USA et d\u2019Isra\u00ebl sous des pr\u00e9textes ambigus). Obama ne dit pas un mot sur l\u2019extension du peuplement et des constructions en Cisjordanie, ni sur les mesures alambiqu\u00e9es pour contr\u00f4ler la vie des Palestiniens, dans le dessein de d\u00e9truire les perspectives d\u2019une solution pacifique \u00e0 deux \u00e9tats. Son silence est la sinistre r\u00e9futation de ses fioritures oratoires sur la fa\u00e7on dont \u201cje ferais tous les efforts pour obtenir deux \u00e9tats vivant c\u00f4te \u00e0 c\u00f4te dans la paix et la s\u00e9curit\u00e9\u201c. Ignor\u00e9e aussi l\u2019utilisation par Isra\u00ebl d\u2019armes \u00e9tasuniennes \u00e0 Gaza, en violation non seulement des lois internationales mais aussi \u00e9tasuniennes. Oubli\u00e9 l\u2019envoi par Washington \u00e0 l\u2019apog\u00e9e de l\u2019attaque isra\u00e9lo-\u00e9tasunienne de nouvelles armes \u00e0 Isra\u00ebl, ce que les conseillers d\u2019Obama sur le Moyen-Orient n\u2019ignoraient certainement pas. Obama a cependant \u00e9t\u00e9 ferme. La contrebande d\u2019armes vers Gaza doit cesser. Il approuve l\u2019accord entre Condoleeza Rice et le Ministre Isra\u00e9lien des Affaires Etrang\u00e8res Tzipi Livni sur la fermeture de la fronti\u00e8re entre l\u2019Egypte et Gaza. Un remarquable exercice d\u2019arrogance imp\u00e9riale, comme l\u2019a observ\u00e9 le Financial Times ; \u201cquand ils \u00e9taient \u00e0 Washington, se congratulant mutuellement, les deux ministres semblaient oublier le fait qu\u2019ils concluaient un march\u00e9 concernant un commerce ill\u00e9gal \u00e0 la fronti\u00e8re d\u2019un pays tiers &#8211; en l\u2019occurrence l\u2019Egypte. Le jour suivant, un officiel Egyptien a d\u00e9crit cet accord comme digne d\u2019une fiction\u201c. Les objections de l\u2019Egypte ont \u00e9t\u00e9 ignor\u00e9es. Pour en revenir aux r\u00e9f\u00e9rences d\u2019Obama sur la proposition \u201cconstructive\u201c de la Ligue Arabe, comme le dit la phras\u00e9ologie, Obama persiste \u00e0 restreindre son appui au parti vaincu aux \u00e9lections de 2006, les seules \u00e9lections libres dans le monde Arabe, auxquelles les USA et Isra\u00ebl ont imm\u00e9diatement et ouvertement r\u00e9agi en punissant s\u00e9v\u00e8rement les Palestiniens pour n\u2019avoir pas respect\u00e9 la volont\u00e9 des Ma\u00eetres. Un d\u00e9tail technique mineur est que le mandat d\u2019Abbas s\u2018est termin\u00e9 le 9 janvier et que Fayyad fut nomm\u00e9 sans la confirmation du Parlement Palestinien (dont beaucoup de membres ont \u00e9t\u00e9 enlev\u00e9s et sont d\u00e9tenus dans les prisons isra\u00e9liennes). Le journal Haaretz d\u00e9crit Fayyad comme \u201cun oiseau rare dans la politique palestinienne. D\u2019un c\u00f4t\u00e9 il est l\u2019homme politique le plus estim\u00e9 par Isra\u00ebl et l\u2019Occident. De l\u2019autre cependant, il n\u2019a aucune l\u00e9gitimit\u00e9 \u00e9lectorale, ni \u00e0 Gaza ni en Cisjordanie\u201c. Le rapport remarque aussi que Fayyad a \u201cdes relations \u00e9troites avec le Syst\u00e8me Isra\u00e9lien\u201c, en particulier avec le conseiller extr\u00e9miste de Sharon Dov Weiglass. Bien que sans aucune repr\u00e9sentativit\u00e9 populaire, il est consid\u00e9r\u00e9 comme comp\u00e9tent et honn\u00eate, qualit\u00e9s peu courantes dans les milieux politiques soutenus par les Etats-Unis. L\u2019insistance d\u2019Obama pour qu\u2019Abbas et Fayyad soient reconnus est conforme au d\u00e9dain de l\u2019Occident pour la d\u00e9mocratie, sauf si elle est sous son contr\u00f4le. Obama a fourni les raisons habituelles pour ignorer le gouvernement \u00e9lu dirig\u00e9 par le Hamas. \u201cPour \u00eatre un v\u00e9ritable partenaire pour la paix\u201c, a d\u00e9clar\u00e9 Obama, \u201cle quartet [Etats-Unis, Union Europ\u00e9enne, Russie, Nations Unies] a fait clairement savoir que le Hamas devait remplir trois conditions sans ambigu\u00eft\u00e9 : reconna\u00eetre le droit d\u2019exister \u00e0 Isra\u00ebl, renoncer \u00e0 la violence et respecter les accords pass\u00e9s\u201c. Sans mentionner, comme d\u2019habitude, l\u2019inconv\u00e9nient majeur que les Etats-Unis et Isra\u00ebl rejettent fermement ces trois conditions. Dans l\u2019isolement international, ils emp\u00eachent la solution \u00e0 deux \u00e9tats dont l\u2019un Palestinien, ils ne renoncent bien \u00e9videmment pas \u00e0 la violence, et ils rejettent la proposition principale du quartet ; \u201cla feuille de route\u201c. Isra\u00ebl l\u2019a formellement accept\u00e9e, mais avec quatorze r\u00e9serves (tacitement soutenues par les Etats-Unis) qui d\u00e9truisent efficacement son contenu. C\u2019est le grand m\u00e9rite du livre de Jimmy Carter \u201cPalestine : la Paix, pas l\u2019Apartheid\u201c, d\u2019avoir port\u00e9 ces faits \u00e0 l\u2019attention publique pour la premi\u00e8re, et en m\u00eame temps la seule fois. Il en d\u00e9coule, selon un raisonnement \u00e9l\u00e9mentaire que ni les Etats-Unis, ni Isra\u00ebl, ne sont des \u201cv\u00e9ritables partenaires pour la paix\u201c. Mais cela ne peut pas \u00eatre dit. Cette phrase n\u2019a aucun sens en Langue Anglaise. Il est peut-\u00eatre injuste de critiquer Obama pour cet exercice de cynisme quasi universel, mais non pour son \u00e9visc\u00e9ration scrupuleuse de l\u2019organe central de la proposition de la Ligue Arabe, une nouvelle contribution qui lui est propre. Quasi universelles aussi sont les r\u00e9f\u00e9rences habituelles au Hamas comme organisation terroriste dont le but est d\u2019\u00e9radiquer Isra\u00ebl (ou peut-\u00eatre tous les Juifs). On oublie ainsi l\u2019inconv\u00e9nient que les Etats-Unis et Isra\u00ebl ont non seulement pour but de d\u00e9truire tout \u00e9tat Palestinien viable, mais qu\u2019ils mettent en \u0153uvre perp\u00e9tuellement des politiques en ce sens. Ou que, \u00e0 l\u2019inverse de ces deux \u00e9tats rejectionistes, le Hamas a appel\u00e9 une solution \u00e0 deux \u00e9tats selon le consensus international de fa\u00e7on publique, r\u00e9p\u00e9t\u00e9e et explicite. Obama a commenc\u00e9 ses remarques en disant : \u201cJe veux \u00eatre clair : l\u2019Am\u00e9rique est s\u2019engag\u00e9e pour la s\u00e9curit\u00e9 d\u2019Isra\u00ebl. Et nous soutiendrons toujours le droit d\u2019Isra\u00ebl \u00e0 se d\u00e9fendre contre des menaces l\u00e9gitimes\u201c. Rien sur le droit des Palestiniens \u00e0 se d\u00e9fendre contre des menaces beaucoup plus s\u00e9rieuses, comme celles qui se produisent quotidiennement dans les territoires occup\u00e9s, avec le soutien \u00e9tasunien. Mais cela, encore une fois, est normal. Normal aussi l\u2019\u00e9nonc\u00e9 du principe donnant droit \u00e0 Isra\u00ebl de se d\u00e9fendre. Cela est vrai mais inepte : chacun a ce droit. Mais dans ce contexte, ce clich\u00e9 est plus qu\u2019inepte, c\u2019est une tromperie cynique. La question n\u2019est pas de savoir si Isra\u00ebl, comme tout le monde, a le droit de se d\u00e9fendre mais s\u2019il a le droit de le faire par la force. Personne, pas m\u00eame Obama, ne croit que les \u00e9tats jouissent d\u2019un droit universel \u00e0 se d\u00e9fendre par la force. Il est d\u2019abord besoin de d\u00e9montrer qu\u2019aucune alternative pacifique n\u2019est envisageable. Dans ce cas, il en existe s\u00fbrement. Une alternative simple serait qu\u2019Isra\u00ebl respecte un cessez-le-feu, par exemple celui qui a \u00e9t\u00e9 propos\u00e9 par le chef politique du Hamas Khaled Mishal peu de jours avant qu\u2019Isra\u00ebl ne lance son attaque le 27 d\u00e9cembre. Mishal avait appel\u00e9 \u00e0 reprendre l\u2019accord de 2005. Cet accord r\u00e9clamait la fin des violences et une ouverture continue des fronti\u00e8res, avec la garantie d\u2019Isra\u00ebl que les biens et les personnes pourraient circuler librement entre les deux parties de la Palestine occup\u00e9e, la Cisjordanie et la bande de Gaza. L\u2019accord avait \u00e9t\u00e9 rejet\u00e9 quelques mois plus tard par les Etats-Unis et Isra\u00ebl, apr\u00e8s les \u201cmauvais r\u00e9sultats\u201c des \u00e9lections libres de 2006. Il y beaucoup d\u2019autres possibilit\u00e9s pertinentes. L\u2019alternative la plus large et la plus ad\u00e9quate serait qu\u2019Isra\u00ebl et les Etats-Unis abandonnent leur rejectionisme radical et se joignent au reste du monde &#8211; incluant les \u00e9tats Arabes et le Hamas &#8211; pour encourager la solution \u00e0 deux \u00e9tats accept\u00e9e par le consensus international. Il faut se souvenir que durant les 30 derni\u00e8res ann\u00e9es, les Etats-Unis et Isra\u00ebl se sont \u00e9cart\u00e9s une fois de leur rejectionisme : pendant les n\u00e9gociations de Taba en janvier 2001, qui promettaient une solution pacifique avant qu\u2019Isra\u00ebl ne s\u2019en retire. Il ne para\u00eetrait donc pas \u00e9trange qu\u2019Obama accepte de se joindre au reste du monde, m\u00eame dans le cadre de la politique des Etats-Unis, si c\u2019est cela qu\u2019il voulait. En bref, la rengaine constante d\u2019Obama sur le droit d\u2019Isra\u00ebl \u00e0 se d\u00e9fendre est un autre exercice de mise en sc\u00e8ne cynique qui, on doit l\u2019admettre, ne lui est pas propre mais quasiment universel. La mascarade est particuli\u00e8rement frappante dans ce cas puisqu\u2019il y avait une bonne occasion avec la nomination de Mitchell comme repr\u00e9sentant sp\u00e9cial. La r\u00e9ussite majeure de Mitchell est son r\u00f4le de premier plan dans l\u2019accord de paix en Irlande du Nord. Il exigeait la fin des violences de l\u2019IRA et des Britanniques. Il \u00e9tait implicite dans ce cas que la Grande-Bretagne avait le droit de se d\u00e9fendre contre le terrorisme, mais qu\u2019elle n\u2019avait aucun droit de le faire par la force parce qu\u2019il y avait une alternative pacifique : la reconnaissance des revendications l\u00e9gitimes de la communaut\u00e9 Catholique d\u2019Irlande qui \u00e9taient les racines de la terreur de l\u2019IRA. Quand la Grande-Bretagne a suivi cette voie sens\u00e9e, la terreur s\u2019est arr\u00eat\u00e9e. Les implications pour la mission de Mitchell dans le conflit isra\u00e9lo-palestinien sont si \u00e9videntes qu\u2019il est inutile de les \u00e9num\u00e9rer. Leur omission est une nouvelle preuve \u00e9vidente de l\u2019engagement de l\u2019administration d\u2019Obama dans le rejectionisme et de son refus de la paix, sauf \u00e0 des conditions extr\u00e9mistes. Obama a aussi remerci\u00e9 la Jordanie pour \u201cson r\u00f4le constructif dans l\u2019entra\u00eenement des forces de s\u00e9curit\u00e9 Palestiniennes et le renforcement de ses relations avec Isra\u00ebl\u201c &#8211; ce qui contraste singuli\u00e8rement avec le refus isra\u00e9lo-\u00e9tasunien de travailler avec le gouvernement de Palestine librement \u00e9lu, et la punition s\u00e9v\u00e8re inflig\u00e9e aux Palestiniens qui l\u2019ont \u00e9lu, sous des pr\u00e9textes qui, comme on l\u2019a d\u00e9j\u00e0 dit, ne r\u00e9sistent pas au moindre examen. C\u2019est vrai que la Jordanie a aid\u00e9 les USA \u00e0 armer et entra\u00eener les forces de s\u00e9curit\u00e9 Palestiniennes pour qu\u2019elles puissent r\u00e9primer violement toute manifestation de soutien aux malheureuses victimes de l\u2019attaque isra\u00e9lo-\u00e9tasunienne \u00e0 Gaza, et arr\u00eater des partisans du Hamas et le journaliste tr\u00e8s connu, Khaled Amayreh. Pendant ce temps, elles organisaient leurs propres manifestations en faveur d\u2019Abbas et du Fatah dans lesquelles la plupart des participants \u201c\u00e9taient des fonctionnaires et des \u00e9coliers auxquels l\u2019autorit\u00e9 Palestinienne avait demand\u00e9 de manifester\u201c, selon le J\u00e9rusalem Post. C\u2019est la d\u00e9mocratie que nous aimons. Obama a fait un autre commentaire substantiel : \u201cDans le cadre d\u2019un cessez-le-feu de longue dur\u00e9e, les passages aux fronti\u00e8res de Gaza doivent \u00eatre ouverts avec une surveillance appropri\u00e9e pour permettre le flux d\u2019aide et le commerce\u2026\u201c Il n\u2019a pas dit, bien s\u00fbr, que les Etats-Unis et Isra\u00ebl avaient rejet\u00e9 un tel accord apr\u00e8s l\u2019\u00e9lection de 2006, et qu\u2019Isra\u00ebl n\u2019avait jamais respect\u00e9 par la suite d\u2019autres accords similaires. Aucune r\u00e9action non plus \u00e0 l\u2019annonce par Isra\u00ebl de son rejet du cessez-le-feu, de telle fa\u00e7on que la possibilit\u00e9 qu\u2019il soit \u201cde longue dur\u00e9e\u201c est pour le moins compromise. Mais les r\u00e9actions de la presse n\u2019ont pas tard\u00e9 : \u201cle Ministre du Conseil Isra\u00e9lien Binyamin Ben-Eliezer, qui a pris part aux d\u00e9lib\u00e9rations de s\u00e9curit\u00e9, a dit \u00e0 la Radio de l\u2019Arm\u00e9e qu\u2019Isra\u00ebl ne rouvrirait pas les fronti\u00e8res de Gaza avant un accord sur la lib\u00e9ration de [Gilad] Schalit\u201c (Associated Press, 22 janvier). \u201cIsra\u00ebl gardera ferm\u00e9es les fronti\u00e8res avec Gaza\u2026Un officiel a dit que le gouvernement pr\u00e9voyait d\u2019utiliser cette affaire pour n\u00e9gocier la lib\u00e9ration de Gilad Shalit, le soldat Isra\u00e9lien d\u00e9tenu par le groupe islamiste depuis 2006 (Financial Times, 23 janvier). \u201cPlus t\u00f4t dans la semaine, le Ministre des Affaires Etrang\u00e8res Tzipi Livni a dit que les progr\u00e8s sur la lib\u00e9ration du caporal Shalit conditionneraient l\u2019ouverture des fronti\u00e8res qui ont \u00e9t\u00e9 pratiquement ferm\u00e9es depuis que le Hamas a arrach\u00e9 le contr\u00f4le de Gaza \u00e0 l\u2019Autorit\u00e9 Palestinienne de Cisjordanie en 2007\u201c (Christian Science Monitor, 23 janvier). \u201cUn officiel Isra\u00e9lien a dit que la lev\u00e9e du blocage serait fortement conditionn\u00e9e par la lib\u00e9ration de Gilad Shalit\u201c (Financial Times, 23 janvier). Et beaucoup d\u2019autres. La capture de Shalit est une question s\u00e9rieuse \u00e0 l\u2019Ouest, une autre preuve de la criminalit\u00e9 du Hamas. Quoi que l\u2019on pense \u00e0 ce sujet, il est indiscutable que la capture d\u2019un soldat d\u2019une arm\u00e9e d\u2019agression est un bien moindre crime que l\u2019enl\u00e8vement de civils, exactement ce qu\u2019ont fait les forces isra\u00e9liennes la veille de la capture de Shalit en p\u00e9n\u00e9trant dans la ville de Gaza pour enlever deux fr\u00e8res et les entra\u00eener au-del\u00e0 de la fronti\u00e8re o\u00f9 ils disparurent dans les prisons d\u2019Isra\u00ebl. A l\u2019oppos\u00e9 du cas de Shalit, ce crime fut virtuellement tu et a \u00e9t\u00e9 oubli\u00e9, tout comme les pratiques r\u00e9guli\u00e8res d\u2019Isra\u00ebl, sur plusieurs d\u00e9cennies, d\u2019enlever des civils au Liban et en haute mer, de les r\u00e9partir dans ses prisons et de les retenir en otages pendant plusieurs ann\u00e9es. Mais la capture de Shalit emp\u00eache le cessez-le-feu. Le discours d\u2019Obama sur le Moyen-Orient au D\u00e9partement d\u2019Etat continua avec \u201cla situation qui se d\u00e9t\u00e9riore en Afghanistan et au Pakistan\u2026 le front principal de notre combat continu contre le terrorisme et l\u2019extr\u00e9misme\u201c. Quelques heures plus tard, les avions \u00e9tasuniens attaquaient un village recul\u00e9 d\u2019Afghanistan pour essayer d\u2019y tuer un chef Taliban. \u201cCependant, les anciens du village ont dit aux responsables de la province qu\u2019il n\u2019y avait pas de Talibans dans la r\u00e9gion qu\u2019ils d\u00e9crivirent comme un hameau peupl\u00e9 principalement par des bergers. Selon Hamididan Abdul Rahmzai, le chef du conseil de la province, les anciens ont dit que des enfants et des femmes figurent parmi les 22 morts\u201c (Los Angeles Times, 24 janvier). Le premier message du Pr\u00e9sident Afghan Karzai \u00e0 Obama apr\u00e8s son \u00e9lection en novembre \u00e9tait pour demander la fin des bombardements de civils Afghans, demande r\u00e9it\u00e9r\u00e9e quelques heures apr\u00e8s qu\u2019Obama ait pr\u00eat\u00e9 serment. La m\u00eame attention a \u00e9t\u00e9 apport\u00e9e \u00e0 cette demande de Karzai qu\u2019\u00e0 celle qu\u2019il avait faite pour un calendrier de retrait des forces arm\u00e9es des Etats-Unis et d\u2019autres nations \u00e9trang\u00e8res. Les riches et les puissants ont leurs \u201cresponsabilit\u00e9s\u201c. Parmi celles-ci, rapporte le New York Times, il y a celle d\u2019 \u201cassurer la s\u00e9curit\u00e9\u201c dans le sud de l\u2019Afghanistan o\u00f9 \u201cl\u2019insurrection est end\u00e9mique et soutenue de l\u2019int\u00e9rieur\u201c. Tr\u00e8s familier ; la Pravda dans les ann\u00e9es 1980 par exemple.<\/div>\n<div align=\"justify\"> 26 janvier, 2009 par Noam Chomsky <strong><font>traduction Laurent EMOR pour le Grand Soir <\/font><\/strong><a href=\"http:\/\/www.legrandsoir.info\/\" target=\"_blank\" rel=\"noopener\"><strong><font>http:\/\/www.legrandsoir.info<\/font><\/strong><\/a><\/div>\n<div align=\"justify\"> <strong><font>Article original <a href=\"http:\/\/www.zmag.org\/znet\/viewArticle\/20364\" target=\"_blank\" rel=\"noopener\">http:\/\/www.zmag.org\/znet\/viewArticle\/20364<\/a><\/font><\/strong><\/div>\n<div>\u00a0<\/div>\n<div><strong><font>(Source: \u00ab\u00a0Le Grand Soir\u00a0\u00bb\u00a0 le 6 fevrier 2009)<\/font><\/strong><\/div>\n<\/div>\n<\/div>\n<\/div>\n<\/div>\n<\/div>\n<p>\u00a0<\/p><\/div>\n<p>\u00a0<\/p>\n<\/div>\n<div align=\"center\">\u00a0<\/div>\n<p>\u00a0<\/p><\/div>\n<\/div>\n<p><\/font><\/p>\n<p align=\"center\" dir=\"ltr\">\u00a0<\/p>\n<p align=\"center\" dir=\"ltr\">\n<h3 style=\"color: blue;\"><font face=\"Arial\" size=\"2\"><strong><b><a href=\"http:\/\/www.tunisnews.net\/\"><font face=\"Arial\"><span><font size=\"2\">Home<\/font><\/span><font size=\"2\"><span lang=\"FR-CH\"> &#8211; Accueil <\/span><span>&#8211; <\/span><\/font><\/font><span dir=\"rtl\" lang=\"AR-SA\"><font size=\"2\">\u0627\u0644\u0631\u0626\u064a\u0633\u064a\u0629<\/font><\/span><\/a><\/b><\/strong><\/font><\/h3>\n<\/p>\n<p><\/body><\/body><\/html><\/p>\n","protected":false},"excerpt":{"rendered":"<p>Home &#8211; Accueil TUNISNEWS 8\u00a0\u00e8me ann\u00e9e,N\u00b0\u00a03182 du 07.02.2009 \u00a0archives : www.tunisnews.net\u00a0\u00a0 Amnesty International: Tunisie : confirmation en appel de la condamnation de syndicalistes FTCR: Communiqu\u00e9 de l\u2019assemblee generale ATF: Communiqu\u00e9 Luiza Toscane: \u00ab Rien, sauf la souffrance \u00bb\u00a0\u00a0 &#8211; A b\u00e2tons rompus avec deux Rda\u00effis Attariq Aljadid: UGTT-Universitaires &#8211; La gifle ! Le Temps: Verdict, [&hellip;]<\/p>\n","protected":false},"author":1,"featured_media":22040,"comment_status":"open","ping_status":"open","sticky":false,"template":"","format":"standard","meta":{"inline_featured_image":false,"site-sidebar-layout":"default","site-content-layout":"","ast-site-content-layout":"default","site-content-style":"default","site-sidebar-style":"default","ast-global-header-display":"","ast-banner-title-visibility":"","ast-main-header-display":"","ast-hfb-above-header-display":"","ast-hfb-below-header-display":"","ast-hfb-mobile-header-display":"","site-post-title":"","ast-breadcrumbs-content":"","ast-featured-img":"","footer-sml-layout":"","ast-disable-related-posts":"","theme-transparent-header-meta":"","adv-header-id-meta":"","stick-header-meta":"","header-above-stick-meta":"","header-main-stick-meta":"","header-below-stick-meta":"","astra-migrate-meta-layouts":"default","ast-page-background-enabled":"default","ast-page-background-meta":{"desktop":{"background-color":"","background-image":"","background-repeat":"repeat","background-position":"center center","background-size":"auto","background-attachment":"scroll","background-type":"","background-media":"","overlay-type":"","overlay-color":"","overlay-opacity":"","overlay-gradient":""},"tablet":{"background-color":"","background-image":"","background-repeat":"repeat","background-position":"center center","background-size":"auto","background-attachment":"scroll","background-type":"","background-media":"","overlay-type":"","overlay-color":"","overlay-opacity":"","overlay-gradient":""},"mobile":{"background-color":"","background-image":"","background-repeat":"repeat","background-position":"center center","background-size":"auto","background-attachment":"scroll","background-type":"","background-media":"","overlay-type":"","overlay-color":"","overlay-opacity":"","overlay-gradient":""}},"ast-content-background-meta":{"desktop":{"background-color":"var(--ast-global-color-5)","background-image":"","background-repeat":"repeat","background-position":"center center","background-size":"auto","background-attachment":"scroll","background-type":"","background-media":"","overlay-type":"","overlay-color":"","overlay-opacity":"","overlay-gradient":""},"tablet":{"background-color":"var(--ast-global-color-5)","background-image":"","background-repeat":"repeat","background-position":"center center","background-size":"auto","background-attachment":"scroll","background-type":"","background-media":"","overlay-type":"","overlay-color":"","overlay-opacity":"","overlay-gradient":""},"mobile":{"background-color":"var(--ast-global-color-5)","background-image":"","background-repeat":"repeat","background-position":"center center","background-size":"auto","background-attachment":"scroll","background-type":"","background-media":"","overlay-type":"","overlay-color":"","overlay-opacity":"","overlay-gradient":""}},"footnotes":""},"categories":[],"tags":[54,40,29],"class_list":["post-18109","post","type-post","status-publish","format-standard","has-post-thumbnail","hentry","tag-54","tag-40","tag-fr"],"_links":{"self":[{"href":"https:\/\/tunisnews.net\/ar\/wp-json\/wp\/v2\/posts\/18109","targetHints":{"allow":["GET"]}}],"collection":[{"href":"https:\/\/tunisnews.net\/ar\/wp-json\/wp\/v2\/posts"}],"about":[{"href":"https:\/\/tunisnews.net\/ar\/wp-json\/wp\/v2\/types\/post"}],"author":[{"embeddable":true,"href":"https:\/\/tunisnews.net\/ar\/wp-json\/wp\/v2\/users\/1"}],"replies":[{"embeddable":true,"href":"https:\/\/tunisnews.net\/ar\/wp-json\/wp\/v2\/comments?post=18109"}],"version-history":[{"count":0,"href":"https:\/\/tunisnews.net\/ar\/wp-json\/wp\/v2\/posts\/18109\/revisions"}],"wp:featuredmedia":[{"embeddable":true,"href":"https:\/\/tunisnews.net\/ar\/wp-json\/wp\/v2\/media\/22040"}],"wp:attachment":[{"href":"https:\/\/tunisnews.net\/ar\/wp-json\/wp\/v2\/media?parent=18109"}],"wp:term":[{"taxonomy":"category","embeddable":true,"href":"https:\/\/tunisnews.net\/ar\/wp-json\/wp\/v2\/categories?post=18109"},{"taxonomy":"post_tag","embeddable":true,"href":"https:\/\/tunisnews.net\/ar\/wp-json\/wp\/v2\/tags?post=18109"}],"curies":[{"name":"wp","href":"https:\/\/api.w.org\/{rel}","templated":true}]}}