{"id":18055,"date":"2008-05-08T00:00:00","date_gmt":"2008-05-08T00:00:00","guid":{"rendered":"https:\/\/tunisnews.net\/8-mai-2008\/"},"modified":"2008-05-08T00:00:00","modified_gmt":"2008-05-08T00:00:00","slug":"8-mai-2008","status":"publish","type":"post","link":"https:\/\/tunisnews.net\/ar\/8-mai-2008\/","title":{"rendered":"8 mai 2008"},"content":{"rendered":"<p><html><head><meta content=\"text\/html\" description=\"* l\u2019affaire n\u00b011147 dans laquelle sont d\u00e9f\u00e9r\u00e9s Ali Kala\u00ef, \n    Adel Abdi, Oualid Zouaghi, Chedli Adouani, accus\u00e9s d\u2019adh\u00e9sion sur le \n    territoire de la R\u00e9publique \u00e0 une entente ayant fait du terrorisme un moyen \n    de r\u00e9aliser ses objectifs, d\u2019utilisation du territoire de la R\u00e9publique pour \n    recruter des personnes en vue de commettre un acte terroriste sur le \n    territoire de la R\u00e9publique, d\u2019appel \u00e0 adh\u00e9rer \u00e0 une organisation en rapport \n    avec les infractions terroristes, d\u2019utilisation d\u2019un mot, d\u2019un nom et d\u2019un \n    symbole pour identifier une organisation terroriste, ses activit\u00e9s et ses \n    membres. La commission de la d\u00e9fense \u00e9tait compos\u00e9e de ma\u00eetres Rached Ben \n    Khelifa et Anouar Aouled Ali. Le juge a d\u00e9cid\u00e9 de repousser l\u2019examen de \n    l\u2019affaire au 21 mai !\" http-equiv=\"Content-Type\"\/><\/head><body><body><\/p>\n<p align=\"center\" dir=\"ltr\"><font face=\"Arial\" size=\"2\"><b><a href=\"http:\/\/www.tunisnews.net\"><span>Home<\/span><span lang=\"FR-CH\"> &#8211; Accueil <\/span><\/a><\/b><\/font><\/p>\n<p> <font face=\"Arial\" size=\"2\"><\/p>\n<div align=\"justify\">\n<div>\n<div>\n<div align=\"center\"> <font face=\"Arial\" size=\"3\"><strong><\/p>\n<p><font> <\/p>\n<div>  <\/div>\n<p> <span lang=\"FR\"> <\/p>\n<div align=\"center\" dir=\"ltr\"> <font size=\"7\"> <span lang=\"SV\">          TUNISNEWS<\/span> <\/font> <\/div>\n<div> <font size=\"2\"><span lang=\"FR\">9\u00a0\u00e8me\u00a0ann\u00e9e, N\u00b0           \u00a02907\u00a0du 08.05.2008<\/span><\/font><\/div>\n<div> <span><blink> <font size=\"2\">\u00a0archives : <\/font><a target=\"_blank\" rel=\"noopener\"> <font size=\"2\" target=\"_blank\">www.tunisnews.net<\/font><\/a><\/blink><\/span><font size=\"2\"> <\/font> <\/div>\n<p> <\/span><\/font><\/p>\n<p><\/strong><\/font> <\/div>\n<div align=\"center\" dir=\"ltr\"> <font size=\"3\"><strong><\/p>\n<hr\/>\n<p><\/strong><\/font> <\/div>\n<div align=\"left\" dir=\"ltr\"> <span lang=\"FR\"> <span lang=\"FR-CH\"><font face=\"Arial\" size=\"2\"> <span lang=\"FR-CH\"><font size=\"2\"> <strong>AISPP:\u00a0 Proc\u00e8s du 7 mai<\/strong><\/font> <font size=\"2\"><strong><font>AISPP: O. Amami et A. Sassi         en gr\u00e8ve de la faim<\/font>          Comit\u00e9 de soutien aux luttes du bassin minier de Gafsa \u00e0 Paris: Face \u00e0         l\u2019encerclement policier :\u00a0 La population de Redeyef d\u00e9cide de quitter sa         Ville         <font>Appel au secours d\u2019une jeune fille: L&rsquo;humanit\u00e9         n&rsquo;est plus ?          <\/font>Bakchich: Des mandats d\u2019arr\u00eat contre des membres de la famille du         pr\u00e9sident Ben Ali         <font>Rue89 : Libert\u00e9s en Tunisie: Kouchner \u00ab\u00a0maladroit\u00a0\u00bb         comme Sarkozy<\/font>         France Info: Kouchner un peu trop optimiste sur la Tunisie         <font>Yahyaoui Mokhtar: Processus de 50 ans de         restrictions du droit de candidature \u00e0 la pr\u00e9sidence de la r\u00e9publique en         Tunisie<\/font>         Le Temps : Les Tunisiens face au projet de Charte arabe de la t\u00e9l\u00e9vision         &#8211; Contrepoids \u00e0 la libert\u00e9 d&rsquo;expression et de cr\u00e9ation ?         <font>Le Temps: Rencontres Chor\u00e9graphiques de Carthage &#8211;         Lutter contre l&rsquo;obscurantisme, contre les totalitarisme : Danse         l&rsquo;Afrique danse<\/font>         Oumma.com: \u00ab En avoir le Coeur net \u00bb de Mohamed Talbi &#8211; Ce que dit la         raison au c\u0153ur         <font>Reuters: Turquie &#8211; Le pr\u00e9sident promulgue la         r\u00e9forme de l&rsquo;article 301<\/font>         AFP: Crises et luttes de pouvoir: la direction de l&rsquo;islam de France         paralys\u00e9e<\/strong><\/font><\/span><\/font><\/span><\/span><\/div>\n<\/p><\/div>\n<\/p><\/div>\n<div>\n<hr\/><\/div>\n<div>    \u00a0    <\/p>\n<p align=\"center\"><font size=\"2\">Libert\u00e9 pour tous les prisonniers     politiques<\/font><\/p>\n<p align=\"center\"><font size=\"2\">Libert\u00e9 pour Abdallah Zouari, le     journaliste exil\u00e9 dans son propre pays<\/font><\/p>\n<p align=\"center\"><font size=\"2\"><strong>Association     Internationale de Soutien aux Prisonniers politiques<\/strong><\/font><\/p>\n<p align=\"center\"><font size=\"2\">43 Rue Eldjazira, Tunis<\/font><\/p>\n<p align=\"center\"><font size=\"2\">e-mail : <\/font> <a href=\"http:\/\/fr.f265.mail.yahoo.com\/ym\/Compose?To=aispptunisie@yahoo.fr\" rel=\"nofollow noopener\" target=\"_blank\" ymailto=\"mailto:aispptunisie@yahoo.fr\"> <u><font size=\"2\">aispptunisie@yahoo.fr<\/font><\/u><\/a><\/p>\n<p align=\"center\"><font size=\"2\">Tunis, le 7 mai 2008<\/font><\/p>\n<p align=\"justify\">&#8211; la treizi\u00e8me chambre criminelle de la Cour d\u2019Appel de     Tunis, pr\u00e9sid\u00e9e par le juge Tahar Yefreni, a examin\u00e9 aujourd\u2019hui, mercredi 7     mai 2008 :<\/p>\n<p align=\"justify\">* l\u2019affaire n\u00b011147 dans laquelle sont d\u00e9f\u00e9r\u00e9s Ali Kala\u00ef,     Adel Abdi, Oualid Zouaghi, Chedli Adouani, accus\u00e9s d\u2019adh\u00e9sion sur le     territoire de la R\u00e9publique \u00e0 une entente ayant fait du terrorisme un moyen     de r\u00e9aliser ses objectifs, d\u2019utilisation du territoire de la R\u00e9publique pour     recruter des personnes en vue de commettre un acte terroriste sur le     territoire de la R\u00e9publique, d\u2019appel \u00e0 adh\u00e9rer \u00e0 une organisation en rapport     avec les infractions terroristes, d\u2019utilisation d\u2019un mot, d\u2019un nom et d\u2019un     symbole pour identifier une organisation terroriste, ses activit\u00e9s et ses     membres. La commission de la d\u00e9fense \u00e9tait compos\u00e9e de ma\u00eetres Rached Ben     Khelifa et Anouar Aouled Ali. Le juge a d\u00e9cid\u00e9 de repousser l\u2019examen de     l\u2019affaire au 21 mai !<\/p>\n<p align=\"justify\">* La quatri\u00e8me chambre criminelle du Tribunal de Premi\u00e8re     Instance de Tunis, pr\u00e9sid\u00e9e par le juge Mehrez Hammami, a examin\u00e9     aujourd\u2019hui, mercredi 7 mai 2008 :<\/p>\n<p align=\"justify\">L\u2019affaire n\u00b015168 dans laquelle sont d\u00e9f\u00e9r\u00e9s La\u00efdi Ben     Sa\u00efd [\u2026], Khe\u00efreddine Lajimi [\u2026], Abdelhamid Lajimi [\u2026]Omar Belta\u00eff, Ferid     Najeh, Khaled Madhi, Mabrouk Lanouer, Jema\u00ef Bouza\u00eeane, Anouer Ferjani, Salah     Aloui, Mohammed Aloui, Mohammed Kherfani, Aymen Souidi, (en \u00e9tat     d\u2019arrestation), Belgacem Dkhil, en libert\u00e9, ainsi que Brahim Azouz, Isma\u00efl     Gnifid, Hassan Ben Jomaa, Nasr Farah (en fuite) , en vertu de la loi du 10     d\u00e9cembre 2003, dite \u00ab\u00a0antiterroriste\u00a0\u00bb. En premi\u00e8re instance, les condamn\u00e9s     avaient \u00e9t\u00e9 condamn\u00e9s \u00e0 des peines allant de 5 \u00e0 14 ans d\u2019emprisonnement [\u2026]     Ma\u00eetres Abdelfattah Mourou, Samir Ben Amor, Mohammed Fadhel Sa\u00efhi, Choukri     Bela\u00efd et Abderraouf Ayadi se sont pr\u00e9sent\u00e9s pour assurer leur d\u00e9fense. A     l\u2019issue des plaidoiries, le juge a lev\u00e9 la s\u00e9ance pour le d\u00e9lib\u00e9r\u00e9 et le     prononc\u00e9 du jugement.<\/p>\n<p align=\"justify\">* L\u2019affaire n\u00b0 15248 dans laquelle sont d\u00e9f\u00e9r\u00e9s Rjeb     M\u00e9diouni, Oussama Bennour, Oualid Bennour, Anouer Ferjani, Abdellatif     Chenini, Mohammed Sami Cha\u00efeb, Ahmed M\u00e9diouni, Hichem Chahed, Khlil Sgha\u00efer     et Mohammed Anis Cha\u00efeb, accus\u00e9s d\u2019incitation \u00e0 commettre des infractions     terroristes, d\u2019utilisation d\u2019un nom, d\u2019un mot et d\u2019un symbole pour     identifier une organisation terroriste, d\u2019incitation \u00e0 commettre des     infractions terroristes et \u00e0 adh\u00e9rer \u00e0 une organisation ayant fait du     terrorisme un moyen de concr\u00e9tiser ses objectifs, d\u2019adh\u00e9sion sur le     territoire de la R\u00e9publique et \u00e0 l\u2019\u00e9tranger \u00e0 une organisation terroriste,     d\u2019utilisation du territoire de la R\u00e9publique pour recruter des personnes en     vue de commettre une action terroriste sur le territoire et \u00e0 l\u2019\u00e9tranger, de     mise \u00e0 disposition d\u2019un local, d\u2019h\u00e9bergement de membres de l\u2019entente et de     personnes en rapport avec les infractions terroristes, d\u2019adh\u00e9sion hors du     territoire de la R\u00e9publique \u00e0 une organisation ayant fait du terrorisme un     moyen de r\u00e9aliser ses objectifs, d\u2019entra\u00eenements militaires sur le     territoire de la R\u00e9publique en vue de commettre des infractions terroristes     sur le territoire et \u00e0 l\u2019\u00e9tranger. Ma\u00eetres Samir Ben Amor et Sabiha Ben     Salem se sont pr\u00e9sent\u00e9s pour assurer leur d\u00e9fense. Le juge a d\u00e9cid\u00e9 de     repousser l\u2019examen de l\u2019affaire au 14 mai 2008 \u00e0 la demande des avocats.<\/p>\n<p align=\"justify\">\u00a0<\/p>\n<p align=\"justify\"><font>(traduction d\u2019extraits ni revue ni     corrig\u00e9e par les auteurs de la version en arabe, LT)<\/font><\/p>\n<\/div>\n<div>\n<hr\/><\/div>\n<div>    \u00a0<\/div>\n<div>\n<div align=\"center\">      Libert\u00e9 pour tous les prisonniers politiques       Libert\u00e9 pour Abdallah Zouari, le journaliste exil\u00e9 dans son propre pays              <strong><font>Association Internationale de Soutien aux       Prisonniers politiques<\/font><\/strong>       43 Rue Eldjazira, Tunis       e-mail : aispptunisie@yahoo.fr              Tunis, le 7 mai 2008<\/div>\n<p>          L\u2019association a \u00e9t\u00e9 contact\u00e9e par la m\u00e8re du prisonnier Ouael Amami,     condamn\u00e9 \u00e0 l\u2019emprisonnement \u00e0 perp\u00e9tuit\u00e9 dans l\u2019affaire n\u00b010604, connue     comme \u00ab l\u2019affaire de Slimane \u00bb, implorant toutes les consciences libres en     Tunisie et \u00e0 l\u2019\u00e9tranger \u00e0 intervenir pour faire cesser l\u2019oppression \u00e0     laquelle son fils est en butte. Samedi 3 mai 2008, il a \u00e9t\u00e9 emmen\u00e9 dans les     cachots du minist\u00e8re de l\u2019Int\u00e9rieur o\u00f9 il a \u00e9t\u00e9 menac\u00e9, soumis \u00e0 des     chantages et des provocations. Il a commenc\u00e9 une gr\u00e8ve de la faim de     protestation le 4 mai 2008.     [\u2026]     A la prison de Borj El Amri, Ali Sassi, prisonnier condamn\u00e9 dans l\u2019affaire     10604, connue comme \u00ab l\u2019affaire de Slimane \u00bb a d\u00fb commencer une gr\u00e8ve de la     faim il y a deux semaines pour r\u00e9clamer le droits \u00e0 des soins, et pour     protester contre les mauvais traitements. Il souffre d\u2019un handicap     l\u2019obligeant \u00e0 utiliser des b\u00e9quilles. Sa m\u00e8re a \u00e9crit \u00e0 plusieurs instances     pour exiger l\u2019am\u00e9lioration des conditions d\u2019incarc\u00e9ration de son fils, mais     n\u2019a re\u00e7u aucune r\u00e9ponse \u00e0 ce jour.     [\u2026]     Pour la commission de suivi de la situation dans les prisons     Le Pr\u00e9sident de l\u2019Association     <strong><font>Ma\u00eetre Sa\u00efda Akrami<\/font><\/strong> <font>(traduction d\u2019extraits ni revue ni corrig\u00e9e par les     auteurs de la version en arabe, LT)<\/font><\/p>\n<\/div>\n<div>\n<hr\/><\/div>\n<div>\n<div align=\"center\"> <strong><font>TUNISIE \u2026Bassin Minier       <\/font><\/strong> <strong><\/p>\n<h2 style=\"color: red;\"><font>Face \u00e0 l\u2019encerclement policier :        La population de Redeyef d\u00e9cide de quitter sa Ville<\/font><\/h2>\n<p><\/strong><\/div>\n<p>     A Redeyef, une ville de plus de 30 000 habitants \u00e0 la pointe du mouvement de     protestation qui dure depuis le d\u00e9but de janvier 2008 dans le bassin minier     de Gafsa, et encercl\u00e9e depuis des semaines par les forces de l\u2019ordre, un     vaste mouvement parmi la population a conduit cet apr\u00e8s-midi \u00e0 une d\u00e9cision     collective d\u2019\u00e9vacuer la ville. \u00ab Nous quittons notre ville pour la laisser     aux policiers \u00bb, telle est la manifestation du raz-le-bol exprim\u00e9 par les     habitants de Redeyef\u00a0 qui ne veulent plus subir le harc\u00e8lement continu des     forces de police. Emmenant le strict n\u00e9cessaire, au moins des centaines     d\u2019habitants, d\u2019apr\u00e8s des t\u00e9moignages t\u00e9l\u00e9phoniques recueillis aujourd\u2019hui     depuis la ville, auraient ainsi entrepris de sortir de la ville en fin     d\u2019apr\u00e8s-midi avant d\u2019\u00eatre convaincus par les animateurs du comit\u00e9 de gr\u00e8ve     de renoncer \u00e0 leur action. Ceux-ci ont enjoint les habitants en partance de     rester dans la ville et de poursuivre la lutte sur place.           Cette action fait suite \u00e0 la mort d\u2019un jeune ch\u00f4meur \u00e9lectrocut\u00e9 la veille \u00e0     l\u2019int\u00e9rieur d\u2019un local de g\u00e9n\u00e9rateur \u00e9lectrique suite \u00e0 une intervention     brutale des forces de l\u2019ordre. Celles-ci continuent d\u2019encercler la ville.          Cette r\u00e9action spectaculaire est la seule r\u00e9ponse trouv\u00e9e par la population     au d\u00e9ni de justice.     Le comit\u00e9 r\u00e9affirme la n\u00e9cessit\u00e9 de lever le blocus policier des villes     mini\u00e8res par le r\u00e9tablissement de la libre circulation des personnes.          Le comit\u00e9 appelle toutes les forces d\u00e9mocratiques et progressistes \u00e0     soutenir la mobilisation des populations du bassin minier dans leurs     revendications.          Nous tenons le r\u00e9gime pour responsable de toutes les cons\u00e9quences qui     affecteront la population de Redeyef. Les habitants du bassin minier et en     particulier ceux de Redeyef, ont plus que jamais besoin de notre solidarit\u00e9.          Le comit\u00e9 r\u00e9it\u00e8re sa demande de constituer rapidement une commission     d\u2019enqu\u00eate ind\u00e9pendante pour faire la lumi\u00e8re sur ce drame tragique et de     poursuivre les responsables.           Paris le 7 mai 20078          <strong><font>Comit\u00e9 de soutien aux luttes du bassin minier     de Gafsa \u00e0 Paris<\/font><\/strong>     C \/o FTCR 3 rue de Nantes 75019 Paris     Bassin.minier@hotmail.com     www.ftcr.eu     \u00a0\u00a0\u00a0\u00a0\u00a0\u00a0\u00a0\u00a0\u00a0\u00a0\u00a0\u00a0\u00a0\u00a0\u00a0\u00a0\u00a0\u00a0\u00a0\u00a0\u00a0\u00a0\u00a0\u00a0\u00a0\u00a0\u00a0\u00a0\u00a0\u00a0\u00a0\u00a0\u00a0\u00a0  <\/p>\n<\/div>\n<div>    \u00a0<\/div>\n<div>\n<hr\/><\/div>\n<div>\n<div align=\"center\"> <strong><font>Appel au secours d\u2019une jeune fille: <\/font> <\/strong> <\/div>\n<div align=\"center\"> <strong><\/p>\n<h2 style=\"color: red;\"><font size=\"3\">L&rsquo;humanit\u00e9 n&rsquo;est plus ?<\/font><\/h2>\n<p><\/strong><font> <\/font> <\/div>\n<div align=\"justify\">                    [\u2026] Je lance ce cri apr\u00e8s avoir subi avec un groupe de s\u0153urs une agression       honteuse de notre int\u00e9grit\u00e9 mentale et physique [\u2026]. Nous nous sommes       rencontr\u00e9es apr\u00e8s la pri\u00e8re du vendredi, le 2 mai, au domicile d\u2019une de       nos amies pour passer une bonne soir\u00e9e, pour discuter comme dans toute       rencontre informelle entre amis, o\u00f9 on oublie la monotonie de la vie et       l\u2019on se divertit. Nous \u00e9tions environ huit s\u0153urs dont les familles sont       originaires de Sfax (Bakkar, Ghorbal, Ouali, Dhiab, Drira, Jallouli,       Kallel, Chaabane, \u2026) . Nous nous sommes retrouv\u00e9es dans la maison d\u2019une       des s\u0153urs et nous avons eu la surprise de voir la maison investie par des       forces de la police politique, en grand nombre. Elles nous ont entass\u00e9es       dans une voiture de police, y compris une femme d\u2019\u00e2ge m\u00fbr, la belle-m\u00e8re       de la s\u0153ur qui \u00e9tait notre h\u00f4te, ainsi que son mari, un m\u00e9decin sp\u00e9cialis\u00e9.       Les humiliations terrifiantes ont commenc\u00e9 d\u00e8s ce moment et se sont       prolong\u00e9es lors de l\u2019enqu\u00eate qui a dur\u00e9 de longues heures. Nous avons       connu toutes sortes d\u2019humiliations, de coups et de gifles, avec des c\u00e2bles       en plastique, pour nous extorquer des aveux. Nous avons eu la surprise de       trouver l\u00e0 un autre groupe de s\u0153urs qui avaient \u00e9t\u00e9 kidnapp\u00e9es sur la voie       publique alors qu\u2019elles revenaient de la mosqu\u00e9e El Manar, jet\u00e9es dans une       voiture de police et conduite au poste du district de Bab Bhar o\u00f9 elles       ont \u00e9t\u00e9 entass\u00e9es dans un local exigu et indigne. Ces pratiques ont laiss\u00e9       des s\u00e9quelles inqui\u00e9tantes dans nos t\u00eates et les violences physiques, des       traces, des bleus et des gonflements sur les joues de certaines d\u2019entre       nous, dus aux coups et aux gifles. Les traces de flagellation sont       visibles sur les jambes d\u2019autres s\u0153urs et attestent de la sauvagerie de ce       traitement visant \u00e0 arracher des aveux dans lesquels nous n\u2019avons rien \u00e0       voir. Sans parler de la sauvagerie et de la salet\u00e9 des propos qui ont plu       sur nous et les menaces d\u2019atteinte \u00e0 notre pudeur. Aucune des jeunes       filles ne savait pourquoi la descente au domicile, pourquoi nous avoir       mises dans un v\u00e9hicule de la S\u00fbret\u00e9, pourquoi une enqu\u00eate si p\u00e9nible, car       elles ne font ni plus ni moins que ce que font tous les jeunes gens et       jeunes filles de cet \u00e2ge : se retrouver avec des amis chez soi. Notre       nombre se comptait sur les doigts de la main quand dans les anniversaires,       il y a des dizaines d\u2019invit\u00e9s [\u2026]       Certaines d\u2019entre nous ont \u00e9t\u00e9 rel\u00e2ch\u00e9es \u00e0 la fin de la nuit apr\u00e8s que       nous ayons \u00e9t\u00e9 oblig\u00e9es de signer six feuillets pli\u00e9s, et gare \u00e0 celle qui       poserait la question de leur contenu ! Et ils ont gard\u00e9 les autres ainsi       que le mari pour achever les actes de cette pi\u00e8ce de th\u00e9\u00e2tre sur une fin       justifiant les agressions [\u2026]       Assumez vos responsabilit\u00e9s [\u2026] Emp\u00eachez ce bulldozer s\u00e9curitaire       d\u2019\u00e9craser tout ce qui est sur son chemin sans se soucier de l\u2019hypoth\u00e8que       qu\u2019il fait peser sur l\u2019avenir du pays [\u2026]       <strong><font>Une victime de l\u2019agression       <\/font><\/strong>(Source : Tunisnews du 5 mai 2008)       <font>(traduction d&rsquo;extraits ni revue ni corrig\u00e9e par       l\u2019auteure de la version en arabe, LT)<\/font><\/div>\n<\/p><\/div>\n<div>\n<hr\/><\/div>\n<div>    \u00a0<\/div>\n<div>\n<p align=\"center\"> <strong><\/p>\n<h2 style=\"color: red;\"><font size=\"3\"><span lang=\"FR-CH\">Des mandats     d\u2019arr\u00eat contre des membres de la famille du pr\u00e9sident Ben Ali<\/span><\/font><\/h2>\n<p><\/strong><\/p>\n<p> <strong>par <\/strong><a href=\"http:\/\/www.bakchich.info\/auteur3.html\" target=\"_blank\" rel=\"noopener\"> <span lang=\"FR-CH\"><strong>Xavier     Monnier<\/strong><\/span><\/a><\/p>\n<p>    \u00a0<\/p>\n<p> <span lang=\"EN-GB\"> <\/span><\/p>\n<p> <span lang=\"FR-CH\">Voil\u00e0 un     sujet de discussion que Nicolas Sarkozy, en visite d\u2019\u00c9tat en Tunisie,     pourrait aborder avec le pr\u00e9sident Ben Ali. Deux neveux de la Premi\u00e8re dame     tunisienne font en effet l\u2019objet de mandats d\u2019arr\u00eats lanc\u00e9s par la France.     Plusieurs yachts appartenant \u00e0 des huiles fran\u00e7aises avaient \u00e9t\u00e9 chapard\u00e9s     par cette jeunesse dor\u00e9e de Tunis\u2026<\/span><\/p>\n<p> <span lang=\"FR-CH\">En visite     officielle durant trois jours \u00e0 Tunis, Nicolas Sarkozy aura tout loisir de     d\u00e9couvrir les d\u00e9lices du royaume du jasmin. Une petite croisi\u00e8re en yacht,     fa\u00e7on s\u00e9jour offert par Bollor\u00e9, aurait pu \u00eatre une id\u00e9e, histoire de     sceller un peu plus l\u2019amiti\u00e9 franco-tunisienne.<\/span><\/p>\n<p> <span lang=\"FR-CH\">    Malheureusement, la famille r\u00e9gnante en Tunisie ne dispose plus d\u2019aucun     rafiot de luxe pour transporter l\u2019auguste personnage pr\u00e9sidentiel. En mai     2006, pourtant, un superbe monstre marin a mouill\u00e9 dans les eaux de Sidi Bou     Sa\u00efd, le petit port de plaisance o\u00f9 se repait la Tunisie ais\u00e9e. A son bord,     un capitaine de choix, Imed Trabelsi en personne, le neveu pr\u00e9f\u00e9r\u00e9 de Leila     Ben Ali Trabelsi, la gourmande Premi\u00e8re dame du pays. Le jet-setteur du clan     Trabelsi \u00e9tait tout fi\u00e9rot de parader sur le pont de son Beru Ma V58     Princess, dont la valeur estim\u00e9e d\u00e9passe le million d\u2019euros. D\u2019autant que le     bateau \u00e9tait devenu l\u2019attraction majeure du port, une \u00e9tape oblig\u00e9e des     sorties familiales.<\/span><\/p>\n<p>\u00a0<\/p>\n<p>\u00a0<\/p>\n<h6 style=\"color: blue;\"><font size=\"2\"> <span lang=\"FR-CH\">Le singulier trajet du \u00ab\u00a0Beruma\u00a0\u00bb<\/span><\/font><\/h6>\n<p>\u00a0<\/p>\n<p> <span lang=\"FR-CH\">Las, trois     fois las, le joujou lui a \u00e9t\u00e9 vite confisqu\u00e9. D\u00e8s le 26 mai 2006 de m\u00e9chants     scell\u00e9s ont \u00e9t\u00e9 pos\u00e9s sur le navire\u00a0; ordre de la justice fran\u00e7aise. Avant     que celui-ci ne soit rapatri\u00e9 vers la France\u2026 pour le plus grand d\u00e9sespoir     d\u2019Imed, qui avait fait la promesse de br\u00fbler le bateau plut\u00f4t que de la voir     s\u2019\u00e9loigner la prunelle de ses yeux. Promesse d\u2019amoureux \u00e9pris d\u2019un bien qui     n\u2019est pas le sien.<\/span><\/p>\n<p> <span lang=\"FR-CH\">Le \u00ab\u00a0Beruma\u00a0\u00bb     a en effet suivi un singulier trajet avant de se retrouver entre les mains     de l\u2019ami Imed, trajet sur lequel se sont largement pench\u00e9s les gendarmes     toulonnais et corse, saisis d\u2019une plainte pour <i>\u00ab\u00a0vol en bande organis\u00e9e,     vol, faux administratif, faux et usage de faux\u00a0\u00bb<\/i>, par\u2026 le vrai     propri\u00e9taire du bateau, Bruno Roger, l\u2019\u00e9minent patron de la banque d\u2019affaire     Lazard fr\u00e8res.<\/span><\/p>\n<p> <span lang=\"FR-CH\">Comme l\u2019avait     d\u00e9j\u00e0 racont\u00e9 <i>Bakchich<\/i>, le sieur Roger a eu le d\u00e9plaisir d\u2019apprendre     que son bateau avait disparu du port de Bonifacio, o\u00f9 il mouillait, le 5 mai     2006. Moins de 8 jours plus tard, \u00e0 en croire les documents que <i>Bakchich<\/i>     a pu consulter, les pandores se mettent en action. En parall\u00e8le, la boite     d\u2019assurances Generali, assureur du bateau, lance \u00e9galement l\u2019un de ses     limiers dans le sillage du Beruma.<span dir=\"rtl\"> <\/span><\/span><\/p>\n<p> <span lang=\"FR-CH\">\u00a0<\/span><\/p>\n<p> <b> <span lang=\"FR-CH\">    Du travail fort efficace. <\/span><\/b><\/p>\n<p> <span dir=\"rtl\" lang=\"AR-SA\">\u00a0<\/span><\/p>\n<p> <span lang=\"FR-CH\">Fin mai 2006, le bateau est donc rep\u00e9r\u00e9 en Tunis et     rapatri\u00e9. Et d\u00e8s le 10 septembre suivant, l\u2019enqu\u00eate sinon boucl\u00e9e, du moins     sa trame bien dessin\u00e9e.<\/span><\/p>\n<p>\u00a0<\/p>\n<h6 style=\"color: blue;\"><font size=\"2\"> <span lang=\"FR-CH\">Les chapardeurs en profitent pour falsifier les papiers     du bateau<\/span><\/font><\/h6>\n<p>\u00a0<\/p>\n<p> <span lang=\"FR-CH\">Apr\u00e8s avoir     \u00e9t\u00e9 d\u00e9rob\u00e9 du c\u00f4t\u00e9 de la Corse, le rafiot s\u2019en est all\u00e9 faire escale en     Sardaigne et plus pr\u00e9cis\u00e9ment \u00e0 Cagliari o\u00f9 suite <i>\u00ab\u00a0\u00e0 une panne, il     s\u00e9journe plusieurs jours\u00a0\u00bb<\/i>. Escale fort opportune puisque les     chapardeurs en profitent pour falsifier les papiers du bateau. Puis le     navire <i>\u00ab\u00a0sera d\u00e9couvert \u00e0 Sidi Bousa\u00efd par la soci\u00e9t\u00e9 d\u2019assurances     Generali\u00a0\u00bb<\/i>, reconnaissent les pandores. Eux s\u2019\u00e9vertuent \u00e0 remonter la     cha\u00eene de \u00ab\u00a0commande\u00a0\u00bb.<\/span><\/p>\n<p> <span lang=\"FR-CH\">\u00a0<\/span><\/p>\n<p> <span lang=\"FR-CH\">Au sommet,     donc le gentil Imed Trabelsi. Dans le r\u00f4le de l\u2019interm\u00e9diaire avec les     monte-en-l\u2019air maritimes, un certain Azzedine Kelaiaia, qui est interpell\u00e9     le 6 septembre 2006. Et dans le r\u00f4le des petits mains charg\u00e9es d\u2019ex\u00e9cuter le     fric-frac et d\u2019acheminer le bateau, trois associ\u00e9s d\u2019une soci\u00e9t\u00e9 varoise,     Nautis Mer, en liquidation judiciaire. <i>\u00ab\u00a0Ces difficult\u00e9s financi\u00e8res     expliquent sans doute les motivations des uns et des autres \u00e0 participer au     vol\u00a0\u00bb<\/i>, notent, presque compr\u00e9hensifs, les gendarmes. Les trois loustics,     C\u00e9dric Sermand, Olivier Buffe et Xavier Rico, sont eux interpell\u00e9s le 5     septembre 2006.<\/span><\/p>\n<p> <span lang=\"FR-CH\">\u00a0<\/span><\/p>\n<h6 style=\"color: blue;\"><font size=\"2\"> <span lang=\"FR-CH\">Un autre neveu avait pass\u00e9 commande<\/span><\/font><\/h6>\n<p>\u00a0<\/p>\n<p> <span lang=\"FR-CH\">Et ce ne sont     pas un mais trois chapardages qu\u2019ils confirment alors aux enqu\u00eateurs. Avant     le \u00ab\u00a0Beruma\u00a0\u00bb, le \u00ab\u00a0Blue Dolphin IV\u00a0\u00bb d\u00e9rob\u00e9 en janvier 2006 \u00e0 Cannes et le     \u00ab\u00a0Sando\u00a0\u00bb, exfiltr\u00e9 du Lavandou dans le Var en d\u00e9cembre 2005 sont all\u00e9s se     balader du c\u00f4t\u00e9 de la Tunisie. Une commande d\u2019un autre neveu de Leila     Trabelsi, la Premi\u00e8re dame tunisienne, le plus m\u00e9connu Moaz.<\/span><\/p>\n<p> <span lang=\"FR-CH\">Un amour des     navires qui a sans doute excit\u00e9 la jalousie d\u2019Imed. Voire bless\u00e9 son ego de     jet-setter sans yacht. Au moins d\u00e9sormais les deux gar\u00e7ons sont \u00e0 \u00e9galit\u00e9\u00a0:     tous deux vis\u00e9s par un mandat d\u2019arr\u00eat international \u00e9mis depuis le 3 mai     2007 par la justice fran\u00e7aise.<\/span><\/p>\n<p> <span lang=\"FR-CH\">Sans effet     jusque l\u00e0. Peut-\u00eatre Nicolas Sarkozy pensera-t-il \u00e0 glisser un mot \u00e0 Ben Ali     sur le sujet\u2026 D\u2019autant que comme l\u2019a r\u00e9v\u00e9l\u00e9 <\/span><b> <span lang=\"EN-GB\"> <a href=\"http:\/\/www.mediapart.fr\/journal\/mot-cle\/trabelsi\" target=\"_blank\" rel=\"noopener\"> <span lang=\"FR-CH\">Mediapart<\/span><\/a><\/span><\/b><span lang=\"FR-CH\">,     le ministre de l\u2019Int\u00e9rieur Sarkozy Nicolas, avait multipli\u00e9 les coups de     fils vers la Tunisie pour retrouver le bateau \u00e0 ce moment-l\u00e0.<\/span><\/p>\n<p> <b> <span dir=\"rtl\" lang=\"AR-SA\">    \u00a0<\/span><\/b><\/p>\n<p> <b> <span lang=\"FR-CH\">    (Source\u00a0: \u00ab\u00a0Bakchich\u00a0\u00bb (Satirique \u2013 France), le 29 avril 2008)<\/span><\/b><\/p>\n<p> <b> <span lang=\"FR-CH\">    Lien<\/span><span dir=\"rtl\" lang=\"AR-SA\">\u00a0<\/span><span lang=\"FR-CH\">:    <a href=\"http:\/\/www.bakchich.info\/article3572.html\" target=\"_blank\" rel=\"noopener\">    http:\/\/www.bakchich.info\/article3572.html<\/a><\/span><\/b><\/p>\n<p> <strong><\/strong><\/p>\n<hr\/>\n<p>\u00a0<\/p>\n<p>\u00a0<\/p>\n<div align=\"center\">\n<h2 style=\"color: red;\"><font size=\"3\"><strong>Libert\u00e9s en Tunisie: Kouchner       \u00ab\u00a0maladroit\u00a0\u00bb comme Sarkozy<\/strong><\/font><\/h2>\n<\/div>\n<div align=\"justify\"> <strong><font>Par Julien Martin<\/font><\/strong><\/div>\n<p align=\"justify\">\u00ab\u00a0L&rsquo;espace des libert\u00e9s progresse\u00a0\u00bb     en Tunisie. La phrase prononc\u00e9e la semaine derni\u00e8re par Nicolas Sarkozy \u00e0     Tunis avait cr\u00e9\u00e9 la pol\u00e9mique. Pour en att\u00e9nuer les cons\u00e9quences, son     ministre des Affaires \u00e9trang\u00e8res a rectifi\u00e9 le tir ce mercredi en la     qualifiant de \u00ab\u00a0maladroite\u00a0\u00bb, mais avec une grossi\u00e8re erreur \u00e0 la cl\u00e9.<\/p>\n<p align=\"justify\"> <a href=\"http:\/\/www.radiofrance.fr\/franceinter\/em\/septdix\/index.php?id=67489\" target=\"_blank\" rel=\"noopener\">    Invit\u00e9 de France Inter<\/a> <span>[1]<\/span>, Bernard     Kouchner souhaite montrer qu&rsquo;il ne faut pas non plus \u00eatre trop critique sur     l&rsquo;\u00e9tat des droits de l&rsquo;homme en Tunisie. D\u00e9monstration \u00e0 l&rsquo;appui: \u00ab\u00a0Il y a un     gros livre de <a href=\"http:\/\/hrw.org\/french\/\" target=\"_blank\" rel=\"noopener\">Human Rights     Watch<\/a> <span>[2]<\/span> qui para\u00eet tous les ans     pour faire l\u2019\u00e9tat des droits de l\u2019homme dans le monde \u00a0\u00bb et, selon lui, \u00ab\u00a0la     Tunisie n&rsquo;y figure m\u00eame plus\u00a0\u00bb. <i>(Ecouter le son)<\/i><\/p>\n<p align=\"justify\"> \u00a0<\/p>\n<p align=\"justify\">Malheureusement pour l&rsquo;ancien     \u00ab\u00a0French doctor\u00a0\u00bb, et surtout pour les Tunisiens, Eric Goldstein, directeur de     recherche sur l&rsquo;Afrique du Nord de l\u2019ONG de d\u00e9fense des droits de l\u2019homme, a     infirm\u00e9 les propos du ministre d\u00e8s le lendemain,    <a href=\"http:\/\/www.france-info.com\/spip.php?article132527&amp;theme=9&amp;sous_theme=10\" target=\"_blank\" rel=\"noopener\">    au micro de France Info<\/a> <span>[3]<\/span>:<\/p>\n<blockquote>\n<p align=\"justify\">\u00ab\u00a0Il suffit de jeter un coup d&rsquo;oeil sur notre site ou       dans le livre pour voir que la Tunisie reste prioritaire pour Human Rights       Watch \u00e0 cause des droits de l&rsquo;homme.\u00a0\u00bb<\/p>\n<\/blockquote>\n<p align=\"justify\">\u00a0<span>[4]<\/span>De     fait, dans le Rapport mondial 2008 de l&rsquo;organisation,    <a href=\"http:\/\/www.rue89.com\/files\/20080508RapportTunisie.pdf\" target=\"_blank\" rel=\"noopener\">    pas moins de six pages sont consacr\u00e9es \u00e0 la Tunisie<\/a> <span>[5]<\/span>. Et le moins que l&rsquo;on puisse dire,     c&rsquo;est que Human Rights Watch n&rsquo;est pas tendre dans la d\u00e9nonciation des     exactions du pr\u00e9sident Zine el-Abidine Ben Ali et du gouvernement qui     utilisent \u00ab\u00a0la menace du terrorisme et de l\u2019extr\u00e9misme religieux comme     pr\u00e9texte pour r\u00e9primer la contestation pacifique\u00a0\u00bb:<\/p>\n<blockquote>\n<p align=\"justify\"><b>Sur les d\u00e9fenseurs des droits humains:<\/b> \u00ab\u00a0Les       autorit\u00e9s ont refus\u00e9 d\u2019accorder l\u2019agr\u00e9ment \u00e0 toute organisation des droits       humains r\u00e9ellement ind\u00e9pendante qui en a fait la demande au cours des dix       derni\u00e8res ann\u00e9es.\u00a0\u00bb<\/p>\n<p align=\"justify\"><b>Sur le syst\u00e8me judiciaire:<\/b> \u00ab\u00a0Le pouvoir       judiciaire n\u2019est pas ind\u00e9pendant. Les procureurs et les juges ferment       souvent les yeux sur les all\u00e9gations de torture, m\u00eame lorsqu\u2019elles font       l\u2019objet de plaintes officielles d\u00e9pos\u00e9es par des avocats.\u00a0\u00bb<\/p>\n<p align=\"justify\"><b>Sur la libert\u00e9s des m\u00e9dias:<\/b> \u00ab\u00a0Ni la presse \u00e9crite       ni les m\u00e9dias audiovisuels du pays ne couvrent d\u2019un oeil critique les       politiques gouvernementales, hormis quelques revues \u00e0 faible tirage qui       font occasionnellement l\u2019objet d\u2019une confiscation.\u00a0\u00bb<\/p>\n<\/blockquote>\n<p align=\"justify\">Il y a donc en tout six pages. Six     pages que Bernard Kouchner ignore, peut-\u00eatre parce que le ministre des     Affaires \u00e9trang\u00e8res consid\u00e8re que \u00ab\u00a0ce sont vraiment des p\u00each\u00e9s v\u00e9niels     compar\u00e9 \u00e0 l&rsquo;\u00e9tat du monde\u00a0\u00bb.<\/p>\n<p> <!-- google_ad_section_end --> <\/p>\n<div align=\"justify\">      (Source: Rue89 le 08 mai 2008)<\/div>\n<div align=\"justify\"> <strong> <\/p>\n<p align=\"justify\">Liens:<\/p>\n<p><\/strong> <a href=\"http:\/\/www.rue89.com\/2008\/05\/08\/libertes-en-tunisie-kouchner-maladroit-comme-sarkozy\" target=\"_blank\" rel=\"noopener\">      http:\/\/www.rue89.com\/2008\/05\/08\/libertes-en-tunisie-kouchner-maladroit-comme-sarkozy<\/a><\/div>\n<p><strong><\/strong><\/p>\n<hr\/>\n<p><font> <\/p>\n<div align=\"center\">\n<h2 style=\"color: red;\"><font size=\"3\"><strong>Kouchner un peu trop optimiste sur       la Tunisie<\/strong><\/font><\/h2>\n<p> \u00a0<\/p><\/div>\n<div align=\"justify\">             Bernard Kouchner a tent\u00e9 hier de justifier la visite de Nicolas Sarkozy en       Tunisie, malgr\u00e9 une situation pas vraiment id\u00e9ale sur le plan des droits       de l\u2019Homme. Mais le ministre des Affaires Etrang\u00e8res s\u2019est pris les pieds       dans le tapis&#8230;        La phrase prononc\u00e9e par Nicolas Sarkozy \u00e0 Tunis, lors de sa visite       officielle le mois dernier, avait choqu\u00e9 les organisations de d\u00e9fense des       droits de l\u2019Homme : \u00ab\u00a0l\u2019espace des libert\u00e9s progresse\u00a0\u00bb avait affirm\u00e9 le       pr\u00e9sident fran\u00e7ais.       Invit\u00e9 hier de France Inter, Bernard Kouchner voulait sans doute       d\u00e9dramatiser : \u00ab\u00a0cette phrase fut maladroite\u00a0\u00bb, estime le chef de la       diplomatie fran\u00e7aise, qui aurait aim\u00e9 que le chef de l\u2019Etat ajoute :       \u00ab\u00a0&#8230;mais c\u2019est insuffisant\u00a0\u00bb.        Le probl\u00e8me est que, sans doute emport\u00e9 par sa volont\u00e9 de bien faire et de       d\u00e9douaner le pr\u00e9sident de la R\u00e9publique, Bernard Kouchner est all\u00e9 un peu       vite sur l\u2019\u00e9tat r\u00e9el des droits de l\u2019Homme en Tunisie : \u00ab\u00a0il y a un gros       livre de (l\u2019organisation de d\u00e9fense des droits de l\u2019Homme) Human Rights       Watch qui para\u00eet tous les ans pour faire l\u2019\u00e9tat des droits de l\u2019Homme dans       le monde : la Tunisie n\u2019y figure m\u00eame plus\u00a0\u00bb, a-t-il affirm\u00e9.       V\u00e9rification faite, le ministre des Affaires Etrang\u00e8res s\u2019est tromp\u00e9 : la       Tunisie figure toujours en bonne place dans le rapport de l\u2019ONG.              <strong><font>(Source: France Info (Un site du groupe       Radio France)\u00a0le 08 mai 2008\u00a0&#8211; 06:11 )<\/font><\/strong>\u00a0<\/div>\n<p> <\/font> <\/div>\n<div>\n<hr\/><\/div>\n<div>    \u00a0<\/div>\n<div>\n<p align=\"center\"> <span lang=\"FR-CH\"><strong><\/p>\n<p><font size=\"3\">Processus de 50     ans de restrictions du droit de candidature \u00e0 la pr\u00e9sidence de la r\u00e9publique     en Tunisie<\/font><\/p>\n<p><\/strong><\/span><\/p>\n<p> <span lang=\"FR-CH\"> <strong>Yahyaoui Mokhtar<\/strong><\/span><\/p>\n<p> <span lang=\"FR-CH\"><strong><font>\u00a0<\/font><\/strong><\/span><\/p>\n<p> <span lang=\"FR-CH\">\u00a0<\/span><\/p>\n<p> <span lang=\"FR-CH\"><strong>Etat des lieux<\/strong><\/span><\/p>\n<p> <span lang=\"FR-CH\">\u00a0<\/span><\/p>\n<p> <span lang=\"FR-CH\">Les     Conditions de candidature \u00e0 la charge du pr\u00e9sident de la r\u00e9publique ont fait     l\u2019objet, par le biais d\u2019une s\u00e9rie d\u2019amendements successifs apport\u00e9s \u00e0     l\u2019article 40 depuis la promulgation de la constitution en 1959 \u00e0 nos jours,     d\u2019une limitation restrictive au point que seul aujourd\u2019hui le candidat du     RCD (parti au pouvoir) peut se pr\u00e9senter aux \u00e9lections suivant les     conditions ordinaires \u00e9dict\u00e9s par la constitution (Art 40 \u00a71). Pour     permettre au pr\u00e9sident Ben Ali d\u2019avoir des concurrents \u00e0 l\u2019image de sa \u00ab     d\u00e9mocratie \u00bb, la m\u00e9thode choisi a consist\u00e9 \u00e0 faire adopter par la chambre     des d\u00e9put\u00e9s avant chaque \u00e9lection pr\u00e9sidentielle une d\u00e9rogation     exceptionnelle \u00e9dict\u00e9 suivant le profil de candidat recherch\u00e9 que ce dernier     veut affronter.<\/span><\/p>\n<p> <span lang=\"FR-CH\">\u00a0<\/span><\/p>\n<p> <span lang=\"FR-CH\">Aujourd\u2019hui,     on peut conna\u00eetre nominativement les candidats qui vont jouer le r\u00f4le du     li\u00e8vre du pr\u00e9sident dans la course des prochaines \u00e9lections de 2009. D\u2019apr\u00e8s     le dernier amendement adopt\u00e9 en premi\u00e8re lecture par les d\u00e9put\u00e9s le 24 avril     2008 le pr\u00e9sident Ben Ali vient d\u2019\u00e9lire \u00e0 ce \u00ab privil\u00e8ge \u00bb 6 candidats     potentiels : <\/span><\/p>\n<p> <span lang=\"FR-CH\">\u00a0<\/span><\/p>\n<p> <span lang=\"FR-CH\">\u00a0\u00a0 1. &#8211;     Mohammed Bouchiha secr\u00e9taire g\u00e9n\u00e9ral du Parti de l\u2019unit\u00e9 populaire PUP,<\/span><\/p>\n<p> <span lang=\"FR-CH\">\u00a0\u00a0 2. &#8211; Ahmed     Inoubli : secr\u00e9taire g\u00e9n\u00e9ral du Parti d\u00e9mocratique unioniste UDU,<\/span><\/p>\n<p> <span lang=\"FR-CH\">\u00a0\u00a0 3. \u2013 Amed     Ibrahim secr\u00e9taire g\u00e9n\u00e9ral du Mouvement Ettajdid,<\/span><\/p>\n<p> <span lang=\"FR-CH\">\u00a0\u00a0 4. &#8211; Maya     Jribi : secr\u00e9taire g\u00e9n\u00e9ral du Parti d\u00e9mocratique progressiste PDP,<\/span><\/p>\n<p> <span lang=\"FR-CH\">\u00a0\u00a0 5. &#8211;     Mondher Thabet: secr\u00e9taire g\u00e9n\u00e9ral du Parti social lib\u00e9ral PSL,<\/span><\/p>\n<p> <span lang=\"FR-CH\">\u00a0\u00a0 6. \u2013     Ismail Boulahia : secr\u00e9taire g\u00e9n\u00e9ral du mouvement des d\u00e9mocrates socialiste     MDS.<\/span><\/p>\n<p> <span lang=\"FR-CH\">\u00a0<\/span><\/p>\n<p> <span lang=\"FR-CH\">Sur cette     liste les deux dernier ont d\u00e9j\u00e0 fait savoir qu\u2019ils ont choisi\u00a0 de faire du     pr\u00e9sident ben Ali le candidat de leur parti et qu\u2019ils ne feront pas acte de     candidature. Un autre parti\u00a0 (le PDP) s\u2019obstine \u00e0 faire valoir son propre     choix. Le mouvement Ettajdid semble de plus en plus h\u00e9sitant \u00e0 faire partie     de la mascarade m\u00eame si certains en son sein refusent toujours de voir la     triste r\u00e9alit\u00e9 politique du pays que leur pr\u00e9c\u00e9dente participation a     contribu\u00e9 \u00e0 installer.<\/span><\/p>\n<p> <span lang=\"FR-CH\">\u00a0<\/span><\/p>\n<p> <span lang=\"FR-CH\">En fait,     seuls deux, sur dix millions de tunisiens, r\u00e9unissent tous les crit\u00e8res     n\u00e9cessaires pour faire partie de la d\u00e9mocratie du pr\u00e9sident Ben Ali. Mr     Mohammed Bouchiha secr\u00e9taire g\u00e9n\u00e9ral du Parti de l\u2019unit\u00e9 populaire PUP, est     un proche de la famille pr\u00e9sidentielle puisqu\u2019il est un cousin de Mme Laila     Trabelsi Femme du pr\u00e9sident. Il a d\u00e9j\u00e0 \u00e9t\u00e9 candidat en 2004 et Mr Ahmed     Inoubli : secr\u00e9taire g\u00e9n\u00e9ral du Parti d\u00e9mocratique unioniste UDU. Cet avocat     nationaliste arabe du nord ouest, reconverti \u00e0 la politique apr\u00e8s une     carri\u00e8re militaire, n\u2019\u00e9tait pas inconnu pour le pr\u00e9sident ben Ali. Son     ascension est due \u00e0 la disgr\u00e2ce qui a frapp\u00e9 l\u2019ancien secr\u00e9taire g\u00e9n\u00e9ral de     son parti. Mr Abderrahmane Tlili qui s\u2019est pr\u00e9sent\u00e9 aux \u00e9lection     pr\u00e9sidentielle de 2004 croupis depuis en prison.<\/span><\/p>\n<p> <span lang=\"FR-CH\">\u00a0<\/span><\/p>\n<p> <span lang=\"FR-CH\">Aucun autre     Tunisien en dehors de ces sept personnes, en ajoutant aux six cit\u00e9s plus     haut le pr\u00e9sident Ben Ali ne peut pr\u00e9tendre au droit de se pr\u00e9senter aux     \u00e9lections pr\u00e9sidentielles dans les conditions constitutionnelles actuelles     impos\u00e9 par la dictature. Sur ces sept candidats seul le pr\u00e9sident Ben Ali au     nom du Parti au pouvoir (RCD) peut r\u00e9unir le nombre d\u2019\u00e9lus n\u00e9cessaire pour     le parrainage de sa candidature et se pr\u00e9senter suivant les conditions     ordinaire de l\u2019art 40\u00a71. Les autres doivent la possibilit\u00e9 de leur     candidature \u00e0 la d\u00e9rogation exceptionnelle objet de l\u2019amendement     constitutionnel en cours. Cet amendement constitutionnel ne permet pas aux     partis d\u2019opposition de choisir leur candidat \u00e0 cette \u00e9lection, comme l\u2019ont     fait not\u00e9 certains d\u00e9put\u00e9 d\u2019opposition lors des r\u00e9cent d\u00e9bats au parlement     (1).<\/span><\/p>\n<p> <span lang=\"FR-CH\">\u00a0<\/span><\/p>\n<p> <span lang=\"FR-CH\">Cette \u00e9trange     situation est illustr\u00e9e par la position dans laquelle s\u2019est trouv\u00e9 le     candidat choisi par le Parti d\u00e9mocratique progressiste. Le PDP avait d\u00e9j\u00e0     choisi de pr\u00e9senter son ex-secr\u00e9taire g\u00e9n\u00e9ral \u00e0 ces \u00e9lections. L\u2019amendement     en cours d\u2019adoption vient prendre \u00e0 contre-pieds la d\u00e9cision de ses     instances dirigeante en l\u2019obligeant de pr\u00e9senter Mme Maya Jribi sa     secr\u00e9taire g\u00e9n\u00e9ral actuelle s\u2019il veut avoir de candidat aux prochaines     \u00e9lections pr\u00e9sidentielle.<\/span><\/p>\n<p> <span lang=\"FR-CH\">\u00a0<\/span><\/p>\n<p> <span lang=\"FR-CH\">Il n\u2019est un     secret pour personne l\u2019objectif vis\u00e9 par un tel amendement constitutionnel :     assurer au pr\u00e9sident Ben Ali les conditions formelles d\u2019une comp\u00e9tition     pr\u00e9sidentielle plurielle pour alimenter son appareil de propagande et\u00a0 sa     langue de bois sur les avanc\u00e9s d\u00e9mocratiques r\u00e9alis\u00e9s par lui en Tunisie. Un     syst\u00e8me ou toutes les \u00e9lections sont organis\u00e9es par le parti au pouvoir et     syst\u00e9matiquement truqu\u00e9s pour afficher des taux de participation de plus de     80% et une unanimit\u00e9 de vote pour le pr\u00e9sident de l\u2019ordre de 99%.<\/span><\/p>\n<p> <span lang=\"FR-CH\">\u00a0<\/span><\/p>\n<p> <span lang=\"FR-CH\"><strong>Histoire d\u2019une restriction de souverainet\u00e9 sans     fin<\/strong><\/span><\/p>\n<p> <span lang=\"FR-CH\">\u00a0<\/span><\/p>\n<p> <span lang=\"FR-CH\">D\u2019apr\u00e8s le     texte original de la constitution tunisienne promulgu\u00e9e apr\u00e8s l\u2019ind\u00e9pendance     le 30 Janvier 1959 \u00ab la candidature \u00e0 la charge de pr\u00e9sident de la     r\u00e9publique est un droit \u00e0 tout tunisien de p\u00e8re et de grand p\u00e8re tunisien,     \u00e2g\u00e9 de 40 ans et en possession de ses droits civiques \u00bb. Voici les     principaux amendements que cette disposition a connus au cours des cinquante     derni\u00e8res ann\u00e9es :<\/span><\/p>\n<p> <span lang=\"FR-CH\">\u00a0<\/span><\/p>\n<p> <span lang=\"FR-CH\">1975 &#8211; Le     parlement totalement occup\u00e9 par les d\u00e9put\u00e9 du parti unique au pouvoir,     \u00a0d\u00e9cide \u00e0 la stup\u00e9faction g\u00e9n\u00e9rale et contrairement aux principes     r\u00e9publicains et constitutionnels les plus \u00e9l\u00e9mentaires d\u2019instaurer par une     d\u00e9rogation sp\u00e9ciale une pr\u00e9sidence \u00e0 vie au profit du pr\u00e9sident en exercice     Habib Bourguiba (Le 19 Mars 1975)<\/span><\/p>\n<p> <span lang=\"FR-CH\">\u00a0<\/span><\/p>\n<p> <span lang=\"FR-CH\">1976 &#8211; La     condition d\u2019\u00eatre de religion musulmane a \u00e9t\u00e9 ajout\u00e9e aux conditions     g\u00e9n\u00e9rales de candidature.<\/span><\/p>\n<p> <span lang=\"FR-CH\">\u00a0<\/span><\/p>\n<p> <span lang=\"FR-CH\">A la m\u00eame     occasion la candidature a \u00e9t\u00e9 soumise \u00e0 la condition d\u2019\u00eatre pr\u00e9sent\u00e9e par un     nombre d\u2019\u00e9lus suivant des modalit\u00e9s et les conditions \u00e0 d\u00e9terminer par le     code \u00e9lectoral. (Le 08 Avril 1976)<\/span><\/p>\n<p> <span lang=\"FR-CH\">\u00a0<\/span><\/p>\n<p> <span lang=\"FR-CH\">1988 &#8211; La     condition de ne pas avoir de double nationalit\u00e9 ainsi que la condition     d\u2019\u00eatre aussi de m\u00e8re et de grand p\u00e8re maternel tunisiens sont ajout\u00e9s aux     conditions g\u00e9n\u00e9rales. Une condition de limite sup\u00e9rieure d\u2019age ne d\u00e9passant     pas les 70 ans a \u00e9t\u00e9 aussi ajout\u00e9e. (Le 25 Juillet 1988)<\/span><\/p>\n<p> <span lang=\"FR-CH\">\u00a0<\/span><\/p>\n<p> <span lang=\"FR-CH\">1999 &#8211; Une     d\u00e9rogation exceptionnelle pour les \u00e9lections pr\u00e9sidentielles de 1999 a     accord\u00e9 au premier responsable de tout partis politique qu\u2019il soit pr\u00e9sident     ou secr\u00e9taire g\u00e9n\u00e9ral de partis le droit de se pr\u00e9senter \u00e0 condition qu\u2019il     soit en fonction le jour de sa candidature et depuis cinq ans successifs au     moins et que sont partis soit repr\u00e9sent\u00e9 \u00e0 la chambre des d\u00e9put\u00e9s. (Le 30     Juin 1999)<\/span><\/p>\n<p> <span lang=\"FR-CH\">\u00a0<\/span><\/p>\n<p> <span lang=\"FR-CH\">2002 &#8211; La     limite d\u2019age sup\u00e9rieure pour se pr\u00e9senter a \u00e9t\u00e9 port\u00e9e \u00e0 75 ans. la     condition exigeant que la candidature doit d\u2019\u00eatre pr\u00e9sent\u00e9e par un nombre     d\u2019\u00e9lus a \u00e9t\u00e9 d\u00e9taill\u00e9e en exigeant que les \u00e9lus soient des d\u00e9put\u00e9s ou des     pr\u00e9sidents de municipalit\u00e9. (Le 1er juin 2002)<\/span><\/p>\n<p> <span lang=\"FR-CH\">\u00a0<\/span><\/p>\n<p> <span lang=\"FR-CH\">2004 &#8211; Une     nouvelle d\u00e9rogation exceptionnelle pour les \u00e9lections pr\u00e9sidentielles de     2004 accorde aux partis politiques le droit de pr\u00e9senter leurs candidats.     Cette d\u00e9rogation, sous les m\u00eame r\u00e9serves d\u2019\u00eatre en fonction le jour de sa     candidature et depuis cinq ans successifs au moins et que sont partis soit     repr\u00e9sent\u00e9 \u00e0 la chambre des d\u00e9put\u00e9s, a \u00e9t\u00e9 \u00e9largie cette fois aux     responsables des instances dirigeante de chaque parti avec les m\u00eames     conditions.<\/span><\/p>\n<p> <span lang=\"FR-CH\">\u00a0<\/span><\/p>\n<p> <span lang=\"FR-CH\">2008 \u2013 Une     nouvelle d\u00e9rogation exceptionnelle pour les \u00e9lections pr\u00e9sidentielles de     2009 est en cours de ratification devant la chambre des d\u00e9put\u00e9s. Le projet     ne distingue plus entre partis repr\u00e9sent\u00e9 au parlement et partis non     parlementaire mais revient \u00e0 la limitation de candidature aux seuls premier     responsable des partis \u00e0 condition d\u2019\u00eatre \u00e9lus par un congr\u00e8s de leurs parti     et en fonction depuis deux ans au moins.<\/span><\/p>\n<p> <span lang=\"FR-CH\">\u00a0<\/span><\/p>\n<p> <strong><font><span lang=\"FR-CH\">    Yahyaoui Mokhtar \u2013 Tunis Le 5 Mai 2008<\/span><\/font><\/strong><\/p>\n<p> <span lang=\"FR-CH\">\u00a0<\/span><\/p>\n<p> <span lang=\"FR-CH\">    (1) Voir les interventions des d\u00e9put\u00e9s d\u2019opposition au cours des d\u00e9bats     parlementaires sur ce projet (Al Mawkif, N\u00b0450 du 2 mai 2008, page 5)<\/span><\/p>\n<p> <span dir=\"rtl\" lang=\"AR-SA\">\u00a0<\/span><\/p>\n<p> <b> <span lang=\"FR-CH\">    (Source\u00a0: \u00ab\u00a0Tunisia Watch\u00a0\u00bb (Blog de Mokhtar Yahyaoui, le 5 mai 2008)<\/span><\/b><\/p>\n<p> <b> <span lang=\"FR-CH\">    Lien\u00a0: <a href=\"http:\/\/tunisiawatch.rsfblog.org\" target=\"_blank\" rel=\"noopener\">    http:\/\/tunisiawatch.rsfblog.org<\/a><\/span><\/b><\/p>\n<\/div>\n<div>\n<hr\/><\/div>\n<div>    \u00a0<\/div>\n<div>\n<p align=\"center\"> <font size=\"3\"><b> <span lang=\"FR-CH\">\u00ab\u00a0En avoir le     Coeur net\u00a0\u00bb de Mohamed Talbi<\/span><\/b><\/font><\/p>\n<p align=\"center\"> <span lang=\"FR-CH\"><strong><\/p>\n<h2 style=\"color: red;\"><font size=\"3\">Ce que dit la     raison au c\u0153ur<\/font><\/h2>\n<p><\/strong><\/span><\/p>\n<p> <span> <span lang=\"FR-CH\"> <strong>Par <\/strong><\/span><\/span> <span lang=\"EN-GB\"> <a href=\"http:\/\/oumma.com\/_Jameleddine-Heni_\" target=\"_blank\" rel=\"noopener\"> <span lang=\"FR-CH\"><strong>    Jameleddine H\u00e9ni<\/strong><\/span><\/a><\/span><strong> (*)     \u00a0<\/strong><\/p>\n<p> <span lang=\"FR-CH\">L\u2019Islam est     entre deux extr\u00eames, l\u2019islamisme d\u2019un c\u00f4t\u00e9 et de l\u2019autre rien de     \u00ab\u00a0nominal\u00a0\u00bb\u00a0!. Ou plut\u00f4t du bon extr\u00e9misme qui ne dit rien sur ce \u00e0 quoi     l\u2019islamisme fait-il h\u00e9r\u00e9sie, rien sur la religion islamique lib\u00e9r\u00e9e de sa     \u00ab\u00a0b\u00eatise\u00a0\u00bb fondamentaliste. Le troisi\u00e8me monoth\u00e9iste n\u2019est pas l\u2019islamisme,     et on s\u2019arr\u00eate l\u00e0\u00a0! Oui mais de quoi exclue-t-on l\u2019excroissance islamiste\u00a0?     Existe-t-il en th\u00e9orie ou en pratique une autre raison d\u2019\u00eatre \u00e0 l\u2019Islam que     le d\u00e9ni de son propre extr\u00e9misme\u00a0? Et \u00e0 quel corpus th\u00e9ologique, l\u2019islamisme     ferait-il \u00ab\u00a0extr\u00eame\u00a0\u00bb\u00a0?<\/span><\/p>\n<p> <span lang=\"FR-CH\">C\u2019est \u00e0 ces     questions que vient r\u00e9pondre le dernier ouvrage de Mohamed Talbi. \u00ab\u00a0En avoir     le coeur net\u00a0\u00bb, emprunt coranique \u00e9voquant la r\u00e9ponse d\u2019Abraham \u00e0     l\u2019interrogation divine \u00ab\u00a0alors, n\u2019a tu pas la foi\u00a0?\u00a0\u00bb. Les r\u00e9ponses de     l\u2019auteur se d\u00e9ploient sur trois axes parall\u00e8les, Islam et libert\u00e9, Islam et     modernit\u00e9 et islam et monoth\u00e9ismes. Ces axes traversent l\u2019ouvrage de bout en     bout et organisent les diff\u00e9rents chapitres.<\/span><\/p>\n<p> <strong><span lang=\"FR-CH\">\u00a0<\/span><\/strong><\/p>\n<p> <strong><span lang=\"FR-CH\">    Libert\u00e9 <\/span><\/strong><\/p>\n<p> <span lang=\"FR-CH\">\u00ab\u00a0En avoir le     coeur net\u00a0\u00bb, le livre s\u2019introduit par une profession de foi sans ambigu\u00eft\u00e9\u00a0:     croire est une expression de libert\u00e9, la moindre menace ou contrainte nous     fait tomber dans le domaine de la non foi, de la \u00ab\u00a0n\u00e9cessit\u00e9\u00a0\u00bb. Il en est de     la foi islamique comme des autres\u00a0: une qu\u00eate de v\u00e9rit\u00e9 \u00ab\u00a0dans la lumi\u00e8re de     Dieu\u00a0\u00bb, \u00e9crit Talbi. \u00ab\u00a0<i> Nous sommes redevables au Coran et non l\u2019inverse,     poursuit-il\u00a0; dans ce livre nous voulions revenir sur notre qu\u00eate de v\u00e9rit\u00e9,     sachant que que tout \u00eatre conscient cherche naturellement la v\u00e9rit\u00e9, pour et     par soi .<\/i><\/span><\/p>\n<p> <i><span lang=\"FR-CH\">Nous     cherchons cette v\u00e9rit\u00e9 pour nous m\u00eames. Nous ne voulons convaincre personne.     Notre souci est avant tout un souci de soi. Pourquoi croyons-nous le Coran     r\u00e9v\u00e9lation divine\u00a0? Comment en \u00e9tions-nous arriv\u00e9s \u00e0 cette conviction\u00a0? Nous     ne livrons combat \u00e0 nos d\u00e9tracteurs, nous leur r\u00e9p\u00e9tons, ce que nous apprend     notre Coran \u00ab\u00a0A vous votre religion, \u00e0 moi la mienne\u00a0\u00bb<\/span><\/i><span lang=\"FR-CH\">     Sourate al Kafir\u00fbn, 109, 6\u00a0\u00bb.<\/span><\/p>\n<p> <span lang=\"FR-CH\">En voici la     premi\u00e8re r\u00e9ponse \u00e0 la question de la libert\u00e9\u00a0: la foi musulmane est libre,     sans aucun caract\u00e8re pros\u00e9lyte, de part m\u00eame sa dimension personnelle.     L\u2019homme est libre de croire, ne pas croire ou se convertir\u00a0; ma\u00eetre de ses     professions, ma\u00eetre de ses doutes. L\u2019apostasie n\u2019est pas une pens\u00e9e     islamique mais bien plut\u00f4t politique, Talbi parle de \u00ab\u00a0d\u00e9sislamisation\u00a0\u00bb     (insilakh islam\u00eeyn) au sujet de musulmans qui opposent \u00e0 la modernit\u00e9     l\u2019unique condition d\u2019une sortie de l\u2019Islam.<\/span><\/p>\n<p> <span lang=\"FR-CH\">Mais il en     distingue deux \u00ab\u00a0d\u00e9sislamis\u00e9s\u00a0\u00bb\u00a0: ceux qui l\u2019assument et ceux qui le     dissimulent ou le fardent de voiles discursifs. C\u2019est \u00e0 ces derniers qu\u2019il     consacre de nombreuses pages o\u00f9 il r\u00e9pond coup sur coup \u00e0 la th\u00e8se du coran     \u00e9crit, de l\u2019irrecevabilit\u00e9 de la r\u00e9v\u00e9lation&#8230; <i>\u00ab\u00a0Ils n\u2019ont rien ajout\u00e9 au     vieil orientalisme tendancieux\u00a0\u00bb<\/i> conclue-t-il.<\/span><\/p>\n<p> <span lang=\"FR-CH\">\u00a0<\/span><\/p>\n<p> <strong><span lang=\"FR-CH\">    Modernit\u00e9 <\/span><\/strong><\/p>\n<p> <span lang=\"FR-CH\">Le second     \u00e9l\u00e9ment de sa r\u00e9flexion touche \u00e0 la modernit\u00e9. Con\u00e7ue comme une tendance     historique et th\u00e9orique vers le progr\u00e8s et la raison, il en trouve les     racines dans la pens\u00e9e d\u2019Ibn Khald\u00fbn. Ce penseur tunisien du 15\u00e8me si\u00e8cle     soutenait d\u00e9j\u00e0 un \u00e9volutionnisme initiateur, expliquant la s\u00e9paration     phylog\u00e9n\u00e9tique de l\u2019homme par l\u2019acc\u00e8s aux concepts, tandis que le r\u00e8gne     l\u2019animal \u00ab\u00a0n\u2019op\u00e8re que sur les sensibles\u00a0\u00bb.<\/span><\/p>\n<p> <span lang=\"FR-CH\">L\u2019hypoth\u00e8se     d\u2019une hominisation par la conceptualisation permettait alors de rompre avec     \u00ab\u00a0les illusions h\u00e9rit\u00e9es de l\u2019hell\u00e9nisme\u00a0\u00bb dont \u00ab\u00a0l\u2019intellect actif\u00a0\u00bb.. et     r\u00e9orientait le savoir vers le cerveau humain ou ce qu\u2019on appelle aujourd\u2019hui     la cognition. D\u2019autre part, Ibn Khald\u00fbn redirigea l\u2019histoire et la     sociologie vers les transactions humaines selon un esprit empirique fond\u00e9     sur la r\u00e9currence des ph\u00e9nom\u00e8nes.<\/span><\/p>\n<p> <span lang=\"FR-CH\">D\u00e9j\u00e0 au 15     si\u00e8cle\u00a0!!, la modernit\u00e9 (le progr\u00e8s et la raison) germait dans la pens\u00e9e     khald\u00fbnienne, mais l\u2019\u00e9lan du p\u00e8re ignor\u00e9 des sciences humaines, allait     rester d\u00e9claratif et isol\u00e9\u00a0; ni la faiblesse du Magreb ni la d\u00e9liquescence     du monde musulman ne pouvait porter plus loin la pens\u00e9e du prodige de Tunis.     Et la paternit\u00e9 islamique de la modernit\u00e9 n\u2019aura \u00e9t\u00e9 qu\u2019un songe \u00e9ph\u00e9m\u00e8re.     Alors, alors\u00a0! Par quel g\u00e9nie imposteur a-t-on d\u00e9clar\u00e9 l\u2019Islam incomp\u00e9tent \u00e0     la modernit\u00e9\u00a0?!!<\/span><\/p>\n<p> <strong><span lang=\"FR-CH\">\u00a0<\/span><\/strong><\/p>\n<p> <strong><span lang=\"FR-CH\">\u00a0<\/span><\/strong><\/p>\n<p> <strong><span lang=\"FR-CH\">    Monoth\u00e9ismes<\/span><\/strong><\/p>\n<p> <span lang=\"FR-CH\">Venons-en     enfin \u00e0 la derni\u00e8re id\u00e9e directrice du livre\u00a0: l\u2019Islam et le monoth\u00e9isme     pr\u00e9curseur. Talbi qui est un des instigateurs du dialogue inter religieux,     se sent un peu trahi. L\u2019Islam n\u2019a pas bonne presse en occident, les m\u00eames     vieux griefs orientalisants le suivent, intol\u00e9rant, polygame et     sanguinaire\u00a0; \u00e0 ce refrain rebattu s\u2019ajoute le terrorisme.<\/span><\/p>\n<p> <span lang=\"FR-CH\">Talbi inverse     les r\u00f4les, il redonne \u00e0 l\u2019Islam la parole dans le monologue jud\u00e9o-chr\u00e9tien     ambiant et la religion mohamedienne retrouve ainsi sa vocation critique. La     question du mal et des origines de l\u2019homme sont l\u2019occasion de discuter les     deux monoth\u00e9ismes\u00a0: l\u2019ancien testament jette la responsabilit\u00e9 du mal sur     l\u2019homme qui \u00ab\u00a0dans sa promenade au paradis&#8230; \u00ab\u00a0briguait\u00a0\u00bb la condition     divine\u00a0\u00bb . Il en avait \u00e9t\u00e9 puni, en l\u2019envoyant sur terre, \u00ab\u00a0bagne maudit\u00a0\u00bb y     lit-on.<\/span><\/p>\n<p> <span lang=\"FR-CH\">Le nouveau     testament, explique le mal par le \u00ab\u00a0p\u00e9ch\u00e9 originel\u00a0\u00bb o\u00f9 la femme joue un     r\u00f4le primordial. Talbi affine l\u2019analyse et trouve dans le christianisme une     forme de juda\u00efsme hell\u00e9nis\u00e9 sous la houlette de Paul 64 A.J. Originaire     d\u2019Anatolie.<\/span><\/p>\n<p> <span lang=\"FR-CH\">L\u2019islam,     d\u00e9roge au monoth\u00e9isme pr\u00e9curseur. Il ne voit pas en notre terre un bagne aux     reclus, il y voit l\u2019homme en mission divine. La terre est tout autre chose     que l\u2019univers maudit des anciens, elle est le paradis de l\u2019homme. le Coran     n\u2019\u00e9voque nullement la pomme de discorde et la femme n\u2019y pas une s\u00e9ductrice ,     instigatrice du mal. Le livre des Musulmans parle d\u2019elle en ces termes \u00ab\u00a0un     calice\u00a0\u00bb, une \u00ab\u00a0\u00e9tamine\u00a0\u00bb, pas une mal\u00e9diction\u00a0!<\/span><\/p>\n<p> <span lang=\"FR-CH\">L\u2019islam     d\u00e9range, il compte les coups depuis des si\u00e8cles, par monts et par vaux,     l\u2019anth\u00e8me d\u2019autres extr\u00e9mismes s\u2019abat sur lui et les \u00ab\u00a0caricatures\u00a0\u00bb     danoises n\u2019en sont qu\u2019une p\u00e9rip\u00e9tie, ass\u00e8ne l\u2019auteur. Dans un arabe l\u00e9ch\u00e9,     Mohamed Talbi, exhorte les Musulmans \u00e0 rejeter le salafisme et \u00e0 sonder le     message d\u2019une d\u00e9sislamisation qui ne dit pas son nom. Il appelle de ses     voeux \u00ab\u00a0une lecture vectorielle du Coran qui consiste \u00e0 prendre en compte     l\u2019intentionalit\u00e9 du livre saint et non pas les jugements \u00e9mis \u00e0 une \u00e9poque     r\u00e9volue\u00a0\u00bb.<\/span><\/p>\n<p> <strong><span lang=\"FR-CH\">\u00a0<\/span><\/strong><\/p>\n<p> <strong><span lang=\"FR-CH\">Go\u00fbt de la controverse<\/span><\/strong><\/p>\n<p> <span lang=\"FR-CH\">Le livre de     Talbi n\u2019a rien de scientifique, ni m\u00eame de th\u00e9ologique, c\u2019est une biographie     intellectuelle qui ne saurait \u00eatre objective et non historique. L\u2019auteur y     semble press\u00e9 de professer une foi in\u00e9branlable ici et maintenant, au milieu     des p\u00e9rip\u00e9ties danoises, n\u00e9erlandaises, am\u00e9ricaines&#8230;Par ce sale temps que     vit l\u2019islam partout. D\u2019o\u00f9 les proc\u00e8s, la virulence et les r\u00e8glements de     compte, d\u2019o\u00f9 le go\u00fbt de la controverse \u00e0 laquelle s\u2019adonne-t-il parfois sans     pr\u00e9caution&#8230;Au m\u00e9pris m\u00eame de la m\u00e9thode, o\u00f9 des niveaux de discours     chevauchent dans une m\u00eame phrase.<\/span><\/p>\n<p> <span lang=\"FR-CH\">Mais cela ne     saurait \u00f4ter \u00e0 Talbi son courage de ne pas cacher sa religion par pur calcul     m\u00e9diatico-politique. Car apr\u00e8s tout c\u2019est un livre sur la religion comme en     \u00e9crivent d\u2019autres fid\u00e8les du monoth\u00e9isme non d\u00e9guis\u00e9 qui, eux, sont     respect\u00e9s pour ce qu\u2019ils sont\u00a0!!<\/span><\/p>\n<p> <i><span lang=\"FR-CH\">\u00ab\u00a0En avoir     le Coeur net\u00a0\u00bb de Mohamed Talbi, premier volume d\u2019un ouvrage de l\u2019historien     tunisien, Editions C\u00e9r\u00e8s Tunisie, 293 pages, titre de l\u2019\u00e9dition arabe \u00ab\u00a0l\u00ee     y\u00e2tma\u00eenna qalbi\u00a0\u00bb.<\/span><\/i><\/p>\n<p> <span dir=\"rtl\" lang=\"AR-SA\">\u00a0<\/span><\/p>\n<p> <b> <span lang=\"FR-CH\">    (*) Chercheur en psychologie cognitive.<\/span><\/b><\/p>\n<p> <span dir=\"rtl\" lang=\"AR-SA\">\u00a0<\/span><\/p>\n<p> <span lang=\"FR-CH\"><font><strong>(Source\u00a0: \u00ab\u00a0Oumma.com\u00a0\u00bb     (portail &#8211; France), le 7 mai 2008)<\/strong><\/font><\/span><\/p>\n<p> <span lang=\"FR-CH\"><font><strong>Lien\u00a0: <\/strong><\/font> <a href=\"http:\/\/oumma.com\/En-avoir-le-Coeur-net-de-Mohamed\" target=\"_blank\" rel=\"noopener\"><strong>    http:\/\/oumma.com\/En-avoir-le-Coeur-net-de-Mohamed<\/strong><\/a><\/span><\/p>\n<\/div>\n<div>\n<hr\/><\/div>\n<div>    \u00a0<\/div>\n<div>\n<p align=\"center\"> <span lang=\"FR-CH\"><font><strong>Les Tunisiens face au     projet de Charte arabe de la t\u00e9l\u00e9vision<\/strong><\/font><\/span><\/p>\n<p align=\"center\"> <span lang=\"FR-CH\"><strong><\/p>\n<h2 style=\"color: red;\"><font size=\"3\">Contrepoids \u00e0 la     libert\u00e9 d&rsquo;expression et de cr\u00e9ation ?<\/font><\/h2>\n<p><\/strong><\/span><\/p>\n<p> <span lang=\"FR-CH\">\u00a0<\/span><\/p>\n<p> <strong><font><span lang=\"FR-CH\">    * Il y a actuellement 500 cha\u00eenes satellitaires arabes ; en 2010 elles     seront 2000 ; est-on s\u00fbr que les enjeux ne sont pas commerciaux ?<\/span><\/font><\/strong><\/p>\n<p> <span lang=\"FR-CH\">\u00a0<\/span><\/p>\n<p> <span lang=\"FR-CH\">Comme dans     tous les autres pays arabes, l&rsquo;opinion publique en Tunisie a \u00e9t\u00e9 attentive     aux r\u00e9centes initiatives de la Ligue arabe tendant \u00e0 l&rsquo;adoption d&rsquo;une Charte     arabe de la t\u00e9l\u00e9vision et qui ont aliment\u00e9, derni\u00e8rement, les d\u00e9bats, \u00e0     l&rsquo;occasion de la journ\u00e9e mondiale de la libert\u00e9 de la presse, le 3 mai.<\/span><\/p>\n<p> <span lang=\"FR-CH\">\u00a0<\/span><\/p>\n<p> <span lang=\"FR-CH\">    Officiellement, l&rsquo;id\u00e9e est justifi\u00e9e par l&rsquo;explosion des cha\u00eenes de     t\u00e9l\u00e9vision satellitaires arabes, dont le nombre s&rsquo;\u00e9l\u00e8ve actuellement \u00e0 500     cha\u00eenes , dans tout le monde arabe, et qui devrait atteindre, selon les     pr\u00e9visions, 2000 cha\u00eenes en 2012. Le projet vise donc \u00e0 adopter une Charte     arabe ou un ensemble de directives arabes communes pour mettre de l&rsquo;ordre     dans le secteur. La Tunisie poss\u00e8de quatre cha\u00eenes, tandis que l&rsquo;Irak compte     une quarantaine de cha\u00eenes, toutes nouvellement cr\u00e9\u00e9es malgr\u00e9 la situation     pr\u00e9caire qui y r\u00e8gne. Certains pays arabes disposent de plus de soixante     cha\u00eenes.<\/span><\/p>\n<p> <span lang=\"FR-CH\">\u00a0<\/span><\/p>\n<h6 style=\"color: blue;\"><span lang=\"FR-CH\"> <font size=\"2\">R\u00e9ticence<\/font><\/span><\/h6>\n<p>\u00a0<\/p>\n<p> <span lang=\"FR-CH\">Les     professionnels et les exploitants des cha\u00eenes priv\u00e9es, en particulier, se     sont montr\u00e9s, d\u00e9j\u00e0, r\u00e9ticents \u00e0 l&rsquo;\u00e9gard du projet, au nom de la libert\u00e9     d&rsquo;expression et de cr\u00e9ation. Pour eux, la t\u00e9l\u00e9vision rel\u00e8ve de la presse et     des industries artistiques et culturelles, car, soulignent-ils, outre     l&rsquo;information, les cha\u00eenes de t\u00e9l\u00e9vision produisent et diffusent des     programmes culturels, des films, de la musique, des chansons, retransmettent     les manifestations culturelles et sportives de sorte que la libert\u00e9     d&rsquo;expression, de cr\u00e9ation, de production et de diffusion soit jug\u00e9e vitale     pour la survie de la t\u00e9l\u00e9vision.<\/span><\/p>\n<p> <span lang=\"FR-CH\">\u00a0<\/span><\/p>\n<p> <span lang=\"FR-CH\">La ligue     arabe entend d&rsquo;ailleurs organiser des rencontres officielles avec les     professionnels de la t\u00e9l\u00e9vision, dans les divers pays arabes, pour     recueillir leurs avis sur le sujet.<\/span><\/p>\n<p> <span lang=\"FR-CH\">\u00a0<\/span><\/p>\n<p> <span lang=\"FR-CH\">Mais, \u00e0     l&rsquo;instar des t\u00e9l\u00e9spectateurs arabes et des autres pays d\u00e9velopp\u00e9s et en voie     de d\u00e9veloppement, des citoyens tunisiens interrog\u00e9s semblent ne pas \u00eatre     trop dupes de \u00a0\u00bbcette\u00a0 rh\u00e9torique\u00a0\u00bb , en faisant une nette distinction entre     l&rsquo;int\u00e9r\u00eat propre des t\u00e9l\u00e9spectateurs et celui des professionnels et des     exploitants des cha\u00eenes de t\u00e9l\u00e9vision.<\/span><\/p>\n<p> <span lang=\"FR-CH\">\u00a0<\/span><\/p>\n<p> <span lang=\"FR-CH\">\u00a0\u00bbLes     int\u00e9r\u00eats des deux parties ne convergent pas n\u00e9cessairement, nous a dit un     citoyen ajoutant que les Cha\u00eenes de t\u00e9l\u00e9vision sont devenues des entreprises     commerciales de sorte que les programmes t\u00e9l\u00e9vis\u00e9s doivent \u00eatre consid\u00e9r\u00e9s     comme des produits et\u00a0 des marchandises, au m\u00eame titre que tous les autres     produits et marchandises offerts sur le march\u00e9 et dans le commerce. Pour     cette raison, les programmes des t\u00e9l\u00e9visions doivent r\u00e9pondre \u00e0 certaines     normes \u00e0 l&rsquo;image du concentr\u00e9 de tomate qui doit r\u00e9pondre \u00e0 certaines normes     pour ne pas nuire \u00e0 la sant\u00e9 des consommateurs.<\/span><\/p>\n<p> <span lang=\"FR-CH\">\u00a0<\/span><\/p>\n<p> <span lang=\"FR-CH\">Un     pr\u00e9sentateur de la t\u00e9l\u00e9vision ne peut pas utiliser n&rsquo;importe quel langage ou     vocabulaire pour exprimer ses id\u00e9es, a fait remarquer un autre.<\/span><\/p>\n<p> <span lang=\"FR-CH\">\u00a0<\/span><\/p>\n<p> <span lang=\"FR-CH\">De nombreux     pays d\u00e9velopp\u00e9s d&rsquo;Europe, d&rsquo;Am\u00e9rique, d&rsquo;Asie et d&rsquo;autres pays ont mis en     place des Instances nationales ind\u00e9pendantes charg\u00e9es de veiller \u00e0     l&rsquo;observation des normes adopt\u00e9es en mati\u00e8re de t\u00e9l\u00e9vision et de     l&rsquo;audio-visuel, sous l&rsquo;appellation de Conseils de l&rsquo;Audiovisuel, de la     Communication et autres noms du genre.<\/span><\/p>\n<p> <span lang=\"FR-CH\">\u00a0<\/span><\/p>\n<h6 style=\"color: blue;\"><span lang=\"FR-CH\"> <font size=\"2\">Un besoin tr\u00e8s co\u00fbteux<\/font><\/span><\/h6>\n<p>\u00a0<\/p>\n<p> <span lang=\"FR-CH\">Cependant,     beaucoup de nos interlocuteurs se sont d\u00e9clar\u00e9s \u00eatre davantage pr\u00e9occup\u00e9s\u00a0     par les charges financi\u00e8res lourdes que la t\u00e9l\u00e9vision occasionne pour le     budget des m\u00e9nages.<\/span><\/p>\n<p> <span lang=\"FR-CH\">\u00a0<\/span><\/p>\n<p> <span lang=\"FR-CH\">Selon eux, la     t\u00e9l\u00e9vision est devenue un besoin tr\u00e8s co\u00fbteux, justement apr\u00e8s l&rsquo;expansion     des modes de diffusion satellitaire et num\u00e9rique qui obligent les usagers et     les familles plus particuli\u00e8rement \u00e0 acqu\u00e9rir et \u00e0 entretenir,     p\u00e9riodiquement, des antennes paraboliques et des r\u00e9cepteurs num\u00e9riques pour     pouvoir capter les cha\u00eenes.<\/span><\/p>\n<p> <span lang=\"FR-CH\">\u00a0<\/span><\/p>\n<p> <span lang=\"FR-CH\">L&rsquo;un d&rsquo;eux a     dit d\u00e9penser pr\u00e8s de cinquante dinars par mois pour la t\u00e9l\u00e9vision, entre     taxes, entretien et achat de cartes intelligentes.<\/span><\/p>\n<p> <span lang=\"FR-CH\">\u00a0<\/span><\/p>\n<p> <span lang=\"FR-CH\">Les gens acceptent toutes les options commerciales pour     avoir acc\u00e8s aux innombrables cha\u00eenes satellitaires qui leur sont offertes, y     compris des services fournis \u00e0 la limite de la l\u00e9galit\u00e9, comme le patching     qui consiste \u00e0 contourner les codes des cha\u00eenes cod\u00e9es. De nouveaux     r\u00e9cepteurs num\u00e9riques sont propos\u00e9s, r\u00e9guli\u00e8rement, sur le march\u00e9, dans le     m\u00eame but, poussant les gens \u00e0 les acqu\u00e9rir pour renouveler leurs anciens     r\u00e9cepteurs devenus inaptes \u00e0 remplir cette fonction.<\/span><\/p>\n<p> <span lang=\"FR-CH\">\u00a0<\/span><\/p>\n<p> <span lang=\"FR-CH\">Dans le     sillage, des d\u00e9panneurs, \u00e0 la sauvette, et sans qualification, en mati\u00e8re     d&rsquo;antennes paraboliques et de r\u00e9cepteurs num\u00e9riques, ont pullul\u00e9, un peu     partout, r\u00e9clamant pour la seule op\u00e9ration, des frais \u00e9quivalents aux tarifs     de la consultation d&rsquo;un m\u00e9decin sp\u00e9cialiste.<\/span><\/p>\n<p> <span lang=\"FR-CH\">\u00a0<\/span><\/p>\n<p> <strong><font><span>Salah BEN\u00a0     HAMADI<\/span><\/font><\/strong><\/p>\n<p> <span dir=\"rtl\" lang=\"AR-SA\">\u00a0<\/span><\/p>\n<p> <b> <span lang=\"FR-CH\">    (Source\u00a0: \u00ab\u00a0Le Temps\u00a0\u00bb (Quotidien &#8211; Tunis), le 8 mai 2008)<\/span><\/b><\/p>\n<\/div>\n<div>\n<hr\/><\/div>\n<p align=\"center\"> <span lang=\"FR-CH\"><font><strong> <font face=\"Arial\">Rencontres Chor\u00e9graphiques de Carthage<\/font><\/strong><\/font><\/span><\/p>\n<p align=\"center\"> <span lang=\"FR-CH\"><strong><\/p>\n<h2 style=\"color: red;\"><font face=\"Arial\">Lutter contre   l&rsquo;obscurantisme, contre les totalitarisme : Danse l&rsquo;Afrique danse<\/font><\/h2>\n<p><\/strong><\/span><\/p>\n<p> <span lang=\"FR-CH\">\u00a0<\/span><\/p>\n<p> <b> <span lang=\"FR-CH\">  * Palmar\u00e8s : L\u2019Afrique du Sud,\u00a0 premier prix, et la Tunisie, prix RFI<\/span><\/b><\/p>\n<p> <b> <span lang=\"FR-CH\">  * Hommage de Sihem Belkhoudja \u00e0 Dorra Bouzid,\u00a0 pionni\u00e8re de la Danse en   Tunisie: \u00ab\u00a0C&rsquo;est gr\u00e2ce \u00e0 elle qu&rsquo;ont \u00e9merg\u00e9 les danseurs et chor\u00e9graphes   d&rsquo;aujourd&rsquo;hui\u00a0\u00bb<\/span><\/b><\/p>\n<p> <span lang=\"FR-CH\">\u00a0<\/span><\/p>\n<p> <span lang=\"FR-CH\"><font face=\"Arial\" size=\"2\">\u00a0Soir\u00e9e de remise des prix de   Danse l&rsquo;Afrique danse au th\u00e9\u00e2tre mardi dernier, Soir\u00e9e tr\u00e8s sympathique&#8230; o\u00f9   encore une fois on revoyait le jury, o\u00f9 encore une fois on se remerciait les   uns, les autres&#8230; mais il faut toujours une emphase conviviale, amicale pour   donner \u00e0 la soir\u00e9e un air festif&#8230; longuet mais r\u00e9ussi !<\/font><\/span><\/p>\n<p> <span lang=\"FR-CH\">\u00a0<\/span><\/p>\n<p> <span lang=\"FR-CH\">Le \u00ab\u00a0bin\u00f4me   infernal\u00a0\u00bb, Sophie Raynaud et Syhem Belkhodja ont anim\u00e9 la Soir\u00e9e. <\/span><\/p>\n<p> <span lang=\"FR-CH\">\u00a0<\/span><\/p>\n<p> <span lang=\"FR-CH\">\u00a0Prix RFI \u00e0   N\u00e8jib Ben Khalfallah qui voit ainsi consacrer son travail de chor\u00e9graphe et de   danseur. Etrange silhouette de cet artiste \u00e0 la r\u00e9serve et \u00e0 la modestie   exemplaires.<\/span><\/p>\n<p> <span lang=\"FR-CH\">\u00a0<\/span><\/p>\n<p> <span lang=\"FR-CH\">Dans la   cat\u00e9gorie solo le danseur s\u00e9n\u00e9galais Pape Ibrahim Ndiaye dit Kaolack avec le   \u00ab\u00a0j&rsquo;accuse\u00a0\u00bb, dans la cat\u00e9gorie pi\u00e8ce collective, le premier prix est all\u00e9 \u00e0 la   troupe Thaliso Pule, Anzole du sud pour sa pi\u00e8ce Karonano. Aux prix ont   succ\u00e9d\u00e9 les spectacles&#8230; le public aussi tr\u00e8s nombreux \u00e0 \u00e9t\u00e9 vivement   remerci\u00e9&#8230; par culturesfrance et encourag\u00e9 \u00e0 continuer \u00e0 investir les espaces   culturels. Mais il le sait d\u00e9j\u00e0 ! <\/span><\/p>\n<p> <span lang=\"FR-CH\">\u00a0<\/span><\/p>\n<p> <span lang=\"FR-CH\">Bel hommage   aussi \u00e0 Dorra Bouzid, fondatrice de la soir\u00e9e des Ecoles de Danse de 1976 \u00e0   1988 qui a ainsi fait \u00e9merger les danseurs et chor\u00e9graphes d&rsquo;aujourd&rsquo;hui, dont   Syhem Belkhodja et Imed Jem\u00e2a.<\/span><\/p>\n<p> <span lang=\"FR-CH\">\u00a0<\/span><\/p>\n<p> <span lang=\"FR-CH\">Ce qu&rsquo;il faut   retenir c&rsquo;est que durant toute cette semaine nous avons bien compris combien   il est n\u00e9cessaire de travailler, d&rsquo;\u0153uvrer pour l&rsquo;art, de combattre pou l&rsquo;art   certains dangers obscurantistes.<\/span><\/p>\n<p> <span lang=\"FR-CH\">\u00a0<\/span><\/p>\n<p> <span lang=\"FR-CH\">Fadhel Ja\u00efbi,   notre dramaturge pr\u00e9f\u00e9r\u00e9, n&rsquo;a eu cesse de le rappeler, jury, durant la   manifestation, il a soulign\u00e9 l&rsquo;importance des ponts jet\u00e9s entre les arts, des   passerelles riv\u00e9es aux genres artistiques.<\/span><\/p>\n<p> <span lang=\"FR-CH\">\u00a0<\/span><\/p>\n<p> <span lang=\"FR-CH\">Lutter contre   l&rsquo;extr\u00e9misme, lutter contre l&rsquo;ignorance, contre l&rsquo;uniformisation, contre les   totalitarismes de tout bord, c&rsquo;est aussi cela Danse l&rsquo;Afrique danse !<\/span><\/p>\n<p> <span lang=\"FR-CH\">\u00a0<\/span><\/p>\n<p> <strong><font face=\"Arial\" size=\"2\"> <span lang=\"FR-CH\">Marianne CATZARAS<\/span><\/font><\/strong><\/p>\n<p> <span lang=\"FR-CH\">\u00a0<\/span><\/p>\n<p> <span lang=\"FR-CH\"><font face=\"Arial\" size=\"2\"><strong>  (Source\u00a0: \u00ab\u00a0Le Temps\u00a0\u00bb (Quotidien &#8211; Tunis), le 8 mai 2008)<\/strong><\/font><\/span><\/p>\n<p> <strong><\/strong><\/p>\n<hr\/>\n<p align=\"center\"> <b><span><font>\u00a0<span lang=\"EN-GB\">Conf\u00e9rence   d\u00e9bat- po\u00e9sie-musique<\/span><\/font><\/span><\/b><\/p>\n<p align=\"center\"> <b> <span lang=\"EN-GB\">  Vendredi 16 Mai \u00e0 18 h<\/span><\/b><\/p>\n<h2 align=\"center\" style=\"color: red;\"> <span lang=\"SV\"> <\/p>\n<h3 style=\"color: blue;\"><font>17 rue de l\u2019Avre Paris 75015 Metro la   motte-piquet-grenelle<\/font><\/h3>\n<p><\/span><\/h2>\n<p> <b><span lang=\"SV\">  Soixante ans des crimes\u00a0et d\u2019imput\u00e9<\/span><span dir=\"rtl\" lang=\"AR-SA\">:  <\/span><\/b> <span lang=\"SV\">  Expulsion<\/span><span lang=\"SV\"><font>   et d\u00e9possession des Palestinien, destruction de milliers des maisons,<strong><span>   nettoyage ethnique<\/span><\/strong> des villages, massacre de la population   comme \u00e0 Deir Yassine et \u00e0 Dj\u00e9nine<\/font><span>. <\/span> <\/span><\/p>\n<p> <span lang=\"EN-GB\">  Soixante ans des guerres imp\u00e9rialistes avec la complicit\u00e9 des r\u00e9gimes arabes.  <\/span> <span dir=\"rtl\" lang=\"AR-SA\">  \u00a0<\/span><span lang=\"EN-GB\">Soixante   ans\u00a0 des r\u00e9solutions des nations unis, de non respect et de non application   du\u00a0 doit international. <\/span><\/p>\n<p> <span lang=\"EN-GB\">  Soixante ans de deux poids deux mesures, d\u2019incapacit\u00e9, d\u2019inefficacit\u00e9 face \u00e0   ce drame\u00a0 <\/span><\/p>\n<p> <b> <span lang=\"EN-GB\">  Soixante ans de r\u00e9sistance<\/span><\/b><span dir=\"rtl\" lang=\"AR-SA\">:  <\/span> <span lang=\"EN-GB\">  Face \u00e0 ces crimes, le peuple de la Palestine continue sa\u00a0 lutte pour son   ind\u00e9pendance.<span dir=\"rtl\"> <\/span>Soixante ans de r\u00e9sistance h\u00e9ro\u00efque..Le   peuple Palestinien est devenu le symbole de la lutte des peuples pour leur   souverainet\u00e9 et leur autod\u00e9termination contre l\u2019imp\u00e9rialisme et ses alli\u00e9s.  <\/span><\/p>\n<p> <span lang=\"EN-GB\">A   cette occasion, la Rencontre Culturelle Euro Arabe vous\u00a0 invite \u00e0 participer \u00e0   cette soir\u00e9e en signe de solidarit\u00e9 avec le peuple palestinien. <\/span> <span dir=\"rtl\" lang=\"AR-SA\">  \u00a0<\/span><span lang=\"EN-GB\">Soutenant   le droit au retour\u00a0 de tous les\u00a0 palestiniens dans leurs foyers d\u2019origine et   de tous les expuls\u00e9s depuis 1948.<\/span><\/p>\n<p> <span lang=\"EN-GB\">  Soutenez le combat juste du peuple palestinien\u00a0 pour son ind\u00e9pendance\/<\/span><\/p>\n<h3 style=\"color: blue;\"> <span lang=\"EN-GB\">  RENCONTRE CULTURELLE EURO ARABE<\/span><\/h3>\n<h3 style=\"color: blue;\">\n<h3 style=\"color: blue;\"><font> <span lang=\"EN-GB\">17 rue de   l\u2019Avre Paris 75015<\/span><\/font><\/h3>\n<\/h3>\n<h3 style=\"color: blue;\"> <span lang=\"EN-GB\"> <font>Euroarabe.org<\/font><\/span><\/h3>\n<h3 style=\"color: blue;\"> <span lang=\"EN-GB\"> <a href=\"http:\/\/fr.f265.mail.yahoo.com\/ym\/Compose?To=Info@euroarabe.org\" rel=\"nofollow noopener\" target=\"_blank\" ymailto=\"mailto:Info@euroarabe.org\">  Info@euroarabe.org<\/a><\/span><\/h3>\n<p> <span lang=\"DE-CH\"> <font>\u00a0<\/font><\/span><\/p>\n<p><strong><\/strong><\/p>\n<hr\/>\n<p align=\"center\"> <strong><\/p>\n<h3 style=\"color: blue;\"><font size=\"3\">Turquie &#8211; Le pr\u00e9sident promulgue la   r\u00e9forme de l&rsquo;article 301<\/font><\/h3>\n<p><\/strong><\/p>\n<p> <span dir=\"rtl\" lang=\"AR-SA\"> <font>\u00a0<\/font><\/span><\/p>\n<p> <font> <span lang=\"FR-CH\">Reuters, le 8   mai 2008 \u00e0 <\/span> <span dir=\"rtl\" lang=\"AR-SA\">09<\/span><span lang=\"FR-CH\">h<\/span><span dir=\"rtl\" lang=\"AR-SA\">43<\/span><\/font><\/p>\n<p> <span lang=\"FR-CH\"> <font>\u00a0<\/font><\/span><\/p>\n<p> <span lang=\"FR-CH\"> <font>ANKARA, 8 mai (Reuters) &#8211; Le pr\u00e9sident turc, Abdullah   Gul, a promulgu\u00e9 mercredi soir la r\u00e9forme de l&rsquo;article 301 qui, selon<\/font><\/span><\/p>\n<p> <span lang=\"FR-CH\"> <font>l&rsquo;Union europ\u00e9enne, limitait la libert\u00e9 d&rsquo;expression en   Turquie et repr\u00e9sentait un obstacle \u00e0 une \u00e9ventuelle adh\u00e9sion europ\u00e9enne   d&rsquo;Ankara.<\/font><\/span><\/p>\n<p> <span lang=\"FR-CH\"> <font>La r\u00e9forme de cet article du code p\u00e9nal, approuv\u00e9e fin   avril par le parlement turc, a \u00e9t\u00e9 publi\u00e9e au Journal officiel et entrera en   vigueur ce jeudi.<\/font><\/span><\/p>\n<p> <span lang=\"FR-CH\"> <font>L&rsquo;article 301 du code p\u00e9nal turc avait \u00e9t\u00e9 utilis\u00e9 afin   de poursuivre des centaines d&rsquo;\u00e9crivains, dont le prix Nobel de litt\u00e9rature   Orhan Pamuk, pour \u00ab\u00a0insulte \u00e0 l&rsquo;identit\u00e9 turque\u00a0\u00bb.<\/font><\/span><\/p>\n<p> <span lang=\"FR-CH\"> <font>Le nouveau texte pr\u00e9voit qu&rsquo;il sera d\u00e9sormais interdit   de critiquer \u00ab\u00a0la nation turque\u00a0\u00bb, et non plus l&rsquo;identit\u00e9 turque, et que des   poursuites ne pourront \u00eatre engag\u00e9es sans l&rsquo;accord du ministre de la Justice.   La peine maximale pr\u00e9vue sera r\u00e9duite de trois ans \u00e0 deux ans de prison.<\/font><\/span><\/p>\n<p> <span lang=\"FR-CH\"> <font>Des \u00e9crivains et \u00e9diteurs, craignant que de fr\u00e9quentes   poursuites continuent malgr\u00e9 tout \u00e0 les viser, ont soulign\u00e9 que<\/font><\/span><\/p>\n<p> <span lang=\"EN-GB\"> <font>les changements apport\u00e9s \u00e0 l&rsquo;article 301 \u00e9taient mineurs   et que d&rsquo;autres lois restreignant la libert\u00e9 d&rsquo;expression \u00e9taient toujours en   vigueur.<\/font><\/span><\/p>\n<p>\u00a0<\/p>\n<hr\/>\n<p>\u00a0<\/p>\n<p>  \u00a0<\/p>\n<p> <font> <\/p>\n<p align=\"center\"> <b><span lang=\"FR-CH\">Crises et luttes de   pouvoir: la direction de l&rsquo;islam de France paralys\u00e9e<\/span><\/b><\/p>\n<p> <b><span lang=\"FR-CH\">\u00a0<\/span><\/b><\/p>\n<p> <span lang=\"FR-CH\">AFP, le 8 mai   2008 \u00e0 <\/span> <span dir=\"rtl\" lang=\"AR-SA\">11<\/span><span lang=\"FR-CH\">h<\/span><span dir=\"rtl\" lang=\"AR-SA\">41<\/span><\/p>\n<p> <b><span lang=\"FR-CH\">\u00a0<\/span><\/b><\/p>\n<p> <strong><font>Par Anne-Laure MONDESERT<\/font><\/strong><\/p>\n<p> <span lang=\"FR-CH\">\u00a0<\/span><\/p>\n<p> <span lang=\"FR-CH\">PARIS, 8 mai   2008 (AFP) &#8211; L&rsquo;initiative du gouvernement de doter l&rsquo;islam de France d&rsquo;un   organe officiel pour organiser son culte semble avoir d\u00e9bouch\u00e9 sur une   impasse: en cinq ans d&rsquo;existence, l&rsquo;institution n&rsquo;a cess\u00e9 d&rsquo;\u00eatre paralys\u00e9e par   des crises \u00e0 r\u00e9p\u00e9tition et des luttes de pouvoir.<\/span><\/p>\n<p> <span lang=\"FR-CH\">Cr\u00e9\u00e9 en 2003   par Nicolas Sarkozy, alors ministre de l&rsquo;Int\u00e9rieur, le Conseil fran\u00e7ais du   culte musulman (CFCM) \u00e9tait destin\u00e9 \u00e0 organiser la deuxi\u00e8me religion du pays   (4 \u00e0 5 millions de fid\u00e8les), pour la sortir \u00ab\u00a0de la clandestinit\u00e9\u00a0\u00bb et la   \u00ab\u00a0couper de ses influences \u00e9trang\u00e8res\u00a0\u00bb.<\/span><\/p>\n<p> <span lang=\"FR-CH\">Parmi ses   t\u00e2ches, la construction de mosqu\u00e9es, la cr\u00e9ation de carr\u00e9s musulmans dans les   cimeti\u00e8res, la nomination d&rsquo;aum\u00f4niers dans les prisons ou les h\u00f4pitaux,   l&rsquo;organisation de l&rsquo;abattage rituel.<\/span><\/p>\n<p> <span lang=\"FR-CH\">Mais cinq ans   apr\u00e8s, le bilan semble bien maigre. \u00ab\u00a0Ca ne fonctionne pas\u00a0\u00bb, constate le   chercheur Olivier Roy, sp\u00e9cialiste de<\/span><\/p>\n<p> <span lang=\"FR-CH\">l&rsquo;islam. \u00ab\u00a0Par   exemple, former des imams: z\u00e9ro, nommer des aum\u00f4niers: z\u00e9ro, assurer une   repr\u00e9sentation efficace comme intervenir dans les d\u00e9bats de soci\u00e9t\u00e9: z\u00e9ro\u00a0\u00bb.<\/span><\/p>\n<p> <span lang=\"FR-CH\">\u00ab\u00a0Nous avons   failli \u00e0 notre mission\u00a0\u00bb, reconna\u00eet Chems Eddine<\/span><\/p>\n<p> <span lang=\"FR-CH\">Hafiz, membre   du bureau du CFCM. \u00ab\u00a0L&rsquo;activit\u00e9 a \u00e9t\u00e9 plomb\u00e9e par les conflits, les   antagonismes des uns et des autres\u00a0\u00bb.<\/span><\/p>\n<p> <span lang=\"FR-CH\">Pour les   experts, la principale cause de cet \u00e9chec est le r\u00f4le jou\u00e9 par des pays tiers.   \u00ab\u00a0On est dans un conflit entre Maroc et Alg\u00e9rie pour le contr\u00f4le des musulmans   fran\u00e7ais\u00a0\u00bb, juge Olivier Roy.<\/span><\/p>\n<p> <span lang=\"FR-CH\">Derni\u00e8re crise   en date: un conflit sur la pr\u00e9sidence du CFCM, \u00e0 l&rsquo;approche d&rsquo;\u00e9lections   pr\u00e9vues en juin pour renouveler la direction.<\/span><\/p>\n<p> <span lang=\"FR-CH\">Le pr\u00e9sident   sortant, Dalil Boubakeur, de la F\u00e9d\u00e9ration de la Grande Mosqu\u00e9e de Paris (GMP,   sous influence de l&rsquo;Alg\u00e9rie), r\u00e9put\u00e9 incarner un islam mod\u00e9r\u00e9, a menac\u00e9 de ne   pas participer \u00e0 l&rsquo;\u00e9lection en d\u00e9non\u00e7ant les crit\u00e8res de d\u00e9signation des   d\u00e9l\u00e9gu\u00e9s \u00e9lecteurs.<\/span><\/p>\n<p> <span lang=\"FR-CH\">De son c\u00f4t\u00e9, le   gouvernement a dit son \u00ab\u00a0attachement \u00e0 la p\u00e9rennit\u00e9 du CFCM\u00a0\u00bb et sa volont\u00e9 \u00ab\u00a0que   toutes les tendances participent\u00a0\u00bb aux futures \u00e9lections.<\/span><\/p>\n<p> <span lang=\"FR-CH\">Outre la   F\u00e9d\u00e9ration de la Grande Mosqu\u00e9e de Paris, le CFCM regroupe l&rsquo;Union des   organisations islamiques de France (UOIF, proche des Fr\u00e8res musulmans   \u00e9gyptiens), la F\u00e9d\u00e9ration nationale des<\/span><\/p>\n<p> <span lang=\"FR-CH\">musulmans de   France (FNMF, proche du Maroc) et le Comit\u00e9 de coordination des musulmans   turcs de France (CCMTF).<\/span><\/p>\n<p> <span lang=\"FR-CH\">L&rsquo;anthropologue   Dounia Bouzar, ex-membre du CFCM, qui en avait d\u00e9missionn\u00e9 en janvier 2005,   critique l&rsquo;ambiguit\u00e9 de cette instance.<\/span><\/p>\n<p> <span lang=\"FR-CH\">\u00ab\u00a0Le probl\u00e8me du   CFCM, c&rsquo;est que le gouvernement n&rsquo;est pas clair sur sa fonction\u00a0\u00bb, juge-t-elle.   \u00ab\u00a0Un coup on y fait de la diplomatie de seconde zone, c&rsquo;est \u00e0 dire qu&rsquo;on g\u00e8re   les relations avec l&rsquo;Alg\u00e9rie et le Maroc, un coup on veut construire l&rsquo;islam   de France\u00a0\u00bb.<\/span><\/p>\n<p> <span lang=\"FR-CH\">\u00ab\u00a0On ne s&rsquo;en   sortira pas tant que les gens du CFCM ne seront pas des musulmans n\u00e9s en   France, qui n&rsquo;ont pas d&rsquo;autre type de relation qu&rsquo;affective avec le pays de   leurs parents\u00a0\u00bb, poursuit-elle.<\/span><\/p>\n<p> <span lang=\"FR-CH\">M\u00eame si elle   regrette que le CFCM soit \u00ab\u00a0un loup\u00e9\u00a0\u00bb, elle estime toutefois que sa cr\u00e9ation a   permis \u00ab\u00a0une prise de conscience que l&rsquo;islam est une religion de France, et non   plus la religion des \u00e9trangers ou des immigr\u00e9s\u00a0\u00bb.<\/span><\/p>\n<p> <span lang=\"FR-CH\">Un autre   sp\u00e9cialiste, Ghaleb Bencheikh, souligne qu&rsquo;il n&rsquo;existe pas d&rsquo;autorit\u00e9 centrale   dans l&rsquo;islam et qu&rsquo;avoir \u00ab\u00a0voulu en cr\u00e9er une co\u00fbte que co\u00fbte avec le CFCM pose   probl\u00e8me\u00a0\u00bb.<\/span><\/p>\n<p> <span lang=\"FR-CH\">Pour   l&rsquo;universitaire Abdelwahab Meddeb, la difficult\u00e9 r\u00e9side dans la cohabitation   de trois tendances \u00ab\u00a0conflictuelles\u00a0\u00bb: \u00ab\u00a0un conflit entre l&rsquo;islam traditionnel,   l&rsquo;islam officiel des Etats et l&rsquo;islam comme id\u00e9ologie de combat\u00a0\u00bb, cette   derni\u00e8re incarn\u00e9e selon lui par l&rsquo;UOIF.<\/span><\/p>\n<p> <span lang=\"FR-CH\">Pour lui, la   solution passe par l&rsquo;entr\u00e9e dans cette institution de la\u00efcs, qui repr\u00e9sentent   l&rsquo;immense majorit\u00e9 des musulmans.<\/span><\/p>\n<p> <span lang=\"FR-CH\">Moins de 10%   des musulmans de France sont des pratiquants r\u00e9guliers, qui se rendent au   moins une fois par semaine \u00e0 la mosqu\u00e9e.<\/span><\/p>\n<p> <span lang=\"FR-CH\">\u00a0<\/span><\/p>\n<\/p>\n<p><\/font>\u00a0    <\/p>\n<p> \u00a0<\/p>\n<\/div>\n<p><\/font><\/p>\n<p align=\"left\" dir=\"ltr\">\u00a0<\/p>\n<p align=\"center\" dir=\"ltr\"><b><a href=\"http:\/\/www.tunisnews.net\"><font face=\"Arial\"><span><font size=\"2\">Home<\/font><\/span><font size=\"2\"><span lang=\"FR-CH\"> &#8211; Accueil <\/span><span>&#8211; <\/span><\/font><\/font><span dir=\"rtl\" lang=\"AR-SA\"><font size=\"2\">\u0627\u0644\u0631\u0626\u064a\u0633\u064a\u0629<\/font><\/span><\/a><\/b><\/p>\n<p><\/body><\/body><\/html><\/p>\n","protected":false},"excerpt":{"rendered":"<p>Home &#8211; Accueil TUNISNEWS 9\u00a0\u00e8me\u00a0ann\u00e9e, N\u00b0 \u00a02907\u00a0du 08.05.2008 \u00a0archives : www.tunisnews.net AISPP:\u00a0 Proc\u00e8s du 7 mai AISPP: O. Amami et A. Sassi en gr\u00e8ve de la faim Comit\u00e9 de soutien aux luttes du bassin minier de Gafsa \u00e0 Paris: Face \u00e0 l\u2019encerclement policier :\u00a0 La population de Redeyef d\u00e9cide de quitter sa Ville Appel au [&hellip;]<\/p>\n","protected":false},"author":1,"featured_media":22040,"comment_status":"open","ping_status":"open","sticky":false,"template":"","format":"standard","meta":{"inline_featured_image":false,"site-sidebar-layout":"default","site-content-layout":"","ast-site-content-layout":"default","site-content-style":"default","site-sidebar-style":"default","ast-global-header-display":"","ast-banner-title-visibility":"","ast-main-header-display":"","ast-hfb-above-header-display":"","ast-hfb-below-header-display":"","ast-hfb-mobile-header-display":"","site-post-title":"","ast-breadcrumbs-content":"","ast-featured-img":"","footer-sml-layout":"","ast-disable-related-posts":"","theme-transparent-header-meta":"","adv-header-id-meta":"","stick-header-meta":"","header-above-stick-meta":"","header-main-stick-meta":"","header-below-stick-meta":"","astra-migrate-meta-layouts":"default","ast-page-background-enabled":"default","ast-page-background-meta":{"desktop":{"background-color":"","background-image":"","background-repeat":"repeat","background-position":"center center","background-size":"auto","background-attachment":"scroll","background-type":"","background-media":"","overlay-type":"","overlay-color":"","overlay-opacity":"","overlay-gradient":""},"tablet":{"background-color":"","background-image":"","background-repeat":"repeat","background-position":"center center","background-size":"auto","background-attachment":"scroll","background-type":"","background-media":"","overlay-type":"","overlay-color":"","overlay-opacity":"","overlay-gradient":""},"mobile":{"background-color":"","background-image":"","background-repeat":"repeat","background-position":"center center","background-size":"auto","background-attachment":"scroll","background-type":"","background-media":"","overlay-type":"","overlay-color":"","overlay-opacity":"","overlay-gradient":""}},"ast-content-background-meta":{"desktop":{"background-color":"var(--ast-global-color-5)","background-image":"","background-repeat":"repeat","background-position":"center center","background-size":"auto","background-attachment":"scroll","background-type":"","background-media":"","overlay-type":"","overlay-color":"","overlay-opacity":"","overlay-gradient":""},"tablet":{"background-color":"var(--ast-global-color-5)","background-image":"","background-repeat":"repeat","background-position":"center center","background-size":"auto","background-attachment":"scroll","background-type":"","background-media":"","overlay-type":"","overlay-color":"","overlay-opacity":"","overlay-gradient":""},"mobile":{"background-color":"var(--ast-global-color-5)","background-image":"","background-repeat":"repeat","background-position":"center center","background-size":"auto","background-attachment":"scroll","background-type":"","background-media":"","overlay-type":"","overlay-color":"","overlay-opacity":"","overlay-gradient":""}},"footnotes":""},"categories":[],"tags":[57,39,29],"class_list":["post-18055","post","type-post","status-publish","format-standard","has-post-thumbnail","hentry","tag-57","tag-39","tag-fr"],"_links":{"self":[{"href":"https:\/\/tunisnews.net\/ar\/wp-json\/wp\/v2\/posts\/18055","targetHints":{"allow":["GET"]}}],"collection":[{"href":"https:\/\/tunisnews.net\/ar\/wp-json\/wp\/v2\/posts"}],"about":[{"href":"https:\/\/tunisnews.net\/ar\/wp-json\/wp\/v2\/types\/post"}],"author":[{"embeddable":true,"href":"https:\/\/tunisnews.net\/ar\/wp-json\/wp\/v2\/users\/1"}],"replies":[{"embeddable":true,"href":"https:\/\/tunisnews.net\/ar\/wp-json\/wp\/v2\/comments?post=18055"}],"version-history":[{"count":0,"href":"https:\/\/tunisnews.net\/ar\/wp-json\/wp\/v2\/posts\/18055\/revisions"}],"wp:featuredmedia":[{"embeddable":true,"href":"https:\/\/tunisnews.net\/ar\/wp-json\/wp\/v2\/media\/22040"}],"wp:attachment":[{"href":"https:\/\/tunisnews.net\/ar\/wp-json\/wp\/v2\/media?parent=18055"}],"wp:term":[{"taxonomy":"category","embeddable":true,"href":"https:\/\/tunisnews.net\/ar\/wp-json\/wp\/v2\/categories?post=18055"},{"taxonomy":"post_tag","embeddable":true,"href":"https:\/\/tunisnews.net\/ar\/wp-json\/wp\/v2\/tags?post=18055"}],"curies":[{"name":"wp","href":"https:\/\/api.w.org\/{rel}","templated":true}]}}