{"id":18030,"date":"2010-11-26T00:00:00","date_gmt":"2010-11-26T00:00:00","guid":{"rendered":"https:\/\/tunisnews.net\/26-novembre-2010\/"},"modified":"2010-11-26T00:00:00","modified_gmt":"2010-11-26T00:00:00","slug":"26-novembre-2010","status":"publish","type":"post","link":"https:\/\/tunisnews.net\/ar\/26-novembre-2010\/","title":{"rendered":"26 novembre 2010"},"content":{"rendered":"<p><html><head><meta content=\"text\/html\" description=\"L\u2019ex prisonnier \n\t\t\t\t\tpolitique Irien Lambazaa, fait face \u00e0 une r\u00e9pression \n\t\t\t\t\tprogramm\u00e9e depuis sa sortie de prison [\u2026]. Il est interdit \n\t\t\t\t\tde d\u00e9placements car soumis \u00e0 une peine compl\u00e9mentaire de \n\t\t\t\t\tcontr\u00f4le administratif ; il est convoqu\u00e9 \u00e0 toute moment par \n\t\t\t\t\tdes instances diff\u00e9rentes qui finalisent des fiches de \n\t\t\t\t\trenseignements \u00e0 son sujet et il est contact\u00e9 par t\u00e9l\u00e9phone \n\t\t\t\t\tpour savoir dans quel lieu il se trouve. Derni\u00e8rement, son \n\t\t\t\t\tdomicile a fait l\u2019objet d\u2019une descente nocturne et aux \n\t\t\t\t\tquestions sur la raison de cette intrusion, on s\u2019est \n\t\t\t\t\tcontent\u00e9 de r\u00e9pondre en confisquant sa carte d\u2019identit\u00e9.\" http-equiv=\"Content-Type\"\/><\/head><body><body><\/p>\n<p align=\"center\" dir=\"ltr\"><font face=\"Arial\" size=\"2\"><b><a href=\"http:\/\/www.tunisnews.net\/\"><span>Home<\/span><span lang=\"FR-CH\"> &#8211; Accuei<\/span><\/a><span lang=\"FR-CH\">l<\/span><\/b><\/font><\/p>\n<div><font face=\"Arial\" size=\"2\"><\/p>\n<div align=\"left\">\n<div>\n<div align=\"center\" dir=\"ltr\"><font face=\"Bookman Old Style\" size=\"7\"><strong>TUNISNEWS\u00a0<\/strong><\/font><strong><font> \u00a0 10 \u00e8me ann\u00e9e, <span lang=\"FR\">N\u00b0 3839 du 26.11.2010 <\/span><\/font><\/strong><span><font face=\"Arial\" size=\"2\"><strong>\u00a0archives :<\/strong><\/font><a target=\"_blank\" rel=\"noopener\"><font face=\"Arial\" size=\"2\"><strong>www.tunisnews.net<\/strong><\/font><\/a><\/span><span lang=\"FR\">\u00a0<\/span><\/div>\n<p><font face=\"Arial\" size=\"2\"><\/p>\n<div>\n<hr\/>\n<\/div>\n<div><strong><\/p>\n<p><font>Libert\u00e9 et Equit\u00e9: R\u00e9pression d\u2019Irien Lambazaa, ex prisonnier politique <font>AISPP: Riadh Cha\u00efbi, professeur de philosophie renvoy\u00e9 en raison d\u2019un rapport de la S\u00fbret\u00e9 <\/font>FTCR: Mise au point <font>Luiza Toscane: Bosnie\u2009: l\u2019Europe interdite aux Arabo-musulmans <\/font>Business News:\u00a0 Tunisie &#8211; La cha\u00eene de Sami Fehri s\u2019appellera Carthage TV  <font>Magharebia: Les jeunes Tunisiens attir\u00e9s par les partis d&rsquo;opposition <\/font>AFP: Egypte: les pressions des USA pourraient amener une th\u00e9ocratie (responsable \u00e9gyptien)  <\/font><\/p>\n<p><font>AFP: France: une enseignante musulmane licenci\u00e9e pour refus d&rsquo;\u00f4ter son voile <\/font><\/p>\n<hr\/>\n<p><\/strong><\/div>\n<div>\n<div align=\"center\"><font size=\"2\">Libert\u00e9\u00a0 pour tous les prisonniers politiques <strong><font>Libert\u00e9 et Equit\u00e9 <\/font><\/strong><font>Organisation Ind\u00e9pendante de Droits Humains 33 rue Mokhtar Atya, 1001, Tunis Tel\/fax : 71 340 860 Liberte.equite@gmail.com <\/font><strong><\/p>\n<h2 style=\"color: red;\"><font size=\"3\">R\u00e9pression d\u2019Irien Lambazaa, ex prisonnier politique<\/font><\/h2>\n<p><\/strong><\/font><\/div>\n<div>\n<hr\/>\n<p> <font size=\"2\"><font>L\u2019ex prisonnier politique Irien Lambazaa, fait face \u00e0 une r\u00e9pression programm\u00e9e depuis sa sortie de prison [\u2026]. Il est interdit de d\u00e9placements car soumis \u00e0 une peine compl\u00e9mentaire de contr\u00f4le administratif ; il est convoqu\u00e9 \u00e0 toute moment par des instances diff\u00e9rentes qui finalisent des fiches de renseignements \u00e0 son sujet et il est contact\u00e9 par t\u00e9l\u00e9phone pour savoir dans quel lieu il se trouve. Derni\u00e8rement, son domicile a fait l\u2019objet d\u2019une descente nocturne et aux questions sur la raison de cette intrusion, on s\u2019est content\u00e9 de r\u00e9pondre en confisquant sa carte d\u2019identit\u00e9. Quant \u00e0 son passeport, monsieur Irien Lambazaa, a pr\u00e9sent\u00e9 \u00e0 quatre reprises des demandes de ce document, un droit qui lui est garanti par la Constitution, la loi et toutes les conventions et pactes internationaux, mais en vain. Irien Lambazaa a travaill\u00e9 longtemps \u00e0 l\u2019\u00e9tranger par le pass\u00e9 et il veut voyager \u00e0 nouveau pour pouvoir faire valoir ses droits \u00e0 la retraite. Monsieur Irien Lambazaa a \u00e9t\u00e9 emprisonn\u00e9 le 23 Janvier 1992 et il est sorti le 23 f\u00e9vrier 2006 apr\u00e8s avoir pass\u00e9 plus de quatorze ans en prison auxquelles il faut ajouter cinq ann\u00e9es de contr\u00f4le administratif. [\u2026] Pour le Bureau ex\u00e9cutif de l\u2019Organisation Le Pr\u00e9sident <\/font><strong><font>Ma\u00eetre Mohammed Nouri <\/font><\/strong><font>(traduction d\u2019extraits ni revue ni corrig\u00e9e par les auteurs de la version en arabe, LT)<\/font><\/font><\/div>\n<\/div>\n<div><strong><\/p>\n<hr\/>\n<p><\/strong><\/div>\n<div>\u00a0<\/div>\n<div><font face=\"Calibri\" size=\"3\"><\/p>\n<div align=\"center\"><font face=\"Arial\" size=\"2\"><strong><font>Association Internationale de Soutien aux Prisonniers Politiques <\/font><\/strong>Aispp.free@gmail.com 43 rue Eldjazira, Tunis Tunis, le 26 novembre 2010 <strong><\/p>\n<h2 style=\"color: red;\"><font size=\"3\">Riadh Cha\u00efbi, professeur de philosophie renvoy\u00e9 en raison d\u2019un rapport de la S\u00fbret\u00e9<\/font><\/h2>\n<p><\/strong><\/font><\/div>\n<p><\/font><\/p>\n<div>\n<hr\/>\n<p> <font face=\"Arial\" size=\"2\">Les mobilisations des professeurs du lyc\u00e9e Nadhor \u00e0 Zaghouan ne sont pas parvenues \u00e0 faire revenir le minist\u00e8re de l\u2019enseignement sur sa d\u00e9cision de licencier Riadh Cha\u00efbi, ex prisonnier politique, de sa fonction de professeur de philosophie [\u2026]. En d\u00e9pit des promesses des autorit\u00e9s r\u00e9gionales s\u2019engageant \u00e0 trouver une solution au probl\u00e8me du professeur Cha\u00efbi, le minist\u00e8re a temporis\u00e9 puis a feint d\u2019ignorer les revendications du syndicat g\u00e9n\u00e9ral de l\u2019enseignement secondaire et n\u2019a pas r\u00e9agi aux mobilisations qui ont atteint le stade de la gr\u00e8ve pendant une semaine des coll\u00e8gues du professeur renvoy\u00e9 et une gr\u00e8ve r\u00e9gionale, puis un rassemblement et un sit in devant l\u2019administration r\u00e9gionale de l\u2019enseignement de Zaghouan. Le professeur Riadh Cha\u00efbi est un ancien prisonnier politique. Il a \u00e9t\u00e9 condamn\u00e9 en 1991 en raison de son activit\u00e9 au sein de l\u2019Union G\u00e9n\u00e9rale Tunisienne des Etudiants puis il a \u00e9t\u00e9 condamn\u00e9 une seconde fois en 1997 pour maintien d\u2019une association non autoris\u00e9e. Il a pass\u00e9 plus de 15 ans entre la prison, les poursuites et le contr\u00f4le administratif. Ensuite il a \u00e9t\u00e9 recrut\u00e9, en 2006, pour enseigner la philosophie apr\u00e8s avoir obtenu sa licence de philosophie et un master en philosophie politique contemporaine. Il pr\u00e9pare sa th\u00e8se de doctorat dans sa sp\u00e9cialit\u00e9 [\u2026] Pour l\u2019association Le Pr\u00e9sident Ma\u00eetre Samir Dilou <font>(traduction d\u2019extraits ni revue ni corrig\u00e9e par les auteurs de la version en arabe, LT)<\/font><\/font><\/div>\n<div>\n<hr\/>\n<\/div>\n<div><font face=\"Calibri\" size=\"3\"><\/p>\n<div align=\"center\"><font face=\"Arial\" size=\"2\">Paris le 26 NOVEMBRE 2010 \u00a0 <strong><\/p>\n<h2 style=\"color: red;\"><font size=\"3\">MISE AU POINT<\/font><\/h2>\n<p><\/strong><\/font><\/div>\n<hr\/>\n<p> \u00a0Suite \u00e0 l\u2019assaut donn\u00e9 par les forces de l\u2019ordre marocaines contre le camp sahraoui de Gdeim Izik, proche de Laayoune ayant entrain\u00e9 de violents affrontements, des arrestations et des d\u00e9c\u00e8s y compris dans les forces de l\u2019ordre, la FTCR a r\u00e9agit en participant \u00e0 l\u2019\u00e9laboration et la signature d\u2019une d\u00e9claration commune dat\u00e9e du 12 novembre, d\u2019associations autonomes de l\u2019immigration maghr\u00e9bine en Europe et aussi \u00e0 la signature d\u2019un appel \u00e0 un rassemblement le 2O\u00a0 novembre \u00e0 Paris en solidarit\u00e9 avec le peuple sahraoui. En r\u00e9ponse \u00e0 l\u2019interpellation d\u2019amis marocains concernant ce dernier appel nous souhaitons apporter les pr\u00e9cisions suivantes : La signature de cet appel ne constitue pas pour la FTCR un changement de positionnement politique, nous sommes toujours attach\u00e9s au principe d&rsquo;une solution pacifique concert\u00e9e et valid\u00e9e par les acteurs concern\u00e9s par le conflit et par les instances internationales juridiquement habilit\u00e9es \u00e0 le faire et bien sur pour le respect des droits de l\u2019Homme dans la r\u00e9gion.  Si la solution reste aux mains des acteurs : Autorit\u00e9s marocaines, Polisario et Autorit\u00e9s Alg\u00e9riennes et Mauritaniennes comme observateurs, la FTCR demeure attach\u00e9e avec l\u2019ensemble des acteurs de la soci\u00e9t\u00e9 civile de la r\u00e9gion \u00e0 la r\u00e9solution pacifique et d\u00e9mocratique du conflit au Sahara conform\u00e9ment \u00e0 la l\u00e9gislation internationale. La FTCR se consid\u00e8re toujours li\u00e9 et solidaires des efforts entrepris dans ce au sein du forum social maghr\u00e9bin. Ce conflit reste une entrave r\u00e9elle \u00e0 l\u2019\u00e9dification de l\u2019unit\u00e9 du Maghreb d\u00e9sir\u00e9e par tous les maghr\u00e9bin, sa r\u00e9solution est un devoir pour tous les maghr\u00e9bins-es. \u00a0 <strong><font>Tarek BEN HIBA <\/font><\/strong>pr\u00e9sident de la FTCR<\/font><font face=\"Times New Roman\" size=\"3\"> <\/p>\n<hr\/>\n<p><\/font><\/div>\n<\/div>\n<div><font face=\"Calibri\"><\/p>\n<div align=\"center\">\n<h2 style=\"color: red;\"><font face=\"Arial\"><strong><font size=\"2\">\u00a0<\/font>Bosnie\u2009: l\u2019Europe interdite aux Arabo-musulmans<\/strong><\/font><\/h2>\n<\/div>\n<div><font face=\"Arial\" size=\"2\"><\/p>\n<hr\/>\n<p><\/font><\/div>\n<div><span><span><font face=\"Arial\" size=\"2\">Publi\u00e9 dans : <\/font><a target=\"_blank\" title=\"wlmailhtml:{0DA68430-F691-4AA7-8B70-4BB1D9CE0928}mid:\/\/00000003\/!x-usc:http:\/\/www.npa2009.org\/category\/tout-est-%C3%A0-nous\/journal\/hebdo-tout-est-%C3%A0-nous-79-251110F\u00f6lj l\u00e4nken genom att trycka p\u00e5 CTRL och klicka\" rel=\"noopener\"><font face=\"Arial\" size=\"2\" title=\"wlmailhtml:{0DA68430-F691-4AA7-8B70-4BB1D9CE0928}mid:\/\/00000003\/!x-usc:http:\/\/www.npa2009.org\/category\/tout-est-%C3%A0-nous\/journal\/hebdo-tout-est-%C3%A0-nous-79-251110F\u00f6lj l\u00e4nken genom att trycka p\u00e5 CTRL och klicka\">Hebdo Tout est \u00e0 nous ! 79 (25\/11\/10)<\/font><\/a><\/span><\/span><\/div>\n<div> <font face=\"Arial\" size=\"2\">vendredi 26 novembre 2010  Dor\u00e9navant les ressortissants de Bosnie et d\u2019Albanie seront exempt\u00e9s de visa pour se rendre en Europe. Cette mesure est toutefois r\u00e9versible. En Bosnie, elle concerne les seuls musulmans, les Serbes et les Croates ayant souvent la double nationalit\u00e9. Et les autorit\u00e9s bosniennes ont d\u00fb, au pr\u00e9alable, prendre diverses mesures pour se conformer aux exigences de la communaut\u00e9 internationale. Les accords de Dayton de 1995 ont plac\u00e9 la Bosnie sous tutelle de la communaut\u00e9 internationale et donn\u00e9 30 jours aux combattants \u00e9trangers pour quitter le pays. Pour beaucoup d\u2019entre eux, ces combattants n\u2019\u00e9taient plus \u00e9trangers, mais Bosniens. Promulgu\u00e9e en 2005, la loi portant r\u00e9vision de la nationalit\u00e9 pr\u00e9voit d\u2019examiner les modalit\u00e9s de son obtention pour ceux qui l\u2019auraient acquise entre avril 1992 (d\u00e9but de la guerre) et 2006. C\u2019est donc avec l\u2019assentiment de l\u2019Europe et des \u00c9tats-Unis que le pouvoir de Bosnie Herz\u00e9govine a concoct\u00e9 une loi ad hoc lui permettant de se d\u00e9barrasser des ressortissants venant de pays arabes ou musulmans et vivant depuis 10 ou 30 ans sur son sol. Officiellement, la nationalit\u00e9 a \u00e9t\u00e9 \u00f4t\u00e9e \u00e0 441 ressortissants bosniens, les Turcs, les \u00c9gyptiens, les Syriens, les Soudanais, les Tunisiens, les Alg\u00e9riens et les Jordaniens en constituant l\u2019essentiel. Nombre d\u2019entre eux, originaires de pays dans lesquels ils seraient en danger d\u2019\u00eatre tu\u00e9s ou tortur\u00e9s, ont demand\u00e9 l\u2019asile ou le droit au s\u00e9jour qui leur ont \u00e9t\u00e9 refus\u00e9s, alors que leurs \u00e9pouses et leurs enfants sont bosniens. Devenus sans-papiers alors qu\u2019ils avaient \u00e9t\u00e9 re\u00e7us \u00e0 bras ouverts, ils ont multipli\u00e9 les manifestations \u00e0 Zenica et Sarajevo et engag\u00e9 des proc\u00e9dures devant la Cour supr\u00eame de Bosnie, puis devant la Cour europ\u00e9enne des droits de l\u2019homme. En parall\u00e8le, des dizaines d\u2019autres ont pris la fuite, souvent avec leurs familles bosniennes, pour demander l\u2019asile en Europe ou continuent d\u2019errer \u00e0 la recherche d\u2019un pays d\u2019accueil. Certains de ces pays n\u2019ont pas h\u00e9sit\u00e9 \u00e0 les renvoyer dans leur pays d\u2019origine o\u00f9 ils ont \u00e9t\u00e9 imm\u00e9diatement arr\u00eat\u00e9s, tortur\u00e9s et emprisonn\u00e9s. Quant aux personnes plac\u00e9es au centre de r\u00e9tention de Lukavica, soudainement consid\u00e9r\u00e9es comme une menace pour la s\u00e9curit\u00e9 du pays, si trois d\u2019entre elles ont \u00e9t\u00e9 expuls\u00e9es, cinq autres y sont depuis plus d\u2019un an et une depuis deux ans, la r\u00e9tention s\u2019av\u00e9rant de facto illimit\u00e9e.  <\/font><font face=\"Arial\" size=\"2\"><strong>Luiza Toscane <\/strong><\/font><font><strong><font face=\"Arial\" size=\"2\">(Source: \u00a0\u00bb Pour un Nouveau Parti Anticapitaliste \u00a0\u00bb le 26 novembre 2010) <\/font><\/strong><a target=\"_blank\" title=\"http:\/\/www.npa2009.org\/content\/bosnie%E2%80%89-l%E2%80%99europe-interdite-aux-arabo-musulmansF\u00f6lj l\u00e4nken genom att trycka p\u00e5 CTRL och klicka\" rel=\"noopener\"><strong title=\"http:\/\/www.npa2009.org\/content\/bosnie%E2%80%89-l%E2%80%99europe-interdite-aux-arabo-musulmansF\u00f6lj l\u00e4nken genom att trycka p\u00e5 CTRL och klicka\"><font face=\"Arial\" size=\"2\" title=\"http:\/\/www.npa2009.org\/content\/bosnie%E2%80%89-l%E2%80%99europe-interdite-aux-arabo-musulmansF\u00f6lj l\u00e4nken genom att trycka p\u00e5 CTRL och klicka\">http:\/\/www.npa2009.org\/content\/bosnie%E2%80%89-l%E2%80%99europe-interdite-aux-arabo-musulmans<\/font><\/strong><\/a> <\/p>\n<hr\/>\n<p><\/font><\/div>\n<div><font><font><\/p>\n<div align=\"center\">\n<h2 style=\"color: red;\"><font face=\"Arial\"><strong>Tunisie &#8211; La cha\u00eene de Sami Fehri s\u2019appellera Carthage TV<\/strong><\/font><\/h2>\n<\/div>\n<p><font face=\"Arial\" size=\"2\"><\/p>\n<div align=\"left\">\n<hr\/>\n<p> Nous \u00e9voquions, il y a plus d\u2019un an, le projet d\u2019une cha\u00eene de t\u00e9l\u00e9vision qu\u2019ambitionne de lancer le producteur tunisien Sami Fehri en 2010.  Ce projet est sur la bonne voie et devrait voir le jour, bient\u00f4t. Tr\u00e8s bient\u00f4t m\u00eame, selon une source proche de Cactus Productions. Elle nous offre m\u00eame la primeur du nom de cette cha\u00eene qui sera Carthage TV. Un nom bien mythique et on ne peut plus symbolique.  Le capital de ce futur nouveau-n\u00e9 du paysage m\u00e9diatique tunisien sera d\u00e9tenu par Cactus Productions, elle m\u00eame d\u00e9tenue par Sami Fehri et l&rsquo;homme d&rsquo;affaires tunisien Belhassen Trabelsi.  Quant \u00e0 la programmation, notre source pr\u00e9cise qu\u2019elle sera g\u00e9n\u00e9raliste destin\u00e9e au grand public, avec un contenu semblable \u00e0 celui produit actuellement par Cactus. Peut-on la d\u00e9crire en cinq mots ? R\u00e9ponse en trois lettres : comparable \u00e0 TF1 !  <strong><font>(Source: \u201cBusiness News\u201d Le 25-11-2010) Lien; <\/font><\/strong><a target=\"_blank\" title=\"http:\/\/www.businessnews.com.tn\/Tunisie---La-cha%C3%AEne-de-Sami-Fehri-s%E2%80%99appellera-Carthage-TV,520,22462,1F\u00f6lj l\u00e4nken genom att trycka p\u00e5 CTRL och klicka\" rel=\"noopener\"><strong><font title=\"http:\/\/www.businessnews.com.tn\/Tunisie---La-cha%C3%AEne-de-Sami-Fehri-s%E2%80%99appellera-Carthage-TV,520,22462,1F\u00f6lj l\u00e4nken genom att trycka p\u00e5 CTRL och klicka\">http:\/\/www.businessnews.com.tn\/Tunisie&#8212;La-cha%C3%AEne-de-Sami-Fehri-s%E2%80%99appellera-Carthage-TV,520,22462,1<\/font><\/strong><\/a> \u00a0<\/div>\n<div align=\"center\"> \u00a0<\/div>\n<p><\/font><\/font><\/font><\/div>\n<div><strong><font face=\"Arial\" size=\"2\"><\/p>\n<hr\/>\n<p><\/font><\/strong><\/div>\n<div><font face=\"Arial\" size=\"2\"><\/p>\n<div align=\"center\"><font face=\"Arial\" size=\"2\"><strong><\/p>\n<h2 style=\"color: red;\"><font size=\"3\"><font size=\"2\">\u00a0<\/font>Les jeunes Tunisiens attir\u00e9s par les partis d&rsquo;opposition<\/font><\/h2>\n<p><\/strong><\/font><\/div>\n<p><\/font><\/p>\n<div>\n<hr\/>\n<p> <font face=\"Arial\" size=\"2\">Un nombre de plus en plus important de Tunisiens affichent leur pr\u00e9f\u00e9rence pour les partis de l&rsquo;opposition plut\u00f4t que pour la coalition au pouvoir. Mais certains voient cette adh\u00e9sion plus comme une opportunit\u00e9 de satisfaire des ambitions personnelles et d&rsquo;assumer des fonctions de leadership, que comme un moyen d&rsquo;exprimer ses opinions politiques. \u00ab\u00a0Le concept de la lutte au nom des principes a peut-\u00eatre perdu de sa signification dans certains partis, et il est d\u00e9sormais remplac\u00e9 par l&rsquo;id\u00e9e de la lutte pour l&rsquo;int\u00e9r\u00eat personnel plut\u00f4t que pour l&rsquo;int\u00e9r\u00eat collectif, selon l&rsquo;adage \u00ab\u00a0la fin justifie les moyens\u00a0\u00bb. C&rsquo;est cela qui me rend sceptique quant au travail des partis et me fait h\u00e9siter \u00e0 adh\u00e9rer \u00e0 l&rsquo;un d&rsquo;eux\u00a0\u00bb, explique Maher Missaoui.  Il ajoute que l&rsquo;adh\u00e9sion de plus de deux millions de personnes au parti au pouvoir a pouss\u00e9 les jeunes \u00e0 se tourner vers les partis de l&rsquo;opposition \u00ab\u00a0de mani\u00e8re \u00e0 pouvoir atteindre des postes \u00e0 responsabilit\u00e9 au sein ou en-dehors du parti, et ce aussi rapidement que possible\u00a0\u00bb.  Selon le d\u00e9put\u00e9 du Parti unioniste d&rsquo;opposition Abdel Salam Bouaicha, \u00ab\u00a0adh\u00e9rer \u00e0 un parti pour des raisons personnelles est une pratique courante, notamment dans la mesure o\u00f9 la mentalit\u00e9 opportuniste est devenue la r\u00e8gle dans la soci\u00e9t\u00e9 tunisienne\u00a0\u00bb.  \u00ab\u00a0L&rsquo;int\u00e9r\u00eat personnel a pris le pas sur l&rsquo;int\u00e9r\u00eat collectif\u00a0\u00bb, a-t-il expliqu\u00e9.  \u00ab\u00a0La sc\u00e8ne politique en Tunisie, et notamment dans les partis de l&rsquo;opposition, a besoin de ceux qui donnent, non de ceux qui prennent pour satisfaire des int\u00e9r\u00eats personnels \u00e9troits, pour \u00e9viter qu&rsquo;ils ne deviennent une passerelle permettant d&rsquo;assurer leurs int\u00e9r\u00eats \u00e9go\u00efstes\u00a0\u00bb, a conclu Bouaicha.  Mohamed Sfina, membre du Parti pour l&rsquo;unit\u00e9 populaire, a pour sa part expliqu\u00e9 \u00e0 Magharebia que \u00ab\u00a0la longueur des files d&rsquo;attente pour r\u00e9aliser ses ambitions personnelles au sein du parti au pouvoir, du fait du grand nombre de ses adh\u00e9rents, a pouss\u00e9 certains jeunes \u00e0 se tourner vers les partis de l&rsquo;opposition pour s&rsquo;assurer un acc\u00e8s \u00e0 des postes de responsabilit\u00e9 importants d&rsquo;une mani\u00e8re pragmatique qui est jug\u00e9e n\u00e9gative et destructrice pour l&rsquo;int\u00e9grit\u00e9 d&rsquo;un bon travail politique\u00a0\u00bb.  Walid, un autre membre d&rsquo;un parti d&rsquo;opposition, r\u00e9torque \u00e0 cet argument en soulignant que \u00ab\u00a0la mentalit\u00e9 pragmatique des jeunes n&rsquo;est pas toujours n\u00e9gative, elle peut parfois s&rsquo;av\u00e9rer positive\u00a0\u00bb.  \u00ab\u00a0Il est naturel pour un homme de suivre ses id\u00e9es de r\u00e9ussite au sein de son propre parti et de r\u00e9aliser ainsi ses ambitions politiques\u00a0\u00bb, explique-t-il. \u00ab\u00a0La pression du parti au pouvoir en termes de quantit\u00e9 est un point positif au cr\u00e9dit des autres partis. Nous devrions donc encourager l&rsquo;ambition et non la convoitise ; c&rsquo;est le droit de toute personne engag\u00e9e dans un parti politique, notamment dans ceux de l&rsquo;opposition\u00a0\u00bb, a-t-il affirm\u00e9.  Selon Aymen Rezgui, membre du Mouvement pour le renouveau, les jeunes n&rsquo;ont en revanche rien \u00e0 gagner \u00e0 adh\u00e9rer aux blocs de l&rsquo;opposition.  \u00ab\u00a0La sc\u00e8ne politique en Tunisie est connue pour \u00eatre presque exclusivement contr\u00f4l\u00e9e par le parti au pouvoir dans toutes les institutions de l&rsquo;Etat. Ceux qui entrent en politique pour des motifs personnels ne pourront donc les satisfaire au sein des partis de l&rsquo;opposition. Les nouveaux riches, qui ont fait une apparition soudaine au sommet de la pyramide \u00e9conomique, sont engag\u00e9s dans le parti au pouvoir ou ils sont proches des sph\u00e8res d&rsquo;influence, ce qui d\u00e9forme l&rsquo;image de la politique et a pouss\u00e9 des jeunes non politis\u00e9s \u00e0 entrer dans le monde de la politique pour satisfaire un int\u00e9r\u00eat personnel. Quant \u00e0 l&rsquo;ambition politique, c&rsquo;est le droit de chaque citoyen et de chaque personne politiquement consciente qui tente de trouver un cadre politique qui corresponde \u00e0 ses id\u00e9es et favorise ses projets, et les fait passer en direction de l&rsquo;opinion publique. Mais le travail reste difficile \u00e0 ce moment, caract\u00e9ris\u00e9 par la r\u00e9ticence des jeunes \u00e0 s&rsquo;engager dans l&rsquo;action et \u00e0 d\u00e9velopper un int\u00e9r\u00eat pour les affaires publiques, et par la contamination qui frappe la sc\u00e8ne politique du fait de la propagation du favoritisme aux d\u00e9pens des valeurs et du combat politique\u00a0\u00bb, a-t-il conclu  <strong><font>(Source : \u00ab Magharebia \u00bb Le 25-11-2010) Lien :http:\/\/www.magharebia.com\/cocoon\/awi\/xhtml1\/fr\/features\/awi\/features\/2010\/11\/25\/feature-01<\/font><\/strong><\/font><\/div>\n<hr\/>\n<\/div>\n<div align=\"center\"><font face=\"Arial\" size=\"2\"><font face=\"Arial\" size=\"2\"><strong><\/p>\n<h2 style=\"color: red;\"><font size=\"3\">Egypte: les pressions des USA pourraient amener une th\u00e9ocratie (responsable \u00e9gyptien)<\/font><\/h2>\n<p><\/strong><\/font><\/font><\/div>\n<p><\/font><\/p>\n<div><strong><\/p>\n<hr\/>\n<p><\/strong><\/div>\n<div><font face=\"Arial\" size=\"2\"><font>AFP, le 26 novembre 2010 \u00e0 14h38\u00a0  \u00a0 LE CAIRE, 26 Nov 2010 (AFP) &#8211; Un haut responsable parlementaire \u00e9gyptien a pr\u00e9venu vendredi que les pressions de Washington en faveur de r\u00e9formes en Egypte pourraient conduire cet alli\u00e9 des Etats-Unis \u00e0 basculer dans un r\u00e9gime th\u00e9ocratique islamique.  \u00a0  \u00ab\u00a0Toute pression des Etats-Unis est susceptible de provoquer un renversement du syst\u00e8me de s\u00e9paration de la religion et de l&rsquo;Etat au profit d&rsquo;un Etat religieux\u00a0\u00bb, a d\u00e9clar\u00e9 \u00e0 l&rsquo;AFP le pr\u00e9sident de l&rsquo;Assembl\u00e9e du peuple Fathi Sorour, en faisant allusion aux Fr\u00e8res musulmans, premi\u00e8re force d&rsquo;opposition.  \u00a0  Les Etats-Unis, proche alli\u00e9 et important bailleur de fonds de l&rsquo;Egypte, ont \u00e0 plusieurs reprises manifest\u00e9 leur inqui\u00e9tude sur les conditions dans lesquelles se d\u00e9roule la campagne pour les \u00e9lections l\u00e9gislatives \u00e9gyptiennes, dont le premier tour a lieu dimanche.  \u00a0  Washington a demand\u00e9 en vain la pr\u00e9sence d&rsquo;observateurs internationaux, une perspective vivement rejet\u00e9e par Le Caire, qui y voit une \u00ab\u00a0ing\u00e9rence \u00e9trang\u00e8re\u00a0\u00bb.  L&rsquo;Egypte a \u00e9galement rejet\u00e9 la semaine derni\u00e8re les critiques figurant dans le dernier rapport annuel du d\u00e9partement d&rsquo;Etat am\u00e9ricain sur la libert\u00e9 religieuse dans le monde.  \u00a0  Ce rapport \u00e9voque particuli\u00e8rement des \u00ab\u00a0discriminations\u00a0\u00bb contre les minorit\u00e9s en Egypte, notamment les chr\u00e9tiens et les baha\u00efs, et rel\u00e8ve que les membres des Fr\u00e8res musulmans \u00ab\u00a0subissent toujours des d\u00e9tentions arbitraires et des pressions du gouvernement\u00a0\u00bb.  \u00a0  La confr\u00e9rie islamiste d\u00e9nonce actuellement une vaste offensive du pouvoir, avec plus d&rsquo;un millier d&rsquo;arrestations et des invalidations de candidatures, destin\u00e9e \u00e0 l&#8217;emp\u00eacher de renouveler son succ\u00e8s de 2005, quand elle avait remport\u00e9 un si\u00e8ge de d\u00e9put\u00e9 sur cinq.\u00a0 <\/font><strong>\u00a0 <\/strong><\/font><\/div>\n<div><strong><\/p>\n<hr\/>\n<p><\/strong><\/div>\n<div align=\"center\">\n<h2 style=\"color: red;\"><font size=\"3\"><strong>France: une enseignante musulmane licenci\u00e9e pour refus d&rsquo;\u00f4ter son voile<\/strong><\/font><\/h2>\n<\/div>\n<div align=\"center\"><font size=\"3\"><strong><\/p>\n<hr\/>\n<p> \u00a0<\/strong><\/font><\/div>\n<div align=\"left\"><font>AFP, le 26 novembre 2010 \u00e0 12h43\u00a0 \u00a0  TOULOUSE, 26 Nov 2010 (AFP) &#8211; Une enseignante musulmane, qui refusait d&rsquo;enlever son voile islamique devant ses \u00e9l\u00e8ves pr\u00e8s de Toulouse (sud-ouest de la France), a \u00e9t\u00e9 licenci\u00e9e vendredi par le responsable local de l&rsquo;Education nationale au nom de la d\u00e9fense de la la\u00efcit\u00e9 \u00e0 l&rsquo;\u00e9cole publique.  \u00a0  Cette enseignante venait de prendre ses fonctions dans une \u00e9cole primaire comme stagiaire et refusait de retirer le voile qui lui couvrait les cheveux malgr\u00e9 les demandes des responsables de l&rsquo;\u00e9tablissement.  \u00a0  \u00ab\u00a0Elle refusait par ailleurs de serrer la main de ses coll\u00e8gues ou des personnes de sexe masculin au nom de ses convictions religieuses\u00a0\u00bb, a expliqu\u00e9 \u00e0 l&rsquo;AFP Olivier Dugrip, recteur de l&rsquo;acad\u00e9mie de Toulouse et responsable \u00e0 ce titre des \u00e9tablissements de cette zone.  \u00a0  Le recteur a donc d\u00e9cid\u00e9 de son exclusion d\u00e9finitive en invoquant \u00ab\u00a0le principe de neutralit\u00e9 qui s&rsquo;impose aux agents publics dans l&rsquo;exercice de leurs fonctions et qui leur interdit d&rsquo;exprimer, de mat\u00e9rialiser, d&rsquo;ext\u00e9rioriser leurs croyances religieuses\u00a0\u00bb.  \u00a0  Il a suivi l&rsquo;avis d&rsquo;une commission disciplinaire compos\u00e9e de responsables syndicaux et de l&rsquo;administration qui ont entendu la jeune femme.  \u00a0  \u00ab\u00a0Elle a constamment affirm\u00e9 ses convictions religieuses, elle a admis les cons\u00e9quences de sa position, cela n&rsquo;a fait aucune difficult\u00e9, ni pour elle, ni pour les membres de la commission, puisqu&rsquo;ils se sont prononc\u00e9s \u00e0 l&rsquo;unanimit\u00e9\u00a0\u00bb, a-t-il dit.  \u00a0  La jeune enseignante, qui avait pass\u00e9 le concours en 2001, n&rsquo;avait pris ses fonctions qu&rsquo;\u00e0 la rentr\u00e9e de septembre apr\u00e8s de multiples cong\u00e9s maternit\u00e9. Elle s&rsquo;\u00e9tait convertie entre temps \u00e0 l&rsquo;islam, selon des informations concordantes. \u00a0  Cette affaire intervient alors que la la\u00efcit\u00e9 \u00e0 l&rsquo;\u00e9cole fait l&rsquo;objet de d\u00e9bats r\u00e9currents en France, o\u00f9 les signes religieux ostentatoires sont interdits dans les \u00e9tablissements publics. Une loi r\u00e9cente interdit aussi le port du voile int\u00e9gral (burqa, niqab) dans les espaces publics. La France compte 5 \u00e0 6 millions de musulmans, la communaut\u00e9 la plus importante d&rsquo;Europe.<\/font><\/div>\n<div align=\"left\">\u00a0<\/div>\n<\/div>\n<p><\/font><\/div>\n<p><strong><font> \u00a0<\/font><\/strong><\/p>\n<\/div>\n<p><\/font><\/div>\n<p align=\"center\" dir=\"ltr\">\n<h2 style=\"color: red;\"><font face=\"Arial\" size=\"2\"><strong><b><a href=\"http:\/\/www.tunisnews.net\/\"><font face=\"Arial\"><span><font size=\"2\">Home<\/font><\/span><font size=\"2\"><span lang=\"FR-CH\"> &#8211; Accueil <\/span><span>&#8211; <\/span><\/font><\/font><span dir=\"rtl\" lang=\"AR-SA\"><font size=\"2\">\u0627\u0644\u0631\u0626\u064a\u0633\u064a\u0629<\/font><\/span><\/a><\/b><\/strong><\/font><\/h2>\n<\/p>\n<p align=\"center\" dir=\"ltr\">\u00a0<\/p>\n<p><\/body><\/body><\/html><\/p>\n","protected":false},"excerpt":{"rendered":"<p>Home &#8211; Accueil TUNISNEWS\u00a0 \u00a0 10 \u00e8me ann\u00e9e, N\u00b0 3839 du 26.11.2010 \u00a0archives :www.tunisnews.net\u00a0 Libert\u00e9 et Equit\u00e9: R\u00e9pression d\u2019Irien Lambazaa, ex prisonnier politique AISPP: Riadh Cha\u00efbi, professeur de philosophie renvoy\u00e9 en raison d\u2019un rapport de la S\u00fbret\u00e9 FTCR: Mise au point Luiza Toscane: Bosnie\u2009: l\u2019Europe interdite aux Arabo-musulmans Business News:\u00a0 Tunisie &#8211; La cha\u00eene de [&hellip;]<\/p>\n","protected":false},"author":1,"featured_media":22040,"comment_status":"open","ping_status":"open","sticky":false,"template":"","format":"standard","meta":{"inline_featured_image":false,"site-sidebar-layout":"default","site-content-layout":"","ast-site-content-layout":"default","site-content-style":"default","site-sidebar-style":"default","ast-global-header-display":"","ast-banner-title-visibility":"","ast-main-header-display":"","ast-hfb-above-header-display":"","ast-hfb-below-header-display":"","ast-hfb-mobile-header-display":"","site-post-title":"","ast-breadcrumbs-content":"","ast-featured-img":"","footer-sml-layout":"","ast-disable-related-posts":"","theme-transparent-header-meta":"","adv-header-id-meta":"","stick-header-meta":"","header-above-stick-meta":"","header-main-stick-meta":"","header-below-stick-meta":"","astra-migrate-meta-layouts":"default","ast-page-background-enabled":"default","ast-page-background-meta":{"desktop":{"background-color":"","background-image":"","background-repeat":"repeat","background-position":"center center","background-size":"auto","background-attachment":"scroll","background-type":"","background-media":"","overlay-type":"","overlay-color":"","overlay-opacity":"","overlay-gradient":""},"tablet":{"background-color":"","background-image":"","background-repeat":"repeat","background-position":"center center","background-size":"auto","background-attachment":"scroll","background-type":"","background-media":"","overlay-type":"","overlay-color":"","overlay-opacity":"","overlay-gradient":""},"mobile":{"background-color":"","background-image":"","background-repeat":"repeat","background-position":"center center","background-size":"auto","background-attachment":"scroll","background-type":"","background-media":"","overlay-type":"","overlay-color":"","overlay-opacity":"","overlay-gradient":""}},"ast-content-background-meta":{"desktop":{"background-color":"var(--ast-global-color-5)","background-image":"","background-repeat":"repeat","background-position":"center center","background-size":"auto","background-attachment":"scroll","background-type":"","background-media":"","overlay-type":"","overlay-color":"","overlay-opacity":"","overlay-gradient":""},"tablet":{"background-color":"var(--ast-global-color-5)","background-image":"","background-repeat":"repeat","background-position":"center center","background-size":"auto","background-attachment":"scroll","background-type":"","background-media":"","overlay-type":"","overlay-color":"","overlay-opacity":"","overlay-gradient":""},"mobile":{"background-color":"var(--ast-global-color-5)","background-image":"","background-repeat":"repeat","background-position":"center center","background-size":"auto","background-attachment":"scroll","background-type":"","background-media":"","overlay-type":"","overlay-color":"","overlay-opacity":"","overlay-gradient":""}},"footnotes":""},"categories":[],"tags":[63,41,29],"class_list":["post-18030","post","type-post","status-publish","format-standard","has-post-thumbnail","hentry","tag-63","tag-41","tag-fr"],"_links":{"self":[{"href":"https:\/\/tunisnews.net\/ar\/wp-json\/wp\/v2\/posts\/18030","targetHints":{"allow":["GET"]}}],"collection":[{"href":"https:\/\/tunisnews.net\/ar\/wp-json\/wp\/v2\/posts"}],"about":[{"href":"https:\/\/tunisnews.net\/ar\/wp-json\/wp\/v2\/types\/post"}],"author":[{"embeddable":true,"href":"https:\/\/tunisnews.net\/ar\/wp-json\/wp\/v2\/users\/1"}],"replies":[{"embeddable":true,"href":"https:\/\/tunisnews.net\/ar\/wp-json\/wp\/v2\/comments?post=18030"}],"version-history":[{"count":0,"href":"https:\/\/tunisnews.net\/ar\/wp-json\/wp\/v2\/posts\/18030\/revisions"}],"wp:featuredmedia":[{"embeddable":true,"href":"https:\/\/tunisnews.net\/ar\/wp-json\/wp\/v2\/media\/22040"}],"wp:attachment":[{"href":"https:\/\/tunisnews.net\/ar\/wp-json\/wp\/v2\/media?parent=18030"}],"wp:term":[{"taxonomy":"category","embeddable":true,"href":"https:\/\/tunisnews.net\/ar\/wp-json\/wp\/v2\/categories?post=18030"},{"taxonomy":"post_tag","embeddable":true,"href":"https:\/\/tunisnews.net\/ar\/wp-json\/wp\/v2\/tags?post=18030"}],"curies":[{"name":"wp","href":"https:\/\/api.w.org\/{rel}","templated":true}]}}