{"id":18007,"date":"2007-06-02T00:00:00","date_gmt":"2007-06-02T00:00:00","guid":{"rendered":"https:\/\/tunisnews.net\/2-juin-2007\/"},"modified":"2007-06-02T00:00:00","modified_gmt":"2007-06-02T00:00:00","slug":"2-juin-2007","status":"publish","type":"post","link":"https:\/\/tunisnews.net\/ar\/2-juin-2007\/","title":{"rendered":"2 juin 2007"},"content":{"rendered":"<p><html><head><meta content=\"text\/html\" description=\"Madame Samia Abbou a rendu visite \u00e0 son mari, Mohammed         Abbou, l\u2019avocat emprisonn\u00e9, jeudi 31 mai, assi\u00e9g\u00e9e par la police et         menac\u00e9e par l\u2019administration de la prison. Elle a fait face \u00e0 une         pr\u00e9sence polici\u00e8re exceptionnelle de la police politique \u00e0 son arriv\u00e9e \u00e0         la prison civile du Kef. Le directeur adjoint de la prison escort\u00e9 de         nombreux agents l\u2019a menac\u00e9e d\u2019interrompre la visite si elle ne         respectait pas la consigne\u00a0: elle devait se contenter d\u2019aborder les         sujets touchant \u00e0 la famille lors de la visite. Avant de p\u00e9n\u00e9trer dans         le parloir, elle a \u00e9t\u00e9 retenue par une gardienne qui a fouill\u00e9 son sac \u00e0         main et son porte-monnaie.\" http-equiv=\"Content-Type\"\/><\/head><body><body style=\"text-align: justify\"><\/p>\n<p align=\"center\"><b><a href=\"https:\/\/tunisnews.net\/ar\/\"><font face=\"Arabic Transparent\"><span><font>Home<\/font><\/span><font><span lang=\"FR-CH\"> &#8211; Accueil <\/span><span>&#8211; <\/span><\/font><\/font><span dir=\"rtl\" lang=\"AR-SA\"><font>\u0627\u0644\u0631\u0626\u064a\u0633\u064a\u0629<\/font><\/span><\/a><\/b><\/p>\n<div> <font face=\"Arial\" size=\"2\"> <\/p>\n<div>  <span lang=\"FR\"> <\/p>\n<div align=\"center\" dir=\"ltr\"> <font size=\"2\"> <span lang=\"SV\"> <strong>TUNISNEWS<\/strong><\/span> <\/font> <\/div>\n<div align=\"center\" dir=\"ltr\"> <strong><font size=\"2\">8\u00a0\u00e8me\u00a0ann\u00e9e, <span lang=\"FR\">      N\u00b0\u00a02566\u00a0du 02.06.2007<\/span><\/font><\/strong><\/div>\n<p> <strong> <\/p>\n<div align=\"center\" dir=\"ltr\"> <b><span><blink> <font size=\"2\">\u00a0archives : <\/font><a href=\"\" target=\"_blank\" rel=\"noopener\"> <font size=\"2\" target=\"_blank\">www.tunisnews.net<\/font><\/a><\/blink><\/span><\/b><font size=\"2\"> <\/font><font> <span lang=\"FR\"><strong> <\/strong><\/span><\/font><\/div>\n<p> <\/strong><\/span><font face=\"Times New Roman\"> <span lang=\"FR\"> <font><\/font><\/span><\/font> <\/p>\n<div align=\"left\" dir=\"ltr\">\n<hr\/><\/div>\n<div align=\"left\" dir=\"ltr\">\n<p><font face=\"Arial\"> <\/p>\n<div align=\"left\">\n<div align=\"left\" dir=\"ltr\">\n<div> <font face=\"Arial\"><strong>Conseil National pour les Libert\u00e9s en             Tunisie: <span lang=\"FR\">Bulletin de mai 2007<\/span><\/strong><\/font><\/div>\n<div> <font face=\"Arial\"><strong><font>Ez-zeitouna de             Suisse : PETITION DE CONDAMNATION ET DE SOUTIEN\u00a0\u00a0              <\/font>AFP:La Tunisie pr\u00eate \u00e0 plus de libert\u00e9s politiques (mission             du Congr\u00e8s US)             <font>Le Monde:Les corps de dix-huit migrants ont             \u00e9t\u00e9 rep\u00each\u00e9s au large de Malte<\/font>             Le Temps :Conf\u00e9rence de presse de la d\u00e9l\u00e9gation du Congr\u00e9s am\u00e9ricain             en visite en Tunisie             <font>R\u00e9alit\u00e9s: De l&rsquo;AKP turc et du PJD marocain aux             Fr\u00e8res Musulmans : Les islamistes sont-ils devenus d\u00e9mocrates ?<\/font>                         R\u00e9alit\u00e9s: L\u2019Union Europ\u00e9enne M\u00e9diterran\u00e9enne             <font>Tunisitri: Articles du mois de Mai<\/font><\/strong> <\/font><\/div>\n<\/p><\/div>\n<\/p><\/div>\n<p> <\/font><\/p>\n<p><font><font face=\"Arial\"> <font><strong> <\/p>\n<div align=\"center\">\n<hr\/><\/div>\n<p> <\/strong><\/font> <\/font><\/font><\/div>\n<\/p><\/div>\n<div>\n<div align=\"center\"> <font face=\"Arial\"><strong>Conseil National pour les       Libert\u00e9s en Tunisie<\/strong><\/font><\/div>\n<div>      \u00a0<\/div>\n<div>      \u00a0<\/div>\n<div>\n<div align=\"center\"> <span lang=\"FR\"><\/p>\n<h2 style=\"color: red;\"><font face=\"Arial\" size=\"3\"><strong>Bulletin de mai 2007<\/strong><\/font><\/h2>\n<p><\/span><\/div>\n<div>        \u00a0<\/div>\n<div>        \u00a0<\/div>\n<div> <span lang=\"FR\"><strong><\/p>\n<h2 style=\"color: red;\"><font face=\"Arial\" size=\"2\">Visite de Mohammed Abbou\u00a0: encerclement et menaces<\/font><\/h2>\n<p><\/strong><\/span><\/div>\n<div> <span lang=\"FR\">Madame Samia Abbou a rendu visite \u00e0 son mari, Mohammed         Abbou, l\u2019avocat emprisonn\u00e9, jeudi 31 mai, assi\u00e9g\u00e9e par la police et         menac\u00e9e par l\u2019administration de la prison. Elle a fait face \u00e0 une         pr\u00e9sence polici\u00e8re exceptionnelle de la police politique \u00e0 son arriv\u00e9e \u00e0         la prison civile du Kef. Le directeur adjoint de la prison escort\u00e9 de         nombreux agents l\u2019a menac\u00e9e d\u2019interrompre la visite si elle ne         respectait pas la consigne\u00a0: elle devait se contenter d\u2019aborder les         sujets touchant \u00e0 la famille lors de la visite. Avant de p\u00e9n\u00e9trer dans         le parloir, elle a \u00e9t\u00e9 retenue par une gardienne qui a fouill\u00e9 son sac \u00e0         main et son porte-monnaie.<\/span><\/div>\n<div> <span lang=\"FR\">Samia Abbou a d\u00fb patienter une heure, pendant laquelle         le directeur de la prison, Chaker Achouri, lui a fait remarquer qu\u2019elle         devait se borner aux affaires familiales et ne pas en venir aux         nouvelles des organisations et des activit\u00e9s de d\u00e9fense des droits de         l\u2019homme ou politiques. Madame Abbou lui a oppos\u00e9 le r\u00e8glement carc\u00e9ral         qui ne pr\u00e9cise pas les th\u00e8mes du parloir et fait valoir que c\u2019\u00e9tait         l\u2019administration qui enfreignait la loi. Mohammed Abbou lui a dit qu\u2019il         avait \u00e9t\u00e9 menac\u00e9 de la m\u00eame fa\u00e7on avant de venir au parloir. Mohammed         Abbou a demand\u00e9 qu\u2019\u00e0 l\u2019avenir les enfants ne l\u2019accompagnent pas,         redoutant les cons\u00e9quences n\u00e9gatives sur eux des pressions s\u00e9curitaires         lors de chaque visite et de chaque trajet Tunis-Le Kef.<\/span><\/div>\n<div> <span lang=\"FR\">Mohammed Abbou a dit avoir port\u00e9 plainte aupr\u00e8s du         ministre de la Justice contre l\u2019agression physique et morale subie lors         de la visite pr\u00e9c\u00e9dente qui avait \u00e9t\u00e9 interrompue. Lors de son         \u00e9vacuation du parloir il avait \u00e9t\u00e9 bless\u00e9 \u00e0 la main. A la suite de quoi,         il avait re\u00e7u une visite d\u2019un responsable de l\u2019inspection g\u00e9n\u00e9rale des         prisons, qui n\u2019a pas men\u00e9 d\u2019enqu\u00eate sur l\u2019agression mais lui a pos\u00e9 des         questions sur des sujets d\u2019ordre g\u00e9n\u00e9ral touchant \u00e0 l\u2019incarc\u00e9ration.<\/span><\/div>\n<div> <span lang=\"FR\">La visite s\u2019est d\u00e9roul\u00e9e en pr\u00e9sence de 11 agents         p\u00e9nitentiaires post\u00e9s entre Samia Abbou et lui et la barri\u00e8re, l\u2019un         d\u2019eux consignant tout ce qui se passait.          L\u2019administration de la prison du Kef a confisqu\u00e9 une partie de la         recherche de Ma\u00eetre Mohammed Abbou pour son doctorat, soit 60 pages dont         il avait demand\u00e9 qu\u2019elles soient remises \u00e0 sa famille, ce qui n\u2019a pas         \u00e9t\u00e9 fait.<\/span><\/div>\n<div>        \u00a0<\/div>\n<div> <font face=\"Arial\" size=\"2\"><\/p>\n<h2 style=\"color: red;\"><font><b><span lang=\"FR\">Mohammed Abbou t\u00e9moin de cas de torture \u00e0 la prison du Kef<\/span><\/b><\/font><\/h2>\n<p><\/font><\/div>\n<div> <span lang=\"FR\">Depuis sa prison du Kef, Ma\u00eetre Mohammed Abbou a demand\u00e9         \u00e0 transmettre \u00e0 l\u2019opinion publique l\u2019existence de cas de torture \u00e0         l\u2019int\u00e9rieur de la prison. On ne conna\u00eet pas l\u2019identit\u00e9 des victimes,         mais la majorit\u00e9 ont remarqu\u00e9 des cris et des coups ass\u00e9n\u00e9s \u00e0 dessein         pour qu\u2019ils soient audibles par eux.<\/span><\/div>\n<div>        \u00a0<\/div>\n<div>\n<h2 style=\"color: red;\"><font face=\"Arial\" size=\"2\"><strong>L\u2019\u00e9tat de sant\u00e9 de         Oualid Layouni empire<\/strong><\/font><\/h2>\n<\/div>\n<div> <span lang=\"FR\">L\u2019\u00e9tat de sant\u00e9 physique et psychique de monsieur Oualid         Layouni, d\u00e9f\u00e9r\u00e9 en vertu de la loi anti terroriste, a empir\u00e9 depuis son         d\u00e9part de l\u2019h\u00f4pital psychiatrique Razi et son retour \u00e0 la prison de         Mornaguia. Ftima Bouraoui, sa m\u00e8re, avait fait une gr\u00e8ve de la faim         apr\u00e8s avoir contact\u00e9 toutes les instances responsables pour obtenir une         lib\u00e9ration provisoire de son fils.<\/span><\/div>\n<div>        \u00a0<\/div>\n<div> <font face=\"Arial\" size=\"2\"><\/p>\n<h2 style=\"color: red;\"><font><b><span lang=\"FR\">Khaled Layouni est en gr\u00e8ve de la faim pour que soit mis un terme aux         agressions<\/span><\/b><\/font><\/h2>\n<p><\/font><\/div>\n<div> <span lang=\"FR\">Le prisonnier politique Khaled Layouni (fr\u00e8re du         prisonnier Oualid Layouni) est \u00e0 son dix-neuvi\u00e8me jour de gr\u00e8ve de la         faim pour protester contre les agressions physiques et les humiliations         qu\u2019il subit \u00e0 la prison de Mornaguia. De nombreux agents l\u2019ont frapp\u00e9         aveugl\u00e9ment sur tout le corps apr\u00e8s l\u2019avoir d\u00e9pouill\u00e9 de ses v\u00eatements         pour le contraindre \u00e0 assister \u00e0 l\u2019audience du 12 mai 2007. Puis, pour         le sanctionner de ne pas s\u2019\u00eatre lev\u00e9 devant la commission du Tribunal,         les agents p\u00e9nitentiaires l\u2019ont tortur\u00e9 et humili\u00e9 en ayant recours \u00e0         diff\u00e9rents proc\u00e9d\u00e9s\u00a0: coups, gifles et crachats sur le visage. Ma\u00eetre         Abderraouf Ayadi a remarqu\u00e9 le jour de sa visite, le 30 mai 2007, les         traces de torture et la d\u00e9gradation de son \u00e9tat de sant\u00e9.<\/span><\/div>\n<div>        \u00a0<\/div>\n<div> <span lang=\"FR\">Sofiane Rzig \u00e0 son cinqui\u00e8me jour de gr\u00e8ve de la faim<\/span><\/div>\n<div> <span lang=\"FR\">Monsieur Sofiane Rzig, condamn\u00e9 en vertu de la loi         antiterroriste \u00e0 cinq ans d\u2019emprisonnement et cinq ans de contr\u00f4le         administratif, a commenc\u00e9 son cinqui\u00e8me jour de gr\u00e8ve de la faim pour         protester contre les mauvaises conditions et les traitements inhumains \u00e0         la prison du Kef. Il a \u00e9t\u00e9 transf\u00e9r\u00e9 le 25 mai de la prison de Mornaguia         \u00e0 celle du Kef. Le 30 mai, les agents ont interrompu la visite que lui         rendait sa famille au moment o\u00f9 il s\u2019appr\u00eatait \u00e0 les informer de ses         mauvaises conditions d\u2019incarc\u00e9ration.<\/span><\/div>\n<div>        \u00a0<\/div>\n<div> <font face=\"Arial\" size=\"2\"><\/p>\n<h2 style=\"color: red;\"><font><b><span lang=\"FR\">Poursuite des agressions \u00e0 l\u2019encontre du prisonnier Ali Herzi<\/span><\/b><\/font><\/h2>\n<p><\/font><\/div>\n<div> <span lang=\"FR\">Le CNLT a appris que les agressions continuaient contre         le prisonnier Ali Herzi, d\u00e9f\u00e9r\u00e9 en vertu de la loi anti terroriste, les         agents de la prison de Mornaguia le frappant, le giflant et l\u2019insultant.<\/span><\/div>\n<div>        \u00a0<\/div>\n<div> <font face=\"Arial\" size=\"2\"><\/p>\n<p><font><b><span lang=\"FR\">Les         agents de la brigade de la S\u00fbret\u00e9 de l&rsquo;Etat interrogent \u00e0 nouveau des         prisonniers \u00e9crou\u00e9s<\/span><\/b><\/font><\/p>\n<p><\/font><\/div>\n<div> <span lang=\"FR\">Le 2 mai 2007, il y a eu une nouvelle investigation au         sujet du prisonnier Oussama Ibadi, \u00e9crou\u00e9 dans le cadre de l\u2019affaire         n\u00b01\/7717 \u00e0 la prison de Mornaguia. Elle a eu lieu dans le bureau du Juge         d\u2019Ex\u00e9cution des Peines et a \u00e9t\u00e9 men\u00e9e par des agents de la brigade de la         S\u00fbret\u00e9\u00a0 de l\u2019Etat. Il a \u00e9t\u00e9 accus\u00e9 de diffusion d\u2019une lettre depuis la         prison, montant la soci\u00e9t\u00e9 tunisienne contre le pouvoir et l\u2019incitant \u00e0         adopter la pens\u00e9e salafiste jihadiste.<\/span><\/div>\n<div> <span lang=\"FR\">De nouvelles investigations ont \u00e9t\u00e9 men\u00e9es au sujet du         prisonnier Oua\u2019il Amami, \u00e9crou\u00e9 \u00e0 la prison de Mornaguia en vertu de la         loi antiterroriste, \u00e0 trois reprises au mois d\u2019avril 2007, les 23, 25 et         27 avril. Il a \u00e9t\u00e9 contraint de signer le proc\u00e8s verbal.<\/span><\/div>\n<div>        \u00a0<\/div>\n<div> <font face=\"Arial\" size=\"2\"><\/p>\n<h2 style=\"color: red;\"><font><b><span lang=\"FR\">Arrestations et rapts sans fin<\/span><\/b><\/font><\/h2>\n<p><\/font><\/div>\n<div> <span lang=\"FR\">Le 24 mai 2007, Abdallah Boulkattati (19 ans) et Anis         Bena\u00efssa (\u00e9tudiant de 22 ans) ont \u00e9t\u00e9 arr\u00eat\u00e9s par la police politique et         leurs familles, en d\u00e9pit de leurs tentatives et contacts, ne savent         toujours pas ce qu\u2019il est advenu d\u2019eux.<\/span><\/div>\n<div> <span lang=\"FR\">Les autorit\u00e9s suisses ont renvoy\u00e9 en Tunisie le 24 mai         2007 monsieur Sahbi Sallami (26 ans) et sa famille ignore ce qu\u2019il est         advenu de lui. Son avocat, Ma\u00eetre Abderraouf Ayadi, a d\u00e9pos\u00e9 le 31 mai         2007 aupr\u00e8s du Procureur de la R\u00e9publique une requ\u00eate, enregistr\u00e9e sous         le num\u00e9ro 2007\/7029588.<\/span><\/div>\n<div>        \u00a0<\/div>\n<div>\n<h2 style=\"color: red;\"><font><b><span lang=\"FR\">Ramzi Bettibi, le prisonnier de         l\u2019internet, est sans cesse terroris\u00e9<\/span><\/b><\/font><\/h2>\n<\/div>\n<div> <span lang=\"FR\">Le prisonnier de l\u2019internet, Ali Ramzi Bettibi, est         l\u2019objet de brimades continuelles \u00e0 la prison civile de Bizerte. Les         agressions physiques redoublent comme les brimades lors de la visite,         visant l\u2019emp\u00eacher d\u2019\u00e9voquer ses conditions d\u2019incarc\u00e9ration et les         initiatives des avocats et des associations dans son affaire. Il a pos\u00e9         deux plaintes pour torture contre l\u2019administration de la prison qui         n\u2019ont pas \u00e9t\u00e9 examin\u00e9es. Il a \u00e9t\u00e9 condamn\u00e9 \u00e0 quatre ans d\u2019emprisonnement         en mars 2005 pour avoir reproduit un communiqu\u00e9 d\u2019une organisation         inconnue sur son site internet.<\/span><\/div>\n<div>        \u00a0<\/div>\n<div> <span lang=\"FR\"> <font face=\"Arial\" size=\"2\">(Traduction ni revue ni         corrig\u00e9e par les auteurs de la version en arabe, LT)<\/font><\/span><\/div>\n<\/p><\/div>\n<\/p><\/div>\n<div>\n<hr\/><\/div>\n<div>    \u00a0<\/div>\n<div align=\"center\">\n<h2 style=\"color: red;\"><font size=\"3\">\u00a0<strong>PETITION DE CONDAMNATION ET DE     SOUTIEN<\/strong><\/font><\/h2>\n<p>\u00a0\u00a0<\/p><\/div>\n<div>    \u00a0<\/div>\n<div>    \u00a0\u00a0\u00a0\u00a0\u00a0\u00a0\u00a0\u00a0\u00a0\u00a0\u00a0\u00a0\u00a0\u00a0\u00a0\u00a0\u00a0\u00a0\u00a0\u00a0\u00a0\u00a0\u00a0\u00a0\u00a0\u00a0\u00a0\u00a0\u00a0\u00a0\u00a0\u00a0\u00a0\u00a0\u00a0\u00a0\u00a0\u00a0\u00a0\u00a0\u00a0\u00a0\u00a0\u00a0\u00a0\u00a0\u00a0\u00a0\u00a0\u00a0\u00a0\u00a0\u00a0\u00a0\u00a0\u00a0\u00a0\u00a0\u00a0\u00a0\u00a0\u00a0\u00a0\u00a0\u00a0\u00a0\u00a0\u00a0\u00a0\u00a0\u00a0\u00a0\u00a0\u00a0\u00a0\u00a0\u00a0\u00a0\u00a0\u00a0\u00a0\u00a0\u00a0\u00a0\u00a0\u00a0\u00a0\u00a0\u00a0\u00a0\u00a0\u00a0\u00a0\u00a0\u00a0\u00a0\u00a0         Le bureau juridique et d&rsquo;information de l\u2019Association Ez-zeitouna de Suisse     condamne les agressions r\u00e9p\u00e9t\u00e9es que pratiquent les autorit\u00e9s tunisiennes     sur les citoyens innocents et les organisations de la soci\u00e9t\u00e9 civile. Le     bureau condamne \u00e9galement avec rigueur toutes les formes de torture et     toutes les pratiques inhumaines que subissent les prisonniers et les     militants, des pratiques qui ont caus\u00e9 la mort et l\u2019infirmit\u00e9 de nombreuses     personnes. Le cas du prisonnier politique <font><strong>M.     Elaouini Walid<\/strong><\/font>. Ses capacit\u00e9s intellectuelles se sont     alt\u00e9r\u00e9es suite \u00e0 la torture sauvage qu\u2019il a subie.<\/p>\n<p>     Devant cette situation juridique d\u00e9t\u00e9rior\u00e9e, le bureau demande aux autorit\u00e9s     tunisiennes de mettre fin \u00e0 toutes ces agressions et violations et appuie     toute initiative appelant \u00e0 l\u2019arr\u00eat de la politique de torture,     d\u2019harc\u00e8lement et d\u2019op\u00e9rations d\u2019enl\u00e8vement de l\u2019appareil de s\u00e9curit\u00e9     tunisien.     \u00a0A l\u2019occasion de la journ\u00e9e internationale de soutien aux victimes de la     torture, en date du 27 juin 2007, et qui co\u00efncide avec la journ\u00e9e     internationale pour l\u2019amnistie g\u00e9n\u00e9rale en Tunisie, le bureau juridique et     d\u2019information vous soumet cette p\u00e9tition pour une collecte de signatures en     vue de la remettre \u00e0 l\u2019Organisation des Nations Unies le vendredi 22 juin     2007 o\u00f9 nous organiserons un     <font>\u00a0      <strong>RASSEMBLMENT DEVANT SON SIEGE A GENEVE<\/strong> <\/font>Et nous r\u00e9it\u00e9rons nos demandes pour :     1. La mise en libert\u00e9 du prisonnier politique<font> M.     Laouini Walid<\/font> et tous les prisonniers d\u2019opinion en Tunisie.     2. L\u2019arr\u00eat de toute forme de torture que pratique le r\u00e9gime tunisien contre     ses citoyens innocents.     3. L\u2019arr\u00eat de l\u2019harc\u00e8lement des militants, des juristes et des journalistes     et l\u2019arr\u00eat des violations physiques et psychologiques qui leur sont impos\u00e9es.<\/p>\n<\/div>\n<div> <strong>REMARQUE : Pri\u00e8re d\u2019envoyer les signatures \u00e0 l\u2019adresse \u00e9lectronique     du bureau :<\/strong> <font><a href=\"\">z_militants@yahoo.fr<\/a><\/font><\/div>\n<p> <font> <\/p>\n<div>\n<hr\/><\/div>\n<div align=\"center\">\n<h3 style=\"color: blue;\"><font size=\"3\"><strong>La Tunisie pr\u00eate \u00e0 plus de libert\u00e9s     politiques (mission du Congr\u00e8s US)<\/strong><\/font><\/h3>\n<\/div>\n<div>    \u00a0          <font>AFP, vendredi 1 juin 2007<\/font>      TUNIS &#8211; Une mission du Congr\u00e8s am\u00e9ricain a salu\u00e9 vendredi les progr\u00e8s     socio-\u00e9conomiques en Tunisie et affirm\u00e9 que ce pays \u00e9tait \u00ab\u00a0pr\u00eat\u00a0\u00bb \u00e0 plus de     libert\u00e9s politiques, \u00e0 l&rsquo;issue d&rsquo;une visite au cours de laquelle elle a     rencontr\u00e9 le pr\u00e9sident Zine El Abidine Ben Ali.      \u00a0      \u00ab\u00a0Il \u00e9tait important pour nous de constater l&rsquo;\u00e9norme progr\u00e8s \u00e9conomique\u00a0\u00bb, a     d\u00e9clar\u00e9 \u00e0 la presse le chef de cette mission, John Tanner (d\u00e9mocrate),     louant aussi les conditions sociales en mati\u00e8re de logement, de sant\u00e9 et     d&rsquo;\u00e9ducation.      Il a indiqu\u00e9 que sa d\u00e9l\u00e9gation avait discut\u00e9 avec les dirigeants tunisiens     des progr\u00e8s r\u00e9alis\u00e9s, mais aussi de la n\u00e9cessit\u00e9 d&rsquo;actions politiques     concr\u00e8tes.      \u00ab\u00a0La Tunisie est pr\u00eate \u00e0 l&rsquo;excercice de plus de libert\u00e9s dans le domaine     politique et dans celui de la presse\u00a0\u00bb, a-t-il d\u00e9clar\u00e9, notant l&rsquo;importance     d&rsquo;une telle \u00e9volution pour plus de d\u00e9veloppement, d&rsquo;investissements et     d&#8217;emplois.      \u00a0      Il a plaid\u00e9 pour un investissement accru des entreprises am\u00e9ricaines en     Tunisie et souhait\u00e9 que ce pays \u00ab\u00a0continue ses r\u00e9formes dans le secteur de la     presse (&#8230;) pour avancer sur la voie de la d\u00e9mocratie\u00a0\u00bb.      \u00a0      Outre le renforcement de la coop\u00e9ration avec la Tunisie, \u00ab\u00a0un des plus     anciens partenaires\u00a0\u00bb des Etats-Unis, M. Tanner a \u00e9voqu\u00e9 des discussions \u00ab\u00a0productives\u00a0\u00bb     sur l&rsquo;importance strat\u00e9gique croissante du Maghreb, sur la s\u00e9curit\u00e9, sur le     r\u00f4le et les capacit\u00e9s de l&rsquo;OTAN \u00e0 combattre l&rsquo;extr\u00e9misme en M\u00e9diterran\u00e9e.         \u00a0      Il a \u00e9voqu\u00e9 la menace que repr\u00e9sente Al-Qa\u00efda dans la r\u00e9gion, y compris en     Tunisie, estimant que l&rsquo;organisation terroriste \u00ab\u00a0tentait d&rsquo;essaimer dans     cette r\u00e9gion comme dans d&rsquo;autres parties du monde\u00a0\u00bb.      \u00a0      \u00ab\u00a0C&rsquo;est une menace permanente pour tous les gouvernements mod\u00e9r\u00e9s\u00a0\u00bb, a-t-il     poursuivi, appelant \u00e0 des \u00ab\u00a0efforts continus contre les activit\u00e9s     terroristes\u00a0\u00bb .      Il a salu\u00e9 l&rsquo;efficacit\u00e9 des services de s\u00e9curit\u00e9 en Tunisie et rappel\u00e9 le     d\u00e9mant\u00e8lement d&rsquo;un groupe salafiste \u00e0 la suite d&rsquo;affrontements sanglants en     d\u00e9cembre-janvier derniers, pr\u00e8s de Tunis.      \u00a0      M. Tanner et sa d\u00e9l\u00e9gation se sont entretenus jeudi et vendredi avec les     ministres des Affaires \u00e9trang\u00e8res et de la D\u00e9fense MM. Abdelwheb Abdallah et     Kamal Morjane, ainsi que le pr\u00e9sident de la Chambre des d\u00e9put\u00e9s Fouad Mbazaa.              Le groupe, qui venait de participer \u00e0 l&rsquo;Assembl\u00e9e parlementaire de l&rsquo;Otan au     Portugal, devait se rendre vendredi au Maroc.<\/div>\n<div>\n<hr\/><\/div>\n<div align=\"center\">\n<h3 style=\"color: blue;\"><font size=\"3\"><strong>Les corps de dix-huit migrants ont     \u00e9t\u00e9 rep\u00each\u00e9s au large de Malte<\/strong><\/font><\/h3>\n<\/div>\n<div>    \u00a0<\/div>\n<div>         Alors que plusieurs embarcations de clandestins ont fait naufrage, ces     derniers jours, au large de Malte, La Motte-Picquet, une fr\u00e9gate de la     marine fran\u00e7aise, a rep\u00each\u00e9 dix-huit corps de migrants, vendredi 1er juin,     dans cette zone. Selon un porte-parole de la pr\u00e9fecture maritime de la     M\u00e9diterran\u00e9e, situ\u00e9e \u00e0 Toulon (Var), la fr\u00e9gate fran\u00e7aise a d\u00e9couvert les     premiers corps peu avant midi, lors d&rsquo;une mission de surveillance. L&rsquo;\u00e9tat de     d\u00e9composition des cadavres, \u00ab\u00a0vraisemblablement \u00e0 l&rsquo;eau depuis plusieurs     jours\u00a0\u00bb, n&rsquo;a pas permis pour l&rsquo;instant de d\u00e9terminer la provenance des     naufrag\u00e9s, selon ce m\u00eame porte-parole.          La zone de d\u00e9couverte des cadavres se trouve \u00ab\u00a0\u00e0 la limite des eaux     territoriales maltaises et libyennes\u00a0\u00bb, selon la pr\u00e9fecture maritime. Mais,     selon les Forces arm\u00e9es maltaises, c&rsquo;est en eaux libyennes qu&rsquo;ont \u00e9t\u00e9     rep\u00each\u00e9s les corps. Dans un communiqu\u00e9, elles ont affirm\u00e9 que des \u00ab\u00a0efforts     diplomatiques (\u00e9taient) actuellement en cours entre la France et la Libye\u00a0\u00bb     afin que la fr\u00e9gate fran\u00e7aise puisse d\u00e9barquer les corps dans ce dernier     pays.     1 780 CLANDESTINS     Apr\u00e8s les \u00eeles Canaries (Espagne) et Lampedusa (Italie), Malte est devenu,     ces derniers mois, l&rsquo;un des lieux de d\u00e9barquement privil\u00e9gi\u00e9s des migrants,     souvent d&rsquo;origine africaine, esp\u00e9rant franchir les portes de l&rsquo;Union     europ\u00e9enne. En 2006, 1 780 clandestins sont arriv\u00e9s sur les c\u00f4tes maltaises.     La d\u00e9couverte macabre de la fr\u00e9gate intervient alors que Bruxelles voudrait     clarifier avec les Vingt-Sept les r\u00e8gles de sauvetage et de prise en charge     des immigrants en p\u00e9ril en mer. Le droit maritime pr\u00e9sente en effet des     lacunes dans ce domaine.     Ces derniers jours, les autorit\u00e9s maltaises ont ainsi refus\u00e9 \u00e0 plusieurs     reprises de prendre en charge des immigr\u00e9s clandestins qui avaient trouv\u00e9     refuge sur des cages d&rsquo;\u00e9levage de thons apr\u00e8s le naufrage de leur     embarcation. Selon elles, les migrants se trouvaient dans des eaux sous     responsabilit\u00e9 libyenne. Ce sont donc \u00e0 chaque fois des navires espagnols ou     italiens qui ont fini par r\u00e9cup\u00e9rer les clandestins.     La position maltaise suscite l&rsquo;indignation des associations humanitaires.     Mais les autorit\u00e9s de l&rsquo;Etat le plus dens\u00e9ment peupl\u00e9 d&rsquo;Europe s&rsquo;estiment     incapables d&rsquo;assumer seules l&rsquo;arriv\u00e9e massive de r\u00e9fugi\u00e9s sur leurs c\u00f4tes.     Elles demandent d&rsquo;urgence une coop\u00e9ration europ\u00e9enne am\u00e9lior\u00e9e sur le sujet.              <font>Elise Vincent     <\/font><font><strong>(Source \u00ab\u00a0Le Monde\u00a0\u00bb du 03.06.07)     <\/strong><\/font><font><a href=\"\">    http:\/\/www.lemonde.fr\/web\/article\/0,1-0@2-3214,36-918087@51-916580,0.html<\/a> <\/p>\n<hr\/>\n<p><\/font> <\/div>\n<div align=\"center\"> <font><font><strong>Conf\u00e9rence de presse de     la d\u00e9l\u00e9gation du Congr\u00e9s am\u00e9ricain en visite en Tunisie     <\/strong><\/font><font size=\"3\"><strong>\u00abLa Tunisie est la     voix de la mod\u00e9ration et nous comptons ensemble lutter contre l&rsquo;extr\u00e9misme     et le terrorisme\u00bb     .Optimisme quant \u00e0 la croissance des investissements am\u00e9ricains en Tunisie<\/strong><\/font><\/font><font> <\/font><\/div>\n<p> <\/font><font> <\/p>\n<div> <font>\u00a0Une d\u00e9l\u00e9gation du Congr\u00e8s am\u00e9ricain a s\u00e9journ\u00e9 en     Tunisie du 30 mai au 1er juin, 2007<\/font>.          La d\u00e9l\u00e9gation pr\u00e9sid\u00e9e par MM John Tanner, repr\u00e9sentant d\u00e9mocrate du     Tennessee et Paul Gillmor, repr\u00e9sentant r\u00e9publicain de l&rsquo;Ohio, s&rsquo;est     entretenue avec le Pr\u00e9sident Zine El Abidine Ben Ali, M.Kamel Morjane,     ministre de la D\u00e9fense, M.Abdelwaheb Abdallah, ministre des Affaires     Etrang\u00e8res ainsi que le pr\u00e9sident de la chambre des d\u00e9put\u00e9s, M.Fouad Mbazaa.     Les entretiens avec les responsables tunisiens ont port\u00e9 sur l&rsquo;importance     accord\u00e9e de plus en plus par les Etats-Unis \u00e0 notre r\u00e9gion ainsi qu&rsquo;aux     relations ancestrales qui existent entre la Tunisie et les Etats-Unis qui     datent de 200ans et des valeurs communes que les deux pays partagent     Lors de la conf\u00e9rence de presse organis\u00e9e \u00e0 l&rsquo;ambassade am\u00e9ricaine \u00e0 propos     de la teneur de la visite des deux repr\u00e9sentants am\u00e9ricains, M.M Tanner et     Gillmor ont d\u00e9clar\u00e9 que leurs entretiens ont concern\u00e9 la menace terroriste     dans la r\u00e9gion du Maghreb et particuli\u00e8rement Al Qa\u00efda, les moyens \u00e0 mettre     en \u0153uvre pour y faire face ainsi que la promotion des investissements     am\u00e9ricains en Tunisie et la coop\u00e9ration \u00e9conomique.     Ils ont pu ainsi \u00a0\u00bb d\u00e9couvrir les progr\u00e8s impressionnants r\u00e9alis\u00e9s en Tunisie     sur le plan \u00e9conomique \u00ab\u00a0.     \u00a0Le repr\u00e9sentant Guillmor a insist\u00e9 sur les relations d&rsquo;amiti\u00e9 qui lient les     deux pays et le souhait am\u00e9ricain de voir la Tunisie continuer sur la voie     du progr\u00e8s et de la prosp\u00e9rit\u00e9. Il a d\u00e9clar\u00e9 que de retour aux Etats-Unis,     ils parleront de l&rsquo;impression positive produite par leur visite et     l&rsquo;importance de continuer la coop\u00e9ration entre les deux pays pour r\u00e9soudre     et faire face aux probl\u00e8mes les concernant.     Parlant des r\u00e9formes politiques r\u00e9alis\u00e9es en Tunisie, le repr\u00e9sentant Tanner     a d\u00e9clar\u00e9 que \u00a0\u00bb La Tunisie est pr\u00eate, pour une plus grande libert\u00e9 aussi     bien sur le plan politique qu&rsquo;en mati\u00e8re de libert\u00e9 d&rsquo;expression. Ces deux     \u00e9l\u00e9ments \u0153uvreront \u00e0 porter la Tunisie vers un grand d\u00e9veloppement sur le     plan international, plus de d\u00e9veloppement et plus d&rsquo;investissements qui     pourront cr\u00e9er des emplois \u00ab\u00a0. \u00ab\u00a0Le gouvernement tunisien, a affirm\u00e9 M.Tanner,     est conscient du fait que pour \u00eatre fort et libre, on doit investir dans le     capital humain et pas uniquement dans les infrastructures \u00a0\u00bb     R\u00e9pondant \u00e0 une question sur le renforcement du pluralisme, M.Tanner a     d\u00e9clar\u00e9 que les discussions avec les responsables tunisiens se sont     int\u00e9ress\u00e9es aux progr\u00e8s r\u00e9alis\u00e9s en la mati\u00e8re en Tunisie et qu&rsquo;aux     Etats-Unis, on comprend qu&rsquo;il faudrait avancer pas \u00e0 pas pour r\u00e9aliser les     r\u00e9sultats escompt\u00e9s.     Sur la teneur des discussions concernant la lutte antiterroriste ainsi que     la pr\u00e9sence d&rsquo;Al Qa\u00efda en Afrique du Nord, le repr\u00e9sentant Guilmore a     r\u00e9pondu que tout le monde est conscient du fait que les groupes terroristes     cherchent \u00e0 implanter des cellules partout dans le monde et qu&rsquo;il \u00e9tait     \u00e9vident qu&rsquo;Al Qa\u00efda avait des cellules au Nord de l&rsquo;Afrique, il a ajout\u00e9 que     les forces de s\u00e9curit\u00e9 en Tunisie sont tr\u00e8s bien averties et qu&rsquo;elles     assurent parfaitement leur r\u00f4le. Tout le monde, a-t-il affirm\u00e9, est au     courant de la mani\u00e8re dont elles ont mis fin aux incidents qui ont eu lieu \u00e0     la fin du mois de d\u00e9cembre 2006 et au d\u00e9but janvier 2007. La Tunisie, a     ajout\u00e9 le repr\u00e9sentant Tanner, est la voix de la mod\u00e9ration et nous comptons     ensemble lutter contre l&rsquo;extr\u00e9misme et le terrorisme.     Parlant du d\u00e9veloppement \u00e9conomique en Tunisie, le repr\u00e9sentant Gillmor     s&rsquo;est montr\u00e9 tr\u00e8s optimiste quant \u00e0 la croissance des investissements     am\u00e9ricains en Tunisie, ainsi qu&rsquo;\u00e0 l&rsquo;encouragement des \u00e9changes touristiques     entre les deux pays et la promotion de la destination Tunisie aux Etats-Unis.     Questionn\u00e9 sur ce qu&rsquo;ils pensaient du fait que le gouvernement tunisien     pense que le d\u00e9veloppement est la seule solution pour lutter contre le     terrorisme, le repr\u00e9sentant Tanner a d\u00e9clar\u00e9 qu&rsquo;il approuvait cette position     et que les Etats-Unis sont pr\u00eats \u00e0 soutenir la Tunisie dans ses efforts pour     le d\u00e9veloppement et renforcer ses programmes au niveau de l&#8217;emploi des     cadres. L&rsquo;Ambassadeur am\u00e9ricain en poste en Tunisie a-t-il dit, est en train     d&rsquo;organiser la visite d&rsquo;une d\u00e9l\u00e9gation d&rsquo;investisseurs am\u00e9ricains pour     qu&rsquo;ils puissent examiner avec leurs homologues tunisiens les possibilit\u00e9s     d&rsquo;un partenariat r\u00e9el et fructueux.     \u00a0R\u00e9pondant \u00e0 une question concernant \u00abAfrica command\u00bb : un Etat-major     sp\u00e9cifique pour l&rsquo;Afrique, annonc\u00e9 au mois de f\u00e9vrier 2007 par le Pr\u00e9sident     Bush, et qui devrait commencer \u00e0 fonctionner le 30 septembre 2008, les     repr\u00e9sentants ont d\u00e9clar\u00e9 que leurs discussions avec les responsables     tunisiens ont port\u00e9 particuli\u00e8rement sur les questions de s\u00e9curit\u00e9 et la     lutte contre le terrorisme et qu&rsquo;\u00abAfrica command\u00bb n&rsquo;\u00e9tait pas \u00e0 l&rsquo;ordre du     jour.     \u00a0     <font>Amel Belhadj Ali     <\/font> <font><strong>\u00a0(Source : \u00ab Le Temps \u00bb (Quotidien \u2013 Tunis),     le 2 juin 2007) <\/strong><\/font> <\/div>\n<p> <\/font> <\/p>\n<div> <font><\/font>\u00a0<\/div>\n<div> <font><\/p>\n<hr\/>\n<p><\/font> <\/div>\n<div> <font><\/font>\u00a0<\/div>\n<div align=\"center\"> <font><\/p>\n<h3 style=\"color: blue;\"><font size=\"3\"><strong>L\u2019Union     Europ\u00e9enne M\u00e9diterran\u00e9enne<\/strong><\/font><\/h3>\n<p><\/font><\/div>\n<div>    \u00a0<\/div>\n<div align=\"justify\"> <font>Par Ta\u00efeb Zahar<\/font>          Depuis l&rsquo;\u00e9chec du Trait\u00e9 constitutionnel, rejet\u00e9 notamment par les Fran\u00e7ais     \u00e0 qui il a \u00e9t\u00e9 soumis par voie r\u00e9f\u00e9rendaire, l&rsquo;Union Europ\u00e9enne est     confront\u00e9e \u00e0 de nombreux probl\u00e8mes quant \u00e0 son identit\u00e9, ses institutions et     son r\u00f4le dans le monde, certains vont m\u00eame jusqu&rsquo;\u00e0 d\u00e9clarer qu&rsquo;elle est en     panne. L&rsquo;Union Europ\u00e9enne est un cas unique dans l&rsquo;histoire d&rsquo;une     int\u00e9gration qui s&rsquo;est faite dans la paix entre des pays qui se sont     affront\u00e9s \u00e0 plusieurs reprises au cours de leur histoire et qui constitue     aujourd&rsquo;hui une formidable puissance \u00e9conomique et un mod\u00e8le pour de     nombreux pays qui ne parviennent pas \u00e0 assurer leur int\u00e9gration \u00e9conomique     et politique malgr\u00e9 les nombreux facteurs historiques, culturels et     d&rsquo;int\u00e9r\u00eats qui militent en sa faveur; il s&rsquo;agit notamment des pays du     Maghreb. Le succ\u00e8s de l&rsquo;Union Europ\u00e9enne porte en lui-m\u00eame les donn\u00e9es des     probl\u00e8mes qu&rsquo;elle a aujourd&rsquo;hui \u00e0 g\u00e9rer et \u00e0 r\u00e9soudre. Le premier est celui     de son identit\u00e9. A ce niveau, les positions divergent et si certains jugent     que ses acquis sont largement positifs et que l&rsquo;avenir des pays qui la     composent ne saurait se concevoir en dehors d&rsquo;elle, d&rsquo;autres, qui exploitent     des repr\u00e9sentations collectives populaires et les effets du ralentissement     de la croissance dans certains de ses membres, consid\u00e8rent que tous les maux     proviennent de Bruxelles et ils professent -particuli\u00e8rement au cours des     p\u00e9riodes \u00e9lectorales- des conceptions nationalistes qui trouvent un certain     \u00e9cho surtout aupr\u00e8s des classes populaires et des laiss\u00e9s pour compte des     mutations de l&rsquo;\u00e9conomie mondiale auxquelles l&rsquo;Europe ne saurait \u00e9chapper.              Ces probl\u00e8mes sont l&rsquo;occasion d&rsquo;un large d\u00e9bat sur l&rsquo;identit\u00e9 de l&rsquo;UE que     certains voudraient moins marchande et plus sociale ; en fait c&rsquo;est l&rsquo;avenir     du mod\u00e8le social europ\u00e9en qui est en jeu car, face \u00e0 la mondialisation et \u00e0     l&rsquo;attrait du mod\u00e8le lib\u00e9ral am\u00e9ricain, ses acquis semblent menac\u00e9s et cette     situation rend imp\u00e9rative pour l&rsquo;Europe la recherche d&rsquo;un mod\u00e8le qui     concilie l&rsquo;attachement aux dimensions sociales et les exigences qu&rsquo;impose     l&rsquo;adaptation \u00e0 l&rsquo;\u00e9conomie mondialis\u00e9e et \u00e0 l&rsquo;\u00e9mergence de puissants     concurrents qui n&rsquo;ont pas \u00e0 assumer les charges de ce mod\u00e8le. Il est \u00e9vident     que l&rsquo;issue de ce d\u00e9bat sera d\u00e9terminante pour l&rsquo;avenir. Le deuxi\u00e8me \u00e9l\u00e9ment     de l&rsquo;identit\u00e9 de l&rsquo;Europe est en rapport avec ses relations avec les pays du     Sud.           Ces relations ont \u00e9t\u00e9, au cours de l&rsquo;histoire, conflictuelles mais     l&rsquo;\u00e9volution de ces pays et leur volont\u00e9 de d\u00e9passer le poids de ce pass\u00e9     ainsi que les int\u00e9r\u00eats communs ont permis de d\u00e9gager de nouvelles     perspectives d&rsquo;avenir port\u00e9es vers la coop\u00e9ration et le partenariat. Des pas     ont \u00e9t\u00e9 faits, des accords sign\u00e9s, mais bien en de\u00e7\u00e0 du rythme souhait\u00e9     particuli\u00e8rement par les peuples du Sud et l&rsquo;\u00e9largissement de l&rsquo;U.E aux pays     de l&rsquo;Est et du Centre de l&rsquo;Europe ne sont pas de nature \u00e0 faciliter les     choses. L&rsquo;Europe doit d\u00e9finir ses rapports avec les pays du Sud de la     M\u00e9diterran\u00e9e en toute clart\u00e9 et sans pr\u00e9jug\u00e9 culturel ou religieux de     l&rsquo;ordre de ceux qui sont \u00e0 l&rsquo;origine de la position des adversaires de     l&rsquo;adh\u00e9sion de la Turquie \u00e0 l&rsquo;UE. Le deuxi\u00e8me probl\u00e8me auquel l&rsquo;Europe se     trouve confront\u00e9e est celui de ses institutions. La n\u00e9cessit\u00e9 de doter     l&rsquo;Union Europ\u00e9enne d&rsquo;une Constitution est \u00e9vidente, la derni\u00e8re tentative a     \u00e9chou\u00e9 avec le rejet par les Fran\u00e7ais et les Hollandais du Trait\u00e9     constitutionnel et la situation de vide actuelle ne saurait durer.     D&rsquo;ailleurs, le Pr\u00e9sident Nicolas Sarkozy, qui avait annonc\u00e9 lors de son     \u00e9lection le \u201cretour de la France en Europe\u201d a appel\u00e9 \u00e0 l&rsquo;adoption d&rsquo;un texte     simplifi\u00e9 qui serait un cadre constitutionnel pour l&rsquo;Europe. Ce point de vue     est largement partag\u00e9 par les dirigeants europ\u00e9ens mais la conception d&rsquo;un     tel texte et son adoption par les vingt-sept pays membres ne seront pas     faciles et un nouvel \u00e9chec aurait des cons\u00e9quences tr\u00e8s n\u00e9gatives sur     l&rsquo;avenir de l&rsquo;Europe ; c&rsquo;est dire combien il est vital pour les     gouvernements europ\u00e9ens de trouver une solution \u00e0 ces probl\u00e8mes dans les     meilleurs d\u00e9lais. Enfin, le troisi\u00e8me probl\u00e8me est en rapport avec le r\u00f4le     de l&rsquo;Europe dans le monde. Il se pose sous trois aspects : le r\u00f4le de     l&rsquo;Europe dans les r\u00e9gions qui lui sont les plus proches, c&rsquo;est-\u00e0-dire avec     le Monde arabe et l&rsquo;Afrique, ses rapports avec son grand voisin de l&rsquo;Est -la     Russie- et enfin avec les Etats-Unis, \u00e0 la fois alli\u00e9s et concurrents.          Nous avons d\u00e9j\u00e0 parl\u00e9 des rapports de l&rsquo;UE et de son partenariat avec le     Maghreb. Avec le Monde arabe, l&rsquo;int\u00e9r\u00eat de l&rsquo;Europe est aussi \u00e9vident mais     on constate que face aux grands probl\u00e8mes de cette r\u00e9gion, essentiellement     le conflit isra\u00e9lo-palestinien et l&rsquo;Irak, l&rsquo;Europe n&rsquo;a pas de position     coh\u00e9rente et commune.           Quelques pays -et ils sont, il faut le reconna\u00eetre, rares- ont des     politiques arabes objectives et allant dans le sens de la reconnaissance des     droits des peuples arabes, alors que le reste des pays membres de l&rsquo;UE sont     align\u00e9s sur les positions des Etats-Unis, ce qui r\u00e9duit consid\u00e9rablement le     r\u00f4le politique de l&rsquo;Europe et sa pr\u00e9sence dans le Monde arabe.          Tant qu&rsquo;elle n&rsquo;aura pas une politique commune ind\u00e9pendante, l&rsquo;UE ne pourra     pas pr\u00e9tendre un r\u00f4le politique international de premier plan et perdra ses     chances d&rsquo;\u00eatre un partenaire privil\u00e9gi\u00e9 des pays arabes.          Avec la fin de l&#8217;empire sovi\u00e9tique, les Europ\u00e9ens ont pens\u00e9 que la Russie     serait condamn\u00e9e \u00e0 un r\u00f4le de puissance de second ordre, mais l&rsquo;\u00e9volution     des rapports de forces au cours des derni\u00e8res ann\u00e9es a profond\u00e9ment chang\u00e9     la donne. La Russie, sous Vladimir Poutine, s&rsquo;est dot\u00e9e d&rsquo;un r\u00e9gime     politique fort qui a mis fin aux errements de l&rsquo;\u00e9poque de Boris Eltsine et,     profitant du rench\u00e9rissement des prix du p\u00e9trole et du gaz qui lui a procur\u00e9     d&rsquo;\u00e9normes ressources financi\u00e8res, s&rsquo;est replac\u00e9 dans la position d&rsquo;un pays     qui revendique le statut d&rsquo;une grande puissance mondiale. Les effets de     cette ambition retrouv\u00e9e n&rsquo;ont pas manqu\u00e9 de marquer les relations de la     Russie avec l&rsquo;Europe, la premi\u00e8re, consciente de l&rsquo;\u00e9tat de d\u00e9pendance dans     lequel se trouve la seconde pour ses approvisionnements en gaz, veut traiter     sur un pied d&rsquo;\u00e9galit\u00e9 et refuse les situations que l&rsquo;Occident veut imposer     notamment au Kosovo et l&rsquo;adh\u00e9sion de ses anciens satellites \u00e0 l&rsquo;OTAN et leur     alignement sur ses positions. Cette nouvelle politique russe tendra \u00e0 se     renforcer et les diff\u00e9rends avec l&rsquo;UE ne vont pas s&rsquo;att\u00e9nuer.          Enfin, le dernier probl\u00e8me est celui des relations avec les Etats-Unis qui     sont \u00e0 la fois un alli\u00e9 et un concurrent. La guerre d&rsquo;Irak a r\u00e9v\u00e9l\u00e9 de     profondes divergences entre Washington, d&rsquo;une part, et Paris et Berlin     d&rsquo;autre part mais avec le d\u00e9part de Jacques Chirac, qui a jou\u00e9 un r\u00f4le tr\u00e8s     actif dans l&rsquo;affirmation d&rsquo;une position ind\u00e9pendante face \u00e0 l&rsquo;intervention     am\u00e9ricaine, les choses sont appel\u00e9es \u00e0 changer, d&rsquo;autant que son successeur     a souvent affirm\u00e9 sa sympathie pour les Etats-Unis et ses choix atlantistes.     On peut donc s&rsquo;attendre \u00e0 une certaine baisse de la tension entre les deux     parties mais le probl\u00e8me demeure pos\u00e9 car l&rsquo;Europe ne peut pas aspirer \u00e0 un     mod\u00e8le mondial de premier plan sans clarifier ses rapports avec la premi\u00e8re     puissance de la plan\u00e8te.          <font><strong>(Source: \u201cR\u00e9alit\u00e9s\u201d (magazine hebdomadaire-     Tunis), N\u00b0 1118 du 31 mai 2007)<\/strong><\/font><\/div>\n<div>\n<hr\/><\/div>\n<p> <\/font> <\/p>\n<div align=\"center\"> <strong><font>De l&rsquo;AKP turc et du PJD marocain aux Fr\u00e8res     Musulmans :      <\/font><font size=\"3\">Les islamistes sont-ils devenus     d\u00e9mocrates ?<\/font><\/strong><\/div>\n<div>    \u00a0<\/div>\n<div> <font>Dans les pays o\u00f9 ils sont l\u00e9galis\u00e9s, ou m\u00eame tol\u00e9r\u00e9s,     les mouvements politiques qui se r\u00e9clament de l&rsquo;islamisme risquent de gagner     les \u00e9lections. Est-ce un danger pour la d\u00e9mocratie et les Droits de l&rsquo;Homme     comme le pr\u00e9tendent leurs adversaires ou les premiers pas vers l&rsquo;alternance     comme le proclament leurs dirigeants et leurs alli\u00e9s ?     <\/font>     S&rsquo;il ne faut pas juger un mouvement uniquement sur ses origines, il n&rsquo;en     reste pas moins que celles-ci demeurent fondamentales pour comprendre ses     \u00e9volutions actuelles et futures.          <font>Le dogme de l&rsquo;islamisme<\/font>          Il est d\u00e9sormais \u00e9tabli que l&rsquo;islamisme politique est n\u00e9 avec Hassan Al     Banna en 1928 en Egypte. Le fondateur des \u201cFr\u00e8res Musulmans\u201d n&rsquo;a pas \u00e9t\u00e9 le     premier \u00e0 dire que les Musulmans modernes se sont \u00e9loign\u00e9s de l&rsquo;Islam     v\u00e9ritable, l&rsquo;Islam des origines. Son originalit\u00e9 r\u00e9side dans le fait qu&rsquo;il     ait pr\u00e9conis\u00e9, et r\u00e9alis\u00e9, une organisation id\u00e9ologico-politique qui a pour     mission de pr\u00e9parer les conditions pour la restauration du gouvernement     islamique.          Mais Hassan al Banna \u00e9tait un th\u00e9oricien m\u00e9diocre. Ce fut l&rsquo;indo-pakistanais     Aboul Alaa al Mawdudi qui donna \u00e0 l&rsquo;islamisme, d\u00e8s les ann\u00e9es 1930, sa     consistance th\u00e9ologique et id\u00e9ologique. Il est le v\u00e9ritable fondateur de     l&rsquo;id\u00e9ologie islamiste.          <font>En quoi consiste-t-elle ?<\/font>          L&rsquo;Islam n&rsquo;est pas une spiritualit\u00e9 individuelle, mais un projet global pour     la soci\u00e9t\u00e9. L&rsquo;individu doit certes ob\u00e9issance \u00e0 Dieu, mais sa pi\u00e9t\u00e9 demeure     incompl\u00e8te si tout le syst\u00e8me politique n&rsquo;est pas assujeti \u00e0 la volont\u00e9     divine. L&rsquo;objectif fondamental de l&rsquo;Islam est de restaurer l&rsquo;Islam par une (re)conversion     individuelle et par un gouvernement islamique (titre d&rsquo;un livre c\u00e9l\u00e8bre d&rsquo;Al     Mawdoudi) qui a pour mission essentielle d&rsquo;appliquer la loi divine (chariaa).          Ainsi, selon ses fondateurs, l&rsquo;islamisme est aux antipodes de la d\u00e9mocratie     sur le plan des principes. La loi divine face aux lois humaines. La     souverainet\u00e9 du Dieu face \u00e0 la souverainet\u00e9 des peuples.          Les dissidences de l&rsquo;islamisme          Aucun des tenants de l&rsquo;islamisme n&rsquo;a contest\u00e9 jusqu&rsquo;aux ann\u00e9es 1970 cette     d\u00e9marche id\u00e9ologique. Mais depuis ce moment-l\u00e0 l&rsquo;islamisme a chang\u00e9,     pr\u00e9tendent ses thurif\u00e9raires. Il aurait int\u00e9gr\u00e9, selon les m\u00eames ap\u00f4tres     dans son discours l&rsquo;exigence d\u00e9mocratique.          <font>Qu&rsquo;en est-il au fait ?<\/font>          Il est faux de penser qu&rsquo;une famille id\u00e9ologique aussi large que l&rsquo;islamisme     est monolithique. La diff\u00e9rence des r\u00e9alit\u00e9s nationales et la complexit\u00e9 des     forces sociales qui le portent ne peuvent pas rester sans influencer sur la     mouvance islamiste.          D&rsquo;ailleurs le mouvement central de l&rsquo;islamisme arabe, les Fr\u00e8res Musulmans,     a connu beaucoup de dissidences. Il y a eu au d\u00e9part le \u201cParti de la     lib\u00e9ration islamique\u201d du Palestinien Taqii Eddine Ennabhani dans les ann\u00e9es     1950, qui reprochait aux Fr\u00e8res Musulmans leur manque de conscience     politique. Mais il y a eu surtout les dissidences des ann\u00e9es 1980 avec     l&rsquo;\u00e9mergence des premiers groupes jihadistes salafistes. En clair les groupes     qui croient que les pouvoirs en place sont des r\u00e9gimes apostats et que les     soci\u00e9t\u00e9s musulmanes vivent dans une totale m\u00e9cr\u00e9ance, m\u00eame s&rsquo;ils divergent     sur les qualifications individuelles de cette m\u00e9cr\u00e9ance.          Pour ces groupes, qui ont donn\u00e9 plus tard la ligne id\u00e9ologique d&rsquo;\u201cAl Qa\u00efda\u201d,     le travail qui a \u00e9t\u00e9 fait par le Proph\u00e8te et ses Compagnons ; c&rsquo;est-\u00e0-dire     constituer un groupe de vrais croyants\u201d et partir avec eux \u00e0 la conqu\u00eate des     c\u0153urs et des r\u00e9gimes par la violence s&rsquo;il le faut, ce travail-l\u00e0 est \u00e0     refaire aujourd&rsquo;hui.          Cette derni\u00e8re dissidence est le ph\u00e9nom\u00e8ne majeur de la mouvance islamiste     d&rsquo;aujourd&rsquo;hui. Mais on ne peut pas ne pas relever l&rsquo;ambigu\u00eft\u00e9 de la position     des islamistes dits politiques par rapport aux jihadistes. Il n&rsquo;y a pas de     d\u00e9nonciation totale franche et sans \u00e9quivoque de cette terreur, surtout si     elle s&rsquo;abat sur des non-musulmans.          On parle toujours de \u201cjeunes musulmans \u00e9gar\u00e9s\u201d qui ont recours \u00e0 la violence     du fait de l&rsquo;oppression occidentale ou des r\u00e9gimes locaux. Et quand il y a     condamnation elle ne d\u00e9passe presque jamais l&rsquo;acte incrimin\u00e9. On peut tout     au plus dire que les jihadistes, pour l&rsquo;Islam politique, apportent de     fausses r\u00e9ponses \u00e0 de bonnes questions.          <font>Le recours \u00e0 la Chariaa<\/font>          L&rsquo;islamisme politique a cru, dans la foul\u00e9e de la R\u00e9volution islamique en     Iran, qu&rsquo;il avait une fen\u00eatre historique pour acc\u00e9der au pouvoir. Il y est     arriv\u00e9 au Soudan en s&rsquo;alliant avec la junte militaire. A ce moment-l\u00e0, tous     les moyens \u00e9taient bons pour la prise du pouvoir : r\u00e9volution populaire,     coup d&rsquo;Etat ou voie \u00e9lectorale. Cette fen\u00eatre s&rsquo;\u00e9tant referm\u00e9 par la chute     du bloc de l&rsquo;Est, les islamistes se rabattaient, faute de mieux, sur les     \u00e9lections.          Ils disent, depuis une vingtaine d&rsquo;ann\u00e9es, qu&rsquo;ils n&rsquo;imposeront rien par la     force \u00e0 la soci\u00e9t\u00e9 et qu&rsquo;ils accepteront le verdict des urnes.          Fait nouveau : certaines forces politiques dans le Monde Arabe, d&rsquo;ailleurs     qualifi\u00e9es de la\u00efques par les islamistes, ont fait la promotion de cette     \u201cconversion\u201d d\u00e9mocratique. L&rsquo;islamisme serait une force politique comme les     autres. Une alliance tactique ou strat\u00e9gique avec eux ne serait plus un     tabou.          Quelles garanties ont pr\u00e9sent\u00e9 les islamistes ? Deux fondamentalement : ne     pas recourir \u00e0 la violence et accepter le r\u00e9sultat des urnes. Que feront-ils     une fois au pouvoir ? Leurs alli\u00e9s \u201cla\u00efques\u201d nous disent, en substance,     qu&rsquo;il n&rsquo;y aura aucun danger. Pour preuve l&rsquo;AKP turc est au pouvoir depuis     2004 et rien de \u201cm\u00e9chant\u201d n&rsquo;est arriv\u00e9. C&rsquo;est aussi l&rsquo;argument majeur du     Parti pour la Justice et le D\u00e9veloppement marocain (les plus proches des     islamistes arabes de l&rsquo;AKP), seulement ces d\u00e9fenseurs oublient deux choses :          -S&rsquo;il est vrai que les principaux dirigeants de l&rsquo;AKP \u00e9taient islamistes     dans leur jeunesse, tous se refusent \u00e0 \u00eatre consid\u00e9r\u00e9s comme tel aujourd&rsquo;hui.     L&rsquo;AKP se pr\u00e9sente comme un parti de centre droit \u00e0 l&rsquo;instar des     conservateurs britanniques. Il a banni toute mention \u00e0 la chariaa dans son     programme. Il l&rsquo;a prouv\u00e9 en abolissant la peine de mort, ce qui lui a valu     plusieurs remontrances de la part des islamo-arabistes. Que vous reste-t-il     de l&rsquo;Islam si vous amendez une loi divine : la peine capitale ? leur     disaient-ils.          -Le principal mouvement islamiste arabe, les \u201cFr\u00e8res Musulmans\u201d, a battu     campagne lors des derni\u00e8res l\u00e9gislatives \u00e9gyptiennes sur le slogan \u201cL&rsquo;Islam     est la solution\u201d. Son guide supr\u00eame, Mehdi Akef, a d\u00e9clar\u00e9 \u00e0 plusieurs     reprises qu&rsquo;il y a du consensus en Egypte sur la n\u00e9cessit\u00e9 d&rsquo;appliquer la     chariaa.          Le PJD marocain a tent\u00e9 une timide ouverture. Pour lui son groupe     parlementaire ne votera pas des lois \u00e0 partir du Coran. Mais tous les     mouvements islamistes dans le Monde arabo-musulman, y compris le PJD, n&rsquo;ont     pas aboli la mention de l&rsquo;application de la chariaa ni dans leurs discours     internes ni dans leur d\u00e9clarations publiques. Les plus \u201couverts\u201d d&rsquo;entre eux     disent que la Loi divine a besoin d&rsquo;un ijtihad (effort d&rsquo;interpr\u00e9tation)     humain pour sa mise en \u0153uvre et que son application sera graduelle et sans     coercition excessive.          <font>Alors qui croire ?<\/font> <font>D\u00e9mocratie formelle ou r\u00e9elle ?<\/font>          L&rsquo;ambigu\u00eft\u00e9 viendrait de la d\u00e9finition du \u201cd\u00e9mocratique\u201d. Si l&rsquo;on vide la     d\u00e9mocratie de son substrat intellectuel qui fait de la Raison humaine le     l\u00e9gislateur supr\u00eame et qu&rsquo;on la r\u00e9duit \u00e0 une technique de prise de pouvoir     et d&rsquo;organisation de la soci\u00e9t\u00e9 politique, alors l&rsquo;islamisme dans sa version     majoritaire n&rsquo;a pas de probl\u00e8me particulier avec cette d\u00e9mocratie     \u201cformelle\u201d. Le pouvoir de la Loi divine sera mis en place par les     repr\u00e9sentants du peuple. Certains d&rsquo;entre eux se pressent pour nous dire que     si le peuple change d&rsquo;avis et qu&rsquo;il veut porter des la\u00efques au pouvoir,     alors-l\u00e0 ils s&rsquo;\u00e9clipseront avec \u00e9l\u00e9gance.          Seulement cette vision \u201cidyllique\u201d est d\u00e9mentie par les faits et par la     logique m\u00eame de l&rsquo;islamisme.          L&rsquo;islamisme consid\u00e8re qu&rsquo;en Islam religion et Etat sont indissociables. De     plus le point de vue qui pr\u00e9tend que l&rsquo;Islam n&rsquo;a pas vocation, pas plus que     les autres religions, \u00e0 r\u00e9genter la sph\u00e8re publique est une apostasie. Le     ch\u00e2timent de l&rsquo;apostat est la mort. Le vieux guide des \u201cFr\u00e8res R\u00e9publicains\u201d     soudanais Mahmoud l&rsquo;a exp\u00e9riment\u00e9 \u00e0 ses d\u00e9pens. Pour lui la chariaa est un     fait de l&rsquo;histoire qui n&rsquo;a plus lieu d&rsquo;\u00eatre. Il a \u00e9t\u00e9 condamn\u00e9 en 1985 pour     apostasie et il a \u00e9t\u00e9 ex\u00e9cut\u00e9 malgr\u00e9 son grand \u00e2ge. AUCUN islamiste arabe,     tunisien compris, n&rsquo;a protest\u00e9 ou \u00e9mis quelques r\u00e9serves. On peut penser que     cela n&rsquo;a pas beaucoup chang\u00e9.          Le turbulent num\u00e9ro deux du Front Islamique du Salut alg\u00e9rien, Ali Ben Hadj,     a d\u00e9clar\u00e9 en 1990 avec sa na\u00efvet\u00e9 dogmatique que la d\u00e9mocratie est une     m\u00e9cr\u00e9ance et que les \u00e9lections ne sont que le moyen de r\u00e9aliser le     gouvernement islamique et qu&rsquo;une fois au pouvoir le FIS mettra fin \u00e0 toutes     formes de m\u00e9cr\u00e9ances.          Enjeux politiques et g\u00e9opolitiques          <font>Les islamistes sont tiraill\u00e9es par quatre forces :      <\/font>     -leurs alli\u00e9s \u201cla\u00efques\u201d qui aimeraient entendre un discours plus rassurant     et moins th\u00e9ocratique ;           -leurs militants de base qui sont tr\u00e8s sollicit\u00e9s par les groupes jihadistes     et qui aspirent \u00e0 un discours plus engag\u00e9 id\u00e9ologiquement et politique ;          -les cadres du mouvement qui veulent capitaliser leur militantisme et se     frayer une place dans le jeu politique local ;          -des forces \u00e9trang\u00e8res, les Am\u00e9ricains en premier, qui voient dans     l&rsquo;islamisme politique une alternative cr\u00e9dible sur le moyen terme \u00e0 l&rsquo;unique     condition de ne pas menacer les int\u00e9r\u00eat des grandes puissances et de mater     d&rsquo;une mani\u00e8re plus radicales les groupes jihadistes.          Entre ces diff\u00e9rentes sollicitations, les islamistes pratiquent d\u00e9sormais     non plus le double langage, mais parfois le triple et le quadruple, tentant     d&rsquo;\u00eatre gagnants sur tous les fronts et d&rsquo;ajourner au maximum les arbitrages     douloureux.          Pour de multiples raisons la fen\u00eatre historique ouverte par l&rsquo;islamisme     politique dans les ann\u00e9es 1980 est ferm\u00e9e, et probablement \u00e0 jamais.     Seulement la nouvelle donne g\u00e9opolitique de l&rsquo;apr\u00e8s 11 septembre 2001 lui     offre de nouvelles opportunit\u00e9s.          Pour les Am\u00e9ricains, et dans un degr\u00e9 moindre les Europ\u00e9ens, la realpolitik     a c\u00e9d\u00e9 sa place \u00e0 une \u201cpolitique morale\u201d. En clair, on est pass\u00e9 d&rsquo;une     politique bas\u00e9e sur le respect de la souverainet\u00e9 des Etats \u00e0 une politique     plus interventionniste et qui s&rsquo;adresse aux forces politiques et     associatives par dessus et par dessous les Etats.          Cette nouvelle politique est porteuse de \u201cvaleurs morales\u201d bas\u00e9es sur la     n\u00e9cessit\u00e9 d&rsquo;engager des r\u00e9formes politiques dans le Monde arabo-musulman.     Face \u00e0 la faiblesse et \u00e0 la marginalit\u00e9 des groupes politiques la\u00efques, le     recours \u00e0 un certain islamisme dit mod\u00e9r\u00e9, comme le pr\u00f4ne le chef spirituel     des Fr\u00e8res Musulmans, Youssef El Karadawi, devient strat\u00e9gique.           <font>L&rsquo;islamisme peut-il rompre avec la Chariaa ?<\/font>          On ne compte plus les s\u00e9minaires et les rencontres qui r\u00e9unissent des     islamistes et leurs alli\u00e9s avec des d\u00e9cideurs et des politologues am\u00e9ricains     et europ\u00e9ens. L&rsquo;id\u00e9e centrale est que l&rsquo;islamisme dit mod\u00e9r\u00e9, c&rsquo;est-\u00e0-dire     l&rsquo;islamisme des Fr\u00e8res Musulmans, n&rsquo;est pas incompatible avec la d\u00e9mocratie.     Seulement on se garde bien de poser les questions qui f\u00e2chent. On se     contente d&rsquo;exhiber les projets d&rsquo;alliance avec les forces non-islamistes.     Cela vaut, pour certains, certificat de bonne conduite d\u00e9mocratique. Mais     d\u00e8s qu&rsquo;on interroge les tenants de l&rsquo;islamisme politique sur leur projet de     soci\u00e9t\u00e9 ou sur l&rsquo;application des ch\u00e2timents corporels, les alli\u00e9s     \u201cla\u00efques\u201dr\u00e9torquent que ce sont des questions de d\u00e9tails.          Admettons que la flagellation ou l&rsquo;amputation d&rsquo;une main soit une question     de d\u00e9tail (pour qui ?), mais la question principale d\u00e9passe ce \u201cd\u00e9tail\u201d     soit-il. Sommes-nous pour des lois humaines ou des lois divines ? L&rsquo;enjeu     est de taille. Car si les premi\u00e8res sont n\u00e9gociables, les secondes ne le     sont pas. Ensuite celui qui d\u00e9fend l&rsquo;application d&rsquo;une loi sacr\u00e9e est touch\u00e9     par cette m\u00eame sacralit\u00e9 et n&rsquo;est plus redevable, de cela, devant ses     concitoyens. Certains vous diront que les islamistes ont d\u00e9pass\u00e9 cela. On     voudrait bien les croire, mais on n&rsquo;a lu aucun texte doctrinaire officiel     qui clarifie cela.          On lit de temps en temps des positions que affirment la n\u00e9cessit\u00e9 de     l&rsquo;Ijtihad pour adapter la Loi religieuse. La question n&rsquo;est pas l\u00e0. Les     standards d\u00e9mocratiques minimums signifient clairement que l&rsquo;abrogation de     la chariaa est une n\u00e9cessit\u00e9 vitale. Quand on sait que les intellectuels     musulmans qui ont os\u00e9 affirm\u00e9 cela ont \u00e9t\u00e9 accus\u00e9 d&rsquo;h\u00e9r\u00e9sie et d&rsquo;apostasie     par les institutions de l&rsquo;Islam officiel, on comprend mieux pourquoi     l&rsquo;islamisme politique est incapable de r\u00e9aliser pareille mutation.          Cela voudrait-il dire que des personnes ou des groupes issus de l&rsquo;islamisme     politique ne peuvent \u00eatre en aucun cas d\u00e9mocrates ? Bien sur que non.          On a vu dans l&rsquo;histoire des id\u00e9ologies totalitaires d\u00e9boucher, suite \u00e0 un     long cheminement, sur des forces d\u00e9mocratiques. Seulement l&rsquo;id\u00e9ologie, quant     \u00e0 elle, est rest\u00e9e totalitaire. Les mutations ne sont jamais le fruit de     simples \u00e9volutions intellectuelles internes. C&rsquo;est souvent les garde-fous de     la soci\u00e9t\u00e9 qui obligent les mouvements id\u00e9ologiques \u00e0 changer.          Un Etat faible et des \u00e9lites fascin\u00e9es par le pouvoir sont des proies     faciles pour les mouvements maximalistes.          L&rsquo;exemple de la Turquie, que d&rsquo;aucuns brandissent ces derniers temps, le     prouve. C&rsquo;est l&rsquo;Etat et l&rsquo;arm\u00e9e k\u00e9malistes et la\u00efques qui ont oblig\u00e9 des     franges de l&rsquo;islamisme \u00e0 cette rupture de ban.           Seulement la volont\u00e9 de l&rsquo;AKP de vouloir tous les pouvoirs dans le pays de     Mustapha Kemal n&rsquo;est pas rassurante. Les retours en arri\u00e8re sont toujours     possible.          Si cela est vrai pour un parti qui se dit la\u00efque et en rupture totale avec     l&rsquo;islamisme, que dire alors de ces mod\u00e9r\u00e9s de chez nous qui pensent,     jusqu&rsquo;en 2007, que la la\u00efcit\u00e9 est au mieux une acculturation, au pire une     apostasie.           L&rsquo;ancien ministre des Affaires religieuses du Maroc Abdelk\u00e9bir Alaoui     Medgh\u00e9ri, r\u00e9put\u00e9 tr\u00e8s proche des th\u00e8ses islamistes, a reconnu dans un livre     qui a fait sensation au Maroc en 2006 \u201cLe gouvernement barbu, \u00e9tude critique     futuriste\u201d, que les valeurs de la\u00efcit\u00e9 et de d\u00e9mocratie sont contraires au     projet du gouvernement islamiste, m\u00eame dans ses phases initiales.          C&rsquo;est cela la r\u00e9alit\u00e9 de l&rsquo;islamisme dit mod\u00e9r\u00e9 d&rsquo;aujourd&rsquo;hui. Et m\u00eame s&rsquo;il     ne faut jamais minimiser la possibilit\u00e9 d&rsquo;une sortie individuelle ou     collective de l&rsquo;id\u00e9ologie th\u00e9ocratique, il y a encore au moins une     r\u00e9volution entre ces esp\u00e9rances et la r\u00e9alit\u00e9 du terrain.          <font><strong>(Source: \u201cR\u00e9alit\u00e9s\u201d (magazine hebdomadaire-     Tunis), N\u00b0 1118 du 31 mai 2007)<\/strong><\/font><\/div>\n<div>\n<hr\/><\/div>\n<div>    \u00a0<\/div>\n<div align=\"center\"> <b><a href=\"\"><font size=\"3\">www.tunisitri.net\/<\/font><\/a> <\/p>\n<h3 style=\"color: blue;\"><font size=\"3\">Articles du mois de Mai<\/font><\/h3>\n<p><\/b><\/div>\n<div>    \u00a0<\/div>\n<div> <font>Femmes otages en Irak !<\/font>     Communiqu\u00e9 de l\u2019Association des Oul\u00e9mas musulmans d\u2019Irak, 27 mai 2007     <font>http:\/\/tunisitri.net\/articles\/article105.html\/<\/font> <font>Irak, le plus important champ de mercenariat du monde<\/font>     Ren\u00e9 Naba&rsquo;a, lundi 28 mai 2007     <font>http:\/\/tunisitri.net\/articles\/article104.html\/<\/font>__________________________          <font>Face \u00e0 la barbarie sioniste : ils r\u00e9sistent      Prisonniers palestiniens et arabes d\u00e9tenus dans les prisons isra\u00e9liennes     <\/font><font>http:\/\/tunisitri.net\/articles\/article103.html\/___________________________<\/font> <font>\u00ab\u00a0Fath al-islam\u00a0\u00bb ou les mensonges du gouvernement     libanais ill\u00e9gal<\/font>     Rim al-Khatib, 21 mai 2007     <font>http:\/\/tunisitri.net\/actualites\/actu51.html\/     <\/font>________________________________________________________________          <font>La r\u00e9volution sioniste est morte !<\/font>     par Fran\u00e7ois Xavier      <font>http:\/\/tunisitri.net\/livre\/livre4.html\/<\/font>__________________________________     <font>La th\u00e9ologie de la lib\u00e9ration de Malek Bennabi<\/font>     Par Mohamed Tahar Bensaada, mardi 22 mai 2007      <font>http:\/\/tunisitri.net\/articles\/article102.html\/     <\/font>___________________________________________________________     <font>Esclavage sexuel dans le golfe et p\u00e9tition pour le     respect des droits de la femme \u00ab\u00a0immigr\u00e9e\u00a0\u00bb dans le golfe     <\/font>dimanche 13 mai 2007     <font>http:\/\/tunisitri.net\/articles\/article101.html\/<\/font>     ______________________________________________________________     <font>Le cauchemar g\u00e9opolitique des Etats-Unis<\/font>     jeudi 10 mai 2007     <font>http:\/\/tunisitri.net\/articles\/article100.html\/     <\/font>_______________________________________________________________     <font>Les mensonges et les manipulations linguistiques de     Blair<\/font>     Par Robert Fisk, The Independent, le 19 mai 2007     <font>http:\/\/tunisitri.net\/articles\/article99.html\/<\/font> <font>Un ancien d\u00e9tenu \u00e0 la prison am\u00e9ricaine de Boka en     Irak, l\u00e8ve le voile sur les m\u00e9thodes de recrutement des terroristes en     prison !<\/font>     Oussama Kamel : correspondant de iraqirabita : 17\/05\/07     <font>http:\/\/tunisitri.net\/articles\/article98.html\/<\/font>_____________________________     <font>&#8211; Iran, Etats-Unis, Grande-Bretagne : Comment le pire     a peut-\u00eatre \u00e9t\u00e9 \u00e9vit\u00e9<\/font>     15\/05\/07     <font>http:\/\/tunisitri.net\/articles\/article97.html\/_____________________________<\/font> <font>L\u2019Occident et sa t\u00eate de turc : la Turquie au banc de     l\u2019Europe ou au ban de l\u2019Europe ?<\/font>     Par Ren\u00e9 Naba, 15 mai 2007     <font>http:\/\/tunisitri.net\/articles\/article96.html\/<\/font>     _____________________________________________________________________     <font>La sale guerre : un plan machiav\u00e9lique de destruction     syst\u00e9matique de l\u2019Irak<\/font>     Sources diverses : 14\/05\/07!      <font>http:\/\/tunisitri.net\/articles\/article95.html\/<\/font>     ________________________________________________________     <font>USA : Arm\u00e9e fant\u00f4me<\/font>     Par Thomas d&rsquo;EVRY &#8211; QUOTIDIEN      <font>http:\/\/tunisitri.net\/articles\/article94.html\/_________________________________________<\/font> <font>Le boycott financier plonge les Palestiniens dans la     pauvret\u00e9 et porte atteinte aux services essentiels<\/font>     Communiqu\u00e9 de presse Oxfam \u2013 2007     <font>http:\/\/tunisitri.net\/articles\/article93.html\/<\/font> <font>Les r\u00e9fugi\u00e9s irakiens : Victimes de l\u2019arrogance     \u00e9tasunienne et des ambitions sectaires<\/font>.     Mouna Mahrous, 06\/05\/07     <font>http:\/\/tunisitri.net\/articles\/article92.html\/<\/font>     _________________________________________________________________      <font>Quel d\u00e9bat entre les deux rives ?     <\/font>Par Mustapha Ch\u00e9rif     <font>http:\/\/tunisitri.net\/articles\/article91.html\/<\/font> <font>Le camp de J\u00e9nine demeure une citadelle imprenable<\/font>     Nida&rsquo; al-Quds &#8211; correspondant, 4-7 mai 2007     <font>http:\/\/tunisitri.net\/articles\/article90.html\/<\/font>     _____________________________________________________     <font>REFORMES DANS LE MONDE ARABE : Pesanteurs internes et     influence externe<\/font>     par Abed Charef, Le Quotidien d&rsquo;Oran, 6 mai 2007     <font>http:\/\/tunisitri.net\/articles\/article89.html\/     <\/font>________________________________________________________________     <font>Olmert n&rsquo;a pas \u00e9chou\u00e9, c&rsquo;est la r\u00e9sistance qui a     vaincu !<\/font>     Abdel Bari Atwan, al-Quds al-Arabi, 2 mai 2007     <font>http:\/\/tunisitri.net\/articles\/article88.html\/<\/font>     ________________________________________________________________     <font>Diviser et conqu\u00e9rir, le jeu dangereux de     l&rsquo;administration US &#8211; Chiites versus Sunnites ?     <\/font>Conn Hallinan, Foreign Policy In Focus, 19 Avril 2007     <font>http:\/\/tunisitri.net\/articles\/article87.html\/     <\/font>________________________________________________________________     <font>Une solution pour des milliers de veuves et des     dizaines de milliers d\u2019orphelins<\/font>     Amman : Alquds Alarabi : 27 avril 2007     <font>http:\/\/tunisitri.net\/articles\/article86.html\/<\/font>     __________________________________________________________________________          <font>100 veuves et 400 orphelins chaque jour \u00e0 Bagdad !     900.000 orphelins en Irak en 4 ans !<\/font>     Hani Achour : Shabakat Albasrah,      24\/04\/07      <font>http:\/\/tunisitri.net\/articles\/article85.html\/     <\/font>________________________________________________________________     <font>Ce Mur est leur Tombe     <\/font>D\u00e9claration du Comit\u00e9 du Brussells Tribunal (25 Avril 2007)      <font>http:\/\/tunisitri.net\/actualites\/actu50.html\/<\/font> <font>Les USA sont la cause des violences en Irak     <\/font>Tony Busselen      <font>http:\/\/tunisitri.net\/articles\/article84.html\/<\/font> <font>Al-Quds : Nettoyage ethnique et juda\u00efsation rampante<\/font>     Ansaralquds : Nida&rsquo; al-Quds, 26 avril 2007      <font>http:\/\/tunisitri.net\/actualites\/actu49.html<\/font>\/<\/div>\n<\/p><\/div>\n<hr\/>\n<p align=\"center\"><b><a href=\"https:\/\/tunisnews.net\/ar\/\"><font face=\"Arabic Transparent\"><span><font>Home<\/font><\/span><font><span lang=\"FR-CH\"> &#8211; Accueil <\/span><span>&#8211; <\/span><\/font><\/font><span dir=\"rtl\" lang=\"AR-SA\"><font>\u0627\u0644\u0631\u0626\u064a\u0633\u064a\u0629<\/font><\/span><\/a><\/b><\/p>\n<p><\/body><\/body><\/html><\/p>","protected":false},"excerpt":{"rendered":"<p>Home &#8211; Accueil &#8211; \u0627\u0644\u0631\u0626\u064a\u0633\u064a\u0629 TUNISNEWS 8\u00a0\u00e8me\u00a0ann\u00e9e, N\u00b0\u00a02566\u00a0du 02.06.2007 \u00a0archives : www.tunisnews.net Conseil National pour les Libert\u00e9s en Tunisie: Bulletin de mai 2007 Ez-zeitouna de Suisse : PETITION DE CONDAMNATION ET DE SOUTIEN\u00a0\u00a0 AFP:La Tunisie pr\u00eate \u00e0 plus de libert\u00e9s politiques (mission du Congr\u00e8s US) Le Monde:Les corps de dix-huit migrants ont \u00e9t\u00e9 rep\u00each\u00e9s au [&hellip;]<\/p>\n","protected":false},"author":1,"featured_media":22040,"comment_status":"open","ping_status":"open","sticky":false,"template":"","format":"standard","meta":{"inline_featured_image":false,"site-sidebar-layout":"default","site-content-layout":"","ast-site-content-layout":"default","site-content-style":"default","site-sidebar-style":"default","ast-global-header-display":"","ast-banner-title-visibility":"","ast-main-header-display":"","ast-hfb-above-header-display":"","ast-hfb-below-header-display":"","ast-hfb-mobile-header-display":"","site-post-title":"","ast-breadcrumbs-content":"","ast-featured-img":"","footer-sml-layout":"","ast-disable-related-posts":"","theme-transparent-header-meta":"","adv-header-id-meta":"","stick-header-meta":"","header-above-stick-meta":"","header-main-stick-meta":"","header-below-stick-meta":"","astra-migrate-meta-layouts":"default","ast-page-background-enabled":"default","ast-page-background-meta":{"desktop":{"background-color":"","background-image":"","background-repeat":"repeat","background-position":"center center","background-size":"auto","background-attachment":"scroll","background-type":"","background-media":"","overlay-type":"","overlay-color":"","overlay-opacity":"","overlay-gradient":""},"tablet":{"background-color":"","background-image":"","background-repeat":"repeat","background-position":"center center","background-size":"auto","background-attachment":"scroll","background-type":"","background-media":"","overlay-type":"","overlay-color":"","overlay-opacity":"","overlay-gradient":""},"mobile":{"background-color":"","background-image":"","background-repeat":"repeat","background-position":"center center","background-size":"auto","background-attachment":"scroll","background-type":"","background-media":"","overlay-type":"","overlay-color":"","overlay-opacity":"","overlay-gradient":""}},"ast-content-background-meta":{"desktop":{"background-color":"var(--ast-global-color-5)","background-image":"","background-repeat":"repeat","background-position":"center center","background-size":"auto","background-attachment":"scroll","background-type":"","background-media":"","overlay-type":"","overlay-color":"","overlay-opacity":"","overlay-gradient":""},"tablet":{"background-color":"var(--ast-global-color-5)","background-image":"","background-repeat":"repeat","background-position":"center center","background-size":"auto","background-attachment":"scroll","background-type":"","background-media":"","overlay-type":"","overlay-color":"","overlay-opacity":"","overlay-gradient":""},"mobile":{"background-color":"var(--ast-global-color-5)","background-image":"","background-repeat":"repeat","background-position":"center center","background-size":"auto","background-attachment":"scroll","background-type":"","background-media":"","overlay-type":"","overlay-color":"","overlay-opacity":"","overlay-gradient":""}},"footnotes":""},"categories":[],"tags":[58,38,29],"class_list":["post-18007","post","type-post","status-publish","format-standard","has-post-thumbnail","hentry","tag-58","tag-38","tag-fr"],"_links":{"self":[{"href":"https:\/\/tunisnews.net\/ar\/wp-json\/wp\/v2\/posts\/18007","targetHints":{"allow":["GET"]}}],"collection":[{"href":"https:\/\/tunisnews.net\/ar\/wp-json\/wp\/v2\/posts"}],"about":[{"href":"https:\/\/tunisnews.net\/ar\/wp-json\/wp\/v2\/types\/post"}],"author":[{"embeddable":true,"href":"https:\/\/tunisnews.net\/ar\/wp-json\/wp\/v2\/users\/1"}],"replies":[{"embeddable":true,"href":"https:\/\/tunisnews.net\/ar\/wp-json\/wp\/v2\/comments?post=18007"}],"version-history":[{"count":0,"href":"https:\/\/tunisnews.net\/ar\/wp-json\/wp\/v2\/posts\/18007\/revisions"}],"wp:featuredmedia":[{"embeddable":true,"href":"https:\/\/tunisnews.net\/ar\/wp-json\/wp\/v2\/media\/22040"}],"wp:attachment":[{"href":"https:\/\/tunisnews.net\/ar\/wp-json\/wp\/v2\/media?parent=18007"}],"wp:term":[{"taxonomy":"category","embeddable":true,"href":"https:\/\/tunisnews.net\/ar\/wp-json\/wp\/v2\/categories?post=18007"},{"taxonomy":"post_tag","embeddable":true,"href":"https:\/\/tunisnews.net\/ar\/wp-json\/wp\/v2\/tags?post=18007"}],"curies":[{"name":"wp","href":"https:\/\/api.w.org\/{rel}","templated":true}]}}