{"id":17943,"date":"2010-03-09T00:00:00","date_gmt":"2010-03-09T00:00:00","guid":{"rendered":"https:\/\/tunisnews.net\/9-mars-2010\/"},"modified":"2010-03-09T00:00:00","modified_gmt":"2010-03-09T00:00:00","slug":"9-mars-2010","status":"publish","type":"post","link":"https:\/\/tunisnews.net\/ar\/9-mars-2010\/","title":{"rendered":"9 mars 2010"},"content":{"rendered":"<p><html><head><meta content=\"text\/html\" description=\"L\u2019Observatoire pour la protection des d\u00e9fenseurs \n\t\t\tdes droits de l\u2019Homme, programme conjoint de la F\u00e9d\u00e9ration \n\t\t\tinternationale des ligues des droits de l\u2019Homme (FIDH) et de \n\t\t\tl\u2019Organisation mondiale contre la torture (OMCT), vous prie \n\t\t\td\u2019intervenir de toute urgence sur la situation suivante en Tunisie.\" http-equiv=\"Content-Type\"\/><\/head><body><body><\/p>\n<p align=\"center\" dir=\"ltr\"><font face=\"Arial\" size=\"2\"><b><a href=\"http:\/\/www.tunisnews.net\/\"><span>Home<\/span><span lang=\"FR-CH\"> &#8211; Accuei<\/span><\/a><span lang=\"FR-CH\">l<\/span><\/b><\/font><\/p>\n<div>\n<div dir=\"ltr\"><\/div>\n<div align=\"center\" dir=\"ltr\"><font face=\"Arial\" size=\"7\"><strong>TUNISNEWS <\/strong><\/font><\/div>\n<div align=\"center\" dir=\"ltr\">\n<div><font face=\"Arial\" size=\"2\"><strong><font>9\u00a0\u00e8me ann\u00e9e, <span lang=\"FR\">N\u00b0\u00a03577 du 09.03.2010<\/span><\/font><\/strong><\/font><\/div>\n<\/div>\n<div align=\"center\" dir=\"ltr\"><span><font face=\"Arial\" size=\"2\"><font><strong>\u00a0archives :<\/strong><\/font><a target=\"_blank\" rel=\"noopener\"><font><strong>www.tunisnews.net<\/strong><\/font><\/a><\/font><\/span><font face=\"Arial\" size=\"2\"><font><strong>\u00a0<\/strong><\/font><span lang=\"FR\"><strong><\/strong><\/span><\/font><\/div>\n<div align=\"center\" dir=\"ltr\">\n<hr\/>\n<\/div>\n<div align=\"left\" dir=\"ltr\"><font face=\"Arial\" size=\"2\"><strong><\/p>\n<p><font>FIDH &#8211; OMCT: Campagne de diffamation \u00e0 l&rsquo;encontre de Mme Sihem Bensedrine, MM. Mohamed Abbou, MM. Khemais Chammari, Kamel Labidi, Moncef Marzouki et Mme Neziha Rejiba<\/font><\/p>\n<p> <font>AISPP: Encore une fois : Non au ch\u00e2timent collectif !<\/font> <\/p>\n<p><font>Libert\u00e9\u00a0 et Equit\u00e9: Un nouveau groupe de jeunes pratiquants est d\u00e9f\u00e9r\u00e9 devant le juge d\u2019instruction. L\u2019un d\u2019eux a \u00e9t\u00e9 atteint par une balle.<\/font><\/p>\n<p> <font>FTCR: Communiqu\u00e9<\/font> <\/p>\n<h2 style=\"color: red;\"><font>AP: Tunisie: gr\u00e8ve de la faim d&rsquo;une enseignante et journaliste de l&rsquo;opposition<\/font><\/h2>\n<p> <font>AFP: Tunisie: gr\u00e8ve de la faim \u00ab\u00a0symbolique\u00a0\u00bb de l&rsquo;opposante Zakia Dhifaoui<\/font> <\/p>\n<p><font>AP: La violence contre les femmes, un ph\u00e9nom\u00e8ne \u00ab\u00a0grave\u00a0\u00bb dans le monde arabe, selon la premi\u00e8re dame de Tunisie<\/font><\/p>\n<p> <font>AFP: PARIS, 9 mars 2010 (AFP) &#8211; Une ONG s&rsquo;inqui\u00e8te de d\u00e9cision d&rsquo;expulsions de chr\u00e9tiens du Maroc<\/font> <\/p>\n<p><font>Kh\u00e9ma\u00efs Chammari: Troisi\u00e8me session du sous-comit\u00e9 des droits de l\u2019Homme Tunisie-UE.. Une r\u00e9union presque pour rien\u2026<\/font><\/p>\n<p><\/strong><\/font><\/div>\n<div><font face=\"Arial\" size=\"2\"><span lang=\"FR\"><strong><\/p>\n<hr\/>\n<p><\/strong><\/span><\/font><\/div>\n<div><font face=\"Arial\" size=\"2\"><\/p>\n<div align=\"justify\"><font face=\"Arial\" size=\"2\"><\/p>\n<div align=\"center\">\n<h2 style=\"color: red;\"><font face=\"Arial\" size=\"3\"><strong>Campagne de diffamation \u00e0 l&rsquo;encontre de Mme Sihem Bensedrine, MM. Mohamed Abbou<\/strong><\/font><\/h2>\n<\/div>\n<div align=\"center\">\n<h2 style=\"color: red;\"><font face=\"Arial\" size=\"3\"><strong>, MM. Khemais Chammari, Kamel Labidi, Moncef Marzouki et Mme Neziha Rejiba<\/strong><\/font><\/h2>\n<\/div>\n<p align=\"center\"><strong>TUN 001 \/ 0310 \/ OBS 029  <font>Campagne de diffamation \/ Mauvais traitements \/ Harc\u00e8lement<\/font><\/strong> <\/p>\n<hr\/>\n<p>\u00a0<\/p>\n<div>Tunisie 4 mars 2010 \u00a0<\/div>\n<p align=\"justify\">L\u2019Observatoire pour la protection des d\u00e9fenseurs des droits de l\u2019Homme, programme conjoint de la F\u00e9d\u00e9ration internationale des ligues des droits de l\u2019Homme (FIDH) et de l\u2019Organisation mondiale contre la torture (OMCT), vous prie d\u2019intervenir de toute urgence sur la situation suivante en Tunisie. \u00a0<\/p>\n<h3 align=\"justify\" style=\"color: blue;\">Description de la situation :<\/h3>\n<p align=\"justify\">L\u2019Observatoire a \u00e9t\u00e9 inform\u00e9 de la poursuite de la campagne de diffamation \u00e0 l&rsquo;encontre de Mme <strong>Sihem Bensedrine<\/strong>, porte-parole du Conseil national pour les libert\u00e9s en Tunisie (CNLT), et de M. <strong>Khemais Chammari<\/strong>, ancien vice-pr\u00e9sident de la FIDH et membre du Conseil d&rsquo;administration de la Fondation Euro-m\u00e9diterran\u00e9enne de soutien aux d\u00e9fenseurs des droits de l&rsquo;Homme (FEMDH), et de l&rsquo;extension de cette campagne \u00e0 MM. <strong>Mohamed Abbou<\/strong>, avocat et membre co-fondateur du CNLT, <strong>Kamel Labidi<\/strong>, journaliste et ancien directeur de la section tunisienne d&rsquo;Amnesty International,<strong>Moncef Marzouki<\/strong>, ancien porte-parole du CNLT et pr\u00e9sident d&rsquo;honneur de la Ligue tunisienne des droits de l&rsquo;Homme (LTDH), exil\u00e9 en France depuis cinq ans, et Mme <strong>Neziha Rejiba<\/strong>, journaliste, laur\u00e9ate 2009 du prix international du Comit\u00e9 pour la protection des journalistes (CPJ), internationalement connue sous son nom de plume \u00ab\u00a0Om Zied\u00a0\u00bb. \u00a0<\/p>\n<p align=\"justify\">Selon les informations re\u00e7ues, le 27 f\u00e9vrier 2010, l&rsquo;hebdomadaire tunisien Koll Ennass a de nouveau publi\u00e9 un article contenant des propos diffamatoires \u00e0 l&rsquo;encontre de Mme Bensedrine et de M. Chammari, ainsi qu&rsquo;\u00e0 l&rsquo;encontre de MM. Abbou, Labidi, Marzouki et de Mme Rejiba, les taxant entre autres de \u00ab\u00a0vendus\u00a0\u00bb et de \u00ab\u00a0tra\u00eetres \u00e0 la nation\u00a0\u00bb. Les journaux Ach Chourouk, As Sarih et Al Hadat, qui avaient d\u00e9j\u00e0 publi\u00e9 des attaques d\u00e9gradantes contre Mme Rejiba quelques jours auparavant, ont \u00e0 leur tour repris ces propos, venant conforter la virulente campagne m\u00e9diatique de diffamation \u00e0 l&rsquo;encontre des d\u00e9fenseurs tunisiens initi\u00e9e en d\u00e9cembre 2009. \u00a0<\/p>\n<p align=\"justify\">Mme Naziha Rejiba est de plus victime d&rsquo;un harc\u00e8lement t\u00e9l\u00e9phonique incessant. Chaque nuit, entre 23h et 6h du matin, elle re\u00e7oit des appels anonymes d&rsquo;insultes et de menaces provenant de t\u00e9l\u00e9phones publics. \u00a0<\/p>\n<p align=\"justify\">Le 27 f\u00e9vrier \u00e9galement, alors qu&rsquo;il rentrait d&rsquo;un bref s\u00e9jour \u00e0 Rabat, M. Mohamed Abbou a \u00e9t\u00e9 intercept\u00e9 par la police \u00e0 l&rsquo;a\u00e9roport de Tunis, maltrait\u00e9 et soumis \u00e0 des fouilles au corps, puis insult\u00e9 et menac\u00e9 par quatre agents en civil qui lui ont assur\u00e9 qu&rsquo;ils allaient \u00ab\u00a0faire en sorte qu&rsquo;il retourne en prison\u00a0\u00bb. Depuis une dizaine de jours, M. Abbou fait de surcro\u00eet l&rsquo;objet d&rsquo;une filature ostentatoire et massive lors de tous ses d\u00e9placements, la police surveillant constamment son domicile et son lieu de travail. \u00a0<\/p>\n<p align=\"justify\">Le 2 mars 2010 au matin, les avocats de M. Chammari et de Mme Rejiba ont d\u00e9pos\u00e9 une plainte contre l&rsquo;hebdomadaire Koll Ennass aupr\u00e8s du substitut du Procureur. Il s&rsquo;agit de la quinzi\u00e8me plainte, toutes rest\u00e9es sans suite, d\u00e9pos\u00e9e aupr\u00e8s du Procureur de la R\u00e9publique et du Tribunal de Premi\u00e8re Instance de Tunis depuis d\u00e9but 2009 par les d\u00e9fenseurs menac\u00e9s dans leur int\u00e9grit\u00e9 physique ou psychologique. \u00a0<\/p>\n<p align=\"justify\">L&rsquo;Observatoire d\u00e9nonce la recrudescence de la campagne de diffamation et des actes de harc\u00e8lement et d&rsquo;intimidation \u00e0 l&rsquo;encontre des d\u00e9fenseurs des droits de l&rsquo;Homme tunisiens, et appelle les autorit\u00e9s tunisiennes comp\u00e9tentes \u00e0 prendre toutes les mesures n\u00e9cessaires afin de mettre un terme imm\u00e9diat \u00e0 de tels agissements.<\/p>\n<div align=\"justify\"> \u00a0<\/div>\n<p align=\"justify\">En outre, l&rsquo;Observatoire r\u00e9affirme sa pr\u00e9occupation quant \u00e0 la poursuite de la r\u00e9pression par les autorit\u00e9s de toute personne qui promeut et d\u00e9fend les droits de l&rsquo;Homme, et rappelle que conform\u00e9ment \u00e0 l\u2019article 1 de la D\u00e9claration sur les d\u00e9fenseurs des droits de l\u2019Homme, adopt\u00e9e par l\u2019Assembl\u00e9e g\u00e9n\u00e9rale des Nations Unies le 9 d\u00e9cembre 1998, \u201cchacun a le droit, individuellement ou en association avec d\u2019autres, de promouvoir la protection et la r\u00e9alisation des droits de l\u2019Homme et des libert\u00e9s fondamentales aux niveaux national et international\u201d. \u00a0<\/p>\n<h3 align=\"justify\" style=\"color: blue;\">Actions requises :<\/h3>\n<p align=\"justify\">L\u2019Observatoire vous prie de bien vouloir \u00e9crire aux autorit\u00e9s tunisiennes en leur demandant de : \u00a0<\/p>\n<ol>\n<li>\n<div align=\"justify\">Garantir en toutes circonstances l\u2019int\u00e9grit\u00e9 physique et psychologique de M. Mohamed Abbou, Mme Sihem Bensedrine, MM. Khemais Chammari, Kamel Labidi, Moncef Marzouki et Mme Neziha Rejiba ainsi que de tous les d\u00e9fenseurs des droits de l&rsquo;Homme tunisiens;<\/div>\n<p> \u00a0<\/li>\n<li>Mettre un terme imm\u00e9diat \u00e0 toute forme de diffamation, de harc\u00e8lement et d&rsquo;intimidation \u00e0 l\u2019encontre de M. Mohamed Abbou, Mme Sihem Bensedrine, MM. Khemais Chammari, Kamel Labidi, Moncef Marzouki et Mme Neziha Rejiba ainsi qu\u2019\u00e0 l\u2019encontre de tous les d\u00e9fenseurs des droits de l\u2019Homme tunisiens; \u00a0<\/li>\n<li>Mener sans d\u00e9lai une enqu\u00eate ind\u00e9pendante, impartiale et transparente sur la campagne de diffamation et les actes de harc\u00e8lement et d&rsquo;intimidation mentionn\u00e9s ci-dessus, et en rendre les r\u00e9sultats publics, afin d\u2019identifier les responsables, de les traduire devant un tribunal garantissant un proc\u00e8s \u00e9quitable conform\u00e9ment aux principes de droit international; \u00a0<\/li>\n<li>Se conformer aux dispositions de la D\u00e9claration sur les d\u00e9fenseurs des droits de l\u2019Homme, adopt\u00e9e par l\u2019Assembl\u00e9e g\u00e9n\u00e9rale des Nations unies le 9 d\u00e9cembre 1998, et plus particuli\u00e8rement \u00e0 son article 6 qui stipule que \u00ab chacun a le droit, individuellement ou en association avec d\u2019autres: a) de d\u00e9tenir, rechercher, obtenir, recevoir et conserver des informations sur tous les droits de l&rsquo;Homme et toutes les libert\u00e9s fondamentales en ayant notamment acc\u00e8s \u00e0 l&rsquo;information quant \u00e0 la mani\u00e8re dont il est donn\u00e9 effet \u00e0 ces droits dans le syst\u00e8me l\u00e9gislatif, judiciaire ou administratif national ; b) conform\u00e9ment aux instruments internationaux relatifs aux droits de l&rsquo;Homme et autres instruments internationaux applicables, de publier, communiquer \u00e0 autrui ou diffuser librement les id\u00e9es, informations et connaissances sur tous les droits de l&rsquo;homme et toutes les libert\u00e9s fondamentales ; c) d&rsquo;\u00e9tudier, discuter, appr\u00e9cier et \u00e9valuer le respect, tant en droit qu&rsquo;en pratique, de tous les droits de l&rsquo;Homme et de toutes les libert\u00e9s fondamentales et, par ces moyens et d&rsquo;autres moyens appropri\u00e9s, d&rsquo;appeler l&rsquo;attention du public sur la question \u00bbet son article 12.2 qui pr\u00e9voit que \u00ab l\u2019Etat prend toutes les mesures n\u00e9cessaires pour assurer que les autorit\u00e9s comp\u00e9tentes prot\u00e8gent toute personne, individuellement ou en association avec d\u2019autres, de toute violence, menace, repr\u00e9sailles, discrimination <em>de facto<\/em> ou de jure, pression ou autre action arbitraire dans le cadre de l\u2019exercice l\u00e9gitime des droits vis\u00e9s dans la pr\u00e9sente D\u00e9claration \u00bb; \u00a0<\/li>\n<li>Plus g\u00e9n\u00e9ralement, se conformer aux dispositions de la D\u00e9claration universelle des droits de l\u2019Homme et instruments r\u00e9gionaux et internationaux relatifs aux droits de l\u2019Homme ratifi\u00e9s par la Tunisie \u00a0<\/li>\n<\/ol>\n<h3 style=\"color: blue;\">Adresses<\/h3>\n<ul> \u00a0<\/p>\n<li>M. Zine el-Abidine Ben Ali, Pr\u00e9sident de la R\u00e9publique, Palais de Carthage, 2016 Carthage, Tunisie, Fax : +216 71 744 721 ou +216 71 731 009 \u00a0<\/li>\n<li>M. Mohamed Ghannouchi, Premier Ministre, Secr\u00e9tariat G\u00e9n\u00e9ral du Gouvernement, Rue de la Kasbah, 1008 Tunis, Tunisie, Fax : +216 71 562 378 \u00a0<\/li>\n<li>M. Rafik Belhaj Kacem, Minist\u00e8re de l\u2019Int\u00e9rieur et du D\u00e9veloppement local, Avenue Habib Bourguiba, 1001 Tunis, Tunisie, Fax : ++ 216 71 340 888 ; Email : mint@ministeres.tn \u00a0<\/li>\n<li>M. Kamel Morjane, Minist\u00e8re de la D\u00e9fense Nationale, Avenue Bab Mnara, La Kasbah, 1008 Tunis, Tunisie, Fax : +216 71 561 804 \u00a0<\/li>\n<li>M. Bechir Tekkari, Minist\u00e8re de la Justice et des Droits de l\u2019Homme, 57, Boulevard Bab Benat, 1006 Tunis, Tunisie, Fax : +216 71 568 106 ; Email : mju@ministeres.tn \u00a0<\/li>\n<li>Ambassadeur de la Tunisie devant les Nations Unies \u00e0 Gen\u00e8ve, Mission permanente de la Tunisie aupr\u00e8s de l\u2019Office des Nations Unies \u00e0 Gen\u00e8ve, 58 Rue Moillebeau, Case postale 272, 1211 Gen\u00e8ve 19, Suisse, Fax : +41 22 734 06 63 ; Email : mission.tunisia@ties.itu.int \u00a0<\/li>\n<li>Ambassade de la Tunisie \u00e0 Bruxelles, 278 avenue de Tervueren, 1150 Woluwe-Saint-Pierre, Belgique, Fax : + 32 2 771 94 33 \u00a0<\/li>\n<\/ul>\n<p>Paris-Gen\u00e8ve, le 4 mars 2010  Merci de bien vouloir informer l\u2019Observatoire de toutes actions entreprises en indiquant le code de cet appel.  L\u2019Observatoire, programme de la FIDH et de l\u2019OMCT, a vocation \u00e0 prot\u00e9ger les d\u00e9fenseurs des droits de l\u2019homme victimes de violations et \u00e0 leur apporter une aide aussi concr\u00e8te que possible.  L\u2019Observatoire a \u00e9t\u00e9 laur\u00e9at 1998 du Prix des Droits de l\u2019Homme de la R\u00e9publique Fran\u00e7aise.  <u>Pour contacter l\u2019Observatoire, appeler La Ligne d\u2019Urgence :<\/u>   \u00a0<\/p>\n<ul> \u00a0<\/p>\n<li>E-mail : Appeals@fidh-omct.org \u00a0<\/li>\n<li>Tel et fax OMCT : + 41 22 809 49 39 \/ 41 22 809 49 29 \u00a0<\/li>\n<li>Tel et fax FIDH : 33 1 43 55 25 18 \/ 33 1 43 55 18 80 <\/li>\n<\/ul>\n<p><\/font><\/div>\n<div align=\"center\"><font face=\"Arial\" size=\"2\"><strong><font><\/p>\n<hr\/>\n<p>Association Internationale de Soutien aux Prisonniers Politiques<\/font><\/strong> 43 rue Eldjazira, Tunis <a href=\"mailto:aispptunisie@yahoo.fr\">aispptunisie@yahoo.fr<\/a> Tunis, le 8 mars 2010 <strong><\/p>\n<h2 style=\"color: red;\"><font size=\"3\">Encore une fois : Non au ch\u00e2timent collectif !<\/font><\/h2>\n<p><\/strong><\/font><\/div>\n<div align=\"justify\"><font face=\"Arial\" size=\"2\"><\/p>\n<hr\/>\n<p> L\u2019association a appris que les autorit\u00e9s consulaires tunisiennes \u00e0 Paris avaient refus\u00e9 \u00e0 A\u00efcha Dhaouadi, ex prisonni\u00e8re politique (\u00e9pouse du r\u00e9fugi\u00e9 politique en France Mohammed H\u00e9di K\u00e9fi) de renouveler son passeport sans motif ni justification l\u00e9gale, se contentant d\u2019arguer que la d\u00e9cision en revenait au minist\u00e8re de l\u2019Int\u00e9rieur \u00e0 Tunis. Madame A\u00efcha Dhaouadi a \u00e9t\u00e9 soumise \u00e0 la torture et a \u00e9t\u00e9 incarc\u00e9r\u00e9e huit mois pour maintien d\u2019association non autoris\u00e9e et collecte de fonds sans autorisation (elle fait partie des cas adopt\u00e9s par Amnesty International en 1995). Elle a \u00e9t\u00e9 lib\u00e9r\u00e9e le 19 janvier 1996. Apr\u00e8s des atermoiements et des brimades diverses elle a obtenu son passeport le 6 juin 1997 et a rejoint son mari en France. Elle l\u2019a renouvel\u00e9 le 2 juin 2003 au terme d\u2019une ann\u00e9e d\u2019attente mais elle attend depuis le 14 avril 2008 son renouvellement, ce qui l\u2019a emp\u00each\u00e9e d\u2019assister aux fun\u00e9railles de son p\u00e8re d\u00e9c\u00e9d\u00e9 il y a trois jours, le 6 mars 2010 et ce qui l\u2019emp\u00eache maintenant d\u2019assister sa m\u00e8re malade. [\u2026] Pour l\u2019association <strong><font>Le Comit\u00e9 Directeur<\/font><\/strong> <font>(traduction d\u2019extraits ni revue ni corrig\u00e9e par les auteurs de la version en arabe, LT)<\/font><\/font><\/div>\n<p><\/font><\/div>\n<div>\n<hr\/>\n<\/div>\n<div align=\"center\"><font face=\"Arial\" size=\"2\">Libert\u00e9\u00a0 pour le Docteur Sadok Chourou, le prisonnier des deux d\u00e9cennies Libert\u00e9\u00a0 pour tous les prisonniers politiques <strong><font>Libert\u00e9\u00a0 et Equit\u00e9<\/font><\/strong> Organisation de droits humains ind\u00e9pendante Tunis, le 8 mars 2010 <strong><\/p>\n<h2 style=\"color: red;\"><font size=\"3\">Nouvelles des libert\u00e9s en Tunisie<\/font><\/h2>\n<p><\/strong><\/font><\/div>\n<div align=\"justify\"><font face=\"Arial\" size=\"2\"><\/p>\n<hr\/>\n<p> <strong>Un nouveau groupe de jeunes pratiquants est d\u00e9f\u00e9r\u00e9 devant le juge d\u2019instruction. L\u2019un d\u2019eux a \u00e9t\u00e9 atteint par une balle.<\/strong>  Le matin du lundi 8 mars 2010, Zyed Ben Ammar Ben Kamel Labidi, H\u00e9ni Ben Lassaad Ben H\u00e9di Mchichi, Rafik Ben Mohammed Tahar Ben Mohammed Salah Ali, Ghaith Ben Ahmed Ben Habib Ghazouani et Houda Bent Mohammed Ben Mustapha Ouertani (\u00e9pouse de Zyed Labidi) ont \u00e9t\u00e9 d\u00e9f\u00e9r\u00e9s devant le juge d\u2019instruction du sixi\u00e8me bureau du Tribunal de Premi\u00e8re Instance de Tunis, pour agression de fonctionnaire public en exercice, port d\u2019arme blanche prohib\u00e9, fourniture de substances explosives \u00e0 une organisation, adh\u00e9sion \u00e0 une organisation terroriste, falsification de carte d\u2019identit\u00e9, incitation \u00e0 la commission d\u2019infractions terroristes, tenue de r\u00e9unions sans autorisation.  Le jeune Zyed Labidi a \u00e9t\u00e9 amen\u00e9 sur un fauteuil roulant car il avait atteint d\u2019un coup de feu. Quant \u00e0 son \u00e9pouse, Houda Ouertani, elle n\u2019\u00e9tait pas l\u00e0 car elle a \u00e9t\u00e9 atteinte elle aussi d\u2019un coup de feu et elle est actuellement \u00e0 l\u2019h\u00f4pital de La Marsa.  <strong>Poursuite du contr\u00f4le rapproch\u00e9 d\u2019Abdelkarim Harouni et Sahbi Atig<\/strong>  [\u2026] Abdelkarim Harouni, ing\u00e9nieur, secr\u00e9taire g\u00e9n\u00e9ral de Libert\u00e9 et Equit\u00e9, ex prisonnier politique et monsieur Sahbi Atig, ex prisonnier politique, ont fait l\u2019objet hier dimanche et aujourd\u2019hui lundi d\u2019un contr\u00f4le s\u00e9curitaire rapproch\u00e9 et d\u2019une filature dans tous leurs d\u00e9placements. Leurs domiciles ont \u00e9t\u00e9 encercl\u00e9s par de nombreux agents de la police politique \u00e0 bord de v\u00e9hicules banalis\u00e9s. [\u2026]  Pour le bureau ex\u00e9cutif de l\u2019Organisation Le Pr\u00e9sident <strong><font>Ma\u00eetre Mohammed Nouri<\/font><\/strong> <font>(Traduction d\u2019extraits ni revue ni corrig\u00e9e par les auteurs de la version en arabe, LT)<\/font><\/font><\/div>\n<div>\n<hr\/>\n<\/div>\n<div><font face=\"Arial\" size=\"2\"><\/p>\n<div align=\"center\"><font face=\"Arial\"><strong>F\u00e9d\u00e9ration des Tunisiens pour une Citoyennet\u00e9 des deux Rives (FTCR)<\/strong><\/font><\/div>\n<div align=\"center\"><font face=\"Arial\" size=\"2\"><strong><font size=\"3\">Communiqu\u00e9\u00a0<\/font> \u00a0<\/p>\n<hr\/>\n<p>\u00a0<\/strong><\/font><\/div>\n<div align=\"justify\"><font face=\"Arial\" size=\"2\"><font>Les 6 et 7 Mars 2010 \u00e0 Paris, la F\u00e9d\u00e9ration des Tunisiens pour une Citoyennet\u00e9 des deux Rives (FTCR) a tenu son onzi\u00e8me congr\u00e8s.  Durant deux jours, les militants de la f\u00e9d\u00e9ration ont d\u00e9battu des questions li\u00e9es aux populations migrantes et issues de l&rsquo;immigration. Cela dans un contexte de politiques gouvernementales ouvertement anti-immigr\u00e9s, d&rsquo;une mont\u00e9e de la x\u00e9nophobie, du racisme et de l&rsquo;islamophobie en France et en Europe.   Les attaques r\u00e9p\u00e9t\u00e9es aux droits fondamentaux des immigr\u00e9s et des r\u00e9fugi\u00e9s en France et en Europe ont \u00e9t\u00e9 au centre des d\u00e9bats du congr\u00e8s. Une ferme volont\u00e9 de d\u00e9velopper les luttes pour l\u2019\u00e9galit\u00e9 des droits, aux c\u00f4t\u00e9s de tous les partenaires partageant l&rsquo;exigence de justice et d&rsquo;\u00e9galit\u00e9. \u00a0 Le congr\u00e8s a entendu et approuv\u00e9 le rapport d&rsquo;activit\u00e9 pr\u00e9sent\u00e9 par le conseil d&rsquo;administration sortant, notamment le rapport sur l&rsquo;action contre les discriminations et pour l&rsquo;acc\u00e8s aux droits dont en particulier le volet acc\u00e8s \u00e0 la sant\u00e9. Il a \u00e9galement approuv\u00e9 le rapport financier pour les ann\u00e9es 2008 et 2009 ainsi que le budget 2010. Il a vot\u00e9 le quitus au conseil d&rsquo;administration et au bureau sortant.  D\u2019autre part, le 11\u00e8me congr\u00e8s de la FTCR a tenu \u00e0 manifester sa solidarit\u00e9 avec son ancien pr\u00e9sident Kamel Jendoubi, priv\u00e9 depuis plusieurs ann\u00e9es par le gouvernement tunisien de son passeport. Le congr\u00e8s a vot\u00e9 une motion le nommant pr\u00e9sident d\u2019honneur de la F\u00e9d\u00e9ration.  Le congr\u00e8s a aussi adopt\u00e9 une motion r\u00e9affirmant la volont\u00e9 de la F\u00e9d\u00e9ration de se battre pour rendre justice \u00e0 son pr\u00e9sident sortant Mouhieddine Cherbib. Mouhieddine est condamn\u00e9 en Tunisie \u00e0 2 ans et 15 jours de prison pour s&rsquo;\u00eatre acquitt\u00e9 d&rsquo;une mission que lui a confi\u00e9 notre f\u00e9d\u00e9ration : La solidarit\u00e9 active avec le mouvement social du Bassin minier de Gafsa en Tunisie et le soutien aux habitants et syndicalistes condamn\u00e9s pour d\u00e9lits d&rsquo;opinion. Le congr\u00e8s a chaleureusement remerci\u00e9 M. Cherbib pour son action comme pr\u00e9sident de la FTCR et s&rsquo;est f\u00e9licit\u00e9 qu&rsquo;il accepte de poursuivre son activit\u00e9 au sein du bureau en tant que secr\u00e9taire g\u00e9n\u00e9ral adjoint.   Le congr\u00e8s a r\u00e9affirm\u00e9 l\u2019engagement de la FTCR pour la d\u00e9fense des droits de l\u2019Homme et de la d\u00e9mocratie en Tunisie, notamment en adoptant une motion de soutien aux acteurs de la soci\u00e9t\u00e9 civile et aux \u00e9tudiants de l\u2019UGET en prison. \u00a0 Les motions et r\u00e9solutions du congr\u00e8s seront publi\u00e9es d&rsquo;ici peu.<\/font> <strong>\u00a0 Le Pr\u00e9sident de la FTCR, <\/strong><font><strong>Tarek Ben Hiba<\/strong><\/font><\/font><\/div>\n<div align=\"justify\"><font face=\"Arial\" size=\"2\"><strong><\/p>\n<hr\/>\n<p><\/strong><\/font><\/div>\n<div align=\"justify\">\n<div align=\"center\">\n<h2 style=\"color: red;\"><font face=\"Arial\" size=\"3\"><strong>Si\u00e8ge\u00a0 Policier et Harc\u00e8lement au Travail<\/strong><\/font><\/h2>\n<\/div>\n<div align=\"justify\"><font face=\"Arial\" size=\"2\"><\/p>\n<hr\/>\n<p> <strong><font>Hend Harouni<\/font>-Tunisie <\/strong><font>Au Nom d\u2019Allah Le Cl\u00e9ment et Le Mis\u00e9ricordieux &amp; la Pri\u00e8re et la Paix Soient sur notre Proph\u00e8te Loyal et Sinc\u00e8re Mohamed Tunis le 9 Mars 2010-23 Rabii al Awal 1431 Ce jour, Mardi 9 Mars 2010, une nouvelle voiture civile blanche de marque Peugeot 306 immatricul\u00e9e\u00a0 sous le n\u00b0 2078 TU 88 a effectu\u00e9 sa stricte surveillance\u00a0 en face du lieu de travail de mon fr\u00e8re Abdelkarim Harouni ; lors de ses d\u00e9placements et devant notre maison au Kram-Ouest. En plus de l\u2019\u00e9tonnement, voire le d\u00e9rangement\u00a0 que cette surveillance a occasionn\u00e9 au personnel de l\u2019entreprise, certains employ\u00e9s ont fait l\u2019objet d\u2019interrogation au sujet de mon fr\u00e8re Abdelkarim et de l\u2019entreprise. Ce si\u00e8ge a \u00e9galement engendr\u00e9 un large m\u00e9contentement parmi les voisins et les habitants de la cit\u00e9.<\/font><\/font><\/div>\n<\/div>\n<p><\/font><\/div>\n<p><font face=\"Arial\" size=\"2\"><\/p>\n<div><strong><\/p>\n<hr\/>\n<p><\/strong><\/div>\n<div>\n<div align=\"center\">\n<h2 style=\"color: red;\"><font face=\"Arial\" size=\"3\"><strong>Tunisie: gr\u00e8ve de la faim d&rsquo;une enseignante et journaliste de l&rsquo;opposition<\/strong><\/font><\/h2>\n<\/div>\n<div><font face=\"Arial\" size=\"2\"><\/p>\n<hr\/>\n<p> <font>AP | 08.03.2010 | 22:03 Une journaliste tunisienne de l&rsquo;opposition Zakia Dhifaoui a observ\u00e9 lundi \u00ab\u00a0une gr\u00e8ve de la faim symbolique\u00a0\u00bb, \u00e0 l&rsquo;occasion de la journ\u00e9e mondiale de la femme, pour r\u00e9clamer sa r\u00e9int\u00e9gration \u00e0 son poste d&rsquo;enseignante. Elle a d\u00e9clar\u00e9 \u00e0 l&rsquo;Associated Press avoir \u00e9t\u00e9 radi\u00e9e du corps enseignant depuis septembre 2008. Elle avait soutenu et couvert les manifestations de protestations sociales qui ont secou\u00e9 le bassin minier de Gafsa (sud-ouest tunisien) pour l&rsquo;hebdomadaire \u00ab\u00a0Mouatinoun\u00a0\u00bb, l&rsquo;organe du Forum d\u00e9mocratique pour le travail et les libert\u00e9s (FDTL), une formation de l&rsquo;opposition l\u00e9gale. Enseignante en histoire-g\u00e9ographie \u00e0 Kairouan (centre), elle a \u00e9t\u00e9 condamn\u00e9e \u00e0 quatre mois et demi de prison pour \u00ab\u00a0perturbation de la circulation sur la voie publique, rassemblement non autoris\u00e9 et jet de projectiles\u00a0\u00bb, des accusations \u00ab\u00a0fabriqu\u00e9es\u00a0\u00bb, selon elle. Outre le FDTL, o\u00f9 elle est membre du conseil national, Mme Dhifaoui, 44 ans, milite aussi au sein de la Ligue tunisienne de d\u00e9fense des droits de l&rsquo;Homme (LTDH) et de l&rsquo;association tunisienne des femmes d\u00e9mocrates (ATFD). Elle esp\u00e8re que les autorit\u00e9s l\u00e8veront la sanction qui la frappe, faute de quoi elle envisage d&rsquo;entamer une gr\u00e8ve de la faim illimit\u00e9e.<\/font><\/font><\/div>\n<\/div>\n<p><\/font><\/p>\n<div>\n<hr\/>\n<\/div>\n<div>\u00a0<\/div>\n<div><font face=\"Arial\" size=\"2\"><\/p>\n<div align=\"center\">\n<h3 style=\"color: blue;\"><font face=\"Arial\" size=\"3\"><strong>Tunisie: gr\u00e8ve de la faim \u00ab\u00a0symbolique\u00a0\u00bb de l&rsquo;opposante Zakia Dhifaoui<\/strong><\/font><\/h3>\n<\/div>\n<div align=\"justify\"><font face=\"Arial\" size=\"2\"><\/p>\n<hr\/>\n<p> <font>(AFP) \u2013 le 9 mars 2010 TUNIS \u2014 L&rsquo;opposante tunisienne Zakia Dhifaoui, responsable du Forum d\u00e9mocratique pour le travail et les libert\u00e9s (FDTL, l\u00e9gal), a observ\u00e9 lundi une gr\u00e8ve de la faim \u00ab\u00a0symbolique\u00a0\u00bb \u00e0 l&rsquo;occasion de journ\u00e9e mondiale de la femme pour r\u00e9clamer sa r\u00e9int\u00e9gration \u00e0 son poste d&rsquo;enseignante. \u00ab\u00a0J&rsquo;ai d\u00e9cid\u00e9 d&rsquo;observer une gr\u00e8ve de la faim symbolique d&rsquo;une journ\u00e9e afin de de revendiquer mon droit au travail et \u00e0 une vie honorable\u00a0\u00bb, a expliqu\u00e9 Mme Dhifaoui, 44 ans, dans un communiqu\u00e9 transmis mardi \u00e0 l&rsquo;AFP. Mme Dhifaoui, enseignante en histoire-g\u00e9ographie depuis 14 ans, assure avoir \u00e9t\u00e9 radi\u00e9e du corps enseignant en septembre 2008. Elle esp\u00e8re que les autorit\u00e9s tunisiennes l\u00e8veront la sanction qui la frappe, faute de quoi elle envisage d&rsquo;entamer une gr\u00e8ve de la faim \u00ab\u00a0illimit\u00e9e\u00a0\u00bb. Responsable de son parti \u00e0 Kairouan (centre), Mme Dhifaoui avait \u00e9t\u00e9 arr\u00eat\u00e9e en juillet 2008 au lendemain de sa participation \u00e0 une marche de soutien au mouvement de protestation sociale dans la r\u00e9gion mini\u00e8re de Gafsa (sud). Elle a \u00e9t\u00e9 condamn\u00e9e le 14 ao\u00fbt 2008 \u00e0 huit mois de prison ferme pour \u00ab\u00a0insubordination, troubles de l&rsquo;ordre public, entraves \u00e0 un fonctionnaire dans l&rsquo;exercice de ses fonctions et atteinte aux bonnes moeurs\u00a0\u00bb. Sa peine avait \u00e9t\u00e9 ensuite \u00e9t\u00e9 r\u00e9duite \u00e0 quatre mois de prison. Elle avait \u00e9t\u00e9 lib\u00e9r\u00e9e en novembre 2008 dans le cadre des mesures de gr\u00e2ce accord\u00e9es l&rsquo;occasion du 21e anniversaire de l&rsquo;arriv\u00e9e au pouvoir du pr\u00e9sident Zine El Abidine Ben Ali.<\/font><\/font><\/div>\n<p><\/font><\/div>\n<div>\n<hr\/>\n<\/div>\n<div align=\"center\"><font face=\"Arial\" size=\"2\"><strong><\/p>\n<p><font size=\"3\">La violence contre les femmes, un ph\u00e9nom\u00e8ne \u00ab\u00a0grave\u00a0\u00bb dans le monde arabe, selon la premi\u00e8re dame de Tunisie<\/font><\/p>\n<p><\/strong><\/font><\/div>\n<div align=\"justify\"><font face=\"Arial\" size=\"2\"><\/p>\n<hr\/>\n<p> AP | 08.03.2010 | 21:02 La c\u00e9l\u00e9bration, lundi, de l&rsquo;ann\u00e9e mondiale de la femme a \u00e9t\u00e9 plac\u00e9e en Tunisie sous le th\u00e8me de \u00ab\u00a0la lutte contre la violence \u00e0 l&rsquo;\u00e9gard des femmes\u00a0\u00bb, un ph\u00e9nom\u00e8ne qui, selon la premi\u00e8re dame de Tunisie, Le\u00efla Ben Ali, \u00ab\u00a0rev\u00eat une dimension et une gravit\u00e9 plus grandes\u00a0\u00bb dans les soci\u00e9t\u00e9s arabes qu&rsquo;ailleurs. S&rsquo;adressant \u00e0 une conf\u00e9rence arabe r\u00e9unie \u00e0 Tunis, Mme Ben Ali, qui pr\u00e9side l&rsquo;organisation arabe de la femme (OAF), a d\u00e9plor\u00e9 l&rsquo;impunit\u00e9 dont b\u00e9n\u00e9ficient les auteurs de telles violences. Elle a imput\u00e9 \u00ab\u00a0cette situation morbide\u00a0\u00bb, dans la r\u00e9gion arabe, \u00e0 \u00ab\u00a0l&rsquo;absence totale\u00a0\u00bb de participation de la femme au processus de prise de d\u00e9cision et a appel\u00e9 \u00ab\u00a0la femme arabe \u00e0 briser le mur du silence\u00a0\u00bb. Plusieurs participantes ont relev\u00e9 l&rsquo;absence de statistiques sur le nombre de femmes victimes de violences dans les pays arabes, la plupart d&rsquo;entre elles s&rsquo;abstenant \u00ab\u00a0par peur\u00a0\u00bb de d\u00e9noncer leurs agresseurs, notamment lorsqu&rsquo;il s&rsquo;agit de leurs conjoints. Selon l&rsquo;universitaire et journaliste Faouzia Belhaj Mezzi, les violences \u00e0 l&rsquo;encontre des femmes rev\u00eatent \u00ab\u00a0une ampleur particuli\u00e8re\u00a0\u00bb au Soudan, au Y\u00e9men et dans certaines r\u00e9gions de l&rsquo;Egypte, tandis que d&rsquo;autres r\u00e9gions du monde, comme l&rsquo;Afrique du Nord, la Jordanie ou le Liban sont \u00ab\u00a0en avance\u00a0\u00bb. La Tunisie a promulgu\u00e9 un code du statut personnel dans les ann\u00e9es 50, d\u00e9cr\u00e9tant l&rsquo;\u00e9galit\u00e9 hommes-femmes. C&rsquo;est le seul pays arabo-musulman \u00e0 avoir abrog\u00e9 la polygamie. Pour Moutaha Aroumayhi, journaliste pour la cha\u00eene de t\u00e9l\u00e9vision Al Arabiya, bas\u00e9e \u00e0 Duba\u00ef, la Tunisie est donc \u00ab\u00a0\u00e0 m\u00eame de jouer un r\u00f4le de locomotive\u00a0\u00bb pour l&rsquo;\u00e9mancipation de la femme arabe. AP<\/font><\/div>\n<div align=\"justify\">\n<hr\/>\n<\/div>\n<div align=\"center\"><font face=\"Arial\" size=\"2\"><strong><\/p>\n<h3 style=\"color: blue;\"><font size=\"3\">PARIS, 9 mars 2010 (AFP) &#8211; Une ONG s&rsquo;inqui\u00e8te de d\u00e9cision d&rsquo;expulsions de chr\u00e9tiens du Maroc<\/font><\/h3>\n<p><\/strong><\/font><\/div>\n<div align=\"center\">\n<hr\/>\n<\/div>\n<div align=\"justify\"><font face=\"Arial\" size=\"2\"> \u00a009\/03\/2010 18:40   Open doors (Portes ouvertes), une ONG internationale d&rsquo;ob\u00e9dience protestante \u00e9vang\u00e9lique, a exprim\u00e9 mardi son inqui\u00e9tude au sujet d&rsquo;expulsions du Maroc de missionnaires accus\u00e9s de pros\u00e9lytisme. L&rsquo;ONG a affirm\u00e9 dans un communiqu\u00e9 qu&rsquo;elle \u00ab\u00a0s&rsquo;inqui\u00e8te de l&rsquo;augmentation des actes antichr\u00e9tiens dans le Royaume du Maroc depuis quelques mois\u00a0\u00bb, et se demande si \u00ab\u00a0le Maroc serait en train de faire marche arri\u00e8re dans sa volont\u00e9 d&rsquo;ouverture et de respect des droits de l&rsquo;homme\u00a0\u00bb. Selon l&rsquo;ONG, une vingtaine de personnes, dont des couples n\u00e9erlandais et britanniques ayant adopt\u00e9 des enfants, sont vis\u00e9es par la mesure d&rsquo;expulsion qui s&rsquo;inscrit, aux dires des autorit\u00e9s marocaines, dans le cadre de la \u00ab\u00a0lutte men\u00e9e contre les tentatives de propagation du credo \u00e9vang\u00e9liste, visant \u00e0 \u00e9branler la foi des musulmans\u00a0\u00bb. Les personnes mises en cause, selon le minist\u00e8re de l&rsquo;Int\u00e9rieur marocain, \u00ab\u00a0mettaient \u00e0 profit l&rsquo;indigence de quelques familles et ciblaient leurs enfants mineurs qu&rsquo;ils prenaient en charge, en violation des proc\u00e9dures en vigueur en mati\u00e8re de kafala (adoption) des enfants abandonn\u00e9s ou orphelins\u00a0\u00bb. Selon la version de l&rsquo;ONG, des protestants \u00e9vang\u00e9liques ont repris il y a une dizaine d&rsquo;ann\u00e9es, avec l&rsquo;accord des autorit\u00e9s, un orphelinat pr\u00e8s de F\u00e8s (nord) et s&rsquo;occupaient de 33 enfants de moins de 10 ans, en toute l\u00e9galit\u00e9. \u00ab\u00a0En accord avec le gouvernement marocain, les enfants suivaient les cours de l&rsquo;enseignement scolaire national et apprenaient le Coran comme les autres enfants marocains. Les parents s&rsquo;\u00e9taient engag\u00e9s \u00e0 ne pas leur enseigner la Bible, mais seulement \u00e0 leur donner un foyer\u00a0\u00bb, a pr\u00e9cis\u00e9 l&rsquo;ONG.<\/font><\/div>\n<div align=\"justify\">\n<hr\/>\n<\/div>\n<div align=\"center\"><font face=\"Arial\" size=\"2\"><b><span lang=\"FR\">Troisi\u00e8me session du sous-comit\u00e9 des droits de l\u2019Homme Tunisie-UE<\/span><\/b><\/font><\/div>\n<div align=\"center\"><font face=\"Arial\" size=\"2\"><b><span lang=\"FR\">Une r\u00e9union presque pour rien\u2026<\/span><\/b><\/font><\/div>\n<p align=\"center\"><font face=\"Arial\" size=\"2\"><b><span lang=\"FR\"><\/span><\/b><\/font><\/p>\n<hr\/>\n<p>\u00a0<\/p>\n<p align=\"justify\"><font face=\"Arial\" size=\"2\"><i><span lang=\"FR\">\u00a0<\/span><\/i><b><span lang=\"FR\">Par Kh\u00e9ma\u00efs Chammari<\/span><\/b><\/font><\/p>\n<p align=\"justify\"><font face=\"Arial\" size=\"2\"><b><i><span lang=\"FR\">Le sous-comit\u00e9 des droits de l\u2019homme Tunisie-UE\u00a0 s\u2019est r\u00e9uni \u00e0 Tunis, comme pr\u00e9vu, le 25 f\u00e9vrier 2010. Pratiquement rien n\u2019a transpir\u00e9 sur cette r\u00e9union du c\u00f4t\u00e9 tunisien, alors qu\u2019\u00e0 Bruxelles, des sources inform\u00e9es affirment que cette troisi\u00e8me session s\u2019est caract\u00e9ris\u00e9e par un malaise persistant. <\/span><\/i><\/b><\/font><\/p>\n<p align=\"justify\"><span lang=\"FR\"><font face=\"Arial\" size=\"2\">Cinq semaines apr\u00e8s le d\u00e9bat public au Parlement Europ\u00e9en, \u00e0 Strasbourg le jeudi 21 janvier 2010, sur les relations UE-Tunisie, particuli\u00e8rement au niveau des engagements relatifs aux droits de l\u2019Homme et aux libert\u00e9s\u00a0la troisi\u00e8me session du Sous-comit\u00e9 des droits de l\u2019Homme Tunisie-UE<a target=\"_blank\" title=\"\" rel=\"noopener\"><span>[1]<\/span><\/a> a, semble- t-il, \u00e9t\u00e9 plut\u00f4t d\u00e9cevante, les autorit\u00e9s tunisiennes \u00a0confirmant qu\u2019elles n\u2019\u00e9taient pas pr\u00eates \u00e0 faire l\u2019effort de s\u2019engager dans la voie des r\u00e9formes pourtant\u00a0 n\u00e9cessaires \u00e0 l\u2019amorce de n\u00e9gociations s\u00e9rieuses sur ce \u00ab\u00a0statut avanc\u00e9\u00a0\u00bb avec l\u2019Union Europ\u00e9enne pourtant si convoit\u00e9. \u00a0<\/font><\/span><\/p>\n<p align=\"justify\"><span lang=\"FR\"><font face=\"Arial\" size=\"2\">Comme pr\u00e9vu, les tractations \u2013 en amont de cette r\u00e9union \u2013 concernant l\u2019ordre du jour semblent avoir \u00e9t\u00e9 particuli\u00e8rement laborieuses, la partie gouvernementale tunisienne ayant exig\u00e9 \u00a0de donner la priorit\u00e9 \u00e0 une s\u00e9rie de questions, apolog\u00e9tiques pour la plupart, (\u00ab\u00a0le programme pr\u00e9sidentiel et les droits de l\u2019Homme\u00a0\u00bb) \u00a0qui limitaient les possibilit\u00e9s d\u2019un v\u00e9ritable \u00e9change interactif. Le caract\u00e8re pl\u00e9thorique de la r\u00e9union elle-m\u00eame (plus de vingt membres Tunisiens repr\u00e9sentants les divers minist\u00e8res et institutions, une dizaine de participants au titre de l\u2019UE et une quinzaine de repr\u00e9sentants des Etats membres de l\u2019UE accr\u00e9dit\u00e9s \u00e0 Tunis\u00a0!) n\u2019a par ailleurs pas facilit\u00e9 l\u2019amorce d\u2019un v\u00e9ritable dialogue constructif. <\/font><\/span><\/p>\n<p align=\"justify\"><span lang=\"FR\"><font face=\"Arial\" size=\"2\">\u00a0Les Europ\u00e9ens estiment que, quasiment, aucun des engagements pris par la partie tunisienne, \u00a0\u00e0 l\u2019issue de la deuxi\u00e8me session (2008), n\u2019a \u00e9t\u00e9 suivi d\u2019effet. Cela a \u00e9t\u00e9, notamment, le cas concernant la question de l\u2019invitation en Tunisie de cinq des rapporteurs sp\u00e9ciaux th\u00e9matiques des Nations Unies pour les droits de l\u2019Homme (Ind\u00e9pendance du judiciaire, torture, d\u00e9fenseurs des droits de l\u2019Homme, libert\u00e9 d\u2019expression et violence faite aux femmes). Alors que la Tunisie vient (avec un retard de plus de dix ans) de soumettre aux Nations Unies \u00e0 Gen\u00e8ve son deuxi\u00e8me rapport p\u00e9riodique sur la torture,\u00a0 la d\u00e9l\u00e9gation tunisienne a consenti \u00a0\u00e0 envisager d\u2019inviter le rapporteur sp\u00e9cial sur la torture. Comme pr\u00e9vu aussi, la mise en exergue de la question des droits des femmes et de celle de l\u2019am\u00e9lioration des conditions carc\u00e9rales ont \u00e9t\u00e9 des th\u00e8mes \u00a0majeurs du discours officiel tunisien.\u00a0\u00a0 Enfin, quelques cas individuels \u00ab\u00a0significatifs\u00a0\u00bb ont pu \u00eatre abord\u00e9s et, notamment, le maintien en d\u00e9tention, en d\u00e9pit de son \u00e9tat de sant\u00e9 pr\u00e9occupant, du journaliste et \u00e9crivain dissident Taoufik Ben Brik.<\/font><\/span><\/p>\n<p align=\"justify\"><span lang=\"FR\"><font face=\"Arial\" size=\"2\">\u00a0Du c\u00f4t\u00e9 europ\u00e9en, il a \u00e9t\u00e9 constat\u00e9 que, \u00a0une fois de plus, en marge et au cours de la r\u00e9union, le soutien inconditionnel \u00a0au gouvernement tunisien sur l\u2019essentiel, par l\u2019Espagne,\u00a0 l\u2019Italie et\u00a0 la France ne s\u2019est pas d\u00e9menti. <\/font><\/span><\/p>\n<p align=\"justify\"><span lang=\"FR\"><font face=\"Arial\" size=\"2\">Les repr\u00e9sentants de l\u2019Union Europ\u00e9enne ont toutefois rappel\u00e9- mais, semble-t-il, en vain- que cette r\u00e9union, au-del\u00e0 de son caract\u00e8re consultatif, avait aussi pour enjeu d\u2019apporter un \u00e9clairage, du point de vue des engagements en mati\u00e8re de droits de l\u2019Homme, sur le prochain Plan d\u2019Action National \u2013 Tunisie de la Politique Europ\u00e9enne de Voisinage (PEV)\u00a0; la question du \u00ab\u00a0rehaussement\u00a0\u00bb (le fameux \u00ab\u00a0statut avanc\u00e9\u00a0\u00bb) et la future programmation financi\u00e8re de la coop\u00e9ration UE-Tunisie.<\/font><\/span><\/p>\n<p align=\"justify\">\u00a0<\/p>\n<p align=\"justify\"><span lang=\"FR\"><font face=\"Arial\" size=\"2\">Un des rares points positifs \u2013 contest\u00e9 dans son principe par les autorit\u00e9s gouvernementales tunisiennes \u2013 \u00a0aura tout de m\u00eame \u00e9t\u00e9 la tenue lundi 22 f\u00e9vrier 2010 d\u2019une r\u00e9union pr\u00e9paratoire puis mercredi 24 f\u00e9vrier d\u2019une r\u00e9union d\u2019\u00e9changes entre des repr\u00e9sentants des composantes autonomes de la soci\u00e9t\u00e9 civile tunisienne et les hauts fonctionnaires de l\u2019UE d\u00e9p\u00each\u00e9s par Bruxelles pour participer \u00e0 la r\u00e9union du 25 f\u00e9vrier. Qualifi\u00e9s de \u00ab\u00a0positifs\u00a0\u00bb et de \u00ab\u00a0fructueux\u00a0\u00bb par les interlocuteurs europ\u00e9ens, ces \u00e9changes ont fait la preuve de la capacit\u00e9 de propositions concr\u00e8tes et r\u00e9alistes de ces composantes, pourtant marginalis\u00e9es et ostracis\u00e9es. Le pouvoir pr\u00e9f\u00e8re, en effet et plus que jamais, mettre en avant des organisations v\u00e9ritablement gouvernementales (OVGs ou GONGOs), portes parole d\u2019une \u00ab\u00a0soci\u00e9t\u00e9 servile\u00a0\u00bb oppos\u00e9e \u00e0 la \u00ab\u00a0soci\u00e9t\u00e9 civile\u00a0\u00bb ind\u00e9pendante. C\u2019est ainsi que lors de cette troisi\u00e8me session l\u2019accent a \u00e9t\u00e9 mis, pour en faire une promotion pour le moins abusive, d\u2019une nouvelle association \u00a0&#8211; alibi &#8211; sur la r\u00e9insertion des anciens d\u00e9tenus. Une structure quasi \u00e9tatique qui pourra aspirer \u00e0 des financements, publics et ext\u00e9rieurs, que l\u2019on refuse avec ent\u00eatement aux d\u00e9fenseurs des droits humains.<\/font><\/span><\/p>\n<p align=\"justify\"><span lang=\"FR\"><font face=\"Arial\" size=\"2\">\u00a0\u00a0\u00a0\u00a0\u00a0\u00a0\u00a0\u00a0\u00a0\u00a0\u00a0\u00a0\u00a0\u00a0\u00a0\u00a0\u00a0\u00a0\u00a0\u00a0\u00a0 \u00a0 \u00a0\u00a0\u00a0\u00a0\u00a0\u00a0\u00a0\u00a0\u00a0\u00a0\u00a0\u00a0\u00a0\u00a0\u00a0\u00a0\u00a0\u00a0\u00a0\u00a0\u00a0\u00a0\u00a0\u00a0\u00a0\u00a0\u00a0\u00a0\u00a0\u00a0\u00a0\u00a0\u00a0\u00a0\u00a0\u00a0\u00a0\u00a0\u00a0\u00a0\u00a0\u00a0\u00a0\u00a0\u00a0\u00a0\u00a0\u00a0\u00a0\u00a0\u00a0\u00a0\u00a0\u00a0\u00a0\u00a0\u00a0\u00a0\u00a0\u00a0\u00a0\u00a0\u00a0\u00a0\u00a0\u00a0\u00a0\u00a0\u00a0\u00a0\u00a0\u00a0\u00a0\u00a0\u00a0\u00a0\u00a0\u00a0\u00a0\u00a0\u00a0\u00a0\u00a0\u00a0\u00a0\u00a0\u00a0\u00a0\u00a0\u00a0\u00a0\u00a0\u00a0\u00a0\u00a0\u00a0\u00a0\u00a0\u00a0\u00a0\u00a0\u00a0\u00a0\u00a0\u00a0\u00a0\u00a0\u00a0\u00a0\u00a0\u00a0\u00a0\u00a0\u00a0\u00a0\u00a0\u00a0\u00a0\u00a0\u00a0\u00a0\u00a0\u00a0\u00a0\u00a0\u00a0\u00a0\u00a0\u00a0\u00a0\u00a0\u00a0\u00a0\u00a0\u00a0\u00a0\u00a0\u00a0\u00a0\u00a0\u00a0\u00a0\u00a0\u00a0\u00a0\u00a0\u00a0\u00a0\u00a0 \u00a0\u00a0\u00a0\u00a0\u00a0\u00a0\u00a0\u00a0\u00a0\u00a0\u00a0\u00a0\u00a0\u00a0\u00a0\u00a0\u00a0\u00a0\u00a0\u00a0\u00a0 \u00a0\u00a0\u00a0\u00a0\u00a0\u00a0\u00a0\u00a0\u00a0\u00a0\u00a0\u00a0\u00a0\u00a0\u00a0\u00a0\u00a0\u00a0\u00a0\u00a0\u00a0\u00a0\u00a0\u00a0\u00a0\u00a0\u00a0\u00a0\u00a0\u00a0\u00a0\u00a0\u00a0\u00a0\u00a0\u00a0\u00a0\u00a0\u00a0\u00a0\u00a0\u00a0KC<\/font><\/span><\/p>\n<p align=\"justify\"><font face=\"Arial\" size=\"2\"><b><span lang=\"FR\">(PARU\u00a0 DANS \u00ab\u00a0ATTARIQ AL JADID\u00a0\u00bb N\u00b0 170 du 06 Mars 2010)<\/span><\/b><\/font><\/p>\n<div align=\"justify\"><font face=\"Arial\" size=\"2\"><br clear=\"all\"\/>\u00a0<\/font><\/p>\n<hr align=\"left\" size=\"1\" width=\"33%\"\/>\n<div>\n<p><font face=\"Arial\" size=\"2\"><a target=\"_blank\" title=\"\" rel=\"noopener\"><span><span lang=\"FR\">[1]<\/span><\/span><\/a><span lang=\"FR\"><font face=\"Calibri\"> Cf. \u00ab\u00a0jamais deux sans trois\u00a0\u00bb \u2026 (Attariq Aljadid n\u00b0 167 du 13 f\u00e9vrier 2010)<\/font><\/span><\/font><\/p>\n<\/div>\n<\/div>\n<div align=\"justify\">\u00a0<\/div>\n<\/div>\n<p align=\"center\" dir=\"ltr\">\n<h3 style=\"color: blue;\"><font face=\"Arial\" size=\"2\"><strong><b><a href=\"http:\/\/www.tunisnews.net\/\"><font face=\"Arial\"><span><font size=\"2\">Home<\/font><\/span><font size=\"2\"><span lang=\"FR-CH\"> &#8211; Accueil <\/span><span>&#8211; <\/span><\/font><\/font><span dir=\"rtl\" lang=\"AR-SA\"><font size=\"2\">\u0627\u0644\u0631\u0626\u064a\u0633\u064a\u0629<\/font><\/span><\/a><\/b><\/strong><\/font><\/h3>\n<\/p>\n<p align=\"center\" dir=\"ltr\">\u00a0<\/p>\n<p><\/body><\/body><\/html><\/p>\n","protected":false},"excerpt":{"rendered":"<p>Home &#8211; Accueil TUNISNEWS 9\u00a0\u00e8me ann\u00e9e, N\u00b0\u00a03577 du 09.03.2010 \u00a0archives :www.tunisnews.net\u00a0 FIDH &#8211; OMCT: Campagne de diffamation \u00e0 l&rsquo;encontre de Mme Sihem Bensedrine, MM. Mohamed Abbou, MM. Khemais Chammari, Kamel Labidi, Moncef Marzouki et Mme Neziha Rejiba AISPP: Encore une fois : Non au ch\u00e2timent collectif ! Libert\u00e9\u00a0 et Equit\u00e9: Un nouveau groupe de jeunes [&hellip;]<\/p>\n","protected":false},"author":1,"featured_media":22040,"comment_status":"open","ping_status":"open","sticky":false,"template":"","format":"standard","meta":{"inline_featured_image":false,"site-sidebar-layout":"default","site-content-layout":"","ast-site-content-layout":"default","site-content-style":"default","site-sidebar-style":"default","ast-global-header-display":"","ast-banner-title-visibility":"","ast-main-header-display":"","ast-hfb-above-header-display":"","ast-hfb-below-header-display":"","ast-hfb-mobile-header-display":"","site-post-title":"","ast-breadcrumbs-content":"","ast-featured-img":"","footer-sml-layout":"","ast-disable-related-posts":"","theme-transparent-header-meta":"","adv-header-id-meta":"","stick-header-meta":"","header-above-stick-meta":"","header-main-stick-meta":"","header-below-stick-meta":"","astra-migrate-meta-layouts":"default","ast-page-background-enabled":"default","ast-page-background-meta":{"desktop":{"background-color":"","background-image":"","background-repeat":"repeat","background-position":"center center","background-size":"auto","background-attachment":"scroll","background-type":"","background-media":"","overlay-type":"","overlay-color":"","overlay-opacity":"","overlay-gradient":""},"tablet":{"background-color":"","background-image":"","background-repeat":"repeat","background-position":"center center","background-size":"auto","background-attachment":"scroll","background-type":"","background-media":"","overlay-type":"","overlay-color":"","overlay-opacity":"","overlay-gradient":""},"mobile":{"background-color":"","background-image":"","background-repeat":"repeat","background-position":"center center","background-size":"auto","background-attachment":"scroll","background-type":"","background-media":"","overlay-type":"","overlay-color":"","overlay-opacity":"","overlay-gradient":""}},"ast-content-background-meta":{"desktop":{"background-color":"var(--ast-global-color-5)","background-image":"","background-repeat":"repeat","background-position":"center center","background-size":"auto","background-attachment":"scroll","background-type":"","background-media":"","overlay-type":"","overlay-color":"","overlay-opacity":"","overlay-gradient":""},"tablet":{"background-color":"var(--ast-global-color-5)","background-image":"","background-repeat":"repeat","background-position":"center center","background-size":"auto","background-attachment":"scroll","background-type":"","background-media":"","overlay-type":"","overlay-color":"","overlay-opacity":"","overlay-gradient":""},"mobile":{"background-color":"var(--ast-global-color-5)","background-image":"","background-repeat":"repeat","background-position":"center center","background-size":"auto","background-attachment":"scroll","background-type":"","background-media":"","overlay-type":"","overlay-color":"","overlay-opacity":"","overlay-gradient":""}},"footnotes":""},"categories":[],"tags":[55,41,29],"class_list":["post-17943","post","type-post","status-publish","format-standard","has-post-thumbnail","hentry","tag-55","tag-41","tag-fr"],"_links":{"self":[{"href":"https:\/\/tunisnews.net\/ar\/wp-json\/wp\/v2\/posts\/17943","targetHints":{"allow":["GET"]}}],"collection":[{"href":"https:\/\/tunisnews.net\/ar\/wp-json\/wp\/v2\/posts"}],"about":[{"href":"https:\/\/tunisnews.net\/ar\/wp-json\/wp\/v2\/types\/post"}],"author":[{"embeddable":true,"href":"https:\/\/tunisnews.net\/ar\/wp-json\/wp\/v2\/users\/1"}],"replies":[{"embeddable":true,"href":"https:\/\/tunisnews.net\/ar\/wp-json\/wp\/v2\/comments?post=17943"}],"version-history":[{"count":0,"href":"https:\/\/tunisnews.net\/ar\/wp-json\/wp\/v2\/posts\/17943\/revisions"}],"wp:featuredmedia":[{"embeddable":true,"href":"https:\/\/tunisnews.net\/ar\/wp-json\/wp\/v2\/media\/22040"}],"wp:attachment":[{"href":"https:\/\/tunisnews.net\/ar\/wp-json\/wp\/v2\/media?parent=17943"}],"wp:term":[{"taxonomy":"category","embeddable":true,"href":"https:\/\/tunisnews.net\/ar\/wp-json\/wp\/v2\/categories?post=17943"},{"taxonomy":"post_tag","embeddable":true,"href":"https:\/\/tunisnews.net\/ar\/wp-json\/wp\/v2\/tags?post=17943"}],"curies":[{"name":"wp","href":"https:\/\/api.w.org\/{rel}","templated":true}]}}