{"id":17941,"date":"2009-02-10T00:00:00","date_gmt":"2009-02-10T00:00:00","guid":{"rendered":"https:\/\/tunisnews.net\/10-fevrier-2009\/"},"modified":"2009-02-10T00:00:00","modified_gmt":"2009-02-10T00:00:00","slug":"10-fevrier-2009","status":"publish","type":"post","link":"https:\/\/tunisnews.net\/ar\/10-fevrier-2009\/","title":{"rendered":"10 f\u00e9vrier 2009"},"content":{"rendered":"<p><html><head><meta content=\"text\/html\" description=\"Celles et Ceux qui veulent signer cet \t\t\t\t\t\t\t\t\t\tappel sont invit\u00e9s \u00e0 envoyer leur: Nom, \t\t\t\t\t\t\t\t\t\tPays de r\u00e9sidence et Ann\u00e9e de sortie de \t\t\t\t\t\t\t\t\t\tla Tunisie sur le m\u00e9l de l'initiative :\" http-equiv=\"Content-Type\"\/><\/head><body><body><\/p>\n<p align=\"center\" dir=\"ltr\"><font face=\"Arial\" size=\"2\"><b><a href=\"https:\/\/tunisnews.net\/ar\/\"><span>Home<\/span><span lang=\"FR-CH\"> &#8211; Accuei<\/span><\/a><span lang=\"FR-CH\">l<\/span><\/b><\/font><\/p>\n<p><font face=\"Arial\" size=\"2\"><\/p>\n<div>\n<div>\n<div>\n<div>\n<div>\n<div>\n<div>\n<div align=\"center\" dir=\"ltr\"><font><span lang=\"SV\"><strong><font face=\"Book Antiqua\"><font face=\"Bookman Old Style\">TUNISNEWS<\/font><font size=\"2\"><\/font><\/font><\/strong><\/span><\/font><\/div>\n<div align=\"center\" dir=\"ltr\"><font><\/p>\n<div><strong><font face=\"Arial\">8\u00a0\u00e8me ann\u00e9e,<span lang=\"FR\">N\u00b0\u00a03185 du 10.02.2009<\/span><\/font><\/strong><\/div>\n<p><\/font><\/div>\n<div align=\"center\" dir=\"ltr\"><span><font><strong><font face=\"Arial\"><font>\u00a0archives<\/font> : <\/font><\/strong><\/font><a target=\"_blank\" rel=\"noopener\"><font face=\"Arial\"><strong>www.tunisnews.net<\/strong><\/font><\/a><\/span><font face=\"Arial\"><font>\u00a0<\/font>\u00a0<\/font><\/div>\n<div align=\"center\" dir=\"ltr\"><font face=\"Arial\"><\/p>\n<hr\/>\n<p><\/font><span><span lang=\"FR\"><font><span lang=\"FR\"><\/span><\/font><\/span><\/span><\/div>\n<\/div>\n<div><font face=\"Arial\"><font face=\"Times New Roman\" size=\"3\"><\/p>\n<p><font face=\"Arial\" size=\"2\"><strong>AFP: Tunisie: un avocat affirme \u00eatre confront\u00e9 au refus d&rsquo;\u00e9diter son journal <font>FTCR \u2013 Alerte: Situation explosive sur l&rsquo;ile de Lampedusa<\/font> Yahyaoui Mokhtar: L\u2019Histoire de \u00ab Cactus prod \u00bb ou la privatisation d\u00e9guis\u00e9e de notre t\u00e9l\u00e9vision nationale <font>Tunisia Watch: Tunisie : La presse ind\u00e9pendante au bord de l&rsquo;extinction<\/font> Ouest-France: Traqu\u00e9s, les deux Tunisiens se cachent \u00e0 Nantes &#8211; Pays de Loire <font>Solidarit\u00e9, lettre de soutien d&rsquo;un citoyen( pas dupe) a madame Sihem Ben Sedrine<\/font> Le Temps: La Majerda, fleuve en p\u00e9ril <font>AFP: Sahara occidental: l&rsquo;Europe doit \u00ab\u00a0s&rsquo;engager davantage\u00a0\u00bb, selon Madrid<\/font> AFP: Les grands sites internet de socialisation s&rsquo;engagent \u00e0 prot\u00e9ger les mineurs <font>AFP: GB: l&rsquo;\u00e9tudiant qui a lanc\u00e9 une chaussure contre Wen plaide non coupable<\/font> Tunisia Watch: Tunisie : La presse ind\u00e9pendante au bord de l&rsquo;extinction <font>Lettre de Meyer Acanutorhayo \u00e0 la chanceli\u00e8re allemande, Angela Merkel<\/font><\/strong><\/font><\/p>\n<p><\/font><\/p>\n<div>\n<hr\/>\n<\/div>\n<p><\/font><\/p>\n<div>\n<div>\n<div align=\"center\"><b><span lang=\"FR\">Liste actualis\u00e9e des signataires de l&rsquo;initiative du Droit de Retour : <\/span><span lang=\"FR\"><font><a>http:\/\/www.manfiyoun.net\/fr\/listfr.html<\/a><\/font><\/span><\/b><span lang=\"FR\"><strong> Celles et Ceux qui veulent signer cet appel sont invit\u00e9s \u00e0 envoyer leur: Nom, Pays de r\u00e9sidence et Ann\u00e9e de sortie de la Tunisie sur le m\u00e9l de l&rsquo;initiative : <\/strong><a><font><strong>manfiyoun@gmail.com<\/strong><\/font><\/a><\/span><font face=\"Arial\"><\/font><\/div>\n<\/div>\n<\/div>\n<div>\n<hr\/>\n<\/div>\n<div>\u00a0<\/div>\n<div>\u00a0<\/div>\n<div>\n<div align=\"center\"><strong><\/p>\n<h2 style=\"color: red;\"><font size=\"3\">Tunisie: un avocat affirme \u00eatre confront\u00e9 au refus d&rsquo;\u00e9diter son journal<\/font><\/h2>\n<p><\/strong><\/div>\n<p> AFP\u00a009.02.09 | 21h38\u00a0  Un avocat tunisien et d\u00e9fenseur des droits de l&rsquo;Homme a affirm\u00e9 lundi s&rsquo;\u00eatre vu refus\u00e9 le droit de d\u00e9poser une demande d&rsquo;\u00e9dition de son nouvel hebdomadaire destin\u00e9, selon lui, \u00e0 \u00ab\u00a0enrichir le paysage m\u00e9diatique et consacr\u00e9 \u00e0 la libert\u00e9 d&rsquo;expression et d&rsquo;opinion\u00a0\u00bb.  En Tunisie, l&rsquo;\u00e9dition d&rsquo;un journal et le lancement de radios sont soumis \u00e0 une expresse pr\u00e9alable du minist\u00e8re de l&rsquo;Int\u00e9rieur.  \u00ab\u00a0Nous avons tent\u00e9 de d\u00e9poser une demande au minist\u00e8re de l&rsquo;Int\u00e9rieur pour \u00e9diter un hebdomadaire conform\u00e9ment \u00e0 la proc\u00e9dure du code de la presse, mais les services comp\u00e9tents ont refus\u00e9 de nous d\u00e9livrer le r\u00e9cipient de d\u00e9p\u00f4t\u00a0\u00bb, a d\u00e9clar\u00e9 Khaled Krichi lors d&rsquo;une conf\u00e9rence de presse \u00e0 Tunis. Le journal d&rsquo;informations g\u00e9n\u00e9rales, baptis\u00e9 \u00ab\u00a0Al-Nasiriya\u00a0\u00bb en r\u00e9f\u00e9rence \u00e0 sa tendance nationaliste arabe, se voudrait \u00ab\u00a0ouvert \u00e0 toutes les plumes libres pour traiter de questions politiques et culturelles en Tunisie et dans le monde arabe\u00a0\u00bb, a ajout\u00e9 Me Krichi entour\u00e9 de trois membres de son comit\u00e9 de r\u00e9daction. \u00ab\u00a0Ce sera un espace d&rsquo;exercice de la libert\u00e9 d&rsquo;expression et d&rsquo;opinion\u00a0\u00bb, a affirm\u00e9 ce jeune avocat engag\u00e9 qui collaborait avec l&rsquo;hebdomadaire d&rsquo;opposition Al-Mawkif (l&rsquo;Opinion) et avec Al-Chaab (Le Peuple), organe de la centrale syndicale tunisienne. Faute d&rsquo;avoir pu d\u00e9poser directement sa demande, Me Krichi en a adress\u00e9 une copie par lettre au minist\u00e8re de l&rsquo;Int\u00e9rieur qui devrait lui r\u00e9pondre dans un d\u00e9lai de trois mois, selon la proc\u00e9dure. Une trentaine de quotidiens et hebdomadaires publics et priv\u00e9s, dont cinq organes d&rsquo;opposition, sont publi\u00e9s en Tunisie, en arabe et en fran\u00e7ais.<\/p><\/div>\n<div>\n<hr\/>\n<\/div>\n<div align=\"center\"><strong><font>FTCR \u2013 ALERTE  <\/font><\/p>\n<h2 style=\"color: red;\"><font size=\"3\">SITUATION EXPLOSIVE SUR L&rsquo;ILE DE LAMPEDUSA<\/font><\/h2>\n<p><\/strong><\/div>\n<div align=\"justify\"> La situation des migrants retenus dans l&rsquo;\u00eele de Lampedusa en Italie se d\u00e9t\u00e9riore de jour en jour, elle devient hautement pr\u00e9occupante. Plus de 1000 personnes dont pr\u00e9s de 900 tunisiens sont emprisonn\u00e9es dans le nouveau Centre de Secours et Premier Accueil nouvellement transform\u00e9 en Centre d&rsquo;Identification et d&rsquo;Expulsion. Ce centre dont le nouveau statut vise \u00e0 pouvoir y d\u00e9tenir des migrants jusqu\u2019\u00e0 dix huit mois si l\u2019on se base sur les disposition de la directive europ\u00e9enne \u00ab retour \u00bb, et de pouvoir proc\u00e9der \u00e0 des \u00e9loignements directs \u00e0 partir de l\u2019\u00eele est fermement rejet\u00e9 par la population de Lampedusa.\u00a0 Celle-ci a manifest\u00e9 plusieurs fois son opposition au Centre d\u2019Identification et d\u2019Expulsion et aux politiques de r\u00e9pression de l\u2019immigration mises en \u0153uvre en s\u2019unissant aux protestations des migrants d\u00e9tenus.  Les conditions de d\u00e9tention de ces derniers sont d\u00e9nonc\u00e9es par le Haut Commissariat des Nations unies pour les R\u00e9fugi\u00e9s (HCR) qui fait part de sa \u00ab\u00a0pr\u00e9occupation croissante pour la situation humanitaire\u00a0\u00bb des migrants du centre, qui se trouve \u00ab\u00a0dans des conditions de surpopulation extr\u00eame\u00a0\u00bb. \u00ab\u00a0Des centaines de personnes sont contraintes de dormir avec des b\u00e2ches de plastique pour seul abri\u00a0\u00bb, a d\u00e9nonc\u00e9 le HCR, qui appelle \u00ab\u00a0les autorit\u00e9s italiennes \u00e0 faire le n\u00e9cessaire pour r\u00e9soudre la situation humanitaire difficile qui s&rsquo;est cr\u00e9\u00e9e \u00e0 Lampedusa\u00a0\u00bb. Toutes les organisations non-gouvernementales (Save The Children, Croix rouge italienne) ou intergouvernementales (OIM) pr\u00e9sentes sur place s\u2019accordent \u00e0 d\u00e9noncer les conditions de transformation du statut du centre et ses cons\u00e9quences sur l\u2019acc\u00e8s aux droits garantis aux migrants et aux demandeurs d\u2019asile.  Les conditions catastrophiques\u00a0 de l&#8217;emprisonnement des migrants sur l\u2019ile, outre le fait qu\u2019elles constituent une forme de traitement insupportable, emp\u00eachent tout examen objectif et impartial de leurs situations conform\u00e9ment \u00e0 la l\u00e9gislation italienne et aux lois et conventions internationales en vigueur.  Pendant la nuit du vendredi 6 f\u00e9vrier les tensions dues aux conditions de d\u00e9tention et aux menaces d\u2019expulsions massives ont eu des cons\u00e9quences dramatiques : Au moins 11 migrants ont tent\u00e9 de se suicider par absorption de lames rasoir et de boulons. L\u2019un d\u2019eux a tent\u00e9 de se pendre. La gravit\u00e9 des cons\u00e9quences sur leurs fonctions vitales a oblig\u00e9 les autorit\u00e9s \u00e0 les transf\u00e9rer aux services d\u2019urgence de l\u2019\u00eele et de transporter l\u2019un d\u2019eux par h\u00e9licopt\u00e8re \u00e0 l\u2019h\u00f4pital de Palerme.  Parmi les migrants arriv\u00e9s sur l&rsquo;Ile existent de nombreux cas de demandeurs d&rsquo;asile. Ils sont en g\u00e9n\u00e9ral plac\u00e9s au nouveau centre d\u2019accueil, \u00e0 l\u2019exception des nords africains. Ceux-ci semblent en effet \u00eatre arbitrairement exclus par les autorit\u00e9s de la pleine jouissance du droit d\u2019asile garanti \u00e0 tout un chacun par les conventions et lois internationales. Parmi ceux-ci au moins 35 tunisiens originaires de la ville de Redeyef, dans la r\u00e9gion du bassin minier de Gafsa sont retenus au Centre d\u2019Identification et d\u2019Expulsion qui est r\u00e9serv\u00e9 selon les d\u00e9clarations des autorit\u00e9s \u00e0 ceux dont l\u2019expulsion \u00e0 br\u00e8ve \u00e9ch\u00e9ance est tr\u00e8s probable. Nous rappelons que la r\u00e9gion en question a connu un important mouvement populaire de protestation durant toute l&rsquo;ann\u00e9e 2008. Cela a donn\u00e9 lieu \u00e0 une terrible r\u00e9pression, \u00e0 des centaines d&rsquo;arrestations et \u00e0 des dizaines de cas de tortures et de mauvais traitements. Les parodies de proc\u00e8s organis\u00e9s \u00e0 cette occasion sont d\u00e9nonc\u00e9s par nombre d\u2019organisations de d\u00e9fense des droits humains tunisiennes et internationales comme des proc\u00e8s politiques ou d\u2019opinion n\u2019ayant satisfait \u00e0 aucune des garanties l\u00e9gales nationales ou internationales. Ces proc\u00e8s ont aboutis \u00e0 des peines tr\u00e8s lourdes allant jusque 8\u00a0 ans de prison ferme en appel. Ces Tunisiens ont demand\u00e9 l&rsquo;examen de leur demande d&rsquo;asile, or les conditions de leur d\u00e9tention telle que nous avons pu les constater sont incompatibles avec un examen serein et impartial des dites demandes.  La FTCR s\u2019alarme au plus haut point dans ces conditions des suites de la visite la semaine derni\u00e8re du Ministre de l\u2019Int\u00e9rieur italien Roberto Maroni. Le but de la rencontre qu\u2019il y a tenu avec son homologue tunisien Rafik Belhaj-Kacem \u00e9tait d\u2019organiser des expulsions massives de tunisiens. Sachant l\u2019absence de garanties des droits des migrants et refugies pr\u00e9valant en Tunisie, la FTCR s\u2019\u00e9l\u00e8ve contre cette coop\u00e9ration s\u00e9curitaire au d\u00e9pens des droits et libert\u00e9s des migrants de part et d\u2019autre de la M\u00e9diterran\u00e9e.  D\u2019autre part, la pr\u00e9sence massive de pr\u00e9s d&rsquo;un millier de policiers et de carabiniers dans la petite \u00eele de six mille habitants contribue \u00e0 l\u2019exacerbations des tensions ; conjugu\u00e9e \u00e0 la situation tr\u00e8s tendue \u00e0 l\u2019int\u00e9rieur des centres de d\u00e9tention cela peut devenir explosif. Les repr\u00e9sentants de la FTCR et de l\u2019institut G.R.I.S\/ZG-prod. pr\u00e9sents sur place craignent que cela aboutisse \u00e0 des drames d\u2019une grande gravit\u00e9.  La FTCR lance un appel au mouvement d\u00e9mocratique, aux d\u00e9fenseurs des droits humains et des droits des migrants en Italie, en Europe et dans tout le pourtour m\u00e9diterran\u00e9en pour l\u2019organisation d\u2019une campagne urgente de soutien aux droits des migrants en Italie et \u00e0 Lampedusa.  Elle appelle \u00e0 l\u2019envoi de missions d&rsquo;observation et de protection des migrants \u00e0 Lampedusa.  Elle d\u00e9nonce la recrudescence inqui\u00e9tante de discours politiques et m\u00e9diatiques \u00e0 caract\u00e8re x\u00e9nophobe en Italie, et s\u2019alarme de la banalisation de propos publics qui rel\u00e8vent de l\u2019appel au lynchage.  Enfin, la FTCR rend un hommage appuy\u00e9 \u00e0 la population de Lampedusa dans son ensemble. Celle-ci r\u00e9siste magnifiquement aux appels \u00e0 la haine, et a su faire preuve d\u2019une solidarit\u00e9 et d\u2019une humanit\u00e9 remarquable alors m\u00eame que ses propres droits sont mis en danger par la politique de militarisation de l\u2019\u00eele d\u00e9cid\u00e9e par le gouvernement italien.   Paris le 7 f\u00e9vrier 2009  R\u00e9solution vot\u00e9e \u00e0 l&rsquo;unanimit\u00e9 des d\u00e9l\u00e9gu\u00e9-e-s de l\u2019Assembl\u00e9e G\u00e9n\u00e9rale de la FTCR   Pour tout contact et information \u00e0 Lampedusa, contacter : Omeyya Seddik (FTCR \u2013 G.R.I.S. \/ Zones Grises Productions) zonegrise@yahoo.fr 00 39 347 284 58 31 00 33 (0)6 87 75 74 84<\/div>\n<div>\n<hr\/>\n<\/div>\n<div><span lang=\"FR\"><\/p>\n<div align=\"center\">\n<h2 style=\"color: red;\"><font face=\"Arial\" size=\"3\"><strong>L\u2019Histoire de \u00ab Cactus prod \u00bb ou la privatisation d\u00e9guis\u00e9e de notre t\u00e9l\u00e9vision nationale<\/strong><\/font><\/h2>\n<\/div>\n<p><\/span><\/p>\n<p align=\"justify\"><span lang=\"FR\">Il y a un mois l\u2019hebdomadaire \u00ab R\u00e9alit\u00e9s \u00bb consacrait deux pages \u00e0 ce qu\u2019elle \u00e0 qualifi\u00e9 de \u00ab <a target=\"_blank\" rel=\"noopener\"><font>Guerre de coulisses\u00a0 entre Hannibal TV et Cactus prod<\/font><\/a> \u00bb. L\u2019unique chaine tunisienne de t\u00e9l\u00e9vision priv\u00e9e s\u2019est inqui\u00e9t\u00e9e de man\u0153uvres de d\u00e9stabilisation de la part de la soci\u00e9t\u00e9 priv\u00e9e de production \u00ab <a target=\"_blank\" rel=\"noopener\"><font>Cactus prod<\/font><\/a>\u00bb.<\/span><\/p>\n<p align=\"justify\"><span lang=\"FR\">Cette derni\u00e8re produit sous licence des \u00e9mission de concept import\u00e9 et adapt\u00e9 au public tunisien qu\u2019elle \u00ab vend \u00bb &#8211; si on peut appeler \u00e7a vente \u2013\u00e0 la chaine nationale\u00a0 TV7 pour \u00eatre passer en prime time apr\u00e8s le journal de 20 heure ou juste apr\u00e8s la coupure de jeun pendant ramadan. Cactus prod s\u2019approprie en contre partie les redevances publicitaires de la soir\u00e9e et qui constitue l\u2019essentiel des revenus publicitaires de la journ\u00e9e. Ces \u00e9missions permettent aussi \u00e0 Cactus prod d\u2019exploiter des boites vocales payantes pour ses \u00e9missions et dont les nombres d\u2019appels se chiffrent \u00e0 des centaines de milliers par semaine.<\/span><\/p>\n<p align=\"justify\"><span lang=\"FR\">Ainsi l\u2019affaire constitue une v\u00e9ritable mine d\u2019or pour la soci\u00e9t\u00e9 de production alors que la chaine de t\u00e9l\u00e9vision se trouve ruin\u00e9e. Dans des contrats ordinaires pour ce genre de partenariat la chaine de t\u00e9l\u00e9vision ne garde pas seulement ses revenus publicitaires mais oblige la soci\u00e9t\u00e9 productrice de l\u2019\u00e9mission de lui apporter un taux d\u2019au moins dix pour cent d\u2019annonces publicitaires suppl\u00e9mentaires.<\/span><\/p>\n<p align=\"justify\"><span lang=\"FR\">Depuis le d\u00e9but de l\u2019ann\u00e9e \u00ab\u00a0Cactus prod\u00a0\u00bb est devenu pr\u00e9sente sur les \u00ab prime time \u00bb de presque toutes les soir\u00e9es sur TV7. Ce n\u2019est plus TV7 qui est le concurrent de Hannibal TV mais Cactus prod. Le litige concerne ainsi le transfert litigieux des deux meilleur animateurs de la chaine vers\u00a0 Cactus prod d\u2019un cot\u00e9 et d\u2019un autre le clonage de deux \u00e9mission phare de Hannibal TV par la soci\u00e9t\u00e9 de production sepr\u00e9valent de ses licences \u00e9trang\u00e8re.<\/span><\/p>\n<p align=\"justify\"><span lang=\"FR\">Moez<a target=\"_blank\" title=\"See other pages Jiglu tagged with \u2018Ben Gharbia\u2019\" rel=\"noopener\"><font>Ben Gharbia<\/font><\/a>, l\u2019animateur phare de l\u2019\u00e9mission sportive \u00e0 succ\u00e8s \u00abBelmakchouf\u00bb quitte la cha\u00eene Hannibal en juin 2008. Cactus prod qui avait achet\u00e9 les droits de l\u2019\u00e9mission \u00abSans aucun doute\u00bb de TF1 depuis trois ans d\u00e9j\u00e0 lui confie son animation. L\u2019\u00e9mission qui s\u2019appellera d\u00e9sormais \u00abAl Hak Maak\u00bb diffus\u00e9e aujourd\u2019hui sur TV7.<\/span><\/p>\n<p align=\"justify\"><span lang=\"FR\">Ala Chebbi, animateur vedette d\u2019El \u00abMoussameh Karim\u00bb et \u00abHedha Ana\u00bb diffus\u00e9s par Hannibal TV d\u00e9cide \u00e0 son tour de partir d\u00e9but d\u00e9cembre vers la m\u00eame destination pour commencer \u00e0 travailler sur la nouvelle \u00e9mission qui s\u2019appellera \u00abAndi Ma Nkollek\u00bb dont la\u00a0 diffusion a commenc\u00e9 sur TV7 en\u00a0 janvier 2009.<\/span><\/p>\n<p align=\"justify\"><span lang=\"FR\">Les deux nouvelles \u00e9missions de Cactus prod \u00abAl Hak Maak\u00bb et \u00abAndi Ma Nkollek\u00bb produite sous licence ressemblent \u00e0 tout point de vue aux deux \u00e9missions \u00e0 succ\u00e8s d\u2019Hannibal TV \u00ab Al mousamah karim \u00bb et \u00abAn Hosni Niya\u00bb.<\/span><\/p>\n<p align=\"justify\"><span lang=\"FR\">Cette histoire nous rappelle il y a \u00e0 peine deux ans une autre \u00ab Guerre \u00bb qu\u2019on du subir les fr\u00e8res \u00ab Karoui &amp; Karoui \u00bb quand ils ont voulu d\u00e9marrer leur chaine \u00ab <a target=\"_blank\" rel=\"noopener\"><font>Nesma TV<\/font><\/a> \u00bb par la c\u00e9l\u00e8bre \u00e9mission de t\u00e9l\u00e9 r\u00e9alit\u00e9 \u00ab Star Acad\u00e9mie Maghreb \u00bb. C\u2019est la m\u00eame soci\u00e9t\u00e9 \u00abCactus prod. \u00bb qui a us\u00e9e de tous les moyens pour les dissuader. A d\u00e9faut de pouvoir les emp\u00eacher elle \u00e0 r\u00e9ussi\u00a0 de bloquer leur chaine depuis la fin de l\u2019\u00e9mission et \u00e0 d\u00e9monter l\u2019implantation de leur soci\u00e9t\u00e9 de publicit\u00e9 \u00ab Karoui &amp; Karoui \u00bb en<a target=\"_blank\" title=\"See other pages Jiglu tagged with \u2018Tunisie\u2019\" rel=\"noopener\"><font>Tunisie<\/font><\/a>.<\/span><\/p>\n<p align=\"justify\"><span lang=\"FR\">Dans cette derni\u00e8re affaire \u00abCactus prod. \u00bb en voulait \u00e0 mort aux fr\u00e8res Karoui de lui avoir enlev\u00e9 les droits de production de \u00ab Star Acad\u00e9mie \u00bb pour la r\u00e9gion en s\u2019adjugeant la licence chez la soci\u00e9t\u00e9 m\u00e8re. Cactus prod s\u2019est\u00a0 alors rabattu dans la pr\u00e9cipitation sur la production de l\u2019\u00e9mission de jeu \u00ab Split Decision \u00bb appartenant \u00e0 \u00ab Endemol International \u00bb sous le titre \u00ab Akhar Karar \u00bb. D\u2019apr\u00e8s les derni\u00e8res informations connu, la soci\u00e9t\u00e9 hollandaise qui \u00e0 \u00e9t\u00e9 charg\u00e9e d\u2019am\u00e9nager\u00a0 et \u00e9quip\u00e9 le studio pour l\u2019\u00e9mission n\u2019a pas encore touch\u00e9 aucun sous de ses frais \u00e9valu\u00e9e aux environs d\u2019un million de dinars. Elle a \u00e9t\u00e9 tout simplement abandonn\u00e9e \u00e0 se faire valoir droit devant nos tribunaux\u2026<\/span><\/p>\n<p align=\"justify\"><span lang=\"FR\">Pour Arbi Nasra, propri\u00e9taire de Hannibal TV, qui sait bien \u00e0 quoi s\u2019entretenir avec les le\u00e7ons des exp\u00e9riences de ses pr\u00e9d\u00e9cesseurs\u00a0 il n\u2019a cherch\u00e9 ni \u00e0 acqu\u00e9rir des licences pour les \u00e9missions qu\u2019il produit face au monopole de fait que Cactus prod a impos\u00e9 sur le secteur ni \u00e0 d\u00e9fendre inutilement devant les tribunaux ses droits l\u00e9s\u00e9s par le transfuge d\u2019animateur m\u00eame sous contrat. On peut sentir le poids de l\u2019amertume et fureur int\u00e9rieure chez l\u2019homme dans ces menaces \u00e0 peine voil\u00e9es dans ses propos dans une <a target=\"_blank\" rel=\"noopener\"><font>interview publi\u00e9e par le journal \u00ab El Hadath \u00bb<\/font><\/a> le 10 d\u00e9cembre 2008: \u00ab <i>Je d\u00e9pense 15 million de dinar pour la chaine tunisienne Hannibal TV, alors que les deux autres chaines Hannibal Ferdaws et Hannibal Orient ne me coute que 1,5 million et leur succ\u00e8s ou leur \u00e9chec m\u2019importe peu. Mais je ne les ai pas ouverts par simple co\u00efncidence ou pour dilapider de l\u2019argent, mais pour un objectif bien pr\u00e9cis. Je sais qu\u2019il y a des gens qui n\u2019aiment pas Arbi Nasra, Mais si Hannibal TV est conduite \u00e0 sa perdition je serai encore pr\u00e9sent par deux chaines TV\u00a0 sur lesquels je vais concentrer tous mes investissements.<\/i> \u00bb Le gravit\u00e9 du message implicite dans ces propos ajout\u00e9 au sort subi jusqu&rsquo;\u00e0 pr\u00e9sent par Nesma TV et la liquidation presque termin\u00e9e de la Radio nationale au profit de chaines priv\u00e9es au profil obscurs et objectifs(1) inconnus ne laisse aucun doute sur la gravit\u00e9 de la crise que conna\u00eet aujourd\u2019hui le secteur de la t\u00e9l\u00e9vision en Tunisie.<\/span><\/p>\n<p align=\"justify\"><span lang=\"FR\">Dans les milieux d\u2019affaires comme dans celui des m\u00e9dias et jusqu\u2019au gens ordinaires tout le monde observe au del\u00e0 de ce combat in\u00e9gal entre Hannibal TV et \u00abCactus prod \u00bb l\u2019appropriation de fait de la chaine nationale TV 7 par la soci\u00e9t\u00e9 de Belhassen Trabelsi \u00abCactus prod \u00bb\u00a0 sans que sa privatisation ne soit officiellement annonc\u00e9e.<\/span><\/p>\n<p align=\"justify\"><span lang=\"FR\">Si on se situ dans une logique d\u2019affaires, il n\u2019y a normalement pas de raisons de conflits d\u2019int\u00e9r\u00eats entre une chaine TV et une soci\u00e9t\u00e9 de production d\u2019\u00e9missions TV. Les activit\u00e9s des deux entit\u00e9s sont compl\u00e9mentaires et une soci\u00e9t\u00e9 de production ne peut normalement exister sans des rapports sereins et de confiance avec toutes les chaines TV sens\u00e9s \u00eatre ses uniques clients. Quand les deux activit\u00e9s sont men\u00e9s par des soci\u00e9t\u00e9s priv\u00e9s, c\u2019est une raisons de plus pour que leurs rapports soient r\u00e9gies dans la transparence selon les r\u00e8gles du march\u00e9. Mais le comportement de \u00abCactus prod \u00bb d\u00e9montre bien qu\u2019elle n\u2019a pas besoin d\u2019autres chaines pour dicter sa loi. Sa t\u00e9l\u00e9vision elle l\u2019a d\u00e9j\u00e0 et son comportement avec notre chaine nationale n\u2019est qu\u2019un aspect de toute une mentalit\u00e9 pr\u00e9valant chez certains gens qui trahit une grave confusion entre ce qui leur appartient et ce qui appartient \u00e0 l\u2019\u00e9tat.<\/span><\/p>\n<p align=\"justify\"><span lang=\"FR\">On est comme \u00e7a \u00ab\u00a0<a target=\"_blank\" rel=\"noopener\"><font>Ahna Hekka<\/font><\/a>\u00a0\u00bb comme le dit la photo, \u00e7a n&rsquo;a rien d&rsquo; \u00ab\u00a0<a target=\"_blank\" rel=\"noopener\"><font>antis\u00e9mites\u00a0\u00bb de la t\u00e9l\u00e9 tunisienne&rsquo;<\/font><\/a>&#8230; les pr\u00e9dateurs n&rsquo;ont jamais attendu pour se servir quand il ont l&rsquo;occasion<\/span><\/p>\n<p align=\"justify\"><span lang=\"FR\">Yahyaoui Mokhtar \u2013 Tunis le 10 F\u00e9vrier 2008<\/span><\/p>\n<p align=\"justify\"><b><span lang=\"FR-CH\">(Source\u00a0: \u00ab\u00a0Tunisia Watch\u00a0\u00bb, le blog de Mokhtar Yahyaoui, le 10 f\u00e9vrier 2009)<\/span><\/b><\/p>\n<p align=\"justify\"><b><span lang=\"DE-CH\">Lien\u00a0:<a href=\"http:\/\/tunisiawatch.rsfblog.org\/archive\/2009\/02\/10\/l-histoire-de-cactus-prod-ou-la-privatisation-deguisee-de-no.html\" target=\"_blank\" rel=\"noopener\"><font>http:\/\/tunisiawatch.rsfblog.org\/archive\/2009\/02\/10\/l-histoire-de-cactus-prod-ou-la-privatisation-deguisee-de-no.html<\/font><\/a><\/span><\/b><\/p>\n<\/div>\n<div>\u00a0<\/div>\n<div>\n<hr\/>\n<\/div>\n<div>\n<p align=\"center\"><span lang=\"FR\"><strong><\/p>\n<h2 style=\"color: red;\"><font size=\"3\">Tunisie : La presse ind\u00e9pendante au bord de l&rsquo;extinction<\/font><\/h2>\n<p><\/strong><\/span><\/p>\n<p align=\"justify\"><span lang=\"FR\">L\u2019ann\u00e9e 2008 a \u00e9t\u00e9 fortement marqu\u00e9e par le mouvement de protestation sociale qui a embras\u00e9, pendant plus de six mois, la r\u00e9gion mini\u00e8re de Gafsa (Sud-Ouest). Devant l\u2019acharnement des manifestants \u00e0 demander la mise en place d\u2019une politique r\u00e9gionale destin\u00e9e \u00e0 faire baisser le taux de ch\u00f4mage le plus \u00e9lev\u00e9 du pays, les autorit\u00e9s ont r\u00e9pondu par la r\u00e9pression. Des dizaines de personnes ont \u00e9t\u00e9 arr\u00eat\u00e9es par des contingents des forces arm\u00e9es d\u00e9p\u00each\u00e9s sur place pour mater la r\u00e9volte. La presse officielle et les m\u00e9dias affili\u00e9s au pouvoir n\u2019en ont cependant fait \u00e9tat qu\u2019une fois que l\u2019Agence tunisienne de presse (TAP, publique) s\u2019est empar\u00e9e du sujet, non pour d\u00e9noncer la force disproportionn\u00e9e utilis\u00e9e par les policiers, mais pour rassurer l\u2019opinion publique et encenser le \u00ab\u00a0grand\u00a0\u00bb plan d\u2019investissement du pr\u00e9sident Zine el-Abidine Ben Ali. En revanche, Al-Hiwar Attounsi, t\u00e9l\u00e9vision ind\u00e9pendante diffusant sur le satellite Hotbird, a largement couvert les \u00e9v\u00e9nements, devenant ainsi une tribune pour les laiss\u00e9s-pourcompte de Gafsa. Les images retransmises par cette cha\u00eene ont permis d\u2019alerter l\u2019opinion publique nationale et internationale sur les abus commis dans la r\u00e9gion. Tandis que les leaders syndicalistes, meneurs du mouvement de protestation, \u00e9taient arr\u00eat\u00e9s puis condamn\u00e9s en premi\u00e8re instance \u00e0 des peines allant jusqu\u2019\u00e0 dix ans de prison ferme, les autorit\u00e9s tunisiennes lan\u00e7aient un mandat d\u2019arr\u00eat contre le correspondant d\u2019Al-Hiwar Attounsi. Sans autre alternative, Fahem Boukadous se cache depuis le 5 juillet 2008. Il a \u00e9t\u00e9 condamn\u00e9 par d\u00e9faut, quelques mois plus tard, \u00e0 six ans de prison pour \u00ab\u00a0appartenance \u00e0 une association de malfaiteurs\u00a0\u00bb et \u00ab\u00a0diffusion de publications susceptibles de porter atteinte \u00e0 l&rsquo;ordre public\u00a0\u00bb. Au 31 d\u00e9cembre 2008, le journaliste continuait de se dissimuler.<\/span><\/p>\n<p><span lang=\"FR\"><strong>Une presse ind\u00e9pendante en situation de pr\u00e9carit\u00e9<\/strong><\/span><\/p>\n<p><span lang=\"FR\">La survie des m\u00e9dias ind\u00e9pendants, dont la t\u00e9l\u00e9vision satellitaire Al-Hiwar Attounsi ou le webmagazine Kalima, comme celle des journaux affili\u00e9s \u00e0 des partis d\u2019opposition, tels qu\u2019Al- Maoukif et le dernier-n\u00e9 Mouwatinoun, d\u00e9pend du bon vouloir des autorit\u00e9s, qui s\u2019en servent pour vanter le pluralisme du paysage m\u00e9diatique tunisien. Ces m\u00e9dias font pourtant face \u00e0 d\u2019\u00e9normes difficult\u00e9s, qu\u2019il s\u2019agisse de pressions financi\u00e8res, judiciaires ou s\u00e9curitaires. Leurs si\u00e8ges sont plac\u00e9s sous la surveillance de policiers en civil et leurs employ\u00e9s suivis et harcel\u00e9s.<\/span><\/p>\n<p><span lang=\"FR\">Ces derniers re\u00e7oivent rarement leur carte de presse et sont de fait exclus des \u00e9v\u00e9nements officiels. N\u2019ayant jamais obtenu des pouvoirs publics les documents donnant le droit d\u2019impression de sa publication, la r\u00e9daction de Kalima (http:\/\/www.kalimatunisie.com\/) anime depuis pr\u00e8s de dix ans un journal en ligne, inaccessible en Tunisie sans l\u2019utilisation d\u2019un proxy. D\u2019autres sont confront\u00e9s \u00e0 des mesures de censure indirecte, \u00e0 l\u2018instar des hebdomadaires arabophones Al-Maoukif et Mouwatinoun, qui sont tr\u00e8s difficiles \u00e0 trouver dans les kiosques malgr\u00e9 une diffusion nationale.<\/span><\/p>\n<p><span lang=\"FR\">Une raison majeure \u00e0 cela : les distributeurs et les marchands de journaux subissent des pressions pour les rendre indisponibles, invisibles m\u00eame. Ces deux journaux sont \u00e9galement sous le coup de proc\u00e9dures judiciaires, qui seraient selon eux t\u00e9l\u00e9guid\u00e9es par le pouvoir. A l\u2019approche de l\u2019\u00e9lection pr\u00e9sidentielle, pr\u00e9vue pour l\u2019automne prochain, au cours de laquelle le pr\u00e9sident Zine el-Abidine Ben Ali briguera un cinqui\u00e8me mandat, les m\u00e9dias ind\u00e9pendants tunisiens craignent l\u2019exacerbation de cette politique d\u2019\u00e9touffement.<\/span><\/p>\n<p><span lang=\"FR\"><strong>Un pari imp\u00e9rieux<\/strong><\/span><\/p>\n<p><span lang=\"FR\">A la veille de cette \u00e9ch\u00e9ance \u00e9lectorale, l\u2019\u00e9quipe de Kalima a d\u00e9cid\u00e9 de lancer une radio, non pas sur les ondes tunisiennes &#8211; n\u2019ayant aucune chance d\u2019obtenir une licence &#8211; mais sur Internet et par satellite. En plus des difficult\u00e9s financi\u00e8res li\u00e9es au lancement d\u2019un m\u00e9dia ne b\u00e9n\u00e9ficiant d\u2019aucune recette publicitaire ni de subvention de l\u2019Etat, l\u2019\u00e9quipe de radio Kalima n\u2019a pas \u00e9t\u00e9 \u00e9pargn\u00e9e par les autorit\u00e9s de Tunis. Le 26 janvier 2009, date du lancement de sa diffusion sur le satellite Hotbird, les locaux de radio Kalima ont \u00e9t\u00e9 encercl\u00e9s par la police, emp\u00eachant les journalistes qui s\u2019y trouvaient d\u2019en sortir et les invit\u00e9s de la radio d\u2019y acc\u00e9der. Quelques jours plus tard, la police a investi les lieux pour saisir les \u00e9quipements de la r\u00e9daction et poser les scell\u00e9s sur la porte des studios. Les dirigeants de la radio sont accus\u00e9s d\u2019\u00a0\u00bbactivit\u00e9s informatiques non autoris\u00e9es\u00a0\u00bb.<\/span><\/p>\n<p><span lang=\"FR\"><strong>Slim Boukhdir lib\u00e9r\u00e9 apr\u00e8s plus de sept mois de d\u00e9tention<\/strong><\/span><\/p>\n<p><span lang=\"FR\">La lib\u00e9ration anticip\u00e9e du journaliste ind\u00e9pendant Slim Boukhdir, survenue le 21 juillet 2008, a mis fin \u00e0 un s\u00e9jour en prison difficile, marqu\u00e9 par la maladie et un grand sentiment d\u2019ins\u00e9curit\u00e9. Slim Boukhdir a \u00e9t\u00e9 jug\u00e9 coupable au terme d\u2019un proc\u00e8s mont\u00e9 de toutes pi\u00e8ces. Comme dans d\u2019autres cas par le pass\u00e9, ce n\u2019est pas pour ses \u00e9crits, dans lesquels il d\u00e9nonce r\u00e9guli\u00e8rement les probl\u00e8mes de n\u00e9potisme dans les plus hautes sph\u00e8res du pouvoir, qu\u2019il a \u00e9t\u00e9 jug\u00e9. Slim Boukhdir a \u00e9cop\u00e9 d\u2019une peine d\u2019un an de prison pour \u201coutrage \u00e0 un fonctionnaire dans l\u2019exercice de ses fonctions\u201d, \u201catteinte aux bonnes moeurs\u201d et \u201crefus de pr\u00e9senter ses papiers d\u2019identit\u00e9\u201d. Depuis sa sortie de prison, le journaliste a retrouv\u00e9 sa libert\u00e9 de ton, malgr\u00e9 les menaces qui se multiplient. En septembre 2008, des policiers en civil l\u2019ont interpell\u00e9 \u00e0 Sfax (Sud-Est) et conduit en dehors de la ville pour l\u2019interroger et l\u2019inciter \u00e0 cesser ses publications.<\/span><\/p>\n<p><span lang=\"FR\">Extrait du Rapport :<\/span><\/p>\n<p><span lang=\"FR\">\u00ab La libert\u00e9 de la presse AU moyen orient et en Afrique du nord \u00bb Doha Center \u2013 Fevrier 2009<strong>(voir: <\/strong><a target=\"_blank\" rel=\"noopener\"><strong><font>www.dohacentre.org<\/font><\/strong><\/a><strong> )<\/strong><\/span><\/p>\n<p><b><span lang=\"FR-CH\">(Source\u00a0: \u00ab\u00a0Tunisia Watch\u00a0\u00bb, le blog de Mokhtar Yahyaoui, le 10 f\u00e9vrier 2009)<\/span><\/b><\/p>\n<\/div>\n<div>\n<hr\/>\n<\/div>\n<div>\n<h2 align=\"center\" dir=\"ltr\" style=\"color: red;\">\n<h2 style=\"color: red;\"><font size=\"3\">Traqu\u00e9s, les deux Tunisiens se cachent \u00e0 Nantes &#8211; Pays de Loire<\/font><\/h2>\n<\/h2>\n<div align=\"justify\" dir=\"ltr\">mercredi 04 f\u00e9vrier 2009 <\/div>\n<p align=\"justify\" dir=\"ltr\">\u00a0<\/p>\n<p align=\"justify\" dir=\"ltr\">II y a un an, dans leur ville, ils avaient manifest\u00e9 contre la mis\u00e8re. Ils ont d\u00fb fuir Redeyef pour ne pas finir en prison. Ici, les deux exil\u00e9s subissent le sort impossible des clandestins. R\u00e9cits crois\u00e9s.<\/p>\n<p align=\"justify\" dir=\"ltr\">\u00a0<\/p>\n<p align=\"justify\" dir=\"ltr\">Du travail ! Comme une pri\u00e8re qui revient en boucle. Du travail, rem\u00e2chent sans cesse Badi et Nawfel <em>(1) <\/em>avec col\u00e8re, amertume, m\u00e9lancolie, douleur. Implorants. C&rsquo;est pour que l&rsquo;\u00c9tat tunisien leur accorde ce droit, qu&rsquo;ils ont os\u00e9 s&rsquo;opposer au pr\u00e9sident Ben Ali, il y a un an. Risques insens\u00e9s.<\/p>\n<p align=\"justify\" dir=\"ltr\">Lorsque nous les rencontrons dans cette petite salle discr\u00e8te du centre-ville de Nantes, ce soir-l\u00e0, un luxe de pr\u00e9cautions a \u00e9t\u00e9 d\u00e9ploy\u00e9 pour que les deux hommes, la trentaine, ne soient pas interpell\u00e9s. Et expuls\u00e9s parce qu&rsquo;ils ont atterri ici, il y a deux mois, sans papiers. Comme 180 de leurs compatriotes depuis les \u00e9meutes.<\/p>\n<p align=\"justify\" dir=\"ltr\">Pourtant, leur voeu le plus cher serait de retourner chez eux. Ils ne demanderaient pas mieux que de quitter s\u00e9ance tenante cette France qui ne veut pas d&rsquo;eux. Oui mais.<\/p>\n<p align=\"justify\" dir=\"ltr\">Balles dans la peau<\/p>\n<p align=\"justify\" dir=\"ltr\">Oui mais, Nawfel soul\u00e8ve ses v\u00eatements. Trouant sa peau, de vilaines cicatrices. Des impacts de balles et la rage dans ses yeux mobiles disent cr\u00fbment la brutalit\u00e9 exerc\u00e9e \u00e0 Redeyef. Redeyef, gros bassin minier du sud de la Tunisie, ses 300 emplois octroy\u00e9s \u00e0 d&rsquo;autres bras que ceux du coin, <strong>\u00ab<\/strong> <strong>aux fils de bakchichs<\/strong> <strong>\u00bb, <\/strong>dit-il.<\/p>\n<p align=\"justify\" dir=\"ltr\">Cette injustice avait d\u00e9clench\u00e9 des protestations publiques en janvier 2008. <strong>\u00ab<\/strong> <strong>J&rsquo;\u00e9tais all\u00e9 voir le gouverneur pour demander un emploi. Il m&rsquo;avait dit d&rsquo;aller acheter une corde pour me suicider.<\/strong> <strong>\u00bb<\/strong> <\/p>\n<p align=\"justify\" dir=\"ltr\">Le 6 juin dernier, le jeune homme \u00e9tait sur la grande place de Redeyef avec des milliers d&rsquo;autres : <strong>\u00ab<\/strong><strong>On protestait pacifiquement. Vers midi, les forces de l&rsquo;ordre ont tir\u00e9. On a cru que c&rsquo;\u00e9tait des balles \u00e0 blanc. Mais Hafnaoui, 21 ans, a \u00e9t\u00e9 tu\u00e9. ll \u00e9tait \u00e0 c\u00f4t\u00e9 de moi. Un autre ami, bless\u00e9 aussi, est mort trois semaines plus tard. Il avait 27 ans.<\/strong> <strong>\u00bb<\/strong><\/p>\n<p align=\"justify\" dir=\"ltr\">Nawfel aussi est touch\u00e9, transport\u00e9 \u00e0 l&rsquo;h\u00f4pital par sa famille. Il y est harcel\u00e9, dit-il, par des policiers.<strong>\u00ab<\/strong> <strong>Quand je suis sorti, je n&rsquo;ai pas reconnu ma ville. Il y avait les chars, Redeyef en \u00e9tat de si\u00e8ge.<\/strong><strong>\u00bb <\/strong>Un couvre-feu<strong><\/strong>toujours en vigueur.<\/p>\n<p align=\"justify\" dir=\"ltr\">Crainte de repr\u00e9sailles<\/p>\n<p align=\"justify\" dir=\"ltr\">Le jeune homme sait qu&rsquo;il doit fuir, c&rsquo;est \u00e7a ou la prison. Il traverse le d\u00e9sert libyen, monte sur un bateau de fortune pour Lampedusa. Seize heures de travers\u00e9e pendant lesquelles il a cru mourir. En Italie, il est plac\u00e9 au centre de r\u00e9tention, s&rsquo;\u00e9vade. Et prend le train. Milan, Nice, Nantes&#8230; Nantes, parce que les immigr\u00e9s tunisiens originaires de Redeyef y sont nombreux. <\/p>\n<p align=\"justify\" dir=\"ltr\">Badi a suivi aussi ce p\u00e9rilleux chemin d&rsquo;exil, o\u00f9 beaucoup de ses semblables, dit-il, ont laiss\u00e9 leur vie. M\u00eame regard de d\u00e9sesp\u00e9rance que Nawfel, m\u00eames accents r\u00e9volt\u00e9s.<\/p>\n<p align=\"justify\" dir=\"ltr\">Badi \u00e9tait de ceux qui avaient install\u00e9 une trentaine de tentes \u00e0 Redeyef, en signe de protestation. Il avait m\u00eame, un moment, \u00e9t\u00e9 reconnu par les autorit\u00e9s comme l&rsquo;un des n\u00e9gociateurs du mouvement. Jusqu&rsquo;\u00e0 ce que la r\u00e9pression se durcisse et qu&rsquo;il soit pourchass\u00e9. Contraint \u00e0 la fuite.<\/p>\n<p align=\"justify\" dir=\"ltr\">Aujourd&rsquo;hui \u00e0 Nantes, il t\u00e9moigne volontiers, oui. Mais pas \u00e0 visage d\u00e9couvert. Comme Nawfel, il craint les repr\u00e9sailles sur sa famille. <\/p>\n<p align=\"justify\" dir=\"ltr\"><strong><font>Agn\u00e8s CLERMONT.<\/font><\/strong><\/p>\n<p align=\"justify\" dir=\"ltr\">\u00a0<\/p>\n<p align=\"justify\" dir=\"ltr\"><em>(1) Pr\u00e9noms d&#8217;emprunt.<\/em><\/p>\n<p align=\"justify\" dir=\"ltr\"><strong><font>(Source: \u00ab\u00a0Ouest-France\u00a0\u00bb le 4 fevrier 2009)<\/font><\/strong><\/p>\n<\/div>\n<div>\n<hr\/>\n<\/div>\n<div align=\"center\"> <strong><\/p>\n<h2 style=\"color: red;\"><font size=\"3\">Solidarit\u00e9, lettre de soutien d&rsquo;un citoyen( pas dupe) a madame Sihem Ben Sedrine<\/font><\/h2>\n<p><\/strong><\/div>\n<div> Ch\u00e8re madame Je viens d&rsquo;apprendre par le blog engag\u00e9 boudourou\u00a0 (que je f\u00e9licite au passage pour leurs engagements et le s\u00e9rieux de leurs travail) que vous \u00eates en train de subir les attaques de certains journalistes de caniveaux qui essaient de faire du sensationnel sans v\u00e9rifier la v\u00e9racit\u00e9 de ce qu&rsquo;ils racontent et qui tentent de vous intimider en ayant recours a des menaces disproportionn\u00e9es et tentent de nous faire croire (fort maladroitement )que votre attitude r\u00e9sistantes serait choquante et immorale. Par cette lettre,madame, je souhaite avant tout vous exprimer ma vive gratitude car m\u00eame si vos gestes historiques peuvent vous attirer le d\u00e9saveu de certains m\u00e9dias hostiles(Je n&rsquo;ai jamais vu une presse si profond\u00e9ment immorale, si incurablement pourrie) recourant aux amalgames, il suscite en nous hommes et femmes investis dans la vie de notre pays par ces temps houleux o\u00f9 \u00ab la barque semble prendre l&rsquo;eau de toutes parts du courage et nous remplit d&rsquo;esp\u00e9rance. Nous ne sommes donc pas dupes ! Il est bien \u00e9vident pour tout esprit logique et juste que ce ne sont pas les journalistes de votre calibre qui s&rsquo;opposent \u00e0 certains agissements ,ouvertement destructrices, qui sont la cause du probl\u00e8me mais se sont ces agissements eux-m\u00eames Lorsqu&rsquo;on fait en sorte de restreindre, voir de supprimer tout court,certains droits et libert\u00e9s on remet en cause sciemment un des rares m\u00e9canismes susceptible de combattre efficacement les in\u00e9galit\u00e9s socio- culturelles, Lorsqu&rsquo;on r\u00e9duit \u00e0 une peau de chagrin, ou qu&rsquo;on supprime tout court certains droits et libert\u00e9s on proclame ouvertement qu&rsquo;on ne veut pas investir sur l&rsquo;avenir de notre pays pour finir nous voulons ,en apposant notre soutien dans un esprit de respect et d&rsquo;estime , construire avec vous pour les g\u00e9n\u00e9rations qui nous suivront un pays moderne d\u00e9mocrate et libre et nous demandons donc instamment, par un dernier geste de conscience a ces journalistes de se reprendre, et de renoncer \u00e0 de telles agissement si visiblement inciviques car si tel n&rsquo;est pas le cas, d&rsquo;\u00e9vidence leurs noms a eux et le nom de leurs journal serait \u00e0 jamais entach\u00e9 de honte dans l&rsquo;histoire de la Tunisie Mes respects madame<\/div>\n<div>\n<hr\/>\n<\/div>\n<div>\n<div align=\"center\"><strong><font>La mamelle de la Tunisie victime de l\u2019incurie<\/font><\/strong> <\/p>\n<h2 style=\"color: red;\"><font size=\"3\"><strong>La Majerda, fleuve en p\u00e9ril<\/strong><\/font><\/h2>\n<\/div>\n<div align=\"justify\"> <strong><font>Dossier r\u00e9alis\u00e9 par Badreddine BEN HENDA<\/font><\/strong>  Comme avec les \u00eatres humains, on peut entretenir avec les cours d&rsquo;eau des rapports affectifs tr\u00e8s chaleureux, et a fortiori quand ces cours d&rsquo;eau repr\u00e9sentent\u00a0 pour vous ou pour votre communaut\u00e9, une source vitale de production et de richesse. La Medjerda est la mamelle la plus g\u00e9n\u00e9reuse du pays et qui arrose directement ou indirectement les terres tunisiennes du Nord jusqu&rsquo;au Sud.  Les riverains de ce cher fleuve ne sont pas tous des romantiques, mais chacun d&rsquo;eux a sans doute une longue histoire avec ce cours d&rsquo;eau nourricier. Une histoire d&rsquo;amiti\u00e9, de connivence, de petits drames et de moments d&rsquo;intense joie. L&rsquo;enfance des voisins de la Medjerda \u00e2g\u00e9s aujourd&rsquo;hui de plus de cinquante ans est remplie de sc\u00e8nes tendres ou difficiles v\u00e9cues au bord de la seule grande rivi\u00e8re du pays. L&rsquo;un d&rsquo;eux, un habitant de Medjez El Bab, se rappelle comment, \u00e0 l&rsquo;\u00e2ge de cinq ans d\u00e9j\u00e0, il se baignait dans ses eaux turquoise en compagnie de ses parents et de ses amis.  A l&rsquo;\u00e9poque, nous dit-il, on y p\u00eachait du bon poisson d&rsquo;eau douce et l&rsquo;on ne craignait pas d&rsquo;en tomber malade. L&rsquo;eau de la rivi\u00e8re servait aussi au lavage de la laine et parfois de la vaisselle, tant elle \u00e9tait propre hors des saisons de fortes pr\u00e9cipitations. Nous nous adonnions \u00e0 nos jeux favoris sur la \u00ab plage \u00bb bien conserv\u00e9e du fleuve, sinon sur ses berges verdoyantes. Certes, en hiver et dans les p\u00e9riodes de crues, ce n&rsquo;\u00e9tait pas toujours la ga\u00eet\u00e9 qu&rsquo;on lisait sur les visages, mais comme les inondations annoncent souvent les bonnes r\u00e9coltes de l&rsquo;\u00e9t\u00e9, on supportait le malheur avec une sorte de r\u00e9signation en pensant qu&rsquo;apr\u00e8s la nuit viendra certainement le jour.  Aujourd&rsquo;hui, les gens ne semblent plus avoir d&rsquo;\u00e9gards pour les cours d&rsquo;eau naturels. Pas tous, mais la majorit\u00e9 des voisins de nos rivi\u00e8res et canaux ne mesurent pas le pr\u00e9judice qu&rsquo;ils causent \u00e0 leur environnement et \u00e0 ces eaux dont leurs vies d\u00e9pendent dans un certain sens, en les polluant avec toutes sortes d&rsquo;immondices et de d\u00e9chets industriels. A plusieurs endroits, la Medjerda fait peine \u00e0 voir \u00e0 cause aussi de l&rsquo;incurie des municipalit\u00e9s et de l&rsquo;indulgence coupable de certains \u00e9diles \u00e0 l&rsquo;\u00e9gard des pollueurs. Le pr\u00e9sent dossier\u00a0 se veut \u00e0 la fois\u00a0 un r\u00e9quisitoire et un cri de d\u00e9tresse ! La protection de l&rsquo;environnement passe, comme dans les grands pays et les grandes civilisations, par le respect de cet environnement ! Que chacun se pose la cruelle question : qu&rsquo;ai-je fait pour sauvegarder la Medjerda ?  <strong>Menaces<\/strong>  Aujourd&rsquo;hui, la plupart des villes travers\u00e9es par le fleuve ont transform\u00e9 ses deux rives en d\u00e9charges tol\u00e9r\u00e9es. D&rsquo;ailleurs, les citoyens ne sont pas les seuls \u00e0 polluer le site. Il n&rsquo;y a pas longtemps, du c\u00f4t\u00e9 de Jendouba, les eaux us\u00e9es de la ville et une bonne partie de ses d\u00e9jections humaines \u00e9taient \u00e9vacu\u00e9es dans les eaux de la Medjerda. Les photos qui accompagnent ce reportage ont \u00e9t\u00e9 prises il y a seulement une semaine \u00e0 Jendouba et \u00e0 Medjez el Bab, elles montrent bien que les riverains et les pouvoirs publics ont peu d&rsquo;\u00e9gards pour cette mamelle de la Tunisie qui, avec ses affluents, arrose plus de la moiti\u00e9 des terres du pays. A Medjez-el- Bab, des crevasses \u00e9normes se sont creus\u00e9es des deux c\u00f4t\u00e9s du fleuve et menacent s\u00e9rieusement les habitations et les commerces voisins. Comme la ville de Boussalem, Medjez-el-Bab eut \u00e0 subir plusieurs fois de graves inondations qui co\u00fbt\u00e8rent tr\u00e8s cher notamment en d\u00e9g\u00e2ts mat\u00e9riels. N\u00e9anmoins, la protection de la ville contre les crues ne semble pas constituer une urgence, puisque les projets pr\u00e9sent\u00e9s dans ce sens sont rest\u00e9s lettre morte. L&rsquo;excuse invoqu\u00e9e est, comme l&rsquo;on pouvait s&rsquo;y attendre, leur co\u00fbt trop \u00e9lev\u00e9 et l&rsquo;absence de moyens.  Soit ! Et le modeste pont qui enjambe la rivi\u00e8re \u00e0 l&rsquo;entr\u00e9e de la ville en venant de B\u00e9ja ou du Kef, doit-il continuer ind\u00e9finiment \u00e0 supporter tout le trafic qui passe par l\u00e0 ? Certes la ceinture qui fut cr\u00e9\u00e9e, il y a plus de dix ans, autour de Medjez-el-Bab,\u00a0 a all\u00e9g\u00e9 le mouvement sur le pont mais l&rsquo;ouvrage est encore l&rsquo;unique voie de passage pour presque tous les v\u00e9hicules qui entrent dans la ville ou en sortent. Concernant les pi\u00e9tons, le passage qui leur est r\u00e9serv\u00e9 sur ce pont n&rsquo;atteint m\u00eame pas 50 centim\u00e8tres de large, et au dire du maire de la ville, plusieurs personnes y ont trouv\u00e9 la mort.  A propos des ponts toujours, il n&rsquo;y en a qu&rsquo;un seul dans chaque ville travers\u00e9e par la Medjerda et l&rsquo;on peut imaginer le trafic que chacun de ces ouvrages doit supporter. A Boussalem et \u00e0 Jendouba, les vieux ponts m\u00e9talliques ont \u00e9t\u00e9 remplac\u00e9s par d&rsquo;autres en b\u00e9ton qui ne tiendront pas tr\u00e8s longtemps s&rsquo;ils continuent \u00e0 \u00eatre\u00a0 les seules voies de passage au-dessus de la rivi\u00e8re. D&rsquo;un point de vue esth\u00e9tique, les ponts construits sur la plus grande rivi\u00e8re de Tunisie n&rsquo;ont absolument rien d&rsquo;attrayant. On dirait que nos architectes des ponts et chauss\u00e9es n&rsquo;ont jamais fait de voyage en Europe, ni vu en photo un pont fran\u00e7ais, italien, britannique, allemand, autrichien, polonais, tch\u00e8que ou m\u00eame irakien et \u00e9gyptien ! C&rsquo;est d&rsquo;un neutre, d&rsquo;un plat, d&rsquo;un m\u00e9diocre \u00e0 faire douter de leur sens esth\u00e9tique ! Eux aussi se retrancheront derri\u00e8re la sempiternelle excuse du manque de moyens, mais faut-il des dizaines de milliards pour arrondir quelques lignes plates, pour ajouter un motif charmant, pour mettre un peu de fantaisie dans la conception des garde-fous et des rambardes ! Le pont n&rsquo;est pas seulement une \u0153uvre technique et bassement utilitaire, c&rsquo;est un projet artistique et un t\u00e9moin historique. Avec ces constructions sans relief, nous ne risquons pas d&rsquo;entendre nos po\u00e8tes chanter la fuite du temps sous le pont Mirabeau, mais ils pourraient le faire sous les ponts&#8230; \u00ab Miralaids \u00bb !  D&rsquo;autre part, aucune rive de la Medjerda n&rsquo;est prot\u00e9g\u00e9e contre la pollution par des haies ou des barri\u00e8res m\u00e9talliques utiles par ailleurs pour pr\u00e9server les riverains et leurs enfants des dangers de noyade.\u00a0 C&rsquo;est vraiment triste d&rsquo;entendre r\u00e9guli\u00e8rement d&rsquo;adolescents ou de jeunes \u00e9coliers emport\u00e9s par les eaux des rivi\u00e8res voisines de chez eux !  Au sujet des stations d&rsquo;\u00e9puration qu&rsquo;on a multipli\u00e9es dans le cadre du grand projet baptis\u00e9 \u00ab La Main bleue \u00bb, c&rsquo;est sans doute une bonne chose. Mais suffisent-elles pour emp\u00eacher certains industriels de d\u00e9verser leurs d\u00e9chets polluants dans la rivi\u00e8re. Comment amener les gens ordinaires \u00e0 voir autrement le cours d&rsquo;eau qui passe pr\u00e8s de chez eux ? Comment faire retrouver \u00e0 nos rivi\u00e8res leur dignit\u00e9, voire leur saintet\u00e9 ? Les peuples anciens v\u00e9n\u00e9raient leurs fleuves et m\u00eame leurs gu\u00e9s. Chez nous, on r\u00e9compense par l&rsquo;ingratitude l&rsquo;eau qui nous fait vivre, on crache sur un don inestimable de la nature !  <strong>La vall\u00e9e fertile <\/strong> La Medjerda est l&rsquo;unique et le plus long cours d&rsquo;eau \u00e0 \u00e9coulement permanent de Tunisie. Le fleuve est long de plus de 460 kilom\u00e8tres et traverse le territoire tunisien sur 350 kilom\u00e8tres. Sa source est situ\u00e9e en Alg\u00e9rie dans la r\u00e9gion de Constantine et son bassin s&rsquo;\u00e9tend sur 22.000 kilom\u00e8tres carr\u00e9s dont 16.000 en Tunisie. Le d\u00e9bit moyen de cette rivi\u00e8re \u00e0 r\u00e9gime pluvial est de 29 m\u00e8tres cubes \u00e0 la seconde, mais pendant les grandes crues, il peut atteindre\u00a0 1200 m\u00e8tres cubes par seconde. La Medjerda charrie annuellement 800 millions de m\u00e8tres cubes d&rsquo;eau. Ses principaux affluents sont Oued Kasseb et Oued B\u00e9j\u00e0 sur la rive gauche et Oued Mell\u00e8gue, Oued Tessa et Oued Siliana sur la rive droite. Les principales villes tunisiennes travers\u00e9es par ce fleuve dont l&#8217;embouchure est le golfe de Tunis, sont Jendouba, Boussalem, Testour, Medjez-el- Bab, T\u00e9bourba et J\u00e9dayda.  La vall\u00e9e de la Medjerda est l&rsquo;une des plus fertiles du pays et elle repr\u00e9sente le 1\/12\u00e8me de ses ressources hydriques. Equip\u00e9 de plusieurs barrages dont principalement ceux de Sidi Salem (le plus important de Tunisie) et d&rsquo;El Aroussiya, le fleuve est crucial pour l&rsquo;irrigation et pour le d\u00e9veloppement de l&rsquo;agriculture dans la r\u00e9gion et aussi dans des zones tr\u00e8s \u00e9loign\u00e9es de la vall\u00e9e et cela gr\u00e2ce aux projets \u00e9tatiques visant \u00e0 faire b\u00e9n\u00e9ficier les r\u00e9gions semi-arides des eaux du Nord du pays.  Du point de vue de son histoire, il est int\u00e9ressant de savoir qu&rsquo;\u00e0 l&rsquo;\u00e9poque romaine cette rivi\u00e8re s&rsquo;appelait Bagradas et qu&rsquo;elle a \u00e9t\u00e9 \u00e0 l&rsquo;origine de la fondation des villes de Chemtou et Utique. Il para\u00eet m\u00eame que l&#8217;emplacement de Tunis et de Carthage fut choisi en raison de la proximit\u00e9 de la rivi\u00e8re qui, rappelons-le, se jette non loin de l\u00e0. On raconte par ailleurs que le fleuve \u00e9tait navigable avant la construction en 1975 du barrage de Sidi Salem.  <strong>Aveu d&rsquo;impuissance<\/strong>  Nous nous sommes rendus samedi dernier \u00e0 la ville de Medjez-el-Bab et avons constat\u00e9 combien les citoyens avaient peu d&rsquo;\u00e9gards pour la rivi\u00e8re que leurs maisons et commerces longent. Malgr\u00e9 le nombre suffisant de conteneurs qu&rsquo;il y avait sur les lieux, nous avons \u00e9t\u00e9 t\u00e9moins de gestes regrettables voire criminels de la part de quelques riverains comme ce cafetier qui vide toutes ses poubelles du c\u00f4t\u00e9 de l&rsquo;oued et ce poissonnier qui empeste l&rsquo;endroit avec sa marchandise pourrie. A deux pas seulement de l&rsquo;h\u00f4tel de ville, le panneau plac\u00e9 sur l&rsquo;une des rives de la Medjerda et interdisant de jeter les ordures \u00e0 cet endroit n&rsquo;a pas suffi pour en dissuader les habitants voisins. Nous avons \u00e9voqu\u00e9 toutes ces sc\u00e8nes avec M. Ibrahim Saadaoui, maire de la ville, qui n&rsquo;a pas cach\u00e9 son indignation devant une telle inconscience contre laquelle les amendes inflig\u00e9es r\u00e9guli\u00e8rement n&rsquo;ont\u00a0 pas eu d&rsquo;effet !  \u00ab Vous avez sans doute constat\u00e9 que les conteneurs ne manquaient pas dans la zone. Des ouvriers municipaux passent r\u00e9guli\u00e8rement avec leurs chariots ou sur des tracteurs pour ramasser les d\u00e9tritus. Rien n&rsquo;y fait ! Nous endurons parfois injustement les r\u00e9primandes de certains inspecteurs qui imputent ces agissements \u00e0 notre incurie, alors que notre effort est constant pour que cessent les pratiques inciviques. Figurez-vous que devant les infractions r\u00e9p\u00e9t\u00e9es des citoyens nous n&rsquo;avons pas trouv\u00e9 mieux que de recouvrir les immondices entass\u00e9es avec des talus de terre g\u00e9ants ! \u00bb  Et pour le pont, qu&rsquo;envisagez-vous pour all\u00e9ger son trafic et y faciliter le passage des pi\u00e9tons ?  \u00ab Vous devez savoir que la situation actuelle du pont est meilleure qu&rsquo;il y a quelques ann\u00e9es, \u00e0 l&rsquo;\u00e9poque o\u00f9 le p\u00e9riph\u00e9rique n&rsquo;existait pas encore. Tout le trafic entre le nord- ouest et la capitale transitait par notre ville \u00e9quip\u00e9e de cet unique pont de pr\u00e8s de 400ans. Les touristes maghr\u00e9bins empruntaient aussi ce passage pour atteindre Tunis. Il existe un vieux projet qui n&rsquo;a malheureusement jamais \u00e9t\u00e9 retenu, \u00e0 savoir la construction d&rsquo;un deuxi\u00e8me pont qui donnerait sur la zone industrielle et la route vers la gare ferroviaire situ\u00e9e \u00e0 quelques kilom\u00e8tres de la ville. Le budget de la municipalit\u00e9 ne pouvait pas supporter le co\u00fbt d&rsquo;un tel projet et l&rsquo;Etat n&rsquo;en avait pas d\u00e9cr\u00e9t\u00e9 l&rsquo;urgence. Apr\u00e8s les inondations successives de 2003 et 2004, une \u00e9tude fut r\u00e9alis\u00e9e en vue d&rsquo;un projet qui prot\u00e9gerait la ville contre les crues, mais les fonds n\u00e9cessaires ont manqu\u00e9 et manquent toujours. \u00bb  <strong>Et en attendant ?<\/strong>  \u00ab Pour l&rsquo;heure, nous nous contentons de solutions de repl\u00e2trage : sur le pont, la circulation des gros v\u00e9hicules est d\u00e9sormais formellement interdite. Pour les pi\u00e9tons, nous en sommes seulement \u00e0 l&rsquo;\u00e9tude de la faisabilit\u00e9 d&rsquo;un petit projet qui consiste en l&rsquo;installation des deux c\u00f4t\u00e9s du pont de sortes de passerelles relativement larges. Contre les d\u00e9g\u00e2ts que les crues peuvent occasionner, nous avons entrepris sur deux mois et avec l&rsquo;aide du Minist\u00e8re de l&rsquo;Agriculture et des ressources hydrauliques des travaux de curage profond qui ont permis de d\u00e9gager les grands trous con\u00e7us pour l&rsquo;\u00e9vacuation des eaux en cas de grande pression. Parmi\u00a0 les causes premi\u00e8res des derni\u00e8res inondations se trouvaient en effet ces bouches obstru\u00e9es. Concernant la construction de belles corniches des deux c\u00f4t\u00e9s de l&rsquo;oued, une \u00e9tude r\u00e9cente a r\u00e9v\u00e9l\u00e9 que pour notre ville seulement, il faudrait d\u00e9bloquer un budget de 33 milliards de nos millimes ! Vous comprenez sans doute pourquoi de tels projets sont abandonn\u00e9s au profit d&rsquo;autres moins co\u00fbteux et \u00e0 utilit\u00e9 imm\u00e9diate. Nous sommes tous pour la protection de l&rsquo;environnement, pour le respect des sites \u00e9cologiques, mais certaines priorit\u00e9s nous font renoncer provisoirement \u00e0 nos r\u00eaves les plus chers. Ici, \u00e0 la mairie, nous aimerions tant nous consacrer aux grands projets, mais nous en sommes toujours r\u00e9duits \u00e0 g\u00e9rer le quotidien dans ce qu&rsquo;il a de plus terre \u00e0 terre. \u00bb  <strong><font>(Source : \u00ab Le Temps \u00bb (Quotidien \u2013 Tunis), le 10 f\u00e9vrier 2009)<\/font><\/strong><\/div>\n<\/div>\n<div>\u00a0<\/div>\n<div>\n<hr\/>\n<\/div>\n<div>\u00a0<\/div>\n<div>\u00a0 <\/p>\n<div align=\"center\"><strong><\/p>\n<h2 style=\"color: red;\"><font size=\"3\">Sahara occidental: l&rsquo;Europe doit \u00ab\u00a0s&rsquo;engager davantage\u00a0\u00bb, selon Madrid<\/font><\/h2>\n<p><\/strong> \u00a0<\/div>\n<div align=\"justify\">\u00a0<\/div>\n<div align=\"justify\">AFP, le 10 f\u00e9vrier 2009 \u00e0 14h08 MADRID, 10 f\u00e9v 2009 (AFP) &#8211; L&rsquo;Europe doit \u00ab\u00a0s&rsquo;engager davantage\u00a0\u00bb pour\u00a0 rechercher un accord \u00ab\u00a0mutuellement acceptable\u00a0\u00bb sur le statut du Sahara occidental, a estim\u00e9 mardi le chef de la diplomatie espagnole Miguel Angel Moratinos, devant la presse \u00e9trang\u00e8re \u00e0 Madrid. Il a par ailleurs soulign\u00e9 qu&rsquo;il y a avait actuellement \u00ab\u00a0\u00e0 Madrid, Paris et Washington, la m\u00eame vision et la m\u00eame volont\u00e9\u00a0\u00bb de trouver une solution \u00e0 ce probl\u00e8me sous l&rsquo;\u00e9gide des Nations unies, ce qui devrait permettre une relance des discussions. Le Sahara occidental, ancienne colonie espagnole, a \u00e9t\u00e9 annex\u00e9 en 1975 par le Maroc qui propose un plan de large autonomie sous sa souverainet\u00e9, refusant toute ind\u00e9pendance. Le mouvement ind\u00e9pendantiste du Front Polisario, soutenu par l&rsquo;Alg\u00e9rie, r\u00e9clame en revanche l&rsquo;ind\u00e9pendance du territoire via un r\u00e9f\u00e9rendum d&rsquo;autod\u00e9termination. M. Moratinos, en r\u00e9ponse \u00e0 une question, a ni\u00e9 que l&rsquo;Espagne, qui va assurer la pr\u00e9sidence de l&rsquo;UE au cours du 1e semestre 2010, ait modifi\u00e9 sa position sur la question du Sahara occidental dans un sens plus favorable \u00e0 Rabat. \u00ab\u00a0Notre position n&rsquo;a pas chang\u00e9 et l&rsquo;Espagne est toujours en faveur d&rsquo;une solution bas\u00e9e sur le principe de libre d\u00e9termination du peuple sahraoui\u00a0\u00bb et sur son droit \u00e0 l&rsquo;auto-d\u00e9termination, a-t-il soulign\u00e9, appelant au \u00ab\u00a0dialogue bilat\u00e9ral\u00a0\u00bb entre les deux parties. Depuis juin 2007, le Maroc et le Polisario ont men\u00e9 quatre s\u00e9ries de n\u00e9gociations infructueuses \u00e0 Manhasset, pr\u00e8s de New York. Une nouvelle s\u00e9rie de n\u00e9gociations est pr\u00e9vue \u00e0 une date non pr\u00e9cis\u00e9e. Un nouvel envoy\u00e9 sp\u00e9cial du secr\u00e9taire g\u00e9n\u00e9ral de l&rsquo;ONU pour le Sahara Occidental, le diplomate am\u00e9ricain Christopher Ross, a \u00e9t\u00e9 nomm\u00e9 d\u00e9but janvier. Il succ\u00e8de au N\u00e9erlandais Peter van Walsum, dont le mandat a expir\u00e9 fin ao\u00fbt et qui \u00e9tait accus\u00e9 de favoriser le Maroc apr\u00e8s avoir d\u00e9clar\u00e9 que l&rsquo;ind\u00e9pendance du Sahara occidental \u00e9tait \u00ab\u00a0irr\u00e9aliste\u00a0\u00bb.<\/div>\n<\/div>\n<div>\n<hr\/>\n<\/div>\n<div align=\"center\">\n<h2 style=\"color: red;\"><font size=\"3\"><strong>Les grands sites internet de socialisation s&rsquo;engagent \u00e0 prot\u00e9ger les mineurs<\/strong><\/font><\/h2>\n<\/div>\n<div align=\"justify\">\u00a0<\/div>\n<div align=\"justify\"><font size=\"3\"><span lang=\"FR-CH\">AFP, le 10 f\u00e9vrier 2009 \u00e0 15h34<\/span><\/font><\/div>\n<div align=\"justify\">\u00a0<\/div>\n<div align=\"justify\"><font size=\"3\"><span lang=\"FR-CH\">BRUXELLES, 10 f\u00e9v 2009 (AFP) &#8211;\u00a0<\/span><\/font> &#8211; Dix-sept sites de socialisation en ligne actifs en Europe, dont Facebook et MySpace, ont sign\u00e9 un accord mardi visant \u00e0 limiter les risques pour les mineurs, a annonc\u00e9 la Commission europ\u00e9enne. Ces risques sont essentiellement le harc\u00e8lement en ligne, des sollicitations d&rsquo;adultes \u00e0 des fins sexuelles et la divulgation involontaire d&rsquo;informations personnelles. Les sites signataires sont Dailymotion, Facebook, Google\/YouTube, Microsoft Europe, MySpace, Yahoo! Europe, Netlog, Arto, Bebo, Giovani.it, Hyves, Nasza-klaza.pl, One.it, Skyrock, StudiVZ, Sulake\/Habbo Hotel et zap.lu. Ils se sont engag\u00e9s \u00e0 emp\u00eacher les enfants trop jeunes \u00e0 utiliser leurs services et \u00e0 placer sur leur site un bouton \u00ab\u00a0signaler un abus\u00a0\u00bb accessible et simple d&#8217;emploi. Ils ont aussi garanti qu&rsquo;ils rendraient bien visibles les options permettant de choisir entre diff\u00e9rents degr\u00e9s de protection de la vie priv\u00e9e en d\u00e9terminant qui peut acc\u00e9der aux donn\u00e9es mises en ligne. Enfin, les profils des mineurs devraient \u00eatre automatiquement rendus priv\u00e9s et accessibles uniquement pour les \u00ab\u00a0amis\u00a0\u00bb reconnus &#8211; et pas directement \u00e0 partir du site ou par l&rsquo;interm\u00e9diaire d&rsquo;un moteur de recherche. \u00ab\u00a0Alors que dans la vraie vie les gens seraient tr\u00e8s soup\u00e7onneux envers des \u00e9trangers qui frapperaient \u00e0 leur porte en demandant: +veux-tu \u00eatre mon ami?+, dans le monde en ligne la porte est grande ouverte la plupart du temps\u00a0\u00bb, a relev\u00e9 la commissaire charg\u00e9e des nouvelles technologies, Viviane Reding. \u00ab\u00a0Certains jeunes mettent en ligne des photos de leurs amis ou de leur famille, des adresses et des num\u00e9ros de t\u00e9l\u00e9phone, ou m\u00eame des pr\u00e9f\u00e9rences sexuelles, sans se rendre compte que quelqu&rsquo;un avec de mauvaises intentions ou un potentiel futur employeur pourrait acc\u00e9der \u00e0 ces donn\u00e9es\u00a0\u00bb, a-t-elle not\u00e9. Les sites de socialisation en ligne comptent plus de 41,7 millions d&rsquo;utilisateurs r\u00e9guliers en Europe, avec une moyenne de trois heures par mois. Ils sont en forte croissance, avec 107,4 millions d&rsquo;utilisateurs pr\u00e9vus en 2012, selon les donn\u00e9es cit\u00e9es par la Commission. Les sites signataires de l&rsquo;accord doivent informer la Commission des d\u00e9tails des mesures prises et de la fa\u00e7on dont ils comptent les mettre en oeuvre d&rsquo;ici avril 2009. Et Viviane Reding a promis de revenir sur le sujet \u00ab\u00a0d&rsquo;ici un an\u00a0\u00bb.<\/div>\n<div>\u00a0<\/div>\n<div>\n<hr\/>\n<\/div>\n<\/div>\n<div align=\"center\"><font face=\"Arial\"><strong><\/p>\n<h3 style=\"color: blue;\"><font>GB: l&rsquo;\u00e9tudiant qui a lanc\u00e9 une chaussure contre Wen plaide non coupable<\/font><\/h3>\n<p><\/strong><font size=\"2\"><\/font><\/font><\/div>\n<div align=\"justify\"> AFP 10.02.09 | 12h48  L&rsquo;\u00e9tudiant allemand qui avait lanc\u00e9 une chaussure contre le Premier ministre chinois Wen Jiabao d\u00e9but f\u00e9vrier \u00e0 l&rsquo;universit\u00e9 de Cambridge (nord de Londres) a plaid\u00e9 non coupable de troubles \u00e0 l&rsquo;ordre public mardi devant un tribunal de cette ville.  Martin Jahnke, 27 ans, devra de nouveau compara\u00eetre devant le tribunal de Cambridge le 10 mars prochain, a annonc\u00e9 un juge. Le jeune homme, costume sombre et chaussures sans lacets, ne s&rsquo;est exprim\u00e9 que pour confirmer son identit\u00e9 et pour plaider non coupable, selon un journaliste de l&rsquo;AFP sur place. Il a \u00e9t\u00e9 laiss\u00e9 libre \u00e0 l&rsquo;issue de l&rsquo;audience qui n&rsquo;a dur\u00e9 qu&rsquo;une dizaine de minutes. Inculp\u00e9 de \u00ab\u00a0langage ou comportement mena\u00e7ant, injurieux ou insultant en vue de provoquer la peur ou la violence\u00a0\u00bb, Martin Jahnke risque jusqu&rsquo;\u00e0 six mois de prison et une amende maximum de 5.000 livres (5.730 euros). Le 2 f\u00e9vrier, cet \u00e9tudiant en 3e cycle du d\u00e9partement de Pathologie de la prestigieuse universit\u00e9 avait interrompu un discours de M. Wen sur le r\u00f4le de la Chine dans la mondialisation, en criant \u00ab\u00a0c&rsquo;est un scandale\u00a0\u00bb et en traitant le Premier ministre chinois de dictateur, avant de jeter une chaussure qui avait atterri un bon m\u00e8tre devant sa cible. Ce geste rappelait le jet de chaussures d&rsquo;un journaliste irakien contre le pr\u00e9sident am\u00e9ricain George W. Bush, \u00e0 Bagdad en d\u00e9cembre. Outre une condamnation p\u00e9nale, le jeune \u00e9tudiant risque \u00e9galement une sanction au sein de l&rsquo;universit\u00e9, une plainte ayant \u00e9t\u00e9 d\u00e9pos\u00e9e sur le bureau du responsable du comit\u00e9 disciplinaire de l&rsquo;universit\u00e9. La Chine avait condamn\u00e9 l&rsquo;incident, survenu au dernier jour d&rsquo;une visite europ\u00e9enne de M. Wen, mais avait assur\u00e9 qu&rsquo;il n&rsquo;affecterait pas les liens entre Londres et P\u00e9kin. Les autorit\u00e9s universitaires avaient pr\u00e9sent\u00e9 leurs excuses. Le Premier ministre chinois Wen Jiabao lui-m\u00eame a appel\u00e9 l&rsquo;universit\u00e9 de Cambridge \u00e0 pardonner \u00e0 l&rsquo;\u00e9tudiant, selon le minist\u00e8re chinois des Affaires \u00e9trang\u00e8res. Wen Jiabao, qui avait qualifi\u00e9 son comportement de \u00ab\u00a0m\u00e9prisable\u00a0\u00bb, estime que Martin Jahnke doit \u00eatre autoris\u00e9 \u00e0 poursuivre ses \u00e9tudes, selon l&rsquo;ambassadeur de Chine au Royaume-Uni, cit\u00e9 sur le site internet du minist\u00e8re. Selon le quotidien Daily Telegraph, Martin Jahnke m\u00e8ne d&rsquo;importantes recherches g\u00e9n\u00e9tiques sur les maladies d\u00e9bilitantes, telles que le diab\u00e8te, la scl\u00e9rose en plaques ou l&rsquo;arthrite. Son travail a d\u00e9j\u00e0 \u00e9t\u00e9 publi\u00e9 dans le Journal de Biochimie et il a anim\u00e9 des s\u00e9minaires \u00e0 destination d&rsquo;autres \u00e9tudiants dipl\u00f4m\u00e9s, selon le journal.<\/div>\n<div align=\"center\">\n<hr\/>\n<\/div>\n<div align=\"center\"><strong><\/p>\n<h3 style=\"color: blue;\"><font><font size=\"3\">Victime\u00a0 juive du nazisme, elle appelle \u00e0 un boycott\u00a0\u00bb d&rsquo;Isra\u00ebl\u00a0\u00bb<\/font><\/font><\/h3>\n<p><\/strong><\/div>\n<div align=\"justify\"> <font>Lettre de Meyer Acanutorhayo \u00e0 la chanceli\u00e8re allemande, Angela Merkel<\/font>    Mme la chanceli\u00e8re Angela Merkel, le respectable,  Je vous \u00e9cris cette lettre pour moi coll\u00e8gues dans la profession, parce que je comme vous, j&rsquo;ai aussi \u00e9tudi\u00e9 la th\u00e9orie de la physique moderne et d&rsquo;un doctorat et travaille\u00a0 J&rsquo;ai fini mon certificat comme directeur de laboratoires de recherche dans la soci\u00e9t\u00e9 n\u00e9erlandaise Philips, pour une p\u00e9riode de dix ans, jusqu&rsquo;en 1984, mais la diff\u00e9rence entre nous, parce que ma vie est beaucoup plus diff\u00e9rente que votre vie. Je suis juif et de ceux qui ont surv\u00e9cu \u00e0 l&rsquo;holocauste nazi d&rsquo;Auschwitz dans lequel j&rsquo;ai \u00e9t\u00e9 d\u00e9tenu pendant une p\u00e9riode de dix mois.   \u00a0Sans exag\u00e9ration, je tiens \u00e0 dire que, Madame le Chancelier, je suis all\u00e9 \u00e0 travers la pers\u00e9cution et la haine raciale am\u00e8re je sais tous ce que cela signifie d&rsquo;\u00eatre humain et\u00a0 opprime rejet\u00e9s et priv\u00e9s de l&rsquo;\u00e9ducation et de la plupart des exigences de base de niveau de vie d\u00e9cent. Savez-vous que lorsque j&rsquo;\u00e9tais \u00e0 l&rsquo;\u00e2ge de quatorze ans, j&rsquo;ai d\u00fb migrer vers les Pays-Bas parce que je n&rsquo;\u00e9tais pas en mesure d&rsquo;achever l&rsquo;enseignement secondaire en Allemagne, un \u00e9tudiant juif. L\u00e0, j&rsquo;ai v\u00e9cu aux Pays-Bas, cinq ans sous l&rsquo;occupation nazie. Cette exp\u00e9rience me fait sentir que je ressens pour le peuple palestinien aujourd&rsquo;hui, la souffrance et la pers\u00e9cution, le harc\u00e8lement et la boucherie commise par les mains des sionistes. Ici, notre distinctes les uns des autres et totalement diff\u00e9rentes, nos positions envers le peuple palestinien. Savez-vous Mme Merkel que la relation entre un juif sioniste ressemble \u00e0 un Allemand nazi, m\u00eame si les sionistes ont fait valoir qu&rsquo;ils sont Juifs, la religion juive est innocent d&rsquo;entre eux.   \u00a0Et puisque vous \u00eates conseiller et repr\u00e9sentant du peuple allemand, que vous avez le droit de se sentir coupable de ce qui a \u00e9t\u00e9 fait par le crime nazi contre les Juifs, mais je suis en d\u00e9saccord avec vous sur les diff\u00e9rentes positions que vous adoptez en raison de la culpabilit\u00e9 et la mani\u00e8re dont votre traduction des choses. Je vais vous dire cela \u00e0 partir de l&rsquo;exp\u00e9rience personnelle pour vous dire que vous \u00eates dans\u00a0 L&rsquo;erreur dans le traitement de ce patrimoine historique, et parce que vous vous sentez coupable. Il ya une merveilleuse anecdote n\u00e9erlandais dit que le v\u00e9ritable ami est celui qui vous montre vos d\u00e9fauts. Et pour cela vous n&rsquo;\u00eates pas vraiment des amis d&rsquo;Isra\u00ebl, car vous n&rsquo;avez pas critiqu\u00e9 les dirigeants de ce pays, ind\u00e9pendamment de leurs crimes et le g\u00e9nocide contre le peuple palestinien, physique ou psychologique.   Mme Angela Merkel, le respect\u00e9e &#8230;   S&rsquo;il vous pla\u00eet, je voudrais s&rsquo;il vous pla\u00eet \u00e0 tous, du plus profond de mon c\u0153ur, pense que, dans un signe que j&rsquo;\u00e9cris ces mots pour vous, en particulier en ces jours difficiles dans lesquelles nous vivons aujourd&rsquo;hui, o\u00f9 la machine de guerre isra\u00e9lienne, et toutes les atrocit\u00e9s, le massacre du peuple palestinien, les enfants et les hommes et les femmes, sans piti\u00e9 ni r\u00e9pit. Je tiens \u00e0 vous rappeler votre responsabilit\u00e9,\u00a0 dans ces circonstances difficiles Comme une figure europ\u00e9enne respect\u00e9e m\u00eame en dehors de cette responsabilit\u00e9, vous devez donc\u00a0 exercer une pression sur le r\u00e9gime au pouvoir en Isra\u00ebl, et par l&rsquo;annulation de l&rsquo;accord de partenariat avec l&rsquo;UE, m\u00eame si temporairement, comme indiqu\u00e9 par le Quatuor international sur le 25\/09\/2008 et l&rsquo;Union europ\u00e9enne, qui est une partie.\u00a0   \u00a0Veuillez recevoir l&rsquo;assurance de ma tr\u00e8s haute consid\u00e9ration et l&rsquo;appr\u00e9ciation    <strong><font>Meyer Acanutorhayo<\/font><\/strong> 06\/01\/2009   &#8212;&#8212;&#8212;&#8212;&#8212;&#8212;&#8212;&#8212;&#8212;&#8212;&#8212;&#8212;&#8212;&#8212;&#8212;&#8212;&#8211; &#8212;&#8212;&#8212;&#8212;&#8212;&#8212;&#8212;&#8212;&#8212;&#8212;   \u00a0Saviez-vous cher lecteur que le Dr Hayo Meyer est \u00e2g\u00e9 de Quatre-vingt-cinq-ans, est encore attend une r\u00e9ponse aujourd&rsquo;hui de la chanceli\u00e8re allemande Angela Merkel sur ce message?   La chanceli\u00e8re Merkel n&rsquo;a pas r\u00e9pondu \u00e0 cette lettre et ne r\u00e9pondrait pas, et la raison est tr\u00e8s simple, parce que le Dr. Hayo est antisioniste et consid\u00e8re que le sionisme comme un mouvement raciste, et estime que c&rsquo;est la menace majeure pour l&rsquo;avenir des Juifs dans le monde.   Et si le Dr. Meyer \u00e9tait membre du Conseil central juif en Allemagne, la chanceli\u00e8re lui aura r\u00e9pondue \u00e0 la distinguer et \u00e0 grande vitesse aurait \u00e9t\u00e9 la publication de sa lettre dans les plus grands journaux allemands, et dans plusieurs autres langues \u00e9trang\u00e8res et diffus\u00e9es \u00e0 l&rsquo;ensemble des agences de presse mondiales. Peut-\u00eatre les chaines Global TV se serait press\u00e9es de l&rsquo;interview\u00e9 et publi\u00e9s des entretiens, de l&rsquo;exp\u00e9rience de l&rsquo;Holocauste pour diminuer le m\u00e9contentement universel contre la sauvagerie et la barbarie sioniste exerc\u00e9es sur le peuple palestinien, et de faire taire la voix antisioniste dans le monde, et \u00e0 justifier l&rsquo;entit\u00e9 sioniste sur les ruines de la douleur et le sang du peuple palestinien.   Cher lecteur, sait-il que le Dr hayo Maircan a \u00e9crit un article en 2002 dans lequel Il a d\u00e9nonc\u00e9 l&rsquo;exploitation du lobby sioniste en Allemagne, accus\u00e9 antis\u00e9mitisme, le rocher de quiconque critique d&rsquo;Isra\u00ebl et de ses atrocit\u00e9s afin de lib\u00e9rer la voix\u00a0 et la libert\u00e9 d&rsquo;expression dans le monde.   Mais, malheureusement, alors tous les m\u00e9dias allemands et autrichiens ou suisses n&rsquo;ont pas os\u00e9s\u00a0 publier son\u00a0 article.   L&rsquo;exp\u00e9rience du Dr. Hayo Meyer est un bon exemple, il nous montre qu&rsquo;il ya beaucoup de Juifs dans le monde antisionisme. Ces structures du sionisme accusent \u00ab\u00a0les juifs Allasameon\u00a0\u00bb et le conflit avec le sionisme n&rsquo;est pas un conflit religieux, mais\u00a0 un conflit intellectuel.  \u00a0La deuxi\u00e8me conclusion est que le lobby sioniste domine la plupart des m\u00e9dias dans le monde, et m\u00eame les Juifs se sont \u00e0 sa merci, eux-m\u00eames se sont les victimes de sa traitrise.  \u00a0C&rsquo;est pourquoi il n&rsquo;y avait pas un sioniste, et a m\u00eame vot\u00e9 pour vous si vous \u00eates juif, vous l&rsquo;histoire de la souffrance des pers\u00e9cutions racistes et fascistes et nazis.   \u00a0Jou\u00e9 par les nazis dans l&rsquo;histoire de l&rsquo;Allemagne, sont encore exploit\u00e9es par le lobby sioniste \u00e0 \u00e9migrer le plus grand nombre des Juifs pour la Palestine arabe.  Le crime nazi demeure une vache de lait, des organisations sionistes, en particulier en Allemagne, et il est aussi un atout utilis\u00e9 par ces organisations dans toutes sortes de chantage, et \u00e0 tous les niveaux et dans tous les domaines.  \u00a0Par cons\u00e9quent, sous le nom de l&rsquo;\u00e9crivain juif am\u00e9ricain Norman Finkelstein intitul\u00e9 \u00ab\u00a0Holocauste industrie\u00a0\u00bb, car il est devenu un secteur rentable dans l&rsquo;histoire.   <strong>Garsali Jamal,<\/strong> un ancien vice-allemand\u00a0\u00a0 07.02.2009  <strong><font>(traduit\u00a0 en fran\u00e7ais avec l&rsquo;aide de Google par Aboujaaf\u00e2r laouini le10\/02\/09)<\/font><\/strong><\/div>\n<p>\u00a0<\/p><\/div>\n<\/div>\n<\/div>\n<\/div>\n<\/div>\n<\/div>\n<p><\/font><\/p>\n<p align=\"center\" dir=\"ltr\">\n<h3 style=\"color: blue;\"><font face=\"Arial\" size=\"2\"><strong><b><a href=\"https:\/\/tunisnews.net\/ar\/\"><font face=\"Arial\"><span><font size=\"2\">Home<\/font><\/span><font size=\"2\"><span lang=\"FR-CH\"> &#8211; Accueil <\/span><span>&#8211; <\/span><\/font><\/font><span dir=\"rtl\" lang=\"AR-SA\"><font size=\"2\">\u0627\u0644\u0631\u0626\u064a\u0633\u064a\u0629<\/font><\/span><\/a><\/b><\/strong><\/font><\/h3>\n<\/p>\n<p><\/body><\/body><\/html><\/p>","protected":false},"excerpt":{"rendered":"<p>Home &#8211; Accueil TUNISNEWS 8\u00a0\u00e8me ann\u00e9e,N\u00b0\u00a03185 du 10.02.2009 \u00a0archives : www.tunisnews.net\u00a0\u00a0 AFP: Tunisie: un avocat affirme \u00eatre confront\u00e9 au refus d&rsquo;\u00e9diter son journal FTCR \u2013 Alerte: Situation explosive sur l&rsquo;ile de Lampedusa Yahyaoui Mokhtar: L\u2019Histoire de \u00ab Cactus prod \u00bb ou la privatisation d\u00e9guis\u00e9e de notre t\u00e9l\u00e9vision nationale Tunisia Watch: Tunisie : La presse ind\u00e9pendante [&hellip;]<\/p>\n","protected":false},"author":1,"featured_media":22040,"comment_status":"open","ping_status":"open","sticky":false,"template":"","format":"standard","meta":{"inline_featured_image":false,"site-sidebar-layout":"default","site-content-layout":"","ast-site-content-layout":"default","site-content-style":"default","site-sidebar-style":"default","ast-global-header-display":"","ast-banner-title-visibility":"","ast-main-header-display":"","ast-hfb-above-header-display":"","ast-hfb-below-header-display":"","ast-hfb-mobile-header-display":"","site-post-title":"","ast-breadcrumbs-content":"","ast-featured-img":"","footer-sml-layout":"","ast-disable-related-posts":"","theme-transparent-header-meta":"","adv-header-id-meta":"","stick-header-meta":"","header-above-stick-meta":"","header-main-stick-meta":"","header-below-stick-meta":"","astra-migrate-meta-layouts":"default","ast-page-background-enabled":"default","ast-page-background-meta":{"desktop":{"background-color":"","background-image":"","background-repeat":"repeat","background-position":"center center","background-size":"auto","background-attachment":"scroll","background-type":"","background-media":"","overlay-type":"","overlay-color":"","overlay-opacity":"","overlay-gradient":""},"tablet":{"background-color":"","background-image":"","background-repeat":"repeat","background-position":"center center","background-size":"auto","background-attachment":"scroll","background-type":"","background-media":"","overlay-type":"","overlay-color":"","overlay-opacity":"","overlay-gradient":""},"mobile":{"background-color":"","background-image":"","background-repeat":"repeat","background-position":"center center","background-size":"auto","background-attachment":"scroll","background-type":"","background-media":"","overlay-type":"","overlay-color":"","overlay-opacity":"","overlay-gradient":""}},"ast-content-background-meta":{"desktop":{"background-color":"var(--ast-global-color-5)","background-image":"","background-repeat":"repeat","background-position":"center center","background-size":"auto","background-attachment":"scroll","background-type":"","background-media":"","overlay-type":"","overlay-color":"","overlay-opacity":"","overlay-gradient":""},"tablet":{"background-color":"var(--ast-global-color-5)","background-image":"","background-repeat":"repeat","background-position":"center center","background-size":"auto","background-attachment":"scroll","background-type":"","background-media":"","overlay-type":"","overlay-color":"","overlay-opacity":"","overlay-gradient":""},"mobile":{"background-color":"var(--ast-global-color-5)","background-image":"","background-repeat":"repeat","background-position":"center center","background-size":"auto","background-attachment":"scroll","background-type":"","background-media":"","overlay-type":"","overlay-color":"","overlay-opacity":"","overlay-gradient":""}},"footnotes":""},"categories":[],"tags":[54,40,29],"class_list":["post-17941","post","type-post","status-publish","format-standard","has-post-thumbnail","hentry","tag-54","tag-40","tag-fr"],"_links":{"self":[{"href":"https:\/\/tunisnews.net\/ar\/wp-json\/wp\/v2\/posts\/17941","targetHints":{"allow":["GET"]}}],"collection":[{"href":"https:\/\/tunisnews.net\/ar\/wp-json\/wp\/v2\/posts"}],"about":[{"href":"https:\/\/tunisnews.net\/ar\/wp-json\/wp\/v2\/types\/post"}],"author":[{"embeddable":true,"href":"https:\/\/tunisnews.net\/ar\/wp-json\/wp\/v2\/users\/1"}],"replies":[{"embeddable":true,"href":"https:\/\/tunisnews.net\/ar\/wp-json\/wp\/v2\/comments?post=17941"}],"version-history":[{"count":0,"href":"https:\/\/tunisnews.net\/ar\/wp-json\/wp\/v2\/posts\/17941\/revisions"}],"wp:featuredmedia":[{"embeddable":true,"href":"https:\/\/tunisnews.net\/ar\/wp-json\/wp\/v2\/media\/22040"}],"wp:attachment":[{"href":"https:\/\/tunisnews.net\/ar\/wp-json\/wp\/v2\/media?parent=17941"}],"wp:term":[{"taxonomy":"category","embeddable":true,"href":"https:\/\/tunisnews.net\/ar\/wp-json\/wp\/v2\/categories?post=17941"},{"taxonomy":"post_tag","embeddable":true,"href":"https:\/\/tunisnews.net\/ar\/wp-json\/wp\/v2\/tags?post=17941"}],"curies":[{"name":"wp","href":"https:\/\/api.w.org\/{rel}","templated":true}]}}