{"id":17939,"date":"2010-07-24T00:00:00","date_gmt":"2010-07-24T00:00:00","guid":{"rendered":"https:\/\/tunisnews.net\/24-juillet-2010\/"},"modified":"2010-07-24T00:00:00","modified_gmt":"2010-07-24T00:00:00","slug":"24-juillet-2010","status":"publish","type":"post","link":"https:\/\/tunisnews.net\/ar\/24-juillet-2010\/","title":{"rendered":"24 juillet 2010"},"content":{"rendered":"<p><html><head><meta content=\"text\/html\" description=\" \t\t\t\t\t\tanniversaire de la proclamation du r\u00e9gime r\u00e9publicain, \t\t\t\t\t\tun \u00e9v\u00e9nement national majeur, qui a constitu\u00e9 un \t\t\t\t\t\ttournant pour la modernisation \u00a0de notre pays, le \t\t\t\t\t\td\u00e9veloppement de ses potentialit\u00e9s et la r\u00e9alisation \t\t\t\t\t\td\u2019objectifs importants sur la voie du progr\u00e8s et du \t\t\t\t\t\td\u00e9veloppement.\" http-equiv=\"Content-Type\"\/><\/head><body><body><\/p>\n<p align=\"center\" dir=\"ltr\"><font face=\"Arial\" size=\"2\"><b><a href=\"https:\/\/tunisnews.net\/ar\/\"><span>Home<\/span><span lang=\"FR-CH\"> &#8211; Accuei<\/span><\/a><span lang=\"FR-CH\">l<\/span><\/b><\/font><\/p>\n<div>\n<div onclick=\"return Control.invoke('ReadingPane', '_onBodyClick', event);\">\n<div>\n<div>\n<div onclick=\"return Control.invoke('ReadingPane', '_onBodyClick', event);\">\n<div><meta content=\"Microsoft SafeHTML\"\/><\/p>\n<style>.ExternalClass .ecxhmmessage P{padding:0px;}.ExternalClass body.ecxhmmessage{font-size:10pt;font-family:Verdana;}<\/style>\n<div><font face=\"Arial\"><\/p>\n<div><\/div>\n<div align=\"center\" dir=\"ltr\"><font face=\"Bookman Old Style\" size=\"7\"><strong>TUNISNEWS <\/strong><\/font><\/div>\n<div align=\"center\" dir=\"ltr\">\n<div><strong><font size=\"2\">10\u00a0\u00e8me ann\u00e9e, <span lang=\"FR\">N\u00b0\u00a03714 du 24.07.2010<\/span><\/font><\/strong><\/div>\n<\/div>\n<div align=\"center\"><span><font size=\"2\"><strong>\u00a0archives : <\/strong><\/font><a target=\"_blank\" rel=\"noopener\"><font size=\"2\"><strong>www.tunisnews.net<\/strong><\/font><\/a><\/span><span lang=\"FR\">\u00a0<\/span><\/div>\n<div align=\"center\"><font size=\"2\"><\/p>\n<hr\/>\n<p><\/font><\/div>\n<div align=\"justify\"><span lang=\"FR\"><font size=\"2\"><span lang=\"FR\"><font><strong><\/p>\n<p><font size=\"2\">l\u2019Alliance pour la Citoyennet\u00e9 et l\u2019Egalit\u00e9: \u00ab La Tunisie m\u00e9rite un r\u00e9gime d\u00e9mocratique digne de son peuple \u00bb <font>Slim BAGGA: Lettre d\u00b4Andalousie<\/font> Reuters: La France et La Mauritanie bouclent leur op\u00e9ration au Mali <font>Secret D\u00e9fense: Mali : plus d&rsquo;une vingtaine de militaires fran\u00e7ais ont particip\u00e9 \u00e0 l&rsquo;op\u00e9ration antiterroriste<\/font> LeMonde.fr:Jean-Pierre Filiu\u00a0 \u00ab\u00a0Al-Qaida au Maghreb islamique s&rsquo;est concentr\u00e9e par d\u00e9faut sur le Sahara\u00a0\u00bb <font>AFP: Les troubles li\u00e9s \u00e0 la branche d&rsquo;Al-Qa\u00efda au Maghreb islamique<\/font> DNA: \u00ab L\u2019ex-d\u00e9tenu alg\u00e9rien de la prison de Guantanamo est interrog\u00e9 par les services de s\u00e9curit\u00e9 alg\u00e9riens \u00bb ( Farouk Ksentini)<\/font><\/p>\n<p><\/strong>\u00a0<\/font><\/span><\/font><\/span><\/div>\n<p><\/font><\/div>\n<div><font face=\"Arial\" size=\"2\"><\/p>\n<hr\/>\n<p><\/font><\/div>\n<div align=\"center\"><font face=\"Arial\" size=\"2\"><strong><font>1 \u2013Un clip de soutien \u00e0 Fahem Boukaddous<\/font> <span><a href=\"http:\/\/nocnoc.posterous.com\/24001903\" rel=\"nofollow noopener\" target=\"_blank\">http:\/\/nocnoc.posterous.com\/24001903<\/a><\/span><\/strong><\/font><\/div>\n<p align=\"center\"><span><strong><font>2 \u2013Intervention de\u00a0: Alain Baron de \u00ab\u00a0Solidaires\u00a0\u00bb pour le collectif syndical de solidarit\u00e9 avec le bassin Minier \u00e0 ElJazira,<\/font><font> <\/font><\/strong><\/span><span><a rel=\"nofollow noopener\" target=\"_blank\"><strong>http:\/\/nocnoc.posterous.com\/<\/strong><\/a><\/span><\/p>\n<div>\n<hr\/>\n<\/div>\n<p><font size=\"2\"><\/p>\n<p align=\"center\"><b><span lang=\"FR\">D\u00e9claration de \u00ab\u00a0l\u2019Alliance pour la Citoyennet\u00e9 et l\u2019Egalit\u00e9\u00a0\u00bb \u00e0 l\u2019occasion de<\/span><\/b><\/p>\n<p align=\"center\"><b><span lang=\"FR\">l\u2019anniversaire de la proclamation de la R\u00e9publique\u00a0:<\/span><\/b><\/p>\n<p align=\"center\"><b><span lang=\"FR\">\u00ab\u00a0La Tunisie m\u00e9rite un r\u00e9gime d\u00e9mocratique digne de son peuple\u00a0\u00bb<\/span><\/b><\/p>\n<p><span lang=\"FR\"><\/p>\n<hr\/>\n<p><\/span>\u00a0<\/p>\n<p><span lang=\"FR\">La Tunisie c\u00e9l\u00e8bre, le 25 juillet 2010, le 53<sup>\u00e8me<\/sup> anniversaire de la proclamation du r\u00e9gime r\u00e9publicain, un \u00e9v\u00e9nement national majeur, qui a constitu\u00e9 un tournant pour la modernisation \u00a0de notre pays, le d\u00e9veloppement de ses potentialit\u00e9s et la r\u00e9alisation d\u2019objectifs importants sur la voie du progr\u00e8s et du d\u00e9veloppement.<\/span><\/p>\n<p><span lang=\"FR\">La c\u00e9l\u00e9bration de cet anniversaire contribue \u00e0 aviver \u00a0l\u2019esprit patriotique, qui exige un haut degr\u00e9 de conscience, de participation et de citoyennet\u00e9. Elle constitue une occasion pour constater le besoin de r\u00e9former et d\u00e9velopper notre r\u00e9gime r\u00e9publicain, qui n\u2019a pas connu un d\u00e9veloppement politique comparable \u00e0 celui r\u00e9alis\u00e9 dans les autres domaines .<\/span><\/p>\n<p><span lang=\"FR\">Les politiques suivies pendant des d\u00e9cennies n\u2019ont pas r\u00e9ussi \u00e0 promouvoir un mod\u00e8le lib\u00e9ral de participation politique\u00a0: cette derni\u00e8re est rest\u00e9e entrav\u00e9e et subit l\u2019h\u00e9g\u00e9monie du parti au pouvoir.<\/span><\/p>\n<p><span lang=\"FR\">L\u2019\u00e9tat des libert\u00e9s, notamment la libert\u00e9 d\u2019expression et d\u2019organisation, demeure tr\u00e8s \u00e9loign\u00e9 des fondements lib\u00e9raux du r\u00e9gime r\u00e9publicain. La question de l\u2019alternance pacifique au pouvoir \u2013 une des principales valeurs de la R\u00e9publique- pose des probl\u00e8mes tr\u00e8s importants, pour le pr\u00e9sent comme pour l\u2019avenir, notamment en ce qui concerne la n\u00e9cessit\u00e9 d\u2019organiser des \u00e9lections d\u00e9mocratiques et transparentes, garantissant le droit de vote et la libert\u00e9 de candidature sans discrimination ni exclusive.\u00a0 Le foss\u00e9 est grand entre le discours et la pratique, entre les principes r\u00e9publicains et la r\u00e9alit\u00e9 v\u00e9cue. Les conditions du d\u00e9roulement des \u00e9lections de 2009 \u2013 2010et leurs r\u00e9sultats \u00a0ont d\u00e9montr\u00e9, encore une fois, le besoin imp\u00e9rieux d\u2019une r\u00e9forme politique qui comble ce foss\u00e9.<\/span><\/p>\n<p><span lang=\"FR\">Le pari sur la r\u00e9forme\u00a0 comme un premier \u00e9l\u00e9ment pour faire face aux d\u00e9fis strat\u00e9giques, \u00e9conomiques, sociaux, culturels, est de nature \u00e0 pr\u00e9server les acquis de la r\u00e9publique et les r\u00e9alisations de l\u2019Etat moderne contre tout risque de remise en cause. De m\u00eame, l\u2019adoption de politiques de d\u00e9veloppement nourries des valeurs de libert\u00e9, de justice et de solidarit\u00e9 est de nature \u00e0 resserrer\u00a0 le tissu social et \u00e0 renforcer l\u2019unit\u00e9 nationale.<\/span><\/p>\n<p><span lang=\"FR\">\u00ab\u00a0L\u2019Alliance pour la Citoyennet\u00e9 et l\u2019Egalit\u00e9\u00a0\u00bb, se fondant sur les valeurs, la d\u00e9marche et les buts qui unissent ses composantes, insiste encore une fois sur le fait que l\u2019int\u00e9r\u00eat national exige une r\u00e9forme politique urgente, visant \u00e0 faire \u00e9voluer le r\u00e9gime politique, \u00e0 r\u00e9habiliter les institutions de la R\u00e9publique, \u00e0 amender la l\u00e9gislation organisant la vie politique \u00e0 consacrer \u00a0dans les faits la s\u00e9paration et l\u2019\u00e9quilibre entre les pouvoirs et l\u2019ind\u00e9pendance de la justice, \u00e0 instaurer des m\u00e9canismes permettant de demander des comptes au pouvoir, de garantir les droits de tous, \u00e0 renforcer le pluralisme \u00e9nonc\u00e9 dans la Constitution et \u00e0 concr\u00e9tiser \u00a0ce pluralisme dans le paysage politique et m\u00e9diatique.<\/span><\/p>\n<p><span lang=\"FR\">Convaincue de l\u2019importance du pari sur la participation libre des Tunisiennes \u00a0et des Tunisiens \u00e0 la vie politique, \u00ab\u00a0l\u2019Alliance\u00a0\u00bb r\u00e9affirme l\u2019importance de l\u2019instauration d\u2019un dialogue national s\u00e9rieux\u00a0 entre le pouvoir, les partis politiques, les organisations syndicales et professionnelles et les diverses composantes de la soci\u00e9t\u00e9 civile. Un tel dialogue devrait \u00e9voluer vers un m\u00e9canisme permettant de traiter les grands probl\u00e8mes nationaux , ce qui est susceptible de mener vers l\u2019amorce du processus de r\u00e9forme politique et d\u2019aboutir \u00e0 des r\u00e9sultats concrets et \u00e0 des traitements institutionnels, constitutionnels et politiques qui soient le r\u00e9sultat d\u2019accords nationaux garantissant la stabilit\u00e9 de notre pays et rassurant nos concitoyens sur leur avenir, particuli\u00e8rement dans la perspective des \u00e9ch\u00e9ances \u00e9lectorales &#8211; pr\u00e9sidentielles et l\u00e9gislatives de 2014 \u2013que nous \u0153uvrerons pour qu\u2019elles constituent une \u00e9tape importante vers la transition d\u00e9mocratique <\/span><\/p>\n<p><span lang=\"FR\">\u00ab\u00a0L\u2019Alliance pour la Citoyennet\u00e9 et l\u2019Egalit\u00e9\u00a0\u00bb r\u00e9affirme, en cette circonstance, que la diversit\u00e9 constitue une richesse pour la soci\u00e9t\u00e9, que le droit \u00e0 la diff\u00e9rence est une caract\u00e9ristique des soci\u00e9t\u00e9s \u00e9volu\u00e9es et que la Tunisie, gr\u00e2ce \u00e0 l\u2019homog\u00e9n\u00e9it\u00e9 de son peuple, au degr\u00e9 d\u2019\u00e9volution et de conscience qu\u2019il a atteint \u00a0et \u00e0 son aspiration \u00e0 continuer \u00e0 avancer sur la voie du progr\u00e8s m\u00e9rite un r\u00e9gime d\u00e9mocratique digne de son peuple, en harmonie avec l\u2019esprit de notre temps et qui renforce ses chances de r\u00e9aliser un d\u00e9veloppement\u00a0 global et durable.<\/span><\/p>\n<p><span lang=\"FR\">Vive la R\u00e9publique\u00a0!<\/span><\/p>\n<p><span lang=\"FR\">Vive la Tunisie\u00a0libre et ind\u00e9pendante !<\/span><\/p>\n<p><span lang=\"FR\">\u00ab\u00a0L\u2019Alliance pour la Citoyennet\u00e9 et l\u2019Egalit\u00e9\u00a0\u00bb<\/span><\/p>\n<p><span lang=\"FR\">Tunis, le 24 juillet 2010( traduit de l\u2019arabe).<\/span><\/p>\n<p><span lang=\"FR\">\u00a0Attariq AL Jadid n\u00b0 190 du 24 juillet 2010<font> \u00a0<\/font><\/span><\/p>\n<div>\n<hr\/>\n<\/div>\n<div align=\"center\"><b><span>LETTRE D&rsquo;ANDALOUSIE<\/span><\/b><\/div>\n<div>\n<hr\/>\n<\/div>\n<p><strong><font>par Slim BAGGA<\/font><\/strong> Allez, c&rsquo;est parti! Je reprends avec d&rsquo;autant plus de plaisir la r\u00e9daction de ma carte postale estivale d&rsquo;Andalousie que les informations quotidiennes sur la mafia en f\u00eate s&rsquo;accumulent. Le silence \u00e9quivalant \u00e0 la p\u00e9remption de l&rsquo;information, j&rsquo;ai donc d\u00e9cid\u00e9 de r\u00e9diger sans trop attendre les faits inqualifiables que les Tunisiens sont en droit de savoir, et d&rsquo;apporter par la m\u00eame occasion un d\u00e9menti cinglant aux n\u00e9crophiles du r\u00e9gime de Leila Ben Ali qui avait pr\u00e9dit que cette ann\u00e9e je ne voyagerais pas par peur d&rsquo;\u00eatre assassin\u00e9 par les Palestiniens que j&rsquo;aurais trahis. Les scribouillards d\u00e9biles de ce r\u00e9gime imb\u00e9cile auraient d\u00fb\u00a0 pr\u00e9voir qu&rsquo;un agent du Mossad, tel moi, b\u00e9n\u00e9ficie de l&rsquo;\u00e9ternit\u00e9 et de l&rsquo;impunit\u00e9. Ces Services israeliens n&rsquo;en ont-ils pas donn\u00e9 la preuve de leur loyaute en maintenant au pouvoir en Tunisie 23 ans durant le plus incomp\u00e9tent parmi ses correspondants?  Mais stop aux commentaires, allons aux infos&#8230;  <strong><font>CRISE DE NERFS DE IMED BEN LEILA<\/font><\/strong>  Les Domaines de l&rsquo;Etat, on le sait, ont \u00e9t\u00e9 brad\u00e9s, puis c\u00e9d\u00e9s, et maintenant quasiment liquid\u00e9s. La p\u00e9pini\u00e8re de la Soukra a-t-elle \u00e0 peine \u00e9t\u00e9 c\u00e9d\u00e9e \u00e0 Leila Ben Ali Pompadour afin d&rsquo;y eriger un complexe immobilier que son rejeton Imed tape une crise de nerfs simul\u00e9e. C&rsquo;est que le parking de Bricorama est r\u00e9solument vide, les voitures n&rsquo;y stationnent pas; les clients du week end sont absents.\u00a0 Pour le calmer, la m\u00e8re qui a gard\u00e9 son tres bon coeur en persistant dans le d\u00e9ni que Imed \u00ab\u00a0Ben Pompagaddour\u00a0\u00bb est bel et bien son rejeton, lui offre 750 hectares appartenant encore aux Domaines de l&rsquo;Etat, et toujours \u00e0 La Soukra. S\u00fbrement pour en faire un bon usage&#8230;Non mieux! C&rsquo;est pour parachever la mainmise sur la proche banlieue&#8230;  <strong><font>POURQUOI \u00ab\u00a0POMPAGADDOUR\u00a0\u00bb?<\/font><\/strong>  Avec Jeanne de Pompadour, la France a l\u00e9gu\u00e9 Voltaire et Diderot. L&rsquo;amante pr\u00e9f\u00e9r\u00e9e du roi Louis XV tenait au rayonnement de son pays gr\u00e2ce \u00e0 sa vision et sa conception de la culture , de la philosophie et du Savoir en general.  Leila\u00a0 \u00ab\u00a0De Pompagaddour\u00a0\u00bb, elle, nous l\u00e8gue Imed dont la culture n&rsquo;est plus \u00e0 d\u00e9montrer. A peine auto-d\u00e9sign\u00e9 maire de La Goulette, il fait une sortie avec \u00ab\u00a0son\u00a0 \u00a0\u00bb Conseil municipal dans cette banlieue populaire, et precisement avenue Franklin Roosevelt.  Arriv\u00e9 au niveau de l&rsquo;ex-glacier Pino, il lan\u00e7a cette phrase folle: \u00ab\u00a0Ici, il faut installer le buste de Ben Ali\u00a0\u00bb. La responsable de l&rsquo;Environnement\u00a0 \u00e0 la Mairie, qui est Franco-Tunisienne, r\u00e9agit, et lui dit: \u00ab\u00a0Non, Monsieur Trabelsi, c&rsquo;est la place du \u00ab\u00a0Labib\u00a0\u00bb (Feneck),\u00a0\u00bb symbole de d\u00e9fense de l&rsquo;Environnement&#8230; Mais l&rsquo;idiot de la banlieue, Imed Ben \u00ab\u00a0Pompagaddour\u00a0\u00bb, r\u00e9pondit alors: \u00ab\u00a0Quel Labib, qui est ce connard. Je vais appeler Ben Ali, et il se retrouvera en prison.\u00a0\u00bb Authentique!!! Tout le monde s&rsquo;est retenu de rire. Un feneck en prison, c&rsquo;est ce qui manquait au CV de Ben Ali&#8230; \u00a0  <strong><font>LEILA: LE COUT DU LIFTING<\/font><\/strong>  300 000 euros; plus pr\u00e9cis\u00e9ment 250 000 livres sterling, 600\u00a0 000 dinars, en devises \u00e9trang\u00e8res: tel est le co\u00fbt du dernier lifting \u00e0 Londres de Le\u00efla Trabelsi-Ben Ali, Madame de \u00ab\u00a0Pompagaddour\u00a0\u00bb dans une autre vie&#8230; La premi\u00e8re Dame de Tunisie se sentirait-elle vieille pour engager de telles d\u00e9penses sur le compte de l&rsquo;Etat? Elle, qui se dit tant aim\u00e9e, et d\u00e9j\u00e0 pr\u00eate \u00e0 assurer la rel\u00e8ve dans un pays o\u00f9 l&rsquo;\u00e9lite est absente et impotente, est trahie ici par la police m\u00eame qu&rsquo;elle a mielleusement grass\u00e9e.  Attention, Le\u00efla. Vite un avion sans retour&#8230;C&rsquo;est un conseil serein et desinteresse de la part d&rsquo;un peuple qui vous a toujours trouv\u00e9 moche, lifting ou pas&#8230;  <strong><font>MEILLEURE QUE MARGARET THATCHER<\/font> <\/strong> Pour l&rsquo;heure, la \u00ab\u00a0Pompagaddour\u00a0\u00bb ne l&rsquo;entend pas de cette oreille. Et pour cause: on dit assez souvent que le pouvoir corrompt, mais pas assez que le pouvoir rend fou. Les proches de notre Premiere \u00ab\u00a0Drame\u00a0\u00bb racontent avec autant de delectation que de tristesse que lors de ses envolees, elle ne se prive pas d&rsquo;evoquer l&rsquo;ancienne Premier ministre britannique Margaret Thatcher ou la Pakistanaise Benazir Butto. \u00a0\u00bb Et alors, qu&rsquo;ont-elles de plus que moi pour gouverner\u00a0\u00bb, temp\u00eate-t-elle, le visage livide? Elles ont eu la legitimite, chere Leila Ben Ali- Trabelsi-Pompagaddour&#8230;Et c&rsquo;est toute la difference, avec aussi un peu plus de culture et beaucoup moins de manigances. D&rsquo;ailleurs, il est a se demander quel est ce larbin qui a souffle ces noms dans les oreilles de Zinochette, elle qui ignore tout de l&rsquo;Histoire comme de l&rsquo;actualite&#8230;  <font><strong>TRENTE-SIX MILLIONS D&rsquo;EUROS<\/strong>:<\/font>  C&rsquo;est le co\u00fbt de la bicoque acquise par Sakhr Materi, en plein milieu du quartier du Marais, a Paris. Pourquoi le Marais, se demande-t-on? Le quartier avait connu des legendes comme Jean Cocteau et Jean Marais et les frasques non moins legendaires de la rue des mauvais garcons, dans le quatrieme arrondissement de Paris. Mais 72 milliards de nos millimes, pay\u00e9s en devises, c&rsquo;est une initiative qui laisse coi. A moins que Sakhr compte bien implanter dans ce quartier une succursale de \u00ab\u00a0sa\u00a0\u00bb Banque islamique. Foin de speculations: il est clair que l&rsquo;homme cherchait un pied-a-terre parmi les siens&#8230;  <strong><font>L&rsquo;EMBARRAS DE ABDELWAHEB ABDALLAH<\/font><\/strong>  Julio Mazarini, alias Abdelwaheb Abdallah, filait jusque-la le grand amour avec Leila \u00ab\u00a0Pompagaddour\u00a0\u00bb. Theoricien de tous les coups bas servant l&rsquo;ascension sociale de Madame, son but n&rsquo;etait autre que le pouvoir pour lequel il a accept\u00e9 toutes les compromissions. Seulement, la politique et surtout la basse politique n&rsquo;etant pas une science exacte, il se trouve depuis quelques semaines dans un gran embarras.  Ce qui trouble le sommeil de Mazarin-Abdallah, c&rsquo;est la tournure que prennent les relations entre le colonel Kadafi et Leila d&rsquo;une part; et entre le m\u00eame incontr\u00f4lable dirigeant libyen et les Materi. Abdelwaheb Abdallah pense, en effet, que tout cela va mal finir, et de toute maniere, il n&rsquo;aura aucune part du gateau, les velleites libyennes etant gargantuesques sur la Tunisie. Reconnaissons-lui au moins cette tardive prise de conscience&#8230;( A suivre!).  Slim BAGGA  PS: Desole pour les ponctuations: en attendant de faire le necessaire, je ne peux utiliser qu&rsquo;un clavier espagnol&#8230;<\/p>\n<p>\u00a0<\/p>\n<div>\n<hr\/>\n<\/div>\n<div align=\"center\"><strong><\/p>\n<h2 style=\"color: red;\"><font size=\"3\"><span lang=\"FR\">La France et La Mauritanie bouclent leur op\u00e9ration au Mali<\/span><b><span lang=\"FR\"><\/span><\/b><\/font><\/h2>\n<p><\/strong><\/div>\n<p><\/font><\/p>\n<div>\n<hr\/>\n<\/div>\n<div align=\"justify\"><font face=\"Arial\" size=\"2\">Par Reuters, publi\u00e9 le 24\/07\/2010 \u00e0 15:40 Les op\u00e9rations militaires mauritaniennes contre al-Qa\u00efda dans le d\u00e9sert du Sahara, soutenues par la France, ont pris fin samedi apr\u00e8s quatre jours de traque des activistes islamistes en territoire malien, a-t-on appris de sources proches des services de s\u00e9curit\u00e9. Les forces mauritaniennes, soutenues par des forces sp\u00e9ciales et par les renseignements fran\u00e7ais, ont tu\u00e9 jeudi six activistes d&rsquo;Al Qa\u00efda au Maghreb islamique (AQMI) en attaquant une de leurs bases au Mali. \u00ab\u00a0L&rsquo;op\u00e9ration organis\u00e9e par l&rsquo;arm\u00e9e mauritanienne contre al Qa\u00efda vient de se terminer. Les troupes impliqu\u00e9es sont sur le chemin du retour apr\u00e8s quatre jours d&rsquo;op\u00e9rations\u00a0\u00bb, a dit une source. Selon une autre source proche des services de s\u00e9curit\u00e9, les op\u00e9rations se sont poursuivies \u00e0 200 km \u00e0 l&rsquo;int\u00e9rieur du territoire malien apr\u00e8s l&rsquo;attaque, jeudi avant l&rsquo;aube, d&rsquo;un groupe d&rsquo;islamistes soup\u00e7onn\u00e9s de d\u00e9tenir Michel Germaneau, un otage fran\u00e7ais de 78 ans. La deuxi\u00e8me source n&rsquo;a avanc\u00e9 aucun bilan de l&rsquo;op\u00e9ration, mais les autorit\u00e9s fran\u00e7aises ont dit vendredi n&rsquo;avoir aucune information concernant le sort de Germaneau, ing\u00e9nieur retrait\u00e9 enlev\u00e9 le 22 avril et d\u00e9tenu par l&rsquo;AQMI. L&rsquo;op\u00e9ration a \u00e9t\u00e9 pr\u00e9c\u00e9d\u00e9e d&rsquo;appels \u00e0 un renforcement de la coop\u00e9ration r\u00e9gionale et internationale dans la lutte contre l&rsquo;AQMI, qui se concentrait jusqu&rsquo;ici sur l&rsquo;Alg\u00e9rie mais qui dispose maintenant de deux factions de plus en plus actives dans des r\u00e9gions d\u00e9sertiques de Mauritanie, du Mali et du Niger. Paris a expliqu\u00e9 vendredi qu&rsquo;il avait apport\u00e9 son soutien technique et logistique aux forces mauritaniennes lors d&rsquo;une op\u00e9ration destin\u00e9e \u00e0 pr\u00e9venir une attaque de l&rsquo;AQMI en Mauritanie. Des observateurs estiment n\u00e9anmoins qu&rsquo;il pourrait s&rsquo;agir d&rsquo;une tentative manqu\u00e9e de lib\u00e9rer Germaneau, enlev\u00e9 au Niger et que l&rsquo;on croit aux mains d&rsquo;Abdelhamid Abou Zeid, dirigeant de la plus dure des deux factions de l&rsquo;AQMI op\u00e9rant au Sahara. L&rsquo;op\u00e9ration semble avoir irrit\u00e9 les autorit\u00e9s maliennes, qui n&rsquo;ont pas \u00e9t\u00e9 impliqu\u00e9es, et l&rsquo;Espagne, dont deux ressortissants sont d\u00e9tenus par une autre faction d&rsquo;al Qa\u00efda dans la r\u00e9gion. L&rsquo;AQMI a donn\u00e9 jusqu&rsquo;\u00e0 la semaine prochaine \u00e0 la France pour accepter un \u00e9change de prisonniers et il a menac\u00e9 de tuer Germaneau. Les islamistes bas\u00e9s au Sahara n&rsquo;ont jusqu&rsquo;ici lanc\u00e9 aucune attaque de grande envergure et les observateurs estiment qu&rsquo;ils se sont jusqu&rsquo;ici concentr\u00e9s sur la r\u00e9colte d&rsquo;argent gr\u00e2ce aux paiements de ran\u00e7ons et \u00e0 la contrebande, notamment de coca\u00efne. Nicole Dupont pour le service fran\u00e7ais<\/font><\/div>\n<div align=\"justify\">\n<hr\/>\n<\/div>\n<div align=\"center\">\n<h2 style=\"color: red;\"><font size=\"3\"><strong>Mali : plus d&rsquo;une vingtaine de militaires fran\u00e7ais ont particip\u00e9 \u00e0 l&rsquo;op\u00e9ration antiterroriste<\/strong><\/font><\/h2>\n<\/div>\n<div align=\"center\">\n<hr\/>\n<\/div>\n<div align=\"justify\">On commence \u00e0 mieux comprendre la mani\u00e8re dont les choses se sont d\u00e9roul\u00e9es, jeudi matin, au cours de l&rsquo;op\u00e9ration contre Al Qaida au Maghreb islamique (AQMI), gr\u00e2ce \u00e0 une source proche du dossier.  Il s&rsquo;agissait \u00e0 l&rsquo;origine d&rsquo;une op\u00e9ration de l&rsquo;arm\u00e9e mauritanienne, sur laquelle s&rsquo;est greff\u00e9e une intervention fran\u00e7aise. D\u00e9but juillet, la Mauritanie a \u00e9t\u00e9 avertie par des sources occidentales etpar \u00a0leurs propres r\u00e9seaux dans la r\u00e9gion qu&rsquo;un groupe d&rsquo;AQMI pr\u00e9parait une op\u00e9ration contre un poste sur le territoire mauritanien, pour la fin du mois de juillet. Le pr\u00e9sident Abd el Aziz a alors pr\u00e9venu Paris qu&rsquo;il allait monter une vaste op\u00e9ration contre AQMI, en utilisant le \u00ab\u00a0droit de poursuite\u00a0\u00bb que s&rsquo;accordent mutuellement la Mauritanie, le Mali et le Niger pour la lutte antiterroriste. Une premi\u00e8re r\u00e9union a eu lieu \u00e0 Paris\u00a0le 13 juillet au soir et on se souvient que le pr\u00e9sident mauritanien a \u00e9t\u00e9 re\u00e7u bri\u00e8vement \u00e0 l&rsquo;Elys\u00e9e, juste avant le d\u00e9fil\u00e9 du 14 juillet. Les Mauritaniens, sans doute aid\u00e9s par les Fran\u00e7ais, avaient rep\u00e9r\u00e9 un camp d&rsquo;AQMI en plein d\u00e9sert malien, \u00e0 environ 150 kilom\u00e8tres de la fronti\u00e8re entre les deux pays. Ce camp secret n&rsquo;avait jusqu&rsquo;\u00e0 lors jamais \u00e9t\u00e9 identifi\u00e9. Il servait de point de ravitaillement pour la katiba de Yahia Abdulaman, qui d\u00e9pend du groupe d&rsquo;Abou Zeid. Des photos semblaient indiquer que l&rsquo;otage fran\u00e7ais Michel Germaneau pouvait \u00eatre d\u00e9tenu sur ce site, mais les services fran\u00e7ais n&rsquo;ont en jamais eu la preuve. Paris a alors d\u00e9cid\u00e9 de se joindre \u00e0 l&rsquo;op\u00e9ration mauritanienne, au cas o\u00f9&#8230; Les Fran\u00e7ais ne souhaitaient participer qu&rsquo;\u00e0 cette partie de la plus vaste op\u00e9ration d&rsquo;attaque pr\u00e9ventive\u00a0men\u00e9e par\u00a0l&rsquo;arm\u00e9e mauritanienne, qui visait au moins un autre site. Il s&rsquo;agissait, pour la France, de pouvoir r\u00e9cup\u00e9rer Germaneau dans les meilleures conditions possibles. Parall\u00e8lement, les Groupes sp\u00e9ciaux d&rsquo;intervention (GSI) de l&rsquo;arm\u00e9e mauritanienne voulaient emp\u00eacher le regroupement des 150 hommes environ de la katiba d&rsquo;AQMI en d\u00e9truisant leurs bases de ravitaillement. Les militaires fran\u00e7ais connaissent bien les GSI, puisqu&rsquo;ils sont form\u00e9s par un d\u00e9tachement d&rsquo;asistance op\u00e9rationnelle fourni par le COS. Une op\u00e9ration qui dure depuis plusieurs mois dans la plus grande discretion. Plus de 400 \u00ab\u00a0forces sp\u00e9ciales\u00a0\u00bb de l&rsquo;arm\u00e9e mauritanienne ont d\u00e9j\u00e0 \u00e9t\u00e9 form\u00e9s, ainsi que plus de 200 Maliens et bient\u00f4t des Nigeriens.  Pour participer \u00e0 l&rsquo;op\u00e9ration, des \u00ab\u00a0militaires\u00a0\u00bb fran\u00e7ais sont arriv\u00e9s de m\u00e9tropole. Selon toute vraisemblance, il s&rsquo;agissait d&rsquo;hommes du Service action de la DGSE, qui connaissent bien le Sahel. La France fournissait un soutien en mati\u00e8re de renseignement, de transmissions et de sant\u00e9. Un h\u00e9licopt\u00e8re avait \u00e9t\u00e9 pr\u00e9positionn\u00e9 en Mauritanie, afin d&rsquo;\u00e9vacuer Germaneau si n\u00e9cessaire.  Le point de d\u00e9part a \u00e9t\u00e9 une base situ\u00e9e non loin de la fronti\u00e8re, o\u00f9 les forces sp\u00e9ciales fran\u00e7aises et mauritaniennes s&rsquo;entra\u00eenent. Le raid a pris la forme d&rsquo;une colonne de v\u00e9hicules tout-terrain. Entre 20 et 30 militaires fran\u00e7ais accompagnaient quelques dizaines de Mauritaniens.La colonne a roul\u00e9 de nuit et les derniers kilom\u00e8tres, environ dix, ont \u00e9t\u00e9 parcourus \u00e0 pied pour ne pas donner l&rsquo;alerte. L&rsquo;attaque contre le camp a eu lieu \u00e0 l&rsquo;aube.  Contrairement \u00e0 ce que nous \u00e9crivions sur la base d&rsquo;informations partielles et erron\u00e9es, il n&rsquo;y a donc pas eu d&rsquo;op\u00e9rations a\u00e9riennes. Par ailleurs, le site de Tessalit (nord-est du Mali) n&rsquo;\u00e9tait pas concern\u00e9, contrairement\u00a0 ce qu&rsquo;affirmaient des sources locales cit\u00e9es par l&rsquo;AFP.  Six membres d&rsquo;AQMI ont \u00e9t\u00e9 tu\u00e9s et quatre ont pu prendre la fuite. Le chef de la katiba ne fait pas partie des morts. Aucune victime n&rsquo;est \u00e0 signaler c\u00f4t\u00e9 fran\u00e7ais. Lorsque les commandos fran\u00e7ais ont fouill\u00e9 le camp, ils n&rsquo;ont pas trouv\u00e9 trace d&rsquo;un quelconque otage. En revanche, ils ont mis la main sur des armes (AK 47), des explosifs, des t\u00e9l\u00e9phones portables, divers documents, des pi\u00e8ces de rechange pour les v\u00e9hicules, etc. Faute d&rsquo;otage, la colonne fran\u00e7aise est rentr\u00e9e en Mauritanie et l&rsquo;op\u00e9ration a \u00e9t\u00e9 \u00ab\u00a0pli\u00e9e\u00a0\u00bb. En revanche, les Mauritaniens ont poursuivi la traque d&rsquo;AQMI jusqu&rsquo;\u00e0 ce samedi. Ils sont actuellement sur le chemin du retour.  Quant au sort de l&rsquo;otage fran\u00e7ais, la plus grande incertitude demeure. Les autorit\u00e9s fran\u00e7aises n&rsquo;ont eu aucune preuve de vie et son \u00e9tat de sant\u00e9 inspire la plus grande inqui\u00e9tude comme <a target=\"_blank\" rel=\"noopener\">nous le racontions pr\u00e9c\u00e9demment<\/a>. L&rsquo;ultimatum lanc\u00e9 par AQMI court jusqu&rsquo;\u00e0 lundi minuit. <em>\u00ab\u00a0On ne sait rien\u00a0\u00bb,<\/em>\u00a0reconnait une source proche du dossier. Malheureusement, la chance n&rsquo;\u00e9tait pas avec les Fran\u00e7ais : <em><a target=\"_blank\" rel=\"noopener\">\u00ab\u00a0Si l&rsquo;otage avait \u00e9t\u00e9 l\u00e0, \u00e7a aurait \u00e9t\u00e9 une bonne nouvelle&#8230;\u00a0\u00bb<\/a><\/em> nous confiait un peu plus t\u00f4t une autre source. \u00a0<\/div>\n<div align=\"justify\"><strong><font>(Source: \u00ab\u00a0Secret D\u00e9fense\u00a0\u00bb un blog de lib\u00e9ration.fr le 24 juillet 2010)<\/font><\/strong> \u00a0<\/div>\n<div align=\"justify\"><font>Lien:<\/font><a href=\"http:\/\/secretdefense.blogs.liberation.fr\/defense\/2010\/07\/mali-plus-dune-vingtaine-de-militaires-fran\u00e7ais-ont-particip\u00e9-\u00e0-lop\u00e9ration-antiterroriste.html\" target=\"_blank\" rel=\"noopener\">http:\/\/secretdefense.blogs.liberation.fr\/defense\/2010\/07\/mali-plus-dune-vingtaine-de-militaires-fran%C3%A7ais-ont-particip%C3%A9-%C3%A0-lop%C3%A9ration-antiterroriste.html<\/a> \u00a0<\/div>\n<p>\u00a0<\/p>\n<div>\n<hr\/>\n<\/div>\n<div align=\"center\">\n<h2 style=\"color: red;\"><font face=\"Arial\" size=\"3\"><strong>\u00ab\u00a0Al-Qaida au Maghreb islamique s&rsquo;est concentr\u00e9e par d\u00e9faut sur le Sahara\u00a0\u00bb<\/strong><\/font><\/h2>\n<\/div>\n<div align=\"center\">\n<hr\/>\n<\/div>\n<div align=\"justify\">\n<div>\n<div><font face=\"Arial\" size=\"2\">23.07.10 | 19h28\u00a0\u00a0\u2022\u00a0\u00a0Mis \u00e0 jour le 24.07.10 | 11h08<\/font><\/div>\n<\/div>\n<p><font face=\"Arial\"><em><span>J<\/span>ean-Pierre Filiu, professeur au Centre d&rsquo;\u00e9tudes et de recherches internationales (CERI) de Sciences-Po et auteur de l&rsquo;ouvrage <\/em>Les Neuf Vies d&rsquo;Al-Qaida<em> (Fayard, 2009), d\u00e9crypte le r\u00f4le jou\u00e9 par Al-Qaida au Maghreb islamique, organisation \u00e0 l&rsquo;origine de l&rsquo;enl\u00e8vement du Fran\u00e7ais Michel Germaneau.<\/em><\/font><\/p>\n<div><a target=\"_blank\" rel=\"noopener\"><font face=\"Arial\" size=\"2\"><img decoding=\"async\" alt=\"\" border=\"0\" height=\"2\" src=\"http:\/\/gfx1.hotmail.com\/mail\/w4\/pr01\/ltr\/i_safe.gif\" width=\"2\"\/><\/font><\/a><font face=\"Arial\">\u00a0<strong>Al-Qaida au Maghreb islamique (AQMI) est-elle aujourd&rsquo;hui une organisation internationale, et plus seulement alg\u00e9rienne ?<\/strong><\/font><\/div>\n<p><font face=\"Arial\"><strong>Jean-Pierre Filiu :<\/strong>AQMI est la transformation, en janvier 2007, par int\u00e9gration dans le r\u00e9seau de Ben Laden, du Groupe salafiste pour la pr\u00e9dication et le combat (GSPC). Un groupe qui a lui-m\u00eame \u00e9t\u00e9 fond\u00e9, en 1998, par dissidence du Groupe islamique arm\u00e9 (GIA). Il s&rsquo;agit donc d&rsquo;une dissidence de dissidence, pour sortir de l&rsquo;impasse alg\u00e9rienne dans laquelle l&rsquo;organisation se trouvait depuis d\u00e9j\u00e0 quelques ann\u00e9es.<\/font> <font face=\"Arial\" size=\"2\">L&rsquo;internationalisation est un objectif frustr\u00e9 pour diff\u00e9rentes raisons. L&rsquo;AQMI s&rsquo;est concentr\u00e9e et rabattue, par d\u00e9faut, sur le Sahara. Une r\u00e9gion dans laquelle elle \u00e9tait d\u00e9j\u00e0 pr\u00e9sente et o\u00f9 elle a intensifi\u00e9 ses actions en ouvrant de nouveaux fronts, notamment au Niger, en 2009. Elle a, effectivement, recrut\u00e9 des membres de diff\u00e9rentes nationalit\u00e9s africaines comme simples fantassins, mais en conservant cette hi\u00e9rarchie alg\u00e9rienne. Tous les chefs op\u00e9rationnels sont alg\u00e9riens.<\/font> <strong><font face=\"Arial\" size=\"2\">Que ce soit avec l&rsquo;enl\u00e8vement de Pierre Camatte, de Michel Germaneau ou avec la r\u00e9cente attaque des onze gendarmes alg\u00e9riens \u00e0 l&rsquo;extr\u00eame sud du pays, on a l&rsquo;impression que leurs actions se concentrent beaucoup dans le nord du Mali. Pourquoi ?<\/font><\/strong> <font face=\"Arial\" size=\"2\">C&rsquo;est, l\u00e0 encore, par d\u00e9faut, m\u00eame si cela n&rsquo;enl\u00e8ve rien au s\u00e9rieux de la menace. Lors de la cr\u00e9ation de l&rsquo;AQMI, l&rsquo;objectif qui lui \u00e9tait assign\u00e9 par Ben Laden, c&rsquo;\u00e9tait l&rsquo;Europe. Rien de tout cela ne s&rsquo;est pass\u00e9, ce qui explique les attaques contre les touristes fran\u00e7ais en Mauritanie d\u00e8s d\u00e9cembre 2007 ou encore contre l&rsquo;ambassade de France \u00e0 Nouakchott, en 2009. La m\u00eame ann\u00e9e, il y a eu l&rsquo;assassinat d&rsquo;un haut responsable des renseignements maliens. Un signe de plus.<\/font> <font face=\"Arial\" size=\"2\">On a ainsi peu \u00e0 peu vu monter en agressivit\u00e9 l&rsquo;une des deux katibas (brigades) qui composent l&rsquo;AQMI au Sahara. C&rsquo;est celle d&rsquo;Abou Ze\u00efd qui est responsable de la plupart des accrochages, des attaques et des provocations de ces derniers mois.<\/font> <strong><font face=\"Arial\" size=\"2\">La Mauritanie est-elle \u00e9galement une proie pour AQMI ?<\/font><\/strong> <font face=\"Arial\" size=\"2\">La Mauritanie est, traditionnellement, le front de Belmokhtar, depuis 2005, o\u00f9 il avait attaqu\u00e9 un poste militaire mauritanien. Mais il se r\u00e9servait une zone de repli au Mali. On constate qu&rsquo;Abou Ze\u00efd, qui a ouvert un front au Niger et amorc\u00e9 une escalade militaire dans le nord du Mali, se fortifie tout en rivalisant avec Belmokhtar. On est donc dans une violence surajout\u00e9e.<\/font> <strong><font face=\"Arial\" size=\"2\">Que sait-on au juste d&rsquo;Abou Ze\u00efd ?<\/font><\/strong> <font face=\"Arial\" size=\"2\">Abou Ze\u00efd est plus \u00e2g\u00e9 que Droukdal, l&rsquo;\u00e9mir en chef d&rsquo;AQMI, et que Belmokhtar, patron de sa katiba depuis plus de dix ans. Il souffre a \u00e0 l&rsquo;\u00e9vidence du syndrome du parvenu. Il est \u00e0 l&rsquo;origine de la plupart des enl\u00e8vements, dont celui des Autrichiens dans le sud de la Tunisie, en f\u00e9vrier 2008, et celui de l&rsquo;envoy\u00e9 sp\u00e9cial canadien de l&rsquo;ONU et de son adjoint en d\u00e9cembre 2008. Il fait preuve d&rsquo;une tr\u00e8s grande audace en termes op\u00e9rationnels. C&rsquo;est sa plus grande force, avec \u00e9galement le fait qu&rsquo;il est relativement nouveau au sein du r\u00e9seau.<\/font> <font face=\"Arial\" size=\"2\">Il vient, comme les autres, des maquis du nord de l&rsquo;Alg\u00e9rie. Il a travers\u00e9 toutes les ann\u00e9es violentes : il \u00e9tait au GIA, puis au GSPC puis \u00e0 AQMI. Il a surv\u00e9cu \u00e0 la r\u00e9pression, aux purges, dans l&rsquo;environnement extr\u00eamement hostile qu&rsquo;est celui du Sahara. Il est progressivement mont\u00e9 en grade et aujourd&rsquo;hui, il appara\u00eet au fond \u2013 et c&rsquo;est malheureusement la carte qu&rsquo;il est en train de jouer \u2013 comme le plus \u00ab\u00a0Al-Qaida\u00a0\u00bb de tout le r\u00e9seau.<\/font> \u00a0<font face=\"Arial\" size=\"2\"><\/p>\n<div><b>Propos recueillis par Isabelle Mandraud<\/b><\/div>\n<div>\u00a0<\/div>\n<div><strong><font>(Source: \u00ab\u00a0LeMonde.fr\u00a0\u00bb le 24 juillet 2010)<\/font><\/strong><\/div>\n<p><\/font><\/div>\n<p>\u00a0<\/p>\n<div>\n<hr\/>\n<\/div>\n<div align=\"center\">\n<h2 style=\"color: red;\"><font face=\"Arial\" size=\"3\"><strong>Les troubles li\u00e9s \u00e0 la branche d&rsquo;Al-Qa\u00efda au Maghreb islamique<\/strong><\/font><\/h2>\n<p><font face=\"Arial\" size=\"2\"><\/font><\/div>\n<div>\n<hr\/>\n<\/div>\n<div>\n<h3 style=\"color: blue;\"><font face=\"Arial\" size=\"2\">NOUAKCHOTT (AFP) &#8211; 23.07.2010 11:31<\/font><\/h3>\n<div>\n<div>\n<blockquote><p><font face=\"Arial\" size=\"2\">&#8211; 22 jan 2009: Quatre touristes, deux Suisses, un Allemand et un Britannique, sont enlev\u00e9s dans la zone frontali\u00e8re Mali\/Niger. Le 3 juin, Aqmi annonce avoir tu\u00e9 le Britannique. Les trois autres sont lib\u00e9r\u00e9s en avril et juillet.<\/font> \u00a0<\/p><\/blockquote>\n<div><a rel=\"galerie noopener\" target=\"_blank\" title=\"&lt;strong&gt;Photo non dat&eacute;e du Britannique Edwin Dyer, enlev&eacute; et tu&eacute; par Al-Qa&iuml;da au Maghreb islamique en 2009.&lt;\/strong&gt; &lt;span&gt;- 22 jan 2009: Quatre touristes, deux Suisses, un Allemand et un Britannique, sont enlev&eacute;s dans la zone frontali&egrave;re Mali\/Niger. Le 3 juin, Aqmi annonce avoir tu&eacute; le Britannique. Les trois autres sont lib&eacute;r&eacute;s en avril et juillet.&lt;\/span&gt; &lt;span&gt;AFP\/Foreign Office\/Archives - Ho&lt;\/span&gt;\"><\/a><\/p>\n<div><font face=\"Arial\" size=\"2\">&#8211; 22 jan 2009: Quatre touristes, deux Suisses, un Allemand et un Britannique, sont enlev\u00e9s dans la zone frontali\u00e8re Mali\/Niger. Le 3 juin, Aqmi annonce avoir tu\u00e9 le Britannique. Les trois autres sont lib\u00e9r\u00e9s en avril et juillet.<\/font> \u00a0<\/div>\n<div><font face=\"Arial\" size=\"2\">AFP\/Foreign Office\/Archives &#8211; Ho<\/font><\/div>\n<\/div>\n<\/div>\n<\/div>\n<div><font face=\"Arial\" size=\"2\">Rappel des principaux troubles, violences ou enl\u00e8vements, li\u00e9s \u00e0 Al-Qa\u00efda au Maghreb islamique (Aqmi, ex-GSPC):<\/font> <font face=\"Arial\" size=\"2\">&#8211; f\u00e9v-mars 2003: 32 touristes europ\u00e9ens sont enlev\u00e9s par le Groupe salafiste pour la pr\u00e9dication et le combat (GSPC) dans le sud alg\u00e9rien. Les derniers otages sont lib\u00e9r\u00e9s en ao\u00fbt depuis le Mali, o\u00f9 ils avaient \u00e9t\u00e9 transf\u00e9r\u00e9s.<\/font> <font face=\"Arial\" size=\"2\">&#8211; 14 sept 2006: Le GSPC alg\u00e9rien pr\u00eate all\u00e9geance \u00e0 Oussama ben Laden et annonce d\u00e9but 2007 avoir chang\u00e9 son nom pour \u00ab\u00a0Mouvement d&rsquo;Al-Qa\u00efda au pays (r\u00e9gion) du Maghreb islamique\u00a0\u00bb (Aqmi).<\/font> <font face=\"Arial\" size=\"2\">&#8211; 11 avr 2007: 30 morts, plus de 200 bless\u00e9s dans deux attentats \u00e0 Alger, dont l&rsquo;un contre le Palais du gouvernement, revendiqu\u00e9s par Aqmi.<\/font> <font face=\"Arial\" size=\"2\">&#8211; 6 sept: 22 morts et plus de 100 bless\u00e9s dans un attentat-suicide visant le cort\u00e8ge du pr\u00e9sident alg\u00e9rien dans l&rsquo;est. Le 8, 30 morts dans un attentat-suicide contre une caserne en Kabylie. Revendiqu\u00e9s par Aqmi.<\/font> <font face=\"Arial\" size=\"2\">&#8211; 14 d\u00e9c: Deux attentats-suicide \u00e0 Alger visent le Conseil constitutionnel, la Cour supr\u00eame et deux immeubles de l&rsquo;ONU (37 morts). Revendiqu\u00e9s par Aqmi.<\/font> <font face=\"Arial\" size=\"2\">&#8211; 24 d\u00e9c: En Mauritanie, quatre touristes fran\u00e7ais sont tu\u00e9s pr\u00e8s d&rsquo;Aleg (sud-est). Trois jeunes Mauritaniens affili\u00e9s \u00e0 Al-Qa\u00efda seront condamn\u00e9s \u00e0 mort en mai 2010 pour cet assassinat. La Mauritanie n&rsquo;a pas ex\u00e9cut\u00e9 de condamn\u00e9s \u00e0 la peine capitale depuis plus de 20 ans<\/font> <font face=\"Arial\" size=\"2\">&#8211; 22 f\u00e9v 2008: Deux touristes autrichiens sont enlev\u00e9s en Tunisie, puis transf\u00e9r\u00e9s au Mali. Lib\u00e9r\u00e9s par Aqmi huit mois plus tard.<\/font> <font face=\"Arial\" size=\"2\">&#8211; 8 juin: Un Fran\u00e7ais est tu\u00e9 dans un attentat \u00e0 l&rsquo;est d&rsquo;Alger, revendiqu\u00e9 par Aqmi.<\/font> <font face=\"Arial\" size=\"2\">&#8211; 14 d\u00e9c: Enl\u00e8vement de deux diplomates canadiens autour de Niamey, revendiqu\u00e9 par Aqmi. Lib\u00e9r\u00e9s au Mali en avril 2009.<\/font> <font face=\"Arial\" size=\"2\">&#8211; 22 jan 2009: Quatre touristes, deux Suisses, un Allemand et un Britannique, sont enlev\u00e9s dans la zone frontali\u00e8re Mali\/Niger. Le 3 juin, Aqmi annonce avoir tu\u00e9 le Britannique. Les trois autres sont lib\u00e9r\u00e9s en avril et juillet.<\/font> <font face=\"Arial\" size=\"2\">&#8211; 23 juin: Assassinat, revendiqu\u00e9 par Aqmi d&rsquo;un Am\u00e9ricain dirigeant un \u00e9tablissement d&rsquo;enseignement \u00e0 Nouakchott.<\/font> <font face=\"Arial\" size=\"2\">&#8211; 26 nov: Un Fran\u00e7ais est enlev\u00e9 dans le nord-est du Mali. Aqmi le rel\u00e2che en f\u00e9vrier 2010 apr\u00e8s la remise en libert\u00e9 au Mali de quatre islamistes r\u00e9clam\u00e9s par Al-Qa\u00efda.<\/font> <font face=\"Arial\" size=\"2\">&#8211; 29 nov: Enl\u00e8vement de trois Espagnols dans le nord-ouest de la Mauritanie, revendiqu\u00e9 par Aqmi. L&rsquo;un des otages, une femme, a \u00e9t\u00e9 lib\u00e9r\u00e9e le 10 mars.<\/font> <font face=\"Arial\" size=\"2\">&#8211; 18 d\u00e9c: Enl\u00e8vement d&rsquo;un couple de touristes italiens dans le sud-est de la Mauritanie, revendiqu\u00e9 par Aqmi. Lib\u00e9r\u00e9s le 16 avril.<\/font> <font face=\"Arial\" size=\"2\">&#8211; 8 mars 2010: Huit morts, dont cinq soldats nig\u00e9riens, dans une attaque contre un poste militaire nig\u00e9rien, revendiqu\u00e9e par Aqmi.<\/font> <font face=\"Arial\" size=\"2\">&#8211; 19 avr: Un Fran\u00e7ais et son chauffeur alg\u00e9rien sont enlev\u00e9s dans le nord du Niger, pr\u00e8s de la fronti\u00e8re alg\u00e9rienne. En mai, Aqmi revendique le rapt (le 22 avril selon elle) du Fran\u00e7ais puis diffuse un enregistrement sonore et une photo du Fran\u00e7ais enlev\u00e9. Celui-ci se pr\u00e9sente comme Michel Germaneau, \u00e2g\u00e9 de 78 ans.<\/font> <font face=\"Arial\" size=\"2\">&#8211; 1er juil: Aqmi revendique l&rsquo;attaque qui a co\u00fbt\u00e9 la vie \u00e0 onze gendarmes alg\u00e9riens, la veille, pr\u00e8s de Tinzaoutine, \u00e0 la fronti\u00e8re entre l&rsquo;Alg\u00e9rie et le Mali.<\/font> <font face=\"Arial\" size=\"2\">&#8211; 21 juil: Condamnation en Mauritanie du principal accus\u00e9 du rapt des trois Espagnols en 2009 \u00e0 12 ans de prison.<\/font> <font face=\"Arial\" size=\"2\">&#8211; 22 juil: L&rsquo;arm\u00e9e mauritanienne m\u00e8ne une op\u00e9ration contre \u00ab\u00a0une base\u00a0\u00bb d&rsquo;Al-Qa\u00efda \u00ab\u00a0dans le d\u00e9sert\u00a0\u00bb et y tue des \u00ab\u00a0terroristes arm\u00e9s\u00a0\u00bb. Le 23, Paris confirme avoir apport\u00e9 \u00ab\u00a0un soutien technique et logistique\u00a0\u00bb \u00e0 cette op\u00e9ration contre un groupe d&rsquo;Aqmi, impliqu\u00e9 dans la d\u00e9tention de Michel Germaneau. \u00a0<\/font><\/div>\n<div>\n<hr\/>\n<\/div>\n<div align=\"center\"><font face=\"Arial\" size=\"2\"><strong><\/p>\n<p><font size=\"3\">\u00ab L\u2019ex-d\u00e9tenu alg\u00e9rien de la prison de Guantanamo est interrog\u00e9 par les services de s\u00e9curit\u00e9 alg\u00e9riens \u00bb ( Farouk Ksentini)<\/font><\/p>\n<p><\/strong> <\/font><\/div>\n<div align=\"justify\">\n<hr\/>\n<\/div>\n<div align=\"justify\"> Samedi, 24 Juillet 2010, 10:08 | Samy Ousy-Ali \u00a0  C\u2019est Farouk Ksentini, pr\u00e9sident de la Commission nationale consultative de protection et de promotion des droits de l\u2019homme (CNCPPDH, un organisme officiel), qui le r\u00e9v\u00e8le : Abdelaziz Naji, 35 ans, ex-d\u00e9tenu alg\u00e9rien renvoy\u00e9 de la prison de Guantanamo, est actuellement entre les mains des services de s\u00e9curit\u00e9 alg\u00e9riens.   Renvoy\u00e9 dans son pays d\u2019origine contre son gr\u00e9, l\u2019ancien prisonnier est soumis \u00e0 un interrogatoire, explique l\u2019avocat dans une d\u00e9claration accord\u00e9e vendredi 20 juillet au quotidien arabophone El Khabar (\u00e9dition du samedi 24 juillet). Mr Ksentini, qui pr\u00e9cise que cet interrogatoire est un acte de \u00ab routine \u00bb pour tous les ex-d\u00e9tenus de Guantanamo, ne r\u00e9v\u00e8le pas l\u2019endroit o\u00f9 Abdelaziz Naji est d\u00e9tenu ni l\u2019identit\u00e9 des services qui proc\u00e8dent \u00e0 son interrogatoire. Selon Farouk Ksentini, la loi antiterroriste alg\u00e9rienne stipule la mise sous interrogatoire de toute personne suspect\u00e9e de terrorisme pendant une p\u00e9riode de 12 jours avant sa lib\u00e9ration. En cas d&rsquo;existence de charges ant\u00e9c\u00e9dentes contre la personne, celle-ci sera traduite devant la justice.  <strong><font>Une ONG am\u00e9ricaine donne l\u2019alerte<\/font><\/strong><\/div>\n<div align=\"justify\"> Transf\u00e9r\u00e9 le 19 juillet dernier du centre p\u00e9nitencier de Guantanamo o\u00f9 il \u00e9tait d\u00e9tenu depuis 2002 apr\u00e8s avoir \u00e9t\u00e9 captur\u00e9 au Pakistan, Abdelaziz Naji est port\u00e9 disparu d\u00e9s son arriv\u00e9e \u00e0 l\u2019a\u00e9roport d\u2019Alger. C\u2019est l\u2019ONG am\u00e9ricaine Center for Constitutional Rights qui donne l\u2019alerte en affirmant que\u00a0 \u00ab M. Naji a disparu depuis son retour en Alg\u00e9rie et nous pensons qu\u2019il est d\u00e9tenu secr\u00e8tement par les forces de s\u00e9curit\u00e9 alg\u00e9riennes \u00bb. Le pr\u00e9sident de la Ligue alg\u00e9rienne de d\u00e9fense des droits de l\u2019homme (LADDH), Hocine Zehouane, confirme les craintes de l\u2019ONG am\u00e9ricaine en soulignant que cette disparition n&rsquo;est pas un fait isol\u00e9 : \u00ab Faire dispara\u00eetre les gens est chose courante en Alg\u00e9rie, dit-il. Le syst\u00e8me fonctionne ainsi, le d\u00e9tenu dispara\u00eet jusqu\u2019\u00e0 nouvel ordre(\u2026) Si A. A. Naji est entre les mains des services secrets alg\u00e9riens, sa d\u00e9tention peut aller jusqu\u2019\u00e0 des mois, et il n\u2019est pas impossible qu\u2019il ne r\u00e9apparaisse pas ! \u00bb  <strong><font>Un interrogatoire de routine, affirme Ksentini<\/font><\/strong><\/div>\n<div align=\"justify\"> Interrog\u00e9 jeudi 22 juillet par un autre quotidien, El Watan, Ksentini estime que \u00ab cette disparition peut \u00eatre l\u2019\u0153uvre du prisonnier lui-m\u00eame puisqu\u2019il avait d\u00e9j\u00e0 \u00e9mis le v\u0153u de ne pas rentrer en Alg\u00e9rie. Aussi, il est possible que ce soient les services de s\u00e9curit\u00e9 alg\u00e9riens qui le gardent afin de l\u2019interroger. Ceci est une proc\u00e9dure tout \u00e0 fait normale dans la lutte contre le terrorisme. \u00bb Le pr\u00e9sident de la CNCPPDH\u00a0 s&rsquo;offusque que des organisations non gouvernementales accusent les autorit\u00e9s alg\u00e9riennes d\u2019avoir fait disparaitre l\u2019ex-d\u00e9tenu. \u00ab Accuser l\u2019Etat alg\u00e9rien d\u2019\u00eatre l\u2019auteur de cette disparition est quelque chose de tr\u00e8s grave, diffamatoire et inadmissible. Il faut laisser l\u2019Etat alg\u00e9rien faire ce qu\u2019il faut pour lutter contre le terrorisme. \u00bb, s\u2019indigne-t-il dans les colonnes d\u2019El Watan. Mais voila, une journ\u00e9e plus tard, Mr. Ksentini ne manque pas de se contredire en r\u00e9v\u00e9lant qu\u2019Abdelaziz Naji est en r\u00e9alit\u00e9 entre les mains des services de s\u00e9curit\u00e9 alg\u00e9riens.  <strong><font>Garanties alg\u00e9riennes, assurances am\u00e9ricaines<\/font><\/strong><\/div>\n<div align=\"justify\"> Apr\u00e8s huit ann\u00e9es pass\u00e9es \u00e0 Guantanamo, la justice am\u00e9ricaine a donc d\u00e9cid\u00e9 de renvoyer Abdelaziz Naji vers son pays d\u2019origine. Ses deux avocats, Ellen Lubell et Doris Tennant ont plaid\u00e9 pour que Naji soit autoris\u00e9 \u00e0 rester dans l\u2019Etat du Massachussetts, aux Etats-Unis, mais leur demande a \u00e9t\u00e9 d\u00e9bout\u00e9e. Les deux avocats arguaient que le prisonnier craignait pour sa vie qui pourrait \u00eatre menac\u00e9e du fait des services de s\u00e9curit\u00e9 alg\u00e9riens ou des groupes islamiques arm\u00e9s. Les autorit\u00e9s am\u00e9ricaines ont oppos\u00e9 leur v\u00e9to. Pour le Pentagone, le rapatriement de Naji ne constitue pas une menace pour l\u2019ancien prisonnier car l\u2019Alg\u00e9rie et les Etats-Unis \u00ab collaborent pour s&rsquo;assurer que les transf\u00e8rements aient lieu dans les conditions de s\u00e9curit\u00e9 appropri\u00e9es \u00bb. Pas moins d\u2019une dizaine d\u2019Alg\u00e9riens, ex-d\u00e9tenus de\u00a0 Guantanamo, ont \u00e9t\u00e9 transf\u00e9r\u00e9s vers l\u2019Alg\u00e9rie. Certains sont aujourd\u2019hui libres de leurs mouvements, d\u2019autres sont poursuivis pour des chefs d\u2019inculpations li\u00e9s aux activit\u00e9s terroristes.<\/div>\n<div align=\"justify\">\u00a0<\/div>\n<div align=\"justify\"><strong><font>(Source: \u00ab\u00a0Derni\u00e8res nouvelles d&rsquo;Alg\u00e9rie\u00a0\u00bb le 24 juillet 2010)<\/font><\/strong><\/div>\n<\/div>\n<\/div>\n<\/div>\n<\/div>\n<p> \u00a0<\/p>\n<\/div>\n<\/div>\n<\/div>\n<p align=\"center\" dir=\"ltr\">\n<h2 style=\"color: red;\"><font face=\"Arial\" size=\"2\"><strong><b><a href=\"https:\/\/tunisnews.net\/ar\/\"><font face=\"Arial\"><span><font size=\"2\">Home<\/font><\/span><font size=\"2\"><span lang=\"FR-CH\"> &#8211; Accueil <\/span><span>&#8211; <\/span><\/font><\/font><span dir=\"rtl\" lang=\"AR-SA\"><font size=\"2\">\u0627\u0644\u0631\u0626\u064a\u0633\u064a\u0629<\/font><\/span><\/a><\/b><\/strong><\/font><\/h2>\n<\/p>\n<p align=\"center\" dir=\"ltr\">\u00a0<\/p>\n<p><\/body><\/body><\/html><\/p>","protected":false},"excerpt":{"rendered":"<p>Home &#8211; Accueil TUNISNEWS 10\u00a0\u00e8me ann\u00e9e, N\u00b0\u00a03714 du 24.07.2010 \u00a0archives : www.tunisnews.net\u00a0 l\u2019Alliance pour la Citoyennet\u00e9 et l\u2019Egalit\u00e9: \u00ab La Tunisie m\u00e9rite un r\u00e9gime d\u00e9mocratique digne de son peuple \u00bb Slim BAGGA: Lettre d\u00b4Andalousie Reuters: La France et La Mauritanie bouclent leur op\u00e9ration au Mali Secret D\u00e9fense: Mali : plus d&rsquo;une vingtaine de militaires fran\u00e7ais [&hellip;]<\/p>\n","protected":false},"author":1,"featured_media":22040,"comment_status":"open","ping_status":"open","sticky":false,"template":"","format":"standard","meta":{"inline_featured_image":false,"site-sidebar-layout":"default","site-content-layout":"","ast-site-content-layout":"default","site-content-style":"default","site-sidebar-style":"default","ast-global-header-display":"","ast-banner-title-visibility":"","ast-main-header-display":"","ast-hfb-above-header-display":"","ast-hfb-below-header-display":"","ast-hfb-mobile-header-display":"","site-post-title":"","ast-breadcrumbs-content":"","ast-featured-img":"","footer-sml-layout":"","ast-disable-related-posts":"","theme-transparent-header-meta":"","adv-header-id-meta":"","stick-header-meta":"","header-above-stick-meta":"","header-main-stick-meta":"","header-below-stick-meta":"","astra-migrate-meta-layouts":"default","ast-page-background-enabled":"default","ast-page-background-meta":{"desktop":{"background-color":"","background-image":"","background-repeat":"repeat","background-position":"center center","background-size":"auto","background-attachment":"scroll","background-type":"","background-media":"","overlay-type":"","overlay-color":"","overlay-opacity":"","overlay-gradient":""},"tablet":{"background-color":"","background-image":"","background-repeat":"repeat","background-position":"center center","background-size":"auto","background-attachment":"scroll","background-type":"","background-media":"","overlay-type":"","overlay-color":"","overlay-opacity":"","overlay-gradient":""},"mobile":{"background-color":"","background-image":"","background-repeat":"repeat","background-position":"center center","background-size":"auto","background-attachment":"scroll","background-type":"","background-media":"","overlay-type":"","overlay-color":"","overlay-opacity":"","overlay-gradient":""}},"ast-content-background-meta":{"desktop":{"background-color":"var(--ast-global-color-5)","background-image":"","background-repeat":"repeat","background-position":"center center","background-size":"auto","background-attachment":"scroll","background-type":"","background-media":"","overlay-type":"","overlay-color":"","overlay-opacity":"","overlay-gradient":""},"tablet":{"background-color":"var(--ast-global-color-5)","background-image":"","background-repeat":"repeat","background-position":"center center","background-size":"auto","background-attachment":"scroll","background-type":"","background-media":"","overlay-type":"","overlay-color":"","overlay-opacity":"","overlay-gradient":""},"mobile":{"background-color":"var(--ast-global-color-5)","background-image":"","background-repeat":"repeat","background-position":"center center","background-size":"auto","background-attachment":"scroll","background-type":"","background-media":"","overlay-type":"","overlay-color":"","overlay-opacity":"","overlay-gradient":""}},"footnotes":""},"categories":[],"tags":[59,41,29],"class_list":["post-17939","post","type-post","status-publish","format-standard","has-post-thumbnail","hentry","tag-59","tag-41","tag-fr"],"_links":{"self":[{"href":"https:\/\/tunisnews.net\/ar\/wp-json\/wp\/v2\/posts\/17939","targetHints":{"allow":["GET"]}}],"collection":[{"href":"https:\/\/tunisnews.net\/ar\/wp-json\/wp\/v2\/posts"}],"about":[{"href":"https:\/\/tunisnews.net\/ar\/wp-json\/wp\/v2\/types\/post"}],"author":[{"embeddable":true,"href":"https:\/\/tunisnews.net\/ar\/wp-json\/wp\/v2\/users\/1"}],"replies":[{"embeddable":true,"href":"https:\/\/tunisnews.net\/ar\/wp-json\/wp\/v2\/comments?post=17939"}],"version-history":[{"count":0,"href":"https:\/\/tunisnews.net\/ar\/wp-json\/wp\/v2\/posts\/17939\/revisions"}],"wp:featuredmedia":[{"embeddable":true,"href":"https:\/\/tunisnews.net\/ar\/wp-json\/wp\/v2\/media\/22040"}],"wp:attachment":[{"href":"https:\/\/tunisnews.net\/ar\/wp-json\/wp\/v2\/media?parent=17939"}],"wp:term":[{"taxonomy":"category","embeddable":true,"href":"https:\/\/tunisnews.net\/ar\/wp-json\/wp\/v2\/categories?post=17939"},{"taxonomy":"post_tag","embeddable":true,"href":"https:\/\/tunisnews.net\/ar\/wp-json\/wp\/v2\/tags?post=17939"}],"curies":[{"name":"wp","href":"https:\/\/api.w.org\/{rel}","templated":true}]}}