{"id":17930,"date":"2011-07-02T00:00:00","date_gmt":"2011-07-02T00:00:00","guid":{"rendered":"https:\/\/tunisnews.net\/2-juillet-2011\/"},"modified":"2011-07-02T00:00:00","modified_gmt":"2011-07-02T00:00:00","slug":"2-juillet-2011","status":"publish","type":"post","link":"https:\/\/tunisnews.net\/ar\/2-juillet-2011\/","title":{"rendered":"2 juillet 2011"},"content":{"rendered":"<p><html><head><meta content=\"text\/html\" description=\"But analysts fear a political and security vacuum ahead of October elections for an assembly to write a new constitution. This vote was delayed from July, and parliamentary and presidential elections are not expected until next year.\" http-equiv=\"Content-Type\"\/><\/head><body><body><\/p>\n<div><font><strong><font face=\"Calibri\" size=\"2\"><span dir=\"rtl\" lang=\"AR-SA\"><font><\/p>\n<div align=\"center\" dir=\"rtl\"><a><font face=\"Arabic Transparent\" size=\"4\"><span>Home<\/span><span lang=\"FR-CH\"> &#8211; Accuei<\/span><\/font><\/a><font face=\"Arabic Transparent\"><span lang=\"fr-ch\">l<\/span><\/font> <\/div>\n<div align=\"right\" dir=\"rtl\">\n<div align=\"center\" dir=\"rtl\">\n<div align=\"right\" dir=\"rtl\">\n<div align=\"right\" dir=\"rtl\">\n<div dir=\"rtl\">\n<div dir=\"rtl\">\n<div dir=\"rtl\">\n<div dir=\"rtl\">\n<div dir=\"rtl\">\n<div dir=\"rtl\">\n<div dir=\"rtl\">\n<div dir=\"rtl\">\n<div dir=\"rtl\">\n<div dir=\"rtl\">\n<div dir=\"rtl\">\n<div dir=\"rtl\">\n<div dir=\"rtl\">\n<div dir=\"rtl\">\n<div dir=\"rtl\"><span><\/p>\n<div dir=\"rtl\">\n<p><font face=\"Arial\" size=\"3\"><\/p>\n<div dir=\"rtl\">\n<p><font face=\"Arial\"><\/p>\n<div dir=\"rtl\">\n<p><font face=\"Arial\" size=\"4\"><\/p>\n<div align=\"center\" dir=\"rtl\">\n<div align=\"center\" dir=\"rtl\">\n<div align=\"center\" dir=\"rtl\">\n<div align=\"right\" dir=\"rtl\">\n<div align=\"right\" dir=\"rtl\">\n<div dir=\"rtl\">\n<div dir=\"rtl\">\n<div dir=\"rtl\">\n<div dir=\"rtl\">\n<div dir=\"rtl\">\n<div dir=\"rtl\">\n<div dir=\"rtl\">\n<div dir=\"rtl\">\n<div dir=\"rtl\">\n<div dir=\"rtl\">\n<div dir=\"rtl\">\n<div dir=\"rtl\">\n<div dir=\"rtl\">\n<div dir=\"rtl\">\n<div dir=\"rtl\"><font size=\"4\"><\/p>\n<div dir=\"rtl\">\n<p><font face=\"Arial\" size=\"2\"><\/p>\n<div dir=\"rtl\">\n<div dir=\"rtl\">\n<div dir=\"rtl\">\n<div dir=\"rtl\">\n<div dir=\"rtl\">\n<div dir=\"rtl\">\n<p><font><\/p>\n<div dir=\"rtl\">\n<p><font face=\"Arial\"><\/p>\n<div dir=\"rtl\">\n<div dir=\"rtl\">\n<p><font><\/p>\n<div dir=\"rtl\">\n<p><font face=\"Arial\" size=\"3\"><\/p>\n<div dir=\"rtl\">\n<p><font face=\"Arial\" size=\"2\"><\/p>\n<div align=\"right\" dir=\"rtl\">\n<table border=\"1\" cellpadding=\"0\" cellspacing=\"0\" dir=\"rtl\" width=\"100%\">\n<tr dir=\"rtl\">\n<td dir=\"rtl\">\n<p align=\"center\" dir=\"rtl\"><strong><font size=\"4\"><span dir=\"rtl\" lang=\"AR-SA\">\u0641\u064a<\/span><span lang=\"AR-SA\"> <\/span><span dir=\"rtl\" lang=\"AR-SA\">\u0643\u0644<\/span><span lang=\"AR-SA\"> <\/span><span dir=\"rtl\" lang=\"AR-SA\">\u064a\u0648\u0645<\/span><span dir=\"rtl\" lang=\"AR-SA\">\u060c<\/span><span lang=\"AR-SA\"> <\/span><span dir=\"rtl\" lang=\"AR-SA\">\u0646\u0633\u0627\u0647\u0645 \u0628\u062c\u0647\u062f\u0646\u0627 \u0641\u064a<\/span><span lang=\"AR-SA\"> <\/span><span dir=\"rtl\" lang=\"AR-SA\">\u062a\u0642\u062f\u064a\u0645<\/span><span lang=\"AR-SA\"> <\/span><span dir=\"rtl\" lang=\"AR-SA\">\u0625\u0639\u0644\u0627\u0645 \u0623\u0641\u0636\u0644 \u0648\u0623\u0631\u0642\u0649 \u0639\u0646<\/span><span lang=\"AR-SA\"> <\/span><span dir=\"rtl\" lang=\"AR-SA\">\u0628\u0644\u062f\u0646\u0627\u060c<\/span><span lang=\"AR-SA\"> <\/span><span dir=\"rtl\" lang=\"AR-SA\">\u062a\u0648\u0646\u0633<\/span><span lang=\"AR-SA\"> <\/span><\/font><\/strong><span> <\/span><span><strong><font size=\"4\">Un effort quotidien pour une information de qualit\u00e9 sur notre pays, la Tunisie.<\/font><\/strong><span> <\/span><\/span><span lang=\"EN-US\"><strong><font size=\"4\">Everyday, we contribute to a better information about our country, Tunisia<\/font><\/strong><\/span><\/p>\n<\/td>\n<\/tr>\n<\/table>\n<\/div>\n<p><\/font><\/p>\n<\/div>\n<p><\/font><\/p>\n<\/div>\n<p><\/font><\/p>\n<\/div>\n<\/div>\n<p><\/font><\/p>\n<\/div>\n<p><\/font><\/p>\n<\/div>\n<\/div>\n<\/div>\n<\/div>\n<\/div>\n<\/div>\n<p><\/font><\/p>\n<\/div>\n<p><\/font><\/div>\n<\/div>\n<\/div>\n<\/div>\n<\/div>\n<\/div>\n<\/div>\n<\/div>\n<\/div>\n<\/div>\n<\/div>\n<\/div>\n<\/div>\n<\/div>\n<\/div>\n<\/div>\n<\/div>\n<\/div>\n<\/div>\n<\/div>\n<p><\/font><\/p>\n<\/div>\n<p><\/font><\/p>\n<\/div>\n<p><\/font><\/p>\n<\/div>\n<p><\/span><\/div>\n<\/div>\n<\/div>\n<\/div>\n<\/div>\n<\/div>\n<\/div>\n<\/div>\n<\/div>\n<\/div>\n<\/div>\n<\/div>\n<\/div>\n<\/div>\n<\/div>\n<\/div>\n<\/div>\n<\/div>\n<\/div>\n<p><\/font><\/span><\/font><\/strong><\/font><\/p>\n<div align=\"center\" dir=\"ltr\"><font face=\"Bookman Old Style\" size=\"7\"><strong>TUNISNEWS <\/strong><\/font><\/div>\n<div align=\"center\" dir=\"ltr\"><strong><font face=\"Arial\" size=\"2\">11 \u00e8me ann\u00e9e, N\u00b04057 du 02.07.2011<\/font><\/strong><\/div>\n<div align=\"center\" dir=\"ltr\"><font face=\"Arial\" size=\"2\"><strong>archives : <\/strong><\/font><a target=\"_blank\" rel=\"noopener\"><font face=\"Arial\" size=\"2\"><strong>www.tunisnews.net<\/strong><\/font><\/a><span lang=\"FR\"><strong><font face=\"Arial\" size=\"2\"><\/font><\/strong><\/span><\/div>\n<p><font><\/p>\n<div dir=\"ltr\">\u00a0<\/div>\n<p><\/font><font face=\"Arial\" size=\"2\"><\/p>\n<div dir=\"ltr\"><strong><\/p>\n<hr\/>\n<p><\/strong><\/div>\n<p><\/font><\/p>\n<div>\n<div>\n<div>\n<div>\n<div>\n<div>\n<div>\n<div>\n<div>\n<div>\n<div>\n<div>\n<p><font size=\"2\"><\/p>\n<div>\n<div>\n<div>\n<div>\n<div>\n<div>\n<div>\n<div>\n<div>\n<div>\n<div>\n<p><font size=\"3\"><\/p>\n<div>\n<div>\n<div>\n<div>\n<p><h3 style=\"color: blue;\"><font face=\"Arial\" size=\"2\"><strong>Reuters: Tunis outsider joins interior ministry amid security fears<\/strong><\/font><\/h3>\n<\/p>\n<\/div>\n<div>\n<p><font face=\"Arial\" size=\"2\"><strong>Kapitalis: Que peut faire la Suisse pour la Tunisie?<\/strong><\/font><\/p>\n<\/div>\n<div>\n<p><h3 style=\"color: blue;\"><font face=\"Arial\" size=\"2\"><strong>Six mois apres: Voyage sur les traces d&rsquo;une R\u00e9volution<\/strong><\/font><\/h3>\n<\/p>\n<\/div>\n<div>\n<p><font face=\"Arial\" size=\"2\"><strong>WMC: Paysage politique tunisien: On prend les m\u00eames et on recommence<\/strong><\/font><\/p>\n<\/div>\n<div>\n<p><h3 style=\"color: blue;\"><font face=\"Arial\" size=\"2\"><strong>Mansour Moalla: Apr\u00e8s la R\u00e9volution, une Nouvelle Tunisie ?<\/strong><\/font><\/h3>\n<\/p>\n<\/div>\n<div>\n<p><font face=\"Arial\" size=\"2\"><strong>Jamel Dridi: A qui profitera la diabolisation des islamistes en Tunisie?<\/strong><\/font><\/p>\n<\/div>\n<div>\n<p><h3 style=\"color: blue;\"><font face=\"Arial\" size=\"2\"><strong>Haaretz: Arab Spring may be good for Israel after all<\/strong><\/font><\/h3>\n<\/p>\n<\/div>\n<div dir=\"ltr\"><font face=\"Arial\"><\/p>\n<hr\/>\n<p><\/font><\/div>\n<p><font><\/p>\n<h3 align=\"center\" style=\"color: blue;\">\n<h3 style=\"color: blue;\"><font face=\"Arial\" size=\"3\">Tunis outsider joins interior ministry amid security fears<\/font><\/h3>\n<\/h3>\n<hr\/>\n<div align=\"justify\"><font face=\"Arial\" size=\"2\"><font>Tunisia&rsquo;s interim government appointed a civil rights activist and lawyer as new junior interior minister on Friday as part of a shakeup amid worries of a power vacuum ahead of elections.<span><\/span><span><\/span><\/font> <font>State news agency TAP said Lazhar Akermi was appointed as junior minister charged with instituting reforms. Four cabinet ministers were also replaced in a reshuffle.<\/font> <span><\/span><font>A popular uprising toppled President Zine al-Abidine Ben Ali this year, unleashing pro-democracy movements across North Africa and the Middle East.<\/font> <span><\/span><font>But analysts fear a political and security vacuum ahead of October elections for an assembly to write a new constitution. This vote was delayed from July, and parliamentary and presidential elections are not expected until next year.<\/font> <span><\/span><font>The interior ministry says suspected al Qaeda militants opened fire on security forces in May in north Tunisia, killing four people, while three of the nine assailants were shot dead.<\/font> <span><\/span><font>In June tribal clashes broke out in one town, security forces clashed with police in a protest, and Islamists attacked a Tunis cinema for showing a film deemed as promoting atheism.<\/font> <span><\/span><font>\u00ab\u00a0The government is now convinced of the need for some reforms in security apparatus and the message is that reform is needed from outside,\u00a0\u00bb commentator Salah Attia told Reuters in response to Akermi&rsquo;s appointment.<\/font> <span><\/span><font>\u00ab\u00a0But will the security apparatus accept someone from outside the institution? That&rsquo;s the question,\u00a0\u00bb said Attia, who writes in the daily Assabah newspaper.<\/font> <span><\/span><font>In March interim President Fouad Mebazza appointed a new interior minister, Habib Sid, a former junior interior minister under Ben Ali, who ruled Tunisia with tough security policies for 23 years.<\/font> <font>TAP named Salem Miladi as the new transport minister, Slim Chaker as youth and sports minister, Slaheddine Sellami as health minister and Mohamed Ridha Fares as amenities minister.<\/font> <span><\/span><font>It gave few initial details of their backgrounds.<\/font> <span><\/span><font>Youth activists welcomed the new youth and sports minister on the online network Twitter as bringing new blood to the ministry.<\/font> <font>Source: \u00ab\u00a0Reuters\u00a0\u00bb Le 02-07-2011<\/font> <font>Lien: <a href=\"http:\/\/af.reuters.com\/article\/topNews\/idAFJOE76100U20110702?pageNumber=2&amp;virtualBrandChannel=0\" target=\"_blank\" rel=\"noopener\"><font>http:\/\/af.reuters.com\/article\/topNews\/idAFJOE76100U20110702?pageNumber=2&amp;virtualBrandChannel=0<\/font><\/a><\/font><\/font><\/div>\n<p><\/font><\/p>\n<p><font face=\"Arial\"><\/p>\n<hr\/>\n<p><\/font><\/p>\n<h3 align=\"center\" class=\"ecxcontentheading\" style=\"color: blue;\"><a href=\"http:\/\/\/fokus\/62-national\/4668-que-peut-faire-la-suisse-pour-la-tunisie.html\" target=\"_blank\" rel=\"noopener\"><\/p>\n<h3 style=\"color: blue;\"><font face=\"Arial\" size=\"3\">Que peut faire la Suisse pour la Tunisie?<\/font><\/h3>\n<p><\/a> <\/h3>\n<hr\/>\n<p align=\"justify\"><font face=\"Arial\" size=\"2\">Par <strong>Zohra Abid <\/strong><\/font><\/p>\n<p align=\"justify\"><font face=\"Arial\" size=\"2\">Les relations suisses avec la Tunisie de Ben Ali n\u2019\u00e9taient pas bonnes. S\u2019am\u00e9lioreront-elles avec la Tunisie post-Ben Ali? La Suisse voudrait aider le pays du jasmin \u00e0 s\u2019en sortir avec (ou sans) l\u2019argent du dictateur qui dort dans les banques helv\u00e9tiques. <\/font><\/p>\n<p align=\"justify\">\u00a0<\/p>\n<div align=\"justify\"><font face=\"Arial\" size=\"2\"><font>Depuis son arriv\u00e9e \u00e0 Tunis en septembre 2010, l\u2019ambassadeur suisse, Pierre Combernous, n\u2019a rencontr\u00e9 les m\u00e9dias que le jeudi 30 juin. C\u2019\u00e9tait l\u2019occasion pour que les journalistes d\u00e9couvrent le nouveau si\u00e8ge de la chancellerie helv\u00e9tique aux Jardins du Lac II, inaugur\u00e9 le 21 mars dernier.  L\u2019occasion: l\u2019ouverture d\u2019un consulat suisse \u00e0 l\u2019\u00eele de Djerba o\u00f9 une petite communaut\u00e9 de pr\u00e8s de 400 Helv\u00e9tiques ont choisi de r\u00e9sider. Et pour un consulat, il faut bien un consul. Ce dernier devait se d\u00e9p\u00eacher, prendre le vol de Djerba trois ou quatre petites heures apr\u00e8s pour occuper ses bureaux \u00e0 Houmet Essouk. L\u2019heureux consul honoraire n\u2019est autre que Rachid Abdelk\u00e9bir, un professionnel du tourisme et qui, \u00e0 partir de l\u2019\u00eele, va tenter de faire son possible pour faire venir des Suisses en Tunisie. Lui conna\u00eet bien ce que veulent les Suisses. Il les a c\u00f4toy\u00e9s et les conna\u00eet tr\u00e8s bien, puisqu\u2019il est d\u00e9j\u00e0 mari\u00e9 \u00e0 une Suissesse allemande.<\/font> <\/font><font face=\"Arial\" size=\"2\"><font><strong>Et l\u2019argent des Tunisiens pill\u00e9 par Ben Ali?  <\/strong>Outre l\u2019annonce de cet \u00e9v\u00e9nement, l\u2019ambassadeur de Suisse avait d\u2019autres choses \u00e0 communiquer: les relations suisso-tunisiennes, l\u2019appui de son gouvernement \u00e0 la Tunisie dans une phase d\u00e9terminante de son histoire, ainsi que les perspectives touristiques bilat\u00e9rales. Mais il devait s\u2019attendre \u00e0 \u00eatre interrog\u00e9 surtout sur le sort des avoirs de la famille Ben Ali-Trabelsi. Il a donc d\u00fb se pr\u00e9parer \u00e0 y r\u00e9pondre. \u00abLe montant de 60 millions de francs suisses annonc\u00e9 a \u00e9t\u00e9 seulement effectu\u00e9 sur la base des num\u00e9ros de comptes portant le nom de Ben Ali et de sa famille. Or, ces avoirs pourraient \u00eatre revus \u00e0 la hausse. Cela d\u00e9pend de la volont\u00e9 des autorit\u00e9s tunisiennes qui devraient communiquer au plus vite d\u2019autres num\u00e9ros de comptes\u00bb, a expliqu\u00e9 M. Combernous. Selon lui, il s\u2019agit d\u2019un travail de titans et qui demande du temps! Et si on se d\u00e9p\u00eachait un petit peu&#8230; \u00abTout d\u00e9pend du rythme des enqu\u00eates\u00bb, a-t-il r\u00e9pliqu\u00e9.<\/font> <font>\u00abEntre la Banque centrale de Tunisie (Bct) et son homologue suisse, il y a coop\u00e9ration. Au total, 600 millions de francs suisses sont h\u00e9berg\u00e9s dans les banques suisses dont une grande partie appartient \u00e0 des soci\u00e9t\u00e9s ou \u00e0 des particuliers qui n\u2019ont aucun lien avec l\u2019ancien r\u00e9gime\u00bb, a tenu \u00e0 pr\u00e9ciser le num\u00e9ro un de l\u2019ambassade suisse. Et de rassurer que les avoirs gel\u00e9s seront restitu\u00e9s t\u00f4t ou tard au peuple tunisien. Et il y aura des agios en sus. Et d\u2019annoncer qu\u2019un expert suisse sera en mission pour une dizaine de jour pour travailler avec Mustapha Kamel Nabli, gouverneur de la Bct. Souhaitons qu\u2019ils avanceront sur le dossier. On est un peu sceptique, mais bon, positivons&#8230;<\/font> <\/font><font face=\"Arial\" size=\"2\"><font><strong>L\u2019eau synonyme de sant\u00e9 <\/strong>\u00abUne aide de 60 millions de dinars sera accord\u00e9e \u00e0 la Tunisie sur une p\u00e9riode de 5 ans\u00bb, c\u2019est ce qu\u2019a avanc\u00e9 Pierre Combernous tout en mettant l\u2019accent sur ce programme tourn\u00e9 vers les r\u00e9gions les plus recul\u00e9es du pays dont celles du centre-ouest. Comme Feriana et Thala o\u00f9 il y a des probl\u00e8mes sanitaires. \u00abIl y a des cas d\u2019h\u00e9patite dans la r\u00e9gion. C\u2019est d\u00fb \u00e0 la contamination de la nappe phr\u00e9atique par les eaux us\u00e9es et non recycl\u00e9es\u00bb, a-t-il d\u00e9clar\u00e9.  Selon le diplomate, ces fonds vont financer une somme de projets li\u00e9s \u00e0 la gestion d\u2019eau. Comme la mise en place de stations d\u2019\u00e9puration et de recyclage des eaux usag\u00e9es pour deux gouvernorats : Kasserine et Siliana. Et d\u2019expliquer que les eaux recycl\u00e9es seront exploit\u00e9es dans l\u2019irrigation des domaines agricoles et permettront de sauvegarder la nappe phr\u00e9atique. \u00abGr\u00e2ce \u00e0 ce projet, les probl\u00e8mes sanitaires (et de sant\u00e9) que conna\u00eet la r\u00e9gion vont \u00eatre \u00e9radiqu\u00e9s d\u00e9finitivement\u00bb, a-t-il ajout\u00e9.  L\u2019ambassadeur suisse a profit\u00e9 aussi de l\u2019occasion pour parler du soutien des Ong suisses aux r\u00e9gions. \u00abC\u2019est comme La Fondation hirondelle, sp\u00e9cialiste dans l\u2019assistance des m\u00e9dias francophones de l\u2019Afrique. Elle vient de proposer 1,5 millions de dollars pour aider les radios r\u00e9gionales. En mars dernier, il y a eu des contacts avec radio Gafsa et ce projet de coop\u00e9ration suit son cours\u00bb, a-t-il pr\u00e9cis\u00e9.<\/font> <\/font><font face=\"Arial\" size=\"2\"><font><strong>Touristes, investisseurs et aides aux r\u00e9fugi\u00e9s  <\/strong>La promotion du tourisme en Tunisie reste une priorit\u00e9. Le secteur, on le sait, fait d\u00e9j\u00e0 travailler 400.000 personnes. Et l\u00e0 o\u00f9 en est la Tunisie, un coup de pousse ne lui fera que du bien. Que peuvent faire dans ce cas nos amis suisses? Selon le chef de la diplomatie helv\u00e9tique en Tunisie, il y a une mesure qui va permettre de stimuler l\u2019afflux de touristes suisses vers l\u2019\u00eele de Djerba, \u00e0 raison de 60.000 touristes par an, sur un total de 120.000 qui visitent la Tunisie, chaque ann\u00e9e. Le reste va d\u00e9pendre du savoir-faire du consul honoraire.  Sur le drapeau suisse, la Croix rouge brillant de symboles. Que fait donc Gen\u00e8ve dans le domaine humanitaire? \u00abLa Suisse vient d\u2019octroyer aux r\u00e9fugi\u00e9s fuyant la guerre en Libye une aide de 5 millions de dinars\u00bb, a-t-il signal\u00e9 tout en rappelant que son pays a assur\u00e9 l\u2019assistance technique et financi\u00e8re \u00e0 diff\u00e9rentes organisations humanitaires op\u00e9rant dans le sud tunisien, notamment \u00e0 Ben Guerdane.  Pour revenir \u00e0 l\u2019\u00e9conomie, M. Combernous a rappel\u00e9 que les investissements suisses en Tunisie avoisinent les 160 millions de dinars, r\u00e9partis entre 100 soci\u00e9t\u00e9s suisses et Pme actives dans divers secteurs, tels que le textile, les industries \u00e9lectriques et m\u00e9caniques, pour un total de 14.000 emplois directs. Et d\u2019ajouter qu\u2019apr\u00e8s 1a chute du r\u00e9gime de Ben Ali, plusieurs soci\u00e9t\u00e9s helv\u00e9tiques souhaitent investir prochainement dans le pays. Elles sont actives dans des secteurs comme le consulting, la recherche \u00e9lectronique, les technologies avanc\u00e9es et les \u00e9nergies renouvelables (panneaux et fours solaires&#8230;). Il va falloir que les intentions soient traduites rapidement en actes. Et l\u00e0, la balle est aussi dans le camp des Tunisiens.<\/font> <font>Source: \u00ab\u00a0Kapitalis\u00a0\u00bb Le 02-07-2011<\/font> <font>Lien: <a href=\"http:\/\/www.kapitalis.com\/fokus\/62-national\/4668-que-peut-faire-la-suisse-pour-la-tunisie.html\" target=\"_blank\" rel=\"noopener\"><font>http:\/\/www.kapitalis.com\/fokus\/62-national\/4668-que-peut-faire-la-suisse-pour-la-tunisie.html<\/font><\/a><\/font><\/font><\/div>\n<p><font face=\"Arial\"><\/p>\n<hr\/>\n<p><\/font><\/p>\n<div align=\"justify\">\n<h3 style=\"color: blue;\"><font><\/p>\n<p><span><a href=\"http:\/\/www.sixmoisapres.com\/\" rel=\"home noopener\" target=\"_blank\" title=\"Voyage sur les traces d&#039;une R\u00e9volution\"><\/p>\n<h3 style=\"color: blue;\"><font face=\"Arial\" size=\"3\"><strong>Voyage sur les traces d&rsquo;une R\u00e9volution<\/strong><\/font><\/h3>\n<p><\/a><font face=\"Arial\" size=\"3\"><strong>:<\/strong><\/font> <\/span><\/p>\n<hr\/>\n<p><\/font><\/h3>\n<\/div>\n<h4 align=\"left\" class=\"ecxentry-title\" style=\"color: blue;\"><font face=\"Arial\" size=\"2\">1-<\/font><a href=\"http:\/\/www.sixmoisapres.com\/?p=47\" rel=\"bookmark noopener\" target=\"_blank\" title=\"Lien permanent vers Azyz le blogueur : \u00ab Ben Ali m\u2019a condamn\u00e9 \u00e0 la peine la plus lourde \u00bb\"><\/p>\n<h4 style=\"color: blue;\"><font face=\"Arial\" size=\"2\">Azyz le blogueur : \u00ab Ben Ali m\u2019a condamn\u00e9 \u00e0 la peine la plus lourde \u00bb<\/font><\/h4>\n<p><\/a><\/h4>\n<p align=\"justify\"><font face=\"Arial\" size=\"2\"><font>De l\u00e0 o\u00f9 il nous a donn\u00e9 rendez-vous, on domine tout Tunis. Nous sommes sur le toit d\u2019un prestigieux h\u00f4tel o\u00f9 une certaine jeunesse aime se retrouver pour partager quelques bi\u00e8res. Il raconte. \u00ab <\/font><em><font>Ici, juste en-dessous de nous, il y a peu, il y avait plusieurs kilom\u00e8tres de foule scandant le mot que tous avaient \u00e0 la bouche :<\/font><\/em><font> D\u00e9gage ! \u00bb Ou plus tard : \u00ab <\/font><em><font>Cette terrasse, c\u2019est ici que je me suis r\u00e9fugi\u00e9 lors de violents affrontements avec la police. Des h\u00e9licopt\u00e8res me balan\u00e7aient des bombes lacrymog\u00e8nes. Je n\u2019ai d\u00fb mon salut qu\u2019\u00e0 un <\/font><\/em><font>tweet<\/font><em><font> que j\u2019ai lanc\u00e9 de mon portable. Mon pote, Slim Amamou, \u00e9tait alors Secr\u00e9taire d\u2019Etat. Il l\u2019a vu et a interpell\u00e9 le ministre de l\u2019Int\u00e9rieur. C\u2019est ce qui m\u2019a sauv\u00e9.<\/font><\/em><font> \u00bb Il s\u2019interrompt pour saluer des amis. \u00ab <\/font><em><font>Lui, c\u2019est l\u2019un des plus grands artistes alternatifs \u00e9mergent en Tunisie. Sous Ben Ali, il \u00e9tait censur\u00e9. Elle, c\u2019est une des plus importantes activistes du pays.<\/font><\/em><font>\u00bb<\/font><\/font><\/p>\n<p align=\"justify\"><font face=\"Arial\" size=\"2\"><font>Des amis, Azyz Amamy en a beaucoup. En ville, et c\u2019est pourquoi, dit-il, il est toujours en retard, sur Facebook, sur Twitter, et plus encore sur son blog. \u00ab <\/font><em><font>Mais l\u00e0<\/font><\/em><font>, explique-t-il, <\/font><em><font>j\u2019ai refus\u00e9 d\u2019installer un outil statistique. Car je voulais \u00e9viter de me soucier d\u2019un \u00e9ventuel public. Je ne veux surtout pas \u00eatre tent\u00e9 d\u2019\u00e9crire ce que les gens ont envie de lire. D\u2019ailleurs, depuis le 14 janvier, je continue \u00e0 faire strictement ce que je faisais avant : \u00e9crire, d\u00e9noncer, \u00eatre insolent et grossier parfois. Si quelqu\u2019un vient me dire ce que je dois faire, je lui r\u00e9pondrai volontiers : <\/font><\/em><font>Va te faire foutre, encul\u00e9 !<\/font><em><font> Ce que je fais, ce n\u2019est pas de l\u2019engagement citoyen, juste de l\u2019int\u00e9grit\u00e9 par rapport \u00e0 qui je suis.<\/font><\/em><font>\u00bb<\/font><\/font><\/p>\n<p align=\"justify\"><font face=\"Arial\" size=\"2\"><font>Azyz allume une nouvelle cigarette et nous propose de reprendre une bi\u00e8re. Il encha\u00eene. Non, il n\u2019est pas surpris par les quelques troubles qui secouent le pays. \u201c<\/font><em><font>Tu sais, la Tunisie a \u00e9t\u00e9 une cocotte-minute pendant 50 ans. Aujourd\u2019hui, la pression s\u2019\u00e9vacue, c\u2019est tout.<\/font><\/em><font>\u201d Avec des d\u00e9rives compr\u00e9hensibles mais qu\u2019il faut garder \u00e0 l\u2019oeil. Dimanche dernier, en plein Tunis, des Salafistes ont attaqu\u00e9 un cin\u00e9ma qui projetait un film volontairement provoquant : \u00ab Ni Allah, ni Ma\u00eetre \u00bb. \u201c<\/font><em><font>Les Islamistes s\u2019habituent \u00e0 la parole. Ceux qui ont longtemps d\u00fb se taire pensent d\u00e9sormais qu\u2019ils ont davantage le droit de parler que les autres. Ce qu\u2019il s\u2019est pass\u00e9 au cin\u00e9ma est regrettable. C\u2019est tellement plus facile de frapper quelqu\u2019un que de commencer \u00e0 discuter.<\/font><\/em><font>\u201d<\/font><\/font><\/p>\n<p align=\"justify\"><font face=\"Arial\" size=\"2\"><font>Le blogueur, lui, a commenc\u00e9 \u00e0 s\u2019attaquer \u00e0 Ben Ali en 2009. D\u00e8s alors, ses prises de position lui ont valu \u201c<\/font><em><font>une bonne bastonnade<\/font><\/em><font>\u201d, comme il dit. Il faut dire qu\u2019il a l\u2019art d\u2019irriter. Mouche du coche, son truc \u00e0 lui, c\u2019est \u201c<\/font><em><font>l\u2019ironie sociale, le sarcasme politique. Quand Ben Ali dit que le peuple ne forme qu\u2019une seule main avec lui, je lui r\u00e9ponds que c\u2019est dommage pour lui, qu\u2019il ne pourra plus se masturber.<\/font><\/em><font>\u201d C\u2019est par cette confrontation directe qu\u2019il a progressivement travaill\u00e9 \u00e0 d\u00e9construire la propagande du RCD, le parti pr\u00e9sidentiel.<\/font><\/font><\/p>\n<p align=\"justify\"><font face=\"Arial\" size=\"2\"><font>Il se dit anarchiste et utopiste. Il est cependant lourdement ancr\u00e9 dans le r\u00e9el. \u201c<\/font><em><font>Quand j\u2019ai commenc\u00e9 tout \u00e7a, je ne pensais jamais que Ben Ali partirait un jour. Mais j\u2019ai eu besoin de m\u2019en convaincre, juste pour me donner l\u2019\u00e9nergie, le carburant pour continuer d\u2019avancer. Au final, il est bel et bien parti\u2026 C\u2019est comme \u00e7a qu\u2019on se rapproche des utopies.<\/font><\/em><font>\u201d<\/font><\/font><\/p>\n<p align=\"justify\"><font face=\"Arial\" size=\"2\"><font>Il conclut en annon\u00e7ant la couleur : pour lui, la v\u00e9ritable bataille qu\u2019il attend viendra une fois que l\u2019Assembl\u00e9e constituante aura \u00e9t\u00e9 \u00e9lu. C\u2019est alors que les leaders d\u2019opinion comme lui auront un r\u00f4le \u00e0 jouer \u201c<\/font><em><font>pour mettre la pression sur ceux qui auront des d\u00e9cisions \u00e0 prendre.<\/font><\/em><font>\u201d<\/font><\/font><\/p>\n<p align=\"justify\"><font face=\"Arial\" size=\"2\"><em><font>\u00ab Tu sais, hier, on \u00e9tait minoritaires. Aujourd\u2019hui, on l\u2019est toujours. Et tu sais quoi ? Demain, ce sera pareil. \u00catre \u00e0 contre-courant, seul contre la majorit\u00e9 , c\u2019est de facto le r\u00f4le des avant-gardes de la libert\u00e9.<\/font><\/em><font>\u201d<\/font><\/font><\/p>\n<h4 align=\"justify\" class=\"ecxentry-title\" style=\"color: blue;\"><font face=\"Arial\" size=\"2\">2-<\/font><a href=\"http:\/\/www.sixmoisapres.com\/?p=128\" rel=\"bookmark noopener\" target=\"_blank\" title=\"Lien permanent vers Elections en question\"><\/p>\n<h4 style=\"color: blue;\"><font face=\"Arial\" size=\"2\">Elections en question<\/font><\/h4>\n<p><\/a><\/h4>\n<p align=\"justify\"><font face=\"Arial\" size=\"2\">Un pays \u00e0 reconstruire. Ou du moins, \u00e0 r\u00e9former en profondeur. Apr\u00e8s 23 ann\u00e9es de dictature, la m\u00e9fiance de la population envers ses dirigeants reste vive. Voil\u00e0 maintenant six mois que Ben Ali est tomb\u00e9 et six mois que la situation socio\u00e9conomique du pays s\u2019aggrave. Le peuple s\u2019impatiente, ne comprend pas toujours pourquoi, maintenant le tyran parti, le pays ne se rel\u00e8ve pas plus rapidement. Le chantier est, il faut le dire, d\u2019envergure. La justice et l\u2019administration, gangr\u00e9n\u00e9es par la corruption, doivent \u00eatre remani\u00e9es en profondeur, le tourisme, principale ressource \u00e9conomique, reste loin de ses chiffres habituels. Surtout, le gouvernement en place, de transition faut-il le rappeler, peine \u00e0 convaincre sur ses actions et renvoie plut\u00f4t l\u2019image d\u2019une \u00e9quipe min\u00e9e par les querelles internes.<\/font><\/p>\n<p align=\"justify\"><font face=\"Arial\" size=\"2\">Pr\u00e9vues pour le 23 octobre prochain (au lieu du 24 juillet), ces \u00e9lections, les premi\u00e8res v\u00e9ritablement libres dans l\u2019histoire de la Tunisie, repr\u00e9sentent un enjeu de taille pour le pays. \u00c9manations directes de la r\u00e9volution citoyenne, elles sont la garantie que la population puisse enfin prendre son destin en main. Encore faut-il qu\u2019elles se d\u00e9roulent dans un climat des plus transparents, ce qui est encore loin d\u2019\u00eatre assur\u00e9.<\/font><\/p>\n<p align=\"justify\"><font face=\"Arial\" size=\"2\">Parmi la centaine (!) de partis politiques engag\u00e9s dans ce nouveau processus d\u00e9mocratique, plusieurs organisations d\u2019envergure \u00e9margent de la m\u00eal\u00e9e. Organis\u00e9s et actifs depuis plusieurs ann\u00e9es d\u00e9j\u00e0, ils sont rompus au jeu politique tunisien et comptent bien saisir l\u2019opportunit\u00e9 des \u00e9lections pour faire avancer leurs programmes et leurs id\u00e9es. Parmi ceux-ci, le PDP, le Parti D\u00e9mocrate Progressiste, tente de convaincre, comme d\u2019autres qu\u2019il est l\u2019alternative id\u00e9ale.<\/font><\/p>\n<p align=\"justify\"><font face=\"Arial\" size=\"2\">Controvers\u00e9, le PDP, est loin de faire l\u2019unanimit\u00e9 au sein de la population. Parti d\u2019opposition sous Ben Ali, on lui reproche sa participation au gouvernement transitoire post 14 janvier, on lui reproche l\u2019opportunisme de son homme fort, Ahmed Chebbi, on lui reproche finalement, ce qui apparait parfois comme un crime ici, de vouloir prendre le pouvoir.<\/font><\/p>\n<p align=\"justify\"><font face=\"Arial\" size=\"2\">Maya Jribi, secr\u00e9taire g\u00e9n\u00e9rale du PDP \u2013 premi\u00e8re femme \u00e0 diriger un parti en Tunisie \u2013 assure que son parti n\u2019a d\u2019autre but que le d\u00e9veloppement d\u00e9mocratique du pays mais se montre inqui\u00e8te sur la tenue de ces \u00e9lections cruciales.<\/font><\/p>\n<p align=\"justify\"><font face=\"Arial\" size=\"2\"><font>Devant le risque de fraude, d\u2019irr\u00e9gularit\u00e9 et devant surtout un manque de pr\u00e9paration \u00e9vident, la commission \u00e9lectorale ind\u00e9pendante a d\u00e9cid\u00e9 il y a quelques semaines de postposer le rendez-vous avec les citoyens pour l\u2019organiser au mieux. Un report qui pose question. \u00bb<\/font><em><font>Nous faisons confiance \u00e0 la commission mais je ne cache mon inqui\u00e9tude face au rythme de travail. Dans 3 mois, les \u00e9lections doivent avoir lieu, selon certains m\u00e9canismes suppos\u00e9s restaurer la confiance au sein de la population. Or, les d\u00e9fis \u00e0 relever pour qu\u2019elles se tiennent normalement sont encore \u00e9normes<\/font><\/em><font>. \u00bb Concr\u00e8tement, on ignore encore comment tout cela va s\u2019organiser. Quelles infrastructures seront mises en place ? Comment les listes d\u2019\u00e9lecteurs seront-elles constitu\u00e9es ? Comment et qui va former les responsables des bureaux de vote, les observateurs ? \u00ab <\/font><em><font>On sait que le 23, on aura les \u00e9lections, mais que fera-t-on le 22, le 21 pour que tout cela se passe de la mani\u00e8re la plus transparente possible ? Semaine par semaine, jour apr\u00e8s jour, on a besoin d\u2019information, on a besoin d\u2019\u00eatre rassur\u00e9 mais pour le moment, on reste dans le flou.<\/font><\/em><font>\u00bb<\/font><\/font><\/p>\n<p align=\"justify\"><font face=\"Arial\" size=\"2\"><font>Une situation pr\u00e9caire mais que Maya Jribi con\u00e7oit malgr\u00e9 tout comme un mal n\u00e9cessaire qu\u2019il faut aborder avec le plus grand s\u00e9rieux, au risque de perdre toute cr\u00e9dibilit\u00e9 aux yeux de la population mais aussi de la communaut\u00e9 internationale. \u00ab <\/font><em><font>Les \u00e9lections, dans tous les pays qui vivent une p\u00e9riode d\u00e9licate comme la n\u00f4tre, ont toujours \u00e9t\u00e9 une \u00e9tape difficile, contest\u00e9e. Mais pour que le r\u00e9sultat de ces \u00e9lections soit accept\u00e9, il faut que le syst\u00e8me soit transparent et r\u00e9gi par des m\u00e9canismes convaincants, objectifs, bas\u00e9 sur la neutralit\u00e9, la formation scientifique. Cela doit \u00eatre garanti par des proc\u00e9dures qui assurent qu\u2019il n\u2019y aura pas de failles<\/font><\/em><font>\u00ab .<\/font><\/font><\/p>\n<h5 align=\"justify\" class=\"ecxentry-title\" style=\"color: blue;\"><font face=\"Arial\" size=\"2\">Source: \u00ab\u00a0sixmoisapres\u00a0\u00bb Le 02-07-2011<\/font><\/h5>\n<h5 align=\"justify\" class=\"ecxentry-title\" style=\"color: blue;\"><font face=\"Arial\" size=\"2\">Lien:http:\/\/www.sixmoisapres.com\/<\/font><\/h5>\n<p><font><font face=\"Arial\"><\/p>\n<hr\/>\n<p><\/font><\/p>\n<h5 align=\"center\" class=\"ecxtitre_ar\" style=\"color: blue;\">\n<h5 style=\"color: blue;\"><font face=\"Arial\" size=\"3\">Apr\u00e8s <span>la R\u00e9volution, une Nouvelle Tunisie ?<\/span><\/font><\/h5>\n<p><font face=\"Arial\" size=\"3\"><span> <\/span><\/font><\/h5>\n<hr\/>\n<p><\/font><\/p>\n<h6 align=\"justify\" class=\"ecxtitre_ar\" style=\"color: blue;\"><font><span><font face=\"Arial\" size=\"2\"><font>Par <\/font>Mansour Moalla<\/font><\/span><\/font><\/h6>\n<p><font><span><\/p>\n<p align=\"justify\"><font face=\"Arial\" size=\"2\"><font>Nous vivons notre cinquante-cinqui\u00e8me ann\u00e9e depuis l\u2019Ind\u00e9pendance. La g\u00e9n\u00e9ration Bourguiba qui a combattu pour notre lib\u00e9ration n\u2019est plus l\u00e0. Celle qui a contribu\u00e9 \u00e0 l\u2019\u00e9dification du nouvel Etat tunisien ind\u00e9pendant n\u2019a plus que quelques repr\u00e9sentants encore en vie. Celle des jeunes qui ont fait la R\u00e9volution n\u2019a gu\u00e8re pu s\u2019illustrer au cours du dernier quart de si\u00e8cle, une dictature indigne ayant \u00e9touff\u00e9 ses possibilit\u00e9s. Il lui revient cependant de se pr\u00e9parer \u00e0 conduire le pays vers un avenir meilleur.<\/font> <font>Cet avenir meilleur est-il possible ? Quels probl\u00e8mes pose-t-il ? Est-il r\u00e9ellement \u00e0 notre port\u00e9e et \u00e0 quel prix ? Pour le construire, il faut tenir compte des enseignements du pass\u00e9, de ce qui s\u2019est pass\u00e9 durant le demi-si\u00e8cle qui vient de s\u2019achever.<\/font> <font>La Tunisie a eu, d\u00e8s l\u2019Ind\u00e9pendance, des t\u00e2ches urgentes et difficiles que les jeunes d\u2019aujourd\u2019hui ont de la peine \u00e0 imaginer. Elle a r\u00e9ussi \u00e0 y faire face : le pays a consid\u00e9rablement progress\u00e9 au point de vue \u00e9conomique, social, \u00e9ducatif et culturel. Il aurait pu mieux faire et plus substantiellement si le syst\u00e8me de gouvernement avait \u00e9t\u00e9 plus judicieux et conforme \u00e0 ce qu\u2019avait annonc\u00e9 Bourguiba en 1956 et en 1957 : d\u00e9mocratie, respect des libert\u00e9s, pas de concentration des pouvoirs, pas de pouvoir personnel. De nombreuses perturbations, \u00e9conomiques, sociales, syndicales, estudiantines ont d\u00e9bouch\u00e9 sur un syst\u00e8me de gouvernement autoritaire avec des \u00e9lections qui n\u2019en sont pas et une absence de libert\u00e9 destructrice des capacit\u00e9s de d\u00e9veloppement du pays et qui a fini par aboutir \u00e0 une dictature sordide, laquelle a provoqu\u00e9 la R\u00e9volution lib\u00e9ratrice.<\/font> <font>La conclusion \u00e0 en tirer est que la priorit\u00e9 des priorit\u00e9s consiste \u00e0 \u00e9tablir un syst\u00e8me de gouvernement conf\u00e9rant au pays la stabilit\u00e9, l\u2019efficacit\u00e9 et la libert\u00e9 n\u00e9cessaire \u00e0 la construction de son avenir. Il ne faut surtout pas que ce syst\u00e8me puisse nous conduire encore \u00e0 un nouveau coup d\u2019Etat et \u00e0 une seconde R\u00e9volution.<\/font> <font>Je me suis prononc\u00e9 d\u00e8s le 30 janvier 2011 (1), deux semaines apr\u00e8s la R\u00e9volution, pour l\u2019abrogation du syst\u00e8me pr\u00e9sidentiel \u00e0 l\u2019origine de tous les graves \u00e9v\u00e8nements intervenus depuis 1956 dans tous les domaines.<\/font> <font>Je maintiens mon point de vue. Malgr\u00e9 les d\u00e9boires que le syst\u00e8me pr\u00e9sidentiel a inflig\u00e9s au pays et \u00e0 la population, une sorte de \u00abnostalgie\u00bb pr\u00e9sidentielle, \u00ab pr\u00e9sidentialiste \u00bb r\u00e8gne encore parmi ceux qui se destinent au \u00ab pouvoir supr\u00eame\u00bb. Il y a en quelque sorte une \u00ab adoration \u00bb de ce pouvoir et de l\u2019autorit\u00e9 qu\u2019il conf\u00e8re \u00e0 son d\u00e9tenteur.<\/font> <font>On le croit plus \u00abd\u00e9mocratique\u00bb, \u00e9manant du suffrage \u00abuniversel direct\u00bb en oubliant que l\u2019histoire de ce syst\u00e8me montre que l\u2019\u00e9lection se transforme en \u00abpl\u00e9biscite\u00bb, que ce soit avec les deux Bonaparte ou avec Ben Ali avec des \u00ab victoires \u00bb admirables \u00e0 presque 100% des votants. Cela finit par ressembler \u00e0 la monarchie de \u00ab droit divin \u00bb et comme celle-ci, le Pr\u00e9sident n\u2019a plus de compte \u00e0 rendre au cours de son mandat, tous les autres pouvoirs, l\u00e9gislatif et judiciaire, consid\u00e9r\u00e9s comme moins \u00ab repr\u00e9sentatifs\u00bb, lui sont plus ou moins soumis.<\/font> <font>Plus grave encore, et chez nous plus sp\u00e9cialement, le syst\u00e8me pr\u00e9sidentiel risque de \u00ab d\u00e9chirer le pays \u00bb, le divisant en deux clans: le \u00ab pour \u00bb et le \u00abcontre\u00bb. Pour que le \u00ab pour \u00bb l\u2019emporte, on lui promet des merveilles et pour que le \u00abcontre\u00bb soit \u00e9limin\u00e9, on le \u00abmarginalise\u00bb ou pire on l\u2019\u00e9limine. Et si cette m\u00e9thode ne suffit pas pour \u00ab triompher\u00bb, on utilisera d\u2019autres m\u00e9thodes, des \u00e9lections \u00e0 99%, des modifications \u00abadapt\u00e9es\u00bb de la Constitution, des cr\u00e9ations de partis satellites pour la \u00abfa\u00e7ade\u00bb, etc., toutes connues amplement de nous tous.<\/font> <font>Les partisans de ce syst\u00e8me invoquent alors des arguments qui ne r\u00e9sistent pas \u00e0 l\u2019examen.<\/font> <font>En premier lieu, ce syst\u00e8me est meilleur pour la stabilit\u00e9 politique et gouvernementale ? Avons-nous b\u00e9n\u00e9fici\u00e9 de cette stabilit\u00e9 ? Cette stabilit\u00e9 n\u2019a-t-elle pas \u00e9t\u00e9 n\u00e9faste ? On a construit durant dix ans un syst\u00e8me coop\u00e9ratif et nous l\u2019avons aboli ! Nous avons \u00e9tabli une union avec le voisin libyen et nos divisions int\u00e9rieures ont r\u00e9ussi \u00e0 la d\u00e9faire, conduisant \u00e0 ce qui se passe actuellement chez le voisin. Nous avons, apr\u00e8s le \u00ab coup de Gafsa \u00bb, la Tunisie \u00e9tant alors devenue un \u00ab trou \u00bb, selon l\u2019expression de Bourguiba, r\u00e9ussi \u00e0 avoir une \u00ab \u00e9claircie \u00bb d\u00e9mocratique qui a dur\u00e9 quelques mois et qui a sombr\u00e9 avec les \u00e9lections \u00ab trafiqu\u00e9es \u00bb de 1981 et nous avons eu la crise du pain et deux ans et demi apr\u00e8s la dictature. On pourrait faire mieux comme \u00ab stabilit\u00e9 \u00bb ? Pour \u00e9viter de tels inconv\u00e9nients, les partisans du syst\u00e8me sugg\u00e8rent qu\u2019on limite les pouvoirs du pr\u00e9sident. A supposer que c\u2019est possible et que cela puisse fonctionner, il faut dire comment ? En instituant un gouvernement \u00e9manant de l\u2019Assembl\u00e9e parlementaire et responsable devant elle? C\u2019est l\u00e0 un emprunt essentiel au r\u00e9gime parlementaire. Mais cela ne peut gu\u00e8re fonctionner. Ce \u00ab mixage \u00bb introduit en outre une confusion pr\u00e9judiciable. On le voit en France o\u00f9 ce \u00ab mixage \u00bb a \u00e9t\u00e9 institu\u00e9 avec la Ve R\u00e9publique, De Gaulle tenant \u00e0 \u00eatre d\u00e9sign\u00e9 par le suffrage universel et ses successeurs, nostalgiques aussi, ont voulu limiter, pour ne pas dire le \u00ab singer \u00bb. Le r\u00e9sultat est que son premier successeur, Mitterrand, s\u2019est trouv\u00e9, \u00e0 l\u2019Elys\u00e9e, chef de l\u2019opposition, le Premier ministre qui \u00ab gouverne \u00bb \u00e9tant issu du camp adverse de la droite. Le mixage aggrave donc <\/font> <font>l\u2019irresponsabilit\u00e9 et le non-contr\u00f4le du r\u00e9gime pr\u00e9sidentiel.<\/font> <font>Au lieu donc \u00ab d\u2019emprunter \u00bb au r\u00e9gime parlementaire ce qu\u2019il a d\u2019essentiel pour rendre \u00ab acceptable \u00bb le r\u00e9gime pr\u00e9sidentiel, il serait plus judicieux d\u2019adopter ce r\u00e9gime parlementaire en le dotant des moyens n\u00e9cessaires \u00e0 son succ\u00e8s.<\/font> <font>Le reproche le plus important que ses adversaires lui adressent r\u00e9side dans l\u2019instabilit\u00e9 et on invoque les cas italien ou fran\u00e7ais durant la IVe R\u00e9publique, oubliant la stabilit\u00e9 qui existe en Grande-Bretagne depuis des si\u00e8cles et qui lui a permis de devenir historiquement la premi\u00e8re puissance industrielle et de conqu\u00e9rir l\u2019Asie, l\u2019Am\u00e9rique et on oublie aussi les autres pays europ\u00e9ens, Etats scandinaves, Hollande, Allemagne &#8230;<\/font> <font>Or, il est tout \u00e0 fait possible de rem\u00e9dier \u00e0 cette instabilit\u00e9 \u00e9ventuelle si l\u2019on instaure les moyens n\u00e9cessaires \u00e0 cet effet.<\/font> <font>En premier lieu, il s\u2019agit du syst\u00e8me \u00e9lectoral. Chacun sait que le syst\u00e8me proportionnel int\u00e9gral est source d\u2019instabilit\u00e9. Il favorise la multiplication des partis politiques, chaque fraction ou sous-fraction de l\u2019opinion souhaitant et pouvant, par ce moyen de la proportionnelle se faire attribuer un ou des si\u00e8ges et \u00eatre ainsi repr\u00e9sent\u00e9e au parlement. Cette \u00abjustice \u00bb \u00e9lectorale conduira \u00e0 une Assembl\u00e9e h\u00e9t\u00e9roclite o\u00f9 l\u2019on peut disserter \u00e0 l\u2019infini mais qui ne permet pas de d\u00e9gager une majorit\u00e9 de gouvernement homog\u00e8ne et stable qui peut g\u00e9rer efficacement les affaires du pays. <\/font> <font>Pour rem\u00e9dier \u00e0 cet inconv\u00e9nient, les r\u00e9gimes parlementaires efficaces ont instaur\u00e9 le syst\u00e8me majoritaire et non le syst\u00e8me proportionnel. Ce syst\u00e8me peut adopter la majorit\u00e9 simple dite relative ou la majorit\u00e9 absolue qui n\u00e9cessite 50% et plus de votants. <\/font> <font>La majorit\u00e9 simple attribue tous les si\u00e8ges \u00e0 pourvoir \u00e0 celui qui a obtenu le nombre de voix le plus \u00e9lev\u00e9 : par exemple 40% et tous les autres moins de 40%. La majorit\u00e9 absolue les attribue \u00e0 celui qui a obtenu au moins 50% plus une voix. Ce syst\u00e8me majoritaire a le m\u00e9rite d\u2019inciter les partis \u00e0 se regrouper en un nombre r\u00e9duit pour pouvoir obtenir la majorit\u00e9, relative ou absolue. Or le nombre de partis chez nous est d\u00e9j\u00e0 pl\u00e9thorique (une centaine autoris\u00e9e) : le syst\u00e8me proportionnel avec les plus \u00ab fort restes \u00bb ne les incitera pas \u00e0 fusionner ou \u00e0 se regrouper et nous conduit \u00e0 une Assembl\u00e9e h\u00e9t\u00e9roclite ne permettant gu\u00e8re de d\u00e9gager une majorit\u00e9 homog\u00e8ne de gouvernement.<\/font> <font>Un second inconv\u00e9nient de ce syst\u00e8me proportionnel consiste \u00e0 rendre n\u00e9cessaire le scrutin de liste et non le scrutin uninominal, le premier obligeant l\u2019\u00e9lecteur \u00e0 voter pour plusieurs candidats inscrits sur une liste devant repr\u00e9senter une grande circonscription \u00e9lectorale, le second, en revanche, permettant \u00e0 l\u2019\u00e9lecteur de voter pour un seul candidat qui doit repr\u00e9senter la population d\u2019une circonscription plus r\u00e9duite. Le scrutin de liste est cens\u00e9 favoriser les partis politiques qui sont plus libres de mettre sur leurs listes les candidats de leur choix. Le scrutin uninominal, en revanche, favorise l\u2019\u00e9mergence de personnalit\u00e9s ind\u00e9pendantes ou mieux choisir par les partis politiques, ce qui contribue \u00e0 am\u00e9liorer le niveau moyen de l\u2019\u00e9lu. En outre, le scrutin uninominal peut \u00eatre \u00e0 un seul tour, si d\u00e8s le premier tour, il y a un candidat qui atteint la majorit\u00e9 absolue, sinon il y a un second tour apr\u00e8s deux semaines o\u00f9 il n\u2019y a plus que les deux candidats arriv\u00e9s en t\u00eate au premier tour qui peuvent se repr\u00e9senter et, dans ce cas, est d\u00e9clar\u00e9 \u00e9lu celui qui obtient le plus de voix. Ce mode de scrutin favorise donc le regroupement des partis, l\u2019\u00e9mergence de candidats plus repr\u00e9sentatifs et de d\u00e9put\u00e9s d\u2019un meilleur niveau ainsi qu\u2019une plus grande motivation de l\u2019\u00e9lectorat et une moindre abstention. Il permet de ce fait d\u2019obtenir une majorit\u00e9 homog\u00e8ne et responsable pour gouverner le pays, ce qui est un objectif fondamental qu\u2019il serait aventureux d\u2019oublier ou d\u2019\u00e9luder.<\/font> <font>Enfin et toujours dans le m\u00eame souci, et pour avoir un r\u00e9gime parlementaire sans instabilit\u00e9, la loi \u00e9lectorale devrait pr\u00e9voir, comme dans nombre de pays, que le parti qui n\u2019obtiendrait pas un nombre de voix sup\u00e9rieur \u00e0 3,4 ou 5% ou m\u00eame 10% comme en Turquie aujourd\u2019hui, ne pourra pas se faire attribuer des si\u00e8ges au Parlement.<\/font> <font>Pr\u00e9caution ultime pour faire fonctionner un r\u00e9gime parlementaire dans les meilleures conditions possibles, il faut attribuer, dans ce syst\u00e8me, au gouvernement, et non au pr\u00e9sident, qu\u2019il soit parlementaire ou pr\u00e9sidentiel, et au gouvernement seul le droit de dissoudre l\u2019Assembl\u00e9e et de revenir au corps \u00e9lectoral pour arbitrer un conflit qui dure entre gouvernement et parlement, ce qui incite l\u2019un et l\u2019autre \u00e0 r\u00e9fl\u00e9chir avant de s\u2019y laisser conduire. Cela \u00e9tant, voyons ce en quoi le syst\u00e8me parlementaire est le meilleur.<\/font> <font>Il permet en effet de s\u00e9parer les fonctions de chef d\u2019Etat et de chef du gouvernement. Les deux fonctions ob\u00e9issent \u00e0 des n\u00e9cessit\u00e9s diff\u00e9rentes.<\/font> <font>Le chef de l\u2019Etat est l\u00e0 pour symboliser l\u2019unit\u00e9 nationale, le respect de la Constitution et de la loi, pour servir d\u2019arbitre et de conciliateur en cas de besoin. Il ne doit pas \u00eatre m\u00eal\u00e9 aux vicissitudes quotidiennes de l\u2019action politique pour ne pas se discr\u00e9diter. Faute de quoi, il n\u2019est plus un chef d\u2019Etat respect\u00e9, il risque de devenir un partisan \u00e0 combattre, un adversaire \u00e0 \u00e9liminer ou un chef de bande \u00e0 abattre. Le Pr\u00e9sident dans ce syst\u00e8me assure la permanence de l\u2019Etat qui ne dispara\u00eet pas \u00e0 chaque crise politique comme dans notre ancien r\u00e9gime pr\u00e9sidentiel o\u00f9 les d\u00e9rives de nos deux Chefs d\u2019Etat se sont traduites par une d\u00e9stabilisation grave du pays et de la soci\u00e9t\u00e9.<\/font> <font>Le \u00abgouvernement\u00bb est une pi\u00e8ce essentielle du syst\u00e8me. Il doit \u00eatre un organisme politique responsable et contr\u00f4lable. Durant le r\u00e9gime pr\u00e9sidentiel, il n\u2019a \u00e9t\u00e9 qu\u2019un organisme technique dont le r\u00f4le \u00e9tait d\u2019ex\u00e9cuter la politique et les ordres du pr\u00e9sident. Premier ministre et ministres n\u2019\u00e9taient que des fonctionnaires, nomm\u00e9s et r\u00e9voqu\u00e9s par lui, \u00e0 sa convenance. Ce \u00ab gouvernement \u00bb, ainsi d\u00e9sign\u00e9, ne peut pas \u00eatre homog\u00e8ne. On n\u2019y trouve aucune politique d\u2019ensemble commune \u00e0 tous ses membres. Un vrai gouvernement responsable ne peut \u00e9maner que du Parlement. Ce gouvernement doit avoir un programme approuv\u00e9 par tous ses membres. Il est investi par l\u2019Assembl\u00e9e si sa composition et son programme sont approuv\u00e9s par celle-ci \u00e0 la majorit\u00e9. Si celle-ci se r\u00e9v\u00e8le difficile \u00e0 d\u00e9gager et si l\u2019\u00e9mergence d\u2019une coalition se r\u00e9v\u00e8le n\u00e9cessaire pour en constituer, le pr\u00e9sident aura un r\u00f4le \u00e0 jouer pour aider \u00e0 y parvenir en tant que m\u00e9diateur et conciliateur. Le gouvernement gouverne sous le contr\u00f4le du parlement et tant qu\u2019il a sa confiance. S\u2019il n\u2019a plus cette confiance, il est remplac\u00e9 par une nouvelle \u00e9quipe qui a pu recueillir la majorit\u00e9 de l\u2019Assembl\u00e9e. En cas de \u00ab crise \u00bb et d\u2019absence de majorit\u00e9, le gouvernement \u00ab censur\u00e9 \u00bb peut dissoudre l\u2019Assembl\u00e9e et revenir devant le corps \u00e9lectoral pour d\u00e9gager une nouvelle majorit\u00e9 de gouvernement. La \u00ab crise minist\u00e9rielle \u00bb se d\u00e9roule sans drame alors que la destitution d\u2019un chef d\u2019Etat qui est aussi chef de gouvernement dans le r\u00e9gime pr\u00e9sidentiel est de nature \u00e0 cr\u00e9er un vrai drame, sinon une trag\u00e9die et n\u00e9cessite un coup d\u2019Etat ou une r\u00e9volution pour mettre fin au r\u00e8gne d\u2019un pr\u00e9sident qui d\u00e9rive.<\/font> <font>Le Parlement constitue donc la pi\u00e8ce centrale du dispositif. Il d\u00e9tient le pouvoir l\u00e9gislatif. Il approuve la Constitution le gouvernement et contr\u00f4le son activit\u00e9 et il peut mettre fin \u00e0 ses fonctions.<\/font> <font>On voit ainsi que le r\u00e9gime parlementaire n\u2019accorde \u00e0 aucun organe constitutionnel un pouvoir absolu pouvant conduire \u00e0 des abus, ni au chef de l\u2019Etat qui peut \u00eatre r\u00e9voqu\u00e9 par le Parlement \u00e0 la majorit\u00e9 qualifi\u00e9e (deux tiers ou trois quarts des membres), ni au gouvernement qui peut \u00eatre sanctionn\u00e9 et cong\u00e9di\u00e9, ni au Parlement qui peut \u00eatre dissous : le pouvoir \u00ab arr\u00eate \u00bb donc le pouvoir selon la formule c\u00e9l\u00e8bre de l\u2019Esprit des lois de Montesquieu, ce qui est une garantie de libert\u00e9, d\u2019efficacit\u00e9 et de stabilit\u00e9.<\/font> <font>Reste \u00e0 \u00e9voquer enfin le pouvoir judiciaire qui a \u00e9t\u00e9 toujours plus une \u00ab autorit\u00e9 \u00bb (comme c\u2019est indiqu\u00e9 dans les constitutions fran\u00e7aise et tunisienne) qu\u2019un \u00ab pouvoir \u00bb autonome. Il faut le r\u00e9habiliter apr\u00e8s sa longue \u00ab absence \u00bb et la d\u00e9t\u00e9rioration de son autorit\u00e9 morale et de son prestige en assurant son ind\u00e9pendance r\u00e9elle par l\u2019institution de \u00ab l\u2019inamovibilit\u00e9 \u00bb qui le prot\u00e8ge contre les interventions de toutes sortes dont il peut \u00eatre l\u2019objet.<\/font> <font>Compte tenu de ce qui vient d\u2019\u00eatre expos\u00e9, de la loi \u00e9lectorale qui a \u00e9t\u00e9 adopt\u00e9e, de la proportionnelle qui a \u00e9t\u00e9 institu\u00e9e, de la multiplication des partis qui de ce fait et en l\u2019absence de facteurs incitant au regroupement, on ne peut qu\u2019\u00eatre inquiet sur l\u2019issue d\u2019\u00e9lections qu\u2019on a \u00e9t\u00e9 oblig\u00e9 de retarder, ce qui pourrait permettre \u00e9ventuellement une meilleure r\u00e9flexion.<\/font> <font>Les divers partenaires dans ce domaine ont le devoir de s\u2019exprimer clairement, et \u00e0 haute voix, au sujet des questions qui viennent d\u2019\u00eatre \u00e9voqu\u00e9es. La facilit\u00e9 consiste \u00e0 accepter l\u2019inacceptable et qui n\u2019est nullement adapt\u00e9 \u00e0 notre situation. Les partis politiques comme le gouvernement ont une responsabilit\u00e9 particuli\u00e8re dans cette phase historique de la vie du pays. Chacun doit dire si r\u00e9ellement il pense que ce qui a \u00e9t\u00e9 fait pourra r\u00e9ellement assurer le meilleur gouvernement pour le pays et pourquoi ? <\/font> <font>Chacun aussi doit dire quel syst\u00e8me de gouvernement il propose au pays. On ne peut ici se contenter de g\u00e9n\u00e9ralit\u00e9s, de s\u00e9paration et d\u2019\u00e9quilibre des pouvoirs, de d\u00e9mocratie,etc. sans livrer au public le d\u00e9tail de l\u2019organisation du syst\u00e8me propos\u00e9. On ne peut pas attendre d\u2019\u00eatre \u00e9lu \u00e0 la Constituante pour en parler, ce qui serait tromper l\u2019\u00e9lecteur. Le d\u00e9bat public et contradictoire doit s\u2019installer pour que le corps \u00e9lectoral puisse \u00eatre suffisamment inform\u00e9 et pleinement \u00e9clair\u00e9. On ne peut se d\u00e9rober \u00e0 cette responsabilit\u00e9.<\/font> <font>Il y a lieu \u00e9galement de se prononcer sur une autre question fort importante qui est rest\u00e9e dans le clair-obscur : on entend et on lit \u00e0 son sujet toute sorte d\u2019interpr\u00e9tation. Il s\u2019agit des attributions de la nouvelle Assembl\u00e9e qu\u2019on \u00e9lira normalement le 23 octobre prochain. Sera-t-elle uniquement constituante ne s\u2019occupant que de l\u2019\u00e9tablissement de la Constitution ? Ou sera-t-elle \u00e9galement l\u00e9gislative pour \u00e9viter \u00ab les d\u00e9crets lois \u00bb et la confusion des pouvoirs durant la p\u00e9riode d\u2019\u00e9tablissement de la Constitution qui peut \u00eatre plus ou moins longue, surtout si l\u2019on ne veut pas \u00ab bousculer \u00bb l\u2019Assembl\u00e9e en lui fixant un court d\u00e9lai pour ce travail essentiel pour le pays ? Aura-t-elle en dernier lieu un r\u00f4le politique et devra-t-elle d\u00e9signer un gouvernement responsable devant l\u2019Assembl\u00e9e \u00e9lue, gouvernement qui aura alors la cr\u00e9dibilit\u00e9 et la l\u00e9gitimit\u00e9 n\u00e9cessaires pour travailler dans la dur\u00e9e et mettre fin au caract\u00e8re \u00ab transitoire \u00bb et \u00ab provisoire \u00bb du gouvernement du pays qui ne peut plus se prolonger sans porter pr\u00e9judice \u00e0 l\u2019int\u00e9r\u00eat national. Il n\u2019y aura plus ainsi \u00e0 attendre l\u2019adoption de la constitution, attente qui peut devenir longue, pour proc\u00e9der \u00e0 des \u00e9lections l\u00e9gislatives, ce qui peut lasser l\u2019\u00e9lecteur et aggraver l\u2019abstention. Il ne restera plus \u00e0 r\u00e9soudre que la question de la d\u00e9signation du chef de l\u2019Etat. Celui-ci pourra \u00eatre \u00ab provisoirement \u00bb (et c\u2019est le seul \u00ab provisoire \u00bb supportable) d\u00e9sign\u00e9 par le Parlement, parmi ou en dehors de ses membres, \u00e0 une majorit\u00e9 qualifi\u00e9e des \u00be des parlementaires et ce, en attendant la promulgation de la Constitution qui pr\u00e9cisera ce mode de d\u00e9signation, mode qu\u2019on devra alors appliquer. Ce triple r\u00f4le de l\u2019Assembl\u00e9e a \u00e9lire doit \u00eatre bien explicit\u00e9 et faire l\u2019objet d\u2019une disposition l\u00e9gale \u2013 par d\u00e9cret loi \u2013 pour que l\u2019\u00e9lecteur puisse comprendre pour quelle nature d\u2019Assembl\u00e9e il est appel\u00e9 \u00e0 voter. On voit ainsi que de nombreuses questions devraient faire l\u2019objet d\u2019attention, de discussion et d\u2019examen en vue d\u2019aboutir \u00e0 la conclusion de cette \u00e9tape transitoire par l\u2019institution des dispositifs n\u00e9cessaires \u00e0 la cr\u00e9ation d\u2019un syst\u00e8me de gouvernement d\u00e9mocratique et efficace pouvant, dans la dur\u00e9e, \u00e9tablir les plans et programmes devant permettre \u00e0 notre pays de r\u00e9soudre les probl\u00e8mes \u00e9conomiques, sociaux, \u00e9ducatifs et culturels pour pouvoir acc\u00e9der \u00e0 un nouveau stade de d\u00e9veloppement et pour construire une nouvelle Tunisie.<\/font> <font>Une fois que la loi \u00e9lectorale aura \u00e9t\u00e9 adopt\u00e9e, qu\u2019il y a peu d\u2019espoir qu\u2019elle soit amend\u00e9e, que la proportionnelle et le scrutin de liste paraissent donc in\u00e9vitables et qu\u2019aucune loi ne viendra probablement obliger ou inciter les partis \u00e0 se regrouper d\u2019une mani\u00e8re ou d\u2019une autre, il appartient \u00e0 ces formations politiques de rem\u00e9dier \u00e0 ces insuffisances et \u00e0 ces dangers en faisant preuve de responsabilit\u00e9, de civisme et en privil\u00e9giant l\u2019int\u00e9r\u00eat g\u00e9n\u00e9ral par rapport \u00e0 celui de leurs propres \u00ab chapelles \u00bb. <\/font> <font>J\u2019ai exprim\u00e9 d\u00e9j\u00e0 mon opinion \u00e0 ce sujet et j\u2019ai indiqu\u00e9 clairement que, de mon point de vue, la Tunisie ne peut \u00eatre gouvern\u00e9e qu\u2019au centre, avec toutes ses composantes, les extr\u00eames, de droite ou de gauche, devant remplir un r\u00f4le aussi important que celui du gouvernement : celui de l\u2019opposition l\u00e9gale et r\u00e9publicaine, qui approuve lorsque c\u2019est possible et qui d\u00e9sapprouve lorsque c\u2019est n\u00e9cessaire, en attendant que l\u2019\u00e9volution des circonstances, des esprits, des id\u00e9es et des pratiques puisse leur permettre d\u2019exercer utilement des responsabilit\u00e9s gouvernementales. En attendant, je ne vois pas, dans la conjoncture actuelle, comment ils pourraient \u00ab gouverner \u00bb sans nuire aux int\u00e9r\u00eats majeurs du pays. Le pays ne sera-t-il pas isol\u00e9 ? Le d\u00e9veloppement ne sera-t-il pas entrav\u00e9 ? La libert\u00e9 et les libert\u00e9s ne seront-elles pas menac\u00e9es par l\u2019id\u00e9ologie ou le fanatisme des uns et des autres ? Autant d\u2019interrogations auxquelles les formations concern\u00e9es doivent r\u00e9fl\u00e9chir en tant que citoyens et patriotes.<\/font> <font>Il reste \u00e9galement que les formations politiques qui se r\u00e9clament du centre doivent r\u00e9fl\u00e9chir \u00e0 leur dispersion actuelle qui ne pourra probablement pas leur procurer la majorit\u00e9 pour pouvoir assumer convenablement la charge du gouvernement du pays. S\u2019unir pour y parvenir devrait devenir aujourd\u2019hui leur principale pr\u00e9occupation. Il est encore temps de le faire. Quatre mois nous s\u00e9parent de l\u2019\u00e9ch\u00e9ance du 23 octobre 2011. <\/font> <font>On peut parvenir \u00e0 b\u00e2tir cette union des formations du centre si l\u2019on souhaite r\u00e9ellement servir le pays et contribuer \u00e0 le doter d\u2019un gouvernement stable et efficace malgr\u00e9 les d\u00e9fauts \u00e9normes de la loi \u00e9lectorale. Cet appel sera-t-il entendu par tous les leaders des partis, ceux d\u2019avant la r\u00e9volution, qui sont dignes de respect, et ceux cr\u00e9\u00e9s depuis et qui aspirent \u00e0 contribuer \u00e0 l\u2019essor du pays ? Je veux l\u2019esp\u00e9rer et je ferai ce que je pourrai pour y participer, me tenant \u00e0 la disposition de tous les partis qui approuvent ou qui, au moins ne sont pas hostiles, en attendant la discussion, aux id\u00e9es que je viens d\u2019\u00e9noncer et \u00e0 celles que je me propose de soumettre \u00e0 la discussion dans le prochain num\u00e9ro de \u00ab Leaders \u00bb \u00e9conomique et ce, dans plusieurs domaines dont notamment l\u2019investissement, la croissance, l\u2019emploi et aussi la r\u00e9forme du syst\u00e8me \u00e9ducatif, du syst\u00e8me bancaire et financier ainsi que les sujets concernant le d\u00e9veloppement r\u00e9gional, la balance des paiements et les relations \u00e9conomiques ext\u00e9rieures de la Tunisie et sp\u00e9cialement avec notre principal partenaire, l\u2019Union europ\u00e9enne. Toutes ces questions et ces r\u00e9formes concernent l\u2019avenir de la Tunisie et la cr\u00e9ation d\u2019une nouvelle Tunisie, fruit de cette extraordinaire mutation cons\u00e9cutive \u00e0 la R\u00e9volution du 14 janvier 2011 qui nous a r\u00e9v\u00e9l\u00e9 que plus rien ne sera et ne devra \u00eatre comme avant.<\/font><\/font><\/p>\n<h6 align=\"justify\" class=\"ecxrtl_font_weight_normal\" style=\"color: blue;\"><font face=\"Arial\" size=\"2\">Source: \u00ab\u00a0Leaders\u00a0\u00bb Le 02-07-2011<\/font><\/h6>\n<h6 align=\"justify\" class=\"ecxrtl_font_weight_normal\" style=\"color: blue;\"><font><font face=\"Arial\" size=\"2\">Lien: <\/font><a href=\"http:\/\/www.leaders.com.tn\/article\/apres-la-revolution-une-nouvelle-tunisie?id=5622\" target=\"_blank\" rel=\"noopener\"><font face=\"Arial\" size=\"2\">http:\/\/www.leaders.com.tn\/article\/apres-la-revolution-une-nouvelle-tunisie?id=5622<\/font><\/a><\/font><\/h6>\n<p><font face=\"Arial\"><\/p>\n<hr\/>\n<p><\/font><\/p>\n<h6 align=\"center\" class=\"ecxcontentheading\" style=\"color: blue;\"><a href=\"http:\/\/\/afkar\/68-tribune\/4671-a-qui-profitera-la-diabolisation-des-islamistes-en-tunisie.html\" target=\"_blank\" rel=\"noopener\"><\/p>\n<h6 style=\"color: blue;\"><font face=\"Arial\" size=\"3\">A qui profitera la diabolisation des islamistes en Tunisie?<\/font><\/h6>\n<p><\/a><font face=\"Arial\" size=\"2\"> <\/font><\/h6>\n<hr\/>\n<h6 align=\"justify\" class=\"ecxrtl_font_weight_normal\" style=\"color: blue;\"><font face=\"Arial\" size=\"2\"><font>Par Jamel Dridi<\/font> <\/font><\/h6>\n<p align=\"justify\"><span><font face=\"Arial\" size=\"2\"><font>L<\/font><font>a technique de la tromperie plus commun\u00e9ment appel\u00e9 \u00abattaque sous fausse banni\u00e8re\u00bb tentent de d\u00e9signer syst\u00e9matiquement les islamistes. Les ficelles sont trop grosses\u2026 <\/font><\/font><\/span><\/p>\n<p align=\"justify\"><font face=\"Arial\" size=\"2\"><font>Plusieurs \u00e9v\u00e9nements intrigants impliquant ou voulant faire croire que des \u00abislamistes\u00bb sont impliqu\u00e9s s\u2019encha\u00eenent en Tunisie depuis quelques mois. <\/font> <font>Pour rappel, il y a eu, entre autres \u00e9v\u00e9nements, la manifestation surr\u00e9aliste, en face de la synagogue de Tunis, d\u2019un groupuscule islamiste inconnu jusque l\u00e0 (drapeau neufs, slogans incoh\u00e9rents\u2026). Il y a eu aussi l\u2019horrible assassinat d\u2019un pr\u00eatre (le symbole est fort puisque l\u2019on veut nous faire penser qu\u2019on a voulu s\u2019attaquer \u00e0 la chr\u00e9tient\u00e9), la casse de la salle Cin\u00e9mAfricArt et l\u2019agression d\u2019artistes (le symbole est l\u00e0 aussi tr\u00e8s fort car l\u2019obscurantisme vise toujours \u00e0 brimer la libert\u00e9 d\u2019expression) et l\u2019agression des avocats devant un tribunal. J\u2019oublie sans doute ici ou l\u00e0 quelques autres \u00e9v\u00e9nements. <\/font><\/font><\/p>\n<p align=\"justify\"><font face=\"Arial\" size=\"2\">A qui profiteraient de tels actes?  <font>Pris un \u00e0 un, ces \u00e9v\u00e9nements n\u2019ont pas forc\u00e9ment de lien entre eux. Mais compil\u00e9s, ils ont un point commun: ils mettent en action plus ou moins directement des islamistes int\u00e9gristes. <\/font> <font>Maintenant, posons-nous la question de savoir \u00e0 qui profiteraient de tels \u00e9v\u00e9nements ou du moins qui pourrait les r\u00e9aliser. Bien s\u00fbr, la premi\u00e8re r\u00e9ponse qui vient \u00e0 l\u2019esprit (le mien aussi) ce sont les islamistes, les int\u00e9gristes et, donc, ne soyons pas hypocrites, disons le franchement Ennahdha (je n\u2019\u00e9voque pas ici volontairement Hizb Ettahrir).<\/font> <font>Nous avons donc l\u00e0 notre coupable \u00e9vident dans l\u2019esprit de tous n\u2019est-ce pas? <\/font> <font>Pourtant, quand on y r\u00e9fl\u00e9chit \u00e0 deux fois, on peut avoir un doute et se demander si Ennahdha a int\u00e9r\u00eat, aujourd\u2019hui, que de tels agissements aient lieu. <\/font> <font>En effet, Ennahdha semble unanimement reconnu comme la force politique la plus organis\u00e9e et la plus populaire du moment, au point tel que tous les observateurs \u2013 m\u00eame parmi ses adversaires \u2013 reconnaissent qu\u2019il gagnerait les \u00e9lections si elles se d\u00e9roulaient aujourd\u2019hui. Pourquoi prendrait-il le risque de perdre le cr\u00e9dit de sympathie populaire qu\u2019il a en menant des actions limit\u00e9es quant \u00e0 leur effet et contreproductive en terme d\u2019image populaire? M\u00eame les musulmans, ouverts sur l\u2019autre, sur la culture\u2026 se d\u00e9tourneront vite d\u2019un tel parti si celui-ci avait une telle id\u00e9ologie. <\/font> <font>Sur un autre registre, Ennahdha essaie de gagner une l\u00e9gitimit\u00e9 internationale en soignant son image vis-\u00e0-vis des gouvernements \u00e9trangers. Attaquer un cin\u00e9ma, c&rsquo;est-\u00e0-dire attaquer la libert\u00e9 d\u2019expression, valeur essentielle aux yeux des Occidentaux et notamment des Am\u00e9ricains, facilite-t-il ce rapprochement qu\u2019Ennahdha souhaite ou le rend-t-il plus difficile? Ennahdha a-t-il int\u00e9r\u00eat \u00e0 encourager l\u2019attaque d\u2019un cin\u00e9ma, l\u2019assassinat d\u2019un pr\u00eatre chr\u00e9tien\u2026 au moment m\u00eame o\u00f9 il fait \u00abdes clins d\u2019\u0153il\u00bb aux Occidentaux? C\u2019est un non sens.<\/font> <font>On ne peut pas exclure qu\u2019Ennahdha ne ma\u00eetrise pas une partie de sa base voulant venger de 23 ans de tortures et de brimades, mais on doit reconna\u00eetre sans conteste qu\u2019Ennahdha n\u2019a aucun int\u00e9r\u00eat que de tels troubles lui soit attribu\u00e9s.<\/font><\/font><\/p>\n<p align=\"justify\"><font face=\"Arial\" size=\"2\">\u00abAttaques sous fausse banni\u00e8re\u00bb? <font>Alors qui peut bien \u00eatre \u00e0 l\u2019origine de ces d\u00e9passements qui sont toujours spectaculaires et orient\u00e9s, au sens o\u00f9, tr\u00e8s rapidement, ils ont un retentissement m\u00e9diatique fort pour que l\u2019on soup\u00e7onne des islamistes.<\/font> <font>Ce sont s\u00fbrement des ennemis d\u2019Ennahdha et encore plus certainement des ennemis de la d\u00e9mocratie, non pas parce qu\u2019ils veulent interdire le cin\u00e9ma mais parce qu\u2019ils veulent confisquer le pouvoir.<\/font> <font>Comment cela est il possible? Ici, il faut se rappeler une m\u00e9thode largement utilis\u00e9e qui est celle des \u00abattaques sous fausse banni\u00e8re\u00bb. Tous les services de renseignement et milices priv\u00e9es en raffolent (attention cela ne veut pas dire que les renseignements tunisiens sont derri\u00e8re ces actes. Ce peut \u00eatre des ex-Rcd \u2013 on sait que certains ont eu un entrainement militaire). <\/font> <font>L\u2019attaque sous fausse banni\u00e8re consiste en \u00abla prise de l\u2019aspect d\u2019un autre pour la r\u00e9alisation d\u2019un acte grave destin\u00e9 \u00e0 faire accuser l\u2019autre\u00bb. Quelques exemples simples et connus: <\/font> <font>En 1994, plusieurs attentats secouent la Russie faisant plus de 300 morts. Aucun Tch\u00e9tch\u00e8ne n\u2019est arr\u00eat\u00e9 m\u00eame si tous les m\u00e9dias soup\u00e7onnent les Tch\u00e9tch\u00e8nes. Un jour, pendant la vague d\u2019attentats, une police locale russe arr\u00eate un groupe de Russes en possession d\u2019une importante quantit\u00e9 d\u2019explosifs pr\u00eats \u00e0 l\u2019emploi. La presse locale diffuse l\u2019information et r\u00e9v\u00e8le que ces hommes sont en fait des militaires. Imm\u00e9diatement, le gouvernement russe tente d\u2019\u00e9touffer l\u2019affaire et s\u2019empresse de dire que ce sont des soldats qui r\u00e9alisent un exercice militaire (un exercice avec des explosifs pr\u00eats \u00e0 l\u2019emploi en pleine vague d\u2019attentats!?). En tous cas, c\u2019est cette vague d\u2019attentats qui permettra au gouvernement de commencer et de l\u00e9gitimer la seconde guerre de Tch\u00e9tch\u00e9nie. <\/font> <font>Un autre exemple connu de tous et toutes car c\u2019est l\u2019Abc des techniques de contre-manifestation dans toutes les \u00e9coles de police. Quand une manifestation est importante et qu\u2019on veut la \u00abcasser\u00bb, un groupe de policiers d\u00e9guis\u00e9s en manifestants violents se m\u00eale \u00e0 la foule et casse des vitrines ou agresse des manifestants. Cela oblige rapidement les autorit\u00e9s, \u00abpour le bien de tous\u00bb et pour emp\u00eacher des graves troubles \u00e0 l\u2019ordre public, \u00e0 stopper cette manifestation, \u00e0 interdire les autres manifestations et surtout \u00e0 reprendre la main s\u00e9curitaire.<\/font> <font>Il y a des dizaines d\u2019exemples av\u00e9r\u00e9s o\u00f9 des Etats ou des groupes n\u2019ont pas h\u00e9sit\u00e9 \u00e0 sacrifier une partie de leur population ou de leur patrimoine pour justifier l\u2019\u00e9limination d\u2019un groupe religieux ou politique adverse, stopper le d\u00e9veloppement d\u2019id\u00e9es, ou pour entrer en guerre contre un autre Etat. Exemples: l\u2019incendie du parlement allemand par Hitler pour instaurer l\u2019Etat d\u2019urgence et avoir tous les pouvoirs s\u00e9curitaires, certains assassinats et attentats en Alg\u00e9rie attribu\u00e9s aux \u00abislamistes\u00bb mais que certaines sources affirment qu\u2019ils ont \u00e9t\u00e9 perp\u00e9tr\u00e9s ou t\u00e9l\u00e9guid\u00e9s par les services secrets, le dernier attentat contre les coptes en Egypte, aujourd\u2019hui attribu\u00e9 \u00e0 l\u2019ancien patron des services secrets, et qui visait \u00e0 en faire accuser les Fr\u00e8res musulmans, etc. <\/font> <font>En Tunisie, cela commence \u00e0 faire beaucoup avec ces \u00abfaux islamistes\u00bb et on aimerait bien savoir qui est derri\u00e8re tout cela. On attend, par exemple, avec impatience, le r\u00e9sultat de l\u2019enqu\u00eate sur l\u2019attaque contre la salle Cin\u00e9mAfricArt (o\u00f9 \u00e9tait projet\u00e9 le film \u2018\u2018Ni Allah ni ma\u00eetre\u2019\u2019 de Nadia El Fani) surtout que des \u00abislamistes\u00bb ont \u00e9t\u00e9 arr\u00eat\u00e9s.<\/font><\/font><\/p>\n<p align=\"justify\"><font face=\"Arial\" size=\"2\">Dans quel but les actions ont-elles \u00e9t\u00e9 men\u00e9es? <font>La premi\u00e8re hypoth\u00e8se peut \u00eatre, comme dans le pass\u00e9, un pr\u00e9texte \u00e0 l\u2019\u00e9radication d\u2019Ennahdha. Hypoth\u00e8se qu\u2019il faut balayer imm\u00e9diatement car ce serait un quasi \u00e9chec en l\u2019\u00e9tat actuel des choses, sauf si les actes se multiplient et deviennent de plus en plus graves.<\/font> <font>La deuxi\u00e8me hypoth\u00e8se serait que l\u2019on souhaite \u00abretourner\u00bb l\u2019opinion publique tunisienne et surtout celle des intellectuels (journalistes, \u00e9crivains, avocats\u2026) jug\u00e9e sans doute trop favorable au courant islamiste. <\/font> <font>En effet, dans leur immense majorit\u00e9, les Tunisiens sont musulmans mais ils aiment la modernit\u00e9, la vie, le cin\u00e9ma\u2026 et se braqueront et seront effray\u00e9s par une tendance islamiste ferm\u00e9 d\u2019esprit qui serait trop rigoureuse dans son interpr\u00e9tation de l\u2019islam et \u00e0 laquelle on ferait \u00abporter le chapeau\u00bb d\u2019actes graves (violences, attentats\u2026).<\/font> <font>La troisi\u00e8me hypoth\u00e8se est que l\u2019on veut brouiller l\u2019image de respectabilit\u00e9 qu\u2019Ennahdha tente d\u2019acqu\u00e9rir sur le terrain international. Il n\u2019a \u00e9chapp\u00e9 \u00e0 personne que Ghannouchi et ses cadres sont redevenus fr\u00e9quentables par les diplomaties occidentales. Mais cela se fait doucement car ces pays occidentaux sont prudents et doivent pr\u00e9parer leur opinions publiques int\u00e9rieures \u00e0 cette nouvelle donne, les forces islamistes \u00e9tant montr\u00e9s jusqu\u2019il y a peu comme les forces du mal. D\u2019ailleurs, tout le monde notera que l\u2019annonce de la mort de Ben Laden, incarnation de l\u2019islamisme infr\u00e9quentable, permet \u00abce nouveau d\u00e9part avec le monde musulman\u00bb (dernier discours d\u2019Obama).<\/font> <font>Mais comment ces pays qui doivent convaincre leur opinions int\u00e9rieurs qu\u2019il y a des partis islamistes soft pourraient-ils avancer dans cette direction si les partis islamistes apparaissent comme liberticides comme quand on attaque un cin\u00e9ma (le symbole est extr\u00eamement fort !) ou que l\u2019on tue un pr\u00eatre chr\u00e9tien. <\/font> <font>Si ces actes se poursuivent, ce timide r\u00e9chauffement des relations serait vite stopp\u00e9 et la l\u00e9gitimit\u00e9 et reconnaissance d\u2019Ennahdha tomberait \u00e0 l\u2019eau.<\/font><\/font><\/p>\n<p align=\"justify\"><font face=\"Arial\" size=\"2\">L\u2019inqui\u00e9tude face \u00e0 la multiplication des \u00e9v\u00e8nements <font>Ce qui est surtout inqui\u00e9tant c\u2019est la succession des \u00e9v\u00e9nements qui, \u00e0 mon sens, vont aller en augmentant en intensit\u00e9 et en fr\u00e9quence, d\u2019o\u00f9 la phrase de Zied Daoulatli, membre du bureau politique d\u2019Ennahdha: \u00abD\u2019autres actes vont avoir lieu\u00bb. Ennahdha a donc bien compris qu\u2019il \u00e9tait en grand danger d\u2019o\u00f9 la deuxi\u00e8me et rapide sortie m\u00e9diatique de Rached Ghannouchi pour enfoncer le clou et bien se d\u00e9marquer de ces actes qu\u2019on essaie d\u2019attribuer \u00e0 son parti. Le danger est en effet proche!<\/font> <font>Si de tels \u00e9v\u00e9nements ne se produiraient pas, alors je me serais tromp\u00e9 sur toute la ligne. Mais si de tels \u00e9v\u00e9nements se produiraient, sauf \u00e0 conna\u00eetre l\u2019avenir, et je ne le connais pas, ma grille de lecture de ces actes faits \u00absous fausse banni\u00e8re\u00bb aura \u00e9t\u00e9 h\u00e9las juste; ce qui n\u2019augure rien de bon pour la Tunisie. Car, il faut bien comprendre que cette op\u00e9ration de d\u00e9stabilisation ne vise pas \u00e0 \u00abtuer politiquement\u00bb seulement Ennahdha. Il ne faut pas \u00eatre dupe. Tous les autres partis plus petits ou les \u00e9l\u00e9ments de pouvoir de la soci\u00e9t\u00e9 civile (presse, justice\u2026) se verront un \u00e0 un confisquer le droit \u00e0 la parole. Tout cela a d\u00e9j\u00e0 eu lieu dans un pass\u00e9 r\u00e9cent. Toutes les libert\u00e9s ont \u00e9t\u00e9 bloqu\u00e9es sous pr\u00e9texte de la menace terroriste islamiste.<\/font><\/font><\/p>\n<p align=\"justify\"><font face=\"Arial\" size=\"2\">Le rem\u00e8de \u00e0 appliquer urgemment <font>Comment contrecarrer ces actes. Je l\u2019ai d\u00e9j\u00e0 \u00e9crit. Il faut imp\u00e9rativement surprendre ces adversaires invisibles: les anciens amis de Ben Ali, proches (sauf Khadafi qui n\u2019a pas eu le temps d\u2019appliquer son plan) ou plus \u00e9loign\u00e9s, hostiles \u00e0 la d\u00e9mocratie en Tunisie), qui jouent sur la division actuelle des partis, surtout que ces derniers pensent plus \u00e0 gagner une hypoth\u00e9tique \u00e9lection qui, si rien n\u2019est fait, n\u2019aura pas lieu. <\/font> <font>Il faut que les principaux partis politiques se regroupent imm\u00e9diatement en cr\u00e9ant un comit\u00e9 populaire constitu\u00e9 des repr\u00e9sentants des partis honn\u00eates (Marzouki, Ben Jaafar, Hammami, Ghannouchi). <\/font> <font>Ce comit\u00e9 doit s\u2019assurer le soutien de la composante s\u00e9curitaire qui veut le changement vers la d\u00e9mocratie. Il y a, en effet, un groupe de policiers qui veulent rompre avec le pass\u00e9 de mani\u00e8re radicale. <\/font> <font>Je sais que cette union pr\u00e9coce entre partis est difficile et j\u2019en ai d\u00e9j\u00e0 discut\u00e9 avec certains cadres des partis cit\u00e9s, mais le risque est grand de tout perdre pour tout le monde.<\/font> <font>Le deuxi\u00e8me point concerne Ennahdha qui doit contr\u00f4ler sa base. Mais surtout, et plus que tout, communiquer imm\u00e9diatement et r\u00e9guli\u00e8rement sur son positionnement (sur les droits de l\u2019homme, la libert\u00e9 d\u2019expression, l\u2019\u00e9conomie priv\u00e9\u2026) et ce de mani\u00e8re proactive et anticip\u00e9e, en n\u2019attendant pas de le faire de mani\u00e8re r\u00e9active pour se justifier d\u2019actes qu\u2019on veut lui attribuer. Surtout, il doit engager une campagne d\u2019information sur cette menace qu\u2019il a bien cern\u00e9e d\u00e8s \u00e0 pr\u00e9sent afin que les opinions ne soient pas ensuite retourn\u00e9es s\u2019il y avait des actes (et j\u2019esp\u00e8re qu\u2019ils n\u2019auront pas lieu).<\/font> <font>La troisi\u00e8me chose, qui est la plus importante, est de se pr\u00e9parer, h\u00e9las, \u00e0 d\u2019autres actes de ce type qu\u2019il faudra avoir la force et le courage politique de ne pas attribuer syst\u00e9matiquement au coupable d\u00e9sign\u00e9, \u00e0 savoir les islamistes. <\/font> <font>Si la soci\u00e9t\u00e9 ne se divise pas et si les partis politiques sortent de leur campagne politique, les \u00e9l\u00e9ments perturbateurs seront combattus facilement et le pouvoir restera entre les mains du peuple. <\/font> <font>Si ces op\u00e9rations encore une fois divisent les Tunisiens et que les partis politiques ne font pas une pause en comprenant qu\u2019il y un danger imminent auquel il faut faire face, il y aura un retour en arri\u00e8re extr\u00eamement brutal pour toute la soci\u00e9t\u00e9 tunisienne.<\/font><\/font><\/p>\n<h6 align=\"justify\" class=\"ecxrtl_font_weight_normal\" style=\"color: blue;\"><font face=\"Arial\" size=\"2\">Source: \u00ab\u00a0Kapitalis\u00a0\u00bb Le 02-07-2011<\/font><\/h6>\n<p align=\"justify\"><font><font face=\"Arial\" size=\"2\">Lien: <\/font><a href=\"http:\/\/www.kapitalis.com\/afkar\/68-tribune\/4671-a-qui-profitera-la-diabolisation-des-islamistes-en-tunisie.html\" target=\"_blank\" rel=\"noopener\"><font face=\"Arial\" size=\"2\">http:\/\/www.kapitalis.com\/afkar\/68-tribune\/4671-a-qui-profitera-la-diabolisation-des-islamistes-en-tunisie.html<\/font><\/a><\/font><\/p>\n<p><font face=\"Arial\"><\/p>\n<hr\/>\n<p><\/font><\/p>\n<h6 align=\"center\" class=\"ecxtitre\" style=\"color: blue;\"><font face=\"Arial\" size=\"2\"><\/p>\n<h6 style=\"color: blue;\"><font size=\"3\">Paysage politique tunisien: On prend les m\u00eames et on recommence<\/font><\/h6>\n<p> <\/font><\/h6>\n<hr\/>\n<div align=\"justify\">\u00a0<\/div>\n<p align=\"justify\"><font face=\"Arial\" size=\"2\">C\u2019est \u00e0 un remake des disputes des ann\u00e9es 70 et 80 au sein de l\u2019universit\u00e9 tunisienne que nous assistons, peut-\u00eatre, aujourd\u2019hui. Le paysage politique, ou du moins une partie de ce dernier, est compos\u00e9 des m\u00eames acteurs qui avancent souvent avec les m\u00eames dogmes.<\/font><\/p>\n<li><font face=\"Arial\" size=\"2\"><font>L\u2019histoire est un \u00e9ternel recommencement. Cette expression qui souligne que \u00able devenir des soci\u00e9t\u00e9s humaines d\u00e9signe un retour perp\u00e9tuel des m\u00eames \u00e9v\u00e9nements ou des m\u00eames probl\u00e8mes\u00bb s\u2019applique-t-elle \u00e0 la r\u00e9alit\u00e9 de la Tunisie d\u2019aujourd\u2019hui?<\/font> <font>Le spectacle qu\u2019offre le paysage politique tunisien, ou du moins une partie de ce dernier, permet de croire \u00e0 un remake des ann\u00e9es 70 et 80 lorsque les m\u00eames acteurs se querellaient au sein de l\u2019universit\u00e9 tunisienne.<\/font> <font>Comme autrefois, ces mouvements et leurs leaders tiennent aux id\u00e9es et dogmes d\u2019antan et font valoir que chacun a raison. C\u2019est le spectacle qu\u2019offre aujourd\u2019hui, aux yeux de beaucoup d\u2019observateurs, la <\/font><\/font><a href=\"http:\/\/management\/article-106835-tunisie-c-est-plus-une-transition-vers-la-democratie-q-une-transition-democratique-explique-yadh-ben-achour\" target=\"_blank\" rel=\"noopener\"><font face=\"Arial\" size=\"2\">Haute instance pour la r\u00e9alisation des objectifs de la r\u00e9volution<\/font><\/a><font face=\"Arial\" size=\"2\">, de la r\u00e9forme politique et de la <\/font><a href=\"http:\/\/management\/article-105173-tunisie-asectu-sans-transition-economique-la-transition-democratique-pourrait-tourner-court\" target=\"_blank\" rel=\"noopener\"><font face=\"Arial\" size=\"2\">transition d\u00e9mocratique.<\/font><\/a> <font face=\"Arial\" size=\"2\">Prisonniers des m\u00eames mod\u00e8les th\u00e9oriques d\u2019antan.<\/font><\/li>\n<li><font face=\"Arial\" size=\"2\"><font>Ils continuent \u00e0 se chamailler sur des questions qui, si elles semblent \u00eatre d\u2019ordre proc\u00e9dural, montrent bien que chacun d\u00e9fend bec et ongles un mod\u00e8le de soci\u00e9t\u00e9 et qu\u2019il ne veut nullement l\u00e2cher du lest. <\/font> <font>Certes c\u2019est de bonne guerre, chacun ne peut qu\u2019avancer avec un mod\u00e8le de soci\u00e9t\u00e9 dans la t\u00eate et un programme de soci\u00e9t\u00e9. Mais le probl\u00e8me est ailleurs: nombre d\u2019acteurs politiques ne semblent pas avoir m\u00fbri.<\/font> <font>Quelqu\u2019un a dit, \u00e0 ce juste propos, qu\u2019\u00abils ne semblent pas \u00eatre descendus de la roche de Socrate\u00bb, du nom d\u2019une roche sur laquelle se tenaient les tribuns des diff\u00e9rents mouvements en pr\u00e9sence \u00e0 l\u2019Universit\u00e9 (au Campus universitaire) pour haranguer la foule des \u00e9tudiants le jour des AG (Assembl\u00e9es G\u00e9n\u00e9rales).<\/font> <font>Pour de nombreux analystes, beaucoup n\u2019ont pas, malgr\u00e9 les apparences, non seulement pas m\u00fbri, mais n\u2019ont pas remis en cause leurs id\u00e9es sur tel ou tel aspect de la vie soci\u00e9tale. En clair: ils sont rest\u00e9s prisonniers des mod\u00e8les id\u00e9ologiques th\u00e9oriques qu\u2019ils ont adopt\u00e9s \u00e0 15 ou 20 ans.<\/font> <font>Ceux qui les fr\u00e9quentent affirment que leur langage n\u2019a pas chang\u00e9 d\u2019un iota, ressassant en permanence un discours largement d\u00e9pass\u00e9 par le temps.<\/font> <font>Comment croire autrement le z\u00e8le avec lequel continuent \u00e0 d\u00e9fendre certains les id\u00e9aux marxistes en affirmant, haut et fort, que c\u2019est L\u00e9nine qui a perverti le marxisme qui tient, pour ainsi dire, encore la route? Et que, donc, le salut est dans un retour \u00e0 un marxisme originel.<\/font> <font>On a beau, \u00e0 ce propos, leur dire que le marxisme n\u2019a r\u00e9ussi nulle part et qu\u2019il a \u00e9touff\u00e9 les libert\u00e9s, qu\u2019il est impossible d\u2019imposer \u00abla dictature du prol\u00e9tariat\u00bb, que les dogmes du communisme n\u2019ont jamais permis de cr\u00e9er une \u00e9conomie saine et performante, ils ne l\u2019entendent jamais de cette oreille.<\/font> <font>Certains responsables de partis ou mouvements politiques de gauche, pour ne citer que ces derniers, n\u2019auraient d\u2019autre mod\u00e8le \u00e9conomique capitaliste dans la t\u00eate, qu\u2019ils combattent du reste, et auquel ils font constamment r\u00e9f\u00e9rence, que celui de la division scientifique du travail invent\u00e9e par Taylor \u00e0 la fin du XIX\u00e8me si\u00e8cle.<\/font> <font>Alors que bien des eaux ont coul\u00e9 sous le pont du capitalisme. Dont celles qui ont coul\u00e9 sous les ponts d\u2019un capitalisme financier ravageur avec ses monuments que sont le Fonds mon\u00e9taire international et autres Banque mondiale lesquels imposent leurs lois \u00e0 tous, y compris \u00e0 eux-m\u00eames s\u2019ils arrivent un jour au pouvoir.<\/font> <font>Un \u00e9go gros comme \u00e7a!<\/font> <font>Il s\u2019agit de l\u2019art, mais il y a aussi la mani\u00e8re: ceux qui s\u2019opposent aujourd\u2019hui disent en public qu\u2019ils sont d\u00e9mocrates et qu\u2019ils agissent dans le respect mutuel. Mais il suffit de gratter, en priv\u00e9, le vernis pour se rendre compte que ce n\u2019est pas toujours le cas. Chacun a bien des reproches \u00e0 faire aux autres. Avec pour r\u00e8gle de conduite de toujours croire, avec un \u00e9go gros comme \u00e7a, que l\u2019on est le seul \u00e0 sortir de la cuisse de Jupiter.<\/font> <font>Force est, toutefois, de remarquer que la politique engag\u00e9e depuis l\u2019ind\u00e9pendance du pays est pour beaucoup responsable de cet \u00e9tat de fait qui s\u2019exprime par une absence de prise sur le r\u00e9el.<\/font> <font>Les militants de gauche comme de droite ont \u00e9t\u00e9 non seulement pourchass\u00e9s, emprisonn\u00e9s et tortur\u00e9s, mais ils ont \u00e9t\u00e9 \u00e9loign\u00e9s de toutes les sph\u00e8res de la vie publique.<\/font> <font>Leur droit au d\u00e9bat et \u00e0 la participation \u00e0 la gestion de la chose publique leur a \u00e9t\u00e9 carr\u00e9ment vol\u00e9. Rien d\u2019\u00e9tonnant, dans ces conditions, que chez certains d\u2019entre eux soit n\u00e9e une frustration l\u00e9gitime qui s\u2019exprime quelquefois par une col\u00e8re d\u00e9mesur\u00e9e et une quasi soif de revanche. Rien d\u2019\u00e9tonnant aussi que les crimes perp\u00e9tr\u00e9s contre eux les aient pouss\u00e9s plus que jamais \u00e0 ne plus n\u00e9gocier la moindre rupture avec les mod\u00e8les auxquels ils croient<\/font><\/font><\/li>\n<li><font face=\"Arial\" size=\"2\">Source: \u00ab\u00a0wmc\u00a0\u00bb Le 02-07-2011<\/font><\/li>\n<li>\n<div align=\"justify\"><font><font face=\"Arial\" size=\"2\">Lien: <\/font><a href=\"http:\/\/www.webmanagercenter.com\/management\/article-107582-paysage-politique-tunisien-on-prend-les-memes-et-on-recommence\" target=\"_blank\" rel=\"noopener\"><font face=\"Arial\" size=\"2\">http:\/\/www.webmanagercenter.com\/management\/article-107582-paysage-politique-tunisien-on-prend-les-memes-et-on-recommence<\/font><\/a><\/font> \u00a0<\/div>\n<p><font face=\"Arial\" size=\"2\"><\/p>\n<hr\/>\n<p><\/font><\/p>\n<p><font><font face=\"Arial\"><\/font><\/p>\n<h6 align=\"center\" class=\"ecxarticle_page_h1_margin\" style=\"color: blue;\">\n<h6 style=\"color: blue;\"><font face=\"Arial\" size=\"3\">Arab Spring may be good for Israel after all<\/font><\/h6>\n<\/h6>\n<hr\/>\n<p align=\"justify\"><font face=\"Arial\" size=\"2\"><u>By <\/u><\/font><a href=\"http:\/\/www.haaretz.com\/misc\/writers\/amos-harel-1.285\" target=\"_blank\" rel=\"noopener\"><font face=\"Arial\" size=\"2\">Amos Harel<\/font><\/a><\/p>\n<p align=\"justify\"><font face=\"Arial\" size=\"2\"><font>Even Arab analysts who witnessed the changes in the region up close recognize that forecasting the future is futile. But that doesn&rsquo;t mean they don&rsquo;t see recent events as a cause for elation.<\/font><\/font><\/p>\n<div align=\"justify\"><font face=\"Arial\" size=\"2\"><font>It&rsquo;s been six months since the riots erupted in Tunisia &#8211; the start of the Arab Spring. The West&rsquo;s reaction to Tunisia&rsquo;s revolt, and then Egypt&rsquo;s, began with great enthusiasm for the struggle for freedom and human rights. In recent weeks, the rejoicing has given way to anxiety &#8211; about the danger of violent civil wars breaking out beyond those in Libya and Syria, and possible takeovers by Islamic movements and a terrible economic crisis if the temporary governments have difficulty feeding millions of hungry mouths. <\/font> <font>In Israel, Prime Minister Benjamin Netanyahu has warned about the rise of an Iranian-type regime in neighboring Egypt. Ministers, experts and intelligence people have competed in putting out bleak forecasts. The tendency to identify danger where others see opportunity has been depicted in the West as typical Israeli shortsightedness. <\/font> <font>Suddenly, in Israel too, people are noticing that the developments might turn out to be beneficial, as Aluf Benn described in these pages a week ago: a weakening of the radical-Shi&rsquo;ite axis if the Syrian regime is overthrown, Turkey distancing itself from Iran and Syria, and a continuation of Israel&rsquo;s decent relations with Egypt. <\/font> <font>Most Israelis get the news on the Arab world as it is mediated by our Arab-affairs commentators, along with anonymous security sources or retired generals. In Europe and the United States, unofficial conferences continue to take place among academic experts, diplomats, former security people and journalists from the Arab world, the West and sometimes Israel as well, as part of what is called the \u00ab\u00a0track two\u00a0\u00bb channel of discussion. <\/font> <font>Two such conferences, close to seven months apart, provided an interesting perspective on the Arab Spring &#8211; one a moment before it began and one at a critical juncture. At both conferences, many Arab experts displayed impressive analytical abilities. In retrospect, it&rsquo;s interesting that at the beginning of December, less than a month before the outbreak of Tunisia&rsquo;s riots, no experts predicted what was about to happen. <\/font> <font>To the Israeli participants in the earlier round, it was clear the Israeli-Palestinian conflict was low on the Arab world&rsquo;s list of priorities. Every speaker paid lip service to the Palestinians&rsquo; suffering and the need to end the occupation. They then went immediately on to talk about at least 10 more pressing issues. The reality they sketched, sometimes cautiously and sometimes only by implication &#8211; tremendous population growth, unemployment, corrupt and aging regimes, a sense of a dead end and a lack of rights &#8211; was the fuel for the revolution&rsquo;s fire. None of them, though, even mentioned revolution as a possibility. <\/font> <font>At the conference last month, there were obviously many more examples of free expression, independent opinions and even emotions. Many of the speakers still sounded dizzy from the events, some of which they had witnessed up close. Most took care to stress that their predictions were only provisional and that future trends were only beginning to take shape. Under the rules of the game at conferences like this, it is permissible to cite comments but not attribute them. (Some speakers, for example, prefer not to make public that they have taken part in a conference with Israelis ). <\/font> <font>A panel of speakers from Iran, Turkey and Israel encountered angry reactions from the audience. An Arab academic scolded the speakers: \u00ab\u00a0I would fail all of you in my course.\u00a0\u00bb According to him, all the non-Arab regional players are deficient in that they refuse to rise above minor reservations and see the overall picture. Israel, he said excitedly, must understand that times have changed. It no longer is dealing with 22 Arab regimes, but rather with 320 million Arabs, who for the first time can be defined as citizens. If Israel wants to survive, it has to know how to talk to them, he said. <\/font> <font>Most speakers were optimistic in their descriptions of the developments in North Africa, with the exception of Libya. Tunisia and Egypt have replaced their corrupt regimes while Morocco is cautiously choosing a path of reform. In Egypt, even partial success toward democracy would have a positive influence on the entire Arab world. <\/font> <font>The crucial date there is September, when parliamentary elections are due. The experts say the army will take advantage of the presidential elections to be held within six months of September to balance the political situation created by the parliamentary vote. At the moment, the army&rsquo;s status as the guardian of the Egyptian people has still not been undermined (despite this week&rsquo;s demonstration ). The Muslim Brotherhood&rsquo;s influence is estimated at 30 percent to 50 percent of voters. Understandings are possible between the generals and the Muslim Brotherhood on how to divide power. Cairo&rsquo;s policy on Israel will change, but Egypt will remain committed to the peace agreement regardless of who forms the government. <\/font> <font>In Tunisia, 84 parties have been registered, of which Islamic movements are expected to be the coalition&rsquo;s linchpin. Some commentators predict they will take in 30 percent of the vote. These movements are perceived as less corrupt, something that will play to their benefit. <\/font> <font>At the moment, the Arab world is not protesting strenuously against NATO&rsquo;s air attacks on Libya. But if the bombing continues into the month of Ramadan, which begins in August this year, the reaction could change. In any case, most people in the Arab world will oppose expansion of the NATO operation to other countries, despite Syrian President Bashar Assad&rsquo;s slaughter of his opponents. <\/font> <font>The prevailing assumption among Arab experts is similar to that of their Israeli colleagues: Assad&rsquo;s days are numbered. In the corridors, these analysts ridicule the president. \u00ab\u00a0Oppression is okay,\u00a0\u00bb one said. \u00ab\u00a0Everyone here in this region knows how to be aggressive when necessary, but why so foolishly? Why scatter baseless promises for reforms? And who&rsquo;s the idiot who decided to abuse and murder teenagers under arrest?\u00a0\u00bb <\/font> <font>As they see it, the demonstrators in Syria have crossed the threshold of fear. The most reasonable scenario is that the country&rsquo;s conflict will worsen, spreading to the major cities and leading to the regime&rsquo;s fall. <\/font> <font>At the moment, Saudi Arabia is still supporting Assad, with reservations, or at least it&rsquo;s not coming out against him. It doesn&rsquo;t want the Arab revolutions to spread to the Asian side of the Middle East. Turkey, meanwhile, is emerging as a key player, and it could determine the fate of the Alawite regime. <\/font> <font>Lebanon is following the situation in Syria with great concern. If the Assad regime falls, Hezbollah will immediately come out with a show of force in Beirut. The Arabs don&rsquo;t believe that Assad will now stoke a conflict with Israel; Hezbollah too will be wary of this. <\/font> <font>In an optimistic scenario, if a Sunni regime comes to power in Damascus, it might want to reach a peace deal with Israel. This wouldn&rsquo;t stem from a love of Zionism &#8211; it would highlight the return of the Golan after the Assad family lost it and never got it back. (Bashar&rsquo;s father, Hafez Assad, was defense minister in 1967. ) <\/font> <font>Iran is being depicted as a beneficiary of events in the short run, but the Islamic Republic is beginning to fear that the wave might turn against it as well. At first, it was regimes that were hostile to it that found themselves in trouble, from Egypt to Saudi Arabia and Bahrain, and this let it carry out its subversions unimpeded and advance its nuclear project. But actually, the revolutionary wave can be said to have begun during Iran&rsquo;s failed Green Revolution after the June 2009 elections. Ultimately, the wave could return to Tehran under the influence of the Arab Spring. <\/font> <font>Many speakers said that despite the grave economic situation, the main catalyst that set off the revolts against the Arab regimes was not poverty but a struggle for political rights. Egypt is not a poor country but a nation that has been looted by its rulers, one researcher said. One of her colleagues said the regimes did not fall &#8211; the people toppled them. <\/font> <font>An enthusiastic professor from the Persian Gulf added: \u00ab\u00a0At least 100 million people in this region are freer now. This is what&rsquo;s really important. For the first time, the Arabs are on the right side of history and they are controlling events. These people&rsquo;s positive energy will bring a change to the region, and it&rsquo;s important that the West support the forces of change.\u00a0\u00bb <\/font> <font>As at previous conferences, many Arab speakers didn&rsquo;t hesitate to laugh at themselves. When a professor moderating a panel interrupted a senior diplomat who had gone over the allotted time, he explained that henceforth \u00ab\u00a0the rule of law applies to us, too.\u00a0\u00bb The diplomat accepted the judgment. \u00ab\u00a0We&rsquo;re not used this, but maybe this is the spirit of the times,\u00a0\u00bb he said. <\/font> <font>&lsquo;Prediction is very difficult&rsquo; <\/font> <font>Former Military Intelligence chief Amos Yadlin lectured in Tel Aviv this week at the Council for Peace and Security. Israel, said Yadlin, looks at the moment like a country whose affairs are in order, \u00ab\u00a0except for the matter of the cottage cheese.\u00a0\u00bb This has been the quietest period on the borders since the years after the 1956 Sinai Campaign. But it&rsquo;s still hard to measure the effect of the changes in the region, which are liable to lead to chaos in neighboring countries. <\/font> <font>In this context, Yadlin noted the stalled diplomatic track with the Palestinians. He said he had met someone who told him Military Intelligence doesn&rsquo;t know how to evaluate regimes&rsquo; stability because intelligence researchers don&rsquo;t devote any time to reading Arabic poetry. Yadlin accepted the criticism but asked the man if he could help him predict, based on Arabic poetry, when the Saudi regime will fall, something analysts have been predicting since 1982. <\/font> <font>The former head of Military Intelligence says a democratic environment will ultimately provide a better strategic environment for Israel. \u00ab\u00a0The values the demonstrators in Tahrir Square talked about are also our values,\u00a0\u00bb he said. \u00ab\u00a0But this isn&rsquo;t going to happen tomorrow. In Europe, too, democracy didn&rsquo;t arise in a single day.\u00a0\u00bb <\/font> <font>A moment before the next Gaza aid flotilla sets out, and in the context of the dramatic regional developments, Yadlin opened his remarks with a quote from Danish physicist Niels Bohr: \u00ab\u00a0Prediction is very difficult, especially about the future.\u00a0\u00bb <\/font> \u00a0<\/font><\/div>\n<p><\/font><\/p>\n<\/li>\n<p><\/span><\/font><\/p>\n<div align=\"justify\"><font face=\"Arial\" size=\"2\"><strong>Source: \u00ab\u00a0Haaretz\u00a0\u00bb Le 01-07-2011<\/strong><\/font><\/div>\n<div align=\"justify\"><font face=\"Arial\" size=\"2\">Lien: http:\/\/www.haaretz.com\/weekend\/week-s-end\/arab-spring-may-be-good-for-israel-after-all-1.370685<\/font><\/div>\n<\/div>\n<\/div>\n<\/div>\n<p><\/font><\/p>\n<\/div>\n<\/div>\n<\/div>\n<\/div>\n<\/div>\n<\/div>\n<\/div>\n<\/div>\n<\/div>\n<\/div>\n<\/div>\n<p><\/font><\/p>\n<\/div>\n<\/div>\n<\/div>\n<\/div>\n<\/div>\n<\/div>\n<\/div>\n<\/div>\n<\/div>\n<\/div>\n<\/div>\n<\/div>\n<\/div>\n<p><\/body><\/body><\/html><\/p>","protected":false},"excerpt":{"rendered":"<p>Home &#8211; Accueil \u0641\u064a \u0643\u0644 \u064a\u0648\u0645\u060c \u0646\u0633\u0627\u0647\u0645 \u0628\u062c\u0647\u062f\u0646\u0627 \u0641\u064a \u062a\u0642\u062f\u064a\u0645 \u0625\u0639\u0644\u0627\u0645 \u0623\u0641\u0636\u0644 \u0648\u0623\u0631\u0642\u0649 \u0639\u0646 \u0628\u0644\u062f\u0646\u0627\u060c \u062a\u0648\u0646\u0633 Un effort quotidien pour une information de qualit\u00e9 sur notre pays, la Tunisie. Everyday, we contribute to a better information about our country, Tunisia TUNISNEWS 11 \u00e8me ann\u00e9e, N\u00b04057 du 02.07.2011 archives : www.tunisnews.net \u00a0 Reuters: Tunis outsider joins [&hellip;]<\/p>\n","protected":false},"author":1,"featured_media":22040,"comment_status":"open","ping_status":"open","sticky":false,"template":"","format":"standard","meta":{"inline_featured_image":false,"site-sidebar-layout":"default","site-content-layout":"","ast-site-content-layout":"default","site-content-style":"default","site-sidebar-style":"default","ast-global-header-display":"","ast-banner-title-visibility":"","ast-main-header-display":"","ast-hfb-above-header-display":"","ast-hfb-below-header-display":"","ast-hfb-mobile-header-display":"","site-post-title":"","ast-breadcrumbs-content":"","ast-featured-img":"","footer-sml-layout":"","ast-disable-related-posts":"","theme-transparent-header-meta":"","adv-header-id-meta":"","stick-header-meta":"","header-above-stick-meta":"","header-main-stick-meta":"","header-below-stick-meta":"","astra-migrate-meta-layouts":"default","ast-page-background-enabled":"default","ast-page-background-meta":{"desktop":{"background-color":"","background-image":"","background-repeat":"repeat","background-position":"center center","background-size":"auto","background-attachment":"scroll","background-type":"","background-media":"","overlay-type":"","overlay-color":"","overlay-opacity":"","overlay-gradient":""},"tablet":{"background-color":"","background-image":"","background-repeat":"repeat","background-position":"center center","background-size":"auto","background-attachment":"scroll","background-type":"","background-media":"","overlay-type":"","overlay-color":"","overlay-opacity":"","overlay-gradient":""},"mobile":{"background-color":"","background-image":"","background-repeat":"repeat","background-position":"center center","background-size":"auto","background-attachment":"scroll","background-type":"","background-media":"","overlay-type":"","overlay-color":"","overlay-opacity":"","overlay-gradient":""}},"ast-content-background-meta":{"desktop":{"background-color":"var(--ast-global-color-5)","background-image":"","background-repeat":"repeat","background-position":"center center","background-size":"auto","background-attachment":"scroll","background-type":"","background-media":"","overlay-type":"","overlay-color":"","overlay-opacity":"","overlay-gradient":""},"tablet":{"background-color":"var(--ast-global-color-5)","background-image":"","background-repeat":"repeat","background-position":"center center","background-size":"auto","background-attachment":"scroll","background-type":"","background-media":"","overlay-type":"","overlay-color":"","overlay-opacity":"","overlay-gradient":""},"mobile":{"background-color":"var(--ast-global-color-5)","background-image":"","background-repeat":"repeat","background-position":"center center","background-size":"auto","background-attachment":"scroll","background-type":"","background-media":"","overlay-type":"","overlay-color":"","overlay-opacity":"","overlay-gradient":""}},"footnotes":""},"categories":[],"tags":[59,42,29],"class_list":["post-17930","post","type-post","status-publish","format-standard","has-post-thumbnail","hentry","tag-59","tag-42","tag-fr"],"_links":{"self":[{"href":"https:\/\/tunisnews.net\/ar\/wp-json\/wp\/v2\/posts\/17930","targetHints":{"allow":["GET"]}}],"collection":[{"href":"https:\/\/tunisnews.net\/ar\/wp-json\/wp\/v2\/posts"}],"about":[{"href":"https:\/\/tunisnews.net\/ar\/wp-json\/wp\/v2\/types\/post"}],"author":[{"embeddable":true,"href":"https:\/\/tunisnews.net\/ar\/wp-json\/wp\/v2\/users\/1"}],"replies":[{"embeddable":true,"href":"https:\/\/tunisnews.net\/ar\/wp-json\/wp\/v2\/comments?post=17930"}],"version-history":[{"count":0,"href":"https:\/\/tunisnews.net\/ar\/wp-json\/wp\/v2\/posts\/17930\/revisions"}],"wp:featuredmedia":[{"embeddable":true,"href":"https:\/\/tunisnews.net\/ar\/wp-json\/wp\/v2\/media\/22040"}],"wp:attachment":[{"href":"https:\/\/tunisnews.net\/ar\/wp-json\/wp\/v2\/media?parent=17930"}],"wp:term":[{"taxonomy":"category","embeddable":true,"href":"https:\/\/tunisnews.net\/ar\/wp-json\/wp\/v2\/categories?post=17930"},{"taxonomy":"post_tag","embeddable":true,"href":"https:\/\/tunisnews.net\/ar\/wp-json\/wp\/v2\/tags?post=17930"}],"curies":[{"name":"wp","href":"https:\/\/api.w.org\/{rel}","templated":true}]}}