{"id":17927,"date":"2006-07-29T00:00:00","date_gmt":"2006-07-29T00:00:00","guid":{"rendered":"https:\/\/tunisnews.net\/29-juillet-2006\/"},"modified":"2006-07-29T00:00:00","modified_gmt":"2006-07-29T00:00:00","slug":"29-juillet-2006","status":"publish","type":"post","link":"https:\/\/tunisnews.net\/ar\/29-juillet-2006\/","title":{"rendered":"29 juillet 2006"},"content":{"rendered":"<p><html><head><meta content=\"text\/html\" description=\"    \u00a0\u00a0\u00a0\u00a0\u00a0\u00a0\u00a0\u00a0\u00a0\u00a0\u00a0 Je vous adresse cette demande en urgence, car il y a un risque     imminent qu\u2019une injustice soit en passe d\u2019\u00eatre commise \u00e0 l\u2019encontre de M.     Adel Tebourski, comme elle l\u2019a \u00e9t\u00e9 il y a pr\u00e8s de deux ans et deux mois (exactement     le 18 mai 2004) contre mon \u00e9poux Tarek Belkhirat quand il a \u00e9t\u00e9 encha\u00een\u00e9 et     embarqu\u00e9 dans un avion \u00e0 destination de Tunis.\" http-equiv=\"Content-Type\"\/><\/head><body><body style=\"text-align: justify\"><\/p>\n<p align=\"center\"><b><a href=\"\/ar\/25juin06a.htm\/\"><span>Home<\/span><span lang=\"FR-CH\"> &#8211; Accueil <\/span><span>&#8211; <\/span><span dir=\"rtl\" lang=\"AR-SA\">\u0627\u0644\u0631\u0626\u064a\u0633\u064a\u0629<\/span><\/a><\/b><\/p>\n<div> <font face=\"Arial\" size=\"2\"> <\/p>\n<div>\n<div>\n<div>\n<table border=\"1\" width=\"100%\">\n<tr>\n<td bgcolor=\"#efefef\" width=\"100%\"> <span lang=\"AR-SA\"> <\/p>\n<div align=\"left\">  <\/div>\n<div> <span lang=\"FR\"> <\/p>\n<div align=\"center\" dir=\"ltr\"> <font size=\"2\"><font face=\"Arial\"> <span lang=\"SV\"> <strong>TUNISNEWS<\/strong><\/span> <\/font><\/font> <\/div>\n<div align=\"center\" dir=\"ltr\"> <strong><font size=\"2\"><font face=\"Arial\">                7\u00a0\u00e8me\u00a0ann\u00e9e, <span lang=\"FR\">N\u00b0\u00a02259 du 29.07.2006<\/span><\/font><\/font><\/strong><\/div>\n<div align=\"center\" dir=\"ltr\"> <strong> <\/p>\n<div align=\"center\"> <b><span><blink> <font face=\"Arial\" size=\"2\">\u00a0archives : <\/font> <a href=\"https:\/\/tunisnews.net\/ar\/\" target=\"_blank\" rel=\"noopener\"> <font face=\"Arial\" size=\"2\" target=\"_blank\">                  www.tunisnews.net<\/font><\/a><\/blink><\/span><\/b><font face=\"Arial\" size=\"2\"> <\/font> <\/div>\n<p> <\/strong><\/div>\n<p> <\/span><\/div>\n<div align=\"left\" dir=\"ltr\"> <font face=\"Arial\" size=\"2\"> <\/p>\n<hr noshade=\"\" size=\"8\"\/><\/font> <\/div>\n<div align=\"left\" dir=\"ltr\"> <font face=\"Arial\"> <\/p>\n<div>\n<p> <span lang=\"FR\"> <strong><\/p>\n<h2 style=\"color: red;\"><font>Affaire Adel Trabelsi\u00a0&#8211; Mme                 Belkhirat lance un appel au Pr\u00e9sident\u00a0 Chirac<\/font><\/h2>\n<p><\/strong><\/span><\/p>\n<p> <span lang=\"FR\"> <strong><font>AFP: Examen d&rsquo;un deuxi\u00e8me r\u00e9f\u00e9r\u00e9                 contre l&rsquo;expulsion d&rsquo;Adel Tebourski<\/font><\/strong><\/span><\/p>\n<p> <span lang=\"FR\"> <strong><\/p>\n<h2 style=\"color: red;\"><font>AFP: Affaire Tebourski: le Comit\u00e9                 contre la torture de l&rsquo;ONU interpelle la France<\/font><\/h2>\n<p> <font>AP: 17 disparus dans un naufrage d\u2019une                 embarcation de clandestins au large de la Tunisie<\/font><\/strong><\/span><\/p>\n<p> <span lang=\"FR\"> <strong><\/p>\n<p><font>AFP: Examen d&rsquo;un deuxi\u00e8me r\u00e9f\u00e9r\u00e9                 contre l&rsquo;expulsion d&rsquo;Adel Tebourski                 <font>Webmanagercenter: Augmentation du SMIG, du                 SMAG et des pensions de retraite<\/font>                 Webmanagercenter: Un pr\u00eat de 142,8 millions de dollars pour la                 Tunisie<\/font><\/p>\n<p><\/strong><\/span><\/p>\n<p> <span lang=\"FR\"> <strong><\/p>\n<p><font><font>                Webmanagercenter: Tropo caro, l\u2019huile d\u2019olive se vend tr\u00e8s mal<\/font>                 Lettre du Mouvement des indig\u00e8nes de la r\u00e9publique \u00e0 la                 R\u00e9sistance libanaise<\/font><\/p>\n<p><\/strong><\/span><\/p>\n<\/div>\n<p> <\/font> <\/div>\n<p> <\/span><\/td>\n<\/tr>\n<\/table><\/div>\n<div> <font face=\"Arial\" size=\"2\"><\/font>\u00a0<\/div>\n<div align=\"center\">        \u00a0<font><a href=\"http:\/\/www.nawaat.org\/forums\/index.php?showtopic=11741\" target=\"_blank\" rel=\"noopener\"><strong>Cliquez         ici<\/strong><\/a><strong> pour acc\u00e9der au reportage exceptionnel de         l&rsquo;AISPP sur la catastrophe humanitaire         des prisonniers politiques Tunisiens<\/strong>\u00a0\u00a0\u00a0<\/font>\u00a0 <\/p>\n<hr\/><\/div>\n<\/p><\/div>\n<\/p><\/div>\n<div align=\"left\">\n<div align=\"center\"> <strong><\/p>\n<h2 style=\"color: red;\"><font face=\"Arial\" size=\"3\">Affaire Adel Trabelsi       : Mme Belkhirat lance un appel au Pr\u00e9sident\u00a0 Chirac<\/font><\/h2>\n<p><\/strong><\/div>\n<div>      \u00a0<\/div>\n<p>Mme Latifa Belkhirat<\/p>\n<p>c\/o Me Eric Plouvier<\/p>\n<p>73 boulevard du     S\u00e9bastopol<\/p>\n<p>75002\u00a0 Paris<\/p>\n<p>T\u00e9l. Cabinet\u00a0: 01 53 00     93 93<\/p>\n<p> <o:p>\u00a0<\/o:p><\/p>\n<p>Lettre ouverte \u00e0     Monsieur Jacques Chirac,<\/p>\n<p>Pr\u00e9sident de la     R\u00e9publique Fran\u00e7aise<\/p>\n<p>Palais de l\u2019Elys\u00e9e<\/p>\n<p>Paris<\/p>\n<p> <o:p>\u00a0<\/o:p><\/p>\n<p>    \u00a0\u00a0\u00a0\u00a0\u00a0\u00a0\u00a0\u00a0\u00a0\u00a0\u00a0\u00a0\u00a0\u00a0\u00a0\u00a0\u00a0\u00a0\u00a0\u00a0\u00a0\u00a0\u00a0\u00a0\u00a0\u00a0\u00a0\u00a0\u00a0\u00a0\u00a0\u00a0\u00a0\u00a0\u00a0\u00a0\u00a0\u00a0\u00a0\u00a0\u00a0\u00a0\u00a0\u00a0\u00a0\u00a0\u00a0\u00a0\u00a0\u00a0\u00a0\u00a0\u00a0\u00a0\u00a0\u00a0\u00a0\u00a0 Dugny (93), le 28     juillet 2006 <\/p>\n<p> <o:p>\u00a0<\/o:p><\/p>\n<p><strong> <font>Affaire d\u2019Adel Tebourski menac\u00e9 d\u2019extradition en     Tunisie<\/font><\/strong><\/p>\n<p> <o:p>\u00a0<\/o:p><\/p>\n<p>\u00a0\u00a0\u00a0\u00a0\u00a0\u00a0\u00a0\u00a0\u00a0\u00a0\u00a0 Monsieur le     Pr\u00e9sident,<\/p>\n<p> <o:p>\u00a0<\/o:p><\/p>\n<p align=\"justify\">    \u00a0\u00a0\u00a0\u00a0\u00a0\u00a0\u00a0\u00a0\u00a0\u00a0\u00a0 Je vous adresse cette demande en urgence, car il y a un risque     imminent qu\u2019une injustice soit en passe d\u2019\u00eatre commise \u00e0 l\u2019encontre de M.     Adel Tebourski, comme elle l\u2019a \u00e9t\u00e9 il y a pr\u00e8s de deux ans et deux mois (exactement     le 18 mai 2004) contre mon \u00e9poux Tarek Belkhirat quand il a \u00e9t\u00e9 encha\u00een\u00e9 et     embarqu\u00e9 dans un avion \u00e0 destination de Tunis.<\/p>\n<p align=\"justify\"> <o:p>\u00a0<\/o:p><\/p>\n<p align=\"justify\">    \u00a0\u00a0\u00a0\u00a0\u00a0\u00a0\u00a0\u00a0\u00a0\u00a0\u00a0 Cette injustice contre mon mari a \u00e9t\u00e9 reconnue officiellement \u00e0     travers la d\u00e9cision du 19 janvier 2005 du Conseil d\u2019Etat annulant l\u2019arr\u00eat\u00e9     de reconduite \u00e0 la fronti\u00e8re de mon mari. Le Conseil d\u2019Etat a reconnu que     mon mari a \u00e9t\u00e9 extrad\u00e9 au m\u00e9pris de la loi qui prot\u00e9ge la vie familiale.     Mais cette d\u00e9cision du Conseil d\u2019Etat ne peut h\u00e9las effacer le fait que mon     mari ait \u00e9t\u00e9 arr\u00eat\u00e9 d\u00e8s son arriv\u00e9e \u00e0 l\u2019a\u00e9roport de Tunis, jug\u00e9 et condamn\u00e9     par les tribunaux tunisiens \u00e0 dix ans de prison sur la base de son ancienne     condamnation en France, commu\u00e9s en appel \u00e0 cinq ans, avec tout ce qui     accompagne les accus\u00e9s pr\u00e9sum\u00e9s dans les affaires politiques comme tortures,     mauvais traitements et conditions d\u2019incarc\u00e9ration des plus inhumaines et des     plus humiliantes. Sans parler que ma famille rest\u00e9e en France continue \u00e0 ce     jour \u00e0 subir les effets de cette extradition de mon mari, puisque nous     sommes priv\u00e9s de l\u2019\u00e9loignement du p\u00e8re. M\u00eame les indemnit\u00e9s octroy\u00e9es nous     ne pouvons les toucher du fait que l\u2019administration refuse de prendre en     compte la situation d\u2019\u00e9loignement de mon mari.<\/p>\n<p align=\"justify\"> <o:p>\u00a0<\/o:p><\/p>\n<p align=\"justify\"> <o:p>\u00a0<\/o:p><\/p>\n<p align=\"justify\">    \u00a0\u00a0\u00a0\u00a0\u00a0\u00a0\u00a0\u00a0\u00a0\u00a0\u00a0 Monsieur le Pr\u00e9sident,<\/p>\n<p align=\"justify\">    \u00a0\u00a0\u00a0\u00a0\u00a0\u00a0\u00a0\u00a0\u00a0\u00a0\u00a0 Je souhaiterais que la France, pays des Droits de l\u2019Homme,     r\u00e9ponde rapidement et favorablement \u00e0 cet appel, de nature \u00e0 emp\u00eacher qu\u2019une     nouvelle injustice soit commise aux d\u00e9pens de M. Adel Tebourski et de sa     famille, outre les risques r\u00e9els de tortures et de mauvais traitements     qu\u2019encourt ce dernier s\u2019il est remis entre les mains des autorit\u00e9s     tunisiennes.<\/p>\n<p> <o:p>\u00a0<\/o:p><\/p>\n<p>\u00a0\u00a0\u00a0\u00a0\u00a0\u00a0\u00a0\u00a0\u00a0\u00a0\u00a0 Veuillez     agr\u00e9er, Monsieur le Pr\u00e9sident, l\u2019_expression de ma haute consid\u00e9ration.<\/p>\n<p> <o:p>\u00a0<\/o:p><\/p>\n<p>\u00a0\u00a0\u00a0\u00a0\u00a0\u00a0\u00a0\u00a0\u00a0\u00a0\u00a0 <i><strong> <font>Latifa Belkhirat<o:p><\/o:p><\/font><\/strong><\/i><\/p>\n<p> <font face=\"Arial\" size=\"2\">T\u00e9l. port.\u00a0: 06 19 26 62 50 <\/font><\/p>\n<hr\/>\n<p>\u00a0<\/p>\n<p> <font face=\"Arial\" size=\"2\"><\/font>\u00a0<\/p>\n<p> <font face=\"Arial\" size=\"2\"> <\/p>\n<div align=\"center\">\n<h2 style=\"color: red;\"><font face=\"Arial\" size=\"3\"><strong>Examen d&rsquo;un deuxi\u00e8me       r\u00e9f\u00e9r\u00e9 contre l&rsquo;expulsion d&rsquo;Adel Tebourski<\/strong><\/font><\/h2>\n<\/div>\n<div align=\"justify\">                    29\/07\/2006 13:08:04 &#8211; PARIS (AFP)        Le juge des r\u00e9f\u00e9r\u00e9s du tribunal administratif de Paris a examin\u00e9 samedi un       deuxi\u00e8me recours contre l&rsquo;arr\u00eat\u00e9 d&rsquo;expulsion visant Adel Tebourski, un       Tunisien de 42 ans qui vient de purger une peine de prison pour des faits       de terrorisme, a-t-on appris aupr\u00e8s de son avocat.    <\/div>\n<div align=\"justify\">             La d\u00e9cision du juge des r\u00e9f\u00e9r\u00e9s devrait \u00eatre rendue au plus tard dimanche       en fin de matin\u00e9e.    <\/div>\n<div align=\"justify\">             Un premier r\u00e9f\u00e9r\u00e9 libert\u00e9 demandant la suspension de l&rsquo;arr\u00eat\u00e9 d&rsquo;expulsion       du minist\u00e8re de l&rsquo;Int\u00e9rieur avait \u00e9t\u00e9 rejet\u00e9 mercredi.    <\/div>\n<div align=\"justify\">             Ce deuxi\u00e8me recours visait \u00e0 contester le choix de la Tunisie comme lieu       de destination de l&rsquo;expulsion, car \u00ab\u00a0il ne fait aucun doute, vu le profil       d&rsquo;Adel Tebourski, les raisons pour lesquelles il a \u00e9t\u00e9 condamn\u00e9, et vu le       r\u00e9gime tunisien, qu&rsquo;il sera amen\u00e9 \u00e0 \u00eatre tortur\u00e9\u00a0\u00bb, a d\u00e9clar\u00e9 \u00e0 l&rsquo;AFP son       avocat, Me Franck Bo\u00ebzec.    <\/div>\n<div align=\"justify\">             Adel Tebourski a \u00e9t\u00e9 condamn\u00e9 en 2005 \u00e0 Paris \u00e0 six ans d&#8217;emprisonnement       pour avoir aid\u00e9 les assassins du commandant afghan Massoud, en septembre       2001. Arr\u00eat\u00e9 en France en novembre 2001, il a \u00e9t\u00e9 lib\u00e9r\u00e9 de prison le 22       juillet, par le jeu des remises de peine.    <\/div>\n<div align=\"justify\">             Un arr\u00eat\u00e9 d&rsquo;expulsion, ainsi que sa d\u00e9ch\u00e9ance de sa nationalit\u00e9 fran\u00e7aise       obtenue en 2000, lui ont \u00e9t\u00e9 signifi\u00e9s d\u00e8s sa sortie de prison. Adel       Tebourski est depuis plac\u00e9 en centre de r\u00e9tention \u00e0 Mesnil-Amelot (Seine-et-Marne)       o\u00f9 il a entam\u00e9 vendredi une gr\u00e8ve de la faim et de la soif.    <\/div>\n<div align=\"justify\">             Samedi matin, ses avocats ont pr\u00e9sent\u00e9 au juge des r\u00e9f\u00e9r\u00e9s un certain       nombre de \u00ab\u00a0pi\u00e8ces nouvelles\u00a0\u00bb parmi lesquelles la prise de position du       Comit\u00e9 contre la torture de l&rsquo;ONU qui a demand\u00e9 vendredi \u00e0 la France de       surseoir \u00e0 l&rsquo;expulsion.    <\/div>\n<div align=\"justify\">             Vendredi, le minist\u00e8re de l&rsquo;Int\u00e9rieur avait justifi\u00e9 sa d\u00e9cision en       soulignant qu&rsquo;Adel Tebourski a \u00ab\u00a0\u00e9t\u00e9 condamn\u00e9 dans une affaire de       terrorisme (et) fait peser une menace grave sur la s\u00fbret\u00e9 de l&rsquo;Etat et la       s\u00e9curit\u00e9 nationale\u00a0\u00bb.<\/div>\n<p>\u00a0<\/p>\n<hr\/>\n<p align=\"center\"> <strong><\/p>\n<h2 style=\"color: red;\"><font size=\"3\">Affaire Tebourski: le Comit\u00e9 contre     la torture de l&rsquo;ONU interpelle la France<\/font><\/h2>\n<p><\/strong> <\/p>\n<div align=\"justify\">             vendredi 28 juillet 2006, 18h00               PARIS (AFP) &#8211; Le Comit\u00e9 contre la torture de l&rsquo;ONU a demand\u00e9 vendredi \u00e0 la       France de surseoir \u00e0 l&rsquo;expulsion d&rsquo;Adel Tebourski, un Tunisien de 42 ans,       qui vient de purger une peine de prison pour des faits de terrorisme, mais       le minist\u00e8re de l&rsquo;Int\u00e9rieur a r\u00e9it\u00e9r\u00e9 sa conviction qu&rsquo;il repr\u00e9sentait une       \u00ab\u00a0menace grave\u00a0\u00bb pour la s\u00fbret\u00e9 de l&rsquo;Etat.<\/div>\n<div align=\"justify\">             \u00ab\u00a0Le Comit\u00e9 contre la torture, saisi par l&rsquo;ACAT-France et la Cimade,       demande au gouvernement fran\u00e7ais d&rsquo;appliquer en faveur de M. Tebourski un       \u00e9l\u00e9mentaire principe de pr\u00e9caution, conforme \u00e0 ses engagements       internationaux\u00a0\u00bb, en raison des risques de torture en Tunisie, ont annonc\u00e9       dans un communiqu\u00e9 la Cimade (Service oecum\u00e9nique d&rsquo;entraide) et       l&rsquo;ACAT-France (Action des chr\u00e9tiens pour l&rsquo;abolition de la torture).    <\/div>\n<div align=\"justify\">             Condamn\u00e9 pour avoir aid\u00e9 les assassins du commandant afghan Massoud, Adel       Tebourski s&rsquo;est vu signifier vendredi matin le rejet par l&rsquo;OFPRA (Office       fran\u00e7ais de protection des r\u00e9fugi\u00e9s et apatrides) de sa demande de statut       de r\u00e9fugi\u00e9 politique.    <\/div>\n<div align=\"justify\">             Il a aussit\u00f4t \u00e9t\u00e9 conduit au consulat de Tunisie pour v\u00e9rification de sa       nationalit\u00e9, dans le cadre de son expulsion. Le consulat, selon son       d\u00e9fenseur Me Franck Bo\u00ebzec, n&rsquo;a cependant pas d\u00e9livr\u00e9 dans l&rsquo;imm\u00e9diat les       laissez-passer n\u00e9cessaires \u00e0 l&rsquo;expulsion.    <\/div>\n<div align=\"justify\">             De retour au centre de r\u00e9tention administrative du Mesnil-Amelot (Seine-et-Marne),       Adel Tebourski a entam\u00e9 une gr\u00e8ve de la faim et de la soif, selon son       avocat.        Celui-ci a d\u00e9pos\u00e9 vendredi matin, devant le tribunal administratif \u00e0       Paris, un nouveau r\u00e9f\u00e9r\u00e9 contre l&rsquo;expulsion de son client, cette fois-ci       en contestant le choix de la Tunisie comme pays de destination. Il sera       examin\u00e9 samedi.    <\/div>\n<div align=\"justify\">             Dans un communiqu\u00e9, le minist\u00e8re de l&rsquo;Int\u00e9rieur a justifi\u00e9 la d\u00e9cision       d&rsquo;expulsion en soulignant qu&rsquo;Adel Tebourski a \u00ab\u00a0\u00e9t\u00e9 condamn\u00e9 dans une       affaire de terrorisme (et) fait peser une menace grave sur la s\u00fbret\u00e9 de       l&rsquo;Etat et la s\u00e9curit\u00e9 nationale\u00a0\u00bb.    <\/div>\n<div align=\"justify\">             Dans ces conditions, \u00ab\u00a0il est apparu n\u00e9cessaire de prendre \u00e0 son endroit,       d\u00e8s sa sortie de prison le 22 juillet, un arr\u00eat\u00e9 minist\u00e9riel d&rsquo;expulsion       en urgence absolue\u00a0\u00bb qui sera mis en oeuvre \u00ab\u00a0apr\u00e8s que les d\u00e9cision       juridictionnelles auront \u00e9t\u00e9 rendues\u00a0\u00bb, ajoute le minist\u00e8re en r\u00e9f\u00e9rence       aux recours d\u00e9pos\u00e9s par l&rsquo;avocat d&rsquo;Adel Tebourski, qui devraient \u00eatre       examin\u00e9s par la justice dans les jours qui viennent.    <\/div>\n<div align=\"justify\">             M. Tebourski avait \u00e9t\u00e9 condamn\u00e9 en mai 2005, apr\u00e8s pr\u00e8s de quatre ans de       d\u00e9tention provisoire, \u00e0 six ans de prison pour avoir aid\u00e9 les assassins du       chef afghan Ahmed Shah Massoud en septembre 2001.    <\/div>\n<div align=\"justify\">             Franco-Tunisien, il a \u00e9t\u00e9 d\u00e9chu de sa nationalit\u00e9 fran\u00e7aise le jour m\u00eame       de sa sortie de prison, le 21 juillet (apr\u00e8s avoir b\u00e9n\u00e9fici\u00e9 d&rsquo;une remise       de peine), et s&rsquo;est vu notifier le 22 un arr\u00eat\u00e9 d&rsquo;expulsion vers la       Tunisie en urgence absolue, avant d&rsquo;\u00eatre plac\u00e9 en r\u00e9tention       administrative.    <\/div>\n<div align=\"justify\">             Mercredi, le juge des r\u00e9f\u00e9r\u00e9s du tribunal administratif de Paris avait       rejet\u00e9 un premier recours de ses avocats contestant cette urgence absolue.    <\/div>\n<div align=\"justify\">             Le m\u00eame jour, ses d\u00e9fenseurs ont d\u00e9pos\u00e9 par ailleurs un autre r\u00e9f\u00e9r\u00e9       devant le tribunal administratif de Paris, cette fois-ci pour suspension       de la proc\u00e9dure en raison de son \u00ab\u00a0ill\u00e9galit\u00e9\u00a0\u00bb. L&rsquo;audience est pr\u00e9vue le 4       ao\u00fbt. \u00a0<\/div>\n<div align=\"justify\">\n<hr\/><\/div>\n<div align=\"center\"> <strong><font>EMIGRATION :        <\/font><\/p>\n<h2 style=\"color: red;\"><font size=\"3\">17 disparus dans un naufrage d\u2019une       embarcation de clandestins au large de la Tunisie<\/font><\/h2>\n<p><\/strong><\/div>\n<div align=\"justify\">             Tunis &#8211; Dix-sept personnes sont port\u00e9es disparues \u00e0 la suite du naufrage       au large des c\u00f4tes tunisiennes d\u2019une embarcation transportant 25 candidats       \u00e0 l\u2019immigration clandestine vers l\u2019Italie, a annonc\u00e9 mercredi l\u2019agence de       presse tunisienne Tap. Selon l\u2019agence, le drame s\u2019est produit mardi au       large du port de Mahdia, dans le centre de la Tunisie. Un patrouilleur de       la marine tunisienne a sauv\u00e9 les huit autres \u00ab\u00a0passagers\u00a0\u00bb qui sont de \u00ab\u00a0diverses       nationalit\u00e9s\u00a0\u00bb.<\/div>\n<div align=\"justify\">             Des unit\u00e9s de la marine tunisienne et de la garde maritime, appuy\u00e9es par       un avion militaire de reconnaissance et deux navires civils, poursuivaient       mercredi les op\u00e9rations de recherche dans l\u2019espoir de sauver d\u2019autres vies,       ajoute la Tap. Les clandestins avaient embarqu\u00e9 il y a trois jours des       c\u00f4tes d\u2019un pays voisin, en allusion \u00e0 la Libye, dans une tentative de       gagner le sud de l\u2019Italie, notamment les \u00eeles de Lampedusa et Linosa       proches du littoral tunisien. Depuis le renforcement de la surveillance du       littoral tunisien, long de 1.300 km, et le durcissement de la l\u00e9gislation       r\u00e9primant les auteurs de telles tentatives &#8211; les passeurs encourant       jusqu\u2019\u00e0 20 ans d\u2019emprisonnement &#8211; les candidats \u00e0 l\u2019immigration ill\u00e9gale,       dont la plupart venant de l\u2019Afrique subsaharienne, recourent de plus en       plus aux c\u00f4tes libyennes pour essayer de rallier l\u2019Europe.<\/div>\n<div align=\"justify\">             AP<\/div>\n<div align=\"justify\"> <font><strong>(Source: le quotidien senegalais \u00ab\u00a0Le Sleil\u00a0\u00bb       le 27-07-2006)<\/strong><\/font><\/div>\n<div align=\"justify\"> <strong><\/p>\n<hr\/>\n<p><\/strong> <\/div>\n<div align=\"center\"> <font><strong><\/p>\n<h2 style=\"color: red;\"><font size=\"3\">Nouveau drame       de l&rsquo;immigration, 13 morts entre la Libye et l&rsquo;Italie<\/font><\/h2>\n<p><\/strong> <\/font><\/div>\n<div align=\"justify\">      \u00a0<\/div>\n<div align=\"justify\">      29\/07\/2006 12:14:09 &#8211; ROME (AFP)        La recherche d&rsquo;une vie meilleure en Europe a caus\u00e9 un nouveau drame en       mer, treize immigr\u00e9s clandestins ayant perdu la vie au cours d&rsquo;une       travers\u00e9e entre la Libye et l&rsquo;Italie, une des plus graves trag\u00e9dies de       l&rsquo;immigration depuis le d\u00e9but de l&rsquo;ann\u00e9e.        \u00ab\u00a0Nous \u00e9tions 27 au d\u00e9part de Libye mais pendant la travers\u00e9e 13 d&rsquo;entre       nous n&rsquo;ont pas r\u00e9ussi \u00e0 tenir le coup et nous avons \u00e9t\u00e9 oblig\u00e9s de jeter       leurs corps dans la mer\u00a0\u00bb, a racont\u00e9 un des 14 rescap\u00e9s cit\u00e9s.        Sept des 14 candidats \u00e0 l&rsquo;immigration clandestine qui ont surv\u00e9cu ont \u00e9t\u00e9       hospitalis\u00e9s dans un \u00e9tat grave, dont deux dans le coma. Ils ont \u00e9t\u00e9       transport\u00e9s \u00e0 l&rsquo;aide de quatre h\u00e9licopt\u00e8res \u00e0 Palerme, en Sicile.        Leur navire se trouvait \u00e0 la d\u00e9rive, sans nourriture ni eau, depuis 20       jours. Les immigr\u00e9s, tous des hommes entre 20 et 30 ans, s&rsquo;appr\u00eataient \u00e0       jeter par dessus bord \u00e9galement leur deux camarades dans le coma et qu&rsquo;ils       croyaient d\u00e9j\u00e0 morts.        \u00ab\u00a0Ils \u00e9taient dans des conditions pitoyables, r\u00e9duits \u00e0 des squelettes, les       l\u00e8vres d\u00e9truites par le soleil et le sel. Certains nous ont racont\u00e9 qu&rsquo;ils       \u00e9taient en mer depuis 20 jours et qu&rsquo;ils avaient \u00e9puis\u00e9 leur r\u00e9serve d&rsquo;eau       et de nourriture au bout d&rsquo;une semaine\u00a0\u00bb, a racont\u00e9 le capitaine de fr\u00e9gate       italien Stefano Bricchi, commandant du navire militaire Sibilla qui a       secouru les premiers les immigrants.        \u00ab\u00a0Quand nous sommes parvenus \u00e0 leur embarcation, plusieurs d&rsquo;entre eux       semblaient morts\u00a0\u00bb, a ajout\u00e9 l&rsquo;officier, interrog\u00e9 par l&rsquo;agence italienne       Ansa.        Les immigr\u00e9s seraient \u00e9rythr\u00e9ens, maliens et il y aurait un Egyptien,       selon la m\u00eame source.        Ce drame pr\u00e9sente un des bilans les plus lourds depuis le d\u00e9but de l&rsquo;ann\u00e9e,       apr\u00e8s les 47 \u00e9migrants s\u00e9n\u00e9galais morts \u00e0 bord d&rsquo;une embarcation partie du       Cap Vert pour les Canaries et qui avait d\u00e9riv\u00e9 pendant quatre mois dans       l&rsquo;Atlantique jusqu&rsquo;\u00e0 l&rsquo;\u00eele de la Barbade, face au Br\u00e9sil.        Dix-sept corps ont par ailleurs \u00e9t\u00e9 rep\u00each\u00e9s le 15 mars par un       navire-h\u00f4pital espagnol au sud des Canaries et 17 personnes sont \u00e9galement       port\u00e9es disparues depuis mercredi, lorsque leur embarcation a fait       naufrage au large de la Tunisie.        Depuis que l&rsquo;Espagne a mis r\u00e9cemment en place un syst\u00e8me plus rigoureux de       contr\u00f4le des routes d&rsquo;acc\u00e8s des candidats \u00e0 l&rsquo;immigration clandestine, une       partie des flux dirig\u00e9s vers ce pays s&rsquo;est d\u00e9tourn\u00e9e vers l&rsquo;Italie, a       indiqu\u00e9 ces derniers jours le ministre de l&rsquo;Int\u00e9rieur, Giuliano Amato.        \u00ab\u00a0Lors des quinze derniers jours, plus de 2.000 clandestins, en majorit\u00e9       des citoyens maghr\u00e9bins, sont arriv\u00e9s \u00e0 Lampedusa\u00a0\u00bb, petite \u00eele situ\u00e9e \u00e0       quelque 300 km des c\u00f4tes nord de la Libye et \u00e0 200 km au sud de la Sicile,       a indiqu\u00e9 jeudi M. Amato.        L&rsquo;Espagne a elle aussi enregistr\u00e9 des entr\u00e9es records d&rsquo;immigr\u00e9s       clandestins avec 12.300 arriv\u00e9es depuis le d\u00e9but 2006.        Le Commissaire europ\u00e9en \u00e0 la Justice, \u00e0 la Libert\u00e9 et \u00e0 la S\u00e9curit\u00e9 Franco       Frattini a annonc\u00e9 vendredi une s\u00e9rie de mesures pour aider l&rsquo;Italie \u00e0       lutter contre l&rsquo;afflux massif de boat people.        \u00ab\u00a0La premi\u00e8re option est d&rsquo;impliquer Malte, l&rsquo;Italie et la Gr\u00e8ce dans des       op\u00e9rations de patrouille, qui s&rsquo;\u00e9tendraient des eaux de Lampedusa (200 km       au sud de la Sicile) et de Malte (&#8230;) jusque dans les eaux grecques et       libyennes\u00a0\u00bb, a expliqu\u00e9 M. Frattini.        Les d\u00e9barquements sur les c\u00f4tes italiennes sont tr\u00e8s fr\u00e9quents pendant la       belle saison mais la p\u00e9ninsule est devenue encore plus attrayante \u00e0 la       suite de plusieurs d\u00e9cisions du nouveau gouvernement de gauche de Romano       Prodi.        Le gouvernement avait annonc\u00e9 il y a une semaine la r\u00e9gularisation de       350.000 clandestins travaillant d\u00e9j\u00e0 en Italie et vendredi il a pris de       nouvelles mesures facilitant l&rsquo;obtention d&rsquo;une carte de s\u00e9jour ou le       regroupement familial.  \u00a0<\/div>\n<div align=\"justify\">\n<hr\/><\/div>\n<div align=\"center\"> <strong><\/p>\n<h2 style=\"color: red;\"><font size=\"3\">Augmentation du SMIG, du SMAG et       des pensions de retraite<\/font><\/h2>\n<p><\/strong><\/div>\n<div align=\"justify\">             Le Premier minist\u00e8re vient d\u2019annoncer (jeudi 27-07-2006) que, \u00a0\u00bbconform\u00e9ment       aux instructions du Pr\u00e9sident Zine El Abidine Ben Ali concernant la       majoration du salaire minimum garanti (SMIG) et apr\u00e8s concertation avec       les organisations professionnelles concern\u00e9es, il a \u00e9t\u00e9 d\u00e9cid\u00e9 ce qui suit       :              1- Augmentation du SMIG des diff\u00e9rents corps de m\u00e9tiers (r\u00e9gime des 48       heures) de 7 dinars 72 millimes, qui passe de 224 dinars 224 millimes, \u00e0       231 dinars 296 millimes.       2- Augmentation du SMIG des diff\u00e9rents corps de m\u00e9tiers (r\u00e9gime des 40       heures) de 5 dinars 894 millimes, qui passe de 194 dinars 827 millimes, \u00e0       200 dinars 721 millimes.       3- Augmentation du Salaire Minimum Agricole Garanti (SMAG) de 220 millimes       par jour, qui passe de 6 dinars 909 millimes, \u00e0 7 dinars 129 millimes.        4- Augmentation du SMAG des ouvriers agricoles sp\u00e9cialis\u00e9s de 245 millimes       par jour, qui passe de 7 dinars 334 millimes, \u00e0 7 dinars 579 millimes.        5- Augmentation du SMAG des ouvriers agricoles qualifi\u00e9s de 270 millimes       par jour, qui passe de 7 dinars 714 millimes, \u00e0 7 dinars 984 millimes.               Ces mesures qui b\u00e9n\u00e9ficieront \u00e0 environ 280 mille travailleurs, entrent en       vigueur \u00e0 partir du 1er juillet 2006.        D&rsquo;autre part, et conform\u00e9ment \u00e0 la r\u00e9forme du r\u00e9gime de la retraite,       introduite en 2001, les pensions de retraite du r\u00e9gime g\u00e9n\u00e9ral de la       Caisse nationale de s\u00e9curit\u00e9 sociale (cnss) seront major\u00e9es d&rsquo;un taux \u00e9gal       \u00e0 celui de l&rsquo;augmentation du salaire minimum. Cette mesure b\u00e9n\u00e9ficie \u00e0       pr\u00e8s de 300 mille retrait\u00e9s, \u00e0 partir du 1er juillet 2006.              <strong><font>(Source: Le site webmanagercenter le       29-07-2006)<\/font><\/strong> \u00a0<\/div>\n<div align=\"justify\">\n<hr\/><\/div>\n<div align=\"center\"> <strong><\/p>\n<h2 style=\"color: red;\"><font size=\"3\">Tropo caro, l\u2019huile d\u2019olive se vend       tr\u00e8s mal<\/font><\/h2>\n<p><\/strong><\/div>\n<div align=\"justify\">             Par Abou sarra        \u00a0       La Chambre des d\u00e9put\u00e9s a examin\u00e9 et adopt\u00e9, le 20 juillet 2006, un accord       financier tuniso-am\u00e9ricain en vertu duquel les Etats-Unis d\u2019Am\u00e9rique       accordent \u00e0 la Tunisie un cr\u00e9dit de 20 millions de dollars destin\u00e9s \u00e0       financer l\u2019importation par l\u2019Office National de l\u2019Huile (ONH) d\u2019huiles       v\u00e9g\u00e9tales am\u00e9ricaines qui, officiellement, seraient \u00abmoins ch\u00e8res que       l\u2019huile d\u2019olive tunisienne et mieux adapt\u00e9es au pouvoir d\u2019achat du       Tunisien\u00bb.               Cet accord de pr\u00eat a \u00e9t\u00e9 pour certains d\u00e9put\u00e9s l\u2019occasion de rouvrir le       dossier de l\u2019huile d\u2019olive dont le prix a augment\u00e9 sensiblement cette       ann\u00e9e.\u00a0    <\/div>\n<div align=\"justify\">             Ces derniers ont demand\u00e9 au ministre de l\u2019Agriculture des \u00e9claircissements       sur les raisons qui ont amen\u00e9 le gouvernement \u00e0 importer des huiles       v\u00e9g\u00e9tales alors que l\u2019huile d\u2019olive tunisienne est toujours, \u00e0 d\u00e9faut       d\u2019acheteurs \u00e9trangers, stock\u00e9e en grandes quantit\u00e9s dans les citernes.    <\/div>\n<div align=\"justify\">             Le volume stock\u00e9 est officiellement estim\u00e9 \u00e0 quelque 80 mille tonnes dont       50 mille tonnes ont \u00e9t\u00e9 acquises par l\u2019ONH et 30 mille tonnes \u00e0 la charge       des priv\u00e9s.    <\/div>\n<div align=\"justify\">             Pour m\u00e9moire, rappelons que la Tunisie produit en moyenne 170 mille tonnes       par an dont 35 \u00e0 50 mille tonnes sont consomm\u00e9es localement tandis que le       reste est suppos\u00e9 totalement export\u00e9, la plus part du temps en vrac,       c\u2019est-\u00e0-dire dans des conditions g\u00e9n\u00e9ralement peu comp\u00e9titives.    <\/div>\n<div align=\"justify\">             Pour 2006, la Tunisie a export\u00e9 durant les six premiers mois de l\u2019ann\u00e9e 75       mille tonnes, et ce, \u00e0 la veille d\u2019une nouvelle campagne ol\u00e9icole que le       ministre de l\u2019Agriculture qualifie de \u00abtout juste moyenne\u00bb, estim\u00e9e aux       environs de 170 mille tonnes.    <\/div>\n<div align=\"justify\">             Cette abondance de l\u2019offre est, en toute logique \u00e9conomique, en       contradiction de la flamb\u00e9e des prix qu\u2019a connue ce produit cette ann\u00e9e.       Elle est \u00e9galement en contradiction avec cette tendance \u00e0 importer en       devises d\u2019autres huiles v\u00e9g\u00e9tales et \u00e0 en compenser le prix localement. Il       faudrait \u00e9valuer, en toute s\u00e9r\u00e9nit\u00e9, les diff\u00e9rents aspects qualitatifs,       et surtout, le co\u00fbt r\u00e9el de ces deux op\u00e9rations (importation + subvention)       pour se rendre compte, peut-\u00eatre, de leur contre productivit\u00e9.    <\/div>\n<div align=\"justify\">             La r\u00e9ponse du ministre de l\u2019agriculture Mohamed Habib Haddad a \u00e9t\u00e9 trop \u00abmacro\u00e9conomique\u00bb       et trop \u00abinternationale\u00bb. Il a parl\u00e9 de la r\u00e9gression du march\u00e9 de l\u2019huile       d\u2019olive. Cette r\u00e9gression, qui aurait affect\u00e9 le march\u00e9 durant les mois de       mars, avril et mai, a touch\u00e9 tous les pays concurrents, y compris       l\u2019Espagne. Elle serait imputable \u00e0 la hausse des prix de l\u2019huile d\u2019olive       et \u00e0 la modicit\u00e9 de la demande. Selon le ministre, une reprise est       n\u00e9anmoins amorc\u00e9e un mois apr\u00e8s, autrement dit au mois de juin 2006.    <\/div>\n<div align=\"justify\">             Il a soutenu en m\u00eame temps que l&rsquo;exportation d\u2019huile d&rsquo;olive constitue une       importante source de devises tant elle g\u00e9n\u00e8re des rentr\u00e9es de l&rsquo;ordre de       700 millions de dinars par an. C\u2019est le cas de l\u2019exercice 2004. En 2005,       les exportations d&rsquo;huile d&rsquo;olive ont atteint 476,7MD, enregistrant ainsi       une r\u00e9gression de 32,7%. De m\u00eame au niveau des destinations, les       exportations d&rsquo;huile d&rsquo;olive ont connu un d\u00e9clin de : -27,7% vers l&rsquo;Italie,       -37,3% vers l&rsquo;Espagne, -55,6% vers les Etats-Unis et -97,5% vers le Maroc.    <\/div>\n<div align=\"justify\">             Les facteurs qui ont affect\u00e9 la fili\u00e8re huile d\u2019olive sont de deux ordres       :    <\/div>\n<div align=\"justify\">             Exog\u00e8nes : le faible niveau de consommation de l&rsquo;huile d&rsquo;olive \u00e0 l&rsquo;\u00e9chelle       mondiale, contrairement aux autres huiles v\u00e9g\u00e9tales et la concentration de       la consommation de l&rsquo;huile d&rsquo;olive dans la zone m\u00e9diterran\u00e9enne, surtout,       dans l&rsquo;Union europ\u00e9enne, premier producteur mondial, qui a su conserver sa       comp\u00e9titivit\u00e9 sur le march\u00e9 communautaire et sur les autres march\u00e9s       d&rsquo;exportation dont notamment les Etats-Unis.    <\/div>\n<div align=\"justify\">             Endog\u00e8nes : les fluctuations de la production d&rsquo;huile d&rsquo;olive dues aux       conditions climatiques, l&rsquo;irr\u00e9gularit\u00e9 des pluies, la mauvaise r\u00e9partition       g\u00e9ographique des huileries install\u00e9es principalement dans le milieu urbain       et \u00e9loign\u00e9es des zones de production d&rsquo;olives qui engendre g\u00e9n\u00e9ralement       une augmentation des frais de transport.    <\/div>\n<div align=\"justify\">             Le ministre compte beaucoup sur les chercheurs tunisiens pour \u00e9tudier les       sp\u00e9cificit\u00e9s de l\u2019huile d\u2019olive locale et lui assurer de nouvelles valeurs       ajout\u00e9es propres \u00e0 am\u00e9liorer sa comp\u00e9titivit\u00e9. D\u2019o\u00f9 tout l\u2019enjeu de la       cr\u00e9ation d\u2019un fonds sp\u00e9cial pour promouvoir l\u2019exportation d\u2019huile       conditionn\u00e9e.              <strong><font>(Source: Le site webmanagercenter le       28-07-2006)<\/font><\/strong> <\/div>\n<div align=\"justify\">\n<hr\/><\/div>\n<div align=\"center\"> <strong><\/p>\n<h3 style=\"color: blue;\"><font size=\"3\">Un pr\u00eat de 142,8 millions de       dollars pour la Tunisie<\/font><\/h3>\n<p><\/strong><\/div>\n<div align=\"justify\">             \u00a0La Banque mondiale a accord\u00e9 deux pr\u00eats \u00e0 la Tunisie, pour un montant de       global de 142,8 millions de dollars des Etats-Unis, dont l\u2019un concerne un       projet d\u2019appui \u00e0 la qualit\u00e9 de l\u2019enseignement sup\u00e9rieur.    <\/div>\n<div align=\"justify\">             A cet \u00e9gard, il est important de signaler que l\u2019\u00e9ducation et l\u2019\u00e9conomie du       savoir sont au premier rang de l\u2019investissement en Tunisie et qui mise sur       l\u2019homme.               Le pr\u00eat de la BM vise \u00e0 renforcer le r\u00f4le de l\u2019enseignement sup\u00e9rieur dans       l\u2019am\u00e9lioration de l\u2019emploi et de la comp\u00e9titivit\u00e9 \u00e9conomique ainsi que       l\u2019affirmation de l\u2019\u00e9conomie et de la soci\u00e9t\u00e9 du savoir.               D\u2019ailleurs, n\u2019oublions pas que le premier pr\u00eat contract\u00e9 par la Tunisie       aupr\u00e8s de la BM, en 1956, \u00e9tait destin\u00e9 au secteur de l\u2019\u00e9ducation ; et que       ce secteur, depuis cette date, a toujours \u00e9t\u00e9 au c\u0153ur de toutes les       strat\u00e9gies \u00e9conomiques depuis l\u2019ind\u00e9pendance en 1956, et se poursuivent,       aujourd\u2019hui, \u00e0 travers la cr\u00e9ation des p\u00f4les technologiques, jusqu\u2019\u00e0 la       r\u00e9cente d\u00e9cision pr\u00e9sidentielle de doter la Tunisie d\u2019une loi sur       l\u2019\u00e9conomie num\u00e9rique.        T.B.              <strong><font>(Source: Le site webmanagercenter le       26-07-2006) <\/p>\n<hr\/>\n<p><\/font><\/strong> <\/div>\n<div align=\"center\"> <strong><\/p>\n<h3 style=\"color: blue;\"><font size=\"3\">Lettre du Mouvement des indig\u00e8nes       de la r\u00e9publique \u00e0 la R\u00e9sistance libanaise<\/font><\/h3>\n<p><\/strong><\/div>\n<div align=\"justify\">             Notre premi\u00e8re r\u00e9action \u00e0 l\u2019annonce de la capture des deux soldats       isra\u00e9liens a \u00e9t\u00e9 la fiert\u00e9. Notre deuxi\u00e8me r\u00e9action a \u00e9t\u00e9 l\u2019inqui\u00e9tude.       Notre troisi\u00e8me r\u00e9action est la confiance.              <strong>Notre premi\u00e8re r\u00e9action a \u00e9t\u00e9 la fiert\u00e9<\/strong>              Depuis de trop nombreuses ann\u00e9es, l\u2019imp\u00e9rialisme am\u00e9ricain et l\u2019ennemi       sioniste nous \u00e9crasent sous leurs bombes en Palestine, au Liban, en Irak.       L\u2019occupation de l\u2019Afghanistan, pr\u00e9sent\u00e9e comme une \u00ab mission civilisatrice       \u00bb dans la plus pure tradition coloniale, avait inaugur\u00e9 un processus de       recolonisation du monde sous l\u2019h\u00e9g\u00e9monie des Etats-Unis. Les puissances       europ\u00e9ennes soutiennent ces guerres inf\u00e2mes ou laissent faire. La plupart       des Etats arabes se taisent, complices. Mais le peuple palestinien refuse       de capituler malgr\u00e9 la force d\u00e9vastatrice de l\u2019arm\u00e9e d\u2019occupation       isra\u00e9lienne. La lib\u00e9ration, certes encore partielle, du Sud Liban avait       d\u00e9j\u00e0 constitu\u00e9 une premi\u00e8re victoire. L\u2019op\u00e9ration du 12 juillet, la       r\u00e9sistance farouche des combattants libanais, et notamment du Hezbollah,       face \u00e0 l\u2019offensive destructrice d\u2019une des plus puissantes arm\u00e9es du monde,       nous rendent notre dignit\u00e9. Nous relevons peu \u00e0 peu la t\u00eate.              <strong>Notre deuxi\u00e8me r\u00e9action a \u00e9t\u00e9 l\u2019inqui\u00e9tude.<\/strong>              La col\u00e8re et l\u2019inqui\u00e9tude. La col\u00e8re face aux massacres perp\u00e9tr\u00e9s par       Isra\u00ebl au Liban. Ces centaines de civils assassin\u00e9s, ces familles d\u00e9cim\u00e9es,       ces enfants d\u00e9chiquet\u00e9s. La col\u00e8re face aux gouvernements occidentaux qui,       fid\u00e8les \u00e0 eux-m\u00eames, font porter la responsabilit\u00e9 de la crise au       Hezbollah et s\u2019acharnent \u00e0 en exiger le d\u00e9sarmement alors qu\u2019ils n\u2019ont pas       un mot pour d\u00e9noncer les crimes isra\u00e9liens et l\u2019usage de bombes interdites       par les conventions internationales. La col\u00e8re face \u00e0 la France, plus       particuli\u00e8rement, qui pr\u00e9tend mensong\u00e8rement avoir une politique       souveraine, ind\u00e9pendante de celle des Etats-Unis. La col\u00e8re, toujours,       face \u00e0 ces r\u00e9gimes arabes qui man\u0153uvrent en coulisses pour casser la       R\u00e9sistance. L\u2019inqui\u00e9tude, aussi. La crainte que, malgr\u00e9 l\u2019h\u00e9ro\u00efsme des       combattants arabes, leurs forces ne soient d\u00e9truites par le rouleau       compresseur sioniste arc-bout\u00e9 aux puissances occidentales. La crainte que       nos peuples, habitu\u00e9s \u00e0 la d\u00e9faite, n\u2019aient plus l\u2019\u00e9nergie de la victoire.       La peur que tout redevienne comme avant. Peut-\u00eatre pire qu\u2019auparavant&#8230;              <strong>Mais notre troisi\u00e8me r\u00e9action est la confiance.<\/strong>              Car, contrairement \u00e0 l\u2019adage bien connu, le pot de terre finit toujours       par l\u2019emporter contre le pot de fer. D\u2019autres empires se sont \u00e9croul\u00e9s.       Les peuples colonis\u00e9s ont chass\u00e9 les colonisateurs. L\u2019Empire am\u00e9ricain       mourra. L\u2019axe Washington\/Tel-Aviv s\u2019\u00e9croulera. La d\u00e9termination et la       confiance avec laquelle la R\u00e9sistance libanaise m\u00e8ne son action sont notre       d\u00e9termination et notre confiance.              Nous menons, en France, notre propre combat contre la domination coloniale       et post-coloniale. Ici, les Arabes, les Noirs et les musulmans sont       trait\u00e9s comme la r\u00e9publique coloniale traitait ses \u00abindig\u00e8nes\u00bb. Depuis que       Bush a d\u00e9clar\u00e9 sa \u00ab guerre des civilisations \u00bb, nous sommes consid\u00e9r\u00e9s       comme la cinqui\u00e8me colonne du \u00ab terrorisme islamique \u00bb. D\u2019une certaine       mani\u00e8re, ils n\u2019ont pas tort. Si tous ceux qui luttent pour la dignit\u00e9 sont       des \u00ab terroristes \u00bb, comme Jean Moulin, l\u2019ic\u00f4ne de la r\u00e9sistance fran\u00e7aise       \u00e0 l\u2019occupation nazi \u00e9tait un \u00ab terroriste \u00bb, alors nous sommes des \u00ab       terroristes \u00bb !               Si tous les peuples qui luttent contre l\u2019oppression sont des \u00ab terroristes       \u00bb, alors \u00e9videmment nous sommes des \u00ab terroristes \u00bb ! Si affirmer notre       soutien ind\u00e9fectible \u00e0 la r\u00e9sistance palestinienne et libanaise, c\u2019est en       \u00eatre la cinqui\u00e8me colonne, alors nous sommes fiers d\u2019en \u00eatre la cinqui\u00e8me       colonne ! La barbarie, la r\u00e9action, l\u2019obscurantisme sont du c\u00f4t\u00e9 de ces       Etats qui veulent dominer la plan\u00e8te. Oui, l\u00e0 o\u00f9 un peuple est soumis au       joug imp\u00e9rialiste et colonialiste, au Moyen-Orient, en Afrique, en       Am\u00e9rique latine ou ailleurs, sans h\u00e9sitations, nous sommes aux c\u00f4t\u00e9s de la       r\u00e9sistance !              Alors, et pour conclure : Merci ! Merci d\u2019avoir os\u00e9. Merci d\u2019oser encore !              Le 28 juillet 2006               <strong><font>Le Mouvement des Indig\u00e8nes de la R\u00e9publique<\/font><\/strong><\/div>\n<div align=\"justify\"> <strong><font>Site web : http:\/\/www.indigenes-republique.org\/<\/font><\/strong><\/div>\n<p> <\/font> <\/div>\n<p> <\/font><\/div>\n<hr\/>\n<p align=\"center\"><b><a href=\"https:\/\/tunisnews.net\/ar\/\"><span>Home<\/span><span lang=\"FR-CH\"> &#8211; Accueil <\/span><span>&#8211; <\/span><span dir=\"rtl\" lang=\"AR-SA\">\u0627\u0644\u0631\u0626\u064a\u0633\u064a\u0629<\/span><\/a><\/b><\/p>\n<p align=\"center\">\u00a0<\/p>\n<p><\/body><\/body><\/html><\/p>","protected":false},"excerpt":{"rendered":"<p>Home &#8211; Accueil &#8211; \u0627\u0644\u0631\u0626\u064a\u0633\u064a\u0629 TUNISNEWS 7\u00a0\u00e8me\u00a0ann\u00e9e, N\u00b0\u00a02259 du 29.07.2006 \u00a0archives : www.tunisnews.net Affaire Adel Trabelsi\u00a0&#8211; Mme Belkhirat lance un appel au Pr\u00e9sident\u00a0 Chirac AFP: Examen d&rsquo;un deuxi\u00e8me r\u00e9f\u00e9r\u00e9 contre l&rsquo;expulsion d&rsquo;Adel Tebourski AFP: Affaire Tebourski: le Comit\u00e9 contre la torture de l&rsquo;ONU interpelle la France AP: 17 disparus dans un naufrage d\u2019une embarcation de [&hellip;]<\/p>\n","protected":false},"author":1,"featured_media":22040,"comment_status":"open","ping_status":"open","sticky":false,"template":"","format":"standard","meta":{"inline_featured_image":false,"site-sidebar-layout":"default","site-content-layout":"","ast-site-content-layout":"default","site-content-style":"default","site-sidebar-style":"default","ast-global-header-display":"","ast-banner-title-visibility":"","ast-main-header-display":"","ast-hfb-above-header-display":"","ast-hfb-below-header-display":"","ast-hfb-mobile-header-display":"","site-post-title":"","ast-breadcrumbs-content":"","ast-featured-img":"","footer-sml-layout":"","ast-disable-related-posts":"","theme-transparent-header-meta":"","adv-header-id-meta":"","stick-header-meta":"","header-above-stick-meta":"","header-main-stick-meta":"","header-below-stick-meta":"","astra-migrate-meta-layouts":"default","ast-page-background-enabled":"default","ast-page-background-meta":{"desktop":{"background-color":"","background-image":"","background-repeat":"repeat","background-position":"center center","background-size":"auto","background-attachment":"scroll","background-type":"","background-media":"","overlay-type":"","overlay-color":"","overlay-opacity":"","overlay-gradient":""},"tablet":{"background-color":"","background-image":"","background-repeat":"repeat","background-position":"center center","background-size":"auto","background-attachment":"scroll","background-type":"","background-media":"","overlay-type":"","overlay-color":"","overlay-opacity":"","overlay-gradient":""},"mobile":{"background-color":"","background-image":"","background-repeat":"repeat","background-position":"center center","background-size":"auto","background-attachment":"scroll","background-type":"","background-media":"","overlay-type":"","overlay-color":"","overlay-opacity":"","overlay-gradient":""}},"ast-content-background-meta":{"desktop":{"background-color":"var(--ast-global-color-5)","background-image":"","background-repeat":"repeat","background-position":"center center","background-size":"auto","background-attachment":"scroll","background-type":"","background-media":"","overlay-type":"","overlay-color":"","overlay-opacity":"","overlay-gradient":""},"tablet":{"background-color":"var(--ast-global-color-5)","background-image":"","background-repeat":"repeat","background-position":"center center","background-size":"auto","background-attachment":"scroll","background-type":"","background-media":"","overlay-type":"","overlay-color":"","overlay-opacity":"","overlay-gradient":""},"mobile":{"background-color":"var(--ast-global-color-5)","background-image":"","background-repeat":"repeat","background-position":"center center","background-size":"auto","background-attachment":"scroll","background-type":"","background-media":"","overlay-type":"","overlay-color":"","overlay-opacity":"","overlay-gradient":""}},"footnotes":""},"categories":[],"tags":[59,37,29],"class_list":["post-17927","post","type-post","status-publish","format-standard","has-post-thumbnail","hentry","tag-59","tag-37","tag-fr"],"_links":{"self":[{"href":"https:\/\/tunisnews.net\/ar\/wp-json\/wp\/v2\/posts\/17927","targetHints":{"allow":["GET"]}}],"collection":[{"href":"https:\/\/tunisnews.net\/ar\/wp-json\/wp\/v2\/posts"}],"about":[{"href":"https:\/\/tunisnews.net\/ar\/wp-json\/wp\/v2\/types\/post"}],"author":[{"embeddable":true,"href":"https:\/\/tunisnews.net\/ar\/wp-json\/wp\/v2\/users\/1"}],"replies":[{"embeddable":true,"href":"https:\/\/tunisnews.net\/ar\/wp-json\/wp\/v2\/comments?post=17927"}],"version-history":[{"count":0,"href":"https:\/\/tunisnews.net\/ar\/wp-json\/wp\/v2\/posts\/17927\/revisions"}],"wp:featuredmedia":[{"embeddable":true,"href":"https:\/\/tunisnews.net\/ar\/wp-json\/wp\/v2\/media\/22040"}],"wp:attachment":[{"href":"https:\/\/tunisnews.net\/ar\/wp-json\/wp\/v2\/media?parent=17927"}],"wp:term":[{"taxonomy":"category","embeddable":true,"href":"https:\/\/tunisnews.net\/ar\/wp-json\/wp\/v2\/categories?post=17927"},{"taxonomy":"post_tag","embeddable":true,"href":"https:\/\/tunisnews.net\/ar\/wp-json\/wp\/v2\/tags?post=17927"}],"curies":[{"name":"wp","href":"https:\/\/api.w.org\/{rel}","templated":true}]}}