{"id":17896,"date":"2006-10-09T00:00:00","date_gmt":"2006-10-09T00:00:00","guid":{"rendered":"https:\/\/tunisnews.net\/9-octobre-2006\/"},"modified":"2006-10-09T00:00:00","modified_gmt":"2006-10-09T00:00:00","slug":"9-octobre-2006","status":"publish","type":"post","link":"https:\/\/tunisnews.net\/ar\/9-octobre-2006\/","title":{"rendered":"9 octobre 2006"},"content":{"rendered":"<p><html><head><meta content=\"text\/html\" description=\"  \u00a0\u00a0\u00a0\u00a0\u00a0\u00a0\u00a0\u00a0\u00a0\u00a0\u00a0\u00a0\u00a0\u00a0\u00a0\u00a0\u00a0\u00a0\u00a0\u00a0\u00a0\u00a0\u00a0\u00a0   \u00a0\u00a0\u00a0\u00a0\u00a0\u00a0\u00a0\u00a0\u00a0\u00a0\u00a0\u00a0\u00a0\u00a0\u00a0\u00a0\u00a0\u00a0\u00a0\u00a0\u00a0\u00a0\u00a0\u00a0\u00a0\u00a0\u00a0\u00a0\u00a0\u00a0\u00a0\u00a0\u00a0\u00a0\u00a0\u00a0\u00a0\u00a0\u00a0\u00a0\u00a0\u00a0\u00a0\u00a0\u00a0\u00a0\u00a0\u00a0\u00a0\u00a0\u00a0\u00a0\u00a0\u00a0\u00a0\u00a0\u00a0\u00a0\u00a0\u00a0\u00a0\u00a0\u00a0\u00a0\u00a0\u00a0\u00a0\u00a0\u00a0\u00a0\u00a0\u00a0\u00a0\u00a0\u00a0\u00a0\u00a0\u00a0\u00a0\u00a0\u00a0\u00a0\u00a0\u00a0\u00a0\u00a0\u00a0\u00a0\u00a0\u00a0\u00a0\u00a0\u00a0\u00a0\u00a0\u00a0\u00a0\u00a0\u00a0\u00a0\u00a0\u00a0\u00a0\u00a0\u00a0\u00a0\u00a0\u00a0\u00a0\u00a0\u00a0\u00a0\u00a0\u00a0\u00a0\u00a0\u00a0\u00a0\u00a0\u00a0\u00a0\u00a0\u00a0\u00a0\u00a0\u00a0\u00a0\u00a0\u00a0\u00a0   \u00a0\u00a0\u00a0\u00a0\u00a0\u00a0\u00a0\u00a0\u00a0\u00a0\u00a0\u00a0\u00a0\u00a0\u00a0\u00a0\u00a0\u00a0\u00a0\u00a0\u00a0\u00a0\u00a0\u00a0\u00a0\u00a0\u00a0\u00a0\u00a0\u00a0\u00a0\u00a0\u00a0\u00a0\u00a0\u00a0\u00a0\u00a0\u00a0\u00a0\u00a0\u00a0\u00a0\u00a0\u00a0\u00a0\u00a0\u00a0\u00a0\u00a0\u00a0\u00a0\u00a0\u00a0\u00a0\u00a0\u00a0\u00a0\u00a0\u00a0\u00a0\u00a0\u00a0\u00a0\u00a0\u00a0\u00a0\u00a0\u00a0\u00a0\u00a0\u00a0\u00a0\u00a0\u00a0\u00a0\u00a0\u00a0\u00a0\u00a0\u00a0\u00a0\u00a0\u00a0\u00a0\u00a0\u00a0\u00a0\u00a0\u00a0\u00a0\u00a0\u00a0\u00a0\u00a0\u00a0\u00a0\u00a0\u00a0\u00a0\u00a0\u00a0\u00a0\u00a0\u00a0\u00a0\u00a0\u00a0\u00a0\u00a0\u00a0\u00a0\u00a0\u00a0\u00a0\u00a0\u00a0\u00a0\u00a0\u00a0\u00a0\u00a0\u00a0\u00a0\u00a0\u00a0\u00a0\u00a0\u00a0\u00a0\u00a0\u00a0\u00a0\u00a0\u00a0\u00a0\u00a0\u00a0\u00a0\u00a0\u00a0\u00a0\u00a0\u00a0\u00a0\u00a0\u00a0\u00a0\u00a0\u00a0\u00a0\u00a0\u00a0\u00a0   \u00a0\u00a0\u00a0\u00a0\u00a0\u00a0\u00a0\u00a0\u00a0\u00a0\u00a0\u00a0\u00a0\u00a0\u00a0\u00a0\u00a0\u00a0\u00a0\u00a0\u00a0\u00a0\u00a0\u00a0\u00a0\u00a0\u00a0\u00a0\u00a0\u00a0\u00a0\u00a0\u00a0\u00a0\u00a0\u00a0\u00a0\u00a0\u00a0\u00a0\u00a0\u00a0\u00a0\u00a0\u00a0\u00a0\u00a0\u00a0\u00a0\u00a0\u00a0\u00a0\u00a0\u00a0\u00a0\u00a0\u00a0\u00a0\u00a0\u00a0\u00a0\u00a0\u00a0\u00a0\u00a0\u00a0\u00a0 Besan\u00e7on,   le 8 octobre\u00a0 2006\" http-equiv=\"Content-Type\"\/><\/head><body><body><\/p>\n<p align=\"center\"><b><a href=\"https:\/\/tunisnews.net\/ar\/\"><span>Home<\/span><span lang=\"FR-CH\"> &#8211; Accueil <\/span><span>&#8211; <\/span><span dir=\"rtl\" lang=\"AR-SA\">\u0627\u0644\u0631\u0626\u064a\u0633\u064a\u0629<\/span><\/a><\/b><\/p>\n<div> <font face=\"Arial\" size=\"2\"> <\/p>\n<div>\n<table border=\"1\" width=\"100%\">\n<tr>\n<td bgcolor=\"#efefef\" width=\"100%\"> <span lang=\"AR-SA\"> <\/p>\n<div align=\"left\">  <\/div>\n<div> <span lang=\"FR\"> <\/p>\n<div align=\"center\" dir=\"ltr\"> <font face=\"Arial\" size=\"2\"><font> <span lang=\"SV\"> <strong>TUNISNEWS<\/strong><\/span> <\/font><\/font> <\/div>\n<div align=\"center\" dir=\"ltr\"> <strong><font face=\"Arial\" size=\"2\"><font>            7\u00a0\u00e8me\u00a0ann\u00e9e, <span lang=\"FR\">N\u00b0\u00a02331 du 09.10.2006<\/span><\/font><\/font><\/strong><\/div>\n<div align=\"center\" dir=\"ltr\"> <strong> <\/p>\n<div align=\"center\"> <b><span><blink> <font face=\"Arial\" size=\"2\">\u00a0archives : <\/font> <a href=\"https:\/\/tunisnews.net\/ar\/\" target=\"_blank\" rel=\"noopener\"> <font face=\"Arial\" size=\"2\" target=\"_blank\">              www.tunisnews.net<\/font><\/a><\/blink><\/span><\/b><font face=\"Arial\" size=\"2\"> <\/font> <\/div>\n<p> <\/strong><\/div>\n<p> <\/span><\/div>\n<div align=\"left\" dir=\"ltr\"> <font face=\"Arial\" size=\"2\"> <\/p>\n<hr noshade=\"\" size=\"8\"\/><\/font> <\/div>\n<div align=\"left\" dir=\"ltr\"> <font> <span lang=\"FR\"> <\/p>\n<div align=\"left\"> <span lang=\"FR\"> <\/p>\n<div>\n<div>\n<div>\n<p><font> <\/p>\n<div> <span lang=\"FR\"> <\/p>\n<div> <strong><font size=\"2\">CIDT-TUNISIE:                      <span lang=\"FR\">                      Fa\u00efsal\u00a0 BARAKAT aurait eu 40 ans cette ann\u00e9e&#8230;<\/span> I<span lang=\"FR\">l                       y a 15 ans, la terreur par la torture etait                       institutionnalis\u00e9e<\/span><u1:personname productid=\"LA TERREUR PAR\" u2:st=\"on\"><\/u1:personname><u1:personname productid=\"LA TORTURE ETAIT\" u2:st=\"on\"><\/u1:personname><\/font><\/strong><\/div>\n<div> <strong><font size=\"2\">AP: Souha Arafat et                       sa fille obtiennent la nationalit\u00e9 tunisienne<\/font><\/strong><\/div>\n<div> <font size=\"2\"><strong>Reuters: Tunisia says headscarf ban                       protects women&rsquo;s rights                       <font>AFP: Une banque marocaine rach\u00e8te                       une banque s\u00e9n\u00e9galo-tunisienne<\/font> <\/strong><\/font> <\/div>\n<p> <\/span><\/div>\n<p> <\/font><\/p>\n<\/div><\/div>\n<\/p><\/div>\n<p> <\/span><\/div>\n<p> <\/span><\/font><\/div>\n<p> <\/span><\/td>\n<\/tr>\n<\/table><\/div>\n<p> <\/font><\/div>\n<div> <font face=\"Arial\" size=\"2\"> <\/p>\n<p align=\"center\">\u00a0<\/p>\n<p align=\"center\">\u00a0<\/p>\n<p align=\"center\"><b> <span lang=\"FR\"> <u>CENTRE\u00a0 D\u2019INFORMATION\u00a0 ET\u00a0 DE\u00a0 DOCUMENTATION\u00a0 SUR\u00a0 LA\u00a0 TORTURE<\/u><\/span><\/b><\/p>\n<p align=\"center\"> <b> <span lang=\"FR\">  \u00a0\u00a0\u00a0\u00a0\u00a0\u00a0\u00a0\u00a0\u00a0\u00a0\u00a0\u00a0\u00a0\u00a0\u00a0\u00a0\u00a0\u00a0\u00a0\u00a0\u00a0\u00a0\u00a0\u00a0\u00a0\u00a0\u00a0 <u>CIDT-TUNISIE<\/u><\/span><\/b><\/p>\n<p align=\"center\"> <u><span lang=\"FR\">Association de   citoyens du monde pour le droit des Tunisiens \u00e0 ne pas \u00eatre tortur\u00e9s <\/span> <\/u><\/p>\n<p align=\"center\"> <b><u><span lang=\"FR\">Membre du   R\u00e9seau SOS-Torture de l&rsquo;OMCT-Gen\u00e8ve<\/span><\/u><\/b><\/p>\n<p align=\"center\"> <span lang=\"FR\">\u00a0<\/span><\/p>\n<p> <span lang=\"FR\">\u00a0\u00a0 <u>Comit\u00e9   d\u2019honneur :<\/u> <\/span><\/p>\n<p> <span lang=\"FR\">\u00a0\u00a0 M. Jacques\u00a0   FRAN\u00c7OIS<\/span><\/p>\n<p> <span lang=\"FR\">\u00a0\u00a0 Mgr Jacques\u00a0   GAILLOT<\/span><\/p>\n<p> <span lang=\"FR\">\u00a0\u00a0 Dr. H\u00e9l\u00e8ne\u00a0   JAFF\u00c9<\/span><\/p>\n<p> <span lang=\"FR\">\u00a0\u00a0 M. Gilles   PERRAULT<\/span><\/p>\n<p> <span lang=\"FR\">\u00a0\u00a0 M. Fran\u00e7ois DE\u00a0   VARGAS<\/span><\/p>\n<p> <span lang=\"FR\">  \u00a0\u00a0\u00a0\u00a0\u00a0\u00a0\u00a0\u00a0\u00a0\u00a0\u00a0\u00a0\u00a0\u00a0\u00a0\u00a0\u00a0\u00a0\u00a0\u00a0\u00a0\u00a0\u00a0\u00a0   \u00a0\u00a0\u00a0\u00a0\u00a0\u00a0\u00a0\u00a0\u00a0\u00a0\u00a0\u00a0\u00a0\u00a0\u00a0\u00a0\u00a0\u00a0\u00a0\u00a0\u00a0\u00a0\u00a0\u00a0\u00a0\u00a0\u00a0\u00a0\u00a0\u00a0\u00a0\u00a0\u00a0\u00a0\u00a0\u00a0\u00a0\u00a0\u00a0\u00a0\u00a0\u00a0\u00a0\u00a0\u00a0\u00a0\u00a0\u00a0\u00a0\u00a0\u00a0\u00a0\u00a0\u00a0\u00a0\u00a0\u00a0\u00a0\u00a0\u00a0\u00a0\u00a0\u00a0\u00a0\u00a0\u00a0\u00a0\u00a0\u00a0\u00a0\u00a0\u00a0\u00a0\u00a0\u00a0\u00a0\u00a0\u00a0\u00a0\u00a0\u00a0\u00a0\u00a0\u00a0\u00a0\u00a0\u00a0\u00a0\u00a0\u00a0\u00a0\u00a0\u00a0\u00a0\u00a0\u00a0\u00a0\u00a0\u00a0\u00a0\u00a0\u00a0\u00a0\u00a0\u00a0\u00a0\u00a0\u00a0\u00a0\u00a0\u00a0\u00a0\u00a0\u00a0\u00a0\u00a0\u00a0\u00a0\u00a0\u00a0\u00a0\u00a0\u00a0\u00a0\u00a0\u00a0\u00a0\u00a0\u00a0\u00a0   \u00a0\u00a0\u00a0\u00a0\u00a0\u00a0\u00a0\u00a0\u00a0\u00a0\u00a0\u00a0\u00a0\u00a0\u00a0\u00a0\u00a0\u00a0\u00a0\u00a0\u00a0\u00a0\u00a0\u00a0\u00a0\u00a0\u00a0\u00a0\u00a0\u00a0\u00a0\u00a0\u00a0\u00a0\u00a0\u00a0\u00a0\u00a0\u00a0\u00a0\u00a0\u00a0\u00a0\u00a0\u00a0\u00a0\u00a0\u00a0\u00a0\u00a0\u00a0\u00a0\u00a0\u00a0\u00a0\u00a0\u00a0\u00a0\u00a0\u00a0\u00a0\u00a0\u00a0\u00a0\u00a0\u00a0\u00a0\u00a0\u00a0\u00a0\u00a0\u00a0\u00a0\u00a0\u00a0\u00a0\u00a0\u00a0\u00a0\u00a0\u00a0\u00a0\u00a0\u00a0\u00a0\u00a0\u00a0\u00a0\u00a0\u00a0\u00a0\u00a0\u00a0\u00a0\u00a0\u00a0\u00a0\u00a0\u00a0\u00a0\u00a0\u00a0\u00a0\u00a0\u00a0\u00a0\u00a0\u00a0\u00a0\u00a0\u00a0\u00a0\u00a0\u00a0\u00a0\u00a0\u00a0\u00a0\u00a0\u00a0\u00a0\u00a0\u00a0\u00a0\u00a0\u00a0\u00a0\u00a0\u00a0\u00a0\u00a0\u00a0\u00a0\u00a0\u00a0\u00a0\u00a0\u00a0\u00a0\u00a0\u00a0\u00a0\u00a0\u00a0\u00a0\u00a0\u00a0\u00a0\u00a0\u00a0\u00a0\u00a0\u00a0\u00a0   \u00a0\u00a0\u00a0\u00a0\u00a0\u00a0\u00a0\u00a0\u00a0\u00a0\u00a0\u00a0\u00a0\u00a0\u00a0\u00a0\u00a0\u00a0\u00a0\u00a0\u00a0\u00a0\u00a0\u00a0\u00a0\u00a0\u00a0\u00a0\u00a0\u00a0\u00a0\u00a0\u00a0\u00a0\u00a0\u00a0\u00a0\u00a0\u00a0\u00a0\u00a0\u00a0\u00a0\u00a0\u00a0\u00a0\u00a0\u00a0\u00a0\u00a0\u00a0\u00a0\u00a0\u00a0\u00a0\u00a0\u00a0\u00a0\u00a0\u00a0\u00a0\u00a0\u00a0\u00a0\u00a0\u00a0\u00a0 Besan\u00e7on,   le 8 octobre\u00a0 2006<\/span><\/p>\n<p> <span lang=\"FR\">\u00a0\u00a0 <u>Pr\u00e9sident :<\/u><\/span><\/p>\n<p> <span lang=\"FR\">\u00a0\u00a0 Jean-Marc M\u00c9TIN<\/span><\/p>\n<p> <span lang=\"FR\">\u00a0<\/span><\/p>\n<p align=\"center\"> <strong><u> <span lang=\"FR\"> <font size=\"3\">Fa\u00efsal\u00a0 BARAKAT aurait eu 40 ans cette ann\u00e9e&#8230;<\/font><\/span><\/u><\/strong><\/p>\n<h2 align=\"center\" style=\"color: red;\"> <span lang=\"FR\"> <font size=\"3\">IL Y A 15 ANS, LA TERREUR PAR LA TORTURE ETAIT   INSTITUTIONNALISEE<\/font><\/span><\/h2>\n<p> <span lang=\"FR\">\u00a0<\/span><\/p>\n<p> <span lang=\"FR\">Il y a 14 ans jour   pour jour, le 8 octobre 1991, vers midi, une voiture banalis\u00e9e s&rsquo;arr\u00eate en   trombe devant le poste de la Garde nationale de Nabeul, \u00e0 la sortie de la   ville en direction de Tunis. Des agents en civil en descendent, tra\u00eenant un   jeune homme en slip, le visage ensanglant\u00e9. Dans le bureau d&rsquo;accueil, des   agents s&rsquo;alertent les uns les autres en hurlant, dans une mise en sc\u00e8ne bien   \u00e9labor\u00e9e. Ils se ruent sur le jeune homme recroquevill\u00e9 par terre, toujours   menott\u00e9, prot\u00e9geant instinctivement son visage et tremblant de froid et   d&rsquo;effroi. Apr\u00e8s une bastonnade en r\u00e8gle, Fa\u00efsal est introduit au bureau du   chef de la Brigade de Recherches \u2013 al abhath wattaftich -, le capitaine   Abdelfattah LADIB. Une huitaine d&rsquo;agents se relaieront sur lui durant toute   l&rsquo;apr\u00e8s-midi.<\/span><\/p>\n<p> <span lang=\"FR\">  \u00a0\u00a0\u00a0\u00a0\u00a0\u00a0\u00a0\u00a0\u00a0\u00a0\u00a0\u00a0\u00a0\u00a0\u00a0\u00a0\u00a0\u00a0\u00a0\u00a0\u00a0 Fa\u00efsal est attach\u00e9 dans la position dite du \u00ab\u00a0poulet   r\u00f4ti\u00a0\u00bb. Il a les plantes des pieds, les fesses, les tibias et l&rsquo;ext\u00e9rieur des   bras imparablement expos\u00e9s. Suspendu entre deux tables par un gros b\u00e2ton pr\u00e9vu   \u00e0 cet usage. Le supplice durera jusqu&rsquo;\u00e0 la tomb\u00e9e de la nuit. Quand il est   jet\u00e9 dans le couloir, ses compagnons d&rsquo;infortune sont abasourdis par les   heures de hurlements et de cascades de coups. Ils ont du mal \u00e0 d\u00e9faire ses   liens. Un fil t\u00e9nu qui lui enserre le p\u00e9nis jusqu&rsquo;au sang, tient t\u00eate   plusieurs minutes. Jamel, le fr\u00e8re cadet de Fa\u00efsal, est l\u00e0, h\u00e9b\u00e9t\u00e9 d&rsquo;horreur   et de terreur.<\/span><\/p>\n<p> <span lang=\"FR\">  \u00a0\u00a0\u00a0\u00a0\u00a0\u00a0\u00a0\u00a0\u00a0\u00a0\u00a0\u00a0\u00a0\u00a0\u00a0\u00a0\u00a0\u00a0\u00a0\u00a0\u00a0 \u00ab\u00a0<i>C&rsquo;est un accident de la circulation<\/i>\u00a0\u00bb,   claironne le gouvernement depuis le d\u00e9but de l&rsquo;affaire. Mais alors, comment   expliquer la \u00ab\u00a0<i>perforation de la jonction rectosigmo\u00efdienne<\/i>\u00a0\u00bb, relev\u00e9e   dans le rapport d&rsquo;autopsie ? Autrement dit, qu&rsquo;est-ce qui a entra\u00een\u00e9 une   atteinte tr\u00e8s localis\u00e9e, voire quasi-chirurgicale, au niveau de la jonction   entre l&rsquo;intestin gros et le rectum, d\u00e9versant leur contenu dans l&rsquo;abdomen, ce   qui explique la derni\u00e8re et lugubre mention du rapport d&rsquo;autopsie tunisien : \u00ab<i>\u00a0Estomac   vide<\/i>\u00a0\u00bb? <\/span><\/p>\n<p> <span lang=\"FR\">  \u00a0\u00a0\u00a0\u00a0\u00a0\u00a0\u00a0\u00a0\u00a0\u00a0\u00a0\u00a0\u00a0\u00a0\u00a0\u00a0\u00a0\u00a0\u00a0\u00a0\u00a0 Les m\u00e9decins l\u00e9gistes britanniques, danois et fran\u00e7ais*   qui se sont prononc\u00e9s sur le rapport d&rsquo;autopsie tunisien ont d\u00e9clar\u00e9 possible   qu&rsquo;un accident de la circulation aboutisse \u00e0 ce type de l\u00e9sions. Mais alors il   faudrait qu&rsquo;elle soit accompagn\u00e9e d&rsquo;atteintes aux os environnants et de   fractures au niveau du bassin, ce qui n&rsquo;a pas \u00e9t\u00e9 relev\u00e9 par l&rsquo;autopsie. Etant   pr\u00e9cis\u00e9 que les dermabrasions et autres blessures relev\u00e9es notamment au niveau   de la plante des pieds, ne peuvent aucunement r\u00e9sulter d&rsquo;un accident, de   l\u2019avis de tous ces \u00e9minents experts, qui ne se sont jamais concert\u00e9s sur le   cas.<\/span><\/p>\n<p> <span lang=\"FR\">  \u00a0\u00a0\u00a0\u00a0\u00a0\u00a0\u00a0\u00a0\u00a0\u00a0\u00a0\u00a0\u00a0\u00a0\u00a0\u00a0\u00a0\u00a0\u00a0\u00a0\u00a0 Mais le pouvoir avait pris sa r\u00e9solution depuis   l\u2019\u00e9clatement de l\u2019affaire\u00a0: aucune marche arri\u00e8re possible par rapport \u00e0 la   th\u00e8se de l\u2019accident de la circulation, aussi invraisemblable qu\u2019elle par\u00fbt.   C\u2019est l\u00e0 que se d\u00e9voile avec \u00e9clat la d\u00e9marche concert\u00e9e et d\u00e9lib\u00e9r\u00e9e de   gouvernement par la torture. L\u2019Etat tout entier se met en branle pour \u00e9touffer   la v\u00e9rit\u00e9 tout en engendrant un sentiment diffus et savamment dos\u00e9 de terreur   dans la population. Il en \u00e9tait ainsi depuis les premiers cas de mort sous la   torture parsemant le parcours du g\u00e9n\u00e9ral Ben Ali \u00e0 divers niveaux du minist\u00e8re   de l\u2019int\u00e9rieur. Mais c\u2019\u00e9tait assur\u00e9ment la premi\u00e8re et la seule fois o\u00f9 il   \u00e9tait accul\u00e9 \u00e0 r\u00e9pondre de mani\u00e8re circonstanci\u00e9e sur un cas sp\u00e9cifique, avec   des preuves issues de ses propres services. <\/span><\/p>\n<p> <span lang=\"FR\">C\u2019est ce qui l\u2019a   amen\u00e9 \u00e0 impliquer \u00e0 ses c\u00f4t\u00e9s des corps prestigieux de la soci\u00e9t\u00e9. Mais seuls   les individus qui se sont pr\u00eat\u00e9s au jeu devront un jour ou l&rsquo;autre rendre des   comptes au peuple tunisien. Les m\u00e9decins d&rsquo;abord, repr\u00e9sent\u00e9s par l&rsquo;ancien   doyen Abdelaziz Ghachem, disparu le 2 octobre courant. Il \u00e9tait\u00a0 membre du   parti au pouvoir et multi-id\u00e9cor\u00e9 de l&rsquo;Etat. Le parfait apparatchik. C&rsquo;est lui   qui a tent\u00e9 d&rsquo;\u00e9carter la th\u00e8se de l&rsquo;agression fatale telle que d\u00e9crite plus   haut. Cet \u00e9minent sp\u00e9cialiste, longtemps l\u00e9giste de service du gouvernement,   finira par pr\u00e9tendre que la cause de la mort est \u00ab\u00a0<i>impossible \u00e0 d\u00e9terminer<\/i>\u00a0\u00bb.   Aux derni\u00e8res nouvelles, il n\u2019aurait pu embarquer avec lui aucune des   d\u00e9corations que lui a g\u00e9n\u00e9reusement accord\u00e9 le g\u00e9n\u00e9ral Ben Ali\u2026<\/span><\/p>\n<p> <span lang=\"FR\">  \u00a0\u00a0\u00a0\u00a0\u00a0\u00a0\u00a0\u00a0\u00a0\u00a0\u00a0\u00a0\u00a0\u00a0\u00a0\u00a0\u00a0\u00a0\u00a0\u00a0\u00a0 Viennent ensuite, les avocats, repr\u00e9sent\u00e9s par   Mohamed-Ahmed El Marhoul. Cet avocat a pris sur lui de contacter le p\u00e8re de   Fa\u00efsal, feu H\u00e9di Barakat, toujours par l&rsquo;interm\u00e9diaire d&rsquo;un certain Mohamed   Riahi, pour lui proposer de porter plainte en son nom. Sous la peur, le p\u00e8re   Barakat, laveur au hammam (\u00ab\u00a0tayyeb\u00a0\u00bb) et analphab\u00e8te, s&rsquo;est ex\u00e9cut\u00e9. En moins   de deux ans, l&rsquo;affaire avait \u00e9t\u00e9 r\u00e9gl\u00e9e par la dr\u00f4le de justice : malgr\u00e9 la   p\u00e9remption de tous les d\u00e9lais l\u00e9gaux, le contentieux de l&rsquo;Etat avait \u00e9t\u00e9   condamn\u00e9 \u00e0 verser aux ayants droit dix mille dinars, port\u00e9s en appel \u00e0 douze   mille. Le gouvernement demandait \u00e0 la famille de monnayer le sang de son fils.   Ce jugement est un cas d&rsquo;\u00e9cole de l&rsquo;usage fait de la justice. Par la suite, El   Marhoul\u00a0 harc\u00e8lera\u00a0 la famille pour qu&rsquo;elle vienne dans son \u00e9tude r\u00e9cup\u00e9rer le   magot. Il attend toujours.<\/span><\/p>\n<p> <span lang=\"FR\">  \u00a0\u00a0\u00a0\u00a0\u00a0\u00a0\u00a0\u00a0\u00a0\u00a0\u00a0\u00a0\u00a0\u00a0\u00a0\u00a0\u00a0\u00a0\u00a0\u00a0\u00a0 Mais il est \u00e0 noter que, depuis au moins sept ans que   nous d\u00e9non\u00e7ons l\u2019implication de cet avocassier dans la machination visant \u00e0   \u00e9touffer l\u2019affaire devant le CAT, Me Marhoul n\u2019a jamais eu l\u2019id\u00e9e de nous   citer \u00e0 compara\u00eetre devant les tribunaux fran\u00e7ais pour diffamation   \u00e9ventuelle&#8230;<\/span><\/p>\n<p> <span lang=\"FR\">\u00a0<\/span><\/p>\n<p> <span lang=\"FR\">  \u00a0\u00a0\u00a0\u00a0\u00a0\u00a0\u00a0\u00a0\u00a0\u00a0\u00a0\u00a0\u00a0\u00a0\u00a0\u00a0\u00a0\u00a0\u00a0\u00a0\u00a0 Dans le m\u00eame cadre et en 2002, une lettre a \u00e9t\u00e9 envoy\u00e9e   par la Coalition des ONG internationales contre la torture (CINAT : Amnesty   International, OMCT, APT, REDRESS et FI-ACAT) au pr\u00e9sident du Comit\u00e9, le   Canadien Burns, lui demandant d&rsquo;agir en vue d&rsquo;amener le gouvernement de Tunis   \u00e0 coop\u00e9rer avec le Comit\u00e9. L&rsquo;on croit savoir que ce dernier a convoqu\u00e9 un   repr\u00e9sentant du gouvernement tunisien pour une entrevue apparemment rest\u00e9e   vaine. <\/span><\/p>\n<p> <span lang=\"FR\">\u00a0<\/span><\/p>\n<p> <span lang=\"FR\">  \u00a0\u00a0\u00a0\u00a0\u00a0\u00a0\u00a0\u00a0\u00a0\u00a0\u00a0\u00a0\u00a0\u00a0\u00a0\u00a0\u00a0\u00a0\u00a0\u00a0\u00a0 En ce quinzi\u00e8me anniversaire de la disparition du jeune   Fa\u00efsal, a\u00een\u00e9 de ses cinq fr\u00e8res, il est anormal que la soci\u00e9t\u00e9 tunisienne tout   enti\u00e8re n\u2019ait pas entour\u00e9 Mme Khira Matri, la m\u00e8re BARAKAT, de toute sa   sollicitude face \u00e0 sa trag\u00e9die et aux difficult\u00e9s de l\u2019existence dues   essentiellement au sort de son fils a\u00een\u00e9.<\/span><\/p>\n<p> <span lang=\"FR\">  \u00a0\u00a0\u00a0\u00a0\u00a0\u00a0\u00a0\u00a0\u00a0\u00a0\u00a0\u00a0\u00a0\u00a0\u00a0\u00a0\u00a0\u00a0\u00a0\u00a0\u00a0 Nous voudrions exhorter la soci\u00e9t\u00e9 civile tunisienne,   personnalit\u00e9s et institutions, \u00e0 briser l\u2019isolement de cette m\u00e8re tunisienne   qui fait face avec courage et abn\u00e9gation, apr\u00e8s la disparition de son \u00e9poux en   d\u00e9cembre 1995. <\/span><\/p>\n<p> <span lang=\"FR\">  \u00a0\u00a0\u00a0\u00a0\u00a0\u00a0\u00a0\u00a0\u00a0\u00a0\u00a0\u00a0\u00a0\u00a0\u00a0\u00a0\u00a0\u00a0\u00a0\u00a0\u00a0 La tortiocratie de Tunis joue encore le temps contre la   v\u00e9rit\u00e9, comme si les cas Pinochet, Habr\u00e9, Taylor et autres tyrans tropicaux   n\u2019existaient pas. Mais un jour ou l\u2019autre les Tunisiens exigeront des comptes.   En attendant, l\u2019\u00e2me de Fa\u00efsal BARAKAT continuera \u00e0 tourmenter les cauchemars   sombres et dor\u00e9s du g\u00e9n\u00e9ral Ben Ali.<\/span><\/p>\n<p> <span lang=\"FR\">\u00a0<\/span><\/p>\n<p> <span lang=\"FR\">  \u00a0\u00a0\u00a0\u00a0\u00a0\u00a0\u00a0\u00a0\u00a0\u00a0\u00a0\u00a0\u00a0\u00a0\u00a0\u00a0\u00a0\u00a0\u00a0\u00a0\u00a0\u00a0\u00a0\u00a0\u00a0\u00a0\u00a0\u00a0\u00a0\u00a0\u00a0\u00a0\u00a0\u00a0\u00a0\u00a0\u00a0\u00a0\u00a0\u00a0\u00a0\u00a0\u00a0\u00a0\u00a0\u00a0\u00a0\u00a0\u00a0\u00a0\u00a0\u00a0\u00a0\u00a0\u00a0\u00a0\u00a0\u00a0\u00a0\u00a0\u00a0\u00a0\u00a0\u00a0\u00a0\u00a0\u00a0\u00a0\u00a0\u00a0\u00a0\u00a0\u00a0\u00a0\u00a0\u00a0\u00a0\u00a0\u00a0\u00a0\u00a0\u00a0\u00a0\u00a0\u00a0\u00a0\u00a0\u00a0\u00a0\u00a0\u00a0\u00a0\u00a0\u00a0\u00a0\u00a0\u00a0\u00a0\u00a0\u00a0\u00a0\u00a0\u00a0  <\/span><b> <span lang=\"NL\">  Khaled BEN M\u2019BAREK<\/span><\/b><span lang=\"NL\">,   Coordinateur<\/span><\/p>\n<p> <span lang=\"NL\">  \u00a0\u00a0\u00a0\u00a0\u00a0\u00a0\u00a0\u00a0\u00a0\u00a0\u00a0\u00a0\u00a0\u00a0\u00a0\u00a0\u00a0\u00a0\u00a0\u00a0\u00a0\u00a0\u00a0\u00a0\u00a0\u00a0\u00a0\u00a0\u00a0\u00a0\u00a0\u00a0\u00a0\u00a0\u00a0\u00a0\u00a0\u00a0\u00a0\u00a0\u00a0\u00a0\u00a0\u00a0\u00a0\u00a0\u00a0\u00a0\u00a0\u00a0\u00a0\u00a0\u00a0\u00a0\u00a0\u00a0\u00a0\u00a0\u00a0\u00a0\u00a0\u00a0\u00a0\u00a0\u00a0\u00a0\u00a0\u00a0\u00a0\u00a0\u00a0\u00a0\u00a0\u00a0\u00a0\u00a0\u00a0\u00a0\u00a0\u00a0\u00a0\u00a0\u00a0\u00a0\u00a0\u00a0\u00a0\u00a0\u00a0\u00a0\u00a0\u00a0\u00a0\u00a0\u00a0\u00a0\u00a0\u00a0\u00a0\u00a0\u00a0\u00a0\u00a0  <\/span><span lang=\"FR\">Auteur des   Communications\u00a0 CAT 14\/1994\u00a0 &amp;\u00a0 CAT 60\/1996 <\/span><\/p>\n<p> <span lang=\"FR\">\u00a0<\/span><\/p>\n<p> <span lang=\"FR\">* Respectivement   Pr. J. D. POUNDER, D\u00e9partement de m\u00e9decine l\u00e9gale, universit\u00e9 de Dundee (GB),   Pr. B. NIGHT, Institut de M\u00e9decine l\u00e9gale du Pays de Galles (GB), Pr. L.   Fournier, Institut de M\u00e9decine l\u00e9gale de l\u2019universit\u00e9 Ren\u00e9 Descartes (France)   et Pr. J\u00f8rgen Thomsen, chef de l\u2019Institut de M\u00e9decine l\u00e9gale de l\u2019universit\u00e9   d\u2019Odense (Danemark)<\/span><\/p>\n<p> <span lang=\"FR\">\u00a0<\/span><\/p>\n<p> <span lang=\"FR\">\u00a0<\/span><\/p>\n<p> <span lang=\"FR\">\u00a0<\/span><\/p>\n<p> <span lang=\"FR\">** Les liens   suivants portent les textes du Comit\u00e9 contre la Torture sur l&rsquo;affaire Barakat   :<\/span><\/p>\n<p> <span lang=\"FR\">\u00a0<\/span><\/p>\n<p> <span lang=\"FR\"> <a href=\"http:\/\/www.unhchr.ch\/tbs\/doc.nsf\/23a89bf90e53e6ccc125656300593189\/46b5caf9f05f83f9802567a6004cfd23?OpenDocument&amp;Highlight=0,barakat\" target=\"_blank\" rel=\"noopener\">  http:\/\/www.unhchr.ch\/tbs\/doc.nsf\/23a89bf90e53e6ccc125656300593189\/46b5caf9f05f83f9802567a6004cfd23?OpenDocument&amp;Highlight=0,barakat<\/a><\/span><\/p>\n<p> <span lang=\"FR\">\u00a0<\/span><\/p>\n<p> <span lang=\"FR\"> <a href=\"http:\/\/www.unhchr.ch\/tbs\/doc.nsf\/23a89bf90e53e6ccc125656300593189\/3a3747c41a942b8e802568b8005058fb?OpenDocument&amp;Highlight=0,60%2F1996\" target=\"_blank\" rel=\"noopener\">  http:\/\/www.unhchr.ch\/tbs\/doc.nsf\/23a89bf90e53e6ccc125656300593189\/3a3747c41a942b8e802568b8005058fb?OpenDocument&amp;Highlight=0,60%2F1996<\/a><\/span><\/p>\n<p> <span lang=\"FR\">\u00a0<\/span><\/p>\n<p align=\"center\"> <span lang=\"FR\">  __________________________________________________________________________________________________________________<\/span><\/p>\n<p align=\"center\"> <span lang=\"FR\">Centre   d\u2019information et de documentation sur la Torture (CIDT-TUNISIE) Association   Loi 1901<\/span><\/p>\n<p align=\"center\"> <span lang=\"FR\">23, rue Brulard   F25000 Besan\u00e7on. FRANCE. T\u00e9l.\/Fax : (33 3) 81 41 33 22 . E-mail :   cidtunisie@free.fr<\/span><\/p>\n<p align=\"center\"> <span lang=\"NL\">CCP N\u00b0 : 6 458 94   X DIJON<\/span><\/p>\n<p><\/font><\/div>\n<div> <font face=\"Arial\" size=\"2\"><\/p>\n<hr\/>\n<p><\/font><\/div>\n<div>  \u00a0<\/div>\n<div> <font face=\"Arial\" size=\"2\"> <\/p>\n<p align=\"center\"><strong> <span lang=\"FR-CH\"><\/p>\n<h2 style=\"color: red;\"><font size=\"3\">\u00ab\u00a0Le Maghr\u00e9bin\u00a0\u00bb, Sommaire de l\u2019\u00e9dition du 9 octobre 2006<\/font><\/h2>\n<p><\/span> <\/strong><\/p>\n<div align=\"center\"> <strong> <span lang=\"EN-GB\"> <font size=\"3\"><\/p>\n<hr align=\"justify\" size=\"5\"\/><\/font><\/span> <\/strong> <\/div>\n<p align=\"justify\"><strong> <span lang=\"EN-GB\"> <a href=\"javascript:ol('http:\/\/www.hebdo.amd-maghreb.org\/index.php?option%3dcom_content%26amp;task%3dview%26amp;id%3d80%26amp;Itemid%3d52');\"> <span lang=\"FR-CH\">Maghreb\u00a0:<\/span><\/a><\/span><span lang=\"EN-GB\"> <\/span> <span lang=\"FR-CH\">  l&rsquo;islamisme au Maghreb\u00a0<\/span><\/strong><b><span lang=\"FR-CH\"> <\/span><\/b><strong> <span lang=\"FR-CH\">  Mounia Bennani Chra\u00efbi<\/span><span lang=\"FR-CH\">   , professeur associ\u00e9e \u00e0 l\u2019institut d\u2019\u00e9tudes politiques et internationales de   l\u2019universit\u00e9 de Lausanne ; <\/span> <span lang=\"FR-CH\">  Bruno Etienne,<\/span><span lang=\"FR-CH\">   professeur de sciences politiques et directeur de l\u2019Observatoire du religieux   \u00e0 l\u2019Institut d\u2019\u00e9tudes politiques d\u2019Aix-en-Provence et <\/span> <span lang=\"FR-CH\">  R\u00e9my Leveau,<\/span><span lang=\"FR-CH\">\u00a0   professeur \u00e9m\u00e9rite \u00e0 l\u2019Institut d\u2019\u00e9tudes politiques de Paris et directeur   scientifique de l\u2019annuaire Afrique du Nord-Moyen-Orient. Espace et conflits,\u00a0   donnent\u00a0\u00a0 leurs avis sur l\u2019\u00e9mergence de l\u2019islamisme au Maghreb. <\/span> <\/strong><\/p>\n<div align=\"center\"> <span lang=\"EN-GB\"> <\/p>\n<hr align=\"justify\" size=\"5\"\/><\/span> <\/div>\n<p align=\"justify\"><strong> <span lang=\"EN-GB\"> <a href=\"javascript:ol('http:\/\/www.hebdo.amd-maghreb.org\/index.php?option%3dcom_content%26amp;task%3dview%26amp;id%3d84%26amp;Itemid%3d27');\"> <span lang=\"FR-CH\">Editorial :<\/span><\/a><\/span><\/strong><span lang=\"EN-GB\"> <\/span><strong> <span lang=\"FR-CH\">  La Patrie contre la vie, par Omar S&rsquo;habou<\/span><\/strong><span lang=\"FR-CH\">   Comment\u00a0 peut-on ne pas ressentir une cruelle tristesse quand on apprend que   quatre sportifs de\u00a0 haut niveau, devant concourir au nom de la nation\u00a0 \u00e0 un   tournoi international, choisissent, au terme de la comp\u00e9tition, de ne pas   rentrer au pays et de lui pr\u00e9f\u00e9rer , tout compte fait, le pays organisateur du   tournoi ? C\u2019est ce que Mohammed Amin, Islam Tefahi,\u00a0 Amin Hosni et Mohammed   Omri, quatre champions de boxe tunisiens, ont choisi de faire au terme d\u2019un   tournoi en Allemagne. En d\u2019autres termes\u00a0 \u00ab\u00a0 harkou \u00bb (ils ont clandestinement   \u00e9migr\u00e9) comme le dit le\u00a0 langage populaire tunisien. Mais\u00a0 d\u2019une autre mani\u00e8re   : Plus \u00e9l\u00e9gante et plus s\u00fbre.\u00a0 <\/span><\/p>\n<div align=\"center\"> <span lang=\"EN-GB\"> <\/p>\n<hr align=\"justify\" size=\"5\"\/><\/span> <\/div>\n<p align=\"justify\"><strong> <span lang=\"EN-GB\"> <a href=\"javascript:ol('http:\/\/www.hebdo.amd-maghreb.org\/index.php?option%3dcom_content%26amp;task%3dview%26amp;id%3d83');\"> <span lang=\"FR-CH\">Maroc :<\/span><\/a><\/span><\/strong><span lang=\"EN-GB\"> <\/span><strong> <span lang=\"FR-CH\">  Le Maroc m\u00e9rite\u00a0 d\u2019abriter le premier Forum Civil dans le sud, par Y. Lahlali<\/span><\/strong><b><span lang=\"FR-CH\"> <\/span><\/b> <span lang=\"FR-CH\">  Abdelmaksoud Rachdi, pr\u00e9sident de l\u2019association \u00ab Chouala \u00bb et vice pr\u00e9sident   de Plate-forme Euromed, cordinateur du r\u00e9seau Euromed MAROC nous explique pour   quelles raisons le\u00a0 Maroc a \u00e9t\u00e9 choisi pour organiser cette rencontre <\/span> <\/p>\n<div align=\"center\"> <span lang=\"EN-GB\"> <\/p>\n<hr align=\"justify\" size=\"5\"\/><\/span> <\/div>\n<p align=\"justify\"><strong> <span lang=\"EN-GB\"> <a href=\"javascript:ol('http:\/\/www.hebdo.amd-maghreb.org\/index.php?option%3dcom_content%26amp;task%3dview%26amp;id%3d89');\"> <span lang=\"FR-CH\">Alg\u00e9rie :<\/span><\/a><\/span><\/strong><span lang=\"EN-GB\"> <\/span><strong> <span lang=\"FR-CH\">  Que cache le dossier Brown &amp; Root Condor ? par Madjid Laribi <\/span><\/strong> <b> <span lang=\"FR-CH\"> <\/span><\/b> <span lang=\"FR-CH\">  Derni\u00e8rement, deux quotidiens alg\u00e9riens, El-khabar et El-watan en   l\u2019occurrence, ont fait \u00e9tat de la \u2018\u2018volont\u00e9\u2019\u2019 de Bouteflika de mettre fin aux   agissements de la soci\u00e9t\u00e9 Brown &amp; Root Condor. Depuis 1994, date de sa   cr\u00e9ation, la firme mixte alg\u00e9ro-am\u00e9ricaine, dont le capital est d\u00e9tenu \u00e0 51%   par la Sonatrach et \u00e0 49% par Halliburton du vice-pr\u00e9sident des Etats-Unis   Dick Cheney, s\u2019est vu octroy\u00e9e les plus importants projets sans soumissionner,   comme le stipule la loi, \u00e0 des appels d\u2019offres. <\/span><\/p>\n<div align=\"center\"> <span lang=\"EN-GB\"> <\/p>\n<hr align=\"justify\" size=\"5\"\/><\/span> <\/div>\n<p align=\"justify\"><strong> <span lang=\"EN-GB\"> <a href=\"javascript:ol('http:\/\/www.hebdo.amd-maghreb.org\/index.php?option%3dcom_content%26amp;task%3dview%26amp;id%3d91');\"> <span lang=\"FR-CH\">Tunisie :<\/span><\/a><\/span><\/strong><span lang=\"EN-GB\"> <\/span><strong> <span lang=\"FR-CH\">  Les islamistes tunisiens et les am\u00e9ricains&#8230; par Saloua Ben Youssef Charfi<\/span><\/strong><span lang=\"FR-CH\">     Peut-on parler de l\u2019\u00e9mergence d\u2019un nouveau discours Nahdaoui relatif \u00e0 la   perception de l\u2019Occident par les islamistes et donc de la possibilit\u00e9 de la   formulation d\u2019une strat\u00e9gie visant \u00e0 \u00e9tablir des relations de bon voisinage?   Les r\u00e9centes d\u00e9clarations de Hamadi Jebali peuvent en effet constituer un   argumentaire \u00e0 ce genre de conclusion. Sauf qu\u2019un discours ne se construit pas   du jour au lendemain\u00a0 et qu\u2019en outre il ne s\u2019agit pas d\u2019un pr\u00e9c\u00e9dent<\/span><\/p>\n<div align=\"center\"> <span lang=\"EN-GB\"> <\/p>\n<hr align=\"justify\" size=\"5\"\/><\/span> <\/div>\n<p align=\"justify\"><strong> <span lang=\"EN-GB\"> <a href=\"javascript:ol('http:\/\/www.hebdo.amd-maghreb.org\/index.php?option%3dcom_content%26amp;task%3dview%26amp;id%3d85');\"> <span lang=\"FR-CH\">Lu :<\/span><\/a><\/span><\/strong><span lang=\"EN-GB\"> <\/span><strong> <span lang=\"FR-CH\">  Le monde ocidental et ses deux capitalismes, par Edmund S. Phelps<\/span><\/strong><span lang=\"FR-CH\"> <\/span> <span lang=\"FR-CH\">  Le long ralentissement \u00e9conomique de l\u2019Europe de l\u2019Ouest continentale (le   Continent) prend les proportions d\u2019une crise. Si la croissance a retrouv\u00e9   aujourd\u2019hui un rythme quasi normal, le Continent a perdu beaucoup de terrain.   Cette pi\u00e8tre performance soul\u00e8ve des questions d\u2019\u00e9conomie politique qu\u2019on   pensait d\u00e9finitivement r\u00e9gl\u00e9es il y a peu. <\/span><\/p>\n<div align=\"center\"> <span lang=\"EN-GB\"> <\/p>\n<hr align=\"justify\" size=\"5\"\/><\/span> <\/div>\n<p align=\"justify\"><strong> <span lang=\"FR-CH\">  Le sommaire en d\u00e9tails :<\/span><\/strong><span lang=\"FR-CH\"> <\/span><strong> <span lang=\"FR-CH\">  Pri\u00e8re appuyer sur les touches en rouge<\/span><\/strong><span lang=\"FR-CH\"> <\/span> <span lang=\"EN-GB\"> <a href=\"javascript:ol('http:\/\/www.hebdo.amd-maghreb.org\/index.php?option%3dcom_content%26amp;task%3dview%26amp;id%3d80%26amp;Itemid%3d52');\"> <span lang=\"FR-CH\">Maghreb :<\/span><\/a><\/span><span lang=\"FR-CH\">   Le ph\u00e9nom\u00e8ne islamiste au Maghreb. <\/span> <span lang=\"EN-GB\"> <a href=\"javascript:ol('http:\/\/www.hebdo.amd-maghreb.org\/index.php?option%3dcom_content%26amp;task%3dview%26amp;id%3d84%26amp;Itemid%3d27');\"> <span lang=\"FR-CH\">Editorial :<\/span><\/a><\/span><span lang=\"FR-CH\">   la patrie contre la vie par Omar S&rsquo;habou. <\/span> <span lang=\"EN-GB\"> <a href=\"javascript:ol('http:\/\/www.hebdo.amd-maghreb.org\/index.php?option%3dcom_content%26amp;task%3dview%26amp;id%3d88%26amp;Itemid%3d66');\"> <span lang=\"FR-CH\">Su :<\/span><\/a><\/span><span lang=\"FR-CH\">   informations confidentielles. <\/span> <span lang=\"EN-GB\"> <a href=\"javascript:ol('http:\/\/www.hebdo.amd-maghreb.org\/index.php?option%3dcom_content%26amp;task%3dview%26amp;id%3d92%26amp;Itemid%3d67');\"> <span lang=\"FR-CH\">Politique :<\/span><\/a><\/span><span lang=\"EN-GB\"> <\/span> <span lang=\"FR-CH\">  Alg\u00e9rie:<\/span><span lang=\"FR-CH\">   Pacte social et \u00e9conomique : criminalisation de l&rsquo;action syndicale, par Ahmed   Kaci.\u00a0 Que cache le dossier BRC? par Madjid Laribi. <\/span> <span lang=\"FR-CH\">  Maroc :<\/span><span lang=\"FR-CH\">   Le Maroc merite d&rsquo;abriter le premier forum civil dans le sud, par Youcef   Lahlali.\u00a0 <\/span> <span lang=\"FR-CH\">  Tunisie :<\/span><span lang=\"FR-CH\">   Les islamistes tunisiens et les am\u00e9ricains par Saloua Ben Yousef Charfi.  <\/span> <span lang=\"EN-GB\"> <a href=\"javascript:ol('http:\/\/www.hebdo.amd-maghreb.org\/index.php?option%3dcom_content%26amp;task%3dview%26amp;id%3d90%26amp;Itemid%3d69');\"> <span lang=\"FR-CH\">Chronique\u00a0 :<\/span><\/a><\/span><span lang=\"FR-CH\">   Les pr\u00e9dictions de Sidi Ammis et des djnouns, deuxi\u00e8me\u00a0 Ziara, par   Jamelelddine Benchenouf. <\/span> <span lang=\"EN-GB\"> <a href=\"javascript:ol('http:\/\/www.hebdo.amd-maghreb.org\/index.php?option%3dcom_content%26amp;task%3dview%26amp;id%3d82%26amp;Itemid%3d54');\"> <span lang=\"FR-CH\">Monde :<\/span><\/a><\/span><span lang=\"FR-CH\">   La photo de l\u2019ann\u00e9e, (suite) . La lib\u00e9ration totale de la Palestine et le   retour de tous les r\u00e9fugi\u00e9s sont un droit inali\u00e9nable et imprescriptible, par   Georges Adda.\u00a0 <\/span> <span lang=\"EN-GB\"> <a href=\"javascript:ol('http:\/\/www.hebdo.amd-maghreb.org\/index.php?option%3dcom_content%26amp;task%3dview%26amp;id%3d85');\"> <span lang=\"FR-CH\">Lu\u00a0 :<\/span><\/a><\/span><span lang=\"FR-CH\">   le monde occidental et ses deux capitalismes, par Edmund S. Phelps.<\/span><\/p>\n<p align=\"justify\"><b> <span lang=\"EN-US\">  Lien<\/span><span lang=\"FR-CH\">:  <a href=\"http:\/\/www.hebdo.amd-maghreb.org\/\" target=\"_blank\" rel=\"noopener\">http:\/\/www.hebdo.amd-maghreb.org\/<\/a> <\/span><\/b><\/p>\n<p><\/font><\/div>\n<div> <font face=\"Arial\" size=\"2\"> <\/p>\n<div align=\"justify\">\n<hr\/><\/div>\n<p> <\/font><font face=\"Arial\"> <\/p>\n<div align=\"justify\">\n<div align=\"center\"> <strong><\/p>\n<p><font>Les enseignants syndicalistes tunisiens       c\u00e9l\u00e9brent ensemble la journ\u00e9e mondiale de l&rsquo;enseignant<\/font><\/p>\n<p><\/strong> <\/div>\n<p> <font face=\"Arial\" size=\"2\"> <\/p>\n<div>             La F\u00e9d\u00e9ration G\u00e9n\u00e9rale de l&rsquo;Enseignement Sup\u00e9rieur et de la Recherche       Scientifique (FGESRS) et les syndicats g\u00e9n\u00e9raux de l&rsquo;enseignemernt       secondaire et primaire, des surveillants et des hospitalo-universitaires       ont c\u00e9l\u00e8br\u00e9 la Journ\u00e9e Mondiale de l&rsquo;Enseignant le jeudi 5 octobre 2006 \u00e0       21h00 au si\u00e8ge de l&rsquo;UGTT \u00e0 tunis et \u00e0 sousse . C&rsquo;est pour la premi\u00e8re fois       que ces cinq syndicats organisent une manifestation en commun, une       initiative qu&rsquo;ils se ont promis de multiplier en relation avec les d\u00e9fis       auquels font face les syndicalistes du secteur de l&rsquo;\u00e9ducation et de       l&rsquo;enseignement en Tunisie. A Tunis la manifestation s&rsquo;est d\u00e9roul\u00e9e selon       le programme suivant :              <strong>Jeudi 5 octobre :        21h00 : Les probl\u00e9matiques des r\u00e9formes \u00e9ducationnelles en Tunisie : Prof.       Salah Mosbah        21h30 : Les impacts du LMD sur le syst\u00e8me \u00e9ducatif : Prof : Omar\u00a0\u00a0\u00a0       Belh\u00e9di       D\u00e9bat et rapport de synth\u00e8se              Vendredi 6 octobre : 13h-14h30 :\u00a0 Rassemblement \u00e0 la place Med Ali \u00e0 13h00       avec prise de paroles des 5 syndicats organisateurs.<\/strong><\/div>\n<p> <\/font><\/div>\n<div align=\"justify\">    \u00a0<\/div>\n<div align=\"justify\">\n<hr\/><\/div>\n<div align=\"center\"> <strong><\/p>\n<h2 style=\"color: red;\"><font size=\"3\">Souha Arafat et sa fille obtiennent     la nationalit\u00e9 tunisienne<\/font><\/h2>\n<p><\/strong><\/div>\n<div align=\"justify\">         Associated Press, le 6 octobre 2006 \u00e0 17h29     TUNIS (AP) &#8212; La veuve de l&rsquo;ex-pr\u00e9sident de l&rsquo;Autorit\u00e9 palestinienne     palestinien Yasser Arafat, Souha, et sa fille Zahwa, ont obtenu la     nationalit\u00e9 tunisienne, a annonc\u00e9 vendredi l&rsquo;hebdomadaire \u00ab\u00a0Les Annonces\u00a0\u00bb de     Tunis.<\/div>\n<div align=\"justify\">         Selon cette publication, un arr\u00eat\u00e9 a \u00e9t\u00e9 publi\u00e9 dans ce sens dans le journal     officiel de la R\u00e9publique tunisienne (JORT) en date du 26 septembre dernier.     Mme Arafat, 41 ans, d\u00e9j\u00e0 d\u00e9tentrice de la nationalit\u00e9 fran\u00e7aise, r\u00e9side en     permanence en Tunisie depuis le d\u00e9c\u00e8s du leader palestinien en novembre 2004     \u00e0 Paris. Elle vit aux c\u00f4t\u00e9s de sa     fille, \u00e2g\u00e9e de 11 ans, qui poursuit ses \u00e9tudes dans un lyc\u00e9e de la banlieue     nord de Tunis.<\/div>\n<div align=\"justify\">         Souha Arafat a d\u00e9menti derni\u00e8rement des \u00ab\u00a0rumeurs\u00a0\u00bb faisant \u00e9tat de son     mariage avec Belhassen Trabelsi, le fr\u00e8re de l&rsquo;\u00e9pouse du pr\u00e9sident tunisien,     Le\u00efla Ben Ali.           Associated Press  <\/div>\n<p> <\/font><\/div>\n<div>\n<hr\/>\n<\/div>\n<div align=\"center\"> <strong><\/p>\n<h2 style=\"color: red;\"><font face=\"Arial\">Une banque marocaine rach\u00e8te une   banque s\u00e9n\u00e9galo-tunisienne<\/font><\/h2>\n<p><\/strong><\/div>\n<div align=\"justify\"> <font face=\"Arial\" size=\"2\">AFP, le 7 octobre 2006 \u00e0 01h02   CASABLANCA (Maroc), 7 oct 2006 (AFP) &#8211; Le groupe marocain Attijariwafa bank,   une des principales banques du Maroc, a d\u00e9cid\u00e9 de racheter 66,67% du capital   d&rsquo;une petite banque s\u00e9n\u00e9galo-tunisienne, la \u00ab\u00a0BST\u00a0\u00bb, implant\u00e9e \u00e0 Dakar, a-t-il   indiqu\u00e9 vendredi dans un communiqu\u00e9.      La \u00ab\u00a0BST\u00a0\u00bb est une banque de droit s\u00e9n\u00e9galais avec un bilan total de 167,2   millions d&rsquo;euros \u00e0 fin 2005. Elle dispose d&rsquo;un r\u00e9seau de 12 agences dont 7 \u00e0   Dakar, selon la banque marocaine dont le si\u00e8ge social est \u00e0 Casablanca, la   capitale \u00e9conomique du royaume.      La banque s\u00e9n\u00e9galo-tunisienne se place au 5e rang des banques au S\u00e9n\u00e9gal avec   une part du march\u00e9 local de l&rsquo;ordre de 7%.      La signature de l&rsquo;accord d&rsquo;acquisition des 66,7% de la \u00ab\u00a0BST\u00a0\u00bb par Attijariwafa   bank aura lieu d\u00e9but novembre, a-t-on pr\u00e9cis\u00e9. Attijariwaf Bank compte d\u00e9j\u00e0 au   S\u00e9n\u00e9gal une filiale bancaire \u00e0 100%, dot\u00e9e de 4 agences \u00e0 Dakar.      Le rachat majoritairement de la \u00ab\u00a0BTS\u00a0\u00bb permettra \u00e0 la banque marocaine de   conforter sa pr\u00e9sence sur le march\u00e9 de l&rsquo;Afrique de l&rsquo;Ouest pour \u00ab\u00a0d\u00e9velopper   les flux financiers et commerciaux entre l&rsquo;Afrique, le Maghreb et l&rsquo;Europe\u00a0\u00bb, a   soulign\u00e9 le communiqu\u00e9.      Le syst\u00e8me bancaire au Maroc, bien structur\u00e9, a connu une forte croissance   durant les derni\u00e8res ann\u00e9es.      AFP<\/font><\/div>\n<div align=\"justify\">\n<hr\/>\n<\/div>\n<div align=\"center\"> <strong><\/p>\n<h2 style=\"color: red;\"><font size=\"3\">Tunisia says headscarf ban protects   women&rsquo;s rights<\/font><\/h2>\n<p><\/strong><\/div>\n<div align=\"justify\">     Associated Press, le 5 octobre 2006 \u00e0 19h50   TUNIS, Oct 5 (Reuters) &#8211; Tunisia&rsquo;s secular ruling party on Thursday defended a   government ban on headscarves, saying rules forbidding religious head   coverings in public places in the Muslim country are designed to protect   women&rsquo;s rights.      \u00ab\u00a0If today we accept the headscarf, tomorrow we&rsquo;ll accept that women&rsquo;s rights   to work and vote and receive an education be banned and they&rsquo;ll be seen as   just a tool for reproduction and housework,\u00a0\u00bb said Hedi Mhenni, general   secretary of the dominant Constitutional Democratic Rally (RCD) party.      \u00ab\u00a0It is necessary to struggle against such a scourge to defend Islam and the   rights of existing and future Tunisians,\u00a0\u00bb said Mhenni in comments carried by   official news agency TAP. Tunisia&rsquo;s secular state issued a decree in the 1980s   banning public employees, teachers and students from wearing what was   described as \u00ab\u00a0sectarian dress\u00a0\u00bb.      But headscarves, often in bright colours and worn with jeans and T-shirts,   have been making a comeback among young Tunisian women after decades in which   traditional dress appeared to be disappearing among the country&rsquo;s growing   urban middle class.      Pressure groups including the Tunisian Human Rights League accuse the   authorities of harassing female students, forcing them to remove their scarves   and sign a commitment or risk losing their right to register for school and   university classes.      The government of President Zine al-Abidine Ben Ali insists the headscarf ban   helps defend citizens&rsquo; rights in the face of religious extremism in the   overwhelmingly Muslim country.      Tunisia is among a minority of Muslim countries that impose restrictions on   headscarves. Turkey&rsquo;s secular state bans women from wearing headscarves at   government-run universities.      A 2004 French ban on religious symbols, including headscarves, at state   schools had triggered an outcry among Muslims who accused Paris of violating   religious freedom. Mhenni said the legislation must be respected in   educational institutions and public buildings. Otherwise, he warned, the issue   could become a hurdle for the country&rsquo;s development.      \u00ab\u00a0It will slow our progress. We will take a step back and it will hit the basis   of society&rsquo;s stability and people&rsquo;s prosperity&#8230;,\u00a0\u00bb he said.      Foreign governments have praised Tunisia&rsquo;s strong economic performance and   success in tackling militancy, but rights activists say the country remains a   de facto police state that uses often heavy-handed tactics to suppress dissent.      REUTERS<\/div>\n<div align=\"justify\" dir=\"rtl\">\n<hr\/>\n<\/div>\n<p align=\"center\"><b><a href=\"https:\/\/tunisnews.net\/ar\/\"><span>Home<\/span><span lang=\"FR-CH\"> &#8211; Accueil <\/span><span>&#8211; <\/span><span dir=\"rtl\" lang=\"AR-SA\">\u0627\u0644\u0631\u0626\u064a\u0633\u064a\u0629<\/span><\/a><\/b><\/p>\n<p><\/body><\/body><\/html><\/p>","protected":false},"excerpt":{"rendered":"<p>Home &#8211; Accueil &#8211; \u0627\u0644\u0631\u0626\u064a\u0633\u064a\u0629 TUNISNEWS 7\u00a0\u00e8me\u00a0ann\u00e9e, N\u00b0\u00a02331 du 09.10.2006 \u00a0archives : www.tunisnews.net CIDT-TUNISIE: Fa\u00efsal\u00a0 BARAKAT aurait eu 40 ans cette ann\u00e9e&#8230; Il y a 15 ans, la terreur par la torture etait institutionnalis\u00e9e AP: Souha Arafat et sa fille obtiennent la nationalit\u00e9 tunisienne Reuters: Tunisia says headscarf ban protects women&rsquo;s rights AFP: Une banque [&hellip;]<\/p>\n","protected":false},"author":1,"featured_media":22040,"comment_status":"open","ping_status":"open","sticky":false,"template":"","format":"standard","meta":{"inline_featured_image":false,"site-sidebar-layout":"default","site-content-layout":"","ast-site-content-layout":"default","site-content-style":"default","site-sidebar-style":"default","ast-global-header-display":"","ast-banner-title-visibility":"","ast-main-header-display":"","ast-hfb-above-header-display":"","ast-hfb-below-header-display":"","ast-hfb-mobile-header-display":"","site-post-title":"","ast-breadcrumbs-content":"","ast-featured-img":"","footer-sml-layout":"","ast-disable-related-posts":"","theme-transparent-header-meta":"","adv-header-id-meta":"","stick-header-meta":"","header-above-stick-meta":"","header-main-stick-meta":"","header-below-stick-meta":"","astra-migrate-meta-layouts":"default","ast-page-background-enabled":"default","ast-page-background-meta":{"desktop":{"background-color":"","background-image":"","background-repeat":"repeat","background-position":"center center","background-size":"auto","background-attachment":"scroll","background-type":"","background-media":"","overlay-type":"","overlay-color":"","overlay-opacity":"","overlay-gradient":""},"tablet":{"background-color":"","background-image":"","background-repeat":"repeat","background-position":"center center","background-size":"auto","background-attachment":"scroll","background-type":"","background-media":"","overlay-type":"","overlay-color":"","overlay-opacity":"","overlay-gradient":""},"mobile":{"background-color":"","background-image":"","background-repeat":"repeat","background-position":"center center","background-size":"auto","background-attachment":"scroll","background-type":"","background-media":"","overlay-type":"","overlay-color":"","overlay-opacity":"","overlay-gradient":""}},"ast-content-background-meta":{"desktop":{"background-color":"var(--ast-global-color-5)","background-image":"","background-repeat":"repeat","background-position":"center center","background-size":"auto","background-attachment":"scroll","background-type":"","background-media":"","overlay-type":"","overlay-color":"","overlay-opacity":"","overlay-gradient":""},"tablet":{"background-color":"var(--ast-global-color-5)","background-image":"","background-repeat":"repeat","background-position":"center center","background-size":"auto","background-attachment":"scroll","background-type":"","background-media":"","overlay-type":"","overlay-color":"","overlay-opacity":"","overlay-gradient":""},"mobile":{"background-color":"var(--ast-global-color-5)","background-image":"","background-repeat":"repeat","background-position":"center center","background-size":"auto","background-attachment":"scroll","background-type":"","background-media":"","overlay-type":"","overlay-color":"","overlay-opacity":"","overlay-gradient":""}},"footnotes":""},"categories":[],"tags":[62,37,29],"class_list":["post-17896","post","type-post","status-publish","format-standard","has-post-thumbnail","hentry","tag-62","tag-37","tag-fr"],"_links":{"self":[{"href":"https:\/\/tunisnews.net\/ar\/wp-json\/wp\/v2\/posts\/17896","targetHints":{"allow":["GET"]}}],"collection":[{"href":"https:\/\/tunisnews.net\/ar\/wp-json\/wp\/v2\/posts"}],"about":[{"href":"https:\/\/tunisnews.net\/ar\/wp-json\/wp\/v2\/types\/post"}],"author":[{"embeddable":true,"href":"https:\/\/tunisnews.net\/ar\/wp-json\/wp\/v2\/users\/1"}],"replies":[{"embeddable":true,"href":"https:\/\/tunisnews.net\/ar\/wp-json\/wp\/v2\/comments?post=17896"}],"version-history":[{"count":0,"href":"https:\/\/tunisnews.net\/ar\/wp-json\/wp\/v2\/posts\/17896\/revisions"}],"wp:featuredmedia":[{"embeddable":true,"href":"https:\/\/tunisnews.net\/ar\/wp-json\/wp\/v2\/media\/22040"}],"wp:attachment":[{"href":"https:\/\/tunisnews.net\/ar\/wp-json\/wp\/v2\/media?parent=17896"}],"wp:term":[{"taxonomy":"category","embeddable":true,"href":"https:\/\/tunisnews.net\/ar\/wp-json\/wp\/v2\/categories?post=17896"},{"taxonomy":"post_tag","embeddable":true,"href":"https:\/\/tunisnews.net\/ar\/wp-json\/wp\/v2\/tags?post=17896"}],"curies":[{"name":"wp","href":"https:\/\/api.w.org\/{rel}","templated":true}]}}