{"id":17856,"date":"2009-07-02T00:00:00","date_gmt":"2009-07-02T00:00:00","guid":{"rendered":"https:\/\/tunisnews.net\/2-juillet-2009\/"},"modified":"2009-07-02T00:00:00","modified_gmt":"2009-07-02T00:00:00","slug":"2-juillet-2009","status":"publish","type":"post","link":"https:\/\/tunisnews.net\/ar\/2-juillet-2009\/","title":{"rendered":"2 juillet 2009"},"content":{"rendered":"<p><html><head><meta content=\"text\/html\" description=\"Le prisonnier d\u2019opinion Maher Beziouche a \u00e9t\u00e9 transf\u00e9r\u00e9 de la \n\t\t\t\tprison de Borj Er Roumi \u00e0 celle de Mornaguia. Sa famille n\u2019en a \n\t\t\t\t\u00e9t\u00e9 inform\u00e9e que le jeudi 2 juillet lorsque son p\u00e8re lui a voulu \n\t\t\t\tlui rendre visite et se rassurer sur son \u00e9tat. [\u2026]\" http-equiv=\"Content-Type\"\/><\/head><body><body><\/p>\n<p align=\"center\" dir=\"ltr\"><font face=\"Arial\" size=\"2\"><b><a href=\"http:\/\/www.tunisnews.net\/\"><span>Home<\/span><span lang=\"FR-CH\"> &#8211; Accuei<\/span><\/a><span lang=\"FR-CH\">l<\/span><\/b><\/font><\/p>\n<div>\n<div>\n<div>\n<div><font face=\"Arial\" size=\"2\"><\/p>\n<div>\n<div>\n<div>\n<div>\n<div><\/div>\n<div align=\"center\"><font size=\"7\"><strong>TUNISNEWS <\/strong><\/font><\/div>\n<div align=\"center\" dir=\"ltr\"><font><\/p>\n<div><font size=\"2\"><strong>9\u00a0\u00e8me ann\u00e9e,<span lang=\"FR\">N\u00b0\u00a03327 du 02.07.2009<\/span><\/strong><\/font><\/div>\n<p><\/font><\/div>\n<div align=\"center\"><span><font size=\"2\"><strong><font>\u00a0archives<\/font> :<\/strong><\/font><a target=\"_blank\" rel=\"noopener\"><font size=\"2\"><strong>www.tunisnews.net<\/strong><\/font><\/a><\/span><font>\u00a0<\/font>\u00a0 <\/div>\n<div><font><\/p>\n<hr\/>\n<p><\/font><span lang=\"FR\"><font><span lang=\"EN-GB\"><strong><font size=\"2\">Libert\u00e9 et Equit\u00e9: Nouvelles des libert\u00e9s en Tunisie <font>Reporters sans fronti\u00e8res: A 100 jours des \u00e9lections : inqui\u00e9tudes pour la presse ind\u00e9pendante<\/font> L\u2019ACAT-France: Un an apr\u00e8s la r\u00e9pression \u00e0 Redeyef\u00a0 &#8211; Lettre au\u00a0 Minist\u00e8re de la Justice et des Droits de l\u2019homme <font>L\u2019ACAT-France:\u00a0 Cas de Ramzi Romdhani &#8211; Lettre au Directeur de l\u2019Administration P\u00e9nitentiaire<\/font> TTU Monde Arabe: Tunisie : l\u2019homme du pr\u00e9sident <font>AFP: Natation: Oussama Mellouli, roi des Jeux M\u00e9diterran\u00e9ens<\/font> AFP: Mauritanie: dix candidats \u00e0 la pr\u00e9sidentielle, d\u00e9but de la campagne jeudi <font>Xinhua: Hamas official visited Switzerland, other European countries:sources<\/font>  AP: Al Qaeda Warns France over Burqa Criticism <font>Reuters: Affaire Ergenekon &#8211; Un colonel turc bri\u00e8vement arr\u00eat\u00e9<\/font> Reuters: World changing around Turkey&rsquo;s generals <font>Reuters: Main figures in Turkey&rsquo;s power struggle<\/font> Jeune Afrique: Jeune Afrique: Au CNRS, la libert\u00e9 intellectuelle d&rsquo;un sp\u00e9cialiste de l&rsquo;islam menac\u00e9e<\/font><\/strong><\/span><\/font><\/span><font size=\"2\"><strong><font size=\"3\"><\/p>\n<hr\/>\n<p> \u00a0<\/font><\/strong><\/font><\/div>\n<\/div>\n<\/div>\n<\/div>\n<\/div>\n<div align=\"center\">Libert\u00e9 pour tous les prisonniers politiques <strong><font>Libert\u00e9 et Equit\u00e9<\/font><\/strong> Organisation ind\u00e9pendante de droits de l\u2019homme 33 rue Mokhtar Atya, 1001, Tunis Tel\/Fax : 71 340 860 Adresse \u00e9lectronique : liberte.equite@gmail.com \u00a0 Tunis, le 2 juillet 2009 <strong><\/p>\n<h2 style=\"color: red;\"><font size=\"3\">Nouvelles des libert\u00e9s en Tunisie<\/font><\/h2>\n<p><\/strong><\/div>\n<div> <strong>1) les prisonniers d\u2019opinion suspendent leur gr\u00e8ve de la faim<\/strong> Jeudi 2 juillet 20009, des prisonniers d\u2019opinion incarc\u00e9r\u00e9s dans diverses prisons ont suspendu la gr\u00e8ve de la faim qu\u2019ils avaient commenc\u00e9e le 22 juin pour exiger leur lib\u00e9ration [\u2026]<\/div>\n<div> <strong>2) Maher Beziouche, prisonnier d\u2019opinion, a \u00e9t\u00e9 transf\u00e9r\u00e9 \u00e0 la prison de Mornaguia<\/strong> Le prisonnier d\u2019opinion Maher Beziouche a \u00e9t\u00e9 transf\u00e9r\u00e9 de la prison de Borj Er Roumi \u00e0 celle de Mornaguia. Sa famille n\u2019en a \u00e9t\u00e9 inform\u00e9e que le jeudi 2 juillet lorsque son p\u00e8re lui a voulu lui rendre visite et se rassurer sur son \u00e9tat. [\u2026] \u00a0 Pour le bureau ex\u00e9cutif de l\u2019organisation Le Pr\u00e9sident <strong><font>Ma\u00eetre Mohammed Nouri<\/font><\/strong> <font>(traduction d\u2019extraits ni revue ni corrig\u00e9e par les auteurs de la version en arabe, LT) <\/p>\n<hr\/>\n<p><\/font><\/div>\n<div><font><font><\/p>\n<h2 align=\"center\" style=\"color: red;\">\n<h2 style=\"color: red;\"><font size=\"3\">A 100 jours des \u00e9lections\u00a0: inqui\u00e9tudes pour la presse ind\u00e9pendante<\/font><\/h2>\n<\/h2>\n<p align=\"justify\">A trois mois des \u00e9lections l\u00e9gislatives et pr\u00e9sidentielle, Reporters sans fronti\u00e8res dresse un \u00e9tat de la libert\u00e9 de la presse. Les intimidations, interdictions de sortie du territoire et autres menaces \u00e0 l\u2019encontre de journalistes tunisiens sont monnaie courante.<\/p>\n<p align=\"justify\">\u00ab\u00a0A la veille d\u2019\u00e9lections nationales, on esp\u00e9rerait plus de tol\u00e9rance de la part du pouvoir en place, mais l\u2019appareil policier continue \u00e0 exercer une pression constante sur les journalistes critiques des autorit\u00e9s. Etre journaliste ind\u00e9pendant en Tunisie rel\u00e8ve toujours du calvaire. Les \u00e9lections d\u2019octobre risquent de servir de pr\u00e9texte pour alourdir la pression sur la presse proche de l\u2019opposition et les correspondants des m\u00e9dias \u00e9trangers en Tunisie\u00a0\u00bb, a d\u00e9clar\u00e9 l\u2019organisation.<\/p>\n<p align=\"justify\">Des pressions s\u2019exercent notamment sur ceux qui s\u2019expriment librement dans les m\u00e9dias \u00e9trangers. Le 25 juin 2009, <strong>Tarek Soussi<\/strong>, activiste des droits de l\u2019homme et membre de l\u2019Association internationale de soutien aux prisonniers politiques (AISPP), a \u00e9t\u00e9 condamn\u00e9 \u00e0 trois mois de prison avec sursis par la cour d\u2019appel de Bizerte (60 km au nord-l\u2019ouest de Tunis), apr\u00e8s de nombreux reports de s\u00e9ance. Il \u00e9tait poursuivi pour \u00ab\u00a0propagation de fausses nouvelles de nature \u00e0 troubler l\u2019ordre public\u00a0\u00bb, apr\u00e8s avoir particip\u00e9, en 2008, \u00e0 un programme consacr\u00e9 \u00e0 l\u2019actualit\u00e9 des pays de l\u2019Afrique du Nord sur <i>Al-Jazeera<\/i>. Au cours de cette \u00e9mission, il avait d\u00e9nonc\u00e9, au nom de l\u2019AISPP, l\u2019interpellation abusive de sept jeunes de Bizerte, qu\u2019il avait qualifi\u00e9e d\u2019\u00ab\u00a0enl\u00e8vement\u00a0\u00bb. (<a href=\"http:\/\/www.rsf.org\/Liberte-provisoire-accordee-au.html\" target=\"_blank\" rel=\"noopener\">Voir le dernier communiqu\u00e9 sur Tarek Soussi du 26 septembre 2008<\/a>).<\/p>\n<p align=\"justify\">Les pressions sur les journalistes ind\u00e9pendants passent aussi par une interdiction de sortie du territoire. En les emp\u00eachant de participer \u00e0 des formations et des forums internationaux sur la presse, les autorit\u00e9s tunisiennes mus\u00e8lent les journalistes ind\u00e9pendants, tels que<strong>Mohammed Al Hamrouni<\/strong>, <strong>Rachid Khechana<\/strong> et <strong>Slim Boukhdhir<\/strong> qui attendent depuis de nombreuses semaines la validation de leur dossier de passeport, alors que la proc\u00e9dure ne prend que deux semaines en g\u00e9n\u00e9ral.<\/p>\n<p align=\"justify\">Le correspondant d\u2019<i>Al-Jazeera<\/i> en Tunisie, <strong>Lotfi Hajji<\/strong>, s\u2019est plaint d\u2019une intensification des restrictions \u00e0 son encontre. Le c\u00e2ble Internet de son domicile est coup\u00e9 depuis plus d\u2019un mois, pour la deuxi\u00e8me fois en l\u2019espace de six mois. Il a aussi \u00e9t\u00e9 emp\u00each\u00e9 par la police de rencontrer un d\u00e9fenseur des droits de l\u2019homme, les 24 et 26 juin \u00e0 Tunis.<\/p>\n<p align=\"justify\"><strong>Lotfi El-Hidouri<\/strong> a r\u00e9cemment fait l\u2019objet d\u2019une surveillance polici\u00e8re \u00e0 son domicile \u00e0 Tunis pendant 24 heures, le 27 juin. Ce journaliste de l\u2019agence de presse <i>Qods Press International<\/i> \u00e9crit des articles sur la corruption et les atteintes aux droits de l\u2019homme en Tunisie.<\/p>\n<p align=\"justify\">Une autre collaboratrice des m\u00e9dias ind\u00e9pendante, <strong>Zakia Dhifaoui<\/strong> avait \u00e9galement \u00e9t\u00e9 suivie par des agents de police en civil pendant trois jours, au d\u00e9but du mois d\u2019avril dernier. Elle collabore \u00e0 la seule radio ind\u00e9pendante de Tunisie, <i>Kalima<\/i>, dont les locaux \u00e0 Tunis avaient \u00e9t\u00e9 ferm\u00e9s le 30 janvier. La radio \u00e9met sur Internet depuis l\u2019Italie.<\/p>\n<p align=\"justify\"><strong>La situation des m\u00e9dias tunisiens\u00a0:<\/strong><\/p>\n<p align=\"justify\">La r\u00e9cente ouverture de l\u2019audiovisuel et de la presse \u00e9crite \u00e0 des investissements priv\u00e9s avait, dans un premier temps, apport\u00e9 quelques espoirs concernant la libert\u00e9 d\u2019information. Mais les progr\u00e8s dans ce domaine se font toujours attendre. En effet, la majorit\u00e9 des m\u00e9dias est directement contr\u00f4l\u00e9e par le gouvernement, ou appartient \u00e0 des proches du pr\u00e9sident. La presse d\u2019opposition est quant \u00e0 elle financ\u00e9e par des groupes politiques\u00a0: <i>Attarik Al-Jedid<\/i> par le Mouvement Attajdid, <i>Al-Maoukif<\/i>, organe du Parti d\u00e9mocratique progressiste, <i>Mouatinoun<\/i> est publi\u00e9 par le Forum d\u00e9mocratique pour le travail et les libert\u00e9s. Le journal ind\u00e9pendant <i>Kalima<\/i> de <strong>Sihem Ben Sedrine<\/strong> n\u2019a jamais re\u00e7u les autorisations n\u00e9cessaires pour para\u00eetre.<\/p>\n<p align=\"justify\">Il en est de m\u00eame pour la t\u00e9l\u00e9vision. La seule cha\u00eene ind\u00e9pendante, <i>Al-Hiwar Ettounsi<\/i>, est accessible seulement via le satellite. Interdite, elle \u00e9met depuis l\u2019\u00e9tranger. Certes, quatre stations priv\u00e9es partagent la bande FM avec neuf stations gouvernementales, mais elles appartiennent \u00e0 des proches du pr\u00e9sident. Et la seule radio ind\u00e9pendante, <i>Kalima<\/i>, est contrainte d\u2019\u00e9mettre sur Internet, depuis septembre 2008. Pendant 24 heures seulement en janvier 2009, <i>Kalima<\/i> pouvait \u00eatre \u00e9cout\u00e9e via le satellite. Mais les autorit\u00e9s ont officiellement interdit les activit\u00e9s de la radio en Tunisie.<\/p>\n<p align=\"justify\">Les autorit\u00e9s tunisiennes filtrent la Toile. Les sites d\u2019opposition sont syst\u00e9matiquement filtr\u00e9s, les cybercaf\u00e9s sont surveill\u00e9s, l\u2019identit\u00e9 des utilisateurs conserv\u00e9e. Certains sites communautaires de partages et d\u2019\u00e9changes de donn\u00e9es, tels que DailyMotion, YouTube ou Facebook, sont r\u00e9guli\u00e8rement bloqu\u00e9s en raison de la publication de contenus critiquant la politique du chef de l\u2019\u00c9tat.<\/p>\n<p align=\"justify\"><a href=\"http:\/\/www.rsf.org\/spip.php?page=article&amp;id_article=30271\" target=\"_blank\" rel=\"noopener\"><strong>Lire le rapport de mission de Reporters sans fronti\u00e8res\u00a0: \u00ab\u00a0Tunisie, le courage d\u2019informer\u00a0\u00bb<\/strong>.<\/a><\/p>\n<p align=\"justify\"><strong><font>(Source: \u00ab\u00a0Reporters sans fronti\u00e8res\u00a0\u00bb le 1er juillet 2009)<\/font><\/strong><\/p>\n<p><\/font><\/font><\/div>\n<div>\n<hr\/>\n<\/div>\n<div><font><\/p>\n<div align=\"center\"><strong><font>\u00a0L\u2019ACAT-France<\/font><\/strong><\/div>\n<div align=\"justify\"> <strong><font>Monsieur\u00a0 B\u00e9chir Tekkari Minist\u00e8re de la Justice et des Droits de l\u2019homme<\/font><\/strong> 57 Bd Bab Benat 1006 Tunis TUNISIE Fax : 00 216\u00a0 71 568 106 \u00a0 \u00a0 Monsieur le Ministre, \u00a0 Un an apr\u00e8s la r\u00e9pression qui a secou\u00e9 la r\u00e9gion du bassin minier de Redeyef et qui s\u2019est sold\u00e9e par la mort d\u2019un manifestant et de nombreux bless\u00e9s, l\u2019arrestation massive et la condamnation de nombreux manifestants, plusieurs \u00e9l\u00e9ments restent tr\u00e8s pr\u00e9occupants : \u00a0 &#8211;\u00a0\u00a0\u00a0\u00a0\u00a0\u00a0\u00a0\u00a0\u00a0 aucune enqu\u00eate n\u2019a \u00e9t\u00e9 ouverte pour identifier les responsables de la mort d\u2019un manifestant, tu\u00e9 par balles lors d\u2019une manifestation le 6 juin 2008 ; &#8211;\u00a0\u00a0\u00a0\u00a0\u00a0\u00a0\u00a0\u00a0\u00a0 l\u2019\u00e9tat de sant\u00e9 des plusieurs de prisonniers incarc\u00e9r\u00e9s est inqui\u00e9tant. Aucune enqu\u00eate n\u2019a \u00e9t\u00e9 men\u00e9e sur les all\u00e9gations de tortures subies.\u00a0 Les conditions dans lesquelles sont d\u00e9tenus la plupart des prisonniers de cette affaire sont d\u00e9plorables et l\u2019\u00e9tat de sant\u00e9 de plusieurs d\u2019entre eux s\u2019est d\u00e9grad\u00e9 \u00e0 cause de l\u2019absence de soins ; &#8211;\u00a0\u00a0\u00a0\u00a0\u00a0\u00a0\u00a0\u00a0\u00a0 de nombreuses irr\u00e9gularit\u00e9s ont entach\u00e9 le proc\u00e8s de cette affaire dite de l\u2019 \u00ab entente \u00bb du mouvement de protestation de Gafsa et les pr\u00e9venus ont \u00e9t\u00e9 condamn\u00e9s en appel le 4 f\u00e9vrier \u00e0 de lourdes peines. &#8211;\u00a0\u00a0\u00a0\u00a0\u00a0\u00a0\u00a0\u00a0\u00a0 les d\u00e9tenus sont souvent transf\u00e9r\u00e9s dans des lieux de d\u00e9tention \u00e9loign\u00e9s ce qui rend difficiles les visites de leurs familles ; \u00a0 Conform\u00e9ment \u00e0 vos engagements internationaux en mati\u00e8re de droits de l\u2019Homme, je vous demande instamment de : garantir l\u2019int\u00e9grit\u00e9 physique et psychologique des personnes d\u00e9tenues dans le cadre de cette affaire ;  \u00b7\u00a0\u00a0\u00a0\u00a0\u00a0\u00a0\u00a0\u00a0 mener une enqu\u00eate pour identifier les responsables de la mort d\u2019un manifestant, tu\u00e9 par balles lors d\u2019une manifestation le 6 juin 2008\u00a0 et sur les all\u00e9gations de tortures subies par les personnes actuellement d\u00e9tenues dans le cadre de cette affaire;  \u00b7\u00a0\u00a0\u00a0\u00a0\u00a0\u00a0\u00a0\u00a0 les lib\u00e9rer imm\u00e9diatement dans la mesure o\u00f9 ces personnes n\u2019ont fait qu\u2019exercer leur libert\u00e9 d\u2019expression et d\u2019association.  \u00a0 Dans cette attente, je vous prie d\u2019agr\u00e9er, Monsieur le Ministre, l\u2019expression de ma consid\u00e9ration distingu\u00e9e. \u00a0 <em>L\u2019ACAT-France appartient \u00e0 la F\u00e9d\u00e9ration internationale de l&rsquo;Action des chr\u00e9tiens pour l&rsquo;abolition de la torture (FIACAT) ayant statut participatif aupr\u00e8s du Conseil de l&rsquo;Europe et des Nations unies.<\/em> \u00a0<\/div>\n<div align=\"justify\">\n<hr\/>\n<\/div>\n<div align=\"center\"><strong><font>\u00a0L\u2019ACAT-France<\/font><\/strong> \u00a0<\/div>\n<div align=\"justify\">Monsieur le Directeur de l\u2019Administration P\u00e9nitentiaire Administration P\u00e9nitentiaire (Idarat el-Sujun) Rue d\u2019Iran Lafayette 1002 Tunis TUNISIE \u00a0<\/div>\n<div align=\"justify\">Monsieur le Directeur, Alert\u00e9(e) par l\u2019ACAT France, je suis tr\u00e8s pr\u00e9occup\u00e9(e) par la situation de <strong>Ramzi Romdhani<\/strong> actuellement d\u00e9tenu \u00e0 la prison de Mornaguia o\u00f9 il purge une peine de vingt neuf ans d\u2019emprisonnement prononc\u00e9e contre lui au titre de la loi antiterroriste de 2003. Il aurait \u00e9t\u00e9 tortur\u00e9 par des agents de l\u2019administration p\u00e9nitentiaire en avril 2009. \u00a0 Conform\u00e9ment aux engagements de la Tunisie en tant que partie \u00e0 la Convention contre la torture, je vous demande instamment de : \u00b7\u00a0\u00a0\u00a0\u00a0\u00a0\u00a0\u00a0 garantir l\u2019int\u00e9grit\u00e9 physique et psychologique de Ramzi Romdhani ; \u00b7\u00a0\u00a0\u00a0\u00a0\u00a0\u00a0\u00a0 mener de toute urgence une enqu\u00eate ind\u00e9pendante et impartiale afin que tout fonctionnaire pr\u00e9sum\u00e9 responsable soit d\u00e9f\u00e9r\u00e9 \u00e0 la justice ; \u00b7\u00a0\u00a0\u00a0\u00a0\u00a0\u00a0\u00a0 permettre \u00e0 Ramzi Romdhani de recevoir les visites de sa famille.  \u00a0 Dans cette attente, je vous prie d\u2019agr\u00e9er, Monsieur, l\u2019expression de ma consid\u00e9ration distingu\u00e9e. \u00a0 <\/p>\n<hr\/>\n<\/div>\n<p><\/font><\/div>\n<div align=\"justify\"><font>\u00a0 <\/p>\n<div align=\"center\"><strong><font>Mouvement Ettajdid \/ Initiative Nationale pour la D\u00e9mocratie et le Progr\u00e8s <\/font><font>INVITATION<\/font><\/strong><\/div>\n<div> Vous \u00eates invit\u00e9s par l&rsquo;Initiative Nationale pour la D\u00e9mocratie et le Progr\u00e8s \u00e0 assister \u00e0 une soir\u00e9e culturelle de solidarit\u00e9 avec les familles des d\u00e9tenus du bassin minier <\/div>\n<div>(po\u00e9sie<strong><font>: Mohamed Sghaier Ouled Ahmed<\/font><\/strong> , Chants: <strong><font>Lobna Nooman, Nabil Chamekh<\/font><\/strong>, vid\u00e9os et exposition de tableaux d&rsquo;art&#8230;.). Et ce le <\/div>\n<div><font><strong>vendredi 3 juillet 2009 \u00e0 partir de<\/strong> <strong>17h<\/strong><\/font><strong><\/strong><\/div>\n<div>au<strong><font> <\/font><\/strong><\/div>\n<div><font><strong>local d&rsquo;Ettajdid: 7,avenue de la Libert\u00e9 , 2\u00e8me \u00e9tage, Tunis.<\/strong><\/font><\/div>\n<p><\/font><\/div>\n<div>\n<hr\/>\n<\/div>\n<div>\u00a0<\/div>\n<div><font><\/p>\n<div align=\"center\"><strong><\/p>\n<h2 style=\"color: red;\"><font size=\"3\">TUNISIE : L\u2019HOMME DU PR\u00c9SIDENT<\/font><\/h2>\n<p><\/strong> <\/div>\n<div> Les milieux diplomatiques \u00e0 Tunis notent l\u2019ascension au sein du pouvoir\u00a0tunisien de Tahar Fellous, l\u2019un des proches du pr\u00e9sident Zine el-Abidine Ben Ali. Ainsi, on a pu noter sa pr\u00e9sence \u00e0 toutes les c\u00e9r\u00e9monies officielles r\u00e9cemment organis\u00e9es, comme lors du 54e anniversaire de la \u201ctunisification\u201d de la police. De m\u00eame qu\u2019Abdelhafidh Harguem, secr\u00e9taire d&rsquo;Etat aux  Affaires maghr\u00e9bines et ancien attach\u00e9 de presse de Ben Ali, Fellous appartient au centre de d\u00e9cisions du pouvoir en mati\u00e8re de s\u00e9curit\u00e9, et donc de lutte contre l\u2019opposition, \u00e0 l\u2019int\u00e9rieur comme \u00e0 l\u2019ext\u00e9rieur du pays. A noter que sa th\u00e8se de doctorat, soutenue en Tunisie, en 1994, s&rsquo;intitulait : \u201cL&rsquo;Etat tunisien et ses ressortissants dans le Monde arabe et en Europe\u201d. A la suite de la soutenance de sa th\u00e8se, il a \u00e9t\u00e9 nomm\u00e9 directeur de la coop\u00e9ration internationale et des affaires externes au minist\u00e8re de l&rsquo;Int\u00e9rieur. Un poste de second couteau, apparemment, mais n\u00e9anmoins strat\u00e9gique dans les relations entre Tunis et les pays europ\u00e9ens, qui lui permet notamment d\u2019organiser la lutte contre les opposants tunisiens en exil. Dans le cadre de la redistribution des cartes attendue apr\u00e8s la prochaine \u00e9lection pr\u00e9sidentielle, le 24 octobre prochain (qui doit assurer \u00e0 Ben Ali un cinqui\u00e8me mandat), Tahar Fellous est l&rsquo;une des seules personnalit\u00e9s \u00e0 \u00eatre d\u00e9j\u00e0\u00a0 rassur\u00e9e sur son avenir. <\/div>\n<div>\u00a0<\/div>\n<div><strong><font>(Source: \u00ab\u00a0TTU Monde Arabe\u00a0\u00bb (LETTRE HEBDOMADAIRE D&rsquo;INFORMATIONS STRAT\u00c9GIQUES) nr 610 du\u00a02\u00a0juillet 2009)<\/font><\/strong><\/div>\n<p><\/font><\/div>\n<div>\n<hr\/>\n<\/div>\n<div align=\"center\"><strong><\/p>\n<h2 style=\"color: red;\"><font size=\"3\">Natation: Oussama Mellouli, roi des Jeux M\u00e9diterran\u00e9ens<\/font><\/h2>\n<p><\/strong> \u00a0<\/div>\n<p><\/font><\/div>\n<div align=\"justify\">le 02\/07\/2009 \u00e0 15:28 AFP Le champion olympique de natation Oussama Mellouli a \u00e9t\u00e9 c\u00e9l\u00e9br\u00e9 comme une star lors des Jeux M\u00e9diterran\u00e9ens de Pescara, o\u00f9 il a glan\u00e9 cinq titres avec en prime la 2e performance de tous les temps sur 1500 m nage libre, un avant-go\u00fbt du festin qu&rsquo;il pourrait offrir aux Mondiaux de Rome. \u00ab\u00a0J&rsquo;ai fait de tr\u00e8s belles performances ici. Rome s&rsquo;annonce bien, il n&rsquo;y a pas de raison pour ne pas r\u00e9ussir l\u00e0-bas\u00a0\u00bb, avance le Tunisien \u00e0 trois semaines des Championnats du monde. Dans le bassin des Abruzzes, le fondeur \u00e2g\u00e9 de 25 ans a domin\u00e9 la comp\u00e9tition avec panache, et chacune de ses performances a \u00e9t\u00e9 l&rsquo;occasion de moments de joie dans le camp tunisien, venu en nombre avec drapeaux et tee-shirts \u00e0 son effigie. \u00ab\u00a0+Ous+, la torpille tunisienne\u00a0\u00bb, pouvait-on lire sur celui port\u00e9 par sa maman. \u00ab\u00a0Je suis tr\u00e8s fi\u00e8re de lui, il ne nous a jamais d\u00e9\u00e7us. Je suis tr\u00e8s heureuse. Je souhaite que toutes les mamans du monde vivent ces moments de joie avec leurs enfants. C&rsquo;est grandiose!\u00a0\u00bb, s&rsquo;enthousiasme Radija Mellouli, si admirative pour son gar\u00e7on, devenu h\u00e9ros en son pays. Triple m\u00e9daill\u00e9 mondial, Mellouli a connu la cons\u00e9cration en d\u00e9crochant le titre supr\u00eame lors des Jeux de P\u00e9kin sur 1500 m libre. Cela faisait 40 ans que la Tunisie n&rsquo;avait pas v\u00e9cu pareil honneur. \u00ab\u00a0C&rsquo;\u00e9tait un r\u00eave devenu r\u00e9alit\u00e9, confie doucement et simplement le tr\u00e8s souriant nageur. Quand je suis rentr\u00e9 chez moi, \u00e7a a \u00e9t\u00e9 g\u00e9nial. On a fait deux parades. J&rsquo;ai \u00e9t\u00e9 re\u00e7u par le pr\u00e9sident, j&rsquo;ai \u00e9t\u00e9 d\u00e9cor\u00e9 et \u00e7a a \u00e9t\u00e9 un grand honneur. Mais le plus important, \u00e7a a \u00e9t\u00e9 dans le Water Cub de P\u00e9kin o\u00f9 j&rsquo;ai nag\u00e9 devant tous ces gens venus de toutes les parties du monde pour voir la natation\u00a0\u00bb. Form\u00e9 au p\u00f4le de France Font-Romeu, Mellouli s&rsquo;entra\u00eene \u00e0 Los Angeles depuis 2002. C&rsquo;est en 2003 qu&rsquo;il a commenc\u00e9 \u00e0 r\u00eaver en d\u00e9crochant une m\u00e9daille de bronze sur 400 m 4 nages aux Mondiaux de Barcelone. Le r\u00eave a \u00e9t\u00e9 bris\u00e9 par un contr\u00f4le positif aux amph\u00e9tamines en novembre 2006. Son premier titre mondial, remport\u00e9 en mars 2007, lui a \u00e9t\u00e9 retir\u00e9. Pour le Tunisien, le sacre reste acquis. \u00ab\u00a0J&rsquo;ai eu l&rsquo;or \u00e0 Melbourne\u00a0\u00bb, dit-il, \u00e9voquant sa suspension comme un \u00ab\u00a0ralentisseur plac\u00e9 sur sa route\u00a0\u00bb. \u00ab\u00a0Ca m&rsquo;a rendu plus conscient de ce que je fais, plus pr\u00e9ventif et plus \u00e9veill\u00e9. C&rsquo;est une histoire ancienne. C&rsquo;est le pass\u00e9.\u00a0\u00bb A P\u00e9kin, il a sign\u00e9 son retour apr\u00e8s dix-huit mois de suspension avec son premier titre olympique. Il se rendra \u00e0 Rome dans quelques jours avec pour objectif de d\u00e9fendre son statut sur 1500 m libre et de viser le podium sur 400 m et 800 m libre. Apr\u00e8s sa tr\u00e8s belle performance sur 1500 m libre \u00e0 Pescara (14:38.01), nombreux sont ceux qui l&rsquo;imaginent aussi s&rsquo;en prendre au record du monde vieux de huit ans. \u00ab\u00a0J&rsquo;essaie de ne pas trop y penser mais ce serait g\u00e9nial. Ce serait une grosse cerise sur le g\u00e2teau!\u00a0\u00bb, lance-t-il. \u00a0<\/p>\n<hr\/>\n<\/div>\n<div align=\"justify\">\n<div align=\"center\"><strong><\/p>\n<h2 style=\"color: red;\"><font size=\"3\">Mauritanie: dix candidats \u00e0 la pr\u00e9sidentielle, d\u00e9but de la campagne jeudi<\/font><\/h2>\n<p><\/strong><\/div>\n<p> 2009-07-02 12:44:22 \u2013 AFP Dix candidats ont \u00e9t\u00e9 enregistr\u00e9s au total pour l&rsquo;\u00e9lection pr\u00e9sidentielle du 18 juillet en Mauritanie, selon une liste \u00ab\u00a0provisoire\u00a0\u00bb rendue publique mercredi par le Conseil constitutionnel \u00e0 la veille du lancement de la campagne jeudi \u00e0 00H00 heure (locale et GMT).  Selon l&rsquo;Agence mauritanienne d&rsquo;informations (Ami, officielle) qui cite une d\u00e9lib\u00e9ration du Conseil constitutionnel, six nouveaux candidats issus pour l&rsquo;essentiel des rangs de l&rsquo;opposition au putsch du 6 ao\u00fbt ont \u00e9t\u00e9 inscrits.  Parmi les nouvelles candidatures figurent celles des trois principaux leaders de l&rsquo;opposition: Ahmed Ould Daddah, chef du principal parti d&rsquo;opposition, le Rassemblement des forces d\u00e9mocratiques (RFD), Messaoud Ould Boulkheir pr\u00e9sident de l&rsquo;Assembl\u00e9e nationale, candidat du Front national pour la d\u00e9fense de la d\u00e9mocratie et Jemil Ould Mansour, chef du parti islamiste Tewassoul.  Trois autres candidats dont l&rsquo;ancien pr\u00e9sident de la transition d\u00e9mocratique (2005-2007) venu au pouvoir en 2005 apr\u00e8s un coup d&rsquo;Etat, Ely Ould Mohamed Vall, le responsable du putsch avort\u00e9 du 8 juin 2003, Saleh Ould Henenna et une nouvelle figure politique, Hamadi Ould Meimou, un administrateur issu du grand sud-est mauritanien, se sont \u00e9galement port\u00e9s candidats.  Ces six candidats viennent s&rsquo;ajouter \u00e0 ceux d\u00e9j\u00e0 en lice pour la pr\u00e9sidentielle pr\u00e9vue le 6 juin et report\u00e9e, dont notamment le g\u00e9n\u00e9ral Mohamed Ould Abdel Aziz, ex-chef de la junte qui avait d\u00e9missionn\u00e9 de ses fonctions militaires et pr\u00e9sidentielles \u00e0 la mi-avril pour se porter candidat.  Ses trois co-listiers sont l&rsquo;ancien Premier ministre, Sghe\u00efr Ould M&rsquo;Dareck, le leader de l&rsquo;AJD (Alliance pour la justice et la d\u00e9mocratie), Sarr Ibrahima Mocatr et le vice-pr\u00e9sident de l&rsquo;assembl\u00e9e nationale, dissident du RFD, Baba Hamidou Kane.  Les dix candidats devront, si leur candidature est valid\u00e9e par le Conseil constitutionnel mercredi soir, d\u00e9buter jeudi matin leur campagne \u00e9lectorale.  La pr\u00e9sidentielle devrait mettre un terme \u00e0 la crise n\u00e9e du coup d&rsquo;Etat du 6 ao\u00fbt ayant renvers\u00e9 le premier pr\u00e9sident d\u00e9mocratiquement \u00e9lu du pays Sidi Ould Cheikh Abdallahi.  \u00a0 <\/p>\n<hr\/>\n<div align=\"center\"><strong><\/p>\n<h2 style=\"color: red;\"><font size=\"3\">Hamas official visited Switzerland, other European countries:sources<\/font><\/h2>\n<p><\/strong>\u00a0 \u00a0<\/div>\n<div align=\"justify\">\u00a02009-07-02 GAZA, July 2 (Xinhua) &#8212; A senior Gaza-based Hamas official visited a number of European countries recently to promote the Islamic movement&rsquo;s general position, a source said on Thursday. \u00a0\u00a0\u00a0 Switzerland was one of the European countries that Mahmoud Zahar, former Hamas&rsquo; foreign minister, visited in his low-profile tour, the source, who declined to reveal the names of other countries Zahar visited, told Xinhua.  \u00a0\u00a0\u00a0 Zahar is a newly-elected member of Hamas&rsquo; politburo, the highest decision-making body of the Islamic movement which the United States and most of the European countries classified as a terrorist organization, owing to its charter which calls for the elimination of Israel.  \u00a0\u00a0\u00a0 In his talks with European officials, Zahar focused on the blockade Israel has been imposing on the Hamas-controlled Gaza Strip for two years. \u00ab\u00a0These meetings aimed at breaking the siege on Gaza and the international isolation on Hamas. He also tried to build relations\u00a0\u00bb with these European countries, the sources added.  \u00a0\u00a0\u00a0 Hamas did not release news about Zahar&rsquo;s visits \u00ab\u00a0upon requests by the countries that were included in the trip.\u00a0\u00bb Zahar, who is also a member of the Hamas-dominated Palestinian parliament, paid the visit upon requests by those European countries.  \u00a0\u00a0\u00a0 After Israel ended a three-week offensive in the Gaza Strip in January, many Western diplomatic delegations visited the territory and some of them held talks with Hamas, the latest one was former U.S. President Jimmy Carter.  \u00a0\u00a0\u00a0 In June, Khaled Mashaal, Hamas&rsquo; politburo chief, delivered a speech in which he said the Islamic movement was open to talk with the West and was willing to accept a Palestinian statehood alongside Israel but without recognizing the Jewish state.  \u00a0<\/div>\n<div align=\"justify\">\n<hr\/>\n<\/div>\n<div align=\"center\"> <strong><\/p>\n<h2 style=\"color: red;\"><font size=\"3\">Al Qaeda Warns France over Burqa Criticism<\/font><\/h2>\n<p><\/strong><\/div>\n<div align=\"justify\">\u00a0<\/div>\n<div align=\"justify\">France on Guard After Militants Vow \u00ab\u00a0Vengeance\u00a0\u00bb for Sarkozy&rsquo;s Disapproval of Face-Covering Veils \u00a0 PARIS, July 1, 2009 \u00a0 AP)\u00a0 French officials were on guard Wednesday after an al Qaeda affiliate threatened vengeance for President Nicolas Sarkozy&rsquo;s criticism of the face-covering veils worn by some Muslim women. France is maintaining \u00ab\u00a0very great vigilance\u00a0\u00bb toward actions and statements by al Qaeda in the Islamic Maghreb, or North Africa, French Foreign Ministry spokesman Eric Chevallier said in a briefing.   \u00ab\u00a0French authorities reaffirm their determination to fight terrorism,\u00a0\u00bb he added.  The Algeria-based group issued a statement on Islamic Web sites vowing to \u00ab\u00a0seek vengeance against France\u00a0\u00bb over Sarkozy&rsquo;s comments about face-covering Muslim veils such as the burqa and niqab. The declaration could not be independently verified.   Sarkozy said last week the burqa would not be \u00ab\u00a0welcome\u00a0\u00bb in France and would turn women into prisoners. France&rsquo;s parliament created a commission to study the issue, which could lead to banning the Muslim robes from being worn in public.  Human Rights Watch said the move would be counterproductive, and a top British Muslim group said Sarkozy&rsquo;s comments were patronizing and offensive. Lebanon&rsquo;s most influential Shiite cleric called on the French leader to reconsider his statement.  The al Qaeda declaration called on followers to act \u00ab\u00a0for the honor of our daughters and our sisters\u00a0\u00bb and called on all Muslims \u00ab\u00a0to respond to this hate.\u00a0\u00bb   Hard-line Algerian militants left over from a civil war between radical Islamists and government forces in the 1990s joined al Qaeda in 2006. They regularly target Algerian government forces and have tried to step up attacks against foreigners.   The Associated Press<\/div>\n<\/div>\n<div>\n<hr\/>\n<\/div>\n<div align=\"center\"><strong><\/p>\n<h2 style=\"color: red;\"><font size=\"3\">Turquie: pouss\u00e9e de fi\u00e8vre entre l&rsquo;arm\u00e9e et le parti islamiste au pouvoir<\/font><\/h2>\n<p><\/strong><\/div>\n<div align=\"justify\"> AFP, le 30 juin 2009 \u00e0 13h13  Par Burak AKINCI  ANKARA, 30 juin 2009 (AFP) &#8211; Les dirigeants civils et militaires de Turquie se sont r\u00e9unis mardi pour \u00e9voquer des soup\u00e7ons de conspiration militaire contre le gouvernement islamo-conservateur, qui provoquent une pouss\u00e9e de fi\u00e8vre entre l&rsquo;arm\u00e9e et le parti au pouvoir. Le Conseil national de s\u00e9curit\u00e9 (MGK) se r\u00e9unit tous les deux mois pour faire le point sur la s\u00e9curit\u00e9 int\u00e9rieure et ext\u00e9rieure du pays, mais la r\u00e9union tenue en d\u00e9but d&rsquo;apr\u00e8s-midi a pris une importance particuli\u00e8re. Le chef d&rsquo;\u00e9tat-major des arm\u00e9es, le g\u00e9n\u00e9ral Ilker Basbug, a en effet annonc\u00e9 la semaine derni\u00e8re que cette r\u00e9union se pencherait sur un pr\u00e9tendu complot, au sein de l&rsquo;arm\u00e9e, visant \u00e0 discr\u00e9diter le gouvernement pour entra\u00eener sa chute. L&rsquo;affaire a d\u00e9marr\u00e9 par la publication le 12 juin par le quotidien lib\u00e9ral Taraf d&rsquo;un document secret, qualifi\u00e9 de \u00ab\u00a0bout de papier\u00a0\u00bb par le chef des arm\u00e9es. Lors d&rsquo;une conf\u00e9rence de presse la semaine derni\u00e8re, le g\u00e9n\u00e9ral Basbug, flanqu\u00e9 de tous ses adjoints, a d\u00e9nonc\u00e9 avec solennit\u00e9 une \u00ab\u00a0campagne de d\u00e9nigrement\u00a0\u00bb contre l&rsquo;arm\u00e9e, sans dire qui en \u00e9tait responsable. Il s&rsquo;est entretenu lundi avec le chef du gouvernement Recep Tayyip Erdogan. Depuis que l&rsquo;AKP (Parti pour la justice et le d\u00e9veloppement, issu de la mouvance islamiste) est arriv\u00e9 au pouvoir en 2002, les relations entre le gouvernement et l&rsquo;arm\u00e9e, qui se consid\u00e8re comme garante de la la\u00efcit\u00e9, sont tumultueuses. Sign\u00e9 par un colonel de marine, le texte stigmatise l&rsquo;AKP et la puissante confr\u00e9rie du chef religieux Fethullah G\u00fclen, qui le soutient. Il annonce le projet de lancer de fausses accusations contre l&rsquo;AKP et la confr\u00e9rie, pour les discr\u00e9diter aux yeux de l&rsquo;opinion publique. Le colonel incrimin\u00e9, Dursun Ci\u00e7ek, a \u00e9t\u00e9 entendu mardi par un procureur d&rsquo;Istanbul avec plusieurs autres officiers. Depuis sa publication, un d\u00e9bat sur l&rsquo;authenticit\u00e9 du document a fait monter la fi\u00e8vre entre le pouvoir et l&rsquo;arm\u00e9e. La justice militaire a annonc\u00e9 qu&rsquo;il s&rsquo;agissait d&rsquo;un faux, mais l&rsquo;AKP a saisi la justice civile. M. Erdogan, qui ne semble pas convaincu par les conclusions de la justice militaire, s&rsquo;est pos\u00e9 en d\u00e9fenseur de la d\u00e9mocratie face \u00e0 toute vell\u00e9it\u00e9 de complot contre un gouvernement d\u00e9mocratiquement \u00e9lu, \u00e0 l&rsquo;heure o\u00f9 son pays frappe \u00e0 la porte de l&rsquo;Union europ\u00e9enne. La tension a mont\u00e9 un peu plus dans la nuit de vendredi \u00e0 samedi avec l&rsquo;adoption par le parlement, domin\u00e9 par l&rsquo;AKP, d&rsquo;une loi r\u00e9duisant les pr\u00e9rogatives des tribunaux militaires. De nombreux militaires \u00e0 la retraite ou en activit\u00e9 sont d\u00e9j\u00e0 au banc des accus\u00e9s, depuis l&rsquo;an dernier, dans le proc\u00e8s Ergenekon, du nom d&rsquo;un vaste r\u00e9seau suppos\u00e9 visant \u00e0 provoquer l&rsquo;anarchie pour inciter les militaires \u00e0 prendre le pouvoir. En Turquie, l&rsquo;arm\u00e9e a d\u00e9mis quatre gouvernements, depuis 1960. Pour l&rsquo;opposition cependant, l&rsquo;enqu\u00eate qui se poursuit dans l&rsquo;affaire Ergenekon n&rsquo;est que pr\u00e9texte \u00e0 r\u00e9duire au silence les d\u00e9tracteurs de M. Erdogan. \u00ab\u00a0Il faut parvenir \u00e0 une entente au sommet de l&rsquo;Etat, car cela devient destructif pour les deux parties\u00a0\u00bb, pouvoir et arm\u00e9e, estime l&rsquo;\u00e9ditorialiste du journal Vatan, Okay G\u00f6nensin, alors que la presse dans son ensemble \u00e9voquait mardi une \u00ab\u00a0crise de confiance\u00a0\u00bb entre les institutions de l&rsquo;Etat. Lundi soir, de retour d&rsquo;une visite en Chine, le pr\u00e9sident turc Abdullah G\u00fcl a tent\u00e9 de calmer le jeu, appelant \u00e0 l'\u00a0\u00bbharmonie\u00a0\u00bb dans les relations entre le gouvernement et l&rsquo;arm\u00e9e. \u00a0<\/div>\n<div>\n<hr\/>\n<\/div>\n<div align=\"center\">\n<h2 style=\"color: red;\"><font size=\"3\"><strong>Affaire Ergenekon &#8211; Un colonel turc bri\u00e8vement arr\u00eat\u00e9<\/strong><\/font><\/h2>\n<\/div>\n<div align=\"justify\"> Reuters, le 1er juillet 2009 \u00e0 19h34 ISTANBUL, 1er juillet (Reuters) &#8211; Un colonel de l&rsquo;arm\u00e9e turque d\u00e9j\u00e0 mis en cause dans un complot visant \u00e0 d\u00e9stabiliser le gouvernement a \u00e9t\u00e9 arr\u00eat\u00e9 mardi soir pour son implication r\u00e9sum\u00e9e dans le r\u00e9seau \u00ab\u00a0Ergenekon\u00a0\u00bb, mais a \u00e9t\u00e9 rel\u00e2ch\u00e9 par la suite, rapporte l&rsquo;Agence anatolienne de presse. Le colonel Dursun Cicek est soup\u00e7onn\u00e9 de liens avec cette organisation d&rsquo;extr\u00eame droite accus\u00e9e par le parquet d&rsquo;avoir planifi\u00e9 une vague d&rsquo;attentats et d&rsquo;assassinats pour provoquer un coup d&rsquo;Etat militaire. Plusieurs officiers actifs ou \u00e0 la retraite ont d\u00e9j\u00e0 \u00e9t\u00e9 arr\u00eat\u00e9s dans le cadre de cette affaire. L&rsquo;officier a \u00e9t\u00e9 remis en libert\u00e9 apr\u00e8s un recours de son avocat, pr\u00e9cise l&rsquo;agence. Le journal lib\u00e9ral Taraf avait d\u00e9j\u00e0 mis en cause le colonel Cicek dans une autre affaire, l&rsquo;accusant d&rsquo;avoir \u00e9bauch\u00e9 un document visant \u00e0 discr\u00e9diter le Parti pour la justice (AKP, au pouvoir) et \u00e0 raviver les craintes des milieux nationalistes \u00e0 l&rsquo;\u00e9gard de ce mouvement qui plonge ses racines dans l&rsquo;islam politique. L&rsquo;arm\u00e9e, qui a d\u00e9savou\u00e9 ce plan, a refus\u00e9 d&rsquo;engager des poursuites contre Cicek en s&rsquo;interrogeant sur l&rsquo;authenticit\u00e9 de ce complot pr\u00e9sum\u00e9, qui a suscit\u00e9 des tensions entre les militaires et l&rsquo;AKP. Le gouvernement et les chefs de l&rsquo;arm\u00e9e ont tenu sept heures de r\u00e9union mardi pour apaiser les tensions. Le Premier ministre Teyyip Erdogan et le chef d&rsquo;\u00e9tat-major de l&rsquo;arm\u00e9e, le g\u00e9n\u00e9ral Ilker Basbug, y participaient. L&rsquo;arm\u00e9e turque, farouchement attach\u00e9e \u00e0 l&rsquo;ordre la\u00efque de la R\u00e9publique kemaliste, a renvers\u00e9 quatre gouvernements au cours des 50 derni\u00e8res ann\u00e9es, mais elle a vu son influence d\u00e9cliner \u00e0 mesure que le pays adoptait des r\u00e9formes en vue d&rsquo;adh\u00e9rer \u00e0 l&rsquo;Union europ\u00e9enne. Elle d\u00e9ment tout lien avec le r\u00e9seau Ergenekon, qui a \u00e9t\u00e9 r\u00e9v\u00e9l\u00e9 au grand jour il y a deux ans et conduit \u00e0 l&rsquo;arrestation de 140 personnes. <\/p>\n<hr\/>\n<\/div>\n<div align=\"justify\">\u00a0 <\/p>\n<div align=\"center\"><strong><\/p>\n<h2 style=\"color: red;\"><font size=\"3\">ANALYSIS-World changing around Turkey&rsquo;s generals<\/font><\/h2>\n<p><\/strong><\/div>\n<div align=\"justify\"> <strong>\u00a0\u00a0\u00a0 * Previously untouchable generals on the defensive \u00a0\u00a0\u00a0 * Tug-of-war between secularists and religious-minded groups \u00a0\u00a0\u00a0 * EU reforms have clipped wings of powerful military<\/strong><\/div>\n<div align=\"justify\">Reuters, le 2 juillet 2009 \u00e0 13h12 \u00a0\u00a0\u00a0\u00a0 \u00a0\u00a0\u00a0 By Ibon Villelabeitia \u00a0\u00a0\u00a0 ANKARA, June 30 (Reuters) &#8211; Turkey&rsquo;s powerful generals are feeling unprecedented pressure, cornered by what they see as Islamist enemies bent on dividing the military and their once formidable influence in public life cut by EU-inspired reforms. \u00a0\u00a0\u00a0 A spat over an alleged plot by the secularist military to undermine the Islamist-rooted AK Party government has exposed a rivalry between elites. An angry outburst by the country&rsquo;s top general &#8212; \u00ab\u00a0Take your hands off the armed forces!\u00a0\u00bb &#8212; illustrates the depth of frustration of the men in uniform. \u00a0\u00a0\u00a0 \u00ab\u00a0The military is completely lost in its reaction to the changes around it,\u00a0\u00bb said Cengiz Aktar, a professor at Istanbul&rsquo;s Bahcesehir University who is often critical of the army. \u00a0\u00a0\u00a0 \u00ab\u00a0They used to be unaccountable but are having a hard time in handling the process of normalisation of civilian-military ties. They will suffer more. There is nothing they can do but adapt to the new rules,\u00a0\u00bb Aktar said. \u00a0\u00a0\u00a0 Turkey&rsquo;s military, which has ousted four governments in 50 years in the predominantly Muslim European Union candidate country, regards itself as the last bulwark against political Islam tring to subvert the republic&rsquo;s secular principles. \u00a0\u00a0\u00a0 That role is now being questioned, strained by reforms aimed at meeting EU membership criteria and as a rising middle class of religious-minded Turks that have moved into positions of power under the AK Party challenge the old secularist elite. \u00a0\u00a0\u00a0 A document published by a liberal newspaper earlier this month alleging a military conspiracy against the AK Party and the religious movement of Muslim preacher Fethullah Gulen has raised new tensions between the government and the military, which has seen its prestige blemished by the row. \u00a0\u00a0\u00a0 Few see a risk of the military staging a coup. The AK Party enjoys wide popular support and a military intervention would demolish the image of an institution whose power and privilege is already waning. \u00a0\u00a0\u00a0 In a sign of democratic maturity, financial markets have so far reacted calmy but investors are following developments closely as Turkey has a long history of political instability. \u00a0\u00a0\u00a0 \u00ab\u00a0This settling of accounts won&rsquo;t end up easily,\u00a0\u00bb wrote Mehmet Ali Birand, a leading commentator. \u00ab\u00a0It is not clear where and when this escalation will end.\u00a0\u00bb \u00a0\u00a0\u00a0  \u00a0\u00a0\u00a0 \u00ab\u00a0PSYCHOLOGICAL WAR\u00a0\u00bb \u00a0\u00a0\u00a0 Military chief General Ilker Basbug last week denounced the plot report as a smear campaign to split the armed forces. Wagging his finger during a news conference broadcast live, a visibly angry Basbug said NATO&rsquo;s second-largest army was facing an \u00ab\u00a0asymmetric war\u00a0\u00bb conducted through the media. \u00a0\u00a0\u00a0 Basbug did not name any group but secularists are suspicious the Gulen movement may be behind the document to discredit the armed forces and goad it into a fight with the government. \u00a0\u00a0\u00a0 The Gulen movement and the secularist establishment of military, judicial and academic elite have long been at odds. \u00a0\u00a0\u00a0 Gulen gleans much of his support from a rising group of religious-minded professionals who are the same people who helped sweep the Islamist-rooted AK Party to power in 2002. \u00a0\u00a0\u00a0 Secularists, who suspect Gulen of wanting to train a cadre of people to run a future Islamic state, believe followers in the police and courts are driving a separate investigation into the right-wing \u00ab\u00a0Ergenekon\u00a0\u00bb network suspected of planning a coup. \u00a0\u00a0\u00a0 \u00ab\u00a0Everything we are witnessing is part of a psychological war. The Turkish armed forces is on one side and the Gulen movement on the other,\u00a0\u00bb Ismet Berkan, editor of Radikal, a secularist daily, recently wrote in a column. \u00a0\u00a0\u00a0 Gareth Jenkins, an Istanbul-based military analyst, said the military was at a crossroads. Past army interventions aimed at blocking the AK Party from taking state institutions including the presidency have backfired, but many in the ranks feel their old rivals are now out to get them. \u00a0\u00a0\u00a0 \u00ab\u00a0The military doesn&rsquo;t want to run the country as in the past, but they feel they are being attacked. The problem they have is that they can&rsquo;t be too aggressive against the government because who is going to replace the AK Party? Their best chance is to hold on to what they have,\u00a0\u00bb Jenkins said. \u00a0\u00a0\u00a0  \u00a0\u00a0\u00a0 EUROPE \u00a0\u00a0\u00a0 The AK Party&rsquo;s use of its parliamentary majority to pass EU-inspired reforms to cut back the power of the military has also raised suspicions among hard-line secularists the AK Party wants to weaken the army&rsquo;s role as guardian against Islamism. \u00a0\u00a0\u00a0 The AK Party denies this. \u00a0\u00a0\u00a0 Analysts said Basbug, halfway through his two-year tenure, will need to show tact in upholding the military&rsquo;s prestige while avoiding an open clash with the government. \u00a0\u00a0\u00a0 Retired general Kenan Evren, who lead a 1980 military coup, was quoted last week as saying he would rather commit suicide than be tried by a civilian court if changes to the constitution under discussion pave the way for such a trial. \u00a0\u00a0\u00a0 Jenkins, the military analyst, said the two camps will eventually need to find an accomodation. \u00a0\u00a0\u00a0 \u00ab\u00a0The process of pushing the military towards EU standards has to be done without provoking the military. The last thing Turkey wants is a demoralised army. Government and military have to get along in a normal country,\u00a0\u00bb he said.  REUTERS \u00a0<\/div>\n<div align=\"justify\">\n<hr\/>\n<\/div>\n<div align=\"justify\">\u00a0<\/div>\n<div align=\"center\"><strong><\/p>\n<h3 style=\"color: blue;\"><font size=\"3\">Main figures in Turkey&rsquo;s power struggle<\/font><\/h3>\n<p><\/strong><\/div>\n<div align=\"justify\"> Reuters, le 2 juillet 2009 \u00e0 15h28 \u00a0\u00a0\u00a0 ANKARA, June 30 (Reuters) &#8211; An alleged plot in the secularist armed forces to undermine Turkey&rsquo;s ruling AK Party has exposed a rivalry between elites in the Muslim European Union candidate nation. \u00a0\u00a0\u00a0 Following are brief portraits of some of the key figures in the secularist and religious-minded camps. \u00a0\u00a0\u00a0 * TAYYIP ERDOGAN, PRIME MINISTER: \u00a0\u00a0\u00a0 &#8212; Erdogan, 55, is AK Party leader and Turkey&rsquo;s most popular and charismatic politician. He presided over Turkey&rsquo;s 2005 historic launch of European Union membership talks, but many in the secularist establishment suspect he harbours plans for an Islamic state. A former mayor of Istanbul who served a short jail sentence in 1999 for reading a poem deemed too Islamist at a public rally, Erdogan is a hero for millions of pious Turks from the Anatolian heartland who credit him for standing up against the powerful secularist establishment, including the military. A devout Muslim, he has been accused of contributing to the polarisation of Turkish society. \u00a0\u00a0\u00a0 * ABDULLAH GUL, PRESIDENT: \u00a0\u00a0\u00a0 &#8212; A respected former foreign minister, Gul, 58, was voted president by the AK Party-controlled parliament in August 2007 despite a military website condemnation &#8212; branded an \u00ab\u00a0e-coup\u00a0\u00bb by critics &#8212; of his appointment. One of the founders of the AK Party along with Erdogan, Gul is viewed with suspicion by the secularist elite because of his Islamist past and because his wife wears the Muslim headscarf. His appointment to the post &#8212; first occupied by founder Mustafa Kemal Ataturk &#8212; ended the secularists&rsquo; decades-old grip on the presidency. Since becoming president, he has taken a moderating position, maintaining contacts with all sides to find consensus. \u00a0\u00a0\u00a0 * ILKER BASBUG, ARMED FORCES CHIEF: \u00a0\u00a0\u00a0 &#8212; General Basbug has been credited with ending open hostilities between the military and the AK Party government under his more confrontational predecessor. He has been forced on to the defensive by an alleged military plot to undermine the AK Party government and by an investigation into the \u00ab\u00a0Ergenekon\u00a0\u00bb right-wing network, in which senior active and retired officers have been arrested on charges of plotting a bombing and assassination campaign to provoke a military coup. Like the rest of the secular establishment, he distrusts Erdogan&rsquo;s AK Party. In his speech after taking command last August he warned againsta rising \u00ab\u00a0religious lifestyle\u00a0\u00bb in Turkey. He has said he would never tolerate coup activities in the military. \u00a0\u00a0\u00a0 * PREACHER FETHULLAH GULEN \u00a0\u00a0\u00a0 &#8212; Revered by many as a tolerant, moderating force in Islam, but suspected by secularist Turks of harbouring a political agenda, Muslim preacher Gulen conveys like few other public figures the competing attitudes that reflect the wider struggle for Turkey&rsquo;s identity. He is the founder of a powerful socio-religious community secularists suspect promotes what they call a creeping Islamisation of Turkey&rsquo;s society. Critics say his followers have infiltrated the police and courts to target the military and control newspapers critical of the army. The reclusive Gulen, 68, left for the United States in 1999, shortly before a case against him on charges with plotting to destroy the secular state and establish Islamic law. He was acquitted but has lived there ever since. His movement is seen as having ties to the AK Party.\u00a0  \u00a0\u00a0\u00a0 * CHP LEADER DENIZ BAYKAL: \u00a0\u00a0\u00a0 &#8211; The septuagenarian Baykal is the veteran leader of the main opposition Republican People&rsquo;s Party, the party of Turkey&rsquo;s urban secular elite wary of the social and economic rise of pious Muslims. Lukewarm on the EU, his party has blocked efforts by the AK Party to reform the military-drafted constitution, a key requirement for EU membership entry. He has often chastised the AK Party for what he says are efforts to undermine Turkey&rsquo;s secular system of government, but he has focused his attacks of late on alleged government corruption. \u00a0\u00a0\u00a0 * HASIM KILIC, CONSTITUTIONAL COURT CHAIRMAN: \u00a0\u00a0\u00a0 &#8212; As chief judge, Kilic played a key role when the Constitutional Court last year narrowly rejected an attempt to shut down the AK Party on charges of being a focal point of anti-secular activities. The court voted instead to impose financial penalites on the AK Party. He is one of the oldest members of the 11-member court. Gul appointed him chairman of the court in October 2007. Three judges will see their terms expire within a year, which could determine the court&rsquo;s direction. The president has the final say on appointing judges. \u00a0\u00a0\u00a0 * ABDURRAHMAN YALCINKAYA, COURT OF APPEALS PROSECUTOR: \u00a0\u00a0\u00a0 &#8212; AK Party arch-nemesis Abdurrahman Yalcinkaya, a staunch secularist, was the prosecutor behind the legal attempt to ban the AK Party. Speculation surrounding a second closure case grew this month as newspapers reported the implacable Yalcinkaya was investigating allegations that German-based Islamist charity Deniz Feneri channelled funds to the AK Party.  REUTERS <\/p>\n<hr\/>\n<\/div>\n<\/div>\n<div align=\"justify\">\n<p><span><\/span><\/p>\n<p><span><\/span>\u00a0<\/p>\n<p align=\"center\"><font size=\"3\"><span><b><span lang=\"FR\">Jeune Afrique: <\/span><\/b><\/span><b><span lang=\"FR\">Au CNRS, la libert\u00e9 intellectuelle d&rsquo;un sp\u00e9cialiste de l&rsquo;islam menac\u00e9e<\/span><\/b><\/font><\/p>\n<p>\u00a0<\/p>\n<p><b><span lang=\"FR\">02\/07\/2009 17:35:10 &#8211; La r\u00e9daction web de Jeune Afrique- Par : Provenzano Lauranne \u2013<\/span><\/b><\/p>\n<p><strong><span lang=\"FR\">Recherches au CNRS surveill\u00e9es, menaces de sanctions disciplinaires,&#8230; l&rsquo;affaire Vincent Geisser, un sp\u00e9cialiste de l&rsquo;islam, suscite l&rsquo;inqui\u00e9tude du monde des enseignants chercheurs, qui d\u00e9fendent le principe de la libert\u00e9 intellectuelle.<\/span><\/strong><\/p>\n<p><span lang=\"FR\">Chercheur au CNRS, Vincent Geisser est sp\u00e9cialiste de l\u2019islam. Il vient d\u2019\u00eatre sanctionn\u00e9 par un \u00ab avertissement sans inscription au dossier \u00bb lors de sa r\u00e9cente convocation devant la commission de discipline de l\u2019organisme de recherche scientifique, le 29 juin dernier.<\/span><\/p>\n<p><span lang=\"FR\">On lui reproche son \u00ab manquement au devoir de r\u00e9serve \u00bb, pour avoir prononc\u00e9 des propos \u00ab calomnieux et injurieux \u00bb \u00e0 l\u2019encontre d\u2019un fonctionnaire de s\u00e9curit\u00e9 et de d\u00e9fense, Joseph Illand, qui surveillait ses travaux au sein du CNRS.<\/span><\/p>\n<p><span lang=\"FR\">Le CNRS a rappel\u00e9 qu\u2019il ne s\u2019agissait que d\u2019une sanction consultative et qu\u2019il revenait d\u00e9sormais \u00e0 la direction de se prononcer sur le dossier. Son avocat a n\u00e9anmoins\u00a0 contest\u00e9 la mesure disciplinaire et attend les conclusions finales de la direction du Centre.<\/span><\/p>\n<p><span lang=\"FR\">Un comit\u00e9 de soutien a \u00e9t\u00e9 cr\u00e9\u00e9, et les coll\u00e8gues du chercheur craignent qu\u2019une telle mesure fasse d\u00e9sormais jurisprudence et les contraigne fermement \u00e0 ce fameux droit de r\u00e9serve. L\u2019affaire a fait grand bruit dans la sph\u00e8re des enseignants-chercheurs et des scientifiques, qui sont imm\u00e9diatement mont\u00e9s au cr\u00e9neau pour d\u00e9fendre la libert\u00e9 intellectuelle.\u00a0<\/span><\/p>\n<p><strong><span lang=\"FR\">Accointances avec l\u2019islam <\/span><\/strong><\/p>\n<p><span lang=\"FR\">Au demeurant, l\u2019affaire est plus complexe qu\u2019il n\u2019y para\u00eet. On reproche au chercheur les propos qu&rsquo;il a tenus dans un mail personnel adress\u00e9 \u00e0 une coll\u00e8gue, mail qui a \u00e9t\u00e9 publi\u00e9 sur un blog \u00e0 son insu et qui a d\u00e9clench\u00e9 une plainte de la part de Joseph Illand.<\/span><\/p>\n<p><span lang=\"FR\">A cette chercheuse de Toulouse, interdite d\u2019exercer car elle portait le voile (une sanction imput\u00e9e au m\u00eame fonctionnaire de d\u00e9fense que celui qui suivait les travaux de Vincent Geisser), il \u00e9crivait les propos suivants :<\/span><\/p>\n<p><span lang=\"FR\">\u00ab Le FD (fonctionnaire d\u00e9fense, ndlr) est un id\u00e9ologue qui traque les musulmans et leurs \u00ab amis \u00bb, comme \u00e0 une certaine \u00e9poque on traquait les Juifs et les Justes. Le FD constitue des dossiers s\u00e9curitaires sur un nombre de chercheurs du CNRS afin de les faire sanctionner.<\/span><\/p>\n<p><span lang=\"FR\">Sa cible privil\u00e9gi\u00e9e ? Les chercheurs travaillant sur le monde arabe et musulman, mais aussi les chercheurs ayant des accointances avec l\u2019islam \u00bb.\u00a0<\/span><\/p>\n<p><strong><span lang=\"FR\">Harc\u00e8lement s\u00e9curitaire <\/span><\/strong><\/p>\n<p><span lang=\"FR\">Pour expliquer la duret\u00e9 de ces propos, il faut rappeler que Vincent Geisser estime avoir subi \u00ab cinq ans de harc\u00e8lement s\u00e9curitaire \u00bb de la part de Joseph Illand, selon les propos des chercheurs qui le soutiennent.<\/span><\/p>\n<p><span lang=\"FR\">Ing\u00e9nieur g\u00e9n\u00e9ral de l\u2019armement, ancien de la D\u00e9fense et fonctionnaire au CNRS depuis 2003, Joseph Illand \u00e9tait donc charg\u00e9 de surveiller les \u00ab int\u00e9r\u00eats \u00bb de la recherche fran\u00e7aise.<\/span><\/p>\n<p><span lang=\"FR\">Alors qu\u2019il effectuait une enqu\u00eate sur les enseignants-chercheurs issus des migrations maghr\u00e9bines, le d\u00e9partement dont d\u00e9pendait Vincent Geisser a \u00e9t\u00e9 class\u00e9 \u00ab sensible \u00bb, tout comme le th\u00e8me de ses travaux, et il s\u2019est aper\u00e7u que le FD avait r\u00e9colt\u00e9 nombre d\u2019informations sur ses recherches, dans le but de le faire \u00ab sanctionner \u00bb.<\/span><\/p>\n<p><span lang=\"FR\">\u00ab Petit \u00e0 petit, j\u2019ai compris ce qu\u2019on me reprochait, d\u2019infiltrer le CNRS avec un lobby islamique \u00bb, d\u00e9clare \u00e0 Rue 89\u00a0 Vincent Geisser , connu pour \u00eatre l\u2019auteur de <em><span>La Nouvelle Islamophobie,<\/span><\/em> un ouvrage qui a suscit\u00e9 des d\u00e9bats passionn\u00e9s.\u00a0<\/span><\/p>\n<p><strong><span lang=\"FR\">Maccarthysme \u00e0 la fran\u00e7aise <\/span><\/strong><\/p>\n<p><span lang=\"FR\">L\u2019 \u00ab affaire Geisser \u00bb a en tout cas provoqu\u00e9 l\u2019ire du milieu de la recherche, qui s\u2019inqui\u00e8te de la menace pesant sur la libert\u00e9 des scientifiques.<\/span><\/p>\n<p><span lang=\"FR\">La convocation de Vincent Geisser a d\u00e9clench\u00e9 le lancement d\u2019une p\u00e9tition \u00ab pour la d\u00e9fense de la libert\u00e9 intellectuelle des chercheurs et enseignants-chercheurs de la fonction publique \u00bb, qui a r\u00e9colt\u00e9 plus de 4.000 signatures. Une lettre ouverte a \u00e9galement \u00e9t\u00e9 adress\u00e9e \u00e0 Val\u00e9rie P\u00e9cresse, ministre de l\u2019Enseignement sup\u00e9rieur et de la Recherche.<\/span><\/p>\n<p><span lang=\"FR\">Des \u00ab pointures \u00bb du monde universitaire, telles qu\u2019Edgar Morin, Pascal Boniface ou Olivier Roy ont expliqu\u00e9 qu\u2019ils soutenaient Vincent Geisser, moins pour ses positions sur l\u2019islam que pour la sauvegarde du principe de libert\u00e9 intellectuelle des universitaires.<\/span><\/p>\n<p><span lang=\"FR\">Dans un appel diffus\u00e9 sur le site Rue 89, Olivier Roy et Esther Benbassa, deux universitaires, ont tir\u00e9 la sonnette d\u2019alarme :<\/span><\/p>\n<p><span lang=\"FR\">\u00ab Nos blogs bloqu\u00e9s, nos mails \u00e9pi\u00e9s, nos travaux \u00e9pluch\u00e9s par les militaires, nos livres devront-ils \u00eatre bient\u00f4t soumis \u00e0 la censure ou ne refl\u00e9ter que les positions agr\u00e9\u00e9es ou suppos\u00e9es ag\u00e9\u00e9es par nos gouvernants ? Un maccarthysme \u00e0 la fran\u00e7aise, est-ce l\u00e0 d\u00e9sormais l\u2019 \u00ab exception fran\u00e7aise \u00bb ? \u00bb<\/span><\/p>\n<p><b><span lang=\"FR\">(Source: Jeune Afrique.com\u00a0\u00bb le 02 juillet 09)<\/span><\/b><\/p>\n<p><b><span lang=\"FR\">Lien:<a href=\"http:\/\/www.jeuneafrique.com\/Article\/ARTJAWEB20090702173509\/-islam-chercheur-CNRS-Vincent-Geisser-Au-CNRS-la-liberte-intellectuelle-d-un-specialiste-de-l-islam-menacee.html\" target=\"_blank\" rel=\"noopener\"><span>http:\/\/www.jeuneafrique.com\/Article\/ARTJAWEB20090702173509\/-islam-chercheur-CNRS-Vincent-Geisser-Au-CNRS-la-liberte-intellectuelle-d-un-specialiste-de-l-islam-menacee.html<\/span><\/a><\/span><\/b><\/p>\n<\/div>\n<\/div>\n<p><font size=\"2\"><\/p>\n<div align=\"justify\"><font face=\"Arial\"> <\/font>\u00a0<\/div>\n<p><\/font><\/div>\n<p>\u00a0<\/p><\/div>\n<p align=\"center\" dir=\"ltr\">\n<h3 style=\"color: blue;\"><font face=\"Arial\" size=\"2\"><strong><b><a href=\"http:\/\/www.tunisnews.net\/\"><font face=\"Arial\"><span><font size=\"2\">Home<\/font><\/span><font size=\"2\"><span lang=\"FR-CH\"> &#8211; Accueil <\/span><span>&#8211; <\/span><\/font><\/font><span dir=\"rtl\" lang=\"AR-SA\"><font size=\"2\">\u0627\u0644\u0631\u0626\u064a\u0633\u064a\u0629<\/font><\/span><\/a><\/b><\/strong><\/font><\/h3>\n<\/p>\n<p><\/body><\/body><\/html><\/p>\n","protected":false},"excerpt":{"rendered":"<p>Home &#8211; Accueil TUNISNEWS 9\u00a0\u00e8me ann\u00e9e,N\u00b0\u00a03327 du 02.07.2009 \u00a0archives :www.tunisnews.net\u00a0\u00a0 Libert\u00e9 et Equit\u00e9: Nouvelles des libert\u00e9s en Tunisie Reporters sans fronti\u00e8res: A 100 jours des \u00e9lections : inqui\u00e9tudes pour la presse ind\u00e9pendante L\u2019ACAT-France: Un an apr\u00e8s la r\u00e9pression \u00e0 Redeyef\u00a0 &#8211; Lettre au\u00a0 Minist\u00e8re de la Justice et des Droits de l\u2019homme L\u2019ACAT-France:\u00a0 Cas de [&hellip;]<\/p>\n","protected":false},"author":1,"featured_media":22040,"comment_status":"open","ping_status":"open","sticky":false,"template":"","format":"standard","meta":{"inline_featured_image":false,"site-sidebar-layout":"default","site-content-layout":"","ast-site-content-layout":"default","site-content-style":"default","site-sidebar-style":"default","ast-global-header-display":"","ast-banner-title-visibility":"","ast-main-header-display":"","ast-hfb-above-header-display":"","ast-hfb-below-header-display":"","ast-hfb-mobile-header-display":"","site-post-title":"","ast-breadcrumbs-content":"","ast-featured-img":"","footer-sml-layout":"","ast-disable-related-posts":"","theme-transparent-header-meta":"","adv-header-id-meta":"","stick-header-meta":"","header-above-stick-meta":"","header-main-stick-meta":"","header-below-stick-meta":"","astra-migrate-meta-layouts":"default","ast-page-background-enabled":"default","ast-page-background-meta":{"desktop":{"background-color":"","background-image":"","background-repeat":"repeat","background-position":"center center","background-size":"auto","background-attachment":"scroll","background-type":"","background-media":"","overlay-type":"","overlay-color":"","overlay-opacity":"","overlay-gradient":""},"tablet":{"background-color":"","background-image":"","background-repeat":"repeat","background-position":"center center","background-size":"auto","background-attachment":"scroll","background-type":"","background-media":"","overlay-type":"","overlay-color":"","overlay-opacity":"","overlay-gradient":""},"mobile":{"background-color":"","background-image":"","background-repeat":"repeat","background-position":"center center","background-size":"auto","background-attachment":"scroll","background-type":"","background-media":"","overlay-type":"","overlay-color":"","overlay-opacity":"","overlay-gradient":""}},"ast-content-background-meta":{"desktop":{"background-color":"var(--ast-global-color-5)","background-image":"","background-repeat":"repeat","background-position":"center center","background-size":"auto","background-attachment":"scroll","background-type":"","background-media":"","overlay-type":"","overlay-color":"","overlay-opacity":"","overlay-gradient":""},"tablet":{"background-color":"var(--ast-global-color-5)","background-image":"","background-repeat":"repeat","background-position":"center center","background-size":"auto","background-attachment":"scroll","background-type":"","background-media":"","overlay-type":"","overlay-color":"","overlay-opacity":"","overlay-gradient":""},"mobile":{"background-color":"var(--ast-global-color-5)","background-image":"","background-repeat":"repeat","background-position":"center center","background-size":"auto","background-attachment":"scroll","background-type":"","background-media":"","overlay-type":"","overlay-color":"","overlay-opacity":"","overlay-gradient":""}},"footnotes":""},"categories":[],"tags":[59,40,29],"class_list":["post-17856","post","type-post","status-publish","format-standard","has-post-thumbnail","hentry","tag-59","tag-40","tag-fr"],"_links":{"self":[{"href":"https:\/\/tunisnews.net\/ar\/wp-json\/wp\/v2\/posts\/17856","targetHints":{"allow":["GET"]}}],"collection":[{"href":"https:\/\/tunisnews.net\/ar\/wp-json\/wp\/v2\/posts"}],"about":[{"href":"https:\/\/tunisnews.net\/ar\/wp-json\/wp\/v2\/types\/post"}],"author":[{"embeddable":true,"href":"https:\/\/tunisnews.net\/ar\/wp-json\/wp\/v2\/users\/1"}],"replies":[{"embeddable":true,"href":"https:\/\/tunisnews.net\/ar\/wp-json\/wp\/v2\/comments?post=17856"}],"version-history":[{"count":0,"href":"https:\/\/tunisnews.net\/ar\/wp-json\/wp\/v2\/posts\/17856\/revisions"}],"wp:featuredmedia":[{"embeddable":true,"href":"https:\/\/tunisnews.net\/ar\/wp-json\/wp\/v2\/media\/22040"}],"wp:attachment":[{"href":"https:\/\/tunisnews.net\/ar\/wp-json\/wp\/v2\/media?parent=17856"}],"wp:term":[{"taxonomy":"category","embeddable":true,"href":"https:\/\/tunisnews.net\/ar\/wp-json\/wp\/v2\/categories?post=17856"},{"taxonomy":"post_tag","embeddable":true,"href":"https:\/\/tunisnews.net\/ar\/wp-json\/wp\/v2\/tags?post=17856"}],"curies":[{"name":"wp","href":"https:\/\/api.w.org\/{rel}","templated":true}]}}