{"id":17835,"date":"2008-02-01T00:00:00","date_gmt":"2008-02-01T00:00:00","guid":{"rendered":"https:\/\/tunisnews.net\/1-fevrier-2008\/"},"modified":"2008-02-01T00:00:00","modified_gmt":"2008-02-01T00:00:00","slug":"1-fevrier-2008","status":"publish","type":"post","link":"https:\/\/tunisnews.net\/ar\/1-fevrier-2008\/","title":{"rendered":"1 f\u00e9vrier 2008"},"content":{"rendered":"<p><html><head><meta content=\"text\/html\" description=\"        L\u2019UGET a organis\u00e9 des mouvements de protestation aujourd\u2019hui, jeudi 31         janvier 2008, dans les facult\u00e9s et les universit\u00e9s, afin de d\u00e9noncer le         meurtre d\u2019un lyc\u00e9en de Jbiniana, dans le gouvernorat de Sfax. Un agent         de la S\u00fbret\u00e9 lui a ass\u00e9n\u00e9 des coups de matraque \u00e0 la t\u00eate, selon ce         qu\u2019affirme l\u2019organe de l\u2019UGET, le frappant \u00e0 mort. Cela est survenu \u00e0 la         suite des mobilisations lyc\u00e9ennes dans ce lyc\u00e9e \u00e0 l\u2019occasion des         \u00e9v\u00e8nements de Gaza et pour des revendications concernant le programme du         baccalaur\u00e9at.\" http-equiv=\"Content-Type\"\/><\/head><body><body><\/p>\n<p align=\"center\" dir=\"ltr\"><b><a href=\"https:\/\/tunisnews.net\/ar\/\"><span>Home<\/span><span lang=\"FR-CH\"> &#8211; Accueil <\/span><span>&#8211;<\/span><\/a><\/b><\/p>\n<div> <font face=\"Arial\" size=\"2\"> <span lang=\"FR\"> <\/p>\n<div> <font size=\"3\"> <font> <font face=\"Arial\" size=\"2\"> <\/p>\n<div>  <\/div>\n<p> <span lang=\"FR\"> <\/p>\n<div align=\"center\" dir=\"ltr\"> <font size=\"7\"><font face=\"Arial\"> <span lang=\"SV\"> <strong>TUNISNEWS<\/strong><\/span> <\/font><\/font> <\/div>\n<div align=\"center\" dir=\"ltr\"> <strong><font size=\"2\"><font face=\"Arial\">spp8\u00a0\u00e8me\u00a0ann\u00e9e,      <span lang=\"FR\">N\u00b0 \u00a02809 du 01.02.2008<\/span><\/font><\/font><\/strong><\/div>\n<p> <strong> <\/p>\n<div align=\"center\" dir=\"ltr\"> <b><span><blink> <font face=\"Arial\" size=\"2\">\u00a0archives : <\/font> <a href=\"\" target=\"_blank\" rel=\"noopener\"> <font face=\"Arial\" size=\"2\" target=\"_blank\">      www.tunisnews.net<\/font><\/a><\/blink><\/span><\/b><font face=\"Arial\" size=\"2\"> <\/font> <span lang=\"FR-CH\"> <span lang=\"FR\"> <span dir=\"rtl\" lang=\"FR\"> <span lang=\"FR-CH\"><font><font> <font><font> <\/font><\/font><\/font><\/font><\/span><\/span><\/span><\/span><\/div>\n<p> <\/strong><\/span><\/font><\/font><\/font> <\/p>\n<div align=\"center\" dir=\"ltr\"> <strong><font face=\"Arial\"><\/p>\n<hr\/>\n<p><\/font><\/strong> <\/div>\n<p> <span lang=\"FR\"> <font size=\"3\"> <span lang=\"FR\"> <font face=\"Arial\" size=\"3\"><strong><font face=\"Arial\"> <span lang=\"FR-CH\"> <\/p>\n<div> <font>Libert\u00e9 et Equit\u00e9: Assassinat d\u2019un lyc\u00e9en lors des       mobilisations lyc\u00e9ennes \u00e0 Jbiniana dans le gouvernorat de Sfax<\/font><\/div>\n<div> <font> <span lang=\"FR-CH\"> <\/p>\n<p><font><a rel=\"nofollow\"> <span> <font size=\"2\">C.R.L.D.H.Tunisie<\/font><\/span><\/a>: Le       d\u00e9fenseur Tunisien des Droits Humains M. Kh\u00e9ma\u00efs KSILA est interdit de       s\u00e9jour au Maroc        <font>Le Soir: Souhayr Belhassen \u00ab Le monde arabe ne s&rsquo;est       pas d\u00e9mocratis\u00e9 \u00bb<\/font>        Slim Mzabi: Autour de l&rsquo;article de Marwan Ben Mustapha       <font>La Presse Canadienne: Tunisie: nouvelles mesures       pour combattre le terrorisme dans le monde arabe<\/font>       AFP: Terrorisme: les Arabes pour une lutte sans rel\u00e2che, l&rsquo;ONU met la       pression       <\/font><\/p>\n<p><\/span><font> <span lang=\"FR-CH\">      AFP: Abou Laith al-Libi, commandant op\u00e9rationnel et \u00ab\u00a0visage d&rsquo;Al-Qa\u00efda<\/span><span lang=\"FR-CH\">\u00ab\u00a0<\/span><\/font><span lang=\"FR-CH\"> <\/span><\/font> <\/div>\n<div> <font face=\"Arial\" size=\"2\"> <span lang=\"FR\"> <span> <font size=\"3\"> <span lang=\"FR\"> <span lang=\"FR\"><font face=\"Arial\" size=\"3\"> <font size=\"2\"><strong><font face=\"Arial\"> <span lang=\"FR-CH\"> <\/p>\n<div dir=\"ltr\">\n<hr\/><\/div>\n<p> <font> <\/p>\n<div align=\"center\" dir=\"ltr\"> <span lang=\"FR-CH\"> <font>Libert\u00e9 et Equit\u00e9<\/font> <\/span> <span lang=\"FR-CH\">        En d\u00e9fense des prisonniers politiques, des prisonniers d\u2019opinion et des         libert\u00e9s         33 rue Mokhtar Atya, 1001 Tunis         Tel\/fax: 71 340 860         Email : Liberte_\u00e9quite@yahoo.fr                  Tunis, le 31 janvier 2008                  <\/span> <span lang=\"FR-CH\"> <\/p>\n<p><font size=\"3\">Assassinat d\u2019un lyc\u00e9en lors des         mobilisations lyc\u00e9ennes \u00e0 Jbiniana dans le gouvernorat de Sfax<\/font><\/p>\n<p><\/span><\/div>\n<p> <\/font><\/span> <span lang=\"FR-CH\"> <\/p>\n<div align=\"justify\" dir=\"ltr\"> <span lang=\"FR-CH\">        L\u2019UGET a organis\u00e9 des mouvements de protestation aujourd\u2019hui, jeudi 31         janvier 2008, dans les facult\u00e9s et les universit\u00e9s, afin de d\u00e9noncer le         meurtre d\u2019un lyc\u00e9en de Jbiniana, dans le gouvernorat de Sfax. Un agent         de la S\u00fbret\u00e9 lui a ass\u00e9n\u00e9 des coups de matraque \u00e0 la t\u00eate, selon ce         qu\u2019affirme l\u2019organe de l\u2019UGET, le frappant \u00e0 mort. Cela est survenu \u00e0 la         suite des mobilisations lyc\u00e9ennes dans ce lyc\u00e9e \u00e0 l\u2019occasion des         \u00e9v\u00e8nements de Gaza et pour des revendications concernant le programme du         baccalaur\u00e9at.         Pour le bureau ex\u00e9cutif de l\u2019organisation<\/span><span lang=\"FR-CH\"> <font>Ma\u00eetre Mohammed Nouri<\/font> <\/span><font> <span lang=\"FR-CH\"> <strong>(traduction d\u2019extraits ni revue ni corrig\u00e9e par les auteurs de         la version en arabe, LT)<\/strong><\/span><\/font><\/div>\n<div align=\"justify\" dir=\"ltr\">\n<hr\/><\/div>\n<div align=\"justify\" dir=\"ltr\">        \u00a0<\/div>\n<p> <\/span><\/font><\/strong><\/font><\/font><\/span><\/span><\/font><\/span><\/span><\/font> <strong> <span lang=\"FR-CH\"> <font face=\"Arial\"><span lang=\"FR\"> <font><span lang=\"FR\"> <font face=\"Arial\" size=\"5\"> <\/p>\n<div align=\"justify\" dir=\"ltr\"> <font> <span lang=\"FR-CH\"> <font face=\"Arial\"> <span lang=\"FR\"> <font><span lang=\"FR\"> <font face=\"Arial\" size=\"5\"> <\/p>\n<div align=\"center\"> <a rel=\"nofollow\"> <span>C.R.L.D.H.Tunisie<\/span><\/a><\/div>\n<p> <\/font><\/span><\/font><\/span><\/font><\/span> <font face=\"Arial\" size=\"2\"> <span lang=\"FR\"> <font size=\"2\"> <font face=\"Arial\" size=\"3\"> <span lang=\"FR\"> <font face=\"Arial\" size=\"2\"> <span lang=\"FR-CH\"> <\/p>\n<div align=\"center\"> <span><font size=\"2\">Comit\u00e9           pour le Respect des Libert\u00e9s et des Droits de l\u2019Homme en Tunisie<\/font><\/span><\/div>\n<div align=\"center\"> <span> <font size=\"2\">Membre du R\u00e9seau Euro m\u00e9diterran\u00e9en des           Droits de l\u2019Homme<\/font><\/span><\/div>\n<div align=\"center\"> <font size=\"2\">21 ter rue Voltaire \u2013 FR-75011 PARIS\u00a0 &#8211;           Tel\/Fax : 00.33. (0)1.43.72.97.34<\/font><\/div>\n<div align=\"center\"> <a href=\"http:\/\/fr.f265.mail.yahoo.com\/ym\/Compose?To=contact@crldht.org\" rel=\"nofollow noopener\" target=\"_blank\" ymailto=\"mailto:contact@crldht.org\"> <span> <font size=\"2\">contact@crldht.org<\/font><\/span><\/a><font size=\"2\">           \/ <\/font> <a href=\"http:\/\/www.crldht.org\/\" rel=\"nofollow noopener\" target=\"_blank\"> <span> <font size=\"2\">www.crldht.org<\/font><\/span><\/a><\/div>\n<div align=\"center\">          \u00a0<\/div>\n<p> <\/span> <span lang=\"FR-CH\"> <\/p>\n<div align=\"center\"> <font size=\"2\"><strong> <span lang=\"FR-CH\"> <\/p>\n<h2 style=\"color: red;\"><font size=\"3\">Le d\u00e9fenseur Tunisien des Droits           Humains M. Kh\u00e9ma\u00efs KSILA est interdit de s\u00e9jour au Maroc<\/font><\/h2>\n<p> <\/span><\/strong><\/font><\/div>\n<p> <\/span> <span lang=\"FR-CH\"> <\/p>\n<div>          \u00a0<\/div>\n<p> <\/span><\/font><strong> <span lang=\"FR-CH\"> <\/p>\n<div> <span> <font size=\"2\">Invit\u00e9 par le Forum Social Marocain           pour la participation\u00a0 \u00e0 son\u00a0 troisi\u00e8me \u00e9dition organis\u00e9e du 25 au 27           janvier \u00e0 Bouznika, M. Kh\u00e9ma\u00efs KSILA, secr\u00e9taire g\u00e9n\u00e9ral de la Ligue           Tunisienne de d\u00e9fense des Droits de l\u2019Homme (LTDH) et ex-prisonnier           d\u2019opinion, s\u2019est vu interdit de participation \u00e0 cette manifestation           maghr\u00e9bine au nom du R\u00e9seau Euro M\u00e9diterran\u00e9en des Droits de l\u2019Homme (           REMDH) et ce malgr\u00e9 les multiples tentatives men\u00e9es pour l\u2019octroi d\u2019un           visa de courte dur\u00e9e. <\/font><\/span> <\/div>\n<div>          \u00a0<\/div>\n<div> <span> <font size=\"2\">Cette d\u00e9cision arbitraire de privation           de circulation prise par les autorit\u00e9s marocaines s\u2019inscrit dans le           cadre d\u2019une coop\u00e9ration polici\u00e8re r\u00e9alis\u00e9e entre les diff\u00e9rents           Minist\u00e8res arabes de l\u2019Int\u00e9rieur, mise en place pour faire taire toute           voix dissidente dans la r\u00e9gion et mettre un terme \u00e0 cette aspiration           l\u00e9gitime des peuples Maghr\u00e9bins pour un b\u00e9n\u00e9fice total et effectif des           droits fondamentaux \u00e0 l\u2019expression, \u00e0 l\u2019organisation et \u00e0 la           circulation\u2026 <\/font><\/span> <\/div>\n<div>          \u00a0<\/div>\n<div> <span> <font size=\"2\">Cette coop\u00e9ration polici\u00e8re entre les           diff\u00e9rents Etats arabes a \u00e9tablit une liste de plusieurs dizaines de           d\u00e9fenseurs des droits humains, de journalistes et de dissidents dont           le but est de garantir un contr\u00f4le policier constant lors de leurs           d\u00e9placements et pourquoi pas un emp\u00eachement d\u2019acc\u00e8s sur diff\u00e9rents           territoires de l\u2019espace arabe. C\u2019est dans ce cadre que les autorit\u00e9s           jordaniennes ont exprim\u00e9 d\u00e9but 2007 \u00e0 des ONG nationales leur refus           d\u2019accorder \u00e0 ce d\u00e9fenseur tunisien, M. Kh\u00e9ma\u00efs KSILA, le droit de           s\u00e9jour. En Alg\u00e9rie, il a fait l\u2019objet en \u00e9t\u00e9 2006 d\u2019un harc\u00e8lement           policier continu \u00e0 l\u2019occasion d\u2019une mission d\u2019observation en faveur du           REMDH lors du proc\u00e8s d\u2019un ligueur Alg\u00e9rien M. El Haj Ismail, membre de           la LADDH.<\/font><\/span><\/div>\n<div>          \u00a0<\/div>\n<div> <span> <font size=\"2\">Le lundi 21 janvier 2008, c\u2019\u00e9tait au           tour du journaliste et \u00e9crivain tunisien M. Taoufik Ben Brik de voir\u00a0           son d\u00e9placement en Alg\u00e9rie annul\u00e9. Il est \u00e9galement interdit de s\u00e9jour           au Maroc et en Egypte. <\/font><\/span> <\/div>\n<div>          \u00a0<\/div>\n<div> <span>Cette           mesure de privation de circulation\u00a0 est en r\u00e9alit\u00e9 un geste de           compromission entre les diff\u00e9rents appareils policiers arabes et           maghr\u00e9bins visant de\u00a0 freiner le travail, d\u00e9j\u00e0 difficile et r\u00e9ellement           risqu\u00e9 des d\u00e9fenseurs arabes des droits jug\u00e9s dangereux et leurs           personnes comme des individus peu recommandables.\u00a0<\/span><span>\u00a0<\/span><\/div>\n<div>          \u00a0<\/div>\n<div> <span>Le           CRLDHT\u00a0 d\u00e9nonce l\u2019interdiction de s\u00e9jour\u00a0 faite \u00e0 M. <\/span><b> <span>M. Kh\u00e9ma\u00efs KSILA<\/span><\/b><span>\u00a0           et consid\u00e8re la d\u00e9cision officielle des autorit\u00e9s marocaines           \u00a0une\u00a0grave \u00a0atteinte \u00a0au droit de la libre circulation. <\/span> <\/div>\n<div>          \u00a0<\/div>\n<div> <font face=\"Arial\">\u00a0\u00a0\u00a0\u00a0\u00a0\u00a0\u00a0\u00a0\u00a0\u00a0 Il appelle le pouvoir politique marocain           \u00e0 la r\u00e9vision de sa position et \u00e0 l\u2019application\u00a0 la l\u00e9gislation           internationale dans la mati\u00e8re,\u00a0 ratifi\u00e9e par le Maroc.\u00a0 <\/font> <\/div>\n<div> <span>          \u00a0\u00a0\u00a0\u00a0\u00a0\u00a0\u00a0\u00a0\u00a0\u00a0\u00a0\u00a0\u00a0\u00a0\u00a0\u00a0\u00a0\u00a0\u00a0\u00a0\u00a0\u00a0\u00a0\u00a0\u00a0\u00a0\u00a0\u00a0\u00a0\u00a0\u00a0\u00a0\u00a0\u00a0\u00a0\u00a0\u00a0\u00a0\u00a0\u00a0\u00a0\u00a0\u00a0\u00a0\u00a0\u00a0\u00a0\u00a0\u00a0\u00a0\u00a0\u00a0\u00a0\u00a0\u00a0\u00a0\u00a0\u00a0\u00a0\u00a0\u00a0\u00a0\u00a0\u00a0\u00a0\u00a0\u00a0\u00a0\u00a0\u00a0\u00a0\u00a0\u00a0\u00a0\u00a0\u00a0\u00a0\u00a0\u00a0\u00a0\u00a0\u00a0\u00a0\u00a0\u00a0\u00a0\u00a0\u00a0\u00a0\u00a0\u00a0\u00a0\u00a0\u00a0\u00a0\u00a0\u00a0\u00a0\u00a0\u00a0\u00a0\u00a0<\/span><\/div>\n<div> <span>\u00a0Paris, le\u00a0:           01\/02\/2008<\/span><\/div>\n<p> <\/span><\/strong><\/span><\/font><\/font><\/span><\/font><\/font> <strong> <font face=\"Arial\" size=\"2\"> <span lang=\"FR\"> <font size=\"3\"> <font size=\"2\"><font face=\"Arial\" size=\"3\"> <span lang=\"FR\"> <font size=\"3\"> <span lang=\"FR\"> <font face=\"Arial\" size=\"2\"> <span lang=\"FR-CH\"> <\/span><\/font><\/span><\/font><\/span><\/font><\/font><\/font><\/span><\/font><\/strong><\/div>\n<p> <\/font><\/span><\/font><\/span><\/font><\/span> <\/strong><strong> <font face=\"Arial\" size=\"2\"> <span lang=\"FR\"> <font size=\"3\"> <font size=\"2\"><font face=\"Arial\" size=\"3\"> <span lang=\"FR\"> <font size=\"3\"> <span lang=\"FR\"> <font face=\"Arial\" size=\"2\"> <span lang=\"FR-CH\"> <font><\/font><\/span><\/font><\/span><\/font><\/span><\/font> <\/font> <\/font> <\/span><\/font> <\/strong><strong> <font face=\"Arial\" size=\"2\"> <span lang=\"FR\"> <font size=\"3\"> <font size=\"2\"><font face=\"Arial\" size=\"3\"> <span lang=\"FR\"> <font size=\"3\"> <span lang=\"FR\"> <font face=\"Arial\" size=\"2\"><font face=\"Arial\"> <span lang=\"FR-CH\"> <font><\/p>\n<p><font><font> <\/p>\n<div>\n<hr\/><\/div>\n<div> <font> <\/p>\n<div align=\"center\"> <font>Droits de l&rsquo;homme Souhayr Belhassen, pr\u00e9sidente           de la FIDH, re\u00e7oit le titre de docteur honoris causa \u00e0 l&rsquo;UCL<\/font> \u00a0<\/div>\n<div align=\"center\">\n<h2 style=\"color: red;\"><font size=\"3\">\u00ab Le monde arabe ne s&rsquo;est pas           d\u00e9mocratis\u00e9 \u00bb<\/font><\/h2>\n<\/p><\/div>\n<div align=\"center\">\u00a0<\/div>\n<div>          \u00a0        <\/div>\n<div>          BAUDOUIN LOOS        <\/div>\n<div>          ENTRETIEN          <\/p>\n<div>            \u00a0          <\/div>\n<div align=\"justify\">            Depuis avril 2007, la F\u00e9d\u00e9ration internationale des ligues des             droits de l&rsquo;homme (FIDH) est pr\u00e9sid\u00e9e par une femme, Souhayr             Belhassen. Celle-ci est en nos murs afin de recevoir, ce vendredi,             le titre de docteur honoris causa \u00e0 l&rsquo;UCL.          <\/div>\n<div align=\"justify\">            Vous qui \u00eates arabe, comment jugez-vous les difficult\u00e9s de la             soci\u00e9t\u00e9 civile \u00e0 \u00e9merger dans cette partie du monde ?          <\/div>\n<div align=\"justify\">            La nature m\u00eame de la soci\u00e9t\u00e9 arabe patriarcale et tribale est en             cause. Il s&rsquo;agit d&rsquo;une soci\u00e9t\u00e9 o\u00f9 l&rsquo;individu n&rsquo;existe pas. Et o\u00f9 il             doit ob\u00e9ir \u00e0 Dieu et au monarque (ou au pr\u00e9sident). La mentalit\u00e9 est             ainsi faite : on ob\u00e9it \u00e0 l&rsquo;autorit\u00e9 et celle-ci est cens\u00e9e nous             prot\u00e9ger. Bien s\u00fbr, il y a eu une \u00e9volution, surtout des mouvements             r\u00e9formistes de gauche, notamment communistes, au XXe si\u00e8cle. Puis,             un autre mouvement, interne celui-l\u00e0, a pris de l&rsquo;ampleur,             l&rsquo;islamisme, qui r\u00e9pond \u00e0 une r\u00e9alit\u00e9 dans nos soci\u00e9t\u00e9s musulmanes.             Tant que ces islamistes respectent le m\u00eame r\u00e9f\u00e9rent que les la\u00efcs, \u00e0             savoir la D\u00e9claration universelle des droits de l&rsquo;homme, cela ne me             pose pas de probl\u00e8me. Cela suppose qu&rsquo;ils respectent l&rsquo;\u00e9galit\u00e9             homme\/femme, qu&rsquo;ils n&rsquo;imposent pas la loi islamique qui, par             exemple, prescrit un partage de l&rsquo;h\u00e9ritage favorable \u00e0 l&rsquo;homme.          <\/div>\n<div align=\"justify\">            Mais la plupart des pays arabes restent des dictatures&#8230;          <\/div>\n<div align=\"justify\">            Oui, on peut m\u00eame dire que depuis la chute du mur de Berlin, en             1989, le monde arabe demeure la seule partie du globe qui n&rsquo;a pas             subi les effets de la d\u00e9mocratisation. Les r\u00e9gimes profitent             pleinement du substrat social \u00e9voqu\u00e9 plus haut, et tout reste fig\u00e9.          <\/div>\n<div align=\"justify\">            Que faire, alors ?          <\/div>\n<div align=\"justify\">            Nous, comme mouvement sp\u00e9cialis\u00e9 dans la d\u00e9fense des droits de             l&rsquo;homme, devons-nous soutenir la r\u00e9volution ? Je crois que nous             devons plut\u00f4t appuyer les processus d\u00e9mocratiques, tenter de             s&rsquo;engouffrer dans le moindre interstice. Mais l&rsquo;exercice n&rsquo;est gu\u00e8re             ais\u00e9. Ces dictatures ont souvent plus de quarante ans d&rsquo;\u00e2ge !          <\/div>\n<div align=\"justify\">            Le d\u00e9couragement vous guette ?          <\/div>\n<div align=\"justify\">            Non, ce n&rsquo;est pas un choix possible. D&rsquo;ailleurs, il y a des             \u00e9claircies. Prenez le Maroc. Certes, ce n&rsquo;est pas encore une pleine             d\u00e9mocratie, mais venant des pires moments de r\u00e9pression que l&rsquo;on y a             connus, voil\u00e0 un pays o\u00f9 la soci\u00e9t\u00e9 civile progresse et s&rsquo;organise.             Elle a des ailes maintenant !          <\/div>\n<div align=\"justify\">            Quid des pays voisins ?&#8230;          <\/div>\n<div align=\"justify\">            La soci\u00e9t\u00e9 alg\u00e9rienne reste tr\u00e8s marqu\u00e9e par la guerre             d&rsquo;ind\u00e9pendance, la violence l&#8217;emporte toujours, et le r\u00e9gime             militaire ne l\u00e2che rien. En Libye, la FIDH n&rsquo;a tout simplement pas             acc\u00e8s. Nous, on n&rsquo;a pas de centrales nucl\u00e9aires civiles \u00e0 marchander             ! La soci\u00e9t\u00e9 \u00e9gyptienne, elle, commence \u00e0 bouger, notamment gr\u00e2ce             aux juges.          <\/div>\n<div align=\"justify\">            Et votre pays, la Tunisie ?          <\/div>\n<div align=\"justify\">            Le pr\u00e9sident Ben Ali fait ce qu&rsquo;il peut pour am\u00e9liorer son image. La             Tunisie doit bient\u00f4t compara\u00eetre devant le comit\u00e9 des droits de             l&rsquo;homme de l&rsquo;ONU \u00e0 Gen\u00e8ve, ceci expliquant cela. Il a \u00e9t\u00e9 annonc\u00e9             que l&rsquo;officiel Conseil national des droits de l&rsquo;homme va s&rsquo;occuper             des plaintes en la mati\u00e8re et m\u00eame du dialogue avec la soci\u00e9t\u00e9             civile. Mais cela cache la r\u00e9alit\u00e9 : la Ligue tunisienne des droits             de l&rsquo;homme reste paralys\u00e9e par 33 proc\u00e8s, ses locaux sont encercl\u00e9s             par la police. Tout est plomb\u00e9. Ils tentent de faire mourir la Ligue             \u00e0 petits feux, celle-ci ne lutte plus que pour sa survie sans             pouvoir faire son travail militant.          <\/div>\n<div align=\"justify\">            Que fait l&rsquo;Union europ\u00e9enne ?          <\/div>\n<div align=\"justify\">            Elle aurait pu agir pour faire appliquer l&rsquo;article concernant les             droits de l&rsquo;homme dans les trait\u00e9s d&rsquo;association avec les Etats             arabes. Elle ne le fait pas. Pire : elle utilise des pays comme la             Libye ou le Maroc comme des centres de r\u00e9tention \u00e0 distance pour les             \u00e9migr\u00e9s dont elle ne veut pas.<\/div>\n<div align=\"justify\">            \u00a0<\/div>\n<div align=\"justify\"> <font size=\"2\">(Source: Le journal \u00ab\u00a0Le Soir\u00a0\u00bb             (Quotidien &#8211; Belgique) Le 1 er fevrier 2008)<\/font><\/div>\n<div align=\"justify\">\n<hr\/><\/div>\n<div align=\"center\">\n<h2 style=\"color: red;\"><font size=\"3\">Autour de l&rsquo;article de Marwan Ben             Mustapha<\/font><\/h2>\n<\/div>\n<div align=\"justify\" dir=\"ltr\">            \u00a0<\/div>\n<div align=\"justify\" dir=\"ltr\"> <font>Assalem alikom,<\/font> <font>Apr\u00e8s la parution de l&rsquo;article de Marwan Ben             Mustapha : \u00ab\u00a0T\u00e9moignage\u00a0 &#8211; Les nouveaux magouilleurs du ciel ou la             danse du loup\u00a0\u00bb sur Tunisnews N\u00b0 2808 du 31.01.2008, j&rsquo;aime bien dire             ces quelques mots. Jusqu&rsquo;\u00e0 quand restent les syndicats sous la             tutelle de ce d\u00e9nomm\u00e9 Jrad, que l&rsquo;article sus mentionn\u00e9, a bien             r\u00e9v\u00e9l\u00e9 sa complaisance. S&rsquo;ajoute \u00e0 ceci les diff\u00e9rents scandales qui             ont accompagn\u00e9 l&rsquo;affaire des enseignants gr\u00e9vistes. De m\u00eame, o\u00f9             l&rsquo;amour du patrie pour les travailleurs de Tunisair. Pourquoi, ils             disent rien. Pourquoi ils envoient cette p\u00e9tition au Pr\u00e9sident?             Qu&rsquo;attendent-ils? Pourquoi les partis d&rsquo;opposition ne disent rien?             Sont-ils inculp\u00e9s d&rsquo;une mani\u00e8re ou une autre dans les magouilles des             gendres du Pr\u00e9sident? Enfin, quand la Tunisie se r\u00e9veillera et \u00e0             leur t\u00eate leur Pr\u00e9sident qu&rsquo;avec tout ce qui passe dans le pays, on             pense vraiment qu&rsquo;il est \u00ab\u00a0outside\u00a0\u00bb!!!!???             Merci pour l&rsquo;\u00e9quipe de Tunisnews pour la diffusion de ses             questionnements que se pose chaque citoyen vivant dans ce pays et             qui n&rsquo;y trouve pas de r\u00e9ponse.<\/font> <font>Slim Mzabi<\/font><\/div>\n<div align=\"justify\" dir=\"ltr\">\n<hr\/><\/div>\n<div align=\"justify\" dir=\"ltr\">            \u00a0<\/div>\n<div align=\"center\" dir=\"ltr\"> <font><\/p>\n<h2 style=\"color: red;\"><font size=\"3\">Tunisie:             nouvelles mesures pour combattre le terrorisme dans le monde arabe<\/font><\/h2>\n<p><font face=\"Arial\" size=\"2\"><\/font><\/font><\/div>\n<div align=\"justify\" dir=\"ltr\"> <font>La Presse Canadienne\u00a0&#8211; <nobr>31 jan 2008<\/nobr><\/font>                          TUNIS &#8211; R\u00e9unis pendant deux jours \u00e0 Tunis, les ministres arabes de             l&rsquo;Int\u00e9rieur ont convenu jeudi de nouvelles mesures pour combattre le             terrorisme, \u00ab\u00a0le principal danger\u00a0\u00bb auquel leurs pays sont confront\u00e9s,             selon le document final \u00e0 l&rsquo;issue de leurs travaux.             D\u00e9sormais, \u00ab\u00a0l&rsquo;incitation aux actes terroristes, leur apologie, la             publication, l&rsquo;impression et l&rsquo;\u00e9laboration d&rsquo;\u00e9crits, de publications             ou d&rsquo;enregistrements de nature \u00e0 encourager la commission de tels             actes sont consid\u00e9r\u00e9s comme des crimes\u00a0\u00bb.             Des amendements dans ce sens ont \u00e9t\u00e9 introduits dans la convention             arabe de lutte contre le terrorisme adopt\u00e9e depuis plusieurs ann\u00e9es             par le conseil des ministres de l&rsquo;Int\u00e9rieur, un organe de la Ligue             arabe.             Les hauts responsables de la s\u00e9curit\u00e9 dans le monde arabe ont             \u00e9galement d\u00e9cid\u00e9 de classer parmi \u00ab\u00a0les crimes terroristes l&rsquo;octroi             ou la collecte de fonds de quelque nature qu&rsquo;ils soient pour             financer d\u00e9lib\u00e9r\u00e9ment les actes terroristes\u00a0\u00bb.             Selon le communiqu\u00e9 final, ces nouvelles mesures visent \u00e0 \u00ab\u00a0renforcer             l&rsquo;action arabe commune dans le domaine de la s\u00e9curit\u00e9 dans ses             diff\u00e9rents volets\u00a0\u00bb.             Les ministres ont par ailleurs adopt\u00e9 plusieurs projets de             conventions soumises par les structures sp\u00e9cialis\u00e9es, qui portent             sur la lutte contre la corruption, le blanchiment d&rsquo;argent et le             financement du terrorisme, ainsi que sur la lutte contre le crime             organis\u00e9 transfrontalier et les crimes \u00e9lectroniques.             Le conseil a par ailleurs appel\u00e9 les pays membres \u00e0 apporter un             soutien aux appareils s\u00e9curitaires libanais et irakien \u00ab\u00a0pour les             aider \u00e0 accomplir les missions qui leur sont d\u00e9volues\u00a0\u00bb et \u00e0 appuyer             les efforts tendant \u00e0 la cr\u00e9ation d&rsquo;un centre international de lutte             contre le terrorisme.             Pour le chef de la d\u00e9l\u00e9gation libyenne, Omrane Mohamed Hmida,             \u00ab\u00a0l&rsquo;essentiel est de mettre en oeuvre concr\u00e8tement et s\u00e9rieusement             les mesures prises pour qu&rsquo;elles ne restent pas lettre morte\u00a0\u00bb.             Car, selon lui, \u00ab\u00a0la s\u00e9curit\u00e9 ne souffre pas de litt\u00e9rature, d&rsquo;autant             que les organisations terroristes repr\u00e9sentent un danger sur la             stabilit\u00e9 des pays de la r\u00e9gion\u00a0\u00bb, en r\u00e9f\u00e9rence aux menaces prof\u00e9r\u00e9s             par Al-Qa\u00efda, notamment sur les pays du Maghreb.             Selon le responsable libyen, son pays \u00ab\u00a0n&rsquo;a pas \u00e9t\u00e9 surpris\u00a0\u00bb par ces             menaces, notant que \u00ab\u00a0l&rsquo;unit\u00e9 des rangs libyens constitue un rempart             face \u00e0 ces menaces\u00a0\u00bb et que des mesures pr\u00e9ventives ont \u00e9t\u00e9 prises             pour y parer.<\/div>\n<\/p><\/div>\n<p> <\/font> <\/div>\n<div>\n<hr\/><\/div>\n<div align=\"center\" dir=\"ltr\"> <font size=\"3\">Terrorisme: les Arabes pour une lutte sans         rel\u00e2che, l&rsquo;ONU met la pression<\/font><\/div>\n<div dir=\"ltr\">        \u00a0<\/div>\n<div align=\"justify\" dir=\"ltr\">        AFP, le 31 janvier 2008 \u00e0 21h40         <font>Par Hamida BEN SALAH<\/font>         \u00a0         TUNIS, 31 jan 2008 (AFP) &#8211; Les ministres arabes de l&rsquo;Int\u00e9rieur se sont         engag\u00e9s \u00e0 lutter sans rel\u00e2che contre le terrorisme et ont insist\u00e9 sur le         contr\u00f4le des sources de son financement et des fronti\u00e8res, au moment o\u00f9         l&rsquo;ONU met la pression pour la protection de ses agents dans la r\u00e9gion.         Les repr\u00e9sentants de 17 pays arabes ont insist\u00e9 sur le besoin d&rsquo;un         partage des donn\u00e9es s\u00e9curitaires, \u00e9galement exig\u00e9 par le secr\u00e9taire         g\u00e9n\u00e9ral adjoint de l&rsquo;ONU pour la s\u00e9curit\u00e9, David Veness, pr\u00e9sent \u00e0 la         25e r\u00e9union minist\u00e9rielle qui s&rsquo;est tenue mercredi et jeudi en Tunisie.         Le pr\u00e9sident tunisien Zine El Abidine Ben Ali, dont le pays abrite le         si\u00e8ge du Conseil des ministres arabes de l&rsquo;Int\u00e9rieur, a appel\u00e9 \u00e0 une         \u00ab\u00a0mobilisation accrue\u00a0\u00bb et pr\u00e9conis\u00e9 la vigilance en mati\u00e8re de         surveillance.         Cela permettrait, a-t-il dit, \u00ab\u00a0la limitation des mouvements des \u00e9l\u00e9ments         terroristes d&rsquo;un pays \u00e0 l&rsquo;autre, le d\u00e9mant\u00e8lement des r\u00e9seaux et         cellules, le tarissement des sources de financement\u00a0\u00bb. Il a invit\u00e9 les         Etats arabes \u00e0 faire collaborer les appareils de police et de s\u00e9curit\u00e9         pour lutter en commun contre les crimes transfrontaliers, la corruption,         la cybercriminalit\u00e9 et le blanchiment.         Selon leur d\u00e9claration finale, les ministres ont approuv\u00e9 des projets de         conventions sur l&rsquo;ensemble de ces d\u00e9lits et amend\u00e9 un accord         antiterroriste panarabe pour \u00ab\u00a0criminaliser le financement du terrorisme\u00a0\u00bb         et la propagande. Ils sont convenus de \u00ab\u00a0collaborer davantage\u00a0\u00bb notamment         par le partage des informations (&#8230;) dans le but de tarir les sources         de financement\u00a0\u00bb, lit-on dans le document dont l&rsquo;AFP a obtenu une copie.         Le ministre alg\u00e9rien de l&rsquo;Int\u00e9rieur, Yazid Zerhouni, dont le pays est         confront\u00e9 \u00e0 une recrudescence des attentats revendiqu\u00e9s par la Branche         arm\u00e9e d&rsquo;Al-Qa\u00efda au Maghreb, a promis une lutte sans merci contre les         groupes arm\u00e9s.         M. Zerhouni s&rsquo;est toutefois inscrit en faux contre des insuffisances         pr\u00e9sum\u00e9es des services de s\u00e9curit\u00e9 alg\u00e9riens, affirmant que la         neutralisation du r\u00e9seau responsable des attentats \u00e0 la bombe du 11         d\u00e9cembre 2007 \u00e0 Alger (41 morts dont 18 employ\u00e9s de l&rsquo;ONU) prouve leur         \u00ab\u00a0l&rsquo;efficacit\u00e9\u00a0\u00bb. Assurant que son pays collabore avec les pays menac\u00e9s         par Al-Qa\u00efda, dont les Etats europ\u00e9ens et les Etats-Unis, M. Zerhouni a         tenu \u00e0 souligner le besoin d'\u00a0\u00bbune collaboration internationale concr\u00e8te,         efficace et honn\u00eate\u00a0\u00bb, dans le cadre du \u00ab\u00a0respect de la souverainet\u00e9 des         Etats\u00a0\u00bb et \u00ab\u00a0sans ing\u00e9rence dans leurs affaires int\u00e9rieures\u00a0\u00bb.         Le ministre alg\u00e9rien faisait allusion \u00e0 la pression exerc\u00e9e par l&rsquo;ONU         pour am\u00e9liorer la s\u00e9curit\u00e9 de ses missions et \u00e0 la commission d&rsquo;enqu\u00eate         ind\u00e9pendante ordonn\u00e9e par le secr\u00e9taire g\u00e9n\u00e9ral de l&rsquo;ONU         sur les attentats d&rsquo;Alger. M. Veness a averti que l&rsquo;ONU se pr\u00e9parait \u00e0         prendre \u00ab\u00a0toutes les mesures n\u00e9cessaires\u00a0\u00bb \u00e0 la protection de son         personnel contre la menace terroriste. Rappelant aux Etats leur         \u00ab\u00a0responsabilit\u00e9 premi\u00e8re\u00a0\u00bb dans la protection des personnels et des biens         de l&rsquo;ONU, il les a pouss\u00e9s \u00e0 collaborer davantage.         \u00ab\u00a0Nous comptons sur les gouvernements pour faciliter le transfert des         moyens de communication et des \u00e9quipements de s\u00e9curit\u00e9 n\u00e9cessaires aux         missions de l&rsquo;ONU\u00a0\u00bb, a dit le responsable, auteur d&rsquo;un rapport soumis au         secr\u00e9taire g\u00e9n\u00e9ral Ban Ki-moon sur les attentats d&rsquo;Alger. M. Veness a         aussi insist\u00e9 sur l&rsquo;\u00e9change de donn\u00e9es. \u00ab\u00a0Nous invitons les gouvernements         \u00e0 communiquer en temps r\u00e9el les donn\u00e9es en leur possession et les         r\u00e9sultats des enqu\u00eates relatives aux attentats et aux menaces         d&rsquo;attaques\u00a0\u00bb, a-t-il pr\u00e9cis\u00e9. Dans sa d\u00e9claration finale, le Conseil a         appel\u00e9 au soutien des forces de s\u00e9curit\u00e9 au Liban et en Irak. Il a         d\u00e9nonc\u00e9 les actes terroristes \u00ab\u00a0quelles que soient leurs formes\u00a0\u00bb et         envisag\u00e9 la cr\u00e9ation d&rsquo;un \u00ab\u00a0centre international de lutte         antiterroriste\u00a0\u00bb, sans se r\u00e9f\u00e9rer aux exigences de l&rsquo;ONU.<\/div>\n<div dir=\"ltr\">\n<hr\/><\/div>\n<div align=\"center\" dir=\"ltr\">\n<h2 style=\"color: red;\"><font>AFP, le 1er f\u00e9vrier 2008 \u00e0 11h35<\/font><\/h2>\n<p><font>Abou Laith al-Libi, commandant op\u00e9rationnel         et \u00ab\u00a0visage d&rsquo;Al-Qa\u00efda\u00a0\u00bb <\/font> <\/div>\n<div dir=\"ltr\">        \u00a0<\/div>\n<div align=\"justify\" dir=\"ltr\"> <font>Par Rana JAWAD<\/font>         \u00a0\u00a0\u00a0          ISLAMABAD, 1 f\u00e9v 2008 (AFP) &#8211; Le Libyen Abou Laith al-Libi, un des tout         premiers lieutenants d&rsquo;Oussama Ben Laden, tu\u00e9 mardi par un missile         probablement am\u00e9ricain dans le nord-ouest du Pakistan, \u00e9tait          un commandant de premier plan en Afghanistan mais aussi le \u00ab\u00a0visage         d&rsquo;Al-Qa\u00efda\u00a0\u00bb dans ses vid\u00e9os de propagande.\u00a0\u00bbCommandant supr\u00eame\u00a0\u00bb du r\u00e9seau         le long de la fronti\u00e8re afghano-pakistanaise, al-Libi (le Libyen, en         arabe), \u00e9tait aussi un combattant de terrain en Afghanistan et \u00e0 la t\u00eate         des camps d&rsquo;entra\u00eenement de part et d&rsquo;autre de la fronti\u00e8re, selon les         experts, qui estiment cependant qu&rsquo;il sera aussit\u00f4t et facilement          remplac\u00e9.\u00a0Cet homme d&rsquo;\u00e0 peine 40 ans montrait fr\u00e9quemment son visage sur         les sites internet et les vid\u00e9os au nom d&rsquo;Al-Qa\u00efda, et \u00e9tait au 5e rang         des dirigeants d&rsquo;Al-Qa\u00efda les plus recherch\u00e9s par la CIA am\u00e9ricaine,         selon une liste secr\u00e8te que l&rsquo;AFP a pu consulter. Une r\u00e9compense de 5         millions de dollars \u00e9tait promise \u00e0 qui permettrait de le capturer ou le         tuer.Il \u00e9tait surtout le lien entre Al-Qa\u00efda et la r\u00e9bellion des          talibans en Afghanistan, o\u00f9 il \u00e9tait un \u00ab\u00a0commandant op\u00e9rationnel\u00a0\u00bb, selon         la CIA.\u00a0\u00bbAl-Libi \u00e9tait le visage d&rsquo;Al-Qa\u00efda ces deux derni\u00e8res ann\u00e9es,         mais il commandait aussi pratiquement toutes les op\u00e9rations          militaires\u00a0\u00bb en Afghanistan mais aussi dans les zones tribales du         nord-ouest du Pakistan, que Washington pense \u00eatre devenues le coeur du         r\u00e9seau de Ben Laden, analyse pour l&rsquo;AFP Ahmad Za\u00efdan, chef du          bureau de la cha\u00eene de t\u00e9l\u00e9vision Al-Jazeera \u00e0 Islamabad, et l&rsquo;un des         plus fins connaisseurs d&rsquo;Al-Qa\u00efda.\u00a0\u00bbSur le terrain, il \u00e9tait le         commandant supr\u00eame, le formateur des combattants et l&rsquo;adjoint         d&rsquo;al-Zawahiri\u00a0\u00bb, selon M. Za\u00efdan.N\u00e9 \u00e0 la fin des ann\u00e9es 1960, al-Libi, de         son vrai nom Ali Ammar Ashur-al-Rufayi selon la CIA, s&rsquo;est enr\u00f4l\u00e9 tr\u00e8s         jeunes dans la r\u00e9sistance des moujahidines contre l&rsquo;occupation         sovi\u00e9tique de l&rsquo;Afghanistan dans les ann\u00e9es 1990.Il dirigeait aussi le         Groupe islamique combattant en Libye (GICL), aujourd&rsquo;hui disparu, mais         qui luttait contre le colonel Mouammar Kadhafi.         Il est apparu au grand jour pour la premi\u00e8re fois en juillet 2002 sur la         cha\u00eene arabe MBC pour annoncer que Ben Laden et le leader des talibans         afghans, le mollah Omar, \u00e9taient en bonne sant\u00e9, apr\u00e8s des rumeurs sur         leur mort.De nombreuses autres vid\u00e9os ont suivi, notamment une le         montrant, en apparence, mener lui-m\u00eame une attaque contre l&rsquo;arm\u00e9e         afghane.         Des responsables des services de renseignements pakistanais ont assur\u00e9 \u00e0         l&rsquo;AFP que son point fort n&rsquo;\u00e9tait pas la propagande mais bien le combat.         \u00ab\u00a0Il \u00e9tait le num\u00e9ro 1 sur le terrain et dirigeait effectivement les         op\u00e9rations de groupes d&rsquo;Al-Qa\u00efda et des talibans\u00a0\u00bb, pr\u00e9cise l&rsquo;une de ces         sources, qui analyse sa mort comme un \u00ab\u00a0revers important pour la capacit\u00e9         op\u00e9rationnelle d&rsquo;Al-Qa\u00efda\u00a0\u00bb.Des responsables du renseignement, mais aussi         des sources proches des fondamentalistes, ont indiqu\u00e9 \u00e0 l&rsquo;AFP que         l&rsquo;\u00e9limination d&rsquo;al-Libi est la principale perc\u00e9e dans le combat contre         Al-Qa\u00efda depuis la capture, en 2005 dans le nord-ouest du Pakistan, du         num\u00e9ro 3 d&rsquo;alors, Abu Farj al-Libbi.         \u00ab\u00a0Il \u00e9tait l&rsquo;un des rares \u00e0 appartenir au cercle rapproch\u00e9 de Ben Laden\u00a0\u00bb,         assure \u00e0 l&rsquo;AFP un haut responsable des combattants islamistes au         Pakistan, sous couvert de l&rsquo;anonymat.<font><\/font><\/div>\n<p> <\/font><\/font><\/p>\n<p><\/font><\/span><\/font><\/font><\/span><\/font><\/span><\/font><\/font> <\/font> <\/span><\/font> <\/strong> <font face=\"Arial\" size=\"2\"> <span lang=\"FR\"> <font size=\"3\"> <\/font><\/span><\/font><\/div>\n<p>\u00a0<\/p>\n<p> <\/span><\/font> <\/strong><\/font><\/span><\/font> <font face=\"Arial\" size=\"2\"> <span lang=\"FR\"> <font size=\"3\"> <\/font><\/span><\/font><\/span><\/div>\n<p> <\/span><\/font> <\/div>\n<hr\/>\n<p align=\"center\">\u00a0<\/p>\n<p align=\"center\"><b><a href=\"https:\/\/tunisnews.net\/ar\/\"><span>Home<\/span><span lang=\"FR-CH\"> &#8211; Accueil <\/span><span>&#8211; <\/span><span dir=\"rtl\" lang=\"AR-SA\">\u0627\u0644\u0631\u0626\u064a\u0633\u064a\u0629<\/span><\/a><\/b><\/p>\n<p align=\"center\"><b><span dir=\"rtl\" lang=\"AR-SA\">\u00a0<\/span><\/b><\/p>\n<p><\/body><\/body><\/html><\/p>","protected":false},"excerpt":{"rendered":"<p>Home &#8211; Accueil &#8211; TUNISNEWS spp8\u00a0\u00e8me\u00a0ann\u00e9e, N\u00b0 \u00a02809 du 01.02.2008 \u00a0archives : www.tunisnews.net Libert\u00e9 et Equit\u00e9: Assassinat d\u2019un lyc\u00e9en lors des mobilisations lyc\u00e9ennes \u00e0 Jbiniana dans le gouvernorat de Sfax C.R.L.D.H.Tunisie: Le d\u00e9fenseur Tunisien des Droits Humains M. Kh\u00e9ma\u00efs KSILA est interdit de s\u00e9jour au Maroc Le Soir: Souhayr Belhassen \u00ab Le monde arabe ne [&hellip;]<\/p>\n","protected":false},"author":1,"featured_media":22040,"comment_status":"open","ping_status":"open","sticky":false,"template":"","format":"standard","meta":{"inline_featured_image":false,"site-sidebar-layout":"default","site-content-layout":"","ast-site-content-layout":"default","site-content-style":"default","site-sidebar-style":"default","ast-global-header-display":"","ast-banner-title-visibility":"","ast-main-header-display":"","ast-hfb-above-header-display":"","ast-hfb-below-header-display":"","ast-hfb-mobile-header-display":"","site-post-title":"","ast-breadcrumbs-content":"","ast-featured-img":"","footer-sml-layout":"","ast-disable-related-posts":"","theme-transparent-header-meta":"","adv-header-id-meta":"","stick-header-meta":"","header-above-stick-meta":"","header-main-stick-meta":"","header-below-stick-meta":"","astra-migrate-meta-layouts":"default","ast-page-background-enabled":"default","ast-page-background-meta":{"desktop":{"background-color":"","background-image":"","background-repeat":"repeat","background-position":"center center","background-size":"auto","background-attachment":"scroll","background-type":"","background-media":"","overlay-type":"","overlay-color":"","overlay-opacity":"","overlay-gradient":""},"tablet":{"background-color":"","background-image":"","background-repeat":"repeat","background-position":"center center","background-size":"auto","background-attachment":"scroll","background-type":"","background-media":"","overlay-type":"","overlay-color":"","overlay-opacity":"","overlay-gradient":""},"mobile":{"background-color":"","background-image":"","background-repeat":"repeat","background-position":"center center","background-size":"auto","background-attachment":"scroll","background-type":"","background-media":"","overlay-type":"","overlay-color":"","overlay-opacity":"","overlay-gradient":""}},"ast-content-background-meta":{"desktop":{"background-color":"var(--ast-global-color-5)","background-image":"","background-repeat":"repeat","background-position":"center center","background-size":"auto","background-attachment":"scroll","background-type":"","background-media":"","overlay-type":"","overlay-color":"","overlay-opacity":"","overlay-gradient":""},"tablet":{"background-color":"var(--ast-global-color-5)","background-image":"","background-repeat":"repeat","background-position":"center center","background-size":"auto","background-attachment":"scroll","background-type":"","background-media":"","overlay-type":"","overlay-color":"","overlay-opacity":"","overlay-gradient":""},"mobile":{"background-color":"var(--ast-global-color-5)","background-image":"","background-repeat":"repeat","background-position":"center center","background-size":"auto","background-attachment":"scroll","background-type":"","background-media":"","overlay-type":"","overlay-color":"","overlay-opacity":"","overlay-gradient":""}},"footnotes":""},"categories":[],"tags":[54,39,29],"class_list":["post-17835","post","type-post","status-publish","format-standard","has-post-thumbnail","hentry","tag-54","tag-39","tag-fr"],"_links":{"self":[{"href":"https:\/\/tunisnews.net\/ar\/wp-json\/wp\/v2\/posts\/17835","targetHints":{"allow":["GET"]}}],"collection":[{"href":"https:\/\/tunisnews.net\/ar\/wp-json\/wp\/v2\/posts"}],"about":[{"href":"https:\/\/tunisnews.net\/ar\/wp-json\/wp\/v2\/types\/post"}],"author":[{"embeddable":true,"href":"https:\/\/tunisnews.net\/ar\/wp-json\/wp\/v2\/users\/1"}],"replies":[{"embeddable":true,"href":"https:\/\/tunisnews.net\/ar\/wp-json\/wp\/v2\/comments?post=17835"}],"version-history":[{"count":0,"href":"https:\/\/tunisnews.net\/ar\/wp-json\/wp\/v2\/posts\/17835\/revisions"}],"wp:featuredmedia":[{"embeddable":true,"href":"https:\/\/tunisnews.net\/ar\/wp-json\/wp\/v2\/media\/22040"}],"wp:attachment":[{"href":"https:\/\/tunisnews.net\/ar\/wp-json\/wp\/v2\/media?parent=17835"}],"wp:term":[{"taxonomy":"category","embeddable":true,"href":"https:\/\/tunisnews.net\/ar\/wp-json\/wp\/v2\/categories?post=17835"},{"taxonomy":"post_tag","embeddable":true,"href":"https:\/\/tunisnews.net\/ar\/wp-json\/wp\/v2\/tags?post=17835"}],"curies":[{"name":"wp","href":"https:\/\/api.w.org\/{rel}","templated":true}]}}