{"id":17834,"date":"2006-08-05T00:00:00","date_gmt":"2006-08-05T00:00:00","guid":{"rendered":"https:\/\/tunisnews.net\/5-aout-2006\/"},"modified":"2006-08-05T00:00:00","modified_gmt":"2006-08-05T00:00:00","slug":"5-aout-2006","status":"publish","type":"post","link":"https:\/\/tunisnews.net\/ar\/5-aout-2006\/","title":{"rendered":"5 ao\u00fbt 2006"},"content":{"rendered":"<p><html><head><meta content=\"text\/html\" description=\"    C\u2019est avec une profonde consternation que l\u2019ACAT-France et la Cimade ont \n    pris acte de la \u00ab courageuse \u00bb d\u00e9cision du tribunal administratif de Paris \n    autorisant l\u2019expulsion de Monsieur TEBOURSKI, \u00e0 destination de la Tunisie, \n    o\u00f9 tout laisse \u00e0 croire qu\u2019il sera tortur\u00e9 d\u00e8s son retour.\" http-equiv=\"Content-Type\"\/><\/head><body><body style=\"text-align: justify\"><\/p>\n<p align=\"center\"><b><a href=\"25juin06a.htm\"><span>Home<\/span><span lang=\"FR-CH\"> &#8211; Accueil <\/span><span>&#8211; <\/span><span dir=\"rtl\" lang=\"AR-SA\">\u0627\u0644\u0631\u0626\u064a\u0633\u064a\u0629<\/span><\/a><\/b><\/p>\n<div> <font face=\"Arial\" size=\"2\"> <\/p>\n<div>\n<div>\n<div>\n<div>\n<table border=\"1\" width=\"100%\">\n<tr>\n<td bgcolor=\"#efefef\" width=\"100%\"> <span lang=\"AR-SA\"> <\/p>\n<div align=\"left\">  <\/div>\n<div> <span lang=\"FR\"> <\/p>\n<div align=\"center\" dir=\"ltr\"> <font size=\"2\"><font face=\"Arial\"> <span lang=\"SV\"> <strong>TUNISNEWS<\/strong><\/span> <\/font><\/font> <\/div>\n<div align=\"center\" dir=\"ltr\"> <strong><font size=\"2\"><font face=\"Arial\">                  7\u00a0\u00e8me\u00a0ann\u00e9e, <span lang=\"FR\">N\u00b0\u00a02266 du 05.08.2006<\/span><\/font><\/font><\/strong><\/div>\n<div align=\"center\" dir=\"ltr\"> <strong> <\/p>\n<div align=\"center\"> <b><span><blink> <font face=\"Arial\" size=\"2\">\u00a0archives :                    <\/font><a href=\"http:\/\/www.tunisnews.net\/\" target=\"_blank\" rel=\"noopener\"> <font face=\"Arial\" size=\"2\" target=\"_blank\">                    www.tunisnews.net<\/font><\/a><\/blink><\/span><\/b><font face=\"Arial\" size=\"2\"> <\/font> <\/div>\n<p> <\/strong><\/div>\n<p> <\/span><\/div>\n<p> <font face=\"Arial\" size=\"2\"> <\/p>\n<div align=\"left\" dir=\"ltr\">\n<hr noshade=\"\" size=\"8\"\/> <\/div>\n<div align=\"left\" dir=\"ltr\">\n<p><font face=\"Arial\"> <span lang=\"FR\"> <\/p>\n<div>\n<div> <font face=\"Arial\"> <\/p>\n<div>\n<div>\n<p><font face=\"Arial\"> <\/p>\n<div> <font face=\"Arial\"><strong>L\u2019ACAT-France : Tebourski\u00a0&#8211;                           Qui la France m\u00e9prise-t-elle le plus ?<\/strong> <\/p>\n<div> <font face=\"Arial\"><strong>AFP:Rejet                             du troisi\u00e8me recours contre l&rsquo;expulsion d&rsquo;Adel                             Tebourski                             <\/p>\n<p><font>Lib\u00e9ration: Un condamn\u00e9                             expulsable en gr\u00e8ve de la faim :Mobilisation des                             associations pour Adel Tebourski.<\/font><\/p>\n<p> <\/strong> <\/font> <\/div>\n<div> <font face=\"Arial\"><strong>Omar                             Mestiri: APEM: Un instrument de blanchiment des                             parlements mal \u00e9lus                              <\/p>\n<h2 style=\"color: red;\"><font>Taoufik ben Brik: Tunis, La                             septi\u00e8me porte<\/font><\/h2>\n<p><\/strong><\/font><\/div>\n<div> <strong><font>R\u00e9alit\u00e9s:                             L\u2019enseignement tunisien malade<\/font><\/strong><\/div>\n<p> <\/font> <\/div>\n<p> <\/font><\/p>\n<\/p><\/div>\n<\/p><\/div>\n<p> <\/font><\/div>\n<\/p><\/div>\n<p> <\/span><\/font><\/p>\n<\/div>\n<p> <\/font><\/span><\/td>\n<\/tr>\n<\/table><\/div>\n<div> <font face=\"Arial\" size=\"2\"><\/font>\u00a0<\/div>\n<div align=\"center\">          \u00a0<font><a href=\"http:\/\/www.nawaat.org\/forums\/index.php?showtopic=11741\" target=\"_blank\" rel=\"noopener\"><strong>Cliquez           ici<\/strong><\/a><strong> pour acc\u00e9der au reportage exceptionnel de           l&rsquo;AISPP sur la catastrophe humanitaire           des prisonniers politiques Tunisiens<\/strong>\u00a0<\/font><\/div>\n<\/p><\/div>\n<\/p><\/div>\n<div>\n<hr\/><\/div>\n<\/p><\/div>\n<p> <\/font><\/div>\n<div>  \u00a0<\/div>\n<div> <font face=\"Arial\" size=\"2\"> <\/p>\n<div align=\"center\"> <strong><font><\/p>\n<h2 style=\"color: red;\"><font size=\"3\">Affaire     TEBOURSKI : Qui la France m\u00e9prise-t-elle le plus ?<\/font><\/h2>\n<p>Le droit, le comit\u00e9 onusien contre la torture ou les droits de     l\u2019homme ?     Ou les trois ?     <\/font><\/strong>\u00a0<\/div>\n<div align=\"justify\">         C\u2019est avec une profonde consternation que l\u2019ACAT-France et la Cimade ont     pris acte de la \u00ab courageuse \u00bb d\u00e9cision du tribunal administratif de Paris     autorisant l\u2019expulsion de Monsieur TEBOURSKI, \u00e0 destination de la Tunisie,     o\u00f9 tout laisse \u00e0 croire qu\u2019il sera tortur\u00e9 d\u00e8s son retour. \u00a0<\/div>\n<div align=\"center\"> <strong><font>Lundi 7 ao\u00fbt \u00e0 14h, M. Tebourski embarquera     sur Le Carthage, \u00e0 Marseille.     <\/font><\/strong>\u00a0<\/div>\n<div align=\"justify\"> <strong>Enorme d\u00e9faite. Celle du droit, celle de la morale, celle de     l\u2019humanit\u00e9.     <\/strong>\u00a0     <strong>Celle du droit<\/strong>. Nombreuses ont \u00e9t\u00e9 les irr\u00e9gularit\u00e9s dans     ce dossier : la pr\u00e9sentation au consul de Tunisie fix\u00e9e avant que l\u2019OFPRA     n\u2019e\u00fbt statu\u00e9 sur la demande d\u2019asile ; le viol de la confidentialit\u00e9 de la     d\u00e9cision de celui-ci au profit des autorit\u00e9s tunisiennes ; le refus ill\u00e9gal     de s\u2019incliner devant la d\u00e9cision du comit\u00e9 onusien contre la torture.      \u00a0     <strong>Celle de la morale<\/strong>. Comment un pays qui se pr\u00e9tend \u00ab terre     des droits de l\u2019homme \u00bb peut-il contourner la loi et laisser sciemment un     homme partir vers ses bourreaux ? Comment ? La Tunisie est-elle si ch\u00e8re au     c\u0153ur de notre minist\u00e8re de l\u2019Int\u00e9rieur ? Est-ce pour pr\u00e9server les     vill\u00e9giatures de nos hommes politiques ? Ou les int\u00e9r\u00eats \u00e9conomiques     fran\u00e7ais ?     \u00a0     <strong>Celle de l\u2019humanit\u00e9<\/strong>. M. Tebourski a \u00e9t\u00e9 jug\u00e9 et condamn\u00e9     par la justice fran\u00e7aise. Il a pay\u00e9 sa dette \u00e0 l\u2019\u00e9gard de la soci\u00e9t\u00e9.     Pourquoi, alors, vouloir le faire payer encore ? Pourquoi lui promettre le     pire, alors qu\u2019aucun \u00e9l\u00e9ment tangible ne permettait d\u2019affirmer qu\u2019il     repr\u00e9sentait une menace pour notre pays ! Pourquoi quand les risques sont     aussi \u00e9vidents, l\u2019OFPRA nie-t-il les craintes en cas retour ?     \u00a0     <strong>L\u2019ACAT-France et la Cimade tiennent \u00e0 remercier Me Bo\u00ebzec pour son     d\u00e9sint\u00e9ressement et sa profonde humanit\u00e9.      <\/strong>Nous remercions \u00e9galement les nombreux partenaires qui ont soutenu     cette d\u00e9marche, notamment Amnesty International et enfin les m\u00e9dia qui ont     relay\u00e9 cette affaire, conscients de la n\u00e9cessit\u00e9 de ne jamais transiger avec     les droits les plus \u00e9l\u00e9mentaires pour un \u00eatre humain. Ce dont l\u2019Etat     fran\u00e7ais, lui, ne se pr\u00e9occupe pas\u2026     \u00a0     <strong>Malgr\u00e9 cette triste nouvelle, nous rappelons \u00e0 tous ceux qui     souhaiteraient l\u2019oublier que nos associations :     &#8211;\u00a0\u00a0\u00a0\u00a0\u00a0\u00a0\u00a0\u00a0\u00a0\u00a0\u00a0\u00a0\u00a0\u00a0\u00a0\u00a0\u00a0\u00a0\u00a0\u00a0\u00a0\u00a0\u00a0\u00a0\u00a0\u00a0\u00a0\u00a0 s\u2019attacheront \u00e0 d\u00e9noncer les s\u00e9vices que     subira M. Tebourski     &#8211;\u00a0\u00a0\u00a0\u00a0\u00a0\u00a0\u00a0\u00a0\u00a0\u00a0\u00a0\u00a0\u00a0\u00a0\u00a0\u00a0\u00a0\u00a0\u00a0\u00a0\u00a0\u00a0\u00a0\u00a0\u00a0\u00a0\u00a0\u00a0 s\u2019opposeront de mani\u00e8re syst\u00e9matique \u00e0     l\u2019expulsion d\u2019une personne vers un pays o\u00f9 elle risque d\u2019\u00eatre tortur\u00e9e ou     condamn\u00e9e \u00e0 mort.     <\/strong>\u00a0     <strong><font>CONTACTS<\/font><\/strong>     Lucile HUGON \u2013 T\u00e9l. : 01 40 40 74 08 \/ 06 84 37 67 92 \u2013 lucile.hugon@acat.asso.fr     Sophie CROZET \u2013 T\u00e9l. : 01 40 40 02 10 \/ 06 84 81 53 64 \u2013 sophie.crozet@acat.asso.fr     \u00a0     ACAT \u2013 Action des chr\u00e9tiens pour l&rsquo;abolition de la torture     7 rue Georges Lardennois, 75019 Paris     <a href=\"http:\/\/www.acat.asso.fr\" target=\"_blank\" rel=\"noopener\">www.acat.asso.fr<\/a>\u00b4<\/div>\n<div align=\"justify\">    \u00a0<\/div>\n<p> <\/font><\/div>\n<div>\n<hr\/>\n<\/div>\n<div>  \u00a0<\/div>\n<div> <font face=\"Arial\" size=\"2\"> <\/p>\n<div>\n<div align=\"center\" dir=\"ltr\">\n<h2 style=\"color: red;\"><font><strong><font size=\"3\">Rejet du troisi\u00e8me recours       contre l&rsquo;expulsion d&rsquo;Adel Tebourski<\/font><\/strong> \u00a0<\/font><\/h2>\n<\/div>\n<div align=\"justify\" dir=\"ltr\">      \u00a0<\/div>\n<div align=\"justify\" dir=\"ltr\"> <font>11:54 &#8211; PARIS (AFP)<\/font>               Le juge des r\u00e9f\u00e9r\u00e9s du tribunal administratif de Paris a rejet\u00e9 samedi le       troisi\u00e8me recours contre l&rsquo;expulsion vers la Tunisie d&rsquo;Adel Tebourski,       condamn\u00e9 en 2005 pour avoir aid\u00e9 les assassins du commandant Massoud.        Le tribunal administratif avait d\u00e9j\u00e0 rejet\u00e9 fin juillet deux autres       recours d\u00e9pos\u00e9s contre l&rsquo;arr\u00eat\u00e9 d&rsquo;expulsion pris le 21 juillet par le       ministre de l&rsquo;Int\u00e9rieur Nicolas Sarkozy contre Adel Tebourski, 42 ans,       plac\u00e9 actuellement en centre de r\u00e9tention administrative \u00e0 Mesnil-Amelot (Seine-et-Marne).             \u00ab\u00a0Le seul espoir\u00a0\u00bb contre une expulsion r\u00e9side d\u00e9sormais dans la Commission       de recours des r\u00e9fugi\u00e9s, saisie par Adel Tebourski apr\u00e8s le rejet de sa       demande d&rsquo;asile le 28 juillet par l&rsquo;OFPRA (Office fran\u00e7ais de protection       des r\u00e9fugi\u00e9s et apatrides), a d\u00e9clar\u00e9 Me Bo\u00ebzec.        Le d\u00e9fenseur de M. Tebourski ainsi que plusieurs organisations de d\u00e9fense       des droits de l&rsquo;Homme comme l&rsquo;Acat (Association des chr\u00e9tiens contre la       torture), la Cimade (Service oecum\u00e9nique d&rsquo;entraide) ou Amnesty       International, craignent qu&rsquo;il ne soit soumis \u00e0 des mauvais traitements       s&rsquo;il est renvoy\u00e9 dans son pays.        Condamn\u00e9 en mai 2005 par le tribunal correctionnel de Paris \u00e0 six ans       d&#8217;emprisonnement pour avoir aid\u00e9 les assassins du commandant afghan Ahmed       Shah Massoud, en septembre 2001, Adel Tebourski avait \u00e9t\u00e9 arr\u00eat\u00e9 en France       en novembre 2001.        B\u00e9n\u00e9ficiant des remises de peine pr\u00e9vues par la loi, il a \u00e9t\u00e9 lib\u00e9r\u00e9 de       prison \u00e0 Nantes le 21 juillet. D\u00e8s sa sortie, Adel Tebourski a \u00e9t\u00e9 d\u00e9chu       de sa nationalit\u00e9 fran\u00e7aise, obtenue en 2000, et vis\u00e9 par un arr\u00eat\u00e9       d&rsquo;expulsion.        Au cours de l&rsquo;audience vendredi devant le tribunal administratif, Me       Bo\u00ebzec a fait \u00e9tat d&rsquo;un \u00ab\u00a0ordre d&rsquo;acheminement\u00a0\u00bb vers la Tunisie par bateau,       pr\u00e9vu lundi au d\u00e9part de Marseille. L&rsquo;avocate du minist\u00e8re de l&rsquo;Int\u00e9rieur       a r\u00e9pondu qu&rsquo;il s&rsquo;agissait d&rsquo;une \u00ab\u00a0r\u00e9servation\u00a0\u00bb en vue de \u00ab\u00a0trouver un moyen       de transport susceptible de reconduire Adel Tebourski en Tunisie\u00a0\u00bb.        Selon Me Bo\u00ebzec, la saisine de la Commission de recours des r\u00e9fugi\u00e9s est       \u00ab\u00a0suspensive\u00a0\u00bb et Adel Tebourski ne devrait pas \u00eatre expuls\u00e9 tant que       celle-ci ne s&rsquo;est pas prononc\u00e9e.        Adel Tebourski poursuivait samedi une gr\u00e8ve de la faim, entam\u00e9e le 28       juillet \u00e0 Mesnil-Amelot, a pr\u00e9cis\u00e9 son avocat.    <\/div>\n<div align=\"justify\" dir=\"ltr\">\n<hr\/><\/div>\n<div align=\"center\" dir=\"ltr\"> <strong><font size=\"3\"><\/p>\n<h2 style=\"color: red;\"><font>Un condamn\u00e9 expulsable en       gr\u00e8ve de la faim<\/font><\/h2>\n<p><font>Mobilisation des associations pour Adel       Tebourski.<\/font><\/font><\/strong> <\/div>\n<div align=\"justify\" dir=\"ltr\">      \u00a0<\/div>\n<div align=\"justify\" dir=\"ltr\"> <font>Par <strong>Christophe AYAD<\/strong>       QUOTIDIEN :<\/font>        \u00a0\u00a0\u00a0\u00a0\u00a0        avec Adel Tebourski pourrait \u00eatre expuls\u00e9 d\u00e8s lundi vers la Tunisie. Sous       la menace d&rsquo;un ordre d&rsquo;expulsion \u00aben urgence absolue\u00bb pris par le ministre       de l&rsquo;Int\u00e9rieur, Adel Tebourski, 42 ans, qui est actuellement au centre de       r\u00e9tention du Mesnil-Amelot (Seine-et-Marne), a demand\u00e9 vendredi au       tribunal administratif de Paris de suspendre son expulsion. Le tribunal a       mis sa d\u00e9cision en d\u00e9lib\u00e9r\u00e9.       Plus inqui\u00e9tant, l&rsquo;avocat de Tebourski, Me Franck Bo\u00ebzec, a fait \u00e9tat d&rsquo;un       \u00abordre d&rsquo;acheminement\u00bb vers Marseille d\u00e8s lundi, pour que son client       prenne le bateau le Carthage pour Tunis. L&rsquo;avocate du minist\u00e8re de       l&rsquo;Int\u00e9rieur a r\u00e9pondu que le document n&rsquo;\u00e9tait qu&rsquo; \u00abune r\u00e9servation et en       aucun cas un ordre d&rsquo;acheminement\u00bb. Certes, mais le r\u00e9sultat risque d&rsquo;\u00eatre       le m\u00eame.       Me Bo\u00ebzec a r\u00e9p\u00e9t\u00e9 vendredi devant le tribunal les risques encourus par       Adel Tebourski, \u00e0 qui a \u00e9t\u00e9 coll\u00e9e \u00abl&rsquo;\u00e9tiquette de terroriste\u00bb : \u00abComment       peut-on imaginer qu&rsquo;il ne soit pas soumis \u00e0 la question ?\u00bb Amnesty       International s&rsquo;est dit \u00abgravement pr\u00e9occup\u00e9 par le fait que Tebourski       pourrait \u00eatre expos\u00e9 \u00e0 la torture ou \u00e0 d&rsquo;autres violations graves des       droits humains, notamment \u00e0 un proc\u00e8s in\u00e9quitable, s&rsquo;il devait \u00eatre       transf\u00e9r\u00e9 en Tunisie\u00bb. L&rsquo;Acat (Action des chr\u00e9tiens pour l&rsquo;abolition de la       torture) et la Cimade (Service oecum\u00e9nique d&rsquo;entraide) militent pour       emp\u00eacher l&rsquo;expulsion de cet homme, p\u00e8re d&rsquo;un enfant de 10 ans n\u00e9 en       France.       Tebourski avait \u00e9t\u00e9 condamn\u00e9 l&rsquo;an dernier \u00e0 six ans de prison pour avoir       port\u00e9 assistance aux assassins de Massoud, en Afghanistan. Lui n&rsquo;a jamais       ni\u00e9 son amiti\u00e9 pour l&rsquo;un des assassins mais explique ne pas avoir \u00e9t\u00e9 au       courant de ses projets. Par le jeu des remises de peine, il a \u00e9t\u00e9 lib\u00e9r\u00e9       de prison le 21 juillet et plac\u00e9 en centre de r\u00e9tention apr\u00e8s s&rsquo;\u00eatre vu       signifier sa d\u00e9ch\u00e9ance de la nationalit\u00e9 fran\u00e7aise, obtenue en 2000, et       son expulsion.       Tebourski est toujours en gr\u00e8ve de la faim mais a mis fin mardi \u00e0 sa gr\u00e8ve       de la soif \u00e0 la suite de probl\u00e8mes de sant\u00e9. Samedi dernier, le comit\u00e9       contre la torture de l&rsquo;ONU avait demand\u00e9 \u00e0 la France de surseoir \u00e0       l&rsquo;expulsion. Sans effet. Seul \u00ad mince \u00ad espoir : la France n&rsquo;a toujours       pas re\u00e7u de laissez-passer des autorit\u00e9s tunisiennes, indispensable en cas       d&rsquo;expulsion.       (avec AFP)              <font><strong>(Source: Lib\u00e9ration\u00a0 le samedi 5 ao\u00fbt 2006)<\/strong><\/font><\/div>\n<div align=\"justify\" dir=\"ltr\">\n<hr\/><\/div>\n<div align=\"center\" dir=\"ltr\">\n<h2 style=\"color: red;\"><font size=\"3\"><strong>APEM: Un instrument de blanchiment       des parlements mal \u00e9lus<\/strong><\/font><\/h2>\n<\/div>\n<div align=\"justify\" dir=\"ltr\"> <font><strong><font>Omar Mestiri \u00a0<\/font><\/strong><\/font><\/div>\n<div align=\"justify\" dir=\"ltr\">      \u00a0<\/div>\n<div align=\"justify\" dir=\"ltr\"> <font>1 ao\u00fbt 2006<\/font> <b><font>La r\u00e9action \u00e0 l\u2019emporte pi\u00e8ce des \u00ab d\u00e9put\u00e9s \u00bb       tunisiens, \u00e0 la r\u00e9solution du parlement europ\u00e9en adopt\u00e9e le 15 juin       dernier, risque de mettre \u00e0 mal la coh\u00e9sion affich\u00e9e avec les eurod\u00e9put\u00e9s,       lors de la laborieuse mise en place de l\u2019\u00ab assembl\u00e9e parlementaire       euro-m\u00e9diterran\u00e9enne \u00bb (APEM). Ils en seraient les grands perdants, tant       le profil pr\u00e9sent\u00e9 par cette instance leur convient. Elle se pr\u00e9sente       surtout comme un nouvel artifice \u00e0 m\u00eame de conforter la propension du       partenaire tunisien \u00e0 r\u00e9duire le partenariat \u00e0 sa dimension cosm\u00e9tique.       <\/font><\/b>       En ouverture de la conf\u00e9rence de Toulouse (France) sur \u00ab les relations       euro-m\u00e9diterran\u00e9ennes \u00bb , tenue il y a une ann\u00e9e, Josepp Borell proclamait       tout son enthousiasme pour l\u2019APEM et sa fiert\u00e9 \u00e0 pr\u00e9sider cette       institution, la plus r\u00e9cente du processus de Barcelone . Quelques jours       plus tard, il publiait un m\u00e9morandum assignant des objectifs tr\u00e8s       ambitieux \u00e0 ce tout nouveau mandat : d\u00e9velopper le dialogue sur les droits       de l\u2019homme avec les parlements des pays partenaires et avec les       repr\u00e9sentants de la soci\u00e9t\u00e9 civile\u2026       Pourtant, le statut de l\u2019APEM confine cet organisme dans un strict \u00ab r\u00f4le       consultatif \u00bb, condamn\u00e9 \u00e0 \u00e9mettre des r\u00e9solutions et des recommandations \u00ab       non contraignantes \u00bb . En guise de budget, on se limite \u00e0 fixer une       r\u00e9partition des frais d\u2019organisation des sessions &#8211; h\u00e9bergement,       d\u00e9placements, interpr\u00e9tariat &#8211; entre les institutions parlementaires dont       sont issus les membres . Aucun dispositif n\u2019est pr\u00e9vu pour assurer le       financement de certaines activit\u00e9s de base, comme les missions d\u2019enqu\u00eate       ou l\u2019\u00e9laboration de rapports. A fortiori l\u2019APEM n\u2019envisage pas de       s\u2019impliquer dans une action de mise en conformit\u00e9 des syst\u00e8mes \u00e9lectoraux       des pays m\u00e9diterran\u00e9ens avec les normes internationales.        Le bilan de l\u2019APEM depuis sa cr\u00e9ation en 2004 et apr\u00e8s la tenue de quatre       sessions pl\u00e9ni\u00e8res, reste assez maigre, loin des ambitions fix\u00e9es par       Josepp Borell. Tout au plus peut-on noter dans la r\u00e9solution adopt\u00e9e \u00e0       Rabat une timide \u00ab inqui\u00e9tude \u00bb suite \u00e0 l\u2019adoption par certains Etats, au       nom de la lutte contre le terrorisme, de \u00ab l\u00e9gislations qui d\u00e9rogent aux       obligations internationales en mati\u00e8re de droits de l&rsquo;homme \u00bb.        Combien de ceux qui avaient vaillamment vot\u00e9 dans leurs parlements       respectifs ces fameuses l\u00e9gislations &#8211; qui, elles, sont effectives et ont       un tout autre effet sur leurs citoyens que ces recommandations non       contraignantes &#8211; ont-ils chaleureusement appuy\u00e9 cette r\u00e9solution et       partag\u00e9 l\u2019inqui\u00e9tude de leurs coll\u00e8gues europ\u00e9ens ? A-t-on pr\u00e9vu un       m\u00e9canisme de suivi ? Mais le comble de la formulation timor\u00e9e &#8211; pour cet       avis non contraignant &#8211; se trouve dans son invitation aux pays partenaires       \u00ab \u00e0 envisager la possibilit\u00e9 [soulign\u00e9 par l\u2019auteur] d&rsquo;une adh\u00e9sion au       Tribunal p\u00e9nal international et au moratoire sur la peine de mort \u00bb.        La session de Bruxelles sera, par l\u2019effet d\u2019une habile contre-offensive,       focalis\u00e9e sur l\u2019affaire des caricatures. Un appel \u00e0 revoir les       l\u00e9gislations [des pays europ\u00e9ens ndr] dans le but de \u00ab pr\u00e9venir les       incidents suscit\u00e9s au nom de la libert\u00e9 d\u2019expression \u00bb laissera des traces       d\u2019un profond d\u00e9saccord sur les fondamentaux, malgr\u00e9 l\u2019adoption d\u2019une       r\u00e9solution condamnant sans \u00e9quivoque toute tendance \u00ab \u00e0 l\u2019incitation \u00e0 la       x\u00e9nophobie et \u00e0 la haine \u00bb.        Cette r\u00e9union demeurera, surtout, marqu\u00e9e par un f\u00e2cheux pr\u00e9c\u00e9dent :       l\u2019interdiction faite aux membres palestiniens, nouvellement \u00e9lus, d\u2019y       assister, suite au refus de la Belgique de leur d\u00e9livrer des visas, en \u00ab       accord avec le conseil \u00bb de l\u2019UE. On ne trouve nulle mention d\u2019une       d\u00e9nonciation officielle d\u2019une atteinte flagrante \u00e0 la souverainet\u00e9 de       cette institution, vou\u00e9e, selon les v\u0153ux de Josepp Borell, \u00e0 exercer le       r\u00f4le d\u2019un pouvoir parlementaire au sein du processus de Barcelone.        Si les activit\u00e9s de l\u2019APEM sont tr\u00e8s loin de justifier les promesses       avanc\u00e9es par ses promoteurs de donner une impulsion salutaire au processus       de Barcelone, on peut par contre relever tout le b\u00e9n\u00e9fice cosm\u00e9tique qu\u2019en       tirent les r\u00e9gimes despotiques partenaires du sud de la m\u00e9diterran\u00e9e.        Depuis le 1er avril 2006, la pr\u00e9sidence de l\u2019assembl\u00e9e parlementaire       euro-m\u00e9diterran\u00e9enne est assur\u00e9e par Fouad Mebazaa &#8211; pr\u00e9sident de la       chambre des d\u00e9put\u00e9s de Tunisie. C\u2019est tout un symbole que de voir       l\u2019arch\u00e9type du gestionnaire d\u2019un parlement mal \u00e9lu, appel\u00e9 couramment \u00ab       chambre d\u2019enregistrement \u00bb, caract\u00e9ristique des syst\u00e8mes totalitaires,       succ\u00e9der au repr\u00e9sentant des traditions parlementaires les plus \u00e9prouv\u00e9es       au monde.        Oubli\u00e9es, les r\u00e9serves des parlementaires europ\u00e9ens sur les \u00ab \u00e9lections \u00bb       tunisiennes ! Int\u00e9gr\u00e9s dans la m\u00eame institution que des parlementaires       \u00e9lus d\u00e9mocratiquement, les champions de la fraude \u00e9lectorale sont blanchis       et d\u00e9sormais \u00e9lev\u00e9s au statut de \u00ab coll\u00e8gues \u00bb de vrais d\u00e9put\u00e9s. En plus       d\u2019un demi-si\u00e8cle d\u2019existence, les \u00ab parlementaires \u00bb tunisiens n\u2019ont       jamais rejet\u00e9 aucun projet gouvernemental. Pis, durant la m\u00eame p\u00e9riode le       parlement n\u2019a jamais daign\u00e9 examiner un seul projet de loi pr\u00e9sent\u00e9 \u00e0       l\u2019initiative de ses membres.        Ces d\u00e9put\u00e9s aux ordres ont, en revanche, r\u00e9agit \u00e9pidermiquement \u00e0 un texte       qui manifeste ses pr\u00e9occupations pour le manquement d\u2019un pays partenaire       aux engagements pr\u00e9vus par l\u2019accord de Barcelone et demandant aux       institutions de Bruxelles de prendre les mesures ad\u00e9quates pour y rem\u00e9dier.       \u00ab Interventionnisme \u00bb, danger de \u00ab mainmise \u00e9trang\u00e8re sur la Tunisie \u00bb, \u00ab       alignement sur les man\u0153uvres colonialistes \u00bb, \u00ab animosit\u00e9 envers notre       pays \u00bb, \u00ab liens douteux avec un petit nombre de Tunisiens qui n\u2019ont aucun       sens du patriotisme \u00bb, institution dont la prise des d\u00e9cisions est \u00ab       soumise aux jeux d\u2019int\u00e9r\u00eats \u00bb \u2026 rien ne leur a paru excessif pour       justifier l\u2019allergie \u00e0 un simple rappel des obligations pr\u00e9vues par       l\u2019article 2 des accords de partenariats.       Il serait souhaitable que cette attitude outranci\u00e8re am\u00e8ne les       parlementaires europ\u00e9ens, motiv\u00e9s par le partenariat et d\u00e9termin\u00e9s \u00e0 y       incarner les valeurs de libert\u00e9s et de progr\u00e8s, \u00e0 reconsid\u00e9rer leur       caution aux artifices de l\u2019APEM. Il est urgent qu\u2019ils se d\u00e9sengagent d\u2019un       pi\u00e8ge qui les englue.              &#8212;&#8212;&#8212;&#8212;&#8211;       <font>1- Organis\u00e9e par le parti des socialistes europ\u00e9ens       (PSE) les 15 et 16 avril 2005, en comm\u00e9moration du 10e anniversaire des       accords de Barcelone.       2-Institu\u00e9e le 3 d\u00e9cembre 2003 par d\u00e9cision de la Conf\u00e9rence minist\u00e9rielle       du partenariat euro-m\u00e9diterran\u00e9en, r\u00e9unie \u00e0 Naples.        3-\u201cPolitical priorities for the EP Presidency of the Euro-Mediterranean       Parliamentary Assembly\u201d,        http:\/\/www.europarl.eu.int\/intcoop\/empa\/euromedkeydocuments\/default_en.htm       4-Mars 2005 \u2013 mars 2006.       5-Point 2 de l\u2019article 3 du \u00ab r\u00e8glement de l\u2019APEM \u00bb adopt\u00e9 \u00e0 la r\u00e9union       d\u2019Ath\u00e8nes du 22 mars 2004.       6-L\u2019APEM est compos\u00e9e de 240 d\u00e9put\u00e9s, selon un mode paritaire : 120       repr\u00e9sentants des pays de l\u2019UE (45 membres du parlement europ\u00e9en et 75       membres des parlements nationaux) et 120 des pays m\u00e9diterran\u00e9ens       partenaires.       7-R\u00e9solution de l&rsquo;Assembl\u00e9e parlementaire euro-m\u00e9diterran\u00e9enne sur       l\u2019avenir du Processus de Barcelone, adopt\u00e9e le 21 novembre 2005, \u00e0 Rabat (Maroc)       \u2013 session extraordinaire.       8-En fait, l\u2019affaire des caricatures \u00e0 \u00e9t\u00e9 l\u2019occasion pour les       repr\u00e9sentants des pouvoirs despotiques pour relancer un reproche r\u00e9curent       adress\u00e9 aux pays d\u00e9mocratique : leurs l\u00e9gislations laxistes [en termes de       droit d\u2019expression, droit d\u2019asile, droit d\u2019association\u2026] permettent aux \u00ab       terroristes \u00bb [les r\u00e9fugi\u00e9s politiques] de b\u00e9n\u00e9ficier de sanctuaires.       9-Selon le communiqu\u00e9 de presse publi\u00e9 par la d\u00e9put\u00e9e europ\u00e9enne H\u00e9l\u00e8ne       Flautre, l\u2019une des rares \u00e0 avoir exprim\u00e9 une protestation publique sur cet       incident. Les d\u00e9l\u00e9gu\u00e9s arabes, assez port\u00e9s sur les d\u00e9nonciations       tonitruantes, brill\u00e8rent par une honteuse discr\u00e9tion sur ce point.<\/font> <font><strong>(Source:\u00a0 le num\u00e9ro 44 de Kalima mis en       ligne le 3 aout 2006)<\/strong><\/font> <font>http:\/\/www.kalimatunisie.com<\/font><\/div>\n<div align=\"justify\" dir=\"ltr\">\n<hr\/><\/div>\n<div align=\"center\" dir=\"ltr\">\n<h2 style=\"color: red;\"><font size=\"3\"><strong>Tunis, La septi\u00e8me porte<\/strong><\/font><\/h2>\n<\/div>\n<div align=\"justify\" dir=\"ltr\"> <strong><font>Taoufik ben Brik<\/font><\/strong><\/div>\n<div align=\"justify\" dir=\"ltr\">      \u00a0<\/div>\n<div align=\"justify\" dir=\"ltr\"> <font>2 ao\u00fbt 2006<\/font>       Tunis ne m&rsquo;allume pas. Elle fait des cabrioles. Elle me taquine, la       coquine. Elle m&rsquo;ouvre ses portes : Bab B&rsquo;har (La Porte de la Mer), Bab       Jedid (La Porte Neuve), Bab El Khadra (La Porte Verdoyante), Bab Manara       (La Porte du Lampadaire), Bab Bnet (La Porte des Filles), Bab Jazira (la       Porte de l&rsquo;Ile)&#8230;Bab Assel (La Porte du Miel).        Je reste sur le pas de la porte. Je crains l&rsquo;enfermement. Son        \u00e9treinte.       Au vieillard triste et aveugle qui me pressait de lui reb\u00e2tir la ville       pierre par pierre, je me suis laiss\u00e9 aller \u00e0 lui raconter que Tunis est       l&rsquo;Alexandrie de Lawrence Durell. La biblioth\u00e8que qui br\u00fble en moins&#8230;       Pour le reste, se promener rue Bab El Mandeb, rue Abou El Darda et manger       des tranches de past\u00e8ques et sorbets ros\u00e9s, et       on se croirait \u00e0 Bab Souika ou Halfaouine.       Mais encore ? Lorsque le soleil fait larmoyer les yeux, Tunis joue \u00e0       Marmara et imite dans son coucher Istanbul, ce gigantesque Sidi Bou Sa\u00efd.       Et je me laisse       parler \u00e0 Tunis, comme N\u00e2zim Hikmet parla,       \u00ab A Istanbul        Dans une taverne du march\u00e9 aux poissons       Pourquoi ce tumulte,       Pourquoi ces cris ?       Et pour quoi les hommes       Sont-ils aussi tristes gu\u00e9 ce poisson        Qui g\u00eet l\u00e0 dans cette assiette ? \u00bb              Tunis t\u00eatard urbain, minuscule Brazil. Tu ressembles \u00e0 rien. Ou bien si. A       Tampico, une ville mexicaine, que seul un po\u00e8te chinois d\u00e9clame. Lui qui       r\u00eave de monter sur tous les bateaux qu&rsquo;il a charg\u00e9s, pour aborder les       jet\u00e9es blanches qui brillent au soleil ; Tampico l&rsquo;a retenu pieds li\u00e9s.       Pi\u00e8tre consolation que de dire : \u00ab c&rsquo;est pour Tampico que je ne veux pas       monter sur ces grands bateaux blancs et brillants. Et parce qu&rsquo;il me       faudrait, pour payer mes r\u00eaves, travailler onze heures par jour comme       gar\u00e7on de cabine, astiquer les bastingages de bronze poli, suer dans la       vapeur des cuisines. C&rsquo;est pour cela que les bateaux sont loin, et que je       les vois arriver et partir de tous les ports, de tous les r\u00eaves, de toutes       les nostalgies. \u00bb P&rsquo;tit Tunis. Pas de plus triste mot. Une plaisanterie       macabre \u00e0 la mesure de l&rsquo;hilarit\u00e9 de Malcom Lowry, le g\u00e9ant de Quauhnahuac.       Quauhnahuac ? Le mot \u00e9tait comme un c\u0153ur qui se brise, une soudaine vol\u00e9e       de cloches assourdies par grand vent, les derni\u00e8res syllabes de qui se       meurt de soif dans le d\u00e9sert. Par moment, tous les moments, sauf contre       moment, Tunis a l&rsquo;allure de Quauhnahuac. Une petite rue, un peu bossue au       centre o\u00f9 l&rsquo;on avait combl\u00e9 l&rsquo;\u00e9gout \u00e0 ciel ouvert, penchait fortement       comme si elle e\u00fbt, un jour de tremblement de terre, d\u00e9rap\u00e9. Et nous avec.       Saint Domingue, Bab Essid (La Porte Mur\u00e9e). Pas de sortie, pas d&rsquo;entr\u00e9e.       Une bienvenue ambigu\u00eb. Une porte qui cloisonne toutes les autres ; la       porte d&rsquo;Alexandrie,       La porte d&rsquo;Istanbul, la porte de Quauhnahuac, la porte de Tampico, la       porte de Kiev.       Un sixi\u00e8me doigt comme une menace rachitique.       Je me retrouve dans la ville qui \u00ab f\u00eate le bouc \u00bb comme si j&rsquo;\u00e9tais \u00e0       Tunis. J&rsquo;y suis. De plein droit dans cette ville \u00ab provinciale, isol\u00e9e et       l\u00e9thargique de peur et de servilit\u00e9, l&rsquo;\u00e2me saisie de panique respectueuse       envers le chef, le G\u00e9n\u00e9ralissime, le       Bienfaiteur&#8230; \u00bb Son Excellence Ben Air.       Mais ce n&rsquo;est pas terrible. \u00ab Tout passera. Les souffrances, les tourments,       le sang, la faim et la peste. Le glaive dispara\u00eetra, et seules les \u00e9toiles       demeureront, quand il n&rsquo;y aura plus de trace sur la terre de nos corps et       de nos efforts. Il n&rsquo;est personne au monde qui ne sache cela. \u00bb       C&rsquo;est la le\u00e7on de Kiev, 1918&#8230; Tunis le sait et se tait : c&rsquo;est terrible.              <font><strong>(Source:\u00a0 le num\u00e9ro 44 de Kalima mis en       ligne le 3 aout 2006)<\/strong><\/font> <font><a href=\"http:\/\/www.kalimatunisie.com\" target=\"_blank\" rel=\"noopener\">      http:\/\/www.kalimatunisie.com<\/a><\/font><\/div>\n<\/p><\/div>\n<p> <\/font><\/div>\n<div>  \u00a0<\/div>\n<div>\n<hr\/>\n<\/div>\n<div> <font face=\"Arial\" size=\"2\">\u00a0<\/font><\/div>\n<div>\n<div align=\"center\" dir=\"ltr\"> <font><font size=\"4\"><strong> <\/p>\n<h2 style=\"color: red;\"><font size=\"3\">L\u2019enseignement tunisien malade<\/font><\/h2>\n<p> \u00a0<\/strong><\/font><\/font><\/div>\n<div align=\"center\" dir=\"ltr\">    \u00a0<\/div>\n<div align=\"justify\" dir=\"ltr\">    \u00a0<font><font><b>Je dis bien malade au     niveau de nos \u00e9l\u00e8ves, au niveau des livres d\u2019enseignement qu\u2019on change     pratiquement tous les ans au gr\u00e9 des inspecteurs successifs, au niveau des     politiques de rajouts pour chaque mati\u00e8re, au niveau des mati\u00e8res \u00e0     enseigner (au nombre de douze \u00e0 treize par classe) et qui finissent, vu la     charge et le volume des mati\u00e8res, par d\u00e9courager les meilleures volont\u00e9s ;     politique d\u2019arabisation \u00e0 outrance alors que l\u2019\u00e9cole ne dispose ni de     l\u2019outil p\u00e9dagogique ni de la terminologie n\u00e9cessaire \u00e0 la transmission de la     connaissance et du savoir. Bref c\u2019est un malaise diffus dans le monde     scolaire et qui ne satisfait ni les enseignants, ni les \u00e9l\u00e8ves qui ont perdu     leurs rep\u00e8res. Quant aux parents d\u2019\u00e9l\u00e8ves, ils ne savent plus \u00e0 quel saint     se vouer et essaient de sauver les meubles, par des cours suppl\u00e9mentaires     fastidieux et forts on\u00e9reux.<\/b>           En fin de compte, la question qui se pose est ce qu\u2019on veut faire de nos     enfants, des t\u00eates biens pleines, trop pleines jusqu\u2019\u00e0 l\u2019\u00e9clatement, ou un     enseignement humain, capable de les faire progresser dans un monde o\u00f9 le     savoir ne rime pas avec quantit\u00e9, mais avec qualit\u00e9 et qui lui permettra un     jour de trouver un soleil humain dans son universit\u00e9 puis dans sa soci\u00e9t\u00e9 en     l\u2019essorant de toutes les scories qui entravent son \u00e9panouissement, son     efficacit\u00e9, ses objectifs, et dire que cela dure depuis cinquante ans,     depuis notre ind\u00e9pendance et je ne vois pas le bout du tunnel. Certes mon     propos n\u2019est pas un projet de r\u00e9formes, cela serait pr\u00e9somptueux de ma part     et une immixion dans un domaine qui rel\u00e8ve en fin de compte d\u2019une vision     globale de la politique de l\u2019enseignement, en identifiant les objectifs et     les moyens qui doivent en assurer le succ\u00e8s et la p\u00e9rennit\u00e9. Pour modeste     contribution je vais t\u00e2cher de cerner certains probl\u00e8mes qui se posent \u00e0     notre enseignement, d\u2019y r\u00e9pondre autant que savoir que peut.           Est-il pensable qu\u2019un \u00e9l\u00e8ve de septi\u00e8me de l\u2019Ecole de base ne sache ni     multiplier, ni diviser, ni soustraire, ni construire une phrase litt\u00e9raire     coh\u00e9rente et sans fautes d\u2019orthographe ? Est-il n\u00e9cessaire \u00e0 un \u00e9l\u00e8ve de     l\u2019Ecole de base d\u2019\u00e9tudier les structures de la soci\u00e9t\u00e9 saoudienne et de ses     tribus ? Est-il n\u00e9cessaire qu\u2019il \u00e9tudie l\u2019\u00e9conomie des Etats-Unis et son     potentiel industriel alors qu\u2019il ne conna\u00eet pas le nom des principales     villes de la Tunisie, ni sa configuration g\u00e9ographique, ni ses \u00eeles, ni ses     richesses, ni sa population ?           J\u2019ai peur, emport\u00e9 par mes interrogations, de me perdre dans les m\u00e9andres de     mes r\u00e9flexions vagabondes, de m\u2019\u00e9loigner de mon projet, de mon fil d\u2019Ariane.     Je vais donc essayer de d\u00e9poussi\u00e9rer la nappe encro\u00fbt\u00e9e de notre     enseignement, peut-\u00eatre qu\u2019elle nous conduira \u00e0 plus de clart\u00e9 dans notre     cheminement \u00e9ducatif vers l\u2019excellence et l\u2019efficacit\u00e9 de notre \u00e9ducateur.              Lever l\u2019hypoth\u00e8que de l\u2019arabisation           Apr\u00e8s l\u2019Ind\u00e9pendance et par un r\u00e9flexe anti-colonial l\u00e9gitime, les     responsables de notre politique p\u00e9dagogique ont opt\u00e9 pour un syst\u00e8me     \u00e9ducatif arabis\u00e9 pour retrouver et renforcer notre arabit\u00e9, notre     appartenance \u00e0 la communaut\u00e9 arabo-musulmane dont nous partageons la     religion, la langue et l\u2019histoire depuis des si\u00e8cles. Cette politique     d\u2019arabisation a commenc\u00e9 par la suppression de l\u2019enseignement du fran\u00e7ais     dans les premi\u00e8res ann\u00e9es de l\u2019enseignement primaire et l\u2019arabisation de     certaines mati\u00e8res math, g\u00e9ographie et m\u00eame philosophie) en important     pendant un certain temps des livres de philosophie fabriqu\u00e9s et imprim\u00e9s en     Irak et destin\u00e9s aux classes terminales, et c\u2019est en adoptant cette option     que nous avons constat\u00e9 un affaiblissement du niveau de notre enseignement     et donc de ses r\u00e9sultats, et dont les effets n\u00e9fastes se font ressentir     jusqu\u2019\u00e0 nos jours : professeurs dont la formation en fran\u00e7ais n\u00e9cessite un     recyclage en arabe, terminologie inadapt\u00e9e qui ne permet pas aux enseignants     de transmettre aux \u00e9tudiants, de fa\u00e7on claire et intelligible, les textes     arabis\u00e9s. Contradiction encore : est-il logique d\u2019enseigner \u00e0 l\u2019\u00e9cole de     base les math\u00e9matiques en arabe avec des symboles fran\u00e7ais, avec des A,B,C     ,D, puis de leur enseigner en fran\u00e7ais la m\u00eame mati\u00e8re \u00e0 partir de la     premi\u00e8re ann\u00e9e du secondaire avec de nouveaux livres, une nouvelle     terminologie, de nouvelles m\u00e9thodes. Quel g\u00e2chis, que de pertes de temps et     que d\u2019\u00e9checs en pr\u00e9vision. Idem pour l\u2019enseignement de la philosophie en     arabe alors que cette mati\u00e8re, outre sa difficult\u00e9 ne dispose pas d\u2019une     biblioth\u00e8que des Platon, Aristote, Rousseau, Bergson, Hegel et des centaines     d\u2019autres penseurs qui ont contribu\u00e9 \u00e0 l\u2019\u00e9volution de la pens\u00e9e m\u00e9taphysique     et qui n\u2019ont pas \u00e9t\u00e9 traduits en arabe, d\u2019o\u00f9 un manque flagrant     d\u2019enrichissement de la pens\u00e9e des \u00e9l\u00e8ves et de son approfondissement.           <b>R\u00e9introduire le fran\u00e7ais \u00e0 partir de la premi\u00e8re ann\u00e9e de base<\/b>           On a reconnu, dans plusieurs pays d\u2019Europe, l\u2019utilit\u00e9 pour les petits \u00e9l\u00e8ves     de faire l\u2019apprentissage de deux et m\u00eame de trois langues en plus de la     langue maternelle, car \u00e0 cet \u00e2ge l\u2019enfant apprend tr\u00e8s vite, ce qui lui     permettra plus tard d\u2019avoir plus de facilit\u00e9 \u00e0 ma\u00eetriser les langues     apprises et d\u2019acc\u00e9der \u00e0 leur civilisation et \u00e0 leur culture, \u00e0 leurs grands     \u00e9crivains, \u00e0 l\u2019univers de leur cr\u00e9ativit\u00e9 artistique. Apprendre une deuxi\u00e8me     langue voire une troisi\u00e8me n\u2019est donc pas un reniement de leur propre langue     mais une plus-value de leurs connaissances, un enrichissement de leurs     savoirs et une plus grande facilit\u00e9 dans leurs contacts et leurs rapports,     que ce soit au plan \u00e9conomique, culturel ou social avec les autres peuples     qui composent les maisons de l\u2019homme. Quant \u00e0 nous, Tunisiens, qui     affrontons d\u2019autres soci\u00e9t\u00e9s, d\u2019autres cultures, apprendre d\u2019autres langues     ne peut \u00eatre qu\u2019enrichissant et utile \u00e0 plus d\u2019un titre. Ce plus     linguistique ne peut diminuer en rien notre arabit\u00e9 et l\u2019attachement \u00e0 notre     culture et \u00e0 notre civilisation arabo- musulmane. Par ailleurs, apprendre et     ma\u00eetriser la langue fran\u00e7aise d\u00e8s le plus jeune \u00e2ge permettra au Tunisien,     d\u00e8s lors m\u00eame qu\u2019il acc\u00e8de \u00e0 la fin de ses \u00e9tudes \u00e0 l\u2019Universit\u00e9,     d\u2019assimiler plus facilement les diverses mati\u00e8res qui y sont enseign\u00e9es car     \u201c l\u2019Universit\u00e9 tunisienne est fran\u00e7aise \u201d. La m\u00e9decine, l\u2019ing\u00e9niorat,     l\u2019architecture, les \u00e9tudes de gestion, l\u2019informatique et m\u00eame l\u2019enseignement     agricole et les divers cours de l\u2019enseignement professionnel se font en     fran\u00e7ais. D\u2019ailleurs, il n\u2019y a aucune fausse honte ni aucun complexe \u00e0     consid\u00e9rer que le fran\u00e7ais est notre langue v\u00e9hiculaire par excellence. Un     v\u00e9hicule quel qu\u2019il soit ne peut en aucun cas nous priver de notre arabit\u00e9,     car c\u2019est un moyen de transport pour acqu\u00e9rir une science.           <b>Renoncer \u00e0 la m\u00e9thode globale et revenir \u00e0 la m\u00e9thode syllabique dans     l\u2019enseignement des langues.<\/b>           La m\u00e9thode globale d\u2019enseignement des langues \u00e0 l\u2019Ecole de base a compliqu\u00e9     la scolarit\u00e9 de nos enfants. Elle consiste grosso modo \u00e0 faire apprendre \u00e0     nos \u00e9l\u00e8ves des phrases d\u2019une langue donn\u00e9e, quitte \u00e0 ce que ces derniers     diff\u00e9rencient l\u2019alphabet des dites phrases. Avouez que cette gymnastique     n\u2019est pas facile, ni agr\u00e9able et nous nous trouvons souvent avec des retards     dans la lecture ou la dict\u00e9e ; retard que v\u00e9hicule l\u2019\u00e9l\u00e8ve m\u00eame dans les     grandes classes. Le pays qui l\u2019ont exp\u00e9riment\u00e9e y ont renonc\u00e9 ; le retour \u00e0     la m\u00e9thode syllabique est souhaitable, cette m\u00e9thode tr\u00e8s simple permet \u00e0 l\u2019     \u00e9l\u00e8ve de mieux ma\u00eetriser son alphabet et de composer au fur et \u00e0 mesure de     son avancement des mots qu\u2019il peut transcrire et lire, puis \u00e0 composer par     lui-m\u00eame l\u2019apprentissage de sa r\u00e9daction, tout en assimilant les pi\u00e8ges de     la grammaire et de la conjugaison. Les anciens ont pratiqu\u00e9 cette m\u00e9thode     qui a donn\u00e9 des hommes de qualit\u00e9 et de valeur.                <b>R\u00e9ponse \u00e0 des questions diverses           R\u00e9duire le nombre des cong\u00e8s scolaires. <\/b>          Nous avons trop de cong\u00e9s scolaires qui r\u00e9duisent le temps utile \u00e0 la     scolarit\u00e9 de nos enfants : vacances d\u2019automne, d\u2019hiver, de printemps, plus     les f\u00eates civiles et religieuses, r\u00e9duisent de fa\u00e7on cons\u00e9quente le temps     imparti \u00e0 l\u2019accomplissement des progressions ; je pense sp\u00e9cialement aux     vacances d\u2019automne qui peuvent \u00eatre ramen\u00e9es \u00e0 quatre jours, et aux vacances     d\u2019hiver et de printemps qui peuvent \u00eatre r\u00e9duites de cinq jours, ceci sans     tenir compte du mois saint de Ramadan qui, en raison des d\u00e9s\u00e9quilibres     alimentaires et des veill\u00e9es traditionnelles, qu\u2019il d\u00e9termine chez les     \u00e9l\u00e8ves et les enseignants, peut \u00eatre consid\u00e9r\u00e9 comme un mois blanc qu\u2019il     vaudrait mieux am\u00e9nager en instituant une journ\u00e9e scolaire de quatre heures,     de 10 heures \u00e0 14 heures .           <b>Remplacer les examens trimestriels de synth\u00e8se par le syst\u00e8me du contr\u00f4le     continu, dont la moyenne des notes de l\u2019\u00e9l\u00e8ve d\u00e9terminera leur passage dans     la classe sup\u00e9rieure.           S\u2019astreindre jusqu\u2019\u00e0 la septi\u00e8me de l\u2019\u00e9cole de base \u00e0 n\u2019apprendre \u00e0 l\u2019\u00e9l\u00e8ve     que la lecture, le calcul, la r\u00e9daction plus quelques notions d\u2019\u00e9ducation     civique et religieuse. <\/b>          Il est anormal que des \u00e9l\u00e8ves arrivant \u00e0 la septi\u00e8me ne ma\u00eetrisent ni la     lecture ni l\u2019\u00e9criture, ni sachent faire des op\u00e9rations \u00e9l\u00e9mentaires de     calcul : addition, soustraction, division, multiplication. Il fut un temps     bienheureux o\u00f9 l\u2019on trouvait imprim\u00e9, sur le dos de nos cahiers de classe     ces diverses op\u00e9rations si utiles dans la vie, qu\u2019on apprenait et r\u00e9citait     par c\u0153ur et qui sont remplac\u00e9s aujourd\u2019hui par des h\u00e9ros de bandes dessin\u00e9es     absolument inutiles.           <b>R\u00e9habilitr le certificat d\u2019\u00e9tudes primaires<\/b>           Au bout de sept ans d\u2019\u00e9tudes primaires, ce certificat tr\u00e8s attendu par nos     \u00e9l\u00e8ves serait la cons\u00e9cration et le premier couronnement de leurs efforts,     de leur t\u00e9nacit\u00e9 et de leur succ\u00e8s. Qui ne se rappelle la joie des \u00e9l\u00e8ves     devant leur premier succ\u00e8s et la joie de leur famille dans ce couronnement     qui les r\u00e9compensait ?           <b>Le livre arabe<\/b> est pratiquement inexistant dans la biblioth\u00e8que arabe.     Il consiste le plus souvent en des contes mythiques sans aucun lien avec     l\u2019imagination du jeune, qui s\u2019adonne \u00e0 c\u0153ur joie \u00e0 la Biblioth\u00e8que Verte ou     Rose du livre fran\u00e7ais ou de traductions, \u00e9trang\u00e8res adapt\u00e9es. Ne parlons     pas des classes sup\u00e9rieures o\u00f9, \u00e0 part quelques livres de Si Mahmoud Messadi     ou de Taha Hassine, c\u2019est le n\u00e9ant.           Il serait utile de cr\u00e9er au sein de l\u2019Education Nationale une section     \u00e9toff\u00e9e de traducteurs qualifi\u00e9s qui aurait pour t\u00e2che de traduire \u00e0 l\u2019arabe     les diverses grandes \u0153uvres universelles de litt\u00e9rature, de philosophie et     des romans qui seront utiles \u00e0 la formation de l\u2019\u00e9l\u00e8ve.           <b>Le cas des \u00e9coles pilotes<\/b>           Ces \u00e9coles sont nombreuses dans notre pays et recrutent nos meilleurs \u00e9l\u00e8ves.     L\u2019Etat leur assure les \u00e9tablissements les plus performants, les meilleurs     enseignants avec le g\u00eete et le couvert et cela co\u00fbte au Tr\u00e9sor public des     milliers de dinars par \u00e9l\u00e8ve. Un immense investissement de l\u2019Etat, tant     humain que financier, pour le succ\u00e8s et la performance de ces \u00e9l\u00e8ves. Or que     constatons-nous? Lesdits \u00e9l\u00e8ves sont inscrits dans les hautes \u00e9coles     europ\u00e9ennes, am\u00e9ricaines ou canadiennes o\u00f9 ils repr\u00e9sentent une \u00e9lite et     sont arrach\u00e9s \u00e0 prix d\u2019or par les instituts de recherches et les grandes     industries du monde o\u00f9 ils se comptent par milliers . La plupart de ces     \u00e9l\u00e8ves ne retournent plus au pays qui les a form\u00e9s, malgr\u00e9 tous les     sacrifices consentis, et repr\u00e9sentent une perte s\u00e8che pour notre \u00e9conomie et     le d\u00e9veloppement du pays.           M. Nicolas Sarkozy, s\u2019exprimant \u00e0 l\u2019Assembl\u00e9e Nationale fran\u00e7aise sur son     projet de loi sur l\u2019\u00e9migration, pr\u00e9cise que cette \u00e9nigration doit \u00eatre     choisie et non subie et qu\u2019elle doit concerner les \u00e9migrants les plus     m\u00e9ritants dans les divers domaines de la recherche, les sciences, les sports     ou les arts pour enrichir la soci\u00e9t\u00e9 fran\u00e7aise et lui apporter un plus. Le     Pr\u00e9sident Lamine Gaye, dans une tribune, lui a r\u00e9torqu\u00e9 que la politique     d\u2019\u00e9migration adopt\u00e9e par M. Sarkozy \u00e9tait un v\u00e9ritable pillage de     l\u2019encadrement des pays en d\u00e9veloppement et que la France va b\u00e9n\u00e9ficier sans     d\u00e9penser le moindre argent d\u2019un haut investissement auquel elle n\u2019a pas     contribu\u00e9.           Pour rem\u00e9dier tant soit peu \u00e0 ce probl\u00e8me, je pr\u00e9conise d\u2019\u00e9tablir, \u00e0     l\u2019entr\u00e9e de toute \u00e9cole pilote tunisienne, un contrat contresign\u00e9 par     l\u2019\u00e9l\u00e8ve et ses parents o\u00f9 l\u2019\u00e9l\u00e8ve s\u2019engage \u00e0 la fin de ses \u00e9tudes     sup\u00e9rieures de passer sept ans dans une institution de l\u2019Etat ou \u00e0 d\u00e9faut de     le d\u00e9dommager de la somme de 100.000 dollars, les parents de l\u2019\u00e9l\u00e8ve,     l\u2019\u00e9l\u00e8ve lui-m\u00eame et l\u2019institution recrutante \u00e9tant caution solidaire du     r\u00e8glement de ladite indemnit\u00e9 due \u00e0 l\u2019Etat tunisien. L\u2019institution     recrutante ou l\u2019Etat recruteur seront inform\u00e9s, m\u00eame \u00e0 posteriori, de la     dite clause dont ils devront supporter le principal et les d\u00e9pens nonobstant     toute clause contraire.           <b><font>Taoufik Ben Mrad<\/font><\/b>     \u00a0<\/font><\/font><\/div>\n<div align=\"justify\" dir=\"ltr\"> <strong><font>(Source: Le site de R\u00e9alit\u00e9s le 3 aout 2006)<\/font><\/strong><\/div>\n<div align=\"justify\" dir=\"ltr\">    \u00a0<\/div>\n<div align=\"justify\" dir=\"ltr\"> <font><a href=\"http:\/\/www.realites.com.tn\/index1.php\" target=\"_blank\" rel=\"noopener\">    http:\/\/www.realites.com.tn\/index1.php<\/a><\/font><\/div>\n<\/p><\/div>\n<hr\/>\n<p align=\"center\"><b><a href=\"http:\/\/www.tunisnews.net\"><span>Home<\/span><span lang=\"FR-CH\"> &#8211; Accueil <\/span><span>&#8211; <\/span><span dir=\"rtl\" lang=\"AR-SA\">\u0627\u0644\u0631\u0626\u064a\u0633\u064a\u0629<\/span><\/a><\/b><\/p>\n<p align=\"center\">\u00a0<\/p>\n<p><\/body><\/body><\/html><\/p>\n","protected":false},"excerpt":{"rendered":"<p>Home &#8211; Accueil &#8211; \u0627\u0644\u0631\u0626\u064a\u0633\u064a\u0629 TUNISNEWS 7\u00a0\u00e8me\u00a0ann\u00e9e, N\u00b0\u00a02266 du 05.08.2006 \u00a0archives : www.tunisnews.net L\u2019ACAT-France : Tebourski\u00a0&#8211; Qui la France m\u00e9prise-t-elle le plus ? AFP:Rejet du troisi\u00e8me recours contre l&rsquo;expulsion d&rsquo;Adel Tebourski Lib\u00e9ration: Un condamn\u00e9 expulsable en gr\u00e8ve de la faim :Mobilisation des associations pour Adel Tebourski. Omar Mestiri: APEM: Un instrument de blanchiment des parlements [&hellip;]<\/p>\n","protected":false},"author":1,"featured_media":22040,"comment_status":"open","ping_status":"open","sticky":false,"template":"","format":"standard","meta":{"inline_featured_image":false,"site-sidebar-layout":"default","site-content-layout":"","ast-site-content-layout":"default","site-content-style":"default","site-sidebar-style":"default","ast-global-header-display":"","ast-banner-title-visibility":"","ast-main-header-display":"","ast-hfb-above-header-display":"","ast-hfb-below-header-display":"","ast-hfb-mobile-header-display":"","site-post-title":"","ast-breadcrumbs-content":"","ast-featured-img":"","footer-sml-layout":"","ast-disable-related-posts":"","theme-transparent-header-meta":"","adv-header-id-meta":"","stick-header-meta":"","header-above-stick-meta":"","header-main-stick-meta":"","header-below-stick-meta":"","astra-migrate-meta-layouts":"default","ast-page-background-enabled":"default","ast-page-background-meta":{"desktop":{"background-color":"","background-image":"","background-repeat":"repeat","background-position":"center center","background-size":"auto","background-attachment":"scroll","background-type":"","background-media":"","overlay-type":"","overlay-color":"","overlay-opacity":"","overlay-gradient":""},"tablet":{"background-color":"","background-image":"","background-repeat":"repeat","background-position":"center center","background-size":"auto","background-attachment":"scroll","background-type":"","background-media":"","overlay-type":"","overlay-color":"","overlay-opacity":"","overlay-gradient":""},"mobile":{"background-color":"","background-image":"","background-repeat":"repeat","background-position":"center center","background-size":"auto","background-attachment":"scroll","background-type":"","background-media":"","overlay-type":"","overlay-color":"","overlay-opacity":"","overlay-gradient":""}},"ast-content-background-meta":{"desktop":{"background-color":"var(--ast-global-color-5)","background-image":"","background-repeat":"repeat","background-position":"center center","background-size":"auto","background-attachment":"scroll","background-type":"","background-media":"","overlay-type":"","overlay-color":"","overlay-opacity":"","overlay-gradient":""},"tablet":{"background-color":"var(--ast-global-color-5)","background-image":"","background-repeat":"repeat","background-position":"center center","background-size":"auto","background-attachment":"scroll","background-type":"","background-media":"","overlay-type":"","overlay-color":"","overlay-opacity":"","overlay-gradient":""},"mobile":{"background-color":"var(--ast-global-color-5)","background-image":"","background-repeat":"repeat","background-position":"center center","background-size":"auto","background-attachment":"scroll","background-type":"","background-media":"","overlay-type":"","overlay-color":"","overlay-opacity":"","overlay-gradient":""}},"footnotes":""},"categories":[],"tags":[60,37,29],"class_list":["post-17834","post","type-post","status-publish","format-standard","has-post-thumbnail","hentry","tag-60","tag-37","tag-fr"],"_links":{"self":[{"href":"https:\/\/tunisnews.net\/ar\/wp-json\/wp\/v2\/posts\/17834","targetHints":{"allow":["GET"]}}],"collection":[{"href":"https:\/\/tunisnews.net\/ar\/wp-json\/wp\/v2\/posts"}],"about":[{"href":"https:\/\/tunisnews.net\/ar\/wp-json\/wp\/v2\/types\/post"}],"author":[{"embeddable":true,"href":"https:\/\/tunisnews.net\/ar\/wp-json\/wp\/v2\/users\/1"}],"replies":[{"embeddable":true,"href":"https:\/\/tunisnews.net\/ar\/wp-json\/wp\/v2\/comments?post=17834"}],"version-history":[{"count":0,"href":"https:\/\/tunisnews.net\/ar\/wp-json\/wp\/v2\/posts\/17834\/revisions"}],"wp:featuredmedia":[{"embeddable":true,"href":"https:\/\/tunisnews.net\/ar\/wp-json\/wp\/v2\/media\/22040"}],"wp:attachment":[{"href":"https:\/\/tunisnews.net\/ar\/wp-json\/wp\/v2\/media?parent=17834"}],"wp:term":[{"taxonomy":"category","embeddable":true,"href":"https:\/\/tunisnews.net\/ar\/wp-json\/wp\/v2\/categories?post=17834"},{"taxonomy":"post_tag","embeddable":true,"href":"https:\/\/tunisnews.net\/ar\/wp-json\/wp\/v2\/tags?post=17834"}],"curies":[{"name":"wp","href":"https:\/\/api.w.org\/{rel}","templated":true}]}}