{"id":17832,"date":"2011-10-17T00:00:00","date_gmt":"2011-10-17T00:00:00","guid":{"rendered":"https:\/\/tunisnews.net\/17-octobre-2011\/"},"modified":"2011-10-17T00:00:00","modified_gmt":"2011-10-17T00:00:00","slug":"17-octobre-2011","status":"publish","type":"post","link":"https:\/\/tunisnews.net\/ar\/17-octobre-2011\/","title":{"rendered":"17 octobre 2011"},"content":{"rendered":"<p><html><head><meta content=\"text\/html\" description=\"TUNIS (AP) \u2014 Une marche rassemblant quelques \t\tmilliers de personnes s'est d\u00e9roul\u00e9e dimanche \u00e0 Tunis \u00e0 l'appel \t\td'associations en r\u00e9action aux manifestations islamistes et aux actes de \t\tviolence attribu\u00e9s \u00e0 des groupes salafistes ces derniers jours en \t\tTunisie.\" http-equiv=\"Content-Type\"\/><\/head><body><body><\/p>\n<div>\n<p align=\"center\"><font><strong><font face=\"Calibri\" size=\"2\"><font><font><span dir=\"rtl\" lang=\"AR-SA\"><font>\u0641\u064a<\/font><\/span><font><span lang=\"AR-SA\"><\/span><span dir=\"rtl\" lang=\"AR-SA\">\u0643\u0644<\/span><span lang=\"AR-SA\"><\/span><span dir=\"rtl\" lang=\"AR-SA\">\u064a\u0648\u0645<\/span>\u060c<span dir=\"rtl\" lang=\"AR-SA\">\u0646\u0633\u0627\u0647\u0645 \u0628\u062c\u0647\u062f\u0646\u0627 \u0641\u064a<\/span><span lang=\"AR-SA\"> <\/span><span dir=\"rtl\" lang=\"AR-SA\">\u062a\u0642\u062f\u064a\u0645<\/span><span dir=\"rtl\" lang=\"AR-SA\">\u0625\u0639\u0644\u0627\u0645 \u0623\u0641\u0636\u0644 \u0648\u0623\u0631\u0642\u0649 \u0639\u0646<\/span><span lang=\"AR-SA\"><\/span><span dir=\"rtl\" lang=\"AR-SA\">\u0628\u0644\u062f\u0646\u0627\u060c<\/span><\/font><span lang=\"AR-SA\"><font><\/font><\/span><\/font>\u062a\u0648\u0646\u0633  <\/font><\/font><\/strong><\/font><span><strong><font face=\"Calibri\" size=\"2\">Un effort quotidien pour une information de qualit\u00e9 sur notre pays, la Tunisie. <span lang=\"EN-US\">Everyday, we contribute to <\/span>a<span lang=\"AR-SA\">better information about <\/span><span lang=\"EN-US\">our country, Tunisia<\/span><\/font><\/strong><\/span><\/p>\n<div align=\"center\" dir=\"ltr\"><font face=\"Bookman Old Style\" size=\"7\"><strong>TUNISNEWS <\/strong><\/font><\/div>\n<div align=\"center\" dir=\"ltr\"><strong><font face=\"Arial\" size=\"2\">11 \u00e8me ann\u00e9e, N\u00b04127 du 17.10.2011<\/font><\/strong><\/div>\n<div align=\"center\" dir=\"ltr\"><font face=\"Arial\" size=\"2\"><strong>archives : <\/strong><\/font><a rel=\"nofollow\"><font face=\"Arial\" size=\"2\"><strong>www.tunisnews.net<\/strong><\/font><\/a><span lang=\"FR\"><strong><font face=\"Arial\" size=\"2\"><\/font><\/strong><\/span><\/div>\n<p><font><\/font><font><font><font><\/p>\n<div dir=\"ltr\"><strong><font face=\"Arial\" size=\"2\"><\/p>\n<hr\/>\n<p><\/font><\/strong><\/div>\n<p><\/font><\/font><\/font><\/p>\n<div><strong><\/p>\n<h2 style=\"color: red;\"><font face=\"Arial\" size=\"2\">AP: Manifestation \u00e0 Tunis contre les violences salafistes<\/font><\/h2>\n<p><\/strong><\/div>\n<div><strong><font face=\"Arial\" size=\"2\">Liberation: Tunisie: vote blanc test \u00e0 sept jours d&rsquo;un scrutin historique<\/font><\/strong><\/div>\n<div><strong><\/p>\n<h2 style=\"color: red;\"><font face=\"Arial\" size=\"2\">Le Telegramme: Tunisie. Les islamistes en embuscade<\/font><\/h2>\n<p><\/strong><\/div>\n<div><strong><font face=\"Arial\" size=\"2\">Le Monde: Kamel Jendoubi, le garant des premi\u00e8res \u00e9lections du printemps arabe<\/font><\/strong><\/div>\n<div><strong><\/p>\n<h2 style=\"color: red;\"><font face=\"Arial\" size=\"2\">Kapitalis: Nessma TV demande la protection des autorit\u00e9s<\/font><\/h2>\n<p><\/strong><\/div>\n<div><strong><font face=\"Arial\" size=\"2\">Le Monde.fr: \u00ab\u00a0Persepolis\u00a0\u00bb : Satrapi exprime son \u00ab\u00a0admiration\u00a0\u00bb pour les Tunisiens<\/font><\/strong><\/div>\n<div><strong><\/p>\n<h2 style=\"color: red;\"><font face=\"Arial\" size=\"2\">Business news\u201d: Plainte d\u00e9pos\u00e9e par l\u2019IRIE contre Slim Riahi \u00e0 Gafsa<\/font><\/h2>\n<p><\/strong><\/div>\n<div><strong><\/p>\n<h2 style=\"color: red;\"><font face=\"Arial\" size=\"2\"><font>Le Temps: Mustapha Ben Ja\u00e2far (Secr\u00e9taire G\u00e9n\u00e9ral d\u2019Ettakatol) :\u00abAucune alliance avec Ennahdha\u00bb<\/font> <\/font><\/h2>\n<p><\/strong><\/div>\n<div><strong><\/p>\n<h2 style=\"color: red;\"><font face=\"Arial\" size=\"2\">L\u2019express: Mobilisation limit\u00e9e pour les indign\u00e9s du monde entier<\/font><\/h2>\n<p><\/strong><\/div>\n<div>\n<hr\/>\n<\/div>\n<div align=\"center\"><font face=\"Arial\" size=\"2\"><\/p>\n<h2 style=\"color: red;\"><font size=\"3\"><strong>Manifestation \u00e0 Tunis contre les violences salafistes<\/strong><\/font><\/h2>\n<p><\/font><\/div>\n<div align=\"center\">\n<hr\/>\n<\/div>\n<div><font face=\"Arial\" size=\"2\">16-10-11 \u00e0 18:50<\/font><\/div>\n<div><font face=\"Arial\" size=\"2\">TUNIS (AP) \u2014 Une marche rassemblant quelques milliers de personnes s&rsquo;est d\u00e9roul\u00e9e dimanche \u00e0 Tunis \u00e0 l&rsquo;appel d&rsquo;associations en r\u00e9action aux manifestations islamistes et aux actes de violence attribu\u00e9s \u00e0 des groupes salafistes ces derniers jours en Tunisie.<\/font><\/div>\n<div><font face=\"Arial\" size=\"2\">Plac\u00e9e sous le mot d&rsquo;ordre \u00ab\u00a0A\u00e2takni\u00a0\u00bb (\u00ab\u00a0donne-moi ma libert\u00e9\u00a0\u00bb ou, plus litt\u00e9ralement, \u00ab\u00a0fous-moi la paix\u00a0\u00bb), la manifestation a rassembl\u00e9 place Pasteur, pr\u00e8s du centre-ville, plus de 2.000 personnes, a-t-on constat\u00e9 sur place, dont un grand nombre d&rsquo;intellectuels et de figures du th\u00e9\u00e2tre parmi lesquelles la directrice de l&rsquo;espace Mad&rsquo;Art, Raja ben Ammar.<\/font><\/div>\n<div><font face=\"Arial\" size=\"2\">Scandant \u00ab\u00a0le peuple veut un Etat civil\u00a0\u00bb, les manifestants ont parcouru l&rsquo;avenue Mohamed V, l&rsquo;une des principales art\u00e8res de la capitale, jusqu&rsquo;au niveau \u00e0 la Place des droits de l&rsquo;Homme, sous une escorte polici\u00e8re vigilante. \u00ab\u00a0Non \u00e0 l&rsquo;extr\u00e9misme, non \u00e0 la violence, non \u00e0 la r\u00e9pression\u00a0\u00bb, \u00ab\u00a0oui pour la libert\u00e9 de presse\u00a0\u00bb, pouvait-on lire sur certaines pancartes.<\/font><\/div>\n<div><font face=\"Arial\" size=\"2\">La pr\u00e9sidente de l&rsquo;association Egalit\u00e9 et \u00e9quit\u00e9, Fa\u00efza Skandrani, a dit craindre pour la libert\u00e9 d&rsquo;expression \u00ab\u00a0menac\u00e9e par les extr\u00e9mistes\u00a0\u00bb. \u00ab\u00a0Ce qui est arriv\u00e9 \u00e0 Nessma peut arriver \u00e0 Hannibal TV (une autre cha\u00eene priv\u00e9e) et \u00e0 d&rsquo;autres m\u00e9dias\u00a0\u00bb, a-t-elle redout\u00e9.<\/font><\/div>\n<div><font face=\"Arial\" size=\"2\">D\u00e9fendant le slogan \u00ab\u00a0touche pas \u00e0 ma libert\u00e9\u00a0\u00bb, Ziad Jaziri, un jeune infographiste, a rench\u00e9ri: \u00ab\u00a0La r\u00e9volution tunisienne nous a ouvert de nouveaux horizons o\u00f9 il ne doit pas y avoir de place \u00e0 toute formes d&rsquo;extr\u00e9misme et de censure\u00a0\u00bb.<\/font><\/div>\n<div><font face=\"Arial\" size=\"2\">La marche a \u00e9t\u00e9 entach\u00e9e par un incident \u00e0 mi-parcours, lorsqu&rsquo;une jeune fille voil\u00e9e a tent\u00e9 de brandir un \u00e9criteau d\u00e9non\u00e7ant \u00ab\u00a0les valets du sionisme\u00a0\u00bb. Elle a \u00e9t\u00e9 prise \u00e0 partie par des manifestants qui l&rsquo;ont brusqu\u00e9e, la qualifiant d'\u00a0\u00bbextr\u00e9miste\u00a0\u00bb, tandis qu&rsquo;un policier est intervenu en d\u00e9chirant l&rsquo;\u00e9criteau \u00ab\u00a0pour couper court \u00e0 l&rsquo;incident\u00a0\u00bb.<\/font><\/div>\n<div><font face=\"Arial\" size=\"2\">\u00ab\u00a0Ce sont eux les vrais extr\u00e9mistes. Ils pr\u00e9tendent d\u00e9fendre la libert\u00e9 d&rsquo;expression et emp\u00eachent les autres de s&rsquo;exprimer\u00a0\u00bb, s&rsquo;est-elle insurg\u00e9e relay\u00e9e par son p\u00e8re qui l&rsquo;accompagnait.<\/font><\/div>\n<div><font face=\"Arial\" size=\"2\">Ce rassemblement de la soci\u00e9t\u00e9 civile s&rsquo;est tenu suite aux manifestations d&rsquo;islamistes qui avaient protest\u00e9 le 14 octobre dernier contre la diffusion par la cha\u00eene priv\u00e9e Nessma TV du film franco-iranien \u00ab\u00a0Persepolis\u00a0\u00bb comportant une s\u00e9quence jug\u00e9e blasph\u00e9matoire. Celle-ci repr\u00e9sentait Dieu dans le personnage d&rsquo;un vieux barbu, une incarnation proscrite en islam. Dans la soir\u00e9e, une attaque \u00e9tait perp\u00e9tr\u00e9e contre le domicile du patron de la cha\u00eene, Nabil Karoui.<\/font><\/div>\n<div><font face=\"Arial\" size=\"2\">M. Karoui a affirm\u00e9 \u00e0 l&rsquo;agence TAP que les assaillants ont d\u00e9truit ses voitures, d\u00e9fonc\u00e9 la porte d&rsquo;entr\u00e9e, saccag\u00e9 les meubles et m\u00eame tent\u00e9 de mettre le feu \u00e0 l&rsquo;int\u00e9rieur de la maison utilisant des cocktails Molotov. Il a attribu\u00e9 cette agression \u00e0 \u00ab\u00a0des partis politiques et m\u00e9diatiques\u00a0\u00bb, sans les nommer. Le parquet de Tunis a ouvert une enqu\u00eate sur ce qui est devenu \u00ab\u00a0l&rsquo;affaire Persepolis\u00a0\u00bb \u00e0 la suite de plaintes d\u00e9pos\u00e9es par plus de 100 avocats et des citoyens. AP<\/font><\/div>\n<p dir=\"ltr\">\u00a0<\/p>\n<div>\n<hr\/>\n<\/div>\n<div align=\"center\"><b><span lang=\"FR\"><\/p>\n<h2 style=\"color: red;\"><font face=\"Arial\">Tunisie: vote blanc test \u00e0 sept jours d&rsquo;un scrutin historique<\/font><\/h2>\n<p><\/span><\/b><\/div>\n<div>\n<hr\/>\n<\/div>\n<p><span lang=\"FR\"><font face=\"Arial\">La commission \u00e9lectorale tunisienne organisait dimanche un vote blanc, r\u00e9p\u00e9tition g\u00e9n\u00e9rale avant l&rsquo;\u00e9lection d&rsquo;une assembl\u00e9e constituante, scrutin historique neuf mois apr\u00e8s une r\u00e9volution populaire qui a donn\u00e9 le coup d&rsquo;envoi du \u00ab\u00a0printemps arabe\u00a0\u00bb.<\/font><\/span><\/p>\n<p><span lang=\"FR\"><font face=\"Arial\">L&rsquo;Instance sup\u00e9rieure ind\u00e9pendante des \u00e9lections (Isie) a choisi le bureau de vote de La Fayette, quartier central de la capitale et premi\u00e8re circonscription de Tunis, o\u00f9 quelque 80 listes s&rsquo;affrontent.<\/font><\/span><\/p>\n<p><span lang=\"FR\"><font face=\"Arial\">\u00ab\u00a0Ce test nous permettra de voir s&rsquo;il y a des failles et de les combler pour garantir un d\u00e9roulement du vote dans les meilleures conditions possibles\u00a0\u00bb, explique Larbi Chouika, un des 16 membres de l&rsquo;Isie, soulag\u00e9 du bon d\u00e9roulement du \u00ab\u00a0scrutin\u00a0\u00bb.<\/font><\/span><\/p>\n<p><span lang=\"FR\"><font face=\"Arial\">Une soixantaine d&rsquo;\u00e9lecteurs d\u00e9couvrent les bulletins, une grande feuille &#8212; entre les formats A4 et A3 &#8212; portant noms, logos des listes et une case blanche \u00e0 cocher (ou pas).<\/font><\/span><\/p>\n<p><span lang=\"FR\"><font face=\"Arial\">P\u00e9dagogues, les agents \u00e9lectoraux guident les votants sur le \u00ab\u00a0chemin\u00a0\u00bb de la d\u00e9mocratie: C&rsquo;est Basma, 35 ans, qui la premi\u00e8re glisse son bulletin dans l&rsquo;urne, apr\u00e8s contr\u00f4le d&rsquo;identit\u00e9 et passage dans l&rsquo;isoloir, l&rsquo;index gauche tremp\u00e9 d&rsquo;une encre bleue ind\u00e9l\u00e9bile 48 heures.<\/font><\/span><\/p>\n<p><span lang=\"FR\"><font face=\"Arial\">Sous l&rsquo;oeil d&rsquo;une grappe de journaliste, elle joue le jeu avec s\u00e9rieux. \u00ab\u00a0J&rsquo;ai l&rsquo;impression que j&rsquo;ai vraiment vot\u00e9\u00a0\u00bb, dit-elle, et refuse de d\u00e9voiler son choix. \u00ab\u00a0C&rsquo;est personnel\u00a0\u00bb.<\/font><\/span><\/p>\n<p><span lang=\"FR\"><font face=\"Arial\">Pour la premi\u00e8re fois depuis des d\u00e9cennies, les Tunisiens sont dans l&rsquo;incertitude. Le p\u00e8re de l&rsquo;ind\u00e9pendance Habib Bourguiba s&rsquo;\u00e9tait octroy\u00e9 une pr\u00e9sidence \u00e0 vie et son successeur Zine El-Abidine Ben Ali avait surpris en 2009 en ne totalisant que 89,6% des voix, son plus mauvais score&#8230;<\/font><\/span><\/p>\n<p><span lang=\"FR\"><font face=\"Arial\">Le soul\u00e8vement populaire n\u00e9 en d\u00e9cembre 2010 dans le centre d\u00e9sh\u00e9rit\u00e9 du pays et qui a emport\u00e9 le pr\u00e9sident Ben Ali le 14 janvier dernier a plong\u00e9 la Tunisie, petit pays touristique alli\u00e9 de l&rsquo;occident, dans l&rsquo;inconu.<\/font><\/span><\/p>\n<p><span lang=\"FR\"><font face=\"Arial\">Apr\u00e8s neuf mois d&rsquo;une p\u00e9riode de transition difficile, marqu\u00e9e par une grogne sociale permanente et des flamb\u00e9es de violence, les \u00e9lecteurs trancheront pour de bon dimanche prochain, face \u00e0 plus de 1.500 listes constitu\u00e9es par des partis ou des personnalit\u00e9 ind\u00e9pendantes, pour \u00e9lire les 217 membres (dont 19 \u00e0 l&rsquo;\u00e9tranger) de la future assembl\u00e9e.<\/font><\/span><\/p>\n<p><span lang=\"FR\"><font face=\"Arial\">Elle aura pour t\u00e2che de r\u00e9diger une nouvelle constitution et de former un ex\u00e9cutif qui gouvernera jusqu&rsquo;aux prochaines \u00e9lections g\u00e9n\u00e9rales.<\/font><\/span><\/p>\n<p><span lang=\"FR\"><font face=\"Arial\">Toute l&rsquo;architecture du scrutin repose sur l&rsquo;Isie, qui organise le vote et donnera les r\u00e9sultats, le minist\u00e8re de l&rsquo;Int\u00e9rieur, responsable de d\u00e9cennies de bourrages de urnes \u00e9tant \u00e9cart\u00e9 du processus.<\/font><\/span><\/p>\n<p><span lang=\"FR\"><font face=\"Arial\">La fin de campagne a \u00e9t\u00e9 marqu\u00e9e par l&rsquo;activisme parfois violent de groupes salafistes, des fondamentalistes pr\u00f4nant une application litt\u00e9rale de la charia, qui ont rassembl\u00e9 vendredi \u00e0 Tunis des milliers de manifestants venus r\u00e9clamer le respect des valeurs de l&rsquo;islam.<\/font><\/span><\/p>\n<p><span lang=\"FR\"><font face=\"Arial\">Le grand parti islamiste Ennahda, donn\u00e9 favori du scrutin dans les derniers sondages de septembre, a condamn\u00e9 toute violence et tent\u00e9 de se d\u00e9marquer des extr\u00e9mistes. Pour des observateurs, Ennahda devrait profiter d&rsquo;un d\u00e9bat impos\u00e9 sur l&rsquo;identit\u00e9 arabo-musulmane de la Tunisie, pays ancr\u00e9 depuis des si\u00e8cles dans une pratique tol\u00e9rante et ouverte de l&rsquo;islam.<\/font><\/span><\/p>\n<p><span lang=\"FR\"><font face=\"Arial\">Le score d&rsquo;Ennadha d\u00e9pendra en grande partie du rapport de force entre un p\u00f4le conservateur et religieux et un p\u00f4le moderniste, attach\u00e9 aux acquis de la femme (droit au divorce et \u00e0 l&rsquo;avortement, interdiction de la polygamie) et \u00e0 la d\u00e9fense de la la\u00efcit\u00e9.<\/font><\/span><\/p>\n<p><span lang=\"FR\"><font face=\"Arial\">Pour ne \u00ab\u00a0pas laisser la rue aux barbus\u00a0\u00bb, militants des droits de l&rsquo;homme et la\u00efcs ont appel\u00e9 via facebook \u00e0 une manifestation dimanche apr\u00e8s-midi \u00e0 Tunis.<\/font><\/span><\/p>\n<p><span lang=\"FR\"><font face=\"Arial\">Dans un caf\u00e9 de la grande avenue Bourguiba, trois jeunes femmes sont perplexes. Aucune n&rsquo;a encore de certitude \u00e0 une semaine du vote. Le\u00efla ne veut pas des islamistes qui \u00ab\u00a0veulent nous imposer leur loi\u00a0\u00bb, Fayza est tent\u00e9e par Ennahda, \u00ab\u00a0qui a les mains propres\u00a0\u00bb, Rym veut des \u00ab\u00a0gens responsables\u00a0\u00bb mais n&rsquo;est pas s\u00fbre d&rsquo;aller voter.<\/font><\/span><\/p>\n<p><span lang=\"FR\"><font face=\"Arial\"><strong>Source : \u00ab Liberation \u00bb Le 16-10-2011<\/strong><\/font><\/span><\/p>\n<p><span lang=\"FR\"><font face=\"Arial\">Lien : <\/font><a href=\"http:\/\/www.liberation.fr\/depeches\/01012365983-tunisie-vote-blanc-test-a-sept-jours-d-un-scrutin-historique\" rel=\"nofollow noopener\" target=\"_blank\"><font face=\"Arial\">http:\/\/www.liberation.fr\/depeches\/01012365983-tunisie-vote-blanc-test-a-sept-jours-d-un-scrutin-historique<\/font><\/a><\/span><\/p>\n<div>\n<hr\/>\n<\/div>\n<p align=\"center\"><b><span lang=\"FR\"><\/p>\n<h2 style=\"color: red;\"><font face=\"Arial\">Tunisie. Les islamistes en embuscade<\/font><\/h2>\n<p><\/span><\/b><\/p>\n<hr\/>\n<p>\u00a0<\/p>\n<p><b><span lang=\"FR\"><font face=\"Arial\">Dimanche prochain, les Tunisiens sont appel\u00e9s aux urnes pour \u00e9lire une assembl\u00e9e constituante. Neuf mois apr\u00e8s la r\u00e9volution du Jasmin, la Tunisie s&rsquo;est engag\u00e9e dans un processus d\u00e9mocratique unique dans le monde arabe. Mais pas sans risques.<\/font><\/span><\/b><\/p>\n<p><span lang=\"FR\"><font face=\"Arial\"><font>De notre envoy\u00e9 sp\u00e9cial \u00e0 Tunis. Dans les rues de Tunis, face aux murs o\u00f9 sont appos\u00e9s les panneaux \u00e9lectoraux, c&rsquo;est la perplexit\u00e9 qui domine. \u00abC&rsquo;est tr\u00e8s compliqu\u00e9, on n&rsquo;y comprend pas grand-chose\u00bb, observe Marwa, \u00e9tudiante en comptabilit\u00e9. Pas facile l&rsquo;apprentissage de la d\u00e9mocratie apr\u00e8s des d\u00e9cennies o\u00f9 le paysage politique se r\u00e9duisait au parti unique, le RCD de Ben Ali. \u00abAujourd&rsquo;hui, c&rsquo;est presque l&rsquo;overdose de d\u00e9mocratie\u00bb, sourit Ali Zeddini, membre de la Ligue tunisienne des Droits de l&rsquo;Homme. 110 partis (beaucoup sont des coquilles vides), 10.000 candidats, quelque 1.600 listes dont de nombreuses fantaisistes: le foisonnement d\u00e9mocratique a atteint un niveau qui d\u00e9route nombre de Tunisiens, m\u00eame s&rsquo;ils sont fiers de montrer l&rsquo;exemple aux peuples arabes.   <b>Les islamistes favoris <\/b>  \u00abUn saut dans l&rsquo;inconnu\u00bb: la \u00abune\u00bb du magazine Jeune Afrique qui s&rsquo;affiche dans les kiosques r\u00e9sume bien le sentiment des Tunisiens qui retiennent leur souffle. Jusqu&rsquo;\u00e0 pr\u00e9sent, le processus se d\u00e9roule plut\u00f4t bien, m\u00eame si l&rsquo;on sent ici quelques tensions. La police, qui a fait sa r\u00e9apparition, veille au grain. \u00c0 sept jours de ce rendez-vous \u00e9lectoral historique et crucial, la grande question est de savoir quel sera le score du parti islamite Ennahdha de Rached Ghannouchi. Combien de membres dans la future constituante sur les 218 \u00e0 \u00e9lire? Ennahdha est le favori de ces \u00e9lections. Les voix des pauvres et des ch\u00f4meurs lui sont promises. \u00ab75% des Tunisiens vont voter pour lui\u00bb, s&rsquo;enflamme notre chauffeur de taxi qui peste contre la corruption et le ch\u00f4mage en revendiquant comme mod\u00e8le la Turquie. Ici, personne ne conteste vraiment le droit aux islamistes d&rsquo;\u00eatre pr\u00e9sents dans cette \u00e9lection, m\u00eame s&rsquo;ils n&rsquo;ont pas particip\u00e9 \u00e0 la R\u00e9volution. \u00abIls ont \u00e9t\u00e9 tr\u00e8s durement r\u00e9prim\u00e9s sous Ben Ali et ils font partie du paysage, que chacun d\u00e9fende ses chances\u00bb, souligne la cin\u00e9aste Fatima Cherif.   <b>\u00abOn ne veut pas revenir en arri\u00e8re\u00bb <\/b>  Mais les islamistes font peur. Aux jeunes et aux femmes notamment. Les r\u00e9cents affrontements entre islamistes et la\u00efques \u00e0 l&rsquo;universit\u00e9 de Sousse et l&rsquo;\u00e9pisode de la cha\u00eene Nessma (*), attaqu\u00e9e par des salafistes pour avoir diffus\u00e9 le film Persepolis, ont ajout\u00e9 \u00e0 l&rsquo;inqui\u00e9tude, m\u00eame si Ennahdha les a fermement condamn\u00e9s. Les propos de Rached Ghannouchi, qui dit ne pas vouloir d&rsquo;un \u00c9tat th\u00e9ocratique, n&rsquo;ont pas vraiment rassur\u00e9. \u00abOn ne veut pas revenir en arri\u00e8re, les Tunisiens veulent \u00eatre la\u00efques\u00bb, lancent en choeur Ismaehen, Ghofirane, Mourad, Hamzi et Hamine, rencontr\u00e9s avenue de&#8230; la Libert\u00e9. Eux, ils ne savent pas encore pour qui ils vont voter, mais ils savent pour qui ils ne voteront pas. \u00abAu moins, on aura la conscience tranquille quoi qu&rsquo;il arrive\u00bb. Cette diabolisation des islamistes dont le Parti d\u00e9mocratique progressiste (centre droit) a fait son fonds de commerce n&rsquo;est-elle pas finalement contre-productive? C&rsquo;est ce que pense Mohamed Bennour, porte-parole du Forum d\u00e9mocratique pour les libert\u00e9s et le travail (centre gauche). \u00abCette querelle entre islamistes et la\u00efques est st\u00e9rile. Il faut \u00e9viter de bipolariser le d\u00e9bat. Elle ne peut pas nous aider \u00e0 construire une vraie d\u00e9mocratie\u00bb.   <b>Pas de majorit\u00e9 <\/b>  C&rsquo;est aussi l&rsquo;avis de Selma Jabbes, libraire et figure de la r\u00e9sistance \u00e0 Ben Ali. \u00abOn se braque sur cette confrontation islamistes-la\u00efques, je pense que c&rsquo;est une erreur. Il aurait \u00e9t\u00e9 plus intelligent pour certains partis de se positionner comme musulmans mod\u00e9r\u00e9s. 98% des Tunisiens sont musulmans\u00bb, rappelle-t-elle. Ennahdha est-il vraiment une menace? Une certitude: m\u00eame si ce parti arrive en t\u00eate il n&rsquo;aura pas la majorit\u00e9 \u00e0 lui tout seul. Impossible avec le mode de scrutin. Pas fous ceux qui l&rsquo;ont choisi. HichemAbdessamad, chercheur en sciences politiques, pense m\u00eame que les islamistes auront bient\u00f4t mang\u00e9 leur pain blanc. \u00abLes ennuis viendront apr\u00e8s le 23. Ils devront trouver des solutions sociales et ils n&rsquo;en n&rsquo;ont pas\u00bb. Car si l&rsquo;enjeu de ces \u00e9lections est la r\u00e9daction d&rsquo;une nouvelle constitution, la pr\u00e9occupation des Tunisiens est d&rsquo;abord \u00e9conomique. C&rsquo;est sur ce terrain que sont attendus les vainqueurs.   <\/font><i><font>* Vendredi soir, une centaine d&rsquo;hommes, d\u00e9crits par des t\u00e9moins comme des salafistes, ont attaqu\u00e9 le domicile du patron de la cha\u00eene, \u00e0 l&rsquo;issue d&rsquo;une manifestation qui a r\u00e9uni des milliers de personnes \u00e0 l&rsquo;appel de groupes extr\u00e9mistes pour r\u00e9clamer la fermeture de la cha\u00eene. <\/font><\/i><\/font><\/span><\/p>\n<p><b><span lang=\"FR\"><font face=\"Arial\">Un enjeu important pour les femmes<\/font><\/span><\/b><\/p>\n<p><span lang=\"FR\"><font face=\"Arial\">Les femmes tunisiennes ont jou\u00e9 un r\u00f4le tr\u00e8s actif pendant la R\u00e9volution. Elles s&rsquo;inqui\u00e8tent, aujourd&rsquo;hui, d&rsquo;un possible retour en arri\u00e8re si les islamistes l&#8217;emportaient. \u00c0 l&rsquo;entr\u00e9e du local de l&rsquo;Association tunisienne des femmes d\u00e9mocrates (ATFD), avenue de la Libert\u00e9, \u00e0 Tunis, une affiche de \u00abNi putes ni soumises\u00bb. Ici, on accueille les femmes victimes de violence et on d\u00e9fend leurs droits. \u00abDepuis la R\u00e9volution, on re\u00e7oit beaucoup plus de femmes. Avant, elles n&rsquo;osaient pas. On \u00e9tait consid\u00e9r\u00e9 comme un parti d&rsquo;opposition\u00bb.  <b>\u00abIls vont tout faire pour nous interdire\u00bb <\/b>  Amira Nefzaoui, 26 ans, est une des permanentes. Elle n&rsquo;y va pas par quatre chemins. \u00abOn est en opposition totale avec Ennahdha. Avant la r\u00e9volution, on a pris la d\u00e9fense de leurs militants emprisonn\u00e9s et tortur\u00e9s, mais on n&rsquo;a jamais soutenu ce parti\u00bb. Comme beaucoup de femmes, Amira craint une victoire de Ennahdha. Il faut dire que la campagne virulente que m\u00e8ne, sur internet, le parti de Ghannouchi contre l&rsquo;ATFD n&rsquo;est pas de bon augure. \u00abPour eux, on est des la\u00efques, des ath\u00e9es, des prostitu\u00e9es, on encourage l&rsquo;homosexualit\u00e9. S&rsquo;ils passent, ils vont tout faire pour nous interdire.\u00bb L&rsquo;ATFD r\u00e9clame l&rsquo;\u00e9galit\u00e9 entre filles et gar\u00e7ons dans l&rsquo;h\u00e9ritage. Insupportable pour Ennahdha. Pour autant, le radicalisme de l&rsquo;association ne fait pas forc\u00e9ment l&rsquo;unanimit\u00e9 chez toutes les femmes progressistes. Elles font remarquer, comme Selma Jabb\u00e8s, que le code de statut personnel est en beaucoup de points favorable \u00e0 la femme. \u00abContrairement \u00e0 l&rsquo;homme, la femme a son salaire pour elle-m\u00eame. Elle n&rsquo;est pas tenue d&rsquo;entretenir ses enfants ni ses parents. Les p\u00e8res doivent prendre en charge les filles jusqu&rsquo;\u00e0 ce qu&rsquo;elles se marient et les gar\u00e7ons jusqu&rsquo;\u00e0 leur majorit\u00e9. Est-ce que les femmes qui r\u00e9clament l&rsquo;\u00e9galit\u00e9 dans l&rsquo;h\u00e9ritage sont pr\u00eates \u00e0 perdre ces privil\u00e8ges?\u00bb   <b>\u00abLa Tunisie n&rsquo;est pas l&rsquo;\u00c9gypte\u00bb <\/b>  Le statut de la femme tunisienne, le plus avanc\u00e9 de tous les pays arabes, serait-il menac\u00e9 en cas de victoire des islamistes? Ali Zeddini, membre de la Ligue pour la d\u00e9fense des Droits de l&rsquo;Homme, n&rsquo;y croit pas. \u00abLa Tunisie, ce n&rsquo;est pas l&rsquo;\u00c9gypte\u00bb. Sans doute pas une remise en cause du statut mais, pour le chercheur Hichem Abdessamad, il ne fait pas de doute que \u00ables islamistes veulent une r\u00e9gression des moeurs\u00bb. Une perspective que n&rsquo;accepte pas Ines Abid, \u00e9tudiante en m\u00e9decine: \u00abSi on touche \u00e0 nos acquis, je suis pr\u00eate \u00e0 redescendre dans la rue.\u00bb <\/font><\/span><\/p>\n<p><span lang=\"FR\"><font face=\"Arial\"><strong>Source : \u00ab Telegramme.fr \u00bb Le 16-10-2011<\/strong><\/font><\/span><\/p>\n<p><span lang=\"FR\"><font face=\"Arial\">Lien. <\/font><a href=\"http:\/\/www.letelegramme.com\/ig\/generales\/france-monde\/monde\/tunisie-les-islamistes-en-embuscade-16-10-2011-1466198.php\" rel=\"nofollow noopener\" target=\"_blank\"><font face=\"Arial\">http:\/\/www.letelegramme.com\/ig\/generales\/france-monde\/monde\/tunisie-les-islamistes-en-embuscade-16-10-2011-1466198.php<\/font><\/a><\/span><\/p>\n<div>\n<hr\/>\n<\/div>\n<div>\u00a0<\/div>\n<div align=\"center\">\n<h2 style=\"color: red;\"><font face=\"Arial\"><strong>Kamel Jendoubi, le garant des premi\u00e8res \u00e9lections du printemps arabe<\/strong><\/font><\/h2>\n<\/div>\n<div align=\"center\">\n<hr\/>\n<\/div>\n<div><font face=\"Arial\" size=\"2\">15.10.11 | 11h20 <\/font><\/div>\n<div><font face=\"Arial\" size=\"2\">Le pr\u00e9sident de l&rsquo;Instance sup\u00e9rieure ind\u00e9pendante des \u00e9lections (ISIE) organise le premier scrutin libre de Tunisie. Un moment historique pour cet opposant de toujours au r\u00e9gime de l&rsquo;ancien pr\u00e9sident Ben Ali.<\/font><\/div>\n<div><font face=\"Arial\" size=\"2\">Priv\u00e9 de son passeport tunisien pendant dix ans. Interdit de territoire, m\u00eame pour assister aux obs\u00e8ques de son p\u00e8re, en 2004. Poursuivi dans le cadre d&rsquo;une instruction judiciaire aux ordres pour \u00ab\u00a0propagation de fausses nouvelles de nature \u00e0 troubler l&rsquo;ordre public\u00a0\u00bb. Militant acharn\u00e9 des droits de l&rsquo;homme, inscrit sur la liste noire des opposants exil\u00e9s en France mais figure peu connue, Kamel Jendoubi a \u00e9crit au quotidien l&rsquo;histoire de la r\u00e9sistance tunisienne contre le r\u00e8gne de l&rsquo;ancien pr\u00e9sident Zine El-Abidine Ben Ali. \u00ab\u00a0Il a donn\u00e9 vingt ans de sa vie \u00e0 la Tunisie\u00a0\u00bb, rappelle l&rsquo;historienne franco-tunisienne Sophie Bessis.<\/font><\/div>\n<div><font face=\"Arial\" size=\"2\">Aujourd&rsquo;hui, \u00e0 la t\u00eate de l&rsquo;Instance sup\u00e9rieure ind\u00e9pendante des \u00e9lections (ISIE), install\u00e9e au c\u0153ur de Tunis, &#8211; \u00ab\u00a0une entreprise de 5000 personnes\u00a0\u00bb, comme il se pla\u00eet \u00e0 le souligner -, il pr\u00e9pare les premi\u00e8res \u00e9lections libres de Tunisie, le 23 octobre, les premi\u00e8res apr\u00e8s les \u00ab\u00a0printemps arabe\u00a0\u00bb. Un enjeu majeur pour toute la r\u00e9gion. Et une t\u00e2che colossale.<\/font><\/div>\n<div><font face=\"Arial\" size=\"2\">Il a fallu convaincre le gouvernement tunisien provisoire et les partis politiques de repousser la date des \u00e9lections, fix\u00e9e \u00e0 l&rsquo;origine au 24 juillet, pour d\u00e9signer les repr\u00e9sentants de la future Assembl\u00e9e constituante dans de bonnes conditions, &#8211; ce qui lui a valu l&rsquo;hostilit\u00e9 de plusieurs chefs de partis &#8211; ; dresser de nouvelles listes \u00e9lectorales qui ne d\u00e9pendent plus du minist\u00e8re de l&rsquo;int\u00e9rieur et inciter, en plein ramadan, 3,8 millions de Tunisiens \u00e0 venir se r\u00e9inscrire ; pr\u00e9parer le scrutin pour plus de 10 000 candidats qui se pr\u00e9sentent sur 1500 listes (plus de 110 partis sont aujourd&rsquo;hui reconnus en Tunisie) ; former 4 000 ch\u00f4meurs dipl\u00f4m\u00e9s \u00e0 tenir un bureau de vote, etc. Kamel Jendoubi, 59 ans, a, selon son expression, men\u00e9 \u00ab\u00a0un travail de commando\u00a0\u00bb, tout en respectant la r\u00e8gle, transparence oblige, de d\u00e9cisions prises \u00e0 la majorit\u00e9 des deux-tiers au sein d&rsquo;une commission \u00e9lectorale plurielle. \u00ab\u00a0Nous sommes sous le regard du monde et particuli\u00e8rement des peuples arabes\u00a0\u00bb, souffle-t-il.<\/font><\/div>\n<div><font face=\"Arial\" size=\"2\">Le 17 janvier, trois jours apr\u00e8s la fuite de Ben Ali en Arabie saoudite, Kamel Jendoubi a \u00e9t\u00e9 le premier \u00e0 fouler le sol tunisien, apr\u00e8s des ann\u00e9es d&rsquo;absence forc\u00e9e. A l&rsquo;a\u00e9roport, o\u00f9 l&rsquo;attendaient avec \u00e9motion ceux qui ont combattu le r\u00e9gime avec lui, \u00e0 l&rsquo;int\u00e9rieur comme \u00e0 l&rsquo;ext\u00e9rieur, &#8211; dont la pr\u00e9sidente de la F\u00e9d\u00e9ration internationale des droits de l&rsquo;homme Souhayr Belhassen, l&rsquo;ex-deput\u00e9 Khama\u00efs Chammari, la militante Sihem Ben Sedrine, l&rsquo;avocate Radia Nasraoui\u2026-, il inscrit fi\u00e8rement \u00ab\u00a0tunisien\u00a0\u00bb sur sa fiche de police. Il refusera le poste d&rsquo;ambassadeur, puis le minist\u00e8re des affaires sociales que lui propose le gouvernement provisoire. \u00ab\u00a0Je voulais m&rsquo;imbiber de cette nouvelle Tunisie, r\u00e9apprendre la g\u00e9ographie de ce pays\u00a0\u00bb, explique-t-il.<\/font><\/div>\n<div><font face=\"Arial\" size=\"2\">Il plonge dans le chantier \u00e9lectoral, malgr\u00e9 un m\u00e9chant cancer qui le poursuit. \u00ab\u00a0Se retrouver dans un contexte compliqu\u00e9 au retour a \u00e9t\u00e9 une \u00e9preuve \u00e9norme pour lui, t\u00e9moigne sa femme, Edith, Fran\u00e7aise rencontr\u00e9e pendant les ann\u00e9es de militantisme. M\u00eame si nous avons beaucoup de chance de voir le fruit de notre combat\u00a0\u00bb. Issu d&rsquo;un milieu modeste et de parents analphab\u00e8tes, &#8211; son p\u00e8re \u00e9tait docker \u00e0 la Goulette, le port de la capitale -, a\u00een\u00e9 d&rsquo;une fratrie de neuf enfants, Kamel Jendoubi est un \u00ab\u00a0zitounien\u00a0\u00bb comme on dit \u00e0 Tunis, form\u00e9 \u00e0 la Zitouna, la grande \u00e9cole arabisante de cette ville. Mais c&rsquo;est \u00e0 Paris, o\u00f9 il arrive en 1971 pour suivre des \u00e9tudes, qu&rsquo;il commence \u00e0 militer. \u00ab\u00a0Un virus, sourit-il, et quand on l&rsquo;attrape, on ne peut plus s&rsquo;en d\u00e9barrasser\u00a0\u00bb.<\/font><\/div>\n<div><font face=\"Arial\" size=\"2\">Avec son complice de toujours, Mouhieddine Cherbib, il embrasse la cause des migrants au sein de l&rsquo;Union des travailleurs \u00e9migr\u00e9s tunisiens (UTIT) fond\u00e9e en f\u00e9vrier 1974, transform\u00e9e vingt ans plus tard en F\u00e9d\u00e9ration des Tunisiens pour une citoyennet\u00e9 des deux rives (FTCR). L&rsquo;\u00e9migration l&rsquo;am\u00e8nera aux droits de l&rsquo;homme, avec la cr\u00e9ation en 1996 du Comit\u00e9 pour le respect des libert\u00e9s et des droits de l&rsquo;homme en Tunisie (CRLDHT) qui deviendra, au fil du temps, le porte-parole de l&rsquo;opposition tunisienne, tandis qu&rsquo;\u00e0 Tunis, la crise \u00e9clate au sein de la Ligue des droits de l&rsquo;homme, autre bastion de r\u00e9sistance mais min\u00e9e par le pouvoir.<\/font><\/div>\n<div><font face=\"Arial\" size=\"2\">Les rapports avec le r\u00e9gime de Carthage se tendent de plus en plus. Lors de l&rsquo;une de ses derni\u00e8res visites sur place, Kamel Jendoubi est arr\u00eat\u00e9, interrog\u00e9 au minist\u00e8re de l&rsquo;int\u00e9rieur, puis rel\u00e2ch\u00e9. \u00ab\u00a0On ne pouvait m\u00eame plus s&rsquo;appeler au t\u00e9l\u00e9phone\u00a0\u00bb, se souvient-il. Dans une tribune parue en novembre 1996 dans Le Monde, intitul\u00e9e Am\u00e8re Tunisie, il d\u00e9nonce \u00ab\u00a0la d\u00e9rive pr\u00e9sidentielle autoritaire\u00a0\u00bb et le paravent de la lutte contre l&rsquo;int\u00e9grisme qui se paie \u00ab\u00a0par un d\u00e9ni de citoyennet\u00e9\u00a0\u00bb. Convaincu de la n\u00e9cessit\u00e9 d'\u00a0\u00bbint\u00e9grer progressivement les islamistes dans le jeu politique\u00a0\u00bb, ce la\u00efc amateur de bons vins, p\u00e8re de deux enfants, participe au rapprochement de plusieurs forces politiques en 1988, qui fera long feu.<\/font><\/div>\n<div><font face=\"Arial\" size=\"2\">Salu\u00e9 par ses amis pour sa \u00ab\u00a0rigueur\u00a0\u00bb, il porte alors le combat sur la sc\u00e8ne europ\u00e9enne. Un an apr\u00e8s la signature, en 1995, du premier accord d&rsquo;association entre l&rsquo;Union europ\u00e9enne et la Tunisie, il sensibilise les parlementaires europ\u00e9ens aux probl\u00e8mes des droits de l&rsquo;homme dans son pays. Rude bataille qui am\u00e8nera, cinq ans plus tard, le gouvernement de Ben Ali \u00e0 \u00e9mettre une loi taill\u00e9e sur mesure pour punir de cinq ans d&#8217;emprisonnement toute personne s&rsquo;avisant \u00ab\u00a0intentionnellement de porter pr\u00e9judice aux int\u00e9r\u00eats vitaux\u00a0\u00bb de la Tunisie\u2026 Kamel Jendoubi, cadre dirigeant d&rsquo;une petite entreprise de formation, est devenu la b\u00eate noire du r\u00e9gime de Ben Ali, au point que celui-ci interviendra aupr\u00e8s du palais royal du Maroc pour le faire refouler de ce pays, en octobre 2010. A la t\u00eate du R\u00e9seau euro-m\u00e9diterran\u00e9en des droits de l&rsquo;homme (REMDH), il venait y recevoir un prix.<\/font><\/div>\n<div><font face=\"Arial\" size=\"2\">Lorsque le soul\u00e8vement tunisien commence \u00e0 Sidi Bouzid, le 17 d\u00e9cembre 2010, Kamel Jendoubi n&rsquo;est pas surpris. Il conna\u00eet, pour les avoir soutenues, les \u00e9meutes survenues deux ans plus t\u00f4t dans le bassin minier de Gafsa : \u00ab\u00a0C&rsquo;\u00e9tait le point de d\u00e9part de quelque chose, le syst\u00e8me \u00e9tait en train de craquer, tous les ingr\u00e9dients \u00e9taient l\u00e0\u00a0\u00bb. Mais, ajoute-t-il, \u00ab\u00a0ce qu&rsquo;on ne voyait pas, c&rsquo;\u00e9tait le d\u00e9part de Ben Ali lui-m\u00eame. On pensait que le r\u00e9gime allait r\u00e9sister, m\u00eame au prix de massacres\u00a0\u00bb<\/font><\/div>\n<div><font face=\"Arial\" size=\"2\">Isabelle Mandraud <\/font><\/div>\n<div><font face=\"Arial\" size=\"2\"><strong>(Source: \u201cLe Monde\u201d (Quotidien \u2013 France) le 15 octobre 2011)<\/strong><\/font><\/div>\n<hr\/>\n<p align=\"center\"><b><span lang=\"EN-US\"><\/p>\n<h2 style=\"color: red;\"><font face=\"Arial\">Nessma TV demande la protection des autorit\u00e9s<\/font><\/h2>\n<p> <\/span><\/b><\/p>\n<hr\/>\n<p>\u00a0<\/p>\n<p><span lang=\"EN-US\"><font face=\"Arial\">La cha\u00eene priv\u00e9e condamne les \u00abagressions et actes criminels\u00bb qui l\u2019ont cibl\u00e9e ainsi que la personne de son Pdg, Nabil Karoui, et demande la protection des autorit\u00e9s.<\/font><\/span><\/p>\n<p><span lang=\"EN-US\"><font face=\"Arial\">Dans un communiqu\u00e9 rendu public, samedi, le personnel Nessma TV d\u00e9nonce l\u2019attaque perp\u00e9tr\u00e9e par un groupe de personnes contre les locaux de la cha\u00eene, ses journalistes et ses agents, suite \u00e0 la diffusion du film d\u2019animation franco-iranien \u2018\u2018Persepolis\u2019\u2019.<\/font><\/span><\/p>\n<p><span lang=\"EN-US\"><font face=\"Arial\">Le personnel de la cha\u00eene salue \u00e9galement les positions \u00abhonorables et de soutien\u00bb t\u00e9moign\u00e9es par les t\u00e9l\u00e9spectateurs de la cha\u00eene, les hommes libres enTunisie, les partis politiques, les organisations, les associations et les ind\u00e9pendants ainsi que toutes les personnalit\u00e9s nationales qui n\u2019ont cess\u00e9 de r\u00e9it\u00e9rer leur appui \u00e0 la cha\u00eene et \u00e0 la libert\u00e9 d\u2019opinion et d\u2019expression.<\/font><\/span><\/p>\n<p><font face=\"Arial\"><span lang=\"EN-US\"><font>Le communiqu\u00e9 rappelle qu\u2019un groupe de personnes ont mis \u00e0 ex\u00e9cution leurs menaces, apr\u00e8s avoir diffus\u00e9 via les r\u00e9seaux sociaux des appels incitant au meurtre de quiconque appartient \u00e0 la cha\u00eene Nessma TV. <\/font><\/span><span lang=\"NO-BOK\"><font>Ces derniers se sont introduits par la force, vendredi soir, dans le domicile du Pdg de la cha\u00eene, Nabil Karoui, munis de cocktails Molotov, de gourdins et d\u2019armes blanches, dans le dessein \u00abde le tuer ainsi que tous les membres de sa famille.\u00bb Ils ont cependant \u00e9t\u00e9 emp\u00each\u00e9s par des voisins de poursuivre leurs tristes besognes. Cinq d\u2019entre eux ont \u00e9t\u00e9 arr\u00eat\u00e9s par la police peu de temps.<\/font><\/span><\/font><\/p>\n<p><span lang=\"EN-US\"><font face=\"Arial\">La cha\u00eene appelle enfin les autorit\u00e9s \u00e0 garantir la protection de son personnel, journalistes, techniciens et agents, afin qu\u2019ils puissent accomplir leurmission dans les meilleures conditions.<\/font><\/span><\/p>\n<p><span lang=\"NO-BOK\"><font face=\"Arial\">On rappellera cependant que la maison de M. Karoui, au quartierla Soukra, au nord de Tunis, est gard\u00e9e par des unit\u00e9s de s\u00e9curit\u00e9 depuis vendredi soir.<\/font><\/span><\/p>\n<p><span lang=\"EN-US\"><font face=\"Arial\"><strong>Source: \u201dKapitalis\u201d Le 16-10-2011<\/strong><\/font><\/span><\/p>\n<p><font face=\"Arial\"><span lang=\"NO-BOK\"><font>Lien: <\/font><\/span><span lang=\"EN-US\"><a href=\"http:\/\/www.kapitalis.com\/kanal\/61-medias\/6353-tunisie-nessma-tv-demande-la-protection-des-autorites-.html\" rel=\"nofollow noopener\" target=\"_blank\"><span lang=\"NO-BOK\"><font>http:\/\/www.kapitalis.com\/kanal\/61-medias\/6353-tunisie-nessma-tv-demande-la-protection-des-autorites-.html<\/font><\/span><\/a><\/span><\/font><\/p>\n<div>\n<hr\/>\n<\/div>\n<div align=\"center\"><span lang=\"EN-US\"><\/p>\n<h3 style=\"color: blue;\"><font face=\"Arial\"><strong>\u00ab\u00a0Persepolis\u00a0\u00bb : Satrapi exprime son \u00ab\u00a0admiration\u00a0\u00bb pour les Tunisiens<\/strong><\/font><\/h3>\n<p><\/span><\/div>\n<div>\n<hr\/>\n<\/div>\n<p><span lang=\"EN-US\"><font face=\"Arial\">La r\u00e9alisatrice franco-iranienne Marjane Satrapi, dont le film <em>Persepolis<\/em> a \u00e9t\u00e9 violemment attaqu\u00e9 par des islamistes tunisiens, a affirm\u00e9 <em>\u00ab\u00a0admirer\u00a0\u00bb<\/em> le peuple tunisien qui a donn\u00e9 le coup d&rsquo;envoi au <em>\u00ab\u00a0printemps arabe\u00a0\u00bb<\/em>.<\/font><\/span><\/p>\n<p><font face=\"Arial\"><span lang=\"EN-US\"><font>Des milliers de personnes, dont des salafistes, <\/font><\/span><font><span lang=\"NO-BOK\"><a href=\"http:\/\/www.lemonde.fr\/tunisie\/article\/2011\/10\/09\/une-chaine-tunisienne-attaquee-par-des-islamistes-pour-avoir-diffuse-persepolis_1584656_1466522.html\" rel=\"nofollow noopener\" target=\"_blank\"><span lang=\"EN-US\"><font>ont manifest\u00e9 vendredi \u00e0 Tunis<\/font><\/span><\/a><\/span><span lang=\"EN-US\"> pour <\/span><span lang=\"NO-BOK\"><a href=\"http:\/\/conjugaison.lemonde.fr\/conjugaison\/search?verb=d%C3%A9noncer\" rel=\"nofollow noopener\" target=\"_blank\"><span lang=\"EN-US\"><font>d\u00e9noncer<\/font><\/span><\/a><\/span><span lang=\"EN-US\"> la diffusion par la cha\u00eene priv\u00e9e Nessma du film <em>Persepolis<\/em>, dont une s\u00e9quence repr\u00e9sente Dieu sous les traits d&rsquo;un vieillard barbu, ce que l&rsquo;islam proscrit. <\/span><\/font><span lang=\"NO-BOK\"><font><a href=\"http:\/\/www.lemonde.fr\/tunisie\/article\/2011\/10\/15\/diffusion-de-persepolis-en-tunisie-la-maison-du-pdg-de-nessma-tv-attaquee_1588212_1466522.html\" rel=\"nofollow noopener\" target=\"_blank\"><font>Le domicile du PDG de la cha\u00eene a par ailleurs \u00e9t\u00e9 attaqu\u00e9<\/font><\/a> vendredi soir par <em>\u00ab\u00a0un groupe d&rsquo;une centaine d&rsquo;hommes\u00a0\u00bb<\/em>, selon la cha\u00eene.<\/font><\/span><\/font><\/p>\n<p><strong><span lang=\"EN-US\"><font face=\"Arial\">\u00ab\u00a0UN PEUPLE QUI AVANCE\u00a0\u00bb<\/font><\/span><\/strong><\/p>\n<p><font face=\"Arial\"><em><span lang=\"EN-US\"><font>\u00ab\u00a0Toutes les r\u00e9volutions passent par des moments difficiles. Mon film a \u00e9t\u00e9 projet\u00e9 plusieurs fois en Tunisie, mais cette fois c&rsquo;\u00e9tait dans un contexte \u00e9lectoral \u00e9lectrique\u00a0\u00bb<\/font><\/span><\/em><font><span lang=\"EN-US\">, a d\u00e9clar\u00e9 Marjane Satrapi en marge du festival du film d&rsquo;<\/span><span lang=\"NO-BOK\"><a href=\"http:\/\/www.lemonde.fr\/sujet\/91ee\/abou-dhabi.html\" rel=\"nofollow noopener\" target=\"_blank\"><span lang=\"EN-US\"><font>Abou Dhabi<\/font><\/span><\/a><\/span><span lang=\"EN-US\">, o\u00f9 elle pr\u00e9sentait son nouveau film <em>\u00ab\u00a0Poulet aux prunes\u00a0\u00bb<\/em>, qui raconte l&rsquo;histoire d&rsquo;un joueur de tar, un instrument de musique traditionnel iranien, qui d\u00e9cide de se <\/span><span lang=\"NO-BOK\"><a href=\"http:\/\/conjugaison.lemonde.fr\/conjugaison\/search?verb=laisser\" rel=\"nofollow noopener\" target=\"_blank\"><span lang=\"EN-US\"><font>laisser<\/font><\/span><\/a><a href=\"http:\/\/conjugaison.lemonde.fr\/conjugaison\/search?verb=mourir\" rel=\"nofollow noopener\" target=\"_blank\"><span lang=\"EN-US\"><font>mourir<\/font><\/span><\/a><\/span><\/font><span lang=\"EN-US\"><font> apr\u00e8s que sa femme lui eut cass\u00e9 son instrument lors d&rsquo;une rixe conjugale.<\/font><\/span><\/font><\/p>\n<p><font face=\"Arial\"><em><span lang=\"EN-US\"><font>\u00ab\u00a0La seule chose que je voudrais <\/font><\/span><\/em><font><em><span lang=\"NO-BOK\"><a href=\"http:\/\/conjugaison.lemonde.fr\/conjugaison\/search?verb=dire\" rel=\"nofollow noopener\" target=\"_blank\"><span lang=\"EN-US\"><font>dire<\/font><\/span><\/a><\/span><span lang=\"EN-US\">, c&rsquo;est que le peuple tunisien est un peuple qui avance, les Tunisiens \u00e9taient les premiers \u00e0 <\/span><span lang=\"NO-BOK\"><a href=\"http:\/\/conjugaison.lemonde.fr\/conjugaison\/search?verb=faire\" rel=\"nofollow noopener\" target=\"_blank\"><span lang=\"EN-US\"><font>faire<\/font><\/span><\/a><a href=\"http:\/\/conjugaison.lemonde.fr\/conjugaison\/search?verb=partir\" rel=\"nofollow noopener\" target=\"_blank\"><span lang=\"EN-US\"><font>partir<\/font><\/span><\/a><\/span><span lang=\"EN-US\"> le dictateur. Je voudrais <\/span><span lang=\"NO-BOK\"><a href=\"http:\/\/conjugaison.lemonde.fr\/conjugaison\/search?verb=dire\" rel=\"nofollow noopener\" target=\"_blank\"><span lang=\"EN-US\"><font>dire<\/font><\/span><\/a><\/span><span lang=\"EN-US\"> mon admiration pour le peuple tunisien\u00a0\u00bb<\/span><\/em><\/font><span lang=\"EN-US\"><font>, a encore dit la r\u00e9alisatrice.<\/font><\/span><\/font><\/p>\n<p><font face=\"Arial\"><span lang=\"EN-US\"><font>Les Tunisiens sont appel\u00e9s \u00e0 <\/font><\/span><font><span lang=\"NO-BOK\"><a href=\"http:\/\/conjugaison.lemonde.fr\/conjugaison\/search?verb=%C3%A9lire\" rel=\"nofollow noopener\" target=\"_blank\"><span lang=\"EN-US\"><font>\u00e9lire<\/font><\/span><\/a><\/span><span lang=\"EN-US\"> une Assembl\u00e9e constituante le 23 octobre, premier scrutin depuis la chute du r\u00e9gime de Zine El <\/span><span lang=\"NO-BOK\"><a href=\"http:\/\/www.lemonde.fr\/sujet\/f14e\/abidine-ben.html\" rel=\"nofollow noopener\" target=\"_blank\"><span lang=\"EN-US\"><font>Abidine Ben<\/font><\/span><\/a><\/span><\/font><span lang=\"EN-US\"><font> Ali le 14 janvier.<\/font><\/span><\/font><\/p>\n<p><span lang=\"EN-US\"><font face=\"Arial\"><strong>Source: \u201cLe Monde.fr\u201d Le 16-10-2011<\/strong><\/font><\/span><\/p>\n<p><span lang=\"NO-BOK\"><font face=\"Arial\">Lien: <\/font><a href=\"http:\/\/www.lemonde.fr\/tunisie\/article\/2011\/10\/16\/persepolis-satrapi-exprime-son-admiration-pour-les-tunisiens_1588620_1466522.html\" rel=\"nofollow noopener\" target=\"_blank\"><font face=\"Arial\">http:\/\/www.lemonde.fr\/tunisie\/article\/2011\/10\/16\/persepolis-satrapi-exprime-son-admiration-pour-les-tunisiens_1588620_1466522.html<\/font><\/a><\/span><\/p>\n<div>\n<hr\/>\n<\/div>\n<p align=\"center\"><b><span lang=\"NO-BOK\"><\/p>\n<h3 style=\"color: blue;\"><font face=\"Arial\">Plainte d\u00e9pos\u00e9e par l\u2019IRIE contre Slim Riahi \u00e0 Gafsa<\/font><\/h3>\n<p> <\/span><\/b><\/p>\n<hr\/>\n<p>\u00a0<\/p>\n<p><span lang=\"NO-BOK\"><font face=\"Arial\">Par Imen Nouira <\/font><\/span><\/p>\n<p><span lang=\"NO-BOK\"><font face=\"Arial\">Une plainte a \u00e9t\u00e9 d\u00e9pos\u00e9e par l&rsquo;Instance r\u00e9gionale ind\u00e9pendante pour les \u00e9lections (IRIE) de Gafsa \u00e0 l\u2019encontre de Slim Riahi, pr\u00e9sident de l&rsquo;Union Patriotique Libre (UPL) \u00e0 cause de certaines infractions \u00e0 la loi dans le cadre la campagne \u00e9lectorale. Ainsi, le procureur du tribunal de premi\u00e8re instance de Gafsa a d\u00e9cid\u00e9 d&rsquo;ouvrir une enqu\u00eate.  En effet, et selon une d\u00e9claration de Me Lassa\u00e2d Fattehi, membre de l\u2019IRIE de Gafsa, \u00e0 Shems Fm, l\u2019UPL a commis plusieurs violations de la loi notamment concernant les articles 38, 75, 76 et 79. M. Fattehi mentionne 2 personnes impliqu\u00e9es dans la distribution de sondage d\u2019opinion pour le compte de l\u2019UPL \u00e0 la facult\u00e9 de Gasfa. <\/font><\/span><font face=\"Arial\"><font><span lang=\"EN-US\">M. Riahi est poursuit dans ce cadre car il est le responsable juridique du parti. L\u2019avocat mentionne \u00e9galement d\u2019autres violations commises par Slim Riahi lui-m\u00eame lors de sa visite \u00e0 Gafsa le 8 octobre 2011, notamment le fait d\u2019avoir attaqu\u00e9 verbalement d\u2019autres partis politiques.  <\/span><\/font><span lang=\"NO-BOK\"><font>Lassaad Fattehi a pr\u00e9cis\u00e9 que M. Riahi risque entre 1 mois et 5 ans de prison selon la loi \u00e9lectorale. <\/font><\/span><\/font><\/p>\n<p><span lang=\"EN-US\"><font face=\"Arial\"><strong>Source: \u201dBusiness news\u201d Le 16-10-2011<\/strong><\/font><\/span><\/p>\n<p><span lang=\"NO-BOK\"><font face=\"Arial\">Lien: <\/font><a href=\"http:\/\/www.businessnews.com.tn\/Tunisie-\u00c2\u2013-Plainte-d\u00c3\u00a9pos\u00c3\u00a9e-par-l\u00c2\u2019IRIE-contre-Slim-Riahi-\u00c3\u00a0-Gafsa,520,27120,3\" rel=\"nofollow noopener\" target=\"_blank\"><font face=\"Arial\">http:\/\/www.businessnews.com.tn\/Tunisie-%C3%82%E2%80%93-Plainte-d%C3%83%C2%A9pos%C3%83%C2%A9e-par-l%C3%82%E2%80%99IRIE-contre-Slim-Riahi-%C3%83%C2%A0-Gafsa,520,27120,3<\/font><\/a><\/span><\/p>\n<p>\u00a0<\/p>\n<hr\/>\n<div align=\"center\">\n<h3 style=\"color: blue;\"><font face=\"Arial\"><strong>Mustapha Ben Ja\u00e2far (Secr\u00e9taire G\u00e9n\u00e9ral d\u2019Ettakatol):<\/strong><\/font><\/h3>\n<div align=\"center\">\u00a0<\/div>\n<h3 style=\"color: blue;\"><font face=\"Arial\"><strong>\u00abAucune alliance avec Ennahdha\u00bb<\/strong><\/font><\/h3>\n<\/p><\/div>\n<div align=\"center\">\n<hr\/>\n<\/div>\n<div><font face=\"Arial\" size=\"2\">Par Hassine BOUAZRA <\/font><\/div>\n<div><font face=\"Arial\" size=\"2\">A une semaine du rendez-vous \u00e9lectoral de la Constituante du 23 octobre courant, Mustapha Ben J\u00e2afar, secr\u00e9taire g\u00e9n\u00e9ral du Front D\u00e9mocratique pour le Travail et les Libert\u00e9s (FDTL), plus connu sous le nom Ettakatol, a donn\u00e9 des \u00e9clairages sur les intentions de son parti apr\u00e8s les \u00e9lections.<\/font><\/div>\n<div><font face=\"Arial\" size=\"2\">Apr\u00e8s un vibrant hommage rendu aux h\u00e9ros de la bataille de l\u2019\u00e9vacuation contre l\u2019arm\u00e9e fran\u00e7aise \u00e0 Bizerte, Mustapha Ben J\u00e2afar rappelle que la Tunisie s\u2019appr\u00eate \u00e0 vivre, dimanche prochain, un moment historique avec les premi\u00e8res \u00e9lections d\u00e9mocratiques et plurielles qui jetteront les bases de la nouvelle Tunisie.<\/font><\/div>\n<div><font face=\"Arial\" size=\"2\">Pour que ces \u00e9lections r\u00e9ussissent, il appelle \u00ab toutes les forces politiques en comp\u00e9tition \u00e0 respecter la r\u00e8gle du jeu et la morale dans leurs rapports les uns aux autres \u00bb, sans oublier les organes d\u2019information qui doivent faire preuve de rigueur, de neutralit\u00e9 et de responsabilit\u00e9. L\u2019\u00e9tape actuelle est tr\u00e8s sensible, il vaut mieux \u00e9viter les provocations du sacr\u00e9 et tout ce qui est de nature \u00e0 perturber le climat \u00e9lectoral.<\/font><\/div>\n<div><font face=\"Arial\" size=\"2\">Durant l\u2019ann\u00e9e qui suivra les \u00e9lections, Ettakatol, comme toujours, campera sur ses principes et son projet de soci\u00e9t\u00e9 moderniste, la sauvegarde des acquis, l\u2019\u00e9galit\u00e9 hommes-femmes, les libert\u00e9s\u2026 Ce sont des positions en harmonie avec la soci\u00e9t\u00e9 tunisienne connue pour sa mod\u00e9ration. En cette p\u00e9riode de campagne \u00e9lectorale, certains veulent exploiter la situation pour diviser le pays sur la question de l\u2019identit\u00e9. D\u2019autres travaillent en secret pour saborder la transition d\u00e9mocratique parce qu\u2019ils ont peur des r\u00e8glements de compte apr\u00e8s le 23 octobre. Mustapha Ben J\u00e2afar est contre la chasse aux sorci\u00e8res et esp\u00e8re que le pays passe le plus vite possible \u00e0 une r\u00e9conciliation s\u00e9rieuse apr\u00e8s les proc\u00e8s de ceux qui ont caus\u00e9 du mal au pays.<\/font><\/div>\n<div><font face=\"Arial\" size=\"2\">Allant contre le courant g\u00e9n\u00e9ral, Ettakatol, consid\u00e8re que \u00ab le jour o\u00f9 d\u00e9marreront les travaux de la Constituante, tout va changer \u00bb.<\/font><\/div>\n<div><font face=\"Arial\" size=\"2\">Ettakatol qui a \u00e9t\u00e9 le premier parti \u00e0 pr\u00e9senter son programme et ses finances, \u00e9taye ce qu\u2019il compte faire apr\u00e8s le 23 octobre.<\/font><\/div>\n<div><font face=\"Arial\" size=\"2\">\u00ab Malgr\u00e9 toutes les rumeurs, nous disons qu\u2019il n\u2019y a pas d\u2019alliances ni avant ni apr\u00e8s les \u00e9lections, ni avec Ennahdha, ni avec une autre force politique \u00bb, dira Mustapha Ben J\u00e2afar.<\/font><\/div>\n<div><font face=\"Arial\" size=\"2\">Le 23 octobre, face \u00e0 1600 listes, l\u2019\u00e9lecteur aura d\u00e9j\u00e0 du mal \u00e0 se retrouver, raison de plus pour ne pas lui compliquer davantage les choses avec des alliances.<\/font><\/div>\n<div><font face=\"Arial\" size=\"2\">Le 23 octobre la carte politique sera conforme \u00e0 la r\u00e9alit\u00e9.<\/font><\/div>\n<div><font face=\"Arial\" size=\"2\">Apr\u00e8s cette date la Constituante aura deux missions \u00e0 ne pas confondre.<\/font><\/div>\n<div><font face=\"Arial\" size=\"2\">La premi\u00e8re est la r\u00e9daction de la Constitution. Dans ce domaine \u00ab nous d\u00e9fendrons avec force notre projet moderniste et de libert\u00e9s, dans le cadre de notre identit\u00e9 arabo-musulmane et ouverte, ainsi que la consolidation des acquis pour plus de libert\u00e9s et de justice. L\u00e0 il y aura des d\u00e9bats point par point. Dans chaque cas Ettakatol sera d\u2019accord avec les uns et une autre fois avec les autres.<\/font><\/div>\n<div><font face=\"Arial\" size=\"2\">La deuxi\u00e8me mission qui se pr\u00e9sente apr\u00e8s le 23 octobre concerne la direction des affaires du pays. La Constituante va \u00e9lire un pr\u00e9sident qui nommera un chef de gouvernement.<\/font><\/div>\n<div><font face=\"Arial\" size=\"2\">Ce gouvernement qu\u2019Ettakatol, qualifie de \u00ab Gouvernement d\u2019int\u00e9r\u00eat national \u00bb auquel il compte y participer aura comme priorit\u00e9s d\u2019assurer la s\u00e9curit\u00e9, la stabilit\u00e9 sociale et d\u2019\u00e9viter tout ce qui peut perturber le travail de la Constituante, durant une ann\u00e9e.<\/font><\/div>\n<div><font face=\"Arial\" size=\"2\">\u00ab La composition de ce gouvernement doit \u00eatre le r\u00e9sultat d\u2019un consensus le plus large possible \u00bb, dira le secr\u00e9taire g\u00e9n\u00e9ral d\u2019Ettakatol qui consid\u00e8re que le consensus est le meilleur sc\u00e9nario qui permet au pays d\u2019\u00e9viter la bipolarisation. Ce qui n\u2019exclut pas Ennahdha au cas o\u00f9 le peuple la choisit.<\/font><\/div>\n<div><font face=\"Arial\" size=\"2\">Il consid\u00e8re que le gouvernement prochain ne doit pas r\u00e9pondre aux crit\u00e8res classiques minorit\u00e9 et majorit\u00e9, car le pays passe par une situation sp\u00e9ciale pleine de dangers.<\/font><\/div>\n<div><font face=\"Arial\" size=\"2\">Apr\u00e8s une ann\u00e9e et l\u2019adoption d\u2019une nouvelle Constitution, nous aurons des \u00e9lections. A ce moment le sch\u00e9ma classique majorit\u00e9 minorit\u00e9 pourra \u00eatre appliqu\u00e9.<\/font><\/div>\n<div><font face=\"Arial\" size=\"2\">Le monde entier observe la Tunisie qui doit devenir un mod\u00e8le gr\u00e2ce \u00e0 des \u00e9lections transparentes, d\u00e9mocratiques qui ne souffriront pas de remise en question.<\/font><\/div>\n<div><font face=\"Arial\" size=\"2\">Le peuple tunisien qui a des traditions de mod\u00e9ration n\u2019acceptera pas le retour en arri\u00e8re.<\/font><\/div>\n<div><font face=\"Arial\" size=\"2\">Il faut que la volont\u00e9 de rupture avec l\u2019ancien r\u00e9gime soit claire.<\/font><\/div>\n<div><font face=\"Arial\" size=\"2\">Ettakatol est contre un gouvernement de technocrates, tout en reconnaissant que le pays a besoin d\u2019eux. La responsabilit\u00e9 politique doit revenir aux hommes politiques.<\/font><\/div>\n<div><font face=\"Arial\" size=\"2\">Mustpaha Ben J\u00e2afar consid\u00e8re que la meilleure solution pour le pays est \u00ab l\u2019unit\u00e9 pour une ann\u00e9e \u00bb.<\/font><\/div>\n<div><font face=\"Arial\" size=\"2\">Rappelant qu\u2019il n\u2019a pas d\u2019ennemis mais des adversaires, Mustapha Ben Ja\u00e2far est tr\u00e8s optimiste pour les r\u00e9sultats du 23 octobre. Il ambitionne et vise pour son parti d\u2019\u00eatre \u00e0 la premi\u00e8re place.<\/font><\/div>\n<div><font face=\"Arial\" size=\"2\">\u00ab Progressivement, l\u2019exp\u00e9rience p\u00e9dagogique de la d\u00e9mocratie s\u2019approfondira. Et la Tunisie ne ratera pas son virage historique \u00bb, conclura \u2013t-il.<\/font><\/div>\n<div><font face=\"Arial\" size=\"2\"><strong>Source: \u00ab\u00a0Le Temps\u00a0\u00bb Le 16-10-2011<\/strong><\/font><\/div>\n<div><font face=\"Arial\" size=\"2\"><strong>Lien:<a href=\"http:\/\/www.letemps.com.tn\/article-59850.html\" target=\"_blank\" rel=\"noopener\">http:\/\/www.letemps.com.tn\/article-59850.html<\/a><\/strong><\/font> <\/div>\n<div>\n<hr\/>\n<\/div>\n<p align=\"center\"><b><span lang=\"FR\"><\/p>\n<h3 style=\"color: blue;\"><font face=\"Arial\">Mobilisation limit\u00e9e pour les indign\u00e9s du monde entier<\/font><\/h3>\n<p> <\/span><\/b><\/p>\n<hr\/>\n<p>\u00a0<\/p>\n<p><b><span lang=\"FR\"><font face=\"Arial\">Appel\u00e9s \u00e0 protester contre l&rsquo;impunit\u00e9 des banques, les indign\u00e9s de tous les continents \u00e9taient appel\u00e9s \u00e0 protester ce samedi. Mais les foules n&rsquo;\u00e9taient pas toujours au rendez-vous. <\/font><\/span><\/b><\/p>\n<p><span lang=\"FR\"><font><font face=\"Arial\">Ils ont pouss\u00e9 leur cri. Des milliers d'\u00a0\u00bbindign\u00e9s\u00a0\u00bb <\/font><font><a href=\"http:\/\/www.lexpress.fr\/actualite\/monde\/les-indignes-manifestent-a-l-echelle-planetaire_1041007.html\" rel=\"nofollow noopener\" target=\"_blank\"><font face=\"Arial\">se sont mobilis\u00e9s samedi \u00e0 travers le monde<\/font><\/a><font face=\"Arial\"> \u00e0 l&rsquo;appel du mouvement <i>Occupy Wall Street<\/i> pour<\/font><a href=\"http:\/\/www.lexpress.fr\/actualite\/monde\/les-indignes-vont-ils-mobiliser-le-monde_1040944.html\" rel=\"nofollow noopener\" target=\"_blank\"><font face=\"Arial\"> d\u00e9noncer l&rsquo;impunit\u00e9 dont b\u00e9n\u00e9ficient \u00e0 leurs yeux banques<\/font><\/a><\/font><font face=\"Arial\"> et monde politique face aux sacrifices consentis par les populations pour cause d&rsquo;aust\u00e9rit\u00e9. <\/font><\/font><\/span><\/p>\n<p><span lang=\"FR\"><font><font face=\"Arial\">Inspir\u00e9s par les r\u00e9volutions arabes et <\/font><font><a href=\"http:\/\/www.lexpress.fr\/24henimage\/la-puerta-del-sol-occupee_996173.html\" rel=\"nofollow noopener\" target=\"_blank\"><font face=\"Arial\">les <i>indignados<\/i> pr\u00e9curseurs de Madrid<\/font><\/a><\/font><font face=\"Arial\">, les premiers manifestants ont d\u00e9fil\u00e9 en Nouvelle-Z\u00e9lande et dans quelques r\u00e9gions d&rsquo;Asie, suivis par les Europ\u00e9ens, avant de laisser la place aux New-Yorkais. <\/font><\/font><\/span><\/p>\n<p><span lang=\"FR\"><font><font face=\"Arial\">Selon <\/font><font><a href=\"http:\/\/15october.net\/\" rel=\"nofollow noopener\" target=\"_blank\"><font face=\"Arial\">le r\u00e9seau 15october.net<\/font><\/a><\/font><font face=\"Arial\">, qui recense les appels \u00e0 manifester, des rassemblements \u00e9taient pr\u00e9vus dans 951 villes \u00e0 travers 82 pays. <\/font><\/font><\/span><\/p>\n<p><span lang=\"FR\"><font face=\"Arial\">La plupart des rassemblements sont cepebdant rest\u00e9s relativement limit\u00e9s, \u00e0 l&rsquo;exception notable de <b>Rome<\/b> o\u00f9 un cort\u00e8ge de dizaines de milliers de manifestants s&rsquo;est \u00e9tir\u00e9 sur plusieurs kilom\u00e8tres. La manifestation a bascul\u00e9 dans la violence quand plusieurs centaines d&rsquo;\u00e9meutiers ont affront\u00e9 les forces de l&rsquo;ordre dans le centre de la capitale. <\/font><\/span><\/p>\n<p><span lang=\"FR\"><font face=\"Arial\">Environ 40 000 personnes se sont \u00e9galement mobilis\u00e9es au <b>Portugal<\/b>, une moiti\u00e9 \u00e0 Lisbonne, l&rsquo;autre \u00e0 Porto, deux jours apr\u00e8s l&rsquo;annonce par le gouvernement de centre droit de nouvelles mesures d&rsquo;aust\u00e9rit\u00e9. <\/font><\/span><\/p>\n<p><span lang=\"FR\"><font><font face=\"Arial\">En <b>France<\/b>, o\u00f9 se tenait parall\u00e8lement la r\u00e9union des ministres des Finances du G20, au pays de St\u00e9phane Hessel, auteur d&rsquo;Indignez-vous, qui a donn\u00e9 son nom au mouvement \u00e0 travers le monde, <\/font><font><a href=\"http:\/\/www.lexpress.fr\/actualite\/politique\/mobilisation-limitee-pour-les-indignes-francais_1041027.html\" rel=\"nofollow noopener\" target=\"_blank\"><font face=\"Arial\">la mobilisation est rest\u00e9e limit\u00e9e<\/font><\/a><\/font><font face=\"Arial\">.<\/font><\/font><\/span><\/p>\n<p><span lang=\"FR\"><font face=\"Arial\">En Espagne, des rassemblements nocturnes \u00e9taient pr\u00e9vus dans une soixantaine de villes. La foule s&rsquo;est mass\u00e9e \u00e0 la nuit tomb\u00e9e sur la Puerta del Sol, \u00e0 Madrid, o\u00f9 les<i>indignados<\/i> avaient entam\u00e9 leur mouvement en mai dernier, et des milliers de personnes se sont aussi rassembl\u00e9es \u00e0 Barcelone. <\/font><\/span><\/p>\n<p><b><span lang=\"FR\"><font face=\"Arial\">\u00ab\u00a0Le peuple a une voix\u00a0\u00bb<\/font><\/span><\/b><\/p>\n<p><span lang=\"FR\"><font face=\"Arial\">En <b>Gr\u00e8ce<\/b>, 4000 manifestants se sont \u00e0 nouveau donn\u00e9 rendez-vous sur la place Syntagma, point central des manifestations qui se succ\u00e8dent depuis des mois contre la cure d&rsquo;aust\u00e9rit\u00e9 sans pr\u00e9c\u00e9dent que conna\u00eet le pays. <\/font><\/span><\/p>\n<p><span lang=\"FR\"><font face=\"Arial\">En <b>Allemagne<\/b>, les d\u00e9fil\u00e9s ont rassembl\u00e9 des milliers de contestataires \u00e0 Berlin, Hambourg, Leipzig, et devant le si\u00e8ge de la Banque centrale europ\u00e9enne \u00e0 Francfort. Des manifestants se sont \u00e9galement group\u00e9s sur Paradeplatz, la grande place de Zurich, capitale financi\u00e8re de la Suisse. <\/font><\/span><\/p>\n<p><span lang=\"FR\"><font face=\"Arial\">A <b>Londres<\/b>, quelque 2 000 personnes se sont r\u00e9unies devant la cath\u00e9drale St Paul, dans la City. Joe Dawson, un ancien d\u00e9veloppeur de produits \u00e0 la banque Barclays \u00e2g\u00e9 de 31 ans, \u00e9tait accompagn\u00e9 de ses deux enfants de 10 et 8 ans pour leur montrer que \u00ab\u00a0le peuple a une voix\u00a0\u00bb. \u00ab\u00a0Je ne suis plus passif d\u00e9sormais, et je ne veux pas qu&rsquo;ils le soient. J&rsquo;ai quatre emplois \u00e0 temps partiel. Je prends n&rsquo;importe quoi\u00a0\u00bb, a-t-il expliqu\u00e9. <\/font><\/span><\/p>\n<p><span lang=\"FR\"><font face=\"Arial\">Le fondateur du site WikiLeaks, Julian Assange, s&rsquo;est adress\u00e9 \u00e0 la foule. \u00ab\u00a0J&rsquo;esp\u00e8re que ce mouvement aboutira au m\u00eame processus que ce que nous avons vu \u00e0 New York, au Caire et en Tunisie\u00a0\u00bb, a-t-il dit. <\/font><\/span><\/p>\n<p><b><span lang=\"FR\"><font face=\"Arial\">D\u00e9fil\u00e9 \u00e0 Los Angeles<\/font><\/span><\/b><\/p>\n<p><span lang=\"FR\"><font face=\"Arial\">A <b>New York<\/b>, 5 000 personnes ont d\u00e9fil\u00e9 en direction de Times Square, o\u00f9 des indign\u00e9s campent depuis le 17 septembre. \u00ab\u00a0On a \u00e9t\u00e9 liquid\u00e9s, les banques ont \u00e9t\u00e9 secourues!\u00a0\u00bb, ont-ils scand\u00e9. La police a annonc\u00e9 l&rsquo;arrestation de 69 personnes, dont 42 ont \u00e9t\u00e9 interpell\u00e9es pour avoir bloqu\u00e9 un trottoir. Certains ont fait valoir le manque de place entre le cordon de policiers anti-\u00e9meutes qui se dressait face \u00e0 eux et les autres manifestants qui se pressaient derri\u00e8re. Cinq mille personnes ont \u00e9galement d\u00e9fil\u00e9 dans les rues de Los Angeles avant un rassemblement devant l&rsquo;H\u00f4tel de Ville. <\/font><\/span><\/p>\n<p><span lang=\"FR\"><font face=\"Arial\">A <b>Melbourne<\/b>, o\u00f9 \u00e9tait donn\u00e9 le coup d&rsquo;envoi de cette journ\u00e9e de mobilisation mondiale, un millier de personnes se sont r\u00e9unies sur une place du centre-ville. Quelque 2 000 manifestants, des repr\u00e9sentants de la communaut\u00e9 aborig\u00e8ne, des syndicalistes et des militants communistes, se sont \u00e9galement rassembl\u00e9s \u00e0 Sydney. <\/font><\/span><\/p>\n<p><span lang=\"FR\"><font face=\"Arial\">Les manifestations sont rest\u00e9es limit\u00e9es \u00e0 quelques centaines de personnes en <b>Asie<\/b>, de Tokyo \u00e0 Manille, Taipeh ou Hong Kong. <\/font><\/span><\/p>\n<p><span lang=\"FR\"><font face=\"Arial\"><strong>Source : \u00ab L\u2019express.fr \u00bb Le 16-10-2011<\/strong><\/font><\/span><\/p>\n<p><span lang=\"FR\"><font face=\"Arial\">Lien : <\/font><a href=\"http:\/\/www.lexpress.fr\/actualite\/monde\/mobilisation-limitee-pour-les-indignes-du-monde-entier_1041092.html\" rel=\"nofollow noopener\" target=\"_blank\"><font face=\"Arial\">http:\/\/www.lexpress.fr\/actualite\/monde\/mobilisation-limitee-pour-les-indignes-du-monde-entier_1041092.html<\/font><\/a><\/span><\/p>\n<\/div>\n<p><\/body><\/body><\/html><\/p>","protected":false},"excerpt":{"rendered":"<p>\u0641\u064a\u0643\u0644\u064a\u0648\u0645\u060c\u0646\u0633\u0627\u0647\u0645 \u0628\u062c\u0647\u062f\u0646\u0627 \u0641\u064a \u062a\u0642\u062f\u064a\u0645\u0625\u0639\u0644\u0627\u0645 \u0623\u0641\u0636\u0644 \u0648\u0623\u0631\u0642\u0649 \u0639\u0646\u0628\u0644\u062f\u0646\u0627\u060c\u062a\u0648\u0646\u0633 Un effort quotidien pour une information de qualit\u00e9 sur notre pays, la Tunisie. Everyday, we contribute to abetter information about our country, Tunisia TUNISNEWS 11 \u00e8me ann\u00e9e, N\u00b04127 du 17.10.2011 archives : www.tunisnews.net AP: Manifestation \u00e0 Tunis contre les violences salafistes Liberation: Tunisie: vote blanc test \u00e0 sept [&hellip;]<\/p>\n","protected":false},"author":1,"featured_media":22040,"comment_status":"open","ping_status":"open","sticky":false,"template":"","format":"standard","meta":{"inline_featured_image":false,"site-sidebar-layout":"default","site-content-layout":"","ast-site-content-layout":"default","site-content-style":"default","site-sidebar-style":"default","ast-global-header-display":"","ast-banner-title-visibility":"","ast-main-header-display":"","ast-hfb-above-header-display":"","ast-hfb-below-header-display":"","ast-hfb-mobile-header-display":"","site-post-title":"","ast-breadcrumbs-content":"","ast-featured-img":"","footer-sml-layout":"","ast-disable-related-posts":"","theme-transparent-header-meta":"","adv-header-id-meta":"","stick-header-meta":"","header-above-stick-meta":"","header-main-stick-meta":"","header-below-stick-meta":"","astra-migrate-meta-layouts":"default","ast-page-background-enabled":"default","ast-page-background-meta":{"desktop":{"background-color":"","background-image":"","background-repeat":"repeat","background-position":"center center","background-size":"auto","background-attachment":"scroll","background-type":"","background-media":"","overlay-type":"","overlay-color":"","overlay-opacity":"","overlay-gradient":""},"tablet":{"background-color":"","background-image":"","background-repeat":"repeat","background-position":"center center","background-size":"auto","background-attachment":"scroll","background-type":"","background-media":"","overlay-type":"","overlay-color":"","overlay-opacity":"","overlay-gradient":""},"mobile":{"background-color":"","background-image":"","background-repeat":"repeat","background-position":"center center","background-size":"auto","background-attachment":"scroll","background-type":"","background-media":"","overlay-type":"","overlay-color":"","overlay-opacity":"","overlay-gradient":""}},"ast-content-background-meta":{"desktop":{"background-color":"var(--ast-global-color-5)","background-image":"","background-repeat":"repeat","background-position":"center center","background-size":"auto","background-attachment":"scroll","background-type":"","background-media":"","overlay-type":"","overlay-color":"","overlay-opacity":"","overlay-gradient":""},"tablet":{"background-color":"var(--ast-global-color-5)","background-image":"","background-repeat":"repeat","background-position":"center center","background-size":"auto","background-attachment":"scroll","background-type":"","background-media":"","overlay-type":"","overlay-color":"","overlay-opacity":"","overlay-gradient":""},"mobile":{"background-color":"var(--ast-global-color-5)","background-image":"","background-repeat":"repeat","background-position":"center center","background-size":"auto","background-attachment":"scroll","background-type":"","background-media":"","overlay-type":"","overlay-color":"","overlay-opacity":"","overlay-gradient":""}},"footnotes":""},"categories":[],"tags":[62,42,29],"class_list":["post-17832","post","type-post","status-publish","format-standard","has-post-thumbnail","hentry","tag-62","tag-42","tag-fr"],"_links":{"self":[{"href":"https:\/\/tunisnews.net\/ar\/wp-json\/wp\/v2\/posts\/17832","targetHints":{"allow":["GET"]}}],"collection":[{"href":"https:\/\/tunisnews.net\/ar\/wp-json\/wp\/v2\/posts"}],"about":[{"href":"https:\/\/tunisnews.net\/ar\/wp-json\/wp\/v2\/types\/post"}],"author":[{"embeddable":true,"href":"https:\/\/tunisnews.net\/ar\/wp-json\/wp\/v2\/users\/1"}],"replies":[{"embeddable":true,"href":"https:\/\/tunisnews.net\/ar\/wp-json\/wp\/v2\/comments?post=17832"}],"version-history":[{"count":0,"href":"https:\/\/tunisnews.net\/ar\/wp-json\/wp\/v2\/posts\/17832\/revisions"}],"wp:featuredmedia":[{"embeddable":true,"href":"https:\/\/tunisnews.net\/ar\/wp-json\/wp\/v2\/media\/22040"}],"wp:attachment":[{"href":"https:\/\/tunisnews.net\/ar\/wp-json\/wp\/v2\/media?parent=17832"}],"wp:term":[{"taxonomy":"category","embeddable":true,"href":"https:\/\/tunisnews.net\/ar\/wp-json\/wp\/v2\/categories?post=17832"},{"taxonomy":"post_tag","embeddable":true,"href":"https:\/\/tunisnews.net\/ar\/wp-json\/wp\/v2\/tags?post=17832"}],"curies":[{"name":"wp","href":"https:\/\/api.w.org\/{rel}","templated":true}]}}