{"id":17793,"date":"2009-03-26T00:00:00","date_gmt":"2009-03-26T00:00:00","guid":{"rendered":"https:\/\/tunisnews.net\/26-mars-2009\/"},"modified":"2009-03-26T00:00:00","modified_gmt":"2009-03-26T00:00:00","slug":"26-mars-2009","status":"publish","type":"post","link":"https:\/\/tunisnews.net\/ar\/26-mars-2009\/","title":{"rendered":"26 mars 2009"},"content":{"rendered":"<p><html><head><meta content=\"text\/html\" description=\"Deux \u00e9tudiants en gr\u00e8ve de la faim, Aymen Jaabiri et Mohammed Soudani, \n\t\tont \u00e9t\u00e9 hospitalis\u00e9s mardi 24 mars 2009 \u00e0 la suite d\u2019une d\u00e9t\u00e9rioration \n\t\tde leur \u00e9tat de sant\u00e9 pour y recevoir des secours d\u2019urgence. Ils \n\t\tpoursuivent leur gr\u00e8ve de la faim pour le quarante deuxi\u00e8me jour \n\t\td\u2019affil\u00e9e.\" http-equiv=\"Content-Type\"\/><\/head><body><body><\/p>\n<p align=\"center\" dir=\"ltr\"><font face=\"Arial\" size=\"2\"><b><a href=\"http:\/\/www.tunisnews.net\/\"><span>Home<\/span><span lang=\"FR-CH\"> &#8211; Accuei<\/span><\/a><span lang=\"FR-CH\">l<\/span><\/b><\/font><\/p>\n<p><font face=\"Arial\" size=\"2\"><\/p>\n<div>\n<div>\n<div>\n<div><\/div>\n<div align=\"center\"><strong><font face=\"Arial\" size=\"7\">TUNISNEWS <\/font><\/strong><\/div>\n<div>\n<div align=\"center\" dir=\"ltr\"><font><\/p>\n<div><strong><font face=\"Arial\">8\u00a0\u00e8me ann\u00e9e, <span lang=\"FR\">N\u00b0\u00a03229 du 26.03.2009<\/span><\/font><\/strong><\/div>\n<p><\/font><\/div>\n<div align=\"center\" dir=\"ltr\"><span><font face=\"Arial\"><strong><font>\u00a0archives<\/font> : <\/strong><\/font><a target=\"_blank\" rel=\"noopener\"><font face=\"Arial\"><strong>www.tunisnews.net<\/strong><\/font><\/a><\/span><font face=\"Arial\"><font>\u00a0<\/font>\u00a0<\/font><\/div>\n<div align=\"center\" dir=\"ltr\"><font face=\"Arial\"><\/p>\n<hr\/>\n<p><span><span lang=\"FR\"><font><span lang=\"FR\"><\/span><\/font><\/span><\/span><\/font><\/div>\n<div>\n<div><span lang=\"FR\"><\/p>\n<div><font size=\"3\"><span lang=\"FR\"><font face=\"Arial\" size=\"2\"><strong>Libert\u00e9 et Equit\u00e9: Nouvelles des libert\u00e9s en Tunisie<font> <font>AISPP: Communiqu\u00e9<\/font> <\/font>AISPP: Proc\u00e8s du secr\u00e9taire g\u00e9n\u00e9ral de l\u2019Union G\u00e9n\u00e9rale des Etudiants de Tunisie pour \u00e9bri\u00e9t\u00e9 et agression<font> <font>AFP: Crash ATR tunisien: Tuninter surprise et m\u00e9contente, \u00e9voque des pressions<\/font> <\/font>Jeune Afrique: L&rsquo;Afrique selon Kouchner<font> <font>Xinhua: Tunisie &#8211; Droits de l&rsquo;homme : Tunis stigmatise les d\u00e9clarations du ministre fran\u00e7ais des AE<\/font> <\/font>TAP: D\u00e9claration d\u2019une source au minist\u00e8re des Affaires \u00e9trang\u00e8res<font> <font>Jeune Afrique: Ahmed Brahim troisi\u00e8me candidat de l&rsquo;opposition \u00e0 la pr\u00e9sidence<\/font> <\/font>Le Temps: Le pouvoir d\u2019informer<font> <font>Le Temps: Fl\u00e9au : Pouss\u00e9e de l&rsquo;alcoolisme<\/font> <\/font>Carpediem: Religion populaire administr\u00e9e<font> <font>Hend Harouni: Brief and significant<\/font><\/font><\/strong><\/font><\/span><\/font><\/div>\n<p><\/span><\/div>\n<\/div>\n<p><font face=\"Arial\"><\/p>\n<div>\n<hr\/>\n<\/div>\n<p><\/font><\/p>\n<div align=\"center\"><b><span lang=\"FR\">Liste actualis\u00e9e des signataires de l&rsquo;initiative du Droit de Retour : <\/span><span lang=\"FR\"><font><a>http:\/\/www.manfiyoun.net\/fr\/listfr.html<\/a><\/font><\/span><\/b><span lang=\"FR\"> <strong>Celles et Ceux qui veulent signer cet appel sont invit\u00e9s \u00e0 envoyer leur: Nom, Pays de r\u00e9sidence et Ann\u00e9e de sortie de la Tunisie sur le m\u00e9l de l&rsquo;initiative : <\/strong><a><font><strong>manfiyoun@gmail.com<\/strong><\/font><\/a><\/span><font face=\"Arial\"><\/font><\/div>\n<\/div>\n<\/div>\n<\/div>\n<div align=\"center\"><font face=\"Arial\"><\/p>\n<div align=\"center\">\n<hr\/>\n<\/div>\n<p><\/font><\/div>\n<\/div>\n<div>\u00a0<\/div>\n<div>\n<div align=\"center\">Libert\u00e9 pour tous les prisonniers politiques <strong><font>Libert\u00e9 et Equit\u00e9<\/font><\/strong> 33 rue Mokhtar Atya, 1001, Tunis Tel\/fax: 71 340 860 Liberte.equite@gmail.com Tunis, les 24 et 25 mars 2009 <strong><\/p>\n<h2 style=\"color: red;\"><font size=\"3\">Nouvelles des libert\u00e9s en Tunisie<\/font><\/h2>\n<p><\/strong><\/div>\n<div align=\"justify\">\u00a0<\/div>\n<div align=\"justify\"><strong>1) Hospitalisation de deux gr\u00e9vistes de la faim \u00e0 Charles Nicolle<\/strong> Deux \u00e9tudiants en gr\u00e8ve de la faim, Aymen Jaabiri et Mohammed Soudani, ont \u00e9t\u00e9 hospitalis\u00e9s mardi 24 mars 2009 \u00e0 la suite d\u2019une d\u00e9t\u00e9rioration de leur \u00e9tat de sant\u00e9 pour y recevoir des secours d\u2019urgence. Ils poursuivent leur gr\u00e8ve de la faim pour le quarante deuxi\u00e8me jour d\u2019affil\u00e9e.  <strong>2) Violente agression d\u2019un groupe d\u2019\u00e9tudiants par la police politique<\/strong> Des agents de la police politique ont violemment agress\u00e9 dans l\u2019apr\u00e8s midi du mardi 24 mars 2009 des \u00e9tudiants venus soutenir leurs camarades en gr\u00e8ve de la faim, notamment Malek Sgha\u00efer, Mohammed H\u00e9di Hamdi, Issam Sellami et N\u00e9jib Dziri. <strong>3) Deux prisonniers en gr\u00e8ve de la faim en solidarit\u00e9 avec les gr\u00e9vistes de la faim<\/strong> Deux prisonniers de Borj El Amri, Ka\u00efs Bouzouzia et Ali Faleh, sont commenc\u00e9 une gr\u00e8ve de la faim pour soutenir les \u00e9tudiants en gr\u00e8ve de la faim pour que soit annul\u00e9e la d\u00e9cision de les chasser de l\u2019Universit\u00e9 et leur droit \u00e0 poursuivre leurs \u00e9tudes. <strong>4) La trag\u00e9die de la jeunesse de Borj \u00e0 Nabeul : agressions et convocations.<\/strong> [\u2026] ont notamment \u00e9t\u00e9 convoqu\u00e9 par ce moyen ill\u00e9gal Ali Bennasr, Karim Khlil, Mohammed Kashkech et Othman Rezgui. 5) Sondes Riahi au tribunal Demain, 26 mars, mademoiselle Sondes Riahi se pr\u00e9sentera au tribunal de Premi\u00e8re Instance de Grombalia pour faire opposition \u00e0 une condamnation par contumace la condamnant \u00e0 quatre ann\u00e9es d\u2019emprisonnement. Mademoiselle Sondes Riahi affronte le harc\u00e8lement quotidien d\u2019agents de la police politique, Kamel Gorbi et Abdessalam, depuis son arrestation le 24 d\u00e9cembre 2006 dans le cadre des \u00e9v\u00e9nements de la ville de Slimane et sa lib\u00e9ration au terme de 18 jours pass\u00e9 \u00e0 l\u2019administration de la S\u00fbret\u00e9 de l\u2019Etat. Pour le bureau ex\u00e9cutif de l\u2019Organisation Le Pr\u00e9sident <strong><font>Ma\u00eetre Mohammed Nouri<\/font><\/strong> <font>(traduction d\u2019extraits ni revue ni corrig\u00e9e par les auteurs de la version en arabe, LT)<\/font><\/div>\n<div align=\"justify\">\n<hr\/>\n<\/div>\n<div align=\"justify\"><font><\/p>\n<div align=\"center\">Libert\u00e9 pour tous les prisonniers politiques <strong><font>Libert\u00e9 et Equit\u00e9<\/font><\/strong> 33 rue Mokhtar Atya, 1001, Tunis Tel\/fax: 71 340 860 Liberte.equite@gmail.com Tunis, le 21 mars 2009  <strong><\/p>\n<h2 style=\"color: red;\"><font size=\"3\">Nouvelles des libert\u00e9s en Tunisie<\/font><\/h2>\n<p><\/strong><\/div>\n<p> <strong><font>1) l\u2019encerclement du domicile d\u2019Ali Laridh se poursuit<\/font><\/strong> Des agents de la police politique encerclent pour septi\u00e8me jour d\u2019affil\u00e9e le domicile d\u2019Ali Laridh, ex prisonnier politique et ex porte parole du mouvement En Nahdha. Ils importunent les membres de sa famille qui p\u00e9n\u00e8trent au domicile ou en sortent et leur demandent de pr\u00e9senter leurs papiers d\u2019identit\u00e9. De m\u00eame les personnes rendent visite \u00e0 la famille ou les voisins sont harcel\u00e9s \u00e0 leur tout.  <strong><font>3) des familles de prisonniers d\u2019opinion demandent la lib\u00e9ration des leurs<\/font><\/strong> Des familles de prisonniers d\u2019opinion ont demand\u00e9 par un courrier adress\u00e9 \u00e0 Libert\u00e9 et \u00c9quit\u00e9 \u00e0 l\u2019occasion de la journ\u00e9e de la Jeunesse, le 21 mars, la lib\u00e9ration de leurs enfants d\u00e9tenus en vertu de la loi inconstitutionnelle sur le terrorisme [\u2026] Il s\u2019agit des familles de Tarek Hammami, Ghaith Ghazouani, Maher Beziouche, Anis Hedhili, Karim Ayari, Ramzi Ben Sa\u00efd, Oualid Sa\u00efdi, Nidhal Boulaabi, Radhouane Fezi\u2019i, Ali Ben Salem, Mohammed Ben Mohammed, Akram Kamel, Bilal Hejri, Oussama Abdessamad, Rabi\u2019i Khelifi, Mohammed Moncef Baghdadi, Hosni Marsani, Choukri Jouini, Atef Hammami, Mohammed Larbi, Mourad Akri, Hosni Yefreni. Pour le bureau ex\u00e9cutif de l\u2019Organisation Le Pr\u00e9sident <strong><font>Ma\u00eetre Mohammed Nouri<\/font><\/strong> <font>(traduction d\u2019extraits ni revue ni corrig\u00e9e par les auteurs de la version en arabe, LT)<\/font><\/font><\/div>\n<div align=\"center\">\n<hr\/>\n<\/div>\n<div align=\"center\"> Libert\u00e9 pour tous les prisonniers politiques Libert\u00e9 pour le Docteur Sadok Chourou <strong><font>Association Internationale de Soutien aux Prisonniers Politiques<\/font><\/strong> 43 rue Eldjazira, Tunis e-mail :  aispptunisie@yahoo.fr  Tunis, le 25 mars 2009 \u00a0<\/div>\n<div align=\"justify\"> * La chambre criminelle du Tribunal Militaire Permanent de Tunis, pr\u00e9sid\u00e9e par le juge Kamel Ben Jaafar, a examin\u00e9 aujourd\u2019hui, mercredi 25 mars 2009 : \u00a0 &#8211; l\u2019affaire n\u00b057757 dans laquelle est d\u00e9f\u00e9r\u00e9 Badreddine Ferchichi, accus\u00e9 de s\u2019\u00eatre mis en temps de paix \u00e0 la disposition d\u2019une organisation terroriste op\u00e9rant \u00e0 l\u2019\u00e9tranger et d\u2019y avoir incit\u00e9, et ce pour voir combattu en Bosnie lors de la guerre d\u2019\u00e9puration ethnique men\u00e9e par les Serbes contre les musulmans. Cette chambre avait prononc\u00e9 un non lieu en sa faveur mais le jugement avait \u00e9t\u00e9 cass\u00e9 \u00e0 la demande de l\u2019avocat g\u00e9n\u00e9ral. Le juge a d\u00e9cid\u00e9 de reporter l\u2019examen de l\u2019affaire au 8 avril 2009 \u00e0 la demande de son avocate, Ma\u00eetre Sa\u00efda Akrami; \u00a0 * la treizi\u00e8me chambre criminelle de la Cour d\u2019Appel de Tunis, pr\u00e9sid\u00e9e par le juge Tahar Yafreni, a examin\u00e9 mercredi 25 mars 2009 &#8211; l\u2019affaire n\u00b012264 dans laquelle est d\u00e9f\u00e9r\u00e9 le \u00ab groupe de Ras Bel \u00bb \u00e0 savoir Rafik Za\u00efm, Mohammed Ben Khelifa, Bilal Sfaxi, Ouissam Cherbib, Abderrazak Arrafa, Hamza Sfaxi, Hichem Gala\u00ef, Abderrazak Sfaxi, Lotfi Frej, Lotfi Mellak, Hamadi Dahmani, Mohamed Amine Chakroune, Ahmed Tounsi, Ahmed Megdiche, Mahjoub Bentahar, Oualid Mahjoub, Kais Gharbi, Ahmed Gharbi, Ahmed Mellakh, Ahmed Elilj, Hassen Khmouma, Zyed Maazaoui, Salah Jaafar, Omar Tebourbi, Fethi Berra\u00efes, Mohammed Amine Mellakh, Mekki Mzah, Nassir Mamlouk et Yassine Salem, pour adh\u00e9sion \u00e0 une organisation terroriste et incitation \u00e0 adh\u00e9rer \u00e0 une organisation terroriste, pour n\u2019avoir r\u00e9v\u00e9l\u00e9 aux autorit\u00e9s les informations et renseignements en leur possession sur la commission d\u2019une infraction terroriste et tenue de r\u00e9unions sans autorisation. Le tribunal a d\u00e9cid\u00e9 de reporter l\u2019examen de l\u2019affaire au 1er avril 2009 \u00e0 la demande de l\u2019avocat g\u00e9n\u00e9ral que soit convoqu\u00e9 \u00e0 nouveau l\u2019accus\u00e9 Lotfi Frej, car des accus\u00e9s sont d\u00e9f\u00e9r\u00e9s pour les m\u00eames accusations relatives aux m\u00eames faits en appel du m\u00eame jugement en premi\u00e8re instance (prononc\u00e9 par la quatri\u00e8me chambre du TPI de Tunis, n\u00b015946 du 01\/07\/08. Ma\u00eetres Anouar Kousri, Samir Dilou, H\u00e9di Abbassi, Ouissam Ben Achour, Ramzi Bendia, Sofiane Yahyaoui, Mounir Ben Salha, Mansour Jerbi, Henda Dhaouadi et Abdelfattah Mourou se sont pr\u00e9sent\u00e9s pour assurer leur d\u00e9fense. \u00a0 &#8211; l\u2019affaire n\u00b012891 dans laquelle sont d\u00e9f\u00e9r\u00e9s des accus\u00e9s dans l\u2019affaire 12264 (Ahmed Gharbi, Fethi Berra\u00efes, Omar Tebourbi, Lotfi Frej, Ahmed Tounsi et Mohammed Aymen Mellakh). Le tribunal a d\u00e9cid\u00e9 de reporter l\u2019examen de l\u2019affaire au 8 avril 2009. \u00a0 &#8211; l\u2019affaire n\u00b012797 dans laquelle sont d\u00e9f\u00e9r\u00e9s Hamdi Zarrouk, Lotfi Guenouni, Mohammed Ali Abdellaoui, Oualid Kahlaoui, Samir Bakkar, Makram Ben Ali, Mohammed Younes, Fethi Alaoui et Ali Boubaker [\u2026] . Le tribunal a d\u00e9cid\u00e9 de reporter l\u2019examen de l\u2019affaire au 1er avril 2009 suite \u00e0 la demande de l\u2019avocat g\u00e9n\u00e9ral que l\u2019accus\u00e9 Lotfi Guenouni soit amen\u00e9. Ma\u00eetres Choukri Bela\u00efd, Radhia Nasraoui, Mohammed Fadhel Sa\u00efhi, Abderraouf Ayadi, Abdelfattah Mourou, Ali Mansour et Salem Arfaoui ont plaid\u00e9. \u00a0 * la huiti\u00e8me chambre correctionnelle du Tribunal de Premi\u00e8re Instance de Tunis, pr\u00e9sid\u00e9e par le juge Mohammed Ali Ben Chouikha, a examin\u00e9 mercredi 25 mars 2009 l\u2019affaire n\u00b0248 dans laquelle est d\u00e9f\u00e9r\u00e9 Badreddine Mzah, accus\u00e9 de ne pas avoir r\u00e9v\u00e9l\u00e9 aux autorit\u00e9s les renseignements ou informations en sa possession relatifs \u00e0 la commission d\u2019une infraction terroriste, et de tenue de r\u00e9unions non autoris\u00e9es. Apr\u00e8s avoir \u00e9cout\u00e9 la plaidoirie de ma\u00eetre Samir Dilou, le juge a d\u00e9cid\u00e9 de suspendre l\u2019audience, de l\u2019examiner et de prononcer le jugement le 1er avril 2009. \u00a0 * la quatorzi\u00e8me chambre criminelle de la Cour d\u2019Appel de Tunis, pr\u00e9sid\u00e9e par le juge Tarek Chakioua, a examin\u00e9 mercredi 25 mars 2009 l\u2019affaire n\u00b011347 dans laquelle sont d\u00e9f\u00e9r\u00e9s Mountasser Khedher, B\u00e9chir Bejaoui, Mourad Nsiri, Mohammed Arif, Ramzi Rezgui, Youssef Yaacoubi et Mohammed Lazhar Bahri, accus\u00e9s de ne pas avoir r\u00e9v\u00e9l\u00e9 aux autorit\u00e9s les renseignements en leur possession relatifs \u00e0 la commission d\u2019une infraction terroriste et d\u2019avoir tenu des r\u00e9unions sans autorisation. A la suite de la plaidoirie de Ma\u00eetre Samir Dilou, le tribunal a d\u00e9cid\u00e9 de suspendre l\u2019audience pour le prononc\u00e9 du jugement. Pour l\u2019association <strong>La commission de suivi des proc\u00e8s politiques<\/strong> <font>(traduction d\u2019extraits ni revue ni corrig\u00e9e par les auteurs de la version en arabe, LT)<\/font>  \u00a0<\/div>\n<div>\n<hr\/>\n<\/div>\n<div align=\"center\"> Libert\u00e9 pour tous les prisonniers politiques Libert\u00e9 pour le Docteur Sadok Chourou <strong><font>Association Internationale de Soutien aux Prisonniers Politiques<\/font><\/strong> 43 rue Eldjazira, Tunis e-mail :  <a href=\"mailto:aispptunisie@yahoo.fr\">aispptunisie@yahoo.fr<\/a> <\/div>\n<div align=\"center\">\u00a0<\/div>\n<div align=\"center\">Tunis, le 25 mars 2009 <strong><\/p>\n<h2 style=\"color: red;\"><font size=\"3\">Proc\u00e8s du secr\u00e9taire g\u00e9n\u00e9ral de l\u2019Union G\u00e9n\u00e9rale des Etudiants de Tunisie pour \u00e9bri\u00e9t\u00e9 et agression<\/font><\/h2>\n<p><\/strong><\/div>\n<div> La huiti\u00e8me chambre correctionnelle du Tribunal de Premi\u00e8re Instance de Tunis, pr\u00e9sid\u00e9e par le juge Mohammed Ali Chouikha, a examin\u00e9 mercredi 25 mars 2009 l\u2019affaire 490 dans laquelle sont d\u00e9f\u00e9r\u00e9s Azzedine Zaatour, secr\u00e9taire g\u00e9n\u00e9ral de l\u2019UGET, Choukri Oueslati, Farouk Kouki, Boubaker Dhahri, pour agression violente d\u2019un fonctionnaire dans l\u2019exercice de ses fonctions, \u00e9bri\u00e9t\u00e9, troubles et perturbations, et pour Zaatour, outrage \u00e0 fonctionnaire dans l\u2019exercice de ses fonctions. Ma\u00eetres Noureddine Bhiri, Hatem Dahnas, Anouar Kousri, Ouissam Sa\u00efdi, Hassan Toukabri, Afef Gargoura se sont pr\u00e9sent\u00e9s pour les d\u00e9fendre [\u2026] ils ont d\u00e9montr\u00e9 le montage de l\u2019affaire destin\u00e9 \u00e0 toucher \u00e0 la r\u00e9putation de militants syndicalistes en leur montant des affaires morales. L\u2019objectif est de faire revenir les \u00e9tudiants gr\u00e9vistes de la faim sur leur d\u00e9termination \u00e0 poursuivre leur mouvement. [\u2026] Le juge a d\u00e9cid\u00e9 d\u2019examiner l\u2019affaire et de prononcer le jugement le 1er avril 2009. \u00a0 [\u2026] Pour l\u2019association La commission de suivi des proc\u00e8s politiques <font>(traduction d\u2019extraits ni revue ni corrig\u00e9e par les auteurs de la version en arabe, LT)<\/font><\/div>\n<div>\n<hr\/>\n<\/div>\n<div align=\"center\"><strong><\/p>\n<h2 style=\"color: red;\"><font size=\"3\">Crash ATR tunisien: Tuninter surprise et m\u00e9contente, \u00e9voque des pressions<\/font><\/h2>\n<p><\/strong><\/div>\n<div align=\"justify\"> <font>TUNIS, 24 mars 2009 (AFP) &#8211; La compagnie Tuninter s&rsquo;est dit m\u00e9contente de la condamnation surprise \u00e0 dix ans de prison du pilote et copilote de son ATR, qui s&rsquo;\u00e9tait ab\u00eem\u00e9 en ao\u00fbt 2005 au large de la Sicile, suspectant des \u00ab\u00a0pressions\u00a0\u00bb. \u00ab\u00a0Tuninter exprime son \u00e9tonnement et son vif m\u00e9contentement suite \u00e0 la d\u00e9cision surprise du tribunal de Palerme\u00a0\u00bb, indique-t-elle dans un communiqu\u00e9 remis mardi \u00e0 l&rsquo;AFP. Outre le pilote et le copilote, ce tribunal a inflig\u00e9 neuf ans de prison \u00e0 Moncef Zouari et Zouheir Chetouane, directeur g\u00e9n\u00e9ral et directeur technique de la compagnie, ainsi que huit ans \u00e0 deux responsables de la manutention et \u00e0 un m\u00e9canicien. Selon l&rsquo;enqu\u00eate italienne, une erreur d&rsquo;installation d&rsquo;une jauge de carburant sur l&rsquo;ATR-72 de Tuninter est \u00e0 l&rsquo;origine de l&rsquo;accident, qui a fait 16 morts et 23 bless\u00e9s. \u00ab\u00a0Les peines prononc\u00e9es sont nettement plus lourdes que celles d\u00e9cid\u00e9es en Italie dans des accidents d&rsquo;avion plus graves\u00a0\u00bb, estime Tuninter qui d\u00e9plore \u00ab\u00a0une tournure m\u00e9diatico-politique\u00a0\u00bb, suspectant des \u00ab\u00a0pressions\u00a0\u00bb pour \u00ab\u00a0occulter la part de responsabilit\u00e9 qu&rsquo;assument d&rsquo;autres parties, dont le constructeur\u00a0\u00bb de l&rsquo;avion. L&rsquo;ATR-72 avait \u00e9t\u00e9 livr\u00e9 en 1992 par le constructeur europ\u00e9en d&rsquo;avions de transport r\u00e9gional (EADS\/Ale nia Aeronautica), bas\u00e9 \u00e0 Toulouse (France). Tuninter juge \u00ab\u00a0paradoxal\u00a0\u00bb que le pilote ait condamn\u00e9 \u00e0 la prison alors qu&rsquo;il avait \u00e9t\u00e9 \u00ab\u00a0reconnu comme un h\u00e9ros\u00a0\u00bb par la presse et l&rsquo;association des pilotes pour avoir r\u00e9ussi l&rsquo;amerissage et sauv\u00e9 la vie \u00e0 deux tiers des passagers. Elle rappelle enfin que 22 millions d&rsquo;euros d&rsquo;ind\u00e9mnisation avaient \u00e9t\u00e9 vers\u00e9es \u00ab\u00a0en un temps record\u00a0\u00bb aux survivants et \u00e0 leur famille par les assureurs et le constructeur. Les avocats de Tuninter dont le personnel est jug\u00e9 par contumace, vont interjter appel du jugement prononc\u00e9. Avant le crash, l&rsquo;\u00e9quipage croyait avoir 3.000 litres de k\u00e9ros\u00e8ne dans ses r\u00e9servoirs au moment o\u00f9 l&rsquo;avion se ravitaillait \u00e0 Bari, dans le sud de l&rsquo;Italie et n&rsquo;avait alors demand\u00e9 que 240 litres suppl\u00e9mentaires de carburant pour son retour \u00e0 Djerba (sud de la Tunisie). Faute d&rsquo;essence, ses deux moteurs se sont arr\u00eat\u00e9s en m\u00eame temps, emp\u00eachant l&rsquo;avion d&rsquo;atteindre l&rsquo;a\u00e9roport de Palerme pour un atterrissage, le for\u00e7ant \u00e0 un amerrissage<\/font><\/div>\n<\/div>\n<div>\n<hr\/>\n<\/div>\n<h4 align=\"center\" style=\"color: blue;\"><span lang=\"FR\"><\/p>\n<h2 style=\"color: red;\"><font>L&rsquo;Afrique selon Kouchner<\/font><\/h2>\n<p><\/span><\/h4>\n<p align=\"justify\"><i><span lang=\"FR\">A quelques jours du voyage de Nicolas Sarkozy en Afrique, Bernard Kouchner analyse dans Jeune Afrique l\u2019actualit\u00e9 du continent et expose la politique africaine de la France. De Tunis \u00e0 Kinshasa, d\u2019Alger \u00e0 Libreville, du Sahara \u00e0 Antananarivo, du g\u00e9nocide rwandais \u00e0 la Fran\u00e7afrique , de l\u2019\u00e9lection ivoirienne \u00e0 l\u2019affaire El-B\u00e9chir, le ministre fran\u00e7ais des Affaires \u00e9trang\u00e8res donne sa v\u00e9rit\u00e9<\/span><span dir=\"rtl\" lang=\"AR-SA\">.<\/span><\/i><\/p>\n<p align=\"justify\"><span lang=\"FR\">Bernard Kouchner pr\u00e9cise la position fran\u00e7aise face au nouveau pouvoir malgache (\u00ab La suspension du Parlement ne va pas dans le bon sens. Nous serons tr\u00e8s attentifs aux modalit\u00e9s d\u2019une transition dont la dur\u00e9e doit \u00eatre aussi br\u00e8ve que possible\u00bb) mais aussi \u00e0 propos de la crise politique et institutionnelle en Mauritanie (\u00ab Le g\u00e9n\u00e9ral Ould Abdelaziz doit d\u00e9missionner au moins quarante cinq jours avant l\u2019\u00e9lection pr\u00e9sidentielle s\u2019il souhaite s\u2019y pr\u00e9senter\u00bb) tout en regrettant que \u00ab l\u2019irrespect du pouvoir constitutionnel gagne du terrain \u00bb sur le continent. Quant \u00e0 l\u2019\u00e9lection pr\u00e9sidentielle en C\u00f4te d\u2019Ivoire, Kouchner avoue \u00eatre un peu d\u00e9courag\u00e9 : \u00ab Personne ne para\u00eet press\u00e9 d\u2019aller devant les urnes. Je ne suis pas optimiste \u00bb d\u00e9clare-t-il<\/span><span dir=\"rtl\" lang=\"AR-SA\">.<\/span><\/p>\n<p align=\"justify\"><span lang=\"FR\">Le ministre des Affaires \u00e9trang\u00e8res s\u2019explique, en outre, sur le plan Sarkozy pour la paix dans la r\u00e9gion des Grands Lacs (\u00ab La concertation entre les quatre pays des Grands Lacs afin de s\u2019entendre pour un \u00e9ventuel partage des richesses n\u2019est ni une id\u00e9e fausse ni une id\u00e9e neuve. Mais elle ne s\u2019impose pas de l\u2019ext\u00e9rieur\u00bb),\u00a0 annonce les changements dans les nouveaux accords de d\u00e9fense en Afrique (\u00abNous participerons toujours aux op\u00e9rations d\u2019\u00e9vacuation de nos ressortissants, mais nous ne nous m\u00ealerons plus de soutenir les r\u00e9gimes en place \u00bb) et souligne l\u2019importance des int\u00e9r\u00eats \u00e9conomiques dans les relations franco-africaines (\u00ab On ne peut \u00e0 la fois, vouloir affronter la crise, d\u00e9plorer le ch\u00f4mage et ne pas d\u00e9fendre nos entreprises \u00e0 l\u2019exportation<\/span><span dir=\"rtl\" lang=\"AR-SA\"> \u00bb)<\/span><span lang=\"FR\">Kouchner r\u00e9v\u00e8le, par ailleurs, les dessous de l\u2019affaire Rose Kabuye, la directrice du protocole du pr\u00e9sident rwandais Paul Kagam\u00e9 (\u00ab La proposition faite au pr\u00e9sident Kagam\u00e9 \u00e9tait la suivante : si vous voulez acc\u00e9der au dossier de l\u2019instruction, la seule solution est que l\u2019un des mis en examen se livre \u00bb), commente la d\u00e9cision de la Cour P\u00e9nale Internationale de ne pas retenir contre Omar el-B\u00e9chir le qualificatif de g\u00e9nocide (\u00ab Y avait-il volont\u00e9 planifi\u00e9e d\u2019an\u00e9antissement d\u2019une population ? Je ne le pense pas \u00bb)<\/span><\/p>\n<p align=\"justify\"><span lang=\"FR\">et <b>interpelle le r\u00e9gime tunisien (\u00ab <span>Il y a des atteintes aux droits de l\u2019homme, des journalistes tracass\u00e9s, parfois emprisonn\u00e9s, et une politique g\u00e9n\u00e9rale de fermet\u00e9. Je ne peux pas \u00eatre d \u2018accord avec ce qui contrevient \u00e0 la libert\u00e9 d\u2019expression et d\u2019association. Et je serai tr\u00e8s heureux si les \u00e9lections se d\u00e9roulaient dans un climat de transparence et de comp\u00e9tition<\/span><\/b><\/span><b><span dir=\"rtl\" lang=\"AR-SA\">. \u00bb)<\/span><\/b><\/p>\n<p align=\"justify\"><span lang=\"FR\">Enfin, le french doctor s\u2019exprime sur le cas Rama Yade (\u00abJe ne pr\u00e9tends pas la g\u00e9rer \u00bb), ses relations avec Omar Bongo Ondimba (\u00ab J\u2019ai de l\u2019amiti\u00e9 pour cet homme-l\u00e0. Et j\u2019ai de la peine quand il en a\u00bb), et conclut par cette confidence au sujet de sa compagne, Christine Ockrent : \u00ab Si par hasard, le moindre conflit d\u2019int\u00e9r\u00eats entre nous pouvait appara\u00eetre, je d\u00e9missionnerais<\/span><span dir=\"rtl\" lang=\"AR-SA\">.\u00bb<\/span><\/p>\n<p><b><span lang=\"FR-CH\">(Source\u00a0: \u00ab\u00a0<\/span><span lang=\"FR\">Jeune Afrique\u00a0\u00bb (Magazine hebdomadaire \u2013 France), N\u00b02515 du 22 au 28 mars 2009)<\/span><\/b><\/p>\n<p><b><span lang=\"FR\">Lien\u00a0:<\/span><span lang=\"FR\"><a href=\"http:\/\/www.jeuneafrique.com\/Article\/ARTJAWEB20090320145329\/-France-ministre-Bernard-Kouchner-Francafrique-L-Afrique-selon-Kouchner.html\" target=\"_blank\" rel=\"noopener\">http:\/\/www.jeuneafrique.com\/Article\/ARTJAWEB20090320145329\/-France-ministre-Bernard-Kouchner-Francafrique-L-Afrique-selon-Kouchner.html<\/a><\/span><\/b><\/p>\n<p><span lang=\"FR\"><\/p>\n<div><strong><\/p>\n<hr\/>\n<p><\/strong><\/div>\n<div>\u00a0<\/div>\n<div>\n<div align=\"center\">\n<h2 style=\"color: red;\"><font size=\"3\"><font size=\"2\">Xinhua:<\/font><strong>Tunisie &#8211; Droits de l&rsquo;homme : Tunis stigmatise les d\u00e9clarations du ministre fran\u00e7ais des AE<\/strong><\/font><\/h2>\n<\/div>\n<div>Xinhua 26 mars 2009 La Tunisie a stigmatis\u00e9 les d\u00e9clarations faites \u00e0 la revue \u00ab\u00a0Jeune Afrique\u00a0\u00bb, par le ministre fran\u00e7ais des Affaires \u00e9trang\u00e8res Bernard Kouchner sur l&rsquo;\u00e9tat des droits de l&rsquo;homme en Tunisie.  Dans un communiqu\u00e9 rapport\u00e9 jeudi par l&rsquo;agence de presse tunisienne TAP, une source au minist\u00e8re tunisien des Affaires \u00e9trang\u00e8res a soulign\u00e9 que les d\u00e9clarations de Kouchner, \u00e0 la revue \u00ab\u00a0Jeune Afrique (dans son num\u00e9ro 22 au 28 mars 2009), \u00ab\u00a0sont malheureusement pour lui, bien loin d&rsquo;\u00eatre cr\u00e9dibles\u00a0\u00bb.  \u00ab\u00a0Que Bernard Kouchner veuille faire croire qu&rsquo;il porte toujours de l&rsquo;int\u00e9r\u00eat aux droits de l&rsquo;homme, est une question qui le regarde, mais qu&rsquo;il parle de son attitude soit disant \u00ab\u00a0nuanc\u00e9e\u00a0\u00bb s&rsquo;agissant de la Tunisie et qu&rsquo;il se contente de colporter des clich\u00e9s et des poncifs \u00e9cul\u00e9s il n&rsquo;en a plus le droit au vu des responsabilit\u00e9s qui sont les siennes \u00e0 pr\u00e9sent\u00a0\u00bb, affirme le communiqu\u00e9.  Selon la m\u00eame source, quand on parle de journalistes \u00ab\u00a0tracass\u00e9s \u00a0\u00bb ou encore \u00ab\u00a0emprisonn\u00e9s\u00a0\u00bb en Tunisie et quand on le fait sous les lambris de la r\u00e9publique fran\u00e7aise, on doit commencer par v\u00e9rifier ses all\u00e9gations pour \u00e9viter de se tromper de pays et d&rsquo;\u00e9poque, car il est tr\u00e8s facile de mettre Kouchner au d\u00e9fi de citer un seul cas de journaliste emprisonn\u00e9 en Tunisie depuis plus de vingt ans.  Les faits sont l\u00e0, la v\u00e9rit\u00e9 est l\u00e0, ajoute la source au minist\u00e8re tunisien des Affaires \u00e9trang\u00e8res, et de souligner: \u00ab\u00a0Si Kouchner a des raisons personnelles de vouloir occuper la sc\u00e8ne m\u00e9diatique pour faire oublier certaines \u00ab\u00a0contrari\u00e9t\u00e9s\u00a0\u00bb, il n&rsquo;a aucunement le droit de le faire aux d\u00e9pens de l&rsquo;obligation de r\u00e9serve \u00e0 laquelle il est tenu et que lui-m\u00eame rappelle dans sa d\u00e9claration\u00a0\u00bb.  \u00ab\u00a0Il faut dire, conclut la m\u00eame source, que Kouchner n&rsquo;en est pas \u00e0 une contradiction pr\u00e8s. On peut, certes, comprendre sa nostalgie des discours droit de l&rsquo;hommistes enflamm\u00e9s, comprendre \u00e9galement la crise existentielle qui doit le d\u00e9chirer de temps en temps, mais cela ne peut faire oublier le respect sacr\u00e9 d\u00fb \u00e0 la v\u00e9rit\u00e9, \u00e0 la r\u00e9alit\u00e9 de ce qui se passe dans des pays qui ne sont qu&rsquo;\u00e0 une heure de vol des c\u00f4tes fran\u00e7aises\u00a0\u00bb. <\/div>\n<\/div>\n<div>\u00a0<\/div>\n<div><strong><\/p>\n<hr\/>\n<p><\/strong><\/div>\n<p><\/span><\/p>\n<p>\u00a0<\/p>\n<p align=\"center\"><b><span lang=\"FR\">REACTION DES AUTORITES TUNISIENNES AUX DECLARATIONS DE BERNARD KOUCHNER\u00a0:<\/span><\/b><\/p>\n<h4 align=\"center\" style=\"color: blue;\"><span lang=\"FR\"><\/p>\n<h2 style=\"color: red;\"><font>D\u00e9claration d\u2019une source au minist\u00e8re des Affaires \u00e9trang\u00e8res<\/font><\/h2>\n<p><\/span><\/h4>\n<p align=\"justify\"><span lang=\"FR\">TUNIS 25 mars 2009 (TAP) &#8211; Interrog\u00e9e au sujet des d\u00e9clarations faites \u00e0 la revue Jeune Afrique (dans son num\u00e9ro 22 au 28 mars 2009), par M. Bernard Kouchner, ministre fran\u00e7ais des Affaires \u00e9trang\u00e8res, une source au minist\u00e8re tunisien des Affaires \u00e9trang\u00e8res a d\u00e9clar\u00e9:<\/span><\/p>\n<p><span lang=\"FR\">Que M. Bernard Kouchner veuille faire croire qu\u2019il porte toujours de l\u2019int\u00e9r\u00eat aux droits de l\u2019homme, est une question qui le regarde, mais qu\u2019il parle de son attitude soit disant \u00ab nuanc\u00e9e \u00bb s\u2019agissant de la Tunisie et qu\u2019il se contente de colporter des clich\u00e9s et des poncifs \u00e9cul\u00e9s il n\u2019en a plus le droit au vu des responsabilit\u00e9s qui sont les siennes \u00e0 pr\u00e9sent.<\/span><\/p>\n<p><span lang=\"FR\">En effet, ses d\u00e9clarations, \u00e0 la revue Jeune Afrique, sont malheureusement pour lui, bien loin d\u2019\u00eatre cr\u00e9dibles. <\/span><\/p>\n<p><span lang=\"FR\">Quand on parle de journalistes \u00ab tracass\u00e9s \u00bb ou encore \u00ab emprisonn\u00e9s \u00bb en Tunisie et quand on le fait sous les lambris de la r\u00e9publique fran\u00e7aise, on doit commencer par v\u00e9rifier ses all\u00e9gations pour \u00e9viter de se tromper de pays et d\u2019\u00e9poque, car il est tr\u00e8s facile de mettre M. Kouchner au d\u00e9fi de citer un seul cas de journaliste emprisonn\u00e9 en Tunisie depuis plus de vingt ans. Les faits sont l\u00e0. La v\u00e9rit\u00e9 est l\u00e0.<\/span><\/p>\n<p><span lang=\"FR\">Si M. Kouchner a des raisons personnelles de vouloir occuper la sc\u00e8ne m\u00e9diatique pour faire oublier certaines \u00ab contrari\u00e9t\u00e9s \u00bb, il n\u2019a aucunement le droit de le faire aux d\u00e9pens de l\u2019obligation de r\u00e9serve \u00e0 laquelle il est tenu et que lui-m\u00eame rappelle dans sa d\u00e9claration.<\/span><\/p>\n<p><span lang=\"FR\">Il faut dire que M. Kouchner n\u2019en est pas \u00e0 une contradiction pr\u00e8s. On peut, certes, comprendre sa nostalgie des discours droit de l\u2019hommistes enflamm\u00e9s, comprendre \u00e9galement la crise existentielle qui doit le d\u00e9chirer de temps en temps, mais cela ne peut faire oublier le respect sacr\u00e9 d\u00fb \u00e0 la v\u00e9rit\u00e9, \u00e0 la r\u00e9alit\u00e9 de ce qui se passe dans des pays qui ne sont qu\u2019\u00e0 une heure de vol des c\u00f4tes fran\u00e7aises.<\/span><\/p>\n<p><span lang=\"FR\">C\u2019est l\u2019une des obligations premi\u00e8res pour un Chef de la diplomatie, pour peu qu\u2019il ait pour elle un minimum de respect.<\/span><\/p>\n<p><b><span lang=\"FR-CH\">(Source\u00a0: L\u2019agence TAP (officielle \u2013 Tunis), le 25<\/span><span lang=\"FR\"> mars 2009)<\/span><\/b><\/p>\n<div>\n<hr\/>\n<\/div>\n<div align=\"left\">\n<h4 align=\"center\" style=\"color: blue;\"><span lang=\"FR\"><\/p>\n<h2 style=\"color: red;\"><font>Ahmed Brahim troisi\u00e8me candidat de l&rsquo;opposition \u00e0 la pr\u00e9sidence<\/font><\/h2>\n<p><\/span><\/h4>\n<p align=\"justify\"><span lang=\"FR\">Le secr\u00e9taire g\u00e9n\u00e9ral du Mouvement Ettajdid a \u00e9t\u00e9 investi dimanche candidat pour la pr\u00e9sidentielle tunisienne d\u2019octobre prochain. Sous la banni\u00e8re d&rsquo;une coalition de gauche, Ahmed Brahim entend incarner \u00ab un vrai candidat de rupture \u00bb.<\/span><\/p>\n<p align=\"justify\"><span lang=\"FR\">Ahmed Brahim, secr\u00e9taire g\u00e9n\u00e9ral du Mouvement Ettajdid a \u00e9t\u00e9 officiellement investi dimanche candidat \u00e0 la pr\u00e9sidence en Tunisie sous la banni\u00e8re d&rsquo;une coalition de gauche.<\/span><\/p>\n<p align=\"justify\"><span lang=\"FR\">Il affirme vouloir faire front au pr\u00e9sident sortant Zine El Abidine Ben Ali, 72 ans, candidat \u00e0 sa propre succession pour un cinqui\u00e8me quinquennat \u00e0 l&rsquo;\u00e9lection d&rsquo;octobre prochain.<\/span><\/p>\n<p align=\"justify\"><span lang=\"FR\">Ahmed Brahim, 62 ans, dirige depuis deux ans le Mouvement Ettajdid (Renouveau, opposition l\u00e9gale, trois d\u00e9put\u00e9s)), h\u00e9ritier de l&rsquo;ex-Parti communiste de 1920 et son parti chapeaute l&rsquo;Initiative d\u00e9mocratique (ID) form\u00e9e de petits groupes de gauche et d&rsquo;ind\u00e9pendants dont il sera le candidat \u00e0 la pr\u00e9sidence.<\/span><\/p>\n<p align=\"justify\"><span lang=\"FR\">\u00ab\u00a0Ma candidature n&rsquo;est pas symbolique, je m&rsquo;engage dans une v\u00e9ritable comp\u00e9tition pour m&rsquo;opposer fermement, d&rsquo;\u00e9gal \u00e0 \u00e9gal, au candidat du pouvoir\u00a0\u00bb, a-t-il d\u00e9clar\u00e9 lors d&rsquo;une premi\u00e8re r\u00e9union publique de sa coalition \u00e0 Tunis.<\/span><\/p>\n<p align=\"justify\"><span lang=\"FR\">\u00ab Je suis un candidat de rupture \u00bb<\/span><\/p>\n<p align=\"justify\"><span lang=\"FR\">Cet universitaire se pose en d\u00e9fenseur d&rsquo;un \u00ab\u00a0Etat d\u00e9mocratique moderne et la\u00efque\u00a0\u00bb en rupture avec l&rsquo;opposition radicale proche des islamistes, tout comme avec l&rsquo;opposition parlementaire mod\u00e9r\u00e9e qui soutient le pr\u00e9sident Ben Ali.<\/span><\/p>\n<p align=\"justify\"><span lang=\"FR\">\u00ab\u00a0Ma candidature n&rsquo;est pas symbolique ni de pure forme. Je suis un candidat de rupture, un vrai candidat de l&rsquo;opposition, pas pour faire de la figuration\u00a0\u00bb, a-t-il dit, entour\u00e9 de ses partisans et r\u00e9p\u00e9tant qu&rsquo;il \u00e9tait \u00ab\u00a0temps de passer de la dissidence \u00e0 une v\u00e9ritable opposition\u00a0\u00bb et \u00ab\u00a0de rompre avec l&rsquo;autoritarisme\u00a0\u00bb.<\/span><\/p>\n<p align=\"justify\"><span lang=\"FR\">Evoquant un \u00ab\u00a0immense d\u00e9s\u00e9quilibre de moyens\u00a0\u00bb entre le pouvoir et ses opposants, ce candidat a pris acte de l&rsquo;engagement du pr\u00e9sident Ben Ali pour un scrutin honn\u00eate et propos\u00e9 qu&rsquo;il soit contr\u00f4l\u00e9 par une structure ind\u00e9pendante, et non plus par le minist\u00e8re de l&rsquo;Int\u00e9rieur.<\/span><\/p>\n<p align=\"justify\"><span lang=\"FR\">Il a exig\u00e9 une r\u00e9forme \u00ab\u00a0radicale\u00a0\u00bb du syst\u00e8me \u00e9lectoral, l&rsquo;assainissement du climat politique avec la garantie des libert\u00e9s de r\u00e9union et d&rsquo;organisation et de presse, ainsi que l&rsquo;annulation d&rsquo;un projet de loi instaurant, selon lui, un contr\u00f4le pr\u00e9alable des discours publics des candidats.<\/span><\/p>\n<p align=\"justify\"><span lang=\"FR\">Troisi\u00e8me candidat de l\u2019opposition<\/span><\/p>\n<p align=\"justify\"><span lang=\"FR\">Il a r\u00e9clam\u00e9 aussi la lib\u00e9ration de \u00ab\u00a0tous ceux qui ont \u00e9t\u00e9 jug\u00e9s pour leurs opinions\u00a0\u00bb, dont les militants condamn\u00e9s suite aux troubles sociaux qui ont eu lieu en 2008 dans la r\u00e9gion mini\u00e8re de Gafsa (sud-ouest).<\/span><\/p>\n<p align=\"justify\"><span lang=\"FR\">M. Brahmi est le 3\u00e8me candidat d\u00e9clar\u00e9 de l&rsquo;opposition avec MM. Mohamed Bouchiha, chef du Parti de l&rsquo;Unit\u00e9 populaire et Ahmed Inoubli, du Parti social lib\u00e9ral, deux partis parlementaires mod\u00e9r\u00e9s.<\/span><\/p>\n<p align=\"justify\"><span lang=\"FR\">La candidature d&rsquo;opposants \u00e0 la pr\u00e9sidence est rendue possible par une loi exceptionnelle vot\u00e9e en d\u00e9rogation de la Constitution qui exige le parrainage de trente \u00e9lus, une condition qu&rsquo;aucune formation d&rsquo;opposition ne peut remplir \u00e0 elle seule.<\/span><\/p>\n<p align=\"justify\"><span lang=\"FR\">Cette loi permet donc \u00e0 des opposants de postuler mais pose la condition d&rsquo;\u00eatre un chef \u00e9lu en exercice, \u00e9cartant de ce fait Ahmed Nejib Chebbi, fondateur du Parti d\u00e9mocratique Progressiste (PDP) dont il n&rsquo;assure plus la pr\u00e9sidence.<\/span><\/p>\n<p align=\"justify\"><span lang=\"FR\">Le pr\u00e9sident Ben Ali, qui avait \u00e9t\u00e9 r\u00e9\u00e9lu en 2004 avec 94,4% des voix face \u00e0 trois concurrents, s&rsquo;est engag\u00e9 \u00e0 la pr\u00e9sence d&rsquo;observateurs aux \u00e9lections g\u00e9n\u00e9rales et \u00e0 faire en sorte qu&rsquo;elles se d\u00e9roulent \u00ab\u00a0dans un contexte de transparence, de respect de la l\u00e9galit\u00e9 et d&rsquo;observance des r\u00e8gles de la pratique d\u00e9mocratique\u00a0\u00bb.<\/span><\/p>\n<p align=\"justify\"><b><span lang=\"FR-CH\">(Source\u00a0: \u00ab\u00a0<\/span><span lang=\"FR\">Jeune Afrique\u00a0\u00bb (Magazine hebdomadaire \u2013 France), N\u00b02515 du 22 au 28 mars 2009)<\/span><\/b><\/p>\n<\/div>\n<div>\u00a0<\/div>\n<div>\n<hr\/>\n<\/div>\n<div><font face=\"Arial\" size=\"2\">\u00a0 <\/p>\n<h4 align=\"center\" style=\"color: blue;\"><b><span lang=\"FR\"><font size=\"3\">Le pouvoir d\u2019informer<\/font><\/span><\/b><\/h4>\n<p align=\"justify\"><span lang=\"FR\">Un corps de m\u00e9tier fort de six mille membres attendait une issue honorable pour ce que d\u2019aucuns croyaient \u00eatre un -mauvais proc\u00e8s- \u00e0 leur profession. D\u00e9fenseurs de la veuve et de l\u2019orphelin, les avocats ont eu la sensibilit\u00e9 \u00e9corch\u00e9e par des r\u00e9v\u00e9lations \u00e0 la -t\u00e9l\u00e9-r\u00e9alit\u00e9- sur le comportement de l\u2019un des leurs.<\/span><\/p>\n<p align=\"justify\"><span lang=\"FR\">En garant de la profession, le B\u00e2tonnier a, d\u2019abord, habilement endigu\u00e9 la col\u00e8re des robes noires, mis en demeure la t\u00e9l\u00e9 d\u2019interdire la participation des avocats, mais en aucun cas, il n\u2019a remis en question le droit \u00e0 l\u2019information, reconnaissant, de facto, la l\u00e9gitimit\u00e9 du quatri\u00e8me pouvoir et ce que Jean Louis Servan Schreiber appelle dans un livre-r\u00e9f\u00e9rence : \u00ab Le pouvoir d\u2019informer \u00bb.<\/span><\/p>\n<p align=\"justify\"><span lang=\"FR\">Des deux c\u00f4t\u00e9s, il faut bien l\u2019avouer, le verbe a \u00e9t\u00e9, \u00e0 un certain moment, d\u00e9capant, passionnel, sinon virulent.<\/span><\/p>\n<p align=\"justify\"><span lang=\"FR\">D\u2019autant que l\u2019impression premi\u00e8re a \u00e9t\u00e9 que le Conseil de l\u2019Ordre n\u2019a r\u00e9agi que lorsqu\u2019il s\u2019est agi d\u2019un avocat. Du coup, on \u00e9tait l\u00e9gitimement en droit de craindre qu\u2019un pouvoir juridictionnel parall\u00e8le ne naisse \u00e0 la t\u00e9l\u00e9vision, et que celle-ci ne d\u00e9vie du journalisme d\u2019investigation pour s\u2019\u00e9riger en juge. Mais, en m\u00eame temps, elle r\u00e9v\u00e8le, quand m\u00eame, des affaires de soci\u00e9t\u00e9 et pour peu que les r\u00e8gles normatives &#8211; celles que garantissent les textes : le droit \u00e0 ne pas \u00eatre jug\u00e9 ailleurs que devant un tribunal ; le droit \u00e0 ne pas \u00eatre jet\u00e9 en p\u00e2ture aux fantasmes populaires ; le droit \u00e0 l\u2019anonymat\u00a0 &#8211; ne soient pas franchies, la t\u00e9l\u00e9vision et tous les m\u00e9dias sont oblig\u00e9s de s\u2019implanter dans la r\u00e9alit\u00e9 : la t\u00e9l\u00e9-r\u00e9alit\u00e9 pour la t\u00e9l\u00e9 ; les proximit\u00e9s et l\u2019investigation pour les journaux.<\/span><\/p>\n<p align=\"justify\"><span lang=\"FR\">Cette temp\u00eate aura, n\u00e9anmoins, eu des effets positifs.<\/span><\/p>\n<p align=\"justify\"><span lang=\"FR\">Le Conseil de l\u2019Ordre a r\u00e9ussi \u00e0 faire comprendre aux m\u00e9dias qu\u2019au-del\u00e0 de l\u2019Avocatie, il y a une forte r\u00e9surgence du corporatisme en Tunisie, ligne m\u00e9diane, sans doute mod\u00e9ratrice, dans la dualit\u00e9 de toujours \u00ab Pouvoir\/Syndicat \u00bb. Et en l\u2019absence d\u2019enjeux politiques r\u00e9els, les corps de m\u00e9tier, dans leurs diversit\u00e9s id\u00e9ologiques et doctrinales, insufflent une dynamique certaine \u00e0 une soci\u00e9t\u00e9 civile qui a besoin de se r\u00e9fl\u00e9chir, de se repositionner, de s\u2019affranchir des clich\u00e9s associatifs et de la vanit\u00e9 de la politique.<\/span><\/p>\n<p align=\"justify\"><span lang=\"FR\">Tout cela ne pourra se faire que dans un esprit de dialogue, de partenariat et d\u2019appui aux m\u00e9dias.<\/span><\/p>\n<p align=\"justify\"><span lang=\"FR\">Seule une presse responsable et libre, gu\u00e9rie du sensationnel toxique, pourra \u00eatre le reflet de son temps, de sa soci\u00e9t\u00e9, de ses m\u00e9decins, de ses avocats, de ses enseignants, de ses ing\u00e9nieurs&#8230;<\/span><\/p>\n<p align=\"justify\"><span lang=\"FR\">Mais cette presse, y compris la t\u00e9l\u00e9 et la t\u00e9l\u00e9-r\u00e9alit\u00e9, doit d\u2019abord, pour \u00eatre cr\u00e9dible, refl\u00e9ter l\u2019\u00e9tat d\u2019\u00e2me de ceux qui la font. Et eux, en premiers&#8230;<\/span><\/p>\n<p align=\"justify\"><span lang=\"FR\">Raouf KHALSI<\/span><\/p>\n<p align=\"justify\"><b><span lang=\"FR\">(Source\u00a0: \u00ab\u00a0Le Temps\u00a0\u00bb (Quotidien \u2013 Tunis), le 26 mars 2009)<\/span><\/b><\/p>\n<p><\/font><\/div>\n<div>\u00a0<\/div>\n<div>\n<hr\/>\n<\/div>\n<h4 align=\"center\" style=\"color: blue;\"><span lang=\"FR\"><\/p>\n<h2 style=\"color: red;\"><font face=\"Arial\">Fl\u00e9au : Pouss\u00e9e de l&rsquo;alcoolisme<\/font><\/h2>\n<p><\/span><\/h4>\n<p><span lang=\"FR\">Le terme -alcoolisme- est devenu archa\u00efque. Aujourd&rsquo;hui, on lui pr\u00e9f\u00e8re le terme d&rsquo;alcoolod\u00e9pendance ou de maladie alcoolique. Tout comme le tabagisme, il s&rsquo;agit d&rsquo;une maladie qui pourrait \u00eatre soign\u00e9e si la personne alcoolique manifestait sa volont\u00e9 de combattre cette addiction en consultant un psychiatre ou un psychologue.<\/span><\/p>\n<p align=\"justify\"><span lang=\"FR\">A part la personne concern\u00e9e, c&rsquo;est aussi sa famille qui en est victime, d&rsquo;autant plus qu&rsquo;elle doit souvent subir le coup silencieusement afin de ne pas attirer l&rsquo;attention des autres, mais cela n&#8217;emp\u00eache qu&rsquo;elle se sent toujours culpabilis\u00e9e par l&rsquo;entourage. Lorsqu&rsquo;on sait que, pour chaque malade alcoolique, il y a au moins trois ou quatre membres (sinon plus !) de sa famille qui sont directement touch\u00e9s par la maladie, ce qui donne au mal toute son \u00e9tendue. En effet, tous ces membres deviennent, \u00e0 leur corps d\u00e9fendant, des co-d\u00e9pendants, dans la mesure o\u00f9 l&rsquo;\u00e9pouse et les enfants de l&rsquo;alcoolique se trouvent impliqu\u00e9s en subissant toutes les retomb\u00e9es de cette maladie alcoolique. Mais la souffrance de la femme ou des enfants et de tous ceux qui vivent au quotidien avec l&rsquo;alcoolique ne tardera pas \u00e0 se manifester, quoiqu&rsquo;ils aient tout fait pour essayer de dissimuler leur d\u00e9sarroi \u00e0 l&rsquo;entourage.<\/span><\/p>\n<p align=\"justify\"><span lang=\"FR\">La consommation d&rsquo;alcool dans notre pays est fortement banalis\u00e9e et certaines personnes s&rsquo;y adonnent d\u00e8s leur adolescence. Jeunes et adultes, hommes et femmes font d&rsquo;abord de l&rsquo;alcool un produit festif consomm\u00e9 lors des f\u00eates ou des sorties organis\u00e9es en familles ou entre amis ; mais chez d&rsquo;autres personnes, l&rsquo;alcool devient vite une habitude ; puis il commence \u00e0 \u00eatre une d\u00e9pendance dont il est difficile de se lib\u00e9rer. Chaque jour, on se rend immanquablement au bar, seul ou accompagn\u00e9, pour siroter sa dose quotidienne de bi\u00e8res ou de vin. Les premiers jours, c&rsquo;est simplement de la bi\u00e8re ou du vin ; mais peu \u00e0 peu, on devient amateur de bon vin, un expert en la mati\u00e8re ; on commence \u00e0 distinguer entre les marques et les qualit\u00e9s, entre le vin de terroir et celui de consommation courante, entre vin cru et vin aromatis\u00e9. Cependant, pour un alcoolique inv\u00e9t\u00e9r\u00e9, le breuvage qui compte le plus, c&rsquo;est celui qui monte \u00e0 la t\u00eate et la fait tourner, c&rsquo;est celui qui se boit jusqu&rsquo;\u00e0 la lie ! Ce qui compte, c&rsquo;est l&rsquo;ivresse qui fait chanceler, qui fait tituber. Pour tous les alcoolod\u00e9pendants, cela commence par \u00ab boire un petit coup \u00bb qui devient une consommation r\u00e9guli\u00e8re pour finir par \u00eatre un vice.<\/span><\/p>\n<p align=\"justify\"><span lang=\"FR\">Troubles <\/span><\/p>\n<p align=\"justify\"><span lang=\"FR\">\u00a0Il va sans dire que les cons\u00e9quences de l&rsquo;alcoolisme sont diverses et tr\u00e8s n\u00e9fastes aussi bien sur la personne alcoolique que sur son entourage. Quand on a bu beaucoup d&rsquo;alcool, on se sent souvent mal \u00e0 l&rsquo;aise, on a mauvaise haleine et on se r\u00e9veille le lendemain avec une gueule de bois. Une perte de contr\u00f4le de soi peut conduire \u00e0 des violences verbales ou physiques, notamment contre les membres de sa famille (le conjoint, les enfants, les parents&#8230;). De m\u00eame, cette maladie alcoolique agit sur les aptitudes physiques et psychiques de la personne en diminuant sa r\u00e9action, son attention et sa concentration surtout chez les conducteurs d&rsquo;automobiles, ce qui peut entrainer des accidents mortels sur la route. D&rsquo;autres cons\u00e9quences non moins graves consistent en des troubles maniaques et schizophr\u00e9niques jusqu&rsquo;\u00e0 des troubles dans la vie affective et sexuelle menant souvent \u00e0 l&rsquo;impuissance. Cependant, il est dommage que l&rsquo;alcoolisme reste encore un sujet tabou en Tunisie. Il est toujours reli\u00e9 \u00e0 un ensemble de facteurs culturels, \u00e9ducationnels, religieux, familiaux&#8230;C&rsquo;est pour cette raison qu&rsquo;il est difficile d&rsquo;avoir des statistiques officielles concluantes, \u00e0 part celles fournies par les quelques \u00e9tudes ou enqu\u00eates men\u00e9es par nos universitaires qui confirment que la d\u00e9pendance alcoolique est tr\u00e8s pr\u00e9coce en Tunisie. Cependant, dans le cadre du Programme National sur la Sant\u00e9 des Adolescents, mis en place par le Minist\u00e8re de la Sant\u00e9 Publique, des \u00e9tudes faites p\u00e9riodiquement depuis 1990 ont montr\u00e9 que \u00ab 20.4% des adolescents ont consomm\u00e9 au moins une fois une boisson alcoolis\u00e9e 33.5% de gar\u00e7ons et 7.5% de filles. Il s&rsquo;agit surtout de jeunes du milieu urbain (20.8% contre 17.5% en milieu rural). Ces enqu\u00eates soulignent que \u00ab parmi les gar\u00e7ons qui ont go\u00fbt\u00e9 \u00e0 l&rsquo;alcool 76.9% ont \u00e9t\u00e9 ivres au moins une fois et 41.7% plusieurs fois ; ces exp\u00e9riences d&rsquo;ivresse ont \u00e9t\u00e9 v\u00e9cues par 30% des filles qui ont d\u00e9j\u00e0 go\u00fbt\u00e9 l&rsquo;alcool. \u00bb L&rsquo;Association Tunisienne de la Pr\u00e9vention Routi\u00e8re (ATPR) a publi\u00e9 dans sa revue mensuelle de s\u00e9curit\u00e9 routi\u00e8re des chiffres r\u00e9v\u00e9lant que \u00ab 12127 accidents ont \u00e9t\u00e9 enregistr\u00e9s l&rsquo;ann\u00e9e derni\u00e8re dans notre pays dont 37% sont occasionn\u00e9s par une conduite sous l&#8217;emprise de l&rsquo;alcool \u00bb. <\/span><\/p>\n<p align=\"justify\"><span lang=\"FR\">\u00a0<span>L&rsquo;\u00e9chappatoire<\/span><\/span><\/p>\n<p align=\"justify\"><span lang=\"FR\">\u00a0Force est de constater que l&rsquo;alcoolisme est souvent derri\u00e8re bon nombre de probl\u00e8mes sociaux et familiaux aussi dramatiques que d\u00e9sastreux : les homicides et les viols commis par des malades alcooliques alimentent les chroniques judiciaires et les faits divers des quotidiens nationaux. La consommation abusive d&rsquo;alcool pose donc un grave probl\u00e8me de sant\u00e9 publique ; mais les probl\u00e8mes caus\u00e9s par le malade alcoolique aux membres de sa famille et \u00e0 son entourage sont tr\u00e8s inqui\u00e9tants. Un mari alcoolod\u00e9pendant est un grand malheur pour sa femme et ses enfants qui, tout en assumant le fait accompli, cherchent \u00e0 dissimuler tant bien que mal la r\u00e9alit\u00e9 aux voisins, aux amis en essayant en vain de l&rsquo;en dissuader. L\u00e0-dessus, une jeune femme qui pr\u00e9f\u00e8re garder l&rsquo;anonymat nous a confi\u00e9 : \u00ab Au d\u00e9but, il buvait pour le plaisir, juste un ap\u00e9ro qu&rsquo;il prenait de temps en temps entre amis ou dans les repas de famille. Petit \u00e0 petit, il devient de plus en plus friand d&rsquo;alcool. Si ce n&rsquo;est au bar, c&rsquo;est \u00e0 la maison qu&rsquo;il prend sa dose quotidienne. Et souvent, il boit au bar jusqu&rsquo;\u00e0 20h, l&rsquo;heure de fermeture des d\u00e9bits de boissons alcoolis\u00e9es, il termine son orgie d&rsquo;alcool \u00e0 la maison ; car il ne rentre jamais sans son stock qu&rsquo;il se procure dans une grande surface. Les vendredis et les jours de f\u00eates religieuses, quand la vente d&rsquo;alcool est interdite, il s&rsquo;alimente aupr\u00e8s des pourvoyeurs ill\u00e9gaux, ces commer\u00e7ants clandestins qui se trouvent dans les quartiers populaires. \u00c7a fait plus de dix ans que ses enfants et moi souffrons de cette situation. On essaie toujours de ne pas dramatiser la chose, d&rsquo;esp\u00e9rer un changement, une abstention de sa part ; mais en vain&#8230; les enfants grandissent et se sentent un peu g\u00ean\u00e9s devant leurs camarades et les voisins ; ils n&rsquo;invitent pas leurs copains \u00e0 la maison de peur qu&rsquo;on voie leur p\u00e8re dans un \u00e9tat d&rsquo;\u00e9bri\u00e9t\u00e9, les voisins nous regardent d&rsquo;un \u0153il accusateur. Les sc\u00e8nes de m\u00e9nage sont devenues quotidiennes et il a toujours un motif de se plaindre, semant parfois la terreur parmi ses enfants. Le lendemain matin, il d\u00e9nie tout et il redevient normal comme si de rien n&rsquo;\u00e9tait. Le soir, il recommence&#8230;Et le malheur est qu&rsquo;il refuse de se faire soigner chez un psychiatre ; c&rsquo;est toute la famille qui souffre \u00e0 cause de lui, la vie avec lui devient impossible ! \u00bb <\/span><\/p>\n<p align=\"justify\"><span lang=\"FR\">Face \u00e0 ses tentatives \u00e9chou\u00e9es, la femme du malade alcoolique \u00e9prouve un double sentiment de culpabilit\u00e9. Elle se sent coupable d&rsquo;avoir \u00e9chou\u00e9 de sauver son conjoint de ce vice, et d&rsquo;autre part, elle se sent responsable de la fuite de son partenaire vers l&rsquo;alcool, \u00e0 force d&rsquo;entendre dire dans l&rsquo;entourage et peut-\u00eatre de la bouche m\u00eame des siens : \u00ab Si son mari boit, c&rsquo;est de sa faute \u00bb. La m\u00eame phrase est d&rsquo;ailleurs r\u00e9p\u00e9t\u00e9e par les alcooliques eux-m\u00eames lors de chaque dispute avec la conjointe pour justifier leur recours \u00e0 l&rsquo;alcool. C&rsquo;est ainsi que les membres de la famille du malade alcoolique sont toujours expos\u00e9s aux cons\u00e9quences n\u00e9gatives de l&rsquo;alcoolisme et vivent dans la hantise de subir des insultes, des vexations, des violences de toutes sortes de la part des personnes atteintes de la maladie alcoolique.<\/span><\/p>\n<p align=\"justify\"><span lang=\"FR\">Hechmi KHALLADI<\/span><\/p>\n<p align=\"justify\"><span lang=\"FR\"><strong>(Source\u00a0: \u00ab\u00a0Le Temps\u00a0\u00bb (Quotidien \u2013 Tunis), le 26 mars 2009)<\/strong><\/span><\/p>\n<p align=\"justify\"><strong><\/strong><\/p>\n<hr\/>\n<p>\u00a0<\/p>\n<p><font><\/p>\n<h4 align=\"center\" style=\"color: blue;\"><span lang=\"FR\"><\/p>\n<h2 style=\"color: red;\"><font>Religion populaire administr\u00e9e<\/font><\/h2>\n<p><\/span><\/h4>\n<p><span lang=\"FR\">Par<\/span><span lang=\"FR-CH\">:<\/span><span lang=\"FR\"><strong><font>Carpe Diem<\/font><\/strong> <\/span><\/p>\n<p align=\"justify\"><span lang=\"FR\">L&rsquo;identification de la soci\u00e9t\u00e9 tunisienne aux valeurs arabo-musulmanes s&rsquo;est accrue ces derni\u00e8res ann\u00e9es. La situation de vide id\u00e9ologique et l&rsquo;absence d&rsquo;alternatives d\u00e9mocratiques a fait que les Tunisiens, en recherche de rep\u00e8res d&rsquo;identification, se sont sentis de plus en plus impr\u00e9gn\u00e9s de religiosit\u00e9. L&rsquo;Etat voit en cette mont\u00e9e en puissance de la religion un levier politique \u00e0 saisir, et aussi un vide \u00e0 combler. Un vide qu&rsquo;il a cr\u00e9e en \u00e9liminant toute expression politique de la religion en Tunisie qui n&rsquo;\u00e9mane pas du r\u00e9gime lui-m\u00eame.<\/span><\/p>\n<p align=\"justify\"><span lang=\"FR\">L&rsquo;Etat d\u00e9cide alors d&rsquo;occuper le terrain et de \u00ab\u00a0d\u00e9mocratiser\u00a0\u00bb la religion&#8230;tout en l&rsquo;encadrant strictement : on tol\u00e8re le voile, mais on harc\u00e8le et arr\u00eate les voil\u00e9es. On lib\u00e8re un chef de l&rsquo;opposition islamique, et on le renvoie en prison quelques jours apr\u00e8s&#8230;On remplit les mosqu\u00e9es, mais on choisit les imams&#8230;On lib\u00e8re les derniers Nahdhaouis de prison, mais on y envoie de nouveaux barbus&#8230; <\/span><\/p>\n<p align=\"justify\"><span lang=\"FR\">Aujourd&rsquo;hui, la religion a investi tous les domaines : la culture par la radio, les affaires par la finance, et la rue par le voile. Tout cela avec un succ\u00e8s populaire av\u00e9r\u00e9 : la radio religieuse est aujourd&rsquo;hui la plus \u00e9cout\u00e9e dans la pays, on consomme Hallal, on s&rsquo;habille Hallal, on r\u00e9fl\u00e9chit Hallal et on agit Hallal. En multipliant les r\u00e9f\u00e9rents religieux dans son discours et dans sa politique, l&rsquo;Etat cherche \u00e0 neutraliser toute contestation populaire et\/ou politique qui pourrait provenir des mouvances religieuses. Sa strat\u00e9gie : prendre les devants pour \u00e9viter de perdre le contr\u00f4le. Sa m\u00e9thode : entretenir son image de r\u00e9gime arabo-musulman \u00ab\u00a0authentique\u00a0\u00bb.<\/span><\/p>\n<p align=\"justify\"><span lang=\"FR\">L&rsquo;invitation officielle en Tunisie d&rsquo;Al Quaradawi est la derni\u00e8re op\u00e9ration de communication en mati\u00e8re de religion populaire administr\u00e9e. Comme toujours, tout a \u00e9t\u00e9 bien encadr\u00e9 : silence m\u00e9diatique sur une visite furtive d&rsquo;un \u00ab\u00a0consultant\u00a0\u00bb salafiste star des \u00e9crans arabes et auteur de 80 ouvrages, censur\u00e9s en Tunisie&#8230;Cela a permis \u00e0 un r\u00e9gime en manque de cr\u00e9dibilit\u00e9 de gagner en bonnes opinions chez un peuple reconnaissant de la reconnaissance que la Oumma, repr\u00e9sent\u00e9e par Dr Q, lui accorde&#8230;Et de r\u00e9cup\u00e9rer pour son compte la popularit\u00e9 du religieux qui n&rsquo;est plus \u00e0 confirmer dans le monde arabo-musulman.<\/span><\/p>\n<p align=\"justify\"><span lang=\"FR\">Aussi, dans un contexte o\u00f9 il est de plus en plus difficile de convaincre ses alli\u00e9s occidentaux du bien-fond\u00e9 des r\u00e9formes pseudo-d\u00e9mocratiques qui auraient \u00e9t\u00e9 engag\u00e9es depuis plus de 20 ans, l&rsquo;Etat fait-t-il un clin d&rsquo;\u0153il aux alli\u00e9s arabo-musulmans qui sont plus \u00e0 m\u00eame de le soutenir pour les proches \u00e9ch\u00e9ances \u00e9lectorales<\/span><\/p>\n<p align=\"justify\"><b>(Source\u00a0: le blog tunisien \u00ab\u00a0Carpediem\u00a0\u00bb, le<span dir=\"rtl\" lang=\"AR-SA\">13<\/span> mars 2009)<\/b><\/p>\n<p align=\"justify\"><b>Lien\u00a0:<span lang=\"FR\"><a target=\"_blank\" rel=\"noopener\">http:\/\/carpediem-selim.blogspot.com\/<\/a><\/span><\/b><\/p>\n<p align=\"justify\"><b><span lang=\"FR\">Commentaires \u00e0 ce post:<\/span><\/b><\/p>\n<p align=\"justify\"><b><i><span lang=\"EN-US\">Anonyme\u00a0 Anonyme a dit&#8230;<\/span><\/i><\/b><\/p>\n<p align=\"justify\"><i><span lang=\"EN-US\">\u00a0\u00a0\u00a0 From WIld Bled,<\/span><\/i><\/p>\n<p align=\"justify\"><i><span lang=\"EN-US\">\u00a0\u00a0\u00a0 <\/span><span lang=\"FR\">Et pourquoi vous n&rsquo;y voyez pas un retour aux sources du RCD de Thaalbi, haddad, bourguiba?\u00a0\u00a0\u00a0 Ce dernier a eu sa premi\u00e9re manifestation politique en s&rsquo;opposant \u00e0 un congr\u00e9 chf=r\u00e9tien en Tunisie.\u00a0\u00a0 la tunisie n&rsquo;a plus besoin de Quadhaoui et Co pour d\u00e9montrer que les tunisiens sont adeptes d&rsquo;in islam mod\u00e9r\u00e9 qui se ressourcent dans l&rsquo;ijtihad et qui prend en compte notre \u00e9re.<\/span><\/i><\/p>\n<p align=\"justify\"><i><span lang=\"FR\">\u00a0\u00a0\u00a0 la Tunisie a \u00e9t\u00e9 le seul pays arabe \u00e0 abolir la polygamie, \u00e0 donner les droits de votes aux femmes m\u00eame avant la Belgique ,et ceci conform\u00e9ment \u00e0 la chariaa islamique, mais le l\u00e9gislateur Tunisien a refus\u00e9 de changer les lois de l&rsquo;h\u00e9ritage, \u00e9tant d\u00e9finis par le coran<\/span><\/i><\/p>\n<p align=\"justify\"><i><span lang=\"FR\">\u00a0\u00a0\u00a0 C&rsquo;est le vrai Islam de la Tunisie, celui de Kairouan la grande, et celui de la zeitouna et ses cheikhs.<\/span><\/i><\/p>\n<p align=\"justify\"><i><span lang=\"FR\">\u00a0\u00a0\u00a0 Non monsieur, ce n&rsquo;est pas une religion administr\u00e9e, c&rsquo;est le vrai islam;<\/span><\/i><\/p>\n<p align=\"justify\"><i><span lang=\"FR\">\u00a0\u00a0\u00a0 Un retour aux sources du RCD ne peut que le renforcer encore plus: Je n&rsquo;ai jamais vot\u00e9 jusqu&rsquo;ici, cette \u00e2n\u00e9e j&rsquo;irai voter pour le RCD<\/span><\/i><\/p>\n<p align=\"justify\"><i><span lang=\"FR\">\u00a0\u00a0\u00a0<span>13 mars 2009 18:24<\/span><\/span><\/i><\/p>\n<p align=\"justify\"><b><i><span lang=\"FR\">Blogger Carpe Diem a dit&#8230;<\/span><\/i><\/b><\/p>\n<p align=\"justify\"><i><span lang=\"FR\">\u00a0\u00a0\u00a0 @Anonyme: Par religion administr\u00e9e, je n&rsquo;entends pas une religion \u00ab\u00a0fausse\u00a0\u00bb, comme vous semblez l&rsquo;avoir compris. Mais une religion administr\u00e9e par le haut, par l&rsquo;Etat.<\/span><\/i><\/p>\n<p align=\"justify\"><i><span lang=\"FR\">\u00a0\u00a0\u00a0 Et quelles sont ces \u00ab\u00a0sources\u00a0\u00bb du RCD qui sont bas\u00e9es sur la religion?<\/span><\/i><\/p>\n<p align=\"justify\"><i><span lang=\"FR\">\u00a0\u00a0\u00a0 Et puis finalement, on se rejoint quand vous me dites que, n&rsquo;ayant jamais vot\u00e9, vous allez le faire cette ann\u00e9e, pour le RCD, juste parce qu&rsquo;ils virent un peu plus vers la religion&#8230;Vous faites justement partie de ces voix sensibles au discours religieux que le parti tente de capter pour les prochaines \u00e9lections! Merci&#8230;<\/span><\/i><\/p>\n<p align=\"justify\"><i><span lang=\"FR\">\u00a0\u00a0\u00a0<span>13 mars 2009 18:33<\/span><\/span><\/i><\/p>\n<p align=\"justify\"><b><i><span lang=\"EN-US\">Anonyme Anonyme a dit&#8230;<\/span><\/i><\/b><\/p>\n<p align=\"justify\"><i><span lang=\"EN-US\">\u00a0\u00a0\u00a0 <\/span><span lang=\"FR\">From Wild Bled<\/span><\/i><\/p>\n<p align=\"justify\"><i><span lang=\"FR\">\u00a0\u00a0\u00a0 J&rsquo;ai bien compris votre message<\/span><\/i><\/p>\n<p align=\"justify\"><i><span lang=\"FR\">\u00a0\u00a0\u00a0 C&rsquo;est \u00e9vident pour moi que la religion doit \u00eatre administr\u00e9e par l&rsquo;\u00e9tat, n&rsquo;ayant pas un clerg\u00e9 dans notre religion<\/span><\/i><\/p>\n<p align=\"justify\"><i><span lang=\"FR\">\u00a0\u00a0\u00a0 par &lsquo;sources&rsquo; j&rsquo;ai voulu dire les racines du RCD d\u00e9s les ann\u00e9es 20: Pr\u00e9server l&rsquo;identit\u00e9 arabo musulmane de notre pays et continuer \u00e0 vivre notre culture impr\u00e9gn\u00e9e du vrai islam mod\u00e9r\u00e9 et progressiste;<\/span><\/i><\/p>\n<p align=\"justify\"><i><span lang=\"FR\">\u00a0\u00a0\u00a0 Je suis content cette fois ci de voter pour un RCD repr\u00e9sentative des opinions de la majorit\u00e9 absolue des Tunisiens<\/span><\/i><\/p>\n<p align=\"justify\"><i><span lang=\"FR\">\u00a0\u00a0\u00a0 le retour aux sources du RCD ne peuvent qu&rsquo;am\u00e9liorer les autres volets: Culturelle, soci\u00e9tale et \u00e9conomique<\/span><\/i><\/p>\n<p align=\"justify\">\u00a0<\/p>\n<p align=\"justify\"><i><span lang=\"FR\">\u00a0\u00a0\u00a0<span>13 mars 2009 19:33<\/span><\/span><\/i><\/p>\n<p align=\"justify\"><b><i><span lang=\"EN-US\">Anonyme Anonyme a dit&#8230;<\/span><\/i><\/b><\/p>\n<p align=\"justify\"><i><span lang=\"FR\">\u00a0\u00a0\u00a0 Bonsoir Carpe Diem, vous semblez afflig\u00e9 par ce retour au source de la Tunisie apr\u00e8s avoir essay\u00e9 diff\u00e9rentes voies plus hasardeuses les unes que les autres.<\/span><\/i><\/p>\n<p align=\"justify\"><i><span lang=\"FR\">\u00a0\u00a0\u00a0 \u00ab\u00a0L&rsquo;invitation officielle en Tunisie d&rsquo;Al Quaradawi est la derni\u00e8re op\u00e9ration de communication en mati\u00e8re de religion populaire administr\u00e9e. Comme toujours, tout a \u00e9t\u00e9 bien encadr\u00e9 : silence m\u00e9diatique sur une visite furtive d&rsquo;un \u00ab\u00a0consultant\u00a0\u00bb salafiste\u00a0\u00bb<\/span><\/i><\/p>\n<p align=\"justify\"><i><span lang=\"FR\">\u00a0\u00a0\u00a0 Comment pouvez vous parler d&rsquo;op\u00e9ration de communication et qu&rsquo;une phrase plus tard vous qualifiez cette m\u00eame op\u00e9ration de silence m\u00e9diatique?<\/span><\/i><\/p>\n<p align=\"justify\"><i><span lang=\"FR\">\u00a0\u00a0\u00a0 le docteur kardhaoui a \u00e9t\u00e9 invit\u00e9 au titre de pr\u00e9sident de l&rsquo;organisation mondiale islamique pour assister aux c\u00e9r\u00e9monies de Kairouan, capitale mondiale de la culture musulmane 2009,o\u00f9 est le mal \u00e0 cela?<\/span><\/i><\/p>\n<p align=\"justify\"><i><span lang=\"FR\">\u00a0\u00a0\u00a0 je suis une fidele lectrice de votre blog et permettez moi de vous dire que vous venez de rediger le plus mauvais article de l&rsquo;histoire de votre blog, car biais\u00e9, superficiel et rempli de pr\u00e9jug\u00e9s qui ne r\u00e9sisteront pas a une bonne analyse.<\/span><\/i><\/p>\n<p align=\"justify\"><b><i><span lang=\"FR\">\u00a0\u00a0\u00a0 leila.<\/span><\/i><\/b><\/p>\n<p align=\"justify\"><i><span lang=\"FR\">\u00a0\u00a0\u00a0<span>13 mars 2009 21:03<\/span><\/span><\/i><\/p>\n<p align=\"justify\"><b><i><span lang=\"FR\">Blogger Carpe Diem a dit&#8230;<\/span><\/i><\/b><\/p>\n<p align=\"justify\"><i><span lang=\"FR\">\u00a0\u00a0\u00a0 @Leila: Qui vous dit que je suis afflig\u00e9 \u00ab\u00a0par le retour aux sources\u00a0\u00bb? Pour moi ce n&rsquo;est pas un \u00ab\u00a0retour\u00a0\u00bb, puisque la Tunisie a toujours \u00e9t\u00e9 arabo-musulmane. J&rsquo;aimerai aussi pr\u00e9ciser que je n&rsquo;ai rien contre le retour de la Tunisie \u00e0 la religion. C&rsquo;est pas cela que je critique, mais la r\u00e9cup\u00e9ration de ce ph\u00e9nom\u00e8ne qui est faite par ceux qui nous gouvernent.<\/span><\/i><\/p>\n<p align=\"justify\"><i><span lang=\"FR\">\u00a0\u00a0\u00a0 Quand je parle de silence m\u00e9diatique, je d\u00e9signe l&rsquo;absence de toute explication ou analyse de notre presse des contours de cette visite. Les m\u00e9dias tunisiens n&rsquo;ont fait que rapporter l&rsquo;information toute brute. Cela n&#8217;emp\u00eache pas que cette visite a \u00e9t\u00e9 une vraie op\u00e9ration de communication, puisque l&rsquo;invit\u00e9 a \u00e9t\u00e9 montr\u00e9 \u00e0 la t\u00e9l\u00e9 d&rsquo;\u00e9tat, et relativement bien accueilli. Et puis encore une fois, je n&rsquo;ai pas dit que c&rsquo;\u00e9tait \u00ab\u00a0mal\u00a0\u00bb que \u00ab\u00a0le docteur kardhaoui a \u00e9t\u00e9 invit\u00e9 au titre de pr\u00e9sident de l&rsquo;organisation mondiale islamique pour assister aux c\u00e9r\u00e9monies de Kairouan, capitale mondiale de la culture musulmane 2009\u00a0\u00bb. Ou est-ce que tu as lu cela dans mon post? J&rsquo;ai ma propre id\u00e9e sur ce personnage, mais ce n&rsquo;est pas le sujet de ce post&#8230;Mais c&rsquo;est pas de lui que je parle dans ce post.<\/span><\/i><\/p>\n<p align=\"justify\"><i><span lang=\"FR\">\u00a0\u00a0\u00a0 Enfin, j&rsquo;ai peut-\u00eatre \u00e9t\u00e9 hasardeux comme tu le dis, mais il me semble que vous m&rsquo;avez lu avec parti pris, ce qui vous a peut-\u00eatre amen\u00e9 \u00e0 mal m&rsquo;interpr\u00e9ter. Merci<\/span><\/i><\/p>\n<p align=\"justify\"><i><span lang=\"FR\">\u00a0\u00a0\u00a0<span>13 mars 2009 22:23<\/span><\/span><\/i><\/p>\n<p align=\"justify\"><b><i><span lang=\"FR\">Anonyme anonyme 17 a dit&#8230;<\/span><\/i><\/b><\/p>\n<p align=\"justify\"><i><span lang=\"FR\">\u00a0\u00a0\u00a0 Analyse tr\u00e8s pertinente&#8230; il est vrai que c&rsquo;est r\u00e9ellement intriguant &#8230;cette invitation surprise &#8230;et dissimul\u00e9e au grand public &#8230;de ce personnage , jadis affubl\u00e9 de tous les maux &#8230;<\/span><\/i><\/p>\n<p align=\"justify\"><i><span lang=\"FR\">\u00a0\u00a0\u00a0 Il me semble que c&rsquo;est op\u00e9ration de s\u00e9duction \u00e9lectorale et que \u00e7a ne sera que de circonstances et temporaire&#8230; tout redeviendra comme avant une fois les \u00e9lections termin\u00e9es..et ce personnage redeviendra le diable&#8230; les voil\u00e9es plus harcel\u00e9es&#8230; les barbus emprisonn\u00e9s&#8230;.<\/span><\/i><\/p>\n<p align=\"justify\"><i><span lang=\"FR\">\u00a0\u00a0\u00a0<span>13 mars 2009 22:34<\/span><\/span><\/i><\/p>\n<p align=\"justify\"><b><i><span lang=\"EN-US\">Anonyme Anonyme a dit&#8230;<\/span><\/i><\/b><\/p>\n<p align=\"justify\"><i><span lang=\"FR\">\u00a0\u00a0\u00a0 par voies hasardeuses je parlais des choix politiques de la Tunisie avant d&rsquo;opter-enfin-pour le respect de la constitution qui nous dit que la Tunisie est un pays musulman, et non de votre fa\u00e7on d&rsquo;aborder le sujet.<\/span><\/i><\/p>\n<p align=\"justify\"><i><span lang=\"FR\">\u00a0\u00a0\u00a0 et j&rsquo;ai cru bon d&rsquo;apporter une petite pr\u00e9cision \u00e0 la raison r\u00e9elle de la visite du docteur kardhaoui en Tunisie et loin de moi l&rsquo;id\u00e9e de vous faire dire ce que vous ne dites pas.<\/span><\/i><\/p>\n<p align=\"justify\"><i><span lang=\"FR\">\u00a0\u00a0\u00a0 je ne vous ai pas mal interpr\u00e9t\u00e9 carpe diem, j&rsquo;ai bien compris votre article, enfin je l&rsquo;esp\u00e8re ,mais je ne suis pas d&rsquo;accord avec vous ni sur le fond ni sur la forme.<\/span><\/i><\/p>\n<p align=\"justify\"><i><span lang=\"FR\">\u00a0\u00a0\u00a0 je voudrais insister que \u00e7a se situe au niveau des id\u00e9es et sans consid\u00e9ration aucune, car je reste convaincue que chacun est libre de ses opinions et a le droit de les communiquer, donc croyez moi je ne vous juge pas du tout, je ne me permettrai jamais.<\/span><\/i><\/p>\n<p align=\"justify\"><i><span lang=\"FR\">\u00a0\u00a0\u00a0<span>13 mars 2009 22:54<\/span><\/span><\/i><\/p>\n<p align=\"justify\"><b><i><span lang=\"FR\">Blogger Carpe Diem a dit&#8230;<\/span><\/i><\/b><\/p>\n<p align=\"justify\"><i><span lang=\"FR\">\u00a0\u00a0\u00a0 @anonyme 17: Oui, c&rsquo;est exactement ce que je pense, ce ,n&rsquo;est qu&rsquo;une op\u00e9ration s\u00e9duction ponctuelle, et les choses redeviendront comme avant une fois le \u00e8me mandat remport\u00e9. Je ne pense pas que l&rsquo;\u00e9tat est entrain de pactiser avec les religieux, juste entrain de les utiliser. Merci pour le commentaire.<\/span><\/i><\/p>\n<p align=\"justify\"><i><span lang=\"FR\">\u00a0\u00a0\u00a0 @Leila: Je pense qu&rsquo;en termes de respect de la constitution, l&rsquo;\u00e9tat a encore beaucoup \u00e0 faire&#8230;<\/span><\/i><\/p>\n<p align=\"justify\"><i><span lang=\"FR\">\u00a0\u00a0\u00a0 Ce que j&rsquo;essaie d&rsquo;expliquer, c&rsquo;est que ce revirement vers la religion de la part du r\u00e9gime est probablement opportuniste, et s\u00fbrement pas par pure conviction. Merci en tous cas de respecter mes opinions, je comprends les v\u00f4tres.<\/span><\/i><\/p>\n<p align=\"justify\"><i><span lang=\"FR\">\u00a0\u00a0\u00a0<span>14 mars 2009 01:51<\/span><\/span><\/i> \u00a0<\/p>\n<p align=\"justify\"><b>(Source\u00a0: le blog tunisien \u00ab\u00a0Carpediem\u00a0\u00bb, le<span dir=\"rtl\" lang=\"AR-SA\">13<\/span> mars 2009)<\/b> <\/p>\n<p align=\"justify\"><b>Lien\u00a0:<span lang=\"FR\"><a target=\"_blank\" rel=\"noopener\">http:\/\/carpediem-selim.blogspot.com\/<\/a><\/span><\/b><\/p>\n<p><b><span lang=\"FR\"><\/p>\n<p>\u00a0<\/p>\n<hr\/>\n<p><\/span><\/b><\/p>\n<p align=\"center\" dir=\"ltr\"><font size=\"3\"><b><span dir=\"ltr\" lang=\"EN-US\">Brief and significant<\/span><\/b><\/font><\/p>\n<p dir=\"ltr\"><b><span lang=\"EN-US\">Written &amp; translated from Arabic by Hend Harouni on 26<sup>th<\/sup> march 2009<\/span><\/b><\/p>\n<p dir=\"ltr\"><b><span lang=\"EN-US\">\u2013Tunisia-<\/span><\/b><\/p>\n<p><b><span lang=\"EN-US\">\u00a0<\/span><\/b><\/p>\n<p><b><span lang=\"EN-US\">Monday, 12th Rabi3\u00a0 al\u00a0 awal\u00a0 1430- 9<sup>th<\/sup> March 2009<\/span><\/b><\/p>\n<p><span lang=\"EN-US\"> <\/span><b><span lang=\"EN-US\">In The Name Of Allah The Most Gracious The Most Merciful &amp; Prayer and Peace Be Upon Our Sincere and Trustee Prophet Muhammad<\/span><\/b><\/p>\n<p><span lang=\"EN-US\"> In this blessed anniversary of the Islamic Nation, the anniversary of the birth of the most honorable creature, our Master, Prophet of ALLAH and Our beloved Chosen Muhammad\u00a0 Ibn Abdullah, Allah\u2019s prayer and peace be upon Him, His family and companions, we do pray and make a lot of salutation for Him and we stick to His love and triumph; He who will support us with ALLAH\u2019s will on the resurrection day. Also, we should not forget to congratulate the \u00ab\u00a0lifeline\u00a0\u00bb convoy, to whom Allah facilitated blockade breaking and GAZA entry in this blessed day. <\/span><\/p>\n<p><span lang=\"EN-US\"> <b>The origin nature of the issue is not surprising:<\/b> <b>how<\/b> one\u00a0 wonders about the \u00ab\u00a0new-old\u00a0\u00bb crimes of the zionists and their recent burning conflict based on their shameful offence to our Prophet Jesus and Our Lady Mary, peace be upon them,\u00a0 reaching our\u00a0 beloved\u00a0 Muhammad prayer and peace be upon Him &#8230; <b>However<\/b>, one has to resist this aggression, by legitimate,\u00a0 practical and positive means, being patient, well relying on ALLAH till ALLAH inherits the earth and all it carries and he also has to avoid wasting time in triviality while these enemies lie in wait since decades. <\/span><\/p>\n<p><span lang=\"EN-US\">The most serious attack was the horrible crime of genocide they had committed that was witnessed by the entire universe: in which they used phosphorous bombs and firearms being internationally prohibited in order to destroy life in Gaza.<\/span><\/p>\n<p><span lang=\"EN-US\"> There is no doubt that all ALLAH Prophets and Messengers from Abraham, prayer and peace be upon Him to Muhammad ALLAH bless Him are glad with GAZA victory and angry against the Israeli zionists\u2019\u00a0 aggression; they who laugh at the Prophets and Messengers and do kill human being, animal, plant, natural, architectural and other kinds of creatures\u2026 particularly in Palestine and GAZA by their using of chemical weapons in addition to white flammable phosphorus; those weapons which have so far innumerably collected the lives of\u00a0 the children , the poor babies, the elderly, men and women in addition to the time planned cancerous diseases for the remaining lives, those legally humanly and internationally restricted weapons that we should better call\u00a0 \u00a0\u00bb entire loss testing weapons,\u00a0\u00bb\u00a0 in addition\u00a0 to occupation + prisons + torture + assassination + forced emigration + excavation in Jerusalem and Al-Aqsa Mosque + the separation wall building + settlements + siege + prevention\u00a0 of\u00a0 admission of\u00a0 humanitarian relief to tighten the closure of all crossings + and many other kinds of aggressions &#8230; .<\/span><\/p>\n<p><span lang=\"EN-US\"> Never will destiny bring any victory to this aggressor as\u00a0 he is based on evil and aggression which\u00a0 is unacceptable by ALLAH, His angels, His Prophets and His creatures with the impossibility of existence of any supernatural evil against ALLAH creation and on earth and human dignity protection laws with a reminder that self-defense and that of the land, homeland\u00a0 and the holy values is the duty of every human being as to defend his dignity and every individual Muslim because we have a firm date to be standing between the hands of ALLAH; an immense wisdom from ALLAH the Glorious that He put in\u00a0 our souls and hearts : <b>\u00ab\u00a0we fear ALLAH so we escape from Him to Him\u00a0\u00bb. <\/b><\/span><\/p>\n<p><span lang=\"EN-US\"> ALLAH The Glorious and Sublime said in His wise book in <\/span><b><span lang=\"EN-US\">Surah 18. <\/span><span lang=\"EN-US\">Al-Kahf<\/span><\/b><span lang=\"EN-US\"> &#8211; <\/span><b><span lang=\"EN-US\">The Cave : <\/span><span dir=\"rtl\" lang=\"AR-TN\">\u00ab\u00a0<\/span><\/b><\/p>\n<p><b><span lang=\"EN-US\">102.<\/span><\/b><span lang=\"EN-US\"> Do the Unbelievers think that they can take My servants as protectors besides Me? Verily We have prepared Hell for the Unbelievers for (their) entertainment.<\/span><\/p>\n<p><b><span lang=\"EN-US\">103.<\/span><\/b><span lang=\"EN-US\"> Say: \u00ab\u00a0Shall we tell you of those who lose most in respect of their deeds?-<\/span><\/p>\n<p><b><span lang=\"EN-US\">104.<\/span><\/b><span lang=\"EN-US\"> \u00ab\u00a0Those whose efforts have been wasted in this life, while they thought that they were acquiring good by their works?\u00a0\u00bb <\/span><\/p>\n<p><b><span lang=\"EN-US\">105.<\/span><\/b><span lang=\"EN-US\"> They are those who deny the Signs of their Lord and the fact of their having to meet Him (in the Hereafter): vain will be their works, nor shall We, on the Day of Judgment, give them any weight. <\/span><\/p>\n<p><b><span lang=\"EN-US\">106.<\/span><\/b><span lang=\"EN-US\"> That is their reward, Hell, because they rejected Faith, and took My Signs and My Messengers by way of jest. <\/span><\/p>\n<p><b><span lang=\"EN-US\">107.<\/span><\/b><span lang=\"EN-US\"> As to those who believe and work righteous deeds, they have, for their entertainment, the Gardens of Paradise, <\/span><\/p>\n<p><b><span lang=\"EN-US\">108.<\/span><\/b><span lang=\"EN-US\"> Wherein they shall dwell (for aye): no change will they wish for from them.<\/span><\/p>\n<p><b><span lang=\"EN-US\">109.<\/span><\/b><span lang=\"EN-US\"> Say: \u00ab\u00a0If the ocean were ink (wherewith to write out) the words of my Lord, sooner would the ocean be exhausted than would the words of my Lord, even if we added another ocean like it, for its aid.\u00a0\u00bb <\/span><\/p>\n<p><b><span lang=\"EN-US\">110.<\/span><\/b><span lang=\"EN-US\"> Say: \u00ab\u00a0I am but a man like yourselves, (but) the inspiration has come to me, that your Allah is one Allah. whoever expects to meet his Lord, let him work righteousness, and, in the worship of his Lord, admit no one as partner <\/span><b><span dir=\"rtl\" lang=\"AR-TN\">\u00ab\u00a0<\/span><span lang=\"EN-US\">.<\/span><\/b><span lang=\"EN-US\"><\/span><\/p>\n<p><span lang=\"EN-US\">ALLAH empowers and triumphs the\u00a0 faithful people in all life fields only if\u00a0 they are beneficent and honest in their work , with themselves and with the others and\u00a0 no benefit from unconcerned, hypocrites, deceitful, elusive\u00a0 and malicious as they cannot\u00a0 unable\u00a0 ALLAH on earth, I repeat ALLAH on earth and Great is Allah the Equitable and Omnipotent over His slaves.<\/span><\/p>\n<p><span lang=\"EN-US\">\u00a0<\/span><\/p>\n<p><\/font><\/p>\n<p align=\"center\" dir=\"ltr\">\n<h2 style=\"color: red;\"><font face=\"Arial\" size=\"2\"><strong><b><a href=\"http:\/\/www.tunisnews.net\/\"><font face=\"Arial\"><span><font size=\"2\">Home<\/font><\/span><font size=\"2\"><span lang=\"FR-CH\"> &#8211; Accueil <\/span><span>&#8211; <\/span><\/font><\/font><span dir=\"rtl\" lang=\"AR-SA\"><font size=\"2\">\u0627\u0644\u0631\u0626\u064a\u0633\u064a\u0629<\/font><\/span><\/a><\/b><\/strong><\/font><\/h2>\n<\/p>\n<p><\/font><\/body><\/body><\/html><\/p>\n","protected":false},"excerpt":{"rendered":"<p>Home &#8211; Accueil TUNISNEWS 8\u00a0\u00e8me ann\u00e9e, N\u00b0\u00a03229 du 26.03.2009 \u00a0archives : www.tunisnews.net\u00a0\u00a0 Libert\u00e9 et Equit\u00e9: Nouvelles des libert\u00e9s en Tunisie AISPP: Communiqu\u00e9 AISPP: Proc\u00e8s du secr\u00e9taire g\u00e9n\u00e9ral de l\u2019Union G\u00e9n\u00e9rale des Etudiants de Tunisie pour \u00e9bri\u00e9t\u00e9 et agression AFP: Crash ATR tunisien: Tuninter surprise et m\u00e9contente, \u00e9voque des pressions Jeune Afrique: L&rsquo;Afrique selon Kouchner Xinhua: [&hellip;]<\/p>\n","protected":false},"author":1,"featured_media":22040,"comment_status":"open","ping_status":"open","sticky":false,"template":"","format":"standard","meta":{"inline_featured_image":false,"site-sidebar-layout":"default","site-content-layout":"","ast-site-content-layout":"default","site-content-style":"default","site-sidebar-style":"default","ast-global-header-display":"","ast-banner-title-visibility":"","ast-main-header-display":"","ast-hfb-above-header-display":"","ast-hfb-below-header-display":"","ast-hfb-mobile-header-display":"","site-post-title":"","ast-breadcrumbs-content":"","ast-featured-img":"","footer-sml-layout":"","ast-disable-related-posts":"","theme-transparent-header-meta":"","adv-header-id-meta":"","stick-header-meta":"","header-above-stick-meta":"","header-main-stick-meta":"","header-below-stick-meta":"","astra-migrate-meta-layouts":"default","ast-page-background-enabled":"default","ast-page-background-meta":{"desktop":{"background-color":"","background-image":"","background-repeat":"repeat","background-position":"center center","background-size":"auto","background-attachment":"scroll","background-type":"","background-media":"","overlay-type":"","overlay-color":"","overlay-opacity":"","overlay-gradient":""},"tablet":{"background-color":"","background-image":"","background-repeat":"repeat","background-position":"center center","background-size":"auto","background-attachment":"scroll","background-type":"","background-media":"","overlay-type":"","overlay-color":"","overlay-opacity":"","overlay-gradient":""},"mobile":{"background-color":"","background-image":"","background-repeat":"repeat","background-position":"center center","background-size":"auto","background-attachment":"scroll","background-type":"","background-media":"","overlay-type":"","overlay-color":"","overlay-opacity":"","overlay-gradient":""}},"ast-content-background-meta":{"desktop":{"background-color":"var(--ast-global-color-5)","background-image":"","background-repeat":"repeat","background-position":"center center","background-size":"auto","background-attachment":"scroll","background-type":"","background-media":"","overlay-type":"","overlay-color":"","overlay-opacity":"","overlay-gradient":""},"tablet":{"background-color":"var(--ast-global-color-5)","background-image":"","background-repeat":"repeat","background-position":"center center","background-size":"auto","background-attachment":"scroll","background-type":"","background-media":"","overlay-type":"","overlay-color":"","overlay-opacity":"","overlay-gradient":""},"mobile":{"background-color":"var(--ast-global-color-5)","background-image":"","background-repeat":"repeat","background-position":"center center","background-size":"auto","background-attachment":"scroll","background-type":"","background-media":"","overlay-type":"","overlay-color":"","overlay-opacity":"","overlay-gradient":""}},"footnotes":""},"categories":[],"tags":[55,40,29],"class_list":["post-17793","post","type-post","status-publish","format-standard","has-post-thumbnail","hentry","tag-55","tag-40","tag-fr"],"_links":{"self":[{"href":"https:\/\/tunisnews.net\/ar\/wp-json\/wp\/v2\/posts\/17793","targetHints":{"allow":["GET"]}}],"collection":[{"href":"https:\/\/tunisnews.net\/ar\/wp-json\/wp\/v2\/posts"}],"about":[{"href":"https:\/\/tunisnews.net\/ar\/wp-json\/wp\/v2\/types\/post"}],"author":[{"embeddable":true,"href":"https:\/\/tunisnews.net\/ar\/wp-json\/wp\/v2\/users\/1"}],"replies":[{"embeddable":true,"href":"https:\/\/tunisnews.net\/ar\/wp-json\/wp\/v2\/comments?post=17793"}],"version-history":[{"count":0,"href":"https:\/\/tunisnews.net\/ar\/wp-json\/wp\/v2\/posts\/17793\/revisions"}],"wp:featuredmedia":[{"embeddable":true,"href":"https:\/\/tunisnews.net\/ar\/wp-json\/wp\/v2\/media\/22040"}],"wp:attachment":[{"href":"https:\/\/tunisnews.net\/ar\/wp-json\/wp\/v2\/media?parent=17793"}],"wp:term":[{"taxonomy":"category","embeddable":true,"href":"https:\/\/tunisnews.net\/ar\/wp-json\/wp\/v2\/categories?post=17793"},{"taxonomy":"post_tag","embeddable":true,"href":"https:\/\/tunisnews.net\/ar\/wp-json\/wp\/v2\/tags?post=17793"}],"curies":[{"name":"wp","href":"https:\/\/api.w.org\/{rel}","templated":true}]}}