{"id":17767,"date":"2007-12-16T00:00:00","date_gmt":"2007-12-16T00:00:00","guid":{"rendered":"https:\/\/tunisnews.net\/16-decembre-2007\/"},"modified":"2007-12-16T00:00:00","modified_gmt":"2007-12-16T00:00:00","slug":"16-decembre-2007","status":"publish","type":"post","link":"https:\/\/tunisnews.net\/ar\/16-decembre-2007\/","title":{"rendered":"16 d\u00e9cembre 2007"},"content":{"rendered":"<p><html><head><meta content=\"text\/html\" description=\"      Le docteur Sadok Chourou, prisonnier politique, ex pr\u00e9sident du mouvement \n      En Nahdha, poursuit sa gr\u00e8ve de la faim illimit\u00e9e pour le douzi\u00e8me jour \n      d\u2019affil\u00e9e, pour protester contre le non respect par les autorit\u00e9s de leurs \n      promesses, alors qu\u2019elles lui avaient demand\u00e9 de suspendre sa gr\u00e8ve \n      pr\u00e9c\u00e9dente, en lui assurant que ses revendications l\u00e9gitimes seraient \n      satisfaites : l\u2019octroi de passeports pour sa femme et ses enfants, le \n      r\u00e9cup\u00e9ration de son v\u00e9hicule confisqu\u00e9 depuis 1991, et la r\u00e9int\u00e9gration de \n      son fr\u00e8re jumeau dans son poste de professeur \u00e0 l\u2019universit\u00e9 tunisienne en \n      ex\u00e9cution d\u2019une d\u00e9cision du tribunal administratif en sa faveur.\" http-equiv=\"Content-Type\"\/><\/head><body><body><\/p>\n<p align=\"center\" dir=\"ltr\"><b><a href=\"http:\/\/www.tunisnews.net\"><span>Home<\/span><span lang=\"FR-CH\"> &#8211; Accueil <\/span><span>&#8211;<\/span><\/a><\/b><\/p>\n<p><font face=\"Arial\" size=\"2\"><\/p>\n<div>\n<div>  <\/div>\n<p> <span lang=\"FR\"> <\/p>\n<div align=\"center\" dir=\"ltr\"> <font face=\"Arial\"><font size=\"7\"> <span lang=\"SV\"> <strong>TUNISNEWS<\/strong><\/span> <\/font><\/font> <\/div>\n<div align=\"center\" dir=\"ltr\"> <strong><font face=\"Arial\"><font size=\"2\">8\u00a0\u00e8me\u00a0ann\u00e9e,    <span lang=\"FR\">N\u00b05\u00a02762 du 16.12.2007<\/span><\/font><\/font><\/strong><\/div>\n<p> <strong> <\/p>\n<div align=\"center\" dir=\"ltr\"> <b><span><blink> <font face=\"Arial\" size=\"2\">\u00a0archives : <\/font> <a href=\"\" target=\"_blank\" rel=\"noopener\"> <font face=\"Arial\" size=\"2\" target=\"_blank\">    www.tunisnews.net<\/font><\/a><\/blink><\/span><\/b><font face=\"Arial\" size=\"2\"> <\/font> <span lang=\"FR-CH\"> <span lang=\"FR\"> <span dir=\"rtl\" lang=\"FR\"> <span lang=\"FR-CH\"><font><font> <font><strong><font><\/p>\n<hr\/>\n<p><\/font><\/strong> <\/font><\/font><\/font><\/span><\/span><\/span><\/span><\/div>\n<div dir=\"ltr\"> <strong><\/p>\n<p><font>Libert\u00e9 et Equit\u00e9: Sadok Chourou en gr\u00e8ve de     la faim illimit\u00e9e jusqu\u2019\u00e0 la mort     <font>Libert\u00e9 et Equit\u00e9: Nouvel \u00e9pisode dans le feuilleton     du harc\u00e8lement de la famille de l\u2019ex prisonnier politique Mohammed Moncef     Ouerghi<\/font>     Libert\u00e9 et Equit\u00e9: Agression d\u2019Aymen Rezgui, cam\u00e9raman de la cha\u00eene El hiwar     <font>AISPP: Sahl Beldi dispara\u00eet, quelques minutes apr\u00e8s sa     lib\u00e9ration..!<\/font>     AISPP: Appel de l\u2019ex prisonnier politique Ahmed Bouazizi     <font>AP: Tunisie: proc\u00e8s mouvement\u00e9 de pr\u00e9sum\u00e9s terroristes     salafistes<\/font>     Reuters: Tunisie &#8211; Le proc\u00e8s de 30 islamistes de nouveau ajourn\u00e9     <font>Reuters: Judge adjourns trial of Tunisia coup bid     suspects<\/font>\u00a0      AP: 4 Tunisians convicted on terrorism charges for trying to join insurgency     in Iraq     <font>Kamel CHAABOUNI: les attentats terroristes d\u2019alger     renforcent le despotisme et transforme l\u2019islam en ecole du crime<\/font>     24 Heures: Kechiche fait son couscous en pleine semoule sociale<\/font><\/p>\n<p><\/strong><\/div>\n<div dir=\"ltr\">\n<div align=\"center\">\n<div align=\"justify\">\u00a0<\/div>\n<hr\/><\/div>\n<div align=\"center\">\n<p><font size=\"3\"><font size=\"2\">Libert\u00e9 pour       Slim Boukhdir, la plume libre       <\/font><font size=\"2\"><strong><font>Libert\u00e9 et Equit\u00e9<\/font> <\/strong><\/font><font size=\"2\">URGENCE : sauvez la vie de       l\u2019ex prisonnier politique Ahmed Bouazizi              33 rue Mokhtar Atya, 1001 Tunis       Tel\/fax : 71 340 860       Email : <\/font><a href=\"mailto:Libert\u00e9_\u00e9quit\u00e9@yahoo.fr\"> <font face=\"Arial\" size=\"2\">Libert\u00e9_\u00e9quit\u00e9@yahoo.fr<\/font><\/a> <font face=\"Arial\" size=\"2\"><font>Tunis, le 14 d\u00e9cembre       2007<\/font> \u00a0<\/font><\/font><\/p>\n<\/div>\n<div align=\"center\"> <strong><\/p>\n<h2 style=\"color: red;\"><font size=\"3\">Sadok Chourou en gr\u00e8ve de la faim       illimit\u00e9e jusqu\u2019\u00e0 la mort<\/font><\/h2>\n<p><\/strong> \u00a0<\/div>\n<div align=\"justify\">      Le docteur Sadok Chourou, prisonnier politique, ex pr\u00e9sident du mouvement       En Nahdha, poursuit sa gr\u00e8ve de la faim illimit\u00e9e pour le douzi\u00e8me jour       d\u2019affil\u00e9e, pour protester contre le non respect par les autorit\u00e9s de leurs       promesses, alors qu\u2019elles lui avaient demand\u00e9 de suspendre sa gr\u00e8ve       pr\u00e9c\u00e9dente, en lui assurant que ses revendications l\u00e9gitimes seraient       satisfaites : l\u2019octroi de passeports pour sa femme et ses enfants, le       r\u00e9cup\u00e9ration de son v\u00e9hicule confisqu\u00e9 depuis 1991, et la r\u00e9int\u00e9gration de       son fr\u00e8re jumeau dans son poste de professeur \u00e0 l\u2019universit\u00e9 tunisienne en       ex\u00e9cution d\u2019une d\u00e9cision du tribunal administratif en sa faveur.       Madame Emna Najjar, \u00e9pouse du prisonnier politique le docteur Sadok       Chourou, qui lui a rendu visite derni\u00e8rement, nous a inform\u00e9s qu\u2019il est       alit\u00e9, qu\u2019il ne peut pas marcher, qu\u2019il parle avec difficult\u00e9 et que son       co d\u00e9tenu, monsieur Ridha Boukadi, qui a suspendu sa gr\u00e8ve de la faim,       s\u2019occupe de lui. Elle a dit que la visite n\u2019avait pas dur\u00e9 plus de cinq       minutes, et qu\u2019elle \u00e9tait tr\u00e8s inqui\u00e8te pour sa sant\u00e9, craignant pour sa       vie;       Libert\u00e9 et Equit\u00e9       [\u2026]       Pour le bureau ex\u00e9cutif de l\u2019organisation       <strong><font>Monsieur Zouha\u00efer Makhlouf<\/font><\/strong> <font>(traduction d\u2019extraits ni revue ni corrig\u00e9e par les       auteurs de la version en arabe, LT)<\/font>        \u00a0<\/div>\n<div align=\"center\">\n<hr\/><\/div>\n<div align=\"center\">             Libert\u00e9 pour Slim Boukhdir, la plume libre       <strong><font>Libert\u00e9 et Equit\u00e9<\/font><\/strong>       URGENCE : sauvez la vie de l\u2019ex prisonnier politique Ahmed Bouazizi              33 rue Mokhtar Atya, 1001 Tunis       Tel\/fax : 71 340 860       Email : <a href=\"mailto:Libert\u00e9_\u00e9quit\u00e9@yahoo.fr\">Libert\u00e9_\u00e9quit\u00e9@yahoo.fr<\/a>              Tunis, le 14 d\u00e9cembre 2007              <strong><\/p>\n<p><font size=\"3\">Nouvel \u00e9pisode dans le feuilleton       du harc\u00e8lement de la famille de l\u2019ex prisonnier politique Mohammed Moncef       Ouerghi<\/font><\/p>\n<p><\/strong><\/div>\n<div align=\"justify\">             Ces derniers jours, la famille de l\u2019ex prisonnier politique Mohammed       Moncef Ouerghi, a \u00e9t\u00e9 harcel\u00e9e de fa\u00e7on quasi quotidienne apr\u00e8s la       disparition du fils, le jeune Abdelaziz Ouerghi. Le 14 d\u00e9cembre 2007, son       fr\u00e8re Abderrahmane a \u00e9t\u00e9 arr\u00eat\u00e9 pendant quelques heures par le district de       la S\u00fbret\u00e9 de Ben Arous, pour un interrogatoire qui portait essentiellement       sur le lieu o\u00f9 se trouvait son fr\u00e8re Abdelaziz. Dans l\u2019intervalle, un       groupe d\u2019agents de la S\u00fbret\u00e9 de l\u2019Etat se sont rendus au domicile de l\u2019ex       prisonnier politique Mohammed Moncef Ouerghi et l\u2019ont inform\u00e9 qu\u2019il devait       accompagner son fils Abderrahmane au si\u00e8ge de l\u2019administration de la       S\u00fbret\u00e9 de l\u2019Etat demain, 15 d\u00e9cembre 2007, \u00e0 dix heures et demi.       Libert\u00e9 et Equit\u00e9        [\u2026]       Pour le bureau ex\u00e9cutif de l\u2019Organisation       <strong><font>Monsieur Zouha\u00eeer Makhlouf<\/font><\/strong> <font>(traduction d\u2019extraits ni revue ni corrig\u00e9e par les       auteurs de la version en arabe, LT)<\/font><\/div>\n<div align=\"justify\">\n<hr\/><\/div>\n<div align=\"justify\"> <font> <\/p>\n<div align=\"center\">        Libert\u00e9 pour Slim Boukhdir, la plume libre         <strong><font>Libert\u00e9 et Equit\u00e9<\/font><\/strong>         URGENCE : sauvez la vie de l\u2019ex prisonnier politique Ahmed Bouazizi                  33 rue Mokhtar Atya, 1001 Tunis         Tel\/fax : 71 340 860         Email : <a href=\"mailto:Libert\u00e9_\u00e9quit\u00e9@yahoo.fr\">Libert\u00e9_\u00e9quit\u00e9@yahoo.fr<\/a>                  Tunis, le 14 d\u00e9cembre 2007                  <strong><\/p>\n<h2 style=\"color: red;\"><font size=\"3\">Agression d\u2019Aymen Rezgui,         cam\u00e9raman de la cha\u00eene El hiwar<\/font><\/h2>\n<p><\/strong><\/div>\n<div align=\"justify\">        \u00a0<\/div>\n<div align=\"justify\">        Vendredi 14 d\u00e9cembre 2007, monsieur Aymen Rezgui, cam\u00e9raman de la cha\u00eene         El hiver a \u00e9t\u00e9 agress\u00e9 alors qu\u2019il partait couvrir la r\u00e9union qui se         tenait au si\u00e8ge du Forum d\u00e9mocratique pour le travail et les libert\u00e9s.         Il a \u00e9t\u00e9 enlev\u00e9 et emmen\u00e9 dans un immeuble voisin. L\u00e0, il a \u00e9t\u00e9 agress\u00e9         violemment par une dizaine d\u2019agents de la police politique, puis d\u00e9lest\u00e9         de ses deux t\u00e9l\u00e9phones cellulaires.         Libert\u00e9 et \u00c9quit\u00e9         [\u2026]         Pour le bureau ex\u00e9cutif de l\u2019organisation         <strong><font>Monsieur Zouha\u00efer Makhlouf<\/font><\/strong> <font>(traduction d\u2019extraits ni revue ni corrig\u00e9e par         les auteurs de la version en arabe, LT)<\/font><\/div>\n<p> <\/font> <\/div>\n<div align=\"justify\">\n<hr\/><\/div>\n<div align=\"center\">             Libert\u00e9 pour tous les prisonniers politiques       Libert\u00e9 pour Abdallah Zouari, le journaliste exil\u00e9 dans son propre pays              <strong><font>Association internationale de soutien aux       prisonniers politiques<\/font><\/strong>       43 rue Eldjazira, Tunis       E-mail : aispptunisie@yahoo.fr              Tunis, le 14 d\u00e9cembre 2007       <strong><\/p>\n<h2 style=\"color: red;\"><font size=\"3\">Sahl Beldi dispara\u00eet, quelques       minutes apr\u00e8s sa lib\u00e9ration..!<\/font><\/h2>\n<p><\/strong><\/div>\n<div align=\"justify\">      \u00a0<\/div>\n<div align=\"justify\">      L\u2019association a appris que le prisonnier Sahl Beldi avait disparu aussit\u00f4t       apr\u00e8s sa lib\u00e9ration de la prison de Borj Er Roumi \u00e0 midi. Toutes les       tentatives de son p\u00e8re, Monsieur Fadhel Beldi, (ex prisonnier politique,       et ex dirigeant du conseil consultatif du mouvement de la Nahdha) pour       savoir ce qui lui \u00e9tait arriv\u00e9 sont rest\u00e9es vaines ; l\u2019administration de       la prison de Borj Er Roumi lui a dit qu\u2019il avait quitt\u00e9 la prison vers       midi et qu\u2019il pouvait \u00eatre au district de la garde nationale de Bizerte.       Quand il a contact\u00e9 le district, on lui a dit que son fils \u00e9tait sous la       responsabilit\u00e9 du poste de la cit\u00e9 Ghazala \u00e0 Tunis, qu\u2019il faisait l\u2019objet       d\u2019un mandat de recherche\u2026 dans l\u2019int\u00e9r\u00eat des familles ! La famille de Sahl       Beldi recherche effectivement son fils depuis deux ans et demi apr\u00e8s qu\u2019il       ait \u00e9t\u00e9 d\u00e9tenu au secret par les services de la S\u00fbret\u00e9 de l\u2019Etat, avant       d\u2019\u00eatre condamn\u00e9, et que la peine soit \u2026termin\u00e9e ! [\u2026]       Pour la commission de suivi des personnes lib\u00e9r\u00e9es       Le vice pr\u00e9sident de l\u2019association       <strong><font>Ma\u00eetre Abdelwahab Maatar<\/font><\/strong> <font>(traduction d\u2019extraits ni revue ni corrig\u00e9e par les       auteurs de la version en arabe, LT)<\/font> \u00a0<\/div>\n<div align=\"justify\">\n<hr\/><\/div>\n<div align=\"center\">             \u00a0       Libert\u00e9 pour tous les prisonniers politiques       Libert\u00e9 pour Abdallah Zouari, le journaliste exil\u00e9 dans son propre pays              <strong><font>Association internationale de soutien aux       prisonniers politiques<\/font><\/strong>       43 rue Eldjazira, Tunis       E-mail : aispptunisie@yahoo.fr \u00a0<\/div>\n<div align=\"justify\">      \u00a0<\/div>\n<div align=\"justify\"> <strong><\/p>\n<p><font><u><font>Nous avons re\u00e7u la       lettre ci-dessous de l\u2019ex prisonnier politique Ahmed Bouazizi ; nous la       reproduisons telle que, elle se passe de tout commentaire ou ajout \u2026<\/font><\/u> <\/font><\/p>\n<p><\/strong>       Mateur-Bizerte, le 24 novembre 2007       Dieu m\u2019en soit t\u00e9moin !       Au nom de Dieu le tr\u00e8s mis\u00e9ricordieux, le tout mis\u00e9ricordieux       A toute conscience vive       Je suis Ahmed Ben Mekki Bouazizi, ex prisonnier politique, je suis n\u00e9 le 5       octobre 1953 \u00e0 Mateur dans le gouvernorat de Bizerte. J\u2019ai \u00e9t\u00e9 lib\u00e9r\u00e9 le       30 novembre 2006 \u00e0 titre conditionnel, apr\u00e8s que les autorit\u00e9s tunisiennes       se soient assur\u00e9es que ma vie \u00e9tait menac\u00e9e par une maladie incurable, et       au terme de quatorze ann\u00e9es d\u2019incarc\u00e9ration, pass\u00e9es dans les prisons       tunisiennes depuis 1992, date de mon proc\u00e8s qui m\u2019a vu condamn\u00e9 \u00e0 un total       de 43 ans.       Mais mon retour \u00e0 la libert\u00e9 [\u2026], \u00e0 ma famille a rallum\u00e9 les chagrins, et       a r\u00e9veill\u00e9 chez les membres de ma famille le sentiment de l\u2019\u00e9chec et de la       d\u00e9ception, surtout depuis qu\u2019il est av\u00e9r\u00e9 pour tous que j\u2019ai un cancer du       colon, avec une m\u00e9tastase au foie [\u2026]       Un sexag\u00e9naire qui revient vers les siens apr\u00e8s que les prisons l\u2019aient       rong\u00e9, que l\u2019humidit\u00e9 et la pourriture des murs et de l\u2019air lui aient       inocul\u00e9 une maladie maligne, qui apr\u00e8s avoir \u00e9t\u00e9 coup\u00e9 du monde, qui doit       faire face aux besoins divers de sa famille, aux chartes exponentielles de       la vie, aux frais des \u00e9tudes de ses filles \u00e0 l\u2019universit\u00e9, et \u00e0 une       maladie dont il ne peut supporter les frais de traitement [\u2026] une seule       s\u00e9ance de rayons co\u00fbte 2000 dinars tunisiens, que peut-il faire [\u2026] ?       Je n\u2019aurais pas pris mon stylo et \u00e9crit ces mots sans la lueur dans les       yeux de mes filles, dans lesquels je lis leur espoir dans ma gu\u00e9rison et       mon maintien \u00e0 leurs c\u00f4t\u00e9s [\u2026], je n\u2019aurais pas pris garde \u00e0 la fa\u00e7on dont       j\u2019allais mourir si je n\u2019avais pas craint que mes proches ne m\u2019accusent de       ne pas m\u2019\u00eatre pr\u00e9occup\u00e9 de ma situation afin que je puisse me d\u00e9barrasser       de la maladie et r\u00e9cup\u00e9rer ma sant\u00e9.       <strong>Ahmed Bouazizi, ex prisonnier politique, Mateur Bizerte<\/strong><\/div>\n<div align=\"justify\">             Pour la commission de suivi des personnes lib\u00e9r\u00e9es       <font>Le secr\u00e9taire g\u00e9n\u00e9ral de l\u2019association : ma\u00eetre       Semir Dilou<\/font> <font>(traduction d\u2019extraits, ni revue ni corrig\u00e9e par       l\u2019auteur de la version en arabe, LT)<\/font><\/div>\n<\/p><\/div>\n<div dir=\"ltr\">\n<hr\/><\/div>\n<div align=\"center\" dir=\"ltr\">\n<li><strong><br \/>\n<h2 style=\"color: red;\"><font size=\"3\">Voici le num\u00e9ro 86 d&rsquo;elkhadra.<\/font><\/h2>\n<p> <\/strong><\/li>\n<li><strong>Tr\u00e9s bonne lecture <\/strong><\/li><\/div>\n<li>\n<div align=\"center\"> <strong>http:\/\/elkhadra.over-blog.com <\/strong> <\/div>\n<\/li>\n<li>\n<div align=\"center\"> <strong>elkhadra@hotmail.com<\/strong>      \u00a0<\/div>\n<div dir=\"ltr\">\u00a0<\/div>\n<\/li>\n<li> <a href=\"http:\/\/elkhadra.over-blog.com\/article-14648059.html\" rel=\"nofollow noopener\" target=\"_blank\"> <font>PANIER DE CRABES<\/font><\/a>..par Biju\n<div>\u00a0<\/div>\n<\/li>\n<li> <a href=\"http:\/\/elkhadra.over-blog.com\/article-14652017.html\" rel=\"nofollow noopener\" target=\"_blank\"> <font>M.MARZOUKI, DIALOGUE AVEC L&rsquo;HUMAIN<\/font><\/a> <\/li>\n<li> <a href=\"http:\/\/elkhadra.over-blog.com\/article-14651937.html\" rel=\"nofollow noopener\" target=\"_blank\"> <font>M.MARZOUKI, DIALOGUE AVEC L&rsquo;HUMAIN<\/font><\/a> <\/li>\n<li> <a href=\"http:\/\/elkhadra.over-blog.com\/article-14651715.html\" rel=\"nofollow noopener\" target=\"_blank\"> <font>H.M&rsquo;HAMDI DANS LE TEXTE<\/font><\/a> <\/li>\n<li> <a href=\"http:\/\/elkhadra.over-blog.com\/article-14651660.html\" rel=\"nofollow noopener\" target=\"_blank\"> <font>M&rsquo;HAMDI H. (suite)<\/font><\/a> <a href=\"http:\/\/elkhadra.over-blog.com\/article-14648059.html\" rel=\"nofollow noopener\" target=\"_blank\">\n<div>     \u00a0<\/div>\n<p> <\/a><\/li>\n<li> <a href=\"http:\/\/elkhadra.over-blog.com\/article-14626971.html\" rel=\"nofollow noopener\" target=\"_blank\"> <font>SALE TEMPS<\/font><\/a> <\/li>\n<li> <a href=\"http:\/\/elkhadra.over-blog.com\/article-14623838.html\" rel=\"nofollow noopener\" target=\"_blank\"> <font>AVIS DE RECHERCHE<\/font><\/a> <\/li>\n<li> <a href=\"http:\/\/elkhadra.over-blog.com\/article-14620685.html\" rel=\"nofollow noopener\" target=\"_blank\"> <font>Alger : Le retour de la psychose ?<\/font><\/a> <\/li>\n<li> <a href=\"http:\/\/elkhadra.over-blog.com\/article-14612620.html\" rel=\"nofollow noopener\" target=\"_blank\"> <font>UNE VISION DE L&rsquo;ENFER&#8230;K.TRAOULI<\/font><\/a> <\/li>\n<li> <a href=\"http:\/\/elkhadra.over-blog.com\/article-14595838.html\" rel=\"nofollow noopener\" target=\"_blank\"> <font>ALGERIE POINT DE NON-RETOUR<\/font><\/a> <\/li>\n<li> <a href=\"http:\/\/elkhadra.over-blog.com\/article-14588964.html\" rel=\"nofollow noopener\" target=\"_blank\"> <font>BEN ALI PICSOU<\/font><\/a> <\/li>\n<li> <a href=\"http:\/\/elkhadra.over-blog.com\/article-14588547.html\" rel=\"nofollow noopener\" target=\"_blank\"> <font>BEN ALI ET LES ORS ZARKOSIENNES<\/font><\/a>\u00a0 <\/li>\n<li> <a href=\"http:\/\/elkhadra.over-blog.com\/article-14571259.html\" rel=\"nofollow noopener\" target=\"_blank\"> <font>ADDI<\/font><\/a>\u00a0 <\/li>\n<li> <a href=\"http:\/\/elkhadra.over-blog.com\/article-14571216.html\" rel=\"nofollow noopener\" target=\"_blank\"> <font>GEORGES CORM<\/font><\/a>\u00a0 <\/li>\n<li> <a href=\"http:\/\/elkhadra.over-blog.com\/article-14563868.html\" rel=\"nofollow noopener\" target=\"_blank\"> <font>LA GRAINE ET LE MULET.<\/font><\/a>\u00a0 <\/li>\n<li> <a href=\"http:\/\/elkhadra.over-blog.com\/article-14563734.html\" rel=\"nofollow noopener\" target=\"_blank\"> <font>\u00c0 qui profite la hausse ?<\/font><\/a>\u00a0 <\/li>\n<li> <a href=\"http:\/\/elkhadra.over-blog.com\/article-14556137.html\" rel=\"nofollow noopener\" target=\"_blank\"> <font>\u0645\u0631\u0643\u0632\u064a\u0629 \u0627\u0644\u0645\u0635\u0627\u0644\u062d\u0629 \u0641\u064a \u0627\u0644\u062e\u0637\u0627\u0628 \u0627\u0644\u0625\u0633\u0644\u0627\u0645\u064a \u0627\u0644\u062c\u062fK.TRAOUILI<\/font><\/a>   \u00a0\n<div>    \u0644  <\/div>\n<\/li>\n<li> <a href=\"http:\/\/elkhadra.over-blog.com\/article-14541665.html\" rel=\"nofollow noopener\" target=\"_blank\"> <font>Un vrai terroriste est en libert\u00e9 :<\/font><\/a>\u00a0 <\/li>\n<li> <a href=\"http:\/\/elkhadra.over-blog.com\/article-14541305.html\" rel=\"nofollow noopener\" target=\"_blank\"> <font>Chers jeunes et moins jeunes<\/font><\/a>\u00a0 <\/li>\n<li> <a href=\"http:\/\/elkhadra.over-blog.com\/article-14511154.html\" rel=\"nofollow noopener\" target=\"_blank\"> <font>Les d\u00e9s pip\u00e9s de BEN ALI<\/font><\/a>\u00a0 <\/li>\n<li> <a href=\"http:\/\/elkhadra.over-blog.com\/article-14491482.html\" rel=\"nofollow noopener\" target=\"_blank\"> <font>Le leurre de l\u2019ind\u00e9pendance<\/font><\/a>  \u00a0\n<div>    \u00a0<\/div>\n<\/li>\n<li> <a href=\"http:\/\/elkhadra.over-blog.com\/article-14490940.html\" rel=\"nofollow noopener\" target=\"_blank\"> <font>Le Lobby<\/font><\/a>\u00a0 <\/li>\n<li> <a href=\"http:\/\/elkhadra.over-blog.com\/article-14490381.html\" rel=\"nofollow noopener\" target=\"_blank\"> <font>La Mer Int\u00e9rieure Saharienne<\/font><\/a> <\/li>\n<li> <a href=\"http:\/\/elkhadra.over-blog.com\/article-14478759.html\" rel=\"nofollow noopener\" target=\"_blank\"> <font>A PROPOS DE LIVRES SUR L&rsquo;ISLAM.<\/font><\/a>  \u00a0\n<div dir=\"ltr\">    \u00a0<\/div>\n<div dir=\"ltr\">\n<hr\/><\/div>\n<div dir=\"ltr\">\n<div align=\"center\">\n<h2 style=\"color: red;\"><font size=\"3\"><strong>Tunisie: proc\u00e8s mouvement\u00e9 de       pr\u00e9sum\u00e9s terroristes salafistes<\/strong><\/font><\/h2>\n<\/div>\n<div align=\"justify\">      AP &#8211; Samedi 15 d\u00e9cembre, 19h05        TUNIS &#8211; Le proc\u00e8s d&rsquo;un groupe de salafistes djihadistes tunisiens       impliqu\u00e9s dans des affrontements arm\u00e9s avec les forces de l&rsquo;ordre, a \u00e9t\u00e9       \u00e9maill\u00e9 samedi d&rsquo;incidents qui ont sem\u00e9 par moments la panique dans la       salle d&rsquo;audience. Il a \u00e9t\u00e9 marqu\u00e9 par le retrait d&rsquo;un grand nombre des       avocats de la d\u00e9fense.       Trente pr\u00e9venus, la plupart jeunes, comparaissaient devant la quatri\u00e8me       chambre criminelle du tribunal de premi\u00e8re instance de Tunis pour r\u00e9pondre       de chefs d&rsquo;inculpation passibles de la peine capitale pour 29 d&rsquo;entre eux.       Ils ont \u00e9t\u00e9 arr\u00eat\u00e9s apr\u00e8s des accrochages arm\u00e9s fin d\u00e9cembre et d\u00e9but       janvier derniers pr\u00e8s de Tunis, qui ont caus\u00e9 la mort d&rsquo;un militaire, d&rsquo;un       agent de police et de 12 membres du groupe salafiste, selon un bilan       officiel.       Selon les autorit\u00e9s, le noyau du groupe baptis\u00e9 \u00ab\u00a0Soldats d&rsquo;Assad Ibn       Fourat\u00a0\u00bb, du nom d&rsquo;un chef de guerre arabe, compos\u00e9 de six personnes, cinq       Tunisiens et un Mauritanien, s&rsquo;\u00e9tait infiltr\u00e9 par la fronti\u00e8re alg\u00e9rienne,       avec des armes. Il aurait eu des liens avec l&rsquo;ex-groupe salafiste pour la       pr\u00e9dication et le combat (GSPC) converti en branche d&rsquo;Al-Qa\u00efda au Maghreb       islamique.       Les pr\u00e9venus sont accus\u00e9s notamment de \u00ab\u00a0complot contre la s\u00fbret\u00e9       int\u00e9rieure de l&rsquo;Etat\u00a0\u00bb, de \u00ab\u00a0tentatives d&rsquo;attaques pr\u00e9m\u00e9dit\u00e9es visant \u00e0       renverser le r\u00e9gime\u00a0\u00bb et d'\u00a0\u00bbincitation de la population \u00e0 s&rsquo;entretuer\u00a0\u00bb.       Il leur est \u00e9galement reproch\u00e9 leur appartenance \u00e0 une organisation ayant       opt\u00e9 pour le terrorisme pour r\u00e9aliser ses desseins, d&rsquo;avoir suivi des       entra\u00eenements militaires pour commettre des crimes terroristes et d&rsquo;avoir       procur\u00e9 des explosifs, des munitions et autres mat\u00e9riels similaires au       profit de cette organisation.       Les troubles ont \u00e9clat\u00e9 dans la salle lorsque le pr\u00e9sident du tribunal a       tenu \u00e0 donner lecture de l&rsquo;acte d&rsquo;accusation, alors que le doyen B\u00e9chir       Essid et d&rsquo;autres avocats r\u00e9clamaient un nouveau report du proc\u00e8s \u00ab\u00a0pour       permettre \u00e0 la d\u00e9fense d&rsquo;accomplir convenablement sa mission dans une       affaire aussi grave\u00a0\u00bb.       Des sc\u00e8nes de d\u00e9sordre ont suivi le retrait d&rsquo;une vingtaine d&rsquo;avocats en       signe de protestation contre l&rsquo;attitude du juge.       Des membres de familles de pr\u00e9venus scandaient \u00ab\u00a0Allah akbar\u00a0\u00bb (Dieu est       grand), tandis que plusieurs accus\u00e9s montaient sur les bancs sur lesquels       ils \u00e9taient assis en criant des slogans religieux, donnant lieu \u00e0       l&rsquo;intervention muscl\u00e9e des agents de l&rsquo;ordre pour les ma\u00eetriser et les       \u00e9vacuer de la salle.       Une fois le calme r\u00e9tabli, seuls cinq pr\u00e9venus ont regagn\u00e9 la salle       d&rsquo;audience. Apr\u00e8s lecture de l&rsquo;acte d&rsquo;accusation, il a \u00e9t\u00e9 proc\u00e9d\u00e9 \u00e0       l&rsquo;interrogatoire des accus\u00e9s qui ont ni\u00e9 les griefs retenus contre eux,       hormis leur appartenance au courant salafiste djihadiste. Plusieurs ont       d\u00e9clar\u00e9 que les aveux leur \u00e9t\u00e9 extorqu\u00e9s sous la contrainte.       La prochaine audience a \u00e9t\u00e9 fix\u00e9e au 22 d\u00e9cembre pour l&rsquo;audition des       plaidoiries. AP<\/div>\n<\/p><\/div>\n<div dir=\"ltr\">\n<hr\/><\/div>\n<div dir=\"ltr\">\n<p align=\"center\"> <span lang=\"FR\"><strong><\/p>\n<h2 style=\"color: red;\"><font size=\"3\">Tunisie &#8211; Le proc\u00e8s     de 30 islamistes de nouveau ajourn\u00e9<\/font><\/h2>\n<p><\/strong><\/span><\/p>\n<p> <span lang=\"FR\">REUTERS, le 15     d\u00e9cembre 2007 \u00e0 <\/span> <span dir=\"rtl\" lang=\"AR-SA\">17<\/span><span lang=\"FR\">h<\/span><span dir=\"rtl\" lang=\"AR-SA\">44<\/span><\/p>\n<p> <span lang=\"FR\">\u00a0<\/span><\/p>\n<p> <span lang=\"FR\">TUNIS, 15     d\u00e9cembre (Reuters) &#8211; Un tribunal de Tunis a de nouveau ajourn\u00e9 samedi le     proc\u00e8s de 30 islamistes accus\u00e9s d&rsquo;avoir projet\u00e9 un coup d&rsquo;Etat, provoquant     des \u00e9chauffour\u00e9es dans la salle d&rsquo;audience.<\/span><\/p>\n<p> <span lang=\"FR\">Le proc\u00e8s a \u00e9t\u00e9     renvoy\u00e9 au 22 d\u00e9cembre \u00e0 la demande de la d\u00e9fense qui souhaite avoir plus de     temps pour \u00e9tudier les dossiers, a annonc\u00e9 le juge Mehrez Hammami.<\/span><\/p>\n<p> <span lang=\"FR\">Le parquet     accuse les 30 hommes d&rsquo;avoir affront\u00e9 la police en d\u00e9cembre 2006 et janvier     2007 dans la capitale, Tunis, et ses environs.<\/span><\/p>\n<p> <span lang=\"FR\">Ces violents     affrontements avaient fait craindre \u00e0 l&rsquo;\u00e9poque que la n\u00e9buleuse d&rsquo;activistes     islamistes op\u00e9rant au Maghreb ait intensifi\u00e9 ses op\u00e9rations pour renverser     les gouvernements en place dans la r\u00e9gion.<\/span><\/p>\n<p> <span lang=\"FR\">En tout, 14     hommes arm\u00e9s avaient p\u00e9ri dans les affrontements.<\/span><\/p>\n<p> <span lang=\"FR\">Les avocats de     la d\u00e9fense, qui avaient demand\u00e9 un report plus long pour pr\u00e9parer la d\u00e9fense     de leurs clients, ont quitt\u00e9 la salle pour manifester leur d\u00e9sapprobation.<\/span><\/p>\n<p> <span lang=\"FR\">Lors de leur     d\u00e9part, les accus\u00e9s se sont lev\u00e9s de leur si\u00e8ge et certains ont cri\u00e9 \u00ab\u00a0Dieu     est grand\u00a0\u00bb. Une rixe a alors \u00e9clat\u00e9 avec les forces de s\u00e9curit\u00e9.<\/span><\/p>\n<p> <span lang=\"FR\">Les accus\u00e9s ont     \u00e9t\u00e9 emmen\u00e9s hors de la salle d&rsquo;audience sur ordre du juge. Le p\u00e8re de l&rsquo;un     d&rsquo;entre eux s&rsquo;est lev\u00e9 et a demand\u00e9 \u00e0 conna\u00eetre la v\u00e9rit\u00e9. Il a \u00e9t\u00e9 arr\u00eat\u00e9     et pourrait, selon l&rsquo;un des avocats, \u00eatre incarc\u00e9r\u00e9 pendant un mois.<\/span><\/p>\n<\/div>\n<div dir=\"ltr\">\n<hr\/><\/div>\n<div align=\"center\" dir=\"ltr\">\n<h2 style=\"color: red;\"><font><strong><font size=\"3\">Judge adjourns trial of Tunisia     coup bid suspects<\/font><\/strong>  \u00a0<\/font><\/h2>\n<\/div>\n<div align=\"justify\" dir=\"ltr\">    15 Dec 2007 16:56:18 GMT\u00a0          \u00a0TUNIS, Dec 15 (Reuters) &#8211; Scuffles broke out in a Tunis courtroom on     Saturday after a judge postponed the trial of 30 Islamists charged with     attempting to overthrow the government.      \u00ab\u00a0The trial is put off until Dec. 22 following the request of lawyers for     more time to study the files,\u00a0\u00bb judge Mehrez Hammami announced.      Prosecutors say the group clashed with police in December 2006 and January     2007, rare incidents in the stable north African country popular with     European holidaymakers.      The 30 defendants, many of whom were rounded up shortly after the clashes in     the Tunis suburbs, deny charges of trying to overthrow the government,     disturbing public order and belonging to a terrorist organisation.      Defence lawyers had asked for a longer delay to the trial to prepare their     case and withdrew from the court of first instance in protest.      As they walked out, the defendants stood up on their seats and many shouted     \u00ab\u00a0God is great\u00a0\u00bb. Scuffles then broke out between the prisoners and court     security officials.      The judge ordered the defendants out of the courtroom and a father of one of     them cried out a demand \u00ab\u00a0to know the truth\u00a0\u00bb. He was arrested and lawyers     said he could be jailed for a month.      Some of the prisoners claimed to belong to the Soldiers of Assad Ibn Furat,     an Islamist group named after a 9th-century Tunisian jurist, religious     scholar and military leader, defence lawyer Samir Ben Amor told Reuters     before the hearing.      He said the group had no link with al Qaeda.      Security experts said the shoot-outs were the latest evidence that a loose     network of militant groups was stepping up coordination in their attempts to     topple Maghreb governments.      Islamic rebels in Tunisia&rsquo;s more restive neighbour Algeria aligned     themselves with al Qaeda this year and carried out a string of bombings, two     of which killed more than 30 people including 17 U.N. workers in the capital     Algiers this week. (Reporting by Tarek Amara, editing by Tom Pfeiffer)     ((Tunis newsroom; +216-71 787538, fax +216-71 787454))  <\/div>\n<div dir=\"ltr\">\n<hr\/><\/div>\n<div dir=\"ltr\">\n<p align=\"center\"> <strong><\/p>\n<h3 style=\"color: blue;\"><font size=\"3\"><span lang=\"EN-GB\">4 Tunisians     convicted on terrorism charges for trying to join insurgency in Iraq<\/span><\/font><\/h3>\n<p><\/strong><\/p>\n<p> <span dir=\"rtl\" lang=\"AR-SA\"><font face=\"Times New Roman\" size=\"3\">\u00a0<\/font><\/span><\/p>\n<p> <span lang=\"FR\">Associated     Press, le 15 d\u00e9cembre 2007 \u00e0 <\/span> <span dir=\"rtl\" lang=\"AR-SA\">20<\/span><span lang=\"FR\">h<\/span><span dir=\"rtl\" lang=\"AR-SA\">35<\/span><\/p>\n<p> <span lang=\"EN-GB\">\u00a0<\/span><\/p>\n<p> <span lang=\"EN-GB\">TUNIS,     Tunisia (AP) _ A court has convicted four Tunisians<\/span><span lang=\"EN-GB\"> <\/span><span lang=\"EN-GB\">on     terrorism-related charges for trying to join the<\/span><span lang=\"EN-GB\"> <\/span><span lang=\"EN-GB\">    insurgency in Iraq, their defense lawyer said Friday<\/span><span dir=\"rtl\" lang=\"AR-SA\">.<\/span><\/p>\n<p> <span lang=\"EN-GB\">The Tunis     court sentenced the four men on Thursday to<\/span><span lang=\"EN-GB\"> <\/span><span lang=\"EN-GB\">prison     terms ranging from six to 14 years for \u00ab\u00a0membership<\/span><span lang=\"EN-GB\"> <\/span><span lang=\"EN-GB\">in a     terror organization,\u00a0\u00bb lawyer Samir ben Amor said<\/span><span dir=\"rtl\" lang=\"AR-SA\">.<\/span><\/p>\n<p> <span lang=\"EN-GB\">The men, ages     25 to 30 years old, were detained in Syria<\/span><span lang=\"EN-GB\"> <\/span><span lang=\"EN-GB\">in     2005 while trying to cross into neighbouring Iraq, and<\/span><span lang=\"EN-GB\"> <\/span><span lang=\"EN-GB\">were     handed over to Tunisian police, the lawyer said<\/span><span dir=\"rtl\" lang=\"AR-SA\">.<\/span><\/p>\n<p> <span lang=\"EN-GB\">Ben Amor said     the four maintained their innocence in the<\/span><span lang=\"EN-GB\"> <\/span><span lang=\"EN-GB\">trial,     and said he argued that seeking to join the<\/span><span lang=\"EN-GB\"> <\/span><span lang=\"EN-GB\">    insurgency in Iraq was not itself a crime<\/span><span dir=\"rtl\" lang=\"AR-SA\">.<\/span><\/p>\n<p> <span lang=\"EN-GB\">The 14-year     penalties were given to Hosni Jelassi, who was<\/span><span lang=\"EN-GB\"> <\/span><span lang=\"EN-GB\">    considered to have led the border-crossing operation, and<\/span><span lang=\"EN-GB\"> <\/span><span lang=\"DE-CH\">    student Zied Trabelsi. <\/span> <span lang=\"EN-GB\">Oussama     Chebbi received eight years<\/span><span lang=\"EN-GB\"> <\/span><span lang=\"EN-GB\">and     Hamza Naouali six<\/span><span dir=\"rtl\" lang=\"AR-SA\">.<\/span><\/p>\n<p>\u00a0<\/p>\n<hr\/><\/div>\n<div dir=\"ltr\">\n<p><font face=\"Arial\" size=\"2\"><b> <\/b><\/p>\n<p align=\"center\">LES ATTENTATS TERRORISTES D\u2019ALGER\u00a0RENFORCENT LE DESPOTISME     ET TRANSFORME L\u2019ISLAM EN ECOLE DU CRIME<\/p>\n<p> <\/font><\/p>\n<p align=\"justify\">L\u2019organisation terroriste sauvage et criminelle, al-Qaida     dirig\u00e9e par\u00a0 Ben Laden, continue de frapper dans le monde entier. En Irak,     principalement, de mani\u00e8re quotidienne, et \u00e9pisodiquement en Alg\u00e9rie, et     ailleurs, gr\u00e2ce au ralliement des islamistes alg\u00e9riens \u00e0 son commandement     g\u00e9n\u00e9ral (\u00a0al-Qaida pour le Maghreb\u00a0). Une organisation de pauvres jeunes     gens, illettr\u00e9s, paum\u00e9s et format\u00e9s par un fanatisme moyen\u00e2geux. De l\u00e2ches     attentats commis aveugl\u00e9ment, contre des cibles diverses, mais qui touchent     principalement des victimes civiles innocentes. Les criminels, assassins,     sans foi ni loi, qui commettent ces attentats odieux, contre des victimes     innocentes, au nom de leur conception de l\u2019Islam, n\u2019ont rien, en fait, de     musulmans. Le Proph\u00e8te et ses compagnons, dont ils se r\u00e9clament,     d\u00e9sapprouveraient, \u00e0 coup sur, leurs pratiques criminelles et nazis. L\u2019Islam,     comme toute autre religion, id\u00e9ologie ou \u00e9thique, d\u00e9sapprouve le fait de     tuer des personnes innocentes\u00a0! <font size=\"5\"><\/font><\/p>\n<p> <b><u> <\/u><\/b><\/p>\n<p align=\"justify\">Le Coran, malgr\u00e9 des versets contradictoires, dilemme     r\u00e9solu par la th\u00e9ologie du \u00a0\u00bb\u00a0nasikh\u00a0\u00ab\u00a0, l\u2019abrogeant et du \u00a0\u00bb\u00a0mansukh\u00a0\u00a0\u00bb     l\u2019abrog\u00e9, comporte certes des appels \u00e0 tuer les \u00a0\u00bb\u00a0kafiruns\u00a0\u00a0\u00bb et \u00e0 leur     tendre des embuscades, versets que soutiennent les islamistes modernes pour     justifier leurs massacres. En revanche, le Coran contient des versets qui     interdisent express\u00e9ment l\u2019assassinat sans raison valable\u00a0: \u00a0\u00bb\u00a0Ne tuez     personne sans juste motif\u00a0\u00a0\u00bb (\u00a0wa la taqtulu al-nafsa, illa bil-haqq ).     L\u2019Islam qui, pour moi, se r\u00e9sume exclusivement au codex coranique, son texte     fondateur, appelle certes au djihad, mais le djihad auquel appelle le Coran     est une guerre sainte, dont le but est le pros\u00e9lytisme. C\u2019est-\u00e0-dire la     propagation de l\u2019Islam et la conversion, par la contrainte des armes, des     non-croyants. C\u2019est une guerre, qui a d\u2019abord un objectif et qui a ses     r\u00e8gles et son \u00e9thique, principalement celui d\u2019\u00e9pargner les femmes, les     enfants et les lieux saints des juifs et des chr\u00e9tiens, sans parler des     mosqu\u00e9es\u00a0!<font size=\"5\"><\/font><\/p>\n<p> <font face=\"Arial\" size=\"2\"> <\/p>\n<p align=\"justify\">Les attentats criminels des islamistes radicaux, qui sont     commis aujourd\u2019hui de part le monde, et principalement en Irak et en Alg\u00e9rie,     est une guerre larv\u00e9e qui ne respecte aucune r\u00e8gle et ne dispose d\u2019aucune     \u00e9thique. Les attentats en Irak ont \u00e9t\u00e9 commis dans des march\u00e9s publics, dans     des cimeti\u00e8res, dans des convois fun\u00e9raires, dans des mosqu\u00e9es, des \u00e9glises,     dans les universit\u00e9s et m\u00eame dans les maternelles\u00a0! Ils ont \u00e9limin\u00e9 la vie     d\u2019\u00eatre humains innocents, sans distinction, enfants, femmes, hommes en qu\u00eate     de travail, policiers, militaires, mais aussi des musulmans sunnites et     d\u2019autres chiites, des yazdites, des chr\u00e9tiens\u00a0!\u00a0 <b><u>L\u00e0 r\u00e8gle, car il y en     a une tout de m\u00eame, des terroristes islamistes, c\u2019est de frapper fort et     partout afin de faire le maximum de victimes innocentes, faire sensation sur     l\u2019opinion publique\u00a0!<\/u> <\/b>Dieu, ou la nature, ont donn\u00e9 le droit de vivre     sur cette terre \u00e0 ces victimes innocentes, mais les terroristes islamistes     en ont d\u00e9cid\u00e9 autrement\u00a0! L\u2019exemple irakien illustre parfaitement le     terrorisme aveugle et criminel des islamistes radicaux. Malheureusement ils     ont trouv\u00e9 un soutien parmi nos braves d\u00e9mocrates et gauchistes tunisiens     qui prennent pour de la r\u00e9sistance nationale contre l\u2019occupant am\u00e9ricain     cette barbarie gratuite, odieuse, sauvage et injuste. <\/p>\n<p><\/font> <font face=\"Arial\" size=\"2\"> <\/p>\n<p align=\"justify\">Le terrorisme islamiste a sali l\u2019Islam, cette religion,     qui quoique guerri\u00e8re dans ses d\u00e9buts, est apte \u00e0 devenir, gr\u00e2ce aux efforts     d\u2019interpr\u00e9tation et d\u2019ijtihad, une religion moderne et pacifiste, source     d\u2019inspiration en mati\u00e8re th\u00e9ologique, spirituelle et m\u00eame juridique. Une     religion apais\u00e9e et pacifiste, qui prend sa place dans le concert des autres     religions, et laisse leurs places \u00e0 toutes les religions du monde. Il en va     ainsi de la \u00a0\u00bb\u00a0biodiversit\u00e9\u00a0\u00a0\u00bb religieuse. Une religion qui ne cherchera pas \u00e0     \u00e9liminer les autres religions et leurs adeptes de la surface de la terre,     mais qui tend \u00e0 coexister avec eux de mani\u00e8re paisible et fraternelle. Mais     les terroristes islamistes modernes et \u00e0 leur t\u00eate Ben Laden et son laquais     al-Zawhiri, voient et d\u00e9cident autrement au nom d\u2019une lecture salafiste,     r\u00e9trograde et r\u00e9actionnaire du texte coranique, de la Sunna et de l\u2019ijtihad.     Ils ont transform\u00e9 l\u2019Islam en une \u00e9cole du crime organis\u00e9 aux yeux de     l\u2019opinion internationale, une \u00e9cole d\u2019assassins, pour jeunes d\u00e9s\u0153uvr\u00e9s,     victimes des r\u00e9gimes oppressifs de leurs pays qui ne leurs ont offert rien     d\u2019autre que de se faire enr\u00f4l\u00e9s par les djihadistes modernes. Faute de     perspectives d\u2019une vie mat\u00e9rielle meilleure, de projet nationale (l\u2019unit\u00e9     arabe par exemple), de d\u00e9veloppement culturel, de la\u00efcisation de droit     musulman, de modernisation du patrimoine arabo-islamique, (des milliers de     manuscrits arabes dorment dans les biblioth\u00e8ques du monde entier). Faute     aussi de financement de la recherche scientifique, de la carence en     logements, de travail et d\u2019une vie sexuelle \u00e9quilibr\u00e9e\u00a0! Tout ce que les     r\u00e9gimes politiques arabes et musulmans ont offert \u00e0 leurs jeunesses, recal\u00e9s     du syst\u00e8me et du march\u00e9 du travail, c\u2019est un choix entre l\u2019immigration     clandestine avec ses lots de morts sur les plages, ou le recrutement par les     \u00e9coles djihadistes avec \u00e0 la clef une vie de paradis o\u00f9 ils seront     accueillis, apr\u00e8s avoir commis un attentat suicide, par des \u2018houris\u2019 aux     grands yeux noirs, dot\u00e9es de gros nichons et de formes g\u00e9n\u00e9reuses, qu&rsquo;ils     ont vu, de leur vivant, sur les cha\u00eenes de t\u00e9l\u00e9vision satellitaires sans     avoir pu les approcher ou toucher\u00a0! <\/p>\n<p><\/font> <font face=\"Arial\" size=\"2\"> <\/p>\n<p align=\"justify\">Les victimes civiles innocentes, qu\u2019elles soient     am\u00e9ricaines ( attentats du 11Septembre 2001) ou musulmanes en Irak, au Maroc,     en Tunisie, en Indon\u00e9sie, et en Afghanistan, etc. sont ainsi sacrifi\u00e9s sur     l\u2019autel de la haine islamiste vou\u00e9e aux temps moderne, \u00e0 la d\u00e9mocratie, aux     libert\u00e9s et aux droits de l\u2019homme issus de la grande r\u00e9volution fran\u00e7aise et     des philosophes des Lumi\u00e8res. Ces attentats criminels se veulent des paliers     \u00e9rig\u00e9s par les islamistes vers la conqu\u00eate du pouvoir politique afin de     mettre sous leur botte les soci\u00e9t\u00e9s arabo-musulmanes modernes et asservir     les nations non musulmanes, \u00a0\u00bb\u00a0dar al-harb\u00a0\u00ab\u00a0.<\/p>\n<p><\/font> <font face=\"Arial\" size=\"2\"> <\/p>\n<p align=\"justify\">Ces attentats terroristes odieux, donnent \u00e0 r\u00e9fl\u00e9chir.     Leur premi\u00e8re cons\u00e9quence, c\u2019est qu\u2019elle renforce les dictatures arabes dans     leurs convictions que la r\u00e9pression, contre toute forme d\u2019opposition, est la     seule r\u00e9ponse \u00e0 la qu\u00eate d\u00e9mocratique. Les islamistes, en bon ennemis de la     libert\u00e9 et de la d\u00e9mocratie, font \u00e9loigner, d\u2019attentat en attentat, les     Arabes de leur r\u00eave d\u00e9mocratique. Ces islamistes terroristes nous poussent     malheureusement \u00e0 donner raison \u00e0 nos r\u00e9gimes politiques antid\u00e9mocratique et     despotique. Ils nous poussent dans leurs bras, malgr\u00e9 nous. <b><u>Entre un     despotisme religieux islamiste et un despotisme la\u00efque, comme celui du     r\u00e9gime tunisien, je choisirai ce dernier et je le soutiendrai. Au moins ce     dernier, respecte les libert\u00e9s individuelles non politiques. En revanche un     despotisme islamique ne respectera aucune libert\u00e9, qu\u2019elle soit politique,     individuelle ou religieuse\u00a0!<\/u> <u>C\u2019est un despotisme d\u2019inquisition qui     s\u2019introduit dans les \u00e2mes et consciences<\/u>. <\/b>Apr\u00e8s les attentats     d\u2019Alger, je me rends compte \u00e0 quel point, la Tunisie jouit d\u2019une s\u00e9curit\u00e9     exemplaire, elle serait id\u00e9ale si elle \u00e9taient coupl\u00e9e avec un respect de la     libert\u00e9 et des droits de l\u2019homme. Dommage, M. Ben Ali, sa famille et le RCD     ont en d\u00e9cid\u00e9 autrement. Pour eux la s\u00e9curit\u00e9 ne peut \u00eatre que pl\u00e9ni\u00e8re et     totalitaire\u00a0! Le contr\u00f4le total de la soci\u00e9t\u00e9 civile par un maillage     policier et \u00a0\u00bb\u00a0rcdiste\u00a0\u00a0\u00bb est total et implacable. On n\u2019a pas le droit de     bouger sur le plan politique, mise \u00e0 part quelques manifestations     d\u2019opposants courageux et vite cern\u00e9s par la police. L\u2019interdiction de toute     forme de contestation fusse-t-elle d\u00e9mocratique et la\u00efque, est proscrite,     toute opposition \u00e0 la \u00a0\u00bb\u00a0v\u00e9rit\u00e9\u00a0\u00a0\u00bb benalienne et rcdiste est hors de     question\u00a0!<\/p>\n<p><\/font> <font face=\"Arial\" size=\"2\"> <\/p>\n<p align=\"justify\">Personnellement j\u2019aurai approuv\u00e9 totalement la politique     s\u00e9curitaire et anti-islamiste du pr\u00e9sident Ben Ali, et j\u2019aurai m\u00eame demand\u00e9     d\u2019augmenter le nombre des policiers pour atteindre UN MILLION. J\u2019aurai     propos\u00e9 d\u2019introduire les militaires oisifs, qui s\u2019ennuient \u00e0 mort dans leurs     casernes, dans le corps de la gendarmerie nationale cr\u00e9ant ainsi un nouveau     corps unique charg\u00e9, avec la BOP, de la s\u00e9curit\u00e9 et du maintien de l\u2019ordre     public en temps de paix, et qui redeviendrait une arm\u00e9e en temps de guerre.    <u><b>Mais mon soutien ne peut se faire en l\u2019absence d\u2019une vision juste de     la part des autorit\u00e9s de l\u2019avenir in\u00e9luctablement d\u00e9mocratique de la Tunisie.     De m\u00eame je ne peux cautionner les pratiques de la police tunisienne     consistant \u00e0 torturer les islamistes, \u00e0 les maltraiter et \u00e0 ne pas respect     leurs droits humains et leur droit \u00e0 des proc\u00e8s \u00e9quitables. <\/b><\/u><\/p>\n<p><\/font> <font face=\"Arial\" size=\"2\"> <\/p>\n<p align=\"justify\">Quoi qu\u2019il en soit, il faut rendre \u00e0 C\u00e9sar ce qui     appartient \u00e0 C\u00e9sar, oui, Ben Ali a prot\u00e9g\u00e9 la Tunisie des actions     terroristes des apprentis de Ben Laden. Il a failli, toutefois dans le cas     de l\u2019attentat contre la v\u00e9n\u00e9rable Ghriba, la synagogue mill\u00e9naire qu\u2019abrite     Djerba. L\u2019arm\u00e9e tunisienne a aussi \u00e9cras\u00e9 leur attaque arm\u00e9e \u00e0 Sliman. Je ne     viens pas par ces propos l\u00e9cher les bottes de M. Ben Ali, je veux simplement     lui rendre hommage d\u2019avoir \u00e9pargn\u00e9 la Tunisie, pendant vingt ans, des     actions terroristes et criminelles des fanatiques islamistes. La Tunisie,     pourrait \u00eatre une proie facile aux islamistes, qui n\u2019en feraient qu\u2019une     bouch\u00e9. Mais gr\u00e2ce \u00e0 la poigne de l\u2019homme de fer tunisien, elle a pu     travers\u00e9 les troubles terroristes sans trop d\u2019attentats et de victimes. Les     abus, que l\u2019opinion tunisienne, reproche \u00e0 certains membres de la famille     proche du pr\u00e9sident, sont insignifiants face \u00e0 d\u2019\u00e9ventuels attentats     terroristes et leur lots de victimes innocentes.<\/p>\n<p><\/font> <font face=\"Arial\" size=\"2\"> <\/p>\n<p align=\"justify\">Il ne faut toutefois pas baisser la garde, il ne faut pas     attendre des actions semblables \u00e0 ceux d\u2019Alger ou de Bagdad pour renforcer     le dispositif s\u00e9curitaire. Toutefois, la s\u00e9curit\u00e9 ne va pas sans libert\u00e9,     c\u2019est un couple qui fonctionne ensemble, il ne peut \u00eatre efficace et     ressentie comme juste et acceptable par l\u2019opinion publique tunisienne que si     l\u2019effort en mati\u00e8re de s\u00e9curit\u00e9 trouve son corollaire par un effort octroy\u00e9     en mati\u00e8re de libert\u00e9 et de d\u00e9mocratie accord\u00e9 aux citoyens et \u00e0 la soci\u00e9t\u00e9     tunisienne. <u><b>Il faudrait cependant exclure de la libert\u00e9 d\u2019expression     et d\u2019action les islamistes, car se sont les pires ennemis de la libert\u00e9. Il     faudrait, comme je l\u2019avais dit dans un pr\u00e9c\u00e9dent article, cr\u00e9er un d\u00e9lit     d\u2019usage de concept religieux, qui restent \u00e0 d\u00e9finir par des autorit\u00e9s     intellectuelles, th\u00e9ologiques et politiques, \u00e0 des fins politiques. Usage     dont la teneur sera appr\u00e9ci\u00e9 par une chambre des libert\u00e9s publiques, \u00e0 cr\u00e9er,     au sein de chaque tribunal de grande instance. <\/b><\/u><\/p>\n<p><\/font> <font size=\"2\"> <\/p>\n<p align=\"justify\"><font face=\"Arial\">J\u2019appelle, de mes v\u0153ux, \u00e0     l\u2019\u00e9laboration d\u2019un plan de lutte contre le ph\u00e9nom\u00e8ne islamiste, une lutte     qui doit \u00eatre men\u00e9e, sur les plans s\u00e9curitaire, id\u00e9ologique, politique et     th\u00e9ologique. La pierre angulaire de ce plan doit \u00eatre la proclamation haut     et fort du principe de la\u00efcit\u00e9 dans la constitution. <u><b>Sur la plan     id\u00e9ologique, il faudrait ouvrir le d\u00e9bat th\u00e9ologique publiquement et lui     consacrer un financement cons\u00e9quent (recherches et th\u00e8ses) et des lieux     appropri\u00e9s et sp\u00e9cialis\u00e9s (universit\u00e9, radio, t\u00e9l\u00e9vision, presse) afin de     respecter le principe de la\u00efcit\u00e9,. Il faudrait, de mani\u00e8re imm\u00e9diate,     rouvrir le d\u00e9bat sur l\u2019Islam et sa th\u00e9ologie sans crainte. l\u2019Etat la\u00efque ne     peut pas jouer, sur le terrain islamiste, il est perdant d\u2019avance<\/b><\/u>.     Il faudrait attirer les islamistes sur le terrain philosophique et     scientifique pour d\u00e9battre avec eux en public afin de prouver leur fanatisme     et leur ignorance. Le d\u00e9bat sur l\u2019Islam doit \u00eatre men\u00e9 avec courage et     d\u00e9termination, il faudrait y impliquer des islamologues occidentaux et     arabes ainsi que des th\u00e9ologiens de toutes les religions du monde. <\/font> <\/p>\n<p align=\"justify\"><font face=\"Arial\">l\u2019Etat tunisien doit arr\u00eater de faire     l\u2019apologie stupide et contre-productive de l\u2019Islam, dans les m\u00e9dias et dans     l\u2019enseignement, il n\u2019en pas besoin. Il est urgent de mettre un terme \u00e0     l\u2019enseignement de \u00a0\u00bb\u00a0 l\u2019\u00e9ducation islamique\u00a0\u00a0\u00bb dans l\u2019enseignement secondaire.     Cet enseignement qui se veut formateur des jeunes esprits est une vraie     catastrophe. Les enseignants, mal form\u00e9s, s\u2019y livrent \u00e0 une apologie     d\u00e9mesur\u00e9e de l\u2019Islam et d\u00e9versent une haine injustifi\u00e9s sur les autres     religions. Cet enseignement est n\u00e9faste, c\u2019est du bourrage de cr\u00e2ne stupide     dont le but est de formater dogmatiquement les jeunes tunisiens. Que l\u2019on     demande pas, apr\u00e8s, pourquoi les jeunes se vouent aux attentats suicides\u00a0!    <b><u>Il faudrait remplacer cet enseignement par l\u2019apprentissage par c\u0153ur     pur du Coran, et du Coran seul\u00a0! D\u00e9s la premi\u00e8re ann\u00e9e du primaire jusqu\u2019au     baccalaur\u00e9at, les enfants doivent apprendre, sans aucun commentaire<\/u>,<\/b>     de la part de l\u2019enseignant le texte coranique. Cette m\u00e9thode, qui renoue     avec la m\u00e9thode de nos anc\u00eatres est efficace et pr\u00e9sente de nombreux     avantages. <\/font><\/p>\n<p><\/font> <font face=\"Arial\" size=\"2\"> <\/p>\n<p align=\"justify\">Sur le plan purement linguistique d\u2019abord,     l\u2019apprentissage par c\u0153ur du Coran permettra \u00e0 nos enfants , \u00e0 la fin de 12     ann\u00e9es d\u2019\u00e9tudes primaires et secondaires d\u2019acqu\u00e9rir un capital inestimable     de langue arabe originelle de qualit\u00e9 qui pourra leur servir, leurs vies     durant, dans tout d\u00e9bat ult\u00e9rieur et dans toute confrontation linguistique     ou th\u00e9ologique. Le Coran est en effet le texte fondateur de la civilisation     arabo-musulmane. Son texte est la r\u00e9f\u00e9rence incontournable des linguistes et     des grammairiens arabes, mais aussi des th\u00e9ologiens, des philologues et     philosophes musulmans. <\/p>\n<p><\/font> <font size=\"2\"> <\/p>\n<p align=\"justify\"><font face=\"Arial\">Sur le plan religieux, spirituel et     th\u00e9ologique, ensuite, <u><b>l\u2019apprentissage du texte coranique par c\u0153ur et     sans aucun commentaire, quel qu\u2019il soit, permettra aux tunisiens de demain     d\u2019\u00eatre des musulmans s\u00e9rieux, arm\u00e9s, dans le moindre d\u00e9tail, du texte     fondateur de l\u2019Islam et non connaissant uniquement des bribes de versets     qu\u2019ils confondent avec des dictons, des Hadiths voire de la po\u00e9sie\u00a0! Plus     personne ne pourra se leur dire n\u2019importe quoi sur le Coran. Ils pourront     interpr\u00e9ter ses versets, en toute libert\u00e9, en connaissance de cause et en     toute responsabilit\u00e9. \u00e0 la lumi\u00e8re de leur formation historique,     philosophique, et scientifique. L\u2019individu deviendra ainsi ma\u00eetre de sa foi     se guidant lui-m\u00eame dans les m\u00e9andres de l\u2019Islam,<\/b><\/u> sans besoin de se     r\u00e9f\u00e9rer \u00e0 des Imams au rabais ou des charlatans-recruteurs-terroristes.\u00a0Cette     m\u00e9thode permettra de responsabiliser le croyant et lui \u00e9vitera les pi\u00e8ges     des islamistes dogmatiques et fanatiques. <u><b>Nul n\u2019est cens\u00e9 expliquer,     encore moins imposer, son interpr\u00e9tation et sa compr\u00e9hension du texte     coranique aux autres croyants. Chaque musulman doit pouvoir le faire, tout     seul, en homme ou en femme, libre, responsable et adulte, sans soumission \u00e0     un quelconque apprenti commentateur\u00a0!<\/b><\/u> Il suffit pour cela, qu\u2019il ait     appris par c\u0153ur le Coran, et s\u2019il lui arrive de buter sur un vocabulaire     herm\u00e9tique, il n\u2019a qu\u2019a faire sa recherche tout seul, et se convaincre tout     seul de l\u2019interpr\u00e9tation qu\u2019il veut bien donner \u00e0 tel verset ou concept.     (cf. ma Charte du musulman moderne, in <u><b>\u00ab\u00a0http\/\/\u00a0unetunisiedemocratique.blogspot.     com).<\/b><\/u> <\/font><\/p>\n<p align=\"justify\"><font face=\"Arial\">Sur le plan s\u00e9curitaire, les autorit\u00e9s     tunisiennes n\u2019ont pas besoin de mes conseils pour renforcer la s\u00e9curit\u00e9 des     citoyens et emp\u00eacher les islamistes de commettre leurs forfaits. Mais <u><b>    le renforcement de la s\u00e9curit\u00e9 doit, pour \u00eatre efficace et acceptable, \u00eatre     accompagn\u00e9, de la libert\u00e9\u00a0! D\u2019un engagement des autorit\u00e9s \u00e0 accorder et \u00e0     respecter effectivement et durablement les libert\u00e9s publiques et les droits     de l\u2019Homme<\/b><\/u>. Car je suis, et je reste, un d\u00e9fenseur farouche des     droits de l\u2019homme. Je ne donnerai jamais ma caution \u00e0 la torture, m\u00eame     dirig\u00e9e contre des islamistes et des terroristes. J\u2019appelle les autorit\u00e9s     tunisiennes \u00e0 stopper la violation de des droits de l\u2019homme, \u00e0 respecter la     dignit\u00e9 de chaque personne qui tombe entre les mains de sa police et \u00e0     proscrire totalement la torture, les brimades, le m\u00e9pris qu\u2019elles font subir     aux citoyens qui se r\u00e9clament de l\u2019islamisme. (cf. mon article, \u00a0\u00bb\u00a0Emprisonner     les islamistes dans des hotels 5* et non dans des prisons\u00a0!\u00a0\u00a0\u00bb )<\/font><\/p>\n<p><\/font> <font size=\"2\"> <\/p>\n<p align=\"justify\"><font face=\"Arial\">Et bonne ann\u00e9e 2007, \u00e0 tous les     d\u00e9mocrates sinc\u00e8res de mon pays, \u00e0 tous les citoyens tunisiens, \u00e0 sa majest\u00e9     Z. Ben Ali, au prince h\u00e9ritier si Mohamed Zine el-Abidine (hafidhahu Allah),     \u00e0 la premi\u00e8re dame de Tunisie et \u00e0 toute la famille royale. <\/font><\/p>\n<p> <b> <\/b><\/p>\n<p align=\"justify\"><font face=\"Arial\">Me kamel ben Tahar ben     Amad CHAABOUNI<\/font><\/p>\n<p align=\"justify\"><font face=\"Arial\">Paris le 16 d\u00e9cembre 2007<\/font><\/p>\n<p> <\/font> <\/p>\n<p align=\"justify\">\n<hr\/>\n<p>\u00a0<\/p>\n<\/div>\n<div dir=\"ltr\">\n<p align=\"center\"> <span lang=\"FR\"><strong><\/p>\n<h3 style=\"color: blue;\"><font size=\"3\"> <font size=\"2\">24 Heures: <\/font>Kechiche fait son couscous     en pleine semoule sociale<\/font><\/h3>\n<p><\/strong><\/span><\/p>\n<p> <span lang=\"FR\">\u00a0<\/span><\/p>\n<p> <span lang=\"FR\"><strong><font>CIN\u00c9MA &#8211; Apr\u00e8s L\u2019esquive , le     r\u00e9alisateur revient avec La graineet le mulet , une \u0153uvre sociale     bouleversante prim\u00e9e \u00e0 Venise. <\/font><\/strong><\/span><\/p>\n<p> <span lang=\"FR\">\u00a0<\/span><\/p>\n<p> <b> <span lang=\"FR\">    JEAN-FR\u00c9D\u00c9RIC DEB\u00c9TAZ<\/span><\/b><\/p>\n<p> <span lang=\"FR\">\u00a0<\/span><\/p>\n<p> <span lang=\"FR\">Et si Abdellatif     Kechiche faisait coup double aux prochains C\u00e9sars? Apr\u00e8s avoir re\u00e7u \u00e0 la     Mostra de Venise le Prix sp\u00e9cial du jury et le Prix de la critique     internationale, le cin\u00e9aste n\u00e9 \u00e0 Tunis[100] vient d\u2019\u00eatre r\u00e9compens\u00e9 par le     Prix Louis Delluc, sorte de Goncourt cin\u00e9matographique. <\/span><\/p>\n<p> <span lang=\"FR\">\u00a0<\/span><\/p>\n<p> <span lang=\"FR\">La presse     hexagonale se gargarise de ce nouveau g\u00e9nie du cin\u00e9ma fran\u00e7ais. Certains y     voient du Pialat, du Cassavetes. Peut-\u00eatre. Sans doute. Mais il y a surtout     du Kechiche. Chaque plan est r\u00e9fl\u00e9chi, rumin\u00e9, puis dig\u00e9r\u00e9 par l\u2019\u0153il du     r\u00e9alisateur \u00e0 travers la cam\u00e9ra. \u00abJ\u2019essaie d\u2019obtenir la v\u00e9rit\u00e9, aime-t-il \u00e0     r\u00e9pondre. Tendre le plus possible vers le vrai. C\u2019est d\u2019ailleurs pour cela     que je suis aussi m\u00e9ticuleux lors des plans. Je peux refaire cent fois une     sc\u00e8ne tant que je n\u2019y d\u00e9c\u00e8le pas la notion de v\u00e9rit\u00e9. Je me nourris de \u00e7a,     j\u2019y trouve l\u2019\u00e9nergie qui me fait avancer. \u00bb<\/span><\/p>\n<p> <span lang=\"FR\">\u00a0<\/span><\/p>\n<p> <span lang=\"FR\">Suite au succ\u00e8s     de L\u2019esquive, Kechiche d\u00e9cide de se lancer dans un projet qui lui tient     particuli\u00e8rement \u00e0 c\u0153ur, une histoire qu\u2019il a \u00e9crite au milieu des ann\u00e9es     1990. Son titre: La graine et le mulet. \u00abJe l\u2019aurais sans doute pens\u00e9 et     r\u00e9alis\u00e9 autrement il y a une dizaine d\u2019ann\u00e9es, confie-t-il. J\u2019ai d\u00fb     m\u2019adapter pour coller au plus pr\u00e8s de la r\u00e9alit\u00e9 du moment. Et puis, il y a     la vision qui diff\u00e8re. Est-ce que j\u2019aurais pu faire un meilleur film douze     ans plus t\u00f4t? Je n\u2019en ai aucune id\u00e9e. Peut-\u00eatre y aurais-je mis plus     d\u2019optimisme, plus d\u2019espoir que ce que je montre aujourd\u2019hui. \u00bb<\/span><\/p>\n<p> <span lang=\"FR\">\u00a0<\/span><\/p>\n<p> <span lang=\"FR\">L\u2019histoire met     en sc\u00e8ne Slimane Beiji, un ouvrier sexag\u00e9naire qui travaille \u00e0 la r\u00e9paration     des bateaux sur le port de S\u00e8te. L\u2019\u00e2ge aidant, Slimane peine \u00e0 finir son     boulot dans les temps. Son patron le pousse alors gentiment vers la porte.     Plut\u00f4t que de se laisser abattre, Slimane choisit de forcer son destin. Avec     ses \u00e9conomies, il souhaite r\u00e9nover un vieux bateau pour le transformer en     restaurant sp\u00e9cialis\u00e9 dans le couscous au poisson. Ses enfants, son     ex-femme, la fille de sa nouvelle compagne, tous acceptent de l\u2019aider, mais     les arcanes de l\u2019administration rec\u00e8lent leur lot d\u2019emb\u00fbches. <\/span><\/p>\n<p> <span lang=\"FR\">\u00a0<\/span><\/p>\n<p> <span lang=\"FR\"><strong><font>L\u2019histoire d\u2019une vie<\/font><\/strong><\/span><\/p>\n<p> <span lang=\"FR\">\u00a0<\/span><\/p>\n<p> <span lang=\"FR\">Avec La graine     et le mulet , Abdellatif Kechiche a envie de dessiller certaines pupilles:     \u00abJe souhaite que les gens apprennent \u00e0 voir le visage d\u2019une France que l\u2019on     conna\u00eet mal, d\u2019une classe populaire qu\u2019on conna\u00eet mal, surtout dans la     p\u00e9riode que nous traversons actuellement. Pour moi, c\u2019est une r\u00e9elle volont\u00e9     d\u2019ouverture. Il n\u2019est pas question de religions ou d\u2019ethnies, mais d\u2019une     cat\u00e9gorie sociale qui peine \u00e0 gravir les \u00e9chelons. Et au sein de cette     cat\u00e9gorie sociale, toutes les nationalit\u00e9s sont repr\u00e9sent\u00e9es. \u00bb<\/span><\/p>\n<p> <span lang=\"FR\">\u00a0<\/span><\/p>\n<p> <span lang=\"FR\">Avec La graine     et le mulet , Kechiche navigue du c\u00f4t\u00e9 du conte. Un conte social, une fable     moderne, avec ses gentils et ses m\u00e9chants, mais sans morale. Comme s\u2019il     laissait le soin au spectateur d\u2019imaginer et de cr\u00e9er son propre r\u00e9seau de     valeurs. \u00abJ\u2019aime me sentir libre, reconna\u00eet-il. J\u2019aime la libert\u00e9 dans le     r\u00e9cit, cette dimension romanesque. Je reprends les principes du conte en     laissant d\u00e9lib\u00e9r\u00e9ment le spectateur sur sa faim. C\u2019est un plaisir qui me     vient des contes des Mille et une nuits. Je pense que c\u2019est presque     inconscient. \u00bb Et puis on y retrouve des symboles forts. La graine qui, dans     le film renvoie \u00e0 la base du couscous, et le mulet, nom commun du poisson     appel\u00e9 muge, que l\u2019on retrouve dans le couscous au poisson pr\u00e9par\u00e9 par     l\u2019ex-femme de Slimane. \u00abLe c\u00f4t\u00e9 \u00e9nigmatique du titre m\u2019a amus\u00e9, glisse le     r\u00e9alisateur. On pense voir un film sur la campagne pour finalement se     retrouver au bord de la mer, sur le port de S\u00e8te, avec une histoire autour     du couscous. \u00bb Conteur hors pair, trag\u00e9dien moderne, Kechiche est aussi un     directeur d\u2019acteurs avis\u00e9. La jeune Hafsia Herzi (r\u00e9compens\u00e9e \u00e0 Venise par     le Prix Marcello Mastroianni), qui interpr\u00e8te la fille de la compagne de     Slimane, et Habib Boufares, magnifique en Slimane taiseux et g\u00e9n\u00e9reux,     portent une bonne partie de la tension dramatique du film sur leurs \u00e9paules.     Malgr\u00e9 quelques longueurs, La graine et le mulet consacre un cin\u00e9aste de son     temps, t\u00eatu comme un mulet. <\/span><\/p>\n<p> <span lang=\"FR\">\u00a0<\/span><\/p>\n<p> <b> <span lang=\"FR-CH\">    (So<\/span><span lang=\"FR\">urce\u00a0:     \u00ab24 Heures\u00a0\u00bb (Quotidien \u2013 Suisse), le 15 d\u00e9cembre 2007)<\/span><\/b><\/p>\n<\/div>\n<\/li>\n<p>  \u00a0<\/p>\n<p><\/strong><\/span><\/div>\n<p><\/font><\/p>\n<hr\/>\n<p align=\"center\">\u00a0<\/p>\n<p align=\"center\"><b><a href=\"http:\/\/www.tunisnews.net\"><span>Home<\/span><span lang=\"FR-CH\"> &#8211; Accueil <\/span><span>&#8211; <\/span><span dir=\"rtl\" lang=\"AR-SA\">\u0627\u0644\u0631\u0626\u064a\u0633\u064a\u0629<\/span><\/a><\/b><\/p>\n<p align=\"center\"><b><span dir=\"rtl\" lang=\"AR-SA\">\u00a0<\/span><\/b><\/p>\n<p><\/body><\/body><\/html><\/p>\n","protected":false},"excerpt":{"rendered":"<p>Home &#8211; Accueil &#8211; TUNISNEWS 8\u00a0\u00e8me\u00a0ann\u00e9e, N\u00b05\u00a02762 du 16.12.2007 \u00a0archives : www.tunisnews.net Libert\u00e9 et Equit\u00e9: Sadok Chourou en gr\u00e8ve de la faim illimit\u00e9e jusqu\u2019\u00e0 la mort Libert\u00e9 et Equit\u00e9: Nouvel \u00e9pisode dans le feuilleton du harc\u00e8lement de la famille de l\u2019ex prisonnier politique Mohammed Moncef Ouerghi Libert\u00e9 et Equit\u00e9: Agression d\u2019Aymen Rezgui, cam\u00e9raman de la [&hellip;]<\/p>\n","protected":false},"author":1,"featured_media":22040,"comment_status":"open","ping_status":"open","sticky":false,"template":"","format":"standard","meta":{"inline_featured_image":false,"site-sidebar-layout":"default","site-content-layout":"","ast-site-content-layout":"default","site-content-style":"default","site-sidebar-style":"default","ast-global-header-display":"","ast-banner-title-visibility":"","ast-main-header-display":"","ast-hfb-above-header-display":"","ast-hfb-below-header-display":"","ast-hfb-mobile-header-display":"","site-post-title":"","ast-breadcrumbs-content":"","ast-featured-img":"","footer-sml-layout":"","ast-disable-related-posts":"","theme-transparent-header-meta":"","adv-header-id-meta":"","stick-header-meta":"","header-above-stick-meta":"","header-main-stick-meta":"","header-below-stick-meta":"","astra-migrate-meta-layouts":"default","ast-page-background-enabled":"default","ast-page-background-meta":{"desktop":{"background-color":"","background-image":"","background-repeat":"repeat","background-position":"center center","background-size":"auto","background-attachment":"scroll","background-type":"","background-media":"","overlay-type":"","overlay-color":"","overlay-opacity":"","overlay-gradient":""},"tablet":{"background-color":"","background-image":"","background-repeat":"repeat","background-position":"center center","background-size":"auto","background-attachment":"scroll","background-type":"","background-media":"","overlay-type":"","overlay-color":"","overlay-opacity":"","overlay-gradient":""},"mobile":{"background-color":"","background-image":"","background-repeat":"repeat","background-position":"center center","background-size":"auto","background-attachment":"scroll","background-type":"","background-media":"","overlay-type":"","overlay-color":"","overlay-opacity":"","overlay-gradient":""}},"ast-content-background-meta":{"desktop":{"background-color":"var(--ast-global-color-5)","background-image":"","background-repeat":"repeat","background-position":"center center","background-size":"auto","background-attachment":"scroll","background-type":"","background-media":"","overlay-type":"","overlay-color":"","overlay-opacity":"","overlay-gradient":""},"tablet":{"background-color":"var(--ast-global-color-5)","background-image":"","background-repeat":"repeat","background-position":"center center","background-size":"auto","background-attachment":"scroll","background-type":"","background-media":"","overlay-type":"","overlay-color":"","overlay-opacity":"","overlay-gradient":""},"mobile":{"background-color":"var(--ast-global-color-5)","background-image":"","background-repeat":"repeat","background-position":"center center","background-size":"auto","background-attachment":"scroll","background-type":"","background-media":"","overlay-type":"","overlay-color":"","overlay-opacity":"","overlay-gradient":""}},"footnotes":""},"categories":[],"tags":[64,38,29],"class_list":["post-17767","post","type-post","status-publish","format-standard","has-post-thumbnail","hentry","tag-64","tag-38","tag-fr"],"_links":{"self":[{"href":"https:\/\/tunisnews.net\/ar\/wp-json\/wp\/v2\/posts\/17767","targetHints":{"allow":["GET"]}}],"collection":[{"href":"https:\/\/tunisnews.net\/ar\/wp-json\/wp\/v2\/posts"}],"about":[{"href":"https:\/\/tunisnews.net\/ar\/wp-json\/wp\/v2\/types\/post"}],"author":[{"embeddable":true,"href":"https:\/\/tunisnews.net\/ar\/wp-json\/wp\/v2\/users\/1"}],"replies":[{"embeddable":true,"href":"https:\/\/tunisnews.net\/ar\/wp-json\/wp\/v2\/comments?post=17767"}],"version-history":[{"count":0,"href":"https:\/\/tunisnews.net\/ar\/wp-json\/wp\/v2\/posts\/17767\/revisions"}],"wp:featuredmedia":[{"embeddable":true,"href":"https:\/\/tunisnews.net\/ar\/wp-json\/wp\/v2\/media\/22040"}],"wp:attachment":[{"href":"https:\/\/tunisnews.net\/ar\/wp-json\/wp\/v2\/media?parent=17767"}],"wp:term":[{"taxonomy":"category","embeddable":true,"href":"https:\/\/tunisnews.net\/ar\/wp-json\/wp\/v2\/categories?post=17767"},{"taxonomy":"post_tag","embeddable":true,"href":"https:\/\/tunisnews.net\/ar\/wp-json\/wp\/v2\/tags?post=17767"}],"curies":[{"name":"wp","href":"https:\/\/api.w.org\/{rel}","templated":true}]}}