{"id":17761,"date":"2009-12-10T00:00:00","date_gmt":"2009-12-10T00:00:00","guid":{"rendered":"https:\/\/tunisnews.net\/10-decembre-2009\/"},"modified":"2009-12-10T00:00:00","modified_gmt":"2009-12-10T00:00:00","slug":"10-decembre-2009","status":"publish","type":"post","link":"https:\/\/tunisnews.net\/ar\/10-decembre-2009\/","title":{"rendered":"10 d\u00e9cembre 2009"},"content":{"rendered":"<p><html><head><meta content=\"text\/html\" description=\"En cette journ\u00e9e internationale des Droits de l\u2019Homme, \u00ab\u00a0TUNISNEWS\u00a0\u00bb \t\td\u00e9sire adresser un hommage de reconnaissance et de respect \u00e0 une \t\tpersonnalit\u00e9 tunisienne illustre, bien connue \u00e0 l\u2019\u00e9tranger et dans le \t\tmonde francophone en particulier.. \u00e0 un militant pour l\u2019ind\u00e9pendance de \t\tla premi\u00e8re heure et \u00e0 un \u00e9rudit exceptionnel et de tr\u00e8s grande valeur.\" http-equiv=\"Content-Type\"\/><\/head><body><body><\/p>\n<p align=\"center\" dir=\"ltr\"><font face=\"Arial\" size=\"2\"><b><a href=\"https:\/\/tunisnews.net\/ar\/\"><span>Home<\/span><span lang=\"FR-CH\"> &#8211; Accuei<\/span><\/a><span lang=\"FR-CH\">l<\/span><\/b><\/font><\/p>\n<div>\n<div><font face=\"Arial\" size=\"2\"><\/p>\n<div>\n<div align=\"center\"><font face=\"Arial\" size=\"7\"><strong>TUNISNEWS<\/strong> <\/font><\/div>\n<div align=\"center\" dir=\"ltr\"><font><\/p>\n<div><strong><font face=\"Arial\">9\u00a0\u00e8me ann\u00e9e, <span lang=\"FR\">N\u00b0\u00a03488 du 10.12.2009<\/span><\/font><\/strong><\/div>\n<p><\/font><\/div>\n<div align=\"center\"><span><font><strong><font face=\"Arial\"><font>\u00a0archives<\/font> : <\/font><\/strong><\/font><a target=\"_blank\" rel=\"noopener\"><font face=\"Arial\"><strong>www.tunisnews.net<\/strong><\/font><\/a><\/span><font face=\"Arial\"><font>\u00a0<\/font>\u00a0<\/font><\/div>\n<\/div>\n<p><font face=\"Arial\" size=\"3\"><span lang=\"FR\"><\/p>\n<div><strong><\/p>\n<hr\/>\n<p><\/strong><\/div>\n<div><font size=\"3\"><span lang=\"FR\"><span><strong><font size=\"2\">Hommage de reconnaissance et de respect au Dr. Salaheddine KECHRID <font>ATF: Communiqu\u00e9<\/font> Front Line: Tunisia: Restrictions on the right to defence of human rights defender Mr Taoufik Ben Brik <font>AFP: Tunisie: inqui\u00e9tude sur l&rsquo;\u00e9tat de sant\u00e9 de Ben Brik, le pouvoir rassure<\/font> Nouvelobs: La femme de Taoufik Ben Brik inqui\u00e8te pour la sant\u00e9 de son mari <font>Sihem Bensedrine: Lettre ouverte au pr\u00e9sident Ben Ali &#8211; Partez Monsieur le Pr\u00e9sident ! &#8211; R\u00c9ACTIONS DES LECTEURS<\/font> Luiza Toscane: Le 10 d\u00e9cembre d\u2019Ammar Hanchi <font>Abdel Wahab Hani: Le d\u00e9bat A\u00cfDOUN \/ Retornados s&rsquo;invite \u00e0 la Chambre des Conseillers, au Campus universitaire, dans les Tribunaux et sur FaceBook<\/font>  Jamel HENI: Syndrome de la place rouge <font>Hend Harouni r\u00e9pond \u00e0 Houcine Ghali  <\/p>\n<h2 style=\"color: red;\"><font>Oueld Byrsa: Les secrets (\u0627\u0644\u062f\u0648\u0627\u062d\u0629): nouveau caca du cin\u00e9ma tunisien<\/font><\/h2>\n<p> AFP: Torture : le proc\u00e8s de l&rsquo;ange blond de la mort s&rsquo;ouvre en Argentine 32 apr\u00e8s les faits <\/p>\n<h2 style=\"color: red;\"><font>AFP: France: il faut refuser la nationalit\u00e9 aux maris de femmes en burqa (ministre)<\/font><\/h2>\n<p> Reuters: France-Le d\u00e9bat sur l&rsquo;identit\u00e9 nationale se focalise sur l&rsquo;islam <\/font><\/p>\n<h2 style=\"color: red;\"><font>AFP: Allemagne: des cours d&rsquo;allemand pour aider les imams \u00e0 mieux s&rsquo;int\u00e9grer<\/font><\/h2>\n<p><\/font><\/strong><\/span><\/span><\/font><\/div>\n<p><\/span><\/font><\/p>\n<p><\/font><\/p>\n<div>\n<hr\/>\n<\/div>\n<\/div>\n<div>\u00a0<\/div>\n<div><font face=\"Arial\" size=\"2\"><\/p>\n<p><i><span lang=\"FR-CH\"><strong>En cette journ\u00e9e internationale des Droits de l\u2019Homme, \u00ab\u00a0TUNISNEWS\u00a0\u00bb d\u00e9sire adresser un hommage de reconnaissance et de respect \u00e0 une personnalit\u00e9 tunisienne illustre, bien connue \u00e0 l\u2019\u00e9tranger et dans le monde francophone en particulier.. \u00e0 un militant pour l\u2019ind\u00e9pendance de la premi\u00e8re heure et \u00e0 un \u00e9rudit exceptionnel et de tr\u00e8s grande valeur.<\/strong><\/span><\/i><\/p>\n<p><b><span lang=\"FR\">Il s\u2019agit du Docteur Salaheddine KECHRID<\/span><\/b><\/p>\n<p><span lang=\"FR\">Pharmacien Biologiste<\/span><span lang=\"FR-CH\">,<\/span><span lang=\"FR\">Ex-interne des H\u00f4pitaux de Paris. N\u00e9 \u00e0 KAIROUAN (Tunisie), le 23 f\u00e9vrier 1924. A pris une part active \u00e0 la lutte pour la lib\u00e9ration nationale (cellule de Paris). \u00c9lu en en 1956 comme d\u00e9put\u00e9 \u00e0 l\u2019Assembl\u00e9e Constituante et comme secr\u00e9taire g\u00e9n\u00e9ral de la f\u00e9d\u00e9ration destourienne de Kairouan et des Jlass (r\u00e9gion de Kairouan).<\/span><\/p>\n<p><span lang=\"FR\">A remis sa d\u00e9mission apr\u00e8s la publication du nouveau code du Statut Personnel et autres graves prises de position en contradiction flagrante avec la loi et l\u2019esprit de l\u2019Islam. <\/span><\/p>\n<p><span lang=\"FR\">A fait partie de 1968 \u00e0 1982 de l\u2019\u00e9quipe de r\u00e9daction de la nouvelle revue mensuelle \u00ab Jawhar al Islam\u00bb (\u00ab Signification essentielle de l\u2019Islam \u00bb) fond\u00e9e et dirig\u00e9e par feu Habib MISTAOUI, alors professeur \u00e0 la facult\u00e9 de Th\u00e9ologie de Tunis. Cette revue visait \u00e0 combler le grand vide spirituel d\u00fb \u00e0 la la\u00efcisation \u00e0 outrance des programmes de l\u2019\u00e9ducation nationale.<\/span><\/p>\n<p><span lang=\"FR\">Elle voulait ainsi remettre sur la bonne voie une soci\u00e9t\u00e9 en pleine d\u00e9rive et sauver une jeunesse harcel\u00e9e par toutes sortes de propagandes incitant,\u00a0 au nom d\u2019un faux modernisme, \u00e0 l\u2019ath\u00e9isme et \u00e0 la d\u00e9pravation. <\/span><\/p>\n<p><span lang=\"FR\">Pour corroborer cette action salvatrice, l\u2019auteur a \u00e9crit, ou traduit de l\u2019arabe, un certain nombre de livres destin\u00e9s \u00e0 faire mieux conna\u00eetre l\u2019Islam et \u00e0 d\u00e9fendre ses points de vue. <\/span><\/p>\n<p><span lang=\"FR\"><strong>En voici la liste actuelle:<\/strong><\/span><\/p>\n<p><span lang=\"FR\">1. 1965 : Le Vrai Visage de l\u2019Islam.<\/span><\/p>\n<p><span lang=\"FR\">2. 1971 : Assises et structuration de la Cit\u00e9 Islamique.<\/span><\/p>\n<p><span lang=\"FR\">3. 1975 :<\/span><\/p>\n<p><span lang=\"FR\">4. 1993 : M\u00e9ditations d\u2019un Musulman sinc\u00e8re<\/span><\/p>\n<p><span lang=\"FR\"><strong>Livres traduits:<\/strong><\/span><\/p>\n<p><span lang=\"FR\">1. 1970 : Des jalons sur la voie, du martyr Sayed QOTB (Egypte)<\/span><\/p>\n<p><span lang=\"FR\">2. 1981 : Le Saint Coran<\/span><\/p>\n<p><span lang=\"FR\">3. 1981 : L\u2019enseignement de la pri\u00e8re, Cheikh Mohammed ASSAWAF (Arabie Saoudite)<\/span><\/p>\n<p><span lang=\"FR\">4. 1987 : Les Jardin des vertueux de l\u2019Imam AN-NAWAWI<\/span><\/p>\n<p><span lang=\"FR\">5. 1990 : Le Licite et l\u2019Illicite, Dr. Youssef QARDHAWI (EGYPTE)<\/span><\/p>\n<p><span lang=\"FR\">6. 1991 : Clarification de la foi islamique, Cheikh Hassan AYOUB (EGYPTE)<\/span><\/p>\n<p><span lang=\"FR\">7. 1991 : Quintessence des partages successoraux, Cheikh Mohamad Sadok CHATTI (TUNISIE)<\/span><\/p>\n<p><span lang=\"FR\">8. 1991 : La femme \u00e0 travers les versets coraniques, Dr Ismatuddine KARKAR (TUNISIE)<\/span><\/p>\n<p><\/font><\/div>\n<p><font face=\"Arial\" size=\"2\"><\/p>\n<div>\n<hr\/>\n<\/div>\n<div>\u00a0<\/div>\n<div>\n<div align=\"center\"><font face=\"Arial\"><font size=\"2\"><strong>Association des Tunisiens en France (ATF )<\/strong><\/font><\/font><\/div>\n<p><font size=\"2\"><\/p>\n<div align=\"center\"> <strong><font size=\"3\">COMMUNIQUE<\/font><\/strong><\/div>\n<div align=\"justify\"> Depuis plus d\u2018un an, la presse ind\u00e9pendante et d\u2019opposition en Tunisie, les journalistes et en particulier les journalistes critiques et d\u2019opposition ainsi que leur syndicats sont la cible syst\u00e9matique\u00a0 du pouvoir. Avant les derni\u00e8res \u00e9lections l\u00e9gislatives et pr\u00e9sidentielles et pendant toute la campagne \u00e9lectorale\u00a0 du mois d\u2019octobre dernier, le gouvernement\u00a0 n\u2019a cess\u00e9 de multiplier\u00a0 ses pressions et ses provocations des journalistes critiques et ind\u00e9pendants. Ainsi les trois journaux d\u2019opposition l\u00e9gale, \u00ab ATTARIQ EL JADID \u00bb, \u00ab EL MAOUQUIF \u00bb et \u00ab MOUATINOUN \u00bb, ont \u00e9t\u00e9 victimes d\u2019interdictions ill\u00e9gales (d\u2019apr\u00e8s la loi seul un juge peut interdire la diffusion d\u2019un organe de presse et non le Ministre de l\u2019int\u00e9rieur) et\/ou d\u2019interdiction de vente dans les kiosques de presse. Ces pratiques ont perdur\u00e9 en pleine campagne \u00e9lectorale. Avec l\u2019aide du Gouvernement, le RCD (Parti du pouvoir) a engag\u00e9 par ses membres journalistes un putsch contre la direction l\u00e9gitime du syndicat national des journalistes tunisiens, a organis\u00e9 un congr\u00e8s fantoche et a impos\u00e9 une direction soumise aux ordres du RCD et du Pouvoir. Contrairement \u00e0 la direction l\u00e9gitime, d\u00e8s son installation, le bureau putschiste a exprim\u00e9 son soutien \u00e0 la candidature du Pr\u00e9sident candidat. A cette politique qui vise \u00e0 domestiquer les rares m\u00e9dias ind\u00e9pendants et d\u2019opposition, s\u2019ajoute la censure syst\u00e9matique de la toile du net et des divers sites et journaux \u00e9lectroniques.  Avec l\u2019achat, du dernier groupe de presse ind\u00e9pendant, celui de DAR ASSABAH (ce groupe existe depuis avant l\u2019ind\u00e9pendance de la Tunisie), cette volont\u00e9 de mise au pas prend une autre dimension puisqu\u2019\u00e0\u00a0 \u00e0 l\u2019exception des 3 journaux de l\u2019opposition l\u00e9gale, qui peinent \u00e0 exister, la quasi-totalit\u00e9 de la presse \u00e9crite est propri\u00e9t\u00e9 de personnes proches du pouvoir ou responsables\u00a0 du RCD. C\u2019est aussi le cas\u00a0 pour les deux radios priv\u00e9es et les deux cha\u00eenes TV priv\u00e9es.  Les derniers actes de cette mise aux pas des m\u00e9dias tunisiens par le pouvoir ont consist\u00e9 en\u00a0 l\u2019ouverture, d\u2019une campagne calomnieuse, par la presse de caniveau, contre certaines personnalit\u00e9s d\u2019opposants et de d\u00e9fenseurs des droits humains, les arrestations et les proc\u00e8s contre les journalistes ind\u00e9pendants et\/ou des journaux de l\u2019opposition en plus des pressions\u00a0 et les intimidations r\u00e9p\u00e9t\u00e9es\u00a0 contre les journalistes. En deux semaines les tribunaux tunisiens ont condamn\u00e9 les journalistes Taoufik Ben BRIK et Zouheir MAKHLOUF, respectivement \u00e0 6 mois et 3\u00a0 mois\u00a0 de prisons fermes pour des motifs fallacieux. R\u00e9uni, le 02 d\u00e9cembre 2009, le Bureau National de l\u2019ATF : &#8211;\u00a0\u00a0\u00a0\u00a0\u00a0\u00a0\u00a0\u00a0\u00a0 Condamne la main mise du pouvoir sur les m\u00e9dias tunisiens. &#8211;\u00a0\u00a0\u00a0\u00a0\u00a0\u00a0\u00a0\u00a0\u00a0 Exprime sa solidarit\u00e9 avec les journalistes et les m\u00e9dias autonomes et soutien leur lutte pour l\u2019autonomie. &#8211;\u00a0\u00a0\u00a0\u00a0\u00a0\u00a0\u00a0\u00a0\u00a0 D\u00e9nonce les verdicts iniques prononc\u00e9s contre les journalistes et exige leur lib\u00e9ration imm\u00e9diate. &#8211;\u00a0\u00a0\u00a0\u00a0\u00a0\u00a0\u00a0\u00a0\u00a0 Exprime sa solidarit\u00e9 avec les militants politiques et des droits de l\u2019homme calomni\u00e9s par la presse aux ordres. &#8211;\u00a0\u00a0\u00a0\u00a0\u00a0\u00a0\u00a0\u00a0\u00a0 Consid\u00e8re que la lutte pour le respect de la libert\u00e9 d\u2019expression et la libert\u00e9 de la presse en Tunisie est une t\u00e2che essentielle \u00e0 laquelle doivent s\u2019atteler tous les d\u00e9mocrates et toutes les forces d\u00e9mocratiques en Tunisie particuli\u00e8rement en ce moment d\u00e9licat dans l\u2019histoire de la Tunisie. &#8211;\u00a0\u00a0\u00a0\u00a0\u00a0\u00a0\u00a0\u00a0\u00a0 Demande \u00e0 tous les adh\u00e9rents -es de l\u2019ATF de se mobiliser pour la d\u00e9fense de la presse et des journalistes libres en Tunisie. \u00a0<\/div>\n<div align=\"justify\">\n<hr\/>\n<\/div>\n<div align=\"center\"><font face=\"Arial\" size=\"2\"><strong><font>Front Line<\/font><\/strong> International Foundation for the Protection of Human Rights Defenders<\/font><\/div>\n<div align=\"center\">\n<h2 style=\"color: red;\"><font size=\"3\"><strong>Tunisia: Restrictions on the right to defence of human rights defender Mr Taoufik Ben Brik<\/strong><\/font><\/h2>\n<\/div>\n<div align=\"justify\"> Posted on 2009\/12\/10\u00a0 \u00a0 In the aftermath of the sentencing of journalist and human rights defender Mr Taoufik Ben Brik to six months in prison on 26 November 2009, the Tunisian authorities continue to restrict his right to defence by limiting his access to his lawyers. Further Inforamtion The most recent instance, which followed a series of irregularities in his trial, occurred on 7 December 2009. One of Taoufik Ben Brik&rsquo;s lawyers, Mr Ayachi Hammami, requested the public prosecutor to grant him a permit to visit his client in prison. The prosecutor refused to issue such a permit on the basis of restrictions imposed due to influenza A. However, according to the information received, other prisoners were not subjected to such restrictions. Following the prosecutor&rsquo;s refusal, a group of lawyers improvised a spontaneous sit-in outside the office of the prosecutor, at the Court of Appeal of Tunis. Several lawyers who were in the building at that time also participated. After about three hours, the authorities asked Ayachi Hammami to come back the next day to receive the permit requested. On 8 December, Ayachi Hammami did receive permission to visit his client. However, when he went to Siliana prison, accompanied by lawyers Mr Mohammed Abbou and Ms Radhia Nasraoui, the prison authorities denied them access despite the permit. The lawyers had to leave without meeting their client. Taoufik Ben Brik has had his rights to visits by family and to access legal counsel severely limited since 19 November, the day of his hearing. Since then, despite several requests, Taoufik Ben Brik has met only once and very briefly with one of his lawyers, Mr Chawki Tabib, on 2 December. However, the authorities prevented Chawki Tabib from discussing privately with Taoufik Ben Brik and two guards remained beside them. This represents a serious violation of the right to defence. During the brief meeting, Taoufik Ben Brik informed his lawyer that prison authorities have repeatedly and falsely told him that his family and lawyers did not want to visit him. To protest against the restrictions imposed as well as against his conviction, Taoufik Ben Brik began a hunger strike which has been lasting for eight days. Chawki Tabib has reported that Taoufik Ben Brik appeared very weak. Taoufik Ben Brik was sentenced to six months in prison following a trial marred by numerous violations of the right to a fair trial and the right to a defence. In addition, the authorities have denied him the right to be present during the reading of the verdict of his case on 27 November. As previously reported by Front Line, several human rights observers and lawyers were denied access to the court during the trial hearings and a forged document allegedly containing a &lsquo;confessions&rsquo; by Taoufik Ben Brik was admitted as evidence by the court, despite Taoufik Ben Brik&rsquo;s declaration that he had made no confessions and that he never signed the minutes of the interrogation. The trial against Taoufik Ben Brik began following the publication of numerous critical articles he had written in the international press during the Tunisian election campaign. On the eve of the election return, Tunisian President Ben Ali announced measures \u00ab\u00a0against those who issue accusations or doubts about the integrity of the electoral process, without providing concrete evidence.\u00a0\u00bb Front Line previously reported its concerns over Taoufik Ben Brik&rsquo;s trial on 27 November 2009. Front Line reiterates its deep concern over repeated violations of the right of defence of Taoufik Ben Brik by the Tunisian authorities. The situation of independent journalists and human rights defenders in Tunisia continues to deteriorate, as documented by the significant increase in attacks against them, and in intimidation and harassment of them. Front Line reiterates its previous calls to the Tunisian authorities, namely to: 1. Repeal the decision of the Tribunal de Grande Instance of Tunis because the trial has been marked with grave violations of fair trial guarantees; 2. Immediately and unconditionally release Taoufik Ben Brik, as Front Line believes that his detention and conviction are a direct result of his legitimate and peaceful work in the defence of human rights; 3. Guarantee immediate visitation rights for Taoufik Ben Brik&rsquo;s family and ensure respect for his right of access to his lawyers; 4. Ensure that the treatment of Taoufik Ben Brik while in detention adheres to all those conditions set out in the Basic Principles for Treatment of Prisoners, adopted by General Assembly Resolution 45\/111 of 14 December, 1990;  5. Ensure that in all circumstances, all human rights defenders in Tunisia can carry out their legitimate work in human rights work without restrictions or fear of reprisal. <\/p>\n<hr\/>\n<\/div>\n<div align=\"justify\">\n<div align=\"center\"> <strong><\/p>\n<h2 style=\"color: red;\"><font size=\"3\">Tunisie: inqui\u00e9tude sur l&rsquo;\u00e9tat de sant\u00e9 de Ben Brik, le pouvoir rassure<\/font><\/h2>\n<p><\/strong><\/div>\n<div align=\"justify\"> AFP, le 10 d\u00e9cembre 2009  TUNIS \u2014 Le Parti d\u00e9mocratique progressiste (PDP, opposition l\u00e9gale en Tunisie) s&rsquo;est inqui\u00e9t\u00e9 jeudi de l&rsquo;\u00e9tat de sant\u00e9 du journaliste d\u00e9tenu Taoufik Ben Brik, appelant \u00e0 la lib\u00e9ration d&rsquo;un \u00ab\u00a0prisonnier d&rsquo;opinion\u00a0\u00bb. Les autorit\u00e9s ont en revanche assur\u00e9 jeudi que son \u00e9tat \u00e9tait \u00ab\u00a0normal\u00a0\u00bb. Dans une d\u00e9claration de sa secr\u00e9taire g\u00e9n\u00e9rale Maya Jribi, le PDP se dit \u00ab\u00a0extr\u00eamement pr\u00e9occup\u00e9\u00a0\u00bb par l&rsquo;\u00e9tat de sant\u00e9 du journaliste et \u00ab\u00a0choqu\u00e9\u00a0\u00bb par le fait que sa famille et ses avocats aient \u00e9t\u00e9 emp\u00each\u00e9s, selon lui, de le rencontrer dans la prison de Siliana (130 km de Tunis). Le PDP a appel\u00e9 \u00e0 l&rsquo;\u00e9largissement du journaliste, \u00ab\u00a0un prisonnier d&rsquo;opinion atteint d&rsquo;une maladie rare et qui n\u00e9cessite des soins sp\u00e9cifiques d&rsquo;urgence\u00a0\u00bb. Ce parti a \u00e9galement exig\u00e9 la lib\u00e9ration de \u00ab\u00a0tous les prisonniers d&rsquo;opinion\u00a0\u00bb et invit\u00e9 les autorit\u00e9s \u00e0 \u00ab\u00a0cesser de p\u00e9naliser opposants et ind\u00e9pendants en les jugeant pour des d\u00e9lits de droits commun fabriqu\u00e9s\u00a0\u00bb, selon la d\u00e9claration. L&rsquo;organisation Reporters sans fronti\u00e8res (RSF) s&rsquo;\u00e9tait \u00e9galement pr\u00e9occup\u00e9e mercredi du sort de Taoufik Ben Brik, atteint du syndrome de Cushing, maladie d\u00e9g\u00e9n\u00e9rative des d\u00e9fenses immunitaires, affirmant que son \u00ab\u00a0\u00e9tat de sant\u00e9 n\u00e9cessite un suivi m\u00e9dical r\u00e9gulier\u00a0\u00bb. Selon elle, le journaliste souffrant de \u00ab\u00a0diarrh\u00e9e chronique, d?urticaire et de sympt\u00f4mes grippaux\u00a0\u00bb n&rsquo;a pas \u00e9t\u00e9 autoris\u00e9 \u00e0 voir sa femme le 9 d\u00e9cembre, seuls sa soeur et un de ses fr\u00e8res ont pu s&rsquo;entretenir avec lui dix minutes. La direction g\u00e9n\u00e9rale des prisons a cependant d\u00e9menti des \u00ab\u00a0informations erron\u00e9es\u00a0\u00bb assurant que l?\u00e9tat de sant\u00e9 de Taoufik Ben Brik \u00e9tait \u00ab\u00a0normal\u00a0\u00bb. \u00ab\u00a0L?int\u00e9ress\u00e9 continue de prendre r\u00e9guli\u00e8rement ses m\u00e9dicaments et fait l?objet, comme tout prisonnier ayant des ant\u00e9c\u00e9dents m\u00e9dicaux, d?un suivi m\u00e9dical appropri\u00e9\u00a0\u00bb, a affirm\u00e9 cette direction qui rel\u00e8ve du minist\u00e8re de la Justice et des Droits de l&rsquo;Homme. Taoufik Ben Brik a \u00e9t\u00e9 condamn\u00e9 le 26 novembre en premi\u00e8re instance \u00e0 six mois de prison ferme \u00e0 l&rsquo;issue d&rsquo;un proc\u00e8s pour violences contre une femme. Ecrou\u00e9 le 29 octobre, il avait \u00e9t\u00e9 inculp\u00e9 sur la base d&rsquo;une plainte d\u00e9pos\u00e9e contre lui par Rym Nasraoui, une femme d&rsquo;affaires de 28 ans, l&rsquo;accusant d&rsquo;avoir d\u00e9lib\u00e9r\u00e9ment embouti sa voiture, de l&rsquo;avoir frapp\u00e9e et injuri\u00e9e devant t\u00e9moins. Durant son proc\u00e8s, le journaliste a affirm\u00e9 \u00eatre \u00ab\u00a0victime d&rsquo;un traquenard\u00a0\u00bb pos\u00e9, selon lui, par la police politique en raison de ses \u00e9crits contre le r\u00e9gime du pr\u00e9sident Zine El Abidine Ben Ali. Un de ses avocats, Chawki Tabib a indiqu\u00e9 \u00e0 l&rsquo;AFP qu&rsquo;il avait interjet\u00e9 appel du jugement sans pouvoir consulter son client, l&rsquo;administration de la prison ayant exig\u00e9 la pr\u00e9sence de gardiens durant leur entrevue.<\/div>\n<div align=\"justify\">\n<hr\/>\n<\/div>\n<div align=\"justify\">\n<div align=\"center\"><strong><\/p>\n<h2 style=\"color: red;\"><font size=\"3\">TUNISIE La femme de Taoufik Ben Brik inqui\u00e8te pour la sant\u00e9 de son mari<\/font><\/h2>\n<p><\/strong><\/div>\n<p> NOUVELOBS.COM | 10.12.2009 | 16:51  Jointe par t\u00e9l\u00e9phone, la femme du journaliste tunisien emprisonn\u00e9 explique qu&rsquo;elle n&rsquo;a toujours pas pu voir son mari. Selon la soeur de Taoufik Ben Brik, ce dernier est gravement malade. Condamn\u00e9 le 26 novembre, \u00e0 six mois de prison fermes pour une pr\u00e9tendue agression, le journaliste tunisien Taoufik Ben Brik est toujours d\u00e9tenu \u00e0 la prison de Siliana, \u00e0 environ 130 km de son domicile de Tunis. Jointe par t\u00e9l\u00e9phone jeudi 10 d\u00e9cembre, Azza Zarrad, son \u00e9pouse, s&rsquo;est d\u00e9clar\u00e9e inqui\u00e8te pour la vie de Taoufik Ben Brik. Hier, jour de visite, Azza Zarrad s&rsquo;est rendue \u00e0 la prison en compagnie de trois fr\u00e8res et s\u0153ur du journaliste. Une fois de plus, elle n&rsquo;a pas pu rencontrer son mari qu&rsquo;elle n&rsquo;a pas vu depuis le 19 novembre, \u00ab\u00a0si, une fois deux seconde, mais tout de suite on m&rsquo;a chass\u00e9e de la prison\u00a0\u00bb. Azza Zarrad a r\u00e9clam\u00e9 des explications au directeur de la prison qui s&rsquo;est content\u00e9 de lui r\u00e9pondre qu&rsquo;il avait \u00ab\u00a0re\u00e7u des instructions.\u00a0\u00bb   <strong>Taoufik Ben Brik est gravement malade<\/strong>  Sa s\u0153ur Sa\u00efda, a \u00e9t\u00e9 autoris\u00e9e \u00e0 voir Taoufik Ben Brik hier pendant 10 minutes. A l&rsquo;issue de cette visite, elle se dit \u00ab\u00a0alarm\u00e9e\u00a0\u00bb par l&rsquo;\u00e9tat de son fr\u00e8re, d\u00e9tenu dans des \u00ab\u00a0conditions lamentables\u00a0\u00bb. Taoufik Ben Brik est malade, il souffre d&rsquo;une diarrh\u00e9e chronique. Il a bien re\u00e7u la visite du m\u00e9decin de l&rsquo;h\u00f4pital mais ce dernier n&rsquo;a rien pu faire pour soigner le journaliste dont l&rsquo;\u00e9tat n\u00e9cessite l&rsquo;intervention d&rsquo;un sp\u00e9cialiste. Selon sa s\u0153ur, Taoufik Ben Brik aurait d\u00e9clar\u00e9 : \u00ab\u00a0Ben Ali veut que je meure. Il attend que je m&rsquo;\u00e9teigne \u00e0 petit feu. Si ensuite je meurs chez moi, il sera d\u00e9douan\u00e9.\u00a0\u00bb Pour sa famille, lma condamnation \u00e0 six mois de prison n&rsquo;aurait donc rien d&rsquo;un hasard. L&rsquo;acc\u00e8s au journaliste est aussi interdit \u00e0 ses avocats. Une seule visite a \u00e9t\u00e9 propos\u00e9e \u00e0 l&rsquo;un d&rsquo;eux mais en pr\u00e9sence des gardiens, ce que Taoufik Ben Brik et l&rsquo;avocat ont refus\u00e9. \u00ab\u00a0Nous sommes face \u00e0 des hors-la-loi\u00a0\u00bb s&rsquo;indigne Azza Zarrad. \u00ab\u00a0Nous sommes face \u00e0 la jungle. A la jungle, en fait non, m\u00eame la jungle a ses r\u00e8gles.\u00a0\u00bb  (Louis Morice &#8211; Nouvelobs.com) <\/div>\n<\/div>\n<div align=\"justify\">\n<hr\/>\n<\/div>\n<div align=\"justify\">\n<div align=\"justify\">\n<h2 align=\"center\" style=\"color: red;\"><font>Tunisie : Sihem Bensedrine \u00e0 Ben Ali :<\/font> <\/h2>\n<h2 align=\"center\" style=\"color: red;\">\n<h2 style=\"color: red;\"><font face=\"Arial\" size=\"3\">Partez Monsieur le Pr\u00e9sident !<\/font><\/h2>\n<\/h2>\n<div>\u00a0le 09 D\u00e9cembre, 2009 |<\/div>\n<\/div>\n<h2 align=\"justify\" style=\"color: red;\">Monsieur le pr\u00e9sident, partez<\/h2>\n<p align=\"justify\">\u00a0<em>Lettre ouverte au pr\u00e9sident Ben Ali<\/em> <strong>Monsieur le pr\u00e9sident;<\/strong> <span>Vous avez mal gouvern\u00e9 la Tunisie durant plus de vingt ans et vous venez de vous octroyer cinq autres ann\u00e9es de pouvoir absolu sur nos vies et notre avenir. Votre r\u00e8gne reste aux yeux des Tunisiens celui de l\u2019injustice, des atteintes \u00e0 la dignit\u00e9 du citoyen, du n\u00e9potisme, du d\u00e9veloppement de la corruption et de la dilapidation des ressources humaines et mat\u00e9rielles de notre pays.  La Tunisie va aujourd\u2019hui \u00e0 la d\u00e9rive, men\u00e9e par on ne sait quelle force occulte face \u00e0 un Etat absent et marginalis\u00e9. Vous vous \u00eates affranchi de cette morale tacite qui faisait qu\u2019en Tunisie les puissants ne pouvaient pas \u00eatre trop puissants et les pauvres trop mis\u00e9rables, g\u00e9n\u00e9rant ainsi une forte classe moyenne et faisant de la Tunisie un pays prosp\u00e8re et \u00e9quilibr\u00e9. Votre r\u00e9gime qui tablait sur le \u00abconsommez et taisez-vous\u00bb, a rompu ce deal et permis tous les exc\u00e8s, plongeant de larges franges de cette classe moyenne dans le d\u00e9nuement et favorisant l\u2019enrichissement illicite de quelques b\u00e9n\u00e9ficiaires du client\u00e9lisme d\u2019Etat. La r\u00e9bellion du bassin minier n\u2019est, au bout du compte, qu\u2019une saine r\u00e9action symptomatique de ce naufrage qui n\u2019a \u00e9pargn\u00e9 aucun secteur de l\u2019\u00e9conomie.  Cette politique pr\u00e9datrice a inexorablement entach\u00e9 les acquis qui faisaient la fiert\u00e9 des Tunisiens.  Nos universit\u00e9s et nos \u00e9coles qui soutenaient la concurrence avec nombre d\u2019institutions europ\u00e9ennes ont p\u00e9riclit\u00e9 sous l\u2019effet du nivellement par le bas et la marginalisation des comp\u00e9tences insoumises. Nos h\u00f4pitaux et structures de soins tombent en ruines et les cadres performants sont d\u00e9courag\u00e9s. Nos institutions r\u00e9publicaines ont \u00e9t\u00e9 d\u00e9voy\u00e9es et la Justice est d\u00e9sormais un lieu o\u00f9 le droit se vend et s\u2019ach\u00e8te, r\u00e9duite \u00e0 une annexe de la police politique qui lui dicte des \u00ab injonctions \u00bb. Les juges int\u00e8gres qui r\u00e9sistent encore \u00e0 cette d\u00e9g\u00e9n\u00e9rescence sont marginalis\u00e9s et sanctionn\u00e9s. Le parlement nomm\u00e9 par vos services \u00e0 l\u2019issue d\u2019une farce \u00e9lectorale est devenu une machine \u00e0 produire des lois vid\u00e9es de tout sens du droit. Notre presse est naufrag\u00e9e par l\u2019action conjugu\u00e9e de la censure et de cette \u00ab presse-poubelle \u00bb qui pollue l\u2019espace m\u00e9diatique et d\u00e9prave ses m\u0153urs. Les comp\u00e9tences fuient le pays comme on fuie une jungle qu\u2019aucun droit ne r\u00e9gule. Cette Tunisie qui a tant d\u2019atouts pour figurer en bonne position dans le peloton des pays d\u00e9velopp\u00e9s est aujourd\u2019hui prise en otage par les clans qui vous entourent et son \u00e9lan brid\u00e9. Votre police tire sur tout ce qui bouge, moleste, insulte, arr\u00eate et terrorise les voix pacifiques qui tentent d\u2019alerter sur cette d\u00e9rive.  Vous \u00eates affaibli et la guerre pour votre succession est ouverte dans votre s\u00e9rail, sans que les citoyens tunisiens n\u2019aient la moindre id\u00e9e sur comment la transition sera assur\u00e9e ou si les lois de la R\u00e9publique seront respect\u00e9es. Votre \u00e9pouse, introduite en contrebande dans notre paysage politique, a aujourd\u2019hui l\u2019ambition de diriger notre pays. C\u2019est une perspective effrayante. Non pas que nous ne voudrions pas \u00eatre dirig\u00e9s par une femme \u2013 des femmes d\u2019envergure et int\u00e8gres existent dans notre pays et je serais fi\u00e8re de voir l\u2019une d\u2019elles \u00e0 la t\u00eate de la Tunisie &#8211; mais votre femme a eu des comportements peu \u00e9thiques qui ne rassurent pas sur sa capacit\u00e9 \u00e0 pr\u00e9server le patrimoine public du pillage des siens. Son sens du droit et de l\u2019int\u00e9r\u00eat public semble d\u00e9ficient et je doute qu\u2019il y ait beaucoup de Tunisiens qui en veulent pour dirigeante. Je crains que son ambition n\u2019expose la paisible Tunisie \u00e0 un cycle de violences dont personne n\u2019est capable d\u2019en pr\u00e9sager l\u2019issue.  <strong>Monsieur le pr\u00e9sident;  <\/strong>je ne vous f\u00e9licite pas pour ce 5e mandat ; Vos services ont d\u00fb vous le rapporter, cette mascarade \u00e9lectorale n\u2019a convaincu personne, pas m\u00eame les troupes du RCD essouffl\u00e9es et \u00e0 court d\u2019imagination. Leurs banni\u00e8res vous glorifiaient comme un Dieu, mais le c\u0153ur manifestement n\u2019y \u00e9tait plus. Voyez-vous monsieur, un cinqui\u00e8me mandat, ce n\u2019est pas vraiment convaincant !  \u00ab <em>A vaincre sans p\u00e9ril on triomphe sans gloire<\/em> \u00bb, disait Corneille. Il n\u2019y a pas eu de comp\u00e9tition, ni d\u2019arbitre, encore moins un scrutin o\u00f9 la volont\u00e9 populaire \u00e9tait respect\u00e9e contrairement \u00e0 ce que vous avez dit dans votre discours d\u2019investiture. Tout juste une mise en sc\u00e8ne sans g\u00e9nie avec de faux t\u00e9moins.  Vous avez cl\u00f4tur\u00e9 votre campagne par un discours fait d\u2019avertissements et de menaces \u00e0 l\u2019adresse de ceux qui avaient os\u00e9 mettre en doute la sinc\u00e9rit\u00e9 du processus \u00e9lectoral. Vous avez repris ces m\u00eames menaces dans votre discours d\u2019investiture o\u00f9 vous aviez d\u00e9ni\u00e9 patriotisme et honneur \u00e0 tous ceux qui ne vous font pas all\u00e9geance.  En sortant de votre obligation de r\u00e9serve, vous avez pris le parti de vous afficher comme le pr\u00e9sident d\u2019un clan. Vous avez d\u00e9clar\u00e9 la guerre \u00e0 tous les Tunisiens qui vous reprochent d\u2019avoir mal gouvern\u00e9 la Tunisie, dilapid\u00e9 ses ressources et hypoth\u00e9qu\u00e9 son avenir apr\u00e8s avoir b\u00e2illonn\u00e9 ses medias et asservi sa Justice.  <strong>Monsieur le pr\u00e9sident; <\/strong>Ces Tunisiens n\u2019ont pas de le\u00e7ons de patriotisme \u00e0 recevoir des clans qui parasitent l\u2019Etat et son administration, propageant des m\u0153urs politiques ind\u00e9centes qui insultent notre civilit\u00e9 et nous font honte. Ces Tunisiens, monsieur, ont r\u00e9sist\u00e9 durant vos 22 ans de r\u00e8gne absolu aux l\u00e2ches attaques de votre police politique, aux repr\u00e9sailles familiales, \u00e0 la faim \u00e0 laquelle vous les avez r\u00e9duit, les privant de leurs droits \u00e9l\u00e9mentaires \u00e0 une vie digne, \u00e0 un toit, \u00e0 un travail, \u00e0 la libert\u00e9 de se d\u00e9placer.  Vous avez fait tout cela en proclamant votre respect pour les droits humains et en ratifiant les conventions internationales qui les prot\u00e8gent. Mais vous n\u2019avez pas r\u00e9ussi \u00e0 les r\u00e9duire au silence. Ils ont surv\u00e9cu \u00e0 vos bulldozers et trouv\u00e9 un soutien aupr\u00e8s des soci\u00e9t\u00e9s civiles alg\u00e9riennes, marocaines et plus largement arabes et internationales, qui ont tiss\u00e9 un v\u00e9ritable bouclier de solidarit\u00e9 autour d\u2019eux. C\u2019est ce que vous qualifiez d\u2019\u00ab appui sur les forces \u00e9trang\u00e8res \u00bb; Cela n\u2019est pas pour vous plaire \u00e9videmment! Vous aviez d\u00e9clar\u00e9 que \u00ab <em>le vrai patriote est celui qui r\u00e9pugne \u00e0 porter son diff\u00e9rend avec son pays hors des fronti\u00e8res nationales<\/em>\u00bb. Notre diff\u00e9rend, monsieur, n\u2019est pas avec notre pays que nous aimons si fort que nous sommes pr\u00eats \u00e0 braver votre sinistre machine r\u00e9pressive pour le d\u00e9fendre. Notre diff\u00e9rend est avec vous et votre r\u00e9gime qui \u00e9touffe la Tunisie et hypoth\u00e8que son avenir.  Dites moi, quand avez-vous accept\u00e9 de dialoguer avec vos contradicteurs ? Le seul outil de \u00ab dialogue \u00bb que vous avez consenti \u00e0 manier est le b\u00e2ton de vos policiers et la violence verbale de vos barbouzes de la plume. Non seulement vous avez d\u00e9ni\u00e9 le droit \u00e0 l\u2019existence l\u00e9gale \u00e0 toutes les ONG ind\u00e9pendantes, mais m\u00eame les associations professionnelles qui avaient os\u00e9 manifester des vell\u00e9it\u00e9s d\u2019ind\u00e9pendance ont subi des putschs et les membres des bureaux l\u00e9gitimes ont \u00e9t\u00e9 pers\u00e9cut\u00e9s, comme cela a \u00e9t\u00e9 le cas pour les magistrats et les journalistes. Vous avez emp\u00each\u00e9 la LTDH, la plus ancienne ONG de droits humains, de remplir son mandat d\u2019observatoire vigilant du respect des droits humains.   Vous avez toujours per\u00e7u la posture citoyenne comme une attitude hostile et le devoir de vigilance propre \u00e0 toute soci\u00e9t\u00e9 civile comme une menace sur la p\u00e9rennit\u00e9 de votre r\u00e9gime qui fonctionne dans l\u2019opacit\u00e9 la plus totale couvert par la loi de l\u2019omerta. Et vous avez certainement raison, car votre r\u00e9gime est per\u00e7u par nous tous comme l\u2019ennemi de notre pays.  <strong>Monsieur le pr\u00e9sident; <\/strong>Ces \u00e9trangers que vous nous accusez de chercher \u00e0 introduire dans votre \u00ab forteresse \u00bb et qui menacent votre \u00ab souverainet\u00e9 \u00bb ne les aviez vous pas qualifi\u00e9 tant\u00f4t d\u2019amis ? La France que vous stigmatisez aujourd\u2019hui, n\u2019est-t-elle pas le principal soutien \u00e0 votre r\u00e9gime ? N\u2019est-elle pas la principale puissance europ\u00e9enne qui vous \u00ab prot\u00e8ge \u00bb du devoir de rendre compte de vos manquements \u00e0 vos engagements pris dans le cadre des accords d\u2019association avec l\u2019Union Europ\u00e9enne, dont vous r\u00e9clamez aujourd\u2019hui le statut avanc\u00e9 ?  Renierez-vous maintenant ces accords par lesquels vous \u00eates engag\u00e9 \u00e0 promouvoir l\u2019Etat de droit et la d\u00e9mocratie en Tunisie et en vertu desquels vous acceptez une \u00e9valuation p\u00e9riodique de l\u2019\u00e9tat d\u2019avancement de cette d\u00e9mocratie? Lorsque le pr\u00e9sident de la France d\u00e9clarait contre toute \u00e9vidence que \u00ab l&rsquo;espace des libert\u00e9s progresse\u00bb en Tunisie, vous n\u2019avez pas \u00e0 ce moment l\u00e0 cri\u00e9 \u00e0 l\u2019ing\u00e9rence ! Par contre lorsque le ministre des Affaires \u00e9trang\u00e8res du m\u00eame pays se dit \u00ab d\u00e9\u00e7u par les arrestations de journalistes en Tunisie \u00bb, les jugeant \u00ab inutiles\u00bb, l\u00e0 vous criez \u00e0 l\u2019ing\u00e9rence ! Lorsqu\u2019un Eric Raoult (fr\u00e9quemment invit\u00e9 par l\u2019ATCE \u00e0 effectuer des s\u00e9jours dans les palaces tunisiens) se fond en flagorneries sur votre politique \u00e9clair\u00e9e, il ne fait pas de l\u2019ing\u00e9rence. Mais lorsqu\u2019une Florence Beaug\u00e9 fait sereinement son travail de journaliste, elle est accus\u00e9e de nostalgie colonialiste. L\u2019apologie serait donc la bienvenue et la critique illicite !  <strong>Monsieur le pr\u00e9sident, je ne vous f\u00e9licite pas; <\/strong>Vous avez perdu la bataille m\u00e9diatique et vous en attribuez, \u00e0 juste titre, la victoire \u00e0 <strong>Taoufik Ben Brik<\/strong>. Vous aviez cru qu\u2019elle se gagne par vos posters g\u00e9ants qui envahissent nos murs et les articles command\u00e9s aux mercenaires de la plume \u00e0 l\u2019\u00e9tranger. C\u2019est ainsi que vous percevez vos \u00e9lections, une simple joute m\u00e9diatique !  Mais le langage de la v\u00e9rit\u00e9 triomphe toujours, vous savez ! Vous avez entam\u00e9 votre cinqui\u00e8me mandat en embastillant mon ami Taoufik Ben Brik et vous vous \u00eates veng\u00e9 de lui en le d\u00e9tenant dans des conditions d\u00e9gradantes.  Personne ne croit \u00e0 ce montage juridico-policier mal ficel\u00e9 o\u00f9 une pauvre bougre pr\u00e9tend avoir \u00e9t\u00e9 agress\u00e9e par Taoufik devant une \u00e9cole primaire o\u00f9 elle n\u2019avait aucun enfant \u00e0 chercher.  Si le sort des femmes violent\u00e9es vous pr\u00e9occupe tant, monsieur le pr\u00e9sident, vous auriez commenc\u00e9 par interdire \u00e0 vos policiers de violenter les femmes d\u00e9fenseures de droits humains et surtout, vous auriez laiss\u00e9 votre justice poursuivre les coupables et statuer sur leurs multiples plaintes class\u00e9es sans suite. Nul n\u2019ignore que ce sont les \u00e9crits de ce po\u00e8te qui vous ont tant irrit\u00e9s et qui lui valent votre lettre de cachet. Dans les pays d\u00e9mocratiques, ce genre d\u2019articles sont monnaie courante et ne conduisent pas en prison ; \u00ab <em>On ne met pas Voltaire en prison<\/em> \u00bb monsieur ! En agissant ainsi vous r\u00e9v\u00e9lez la grande fragilit\u00e9 de votre r\u00e9gime cach\u00e9 derri\u00e8re un masque en carton p\u00e2te, reconstruit chaque jour par votre agence de propagande, l\u2019ATCE, \u00e0 coup de milliards par an, pour reproduire par le verbe mensonger, une image artificielle d\u2019un miracle \u00e9conomique et politique auquel vous \u00eates seul \u00e0 croire.  Les jeunes, monsieur le pr\u00e9sident, ont vot\u00e9 pour votre miracle en fuyant le pays par milliers. Les plus r\u00e9cents, ce sont ces 4 sportifs qui ont d\u00e9sert\u00e9 l\u2019\u00e9quipe nationale pour se r\u00e9fugier au Canada portant ainsi \u00e0 140 le nombre de sportifs de haut niveau qui ont fui la Tunisie. Sans parler des dizaines de milliers qui traversent la m\u00e9diterran\u00e9e au p\u00e9ril de leur vie pour \u00e9chapper \u00e0 un avenir confisqu\u00e9. Une v\u00e9ritable r\u00e9ussite \u00e9conomique, monsieur, attire plus qu\u2019elle ne fait fuir.  <strong>Monsieur le pr\u00e9sident ; <\/strong>Vous avez l\u00e2ch\u00e9 vos cerb\u00e8res sur tous ceux et celles qui sont l\u2019honneur de ce pays. Ces barbouzes de la plume pay\u00e9s par l\u2019argent public insultent, diffament \u00e0 longueur de colonnes en des termes qui d\u00e9shonorent la presse tunisienne et avilissent nos m\u0153urs. Jamais nous n\u2019avons \u00e9t\u00e9 si bas dans la gestion de l\u2019espace public que vous monopolisez vous et vos proches. La fiabilit\u00e9 est la premi\u00e8re qualit\u00e9 d\u2019un Etat qui se respecte. Sous votre r\u00e8gne, le mensonge d\u2019Etat est devenu un sport national pratiqu\u00e9 par nombre de vos ministres et commis. Vos policiers de la plume sont pass\u00e9s ma\u00eetres dans l\u2019art du faux et de l\u2019usage de faux. Voila maintenant qu\u2019ils nous accusent d\u2019\u00eatre des espions d\u2019Isra\u00ebl recherch\u00e9s par les Palestiniens et les Libanais. Cet appel au lynchage vous discr\u00e9dite. Notre honneur de d\u00e9fenseurs des valeurs universelles de libert\u00e9 et de droits fondamentaux est intact. Les Palestiniens et les Libanais qui nous connaissent, pour avoir v\u00e9rifi\u00e9 notre attachement \u00e0 leurs justes causes sur le terrain et sous les bombes isra\u00e9liennes, le savent et vous aussi vous le savez pertinemment. Cette mani\u00e8re d\u2019abuser d\u2019une cause juste pour trainer des citoyens dans la boue est ind\u00e9cente et t\u00e9moigne du peu de cas que vous faites de cette cause. Si l\u2019un de vos barbouzes attente \u00e0 notre vie, tout le monde sait que vous en serez seul tenu pour responsable.   <font size=\"2\"><font face=\"Arial\"><strong>Monsieur le pr\u00e9sident, partez; Les Tunisiens n\u2019esp\u00e8rent plus rien de vous, sinon votre d\u00e9part et celui des clans qui vous entourent.  <\/strong>J\u2019en appelle \u00e0 la conscience citoyenne des responsables politiques int\u00e8gres ;  J\u2019en appelle \u00e0 la conscience citoyenne des cadres int\u00e8gres du RCD ; J\u2019en appelle \u00e0 la conscience citoyenne des cadres int\u00e8gres de notre administration ; J\u2019en appelle \u00e0 la conscience citoyenne des magistrats int\u00e8gres au sein de l\u2019institution judiciaire ; J\u2019en appelle \u00e0 la conscience citoyenne des cadres int\u00e8gres dans les corps de la police et de l\u2019arm\u00e9e ; J\u2019en appelle \u00e0 la conscience citoyenne des militants des vrais partis d\u2019opposition ; J\u2019en appelle \u00e0 la conscience citoyenne des acteurs courageux de la soci\u00e9t\u00e9 civile, femmes, syndicalistes, artistes, journalistes, d\u00e9fenseurs de droits humains ; \u00e0 tous les d\u00e9mocrates et tous ceux que le devenir de notre patrie importe ; \u00a0<\/font><\/font><\/span><\/p>\n<p align=\"justify\"><span><span><font face=\"Arial\"><span>Sauvons notre pays, sauvons la Tunisie, avant qu\u2019il ne soit trop tard.<\/span> <\/font><\/span><strong> <font face=\"Arial\" size=\"2\">Sihem Bensedrine<\/font><\/strong><\/span><\/p>\n<p align=\"justify\"><span><font size=\"2\">\u00a0<\/font><\/span><\/p>\n<div align=\"center\"><strong><\/p>\n<h3 style=\"color: blue;\"><font>R\u00c9ACTIONS DES LECTEURS<\/font><\/h3>\n<p><\/strong><\/div>\n<div align=\"justify\">\u00a0<\/div>\n<div align=\"justify\">\n<ul>\n<li>\n<div>Post\u00e9 par <strong>Farid<\/strong>, 10 D\u00e9cembre, 2009<\/div>\n<div>Dommage que le Matin online soit devenu un journal qui censure digne de ces quotidiens \u00e0 la solde du gouvernement. Mais pourquoi tant d&rsquo;acharnement sur le r\u00e9gime de B\u00e9nali. Pourquoi ne pas balayer d&rsquo;abord devant sa porte? C&rsquo;est, je suppose, ma troisi\u00e8me r\u00e9ation \u00e0 ne pas \u00eatre publi\u00e9e. Mes id\u00e9es ne semblent pas conformes \u00e0 la ligne du Matin qui se plait \u00e0 rabacher exclusivement et ne se consacrer qu&rsquo;au r\u00e9gime de B\u00e9nali. C&rsquo;est lassant. C&rsquo;est dommage! <\/div>\n<\/li>\n<\/ul>\n<\/div>\n<div align=\"justify\">\n<ul>\n<li>\n<div>Post\u00e9 par <strong>Hakim<\/strong>, 10 D\u00e9cembre, 2009<\/div>\n<div>Ferra\u00f4un ya ma adraka ferra\u00f4un pour finir on sait le reste quant \u00e0 nos qui soi-disant dirigeants qui gouvernent nos pays respectifs ne sont que des momies du monde occidentale. Voil\u00e0 une femme qui a le courage de dire ce que des millions d&rsquo;Arabes le disent sous leurs djellabas, h\u00e9las,trois fois h\u00e9las et je ne crois pas que \u00e7a changerai de sit\u00f4t. <\/div>\n<\/li>\n<\/ul>\n<\/div>\n<div align=\"justify\">\n<ul>\n<li>\n<div>Post\u00e9 par <strong>Bey Mustapha BEBBOUCHE<\/strong>, 10 D\u00e9cembre, 2009<\/div>\n<div>Madame Sihem Bensedrine vient de d\u00e9montrer aux pseudo-d\u00e9mocrates que la Tunisie n&rsquo;est pas st\u00e9rile.Touness ben nsaaha oua rjaalha oua kaadra ala chraalha.Bon courage Madame! <\/div>\n<\/li>\n<\/ul>\n<\/div>\n<div align=\"justify\">\n<ul>\n<li>\n<div>Post\u00e9 par <strong>Bey Mustapha BEBBOUCHE<\/strong>, 10 D\u00e9cembre, 2009<\/div>\n<div>@ Fran\u00e7ois B\u00e9cet, Vous vous \u00eates tellement abaiss\u00e9 que vous ne savez plus o\u00f9 vous \u00eates. Cinq (5) mandats \u00e7a vous parait normal? Nous, avec seulement trois (3) mandats, nous sommes d\u00e9j\u00e0 asphyxi\u00e9s. <\/div>\n<\/li>\n<\/ul>\n<\/div>\n<div align=\"justify\">\n<ul>\n<li>\n<div>Post\u00e9 par <strong>Bey Mustapha BEBBOUCHE<\/strong>, 10 D\u00e9cembre, 2009<\/div>\n<div>@ Ahmed, Si dans votre balance vous n&rsquo;avez pas le mot LIBERT\u00e9; alors vous ne faites peser que du vent. <\/div>\n<\/li>\n<\/ul>\n<\/div>\n<div align=\"justify\">\n<ul>\n<li>\n<div>Post\u00e9 par <strong>Pierre ABI-SAAB<\/strong>, 10 D\u00e9cembre, 2009<\/div>\n<div>Bravo Mme Bensedrine Quel courage! C&rsquo;est la voix de la Tunisie que nous connaissons et que nous aimons tant qui parle. Encore faut-il savoir jusqu&rsquo;\u00e0 quand les \u00ab\u00a0d\u00e9mocraties occidentales\u00a0\u00bb &#8211; si soucieuses de la d\u00e9mocratie dans nos pays &#8211; cesseront de jouer les faux t\u00e9moins, et de cautionner cette mascarade ent\u00e2ch\u00e9e de larmes et de sang. Courage <\/div>\n<\/li>\n<\/ul>\n<\/div>\n<div align=\"justify\">\n<ul>\n<li>\n<div>Post\u00e9 par <strong>Faouzi<\/strong>, 10 D\u00e9cembre, 2009<\/div>\n<div>Bravo Sihem, je serais rassur\u00e9, si un jour, vous \u00eates \u00e9lue \u00e0 la t\u00eate de notre pays, dans votre lettre ouverte, vous avez d\u00e9crit avec beaucoup de panache et de clairvoyance la situation politique chaotique, dans laquelle se trouve notre pays, je n&rsquo;ai pas votre admirable courage h\u00e9las, j&rsquo;\u00e9cris des ann\u00e9es durant sur tous les sites et forums qui m&rsquo;\u00e9taient donn\u00e9s, pour d\u00e9noncer ce r\u00e9gime mafieux, mais \u00e0 aucun moment, je me suis expos\u00e9 directement \u00e0 lui, de peur de repr\u00e9sailles contre les miens rest\u00e9s au pays, c&rsquo;est pour \u00e7a que j&rsquo;ai une admiration sans limites pour votre courage et tous ceux qui suivent le m\u00eame chemin tels Ben Brick et autres journalistes et d\u00e9mocrates qui croupissent dans les ge\u00f4les de ce r\u00e9gime n\u00e9potique. Ce r\u00e9gime a fait taire toutes les voix libres, il a fait du mensonge, une r\u00e8gle de gouvernance, a fait main basse sur toute l&rsquo;\u00e9conomie du pays, et remplit les prisons de tout ce qui ressemble \u00e0 une voix discordante. Quel avenir pour ce pays, la guerre de succession a commenc\u00e9e par clans interpos\u00e9 et tous les parasites qui gravitent autour du pouvoir, heureusement qu&rsquo;il y a des gens comme vous Sihem pour esp\u00e9rer. <\/div>\n<\/li>\n<\/ul>\n<\/div>\n<div align=\"justify\">\n<ul>\n<li>\n<div>Post\u00e9 par <strong>nadir<\/strong>, 10 D\u00e9cembre, 2009<\/div>\n<div>Bravo madame et bon courage a nos freres tunisiens dans leur lutte pour la d\u00e9mocratie .vous avez sauver lhonneur des musulmans en faisant barrage aux islamites et vous etes a deux pas de la democratie si vous precipitez le depart du despote ben ali. amen <\/div>\n<\/li>\n<\/ul>\n<\/div>\n<div align=\"justify\">\n<ul>\n<li>\n<div>Post\u00e9 par <strong>ben<\/strong>, 10 D\u00e9cembre, 2009<\/div>\n<div>Pour bien lire cet article, changez juste le titre par :mr bouteflika partez! <\/div>\n<\/li>\n<\/ul>\n<\/div>\n<div align=\"justify\">\n<ul>\n<li>\n<div>Post\u00e9 par <strong>Tag<\/strong>, 10 D\u00e9cembre, 2009<\/div>\n<div>Madame Bensedrine &#8211; vous devriez dire: \u00ab\u00a0Partez G\u00e9n\u00e9ral putschiste\u00a0\u00bb. L&rsquo;appellation de pr\u00e9sident il ne peut la m\u00e9riter. Pour ce qui est de l&rsquo;int\u00e9grisme c&rsquo;est de la supercherie des politicards sans plus. Tous les putschistes des pays arabes sont de connivence avec les islamistes. L&rsquo;int\u00e9grisme est leur alli\u00e9 parce qu&rsquo;il endorme. Il promet aussi le paradis mais pas la vie. Bon courage \u00e0 tous les d\u00e9fenseurs des droits de l&rsquo;homme et des libert\u00e9s. Merci Sihem Bensedrine de la part d&rsquo;un Alg\u00e9rien. <\/div>\n<\/li>\n<\/ul>\n<\/div>\n<div align=\"justify\">\n<ul>\n<li>\n<div>Post\u00e9 par <strong>rak<\/strong>, 10 D\u00e9cembre, 2009<\/div>\n<div>chapeau bas madame! sachez que nous algeriens democrates qui tentant aussi de mener le meme combat que vous afin de nous debarrasser de ces boulets qui nous empechent d&rsquo;avancer, sommes avec vous de tout coeur&#8230;saddam aussi se croyait invincible, meme si la maniere dont il a fini peut donner matiere a discussion, mais il a fait par tomber et rejoidre la poubelle de l&rsquo;histoire irakienne&#8230; ils se croient eternels meme en cadavres ambulants ils ne veulent rien lacher.. je les plains plus que tout&#8230; que diront ils le jour du jugement dernier auquel il n&rsquo;echapperont pas! courage et gardez la peche! <\/div>\n<\/li>\n<\/ul>\n<\/div>\n<div align=\"justify\">\n<ul>\n<li>\n<div>Post\u00e9 par <strong>afroukh<\/strong>, 10 D\u00e9cembre, 2009<\/div>\n<div>les pays occidentaux sont les plus grands incubateurs,exportateurs de toutes sortes id\u00e9oligiques et utopiques,aux jeunes nations,soit pour les rendre amn\u00e9siques,ou les laisser en pleine l\u00e9thargie,mais apr\u00e9s&#8230;Se sont les cas de r\u00e9voltes un peu partout sur la plan\u00e8te qu&rsquo;on ignore,parce qu&rsquo;on est 21eme si\u00e9cle?&#8230; <\/div>\n<\/li>\n<\/ul>\n<\/div>\n<div align=\"justify\">\n<ul>\n<li>\n<div>Post\u00e9 par <strong>Gaillot<\/strong>, 10 D\u00e9cembre, 2009<\/div>\n<div>Bravo et merci. Sihem Bensedrine est l&rsquo;honneur de la Tunisie. Voil\u00e0 une femme libre, car elle n&rsquo;a pas peur. Tant que des femmes comme Sihem existeront, l&rsquo;humanit\u00e9 pourra garder l&rsquo;espoir. Avec ma reconnaissance <\/div>\n<\/li>\n<\/ul>\n<\/div>\n<div align=\"justify\">\n<ul>\n<li>\n<div>Post\u00e9 par <strong>matri<\/strong>, 10 D\u00e9cembre, 2009<\/div>\n<div>Vraiment c&rsquo;est pathologique chez les dictateurs et en particulier les pr\u00e9sidents arabes quand ils arrivent au pouvoir resteront j&rsquo;usqu&rsquo;a la mort ou renverser par militaire etc&#8230; devant votre courage, madame sihem quelles sont les procedures de traduir les criminelles devant la justice internatonale. <\/div>\n<\/li>\n<\/ul>\n<\/div>\n<div align=\"justify\">\n<ul>\n<li>\n<div>Post\u00e9 par <strong>YEZID<\/strong>, 10 D\u00e9cembre, 2009<\/div>\n<div>MERCI SIHEM, J&rsquo;ai mal \u00e0 ma Tunisie, celle qui est viol\u00e9e par ces hordes d&rsquo;arrivistes, de sangsues ignares, de vautours puants. IL PARTIRA Sihem, car nul n&rsquo;est \u00e9ternel, mais on crachera sur sa tombe et sur Ses rejetons. ILS CREVERONT avec lui , et nous les maudissons&#8230;. <\/div>\n<\/li>\n<\/ul>\n<\/div>\n<div align=\"justify\">\n<ul>\n<li>\n<div>Post\u00e9 par <strong>bona<\/strong>, 10 D\u00e9cembre, 2009<\/div>\n<div>Cette lettre sied \u00e9galement \u00e0 \u00eatre adress\u00e9e au nain qui nous gouverne car il \u00e9tait le premier \u00e0 le f\u00e9liciter. <\/div>\n<\/li>\n<\/ul>\n<\/div>\n<div align=\"justify\">\n<ul>\n<li>\n<div>Post\u00e9 par <strong>Ahmed<\/strong>, 10 D\u00e9cembre, 2009<\/div>\n<div>La Tunisie est un pays o\u00f9 il fait bon vivre, il sufit de s&rsquo;\u00e9loigner de la drogue et de la politique fanatique. Ce n&rsquo;est pas sur qu&rsquo;une autre personne aurait mieux fait en tant que pr\u00e9sident. Pour comparer il faut tout mettre dans la balance, le bon et le mauvais. <\/div>\n<\/li>\n<\/ul>\n<\/div>\n<div align=\"justify\">\n<ul>\n<li>\n<div>Post\u00e9 par <strong>ahmed mahmoud<\/strong>, 10 D\u00e9cembre, 2009<\/div>\n<div>Mes respects Mme Bensedrine ! j\u2019ai votre photo sous mes yeux et je peux vous dire que vous \u00eates une femme tr\u00e8s respectable, sage et tr\u00e8s belle d\u2019une beaut\u00e9 amazighe. Alg\u00e9rie, Maroc, Tunisie, Libye \u2026 vous n\u2019\u00eates pas sans savoir que tous ces pays qui nous appartiennent toujours sont sous domination arabo islamo fasciste. Votre combat est le notre et \u00f4 combien nous le comprenons. Tamazgha, donc l\u2019Afrique du nord a besoin d\u2019un autre combat lib\u00e9rateur du joug arabo musulman apr\u00e8s le colonialisme fran\u00e7ais complice comme vous l\u2019avez si bien soulign\u00e9. En Alg\u00e9rie, Maroc, Tunisie et Libye nous devrons nous unir face \u00e0 la maffia ( Bouteflika, Med6, Ben Ali, El Keddafi) qui nous gouverne par la force gr\u00e2ce \u00e0 l\u2019appui des services occidentaux fran\u00e7ais notamment. Comptez sur notre soutien et nous comptons beaucoup sur le votre pour que notre lutte \u00e0 tous ne serve plus jamais les pouvoirs fascistes en Alg\u00e9rie et en Tunisie pour ne citer que ceux l\u00e0. Amicalement. <\/div>\n<\/li>\n<\/ul>\n<\/div>\n<div align=\"justify\">\n<ul>\n<li>\n<div>Post\u00e9 par <strong>hamou<\/strong>, 10 D\u00e9cembre, 2009<\/div>\n<div>Le M D S et contres l&rsquo;int\u00e9grisme dont toute ces formes ses visages il n&rsquo;est pas que religieux il est tunisien comme il \u00e9tait hitl\u00e9rien et comme il est r\u00e9gimes arabes au jour d huit lamkhaiar fi ouled el kalba kalb \u00e7a veut tout dire. <\/div>\n<\/li>\n<\/ul>\n<\/div>\n<div align=\"justify\">\n<ul>\n<li>\n<div>Post\u00e9 par <strong>Kacem Madani<\/strong>, 10 D\u00e9cembre, 2009<\/div>\n<div>La Tunisie a eu la chance d&rsquo;avoir eu Habib Bourguiba, le combattant supr\u00eame, \u00e0 sa t\u00eate. Le seul musulman a avoir os\u00e9 braver l&rsquo;Islam en se permettant d&rsquo;\u00e9tancher sa soif en public, un jour de Ramadan, pour faire passer le message (oh combien important!) que la croyance est avant tout une affaire personnelle ! Ces pantins de r\u00e9gimes Islamo-militaires (Boutef, Benali, et consorts) oseraient -ils de telles actes de bravoures ? Si la Tunisie d&rsquo;aujourd&rsquo;hui rayonne c&rsquo;est gr\u00e2ce \u00e0 ces gestes \u00e0 contre-Coran. Ben-Ali n&rsquo;a pas la stature de Bourguiba, il est l\u00e0 pour piller le peuple et servir sa famille, comme le fait Boutef chez nous. Bravo Madame Bensedrine! Vous \u00eates une vraie Tunisienne debout ! Mais SVP ne prenez pas exemple sur une certaine Alg\u00e9rienne qui se pr\u00e9tendait debout aussi mais qui est devenue l&rsquo;image malsaine par excellence de combats vils et affligeants. <\/div>\n<\/li>\n<\/ul>\n<\/div>\n<div align=\"justify\">\n<ul>\n<li>\n<div>Post\u00e9 par <strong>ahmed<\/strong>, 10 D\u00e9cembre, 2009<\/div>\n<div>Nos amis tunisiens sont entrain de se mettre le doigt dans l&rsquo;oeil. Certes, en mati\u00e8re de respect des libert\u00e9s collectives, Ben Ali est un oiseau rare. Mais, \u00e0 ma connaissance, la seule organisation dont on entend parler autre que le RCD, c&rsquo;est bien le truc \u00e0 Ghannouchi. Le meilleur service que peut rendre l&rsquo;opposition d\u00e9mocrate \u00e0 la Tunisie, c&rsquo;est de pr\u00e9parer l&rsquo;apr\u00e8s Ben Ali. En d&rsquo;autre termes, se pr\u00e9parer pour \u00eatre en mesure de gouverner le temps venu, ne pas laisser l&rsquo;espace aux int\u00e9gristes. Bien que le contexte n&rsquo;est pas le m\u00eame, l&rsquo;exp\u00e9rience alg\u00e9rienne peut servir aux tunisiens. <\/div>\n<\/li>\n<\/ul>\n<\/div>\n<div align=\"justify\">\n<ul>\n<li>\n<div>Post\u00e9 par <strong>HADJ &#8211; MESSAR $ _ Canada _$<\/strong>, 10 D\u00e9cembre, 2009<\/div>\n<div>HADJ &#8211; MESSAR $ CANADA Les \u00e9lections pr\u00e9sidentielle et l\u00e9gislatives en Tunisie ont \u00e9t\u00e9 \u00ab\u00a0honn\u00eates et transparentes\u00a0\u00bb comme ceux de L\u2019Alg\u00e9rie du 09 Avril 2009 au cours desquelles le peuple tunisien a exprim\u00e9 sa volont\u00e9 et son choix, a d\u00e9clar\u00e9 le ministre tunisien de l&rsquo;Int\u00e9rieur, M. Rafik Hadj Kacem. \u00ab\u00a0Les \u00e9lections ont \u00e9t\u00e9 honn\u00eates et transparentes, au cours desquelles le peuple a exprim\u00e9 sa volont\u00e9 et son choix\u00a0\u00bb, a affirm\u00e9 M. Hadj Kacem lors d&rsquo;une conf\u00e9rence de presse apr\u00e8s l&rsquo;annonce de la r\u00e9\u00e9lection de M. Zine el-Abidine Ben Ali, pour un 5e mandat, \u00e0 la t\u00eate de la magistrature supr\u00eame, et l&rsquo;obtention de la majorit\u00e9 des 214 si\u00e8ges de la Chambre des d\u00e9put\u00e9s par son parti le Rassemblement constitutionnel d\u00e9mocratique (RCD).Felcitations aux Peuples Fr\u00e8eres Algerien et Tunisien . Lanc\u00e9 par Mon I-PHONE ( C )&#8211;SANS RANCUNE &#8211;(rassem054@yahoo.fr ) Post\u00e9 par <\/div>\n<\/li>\n<\/ul>\n<\/div>\n<div align=\"justify\">\n<ul>\n<li>\n<div>Post\u00e9 par <strong>Fran\u00e7ois B\u00e9cet<\/strong>, 10 D\u00e9cembre, 2009<\/div>\n<div>Sihem bensedrine est forc\u00e9e de lancer cet appel mensonger \u00e0 l&rsquo;\u00e9tranger non pas en raison d&rsquo;une quelconque censure mais parce qu&rsquo;elle n&rsquo;a aucune cr\u00e9dibilit\u00e9 dans son pays. Lisez bien et vous verrez les contradictions, le manque d&rsquo;arguments. La \u00ab\u00a0lionne \u00ab\u00a0rugit dans le vide, ne propose strictement rien mais veut uniquement d\u00e9truiore. la suivre serait pr\u00e9cipiter la Tunisie vers le pire. Analyser la situation, renseignez-vous, allez sur place au lieu de croire cette dame qui ne vit que par la provocation. C&rsquo;est vraiment triste. La Tunisie a des progr\u00e8s \u00e0 faire. Ce n&rsquo;est pas avec Sihem bensedrine qu&rsquo;elle pourrait avancer. <\/div>\n<\/li>\n<\/ul>\n<\/div>\n<div align=\"justify\">\n<ul>\n<li>\n<div>Post\u00e9 par <strong>Ettounsi<\/strong>, 10 D\u00e9cembre, 2009<\/div>\n<div>Bravo Maitre Ben Sedrine ! Nous, tunisiens avons marre d&rsquo;\u00eatre gouvern\u00e9s par syst\u00e8me d\u00e9gradant ind\u00e9cent inculte malhonn\u00eate mafieux qui ne sied point au prestige de notre cher pays. Tunisiens, relevez la t\u00eate et marchez pour votre libert\u00e9 ! Ne comptez pas sur l&rsquo;occident pour vous offrir la Libert\u00e9. Il faut lutter, souffrir et la m\u00e9riter. Ch\u00e8re Sihem, j&rsquo;appuie totalement et sans condition votre appel. <\/div>\n<\/li>\n<\/ul>\n<\/div>\n<div align=\"justify\">\n<ul>\n<li>\n<div>Post\u00e9 par <strong>Ettounsi<\/strong>, 10 D\u00e9cembre, 2009<\/div>\n<div>Bravo Maitre Ben Sedrine ! Nous, tunisiens avons marre d&rsquo;\u00eatre gouvern\u00e9s par syst\u00e8me d\u00e9gradant ind\u00e9cent inculte malhonn\u00eate mafieux qui ne sied point au prestige de notre cher pays. Tunisiens, relevez la t\u00eate et marchez pour votre libert\u00e9 ! Ne comptez pas sur l&rsquo;occident pour vous offrir la Libert\u00e9. Il faut lutter, souffrir et la m\u00e9riter. Ch\u00e8re Sihem, j&rsquo;appuie totalement et sans condition votre appel. <\/div>\n<\/li>\n<\/ul>\n<\/div>\n<div align=\"justify\">\n<ul>\n<li>\n<div>Post\u00e9 par <strong>said<\/strong>, 10 D\u00e9cembre, 2009<\/div>\n<div>Le courage a ceci de particulier: il est non negociable! Dans nos societes maghrebines ou tout est soumis au rapport marchand&#8230;l&rsquo;integrite fait sourire. J&rsquo;ose esperer que des dames aussi authentiques que Sihem Bensedrine, puissent enfanter l&rsquo;orgueil et la dignite. <\/div>\n<\/li>\n<\/ul>\n<\/div>\n<div align=\"justify\">\n<ul>\n<li>\n<div>Post\u00e9 par <strong>izirdhi<\/strong>, 10 D\u00e9cembre, 2009<\/div>\n<div>@Mon concitoyen nacer. Dois je comprendre que la Tunisie n&rsquo;a le choix qu&rsquo;entre une dictature theocratique et une dictature renti\u00e8re? si c&rsquo;est le cas, j&rsquo;y vais de ce pas adh\u00e9rer au RND puisqu&rsquo;il constitue une barri\u00e8re contre l&rsquo;islamisme. <\/div>\n<\/li>\n<\/ul>\n<\/div>\n<div align=\"justify\">\n<ul>\n<li>\n<div>Post\u00e9 par <strong>un Algerien-Tout-Simplement<\/strong>, 10 D\u00e9cembre, 2009<\/div>\n<div>Izirdhi. Tu dis: que bcp se croient qu&rsquo;ils sont democrates parcequ&rsquo;ils sont contre les Islamistes. Oui ! Monsieur, on ne peut se revendiquer Democrates si on accepte de collaborer avec les ennemis de la democratie. Les Islamistes n&rsquo;ont jamais caches leurs intentions, Ali Bakradj a declare plusieurs fois que LA DEMOCRATIE EST KOFRE, Il voulu dire par la, une fois nous serons au pouvoir nous allons torde le cou a la Democratie. donc comme veux-tu que le democrates vont accepter de jouer les futures condamnes a mort avec des Integristes qu&rsquo;ils leurs promettent la potence, la prison ou l&rsquo;exil. <\/div>\n<\/li>\n<\/ul>\n<\/div>\n<div align=\"justify\">\n<ul>\n<li>\n<div>Post\u00e9 par <strong>narsis<\/strong>, 09 D\u00e9cembre, 2009<\/div>\n<div>arr\u00eatons de dire que si ben ali part ghannouchi lui succ\u00e8dera!!! les tunisiens sont vaccin\u00e9s contre l&rsquo;int\u00e9grisme. <\/div>\n<\/li>\n<\/ul>\n<\/div>\n<div align=\"justify\">\n<ul>\n<li>\n<div>Post\u00e9 par <strong>sawles<\/strong>, 09 D\u00e9cembre, 2009<\/div>\n<div>courage sihem ,par-fois les tyrans est les assassins peuvent nous sombl\u00e9s invinsible ,mais ils se trompent toujours ..quand la voix de la verit\u00e9 surgisse en quelques seondes , elle an\u00e9antira se que le mensonge a mis des ann\u00e9e voir meme des siecles a construire comme un ouragon qui effacera les injustes est les tyrans , avec cour\u00e2ge est patience <\/div>\n<\/li>\n<\/ul>\n<\/div>\n<div align=\"justify\">\n<ul>\n<li>\n<div>Post\u00e9 par <strong>nacer<\/strong>, 09 D\u00e9cembre, 2009<\/div>\n<div>nous aimons notre president B.Ali qui a sauve la tunisie de l integrisme obscure. <\/div>\n<\/li>\n<\/ul>\n<\/div>\n<div align=\"justify\">\n<ul>\n<li>\n<div>Post\u00e9 par <strong>izirdhi<\/strong>, 09 D\u00e9cembre, 2009<\/div>\n<div>Et pourtant le r\u00e9gime tunisien est anti-islamiste. Et cela prouve, si besoin est, qu&rsquo;\u00eatre anti-islamiste ne signifie aucunement \u00eatre d\u00e9mocrate. C&rsquo;est valable surtout chez nous en Alg\u00e9rie, o\u00f9 beaucoup se \u00ab\u00a0croient\u00a0\u00bb d\u00e9mocrates rien que parce qu&rsquo;ils sont anti-islamistes. Je pense particuli\u00e8rment au mort-n\u00e9 ANR (de Reda Malek, un pricipaux r\u00e9dacteurs des chartes de Tripoli (qui consacre, entre autre, le parti unique et l&rsquo;economie dirig\u00e9e), et la charte de 1976, je pense aussi au MDS, au RCD. Tiens, d\u00e9ja le parti au pouvoir en Tunisie d&rsquo;appele, curieusement, RCD. <\/div>\n<\/li>\n<\/ul>\n<\/div>\n<div align=\"justify\">\n<ul>\n<li>\n<div>Post\u00e9 par <strong>dfg<\/strong>, 09 D\u00e9cembre, 2009<\/div>\n<div>Je n&rsquo;ai rien \u00e0 rajouter simplement un grand merci \u00e0 cette dame courageuse qui dit tout haut ce que pense une majorit\u00e9 de citoyens Tunisiens, majorit\u00e9 silencieuse dans une prison \u00e0 ciel ouvert b\u00e9nie par certaines puissances. Encore bravo et courage dans ce monde de mafieux. <\/div>\n<\/li>\n<\/ul>\n<\/div>\n<div align=\"justify\">\n<ul>\n<li>\n<div>Post\u00e9 par <strong>skikdi<\/strong>, 09 D\u00e9cembre, 2009<\/div>\n<div>attention,si ben ali part ghannouchi (l&rsquo;integriste)prendra sa place et adieu a la tunisie. <\/div>\n<\/li>\n<\/ul>\n<\/div>\n<div align=\"justify\">\n<ul>\n<li>\n<div>Post\u00e9 par <strong>Usher<\/strong>, 09 D\u00e9cembre, 2009<\/div>\n<div>C malheureux ce qui se passe dans les pays arabes.Les dirigeants font tout pour freiner l&rsquo;essor de leurs \u00e9conomies respectives, tout pour museler ceux qui osent dire la v\u00e9rit\u00e9.Vous \u00eates une femme tr\u00e8s courageuse Mme Bensedrine. Votre position vis-\u00e0vis du tyran restera grav\u00e9 dans la m\u00e9moire de l&rsquo;humanit\u00e9. Courage et patience ! <\/div>\n<\/li>\n<\/ul>\n<\/div>\n<div align=\"justify\">\n<ul>\n<li>\n<div>Post\u00e9 par <strong>IMAL<\/strong>, 09 D\u00e9cembre, 2009<\/div>\n<div>Tiens \u00e7a me rappelle un pays pas tres eloigne de la Tunisie <\/div>\n<\/li>\n<\/ul>\n<\/div>\n<div align=\"justify\">\n<ul>\n<li>\n<div>Post\u00e9 par <strong>Atevlush<\/strong>, 09 D\u00e9cembre, 2009<\/div>\n<div>Vive la Tunisie Amazighe qui a souffert pendant longtemps du colonialisme arabo-destructeur. <\/div>\n<\/li>\n<\/ul>\n<\/div>\n<div align=\"justify\">\n<ul>\n<li>\n<div>Post\u00e9 par <strong>Kab<\/strong>, 09 D\u00e9cembre, 2009<\/div>\n<div>Quelle femme courageuse. Nos dirigeants se sont entendu \u00e0 ne pas \u00e9couter les voix de leurs peuples. ils ignorent la volont\u00e9 de changement \u00e9manant de leurs peuple , des peuples assoiff\u00e9s de libert\u00e9 et de d\u00e9mocratie.  \u00a0<\/div>\n<\/li>\n<\/ul>\n<\/div>\n<div align=\"justify\"><span><font face=\"Arial\" size=\"2\"><strong>(Source: Le site du journal \u00ab\u00a0Le Matin\u00a0\u00bb (Quotidien &#8211; Algerie) mis \u00e0 jour le\u00a010 decembre 2009)<\/strong><\/font><\/span><\/div>\n<\/div>\n<div align=\"justify\">\n<hr\/>\n<\/div>\n<div align=\"justify\">\n<div>\n<p align=\"center\"><strong><\/p>\n<p><font size=\"3\">Le d\u00e9bat A\u00cfDOUN \/ Retornados s&rsquo;invite \u00e0 la <em>Chambre des Conseillers<\/em>, au <em>Campus universitaire<\/em>, dans les <em>Tribunaux<\/em> et sur <em>FaceBook<\/em><\/font><\/p>\n<p><\/strong> <\/p>\n<p align=\"center\"><strong><font size=\"4\">Par: Abdel Wahab Hani<\/font><\/strong><\/p>\n<div>\u00a0<\/div>\n<div>\u00a0<\/div>\n<div><strong>La Chambre des Conseillers se saisit de la question du Retour des Exil\u00e9s A\u00efdoun\u00a0\/ Retornados. Le Ministre de la Justice utilise la terminologie de l&rsquo;UGET et met en difficult\u00e9 ses coll\u00e8gues de l&rsquo;Int\u00e9rieur et des Affaires \u00e9trang\u00e8res. L&rsquo;<em>Union g\u00e9n\u00e9rale des \u00e9tudiants tunisiens<\/em>UGET multiplie les Assembl\u00e9es g\u00e9n\u00e9rales et adresse un t\u00e9l\u00e9gramme de soutien aux Retornados. Les Cours d&rsquo;Appel de Tunis et de Sfax mettent en d\u00e9lib\u00e9r\u00e9 l&rsquo;affaire du A\u00efd Retornado\u00a0Eleuch. La justice blanchit le A\u00efd Retornado Belkhir et ordonne un non lieu en sa faveur. Le A\u00efd Retornado Ounissi commente la soutien de l&rsquo;UGET et appelle \u00e0 lever toute instrumentalisation politique de la question du retour des Exil\u00e9s..<\/strong><\/div>\n<div>\u00a0<\/div>\n<div>\u00a0<\/div>\n<div><strong><u>La <em>Chambre des Conseillers<\/em> se saisit de la question des A\u00efdoun \/ Retornados:<\/u><\/strong><\/div>\n<div>\u00a0<\/div>\n<div>A l&rsquo;occasion des d\u00e9bats\u00a0sur le\u00a0budget du <em>Minist\u00e8re de la Justice et des droits de l&rsquo;homme<\/em>, un honorable S\u00e9nateur \/ Conseiller a interpel\u00e9 le Ministre sur la question des Retornados, dans des termes proches de ceux utilis\u00e9s par l&rsquo;honorable D\u00e9put\u00e9 Mongi Khammassi mercredi dernier 2 d\u00e9cembre \u00e0 la Chambre des D\u00e9put\u00e9s. L&rsquo;agence officielle <em>Tunisie Afrique Press<\/em> (TAP) a rapport\u00e9 les propos du Ministre dans sa d\u00e9p\u00eache en version arabe:<\/div>\n<div align=\"right\">\u00a0<\/div>\n<div align=\"right\"><font size=\"4\">\u0628\u0627\u0631\u062f\u0648 10 \u062f\u064a\u0633\u0645\u0628\u0631 2009 (\u0648\u0627\u062a) \u0623\u0643\u062f \u0627\u0644\u0633\u064a\u062f \u0627\u0644\u0628\u0634\u064a\u0631 \u0627\u0644\u062a\u0643\u0627\u0631\u0649 \u0648\u0632\u064a\u0631 \u0627\u0644\u0639\u062f\u0644 \u0648\u062d\u0642\u0648\u0642 \u0627\u0644\u0627\u0646\u0633\u0627\u0646 \u0641\u064a \u0631\u062f\u0648\u062f\u0647 \u064a\u0648\u0645 \u0627\u0644\u062e\u0645\u064a\u0633 \u0639\u0644\u0649 \u062a\u062f\u062e\u0644\u0627\u062a \u0627\u0644\u0645\u0633\u062a\u0634\u0627\u0631\u064a\u0646 <\/font><\/div>\n<div align=\"right\">\u00a0<\/div>\n<div align=\"right\"><font size=\"4\">\u0648\u0641\u064a \u0645\u0627 \u064a\u062e\u0635 \u062a\u062f\u062e\u0644 \u0623\u062d\u062f \u0627\u0644\u0645\u0633\u062a\u0634\u0627\u0631\u064a\u0646 \u0628\u0634\u0623\u0646 \u0645\u0627 \u064a\u0633\u0645\u0649 \u0628\u062d\u0642 \u0627\u0644\u0639\u0648\u062f\u0629 \u0644\u0644\u0645\u063a\u062a\u0631\u0628\u064a\u0646 \u0623\u0648\u0636\u062d \u0627\u0644\u0633\u064a\u062f \u0627\u0644\u0628\u0634\u064a\u0631 \u0627\u0644\u062a\u0643\u0627\u0631\u0649 \u0623\u0646\u0647 \u0644\u064a\u0633 \u0647\u0646\u0627\u0643 \u0641\u064a \u062a\u0648\u0646\u0633 \u0645\u063a\u062a\u0631\u0628 \u0627\u0630 \u0623\u0646 \u0627\u0644\u0641\u0635\u0644 11 \u0645\u0646 \u0627\u0644\u062f\u0633\u062a\u0648\u0631 \u064a\u062d\u062c\u0631 \u062a\u063a\u0631\u064a\u0628 \u0627\u0644\u0645\u0648\u0627\u0637\u0646 \u0648\u0645\u0646\u0639\u0647 \u0645\u0646 \u0627\u0644\u0639\u0648\u062f\u0629 \u0627\u0644\u0649 \u0627\u0644\u0628\u0644\u0627\u062f. <\/font><\/div>\n<div align=\"right\">\u00a0<\/div>\n<div align=\"right\"><font size=\"4\">\u0648\u0623\u0648\u0636\u062d \u0623\u0646 \u0647\u0646\u0627\u0643 \u0623\u0634\u062e\u0627\u0635\u0627 \u0645\u0637\u0644\u0648\u0628\u064a\u0646 \u0644\u0644\u0639\u062f\u0627\u0644\u0629 \u0635\u0627\u062f\u0631\u0629 \u0628\u0634\u0623\u0646\u0647\u0645 \u0623\u062d\u0643\u0627\u0645 \u063a\u064a\u0627\u0628\u064a\u0629 \u0648\u0628\u0627\u0645\u0643\u0627\u0646\u0647\u0645 \u0627\u0644\u0627\u0639\u062a\u0631\u0627\u0636 \u0639\u0644\u064a\u0647\u0627 \u0645\u0630\u0643\u0631\u0627 \u0628\u0623\u0646\u0647 \u0633\u0628\u0642 \u0627\u0644\u0627\u0639\u062a\u0631\u0627\u0636 \u0639\u0644\u0649 \u0628\u0639\u0636 \u0627\u0644\u0627\u062d\u0643\u0627\u0645 \u0648\u062a\u0645\u062a \u0645\u0631\u0627\u062c\u0639\u062a\u0647\u0627 \u0633\u0648\u0627\u0621 \u0628\u0627\u0644\u062d\u0643\u0645 \u0628\u0639\u062f\u0645 \u0633\u0645\u0627\u0639 \u0627\u0644\u062f\u0639\u0648\u0649 \u0623\u0648 \u0628\u0645\u0631\u0627\u062c\u0639\u0629 \u0627\u0644\u0639\u0642\u0648\u0628\u0629 \u0623\u0648 \u0628\u0627\u0646\u0642\u0631\u0627\u0636 \u0627\u0644\u062f\u0639\u0648\u0649.<\/font><\/div>\n<div>\u00a0<\/div>\n<div>Il est \u00e0 remarquer que le Ministre se r\u00e9f\u00e8re \u00e0 l&rsquo;article 11 de la Constitution, base juridique de l&rsquo;<em>Appel des A\u00efdoun \/ Retornados pour le Retour des Exil\u00e9s en ce d\u00e9but des mandats pr\u00e9sidentil et l\u00e9gislatif<\/em>. <\/div>\n<div>\u00a0<\/div>\n<div>Le Ministre indique dans sa r\u00e9ponse que des <em>Oppositions<\/em> de jugement ont \u00e9t\u00e9 introduites et qu&rsquo;elles ont donn\u00e9 lieu \u00e0\u00a0des <em>Non-lieu<\/em>, des <em>R\u00e9visions<\/em> de peine et \u00e0 la <em>Prescription<\/em> et l&rsquo;<em>Extinction de l&rsquo;action publique<\/em>. Ce qui laisse \u00e0 entendre que le Ministre admet que les principes de <em>Prescription<\/em> et d&rsquo;<em>Extinction de l&rsquo;action publique<\/em> peuvent \u00eatre observ\u00e9es par les Tribunaux, sans m\u00eame \u00e0 avoir \u00e0 attendre l&rsquo;\u00e9coulement formel de l&rsquo;int\u00e9gralit\u00e9 de quantum inscrit par la loi. Ce qui est assez encouragent et va dans le sens appel\u00e9 par nos voeux lors de notre adresse audio-visuelle, rappelant le principe du Droit de la Soci\u00e9t\u00e9 \u00e0 l&rsquo;Oubli:<a href=\"http:\/\/www.facebook.com\/topic.php?uid=216677883568&amp;topic=14066#\/video\/video.php?v=105856282758254&amp;oid=216677883568\" rel=\"nofollow noopener\" target=\"_blank\">http:\/\/www.facebook.com\/topic.php?uid=216677883568&amp;topic=14066#\/video\/video.php?v=105856282758254&amp;oid=216677883568<\/a><\/div>\n<div>\u00a0<\/div>\n<div>\u00a0<\/div>\n<div>Le Ministre Takkari aura ainsi r\u00e9pondu \u00e0 la partie qui le concerne dans ce dossier, comme Ministre de la Justice, reste encore la partie Droits de l&rsquo;homme. <\/div>\n<div>\u00a0<\/div>\n<div>Le patron de <em>Bab Bnet I<\/em>, si\u00e8ge de la Justice et des droits de l&rsquo;homme, met, par la m\u00eame occasion, ses coll\u00e8gues de la <em>Place de l&rsquo;Afrique<\/em>, si\u00e8ge de l&rsquo;Int\u00e9rieur, et de la <em>Cit\u00e9 Jamil<\/em>, si\u00e8ge des Affaires \u00e9trang\u00e8res.<\/div>\n<div>\u00a0<\/div>\n<div>\u00a0<\/div>\n<div><strong><u>Persistance des blocages \u00e0 l&rsquo;Int\u00e9rieur et aux Affaires \u00e9trang\u00e8res:<\/u><\/strong><\/div>\n<div>\u00a0<\/div>\n<div>En effet, si la logique judiciaire est claire et qu&rsquo;elle suit dans l&rsquo;ensemble\u00a0la Feuille de route trac\u00e9e par notre<em>Appel pour le Retour des Exil\u00e9s<\/em>, rien n&rsquo;explique la le retard inadmissible et la lenteur, extr\u00eame, inexplicable et inutile, accus\u00e9e par les autorit\u00e9s consulaires et diplomatiques dans l&rsquo;\u00e9tabliseement des Passeports pour les Exil\u00e9s qui en ont fait la demande et qui se sont engag\u00e9s par \u00e9crit \u00e0 remettre leurs documents d&rsquo;asile aux autorit\u00e9s comp\u00e9tentes du pays d&rsquo;accueil.<\/div>\n<div>\u00a0<\/div>\n<div>Dans la quasi totalit\u00e9 des cas, la carte d&rsquo;identit\u00e9 nationale est d\u00e9livr\u00e9e dans des d\u00e9lais normaux, notamment\u00a0au Consulat g\u00e9n\u00e9ral de Paris, comp\u00e9tent territorialement pour la capitale fran\u00e7aise et tous les\u00a0territoires, r\u00e9gions et d\u00e9partements, y compris ceux d&rsquo;outre mer\u00a0ne dispossant pas de Consulat, ainsi que\u00a0du Consulat g\u00e9n\u00e9ral de Nanterre, \u00e0 Pantin,\u00a0territorialement comp\u00e9tent pour les d\u00e9partements de la r\u00e9gion Ile de France, hormis Paris.\u00a0<\/div>\n<div>\u00a0<\/div>\n<div>Dans certains cas, nos Consulats d\u00e9livrent m\u00eame le Bulletin num\u00e9ro 3 attestatnt d&rsquo;un casier judiciaire vierge, alors qu&rsquo;elles renaclent dans la d\u00e9livrance du Passeport, notamment dans le Sud de la France. <\/div>\n<div>\u00a0<\/div>\n<div>Cette lenteur inadmissible n&rsquo;est sans doute pas du ressort du Minist\u00e8re de la Justice et des droits de l&rsquo;homme. La caract\u00e8re diff\u00e9renci\u00e9 de cette lenteur, en fonction du document demand\u00e9, fait penser \u00e0 un blocage dans certains pr\u00e9cis de l&rsquo;Administration, notamment au sein des Minist\u00e8res de\u00a0l&rsquo;<em>Int\u00e9rieur<\/em> et des <em>Affaires \u00e9trang\u00e8res<\/em>.<\/div>\n<div>\u00a0<\/div>\n<div>\u00a0<\/div>\n<div><strong><u>Les \u00e9tudiants de l&rsquo;<em>UGET<\/em> multiplient les Assembl\u00e9s et adressent un t\u00e9l\u00e9gramme de soutien aux Retornados:<\/u><\/strong><\/div>\n<div>\u00a0<\/div>\n<div>Dans un t\u00e9l\u00e9gramme assez \u00e9mouvant et d&rsquo;une extr\u00eame profondeur et lucidit\u00e9, lu vendredi dernier \u00e0 la Facult\u00e9 des Sciences \u00e0 Tunis et post\u00e9 sur FaceBook, les \u00e9tudiants appel\u00e9 par l&rsquo;<em>Union g\u00e9n\u00e9rale des \u00e9tudiants tunisiens<\/em> (UGET) ont exprim\u00e9 leur solidarit\u00e9 avec les Exil\u00e9s ont appel\u00e9 \u00e0 la cr\u00e9ation d&rsquo;un Comit\u00e9 national contre l&rsquo;exclusion et pour promouvoir une Tunisie pour Tous. Ils ont appel\u00e9 \u00e0 une renaissance de la vie politique dans notre pays. Renouveau devant assurer le respect du Droit \u00e0 la Diff\u00e9rence,\u00a0le plein exercice du Droit d&rsquo;Expression et\u00a0organiser les\u00a0m\u00e9canismes de l&rsquo;Adversit\u00e9 et de\u00a0la\u00a0Comp\u00e9tition.<\/div>\n<div>\u00a0<\/div>\n<div align=\"right\"><font size=\"4\">\u0627\u0644\u062a\u062c\u0645\u0639 \u0627\u0644\u0639\u0627\u0645 \u0643\u0644\u064a\u0629 \u0627\u0644\u0639\u0644\u0648\u0645 \u062a\u0648\u0646\u0633  \u0628\u0631\u0642\u064a\u0629 \u0625\u0644\u0649 \u0627\u0644\u0645\u063a\u062a\u0631\u0628\u064a\u0646  \u0646\u062a\u0627\u0628\u0639 \u0628\u0643\u0644 \u0642\u0644\u0642 \u0623\u0648\u0636\u0627\u0639 \u0627\u0644\u0645\u063a\u062a\u0631\u0628\u064a\u0646 \u0641\u064a \u0628\u0644\u0627\u062f\u0646\u0627 \u0645\u0645\u0646 \u0623\u062c\u0628\u0631\u0648\u0627 \u0639\u0644\u0649 \u0627\u0644\u0647\u062c\u0631\u0629 \u0648\u062d\u0643\u0645\u062a \u0639\u0644\u064a\u0647\u0645 \u0627\u0644\u0638\u0631\u0648\u0641 \u0627\u0644\u0627\u0646\u0642\u0637\u0627\u0639 \u0639\u0646 \u0627\u0644\u0623\u0647\u0644 \u0648\u0627\u0644\u0648\u0637\u0646. \u0648\u0623\u0645\u0627\u0645 \u0637\u0648\u0644 \u0627\u0644\u0645\u062f\u0629 \u0627\u0644\u062a\u064a \u062a\u062d\u0648\u0644\u062a \u0625\u0644\u0649 \u062a\u0646\u0643\u064a\u0644 \u0628\u0647\u0645 \u0648\u0628\u0630\u0648\u064a\u0647\u0645 \u0648\u0623\u0645\u0627\u0645 \u0643\u0644 \u0627\u0644\u0623\u0639\u0631\u0627\u0641 \u0648\u0627\u0644\u0646\u0648\u0627\u0645\u064a\u0633 \u0627\u0644\u0623\u062e\u0644\u0627\u0642\u064a\u0629 \u0648\u0627\u0644\u0627\u0646\u0633\u0627\u0646\u064a\u0629 \u0648\u0645\u0627 \u0642\u0631\u0631\u062a\u0647 \u0645\u062e\u062a\u0644\u0641 \u0627\u0644\u0623\u0646\u0638\u0645\u0629 \u0627\u0644\u0642\u0627\u0646\u0648\u0646\u064a\u0629 \u0648\u0627\u0644\u062a\u0634\u0631\u064a\u0639\u0627\u062a \u0627\u0644\u062d\u062f\u064a\u062b\u0629 \u0645\u0646 \u0643\u0648\u0646 \u0627\u0644\u0639\u0642\u0648\u0628\u0629 \u0634\u062e\u0635\u064a\u0629 \u0648\u0644\u0627 \u064a\u0645\u0643\u0646 \u0623\u0646 \u062a\u0645\u062a\u062f \u0625\u0644\u0649 \u0627\u0644\u063a\u064a\u0631 \u0623\u0648 \u0627\u0644\u0623\u0628\u0646\u0627\u0621 \u0623\u0648 \u0627\u0644\u0623\u0642\u0627\u0631\u0628 \u0648\u0644\u0627 \u064a\u062c\u0648\u0632 \u0628\u0623\u064a \u062d\u0627\u0644 \u0625\u0628\u0639\u0627\u062f \u0623\u064a \u0645\u0648\u0627\u0637\u0646 \u0639\u0646 \u0628\u0644\u062f\u0647 \u0623\u0648 \u062d\u0631\u0645\u0627\u0646\u0647 \u0645\u0646 \u0627\u0644\u062f\u062e\u0648\u0644 \u0644\u0647. \u0648\u0623\u0645\u0627\u0645 \u0625\u0635\u0631\u0627\u0631 \u0627\u0644\u0645\u0639\u0646\u064a\u064a\u0646 \u0639\u0644\u0649 \u0627\u0644\u0639\u0648\u062f\u0629 \u0644\u0648\u0637\u0646\u0647\u0645 \u0648\u062a\u0645\u0633\u0643\u0647\u0645 \u0628\u062d\u0642\u0647\u0645 \u0641\u064a \u0627\u0644\u0639\u064a\u0634 \u0641\u064a\u0647 \u0648\u0633\u0637 \u0639\u0627\u0626\u0644\u0627\u062a\u0647\u0645 \u0627\u0644\u062a\u064a \u0637\u0627\u0644\u0647\u0645 \u0636\u0631\u0631 \u063a\u0631\u0628\u062a\u0647\u0645 \u062f\u0648\u0646 \u0630\u0646\u0628 \u064a\u0642\u062a\u0631\u0641\u0648\u0646\u0647 \u0646\u0639\u0644\u0646 \u0646\u062d\u0646 \u0628\u0627\u0633\u0645 \u0627\u0644\u062a\u062c\u0645\u0639 \u0627\u0644\u0639\u0627\u0645 \u0627\u0644\u0637\u0644\u0627\u0628\u064a \u0627\u0644\u0645\u0646\u0639\u0642\u062f \u0628\u0643\u0644\u064a\u0629 \u0627\u0644\u0639\u0644\u0648\u0645 \u0627\u0644\u064a\u0648\u0645 03 \u062f\u064a\u0633\u0645\u0628\u0631 2009 \u0639\u0646:<\/font><\/div>\n<div align=\"right\"> <font size=\"4\">&#8211; \u0631\u0641\u0636\u0646\u0627 \u062a\u0648\u0627\u0635\u0644 \u0647\u0630\u0647 \u0627\u0644\u0645\u0638\u0644\u0645\u0629 \u0627\u0644\u062a\u064a \u0637\u0627\u0644\u062a \u0627\u0644\u0645\u0647\u062c\u0631\u064a\u0646 \u0648\u0634\u0645\u0644\u062a \u0639\u0627\u0626\u0644\u0627\u062a\u0647\u0645.<\/font><\/div>\n<div align=\"right\"> <font size=\"4\">&#8211; \u0645\u0637\u0627\u0644\u0628\u062a\u0646\u0627 \u0641\u062a\u062d \u0647\u0630\u0627 \u0627\u0644\u0645\u0644\u0641 \u0628\u0637\u0631\u064a\u0642\u0629 \u0648\u0627\u0636\u062d\u0629 \u0648\u0639\u0644\u0646\u064a\u0629 \u0628\u0639\u064a\u062f\u0627 \u0639\u0646 \u0643\u0644 \u0623\u0634\u0643\u0627\u0644 \u0627\u0644\u0627\u0628\u062a\u0632\u0627\u0632 \u0623\u0648 \u0627\u0644\u0645\u0633\u0627\u0648\u0645\u0629 \u0623\u0648 \u0627\u0644\u0645\u062a\u0627\u062c\u0631\u0629 \u0628\u0645\u0622\u0633\u064a \u0627\u0644\u0622\u062e\u0631\u064a\u0646.<\/font><\/div>\n<div align=\"right\"> <font size=\"4\">&#8211; \u062a\u0643\u0648\u064a\u0646 \u0644\u062c\u0646\u0629 \u0648\u0637\u0646\u064a\u0629 \u0645\u0643\u0648\u0646\u0629 \u0645\u0646 \u0627\u0644\u0645\u0646\u0638\u0645\u0627\u062a \u0648\u0627\u0644\u062c\u0645\u0639\u064a\u0627\u062a \u0648\u0627\u0644\u0623\u062d\u0632\u0627\u0628 \u0627\u0644\u0642\u0627\u0646\u0648\u0646\u064a\u0629 \u0648\u0627\u0644\u0634\u062e\u0635\u064a\u0627\u062a \u0627\u0644\u0648\u0637\u0646\u064a\u0629 \u0627\u0644\u0645\u0624\u0645\u0646\u064a\u0629 \u0628\u0623\u0646 \u0627\u0644\u0648\u0637\u0646 \u064a\u062a\u0633\u0639 \u0644\u062c\u0645\u064a\u0639 \u0623\u0628\u0646\u0627\u0626\u0647 \u0648\u0644\u0627 \u0645\u062c\u0627\u0644 \u0644\u0625\u063a\u0644\u0627\u0642 \u0627\u0644\u062d\u062f\u0648\u062f \u0639\u0644\u0649 \u0627\u0644\u062a\u0648\u0646\u0633\u064a\u064a\u0646 \u0645\u0647\u0645\u0627 \u0643\u0627\u0646\u062a \u0623\u0633\u0628\u0627\u0628\u0647 \u0648\u0627\u0646\u0647\u0627\u0621 \u0645\u0623\u0633\u0627\u0629 \u0627\u0646\u0633\u0627\u0646\u064a\u0629 \u0627\u0645\u062a\u062f\u062a \u0622\u062b\u0627\u0631\u0647\u0627 \u0644\u0644\u0623\u0628\u0646\u0627\u0621 \u0648\u0627\u0644\u0622\u0628\u0627\u0621.<\/font><\/div>\n<div align=\"right\"> <font size=\"4\">&#8211; \u0646\u0639\u0645 \u0644\u0639\u0648\u062f\u0629 \u0627\u0644\u0645\u063a\u062a\u0631\u0628\u064a\u0646 \u0625\u0644\u0649 \u062f\u064a\u0627\u0631\u0647\u0645.<\/font><\/div>\n<div align=\"right\"> <font size=\"4\">&#8211; \u0645\u0646 \u0623\u062c\u0644 \u0625\u0639\u0627\u062f\u0629 \u062a\u0646\u0638\u064a\u0645 \u0627\u0644\u0635\u0631\u0627\u0639 \u0627\u0644\u0633\u064a\u0627\u0633\u064a \u0641\u064a \u0628\u0644\u0627\u062f\u0646\u0627 \u0648\u0628\u0644\u0648\u0631\u0629 \u0636\u0648\u0627\u0628\u0637 \u0642\u0627\u0646\u0648\u0646\u064a\u0629 \u0648\u0623\u062e\u0644\u0627\u0642\u064a\u0629 \u0645\u0644\u0632\u0645\u0629 \u0644\u0644\u062c\u0645\u064a\u0639.<\/font><\/div>\n<div align=\"right\"> <font size=\"4\">&#8211; \u0645\u0646 \u0623\u062c\u0644 \u062d\u064a\u0627\u0629 \u0633\u064a\u0627\u0633\u064a\u0629 \u0641\u064a \u0628\u0644\u0627\u062f\u0646\u0627 \u062c\u062f\u064a\u062f\u0629 \u0641\u064a \u0628\u0644\u0627\u062f\u0646\u0627 \u062a\u062d\u062a\u0631\u0645 \u062d\u0642 \u0627\u0644\u0627\u062e\u062a\u0644\u0627\u0641 \u0648\u062a\u062c\u064a\u0632 \u062d\u0642 \u0627\u0644\u062a\u0639\u0628\u064a\u0631 \u0648\u062a\u0646\u0638\u0645 \u0622\u0644\u064a\u0627\u062a \u0627\u0644\u0635\u0631\u0627\u0639 \u0648\u0627\u0644\u062a\u0646\u0627\u0641\u0633.  \u0639\u0646 \u0627\u0644\u062a\u062c\u0645\u0639 \u0627\u0644\u0639\u0627\u0645 \u0643\u0644\u064a\u0629 \u0627\u0644\u0639\u0644\u0648\u0645 \u062a\u0648\u0646\u0633 03 \u062f\u064a\u0633\u0645\u0628\u0631 2009<\/font><\/div>\n<div>\u00a0<\/div>\n<div>Cet Appel, par le courant des Syndicalistes radicaux, a \u00e9t\u00e9 repris dans des termes tr\u00e8s maquants par les militants de l&rsquo;UGET dans diff\u00e9rents Campus universitaires, notamment\u00a0hier mercredi 9 d\u00e9cembre \u00e0 la Facult\u00e9 de Droit de\u00a0Tunis: <\/div>\n<div>\u00a0<\/div>\n<div><em>\u00ab\u00a0Aux enfants de la Tunisie exil\u00e9s, parmi eux des Dirigents \u00e9tudiants errant entre la France, l&rsquo;Italie et la Suisse. Nous leur disant: Nous sommes avec vous. Rentrez \u00e0 la terre de la Patrie. \u00d4 Exil\u00e9s, rentrez \u00e0 notre ch\u00e8re patrie, notre ch\u00e8re Tunisie&#8230;\u00a0\u00bb<\/em><\/div>\n<div>\u00a0<\/div>\n<div><a href=\"http:\/\/www.facebook.com\/topic.php?uid=216677883568&amp;topic=14066#\/video\/video.php?v=105537939461942&amp;ref=mf\" rel=\"nofollow noopener\" target=\"_blank\">http:\/\/www.facebook.com\/topic.php?uid=216677883568&amp;topic=14066#\/video\/video.php?v=105537939461942&amp;ref=mf<\/a><\/div>\n<div>\u00a0<\/div>\n<div>\u00a0<\/div>\n<div>\u00a0<\/div>\n<div>\u00a0<\/div>\n<div><strong><u>Les Cours d&rsquo;Appel de Sfax et de Tunis renvoient les affaires du A\u00efd \/ Retornado Eleuch:<\/u><\/strong><\/div>\n<div>\u00a0<\/div>\n<div>Les Cours d&rsquo;Appel de Sfax et de Tunis ont mis en d\u00e9lib\u00e9r\u00e9 les deux affaires du A\u00efd Retornado Ahmed Eleuch, au 19 et 21 janvier prochain respectivement. Il semble que la raison \u00e9voqu\u00e9 est la non pr\u00e9sentation du casier judiciaire. <\/div>\n<div>\u00a0<\/div>\n<div>Malgr\u00e9 ce feuillton judiciaire nuisible \u00e0 sa famille et \u00e0 la marche de ses affaires personnelles, le A\u00efd Retornado Eleuch semble s&rsquo;armer de patience et garder la s\u00e9r\u00e9nit\u00e9 qu&rsquo;on lui connait.<\/div>\n<div>\u00a0<\/div>\n<div>\u00a0<\/div>\n<div><strong><u>La Justice ordonne un <em>Non-Lieu<\/em> au profit du A\u00efd \/ Retornado Belkhir:<\/u><\/strong><\/div>\n<div>\u00a0<\/div>\n<div>D&rsquo;un autre cot\u00e9, la justice tunsienne a blanchit le A\u00efd Retornado Samir Belkhir et a prononc\u00e9 un non lieu en sa faveur, le lavant ainsi de tout soup\u00e7on. Samir remercie par l&rsquo;occasion tous ceux qui lui ont adress\u00e9 des messages de sympathie en ces moments durs qu&rsquo;il a du supporter et qu&rsquo;il a support\u00e9 avec une grande foi et une remarquable s\u00e9r\u00e9nit\u00e9.<\/div>\n<div>\u00a0<\/div>\n<div>\u00a0<\/div>\n<div><strong><u>A\u00efd \/ Retornado Mustapha Ounissi s&rsquo;insurge contre l&rsquo;instrumentalisation de la question du Retour des Exil\u00e9s:<\/u><\/strong><\/div>\n<div>\u00a0<\/div>\n<div>En commentaire au t\u00e9l\u00e9gramme de soutien de l&rsquo;Assembl\u00e9e g\u00e9n\u00e9rale de la Facult\u00e9 des Sciences de Tunis, le A\u00efd Retornado l&rsquo;\u00e9ducateur Mustapha Ounissi a salu\u00e9 cet \u00e9lan de solidarit\u00e9 et cette conscience grandissante, \u00e0 l&rsquo;int\u00e9rieur et \u00e0 l&rsquo;ext\u00e9rieur du pays, permetatnt la prise en main des tunisiens par eux m\u00eames. Il s&rsquo;est, en outre,\u00a0insurg\u00e9 contre l&rsquo;instrumentalisation de la question du Retour des Exil\u00e9s:<\/div>\n<div>\u00a0<\/div>\n<div align=\"right\"><font size=\"4\">\u0646\u0628\u0627\u0631\u0643 \u0647\u0630\u0627 \u0627\u0644\u0648\u0639\u064a \u0627\u0644\u0645\u062a\u0646\u0627\u0645\u064a \u0641\u064a \u0627\u0644\u062f\u0627\u062e\u0644 \u0648 \u0627\u0644\u062e\u0627\u0631\u062c\u060c \u0648\u0627\u0644\u0630\u064a \u0628\u0641\u0636\u0644\u0647 \u0633\u064a\u0623\u062e\u0630 \u0627\u0644\u062a\u0648\u0646\u0633\u064a\u0648\u0646 \u0623\u0645\u0631\u0647\u0645 \u0628\u0623\u064a\u062f\u064a\u0647\u0645 \u0644\u064a\u0641\u0648\u062a\u0648\u0627 \u0639\u0644\u0649 \u0627\u0644\u0625\u0633\u062a\u0626\u0635\u0627\u0644\u064a\u064a\u0646 \u0627\u0644\u062a\u0644\u0627\u0639\u0628\u064a\u0646 \u0628\u0647\u0630\u0627 \u0627\u0644\u0645\u0644\u0641 \u0627\u0644\u0625\u0646\u0633\u0627\u0646\u064a \u060c \u0633\u0648\u0627\u0621 \u0641\u064a \u0627\u0644\u0633\u0644\u0637\u0629 \u0623\u0648 \u0627\u0644\u0645\u0639\u0627\u0631\u0636\u0629. \u0641\u0627\u0644\u0625\u0628\u062a\u0632\u0627\u0632 \u062a\u062d\u062a \u0623\u064a \u0639\u0646\u0648\u0627\u0646 \u0643\u0627\u0646 \u0646\u0631\u0641\u0636\u0647\u060c \u0648\u0646\u0639\u062a\u0628\u0631\u0629 \u0639\u0645\u0644\u0627 \u0644\u0627 \u0623\u062e\u0644\u0627\u0642\u064a\u0627\u060c \u0628\u0644 \u0639\u0645\u0644\u0627 \u0639\u0640\u064f\u062f\u0648\u0627\u0646\u064a\u0627 \u0641\u064a \u062d\u0642 \u0627\u0644\u062a\u0648\u0646\u0633\u064a\u064a\u0646\u060c \u0648 \u062e\u0627\u0635\u0629 \u0645\u0646\u0647\u0645 \u0636\u062d\u0627\u064a\u0627 \u0627\u0644\u0642\u0645\u0639 \u0648 \u0627\u0644\u062a\u0634\u0631\u064a\u062f<\/font><\/div>\n<div>\u00a0<\/div>\n<div>\u00a0<\/div>\n<div><a href=\"http:\/\/www.facebook.com\/topic.php?uid=216677883568&amp;topic=14066#\/note.php?note_id=196794818765&amp;id=100000484151507&amp;ref=mf\" rel=\"nofollow noopener\" target=\"_blank\">http:\/\/www.facebook.com\/topic.php?uid=216677883568&amp;topic=14066#\/note.php?note_id=196794818765&amp;id=100000484151507&amp;ref=mf<\/a><\/div>\n<div>\u00a0<\/div>\n<div>\u00a0<\/div>\n<div>Gen\u00e8ve, le 10 d\u00e9cembre 2009<\/div>\n<div>61e anniversaire de la D\u00e9claration universelle des droits de l&rsquo;homme<\/div>\n<div>Abdel Wahab Hani<\/div>\n<div><a href=\"mailto:awhani@yahoo.fr\" rel=\"nofollow\">awhani@yahoo.fr<\/a><\/div>\n<div>+33 (0)6 17 96 00 37<\/div>\n<\/div>\n<\/div>\n<p><\/font><\/div>\n<div>\n<hr\/>\n<\/div>\n<div>\n<p align=\"center\"><strong><\/p>\n<h3 style=\"color: blue;\"><font size=\"3\">Le 10 d\u00e9cembre d\u2019Ammar Hanchi<\/font><\/h3>\n<p><\/strong>\u00a0 \u00a0<\/p>\n<p align=\"justify\"><font size=\"2\">Les autorit\u00e9s bosniaques ont choisi ce jour pour expulser en Tunisie Ammar Hanchi, retenu depuis avril dernier au centre pour \u00e9trangers de Lukavica en Bosnie. La Cour Europ\u00e9enne des Droits de l\u2019Homme (CEDH) a demand\u00e9 de suspendre le renvoi.<\/font><\/p>\n<p align=\"justify\"><font size=\"2\">Ammar Hanchi est un Tunisien de quarante-quatre ans, originaire de la cit\u00e9 Zouhour \u00e0 Tunis. Venu en Bosnie dans les ann\u00e9es quatre vingt dix, il y a fond\u00e9 une famille avec un ressortissante bosniaque dont il a eu deux gar\u00e7ons, \u00e2g\u00e9s aujourd\u2019hui de 9 et 11 ans, de nationalit\u00e9 bosniaque. Ammar Hanchi a obtenu la nationalit\u00e9 bosniaque \u00e0 la fin des ann\u00e9es quatre-vingt dix.<\/font><\/p>\n<p align=\"justify\"><font size=\"2\">D\u00e9chu de la nationalit\u00e9 bosniaque en vertu d\u2018une nouvelle l\u00e9gislation, il a tent\u00e9 plusieurs d\u00e9marches pour r\u00e9gulariser sa situation, en vain. En avril 2009, il \u00e9tait plac\u00e9 au centre de r\u00e9tention de Lukavica avec d\u2019autres ressortissants de pays arabes, eux-m\u00eames priv\u00e9s de leur nationalit\u00e9 bosniaque, mari\u00e9s avec des Bosniaques et p\u00e8res d\u2019enfants bosniaques. Depuis le 6 octobre dernier, tous observaient une gr\u00e8ve de la faim pour exiger de sortir du centre et de pouvoir vivre en Bosnie avec leurs familles et surtout pour ne pas \u00eatre renvoy\u00e9s vers des pays o\u00f9 ils risquent torture et emprisonnement.\u00a0 La nouvelle du renvoi d\u2019Ammar Hanchi lui a \u00e9t\u00e9 signifi\u00e9e ce matin m\u00eame et il lui a \u00e9t\u00e9 indiqu\u00e9 qu\u2018il prendrait place \u00e0 bord d\u2018un vol \u00e0 quatorze heures. Ammar Hanchi a d\u00e9pos\u00e9 une requ\u00eate imm\u00e9diatement via son conseil aupr\u00e8s de la CEDH. Cette derni\u00e8re, en vertu de l\u2019article 39 de son r\u00e8glement int\u00e9rieur qui pr\u00e9voit que \u00ab\u00a0<i>la chambre ou, le cas \u00e9ch\u00e9ant, son pr\u00e9sident peuvent, soit \u00e0 la demande d\u2019une partie ou de toute autre personne int\u00e9ress\u00e9e, soit d\u2019office, indiquer aux parties toute mesure provisoire qu\u2019ils estiment devoir \u00eatre adopt\u00e9e dans l\u2019int\u00e9r\u00eat des parties ou du bon d\u00e9roulement de la proc\u00e9dure\u00a0<\/i>\u00bb a ordonn\u00e9 aux autorit\u00e9s bosniaques de suspendre l\u2018\u00e9loignement imminent d\u2018Ammar Hanchi, soit jusqu\u2019au 15 janvier prochain. Les autorit\u00e9s bosniaques s\u2019y sont conform\u00e9es et ont reconduit Ammar Hanchi, d\u00e9j\u00e0 en chemin vers l\u2019a\u00e9roport,au centre de r\u00e9tention.<\/font><\/p>\n<p align=\"justify\"><font size=\"2\"><strong>Luiza Toscane<\/strong><\/font><\/p>\n<\/div>\n<div>\n<hr\/>\n<\/div>\n<div>\u00a0<\/div>\n<div>\n<p align=\"center\"><b><span lang=\"FR\"><font size=\"3\">Syndrome de la place rouge<\/font><\/span><\/b><\/p>\n<p align=\"center\">\u00a0<\/p>\n<p align=\"left\"><b><span lang=\"FR\">Jamel HENI<\/span><\/b><\/p>\n<p><span lang=\"FR\">Quand ils ne s\u00e8chent pas les cours ou n\u2018appellent \u00e0 une gr\u00e8ve g\u00e9n\u00e9rale et ouverte; les militants de la facult\u00e9 des lettres et des sciences humaines de Tunis -alias 09 avril-\u00a0 apparaissent souvent en hordes euphoriques, \u00a0aux quatre coins de <b><i>la place rouge<\/i><\/b>. Pour ceux qui n\u2019ont pas eu la chance de visiter\u00a0; il s\u2019agit d\u2019une \u00e9tendue de bitume pourpre; sans autre forme de proc\u00e8s\u00a0! \u00a0<\/span><\/p>\n<p><span lang=\"FR\">Le goblet grill\u00e9 aux m\u00e9gots, cr\u00e9pite entre les mains d\u2019un militant de l\u2019extr\u00eame gauche qui moque l\u2019alliance r\u00e9ac entre \u00ab\u00a0barbus\u00a0\u00bb et\u00a0 pouvoir.\u00a0 Tandis qu\u2019une manifestation de filles voil\u00e9es \u00e9clate \u00e0 sa barbe et ouvre le bal quotidien de la chienlit&#8230;C\u2019est tout ce qui me reste aujourd\u2019hui de la place rouge\u00a0; un charivari sanguin\u00a0qui m\u2019emp\u00eachait de lever la t\u00eate au ciel. <\/span><\/p>\n<p>\u00a0<\/p>\n<p><span lang=\"FR\">J\u2019y avais comme tous\u00a0 particip\u00e9 et comme tous j\u2019y avais laiss\u00e9 des plumes. Je me rappelles comme si c\u2019\u00e9tait hier, ce matin o\u00f9 de \u00a0jeunes partisans -nac\u00e9riens et islamos- se balan\u00e7aient des chaises\u00a0en plein visage\u00a0; sous l\u2019oeil bienveillant de la S\u00e9curit\u00e9 Universitaire. Cette course- poursuite d\u2019un militant de l\u2019UGTE (Union g\u00e9n\u00e9rale tunisienne des \u00e9tudians ) \u00a0; se rendant subrepticement aux \u00a0assises du congr\u00e8s de l\u2019UGET ( Union g\u00e9n\u00e9rale des \u00e9tudiants tunisiens)\u00a0! J\u2019ai beaucoup \u00e0 raconter,\u00a0 mais on y passera la nuit\u00a0!!<\/span><\/p>\n<p>\u00a0<\/p>\n<p><span lang=\"FR\">Si je vous en parles\u00a0; c\u2019est qu\u2019il y a bien une raison. Honn\u00eatement et sans avoir froid aux yeux, je pr\u00e9tends aujourd\u2019hui 07 d\u00e9cembre 09, que nous n\u2019avions jamais quitt\u00e9 la place rouge. Ni l\u2019\u00e2ge ni la vie ne semblent avoir r\u00e9ussi \u00e0 faire leur oeuvre. Les rares partisans qui eurent d\u00e9terr\u00e9 la hache de la guerre\u00a0; se comptent aujourd\u2019hui sur les doigts d\u2019une seule main et confirment par-l\u00e0 la r\u00e8gle\u00a0; l\u2019indomptable r\u00e8gle. Vignt ans apr\u00e8s\u00a0; les m\u00eames sont rest\u00e9s les m\u00eames\u00a0; un ami stalinien qui me pr\u00e9sentait l\u2019autre jour son voisin pris bien la peine de me pr\u00e9venir en ces temes\u00a0: c\u2019est un \u00a0khouanji\u00a0; il n\u2019est pas comme moi d\u00e9mocrate, mais je n\u2019y peux rien on se connait depuis petits\u00a0!!!Je vous laisses savourer le cocasse de la situation \u00a0: deux voisins plum\u00e9s et sans emploi se tirant dans les pattes toute une vie\u00a0; sans la moindre conscience que ni l\u2019un ni l\u2019autre n\u2019est d\u00e9mocrate et qu\u2019il n\u2019y avait au fond pas une seule raison \u00e0 cette po\u00e9tique de l\u2019aversion\u00a0!!<\/span><\/p>\n<p>\u00a0<\/p>\n<p><span lang=\"FR\">Et la gu\u00e9guerre ne traverse pas uniquement le temps\u00a0; elle fauche aussi l\u2019espace. Pour se reproduire jusque dans facebook. Dans leurs posts r\u00e9guliers, les gauchos soutiennent le chroniqueur \u2013r\u00e9cemment incarc\u00e9r\u00e9- Tawfik Ben Brik en premier\u00a0; alors que les nahdhaoui ne le citent qu\u2019en dernier\u00a0!!! Rien que cela. Les premiers ne raffolent-pur hasard- que de la musique de la troupe engag\u00e9e\u00a0: <i>majmouat al bahth al musiqui<\/i>\u00a0; tandis que les seconds sont corps et \u00e2me \u00e0 <i>\u00fbchaq al watan<\/i>\u00a0!!<\/span><\/p>\n<p><span lang=\"FR\">Ce n\u2019est pas tout. Le meilleur est \u00e0 l\u2019ext\u00e9rieur\u00a0!! Un exil\u00e9 \u00a0r\u00e9suma la situation en deux mots\u00a0: c\u2019est \u00ab\u00a0le derby tous les jours\u00a0\u00bb. Les anciens de la place rouge exil\u00e9s en France\u00a0; se c\u00f4toient depuis des ann\u00e9es sans avoir jamais r\u00e9ussi \u00e0 en faire le deuil. Ce qui d\u00e9finit un exil\u00e9 tunisien \u00a0aux yeux d\u2019un autre exil\u00e9 tunisien ce ne sont ni son nouveau statut de cadre\u00a0; ni sa th\u00e8se soutenue devant un prestigieux jury de la Sorbonne. Non. Ce sont toujours ses loges \u00e0 la place rouge\u00a0il y a vignt, trente\u00a0; quarante ans: khouanji (islamiste)\u00a0; pcot (parti communiste des ouvriers tunisiens)\u00a0; naceri\u00a0(nationalise arabe)!!!Autant dire que la fid\u00e9lit\u00e9 \u00e0 la place est \u00a0l\u2019unique \u00e9thique d\u2019existence pour un militant tunisien&#8230;.<\/span><\/p>\n<p><span lang=\"FR\">Je vous laisses enfin imaginer \u00a0les coulisses de minist\u00e8res \u00a0tenus par les envoy\u00e9s de la place&#8230;.<\/span><\/p>\n<p><span lang=\"FR\">J\u2019appelles tout cela\u00a0;\u00a0 et croyez-en le s\u00e9rieux\u00a0; syndrome de la place rouge\u00a0!!!!!<\/span><\/p>\n<p><b><span lang=\"FR\">*) Article paru dans le journal \u00ab\u00a0Mouatinoun\u00a0\u00bb organe du FDTL\u00a0.<\/span><\/b><\/p>\n<\/div>\n<div>\u00a0<\/div>\n<div>\n<hr\/>\n<\/div>\n<div align=\"center\"><strong><\/p>\n<h3 style=\"color: blue;\"><font><span lang=\"FR\"><font size=\"3\">Hend Harouni<span dir=\"rtl\"> <\/span>r\u00e9pond \u00e0 Houcine Ghali<\/font> <\/span><\/font><\/h3>\n<p><\/strong><\/div>\n<p><strong><font><\/p>\n<div> Tunis le\u00a0 9 D\u00e9cembre, 2009 Faisant suite \u00e0 mon article intitul\u00e9 : <strong>La\u00a0 61 \u00e8me\u00a0 Comm\u00e9moration de la D\u00e9claration\u00a0 Universelle des Droits de l\u2019Homme\u00a0 en vertu\u00a0 de \u00ab l\u2019abolition \u00bb\u00a0 de la Suisse\u00a0 des\u00a0 minarets\u00a0 au moment\u00a0 juste o\u00f9 les Musulmans viennent de\u00a0 c\u00e9l\u00e9brer la f\u00eate de \u00abA\u00efd El Idha\u00bb\u00a0 et\u00a0 d\u2019accomplir leur p\u00e8lerinage- Chose\u00a0 extr\u00eamement\u00a0 inadmissible!?&#8230;<\/strong>\u00a0  et publi\u00e9 sur Tunisnews\u00a0 le 7 d\u00e9cembre, 2009 et aux propos de Houcine Ghali le lendemain m\u00eame, il s\u2019agit de 2 points de d\u00e9parts de discussions divergents, mon point de d\u00e9part et avant tout est la question suivante : il s\u2019agit de contexte et de violations de textes internationaux de lois par le fait de soumettre une question qui touche \u00e0 la libert\u00e9 de religion et surtout dans un pays tr\u00e8s avanc\u00e9\u00a0 sur le plan des droits de l\u2019homme et des libert\u00e9s comme la Suisse, l\u2019un des principes de cette d\u00e9claration universelle \u00e0 l\u2019id\u00e9e de referendum en vue d\u2019un amendement constitutionnel sous une campagne tr\u00e8s effrayantes des Musulmans, soit sur un engagement d\u00e9j\u00e0 pris universellement ? ceci dit qu\u2019il s\u2019agit de non application, voire non-conformit\u00e9 avec\u00a0 les premiers textes d\u2019engagements universels d\u00e9j\u00e0 pris qui sont au dessus de la constitution locale d\u2019un pays sans oublier que les campagnes r\u00e9alis\u00e9es d\u00e9passaient la libert\u00e9 d\u2019expression et donnaient une image \u00ab m\u00e9lancolique \u00bb des Musulmans. Ce n\u2019est pas en interdisant les minarets par une partie de la population Suisse que le dialogue pour une meilleure coexistence pourrait mieux r\u00e9ussir.  Comme nos points de d\u00e9parts \u00e9taient diff\u00e9rents, nos r\u00e9sultats \u00e9taient \u00e9videmment diff\u00e9rents.<\/div>\n<div><strong><font>Hend Harouni <\/font><\/strong><\/div>\n<div>\n<hr\/>\n<\/div>\n<p><font face=\"Arial\" size=\"2\"><\/p>\n<h3 align=\"center\" style=\"color: blue;\"><span><a href=\"http:\/\/weldbyrsa.blogspot.com\/2009\/12\/les-secrets-nouveau-caca-du-cinema.html\" target=\"_blank\" rel=\"noopener\"><span lang=\"FR\">Les secrets (<\/span><span dir=\"rtl\" lang=\"AR-SA\">\u0627\u0644\u062f\u0648\u0627\u062d\u0629<\/span><span lang=\"FR\">): nouveau caca du cin\u00e9ma tunisien<\/span><\/a><\/span><\/h3>\n<h3 style=\"color: blue;\"><span lang=\"FR-CH\">Par: <strong><font>Oueld Byrsa<\/font><\/strong><\/span><\/h3>\n<p align=\"justify\"><span lang=\"FR\">J\u2019ai cru que le film n\u2019allait jamais se terminer\u2026  Le film est plein de bonnes intentions, certes, mais comme plein d\u2019autres le r\u00e9sultat final est nul \u00e0 chier !  Toute l\u2019histoire se d\u00e9roule dans un d\u00e9cor lugubre d\u2019une villa d\u00e9labr\u00e9e et abandonn\u00e9e.  Une femme et ses deux filles m\u00e8nent une vie abracadabrante, qui ne peut appartenir \u00e0 aucun \u00e2ge ni \u00e0 aucune soci\u00e9t\u00e9. Les \u00e9v\u00e8nements se suivent sans coh\u00e9rence aucune, mais surtout deviennent de plus en plus loufoques et insens\u00e9s: les trois n\u00e9nettes vivent cloitr\u00e9es dans un sous-sol crasseux qui ne conviendrait m\u00eame pas \u00e0 un rat, ensuite le gars vient vivre dans la maison du dessus, d\u00e9goutante, sale, sordide et s\u2019y installe avec sa copine, organise des soir\u00e9es, etc\u2026 comme si ne rien n\u2019\u00e9tait.  Les trois femmes kidnappent la copine du gars (qui lui, va illico se taper une autre sans se poser de questions, ou alors tr\u00e8s peu)  La femme kidnapp\u00e9e essaie de s\u2019enfuir une ou deux fois, ensuite elle commence \u00e0 vivre comme eux, s\u2019essuie le visage tranquillement avec leur serviette sale, apprend \u00e0 tricoter avec l\u2019ain\u00e9e, joue avec la benjamine, etc\u2026 Elle, l\u2019\u00e9tudiante qui est suppos\u00e9e \u00eatre en stage et qui s\u2019enfuit avec son copain, quand elle se trouve dans une situation pareille, elle s\u2019adapte et vit sa nouvelle vie sans se faire trop de soucis !!!  Ensuite tout s\u2019emm\u00eale : plaisirs secrets, violences soudaines, inceste, infanticide, matricide, fratricide\u2026, tout \u00e7a \u00e0 la fois !!!  Trop d\u2019\u00e9v\u00e8nements mal racont\u00e9s et qui finissent par ennuyer le spectateur. D\u2019ailleurs \u00e7a s\u2019entendait dans la salle (qui \u00e9tait pleine \u00e0 craquer) que vers la fin tout le monde s\u2019emmerdait \u00e0 mourir et se mettait \u00e0 raconter des blagues, discuter, sortir, envoyer des sms, ou faire toute autre chose, sauf regarder le film.  Evidemment, comme tous ses pr\u00e9c\u00e9dents, ce film n\u2019a pas manqu\u00e9 de pr\u00e9senter les trois ingr\u00e9dients n\u00e9cessaires \u00e0 tout bon film tunisien : un gros mot (\u00e0 savoir : <\/span><b><span dir=\"rtl\" lang=\"AR-SA\">\u0642..\u0629<\/span><\/b><span lang=\"FR\">), une sc\u00e8ne de sexe et une femme nue dans son bain (l\u2019innovation cette fois est que la jeune femme est super silicon\u00e9e)  Un autre point tr\u00e8s important et non moins \u00e9nervant : l\u2019actrice qui a le r\u00f4le principal (Hafsia Herzi) NE SAIT PAS PARLER EN ARABE !!! elle lance son texte comme elle peut, elle prononce les mots d\u2019une mani\u00e8re bizarre, avec un accent \u00e0 la limite du ridicule.  Le plus exasp\u00e9rant dans l\u2019histoire est que tout son texte tiendrait dans une seule page !!!! c\u2019est vrai que c\u2019est une bonne actrice, mais ils auraient pu prendre le temps de lui apprendre de bien prononcer ces deux mots qu\u2019elle a \u00e0 dire !!!  Une autre d\u00e9ception du cin\u00e9ma tunisien\u2026  Je ne sais pas quand est-ce que ces r\u00e9alisateurs comprendront qu\u2019il ne suffit pas d\u2019avoir de bonnes id\u00e9es pour faire un film.  Je l\u2019ai d\u00e9j\u00e0 dit (<a href=\"http:\/\/weldbyrsa.blogspot.com\/2008\/10\/blog-post_15.html\" target=\"_blank\" rel=\"noopener\"><font>ici<\/font><\/a>) et je le redis encore une fois : brabbi, brabbi, brabbi, quand une id\u00e9e de film vous fr\u00f4le l\u2019esprit\u2026 ; communiquez-la \u00e0 une personne qui sache faire des films !!! Ne vous inqui\u00e9tez pas, votre nom sera en gras sur l\u2019affiche, mais faites uniquement ce que vous savez faire, et laissez le reste pour ceux qui le ma\u00eetrisent.  Au secours les Bouzid, Zran, Boughdir, et cie\u2026 le cin\u00e9ma que vous avez tant soign\u00e9 est de nouveau malade !<\/span><\/p>\n<p align=\"justify\"><span><b><span lang=\"FR\">(Source\u00a0: le blog de \u00ab\u00a0Weld Byrsa\u00a0\u00bb (Tunisie), le 9 d\u00e9cembre 2009)<\/span><\/b><\/span><\/p>\n<p align=\"justify\"><span><span lang=\"FR\"><strong>Lien:<\/strong><\/span><\/span><span lang=\"FR\"><strong><\/strong><\/span><a href=\"http:\/\/weldbyrsa.blogspot.com\/2009\/12\/les-secrets-nouveau-caca-du-cinema.html\" target=\"_blank\" rel=\"noopener\"><font><strong>http:\/\/weldbyrsa.blogspot.com\/2009\/12\/les-secrets-nouveau-caca-du-cinema.html<\/strong><\/font><\/a><\/p>\n<p align=\"justify\"><strong><\/strong><\/p>\n<hr\/>\n<p><\/font><\/font><\/strong> \u00a0<\/p>\n<div align=\"center\">\n<h3 style=\"color: blue;\"><font size=\"3\"><strong>Torture : le proc\u00e8s de l&rsquo;ange blond de la mort s&rsquo;ouvre en Argentine 32 apr\u00e8s les faits<\/strong><\/font><\/h3>\n<p> \u00a0<\/p><\/div>\n<div align=\"justify\"> AFP, le 10 d\u00e9cembre 2009 \u00e0 10h00  Par Liliana SAMUEL  BUENOS AIRES, 10 d\u00e9c 2009 (AFP) &#8211; L&rsquo;ex-capitaine de la marine argentine, Alfredo Astiz, surnomm\u00e9 l'\u00a0\u00bbange blond de la mort\u00a0\u00bb, doit \u00eatre jug\u00e9 \u00e0 partir de vendredi \u00e0 Buenos Aires, 32 ans, presque jour pour jour, apr\u00e8s l&rsquo;enl\u00e8vement et le meurtre de deux religieuses fran\u00e7aises pendant la dictature (1976-1983). Astiz, 58 ans, admis mercredi \u00e0 l&rsquo;H\u00f4pital naval de la capitale pour des examens apr\u00e8s avoir \u00e9t\u00e9 op\u00e9r\u00e9 d&rsquo;une tumeur au foie en 2004, est accus\u00e9 avec 18 autres militaires des crimes de l&rsquo;Ecole de m\u00e9canique de la marine (Esma), centre de torture devenu un symbole de la r\u00e9pression sous la dictature.   C&rsquo;est l&rsquo;enl\u00e8vement, la torture et le meurtre d&rsquo;\u00e9trangers, qui a rendu c\u00e9l\u00e8bre dans le monde cet ancien officier, d\u00e9j\u00e0 condamn\u00e9 \u00e0 la perp\u00e9tuit\u00e9 par d\u00e9faut en France en 1990 et en Italie en 2007 et accus\u00e9 d&rsquo;\u00eatre impliqu\u00e9 dans la disparition de l&rsquo;Argentino-Su\u00e9doise Dagmar Hagelin. Les deux religieuses fran\u00e7aises, Alice Domon et L\u00e9onie Duquet, ont \u00e9t\u00e9 enlev\u00e9es le 8 et 10 d\u00e9cembre 1977. Dix autres activistes, dont la fondatrice du mouvement des M\u00e8res de la place de mai, Azucena Villaflor, ont \u00e9t\u00e9 enlev\u00e9es dans le cadre de la m\u00eame op\u00e9ration de l&rsquo;Esma. D\u00e9tenu \u00e0 la prison de Marcos Paz (40 km au sud-ouest de Buenos Aires), Astiz est accus\u00e9 d&rsquo;avoir infiltr\u00e9 peu auparavant les M\u00e8res de la place de mai, qui cherchaient leurs fils r\u00e9cemment enlev\u00e9s, en se pr\u00e9sentant comme Gustavo Nino, fr\u00e8re d&rsquo;un disparu. Le 8 d\u00e9cembre, \u00e0 la sortie de l&rsquo;\u00e9glise de la Santa Cruz de Buenos Aires, il aurait d\u00e9sign\u00e9 les victimes \u00e0 un commando de l&rsquo;Esma en les embrassant. Ce \u00ab\u00a0baiser de la mort\u00a0\u00bb ajoute \u00e0 la l\u00e9gende noire d&rsquo;un fils d&rsquo;officier de marine originaire de Mar del Plata, grande cit\u00e9 baln\u00e9aire sur la c\u00f4te atlantique, que l&rsquo;on dit amateur de musique classique et d&rsquo;art contemporain. Ag\u00e9 alors de 27 ans, Astiz avait pour base le sinistre b\u00e2timent de l&rsquo;Esma, o\u00f9 l&rsquo;on torturait en sous-sol et dans les combles, tandis que les officiers dormaient paisiblement au premier et au deuxi\u00e8me \u00e9tage. Certains militaires, dont Astiz, parlaient assez librement avec les d\u00e9tenus, selon des t\u00e9moins. Seul un mot \u00e9tait tabou: les \u00ab\u00a0vols de la mort\u00a0\u00bb chaque mercredi, appel\u00e9s de fa\u00e7on aseptis\u00e9e et bureaucratique \u00ab\u00a0transferts\u00a0\u00bb (traslados). Les victimes \u00e9taient jet\u00e9es nues dans le Rio de la Plata apr\u00e8s avoir \u00e9t\u00e9 drogu\u00e9es. Pr\u00e8s de 5.000 personnes ont \u00e9t\u00e9 tortur\u00e9es \u00e0 l&rsquo;Esma puis tu\u00e9es. Au total, 18 Fran\u00e7ais ont disparu pendant cette p\u00e9riode en Argentine. Les restes de L\u00e9onie Duquet et d&rsquo;Azucena Villaflor et de trois autres militantes, dont les cadavres avaient \u00e9t\u00e9 enterr\u00e9s en 1978 apr\u00e8s avoir \u00e9t\u00e9 rejet\u00e9s par le fleuve, ont \u00e9t\u00e9 identifi\u00e9s en 2005. Alice Domon demeure disparue. En 1978, Astiz \u00e9tait \u00e0 Paris pour infiltrer les groupes d&rsquo;exil\u00e9s argentins qui d\u00e9non\u00e7aient les crimes des militaires. On peut le voir en leur compagnie sur une photo r\u00e9cemment d\u00e9voil\u00e9e. Quatre ans plus tard, lors de la guerre des Malouines, une autre photo le montre signant un acte de reddition. Envoy\u00e9 aux \u00eeles G\u00e9orgies pour se battre contre les Britanniques \u00e0 la t\u00eate du commando d&rsquo;\u00e9lite (\u00ab\u00a0Les L\u00e9zards\u00a0\u00bb), il se rend sans coup f\u00e9rir. Les Argentins l&rsquo;auront souvent vu, dans les ann\u00e9es 90, photographi\u00e9 \u00e0 la plage, en maillot, ou \u00e0 la terrasse d&rsquo;un caf\u00e9, accompagn\u00e9 de belles filles. Depuis l&rsquo;accession au pouvoir de Nestor Kirchner (2003-2007), l&rsquo;annulation des lois d&rsquo;amnistie et la r\u00e9ouverture des proc\u00e8s, l&rsquo;\u00e9tau s&rsquo;est resserr\u00e9. Mais l&rsquo;admission d&rsquo;Astiz mercredi \u00e0 l&rsquo;H\u00f4pital naval de Buenos Aires pose la question de sa pr\u00e9sence vendredi \u00e0 l&rsquo;ouverture d&rsquo;un proc\u00e8s d\u00e9j\u00e0 report\u00e9 \u00e0 deux reprises.<\/div>\n<p align=\"justify\"><strong><\/strong><\/p>\n<hr\/>\n<p> \u00a0<\/p>\n<div align=\"center\"><strong><\/p>\n<h3 style=\"color: blue;\"><font size=\"3\">France: il faut refuser la nationalit\u00e9 aux maris de femmes en burqa (ministre)<\/font><\/h3>\n<p><\/strong> \u00a0<\/div>\n<div align=\"justify\"> AFP, le 10 d\u00e9cembre 2009 \u00e0 11h57 \u00a0\u00a0\u00a0 PARIS, 10 d\u00e9c 2009 (AFP) &#8211; La ministre fran\u00e7aise de la Justice, Mich\u00e8le Alliot-Marie, a estim\u00e9 jeudi qu&rsquo;il fallait \u00eatre \u00ab\u00a0tr\u00e8s ferme\u00a0\u00bb sur la question de la burqa, pr\u00e9conisant par exemple de refuser la nationalit\u00e9 fran\u00e7aise \u00e0 un homme dont l&rsquo;\u00e9pouse serait enti\u00e8rement voil\u00e9e. \u00a0\u00a0\u00a0 Interrog\u00e9e sur la cha\u00eene de t\u00e9l\u00e9vision LCI sur une \u00e9ventuelle loi contre la burqa, Mme Alliot-Marie a r\u00e9pondu qu&rsquo;il y avait \u00ab\u00a0une mission parlementaire\u00a0\u00bb. \u00ab\u00a0Nous allons attendre ses conclusions\u00a0\u00bb, a-t-elle dit. \u00a0\u00a0\u00a0 \u00ab\u00a0Mais il y a un certain nombre de choses a minima sur lesquelles nous devons \u00eatre tr\u00e8s fermes\u00a0\u00bb, a-t-elle ajout\u00e9. \u00a0\u00a0\u00a0 \u00ab\u00a0Quelqu&rsquo;un qui demanderait, par exemple, une naturalisation fran\u00e7aise et dont la femme porterait le voile int\u00e9gral, c&rsquo;est quelqu&rsquo;un qui n&rsquo;appara\u00eetrait pas comme partageant les valeurs de notre pays. Et donc sur quelque chose comme \u00e7a, il faut le refuser\u00a0\u00bb. \u00a0\u00a0\u00a0 La France, pays \u00e0 forte tradition la\u00efque, a fait interdire par la loi le port du foulard islamique \u00e0 l&rsquo;\u00e9cole. \u00a0\u00a0\u00a0 Le pr\u00e9sident Nicolas Sarkozy s&rsquo;est \u00e0 plusieurs reprises prononc\u00e9 contre le port de la burqa en France, alors qu&rsquo;une mission parlementaire planche sur le sujet depuis d\u00e9but juillet.\u00a0\u00a0\u00a0 Le pr\u00e9sident fran\u00e7ais, qui a lanc\u00e9 un d\u00e9bat sur l&rsquo;identit\u00e9 nationale depuis plus d&rsquo;un mois, a estim\u00e9 mardi que le vote suisse interdisant les minarets refl\u00e9tait les \u00ab\u00a0pr\u00e9occupations\u00a0\u00bb des Europ\u00e9ens, et mis en garde contre toute \u00ab\u00a0provocation\u00a0\u00bb dans les pratiques religieuses. \u00a0\u00a0\u00a0  \u00a0<\/div>\n<div align=\"center\">\n<hr\/>\n<\/div>\n<div align=\"center\"><strong><\/p>\n<h3 style=\"color: blue;\"><font size=\"3\">France-Le d\u00e9bat sur l&rsquo;identit\u00e9 nationale se focalise sur l&rsquo;islam<\/font><\/h3>\n<p><\/strong> \u00a0<\/div>\n<div align=\"justify\">  AFP, le 10 d\u00e9cembre 2009 \u00e0 12h52 \u00a0\u00a0\u00a0 PARIS, 10 d\u00e9cembre (Reuters) &#8211; La tentative de recadrage de Nicolas Sarkozy n&rsquo;a pas apais\u00e9 le d\u00e9bat sur l&rsquo;identit\u00e9 nationale, qui tourne d\u00e9sormais autour de l&rsquo;islam et suscite des r\u00e9actions parmi les musulmans de France.  L&rsquo;intervention du chef de l&rsquo;Etat dans une tribune publi\u00e9e mardi dans Le Monde, qui visait notamment \u00e0 d\u00e9finir la place de l&rsquo;islam en France, a soulev\u00e9 une nouvelle salve de critiques \u00e0 gauche sans lever l&#8217;embarras au sein de l&rsquo;UMP. Selon un sondage CSA pour Le Parisien, publi\u00e9 jeudi, seule une courte majorit\u00e9 de Fran\u00e7ais (54%) juge l&rsquo;islam compatible avec la vie en soci\u00e9t\u00e9 en France. Alors qu&rsquo;ils sont largement majoritaires (respectivement 82% et 72%) \u00e0 estimer que les religions catholique et juive ne posent pas probl\u00e8me. Le ministre de l&rsquo;Immigration, Eric Besson, \u00e0 l&rsquo;origine du \u00ab\u00a0d\u00e9bat public\u00a0\u00bb organis\u00e9 \u00e0 travers le pays sur l&rsquo;identit\u00e9 nationale, a ni\u00e9 jeudi que son initiative ait contraint Nicolas Sarkozy \u00e0 recadrer un d\u00e9bat qui semble \u00e9chapper au gouvernement. \u00ab\u00a0Il ne s&rsquo;est pas senti oblig\u00e9 du tout de recadrer le d\u00e9bat. Ce d\u00e9bat, il l&rsquo;a voulu, il le porte\u00a0\u00bb, a dit ce transfuge du Parti socialiste sur Canal+. Bien qu&rsquo;une centaine de d\u00e9put\u00e9s seulement aient assist\u00e9 au d\u00e9bat organis\u00e9 lundi \u00e0 l&rsquo;Assembl\u00e9e nationale sur le sujet, Eric Besson a dit ne pas se sentir isol\u00e9 au sein de la majorit\u00e9. \u00ab\u00a0Il y a beaucoup de membres du gouvernement qui soutiennent ce d\u00e9bat\u00a0\u00bb, a-t-il dit, soulignant que ce dernier d\u00e9boucherait fin janvier ou d\u00e9but f\u00e9vrier sur des propositions et qu&rsquo;il y aurait \u00ab\u00a0un arbitrage du pr\u00e9sident de la R\u00e9publique.\u00a0\u00bb Signe du glissement du d\u00e9bat, la ministre de la Justice, Mich\u00e8le Alliot-Marie, a pr\u00f4n\u00e9 la fermet\u00e9 jeudi envers le voile int\u00e9gral, proposant notamment de refuser la naturalisation \u00e0 un homme dont l&rsquo;\u00e9pouse serait enti\u00e8rement voil\u00e9e. CONTR\u00d4LES AU FACI\u00c8S Pri\u00e9e sur LCI de dire s&rsquo;il pourrait y avoir une loi contre la burqa, la ministre a dit attendre les conclusions de la mission parlementaire qui \u00e9tudie le sujet. La gauche reproche \u00e0 Eric Besson d&rsquo;avoir pos\u00e9 la question de l&rsquo;identit\u00e9 nationale en termes x\u00e9nophobes, comme le laisse penser, selon elle, le questionnaire envoy\u00e9 aux pr\u00e9fets. Les discussions voulues par le ministre se sont d&rsquo;abord plac\u00e9es sur le terrain de l&rsquo;immigration avant de se focaliser sur l&rsquo;islam apr\u00e8s le vote suisse interdisant la construction de nouveaux minarets dans la conf\u00e9d\u00e9ration. Nicolas Sarkozy a dit accepter une France m\u00e9tisse mais des musulmans lui reprochent de consid\u00e9rer leur religion comme une foi d&rsquo;immigr\u00e9s en parlant \u00ab\u00a0de ceux qui arrivent\u00a0\u00bb, comme si l&rsquo;islam \u00e9tait nouveau venu en France. L&rsquo;islam est consid\u00e9r\u00e9 comme la deuxi\u00e8me religion de France avec 3,7 \u00e0 6 millions de fid\u00e8les, selon les sources. \u00ab\u00a0Le Pr\u00e9sident dit aussi qu&rsquo;il faut que l&rsquo;islam se fasse le plus discret possible (&#8230;) Je ne crois pas qu&rsquo;en demandant aux musulmans d&rsquo;\u00eatre discrets, on r\u00e8gle les choses\u00a0\u00bb, dit Kamel Kabtane, recteur de la mosqu\u00e9e de Lyon, dans Lib\u00e9ration. Eric Besson a d\u00e9clench\u00e9 un \u00ab\u00a0d\u00e9bat dans le d\u00e9bat\u00a0\u00bb en reconnaissant mercredi que les contr\u00f4les de police au faci\u00e8s \u00e9taient \u00ab\u00a0une r\u00e9alit\u00e9\u00a0\u00bb en France, ce qui a soulev\u00e9 la col\u00e8re de syndicats de police. \u00ab\u00a0Ces contr\u00f4les sont ill\u00e9gaux. Je ne comprends pas qu&rsquo;un ministre de la R\u00e9publique puisse laisser supposer le contraire\u00a0\u00bb, a d\u00e9clar\u00e9 Nicolas Comte, de l&rsquo;Union SGP-unit\u00e9 police, principal syndicat de gardiens de la paix, class\u00e9 \u00e0 gauche. Akhenaton, l&rsquo;une des figures les plus respect\u00e9es du rap fran\u00e7ais, a pourtant estim\u00e9 que c&rsquo;\u00e9tait une r\u00e9alit\u00e9. \u00ab\u00a0C&rsquo;est la r\u00e9alit\u00e9 des chiffres: un Noir a six fois plus de chances de se faire contr\u00f4ler qu&rsquo;un Blanc dans la rue. Un arabe huit fois plus. C&rsquo;est la r\u00e9alit\u00e9 de ce pays\u00a0\u00bb, a-t-il d\u00e9clar\u00e9. Sur le site internet Mediapart, ce membre du groupe marseillais IAM, qui s&rsquo;est converti \u00e0 l&rsquo;islam au d\u00e9but des ann\u00e9es 1990, se dit exasp\u00e9r\u00e9 par le d\u00e9bat sur l&rsquo;identit\u00e9 nationale et songe \u00e0 quitter la France. \u00ab\u00a0La France est un des pays les plus racistes du monde, fondamentalement\u00a0\u00bb, dit-il. REUTERS \u00a0<\/div>\n<div align=\"justify\">\n<hr\/>\n<\/div>\n<p><font><\/p>\n<div align=\"center\">\n<h3 style=\"color: blue;\"><font face=\"Arial\" size=\"3\"><strong>Allemagne: des cours d&rsquo;allemand pour aider les imams \u00e0 mieux s&rsquo;int\u00e9grer<\/strong><\/font><\/h3>\n<p> \u00a0<\/p><\/div>\n<div align=\"center\">\u00a0<\/div>\n<div align=\"left\"><font>AFP, le 10 d\u00e9cembre 2009 \u00e0 15h42 \u00a0<\/font><\/div>\n<div align=\"justify\"> <font>\u00a0\u00a0\u00a0\u00a0BERLIN, 10 d\u00e9c 2009 (AFP) &#8211; Quinze imams, originaires de Turquie, ont entam\u00e9 jeudi des cours d&rsquo;allemand destin\u00e9s \u00e0 favoriser leur int\u00e9gration dans le pays, a indiqu\u00e9 l&rsquo;Institut Goethe pour l&rsquo;\u00e9tude de la langue \u00e0 Munich (sud). Les 15 imams, qui suivront 500 heures de cours d&rsquo;allemand et 12 jours de formation inter-culturelle \u00e0 Nuremberg (sud), sont les premiers de quelque 130 imams qui doivent suivre cette formation, \u00e0 l&rsquo;initiative de l&rsquo;Office f\u00e9d\u00e9ral charg\u00e9 de la migration et de l&rsquo;Union islamique turque (DITIB). \u00ab\u00a0Les imams peuvent jeter des ponts et jouer un r\u00f4le de m\u00e9diateur entre les immigr\u00e9s et la population majoritaire\u00a0\u00bb, a estim\u00e9 le pr\u00e9sident de l&rsquo;Office, Albert Schmid. \u00ab\u00a0Les immigrants qui d\u00e9cident de passer une longue partie de leur vie en Allemagne doivent sentir qu&rsquo;ils font partie\u00a0\u00bb de la soci\u00e9t\u00e9, selon le pr\u00e9sident des Instituts Goethe Klaus-Dieter Lehmann. A ses yeux, \u00ab\u00a0l&rsquo;apprentissage de la langue allemande par les imams leur permettra de donner l&rsquo;exemple aux membres de leur communaut\u00e9\u00a0\u00bb. Le gouvernement allemand a d\u00e9cid\u00e9 la mise en place de \u00ab\u00a0contrats d&rsquo;int\u00e9gration\u00a0\u00bb pour les nouveaux immigr\u00e9s en Allemagne, incluant des cours de langue. Ces contrats doivent d\u00e9finir \u00e0 la fois \u00ab\u00a0ce que les immigr\u00e9s peuvent attendre comme soutien\u00a0\u00bb de la part des pouvoirs publics et \u00ab\u00a0ce que nous attendons des immigr\u00e9s\u00a0\u00bb, selon la charg\u00e9e de mission \u00e0 l&rsquo;Int\u00e9gration, Maria B\u00f6hmer. Elle a relev\u00e9 des \u00ab\u00a0d\u00e9ficits importants\u00a0\u00bb en mati\u00e8re de langage et de performances scolaires au sein des \u00ab\u00a0soci\u00e9t\u00e9s parall\u00e8les\u00a0\u00bb qui existent dans certains quartiers des grandes villes allemandes. L&rsquo;Allemagne compte quelque 15 millions d&rsquo;habitants d&rsquo;origine immigr\u00e9e pour une population de 82 millions de personnes, et entre 3,8 et 4,3 millions de musulmans, pour la majorit\u00e9 d&rsquo;origine turque. A l&rsquo;instar d&rsquo;autres pays europ\u00e9ens, le gouvernement de Berlin a introduit l&rsquo;an dernier un test de connaissances sur le pays pour les personnes souhaitant acqu\u00e9rir la nationalit\u00e9 allemande.<\/font><\/div>\n<p><\/font><\/font><\/div>\n<p align=\"left\" dir=\"ltr\">\u00a0<\/p>\n<p align=\"center\" dir=\"ltr\">\n<h3 style=\"color: blue;\"><font face=\"Arial\" size=\"2\"><strong><b><a href=\"https:\/\/tunisnews.net\/ar\/\"><font face=\"Arial\"><span><font size=\"2\">Home<\/font><\/span><font size=\"2\"><span lang=\"FR-CH\"> &#8211; Accueil <\/span><span>&#8211; <\/span><\/font><\/font><span dir=\"rtl\" lang=\"AR-SA\"><font size=\"2\">\u0627\u0644\u0631\u0626\u064a\u0633\u064a\u0629<\/font><\/span><\/a><\/b><\/strong><\/font><\/h3>\n<\/p>\n<p><\/body><\/body><\/html><\/p>","protected":false},"excerpt":{"rendered":"<p>Home &#8211; Accueil TUNISNEWS 9\u00a0\u00e8me ann\u00e9e, N\u00b0\u00a03488 du 10.12.2009 \u00a0archives : www.tunisnews.net\u00a0\u00a0 Hommage de reconnaissance et de respect au Dr. Salaheddine KECHRID ATF: Communiqu\u00e9 Front Line: Tunisia: Restrictions on the right to defence of human rights defender Mr Taoufik Ben Brik AFP: Tunisie: inqui\u00e9tude sur l&rsquo;\u00e9tat de sant\u00e9 de Ben Brik, le pouvoir rassure Nouvelobs: [&hellip;]<\/p>\n","protected":false},"author":1,"featured_media":22040,"comment_status":"open","ping_status":"open","sticky":false,"template":"","format":"standard","meta":{"inline_featured_image":false,"site-sidebar-layout":"default","site-content-layout":"","ast-site-content-layout":"default","site-content-style":"default","site-sidebar-style":"default","ast-global-header-display":"","ast-banner-title-visibility":"","ast-main-header-display":"","ast-hfb-above-header-display":"","ast-hfb-below-header-display":"","ast-hfb-mobile-header-display":"","site-post-title":"","ast-breadcrumbs-content":"","ast-featured-img":"","footer-sml-layout":"","ast-disable-related-posts":"","theme-transparent-header-meta":"","adv-header-id-meta":"","stick-header-meta":"","header-above-stick-meta":"","header-main-stick-meta":"","header-below-stick-meta":"","astra-migrate-meta-layouts":"default","ast-page-background-enabled":"default","ast-page-background-meta":{"desktop":{"background-color":"","background-image":"","background-repeat":"repeat","background-position":"center center","background-size":"auto","background-attachment":"scroll","background-type":"","background-media":"","overlay-type":"","overlay-color":"","overlay-opacity":"","overlay-gradient":""},"tablet":{"background-color":"","background-image":"","background-repeat":"repeat","background-position":"center center","background-size":"auto","background-attachment":"scroll","background-type":"","background-media":"","overlay-type":"","overlay-color":"","overlay-opacity":"","overlay-gradient":""},"mobile":{"background-color":"","background-image":"","background-repeat":"repeat","background-position":"center center","background-size":"auto","background-attachment":"scroll","background-type":"","background-media":"","overlay-type":"","overlay-color":"","overlay-opacity":"","overlay-gradient":""}},"ast-content-background-meta":{"desktop":{"background-color":"var(--ast-global-color-5)","background-image":"","background-repeat":"repeat","background-position":"center center","background-size":"auto","background-attachment":"scroll","background-type":"","background-media":"","overlay-type":"","overlay-color":"","overlay-opacity":"","overlay-gradient":""},"tablet":{"background-color":"var(--ast-global-color-5)","background-image":"","background-repeat":"repeat","background-position":"center center","background-size":"auto","background-attachment":"scroll","background-type":"","background-media":"","overlay-type":"","overlay-color":"","overlay-opacity":"","overlay-gradient":""},"mobile":{"background-color":"var(--ast-global-color-5)","background-image":"","background-repeat":"repeat","background-position":"center center","background-size":"auto","background-attachment":"scroll","background-type":"","background-media":"","overlay-type":"","overlay-color":"","overlay-opacity":"","overlay-gradient":""}},"footnotes":""},"categories":[],"tags":[64,40,29],"class_list":["post-17761","post","type-post","status-publish","format-standard","has-post-thumbnail","hentry","tag-64","tag-40","tag-fr"],"_links":{"self":[{"href":"https:\/\/tunisnews.net\/ar\/wp-json\/wp\/v2\/posts\/17761","targetHints":{"allow":["GET"]}}],"collection":[{"href":"https:\/\/tunisnews.net\/ar\/wp-json\/wp\/v2\/posts"}],"about":[{"href":"https:\/\/tunisnews.net\/ar\/wp-json\/wp\/v2\/types\/post"}],"author":[{"embeddable":true,"href":"https:\/\/tunisnews.net\/ar\/wp-json\/wp\/v2\/users\/1"}],"replies":[{"embeddable":true,"href":"https:\/\/tunisnews.net\/ar\/wp-json\/wp\/v2\/comments?post=17761"}],"version-history":[{"count":0,"href":"https:\/\/tunisnews.net\/ar\/wp-json\/wp\/v2\/posts\/17761\/revisions"}],"wp:featuredmedia":[{"embeddable":true,"href":"https:\/\/tunisnews.net\/ar\/wp-json\/wp\/v2\/media\/22040"}],"wp:attachment":[{"href":"https:\/\/tunisnews.net\/ar\/wp-json\/wp\/v2\/media?parent=17761"}],"wp:term":[{"taxonomy":"category","embeddable":true,"href":"https:\/\/tunisnews.net\/ar\/wp-json\/wp\/v2\/categories?post=17761"},{"taxonomy":"post_tag","embeddable":true,"href":"https:\/\/tunisnews.net\/ar\/wp-json\/wp\/v2\/tags?post=17761"}],"curies":[{"name":"wp","href":"https:\/\/api.w.org\/{rel}","templated":true}]}}