{"id":17712,"date":"2008-06-06T00:00:00","date_gmt":"2008-06-06T00:00:00","guid":{"rendered":"https:\/\/tunisnews.net\/6-juin-2008\/"},"modified":"2008-06-06T00:00:00","modified_gmt":"2008-06-06T00:00:00","slug":"6-juin-2008","status":"publish","type":"post","link":"https:\/\/tunisnews.net\/ar\/6-juin-2008\/","title":{"rendered":"6 juin 2008"},"content":{"rendered":"<p><html><head><meta content=\"text\/html\" description=\"  La r\u00e9pression du mouvement du bassin minier prend une tournure d'une extr\u00eame \n  gravit\u00e9. Depuis ce matin, \u00e0 Redeyef, de violentes confrontations ont lieu \n  entre les manifestants et les forces de police. Un \u00e9norme dispositif policier \n  a envahi la ville tirant \u00e0 balles r\u00e9elles sur les jeunes et saccageant maisons \n  et boutiques.\" http-equiv=\"Content-Type\"\/><\/head><body><body><\/p>\n<p align=\"center\" dir=\"ltr\"><font face=\"Arial\" size=\"2\"><b><a href=\"http:\/\/www.tunisnews.net\"><span>Home<\/span><span lang=\"FR-CH\"> &#8211; Accueil <\/span><\/a><\/b><\/font><\/p>\n<div align=\"center\">\n<p><font face=\"Arial\" size=\"2\"><strong> <font face=\"Arial\" size=\"2\"> <\/p>\n<div align=\"left\">\n<p><font face=\"Arial\" size=\"2\"> <\/p>\n<div>\n<div>  <span lang=\"FR\"> <\/p>\n<div align=\"center\" dir=\"ltr\"> <font face=\"Arial\" size=\"7\"> <span lang=\"SV\">          TUNISNEWS<\/span> <\/font> <\/div>\n<div align=\"center\"> <font face=\"Arial\" size=\"2\">\u00a08\u00a0\u00e8me\u00a0ann\u00e9e,          <span lang=\"FR\">N\u00b0 \u00a02936 du 06.06.2008<\/span><\/font><span><blink><font face=\"Arial\" size=\"2\">\u00a0archives           : <\/font><a target=\"_blank\" rel=\"noopener\"> <font face=\"Arial\" size=\"2\" target=\"_blank\">          www.tunisnews.net<\/font><\/a><\/blink><\/span><font> <\/font> <\/div>\n<p> <\/span><\/div>\n<\/p><\/div>\n<p> <\/font><\/p>\n<\/div>\n<p><\/font><\/strong><\/font><\/p>\n<\/div>\n<div> <font face=\"Arial\" size=\"2\"><font><strong><\/p>\n<hr\/>\n<p> <\/strong><\/font><\/font><\/div>\n<p><font face=\"Arial\" size=\"2\"><strong><font><font><\/p>\n<div align=\"left\">\n<p><font face=\"Arial\" size=\"2\">Comit\u00e9 de Soutien aux Habitants du   Bassin Minier de Gafsa:Le pouvoir tunisien r\u00e9prime dans le sang la r\u00e9volte du   bassin minier<\/font><\/p>\n<\/div>\n<p><\/font><\/font><\/strong><\/p>\n<div align=\"left\"> <strong><font>Comit\u00e9 de Soutien aux Habitants du Bassin Minier   de Gafsa:Communiqu\u00e9 de presse:Le pouvoir tunisien r\u00e9prime dans le sang la   r\u00e9volte du bassin minier<\/font><\/strong><\/div>\n<div align=\"left\">\n<p><font><strong>\u00a0Association de Lutte contre la Torture en   Tunisie: ALTT:<\/strong><font size=\"3\"><strong><font size=\"2\">Les forces de   l&rsquo;ordre tirent sur les manifestants \u00e0 Redeyef:un mort et plusieurs bless\u00e9s<\/font><\/strong><\/font><\/font><\/p>\n<\/div>\n<div align=\"left\"> <strong><font>Libert\u00e9 &amp; Equit\u00e9:A Redeyef:Balles r\u00e9elles, un   mort et des dizaines de bless\u00e9s\u00b4&#8230;<\/font><\/strong><\/div>\n<div align=\"left\"> <strong><\/p>\n<p><font>Agence Tunis Afrique Press :Pr\u00e9cisions d&rsquo;une   source officielle au sujet des actes de violence survenus \u00e0 Redeyef<\/font><\/p>\n<p><\/strong><\/div>\n<div align=\"left\"> <strong><font>Associated Press:Tunisie: un mort et plusieurs   bless\u00e9s lors d&rsquo;accrochages \u00e0 Redeyef<\/font><\/strong><\/div>\n<div align=\"left\">\n<h2 style=\"color: red;\"><font><strong>Reuters:Tunisian police fire on rioting youths,   one dead<\/strong> <\/font><\/h2>\n<\/div>\n<div align=\"left\"> <strong><font>Associated Press:One dead, several injured in   clashes between police, protesters in Tunisia, officials say<\/font><\/strong><\/div>\n<div align=\"left\">\n<p><font face=\"Arial\" size=\"2\"><strong>AFP:Tunisie: un   mort et des bless\u00e9s dans des affrontements \u00e0 Redeyef   <font>C.R.L.D.H. Tunisie<\/font><\/strong><font>:<strong>Communiqu\u00e9<\/strong><\/font> <strong>AFP:Tunisie: un mort et des bless\u00e9s dans des affrontements \u00e0 Redeyef<\/strong><\/font><\/p>\n<\/div>\n<div align=\"justify\"> <font face=\"Arial\" size=\"2\"> <\/p>\n<div align=\"left\"> <strong><font>AFP:Tunisie: d\u00e9c\u00e8s de Mohamed Charfi,     politique partisan des droits de l&rsquo;homme<\/font><\/strong><\/div>\n<div align=\"left\"> <strong><\/p>\n<h2 style=\"color: red;\"><font>FTCR:Mohamed Charfi n\u2019est plus<\/font><\/h2>\n<p><\/strong><\/div>\n<div align=\"justify\">\n<p><font><font><strong>A.P:Un Tunisien extrad\u00e9     d&rsquo;Italie d\u00e9f\u00e9r\u00e9 devant le tribunal militaire de Tunis <\/strong> <\/font><strong>Le Temps:Crise de la volaille \u00e0 Sfax:Les abattoirs iraient \u00e0     contre-courant de la mise \u00e0 niveau du secteur&#8230;Le poulet vif bat de l&rsquo;aile.<\/strong><\/font><\/p>\n<\/div>\n<p><\/font><\/div>\n<div>\n<div align=\"left\"> <strong><font>La Presse:Une enfant palestinienne et un     Isra\u00e9lien tu\u00e9s<\/font><\/strong><\/div>\n<p><h2 style=\"color: red;\"><font><strong>Amnesty International<\/strong> <strong>:La   communaut\u00e9 internationale doit r\u00e9agir \u00e0 la crise alimentaire<\/strong><\/font><\/h2>\n<\/p>\n<\/div>\n<div>\n<h2 style=\"color: red;\"><font><strong><font>AFP:Alg\u00e9rie: six   militaires tu\u00e9s et 4 bless\u00e9s dans un attentat (s\u00e9curit\u00e9)<\/font><\/strong> <\/font><\/h2>\n<p><strong><\/p>\n<h3 style=\"color: blue;\"><font>InfoSud:Tunisie : le foulard sous   pression<\/font><\/h3>\n<p><\/strong><\/div>\n<div align=\"left\"> <strong><font>AFP:Union pour la M\u00e9diterran\u00e9e: les pays arabes   veulent des \u00ab\u00a0clarifications\u00a0\u00bb<\/font><\/strong><\/div>\n<p><\/font><\/p>\n<div> <font face=\"Arial\" size=\"2\"><strong><\/p>\n<h3 style=\"color: blue;\"><font>AFP:Les pays arabes   demandent \u00ab\u00a0clarifications\u00a0\u00bb sur pr\u00e9sence d&rsquo;Isra\u00ebl dans l&rsquo;UPM<\/font><\/h3>\n<p><\/strong><\/font><\/div>\n<div> <strong><font>AFP:Turquie: la justice dit \u00ab\u00a0non\u00a0\u00bb au voile \u00e0   l&rsquo;Universit\u00e9, coup dur pour l&rsquo;AKP<\/font><\/strong> <\/p>\n<div> <strong><\/p>\n<h3 style=\"color: blue;\"><font>Reuters:Turquie &#8211; La r\u00e9forme du foulard jug\u00e9e     inconstitutionnelle<\/font><\/h3>\n<p><\/strong><\/div>\n<div> <strong><font>Reuters:En Turquie, l&rsquo;AKP passe \u00e0 la     contre-attaque sur le foulard<\/font><\/strong><\/div>\n<div> <strong><\/p>\n<h3 style=\"color: blue;\"><font>Reuters:Turkish ruling party condemns     headscarf ruling<\/font><\/h3>\n<p><\/strong><\/div>\n<div> <strong><font>Reuters:Israel&rsquo;s Livni tries to live down     Mossad myths<\/font><\/strong> <\/p>\n<div> <strong><\/p>\n<h3 style=\"color: blue;\"><font>AFP:Maroc: les c\u00e9l\u00e8bres conteurs de la place       Jema\u00e2 El Fna en voie d&rsquo;extinction<\/font><\/h3>\n<p><\/strong><\/div>\n<\/p><\/div>\n<\/div>\n<div> <font face=\"Arial\" size=\"2\"><strong><font>AFP:Les pays du Sud   trop souvent priv\u00e9s de la manne touristique<\/font><\/strong> <\/p>\n<div> <strong><\/p>\n<h3 style=\"color: blue;\"><font>La Presse:Les droits de l\u2019Homme consolid\u00e9s     dans leur acception globale et compl\u00e9mentaire<\/font><\/h3>\n<p><\/strong><\/div>\n<p> <\/font><\/div>\n<div>\n<h3 style=\"color: blue;\"><font face=\"Arial\" size=\"2\"><strong><font>La   Presse:Vers une reprise du dialogue entre Abbas et le Hamas<\/font><\/strong> <\/font><\/h3>\n<\/div>\n<div> <font face=\"Arial\" size=\"2\"><strong><\/p>\n<h3 style=\"color: blue;\"><font>Le Temps:Reportage:   La circulation \u00e0 Tunis:Sens dessus dessous<\/font><\/h3>\n<p><\/strong> <\/p>\n<div align=\"left\"> <strong><font>Le Temps:\u00a02\u00e9me journ\u00e9e du bac:Les litt\u00e9raires     tiraill\u00e9s entre Al Jahedh, Messadi et Al Moutanabi<\/font><\/strong> <\/p>\n<div align=\"left\"> <strong><\/p>\n<h3 style=\"color: blue;\"><font>Le Temps:Trente-deux ans de prison et plus       d&rsquo;un million de dinars d&rsquo;amende pour les dealers<\/font><\/h3>\n<p><\/strong><\/div>\n<\/p><\/div>\n<p> <\/font><\/div>\n<div> <font face=\"Arial\" size=\"2\"><strong><font>Le Temps:\u00a0Ils volent   le camion et br\u00fblent la benne<\/font><\/strong> <\/p>\n<div align=\"left\"> <strong><\/p>\n<h3 style=\"color: blue;\"><font>Le Monde: \u00e9tudiant alg\u00e9rien pris pour un     terroriste risque l&rsquo;expulsion de Grande-Bretagne<\/font><\/h3>\n<p><\/strong><\/div>\n<p> <\/font><\/div>\n<div> <font face=\"Arial\" size=\"2\"><strong><font>Le Quotidien: unes   au quotidien:es jeunes et le rejet parental du pr\u00e9tendant : Difficile de tenir   bon !<\/font><\/strong> <\/p>\n<div align=\"left\"> <strong><\/p>\n<h3 style=\"color: blue;\"><font>Le Quotidien:Un agent du Mossad pour succ\u00e9der     \u00e0 Olmert ?<\/font><\/h3>\n<p><\/strong> <\/div>\n<div align=\"left\">\n<h4 style=\"color: blue;\"><font><strong><font>Pr Chems Eddine CHITOUR     :Union our la M\u00e9diterran\u00e9e: Un march\u00e9 de dupes.<\/font><\/strong> <\/font><\/h4>\n<div align=\"left\"> <strong><\/p>\n<h4 style=\"color: blue;\"><font>Fethi Djebali: Vendu sous le manteau<\/font><\/h4>\n<p><\/strong><\/div>\n<p><p><font><strong><font>Le Matin: Partenariat     Strat\u00e9gique-F\u00e8s, capitale de la M\u00e9diterran\u00e9e: Dialogue sur le renforcement     des synergies Nord-Sud<\/font><\/strong> <strong>Bakchich :Danse du ventre de Rachida Dati \u00e0 Tunis<\/strong><\/font><\/p>\n<\/p>\n<\/div>\n<p> <\/font><\/div>\n<div> <font face=\"Arial\" size=\"2\"><strong>AP:Ouverture \u00e0 Alger du   Forum des pays de la M\u00e9diterran\u00e9e<\/strong><\/font><\/div>\n<div> <font face=\"Arial\" size=\"2\"><\/p>\n<hr\/>\n<p><\/font><\/div>\n<div>  \u00a0<\/div>\n<div align=\"center\"> <font face=\"Arial\" size=\"2\"><strong><\/p>\n<h4 style=\"color: blue;\"><font size=\"3\">Les \u00e9meutes   populaires \u00e0 Redeyef:<\/font><\/h4>\n<p><\/strong> <strong><font>Les vid\u00e9os sur dailymotion.com:<\/font><\/strong> <strong><font><a href=\"\">  http:\/\/www.dailymotion.com\/relevance\/search\/REDEYEF<\/a><\/font><\/strong><\/font><\/div>\n<p><font face=\"Arial\"><\/p>\n<div align=\"center\"> <font><strong>Les vid\u00e9os sur youtube.com:<\/strong><\/font> <a href=\"\"><strong>  http:\/\/fr.youtube.com\/results?search_query=redeyef&amp;search_sort=video_date_uploaded<\/strong><\/a><\/div>\n<div align=\"center\"> <font face=\"Arial\">    \u00a0<\/p>\n<hr\/>\n<p><\/font><\/div>\n<div align=\"center\">  \u00a0<\/div>\n<div align=\"center\"> <font face=\"Arial\"><strong>Comit\u00e9 de Soutien aux Habitants du   Bassin Minier de Gafsa<\/strong><\/font><\/div>\n<div align=\"center\"> <font face=\"Arial\">Communiqu\u00e9 de presse   <\/p>\n<h4 style=\"color: blue;\"><font><strong>Le pouvoir tunisien r\u00e9prime dans le sang la   r\u00e9volte du bassin minier<\/strong><\/font><\/h4>\n<p><\/font><\/div>\n<div align=\"center\">  \u00a0<\/div>\n<p><font face=\"Arial\"><\/p>\n<div align=\"justify\">     La r\u00e9pression du mouvement du bassin minier prend une tournure d&rsquo;une extr\u00eame   gravit\u00e9. Depuis ce matin, \u00e0 Redeyef, de violentes confrontations ont lieu   entre les manifestants et les forces de police. Un \u00e9norme dispositif policier   a envahi la ville tirant \u00e0 balles r\u00e9elles sur les jeunes et saccageant maisons   et boutiques.   Le bilan est tr\u00e8s grave, Hafnaoui ben Ridha Belhafnaoui, jeune de 18 ans, a   \u00e9t\u00e9 mortellement touch\u00e9 par balles, on d\u00e9nombre plusieurs autres bless\u00e9s par   balles.<\/div>\n<div align=\"justify\">  \u00a0<\/div>\n<div align=\"justify\">  En donnant l&rsquo;ordre de tirer sur les manifestants pour tuer, le r\u00e9gime   dictatorial de Ben Ali a d\u00e9cid\u00e9 d&rsquo;en d\u00e9coudre avec le mouvement du bassin   minier de Gafsa. Il cherche \u00e0 en finir, quelque soit le prix, avec ce   mouvement social dont la principale revendication est le droit au travail et \u00e0   des conditions de vie dignes. Ce mouvement qui dure depuis le 5 janvier 2008   n&rsquo;a cess\u00e9 de s&rsquo;amplifier et de s&rsquo;\u00e9tendre ces derniers jours aux villes et aux   r\u00e9gions voisines du sud ouest tunisien, c&rsquo;est ce que craint le r\u00e9gime tunisien.   Le comit\u00e9 de soutien \u00e0 la population du bassin minier de Gafsa d\u00e9nonce cette   r\u00e9pression criminelle du r\u00e9gime tunisien. Il appelle les militants et les   organisations politiques, syndicales et associatives \u00e0 manifester leur   solidarit\u00e9 avec la population du sud ouest tunisien et \u00e0 se joindre au   rassemblement qu&rsquo;il organise :<\/div>\n<div align=\"justify\">  \u00a0<\/div>\n<div align=\"justify\"> <strong><font>demain Samedi 07 Juin 2008 <\/font><\/strong><\/div>\n<div align=\"justify\">  \u00a0<\/div>\n<div align=\"justify\"> <strong><font>\u00e0 14h00 \u00e0 la fontaine des innocents <\/font> <\/strong><\/div>\n<div align=\"left\">  \u00a0<\/div>\n<div align=\"left\"> <strong><font>Ch\u00e2telet-Les Halles &#8211;\u00a0 Paris.<\/font><\/strong><\/div>\n<div align=\"left\">  \u00a0<\/div>\n<div align=\"left\">     Paris, le 6 juin 2008.   Comit\u00e9 de Soutien aux Habitants du Bassin Minier de Gafsa   C\/o FTCR, 3 rue de Nantes 75019 Paris   Courriel : <a href=\"\">bassin.minier@hotmail.fr<\/a><\/div>\n<div align=\"right\">  \u00a0<\/div>\n<p><\/font><\/p>\n<div align=\"justify\">\n<hr\/>\n<\/div>\n<div align=\"center\"> <strong><font>\u00a0Association de Lutte contre la Torture en   Tunisie    ALTT   <\/font><\/strong>\u00a0\u00a0   <\/p>\n<h4 style=\"color: blue;\"><font size=\"3\"><strong><font size=\"2\">Les forces de l&rsquo;ordre   tirent sur les manifestants \u00e0 Redeyef:   un mort et plusieurs bless\u00e9s<\/font><\/strong><\/font><\/h4>\n<\/div>\n<div align=\"justify\">  \u00a0<\/div>\n<p><\/font><\/p>\n<div align=\"justify\">  Les forces de l&rsquo;ordre ont tir\u00e9 aujourd&rsquo;hui sur les manifestants \u00e0 Redayef   occasionnant la mort du jeune Hafnoui Ben Ridha Ben Hafnaoui Maghdhaoui   (18ans) et des blessures graves \u00e0 une vingtaine de citoyens.   Encore une fois, c&rsquo;est la solution s\u00e9curitaire qui a pr\u00e9valu.    Depuis plusieurs mois, les habitants du bassin minier ont organis\u00e9 des gr\u00e8ves,   des rassemblements et des sit-in pour revendiquer leur droit au travail et au   respect de leur dignit\u00e9. Les autorit\u00e9s, apr\u00e8s avoir ignor\u00e9 ces revendications,   ont proc\u00e9d\u00e9 \u00e0 des arrestations, mont\u00e9 des proc\u00e8s contre certains participants   au mouvement pour en arriver \u00e0 l&rsquo;utilisation des armes.   L&rsquo;association de lutte contre la torture en Tunisie :    1-exprime\u00a0 toute sa solidarit\u00e9 aux victimes et \u00e0 leurs familles.   2-d\u00e9nonce le recours aux armes et exige qu&rsquo;il soit proc\u00e9d\u00e9 \u00e0 une enqu\u00eate et   que les responsables soient traduits en justice.   3- appelle les autorit\u00e9s \u00e0 r\u00e9pondre positivement et dans les plus brefs d\u00e9lais   aux revendications des populations du bassin minier.   \u00a0   Fait \u00e0 Tunis le 06 juin 2008   Pour l&rsquo;association   La pr\u00e9sidente   <strong><font>Radhia\u00a0 Nasraoui <\/p>\n<hr\/>\n<p><\/font><\/strong> <\/p>\n<p> \u00a0<\/p>\n<\/div>\n<div align=\"center\"> <strong><font>Libert\u00e9 &amp; Equit\u00e9   <\/font><\/strong>liberte.equite@gmail.com   Tunis le 6 juin 2008   <\/p>\n<p><font><strong>A Redeyef   Balles r\u00e9elles, un mort et des dizaines de bless\u00e9s   Mort du jeune Hafnaoui Ben Ridha Hafnaoui Maghzaoui<\/strong><\/font><\/p>\n<p>   ((Traduit de l&rsquo;arabe, l&rsquo;original fait foi AW Hani))  <\/p>\n<div align=\"justify\">              Les \u00e9v\u00e9nements du bassin minier (de Gafsa) ont pris une tournure inqui\u00e9tante.     Les forces de police ont tir\u00e9, \u00e0 balles r\u00e9elles, contre les manifestants     dans la ville de Redeyef, dans la matin\u00e9e de ce vendredi 6 juin 2008,     faisant un mort , le jeune Hafnaoui Ben Ridha Hafnaoui Maghzaoui, \u00e2g\u00e9 de 22     ans, ainsi que 26 bless\u00e9s, parmi eux :      Bouali Khlayfi, Khaled Rahhali, Mohamed Achiri, Nizar Amaydi, Mohamed Tahar     Ben Othman, Houcine Ben Mohamed, Ben Ali Degueche, Tarek Boudhiaf, Sami     Karami, Mustapha Lachkham, Hachem Berrezg, Khaled Touati, Nidhal Amaydi,     Houcine Aouled Amor, Habib Tabbabi, Chokri Ben Ahmed, Helmi Marzouki, Tarek     Jeridi, Kamel Ben Mohamed et Ahmed Ahmadi Baccouch qui a \u00e9t\u00e9 transport\u00e9 \u00e0     l\u2019h\u00f4pital r\u00e9gional de Gafsa des suites de ses blessures par deux balles dans     le dos.     Monsieur Ridha Hafnaoui Maghzaoui, le p\u00e8re de la victime, nous a affirm\u00e9 que     l\u2019assassinat de son fils a eu lieu pr\u00e8s de son domicile au vu et au su des     citoyens, avant que le corps ne soit transport\u00e9 par les manifestants au     domicile puis \u00e9 l\u2019h\u00f4pital local de Redeyef, o\u00f9 le p\u00e8re a pu reconna\u00eetre le     corps dans la morgue dudit h\u00f4pital.      La ville de Redeyef a v\u00e9cu un \u00e9tat de terreur hier soir par des actes de     barbarie perp\u00e9tr\u00e9s par les forces de l\u2019ordre qui ont attaqu\u00e9 et saccag\u00e9 de     nombreux commerces, en d\u00e9robant des biens et surtout de l\u2019argent.     Les \u00e9v\u00e9nements continuent toujours jusqu\u2019\u00e0 la r\u00e9daction de ce communiqu\u00e9.     Les forces de police lancent des bombes lacrymog\u00e8nes \u00e0 l\u2019int\u00e9rieur des     domiciles des citoyens et utilisent des canons \u00e0 eau.      Libert\u00e9 &amp; Equit\u00e9 :     1-Pr\u00e9sente ses condol\u00e9ances \u00e0 la famille du d\u00e9funt Hafnaoui et souhaite le     prompt r\u00e9tablissement aux bless\u00e9s.     2-D\u00e9nonce avec force l\u2019usage des balles r\u00e9elles contre des citoyens non     arm\u00e9s et leur tirer de dos provoquant le d\u00e9c\u00e8s d\u2019un des leurs et des     blessures pour un grand nombreux d\u2019entre eux, pour la simple expression de     leur protestation pacifique contre les op\u00e9rations de pillage dont \u00e9t\u00e9     victimes de nombreux citoyens.     3-Appelle \u00e0 ouvrir une enqu\u00eate et \u00e0 sanctionner les donneurs d\u2019ordre de     l\u2019usage des balles contre des citoyens non arm\u00e9s.     \u00a0     Pour le Bureau ex\u00e9cutif     Le Pr\u00e9sident     <strong><font>Ma\u00eetre Mohamed Ennouri<\/font><\/strong><\/div>\n<\/div>\n<div align=\"center\">\n<hr\/>\n<p><h4 style=\"color: blue;\"><font><strong>Pr\u00e9cisions d&rsquo;une source officielle au sujet des   actes de violence survenus \u00e0 Redeyef<\/strong><\/font><\/h4>\n<\/p>\n<\/div>\n<div align=\"justify\">  \u00a0<\/div>\n<div align=\"justify\">  Tunis 6 juin 2008 (TAP)- Une source officielle a publi\u00e9, vendredi, le   communiqu\u00e9 suivant au sujet des actes de violence survenus dans la r\u00e9gion de   Redeyef (gouvernorat de Gafsa).   \u00ab\u00a0Des actes de violence ont \u00e9t\u00e9 commis par certains individus dans la r\u00e9gion de   Redeyef (gouvernorat de Gafsa).   Ces actes ont fait l&rsquo;objet d&rsquo;une surveillance de la part des forces de   s\u00e9curit\u00e9 pour contrer tous d\u00e9bordements \u00e9ventuels.   Des informations sont parvenues, vendredi, aux autorit\u00e9s que des \u00e9l\u00e9ments   \u00e9taient en train de fabriquer des cocktails molotov en vue de les utiliser   dans des actes de vandalisme, ce qui a impos\u00e9 l&rsquo;intervention des forces de   s\u00e9curit\u00e9 qui ont essuy\u00e9 des jets de ces engins incendiaires.   Malgr\u00e9 les mises en garde lanc\u00e9es, conform\u00e9ment \u00e0 la loi, par les forces de   l&rsquo;ordre, les \u00e9l\u00e9ments perturbateurs n&rsquo;ont pas obtemp\u00e9r\u00e9, obligeant les forces   de s\u00e9curit\u00e9 \u00e0 intervenir.   Ces \u00e9v\u00e8nements ont entra\u00een\u00e9 la mort d&rsquo;un \u00e9l\u00e9ment perturbateur. Cinq autres ont   \u00e9t\u00e9 bless\u00e9s ainsi que trois agents de l&rsquo;ordre.   Le procureur de la R\u00e9publique de Gafsa a ordonn\u00e9 l&rsquo;ouverture d&rsquo;une information   judiciaire pour d\u00e9terminer les circonstances de ces \u00e9v\u00e9nements et d\u00e9limiter   les responsabilit\u00e9s\u00a0\u00bb.<\/div>\n<div align=\"justify\"> <strong><font>(Source : Agence Tunis Afrique Press (TAP \u2013   Officielle), le 6 juin 2008)<\/font><\/strong><\/div>\n<div align=\"justify\">\n<hr\/>\n<\/div>\n<div align=\"center\">\n<h4 style=\"color: blue;\"><font><strong>Tunisie: un mort et plusieurs bless\u00e9s lors   d&rsquo;accrochages \u00e0 Redeyef<\/strong><\/font><\/h4>\n<\/div>\n<div align=\"justify\">  \u00a0<\/div>\n<div align=\"justify\"> <strong><font>ASSOCIATED PRESS<\/font><\/strong>      TUNIS &#8211; Des accrochages sanglants ont oppos\u00e9 vendredi manifestants et forces   de l&rsquo;ordre \u00e0 Redeyef, ville du bassin minier de Gafsa dans le centre-ouest de   la Tunisie, faisant un mort et plusieurs bless\u00e9s, a-t-on appris de sources   syndicale et officielle.    Des manifestations de protestations secouent cette r\u00e9gion depuis plusieurs   mois \u00e0 cause du ch\u00f4mage et de la d\u00e9gradation des conditions de vie.    Selon le pr\u00e9sident du comit\u00e9 de soutien du bassin minier de Gafsa, Messaoud   Romdhani, les troubles qui ont d\u00e9but\u00e9 jeudi ont pris une tournure grave   vendredi lorsque la police a ouvert le feu sur les manifestants. Il a fait   \u00e9tat d&rsquo;un mort, un manifestant de 25 ans et dix bless\u00e9s.    La victime venait d&rsquo;\u00eatre recrut\u00e9e dans un chantier sur l&rsquo;environnement   d\u00e9pendant de la compagnie des phosphates de Gafsa (CPG), principal employeur   dans la r\u00e9gion, a-t-il pr\u00e9cis\u00e9 par t\u00e9l\u00e9phone \u00e0 l&rsquo;Associated Press. Selon ce   syndicaliste, les troubles auraient \u00e9t\u00e9 caus\u00e9s par \u00ab\u00a0la lenteur\u00a0\u00bb des   n\u00e9gociations engag\u00e9es entre les autorit\u00e9s et les syndicats.    De leur c\u00f4t\u00e9, les autorit\u00e9s font \u00e9tat d&rsquo;un mort et cinq bless\u00e9s parmi les   manifestants et de trois bless\u00e9s parmi les agents de l&rsquo;ordre. Selon un   communiqu\u00e9 du gouvernement, l&rsquo;intervention des forces de l&rsquo;ordre a \u00e9t\u00e9 motiv\u00e9e   par des informations faisant \u00e9tat de \u00ab\u00a0la fabrication par certains \u00e9l\u00e9ments de   bouteille incendiaires qui devaient utilis\u00e9es dans des actes de vandalisme\u00a0\u00bb.     Selon le communiqu\u00e9, plusieurs de ces objets ont \u00e9t\u00e9 lanc\u00e9s en direction des   agents de l&rsquo;ordre, en \u00ab\u00a0d\u00e9pit des sommations\u00a0\u00bb adress\u00e9es aux manifestants. Une   enqu\u00eate a \u00e9t\u00e9 ouverte pour \u00ab\u00a0\u00e9claircir les circonstances de ces incidents et en   d\u00e9terminer les responsabilit\u00e9s\u00a0\u00bb.<\/div>\n<div align=\"justify\">\n<hr\/>\n<\/div>\n<div align=\"center\"> <strong><\/p>\n<h4 style=\"color: blue;\"><font size=\"3\">Tunisian police fire on rioting youths,   one dead<\/font><\/h4>\n<p><\/strong><\/div>\n<div align=\"justify\">  06 Jun 2008 18:36:56 GMT\u00a0      <strong><font>\u00a0TUNIS, June 6 (Reuters)<\/font><\/strong> &#8211;   Police fired guns to disperse hundreds of youths rioting over joblessness and   rising living costs in southwest Tunisia, leaving one dead and several injured,   government and labour union officials said on Friday.    \u00ab\u00a0The security forces came under assault from thrown flammable objects and were   obliged to intervene to neutralise certain people who were making them,\u00a0\u00bb said   an official in Tunis who declined to be named.    Hafnawi al-Maghazoui, 22, was killed by a bullet in the lung when police   opened fire, while 22 other protesters were wounded, union leader Adnen Hajji   told Reuters.    A government source put the toll of injured at three police officers and five   demonstrators.    Social unrest has rumbled on in Redeyef and the wider phosphate mining region   of Gafsa for two months. Police made brief arrests in Redeyef in April after   clashes with stone-throwing demonstrators.    Such violent protests are rare in the North African country of 10 million   where the government of President Zine al Abidine Ben Ali, in power since   1987, shows little tolerance of dissent.    Tunisia has North Africa&rsquo;s biggest middle class but after years of improving   living standards the rising prices of imported commodities are making people   feel poorer.    Inflation in Tunisia stood at 6 percent in April, the highest level in three   years, as soaring prices of commodities on world markets pushed up the cost of   food and transport. (Reporting by Tarek Amara; Editing by Tom Pfeiffer)     \u00a0<\/div>\n<div align=\"justify\">\n<hr\/>\n<\/div>\n<div align=\"center\">\n<h4 style=\"color: blue;\"><font size=\"3\"><strong>One dead, several injured in clashes   between police, protesters in Tunisia, officials say<\/strong><\/font><\/h4>\n<\/div>\n<div align=\"justify\">  \u00a0<\/div>\n<div align=\"justify\"> <strong><font>Associated Press, le 6 juin 2008 \u00e0 20h19<\/font><\/strong>      TUNIS, Tunisia &#8211; Violent clashes erupted Friday between protesters and police   in central Tunisia, leaving one person dead and at least eight other people   injured, government and labor union officials said.   Some protesters threw Molotov cocktails and police responded by opening fire   as months of intermittent protest over high unemployment and poor living   conditions in the Gafsa mining region took a violent turn.   In the clashes Friday in the town of Redeyef, a 25-year-old protester was   killed and ten other people were injured, said local labor union leader   Messaoud Romdhani. Government officials confirmed one person had died, but   counted five protesters and three police officers injured.<\/div>\n<div>  \u00a0<\/div>\n<p><font face=\"Arial\" size=\"2\"><\/p>\n<div>\n<hr\/>\n<\/div>\n<div align=\"center\"> <strong><\/p>\n<h5 style=\"color: blue;\"><font><font>Communiqu\u00e9 de presse   <\/font>Le pouvoir tunisien r\u00e9prime dans le sang la r\u00e9volte du bassin minier<\/font><\/h5>\n<p><\/strong><\/div>\n<div>  \u00a0<\/div>\n<div>     La r\u00e9pression du mouvement du bassin minier prend une tournure d&rsquo;une extr\u00eame   gravit\u00e9. Depuis ce matin, \u00e0 Redeyef, de violentes confrontations ont lieu   entre les manifestants et les forces de police. Un \u00e9norme dispositif policier   a envahi la ville tirant \u00e0 balles r\u00e9elles sur les jeunes et saccageant maisons   et boutiques.   Le bilan est tr\u00e8s grave, Hafnaoui ben Ridha Belhafnaoui, jeune de 18 ans, a   \u00e9t\u00e9 mortellement touch\u00e9 par balles, on d\u00e9nombre plusieurs autres bless\u00e9s par   balles.      En donnant l&rsquo;ordre de tirer sur les manifestants pour tuer, le r\u00e9gime   dictatorial de Ben Ali a d\u00e9cid\u00e9 d&rsquo;en d\u00e9coudre avec le mouvement du bassin   minier de Gafsa. Il cherche \u00e0 en finir, quelque soit le prix, avec ce   mouvement social dont la principale revendication est le droit au travail et \u00e0   des conditions de vie dignes. Ce mouvement qui dure depuis le 5 janvier 2008   n&rsquo;a cess\u00e9 de s&rsquo;amplifier et de s&rsquo;\u00e9tendre ces derniers jours aux villes et aux   r\u00e9gions voisines du sud ouest tunisien, c&rsquo;est ce que craint le r\u00e9gime tunisien.   Le comit\u00e9 de soutien \u00e0 la population du bassin minier de Gafsa d\u00e9nonce cette   r\u00e9pression criminelle du r\u00e9gime tunisien. Il appelle les militants et les   organisations politiques, syndicales et associatives \u00e0 manifester leur   solidarit\u00e9 avec la population du sud ouest tunisien et \u00e0 se joindre au   rassemblement qu&rsquo;il organise :          demain Samedi 07 Juin 2008       \u00e0 14h00 \u00e0 la fontaine des innocents       Ch\u00e2telet-Les Halles &#8211;\u00a0 Paris.      Paris, le 6 juin 2008.   <strong><font>Comit\u00e9 de Soutien aux Habitants du Bassin Minier   de Gafsa   <\/font><font>C\/o FTCR, 3 rue de Nantes 75019 Paris   Courriel : bassin.minier@hotmail.fr<\/font><\/strong><\/div>\n<div>\n<hr\/>\n<\/div>\n<div align=\"center\"> <strong><\/p>\n<h5 style=\"color: blue;\"><font>Tunisie: un mort et des bless\u00e9s dans des   affrontements \u00e0 Redeyef<\/font><\/h5>\n<p><font>06\/06\/2008-[18:05] &#8211; AFP<\/font><\/strong><\/div>\n<div>  \u00a0<\/div>\n<div> <font><strong>TUNIS, 6 juin 2008 (AFP)<\/strong><\/font> &#8211; Un   manifestant a \u00e9t\u00e9 tu\u00e9 par balle et d&rsquo;autres ont \u00e9t\u00e9 bless\u00e9s au cours   d&rsquo;affrontements avec la police \u00e0 Redeyef, dans la r\u00e9gion de Gafsa (sud-ouest   de la Tunisie), en proie \u00e0 l&rsquo;agitation due au ch\u00f4mage et \u00e0 la chert\u00e9 de la vie,   a-t-on appris de source syndicale et gouvernementale.<\/div>\n<div>\n<hr\/>\n<\/div>\n<div align=\"center\"> <strong><font>C.R.L.D.H. Tunisie      <font>Comit\u00e9 pour le Respect des Libert\u00e9s et des Droits de   l\u2019Homme en Tunisie   Membre du R\u00e9seau Euro m\u00e9diterran\u00e9en des Droits de l\u2019Homme   21ter rue Voltaire \u2013 FR-75011 PARIS\u00a0 &#8211; Tel\/Fax : 00.33. (0)1.43.72.97.34   contact@crldht.org \/ www.crldht.org   <\/font> <\/font><font>Communiqu\u00e9  \u00a0<\/font><\/strong><\/div>\n<p><\/font><\/p>\n<div>  \u00a0<\/div>\n<div>     La police tunisienne a tir\u00e9 \u00e0 balles r\u00e9elles sur la population de R\u00e9daeif   (ville du bassin minier au sud de la Tunisie) faisant un mort et six bless\u00e9s   dont un gravement.      La ville de R\u00e9da\u00efef, situ\u00e9 dans le bassin minier de Gafsa dans le sud tunisien,   est \u00e0\u00a0 nouveau, depuis le jeudi 5 juin 2008, le th\u00e9\u00e2tre d\u2019affrontements   opposant\u00a0 la population aux forces de l\u2019ordre. Ces derni\u00e8res, venues en nombre,   ont poursuivi leur campagne de r\u00e9pression violente\u00a0 tirant \u00e0 balles r\u00e9elles,   faisant un mort , un jeune de 18 ans du nom de\u00a0 Hafnaoui Ben Ridha Bel   Hafnaoui et blessant six autre personnes. Parmi eux : Isma\u00efl Rahali, Bouali   Khlaifi, Helmi Ama\u00efdi et Khaled Rahali.\u00a0       La ville vit depuis plusieurs jours un \u00e9tat de si\u00e8ge non d\u00e9clar\u00e9 : descentes   et perquisitions muscl\u00e9es dans les quartiers et dans les domiciles semant la   terreur dans les familles. Des commerces ont subi le m\u00eame sort occasionnant\u00a0   vol de biens et destruction de mat\u00e9riel \u2026Dans le m\u00eame temps, des centaines de   policiers en civil bloquent toute la ville et\u00a0 ses issues, emp\u00eachant toute   activit\u00e9.       Hier, dans la soir\u00e9e, le jeune Hichem BEN\u00a0 JEDDOU EL ALEIMI,\u00a0 du village de   Tebeddit (proche de Redaief), \u00e2g\u00e9 de 26 ans, est mort \u00e9lectrocut\u00e9\u00a0 \u00e0   l&rsquo;int\u00e9rieur d\u2019un local abritant un g\u00e9n\u00e9rateur \u00e9lectrique qui dessert les   ateliers de la compagnie des phosphates du bassin minier de Gafsa. Le local a   \u00e9t\u00e9 occup\u00e9 par des jeunes dipl\u00f4m\u00e9s au ch\u00f4mage qui, en signe de protestation,   ont mis le g\u00e9n\u00e9rateur \u00e0 l\u2019arr\u00eat. L\u2019ordre de la remise en marche du g\u00e9n\u00e9rateur   semble avoir \u00e9t\u00e9 donn\u00e9 aux gendarmes par le sous-gouverneur provocant ainsi la   mort du jeune Hichem ce, en d\u00e9pit des avertissements de la population pr\u00e9sente   sur le lieu du drame. Le 2 juin 2008, \u00e0 Metlaoui, Nabil CHAGRA, est mort apr\u00e8s   avoir \u00e9t\u00e9 heurt\u00e9 par une voiture lors d&rsquo;une manifestation de rue organis\u00e9e par   les jeunes dipl\u00f4m\u00e9s ch\u00f4meurs. Ces deux\u00a0 drames ont mis le feu aux poudres dans   toute\u00a0 la r\u00e9gion provoquant des affrontements violents avec les forces de   police.       En donnant l\u2019ordre de tirer sur des personnes sans d\u00e9fense,\u00a0 le r\u00e9gime de Ben   Ali fait preuve,\u00a0 une fois encore, de son caract\u00e8re policier et r\u00e9pressif.   Ceci illustre son incapacit\u00e9 \u00e0 g\u00e9rer la moindre crise autrement que par la   violence meurtri\u00e8re, les arrestations arbitraires, les proc\u00e8s iniques, la   torture \u2026       Le CRLDHT d\u00e9nonce de toutes ses forces ces crimes, commis en toute impunit\u00e9 et   dans un silence assourdissant de la presse et des m\u00e9dias\u00a0 tunisiens.      Le CRLDHT\u00a0 pr\u00e9sente toutes ses condol\u00e9ances aux familles avec qui il partage   leur\u00a0 chagrin\u00a0 et leur col\u00e8re. Il r\u00e9it\u00e8re son enti\u00e8re solidarit\u00e9 avec les   populations du Bassin minier dans leur lutte l\u00e9gitime pour la vie et la   dignit\u00e9, et\u00a0 exprime son indignation contre cette nouvelle escalade de   violence. Il demande instamment l\u2019arr\u00eat de la violence polici\u00e8re et   l\u2019instauration d\u2019une commission d\u2019enqu\u00eate pour que la lumi\u00e8re\u00a0 soi faite sur   les \u00e9v\u00e9nements afin que les responsables r\u00e9pondent de leurs actes devant la   justice.          Le CRLDHT appelle tous les tunisiens, tous les amis de la Tunisie, \u00e0   participer activement au rassemblement organis\u00e9 par Comit\u00e9 de Soutien aux   Habitants du    Bassin Minier de Gafsa, le samedi 7 juin 2008 \u00e0 la Fontaine des innocents, \u00e0   14h   \u00a0\u00a0\u00a0\u00a0\u00a0\u00a0\u00a0\u00a0\u00a0\u00a0\u00a0\u00a0\u00a0\u00a0\u00a0\u00a0\u00a0\u00a0\u00a0\u00a0\u00a0\u00a0\u00a0\u00a0\u00a0\u00a0\u00a0\u00a0\u00a0\u00a0\u00a0\u00a0\u00a0\u00a0\u00a0\u00a0\u00a0\u00a0\u00a0\u00a0\u00a0\u00a0\u00a0\u00a0\u00a0\u00a0\u00a0\u00a0\u00a0\u00a0\u00a0\u00a0\u00a0\u00a0\u00a0\u00a0\u00a0\u00a0\u00a0\u00a0\u00a0\u00a0\u00a0\u00a0\u00a0\u00a0\u00a0\u00a0\u00a0\u00a0\u00a0\u00a0\u00a0\u00a0\u00a0\u00a0\u00a0\u00a0\u00a0\u00a0\u00a0\u00a0\u00a0\u00a0\u00a0\u00a0\u00a0\u00a0\u00a0\u00a0\u00a0\u00a0\u00a0\u00a0\u00a0\u00a0\u00a0     Paris, le 6 juin 2008<\/div>\n<div>\n<hr\/>\n<\/div>\n<div align=\"center\"> <strong><\/p>\n<h5 style=\"color: blue;\"><font><font>AFP, le 6 juin 2008 \u00e0   18h25<\/font>   \u00a0\u00a0 Tunisie: un mort et des bless\u00e9s dans des affrontements \u00e0 Redeyef<\/font><\/h5>\n<p><\/strong><\/div>\n<div>  \u00a0<\/div>\n<div>     TUNIS, 6 juin 2008 (AFP) &#8211; Un manifestant a \u00e9t\u00e9 tu\u00e9 par balle et\u00a0 plusieurs   bless\u00e9s vendredi en Tunisie au cours d&rsquo;affrontements avec\u00a0 la police \u00e0 Redeyef,   dans la r\u00e9gion mini\u00e8re de Gafsa (sud-ouest) en\u00a0 proie \u00e0 l&rsquo;agitation sur fond   de ch\u00f4mage et de chert\u00e9 de la vie,\u00a0 a-t-on appris de source syndicale et   gouvernementale.   Hafnaoui Al-Maghzaoui, 25 ans, a \u00e9t\u00e9 atteint par une balle au\u00a0 poumon droit et   a succomb\u00e9 sur le coup, lorsque la police a ouvert\u00a0 le feu sur les   manifestants \u00e0 Redeyef, a indiqu\u00e9 \u00e0 l&rsquo;AFP Adnane\u00a0 Hajji, dirigeant syndical.   Dix-huit personnes ont \u00e9t\u00e9 bless\u00e9s \u00e9galement par balles, a\u00a0 ajout\u00e9 M. Hajji,   joint par l&rsquo;AFP au t\u00e9l\u00e9phone \u00e0 Redeyef.    Une source gouvernementale a confirm\u00e9 \u00e0 l&rsquo;AFP le d\u00e9c\u00e8s d&rsquo;un\u00a0 manifestant et   fait \u00e9tat de 8 bless\u00e9s, dont cinq manifestants et\u00a0 trois agents de l&rsquo;ordre.   \u00ab\u00a0Les forces de l&rsquo;ordre ont essuy\u00e9 des jets d&rsquo;engins incendiaires\u00a0 (cocktails   Molotov) et ont d\u00fb intervenir pour neutraliser certains\u00a0 \u00e9l\u00e9ments, qui les   fabriquaient\u00a0\u00bb, a-t-on indiqu\u00e9 de source\u00a0 gouvernementale officielle \u00e0 Tunis.      <strong><font>\u00a0AFP <\/p>\n<hr\/>\n<p><\/font><\/strong><\/div>\n<div align=\"center\"> <font><\/p>\n<h5 style=\"color: blue;\"><font><strong>Tunisie: d\u00e9c\u00e8s de Mohamed   Charfi, politique partisan des droits de l&rsquo;homme<\/strong><\/font><\/h5>\n<p><\/font><\/div>\n<div align=\"justify\">  \u00a0<\/div>\n<div align=\"justify\"> <strong><font>AFP, le 6 juin 2008 \u00e0 20h59<\/font> <\/strong>\u00a0\u00a0\u00a0 <font>TUNIS, 6 juin 2008 (AFP) &#8211; L&rsquo;homme   politique lib\u00e9ral tunisien et pr\u00e9sident d&rsquo;honneur de la Ligue de d\u00e9fense des   droits de l&rsquo;homme (LTDH), Mohamed Charfi, est mort vendredi \u00e0 Tunis \u00e0 l&rsquo;\u00e2ge de   72 ans des suites d&rsquo;un cancer, a-t-on appris aupr\u00e8s de sa famille et de ses   amis.   \u00a0\u00a0\u00a0 Sp\u00e9cialiste de droit international, Mohamed Charfi, n\u00e9 \u00e0 Sfax en 1936, est   connu pour avoir lanc\u00e9 en sa qualit\u00e9 de ministre de l&rsquo;Education (1989-1994) la   modernisation du syst\u00e8me \u00e9ducatif en Tunisie.   \u00a0\u00a0\u00a0 Partisan d&rsquo;un islam lib\u00e9ral, il s&rsquo;\u00e9tait attir\u00e9 l&rsquo;inimiti\u00e9 des islamistes,   avant de d\u00e9missionner du gouvernement et se consacrer \u00e0 la d\u00e9fense des   libert\u00e9s publiques.   \u00a0\u00a0\u00a0 \u00ab\u00a0C&rsquo;est une grosse perte pour la Tunisie. Ce qu&rsquo;il a fait pour le savoir,   l&rsquo;enseignement du droit et les droits de l&rsquo;homme restera un point lumineux   dans les annales\u00a0\u00bb du pays, a d\u00e9clar\u00e9 \u00e0 l&rsquo;AFP Mokhter Trifi, pr\u00e9sident de la   LTDH.   \u00a0\u00a0\u00a0 Mohamed Charfi avait dirig\u00e9 la Ligue des droits de l&rsquo;homme dans les ann\u00e9es   1980, avant d&rsquo;en devenir plus r\u00e9cemment le pr\u00e9sident d&rsquo;honneur permanent.\u00a0 Il   est l&rsquo;auteur de plusieurs \u00e9crits, dont \u00ab\u00a0Islam et libert\u00e9\u00a0\u00bb. \u00a0<\/font><\/div>\n<div align=\"center\"> <strong><\/p>\n<hr\/>\n<p><\/strong><\/div>\n<div align=\"center\"> <strong>\u00a0<font>FTCR<\/font> <\/p>\n<h5 style=\"color: blue;\"><font>Mohamed Charfi n\u2019est plus<\/font><\/h5>\n<p><\/strong><\/div>\n<div align=\"justify\">  \u00a0<\/div>\n<div align=\"justify\"> <font>Nous venons d\u2019apprendre le d\u00e9c\u00e8s de M. Mohamed CHARFI,   Professeur agr\u00e9g\u00e9 de Droit, ancien ministre, ancien pr\u00e9sident de la Ligue   tunisienne pour la d\u00e9fense des droits de l\u2019Homme, un des fondateurs du groupe   Perspectives.   Mohamed Charfi a \u00e9t\u00e9 une des figures marquantes de la\u00a0 gauche tunisienne, \u00e0   l\u2019animation de laquelle il a particip\u00e9 par ses \u00e9crits et par son engagement,   ce qui lui a valu des ann\u00e9es de s\u00e9jour dans le sinistre bagne de Borj Erroumi.   Outre ses ouvrages de Droit, dont la teneur est reconnue \u00e0 travers le monde,   M. Charfi est connu pour son r\u00f4le dans\u00a0 l\u2019enracinement de la culture des   droits humains, sa contribution f\u00e9conde au d\u00e9bat sur le devenir de l\u2019islam et   sa lecture moderniste et la\u00efque du patrimoine musulman.   Ministre de l\u2019Education nationale et de l\u2019Enseignement sup\u00e9rieur, il a engag\u00e9   une r\u00e9forme courageuse des programmes d\u2019enseignement qui lui a valu des   campagnes violentes \u00e9manant des milieux conservateurs et int\u00e9gristes.   Apr\u00e8s avoir quitt\u00e9 le gouvernement et renou\u00e9 avec les milieux d\u00e9mocratique \u2013   on se souvient du Manifeste de 2002 dont il \u00e9tait l\u2019un des principaux   inspirateurs \u2013 il sera la cible de la presse de caniveau et des officines du   pouvoir.   En ces tristes circonstances, la FTCR, ses adh\u00e9rent-e-s et ses ami-e-s,\u00a0   tiennent d\u2019abord \u00e0 pr\u00e9senter s condol\u00e9ances \u00e0 sa famille et d\u2019abord \u00e0 sa femme   Faouzia, \u00e0 ses filles Hala, Leila et Fatma.   Nous garderons toujours le souvenir d\u2019un grand Monsieur de la gauche   tunisienne. Sa m\u00e9moire restera vive dans nos c\u0153urs : celle d\u2019un grand   intellectuel et d\u2019un grand militant de la d\u00e9mocratie en Tunisie.\u00a0\u00a0    <\/font><strong>Pour la FTCR   Mohieddine Cherbib   Paris, 6 juin 2008 \u00a0<\/strong><\/div>\n<div>\n<hr\/>\n<\/div>\n<div align=\"center\"> <strong><\/p>\n<h5 style=\"color: blue;\"><font>Un Tunisien extrad\u00e9 d&rsquo;Italie d\u00e9f\u00e9r\u00e9 devant le   tribunal militaire de Tunis<\/font><\/h5>\n<p><font>(A.P. 06\/06\/2008)<\/font><\/strong><\/div>\n<div>  \u00a0<\/div>\n<div>  Un Tunisien condamn\u00e9 pour terrorisme et r\u00e9cemment extrad\u00e9 d&rsquo;Italie, Essid Sami   Ben Kemais, a \u00e9t\u00e9 d\u00e9f\u00e9r\u00e9 jeudi devant le tribunal militaire de Tunis, o\u00f9 il a   fait opposition \u00e0 des jugements prononc\u00e9s contre lui par contumace.   Apr\u00e8s avoir fait opposition, il a \u00e9t\u00e9 reconduit en prison en attendant d&rsquo;\u00eatre   rejug\u00e9 par cette juridiction, a pr\u00e9cis\u00e9 Me Samir Ben Amor, avocat sp\u00e9cialiste   des affaires terroristes. Essid Sami Ben Kemais, alias Saber, a \u00e9t\u00e9 remis   mardi soir par les autorit\u00e9s italiennes \u00e0 leurs homologues tunisiennes en   d\u00e9pit d&rsquo;une d\u00e9cision de la cour europ\u00e9enne des droits de l&rsquo;Homme (CEDH)   ordonnant la suspension de cette mesure, a-t-il expliqu\u00e9.   Saber a \u00e9t\u00e9 condamn\u00e9 en f\u00e9vrier 2002 par le tribunal de Milan \u00e0 six ans et   deux mois de prison pour \u00ab\u00a0association de malfaiteurs \u00e0 des fins de terrorisme\u00a0\u00bb   et \u00e0 l&rsquo;expulsion d&rsquo;Italie. Il a \u00e9t\u00e9 jug\u00e9 en m\u00eame temps que six autres   Tunisiens, dont trois \u00e9taient accus\u00e9s d&rsquo;avoir planifi\u00e9 un attentat contre   l&rsquo;ambassade am\u00e9ricaine \u00e0 Rome.   Consid\u00e9r\u00e9 comme le chef pr\u00e9sum\u00e9 de la logistique europ\u00e9enne de l&rsquo;organisation   de Ben Laden, Saber a \u00e9t\u00e9 condamn\u00e9 par d\u00e9faut par la justice tunisienne \u00e0 des   dizaines d&rsquo;ann\u00e9es de prison pour des d\u00e9lits li\u00e9s \u00e0 son \u00ab\u00a0appartenance \u00e0 une   organisation terroriste op\u00e9rant \u00e0 l&rsquo;\u00e9tranger en temps de paix\u00a0\u00bb, en allusion \u00e0   Al Qa\u00efda. Il lui est imput\u00e9 notamment d&rsquo;avoir op\u00e9r\u00e9 le recrutement en Italie   de combattants pour les envoyer en Afghanistan, selon Me Ben Amor.  \u00a0<\/div>\n<div>\n<hr\/>\n<\/div>\n<div align=\"center\">  \u00a0<\/div>\n<div align=\"center\"> <strong><\/p>\n<p><font><font>\u00a0Crise de la volaille \u00e0   Sfax:   <\/font>Les abattoirs iraient \u00e0 contre-courant de la mise \u00e0 niveau du   secteur&#8230;Le poulet vif bat de l&rsquo;aile.<\/font><\/p>\n<p><\/strong><\/div>\n<div>  \u00a0<\/div>\n<div>     \u00a0 S&rsquo;achemine-t-on vers une crise dans le secteur du commerce de la volaille ?   C&rsquo;est du moins ce que laissent entendre les vendeurs de poulet vif, les   interm\u00e9diaires et surtout les \u00e9leveurs.    \u00a0   Les injonctions de fermeture des boutiques pour les premiers, le ch\u00f4mage forc\u00e9   pour les deuxi\u00e8mes cit\u00e9s et la difficult\u00e9 d&rsquo;\u00e9couler leurs produits pour les   troisi\u00e8mes constituent d&rsquo;apr\u00e8s les int\u00e9ress\u00e9s les sympt\u00f4mes d&rsquo;une crise dans   laquelle va plonger toute la cha\u00eene, avec toutes les cons\u00e9quences pr\u00e9visibles,   dont notamment le tarissement des sources de revenus, l&rsquo;incapacit\u00e9 de   rembourser les cr\u00e9dits et le ch\u00f4mage pour les uns et pour les autres. A la   Chambre syndicale des Commer\u00e7ants de Volaille, c&rsquo;est pourtant un autre son de   cloche : Les r\u00e9ticences injustifi\u00e9es des\u00a0 vendeurs\u00a0 de poulet vif \u00e0 adh\u00e9rer au   programme de mise \u00e0 niveau sont \u00e0 l&rsquo;origine des difficult\u00e9s v\u00e9cues par le   secteur.   Ce qu&rsquo;il conviendrait de comprendre, justement, ce sont les raisons de ces   r\u00e9ticences. Il y a lieu, en effet, de s&rsquo;interroger sur les raisons qui   poussent ces commer\u00e7ants \u00e0 refuser les avantages de la mise \u00e0 niveau, surtout   en d\u00e9pit des mesures incitatives, des opportunit\u00e9s de cr\u00e9dits et de tous les   avantages li\u00e9s \u00e0 l&rsquo;adh\u00e9sion au programme de mise \u00e0 niveau \u00e0 travers   l&rsquo;application des dispositions du cahier des charges destin\u00e9 \u00e0 moderniser le   secteur. La r\u00e9ponse, est \u00e0 trouver dans les t\u00e9moignages suivants :   \u00a0   Abdessalem, commer\u00e7ant de poulet vif :    \u00ab Auparavant, nous \u00e9tions fournis en poulets par un interm\u00e9diaire.    Tout \u00e9tait dans l&rsquo;ordre. Les probl\u00e8mes n&rsquo;ont surgi que lorsque les abattoirs   se sont charg\u00e9s de nous approvisionner en marchandises. Vu leur statut de   concurrents par rapport aux commer\u00e7ants, vu aussi leur capacit\u00e9 d&rsquo;abattage   tr\u00e8s limit\u00e9e, ces abattoirs s&rsquo;abstiennent de nous fournir du poulet \u00e0 la   moindre p\u00e9nurie. Ils nous prennent en otages et tiennent compte, en premier   lieu, de leurs propres int\u00e9r\u00eats. Il est vrai que deux investisseurs ont re\u00e7u   l&rsquo;agr\u00e9ment d&rsquo;ouvrir des abattoirs. Mais en attendant qu&rsquo;ils soient   op\u00e9rationnels, on demande au moins, \u00e0 b\u00e9n\u00e9ficier d&rsquo;une prorogation ad\u00e9quate   des d\u00e9lais de mise \u00e0 niveau. Or, nous faisons actuellement l&rsquo;objet de   pressions, sous forme de d\u00e9cisions de fermeture de nos locaux, ce qui nous   porte s\u00e9rieusement pr\u00e9judice et pourrait nous acculer \u00e0 abandonner   d\u00e9finitivement notre activit\u00e9 ou du moins \u00e0 cong\u00e9dier nos employ\u00e9s pour   all\u00e9ger les frais, avec toutes les r\u00e9percussions pr\u00e9visibles aussi bien pour   ces derniers que pour nous-m\u00eames, par exemple en mati\u00e8re de d\u00e9m\u00eal\u00e9s, y compris   avec la justice. Notre commerce est notre source de revenus. Il fait vivre nos   familles et celles de nos employ\u00e9s. Nous demandons \u00e0 ce que l&rsquo;on en tienne   compte \u00bb.   \u00a0   Mohamed A. commer\u00e7ant de poulet abattu : \u00ab Faciliter l&rsquo;implantation   d&rsquo;abattoirs de petite taille \u00bb   \u00a0\u00a0 \u00ab Cela fait 35 ans que je suis dans le m\u00e9tier. Nous avons toujours fait   l&rsquo;abattage, dans un local affect\u00e9 \u00e0 cet effet et subissions r\u00e9guli\u00e8rement des   contr\u00f4les inopin\u00e9s par les services d&rsquo;hygi\u00e8ne. Mais maintenant que l&rsquo;op\u00e9ration   doit \u00eatre confi\u00e9e \u00e0 des abattoirs, ces derniers ne nous servent pas en   priorit\u00e9. Ils s&#8217;empressent de privil\u00e9gier d&rsquo;autres clients plus int\u00e9ressants   comme les h\u00f4tels et nous sommes toujours \u00e0 leur merci. Conclusion : il est   indispensable de faciliter l&rsquo;implantation d&rsquo;abattoirs de petite taille qui   exigent des investissements raisonnables soit de l&rsquo;ordre d&rsquo;un milliard. En   effet, l&rsquo;\u00e9tude r\u00e9alis\u00e9e par un investisseur de mes connaissances a r\u00e9v\u00e9l\u00e9 que   la construction d&rsquo;un abattoir co\u00fbte dans les quatre milliards. D&rsquo;autre part,   l&rsquo;Onas a exig\u00e9 l&rsquo;importation d&rsquo;une machine pour l&rsquo;incin\u00e9ration des d\u00e9chets,   d&rsquo;une valeur de 1,5 milliards, op\u00e9ration co\u00fbteuse et qui demande des d\u00e9lais de   livraison trop \u00e9tir\u00e9s. Il est plus sens\u00e9 donc de faire preuve de plus de   souplesse vis-\u00e0-vis des investisseurs, et en attendant, nous autoriser \u00e0   poursuivre notre activit\u00e9 comme pr\u00e9c\u00e9demment. \u00bb   \u00a0   Mongi, \u00e9leveur : \u00ab Beaucoup de peine \u00e0 \u00e9couler notre marchandise \u00bb   \u00a0\u00a0\u00a0\u00a0\u00a0\u00a0 \u00ab Nous trouvons beaucoup de peine \u00e0 \u00e9couler notre marchandise et de   surcro\u00eet, les abattoirs n&rsquo;acceptent pas le poulet dont le poids d\u00e9passe les   1,800 kg \u00e9tant donn\u00e9 que le poulet, dit \u00ab l\u00e9ger \u00bb, r\u00e9pond mieux aux besoins   des r\u00f4tisseries. Et quand on sait que le poussin est actuellement en p\u00e9riode   de croissance dans les poulaillers, l&rsquo;on est en droit de s&rsquo;inqui\u00e9ter   concernant la marchandise que nous allons bient\u00f4t avoir sur les bras et   surtout sur l&rsquo;avenir de notre activit\u00e9. D&rsquo;autant plus, d&rsquo;ailleurs, qu&rsquo;il nous   est d\u00e9sormais interdit de vendre les pondeuses dites de \u00ab r\u00e9forme \u00bb aux   clients dans les march\u00e9s hebdomadaires ou autres.   \u00a0Je voudrais rappeler par la m\u00eame occasion la situation des anciens   interm\u00e9diaires qui sont accul\u00e9s au ch\u00f4mage. C&rsquo;est le m\u00eame sort qui nous attend,   \u00e0 moins de nous autoriser \u00e0 exercer notre commerce comme pr\u00e9c\u00e9demment, sinon,   ce serait la banqueroute pour tout circuit \u00bb.   \u00a0   N\u00e9jib, \u00e9leveur : \u00ab Les abattoirs, pr\u00e9f\u00e8rent commercialiser leur propre produit   \u00bb   \u00a0 \u00ab Je voudrais d&rsquo;abord \u00e9voquer la r\u00e9duction continue de notre marge   b\u00e9n\u00e9ficiaire \u00e0 cause de la hausse inversement proportionnelle des co\u00fbts de   l&rsquo;aliment et du prix du poulet. A titre d&rsquo;exemple, lorsque la tonne d&rsquo;aliment   co\u00fbtait 350 d , le poulet \u00e9tait \u00e9coul\u00e9 \u00e0 raison de 2 \u00e0 2,5 d le kg. Par contre   actuellement, la tonne vaut 650 d alors que le prix du kg de poulet plafonne \u00e0   2 d. M\u00eame chose pour le poussin, achet\u00e9 actuellement aupr\u00e8s des couvoirs \u00e0 680   millimes l&rsquo;unit\u00e9 alors qu&rsquo;il co\u00fbtait uniquement 550 millimes.   De plus, les abattoirs, pr\u00e9f\u00e8rent commercialiser leur propre produit au lieu   de s&rsquo;approvisionner aupr\u00e8s de nous, \u00e9leveurs. Quand on sait que le client se   d\u00e9tourne du poulet abattu, l&rsquo;on peut mesurer notre d\u00e9sarroi qui s&rsquo;explique   aussi par l&rsquo;accumulation des dettes. Nous croulons , et c&rsquo;est le cas de le   dire sous leur poids. Je voudrais \u00e9galement soulever la question de l&rsquo;hygi\u00e8ne   pour dire : comment les services de sant\u00e9 osent-ils \u00e9voquer le manque   d&rsquo;hygi\u00e8ne alors qu&rsquo;en pleine crise de grippe aviaire, ils ne cessaient de   r\u00e9p\u00e9ter qu&rsquo;il n&rsquo;y avait aucun risque car le virus est neutralis\u00e9 sous l&rsquo;effet   de la chaleur. S&rsquo;il y a toujours eu\u00a0 des probl\u00e8mes,\u00a0 c&rsquo;est du c\u00f4t\u00e9 du poulet   abattu qu&rsquo;il a fallu toujours les chercher et non pas du c\u00f4t\u00e9 du poulet vif.     Aux derni\u00e8res nouvelles, les couvoirs viennent de consentir un rabais   concernant le prix du poussin sans pour autant susciter une hausse de la   demande aupr\u00e8s des \u00e9leveurs, \u00e0 cause des d\u00e9cisions de fermeture des locaux de   commerce, d&rsquo;autant plus que la capacit\u00e9 d&rsquo;abattage, par trop r\u00e9duite,\u00a0 des   abattoirs les emp\u00eache de travailler pour le compte des commer\u00e7ants. C&rsquo;est le   cercle vicieux qui conduit les usines de fabrication d&rsquo;aliments \u00e0 tourner au   ralenti. Pour vous donner une id\u00e9e de la situation, sachez qu&rsquo;une coop\u00e9rative   vient tout r\u00e9cemment de proc\u00e9der \u00e0 la destruction de 6000 poussins en l&rsquo;espace   de trois jours et \u00e7a risque de continuer, \u00e0 moins qu&rsquo;on s&#8217;empresse de   d\u00e9bloquer la situation. \u00bb   \u00a0   H\u00e9di Chabchoub, pr\u00e9sident de la Chambre Syndicale des Commer\u00e7ants de poulet, \u00e0   Sfax : \u00ab Il est grand temps d&rsquo;appliquer la loi \u00e0 tout le monde \u00bb   \u00a0\u00a0 \u00ab Il est \u00e0 rappeler que la promulgation du cahier des charges remonte \u00e0   1995 ce qui fait que les commer\u00e7ants n&rsquo;ont pas \u00e9t\u00e9 pris au d\u00e9pourvu, d&rsquo;autant   plus que ces derni\u00e8res ann\u00e9es ils ont fait l&rsquo;objet d&rsquo;une\u00a0 campagne soutenue de   sensibilisation. Par ailleurs, notre pays s&rsquo;est r\u00e9solument et irr\u00e9versiblement   engag\u00e9 sur la voie de la mise \u00e0 niveau. Il est donc grand temps d&rsquo;appliquer la   loi \u00e0 tout le monde. Je voudrais aussi apporter les pr\u00e9cisions suivantes :   Les abattoirs sont dispos\u00e9s \u00e0 r\u00e9pondre \u00e0 la demande des commer\u00e7ants et au cas   o\u00f9 ils se d\u00e9roberaient \u00e0 leurs engagements, les int\u00e9ress\u00e9s n&rsquo;ont qu&rsquo;\u00e0   s&rsquo;adresser \u00e0 la chambre pour leur trouver la solution ad\u00e9quate. M\u00eame s&rsquo;il est   vrai que des p\u00e9nuries peuvent se produire, elles ne seraient que   conjoncturelles et br\u00e8ves. D&rsquo;ailleurs, le Minist\u00e8re du Commerce a toujours   r\u00e9agi avec la c\u00e9l\u00e9rit\u00e9 et l&rsquo;efficacit\u00e9 requises pour rem\u00e9dier \u00e0 la situation.   Et, Dieu merci, il n&rsquo;y a aucun signe de p\u00e9nuries actuellement.   Le consommateur tunisien, contrairement \u00e0 ce qu&rsquo;avancent ces irr\u00e9ductibles,est   soucieux de sa sant\u00e9. Il pr\u00e9f\u00e8re le poulet abattu en raison des garanties   qu&rsquo;il offre du point de vue hygi\u00e8ne. Quant au pr\u00e9texte des clients qui   tournent le dos au poulet d&rsquo;abattage, je dirais qu&rsquo;il suffit d&rsquo;\u00e9liminer le   commerce du poulet vif pour voir le consommateur changer d&rsquo;habitude.    Pour sa part,l&rsquo;alibi de la mauvaise qualit\u00e9 ne tient pas la route car le   contr\u00f4le est strict et sans faille \u00e0 toutes les \u00e9tapes. La marchandise livr\u00e9e   par les abattoirs est immanquablement accompagn\u00e9e d&rsquo;un certificat de c\u00e9l\u00e9brit\u00e9   qui en atteste la bonne qualit\u00e9. Si la qualit\u00e9 est mauvaise, c&rsquo;est que   l&rsquo;abattage s&rsquo;est fait dans des abattoirs clandestins. Et puis, la qualit\u00e9   d\u00e9pend aussi des conditions de conservation. Si les normes de r\u00e9frig\u00e9ration ne   sont pas respect\u00e9es, il est normal que la marchandise devienne impropre \u00e0 la   consommation.   Concernant l&rsquo;agenda de remboursement des cr\u00e9dits, nous sommes les premiers \u00e0   nous \u00e9tonner de la volte-face de la BTS, en d\u00e9pit de toutes les assurances qui   nous ont \u00e9t\u00e9 donn\u00e9es. Nous oeuvrons actuellement \u00e0 ce qu&rsquo;on proc\u00e8de \u00e0 la   r\u00e9vision d&rsquo;un tel agenda, pr\u00e9judiciable aux b\u00e9n\u00e9ficiaires des cr\u00e9dits. C&rsquo;est   ce qui explique les difficult\u00e9s de remboursement.   Par ailleurs, contrairement \u00e0 ce qui a \u00e9t\u00e9 avanc\u00e9, la marge b\u00e9n\u00e9ficiaire,   variant entre 08 et 31 % pour l&rsquo;ensemble de la gamme des articles   commercialis\u00e9s, est largement suffisante. Un simple calcul fait sur la base   des b\u00e9n\u00e9fices r\u00e9alis\u00e9s pour une quantit\u00e9 minimale d&rsquo;articles de poulet abattu,   contre 30 poulets vifs vendus en une journ\u00e9e, nous r\u00e9v\u00e8le que ces b\u00e9n\u00e9fices   s&rsquo;\u00e9l\u00e8vent respectivement \u00e0 21 d\u00a0 et 6 d. Il est vrai qu&rsquo;on peut r\u00e9torquer que   j&rsquo;ai omis les 30 d gagn\u00e9s gr\u00e2ce \u00e0 l&rsquo;op\u00e9ration de d\u00e9plumage, d&rsquo;\u00e9visc\u00e9ration et   de lavage, mais l\u00e0, il s&rsquo;agit d&rsquo;un service et non pas de b\u00e9n\u00e9fices r\u00e9alis\u00e9s   dans le cadre d&rsquo;une op\u00e9ration commerciale. \u00bb. Que dire, \u00e0 la fin, sinon que   les conditions de mise en oeuvre du cahier des charges ne semblent pas bien   r\u00e9unies. L&rsquo;application de l&rsquo;article 24 achoppe , en effet , sur au moins deux   pierres : la premi\u00e8re concerne la capacit\u00e9 trop r\u00e9duite des abattoirs et la   seconde a trait \u00e0 l&rsquo;agenda de remboursement. Commen\u00e7ons d&rsquo;abord par \u00e9liminer   tous les obstacles pour cr\u00e9er les conditions ad\u00e9quates \u00e0 la mise\u00a0 en \u0153uvre de   la mise \u00e0 niveau. Quant aux pr\u00e9f\u00e9rences du client, on verra ce que cela   donnera.   \u00a0   <strong><font>Taieb LAJILI    <\/font><\/strong>\u00a0   <font><strong>(Source: Le journal \u201d Le Temps\u201d (Quotidien \u2013   Tunis) le\u00a0 06 juin 2008) <\/p>\n<hr\/>\n<p><\/strong><\/font><\/div>\n<div align=\"center\"> <font><\/p>\n<h5 style=\"color: blue;\"><font><strong>Une enfant palestinienne   et un Isra\u00e9lien tu\u00e9s<\/strong><\/font><\/h5>\n<p><\/font><\/div>\n<p><font><\/p>\n<div>  \u00a0<\/div>\n<p><\/font><\/p>\n<div> <strong>\u00a0<\/strong><font>NIR OZ (Reuters) \u2014 Une jeune   Palestinienne de 8 ans a \u00e9t\u00e9 tu\u00e9e et deux autres femmes ont \u00e9t\u00e9 bless\u00e9es hier   par un obus isra\u00e9lien dans la bande de Gaza, a-t-on appris de sources   m\u00e9dicales, quelques heures apr\u00e8s la mort d&rsquo;un Isra\u00e9lien, victime d&rsquo;un tir de   roquette dans un kibboutz.    \u00a0   L\u2019arm\u00e9e isra\u00e9lienne a confirm\u00e9 qu\u2019une op\u00e9ration a\u00e9rienne visant un activiste   avait \u00e9t\u00e9 men\u00e9e pr\u00e8s de Khan Youn\u00e8s, dans le sud du territoire palestinien   dont la fillette \u00e9tait originaire.   L\u2019aile militaire du Hamas, qui contr\u00f4le l\u2019\u00e9troite bande c\u00f4ti\u00e8re, a annonc\u00e9 de   son c\u00f4t\u00e9 avoir tir\u00e9 trois obus de mortier, faisant un mort et plusieurs   bless\u00e9s \u00ab\u00a0dans les rangs sionistes\u00a0\u00bb.   D\u2019apr\u00e8s la police, la roquette a frapp\u00e9 une usine du kibboutz de Nir Oz, dans   le sud d\u2019Isra\u00ebl.   \u00ab\u00a0Nous affronterons l\u2019occupant avec tous les moyens \u00e0 notre disposition et nous   continuerons \u00e0 frapper les installations militaires et colonies sionistes aux   abords de Gaza en riposte \u00e0 la poursuite des attaques dirig\u00e9es contre notre   peuple\u00a0\u00bb, a d\u00e9clar\u00e9 le Mouvement de r\u00e9sistance islamique dans un communiqu\u00e9.   Le porte-parole du gouvernement isra\u00e9lien, David Baker, a imput\u00e9 cette attaque   au Hamas qui, a-t-il pr\u00e9venu, sera tenu responsable des tirs visant Isra\u00ebl.   \u00ab\u00a0Isra\u00ebl ne peut pas et ne veut pas permettre \u00e0 cette situation de se perp\u00e9tuer\u00a0\u00bb,   a-t-il dit.   Le Premier ministre isra\u00e9lien Ehud Olmert, fragilis\u00e9 par un scandale de   corruption, est confront\u00e9 \u00e0 des pressions croissantes de son opinion publique   pour monter une vaste op\u00e9ration de repr\u00e9sailles \u00e0 Gaza afin de faire taire les   tirs de roquettes.   Pour le moment, les Isra\u00e9liens ont renforc\u00e9 leur blocus \u00e9conomique de la bande   de Gaza et m\u00e8nent r\u00e9guli\u00e8rement des incursions et bombardements a\u00e9riens   limit\u00e9s pour contrer ces attaques de roquettes.    \u00a0   <\/font><strong>\u00a0   (Source: Le journal \u201d La Presse\u201d (Quotidien \u2013 Tunis) le\u00a0 06 juin 2008)<\/strong><\/div>\n<div>  \u00a0<\/div>\n<div>\n<hr\/>\n<\/div>\n<div align=\"center\"> <strong><\/p>\n<h5 style=\"color: blue;\"><font>La communaut\u00e9 internationale doit r\u00e9agir \u00e0 la   crise alimentaire<\/font><\/h5>\n<p><\/strong><\/div>\n<p><font><\/p>\n<div>  \u00a0<\/div>\n<p><\/font><\/p>\n<div>     22 mai 2008    La d\u00e9claration ci-dessous a \u00e9t\u00e9 faite par Amnesty International devant le   Conseil des droits de l&rsquo;homme de l&rsquo;ONU pendant la premi\u00e8re session sp\u00e9ciale   consacr\u00e9e \u00e0 la crise alimentaire mondiale.   Monsieur le Pr\u00e9sident,   Amnesty International se r\u00e9jouit de la tenue de la premi\u00e8re session th\u00e9matique   sp\u00e9ciale du Conseil des droits de l&rsquo;homme sur la crise alimentaire dans le   monde.    Nous sommes persuad\u00e9s que cette crise constitue, du point de vue des droits   humains, une urgence mondiale, exacerb\u00e9e par la violation de ces droits,   notamment le droit \u00e0 une nourriture suffisante. Il est tr\u00e8s important que la   communaut\u00e9 internationale r\u00e9agisse rapidement afin de pr\u00e9venir les famines et   de mettre en \u00e9vidence les causes de l&rsquo;ins\u00e9curit\u00e9 alimentaire grandissante pour   mieux y rem\u00e9dier.    Nous rappelons au Conseil qu&rsquo;aujourd&rsquo;hui des millions de personnes connaissent   l&rsquo;ins\u00e9curit\u00e9 alimentaire et la faim en raison des violations de leurs droits   humains. L&rsquo;organisation dispose d&rsquo;informations probantes sur la discrimination   et les manipulations politiques qui accompagnent la distribution de nourriture,   sur les obstacles rencontr\u00e9s par les organisations humanitaires et sur   d&rsquo;autres violations qui sont responsables de la faim end\u00e9mique qui frappe de   nombreuses populations, notamment celles des territoires palestiniens occup\u00e9s   (et plus particuli\u00e8rement la bande de Gaza), du Myanmar, de la Cor\u00e9e du Nord,   de la Somalie, du Soudan (Darfour) et du Zimbabwe.   \u00c0 Gaza, la crise actuelle a encore aggrav\u00e9 les conditions de vie dramatiques   des quelque 1,5 million de Palestiniens \u00e0 la suite du blocus impos\u00e9 par les   Isra\u00e9liens ; ce blocus interdit l&rsquo;acc\u00e8s de la population \u00e0 la nourriture et \u00e0   d&rsquo;autres produits de premi\u00e8re n\u00e9cessit\u00e9, y compris les fournitures m\u00e9dicales   et l&rsquo;aide humanitaire.   Amnesty International tient aussi \u00e0 exprimer sa pr\u00e9occupation face aux   obstacles que le gouvernement du Myanmar dresse devant ceux qui tentent   d&rsquo;apporter une aide humanitaire aux centaines de milliers de personnes qui   sont menac\u00e9es par la famine et par des maladies mortelles apr\u00e8s le passage   d&rsquo;un cyclone d\u00e9vastateur. Depuis des ann\u00e9es, l&rsquo;organisation se fait l&rsquo;\u00e9cho de   l&rsquo;impact n\u00e9gatif qu&rsquo;ont les r\u00e9quisitions arbitraires de nourriture sur la   s\u00e9curit\u00e9 alimentaire ; elle est particuli\u00e8rement pr\u00e9occup\u00e9e aujourd&rsquo;hui par   les t\u00e9moignages r\u00e9cents qui soulignent que le pays continue d&rsquo;exporter du riz   alors qu&rsquo;une grande partie de la population est en train de mourir de faim.   Nous attirons aussi l&rsquo;attention du Conseil des droits de l&rsquo;homme sur une s\u00e9rie   d&rsquo;informations qui nous ont \u00e9t\u00e9 communiqu\u00e9es. Elles font \u00e9tat de violations   des droits humains, notamment d&rsquo;un recours excessif \u00e0 la force, par des \u00c9tats   qui doivent faire face \u00e0 des protestations, voire \u00e0 des \u00e9meutes de la faim, ou   qui sont interpell\u00e9s par des d\u00e9fenseurs des droits humains \u2013 par exemple au   Cameroun, en C\u00f4te d&rsquo;Ivoire, en Ha\u00efti, en \u00c9gypte et au S\u00e9n\u00e9gal. D&rsquo;autre part,   l\u00e0 o\u00f9 le stockage \u00ab sp\u00e9culatif \u00bb de la nourriture a de graves cons\u00e9quences,   l&rsquo;\u00c9tat se doit d&rsquo;intervenir, mais son action doit s&rsquo;inscrire dans le cadre   d\u00e9fini par les droits humains.    La pr\u00e9sente crise requiert une action concert\u00e9e de la part des \u00c9tats membres   de l&rsquo;ONU, s&rsquo;appuyant sur une coop\u00e9ration internationale accrue et plus   efficace, dans le respect du droit et des normes internationales en mati\u00e8re de   droits humains. L&rsquo;obligation qui est faite \u00e0 tous les \u00c9tats de coop\u00e9rer \u00e0   l&rsquo;\u00e9chelle internationale signifie que tous ceux qui le peuvent doivent fournir   une aide aux \u00c9tats qui en font la demande et qui, sans cette aide, seraient   dans l&rsquo;impossibilit\u00e9 de remplir l&rsquo;une de leurs \u00ab obligations minimums \u00bb :   prot\u00e9ger leur population contre la famine. Ils doivent aussi veiller \u00e0 ce que   leurs politiques n&#8217;empi\u00e8tent pas sur le droit des autres pays \u00e0 une nourriture   suffisante et doivent coop\u00e9rer afin de faciliter l&rsquo;acc\u00e8s \u00e0 la nourriture. Sur   le plan national, ils doivent respecter l&rsquo;obligation qui leur est faite de   v\u00e9rifier que la population dispose de nourriture en quantit\u00e9 suffisante pour   \u00e9chapper \u00e0 la faim, que cette nourriture est disponible et accessible, que la   priorit\u00e9 est donn\u00e9e aux plus faibles ; ils doivent aussi s&rsquo;engager \u00e0 demander   l&rsquo;aide internationale quand cela sera n\u00e9cessaire pour prot\u00e9ger la population   de la faim.    Nous soutenons l&rsquo;appel qui figure dans la d\u00e9claration commune du r\u00e9seau Food   First Information Network (FIAN) et qui est destin\u00e9 \u00e0 garantir que la   promotion et la protection des droits humains restera au centre des efforts   internationaux pour trouver une solution \u00e0 la crise.    Dans cette crise, le Conseil des droits de l&rsquo;homme a lui-m\u00eame un r\u00f4le   essentiel \u00e0 jouer. Gr\u00e2ce \u00e0 ses m\u00e9canismes, il peut contribuer \u00e0 faire en sorte   que les droits humains soient pris en compte dans la r\u00e9action \u00e0 la pr\u00e9sente   crise alimentaire et veiller \u00e0 ce que les violations qui sont \u00e0 l&rsquo;origine de   cette crise ne soient pas pass\u00e9es sous silence mais combattues.\u00a0    En cons\u00e9quence, Amnesty International exhorte le Conseil des droits de l&rsquo;homme   \u00e0 :   \u2022\u00a0\u00a0\u00a0 enqu\u00eater sur le r\u00f4le des politiques nationales et internationales ainsi   que des violations des droits humains, y compris le contr\u00f4le discriminatoire   ou politiquement motiv\u00e9 de l&rsquo;acc\u00e8s \u00e0 la nourriture, dans la cr\u00e9ation et   l&rsquo;accentuation de l&rsquo;ins\u00e9curit\u00e9 alimentaire dans certains pays ;   \u2022\u00a0\u00a0\u00a0 demander aux \u00c9tats de veiller \u00e0 ce que les droits humains soient   respect\u00e9s \u00e0 chaque \u00e9tape de la r\u00e9action \u00e0 la pr\u00e9sente crise alimentaire ;   \u2022\u00a0\u00a0\u00a0 demander aux \u00c9tats de veiller \u00e0 ce que la coop\u00e9ration et l&rsquo;aide   internationales soient proportionn\u00e9es \u00e0 la gravit\u00e9 de la crise et respectent   pleinement les droits humains ;    \u2022\u00a0\u00a0\u00a0 demander aux \u00c9tats de coop\u00e9rer pleinement avec le rapporteur sp\u00e9cial sur   le droit \u00e0 l&rsquo;alimentation, notamment en r\u00e9agissant rapidement et sans r\u00e9serve   \u00e0 ses appels urgents, communiqu\u00e9s ou demandes de visite, et en accueillant   favorablement ses recommandations ;   \u2022\u00a0\u00a0\u00a0 demander \u00e0 tous les \u00c9tats de faire en sorte que leur r\u00e9action face \u00e0 des   protestations ou des \u00e9meutes de la faim soit proportionn\u00e9e \u00e0 l&rsquo;\u00e9v\u00e9nement et   respecte les droits humains des protestataires, et que les all\u00e9gations de   violations de droits humains fassent rapidement l&rsquo;objet d&rsquo;enqu\u00eates   approfondies, sur la base d&rsquo;une proc\u00e9dure de type disciplinaire ou p\u00e9nal, en   fonction de la gravit\u00e9 des faits.   La tenue de cette session sp\u00e9ciale doit \u00eatre le point de d\u00e9part d&rsquo;un r\u00e9el   engagement de la part du Conseil des droits de l&rsquo;homme sur ce th\u00e8me.<\/div>\n<div> <strong><font>Amnesty International<\/font><\/strong> <\/p>\n<hr\/>\n<\/div>\n<div align=\"center\"> <strong><\/p>\n<p><font><font>AFP, le 6 juin 2008 \u00e0   14h19   <\/font>Alg\u00e9rie: six militaires tu\u00e9s et 4 bless\u00e9s dans un attentat (s\u00e9curit\u00e9)<\/font><\/p>\n<p><\/strong><\/div>\n<div>  \u00a0<\/div>\n<div> <font><strong>ALGER, 6 juin 2008 (AFP) &#8211;<\/strong><\/font> Six   militaires ont \u00e9t\u00e9 tu\u00e9s et quatre autres ont \u00e9t\u00e9 bless\u00e9s jeudi \u00e0 Cap Djinet,   pr\u00e8s de Dellys, \u00e0 l&rsquo;est d&rsquo;Alger, dans un attentat attribu\u00e9 \u00e0 un groupe   islamiste, a-t-on appris vendredi de sources s\u00e9curitaires locales.   Les militaires regagnaient leur caserne en revenant de la p\u00eacherie de cette   petite localit\u00e9 baln\u00e9aire, lorsque leur v\u00e9hicule a saut\u00e9 sur une bombe enfouie   dans la chauss\u00e9e, selon les m\u00eames sources.   Deux attentats simultan\u00e9s avaient \u00e9t\u00e9 perp\u00e9tr\u00e9s mercredi \u00e0 Bordj El Kiffan,   dans la banlieue est d&rsquo;Alger, entra\u00eenant la mort d&rsquo;un kamikaze et blessant six   personnes. L&rsquo;attaque, \u00e9galement attribu\u00e9e \u00e0 un groupe islamiste, visait une   caserne de la garde r\u00e9publicaine et un caf\u00e9 populaire du littoral.   Ces attentats n&rsquo;ont pas \u00e9t\u00e9 revendiqu\u00e9s. Les groupes arm\u00e9s islamistes restent   actifs dans cette r\u00e9gion situ\u00e9e aux confins de la Kabylie, qui leur sert de   zone de repli et de base arri\u00e8re.   Le dernier attentat dans cette r\u00e9gion a eu lieu le 5 mai, lorsque deux   officiers de l&rsquo;arm\u00e9e, un lieutenant et un capitaine, avaient \u00e9t\u00e9 tu\u00e9s et qu&rsquo;un   soldat avait \u00e9t\u00e9 bless\u00e9 dans l&rsquo;explosion d&rsquo;une bombe enfouie dans la chauss\u00e9e   au passage de leur patrouille \u00e0 Baghlia, \u00e0 45 km \u00e0 l&rsquo;est de Boumerdes.   Le 10 septembre 2007, un attentat suicide avait souffl\u00e9 la caserne des   gardes-c\u00f4tes de Dellys faisant 30 morts et une quarantaine de bless\u00e9s parmi   les militaires. Le kamikaze \u00e9tait un coll\u00e9gien de 15 ans, Nabil Belkacemi,   membre de la Branche d\u00a0\u00bbAl-Qa\u00efda au Maghreb (ex-GSPC, Groupe salafiste pour la   pr\u00e9dication et le combat), selon un communiqu\u00e9 de cette organisation de la   n\u00e9buleuse d&rsquo;Oussama Ben Laden. Il \u00e9tait   originaire d&rsquo;un quartier islamiste de la banlieue d&rsquo;Alger, Bachdjarah.   Par ailleurs, depuis janvier plusieurs dizaines d&rsquo;islamistes ont \u00e9t\u00e9 condamn\u00e9s   \u00e0 mort par contumace par le tribunal criminel de Boumerdes (50 km \u00e0 l&rsquo;est   d&rsquo;Alger), qui a acc\u00e9l\u00e9r\u00e9 les proc\u00e9dures pour liquider les dossiers en suspens.   Plus de 200 condamnations \u00e0 mort au total contre des islamistes en fuite ont   \u00e9t\u00e9 prononc\u00e9s depuis le d\u00e9but de 2008 par des tribunaux alg\u00e9riens \u00e0 travers le   territoire national, dont la puplart par le tribunal criminel de Boumerdes.   L&rsquo;Alg\u00e9rie a d\u00e9cr\u00e9t\u00e9 un moratoire sur l&rsquo;application de la peine capitale depuis   1993.      <font><strong>AFP <\/p>\n<hr\/>\n<p><\/strong><\/font><\/div>\n<div align=\"center\">\n<h5 style=\"color: blue;\"><font><strong>Tunisie : le foulard sous pression<\/strong><\/font><\/h5>\n<\/div>\n<div align=\"center\">  \u00a0<\/div>\n<div align=\"center\"> <font>\u00a0<\/font><\/div>\n<p><font><\/p>\n<div align=\"left\">\u00a0<\/div>\n<p><\/font><\/p>\n<div align=\"left\"> <font>6 juin 2008 &#8211; TUNIS &#8211; Emancip\u00e9es, les femmes tunisiennes   appr\u00e9cient aussi de plus de se couvrir d\u2019un foulard color\u00e9. Une recherche   identitaire que le pouvoir n\u2019appr\u00e9cie gu\u00e8re.       Foulard assorti au sac \u00e0 main, longue jupe pr\u00e8s du corps, les Tunisiennes sont   de plus en plus nombreuses \u00e0 arborer le hijab, le foulard islamique qui,   longtemps noir et blanc, a gagn\u00e9 en couleurs. \u00ab\u00a0Je suis voil\u00e9e tout en ayant   une tenue moderne et je suis bien int\u00e9gr\u00e9e dans mon travail\u00a0\u00bb, affirme Imen, 24   ans, animatrice dans une radio. Les stylistes ont concoct\u00e9 des mod\u00e8les qui   respectent les pr\u00e9ceptes de l\u2019islam tout en y apportant une touche de   modernit\u00e9. \u00ab\u00a0Les voil\u00e9es ne veulent pas seulement exister, mais aussi \u00eatre vues\u00a0\u00bb,   analyse le sociologue Khalil Zommitti. Ph\u00e9nom\u00e8ne de mode qui permet aux femmes   de ne plus devoir choisir entre modernit\u00e9 et tradition, le \u00ab\u00a0nouveau\u00a0\u00bb hijab est   aussi le fruit de l\u2019influence grandissante des cha\u00eenes religieuses.   Accessibles via le satellite, elles pr\u00eachent souvent un islam radical et   insistent sur l\u2019obligation de porter le voile. Cinquante ans apr\u00e8s la   promulgation du Code du statut personnel qui a \u00e9mancip\u00e9 la femme tunisienne,   le foulard fait un retour en force. \u00ab\u00a0C\u2019est un ph\u00e9nom\u00e8ne de reconnaissance   identitaire chez les femmes tunisiennes qui sont \u00e0 la recherche de rep\u00e8res. Le   foulard en est un\u00a0\u00bb, estime Khalil Zommitti.      <\/font><strong><font>La chasse au voile<\/font> <\/strong><font>Le pouvoir tunisien n\u2019est pas rest\u00e9 indiff\u00e9rent   \u00e0 cette tendance. \u00ab\u00a0On m\u2019a menac\u00e9e, ainsi que ma famille. La police m\u2019a   interpell\u00e9e trois fois pour port du foulard islamique\u00a0\u00bb, confie Amel, une   \u00e9tudiante de 22 ans. A Tunis, les femmes voil\u00e9es sont r\u00e9guli\u00e8rement inqui\u00e9t\u00e9es   par la police. Des lyc\u00e9ennes et des \u00e9tudiantes qui ont fait ce choix n\u2019ont pas   le droit d\u2019assister aux cours, voire de passer leurs examens. Interpell\u00e9es   dans la rue, elles sont parfois forc\u00e9es de signer un engagement \u00e0 ne plus   porter le hijab, sur la base d\u2019un d\u00e9cret, promulgu\u00e9 en 1981 sous l\u2019ancien   pr\u00e9sident, Habib Bourguiba ; et remis en application en octobre 2006. Ce   d\u00e9cret du minist\u00e8re de l\u2019Int\u00e9rieur consid\u00e8re le foulard comme \u00ab\u00a0un habit   sectaire\u00a0\u00bb. En foi de quoi les autorit\u00e9s ont lanc\u00e9 depuis une ann\u00e9e une   vigoureuse campagne contre les habitudes vestimentaires \u00ab\u00a0d\u2019inspiration   sectaire import\u00e9es de l\u2019ext\u00e9rieur\u00a0\u00bb. Dans la pratique, ces termes visent   principalement les v\u00eatements islamiques. Les autorit\u00e9s tunisiennes voient dans   cet affichage de signes religieux une menace pour une R\u00e9publique qui s\u2019est   toujours voulue la\u00efque, et une d\u00e9rive int\u00e9griste de la part des courants   islamistes, \u00e9touff\u00e9s par une dure r\u00e9pression du pouvoir depuis des d\u00e9cennies   et particuli\u00e8rement depuis les ann\u00e9es 90. \u00ab\u00a0Si nous acceptons aujourd\u2019hui le   port du hijab, nous serons amen\u00e9s demain \u00e0 accepter que le droit de la femme   au travail, au vote et \u00e0 l\u2019enseignement lui soit d\u00e9ni\u00e9\u00a0\u00bb, a d\u00e9clar\u00e9 H\u00e9di   M\u2019henni, le secr\u00e9taire g\u00e9n\u00e9ral du Rassemblement constitutionnel d\u00e9mocratique,   le parti au pouvoir.      <\/font><strong><font>Le foulard divise   <\/font> <\/strong><font>La soci\u00e9t\u00e9 civile, loin d\u2019\u00eatre unanime sur   cette question, commente la r\u00e9action des autorit\u00e9s. \u00ab\u00a0Le foulard prend place   dans un syst\u00e8me qui favorise l\u2019inf\u00e9riorit\u00e9 de la femme. C\u2019est un signe de   discrimination. Reste qu\u2019il ne faut pas combattre cela par une d\u00e9rive   s\u00e9curitaire\u00a0\u00bb, affirme Salah Zghidi, de l\u2019Association tunisienne pour la   d\u00e9fense de la la\u00efcit\u00e9. \u00ab\u00a0Que ce soit un ph\u00e9nom\u00e8ne de mode ou un regain de   religiosit\u00e9, le ph\u00e9nom\u00e8ne interpelle. Pour nous, c\u2019est une forme de r\u00e9gression\u00a0\u00bb,   estime Khadija Cherif, secr\u00e9taire g\u00e9n\u00e9rale de l\u2019Association tunisienne des   femmes d\u00e9mocrates. A l\u2019inverse, le Comit\u00e9 de d\u00e9fense du hijab, cr\u00e9\u00e9 d\u00e9but   2007, d\u00e9fend l\u2019id\u00e9e d\u2019un Etat en harmonie avec une nation de culture musulmane.   Le comit\u00e9 recense les cas de filles harcel\u00e9es o\u00f9 \u00e0 qui des policiers ont   arrach\u00e9 leur foulard et appelle les victimes \u00e0 se pourvoir en justice. En   octobre 2007, un tribunal a ainsi donn\u00e9 raison \u00e0 une enseignante qui   contestait son renvoi d\u2019un \u00e9tablissement pour port du voile, d\u00e9clarant le   d\u00e9cret de 2006 inconstitutionnel. Consid\u00e9r\u00e9e comme un recul face \u00e0   l\u2019int\u00e9grisme par les la\u00efcs, cette d\u00e9cision a \u00e9t\u00e9 salu\u00e9e par les islamistes et   a suscit\u00e9 la r\u00e9action des autorit\u00e9s : un autre d\u00e9cret \u00e9manant du minist\u00e8re de   l\u2019Enseignement interdit d\u00e9sormais le voile dans les \u00e9tablissements scolaires.      <\/font> <strong>(Source: InfoSud\u00a0 le 06 juin 2008) <\/p>\n<hr\/>\n<p><\/strong><\/div>\n<div>  \u00a0<\/div>\n<div>\n<div align=\"center\">\n<h6 style=\"color: blue;\"><font><strong>Union pour la M\u00e9diterran\u00e9e: les pays arabes     veulent des \u00ab\u00a0clarifications\u00a0\u00bb<\/strong><\/font><\/h6>\n<\/div>\n<div align=\"justify\">    \u00a0<\/div>\n<div align=\"justify\">    AFP, le 6 juin 2008 \u00e0 20h02     Par Abdellah CHABALLAH          Les pays arabes ont demand\u00e9 des \u00ab\u00a0clarifications\u00a0\u00bb sur la participation     d&rsquo;Isra\u00ebl \u00e0 l&rsquo;Union pour la M\u00e9diterran\u00e9e (UPM) et l&rsquo;Alg\u00e9rie a r\u00e9serv\u00e9 son     adh\u00e9sion au projet, vendredi au cours d&rsquo;un Forum des pays de la M\u00e9diterran\u00e9e     (Formed) \u00e0 Alger, a d\u00e9clar\u00e9 le chef de la diplomatie alg\u00e9rienne.          Les pays arabes ont demand\u00e9 au cours de ce Forum des \u00ab\u00a0clarifications sur les     cons\u00e9quences\u00a0\u00bb de l&rsquo;entr\u00e9e d&rsquo;Isra\u00ebl dans l&rsquo;UPM, un projet de partenariat     entre les rives Nord et Sud de la M\u00e9diterran\u00e9e, a indiqu\u00e9 le ministre     alg\u00e9rien des Affaires \u00e9trang\u00e8res, Mourad Medelci, sans toutefois pr\u00e9ciser de     quels pays il s&rsquo;agissait.          \u00a0     Organis\u00e9 avant la proclamation de l&rsquo;UPM pr\u00e9vue le 13 juillet \u00e0 Paris, le     Formed rassemblait onze pays des rives Nord et Sud de la M\u00e9diterran\u00e9e, ainsi     que la Slov\u00e9nie qui assure la pr\u00e9sidence semestrielle de l&rsquo;Union Europ\u00e9enne     (UE) et la Libye en qualit\u00e9 de pr\u00e9sidente de l&rsquo;Union du Maghreb arabe (UMA).     La France et l&rsquo;Espagne y \u00e9taient repr\u00e9sent\u00e9es par leur ministre des Affaires     \u00e9trang\u00e8res respectifs Bernard Kouchner et Miguel Moratinos.          En visite \u00e0 Ath\u00e8nes, le pr\u00e9sident fran\u00e7ais Nicolas Sarkozy a affirm\u00e9     vendredi que la pr\u00e9sence dans l&rsquo;UPM ne posait \u00ab\u00a0pas de probl\u00e8me\u00a0\u00bb \u00e0 des pays     arabes comme l&rsquo;Egypte, la Tunisie et le Maroc.          \u00ab\u00a0Ce n&rsquo;est pas l&rsquo;UPM qui doit faire la normalisation (des relations) entre     Isra\u00ebl et les pays arabes, \u00e0 laquelle n&rsquo;\u00e9tait pas parvenu le processus de     Barcelone\u00a0\u00bb de 1995, liant l&rsquo;Union europ\u00e9enne (UE) \u00e0 cinq pays du sud de la     M\u00e9diterran\u00e9e, a ajout\u00e9 M. Medelci \u00e0 l&rsquo;issue du Formed.          \u00ab\u00a0Le processus de normalisation avec Isra\u00ebl, selon lui, rel\u00e8ve d&rsquo;un autre     d\u00e9bat\u00a0\u00bb parmi les pays arabes, qui ont vot\u00e9 \u00e0 Beyrouth en 2002 une r\u00e9solution     r\u00e9clamant l&rsquo;\u00e9vacuation par l&rsquo;Etat h\u00e9breu des territoires palestiniens     occup\u00e9s en 1967 contre la normalisation de leurs relations avec lui et la     cr\u00e9ation d&rsquo;un Etat palestinien. Cette r\u00e9solution a \u00e9t\u00e9 confirm\u00e9e par le     dernier sommet arabe de Ryad.          M. Medelci a d&rsquo;autre part soulign\u00e9 que les pays membres de la future UPM     n&rsquo;ayant pas de relations avec Isra\u00ebl ne devaient \u00ab\u00a0pas \u00eatre contraints de     participer \u00e0 des projets communs\u00a0\u00bb avec cet Etat au sein de l&rsquo;UPM.          Parmi les \u00ab\u00a0r\u00e9serves\u00a0\u00bb cit\u00e9es par le ministre alg\u00e9rien, figurent notamment le     financement des organes de l&rsquo;UPM et leur si\u00e8ge.          L&rsquo;Alg\u00e9rie, dont le pr\u00e9sident Sarkozy veut faire un \u00ab\u00a0partenaire majeur\u00a0\u00bb de ce     projet, a indiqu\u00e9 qu&rsquo;elle n&rsquo;annoncerait pas sa participation au sommet de     Paris, avant d&rsquo;avoir obtenu les \u00ab\u00a0clarifications\u00a0\u00bb, qu&rsquo;elle demande depuis le     lancement de cette initiative il y a plus de trois mois, concernant \u00ab\u00a0le     contenu du projet d&rsquo;UPM\u00a0\u00bb, a-t-il dit.          M. Medelci a cependant temp\u00e9r\u00e9 sa d\u00e9claration en affirmant que cette     position \u00ab\u00a0ne doit pas \u00eatre interpr\u00e9t\u00e9e comme une r\u00e9serve sur le projet du     pr\u00e9sident Sarkozy\u00a0\u00bb.          \u00ab\u00a0Un projet d&rsquo;une telle envergure ne peut \u00eatre accept\u00e9 totalement du premier     coup\u00a0\u00bb, a soulign\u00e9 M. Medelci.          Il a indiqu\u00e9 que les participants du Formed avaient approuv\u00e9 par consensus     la cr\u00e9ation d&rsquo;une co-pr\u00e9sidence de l&rsquo;Union qui serait assur\u00e9e par un pays du     Sud &#8212; qu&rsquo;il n&rsquo;a pas cit\u00e9 &#8212; \u00e0 c\u00f4t\u00e9 d&rsquo;un pays du Nord.          Ils ont approuv\u00e9 aussi la cr\u00e9ation d&rsquo;un secr\u00e9tariat g\u00e9n\u00e9ral \u00ab\u00a0paritaire\u00a0\u00bb et     d&rsquo;un \u00ab\u00a0comit\u00e9 paritaire d&rsquo;ambassadeurs\u00a0\u00bb, dont les si\u00e8ges doivent \u00eatre fix\u00e9s     ult\u00e9rieurement, selon le ministre.          Alger avait r\u00e9agi avec agacement \u00e0 des informations de presse selon     lesquelles la co-pr\u00e9sidence de l&rsquo;Union reviendrait \u00e0 l&rsquo;Egypte et le si\u00e8ge du     secr\u00e9tariat install\u00e9 en Tunisie et le secr\u00e9tariat g\u00e9n\u00e9ral confi\u00e9 \u00e0 un     Marocain.          Paris s&rsquo;\u00e9tait empress\u00e9e de d\u00e9mentir ces informations qualifi\u00e9s de \u00ab\u00a0rumeurs\u00a0\u00bb,     par la ministre fran\u00e7aise de l&rsquo;Int\u00e9rieur Mich\u00e8le Alliot-Marie lors d&rsquo;une     visite d\u00e9but mai \u00e0 Alger.          <strong><font>\u00a9 2008 AFP<\/font><\/strong> \u00a0<\/div>\n<div align=\"justify\">    \u00a0<\/div>\n<\/div>\n<div>\n<hr\/>\n<\/div>\n<div align=\"center\"> <strong><\/p>\n<p><font><font>AFP, le 6 juin 2008 \u00e0   14h50   <\/font>Les pays arabes demandent \u00ab\u00a0clarifications\u00a0\u00bb sur pr\u00e9sence d&rsquo;Isra\u00ebl dans   l&rsquo;UPM<\/font><\/p>\n<p><\/strong><\/div>\n<div>  \u00a0<\/div>\n<div> <strong><font>ALGER, 6 juin 2008 (AFP)<\/font><\/strong> &#8211; Les   pays arabes ont demand\u00e9 des \u00ab\u00a0clarifications sur les cons\u00e9quences\u00a0\u00bb de l&rsquo;entr\u00e9e   d&rsquo;Isra\u00ebl dans l&rsquo;Union pour la M\u00e9diterran\u00e9e (UPM), qui doit \u00eatre proclam\u00e9e le   13 juillet \u00e0 Paris, a annonc\u00e9 vendredi le ministre alg\u00e9rien des Affaires   \u00e9trang\u00e8res \u00e0 l&rsquo;issue du Forum des pays de la M\u00e9diterran\u00e9e. \u00ab\u00a0Parmi les points \u00e0   clarifier, il y a les cons\u00e9quences de la pr\u00e9sence d&rsquo;Isra\u00ebl au sein de l&rsquo;UPM\u00a0\u00bb,   demand\u00e9e par les pays arabes, a d\u00e9clar\u00e9 le ministre Mourad Medelci.   \u00ab\u00a0Ce n&rsquo;est pas l&rsquo;UPM qui doit faire la normalisation (des relations) entre   Isra\u00ebl et les pays arabes, \u00e0 laquelle n&rsquo;\u00e9tait pas parvenu le processus de   Barcelone\u00a0\u00bb de 1995, liant l&rsquo;Union europ\u00e9enne (UE) \u00e0 cinq pays du sud de la   M\u00e9diterran\u00e9e, a-t-il dit.   \u00ab\u00a0Le processus de normalisation avec Isra\u00ebl rel\u00e8ve d&rsquo;un autre d\u00e9bat\u00a0\u00bb parmi les   pays arabes, qui ont vot\u00e9 \u00e0 Beyrouth en 2002 une r\u00e9solution r\u00e9clamant   l&rsquo;\u00e9vacuation par l&rsquo;Etat h\u00e9breu des territoires palestiniens occup\u00e9s en 1967   contre la normalisation de leurs relations avec lui. Cette r\u00e9solution a \u00e9t\u00e9   confirm\u00e9e par le dernier sommet arabe de Ryad (Arabe Saoudite). M. Medelci a   par ailleurs soulign\u00e9 que les pays membres de la   future UPM n&rsquo;ayant pas de relations avec Isra\u00ebl ne devaient \u00ab\u00a0pas \u00eatre   contraints de participer \u00e0 des projets communs\u00a0\u00bb avec cet Etat au sein de l&rsquo;UPM.      <font><strong>AFP<\/strong><\/font><\/div>\n<div>\n<hr\/>\n<\/div>\n<div align=\"center\"> <strong><\/p>\n<p><font><font>AFP, le 5 juin 2008 \u00e0   17h49   <\/font>Turquie: la justice dit \u00ab\u00a0non\u00a0\u00bb au voile \u00e0 l&rsquo;Universit\u00e9, coup dur pour   l&rsquo;AKP<\/font><\/p>\n<p><\/strong><\/div>\n<div>  \u00a0<\/div>\n<div> <font><strong>Par Burak AKINCI   <\/strong><\/font>   ANKARA, 5 juin 2008 (AFP) &#8211; La Cour constitutionnelle de Turquie s&rsquo;est   prononc\u00e9e jeudi contre le port du foulard islamique sur le campus   universitaire, un verdict crucial qui pourrait pr\u00e9figurer une interdiction du   parti islamo-conservateur au pouvoir qui l&rsquo;avait d\u00e9fendu malgr\u00e9 les critiques.      Les onze juges ont d\u00e9lib\u00e9r\u00e9 pendant pr\u00e8s de sept heures sur une requ\u00eate de   l&rsquo;opposition la\u00efque et ont annul\u00e9 un amendement tr\u00e8s controvers\u00e9 \u00e0 la loi   fondamentale adopt\u00e9e en f\u00e9vrier \u00e0 l&rsquo;Assembl\u00e9e nationale, autorisant le port du   foulard dans les \u00e9tablissements universitaires.      Selon un cour communiqu\u00e9 \u00e9manant de la Cour, l&rsquo;amendement est jug\u00e9 contraire   aux articles de la loi fondamentale mentionnant le caract\u00e8re la\u00efc de la   R\u00e9publique de Turquie et qui sont non-amendables.      Ce jugement constitue le pire sc\u00e9nario pour le Parti de la justice et du   d\u00e9veloppement (AKP, issu de la mouvance islamiste), au pouvoir depuis 2002,   qui a fait passer l&rsquo;amendement en f\u00e9vrier car mil pourrait pr\u00e9figurer une   dissolution de cette formation qui a divis\u00e9 la soci\u00e9t\u00e9 turque en autorisant le   port du voile dans les facult\u00e9s au grand dam du camps la\u00efc.      Un porte-parole de l&rsquo;AKP a estim\u00e9 le verdict \u00ab\u00a0contraire \u00e0 la constitution\u00a0\u00bb,   arguant que les juges ne peuvent que se prononcer sur la forme d&rsquo;un amendement,   laissant entendre une d\u00e9cision politique plut\u00f4t que juridique.      \u00ab\u00a0La Cour a outrepass\u00e9 ses fonctions (&#8230;) le Parlement n&rsquo;aura donc plus le   pouvoir de proc\u00e9der \u00e0 des changements constitutionnels\u00a0\u00bb, a affirm\u00e9 Bekir   Bozdag, vice-pr\u00e9sident du groupe parlementaire de l&rsquo;AKP sur la cha\u00eene   d&rsquo;information NTV.      Les m\u00eames juges doivent se prononcer dans les mois \u00e0 venir sur une proc\u00e9dure   s\u00e9par\u00e9e, celle sur une interdiction de l&rsquo;AKP, au pouvoir depuis 2002, pour   activit\u00e9s contraires \u00e0 la la\u00efcit\u00e9 en Turquie, pays musulman mais au r\u00e9gime   la\u00efc.      L&rsquo;amendement sur le port du voile sur les campus est l&rsquo;un des principaux   arguments du procureur de la Cour de cassation qui a r\u00e9clam\u00e9 en mars   l&rsquo;interdiction de l&rsquo;AKP et le bannissement de politique pour cinq ans pour 71   de ses membres, dont le Premier ministre Recep Tayyip Erdogan.      \u00ab\u00a0Ce verdict aura un impact psychologique sur la proc\u00e9dure d&rsquo;interdiction,   c&rsquo;est s\u00fbr\u00a0\u00bb, a estim\u00e9 l&rsquo;analyste politique et journaliste Rusen Cakir sur NTV.      Pour ce commentateur l&rsquo;AKP a \u00ab\u00a0mal g\u00e9r\u00e9\u00a0\u00bb l&rsquo;affaire et s&rsquo;est embourb\u00e9 dans une   crise politique qui pourrait le faire interdire. En faisant adopter   l&rsquo;amendement au Parlement, l&rsquo;AKP s&rsquo;\u00e9tait d\u00e9fendu en faisant valoir que   l&rsquo;interdiction du voile contrevenait \u00e0 la libert\u00e9 de conscience et au droit \u00e0   l&rsquo;\u00e9ducation.      La Cour s&rsquo;\u00e9tait d\u00e9j\u00e0 prononc\u00e9e \u00e0 deux reprises dans le pass\u00e9 contre le port du   voile dans les universit\u00e9s.      L&rsquo;interdiction de se couvrir la t\u00eate sur le campus avait aussi \u00e9t\u00e9 maintenue   par le Conseil d&rsquo;Etat turc et la Cour europ\u00e9enne des droits de l&rsquo;Homme (CEDH).      Malgr\u00e9 l&rsquo;amendement, la grande majorit\u00e9 des universit\u00e9s ont maintenu   l&rsquo;interdiction, jugeant que le parlement devait adopter en outre une   r\u00e9glementation d\u00e9taillant le code vestimentaire autoris\u00e9. La question du voile   divise depuis plus de deux d\u00e9cennies la Turquie.      Le foulard le plus fr\u00e9quent en Turquie est le fichu traditionnel nou\u00e9 sous le   menton et port\u00e9 surtout dans les campagnes. Aux yeux de la population, ce   voile incarne la Turquie profonde et traditionnelle et exprime moins un acte   politique qu&rsquo;un attachement aux coutumes.      Le voile musulman, le hidjab, qui couvre toute la t\u00eate, a une signification et   une implication bien diff\u00e9rentes, montrant une appartenance \u00e0 la foi musulmane.      Les forces du camp la\u00efc, en premier lieu l&rsquo;arm\u00e9e, les juges et les   universitaires, s&rsquo;opposaient \u00e0 cette r\u00e9vision dont ils redoutaient qu&rsquo;elle   n&rsquo;entra\u00eene une l\u00e9galisation du voile dans les administrations et les coll\u00e8ges   et lyc\u00e9es o\u00f9 il reste interdit. Ils redoutent aussi un renforcement des   pressions sociales et religieuses sur les femmes pour qu&rsquo;elles portent le   foulard.      <strong><font>AFP<\/font><\/strong><\/div>\n<div>\n<hr\/>\n<\/div>\n<div align=\"center\"> <strong><\/p>\n<h6 style=\"color: blue;\"><font><font>Reuters, le 5 juin 2008 \u00e0   17h09   <\/font>Turquie &#8211; La r\u00e9forme du foulard jug\u00e9e inconstitutionnelle<\/font><\/h6>\n<p><\/strong><\/div>\n<div>  \u00a0<\/div>\n<div> <font><strong>par Hidir Goktas   <\/strong><\/font>   ANKARA, 5 juin (Reuters) &#8211; La Cour constitutionnelle turque a annul\u00e9 jeudi la   r\u00e9forme autorisant le port du foulard islamique dans les universit\u00e9s,   infligeant un s\u00e9rieux revers au Parti pour la justice et le d\u00e9veloppement (AKP)   au pouvoir, d\u00e9j\u00e0 menac\u00e9 de dissolution pour atteinte au principe de la\u00efcit\u00e9.   La Cour indique dans un communiqu\u00e9 avoir jug\u00e9 recevable le recours d&rsquo;une   formation d&rsquo;opposition contre l&rsquo;amendement autorisant le port du foulard vot\u00e9   en f\u00e9vrier par le parlement domin\u00e9 par le parti islamiste mod\u00e9r\u00e9. La plus   haute instance judiciaire du pays a jug\u00e9 que cette r\u00e9forme \u00e9tait contraire aux   principes de la\u00efcit\u00e9 inscrit dans la Constitution. Ce jugement devrait appuyer,   selon les commentateurs, les partisans de la dissolution de l&rsquo;AKP pour   activit\u00e9s anti-la\u00efques.   Soixante et onze membres du parti, dont le Premier ministre Tayyip Ergodan et   le pr\u00e9sident Abdullah G\u00fcl, sont \u00e9galement vis\u00e9s par la proc\u00e9dure qui pourrait   leur interdire toute appartenance \u00e0 un parti politique pendant cinq ann\u00e9es.   Le vice-Premier ministre Cemil Cicek a d\u00e9clar\u00e9, selon CNN T\u00fcrk, qu&rsquo;il ne   ferait pas de commentaire avant d&rsquo;avoir lu le jugement en d\u00e9tail. \u00ab\u00a0Nous devons   conna\u00eetre les arguments justifiant cette d\u00e9cision\u00a0\u00bb, a d\u00e9clar\u00e9 Cicek, qui est   \u00e9galement le porte-parole du gouvernement.   La lev\u00e9e de l&rsquo;interdiction du port du foulard dans les universit\u00e9s constituait   l&rsquo;une des r\u00e9formes les plus importantes sur le plan des questions religieuses   en Turquie, pays \u00e0 majorit\u00e9 musulmane dont les principes la\u00efques sont   farouchement d\u00e9fendus par l&rsquo;arm\u00e9e, les juges et les recteurs d&rsquo;universit\u00e9.   L&rsquo;AKP a justifi\u00e9 sa r\u00e9forme en estimant que le port du foulard \u00e9tait une   question de libert\u00e9 individuelle et religieuse.       <font><strong>REUTERS <\/p>\n<hr\/>\n<p><\/strong><\/font><\/div>\n<div> <font> <\/p>\n<div align=\"center\">\n<h6 style=\"color: blue;\"><font><strong>En Turquie, l&rsquo;AKP passe \u00e0 la contre-attaque     sur le foulard<\/strong><\/font><\/h6>\n<\/div>\n<div align=\"justify\">    \u00a0<\/div>\n<div align=\"justify\"> <font><strong>Reuters &#8211; 20\/NaN\/6-06 \u00e0 22:24:00 &#8211;      <\/strong><\/font>Par Selcuk Gokoluk     <font>ANKARA (Reuters) &#8211; L&rsquo;AKP, parti au pouvoir depuis six     ans en Turquie, a estim\u00e9 vendredi soir au terme d&rsquo;une longue r\u00e9union que la     Cour constitutionnelle avait viol\u00e9 la Constitution en invalidant la r\u00e9forme     qui levait l&rsquo;interdiction de porter le foulard islamique dans les     universit\u00e9s.     Dengir Mir Mehmet Firat, vice-pr\u00e9sident de l&rsquo;AKP, a d\u00e9clar\u00e9 \u00e0 la presse \u00e0     l&rsquo;issue d&rsquo;une r\u00e9union extraordinaire de six heures de la direction du parti,     pr\u00e9sid\u00e9e par le Premier ministre Recep Tayyip Erdogan, que la Cour     constitutionnelle n&rsquo;\u00e9tait habilit\u00e9e qu&rsquo;\u00e0 examiner les questions de proc\u00e9dure     d&rsquo;adoption des lois par le parlement et ne pouvait pas se prononcer sur leur     contenu.     \u00ab\u00a0La d\u00e9cision de la Cour constitutionnelle repr\u00e9sente une ing\u00e9rence directe     dans le travail du pouvoir l\u00e9gislatif et une violation flagrante du principe     de s\u00e9paration des pouvoirs\u00a0\u00bb, a estim\u00e9 le vice-pr\u00e9sident de l&rsquo;AKP.     Firat a refus\u00e9 d&rsquo;\u00e9voquer les prochaines mesures que prendrait l&rsquo;AKP, mais a     indiqu\u00e9 qu&rsquo;Erdogan comptait s&rsquo;exprimer mardi prochain. La possibilit\u00e9 de     l\u00e9gislatives anticip\u00e9es n&rsquo;a pas \u00e9t\u00e9 \u00e9voqu\u00e9e au cours de la r\u00e9union, a-t-il     assur\u00e9.     L&rsquo;invalidation de la loi par la Cour constitutionnelle est un revers majeur     inflig\u00e9 \u00e0 l&rsquo;AKP, issu de la mouvance islamiste et menac\u00e9 de dissolution pour     atteinte au principe de la\u00efcit\u00e9.     Pour soutenir le parti au pouvoir, des centaines de femmes voil\u00e9es ont     manifest\u00e9 apr\u00e8s les pri\u00e8res du vendredi \u00e0 Istanbul ainsi qu&rsquo;\u00e0 Diyarbakir,     dans le sud-est du pays.     \u00ab\u00a0Maudits soient ceux qui sont derri\u00e8re les juges (&#8230;) Allah est le plus     grand\u00a0\u00bb, scandaient les manifestantes \u00e0 Istanbul.     Selon de r\u00e9cents sondages, les deux tiers des femmes turques portent d&rsquo;une     fa\u00e7on ou d&rsquo;une autre une forme de voile et la m\u00eame proportion est favorable     \u00e0 la lev\u00e9e de son interdiction pour les \u00e9tudiantes.     UNE VICTOIRE DU CAMP LA\u00cfQUE     Cette question du voile joue un r\u00f4le central dans la tentative de dissoudre     l&rsquo;AKP pour men\u00e9es antila\u00efques et de suspendre pour cinq ans de la vie     politique 71 de ses membres, dont le chef de l&rsquo;Etat Abdullah G\u00fcl et le     Premier ministre.     La Cour constitutionnelle doit se prononcer dans les mois qui viennent sur     la dissolution de l&rsquo;AKP. Plusieurs dirigeants du parti pensent qu&rsquo;elle     d\u00e9cidera effectivement l&rsquo;interdiction et ils se pr\u00e9parent d\u00e9j\u00e0 \u00e0 cr\u00e9er une     nouvelle formation.     La Cour constitutionnelle, la plus haute instance judiciaire du pays, a     annul\u00e9 jeudi la r\u00e9forme autorisant le port du foulard islamique dans les     universit\u00e9s. Elle a jug\u00e9 que le projet de loi pr\u00e9sent\u00e9 par l&rsquo;AKP entrait en     contradiction avec trois articles de la constitution turque, dont l&rsquo;un     d&rsquo;entre eux sp\u00e9cifie que la Turquie est une r\u00e9publique la\u00efque.     Le d\u00e9saveu de cette r\u00e9forme sonne comme une victoire pour l&rsquo;opposition     la\u00efque, qui accuse le parti d&rsquo;Erdogan de suivre un calendrier secret dans le     but d&rsquo;introduire un syst\u00e8me de lois islamiques.     L&rsquo;AKP a toujours r\u00e9fut\u00e9 ces all\u00e9gations et met en avant son bilan en mati\u00e8re     de r\u00e9formes sociales, ainsi que sa volont\u00e9 affich\u00e9e ces derni\u00e8res ann\u00e9es     d&rsquo;adh\u00e9rer \u00e0 l&rsquo;Union europ\u00e9enne.     Le camp la\u00efque, avec \u00e0 sa pointe l&rsquo;arm\u00e9e, les juges et les recteurs     d&rsquo;universit\u00e9, a salu\u00e9 l&rsquo;abandon de cette r\u00e9forme.     \u00ab\u00a0Si la Turquie est un Etat d\u00e9mocratique, la\u00efque, nous devons respecter les     d\u00e9cisions (de la Cour constitutionnelle)\u00a0\u00bb, a d\u00e9clar\u00e9 le g\u00e9n\u00e9ral Yasar     Buyukanit.     Avec Thomas Grove \u00e0 Istanbul, version fran\u00e7aise Jean-Loup Fi\u00e9vet, Guy     Kerivel et Eric Faye<\/font><\/div>\n<div align=\"justify\"> <strong><\/p>\n<hr\/>\n<p><\/strong> <\/div>\n<div align=\"center\">\n<h6 style=\"color: blue;\"><font><strong>Turkish ruling party condemns headscarf ruling<\/strong><\/font><\/h6>\n<\/div>\n<div align=\"justify\">    \u00a0<\/div>\n<div align=\"justify\"> <strong>Fri Jun 6, 2008 9:19pm BST     By Selcuk Gokoluk     <\/strong><font>ANKARA (Reuters) &#8211; Turkey&rsquo;s ruling AK Party     accused the country&rsquo;s top court on Friday of violating the constitution by     overturning a government-led reform that lifted a ban on Muslim headscarves     at universities.     Thursday&rsquo;s Constitutional Court ruling was the most serious setback for the     Islamist-rooted AK Party since it came to power in 2002. It increased the     likelihood courts would, in a separate case pending, ban the party on     charges of Islamist subversion and bar the prime minister and president from     party activity.     \u00ab\u00a0The Constitutional Court decision is direct interference in parliament&rsquo;s     legislative power and this is an open violation of the principle of     separation of powers,\u00a0\u00bb AK Party deputy chairman Dengir Mir Mehmet Firat told     reporters after a 6-hour emergency meeting of top party members.     The secularist establishment, including army generals and judges, suspects     the AK Party of harbouring a hidden Islamist agenda. The Party, which     embraces nationalists, market liberals and centre-right politicians as well     as religious conservatives, denies such accusations.     Mustafa Unal, a columnist for religious-leaning daily Zaman, wrote: \u00ab\u00a0This     verdict will affect the closure case negatively.\u00a0\u00bb     The Constitutional Court &#8212; whose rulings cannot be appealed &#8212; is expected     to rule on the separate AK Party closure case in the coming months; but if     the party feels it has been boxed in, it may make a preemptive move,     analysts said.     Firat declined to comment on the party&rsquo;s next move except to say Prime     Minister Tayyip Erdogan would speak on Tuesday. Firat said the party     executives had not discussed early elections.     The political uncertainty sent the lira currency more than 1 percent lower     against the dollar, hit stocks as well as bonds.     Analysts fear reforms in the European Union candidate country will be put on     hold as the AK Party fights for survival.     NEXT MOVE?     Analysts expect the AK Party to be outlawed, although some say the court     could decide only to punish AK Party leaders, given that forming a new party     would be easy under Turkish electoral law.     Senior AK Party members told Reuters recently the party had begun to believe     it would be closed and Erdogan banned from politics for up to five years.     The sources, who declined to be named, said party members had begun planning     to create a new party.     Turkey has a history of banning political parties and the AK Party&rsquo;s     predecessor was banned in 2001 for Islamist activities.     The courts and the military see themselves as guardians of a strict     separation of religion and politics, which is rooted in the foundation of     the modern state in the 1920s from the ruins of the dismembered Ottoman     Empire.     The party denies charges of Islamist activities, which it regards as an     attempt by arch-secularist opponents to dislodge a government with a large     parliamentary majority and a leader, Erdogan, who enjoys broad popular     support.     The headscarf reform has rekindled a decades-long dispute over the role of     Islam in a country of 70 million that is officially secular but     predominantly Muslim and has yet to reconcile the two sides.<\/font><\/div>\n<div>    \u00a0<\/div>\n<p> <\/font><\/div>\n<div> <font><\/font>\u00a0<\/div>\n<div> <font>\u00a0<\/font><\/div>\n<div> <strong><\/p>\n<hr\/>\n<p><\/strong><\/div>\n<div align=\"center\"> <strong><\/p>\n<h6 style=\"color: blue;\"><font><font>Reuters, le 5 juin 2008 \u00e0   17h12   <\/font>Israel&rsquo;s Livni tries to live down Mossad myths<\/font><\/h6>\n<p><\/strong><\/div>\n<div>  \u00a0<\/div>\n<div> <font><strong>By Dan Williams<\/strong><\/font>      TEL AVIV, June 5 (Reuters) &#8211; It was the early 1990s and Tzipi Livni, a   daughter of famed Zionist guerrillas who was scrambling for a foothold in the   Israeli parliament, came up with a muscular campaign slogan: \u00ab\u00a0My Name is an   Institution\u00a0\u00bb.   The Hebrew for \u00ab\u00a0institution\u00a0\u00bb is \u00ab\u00a0Mossad\u00a0\u00bb. It&rsquo;s also the name of Israel&rsquo;s   feared intelligence agency, where Livni briefly worked before entering   politics and becoming foreign minister and heir-apparent to Prime Minister   Ehud Olmert.   Such puns are a thing of the past for Livni. Now 49 and the most prominent   Israeli stateswoman since Golda Meir, she appears set on staving off scrutiny   into her stint in a spy service mainly noted for assassinating enemies of the   Jewish state. Media exposes have been long on cliche. One Canadian report   described Livni as a skilled Mossad gun-slinger, \u00ab\u00a0naturally blonde with eyes   as blue as the Mediterranean\u00a0\u00bb. A British   newspaper had her \u00ab\u00a0taking out Arab terrorists\u00a0\u00bb for Mossad in Europe.   The Foreign Ministry refused to respond, citing official secrecy around Mossad   operations. But aides to Livni made clear their exasperation with such   publicity, which comes as she tries to prod along U.S.-sponsored peace talks   with the Palestinians. \u00ab\u00a0It&rsquo;s total rubbish and really the sort of thing we   would rather not see in print,\u00a0\u00bb said one. Still, some commentators suggest   Livni should consider lifting the veil on her espionage role, if only to make   up for her lack of military pedigree &#8212; a major impediment for an aspiring   female leader in a country born of war. Testifying last year before a   commission of inquiry into Israel&rsquo;s costly 2006 offensive against Lebanese   Hezbollah guerrillas, Livni recalled feeling left out by Olmert as he planned   strategy with an all-male general staff.      <strong><font>MYSTIQUE<\/font><\/strong>      \u00ab\u00a0Being in Mossad has a mystique which could really help Livni&rsquo;s prospects. She   comes off, otherwise, as pretty dour,\u00a0\u00bb said Amotz Asa-El, an Israeli political   analyst. \u00ab\u00a0But I wouldn&rsquo;t be at all surprised if Mossad is stopping her from   going public. They&rsquo;re zealous about secrecy,\u00a0\u00bb he added, recalling that   ex-Prime Minister Yitzhak Shamir, a former Mossad officer, was tight-lipped   about his time as a spy. There may be diplomatic considerations for Livni too.   Fluent in French, she has acknowledged working as a Mossad agent between 1980   and 1984 in Paris, scene of Israeli missions targeting Palestinian guerrillas   and Iraq&rsquo;s efforts to advance its nuclear programme.   In June 1980, an Egyptian atomic scientist working for Saddam Hussein was   found murdered in his Paris hotel room &#8212; a victim, it was assumed, of Mossad.   Israel declined comment, but then Prime Minister Menachem Begin told an   American interviewer he hoped France had \u00ab\u00a0learned (its) lesson\u00a0\u00bb for helping   Iraq. Yet two veteran Mossad field operatives who served in the agency at   around the same time as Livni played down speculation that she was part of a   hit-team. One said that she spent at least part of the time in France   maintaining a Paris safe house. Assassination units, the ex-operatives told   Reuters, draw on older recruits with extensive combat experience and, for   discretion&rsquo;s sake, try to avoid contact with other Mossad staff. \u00ab\u00a0At most,   Tzipi would have received a request to go off to Bourgogne for a couple of   days while the &lsquo;guys from Israel&rsquo; used the apartment,\u00a0\u00bb one veteran said. \u00ab\u00a0It   was a minor role that I doubt would yield a lot of dramatic mileage today.\u00a0\u00bb      <font><strong>REUTERS<\/strong><\/font><\/div>\n<div>\n<hr\/>\n<\/div>\n<div align=\"center\"> <strong><\/p>\n<p><font><font>AFP, le 5 juin 2008 \u00e0   09h37   <\/font>Maroc: les c\u00e9l\u00e8bres conteurs de la place Jema\u00e2 El Fna en voie   d&rsquo;extinction<\/font><\/p>\n<p><\/strong><\/div>\n<div>  \u00a0<\/div>\n<div> <strong><font>Par Abdelfettah FAKIHANI<\/font><\/strong>      MARRAKECH (Maroc), 5 juin 2008 (AFP) &#8211; Les fameux conteurs de la c\u00e9l\u00e8bre place   Jema\u00e2 El Fna de Marrakech, espace culturel class\u00e9 en 2001 par l&rsquo;Unesco parmi   les chefs-d&rsquo;oeuvres du patrimoine oral et   immat\u00e9riel de l&rsquo;humanit\u00e9, sont en voie de disparition. \u00ab\u00a0Le destin des conteurs,   c&rsquo;est l&rsquo;extinction\u00a0\u00bb, d\u00e9clare sans ambages Abdelhay Nafi\u00ee, responsable de \u00ab\u00a0l&rsquo;Association   des professionnels de la halqa pour le spectacle et le patrimoine\u00a0\u00bb. La halqa   d\u00e9signe le cercle des spectateurs autour du conteur. \u00ab\u00a0Les ma\u00eetres conteurs   sont morts, et ce qu&rsquo;on raconte aujourd&rsquo;hui, c&rsquo;est les l\u00e9gendes de la fin des   temps\u00a0\u00bb, dit ironiquement un nostalgique vendeur de brochettes, d&rsquo;une   soixantained&rsquo;ann\u00e9es.   Le fumet des grillades attire en d\u00e9but de soir\u00e9e les touristes ,marocains et   \u00e9trangers transformant cet espace multicolore cr\u00e9\u00e9 au XVIe si\u00e8cle en un   gigantesque restaurant \u00e0 ciel ouvert. Les cartomanciennes, les charmeurs de   serpents, groupes de musique afro-musulmane \u00ab\u00a0Gnaoua\u00a0\u00bb, les prestidigitateurs,   gu\u00e9risseurs, dresseurs de singes et marchands de toutes sortes de boissons,   potions et parfums s&rsquo;y\u00a0 pressent.   Mais point de conteurs. \u00ab\u00a0Nous en voyons un quelquefois, un seul, qui tient sa   halqa devant Caf\u00e9 France mais aujourd&rsquo;hui il n&rsquo;est pas venu\u00a0\u00bb, indique au   journaliste de l&rsquo;AFP un marchand de jus d&rsquo;oranges,   scrutant la place du haut de son si\u00e8ge.   \u00ab\u00a0En 1970, il y avait 18 conteurs, aujourd&rsquo;hui, il n&rsquo;en reste plus que sept\u00a0\u00bb,   se lamente Mohamed Bariz (49 ans), l&rsquo;un des derniers survivants. Barbe   grisonnante, grosses lunettes optiques, ce formidable   narrateur des Mille et une nuits et des grandes \u00e9pop\u00e9es arabes avoue ne se   rendre que tr\u00e8s rarement \u00e0 Jema\u00e2 El Fna, o\u00f9 il s&rsquo;installe en g\u00e9n\u00e9ral pour \u00ab\u00a0exp\u00e9rimenter   des adaptations orales de textes   litt\u00e9raires contemporains\u00a0\u00bb. \u00ab\u00a0La t\u00e9l\u00e9vision, notamment les dessins anim\u00e9s,   remplacent les contes que les parents racontaient lors des veill\u00e9es \u00e0 leurs   enfants, et qui les faisaient r\u00eaver\u00a0\u00bb, dit-il. \u00ab\u00a0Les jeunes ne veulent pas   prendre la rel\u00e8ve: ce m\u00e9tier est ardu \u00e0 apprendre et rapporte peu. C&rsquo;est   beaucoup plus dur que le chant ou la percussion car il faut capter l&rsquo;attention   des auditeurs avec les mots\u00a0\u00bb, explique-t-il.   Une pol\u00e9mique a oppos\u00e9 certains conteurs \u00e0 la mairie de Marrakech, par voie de   presse, sur de suppos\u00e9es \u00ab\u00a0primes\u00a0\u00bb de l&rsquo;Unesco destin\u00e9es \u00e0 \u00eatre vers\u00e9es aux   conteurs. \u00ab\u00a0Nous gagnions bien notre vie avant que l&rsquo;Unesco s&rsquo;int\u00e9resse \u00e0 cette   place, car apr\u00e8s chaque \u00e9pisode d&rsquo;un conte, le public se montrait g\u00e9n\u00e9reux.   Maintenant, ils nous r\u00e9torquent: +vous \u00eates pay\u00e9s\u00a0et par l&rsquo;Unesco et par la   mairie+\u00a0\u00bb, indique le conteur.   Or, aucune r\u00e9mun\u00e9ration n&rsquo;a \u00e9t\u00e9 attribu\u00e9e, assure \u00e0 l&rsquo;AFP Philippe Queau,   directeur du bureau de l&rsquo;Unesco \u00e0 Rabat. \u00ab\u00a0Nous n&rsquo;avons accord\u00e9 aux conteurs   aucune subvention d&rsquo;ordre p\u00e9cuniaire. Ce que nous avions financ\u00e9, ce sont des   op\u00e9rations p\u00e9dagogiques dans les \u00e9coles de la r\u00e9gion de Marrakech, auxquelles   certains conteurs ont particip\u00e9 \u00e0 titre individuel\u00a0\u00bb, pr\u00e9cise-t-il. \u00ab\u00a0L&rsquo;Unesco   est tr\u00e8s int\u00e9ress\u00e9e par la pr\u00e9servation du patrimoine immat\u00e9riel de la place   Jema\u00e2 El Fna\u00a0\u00bb, affirme M. Queau. \u00ab\u00a0Mais les mesures de protection, c&rsquo;est \u00e0   l&rsquo;Etat marocain de les prendre, et \u00e0 sa demande, nous pourrions intervenir \u00e0   un niveau technique\u00a0\u00bb,   poursuit-il.   Pour le conteur Mohamed Bariz, si l&rsquo;on veut sauver cet art s\u00e9culaire, il faut   cr\u00e9er une \u00e9cole pour former de jeunes conteurs et leur octroyer un \u00ab\u00a0salaire   mensuel symbolique\u00a0\u00bb et une couverture m\u00e9dicale.      <strong><font>AFP<\/font><\/strong> \u00a0<\/div>\n<div>\n<hr\/>\n<\/div>\n<div align=\"center\"> <strong><\/p>\n<h6 style=\"color: blue;\"><font><font>AFP, le 3 juin 2008 \u00e0   14h52   <\/font>Les pays du Sud trop souvent priv\u00e9s de la manne touristique<\/font><\/h6>\n<p><\/strong><\/div>\n<div>  \u00a0<\/div>\n<div> <font><strong>Par Brigitte HAGEMANN<\/strong><\/font>      PARIS, 3 juin 2008 (AFP) &#8211; Travail des enfants, prostitution dans les bars,   \u00e9puisement des ressources naturelles: la d\u00e9mocratisation des voyages dans les   pays du Nord a fait des ravages dans ceux du Sud, souvent priv\u00e9s de la manne   touristique. Dans le m\u00eame temps, le tourisme peut \u00eatre un outil pour am\u00e9liorer   les conditions de vie des populations locales, ont estim\u00e9 mardi les   organisateurs de la deuxi\u00e8me \u00e9dition de la Journ\u00e9e mondiale pour un tourisme   responsable, ax\u00e9e sur le th\u00e8me de la \u00ab\u00a0lutte contre la pauvret\u00e9\u00a0\u00bb.   \u00ab\u00a0La t\u00e2che est encore immense. Environ 1,3 milliard de personnes vivent   en-dessous du seuil de pauvret\u00e9, mais ce sont les pays du Nord qui sont les   principaux b\u00e9n\u00e9ficiaires de l&rsquo;essor touristique dans le monde\u00a0\u00bb, a d\u00e9nonc\u00e9   Fr\u00e9d\u00e9ric Leroy, organisateur d&rsquo;un colloque sur le sujet \u00e0 Paris.   La Journ\u00e9e mondiale est aussi relay\u00e9e en Afrique, avec des conf\u00e9rences au   Cameroun, Maroc, B\u00e9nin, Burkina Faso, Togo, Niger et en C\u00f4te d&rsquo;Ivoire. La   Coalition internationale pour un tourisme responsable, fond\u00e9e en 2007 par M.   Leroy, regroupe d\u00e9sormais 335 ONG du secteur touristique dans 90 pays.   Alors que le tourisme international g\u00e9n\u00e8re plus de 800 milliards de dollars   par an, c&rsquo;est g\u00e9n\u00e9ralement moins d&rsquo;un tiers des recettes qui profite aux pays   visit\u00e9s, le reste \u00e9tant capt\u00e9 par les compagnies a\u00e9riennes, tour-op\u00e9rateurs et   cha\u00eenes h\u00f4teli\u00e8res, selon les estimations des ONG. \u00ab\u00a0Quand un touriste d\u00e9bourse   200 euros pour un voyage au Maroc ou en Tunisie, \u00e0 peine 20% sont redistribu\u00e9s   au pays d&rsquo;accueil\u00a0\u00bb, commente Guillaume Cromer, coresponsable de la Coalition   internationale.   Tr\u00e8s souvent, le tourisme est la principale source de devises des pays en   d\u00e9veloppement, et de nombreux habitants sont tent\u00e9s de d\u00e9laisser leurs   activit\u00e9s traditionnelles comme l&rsquo;artisanat et l&rsquo;agriculture.   D&rsquo;o\u00f9 le d\u00e9sarroi lorsque la fili\u00e8re touristique s&rsquo;\u00e9croule du jour au lendemain,   comme cela a \u00e9t\u00e9 le cas en Mauritanie et au Kenya: \u00ab\u00a0les gens ont du mal \u00e0   retourner dans leurs villages et \u00e0 renouer avec l&rsquo;agriculture\u00a0\u00bb, note Guillaume   Cromer.   Autre cons\u00e9quence du tourisme de masse, les plages du S\u00e9n\u00e9gal ou du Cambodge   sont envahies par des \u00ab\u00a0cohortes d&rsquo;enfants\u00a0\u00bb, recrut\u00e9s par des r\u00e9seaux pour   vendre des souvenirs aux touristes, rel\u00e8ve Fr\u00e9d\u00e9ric   Leroy.   Un d\u00e9bat qui agite le secteur alors que la crise alimentaire mondiale prend de   l&rsquo;ampleur. Parmi les pays candidats \u00e0 l&rsquo;ouverture au tourisme, les   organisateurs ont cit\u00e9 Ha\u00efti, th\u00e9\u00e2tre d&rsquo;\u00e9meutes de la faim en avril.   C&rsquo;est aussi l&rsquo;extr\u00eame pauvret\u00e9 qui est \u00e0 l&rsquo;origine de \u00ab\u00a0l&rsquo;explosion du tourisme   sexuel \u00e0 Madagascar\u00a0\u00bb, poussant des petites filles \u00e0 se prostituer\u00a0 dans les   bars, explique Fr\u00e9d\u00e9ric Sorge, membre de l&rsquo;association Aid\u00e9Tous, engag\u00e9e dans   la lutte contre le tourisme sexuel impliquant des enfants. Le revenu moyen des   familles de ces jeunes prostitu\u00e9es est de 60 euros par mois, selon une \u00e9tude   de l&rsquo;association qui d\u00e9nonce la   \u00ab\u00a0complicit\u00e9 de certains h\u00f4teliers\u00a0\u00bb.   \u00ab\u00a0Il y a une prise de conscience parmi les touristes, mais ils ne sont pas   assez inform\u00e9s sur les impacts n\u00e9gatifs des voyages de masse et les moyens de   voyager autrement\u00a0\u00bb, r\u00e9sume V\u00e9ronique Fayard, directrice d&rsquo;Aid\u00e9tous. \u00a0<\/div>\n<div>\n<hr\/>\n<\/div>\n<div align=\"center\"> <strong><\/p>\n<h6 style=\"color: blue;\"><font>Les droits de l\u2019Homme consolid\u00e9s dans leur   acception globale et compl\u00e9mentaire<\/font><\/h6>\n<p><\/strong><\/div>\n<div>  \u00a0<\/div>\n<div> <font><strong>\u2022 Les d\u00e9lais de la d\u00e9tention pr\u00e9ventive   r\u00e9glement\u00e9s<\/strong><\/font>   Le Conseil des ministres, r\u00e9uni mercredi, sous la pr\u00e9sidence du Pr\u00e9sident Zine   El Abidine Ben Ali, a examin\u00e9 trois projets de loi relatifs \u00e0 l\u2019am\u00e9lioration   de la situation des d\u00e9tenus \u00e0 titre pr\u00e9ventif, \u00e0 la r\u00e9insertion des condamn\u00e9s   et \u00e0 la reconnaissance du caract\u00e8re obligatoire du minist\u00e8re d\u2019avocat en   mati\u00e8re de pourvoi en cassation des d\u00e9cisions p\u00e9nales.   Ces projets de loi s\u2019inscrivent dans le cadre des efforts d\u00e9ploy\u00e9s en vue   d\u2019enrichir le syst\u00e8me p\u00e9nal en Tunisie et de consolider l\u2019\u00e9difice des droits   de l\u2019Homme, dans le cadre d\u2019une approche globale garantissant ces droits \u00e0   toutes les cat\u00e9gories, loin de toutes formes d\u2019exclusion et de marginalisation,   y compris les personnes ayant d\u00e9vi\u00e9 du droit chemin.   Le projet de loi portant organisation de la d\u00e9tention pr\u00e9ventive vise \u00e0   entourer cette op\u00e9ration des diff\u00e9rentes garanties conservant \u00e0 la personne   priv\u00e9e de sa libert\u00e9 sa dignit\u00e9, notamment \u00e0 la lumi\u00e8re de la loi instituant   l\u2019obligation de motiver les d\u00e9cisions de prorogation du d\u00e9lai de la garde \u00e0   vue et de la d\u00e9tention pr\u00e9ventive, promulgu\u00e9e en concr\u00e9tisation d\u2019une d\u00e9cision   annonc\u00e9e par le Pr\u00e9sident de la R\u00e9publique \u00e0 l\u2019occasion du 20e anniversaire du   Changement.   \u00a0   <strong><font>R\u00e9paration du pr\u00e9judice<\/font><\/strong>   \u00a0   Ce projet de loi est en symbiose avec les dispositions de la loi n\u00b094-2002   portant d\u00e9dommagement des d\u00e9tenus et condamn\u00e9s dont la preuve d\u2019innocence aura   \u00e9t\u00e9 d\u00e9clar\u00e9e ult\u00e9rieurement. Cette loi permet au d\u00e9tenu \u00e0 titre pr\u00e9ventif ou   dont la peine d\u2019emprisonnement a \u00e9t\u00e9 ex\u00e9cut\u00e9e, de revendiquer la r\u00e9paration du   pr\u00e9judice \u00e0 l\u2019encontre de l\u2019Etat.   Le nouveau projet de loi oblige le juge d\u2019instruction ou la chambre   d\u2019accusation, apr\u00e8s \u00e9coulement de la dur\u00e9e maximale de la d\u00e9tention pr\u00e9ventive,   d\u2019ordonner la lib\u00e9ration de l\u2019inculp\u00e9, ce qui refl\u00e8te le souci constant de   r\u00e9glementer les d\u00e9lais de la d\u00e9tention pr\u00e9ventive.   La Tunisie a veill\u00e9 depuis le Changement \u00e0 la r\u00e9glementation de la d\u00e9tention   pr\u00e9ventive qui se caract\u00e9risait, en l\u2019absence d\u2019un d\u00e9lai r\u00e9glementaire, par   l\u2019ambigu\u00eft\u00e9 et le manque de pr\u00e9cision.   \u00a0   <strong><font>La d\u00e9tention renouvelable une seule fois<\/font><\/strong>   \u00a0   Imm\u00e9diatement apr\u00e8s le Changement, le d\u00e9lai de d\u00e9tention pr\u00e9ventive a \u00e9t\u00e9 fix\u00e9   \u00e0 six mois, renouvelable une seule fois pour les d\u00e9lits, et deux fois pour les   crimes. La prolongation de la dur\u00e9e ne doit pas exc\u00e9der six mois. L\u2019amendement   de novembre 1993 a institu\u00e9 la possibilit\u00e9 de proroger la dur\u00e9e de la   d\u00e9tention pr\u00e9ventive pour les d\u00e9lits une seule fois ne d\u00e9passant pas les trois   mois et deux fois pour les crimes, de quatre mois au maximum pour chacune.   Concernant le projet de loi relatif \u00e0 l\u2019aide \u00e0 la r\u00e9insertion des condamn\u00e9s,   il convient de rappeler le discours du Pr\u00e9sident Zine El Abidine Ben Ali, \u00e0   l\u2019occasion du 13e anniversaire du Changement, dans lequel il avait recommand\u00e9   de mettre au point un projet de loi r\u00e9glementant les conditions de d\u00e9tention   et garantissant les droits des condamn\u00e9s.   La loi portant organisation des \u00e9tablissements p\u00e9nitentiaires, promulgu\u00e9e dans   le but d\u2019am\u00e9liorer les conditions de d\u00e9tention, vise \u00e0 instaurer un syst\u00e8me   p\u00e9nal qui fixe les droits et les devoirs des d\u00e9tenus et favorise leur   r\u00e9insertion dans la soci\u00e9t\u00e9.   Face \u00e0 l\u2019\u00e9volution que conna\u00eet la soci\u00e9t\u00e9 tunisienne, la r\u00e9insertion des   d\u00e9tenus n\u00e9cessite d\u00e9sormais une meilleure pr\u00e9paration durant la p\u00e9riode de   d\u00e9tention, en offrant aux prisonniers de plus grandes opportunit\u00e9s en mati\u00e8re   de formation professionnelle, en ouvrant devant eux des perspectives plus   larges par l\u2019apprentissage et l\u2019enrichissement de leurs connaissances, en les   aidant \u00e0 se d\u00e9barrasser de leurs tendances d\u00e9viantes et en leur inculquant un   comportement social sain.   \u00a0   <strong><font>Obligation du minist\u00e8re d\u2019avocat en cassation<\/font><\/strong>   \u00a0   Par ailleurs, le projet de loi relatif \u00e0 l\u2019obligation du minist\u00e8re d\u2019avocat   dans les affaires en cassation en mati\u00e8re p\u00e9nale entre dans le cadre de la   consolidation des garanties juridiques en faveur de l\u2019accus\u00e9, en raison,   notamment, de la complexit\u00e9 des proc\u00e9dures.   Ce projet de loi vise \u00e9galement \u00e0 \u00e9largir davantage le champ d\u2019intervention de   l\u2019avocat en mati\u00e8re de pourvoi en cassation dans les affaires p\u00e9nales.   Cette mesure vient s\u2019ajouter \u00e0 celles prises auparavant et portant sur   l\u2019obligation de mandater un avocat dans les affaires immobili\u00e8res, en   particulier pour l\u2019inscription facultative au registre foncier et   l\u2019actualisation des titres fonciers gel\u00e9s, ainsi que l\u2019obligation de son   minist\u00e8re en mati\u00e8re civile en cassation et dans les contentieux relatifs aux   soci\u00e9t\u00e9s de recouvrement des cr\u00e9ances et la r\u00e9daction des contrats de fonds de   commerce.   \u00a0   <strong><font>Rapprocher la justice des justiciables<\/font><\/strong>   \u00a0   D\u2019autre part, dans le but de rapprocher davantage la justice des justiciables   et des auxiliaires de justice, la loi promulgu\u00e9e en 2007 a institu\u00e9 la   possibilit\u00e9 du pourvoi en cassation des d\u00e9cisions prononc\u00e9es en appel aupr\u00e8s   de la m\u00eame cour statuant en l\u2019esp\u00e8ce.   L\u2019\u00e9volution qu\u2019a connue le syst\u00e8me p\u00e9nal en Tunisie s\u2019est aussi concr\u00e9tis\u00e9e   par l\u2019organisation de la garde \u00e0 vue et de la d\u00e9tention pr\u00e9ventive, la   cr\u00e9ation de la fonction de juge unique et de juge d\u2019ex\u00e9cution des peines et   l\u2019instauration de la peine de travail d\u2019int\u00e9r\u00eat g\u00e9n\u00e9ral, substitutive \u00e0 la   peine d\u2019emprisonnement.   Cette \u00e9volution traduit la d\u00e9termination du Pr\u00e9sident Zine El Abidine Ben Ali   d\u2019aller de l\u2019avant sur la voie de la consolidation des droits de l\u2019Homme, dans   leur dimension globale, et de les consacrer dans le texte comme dans la   pratique. (TAP).   \u00a0   <font><strong>(Source: Le journal \u201d La Presse\u201d (Quotidien \u2013   Tunis) le\u00a0 06 juin 2008)<\/strong><\/font><\/div>\n<div>\n<hr\/>\n<\/div>\n<div align=\"center\"> <strong><\/p>\n<h6 style=\"color: blue;\"><font>Vers une reprise du dialogue entre Abbas et le   Hamas<\/font><\/h6>\n<p><\/strong><\/div>\n<div>  \u00a0<\/div>\n<div> <strong><font>\u00a0GAZA (Agences)<\/font><\/strong> \u2014Le Pr\u00e9sident   palestinien Mahmoud Abbas et le Hamas semblaient s&rsquo;acheminer hier vers un   dialogue en vue d&rsquo;une r\u00e9conciliation, un an apr\u00e8s la violente prise de pouvoir   par les islamistes dans la bande de Gaza.   Par ailleurs, une fillette palestinienne de quatre ans a \u00e9t\u00e9 tu\u00e9e hier dans la   bande de Gaza lors d\u2019un raid a\u00e9rien de l\u2019arm\u00e9e isra\u00e9lienne, lanc\u00e9 apr\u00e8s la   mort d\u2019un Isra\u00e9lien dans une attaque \u00e0 la roquette dans le sud du pays, ont   indiqu\u00e9 les services de secours de Khan Youn\u00e8s.   Dans un discours mercredi soir \u00e0 Ramallah en Cisjordanie, M. Abbas a lanc\u00e9 un   appel inattendu au dialogue avec le Hamas, qui avait d\u00e9log\u00e9 son parti, le   Fatah, du pouvoir \u00e0 Gaza en juin 2007.   Son initiative a \u00e9t\u00e9 favorablement accueillie par le Hamas qui devait apporter   hier une r\u00e9ponse formelle lors d\u2019un discours pr\u00e9vu en soir\u00e9e du chef du   gouvernement islamiste, Isma\u00efl Haniyeh.   M. Abbas a pr\u00e9conis\u00e9 un dialogue sur la base d\u2019une initiative y\u00e9m\u00e9nite   accept\u00e9e en mars par les deux partis mais rest\u00e9e lettre morte en raison de   divergences d\u2019interpr\u00e9tation.   \u00a0   Le principal point de d\u00e9saccord portait sur l\u2019exigence de M. Abbas d\u2019un retour   \u00e0 la situation qui pr\u00e9valait avant la prise du pouvoir du Hamas dans la bande   de Gaza, condition rejet\u00e9e par le mouvement islamiste.   Or M. Abbas n\u2019a pas formul\u00e9 cette condition dans son discours et s\u2019est abstenu   de qualifier de \u00ab\u00a0putsch\u00a0\u00bb le coup de force du Hamas \u00e0 Gaza comme il en avait   l\u2019habitude, se contenant de parler de \u00ab\u00a0divisions\u00a0\u00bb.   \u00ab\u00a0L\u2019appel du pr\u00e9sident Abbas diff\u00e8re de ceux qu\u2019il a lanc\u00e9s avant et qui   comportaient des conditions emp\u00eachant tout dialogue\u00a0\u00bb, a relev\u00e9 hier le   porte-parole du Hamas Sami Abou Zouhri.   M. Abou Zouhri a relev\u00e9 que l\u2019appel de M. Abbas est survenu au moment o\u00f9 les   n\u00e9gociations de paix avec Isra\u00ebl\u2014 auxquelles le mouvement islamiste est   hostile\u2014 s\u2019enlisent, rendant de plus en plus improbable la conclusion d\u2019un   accord avant la fin 2008 comme cela avait \u00e9t\u00e9 convenu.   \u00ab\u00a0Il ne fait pas de doute que l\u2019appel du pr\u00e9sident Abbas est li\u00e9 \u00e0 l\u2019\u00e9chec des   n\u00e9gociations et au fait qu\u2019il se rend compte que l\u2019unit\u00e9 nationale est   essentielle pour faire face \u00e0 Isra\u00ebl\u00a0\u00bb, a dit M. Abou Zouhri.   Al-Qods, principal journal des territoires palestiniens, a abond\u00e9 dans le m\u00eame   sens.   \u00ab\u00a0L\u2019appel du Pr\u00e9sident Abbas au dialogue national ne doit rien au hasard en ces   temps durs pour la cause palestinienne en raison de l\u2019intensification de la   colonisation (isra\u00e9lienne) alors que les n\u00e9gociations de paix ne m\u00e8nent nulle   part\u00a0\u00bb, \u00e9crit le journal dans son principal \u00e9ditorial.   Dans son discours, prononc\u00e9 \u00e0 l\u2019occasion du 41e anniversaire de la guerre   isra\u00e9lo-arabe de 1967 qui s\u2019est sold\u00e9e par l\u2019occupation de territoires   palestiniens par Isra\u00ebl, M. Abbas s\u2019est en effet livr\u00e9 \u00e0 un r\u00e9quisitoire   contre la colonisation isra\u00e9lienne.   \u00ab\u00a0La paix et la s\u00e9curit\u00e9 ne peuvent s\u2019instaurer au son des armes de l\u2019occupant   et de ses bulldozers dans les colonies. Les d\u00e9cisions isra\u00e9liennes d\u2019annexer   J\u00e9rusalem et de construire des colonies et un mur de s\u00e9paration en Cisjordanie   sont nulles et non avenues\u00a0\u00bb, a-t-il dit.   M. Abbas a violemment critiqu\u00e9 le blocus impos\u00e9 par Isra\u00ebl \u00e0 la bande de Gaza,   le qualifiant \u00ab\u00a0de crime de guerre\u00a0\u00bb.   Isra\u00ebl, qui consid\u00e8re le Hamas comme une organisation terroriste, m\u00e8ne des   attaques quasi quotidiennes dans la bande de Gaza et impose un blocus \u00e0 ce   territoire.   Une des roquettes tir\u00e9es \u00e0 partir de la bande de Gaza a touch\u00e9 hier le   kibboutz Nir Oz dans le sud d\u2019Isra\u00ebl faisant un mort et trois bless\u00e9s, selon   des sources m\u00e9dicales.   Le gouvernement isra\u00e9lien s\u2019est gard\u00e9 hier de critiquer publiquement l\u2019appel   de M. Abbas au dialogue avec le Hamas.   \u00ab\u00a0Nous n\u2019avons aucun int\u00e9r\u00eat \u00e0 alimenter une pol\u00e9mique publique avec Abbas   alors qu\u2019il est notre partenaire dans le processus de paix. Nous lui dirons de   vive voix ce que nous avons \u00e0 lui dire\u00a0\u00bb, a dit le porte-parole du minist\u00e8re   isra\u00e9lien des Affaires \u00e9trang\u00e8res, Arye Mekel.   Le Hamas avait remport\u00e9 les l\u00e9gislatives en janvier 2006. Apr\u00e8s seize mois de   cohabitation houleuse au pouvoir avec le Fatah, il s\u2019est empar\u00e9 de la bande de   Gaza par la force en mettant en d\u00e9route les services de s\u00e9curit\u00e9 de M. Abbas.     \u00a0   <strong><font>(Source: Le journal \u201d La Presse\u201d (Quotidien \u2013   Tunis) le\u00a0 06 juin 2008)<\/font><\/strong><\/div>\n<div>\n<hr\/>\n<\/div>\n<div align=\"center\">  \u00a0   <strong><\/p>\n<h6 style=\"color: blue;\"><font><font>Reportage: La circulation   \u00e0 Tunis   <\/font>Sens dessus dessous<\/font><\/h6>\n<p><\/strong><\/div>\n<div align=\"left\">  \u00a0<\/div>\n<div align=\"left\">     En fait le sch\u00e9ma directeur et les signalisations sont essentiellement faits   pour ne pas \u00eatre respect\u00e9s   Pour d\u00e9congestionner la circulation dans la capitale il faut veiller   strictement au respect du r\u00e8glement par les particuliers mais aussi par les   services publics. Ce non respect qu&rsquo;on constate dans plusieurs art\u00e8res est   l&rsquo;une des causes de l&rsquo;asphyxie de Tunis surtout dans certains endroits.    \u00a0   On n&rsquo;arrive pas \u00e0 comprendre tellement les paradoxes et les contradictions   pullulent. Certes l&rsquo;intention est bonne. Mais les r\u00e9sultats laissent \u00e0 d\u00e9sirer.   Pour d\u00e9congestionner la circulation infernale dans la capitale et les   embouteillages monstres qui perdurent pratiquement toute la journ\u00e9e et dans   presque toutes les art\u00e8res, les services concern\u00e9s organisent des s\u00e9minaires,   des colloques et des tables rondes et invitent m\u00eame des experts \u00e9trangers pour   essayer de trouver des solutions. On dresse des plans et on confectionne des   projets d&rsquo;\u00e9tudes. Mais concr\u00e8tement la situation reste la m\u00eame sinon elle   empire. Bref, on d\u00e9pense l&rsquo;argent du contribuable pour rien. Pourtant dans   plusieurs endroits de Tunis la solution saute aux yeux. Il suffit d&rsquo;appliquer   le r\u00e8glement et la circulation se d\u00e9congestionne d&rsquo;elle m\u00eame. Il faut surtout   veiller s\u00e9v\u00e8rement \u00e0 ce que les particuliers respectent minutieusement le code   de la route et le mode de stationnement. Mais aussi ceux qui travaillent dans   les services publics qui sont cens\u00e9s donner l&rsquo;exemple.   \u00a0   <font><strong>Stationnement<\/strong><\/font>   Entamons un p\u00e9riple dans la capitale pour voir. Un voyage \u00e0 ras-le sol\u00a0 \u00e0   travers les art\u00e8res, les rues et les ruelles. A l&rsquo;avenue des Etats-Unis les   voitures des fonctionnaires de la Caisse Nationale de S\u00e9curit\u00e9 Sociale tr\u00f4nent   en toutes impunit\u00e9s sur le trottoir devant le si\u00e8ge de la caisse obligeant les   pi\u00e9tons de se faufiler entre les v\u00e9hicules ou de traverser la rue au risque de   se faire \u00e9craser et g\u00eanant ainsi la circulation, un peu plus loin et au   croisement avec l&rsquo;avenue de La Libert\u00e9 devant le si\u00e8ge abritant le Fonds de   Solidarit\u00e9 26-26 c&rsquo;est le m\u00eame sc\u00e9nario qui se r\u00e9p\u00e8te. A c\u00f4t\u00e9 \u00e0 l&rsquo;avenue H\u00e9di   Chaker c&rsquo;est l&#8217;embouteillage toute la journ\u00e9e les voitures sont stationn\u00e9es \u00e0   double voire triple files notamment en face de la c\u00e9l\u00e8bre p\u00e2tisserie.   A la place Bab El Khadra sur le seul trottoir de la rue B\u00e9chir Sfar, des   voitures sont gar\u00e9es tout le long du mur du lyc\u00e9e. A droite ce sont les   camions de d\u00e9m\u00e9nagement qui stationnent sur l&rsquo;espace r\u00e9serv\u00e9 aux pi\u00e9tons. Un   peu plus loin si vous essayez\u00a0 de passer par la rue Ettazarki vous serez   oblig\u00e9s d&rsquo;avancer en son milieu au risque de vous faire \u00e9craser par les   v\u00e9hicules qui viennent des deux sens alors que cette rue est \u00e0 sens unique.   \u00a0   <strong><font>Rue pi\u00e9tonne<\/font><\/strong>    A l&rsquo;avenue de Madrid les deux trottoirs sont envahis par des dizaines de   v\u00e9hicules. Mieux devant le si\u00e8ge abritant un des services de la Municipalit\u00e9   de Tunis ce sont les voitures de service qui occupent le trottoir certaines y   sont m\u00eame gar\u00e9es en double file et l\u00e0 on s&rsquo;\u00e9tonne de l&#8217;embouteillage monstre   qui r\u00e8gne toute la journ\u00e9e dans cette avenue et qui par voie de \u00ab\u00a0contagion\u00a0\u00bb   s&rsquo;\u00e9tend jusqu&rsquo;\u00e0 la place de la R\u00e9publique.   A l&rsquo;angle de l&rsquo;avenue Jean Jaur\u00e8s et de la rue de Palestine l\u00e0 on ne comprend   pas qui est le d\u00e9cideur qui a eu l&rsquo;id\u00e9e g\u00e9niale d&rsquo;installer ici une station de   bus alors\u00a0\u00a0 que les rails du m\u00e9tro ont r\u00e9tr\u00e9ci \u00e9norm\u00e9ment en cet endroit la   largeur de l&rsquo;avenue qui est en plus \u00e0 double sens, imaginez la cohue qui y   r\u00e8gne. R\u00e9sultat : Quand un bus s&rsquo;y arr\u00eate deux voitures qui se croisent ne   peuvent pas passer.   Dans la rue longeant le march\u00e9 de Sidi Bahri on autorise ou on tol\u00e8re les   \u00e9tals des marchands ambulants sur les trottoirs et m\u00eame dans la rue et on ne   transforme pas cette rue en rue pi\u00e9tonne. Imaginez la difficile cohabitation   entre les v\u00e9hicules, les \u00e9tals et les pi\u00e9tons.   A l&rsquo;avenue de Paris et notamment en fin d&rsquo;apr\u00e8s-midi vous verrez fr\u00e9quemment   des voitures gar\u00e9es en double file. De m\u00eame \u00e0 l&rsquo;avenue Mohamed V et   pr\u00e9cis\u00e9ment devant l&rsquo;\u00e9cole Bou Abdelli, les voitures des parents s&rsquo;y garent en   triple file asphyxiant ainsi la circulation\u00a0 en cet endroit et cause de fait   un monstre embouteillage.   Donc si tout le monde respecte le r\u00e8glement plusieurs causes derri\u00e8re\u00a0 les   probl\u00e8mes de circulation dans la capitale dispara\u00eetront. Ce ne sont pas les   \u00e9tudes ou les s\u00e9minaires qui am\u00e8nent la solution si la loi n&rsquo;est pas respect\u00e9e.   En un mot le civisme.   \u00a0   <font><strong>N\u00e9jib SASSi<\/strong><\/font>   \u00a0   <strong><font>(Source: Le journal \u201d Le Temps\u201d (Quotidien \u2013   Tunis) le\u00a0 06 juin 2008)<\/font><\/strong><\/div>\n<div align=\"left\">\n<hr\/>\n<\/div>\n<div align=\"center\">  \u00a0   <strong><\/p>\n<h6 style=\"color: blue;\"><font><font>\u00a02\u00e9me journ\u00e9e du bac:   <\/font>Les litt\u00e9raires tiraill\u00e9s entre Al Jahedh, Messadi et Al Moutanabi<\/font><\/h6>\n<p><\/strong><\/div>\n<div align=\"left\">  \u00a0<\/div>\n<div align=\"left\">     \u00a0De la macro pour les \u00e9conomistes, les scientifiques et les matheux optimistes   \u00a0Le bac est d\u00e9j\u00e0 l\u00e0 avec ses diff\u00e9rentes \u00e9preuves, ses secrets et ses   surprises. Chaque candidat essaie de donner le plus et am\u00e9liorer son score   avec un seul objectif d\u00e9crocher le bac durant cette premi\u00e8re session de juin.   \u00a0   Hier, ils \u00e9taient des milliers de litt\u00e9raires \u00e0 passer l&rsquo;\u00e9preuve d&rsquo;arabe qui a   port\u00e9 sur El Jahedh, Messadi et l&rsquo;\u00e9pop\u00e9e. Il est vrai que certains ne   s&rsquo;attendaient pas \u00e0 un pareil examen, d&rsquo;autres ont trouv\u00e9 de difficult\u00e9s pour   le d\u00e9cortiquer.\u00a0 Et pourtant nous dit M.Garathi professeur d&rsquo;arabe\u00a0 \u00ab C&rsquo;\u00e9tait   honn\u00eate, il n y a pas de surprises. En examen, il faut tout pr\u00e9voir car tous   les sujets figurent dans le programme. Les sujets sont bien pos\u00e9s et il n&rsquo; y a   pas raison de d\u00e9raper. \u00ab Je m&rsquo;attendais \u00e0 ces sujets. Personnellement, j&rsquo;ai   opt\u00e9 pour El Jahedh que j&rsquo;ai bien pr\u00e9par\u00e9 et surtout que je l&rsquo;ai bien r\u00e9vis\u00e9   au cours de l&rsquo;ann\u00e9e. \u00bb nous dit Maher \u00e9l\u00e8ve en 4\u00e8me lettres. Mohamed Ali a   l&rsquo;air inquiet \u00ab J&rsquo;ai mal travaill\u00e9. Je pense que j&rsquo;ai fait hors sujet.   J&rsquo;essaie pour le moment d&rsquo;oublier. \u00bb Son ami Chedly murmure pour nous dire \u00ab   Je ne m&rsquo;attendais pas \u00e0 ces sujets. J&rsquo;ai opt\u00e9 pour El Jahedh et je ne sais pas   si j&rsquo;ai bien trait\u00e9 ce commentaire de texte \u00bb\u00a0 Ce n&rsquo;est pas l&rsquo;avis de Yasmine   qui, souriante est tr\u00e8s satisfaite de son travail\u00a0 \u00ab J&rsquo;ai opt\u00e9 pour Abou   Houraira. J&rsquo;ai mis\u00e9 sur El Messadi. Je l&rsquo;ai bien r\u00e9vis\u00e9 et surtout que nous   l&rsquo;avons bien trait\u00e9 avec notre prof mais encore une fois tout d\u00e9pendra de la   correction \u00bb. Slimane qui a opt\u00e9 pour l&rsquo;\u00e9pop\u00e9e nous confie \u00ab\u00a0 Je suis   satisfait de mon travail. J&rsquo;ai choisi ce sujet car j&rsquo;ai beaucoup de   connaissances sur EL Moutanabi . Il ne comportait pas de difficult\u00e9s mais cela   exige un bon encha\u00eenement des id\u00e9es et une bonne concentration \u00bb   \u00a0   <font><strong>Economie : la croissance \u00e9conomique et le   d\u00e9veloppement durable<\/strong><\/font>   \u00a0   Il \u00e9tait 11 heures du matin lorsque les candidats\u00a0 au bac \u00e9conomie gestion   ont\u00a0 \u00e0 d\u00e9ferler. Brouillons \u00e0 la main et en petits groupes, ils se sont mis \u00e0   discuter de l&rsquo;\u00e9preuve propos\u00e9e qui a port\u00e9 cette ann\u00e9e\u00a0 dans\u00a0 sa premi\u00e8re   partie trois exercices sur les multinationales, la croissance \u00e9conomique et\u00a0   la concentration des entreprises et dans sa deuxi\u00e8me partie un sujet \u00ab dans   quelle mesure la croissance \u00e9conomique est favorable au d\u00e9veloppement durable   dans sa dimension humaine \u00bb\u00a0 Senda qui \u00e0 peine sortie a couru vers son prof   pour lui pr\u00e9senter ce qu&rsquo;elle a fait. Son enseignant visiblement satisfait lui   recommandait de continuer sur le m\u00eame \u00e9lan \u00ab\u00a0 Inchallah, dit-il vous aurez   votre bac. \u00bb    \u00ab\u00a0 C&rsquo;\u00e9tait pas facile mais j&rsquo;ai pu me d\u00e9brouiller et j&rsquo;esp\u00e8re avoir au moins   la moyenne \u00bb nous dit Bahroun. Nehla de son c\u00f4t\u00e9 estime que \u00ab\u00a0 l&rsquo;\u00e9preuve   d&rsquo;\u00e9conomie ne comporte pas cette fois-ci d&rsquo;ambigu\u00eft\u00e9s. Le sujet est bien   propos\u00e9 et j&rsquo;esp\u00e8re avoir une bonne note \u00bb Henda qui s&rsquo;est sentie d\u00e9barrass\u00e9e   d&rsquo;un fardeau ne pense maintenant qu&rsquo;\u00e0 l&rsquo;histoire g\u00e9ographie car avoue-t-elle   si j&rsquo;arrive \u00e0 avoir la moyenne dans cette mati\u00e8re, j&rsquo;aurai mon bac \u00bb Seif qui   est tr\u00e8s soucieux ne veut pas se prononcer. \u00ab Cette fois-ci dit-il je ne peux   pas affirmer si j&rsquo;ai bien pass\u00e9 ou non car tout d\u00e9pend de la correction et de   l&rsquo;\u00e9valuation de mes \u00e9preuves \u00bb   \u00a0   <strong><font>Satisfaction chez les matheux et les   scientifiques :<\/font><\/strong>   \u00a0   Pas plus loin, on d\u00e9couvre un groupe de candidats, bac sciences exp\u00e9rimentales.   Ils viennent d&rsquo;achever l&rsquo;\u00e9preuve des sciences de la vie et de la terre. Une   \u00e9preuve coefficient 3. Donc il faudrait le r\u00e9ussir. D&rsquo;apr\u00e8s les premi\u00e8res   impressions, le sujet est abordable. La premi\u00e8re partie a consist\u00e9 \u00e0 pr\u00e9senter   les r\u00e9ponses exactes \u00e0 partir de 16 items. Elle a port\u00e9 sur l&rsquo;ovulation, la   f\u00e9condation chez la femme, le prot\u00e9ine, la moelle \u00e9pini\u00e8re, les cellules   interstitielles, la pression art\u00e9rielle, les lymphocytes&#8230;.Quant \u00e0 la   deuxi\u00e8me partie, elle a trait \u00e0 la physiologie de la reproduction et la   g\u00e9n\u00e9tique. \u00ab L&rsquo;\u00e9preuve est bien pos\u00e9e mais exige beaucoup d&rsquo;efforts et   d&rsquo;attention. \u00bb nous dit H\u00e9la qui \u00e9tait accompagn\u00e9e par son p\u00e8re qui nous a   affirm\u00e9 que \u00ab sa pr\u00e9sence \u00e0 c\u00f4t\u00e9 de sa fille est primordiale. Elle est fragile   et j&rsquo;essaie \u00e0 chaque fois de lui rehausser le moral \u00bb\u00a0 Samir, tr\u00e8s content de   l&rsquo;\u00e9preuve ajoute \u00ab J&rsquo;aurai une bonne note. J&rsquo;ai bien r\u00e9pondu et mes efforts   seront certes r\u00e9compens\u00e9s \u00bb   \u00a0   A midi, les matheux commencent \u00e0 sortir des salles d&rsquo;examens. Leurs parents   \u00e9taient nombreux \u00e0 les attendre. Ils avaient l&rsquo;air angoiss\u00e9 et la fameuse   question : \u00ab est-ce abordable ? \u00bb\u00a0 Les exercices propos\u00e9s exigent   d&rsquo;imagination et de r\u00e9flexion. Certains sont d\u00e9licats, d&rsquo;autres faciles et le   d\u00e9fi des candidats est de sortir leur \u00e9pingle du jeu. A entendre certains   parler de cette \u00e9preuve, on peut conclure que cette \u00e9preuve est\u00a0 d\u00e9terminante   dans la r\u00e9ussite de ces matheux. Cirine, se pr\u00e9cipite vers son prof pour   demander des \u00e9claircissements \u00ab\u00a0 Je pense dit-elle que j&rsquo;ai bien pass\u00e9 et je   ne manque pas d&rsquo;avoir une bonne note \u00bb Son amie Nesserine\u00a0 qui a rat\u00e9 le   troisi\u00e8me exercice est tr\u00e8s furieuse \u00ab\u00a0 C&rsquo;\u00e9tait pourtant facile. J&rsquo;ai commis   des erreurs. Pour le reste, c&rsquo;\u00e9tait correct \u00bb nous confie -t-elle avec une   voix basse.    \u00a0   \u00a0   Moncef ne veut pas donner son avis \u00ab une fois, j&rsquo;ai termin\u00e9 mon \u00e9preuve, je   n&rsquo;aime plus discuter ou \u00e9couter ce qui disent mes amis. J&rsquo;essaie d&rsquo;oublier et   de penser \u00e0 l&rsquo;examen de demain \u00bb\u00a0    \u00a0   <font><strong>Kamel BOUAOUINA   <\/strong><\/font>\u00a0   <strong><font>(Source: Le journal \u201d Le Temps\u201d (Quotidien \u2013   Tunis) le\u00a0 06 juin 2008)<\/font><\/strong><\/div>\n<div align=\"left\">\n<hr\/>\n<\/div>\n<div align=\"center\">  \u00a0   <strong><\/p>\n<h6 style=\"color: blue;\"><font>Trente-deux ans de prison et plus d&rsquo;un million   de dinars d&rsquo;amende pour les dealers<\/font><\/h6>\n<p><\/strong><\/div>\n<div align=\"left\">  \u00a0<\/div>\n<div align=\"left\">     \u00a0\u00a0Un groupe de personnes s&rsquo;est pr\u00e9sent\u00e9 \u00e0 la police pour porter plainte contre   une personne qu&rsquo;ils soup\u00e7onnaient de fournir de la drogue \u00a0\u00bb zatla \u00a0\u00bb aux jeunes   de ce quartier paisible de la banlieue sud .    \u00a0   Les plaignants ont fourni le nom et le signalement de ce personnage ainsi que   l&rsquo;adresse de la maison qu&rsquo;ils affirmaient \u00eatre le quartier g\u00e9n\u00e9ral des   op\u00e9rations de fourniture de la drogue. Ils ont pr\u00e9cis\u00e9 dans leurs d\u00e9positions   qu&rsquo;il s&rsquo;agissait d&rsquo;un man\u00e8ge incessant, de jour et de nuit et qu&rsquo;il y avait   m\u00eame des \u00e9trangers impliqu\u00e9s dans ce r\u00e9seau eu \u00e9gard au nombre de voitures   \u00e9trang\u00e8res qui stationnaient devant ladite maison. La brigade des stup\u00e9fiants   a \u00e9t\u00e9 charg\u00e9e du suivi de cette affaire. Et suite \u00e0 un contr\u00f4le assidu des   allers et retours, il a \u00e9t\u00e9 remarqu\u00e9 que quelque chose de malsain se tramait \u00e0   l&rsquo;int\u00e9rieur de cette villa et qu&rsquo;un r\u00e9seau \u00e9tranger y serait m\u00eame impliqu\u00e9. En   effet, un dealer notoire a \u00e9t\u00e9 rep\u00e9r\u00e9 y entrant. Munis d&rsquo;une commission   rogatoire, et apr\u00e8s s&rsquo;\u00eatre assur\u00e9s qu&rsquo;un beau paquet de trafiquants \u00e9tait \u00e0   l&rsquo;int\u00e9rieur, les agents ont effectu\u00e9 une descente au milieu de la nuit dans ce   lieu mal fam\u00e9. Au d\u00e9but de l&rsquo;op\u00e9ration, le portier (car il y avait bien un   portier) croyait s&rsquo;adresser \u00e0 un consommateur. Mais, les agents l&rsquo;ont vite   ma\u00eetris\u00e9 avant qu&rsquo;il ne donne l&rsquo;alerte. Il fallait conserver l&rsquo;effet de   surprise et envahir rapidement les lieux. Il s&rsquo;av\u00e9rait que la drogue n&rsquo;\u00e9tait   que l&rsquo;une des activit\u00e9s propos\u00e9es dans\u00a0 ce milieu de d\u00e9bauche. A l&rsquo;int\u00e9rieur,   il s&rsquo;agissait d&rsquo;un v\u00e9ritable petit casino. Il y avait un groupe qui jouait au   poker. Un autre groupe jouait au baccara . Le vin coulait \u00e0 flots et l&rsquo;odeur   du hashish remplissait les lieux. Une dizaine de jeunes filles \u00e9taient   parsem\u00e9es pr\u00e8s des joueurs et devant le bar (car il y avait un bar). Il y   avait m\u00eame des chambres pour la d\u00e9tente o\u00f9 les clients pouvaient passer la   nuit ou se livrer \u00e0 un petit massage tr\u00e8s sp\u00e9cial. Par ailleurs, les agents   ont trouv\u00e9 une salle occup\u00e9e par un \u00e9tranger entour\u00e9 de trois jeunes filles   qui \u00e9taient en train de le remettre en forme. Dans un bureau \u00e0 l&rsquo;\u00e9tage, les   agents ont trouv\u00e9 le dealer \u00e9tranger avec son comp\u00e8re tunisien en r\u00e9union. Un   grand coffre contenait deux kilos de hashish en plaquettes, des dizaines de   milliers de dinars en monnaie \u00e9trang\u00e8re et un pistolet. Tout ce beau monde a   \u00e9t\u00e9 arr\u00eat\u00e9. Vingt cinq arrestations ont \u00e9t\u00e9 d\u00e9cid\u00e9es. Les 25 personnes ont \u00e9t\u00e9   traduites devant le tribunal pour diff\u00e9rents d\u00e9lits. Dix ont \u00e9t\u00e9 accus\u00e9s de   former une bande sp\u00e9cialis\u00e9e dans des activit\u00e9s malveillantes. Neuf femmes ont   \u00e9t\u00e9 accus\u00e9es de prostitution clandestine. Les analyses ont r\u00e9v\u00e9l\u00e9 que deux   parmi elles consommaient de la drogue. Elles \u00e9taient \u00e9galement traduites   devant la justice pour ce d\u00e9lit de consommation. Les deux gros poissons   \u00e9taient d\u00e9j\u00e0 recherch\u00e9s par la justice dans d&rsquo;autres affaires. Ils ont m\u00eame   \u00e9t\u00e9 condamn\u00e9s par contumace. La d\u00e9fense a sollicit\u00e9 la confusion des peines   pour toutes les affaires. La cour acquies\u00e7ant \u00e0\u00a0 cette demande condamna les   deux dealers , apr\u00e8s d\u00e9lib\u00e9rations, \u00e0 trente ans de prison chacun et plus d&rsquo;un   million de dinars\u00a0 d&rsquo;amende. Les autres accus\u00e9s ont \u00e9cop\u00e9 de peines allant de   trois \u00e0 quinze ans de prison ferme\u00a0 ainsi qu&rsquo;\u00e0 des peines d&rsquo;amende \u00e9galement.\u00a0\u00a0\u00a0     \u00a0   <font><strong>Mahdi SELLAMI<\/strong><\/font>   \u00a0   <strong><font>(Source: Le journal \u201d Le Temps\u201d (Quotidien \u2013   Tunis) le\u00a0 06 juin 2008)<\/font><\/strong><\/div>\n<div align=\"left\">\n<hr\/>\n<\/div>\n<div align=\"center\"> <strong><\/p>\n<h6 style=\"color: blue;\"><font>Ils volent le camion et br\u00fblent la benne<\/font><\/h6>\n<p><\/strong><\/div>\n<div align=\"left\">  \u00a0<\/div>\n<div align=\"left\">     \u00a0   \u00a0Tunis &#8211; Le Temps : D\u00e9cid\u00e9ment on n&rsquo;arr\u00eate pas de s&rsquo;\u00e9tonner avec des   malfaiteurs qui innovent de jour en jour dans des op\u00e9rations de vol, en usant   tant de la violence que de la ruse. Si bien que les victimes sont souvent pris   de court ne s&rsquo;attendant pas \u00e0 de tels actes , c&rsquo;est que ces malfaiteurs rou\u00e9s,   savent s&rsquo;y prendre au moment opportun.   \u00a0   G\u00e9n\u00e9ralement ils r\u00e9fl\u00e9chissent bien avant de r\u00e9aliser leur coup, et savent   choisir leur cible, en ne manquant de l&rsquo;\u00e9pier pour conna\u00eetre le moindre de ses   mouvements.   \u00c9videmment, ils le font le plus discr\u00e8tement possible afin que la victime ne   puisse se douter de rien.   C&rsquo;est la raison pour laquelle il faut toujours prendre les pr\u00e9cautions   n\u00e9cessaires afin de ne pas avoir de mauvaises surprises, comme ce fut le cas   pour ce chauffeur d&rsquo;un v\u00e9hicule destin\u00e9 au transport de m\u00e9dicaments, et   travaillant pour le compte d&rsquo;une soci\u00e9t\u00e9 de distribution \u00e0 Sfax.   Ce chauffeur avait l&rsquo;habitude de sortir t\u00f4t le matin de Kairouan pour proc\u00e9der   \u00e0 la distribution quotidienne des commandes dans la r\u00e9gion du sud.   Le jour du drame il s&rsquo;arr\u00eata \u00e0 la ville de Cherarda. Laissant le moteur en   marche, il descendit du v\u00e9hicule afin de prendre de la benne, la quantit\u00e9 \u00e0   distribuer dans cette localit\u00e9.   Il \u00e9tait plac\u00e9 \u00e0 l&rsquo;arri\u00e8re du v\u00e9hicule et s&rsquo;appr\u00eatait \u00e0 ouvrir la porti\u00e8re de   la benne.   Mais brusquement il fut surpris, apr\u00e8s avoir entendu le claquement de la   porti\u00e8re avant du v\u00e9hicule, de voir celui-ci d\u00e9marrer \u00e0 folle allure. Il \u00e9tait   fig\u00e9 voire choqu\u00e9, par la vitesse vertigineuse \u00e0 laquelle l&rsquo;\u00e9v\u00e9nement s&rsquo;\u00e9tait   produit. Il ne put r\u00e9aliser qu&rsquo;il s&rsquo;agissait d&rsquo;un braquage que lorsqu&rsquo;il re\u00e7ut   un coup sur la t\u00eate provenant d&rsquo;un jet de pierre par un membre de cette bande   de malfaiteurs rest\u00e9 sur les lieux \u00e0 faire le guet.   Il ne restait qu&rsquo;au conducteur, apr\u00e8s avoir repris ses esprits que d&rsquo;aller   d\u00e9poser une plainte au poste de police.   L\u00e0 aussi il eut une autre surprise : les agents de la brigade criminelle ont   \u00e9t\u00e9 alert\u00e9s par un incendie, provenant d&rsquo;une benne, charg\u00e9e de m\u00e9dicaments,   qui a pris feu.   Invit\u00e9 par les agents \u00e0 se d\u00e9placer avec eux sur les lieux de l&rsquo;incendie, il   constata que la benne en question \u00e9tait celle qui \u00e9tait remorqu\u00e9e au v\u00e9hicule   qu&rsquo;il conduisait. Celui-ci a \u00e9t\u00e9 vol\u00e9 par la m\u00eame bande qui a mis le feu \u00e0 la   benne, d\u00e9truisant ainsi toute la quantit\u00e9 de m\u00e9dicaments qui s&rsquo;y trouvait et   qui allait \u00eatre distribu\u00e9e dans des points de vente dans la r\u00e9gion. Ce g\u00e2chis   d&rsquo;avoir priv\u00e9 de m\u00e9dicaments ceux qui en avaient certainement besoin,   constitue un crime en plus du vol avec violence.   Une enqu\u00eate est ouverte afin de mettre la main sur les membres de cette bande   sans foi ni loi.   \u00a0   <strong><font>\u00a0(Source: Le journal \u201d Le Temps\u201d (Quotidien \u2013   Tunis) le\u00a0 06 juin 2008)<\/font><\/strong><\/div>\n<div align=\"left\">\n<hr\/>\n<\/div>\n<div align=\"center\">  \u00a0   <strong><\/p>\n<h6 style=\"color: blue;\"><font>Un \u00e9tudiant alg\u00e9rien pris pour un terroriste   risque l&rsquo;expulsion de Grande-Bretagne<\/font><\/h6>\n<p><\/strong><\/div>\n<div align=\"left\">  \u00a0<\/div>\n<div align=\"left\">     Jamais Hicham Yezza, \u00e9tudiant \u00e0 l&rsquo;universit\u00e9 de Nottingham o\u00f9 il a obtenu sa   licence d&rsquo;informatique, puis sa ma\u00eetrise et son doctorat, n&rsquo;aurait pu imaginer   qu&rsquo;il allait se retrouver embarqu\u00e9 dans une histoire pareille. Le 14 mai, cet   Alg\u00e9rien de 30 ans est arr\u00eat\u00e9 par la police britannique. Hicham Yezza est \u00ab\u00a0un   dangereux terroriste\u00a0\u00bb. On a retrouv\u00e9 dans son ordinateur \u00ab\u00a0de la litt\u00e9rature   extr\u00e9miste\u00a0\u00bb. Et pas n&rsquo;importe laquelle : un manuel d&rsquo;entra\u00eenement d&rsquo;Al-Qaida !      Le jeune homme est plac\u00e9 en garde \u00e0 vue et interrog\u00e9 vingt heures durant. Il   ne retrouvera la libert\u00e9 que six jours plus tard. \u00ab\u00a0Au d\u00e9but, j&rsquo;ai cru que   c&rsquo;\u00e9tait une blague. Du moins que \u00e7a allait se r\u00e9gler en un rien de temps. Mais   on m&rsquo;a embarqu\u00e9 sans m\u00eame me donner une chance de me d\u00e9fendre. Apr\u00e8s, c&rsquo;\u00e9tait   trop tard, la machine \u00e9tait lanc\u00e9e !\u00a0\u00bb, l\u00e2che-t-il d&rsquo;un ton las, par t\u00e9l\u00e9phone.   La r\u00e9alit\u00e9, il est vrai, est si simple qu&rsquo;elle en a paru suspecte aux   enqu\u00eateurs. Un \u00e9tudiant en sciences politiques de l&rsquo;universit\u00e9 de Nottingham,   Rizwan Sabir, 22 ans, avait besoin de tirer sur papier un guide d&rsquo;Al-Qaida   pour son m\u00e9moire de ma\u00eetrise sur les mouvements islamiques terroristes. Ne   disposant pas d&rsquo;imprimante, il envoie \u00e0 Hicham Yezza, par Internet, le manuel   en question (accessible \u00e0 tous sur le Web, via le moteur de recherche Google).   \u00ab\u00a0Imprime-le pour moi\u00a0\u00bb, lui demande-t-il par courrier \u00e9lectronique.   Hicham Yezza n&rsquo;en a pas le temps. L&rsquo;un de ses coll\u00e8gues passe par l\u00e0, d\u00e9couvre   le document, s&rsquo;en alarme, pr\u00e9vient les services de s\u00e9curit\u00e9 de l&rsquo;universit\u00e9,   qui, \u00e0 leur tour, avertissent la police. La suite, on la conna\u00eet.   <font><strong>\u00ab\u00a0FAUT PAS NOUS EN VOULOIR\u00a0\u00bb<\/strong><\/font>   Six jours plus tard, apr\u00e8s que les enqu\u00eateurs eurent fouill\u00e9 son domicile, ses   activit\u00e9s, sa vie, et \u00e9pluch\u00e9 tous ses \u00e9crits, en particulier la revue   politique pacifiste, Ceasefire, dont il est le r\u00e9dacteur en chef, Hicham Yezza   est remis en libert\u00e9. \u00ab\u00a0Les policiers \u00e9taient un peu g\u00ean\u00e9s. Ils me disaient :   faut pas nous en vouloir, on fait notre m\u00e9tier !\u00a0\u00bb se souvient-il.   Le jeune Alg\u00e9rien croit l&rsquo;histoire termin\u00e9e. Il se trompe. Le voil\u00e0 emmen\u00e9   manu militari dans un centre de d\u00e9tention pour immigr\u00e9s clandestins, en   attendant d&rsquo;\u00eatre expuls\u00e9 vers l&rsquo;Alg\u00e9rie. Stupeur. Hicham Yezza vit et \u00e9tudie   en Grande-Bretagne depuis treize ans. Il occupe m\u00eame un petit job r\u00e9mun\u00e9r\u00e9 \u00e0   la facult\u00e9 des langues de Nottingham. C&rsquo;est la premi\u00e8re fois que les services   de l&rsquo;immigration le d\u00e9clarent en situation irr\u00e9guli\u00e8re.   Voil\u00e0 trois semaines qu&rsquo;Hicham Yezza est trimball\u00e9 d&rsquo;un centre de d\u00e9tention \u00e0   un autre. S&rsquo;il n&rsquo;a pas encore \u00e9t\u00e9 expuls\u00e9, c&rsquo;est gr\u00e2ce \u00e0 la mobilisation de   ses coll\u00e8gues de l&rsquo;universit\u00e9. P\u00e9titions, rassemblements, articles&#8230;   L&rsquo;histoire se r\u00e9pand, et elle \u00e9meut. Le minist\u00e8re britannique de l&rsquo;int\u00e9rieur   tente, semble-t-il, de trouver une issue. Hicham Yezza, lui, est amer. \u00ab\u00a0C&rsquo;est   la parano en Grande-Bretagne, ces derni\u00e8res ann\u00e9es. On voit du terrorisme   partout, d\u00e9plore-t-il. A l&rsquo;universit\u00e9, on encourage les profs et les \u00e9tudiants   \u00e0 se d\u00e9noncer. Dans ce climat malsain, mon histoire n&rsquo;est qu&rsquo;un r\u00e9v\u00e9lateur.\u00a0\u00bb     Florence Beaug\u00e9   \u00a0   <font><strong>\u00a0(Source: Le journal \u201d Le Monde\u201d (Quotidien \u2013   France) le\u00a0 06 juin 2008)<\/strong><\/font><\/div>\n<div align=\"left\">\n<hr\/>\n<\/div>\n<div align=\"center\"> <strong><\/p>\n<h6 style=\"color: blue;\"><font><font>Jeunes au quotidien   <\/font>Les jeunes et le rejet parental du pr\u00e9tendant : Difficile de tenir bon   !<\/font><\/h6>\n<p><\/strong><\/div>\n<div align=\"left\">  \u00a0<\/div>\n<div align=\"left\">     Avant de s\u2019unir pour le meilleur et pour le pire, les jeunes amoureux doivent   pr\u00e9senter leur partenaire \u00e0 leurs familles respectives. Tout va comme ils   esp\u00e8rent jusqu\u2019\u00e0 ce que le refus de l\u2019une des deux familles sonne comme un   glas\u2026 Tenir bon ou l\u00e2cher prise, l\u00e0 est la question ! Comment proc\u00e8dent   justement les jeunes si les familles refusent leur partenaire ?   \u00a0   <font><strong>Tunis-Le Quotidien:   <\/strong><\/font>\u00a0   Le choix d\u2019un amoureux ne suit g\u00e9n\u00e9ralement pas de logique&#8230; Une fois pris   dans les \u00abfilets\u00bb des sentiments, il lui est difficile de pouvoir bien juger.   Lorsque l\u2019amour pointe du nez, les deux partenaires semblent quasi ensorcel\u00e9s   et ne pensent plus qu\u2019\u00e0 s\u2019unir par le mariage. \u00abLe c\u0153ur a ses raisons que la   raison ignore\u00bb, dit-on ! Lorsqu\u2019on est sous l\u2019emprise totale de l\u2019amour, on   manque de lucidit\u00e9. Toutefois, pour pouvoir se marier, les deux partenaires   ont besoin de l\u2019approbation de leurs familles respectives. Certes, lorsqu\u2019on   aime, l\u2019on se promet monts et merveilles. Mais, une fois mari\u00e9s, des conflits   risquent de surgir, les sentiments peuvent se faner et l\u2019amour risque de c\u00e9der   la place \u00e0 une s\u00e9rie lassante de probl\u00e8mes\u2026 Normal, le choix n\u2019a pas suivi la   voie de la raison. Seule une vie commune permet, para\u00eet-il, aux deux   partenaires de se conna\u00eetre en profondeur et de savoir s\u2019ils peuvent   s\u2019entendre ou non. Les sentiments fougueux et la passion de la phase   pr\u00e9nuptiale n\u2019ont plus de place dans une vie conjugale. Avant de s\u2019engager   dans une relation s\u00e9rieuse, nombre de jeunes arrivent \u00e0 juger avec lucidit\u00e9 et   soumettent leur pr\u00e9tendant \u00e0 plusieurs tests afin d\u2019\u00eatre s\u00fbrs de ne pas faire   fausse route. D\u2019autres, en revanche, se contentent d\u2019aimer et d\u2019\u00eatre aim\u00e9s   sans prendre en consid\u00e9ration les principes de base garants de la r\u00e9ussite   d\u2019une vie commune. Cependant, les familles, elles, voient les choses de   mani\u00e8re beaucoup plus objective. Les parents ont la facult\u00e9 de voir plus loin   et ils ont donc leur mot \u00e0 dire. G\u00e9n\u00e9ralement, les parents passent au peigne   fin le pr\u00e9tendant et se renseignent sur sa r\u00e9putation, ses origines, son   niveau socio\u00e9conomique\u2026 Cette enqu\u00eate discr\u00e8te peut aboutir \u00e0 des r\u00e9sultats   d\u00e9favorables qui les poussent alors \u00e0 refuser cette union. Pour prot\u00e9ger les   int\u00e9r\u00eats de leurs enfants, certains parents peuvent aller jusqu\u2019\u00e0 menacer leur   descendant de le renier compl\u00e8tement s\u2019il s\u2019obstine \u00e0 tenir \u00e0 cette personne   en question\u2026 Que feraient les jeunes face \u00e0 une telle situation ?    Omar, \u00e9tudiant, 21 ans, est pr\u00eat \u00e0 d\u00e9fier le monde entier pour la fille qu\u2019il   aime. S\u00fbr de son choix, le jeune homme n\u2019est pas pr\u00eat \u00e0 l\u00e2cher du lest. \u00abSi je   vais d\u00e9cider de me marier avec une fille, il faut croire que je serais s\u00fbr et   certain qu\u2019il s\u2019agit de la femme de ma vie. Une telle d\u00e9cision ne se prend pas   \u00e0 la h\u00e2te m\u00eame si on est fou amoureux. Si j\u2019aime vraiment une fille et qu\u2019elle   partage les m\u00eames sentiments, il est tout \u00e0 fait naturel que je veuille   l\u2019\u00e9pouser. Toutefois, je ne prendrais cette d\u00e9cision qu\u2019apr\u00e8s avoir men\u00e9 une   vraie investigation sur elle et qu\u2019apr\u00e8s s\u2019\u00eatre assur\u00e9 que c\u2019est celle qu\u2019il   me faut. Si mes parents ou les siens refusent notre union, je ne jetterais pas   l\u2019\u00e9ponge d\u2019aussit\u00f4t. Je vais d\u00e9fendre mon amour et mon choix et les parents   doivent finir par accepter notre d\u00e9cision. Je ferais tout ce qu\u2019il faut pour   les convaincre. Mais si tous mes efforts sont vains et qu\u2019ils s\u2019obstinent \u00e0   refuser, je l\u2019\u00e9pouserais quand m\u00eame. Il s\u2019agit de ma propre vie et c\u2019est \u00e0 moi   que revient le dernier mot. Je ne laisserais personne d\u00e9cider de ma vie \u00e0 ma   place et j\u2019en assumerais la responsabilit\u00e9 enti\u00e8re. Un jour ou l\u2019autre, je   manquerais \u00e0 mes parents, ils finiront par revenir vers moi et par accepter la   femme que j\u2019ai choisie\u00bb, dit-il.   Sami, 21 ans, \u00e9tudiant, ne peut pas forcer la main \u00e0 ses parents. Le jeune   homme pense qu\u2019aucune raison ne vaut la peine de perdre les siens.\u00a0 \u00abIl est   vrai qu\u2019il est difficile de relever un tel challenge parce que l\u2019adversaire   dans cette lutte ne sont autres que les parents : les \u00eatres les plus chers au   monde. Mais de l\u2019autre c\u00f4t\u00e9, il y a aussi la personne qu\u2019on aime. L\u2019\u00e9quation   est vraiment dure \u00e0 r\u00e9soudre ! M\u00eame si je pense \u00eatre la seule personne qui   peut savoir o\u00f9 r\u00e9side exactement mon bonheur, je ne crois pas que je serais   capable de me marier sans que mes parents ne soient consentants. Je tiendrais   bon. Je d\u00e9fendrais mon amour bec et ongles. J\u2019agirais de m\u00eame si c\u2019est sa   famille qui opposerait son veto. Les parents doivent comprendre que nous avons   le droit d\u2019aimer. Cela dit, je suis presque certain que je n\u2019aurais pas \u00e0   confronter une telle situation. Mes parents m\u2019ont bien \u00e9duqu\u00e9 et ils m\u2019ont   toujours laiss\u00e9 une marge de libert\u00e9 pour choisir. En outre, ils me font   confiance et ils savent que si je vais choisir une fille pour \u00e9pouse, mon   choix sera bien r\u00e9fl\u00e9chi et bien \u00e9tudi\u00e9. A vrai dire, ce genre de situation   n\u2019a lieu que lorsqu\u2019on se base seulement sur l\u2019amour ou s\u2019il s\u2019agit d\u2019un   mariage arrang\u00e9. Mais tel que je me connais, je ne choisirais pas une fille en   me basant seulement sur mes sentiments ou encore parce qu\u2019elle va servir mes   int\u00e9r\u00eats. Si les parents s\u2019obstinent \u00e0 refuser, il doit y avoir une raison. Et   ce ne sera pas le cas pour moi parce que je saurai choisir la bonne \u00e9pouse.   Celle qui rendra mes parents fiers de moi et de mon choix\u00bb, dit-il.   \u00a0   Mohamed Amine, 18 ans, essayera par tous les moyens de convaincre ses parents.   Mais s\u2019ils rechignent, il finira par se soumettre \u00e0 leur volont\u00e9. \u00abD\u2019abord,   aucun parent ne cherche \u00e0 contrecarrer son enfant sans avoir de raisons   valables. Si un parent refuse le pr\u00e9tendant, c\u2019est qu\u2019il a jug\u00e9 qu\u2019il ne peut   pas garantir la vie qu\u2019il souhaite \u00e0 son fils ou \u00e0 sa fille. Je pense que le   probl\u00e8me est g\u00e9rable si c\u2019est la famille de la fille qui se montre r\u00e9ticente.   C\u2019est l\u2019homme qui prendra en charge sa femme et ils n\u2019ont pas vraiment besoin   d\u2019une approbation de la famille de la fille. En outre, une fille a toujours   les moyens de convaincre sa famille surtout si l\u2019homme en question r\u00e9ussit \u00e0   prouver qu\u2019il aime cette fille et qu\u2019il est pr\u00eat \u00e0 faire l\u2019impossible pour   l\u2019\u00e9pouser. Et puis, que peuvent esp\u00e9rer les parents plus d\u2019un homme qui aime   vraiment leur fille ! Toutefois, les choses ne seront pas du tout faciles si   c\u2019est ma famille qui refuse. Franchement, je ne me vois pas perdre mes parents   au profit d\u2019une fille. Ma famille, c\u2019est mes racines et mes origines. Rien au   monde ne m\u00e9rite que je leur cause du tort. Certes, je ferais tout pour essayer   de les convaincre. Mais s\u2019ils continuent de refuser, je laisserais tomber   parce que je fais confiance \u00e0 leur jugement et \u00e0 leur instinct parental\u00bb,   dit-il.   \u00a0   Ramzi, 18 ans, partage le m\u00eame avis. Le jeune homme est incapable de perdre   ses parents m\u00eame si cela doit lui briser le c\u0153ur. \u00abPourquoi les parents   refusent un partenaire ? G\u00e9n\u00e9ralement, ils refusent un homme qui a un niveau   social, intellectuel et mat\u00e9riel au-dessous du leur. Ils auront donc peur que   leur fille ne vive malheureuse et dans le besoin. Je pense que le probl\u00e8me ne   se posera pas pour moi parce que je suis incapable d\u2019aimer une fille qui a un   niveau social, intellectuel et mat\u00e9riel sup\u00e9rieur au mien. L\u2019amour, tout comme   le mariage, est essentiellement bas\u00e9 sur la compatibilit\u00e9, la concordance,   l\u2019\u00e9quivalence et l\u2019entente. Si les sentiments naissent en dehors de ses   facteurs, il ne s\u2019agit que d\u2019une passade. La relation est vou\u00e9e \u00e0 l\u2019\u00e9chec   parce que la fougue et l\u2019effervescence des sentiments s\u2019estomperont   naturellement apr\u00e8s le mariage\u2026 D\u00e8s lors, on commence \u00e0 voir plus clair et on   peut regretter et se rendre compte qu\u2019on s\u2019est tromp\u00e9 et que c\u2019\u00e9taient les   parents qui avaient raison. Si tous les \u00e9l\u00e9ments qui annoncent la r\u00e9ussite   existent, les familles n\u2019ont plus de raison d\u2019\u00eatre hostiles. Nonobstant, s\u2019ils   continuent de refuser, il faut laisser tomber. Certes, je ferais tout pour   d\u00e9fendre mon choix, mais si le refus et cat\u00e9gorique de la part de ma famille   ou de la sienne, je finirais par laisser tomber. Les parents voient les choses   de mani\u00e8re objective. Ils ont plus d\u2019exp\u00e9rience et peuvent savoir si ce genre   de mariage peut r\u00e9ussir ou \u00e9chouer\u00bb, dit-il.   \u00a0   <strong><font>Abir CHEMLI   <\/font><font>(Source: Le journal \u201d Le Quotidien\u201d (Quotidien \u2013   Tunis) le\u00a0 06 juin 2008)<\/font><\/strong><\/div>\n<div align=\"left\">\n<hr\/>\n<\/div>\n<div align=\"center\"> <strong><\/p>\n<h6 style=\"color: blue;\"><font>Un agent du Mossad pour succ\u00e9der \u00e0 Olmert ?<\/font><\/h6>\n<p><\/strong><\/div>\n<div align=\"left\">  \u00a0<\/div>\n<div align=\"left\">     L&rsquo;actuelle ministre des Affaires \u00e9trang\u00e8res isra\u00e9lienne est pressentie pour   occuper le poste de Premier ministre de l&rsquo;Etat h\u00e9breu en cas de d\u00e9mission   d&rsquo;Ehud Olmert. The Sunday Times revient sur le parcours de cette femme qui a   \u00e9t\u00e9 agent des services de renseignements isra\u00e9liens.   \u00a0   <font><strong>Le Quotidien-Agences<\/strong><\/font>   \u00a0   Tzipi Livni, la favorite pour le poste de Premier ministre d&rsquo;Isra\u00ebl, a \u00e9t\u00e9   agent du Mossad, le service de renseignements ext\u00e9rieurs isra\u00e9lien. Elle \u00e9tait   en poste \u00e0 Paris au d\u00e9but des ann\u00e9es 1980, quand ce service menait une s\u00e9rie   de missions d&rsquo;\u00e9limination des Palestiniens dans des capitales europ\u00e9ennes,   selon d&rsquo;anciens coll\u00e8gues.    \u00a0   Ceux-ci affirment que Livni, aujourd&rsquo;hui ministre des Affaires \u00e9trang\u00e8res,   \u00e9tait en service actif lorsque Mamoun Meraish, responsable de l&rsquo;Organisation   de lib\u00e9ration de la Palestine (OLP), a \u00e9t\u00e9 liquid\u00e9 par un commando du Mossad \u00e0   Ath\u00e8nes, le 21 ao\u00fbt 1983 : deux jeunes gens \u00e0 moto se sont plac\u00e9s \u00e0 c\u00f4t\u00e9 de la   voiture de Meraish et ont ouvert le feu. Livni n&rsquo;\u00e9tait pas directement   impliqu\u00e9e dans cette op\u00e9ration, mais son r\u00f4le au sein du Mossad reste secret.   Peu apr\u00e8s, elle d\u00e9missionnait et rentrait en Isra\u00ebl pour terminer ses \u00e9tudes   de droit, invoquant les pressions de son travail d&rsquo;agent.    \u00a0   Un quart de si\u00e8cle plus tard, Tzipi Livni, 49 ans, est pressentie pour \u00eatre   Premier ministre, tandis qu&rsquo;Ehud Olmert, qui dirige Isra\u00ebl depuis deux ans et   demi, est accus\u00e9 d&rsquo;avoir accept\u00e9 des pots-de-vin d&rsquo;un homme d&rsquo;affaires   am\u00e9ricain.    \u00a0   D&rsquo;apr\u00e8s un sondage paru le 30 mai dernier, Livni b\u00e9n\u00e9ficierait d&rsquo;un soutien   deux fois plus important, au sein du parti Kadima au pouvoir, que son   principal adversaire, l&rsquo;ancien ministre de la D\u00e9fense Shaul Mofaz. Les   commentateurs politiques estiment qu&rsquo;Olmert ne devrait pas tarder \u00e0   d\u00e9missionner.    \u00a0   Livni est entr\u00e9e au Mossad apr\u00e8s avoir quitt\u00e9 l&rsquo;arm\u00e9e (avec le grade de   lieutenant) et fait une ann\u00e9e de droit. Depuis son poste \u00e0 Paris, elle a   traqu\u00e9 les militants arabes dans toute l&rsquo;Europe. \u00ab\u00a0Tzipi n&rsquo;avait rien d&rsquo;une   bureaucrate, raconte une connaissance. C&rsquo;est une femme intelligente, elle a un   QI de 150. Elle \u00e9tait tr\u00e8s \u00e0 l&rsquo;aise dans les capitales europ\u00e9ennes, o\u00f9 elle   travaillait avec des agents hommes, la plupart anciens membres de commandos, \u00e0   d\u00e9busquer les Arabes.\u00a0\u00bb    \u00a0   Livni n&rsquo;a jamais \u00e9voqu\u00e9 ses ann\u00e9es pass\u00e9es au Mossad, mais celle qui \u00e9tait   alors sa plus proche collaboratrice donne un aper\u00e7u de la nature de son   travail. \u00ab\u00a0Les risques \u00e9taient loin d&rsquo;\u00eatre n\u00e9gligeables, assure Mira Gal, qui   est devenue sa chef de cabinet. Au premier faux pas, je me serais fait arr\u00eater,   et cela aurait eu des cons\u00e9quences politiques catastrophiques pour Isra\u00ebl\u00a0\u00bb.     \u00a0   Livni, mari\u00e9e et m\u00e8re de deux enfants, a connu une ascension fulgurante dans   la vie politique isra\u00e9lienne depuis qu&rsquo;elle a \u00e9t\u00e9 \u00e9lue d\u00e9put\u00e9e, en 1999. Sa   carri\u00e8re s&rsquo;est faite lors de la cr\u00e9ation violente d&rsquo;Isra\u00ebl. Ses deux parents   ont \u00e9t\u00e9 arr\u00eat\u00e9s pour crimes terroristes dans les ann\u00e9es 1940. Sa m\u00e8re Sarah,   morte r\u00e9cemment \u00e0 l&rsquo;\u00e2ge de 85 ans, \u00e9tait une dirigeante de l&rsquo;Irgoun,   l&rsquo;organisation arm\u00e9e sioniste qui op\u00e9rait en Palestine \u00e0 l&rsquo;\u00e9poque du mandat   britannique et qui compte au nombre de ses exploits l&rsquo;attaque d&rsquo;un train. \u00ab\u00a0J&rsquo;\u00e9tais   d\u00e9guis\u00e9e en femme enceinte et j&rsquo;ai d\u00e9valis\u00e9 un train qui transportait 35 000   livres, a-t-elle racont\u00e9 dans une interview peu avant sa mort. Puis nous avons   fait sauter un autre train entre J\u00e9rusalem, et Tel-Aviv.\u00a0\u00bb\u00a0   \u00a0   \u00a0   Le p\u00e8re de Livni, Eitan, fut condamn\u00e9 \u00e0 quinze ans de prison pour avoir   attaqu\u00e9 une base militaire britannique. Il s&rsquo;est \u00e9vad\u00e9.    \u00a0   Livni, qui contrairement \u00e0 ses parents est favorable \u00e0 l&rsquo;existence d&rsquo;un Etat   palestinien, ne serait pas un Premier ministre conciliant. \u00ab\u00a0M\u00eame si Tzipi est   pr\u00eate \u00e0 c\u00e9der la Cisjordanie aux Palestiniens, elle serait intraitable   vis-\u00e0-vis de la Syrie et de l&rsquo;Iran, assure un commentateur politique de   premier plan. Elle est contre le retrait du Golan et, une fois Premier   ministre, elle voudra bombarder les sites nucl\u00e9aires iraniens.\u00a0\u00bb   \u00a0   \u00a0   \u00a0   <strong><font>(Source: Le journal \u201d Le Quotidien\u201d (Quotidien \u2013   Tunis) le\u00a0 06 juin 2008)<\/font><\/strong><\/div>\n<div align=\"left\">\n<hr\/>\n<\/div>\n<div align=\"center\">  \u00a0   <strong><\/p>\n<h6 style=\"color: blue;\"><font>Union pour la M\u00e9diterran\u00e9e: Un march\u00e9 de dupes.<\/font><\/h6>\n<p><\/strong><\/div>\n<div align=\"left\">  \u00a0<\/div>\n<div align=\"left\">        (Alterinfo 06\/06\/2008)    <strong><font>\u00abUn immigr\u00e9 c\u00b4est essentiellement une force de   travail provisoire, temporaire en transit.\u00bb Abdelmalek Sayad \u00abQu\u00b4est-ce qu\u00b4un   immigr\u00e9?\u00bb.   <\/font><\/strong>   Il ne se passe pas de jour sans que l\u00b4on parle \u00ab\u00a0outre-mer\u00a0\u00bb de la pr\u00e9sidence   fran\u00e7aise et des miracles attendus, \u00e0 telle enseigne que nous avons   l\u00b4impression qu\u00b4il n\u00b4y a pas actuellement de pr\u00e9sidence tournante. Tout est   fait pour pr\u00e9parer l\u00b4intronisation de la pr\u00e9sidence fran\u00e7aise avec comme point   d\u00b4orgue, cette Arl\u00e9sienne de Bizet qu\u00b4est devenue l\u00b4Union pour la M\u00e9diterran\u00e9e   qui pr\u00e9sente, on l\u00b4aura compris comme Janus, deux faces, celle du versant Nord   et de ses intentions profondes et celle du versant Sud \u00e9miett\u00e9, sans cap et   qui attend les ordres pour s\u00b4ex\u00e9cuter. On dit que l\u00b4Alg\u00e9rie r\u00e9serve sa r\u00e9ponse   et qu\u00b4elle accueille cette semaine une r\u00e9union pr\u00e9paratoire. Dans cette   contribution, nous voulons poser objectivement les tenants et les   aboutissements de ce march\u00e9 de dupes.       Il faut bien comprendre que l\u00b4Union europ\u00e9enne est compos\u00e9e de pays   scientifiquement d\u00e9velopp\u00e9s. Ces pays, qui ont atteint le summum de   l\u00b4organisation, de l\u00b4efficience de l\u00b4optimisation de la ressource, d\u00e9cident de   mettre en commun leur savoir, leur force \u00e9conomique pour aller \u00e0 la conqu\u00eate   du monde posant, de ce fait, de r\u00e9els soucis \u00e0 leurs alli\u00e9s am\u00e9ricains. Que   l\u00b4on se rende compte! Voil\u00e0 une Union europ\u00e9enne avec \u00ab\u00a027 Commissaires\u00a0\u00bb ayant   chacun une cinquantaine de sp\u00e9cialistes de la question, (agriculture, \u00e9nergie,   finances, politique agricole), bref, le patron Jos\u00e9 Manuel Barroso r\u00e8gne sur   un \u00ab\u00a0thinks tanks\u00a0\u00bb, immense bureau d\u00b4\u00e9tudes o\u00f9 s\u00b4\u00e9tablit, au millim\u00e8tre, la   strat\u00e9gie constamment adapt\u00e9e de l\u00b4Europe. Nous avons donc en face de nous une   machine \u00e0 penser avec 27 Commissaires autant de viviers d\u00b4id\u00e9es de r\u00e9flexion   et en d\u00e9finitive, une sup\u00e9riorit\u00e9 dans la r\u00e9flexion \u00e9crasante \u00e0 plus d\u00b4un   titre; l\u00b4Union europ\u00e9enne est un univers de 450 millions d\u00b4\u00e2mes avec un niveau   de vie en moyenne de 20.000 dollars par individu, 1000 universit\u00e9s, une   centaine de grandes \u00e9coles, autant de centres de recherches de qualit\u00e9 et   enfin un Mastodonte qui consomme 3000 tWh. Les 12 pays du Sud totalisent   difficilement 250Twh (le 1\/3 de l\u00b4Allemagne) A titre d\u00b4exemple, l\u00b4Alg\u00e9rie   consomme 30 tWh (1%) on dit qu\u00b4elle a des capacit\u00e9s avec le Sahara et qu\u00b4elle   contribuera \u00e0 terme \u00e0 alimenter l\u00b4Europe en \u00e9lectricit\u00e9, l\u00b4id\u00e9e n\u00b4est pas   nouvelle, elle est d\u00e9j\u00e0 mise en oeuvre.       <font><strong>Le pot de terre et le pot de fer<\/strong><\/font>        Que pouvons-nous pr\u00e9senter en face de l\u00b4Union europ\u00e9enne, un listing de pays   aux antipodes id\u00e9ologiques entre eux et plus divis\u00e9s que jamais. A titre   d\u00b4exemple, les pays maghr\u00e9bins, ne font pas le poids devant le rouleau   compresseur que leur oppose l\u00b4Europe sur chaque dossier. La r\u00e9alit\u00e9 est   magistralement d\u00e9crite par cette sentence sans appel de Habib Boular\u00e8s,   secr\u00e9taire g\u00e9n\u00e9ral de l\u00b4UMA: \u00ab\u00a0L\u00b4Europe, qui freine des quatre fers \u00e0 la   fronti\u00e8re turque, envisage all\u00e8grement l\u00b4int\u00e9gration de l\u00b4Ukraine et de la   Moldavie&#8230;En termes diplomatiques, il est dit aux pays de l\u00b4UMA, vous ne   serez jamais que des voisins, une banlieue difficile d\u00b4une m\u00e9tropole prosp\u00e8re.\u00a0\u00bb        Plusieurs questions restent sans r\u00e9ponse. Pourquoi impliquer la Turquie qui   est candidate \u00e0 l\u00b4Union? Le probl\u00e8me de la participation d\u00b4Isra\u00ebl: sa   politique envers les pays arabes, le fait de c\u00f4toyer le rendrait discr\u00e8tement   et inexorablement fr\u00e9quentable aux autres pays qui ne demandent qu\u00b4\u00e0 le faire,   en plus de ceux qui ont des liens directs ou indirects avec cet Etat. C\u00b4est   donc un probl\u00e8me, accepter de si\u00e9ger dans ces conditions cautionnerait la   politique d\u00b4apartheid et colonialiste contre les Palestiniens. Le probl\u00e8me de   la circulation des personnes &#8211; \u00e9l\u00e9ment structurant de la mondialisation &#8211; le   probl\u00e8me des zones de r\u00e9tention dans les pays m\u00e9diterran\u00e9ens \u00e0 qui on demande   de faire les gardes chiourmes de tous ceux tent\u00e9s de traverser la mer. Voil\u00e0   ce qu\u00b4est la politique de co-d\u00e9veloppement que propose la France qui a r\u00e9ussi   \u00e0 convaincre ses partenaires qu\u00b4il faut plus que jamais barricader les   fronti\u00e8res. En fait, cette tentative de \u00ab\u00a0divide ut impere\u00a0\u00bb \u00a0\u00bb diviser pour   r\u00e9gner \u00a0\u00bb est classique. Le destin des pays du Sud riverains de la M\u00e9diterran\u00e9e   n\u00b4est pas dans un quelconque n\u00e9ocolonialisme europ\u00e9en visant \u00e0 contrecarrer la   Chine, voire les Etats-Unis et surtout \u00e0 se prot\u00e9ger des hordes barbares du   Sud, il est d\u00b4abord dans une introspection des peuples &#8211; qui doivent \u00eatre   consult\u00e9s- pour \u00e9valuer l\u00b4int\u00e9r\u00eat sup\u00e9rieur. Il ne faut pas oublier que notre   destin est africain et que la strat\u00e9gie de la forteresse Europe est de   continuer \u00e0 exploiter \u00e0 distance les pays anciennement colonis\u00e9s, sous   pr\u00e9texte qu\u00b4ils nous apportent un savoir-faire depuis un demi-si\u00e8cle   d\u00b4ind\u00e9pendance, nous ne savons plus rien faire. C\u00b4est tragique parce que nos   vrais probl\u00e8mes n\u00b4int\u00e9ressent pas l\u00b4Europe et la France qui met tant de z\u00e8le \u00e0   s\u00b4ent\u00eater \u00e0 r\u00e9animer le cadavre du \u00ab\u00a0Processus de Barcelone\u00a0\u00bb ressorti du   placard. Le probl\u00e8me du d\u00e9veloppement des pays riverains \u00e0 qui on promet des   projets qui arrangent on l\u00b4aura compris, les pays du Nord mais qui ne   correspondent \u00e0 aucune logique du d\u00e9veloppement des pays du Sud. Que l\u00b4on nous   parle de la d\u00e9pollution de la M\u00e9diterran\u00e9e, ce n\u00b4est pas une priorit\u00e9 pour les   Alg\u00e9riens, voire pour les Tunisiens et Marocains; on nous parle des   changements climatiques et les solutions communes pour y faire face, le Sud de   la M\u00e9diterran\u00e9e n\u00b4en est pas responsable et c\u00b4est un coup d\u00b4\u00e9p\u00e9e dans l\u00b4eau.   C\u00b4est \u00e0 l\u00b4Europe et aux pays industrialis\u00e9s de revenir \u00e0 la sobri\u00e9t\u00e9   \u00e9nerg\u00e9tique pour conjurer les changements climatiques.       Ce qui int\u00e9resse l\u00b4Europe, c\u00b4est surtout le containment de l\u00b4\u00e9migration non   choisie, c\u00b4est aussi le march\u00e9 m\u00e9diterran\u00e9en (75% du commerce maghr\u00e9bin se   fait avec l\u00b4Europe, l\u00b4Alg\u00e9rie a achet\u00e9 pour 17 milliards de dollars en 2007).   En fait, il ne reste pas grand-chose de la vision imp\u00e9riale du projet de   Nicolas Sarkozy qui, d\u00b4une certaine fa\u00e7on,voulait l\u00e9galiser au niveau europ\u00e9en   son \u00ab\u00a0n\u00e9o-protectorat\u00a0\u00bb sur le Maghreb. Dans les faits, l\u00b4Europe ne veut pas   laisser libre cours aux Etats-Unis et \u00e0 la Chine pour la course aux march\u00e9s   africains. Elle a d\u00e9j\u00e0 lamin\u00e9 l\u00b4Afrique en lui imposant en d\u00e9cembre 2007,   d\u00b4une fa\u00e7on drastique les conditions humiliantes du libre echange qui va   ruiner encore plus les pays africains. avec, on l\u00b4aura compris, un   d\u00e9s\u00e9quilibre en d\u00e9faveur de l\u00b4Afrique. Par ailleurs, l\u00b4autopsie du Processus   de Barcelone n\u00b4a jamais \u00e9t\u00e9 faite. Souvenons-nous de la mutation, en 5+5. Pour   rappel, le d\u00e9funt Processus de Barcelone a souffert au tout premier plan d\u00b4un   manque de volont\u00e9 d\u00b4engagement de chacun des partenaires. De m\u00eame, la   multiplication des initiatives en M\u00e9diterran\u00e9e, tels le Dialogue \u00ab\u00a05+5\u00a0\u00bb cr\u00e9\u00e9 en   1990, r\u00e9unissant 5 pays du \u00ab\u00a0Nord\u00a0\u00bb (Espagne, France, Italie, Malte, Portugal)   et 5 pays du \u00ab\u00a0Sud\u00a0\u00bb (Alg\u00e9rie, Libye, Maroc, Mauritanie, Tunisie) qui constitue   une enceinte informelle de dialogue, et le \u00ab\u00a0Forum m\u00e9diterran\u00e9en\u00a0\u00bb (cr\u00e9\u00e9 en   1994), la mise en place en 2004 de la \u00ab\u00a0Politique europ\u00e9enne de voisinage\u00a0\u00bb (PEV)   tend \u00e0 annuler la sp\u00e9cificit\u00e9 du Partenariat Euromed.       L\u00b4objectif, nous dit-on, de l\u00b4Union pour la M\u00e9diterran\u00e9e &#8211; Processus de   Barcelone, est de faire travailler ensemble autour de \u00ab\u00a0projets concrets\u00a0\u00bb 39   pays: les 27 et 12 pays du sud de la M\u00e9diterran\u00e9e. Nous savons globalement   quelles sont les pr\u00e9occupations des pays du Nord: -s\u00e9curit\u00e9 \u00e9nerg\u00e9tique et   environnementale -s\u00e9curit\u00e9 contre l\u00b4envahissement par les r\u00e9fugi\u00e9s \u00e9conomiques   et bient\u00f4t climatiques -s\u00e9curit\u00e9 contre le \u00ab\u00a0terrorisme\u00a0\u00bb -accessoirement,   ouverture des march\u00e9s pour vendre leurs surplus. Parlons-en de cette propri\u00e9t\u00e9   commune \u00ab\u00a0moulkia mouchtaraka\u00a0\u00bb comme le mart\u00e8le Alain Le Roy. Est-ce une   propri\u00e9t\u00e9 que l\u00b4on doit faire vivre mille ans ou simplement une auberge   espagnole, une sorte de mercuriale o\u00f9 les projets sont attribu\u00e9s \u00e0 la cri\u00e9e ou   \u00e0 la capacit\u00e9 de nuisance du demandeur. On l\u00b4aura compris, m\u00eame ce processus   de Barcelone r\u00e9anim\u00e9 n\u00b4est pas du go\u00fbt des pays de l\u00b4Europe de l\u00b4Est qui ne se   sentent pas concern\u00e9s ni culturellement si commercialement par cette banlieue   turbulente. Ainsi, le 26 mai, lors d\u00b4une rencontre des ministres des Affaires   \u00e9trang\u00e8res de l\u00b4Union europ\u00e9enne \u00e0 Varsovie, la mise en place d\u00b4un nouveau \u00ab\u00a0Partenariat   oriental\u00a0\u00bb de l\u00b4UE, qui concernerait l\u00b4Ukraine, la Bi\u00e9lorussie, la Moldavie, la   G\u00e9orgie, l\u00b4Arm\u00e9nie et l\u00b4Azerba\u00efdjan. \u00ab\u00a0En Pologne, nous faisons la distinction   entre la dimension m\u00e9ridionale et la dimension orientale [de la PEV], et cette   distinction est la suivante: au sud, nous avons des voisins de l\u00b4Europe, \u00e0   l\u00b4est, nous avons des voisins europ\u00e9ens\u00a0\u00bb, a-t-il expliqu\u00e9. Et, selon lui, cela   constitue \u00ab\u00a0une grande diff\u00e9rence\u00a0\u00bb.\u00a0\u00bb(1) Ils regrettent que l\u00b4Europe persiste \u00e0   se tourner vers le Sud au lieu d\u00b4aider les pays de l\u00b4Est. Naturellement, pas   un mot de la Bosnie, de l\u00b4Albanie, du Kosovo, de la Turquie. A cette derni\u00e8re   qui frappe \u00e0 la porte de l\u00b4Europe depuis cinquante ans, la France propose   justement de diluer l\u00b4esp\u00e9rance de la Turquie \u00ab\u00a0l\u00b4Homme malade de l\u00b4Europe\u00a0\u00bb   dans ce ClubMed.       Il ne reste plus grand-chose des plans ambitieux de la France pour une \u00ab\u00a0Union   pour la M\u00e9diterran\u00e9e\u00a0\u00bb alors que la Commission pr\u00e9sentait hier ses propositions   sur l\u00b4initiative, apaisant les craintes que cette union ne soit un club ferm\u00e9   ligu\u00e9 contre la Turquie. La nouvelle initiative, intitul\u00e9e \u00ab\u00a0le Processus de   Barcelone-Union pour la M\u00e9diterran\u00e9e\u00a0\u00bb, serait g\u00e9r\u00e9e par une copr\u00e9sidence   tournante comprenant un pays membre de l\u00b4UE et un pays partenaire de la   M\u00e9diterran\u00e9e, portant ainsi un coup aux ambitions de M. Sarkozy. La Commission   a bien fait comprendre que ce projet n\u00b4est pas dirig\u00e9 contre la Turquie et ne   vise pas \u00e0 s\u00b4\u00e9loigner de l\u00b4objectif des pourparlers d\u00b4adh\u00e9sion de la Turquie \u00e0   l\u00b4UE. Le coup de gr\u00e2ce au projet initial a \u00e9t\u00e9 donn\u00e9 sournoisement par Juan   Manuel Barroso qui d\u00e9finit sans \u00e9tat d\u00b4\u00e2me ce qui est attendu de cette Union:   \u00ab\u00a0La M\u00e9diterran\u00e9e est sans doute la r\u00e9gion la plus critique pour l\u00b4avenir de   l\u00b4Europe. Elle est centrale pour les questions d\u00b4immigration, d\u00b4environnement,   de transports de l\u00b4\u00e9nergie&#8230;.La France doit donc jouer le jeu europ\u00e9en, sans   arrogance, sans h\u00e9g\u00e9monie, y compris dans son int\u00e9r\u00eat national&#8230;.\u00a0\u00bb.(2)       Nous pr\u00e9f\u00e9rons de loin les propositions, pour une fois coh\u00e9rentes, du Parti   socialiste europ\u00e9en (PSE). Pasqualina Napoletano, vice-pr\u00e9sidente du groupe   socialiste au Parlement europ\u00e9en, a qualifi\u00e9 les propositions de M.Sarkozy de   \u00ab\u00a0volontaristes\u00a0\u00bb. Le document souligne la n\u00e9cessit\u00e9 de surmonter les \u00ab\u00a0peurs   hyst\u00e9riques\u00a0\u00bb sur l\u00b4immigration, selon ses propres termes. Elle estime que   l\u00b4Europe devrait plut\u00f4t se concentrer sur des strat\u00e9gies \u00e0 long terme pour ses   projets, en stimulant l\u00b4emploi dans ses pays partenaires du Sud et en   r\u00e9duisant le foss\u00e9 social entre le Nord et le Sud. Elle a \u00e9galement insist\u00e9   sur la n\u00e9cessit\u00e9 d\u00b4aider la soci\u00e9t\u00e9 civile et les forces politiques   d\u00e9mocratiques dans le sud de la M\u00e9diterran\u00e9e. Les socialistes sont \u00e9galement   enthousiastes \u00e0 l\u00b4id\u00e9e d\u00b4ajouter la perspective de la candidature turque \u00e0   l\u00b4UE et ne souhaitent pas qu\u00b4elle soit remplac\u00e9e par un partenariat   m\u00e9diterran\u00e9en\u00a0\u00bb(3)          En d\u00e9finitive, que deviendrait le processus quand nous aurons un pr\u00e9sident   europ\u00e9en totalement d\u00e9tach\u00e9 de la r\u00e9alit\u00e9 et de l\u00b4ambiance m\u00e9diterran\u00e9enne   avec en face un partenaire impr\u00e9visible? En fait, L\u00b4Europe se barricade, la   politique migratoire que veut imposer la France \u00e0 l\u00b4Union europ\u00e9enne n\u00b4a   jamais \u00e9t\u00e9 aussi inhumaine. Le seul pays qui y trouve pour le moment son   compte, c\u00b4est l\u00b4Italie de Berlusconi. L\u00b4Europe, apr\u00e8s avoir cr\u00e9\u00e9 le Sive pour   surveiller les c\u00f4tes espagnoles \u00e0 partir de Gibraltar, apr\u00e8s avoir cr\u00e9\u00e9 une   flotte \u00ab\u00a0quaismilitaire\u00a0\u00bb -Frontex- pour rep\u00e9rer les \u00e9paves humaines qui   tenteraient d\u00b4approcher de ses rives, veut mettre en place des centres de   r\u00e9tention sur le versant sud de la M\u00e9diterran\u00e9e et ne pas avoir \u00e0 g\u00e9rer sur   son sol pour des raisons \u00ab\u00a0hypocritement\u00a0\u00bb humanitaires, les centres de   r\u00e9tention qui sont \u00ab\u00a0incompatibles\u00a0\u00bb avec l\u00b4image de patrie de la tol\u00e9rance et   des droits de l\u00b4homme&#8230;.(4)       <strong><font>Union avec le diable?<\/font><\/strong>       L\u00b4Europe vieillit et elle a un retard technologique sur les Etats-Unis, la   Chine et l\u00b4Inde. Comment faire? Il lui faut du sang neuf pour payer les   retraites, il lui faut des cadres de qualit\u00e9. Elle ouvre son march\u00e9   d\u00e9finitivement aux anciens pays de l\u00b4Est. De ce fait, les plombiers seront   majoritairement polonais. Par contre, elle a besoin d\u00b4ing\u00e9nieurs, de m\u00e9decins,   d\u00b4architectes. Pour cela, elle met en place sans \u00e9tat d\u00b4\u00e2me une \u00e9migration   choisie en aspirant les \u00e9lites que les pays du Sud de la M\u00e9diterran\u00e9e ont mis   tant de temps et eu tant de mal \u00e0 former. Pour cela, il lui faut contr\u00f4ler les   vell\u00e9it\u00e9s de recherche et les programmes de formations. Elle uniformise le LMD   dans les pays du Sud. Elle promet un vague projet de type Erasmus, mais ne   fait, chaque ann\u00e9e, insidieusement, inexorablement et discr\u00e8tement que vider   de leur s\u00e8ve intellectuelle les pays du Sud.       Voil\u00e0 en d\u00e9finitive les non-dits de cette Union avec le Diable qui pr\u00e9cipitera   encore plus les peuples du Sud dans la m\u00e9diocrit\u00e9 et le chaos.    Dans un article du 23 juillet dernier dans ce m\u00eame journal, nous \u00e9crivions \u00ab\u00a0Le   Maghreb n\u00b4a pas besoin de cette Union, il a besoin qu\u00b4on l\u00b4aide \u00e0, d\u00b4abord,   r\u00e9aliser l\u00b4Union dans ses rangs d\u00b4une fa\u00e7on apais\u00e9e. Imaginons l\u00b4utopie   suivante: une Union maghr\u00e9bine avec un territoire de plus de 5 millions de   km\u00b2, fort d\u00b4une population actuelle de 80 millions d\u00b4habitants, avec une   jeunesse exub\u00e9rante dont l\u00b4horizon ne sera pas la fuite du pays.    Une intelligentsia avec plusieurs centaines de milliers de dipl\u00f4m\u00e9s par an, un   territoire riche en \u00e9nergie fossile et avec le plus grand gisement solaire, \u00e0   telle enseigne qu\u00b4une \u00e9tude allemande affirme tr\u00e8s s\u00e9rieusement que le Sahara   peut alimenter l\u00b4Europe d\u00b4une fa\u00e7on permanente en \u00e9nergie \u00e9lectrique \u00e0 partir   du solaire et enfin une agronomie multiforme avec, par-dessus tout, une   identit\u00e9 culturelle et cultuelle commune forg\u00e9e par l\u00b4histoire\u00a0\u00bb. Il est   dommage que l\u00b4Union europ\u00e9enne ait donn\u00e9 son feu vert \u00e0 un projet qui passera   certainement \u00e0 la trappe du fait qu\u00b4il fait l\u00b4impasse sur le besoin de libert\u00e9   des peuples du Sud de la M\u00e9diterran\u00e9e \u00e0 qui on ne demande pas leur avis.   Pourquoi ne serions-nous pas capables de participer \u00e0 la gestion des grands   dossiers de nos pays respectifs? Pourquoi plus simplement, les citoyens du Sud   sont trait\u00e9s comme des pestif\u00e9r\u00e9s et sont ind\u00e9sirables en Europe, o\u00f9 on n\u00b4en   veut m\u00eame pas comme touristes. Les images des cha\u00eenes humaines implorant un   hypoth\u00e9tique visa sont une tache \u00e0 la face de l\u00b4Europe. C\u00b4est cela le drame de   la M\u00e9diterran\u00e9e et cette UPM rsera \u00e0 non point douter, un nouveau coup d\u00b4\u00e9p\u00e9e   dans l\u00b4eau.       <font><strong>1.Ahto Lobjakas *www.rferl.org. Courrier   International 27 mai 2008    2.J.M.Barroso: \u00ab\u00a0La France doit jouer le jeu europ\u00e9en sans arrogance\u00a0\u00bb La Croix   22\/05\/2008    3.Euractiv: jeudi 15 mai 2008    4.C.E.Chitour: La nouvelle immigration entre errance et body-shopping Ed.Enag   2004.       <\/strong><\/font><font><strong>Pr Chems Eddine CHITOUR    <\/strong><\/font>Ecole Nationale Polytechnique<\/div>\n<div align=\"left\">\n<hr\/>\n<\/div>\n<div align=\"center\"> <strong><\/p>\n<h6 style=\"color: blue;\"><font>Vendu sous le manteau<\/font><\/h6>\n<p><\/strong><\/div>\n<div align=\"left\">  \u00a0<\/div>\n<div align=\"left\">  Il n\u2019emp\u00eache que le voile continue \u00e0 gagner en popularit\u00e9 et donne naissance \u00e0   un commerce prosp\u00e8re. \u00ab\u00a0J\u2019avais du mal \u00e0 arrondir mes fins de mois en vendant   du parfum et de la lingerie. D\u00e9sormais, je vends des foulards et la demande ne   cesse d\u2019augmenter\u00a0\u00bb, confie Na\u00efma. Les contr\u00f4les policiers n\u2019ont toutefois pas   laiss\u00e9 ce commerce prosp\u00e9rer dans les grandes boutiques de la capitale, ce qui   fait le bonheur des commer\u00e7ants du march\u00e9 noir. A dix kilom\u00e8tres du centre de   Tunis, les marchands du souk Lybia en tirent ainsi profit. \u00ab\u00a0Que Dieu les   b\u00e9nisse, elles ont choisi le retour \u00e0 l\u2019islam. Quant \u00e0 moi, j\u2019ai trouv\u00e9 le   produit qui m\u2019a sauv\u00e9 du ch\u00f4mage et m\u2019a permis de gagner ma vie : le hijab\u00a0\u00bb,   se f\u00e9licite Walid, un marchand de ce souk. La question du voile r\u00e9sume toute   l\u2019ambigu\u00eft\u00e9 de la Tunisie actuelle \u00e0 la recherche de son identit\u00e9 entre   foulard islamique et jeans moulant, Orient et Occident.         <strong><font>Fethi Djebali<\/font><\/strong><\/div>\n<div align=\"left\">\n<hr\/>\n<\/div>\n<div align=\"center\">  \u00a0   <strong><\/p>\n<p><font>Partenariat Strat\u00e9gique-F\u00e8s, capitale de la   M\u00e9diterran\u00e9e: Dialogue sur le renforcement des synergies Nord-Sud<\/font><\/p>\n<p><\/strong><\/div>\n<div align=\"left\">  \u00a0<\/div>\n<div align=\"left\">     Les travaux du congr\u00e8s international, qui se tient du 4 au 6 juin \u00e0 F\u00e8s sur \u00ab\u00a0L&rsquo;Union   pour la M\u00e9diterran\u00e9e: quelles conditions pour quelles perspectives?\u00a0\u00bb, se   poursuivent aujourd&rsquo;hui en pr\u00e9sence de plusieurs personnalit\u00e9s du monde   politique et des affaires, intellectuels du pourtour m\u00e9diterran\u00e9en.       Initi\u00e9e par le Centre marocain interdisciplinaire des \u00e9tudes strat\u00e9giques et   internationales (CMIESI), sous le Haut patronage de Sa Majest\u00e9 le Roi Mohammed   VI, cette rencontre internationale r\u00e9unit plus de 200 personnalit\u00e9s devant   donner des analyses autour du projet de l&rsquo;Union pour la M\u00e9diterran\u00e9e.   F\u00e8s abritera \u00e9galement, les 12 et 13 juin courant \u00e0 l&rsquo;initiative de la Chambre   des conseillers, une r\u00e9union de ses deux groupes de travail charg\u00e9s du   dialogue des cultures et des questions de migration.      Organis\u00e9e dans le cadre de l&rsquo;Assembl\u00e9e parlementaire de la M\u00e9diterran\u00e9e (APM),   cette r\u00e9union aura lieu avec la participation des repr\u00e9sentants de plusieurs   parlements des pays m\u00e9diterran\u00e9ens ou proches de la M\u00e9diterran\u00e9e, notamment   l&rsquo;Albanie, la France, la Gr\u00e8ce, l&rsquo;Italie, Malte, la Turquie, le Portugal, la   Palestine et la Jordanie. Sont \u00e9galement convi\u00e9s \u00e0 cette rencontre, les   repr\u00e9sentants de l&rsquo;Union interparlementaire arabe (UIPA), du Conseil de   l&rsquo;Europe et de l&rsquo;Organisation internationale pour les migrations (OIM).      Ainsi, la capitale spirituelle tend \u00e0 approfondir la r\u00e9flexion sur la   coop\u00e9ration renforc\u00e9e devant permettre de donner une nouvelle impulsion aux   relations euro-m\u00e9diterran\u00e9ennes et d&rsquo;interpeller tous les partenaires du   dialogue sur les cr\u00e9neaux de coop\u00e9ration \u00e0 m\u00eame de renforcer les synergies \u00e0   la fois Nord-Sud et Sud-Sud.      L&rsquo;objectif est de relancer le partenariat strat\u00e9gique, vecteur d&rsquo;une vision   partag\u00e9e, d&rsquo;une alliance qui pr\u00e9figure le grand projet m\u00e9diterran\u00e9en lanc\u00e9 par   le chef de l&rsquo;Etat fran\u00e7ais, Nicolas Sarkosy et auquel S.M. le Roi Mohammed VI   apporte son appui total.      A ce propos, S.M. le Roi Mohammed VI avait assur\u00e9 le pr\u00e9sident fran\u00e7ais de \u00abl&rsquo;engagement   du Royaume du Maroc \u00e0 \u0153uvrer de concert avec la France pour l&rsquo;\u00e9dification   d&rsquo;une nouvelle Union m\u00e9diterran\u00e9enne favorisant l&rsquo;\u00e9mergence d&rsquo;un espace   politiquement homog\u00e8ne, \u00e9conomiquement solidaire et culturellement f\u00e9cond\u00bb. En   effet, le Maroc, qui joue un r\u00f4le pr\u00e9curseur dans le processus de Barcelone,   l&rsquo;accord d&rsquo;association et le partenariat Euromed, souhaite renforcer ses   relations avec l&rsquo;UE et les faire \u00e9voluer vers un partenariat privil\u00e9gi\u00e9.       L&rsquo;approfondissement de ces liens, devrait permettre d&rsquo;identifier de nouvelles   actions de coop\u00e9ration et de renforcer les relations politiques. Initi\u00e9 \u00e0 la   Conf\u00e9rence euro-m\u00e9diterran\u00e9enne des ministres des Affaires \u00e9trang\u00e8res (Barcelone   &#8211; novembre1995), le partenariat euro-m\u00e9diterran\u00e9en est le cadre \u00e9largi des   relations politiques, \u00e9conomiques et sociales entre les 27 Etats membres de   l&rsquo;Union europ\u00e9enne et les 12 partenaires de la rive sud de la M\u00e9diterran\u00e9e (Alg\u00e9rie,   Autorit\u00e9 palestinienne, Chypre, \u00c9gypte,Isra\u00ebl, Jordanie, Liban, Malte, Maroc,   Syrie, Tunisie,Turquie). Ce processus a pour objectif, entre autres, la   d\u00e9finition d&rsquo;un espace commun de paix et de stabilit\u00e9 au moyen d&rsquo;un   renforcement du dialogue politique et de la s\u00e9curit\u00e9.      Le besoin de renforcer la stabilit\u00e9 en M\u00e9diterran\u00e9e par la consolidation du   partenariat entre les Etats des deux rives de la M\u00e9diterran\u00e9e constitue donc   un enjeu majeur pour les ann\u00e9es \u00e0 venir. Aujourd&rsquo;hui, tous les pays membres   expriment une perception commune des enjeux de s\u00e9curit\u00e9 et de protection des   populations dans la r\u00e9gion m\u00e9diterran\u00e9enne, dans un contexte international   marqu\u00e9 par la lutte contre le terrorisme international et la criminalit\u00e9   organis\u00e9e.   \u00a0   <strong><font>\u00a0(Source: Le journal \u201dLe Matin\u201d (Quotidien \u2013   Algerie) le\u00a0 06 juin 2008)<\/font><\/strong><\/div>\n<div align=\"left\">\n<hr\/>\n<\/div>\n<div align=\"center\"> <strong><\/p>\n<h6 style=\"color: blue;\"><font>Danse du ventre de Rachida Dati \u00e0 Tunis<\/font><\/h6>\n<p><\/strong><\/div>\n<div align=\"left\">  \u00a0<\/div>\n<div align=\"left\">        (Bakchich 06\/06\/2008)       Coinc\u00e9e entre le marteau Carla et l\u2019enclume UMP, Rachida ne reste pas inactive.   Pr\u00e9sente en avril dernier lors du voyage de Nicolas Sarkozy en Tunisie,   Rachida Dati n\u2019a pas m\u00e9nag\u00e9 sa peine pour entrer en gr\u00e2ce aupr\u00e8s de la   premi\u00e8re dame de France.      Lors du dernier voyage en Tunisie de Sarkozy, fin avril dernier, Rachida Dati   a d\u00e9rog\u00e9 \u00e0 ses habitudes. La garde des sceaux s\u2019est ostensiblement \u00e9cart\u00e9e de   la d\u00e9l\u00e9gation officielle, compos\u00e9e au total de sept ministres, d\u2019un ancien   premier ministre, Jean-Pierre Raffarin, et de deux natifs de Tunis, Philippe   S\u00e9guin et Pierre Lellouche ; d\u00e9laissant pour une fois les puissants de ce   monde. Et s\u2019est lanc\u00e9e dans une vaste op\u00e9ration s\u00e9duction aupr\u00e8s des invit\u00e9s   priv\u00e9s du chef de l\u2019Etat et de sa compagne.      Ben Ali, l\u2019h\u00f4te de Rachida\u00a9 Khalid\u00c0 chaque voyage officiel \u00e0 l\u2019\u00e9tranger, le   Pr\u00e9sident invite en effet un certain nombre de personnalit\u00e9s de la soci\u00e9t\u00e9   civile li\u00e9es, soit par leur origine, soit par leur activit\u00e9 professionnelle,   au pays visit\u00e9. C\u2019est ainsi que, lors du voyage \u00e0 Tunis, furent par exemple   convi\u00e9s Daniella Lumbroso et Serge Moati.      Carla, quant \u00e0 elle, avait ses propres invit\u00e9s : Fran\u00e7ois Baudot, le parrain   de son fils Aur\u00e9lien, Danielle Kadeyan, une amie et voisine, Leila Menchari,   d\u00e9coratrice tunisienne des vitrines d\u2019Herm\u00e8s, et enfin (et surtout), Farida   Khelfa, amie intime de Carla, son t\u00e9moin de mariage et ex-\u00e9g\u00e9rie du cr\u00e9ateur   Azzedine Ala\u00efa.      Et Rachida ? \u00ab Rachida n\u2019a pas l\u00e2ch\u00e9 cette derni\u00e8re [Farida Khelfa] d\u2019une   semelle pendant tout le s\u00e9jour \u00bb, rapporte \u00e0 Bakchich un observateur tr\u00e8s   attentif de cette danse du ventre.      vendredi 6 juin par Eric Laffitte    \u00a0   <strong><font>(Source : \u00ab Bakchich \u00bb (Satirique \u2013 France), le   06 juin 2008)   <font>Lien: http:\/\/www.bakchich.info\/article3956.html<\/font><\/font><\/strong><\/div>\n<div align=\"left\">\n<hr\/>\n<\/div>\n<div align=\"center\"> <strong><\/p>\n<h6 style=\"color: blue;\"><font>Ouverture \u00e0 Alger du Forum des pays de la   M\u00e9diterran\u00e9e<\/font><\/h6>\n<p><\/strong><\/div>\n<div align=\"left\">  \u00a0<\/div>\n<div align=\"left\">        (A.P. 06\/06\/2008)       La 15e \u00e9dition du Forum m\u00e9diterran\u00e9en (Formed), qui a cette ann\u00e9e pour   principal point \u00e0 l&rsquo;ordre du jour le projet d&rsquo;Union pour la M\u00e9diterran\u00e9e (UPM),   s&rsquo;est ouverte officiellement vendredi \u00e0 Alger.      \u00ab\u00a0Ce rendez-vous offre l&rsquo;occasion de d\u00e9battre de l&rsquo;UPM d&rsquo;une mani\u00e8re   multilat\u00e9rale, avant son lancement officiel pr\u00e9vu le 13 juillet \u00e0 Paris\u00a0\u00bb, a   soulign\u00e9 le ministre alg\u00e9rien des Affaires \u00e9trang\u00e8res, Mourad Medelci, h\u00f4te de   cette conf\u00e9rence.      La r\u00e9union minist\u00e9rielle, qui avait \u00e9t\u00e9 pr\u00e9c\u00e9d\u00e9e jeudi en d\u00e9but de soir\u00e9e   d&rsquo;une rencontre entre experts, a d\u00e9but\u00e9 vendredi par une cession pl\u00e9ni\u00e8re.      Outre les onze pays membres du Formed (Alg\u00e9rie, Eypte, Maroc, Tunisie, Espagne,   France, Gr\u00e8ce, Italie, Malte, Portugal, Turquie), y participent la Slov\u00e9nie,   en tant que pr\u00e9sidente en exercice de l&rsquo;Union europ\u00e9enne (UE), et la Libye, en   sa qualit\u00e9 de pr\u00e9sidente en exercice de l&rsquo;Union du Maghreb arabe (UMA).      C&rsquo;est la deuxi\u00e8me fois qu&rsquo;Alger abrite la conf\u00e9rence minist\u00e9rielle du Formed,   lanc\u00e9 en 1994, apr\u00e8s celle tenue en juillet 1997.<\/div>\n<p align=\"left\" dir=\"ltr\">\u00a0<\/p>\n<p align=\"center\" dir=\"ltr\"><b><a href=\"http:\/\/www.tunisnews.net\"><font face=\"Arial\"><span><font size=\"2\">Home<\/font><\/span><font size=\"2\"><span lang=\"FR-CH\"> &#8211; Accueil <\/span><span>&#8211; <\/span><\/font><\/font><span dir=\"rtl\" lang=\"AR-SA\"><font size=\"2\">\u0627\u0644\u0631\u0626\u064a\u0633\u064a\u0629<\/font><\/span><\/a><\/b><\/p>\n<p><\/body><\/body><\/html><\/p>\n","protected":false},"excerpt":{"rendered":"<p>Home &#8211; Accueil TUNISNEWS \u00a08\u00a0\u00e8me\u00a0ann\u00e9e, N\u00b0 \u00a02936 du 06.06.2008\u00a0archives : www.tunisnews.net Comit\u00e9 de Soutien aux Habitants du Bassin Minier de Gafsa:Le pouvoir tunisien r\u00e9prime dans le sang la r\u00e9volte du bassin minier Comit\u00e9 de Soutien aux Habitants du Bassin Minier de Gafsa:Communiqu\u00e9 de presse:Le pouvoir tunisien r\u00e9prime dans le sang la r\u00e9volte du bassin minier [&hellip;]<\/p>\n","protected":false},"author":1,"featured_media":22040,"comment_status":"open","ping_status":"open","sticky":false,"template":"","format":"standard","meta":{"inline_featured_image":false,"site-sidebar-layout":"default","site-content-layout":"","ast-site-content-layout":"default","site-content-style":"default","site-sidebar-style":"default","ast-global-header-display":"","ast-banner-title-visibility":"","ast-main-header-display":"","ast-hfb-above-header-display":"","ast-hfb-below-header-display":"","ast-hfb-mobile-header-display":"","site-post-title":"","ast-breadcrumbs-content":"","ast-featured-img":"","footer-sml-layout":"","ast-disable-related-posts":"","theme-transparent-header-meta":"","adv-header-id-meta":"","stick-header-meta":"","header-above-stick-meta":"","header-main-stick-meta":"","header-below-stick-meta":"","astra-migrate-meta-layouts":"default","ast-page-background-enabled":"default","ast-page-background-meta":{"desktop":{"background-color":"","background-image":"","background-repeat":"repeat","background-position":"center center","background-size":"auto","background-attachment":"scroll","background-type":"","background-media":"","overlay-type":"","overlay-color":"","overlay-opacity":"","overlay-gradient":""},"tablet":{"background-color":"","background-image":"","background-repeat":"repeat","background-position":"center center","background-size":"auto","background-attachment":"scroll","background-type":"","background-media":"","overlay-type":"","overlay-color":"","overlay-opacity":"","overlay-gradient":""},"mobile":{"background-color":"","background-image":"","background-repeat":"repeat","background-position":"center center","background-size":"auto","background-attachment":"scroll","background-type":"","background-media":"","overlay-type":"","overlay-color":"","overlay-opacity":"","overlay-gradient":""}},"ast-content-background-meta":{"desktop":{"background-color":"var(--ast-global-color-5)","background-image":"","background-repeat":"repeat","background-position":"center center","background-size":"auto","background-attachment":"scroll","background-type":"","background-media":"","overlay-type":"","overlay-color":"","overlay-opacity":"","overlay-gradient":""},"tablet":{"background-color":"var(--ast-global-color-5)","background-image":"","background-repeat":"repeat","background-position":"center center","background-size":"auto","background-attachment":"scroll","background-type":"","background-media":"","overlay-type":"","overlay-color":"","overlay-opacity":"","overlay-gradient":""},"mobile":{"background-color":"var(--ast-global-color-5)","background-image":"","background-repeat":"repeat","background-position":"center center","background-size":"auto","background-attachment":"scroll","background-type":"","background-media":"","overlay-type":"","overlay-color":"","overlay-opacity":"","overlay-gradient":""}},"footnotes":""},"categories":[],"tags":[58,39,29],"class_list":["post-17712","post","type-post","status-publish","format-standard","has-post-thumbnail","hentry","tag-58","tag-39","tag-fr"],"_links":{"self":[{"href":"https:\/\/tunisnews.net\/ar\/wp-json\/wp\/v2\/posts\/17712","targetHints":{"allow":["GET"]}}],"collection":[{"href":"https:\/\/tunisnews.net\/ar\/wp-json\/wp\/v2\/posts"}],"about":[{"href":"https:\/\/tunisnews.net\/ar\/wp-json\/wp\/v2\/types\/post"}],"author":[{"embeddable":true,"href":"https:\/\/tunisnews.net\/ar\/wp-json\/wp\/v2\/users\/1"}],"replies":[{"embeddable":true,"href":"https:\/\/tunisnews.net\/ar\/wp-json\/wp\/v2\/comments?post=17712"}],"version-history":[{"count":0,"href":"https:\/\/tunisnews.net\/ar\/wp-json\/wp\/v2\/posts\/17712\/revisions"}],"wp:featuredmedia":[{"embeddable":true,"href":"https:\/\/tunisnews.net\/ar\/wp-json\/wp\/v2\/media\/22040"}],"wp:attachment":[{"href":"https:\/\/tunisnews.net\/ar\/wp-json\/wp\/v2\/media?parent=17712"}],"wp:term":[{"taxonomy":"category","embeddable":true,"href":"https:\/\/tunisnews.net\/ar\/wp-json\/wp\/v2\/categories?post=17712"},{"taxonomy":"post_tag","embeddable":true,"href":"https:\/\/tunisnews.net\/ar\/wp-json\/wp\/v2\/tags?post=17712"}],"curies":[{"name":"wp","href":"https:\/\/api.w.org\/{rel}","templated":true}]}}