{"id":17651,"date":"2011-11-07T00:00:00","date_gmt":"2011-11-07T00:00:00","guid":{"rendered":"https:\/\/tunisnews.net\/7-novembre-2011\/"},"modified":"2011-11-07T00:00:00","modified_gmt":"2011-11-07T00:00:00","slug":"7-novembre-2011","status":"publish","type":"post","link":"https:\/\/tunisnews.net\/ar\/7-novembre-2011\/","title":{"rendered":"7 novembre 2011"},"content":{"rendered":"<p><html><head><meta content=\"text\/html\" description=\"Les partis \t\t\t\t\t\t\t\t\t\t\t\t\t\t\tde gauche et du \t\t\t\t\t\t\t\t\t\t\t\t\t\t\tcentre doivent-ils \t\t\t\t\t\t\t\t\t\t\t\t\t\t\tou non s'allier aux \t\t\t\t\t\t\t\t\t\t\t\t\t\t\tislamistes ? Les \t\t\t\t\t\t\t\t\t\t\t\t\t\t\tstrat\u00e9gies se \t\t\t\t\t\t\t\t\t\t\t\t\t\t\tdessinent.\" http-equiv=\"Content-Type\"\/><\/head><body><body><\/p>\n<div>\n<div>\n<div>\n<div>\n<div dir=\"ltr\">\n<div dir=\"ltr\">\n<div>\n<div>\n<div>\n<div>\n<div>\n<div>\n<div>\n<div>\n<div>\n<div>\n<div>\n<div>\n<div>\n<div>\n<div>\n<div>\n<div>\n<div>\n<div>\n<div>\n<div>\n<div>\n<div>\n<div>\n<div>\n<div>\n<div>\n<div>\n<div>\n<div>\n<div>\n<div>\n<div>\n<div>\n<div>\n<div>\n<div>\n<div>\n<div>\n<div>\n<div>\n<div>\n<div>\n<div>\n<div>\n<div>\n<div dir=\"ltr\"><\/div>\n<div align=\"center\" dir=\"ltr\"><font face=\"Bookman Old Style\" size=\"7\"><strong>TUNISNEWS <\/strong><\/font><\/div>\n<div align=\"center\" dir=\"ltr\"><strong><font face=\"Arial\" size=\"2\">11 \u00e8me ann\u00e9e, N\u00b04148 du 07.11.2011<\/font><\/strong><\/div>\n<div align=\"center\" dir=\"ltr\"><font face=\"Arial\" size=\"2\"><strong>archives : <\/strong><\/font><a rel=\"nofollow\"><font face=\"Arial\" size=\"2\"><strong><u>www.tunisnews.net<\/u><\/strong><\/font><\/a><span lang=\"FR\"><strong><font face=\"Arial\" size=\"2\"> <\/font><\/strong><\/span><\/div>\n<p><font><\/font><font><font><font><\/p>\n<div dir=\"ltr\"><strong><font face=\"Arial\" size=\"2\"><\/p>\n<hr\/>\n<p><\/font><\/strong><\/div>\n<p><\/font><\/font><\/font><\/div>\n<\/div>\n<\/div>\n<\/div>\n<\/div>\n<\/div>\n<\/div>\n<\/div>\n<\/div>\n<\/div>\n<\/div>\n<\/div>\n<\/div>\n<\/div>\n<\/div>\n<\/div>\n<\/div>\n<\/div>\n<\/div>\n<\/div>\n<\/div>\n<\/div>\n<\/div>\n<\/div>\n<\/div>\n<\/div>\n<\/div>\n<\/div>\n<\/div>\n<\/div>\n<\/div>\n<\/div>\n<\/div>\n<\/div>\n<\/div>\n<\/div>\n<\/div>\n<\/div>\n<\/div>\n<\/div>\n<\/div>\n<\/div>\n<\/div>\n<\/div>\n<div><strong><\/p>\n<h2 style=\"color: red;\"><font face=\"Arial\" size=\"2\">Le Point: Face \u00e0 Ennahda, les modernistes tunisiens s&rsquo;organisent<\/font><\/h2>\n<p><\/strong><\/div>\n<div><strong><font face=\"Arial\" size=\"2\">La Voix des Tunisiens: Premier pas r\u00e9ussi en d\u00e9mocratie, le second \u00e0 confirmer<\/font><\/strong><\/div>\n<div><strong><\/p>\n<h2 style=\"color: red;\"><font face=\"Arial\" size=\"2\">Le Point: La religion sera absente de la Constitution tunisienne<\/font><\/h2>\n<p><\/strong><\/div>\n<div><strong><font face=\"Arial\" size=\"2\">Magharebia: Les blogueurs tunisiens analysent les r\u00e9sultats des \u00e9lections<\/font><\/strong><\/div>\n<div><strong><\/p>\n<h2 style=\"color: red;\"><font face=\"Arial\" size=\"2\">Le Post: Charia en Libye, Charlie Hebdo: Points de vue<\/font><\/h2>\n<p><\/strong><\/div>\n<div><strong><font face=\"Arial\" size=\"2\">RFI: L&rsquo;ancien Premier ministre libyen, emprisonn\u00e9 en Tunisie, menac\u00e9 d&rsquo;extradition vers la Libye<\/font><\/strong> <\/div>\n<\/div>\n<\/div>\n<div>\n<div>\n<div dir=\"ltr\">\n<div>\n<div>\n<div>\n<div>\n<div>\n<div><font face=\"Arial\" size=\"2\"><strong><\/p>\n<div>\n<hr\/>\n<\/div>\n<p><\/strong><\/font><\/div>\n<\/div>\n<\/div>\n<\/div>\n<\/div>\n<div>\n<div>\n<div>\n<div>\n<div align=\"center\">\n<h2 style=\"color: red;\"><font face=\"Arial\"><strong>Face \u00e0 Ennahda, les modernistes tunisiens s&rsquo;organisent<\/strong><\/font><\/h2>\n<\/div>\n<div align=\"center\">\n<hr\/>\n<\/div>\n<div><font face=\"Arial\" size=\"2\"><strong>Les partis de gauche et du centre doivent-ils ou non s&rsquo;allier aux islamistes ? Les strat\u00e9gies se dessinent.<\/strong><\/font><\/div>\n<div><font face=\"Arial\" size=\"2\">Battus aux \u00e9lections par les islamistes d&rsquo;Ennahda, les \u00ab\u00a0modernistes\u00a0\u00bb de la gauche et du centre en Tunisie tentent de s&rsquo;organiser, soit au sein de l&rsquo;ex\u00e9cutif, soit dans l&rsquo;opposition, pour faire \u00ab\u00a0contrepoids\u00a0\u00bb \u00e0 la nouvelle force dominante, source d&rsquo;inqui\u00e9tude pour une partie de la soci\u00e9t\u00e9. Les partis les mieux plac\u00e9s derri\u00e8re Ennahda au scrutin du 23 octobre, le Congr\u00e8s pour la R\u00e9publique (CPR) et Ettakatol, ont choisi de composer avec les islamistes et sont engag\u00e9s dans des tractations pour la formation d&rsquo;un gouvernement en principe dirig\u00e9 par l&rsquo;islamiste Hamadi Jebali.<\/font><\/div>\n<div><font face=\"Arial\" size=\"2\">Il semble imp\u00e9ratif, aux yeux de ses deux mouvements de gauche, de peser sur les d\u00e9cisions gouvernementales \u00e0 venir et de juguler de l&rsquo;int\u00e9rieur les \u00e9ventuels \u00ab\u00a0d\u00e9rapages\u00a0\u00bb d&rsquo;Ennahda, de faire en sorte que son engagement d\u00e9mocratique, maintes fois r\u00e9affirm\u00e9 depuis sa victoire \u00e9lectorale, soit respect\u00e9. Ennahda \u00ab\u00a0doit prouver que son discours de tol\u00e9rance sera concr\u00e9tis\u00e9\u00a0\u00bb, a d\u00e9clar\u00e9 Mustapha Ben Jaafar, chef du parti d&rsquo;Ettakatol, l&rsquo;un des principaux acteurs des tractations en cours. Pour Mustapha Ben Jafaar, la \u00ab\u00a0vigilance est de mise\u00a0\u00bb et il n&rsquo;est pas question de \u00ab\u00a0c\u00e9der sur les acquis sociaux et culturels ni sur les libert\u00e9s fondamentales\u00a0\u00bb.<\/font><\/div>\n<div><font face=\"Arial\" size=\"2\">Avec Ennahda qui, selon les r\u00e9sultats pr\u00e9liminaires de l&rsquo;\u00e9lection, dispose de 91 si\u00e8ges (sur un total de 217), le CPR (30 si\u00e8ges) et Ettakatol (21 si\u00e8ges) sont en passe de constituer une majorit\u00e9 absolue au sein de la nouvelle assembl\u00e9e constituante. Celle-ci est appel\u00e9e, dans les prochains jours, \u00e0 \u00e9lire le nouveau pr\u00e9sident de la R\u00e9publique par int\u00e9rim, le Premier ministre &#8211; qui nommera le gouvernement -, et doit ensuite s&rsquo;atteler \u00e0 la r\u00e9daction de la future Constitution. La \u00ab\u00a0politique consensuelle\u00a0\u00bb du CPR et d&rsquo;Ettakatol suscite de vives critiques aupr\u00e8s d&rsquo;autres formations qui se refusent, elles, \u00e0 travailler aux c\u00f4t\u00e9s des islamistes.<\/font><\/div>\n<div><font face=\"Arial\" size=\"2\">Former une \u00ab\u00a0opposition constructive\u00a0\u00bb<\/font><\/div>\n<div><font face=\"Arial\" size=\"2\">Dans un entretien, Ahmed Nejib Chebbi, fondateur du PDP (Parti d\u00e9mocrate progressiste), reproche \u00e0 ceux qui acceptent de \u00ab\u00a0collaborer\u00a0\u00bb de se laisser \u00ab\u00a0utiliser pour enrober la drag\u00e9e islamiste\u00a0\u00bb. \u00ab\u00a0Nous, nous disons non \u00e0 cela. Nous ne voulons pas servir de d\u00e9cor\u00a0\u00bb \u00e0 Ennahda, tranche Ahmed Nejib Chebbi. Le dirigeant du PDP (17 si\u00e8ges) se dit pr\u00eat \u00e0 former \u00ab\u00a0un groupe d&rsquo;opposition constructive au sein de la Constituante\u00a0\u00bb. \u00ab\u00a0La chose a \u00e9t\u00e9 soulev\u00e9e au cours de discussions entre d\u00e9mocrates qui seront en dehors du gouvernement (&#8230;), ces discussions vont continuer, nous devons faire contrepoids au nouveau pouvoir et nous pr\u00e9parer \u00e0 une alternative en cas d&rsquo;\u00e9chec du gouvernement\u00a0\u00bb, souligne-t-il.<\/font><\/div>\n<div><font face=\"Arial\" size=\"2\">Car, insiste Ahmed Nejib Chebbi, \u00ab\u00a0la fa\u00e7on dont les islamistes se comportent sur le terrain laisse planer un doute sur leurs intentions. Ennahda a un projet \u00e0 long terme, il veut tout contr\u00f4ler et diriger les minist\u00e8res sociaux pour renforcer son assise populaire. Sa base est conservatrice et l&rsquo;objectif est d&rsquo;amener la soci\u00e9t\u00e9 \u00e0 se conformer \u00e0 sa doctrine\u00a0\u00bb. \u00ab\u00a0Tel est le projet initial, il n&rsquo;a jamais \u00e9t\u00e9 reni\u00e9\u00a0\u00bb, mart\u00e8le le responsable. Selon le quotidien La Presse, \u00ab\u00a0il y a en ce moment une mani\u00e8re de tester la bonne foi des dirigeants d&rsquo;Ennahda : c&rsquo;est de leur demander de mieux contr\u00f4ler leurs troupes\u00a0\u00bb, alors que \u00ab\u00a0les incidents li\u00e9s au non-respect des libert\u00e9s individuelles\u00a0\u00bb se multiplient depuis plusieurs jours en Tunisie.<\/font><\/div>\n<div><font face=\"Arial\" size=\"2\">Le journal \u00e9voque notamment \u00ab\u00a0le harc\u00e8lement d&rsquo;enseignantes et d&rsquo;\u00e9tudiantes pour leur tenue vestimentaire \u00e0 l&rsquo;universit\u00e9 de Tunis ou, dans la r\u00e9gion de Jendouba (ouest), la menace d&rsquo;exclusion d&rsquo;un coll\u00e8ge d&rsquo;une jeune fille qui ne porte pas le voile\u00a0\u00bb. \u00ab\u00a0Il faut que Ennahda se prononce clairement sur ces pratiques ill\u00e9gales. Sans quoi il va falloir dire adieu \u00e0 la paix civile\u00a0\u00bb, poursuit La Presse. \u00ab\u00a0D&rsquo;o\u00f9, selon le quotidien, la n\u00e9cessit\u00e9 de s&rsquo;organiser d\u00e8s maintenant (&#8230;) et de mettre en place une force pacifique d&rsquo;opposition qui pr\u00eache la tol\u00e9rance et le respect des institutions r\u00e9publicaines. Elle s&rsquo;impose comme une urgence.\u00a0\u00bb<\/font><\/div>\n<div><font face=\"Arial\" size=\"2\"><strong>(Source: Le Point.fr &#8211; Publi\u00e9 le 06\/11\/2011 \u00e0 12:54 &#8211; Modifi\u00e9 le 06\/11\/2011 \u00e0 17:43 )<\/strong><\/font><\/div>\n<\/div>\n<\/div>\n<\/div>\n<\/div>\n<\/div>\n<div>\n<div>\n<div>\n<div>\n<div>\n<div>\n<div>\n<div>\n<div align=\"center\">\n<hr\/>\n<\/div>\n<\/div>\n<\/div>\n<\/div>\n<\/div>\n<div align=\"center\">\n<h2 style=\"color: red;\"><font face=\"Arial\"><strong>Premier pas r\u00e9ussi en d\u00e9mocratie, le second \u00e0 confirmer<\/strong><\/font><\/h2>\n<\/div>\n<div align=\"center\">\n<hr\/>\n<\/div>\n<div align=\"center\">\u00a0<\/div>\n<div align=\"center\"><font face=\"Arial\" size=\"2\">La diffusion de ce num\u00e9ro co\u00efncide avec la funeste date du 7 novembre marquant l\u2019arriv\u00e9e au pouvoir de Zine Ben Ali et qui fut c\u00e9l\u00e9br\u00e9e vingt-deux fois dans une ambiance d\u2019euphorie nationale maquill\u00e9e au pinceau. La vingt-troisi\u00e8me c\u00e9l\u00e9bration n\u2019a pas eu lieu et cette date intervient quinze jours apr\u00e8s les premi\u00e8res \u00e9lections d\u00e9mocratiques de la Tunisie. Le chemin pour parvenir \u00e0 cet exploit historique a \u00e9t\u00e9 sem\u00e9 d\u2019emb\u00fbches au cours des neufs mois qui ont suivi la fuite du dictateur, marqu\u00e9 par les tentatives contre-r\u00e9volutionnaires pour faire avorter le processus d\u00e9mocratique. Mais celles-ci ont \u00e9t\u00e9 vaines, car le premier exercice d\u2019expression citoyenne du 23 octobre a \u00e9t\u00e9, globalement, remarquable par sa r\u00e9ussite, avec un taux de participation \u00e0 faire rougir les d\u00e9mocraties les plus avanc\u00e9es (plus de 90% parmi les inscrits). Et malgr\u00e9 des irr\u00e9gularit\u00e9s relev\u00e9es, \u00e0 propos desquelles toute la lumi\u00e8re devra \u00eatre faite, tant sur le d\u00e9roulement du scrutin, que sur le non-respect de certaines r\u00e8gles ou encore sur le financement de certains partis, ce premier pas vers la d\u00e9mocratie n\u2019est pas tr\u00e9buchant, mais r\u00e9ellement franc. R\u00e9jouissons-nous de cela. <\/font><\/div>\n<div align=\"center\">\u00a0<\/div>\n<div align=\"left\"><font face=\"Arial\" size=\"2\">C\u2019est dans un contexte d\u2019effervescence politique &#8211; attribut intrins\u00e8que \u00e0 toute p\u00e9riode post-r\u00e9volutionnaire &#8211; coupl\u00e9 a des revendications sociales de toutes parts, et o\u00f9 les r\u00e9els enjeux des premi\u00e8res \u00e9lections d\u00e9mocratiques ont \u00e9chapp\u00e9 \u00e0 grand nombre des Tunisiens, que le parti d\u2019ob\u00e9dience islamiste Ennahda devient la premi\u00e8re formation politique avec 37% des suffrages exprim\u00e9s, gr\u00e2ce notamment \u00e0 sa forte pr\u00e9sence sur le terrain lors de la campagne. Une campagne ax\u00e9e sur des programmes de gouvernement, davantage que sur des propositions relatives \u00e0 l\u2019esprit de la future Constitution, et qui a fait glisser certaines formations politiques vers l\u2019escalade d\u00e9magogique et populiste. Pis, durant les mois qui ont pr\u00e9c\u00e9d\u00e9 l\u2019\u00e9ch\u00e9ance \u00e9lectorale, le parti Ennahda ainsi que la liste populiste P\u00e9tition Populaire, dirig\u00e9e par le folklorique Hechmi Hamdi, ont us\u00e9 d\u2019une pratique d\u2019un autre temps pour s\u00e9duire de potentiels \u00e9lecteurs : l\u2019\u00e9verg\u00e9tisme. \u00ab La gloire de faire du bien \u00bb, pratique sociale encr\u00e9e dans les m\u0153urs des notables de la Rome antique pour s\u2019attirer les faveurs de la pl\u00e8be, s\u2019est manifest\u00e9e en Tunisie par le financement de mariages collectifs, de c\u00e9r\u00e9monies de circoncision ou par des offres de moutons pour la f\u00eate de l\u2019A\u00efd El K\u00e9bir. Autant de largesses qui ont pu d\u00e9montrer la \u00ab g\u00e9n\u00e9rosit\u00e9 \u00bb de ces formations politiques aupr\u00e8s des plus n\u00e9cessiteux, d\u00e9sormais enclin \u00e0 leur offrir leur suffrage. L\u2019autre fait remarquable de la campagne fut la pro\u00e9minence des questions identitaires et religieuses, qui a engendr\u00e9 un clivage insens\u00e9 entre les partisans de la\u00efcit\u00e9 et les conservateurs. Les r\u00e9actions virulentes, parfois violentes, qui ont suivi la diffusion du film d\u2019animation Pers\u00e9polis sur la cha\u00eene priv\u00e9e Nessma, n\u2019ont fait qu\u2019accentuer ce clivage, \u00e9ludant davantage encore les enjeux v\u00e9ritables du scrutin. <\/font><\/div>\n<div align=\"left\">\u00a0<\/div>\n<div align=\"left\"><font face=\"Arial\" size=\"2\">Le parti Ennahda dominera donc l\u2019Assembl\u00e9e Nationale Constituante, dont la mission premi\u00e8re sera d\u2019\u00e9crire une nouvelle Constitution et il lui reviendra de composer le gouvernement de son choix pour r\u00e9pondre aux urgences \u00e9conomiques et sociales de la Tunisie. Lourde responsabilit\u00e9 donc. Aussi, quelques interrogations l\u00e9gitimes quant \u00e0 la ligne politique que tiendra le parti de Rached Ghannouchi, se posent. En effet, au cours de ces neufs derniers mois, les diff\u00e9rentes postures adopt\u00e9es par les cadres de ce parti ont d\u00e9montr\u00e9 toute l\u2019ambig\u00fcit\u00e9 de leur ligne politique, tiraill\u00e9e entre pragmatisme et islamisme r\u00e9trograde, entre pr\u00e9servation des acquis en faveur de la femme et r\u00e9tablissement \u00e0 terme des ch\u00e2timents corporels, entre modernisme et r\u00e9introduction de la polygamie\u2026 En d\u00e9pit des d\u00e9clarations rassurantes de certains dirigeants d\u2019Ennahda au lendemain de la victoire de leur parti \u00e0 l\u2019attention d\u2019une partie des Tunisiens et des investisseurs \u00e9trangers, il demeure une r\u00e9alit\u00e9, celle de la base militante qui reste profond\u00e9ment conservatrice, voire archa\u00efque. C\u2019est en ce sens, que les intentions des cadres d\u2019Ennahda restent floues. <\/font><\/div>\n<div align=\"left\">\u00a0<\/div>\n<div align=\"left\"><font face=\"Arial\" size=\"2\">En politique, on ne peut appuyer un jugement sur les intentions, mais plut\u00f4t sur les discours et les actes. Si les discours n\u00e9buleux des cadres du parti arriv\u00e9 en t\u00eate, laissent une porte ouverte \u00e0 toute interpr\u00e9tation, le peuple Tunisien jugera sur les actes avant les prochaines \u00e9ch\u00e9ances \u00e9lectorales. Et Ennahda devra compter avec des forces politiques r\u00e9publicaines au sein de la Constituante et sur la vigilance de plus 60% des Tunisiens qui ne leur ont pas accord\u00e9 leur voix. D\u2019autre part, l\u2019engagement et la capacit\u00e9 de mobilisation de la soci\u00e9t\u00e9 civile, constituent une force progressiste significative contre toute tentation de rogner sournoisement les libert\u00e9s du peuple Tunisien. Un retour en arri\u00e8re ou une aventure vers la voie obscurantiste de la R\u00e9publique du sacr\u00e9, n\u2019est pas envisageable. La citoyennet\u00e9 n\u2019est pas seulement l\u2019acte qui consiste \u00e0 ins\u00e9rer son bulletin de vote dans l\u2019urne, mais aussi \u00e0 rester averti, vigilent, engag\u00e9 sur la pratique du pouvoir et l\u2019\u00e9volution de la soci\u00e9t\u00e9, et cela les Tunisiens devront l\u2019exercer pleinement.<\/font><\/div>\n<div align=\"left\">\u00a0<\/div>\n<div align=\"left\">\u00a0<\/div>\n<div align=\"left\"><font face=\"Arial\" size=\"2\"><strong>Slim DALI<\/strong><\/font><\/div>\n<div align=\"left\"><strong><font face=\"Arial\" size=\"2\">(Source: Edito de \u00ab\u00a0La Voix des Tunisiens\u00a0\u00bb Novembre &#8211; D\u00e9cembre 2011 &#8211; N\u00b08)<\/font><\/strong><\/div>\n<div align=\"center\">\u00a0<\/div>\n<div align=\"left\"><font face=\"Arial\" size=\"2\"><strong><a href=\"http:\/\/www.scribd.com\/doc\/71718299\/La-Voix-des-Tunisiens-N\u00b08\" rel=\"nofollow noopener\" target=\"_blank\">http:\/\/www.scribd.com\/doc\/71718299\/La-Voix-des-Tunisiens-N%C2%B08<\/a><\/strong><\/font><\/div>\n<\/div>\n<\/div>\n<\/div>\n<\/div>\n<div>\n<div>\n<div>\n<div>\n<div align=\"center\">\n<hr\/>\n<\/div>\n<\/div>\n<\/div>\n<\/div>\n<\/div>\n<div>\n<div>\n<div>\n<h2 align=\"center\" style=\"color: red;\"><span lang=\"FR\"><\/p>\n<h2 style=\"color: red;\"><font face=\"Arial\">La religion sera absente de la Constitution tunisienne<\/font><\/h2>\n<p><\/span><\/h2>\n<hr\/>\n<h3 style=\"color: blue;\"><i><span lang=\"FR\"><font face=\"Arial\">Rappel<\/font><\/span><\/i><\/h3>\n<p><span lang=\"FR\"><font face=\"Arial\">A tunisie : \u00e0 l&rsquo;instar de tous les pays africains, la Tunisie doit son existence \u00e0 la France coloniale tout comme l&rsquo;Alg\u00e9rie, le Cameroun, le S\u00e9n\u00e9gal&#8230; etc. Quel Tunisien a particip\u00e9 au tra\u00e7age des fronti\u00e8res ? De plus la notion moderne d&rsquo;etat fait d\u00e9faut dans tout le monde arabe. A cela il faut rajouter que l&rsquo;organisation des \u00e9lections et de la vie politique est calqu\u00e9e sur le mod\u00e8le fran\u00e7ais.<\/font><\/span><\/p>\n<h3 style=\"color: blue;\"><i><span lang=\"FR\"><font face=\"Arial\">A ALI<\/font><\/span><\/i><\/h3>\n<p><span lang=\"FR\"><font face=\"Arial\">La Tunisie est un peuple instruit avec un taux d&rsquo;alphab\u00e9tisation qui est le plus \u00e9lev\u00e9 d&rsquo;Afrique et des pays Arabes. La langue arabe dialectal est certes parl\u00e9e mais la majorit\u00e9 des Tunisiens parle et comprend l&rsquo;arabe litt\u00e9raire. L&rsquo;Arabe litt\u00e9raire n&rsquo;est pas une langue morte, tous les pays arabes diffusent leurs infos en arabe litt\u00e9raire. Assez de lire des absurdit\u00e9s sur le net&#8230; En ce qui concerne la constitution Tunisienne, il faut dans un premier temps rendre hommage aux Tunisiens qui r\u00e9digent eux m\u00eame leurs constitutions contrairement \u00e0 d&rsquo;autre pays qui font importer la d\u00e9mocratie de France&#8230;<\/font><\/span><\/p>\n<h3 style=\"color: blue;\"><i><span lang=\"FR\"><font face=\"Arial\">Plut\u00f4t serait absente.<\/font><\/span><\/i><\/h3>\n<p><span lang=\"FR\"><font face=\"Arial\">Dans le projet de constitution il y a une ruse. En Tunisie tout le monde est d&rsquo;accord pour garder l&rsquo;article 1 qui stipule que la religion de la Tunisie est l&rsquo;islam. Mais le stratag\u00e8me consiste \u00e0 remplacer le Conseil Constitutionnel par un un Tribunal Constitutionnel si le premier ne peut abolir les lois d\u00e9j\u00e0 promulgu\u00e9es. Le second pourra le faire donc une fois la nouvelle constitution \u00e9tablie, ce tribunal consid\u00e9rera anticonstitutionnelles donc caduques les lois que la Charia n&rsquo;autorise pas entre autres les droits acquis par les femmes.<\/font><\/span><\/p>\n<h3 style=\"color: blue;\"><i><span lang=\"FR\"><font face=\"Arial\">Religion<\/font><\/span><\/i><\/h3>\n<p><span lang=\"FR\"><font face=\"Arial\">L&rsquo;amalgame religieux tant qu&rsquo;il est limit\u00e9 \u00e0 ses adeptes sans pr\u00e9tention de conqu\u00eate tardive et sans d\u00e9fi provocateur, ne nous fait ni chaud ni froid et nous le vivons comme une situation ordinaire depuis des si\u00e8cles.<span><\/span> La Tunisie sera toujours ce qu&rsquo;elle a \u00e9t\u00e9, une terre d&rsquo;accueil et de tol\u00e9rance.<span><\/span> Tout le reste n&rsquo;est que fiction et \u00ab\u00a0bobard\u00a0\u00bb.<\/font><\/span><\/p>\n<h3 style=\"color: blue;\"><i><span lang=\"FR\"><font face=\"Arial\">@Eastguy, les Tunisiens veulent croire<\/font><\/span><\/i><\/h3>\n<p><span lang=\"FR\"><font face=\"Arial\">On a toujours beaucoup de mal \u00e0 croire dans une r\u00e9alit\u00e9 qui ne r\u00e9pond pas aux pr\u00e9jug\u00e9s que nous portons&#8230; De la m\u00eame fa\u00e7on, il est difficile pour un peuple sevr\u00e9 de libert\u00e9s de se comporter en soci\u00e9t\u00e9 lib\u00e9r\u00e9e, le chaos devenant le penchant de la dictature subie aux yeux de ceux qui se sont accommod\u00e9s de se voir dicter attitudes et opinions pendant des d\u00e9cennies. Le vote important pour un parti consid\u00e9r\u00e9 comme islamiste assum\u00e9 ne doit pas mettre dans l&rsquo;oeil occidental une image qui ressemble \u00e0 notre id\u00e9e d&rsquo;un islamisme intrusif et exclusif. Non pas qu&rsquo;il soit impensable que demain les partisans de la charia remettent en cause, par exemple, le droit des femmes \u00e0 disposer de leur destin ou la pluralit\u00e9 des cultes, mais notre regard est influenc\u00e9 par notre propre exp\u00e9rience. En France, toute atteinte \u00e0 la la\u00efcit\u00e9 passe pour une remise en cause des valeurs fondamentales de notre R\u00e9publique, alors que dans une ancienne dictature chaque courant d&rsquo;id\u00e9e, m\u00eame religieux, qui tranche avec le pass\u00e9 appara\u00eet comme un gain de libert\u00e9.<\/font><\/span><\/p>\n<h3 style=\"color: blue;\"><i><span lang=\"FR\"><font face=\"Arial\">@ apnama : la\u00efcit\u00e9 et incroyance<\/font><\/span><\/i><\/h3>\n<p><span lang=\"FR\"><font face=\"Arial\">Normal que les tunisiens identifient la\u00efcit\u00e9 et incroyance car c&rsquo;est exactement ce qui se passe en France. Chez nous les ath\u00e9es se sont accapar\u00e9s la la\u00efcit\u00e9 pour en faire une arme contre les religions en la d\u00e9tournant de sons sens premier qui \u00e9tait la libert\u00e9 d&rsquo;opinions. A l&rsquo;origine la la\u00efcit\u00e9 est une notion fran\u00e7aise, qui n&rsquo;est pas du tout appliqu\u00e9e de la m\u00eame fa\u00e7on ailleurs. Les tunisiens, qui sont francophones et ont beaucoup de contact avec la France, se m\u00e9fient \u00e0 juste titre de la la\u00efcit\u00e9 \u00e0 la fran\u00e7aise qui pers\u00e9cute ses citoyens pour leurs croyances ou qui interdit au pays de faire r\u00e9f\u00e9rence \u00e0 nos incontestables racines chr\u00e9tiennes.<\/font><\/span><\/p>\n<h3 style=\"color: blue;\"><i><span lang=\"FR\"><font face=\"Arial\">La\u00efcit\u00e9 intelligente et tyrannie la\u00efcarde<\/font><\/span><\/i><\/h3>\n<p><span lang=\"FR\"><font face=\"Arial\">La Constitution reconnait l&rsquo;importance de la culture musulmane en Tunisie mais laisse les citoyens enti\u00e8rement libres de croire ou de penser ce qui leurs convient. Voil\u00e0 une la\u00efcit\u00e9 intelligente, la seule, en v\u00e9rit\u00e9, \u00e0 m\u00e9riter r\u00e9ellement son nom. L&rsquo;Europe qui refuse de parler de culture chr\u00e9tienne nie les 2000 ans de construction de notre identit\u00e9 commune. Du coup il ne reste rien pour justifier un avenir commun, hormis quelques int\u00e9r\u00eats mercantiles et opportunistes. En France, pire, on pourchasse les gens pour ce qu&rsquo;ils sont ou ce qu&rsquo;ils pensent (femmes voil\u00e9es, J\u00e9hovah, scientologues, etc. ). Chez nous la la\u00efcit\u00e9 a \u00e9t\u00e9 prise en otage par un anticl\u00e9ricalisme tout-puissant qui l&rsquo;a transform\u00e9e en une tyrannie la\u00efcarde et m\u00e9diatique, exactement comme sous les dictatures communistes.<\/font><\/span><\/p>\n<h3 style=\"color: blue;\"><i><span lang=\"FR\"><font face=\"Arial\">Vraiment ?<\/font><\/span><\/i><\/h3>\n<p><span lang=\"FR\"><font face=\"Arial\">Ayant v\u00e9cu vingt ans en Tunisie je peux vous garantir que la porte de la Cath\u00e9drale sur le devant de l&rsquo;Avenue Bourguiba, art\u00e8re principale de Tunis, n&rsquo;\u00e9tait jamais ouverte, et que nous devions passer par une petite porte de derri\u00e8re pour aller pratiquer notre culte !<span><\/span> Cela changera maintenant, Ennadha ayant le maximum de si\u00e8ges ?<span><\/span> En Turquie les choses \u00e9voluent de fa\u00e7on insidieuse&#8230; De nouvelles \u00ab\u00a0habitudes\u00a0\u00bb s&rsquo;installent peu \u00e0 peu qui ne sont pas au go\u00fbt des la\u00efques, il faut le savoir.<span><\/span> Beaucoup de Tunisiens ont peur de la la\u00efcit\u00e9 car ils m\u00e9langent avec le fait d&rsquo;\u00eatre incroyant, ce qui offense le sacr\u00e9. Donc la libert\u00e9 n&rsquo;est pas atteinte.<span><\/span> C&rsquo;est mon avis.<\/font><\/span><\/p>\n<h3 style=\"color: blue;\"><i><span lang=\"FR\"><font face=\"Arial\">Mais l&rsquo;article 1er ?<\/font><\/span><\/i><\/h3>\n<p><span lang=\"FR\"><font face=\"Arial\">L&rsquo;article premier de la constitution actuelle faite par Bourguiba, stipule que la langue de la Tunisie est l&rsquo;Arabe et sa religion l&rsquo;islam. Or, il ne me semble pas que la religion doive figurer dans la constitution. Il y a en effet en Tunisie une majorit\u00e9 de musulmans mais il existe des minorit\u00e9s de juifs, de catholiques et d&rsquo;ath\u00e9es. Ne sont-ils pas pour autant d&rsquo;authentiques tunisiens ?. Par ailleurs l&rsquo;Arabe, entendez ici l&rsquo;Arabe litt\u00e9raire, n&rsquo;est parl\u00e9 et compris que par une minorit\u00e9 de tunisiens. La langue parl\u00e9e par le peuple est l&rsquo;Arabe dialectal : la derja. C&rsquo;est comme si la constitution fran\u00e7aise disait que la langue de la France est le latin&#8230; C&rsquo;est absurde !<\/font><\/span><\/p>\n<h3 style=\"color: blue;\"><i><span lang=\"FR\"><font face=\"Arial\">Tr\u00e8s bien<\/font><\/span><\/i><\/h3>\n<p><span lang=\"FR\"><font face=\"Arial\">Pour moi&#8230; La religion est pour l&rsquo;\u00e2me et le coeur de l&rsquo;homme. La politique est pour ses droits et l&rsquo;ordre entre les gens. Regardez en Italie l&rsquo;\u00e9glise a trop de pouvoir et vous pourriez penser que cela est pour les \u00e2mes des italiens et non ! L&rsquo;\u00e9glise se moque totalement des gens mais uniquement s&rsquo;int\u00e9resse au pouvoir (et rien avoir avec Dieu). Oui on peut vivre avec les religions mais sans qu&rsquo;elles interviennent dans la politique cela serait une bonne chose. Exemple encore en Italie les gens votent pour des politiciens pas pour l&rsquo;\u00e9glise qui malgr\u00e9 tout met son nez dans tout et r\u00e9colte d&rsquo;\u00e9normes fortunes gr\u00e2ce aux lois faites par eux et je peux vous dire le Vatican se moque des \u00e2mes&#8230; Alors moi je suis pour les religions en dehors des questions politiques comme cela il n&rsquo;y a pas de disputes&#8230; Et tout le monde est content.<\/font><\/span><\/p>\n<p><span lang=\"FR\"><font face=\"Arial\"><strong>Source : \u00ab Le Point \u00bb Le 06-11-2011<\/strong><\/font><\/span><\/p>\n<div>\n<p><font face=\"Arial\"><span lang=\"FR\"><font>Lien : <\/font><\/span><span lang=\"NO-BOK\"><font><a href=\"http:\/\/www.lepoint.fr\/reactions\/monde.php?article=la-religion-sera-absente-de-la-constitution-tunisienne-04-11-2011-1392817_24\" rel=\"nofollow noopener\" target=\"_blank\"><font>http:\/\/www.lepoint.fr\/reactions\/monde.php?article=la-religion-sera-absente-de-la-constitution-tunisienne-04-11-2011-1392817_24<\/font><\/a>\u2019<\/font><\/span><\/font><\/p>\n<\/div>\n<p align=\"center\"><b><span lang=\"FR\"><\/p>\n<h2 style=\"color: red;\"><font face=\"Arial\">Les blogueurs tunisiens analysent les r\u00e9sultats des \u00e9lections<\/font><\/h2>\n<p><\/span><\/b><\/p>\n<p align=\"center\"><b><span lang=\"FR\"><\/span><\/b><\/p>\n<hr\/>\n<p>\u00a0<\/p>\n<p><span lang=\"FR\"><font face=\"Arial\">Alors que les discussions sont lanc\u00e9es en Tunisie pour former le premier gouvernement d\u00e9mocratique du pays, les blogueurs parlent des ramifications du vote historique de l&rsquo;assembl\u00e9e constituante.<\/font><\/span><\/p>\n<p><font face=\"Arial\"><span lang=\"FR\"><font>Le blog \u00ab\u00a0<\/font><\/span><font><span lang=\"NO-BOK\"><a href=\"http:\/\/swmillonarios.blogspot.com\/2011\/10\/blog-post.html\" rel=\"nofollow noopener\" target=\"_blank\"><span lang=\"FR\"><font>El Millonario<\/font><\/span><\/a><\/span><\/font><span lang=\"FR\"><font>\u00a0\u00bb critique fermement la victoire d&rsquo;Ennahda aux \u00e9lections, affirmant que ce parti s&rsquo;\u00e9tait engag\u00e9 \u00e0 la mod\u00e9ration tout en poursuivant \u00ab\u00a0une politique qui regroupe le monopole du discours religieux dirig\u00e9 vers les groupes de personnes d\u00e9favoris\u00e9es et ignorantes sous les deux anciens r\u00e9gime sous le titre d&rsquo;un \u00ab\u00a0retour au droit chemin et \u00e0 la r\u00e9forme de la religion des Tunisiens\u00a0\u00bb, comme si ces personnes avaient continu\u00e9 dans la bonne voie et qu&rsquo;Ennahda avait la tutelle de la croyance de chacun d&rsquo;entre nous.\u00a0\u00bb<\/font><\/span><\/font><\/p>\n<p><span lang=\"FR\"><font face=\"Arial\">Le blogueur poursuit en affirmant que le parti a b\u00e9n\u00e9fici\u00e9 d&rsquo;un \u00ab\u00a0argent politique provenant d&rsquo;une source inconnue pour organiser des mariages, des circoncisions et des grillades et la promesse de veiller aux d\u00e9penses de l&rsquo;a\u00efd\u00a0\u00bb.<\/font><\/span><\/p>\n<p><span lang=\"FR\"><font face=\"Arial\">Il affirme que le but post-\u00e9lectoral d&rsquo;Ennahda n&rsquo;est pas de diriger les minist\u00e8res de la souverainet\u00e9 nationale, comme l&rsquo;Int\u00e9rieur et la D\u00e9fense, mais plut\u00f4t de dominer ceux de l&rsquo;Education et de la Culture, parce que son objectif \u00e0 long terme, selon ce blogueur, est bas\u00e9 sur l&rsquo;assujetissement des esprits pour produire des \u00ab\u00a0g\u00e9n\u00e9rations domestiqu\u00e9es\u00a0\u00bb, comme cela est le cas dans les parties r\u00e9actionnaires de la r\u00e9gion.<\/font><\/span><\/p>\n<p><span lang=\"FR\"><font face=\"Arial\">\u00ab\u00a0Il est devenu imp\u00e9ratif pour nous de nous unifier et de nous r\u00e9veiller, faute de quoi nous risquerons de nous retrouver un jour entra\u00een\u00e9s dans un fascisme religieux dont nous pourrions bien ne jamais parvenir \u00e0 nous d\u00e9barrasser\u00a0\u00bb, a poursuivi le blogueur.<\/font><\/span><\/p>\n<p><font face=\"Arial\"><span lang=\"FR\"><font>Selon le blogueur \u00ab\u00a0<\/font><\/span><font><span lang=\"NO-BOK\"><a href=\"http:\/\/bentlhenchir.blogspot.com\/2011\/10\/blog-post_29.html\" rel=\"nofollow noopener\" target=\"_blank\"><span lang=\"FR\"><font>Bent El Hanchir<\/font><\/span><\/a><\/span><\/font><span lang=\"FR\"><font>\u00ab\u00a0, Les Tunisiens ne sont pas satisfaits des r\u00e9sultats de cette \u00e9lection, parce que ce qu&rsquo;ils souhaitent v\u00e9ritablement, ce sont des garanties concr\u00e8tes, et non des promesses, notamment apr\u00e8s les pratiques de menace aux libert\u00e9s personnelles qui sont apparues.<\/font><\/span><\/font><\/p>\n<p><span lang=\"FR\"><font face=\"Arial\">\u00ab\u00a0Combien sont aujourd&rsquo;hui amers, parce qu&rsquo;un segment de la soci\u00e9t\u00e9 semble condamn\u00e9, en apparence, qui souffrait de pers\u00e9cutions au temps du r\u00e9gime en fuite du pays et vivaient dans l&rsquo;ombre, une ombre dont ils avaient m\u00eame peur\u00a0\u00bb, a d\u00e9clar\u00e9 le blogueur.\u00a0\u00bb Et apr\u00e8s la r\u00e9volution, le r\u00e9volution de la libert\u00e9 en Tunisie, certains groupes d&rsquo;entre eux se livrent aux pers\u00e9cutions qui \u00e9taient pratiqu\u00e9es contre eux, souhaitant imposer des mod\u00e8les de comportement \u00e0 un autre segment de la soci\u00e9t\u00e9 en utilisant la violence.\u00a0\u00bb<\/font><\/span><\/p>\n<p><span lang=\"FR\"><font face=\"Arial\">Le blog impute la responsabilit\u00e9 de ce qui s&rsquo;est produit \u00e0 Ennahda apr\u00e8s sa victoire aux \u00e9lections, exigeant des garanties et le respect des promesses.<\/font><\/span><\/p>\n<p><font face=\"Arial\"><span lang=\"FR\"><font>Le commentateur Mohamed Hammar \u00e9crit dans \u00ab\u00a0<\/font><\/span><font><span lang=\"NO-BOK\"><a href=\"http:\/\/islaminfrajtihad.canalblog.com\/archives\/2011\/11\/04\/22579284.html\" rel=\"nofollow noopener\" target=\"_blank\"><span lang=\"FR\"><font>Third Ijtihad<\/font><\/span><\/a><\/span><\/font><span lang=\"FR\"><font>\u00a0\u00bb que cette \u00e9lection a montr\u00e9 le caract\u00e8re superficiel de la pens\u00e9e de la soit-disante gauche en Tunisie, en d\u00e9pit de l&rsquo;importance des personnalit\u00e9s de gauche qui se sont pr\u00e9sent\u00e9es \u00e0 ce scrutin. Ce blog affirme que la d\u00e9faite subie par les partis de gauche est justifi\u00e9e, parce qu&rsquo;ils n&rsquo;ont pas compris l&rsquo;histoire et ont fait des forces religieuses l&rsquo;homme de paille de la politique.<\/font><\/span><\/font><\/p>\n<p><span lang=\"FR\"><font face=\"Arial\">\u00ab\u00a0La chose la plus dangereuse est cette id\u00e9ologie qui qualifie l&rsquo;Islam d&rsquo;hostile au combat de la gauche, ce qui est par ailleurs le comble de l&rsquo;ignorance, dans la mesure o\u00f9 l&rsquo;Islam est la religion de la droite, du centre et de la gauche. En fait, l&rsquo;Islam est une religion conforme \u00e0 la bonne sant\u00e9 du combat de gauche\u00a0\u00bb, \u00e9crit Hammar.<\/font><\/span><\/p>\n<p><font face=\"Arial\"><span lang=\"FR\"><font>Pour sa part, le blogueur \u00ab\u00a0<\/font><\/span><font><span lang=\"NO-BOK\"><a href=\"http:\/\/jeunes-afek-tounes.blogspot.com\/2011\/11\/blog-post.html\" rel=\"nofollow noopener\" target=\"_blank\"><span lang=\"FR\"><font>Bel Fallagi<\/font><\/span><\/a><\/span><\/font><span lang=\"FR\"><font>\u00a0\u00bb r\u00e9pondant \u00e0 Afek Tounes critique les partis politiques qui ont remport\u00e9 les \u00e9lections, sous le titre \u00ab\u00a0Les \u00e9lecteurs agitent la vall\u00e9e et les repr\u00e9sentants affirment que le gouvernement est une r\u00e9colte\u00a0\u00bb.<\/font><\/span><\/font><\/p>\n<p><span lang=\"FR\"><font face=\"Arial\">Le commentateur explique que les partis ont \u00e9t\u00e9 indiff\u00e9rents aux pertes humaines et mat\u00e9rielles r\u00e9sultant des inondations dans plusieurs villes de Tunisie, et m\u00e9connaissent les dommages subis par les citoyens. Le blogueur \u00e9crit que la r\u00e9gion a \u00e9t\u00e9 la m\u00e9taphore de la porte qui s&rsquo;enfon\u00e7ait et s&rsquo;enfonce encore apr\u00e8s qu&rsquo;une vall\u00e9e eut \u00e9t\u00e9 noy\u00e9e.<\/font><\/span><\/p>\n<p><span lang=\"FR\"><font face=\"Arial\">\u00ab\u00a0Le plus grand probl\u00e8me est que les gens ont exprim\u00e9 leurs votes et que des gens ont remport\u00e9 des si\u00e8ges \u00e0 l&rsquo;assembl\u00e9e constituante. Et comme d&rsquo;habitude, personne ne se souvient d&rsquo;eux ni ne les regarde\u00a0\u00bb, \u00e9crit Bel Fallagi.<\/font><\/span><\/p>\n<p><span lang=\"FR\"><font face=\"Arial\"><strong>Source : \u00ab Magharebia \u00bb Le 06-11-2011<\/strong><\/font><\/span><\/p>\n<div>\n<p><font face=\"Arial\"><span lang=\"FR\"><font>Lien : <\/font><\/span><span lang=\"NO-BOK\"><a href=\"http:\/\/www.magharebia.com\/cocoon\/awi\/xhtml1\/fr\/features\/awi\/features\/2011\/11\/06\/feature-01\" rel=\"nofollow noopener\" target=\"_blank\"><span lang=\"FR\"><font>http:\/\/www.magharebia.com\/cocoon\/awi\/xhtml1\/fr\/features\/awi\/features\/2011\/11\/06\/feature-01<\/font><\/span><\/a><\/span><\/font><\/p>\n<\/div>\n<h2 align=\"center\" class=\"yiv884091974article-header-title\" style=\"color: red;\"><font face=\"Arial\" size=\"3\"><\/p>\n<h2 style=\"color: red;\"><font>L&rsquo;ancien Premier ministre libyen, emprisonn\u00e9 en Tunisie, menac\u00e9 d&rsquo;extradition vers la Libye<\/font><\/h2>\n<p><\/font><\/h2>\n<hr\/>\n<div align=\"center\"><font face=\"Arial\" size=\"2\">Par <\/font><a href=\"http:\/\/www.rfi.fr\/auteur\/rfi\" rel=\"nofollow noopener\" target=\"_blank\"><font face=\"Arial\" size=\"2\">RFI<\/font><\/a><\/div>\n<p><font face=\"Arial\" size=\"2\">L&rsquo;ancien Premier ministre libyen, Baghdadi al-Mahmoudi sera-t-il extrad\u00e9 de Tunisie vers la Libye ? Tunis doit examiner la requ\u00eate de Tripoli ce mardi 8 novembre 2011. Arr\u00eat\u00e9 en septembre pr\u00e8s de la fronti\u00e8re alg\u00e9rienne, Baghdadi al-Mahmoudi serait en danger, selon Amnesty International, s&rsquo;il rejoignait son pays aujourd&rsquo;hui. La Tunisie et la Libye sont li\u00e9es par une convention de coop\u00e9ration en mati\u00e8re de mesures d&rsquo;extradition.<\/font><\/p>\n<p><font face=\"Arial\" size=\"2\">Premier ministre jusqu\u2019aux derniers jours du r\u00e9gime du colonel Kadhafi, Al-Mahmoudi avait \u00e9t\u00e9 arr\u00eat\u00e9 en Tunisie le 21 septembre 2011 pr\u00e8s de la fronti\u00e8re alg\u00e9rienne, \u00e0 Tamerza, et condamn\u00e9 en comparution imm\u00e9diate \u00e0 six mois de prison pour \u00ab entr\u00e9e ill\u00e9gale \u00bb sur le territoire, avant d\u2019\u00eatre acquitt\u00e9 le 27 octobre.<\/font><\/p>\n<p><font face=\"Arial\" size=\"2\">Cependant, l&rsquo;ancien dirigeant libyen est rest\u00e9 en prison dans l&rsquo;attente de l&rsquo;examen de sa demande d&rsquo;extradition par le Conseil national de transition (CNT) libyen. Demande formul\u00e9e d\u00e8s le 24 septembre.<\/font><\/p>\n<p><font face=\"Arial\" size=\"2\">Ag\u00e9 de 70 ans, Baghdadi al-Mahmoudi \u00e9tait le dernier secr\u00e9taire du Comit\u00e9 g\u00e9n\u00e9ral libyen, poste \u00e9quivalent \u00e0 celui de chef de gouvernement.<\/font><\/p>\n<p><font face=\"Arial\" size=\"2\">Originaire du nord-ouest de la Libye, Baghdadi al-Mahmoudi est m\u00e9decin de formation. Il a \u00e9t\u00e9 nomm\u00e9 ministre de la Sant\u00e9 en 1992, puis a occup\u00e9 divers postes minist\u00e9riels durant de courtes p\u00e9riodes. Il prend la t\u00eate du gouvernement en 2006. Durant son mandat de secr\u00e9taire du Comit\u00e9 g\u00e9n\u00e9ral, il pr\u00e9side le Haut conseil du p\u00e9trole et du gaz et l&rsquo;Autorit\u00e9 des investissements libyens.<\/font><\/p>\n<div>\n<table cellpadding=\"0\" cellspacing=\"0\">\n<tr>\n<td>\u00a0<\/td>\n<\/tr>\n<tr>\n<td>\n<div>\n<div>\n<div>\n<div>\n<div>\n<div>\n<div><font face=\"Arial\" size=\"2\">Hassiba Adj Sahroui, directrice adjointe pour l&rsquo;Afrique du Nord et le Moyen-Orient de Amnesty International <\/font><\/div>\n<\/div>\n<div>\n<div><font face=\"Arial\" size=\"2\">Baghdadi al-Mahmoudi pourrait \u00eatre tortur\u00e9. Il ne serait pas jug\u00e9, et le risque qu&rsquo;il encourt est une ex\u00e9cution sommaire ou une ex\u00e9cution extra-judiciaire<\/font> \u00a0<\/div>\n<\/div>\n<\/div>\n<\/div>\n<\/div>\n<\/div>\n<\/div>\n<\/td>\n<\/tr>\n<\/table>\n<\/div>\n<p><font face=\"Arial\" size=\"2\">L&rsquo;avocat de l&rsquo;ancien Premier ministre, Me Mabrouk Kourchid, avait expliqu\u00e9 lundi que son client craignait pour sa vie car, apr\u00e8s la mort du colonel Kadhafi \u00ab<em> il est le seul ancien haut dirigeant libyen \u00e0 d\u00e9tenir les secrets de l&rsquo;\u00c9tat libyen<\/em> \u00bb.<\/font><\/p>\n<p><font face=\"Arial\" size=\"2\">La Tunisie a reconnu le CNT le 22 ao\u00fbt 2011 apr\u00e8s la prise de la capitale Tripoli.<\/font><\/p>\n<p><font face=\"Arial\" size=\"2\"><strong>(Source: rfi.fr le : dimanche 06 novembre 2011 &#8211; Derni\u00e8re modification le : dimanche 06 novembre 2011)<\/strong><\/font><\/p>\n<hr\/>\n<p align=\"center\"><b><span lang=\"FR\"><\/p>\n<h3 style=\"color: blue;\"><font face=\"Arial\">Charia en Libye, Charlie Hebdo: Points de vue<\/font><\/h3>\n<p> <\/span><\/b><\/p>\n<hr\/>\n<p>\u00a0<\/p>\n<p><b><span lang=\"FR\"><font face=\"Arial\" size=\"2\">Apr\u00e8s l&rsquo;instauration de la Charia en libye, puis la victoire aux \u00e9lections du parti islamique Ennahda en Tunisie, des questions se sont pos\u00e9es \u00e0 nous, nombreuses.<\/font><\/span><\/b><\/p>\n<p><font face=\"Arial\" size=\"2\"><span lang=\"FR\">\u00b7<span><\/span><\/span><b><i><span lang=\"FR\">Qu&rsquo;est ce que la Charia?<\/span><\/i><\/b><\/font><\/p>\n<p><font face=\"Arial\" size=\"2\"><span lang=\"FR\">\u00b7<span><\/span><\/span><b><i><span lang=\"FR\">La Charia est-elle compatible avec la d\u00e9mocratie ?<\/span><\/i><\/b><\/font><\/p>\n<p><font face=\"Arial\" size=\"2\"><span lang=\"FR\">\u00b7<span><\/span><\/span><b><i><span lang=\"FR\">Quelles cons\u00e9quences sur l&rsquo;\u00e9quilibre g\u00e9opolitique au Maghreb et au-del\u00e0 ?<\/span><\/i><\/b><\/font><\/p>\n<p><span lang=\"FR\"> <font face=\"Arial\" size=\"2\">Et avant m\u00eame que n&rsquo;ayons eu le temps d&rsquo;\u00e9baucher des r\u00e9ponses, voil\u00e0 que <\/font><font face=\"Arial\" size=\"2\">Charlie Hebdo <\/font><font face=\"Arial\" size=\"2\">est victime d&rsquo;un attentat pour avoir voulu- \u00e0 sa fa\u00e7on- r\u00e9pondre \u00e0 ces questions. Pour un europ\u00e9en la\u00efque, agnostique voire ath\u00e9e, une prise de position radicale vis \u00e0 vis de la Charia en Libye et en Tunisie est tentante mais difficile \u00e0 manier avec des mots simples. En attendant de formuler des r\u00e9ponses satisfaisantes, observons un instant ce qu&rsquo;en pensent quelques musulmans, en France ou ailleurs, dans ces pays musulmans que leurs printemps mettent en vedette, au Maghreb ou ailleurs.<\/font><\/span><\/p>\n<p><span lang=\"FR\"> <b><font face=\"Arial\" size=\"2\">Sur l&rsquo;attentat qui a touch\u00e9 Charlie Hebdo<\/font><\/b><\/span><\/p>\n<p><span lang=\"FR\"> <\/span><font face=\"Arial\" size=\"2\"><span lang=\"FR\"><font>20minutes.fr<\/font> titrait hier<\/span><\/font><\/p>\n<p><span lang=\"FR\"><font face=\"Arial\" size=\"2\">\u00ab\u00a0<b>La mosqu\u00e9e de Paris se veut p\u00e9dagogue sur l&rsquo;Islam de France\u00a0\u00bb<\/b><\/font><\/span><\/p>\n<p>\u00a0<\/p>\n<p><font size=\"2\"><font face=\"Arial\"><i><span lang=\"FR\">Le recteur de la <font>grande mosqu\u00e9e de Paris<\/font> a tenu ce jeudi \u00e0 \u00ab lever une ambigu\u00eft\u00e9 \u00bb sur l&rsquo;Islam de France et \u00e0 mettre en garde contre les<font>amalgames<\/font><\/span><\/i><i><span lang=\"FR\">, au lendemain d&rsquo;un<\/span><\/i><i><span lang=\"FR\"><font>attentat qui a ravag\u00e9 les locaux de Charlie Hebdo dont le journal, renomm\u00e9 \u00ab Charia Hebdo \u00bb<\/font>, pr\u00e9sentait en \u00ab Une \u00bb un proph\u00e8te Mahomet hilare.<\/span><\/i><\/font><\/font><\/p>\n<p><font face=\"Arial\" size=\"2\"><span lang=\"FR\">Une enqu\u00eate a \u00e9t\u00e9 ouverte sur les circonstances de cet<font>incendie<\/font> criminel et aucune piste n&rsquo;est pour l&rsquo;instant privil\u00e9gi\u00e9e. Mais les responsables de la mosqu\u00e9e de Paris craignent que certaines parties de l&rsquo;opinion n&rsquo;y voient le signe d&rsquo;une radicalisation des musulmans de France.<\/span><\/font><\/p>\n<p><font face=\"Arial\" size=\"2\"><span lang=\"FR\">\u00ab Tant que les criminels, ceux qui ont commis cet acte, ne sont pas identifi\u00e9s, il faudrait arr\u00eater de fantasmer sur l&rsquo;Islam et sur les musulmans \u00bb, a dit \u00e0 la presse Abdallah Zekri, pr\u00e9sident de l&rsquo;observatoire des actes islamophobes au<font>Conseil fran\u00e7ais du culte musulman (CFCM).<\/font>\u00ab\u00a0<\/span><\/font><\/p>\n<p><font face=\"Arial\" size=\"2\"><span lang=\"FR\">Cette r\u00e9action n&rsquo;occulte en rien les r\u00e9actions tr\u00e8s n\u00e9gatives d&rsquo;une partie de la presse maghr\u00e9bine sur l&rsquo;initiative de Chalie Hebdo. Ainsi <font>Slateafrique<\/font>.fr titrait hier \u00ab\u00a0<i>Charlie Hebdo : La presse maghr\u00e9bine r\u00e9agit mal\u00a0\u00bb<\/i><\/span><\/font><\/p>\n<p><span lang=\"FR\"><font face=\"Arial\" size=\"2\"><strong>Source : \u00ab Le Post.fr Le 06-11-2011<\/strong><\/font><\/span><\/p>\n<p><font face=\"Arial\" size=\"2\"><span lang=\"FR\">Lien : <\/span><span lang=\"NO-BOK\"><a href=\"http:\/\/www.lepost.fr\/article\/2011\/11\/06\/2631334_charia-en-libye-charlie-hebdo-points-de-vue.html\" rel=\"nofollow noopener\" target=\"_blank\"><font>http:\/\/www.lepost.fr\/article\/2011\/11\/06\/2631334_charia-en-libye-charlie-hebdo-points-de-vue.html<\/font><\/a><\/span><\/font><\/p>\n<\/div>\n<\/div>\n<\/div>\n<\/div>\n<\/div>\n<\/div>\n<\/div>\n<\/div>\n<\/div>\n<\/div>\n<\/div>\n<\/div>\n<p><\/body><\/body><\/html><\/p>","protected":false},"excerpt":{"rendered":"<p>TUNISNEWS 11 \u00e8me ann\u00e9e, N\u00b04148 du 07.11.2011 archives : www.tunisnews.net Le Point: Face \u00e0 Ennahda, les modernistes tunisiens s&rsquo;organisent La Voix des Tunisiens: Premier pas r\u00e9ussi en d\u00e9mocratie, le second \u00e0 confirmer Le Point: La religion sera absente de la Constitution tunisienne Magharebia: Les blogueurs tunisiens analysent les r\u00e9sultats des \u00e9lections Le Post: Charia en [&hellip;]<\/p>\n","protected":false},"author":1,"featured_media":22040,"comment_status":"open","ping_status":"open","sticky":false,"template":"","format":"standard","meta":{"inline_featured_image":false,"site-sidebar-layout":"default","site-content-layout":"","ast-site-content-layout":"default","site-content-style":"default","site-sidebar-style":"default","ast-global-header-display":"","ast-banner-title-visibility":"","ast-main-header-display":"","ast-hfb-above-header-display":"","ast-hfb-below-header-display":"","ast-hfb-mobile-header-display":"","site-post-title":"","ast-breadcrumbs-content":"","ast-featured-img":"","footer-sml-layout":"","ast-disable-related-posts":"","theme-transparent-header-meta":"","adv-header-id-meta":"","stick-header-meta":"","header-above-stick-meta":"","header-main-stick-meta":"","header-below-stick-meta":"","astra-migrate-meta-layouts":"default","ast-page-background-enabled":"default","ast-page-background-meta":{"desktop":{"background-color":"","background-image":"","background-repeat":"repeat","background-position":"center center","background-size":"auto","background-attachment":"scroll","background-type":"","background-media":"","overlay-type":"","overlay-color":"","overlay-opacity":"","overlay-gradient":""},"tablet":{"background-color":"","background-image":"","background-repeat":"repeat","background-position":"center center","background-size":"auto","background-attachment":"scroll","background-type":"","background-media":"","overlay-type":"","overlay-color":"","overlay-opacity":"","overlay-gradient":""},"mobile":{"background-color":"","background-image":"","background-repeat":"repeat","background-position":"center center","background-size":"auto","background-attachment":"scroll","background-type":"","background-media":"","overlay-type":"","overlay-color":"","overlay-opacity":"","overlay-gradient":""}},"ast-content-background-meta":{"desktop":{"background-color":"var(--ast-global-color-5)","background-image":"","background-repeat":"repeat","background-position":"center center","background-size":"auto","background-attachment":"scroll","background-type":"","background-media":"","overlay-type":"","overlay-color":"","overlay-opacity":"","overlay-gradient":""},"tablet":{"background-color":"var(--ast-global-color-5)","background-image":"","background-repeat":"repeat","background-position":"center center","background-size":"auto","background-attachment":"scroll","background-type":"","background-media":"","overlay-type":"","overlay-color":"","overlay-opacity":"","overlay-gradient":""},"mobile":{"background-color":"var(--ast-global-color-5)","background-image":"","background-repeat":"repeat","background-position":"center center","background-size":"auto","background-attachment":"scroll","background-type":"","background-media":"","overlay-type":"","overlay-color":"","overlay-opacity":"","overlay-gradient":""}},"footnotes":""},"categories":[],"tags":[63,42,29],"class_list":["post-17651","post","type-post","status-publish","format-standard","has-post-thumbnail","hentry","tag-63","tag-42","tag-fr"],"_links":{"self":[{"href":"https:\/\/tunisnews.net\/ar\/wp-json\/wp\/v2\/posts\/17651","targetHints":{"allow":["GET"]}}],"collection":[{"href":"https:\/\/tunisnews.net\/ar\/wp-json\/wp\/v2\/posts"}],"about":[{"href":"https:\/\/tunisnews.net\/ar\/wp-json\/wp\/v2\/types\/post"}],"author":[{"embeddable":true,"href":"https:\/\/tunisnews.net\/ar\/wp-json\/wp\/v2\/users\/1"}],"replies":[{"embeddable":true,"href":"https:\/\/tunisnews.net\/ar\/wp-json\/wp\/v2\/comments?post=17651"}],"version-history":[{"count":0,"href":"https:\/\/tunisnews.net\/ar\/wp-json\/wp\/v2\/posts\/17651\/revisions"}],"wp:featuredmedia":[{"embeddable":true,"href":"https:\/\/tunisnews.net\/ar\/wp-json\/wp\/v2\/media\/22040"}],"wp:attachment":[{"href":"https:\/\/tunisnews.net\/ar\/wp-json\/wp\/v2\/media?parent=17651"}],"wp:term":[{"taxonomy":"category","embeddable":true,"href":"https:\/\/tunisnews.net\/ar\/wp-json\/wp\/v2\/categories?post=17651"},{"taxonomy":"post_tag","embeddable":true,"href":"https:\/\/tunisnews.net\/ar\/wp-json\/wp\/v2\/tags?post=17651"}],"curies":[{"name":"wp","href":"https:\/\/api.w.org\/{rel}","templated":true}]}}