{"id":17646,"date":"2008-05-30T00:00:00","date_gmt":"2008-05-30T00:00:00","guid":{"rendered":"https:\/\/tunisnews.net\/30-mai-2008\/"},"modified":"2008-05-30T00:00:00","modified_gmt":"2008-05-30T00:00:00","slug":"30-mai-2008","status":"publish","type":"post","link":"https:\/\/tunisnews.net\/ar\/30-mai-2008\/","title":{"rendered":"30 mai 2008"},"content":{"rendered":"<p><html><head><meta content=\"text\/html\" description=\"Economiste: Michel Prada, pr\u00e9sident de               l'Autorit\u00e9 des March\u00e9s Financiers en France:\u201cSi l\u2019\u00e9conomie               tunisienne s\u2019engage dans l\u2019\u00e9conomie de march\u00e9 financier, elle se               comportera mieux\u201d\" http-equiv=\"Content-Type\"\/><\/head><body><body><\/p>\n<p align=\"center\" dir=\"ltr\"><font face=\"Arial\" size=\"2\"><b><a href=\"https:\/\/tunisnews.net\/ar\/\"><span>Home<\/span><span lang=\"FR-CH\"> &#8211; Accueil <\/span><\/a><\/b><\/font><\/p>\n<div align=\"center\">\n<div>\n<blockquote>\n<div align=\"center\">\n<div align=\"justify\">\n<div>\n<div align=\"center\">\n<div>\n<p><font>  <\/font><\/p>\n<\/p><\/div>\n<p><font><span lang=\"FR\"> <\/p>\n<div align=\"center\" dir=\"ltr\"> <font size=\"2\"><strong><font face=\"Arial\"> <span lang=\"SV\">                TUNISNEWS<\/span> <\/font><\/strong><\/font> <\/div>\n<div> <font face=\"Arial\" size=\"2\"><span lang=\"FR\"> <strong>8\u00a0\u00e8me\u00a0ann\u00e9e, N\u00b0 \u00a02929\u00a0du 30.05.2008<\/strong><\/span><\/font><\/div>\n<div> <span> <font face=\"Arial\" size=\"2\"><strong>\u00a0archives :                <\/strong><\/font><a target=\"_blank\" rel=\"noopener\"> <font face=\"Arial\" size=\"2\"><strong>                www.tunisnews.net<\/strong><\/font><\/a><\/span><font face=\"Arial\" size=\"2\"><strong> <\/strong><\/font> <\/div>\n<p> <\/span><\/font><\/p>\n<\/p><\/div>\n<div align=\"center\" dir=\"ltr\">\n<p><font face=\"Arial\" size=\"2\"><strong><\/p>\n<hr\/>\n<p> <font face=\"Arial\" size=\"2\"> <span lang=\"FR\"> <font> <span lang=\"FR\"> <\/p>\n<p><font><span lang=\"FR\"><font face=\"Arial\" size=\"2\"> <span lang=\"SV\"> <\/p>\n<p align=\"left\">              le Temps: (LTDH)Les plaignants rejettent les propositions du               comit\u00e9 directeur               <font><font>Xinhua :Tunisie :               risque de d\u00e9s\u00e9quilibre du budget de l&rsquo;Etat et des paiements               ext\u00e9rieurs<\/font> <\/font><\/p>\n<p align=\"left\">              Infotusie:La D\u00e9claration de Yokohama salue la Tunisie pour avoir               accueilli, en 2007<\/p>\n<p align=\"left\"> <font>Xinhua:<\/font><\/p>\n<h2 style=\"color: red;\"><font size=\"3\"><font size=\"2\">Un               s\u00e9isme de magnitude 3.6 dans le sud-ouest de la Tunisie<\/font> <\/font><\/h2>\n<p>le Temps:Un \u00ab\u00a0pacte sur l&rsquo;immigration\u00a0\u00bb en octobre ?               <font>Economiste: Michel Prada, pr\u00e9sident de               l&rsquo;Autorit\u00e9 des March\u00e9s Financiers en France:\u201cSi l\u2019\u00e9conomie               tunisienne s\u2019engage dans l\u2019\u00e9conomie de march\u00e9 financier, elle se               comportera mieux\u201d<\/font> <font><\/p>\n<h2 style=\"color: red;\"><font>Xinhua:\u00a0la menace               terroriste persiste dans la r\u00e9gion du Maghreb<\/font><\/h2>\n<p> <\/font><\/p>\n<p align=\"left\"> <font>Le Figaro:Otages autrichiens:100 jours de               captivit\u00e9               <\/font><font><\/p>\n<h2 style=\"color: red;\"><font>Le               Figaro:L&rsquo;Alg\u00e9rie et la France, une liaison dangereuse<\/font><\/h2>\n<p><\/font><\/p>\n<p><\/span><\/font><\/span><\/font><\/p>\n<p><\/span><\/font><\/span><\/font><\/strong><\/font><\/p>\n<\/div><\/div>\n<\/p><\/div>\n<\/p><\/div>\n<\/blockquote><\/div>\n<\/div>\n<p><font face=\"Arial\" size=\"2\"><\/p>\n<div>\n<hr\/>\n<\/div>\n<p><\/font><\/p>\n<div align=\"center\">\n<p><font><font face=\"Arial\">Ligue Tunisienne de D\u00e9fense des   Droits de l&rsquo;Homme (LTDH)   Les plaignants rejettent les propositions du comit\u00e9 directeur<\/font><\/font><\/p>\n<\/div>\n<div>  \u00a0<\/div>\n<div> <font face=\"Arial\" size=\"2\"><font>N\u00e9jib SASSI<\/font> \u00a0<\/font><\/div>\n<div> <font face=\"Arial\" size=\"2\">\u00a0Les sept pr\u00e9sidents de sections de la Ligue   Tunisienne de D\u00e9fense des Droits de l&rsquo;Homme (LTDH), \u00e0 l&rsquo;origine de la plainte   qui paralyse depuis septembre 2005, les activit\u00e9s de la ligue et l&#8217;emp\u00eache de   tenir son 6\u00e8me congr\u00e8s ont rejet\u00e9, dans un communiqu\u00e9 publi\u00e9 le 27 mai 2008,   les propositions avanc\u00e9es le 12 mai par le comit\u00e9 directeur pour sortir de la   crise.      Ils rappellent que le comit\u00e9 directeur \u00ab\u00a0a proc\u00e9d\u00e9, selon eux \u00e0 des fusions de   sections pour marginaliser et exclure les adh\u00e9rents qui ne partagent pas ses   points de vue\u00a0\u00bb, et par cons\u00e9quent ils ont introduit une action en justice   contre ces fusions. Le tribunal a annul\u00e9 ces fusions et aussi les pr\u00e9paratifs   et la tenue du 6\u00e8me congr\u00e8s pr\u00e9vu initialement les 9, 10 et 11 septembre 2005.   Les sept m\u00e9contents indiquent que ces propositions ont \u00e9t\u00e9 pr\u00e9par\u00e9es   unilat\u00e9ralement par le Comit\u00e9 Directeur sans consultation pr\u00e9alable des   parties concern\u00e9es. Ils soulignent aussi et toujours selon eux \u00ab\u00a0que le comit\u00e9   directeur a depuis 6 ans perdu ses pr\u00e9rogatives suite au jugement prononc\u00e9 par   la cour d&rsquo;appel le 21\/06\/2001 qui d\u00e9signe ce comit\u00e9 directeur comme \u00e9tant un   administrateur judiciaire qui a pour seule mission de renouveler les sections   et de tenir un congr\u00e8s dans un d\u00e9lai d&rsquo;un an\u00a0\u00bb.   Les sept signataires appellent \u00e0 la tenue d&rsquo;un congr\u00e8s sur des bases   judiciaires saines et sans aucune exclusion et selon les constantes du   r\u00e8glement int\u00e9rieur et des statuts de la ligue\u00a0\u00bb.   \u00a0   L\u00e9gitimit\u00e9   Les propositions avanc\u00e9es par le comit\u00e9 directeur consistent \u00e0 entamer le   dialogue, au si\u00e8ge de la Ligue avec les m\u00e9contents sur toutes les questions.   Il fixe aussi un calendrier du d\u00e9roulement des discussions qui seront   couronn\u00e9es par un conseil national auquel participeront les plaignants et si   les choses avancent dans le bon sens un autre conseil national se tiendra pour   fixer la date du 6\u00e8me congr\u00e8s \u00ab\u00a0Laquelle doit \u00eatre fix\u00e9e pour avant le 10   d\u00e9cembre 2008 60\u00e8me anniversaire de la d\u00e9claration universelle des droits de   l&rsquo;homme\u00a0\u00bb a soulign\u00e9 dans son communiqu\u00e9 le comit\u00e9 directeur de la ligue.   Mais les plaignants parlent de l\u00e9gitimit\u00e9 m\u00eame du comit\u00e9 directeur alors que \u00ab\u00a0ce   dernier g\u00e8re tant bien que mal les affaires de la ligue depuis 6 ans et le 7   ex-pr\u00e9sidents assistaient aux r\u00e9unions des instances de la ligue\u00a0\u00bb r\u00e9torque un   membre du comit\u00e9 directeur.   <\/font> <font>(Source: \u00ab le Temps \u00bb (Quotidien \u2013 Tunis), le 30 mai   2008)\u200f<\/font> \u00a0<\/p>\n<hr\/>\n<div align=\"center\"> <font face=\"Arial\" size=\"2\"><\/p>\n<h2 style=\"color: red;\"><font size=\"3\">Tunisie : risque     de d\u00e9s\u00e9quilibre du budget de l&rsquo;Etat et des paiements ext\u00e9rieurs<\/font><\/h2>\n<p>       \u00a0<\/font><\/div>\n<div>         TUNIS, 28 mai (Xinhua) &#8212; Le Conseil d&rsquo;administration de la\u00a0 banque centrale     de Tunisie (BCT) a soulign\u00e9 que la conjoncture\u00a0 internationale marqu\u00e9e par     l&rsquo;ascension des prix du p\u00e9trole, exerce d\u00e9sormais des pressions sur     l&rsquo;\u00e9volution des prix et sur l&rsquo;\u00a0 accroissement du d\u00e9ficit de la balance     \u00e9nerg\u00e9tique.\u00a0\u00a0      \u00a0\u00a0\u00a0\u00a0 Dans un communiqu\u00e9 publi\u00e9 mercredi, la BCT prend un ton plus\u00a0 \u00e9nergique,     pour ne pas dire alarmiste, et pr\u00e9cise que la\u00a0 conjoncture internationale \u00ab\u00a0risque     d&rsquo;affecter l&rsquo;\u00e9quilibre du\u00a0 budget de l&rsquo;Etat et des paiements ext\u00e9rieurs\u00a0\u00bb.\u00a0\u00a0         \u00a0\u00a0\u00a0\u00a0 Selon la BCT, la conjoncture internationale est marqu\u00e9e aussi\u00a0 par la     poursuite de la fluctuation des march\u00e9s des changes et\u00a0 financiers     internationaux, en relation avec la d\u00e9t\u00e9rioration des\u00a0 perspectives de la     croissance mondiale, notamment dans les pays\u00a0 industrialis\u00e9s.\u00a0\u00a0      \u00a0\u00a0\u00a0\u00a0 La BCTa insist\u00e9 sur \u00ab\u00a0la n\u00e9cessit\u00e9 de la poursuite des efforts\u00a0 pour     l&rsquo;exploitation optimale des capacit\u00e9s et des potentialit\u00e9s\u00a0 existantes dans     tous les secteurs d&rsquo;activit\u00e9, afin d&rsquo;am\u00e9liorer la\u00a0 production et la     productivit\u00e9, comprimer les co\u00fbts et promouvoir\u00a0 l&rsquo; investissement priv\u00e9     \u00ab\u00a0.\u00a0\u00a0      \u00a0\u00a0\u00a0\u00a0 Toujours selon la m\u00eame source, cette situation \u00ab\u00a0impose\u00a0 \u00e9galement de     rationaliser davantage les d\u00e9penses et de comprimer\u00a0 la consommation     d&rsquo;\u00e9nergie\u00a0\u00bb. \u00a0<\/div>\n<div> <font>Source Agence de Presse Xinhua le 29 mai 2008<\/font><\/div>\n<div>\n<hr\/><\/div>\n<\/p><\/div>\n<div align=\"center\"> <font face=\"Arial\"><\/p>\n<p><font size=\"3\">La D\u00e9claration de Yokohama   salue la Tunisie pour avoir accueilli, en 2007, la conf\u00e9rence sur les impacts   des changements climatiques<\/font><\/p>\n<p> \u00a0<\/font><\/div>\n<div> <font face=\"Arial\" size=\"2\">Les participants \u00e0 la quatri\u00e8me Conf\u00e9rence de   Tokyo pour le d\u00e9veloppement en Afrique (TICAD IV), tenue du 28 au 30 mai \u00e0   Yokohama, saluent, dans la d\u00e9claration de Yokohama, adopt\u00e9e \u00e0 cette occasion,   la Tunisie pour avoir accueilli, en novembre 2007, la conf\u00e9rence   internationale sur les impacts des changements climatiques et l&rsquo;identification   d&rsquo;une strat\u00e9gie d&rsquo;adaptation aux niveaux du continent africain et de la r\u00e9gion   m\u00e9diterran\u00e9enne.   Le document rappelle que cette conf\u00e9rence a \u00e9t\u00e9 couronn\u00e9e par la D\u00e9claration   de Tunis pour une solidarit\u00e9 internationale qui vise \u00e0 pr\u00e9munir l&rsquo;Afrique et   la r\u00e9gion de la M\u00e9diterran\u00e9e contre les effets adverses du changement   climatique   <font>Source Infotusie.com le30 mai 2008<\/font><\/font><\/div>\n<div>\n<hr\/>\n<\/div>\n<div align=\"center\">\n<h2 style=\"color: red;\"><font size=\"3\">Un s\u00e9isme de magnitude 3.6 dans le sud-ouest de   la Tunisie<\/font><\/h2>\n<\/div>\n<div> <font face=\"Arial\" size=\"2\">TUNIS, 29 mai (Xinhua) &#8212; Une secousse tellurique   de magnitude\u00a0 3.6 sur l&rsquo;\u00e9chelle ouverte de Richter a \u00e9t\u00e9 enregistr\u00e9e jeudi   matin dans la province tunisienne de K\u00e9bili, a rapport\u00e9 l&rsquo;agence\u00a0 tunisienne   TAP.\u00a0    La TAP, qui cite l&rsquo;Institut national tunisien de m\u00e9t\u00e9orologie ( INM) bas\u00e9 \u00e0   Tunis, ne fait \u00e9tat d&rsquo;aucune victime ni de d\u00e9g\u00e2ts\u00a0 mat\u00e9riels.\u00a0    \u00a0\u00a0\u00a0\u00a0 Selon les premi\u00e8res analyses, l&rsquo;\u00e9picentre de la secousse\u00a0 ressentie \u00e0   03H17 (01H17 GMT) est situ\u00e9 \u00e0 34,06 degr\u00e9s de latitude et 9,23 degr\u00e9s de   longitude.<\/font>\u00a0       <font>Source Agence de Presse Xinhua\u00a0le 30 mai 2008 \u00a0<\/p>\n<hr\/>\n<p><\/font><\/div>\n<div align=\"center\"> <font face=\"Arial\"><\/p>\n<h3 style=\"color: blue;\"><font>Un \u00ab\u00a0pacte sur l&rsquo;immigration\u00a0\u00bb en   octobre ?<\/font><\/h3>\n<p> \u00a0<\/font><\/div>\n<div>  \u00a0<\/div>\n<div> <font face=\"Arial\" size=\"2\">\u00a0Le Temps-Agences- La France esp\u00e8re parvenir en   octobre \u00e0 un accord sur un pacte europ\u00e9en sur l&rsquo;immigration et l&rsquo;asile pour   lequel des propositions sont attendues d\u00e8s le d\u00e9but de la pr\u00e9sidence fran\u00e7aise   de l&rsquo;UE.      Les n\u00e9gociations s&rsquo;acc\u00e9l\u00e8rent \u00e0 l&rsquo;approche du 1er juillet, date \u00e0 laquelle la   France prendra les r\u00eanes de l&rsquo;UE, et les propositions fran\u00e7aises devraient   \u00eatre pr\u00e9sent\u00e9es lors de la r\u00e9union informelle des ministres de l&rsquo;Int\u00e9rieur de   le Justice des Vingt-Sept qui se d\u00e9roulera \u00e0 Cannes les 7 et 8 juillet.   \u00ab\u00a0On y travaille depuis le d\u00e9but de l&rsquo;ann\u00e9e et il est possible de parvenir \u00e0 un   accord au Conseil europ\u00e9en d&rsquo;octobre\u00a0\u00bb, a d\u00e9clar\u00e9 une source fran\u00e7aise de haut   niveau.   Cette \u00e9valuation est partag\u00e9e au Parlement europ\u00e9en, o\u00f9 l&rsquo;on suit de tr\u00e8s pr\u00e8s   ce dossier jug\u00e9 sensible puisqu&rsquo;il porte sur des domaines qui passeront pour   la plupart \u00e0 la majorit\u00e9 qualifi\u00e9e &#8211; et donc par \u00ab\u00a0co-d\u00e9cision\u00a0\u00bb avec les   d\u00e9put\u00e9s &#8211; le 1er janvier 2009, lorsque le trait\u00e9 de Lisbonne aura \u00e9t\u00e9 ratifi\u00e9.   \u00ab\u00a0Je suis optimiste\u00a0\u00bb, d\u00e9clare ainsi le d\u00e9put\u00e9 UMP Alain Lamassoure. \u00ab\u00a0La France   a bien pris les choses en main\u00a0\u00bb.   Le ministre fran\u00e7ais de l&rsquo;Immigration, Brice Hortefeux, a pratiquement achev\u00e9   de rencontrer ses homologues des Vingt-Sept et s&rsquo;est r\u00e9uni mercredi avec des   d\u00e9put\u00e9s de la commission parlementaire comp\u00e9tente du Parlement europ\u00e9en.   De source diplomatique, on souligne que l&rsquo;approche fran\u00e7aise n&rsquo;est pas celle   qui est pr\u00e9sent\u00e9e jeudi en \u00ab\u00a0une\u00a0\u00bb du quotidien Financial Times, qui \u00e9voque la   volont\u00e9 de Nicolas Sarkozy de durcir les conditions pour les demandeurs   d&rsquo;asile.   Ce quotidien base ses information sur un document de consultation datant du 25   janvier et son interpr\u00e9tation de ce texte serait, selon ce diplomate, erron\u00e9e.   \u00ab\u00a0Tout l&rsquo;approche consiste au contraire \u00e0 renforcer la lutte contre   l&rsquo;immigration ill\u00e9gale sans porter atteinte aux droits des demandeurs d&rsquo;asile\u00a0\u00bb,   a-t-il expliqu\u00e9 en rappelant que la France est, avec la Su\u00e8de, le pays qui   d\u00e9tient le record europ\u00e9en des r\u00e9ponses positives \u00e0 de telles demandes. \u00a0<\/font><\/div>\n<div> <font face=\"Arial\" size=\"2\"><font>(Source: \u00ab le Temps \u00bb (Quotidien   \u2013 Tunis), le 30 mai 2008)\u200f<\/font> \u00a0<\/p>\n<hr\/>\n<p><\/font><\/div>\n<div align=\"center\"> <font>Michel Prada, pr\u00e9sident de l&rsquo;Autorit\u00e9 des March\u00e9s   Financiers en France   <\/font><\/p>\n<h3 style=\"color: blue;\"><font>\u201cSi l\u2019\u00e9conomie tunisienne s\u2019engage dans   l\u2019\u00e9conomie de march\u00e9 financier, elle se comportera mieux\u201d<\/font><\/h3>\n<p> \u00a0<\/p><\/div>\n<div>  \u00a0<\/div>\n<div> <font face=\"Arial\" size=\"2\">Invit\u00e9 par l\u2019UTICA, il avait abord\u00e9 les questions   \u00e9conomiques et financi\u00e8res du moment.En exclusivit\u00e9 pour l\u2019Economiste, le   pr\u00e9sident de l\u2019Autorit\u00e9 des March\u00e9s Financiers en France r\u00e9pond \u00e0 nos   questions. Entretien.   \u00a0L\u2019Economiste Mahgr\u00e9bin : Comment d\u00e9finissez-vous le r\u00f4le de l\u2019Autorit\u00e9 des   March\u00e9s Financiers?   Michel Prada : Le r\u00f4le de l\u2019Autorit\u00e9 des March\u00e9s Financiers (AMF) en France   est assez comparable \u00e0 celui du Conseil du March\u00e9 Financier (CMF) en Tunisie.   Il s\u2019agit d\u2019une autorit\u00e9 publique qui a pour mission de prot\u00e9ger l\u2019\u00e9pargne, de   v\u00e9rifier la qualit\u00e9 de l\u2019information financi\u00e8re et de s\u2019assurer du bon   fonctionnement du march\u00e9. C\u2019est une autorit\u00e9 ind\u00e9pendante qui est compos\u00e9e   d\u2019un coll\u00e8ge, nomm\u00e9 pour 6 ans, avec des membres non permanents, et d\u2019un   pr\u00e9sident permanent nomm\u00e9 par le Pr\u00e9sident de la R\u00e9publique pour un mandat non   renouvelable de 5 ans. A l\u2019appui de ce coll\u00e8ge, il existe des services   employant environ 370 personnes. Nous avons \u00e9galement un organisme   disciplinaire sp\u00e9cialis\u00e9 qui est la commission des sanctions. Nous avons par   ailleurs diff\u00e9rents organismes qui sont \u00e0 l\u2019appui de ce dispositif : un   conseil scientifique et des commissions consultatives. Nous travaillons   essentiellement sur deux grands types de domaines.   Le premier domaine concerne les \u00e9metteurs, c\u2019est-\u00e0-dire les entreprises qui   font appel public \u00e0 l\u2019\u00e9pargne pour lesquelles nous nous pr\u00e9occupons de la   qualit\u00e9 de l\u2019information financi\u00e8re, de la bonne gouvernance, du respect des   principes d\u2019audit et de comptabilit\u00e9, etc. De plus, nous surveillons les   op\u00e9rations financi\u00e8res de ces entreprises : les offres publiques d\u2019achat et   d\u2019\u00e9change qui permettent de restructurer les entreprises.   Le deuxi\u00e8me champ en termes d\u2019objectifs de l\u2019AMF concerne l\u2019interm\u00e9diation   financi\u00e8re. Dans ce cadre, nous sommes comp\u00e9tents plus particuli\u00e8rement en ce   qui concerne la surveillance du secteur et la gestion des actifs pour le   compte de tiers. Ceci fait notamment r\u00e9f\u00e9rence aux SICAV, aux Fonds Communs de   Placement, \u00e0 la gestion de fortune, etc. Nous nous int\u00e9ressons \u00e9galement aux   r\u00e8gles de bonne conduite des interm\u00e9diaires dans leurs relations avec leurs   clients. Nous surveillons en outre les infrastructures de march\u00e9 : la Bourse   elle-m\u00eame et le post-march\u00e9, c\u2019est-\u00e0-dire la compensation \u2013 r\u00e8glement \u2013   livraison.   A l\u2019appui de tous ces m\u00e9tiers op\u00e9rationnels, nous travaillons avec trois   grands instruments : la r\u00e9glementation, la d\u00e9livrance d\u2019autorisations, de   visas et d\u2019agr\u00e9ments, ainsi que des actions disciplinaires de contr\u00f4le, de   surveillance, et le cas \u00e9ch\u00e9ant, de sanction. Nous avons enfin une activit\u00e9   internationale tr\u00e8s intense, aussi bien au niveau europ\u00e9en au sein du Comit\u00e9   Europ\u00e9en des R\u00e9gulateurs de March\u00e9, qu\u2019au niveau mondial au sein de   l\u2019Organisation Internationale des Commissions de Valeurs. Et je profite de ma   pr\u00e9sence en Tunisie pour mentionner l\u2019Institut Francophone de la R\u00e9gulation   Financi\u00e8re qui regroupe toutes les commissions francophones du monde et dont   la pr\u00e9sidence \u00e9tait assur\u00e9e, jusqu\u2019\u00e0 cette ann\u00e9e, par le CMF tunisien(suite&#8230;). \u00a0<\/font><\/div>\n<div> <font face=\"Arial\" size=\"2\">\u00a0<\/font><font face=\"Arial\" size=\"2\">L\u2019Economiste   du 21 Mai au 4 Juin 2008<\/font><\/div>\n<div>\n<hr\/>\n<\/div>\n<div align=\"center\"> <font face=\"Arial\" size=\"2\"><font size=\"3\"><\/p>\n<h3 style=\"color: blue;\"><font>la menace   terroriste persiste dans la r\u00e9gion du Maghreb<\/font><\/h3>\n<p> <\/font> \u00a0<\/font><\/p>\n<div align=\"left\">    \u00a0<font face=\"Arial\" size=\"2\">TUNIS, 28 mai (Xinhua) &#8212; Le chef du     commandement des Etats- Unis d&rsquo;Am\u00e9rique pour l&rsquo;Afrique (AFRICOM), le g\u00e9n\u00e9ral     William E.\u00a0 Ward, a affirm\u00e9 mercredi que la menace terroriste persiste     encore\u00a0 dans la r\u00e9gion du Maghreb.\u00a0\u00a0      Dans un point de presse donn\u00e9 mercredi au si\u00e8ge de l&rsquo;ambassade\u00a0 am\u00e9ricaine \u00e0     Tunis, le g\u00e9n\u00e9ral William E. Ward a aussi affirm\u00e9\u00a0 qu&rsquo;il n&rsquo;y a pour le     moment aucun projet de transfert du quartier\u00a0 g\u00e9n\u00e9ral de l&rsquo;Africom, bas\u00e9     actuellement \u00e0 Stuttgart en Allemagne.\u00a0\u00a0      L&rsquo;Africom est l&rsquo;un des six \u00e9tats-majors r\u00e9gionaux du\u00a0 d\u00e9partement am\u00e9ricain     de la d\u00e9fense. Il a \u00e9t\u00e9 cr\u00e9\u00e9, officiellement, le 6 f\u00e9vrier 2007et son budget     s&rsquo;\u00e9l\u00e8ve \u00e0 pr\u00e8s de 50 millions de\u00a0 dollars.\u00a0\u00a0      Le g\u00e9n\u00e9ral Ward a pr\u00e9cis\u00e9 que sa visite en Tunisie vise \u00e0\u00a0 expliquer le     pourquoi de la cr\u00e9ation de ce commandement qui n&rsquo;a \u00a0\u00bb aucune relation avec ce     qui se passe en Irak et en Afghanistan\u00a0\u00bb.\u00a0\u00a0      \u00ab\u00a0La Tunisie est un pays mod\u00e8le dans la r\u00e9gion dans plusieurs\u00a0 domaines dont,     notamment, l&rsquo;\u00e9ducation globale, le bien-\u00eatre social, la tol\u00e9rance religieuse     et l&rsquo;\u00e9mancipation de la femme, autant de\u00a0 facteurs qui repr\u00e9sentent un     obstacle \u00e0 la prolif\u00e9ration de\u00a0 l&rsquo;extr\u00e9misme\u00a0\u00bb, a-t-il d\u00e9clar\u00e9.\u00a0                <font>Source Agence de Presse Xinhua le 29 mai 2008<\/font> \u00a0<\/font><\/div>\n<div align=\"left\"> <font face=\"Arial\" size=\"2\"><\/p>\n<hr\/>\n<p><\/font> <\/div>\n<div align=\"center\"> <font face=\"Arial\"><\/p>\n<h3 style=\"color: blue;\"><font>Otages autrichiens:100 jours de     captivit\u00e9<\/font><\/h3>\n<p> \u00a0<\/font><\/div>\n<div align=\"left\">    \u00a0<font face=\"Arial\" size=\"2\">Cela fait d\u00e9sormais 100 jours que deux     touristes autrichiens, Wolfgang Ebner, 51 ans, et sa compagne Andrea Kloiber,     44 ans, sont d\u00e9tenus dans le Sahara, probablement au Mali, par un groupe se     r\u00e9clamant d&rsquo;Al Qa\u00efda au Maghreb.     Malgr\u00e9 le temps \u00e9coul\u00e9 depuis leur enl\u00e8vement le 22 f\u00e9vrier dans le sud     tunisien, les diplomates autrichiens restent confiants quant \u00e0 leur     lib\u00e9ration prochaine car ils ont dit avoir re\u00e7u il y a peu des preuves de     vie des deux otages.          <font>(Source : \u00ab Le Figaro \u00bb (Quotidien \u2013 France), le 29     mai 2008)<\/font>      \u00a0<\/font><\/div>\n<div align=\"left\"> <font face=\"Arial\" size=\"2\"><\/p>\n<hr\/>\n<p><\/font> <\/div>\n<div align=\"center\"> <font face=\"Arial\"><\/p>\n<h3 style=\"color: blue;\"><font>L&rsquo;Alg\u00e9rie et la France,      une liaison dangereuse<\/font><\/h3>\n<p> \u00a0<\/font><\/div>\n<div align=\"left\">    \u00a0<font face=\"Arial\" size=\"2\"><font>\u00c9ric Roussel     <\/font>     .Journaliste et d\u00e9fenseur de la d\u00e9colonisation, Jean Lacouture livre une     chronique historique des \u00e9v\u00e9nements et un t\u00e9moignage personnel.     Plus de quarante ans apr\u00e8s la signature des accords d&rsquo;\u00c9vian, qui     consacr\u00e8rent son ind\u00e9pendance, l&rsquo;Alg\u00e9rie est un sujet r\u00e9current de     d\u00e9ploration. Alors qu&rsquo;au milieu de bien des vicissitudes, le Maroc et la     Tunisie, les deux autres \u00c9tats du Maghreb, ont trouv\u00e9 une certaine stabilit\u00e9,     les anciens d\u00e9partements fran\u00e7ais n&rsquo;ont cess\u00e9 d&rsquo;\u00eatre le th\u00e9\u00e2tre d&rsquo;\u00e9v\u00e9nements     tragiques. L\u00e0 plus qu&rsquo;ailleurs, l&rsquo;islamisme le plus radical s&rsquo;est affirm\u00e9     tandis que le pays peinait, et peine toujours, sur la voie de la     d\u00e9mocratisation. En outre, les rapports entre Paris et Alger n&rsquo;ont jamais     \u00e9t\u00e9 au beau fixe, l&rsquo;histoire de la colonisation divisant encore les opinions     publiques.     Pour comprendre un pr\u00e9sent si charg\u00e9 de menaces, il \u00e9tait indispensable     d&rsquo;envisager les choses sur une dur\u00e9e relativement longue comme Jean     Lacouture vient de le faire. Son livre para\u00eet dans la collection \u00ab T\u00e9\u00admoins     \u00bb des \u00c9ditions Gallimard. On ne s&rsquo;\u00e9tonnera donc pas qu&rsquo;\u00e0 l&rsquo;\u00e9tude du pass\u00e9 de     l&rsquo;Alg\u00e9rie, l&rsquo;auteur ajoute ses souvenirs, voire ses humeurs. Ainsi ce vieux     routier des luttes anticoloniales ne cache pas la sympathie que lui inspira     Nicolas Sarkozy lorsque, \u00e0 l&rsquo;occasion d&rsquo;un voyage, en d\u00e9cembre 2007, ce     dernier se livra \u00e0 Constantine, devant ses h\u00f4tes, \u00e0 une courageuse \u00e9vocation     historique. Initiative, on le sait, malheureusement non pay\u00e9e de retour     puisque ce d\u00e9placement fut l&rsquo;occasion d&rsquo;incidents, \u00e0 juste titre qualifi\u00e9s     ici de scandaleux.     Lacouture le montre : tout avait mal commenc\u00e9 en Alg\u00e9rie. Apr\u00e8s la conqu\u00eate,     men\u00e9e de mani\u00e8re brutale, les Europ\u00e9ens furent toujours trop pr\u00e9sents pour     \u00eatre support\u00e9s, mais pas assez nombreux pour contr\u00f4ler vraiment la contr\u00e9e.     D&rsquo;o\u00f9 une suite d&rsquo;occasions manqu\u00e9es, de projets malheureux et, en d\u00e9finitive,     de drames. Quand le pays s&#8217;embrasa \u00e0 la Toussaint 1954, il \u00e9tait trop tard     pour r\u00e9parer les d\u00e9g\u00e2ts. Le statut de 1947 appara\u00eet r\u00e9trospectivement comme     la derni\u00e8re chance qui ne fut pas saisie puisque ses dispositions     relativement \u00e9quitables rest\u00e8rent lettre morte.     L&rsquo;apport des pieds-noirs \u00e0 la France contemporaine     Comme on pouvait s&rsquo;y attendre, Jean Lacouture braque vite le projecteur sur     le g\u00e9n\u00e9ral de Gaulle auquel revint la lourde t\u00e2che de trancher le n\u0153ud     gordien. De ce que furent sa pens\u00e9e profonde sur le sujet et sa ligne de     conduite de 1958 \u00e0 1962, on trouvera sous sa plume le plus honn\u00eate r\u00e9sum\u00e9.     Si le fondateur de la Ve R\u00e9pu\u00adblique ne croyait gu\u00e8re \u00e0 la possibilit\u00e9 d&rsquo;un     maintien ind\u00e9fini de la pr\u00e9sence fran\u00e7aise de l&rsquo;autre c\u00f4t\u00e9 de la     M\u00e9diterran\u00e9e, il souhaitait autant que possible op\u00e9rer un repli en bon ordre,     avoir un autre interlocuteur que le FLN, et garder, enfin, les richesses     p\u00e9troli\u00e8res du Sahara. Lorsqu&rsquo;il apparut impossible d&rsquo;atteindre ces buts, la     n\u00e9gociation devint son objectif prioritaire. On s&rsquo;est souvent demand\u00e9     pourquoi le G\u00e9n\u00e9ral s&rsquo;attacha \u00e0 obtenir au pr\u00e9alable un assainissement de la     situation militaire. Le plus probable, comme le souligne Jean Daniel dans sa     pr\u00e9face, est qu&rsquo;il \u00e9tait hant\u00e9 par le pr\u00e9c\u00e9dent de Di\u00ean Bi\u00ean Phu, et d\u00e9cid\u00e9     \u00e0 tout faire pour \u00e9viter le trait\u00e9 en position d\u00e9favorable.     \u00c0 l&rsquo;heure du bilan, Jean Lacouture ne dissimule rien des zones d&rsquo;ombre d&rsquo;une     histoire r\u00e9cente. Au chapitre des r\u00e9ussites, il pr\u00e9f\u00e8re souligner l&rsquo;apport     consid\u00e9rable de la communaut\u00e9 pied-noire \u00e0 la France contemporaine.     Paradoxal et r\u00e9confortant constat, quarante-six ans apr\u00e8s les \u00e9preuves     cons\u00e9cutives \u00e0 la paix.     \u00a0\u00a0<font>\u00a0\u00a0<\/font><\/font><\/div>\n<div align=\"left\"> <font face=\"Arial\" size=\"2\"><font>\u00a0(Source : \u00ab Le Figaro \u00bb (Quotidien     \u2013 France), le 29 mai 2008)<\/font> <\/font>.<\/div>\n<div align=\"left\">\n<hr\/><\/div>\n<div align=\"center\">          \u00a0<\/div>\n<\/div>\n<p align=\"left\" dir=\"ltr\">\u00a0<\/p>\n<p align=\"center\" dir=\"ltr\"><b><a href=\"https:\/\/tunisnews.net\/ar\/\"><font face=\"Arial\"><span><font size=\"2\">Home<\/font><\/span><font size=\"2\"><span lang=\"FR-CH\"> &#8211; Accueil <\/span><span>&#8211; <\/span><\/font><\/font><span dir=\"rtl\" lang=\"AR-SA\"><font size=\"2\">\u0627\u0644\u0631\u0626\u064a\u0633\u064a\u0629<\/font><\/span><\/a><\/b><\/p>\n<p><\/body><\/body><\/html><\/p>","protected":false},"excerpt":{"rendered":"<p>Home &#8211; Accueil TUNISNEWS 8\u00a0\u00e8me\u00a0ann\u00e9e, N\u00b0 \u00a02929\u00a0du 30.05.2008 \u00a0archives : www.tunisnews.net le Temps: (LTDH)Les plaignants rejettent les propositions du comit\u00e9 directeur Xinhua :Tunisie : risque de d\u00e9s\u00e9quilibre du budget de l&rsquo;Etat et des paiements ext\u00e9rieurs Infotusie:La D\u00e9claration de Yokohama salue la Tunisie pour avoir accueilli, en 2007 Xinhua: Un s\u00e9isme de magnitude 3.6 dans le [&hellip;]<\/p>\n","protected":false},"author":1,"featured_media":22040,"comment_status":"open","ping_status":"open","sticky":false,"template":"","format":"standard","meta":{"inline_featured_image":false,"site-sidebar-layout":"default","site-content-layout":"","ast-site-content-layout":"default","site-content-style":"default","site-sidebar-style":"default","ast-global-header-display":"","ast-banner-title-visibility":"","ast-main-header-display":"","ast-hfb-above-header-display":"","ast-hfb-below-header-display":"","ast-hfb-mobile-header-display":"","site-post-title":"","ast-breadcrumbs-content":"","ast-featured-img":"","footer-sml-layout":"","ast-disable-related-posts":"","theme-transparent-header-meta":"","adv-header-id-meta":"","stick-header-meta":"","header-above-stick-meta":"","header-main-stick-meta":"","header-below-stick-meta":"","astra-migrate-meta-layouts":"default","ast-page-background-enabled":"default","ast-page-background-meta":{"desktop":{"background-color":"","background-image":"","background-repeat":"repeat","background-position":"center center","background-size":"auto","background-attachment":"scroll","background-type":"","background-media":"","overlay-type":"","overlay-color":"","overlay-opacity":"","overlay-gradient":""},"tablet":{"background-color":"","background-image":"","background-repeat":"repeat","background-position":"center center","background-size":"auto","background-attachment":"scroll","background-type":"","background-media":"","overlay-type":"","overlay-color":"","overlay-opacity":"","overlay-gradient":""},"mobile":{"background-color":"","background-image":"","background-repeat":"repeat","background-position":"center center","background-size":"auto","background-attachment":"scroll","background-type":"","background-media":"","overlay-type":"","overlay-color":"","overlay-opacity":"","overlay-gradient":""}},"ast-content-background-meta":{"desktop":{"background-color":"var(--ast-global-color-5)","background-image":"","background-repeat":"repeat","background-position":"center center","background-size":"auto","background-attachment":"scroll","background-type":"","background-media":"","overlay-type":"","overlay-color":"","overlay-opacity":"","overlay-gradient":""},"tablet":{"background-color":"var(--ast-global-color-5)","background-image":"","background-repeat":"repeat","background-position":"center center","background-size":"auto","background-attachment":"scroll","background-type":"","background-media":"","overlay-type":"","overlay-color":"","overlay-opacity":"","overlay-gradient":""},"mobile":{"background-color":"var(--ast-global-color-5)","background-image":"","background-repeat":"repeat","background-position":"center center","background-size":"auto","background-attachment":"scroll","background-type":"","background-media":"","overlay-type":"","overlay-color":"","overlay-opacity":"","overlay-gradient":""}},"footnotes":""},"categories":[],"tags":[57,39,29],"class_list":["post-17646","post","type-post","status-publish","format-standard","has-post-thumbnail","hentry","tag-57","tag-39","tag-fr"],"_links":{"self":[{"href":"https:\/\/tunisnews.net\/ar\/wp-json\/wp\/v2\/posts\/17646","targetHints":{"allow":["GET"]}}],"collection":[{"href":"https:\/\/tunisnews.net\/ar\/wp-json\/wp\/v2\/posts"}],"about":[{"href":"https:\/\/tunisnews.net\/ar\/wp-json\/wp\/v2\/types\/post"}],"author":[{"embeddable":true,"href":"https:\/\/tunisnews.net\/ar\/wp-json\/wp\/v2\/users\/1"}],"replies":[{"embeddable":true,"href":"https:\/\/tunisnews.net\/ar\/wp-json\/wp\/v2\/comments?post=17646"}],"version-history":[{"count":0,"href":"https:\/\/tunisnews.net\/ar\/wp-json\/wp\/v2\/posts\/17646\/revisions"}],"wp:featuredmedia":[{"embeddable":true,"href":"https:\/\/tunisnews.net\/ar\/wp-json\/wp\/v2\/media\/22040"}],"wp:attachment":[{"href":"https:\/\/tunisnews.net\/ar\/wp-json\/wp\/v2\/media?parent=17646"}],"wp:term":[{"taxonomy":"category","embeddable":true,"href":"https:\/\/tunisnews.net\/ar\/wp-json\/wp\/v2\/categories?post=17646"},{"taxonomy":"post_tag","embeddable":true,"href":"https:\/\/tunisnews.net\/ar\/wp-json\/wp\/v2\/tags?post=17646"}],"curies":[{"name":"wp","href":"https:\/\/api.w.org\/{rel}","templated":true}]}}