{"id":17614,"date":"2010-02-26T00:00:00","date_gmt":"2010-02-26T00:00:00","guid":{"rendered":"https:\/\/tunisnews.net\/26-fevrier-2010\/"},"modified":"2010-02-26T00:00:00","modified_gmt":"2010-02-26T00:00:00","slug":"26-fevrier-2010","status":"publish","type":"post","link":"https:\/\/tunisnews.net\/ar\/26-fevrier-2010\/","title":{"rendered":"26 f\u00e9vrier 2010"},"content":{"rendered":"<p><html><head><meta content=\"text\/html\" description=\"\u00a0New York, February 25, 2010\u2014The Committee to Protect Journalists calls \n\t\ton the Tunisian authorities to immediately release journalist Taoufik \n\t\tBen Brik, who is serving a six-month jail sentence, so that he can \n\t\treceive the medical treatment he needs.\" http-equiv=\"Content-Type\"\/><\/head><body><body><\/p>\n<p align=\"center\" dir=\"ltr\"><font face=\"Arial\" size=\"2\"><b><a href=\"http:\/\/www.tunisnews.net\/\"><span>Home<\/span><span lang=\"FR-CH\"> &#8211; Accuei<\/span><\/a><span lang=\"FR-CH\">l<\/span><\/b><\/font><\/p>\n<div>\u00a0<meta content=\"Microsoft SafeHTML\"\/><\/p>\n<style>.ExternalClass .ecxhmmessage P{padding:0px;}.ExternalClass body.ecxhmmessage{font-size:10pt;font-family:Verdana;}<\/style>\n<div><font face=\"Arial\" size=\"2\">\u00a0 <\/p>\n<div dir=\"ltr\">\n<div><\/div>\n<div align=\"center\"><font size=\"7\"><strong>TUNISNEWS <\/strong><\/font><\/div>\n<div align=\"center\" dir=\"ltr\">\n<div><strong><font>9\u00a0\u00e8me ann\u00e9e, <span lang=\"FR\">N\u00b0\u00a03566 du 26.02.2010<\/span><\/font><\/strong><\/div>\n<\/div>\n<div align=\"center\"><span><font><strong>\u00a0archives : <\/strong><\/font><a target=\"_blank\" rel=\"noopener\"><font><strong>www.tunisnews.net<\/strong><\/font><\/a><\/span><font><strong>\u00a0<\/strong><\/font><span lang=\"FR\"><strong><\/strong><\/span><\/div>\n<div><strong><\/p>\n<hr\/>\n<p><\/strong><\/div>\n<div><strong>Committee to Protect Journalists : In prison, Tunisian journalist&rsquo;s health is worsening <font>TTU Monde Arabe: Tunisie, des turcs tr\u00e8s m\u00e9contents<\/font> Slim Bagga: Cabale odieuse et hyst\u00e9rie collective des journaux de l&rsquo;Etat contre Oum Zyed <font>Azza Zarrad: Bonne f\u00eate Ben Brik<\/font> Leaders: L&rsquo;histoire du Mouvement national vue par un agent des Renseignements G\u00e9n\u00e9raux\u00a0 fran\u00e7ais <font>AFP: Immigration: l&rsquo;UE endosse 29 propositions fran\u00e7aises avec une mise en garde<\/font>  Reuters: La coop\u00e9ration de la Libye sur l&rsquo;immigration menac\u00e9e, selon Rome <font>Reuters: Trois haut grad\u00e9s turcs rel\u00e2ch\u00e9s<\/font> Reuters:Turquie &#8211; Arrestation d&rsquo;une vingtaine d&rsquo;autres officiers <font>AFP: Turquie\/complot: Erdogan met en garde l&rsquo;arm\u00e9e, l&rsquo;enqu\u00eate s&rsquo;\u00e9largit<\/font> AFP: Elections au Tadjikistan sous le signe de la famille du pr\u00e9sident <font>AFP: Iran\/TV:le chef de Joundallah \u00ab\u00a0avoue\u00a0\u00bb avoir re\u00e7u une offre d&rsquo;aide am\u00e9ricaine<\/font>  AFP: Caricatures: excuses d&rsquo;un quotidien danois pour avoir offens\u00e9 les musulmans<\/strong><\/div>\n<\/div>\n<p><\/font><\/div>\n<div>\n<hr\/>\n<\/div>\n<div>\u00a0<\/div>\n<div>\n<div align=\"center\"><strong><font>Committee to Protect Journalists<\/font><\/strong> <\/div>\n<div align=\"center\"> \u00a0330 Seventh Avenue, New York, NY 10001 USA\u00a0\u00a0\u00a0\u00a0 Phone: (212) 465\u20111004\u00a0\u00a0\u00a0\u00a0 Fax: (212) 465\u20119568\u00a0\u00a0\u00a0\u00a0 Web: www.cpj.org\u00a0\u00a0\u00a0\u00a0 E-Mail: media@cpj.org \u00a0 Contacts:  Mohamed Abdel Dayem, program coordinator  Phone: (212) 465-1004, x103; E-mail: m.abdel.dayem@cpj.org\u00a0\u00a0\u00a0\u00a0 \u00a0 <strong><\/p>\n<h2 style=\"color: red;\"><font size=\"3\">In prison, Tunisian journalist&rsquo;s health is worsening<\/font><\/h2>\n<p><\/strong><\/div>\n<hr\/>\n<p> \u00a0New York, February 25, 2010\u2014The Committee to Protect Journalists calls on the Tunisian authorities to immediately release journalist Taoufik Ben Brik, who is serving a six-month jail sentence, so that he can receive the medical treatment he needs. \u00a0 Ben Brik&rsquo;s wife, Azza Zarrad, told CPJ that the journalist was in danger of dying due to high cholesterol combined with his diabetes and a preexisting hormonal disorder. She added that Ben Brik had asked the prison authorities to inform his family of his worsening condition so the family could adjust his medication, but that the authorities had failed to do so until Wednesday, after Zarrad visited her husband in prison. \u00a0 \u201cThe continued detention of Taoufik Ben Brik is inhumane,\u201d said CPJ deputy director Robert Mahoney. \u201cThe authorities have known for a long time that he is a sick man. We hold the Tunisian government responsible for Ben Brik\u2019s welfare behind bars.\u201d  \u00a0 Ben Brik, a well-known contributor to French newspapers and one of the top critics of President Zine El Abidine Ben Ali, was charged in November 2009 with assault, property damage, and violating public morality in connection with a purported attack on a woman. The journalist has denied the allegations and said they were fabricated in reprisal for his critical reporting on the president. \u00a0 \u201cBy denying my husband&rsquo;s request to inform us of his need for medical care, the authorities only proved their determination to push him to his death,\u201d his wife said. \u201cI don&rsquo;t know how long he will be able to sustain these conditions.\u201d \u00a0<\/p><\/div>\n<div>\n<hr\/>\n<\/div>\n<div>\u00a0 <\/p>\n<div align=\"center\"><strong>En partenariat avec l\u2019Association Sciences Po Monde arabe (SPMA),<\/strong> \u00a0<\/div>\n<div align=\"center\">\u00a0<strong><font>L\u2019Institut du Caire pour les \u00e9tudes des droits de l\u2019homme (ICEDH) La Ligue des droits de l\u2019homme (LDH) La F\u00e9d\u00e9ration internationale des ligues des droits de l\u2019homme (FIDH) Le R\u00e9seau\u00a0 euro m\u00e9diterran\u00e9e des droits de l\u2019homme (REMDH)<\/font><\/strong> \u00a0\u00a0 Organisent,\u00a0 le mardi 9 mars 2010, \u00e0 19h15, une conf\u00e9rence\u00a0 intitul\u00e9e :<\/div>\n<div>\u00a0<\/div>\n<div align=\"center\"><strong><\/p>\n<p><font size=\"3\">\u00abLes droits de l\u2019homme et leur impact sur la pauvret\u00e9, la violence et les conflits dans le monde arabe\u00bb<\/font><\/p>\n<p><\/strong> \u00a0<\/p>\n<hr\/>\n<p>\u00a0<\/p><\/div>\n<div align=\"justify\"> La question des droits de l\u2019homme n\u2019engage pas seulement le droit ou la morale. Si l\u2019on condamne souvent les traitements inflig\u00e9s par leurs gouvernants aux citoyens du monde arabe, on omet de dire que non seulement ces actes (emprisonnement, torture, etc.) ont des cons\u00e9quences qui se mesurent \u00e0 l\u2019aune de la situation \u00e9conomique, mais qu\u2019ils exercent \u00e9galement une influence non n\u00e9gligeable sur le contexte social en ce qu\u2019ils sont susceptibles d\u2019engendrer violences et conflits. \u00a0 La question des droits de l\u2019homme sera donc examin\u00e9e lors de cette conf\u00e9rence non pas comme un catalogue des violations mais davantage comme une analyse des cons\u00e9quences qu\u2019induit le non respect des droits de l\u2019homme au sein des pays arabes. \u00a0 \u00a0 <strong>Avec l\u2019aimable pr\u00e9sence de :  \u00a0 Bahey Eldin Hassen, directeur de l\u2019ICEDH \u00a0 Driss El Yazami, secr\u00e9taire g\u00e9n\u00e9ral de la FIDH \u00a0 Michel Tubiana, pr\u00e9sident d\u2019honneur de la LDH \u00a0 Kamel Jendoubi, pr\u00e9sident du REMDH <\/strong>\u00a0<\/div>\n<div align=\"justify\"> <strong>\u00abLes droits de l\u2019homme et leur impact sur la pauvret\u00e9,\u00a0 la violence et les conflits dans le monde arabe\u00bb :<\/strong> Conf\u00e9rence en date du mardi 9 mars 2010, de 19h15 \u00e0 21h15. Sciences Po Paris, Amphith\u00e9\u00e2tre Jacques Chapsal. 27, rue Saint-Guillaume 75007 Paris.<\/div>\n<div align=\"justify\">\n<hr\/>\n<\/div>\n<div align=\"justify\">\n<div align=\"center\"><strong><\/p>\n<h2 style=\"color: red;\"><font size=\"3\">Cabale odieuse et hyst\u00e9rie collective des journaux de l&rsquo;Etat contre Oum Zyed<\/font><\/h2>\n<p><\/strong><\/div>\n<div align=\"justify\">\n<hr\/>\n<p> <strong><font>par Slim BAGGA<\/font><\/strong>  Je n&rsquo;en d\u00e9mordrai pas: Il y a de ces causes m\u00e9diatis\u00e9es que la \u00ab\u00a0Compagnie\u00a0\u00bb des droits de l&rsquo;homme d\u00e9fend en Tunisie,\u00a0 en ignorant d&rsquo;autres. On m\u00e9diatise une gr\u00e8ve de trois jours absolument justifi\u00e9e, et dont on doit \u00eatre solidaires. Mais, en passant, on ignore\u00a0 combien d&rsquo;autres? Les sp\u00e9cialistes de la d\u00e9fense des opprim\u00e9s l&rsquo;ignorent eux-m\u00eames&#8230;Et pour cause, ils m\u00e9diatisent leurs petits ennuis, lorsque les plus m\u00e9connus vivent l&rsquo;enfer. Bref, ce qui m&rsquo;a inspir\u00e9 cette r\u00e9flexion, ce n&rsquo;est pas, comme on le dira, pour r\u00e9gler mes comptes. Mais car j&rsquo;ai par hasard eu cet apr\u00e8s midi, mon amie Neziha Rejiba, Oum Zyed, au t\u00e9l\u00e9phone, et j&rsquo;ai appris accidentellement que depuis quelques jours, et r\u00e9guli\u00e8rement sur les journaux de caniveau, \u00ab\u00a0Essarrih\u00a0\u00bb, \u00ab\u00a0Echourouq\u00a0\u00bb, \u00ab\u00a0El Hadath\u00a0\u00bb, elle fait l&rsquo;objet d&rsquo;attaques ignobles, mesquines et inqualifiables. Ces attaques ont trait \u00e0 son physique (d\u00e9lit de sale gueule chez nous), \u00e0 sa probit\u00e9, \u00e0 son parcours de journaliste et de professeur de langue arabe \u00e0 l&rsquo;incisivit\u00e9 sans pareille et \u00e0 l&rsquo;humour in\u00e9gal\u00e9. Comment de telles attaques ont-elles pu \u00e9chapper et passer sous silence? Mais bien s\u00fbr, Tunisnews, comme ceux qui veillent sur les droits, de l&rsquo;AFP aux blogs bien-pensants, \u00e9taient ailleurs&#8230;dans une gr\u00e8ve de la faim \u00e9ph\u00e9m\u00e8re&#8230;et pas du tout condamnable dans mon esprit. Il en faut aussi&#8230; Enfin, \u00e0 toute cette presse de caniveau mont\u00e9e dans les \u00e9go\u00fbts du minist\u00e8re de l&rsquo;Int\u00e9rieur et les cellules puant le soufre \u00e0 Carthage, je vais faire une confidence: un ex-responsable du minist\u00e8re de l&rsquo;Int\u00e9rieur qu&rsquo;il a quitt\u00e9 il y a un an, me confiait il y a juste une semaine: \u00ab\u00a0Les flics n&rsquo;osent pas toucher Neziha Rejiba; on a honte de nous-m\u00eames lorsqu&rsquo;on la rencontre dans les manifestations\u00a0\u00bb. Voil\u00e0 un flic qui, au moins, ne ment pas&#8230; Allez ma belle Oum Zied, je pense \u00e0 toi et \u00e7a devrait te suffire. \u00a0C&rsquo;est ma note d&rsquo;humour dans cette r\u00e9alit\u00e9 am\u00e8re. \u00a0<\/div>\n<\/div>\n<\/div>\n<div>\n<hr\/>\n<\/div>\n<div align=\"center\"><b><span lang=\"FR-CH\"><font size=\"3\">TUNISIE : DES TURCS TR\u00c8S M\u00c9CONTENTS<\/font><\/span><\/b><\/div>\n<div>\n<hr\/>\n<\/div>\n<div> \u00a0<\/div>\n<div>\n<p><span lang=\"FR-CH\">La soci\u00e9t\u00e9 turque Tepe Akfen Ventures (TAV) menace de porter l&rsquo;affaire devant la justice internationale. En 2004, elle a obtenu le march\u00e9 pour la construction de l&rsquo;a\u00e9roport international d&rsquo;Enfidha (75 km au sud de Tunis), baptis\u00e9 a\u00e9roport Zine El Abidine Ben Ali. <\/span><\/p>\n<p><span lang=\"FR-CH\">Malgr\u00e9 le risque du projet, car il existe un autre a\u00e9roport (Monastir) \u00e0 75 autres kilom\u00e8tres de l\u00e0, TAV a engag\u00e9 un investissement de 500 millions d&rsquo;euros et obtenu dans le contrat son exploitation pour une dur\u00e9e de quarante ans. Mais le 21 d\u00e9cembre dernier, la soci\u00e9t\u00e9 apprend que, selon la loi de finances tunisienne de 2010, les entreprises \u00abd&rsquo;entretien, de r\u00e9paration et de contr\u00f4le technique des a\u00e9ronefs de transport a\u00e9rien\u00bb seront exon\u00e9r\u00e9es de TVA. <\/span><\/p>\n<p><span lang=\"FR-CH\">Sit\u00f4t cette loi promulgu\u00e9e par le Pr\u00e9sident, son gendre, Belhassen Trabelsi, cr\u00e9e en janvier, avec un homme d&rsquo;affaires proche du s\u00e9rail, Aziz Miled, la soci\u00e9t\u00e9 Tunisie Airport Services (TAS), qui<\/span><\/p>\n<p><span lang=\"FR-CH\">devrait avoir le monopole des march\u00e9s techniques. Il n&rsquo;en fallait pas plus pour que les Turcs se sentent flou\u00e9s&#8230;<\/span><\/p>\n<p><b><span lang=\"FR-CH\">(Source\u00a0: TTU Monde Arabe &#8211; Lettre hebdomadaire d&rsquo;informations strat\u00e9giques (Hebdomadaire \u2013 France), N\u00b0 637 du 25 f\u00e9vrier 2010)<\/span><\/b><\/p>\n<\/div>\n<div>\n<hr\/>\n<\/div>\n<div align=\"center\"><b><span lang=\"FR-CH\"><font size=\"3\">Bonne f\u00eate Ben Brik<\/font><\/span><\/b><span lang=\"FR-CH\"><\/p>\n<hr\/>\n<p><\/span><\/div>\n<p><span lang=\"FR-CH\">Embastill\u00e9 depuis le 29 octobre 2009, otage du super pr\u00e9sident, ta vie est en danger chaque instant. Quatre mois sont d\u00e9j\u00e0 pass\u00e9s sans que ZABA ait voulu l\u00e2cher la proie de ses dents. Que te mijote t- on derri\u00e8re les barreaux de ce p\u00e9nitencier? Je ne te cache pas ma peur de ce conseiller m\u00e9dical que j\u2019accuse d\u2019\u00eatre derri\u00e8re ta maladie.<\/span><\/p>\n<p align=\"justify\"><span lang=\"FR-CH\">Quatre mois qui marqueront l\u2019histoire de la Tunisie, tout comme tes 45 jours de gr\u00e8ve de la faim. Ton nom est d\u00e9sormais associ\u00e9 \u00e0 la Tunisie tout comme celui de Abou Kacem Chebbi, Farhat Hached, Ali Ben Gdhahem, Alyssa ou m\u00eame Hannibal. Tu as \u00e9t\u00e9 embastill\u00e9 pour que ta plume n\u2019\u00e9corche plus il Dictatore, mais la plan\u00e8te enti\u00e8re parle de toi plus qu\u2019elle ne parle de la Tunisie. Ton emprisonnement et l\u2019injustice dont tu as fait l\u2019objet p\u00e8se et p\u00e8sera lourd sur la conscience de la Tunisie, et de toute l\u2019humanit\u00e9 qui n\u2019a pas assist\u00e9 personne en danger.<\/span><\/p>\n<p align=\"justify\"><span lang=\"FR-CH\">Durant ces Quatre mois, que d\u2019occasion, si ch\u00e8res \u00e0 toi, Ben Ali t\u2019en a priv\u00e9es !<\/span><\/p>\n<p align=\"justify\"><span lang=\"FR-CH\">Il y a eu d\u2019abord ton anniversaire le 11 novembre, l\u2019anniversaire de notre belle berb\u00e8re Khadija le 7 d\u00e9cembre, l\u2019anniversaire de Ali la Pointe le 26 d\u00e9cembre, l\u2019Aid El K\u00e9bir, si sacr\u00e9 pour toi, le nouvel an arabe et puis le R\u00e9veillon.<\/span><\/p>\n<p align=\"justify\"><span lang=\"FR-CH\">Embastill\u00e9 en 2009, nous voil\u00e0 d\u00e9j\u00e0 en 2010. Durant cette ann\u00e9e, tu as fait la une de tous les journaux, tes livres ont \u00e9t\u00e9 r\u00e9\u00e9dit\u00e9s. Et, puis surtout tu as \u00e9t\u00e9 \u00e9lu par le Journal du Dimanche une des dix personnalit\u00e9s internationales de l\u2019ann\u00e9e \u00e0 c\u00f4t\u00e9 de Obama pour avoir \u00e9t\u00e9 nob\u00e9lis\u00e9 et de Boutef pour avoir battu le score de son voisin avec 90% et quelques poussi\u00e8res des voix.<\/span><\/p>\n<p align=\"justify\"><span lang=\"FR-CH\">En 2002, tu as \u00e9t\u00e9 d\u00e9j\u00e0 \u00e9lu par le Courrier International une des 10 personnes qui ont fait bouger le monde. Sacr\u00e9 Taoufik, tu as toujours \u00e9t\u00e9 le g\u00e9nie de ta classe. Tu as toujours rafl\u00e9 des troph\u00e9es. Jeune, c\u2019\u00e9tait aux jeux d\u2019\u00e9checs puis en po\u00e9sie, ensemble en journalisme. Et, maintenant, pour tes articles insupportablement piment\u00e9s pour le r\u00e9gime, tu as \u00e9t\u00e9 glorifi\u00e9.<\/span><\/p>\n<p align=\"justify\"><span lang=\"FR-CH\">\u00a0Je sais ce que tu peux ressentir dans ce lieu du 18 \u00e8me si\u00e8cle. Tu as \u00e9t\u00e9 priv\u00e9 de ta plume, de ton Doestoivski, de ton Emir Costarica, de tes enfants&#8230; de la vie&#8230;mais sache que tous les \u00eatre libres, de cette terre te souhaitent bonne f\u00eate et te saluent.<\/span><\/p>\n<p align=\"justify\"><span lang=\"FR-CH\">\u00a0ZABA, ceux qui vont \u00e0 la mort te saluent&#8230;<\/span><\/p>\n<p align=\"justify\"><b><span lang=\"FR-CH\">AZZA ZARRAD<\/span><\/b><\/p>\n<div>\n<hr\/>\n<\/div>\n<div align=\"center\"><strong><\/p>\n<h2 style=\"color: red;\"><font size=\"3\">L&rsquo;histoire du Mouvement national vue par un agent des Renseignements G\u00e9n\u00e9raux\u00a0 fran\u00e7ais<\/font><\/h2>\n<p><\/strong><\/div>\n<div align=\"justify\">\n<hr\/>\n<p> La plupart des ouvrages relatifs \u00e0 l&rsquo;histoire du mouvement national citent dans leur bibliographie, le livre d&rsquo;un certain Roger Casemajor, \u00ab\u00a0L&rsquo;Action Nationaliste en Tunisie\u00a0\u00bb(1).  M\u00eame le grand historien fran\u00e7ais, Charles-Andr\u00e9 Julien en parle\u00a0 dans son livre \u00ab\u00a0L&rsquo;Afrique du Nord en marche\u00a0\u00bb, tout en le qualifiant, il est vrai, de m\u00e9diocre. En fait, il s&rsquo;agissait d&rsquo;un rapport interne r\u00e9dig\u00e9 \u00e0 la fin des ann\u00e9es 40 par l&rsquo;auteur, un fin connaisseur de la Tunisie, officier des renseignements g\u00e9n\u00e9raux fran\u00e7ais, enfant du pays puisqu&rsquo;il \u00e9tait n\u00e9 \u00e0 Gafsa et parfaitement arabophone (il ma\u00eetrisait \u00e0 la fois l&rsquo;arabe dialectal et l&rsquo;arabe litt\u00e9ral qu&rsquo;il avait \u00e9tudi\u00e9 aux \u00ab\u00a0Langues O\u00a0\u00bb, \u00e0 Paris). Et \u00e0 ce titre, il avait proc\u00e9d\u00e9 \u00e0 l&rsquo;interrogatoire de Bourguiba en 1943.  Plus d&rsquo;un demi si\u00e8cle apr\u00e8s sa r\u00e9daction, cette \u00e9tude vient d&rsquo;\u00eatre \u00e9dit\u00e9e pour la premi\u00e8re fois par Sud Editions. Une tr\u00e8s bonne initiative \u00e0 l&rsquo;actif de cette dynamique maison d&rsquo;\u00e9dition. Casemajor fait d&rsquo;abord la gen\u00e8se du mouvement national en remontant\u00a0 aux r\u00e9formes de M\u2019hamed BEY \u00e0 qui on doit le Pacte Fondamental de 1857 et de Sadok BEY qui promulgua la constitution de 1861, la premi\u00e8re dans le monde arabo-musulman et signa vingt ans plus tard le Trait\u00e9 du Bardo de triste m\u00e9moire.   Suit un survol des principaux \u00e9v\u00e8nements qui ont marqu\u00e9 les cinquante premi\u00e8res ann\u00e9es de pr\u00e9sence fran\u00e7aise en Tunisie, jusqu&rsquo;au d\u00e9clenchement du deuxi\u00e8me conflit mondial en 1939.   Sur un ton neutre et presque d\u00e9tach\u00e9, Casemajor analyse l&rsquo;\u00e9volution sociale et intellectuelle du pays pendant cette p\u00e9riode et assiste \u00e0 l&rsquo;\u00e9mergence du nationalisme avec le mouvement \u00ab\u00a0Jeune Tunisien\u00a0\u00bb, les \u00e9v\u00e8nements du Jellaz puis ce que l&rsquo;auteur appelle la p\u00e9riode destourienne: \u00ab\u00a0sous la triple influence du d\u00e9veloppement de l&rsquo;instruction, de l&rsquo;enseignement philosophique re\u00e7u dans les universit\u00e9s fran\u00e7aises et de l&rsquo;exemple \u00e9gyptien, le passage du stade intellectuel au stade politique devait se faire rapidement\u00a0\u00bb, note t-il.  La deuxi\u00e8me partie, consacr\u00e9e \u00e0 la radicalisation de la contestation nationalisme et \u00e0 la mont\u00e9e du \u00ab\u00a0Monc\u00e9fisme\u00a0\u00bb, est une sorte de journal o\u00f9 Casemajor a consign\u00e9 les \u00e9v\u00e8nements de cette p\u00e9riode sans se d\u00e9partir de son ton neutre, ce qui n&rsquo;exclut pas les observations pertinentes et les analyses fines.  L&rsquo;histoire du mouvement national vu par le prisme des renseignements g\u00e9n\u00e9raux. Pour une fois, on n&rsquo;aura pas besoin d&rsquo;aller jusqu&rsquo;au fin fond de la Bretagne, \u00e0 Nantes plus pr\u00e9cis\u00e9ment pour consulter les archives et les documents confidentiels relatifs \u00e0 notre histoire. D&rsquo;autant plus que la lecture du livre de Casemajor est \u00e0 la fois agr\u00e9able et instructive. Sans contenir des informations in\u00e9dites, les observations qu&rsquo;il y a consign\u00e9es peuvent aider \u00e0 l&rsquo;intelligence de certaines p\u00e9rip\u00e9ties.  (1)\u00a0\u00a0 Sud editions, Tunis &#8211; 16 dinars.  <strong><font>(Source: \u201cleaders.com.tn\u201d (Portail \u00e9lectronique \u2013 Tunis), le 25 f\u00e9vrier 2010)<\/font><\/strong> \u00a0<\/div>\n<div>\n<hr\/>\n<\/div>\n<div>\n<div align=\"center\"><strong><\/p>\n<h2 style=\"color: red;\"><font size=\"3\">Immigration: l&rsquo;UE endosse 29 propositions fran\u00e7aises avec une mise en garde<\/font><\/h2>\n<p><\/strong> <\/div>\n<div>\n<hr\/>\n<\/div>\n<div align=\"justify\">AFP \/ 25 f\u00e9vrier 2010 21h39 BRUXELLES &#8211; L&rsquo;Union europ\u00e9enne a endoss\u00e9 jeudi 29 propositions fran\u00e7aises pour renforcer la protection des fronti\u00e8res europ\u00e9ennes contre l&rsquo;immigration ill\u00e9gale lors d&rsquo;une r\u00e9union de ses ministres de l&rsquo;Interieur et de l&rsquo;Immigration \u00e0 Bruxelles. \u00ab\u00a0Je me r\u00e9jouis que nous soyons parvenus \u00e0 un consensus de l&rsquo;ensemble des ministres europ\u00e9ens pour adopter la feuille de route propos\u00e9e par la France\u00a0\u00bb, a d\u00e9clar\u00e9 le ministre fran\u00e7ais Eric Besson. Ces 29 mesures avaient \u00e9t\u00e9 pr\u00e9sent\u00e9es mercredi \u00e0 Paris dans un communiqu\u00e9 officiel. Selon M. Besson, cette feuille de route \u00ab\u00a0constitue un programme de travail pour mettre en place une v\u00e9ritable police aux fronti\u00e8res europ\u00e9ennes\u00a0\u00bb. L&rsquo;une des mesures phares est l&rsquo;organisation de vols conjoints (pour le retour forc\u00e9 des immigrants en situation irr\u00e9guli\u00e8re) organis\u00e9s et co-financ\u00e9s par Frontex\u00a0\u00bb, l&rsquo;agence europ\u00e9enne charg\u00e9e de la gestion des fronti\u00e8re ext\u00e9rieures de l&rsquo;UE. \u00ab\u00a0Je dis bien organis\u00e9s par Frontex\u00a0\u00bb, a insist\u00e9 M. Besson. \u00ab\u00a0D\u00e9sormais Frontex pourra m\u00eame acqu\u00e9rir ou louer des avions pour effectuer ces vols\u00a0\u00bb, a pr\u00e9cis\u00e9 le ministre. La Commission europ\u00e9enne a toutefois mis en garde les gouvernements europ\u00e9ens. \u00ab\u00a0Des milliers de personnes tentent de passer clandestinement en Europe, mais cela ne fait pas pour autant d&rsquo;elles des criminels et elles doivent \u00eatre trait\u00e9es de fa\u00e7on digne\u00a0\u00bb, a averti la nouvelle commissaire en charge des Affaires \u00e9trang\u00e8res, la Su\u00e9doise C\u00e9cilia Malmstr\u00f6m. \u00ab\u00a0Je propose un code de conduite pour les op\u00e9rations de retour, qui devront \u00eatre assist\u00e9es par des repr\u00e9sentants d&rsquo;ONG ou de la Croix Rouge\u00a0\u00bb, a-t-elle pr\u00e9cis\u00e9. En cas de manquement, les Etats coupables seront sanctionn\u00e9s par le non remboursement des frais engag\u00e9s pour les op\u00e9rations de retour forc\u00e9, a-t-elle indiqu\u00e9. Elle a toutefois reconnu les limites de son action: \u00ab\u00a0Nous pr\u00e9sentons nos desiderata, mais les Etats restent souverains\u00a0\u00bb, a-t-elle reconnu. Le Parlement europ\u00e9en aura n\u00e9anmoins son mot \u00e0 dire sur ces nouvelles propositions et les \u00e9lus sont tr\u00e8s pointilleux sur le respect des droits de l&rsquo;homme. Les propositions fran\u00e7aises tiennent compte de cette dimension. Elle pr\u00e9conisent une formation des garde fronti\u00e8res europ\u00e9ens en ce sens, mais l&rsquo;accent est surtout mis sur la coop\u00e9ration pour lutter contre les fili\u00e8res d&rsquo;immigration clandestines et les passeurs. Des programmes d&rsquo;action avec la Libye et la Turquie, deux des plus importants pays par lesquels transitent les candidats \u00e0 l&rsquo;immigration vers le sud de l&rsquo;Europe sont pr\u00e9conis\u00e9es. Ces n\u00e9gociations sont engag\u00e9es depuis des ann\u00e9es, mais elles n&rsquo;ont jusqu&rsquo;\u00e0 pr\u00e9sent pas abouti. M. Besson a enfin insist\u00e9 sur la n\u00e9cessit\u00e9 de rendre op\u00e9rationnel d\u00e8s le 1er juillet 2010 l&rsquo;Etat major op\u00e9rationnel de Frontex install\u00e9e en Gr\u00e8ce, un des pays de l&rsquo;UE les plus affect\u00e9s par les probl\u00e8mes pos\u00e9s par l&rsquo;afflux d&rsquo;immigrants clandestins, avec l&rsquo;Italie et Malte. La Commission europ\u00e9enne a compl\u00e9t\u00e9 cette feuille de route avec une demande de moyens suppl\u00e9mentaires \u00e0 mettre \u00e0 la disposition de Frontex. Sa proposition impose aux Etats membres de l&rsquo;UE \u00ab\u00a0une contribution obligatoire en mat\u00e9riels et en ressources humaines\u00a0\u00bb sans lesquels Frontex ne sera pas en mesure d&rsquo;agir efficacement.<\/div>\n<\/div>\n<div>\n<hr\/>\n<\/div>\n<div align=\"center\"><strong><\/p>\n<h2 style=\"color: red;\"><font size=\"3\">La coop\u00e9ration de la Libye sur l&rsquo;immigration menac\u00e9e, selon Rome<\/font><\/h2>\n<p><\/strong><\/div>\n<div>\n<hr\/>\n<\/div>\n<div align=\"justify\"><span lang=\"FR-CH\">AFP, le 25 f\u00e9vrier 2010 \u00e0 22h23<\/span> <span lang=\"FR-CH\">BRUXELLES, 25 f\u00e9vrier (Reuters) &#8211; <\/span>L&rsquo;Italie a indiqu\u00e9 hier (25 f\u00e9vrier) que Tripoli pourrait revenir sur un accord de coop\u00e9ration dans la lutte contre l&rsquo;immigration clandestine en raison d&rsquo;un diff\u00e9rend entre la Libye et la Suisse qui s&rsquo;est vite intensifi\u00e9 pour s&rsquo;\u00e9tendre \u00e0 toute l&rsquo;Europe. Pour le moment, Mouammar Kadhafi a appel\u00e9 \u00e0 une \u00ab\u00a0guerre sainte\u00a0\u00bb contre la Suisse. Background Muammar Gaddafi has ruled Libya since taking power in a military coup more than 40 years ago, on 1 September 1969. In theory, Gaddafi holds no official position in his &lsquo;government by the masses&rsquo;, or &lsquo;Jamahiriya&rsquo;. But in practice he rules the country, as basic civil liberties have been sidelined and opposition is not tolerated.  Libya endured economic sanctions and diplomatic isolation as a result of terrorist attacks in the 1980s, which were believed to have been commissioned by Tripoli. These included the Lockerbie bombing, the explosion of a French airliner above the Sahara Desert in 1989 and the bombing of a Berlin disco in 1986.  In recent years oil-rich Libya has gradually been improving its relations with the West. Tripoli paid compensation to the Lockerbie victims and was able to repatriate the sentenced perpetrator of the terrorist attack \u00ab\u00a0on compassionate grounds\u00a0\u00bb as he is said to be suffering from prostate cancer. His release unleashed a storm of protest across the world (EurActiv 25\/08\/09).  The Libyan leader&rsquo;s son, Hannibal Gaddafi, was detained briefly in Geneva last year when two of his servants complained he had mistreated them. In an obvious act of retaliation, Libya arrested two Swiss businessmen for alleged \u00ab\u00a0visa offences\u00a0\u00bb. Despite the fact that the president of Switzerland publicly apologised on their behalf, one of them, Max Goeldl, was sentenced to prison. Recently, the conflict escalated and began affecting the EU, after Tripoli decided not to issue any visas to nationals from Schengen countries (EurActiv 16\/02\/10). The move came after Bern banned 188 high-ranking Libyans, including Gaddafi, from entering Switzerland. Italy concluded an agreement with Tripoli to send illegal immigrants back to Libya without screening them for asylum claims (EurActiv 11\/06\/09). Human rights groups claim the agreement violates Italy&rsquo;s international human rights obligations by dumping migrants and asylum seekers on Libya, a country with a poor human rights record. Tripoli has stopped issuing visas to citizens of the Schengen passport-free zone, which includes most of the European Union as well as Switzerland, in retaliation for Berne&rsquo;s decision to bar entry to some Libyans including the country&rsquo;s leader Muammar Gaddafi and his family. Italy, which has close business links with Libya, accused Switzerland of misusing the Schengen agreement and taking its members \u00ab\u00a0hostage\u00a0\u00bb by imposing the ban, which had forced other states to bar travel by Libyans as well. Speaking on the sidelines of a meeting of European Union interior ministers, Italy&rsquo;s Roberto Maroni said the row put the Schengen zone at risk and could further strain relations with Libya. Cooperation by Tripoli in controlling immigration to the EU was one issue, he said. \u00ab\u00a0The fear is in part that [&#8230;] Libya could weaken its border controls concerning illegal immigration,\u00a0\u00bb he told reporters. The EU has offered Libya 20 million euros ($26.95 million) to help it cope with the flow of illegal migrants who often use the country as a departure point for southern Europe, particularly Italy. Rome also signed a cooperation agreement with its former North African colony last year to curb migration across the Mediterranean by setting up joint patrols. Swiss Justice Minister Eveline Widmer-Schlumpf attended a meeting with EU ministers on yesterday to discuss possible solutions to the travel row. She reiterated Swiss denials that Berne had misused Schengen deals but declined to offer any details on yesterday&rsquo;s talks. A Swiss businessman was given a jail sentence after a visa standoff. <\/p>\n<hr\/>\n<\/div>\n<div align=\"center\">\n<h2 style=\"color: red;\"><font face=\"Arial\" size=\"3\"><strong>Trois haut grad\u00e9s turcs rel\u00e2ch\u00e9s<\/strong><\/font><\/h2>\n<\/div>\n<div align=\"justify\">\n<hr\/>\n<\/div>\n<div align=\"justify\">Reuters, le 25 f\u00e9vrier 2010 \u00e0 23h56  par Daren Butler et Zerin Elci  ISTANBUL, 25 f\u00e9vrier (Reuters) &#8211; Trois officiers sup\u00e9rieurs turcs en retraite ont \u00e9t\u00e9 rel\u00e2ch\u00e9s jeudi par le parquet, ce qui pourrait contribuer \u00e0 \u00e9viter un affrontement entre le gouvernement du parti islamo-conservateur AK et l&rsquo;arm\u00e9e, qui se veut garante de la la\u00efcit\u00e9. Il n&rsquo;a pas \u00e9t\u00e9 pr\u00e9cis\u00e9 dans l&rsquo;imm\u00e9diat si ces haut grad\u00e9s restaient passibles de poursuites. Les tensions entre les militaires et le parti AK, au pouvoir, se sont fortement accentu\u00e9es apr\u00e8s l&rsquo;arrestation, lundi, de 50 officiers sup\u00e9rieurs accus\u00e9s d&rsquo;avoir conspir\u00e9, en 2003, contre le gouvernement du Premier ministre Tayyip Erdogan. Ces tensions, dans un pays o\u00f9 l&rsquo;arm\u00e9e a renvers\u00e9 quatre gouvernements au cours des 50 derni\u00e8res ann\u00e9es, ont fait reculer la devise et la Bourse turques. Le parquet a remis en libert\u00e9 jeudi soir les trois plus haut grad\u00e9s &#8211; le chef des forces a\u00e9riennes en retraite Ibrahim Firtina, l&rsquo;ancien chef de la marine Ozden Ornek et un ancien chef d&rsquo;\u00e9tat-majeur adjoint, Ergin Saygun, ont rapport\u00e9 des radios. Le procureur g\u00e9n\u00e9ral adjoint d&rsquo;Istanbul, Turan Colakkadi, a d\u00e9clar\u00e9 que les trois officiers, qui avaient \u00e9t\u00e9 interrog\u00e9s une premi\u00e8re fois \u00e0 la fin de l&rsquo;an dernier, \u00e9taient peu susceptibles d&rsquo;ing\u00e9rence dans l&rsquo;enqu\u00eate en cours, rapporte l&rsquo;agence de presse anatolienne. \u00ab\u00a0Nous ne pensons pas qu&rsquo;ils aient l&rsquo;intention de d\u00e9truire des preuves. Comme ils n&rsquo;ont pas quitt\u00e9 leur lieu de r\u00e9sidence lorsque nous les avons laiss\u00e9s partir il y a deux ou trois mois, nous les avons rel\u00e2ch\u00e9s en pensant qu&rsquo;ils ne tenteraient pas non plus de fuir cette fois\u00a0\u00bb, a dit Colakkadi. Une vingtaine d&rsquo;officiers sup\u00e9rieurs ont d\u00e9j\u00e0 \u00e9t\u00e9 inculp\u00e9s et plac\u00e9s en d\u00e9tention dans le cadre de l&rsquo;enqu\u00eate sur un complot r\u00e9pondant au nom de code de \u00ab\u00a0masse\u00a0\u00bb. \u00ab\u00a0Je suis ici pour donner un \u00e9clairage sur une proc\u00e9dure l\u00e9gale en cours, pour expliquer les d\u00e9fauts et les erreurs qui ont \u00e9t\u00e9 pr\u00e9sent\u00e9s comme des v\u00e9rit\u00e9s, qu&rsquo;il s&rsquo;agisse de moi-m\u00eame, des forces a\u00e9riennes ou des h\u00e9ro\u00efques forces arm\u00e9es turques. Je pense que je l&rsquo;ai fait suffisamment et je suis maintenant parmi vous\u00a0\u00bb, a d\u00e9clar\u00e9 Firtina \u00e0 des journalistes, cit\u00e9 par l&rsquo;agence de presse anatolienne. PAS D&rsquo;ELECTIONS ANTICIPEES Le pr\u00e9sident Abdullah G\u00fcl avait auparavant eu des discussions de crise avec Erdogan et avec le g\u00e9n\u00e9ral Ilker Basbug, chef d&rsquo;\u00e9tat-major des forces arm\u00e9es, apr\u00e8s quoi il a publi\u00e9 un communiqu\u00e9 assurant que \u00ab\u00a0les probl\u00e8mes de la Turquie doivent \u00eatre r\u00e9solus dans le cadre constitutionnel\u00a0\u00bb. \u00ab\u00a0Nous avons soulign\u00e9 que les citoyens peuvent \u00eatre s\u00fbrs que les probl\u00e8mes actuels seront r\u00e9solus dans le cadre de la constitution et de la loi au cours de ce processus\u00a0\u00bb, affirme G\u00fcl dans son communiqu\u00e9. \u00ab\u00a0Chacun doit agir de fa\u00e7on responsable afin d&rsquo;\u00e9viter tout dommage \u00e0 nos institutions\u00a0\u00bb, ajoute-t-il. De son c\u00f4t\u00e9, Erdogan a estim\u00e9 que les discussions s&rsquo;\u00e9taient \u00ab\u00a0tr\u00e8s bien\u00a0\u00bb d\u00e9roul\u00e9es, rapporte la t\u00e9l\u00e9vision turque. Les tensions ont aliment\u00e9 des rumeurs d&rsquo;\u00e9lections anticip\u00e9es et de tentative d&rsquo;interdiction de l&rsquo;AK par le procureur g\u00e9n\u00e9ral, ce qui avait d\u00e9j\u00e0 \u00e9t\u00e9 tent\u00e9 sans succ\u00e8s en 2008. Erdogan a toutefois assur\u00e9 jeudi apr\u00e8s-midi qu&rsquo;il n&rsquo;\u00e9tait pas dans les intentions de son gouvernement d&rsquo;organiser des \u00e9lections anticip\u00e9es. Les commandants de l&rsquo;arm\u00e9e ont d&rsquo;ores et d\u00e9j\u00e0 fait \u00e9tat d&rsquo;une \u00ab\u00a0situation grave\u00a0\u00bb \u00e0 l&rsquo;issue d&rsquo;une r\u00e9union extraordinaire qu&rsquo;ils ont tenue pour discuter de l&rsquo;enqu\u00eate. Selon des organes de presse turcs, le complot incrimin\u00e9 aurait \u00e9t\u00e9 planifi\u00e9 en 2003. Il aurait notamment consist\u00e9 \u00e0 semer le chaos dans les rues d&rsquo;Istanbul en posant des bombes dans des mosqu\u00e9es et des mus\u00e9es, le but \u00e9tant de d\u00e9montrer l&rsquo;incapacit\u00e9 de l&rsquo;AKP \u00e0 prot\u00e9ger la population turque et de justifier un \u00e9ventuel coup d&rsquo;Etat. L&rsquo;arm\u00e9e a toujours assur\u00e9 que les documents mis en cause faisaient partie d&rsquo;une proc\u00e9dure d&rsquo;entra\u00eenement et n&rsquo;\u00e9taient en aucun cas destin\u00e9s \u00e0 destabiliser le gouvernement. D&rsquo;autres officiers en retraite ont \u00e9t\u00e9 accus\u00e9s d&rsquo;appartenance au r\u00e9seau d&rsquo;extr\u00eame droite clandestin Ergenekon, dont le proc\u00e8s de quelque 200 membres pr\u00e9sum\u00e9s est en cours. <\/div>\n<div align=\"justify\">\n<hr\/>\n<\/div>\n<div align=\"center\"><strong><\/p>\n<h2 style=\"color: red;\"><font size=\"3\">Turquie &#8211; Arrestation d&rsquo;une vingtaine d&rsquo;autres officiers<\/font><\/h2>\n<p><\/strong><\/div>\n<div align=\"justify\">\n<hr\/>\n<\/div>\n<div align=\"justify\">Reuters, le 26 f\u00e9vrier 2010 \u00e0 17h11  ISTANBUL, 26 f\u00e9vrier (Reuters) &#8211; Les m\u00e9dias turcs ont annonc\u00e9 vendredi l&rsquo;arrestation de pr\u00e8s d&rsquo;une vingtaine d&rsquo;autres officiers dans l&rsquo;enqu\u00eate sur un pr\u00e9sum\u00e9 complot contre le gouvernement islamo-conservateur du Premier ministre Tayiip Erdogan, en 2003. Les march\u00e9s turcs sont rendus nerveux par ces nouvelles arrestations, qui viennent s&rsquo;ajouter \u00e0 celles de 50 autres officiers d&rsquo;active ou en retraite depuis lundi, qui ont accru les tensions entre l&rsquo;\u00e9tat-major et le gouvernement majoritaire de l&rsquo;APK d&rsquo;Erdogan. Le parquet a remis en libert\u00e9 jeudi soir les trois plus grad\u00e9s d&rsquo;entre eux, le chef des forces a\u00e9riennes en retraite Ibrahim Firtina, l&rsquo;ancien chef de la marine Ozden Ornek et un ancien chef d&rsquo;\u00e9tat-majeur adjoint, Ergin Saygun. Ils continuent \u00e0 faire l&rsquo;objet d&rsquo;investigation, mais leur remise en libert\u00e9 est cens\u00e9e apaiser les tensions entre l&rsquo;arm\u00e9e, gardienne sourcilleuse de la la\u00efcit\u00e9 de l&rsquo;Etat, et l&rsquo;AKP, que l&rsquo;\u00e9tat-major soup\u00e7onne de chercher \u00e0 reconfessionnaliser l&rsquo;Etat subrepticement. Une vingtaine d&rsquo;officiers sup\u00e9rieurs ont d&rsquo;ores et d\u00e9j\u00e0 \u00e9t\u00e9 inculp\u00e9s et plac\u00e9s en d\u00e9tention dans le cadre de l&rsquo;enqu\u00eate sur le complot, qui aurait consist\u00e9 \u00e0 commettre des attentats dans des mosqu\u00e9es et des mus\u00e9es d&rsquo;Istanbul pour semer le chaos, d\u00e9stabiliser le gouvernement et justifier un coup d&rsquo;Etat. La Bourse d&rsquo;Istanbul et la livre turque s&rsquo;\u00e9taient reprises \u00e0 l&rsquo;annonce de la lib\u00e9ration des trois officiers les plus grad\u00e9s, mais elles ont d\u00e9gringol\u00e9 \u00e0 nouveau \u00e0 l&rsquo;annonce de 17 nouvelles arrestations par la cha\u00eene CNN T\u00fcrk, bien que l&rsquo;indice des valeurs ait finalement cl\u00f4tur\u00e9 en tr\u00e8s l\u00e9g\u00e8re hausse. Epinglant les rumeurs et supputations des m\u00e9dias, qui paniquement les investisseurs, le Premier ministre a d\u00e9clar\u00e9 vendredi avoir \u00ab\u00a0parl\u00e9 aux patrons de presse\u00a0\u00bb pour leur signifier que \u00ab\u00a0personne n&rsquo;a le droit de mettre sens dessus dessous l&rsquo;\u00e9conomie du pays\u00a0\u00bb. <\/p>\n<hr\/>\n<\/div>\n<div align=\"justify\">\n<div align=\"center\"><strong><\/p>\n<h2 style=\"color: red;\"><font size=\"3\">Turquie\/complot: Erdogan met en garde l&rsquo;arm\u00e9e, l&rsquo;enqu\u00eate s&rsquo;\u00e9largit<\/font><\/h2>\n<p><\/strong><\/div>\n<div align=\"justify\">\n<hr\/>\n<\/div>\n<div align=\"justify\">AFP, le 26 f\u00e9vrier 2010 \u00e0 14h57 ANKARA, 26 f\u00e9v 2010 (AFP) -Le Premier ministre turc Recep Tayyip Erdogan a mis en garde vendredi l&rsquo;arm\u00e9e assurant que \u00ab\u00a0personne n&rsquo;est au-dessus des lois\u00a0\u00bb, au moment o\u00f9 dix-huit nouveaux militaires \u00e9taient interpell\u00e9s dans le cadre d&rsquo;une enqu\u00eate pour complot pr\u00e9sum\u00e9 contre le gouvernement en 2003. Cette enqu\u00eate a d\u00e9j\u00e0 d\u00e9bouch\u00e9 sur des poursuites \u00e0 l&rsquo;encontre de 31 personnes. Le chef de gouvernement s&rsquo;est montr\u00e9 particuli\u00e8rement ferme en excluant toute impunit\u00e9 dans le cadre de cette affaire, qui a provoqu\u00e9 une grave crise de pouvoir dans le pays. \u00ab\u00a0Ceux qui pr\u00e9parent des plans en secret pour \u00e9craser la volont\u00e9 du peuple doivent se rendre compte qu&rsquo;\u00e0 partir de maintenant, ils devront affronter la justice (&#8230;) Personne n&rsquo;est au-dessus des lois. Personne ne peut jouir de l&rsquo;impunit\u00e9\u00a0\u00bb, a d\u00e9clar\u00e9 M. Erdogan lors d&rsquo;une r\u00e9union de son parti de la justice et du d\u00e9veloppement (AKP, issu de la mouvance islamiste) sans toutefois mentionner explicitement l&rsquo;enqu\u00eate en cours. Parmi les 18 nouvelles arrestations op\u00e9r\u00e9es vendredi dans le cadre d&rsquo;une op\u00e9ration men\u00e9e dans 13 provinces, figure le chef des forces paramilitaires de la province de Konya (centre). Vendredi, un tribunal turc a ordonn\u00e9 la d\u00e9tention de onze nouveaux suspects dans l&rsquo;affaire du complot pr\u00e9sum\u00e9, portant le total des personnes impliqu\u00e9es dans cette affaire \u00e0 31, selon l&rsquo;agence Anatolie. Neuf officiers d&rsquo;active, dont deux amiraux, et deux militaires \u00e0 la retraite, dont un g\u00e9n\u00e9ral, se trouvent dans le groupe plac\u00e9 en d\u00e9tention pr\u00e9ventive apr\u00e8s interrogatoire par les procureurs. Un colonel a \u00e9t\u00e9 laiss\u00e9 en libert\u00e9 pour raisons m\u00e9dicales. Les suspects devaient \u00eatre interrog\u00e9s vendredi, ainsi que le dirigeant pr\u00e9sum\u00e9 de ce complot, Cetin Dogan, g\u00e9n\u00e9ral \u00e0 quatre \u00e9toiles, a rapport\u00e9 l&rsquo;agence Anatolie. Dogan a d\u00e9menti tout projet de coup d&rsquo;Etat. Le Premier ministre a balay\u00e9 les critiques de l&rsquo;opposition selon lesquelles l&rsquo;AKP devenait de plus en plus autoritaire et tentait de discr\u00e9diter l&rsquo;arm\u00e9e, consid\u00e9r\u00e9e comme le garant de la la\u00efcit\u00e9 en Turquie. \u00ab\u00a0Ce qui est train de se passer aujourd&rsquo;hui, c&rsquo;est la normalisation (&#8230;) Ce sont les marques d&rsquo;une d\u00e9mocratie avanc\u00e9e\u00a0\u00bb, a-t-il dit en assurant que \u00ab\u00a0personne ne devrait \u00e9prouver de doutes ou de craintes\u00a0\u00bb. Les plus hauts grad\u00e9s du complot pr\u00e9sum\u00e9, notamment les ex-chefs de la Marine et de l&rsquo;aviation Ozden Ornek et Ibrahim Firtina, avaient \u00e9t\u00e9 lib\u00e9r\u00e9s jeudi soir sur ordre du Parquet apr\u00e8s interrogatoire. Leur remise en libert\u00e9 est intervenue apr\u00e8s une importante r\u00e9union des dirigeants civils et militaires turcs qui se sont engag\u00e9s \u00e0 r\u00e9gler la crise dans le cadre des lois et de la constitution, dans une tentative apparente d&rsquo;apaiser les tensions. Avant la r\u00e9union, l&rsquo;\u00e9tat-major avait \u00e9voqu\u00e9 une \u00ab\u00a0situation s\u00e9rieuse\u00a0\u00bb. Des procureurs d&rsquo;Istanbul instruisant plusieurs dossiers de conspiration avaient proc\u00e9d\u00e9 lundi \u00e0 un coup de filet in\u00e9dit contre l&rsquo;\u00e9lite militaire, qui avait touch\u00e9 49 officiers. Le projet de coup d&rsquo;Etat pr\u00e9sum\u00e9 aurait \u00e9t\u00e9 pr\u00e9par\u00e9 en 2003 au sein du corps d&rsquo;arm\u00e9e \u00e0 Istanbul, peu apr\u00e8s l&rsquo;arriv\u00e9e au pouvoir en 2002 de l&rsquo;AKP, qui est issu d&rsquo;un parti islamiste d\u00e9sormais interdit. La Premi\u00e8re arm\u00e9e \u00e9tait \u00e0 l&rsquo;\u00e9poque dirig\u00e9e par Dogan. Il avait jou\u00e9 un r\u00f4le pr\u00e9pond\u00e9rant dans la campagne lanc\u00e9e par les militaires en 1997 qui avait abouti \u00e0 la d\u00e9mission du premier chef de gouvernement islamiste du pays, Necmettin Erbakan. Ce dernier est consid\u00e9r\u00e9 comme le mentor d&rsquo;Erdogan. On ignore si le complot avait eu un commencement d&rsquo;ex\u00e9cution ou s&rsquo;il est demeur\u00e9 \u00e0 l&rsquo;\u00e9tat de projet. Les premi\u00e8res informations \u00e0 ce propos avaient \u00e9t\u00e9 publi\u00e9es en janvier par le journal turc Taraf, qui cible r\u00e9guli\u00e8rement les forces arm\u00e9es. Le complot incrimin\u00e9 visait, selon la justice, \u00e0 semer le chaos en Turquie en provoquant des attentats spectaculaires.<\/div>\n<div align=\"justify\">\n<hr\/>\n<\/div>\n<div align=\"center\">\u00a0 <strong><\/p>\n<h2 style=\"color: red;\"><font size=\"3\">Elections au Tadjikistan sous le signe de la famille du pr\u00e9sident<\/font><\/h2>\n<p><\/strong><\/div>\n<div align=\"justify\">\n<hr\/>\n<\/div>\n<div align=\"justify\">AFP, le 26 f\u00e9vrier 2010 \u00e0 10h21 Par Akbar BORISSOV  DOUCHANBE, 26 f\u00e9v 2010 (AFP) &#8211; Les Tadjiks sont appel\u00e9s \u00e0 voter\u00a0 dimanche pour des \u00e9lections l\u00e9gislatives et locales dont le r\u00e9sultat ne fait gu\u00e8re de doute tant la vie politique est domin\u00e9e par le parti du pr\u00e9sident Emomali Rakhmon, qui en profite pour lancer la carri\u00e8re de son fils Roustam. Pour les sp\u00e9cialistes de l&rsquo;Asie centrale, la candidature du jeune homme de 23 ans au conseil municipal de Douchanb\u00e9, la capitale, est l&rsquo;\u00e9v\u00e9nement de ces scrutins, car elle pourrait bien marquer le d\u00e9but du processus de succession \u00e0 la t\u00eate de l&rsquo;Etat tadjik. D&rsquo;autant que le lancement de la carri\u00e8re politique de Roustam Emomali -un footballeur r\u00e9put\u00e9 amateur de belles voitures- intervient quelques mois apr\u00e8s la nomination de sa soeur au poste de vice-ministre des Affaires \u00e9trang\u00e8res. \u00ab\u00a0C&rsquo;est le sc\u00e9nario qui est mis en oeuvre partout en Asie centrale. Le pr\u00e9sident d&rsquo;un pays cherche un membre de sa famille pour prendre sa suite\u00a0\u00bb, rel\u00e8ve Paul Quinn-Judge, expert de l&rsquo;Asie centrale au centre d&rsquo;analyse International Crisis Group. \u00ab\u00a0Dans ce contexte, je pense que ce qui se passe maintenant \u00e0 Douchanb\u00e9 doit \u00eatre pris tr\u00e8s au s\u00e9rieux\u00a0\u00bb, estime-t-il. En effet le cas de Roustam Emomali est loin d&rsquo;\u00eatre exceptionnel. Au Kazakhstan, au Kirghizstan et en Ouzb\u00e9kistan, les membres de la famille des pr\u00e9sidents sont plac\u00e9s \u00e0 des postes cl\u00e9s dans le monde politique et des affaires. Un diplomate de l&rsquo;Union europ\u00e9enne en poste \u00e0 Douchanb\u00e9 a confi\u00e9 \u00e0 l&rsquo;AFP douter des comp\u00e9tences du fils de Emomali Rakhmon, 57 ans et au pouvoir depuis 1992. \u00ab\u00a0Il est d\u00e9j\u00e0 th\u00e9oriquement \u00e0 la t\u00eate d&rsquo;un d\u00e9partement du minist\u00e8re des Investissements, mais il ne vient pas souvent au bureau\u00a0\u00bb, a racont\u00e9 cette source sous le couvert de l&rsquo;anonymat. Des \u00e9lecteurs interrog\u00e9s par l&rsquo;AFP ne croient par ailleurs pas que l&rsquo;\u00e9lection de Roustam Emomali se fera de mani\u00e8re libre et honn\u00eate dans ce pays, le plus pauvre d&rsquo;ex-URSS, qui a \u00e9t\u00e9 le th\u00e9\u00e2tre d&rsquo;une guerre civile pendant les ann\u00e9es 1990. \u00ab\u00a0Pour que le pays puisse prosp\u00e9rer il faut une concurrence saine, qu&rsquo;il s&rsquo;agisse du fils du pr\u00e9sident ou d&rsquo;un simple ouvrier\u00a0\u00bb, estime ainsi un habitant de Douchanb\u00e9 \u00e2g\u00e9 de 32 ans mais qui pr\u00e9f\u00e8re\u00a0 taire son nom. Il est cependant peu probable que les l\u00e9gislatives de dimanche\u00a0 se d\u00e9roulent sous le signe du pluralisme, comme en t\u00e9moigne l&rsquo;actuel\u00a0 Parlement dont 57 des 63 si\u00e8ges sont contr\u00f4l\u00e9s par le Parti populaire d\u00e9mocratique du pr\u00e9sident tadjik, alors que l&rsquo;opposition en est r\u00e9duite \u00e0 jouer un r\u00f4le de figurant. \u00ab\u00a0Qu&rsquo;est ce que \u00e7a changerait que j&rsquo;aille voter ? Mon mari travaille en Russie depuis 10 ans, et moi je suis coinc\u00e9e ici avec\u00a0 quatre enfants\u00a0\u00bb, rel\u00e8ve Makhina, une vendeuse de 39 ans sur le march\u00e9 de Douchanb\u00e9. \u00ab\u00a0Personnellement, je ne crois pas que les choses puisent s&rsquo;am\u00e9liorer apr\u00e8s les \u00e9lections\u00a0\u00bb, dit-elle. Pays frontalier de l&rsquo;Afghanistan, le Tadjikistan a vu son\u00a0 \u00e9conomie aller de mal en pis depuis la chute de l&rsquo;URSS. Frapp\u00e9s par la mis\u00e8re et les p\u00e9nuries, des centaines de milliers de Tadjiks ont\u00a0 fui leur pays pour travailler \u00e0 l&rsquo;\u00e9tranger, notamment sur les chantiers en Russie.<\/div>\n<div align=\"justify\">\u00a0<\/div>\n<div align=\"justify\">\n<hr\/>\n<\/div>\n<div align=\"center\"><strong><\/p>\n<h2 style=\"color: red;\"><font size=\"3\">Iran\/TV:le chef de Joundallah \u00ab\u00a0avoue\u00a0\u00bb avoir re\u00e7u une offre d&rsquo;aide am\u00e9ricaine<\/font><\/h2>\n<p><\/strong> <\/div>\n<div align=\"justify\">\n<hr\/>\n<p> AFP \/ 26 f\u00e9vrier 2010 12h54 TEHERAN &#8211; Le chef du groupe sunnite extr\u00e9miste Joundallah, Abdolmalek Righi, d\u00e9tenu en Iran, a \u00ab\u00a0avou\u00e9\u00a0\u00bb avoir re\u00e7u une proposition d&rsquo;aide des Etats-Unis pour combattre le r\u00e9gime islamique, a indiqu\u00e9 vendredi la presse iranienne. \u00ab\u00a0Ils (les Am\u00e9ricains) ont dit qu&rsquo;ils coop\u00e9reraient avec nous et nous fourniraient du mat\u00e9riel militaire\u00a0\u00bb, a dit Righi dans une vid\u00e9o diffus\u00e9e par la t\u00e9l\u00e9vision officielle en langue anglaise Press-TV. \u00ab\u00a0Ils ont aussi promis de nous donner une base en Afghanistan pr\u00e8s de la fronti\u00e8re iranienne\u00a0\u00bb, a-t-il ajout\u00e9. Abdolmalek Righi, l&rsquo;homme le plus recherch\u00e9 par l&rsquo;Iran, a \u00e9t\u00e9 arr\u00eat\u00e9 apr\u00e8s l&rsquo;interception mardi par les autorit\u00e9s iraniennes d&rsquo;un avion qui l&rsquo;amenait de Duba\u00ef au Kirghizstan. Selon les d\u00e9clarations du chef rebelle diffus\u00e9es par Press-TV, il devait y rencontrer \u00ab\u00a0un haut responsable am\u00e9ricain\u00a0\u00bb. Righi a affirm\u00e9 dans la vid\u00e9o avoir rencontr\u00e9 en mars 2009 au Pakistan des Am\u00e9ricains qui avaient cherch\u00e9 \u00e0 le de nouveau rencontrer \u00e0 nouveau \u00ab\u00a0apr\u00e8s la derni\u00e8re op\u00e9ration majeure que nous avions men\u00e9\u00a0\u00bb, en allusion \u00e0 l&rsquo;attentat suicide contre les Gardiens de la r\u00e9volution (42 morts) en octobre 2009. \u00ab\u00a0Les Am\u00e9ricains disaient +notre probl\u00e8me maintenant, c&rsquo;est l&rsquo;Iran, pas Al-Qa\u00efda ni les talibans'\u00a0\u00bb, a-t-il ajout\u00e9. Le groupe Joundallah m\u00e8ne depuis dix ans une r\u00e9bellion sanglante dans le sud-est de l&rsquo;Iran, frontalier du Pakistan et o\u00f9 vit une tr\u00e8s importante population sunnite alors que la R\u00e9publique islamique est \u00e0 majorit\u00e9 chiite. Sous l&rsquo;impulsion d&rsquo;Abdolmalek Righi, \u00e2g\u00e9 d&rsquo;une trentaine d&rsquo;ann\u00e9es, le Joundallah a men\u00e9 ces derni\u00e8res ann\u00e9es des op\u00e9rations arm\u00e9es de plus en plus spectaculaires, la plus r\u00e9cente, celle d&rsquo;octobre contre les Gardiens de la R\u00e9volution (arm\u00e9e id\u00e9ologique du r\u00e9gime) \u00e0 Pishin, \u00e0 la fronti\u00e8re pakistanaise. T\u00e9h\u00e9ran a toujours accus\u00e9 le Joundallah d&rsquo;\u00eatre entra\u00een\u00e9 et \u00e9quip\u00e9 par les services de renseignements am\u00e9ricains et britanniques mais aussi pakistanais dans le but de d\u00e9stabiliser le pouvoir central iranien. Washington a r\u00e9guli\u00e8rement d\u00e9menti ces accusations. A Abou Dhabi, le minist\u00e8re des Affaires \u00e9trang\u00e8res a affirm\u00e9 dans un communiqu\u00e9 que Righi avait effectu\u00e9 une escale de deux heures \u00e0 Duba\u00ef, en se rendant d&rsquo;Afghanistan au Kirghizstan, d\u00e9mentant des informations de presse selon lesquelles il avait \u00e9t\u00e9 arr\u00eat\u00e9 apr\u00e8s un s\u00e9jour \u00e0 Duba\u00ef. Righi \u00ab\u00a0qui venait de Kaboul et se rendait au Kirghizstan, s&rsquo;est arr\u00eat\u00e9 durant deux heures \u00e0 l&rsquo;a\u00e9roport de Duba\u00ef et n&rsquo;a pas utilis\u00e9 son visa pour entrer \u00e0 Duba\u00ef\u00a0\u00bb, a \u00e9crit le minist\u00e8re. \u00a0<\/p><\/div>\n<\/div>\n<div>\n<hr\/>\n<\/div>\n<div align=\"center\"><b><span lang=\"FR-CH\"><font size=\"3\">Caricatures: excuses d&rsquo;un quotidien danois pour avoir offens\u00e9 les musulmans<\/font><\/span><\/b><span lang=\"FR-CH\"><em><u><\/u><\/em><\/span><\/div>\n<div>\n<hr\/>\n<\/div>\n<div>\n<p><span lang=\"FR-CH\"><em><u>AFP, le 26 f\u00e9vrier 2010 \u00e0 17h32<\/u><\/em><\/span><\/p>\n<p><span lang=\"FR-CH\">COPENHAGUE, 26 f\u00e9v 2010 (AFP) &#8211; &#8211; Le quotidien danois Politiken a pr\u00e9sent\u00e9 ses excuses aux musulmans pour les avoir offens\u00e9s en reproduisant en 2008 les caricatures controvers\u00e9es de Mahomet, sans pour autant regretter la publication en tant que telle, a-t-il annonc\u00e9 vendredi. <\/span><\/p>\n<p>\u00a0<\/p>\n<div>\n<div>\u00a0Le journal, le premier m\u00e9dia danois \u00e0 faire de telles excuses, a conclu un accord avec huit organisations repr\u00e9sentant pr\u00e8s de 95.000 descendants du Proph\u00e8te dans 8 pays, o\u00f9 il dit regretter d&rsquo;avoir bless\u00e9 la foi des musulmans.   Cet accord stipule n\u00e9anmoins que le quotidien de centre-gauche ne renonce pas au droit de republier ces caricatures de nouveau, souligne Politiken dans un communiqu\u00e9.   Les organisations signataires de l&rsquo;accord sont \u00e9tablies dans huit pays (Egypte, Libye, Qatar, Jordanie, Arabie saoudite, Liban, territoires palestiniens, Australie), dont notamment une organisation \u00e9gyptienne, Niqabat al-Ashraf, forte de pr\u00e8s de 70.000 membres.   Le r\u00e9dacteur en chef du quotidien, qui a publi\u00e9 cet accord \u00e0 la une vendredi, s&rsquo;est \u00ab\u00a0f\u00e9licit\u00e9\u00a0\u00bb du compromis obtenu. \u00ab\u00a0Nous d\u00e9plorons l&rsquo;offense faite aux musulmans m\u00eame si ce n&rsquo;\u00e9tait pas notre intention\u00a0\u00bb, a d\u00e9clar\u00e9 Toeger Seindenfaden \u00e0 l&rsquo;AFP.   Ce compromis a cependant suscit\u00e9 une vive condamnation d&rsquo;une grande partie du milieu politique danois, qui accuse Politiken d&rsquo;avoir mis un genou \u00e0 terre et sacrifi\u00e9 la libert\u00e9 d&rsquo;expression, consid\u00e9r\u00e9e comme la pierre angulaire de la d\u00e9mocratie danoise.   Il a \u00e9t\u00e9 d\u00e9nonc\u00e9 par d&rsquo;autres grands quotidiens danois, comme Jyllands-Posten et Berlingske Tidende, qui ont affirm\u00e9 cependant qu&rsquo;ils ne comptaient pas les republier.   Douze caricatures controvers\u00e9es du proph\u00e8te Mahomet avaient \u00e9t\u00e9 publi\u00e9s pour la premi\u00e8re fois en septembre 2005 dans le quotidien danois Jyllands-Posten. Jug\u00e9es offensantes par de nombreux musulmans, elles avaient d\u00e9clench\u00e9 une vague de violentes manifestations, principalement dans le monde islamique en janvier et f\u00e9vrier 2006, dirig\u00e9es contre le Danemark.   Elles avaient \u00e9t\u00e9 reproduites en f\u00e9vrier 2008 par pr\u00e8s de vingt quotidiens danois, dont Politiken, \u00e0 la suite d&rsquo;un plan avort\u00e9 d&rsquo;attentat contre un des caricaturistes.   \u00ab\u00a0Politiken n&rsquo;a jamais approuv\u00e9 le message de Jyllands-Posten\u00a0\u00bb, a soulign\u00e9 Seindenfalden vendredi. \u00ab\u00a0Nous avions imprim\u00e9 \u00e0 l&rsquo;\u00e9poque ce dessin pour illustrer une information sur ce plan d&rsquo;attentat. C&rsquo;est tout, et non pour provoquer.\u00a0\u00bb   Le compromis avec Politiken fait suite \u00e0 une demande du 28 ao\u00fbt dernier d&rsquo;un avocat saoudien, Faisal Ahmed Zaki Yamani, \u00e0 onze quotidiens danois ayant reproduit ces caricatures, exigeant qu&rsquo;ils fassent des excuses, qu&rsquo;ils promettent de ne plus les republier et les enl\u00e8vent de leurs sites internet. <\/div>\n<\/div>\n<p>AFP<\/p>\n<\/div>\n<div>\u00a0<\/div>\n<\/div>\n<p align=\"center\" dir=\"ltr\">\n<h3 style=\"color: blue;\"><font face=\"Arial\" size=\"2\"><strong><b><a href=\"http:\/\/www.tunisnews.net\/\"><font face=\"Arial\"><span><font size=\"2\">Home<\/font><\/span><font size=\"2\"><span lang=\"FR-CH\"> &#8211; Accueil <\/span><span>&#8211; <\/span><\/font><\/font><span dir=\"rtl\" lang=\"AR-SA\"><font size=\"2\">\u0627\u0644\u0631\u0626\u064a\u0633\u064a\u0629<\/font><\/span><\/a><\/b><\/strong><\/font><\/h3>\n<\/p>\n<p align=\"center\" dir=\"ltr\">\u00a0<\/p>\n<p><\/body><\/body><\/html><\/p>\n","protected":false},"excerpt":{"rendered":"<p>Home &#8211; Accueil \u00a0 \u00a0 TUNISNEWS 9\u00a0\u00e8me ann\u00e9e, N\u00b0\u00a03566 du 26.02.2010 \u00a0archives : www.tunisnews.net\u00a0 Committee to Protect Journalists : In prison, Tunisian journalist&rsquo;s health is worsening TTU Monde Arabe: Tunisie, des turcs tr\u00e8s m\u00e9contents Slim Bagga: Cabale odieuse et hyst\u00e9rie collective des journaux de l&rsquo;Etat contre Oum Zyed Azza Zarrad: Bonne f\u00eate Ben Brik Leaders: [&hellip;]<\/p>\n","protected":false},"author":1,"featured_media":22040,"comment_status":"open","ping_status":"open","sticky":false,"template":"","format":"standard","meta":{"inline_featured_image":false,"site-sidebar-layout":"default","site-content-layout":"","ast-site-content-layout":"default","site-content-style":"default","site-sidebar-style":"default","ast-global-header-display":"","ast-banner-title-visibility":"","ast-main-header-display":"","ast-hfb-above-header-display":"","ast-hfb-below-header-display":"","ast-hfb-mobile-header-display":"","site-post-title":"","ast-breadcrumbs-content":"","ast-featured-img":"","footer-sml-layout":"","ast-disable-related-posts":"","theme-transparent-header-meta":"","adv-header-id-meta":"","stick-header-meta":"","header-above-stick-meta":"","header-main-stick-meta":"","header-below-stick-meta":"","astra-migrate-meta-layouts":"default","ast-page-background-enabled":"default","ast-page-background-meta":{"desktop":{"background-color":"","background-image":"","background-repeat":"repeat","background-position":"center center","background-size":"auto","background-attachment":"scroll","background-type":"","background-media":"","overlay-type":"","overlay-color":"","overlay-opacity":"","overlay-gradient":""},"tablet":{"background-color":"","background-image":"","background-repeat":"repeat","background-position":"center center","background-size":"auto","background-attachment":"scroll","background-type":"","background-media":"","overlay-type":"","overlay-color":"","overlay-opacity":"","overlay-gradient":""},"mobile":{"background-color":"","background-image":"","background-repeat":"repeat","background-position":"center center","background-size":"auto","background-attachment":"scroll","background-type":"","background-media":"","overlay-type":"","overlay-color":"","overlay-opacity":"","overlay-gradient":""}},"ast-content-background-meta":{"desktop":{"background-color":"var(--ast-global-color-5)","background-image":"","background-repeat":"repeat","background-position":"center center","background-size":"auto","background-attachment":"scroll","background-type":"","background-media":"","overlay-type":"","overlay-color":"","overlay-opacity":"","overlay-gradient":""},"tablet":{"background-color":"var(--ast-global-color-5)","background-image":"","background-repeat":"repeat","background-position":"center center","background-size":"auto","background-attachment":"scroll","background-type":"","background-media":"","overlay-type":"","overlay-color":"","overlay-opacity":"","overlay-gradient":""},"mobile":{"background-color":"var(--ast-global-color-5)","background-image":"","background-repeat":"repeat","background-position":"center center","background-size":"auto","background-attachment":"scroll","background-type":"","background-media":"","overlay-type":"","overlay-color":"","overlay-opacity":"","overlay-gradient":""}},"footnotes":""},"categories":[],"tags":[54,41,29],"class_list":["post-17614","post","type-post","status-publish","format-standard","has-post-thumbnail","hentry","tag-54","tag-41","tag-fr"],"_links":{"self":[{"href":"https:\/\/tunisnews.net\/ar\/wp-json\/wp\/v2\/posts\/17614","targetHints":{"allow":["GET"]}}],"collection":[{"href":"https:\/\/tunisnews.net\/ar\/wp-json\/wp\/v2\/posts"}],"about":[{"href":"https:\/\/tunisnews.net\/ar\/wp-json\/wp\/v2\/types\/post"}],"author":[{"embeddable":true,"href":"https:\/\/tunisnews.net\/ar\/wp-json\/wp\/v2\/users\/1"}],"replies":[{"embeddable":true,"href":"https:\/\/tunisnews.net\/ar\/wp-json\/wp\/v2\/comments?post=17614"}],"version-history":[{"count":0,"href":"https:\/\/tunisnews.net\/ar\/wp-json\/wp\/v2\/posts\/17614\/revisions"}],"wp:featuredmedia":[{"embeddable":true,"href":"https:\/\/tunisnews.net\/ar\/wp-json\/wp\/v2\/media\/22040"}],"wp:attachment":[{"href":"https:\/\/tunisnews.net\/ar\/wp-json\/wp\/v2\/media?parent=17614"}],"wp:term":[{"taxonomy":"category","embeddable":true,"href":"https:\/\/tunisnews.net\/ar\/wp-json\/wp\/v2\/categories?post=17614"},{"taxonomy":"post_tag","embeddable":true,"href":"https:\/\/tunisnews.net\/ar\/wp-json\/wp\/v2\/tags?post=17614"}],"curies":[{"name":"wp","href":"https:\/\/api.w.org\/{rel}","templated":true}]}}