{"id":17573,"date":"2006-12-16T00:00:00","date_gmt":"2006-12-16T00:00:00","guid":{"rendered":"https:\/\/tunisnews.net\/16-decembre-2006\/"},"modified":"2006-12-16T00:00:00","modified_gmt":"2006-12-16T00:00:00","slug":"16-decembre-2006","status":"publish","type":"post","link":"https:\/\/tunisnews.net\/ar\/16-decembre-2006\/","title":{"rendered":"16 d\u00e9cembre 2006"},"content":{"rendered":"<p><html><head><meta content=\"text\/html\" description=\"    Comme chaque samedi depuis cinq semaines, Monia Jelassi, \u00e9pouse du     prisonnier politique Abdelhamid Jelassi, s\u2019est rendue ce matin \u00e0 la prison     de Messaadine, accompagn\u00e9e du fr\u00e8re de son \u00e9poux. Elle a \u00e9t\u00e9 admise \u00e0 lui     rendre visite, mais l\u00e0, quelle ne fut pas sa d\u00e9convenue. La visite a \u00e9t\u00e9     \u00e9court\u00e9e, \u00ab \u00e0 peine un quart d\u2019heure \u00bb, et s\u2019est d\u00e9roul\u00e9e dans des     conditions visant \u00e0 les d\u00e9courager ; \u00ab Le parloir est sombre, je ne     distingue pas bien son visage, il y a un m\u00e8tre entre les deux grillages, et     une barre se trouve \u00e0 la hauteur de nos t\u00eates si bien qu\u2019il faut soit se     baisser, soit se mettre sur la pointe des pieds pour que nos regards se     croisent\u2026 \u00bb. Son mari, tr\u00e8s amaigri, lui a dit avoir cess\u00e9 sa gr\u00e8ve de la     faim le 5 d\u00e9cembre, mais d\u00e8s qu\u2019il a commenc\u00e9 \u00e0 \u00e9voquer ses conditions     d\u2019incarc\u00e9ration, notamment le fait qu\u2019il partageait sa cellule avec vingt     personnes qui fumaient, alors qu\u2019il souffre d\u2019allergie, les trois gardiens     affect\u00e9s \u00e0 la surveillance du parloir et au contr\u00f4le de la conversation, ont     imm\u00e9diatement lev\u00e9 la s\u00e9ance. D\u00e9sempar\u00e9e par ce qu\u2019elle venait de vivre,     Monia Jelassi a dit ne pas \u00eatre rassur\u00e9e par le fait d\u2019avoir vu son mari : \u00ab     Heureusement que je n\u2019avais pas emmen\u00e9 ma fille avec moi, aujourd\u2019hui ; les     conditions dans lesquelles s\u2019est d\u00e9roul\u00e9e la visite, c\u2019est un retour au     d\u00e9but des ann\u00e9es quatre vingt dix ; au bout de quinze ans d\u2019emprisonnement,     faire subir cela \u00e0 un prisonnier et mettre sa famille dans de telles     conditions de visite, cela veut dire qu\u2019on a sign\u00e9 l\u2019arr\u00eat de mort, lente,     de mon mari \u00bb et elle s\u2019en remet plus que jamais \u00e0 la solidarit\u00e9, y compris     internationale.\" http-equiv=\"Content-Type\"\/><\/head><body><body><\/p>\n<p align=\"center\"><b><a href=\"https:\/\/tunisnews.net\/ar\/\"><span>Home<\/span><span lang=\"FR-CH\"> &#8211; Accueil <\/span><span>&#8211; <\/span><span dir=\"RTL\" lang=\"AR-SA\">\u0627\u0644\u0631\u0626\u064a\u0633\u064a\u0629<\/span><\/a><\/b><\/p>\n<div> <font face=\"Arial\" size=\"2\">\u00a0  <\/p>\n<div>\n<div>\n<table border=\"1\" width=\"100%\">\n<tr>\n<td bgcolor=\"#efefef\" width=\"100%\"> <span lang=\"AR-SA\"> <\/p>\n<div align=\"left\" dir=\"ltr\">  <\/div>\n<p> <span lang=\"FR\"> <\/p>\n<div align=\"center\" dir=\"ltr\"> <font face=\"Arial\"><font size=\"2\"> <span lang=\"SV\"> <strong>TUNISNEWS<\/strong><\/span> <\/font><\/font> <\/div>\n<div align=\"center\" dir=\"ltr\"> <strong><font face=\"Arial\"><font size=\"2\">            7\u00a0\u00e8me\u00a0ann\u00e9e, <span lang=\"FR\">N\u00b0\u00a02399 du 16.12.2006<\/span><\/font><\/font><\/strong><\/div>\n<p> <strong> <\/p>\n<div align=\"center\" dir=\"ltr\"> <b><span><blink> <font face=\"Arial\" size=\"2\">\u00a0archives : <\/font> <a href=\"https:\/\/tunisnews.net\/ar\/\" target=\"_blank\" rel=\"noopener\"> <font face=\"Arial\" size=\"2\" target=\"_blank\">            www.tunisnews.net<\/font><\/a><\/blink><\/span><\/b><font face=\"Arial\" size=\"2\"> <\/font> <\/div>\n<div align=\"center\" dir=\"ltr\"> <font face=\"Arial\" size=\"2\"><\/p>\n<hr\/>\n<p> <\/font><\/div>\n<p> <\/strong><\/span><\/span> <\/p>\n<div> <span lang=\"FR-CH\"> <\/p>\n<div> <span lang=\"FR\"> <span lang=\"FR\"> <span><font size=\"2\"> <\/p>\n<div>\n<div> <font size=\"2\"> <\/p>\n<div> <font size=\"2\"> <span lang=\"FR\"> <span lang=\"EN-GB\"> <\/p>\n<div> <strong><font size=\"2\"> <\/p>\n<h2 style=\"color: red;\"><font>Luiza Toscane: Monia Jelassi \u00ab On a                       sign\u00e9 l\u2019arr\u00eat de mort lente de mon mari \u00bb<\/font><\/h2>\n<p> <\/font> <\/strong> <\/div>\n<div> <font size=\"2\"><strong><font>LCN: Menac\u00e9                       d&rsquo;expulsion &#8211; Un imam veut s&rsquo;enfermer dans sa mosqu\u00e9e<\/font><\/strong> <\/font><strong><font size=\"2\"> <\/p>\n<h2 style=\"color: red;\"><font>TAP: Tunisie: La BEI accorde deux                       pr\u00eats \u00e0 la Tunisie<\/font><\/h2>\n<p>                       Maghrebia: La MEPI accepte des demandes de pr\u00eat pour des                       projets en Tunisie<\/font><\/strong><\/div>\n<div> <font size=\"2\"> <\/p>\n<p> <strong><\/p>\n<h2 style=\"color: red;\"><font>Le journal: Vie des partis                       et des organisations<\/font><\/h2>\n<p> <span>Le journal: Un decalage a                       combler !<\/span> <span><\/p>\n<p><font>Le                       journal: 4\u00e8me congr\u00e8s du pdp &#8211; une femme pour \u00absauver                       l\u2019unite\u00bb<\/font><\/p>\n<p><\/span> <span>Le journal: Le                       regionalisme, \u00e7a se soigne<\/span><\/strong> <strong><\/p>\n<p><font>Lib\u00e9ration: Le professeur                       Bertran Auvert, sp\u00e9cialiste du VIH \u00abFace au sida, il faut                       faciliter la circoncision en Afrique\u00bb<\/font><\/p>\n<p><\/strong><\/p>\n<p><\/font><\/div>\n<div dir=\"ltr\"> <strong><font size=\"2\">Soumaya Ghannoushi:                       Telling it like it is<\/font><\/strong><\/div>\n<p> <\/span> <\/span><\/font><\/div>\n<p> <\/font> <\/div>\n<\/p><\/div>\n<p> <\/font><\/span> <\/span><\/span><\/div>\n<p> <\/span> <\/div>\n<\/td>\n<\/tr>\n<\/table><\/div>\n<\/p><\/div>\n<div align=\"center\"> <font size=\"3\"><strong><font>Monia Jelassi<\/font> <\/strong><\/font> <\/div>\n<div align=\"center\">\n<h2 style=\"color: red;\"><font size=\"3\"><strong>\u00ab On a sign\u00e9 l\u2019arr\u00eat de mort lente de     mon mari \u00bb<\/strong><\/font><\/h2>\n<p> <font size=\"2\"> <\/font><\/div>\n<div align=\"justify\" dir=\"ltr\">         Comme chaque samedi depuis cinq semaines, Monia Jelassi, \u00e9pouse du     prisonnier politique Abdelhamid Jelassi, s\u2019est rendue ce matin \u00e0 la prison     de Messaadine, accompagn\u00e9e du fr\u00e8re de son \u00e9poux. Elle a \u00e9t\u00e9 admise \u00e0 lui     rendre visite, mais l\u00e0, quelle ne fut pas sa d\u00e9convenue. La visite a \u00e9t\u00e9     \u00e9court\u00e9e, \u00ab \u00e0 peine un quart d\u2019heure \u00bb, et s\u2019est d\u00e9roul\u00e9e dans des     conditions visant \u00e0 les d\u00e9courager ; \u00ab Le parloir est sombre, je ne     distingue pas bien son visage, il y a un m\u00e8tre entre les deux grillages, et     une barre se trouve \u00e0 la hauteur de nos t\u00eates si bien qu\u2019il faut soit se     baisser, soit se mettre sur la pointe des pieds pour que nos regards se     croisent\u2026 \u00bb. Son mari, tr\u00e8s amaigri, lui a dit avoir cess\u00e9 sa gr\u00e8ve de la     faim le 5 d\u00e9cembre, mais d\u00e8s qu\u2019il a commenc\u00e9 \u00e0 \u00e9voquer ses conditions     d\u2019incarc\u00e9ration, notamment le fait qu\u2019il partageait sa cellule avec vingt     personnes qui fumaient, alors qu\u2019il souffre d\u2019allergie, les trois gardiens     affect\u00e9s \u00e0 la surveillance du parloir et au contr\u00f4le de la conversation, ont     imm\u00e9diatement lev\u00e9 la s\u00e9ance. D\u00e9sempar\u00e9e par ce qu\u2019elle venait de vivre,     Monia Jelassi a dit ne pas \u00eatre rassur\u00e9e par le fait d\u2019avoir vu son mari : \u00ab     Heureusement que je n\u2019avais pas emmen\u00e9 ma fille avec moi, aujourd\u2019hui ; les     conditions dans lesquelles s\u2019est d\u00e9roul\u00e9e la visite, c\u2019est un retour au     d\u00e9but des ann\u00e9es quatre vingt dix ; au bout de quinze ans d\u2019emprisonnement,     faire subir cela \u00e0 un prisonnier et mettre sa famille dans de telles     conditions de visite, cela veut dire qu\u2019on a sign\u00e9 l\u2019arr\u00eat de mort, lente,     de mon mari \u00bb et elle s\u2019en remet plus que jamais \u00e0 la solidarit\u00e9, y compris     internationale.     Pour rappel, Abdelhamid Jelassi, arr\u00eat\u00e9 en avril 1991, a \u00e9t\u00e9 condamn\u00e9 en     ao\u00fbt 1992 \u00e0 l\u2019emprisonnement \u00e0 perp\u00e9tuit\u00e9 par le tribunal militaire de     Bouchoucha, peine commu\u00e9e en une peine de trente ans. Il avait commenc\u00e9 avec     trois cod\u00e9tenus une gr\u00e8ve de la faim \u00e0 la prison de Mehdia pour exiger sa     lib\u00e9ration et avait \u00e9t\u00e9 transf\u00e9r\u00e9 \u00e0 la prison de Messaadine, o\u00f9 son \u00e9pouse     n\u2019avait pu lui rendre visite depuis le 11 novembre dernier en d\u00e9pit des     nombreux appels lanc\u00e9s au niveau national et international. Abdelhamid     Jelassi est p\u00e8re d\u2019une fille de quinze ans, Mariam.<\/div>\n<div align=\"justify\" dir=\"ltr\"> <strong><font>Luiza Toscane,<\/font><\/strong><\/div>\n<div align=\"justify\" dir=\"ltr\"> <strong>\u00a016 d\u00e9cembre 2006<\/strong><\/div>\n<p> <strong> <\/p>\n<div align=\"center\" dir=\"ltr\">\n<hr\/><\/div>\n<p> <\/strong> <\/p>\n<div align=\"center\" dir=\"ltr\">\n<h2 style=\"color: red;\"><font size=\"3\"><strong>Menac\u00e9 d&rsquo;expulsion     Un imam veut s&rsquo;enfermer dans sa mosqu\u00e9e<\/strong><\/font><\/h2>\n<\/div>\n<div align=\"justify\" dir=\"ltr\">         LCN     Un imam de Montr\u00e9al menac\u00e9 d&rsquo;expulsion ne compte plus ob\u00e9ir \u00e0 la Loi sur     l&rsquo;immigration.      L&rsquo;imam <strong>Sa\u00efd Jaziri <\/strong>entend s&rsquo;enfermer dans sa mosqu\u00e9e de la     rue B\u00e9langer, \u00e0 Montr\u00e9al.      M. Jaziri d\u00e9nonce une s\u00e9rie de dysfonctionnements de la part des diff\u00e9rentes     instances qui ont statu\u00e9 sur son cas, notamment la Commission de     l&rsquo;immigration et l&rsquo;Agence des services frontaliers du Canada.      Son statut de r\u00e9fugi\u00e9 a \u00e9t\u00e9 r\u00e9voqu\u00e9 le 22 juin dernier, sous pr\u00e9texte qu&rsquo;il     avait pr\u00e9sent\u00e9 des informations erron\u00e9es.      On lui reprochait d&rsquo;avoir cach\u00e9 un casier judiciaire en France et d&rsquo;avoir     exag\u00e9r\u00e9 les risques qu&rsquo;il courait en Tunisie, son pays d&rsquo;origine.      Il a \u00e9t\u00e9 convoqu\u00e9 pour lundi devant la section des investigations et renvois     des services frontaliers, mais il n&rsquo;a pas l&rsquo;intention de s&rsquo;y pr\u00e9senter.  <\/div>\n<div align=\"justify\" dir=\"ltr\">    \u00a0<\/div>\n<div align=\"justify\" dir=\"ltr\"> <font size=\"2\"><strong>(Source LCNMise \u00e0 jour: 16\/12\/2006     10:28 )<\/strong><\/font><\/div>\n<div align=\"justify\" dir=\"ltr\"> <a href=\"http:\/\/lcn.canoe.com\/lcn\/infos\/regional\/archives\/2006\/12\/20061216-102847.html\" target=\"_blank\" rel=\"noopener\"> <strong>    http:\/\/lcn.canoe.com\/lcn\/infos\/regional\/archives\/2006\/12\/20061216-102847.html<\/strong><\/a><\/div>\n<p> <\/font> <\/p>\n<div>\n<p align=\"center\"> <b><span lang=\"FR-CH\"><\/span><\/b><\/p>\n<hr\/>\n<p>\u00a0<\/p>\n<p> <span lang=\"FR-CH\">\u00a0<\/span><\/p>\n<p> <span lang=\"FR-CH\">\u00a0<\/span><\/p>\n<p align=\"center\"> <b><span lang=\"FR\"><font size=\"3\">    Tunisie: La BEI accorde deux pr\u00eats \u00e0 la Tunisie<\/font><\/span><\/b><\/p>\n<p> <span lang=\"FR\">\u00a0<\/span><\/p>\n<p> <span lang=\"FR\">(TAP) &#8211; La     Banque europ\u00e9enne d&rsquo;investissement (BEI) a accord\u00e9, vendredi, \u00e0 la Tunisie     deux pr\u00eats destin\u00e9s \u00e0 cofinancer des projets dans le domaine     d&rsquo;assainissement et de l&rsquo;\u00e9lectricit\u00e9.<\/span><\/p>\n<p> <span lang=\"FR\">\u00a0<\/span><\/p>\n<p> <span lang=\"FR\">Le premier pr\u00eat,     d&rsquo;une valeur de 68 millions de dinars (40 millions d&rsquo;euros), permettra de     cofinancer plusieurs projets d&rsquo;assainissement dans plusieurs zones de Tunis     ( Sidi Hassine S\u00e9joumi, Tunis-Ouest, Charguia et Chotrana).<\/span><\/p>\n<p> <span lang=\"FR\">Il s&rsquo;agit de     pose de canalisations d&rsquo;\u00e9vacuation d&rsquo;eaux pluviales et us\u00e9es, outre,     l&rsquo;extension de la station d&rsquo;assainissement \u00e0 Hammamet-Sud et la cr\u00e9ation     d&rsquo;autres stations respectivement dans les zones de Hergla, Menzel Temime et     Maamoura.<\/span><\/p>\n<p> <span lang=\"FR\">Ce montant     servira, \u00e9galement, \u00e0 l&rsquo;am\u00e9nagement de r\u00e9seaux d&rsquo;assainissement dans les     villes de Metlaoui, Gabes, Mahdia, Tataouine, Gafsa, Kerkenah et M\u00e9denine.<\/span><\/p>\n<p> <span lang=\"FR\">S&rsquo;agissant du     second pr\u00eat, estim\u00e9 \u00e0 190 millions de dinars (114 millions d&rsquo;euros), il     contribuera \u00e0 la r\u00e9alisation, \u00e0 Ghannouch (nord de gabes) d&rsquo;une centrale     \u00e9lectrique. La convention a \u00e9t\u00e9 sign\u00e9e, vendredi, \u00e0 Tunis, par MM.Mohamed     Nouri Jouini, ministre du D\u00e9veloppement et de la Coop\u00e9ration internationale     et Philippe De Fontaine- Vive, vice-pr\u00e9sident de la BEI charg\u00e9 de la     Facilite euro- m\u00e9diterran\u00e9enne d&rsquo;investissement et de partenariat (FEMIP).<\/span><\/p>\n<p> <span lang=\"FR\">Le ministre     s&rsquo;est f\u00e9licit\u00e9 du niveau de la coop\u00e9ration entre la Tunisie et la BEI,     soulignant que le volume des engagements de cette institution financi\u00e8re en     Tunisie s&rsquo;\u00e9l\u00e8ve, depuis 1976, \u00e0 4 milliards de dinars, dont plus de 1,5     milliard au titre du programme de coop\u00e9ration euro-m\u00e9diterran\u00e9ene (EUROMED     II) durant la p\u00e9riode 2000-2006.<\/span><\/p>\n<p> <span lang=\"FR\">De son cot\u00e9, M.     Philippe De Fontaine-Vive a affirm\u00e9 le souci de la BEI de soutenir le     processus de d\u00e9veloppement en Tunisie, exprimant son admiration pour les     acquis accomplis dans le pays.<\/span><\/p>\n<p> <span lang=\"FR\">Il a mis     l&rsquo;accent sur l&rsquo;efficience des projets financ\u00e9s par la BEI en Tunisie et     leurs impacts socio-\u00e9conomiques, ce qui incite davantage la BEI \u00e0 poursuivre     sa consolidation aux efforts de d\u00e9veloppement du pays durant la prochaine     p\u00e9riode.<\/span><\/p>\n<p> <span lang=\"FR\">\u00a0<\/span><\/p>\n<p> <b> <span lang=\"FR\">    (Source\u00a0: l\u2019agence TAP (officielle), le 15 d\u00e9cembre 2006) <\/span><\/b><\/p>\n<hr\/>\n<p>\u00a0<\/p>\n<p> <span lang=\"FR\">\u00a0<\/span><\/p>\n<p align=\"center\"> <b><span lang=\"FR\"><font size=\"3\">    Nucl\u00e9aire: la Tunisie et la France signent un accord<\/font><\/span><\/b><\/p>\n<p> <span lang=\"FR\">\u00a0<\/span><\/p>\n<p> <span lang=\"FR\">La Tunisie et la     France ont sign\u00e9 jeudi dernier \u00e0 Tunis un accord de coop\u00e9ration portant sur     l&rsquo;utilisation pacifique de l&rsquo;\u00e9nergie nucl\u00e9aire.<\/span><\/p>\n<p> <span lang=\"FR\">Ce contrat,     sign\u00e9 par le Centre Tunisien des Sciences et de l&rsquo;Ing\u00e9nierie Nucl\u00e9aire et le     Commissariat Fran\u00e7ais \u00e0 l&rsquo;Energie Atomique, envisage une coop\u00e9ration en     mati\u00e8re d&rsquo;utilisation pacifique de la technologie nucl\u00e9aire dans des     domaines tels que la protection de l&rsquo;environnement, la d\u00e9salinisation de     l&rsquo;eau de mer, la sant\u00e9 et la production \u00e9lectrique.<\/span><\/p>\n<p> <span lang=\"FR\">Selon le     Ministre de la Recherche scientifique, de la Technologie et du D\u00e9veloppement     des comp\u00e9tences, Taieb Hadhri, il constitue une nouvelle \u00e9tape en mati\u00e8re de     recherche et d\u00e9veloppement dans le domaine du nucl\u00e9aire et de production     d&rsquo;\u00e9lectricit\u00e9 d&rsquo;origine nucl\u00e9aire.<\/span><\/p>\n<p> <span lang=\"FR\">\u00a0<\/span><\/p>\n<p> <b><span lang=\"FR\">(Source\u00a0:    <a href=\"http:\/\/www.saphirnews.com\/\" target=\"_blank\" rel=\"noopener\">www.saphirnews.com<\/a>, le 16 d\u00e9cembre     2006)<\/span><\/b><\/p>\n<p> <span lang=\"FR\">\u00a0 <\/span><\/p>\n<hr\/>\n<p>\u00a0<\/p>\n<p> <b><span lang=\"FR\">\u00a0<\/span><\/b><\/p>\n<p align=\"center\"> <b><span lang=\"FR\"><font size=\"3\">La     MEPI accepte des demandes de pr\u00eat pour des projets en Tunisie<\/font><\/span><\/b><\/p>\n<p> <span lang=\"FR\">\u00a0<\/span><\/p>\n<p> <span lang=\"FR\">L&rsquo;Initiative de     Partenariat avec le Moyen Orient (MEPI) a retenu des demandes de     candidatures dans le cadre de son programme de mini subventions en Tunisie.     Depuis sa mise en place en 2002, les pr\u00eats de la MEPI ont permis de financer     des projets dans les domaines de l&rsquo;\u00e9ducation, des r\u00e9formes d\u00e9mocratiques et     de l&rsquo;\u00e9volution du r\u00f4le des femmes au Moyen Orient et en Afrique du Nord.<\/span><\/p>\n<p> <span lang=\"FR\">L&rsquo;Initiative de     Partenariat avec le Moyen Orient (MEPI) a retenu des propositions pour son     programme de mini subventions en Tunisie. La MEPI alloue 100 000 dollars \u00e0     chacune de ses 15 missions am\u00e9ricaines et accorde des pr\u00eats allant de 10 000     \u00e0 25 000 dollars pour le financement de la soci\u00e9t\u00e9 civile, y compris les     organisations locales, les universit\u00e9s, les instances professionnelles et     les associations de femmes.<\/span><\/p>\n<p> <span lang=\"FR\">Ce programme,     qui s&rsquo;inscrit dans le cadre des objectifs du D\u00e9partement d&rsquo;Etat, vise \u00e0     aider les organisations de la soci\u00e9t\u00e9 civile et les individus \u00e0 atteindre     les objectifs et les valeurs de la MEPI, en mati\u00e8re d&rsquo;\u00e9ducation, de     d\u00e9mocratie et d&rsquo;autonomisation des femmes, a indiqu\u00e9 \u00e0 Magharebia le     directeur adjoint de la MEPI, Kirk Wilcott.<\/span><\/p>\n<p> <span lang=\"FR\">Contrairement     aux programmes d&rsquo;assistance bilat\u00e9raux am\u00e9ricains classiques, la MEPI     n&rsquo;apporte pas un soutien \u00e9conomique direct aux gouvernements, selon le site     web du D\u00e9partement d&rsquo;Etat. \u00ab\u00a0Plut\u00f4t, les programmes de la MEPI sont destin\u00e9s     \u00e0 apporter un soutien aux organisations de la r\u00e9gion qui travaillent d\u00e9j\u00e0 \u00e0     favoriser les r\u00e9formes structurelles et institutionnelles dans leurs pays     respectifs.\u00a0\u00bb<\/span><\/p>\n<p> <span lang=\"FR\">\u00a0<\/span><\/p>\n<p> <span lang=\"FR\">Le programme de     l&rsquo;ann\u00e9e derni\u00e8re courait de novembre 2005 \u00e0 septembre 2006. Les demandeurs     avaient pr\u00e9sent\u00e9 leurs demandes aupr\u00e8s des ambassades des Etats-Unis au     Moyen orient et en Afrique du Nord dans les cinq pays couverts par le bureau     r\u00e9gional de cette Initiative: le Liban, l&rsquo;Egypte, la Tunisie, l&rsquo;Alg\u00e9rie et     le Maroc. L&rsquo;accord a \u00e9t\u00e9 donn\u00e9 pour le financement de dix-huit programmes,     avec des cr\u00e9dits combin\u00e9s repr\u00e9sentant un montant total de 617 936 dollars,     soit une augmentation de pr\u00e8s de 224 000 dollars par rapport aux cr\u00e9dits     consentis sur la p\u00e9riode pr\u00e9c\u00e9dente.<\/span><\/p>\n<p> <span lang=\"FR\">L&rsquo;une des     organisations ayant b\u00e9n\u00e9fici\u00e9 de ce programme en Tunisie est l&rsquo;Institut du     Journalisme et des Sciences de l&rsquo;Information. Gr\u00e2ce au soutien de la MEPI,     il a pu lancer un journal universitaire. Cet institut dispose d&rsquo;un     financement pour la deuxi\u00e8me ann\u00e9e cons\u00e9cutive, dans le but d&rsquo;am\u00e9liorer la     qualit\u00e9 de ce journal et d&rsquo;en accro\u00eetre la diffusion. Les \u00e9tudiants     apprennent ainsi \u00e0 les m\u00e9thodes de pens\u00e9e critique, de r\u00e9solution de     probl\u00e8mes et de libert\u00e9 de la presse.<\/span><\/p>\n<p> <span lang=\"FR\">\u00ab\u00a0L&rsquo;aide que nous     recevons de la MEPI \u2026 signifie que notre journal est publi\u00e9 r\u00e9guli\u00e8rement,     et de mani\u00e8re plus organis\u00e9e\u00a0\u00bb, a indiqu\u00e9 Hamida Al-Bour, enseignante \u00e0     l&rsquo;Institut du Journalisme et des Sciences de l&rsquo;Information, \u00e0 Magharebia.     \u00ab\u00a0Nous avons publi\u00e9 sept \u00e9ditions successives cette ann\u00e9e, et sans     interruption, contrairement \u00e0 ce qui s&rsquo;\u00e9tait produit les ann\u00e9es     pr\u00e9c\u00e9dentes.\u00a0\u00bb<\/span><\/p>\n<p> <span lang=\"FR\">Le site web du     D\u00e9partement d&rsquo;Etat cite d&rsquo;autres exemples de son programme de mini     subventions au Maghreb. Dans la province marocaine de Zagora, l&rsquo;Association     Azocas assure une formation professionnelle pour les jeunes filles, dans le     but d&rsquo;impliquer les femmes vivant en milieu rural dans le d\u00e9veloppement de     leur soci\u00e9t\u00e9. En Alg\u00e9rie, deux experts am\u00e9ricains des m\u00e9dias ont conduit un     s\u00e9minaire destin\u00e9 aux porte-paroles des minist\u00e8res, aux journalistes locaux     et aux professeurs d&rsquo;universit\u00e9, pour initier un dialogue sur la libert\u00e9 de     la presse et la responsabilit\u00e9 du gouvernement. En Tunisie, l&rsquo;Ecole de     Commerce de la M\u00e9diterran\u00e9e, une institution priv\u00e9e, a utilis\u00e9 le programme     de mini subvention pour \u00e9laborer un projet de mise en oeuvre d&rsquo;un centre     d&rsquo;affaires r\u00e9gional.<\/span><\/p>\n<p> <span lang=\"FR\">Parmi les     projets les plus r\u00e9cents financ\u00e9s par la MEPI, on trouve: un film     documentaire sur quatre femmes agissant pour les r\u00e9formes en Alg\u00e9rie, une     campagne publique de sensibilisation aux droits politiques en Egypte, et un     nouveau syst\u00e8me permettant l&rsquo;autonomisation des jeunes par le biais de la     participation \u00e0 la vie politique et \u00e0 l&rsquo;\u00e9ducation au Liban.<\/span><\/p>\n<p> <span lang=\"FR\">\u00ab\u00a0Le programme de     mini subventions illustre \u00e0 l&rsquo;\u00e9vidence les engagements de l&rsquo;Initiative de     Partenariat avec le Moyen Orient en faveur des programmes nationaux de     r\u00e9forme\u00a0\u00bb, a d\u00e9clar\u00e9 Peter Marlin, le directeur de la MEPI.<\/span><\/p>\n<p> <span lang=\"FR\">L&rsquo;ancien     Secr\u00e9taire d&rsquo;Etat am\u00e9ricain Colin Powell avait instaur\u00e9 la MEPI en d\u00e9cembre     2002. Plus de 293 millions de dollars ont ainsi \u00e9t\u00e9 d\u00e9gag\u00e9s ces quatre     derni\u00e8res ann\u00e9es en faveur de l&rsquo;\u00e9ducation, de la d\u00e9mocratie, de la     croissance \u00e9conomique et du r\u00f4le des femmes dans la soci\u00e9t\u00e9.<\/span><\/p>\n<p> <span lang=\"FR\">\u00a0<\/span><\/p>\n<p> <b> <span lang=\"FR\">    Jamel Arfaoui \u00e0 Tunis a apport\u00e9 sa contribution \u00e0 cet article.<\/span><\/b><\/p>\n<p> <span lang=\"FR\">\u00a0<\/span><\/p>\n<p> <b> <span lang=\"FR\">    (Source\u00a0: Le site Maghrebia.com (financ\u00e9 par le pentagone US), le 15     d\u00e9cembre 2006)<\/span><\/b><\/p>\n<p> <strong>Lien\u00a0: <\/strong> <a href=\"http:\/\/www.magharebia.com\/cocoon\/awi\/xhtml1\/fr\/features\/awi\/features\/2006\/12\/15\/feature-02\" target=\"_blank\" rel=\"noopener\"> <strong>    http:\/\/www.magharebia.com\/cocoon\/awi\/xhtml1\/fr\/features\/awi\/features\/2006\/12\/15\/feature-02<\/strong><\/a><\/p>\n<p> <strong><\/strong><\/p>\n<hr\/>\n<p>\u00a0<\/p>\n<p> <span dir=\"rtl\" lang=\"AR-SA\">\u00a0<\/span><\/p>\n<p align=\"center\" dir=\"ltr\"> <b> <span lang=\"FR-CH\">    VIE DES PARTIS ET DES ORGANISATIONS<\/span><\/b><\/p>\n<p dir=\"ltr\"> <b> <span lang=\"FR-CH\">    Par N\u00e9jib SASSI<\/span><\/b><\/p>\n<p dir=\"ltr\"> <b> <span lang=\"FR-CH\">    PDP (1) une femme \u00e0 la t\u00eate du parti ?<\/span><\/b><\/p>\n<p dir=\"ltr\"> <span lang=\"FR-CH\">La succession     de M. N\u00e9jib Chebbi au poste de secr\u00e9taire g\u00e9n\u00e9ral du Parti D\u00e9mocratique     Progressiste (PDP) reste ouverte. M. Chebbi a d\u00e9cid\u00e9 de ne pas briguer un     autre mandat \u00e0 l&rsquo;occasion de la tenue du 4\u00e8me congr\u00e8s du parti, les 22, 23     et 24 d\u00e9cembre 2006. Mais jusqu&rsquo;\u00e0 pr\u00e9sent, une seule candidature est     annonc\u00e9e, celle de Mme Maya Jribi. M. Mohamed Goumani qui a annonc\u00e9 sa     candidature, il y a quelques jours, a pr\u00e9f\u00e9r\u00e9 se retirer \u00abpour pr\u00e9server la     coh\u00e9sion du parti\u00bb, a-t-il d\u00e9clar\u00e9. Donc, si Mme Jribi reste seule dans la     course, ce sera une premi\u00e8re en Tunisie, d&rsquo;avoir une femme \u00e0 la t\u00eate d&rsquo;un     parti politique.<\/span><\/p>\n<p dir=\"ltr\"> <span lang=\"FR-CH\">\u00a0<\/span><\/p>\n<p dir=\"ltr\"> <b> <span lang=\"FR-CH\">    PDP (2) M. Chebbi continue \u00e0 militer<\/span><\/b><\/p>\n<p dir=\"ltr\"> <span lang=\"FR-CH\">M. N\u00e9jib     Chebbi, qui ne se pr\u00e9sentera pas au prochain congr\u00e8s, ne compte pas pour     autant renoncer \u00e0 la vie politique.\u00a0 \u00abJe pr\u00e9senterai ma candidature pour     l&rsquo;\u00e9lection des membres du comit\u00e9 central du parti et je poursuivrai mes     activit\u00e9s de militant au sein du PDP\u00bb, a-t-il d\u00e9clar\u00e9 lors d&rsquo;une conf\u00e9rence     de presse tenue lundi 11 d\u00e9cembre 2006 au si\u00e8ge du parti \u00e0 Tunis.<\/span><\/p>\n<p dir=\"ltr\"> <span lang=\"FR-CH\">\u00a0<\/span><\/p>\n<p dir=\"ltr\"> <b> <span lang=\"FR-CH\">    PSL : redynamisation des structures<\/span><\/b><\/p>\n<p dir=\"ltr\"> <span lang=\"FR-CH\">Les membres     du bureau politique du Parti Social Lib\u00e9ral (PSL) tiendront, dimanche 17     d\u00e9cembre 2006, au si\u00e8ge du parti, \u00e0 Tunis, une r\u00e9union avec les membres de     l&rsquo;organisation de la Jeunesse du parti. L&rsquo;objectif est de r\u00e9activer les     structures de cette organisation et redynamiser ses activit\u00e9s. Ainsi, depuis     le congr\u00e8s extraordinaire du 15 juillet dernier et l&rsquo;\u00e9lection d&rsquo;un nouveau     secr\u00e9taire, g\u00e9n\u00e9ral M. Mondher Thabet, \u00e0 la place de M. Mounir B\u00e9ji,     d\u00e9missionnaire, le PSL compte \u00e9merger de la l\u00e9thargie qui l&rsquo;a frapp\u00e9 pendant     des ann\u00e9es.<\/span><\/p>\n<p dir=\"ltr\"> <span lang=\"FR-CH\">\u00a0<\/span><\/p>\n<p dir=\"ltr\"> <b> <span lang=\"FR-CH\">    Droits de l&rsquo;homme et mondialisation<\/span><\/b><\/p>\n<p dir=\"ltr\"> <span lang=\"FR-CH\">Dans le cadre     du partenariat et des activit\u00e9s qu&rsquo;ils ont d\u00e9cid\u00e9 d&rsquo;organiser en commun le     Parti de l&rsquo;Unit\u00e9 Populaire (PUP) et l&rsquo;Union D\u00e9mocratique Unioniste (UDU) ont     tenu, samedi 9 d\u00e9cembre 2006, au si\u00e8ge de l&rsquo;UDU, \u00e0 Tunis, \u00e0 l&rsquo;occasion de la     c\u00e9l\u00e9bration du 58\u00e8me anniversaire de la D\u00e9claration Universelle des Droits     de l&rsquo;Homme, un s\u00e9minaire sur le th\u00e8me : \u00abLes droits de l&rsquo;Homme entre la     mondialisation et les d\u00e9fis nationaux\u00bb.<\/span><\/p>\n<p dir=\"ltr\"> <span lang=\"FR-CH\">Le Parti de     l&rsquo;Unit\u00e9 Populaire (PUP) a organis\u00e9 vendredi 8 d\u00e9cembre 2006, \u00e0 l&rsquo;h\u00f4tel \u00abLe     Diplomate\u00bb, \u00e0 Tunis, un s\u00e9minaire sur le th\u00e8me : \u00ab Le secteur de     l&rsquo;information entre les d\u00e9fis actuels et les enjeux du futur\u00bb. On a     remarqu\u00e9, outre la pr\u00e9sence de nombreux professionnels du secteur de     l&rsquo;information, celle de quatre secr\u00e9taires g\u00e9n\u00e9raux de partis de     l&rsquo;opposition, Isma\u00efl Boulehia, du MDS, Ahmed Inoubli, de l&rsquo;UDU, Mondher     Thabet, du PSL et Mongi Khammassi du PVP. En plus, bien s\u00fbr, de M.Mohamed     Bouchiha.<\/span><\/p>\n<p dir=\"ltr\"> <span lang=\"FR-CH\">\u00a0<\/span><\/p>\n<p dir=\"ltr\"> <b> <span lang=\"FR-CH\">    Partenariat entre quatre partis et l&rsquo;opposition<\/span><\/b><\/p>\n<p dir=\"ltr\"> <span lang=\"FR-CH\">Les     secr\u00e9taires g\u00e9n\u00e9raux du Parti de l&rsquo;Unit\u00e9 Populaire (PUP), M. Mohamed     Bouchiha, de l&rsquo;Union D\u00e9mocratique Unioniste (UDU), Ahmed Inoubli, du Parti     Social Lib\u00e9ral (PSL), M. Mondher Thabet et du Parti des Verts pour le     Progr\u00e8s (PVP), M. Mongi Khammassi, ont tenu, lundi 11 d\u00e9cembre 2006, une     r\u00e9union de travail au si\u00e8ge du PUP \u00e0 Tunis. Ils ont, \u00e0 cette occasion,     discut\u00e9 des perspectives d&rsquo;un travail en commun afin d&rsquo;\u00e9laborer leurs     propositions sur les questions fondamentales qui concernent l&rsquo;avenir du pays     et de participer ainsi \u00e0 la politique de r\u00e9formes en cours, qui vise la     consolidation du processus d\u00e9mocratique.<\/span><\/p>\n<p dir=\"ltr\"> <span lang=\"FR-CH\">A l&rsquo;issue de     cette r\u00e9union, ils ont publi\u00e9 un communiqu\u00e9 commun dans lequel ils annoncent     la cr\u00e9ation d&rsquo;une sorte d&rsquo;alliance appel\u00e9e \u00abLa Rencontre D\u00e9mocratique\u00bb, dont     l&rsquo;objectif est un partenariat entre ces quatre partis, qui reste ouvert aux     autres partis et aux personnalit\u00e9s ind\u00e9pendantes.<\/span><\/p>\n<p dir=\"ltr\"> <span lang=\"FR-CH\">\u00a0<\/span><\/p>\n<p dir=\"ltr\"> <b> <span lang=\"FR-CH\">    MDS : Les droits de l&rsquo;homme en Tunisie<\/span><\/b><\/p>\n<p dir=\"ltr\"> <span lang=\"FR-CH\">A l&rsquo;occasion     de la c\u00e9l\u00e9bration du 58\u00e8me anniversaire de la D\u00e9claration Universelle des     Droits de l&rsquo;Homme, le Mouvement des D\u00e9mocrates Socialistes (MDS) a tenu,     vendredi 8 d\u00e9cembre 2006, \u00e0 l&rsquo;h\u00f4tel Oriental Palace \u00e0 Tunis, un colloque sur     le th\u00e8me : \u00abLes perspectives des droits de l&rsquo;homme en Tunisie, aujourd&rsquo;hui\u00bb.     Ouvrant les travaux du colloque, M. Isma\u00efl Boulehya, secr\u00e9taire g\u00e9n\u00e9ral du     MDS a soulign\u00e9 que \u00abla Tunisie peut devenir l&rsquo;exemple \u00e0 suivre dans le     domaine des droits de l&rsquo;homme\u00bb.<\/span><\/p>\n<p dir=\"ltr\"> <span lang=\"FR-CH\">\u00a0<\/span><\/p>\n<p dir=\"ltr\"> <b> <span lang=\"FR-CH\">    Crise de la LTDH : D\u00e9bat entre les parties concern\u00e9es<\/span><\/b><\/p>\n<p dir=\"ltr\"> <span lang=\"FR-CH\">C&rsquo;est pour la     premi\u00e8re fois qu\u2019on assiste \u00e0 un d\u00e9bat franc et direct entre deux parties     prenantes dans le conflit qui est \u00e0 l&rsquo;origine de la crise de la Ligue     Tunisienne pour la D\u00e9fense des Droits de l&rsquo;Homme (LTDH).<\/span><\/p>\n<p dir=\"ltr\"> <span lang=\"FR-CH\">Cela s&rsquo;est     pass\u00e9 entre, d&rsquo;un c\u00f4t\u00e9, M. Mokhtar Trifi, pr\u00e9sident de la Ligue et de     l\u2019autre, M. Chedli Ben Youn\u00e8s, pr\u00e9sident de la section de la Ligue de     Montfleury, fusionn\u00e9e, l&rsquo;un de ceux qui avaient port\u00e9 l&rsquo;affaire devant la     justice pour annuler les fusions de sections, d\u00e9cid\u00e9es par le Comit\u00e9     Directeur de la Ligue et emp\u00eacher la tenue du 6\u00e8me congr\u00e8s, pr\u00e9vue     initialement en septembre 2005.<\/span><\/p>\n<p dir=\"ltr\"> <span lang=\"FR-CH\">M. Trifi et     M. Ben Younes ont expliqu\u00e9 leurs propositions respectives en ce qui concerne     cette crise, lors du colloque organis\u00e9, vendredi 8 d\u00e9cembre 2006, par le     Mouvement des D\u00e9mocrates Socialistes (MDS), sur les Droits de l&rsquo;Homme en     Tunisie.<\/span><\/p>\n<p dir=\"ltr\"> <span lang=\"FR-CH\">M. Trifi a     soulign\u00e9 que la Ligue et ses sections sont emp\u00each\u00e9es de tenir leurs     activit\u00e9s et que la crise ne peut \u00eatre r\u00e9solue qu&rsquo;\u00e0 travers un dialogue avec     les pouvoirs publics.<\/span><\/p>\n<p dir=\"ltr\"> <span lang=\"FR-CH\">En ce qui     concerne les fusions de sections, le pr\u00e9sident de la Ligue a d\u00e9clar\u00e9     qu&rsquo;elles avaient \u00e9t\u00e9 d\u00e9cid\u00e9es par \u00abla majorit\u00e9 des militants\u00bb et qu\u2019elles     entrent dans les pr\u00e9rogatives du Comit\u00e9 Directeur.<\/span><\/p>\n<p dir=\"ltr\"> <span lang=\"FR-CH\">Mais pour M.     Ben Youn\u00e8s, la crise est interne, et c&rsquo;est le Comit\u00e9 Directeur qui l&rsquo;a     provoqu\u00e9e en fusionnant des sections \u00abdans le but d&rsquo;exclure les militants     qui ne partagent pas sa ligne politique\u00bb. Et d\u2019ajouter : \u00abces fusions sont     ill\u00e9gales. Elles sont contre le r\u00e8glement int\u00e9rieur et le statut de la     Ligue. La crise sera r\u00e9solue quand le Comit\u00e9 Directeur reviendra sur sa     d\u00e9cision de fusion\u00bb.<\/span><\/p>\n<p dir=\"ltr\"> <span lang=\"FR-CH\">Apparemment,     chacun des protagonistes est rest\u00e9 sur ses positions. Mais c&rsquo;est d\u00e9j\u00e0 un     d\u00e9but de dialogue\u2026<\/span><\/p>\n<p dir=\"ltr\"> <span lang=\"FR-CH\">\u00a0<\/span><\/p>\n<p dir=\"ltr\"> <b> <span lang=\"FR-CH\">    (Source\u00a0: \u00ab\u00a0Le Journal\u00a0\u00bb, N\u00b0 53, le 16 d\u00e9cembre 2006)<\/span><\/b><\/p>\n<p dir=\"ltr\"> <b> <span lang=\"FR-CH\">    Lien: <\/span><span lang=\"FR-CH\"> <a href=\"http:\/\/www.gplcom.com\/journal\/fr\/article.php?article=960\" target=\"_blank\" rel=\"noopener\">    http:\/\/www.gplcom.com\/journal\/fr\/article.php?article=960<\/a><\/span><\/b><\/p>\n<p>\u00a0<\/p>\n<hr\/>\n<p>\u00a0<\/p>\n<p>    \u00a0<\/p>\n<p align=\"center\"> <b><span lang=\"FR-CH\"> <font size=\"3\">Cath\u00e9drale de Tunisie-Exposition<\/font><\/span><\/b><\/p>\n<p align=\"center\"> <b><span lang=\"FR-CH\"><font size=\"3\">    ADORER DIEU EN TUNISIE<\/font><\/span><\/b><\/p>\n<p> <b> <span lang=\"FR-CH\">    Par Faouzia LAKHAL<\/span><\/b><\/p>\n<p> <span lang=\"FR-CH\">\u00a0<\/span><\/p>\n<p> <span lang=\"FR-CH\">Sous le     patronage de M. Arturo Olivieri, ambassadeur d&rsquo;Italie, et avec la     collaboration de l&rsquo;association italienne \u00abAmici Del Prespio\u00bb, l&rsquo;Ev\u00eaque de     Tunis, M. Maroun Laham, et l&rsquo;Institut culturel italien \u00e0 Tunis, proposent au     grand public de toutes confessions confondues, une \u00abExposition     internationale des cr\u00e8ches\u00bb qui se poursuivra \u00e0 la cath\u00e9drale de Tunis, du     8\/12\/2006 au 6\/1\/2007.<\/span><\/p>\n<p> <span lang=\"FR-CH\">\u00a0<\/span><\/p>\n<p> <span lang=\"FR-CH\">Fond\u00e9e \u00e0 Rome     en 1953, cette exposition itin\u00e9rante favorise la connaissance et la     valorisation du th\u00e8me des cr\u00e8ches.<\/span><\/p>\n<p> <span lang=\"FR-CH\">\u00a0<\/span><\/p>\n<p> <span lang=\"FR-CH\">Dans la     religion chr\u00e9tienne, la cr\u00e8che est une mise en sc\u00e8ne de la Nativit\u00e9,     c&rsquo;est-\u00e0-dire la naissance de J\u00e9sus de Nazareth. Elle est toujours associ\u00e9e     aux f\u00eates de No\u00ebl.<\/span><\/p>\n<p> <span lang=\"FR-CH\">\u00a0<\/span><\/p>\n<p> <span lang=\"FR-CH\">C&rsquo;est     Fran\u00e7ois d&rsquo;Assise (saint fran\u00e7ais) qui a cr\u00e9\u00e9, en 1223, la premi\u00e8re cr\u00e8che     en utilisant des personnages r\u00e9els, dans son Eglise \u00e0 Gr\u00e9cchio, en Italie.     Petit \u00e0 petit, la coutume s&rsquo;est r\u00e9pandue. On a progressivement remplac\u00e9 les     personnes vivantes par des figurines en cire ou en terre cuite.<\/span><\/p>\n<p> <span lang=\"FR-CH\">\u00a0<\/span><\/p>\n<p> <span lang=\"FR-CH\">Aux XVIIIe et     XIXe si\u00e8cles, les cr\u00e8ches spectacles, parlantes, m\u00e9caniques et parfois mises     en sc\u00e8ne, se d\u00e9veloppent et rencontrent un vif succ\u00e8s en province, en     s&rsquo;enrichissant d&rsquo;une multiplicit\u00e9 de santons, petits saints et de fabuleux     mois mages.<\/span><\/p>\n<p> <span lang=\"FR-CH\">\u00a0<\/span><\/p>\n<p> <span lang=\"FR-CH\">Pour son     \u00e9minence Maroun Laham, \u00e9v\u00eaque de Tunis, \u00abla cr\u00e8che est une manifestation     culturelle de premier plan\u00bb. Dans l&rsquo;imaginaire de notre enfance, elle est     souvent li\u00e9e aux contes et \u00e0 l&rsquo;arbre de No\u00ebl. Il faut ajouter \u00e0 cela     l&rsquo;aspect artistique, car \u00abla fabrication\u00bb de la cr\u00e8che a \u00e9t\u00e9 l&rsquo;objet de     grands efforts au niveau de l&rsquo;art, surtout en Italie. Celui qui passe devant     une cr\u00e8che, quel qu&rsquo;il soit, ne peut pas s&#8217;emp\u00eacher de r\u00e9fl\u00e9chir \u00e0 plusieurs     valeurs qui d\u00e9passent tout credo religieux et rejoignent l&rsquo;homme dans son     \u00eatre le plus profond : les valeurs de la simplicit\u00e9, de la paix, du respect     des pauvres et du don de soi\u00bb.<\/span><\/p>\n<p> <span lang=\"FR-CH\">\u00a0<\/span><\/p>\n<p> <span lang=\"FR-CH\">Que l&rsquo;on soit     musulman, juif ou chr\u00e9tien, adorer Dieu en Tunisie est un immense bonheur     qui a rejailli sur Saint Augustin, La Ghriba, Sidi Boulbaba, Sidi Belhassen,     Sidi Mehrez, Sa\u00efda Manoubia et Sidi Bou Sa\u00efd.<\/span><\/p>\n<p> <span lang=\"FR-CH\">\u00a0<\/span><\/p>\n<p> <b> <span lang=\"FR-CH\">    (Source\u00a0: \u00ab\u00a0Le Journal\u00a0\u00bb, N\u00b0 53, le 16 d\u00e9cembre 2006)<\/span><\/b><\/p>\n<p> <b> <span lang=\"FR-CH\">    Lien: \u00a0<a href=\"http:\/\/www.gplcom.com\/journal\/fr\/article.php?article=958\" target=\"_blank\" rel=\"noopener\">http:\/\/www.gplcom.com\/journal\/fr\/article.php?article=958<\/a> <\/span><\/b><\/p>\n<hr\/>\n<p>\u00a0<\/p>\n<p> <b> <span lang=\"FR-CH\">    \u00a0<\/span><\/b><\/p>\n<p align=\"center\"> <b><span lang=\"FR-CH\"><font size=\"3\">    UN DECALAGE A COMBLER !<\/font><\/span><\/b><\/p>\n<p> <b> <span lang=\"FR-CH\">    Par Houcine BEN ACHOUR<\/span><\/b><\/p>\n<p> <span lang=\"FR-CH\">    \u00a0<\/span><\/p>\n<p> <span lang=\"FR-CH\">L\u2019Union     G\u00e9n\u00e9rale Tunisienne du Travail (UGTT) se d\u00e9partira-t-elle un jour de ses     vieux d\u00e9mons que sont la personnalisation \u00e0 outrance de son image. La     question m\u00e9rite une fois de plus d\u2019\u00eatre pos\u00e9e, d\u2019autant que les feux de     l\u2019actualit\u00e9 sont braqu\u00e9s, ces derniers temps, sur les pr\u00e9paratifs de son     congr\u00e8s et, depuis deux jours, sur les assises m\u00eames de la Centrale ouvri\u00e8re     tunisienne.<\/span><\/p>\n<p> <span lang=\"FR-CH\">\u00a0<\/span><\/p>\n<p> <span lang=\"FR-CH\">Au cours de     toute cette p\u00e9riode, les hypoth\u00e8ses sont all\u00e9es bon train, les sp\u00e9culations     aussi, et les tractations en coulisses bien \u00e9videmment. L\u2019UGTT ne d\u00e9roge pas     \u00e0 la r\u00e8gle g\u00e9n\u00e9rale inh\u00e9rente \u00e0 tout congr\u00e8s d\u2019une organisation nationale, a     fortiori de cette envergure. C\u2019est le monde du travail, la population des     salari\u00e9s qui est concern\u00e9e par ce rendez-vous quinquennal de leur structure     de repr\u00e9sentation.<\/span><\/p>\n<p> <span lang=\"FR-CH\">\u00a0<\/span><\/p>\n<p> <span lang=\"FR-CH\">Cependant,     force est de constater que les d\u00e9bats, qui ont parfois fait rage, qui par     moment \u00e9taient tendus, qui souvent \u00e9taient men\u00e9s en sous-main par les t\u00e9nors     de l\u2019organisation ouvri\u00e8re, n\u2019ont pas d\u00e9pass\u00e9 le cadre restreint, sinon     t\u00e9nu, du choix de telle ou telle personne \u00e0 faire partie de l\u2019organe     dirigeant qu\u2019est le Bureau Ex\u00e9cutif de la Centrale et du poste de Secr\u00e9taire     G\u00e9n\u00e9ral pour les 5 ann\u00e9es \u00e0 venir, alors que l\u2019on \u00e9tait en droit d\u2019attendre     plus qu\u2019esp\u00e9rer des syndicalistes un r\u00e9el d\u00e9bat sur la place de     l\u2019organisation dans l\u2019\u00e9chiquier politico-\u00e9conomique du pays, de sa vision     quant \u00e0 son r\u00f4le et sa contribution au d\u00e9veloppement socio\u00e9conomique du     pays, de son positionnement par rapport au choix de politique \u00e9conomique du     gouvernement. En clair, d\u2019un vrai d\u00e9bat sur la base d\u2019un programme syndical     qui \u00e9tablit les orientations majeures de la Centrale ouvri\u00e8re tunisienne.<\/span><\/p>\n<p> <span lang=\"FR-CH\">\u00a0<\/span><\/p>\n<p> <span lang=\"FR-CH\">Une telle     situation renvoie-t-elle \u00e0 une \u00e9volution ? Qu\u2019elle soit l\u00e9gitime ou pas, et     si tant est que le terme est appropri\u00e9, dans la mesure o\u00f9, manifestement, on     a fait du sur-place. En tout cas, de plus en plus nombreux sont ceux qui     d\u00e9sesp\u00e8rent de voir un jour l\u2019UGTT op\u00e9rer une v\u00e9ritable mue ; qu\u2019elle se     d\u00e9barrasse de ses carcans, de ses pr\u00e9jug\u00e9s, de ses luttes intestines, en     engageant une r\u00e9elle introspection salutaire.<\/span><\/p>\n<p> <span lang=\"FR-CH\">\u00a0<\/span><\/p>\n<p> <span lang=\"FR-CH\">Lors du     dernier Congr\u00e8s de Djerba, plusieurs observateurs et compagnons de route ont     tir\u00e9 la sonnette d\u2019alarme sur l\u2019affaiblissement possible sinon probable du     pouvoir de la Centrale syndicale sur l\u2019\u00e9chiquier politique du pays partant     d\u2019une lecture de la repr\u00e9sentativit\u00e9 socio\u00e9conomique du Bureau Ex\u00e9cutif dont     il fut issu. A l\u2019heure o\u00f9 le secteur priv\u00e9 a pris le pas sur le secteur     public dans la sph\u00e8re de production, le futur-ex B.E. se caract\u00e9risait par     une sur sur-repr\u00e9sentation du secteur public. En sera-t-il autrement apr\u00e8s     le congr\u00e8s de Monastir ? Rien n\u2019est moins s\u00fbr. Car si la r\u00e9partition     g\u00e9ographique des congressistes \u00e9pouse la cartographie socio\u00e9conomique du     pays, il en est autrement de la r\u00e9partition sectorielle. Plus de 80% des     congressistes sont issus du secteur public, entreprises nationales,     administration et fonction publique confondues. Il en est de m\u00eame des     candidats \u00e0 l\u2019\u00e9lection du prochain B.E. Enfin, sur les 55 candidats \u00e0     l\u2019\u00e9lection au B.E., on ne compte que 5 femmes. Combien en restera-t-il \u00e0     l\u2019arriv\u00e9e ?<\/span><\/p>\n<p> <span lang=\"FR-CH\">\u00a0<\/span><\/p>\n<p> <span lang=\"FR-CH\">A l\u2019\u00e9vidence,     ce que l\u2019on avait craint il y 5 ans, va perdurer, et le d\u00e9calage de     repr\u00e9sentation se creuser davantage. Un aussi p\u00e9rilleux processus ne peut     que rendre d\u00e9risoire la bataille de l\u2019\u00e9lection au Bureau Ex\u00e9cutif, dans la     mesure o\u00f9 la plus haute instance de l\u2019Organisation syndicale ne g\u00e9rerait     qu\u2019une coquille vide. Un d\u00e9calage qu\u2019il est indispensable de combler d\u2019ici     le prochain congr\u00e8s de l\u2019UGTT, sous peine de se retrouver \u00about\u00bb d\u2019ici     quelques ann\u00e9es.<\/span><\/p>\n<p> <span lang=\"FR-CH\">\u00a0<\/span><\/p>\n<p> <b> <span lang=\"FR-CH\">    (Source\u00a0: \u00ab\u00a0Le Journal\u00a0\u00bb, N\u00b0 53, le 16 d\u00e9cembre 2006)<\/span><\/b><\/p>\n<p> <b> <span lang=\"FR-CH\">    Lien\u00a0:\u00a0 <a href=\"http:\/\/www.gplcom.com\/journal\/fr\/index.php?gpl=53\" target=\"_blank\" rel=\"noopener\">    http:\/\/www.gplcom.com\/journal\/fr\/index.php?gpl=53<\/a> <\/span><\/b><\/p>\n<hr\/>\n<p>\u00a0<\/p>\n<p> <b> <span lang=\"FR-CH\">    \u00a0<\/span><\/b><\/p>\n<p align=\"center\"> <b><span lang=\"FR-CH\"> <font size=\"3\">4\u00e8me congr\u00e8s du PDP<\/font><\/span><\/b><\/p>\n<p align=\"center\"> <b><span lang=\"FR-CH\"><font size=\"3\">    UNE FEMME POUR \u00abSAUVER L\u2019UNITE\u00bb<\/font><\/span><\/b><\/p>\n<p> <b> <span lang=\"FR-CH\">    Par Ely\u00e8s BEN SAAD<\/span><\/b><\/p>\n<p> <span lang=\"FR-CH\">\u00a0<\/span><\/p>\n<p> <span lang=\"FR-CH\">Le congr\u00e8s du     Parti D\u00e9mocratique Progressiste (PDP) qui se tiendra du 22 au 24 courant     s\u2019annonce extr\u00eamement chaud. C\u2019est que la nouvelle ligne politique de cette     formation d\u2019opposition divise profond\u00e9ment les militants. Mme Maya Jribi,     candidate au secr\u00e9tariat g\u00e9n\u00e9ral pourra-t-elle symboliser l\u2019unit\u00e9 ?<\/span><\/p>\n<p> <span lang=\"FR-CH\">\u00a0<\/span><\/p>\n<p> <span lang=\"FR-CH\">Le fondateur     du Rassemblement Socialiste Progressiste, formation d\u2019opposition qui a vu le     jour au d\u00e9but des ann\u00e9es 80, avant d\u2019\u00eatre rebaptis\u00e9e, en juin 2001, Parti     D\u00e9mocratique Progressiste, M. Ahmed N\u00e9jib Chebbi, a r\u00e9it\u00e9r\u00e9 son attachement     \u00e0 ne pas \u00eatre candidat \u00e0 sa propre succession. \u00abIl est grand temps de passer     le t\u00e9moin aux jeunes cadres. Je resterai un militant ou peut-\u00eatre un membre     du Bureau Politique\u00bb, a-t-il affirm\u00e9 lors d\u2019une conf\u00e9rence de presse qu\u2019il a     tenue, lundi dernier, au si\u00e8ge du parti. Autant dire que le prochain congr\u00e8s     du parti sera marqu\u00e9 par l\u2019alternance. \u00abLe changement qui va s\u2019op\u00e9rer \u00e0 la     t\u00eate de notre parti sera l\u2019enjeu principal du congr\u00e8s\u00bb, a not\u00e9 cet avocat     qui a pass\u00e9 pr\u00e8s d\u2019un quart de si\u00e8cle aux commandes de cette formation qui a     creus\u00e9 son sillon \u00e0 l\u2019extr\u00eame gauche.<\/span><\/p>\n<p> <span lang=\"FR-CH\">\u00a0<\/span><\/p>\n<p> <span lang=\"FR-CH\">Les     observateurs, peu habitu\u00e9s au \u00abd\u00e9part volontaire\u00bb des leaders des partis de     l\u2019opposition (seuls Ahmed Mestiri et Mohamed Belhadj Amor, anciens     secr\u00e9taires g\u00e9n\u00e9raux respectifs du MDS et du PUP, se sont jusqu\u2019ici d\u00e9sist\u00e9s     de leur propre gr\u00e9), estiment encore qu\u2019il s\u2019agit d\u2019une man\u0153uvre. A leurs     yeux, Chebbi ne cherche qu\u2019un coup m\u00e9diatique. L\u2019argument sur lequel ils     appuient leur th\u00e8se est que seul le fondateur de ce parti regroupant des     antagonistes id\u00e9ologiques, est capable de pr\u00e9server son unit\u00e9 tr\u00e8s pr\u00e9caire.     D\u2019autres ne remettent plus en question le retrait de Chebbi qui veut, selon     toute vraisemblance, se concentrer sur les \u00e9ch\u00e9ances de 2009 alors qu\u2019une     partie de ses d\u00e9tracteurs laisse entendre qu\u2019il se d\u00e9siste pour des raisons     de sant\u00e9 sous le couvert de l\u2019alternance.<\/span><\/p>\n<p> <span lang=\"FR-CH\">\u00a0<\/span><\/p>\n<p> <span lang=\"FR-CH\">Quoi qu\u2019il en     soit, cette alternance annonc\u00e9e ne passera certainement pas inaper\u00e7ue au vu     de ses retomb\u00e9es sur le parti, ainsi que sur la sc\u00e8ne politique nationale. A     preuve, depuis quelques mois, la vie au sein du PDP est loin d\u2019\u00eatre un long     fleuve tranquille. Une question taraude l\u2019esprit les militants : Qui     pourrait succ\u00e9der au secr\u00e9taire g\u00e9n\u00e9ral ? Deux membres du Bureau Politique     avaient annonc\u00e9 leur candidature, en l\u2019occurrence Maya Jeribi et Mohamed     Goumani. Aux derni\u00e8res nouvelles, ce dernier s\u2019est retir\u00e9 sur fond de     divergences profondes entre les diff\u00e9rents courants sur la ligne politique \u00e0     adopter. Le parti de M. Chebbi constitue, depuis son congr\u00e8s qui s\u2019est tenu     en juin 2001, une mosa\u00efque de sensibilit\u00e9s id\u00e9ologiquement contradictoires.    <\/span><\/p>\n<p> <span lang=\"FR-CH\">\u00a0<\/span><\/p>\n<p> <span lang=\"FR-CH\">On y trouve,     aux c\u00f4t\u00e9s de militants de gauche, qui ont form\u00e9 le premier noyau du parti     des nationalistes arabes, des marxistes du groupe de \u00abla v\u00e9rit\u00e9\u00bb et des     islamisants issus de la tendance appel\u00e9e les \u00abislamistes progressistes\u00bb.\u00a0     Chebbi a \u00e9t\u00e9 \u00e9galement l\u2019un des principaux artisans du \u00abMouvement du 18     octobre pour les droits et les libert\u00e9s\u00bb, une alliance souvent pr\u00e9sent\u00e9e     comme \u00abcontre-nature\u00bb entre la gauche et les islamistes. <\/span><\/p>\n<p> <span lang=\"FR-CH\">\u00a0<\/span><\/p>\n<p> <span lang=\"FR-CH\">Le congr\u00e8s     sera, de ce fait, marqu\u00e9 par un d\u00e9bat chaud sur l\u2019identit\u00e9 du parti, et ses     rapports avec le pouvoir et la soci\u00e9t\u00e9 civile. Reste d\u00e9sormais \u00e0 savoir si     ce \u00abparricide programm\u00e9\u00bb influera sur le positionnement de cette formation     d\u2019opposition sur l\u2019\u00e9chiquier politique national ? Wait and see&#8230;<\/span><\/p>\n<p> <span lang=\"FR-CH\">\u00a0<\/span><\/p>\n<p> <b> <span lang=\"FR-CH\">    (Source\u00a0: \u00ab\u00a0Le Journal\u00a0\u00bb, N\u00b0 53, le 16 d\u00e9cembre 2006)<\/span><\/b><\/p>\n<p> <b> <span lang=\"FR-CH\">    Lien\u00a0:\u00a0    <a href=\"http:\/\/www.gplcom.com\/journal\/fr\/article.php?article=957&amp;gpl=53\" target=\"_blank\" rel=\"noopener\">    http:\/\/www.gplcom.com\/journal\/fr\/article.php?article=957&amp;gpl=53<\/a> <\/span><\/b><\/p>\n<hr\/>\n<p>\u00a0<\/p>\n<p> <b> <span lang=\"FR-CH\">    \u00a0<\/span><\/b><\/p>\n<p align=\"center\"> <b><span lang=\"FR-CH\"><font size=\"3\">    LE REGIONALISME, \u00c7A SE SOIGNE<\/font><\/span><\/b><\/p>\n<p> <b> <span lang=\"FR-CH\">    Par Hella HABIB<\/span><\/b><\/p>\n<p> <span lang=\"FR-CH\">\u00a0<\/span><\/p>\n<p> <span lang=\"FR-CH\">Depuis     l\u2019ind\u00e9pendance, certaines r\u00e9gions du pays divinement bien loties par leur     emplacement et un climat r\u00e9gul\u00e9 par la proximit\u00e9 de la mer, se sont vues     dot\u00e9es d\u2019une supr\u00e9matie r\u00e9gionale et plus tard nationale. C\u2019est normal, des     familles ais\u00e9es avaient les moyens et l\u2019ouverture d\u2019esprit pour d\u00e9p\u00eacher     leurs fils \u00e0 l\u2019\u00e9cole, n\u2019\u00e9tant pas dans l\u2019obligation \u00e0 leur tour, de     travailler la terre ou en mer pour assurer la survie de la famille.<\/span><\/p>\n<p> <span lang=\"FR-CH\">\u00a0<\/span><\/p>\n<p> <span lang=\"FR-CH\">Ces fils     instruits et prodiges pour certains, ont \u00e9t\u00e9 reconnaissants \u00e0 leurs parents     proches et \u00e9loign\u00e9s, \u00e0 leur ville, village, bourg ou bourgade.<\/span><\/p>\n<p> <span lang=\"FR-CH\">\u00a0<\/span><\/p>\n<p> <span lang=\"FR-CH\">De fait, ces     contr\u00e9es, d\u00e9j\u00e0 servies par la pluie et le beau temps, ont continu\u00e9 \u00e0     procr\u00e9er des virtuoses qui ont su \u00e0 leur tour \u00eatre reconnaissants. C\u2019est une     cha\u00eene ind\u00e9montable, bien agenc\u00e9e et huil\u00e9e, attribuant \u00e0 des r\u00e9gions du     pays plus qu\u2019\u00e0 d\u2019autres, moins fertiles, des ordres de grandeur remettant     des bilans d\u2019opulence et de prosp\u00e9rit\u00e9 aux hommes et \u00e0 leurs provinces.<\/span><\/p>\n<p> <span lang=\"FR-CH\">\u00a0<\/span><\/p>\n<p> <span lang=\"FR-CH\">Pourtant, cet     essor des r\u00e9gions b\u00e9n\u00e9fique \u00e0 bien des \u00e9gards, a \u00e9t\u00e9 sournoisement d\u00e9natur\u00e9     au fil des ann\u00e9es pour devenir un esprit de clanisme exacerb\u00e9, centralis\u00e9     dans la capitale, tangible dans les administrations, les banques et le monde     des affaires.<\/span><\/p>\n<p> <span lang=\"FR-CH\">\u00a0<\/span><\/p>\n<p> <span lang=\"FR-CH\">Ainsi, une     banque porte l\u2019empreinte d\u2019une r\u00e9gion, d\u2019une ville, elle canalise les     comptes mais aussi les cr\u00e9dits en faveur des uns, au d\u00e9triment des autres.     Dans la m\u00eame administration ou minist\u00e8re, des fronts r\u00e9gionaux constituent     des forces de frappe redoutables ou des appuis puissants pour les leurs.     Aussi, il est facile de rep\u00e9rer, dans tel d\u00e9partement, des vagues de     recrutement sp\u00e9cifiques \u00e0 une r\u00e9gion pr\u00e9cise pendant le \u00abr\u00e8gne\u00bb d\u2019un     responsable originaire de la r\u00e9gion en question.<\/span><\/p>\n<p> <span lang=\"FR-CH\">\u00a0<\/span><\/p>\n<p> <span lang=\"FR-CH\">Les     cons\u00e9quences n\u00e9fastes de ce lotissement domanial, moral et financier, ne se     comptent pas. La Tunisie, petit pays ensoleill\u00e9, r\u00e9put\u00e9 pour l\u2019intelligence     de ses habitants, s\u2019est fractionn\u00e9, morcel\u00e9 ind\u00e9finiment, au point de     troubler sa coh\u00e9sion et d\u00e9velopper en son sein des haines fratricides,     nuisibles \u00e0 l\u2019\u00e9volution des affaires, et au climat social et \u00e0     l\u2019authenticit\u00e9 de l\u2019ensemble du pays.<\/span><\/p>\n<p> <span lang=\"FR-CH\">\u00a0<\/span><\/p>\n<p> <span lang=\"FR-CH\">D\u2019o\u00f9, l\u2019une     des questions habituelles que l\u2019on se pose entre Tunisiens : \u00abTu viens d\u2019o\u00f9\u00bb     pour savoir si un tel est \u00aboueld bled\u00bb ou non. Pourtant \u00abbled\u00bb signifie par     la s\u00e9mantique neutre du vocable : pays. Une information d\u00e9cisive pour une     relation qui peut se d\u00e9velopper ou s\u2019arr\u00eater net, si par malheur cette     fra\u00eeche connaissance est originaire d\u2019une ville ou d\u2019une r\u00e9gion \u00abrivale\u00bb.<\/span><\/p>\n<p> <span lang=\"FR-CH\">\u00a0<\/span><\/p>\n<p> <span lang=\"FR-CH\">L\u2019esprit de     nationalisme identitaire s\u2019est \u00e9tiol\u00e9, et l\u2019on ne se souvient que tr\u00e8s     rarement qu\u2019on est tous Tunisiens, sinon \u00e0 l\u2019occasion des matchs de football     disput\u00e9s par nos \u00abnationaux\u00bb.<\/span><\/p>\n<p> <span lang=\"FR-CH\">\u00a0<\/span><\/p>\n<p> <span lang=\"FR-CH\">Pour     l\u2019anecdote, certains de nos compatriotes \u00e0 l\u2019\u00e9tranger, et c\u2019est du v\u00e9cu,     citent leur ville plut\u00f4t que leur pays d\u2019origine, la Tunisie.<\/span><\/p>\n<p> <span lang=\"FR-CH\">\u00a0<\/span><\/p>\n<p> <span lang=\"FR-CH\">Quant au     salut du drapeau effectu\u00e9 par nos petits tunisiens, tous les matins, \u00e0     l\u2019\u00e9cole, il repr\u00e9sente un effort louable, quoique contraignant quand il fait     froid, et r\u00e9p\u00e9titif, donc pouvant perdre de son int\u00e9r\u00eat.<\/span><\/p>\n<p> <span lang=\"FR-CH\">\u00a0<\/span><\/p>\n<p> <span lang=\"FR-CH\">Dot\u00e9e     pourtant de plusieurs atouts, la Tunisie, avec ses Tunisiens, a tout pour     \u00eatre parfaitement unie : pas de diversit\u00e9 de religion ni de disparit\u00e9     ethnique, pas de conflit historique entre r\u00e9gions, pas de convoitise     notable\u2026 Il serait donc grand temps, apr\u00e8s un demi si\u00e8cle qui a vu le     r\u00e9gionalisme s\u2019enraciner dans la pratique quotidienne pour prendre de nos     jours des proportions dangereuses, que l\u2019on songe \u00e0 l\u2019\u00e9radiquer tout     bonnement. Et d\u2019abord, \u00e0 travers une prise de conscience largement partag\u00e9e.<\/span><\/p>\n<p> <b> <span lang=\"FR-CH\">    \u00a0<\/span><\/b><\/p>\n<p> <b> <span lang=\"FR-CH\">    (Source\u00a0: \u00ab\u00a0Le Journal\u00a0\u00bb, N\u00b0 53, le 16 d\u00e9cembre 2006)<\/span><\/b><\/p>\n<p> <b> <span lang=\"FR-CH\">    Lien\u00a0:    <a href=\"http:\/\/www.gplcom.com\/journal\/fr\/article.php?article=975&amp;gpl=53\" target=\"_blank\" rel=\"noopener\">    http:\/\/www.gplcom.com\/journal\/fr\/article.php?article=975&amp;gpl=53<\/a> <\/span><\/b><\/p>\n<hr\/>\n<p>\u00a0<\/p>\n<p> <b> <span lang=\"FR-CH\">    \u00a0<\/span><\/b><\/p>\n<p align=\"center\"> <b> <span lang=\"FR-CH\">    Le professeur Bertran Auvert, sp\u00e9cialiste du VIH, commente deux \u00e9tudes     am\u00e9ricaines sur les effets b\u00e9n\u00e9fiques de cette pratique.<\/span><\/b><\/p>\n<p align=\"center\"> <b> <span lang=\"FR-CH\">    \u00abFace au sida, il faut faciliter la circoncision en Afrique\u00bb<\/span><\/b><\/p>\n<p> <b> <span lang=\"FR-CH\">    Par Eric FAVEREAU<\/span><\/b><\/p>\n<p> <span lang=\"FR-CH\">\u00a0<\/span><\/p>\n<p> <span lang=\"FR-CH\">Le professeur     Bertran Auvert avait \u00e9t\u00e9 un des premiers chercheurs \u00e0 entreprendre sous     l&rsquo;\u00e9gide de l&rsquo;ANRS (Agence nationale de recherches sur le sida) des \u00e9tudes     sur les effets \u00e9ventuellement protecteurs de la circoncision vis-\u00e0-vis du     sida. Dont l&rsquo;une, pr\u00e9sent\u00e9e \u00e0 Rio en 2005, a montr\u00e9 un impact b\u00e9n\u00e9fique     \u00e9vident. Deux \u00e9tudes am\u00e9ricaines rendues publiques mercredi confirment ces     r\u00e9sultats. D&rsquo;Afrique du Sud, o\u00f9 il est en train de mener des politiques de     sensibilisation \u00e0 la circoncision, le Pr Auvert en dessine les perspectives.<\/span><\/p>\n<p> <span lang=\"FR-CH\">\u00a0<\/span><\/p>\n<p> <b><span lang=\"FR-CH\">Les \u00e9tudes     effectu\u00e9es au Kenya et en Ouganda par les National Institutes of Health     (NIH) apportent-elles des \u00e9l\u00e9ments nouveaux ? <\/span><\/b><\/p>\n<p> <span lang=\"FR-CH\">Elles     confirment nos travaux qui montraient que, en Afrique du Sud, entre deux     groupes d&rsquo;hommes \u00ad l&rsquo;un circoncis, l&rsquo;autre pas \u00ad, il y avait une diff\u00e9rence     de 60 % de taux de contamination du sida. L\u00e0, c&rsquo;est du m\u00eame ordre. Au Kenya,     ils ont pris un groupe de pr\u00e8s de 3 000 hommes, entre 18 et 24 ans,     volontaires bien s\u00fbr. Ils leur ont propos\u00e9 \u00e0 tous une circoncision, faite     dans de bonnes conditions. Pour la moiti\u00e9 d&rsquo;entre eux, ils la pratiquaient     tout de suite, et pour l&rsquo;autre moiti\u00e9, deux ans plus tard. Tr\u00e8s vite, ils     ont pu noter des diff\u00e9rences fortes : dans le groupe circoncis, on est     arriv\u00e9 \u00e0 40 % de contaminations par le VIH en moins. M\u00eame chose en Ouganda.     Et ce n&rsquo;est pas une surprise.<\/span><\/p>\n<p> <span lang=\"FR-CH\">\u00a0<\/span><\/p>\n<p> <b><span lang=\"FR-CH\">Pourquoi ?    <\/span><\/b><\/p>\n<p> <span lang=\"FR-CH\">C&rsquo;est ce que     l&rsquo;on voit sur tout le continent africain. Dans les pays o\u00f9 les hommes sont     circoncis \u00e0 plus de 90 %, le taux de pr\u00e9valence du sida est toujours faible,     moins de 5 %, que le pays soit musulman ou non : au B\u00e9nin, au S\u00e9n\u00e9gal, au     Cameroun, mais aussi dans la r\u00e9publique du Congo, alors que ce dernier pays,     en d\u00e9pit de la guerre, traversait une phase \u00e0 hauts risques \u00e9pid\u00e9miques. A     l&rsquo;inverse, quand vous regardez les pays d&rsquo;Afrique australe et ceux d&rsquo;Afrique     de l&rsquo;Est, o\u00f9 les taux de circoncision sont tr\u00e8s faibles, vous avez une     pr\u00e9valence du sida tr\u00e8s forte.<\/span><\/p>\n<p> <span lang=\"FR-CH\">\u00a0<\/span><\/p>\n<p> <b><span lang=\"FR-CH\">Pourquoi     la circoncision se r\u00e9v\u00e8le-t-elle protectrice ?<\/span><\/b><\/p>\n<p> <span lang=\"FR-CH\">Cette     efficacit\u00e9 n&rsquo;a pas d&rsquo;explications certaines, mais nous avons des hypoth\u00e8ses     fortes. D&rsquo;abord, la face interne du pr\u00e9puce est une muqueuse tr\u00e8s fine, tr\u00e8s     perm\u00e9able, en particulier au niveau du syst\u00e8me immunitaire. Cette face     interne peut r\u00e9cup\u00e9rer et retenir le VIH, contenu dans les s\u00e9cr\u00e9tions     vaginales. Cette face interne du pr\u00e9puce, qui est l\u00e0 pour prot\u00e9ger le gland,     peut fonctionner comme une porte d&rsquo;entr\u00e9e pour le virus. Deuxi\u00e8me facteur :     un p\u00e9nis circoncis s\u00e8che tr\u00e8s rapidement apr\u00e8s un rapport sexuel, or le VIH     est fragile \u00e0 la dessiccation, c&rsquo;est-\u00e0-dire \u00e0 la s\u00e9cheresse. En revanche,     sur un p\u00e9nis non circoncis, il y a un espace interne qui reste assez     longtemps humide. Enfin, il y a d&rsquo;autres explications, un pr\u00e9puce peut avoir     des ulc\u00e9rations g\u00e9nitales&#8230;<\/span><\/p>\n<p> <span lang=\"FR-CH\">\u00a0<\/span><\/p>\n<p> <b><span lang=\"FR-CH\">Pour vous,     il n&rsquo;y a maintenant plus de doutes&#8230;<\/span><\/b><\/p>\n<p> <span lang=\"FR-CH\">Aucun. Les     organismes internationaux comme l&rsquo;OMS et l&rsquo;Onusida attendaient tous les     r\u00e9sultats des \u00e9tudes am\u00e9ricaines pour \u00e9laborer des recommandations en termes     de politique de pr\u00e9vention. Mais soyons clairs, cela ne concerne que     l&rsquo;Afrique, car ce qui vient d&rsquo;\u00eatre d\u00e9montr\u00e9, c&rsquo;est que dans des pays de     fortes pr\u00e9valences, avec une \u00e9pid\u00e9mie de sida essentiellement h\u00e9t\u00e9rosexuel,     la circoncision pour l&rsquo;homme est efficace. C&rsquo;est peut-\u00eatre diff\u00e9rent en     Asie, ou dans des pays o\u00f9 le risque de transmission est li\u00e9 \u00e0 des     comportements homosexuels, car l\u00e0 on n&rsquo;a pas de donn\u00e9es.<\/span><\/p>\n<p> <span lang=\"FR-CH\">\u00a0<\/span><\/p>\n<p> <b><span lang=\"FR-CH\">Faut-il     aller, d\u00e9sormais, vers des campagnes massives de circoncision ? <\/span><\/b> <\/p>\n<p> <span lang=\"FR-CH\">Il faut agir.     Il faut rendre la circoncision, gratuite, accessible \u00e0 tous, et ce, dans des     conditions d&rsquo;hygi\u00e8ne correctes. Et il faut en faire la promotion. C&rsquo;est     comme si vous veniez de d\u00e9couvrir que le pr\u00e9servatif \u00e9tait protecteur du VIH     et que vous n&rsquo;en faisiez pas la promotion.<\/span><\/p>\n<p> <span lang=\"FR-CH\">\u00a0<\/span><\/p>\n<p> <b><span lang=\"FR-CH\">Il n&rsquo;y a     pas des risques de d\u00e9rapage ? <\/span><\/b><\/p>\n<p> <span lang=\"FR-CH\">Certains     craignent que les hommes circoncis se sentent trop prot\u00e9g\u00e9s et donc     augmentent leurs prises de risques. D&rsquo;autres \u00e9voquent des demandes massives     de circoncision dans des pays o\u00f9 les syst\u00e8mes de sant\u00e9 ne seraient pas \u00e0     m\u00eame de les pratiquer dans de bonnes conditions. Bien s\u00fbr, il faut expliquer     que la circoncision n&rsquo;est que partiellement protectrice. Cela \u00e9tant, je ne     crois pas que des hommes adultes qui demandent \u00e0 \u00eatre circoncis \u00ad ce qui     n&rsquo;est pas rien \u00ad, et donc des hommes qui font une d\u00e9marche de pr\u00e9vention, se     laissent aller ensuite \u00e0 une succession de conduites \u00e0 risques. Mais ce sont     des points \u00e0 surveiller.<\/span><\/p>\n<p> <span lang=\"FR-CH\">\u00a0<\/span><\/p>\n<p> <b> <span lang=\"FR-CH\">    (Source\u00a0: \u00ab\u00a0Lib\u00e9ration\u00a0\u00bb (France), le 15 d\u00e9cembre 2006)<\/span><\/b><\/p>\n<p> <span lang=\"FR-CH\"> <strong>Lien\u00a0: <\/strong> <a href=\"http:\/\/www.liberation.fr\/actualite\/terre\/223404.FR.php\" target=\"_blank\" rel=\"noopener\"><strong>    http:\/\/www.liberation.fr\/actualite\/terre\/223404.FR.php<\/strong><\/a><\/span><\/p>\n<\/div>\n<div>    \u00a0<\/div>\n<div>    \u00a0<\/div>\n<div>\n<hr\/><\/div>\n<h2 align=\"center\" style=\"color: red;\">\n<h2 style=\"color: red;\"><font size=\"3\">Telling it like it is<\/font><\/h2>\n<\/h2>\n<p><font size=\"2\">Jimmy Carter has criticised Israel, but   to accuse him of anti-semitism is so outrageous as to be laughable.<\/font> \u00a0<\/p>\n<p><font size=\"2\"> <a href=\"http:\/\/commentisfree.guardian.co.uk\/soumaya_ghannoushi\/profile.html\" target=\"_blank\" rel=\"noopener\"> <strong>Soumaya Ghannoushi<\/strong><\/a><\/font><\/p>\n<p align=\"justify\"><font size=\"2\">Responses to Jimmy Carter&rsquo;s bestselling book   Palestine: Peace Not Apartheid have varied between indifference and knee-jerk   accusations of anti-semitism. Writing in the Los Angeles Times, Carter <\/font> <a href=\"http:\/\/www.latimes.com\/news\/opinion\/commentary\/la-oe-carter8dec08,0,7999232.story?coll=la-home-commentary\" target=\"_blank\" rel=\"noopener\"> <font size=\"2\">said<\/font><\/a><font size=\"2\">: \u00ab\u00a0For the last   30 years, I have witnessed and experienced the severe restraints on any free   and balanced discussion of the facts &#8230; It would be almost politically   suicidal for members of Congress to espouse a balanced position between Israel   and Palestine, to suggest that Israel comply with international law or to   speak in defence of justice or human rights for Palestinians.\u00a0\u00bb<\/font><\/p>\n<p align=\"justify\"> <a href=\"http:\/\/blog.washingtonpost.com\/worldopinionroundup\/2006\/12\/jimmy_carter_palestinian_sympa.html\" target=\"_blank\" rel=\"noopener\"> <font size=\"2\">Responses<\/font><\/a><font size=\"2\"> to Carter&rsquo;s   book are quite revealing. On the one hand, they show the extent to which   Israel has become an untouchable political taboo, beyond criticism or   condemnation. On the other, they illustrate the way in which charges of   anti-semitism are exploited to silence all critical views of Israeli policies.  <\/font><a href=\"http:\/\/news.bbc.co.uk\/1\/hi\/world\/americas\/2296467.stm\" target=\"_blank\" rel=\"noopener\"> <font size=\"2\">Carter<\/font><\/a><font size=\"2\"> is neither the   far-right politician <\/font> <a href=\"http:\/\/www.guardian.co.uk\/france\/story\/0,,1389231,00.html\" target=\"_blank\" rel=\"noopener\"> <font size=\"2\">Jean-Marie Le Pen<\/font><\/a><font size=\"2\">,   nor the revolutionary <\/font> <a href=\"http:\/\/www.guardian.co.uk\/international\/story\/0,,1924568,00.html\" target=\"_blank\" rel=\"noopener\"> <font size=\"2\">Hugo Ch\u00e1vez<\/font><\/a><font size=\"2\">, nor   indeed is he Iran&rsquo;s radical president <\/font> <a href=\"http:\/\/www.guardian.co.uk\/international\/story\/0,,1970659,00.html\" target=\"_blank\" rel=\"noopener\"> <font size=\"2\">Mahmoud Ahmadinejad<\/font><\/a><font size=\"2\">.   He is neither a politician of the right nor of the left, but a centre liberal,   under whose presidency the Camp David Accords, the peace agreement between   Israel and Egypt, were <\/font> <a href=\"http:\/\/en.wikipedia.org\/wiki\/Camp_David_Accords_(1978)\" target=\"_blank\" rel=\"noopener\"> <font size=\"2\">signed<\/font><\/a><font size=\"2\">. To accuse him   of anti-Israel bias, as many Democrats fearful of the powerful pro-Israel   lobby have been doing, or of anti-semitism is so outrageous as to be   laughable. <\/font><\/p>\n<p align=\"justify\"><font size=\"2\">The truth is that the problem does not lie   with what Carter has written, but with the political and <\/font> <a href=\"http:\/\/www.newshounds.us\/2006\/12\/09\/fox_news_launches_jihad_against_jimmy_carter_and_his_new_book.php\" target=\"_blank\" rel=\"noopener\"> <font size=\"2\">media<\/font><\/a><font size=\"2\"> discourse   dominant in the US, which equates all criticism of Israel with anti-semitism,   with all the consequences that entails for the accused. In Carter&rsquo;s words,   criticism of Israel is political suicide. In their detailed study of the power   of the Israel lobby, <\/font><a href=\"http:\/\/mearsheimer.uchicago.edu\/\" target=\"_blank\" rel=\"noopener\"> <font size=\"2\">Mearsheimer<\/font><\/a><font size=\"2\"> and  <\/font><a href=\"http:\/\/ksgfaculty.harvard.edu\/Stephen_Walt\" target=\"_blank\" rel=\"noopener\"> <font size=\"2\">Walt<\/font><\/a><font size=\"2\"> note: \u00ab\u00a0Anyone   who criticises Israel&rsquo;s actions or argues that pro-Israel groups have   significant influence over US Middle Eastern policy stands a good chance of   being labelled an anti-semite &#8230; in other words, criticise Israeli policy and   you are by definition an anti-semite.\u00a0\u00bb <\/font><\/p>\n<p align=\"justify\"><font size=\"2\">Sadly, Carter&rsquo;s talk of Israeli apartheid is   not grounded in fantasies nor in conspiracy theories, but in the facts on the   ground. Reading the critics, one would have thought that Israel&rsquo;s occupation   of Palestinian land, the transformation of its people into refugees, the   roadblocks and the apartheid wall, which annexes 50% of the West Bank, tearing   Palestinian towns and villages apart and destroying the lives of thousands of   Palestinians, were all figments of Carter&rsquo;s imagination. In the 18 communities   hemmed into an enclave in the Tulkarem district, for instance, the illegal   separation wall and military closures have made it impossible for residents to   travel, bringing the unemployment rate up from 18% in 2000 to an estimated 78%   in the spring of 2003. <\/font><\/p>\n<p align=\"justify\"><font size=\"2\">In Qalqiliya, where the wall hermitically   seals the city with one Israeli military controlled checkpoint, nearly 10% of   the 42,000 residents have been forced to leave their homes. Carter was   certainly not exaggerating when he said that Israeli policy in the Palestinian   territories represented instances of apartheid worse even that those that once   held sway in <\/font> <a href=\"http:\/\/news.bbc.co.uk\/onthisday\/hi\/witness\/february\/2\/newsid_4206000\/4206159.stm\" target=\"_blank\" rel=\"noopener\"> <font size=\"2\">South Africa<\/font><\/a><font size=\"2\">. <\/font> <\/p>\n<p align=\"justify\"><font size=\"2\">His observations are shared by many of those   who have experienced the horrors of apartheid rule first-hand and who have   fought for years to bring it to an end. Desmond Tutu, who the Israelis have   this week <\/font> <a href=\"http:\/\/za.today.reuters.com\/news\/NewsArticle.aspx?type=topNews&amp;storyID=2006-12-11T140457Z_01_BAN133994_RTRIDST_0_OZATP-PALESTINIANS-ISRAEL-TUTU-20061211.XML\" target=\"_blank\" rel=\"noopener\"> <font size=\"2\">denied<\/font><\/a><font size=\"2\"> entry to the   Palestinian territories to investigate last month&rsquo;s Beit Hanoun <\/font> <a href=\"http:\/\/news.bbc.co.uk\/1\/hi\/world\/middle_east\/6127250.stm\" target=\"_blank\" rel=\"noopener\"> <font size=\"2\">massacre<\/font><\/a><font size=\"2\">, says:  <\/font><\/p>\n<p align=\"justify\">\u00a0<\/p>\n<blockquote>\n<div align=\"justify\"> <b><font size=\"2\">\u00ab\u00a0I&rsquo;ve been very deeply distressed in my visit to the       Holy Land; it reminded me so much of what happened to us black people in       South Africa. I have seen the humiliation of the Palestinians at       checkpoints and roadblocks, suffering like us when young white police       officers prevented us from moving about.\u00a0\u00bb<\/font><\/b><\/div>\n<\/blockquote>\n<p align=\"justify\">\u00a0<\/p>\n<p align=\"justify\"><font size=\"2\">Moral and political responsibility requires   us to call things by their names, regardless of the cost this may carry.   Israel&rsquo;s treatment of Palestinians is comparable to, if not worse than, what   South Africa&rsquo;s black people had suffered at the hands of the white ruling   minority. We must draw a clear line of distinction between criticism of   Israel, its oppressive and discriminatory policies against Palestinians, and   anti-semitism. Hatred and incitement to hatred of any race, or creed is <\/font> <a href=\"http:\/\/www.guardian.co.uk\/comment\/story\/0,,1946290,00.html\" target=\"_blank\" rel=\"noopener\"> <font size=\"2\">morally deplorable<\/font><\/a><font size=\"2\">   and must be confronted openly and firmly. <\/font><\/p>\n<p align=\"justify\"><font size=\"2\">But in the world of politics, nothing, no   one, no group and no state is above criticism or condemnation. No one is above   the law. If I criticise Saudi Arabia or Iran I am not an Islamophobe. If I   denounce China&rsquo;s actions I am not an enemy of communism or Confucianism. If I   condemn India&rsquo;s policies I am not a Hindu hater. By the same token,   criticising Israel does not make the critic an anti-semite. Criticism has   nothing to do with love or hatred for your subject, and every thing with   calling what you see before you by its name whatever the risks may be. This   means telling the truth as it is. The opposite is complicity with the   aggressor and betrayal of the victim.<\/font><\/p>\n<p align=\"justify\"><font size=\"2\">(Source:  <a href=\"http:\/\/commentisfree.guardian.co.uk\/soumaya_ghannoushi_\/2006\/12\/article.html\" target=\"_blank\" rel=\"noopener\">  http:\/\/commentisfree.guardian.co.uk\/soumaya_ghannoushi_\/2006\/12\/article.html<\/a>)<\/font><\/p>\n<\/div>\n<p align=\"center\">\u00a0<\/p>\n<p><!-- |**|end egp html banner|**| --><\/p>\n<p align=\"center\"><b><a href=\"https:\/\/tunisnews.net\/ar\/\"><span>Home<\/span><span lang=\"FR-CH\"> &#8211; Accueil <\/span><span>&#8211; <\/span><span dir=\"RTL\" lang=\"AR-SA\">\u0627\u0644\u0631\u0626\u064a\u0633\u064a\u0629<\/span><\/a><\/b><\/p>\n<p align=\"center\"><b><span dir=\"RTL\" lang=\"AR-SA\">\u00a0<\/span><\/b><\/p>\n<p><\/body><\/body><\/html><\/p>","protected":false},"excerpt":{"rendered":"<p>Home &#8211; Accueil &#8211; \u0627\u0644\u0631\u0626\u064a\u0633\u064a\u0629 \u00a0 TUNISNEWS 7\u00a0\u00e8me\u00a0ann\u00e9e, N\u00b0\u00a02399 du 16.12.2006 \u00a0archives : www.tunisnews.net Luiza Toscane: Monia Jelassi \u00ab On a sign\u00e9 l\u2019arr\u00eat de mort lente de mon mari \u00bb LCN: Menac\u00e9 d&rsquo;expulsion &#8211; Un imam veut s&rsquo;enfermer dans sa mosqu\u00e9e TAP: Tunisie: La BEI accorde deux pr\u00eats \u00e0 la Tunisie Maghrebia: La MEPI accepte [&hellip;]<\/p>\n","protected":false},"author":1,"featured_media":22040,"comment_status":"open","ping_status":"open","sticky":false,"template":"","format":"standard","meta":{"inline_featured_image":false,"site-sidebar-layout":"default","site-content-layout":"","ast-site-content-layout":"default","site-content-style":"default","site-sidebar-style":"default","ast-global-header-display":"","ast-banner-title-visibility":"","ast-main-header-display":"","ast-hfb-above-header-display":"","ast-hfb-below-header-display":"","ast-hfb-mobile-header-display":"","site-post-title":"","ast-breadcrumbs-content":"","ast-featured-img":"","footer-sml-layout":"","ast-disable-related-posts":"","theme-transparent-header-meta":"","adv-header-id-meta":"","stick-header-meta":"","header-above-stick-meta":"","header-main-stick-meta":"","header-below-stick-meta":"","astra-migrate-meta-layouts":"default","ast-page-background-enabled":"default","ast-page-background-meta":{"desktop":{"background-color":"","background-image":"","background-repeat":"repeat","background-position":"center center","background-size":"auto","background-attachment":"scroll","background-type":"","background-media":"","overlay-type":"","overlay-color":"","overlay-opacity":"","overlay-gradient":""},"tablet":{"background-color":"","background-image":"","background-repeat":"repeat","background-position":"center center","background-size":"auto","background-attachment":"scroll","background-type":"","background-media":"","overlay-type":"","overlay-color":"","overlay-opacity":"","overlay-gradient":""},"mobile":{"background-color":"","background-image":"","background-repeat":"repeat","background-position":"center center","background-size":"auto","background-attachment":"scroll","background-type":"","background-media":"","overlay-type":"","overlay-color":"","overlay-opacity":"","overlay-gradient":""}},"ast-content-background-meta":{"desktop":{"background-color":"var(--ast-global-color-5)","background-image":"","background-repeat":"repeat","background-position":"center center","background-size":"auto","background-attachment":"scroll","background-type":"","background-media":"","overlay-type":"","overlay-color":"","overlay-opacity":"","overlay-gradient":""},"tablet":{"background-color":"var(--ast-global-color-5)","background-image":"","background-repeat":"repeat","background-position":"center center","background-size":"auto","background-attachment":"scroll","background-type":"","background-media":"","overlay-type":"","overlay-color":"","overlay-opacity":"","overlay-gradient":""},"mobile":{"background-color":"var(--ast-global-color-5)","background-image":"","background-repeat":"repeat","background-position":"center center","background-size":"auto","background-attachment":"scroll","background-type":"","background-media":"","overlay-type":"","overlay-color":"","overlay-opacity":"","overlay-gradient":""}},"footnotes":""},"categories":[],"tags":[64,37,29],"class_list":["post-17573","post","type-post","status-publish","format-standard","has-post-thumbnail","hentry","tag-64","tag-37","tag-fr"],"_links":{"self":[{"href":"https:\/\/tunisnews.net\/ar\/wp-json\/wp\/v2\/posts\/17573","targetHints":{"allow":["GET"]}}],"collection":[{"href":"https:\/\/tunisnews.net\/ar\/wp-json\/wp\/v2\/posts"}],"about":[{"href":"https:\/\/tunisnews.net\/ar\/wp-json\/wp\/v2\/types\/post"}],"author":[{"embeddable":true,"href":"https:\/\/tunisnews.net\/ar\/wp-json\/wp\/v2\/users\/1"}],"replies":[{"embeddable":true,"href":"https:\/\/tunisnews.net\/ar\/wp-json\/wp\/v2\/comments?post=17573"}],"version-history":[{"count":0,"href":"https:\/\/tunisnews.net\/ar\/wp-json\/wp\/v2\/posts\/17573\/revisions"}],"wp:featuredmedia":[{"embeddable":true,"href":"https:\/\/tunisnews.net\/ar\/wp-json\/wp\/v2\/media\/22040"}],"wp:attachment":[{"href":"https:\/\/tunisnews.net\/ar\/wp-json\/wp\/v2\/media?parent=17573"}],"wp:term":[{"taxonomy":"category","embeddable":true,"href":"https:\/\/tunisnews.net\/ar\/wp-json\/wp\/v2\/categories?post=17573"},{"taxonomy":"post_tag","embeddable":true,"href":"https:\/\/tunisnews.net\/ar\/wp-json\/wp\/v2\/tags?post=17573"}],"curies":[{"name":"wp","href":"https:\/\/api.w.org\/{rel}","templated":true}]}}