{"id":17559,"date":"2006-03-27T00:00:00","date_gmt":"2006-03-27T00:00:00","guid":{"rendered":"https:\/\/tunisnews.net\/27-mars-2006\/"},"modified":"2006-03-27T00:00:00","modified_gmt":"2006-03-27T00:00:00","slug":"27-mars-2006","status":"publish","type":"post","link":"https:\/\/tunisnews.net\/ar\/27-mars-2006\/","title":{"rendered":"27 mars 2006"},"content":{"rendered":"<p><html><head><meta content=\"text\/html\" description=\"    TUNIS (AP) - De s\u00e9rieux incidents ont oppos\u00e9 dimanche soir les supporters de \n    deux clubs de football tunisiens, faisant de nombreux bless\u00e9s dont une \n    fillette gravement atteinte qui a \u00e9t\u00e9 transport\u00e9e d'urgence \u00e0 l'h\u00f4pital, a \n    annonc\u00e9 lundi soir l'agence de presse tunisienne TAP.\" http-equiv=\"Content-Type\"\/><\/head><body><body style=\"text-align: justify\"><\/p>\n<p align=\"center\"><b><a href=\"http:\/\/www.tunisnews.net\"><span>Home<\/span><span lang=\"FR-CH\"> &#8211; Accueil <\/span><span>&#8211; <\/span><span dir=\"rtl\" lang=\"AR-SA\">\u0627\u0644\u0631\u0626\u064a\u0633\u064a\u0629<\/span><\/a><\/b><\/p>\n<div>\n<table border=\"1\" width=\"100%\">\n<tr>\n<td bgcolor=\"#efefef\" width=\"100%\"> <span lang=\"AR-SA\"> <\/p>\n<div align=\"left\">  <\/div>\n<div> <span lang=\"FR\"> <\/p>\n<div align=\"center\" dir=\"ltr\"> <font face=\"Arial\"><font size=\"2\"> <span lang=\"SV\"> <strong>TUNISNEWS<\/strong><\/span> <\/font><\/font> <\/div>\n<div align=\"center\" dir=\"ltr\"> <strong><font face=\"Arial\"><font size=\"2\">6\u00a0\u00e8me\u00a0ann\u00e9e,          <span lang=\"FR\">N\u00b0\u00a02135 du 27.03.2006<\/span><\/font><\/font><\/strong><\/div>\n<div align=\"center\" dir=\"ltr\"> <strong> <\/p>\n<div align=\"center\"> <b><span><blink> <font face=\"Arial\" size=\"2\">\u00a0archives : <\/font> <a href=\"http:\/\/www.tunisnews.net\/\" target=\"_blank\" rel=\"noopener\"> <font face=\"Arial\" size=\"2\" target=\"_blank\">            www.tunisnews.net<\/font><\/a><\/blink><\/span><\/b><font face=\"Arial\" size=\"2\"> <\/font> <\/div>\n<p> <\/strong><\/div>\n<p> <\/span><\/div>\n<p> <font face=\"Arial\"> <\/p>\n<div align=\"center\" dir=\"ltr\"> <font size=\"2\"><\/p>\n<hr noshade=\"\" size=\"8\"\/><\/font> <\/div>\n<p> <font face=\"Arial\"> <span lang=\"FR\"> <font size=\"2\"> <span lang=\"FR-CH\"> <span lang=\"FR\"><font size=\"3\"> <span lang=\"FR\"> <font><span lang=\"FR\"> <font face=\"Arial\"> <\/p>\n<div align=\"left\" dir=\"ltr\"> <strong><\/p>\n<p><font size=\"2\"><font>AP:         Football: incidents graves entre supporters de deux clubs tunisiens<\/font>         AFP: environ 200 immigr\u00e9s clandestins intercept\u00e9s au large de l&rsquo;italie<\/font><\/p>\n<p><\/strong><\/div>\n<div align=\"left\" dir=\"ltr\"> <strong><\/p>\n<p><font size=\"2\"><font>AP: Les         argentiers euro-m\u00e9diterran\u00e9ens en conclave en juin prochain \u00e0 Tunis<\/font>         Abdeljelil Bedoui: Euromed, dix ans de partenariat : quel r\u00e9sultat ?<\/font><\/p>\n<p><\/strong><\/div>\n<p> <\/font><\/span><\/font><\/span><\/font><\/span><\/span><\/font><\/span><\/font><\/font><\/span><\/td>\n<\/tr>\n<\/table>\n<\/div>\n<div align=\"center\"> <font face=\"Arial\" size=\"2\"> <span lang=\"FR\"> <\/p>\n<div align=\"center\">    \u00a0<\/div>\n<div align=\"center\">\n<h2 style=\"color: red;\"><font face=\"Arial\" size=\"3\"><strong>Football: incidents     graves entre supporters de deux clubs tunisiens<\/strong><\/font><\/h2>\n<\/div>\n<div align=\"justify\" dir=\"ltr\">         lun 27 mar, 22h00          TUNIS (AP) &#8211; De s\u00e9rieux incidents ont oppos\u00e9 dimanche soir les supporters de     deux clubs de football tunisiens, faisant de nombreux bless\u00e9s dont une     fillette gravement atteinte qui a \u00e9t\u00e9 transport\u00e9e d&rsquo;urgence \u00e0 l&rsquo;h\u00f4pital, a     annonc\u00e9 lundi soir l&rsquo;agence de presse tunisienne TAP.          L&rsquo;agence fait \u00e9tat d&rsquo;actes de violence, de d\u00e9gradation de biens publics, de     circulation perturb\u00e9e et de jets de pierres entre supporters ayant     occasionn\u00e9 d&rsquo;importants d\u00e9g\u00e2ts mat\u00e9riels, notamment \u00e0 des v\u00e9hicules de     transport public et priv\u00e9, dont une unit\u00e9 mobile de transmission de     l&rsquo;Etablissement de la Radio-T\u00e9l\u00e9vision Tunisienne (ERTT).     Les incidents dont les quotidiens n&rsquo;ont pas fait mention lundi, ont \u00e9t\u00e9     vaguement \u00e9voqu\u00e9s la veille par la t\u00e9l\u00e9vision. Ils se sont produits sur     l&rsquo;autoroute Tunis-Msaken, \u00e0 hauteur de la station de p\u00e9age de Hergla, \u00e0     115km au sud-est de la capitale.     Selon plusieurs t\u00e9moignages, ils ont oppos\u00e9 des supporters de l&rsquo;Etoile     sportive du Sahel (ESS) qui revenaient de Tunis apr\u00e8s la rencontre disput\u00e9e     par leur \u00e9quipe, tenue en \u00e9chec par un club du bas du tableau, l&rsquo;EOGK (0-0),     et des supporters de l&rsquo;Esp\u00e9rance sportive de Tunis (EST), qui allaient en     sens inverse apr\u00e8s la d\u00e9faite de leur club (1-2) face \u00e0 l&rsquo;US Monastir.     Les deux \u00e9quipes se vouent depuis de longues ann\u00e9es une animosit\u00e9 qui n&rsquo;est     un secret pour personne. Elles se disputent actuellement le titre dans le     championnat de Ligue 1 professionnelle \u00e0 trois journ\u00e9es de la fin de la     comp\u00e9tition, l&rsquo;Esp\u00e9rance devan\u00e7ant d&rsquo;un seul point l&rsquo;Etoile du Sahel.     Selon la TAP, de nombreuses personnes ont \u00e9t\u00e9 arr\u00eat\u00e9es \u00ab\u00a0en flagrant d\u00e9lit\u00a0\u00bb     et d&rsquo;autres suspects ont \u00e9t\u00e9 interpell\u00e9s, en particulier des individus en     possession de gourdins, de pierres et de bouteilles, d\u00e9couverts dans leurs     v\u00e9hicules.     La brigade de lutte contre la criminalit\u00e9 a \u00e9t\u00e9 charg\u00e9e de poursuivre     l&rsquo;enqu\u00eate et les investigations afin d&rsquo;identifier tous les auteurs de ces     incidents en vue de les traduire en justice, ajoute l&rsquo;agence. AP<\/div>\n<p> <\/span><font size=\"2\"><span lang=\"FR\"> <\/p>\n<hr\/>\n<div align=\"center\">    \u00a0<\/div>\n<div align=\"left\">\n<p align=\"center\"> <font size=\"3\"><strong>Voici quelques r\u00e9actions et\u00a0\u00a0t\u00e9moignages extraits des     forum de foot tunisiens<\/strong><\/font><\/p>\n<\/div>\n<div align=\"left\">    \u00a0<\/div>\n<div align=\"left\"> <font> <\/p>\n<div> <span> <span> <a href=\"http:\/\/www.etoile-du-sahel.com\/fr\/forums\/profile.php?mode=viewprofile&amp;u=8\" target=\"_blank\" rel=\"noopener\"> <span><strong><font>aqualung<\/font><\/strong><\/span><\/a><\/span><\/span><\/div>\n<div> <span>\u00a0<\/span><\/div>\n<table border=\"0\" cellpadding=\"0\" cellspacing=\"0\" width=\"100%\">\n<tr>\n<td valign=\"top\" width=\"100%\">\n<div> <span> <span lang=\"FR\">Post\u00e9 le:<\/span><\/span><span lang=\"FR\"> <span>Lun Mar 27, 2006 10:10 am<\/span><\/span><\/div>\n<\/td>\n<\/tr>\n<tr>\n<td>\n<div> <span lang=\"FR\">\u00a0<\/span><\/div>\n<\/td>\n<\/tr>\n<tr>\n<td>\n<div> <span> <span lang=\"FR\">&#8230;. les           evenements douleureux qui se sont produits au p\u00e9age de hergla doivent           nous interpeller comme des hommes civilis\u00e9s face \u00e1 des d\u00e9bordements           ,qui-rivalit\u00e9 par ci, enjeu par la- n&rsquo;ont absolument aucune relation           avec le sport ni le football. <\/span><\/span> <span lang=\"FR\"> <span>il est inconcevable,inadmissible que les           nombreux supporters de part et d&rsquo;autre,rentrant chez eux par           l&rsquo;autoroute,se retrouvent en danger de mort, au nom de haines           viscerales, que ceratains ne manquent d&rsquo;entretenir, des gens comme           rab3aoui par exemple, soi disant pedagogue du peuple \u00e1 la grande           responsabilit\u00e9 et au pouvoir mediatique certain, qui se permettent de           mettre de l&rsquo;huile sur le feu,en incitant \u00e1 la haine par des proced\u00e9s           verbaux incideiux , cyniques et pernicieux. <\/span> <span>il est temps de revenir aux vraies valeurs du           sport, de cesser cette rhetorique de guerre qui ne fait qu&rsquo;allumer les           meches de la haine et de la violence,il est temps de revenir aux           valeurs d&rsquo;un fair play ou la noblesse dans la victoire ou la defaite           ne consiste plus \u00e1 humilier ou se sentir humili\u00e9,mais de la vivre           comme une loi immuable du jeu entant que tel, car apr\u00e9s il fait           toujours un autre jour, apr\u00e9s les soirs d&rsquo;allegresse, ou de grand           d\u00e9pit&#8230;. <\/span> <span>un moratoire contre la violence est aujourd&rsquo;hui           plus que necessaire, et ce n&rsquo;est ni par la r\u00e9pression ni par les           discours moralisants que l&rsquo;on puisse arreter cette gagnrene,mais par           une volont\u00e9 commune responsable qui consiterai \u00e1 bannir la haine de           nos esprits et dire enfin adieu \u00e1 la violence <\/span> <span>dans les stades!!!!<\/span><\/span><\/div>\n<div>          \u00a0<\/div>\n<\/td>\n<\/tr>\n<\/table>\n<div> <strong><font><span> <span lang=\"FR\">(Source&gt; le       forum de\u00a0 <\/span><span> <a href=\"http:\/\/www.etoile-du-sahel.com\/\" target=\"_blank\" rel=\"noopener\"> <span lang=\"FR\">http:\/\/www.etoile-du-sahel.com<\/span><\/a><\/span><span lang=\"FR\">)<\/span><\/span><\/font><\/strong><\/div>\n<div align=\"center\"> <span> <span> <\/p>\n<hr align=\"center\" size=\"2\" width=\"23.28%\"\/> <\/span><\/span> <\/div>\n<div> <span>\u00a0<\/span><\/div>\n<div> <span> <span> <a href=\"http:\/\/www.etoile-du-sahel.com\/fr\/forums\/profile.php?mode=viewprofile&amp;u=53\" target=\"_blank\" rel=\"noopener\"> <span><strong><font>booha95<\/font><\/strong><\/span><\/a><\/span><\/span><\/div>\n<table border=\"0\" cellpadding=\"0\" cellspacing=\"0\" width=\"100%\">\n<tr>\n<td valign=\"top\" width=\"100%\">\n<div> <span> <a href=\"http:\/\/www.etoile-du-sahel.com\/fr\/forums\/viewtopic.php?p=91634#91634\" target=\"_blank\" rel=\"noopener\"> <span><!--[if gte vml 1]><v:shapetype id=\"_x0000_t75\" coordsize=\"21600,21600\" o:spt=\"75\" o:preferrelative=\"t\" path=\"m@4@5l@4@11@9@11@9@5xe\" filled=\"f\" stroked=\"f\"> <v:stroke joinstyle=\"miter\"\/> <v:formulas>  <v:f eqn=\"if lineDrawn pixelLineWidth 0\"\/>  <v:f eqn=\"sum @0 1 0\"\/>  <v:f eqn=\"sum 0 0 @1\"\/>  <v:f eqn=\"prod @2 1 2\"\/>  <v:f eqn=\"prod @3 21600 pixelWidth\"\/>  <v:f eqn=\"prod @3 21600 pixelHeight\"\/>  <v:f eqn=\"sum @0 0 1\"\/>  <v:f eqn=\"prod @6 1 2\"\/>  <v:f eqn=\"prod @7 21600 pixelWidth\"\/>  <v:f eqn=\"sum @8 21600 0\"\/>  <v:f eqn=\"prod @7 21600 pixelHeight\"\/>  <v:f eqn=\"sum @10 21600 0\"\/> <\/v:formulas> <v:path o:extrusionok=\"f\" gradientshapeok=\"t\" o:connecttype=\"rect\"\/> <o:lock v:ext=\"edit\" aspectratio=\"t\"\/><\/v:shapetype><v:shape id=\"_x0000_s1025\" type=\"#_x0000_t75\" alt=\"Message\" href=\"http:\/\/www.etoile-du-sahel.com\/fr\/forums\/viewtopic.php?p=91634#91634\" style='width:9pt;height:6.75pt' o:button=\"t\"> <v:imagedata src=\"\" o:href=\"http:\/\/www.etoile-du-sahel.com\/fr\/forums\/templates\/Coldsteel\/images\/icon_minipost.gif\"\/><\/v:shape><![endif]--><\/span><\/a><\/span><span><span lang=\"FR\">Post\u00e9           le:<\/span><\/span><span lang=\"FR\"> <span>Lun Mar 27, 2006 2:40 pm<\/span><\/span><\/div>\n<\/td>\n<\/tr>\n<tr>\n<td>\n<div> <span lang=\"FR\">\u00a0<\/span><\/div>\n<\/td>\n<\/tr>\n<tr>\n<td>\n<div> <span> <span lang=\"FR\">Dimanche           26 mars 19H30, \u00e0 200m du p\u00e9age de Hergla (sens TUNIS-SOUSSE): <\/span> <\/span><span lang=\"FR\"> <span>De retour de          <st1:personname productid=\"la Marsa\" w:st=\"on\">la Marsa<\/st1:personname>,           nous sommes \u00e0 l&rsquo;\u00e9coute des radios pour avoir un peu les analyses des           autres matchs, lorsque je pose la question \u00e0 mon accompagnateur:\u00a0\u00bb           C&rsquo;est tr\u00e9s bizzare, nous n&rsquo;avons pas encore rencontr\u00e9 les supporters           de l&rsquo;esp\u00e9rance ???\u00a0\u00bb. Sur cette question les premiers blocs de pierre           ricochent sur les vitres de la voiture&#8230;..mais on s&rsquo;en sort indemnes.           De loin j&rsquo;aper\u00e7ois le p\u00e9age bloqu\u00e9 et je me dis que ca va etre notre           f\u00eate&#8230;..Je m&rsquo;arr\u00eate \u00e0 une centaines de metres et les rares policiers           pr\u00e9sents ont r\u00e9tablis un certain ordre&#8230;.des voitures sont cass\u00e9es,           des gens bl\u00e9ss\u00e9s et je me dis que le pire est pass\u00e9. Puis ca           recommence, quelques energumenes ont brav\u00e9s les flics et commencent \u00e0           nous arroser de caillaisses. Avec les quelques personnes pr\u00e9sentes, on           r\u00e9plique pour se d\u00e9fendre (soit c&rsquo;est ca soit on laisse nos voitures           et on s&rsquo;enfuit&#8230;). <strong><span>A cet instant           arrive en sens inverse un bus rempli de flics (ceux qui \u00e9taient \u00e0           Monastir) ils descendent, commencent \u00e0 courir en notre direction (je           pensais qu&rsquo;ils allaient nous porter secours) et quelle ne fut pas ma           surprise lorsqu&rsquo;ils ont commenc\u00e9 \u00e0 nous agr\u00e9sser&#8230;. A peine ai-je           r\u00e9ussi \u00e0 grimper dans la voiture, qu&rsquo;ils cassaient le pare brise           arriere avec les matraques, puis ils m&rsquo;arrachent du volant, me mettent           par terre et me frappent \u00e0 coup de matraques (ils se sont mis \u00e0 7 ou 8           avec un regard haineux que je n&rsquo;oublierai jamais). Puis ils ont achev\u00e9           le reste de la voiture<\/span> <\/strong><\/span> <span>Sincerement je ne sais toujours pas comment je           m&rsquo;en suis sorti (avec une simple entorse de la cheville). Toujours           est-il que je suis remont\u00e9 et j&rsquo;ai d\u00e9marr\u00e9 pour passer le p\u00e9age et me           trouver parmi des centaines de personnes (et pas seulement des           supporters) avec des histoires et des fortunes plus \u00e9tonnantes et plus           cruelles que la mienne. <\/span> <span>En tout cas je suis rester plus de 45 minutes           avant de voir quelqu&rsquo;un de la protection civile&#8230;. <\/span> <span>Ceci n&rsquo;a plus rien avoir avec le football mais           avec la soci\u00e9t\u00e9 en g\u00e9n\u00e9ral et la s\u00e9curit\u00e9 en particulier&#8230;. <\/span> <span>Mon histoire n&rsquo;est pas un cas isol\u00e9 mais j&rsquo;ai           besoin de l&rsquo;exprimer pour \u00e9vacuer&#8230;..<\/span><\/span><\/div>\n<div>          \u00a0<\/div>\n<\/td>\n<\/tr>\n<\/table>\n<div> <strong><font><span> <span lang=\"FR\">(Source&gt; le       forum de\u00a0 <\/span><span> <a href=\"http:\/\/www.etoile-du-sahel.com\/\" target=\"_blank\" rel=\"noopener\"> <span lang=\"FR\">http:\/\/www.etoile-du-sahel.com<\/span><\/a><\/span><span lang=\"FR\">)<\/span><\/span><\/font><\/strong><\/div>\n<div align=\"center\"> <span> <span> <\/p>\n<hr align=\"center\" size=\"2\" width=\"23.28%\"\/>\n<p>\u00a0<\/p>\n<p><\/span><\/span><\/div>\n<div> <span> <span> <a href=\"http:\/\/www.etoile-du-sahel.com\/fr\/forums\/profile.php?mode=viewprofile&amp;u=1342\" target=\"_blank\" rel=\"noopener\"> <span><strong><font>Ouaja<\/font><\/strong><\/span><\/a><\/span><\/span><\/div>\n<table border=\"0\" cellpadding=\"0\" cellspacing=\"0\" width=\"100%\">\n<tr>\n<td valign=\"top\" width=\"100%\">\n<div> <span> <span lang=\"FR\">Post\u00e9 le:<\/span><\/span><span lang=\"FR\"> <span>Lun Mar 27, 2006 5:09 pm<\/span><\/span><\/div>\n<\/td>\n<\/tr>\n<tr>\n<td>\n<div> <span lang=\"FR\">\u00a0<\/span><\/div>\n<\/td>\n<\/tr>\n<tr>\n<td>\n<div> <span> <span>Agression et           Barbarie <\/span><\/span> <\/div>\n<\/td>\n<\/tr>\n<\/table>\n<div> <span>\u00a0<\/span><\/div>\n<div> <span>\u00a0<\/span><\/div>\n<div> <span lang=\"FR\">Le plus       houleux dans cette histoire, c\u2019est la tournure des choses qu\u2019avait connu       l\u2019auto route sur notre chemin de retour        Les Vandales ou l\u2019emkachkhine \u00e0 leur retour, apr\u00e8s leur Triha \u00e0 Monastir,       se sont mass\u00e9s sous les oliviers \u00e0 la hauteur du point de paillage de       Hergla et demeur\u00e9s cach\u00e9s dans l\u2019attente des SWAHLIA du c\u00f4t\u00e9 inverse       pr\u00e9parant des Tas de pierres de gros calibre pour leur servir de       projectiles               Sous le coup de la surprise ; les premi\u00e8res voitures sah\u00e9liennes       intercept\u00e9es ont connu le plus mauvais sort 5eclats de glace, les feux       avants et arri\u00e8res endommag\u00e9s ), les victimes ont pour leur part vu de       toutes les couleurs ( Un m\u00e9lange de pierre et de sang )               <span><strong>Le plus dangereux dans tout cela, c\u2019est       la participation des agents de l\u2019ordre venant de Tunis a titre de renfort       pour leurs coll\u00e8gues de Monastir        Ces agents ont tout simplement tabass\u00e9 les Sah\u00e9liens dans leurs voitures,       piqu\u00e9s leurs portable, argent de poches, leur montre et colliers \u2026\u2026\u2026. Eh       oui Messieurs               Une image triste restera grav\u00e9e dans la m\u00e9moire de vos tous, c\u2019est l\u2019image       d\u2019une petite fillette \u00e2g\u00e9e \u00e0 peine de 10 ans effectuant une promenade dans       la voiture de ses parents avait re\u00e7u en plein fouet sur le visage une       pierre de grande taille        R\u00e9sultat, la fillette passait du Bloc op\u00e9ratoire au Coma du second degr\u00e9       de l\u2019h\u00f4pital Sahloul               Qui arr\u00eatera ces criminels ?        <\/strong><\/span>Dire que nous avons un corps qui s\u2019appelle le corps \u00a0\u00bb       Police des Police \u00a0\u00bb <\/span> <\/div>\n<div> <span lang=\"FR\">\u00a0<\/span><\/div>\n<div> <strong><font> <span lang=\"FR\">(Source&gt; le       forum de\u00a0 <\/span><span> <a href=\"http:\/\/www.etoile-du-sahel.com\/\" target=\"_blank\" rel=\"noopener\"> <span lang=\"FR\">http:\/\/www.etoile-du-sahel.com<\/span><\/a><\/span><span lang=\"FR\">)<\/span><\/font><\/strong><\/div>\n<div align=\"center\"> <span> <\/p>\n<hr align=\"center\" size=\"2\" width=\"23.28%\"\/>\n<p>\u00a0<\/p>\n<p><\/span><\/div>\n<div> <span> <span> <a href=\"http:\/\/www.etoile-du-sahel.com\/fr\/forums\/profile.php?mode=viewprofile&amp;u=2\" target=\"_blank\" rel=\"noopener\"> <span> <strong><font>admin<\/font><\/strong><\/span><\/a>\u00a0<\/span><\/span><\/div>\n<div> <span>\u00a0<\/span><\/div>\n<table border=\"0\" cellpadding=\"0\" cellspacing=\"0\" width=\"100%\">\n<tr>\n<td valign=\"top\" width=\"100%\">\n<div> <span> <a href=\"http:\/\/www.etoile-du-sahel.com\/fr\/forums\/viewtopic.php?p=91648#91648\" target=\"_blank\" rel=\"noopener\"> <span><!--[if gte vml 1]><v:shape id=\"_x0000_s1026\" type=\"#_x0000_t75\" alt=\"Message\" href=\"http:\/\/www.etoile-du-sahel.com\/fr\/forums\/viewtopic.php?p=91648#91648\" style='width:9pt;height:6.75pt' o:button=\"t\"> <v:imagedata src=\"\" o:href=\"http:\/\/www.etoile-du-sahel.com\/fr\/forums\/templates\/Coldsteel\/images\/icon_minipost.gif\"\/><\/v:shape><![endif]--><\/span><\/a><\/span><span><span lang=\"FR\">Post\u00e9           le:<\/span><\/span><span lang=\"FR\"> <span>Lun Mar 27, 2006 5:11 pm<\/span><\/span><\/div>\n<\/td>\n<\/tr>\n<tr>\n<td>\n<div> <span lang=\"FR\">\u00a0<\/span><\/div>\n<\/td>\n<\/tr>\n<tr>\n<td>\n<div> <span> <span lang=\"FR\">J&rsquo;\u00e9tais           dans la m\u00eame voiture que Booha95 et je peux dire que je nous l&rsquo;avons           \u00e9chapp\u00e9 belle, Dieu merci ! <\/span><\/span> <span lang=\"FR\"> <span>Je ne sais pas comment j&rsquo;ai pu d\u00e9passer mon           d\u00e9go\u00fbt et ma profonde tristesse pour \u00e9crire ces quelques mots <\/span> <\/span><span><!--[if gte vml 1]><v:shape id=\"_x0000_s1027\" type=\"#_x0000_t75\" alt=\"icon_question.gif\" style='width:11.25pt;height:11.25pt'> <v:imagedata src=\"\" o:href=\"http:\/\/www.etoile-du-sahel.com\/fr\/forums\/images\/smiles\/icon_question.gif\"\/><\/v:shape><![endif]--><\/span><span lang=\"FR\"> <span>Vraiment, il y a de quoi se poser des tas de           questions : quel moratoire et quelle morale contre la violence lorsque           tu viens d&rsquo;\u00eatre tabass\u00e9 par des flics cens\u00e9s s&rsquo;interposer pour \u00e9viter           le pire !!! <\/span><\/span> <span><!--[if gte vml 1]><v:shape id=\"_x0000_s1028\" type=\"#_x0000_t75\" alt=\"icon_evil.gif\" style='width:11.25pt;height:16.5pt'> <v:imagedata src=\"\" o:href=\"http:\/\/www.etoile-du-sahel.com\/fr\/forums\/images\/smiles\/icon_evil.gif\"\/><\/v:shape><![endif]--><\/span><span lang=\"FR\"> <span>Ce qui s&rsquo;est pass\u00e9 abords du payage de Hergla a           d\u00e9pass\u00e9 l&rsquo;entendement, c&rsquo;est vraiment grave de chez monsieur grave.          <\/span> <span>Une horde d&rsquo;\u00e9nergum\u00e8nes esp\u00e9rantistes nous a           pris en embuscade (bel ghadra) juste \u00e0 800 m\u00e8tres avant le payage. Des           dizaines de ces racailles se sont regroup\u00e9s avec l&rsquo;intention pr\u00e9m\u00e9dit\u00e9           de caillasser toute voiture venant du sens Tunis-Sousse. <\/span> <span>Nous avons re\u00e7u, ainsi que plusieurs autres           voitures, une salve de pierres incroyable. A croire que tu vas te           faire p\u00e9ter ton cr\u00e2ne. D\u00e9pass\u00e9 ce groupe, nous n&rsquo;avons pu avancer vers           le payage qui \u00e9tait tout simplement ferm\u00e9, rien ne filtrait. <\/span> <span>C&rsquo;\u00e9tait le pi\u00e8ge par excellence : des sc\u00e8nes           dignes de guerre civile ou d&rsquo;Intifadha. <\/span> <span> <strong><span>Mais, le pire est \u00e0 venir           !!!!!!!!!!!!!!!!! <\/span> <span>Un bus de \u00ab\u00a0tigres noirs\u00a0\u00bb revenant de Monastir           (avec le public esp\u00e9rantiste) a tout simplement pris part des casseurs           esp\u00e9rantistes en s&rsquo;attaquant frontalement aux supporters \u00e9toilistes           pris dans ce pi\u00e8ge diabolique. Ils ne se sont pas priv\u00e9s de rassasier           leur d\u00e9sir de casser du sah\u00e9lien !!!!!!!!!!!!!!!! Je ne pourrai jamais           oublier cette haine incroyable qui jaillissait de leurs yeux <\/span> <\/strong><\/span><\/span> <span><!--[if gte vml 1]><v:shape id=\"_x0000_s1029\" type=\"#_x0000_t75\" alt=\"icon_evil.gif\" style='width:11.25pt;height:16.5pt'> <v:imagedata src=\"\" o:href=\"http:\/\/www.etoile-du-sahel.com\/fr\/forums\/images\/smiles\/icon_evil.gif\"\/><\/v:shape><![endif]--><\/span><span lang=\"FR\"> <strong><span>Ces flics ont eu, inexplicablement et           grossi\u00e8rement, la main lourde en cassant les vitres des voitures \u00e0           coups de matraque et en tabassant les Etoilistes qui ont la mauvaise           fortune d&rsquo;\u00eatre l\u00e0 pris en tenaille entre le marteau et l&rsquo;enclume !          <\/span> <span>Ces flics qui \u00e9taient \u00e0 Monastir avaient une           mission bien claire et ils n&rsquo;avaient pas \u00e0 intervenir de la sorte en           touchant \u00e0 l&rsquo;int\u00e9grit\u00e9 physique de gens d\u00e9j\u00e0 agress\u00e9s. <\/span> <\/strong><\/span><span> <span>C&rsquo;est tout           simplement une bavure monumentale <\/span><\/span> <span><!--[if gte vml 1]><v:shape id=\"_x0000_s1030\" type=\"#_x0000_t75\" alt=\"icon_surprised.gif\" style='width:11.25pt;height:11.25pt'> <v:imagedata src=\"\" o:href=\"http:\/\/www.etoile-du-sahel.com\/fr\/forums\/images\/smiles\/icon_surprised.gif\"\/><\/v:shape><![endif]--><!--[if gte vml 1]><v:shape id=\"_x0000_s1031\" type=\"#_x0000_t75\" alt=\"icon_surprised.gif\" style='width:11.25pt;height:11.25pt'> <v:imagedata src=\"\" o:href=\"http:\/\/www.etoile-du-sahel.com\/fr\/forums\/images\/smiles\/icon_surprised.gif\"\/><\/v:shape><![endif]--><!--[if gte vml 1]><v:shape id=\"_x0000_s1032\" type=\"#_x0000_t75\" alt=\"icon_surprised.gif\" style='width:11.25pt;height:11.25pt'> <v:imagedata src=\"\" o:href=\"http:\/\/www.etoile-du-sahel.com\/fr\/forums\/images\/smiles\/icon_surprised.gif\"\/><\/v:shape><![endif]--><\/span><\/div>\n<\/td>\n<\/tr>\n<\/table>\n<div> <span lang=\"FR\">\u00a0<\/span><\/div>\n<div> <strong><font> <span lang=\"FR\">(Source&gt; le       forum de\u00a0 <\/span><span> <a href=\"http:\/\/www.etoile-du-sahel.com\/\" target=\"_blank\" rel=\"noopener\"> <span lang=\"FR\">http:\/\/www.etoile-du-sahel.com<\/span><\/a><\/span><span lang=\"FR\">)<\/span><\/font><\/strong><\/div>\n<div align=\"center\"> <span> <\/p>\n<hr align=\"center\" size=\"2\" width=\"23.28%\"\/>\n<p>\u00a0<\/p>\n<p><\/span><\/div>\n<div> <span lang=\"FR\">\u00a0<\/span><\/div>\n<div> <span> <span> <a href=\"http:\/\/www.tunisie-foot.com\/ipb\/index.php?showuser=10572\" target=\"_blank\" rel=\"noopener\"> <span lang=\"FR\"> <strong><font>Riad Elfahem<\/font><\/strong><\/span><\/a><\/span><\/span><\/div>\n<div> <span lang=\"FR\">\u00a0<\/span><\/div>\n<div> <span lang=\"FR\">27-03-2006,       12:23 <\/span> <\/div>\n<div> <span lang=\"FR\">C&rsquo;est normal       qu&rsquo;il y est des incidents de la sorte et ce n&rsquo;est qu&rsquo;un commencement       malheureusement. Tout est fait dans ce pays pour que des choses comme \u00e7a       arrivent, je m&rsquo;explique; on est un pays \u00e0 grande majorit\u00e9 form\u00e9 de jeunes       en manque de rep\u00e8res et comme pour seules distractions le sport, le       promosport, les caf\u00e9s pour les gar\u00e7ons et staracademy et les clips genre       haifa ouahbi pour les filles, voila stop! hez idik mel mra9 la tet7ra9, le       pouvoir \u00e0 form\u00e9 un moule qu&rsquo;il essaie de controler tant bien que mal et       par la force si necessaire; resultat la violence larv\u00e9e et les barbus qui       fleurissent, \u00e0 ce rythme l\u00e0 bech nemchiouw zizi!<\/span><\/div>\n<div> <span lang=\"FR\">\u00a0<\/span><\/div>\n<div> <strong><font> <span lang=\"FR\">(Source&gt; le       forum de\u00a0 <\/span><span> <a href=\"http:\/\/www.tunisie-foot.com\/ipb\/index.php?act=idx\" target=\"_blank\" rel=\"noopener\"> <span lang=\"FR\">http:\/\/www.tunisie-foot.com<\/span><\/a><\/span><span lang=\"FR\">\u00a0)<\/span><\/font><\/strong><\/div>\n<div> <span lang=\"FR\">\u00a0<\/span><\/div>\n<div align=\"center\"> <span> <\/p>\n<hr align=\"center\" size=\"2\" width=\"23.28%\"\/> <\/span> <\/div>\n<div> <span lang=\"FR\">\u00a0<\/span><\/div>\n<div> <span lang=\"FR\">\u00a0<\/span><\/div>\n<div> <span> <span> <a href=\"http:\/\/www.taraji.net\/forum\/index.php?showuser=3402\" target=\"_blank\" rel=\"noopener\"> <span lang=\"FR\"> <strong><font>si_slim<\/font><\/strong><\/span><\/a><\/span><\/span><\/div>\n<div> <span> <span lang=\"FR\">07:57 <\/span> <\/span> <\/div>\n<div> <span lang=\"FR\">\u00a0<\/span><\/div>\n<div> <span lang=\"FR\">je voudrais       revenir sur les incidents d&rsquo;hier car moi j&rsquo;\u00e9tais au coeur de l&rsquo;\u00e9v\u00e9nement       au p\u00e9age de hergla. Pour commencer les supporters des 2 clubs en assument       la respensabilit\u00e9 et il faut dire que ce sont les supporters de sousse ki       ont commenc\u00e9 vu que nous \u00e9tions bloqu\u00e9 \u00e0 attendre qu&rsquo;on passe au p\u00e9age et       eux en sortaient : il s&rsquo;arr\u00e9taient pour jetter les pierres alors qu&rsquo;il       devaient continuer car la voie \u00e9tait libre&#8230;&#8230;&#8230;&#8230;&#8230;&#8230;&#8230;&#8230;.le       reste vous le connaissez        <strong><\/p>\n<p><font>Ce que j&rsquo;ai pas appr\u00e9ci\u00e9 du tout c ke les       CIVILES(femme avec b\u00e9b\u00e9 \u00e0 bord des voitures) et les TOURISTES n&rsquo;ont pas       \u00e9t\u00e9 \u00e9pargni\u00e9 et \u00e7a c grave boir mais malheureux car \u00e7a touche \u00e0 la notre       r\u00e9putation comme \u00e9tant des tunisiens.<\/font><\/p>\n<p><\/strong>       2 petites remarques concernant dimanche sport:       &#8211; Le camion de l&rsquo;ERTT roulait dans le meme sens ke nous donc c simple pour       deviner ki c&rsquo;est qui jet\u00e9 des pierres sur lui       &#8211; concernant le gars qu&rsquo;on a montr\u00e9 au stade avec les hauts parleurs: il       est innocent car il ne faisait ke desecendre le poteau sur le gason car il       allait tombait sur les supporters suite aux bousculades              inchallah rabii yoster c pour le match de sousse<\/span><\/div>\n<div> <span lang=\"FR\">\u00a0<\/span><\/div>\n<p> <\/font><font> <span lang=\"FR\"> <\/p>\n<div> <strong><font> <span lang=\"FR\">(Source&gt; le       forum de\u00a0 <\/span><\/font><font> <span lang=\"FR\"> <font><span> <a href=\"http:\/\/www.taraji.net\/forum\/index.php?showtopic=5918&amp;st=60\" target=\"_blank\" rel=\"noopener\"> <span lang=\"FR\">http:\/\/www.taraji.net<\/span><\/a><\/span><\/font><span lang=\"FR\"><font><span lang=\"FR\">\u00a0)<\/span><\/font><\/span><\/span><\/font><\/strong><span lang=\"FR\"><font><span lang=\"FR\"><\/span><\/font><\/span><\/div>\n<p> <\/span><\/font> <\/div>\n<p> <span lang=\"FR\"><font size=\"2\"><\/p>\n<hr\/>\n<div align=\"left\"> <font>\u00a0 <\/font> <\/p>\n<p align=\"center\"><b><font size=\"3\">    Environ 200 immigr\u00e9s clandestins intercept\u00e9s au large de l&rsquo;Italie<\/font><\/b><\/p>\n<p> <font face=\"Arial\" size=\"2\"> <\/p>\n<p align=\"justify\">\u00a0<\/p>\n<p align=\"justify\"> <span lang=\"FR\">AFP, le     27.03.2006 \u00e0 07<\/span><span lang=\"FR-CH\">h<\/span><span lang=\"FR\">39<\/span><\/p>\n<p align=\"justify\"><b> <span lang=\"FR\">ROME, 27 mars     2006 (AFP)<\/span><\/b><span lang=\"FR\">     &#8211;\u00a0 Les garde-c\u00f4tes italiens ont annonc\u00e9\u00a0 lundi avoir rep\u00e9r\u00e9 et secouru en     mer dans la nuit de dimanche \u00e0\u00a0 lundi quelque 200 immigr\u00e9s clandestins,     probablement d&rsquo;origine\u00a0 nord-africaine.<\/span><\/p>\n<p align=\"justify\">\u00a0<\/p>\n<p align=\"justify\"> <span lang=\"FR\">L&#8217;embarcation     avec \u00e0 son bord environ 200 personnes dont 7\u00a0 femmes, avait dans un premier     temps \u00e9t\u00e9 rep\u00e9r\u00e9e dans les eaux\u00a0 internationales par une vedette des     garde-c\u00f4tes tunisiennes, qui\u00a0 avaient signal\u00e9 sa pr\u00e9sence aux autorit\u00e9s     maltaises et italiennes.<\/span><\/p>\n<p align=\"justify\">\u00a0<\/p>\n<p align=\"justify\"> <span lang=\"FR\">Les garde-c\u00f4tes     italiens ont intercept\u00e9 l&#8217;embarcation d\u00e8s\u00a0 qu&rsquo;elle a p\u00e9n\u00e9tr\u00e9 dans ses eaux     et a achemin\u00e9 ses occupants vers\u00a0 l&rsquo;\u00eele de Lampedusa, au sud de la Sicile,     territoire italien le plus\u00a0 proche des c\u00f4tes tunisiennes et libyennes.<\/span><\/p>\n<p align=\"justify\">\u00a0<\/p>\n<p align=\"justify\"> <span lang=\"FR\">En 2005, 207     embarcations ont \u00e9t\u00e9 intercept\u00e9es pr\u00e8s des c\u00f4tes\u00a0 italiennes avec \u00e0 leur     bord pr\u00e8s de 22.000 immigr\u00e9s clandestins. 70\u00a0 cadavres de migrants ont \u00e9t\u00e9     \u00e9galement d\u00e9couverts par les\u00a0 garde-c\u00f4tes et les douaniers durant la m\u00eame     p\u00e9riode.<\/span><\/p>\n<p align=\"justify\">\u00a0<\/p>\n<p align=\"justify\"><b> <span lang=\"EN-GB\">AFP <\/span> <\/b><\/p>\n<p><\/font> <\/div>\n<p> <\/font>  <\/p>\n<hr\/>\n<div align=\"left\">    \u00a0<\/div>\n<div align=\"left\"> <font> <\/p>\n<div align=\"center\"> <strong><\/p>\n<h2 style=\"color: red;\"><font size=\"3\">Les argentiers euro-m\u00e9diterran\u00e9ens       en conclave en juin prochain \u00e0 Tunis<\/font><\/h2>\n<p><\/strong> \u00a0<\/div>\n<div align=\"center\">      \u00a0<\/div>\n<div align=\"justify\">      Les ministres euro-m\u00e9diterran\u00e9ens de l&rsquo;Economie et des Finances se       r\u00e9uniront les 25 et 26 juin prochain \u00e0 Tunis pour \u00e9tudier l&rsquo;accompagnement       de fa\u00e7on \u00ab\u00a0consistante et appropri\u00e9e\u00a0\u00bb des efforts de d\u00e9veloppement des pays       de la rive Sud de la M\u00e9diterran\u00e9e, a-t-on appris samedi dans la capitale       tunisienne.       Les pr\u00e9paratifs de cette r\u00e9union ont \u00e9t\u00e9 au centre de la visite de travail       en Tunisie d&rsquo;une d\u00e9l\u00e9gation de la Banque europ\u00e9enne d&rsquo;investissement (BEI)       conduite par son vice-pr\u00e9sident, Philippe de Fontaine Vive. Les travaux       seront ax\u00e9s sur la Facilit\u00e9 Euromed pour l&rsquo;investissement et le       partenariat (FEMIP) appel\u00e9e \u00e0 se transformer en banque eurom\u00e9diterran\u00e9enne       de d\u00e9veloppement, selon l&rsquo;agence de presse tunisienne TAP.       Lors de son s\u00e9jour, M. De Fontaine Vive, qui \u00e9tait accompagn\u00e9 notamment du       directeur charg\u00e9 de la FEMIP, Claudio Corteze, a eu des entretiens avec       les hauts responsables du gouvernement tunisien, dont le Premier ministre       Mohamed Ghannouchi.       L&rsquo;accent a \u00e9t\u00e9 mis sur \u00ab\u00a0le r\u00f4le important\u00a0\u00bb que ne cesse de jouer la BEI       dans le cadre du processus de Barcelone lanc\u00e9 en 1995 mais critiqu\u00e9 ces       derni\u00e8res ann\u00e9es par les pays du Sud. Au plan bilat\u00e9ral, le responsable de       la BEI a qualifi\u00e9 de \u00ab\u00a0remarquable\u00a0\u00bb la coop\u00e9ration entre son institution et       la Tunisie \u00e0 laquelle la banque europ\u00e9enne a accord\u00e9 quelque 260 millions       d&rsquo;euros en 2005 et pr\u00e9voit de d\u00e9velopper ces investissements en 2006. AP<\/div>\n<p> <\/font> <\/div>\n<p> <\/span><span lang=\"FR\"><\/p>\n<hr\/>\n<p><\/span> <\/p>\n<h2 align=\"left\" style=\"color: red;\"> <span lang=\"FR\"><font size=\"3\">EUROMED,   DIX ANS DE PARTENARIAT\u00a0: QUEL R\u00c9SULTAT\u00a0?<\/font><\/span><\/h2>\n<p align=\"justify\">\u00a0<\/p>\n<p align=\"justify\"><b> <span lang=\"EN-GB\">  Introduction<\/span><\/b><\/p>\n<p align=\"justify\">\u00a0<\/p>\n<p align=\"justify\"> <span lang=\"FR\">Je tiens \u00e0   remercier les organisateurs de la 3\u00e8me assembl\u00e9e g\u00e9n\u00e9rale du Forum Social   Syndical EuroMed pour leur invitation afin de pr\u00e9senter la conf\u00e9rence   d\u2019ouverture intitul\u00e9e\u00a0: 10 ans de partenariat\u00a0: quel r\u00e9sultat\u00a0?<\/span><\/p>\n<p align=\"justify\"> <span lang=\"FR\">   Ce sujet, au-del\u00e0 de son int\u00e9r\u00eat et de son actualit\u00e9 couvre beaucoup de   domaines relatifs aux dimensions \u00e9conomiques, sociales et politiques.<\/span><\/p>\n<p align=\"justify\"> <span lang=\"FR\">   Pour tenter de l\u2019aborder selon une d\u00e9marche analytique, je me trouve contraint   d\u2019adopter, assez souvent, un style t\u00e9l\u00e9graphique. En outre, sans nier les   nuances et les diff\u00e9rences qui existent n\u00e9cessairement entre les pays du Sud   de la M\u00e9diterran\u00e9e, je serais amen\u00e9 \u00e0 d\u00e9gager et \u00e0 insister sur les tendances   fortes r\u00e9sultant des accords de partenariat plut\u00f4t que de m\u2019arr\u00eater sur les   d\u00e9tails qui risquent d\u2019alourdir sans int\u00e9r\u00eat cet expos\u00e9.<\/span><\/p>\n<p align=\"justify\"> <span lang=\"FR\">   Enfin, anim\u00e9 par le m\u00eame souci de couvrir d\u2019une fa\u00e7on claire et accessible   l\u2019ensemble des domaines je devais renoncer aussi \u00e0 la pr\u00e9sentation d\u2019une   information statistique, pourtant abondante et me contenter d\u2019illustrer   certains ph\u00e9nom\u00e8nes \u00e0 partir de donn\u00e9es relatives au Maghreb et en particulier   \u00e0 la Tunisie qui a sign\u00e9 le premier accord de partenariat avec l\u2019Union   europ\u00e9enne en 1995.<\/span><\/p>\n<p align=\"justify\"> <span lang=\"FR\">   Ces remarques \u00e9tant faites, il faut rappeler que le processus de Barcelone   visait au d\u00e9part, en 1995, la construction d\u2019une r\u00e9gion EuroMed de paix, de   stabilit\u00e9 et de prosp\u00e9rit\u00e9 partag\u00e9e. Cette intention g\u00e9n\u00e9reuse affich\u00e9e par   tous les partenaires a cr\u00e9\u00e9 un grand espoir chez les acteurs de la soci\u00e9t\u00e9   civile qui avaient, en particulier, cru \u00e0 l\u2019existence d\u2019une r\u00e9elle volont\u00e9   politique pour mener ce processus \u00e0 son terme et r\u00e9aliser un projet soci\u00e9tal   int\u00e9grateur et porteur de modernit\u00e9 et de progr\u00e8s pour les partenaires.<\/span><\/p>\n<p align=\"justify\"> <span lang=\"FR\">   La mise en \u0153uvre de ce processus a donn\u00e9 lieu \u00e0 la signature d\u2019un ensemble   d\u2019accords bilat\u00e9raux de partenariat (ou d\u2019association) entre l\u2019UE d\u2019un c\u00f4t\u00e9 et   les diff\u00e9rents pays du Sud EuroMed de l\u2019autre. Ces accords visent \u00e0 b\u00e2tir une   vaste zone de libre \u00e9change entre les deux rives de la M\u00e9diterran\u00e9e, en   conformit\u00e9 avec le principe de r\u00e9ciprocit\u00e9 pr\u00f4n\u00e9 par l\u2019OMC, tout en   l\u2019accompagnant de fonds structurels pour faciliter les r\u00e9formes envisag\u00e9es   (lib\u00e9ralisation, privatisation, mise \u00e0 niveau&#8230;).   Dix ans plus tard, l\u2019espoir suscit\u00e9 au d\u00e9part a vite c\u00e9d\u00e9 la place, \u00e0 la   d\u00e9ception chez les uns, la contestation chez les autres et, dans tous les cas,   au d\u00e9sarroi et \u00e0 l\u2019inqui\u00e9tude chez tous les acteurs impliqu\u00e9s directement dans   le processus de Barcelone.<\/span><\/p>\n<p align=\"justify\"> <span lang=\"FR\">   C\u2019est aussi le diagnostic \u00e9tabli par tous ceux (du Nord comme du sud) qui ont   cherch\u00e9 \u00e0 \u00e9valuer le processus de Barcelone et ont conclu \u00e0 l\u2019\u00e9chec du   processus. Cette conclusion a \u00e9t\u00e9 d\u00e9montr\u00e9e et r\u00e9affirm\u00e9e par diff\u00e9rentes   analyses pr\u00e9sent\u00e9es r\u00e9cemment le 1 et 2 octobre 2005 \u00e0 l\u2019occasion d\u2019un   colloque organis\u00e9 \u00e0 Marseille par l\u2019Institut de la M\u00e9diterran\u00e9e et le cercle   des Economistes.<\/span><\/p>\n<p> <span lang=\"FR\"> <\/p>\n<p align=\"justify\">   Partant de cette unanimit\u00e9 mon intervention va chercher\u00a0:    <\/p>\n<p><\/span><span lang=\"EN-GB\"><img alt=\"-\" border=\"0\" height='11src=\"http:\/\/www.fdtl.org\/puce.gif\"' width=\"8\"\/><\/span><span lang=\"FR\">\u00a0\u00a0\u00e0   expliquer les origines de l\u2019\u00e9chec    <\/span><span lang=\"EN-GB\"><img alt=\"-\" border=\"0\" height='11src=\"http:\/\/www.fdtl.org\/puce.gif\"' width=\"8\"\/><\/span><span lang=\"FR\">\u00a0\u00a0\u00e0   rappeler le contenu de l\u2019\u00e9chec en distinguant les diff\u00e9rentes dimensions   \u00e9conomique, sociale et politique et en d\u00e9gageant les principaux aspects   relatifs \u00e0 l\u2019\u00e9chec    <\/span><span lang=\"EN-GB\"><img alt=\"-\" border=\"0\" height='11src=\"http:\/\/www.fdtl.org\/puce.gif\"' width=\"8\"\/><\/span><span lang=\"FR\">\u00a0\u00a0\u00e0   identifier les conditions et les perspectives d\u2019une relance du processus de   barcelone<\/span> <\/p>\n<p align=\"justify\">\u00a0<\/p>\n<p align=\"justify\"> <span lang=\"FR\"><strong> <font>&#8230;. <i>Pour lire l\u2019int\u00e9garlit\u00e9 de l\u2019expos\u00e9   de Monsieur BEDOUI,  <a href=\"http:\/\/www.fdtl.org\/IMG\/pdf\/200512_EUROMED.pdf\" target=\"_blank\" rel=\"noopener\">  cliquez ici<\/a> ou sur l\u2019ic\u00f4ne ci dessous&#8230;<\/i><\/font><\/strong><\/span><\/p>\n<p> <span lang=\"EN-GB\"> <\/p>\n<p>\u00a0<\/p>\n<p align=\"center\"> <a href=\"http:\/\/www.fdtl.org\/IMG\/pdf\/200512_EUROMED.pdf\" target=\"_blank\" rel=\"noopener\"> <img decoding=\"async\" alt=\"\" border=\"0\" height=\"52\" hspace=\"3\" src=\"http:\/\/www.fdtl.org\/IMG\/icones\/pdf-dist.png\" vspace=\"3\" width=\"48\"\/><\/a><\/p>\n<p><\/span><span lang=\"FR\"> <\/span><b><span lang=\"FR\"> <font face=\"Arial\" size=\"3\">10 ans de partenariat\u00a0: quel r\u00e9sultat\u00a0?    <\/font>   \u00a0<\/span><\/b> <\/p>\n<p align=\"justify\"><b> <span lang=\"FR-CH\">  (Source\u00a0: le site du FDTL, le 27 mars 2006)<\/span><\/b><\/p>\n<p align=\"justify\"> <font><span lang=\"EN-GB\"><strong>URL:<\/strong><\/span><span lang=\"EN-GB\"> <\/span><\/font><span lang=\"EN-GB\"> <a href=\"http:\/\/www.fdtl.org\/article.php3?id_article=134\" target=\"_blank\" rel=\"noopener\"> <strong><font>http:\/\/www.fdtl.org\/article.php3?id_article=134<\/font><\/strong><\/a><\/span><\/p>\n<p><\/span><\/font><\/font><\/div>\n<hr\/>\n<p align=\"center\"><b><a href=\"http:\/\/www.tunisnews.net\"><span>Home<\/span><span lang=\"FR-CH\"> &#8211; Accueil <\/span><span>&#8211; <\/span><span dir=\"rtl\" lang=\"AR-SA\">\u0627\u0644\u0631\u0626\u064a\u0633\u064a\u0629<\/span><\/a><\/b><\/p>\n<p><\/body><\/body><\/html><\/p>\n","protected":false},"excerpt":{"rendered":"<p>Home &#8211; Accueil &#8211; \u0627\u0644\u0631\u0626\u064a\u0633\u064a\u0629 TUNISNEWS 6\u00a0\u00e8me\u00a0ann\u00e9e, N\u00b0\u00a02135 du 27.03.2006 \u00a0archives : www.tunisnews.net AP: Football: incidents graves entre supporters de deux clubs tunisiens AFP: environ 200 immigr\u00e9s clandestins intercept\u00e9s au large de l&rsquo;italie AP: Les argentiers euro-m\u00e9diterran\u00e9ens en conclave en juin prochain \u00e0 Tunis Abdeljelil Bedoui: Euromed, dix ans de partenariat : quel r\u00e9sultat ? [&hellip;]<\/p>\n","protected":false},"author":1,"featured_media":22040,"comment_status":"open","ping_status":"open","sticky":false,"template":"","format":"standard","meta":{"inline_featured_image":false,"site-sidebar-layout":"default","site-content-layout":"","ast-site-content-layout":"default","site-content-style":"default","site-sidebar-style":"default","ast-global-header-display":"","ast-banner-title-visibility":"","ast-main-header-display":"","ast-hfb-above-header-display":"","ast-hfb-below-header-display":"","ast-hfb-mobile-header-display":"","site-post-title":"","ast-breadcrumbs-content":"","ast-featured-img":"","footer-sml-layout":"","ast-disable-related-posts":"","theme-transparent-header-meta":"","adv-header-id-meta":"","stick-header-meta":"","header-above-stick-meta":"","header-main-stick-meta":"","header-below-stick-meta":"","astra-migrate-meta-layouts":"default","ast-page-background-enabled":"default","ast-page-background-meta":{"desktop":{"background-color":"","background-image":"","background-repeat":"repeat","background-position":"center center","background-size":"auto","background-attachment":"scroll","background-type":"","background-media":"","overlay-type":"","overlay-color":"","overlay-opacity":"","overlay-gradient":""},"tablet":{"background-color":"","background-image":"","background-repeat":"repeat","background-position":"center center","background-size":"auto","background-attachment":"scroll","background-type":"","background-media":"","overlay-type":"","overlay-color":"","overlay-opacity":"","overlay-gradient":""},"mobile":{"background-color":"","background-image":"","background-repeat":"repeat","background-position":"center center","background-size":"auto","background-attachment":"scroll","background-type":"","background-media":"","overlay-type":"","overlay-color":"","overlay-opacity":"","overlay-gradient":""}},"ast-content-background-meta":{"desktop":{"background-color":"var(--ast-global-color-5)","background-image":"","background-repeat":"repeat","background-position":"center center","background-size":"auto","background-attachment":"scroll","background-type":"","background-media":"","overlay-type":"","overlay-color":"","overlay-opacity":"","overlay-gradient":""},"tablet":{"background-color":"var(--ast-global-color-5)","background-image":"","background-repeat":"repeat","background-position":"center center","background-size":"auto","background-attachment":"scroll","background-type":"","background-media":"","overlay-type":"","overlay-color":"","overlay-opacity":"","overlay-gradient":""},"mobile":{"background-color":"var(--ast-global-color-5)","background-image":"","background-repeat":"repeat","background-position":"center center","background-size":"auto","background-attachment":"scroll","background-type":"","background-media":"","overlay-type":"","overlay-color":"","overlay-opacity":"","overlay-gradient":""}},"footnotes":""},"categories":[],"tags":[55,37,29],"class_list":["post-17559","post","type-post","status-publish","format-standard","has-post-thumbnail","hentry","tag-55","tag-37","tag-fr"],"_links":{"self":[{"href":"https:\/\/tunisnews.net\/ar\/wp-json\/wp\/v2\/posts\/17559","targetHints":{"allow":["GET"]}}],"collection":[{"href":"https:\/\/tunisnews.net\/ar\/wp-json\/wp\/v2\/posts"}],"about":[{"href":"https:\/\/tunisnews.net\/ar\/wp-json\/wp\/v2\/types\/post"}],"author":[{"embeddable":true,"href":"https:\/\/tunisnews.net\/ar\/wp-json\/wp\/v2\/users\/1"}],"replies":[{"embeddable":true,"href":"https:\/\/tunisnews.net\/ar\/wp-json\/wp\/v2\/comments?post=17559"}],"version-history":[{"count":0,"href":"https:\/\/tunisnews.net\/ar\/wp-json\/wp\/v2\/posts\/17559\/revisions"}],"wp:featuredmedia":[{"embeddable":true,"href":"https:\/\/tunisnews.net\/ar\/wp-json\/wp\/v2\/media\/22040"}],"wp:attachment":[{"href":"https:\/\/tunisnews.net\/ar\/wp-json\/wp\/v2\/media?parent=17559"}],"wp:term":[{"taxonomy":"category","embeddable":true,"href":"https:\/\/tunisnews.net\/ar\/wp-json\/wp\/v2\/categories?post=17559"},{"taxonomy":"post_tag","embeddable":true,"href":"https:\/\/tunisnews.net\/ar\/wp-json\/wp\/v2\/tags?post=17559"}],"curies":[{"name":"wp","href":"https:\/\/api.w.org\/{rel}","templated":true}]}}