{"id":17533,"date":"2006-06-04T00:00:00","date_gmt":"2006-06-04T00:00:00","guid":{"rendered":"https:\/\/tunisnews.net\/4-juin-2006\/"},"modified":"2006-06-04T00:00:00","modified_gmt":"2006-06-04T00:00:00","slug":"4-juin-2006","status":"publish","type":"post","link":"https:\/\/tunisnews.net\/ar\/4-juin-2006\/","title":{"rendered":"4 juin 2006"},"content":{"rendered":"<p><html><head><meta content=\"text\/html\" description=\"Les \n    prisonniers politiques de la prison Borj Erroumi organisent demain lundi 5 \n    juin, une gr\u00e8ve de la faim en terme de protestation contre les agissements \n    des autorit\u00e9s p\u00e9nitentiaires. Le directeur de la prison\" http-equiv=\"Content-Type\"\/><\/head><body><body style=\"text-align: justify\"><\/p>\n<p align=\"center\"><b><a href=\"http:\/\/www.tunisnews.net\"><span>Home<\/span><span lang=\"FR-CH\"> &#8211; Accueil <\/span><span>&#8211; <\/span><span dir=\"rtl\" lang=\"AR-SA\">\u0627\u0644\u0631\u0626\u064a\u0633\u064a\u0629<\/span><\/a><\/b><\/p>\n<div> <font face=\"Arial\" size=\"2\"> <\/p>\n<div>\n<div>\n<table border=\"1\" width=\"100%\">\n<tr>\n<td bgcolor=\"#efefef\" width=\"100%\"> <span lang=\"AR-SA\"> <\/p>\n<div align=\"left\">  <\/div>\n<div> <span lang=\"FR\"> <\/p>\n<div align=\"center\" dir=\"ltr\"> <font face=\"Arial\"><font size=\"2\"> <span lang=\"SV\"> <strong>TUNISNEWS<\/strong><\/span> <\/font><\/font> <\/div>\n<div align=\"center\" dir=\"ltr\"> <strong><font face=\"Arial\"><font size=\"2\">              7\u00a0\u00e8me\u00a0ann\u00e9e, <span lang=\"FR\">N\u00b0\u00a02204 du 04.06.2006<\/span><\/font><\/font><\/strong><\/div>\n<div align=\"center\" dir=\"ltr\"> <strong> <\/p>\n<div align=\"center\"> <b><span><blink> <font face=\"Arial\" size=\"2\">\u00a0archives : <\/font> <a href=\"http:\/\/www.tunisnews.net\/\" target=\"_blank\" rel=\"noopener\"> <font face=\"Arial\" size=\"2\" target=\"_blank\">                www.tunisnews.net<\/font><\/a><\/blink><\/span><\/b><font face=\"Arial\" size=\"2\"> <\/font> <\/div>\n<p> <\/strong><\/div>\n<p> <\/span><\/div>\n<div align=\"left\" dir=\"ltr\"> <font face=\"Arial\" size=\"2\"> <\/p>\n<hr noshade=\"\" size=\"8\"\/><\/font><font face=\"Arial\"> <span lang=\"FR-CH\"> <\/p>\n<div> <span lang=\"FR\"> <span> <\/p>\n<div>\n<div>\n<p><font face=\"Arial\" size=\"2\"><strong>                   V\u00e9rit\u00e9-Action: Tunisie &#8211;\u00a0 La libert\u00e9 religieuse bafou\u00e9e                    <font>LTDH: Lib\u00e9ration d\u2019Ali Ben Salem et des                   autres<\/font>                   AP: Tunisie: des salafistes pr\u00e9sum\u00e9s devant la justice                   <font>AP: Huit morts dans l&rsquo;effondrement d&rsquo;un                   mur \u00e0 Gab\u00e8s dans le sud de la Tunisie<\/font>                   Info Tunisie.com: Pr\u00e9cisions de source officielle \u00e0 Tunis                    <font>The Washington Times : Tunisian activist                   defiant under oppression<\/font>                   Mea culpa: Lettre \u00e0 Sami Ben Abdallah: Slim Klibi \u00ab\u00a0mort pour                   rien\u00a0\u00bb Que son \u00e2me repose en paix                   <font>Le Soleil: De Tunis \u00e0 Qu\u00e9bec<\/font>                   Le Temps \u00bb (Suisse): Michel Decastel, star du foot tunisien                   <font>Lib\u00e9ration : Suisse, les services                   secrets pi\u00e9g\u00e9s par leur taupe<\/font>                    La Presse: Le sacr\u00e9 et l\u2019interdit <\/strong><\/font><\/p>\n<\/p><\/div>\n<\/p><\/div>\n<p> <\/span><\/span> <\/div>\n<p> <\/span> <\/font><\/div>\n<p> <\/span><\/td>\n<\/tr>\n<\/table><\/div>\n<\/p><\/div>\n<div>    \u00a0    <\/p>\n<p align=\"center\"> <b><span> <font size=\"2\">V\u00e9rit\u00e9-Action<\/font><\/span><\/b><\/p>\n<p> <b><span> <\/p>\n<p align=\"center\"> <font size=\"2\">\u00a0<\/font><\/p>\n<p><\/span><\/b> <\/p>\n<p align=\"center\"> <b><span> <font size=\"2\">Tunisie\u00a0: <\/font><\/span><\/b><\/p>\n<p align=\"center\"> <font size=\"2\"><b> <span> <font size=\"3\">La<\/font> <font size=\"3\">libert\u00e9 religieuse bafou\u00e9e<\/font><\/span><\/b><\/font><font size=\"3\"><b><span> <\/span><\/b><\/font><b><span> \u00a0<\/span><\/b><\/p>\n<p>\u00a0<\/p>\n<p> <span><font size=\"2\">Les     prisonniers politiques de la prison Borj Erroumi organisent demain lundi 5     juin, une gr\u00e8ve de la faim en terme de protestation contre les agissements     des autorit\u00e9s p\u00e9nitentiaires. Le directeur de la prison<b> Imed Ajmi<\/b> a     profan\u00e9 le Coran pour agresser un des prisonniers <b>Aymen Dridi<\/b>. Des     cas de torture, de mauvais traitements et d\u2019atteintes \u00e0 la foi et aux     croyances des prisonniers sont, \u00e9galement, rapport\u00e9es.\u00a0 <\/font><\/span><\/p>\n<p> <span><font size=\"2\">\u00a0<\/font><\/span><\/p>\n<p> <span><font size=\"2\">La section     de Bizerte de la LTDH qui a publi\u00e9 un communiqu\u00e9 relayant ces faits, s\u2019est     vue son pr\u00e9sident arr\u00eat\u00e9, deux jours apr\u00e8s, soit le 3 juin. Le militant Ali     Ben Salem, pr\u00e9sident de la section a \u00e9t\u00e9 accus\u00e9 de diffusion de fausses     informations. M. Lotfi Hajji, pr\u00e9sident du syndicat des journalistes     tunisiens et membre de la section ainsi que MM. Mohamed Ben Said et Hamda     Mezgich ont \u00e9t\u00e9 arr\u00eat\u00e9s \u00e0 leur tour. Les quatre militants ont \u00e9t\u00e9 lib\u00e9r\u00e9s en     fin de journ\u00e9e. <\/font><\/span><\/p>\n<p> <span><font size=\"2\">\u00a0<\/font><\/span><\/p>\n<p> <span><font size=\"2\">Sur un     autre plan, les autorit\u00e9s tunisiennes ont emp\u00each\u00e9 les \u00e9tudiantes du campus     universitaire de Tunis et d\u2019autres cit\u00e9s universitaires, d\u2019acc\u00e9der \u00e0 leurs     facult\u00e9s pour passer leurs examens de fin d\u2019ann\u00e9e, pour la simple raison     qu\u2019elles portent le voile.<\/font><\/span><\/p>\n<p> <span><font size=\"2\">\u00a0<\/font><\/span><\/p>\n<p> <span><font size=\"2\">Loin de     toute manipulation politique ou religieuse, le voile est un mode     vestimentaire, que des femmes et des jeunes filles tunisiennes ont choisi de     porter, et qui s\u2019inscrit dans le cadre de la libert\u00e9 fondamentale qui est     garantie par les lois et la constitution. La constitution tunisienne, dans     son article 5\u00a0\u00ab\u00a0<strong><span>garantit     l&rsquo;inviolabilit\u00e9 de la personne humaine et la libert\u00e9 de conscience<\/span><\/strong>,    <strong><span>et prot\u00e8ge le     libre exercice des cultes<\/span><\/strong>, sous r\u00e9serve qu&rsquo;il ne trouble pas     l&rsquo;ordre public\u00a0\u00bb.<\/font><\/span><\/p>\n<p> <span><font size=\"2\">\u00a0<\/font><\/span><\/p>\n<p> <span><font size=\"2\">Le d\u00e9cret     108, mis en vigueur en 1985, sous le r\u00e9gime de Bourguiba, et qui interdit le     port de ce mode vestimentaire dans les \u00e9tablissements publics, est     anticonstitutionnel et n\u2019a pas de base l\u00e9gale. En 2002, l\u2019Organisation     mondiale contre la torture (OMCT) a publi\u00e9 un rapport sur les droits de     l\u2019enfant en Tunisie dans lequel elle d\u00e9clare que ce d\u00e9cret \u00ab\u00a0<b><i>contribue     \u00e0 creuser l\u2019\u00e9cart entre les filles et les gar\u00e7ons dans le domaine des \u00e9tudes<\/i><\/b><i>(\u2026)     Ce d\u00e9cret avait entra\u00een\u00e9 l\u2019exclusion scolaire de plus d\u2019une centaine de     filles qui se retrouv\u00e8rent, par cons\u00e9quent, priv\u00e9es de leur droit \u00e0     l\u2019\u00e9ducation. <b>Le d\u00e9cret 108 ne s\u2019appliquant qu\u2019aux femmes, il constitue     une discrimination \u00e0 l\u2019\u00e9gard des filles dans la mise en \u0153uvre de leur droit     \u00e0 l\u2019\u00e9ducation.<\/b> En outre, cette interdiction illustre une discrimination     fond\u00e9e sur la foi et l\u2019opinion. L\u2019OMCT d\u00e9plore la discrimination que le     gouvernement a institu\u00e9e par le truchement de cette mesure et demande     instamment au Minist\u00e8re de l\u2019\u00e9ducation d\u2019amender ce d\u00e9cret.\u00a0\u00bb<\/i><\/font><\/span><\/p>\n<p> <span><font size=\"2\">Rappelons     que les autorit\u00e9s tunisiennes surveillent la pratique religieuse de pr\u00e8s et     proc\u00e8dent \u00e0 des arrestations m\u00eame pour les \u00e9tudiants qui prient ou     manifestent un signe religieux. Plusieurs \u00e9tudiants rapportent qu\u2019ils se     trouvent oblig\u00e9s de cacher leur pratique religieuse pour ne pas \u00eatre     d\u00e9nonc\u00e9s \u00e0 la police ou arr\u00eat\u00e9s.\u00a0 <\/font><\/span><\/p>\n<p><font size=\"2\"><b> <span>V\u00e9rit\u00e9-Action<\/span><\/b><span>     tout en condamnant l\u2019atteinte aux libert\u00e9s religieuses des citoyens et     citoyennes tunisiennes ainsi qu\u2019\u00e0 leurs convictions et croyances, <\/span> <\/font><\/p>\n<p> <font size=\"2\"><span>&#8211;<span><font face=\"Arial\">\u00a0\u00a0\u00a0\u00a0\u00a0\u00a0\u00a0\u00a0\u00a0    <\/font><\/span><\/span> <span dir=\"ltr\">apporte son     soutien aux prisonniers politiques gr\u00e9vistes et d\u00e9nonce fermement la     profanation du Coran.<\/span><\/font><\/p>\n<p> <font size=\"2\"><span>&#8211;<span><font face=\"Arial\">\u00a0\u00a0\u00a0\u00a0\u00a0\u00a0\u00a0\u00a0\u00a0    <\/font><\/span><\/span> <span dir=\"ltr\">avertit     l\u2019opinion publique internationale de la politique suivie par le pouvoir en     place qui ne cesse depuis des ann\u00e9es de discriminer des femmes et des jeunes     filles sur la base de leurs choix religieux, politiques ou militants. <\/span> <\/font><\/p>\n<p> <span><font size=\"2\">Dans un     pays qui se vante d\u2019avoir mis en place une s\u00e9rie de lois pour promouvoir la     libert\u00e9 et le statut de la femme, il est paradoxal de constater que des     femmes opposantes, militantes ou de simples \u00e9tudiantes et citoyennes se     trouvent priv\u00e9es de leur libert\u00e9 par le simple fait qu\u2019elles soient     dissidentes (le cas des agressions contre les avocates et les femmes     d\u00e9fenseurs de droits de l\u2019homme) ou qu\u2019elles aient choisies de pratiquer     leur religion. <\/font><\/span><\/p>\n<p><b> <span><font size=\"2\">Fribourg,     le 4 juin 2006 <\/font><\/span><\/b><\/p>\n<p> <span><font size=\"2\">\u00a0<\/font><\/span><\/p>\n<p><b> <span><font size=\"2\">Pour     V\u00e9rit\u00e9-Action<\/font><\/span><\/b><\/p>\n<p><b> <span><font size=\"2\">Safwa A\u00efssa,     Pr\u00e9sidente<\/font><\/span><\/b><\/p>\n<p><b> <span lang=\"FR\"> <\/span><\/b>\u00a0<\/p>\n<p><b> <span lang=\"FR\"> <font face=\"Arial\">T\u00e9l. +41797032611<\/font><\/span><\/b><\/p>\n<p><b> <span lang=\"FR\"> <font face=\"Arial\">Email.\u00a0: <\/font> <a href=\"http:\/\/fr.f265.mail.yahoo.com\/ym\/Compose?To=info@verite-action.org\" target=\"_blank\" rel=\"noopener\"> <font face=\"Arial\">info@verite-action.org<\/font><\/a><\/span><\/b><\/p>\n<p><b> <span lang=\"FR\"> <font face=\"Arial\">Site : <\/font><a href=\"\" target=\"_blank\" rel=\"noopener\"> <font face=\"Arial\">www.verite-action.org<\/font><\/a><\/span><\/b><\/p>\n<\/div>\n<div> <font size=\"2\"> <\/p>\n<div align=\"center\">      \u00a0<\/div>\n<div align=\"center\">\n<hr\/><\/div>\n<p> <font> <\/p>\n<div align=\"center\"> <span lang=\"FR\"><strong>Ligue Tunisienne pour la D\u00e9fense des Droits de       l\u2019Homme<\/strong><\/span><\/div>\n<p> <\/font><\/p>\n<p><font size=\"3\"> <\/p>\n<div align=\"center\"> <span lang=\"FR\"> <strong>Flash Infos<\/strong><\/span><\/div>\n<div align=\"center\"> <span lang=\"FR\"><strong>\u00a0<\/strong><\/span><\/div>\n<div align=\"center\"> <span lang=\"FR\"><strong>3 juin 2006<\/strong><\/span><\/div>\n<div align=\"center\"> <span lang=\"FR\"><strong>\u00a0<\/strong><\/span><\/div>\n<div align=\"center\"> <span lang=\"FR\"><strong>Lib\u00e9ration d\u2019Ali Ben Salem et des autres<\/strong><\/span><\/div>\n<div align=\"center\"> <span lang=\"FR\"><strong>\u00a0<\/strong><\/span><\/div>\n<div align=\"justify\"> <span lang=\"FR\"><font size=\"2\">Le 3 juin 2006 a vu la       remise en libert\u00e9 (aux environs de 16 H 30) d\u2019Ali Ben Salem, pr\u00e9sident de       la section de Bizerte de la LTDH, qui avait \u00e9t\u00e9 arr\u00eat\u00e9 le matin m\u00eame \u00e0 la       suite de la publication, la veille, d\u2019un communiqu\u00e9 qui condamnait la       profanation du Coran et l\u2019agression des croyances des prisonniers       politiques ainsi que la pratique de la torture qui perdure dans les       prisons tunisiennes.<\/font><\/span><\/div>\n<div align=\"justify\"> <span lang=\"FR\"><font size=\"2\">Monsieur Ben Salem a \u00e9t\u00e9       d\u00e9f\u00e9r\u00e9 devant le juge d\u2019instruction du premier bureau du tribunal de       premi\u00e8re instance de Bizerte qui l\u2019a inculp\u00e9 des chefs de publication de       fausses nouvelles de nature \u00e0 troubler l\u2019ordre public et de diffamation       d\u2019agents de l\u2019autorit\u00e9 publique, en vertu des articles 49 et suivants du       code de la presse.<\/font><\/span><\/div>\n<div align=\"justify\"> <span lang=\"FR\"><font size=\"2\">A la demande de la d\u00e9fense,       le juge d\u2019instruction a d\u00e9cid\u00e9 de reporter l\u2019interrogatoire de monsieur       Ali Ben Salem \u00e0 une \u00e9ch\u00e9ance convenable, de le laisser en libert\u00e9 et de       lui interdire de voyager.<\/font><\/span><\/div>\n<div align=\"justify\"> <span lang=\"FR\"><font size=\"2\">Peu auparavant, avaient \u00e9t\u00e9       rel\u00e2ch\u00e9s messieurs Lotfi Hajji, membre du comit\u00e9 de section et pr\u00e9sident       du Syndicat des Journalistes Tunisiens, monsieur Hamda Mezguich, membre du       comit\u00e9 de section de Bizerte, et monsieur Mohammed Ben Sa\u00efd, militant       connu \u00e0 Bizerte, apr\u00e8s qu\u2019ils eurent \u00e9t\u00e9 d\u00e9tenus pour des dur\u00e9es variables       dans les locaux de la police. Ces derniers n\u2019ont pas \u00e9t\u00e9 accus\u00e9s ni       d\u00e9f\u00e9r\u00e9s devant le juge d\u2019instruction.<\/font><\/span><\/div>\n<div align=\"justify\"> <span lang=\"FR\"><font size=\"2\">\u00a0<\/font><\/span><\/div>\n<div align=\"justify\"> <span lang=\"FR\"><font size=\"2\"><strong><font>M. Hamda       Mezguich<\/font><\/strong><\/font><\/span><\/div>\n<div align=\"justify\"> <span lang=\"FR\"><font size=\"2\">Membre du comit\u00e9 de section       de Bizerte<\/font><\/span><\/div>\n<div align=\"justify\"> <span lang=\"FR\"><font size=\"2\">\u00a0<\/font><\/span><\/div>\n<div align=\"justify\"> <font face=\"Arial\"><span lang=\"FR\"> <font size=\"2\">(traduction ni revue ni corrig\u00e9e par les       auteurs de la version en arabe, LT)<\/font><\/span> <\/font> <\/div>\n<div align=\"center\">      \u00a0<\/div>\n<div align=\"center\">\n<hr\/><\/div>\n<div align=\"center\">\n<p><font size=\"3\"> <\/p>\n<div align=\"center\"> <font size=\"2\"><strong><\/p>\n<h2 style=\"color: red;\"><font size=\"3\">Tunisie: des         salafistes pr\u00e9sum\u00e9s devant la justice<\/font><\/h2>\n<p> \u00a0<\/strong><\/font><\/div>\n<div align=\"justify\"> <font>Associated Press, le 03 juin 2006 \u00e0 19h02                   TUNIS (AP) &#8212; Un proc\u00e8s de salafistes tunisiens pr\u00e9sum\u00e9s a d\u00e9but\u00e9 samedi         devant le tribunal de premi\u00e8re instance de Tunis qui a renvoy\u00e9 l&rsquo;examen         de l&rsquo;affaire au 28 juin en raison d&rsquo;une opposition engag\u00e9e par l&rsquo;un des         d\u00e9tenus contre le rapport de l&rsquo;instruction, a-t-on appris aupr\u00e8s de leur         avocat, Me Samir Ben Amor.                  L&rsquo;affaire concerne 25 inculp\u00e9s, dont 10 ont \u00e9t\u00e9 arr\u00eat\u00e9s et cinq laiss\u00e9s         en libert\u00e9 tandis que 10 autres sont en fuite.                  Les dix premiers ont \u00e9t\u00e9 arr\u00eat\u00e9s en Alg\u00e9rie et remis aux autorit\u00e9s         tunisiennes le 17 juin 2005. Ils faisaient l&rsquo;objet d&rsquo;un mandat de d\u00e9p\u00f4t         et d&rsquo;\u00bbavis de recherches sp\u00e9ciaux et urgents\u00bb. Quant aux cinq personnes         en libert\u00e9, elles sont accus\u00e9es d&rsquo;avoir \u00abaid\u00e9\u00bb les autres \u00e0 franchir la         fronti\u00e8re.                  Selon les documents figurant dans leur dossier judiciaire, les inculp\u00e9s         \u00e9taient actifs dans la ville de Menzel-Bourguiba, une ville industrielle         situ\u00e9e \u00e0 60km au nord de Tunis.                  Selon des sources proches du dossier, ils sont all\u00e9s en Alg\u00e9rie pour         rejoindre les camps du Groupe salafiste pour la pr\u00e9dication et le combat         (GSPC), y recevoir des entra\u00eenements et retourner en Tunisie pour         commettre des actes terroristes. Certains parmi eux ont confi\u00e9 que         l&rsquo;Alg\u00e9rie \u00e9tait pour eux une \u00e9tape de transit avant de se rendre en         Syrie pour des \u00ab\u00e9tudes\u00bb ou en Irak pour se joindre \u00e0 \u00abla r\u00e9sistance\u00bb         contre les forces de la coalition.                  Selon l&rsquo;acte d&rsquo;accusation, ils doivent r\u00e9pondre de plusieurs d\u00e9lits dont         l&rsquo;appel \u00e0 commettre des crimes terroristes et \u00e0 l&rsquo;adh\u00e9sion \u00e0 une         organisation ayant des liens avec de tels crimes et l&rsquo;utilisation du         territoire tunisien pour le recrutement d&rsquo;un groupe de personnes dans le         but de commettre un acte terroriste en Tunisie et \u00e0 l&rsquo;\u00e9tranger.                  Ils sont \u00e9galement accus\u00e9s d&rsquo;avoir suivi d&rsquo;une formation militaire \u00e0         l&rsquo;\u00e9tranger dans le but de commettre des crimes terroristes \u00e0 l&rsquo;int\u00e9rieur         et \u00e0 l&rsquo;ext\u00e9rieur du territoire tunisien et d&rsquo;avoir fourni des         informations \u00e0 une organisation dans le but d&rsquo;aider \u00e0 perp\u00e9trer des         crimes terroristes.                   Associated Press<\/font><\/div>\n<p> <\/font><\/p>\n<\/p><\/div>\n<div align=\"center\">\n<hr\/><\/div>\n<div align=\"center\">\n<p><font size=\"3\"> <strong>Huit morts dans l&rsquo;effondrement d&rsquo;un mur \u00e0 Gab\u00e8s dans le sud de la       Tunisie<\/strong><font size=\"2\"> <\/font> <\/p>\n<div align=\"justify\"> <font size=\"2\">Associated Press, le 04.06.06 \u00e0 14h47         TUNIS (AP) &#8212; Huit personnes ont p\u00e9ri et de nombreuses autres ont \u00e9t\u00e9         bless\u00e9es dimanche \u00e0 la suite de l&rsquo;effondrement d&rsquo;un mur \u00e0 proximit\u00e9 d&rsquo;un         march\u00e9 de la ville de Gab\u00e8s, dans le sud de la Tunisie, a-t-on appris de         source officielle.                   Selon l&rsquo;agence de presse tunisienne TAP, aussit\u00f4t inform\u00e9 du drame, le         pr\u00e9sident tunisien Zine El Abidine Ben Ali a d\u00e9p\u00each\u00e9 sur place le         gouverneur (pr\u00e9fet) de la r\u00e9gion pour superviser les op\u00e9rations de         secours.                   Selon un t\u00e9moin joint par l&rsquo;Associated Press, le mur \u00e9tait haut de pr\u00e8s         de huit m\u00e8tres et long d&rsquo;environ quinze m\u00e8tres. Le souk hebdomadaire         connaissait une forte affluence en cette journ\u00e9e dominicale.                   Des unit\u00e9s de la protection civile et des ambulances ont \u00e9t\u00e9 mobilis\u00e9es         pour transporter les bless\u00e9s \u00e0 l&rsquo;h\u00f4pital de la ville. Le parquet a         ouvert une enqu\u00eate pour d\u00e9terminer les causes et les circonstances du         drame, ajoute la TAP. \u00a0<\/font><\/div>\n<p> <font size=\"2\"> <\/p>\n<div align=\"justify\">\n<div align=\"justify\">\n<hr\/><\/div>\n<div align=\"center\"> <strong><\/p>\n<h2 style=\"color: red;\"><font size=\"3\">Pr\u00e9cisions de source officielle           \u00e0 Tunis<\/font><\/h2>\n<p><\/strong> <\/div>\n<div align=\"justify\">                     Une source officielle annonce qu&rsquo;\u00e0 la suite d&rsquo;un communiqu\u00e9 publi\u00e9           sous la signature de M. Ali Ben Salem et all\u00e9guant de \u00a0\u00bbmauvais           traitement de d\u00e9tenus\u00a0\u00bb et \u00a0\u00bbd&rsquo;atteinte \u00e0 la saintet\u00e9 du Saint Coran\u00a0\u00bb,           le Parquet de Bizerte a ordonn\u00e9 l&rsquo;ouverture d&rsquo;une instruction           judiciaire sur ces all\u00e9gations afin d&rsquo;apporter les \u00e9claircissements           n\u00e9cessaires et de d\u00e9limiter les responsabilit\u00e9s \u00e9ventuelles \u00e0 ce sujet.                                Il ressort de l&rsquo;instruction, au cours de laquelle ont \u00e9t\u00e9 entendues           les diverses parties concern\u00e9es, que ces all\u00e9gations sont d\u00e9nu\u00e9es de           tout fondement.                       Suite \u00e0 cela, et en conformit\u00e9 avec la loi, il a \u00e9t\u00e9 d\u00e9cid\u00e9 du           maintien en garde \u00e0 vue de M. Ali Ben Salem, et de sa pr\u00e9sentation           devant le juge d&rsquo;instruction pr\u00e9s le tribunal de premi\u00e8re instance de           Bizerte. Le juge a, cependant, autoris\u00e9 le maintien de M. Ben Salem en           libert\u00e9, et ce en raison de son \u00e2ge avanc\u00e9 et de son \u00e9tat de sant\u00e9, et           a ordonn\u00e9 la poursuite de l&rsquo;instruction \u00e0 ce sujet.                       La m\u00eame source souligne que la Tunisie, pays arabo-musulman, est           attach\u00e9e \u00e0 la protection et au respect des symboles sacr\u00e9s de l&rsquo;islam.                                Elle ne peut, de ce fait, permettre que ces symboles sacr\u00e9s soient           abus\u00e9s pour diffuser de fausses nouvelles \u00e0 m\u00eame de provoquer les           sentiments du peuple tunisien et de porter atteinte aux fondements de           sa foi.                       <strong><font>(Source : www.infotunisie.com (Officiel),           le 3 juin 2006)<\/font><\/strong><\/div>\n<\/p><\/div>\n<div align=\"justify\">        \u00a0<\/div>\n<p> <\/font><\/font><\/p>\n<\/p><\/div>\n<div align=\"center\">\n<hr\/><\/div>\n<div align=\"center\"> <strong><\/p>\n<h2 style=\"color: red;\"><font size=\"3\">DROITS DE L\u2019HOMME EN TUNISIE<\/font><\/h2>\n<p><\/strong> <strong><font>L\u2019Observatoire Lyonnais pour la d\u00e9fense       des libert\u00e9s fondamentales en Tunisie       <\/font><\/strong> <strong><font>vous invite \u00e0 une       <\/font><\/strong>\u00a0rencontre \u2013 d\u00e9bat              <strong><font size=\"3\">mardi 13 juin \u2013 19 heures.       Librairie \u00ab La Gryffe \u00bb       <\/font><\/strong>5, rue S\u00e9bastien Gryphe \u2013 Lyon 7e<\/div>\n<div align=\"justify\">             Intervenants              <strong><font>Ch\u00e9rif FERJANI\u00a0 &#8211; Professeur de civilisation       arabe et de science politique \u00e0 l&rsquo;universit\u00e9 lyon 2 &#8211; auteur de travaux       sur les rapports entre le politique et le religieux              Ahmed JLASSI\u00a0\u00a0 \u2013\u00a0 RAID \u2013 attac\/Tunisie              Abdelaziz AGOUBI\u00a0 \u2013\u00a0 Ligue des Droits de l\u2019Homme \/ Rh\u00f4ne       <\/font><\/strong>       \u00b7\u00a0\u00a0\u00a0\u00a0\u00a0\u00a0\u00a0 situation et \u00e9volution du respect des droits de l\u2019homme, de la       libert\u00e9 d\u2019_expression et d\u2019association, en Tunisie.        \u00b7\u00a0\u00a0\u00a0\u00a0\u00a0\u00a0\u00a0 \u00e9tat des lieux       \u00b7\u00a0\u00a0\u00a0\u00a0\u00a0\u00a0\u00a0 questions-r\u00e9ponses avec le public \u00a0<\/div>\n<div align=\"justify\">\n<hr\/><\/div>\n<div align=\"center\">      \u00a0<\/div>\n<div align=\"center\">      \u00a0<\/div>\n<div align=\"center\"> <strong><\/p>\n<h2 style=\"color: red;\"><font size=\"3\">Tunisian activist defiant under       oppression<\/font><\/h2>\n<p><\/strong><\/div>\n<div align=\"left\">      \u00a0<\/div>\n<p>     By <strong><font>Sharon Otterman<\/font><\/strong>          For Neila Charchour Hachicha, a blogger and democracy activist who seeks     increased political freedom in Tunisia, the crackdown came quickly and     steadily, until she was no longer able to stand it.      \u00a0\u00a0\u00a0\u00a0      \u00a0\u00a0\u00a0 In January, her husband was sentenced to 10 months in prison for     violating a zoning law in a real-estate sale. Next, her car disappeared     while she was shopping. In March, state security agents appeared at her     daughter&rsquo;s engagement party, photographing guests and cars. A few weeks     later, doctored and sexually explicit photos of her daughter arrived in the     mailboxes of all the those who had attended the party.      \u00a0\u00a0\u00a0\u00a0      \u00a0\u00a0\u00a0 Mrs. Hachicha, 51, a mother of three whose political activism is carried     out through the Internet, then lost access to her e-mail, and the Web site     of her one-woman political entity, the Mediterranean Liberal Party, was     blocked throughout Tunisia.      \u00a0\u00a0\u00a0\u00a0      \u00a0\u00a0\u00a0 Fighting back, she wrote in April to the Lebanon Star ,decrying her     treatment and calling for freedom of speech in Tunisia. In response, she was     taken to a police station for four hours of questioning.      \u00a0\u00a0\u00a0\u00a0      \u00a0\u00a0\u00a0 In mid-April, the U.S. State Department issued a statement supporting     Mrs. Hachicha. The actions against her and other \u00ab\u00a0citizens seeking to     express dissident views peacefully and organize legally &#8230; are part of a     pattern of harassment\u00a0\u00bb by the Tunisian government, it said.      \u00a0\u00a0\u00a0\u00a0      \u00a0\u00a0\u00a0 Her obligation      \u00a0\u00a0\u00a0\u00a0      \u00a0\u00a0\u00a0 Mrs. Hachicha remained defiant. In an April 27 interview at her spacious     Tunis home, she said it was her obligation as a mother and a citizen to help     move Tunisia, a single-party state under President Zine El Abidine Ben Ali,     toward a dialogue about democracy.      \u00a0\u00a0\u00a0\u00a0      \u00a0\u00a0\u00a0 \u00ab\u00a0This is no longer Tunisia; this is Ben Ali&rsquo;s land,\u00a0\u00bb she said. \u00ab\u00a0The     constitution is made for him; justice is used in his service. The press is     used in his service; it&rsquo;s all propaganda for him and his family.\u00a0\u00bb      \u00a0\u00a0\u00a0\u00a0      \u00a0\u00a0\u00a0 As the date of her husband&rsquo;s imprisonment approached, Mrs. Hachicha     began to lose her nerve. Her daughter began to blame her for her husband&rsquo;s     situation. Her brother stopped calling. Friends began to avoid her house,     showing up only in taxis so they couldn&rsquo;t be identified easily.      \u00a0\u00a0\u00a0\u00a0      \u00a0\u00a0\u00a0 \u00ab\u00a0If my husband is freed, I will stay silent, at least for a while,\u00a0\u00bb she     said earlier this month. \u00ab\u00a0But if he is imprisoned, I will need more than     ever to speak out.\u00a0\u00bb      \u00a0\u00a0\u00a0\u00a0      \u00a0\u00a0\u00a0 On May 18, her husband lost his final appeal; he is now behind bars.      \u00a0\u00a0\u00a0\u00a0      \u00a0\u00a0\u00a0 Mrs. Hachicha visits him four times a week. Instead of defiance, however,     she feels only defeat. \u00ab\u00a0I&rsquo;m retiring from politics,\u00a0\u00bb she said. \u00ab\u00a0I&rsquo;m facing     the terrible reality that I have failed. If I&rsquo;m not able to face that now,     I&rsquo;m a fool.\u00a0\u00bb      \u00a0\u00a0\u00a0\u00a0      \u00a0\u00a0\u00a0 Image vs. reality      \u00a0\u00a0\u00a0\u00a0      \u00a0\u00a0\u00a0 The Tunisian government denies playing any role in any crackdown against     Mrs. Hachicha or other political activists in Tunisia, a small Mediterranean     coastal nation of 10 million between Libya and Algeria.      \u00a0\u00a0\u00a0\u00a0      \u00a0\u00a0\u00a0 \u00ab\u00a0The allegations are baseless. Tunisian civil society is operating     freely,\u00a0\u00bb said Taoufik Chebbi, press counselor at the Embassy of Tunisia in     Washington.      \u00a0\u00a0\u00a0\u00a0      \u00a0\u00a0\u00a0 Political opposition figures and human rights organizations say what is     happening to Mrs. Hachicha is common government practice in Tunisia. Her     case and others like it, they say, expose the distance between the     postcard-perfect Tunisia marketed to the 5 million tourists who visit each     year and the tough reality of Tunisian politics.      \u00a0\u00a0\u00a0\u00a0      \u00a0\u00a0\u00a0 Tunisia, the site of ancient Carthage and a protectorate of France for     75 years until 1956, is one of the most Westernized and secular corners of     the Arab world. Its economy is growing, and its literacy rates are high.     Women are guaranteed equal rights and polygamy is banned.      \u00a0\u00a0\u00a0\u00a0      \u00a0\u00a0\u00a0 In Tunis, French-style boulevards and sleek trams give the impression of     a modern, progressive Arab state, but Western diplomats and analysts say the     regime has bought stability by cracking down on even moderate public dissent.         \u00a0\u00a0\u00a0\u00a0      \u00a0\u00a0\u00a0 As Islam rises as a political force in the region, Tunisian officials     consider the government to be the bulwark that can prevent this     traditionally secular country from falling to religious rule.      \u00a0\u00a0\u00a0\u00a0      \u00a0\u00a0\u00a0 Activists challenged      \u00a0\u00a0\u00a0\u00a0      \u00a0\u00a0\u00a0 Telephones are tapped and many Internet sites &#8212; including those of     Amnesty International and even at times the U.S. Embassy &#8212; are blocked.     E-mails that mention the president&rsquo;s name are unlikely to reach their     destinations. Newspapers and other forms of media are tightly controlled,     and public figures are monitored.      \u00a0\u00a0\u00a0\u00a0      \u00a0\u00a0\u00a0 \u00ab\u00a0It is theater,\u00a0\u00bb said Kadija Cherif, who heads the Tunisian Association     of Women Democrats, explaining the distance between appearance and reality     in Tunisia.      \u00a0\u00a0\u00a0\u00a0      \u00a0\u00a0\u00a0 \u00ab\u00a0Whether you are moderate or radical, the government cannot accept your     activity and the response is the same. All activists are treated this way     for the past 10 years. The government confiscates their cars, fires them     from their jobs, goes after their husbands or wives or even their children,\u00a0\u00bb     she said.      \u00a0\u00a0\u00a0\u00a0      \u00a0\u00a0\u00a0 Mrs. Hachicha tried to chart her own path among activists in Tunisia.     Most people involved in the small community of democracy activists here &#8212;     perhaps 500 to 1,000 people &#8212; band together in human rights groups,     nongovernmental organizations or recognized political parties. Mrs. Hachicha     worked mainly alone.      \u00a0\u00a0\u00a0\u00a0      \u00a0\u00a0\u00a0 She approves of the Bush administration and its military overthrow of     Iraqi dictator Saddam Hussein in a region where U.S. foreign policy is     widely despised. Most democracy activists here come from a leftist     tradition; Mrs. Hachicha&rsquo;s ideas are rooted in Western liberalism.      \u00a0\u00a0\u00a0\u00a0      \u00a0\u00a0\u00a0 In French and English on her Web site (plmonline.blogs.com), she sought     international support, which she felt was the only way to influence the     Tunisian regime.      \u00a0\u00a0\u00a0\u00a0      \u00a0\u00a0\u00a0 Calls for help      \u00a0\u00a0\u00a0\u00a0      \u00a0\u00a0\u00a0 Though she has run her unofficial political party since 1999, her     profile did not begin to rise until last year, after she began an Internet     correspondence with American newspaper columnist Daniel Pipes, a prominent     conservative. Mr. Pipes put her in touch with the American Enterprise     Institute (AEI), a Washington think tank known for its neoconservative views.         \u00a0\u00a0\u00a0\u00a0      \u00a0\u00a0\u00a0 In January, she traveled to Washington to speak at an AEI conference     that brought together democracy activists from throughout the Arab world.     She then appeared on Al Jazeera television and spoke about political     repression in Tunisia.      \u00a0\u00a0\u00a0\u00a0      \u00a0\u00a0\u00a0 \u00ab\u00a0In Tunisia, there is no freedom of expression and no freedom of     association. For three people to gather, they need a license from the     Ministry of Interior. How can a dialogue be established under this pressure?\u00a0\u00bb     she asked on the air.      \u00a0\u00a0\u00a0\u00a0      \u00a0\u00a0\u00a0 A few weeks after she returned home, the crackdown began.      \u00a0\u00a0\u00a0\u00a0      \u00a0\u00a0\u00a0 Mrs. Hachicha said she hoped that the U.S. government would continue to     back her against the government of Mr. Ben Ali, much as President Bush     promised in his second inaugural address when he said the United States     would stand with democratic reformers facing repressive regimes.      \u00a0\u00a0\u00a0\u00a0      \u00a0\u00a0\u00a0 Activists in Tunisia say she feels isolated.      \u00a0\u00a0\u00a0\u00a0      \u00a0\u00a0\u00a0 \u00ab\u00a0I thought that speaking out would be my protection,\u00a0\u00bb she said after her     husband&rsquo;s imprisonment, as she weighed out loud whether to write articles     and continue her Web site. \u00ab\u00a0But I am discovering the hard reality that, in a     regime like this, it is not.\u00a0\u00bb\u00a0     \u00a0\u00a0\u00a0\u00a0          <strong><font>(Source: \u00a0The Washington Times\u00a0 Published May     31, 2006)<\/font><\/strong><\/p>\n<div align=\"center\">\n<hr\/><\/div>\n<div align=\"center\"> <strong><font>Lettre \u00e0 Sami Ben Abdallah       <\/font><\/strong> <strong><\/p>\n<h2 style=\"color: red;\"><font size=\"3\">Slim Klibi \u00ab\u00a0mort pour rien\u00a0\u00bb       Que son \u00e2me repose en paix<\/font><\/h2>\n<p><\/strong><\/div>\n<div align=\"justify\"> <strong><font>Mea culpa<\/font><\/strong>        \u00a0<\/p>\n<div> <span lang=\"FR\">        J&rsquo;ignore si vous \u00eates comme <em>\u00ab\u00a0Slim Klibi (qui) n\u2019est pas un de ces         milliers de jeunes tunisiens qui partent clandestinement \u00e0 l\u2019\u00e9tranger         pour p\u00e9rir durant le voyage et d\u00e9c\u00e9der aux abords des c\u00f4tes italiennes.<\/em>         J&rsquo;ignore aussi <em>si vous n&rsquo;\u00eates pas &#8230;\u00a0\u00bbnon plus un opposant de M. Ben         Ali pour\u00a0..(vous) voir condamn\u00e9 \u00e0 quelques ann\u00e9es de prison ou mourir         sous les bottes des tortionnaires tunisiens dans les locaux du Minist\u00e8re         de l\u2019int\u00e9rieur.<\/em> O\u00f9 encore si vous \u00eates comme Slim<em> (qui) \u00ab\u00a0est un         jeune tunisien ordinaire&#8230;\u00a0\u00bb<\/em><\/span><\/div>\n<div>        \u00a0<\/div>\n<div> <font><strong>Peut importe. Qui que vous soyez, le plus         important est que votre message est re\u00e7u 5\/5. Et personellement votre         t\u00e9moignage sur cette disparition inadmissible du regrett\u00e9 \u00ab\u00a0citoyen         anonyme\u00a0\u00bb Slim, je l&rsquo;ai re\u00e7u en pleine figure comme une giffle humiliante.         Voil\u00e0 c&rsquo;est dit. Car au-del\u00e0 du t\u00e9moignage, il y a le cri du coeur d&rsquo;un         r\u00e9volt\u00e9,\u00a0le sentiment de solitude et d&rsquo;abondon de toute une jeunesse \u00e0         son propre sort, sans rep\u00e8res et sans r\u00e9f\u00e9rents. Et vous avez tout \u00e0         fait raison -tout compte fait- de d\u00e9noncer une certaine indiff\u00e9rence         manifeste et manifest\u00e9e par vos a\u00een\u00e9s, non seulement ceux qui         appartiennent au pouvoir, dont les raisons se passent de toute         \u00e9num\u00e9ration et commentaires,\u00a0mais de ceux qui constituent \u00ab\u00a0le microcosme\u00a0\u00bb         comme vous le dites \u00e0 juste titre, dont une bonne partie partage la         responsabilit\u00e9 de la mort de tous les Slims \u00ab\u00a0pour rien\u00a0\u00bb.<\/strong><\/font><\/div>\n<div> <font><strong>En tant que membre de la soci\u00e9t\u00e9 civile         tunisienne aujourd&rsquo;hui,\u00a0je vous fais pour ma part,\u00a0\u00e0 vous m\u00eames et \u00e0         toute la jeunesse tunisienne,\u00a0encore \u00ab\u00a0capable\u00a0d&rsquo;\u00e9prouver des sentiments         nobles\u00a0\u00bb ici et ailleurs, en mon nom propre et, -je prends le risque- au         nom de tous les \u00ab\u00a0militants\u00a0\u00bb et les \u00ab\u00a0militantes\u00a0\u00bb de tous bords, qui\u00a0sommes         l\u00e0 depuis, 20, 30, 40 ans et plus, notre \u00ab\u00a0mea culpa\u00a0\u00bb pour vous avoir         laisser ce leg plein d&rsquo;interrogations\u00a0et sans r\u00e9ponse aucune,         visiblement encore pour quelque temps.\u00a0<\/strong><\/font><\/div>\n<div> <font><strong>Mea culpa, juste pour\u00a0 que nous ne         mourrons pas tous\u00a0\u00ab\u00a0pour rien\u00a0\u00bb.<\/strong><\/font><\/div>\n<div>        \u00a0<\/div>\n<div> <strong><font>Amel Bejaoui<\/font><\/strong><\/div>\n<div> <strong><font>Tunis<\/font><\/strong> \u00a0<\/div>\n<\/p><\/div>\n<div align=\"justify\">\n<hr\/><\/div>\n<div align=\"center\"> <strong><font>Collectif de la Communaut\u00e9 Tunisienne en       Europe       <\/font><\/strong>1 rue Cassini, 75014 Paris \u2013 01 43 29 68 98 \u2013 Port. : 06       60 06 59 98              dim. 4 juin 2006 \u00e0 16h45    <\/div>\n<div align=\"center\"> <strong><font>T\u00e9l\u00e9gramme Urgent : <\/font><\/strong> <\/div>\n<div align=\"center\"> <strong><font> <\/font><\/strong><\/p>\n<p><font size=\"3\"><strong>Une centaine de       personnes interpell\u00e9es        et embarqu\u00e9es pour divers commissariats de Paris       suite \u00e0 interdiction de manifestation en solidarit\u00e9 avec le peuple       palestinien.<\/strong><\/font><\/p>\n<\/div>\n<div align=\"justify\">             Manifestation de Denfert Rochereau en \u00ab Solidarit\u00e9 avec le peuple       palestinien \u00bb et \u00ab afin de d\u00e9noncer la politique europ\u00e9enne et fran\u00e7aise \u00e0       l\u2019encontre du peuple palestinien \u00bb et l\u2019embargo \u00e9conomique contre le       nouveau gouvernement palestinien \u00e9lu \u2013 cette manif pr\u00e9vue aujourd\u2019hui 4       juin 2006 \u00e0 15h pour se diriger vers l\u2019Assembl\u00e9e Nationale a \u00e9t\u00e9 interdite,       pour motif de pr\u00e9servation de \u00ab l\u2019ordre public \u00bb, une centaine de       personnes interpell\u00e9es et embarqu\u00e9es \u00e0 Denfert Rochereau vers 15h15.               Personnes interpell\u00e9es et embarqu\u00e9es :       &#8211; Ginette Skandrani qui a appel\u00e9 \u00e0 la manifestation au nom de la \u00ab Pierre       et l&rsquo;Olivier \u00bb,        &#8211; Abdelhakim Sefrioui, sa femme et ses enfants, A. Sefrioui,       co-organisateur de la manif au nom du Comit\u00e9 Cheikh Yassine ;        &#8211; des membres du Bureau de la Campagne \u00e9lectorale de Dieudonn\u00e9        &#8211; Maria Poumier, Pr\u00e9siente de l\u2019association Entre la Plume et l\u2019Enclume,             &#8211; Jean-Fran\u00e7ois Poirier, Philosophe ;        &#8211; de nombreux militants pour la cause palestinienne              \u00a0\u00a0\u00a0\u00a0\u00a0\u00a0\u00a0\u00a0\u00a0\u00a0\u00a0\u00a0\u00a0\u00a0\u00a0\u00a0\u00a0\u00a0\u00a0\u00a0\u00a0 Le Collectif pr\u00e9cise que les organisateurs ont       appel\u00e9 \u00e0 la dispersion en accord avec les repr\u00e9sentants de l\u2019ordre venus       nombreux sur place. Le Collectif d\u00e9nonce ces interpellations abusives et       demande la lib\u00e9ration imm\u00e9diate de tous les interpell\u00e9s dont des femmes et       des enfants.<\/div>\n<div align=\"justify\">             \u00a0\u00a0\u00a0\u00a0\u00a0\u00a0\u00a0\u00a0\u00a0\u00a0\u00a0\u00a0\u00a0\u00a0\u00a0\u00a0\u00a0\u00a0\u00a0\u00a0\u00a0<strong><font> P\/ Le Bureau :       \u00a0\u00a0\u00a0\u00a0\u00a0\u00a0\u00a0\u00a0\u00a0\u00a0\u00a0\u00a0\u00a0\u00a0\u00a0\u00a0\u00a0\u00a0\u00a0\u00a0\u00a0 Mondher Sfar<\/font><\/strong><\/div>\n<div align=\"justify\">             \u00a0\u00a0\u00a0\u00a0\u00a0\u00a0\u00a0\u00a0\u00a0\u00a0\u00a0\u00a0\u00a0\u00a0\u00a0\u00a0\u00a0\u00a0\u00a0\u00a0\u00a0 06 60 06 59 98              Texte de l\u2019appel \u00e0 manifester :<\/div>\n<div align=\"center\"> <strong><\/p>\n<h2 style=\"color: red;\"><font>LES PALESTINIENS       ONT BESOIN DE NOUS              VENONS NOMBREUX        LES SOUTENIR !<\/font><\/h2>\n<p> <font>Le dimanche 4 juin 2006 \u00e0 15h        De la Place Denfert-Rochereau        A l\u2019Assembl\u00e9e Nationale<\/font><\/strong><\/div>\n<div align=\"justify\"> <strong>Autrefois<\/strong> comme vous, les Palestiniens avaient un toit       qui \u00e9tait le royaume de leurs joies et de leurs malheurs.<\/div>\n<div align=\"justify\">             Comme vous, ils avaient une patrie et leurs grands-m\u00e8res leur racontaient       les histoires quelles avaient elles-m\u00eames entendues de leurs propres       grands-m\u00e8res.<\/div>\n<div align=\"justify\">             Comme vous, ils regardaient grandir et jouer leurs enfants et souriaient       en les \u00e9coutant parler de leurs r\u00eaves d\u2019avenir.<\/div>\n<div align=\"justify\">             Tout cela, ils l\u2019ont poss\u00e9d\u00e9, jusqu\u2019\u00e0 ce que soit proclam\u00e9e la d\u00e9claration       des droits de l\u2019homme, jusqu\u2019\u00e0 ce que les Nations Unies d\u00e9cident de leur       exil, les privant ainsi de leur pass\u00e9, de leur pr\u00e9sent et de leur futur.              <strong>Aujourd\u2019hui<\/strong>, leurs maisons ne sont plus que champs de       ruines sous les bombardements quotidiens, ras\u00e9es comme des ch\u00e2teaux de       cartes sous les assauts r\u00e9p\u00e9t\u00e9s de monstrueux bulldozers bien d\u00e9cid\u00e9s\u00a0 \u00e0       ensevelir leur existence pass\u00e9e.              Nous interpellons les instances europ\u00e9ennes et fran\u00e7aises et les appelons       \u00e0 revoir leur politique de non assistance \u00e0 peuple en danger et les       d\u00e9mocrates du monde entier \u00e0 se soulever contre la barbarie sioniste qui       perp\u00e9tue un nouveau g\u00e9nocide sous nos yeux.<strong> Nous ne pourrons       jamais dire : Nous ne savions pas<\/strong> <font>Nous contacter : manifpalestine@yahoo.fr\u00a0\u00a0 Tel :       06.61.02.23.19       La Pierre et l&rsquo;Olivier, l&rsquo;AZLS, le Comit\u00e9 Cheikh Yassine, le collectif de       la Communaut\u00e9 tunisienne en Europe,\u00a0 le collectif Guantanamo et Dieudonn\u00e9.<\/font><\/div>\n<div align=\"justify\">\n<hr\/><\/div>\n<div align=\"center\"> <strong><\/p>\n<h3 style=\"color: blue;\"><font size=\"3\">De Tunis \u00e0 Qu\u00e9bec<\/font><\/h3>\n<p><\/strong><\/div>\n<div align=\"justify\"> <strong><font>Provencher, Normand<\/font><\/strong> <\/div>\n<div align=\"justify\">             On dit de Qu\u00e9bec qu&rsquo;elle est incapable de retenir ses jeunes et ses       immigrants. Suivant cette logique, \u00e0 28 ans et originaire de la Tunisie,       Ta\u00efeb Moalla devrait avoir mis les voiles depuis un moment pour aller voir       si l&rsquo;herbe est plus verte ailleurs. \u00c0 Montr\u00e9al, par exemple, p\u00f4le       d&rsquo;attraction num\u00e9ro un de la plupart des nouveaux arrivants qu\u00e9b\u00e9cois.    <\/div>\n<div align=\"justify\">             Pourtant, Ta\u00efeb se pla\u00eet \u00e0 d\u00e9fier la logique. Il est toujours ici, bien       install\u00e9 depuis cinq ans avec sa blonde dans le quartier Montcalm,       convaincu plus que jamais que c&rsquo;est \u00e0 Qu\u00e9bec qu&rsquo;il veut s&rsquo;installer \u00e0       demeure.    <\/div>\n<div align=\"justify\">             \u00ab\u00a0Ma vie est ici. Je ne peux pas dire pourquoi, mais je l&rsquo;ai tout de suite       senti lorsque je suis arriv\u00e9\u00a0\u00bb, me confie le jeune journaliste pigiste,       entre deux bouch\u00e9es, au resto alg\u00e9rien Aux 2 Violons, rue Cr\u00e9mazie.    <\/div>\n<div align=\"justify\">             J&rsquo;avais crois\u00e9 Ta\u00efeb quelques instants auparavant, rue Cartier, alors       qu&rsquo;il se rendait, comme tous les vendredis, acheter son sacro-saint       exemplaire du Canard encha\u00een\u00e9. Tout un changement de cette \u00e9poque o\u00f9 il       habitait Tunis et qu&rsquo;il devait se rendre \u00e0 l&rsquo;a\u00e9roport pour qu\u00e9mander le       journal aux touristes fran\u00e7ais qui venaient de d\u00e9barquer&#8230;        Il faut dire que Ta\u00efeb est un v\u00e9ritable maniaque de tout ce qui touche       l&rsquo;actualit\u00e9 internationale, particuli\u00e8rement ce qui se passe au       Proche-Orient. Il collabore \u00e0 plusieurs m\u00e9dias qu\u00e9b\u00e9cois, \u00e9crits et       \u00e9lectroniques. Sans doute avez-vous aper\u00e7u sa signature dans Le Soleil, o\u00f9       il avait \u00e9t\u00e9 stagiaire l&rsquo;\u00e9t\u00e9 dernier.    <\/div>\n<div align=\"justify\">             \u00c0 son arriv\u00e9e \u00e0 Qu\u00e9bec, en ao\u00fbt 2001, Ta\u00efeb aurait pu faire comme la       plupart des immigrants et rechercher la compagnie de ses compatriotes.       Mais \u00ab\u00a0la culture du ghetto\u00a0\u00bb, tr\u00e8s peu pour lui. Pas de meilleure fa\u00e7on,       croit-il, pour encourager l&rsquo;exclusion sociale. Il a pr\u00e9f\u00e9r\u00e9 se fondre dans       le paysage de sa ville d&rsquo;adoption. Au fil des ans, il a apprivois\u00e9 la       poutine, a pris un peu l&rsquo;accent qu\u00e9b\u00e9cois, surtout lorsqu&rsquo;il parle avec sa       blonde, et s&rsquo;est d\u00e9couvert une v\u00e9ritable passion pour les chansons du       groupe Mes A\u00efeux, gr\u00e2ce \u00e0 qui il s&rsquo;est offert un cours d&rsquo;histoire du       Qu\u00e9bec 101.    <\/div>\n<div align=\"justify\">             Car, avant de venir s&rsquo;installer au Qu\u00e9bec, il ne savait rien de la vie ici.       Sa connaissance de l&rsquo;endroit se limitait \u00e0 la c\u00e9l\u00e8bre phrase du g\u00e9n\u00e9ral de       Gaulle. Et aussi de cette autre, il ne se souvient plus tr\u00e8s bien o\u00f9 il       l&rsquo;avait lue, voulant que les Qu\u00e9becois formaient l&rsquo;un des rares peuples \u00e0       avoir refus\u00e9 deux fois de faire leur ind\u00e9pendance&#8230;        Ta\u00efeb sait qu&rsquo;il aurait de meilleures chances de d\u00e9crocher un emploi \u00e0       Montr\u00e9al, mais il ne veut rien savoir. \u00c0 travail \u00e9gal, voire moindre, il       pr\u00e9f\u00e9rerait de loin rester \u00e0 Qu\u00e9bec. La qualit\u00e9 de vie y est meilleure, il       se sent en s\u00e9curit\u00e9, il appr\u00e9cie les services de proximit\u00e9 au centre-ville       et l&rsquo;efficacit\u00e9 du transport en commun, lui qui a fait le choix de ne pas       avoir d&rsquo;automobile. \u00ab\u00a0On dit souvent de Qu\u00e9bec que c&rsquo;est un gros village,       mais toujours dans un sens p\u00e9joratif. Mais \u00eatre un village, \u00e7a peut \u00eatre       aussi pittoresque, ce n&rsquo;est pas forc\u00e9ment une insulte.\u00a0\u00bb    <\/div>\n<div align=\"justify\">             Ta\u00efeb appr\u00e9cie aussi l&rsquo;ouverture de ses concitoyens. Jamais n&rsquo;a-t-il senti       d&rsquo;intol\u00e9rance de leur part. Arriv\u00e9 au Qu\u00e9bec un mois avant un certain 11       septembre, il n&rsquo;a jamais \u00e9t\u00e9 montr\u00e9 du doigt.    <\/div>\n<div align=\"justify\">             Alors, si Qu\u00e9bec est si tol\u00e9rante, si ouverte \u00e0 l&rsquo;\u00e9gard des immigrants,       pourquoi la plupart fout le camp ?    <\/div>\n<div align=\"justify\">             Le manque de travail, encore et toujours. Qu\u00e9bec devrait peut-\u00eatre       commencer \u00e0 mettre en pratique ce qu&rsquo;elle pr\u00eache, estime Ta\u00efeb. Autrement       dit, en donnant des emplois aux nouveaux arrivants \u00e0 la mesure de leurs       qualifications. Tout passe par l\u00e0. O\u00f9 sont les minorit\u00e9s visibles \u00e0       l&rsquo;h\u00f4tel de ville, chez les policiers, les services publics municipaux,       dans les m\u00e9dias ? demande Ta\u00efeb. \u00ab\u00a0C&rsquo;est l&rsquo;\u00e9cart entre le discours officiel       et les faits qui est fatigant. En m\u00eame temps, ce n&rsquo;est pas parce qu&rsquo;un       gars s&rsquo;appelle Mohammed qu&rsquo;il doit \u00eatre embauch\u00e9. Il doit aussi faire ses       preuves. Moi, en tout cas, je n&rsquo;ai jamais voulu jouer \u00e0 l&rsquo;Arabe de       service. Je ne veux pas \u00eatre l&rsquo;Arabe qui cache la for\u00eat&#8230;\u00a0\u00bb, lance-t-il       avec humour.    <\/div>\n<div align=\"justify\">             L&rsquo;heure du midi ach\u00e8ve, notre entretien aussi. Ta\u00efeb a h\u00e2te de rentrer       chez lui pour regarder les matchs de Roland-Garros \u00e0 la t\u00e9l\u00e9. La semaine       prochaine, c&rsquo;est la Coupe du monde de foot, alors l\u00e0, il ne se pourra       plus. Surtout lorsque la Tunisie affrontera l&rsquo;Arabie Saoudite. Ce jour-l\u00e0,       Qu\u00e9bec cessera d&rsquo;exister, son coeur et sa t\u00eate seront tr\u00e8s loin, dans le       pays qui l&rsquo;a vu na\u00eetre&#8230;<\/div>\n<div align=\"justify\"> <strong><font>(Source : Le Soleil (Qu\u00e9bec), le 4 juin       2006)<\/font><\/strong> \u00a0<\/div>\n<div align=\"justify\">\n<hr\/><\/div>\n<div align=\"center\"> <strong><font><\/p>\n<h3 style=\"color: blue;\"><font size=\"3\">Suisse: les       services secrets pi\u00e9g\u00e9s par leur taupe<\/font><\/h3>\n<p>Selon un ancien agent, Berne voulait compromettre Hani, le fr\u00e8re de       Tariq Ramadan.<\/font><\/strong><\/div>\n<div align=\"justify\"> <strong><font>par Luc HILLY<\/font><\/strong>               Gen\u00e8ve de notre correspondant               Le Centre islamique de Gen\u00e8ve, fief des extr\u00e9mistes et autres apprentis       terroristes ? Les services secrets suisses semblent en tout cas en avoir       \u00e9t\u00e9 convaincus, au point de mener une op\u00e9ration de d\u00e9stabilisation contre       son directeur, Hani Ramadan, fr\u00e8re de l&rsquo;intellectuel Tariq Ramadan et       figure de la communaut\u00e9 musulmane locale.               Dans une s\u00e9rie d&rsquo;entretiens donn\u00e9s \u00e0 la presse depuis Le Caire o\u00f9 il est       en cavale, un ancien amateur de boxe tha\u00eflandaise converti \u00e0 l&rsquo;islam,       Claude Covassi, 36 ans, affirme avoir \u00e9t\u00e9 recrut\u00e9 par les espions helv\u00e8tes       pour impliquer Hani Ramadan dans l&rsquo;envoi de volontaires pour la guerre       sainte en Irak. Vrais-faux messages d&rsquo;appels au jihad, manipulation de       fichiers informatiques du centre islamique&#8230; \u00abL&rsquo;objectif \u00e9tait triple :       prendre Hani Ramadan en flagrant d\u00e9lit, le discr\u00e9diter aupr\u00e8s de sa       communaut\u00e9 et localiser d&rsquo;\u00e9ventuels complices\u00bb, juge un familier des lieux.       Une manipulation que la pi\u00e9t\u00e9 nouvelle de Covassi a fait avorter :       ex-indicateur de la police genevoise en mati\u00e8re de stup\u00e9fiants, il aurait       d\u00e9cid\u00e9 de tout balancer \u00abpar d\u00e9go\u00fbt\u00bb apr\u00e8s sa conversion.               Le feuilleton, entre Gen\u00e8ve et Le Caire, est en passe de devenir une       affaire d&rsquo;Etat. D&rsquo;abord, parce que la commission parlementaire de contr\u00f4le       des services de renseignements s&rsquo;est empar\u00e9e de l&rsquo;affaire (elle pourrait       prochainement entendre \u00e0 Berne l&rsquo;apprenti espion Covassi, qui demande en       \u00e9change des garanties pour sa s\u00e9curit\u00e9). Ensuite, parce qu&rsquo;au milieu d&rsquo;un       fatras d&rsquo;informations non v\u00e9rifi\u00e9es, quelques tuyaux donn\u00e9s par l&rsquo;ex-taupe       semblent accr\u00e9diter les liens dans cette affaire entre les services       suisses et leurs homologues isra\u00e9liens et am\u00e9ricains. Les renseignements       obtenus par Claude Covassi auraient ainsi amen\u00e9 la compagnie a\u00e9rienne       isra\u00e9lienne El Al \u00e0 interrompre pendant une semaine en d\u00e9cembre sa       desserte de Gen\u00e8ve, en raison de menaces d&rsquo;attaques par missile. Claude       Covassi aurait aussi fourni des indications sur un r\u00e9seau de jihadistes de       la r\u00e9gion l\u00e9manique, pilot\u00e9 par les services secrets syriens.               Hani Ramadan, la cible d&rsquo;origine, se tire pour l&rsquo;heure sans dommages de       cette barbouzerie. Rien ne semble avoir \u00e9t\u00e9 retenu contre ce professeur       tr\u00e8s pieux, soup\u00e7onn\u00e9 de longue date d&rsquo;avoir un r\u00f4le au sein de la       n\u00e9buleuse islamiste. Tous deux de nationalit\u00e9 suisse, Hani et son fr\u00e8re       Tariq sont les petits-fils de Hassan el-Banna, l&rsquo;un des fondateurs du       mouvement \u00e9gyptien des Fr\u00e8res musulmans. D\u00e9j\u00e0 accus\u00e9 de pros\u00e9lytisme, Hani       Ramadan avait \u00e9t\u00e9 limog\u00e9 de son emploi de professeur, puis r\u00e9install\u00e9.       Tariq, lui, b\u00e9n\u00e9ficie actuellement d&rsquo;une bourse de l&rsquo;universit\u00e9 d&rsquo;Oxford,       o\u00f9 il travaille sur le terrorisme, en lien avec le gouvernement       britannique.              <strong><font>(Source : \u00ab Lib\u00e9ration \u00bb (France), le 3 juin       2006) <\/p>\n<hr\/>\n<p><\/font><\/strong> <\/div>\n<div align=\"center\"> <strong><\/p>\n<h3 style=\"color: blue;\"><font size=\"3\">Michel Decastel, star du foot       tunisien<\/font><\/h3>\n<p><\/strong> <strong><font>Michel Decastel, entra\u00eeneur de football \u00e0       succ\u00e8s dans le sud tunisien.<\/font><\/strong><\/div>\n<div align=\"justify\"> <strong>Depuis sept ans, l&rsquo;ancien international neuch\u00e2telois exerce ses       talents d&rsquo;entra\u00eeneur dans le Maghreb, avec succ\u00e8s. Adul\u00e9, respect\u00e9, il n&rsquo;a       que deux mots \u00e0 la bouche: adaptation et tol\u00e9rance. Derri\u00e8re ses yeux       verts se cachent la rigueur europ\u00e9enne alli\u00e9e \u00e0 un fatalisme de       circonstance.       <\/strong>       Fred Hirzel, Sfax              On lui donne du \u00abmonsieur Michel\u00bb par-ci, du \u00abmonsieur Decastel\u00bb par-l\u00e0. \u00abMerci       pour le titre national, monsieur Michel!\u00bb \u00abBravo pour la qualification en       Ligue des champions, monsieur Decastel!\u00bb               Dans les rues, le souk, les bistros de Sfax, il n&rsquo;est pas un regard qui se       d\u00e9tourne de lui, pas une main qui ne se tende avec une courbette d\u00e9vote.       Lui r\u00e9pond par un simple geste de la main, un demi-sourire entendu.       Empereur sans toge ni orgueil. Ici, \u00abmonsieur\u00bb est une star. Pas le genre       \u00e0 susciter l&rsquo;hyst\u00e9rie de midinettes affriolantes. Mais \u00e0 encourager un       sentiment peu r\u00e9pandu chez l&rsquo;homme: le respect.              Quand Michel Decastel, 50 ans, Neuch\u00e2telois de Colombier \u2013 sa famille       trouve ses racines en la glaise d&rsquo;une autre terre lacustre, celle de Lutry       (VD) \u2013 atterrit en 2004 sur le sol sablonneux de la m\u00e9tropole laborieuse       du Sud tunisien, l&rsquo;\u00e9quipe locale de football, le Club sportif sfaxien (CSS)       n&rsquo;a plus rien remport\u00e9 depuis dix ann\u00e9es, vivant dans l&rsquo;ombre des g\u00e9ants       tunisois (l&rsquo;Esp\u00e9rance et le Club Africain), ou soussien (l&rsquo;Etoile Sportive       du Sahel).              Et voici que le coach romand r\u00e9ussit le miracle de la multiplication des       troph\u00e9es. Coupe de Tunisie 2004, champion 2005, et, tout r\u00e9cemment, entr\u00e9e       parmi le gotha des poules finales de la Ligue africaine des champions, les       huit derniers clubs en lice sur 64 au d\u00e9part de la comp\u00e9tition. Cela apr\u00e8s       un double duel hom\u00e9rique face aux puissantes Forces arm\u00e9es royales (FAR)       de Rabat, Maroc: 1-1 \u00e0 domicile, 1-0 \u00e0 l&rsquo;ext\u00e9rieur, en \u00e9voluant \u00e0 dix d\u00e8s       la 18e minute, suite \u00e0 l&rsquo;expulsion d&rsquo;un d\u00e9fenseur central. Alors,       forc\u00e9ment, l&rsquo;\u00e9tiquette de proph\u00e8te lui colle aux basques.              Lui-m\u00eame, f\u00e9ru de foot afro-arabo-maghr\u00e9bin, depuis janvier 2000 \u2013 C\u00f4te       d&rsquo;Ivoire, Tunisie, Emirats, Maroc, re-Tunisie \u2013 temp\u00e8re avec philosophie:       \u00abTu sais, ici, tu gagnes deux ou trois matches importants et tu deviens un       dieu vivant. Mais si tu perds celui qu&rsquo;il ne fallait pas, t&rsquo;es vir\u00e9 aussi       sec. Ils sont un peu fous!\u00bb              La preuve par les circonstances de son arriv\u00e9e \u00e0 Sfax, cit\u00e9 jadis       touristique, d\u00e9sormais pollu\u00e9e par la p\u00e9trochimie et les industries       textiles, o\u00f9 personne n&rsquo;attendait un entra\u00eeneur nanti d&rsquo;une telle aura:       deux championnats avec l&rsquo;ASEC Mimosas d&rsquo;Abidjan, un autre avec l&rsquo;Esp\u00e9rance       Tunis, encore un avec le WAC Casablanca. Casa, justement, saison deux. A       quatre journ\u00e9es du terme de l&rsquo;exercice 2003-2004, le WAC est toujours en       lice pour le titre. Las, il se fait sortir en quart de finale de la Ligue       africaine des champions et, surtout, s&rsquo;incline lors du derby contre le       Raja, l&rsquo;ennemi h\u00e9r\u00e9ditaire. Decastel prend la porte, \u00abd&rsquo;un commun accord\u00bb       avec les dirigeants, comme on l&rsquo;\u00e9crit poliment sur papier alambiqu\u00e9.              La Tunisie se souvient. Les offres virevoltent sur son bureau. Pourquoi       pas un nouveau d\u00e9fi? Ce sera le Club sportif sfaxien, auquel il redonnera       sa fiert\u00e9, ainsi qu&rsquo;\u00e0 une population d&rsquo;un million d&rsquo;\u00e2mes, ulc\u00e9r\u00e9e par la       domination sempiternelle des \u00e9quipes du nord.              Comment? Gr\u00e2ce \u00e0 une recette simpliste en apparence, \u00f4 combien d\u00e9licate \u00e0       mitonner aux confins bouillonnants de la Grande Bleue: rigueur, discipline,       foi dans une id\u00e9e certaine du jeu offensif spectaculaire. \u00abLes       footballeurs africains, maghr\u00e9bins ou noirs, se r\u00e9v\u00e8lent hyperdou\u00e9s sur le       plan technique. Le probl\u00e8me est qu&rsquo;ils rechignent \u00e0 travailler les       fondamentaux, et sont d\u00e9stabilis\u00e9s par n&rsquo;importe quoi.\u00bb              Onze heures du matin, entra\u00eenement sur une pelouse genre billard, jouxtant       le bijou de stade Ta\u00efeb-Mhiri, 25000 places assises. Le gardien rempla\u00e7ant       refuse, en geignant comme un gosse, d&rsquo;y prendre part. \u00abNon, coach,       aujourd&rsquo;hui je peux pas&#8230;\u00bb William Niederhauser, pr\u00e9parateur physique       professionnel que Decastel a recrut\u00e9 \u00e0 Gen\u00e8ve voici deux ans, lui intime       l&rsquo;ordre: \u00abTu y vas, pas de discussion!\u00bb Puis, se tournant vers nous: \u00abIl       fait son cin\u00e9ma parce qu&rsquo;il n&rsquo;a pas encore re\u00e7u sa prime de la semaine.\u00bb       Inconcevable en Europe.              O\u00f9 qu&rsquo;il soit pass\u00e9 sur le continent noir, Michel Decastel \u2013 \u00abMini\u00bb,       surnom incongru pour un beau gosse \u00e9lanc\u00e9 aux yeux d&rsquo;un vert profond \u2013 a       d\u00fb commencer par ce b.-a. ba. Faire en sorte que les gars daignent venir       s&rsquo;entra\u00eener, si possible \u00e0 l&rsquo;heure, et bossent leur condition athl\u00e9tique.       Un vrai pensum. Pourtant, \u00abMini\u00bb et Fran\u00e7oise, son \u00e9pouse (28 ann\u00e9es de       vie conjugale), n&rsquo;ont jamais reni\u00e9 ni regrett\u00e9 leur existence au sein       d&rsquo;une soci\u00e9t\u00e9 et d&rsquo;une culture qu&rsquo;ils ont d\u00fb appr\u00e9hender de fond en comble.       Au contraire.              \u00abEn six ann\u00e9es pass\u00e9es dans des pays musulmans [ce n&rsquo;est pas fini, puisque       Decastel va rempiler au CSS ou \u00e9migrer dans le Golfe], le ma\u00eetre mot que       j&rsquo;ai appris se nomme tol\u00e9rance. Tout en apportant la rigueur europ\u00e9enne \u00e0       un club de foot qui ne connaissait que la fantaisie \u00abartistique\u00bb, tu ne       peux pas ignorer comment sont les joueurs, leur fa\u00e7on d&rsquo;\u00eatre ou de r\u00e9agir.       Tu dois t&rsquo;adapter \u00e0 leur mentalit\u00e9, non sans leur inculquer quelques       valeurs essentielles. Par exemple, ici, les pros ne se respectent pas       comme en Europe. Ils sont trop accoutum\u00e9s \u00e0 la comp\u00e9tition \u00e0 outrance d\u00e8s       l&rsquo;\u00e2ge des minimes. J&rsquo;ai d\u00fb plusieurs fois en flanquer un hors de       l&rsquo;entra\u00eenement, parce que trop revanchard. Ils consid\u00e8rent que, si tu te       fais dribbler, tu es d\u00e9shonor\u00e9. \u00c7a doit leur passer.\u00bb              Fran\u00e7oise s&rsquo;aventure plus loin encore sur le chemin du partage. \u00abJe suis       presque imm\u00e9diatement devenue amie avec Wafa, l&rsquo;\u00e9pouse du pr\u00e9sident du       club, Slaheddine Zahaf. Nous ne faisons pas que boire le th\u00e9 ensemble.       Nous allons prier, elle avec son Coran, moi avec ma Bible.\u00bb              Le pr\u00e9sident, un riche expert-comptable de Sfax, a annonc\u00e9 sa d\u00e9mission       apr\u00e8s quatre ann\u00e9es de direction fructueuse sur le plan sportif. Sans       doute las des luttes de clans qui minent ce microcosme passionnel. Hicham       Jaziri, volubile entra\u00eeneur des gardiens, r\u00e9sume: \u00abLa moiti\u00e9 de la ville,       des m\u00e9dias et des supporters soutiennent M.Zahaf, l&rsquo;autre non. Rien \u00e0 voir       avec le football ou les r\u00e9sultats de l&rsquo;\u00e9quipe. C&rsquo;est juste une histoire de       business, de jalousies professionnelles parce qu&rsquo;il a bien r\u00e9ussi. A Sfax,       tu ne peux pas travailler sereinement dans la continuit\u00e9. On s&rsquo;en       accommode.\u00bb              Michel Decastel, lui, h\u00e9site encore. Pas pour une question d&rsquo;argent, mais       en attendant des garanties. \u00abAu pays, les gens croient que je re\u00e7ois un       salaire de ministre en Tunisie. A dire vrai, je suis pay\u00e9 au m\u00eame niveau       que l&rsquo;entra\u00eeneur du FC Zurich, de Grasshopper ou Young Boys. En tout cas       beaucoup moins que Christian Gross au FC B\u00e2le! Mais \u00e0 Sfax, je d\u00e9pense       tr\u00e8s peu. Il n&rsquo;y a m\u00eame pas une discoth\u00e8que o\u00f9 aller danser! Alors, j&rsquo;ai       un bon niveau de vie et je mets de l&rsquo;argent de c\u00f4t\u00e9.\u00bb              La preuve, on l&rsquo;a touch\u00e9e du doigt. \u00abMini\u00bb roule en Clio et habite un       trois-pi\u00e8ces moderne mais d\u00e9nu\u00e9 de luxe, proche de la m\u00e9dina historique.       Un appartement o\u00f9 tr\u00f4nent les tableaux de son \u00e9pouse, pass\u00e9e ma\u00eetresse en       mati\u00e8re d&rsquo;art figuratif.<\/div>\n<div align=\"justify\">      \u00a0<\/div>\n<div align=\"center\"> <strong><\/p>\n<h3 style=\"color: blue;\"><font size=\"3\">\u00abLa Suisse fait fausse route\u00bb<\/font><\/h3>\n<p><\/strong><\/div>\n<div align=\"justify\"> <strong>Selon Michel Decastel, son pays natal est devenu celui des vaches       \u00e0 traire. Et aurait tout \u00e0 perdre en se fondant au sein de l&rsquo;Union       europ\u00e9enne.       <\/strong>       Fred Hirzel, Sfax              Michel Decastel, le \u00abTunisien\u00bb, a conserv\u00e9 ses racines helv\u00e9tiques. Ses       papiers sont rest\u00e9s au pays, et il poss\u00e8de une demeure \u00e0 Colombier (NE),       o\u00f9 il se rend, avec son \u00e9pouse, environ chaque trois mois, fa\u00e7on sauts de       puces. Ne serait-ce que pour voir leurs fils Johan et J\u00e9r\u00e9my. \u00abNous avons       choisi une voie diff\u00e9rente, mais nous sommes toujours suisses. Quand je       reviens \u00e0 Colombier, je me replonge dans mes racines. Pourtant, au bout de       trois jours, je ressens le besoin de retourner en Tunisie.\u00bb              Car \u00abMini\u00bb porte un regard critique sur sa terre natale. \u00abC&rsquo;est devenu un       pays beaucoup trop cher, celui des vaches \u00e0 traire. On n&rsquo;y gagne pas de       l&rsquo;argent pour soi, mais pour le donner \u00e0 l&rsquo;Etat. Sa beaut\u00e9 naturelle ne       masque pas cette r\u00e9alit\u00e9 choquante.\u00bb              \u00abJe pense que la politique sociale de la Suisse est un leurre. L&rsquo;ouvrier       ne parvient plus \u00e0 joindre les deux bouts, la classe moyenne \u00e9touffe sous       le poids des charges. Nous faisons fausse route. Cela a l&rsquo;air d&rsquo;un       paradoxe, pourtant les foss\u00e9s socio-\u00e9conomiques se creusent beaucoup plus       vite qu&rsquo;en Tunisie.\u00bb              Aux confins de son raisonnement, Michel Decastel n&rsquo;estime pas que l&rsquo;entr\u00e9e       dans l&rsquo;Union europ\u00e9enne constituerait une bou\u00e9e de sauvetage. \u00abJe ne me       suis jamais trop int\u00e9ress\u00e9 \u00e0 la politique. N\u00e9anmoins, je pense que la       Suisse doit demeurer hors de l&rsquo;UE, sous peine de voir son niveau de vie       chuter. Ce serait une faute majeure par rapport \u00e0 ce qui lui reste de       richesses. Regardez la situation actuelle de la France. Une vraie       catastrophe! Je suis un anti-Blocher convaincu, avec ses th\u00e9ories de       r\u00e9duit national, mais aussi oppos\u00e9 \u00e0 l&rsquo;Europe de Maastricht.\u00bb \u00a0<\/div>\n<div align=\"center\"> <strong><\/p>\n<h3 style=\"color: blue;\"><font size=\"3\">Sfax, ville souill\u00e9e<\/font><\/h3>\n<p><\/strong><\/div>\n<div align=\"justify\">             Fred Hirzel, Sfax              \u00abLa communaut\u00e9 suisse de Sfax? C&rsquo;est simple, nous sommes trois!\u00bb Autrement       dit le couple Decastel et William Niederhauser, le pr\u00e9parateur physique       genevois. Deuxi\u00e8me ville de Tunisie \u2013 un million d&rsquo;\u00e2mes \u2013 Sfax se pr\u00e9sente       comme une cit\u00e9 portuaire et industrielle plate, enserr\u00e9e dans un tissu       urbain en toile d&rsquo;araign\u00e9e, \u00e0 270 km au sud-est de la capitale Tunis.              Un vieil autochtone nous dit, sous le couvert de l&rsquo;anonymat (l\u00e0-bas, il       n&rsquo;est jamais bon de critiquer le r\u00e9gime): \u00abIl y a encore 30 ans, Sfax       \u00e9tait une destination touristique, avec ses immenses plages de sable fin       et son souk unique. Mais feu le pr\u00e9sident Habib Bourguiba a d\u00e9cid\u00e9 que le       tourisme devait se d\u00e9velopper plus au nord, \u00e0 Tunis-Carthage, Hammamet,       Monastir ou Port el-Kantaoui, et que le sud du pays deviendrait industriel.       Aujourd&rsquo;hui, nos plages sont ferm\u00e9es, interdites par des grillages,       pollu\u00e9es par la p\u00e9trochimie et les textiles qui d\u00e9versent leurs d\u00e9chets       directement dans la M\u00e9diterran\u00e9e.\u00bb              Parmi ces textiles, plusieurs fabriques de v\u00eatements de sports et de       dessous f\u00e9minins. Produits pour trois fois rien et vendus au prix fort en       Europe, tout en souillant la Grande Bleue au m\u00e9pris de l&rsquo;\u00e9cologie la plus       \u00e9l\u00e9mentaire.                     <strong><font>Bio express<\/font><\/strong>       Fred Hirzel, Sfax              <font>1955: Naissance de Michel Decastel \u00e0 Neuch\u00e2tel, le       22 octobre sous le signe de la Balance              1974: Devient footballeur professionnel \u00e0 Neuch\u00e2tel Xamax              1976: Rencontre Fran\u00e7oise, qu&rsquo;il \u00e9pousera en 1978. Deux gar\u00e7ons (Johan,       1978, J\u00e9r\u00e9my 1981) na\u00eetront de cette union              1979: S&rsquo;en va jouer au RC Strasbourg. Il est l&rsquo;un des pionniers du       football helv\u00e9tique export\u00e9              1981: Rejoint le Servette FC jusqu&rsquo;en 1988. Il gagne la Coupe de Suisse       (1984), le championnat (1985) et comptera 19 s\u00e9lections en \u00e9quipe       nationale durant cette p\u00e9riode              1988: Retour aux sources, fin de carri\u00e8re de joueur \u00e0 NE Xamax              1990: Entra\u00eeneur \u00e0 Colombier (NE), 1re ligue              1994: Coach d&rsquo;Yverdon-Sports              1995: Entra\u00eeneur du FC Sion, vainqueur de la Coupe, vice-champion suisse       et&#8230; limog\u00e9 par le pr\u00e9sident Christian Constantin              1997: A la barre des Sports r\u00e9unis Del\u00e9mont, promus en LigueA en 1999              2000: A la demande de Jean-Marc Guillou, son ex-mentor au Servette, prend       la t\u00eate de l&rsquo;ASEC Mimosas Abidjan, deux titres de champion de C\u00f4te       d&rsquo;Ivoire \u00e0 la cl\u00e9. S&rsquo;en va fin 2001 sur fond de guerre civile              2002: Esp\u00e9rance sportive Tunis (le club \u00abprot\u00e9g\u00e9\u00bb par le pr\u00e9sident Ben       Ali), champion de Tunisie              2003: Six mois sans grand succ\u00e8s aux Emirats arabes unis              2003: Recrut\u00e9 au Maroc par le WAC Casablanca, licenci\u00e9 apr\u00e8s la d\u00e9faite       face au rival local de toujours, le Raja              2004: Signe au Club sportif sfaxien (CSS), remporte la Coupe puis le       championnat de Tunisie, dispute la finale de la Coupe arabe. Qualifie Sfax       pour les poules finales de la Ligue africaine des champions 2005-2006 (8       derniers clubs sur 64 au d\u00e9part). Voil\u00e0 dix ans que l&rsquo;\u00e9quipe du Sud       tunisien n&rsquo;avait rien gagn\u00e9.              Restera \u00e0 Sfax au moins jusqu&rsquo;au 30 juin 2007.       <\/font> <strong><font>(Source : \u00ab Le Temps \u00bb (Suisse), le 3 juin       2006)<\/font><\/strong>       URL:      <a href=\"http:\/\/www.letemps.ch\/dossiers\/dossiersarticle.asp?ID=182439\" target=\"_blank\" rel=\"noopener\">      http:\/\/www.letemps.ch\/dossiers\/dossiersarticle.asp?ID=182439<\/a><\/div>\n<p> <\/font><\/p>\n<p> <\/font><\/div>\n<div>\n<hr\/><\/div>\n<div>    \u00a0<\/div>\n<div>\n<p><strong><\/p>\n<h3 style=\"color: blue;\"><font size=\"3\">Le     sacr\u00e9 et l\u2019interdit<\/font><\/h3>\n<p><\/strong> <\/p>\n<div align=\"justify\"> <strong><font>Par Mondher THABET<\/font><\/strong>              \u00abCelui-l\u00e0 est le plus puissant qui a tout pouvoir sur soi\u00bb (S\u00e9n\u00e8que)              L\u2019hypercomplexit\u00e9 du ph\u00e9nom\u00e8ne politique nous conduit aujourd\u2019hui \u00e0       l\u2019obligation d\u2019une approche empiriste du fait politique. Cette m\u00e9thode       s\u2019\u00e9nonce d\u00e9sormais comme l\u2019unique angle de vision sous lequel le jugement       pourrait se pr\u00e9munir des al\u00e9as du d\u00e9calage entre l\u2019abstraction des       paradigmes et la r\u00e9alit\u00e9 concr\u00e8te.              La politique \u00e0 l\u2019\u00e8re de la mondialisation est marqu\u00e9e s\u00e9v\u00e8rement par le       contraste de l\u2019universalisation de la d\u00e9mocratie et des droits de l\u2019homme,       d\u2019une part, et la \u00abrechute\u00bb dans l\u2019h\u00e9g\u00e9monisme et les guerres imp\u00e9riales       ainsi que le d\u00e9membrement de la souverainet\u00e9 des Etats, de l\u2019autre.              Ce constat de crise s\u2019amplifie par l\u2019interf\u00e9rence des variables       culturelles caract\u00e9ris\u00e9es par le retour des fanatismes sous diverses       figures (ethnique, nationaliste, religieuse\u2026).              \u00a0Cette situation jettera un scepticisme r\u00e9el sur l\u2019id\u00e9al d\u00e9mocratique qui       accuse un repli digne d\u2019une r\u00e9flexion profonde et soutenue.              En effet, le scepticisme semble s\u2019instaurer de jour en jour, quant \u00e0       l\u2019ad\u00e9quation d\u2019une certaine conception du syst\u00e8me d\u00e9mocratique, dans les       circonstances actuelles, aux aspirations r\u00e9elles des peuples:              La vision id\u00e9aliste na\u00efve conservait la d\u00e9mocratie comme une valeur en soi,       un id\u00e9al absolu que l\u2019absolutisme du moyen \u00e2ge avait justifi\u00e9 et \u00e9rig\u00e9 en       arch\u00e9type du r\u00e9gime juste \u00e0 m\u00eame de r\u00e9aliser le bonheur humain.              \u00a0Cette perspective que l\u2019id\u00e9e du contrat avait structur\u00e9e et que le       suffrage universel \u00e9nonc\u00e9 par la r\u00e9volution fran\u00e7aise avait \u00e9tay\u00e9e se       retrouve aujourd\u2019hui amoindrie, sinon s\u00e9rieusement entam\u00e9e.              L\u2019\u00e9clatement des cloisons s\u00e9parant les pouvoirs dans l\u2019Etat par l\u2019effet de       la constitution des partis politiques, des groupes de pression et       l\u2019interactivit\u00e9 des domaines nationaux et internationaux sont des faits       qui signent la fin du triomphalisme d\u00e9mocratique.              D\u2019ailleurs cette \u00e9volution s\u2019amplifia par l\u2019\u00e9volution technocratique des       pouvoirs, une tendance qui s\u2019ex\u00e9cute corr\u00e9lativement avec une exclusion       informelle des masses.              Les mutations du tissu social dans la soci\u00e9t\u00e9 post-industrielle et       l\u2019\u00e9rosion quantitative des classes laborieuses entra\u00een\u00e8rent une faillite       prononc\u00e9e des id\u00e9ologies totalitaires. En contrepartie, cette \u00e9volution       \u00e9tait pr\u00e9monitoire du d\u00e9clenchement d\u2019une lutte acharn\u00e9e pour le contr\u00f4le       du centre social entre les diff\u00e9rentes parties id\u00e9ologico-politiques.                     <strong><font>Une pens\u00e9e mal plac\u00e9e pour \u00eatre la r\u00e9f\u00e9rence       universelle<\/font><\/strong>              \u00a0La nouvelle perspective politique ne pouvait \u00eatre r\u00e9ellement intelligible       en dehors d\u2019une appr\u00e9ciation de l\u2019ouverture des fronti\u00e8res et l\u2019\u00e9mergence       du paradigme lib\u00e9ral, une tendance \u00e0 l\u2019universalisme biais\u00e9 \u00e0 la base par       l\u2019h\u00e9g\u00e9monisme am\u00e9ricain stimulant le retour du probl\u00e8me identitaire       exprim\u00e9 par le retour de la culture nationaliste et l\u2019\u00e9veil des r\u00e9flexes       ethniques.              Ce paradoxe qu\u2019offre la dynamique actuelle de la pens\u00e9e politique se       traduit r\u00e9ellement par une tension politique entre les forces       d\u00e9mocratiques et le dogmatisme. Si l\u2019id\u00e9e d\u00e9mocratique jouit d\u2019une       adh\u00e9sion quasi-instinctuelle des esprits \u00e9clair\u00e9s, il n\u2019en reste pas moins       que cette d\u00e9mocratie reste aussi ouverte, en tant que syst\u00e8me, que       fragile. Ce qui distingue la d\u00e9mocratie des autres syst\u00e8mes, c\u2019est qu\u2019elle       offre justement \u00e0 ses ennemis le champ d\u2019une action hostile.              \u00a0La d\u00e9mocratie suicidaire est celle qui permettra au nazisme de vaincre la       r\u00e9publique de Weimar en 1939. L\u2019exp\u00e9rience douloureuse de la Seconde       Guerre mondiale et la naissance de l\u2019Etat d\u2019Isra\u00ebl nous ont appris, nous       autres Arabes et Tunisiens, que la modernit\u00e9, bien qu\u2019une invention       occidentale, a \u00e9chapp\u00e9 dans sa destin\u00e9e \u00e0 l\u2019esprit occidental.              L\u2019empirisme politique nous apprend que seule une pens\u00e9e exempte de       pr\u00e9jug\u00e9s peut r\u00e9ellement guider la construction d\u2019un Etat d\u00e9mocratique.              <strong>\u00a0L\u2019\u0153uvre du Pr\u00e9sident Ben Ali s\u2019inscrit dans cette conception qui       annule l\u2019id\u00e9e d\u2019un apprentissage assist\u00e9 de la d\u00e9mocratie dispens\u00e9 par les       doctes d\u2019un humanisme malade de ses contradictions. Le cas palestinien et       la guerre contre l\u2019Irak prouvent l\u2019ampleur de la faille qui nous s\u00e9pare       d\u2019une pens\u00e9e tr\u00e8s mal plac\u00e9e pour \u00eatre la r\u00e9f\u00e9rence universelle de la       nouvelle p\u00e9riode historique. La transgression par un ressortissant       occidental des r\u00e8gles et des valeurs \u00e9thiques qui r\u00e9gissent l\u2019action       politique \u00e0 l\u2019occasion de sa pr\u00e9sence en Tunisie dans le cadre d\u2019un       congr\u00e8s organis\u00e9 par la section tunisienne d\u2019une ONG internationale       t\u00e9moigne de la vivacit\u00e9 de l\u2019esprit n\u00e9ocolonialiste qui ne tarde pas \u00e0 se       prononcer avec une arrogance sans commune mesure.       <\/strong> <strong><font>\u00a0La souverainet\u00e9, un principe non d\u00e9rogeable<\/font><\/strong>              \u00a0Ce \u00abmilitant humaniste\u00bb a certainement omis que les argentiers de       l\u2019Holocauste ne sont pas en mesure de se consid\u00e9rer les d\u00e9fenseurs des       droits humains; le respect de la souverainet\u00e9 d\u2019un Etat ind\u00e9pendant est un       principe non d\u00e9rogeable au-del\u00e0 duquel aucun dialogue ni aucune       communication ne seront possibles.              Le revers de cet acte nous a \u00e9t\u00e9 b\u00e9n\u00e9fique puisqu\u2019il nous permettra de       d\u00e9voiler l\u2019alliance obscure qui cherche, d\u00e9sesp\u00e9r\u00e9ment d\u2019ailleurs, \u00e0       conjurer contre l\u2019ind\u00e9pendance d\u2019un peuple qui a pay\u00e9 cher le prix de sa       libert\u00e9.              Ce qui se passe au sein de la Ltdh et au sein du corps des avocats d\u00e9voile       le jeu de cette alliance mal\u00e9fique que l\u2019Internationale int\u00e9griste,       assist\u00e9e par quelques esprits na\u00effs, cherche \u00e0 r\u00e9aliser. Le slogan       d\u00e9mocratique n\u2019est pour ce conglom\u00e9rat qu\u2019un voile sous lequel la laideur       cherche \u00e0 s\u2019esquiver.              Une simple observation nous m\u00e8ne \u00e0 la conclusion que l\u2019artifice d\u00e9ploy\u00e9       dans cette man\u0153uvre\u00a0 malintentionn\u00e9e comporte trois vecteurs :              1- L\u2019imposition de la dictature de la minorit\u00e9 l\u00e0 o\u00f9 l\u2019espace le permet              2- Le chantage et l\u2019amplification m\u00e9diatique              3- La falsification des r\u00e9alit\u00e9s et la provocation              Le gouvernement, sous les directives du Pr\u00e9sident Ben Ali, a toujours       d\u00e9fendu une ligne de concorde et opt\u00e9 pour la culture du dialogue que les       familles politiques du front national ont constamment soutenue dans ce       sens.              L\u2019intervention t\u00e9l\u00e9vis\u00e9e de Monsieur le ministre de la Justice a provoqu\u00e9       des r\u00e9actions spontan\u00e9es d\u2019adh\u00e9sion au sein de l\u2019opinion publique.              Le ministre a d\u00e9montr\u00e9, preuve \u00e0 l\u2019appui, la nature contradictoire du       comportement de certains avocats qui malgr\u00e9 l\u2019ouverture du minist\u00e8re au       dialogue, faussent compagnie pour chercher une escalade impos\u00e9e       vraisemblablement par l\u2019agenda politique, propre \u00e0 des parties extr\u00e9mistes.       La question relative\u00a0 \u00e0 la\u00a0 cr\u00e9ation d\u2019un Institut sup\u00e9rieur pour la       formation des avocats illustre l\u2019ampleur de la contradiction dans laquelle       certains se sont embourb\u00e9s. En effet, nul ne peut, sauf c\u00e9cit\u00e9, faire fi       des mutations socio-juridiques que conna\u00eet le monde sous l\u2019emprise de la       mondialisation et ses effets. Cette hyper-complexit\u00e9 impose de facto un       changement strat\u00e9gique dans l\u2019enseignement du droit et l\u2019apprentissage du       m\u00e9tier d\u2019avocat.              <strong><font>\u00a0Un enjeu autre que professionnel<\/font><\/strong>              Le volet technique du droit requiert une ma\u00eetrise que la formation de base       ne peut assurer, une nouvelle g\u00e9n\u00e9ration d\u2019avocats capables de p\u00e9n\u00e9trer       les syst\u00e8mes judiciaires les plus divers semble aujourd\u2019hui une vis\u00e9e       logique de l\u2019extension des rapports d\u2019\u00e9changes d\u00e9mographiques, culturels       et \u00e9conomiques entre la Tunisie et son environnement international. Le       probl\u00e8me de la tutelle du minist\u00e8re sur ladite institution est purement et       simplement un faux probl\u00e8me puisque l\u2019argument sert son contraire, les       facult\u00e9s de droit \u00e9tant sous le contr\u00f4le de l\u2019administration. Les       contradicteurs s\u2019attellent, para\u00eet-il, \u00e0 une r\u00e9futation impossible car la       gestion administrative et financi\u00e8re de l\u2019Etat n\u2019a jamais \u00e9t\u00e9 en       contradiction avec l\u2019autorit\u00e9 scientifique de l\u2019institution acad\u00e9mique.              Il est donc \u00e9vident que l\u2019enjeu dans ce mouvement est tout \u00e0 fait autre       que celui professionnel.              Si l\u2019on tenait compte de la fonction faite par certaines figures entre le       mouvement de la contestation minoritaire au sein des avocats et de la       ligue, on comprendrait facilement le r\u00f4le jou\u00e9 par certains m\u00e9dias douteux       cherchant \u00e0 induire en erreur l\u2019opinion publique nationale et       internationale \u00e0 propos de la r\u00e9alit\u00e9 des choses.              La faiblesse du front de la haine se traduit d\u2019ailleurs par la magie noire       pratiqu\u00e9e par un ex-membre de la Ligue \u00e0 l\u2019occasion d\u2019une intervention sur       une cha\u00eene satellitaire arabe.              L\u2019illumin\u00e9 hyst\u00e9rique n\u2019a rien trouv\u00e9 \u00e0 redire que de lancer un pr\u00e9sage&#8230;       heureusement que le ridicule ne tue pas.              <strong><font>\u00a0L\u2019esprit patriotique, garantie \u00e9thique et       politique<\/font><\/strong>              \u00a0L\u2019avenir de la Tunisie est une question s\u00e9rieuse, elle rel\u00e8ve du domaine       de l\u2019esprit patriotique qui suppose la n\u00e9gation de l\u2019\u00e9go\u00efsme mesquin et de       l\u2019esprit revanchard que portent au fond de leur c\u0153ur les nostalgiques de       l\u2019\u00e8re coloniale et beylicale.              La R\u00e9publique est l\u2019ordre de la majorit\u00e9 et toute tentative de       manipulation se heurtera \u00e0 la conscience active d\u2019un peuple jeune et       instruit. Les tentatives de provoquer la rue sont une pure illusion et ne       passeront pas car les adeptes de la philosophie de la haine ne seront       jamais les ma\u00eetres de la rue&#8230; Nous croyons sinc\u00e8rement que le dialogue       et le respect de la l\u00e9galit\u00e9 sont l\u2019unique option acceptable et recevable       pour le traitement des dossiers d\u2019int\u00e9r\u00eat national.              Les esprits avertis discerneront avec aisance l\u2019ampleur des r\u00e9alisations       accomplies sous la direction du Pr\u00e9sident Ben Ali en un laps de temps       r\u00e9duit avec des moyens de base quasi-nuls. Le d\u00e9veloppement politique       s\u2019exprime dans la politique officielle par la consid\u00e9ration de la       d\u00e9mocratie comme un choix strat\u00e9gique\u00a0 non d\u00e9rogeable. Ce choix est loin       d\u2019\u00eatre une notion dans un discours sophiste car le d\u00e9veloppement du       syst\u00e8me politique depuis 1987 a vis\u00e9 la constitution de l\u2019infrastructure       politique de la d\u00e9mocratie. La r\u00e9ussite de l\u2019entreprise civilisationnelle       passe par l\u2019adh\u00e9sion de tous au dessein d\u2019une Tunisie stable, d\u00e9mocratique       et prosp\u00e8re, dans un monde trouble et dangereux. L\u2019esprit patriotique sera       la garantie \u00e9thique et politique contre Judas puisque dans chaque histoire       existe un Judas.              M.T.              <strong><font>(Source : \u00ab Analyse \u00bb publi\u00e9e par La Presse       du 4 juin 2006) <\/font><\/strong> <\/div>\n<\/p><\/div>\n<p> <\/font><\/div>\n<hr\/>\n<p align=\"center\"><b><a href=\"http:\/\/www.tunisnews.net\"><span>Home<\/span><span lang=\"FR-CH\"> &#8211; Accueil <\/span><span>&#8211; <\/span><span dir=\"rtl\" lang=\"AR-SA\">\u0627\u0644\u0631\u0626\u064a\u0633\u064a\u0629<\/span><\/a><\/b><\/p>\n<p align=\"center\">\u00a0<\/p>\n<p><\/body><\/body><\/html><\/p>\n","protected":false},"excerpt":{"rendered":"<p>Home &#8211; Accueil &#8211; \u0627\u0644\u0631\u0626\u064a\u0633\u064a\u0629 TUNISNEWS 7\u00a0\u00e8me\u00a0ann\u00e9e, N\u00b0\u00a02204 du 04.06.2006 \u00a0archives : www.tunisnews.net V\u00e9rit\u00e9-Action: Tunisie &#8211;\u00a0 La libert\u00e9 religieuse bafou\u00e9e LTDH: Lib\u00e9ration d\u2019Ali Ben Salem et des autres AP: Tunisie: des salafistes pr\u00e9sum\u00e9s devant la justice AP: Huit morts dans l&rsquo;effondrement d&rsquo;un mur \u00e0 Gab\u00e8s dans le sud de la Tunisie Info Tunisie.com: Pr\u00e9cisions de [&hellip;]<\/p>\n","protected":false},"author":1,"featured_media":22040,"comment_status":"open","ping_status":"open","sticky":false,"template":"","format":"standard","meta":{"inline_featured_image":false,"site-sidebar-layout":"default","site-content-layout":"","ast-site-content-layout":"default","site-content-style":"default","site-sidebar-style":"default","ast-global-header-display":"","ast-banner-title-visibility":"","ast-main-header-display":"","ast-hfb-above-header-display":"","ast-hfb-below-header-display":"","ast-hfb-mobile-header-display":"","site-post-title":"","ast-breadcrumbs-content":"","ast-featured-img":"","footer-sml-layout":"","ast-disable-related-posts":"","theme-transparent-header-meta":"","adv-header-id-meta":"","stick-header-meta":"","header-above-stick-meta":"","header-main-stick-meta":"","header-below-stick-meta":"","astra-migrate-meta-layouts":"default","ast-page-background-enabled":"default","ast-page-background-meta":{"desktop":{"background-color":"","background-image":"","background-repeat":"repeat","background-position":"center center","background-size":"auto","background-attachment":"scroll","background-type":"","background-media":"","overlay-type":"","overlay-color":"","overlay-opacity":"","overlay-gradient":""},"tablet":{"background-color":"","background-image":"","background-repeat":"repeat","background-position":"center center","background-size":"auto","background-attachment":"scroll","background-type":"","background-media":"","overlay-type":"","overlay-color":"","overlay-opacity":"","overlay-gradient":""},"mobile":{"background-color":"","background-image":"","background-repeat":"repeat","background-position":"center center","background-size":"auto","background-attachment":"scroll","background-type":"","background-media":"","overlay-type":"","overlay-color":"","overlay-opacity":"","overlay-gradient":""}},"ast-content-background-meta":{"desktop":{"background-color":"var(--ast-global-color-5)","background-image":"","background-repeat":"repeat","background-position":"center center","background-size":"auto","background-attachment":"scroll","background-type":"","background-media":"","overlay-type":"","overlay-color":"","overlay-opacity":"","overlay-gradient":""},"tablet":{"background-color":"var(--ast-global-color-5)","background-image":"","background-repeat":"repeat","background-position":"center center","background-size":"auto","background-attachment":"scroll","background-type":"","background-media":"","overlay-type":"","overlay-color":"","overlay-opacity":"","overlay-gradient":""},"mobile":{"background-color":"var(--ast-global-color-5)","background-image":"","background-repeat":"repeat","background-position":"center center","background-size":"auto","background-attachment":"scroll","background-type":"","background-media":"","overlay-type":"","overlay-color":"","overlay-opacity":"","overlay-gradient":""}},"footnotes":""},"categories":[],"tags":[58,37,29],"class_list":["post-17533","post","type-post","status-publish","format-standard","has-post-thumbnail","hentry","tag-58","tag-37","tag-fr"],"_links":{"self":[{"href":"https:\/\/tunisnews.net\/ar\/wp-json\/wp\/v2\/posts\/17533","targetHints":{"allow":["GET"]}}],"collection":[{"href":"https:\/\/tunisnews.net\/ar\/wp-json\/wp\/v2\/posts"}],"about":[{"href":"https:\/\/tunisnews.net\/ar\/wp-json\/wp\/v2\/types\/post"}],"author":[{"embeddable":true,"href":"https:\/\/tunisnews.net\/ar\/wp-json\/wp\/v2\/users\/1"}],"replies":[{"embeddable":true,"href":"https:\/\/tunisnews.net\/ar\/wp-json\/wp\/v2\/comments?post=17533"}],"version-history":[{"count":0,"href":"https:\/\/tunisnews.net\/ar\/wp-json\/wp\/v2\/posts\/17533\/revisions"}],"wp:featuredmedia":[{"embeddable":true,"href":"https:\/\/tunisnews.net\/ar\/wp-json\/wp\/v2\/media\/22040"}],"wp:attachment":[{"href":"https:\/\/tunisnews.net\/ar\/wp-json\/wp\/v2\/media?parent=17533"}],"wp:term":[{"taxonomy":"category","embeddable":true,"href":"https:\/\/tunisnews.net\/ar\/wp-json\/wp\/v2\/categories?post=17533"},{"taxonomy":"post_tag","embeddable":true,"href":"https:\/\/tunisnews.net\/ar\/wp-json\/wp\/v2\/tags?post=17533"}],"curies":[{"name":"wp","href":"https:\/\/api.w.org\/{rel}","templated":true}]}}