{"id":17531,"date":"2010-01-13T00:00:00","date_gmt":"2010-01-13T00:00:00","guid":{"rendered":"https:\/\/tunisnews.net\/13-janvier-2010\/"},"modified":"2010-01-13T00:00:00","modified_gmt":"2010-01-13T00:00:00","slug":"13-janvier-2010","status":"publish","type":"post","link":"https:\/\/tunisnews.net\/ar\/13-janvier-2010\/","title":{"rendered":"13 janvier 2010"},"content":{"rendered":"<p><html><head><meta content=\"text\/html\" description=\"\u00ab Cette d\u00e9cision est tout simplement \n\t\t\t\t\t\t\t\t\tscandaleuse. C\u2019est la premi\u00e8re fois que les \n\t\t\t\t\t\t\t\t\taccusations ne portent que sur les activit\u00e9s \n\t\t\t\t\t\t\t\t\tprofessionnelles d\u2019un journaliste. \n\t\t\t\t\t\t\t\t\tD\u2019habitude, les autorit\u00e9s tunisiennes \n\t\t\t\t\t\t\t\t\tutilisent des mascarades judiciaires. \n\t\t\t\t\t\t\t\t\tVisiblement, elles n\u2019ont plus besoin de \n\t\t\t\t\t\t\t\t\tmonter des proc\u00e8s de toutes pi\u00e8ces contre \n\t\t\t\t\t\t\t\t\tles journalistes, comme cela a \u00e9t\u00e9 le cas \n\t\t\t\t\t\t\t\t\tpour Taoufik Ben Brik et Zouha\u00efer Makhlouf. \n\t\t\t\t\t\t\t\t\tC\u2019est affligeant \u00bb, a d\u00e9clar\u00e9 Reporters sans \n\t\t\t\t\t\t\t\t\tfronti\u00e8res.\" http-equiv=\"Content-Type\"\/><\/head><body><body><\/p>\n<p align=\"center\" dir=\"ltr\"><font face=\"Arial\" size=\"2\"><b><a href=\"http:\/\/www.tunisnews.net\/\"><span>Home<\/span><span lang=\"FR-CH\"> &#8211; Accuei<\/span><\/a><span lang=\"FR-CH\">l<\/span><\/b><\/font><\/p>\n<div>\n<div>\n<div>\n<div>\n<div>\n<div><\/div>\n<div onclick=\"return Control.invoke('ReadingPane', '_onBodyClick', event);\">\n<div><meta content=\"Microsoft SafeHTML\"\/><\/p>\n<style>.ExternalClass .ecxhmmessage P{padding:0px;}.ExternalClass body.ecxhmmessage{font-size:10pt;font-family:Verdana;}<\/style>\n<div><font face=\"Arial\" size=\"2\"><\/p>\n<div align=\"left\">\n<p><font face=\"Arial\" size=\"2\"><\/font><\/p>\n<div align=\"center\"><font face=\"Arial\" size=\"2\"><strong><font size=\"7\">TUNISNEWS <\/font><\/strong><\/font><\/div>\n<div align=\"center\" dir=\"ltr\">\n<h2 style=\"color: red;\"><font face=\"Arial\" size=\"2\"><strong><font><\/p>\n<div>9\u00a0\u00e8me ann\u00e9e, <span lang=\"FR\">N\u00b0\u00a03522 du 13.01.2010<\/span><\/div>\n<p><\/font><\/strong><\/font><\/h2>\n<\/div>\n<div align=\"center\"><span><font face=\"Arial\" size=\"2\"><strong><font><font>\u00a0archives<\/font> :<\/font><a target=\"_blank\" rel=\"noopener\"><font>www.tunisnews.net<\/font><\/a><\/strong><\/font><\/span><font face=\"Arial\" size=\"2\"><strong><font>\u00a0<\/font><font size=\"3\"><span lang=\"FR\"> <\/p>\n<hr\/>\n<p><\/span><\/font><\/strong><\/font><\/div>\n<div align=\"justify\">\n<p><font face=\"Arial\"><strong>Reporters sans fronti\u00e8res: Un journaliste condamn\u00e9 \u00e0 quatre ans de prison ferme en premi\u00e8re instance<\/strong><\/font><\/p>\n<\/div>\n<div align=\"justify\">\n<h2 style=\"color: red;\"><font face=\"Arial\"><strong><font>Assabilonline: Prononc\u00e9 du jugement dans l\u2019affaire de Maatoug El Ir et de ses co accus\u00e9s<\/font><\/strong><\/font><\/h2>\n<\/div>\n<div align=\"justify\"><strong><\/p>\n<p><font>\u00a0TMG calls on European Parliament to help end Tunisian<font face=\"Arial\">\u00a0government&rsquo;s unrelenting war on free expression\u00a0<\/font><\/font><\/p>\n<p><\/strong><\/div>\n<div align=\"justify\"><strong><font>Le TMG appelle le Parlement europ\u00e9en \u00e0 mettre un terme \u00e0 la guerre\u00a0implacable du gouvernement tunisien contre la libert\u00e9 d\u2019expression<\/font><\/strong><\/div>\n<div align=\"left\">\n<h2 style=\"color: red;\"><font face=\"Arial\"><strong><font><\/p>\n<h2 style=\"color: red;\"><font>Wal Fadjri: Affaire Yacine Ferchichi : Les Ong exigent la prise en charge du Tunisien<\/font><\/h2>\n<p><\/font><\/strong><\/font><\/h2>\n<\/div>\n<div align=\"justify\"><font face=\"Arial\"><strong><font>Reuters: La Tunisie ach\u00e8te du bl\u00e9 dur et de l&rsquo;orge &#8211; traders<\/font><\/strong><\/font><\/div>\n<div align=\"justify\"><font><\/p>\n<p><font><strong>Abdel Wahab Hani<\/strong><span lang=\"EN-GB\"><strong>: <\/strong><\/span><strong>Le coup d\u2019envoi des remaniement touche la Maison du Parti, le Maire de Tunis et le corps des Ambassadeurs<\/strong><\/font><\/p>\n<p><\/font><\/div>\n<div align=\"justify\"><strong><font size=\"3\"><font size=\"2\"><span><font>Houcine Ghali:<\/font><font>Tunisie : il faut limoger tous les maires du pays<\/font><\/span><\/font><\/font><\/strong><\/div>\n<\/div>\n<div align=\"center\">\n<hr\/>\n<\/div>\n<p><\/font><\/div>\n<div align=\"center\"><font face=\"Arial\" size=\"3\"><strong><font size=\"2\">Reporters sans fronti\u00e8res<\/font><\/strong> <\/p>\n<div align=\"center\">\n<h2 style=\"color: red;\"><font face=\"Arial\" size=\"3\"><strong>Un journaliste condamn\u00e9 \u00e0 quatre ans de prison ferme en premi\u00e8re instance<\/strong><\/font><\/h2>\n<\/div>\n<div align=\"justify\"><font face=\"Arial\" size=\"2\"><\/p>\n<hr\/>\n<p> Publi\u00e9 le 13 janvier 2010  Fahem Boukadous, journaliste pour la cha\u00eene satellitaire El Hiwar Ettounsi, a \u00e9t\u00e9 condamn\u00e9 aujourd\u2019hui \u00e0 quatre ans de prison ferme par le tribunal de Gafsa. \u00ab Cette d\u00e9cision est tout simplement scandaleuse. C\u2019est la premi\u00e8re fois que les accusations ne portent que sur les activit\u00e9s professionnelles d\u2019un journaliste. D\u2019habitude, les autorit\u00e9s tunisiennes utilisent des mascarades judiciaires. Visiblement, elles n\u2019ont plus besoin de monter des proc\u00e8s de toutes pi\u00e8ces contre les journalistes, comme cela a \u00e9t\u00e9 le cas pour Taoufik Ben Brik et Zouha\u00efer Makhlouf. C\u2019est affligeant \u00bb, a d\u00e9clar\u00e9 Reporters sans fronti\u00e8res. \u00ab Il s\u2019agit clairement d\u2019un proc\u00e8s politique \u00bb, s\u2019est indign\u00e9e Sihem Ben Sedrine, directrice de l\u2019OLPEC, \u00e0 Reporters sans fronti\u00e8res. En d\u00e9cembre 2008, le tribunal de premi\u00e8re instance de Gafsa (400 km au sud de Tunis) avait condamn\u00e9 Fahem Boukadous, alors en clandestinit\u00e9, \u00e0 une peine de six ans de prison ferme, pour \u201cconstitution d\u2019une association criminelle susceptible de porter atteinte aux personnes et \u00e0 leurs biens\u201d, suite \u00e0 la couverture m\u00e9diatique des manifestations populaires dans la r\u00e9gion mini\u00e8re de Gafsa. Le 5 f\u00e9vrier 2009, la cour d\u2019appel avait confirm\u00e9 cette condamnation. Le 24 novembre 2009, le journaliste s\u2019est pr\u00e9sent\u00e9 libre au tribunal de Gafsa, mettant ainsi un terme \u00e0 pr\u00e8s de dix-sept mois de clandestinit\u00e9. Etant absent lors du proc\u00e8s, Fahem Boukadous a fait opposition au jugement. La proc\u00e9dure a donc recommenc\u00e9 depuis le d\u00e9but, annulant les d\u00e9cisions juridiques pr\u00e9c\u00e9dentes concernant le journaliste. Il \u00e9tait jug\u00e9 aujourd\u2019hui pour les m\u00eames faits que ceux qui lui \u00e9taient reproch\u00e9s en d\u00e9cembre 2008. Condamn\u00e9 \u00e0 quatre ans de prison ferme, le journaliste a exprim\u00e9 son intention de faire appel. \u00ab L\u2019audience d\u2019aujourd\u2019hui n\u2019a dur\u00e9 que dix minutes \u00bb, a d\u00e9plor\u00e9 Fahem Boukadous \u00e0 Reporters sans fronti\u00e8res, avant d\u2019ajouter : \u00ab Mes avocats ont demand\u00e9 le report de l\u2019audience pour vice de proc\u00e9dure, mais en vain. La seule question que l\u2019on m\u2019a pos\u00e9e \u00e9tait mon lien avec le mouvement social de Gafsa. Je leur ai r\u00e9pondu que je m\u2019\u00e9tais alors content\u00e9 de faire mon m\u00e9tier, en couvrant les \u00e9v\u00e9nements qui ont secou\u00e9 le bassin minier de Gafsa. \u00bb<\/font><\/div>\n<p><\/font><\/div>\n<div align=\"center\"><font size=\"2\"><strong><\/p>\n<h2 style=\"color: red;\"><font face=\"Arial\" size=\"3\"><\/p>\n<hr\/>\n<p>\u00a0Prononc\u00e9 du jugement dans l\u2019affaire de Maatoug El Ir et de ses co accus\u00e9s<\/font><\/h2>\n<p><\/strong><\/font><\/div>\n<div><font face=\"Arial\" size=\"2\"><\/p>\n<hr\/>\n<p><\/font><\/div>\n<div><font face=\"Arial\" size=\"2\"><strong><font>Assabilonline<\/font><\/strong>, Tunis La sixi\u00e8me chambre correctionnelle du Tribunal de Premi\u00e8re Instance a prononc\u00e9 aujourd\u2019hui, mardi 12 janvier 2010, son jugement dans l\u2019affaire n33965, dans laquelle est d\u00e9f\u00e9r\u00e9 Maatoug El Ir, en \u00e9tat d\u2019arrestation, qui a \u00e9t\u00e9 condamn\u00e9 \u00e0 un mois d\u2019emprisonnement ferme, Abderrazak Ounifi, en \u00e9tat d\u2019arrestation, qui a b\u00e9n\u00e9fici\u00e9 d\u2019un non lieu. Le tribunal a prononc\u00e9 des peines de trois mois d\u2019emprisonnement contre Abdelwahed Sayeh (r\u00e9sident en Su\u00e8de), Lassaad Jouhri (de Tunis), Brahim Laamouri (r\u00e9sident en Su\u00e8de), Mohammed Habib (de Sidi Houssine Sijoumi) et Omar Makni (de Tunis); [\u2026] En collaboration avec ma\u00eetre Im\u00e8ne Triki et Sayed Mabrouk, militant des droits humains, Tunisie \u00a0<\/font><\/div>\n<div><font face=\"Arial\" size=\"2\">(<font><strong>traduction d\u2019extraits ni revue ni corrig\u00e9e par les auteurs de la version en arabe, LT)<\/strong><\/font> \u00a0<\/font><\/div>\n<\/div>\n<\/div>\n<\/div>\n<div><font face=\"Arial\" size=\"2\"><\/p>\n<div align=\"center\">\n<hr\/>\n<p><strong><font>13 January 2010\u00a0 <\/font><\/p>\n<h2 style=\"color: red;\"><font size=\"3\">TMG calls on European Parliament to help end Tunisian<\/font><\/h2>\n<p><\/strong><\/div>\n<div align=\"center\"><strong><\/p>\n<h3 style=\"color: blue;\"><font size=\"3\">government&rsquo;s unrelenting war on free expression<\/font><\/h3>\n<p><\/strong>\u00a0<\/div>\n<hr\/>\n<p> The Tunisia Monitoring Group (TMG), a coalition now counting 20 member organisations of the International Freedom of Expression Exchange (IFEX), welcomes the European Parliament&rsquo;s public debate on the situation in Tunisia on 20 January. TMG members hope the debate will send a strong message to the Tunisian government to end its unrelenting war on freedom of expression. \u00a0 Five TMG fact-finding missions since January 2005 to monitor the plight of freedom of expression in Tunisia before and after the World Summit on the Information Society (WSIS) and continuous research have shown how attacks on this basic right have not stopped intensifying. The administration and the judiciary have been increasingly used to harass dissidents and critical journalists. \u00a0 Prominent scholars and democracy advocates, including Mohamed Talbi, former dean of the Faculty of Arts of Tunis and president of the banned Observatory for the Freedom of the Press, Publishing and Creation (OLPEC) told the TMG that the ruthless policy of repression of independent-minded journalists, judges, lawyers, writers, students and trade-unionists is \u201cunprecedented in the country&rsquo;s recent history.\u201d \u00a0 This policy of systematic intimidation has forced thousands of Tunisians, including journalists, into exile over the past years. More dangerously, it has led hundreds of young people to be influenced by groups advocating the use of violence to achieve political goals. The government spares neither the victims&rsquo; relatives, nor foreign journalists and human rights researchers. \u00a0 The decision to imprison well-known critical journalist Taoufik Ben Brik, following a mock trial similar to hundreds of other shameful and politically motivated trials mirrors a vengeful trend rather than a quest for justice. Journalist Fahem Boukaddous was sentenced today to four years in prison for covering demonstrations in Gafsa against unemployment and corruption. \u00a0 President Zine El Abidine Ben Ali&rsquo;s critics are dealt with as if they were criminals. Scores of Tunisian political prisoners have died under torture or due to lack of medical care over the past two decades, according to local and international human rights groups. Ben Brik faces life-threatening prison conditions, and family members launched a hunger strike in protest. \u00a0 \u00ab\u00a0These heavy losses of lives could have been avoided and journalists Taoufik Ben Brik and Zouhaier Makhlouf and thousands of other Tunisians would not have been jailed for exercising the right to freedom of expression or association, had the Tunisian state been firmly reminded by its friends and partners in Europe and elsewhere of the urgent need to genuinely abide by the International Covenant on Civil and Political Rights,\u00a0\u00bb said TMG Chair Rohan Jayasekera of Index on Censorship. \u00a0 <strong><font>Members of the IFEX-TMG:<\/font><\/strong> \u00a0 Arabic Network for Human Rights Information (ANHRI), Egypt ARTICLE 19, United Kingdom Bahrain Center for Human Rights (BCHR), Bahrain Cairo Institute for Human Rights Studies (CIHRS), Egypt Canadian Journalists for Free Expression (CJFE), Canada Cartoonists Rights Network International (CRNI), United States Egyptian Organization for Human Rights (EOHR), Egypt Index on Censorship, United Kingdom International Federation of Journalists (IFJ), Belgium International Federation of Library Associations and Institutions (IFLA), Netherlands International Press Institute (IPI), Austria International Publishers&rsquo; Association (IPA), Switzerland Journaliste en danger (JED), Democratic Republic of Congo Maharat Foundation, Lebanon Media Institute of Southern Africa (MISA), Namibia Norwegian PEN, Norway World Association of Community Radio Broadcasters (AMARC), Canada World Association of Newspapers and News Publishers (WAN-IFRA), France World Press Freedom Committee (WPFC), United States Writers in Prison Committee of International PEN (WiPC), United Kingdom \u00a0 <strong><font>For further information, contact TMG Chair Rohan Jayasekera, Index on Censorship, United Kingdom, tel: +44 20 7324 2527, e-mail: rj@indexoncensorship.org, Internet:<a href=\"http:\/\/campaigns.ifex.org\/tmg\/\" target=\"_blank\" rel=\"noopener\">http:\/\/campaigns.ifex.org\/tmg\/<\/a><\/font><\/strong> \u00a0<\/p>\n<hr\/>\n<div align=\"center\"> <strong><font>\u00a0le 13 janvier 2010 <\/font><\/p>\n<h3 style=\"color: blue;\"><font size=\"3\">Le TMG appelle le Parlement europ\u00e9en \u00e0 mettre un terme \u00e0 la guerre<\/font><\/h3>\n<p><\/strong><\/div>\n<div align=\"center\"><strong><\/p>\n<h3 style=\"color: blue;\"><font size=\"3\">implacable du gouvernement tunisien contre la libert\u00e9 d\u2019expression<\/font><\/h3>\n<p><\/strong>\u00a0<\/div>\n<hr\/>\n<p> Le groupe d\u2019observation de la Tunisie (TMG), une coalition comptant 20 organisations membres de l\u2019Echange international de la libert\u00e9 d\u2019expression (IFEX), se r\u00e9jouit de la tenue d\u2019un d\u00e9bat public au Parlement europ\u00e9en sur la situation en Tunisie qui aura lieu le 20 janvier prochain. Les membres du TMG esp\u00e8rent que ce d\u00e9bat permettra d\u2019envoyer un message fort au gouvernement tunisien afin que ce dernier mette un terme \u00e0 sa guerre implacable contre la libert\u00e9 d\u2019expression. \u00a0 Cinq missions d\u2019enqu\u00eate du TMG sur la libert\u00e9 d\u2019expression en Tunisie depuis le mois de janvier 2005, avant et apr\u00e8s la tenue du Sommet mondial sur la soci\u00e9t\u00e9 de l\u2019information (SMSI) \u00e0 Tunis, et une recherche ininterrompue ont permis de d\u00e9montrer que les attaques sur ce droit fondamental n\u2019ont en fait jamais cess\u00e9 d\u2019augmenter en Tunisie. En effet, les pouvoirs administratif et judiciaire ont de plus en plus \u00e9t\u00e9 mis \u00e0 contribution pour harceler les dissidents et les journalistes ind\u00e9pendants.  \u00a0 Des intellectuels de premier plan et des militants pour la d\u00e9mocratie en Tunisie comme Mohamed Talbi, ancien Doyen de la Facult\u00e9 des Lettres de l\u2019Universit\u00e9 de Tunis, et Pr\u00e9sident de l\u2019Observatoire pour la Libert\u00e9 de Presse, d\u2019Edition et de Cr\u00e9ation (OLPEC), ont fait savoir au TMG que la politique de r\u00e9pression\u00a0 impitoyable \u00e0 l\u2019encontre des journalistes, des juges, des avocats, des \u00e9crivains, des \u00e9tudiants et des syndicalistes\u00a0 ind\u00e9pendants tunisiens avait atteint \u00ab\u00a0un niveau sans pr\u00e9c\u00e9dent dans l\u2019Histoire r\u00e9cente du pays.\u00a0\u00bb \u00a0 Ces derni\u00e8res ann\u00e9es, cette politique d\u2019intimidation syst\u00e9matique a contraint des milliers de Tunisiens, y compris des journalistes, \u00e0 l\u2019exil. De mani\u00e8re plus grave, cette politique a \u00e9galement conduit des centaines de jeunes gens \u00e0 \u00eatre influenc\u00e9s par des groupes pr\u00f4nant l\u2019utilisation de la violence pour atteindre des buts politiques. Le gouvernement n\u2019\u00e9pargne ni les proches des victimes, ni les journalistes et chercheurs des droits de l\u2019Homme \u00e9trangers.\u00a0 \u00a0 La d\u00e9cision d\u2019emprisonner le journaliste Taoufik Ben Brik, suite \u00e0 un simulacre de proc\u00e8s, similaire \u00e0 tant d\u2019autres proc\u00e8s politiques, refl\u00e8te plus une tendance \u00e0 la vengeance qu\u2019une qu\u00eate pour la Justice. Les personnes qui critiquent le Pr\u00e9sident Zine El Abidine Ben Ali sont trait\u00e9es comme de v\u00e9ritables criminels.\u00a0 Le journaliste Fahem Boukaddous a \u00e9t\u00e9 condamn\u00e9 aujourd\u2019hui \u00e0 quatre ans de prison pour avoir couvert des manifestations en Gafsa contre le ch\u00f4mage et la corruption.  \u00a0 Au cours des deux derni\u00e8res d\u00e9cennies, d\u2019apr\u00e8s des groupes de d\u00e9fense des droits de l\u2019Homme tunisiens et internationaux, de nombreux prisonniers politiques tunisiens sont morts sous la torture ou par manque de soin m\u00e9dical. Les conditions d\u2019emprisonnement de Taoufik Ben Brik sont une menace pour sa vie. En signe de protestation, des membres de sa famille ont d\u2019ailleurs entam\u00e9 une gr\u00e8ve de la faim.  \u00a0 Le Pr\u00e9sident du TMG, Rohan Jayasekera d\u2019Index on Censorship, a d\u00e9clar\u00e9 : \u00ab\u00a0Ces nombreuses pertes de vie humaine auraient pu \u00eatre \u00e9vit\u00e9es. Les journalistes Taoufik Ben Brik et Zouhaier Makhlouf, ainsi que des milliers d\u2019autres Tunisiens n\u2019auraient pas \u00e9t\u00e9 emprisonn\u00e9s pour avoir exerc\u00e9 leur droit aux libert\u00e9s d\u2019expression et d\u2019association si les amis et partenaires de l\u2019Etat tunisien en Europe et ailleurs lui avaient fermement rappel\u00e9 le besoin urgent qu\u2019il a de v\u00e9ritablement respecter ses engagements internationaux, y compris l\u2019article 19 du Pacte international relatif aux droits civils et politiques relatif \u00e0 la libert\u00e9 d\u2019expression.\u00a0\u00bb  \u00a0 <strong><font>Les membres du TMG de l&rsquo;IFEX: <\/font><\/strong>\u00a0 ARTICLE 19, Royaume-Uni Association Mondiale des Journaux et des \u00c9diteurs de M\u00e9dias d&rsquo;Information (WAN-IFRA), France Association mondiale des radiodiffuseurs communautaires (AMARC), Canada Bahrain Center for Human Rights (BCHR), Bahre\u00efn Cairo Institute for Human Rights Studies (CIHRS), \u00c9gypte Cartoonists Rights Network International (CRNI), \u00c9tats-Unis Centre PEN norv\u00e9gien, Norv\u00e8ge Comit\u00e9 des \u00e9crivains en prison de PEN International (WiPC), Royaume-Uni Comit\u00e9 mondial pour la libert\u00e9 de la presse (WPFC), \u00c9tats-Unis F\u00e9d\u00e9ration internationale des associations et institutions de biblioth\u00e8ques (IFLA), Pays-Bas F\u00e9d\u00e9ration internationale des journalistes (FIJ), Belgique Fondation Maharat, Liban Index on Censorship, Royaume-Uni Institut international de la presse (IIP), Autriche Journaliste en danger (JED), R\u00e9publique d\u00e9mocratique du Congo Journalistes canadiens pour la libert\u00e9 d&rsquo;expression (CJFE), Canada Media Institute of Southern Africa (MISA), Namibie Organisation \u00e9gyptienne pour les droits de l&rsquo;Homme (EOHR), \u00c9gypte R\u00e9seau d&rsquo;information arabe des droits de l&rsquo;Homme (ANHRI), \u00c9gypte Union internationale des \u00e9diteurs (UIE), Suisse \u00a0 <font><strong>Pour plus de renseignements, veuillez Alexis Krikorian Union internationale des \u00e9diteurs (UIE), t\u00e9l: +41 22 704 1823, courrier \u00e9lectronique: krikorian@internationalpublishers.org, Internet:<a href=\"http:\/\/campaigns.ifex.org\/tmg\/\" target=\"_blank\" rel=\"noopener\">http:\/\/campaigns.ifex.org\/tmg\/<\/a><\/strong><\/font><\/font><font face=\"Arial\" size=\"2\"><\/font><\/div>\n<div onclick=\"return Control.invoke('ReadingPane', '_onBodyClick', event);\">\n<hr\/>\n<\/div>\n<div align=\"center\" onclick=\"return Control.invoke('ReadingPane', '_onBodyClick', event);\">\u00a0<\/div>\n<div align=\"center\" onclick=\"return Control.invoke('ReadingPane', '_onBodyClick', event);\"><font face=\"Arial\" size=\"2\"><strong><\/p>\n<h3 style=\"color: blue;\"><font size=\"3\">Affaire Yacine Ferchichi : Les Ong exigent la prise en charge du Tunisien<\/font><\/h3>\n<p><\/strong><\/font><\/div>\n<div onclick=\"return Control.invoke('ReadingPane', '_onBodyClick', event);\"><font face=\"Arial\" size=\"2\"><\/p>\n<hr\/>\n<p><\/font><\/div>\n<div align=\"justify\" onclick=\"return Control.invoke('ReadingPane', '_onBodyClick', event);\"><font face=\"Arial\" size=\"2\">Les Organisations non gouvernementales s\u00e9n\u00e9galaises sont pr\u00e9occup\u00e9es par la situation du Tunisien, Yacine Ferchichi, qui a \u00e9t\u00e9 expuls\u00e9 de la France \u00e0 destination du S\u00e9n\u00e9gal. Dans un communiqu\u00e9 conjoint, Amnesty S\u00e9n\u00e9gal, la Raddho et l\u2019Ondh interpellent les autorit\u00e9s s\u00e9n\u00e9galaises et fran\u00e7aises sur la \u2018situation inacceptable qui viole les droits fondamentaux de Yacine Ferchichi et exigent une prise en charge totale du sieur Ferchichi ou \u00e0 d\u00e9faut sa reconduite imm\u00e9diate et sans d\u00e9lai vers la France et ce, sans pr\u00e9judice des proc\u00e9dures en cours intent\u00e9es par ses avocats aupr\u00e8s de la Cour europ\u00e9enne des droits de l\u2019Homme\u2019.  Ces organisations s\u00e9n\u00e9galaises des droits de l\u2019Homme, rappellent qu\u2019elles ont \u00e9t\u00e9 saisies \u00e0 nouveau par le citoyen tunisien \u2018exil\u00e9\u2019 vers le S\u00e9n\u00e9gal sans son consentement par les autorit\u00e9s fran\u00e7aises, un pays dans lequel il n\u2019a aucune attache familiale et ne b\u00e9n\u00e9ficie d\u2019aucune prise en charge. En effet, ces organisations, qui affirment que Yacine Ferchichi est sous la menace d\u2019une expulsion de son h\u00f4tel, parce qu\u2019il n\u2019a pas de quoi payer, ajoutent \u2018qu\u2019il est condamn\u00e9 \u00e0 l\u2019errance et \u00e0 la mis\u00e8re\u2019. C\u2019est pourquoi, elles assimilent sa situation \u00e0 une d\u00e9portation qui porte fondamentalement atteinte \u00e0 sa dignit\u00e9 et \u00e0 sa libert\u00e9 ; son passeport ayant \u00e9t\u00e9 par ailleurs confisqu\u00e9 par la police fran\u00e7aise. \u2018Il est de ce fait m\u00eame victime de la double peine. La France ayant viol\u00e9 la directive de la Cour europ\u00e9enne exigeant de tout pays acceptant de recevoir le sieur Ferchichi de ne pas l\u2019extrader vers la Tunisie\u2019, conclut le communiqu\u00e9 conjoint.  <strong><font>Charles Ga\u00efky DIENE<\/font><\/strong> <font><strong>(Source: \u00ab\u00a0Wal Fadjri\u00a0\u00bb (Quotidien &#8211; Senegal) le 13 janvier 2010)<\/strong><\/font><\/font><\/div>\n<div align=\"justify\" onclick=\"return Control.invoke('ReadingPane', '_onBodyClick', event);\"><font face=\"Arial\" size=\"2\"><strong><\/p>\n<hr\/>\n<p><\/strong><\/font><\/div>\n<div align=\"justify\" onclick=\"return Control.invoke('ReadingPane', '_onBodyClick', event);\">\n<div align=\"center\"><font face=\"Arial\" size=\"2\"><strong><\/p>\n<h3 style=\"color: blue;\"><font size=\"3\">La Tunisie ach\u00e8te du bl\u00e9 dur et de l&rsquo;orge &#8211; traders<\/font><\/h3>\n<p><\/strong><\/font><\/div>\n<div><font face=\"Arial\" size=\"2\"><\/p>\n<hr\/>\n<p> 13-01-2010 &#8211; 15:55  PARIS, 13 janvier (Reuters) &#8211; L&rsquo;Office tunisien des c\u00e9r\u00e9ales a achet\u00e9 mercredi 25.000 tonnes de bl\u00e9 dur et 25.000 tonnes d&rsquo;orge d&rsquo;origine optionnelle, apprend on aupr\u00e8s d&rsquo;exportateurs europ\u00e9ens.  Tunis a pay\u00e9 le bl\u00e9 dur 248,69 dollars\/tonne co\u00fbt et fret pour embarquement en avril, ont-ils pr\u00e9cis\u00e9.  L&rsquo;orge a \u00e9t\u00e9 achet\u00e9e 169,29 dollars\/tonne co\u00fbt et fret pour embarquement du 10 au 20 f\u00e9vrier.  Selon un trader, l&rsquo;origine du bl\u00e9 dur pourrait \u00eatre turque et\/ou espagnole  (Val\u00e9rie Parent) <\/font><\/div>\n<div>\n<hr\/>\n<\/div>\n<div align=\"center\"><span lang=\"DE\"><\/p>\n<h3 style=\"color: blue;\"><font face=\"Arial\" size=\"3\"><strong>Le coup d\u2019envoi des remaniement touche la <i>Maison<\/i><\/strong><\/font><\/h3>\n<p><\/span><\/div>\n<div align=\"center\"><span lang=\"DE\"><\/p>\n<h3 style=\"color: blue;\"><font face=\"Arial\" size=\"3\"><strong><i>\u00a0du Parti<\/i>, le <i>Maire de Tunis<\/i> et le corps des<i>Ambassadeurs<\/i><\/strong> <\/font><\/h3>\n<p><font face=\"Arial\" size=\"3\"><strong><\/strong><\/font><\/span><\/div>\n<p align=\"center\">\n<h3 style=\"color: blue;\"><font face=\"Arial\" size=\"3\"><strong>R\u00e9actions \u00e0 chaud\u2026<\/strong> <\/font><\/h3>\n<p><font face=\"Arial\" size=\"2\"><strong><\/strong><\/font><\/p>\n<hr\/>\n<p>\u00a0 \u00a0<\/p>\n<p><font face=\"Arial\" size=\"2\"><strong>Par<span>Abdel Wahab Hani<\/span><\/strong><\/font><\/p>\n<p>\u00a0<\/p>\n<p><font face=\"Arial\" size=\"2\"><strong>Trois \u00e9v\u00e8nements ont marqu\u00e9 la journ\u00e9e d\u2019aujourd\u2019hui: La nomination de <i>Mme Abir Moussa\/Moussi<\/i> <i>SG adjointe du RCD charg\u00e9e de la femme<\/i>; la nomination de <i>M. Mohamed B\u00e9ji Ben M\u00e9mi Maire de Tunis<\/i> <i>Cheikh Al M\u00e9dina<\/i> et une indiscr\u00e9tion du quotidien arabophone <i>Assabah<\/i> annon\u00e7ant un mouvement imminent dans le corps des Ambassadeurs. Ces nominations inaugurent la saison des remaniements, apr\u00e8s la fin des consultations, comme nous l\u2019avions constat\u00e9, apr\u00e8s la convocation du <i>Comit\u00e9 central du RCD<\/i> au pouvoir dans sa 2<sup>e<\/sup> session ordinaire, pour les 16, 17 et 18 janvier. Nous reviendrons sur ces premi\u00e8res nominations, avec le r\u00e9flexe citoyen et l\u2019esprit constructif et l\u00e9galiste qui nous animent, dans la d\u00e9fense des Int\u00e9r\u00eats supr\u00eames de la Nation<\/strong><\/font><\/p>\n<p><font face=\"Arial\" size=\"2\"><strong>I-<i>Mme Abir Moussa\/Moussi<\/i> Secr\u00e9taire adjointe du RCD en charge de la femme\u00a0:<\/strong> <\/font><\/p>\n<p>\u00a0<\/p>\n<p><span><font face=\"Arial\" size=\"2\">Originaire de <i>Jammel<\/i>, dans le Sahel, cette jeune avocate vient d\u2019\u00eatre promue, \u00e0 35 ans Secr\u00e9taire g\u00e9n\u00e9rale adjointe du parti au pouvoir, en charge de la femme. <i>Me Abir Moussa (ou Moussi)<\/i> s\u2019est distingu\u00e9e ces derni\u00e8res ann\u00e9es par sa participation active, voire fracassante parfois, aux cot\u00e9s de <i>Mme Sa\u00efda Agrebi<\/i>, Na\u00efbah\/D\u00e9put\u00e9e et pr\u00e9sidente de l\u2019<i>Association tunisienne des m\u00e8res <\/i>(ATM) et cheffe de la coalition informelle des organisations non-gouvernementales gouvernementales qui d\u00e9fendent les th\u00e8ses et les acquis du gouvernement\u00a0. <\/font><\/span><\/p>\n<p>\u00a0<\/p>\n<p><font face=\"Arial\" size=\"2\"><i><span>Me Moussa\/Moussi<\/span><\/i><span> a particip\u00e9 \u00e0 plusieurs manifestations internationales, notamment relatives au <i>Sommet Mondial sur la Soci\u00e9t\u00e9 de l\u2019Information<\/i> (SMSI), sous la banni\u00e8re de l\u2019<i>Association tunisienne de la Communication <\/i>(ATUCOM), avant de prendre la pr\u00e9sidence de l\u2019<i>Association tunisienne des victimes du terrorisme <\/i>(ATVT) apr\u00e8s la nomination de son confr\u00e8re <i>Me Habib Achour<\/i> Ambassadeur \u00e0 <i>Rome<\/i> (aupr\u00e8s de la R\u00e9publique italienne, de la FAO, du PAM et du FIDA<\/span><\/font><\/p>\n<p><span><font face=\"Arial\" size=\"2\">Selon sa biographie officielle, mise en ligne par l\u2019agence officielle TAP, <i>Me Moussa\/Moussi<\/i> est adjointe au Maire de l\u2019<i>Ariana<\/i> et est membre du <i>Forum national des avocats du RCD<\/i>, au pouvoir qui semble voir pris la succession de la <i>Khaliyya\u00a0<\/i>; alors que son contradicteur, le journaliste A\u00efd \/ Retornado <i>Zouhir Latif<\/i>, lors d\u2019un d\u00e9bat t\u00e9l\u00e9vis\u00e9 en marge des \u00e9lections g\u00e9n\u00e9rales du 25 octobre dernier, sur le plateau de la cha\u00eene maghr\u00e9bine <i>M\u00e9di 1 Sat<\/i>, affirme qu\u2019elle se pr\u00e9sentait au nom de la soci\u00e9t\u00e9 civile, loin de tout appartenance politique<\/font><\/span><\/p>\n<p><font face=\"Arial\" size=\"2\"><i><span>Me Moussa\/Moussi<\/span><\/i><span> a fait l\u2019objet d\u2019une mesure disciplinaire du Barreau en ao\u00fbt 2006, suite au conflit violent qu\u2019i l\u2019opposait \u00e0 son autre confr\u00e8re <i>Me Mohamed Abbou<\/i>, en 2005. <\/span><\/font><\/p>\n<p>\u00a0<\/p>\n<p><font face=\"Arial\" size=\"2\"><i><span>Me Abbou<\/span><\/i><span>, cet avocat qui s\u2019est distingu\u00e9 par la r\u00e9daction de tout juste deux tribunes, qui lui ont valu le titre d\u2019<i>Avocat de la libert\u00e9<\/i>. L\u2019une m\u00e9morable, sur la d\u00e9mission et la schizophr\u00e9nie des \u00e9lites \u00e0 propos d\u2019<i>Abou Gharib\u00a0<\/i>; l\u2019autre moins \u00e9l\u00e9gante et de moins bonne facture, sur une comparaison entre le Chef de l\u2019Etat en exercice et le G\u00e9n\u00e9ral Sharon, \u00e0 l\u2019annonce de l\u2019invitation de ce denier, \u00e0 la 2<sup>e<\/sup> phase du SMSI \u00e0 Tunis en novembre 2005. <i>Me Abbou<\/i> a \u00e9t\u00e9 condamn\u00e9 \u00e0 une peine de prison puis lib\u00e9r\u00e9 avant l\u2019\u00e9puisement du quantum de sa peine, \u00e0 la faveur d\u2019une compagne internationale et d\u2019une gr\u00e2ce pr\u00e9sidentielle qu\u2019il avait demand\u00e9 par <i>\u00ab\u00a0Respect aux Institutions\u00a0\u00bb<\/i>. <\/span><\/font><\/p>\n<p>\u00a0<\/p>\n<p><font face=\"Arial\" size=\"2\"><i><span>Me Moussa\/Moussi<\/span><\/i><span> remplace, \u00e0 ce poste convoit\u00e9, Madame <i>Faouzia Khaldi<\/i> qui sera promue, peut \u00eatre ailleurs, contrairement \u00e0 son pr\u00e9d\u00e9cesseur Madame <i>Houriya Abdelkhalek<\/i> qui n\u2019a pas eu de r\u00e9compense pour ses services rendus au Parti. <\/span><\/font><\/p>\n<p>\u00a0<\/p>\n<p><span><font face=\"Arial\" size=\"2\">La nomination de<i>Me Moussa\/Moussi<\/i> est intervenu, \u00e0 la sortie du t\u00eate-\u00e0-t\u00eate du Chef de l\u2019Etat avec la tr\u00e8s puissante Pr\u00e9sidente de l\u2019<i>Association tunisienne des m\u00e8res<\/i>, <i>Anna\u00efbah\/D\u00e9put\u00e9e Mme Agr\u00e9bi<\/i>. Cette derni\u00e8re conforte, ainsi, donc sa position comme formatrice des nouveaux cadres du parti, apr\u00e8s la nomination il y\u2019a quelques mois de son autre poulain <i>Hajer Ch\u00e9rif-Chebil<\/i> au poste, aussi convoit\u00e9e que sensible et expos\u00e9, de <i>Secr\u00e9taire g\u00e9n\u00e9ral adjoint du RCD en charge des Relations ext\u00e9rieurs<\/i>, qui avait remplac\u00e9 le tr\u00e8s exp\u00e9riment\u00e9 diplomate de carri\u00e8re <i>Sadok Fayyala<\/i>. <\/font><\/span><\/p>\n<p>\u00a0<\/p>\n<p><span><font face=\"Arial\" size=\"2\">Des rumeurs \u00e9voquent m\u00eame la possible nomination de la Na\u00efbah\/D\u00e9put\u00e9e Agr\u00e9bi \u00e0 un poste minist\u00e9riel, apr\u00e8s tant d\u2019ann\u00e9e pass\u00e9e \u00e0 la <i>\u00ab\u00a0Diplomatie associative\u00a0parall\u00e8le<\/i>\u00bb. <i>\u00ab\u00a0La D\u00e9put\u00e9e Agr\u00e9bi est plus puissante que n\u2019importe quel Ministre Chef de D\u00e9l\u00e9gation\u00a0\u00bb<\/i>, me glissait un Diplomate suisse, en marge du SMSI. Elle occupe tout l\u2019espace d\u00e8s son arriv\u00e9e, larguant les officiels au second plan. Ce qui ne manque pas de g\u00e9n\u00e9rer des effets n\u00e9gatifs quant \u00e0 la r\u00e9elle ind\u00e9pendance de la coalition d\u2019Organisations non gouvernementales qu\u2019elle dirige et \u00e0 la place et \u00e0 la consistance des d\u00e9l\u00e9gu\u00e9s et des d\u00e9l\u00e9gations officiels.<\/font><\/span><\/p>\n<p>\u00a0<\/p>\n<p><span><font face=\"Arial\" size=\"2\">Au del\u00e0 de ces nominations, le r\u00e9seau de l\u2019<i>Association tunisienne des m\u00e8res<\/i> (ATM) et de ses associations satellites devient, avec l\u2019association caritative <i>Basma<\/i>, pr\u00e9sid\u00e9e par l\u2019\u00e9pouse du Chef de l\u2019Etat, le premier pourvoyeur de femmes cadres de l\u2019Etat et du Parti, rel\u00e9guant ainsi la glorieuse<i>Union nationale de la femme tunisienne<\/i> (UNFT), fond\u00e9e sous occupation coloniale fran\u00e7aise, sous le nom de l\u2019<i>Union musulmane de la femme<\/i>, par la Hammam-Lifoise <i>Bchira Ben M\u2019Rad<\/i>. <\/font><\/span><\/p>\n<p>\u00a0<\/p>\n<p><span><font face=\"Arial\" size=\"2\">Ainsi, un nouveau f\u00e9minisme d\u2019Etat <i>(Me Bochra Bel Haj Hmida r\u00e9cuse ce terme que nous empruntons \u00e0 l\u2019historienne Sophie Bessis\u00a0; ce terme renvoi au discours \u00e9tatique et non \u00e0 celui tenu par telle ou telle d\u00e9positaire de tel ou tel poste)<\/i> est n\u00e9e en Tunisie, dans le sillage de la <i>Na\u00efbah\/D\u00e9put\u00e9e Agr\u00e9bi<\/i>, sur fond de <i>\u2018rajeunissement\u2019<\/i> de la vie politique.<\/font><\/span><\/p>\n<p>\u00a0<\/p>\n<p><span><font face=\"Arial\" size=\"2\">Une autre dimension, ayant trait \u00e0 cette nomination surprise, m\u00e9rite d\u2019\u00eatre soulign\u00e9e\u00a0: Le tout jeune quadra Secr\u00e9taire g\u00e9n\u00e9ral du Parti, <i>M. Mohamed Ghariani<\/i>, a entrepris une politique de rajeunissement des cadres de son Administration centrale et de ses structures r\u00e9gionales non \u00e9lectives, voulant aller vers la jeunesse et diriger des cadres moins jeune que lui. Cette aventure a le m\u00e9rite du rajeunissement, mais doit faire les preuves de son efficacit\u00e9. Seule l\u2019Histoire le dira<\/font><\/span><\/p>\n<p><span><font face=\"Arial\" size=\"2\">Une derni\u00e8re remarque s\u2019impose en \u00e9voquant la nomination de <i>Mme Moussa\/Moussi<\/i>, ans le souci de la clart\u00e9 et de la s\u00e9paration des pouvoirs et des attributs\u00a0: <\/font><\/span><\/p>\n<p>\u00a0<\/p>\n<p><span><font face=\"Arial\" size=\"2\">L&rsquo;agence TAP qui\u00a0 annonc\u00e9 la nouvelle, citant <i>M.<\/i> <i>Mohamed Ghariani<\/i>, Secr\u00e9taire g\u00e9n\u00e9ral du RCD, aurait du pr\u00e9ciser que la nomination \u00e9mane du <i>\u00ab\u00a0Pr\u00e9sident du parti\u00a0\u00bb<\/i> et non du \u00ab\u00a0<i>Pr\u00e9sident\u00a0\u00bb <\/i>tout court, \u00e9tant donn\u00e9 que la Direction centrale du RCD n&rsquo;est pas un corps d&rsquo;Etat et que M. Ben Ali a pris cet d\u00e9cision en ses qualit\u00e9s de <i>\u00ab\u00a0Pr\u00e9sident du RCD\u00a0\u00bb<\/i> et non de <i>\u00ab\u00a0Chef de l&rsquo;Etat\u00a0\u00bb<\/i>. La pr\u00e9cision s\u2019impose \u00e9tant que le Chef de l\u2019Etat est le Pr\u00e9sident de tous les tunisiennes et de tous les tunisiens<\/font><\/span><\/p>\n<p><font face=\"Arial\" size=\"2\"><i><span>RCD &#8211; nomination d&rsquo;une nouvelle secr\u00e9taire g\u00e9n\u00e9rale adjointe du RCD, charg\u00e9e de la femme \u00a0<\/span><\/i><span> <\/span><\/font><\/p>\n<p><font face=\"Arial\" size=\"2\"><i><span>TUNIS, 12 jan 2010 (TAP) &#8211; Le secr\u00e9taire g\u00e9n\u00e9ral du Rassemblement constitutionnel d\u00e9mocratique (RCD) a annonc\u00e9 que le pr\u00e9sident Zine El Abidine Ben Ali a d\u00e9cid\u00e9 de nommer Mme Abir Moussi, secr\u00e9taire g\u00e9n\u00e9rale adjointe du RCD, charg\u00e9e de la femme.<\/span><\/i><\/font><\/p>\n<p>\u00a0<\/p>\n<p><font face=\"Arial\" size=\"2\"><i><span><a href=\"http:\/\/www.tap.info.tn\/fr\/index.php?option=com_content&amp;task=view&amp;id=10355&amp;Itemid=\" target=\"_blank\" rel=\"noopener\"><span>http:\/\/www.tap.info.tn\/fr\/index.php?option=com_content&amp;task=view&amp;id=10355&amp;Itemid=<\/span><\/a><\/span><\/i><\/font><\/p>\n<p><font face=\"Arial\" size=\"2\"><strong>II-<i>Mohamed B\u00e9ji Ben M\u00e9mi<\/i> nomm\u00e9 <i>Maire de Tunis Cheikh Al M\u00e9dina<\/i>, en remplacement de <i>Abbas Mohsen<\/i>\u00a0:<\/strong> <\/font><\/p>\n<p>\u00a0<\/p>\n<p><span><font face=\"Arial\" size=\"2\">Cette autre nomination surprise, de <i>M. Mohamed B\u00e9ji Ben M\u00e9mi<\/i>, <i>Maire de Tunis Cheikh Al M\u00e9dina<\/i>, intervient \u00e0 moins de 4 mois des \u00e9lections municipales, annonce, peut \u00eatre, la nomination du Maire sortant, <i>M. Abbas Mohsen<\/i>, \u00e0 un poste minist\u00e9riel ou ambassadorial <i>(depuis notre premi\u00e8re r\u00e9action, un site portail national d\u2019information \u00e9voque un limogeage du Maire sortant, suite \u00e0 la diffusion d\u2019un programme de t\u00e9l\u00e9vision, mettant en exergue les erreurs de l\u2019\u00e9quipe municipale et du Maire)<\/i>. <\/font><\/span><\/p>\n<p>\u00a0<\/p>\n<p><span><font face=\"Arial\" size=\"2\">Aussi d\u00e9concertante soit elle, cette nomination, par <i>D\u00e9cret pr\u00e9sidentiel<\/i>, du <i>Maire de Tunis Cheikh Al M\u00e9dina<\/i>, n\u2019a rien d\u2019ill\u00e9gal. Le dispositions l\u00e9gales en vigueur donnent ce pouvoir discr\u00e9tionnaire au Chef de l\u2019Etat, concernant le Maire de Tunis, parmi les 60 conseillers municipaux de la ville de Tunis. <\/font><\/span><\/p>\n<p>\u00a0<\/p>\n<p><span><font face=\"Arial\" size=\"2\">Cette nomination donnera, sans doute, l\u2019occasion, \u00e0 l\u2019opposition, parlementaire et extra-parlementaire, ainsi que les listes ind\u00e9pendantes, de soulever ce point avant les prochaines municipales d\u2019avril mai prochain. <\/font><\/span><\/p>\n<p>\u00a0<\/p>\n<p><span><font face=\"Arial\" size=\"2\">D\u2019autres aspects li\u00e9s \u00e0 l\u2019intervention de l\u2019Ex\u00e9cutif dans la vie municipale ne manqueront pas de susciter le d\u00e9bat, \u00e0 l\u2019occasion des prochaines municipales\u00a0. Notamment les D\u00e9crets minist\u00e9riels, par le <i>Ministre de l\u2019Int\u00e9rieur<\/i>, de <i>dissolution des Conseils municipaux<\/i> et leur remplacement par des Commissions provisoire, pr\u00e9sid\u00e9es par les Ma\u00f4tamad \/ D\u00e9l\u00e9gu\u00e9 \/ Sous Pr\u00e9fet. Cette mesure. Des dizaines de Conseils municipaux ont \u00e9t\u00e9 dissous, notamment sous l\u2019actuel Ministre de l\u2019Int\u00e9rieur. <\/font><\/span><\/p>\n<p>\u00a0<\/p>\n<p><span><font face=\"Arial\" size=\"2\">La nomination du Conservateur de la m\u00e9moire de la M\u00e9dina, Si <i>Mohamed B\u00e9ji Ben M\u00e9mi<\/i>, <i>Maire de Tunis Cheikh Al M\u00e9dina, <\/i>ouvre ainsi un d\u00e9bat national.<i> <\/i>Tunis, la capitale, <i>Al-Hadhirah<\/i>, donne ainsi le coup d\u2019envoi aux municipales d\u2019avril mai prochain et \u00e0 la r\u00e9flexion sur la modernisation et la d\u00e9mocratisation de l\u2019action municipale<\/font><\/span><\/p>\n<p>\u00a0<\/p>\n<p><span><font face=\"Arial\" size=\"2\">TUNIS, 12 jan 2010 (TAP) &#8211; Le Pr\u00e9sident Zine El Abidine Ben Ali a nomm\u00e9, en vertu d\u2019un d\u00e9cret promulgu\u00e9, le 11 janvier 2010, <i>M. Mohamed B\u00e9ji Ben M\u00e9mi<\/i>, membre du conseil municipal de Tunis, pr\u00e9sident de la municipalit\u00e9 de Tunis.<\/font><font face=\"Arial\" size=\"2\"><\/font><\/span><\/p>\n<p>\u00a0<\/p>\n<p><font face=\"Arial\" size=\"2\"><a href=\"http:\/\/www.tap.info.tn\/fr\/index.php?option=com_content&amp;task=view&amp;id=10376&amp;Itemid=43\" target=\"_blank\" rel=\"noopener\"><span>http:\/\/www.tap.info.tn\/fr\/index.php?option=com_content&amp;task=view&amp;id=10376&amp;Itemid=43<\/span><\/a><\/font><\/p>\n<p><span><font face=\"Arial\" size=\"2\">\u00a0<\/font><font face=\"Arial\" size=\"2\"><\/font><font face=\"Arial\" size=\"2\"><strong>III-Les r\u00e9v\u00e9lations d\u2019Assabah annoncent le Bal des Ambassadeurs<\/strong><\/font><\/span><font face=\"Arial\" size=\"2\"><strong>\u00a0<\/strong><\/font><\/p>\n<p><font face=\"Arial\" size=\"2\"><strong>1-Remarque pr\u00e9-liminaire\u00a0: <\/strong><\/font><\/p>\n<p><span><font face=\"Arial\" size=\"2\">La nomination aux Fonctions civiles et militaires \u00e9tant des pr\u00e9rogatives r\u00e9galiennes du Pr\u00e9sident de la R\u00e9publique. Selon l\u2019article 45, il \u00abaccr\u00e9dite les repr\u00e9sentants diplomatiques aupr\u00e8s des puissances \u00e9trang\u00e8res. Les repr\u00e9sentants diplomatiques des puissances \u00e9trang\u00e8res sont accr\u00e9dit\u00e9s aupr\u00e8s de lui\u00a0\u00bb. Mais le devoir du citoyen lui impose d\u2019observer la nomination de ces commis de l\u2019Etat qui repr\u00e9sentent les int\u00e9r\u00eats de la Nation \u00e0 la t\u00eate de nos missions \u00e0 l\u2019\u00e9tranger. C\u2019est dans ce sens que nous faisons notre devoir.<\/font><\/span><span><font face=\"Arial\" size=\"2\"><\/font><\/span><\/p>\n<p><font face=\"Arial\" size=\"2\"><strong>2-Faits\u00a0:<\/strong> <\/font><\/p>\n<p>\u00a0<\/p>\n<p><span><font face=\"Arial\" size=\"2\">Le quotidien arabophone <i>Assabah<\/i>, propri\u00e9t\u00e9 du tout jeune et puissant gendre pr\u00e9sidentiel <i>M. Fahd Mohamed Sakhr Matri<\/i> (nom complet figurant au n\u00b0 188 sur la liste des membres du Comit\u00e9 central du RCD) <i>Na\u00efb\/D\u00e9put\u00e9<\/i> et fils du <i>Mostachar\/Conseiller \u00ab\u00a0S\u00e9nateur de Carthage\u00a0\u00bb Mohamed Moncef Matri<\/i>, s\u2019est \u00e9tal\u00e9 dans sa livraison d\u2019aujourd\u2019hui, mardi 12 janvier, sur un mouvement imminent dans le corps diplomatique. Ce qui annonce, en outre, le coup d&rsquo;envoi des remaniements, post-\u00e9lectoraux, tant attendus.\u00a0<\/font><font face=\"Arial\" size=\"2\">\u00a0<\/font><\/span><\/p>\n<p><span><font face=\"Arial\" size=\"2\">Selon <i>Assabah<\/i>, donc\u00a0:\u00a0<\/font><font face=\"Arial\" size=\"2\">\u00a0<\/font><\/span><\/p>\n<p><span><font face=\"Arial\" size=\"2\">&#8211;<strong>M. <i>Sadok Korbi<\/i><\/strong> sera nomm\u00e9 \u00e0 <strong><i>Rabat<\/i><\/strong>en remplacement <i>de <strong>Salah Bakkari<\/strong><\/i> qui quitte la Diplomatie. <i><strong>Le Caire<\/strong><\/i> est donc vacant. Il convient de noter que l\u2019Ambassadeur Korbi a eu un accident l\u2019ayant immobilis\u00e9 un certain temps et qui a failli mettre en p\u00e9ril nos int\u00e9r\u00eats au Caire, aupr\u00e8s de la <i><strong>R\u00e9publique arabe d\u2019Egypte<\/strong><\/i> et de la <i><strong>Ligue arabe<\/strong><\/i>\u00a0; <\/font><\/span><\/p>\n<p><span><font face=\"Arial\" size=\"2\"> &#8211;<i><strong>Le S\u00e9nateur \/ Conseiller M. Chakib Dhaouadi<\/strong><\/i> sera nomm\u00e9 \u00e0 <i><strong>Ramallah <\/strong><\/i>aupr\u00e8s de l\u2019Autorit\u00e9 palestinienne. Il lib\u00e9rera son poste au S\u00e9nat\/Chambre des Conseillers\u00a0; <\/font><\/span><\/p>\n<p><span><font face=\"Arial\" size=\"2\"> &#8211;<i><strong>M. Chokri Hermassi<\/strong><\/i>, membre du Bureau politique du <i>Parti de l\u2019Unit\u00e9 populaire<\/i> (PUP) fera son entr\u00e9e dans le corps diplomatique, \u00e0 <i><strong>Dakar<\/strong><\/i>, en remplacement de <i><strong>M. Jalel Lakhhar<\/strong><\/i>, du <i>Mouvement des D\u00e9mocrates Socialistes<\/i> ( MDS), \u00e0 qui il \u00e9t\u00e9 d\u00e9cid\u00e9 de mettre fin \u00e0 sa carri\u00e8re\u00a0; <\/font><\/span><\/p>\n<p><font face=\"Arial\" size=\"2\"> &#8211;<i><strong>M. Rafaa D\u00e9khil<\/strong><\/i>\u00a0, ancien Ministre limog\u00e9 \u00e0 la veille des \u00e9lections, ira \u00e0 <i><strong>Berlin<\/strong><\/i>, en remplacement de l\u2019Ambassadeur et ancien Ministre <i><strong>M. Moncef Ben Abdallah<\/strong><\/i>, qui est toujours ministrable\u00a0; <\/font><\/p>\n<p><font face=\"Arial\" size=\"2\"> &#8211;<i><strong>M. Mohamed Habib M&rsquo;Barek<\/strong><\/i> quitte la Diplomatie, ce qui laisse le poste d\u2019<i><strong>Alger<\/strong><\/i> vacant\u00a0; <\/font><\/p>\n<p><font face=\"Arial\" size=\"2\"><\/p>\n<p> &#8211;<i><strong>M. Hichem Bayyoudh<\/strong><\/i> quitte la Diplomatie, en lib\u00e9rant le poste de <i><strong>Kuweit<\/strong><\/i>\u00a0;<\/p>\n<\/p>\n<p><\/font><span><font face=\"Arial\" size=\"2\"> &#8211;<i><strong>M. Mohamed Habib Brahem<\/strong><\/i> aurait quitt\u00e9 <i><strong>Tripoli<\/strong><\/i> et aurait rejoint le cabinet du <i>Ministre de l\u2019Int\u00e9rieur<\/i>, lib\u00e9rant ainsi le poste de <i><strong>Tripoli, <\/strong><\/i>au centre d\u2019\u00e9normes tensions avec notre voisin libyen\u00a0;\u00a0<\/font><font face=\"Arial\" size=\"2\">\u00a0<\/font><\/span><\/p>\n<p><font face=\"Arial\" size=\"2\"><i><span>Assabah<\/span><\/i><span> affirme que les Ambassadeurs\u00a0 <i><strong>Noureddine Hachad<\/strong><\/i> (<strong>Australie<\/strong>),\u00a0 <strong><i>Abdelwahab Jemal (<\/i>Gen\u00e8ve<\/strong> aupr\u00e8s du si\u00e8ge europ\u00e9en <strong>Nations Unies<\/strong>), <i><strong>Kamel Haj Sassi<\/strong><\/i> (<strong>Tch\u00e9quie<\/strong>) et <strong><i>Mohamed Habib Haddad (<\/i>Vienne<\/strong>) seraient maintenus en poste. <\/span><\/font><\/p>\n<p>\u00a0<\/p>\n<p><span><font face=\"Arial\" size=\"2\">Mais <i>Assabah<\/i> oublie de mentionner, ou semble ne pas avoir d\u2019informations, concernant, \u00e0 titre d\u2019exemple\u00a0: <\/font><\/span><\/p>\n<p>\u00a0<\/p>\n<p><span><font face=\"Arial\" size=\"2\">a-<i><strong>Ankara<\/strong><\/i>, vacant depuis la nomination du jeune, polyglotte et dynamique diplomate de carri\u00e8re <i><strong>M.<\/strong><\/i><i><strong>Ghazi Jomaa<\/strong><\/i> \u00e0 <i><strong>New York<\/strong><\/i>\u00a0aupr\u00e8s des <i><strong>Nations Unies<\/strong><\/i>; <\/font><\/span><\/p>\n<p>\u00a0<\/p>\n<p><span><font face=\"Arial\" size=\"2\">b-Paris, o\u00f9 les rumeurs les plus contradictoires circulent concernant le maintien ou le rappel de l\u2019Ambassadeur <i><strong>Mohamed Raouf Najjar<\/strong><\/i> et son \u2018probable\u2019 remplacement, toujours selon le d\u00e9luge de rumeurs, par l\u2019actuel Ministre d\u2019Etat M. <i><strong>Abdelaziz Ben Dhia<\/strong><\/i>, l\u2019actuel Ministre des Transports <i><strong>M.<\/strong><\/i><i><strong>Abderrahim Zouari<\/strong><\/i> ou encore par l\u2019actuel Ministre de l\u2019Education et de lq Formqtion <i><strong>M. Hatem Ben Salem<\/strong><\/i>\u00a0<\/font><\/span><\/p>\n<p><span><font face=\"Arial\" size=\"2\">c-La question des cotas qui reviendraient aux partis de l\u2019opposition parlementaires. Selon de nombreux indices et indiscr\u00e9tions, le <i>MDS<\/i>, l&rsquo;<i>UDU<\/i>, le <i>PUP<\/i>, <i>PVP<\/i> et <i>PSL<\/i> veulent chacun un Ambassadeur.. Certains ont m\u00eame donn\u00e9 la liste de leurs \u00ab\u00a0\u00e9lus\u00a0\u00bb. La pr\u00e9sence des \u00ab\u00a0cotas\u00a0\u00bb de partis politiques, pour la seule comp\u00e9tence d\u2019appartenance politique d\u2019All\u00e9geance, au sein de la Diplomatie pose un r\u00e9el probl\u00e8me. La r\u00e9cente exp\u00e9rience, notamment \u00e0 <strong><i>Khartoum<\/i> <\/strong>(<i><strong>Abdessalem Boua\u00efcha<\/strong>, UDU<\/i>) et \u00e0 <i><strong>Dakar<\/strong><\/i> (<i><strong>Jalel Lakhdhar<\/strong>, MDS<\/i>) n\u2019a pas \u00e9t\u00e9 tr\u00e8s concluante<\/font><\/span><\/p>\n<p><font face=\"Arial\" size=\"2\"><strong>3-Remarques post-liminaires\u00a0:<\/strong> <\/font><\/p>\n<p>\u00a0<\/p>\n<p><span><font face=\"Arial\" size=\"2\">Dans l\u2019int\u00e9r\u00eat national, nous formulons les remarques suivantes, sans esprit partisan ou pol\u00e9miste.<\/font><font face=\"Arial\" size=\"2\">\u00a0<\/font><\/span><\/p>\n<p><font face=\"Arial\" size=\"2\"><strong>a-La gestion de carri\u00e8re des Diplomates de carri\u00e8re et la limitation des nominations politiques\u00a0:<\/strong> <\/font><\/p>\n<p>\u00a0<\/p>\n<p><span><font face=\"Arial\" size=\"2\">Vu l\u2019importance de la fonction d\u2019Ambassadeur, nous proposons que les nominations respectent le principe de l\u2019\u00e9volution de carri\u00e8re de nos diplomates de carri\u00e8re, qui font un travail extr\u00eamement p\u00e9nible et tr\u00e8s peu r\u00e9mun\u00e9r\u00e9 et consentent d\u2019\u00e9normes sacrifices pour leurs personnes et pour leurs familles. <\/font><\/span><\/p>\n<p>\u00a0<\/p>\n<p><span><font face=\"Arial\" size=\"2\">La tr\u00e8s forte proportion des nominations politiques au poste d\u2019Ambassadeur risque de d\u00e9courager nos diplomates de carri\u00e8re. Ce qui serait fortement nuisible et pr\u00e9judiciables aux int\u00e9r\u00eats de la Nation. Certaines Nations, proches de la n\u00f4tre, ont fix\u00e9 des cotas de 25% pour les nominations politiques, laissant les 75% restant \u00e0 l\u2019\u00e9volution de carri\u00e8re et introduisant ainsi une vraie politique de gestion des carri\u00e8res dans la diplomatie. <\/font><\/span><\/p>\n<p>\u00a0<\/p>\n<p><span><font face=\"Arial\" size=\"2\">Le <i>Ministre Conseiller diplomatique du Chef de l\u2019Etat M. Afif Garbouj<\/i> a du mesurer l\u2019importance d\u2019avoir des diplomates de carri\u00e8re, notamment dans les postes sensibles, o\u00f9 les relations bilat\u00e9rales et la coop\u00e9ration multilat\u00e9rale se conjuguent. Les difficult\u00e9s rencontr\u00e9es par la d\u00e9l\u00e9gation tunisienne, pr\u00e9sid\u00e9e par le <i>Chef de l\u2019Etat<\/i> en personne, au dernier <i>Sommet de Rome,<\/i> doivent inciter \u00e0 une meilleure gestion des nominations et de la place des<i>Diplomates de carri\u00e8re<\/i> aux cot\u00e9s des <i>Ambassadeurs politiques<\/i>. <\/font><\/span><\/p>\n<p>\u00a0<\/p>\n<p><font face=\"Arial\" size=\"2\"><strong>b- La r\u00e9vision de la grille des salaires de nos Diplomates\u00a0:<\/strong><\/font><\/p>\n<p>\u00a0<\/p>\n<p><span><font face=\"Arial\" size=\"2\">La r\u00e9vision de la grille des salaires de nos <i>Diplomates en poste \u00e0 l\u2019\u00e9tranger<\/i>. En effet, les diplomates tunisiens sont les moins pay\u00e9s parmi les diplomates arabes, maghr\u00e9bins et africains, pour ne pas parler d\u2019autres r\u00e9gions du monde. M\u00eame des petits africains plus modestes que le notre payent mieux leurs diplomates. <\/font><\/span><\/p>\n<p>\u00a0<\/p>\n<p><span><font face=\"Arial\" size=\"2\">A titre d\u2019exemple, l\u2019Ambassadeur de Tunisie \u00e0 Paris, aupr\u00e8s de la R\u00e9publique fran\u00e7aise et d\u2019Institut du Monde arabe, et qui parfois repr\u00e9sente nos int\u00e9r\u00eats aupr\u00e8s de l\u2019UNESCO en l\u2019absence d\u2019Ambassadeur attitr\u00e9 <i>(ce n\u2019est plus le cas depuis la nomination, par D\u00e9cret du 10 novembre, de son Excellence M. Mezri Haddad Ambassadeur, D\u00e9l\u00e9gu\u00e9 permanent aupr\u00e8s de l\u2019UNESCO, attest\u00e9e par le portail de l\u2019Organisation )<\/i>, ne serait pay\u00e9 que 3800 Euros, selon les indiscr\u00e9tions. Ce qui est d\u00e9risoire pour assumer la charge et les obligations d\u2019un Ambassadeur. <\/font><\/span><\/p>\n<p>\u00a0<\/p>\n<p><span><font face=\"Arial\" size=\"2\">De nombreux diplomates de carri\u00e8re, \u00e0 la solide exp\u00e9rience, vivent dans des petits studios ou appartements indignes pour leur rang et pour les int\u00e9r\u00eats supr\u00eames de notre Nation qu\u2019ils d\u00e9fendent.\u00a0<\/font><font face=\"Arial\" size=\"2\">\u00a0<\/font><\/span><\/p>\n<p><span><font face=\"Arial\" size=\"2\">Cette situation ouvre les portes <i>, La Qaddara Allah<\/i>, \u00e0 toutes les d\u00e9rives et les manipulations, si ce n\u2019\u00e9tait la tr\u00e8s haute moralit\u00e9 de nos Ambassadeurs, en g\u00e9n\u00e9ral, d\u2019un cot\u00e9 et le s\u00e9rieux des contr\u00f4leurs des fonds publiques de l\u2019autre.<\/font><\/span><\/p>\n<p>\u00a0<\/p>\n<p><span><font face=\"Arial\" size=\"2\">C\u2019est le r\u00f4le du<i>Chef de la Diplomatie<\/i> que de veiller \u00e0 une r\u00e9mun\u00e9ration juste de nos diplomates et de d\u00e9fendre ce point de vu aupr\u00e8s de ses interlocuteurs, au Gouvernement et au Parlement. Il est regrettable que cet aspect n\u2019a pas \u00e9t\u00e9 pris en compte dans le budget 2010 et n\u2019a m\u00eame pas \u00e9t\u00e9 \u00e9voqu\u00e9 lors des d\u00e9bats, budg\u00e9taires ou des s\u00e9ances de questions au gouvernement, des Chambres des D\u00e9put\u00e9s et des Conseillers. <\/font><\/span><\/p>\n<p>\u00a0<\/p>\n<p><font face=\"Arial\" size=\"2\"><strong>c-La D\u00e9mocratisation de la fonction d\u2019Ambassadeur et le r\u00f4le du Parlement\u00a0:<\/strong> <\/font><\/p>\n<p>\u00a0<\/p>\n<p><span><font face=\"Arial\" size=\"2\">Bien que l\u2019Ambassadeur est le <i>Repr\u00e9sentant personnel du Chef de l\u2019Etat<\/i> et qu\u2019il ne r\u00e9pond que devant lui, directement, par l\u2019entremise du <i>Chef de la Diplomatie<\/i>, du <i>Chef du Gouvernement<\/i> et du <i>Conseiller diplomatique de la Pr\u00e9sidence de la R\u00e9publique<\/i>, les Nations d\u00e9mocratiques modernes ont institu\u00e9 des m\u00e9canismes de contr\u00f4le de l\u2019action diplomatique, allant parfois jusqu\u2019\u00e0 conf\u00e9rer au Parlement la validation des nominations diplomatiques. <\/font><\/span><\/p>\n<p>\u00a0<\/p>\n<p><span><font face=\"Arial\" size=\"2\">Sans aller \u00e0 ce stade, peu compatible avec notre syst\u00e8me pr\u00e9sidentiel en l\u2019\u00e9tat actuel, nous proposons d\u2019organiser des s\u00e9ances de d\u00e9bats, aux deux Assembl\u00e9es, avec les futurs Ambassadeurs , d\u00e8s leur nomination et d\u00e8s que la r\u00e9alit\u00e9 l\u2019impose. Cette mesure \u00e9volutive permettrait de garder le contact entre les<i>Repr\u00e9sentants du Peuple<\/i> et les <i>Repr\u00e9sentants de la Nation \u00e0 l\u2019Etranger<\/i>. <\/font><\/span><\/p>\n<p>\u00a0<\/p>\n<p><span><font face=\"Arial\" size=\"2\">Ce qui sera de nature \u00e0 mieux sensibiliser les \u00e9lus de la Nation aux questions diplomatiques et de mieux profiter de la Diplomatie parlementaire d\u2019un cot\u00e9, et mieux responsabiliser les Chefs de nos missions diplomatiques aux questions pos\u00e9es par notre soci\u00e9t\u00e9, par la voix de ses \u00e9lus, dans ce monde o\u00f9 la Diplomatie tend \u00e0 \u00eatre celle des Peuples et des Nations, moins celle des Etats et gouvernements. <\/font><\/span><\/p>\n<p>\u00a0<\/p>\n<p><font face=\"Arial\" size=\"2\"><strong>d-La n\u00e9cessaire Impartialit\u00e9 de l\u2019Ambassadeur vis-\u00e0-vis des partis politiques\u00a0:<\/strong> <\/font><\/p>\n<p>\u00a0<\/p>\n<p><span><font face=\"Arial\" size=\"2\">La pr\u00e9sence parmi nos Ambassadeurs, actuels ou futurs, de dirigeants de parti politiques, au pouvoir ou dans l\u2019opposition, est nuisible \u00e0 la fonction ambassadoriale. Tous les membres des instances dirigeantes doivent \u00eatre mis en indisponibilit\u00e9, d\u00e8s sa nomination au rang d\u2019Ambassadeur, qu\u2019il soit en poste \u00e0 l\u2019\u00e9tranger ou dans l\u2019Administration centrale. <\/font><\/span><\/p>\n<p>\u00a0<\/p>\n<p><span><font face=\"Arial\" size=\"2\">Parmi les noms, cit\u00e9s par <i>Assabah<\/i>, figure un membre du <i>Bureau politique du <strong>PUP<\/strong><\/i>, M. <i><strong>Chokri Hermassi <\/strong><\/i>(probable <strong>Dakar<\/strong>, comp\u00e9tent par une grande partie des Etats d\u2019Afrique de l\u2019Ouest)<i>\u00a0<\/i>; deux membres du <i>Comit\u00e9 central du RCD<\/i>\u00a0:<i><strong>Rafaa D\u00e9khil<\/strong><\/i> (probable <strong>Berlin<\/strong>) et <i><strong>Chakib Dhaouadi<\/strong><\/i> (probable <strong>Ramallah<\/strong>). Ils doivent quitter leurs fonctions politiques partisanes. Tout comme nos actuels <i>Ambassadeurs<\/i> et <i>membres du Comit\u00e9 central du RCD<\/i>\u00a0: <i>Mohamed Habib Haddad<\/i> (Autriche), <i>Kamel Haj Sassi<\/i> (Tch\u00e9quie), <i>Abdelwahab Jemal<\/i> Gen\u00e8ve)\u00a0; ainsi que Mrs <i>Jalel Lakhdhar<\/i> (Dakar) et <i>Sa\u00efd Nacer Ramadhan<\/i> (Khartoum) <i>dirigeants du MDS<\/i>.<\/font><\/span><\/p>\n<p>\u00a0<\/p>\n<p><span><font face=\"Arial\" size=\"2\">Il y a va de la s\u00e9r\u00e9nit\u00e9 de l\u2019action diplomatique. L\u2019Ambassadeur repr\u00e9sente la Nation tout enti\u00e8re et non un parti, aussi populaire et l\u00e9gitime soit-il. D\u00e8s qu\u2019il assume cette fonction, tout Ambassadeur doit se d\u00e9mettre des ses mandats politiques partisans ou se mettre en indisponibilit\u00e9. Par analogie aux cas d\u2019<i>In\u00e9ligibilit\u00e9<\/i> \u00e9num\u00e9r\u00e9s par le <i>Code \u00e9lectoral<\/i>, le L\u00e9gislateur a tenu \u00e0 pr\u00e9server certaines fonctions d\u2019Etat de la partialit\u00e9 du parti-pris et les a \u00e9lev\u00e9 au rang de l\u2019Impartialit\u00e9, dont les <i>Ambassadeurs<\/i>, les <i>Wali<\/i>\/<i>Gouverneur<\/i>\u2026 au premier chef. <\/font><\/span><\/p>\n<p>\u00a0<\/p>\n<p><font face=\"Arial\" size=\"2\"><strong>f-La visibilit\u00e9 du portail de la Diplomatie\u00a0:<\/strong> <\/font><\/p>\n<p>\u00a0<\/p>\n<p><span><font face=\"Arial\" size=\"2\">Am\u00e9liorer la visibilit\u00e9 de portail de la Diplomatie (<a href=\"http:\/\/www.diplomatie.gov.tn\/\" target=\"_blank\" rel=\"noopener\"><span>http:\/\/www.diplomatie.gov.tn<\/span><\/a> ), au joli design et aux belles couleurs du reste, qui somnole depuis le 3 novembre 2009, alors que le Chef de la Diplomatie a eu de nombreuses activit\u00e9s publiques, hormis ses nombreuses activit\u00e9s et d\u00e9placements priv\u00e9es, \u00e0 l\u2019\u00e9tranger. <\/font><\/span><\/p>\n<p>\u00a0<\/p>\n<p><span><font face=\"Arial\" size=\"2\">Ses coll\u00e8gues du gouvernement ont eu \u00e0 effectuer des activit\u00e9s et des d\u00e9placements \u00e0 l\u2019\u00e9tranger dans le cadre de l\u2019action de la Diplomatie (notamment la r\u00e9cente visite de <i>M. Kamel Morjane<\/i> , <i>Ministre de la D\u00e9fense<\/i> et <i>Envoy\u00e9 sp\u00e9cial du Chef de l\u2019Etat aupr\u00e8s du Colonel libyen<\/i>). Et l\u00e0 encore rien sur le site du Minist\u00e8re. De m\u00eame pour les nouvelles des missions et des participation de la Diplomatie \u00e0 l\u2019\u00e9tranger, notamment aupr\u00e8s de organisations internationales. <\/font><\/span><\/p>\n<p>\u00a0<\/p>\n<p><span><font face=\"Arial\" size=\"2\">M\u00eame la participation au <i>Sommet de Rome sur l\u2019Alimentation<\/i>, assum\u00e9e par le <i>Chef de l\u2019Etat<\/i> en personne, la participation au <i>Sommet de Copenhague sur l\u2019Environnement<\/i>, assum\u00e9e avec brio par le <i>Ministre de l\u2019Environnement M. Nadhir Hmada<\/i> n\u2019y figurent point. Tout comme la participation des d\u00e9l\u00e9gations tunisiennes, parfois \u00e0 la t\u00eate de groupements r\u00e9gionaux, dans les combats diplomatiques du monde arabe dans l\u2019ar\u00e8ne internationale, \u00e0 titre d\u2019exemple l\u2019adoption du <i>Rapport Godlstone<\/i> sur les crimes commis par l\u2019occupation coloniale isra\u00e9lienne \u00e0 Gaza et dont des exploits inesp\u00e9r\u00e9s ont \u00e9t\u00e9 obtenus gr\u00e2ce \u00e0 la diplomatie tunisienne, sous la conduite de <i>Son Excellence l\u2019Ambassadeur Abdelwaheb Jemal<\/i>, <i>aupr\u00e8s du Conseil des droits de l\u2019homme et des Nations Unies \u00e0 Gen<\/i>\u00e8ve (au nom de la pr\u00e9sidence tunisienne du Groupe arabe) et son coll\u00e8gue<i>Son Excellence l\u2019Ambassadeur Ghazi Jomaa aupr\u00e8s des Nations Unies \u00e0 New York<\/i>. Tout comme les voyages \u00e0 l\u2019\u00e9tranger, \u00e0 la d\u00e9fense de nos Int\u00e9r\u00eats et les <i>Commissions mixtes<\/i> pr\u00e9sid\u00e9es par l\u2019infatigable <i>Premier Ministre M. Mohamed Ghannouchi<\/i>. Ne figurent pas non plus les activit\u00e9s des trois Secr\u00e9taires d\u2019Etat aupr\u00e8s du Ministre des Affaires \u00e9trang\u00e8res. <\/font><\/span><\/p>\n<p>\u00a0<\/p>\n<p><span><font face=\"Arial\" size=\"2\">Et pourtant, tout ceci devrait pourtant \u00eatre publi\u00e9 sur le portail de la Diplomatie tunisienne. Cette derni\u00e8re est une \u0153uvre collective de <i>Carthage <\/i>(si\u00e8ge de la Pr\u00e9sidence), la<i>Kasbah <\/i>(si\u00e8ge du Premier Minist\u00e8re), <i>Cit\u00e9 Jamil<\/i> (si\u00e8ge du Minist\u00e8re des Affaires \u00e9trang\u00e8res), l\u2019ensemble des d\u00e9partements minist\u00e9riels et l\u2019ensemble de nos repr\u00e9sentations diplomatiques \u00e0 l\u2019\u00e9tranger<\/font><\/span><\/p>\n<p><span><font face=\"Arial\" size=\"2\">Lors du d\u00e9c\u00e8s de feu <i>Habib Bourguiba Jr<\/i>, <i>compagnon de la Lib\u00e9ration<\/i> et <i>ancien Ministre des Affaires \u00e9trang\u00e8res<\/i>, aucune information n\u2019a \u00e9t\u00e9 publi\u00e9 sur ledit site, ce qui est une erreur grave, vu le nombre important de diplomates et de journalistes de la plan\u00e8te enti\u00e8re qui cherchaient une information ce jour l\u00e0 et ne l\u2019ont pas trouv\u00e9. A ce titre, le portail de la Diplomatie doit mentionner tous les anciens Chefs de la Diplomatie, pour rendre hommage aux pionniers et marquer la continuit\u00e9 de l\u2019\u0153uvre diplomatique. <\/font><\/span><\/p>\n<p>\u00a0<\/p>\n<p><span><font face=\"Arial\" size=\"2\">Une autre remarque s\u2019impose\u00a0: Le visiteur du portail d\u00e9couvre les adresses de nos repr\u00e9sentations diplomatiques et consulaires, r\u00e9sidentes et non r\u00e9sidentes. Le visiteur trouve en outre les noms des <i>Consuls honoraires, \u00e9trangers,<\/i> de la Tunisie, dans leurs pays respectifs.<strong>Mais on ne trouve pas les noms de nos chefs de missions, diplomatiques et consulaires, comme s\u2019il s\u2019agissait de <i>\u00ab\u00a0missions non habit\u00e9es\u00a0\u00bb<\/i>,<\/strong> pour reprendre le jargon des activit\u00e9s spatiales<\/font><\/span><\/p>\n<p><span><font face=\"Arial\" size=\"2\">Pourtant le Minist\u00e8re s\u2019est dot\u00e9e d\u2019une <i>Direction \u00e0 l\u2019Information<\/i> et devrait avoir les moyens humains, parmi ses 1700 fonctionnaires au si\u00e8ge, d\u2019actualiser sa page Internet<\/font><\/span><\/p>\n<p><span><font face=\"Arial\" size=\"2\">Habit\u00e9 par l\u2019esprit r\u00e9publicain et citoyen rappel\u00e9 en pr\u00e9-liminaires et loin de tout esprit pol\u00e9miste, nous adressons ses remarques amicales \u00e0 l\u2019actuel Chef de notre Diplomatie, <i>M. Abdelwahab Abdallah<\/i>, <i>Ministre des Affaires \u00e9trang\u00e8res<\/i>, \u00e0 son successeur, ainsi qu\u2019\u00e0 <i>Son Excellence le<\/i> <i>Ministre Conseiller diplomatique pr\u00e8s la Pr\u00e9sidence<\/i>, <i>M. Afif Garbouj<\/i>, ancien Ambassadeur, diplomate de carri\u00e8re et v\u00e9t\u00e9ran de la Diplomatie tunisienne.\u00a0<\/font><font face=\"Arial\" size=\"2\">\u00a0<\/font><\/span><\/p>\n<p><font face=\"Arial\" size=\"2\"><strong>Post Espoir\u00a0:<\/strong>\u00a0<\/font><span><font face=\"Arial\" size=\"2\">\u00a0<\/font><\/span><\/p>\n<p><span><font face=\"Arial\" size=\"2\">Dans l\u2019espoir que les diff\u00e9rents mouvements de remaniements qui vont suivre, aux heures et aux jours qui viennent, apportent \u00e0 la Nation les plus comp\u00e9tents. Que les jours, les semaines, les mois \u00e0 venir apportent sagesse et sens des responsabilit\u00e9s \u00e0 toutes et \u00e0 tous, pour \u0153uvrer tous, dans l\u2019int\u00e9r\u00eat supr\u00eame de la Nation. Que les <i>A\u00cfDOUN \/ Retornados<\/i> puissent rentrer dans les plus brefs d\u00e9lais<i>, illa man abaa<\/i>. Que ce dernier quinquennat et le dernier gouvernement qui va le servir apporte \u00e0 la Tunisie D\u00e9mocratie, Prosp\u00e9rit\u00e9, Croissance, Emploi\u2026 Et surtout une bonne dose d\u2019Amour pour que l\u2019on puisse tous vivre ensemble dans ce pays merveilleux qu\u2019est la Tunisie. <\/font><\/span><\/p>\n<p><span><font face=\"Arial\" size=\"2\">\u00a0 <\/font><font face=\"Arial\" size=\"2\">Paris, le 12 janvier 2010 <\/font><\/span><\/p>\n<p><span><font face=\"Arial\" size=\"2\">\u00a0 <\/font><font face=\"Arial\" size=\"2\">\u00efd \/ Retornado dans la Transparence <\/font><\/span><\/p>\n<p><span><font face=\"Arial\" size=\"2\">A\u00efd \/ Retornado Ahabba Man Ahabba Wa Kariha Man Kariha <\/font><\/span><\/p>\n<p><span><font face=\"Arial\" size=\"2\">\u00a0 <\/font><\/span><span lang=\"DE\"><font face=\"Arial\" size=\"2\">bdel Wahab Hani<\/font><\/span><\/p>\n<p>\u00a0<\/p>\n<p><font face=\"Arial\" size=\"2\"><a href=\"mailto:awhani@yahoo.fr\" target=\"_blank\" rel=\"noopener\"><span lang=\"DE\">awhani@yahoo.fr<\/span><\/a> <\/font><\/p>\n<p><span><font face=\"Arial\" size=\"2\">+33 (0)6 17 96 00 37 (ne marche pas depuis les postes <i>Tunisie T\u00e9l\u00e9coms<\/i>, fixes, cellulaires, rifi, publiphone, des suites d\u2019une d\u00e9cison d\u2019un fonctionnaire z\u00e9l\u00e9, il y a pr\u00e8s de 10 ans)<\/font><\/span><\/p>\n<p>\u00a0<\/p>\n<p><span lang=\"EN-GB\"><font face=\"Arial\" size=\"2\"><strong><font>FaceBook\u00a0: Abdel Wahab Hani<\/font><\/strong><\/font><\/span><\/p>\n<p>\u00a0<\/p>\n<hr\/>\n<p align=\"center\"><font face=\"Arial\" size=\"2\"><strong><\/p>\n<h3 style=\"color: blue;\"><font size=\"3\">TUNISIE : IL FAUT LIMOGER TOUS LES MAIRES DU PAYS<\/font><\/h3>\n<p><\/strong><\/font><\/p>\n<hr\/>\n<p>\u00a0<\/p><\/div>\n<div align=\"justify\" onclick=\"return Control.invoke('ReadingPane', '_onBodyClick', event);\"><font face=\"Arial\" size=\"2\">Oui, vraiment, merci Monsieur le Pr\u00e9sident d&rsquo; avoir limog\u00e9 le maire de Tunis pour manque de communication avec les citoyens suite \u00e0 la d\u00e9nonciation de la rubrique El Haq im&rsquo;\u00e2k. Mais ce n&rsquo; est qu&rsquo; une goutte d&rsquo; eau dans le lac de Tunis pour ne pas dire dans la M\u00e9diterran\u00e9e. Parce que tous les maires de la R\u00e9publique du pays se comportent ainsi: m\u00e9pris du citoyen, manque de temps \u00e0 consacrer \u00e0 la municipalit\u00e9 et aux besoins de la cit\u00e9 parce qu&rsquo; en m\u00eame temps ils s&rsquo; occupent de leur boulot et de leurs int\u00e9r\u00eats en tant que repr\u00e9sentants du parti au pouvoir. Donc, si vous souhaitez vraiment mettre fin au laxisme qui carect\u00e9rise la majorit\u00e9 des pr\u00e9sidents des micipalit\u00e9s en Tunisie, il faut prendre des solutions radicales : Elections municipales d\u00e9mocratiques, conseil municipal coll\u00e9gial et interdiction du pouvoir et du parti dominant d&rsquo; interf\u00e9rer dans les affaires de la mairie.En m\u00eame temps, il faut que les citoyens aient des pouvoirs qui leur permettent de mettre en cause le comportement du maire et de le r\u00e9voquer par r\u00e9f\u00e9rendum.  Si non, les interventions sporadiques comme celles que vous venez de prendre, il en y a eu d&rsquo; autres, ne r\u00e9soudront jamais les probl\u00e8mes.  Le maire de Tunis a \u00e9t\u00e9 limog\u00e9 pour comportement hautain et refus de recevoir des journalistes de la t\u00e9l\u00e9vision nationale. Mais, si vous savez, Monsieur le Pr\u00e9sident, comment se comportent les centaines de pr\u00e9sidents de municipalit\u00e9s \u00e0 travers la R\u00e9publique qui se donnent \u00e0 la corruption de toutes sortes, ne se trouvent jamais dans leurs bureaux, s&rsquo; en foutent du bien de la communaut\u00e9 et ne pensent qu&rsquo; \u00e0 leurs int\u00e9r\u00eats, vous les limigeriez tous. Et c&rsquo; est ce qu&rsquo; il faut faire, pour les remplacer par des jeunes int\u00e8gres, instruits et qui piaffent de servir leur patrie, sans \u00eatre obligatoirement membres du RCD<\/font><\/div>\n<div align=\"justify\" onclick=\"return Control.invoke('ReadingPane', '_onBodyClick', event);\"><font face=\"Arial\" size=\"2\"> <strong><font>Houcine Ghali <\/font><\/strong>\u00a0\u00a0\u00a0 Houcine.Ghali@bluewin.ch<\/font><\/div>\n<p>\u00a0<\/p><\/div>\n<\/div>\n<\/div>\n<\/div>\n<p align=\"center\" dir=\"ltr\">\n<h3 style=\"color: blue;\"><font face=\"Arial\" size=\"2\"><strong><b><a href=\"http:\/\/www.tunisnews.net\/\"><font face=\"Arial\"><span><font size=\"2\">Home<\/font><\/span><font size=\"2\"><span lang=\"FR-CH\"> &#8211; Accueil <\/span><span>&#8211; <\/span><\/font><\/font><span dir=\"rtl\" lang=\"AR-SA\"><font size=\"2\">\u0627\u0644\u0631\u0626\u064a\u0633\u064a\u0629<\/font><\/span><\/a><\/b><\/strong><\/font><\/h3>\n<\/p>\n<p align=\"center\" dir=\"ltr\">\u00a0<\/p>\n<p><\/body><\/body><\/html><\/p>\n","protected":false},"excerpt":{"rendered":"<p>Home &#8211; Accueil TUNISNEWS 9\u00a0\u00e8me ann\u00e9e, N\u00b0\u00a03522 du 13.01.2010 \u00a0archives :www.tunisnews.net\u00a0 Reporters sans fronti\u00e8res: Un journaliste condamn\u00e9 \u00e0 quatre ans de prison ferme en premi\u00e8re instance Assabilonline: Prononc\u00e9 du jugement dans l\u2019affaire de Maatoug El Ir et de ses co accus\u00e9s \u00a0TMG calls on European Parliament to help end Tunisian\u00a0government&rsquo;s unrelenting war on free expression\u00a0 [&hellip;]<\/p>\n","protected":false},"author":1,"featured_media":22040,"comment_status":"open","ping_status":"open","sticky":false,"template":"","format":"standard","meta":{"inline_featured_image":false,"site-sidebar-layout":"default","site-content-layout":"","ast-site-content-layout":"default","site-content-style":"default","site-sidebar-style":"default","ast-global-header-display":"","ast-banner-title-visibility":"","ast-main-header-display":"","ast-hfb-above-header-display":"","ast-hfb-below-header-display":"","ast-hfb-mobile-header-display":"","site-post-title":"","ast-breadcrumbs-content":"","ast-featured-img":"","footer-sml-layout":"","ast-disable-related-posts":"","theme-transparent-header-meta":"","adv-header-id-meta":"","stick-header-meta":"","header-above-stick-meta":"","header-main-stick-meta":"","header-below-stick-meta":"","astra-migrate-meta-layouts":"default","ast-page-background-enabled":"default","ast-page-background-meta":{"desktop":{"background-color":"","background-image":"","background-repeat":"repeat","background-position":"center center","background-size":"auto","background-attachment":"scroll","background-type":"","background-media":"","overlay-type":"","overlay-color":"","overlay-opacity":"","overlay-gradient":""},"tablet":{"background-color":"","background-image":"","background-repeat":"repeat","background-position":"center center","background-size":"auto","background-attachment":"scroll","background-type":"","background-media":"","overlay-type":"","overlay-color":"","overlay-opacity":"","overlay-gradient":""},"mobile":{"background-color":"","background-image":"","background-repeat":"repeat","background-position":"center center","background-size":"auto","background-attachment":"scroll","background-type":"","background-media":"","overlay-type":"","overlay-color":"","overlay-opacity":"","overlay-gradient":""}},"ast-content-background-meta":{"desktop":{"background-color":"var(--ast-global-color-5)","background-image":"","background-repeat":"repeat","background-position":"center center","background-size":"auto","background-attachment":"scroll","background-type":"","background-media":"","overlay-type":"","overlay-color":"","overlay-opacity":"","overlay-gradient":""},"tablet":{"background-color":"var(--ast-global-color-5)","background-image":"","background-repeat":"repeat","background-position":"center center","background-size":"auto","background-attachment":"scroll","background-type":"","background-media":"","overlay-type":"","overlay-color":"","overlay-opacity":"","overlay-gradient":""},"mobile":{"background-color":"var(--ast-global-color-5)","background-image":"","background-repeat":"repeat","background-position":"center center","background-size":"auto","background-attachment":"scroll","background-type":"","background-media":"","overlay-type":"","overlay-color":"","overlay-opacity":"","overlay-gradient":""}},"footnotes":""},"categories":[],"tags":[53,41,29],"class_list":["post-17531","post","type-post","status-publish","format-standard","has-post-thumbnail","hentry","tag-53","tag-41","tag-fr"],"_links":{"self":[{"href":"https:\/\/tunisnews.net\/ar\/wp-json\/wp\/v2\/posts\/17531","targetHints":{"allow":["GET"]}}],"collection":[{"href":"https:\/\/tunisnews.net\/ar\/wp-json\/wp\/v2\/posts"}],"about":[{"href":"https:\/\/tunisnews.net\/ar\/wp-json\/wp\/v2\/types\/post"}],"author":[{"embeddable":true,"href":"https:\/\/tunisnews.net\/ar\/wp-json\/wp\/v2\/users\/1"}],"replies":[{"embeddable":true,"href":"https:\/\/tunisnews.net\/ar\/wp-json\/wp\/v2\/comments?post=17531"}],"version-history":[{"count":0,"href":"https:\/\/tunisnews.net\/ar\/wp-json\/wp\/v2\/posts\/17531\/revisions"}],"wp:featuredmedia":[{"embeddable":true,"href":"https:\/\/tunisnews.net\/ar\/wp-json\/wp\/v2\/media\/22040"}],"wp:attachment":[{"href":"https:\/\/tunisnews.net\/ar\/wp-json\/wp\/v2\/media?parent=17531"}],"wp:term":[{"taxonomy":"category","embeddable":true,"href":"https:\/\/tunisnews.net\/ar\/wp-json\/wp\/v2\/categories?post=17531"},{"taxonomy":"post_tag","embeddable":true,"href":"https:\/\/tunisnews.net\/ar\/wp-json\/wp\/v2\/tags?post=17531"}],"curies":[{"name":"wp","href":"https:\/\/api.w.org\/{rel}","templated":true}]}}