{"id":17528,"date":"2006-06-22T00:00:00","date_gmt":"2006-06-22T00:00:00","guid":{"rendered":"https:\/\/tunisnews.net\/22-juin-2006\/"},"modified":"2006-06-22T00:00:00","modified_gmt":"2006-06-22T00:00:00","slug":"22-juin-2006","status":"publish","type":"post","link":"https:\/\/tunisnews.net\/ar\/22-juin-2006\/","title":{"rendered":"22 juin 2006"},"content":{"rendered":"<p><html><head><meta content=\"text\/html\" description=\"                          Des organisations d\u00e9fendant la libert\u00e9 d\u2019expression et                           de journalistes interdites de tenir un Forum sur la                           Libert\u00e9 d\u2019Expression en Gambie\" http-equiv=\"Content-Type\"\/><\/head><body><body style=\"text-align: justify\"><\/p>\n<p align=\"center\"><b><a href=\"https:\/\/tunisnews.net\/ar\/\"><span>Home<\/span><span lang=\"FR-CH\"> &#8211; Accueil <\/span><span>&#8211; <\/span><span dir=\"rtl\" lang=\"AR-SA\">\u0627\u0644\u0631\u0626\u064a\u0633\u064a\u0629<\/span><\/a><\/b><\/p>\n<p><font face=\"Arial\" size=\"2\"><\/p>\n<div>\n<div>\n<table border=\"1\" width=\"100%\">\n<tr>\n<td bgcolor=\"#efefef\" width=\"100%\"> <span lang=\"AR-SA\"> <\/p>\n<div align=\"left\">  <\/div>\n<div> <span lang=\"FR\"> <\/p>\n<div align=\"center\" dir=\"ltr\"> <font face=\"Arial\"><font size=\"2\"> <span lang=\"SV\"> <strong>TUNISNEWS<\/strong><\/span> <\/font><\/font> <\/div>\n<div align=\"center\" dir=\"ltr\"> <strong><font face=\"Arial\"><font size=\"2\">            7\u00a0\u00e8me\u00a0ann\u00e9e, <span lang=\"FR\">N\u00b0\u00a02222 du 22.06.2006<\/span><\/font><\/font><\/strong><\/div>\n<div align=\"center\" dir=\"ltr\"> <strong> <\/p>\n<div align=\"center\"> <b><span><blink> <font face=\"Arial\" size=\"2\">\u00a0archives : <\/font> <a href=\"https:\/\/tunisnews.net\/ar\/\" target=\"_blank\" rel=\"noopener\"> <font face=\"Arial\" size=\"2\" target=\"_blank\">              www.tunisnews.net<\/font><\/a><\/blink><\/span><\/b><font face=\"Arial\" size=\"2\"> <\/font> <\/div>\n<p> <\/strong><\/div>\n<p> <\/span><\/div>\n<div align=\"left\" dir=\"ltr\"> <font face=\"Arial\" size=\"2\"> <\/p>\n<hr noshade=\"\" size=\"8\"\/><\/font> <\/div>\n<div>\n<p><font> <\/p>\n<div align=\"left\">\n<div>\n<div> <font> <\/p>\n<div>\n<div>\n<div> <strong> <\/p>\n<div> <span lang=\"FR-CH\"> <\/p>\n<div>\n<p><font>Luiza Toscane: La famille de                           Mohammed Abbou prise en otage                           <font>Motion du conseil sectoriel                           commun de l\u2019enseignement\u00a0 sup\u00e9rieur<\/font>                           Le Libre Tunisien : Edito &#8211; \u00a0Privil\u00e8ge peu flatteur                           <font>Reuters: Mondial &#8211; La Tunisie                           vise l&rsquo;exploit contre l&rsquo;Ukraine<\/font>                           Babnet : Audience TV (mai 2006) : Hannibal TV en t\u00eate                           \u00e0 Sousse<\/font><\/p>\n<\/div>\n<div> <span lang=\"FR\">                          Des organisations d\u00e9fendant la libert\u00e9 d\u2019expression et                           de journalistes interdites de tenir un Forum sur la                           Libert\u00e9 d\u2019Expression en Gambie<\/span><\/div>\n<div>\n<p><font>Committee to Protect                           Journalists: Author Suskind alleges Afghan bombing of                           Al-Jazeera was deliberate<\/font><\/p>\n<\/div>\n<div>                          AFP: Les soldats musulmans de l&rsquo;Empire fran\u00e7ais dans                           la Grande Guerre<font><\/font><\/div>\n<p> <\/span><\/div>\n<p> <\/strong><\/div>\n<\/p><\/div>\n<\/p><\/div>\n<p> <\/font><\/div>\n<\/p><\/div>\n<\/p><\/div>\n<p> <\/font><\/p>\n<\/div>\n<p> <\/span><\/td>\n<\/tr>\n<\/table><\/div>\n<\/div>\n<div>\n<div align=\"center\">     \u00a0<\/p>\n<div align=\"center\"> <font size=\"2\"><strong><\/p>\n<h2 style=\"color: red;\"><font size=\"3\">La famille de       Mohammed Abbou prise en otage<\/font><\/h2>\n<p><\/strong><\/font><\/div>\n<div align=\"justify\"> <strong><font>par Luiza Toscane<\/font><\/strong>              Mohammed Abbou est toujours sujet aux tracasseries de ses ge\u00f4liers \u00e0 la       prison du Kef. Il ne re\u00e7oit pas les lettres de sa famille, ne peut parler       au juge d\u2019ex\u00e9cution des peines sans une pr\u00e9sence collante et d\u00e9mesur\u00e9e de       gardiens charg\u00e9s d\u2019\u00e9couter, etc&#8230; Seules les visites ont repris un cours       plus \u00ab\u00a0normal\u00a0\u00bb: un quart d\u2019heure chaque jeudi et Samia Abbou ne rencontre       plus de barrages sur le parcours Tunis-Le Kef.              Reste que l\u2019existence de cette derni\u00e8re est devenue un calvaire ces       derniers mois. Son domicile a \u00e9t\u00e9 litt\u00e9ralement assi\u00e9g\u00e9 par la police,       dissuadant tout visiteur \u00e9ventuel de s\u2019approcher, semant la panique aupr\u00e8s       des voisins et des amis d\u2019\u00e9cole de ses enfants.              En pleine nuit, un visiteur avait pris l\u2019habitude de s\u2019introduire sur le       balcon donnant sur la salle de s\u00e9jour ou les chambres et de marquer sa       pr\u00e9sence en faisant du bruit, pour r\u00e9veiller et \u00e9pouvanter les enfants.       Nour, \u00e2g\u00e9e de onze ans, a \u00e9t\u00e9 terroris\u00e9e et a d\u00fb consulter un m\u00e9decin qui       l\u2019a mise sous traitement et lui a fait quitter l\u2019\u00e9cole quelque temps. Les       enfants n\u2019osent plus s\u2019aventurer hors de chez eux.              Cet \u00ab\u00a0inconnu\u00a0\u00bb parvenait m\u00eame \u00e0 s\u2019introduire en pr\u00e9sence de la dizaine de       policiers en faction devant le domicile&#8230; Samia Abbou a appel\u00e9 la police       par t\u00e9l\u00e9phone pour signaler qu\u2019un inconnu a p\u00e9n\u00e9tr\u00e9 chez elle et la       mena\u00e7ait mais la police ne s\u2019est jamais d\u00e9rang\u00e9e.              Chaque visiteur est suivi, sa plaque min\u00e9ralogique not\u00e9e, et Samia Abbou       est interrog\u00e9e sur ses visiteurs. Depuis trois semaines, le nombre de       policiers a quelque peu diminu\u00e9, la peur des enfants, elle, est toujours       l\u00e0.              <strong><font>(Source : \u00ab Tunisie, R\u00e9veille-toi \u00bb, le 21       juin 2006)<\/font><\/strong>       URL: <a href=\"http:\/\/www.reveiltunisien.org\/article.php3?id_article=2222\" target=\"_blank\" rel=\"noopener\">      http:\/\/www.reveiltunisien.org\/article.php3?id_article=2222<\/a> <\/p>\n<hr\/><\/div>\n<div align=\"justify\">      \u00a0<\/div>\n<div align=\"center\"> <strong><\/p>\n<h2 style=\"color: red;\"><font size=\"3\">Motion du conseil sectoriel commun       de l\u2019enseignement\u00a0 sup\u00e9rieur<\/font><\/h2>\n<p><\/strong><\/div>\n<div align=\"justify\">             Les membres du conseil sectoriel conjoint du syndicat g\u00e9n\u00e9ral de       l\u2019enseignement\u00a0 sup\u00e9rieur et de la recherche scientifique, des syndicats       de base et des d\u00e9l\u00e9gations syndicales des enseignants technologues et des       professeurs agr\u00e9g\u00e9s r\u00e9unis le jeudi 15 juin 2006 au si\u00e8ge de l\u2019UGTT, sous       l\u2019\u00e9gide des camarades Mohamed SHIMI secr\u00e9taire g\u00e9n\u00e9ral adjoint charg\u00e9 des       \u00e9tudes et de la documentation et Ali ROMDHANE secr\u00e9taire g\u00e9n\u00e9ral adjoint       charg\u00e9 de la l\u00e9gislation et du contentieux et en pr\u00e9sence du camarade       Ridha BOUZRIBA secr\u00e9taire g\u00e9n\u00e9ral adjoint charg\u00e9 de la couverture sociale,       de la sant\u00e9 et de la s\u00e9curit\u00e9 professionnelle,    <\/div>\n<div align=\"justify\">             &#8211;\u00a0\u00a0\u00a0\u00a0\u00a0\u00a0\u00a0\u00a0 Fid\u00e8les \u00e0 l\u2019aspiration de g\u00e9n\u00e9rations d\u2019universitaires \u00e0 l\u2019unit\u00e9       syndicale,<\/div>\n<div align=\"justify\">             &#8211;\u00a0\u00a0\u00a0\u00a0\u00a0\u00a0\u00a0\u00a0 Consacrant les r\u00e9solutions des structures de l\u2019UGTT, en       particulier celles du Congr\u00e8s extraordinaire de Jerba (f\u00e9vrier 2002), de       la Commission administrative nationale (mars 2004) et du Conseil national       (Avril 2006),<\/div>\n<div align=\"justify\">             &#8211;\u00a0\u00a0\u00a0\u00a0\u00a0\u00a0\u00a0\u00a0 Se fondant sur la motion du Conseil sectoriel du SGESRS et sur       les deux communiqu\u00e9s \u00e9manant des r\u00e9unions du camarade H\u00e9di GHODHBANE,       Secr\u00e9taire g\u00e9n\u00e9ral adjoint charg\u00e9 du r\u00e8glement int\u00e9rieur, avec les       r\u00e9pr\u00e9sentants des syndicats de base des professeurs agr\u00e9g\u00e9s le 25 f\u00e9vrier       2006 et des enseignants technologues le 29 avril 2006,<\/div>\n<div align=\"justify\">             &#8211;\u00a0\u00a0\u00a0\u00a0\u00a0\u00a0\u00a0\u00a0 Couronnant le processus de dialogue et de concertation entrepris       par le Bureau Ex\u00e9cutif de l\u2019UGTT avec les diff\u00e9rents syndicats du secteur,       y compris le Syndicat g\u00e9n\u00e9ral des Ma\u00eetres de conf\u00e9rences et des       Professeurs d\u2019enseignement sup\u00e9rieur,\u00a0 pour garantir leur adh\u00e9sion au       processus d\u2019unification,<\/div>\n<div align=\"justify\">             &#8211;\u00a0\u00a0\u00a0\u00a0\u00a0\u00a0\u00a0\u00a0 Et tenant compte des mutations acc\u00e9l\u00e9r\u00e9es que vit l\u2019universit\u00e9       publique, accompagn\u00e9es notamment par l\u2019\u00e9clatement du m\u00e9tier \u00e0 travers la       multiplication des corps, la variation des fili\u00e8res, la modification des       missions assign\u00e9es et des valeurs fondamentales qui fondent le m\u00e9tier des       enseignants, des enseignants-chercheurs et des chercheurs au sein de       l\u2019universit\u00e9 publique et des centres de recherche et de ce qu\u2019elles       imposent comme d\u00e9fis, n\u00e9c\u00e9ssitant des r\u00e9ponses idoines \u00e0 la hauteur des       enjeux de la prochaine \u00e9tape,<\/div>\n<div align=\"justify\">             Pr\u00e9sentent au Bureau Ex\u00e9cutif de l\u2019UGTT les recommandations suivantes:<\/div>\n<div align=\"justify\">             1. La restructuration de la repr\u00e9sentation syndicale au sein du secteur de       l\u2019enseignement sup\u00e9rieur garantissant une repr\u00e9sentation r\u00e9elle et       \u00e9quitable de tous les intervenants engag\u00e9s dans le processus \u00e9ducatif et       scientifique, \u00e0 travers la tenue d\u2019un congr\u00e8s unificateur le 15 juillet       2006, en accord avec le Bureau Ex\u00e9cutif de l\u2019UGTT, et duquel sera issue       une structure unique et unifi\u00e9e, repr\u00e9sentative, ind\u00e9pendante et       d\u00e9mocratique qui \u0153uvre dans le cadre de l\u2019UGTT et selon ses objectifs       g\u00e9n\u00e9raux,\u00a0 consacre l\u2019unit\u00e9 de la pratique syndicale, respecte les       sp\u00e9cificit\u00e9s et\u00a0 se fonde sur la solidarit\u00e9 agissante entre ses       composantes et sur des vues modernes et dynamiques de l\u2019enseignement       sup\u00e9rieur.<\/div>\n<div align=\"justify\">             2. L\u2019adoption de la s\u00e9rie de mesures transitoires suivantes pour servir de       base \u00e0 l\u2019unification syndicale, apr\u00e8s approbation du congr\u00e8s :<\/div>\n<div align=\"justify\">             a-\u00a0\u00a0\u00a0\u00a0\u00a0 La consid\u00e9ration du prochain congr\u00e8s comme \u00e9tant un <strong>      congr\u00e8s extrardinaire,<\/strong><\/div>\n<div align=\"justify\">             b-\u00a0\u00a0\u00a0\u00a0\u00a0 Le changement de l\u2019appellation de la structure syndicale       sectorielle en<strong> F\u00e9d\u00e9ration des enseignants, des       enseignants-chercheurs et des chercheurs de l\u2019enseignement sup\u00e9rieur,<\/strong><\/div>\n<div align=\"justify\"> <strong>c-\u00a0\u00a0\u00a0\u00a0\u00a0 La repr\u00e9sentation de tous les corps<\/strong> au sein du       Bureau Ex\u00e9cutif de la F\u00e9d\u00e9ration sur une base proportionnelle, et       pratiquement sur le mode suivant : Un repr\u00e9sentant pour les professeurs       agr\u00e9g\u00e9s, deux repr\u00e9sentants\u00a0 pour les enseignants technologues et six pour       les enseignants-chercheurs r\u00e9partis \u00e9quitablement, trois pour les       assistants et Ma\u00eetres-Assistants et trois pour les Ma\u00eetres de conf\u00e9rences       et les Professeurs d\u2019enseignement sup\u00e9rieur,<\/div>\n<div align=\"justify\">             3.\u00a0\u00a0 La constitution d\u2019un <strong>Comit\u00e9 Pr\u00e9paratoire<\/strong> renfermant       les diff\u00e9rents corps et charg\u00e9 de la pr\u00e9pration mat\u00e9rielle du congr\u00e8s, en       coordination avec le Bureau ex\u00e9cutif de l\u2019UGTT,<\/div>\n<div align=\"justify\">             4. L\u2019autorisation de ceux qui retireront la plainte d\u00e9pos\u00e9e \u00e0 l\u2019encontre       de l\u2019UGTT, et remplissant les conditions, \u00e0 se porter candidats au congr\u00e8s       ou au Bureau Ex\u00e9cutif sectoriel,<\/div>\n<div align=\"justify\">             5. L\u2019organisation par le Bureau ex\u00e9cutif de l\u2019UGTT\u00a0 d\u2019une conf\u00e9rence       nationale pour approfondir les contenus du congr\u00e8s d\u2019unification avant la       fin du mois de juin 2006.<\/div>\n<div align=\"justify\">      \u00a0<\/div>\n<div align=\"justify\">\n<hr\/><\/div>\n<div align=\"center\"> <strong>jeudi 22 juin 2006       <\/p>\n<h2 style=\"color: red;\"><font size=\"3\">Le Libre Tunisien       Edition 1, num\u00e9ro 3<\/font><\/h2>\n<p><\/strong><\/div>\n<div align=\"justify\"> <strong>SOMMAIRE<\/strong>              EDITORIAL &#8230;&#8230;&#8230;&#8230;&#8230;&#8230;&#8230;&#8230;&#8230;&#8230;&#8230;&#8230;&#8230;&#8230;&#8230;&#8230;.page 2              <strong>ACTUALITES<\/strong>              &#8211; L\u2019alcool en Tunisie : ph\u00e9nom\u00e8ne de soci\u00e9t\u00e9 ou probl\u00e8me de sant\u00e9       publique       Selma Alouani &amp; Chiheb       Lakhoua&#8230;&#8230;&#8230;&#8230;&#8230;&#8230;&#8230;&#8230;&#8230;&#8230;&#8230;&#8230;&#8230;&#8230;&#8230;.page 3       &#8211; \u00ab Abus \u00bb, \u00ab d\u00e9pendance \u00bb, c\u2019est quoi la diff\u00e9rence ?       Leila Fourati&#8230;&#8230;&#8230;&#8230;&#8230;&#8230;&#8230;&#8230;&#8230;&#8230;&#8230;&#8230;&#8230;page 7       &#8211; L\u2019islam et la consommation d\u2019alcool       Walid Snoussi&#8230;&#8230;&#8230;&#8230;&#8230;&#8230;&#8230;&#8230;&#8230;&#8230;&#8230;&#8230;&#8230;&#8230;.page 9              <strong>AFFAIRES INTERNATIONALES<\/strong>              &#8211; Bouteflika nomme un conservateur \u00e0 la t\u00eate de son gouvernement       Malek Khadhraoui&#8230;&#8230;&#8230;&#8230;&#8230;&#8230;&#8230;&#8230;&#8230;&#8230;&#8230;&#8230;&#8230;&#8230;.page 10       &#8211; Les femmes et les enfants oubli\u00e9s de \u00ab la charte \u00bb de Bouteflika       Leila Fourati&#8230;&#8230;&#8230;&#8230;&#8230;&#8230;&#8230;&#8230;&#8230;&#8230;&#8230;&#8230;&#8230;&#8230;&#8230;.page 11       &#8211; Alg\u00e9rie : Des associations contre \u00ab la loi du silence \u00bb       Selma Alouani&#8230;&#8230;&#8230;&#8230;&#8230;&#8230;&#8230;&#8230;&#8230;&#8230;&#8230;&#8230;..page 12              <strong>REFLEXIONS ET OPINIONS       <\/strong>       &#8211; Lib\u00e9ralisme : Le double avantage       Malek Khadhraoui&#8230;&#8230;&#8230;&#8230;&#8230;&#8230;&#8230;&#8230;&#8230;&#8230;&#8230;.page 14              &#8211; Pour un retour aux sources lib\u00e9rales de l\u2019Islam       Walid Snoussi&#8230;&#8230;&#8230;&#8230;&#8230;&#8230;&#8230;&#8230;&#8230;&#8230;&#8230;&#8230;.page 17              <strong>HISTOIRE ET CIVILISATIONS       <\/strong>       &#8211; Hannibal \u00e0 Las Vegas       H\u00e9di Dridi&#8230;&#8230;&#8230;&#8230;&#8230;&#8230;&#8230;&#8230;&#8230;&#8230;&#8230;&#8230;&#8230;page 18              <strong>CULTURE<\/strong>              &#8211; Entretien avec le jeune r\u00e9alisateur Najib Belkadhi       Hind Charbeji&#8230;&#8230;&#8230;&#8230;&#8230;&#8230;&#8230;&#8230;&#8230;&#8230;&#8230;&#8230;page 20              &#8211; Fadhel Ja\u00efbi fait honneur au th\u00e9\u00e2tre tunisien&#8230;&#8230;&#8230;.page 21              &#8211; Paris s\u2019offre un nouveau mus\u00e9e       Chiheb Lakhoua&#8230;&#8230;&#8230;&#8230;&#8230;&#8230;&#8230;&#8230;&#8230;&#8230;&#8230;&#8230;&#8230;page 22              <strong>SPORTS HORIZONS<\/strong>              &#8211; L\u2019argent et la morale sportive       Emine Laribi&#8230;&#8230;&#8230;&#8230;&#8230;&#8230;&#8230;&#8230;&#8230;&#8230;&#8230;&#8230;&#8230;page 23              <strong>PINCE-SANS-RIRE<\/strong>              &#8211; une solution ! Oui mais \u00e0 quel probl\u00e8me ?       Zahwa&#8230;&#8230;&#8230;&#8230;&#8230;&#8230;&#8230;&#8230;&#8230;&#8230;&#8230;&#8230;&#8230;..page 24              <strong><font>Pour lire la suite:       http:\/\/libre-tunisien.org       <\/font><\/strong> <strong>Bonne lecture.<\/strong> <strong>Pour lire l\u2019int\u00e9gralit\u00e9 du Num\u00e9ro 3 de la revue \u00ab Le Libre       Tunisien \u00bb<\/strong> <a href=\"http:\/\/libre-tunisien.org\/IMG\/Le_Libre_Tunisien_no3.pdf\" target=\"_blank\" rel=\"noopener\">      http:\/\/libre-tunisien.org\/IMG\/Le_Libre_Tunisien_no3.pdf<\/a><\/div>\n<div align=\"justify\">\n<hr\/><\/div>\n<div align=\"center\"> <strong>Edito<\/strong> <strong><\/p>\n<h2 style=\"color: red;\"><font size=\"3\">Privil\u00e8ge peu flatteur<\/font><\/h2>\n<p><\/strong><\/div>\n<div align=\"justify\">             Dans la longue liste des domaines o\u00f9 la Tunisie tient les premi\u00e8res places       mondiales, on peut ais\u00e9ment rajouter le privil\u00e8ge d\u2019avoir \u00ab l\u2019opposition       la plus b\u00eate du monde \u00bb.               Bien \u00e9videmment loin de moi l\u2019id\u00e9e de mettre en cause leurs capacit\u00e9s       intellectuelles ou leurs \u00e9quilibres psychologiques en doute, quoi que des       fois on a l\u00e9gitimement le droit de le faire, mais       il est question dans cette affirmation d\u2019une b\u00eatise politique et       id\u00e9ologique qui d\u00e9passent des fois les limites de la tol\u00e9rance humaine.              Bien des choses ont chang\u00e9 en Tunisie depuis 50 ans : le r\u00e9gime, les       m\u0153urs, les sciences \u00e9conomiques, Internet, la mondialisation et surtout       les besoins des tunisiens. Notre opposition ? Elle n\u2019a pas tellement       chang\u00e9 dans les faits ! S\u2019il existait en Tunisie un mus\u00e9e de la       pr\u00e9histoire, l\u2019opposition tunisienne y tiendrait une place de faveur. On       pourrait alors y observer des faucilles de Marxistes, Trotskistes,       L\u00e9ninistes, Mao\u00efstes, des national-socialistes et que sais-je encore comme       vestiges d\u2019un pass\u00e9 pas tr\u00e8s glorieux.              De ces vestiges, l\u2019opposition \u00ab r\u00e9volutionnaire \u00bb, a gard\u00e9 quelques       reliques linguistiques de \u00ab la grande \u00e9poque glorieuse \u00bb. Cette opposition       ne d\u00e9fend ont pas des id\u00e9es, elle ne se mobilise gu\u00e8re pour des opinions.       Trop banal ! Elle m\u00e8ne des \u00ab combats \u00bb ! Comme s\u2019ils venaient de battre       avec le Che les sentiers de la campagne sud-am\u00e9ricaine.               En regardant de plus pr\u00e9s ils sont aussi inoffensifs qu\u2019un manche \u00e0 balai       contre un porte-avion !\u00a0 A la premi\u00e8re bousculade ils crient aux \u00ab       tabassages en r\u00e8gle \u00bb et aux \u00abagissements barbares \u00bb.              La palme revient \u00e0 l\u2019une de ces reliques qui crie \u00e0 l\u2019harc\u00e8lement et       appelle \u00e0 l\u2019aide internationale d\u00e8s qu\u2019un passant s\u2019attarde trop devant       chez lui. Un autre, baathiste r\u00e9cemment reconverti dans le lib\u00e9ralisme       alimentaire, un peu plus t\u00e9m\u00e9raire, appelle aux manifestations\u00a0 publiques       sur les chaines de t\u00e9l\u00e9visions. Manifestations dans lesquelles il est le       premier absent !               Quel culot diront les uns. Moi je dis que c\u2019est une bonne mani\u00e8re de se       r\u00e9partir le boulot ! A lui les appels pompeux \u00e0 la t\u00e9l\u00e9, Aux tunisiens la       matraque et les coups de pompes. Logique surtout pour un ancien       collectiviste convaincu. Le r\u00eave r\u00e9volutionnaire de ces apparatchiks de       salon refuse de mourir. Au sein de ces pseudo-formations politiques existe       surement les derniers avatars vivants de la folie communiste.              L\u2019existence de cette gauche r\u00e9volutionnaire est encore pr\u00e9sente dans les       esprits des ces doux r\u00eaveurs. Le pire c\u2019est qu\u2019ils ont pour exemple une       autre anomalie historique : la gauche fran\u00e7aise.               Alors que tous les autres partis de la gauche europ\u00e9enne ont       d\u00e9finitivement fait la paix avec       l\u2019\u00e9conomie de march\u00e9 et montrent partout en Europe un pragmatisme       insolent, la gauche tunisienne, \u00e0 l\u2019instar de sa grande s\u0153ur fran\u00e7aise,       pense faire face aux d\u00e9fis actuels en renfor\u00e7ant le r\u00f4le de l\u2019\u00e9tat. On       sentirait pratiquement une pointe de nostalgie pour la folie collectiviste       de Ben Salah !              Un certain \u00ab astre \u00bb, pas tr\u00e8s visible, appelait \u00e0 l\u2019indulgence et au       soutien pour ces anomalies. Et de quelle mani\u00e8re ? En admettant tout ce       qu\u2019on vient de porter \u00e0 leurs griefs. Par un raisonnement par        l\u2019absurde, il explique que bien qu\u2019archa\u00efques, bien qu\u2019ils n\u2019aient rien de       d\u00e9mocratique dans leurs fonctionnements et encore bien qu\u2019ils ne       repr\u00e9sentent absolument rien dans l\u2019opinion populaire, c\u2019est pourtant\u00a0       dans leur sein que les jeunes militants pleins de bonnes volont\u00e9s pourront       aider leurs pays \u00e0 trouver la voie du changement !               Alors maintenant, avant de changer le pays, il faut auparavant changer       l\u2019opposition ! Voila un chantier qui s\u2019annonce encore plus difficile.              En suivant ce raisonnement, et si ni l\u2019archa\u00efsme ni l\u2019esprit totalitaire       ne doivent dissuader les bonnes volont\u00e9s d\u2019int\u00e9grer un parti politique, il       serait alors plus judicieux d\u2019int\u00e9grer directement les rangs du RCD, le       parti au pouvoir.               Si pour changer le pays il faudrait auparavant changer ces partis       politiques, l\u2019acharnement th\u00e9rapeutique serait plus judicieux sur un corps       malade, mais encore en vie, que sur un cadavre.              <strong><font>(Source : Editorial du \u00ab Le Libre Tunisien \u00bb       &#8211; Edition 1, num\u00e9ro 3 &#8211; juin 2006)<\/font><\/strong><\/div>\n<div align=\"justify\">\n<hr\/><\/div>\n<div align=\"center\"> <strong><\/p>\n<h2 style=\"color: red;\"><font size=\"3\">Mondial &#8211; La Tunisie vise l&rsquo;exploit       contre l&rsquo;Ukraine<\/font><\/h2>\n<p><\/strong><\/div>\n<div align=\"justify\">             REUTERS, le 22 juin 2006 \u00e0 11h42       BERLIN, 22 juin (Reuters) &#8211; Marquer et tenir 90 minutes, voil\u00e0 l&rsquo;\u00e9quation       magique qui propulserait la Tunisie de Roger Lemerre en huiti\u00e8me de finale       de la Coupe du monde de football aux d\u00e9pens de l&rsquo;Ukraine vendredi \u00e0       Berlin.       Les Tunisiens ont besoin d&rsquo;une victoire, alors que les joueurs d&rsquo;Oleg       Blokhin peuvent se contenter d&rsquo;un nul \u00e0 moins que l&rsquo;Arabie saoudite ne       batte l&rsquo;Espagne par quatre buts d&rsquo;\u00e9cart dans l&rsquo;autre match du groupe H, ce       qui para\u00eet inconcevable.       L&rsquo;\u00e9quipe du Maghreb, cueillie \u00e0 froid par un match nul 2-2 contre les       Saoudiens en ouverture de ce Mondial, a men\u00e9 pendant une heure face aux       Espagnols avant de craquer \u00e0 vingt minutes de la fin du match, laissant       Raul \u00e9galiser puis Fernando Torres sceller la qualification espagnole d&rsquo;un       doubl\u00e9.       \u00ab\u00a0Bien s\u00fbr que je crois en mon \u00e9quipe\u00a0\u00bb, d\u00e9clare Lemerre. \u00ab\u00a0On a men\u00e9 des       matches 1-0 mais on n&rsquo;a jamais r\u00e9ussi \u00e0 tenir le r\u00e9sultat jusqu&rsquo;au bout.       Cela doit servir d&rsquo;exemple. J&rsquo;esp\u00e8re qu&rsquo;on sera astucieux tactiquement et       qu&rsquo;on ne s&rsquo;arr\u00eatera pas si on m\u00e8ne 1-0.\u00a0\u00bb       \u00ab\u00a0On ne semble pas capable de tenir 90 minutes\u00a0\u00bb, a ajout\u00e9 lecoach. \u00ab\u00a0Mais on       s&rsquo;est pr\u00e9par\u00e9s pour \u00eatre plus forts dans le dernier match que dans le       deuxi\u00e8me.\u00a0\u00bb       \u00ab\u00a0Pendant 70 minutes contre l&rsquo;Espagne, on a tout fait comme il fallait.       Mais les vingt derni\u00e8res minutes ont \u00e9t\u00e9 fatales \u00e0 notre concentration.\u00a0\u00bb       Pour l&rsquo;entra\u00eeneur de la glorieuse \u00e9quipe de France sacr\u00e9e \u00e0 l&rsquo;Euro 2000,       qui aura 65 ans dimanche, le probl\u00e8me n&rsquo;est pas \u00e0 chercher dans la fatigue       physique. Lemerre rel\u00e8ve simplement que les Espagnols ont r\u00e9agi plus       vivement au moment opportun.       Ce n&rsquo;est pourtant pas l&rsquo;avis du milieu de terrain Mehdi Nafti. \u00ab\u00a0Contre les       Saoudiens, nous nous sommes expos\u00e9s en perdant notre concentration.       L&rsquo;Espagne, elle, nous a \u00e9puis\u00e9s.       C&rsquo;\u00e9tait plus physique.\u00a0\u00bb       Les Tunisiens n&rsquo;ont personne \u00e0 l&rsquo;infirmerie, hormis l&rsquo;attaquant d&rsquo;origine       br\u00e9silienne Santos, qui n&rsquo;a toujours pas jou\u00e9 dans ce Mondial.       Et les 70 premi\u00e8res minutes contre l&rsquo;Espagne donnent \u00e0 Roger Lemerre des       raisons d&rsquo;\u00eatre optimiste. \u00ab\u00a0Il y a de l&rsquo;espoir et c&rsquo;est ce qui est       important.\u00a0\u00bb       En face, l&rsquo;Ukraine rassur\u00e9e par ses quatre buts marqu\u00e9s \u00e0 l&rsquo;Arabie       saoudite apr\u00e8s une d\u00e9faite sur le m\u00eame score contre l&rsquo;Espagne, entend elle       aussi chercher la victoire.       \u00ab\u00a0Je ne crois pas qu&rsquo;un seul joueur qui entrera sur la pelouse jouera le       match nul\u00a0\u00bb, souligne le buteur et capitaine de l&rsquo;\u00e9quipe Andriy Shevchenko.       Le Ballon d&rsquo;Or 2004, r\u00e9cemment remis d&rsquo;une blessure au genou qui l&rsquo;a       \u00e9cart\u00e9 des terrains pendant un mois, a marqu\u00e9 le troisi\u00e8me but contre les       Saoudiens et jou\u00e9 le passeur d\u00e9cisif pour le quatri\u00e8me but de Maxim       Kalinichenko.       Un duo \u00e0 surveiller de pr\u00e8s pour la d\u00e9fense tunisienne&#8230; pendant 90       minutes.              REUTERS<\/div>\n<div align=\"justify\">\n<hr\/><\/div>\n<div align=\"center\"> <strong><\/p>\n<h2 style=\"color: red;\"><font size=\"3\">Audience TV (mai 2006) : Hannibal       TV en t\u00eate \u00e0 Sousse<\/font><\/h2>\n<p><\/strong><\/div>\n<div align=\"justify\">             Hannibal TV qui en Mai 2005 avait seulement 5.4% de part d\u2019audience est       pass\u00e9 en mai 2006 \u00e0 18.9% de part d\u2019audience (grand Tunis) tout en       r\u00e9duisant l\u2019\u00e9cart avec Tunis 7 (24.6% de part d\u2019audience) \u00e0 seulement 6.7%       pour le mois de mai 2006.              D\u2019apr\u00e8s les chiffres communiqu\u00e9s par M\u00e9diascan pour le mois de mai 2006       (Grand Tunis), Al Jazeera TV reste pour le deuxi\u00e8me mois la cha\u00eene       \u00e9trang\u00e8re la plus regard\u00e9e avec 7.6% de part d\u2019audience, suivie de Rotana       Cinema 6%.              Pour les cha\u00eenes fran\u00e7aises TF1 reste toujours en t\u00eate avec 3.8% suivie de       M6 (2.4%) et France 2 (1.4%).              Pour Sousse, Hannibal TV est en t\u00eate avec 18.7% de part d\u2019audience suivie       de Tunis 7 (18.3%).       A Sousse, Belmakchouf \u00e9tait le programme le plus regard\u00e9 sur Hannibal TV,       et dimanche sport pour Tunis 7.              Pour la radio, Mosaique FM continue son \u00e9chapp\u00e9e belle avec 75.66% de       parts d&rsquo;audience au grand Tunis, imit\u00e9e par Jawhara FM \u00e0 Sousse et ses       72.2% suivie par Radio Monastir 14.9%.              A Sfax c&rsquo;est la cha\u00eene publique r\u00e9gionale, Radio Sfax, qui \u00e9crase la       concurrence avec 57.1% suivie par Radio jeune 19.4%&#8230;               MKM              <strong><font>(Source : le portail \u00ab Babnet \u00bb, le 22 juin       2006)<\/font><\/strong>       URL: <a href=\"http:\/\/www.babnet.net\/rttdetail-8337.asp\" target=\"_blank\" rel=\"noopener\">      http:\/\/www.babnet.net\/rttdetail-8337.asp<\/a><\/div>\n<div align=\"justify\">      \u00a0<\/div>\n<div align=\"justify\">\n<hr\/><\/div>\n<div align=\"center\">\n<p align=\"center\"> <b><span lang=\"FR\"><font size=\"3\">      Des organisations d\u00e9fendant la libert\u00e9 d\u2019expression et de journalistes       interdites de tenir un Forum sur la Libert\u00e9 d\u2019Expression en Gambie<\/font><\/span><\/b><\/p>\n<p align=\"center\"> <b><span lang=\"FR\">\u00a0\u00a0<\/span><\/b><\/p>\n<p> <span lang=\"FR\">\u00a0<\/span><\/p>\n<p> <i><span lang=\"FR\">Dakar, 22       Juin 2006\u00a0 <\/span><\/i><\/p>\n<p> <i><span lang=\"FR\">\u00a0<\/span><\/i><\/p>\n<p> <b><span lang=\"FR\">\u00a0<\/span><\/b><\/p>\n<p> <span lang=\"FR\">Le Comit\u00e9 de       Coordination mis sur pied par le gouvernement de la Gambie pour superviser       le Sommet de l\u2019Union Africaine s\u2019est oppos\u00e9 \u00e0 l\u2019organisation d\u2019un forum       sur la libert\u00e9 d\u2019expression. <\/span><\/p>\n<p> <span lang=\"FR\">\u00a0<\/span><\/p>\n<p> <span lang=\"FR\">Dans un       courrier adress\u00e9 le 19 juin 2006 \u00e0 l\u2019Association des Organisations Non       Gouvernementales (TANGO) dont copie a \u00e9t\u00e9 envoy\u00e9e \u00e0 l\u2019h\u00f4tel Kombo Beach       Hotel o\u00f9 le forum devait se tenir, le Coordinateur G\u00e9n\u00e9ral du sommet,       M.Bolong Sonko, ancien Ministre des Affaires Etrang\u00e8res de la Gambie, a       demand\u00e9 aux responsables de l\u2019h\u00f4tel de surseoir au forum sur la libert\u00e9       d\u2019expression jusqu\u2019\u00e0 ce qu\u2019il soit approuv\u00e9 par le gouvernement. <\/span> <\/p>\n<p> <span lang=\"FR\">\u00a0<\/span><\/p>\n<p> <span lang=\"FR\">Les raisons       \u00e9voqu\u00e9es par le gouvernement telles que stipul\u00e9es dans ladite lettre,       pr\u00e9tendent que les th\u00e8mes du forum\u00a0 ne font pas partie des th\u00e8mes propos\u00e9s       qui doivent \u00eatre trait\u00e9s par les rencontres des ONG durant le Sommet de       l\u2019Union Africaine. Ceci montre clairement le manque d\u2019engagement des       autorit\u00e9s gambiennes en faveur de la libert\u00e9 d\u2019expression, des droits de       l\u2019homme et de l\u2019Acte Constitutif de l\u2019Union Africaine. <\/span><\/p>\n<p> <span lang=\"FR\">\u00a0<\/span><\/p>\n<p> <span lang=\"FR\">Le forum sur       la libert\u00e9 d\u2019expression a \u00e9t\u00e9 trait\u00e9 avec indiff\u00e9rence par les autorit\u00e9s       alors que d\u2019autres rencontres de la soci\u00e9t\u00e9 civile ont re\u00e7u leur       autorisation. Cette d\u00e9cision indique clairement que le \u00ab\u00a0th\u00e8me\u00a0\u00bb du forum       qui est \u00ab\u00a0La libert\u00e9 d\u2019expression en Afrique\u00a0\u00bb embarrasse s\u00e9rieusement les       autorit\u00e9s de la Gambie qui veulent redorer leur blason \u00e0 l\u2019occasion du       Sommet de l\u2019Union Africaine. <\/span><\/p>\n<p> <span lang=\"FR\">\u00a0<\/span><\/p>\n<p> <span lang=\"FR\">Il est       scandaleux de conditionner un forum d\u2019ONG \u00e0 l\u2019autorisation d\u2019un       gouvernement. Cette d\u00e9cision est un t\u00e9moignage \u00e9vident que les autorit\u00e9s       gambiennes n\u2019entendent travailler avec aucune organisation critique de la       soci\u00e9t\u00e9 civile qui risque d\u2019exposer les violations des droits de l\u2019homme       qui ont cours actuellement en Gambie.\u00a0 <\/span><\/p>\n<p> <span lang=\"FR\">\u00a0<\/span><\/p>\n<p> <span lang=\"FR\">L\u2019Union       Africaine offre un nouveau cadre pour la bonne gouvernance, le respect des       droits de l\u2019homme et l\u2019application de la loi. Il est choquant de constater       que bien qu\u2019en abritant le Sommet de l\u2019Union Africaine, les autorit\u00e9s       gambiennes persistent dans la r\u00e9pression de la libert\u00e9 d\u2019expression et des       droits \u00e9l\u00e9mentaires. <\/span><\/p>\n<p>\u00a0<\/p>\n<p> <span lang=\"EN-GB\">\u00a0<\/span><\/p>\n<p>\u00a0<\/p>\n<p> <b><span lang=\"EN-GB\">Rappel<\/span><\/b><\/p>\n<p> <span lang=\"EN-GB\">\u00a0<\/span><\/p>\n<p>\u00a0<\/p>\n<p> <b><span lang=\"EN-GB\">\u00a0<\/span><\/b><\/p>\n<p> <span lang=\"FR\">Le Forum sur       la libert\u00e9 d\u2019expression sera organis\u00e9 en pr\u00e9lude au Sommet de l\u2019Union       Africaine par ARTICLE 19 en partenariat avec Syndicat de la Presse       Gambienne (GPU), la Fondation pour les M\u00e9dias en Afrique de l\u2019Ouest       (MFWA), l\u2019Institut pour les M\u00e9dias en Afrique Australe (MISA), le Forum       des Editeurs, Institut Panos Afrique de l\u2019Ouest, Inter African Network for       Women, le R\u00e9seau Inter-Africain des Femmes, M\u00e9dias Genre et D\u00e9veloppement       (FAMEDEV), la F\u00e9d\u00e9ration Internationale des Journalistes (FIJ), l\u2019Union       des Journalistes de l\u2019Afrique de l\u2019Ouest (UJAO), High Way Africa       Conference, SABMiller Chair of Media and Democracy and Media Rights Agenda       et d\u2019autres membres du R\u00e9seau des Organisations pour la Libert\u00e9       d\u2019Expression Africaine (NAFEO). <\/span><\/p>\n<p> <span lang=\"FR\">\u00a0<\/span><\/p>\n<p> <span lang=\"FR\">\u00a0<\/span><\/p>\n<p> <span lang=\"FR\">L\u2019objectif du       Forum est de fournir des connaissances approfondies sur la D\u00e9claration de       Principes sur la Libert\u00e9 d\u2019Expression en Afrique et les m\u00e9canismes de       l\u2019Union Africaine, notamment le M\u00e9canisme Africain d\u2019Evaluation par les       Pairs (MAEP). Le Forum va se focaliser sur la fa\u00e7on dont ces m\u00e9canismes       pourraient \u00eatre utilis\u00e9s au niveau national et r\u00e9gional pour consolider la       libert\u00e9 d\u2019expression. Il va \u00e9galement s\u2019int\u00e9resser aux d\u00e9fis majeurs de la       libert\u00e9 d\u2019expression et faire la lumi\u00e8re sur les menaces dans diff\u00e9rentes       parties du continent. Le Forum va \u00e9galement chercher \u00e0 renforcer le       travail des r\u00e9seaux luttant pour la libert\u00e9 d\u2019expression et les r\u00e9seaux       des journalistes en Afrique et les encourager \u00e0 utiliser les m\u00e9canismes du       Syst\u00e8me R\u00e9gional pour les Droits de l\u2019Homme. <\/span><\/p>\n<p>\u00a0<\/p>\n<p> <span lang=\"EN-US\">\u00a0<\/span><\/p>\n<p> <span lang=\"FR-CA\">Fin<\/span><\/p>\n<p> <span lang=\"FR-CA\">\u00a0<\/span><\/p>\n<p>\u00a0<\/p>\n<p> <span lang=\"FR-CA\">Contact:      <\/span><\/p>\n<p> <span lang=\"FR-CA\">\u00a0<\/span><\/p>\n<p> <span lang=\"FR-CA\">Fatou       Jagne- Senghore<\/span><\/p>\n<p> <span lang=\"FR-CA\">Africa       Programme Officer<\/span><\/p>\n<p> <span lang=\"FR-CA\">ARTIClE 19      <\/span><\/p>\n<p> <span lang=\"FR-CA\">Tel\u00a0: 221       5692315<\/span><\/p>\n<p> <span lang=\"FR-CA\">Email\u00a0:       fatou@article19.org<\/span><\/p>\n<\/div>\n<div align=\"justify\">\n<hr\/><\/div>\n<div align=\"justify\">      \u00a0<\/div>\n<div align=\"center\"> <strong><font>Committee to Protect Journalists              <\/font><\/strong>330 Seventh Avenue, New York, NY 10001 USA\u00a0\u00a0\u00a0\u00a0        Phone: (212) 465\u00ad1004\u00a0\u00a0\u00a0\u00a0 Fax: (212) 465\u00ad9568\u00a0\u00a0\u00a0\u00a0 Web: www.cpj.org\u00a0\u00a0\u00a0\u00a0       E-Mail: media@cpj.org       http:\/\/www.cpj.org\u00a0\u00a0\u00a0\u00a0\u00a0 Contact:\u00a0 Abi Wright\u00a0\u00a0        e-mail: awright@cpj.org Telephone:\u00a0 (212) 465-1004 x-105<\/div>\n<div align=\"center\"> <strong><\/p>\n<h2 style=\"color: red;\"><font size=\"3\">Author Suskind alleges Afghan       bombing of Al-Jazeera was deliberate<\/font><\/h2>\n<p><\/strong><\/div>\n<div align=\"justify\">      \u00a0<\/div>\n<div align=\"justify\">             New York, June 21, 2006\u2014The Committee to Protect Journalists is deeply       troubled by allegations contained in author Ron Suskind\u2019s new book, The       One Percent Doctrine, that U.S. forces deliberately targeted Al-Jazeera\u2019s       Kabul bureau in November 2001.               \u201cOn November 13, a hectic day when Kabul fell to the Northern Alliance and       there were celebrations in the streets of the city, a U.S. missile       obliterated Al-Jazeera\u2019s office,\u201d Suskind wrote in the book, which was       released yesterday. \u201cInside the CIA and White House there was satisfaction       that a message had been sent to Al-Jazeera.\u201d              Questioned yesterday by CNN anchor Wolf Blitzer, Suskind said: \u201cMy sources       are clear that that was done on purpose, precisely to send a message to       Al-Jazeera, and essentially a message was sent. &#8230;There was great anger       at Al-Jazeera at this point.\u201d Suskind said U.S. officials considered       Al-Jazeera a mouthpiece for al-Qaeda leader Osama bin Laden.              Asked who made the decision to target the station, Suskind told Blitzer       that because of \u201csourcing issues\u201d he couldn\u2019t say. \u201cYou don\u2019t put       everything you know in a book like this. But I\u2019ll tell you emphatically it       was a deliberate act by the U.S.\u201d CNN reported last night that Pentagon       officials speaking on background denied that the attack was intentional       and said it was the first that they had heard about it.              \u201cIf true, such targeting would seriously threaten the ability of all       journalists to cover conflict,\u201d said CPJ Executive Director Ann Cooper.              The November 2001 air strike, carried out with two 500-pound bombs,       destroyed the Al-Jazeera bureau, which had been evacuated hours earlier.       The Pentagon asserted then, without providing additional detail, that the       office was a \u201cknown al-Qaeda facility\u201d and that the U.S. military did not       know that the space was being used by Al-Jazeera.               U.S. officials have said little about the Kabul attack since their initial       statement. Gen. Richard B. Myers, then chairman of the Joint Chiefs of       Staff, reiterated in a February 2002 letter to CPJ that the military       believed the building to be an al-Qaeda facility, but he offered no       evidence or other detail.              The Kabul strike was the first of two significant cases in which       Al-Jazeera offices in the Middle East were struck by U.S. fire. On April       8, 2003 a U.S. air-to-surface missile exploded outside the two-story villa       that housed Al-Jazeera\u2019s Baghdad bureau, killing reporter Tareq Ayyoub,       who had been on the roof adjusting a pre-positioned camera during fierce       fighting in the area. The U.S. military claimed Ayyoub was killed in       crossfire when U.S. forces were responding to hostile fire coming from the       building, an assertion denied by Al-Jazeera. Al-Jazeera has said it       provided the Pentagon with the bureau\u2019s coordinates in advance of the war.       U.S. officials have not responded to calls from CPJ to investigate and       explain the strike.               \u201cThe Pentagon\u2019s repeated failure to publicly account for its actions in       these bombings has understandably fueled suspicion that they may have been       intentional, in violation of international humanitarian law,\u201d Cooper said.       \u201cThis should be of concern to journalists everywhere. It\u2019s time for the       United States to credibly explain the circumstances behind both       incidents.\u201d              Accusations that Al-Jazeera was deliberately targeted by the United States       gained currency last year when the London-based Daily Mirror reported that       U.S. President George W. Bush raised the idea of bombing Al-Jazeera\u2019s       offices in an April 2004 meeting with British Prime Minister Tony Blair.       Blair reportedly advised against it, saying such action would provoke a       global backlash.               The paper\u2019s unnamed sources disagreed on the nature of Bush\u2019s alleged       suggestion. One source dismissed the remark as \u00ab\u00a0humorous, not serious,\u00a0\u00bb       while another claimed the president was \u00ab\u00a0deadly serious.\u00a0\u00bb The Washington       Post quoted a senior U.S. diplomat as saying the report \u00ab\u00a0sounds like one       of the president\u2019s one-liners that is meant as a joke.\u00a0\u00bb The White House       said only that it was \u00ab\u00a0not interested in dignifying something so       outlandish and inconceivable with a response.\u00a0\u00bb       <a href=\"http:\/\/www.cpj.org\/news\/2006\/asia\/usa_afghan21june06na.html\" target=\"_blank\" rel=\"noopener\">      http:\/\/www.cpj.org\/news\/2006\/asia\/usa_afghan21june06na.html<\/a> \u00a0<\/div>\n<div align=\"justify\">\n<hr\/><\/div>\n<div align=\"center\"> <strong><\/p>\n<h2 style=\"color: red;\"><font size=\"3\">Les soldats musulmans de l&rsquo;Empire       fran\u00e7ais dans la Grande Guerre<\/font><\/h2>\n<p><\/strong><\/div>\n<div align=\"justify\">      \u00a0<\/div>\n<div align=\"justify\">             Par Pierre-Marie GIRAUD       AFP, le 22 juin 2006 \u00e0 9h19       PARIS, 22 juin 2006 (AFP) &#8211; Le m\u00e9morial aux combattants musulmans de la       Premi\u00e8re guerre mondiale, qui sera inaugur\u00e9 dimanche pr\u00e8s de Verdun (est)       par le pr\u00e9sident fran\u00e7ais Jacques Chirac, rend hommage aux milliers de       soldats venus du Maghreb, d&rsquo;Afrique noire et de Madagascar, tomb\u00e9s pendant       la Grande Guerre.       Au total, ils furent pr\u00e8s de 600.000 tirailleurs, goumiers et spahis \u00e0       venir de loin d\u00e9fendre la \u00ab\u00a0m\u00e8re patrie\u00a0\u00bb. Tous n&rsquo;all\u00e8rent pas sur les       fronts de Champagne, de la Marne ou de la Somme mais leur pr\u00e9sence au sein       des 8,5 millions de soldats mobilis\u00e9s sous l&rsquo;uniforme fran\u00e7ais marqua le       soutien d\u00e9cisif de l&rsquo;Empire colonial fran\u00e7ais (12 millions de km2 et 60       millions d&rsquo;habitants) \u00e0 l&rsquo;effort de guerre.<\/div>\n<div align=\"justify\">             De plus, pr\u00e8s de 120.000 hommes vinrent du Maghreb pour travailler sur les       routes et dans les usines d&rsquo;armement, formant la premi\u00e8re vague       d&rsquo;immigration du Maghreb vers la France.<\/div>\n<div align=\"justify\">             Selon l&rsquo;historien et universitaire Marc Michel, chercheur au Centre       d&rsquo;\u00e9tudes des mondes africains de l&rsquo;universit\u00e9 de Provence \u00e0       Aix-en-Provence, 293.000 soldats \u00ab\u00a0indig\u00e8nes\u00a0\u00bb du Maghreb (Alg\u00e9rie, Maroc,       Tunisie) furent incorpor\u00e9s durant la Grande Guerre. Pr\u00e8s de 50.000 ne       furent pas engag\u00e9s au front.       Contrairement aux accusations lanc\u00e9es \u00e0 partir des ann\u00e9es 1950 par les       milieux anticolonialistes ou par le FLN, selon lesquelles les troupes       \u00ab\u00a0indig\u00e8nes\u00a0\u00bb auraient servi de \u00ab\u00a0chair \u00e0 canon\u00a0\u00bb pour m\u00e9nager les troupes       \u00ab\u00a0blanches\u00a0\u00bb, leurs pertes (38.000 soldats du Maghreb morts et disparus,       dont 23.000 Alg\u00e9riens) furent sensiblement inf\u00e9rieures en pourcentage,       selon plusieurs \u00e9tudes cit\u00e9es par ce sp\u00e9cialiste du conflit de 14-18 et de       l&rsquo;Afrique.       Sur l&rsquo;ensemble de la guerre, les pourcentages des pertes dans l&rsquo;infanterie       s&rsquo;\u00e9lev\u00e8rent \u00e0 21,5 % dans les unit\u00e9s \u00ab\u00a0blanches\u00a0\u00bb, 18,5 % chez les       tirailleurs s\u00e9n\u00e9galais, 14 % dans les unit\u00e9s maghr\u00e9bines.<\/div>\n<div align=\"justify\">             M. Michel explique ces chiffres par le fait que les troupes \u00ab\u00a0indig\u00e8nes\u00a0\u00bb ne       furent pas toutes envoy\u00e9es au front et, quand elles l&rsquo;\u00e9taient, relev\u00e9es       plus fr\u00e9quemment que les r\u00e9giments \u00ab\u00a0blancs\u00a0\u00bb.       Ces r\u00e9giments de tirailleurs alg\u00e9riens ou s\u00e9n\u00e9galais souffrirent en effet       \u00e9norm\u00e9ment du froid et de la maladie, comme la tuberculose, la pleur\u00e9sie       ou le typhus.       Apr\u00e8s une p\u00e9riode d&rsquo;adaptation et malgr\u00e9 quelques cas individuels de refus       du feu, les troupes coloniales firent l&rsquo;admiration de leurs officiers pour       leur courage et leur allant dans un environnement qui leur \u00e9tait       totalement \u00e9tranger.<\/div>\n<div align=\"justify\">             Ainsi la reprise du fort de Douaumont en octobre 1916 fut obtenue en       grande partie gr\u00e2ce au 5\u00e8me r\u00e9giment d&rsquo;infanterie coloniale (tirailleurs       marocains). Lors de la premi\u00e8re guerre mondiale, le 5\u00e8me RIC perdit 10.952       hommes.       Les soldats \u00ab\u00a0indig\u00e8nes\u00a0\u00bb ne prirent aucune part aux mutineries de 1917 et       furent m\u00eame charg\u00e9s de surveiller certains r\u00e9giments \u00ab\u00a0blancs\u00a0\u00bb consid\u00e9r\u00e9s       comme \u00ab\u00a0suspects\u00a0\u00bb par le haut commandement fran\u00e7ais.<\/div>\n<div align=\"justify\">             De m\u00eame, les tirailleurs alg\u00e9riens, engag\u00e9s dans les Dardanelles, dans       l&#8217;empire Ottoman, ne suivirent pas les appels \u00e0 la d\u00e9sertion et \u00e0 la       guerre sainte contre les chr\u00e9tiens lanc\u00e9es par les autorit\u00e9s d&rsquo;Istanbul.       Mais les promesses faites aux colonis\u00e9s durant la guerre (naturalisations,       pensions qui se r\u00e9v\u00e9l\u00e8rent bien inf\u00e9rieures \u00e0 celles de leurs \u00ab\u00a0fr\u00e8res       d&rsquo;armes\u00a0\u00bb de m\u00e9tropole, d\u00e9veloppement \u00e9conomique) ne furent pas tenues par       la R\u00e9publique. Le code de l&rsquo;indig\u00e9nat, suspendu en 1914, fut m\u00eame       reconduit par les d\u00e9put\u00e9s d\u00e8s 1920.<\/div>\n<div align=\"justify\">             AFP<\/div>\n<\/p><\/div>\n<\/div>\n<p><\/font><\/p>\n<p align=\"center\">\u00a0<\/p>\n<hr\/>\n<p align=\"center\"><b><a href=\"https:\/\/tunisnews.net\/ar\/\"><span>Home<\/span><span lang=\"FR-CH\"> &#8211; Accueil <\/span><span>&#8211; <\/span><span dir=\"rtl\" lang=\"AR-SA\">\u0627\u0644\u0631\u0626\u064a\u0633\u064a\u0629<\/span><\/a><\/b><\/p>\n<p align=\"center\">\u00a0<\/p>\n<p><\/body><\/body><\/html><\/p>","protected":false},"excerpt":{"rendered":"<p>Home &#8211; Accueil &#8211; \u0627\u0644\u0631\u0626\u064a\u0633\u064a\u0629 TUNISNEWS 7\u00a0\u00e8me\u00a0ann\u00e9e, N\u00b0\u00a02222 du 22.06.2006 \u00a0archives : www.tunisnews.net Luiza Toscane: La famille de Mohammed Abbou prise en otage Motion du conseil sectoriel commun de l\u2019enseignement\u00a0 sup\u00e9rieur Le Libre Tunisien : Edito &#8211; \u00a0Privil\u00e8ge peu flatteur Reuters: Mondial &#8211; La Tunisie vise l&rsquo;exploit contre l&rsquo;Ukraine Babnet : Audience TV (mai 2006) [&hellip;]<\/p>\n","protected":false},"author":1,"featured_media":22040,"comment_status":"open","ping_status":"open","sticky":false,"template":"","format":"standard","meta":{"inline_featured_image":false,"site-sidebar-layout":"default","site-content-layout":"","ast-site-content-layout":"default","site-content-style":"default","site-sidebar-style":"default","ast-global-header-display":"","ast-banner-title-visibility":"","ast-main-header-display":"","ast-hfb-above-header-display":"","ast-hfb-below-header-display":"","ast-hfb-mobile-header-display":"","site-post-title":"","ast-breadcrumbs-content":"","ast-featured-img":"","footer-sml-layout":"","ast-disable-related-posts":"","theme-transparent-header-meta":"","adv-header-id-meta":"","stick-header-meta":"","header-above-stick-meta":"","header-main-stick-meta":"","header-below-stick-meta":"","astra-migrate-meta-layouts":"default","ast-page-background-enabled":"default","ast-page-background-meta":{"desktop":{"background-color":"","background-image":"","background-repeat":"repeat","background-position":"center center","background-size":"auto","background-attachment":"scroll","background-type":"","background-media":"","overlay-type":"","overlay-color":"","overlay-opacity":"","overlay-gradient":""},"tablet":{"background-color":"","background-image":"","background-repeat":"repeat","background-position":"center center","background-size":"auto","background-attachment":"scroll","background-type":"","background-media":"","overlay-type":"","overlay-color":"","overlay-opacity":"","overlay-gradient":""},"mobile":{"background-color":"","background-image":"","background-repeat":"repeat","background-position":"center center","background-size":"auto","background-attachment":"scroll","background-type":"","background-media":"","overlay-type":"","overlay-color":"","overlay-opacity":"","overlay-gradient":""}},"ast-content-background-meta":{"desktop":{"background-color":"var(--ast-global-color-5)","background-image":"","background-repeat":"repeat","background-position":"center center","background-size":"auto","background-attachment":"scroll","background-type":"","background-media":"","overlay-type":"","overlay-color":"","overlay-opacity":"","overlay-gradient":""},"tablet":{"background-color":"var(--ast-global-color-5)","background-image":"","background-repeat":"repeat","background-position":"center center","background-size":"auto","background-attachment":"scroll","background-type":"","background-media":"","overlay-type":"","overlay-color":"","overlay-opacity":"","overlay-gradient":""},"mobile":{"background-color":"var(--ast-global-color-5)","background-image":"","background-repeat":"repeat","background-position":"center center","background-size":"auto","background-attachment":"scroll","background-type":"","background-media":"","overlay-type":"","overlay-color":"","overlay-opacity":"","overlay-gradient":""}},"footnotes":""},"categories":[],"tags":[58,37,29],"class_list":["post-17528","post","type-post","status-publish","format-standard","has-post-thumbnail","hentry","tag-58","tag-37","tag-fr"],"_links":{"self":[{"href":"https:\/\/tunisnews.net\/ar\/wp-json\/wp\/v2\/posts\/17528","targetHints":{"allow":["GET"]}}],"collection":[{"href":"https:\/\/tunisnews.net\/ar\/wp-json\/wp\/v2\/posts"}],"about":[{"href":"https:\/\/tunisnews.net\/ar\/wp-json\/wp\/v2\/types\/post"}],"author":[{"embeddable":true,"href":"https:\/\/tunisnews.net\/ar\/wp-json\/wp\/v2\/users\/1"}],"replies":[{"embeddable":true,"href":"https:\/\/tunisnews.net\/ar\/wp-json\/wp\/v2\/comments?post=17528"}],"version-history":[{"count":0,"href":"https:\/\/tunisnews.net\/ar\/wp-json\/wp\/v2\/posts\/17528\/revisions"}],"wp:featuredmedia":[{"embeddable":true,"href":"https:\/\/tunisnews.net\/ar\/wp-json\/wp\/v2\/media\/22040"}],"wp:attachment":[{"href":"https:\/\/tunisnews.net\/ar\/wp-json\/wp\/v2\/media?parent=17528"}],"wp:term":[{"taxonomy":"category","embeddable":true,"href":"https:\/\/tunisnews.net\/ar\/wp-json\/wp\/v2\/categories?post=17528"},{"taxonomy":"post_tag","embeddable":true,"href":"https:\/\/tunisnews.net\/ar\/wp-json\/wp\/v2\/tags?post=17528"}],"curies":[{"name":"wp","href":"https:\/\/api.w.org\/{rel}","templated":true}]}}