{"id":17474,"date":"2009-10-30T00:00:00","date_gmt":"2009-10-30T00:00:00","guid":{"rendered":"https:\/\/tunisnews.net\/30-octobre-2009\/"},"modified":"2009-10-30T00:00:00","modified_gmt":"2009-10-30T00:00:00","slug":"30-octobre-2009","status":"publish","type":"post","link":"https:\/\/tunisnews.net\/ar\/30-octobre-2009\/","title":{"rendered":"30 octobre 2009"},"content":{"rendered":"<p><html><head><meta content=\"text\/html\" description=\"Au moment de mettre en ligne ce bulletin d\u2019information, nous avons appris \nl\u2019interpellation de Taoufik ben Brik (TBB) en fin de matin\u00e9e, le jeudi 20 \noctobre 2009. TBB a en effet d\u00e9cid\u00e9 de r\u00e9pondre \u00e0 l\u2019invitation de la police \nconsid\u00e9rant qu \u2019il ne devait\u00a0 pas accepter d\u2019\u00eatre de facto assign\u00e9 \u00e0 r\u00e9sidence \ndans son domicile assi\u00e9g\u00e9. C\u2019est dans ces conditions qu\u2019il a \u00e9t\u00e9 interpell\u00e9. Son \nfr\u00e8re Jalel Zoghlami\u00a0 et sa famille ont eu confirmation de son arrestation dans \nles locaux de la police \u00e0 la caserne de Bouchoucha. Et il semblerait qu\u2019une \nproc\u00e9dure judicaire a \u00e9t\u00e9 diligent\u00e9e \u00e0 son \u00e9gard. \" http-equiv=\"Content-Type\"\/><\/head><body><body><\/p>\n<p align=\"center\" dir=\"ltr\"><font face=\"Arial\" size=\"2\"><b><a href=\"http:\/\/www.tunisnews.net\/\"><span>Home<\/span><span lang=\"FR-CH\"> &#8211; Accuei<\/span><\/a><span lang=\"FR-CH\">l<\/span><\/b><\/font><\/p>\n<div>\u00a0<\/div>\n<div align=\"center\"><\/div>\n<p align=\"center\"><strong><span lang=\"FR\">TUNISNEWS<\/span><\/strong><\/p>\n<p align=\"center\"><strong><span lang=\"FR\">9\u00a0\u00e8me ann\u00e9e, N\u00b0\u00a03447 du 30.10.2009<\/span><\/strong><\/p>\n<p align=\"center\"><strong><span>archives<\/span><span> : <\/span><span>www.tunisnews.net<\/span><\/strong><\/p>\n<div><span lang=\"FR-CH\"><\/p>\n<hr align=\"left\" size=\"2\" width=\"100%\"\/><\/span><\/div>\n<p><strong><span lang=\"FR-CH\">C.R.L.D.H. Tunisie: Flash Infos le 29 octobre 2009 <\/span><\/strong><b><span lang=\"FR-CH\"> <\/span><\/b><strong><span lang=\"FR-CH\">Libert\u00e9 et Equit\u00e9: Nouvelles des libert\u00e9s en Tunisie<\/span><\/strong><b><span lang=\"FR-CH\"> <strong><span>Lettre ouverte \u00e0 Bernard Kouchner, Ministre des Affaires \u00e9trang\u00e8res Et Fr\u00e9d\u00e9ric Mitterrand, Ministre de la Culture<\/span><\/strong> <\/span><\/b><strong><span lang=\"FR-CH\">Assabilonline: Ma\u00eetre Faouzi Ben Jaballah se voit interdire de rendre visite \u00e0 Zouha\u00efer Makhlouf, notre correspondant<\/span><\/strong><b><span lang=\"FR-CH\"> <strong><span>AP: Tunisie: mandat de d\u00e9p\u00f4t contre le journaliste Taoufik ben Brik<\/span><\/strong> <\/span><\/b><strong><span lang=\"FR-CH\">AFP: Tunisie: le journaliste dissident Ben Brik en garde \u00e0 vue (avocat)<\/span><\/strong><b><span lang=\"FR-CH\"> <strong><span>AP: Tunisie: arrestation du journaliste dissident Taoufik Ben Brik<\/span><\/strong> <\/span><\/b><strong><span lang=\"FR-CH\">AFP: Journaliste tunisien incarc\u00e9r\u00e9: concertation europ\u00e9enne, selon Paris<\/span><\/strong><b><span lang=\"FR-CH\"> <strong><span>AFP: Tunisie: le journaliste Ben Brick inculp\u00e9 et \u00e9crou\u00e9 (officiel)<\/span><\/strong> <\/span><\/b><strong><span lang=\"FR-CH\">AFP: Tunisie: les autorit\u00e9s d\u00e9mentent une agression contre un opposant<\/span><\/strong><b><span lang=\"FR-CH\"> <strong><span>AFP: Elections: une partie de l&rsquo;opposition \u00e9voque des \u00ab\u00a0irr\u00e9gularit\u00e9s\u00a0\u00bb<\/span><\/strong> <\/span><\/b><strong><span lang=\"FR-CH\">AFP: Promoteur d&rsquo;un islam mod\u00e9r\u00e9, le gendre du de Ben Ali entre au parlement<\/span><\/strong><b><span lang=\"FR-CH\"> <strong><span>March\u00e9s tropicaux: Zitouna : une nouvelle venue dans le paysage bancaire tunisien<\/span><\/strong> <\/span><\/b><strong><span lang=\"FR-CH\">March\u00e9s tropicaux: Les \u00e9lections en Tunisie vues d\u2019un taxi parisien<\/span><\/strong><b><span lang=\"FR-CH\"> <strong><span>Le Point: L&rsquo;ordre et le jasmin<\/span><\/strong> <\/span><\/b><strong><span lang=\"FR-CH\">Tol\u00e9rance: Florence Beaug\u00e9, journaliste fran\u00e7aise interdite d\u2019acc\u00e8s au territoire tunisien<\/span><\/strong><b><span lang=\"FR-CH\"> <strong><span>Yahyaoui Mokhtar: De la Mascarade des \u00e9lections l\u00e9gislatives 2009<\/span><\/strong> <\/span><\/b><strong><span lang=\"FR-CH\">Omar Khayyam: Fahmi Fahman<\/span><\/strong><b><span lang=\"FR-CH\"> <strong><span>Charchabil: Lettre \u00e0 un Tunisien authentique<\/span><\/strong> <\/span><\/b><strong><span lang=\"FR-CH\">Nawaat: Elections tunisiennes : Chers compatriotes, vous \u00eates privil\u00e9gi\u00e9s !!<\/span><\/strong><\/p>\n<div><span><\/p>\n<hr align=\"left\" size=\"2\" width=\"100%\"\/><\/span><\/div>\n<p align=\"center\"><span lang=\"FR\">\u00a0<\/span><\/p>\n<p align=\"center\"><b><span lang=\"DE\">C.R.L.D.H.\u00a0Tunisie<\/span><\/b><\/p>\n<p align=\"center\"><b><span dir=\"RTL\" lang=\"AR-SA\">\u0627\u0644\u0644\u062c\u0646\u0629 \u0645\u0646 \u0623\u062c\u0644 \u0627\u062d\u062a\u0631\u0627\u0645 \u0627\u0644\u062d\u0631\u064a\u0627\u062a \u0648\u062d\u0642\u0648\u0642 \u0627\u0644\u0625\u0646\u0633\u0627\u0646 \u0641\u064a \u062a\u0648\u0646\u0633<\/span><\/b><\/p>\n<p align=\"center\"><span lang=\"FR-CH\">Comit\u00e9 pour le Respect des Libert\u00e9s et des Droits de l\u2019Homme en Tunisie<\/span><\/p>\n<p align=\"center\"><b><span lang=\"FR-CH\">membre du R\u00e9seau Euro-m\u00e9diterran\u00e9en des Droits de l\u2019Homme<\/span><\/b><\/p>\n<p align=\"center\"><span lang=\"FR-CH\">21ter\u00a0rue\u00a0Voltaire\u00a0\u2013 FR-75011 PARIS\u00a0\u00a0&#8211; Tel\/Fax : 00.33.(0)1.43.72.97.34<\/span><\/p>\n<p align=\"center\"><span><a href=\"http:\/\/fr.mc265.mail.yahoo.com\/mc\/compose?to=contact@crldht.org\" target=\"_blank\" rel=\"noopener\"><span lang=\"FR-CH\">contact@crldht.org<\/span><\/a><\/span><span lang=\"FR-CH\">\u00a0\/\u00a0<\/span><span><a href=\"http:\/\/www.crldht.org\/\" target=\"_blank\" rel=\"noopener\"><span lang=\"FR-CH\">www.crldht.org<\/span><\/a><\/span><\/p>\n<p><b><span lang=\"DE\">\u00a0<\/span><span lang=\"FR-CH\">Flash Infos le 29 octobre 2009<\/span><\/b><span lang=\"FR\">\u00a0<\/span><\/p>\n<p><b><span lang=\"FR-CH\">Au moment de mettre en ligne ce bulletin d\u2019information, nous avons appris l\u2019interpellation de Taoufik ben Brik (TBB) en fin de matin\u00e9e, le jeudi 20 octobre 2009. TBB a en effet d\u00e9cid\u00e9 de r\u00e9pondre \u00e0 l\u2019invitation de la police consid\u00e9rant qu \u2019il ne devait\u00a0 pas accepter d\u2019\u00eatre de facto assign\u00e9 \u00e0 r\u00e9sidence dans son domicile assi\u00e9g\u00e9. C\u2019est dans ces conditions qu\u2019il a \u00e9t\u00e9 interpell\u00e9. Son fr\u00e8re Jalel Zoghlami\u00a0 et sa famille ont eu confirmation de son arrestation dans les locaux de la police \u00e0 la caserne de Bouchoucha. Et il semblerait qu\u2019une proc\u00e9dure judicaire a \u00e9t\u00e9 diligent\u00e9e \u00e0 son \u00e9gard. <\/span><\/b><\/p>\n<p><span lang=\"FR\">\u00a0<\/span><\/p>\n<p><b><span lang=\"FR-CH\">Sommaire\u00a0: <\/span><\/b><\/p>\n<p><b><span lang=\"FR-CH\">1-<\/span><\/b><span lang=\"FR-CH\">\u00a0\u00a0\u00a0\u00a0\u00a0<b>Simulacre \u00e9lectoral en Tunisie\u00a0: r\u00e9sultats sans surprise des \u00e9lections pr\u00e9sidentielles et l\u00e9gislatives du 25 octobre 2009.<\/b><\/span><\/p>\n<p><b><span lang=\"FR-CH\">2-<\/span><\/b><span lang=\"FR-CH\">\u00a0\u00a0\u00a0\u00a0\u00a0<\/span><b><span lang=\"FR-CH\">Taoufik Ben Brik \u00e9met en haut d\u00e9bit et le pouvoir r\u00e9agit par les menaces et la provocation <\/span><\/b><\/p>\n<p><b><span lang=\"FR-CH\">3-<\/span><\/b><span lang=\"FR-CH\">\u00a0\u00a0\u00a0\u00a0\u00a0<\/span><b><span lang=\"FR-CH\">Zouheir Mekhlouf, d\u00e9fenseur des droits humains et candidat aux \u00e9lections, victime d\u2019une arrestation arbitraire au terme d\u2019un harc\u00e8lement syst\u00e9matique<\/span><\/b><\/p>\n<p><b><span lang=\"FR-CH\">4-<\/span><\/b><span lang=\"FR-CH\">\u00a0\u00a0\u00a0\u00a0\u00a0<b>Florence Beaug\u00e9, envoy\u00e9e sp\u00e9ciale du quotidien fran\u00e7ais \u00ab\u00a0Le Monde\u00a0\u00bb refoul\u00e9e de Tunisie et accus\u00e9e \u00ab\u00a0d\u2019incitation \u00e0 la haine, \u00e0 la mort et \u00e0 l\u2019attentat contre la Tunisie\u00a0\u00bb<\/b><\/span><\/p>\n<p><b><span lang=\"FR-CH\">5-<\/span><\/b><span lang=\"FR-CH\">\u00a0\u00a0\u00a0\u00a0\u00a0<b>Chroniques de la r\u00e9pression, de la censure et de la solidarit\u00e9<\/b>\u00a0: <\/span><\/p>\n<p><span lang=\"FR\">\u00b7<\/span><span lang=\"FR-CH\">\u00a0\u00a0\u00a0\u00a0\u00a0\u00a0\u00a0\u00a0 Radia Nasraoui interdite de quitter la Tunisie<\/span><\/p>\n<p><span lang=\"FR\">\u00b7<\/span><span lang=\"FR-CH\">\u00a0\u00a0\u00a0\u00a0\u00a0\u00a0\u00a0\u00a0 Sihem Ben Sedrine dans le collimateur des barbouzes de la police\u00a0 poli tique\u00a0<\/span><\/p>\n<p><span lang=\"FR\">\u00b7<\/span><span lang=\"FR-CH\">\u00a0\u00a0\u00a0\u00a0\u00a0\u00a0\u00a0\u00a0 La presse enchain\u00e9e et les campagnes et diffamation de la presse de caniveau<\/span><\/p>\n<p><span lang=\"FR\">\u00b7<\/span><span lang=\"FR-CH\">\u00a0\u00a0\u00a0\u00a0\u00a0\u00a0\u00a0\u00a0 Gr\u00e8ve de la faim des d\u00e9tenus condamn\u00e9s dans le cadre de la loi anti- terroriste\u00a0<\/span><\/p>\n<p><span lang=\"FR\">\u00b7<\/span><span lang=\"FR-CH\">\u00a0\u00a0\u00a0\u00a0\u00a0\u00a0\u00a0\u00a0 Solidarit\u00e9 avec les populations et les d\u00e9tenus du bassin minier de Redeyef-Gafsa et de leurs familles\u00a0<\/span><\/p>\n<p><b><span lang=\"FR-CH\">6.<\/span><\/b><span lang=\"FR-CH\">\u00a0\u00a0<b>Les \u00ab\u00a0chouchous\u00a0\u00bb de l\u2019ATCE.<\/b><\/span><\/p>\n<p><b><span lang=\"FR-CH\">7.<\/span><\/b><span lang=\"FR-CH\">\u00a0<\/span><b><span lang=\"FR-CH\">\u00a0Pour s\u2019ar rim er davantage \u00e0 l\u2019Europe le lobbying diplomatique \u00e0 marches forc\u00e9es peut-il suffire \u00e0 lui seul\u00a0?<\/span><\/b><\/p>\n<p><span lang=\"FR\">\u00a0<\/span><\/p>\n<p><b><span lang=\"FR-CH\">1- Simulacre \u00e9lectoral en Tunisie\u00a0: r\u00e9sultats sans surprise des \u00e9lections pr\u00e9sidentielles et l\u00e9gislatives du 25 octobre 2009.<\/span><\/b><\/p>\n<p><span lang=\"FR-CH\">Le 25 octobre 2009 le Pr\u00e9sident Ben Ali a inaugur\u00e9 son cinqui\u00e8me mandat. Ce r\u00e9sultat sans surprise a \u00e9t\u00e9 obtenu au terme d\u2019une campagne marqu\u00e9e par l\u2019h\u00e9g\u00e9monie du RCD (le \u00ab\u00a0faux parti unique\u00a0\u00bb, Rassemblement Constitutionnel D\u00e9mocratique), s\u2019appuyant sur un outrancier monopole des m\u00e9dias et une mainmise totale\u00a0 de ce Parti sur les services et les institutions de l\u2019Etat. <\/span><\/p>\n<p><span lang=\"FR-CH\">Au-del\u00e0 des rituels d\u2019all\u00e9geance qui ont marqu\u00e9 ce processus pl\u00e9biscitaire, se sont les co\u00fbts exorbitants\u00a0 de cette campagne de l\u2019Etat-Parti et la volont\u00e9 de marginalisation syst\u00e9matique de l\u2019opposition non domestiqu\u00e9e qui auront marqu\u00e9 les esprits au sein d\u2019une opinion sceptique, voire indiff\u00e9rente. <\/span><\/p>\n<p><span lang=\"FR-CH\">Il serait fastidieux de relever les d\u00e9rapages syst\u00e9matiques et d\u00e9lib\u00e9r\u00e9s commis par l\u2019Etat-RCD qui a fait fi de tout respect des normes l\u00e9gales minimales\u00a0 \u00e0 tous les niveaux du processus \u00e9lectoral, de l\u2019inscription sur les listes d\u2019\u00e9lecteurs aux conditions de d\u00e9pouillement du scrutin. Le taux de par tic ipation de 84,5%\u00a0 et les 89,62% des suffrages attribu\u00e9s au Pr\u00e9sident sortant Z. Ben Ali sont bien s\u00fbr l\u00e9gitimement contest\u00e9s et contestables en d\u00e9pit du passage symbolique sous la barre des 90% et des menaces prof\u00e9r\u00e9es la veille du scrutin par le candidat-pr\u00e9sident mettant en garde contre toute \u00ab\u00a0incitation \u00e0 mettre en doute les r\u00e9sultats\u00a0\u00bb\u00a0<\/span><\/p>\n<p><span lang=\"FR-CH\">Sur la base des r\u00e9sultats officiels, les deux candidats -faire-valoir (Bouchiha et Ennoubli) repr\u00e9sentants de l\u2019opposition de d\u00e9cor ont \u00e9t\u00e9 gratifi\u00e9s de 5% et de 3,8% des voix alors que le candidat d\u2019At-Tajdid et de l\u2019Initiative D\u00e9mocratique et Progressiste,\u00a0 l\u2019universitaire Ahmed Brahim , n\u2019obtenait, de fa\u00e7on invraisemblable et au terme d\u2019une campagne ferme et digne mais sem\u00e9e d\u2019embuches, que 1,57% des suffrages cens\u00e9s s\u2019\u00eatre exp rim \u00e9s\u00a0!<\/span><\/p>\n<p><span lang=\"FR-CH\">Comme pr\u00e9vu, le RCD a rafl\u00e9 les 161 si\u00e8ges du scrutin par circonscription majoritaire \u00e0 un tour et les cinq partis de l\u2019opposition de figuration se sont vu attribuer 51 des 53 si\u00e8ges du mode de scrutin de \u00ab\u00a0rattrapage\u00a0\u00bb pr\u00e9vu par la loi \u00e9lectorale.\u00a0 Le mouvement Et-Tajdid et\u00a0 ses alli\u00e9s de l\u2019 \u00ab\u00a0Initiative D. P.\u00a0\u00bb ont obtenu deux si\u00e8ges de d\u00e9put\u00e9s alors qu\u2019ils en occupaient trois durant la pr\u00e9c\u00e9dente l\u00e9gislature. <\/span><\/p>\n<p><span lang=\"FR-CH\">Apr\u00e8s avoir \u00e9cart\u00e9 les candidatures de Ma\u00eetre Ahmed N\u00e9jib Chebbi (fondateur du Parti D\u00e9mocratique Progressiste) et Dr Mustapha Ben Jaafar (Pr\u00e9sident du Forum \u2013 FDTL) en vertu des dispositions exceptionnelles et an tic onstitutionnelles d\u2019un amendement \u00e9lectoral taill\u00e9 \u00a0sur mesure et cens\u00e9 \u00e9largir \u2013 contre toute \u00e9vidence &#8211;\u00a0 le champ des candidatures\u00a0; l\u2019administration et le Conseil Constitutionnel ont au pr\u00e9alable fait le m\u00e9nage ,de fa\u00e7on scandaleuse, au niveau des listes de\u00a0 l\u2019opposition non inf\u00e9od\u00e9e ,les \u00e9cartant syst\u00e9matiquement des circonscriptions \u00e0 forte densit\u00e9 d\u00e9mographique. <\/span><\/p>\n<p><span lang=\"FR-CH\">Ce simulacre \u00e9lectoral et ce pluralisme en trompe l\u2019\u0153il , d\u00e9nonc\u00e9s par avance par les partisans du boycott ,et notamment le POCT (parti communiste des ouvriers de Tunisie), le CPR ( Congr\u00e8s pour la R\u00e9publique) et les islamistes d\u2019En-Nahdha ( auxquels s\u2019est joint le 10 octobre le PDP- parti d\u00e9mocratique progressiste-, a\u00a0 \u00e9t\u00e9 caract\u00e9ris\u00e9 par les atteintes syst\u00e9matiques \u00e0 la libert\u00e9 de presse et au droit \u00e0 l\u2019information comme cela a \u00e9t\u00e9 relev\u00e9 de fa\u00e7on m\u00e9thodique par Reporters sans Fronti\u00e8res, le Comit\u00e9 de Protection des Journalistes, la FIDH et Amnesty Inter national , ainsi que par\u00a0 la remarquable enqu\u00eate de suivi (monitoring) de la couverture par les m\u00e9dias nationaux pr\u00e9sent\u00e9e par la porte parole du CNLT\u00a0 Sihem Ben Sedrine au nom de cinq\u00a0 ONG autonomes tunisiennes<\/span><span><a href=\"http:\/\/fr.mc265.mail.yahoo.com\/mc\/welcome?.gx=1&amp;.tm=1256833693&amp;.rand=aierp2pe1lqh8#_edn1\" target=\"_blank\" title=\"\" rel=\"noopener\"><span lang=\"FR-CH\">[i]<\/span><\/a><\/span><span lang=\"FR-CH\"> .Cette enqu\u00eate\u00a0 confirme que 97% de cette couverture a concern\u00e9 le Pr\u00e9sident-candidat Ben Ali et le parti gouvernemental RCD et que l\u2019\u00e9pouse du chef de l\u2019Etat \u2013 \u00ab\u00a0la r\u00e9gente de Carthage\u00a0\u00bb<\/span><span><a href=\"http:\/\/fr.mc265.mail.yahoo.com\/mc\/welcome?.gx=1&amp;.tm=1256833693&amp;.rand=aierp2pe1lqh8#_edn2\" target=\"_blank\" title=\"\" rel=\"noopener\"><span><\/span><span lang=\"FR-CH\">[ii]<\/span><\/a><\/span><span lang=\"FR-CH\"> &#8211; a b\u00e9n\u00e9fici\u00e9 de 14% de la couverture m\u00e9diatique de la campagne.<\/span><\/p>\n<p><span lang=\"FR-CH\">Le CRLDHT d\u00e9nonce avec vigueur le verrouillage institutionnel, les tracasseries, les manies r\u00e9pressives et l\u2019intol\u00e9rance qui ont caract\u00e9ris\u00e9 cette nouvelle occasion manqu\u00e9e qui ne fait qu\u2019aggraver la d\u00e9rive autocratique\u00a0 et despotique du r\u00e9gime tunisien.<\/span><\/p>\n<p><span lang=\"FR-CH\">C\u2019est \u00e0\u00a0 ce syst\u00e8me politique, fond\u00e9\u00a0 sur la \u00ab\u00a0force de l\u2019ob\u00e9issance\u00a0\u00bb, la peur et l\u2019impunit\u00e9\u00a0 et qui ne tol\u00e8re plus de voix discordantes, que le Pr\u00e9sident fran\u00e7ais\u00a0 N.Sarkozy\u00a0 s\u2019est, tout de m\u00eame, empress\u00e9 d\u2019apporter son inconditionnelle caution dans les heures qui ont suivi le sacre de Ben Ali 5. Du c\u00f4t\u00e9 de l\u2019Union Europ\u00e9enne qui s\u2019appr\u00eate \u00e0 c\u00e9der aux insistantes suppliques tunisiennes relatives \u00e0 l\u2019octroi du \u00ab\u00a0statut avanc\u00e9\u00a0\u00bb, l\u2019heure est \u00e0 \u00ab\u00a0l\u2019appui\u00a0 clair mais un peu veule\u00a0\u00bb au g\u00e9n\u00e9ral-pr\u00e9sident. Seule la nouvelle administration am\u00e9ricaine du pr\u00e9sident Obama a marqu\u00e9 une certaine r\u00e9serve en faisant part de ses \u00ab\u00a0pr\u00e9occupations\u00a0\u00bb pr\u00e9cisant qu\u2019\u00e0 sa connaissance\u00a0\u00ab\u00a0aucun observateur cr\u00e9dible n\u2019a obtenu l\u2019autorisation de contr\u00f4ler le vote\u00a0\u00bb.<\/span><\/p>\n<p><span lang=\"FR-CH\">Cela va sans dire mais c\u2019est mieux en le disant\u00a0!<\/span><\/p>\n<p><span lang=\"FR-CH\"><br clear=\"all\"\/>\u00a0<\/span><\/p>\n<div><span><\/p>\n<hr align=\"left\" size=\"1\" width=\"33%\"\/><\/span><\/div>\n<p><span lang=\"EN-GB\">1.\u00a0\u00a0\u00a0\u00a0\u00a0\u00a0 LTDH, CNLT, ATFD, OLPEC, SNJ.<\/span><\/p>\n<p><span lang=\"FR-CH\">2.\u00a0\u00a0\u00a0\u00a0 Titre du livre-r\u00e9quisitoire sur les turpitudes et la voracit\u00e9 du syst\u00e8me Ben Ali-Trabelsi\u00a0 publi\u00e9 fin septembre 2009\u00a0 par Nicolas Beau et Catherine Graciet aux \u00e9ditions de La D\u00e9couverte- Paris<\/span><\/p>\n<p><span lang=\"FR\">\u00a0<\/span><\/p>\n<p><span lang=\"FR\">\u00a0<\/span><\/p>\n<p><b><span lang=\"FR-CH\">2- Taoufik Ben Brik \u00e9met en haut d\u00e9bit et le pouvoir r\u00e9agit par les menaces et la provocation<\/span><\/b><span lang=\"FR-CH\"><\/span><\/p>\n<p><span lang=\"FR-CH\">Taoufik Ben Brik est de retour. L\u2019\u00e9crivain et journaliste dissident qui d\u00e9fraya la chronique, il y a quelques ann\u00e9es, par sa c\u00e9l\u00e8bre gr\u00e8ve de la faim dont l\u2019\u00e9cho fut consid\u00e9rable, est de nouveau sur la br\u00e8che.\u00a0 Depuis la mi-septembre et plus par tic uli\u00e8rement au cours du mois d\u2019octobre, il a multipli\u00e9 les interventions sur des sites comme \u00ab\u00a0lenouvelobservateur.com\u00a0\u00bb, \u00ab\u00a0M\u00e9diapart\u00a0\u00bb, \u00ab\u00a0Rue 89\u00a0\u00bb, ou Courrier Inter national avec une s\u00e9rie d\u2019ar tic les et d\u2019entretiens non conformistes, d\u00e9rangeants et iconoclastes. \u00ab\u00a0T.B.B.\u00a0 \u00e9met \u00e0 pr\u00e9sent en haut d\u00e9bit\u00a0\u00bb commente t\u2019on en Tunisie o\u00f9 son style frondeur et ses saillies \u00e0 propos de \u00ab\u00a0Zaba\u00a0\u00bb, de la \u00ab\u00a0r\u00e9gente\u00a0\u00bb et du \u00ab\u00a0partage du g\u00e2teau\u00a0 par la tribu r\u00e9gnante\u00a0\u00bb font grincer des dents \u00e0 Carthage.<\/span><\/p>\n<p><span lang=\"FR-CH\">Au fil des semaines, l\u2019agacement des autorit\u00e9s \u00e0 son \u00e9gard s\u2019est mu\u00e9 en une col\u00e8re vengeresse qui a d\u00e9bouch\u00e9 sur des menaces et une grossi\u00e8re provocation polici\u00e8re.<\/span><\/p>\n<p><span lang=\"FR-CH\">Il s\u2019en est expliqu\u00e9 dans une chronique du \u00ab\u00a0lenouvelobservateur.com\u00a0\u00bb le 24 octobre intitul\u00e9e \u00ab\u00a0Comment d\u00e9jouer les pi\u00e8ges tendus par un r\u00e9gime tordu\u00a0?\u00a0\u00bb auquel Pierre Haski a fait \u00e9cho sur le site \u00ab\u00a0Rue 89\u00a0\u00bb sous le titre \u00ab\u00a0La police tunisienne a voulu pi\u00e9ger le journaliste Ben Brik\u00a0\u00bb.<\/span><\/p>\n<p><span lang=\"FR-CH\">Depuis, T.B.B. est en butte aux tracasseries incessantes, \u00e0 une surveillance polici\u00e8re constante et \u00e0 la menace d\u2019une proc\u00e9dure judiciaire de droit commun, mont\u00e9e de toute pi\u00e8ce, apr\u00e8s un accrochage de la circulation avec une voiture dont la conductrice a cherch\u00e9, \u00e0 l\u2019\u00e9vidence, \u00e0 le provoquer. L\u2019objectif, par cet accrochage et la r\u00e9action disproportionn\u00e9e de la conductrice, \u00e9tait de l\u2019amener \u00e0 user de la violence pour justifier une inculpation. Cette menace n\u2019est toujours pas lev\u00e9e quatre jours apr\u00e8s l\u2019accrochage. Refusant de r\u00e9pondre \u00e0 une convocation de la police judiciaire, T.B.B a alert\u00e9\u00a0l\u2019opinion national e et inter national e et 7 associations autonomes qui couvrent un large spectre de sensibilit\u00e9s intellectuelles ont d\u00e9nonc\u00e9[ii] dans un communiqu\u00e9 commun les risques encourus par T.B.B., \u00ab\u00a0ce cheval fou aux sabots cass\u00e9s\u00a0\u00bb &#8211; comme l\u2019a qualifi\u00e9 le journaliste alg\u00e9rien Chawki Amari dans la pr\u00e9face du livre de Taoufik intitul\u00e9 \u00ab\u00a0Je ne partirai pas\u00a0\u00bb.<\/span><\/p>\n<p><span lang=\"FR-CH\">Le CRLDHT r\u00e9affirme sa solidarit\u00e9 avec T.B.B. et en appelle \u00e0 l\u2019opinion d\u00e9mocratique pour exp rim er son inqui\u00e9tude et son vigilant soutien \u00e0 cette figure embl\u00e9matique de la contestation en Tunisie.<\/span><\/p>\n<p><b><span lang=\"FR-CH\">3\u2013 Zouheir Mekhlouf, d\u00e9fenseur des droits humains et candidat aux \u00e9lections, victime d\u2019une arrestation arbitraire au terme d\u2019un harc\u00e8lement syst\u00e9matique.<\/span><\/b><\/p>\n<p><span lang=\"FR-CH\">Membre de l\u2019association de soutien aux prisonniers politiques \u00ab\u00a0Libert\u00e9 et Equit\u00e9\u00a0\u00bb et membre du Comit\u00e9 Central du parti d\u00e9mocratique et Progressiste, Zouha\u00efr Mekhlouf a \u00e9t\u00e9 arr\u00eat\u00e9 sous le pr\u00e9texte d\u2019avoir r\u00e9alis\u00e9 un reportage \u00ab\u00a0non autoris\u00e9\u00a0\u00bb sur la zone industrielle de la ville de Nabeul. Le reportage visait \u00e0 d\u00e9noncer la pollution et la d\u00e9gradation de l\u2019environnement dans cette Z.I. (fours \u00e0 c\u00e9ramique et \u00e0 poteries).<\/span><\/p>\n<p><span lang=\"FR-CH\">Candidat du P.D.P. aux \u00e9lections l\u00e9gislatives avant que la liste r\u00e9gionale de ce parti soit arbitrairement \u00e9cart\u00e9e, Zouha\u00efr Mekhlouf est correspondant du site \u00ab\u00a0Assabil on line\u00a0\u00bb.<\/span><\/p>\n<p><span lang=\"FR-CH\">Des pressions effectu\u00e9es sur un riverain Mr Mourad Ladib interview\u00e9 dans ce reportage ont abouti \u00e0 une plainte pour \u00ab\u00a0utilisation de l\u2019image d\u2019autrui sans son consentement\u00a0\u00bb.<\/span><\/p>\n<p><span lang=\"FR-CH\">Le pr\u00e9texte est cousu de fil blanc car cet \u00e9pisode intervient au terme de longs mois de tracasseries, d\u2019interpellations et de harc\u00e8lement ponctu\u00e9s par deux agressions physiques. Zouha\u00efr Mekhlouf avait \u00e9galement r\u00e9alis\u00e9 cette ann\u00e9e, un reportage sur la mort, en octobre 1991 de Faycal Barakat des suites des tortures dont\u00a0 il a \u00e9t\u00e9 l\u2019objet. Le Comit\u00e9 contre la torture (CAT) des Nations Unies a examin\u00e9\u00a0 ,faut-il le rappeler, ce cas tragique \u00e0 plusieurs reprises depuis 15 ans, obtenant r\u00e9cemment que les restes de feu F. Barakat soient exhum\u00e9s par les autorit\u00e9s tunisiennes et soumis \u00e0 une autopsie inter national e. Le CIDT-Tunisie (bas\u00e9 \u00e0 Besan\u00e7on), l\u2019OMCT, la FIDH et Amnesty Inter national ont ainsi\u00a0 fait de cette victime de la brigade de recherches de la Garde Nationale de Nabeul un cas embl\u00e9matique.<\/span><\/p>\n<p><span lang=\"FR-CH\">La LTDH et l\u2019Observatoire inter national pour la protection des d\u00e9fenseurs ont r\u00e9agi \u00e0 l\u2019arrestation arbitraire et \u00e0 l\u2019inculpation de Zouha\u00efr Mekhlouf avec d\u2019autant plus d\u2019inqui\u00e9tudes que celui-ci risque bien d\u2019\u00eatre la victime expiatoire du ressentiment des autorit\u00e9s \u00e0 l\u2019\u00e9gard de l\u2019action inlassable de l\u2019association \u00ab\u00a0Equit\u00e9 et Libert\u00e9\u00a0\u00bb et de la confrontation entre le P.D.P. et le pouvoir \u00e0 l\u2019occasion des \u00e9lections pr\u00e9sidentielle et l\u00e9gislative.<\/span><\/p>\n<p><span lang=\"FR-CH\">Mme Madame Mekhlouf a entam\u00e9 une gr\u00e8ve de la faim (\u00e0 laquelle elle a mis un terme le 28-10) pour protester contre la pr\u00e9sence polici\u00e8re autour de son domicile pour en interdire l\u2019acc\u00e8s de fa\u00e7on arbitraire et s\u00e9lective.<\/span><\/p>\n<p><span lang=\"FR-CH\">Enfin,\u00a0 alors que Zouhair\u00a0 d\u00e9butait en prison une gr\u00e8ve de la faim et qu\u2019il parvenait \u00e0 rendre publique une lettre circonstanci\u00e9e sur les conditions de son arrestation ( cf sites RSF et Tunisnews )\u00a0;des escouades de la police politique ont interdit les acc\u00e8s du si\u00e8ge du PDP o\u00f9 \u00e9tait organis\u00e9e une r\u00e9union de soutien le lundi 26 octobre.<\/span><\/p>\n<p><span lang=\"FR-CH\">Le CRLDHT ,qui d\u00e9nonce cette arrestation et le si\u00e8ge policier impos\u00e9 depuis \u00e0 son \u00e9pouse et \u00e0 sa famille, se joint \u00e0 l\u2019action de solidarit\u00e9 engag\u00e9e en faveur de Zouha\u00efr Mekhlouf.<\/span><\/p>\n<p><span lang=\"FR\">\u00a0<\/span><\/p>\n<p><b><span lang=\"FR-CH\">4- Florence Beaug\u00e9, envoy\u00e9e sp\u00e9ciale du quotidien fran\u00e7ais \u00ab\u00a0Le Monde\u00a0\u00bb refoul\u00e9e de Tunisie et accus\u00e9e \u00ab\u00a0d\u2019incitation \u00e0 la haine, \u00e0 la mort et \u00e0 l\u2019attentat contre la Tunisie\u00a0\u00bb<\/span><\/b><\/p>\n<p><span lang=\"FR-CH\">Coupable aux yeux des affid\u00e9s du pr\u00e9sident Ben Ali et de ses \u00ab\u00a0chiens de garde\u00a0\u00bb qui r\u00e9gentent la d\u00e9sinformation\u00a0 en Tunisie, de c rim e de l\u00e8se-majest\u00e9\u00a0 ,Florence Beaug\u00e9 a \u00e9t\u00e9 refoul\u00e9e \u00e0 son arriv\u00e9e \u00e0 l\u2019a\u00e9roport Tunis-Carthage dans la soir\u00e9e du 22 octobre sous le pr\u00e9texte que l\u2019envoy\u00e9e sp\u00e9ciale du \u00ab\u00a0Monde\u00a0\u00bb, aurait \u00ab\u00a0toujours fait la preuve de malveillance malsaine \u00e0 l\u2019\u00e9gard de la Tunisie\u00a0\u00bb.<\/span><\/p>\n<p><span lang=\"FR-CH\">Ind\u00e9sirable en Tunisie, elle a publi\u00e9 du 23 au 25 octobre, une s\u00e9rie de trois ar tic les dans \u00ab\u00a0Le Monde\u00a0\u00bb sur la base des informations qu\u2019elle avait recueillies\u00a0 lors de son pr\u00e9c\u00e9dent s\u00e9jour en Tunisie du 30 septembre au 4 octobre 2009.<\/span><\/p>\n<p><span lang=\"FR-CH\">D\u00e8s la parution du premier de ces ar tic les, la presse gouvernementale (Le temps, La presse, Le Renouveau, As-sabah, Al Chourouk etc ..) s\u2019est d\u00e9chain\u00e9e contre cette \u00ab\u00a0pseudo-journaliste\u00a0\u00bb qui \u00ab\u00a0appelle les tunisiens \u00e0 se r\u00e9volter\u00a0\u00bb . Accus\u00e9e d\u2019appeler \u00ab\u00a0\u00e0 la haine (\u2026) et surtout \u00e0 la violence et \u00e0 la mort\u00a0\u00bb, Florence Beaug\u00e9 est qualifi\u00e9e de \u00ab\u00a0femme psychotique et hyst\u00e9rique\u00a0\u00bb qui \u00ab\u00a0incite au terrorisme\u00a0\u00bb et qui \u00ab\u00a0 a la vocation d\u2019un poseur de bombes\u00a0\u00bb\u00a0!! R\u00e9cusant les \u00ab\u00a0conseils macul\u00e9s de sang d\u2019une femme mal\u00e9fique, et par-dessus\u00a0 le march\u00e9\u00a0idiote\u00a0\u00bb, les d\u00e9tracteurs de\u00a0 Florence Beaug\u00e9, au sein de la presse aux ordres de Carthage,la prennent \u00e0 partie, de cette fa\u00e7on d\u00e9lirante et d\u2019une violence inou\u00efe, lui reprochant ses\u00a0 \u00ab\u00a0manipulations malsaines\u00a0\u00bb et ses \u00ab\u00a0r\u00e9quisitoires passionnels, aliment\u00e9s par des rumeurs ind\u00e9centes et nourries par des traitres qui errent comme des \u00e2mes en peine dans d\u2019obscurs salons fran\u00e7ais\u00a0\u00bb\u00a0!!!<\/span><\/p>\n<p><span lang=\"FR-CH\">Poussant plus loin encore\u00a0 cette campagne, en l\u2019occurrence v\u00e9ritablement hyst\u00e9rique, un mercenaire de la plume du magazine \u00ab\u00a0Afrique Asie\u00a0\u00bb, Valentin\u00a0 Mbougueng, publie, la bave aux l\u00e8vres, dans deux quotidiens tunisiens, une violente\u00a0 philippique intitul\u00e9e \u00ab\u00a0 Quand une journaliste du Monde appelle au meurtre\u00a0\u00bb ,o\u00f9 il se demande si \u00ab\u00a0la jus tic e inter national e, qui a condamn\u00e9 il y a six ans, deux responsables de la tristement c\u00e9l\u00e8bre radio rwandaise \u00ab\u00a0radio t\u00e9l\u00e9vision Mille collines\u00a0\u00bb pour incitation au g\u00e9nocide de 1994 devra-t-elle se pencher s\u00e9rieusement sur le cas de la journaliste fran\u00e7aise Florence Beaug\u00e9 du quotidien fran\u00e7ais Le Monde\u00a0\u00bb\u00a0!!!<\/span><\/p>\n<p><span lang=\"FR-CH\">C\u2019est\u00a0 tout simplement hallucinant et r\u00e9v\u00e9lateur du climat qui pr\u00e9vaut \u00e0 Carthage et dans les officines de l\u2019Etat-RCD.<\/span><\/p>\n<p><span lang=\"FR-CH\">Le CRLDHT stigmatise cette campagne d\u2019intol\u00e9rance haineuse et affirme avec vigueur sa solidarit\u00e9 agissante avec Florence Beaug\u00e9.<\/span><\/p>\n<p><span lang=\"FR\">\u00a0<\/span><\/p>\n<p><b><span lang=\"FR-CH\">5- Chroniques de la r\u00e9pression, de la censure et de la solidarit\u00e9\u00a0: <\/span><\/b><\/p>\n<p><span lang=\"FR-CH\">\u00b7\u00a0\u00a0\u00a0\u00a0\u00a0\u00a0\u00a0 <b>Radhia Nasraoui interdite de quitter la Tunisie.<\/b><\/span><\/p>\n<p><span lang=\"FR\">\u00a0<\/span><\/p>\n<p><span lang=\"FR-CH\">Invit\u00e9e par des d\u00e9put\u00e9s europ\u00e9ens, le REMDH, la FIDH, le CRLDHT et le comit\u00e9 de soutien aux populations du bassin minier de Gafsa, Me Radhia Nasraoui , pr\u00e9sidente de l\u2019association Tunisienne de lutte contre la torture\u00a0 n\u2019a pas \u00e9t\u00e9 autoris\u00e9e mardi 22 octobre 2009 \u00e0 quitter le territoire tunisien.<\/span><\/p>\n<p><span lang=\"FR\">\u00a0<\/span><\/p>\n<p><span lang=\"FR-CH\">Le pr\u00e9texte invoqu\u00e9, \u00e0 l\u2019appui de cette d\u00e9cision arbitraire, est aussi invraisemblable qu\u2019inqui\u00e9tant\u00a0:Me Radhia Nasraoui et son mari Hamma Hammami , porte parole du PCOT , interdit de quitter le territoire quelques jours plus t\u00f4t, feraient l\u2019objet d\u2019une proc\u00e9dure judiciaire.. pour \u00ab\u00a0voies\u00a0de fait avec violence contre autrui\u00bb \u00e0 la suite d\u2019une altercation imaginaire contre une personne.. dont l\u2019identit\u00e9 n\u2019a pas \u00e9t\u00e9 r\u00e9v\u00e9l\u00e9e\u00a0!!!<\/span><\/p>\n<p><span lang=\"FR-CH\">\u00a0<\/span><\/p>\n<p><span lang=\"FR-CH\">M\u00b0 Nasraoui et son mari faisaient l\u2019objet d\u2019un harc\u00e8lement continuen par tic ulier depuis les agressions qu\u2019ils ont subies \u00e0 cinq jours d\u2019intervalle, fin septembre, \u00e0 l\u2019a\u00e9roport Tunis Carthage (tabassage de Hamma Hammami et grave tentative de sabotage de la voiture de Me Raouf Ayadi, qui avait accompagn\u00e9 Hamma Hammami pour accueillir Radhia\u00a0 Nasraoui de retour de Gen\u00e8ve.<\/span><\/p>\n<p><span lang=\"FR-CH\">\u00a0<\/span><\/p>\n<p><span lang=\"FR-CH\">Trois parlementaires\u00a0 europ\u00e9ennes\u00a0, Mme H\u00e9l\u00e8ne Flautre (Verts), Catherine Trautmann (PS) et Marie Christine Vergiat (Front de Gauche), ont \u00e9nergiquement protest\u00e9 \u00e0 la suite de cette interdiction de quitter le territoire qui a fait l\u2019objet de r\u00e9actions tr\u00e8s fermes du REMDH, de l\u2019Observatoire FIDH-OMCT et de RSF.<\/span><\/p>\n<p><span lang=\"FR-CH\">\u00b7\u00a0\u00a0\u00a0\u00a0\u00a0\u00a0\u00a0 <b>Sihem Ben Sedrine dans le collimateur des barbouzes de la police\u00a0 poli tique\u00a0 <\/b><\/span><\/p>\n<p><span lang=\"FR-CH\">Porte parole CNLT et animatrice du journal en ligne \u00ab\u00a0Kalima\u00a0\u00bb et de la radio libre interdite \u00ab\u00a0kalima\u00a0\u00bb, Sihem ben Sedrine\u00a0 est avec son mari Omar Mestiri, sont\u00a0 des cibles privil\u00e9gi\u00e9es des tracasseries et du harc\u00e8lement policiers mais aussi des campagnes de presse indignes orchestr\u00e9es par la presse de caniveau li\u00e9e aux officines de la police et r\u00e9gent\u00e9e par le ministre des affaires \u00e9trang\u00e8res Abdelwahab Abdallah, l\u2019\u00e2me damn\u00e9e de l\u2019autocrate et de la r\u00e9gente de Carthage.<\/span><\/p>\n<p><span lang=\"FR\">\u00a0<\/span><\/p>\n<p><span lang=\"FR-CH\">Apr\u00e8s une premi\u00e8re agression, il ya dix jours dans le nord ouest de la Tunisie, Sihem Ben Sedrine a \u00e9t\u00e9 molest\u00e9e le 23 Octobre \u00e0 l\u2019occasion d\u2019un s\u00e9minaire qu\u2019elle a anim\u00e9 \u00e0 l\u2019ATFD sur les techniques de suivi de la couverture m\u00e9diatique des campagnes \u00e9lectorales.<\/span><\/p>\n<p><span lang=\"FR\">\u00a0<\/span><\/p>\n<p><span lang=\"FR-CH\">Dans le collimateur des barbouzes de la police politique Sihem ben Sedrine, n\u2019a pas c\u00e9d\u00e9 pour autant, animant, avec cinq associations autonomes tunisiennes (LTDH, CNLT, OLPEC, ATFD et SNJ) une remarquable enqu\u00eate sur la couverture m\u00e9diatique au niveau national de la campagne \u00e9lectorale.<\/span><\/p>\n<p><span lang=\"FR\">\u00a0<\/span><\/p>\n<p><span lang=\"FR-CH\">Les r\u00e9sultats sont, \u00e0 tous \u00e9gards, \u00e9difiants (cf communiqu\u00e9 du CRLDHT sur les \u00e9lections et les conclusions de l\u2019enqu\u00eate reproduite sur <\/span><span><a href=\"http:\/\/www.tunisnews.net\/\" target=\"_blank\" rel=\"noopener\"><span lang=\"FR-CH\">www.tunisnews.net<\/span><\/a><\/span><\/p>\n<p><span lang=\"FR\">\u00a0<\/span><\/p>\n<p><span lang=\"FR-CH\">Le CRLDHT r\u00e9it\u00e8re, une fois de plus, l\u2019expression de sa solidarit\u00e9 agissante avec Sihem Ben Sedrine et Omar Mestiri.<\/span><\/p>\n<p><span lang=\"FR\">\u00a0<\/span><\/p>\n<p><span lang=\"FR-CH\">\u00b7\u00a0\u00a0\u00a0\u00a0\u00a0\u00a0\u00a0 <b>La presse enchain\u00e9e et les campagnes et diffamation de la presse de caniveau\u00a0: <\/b><\/span><\/p>\n<p><span lang=\"FR\">\u00a0<\/span><\/p>\n<p><span lang=\"FR-CH\">La censure et les plumes indignes se sont d\u00e9chain\u00e9es au cours de ce mois d\u2019octobre de pr\u00e9campagne et de campagne \u00e9lectorales.<\/span><\/p>\n<p><span lang=\"FR\">\u00a0<\/span><\/p>\n<p><span lang=\"FR-CH\">En premi\u00e8re ligne de cette offensive odieuse, les courtisans aux \u00ab\u00a0chemises mauves\u00a0\u00bb (fiers \u00e0 bras arborant la couleur pr\u00e9sidentielle), Borhane Bssais (ancien \u00ab\u00a0jeune communiste r\u00e9volutionnaire\u00a0\u00bb ralli\u00e9 au r\u00e9gime) et Ridha Mellouli (ancien \u00ab\u00a0baathiste\u00a0\u00bb hyper -\u00e9radicateur parachut\u00e9 s\u00e9nateur)\u00a0; les titres \u00ab\u00a0Al Chourouk\u00a0\u00bb, \u00ab\u00a0As-sarih\u00a0\u00bb, \u00ab\u00a0Al Molahedh\u00a0\u00bb, \u00ab\u00a0les annonces\u00a0\u00bb et surtout les abominables \u00ab\u00a0Al Hadath\u00a0\u00bb, \u00ab\u00a0Kol En Nass\u00a0\u00bb (Les gens) et les \u00ab\u00a0d\u00e9charges\u00a0\u00bb en ligne \u00ab\u00a0Biladi\u00a0\u00bb et \u00ab\u00a0Bilmakchouf\u00a0\u00bb (cartes sur tables).<\/span><\/p>\n<p><span lang=\"FR\">\u00a0<\/span><\/p>\n<p><span lang=\"FR-CH\">Cibles de ces campagnes de diffamation et de haine\u00a0: Hamma Hammami , Kh\u00e9maies Chammari , Sihem Ben Sedrine, Radhia Nasraoui , Moncef Marzouki , N\u00e9jib Chebbi , Maya Jribi , Mohamed Bouebdelli, Naziha Rejiba, Raouf Ayadi , Taoufik Ben Brik etc.<\/span><\/p>\n<p><span lang=\"FR\">\u00a0<\/span><\/p>\n<p><span lang=\"FR-CH\">Injures, insultes, calomnies et caricatures \u2013 associant les personnes vis\u00e9es au drapeau d\u2019Isra\u00ebl et au logo de la chaine Al Jazeera \u2013 constituent les supports de ces campagnes de lynchage m\u00e9diatique\u00a0\u00bb <\/span><\/p>\n<p><span lang=\"FR\">\u00a0<\/span><\/p>\n<p><span lang=\"FR-CH\">Dans le m\u00eame temps la censure et la cyber police n\u2019ont jamais \u00e9t\u00e9 aussi actives\u00a0: Saisie de l\u2019hebdomadaire \u00ab\u00a0At-Tarik Al Jadid\u00a0\u00bb porte parole du candidat Ahmed Brahim , censure des manifestes \u00e9lectoraux\u00a0 et des professions de foi des candidats de l\u2019opposition non inf\u00e9od\u00e9e, fermeture de la station \u00ab\u00a0Radio 6\u00a0\u00bb \u00e9mettant sur internet, et atteintes\u00a0 quotidiennes\u00a0 \u00e0 la libert\u00e9 de l\u2019information relev\u00e9es par RSF dans le communiqu\u00e9 publi\u00e9 \u00e0 l\u2019issue de la mission effectu\u00e9e \u00e0 la mi-octobre en Tunisie\u00a0: <\/span><span><a href=\"http:\/\/www.rsf.org\/\" target=\"_blank\" rel=\"noopener\"><span lang=\"FR-CH\">http:\/\/www.rsf.org<\/span><\/a><\/span><span lang=\"FR-CH\"> et le communiqu\u00e9 de \u00ab\u00a0Commitee to protect journalists\u00a0\u00bb\u00a0: <\/span><span><a href=\"http:\/\/www.cpj.org\/2009\/10\" target=\"_blank\" rel=\"noopener\"><span lang=\"FR-CH\">http:\/\/www.cpj.org\/2009\/10<\/span><\/a><\/span><\/p>\n<p><span lang=\"FR\">\u00a0<\/span><\/p>\n<p><span lang=\"FR-CH\">\u00b7\u00a0\u00a0\u00a0\u00a0\u00a0\u00a0\u00a0 <b>Gr\u00e8ve de la faim des d\u00e9tenus condamn\u00e9s dans le cadre de la loi anti- terroriste\u00a0: <\/b><\/span><\/p>\n<p><span lang=\"FR-CH\">En 2008, Amnesty Inter national , le CNLT et le CRLDHT ont publi\u00e9 d\u2019importantes enqu\u00eates sur les\u00a0\u00a0 conditions de mise en \u0153uvre de la loi du 10 d\u00e9cembre (!!) 2003 de \u00ab\u00a0contribution \u00e0 l\u2019effort inter national de lutte contre le terrorisme et le blanchiment de l\u2019agent\u00a0\u00bb.<\/span><\/p>\n<p><span lang=\"FR-CH\">Loi sc\u00e9l\u00e9rate fond\u00e9e sur l\u2019amalgame et le \u00ab\u00a0tout r\u00e9pressif\u00a0\u00bb, cette l\u00e9gislation a constitu\u00e9 la cl\u00e9 de vo\u00fbte de la politique de r\u00e9pression politique et judiciaire de ces six derni\u00e8res ann\u00e9es.<\/span><\/p>\n<p><span lang=\"FR-CH\">L\u2019association \u00ab\u00a0Libert\u00e9 et Equit\u00e9\u00a0\u00bb\u00a0d\u2019une\u00a0 part et \u00ab\u00a0l\u2019association Tunisienne de Lutte contre la Torture\u00a0\u00bb d\u2019autre part ont rendu publique une liste de 1254 personnes condamn\u00e9s dans le cadre de cette loi (Cf Chapitre XV du rapport de l\u2019ALTT et du\u00a0 CRLDHT ).<\/span><\/p>\n<p><span lang=\"FR-CH\">Publi\u00e9 par l\u2019ALTT et le CRLDHT , (<\/span><span><a href=\"http:\/\/www.crldht.org\/\" target=\"_blank\" rel=\"noopener\"><span lang=\"FR-CH\">www.crldht.org<\/span><\/a><\/span><span lang=\"FR-CH\">) ce rapport sur \u00ab\u00a0la torture en Tunisie et la loi \u00ab\u00a0antiterroriste\u00a0: faits et t\u00e9moignages afin que cesse l\u2019impunit\u00e9\u00a0\u00bb, a analys\u00e9 la loi de 2003 et a comment\u00e9 les t\u00e9moignages de plusieurs dizaines de d\u00e9tenus et de 28 de leurs familles pour d\u00e9noncer l\u2019ampleur des d\u00e9nis de jus tic e commis par l\u2019Etat tunisien sous couvert de \u00ab\u00a0la lutte contre la terrorisme\u00a0\u00bb.<\/span><\/p>\n<p><span lang=\"FR-CH\">Pour utiles qu\u2019aient \u00e9t\u00e9 ces enqu\u00eates, cela n\u2019a pas permis de lever la chape de plomb que les autorit\u00e9s tunisiennes sont parvenues \u00e0 imposer sur cet aspect de leur politique s\u00e9curitaire. Et c\u2019est \u00e0 l\u2019occasion des jugements (une quarantaine par an) ou des rares r\u00e9actions dans les prisons que cette question est \u00e9voqu\u00e9e de fa\u00e7on ponctuelle. Aussi la gr\u00e8ve de la faim entam\u00e9e par des d\u00e9tenus dans le cadre de cette loi le 05 octobre 209 a-t-elle constitu\u00e9 un \u00e9pisode important de par l\u2019ampleur du mouvement (\u00e0 Bizerte notamment) et la violence des r\u00e9actions d\u2019une administration p\u00e9nitentiaire dont l\u2019encadrement sup\u00e9rieur a \u00e9t\u00e9 progressivement militaris\u00e9 depuis 1992. <\/span><\/p>\n<p><span lang=\"FR-CH\">Le but de la gr\u00e8ve est de d\u00e9noncer les conditions intol\u00e9rables de d\u00e9tention et l\u2019humiliation quotidienne des d\u00e9tenus et celle de leurs familles.<\/span><\/p>\n<p><span lang=\"FR-CH\">La prise de position ferme et vigoureuse de la LTDH relative \u00e0 cette gr\u00e8ve (Communiqu\u00e9 du 20octobre) retient l\u2019attention et le CRLDHT a multipli\u00e9 les contacts avec les organisations inter national es et r\u00e9gionales de droits humains pour qu\u2019il soit mis un terme au scandale de nos \u00ab\u00a0Guantanamo-soft\u00a0\u00bb qui interpellent la conscience de tous les d\u00e9mocrates tunisiens.<\/span><\/p>\n<p><span lang=\"FR-CH\">\u00b7\u00a0\u00a0\u00a0\u00a0\u00a0\u00a0\u00a0 <b>Solidarit\u00e9 avec les populations et les d\u00e9tenus du bassin minier de Redeyef-Gafsa et de leurs familles\u00a0: <\/b><\/span><\/p>\n<p><span lang=\"FR-CH\">Le CRLDHT , qui appuie l\u2019action opini\u00e2tre du \u00ab\u00a0Comit\u00e9 National pour le soutien des populations du bassin minier\u00a0\u00bb, a co-organis\u00e9 avec des parlementaires europ\u00e9ens, la FIDH et le REMDH une rencontre d\u2019information et de solidarit\u00e9, le mercredi 21 octobre au parlement europ\u00e9en \u00e0 Strasbourg en pr\u00e9sence de Mme Souhayr Belhassen pr\u00e9sident de la FIDH.<\/span><\/p>\n<p><span lang=\"FR-CH\">Le film de 34 minutes r\u00e9alis\u00e9 par le Comit\u00e9 National de Soutien et intitul\u00e9 \u00ab\u00a0Leila Khaled,\u00a0 La Tunisienne\u00a0\u00bb a \u00e9t\u00e9 projet\u00e9 \u00e0 cette occasion. Diffus\u00e9 avec le soutien d\u2019Amnesty Inter national -France, la FIDH, La FTCR , le REMDH et le CRLDHT , ce film sur \u00ab\u00a0la r\u00e9volte de Redeyef et sa r\u00e9pression racont\u00e9e par des femmes\u00a0\u00bb a \u00e9t\u00e9 con\u00e7u pour servir de support \u00e0 la \u00ab\u00a0campagne inter national e pour la lib\u00e9ration imm\u00e9diate de tous les prisonniers du mouvement du bassin minier\u00a0\u00bb.<\/span><\/p>\n<p><span lang=\"FR-CH\">Il existe deux versions sous titr\u00e9es, l\u2019une en fran\u00e7ais et l\u2019autre en anglais de la version arabe.<\/span><\/p>\n<p><span lang=\"FR-CH\">En relation constante avec les familles des d\u00e9tenus, le comit\u00e9 national s\u2019efforce, de son c\u00f4t\u00e9, de coordonner le travail de solidarit\u00e9 au niveau national . Cette action est d\u2019autant plus n\u00e9cessaire que les familles sont confront\u00e9es aux cons\u00e9quences \u2013 voulues \u2013 de la dispersion des d\u00e9tenus \u00e0 travers huit centres de d\u00e9tention du Nord \u00e0 l\u2019extr\u00eame Sud du pays.<\/span><\/p>\n<p><span lang=\"FR-CH\">Mais au-del\u00e0 de la situation pr\u00e9occupante des d\u00e9tenus, sur le plan sanitaire notamment, il y a la d\u00e9tresse des familles, le d\u00e9sarroi des jeunes ch\u00f4meurs, l\u2019ampleur de la crise sociale et \u00e9cologique\u00a0 dans le bassin minier qui constituent autant de sources d\u2019inqui\u00e9tude et de col\u00e8re dans cette r\u00e9gion enclav\u00e9e et marginalis\u00e9e.<\/span><\/p>\n<p><span lang=\"FR-CH\">Enfin, le mouvement de solidarit\u00e9 concerne aussi les militants traqu\u00e9s, comme Fahem Boukaddous, correspondant durant la r\u00e9volte de Redeyef de la TV Al Hiwar et le pr\u00e9sident de la FTCR , Mohieddine Cherbib, condamn\u00e9 par contumace \u00e0 2 ans de prison ferme.<\/span><\/p>\n<p><span lang=\"FR\">\u00a0<\/span><\/p>\n<p><b><span lang=\"FR-CH\">6- Les \u00ab\u00a0chouchous\u00a0\u00bb de l\u2019ATCE.<\/span><\/b><\/p>\n<p><span lang=\"FR-CH\">L\u2019agence tunisienne de communication ext\u00e9rieure (ATCE) qui a le monopole de la publicit\u00e9 publique et priv\u00e9e (\u00a0!!) destin\u00e9e aux \u00ab\u00a0m\u00e9dias\u00a0\u00bb a d\u00e9pens\u00e9 sans compter durant la p\u00e9riode du 15 Septembre au 25 octobre.<\/span><\/p>\n<p><span lang=\"FR-CH\">Le budget des ces interventions pour cette p\u00e9riode est \u00e9valu\u00e9\u00a0 \u00e0 4 Millions et demi d\u2019Euros\u00a0!<\/span><\/p>\n<p><span lang=\"FR-CH\">On y compte la soixantaine de journalistes complaisants invit\u00e9s tous frais pay\u00e9s ( Afrique, Maghreb-Machrek, Europe, Asie), les d\u00e9placements en Europe notamment de quelques \u00ab\u00a0propagandistes\u00a0\u00bb peu convaincants et souvent contre productifs ( Ridha Mellouli, Borhane Bsaies, Chedly Ben Younes, Sahbi Smara, Khawla Ferchichi, Mezri Haddad.. etc), les invitations des animateurs les plus actifs des lobby pro ben Ali, notamment au sein de la communaut\u00e9 \u00ab\u00a0Tun\u00a0\u00bb en Europe, le surcroit des d\u00e9penses des sites de propagande et de diffamation en ligne et, bien s\u00fbr, le gros morceau des \u00ab\u00a0Publi-r\u00e9dactionnels\u00a0\u00bb.<\/span><\/p>\n<p><span lang=\"FR-CH\">Dans ce domaine, un certain nombre de \u00ab\u00a0clients\u00a0\u00bb se sont taill\u00e9s la part du lion\u00a0: <\/span><\/p>\n<p><span lang=\"FR-CH\">&#8211;\u00a0\u00a0\u00a0\u00a0\u00a0\u00a0 Le \u00ab\u00a0J.A plus\u00a0\u00bb de Jeune Afrique, le gros \u2013 et bien veule \u2013 dossier de JA-Magazine\u00a0 avec un entretien \u00e9crit du pr\u00e9sident- candidat r\u00e9alis\u00e9 par Zyad Limam qui fut bien plus inspir\u00e9 dans sa premi\u00e8re jeunesse.<\/span><\/p>\n<p><span lang=\"FR-CH\">&#8211;\u00a0\u00a0\u00a0\u00a0\u00a0\u00a0 Le p\u00e9riodique (bi ou t rim estriel) Arabies, les cahiers de l\u2019orient de l\u2019ineffable Antoine Sfeir qui a, de surcroit, commis une tribune dans \u00ab\u00a0le Figaro\u00a0\u00bb intitul\u00e9e\u00a0: \u00ab\u00a0La Tunisie, rempart contre la d\u00e9ferlante int\u00e9griste dans la r\u00e9gion\u00a0\u00bb vilipend\u00e9e par les 4\/5 des internautes\u00a0 du figaro.fr\u00a0 qui l\u2019ont comment\u00e9e, <\/span><\/p>\n<p><span lang=\"FR-CH\">&#8211;\u00a0\u00a0\u00a0\u00a0\u00a0\u00a0 et l\u2019in\u00e9vitable \u00ab\u00a0Afrique Asie\u00a0\u00bb l\u00e9gu\u00e9 par Simon Malley \u00e0 une poign\u00e9e de pr\u00e9bendiers qui ont fait payer par l\u2019ATCE la campagne d\u2019affiches, \u00e0 Marseille, Lyon et Paris avec la \u00ab\u00a0Une\u00a0\u00bb du num\u00e9ro hors s\u00e9rie consacr\u00e9 au pr\u00e9sident Ben Ali et titr\u00e9e \u00ab\u00a0Tunisie, pourquoi \u00e7a marche\u00a0\u00bb, un num\u00e9ro quadrichromie, sonnant et tr\u00e9buchant qui fleure bon\u00a0 la litt\u00e9rature Nord Cor\u00e9enne.. et le tiroir Caisse\u00a0!<\/span><\/p>\n<p><span lang=\"FR-CH\">\u00a0<\/span><\/p>\n<p><b><span lang=\"FR-CH\">7- Pour s\u2019ar rim er davantage \u00e0 l\u2019Europe le lobbying diplomatique \u00e0 marche forc\u00e9es peut-il suffire \u00e0 lui seul\u00a0?<\/span><\/b><\/p>\n<p><span lang=\"FR-CH\">A en croire les propagandistes z\u00e9l\u00e9s de l\u2019Etat-Destour, \u00ab\u00a0l\u2019aigle de Carthage\u00a0\u00bb\u00a0m\u00e9tamorphos\u00e9 en \u00ab\u00a0dragon\u00a0m\u00e9diterran\u00e9en \u00bb\u00a0\u00a0 a \u00e9t\u00e9 r\u00e9fractaire \u00e0 la crise mondiale\u00a0!<\/span><\/p>\n<p><span lang=\"FR\">\u00a0<\/span><\/p>\n<p><span lang=\"FR-CH\">Cette th\u00e8se est pour le moins d\u00e9risoire. Certes, pour des raisons structurelles li\u00e9es \u00e0 la nature du syst\u00e8me bancaire et financier tunisien ( et paradoxalement \u00e0 sa fragilit\u00e9 due \u00e0 la part des \u00ab\u00a0cr\u00e9ances douteuses\u00a0\u00bb) ainsi qu\u2019\u00e0 la\u00a0 tutelle ombrageuse de la Banque Centrale , pour \u00e9viter les d\u00e9rapages sp\u00e9culatifs, la Tunisie a \u00e9vit\u00e9 de subir de plein fouet les effets de la crise financi\u00e8re inter national e.<\/span><\/p>\n<p><span lang=\"FR-CH\">Mais s\u2019agissant de la crise \u00e9conomique qui s\u2019en est suivie, la Tunisie n\u2019est pas \u00e9pargn\u00e9e.<\/span><\/p>\n<p><span lang=\"FR-CH\">Avec un taux de croissance affich\u00e9 d\u2019un peu moins de 3% (en de\u00e7\u00e0 des 5% affich\u00e9s ces derni\u00e8res ann\u00e9es),\u00a0 une chute de 30% des investissement s directs ext\u00e9rieurs (IDE), un taux de ch\u00f4mage plus proche de 20% que des 14%proclam\u00e9s, une pouss\u00e9e spectaculaire du ch\u00f4mage des jeunes dipl\u00f4m\u00e9s, un rythme \u00e0 pr\u00e9sent pr\u00e9occupant des destructions d\u2019emplois notamment dans le secteur du textile et des manufactures\u00a0; la crise mondiale a, \u00e0 l\u2019\u00e9vidence, os\u00e9 affecter le \u00ab\u00a0pays du jasmin\u00a0\u00bb et du BNB (Bonheur National Brut)\u00a0!<\/span><\/p>\n<p><span lang=\"FR\">\u00a0<\/span><\/p>\n<p><span lang=\"FR-CH\">Alors bien s\u00fbr- et malgr\u00e9 une corruption galopante (95 \u00e8me rang mondial de Transparency Inter national\u00a0 ( les pays les moins corrompus \u00e9tant class\u00e9 de 1 \u00e0 178)- il \u00a0\u00a0\u00a0 y a la r\u00e9colte c\u00e9r\u00e9ali\u00e8re record 2009, et l\u2019apport du tourisme\u00a0 (alg\u00e9rien notamment) qui quantitativement compense la grande braderie qui a affect\u00e9 en Tunisie ce secteur depuis cinq ans.<\/span><\/p>\n<p><span lang=\"FR\">\u00a0<\/span><\/p>\n<p><span lang=\"FR-CH\">La situation \u00e9conomique demeure, dans ces conditions, relativement \u00ab\u00a0g\u00e9rable\u00a0\u00bb compar\u00e9e \u00e0 celle de la majorit\u00e9 des pays du continent mais nous sommes loin de l\u2019Eden vant\u00e9 par les \u00ab\u00a0chouchous\u00a0\u00bb de l\u2019ATCE. D\u2019o\u00f9 l\u2019importance du renforcement des relations avec l\u2019Union Europ\u00e9enne\u00a0;deux tiers des exportations de la Tunisie \u00e9tant aujourd\u2019hui assur\u00e9s par quelques 2800 entreprises \u00ab\u00a0off-shore\u00a0\u00bb, europ\u00e9enne pour la plupart, alors que le volume des \u00e9changes avec l\u2019E.U a doubl\u00e9 (passant \u00e0 14,7 Milliards d\u2019Euros) en 10 ans.<\/span><\/p>\n<p><span lang=\"FR\">\u00a0<\/span><\/p>\n<p><span lang=\"FR-CH\">Ayant pass\u00e9 le cap des 3 \u00e9tapes de l\u2019accord d\u2019association et ayant b\u00e9n\u00e9fici\u00e9, \u00e0 cette fin, d\u2019une manne europ\u00e9enne consid\u00e9rable, le gouvernement tunisien s\u2019efforce d\u2019obtenir la concr\u00e9tisation du \u00ab\u00a0statut avanc\u00e9\u00a0\u00bb avec l\u2019U.E avec d\u2019autant plus d\u2019insistance que le Maroc l\u2019a obtenu il y a neuf mois\u00a0!<\/span><\/p>\n<p><span lang=\"FR\">\u00a0<\/span><\/p>\n<p><span lang=\"FR-CH\">Mais pour cela la dispendieuse diplomatie tunisienne et son \u00ab\u00a0lobbying\u00a0\u00bb coriace ne peut suffire \u00e0 elle seule.<\/span><\/p>\n<p><span lang=\"FR\">\u00a0<\/span><\/p>\n<p><span lang=\"FR-CH\">Jouant sur son statut \u00ab\u00a0d\u2019\u00e9l\u00e8ve appliqu\u00e9\u00a0\u00bb de l\u2019accord d\u2019association, ax\u00e9 sur la lib\u00e9ralisation progressive des \u00e9changes (de 1995 \u00e0 2007), et de la politique Europ\u00e9enne de Voisinage (PEV)\u00a0; la diplomatie tunisienne essaie dans le m\u00eame temps de profiter des blocages et des dysfonctionnements du partenariat, voulu par le pr\u00e9sident Sarkozy s\u2019appuyant au \u00ab\u00a0sud\u00a0\u00bb sur l\u2019Egypte, de l\u2019Union pour la M\u00e9diterran\u00e9e (UPM).<\/span><\/p>\n<p><span lang=\"FR\">\u00a0<\/span><\/p>\n<p><span lang=\"FR-CH\">Et pourtant, cela ne suffit pas. L\u2019examen du \u00ab\u00a0statut avanc\u00e9\u00a0\u00bb \u00e9ventuel a \u00e9t\u00e9 report\u00e9, \u00e0 la demande de la Tunisie, \u00e0 la pr\u00e9sidence Espagnole (01-01-2010) sans doute plus accommodante que l\u2019actuelle pr\u00e9sidence su\u00e9doise.<\/span><\/p>\n<p><span lang=\"FR\">\u00a0<\/span><\/p>\n<p><span lang=\"FR-CH\">Cet examen n\u00e9cessite, tout de m\u00eame, des gages en mati\u00e8re notamment d\u2019avanc\u00e9es d\u00e9mocratiques, et concernant l\u2019Etat de droit et la jus tic e, un \u00ab\u00a0terrain difficile, l\u00e0 o\u00f9 la souverainet\u00e9 peut \u00eatre en jeu\u00a0\u00bb estime un analyste (cf AFP le 22-10-2009).<\/span><\/p>\n<p><span lang=\"FR\">\u00a0<\/span><\/p>\n<p><span lang=\"FR-CH\">Selon des sources fiables \u00e0 Bruxelles ,l es discussions ont certes\u00a0 avanc\u00e9, mais \u00ab\u00a0aucun engagement \u00e9crit\u00a0 n\u2019a \u00e9t\u00e9 pris\u00a0\u00bb.La mauvaise tournure prise par la pr\u00e9campagne et surtout par la campagne \u00e9lectorale pourrait toutefois compromettre les acquis du \u00ab\u00a0lobbying\u00a0\u00bb de la diplomatie tunisienne\u00a0 des six derniers mois.<\/span><\/p>\n<p><span lang=\"FR\">\u00a0<\/span><\/p>\n<p><span lang=\"FR-CH\">A moins que le pouvoir se ressaisisse et qu\u2019il sache, enfin, raison garder.<\/span><\/p>\n<p><span lang=\"FR\">\u00a0<\/span><\/p>\n<p><span lang=\"FR-CH\">Mais n\u2019est-il pas d\u00e9j\u00e0 trop tard\u00a0?<\/span><\/p>\n<p><span lang=\"FR\">\u00a0<\/span><\/p>\n<p><b><span lang=\"FR-CH\">DERNIERE MINUTE\u00a0: SLIM BOUKHDHIR GRAVEMENT AGRESSE<\/span><\/b><\/p>\n<p><span lang=\"FR-CH\">Dans la nuit du mercredi 28 \u2013 10, le journaliste contestataire Slim Boukhdir a \u00e9t\u00e9 sauvagement agresse par un groupe de nervis arm\u00e9s de gourdins et de barres de fer alors qu\u2019il s\u2019appr\u00eatait \u00e0 p\u00e9n\u00e9trer dans son domicile dans un quartier populaire dans la grande banlieue de Tunis.<\/span><\/p>\n<p><span lang=\"FR-CH\">Secouru au bout d\u2019un moment par des voisins alert\u00e9s par ses cris,\u00a0 Slim Boukhdhir souffre de multiples contusions, d\u2019une fracture du nez, de deux plaies ouvertes au front et aucrane ainsi que de la f\u00ealure de plusieurs c\u00f4tes.<\/span><\/p>\n<p><span lang=\"FR-CH\">Journaliste contestataire, il est correspondant de deux journaux et d\u2019un site arabes. Proche du CPR, il a fait l\u2019objet au cours des quatre derni\u00e8res ann\u00e9es de trois agressions et d\u2019une condamnation injuste de quinze mois de prison ferme en raison de ses engagements politiques et associatifs. IL est par ailleurs membre fondateur du premier syndicat des journalistes non reconnu et qui a rejoint apres son congres constitutif le syndicat national (unifi\u00e9) des journalistes. Le bureau du SNJ a subi, il y a deux mois, un putsh t\u00e9l\u00e9guid\u00e9 par le pouvoir et Slim Boukhdhir compte parmi les \u00e9l\u00e9ments actifs de la r\u00e9sistance organis\u00e9 pour rfuser ce putsh et sutenir la direction l\u00e9gitime du SNJ.<\/span><\/p>\n<p><span lang=\"FR-CH\">Le CRLDHT d\u00e9nonce la l\u00e2che agression des barbouzes du RCD et de la police perp\u00e9tr\u00e9e contre Slim Boukhdhir \u00e0 qui il exp rim e sa solidarit\u00e9. <\/span><\/p>\n<div><span lang=\"FR-CH\"><\/p>\n<hr align=\"left\" size=\"2\" width=\"100%\"\/><\/span><\/div>\n<p><span>\u00a0<\/span><\/p>\n<p align=\"center\"><span lang=\"FR\"> Libert\u00e9 pour Sadok Chourou, le prisonnier des deux d\u00e9cennies Libert\u00e9 pour tous les prisonniers politiques <\/span><strong><span lang=\"FR\">Libert\u00e9 et Equit\u00e9<\/span><\/strong><span lang=\"FR\"> Organisation de droits de l\u2019homme ind\u00e9pendante 33 rue Mokhtar Atya, 1001, Tunis Tel.Fax :\u00a0 71 340 860 Adresse \u00e9lectronique : liberte.equite@gmail.com Tunis, le 30 octobre 2009 <\/span><strong><span lang=\"FR\">Nouvelles des libert\u00e9s en Tunisie<\/span><\/strong><\/p>\n<p><span lang=\"FR\"> <strong><span>1) Encerclement du domicile du journaliste et militant des droits de l\u2019homme, Lotfi Hidouri<\/span><\/strong> Le domicile de Lotfi Hidouri, journaliste et militant des droits de l\u2019homme, est encercl\u00e9 pour le deuxi\u00e8me jour d\u2019affil\u00e9e par des agents de la police politique. Ils l\u2019ont contact\u00e9 d\u2019un t\u00e9l\u00e9phone public pour lui demander de sortir de chez lui, peut-\u00eatre pour l\u2019arr\u00eater. [\u2026] <strong><span>3) Arrestation de Fethi Changoul<\/span><\/strong><b> <\/b>Des agents de la police politique ont arr\u00eat\u00e9 mardi 27 octobre 2009 l\u2019ex prisonnier politique Fethi Changoul,\u00e2g\u00e9 de 40 ans, originaire de la ville de Jemmal dans le gouvernorat de Monastir et l\u2019ont conduit dans un lieu inconnu. Sa famille ne conna\u00eet ni le lieu ni la raison de sa d\u00e9tention. Monsieur Fethi Changoul avait \u00e9t\u00e9 emprisonn\u00e9 en 1987, dans le cadre de l\u2019affaire du Mouvement de la Tendance islamique et il avait \u00e9t\u00e9 condamn\u00e9 \u00e0 huit mois d\u2019emprisonnement. Au d\u00e9but de l\u2019ann\u00e9e 2007, il avait \u00e9t\u00e9 interpell\u00e9, son ordinateur avait \u00e9t\u00e9 saisi, puis il avait \u00e9t\u00e9 rel\u00e2ch\u00e9 et son ordinateur lui avait \u00e9t\u00e9 restitu\u00e9. [\u2026] Pour le bureau ex\u00e9cutif de l\u2019Organisation Le Pr\u00e9sident <\/span><strong><span lang=\"FR\">Ma\u00eetre Mohammed Nouri<\/span><\/strong><span lang=\"FR\"> <\/span><span lang=\"FR\">(traduction d\u2019extraits ni revue, ni corrig\u00e9e par les auteurs de la version en arabe, LT)<\/span><\/p>\n<div><span><\/p>\n<hr align=\"left\" size=\"2\" width=\"100%\"\/><\/span><\/div>\n<p><span lang=\"FR\">\u00a0<\/span><\/p>\n<p align=\"center\"><strong><span lang=\"FR\">Ma\u00eetre Faouzi Ben Jaballah se voit interdire de rendre visite \u00e0 Zouha\u00efer Makhlouf, notre correspondant<\/span><\/strong><\/p>\n<p><span lang=\"FR\"> <strong><span>Assabilonline, Tunis, urgent<\/span><\/strong> L\u2019administration de la prison de Mornaguia a interdit aujourd\u2019hui vendredi 21 octobre \u00e0 Ma\u00eetre Faouzi Ben Jaballah de rendre visite \u00e0 notre correspondant en Tunisie, Zouha\u00efer Makhlouf, militant des droits de l\u2019homme, en gr\u00e8ve de la faim depuis le 21 octobre 2009 alors qu\u2019il \u00e9tait en possession d\u2019un permis de visite d\u00e9livr\u00e9 par le Tribunal. [\u2026] En collaboration avec Seyyid Mabrouk, militant des droits de l\u2018homme, Tunis <\/span><span lang=\"FR\">(traduction d\u2019extraits ni revue ni corrig\u00e9e par les auteurs de la version en arabe, LT)<\/span><\/p>\n<div><span><\/p>\n<hr align=\"left\" size=\"2\" width=\"100%\"\/><\/span><\/div>\n<p><span lang=\"FR\">\u00a0<\/span><\/p>\n<p align=\"center\"><span lang=\"FR-CH\">Lettre ouverte \u00e0 Bernard Kouchner, Ministre des Affaires \u00e9trang\u00e8res Et Fr\u00e9d\u00e9ric Mitterrand, Ministre de la Culture<\/span><\/p>\n<h2 style=\"color: red;\"><span lang=\"FR-CH\">Bruxelles, le 29 octobre 2009<\/span><\/h2>\n<h2 style=\"color: red;\"><span lang=\"FR-CH\">Monsieur le Ministre des Affaires \u00e9trang\u00e8res,<\/span><\/h2>\n<h2 style=\"color: red;\"><span lang=\"FR-CH\">Monsieur le Ministre de la Culture,<\/span><\/h2>\n<p><span lang=\"FR-CH\">Nous pouvons comprendre, ou ne pas comprendre, que vous ayez r\u00e9agi avec une extr\u00eame rapidit\u00e9 et que vous vous soyez indign\u00e9s \u00e0 l&rsquo;arrestation de Roman Polanski il y a quelques semaines. En revanche, nous ne comprenons pas votre absence de r\u00e9action et votre indiff\u00e9rence face aux \u00e9v\u00e9nements r\u00e9cents intervenus en Tunisie:<\/span><\/p>\n<h2 style=\"color: red;\"><span lang=\"FR-CH\">Enl\u00e8vements de Slim Boukhdhir, correspondant de Al-arabya, Mohamed Soudani, \u00e9tudiant syndicaliste,<\/span><\/h2>\n<p><span lang=\"FR-CH\">Harc\u00e8lement et actes de violence \u00e0 l&rsquo;encontre de Sihem Bensedrine, r\u00e9dactrice en chef de Kalima, Radhia Nasraoui, avocate et Pr\u00e9sidente de l&rsquo;Association Tunisienne de Lutte contre la Torture,<\/span><\/p>\n<p><span lang=\"FR-CH\">D\u00e9tentions arbitraires de 38 manifestants du bassin minier de Gafsa, de Zouhair Maklouf, journaliste et reporter et enfin de Taoufik Ben Brik, journaliste et \u00e9crivain,<\/span><\/p>\n<h2 style=\"color: red;\"><span lang=\"FR-CH\">Interdiction d&rsquo;entr\u00e9e sur territoire tunisien de Florence Beaug\u00e9, journaliste au Monde.<\/span><\/h2>\n<p><span lang=\"FR-CH\">Il est vrai, qu&rsquo;il est plus facile de s&#8217;empresser de saluer le score d\u00e9mocratique obtenu par le Pr\u00e9sident tunisien Ben Ali ce dimanche avec 89,62%, que de d\u00e9fendre l&rsquo;exercice de la libert\u00e9 d&rsquo;expression et d&rsquo;opinion au sein d&rsquo;un pays avec lequel, la France se targue d&rsquo;entretenir des relations d&rsquo;amiti\u00e9 bas\u00e9es sur des principes et des valeurs qui nous unissent.<\/span><\/p>\n<p><span lang=\"FR-CH\">Il est plus que temps que la France, au nom de sa relation privil\u00e9gi\u00e9e avec la Tunisie, cesse d&#8217;emp\u00eacher l&rsquo;Union europ\u00e9enne d&rsquo;avoir une politique ambitieuse en termes de promotion des droits de l&rsquo;Homme et de d\u00e9mocratie. Puisque vous l&rsquo;ignorez encore, force est de vous rappeler que la d\u00e9fense des droits de l&rsquo;Homme constitue un principe fondateur devant inspirer la politique \u00e9trang\u00e8re de la France et de l&rsquo;Union europ\u00e9enne. Vendre des centrales nucl\u00e9aires tout en fermant les yeux sur ces violations est une attitude indigne.<\/span><\/p>\n<p><span lang=\"FR-CH\">Nous, parlementaires europ\u00e9ens, vous demandons d&rsquo;intervenir avec le m\u00eame z\u00e8le que dans l&rsquo;affaire Polanski pour les affaires Boukhdhir, Soudani, Bensedrine, Nasraoui, Maklouf, Ben Brik et les 38 manifestants du bassin minier de Gafsa.<\/span><\/p>\n<h3 style=\"color: blue;\"><span lang=\"FR-CH\">Cordialement,<\/span><\/h3>\n<h3 style=\"color: blue;\"><span lang=\"FR-CH\">Dany Cohn-Bendit<\/span><\/h3>\n<h3 style=\"color: blue;\"><span lang=\"FR-CH\">Pr\u00e9sident du groupe des Verts\/ALE<\/span><\/h3>\n<h3 style=\"color: blue;\"><span lang=\"FR-CH\">H\u00e9l\u00e8ne Flautre<\/span><\/h3>\n<h3 style=\"color: blue;\"><span lang=\"FR-CH\">Pr\u00e9sidente de la d\u00e9l\u00e9gation UE-Turquie<\/span><\/h3>\n<h3 style=\"color: blue;\"><span lang=\"FR-CH\">Eva Joly<\/span><\/h3>\n<h3 style=\"color: blue;\"><span lang=\"FR-CH\">Pr\u00e9sidente de la commission d\u00e9veloppement<\/span><\/h3>\n<h3 style=\"color: blue;\"><span lang=\"FR-CH\">Jos\u00e9 Bov\u00e9<\/span><\/h3>\n<h3 style=\"color: blue;\"><span lang=\"FR-CH\">Vice-Pr\u00e9sident de la commission agriculture et d\u00e9veloppement rural<\/span><\/h3>\n<h3 style=\"color: blue;\"><span lang=\"FR-CH\">(Source\u00a0: \u00ab\u00a0Al Badil\u00a0info\u00bb, le 30 octobre 2009)<\/span><\/h3>\n<p><span lang=\"FR\">\u00a0<\/span><\/p>\n<div><span><\/p>\n<hr align=\"left\" size=\"2\" width=\"100%\"\/><\/span><\/div>\n<p><span lang=\"FR\">\u00a0\u00a0<\/span><\/p>\n<p align=\"center\"><b><span lang=\"FR-CH\">Tunisie: mandat de d\u00e9p\u00f4t contre le journaliste Taoufik ben Brik<\/span><\/b><\/p>\n<p><i><u><span lang=\"FR-CH\">Associated Press, le 29 octobre 2009 \u00e0 14h37<\/span><\/u><\/i><\/p>\n<p><span lang=\"FR-CH\">\u00a0TUNIS (AP) &#8212; Le journaliste dissident tunisien Taoufik ben Brik a \u00e9t\u00e9 plac\u00e9 sous mandat de d\u00e9p\u00f4t \u00e0 la suite d&rsquo;une plainte d\u00e9pos\u00e9e par une femme qui l&rsquo;accuse de \u00ab\u00a0violences et insultes\u00a0\u00bb et d&rsquo;avoir endommag\u00e9 sa voiture, a-t-on appris vendredi de source judiciaire.Il doit \u00eatre jug\u00e9 le 19 novembre prochain par la chambre correctionnelle de Tunis.<\/span><\/p>\n<p><span lang=\"FR-CH\">Selon un communiqu\u00e9 transmis par les autorit\u00e9s \u00e0 l&rsquo;Associated Press, le journaliste, qui a \u00e9t\u00e9 d\u00e9f\u00e9r\u00e9 jeudi devant le procureur de la R\u00e9publique, aurait reconnu avoir \u00ab\u00a0agress\u00e9 et insult\u00e9 la victime\u00a0\u00bb. Cette derni\u00e8re a produit les t\u00e9moignages de deux personnes pr\u00e9sentes lors des faits ainsi qu&rsquo;un certificat m\u00e9dical lui prescrivant un repos de 15 jours et des photographies des d\u00e9g\u00e2ts occasionn\u00e9s \u00e0 sa voiture, ajoute le communiqu\u00e9. Le journaliste avait confi\u00e9 \u00e0 ses avocats avoir \u00e9t\u00e9 \u00ab\u00a0victime d&rsquo;une provocation\u00a0\u00bb, alors qu&rsquo;\u00e0 Paris Reporters sans fronti\u00e8res (RSF) d\u00e9non\u00e7ait \u00ab\u00a0une affaire mont\u00e9e de toutes pi\u00e8ces par les autorit\u00e9s pour inqui\u00e9ter le journaliste connu pour ses articles critiques \u00e0 l&rsquo;\u00e9gard du pr\u00e9sident Zine el Abidine ben Ali\u00a0\u00bb. Me N\u00e9jib Chebbi n&rsquo;\u00e9carte pas l&rsquo;hypoth\u00e8se que \u00ab\u00a0des mobiles politiques\u00a0\u00bb sous-tendent l&rsquo;arrestation de son client, qui intervient \u00e0 la suite de la publication par le journaliste d&rsquo;une s\u00e9rie d&rsquo;articles virulents dans la presse fran\u00e7aise. Reporters sans fronti\u00e8res (RSF) affirme dans un communiqu\u00e9 re\u00e7u \u00e0 Paris vendredi que Taoufik ben Brik a \u00e9t\u00e9 transf\u00e9r\u00e9 \u00e0 la prison de Mornaguia, situ\u00e9e \u00e0 20km au nord de Tunis. Il risquerait jusqu&rsquo;\u00e0 18 mois de prison ferme. Seule sa famille, pas ses avocats, serait autoris\u00e9e \u00e0 lui rendre visite. Par ailleurs, les autorit\u00e9s ont r\u00e9fut\u00e9 vendredi l&rsquo;agression dont un autre journaliste dissident, Slim Boukhdhir, aurait \u00e9t\u00e9 victime. Jeudi, plusieurs organisations dont RSF, l&rsquo;Observatoire pour la protection des d\u00e9fenseurs des droits de l&rsquo;Homme et le R\u00e9seau euro-m\u00e9diterran\u00e9en des droits de l&rsquo;Homme, ont affirm\u00e9 que le journaliste avait \u00e9t\u00e9 enlev\u00e9 devant chez lui par cinq hommes en civil et pass\u00e9 \u00e0 tabac. \u00ab\u00a0Rien ne prouve les all\u00e9gations faites par M. Boukhdhir, d&rsquo;autant plus que ce dernier n&rsquo;a d\u00e9pos\u00e9 aucune plainte\u00a0\u00bb, r\u00e9torquent les autorit\u00e9s dans le communiqu\u00e9. AP<\/span><\/p>\n<div><span><\/p>\n<hr align=\"left\" size=\"2\" width=\"100%\"\/><\/span><\/div>\n<p align=\"center\"><b><span lang=\"FR-CH\">Tunisie: le journaliste dissident Ben Brik en garde \u00e0 vue (avocat)<\/span><\/b><\/p>\n<p><span lang=\"FR\">\u00a0<\/span><span lang=\"FR-CH\">AFP, le 29 octobre 2009 \u00e0 <\/span><span dir=\"RTL\" lang=\"AR-SA\">21<\/span><span lang=\"FR-CH\">h<\/span><span dir=\"RTL\" lang=\"AR-SA\">34<\/span><\/p>\n<p><span lang=\"FR-CH\">TUNIS, 29 oct 2009 (AFP) &#8211; e journaliste dissident Taoufik Ben Brik a \u00e9t\u00e9 arr\u00eat\u00e9 et maintenu en garde jusqu&rsquo;\u00e0 sa comparution vendredi devant le procureur de la r\u00e9publique, a confirm\u00e9 jeudi un des ses avocats Ahmed N\u00e9jib Chebbi. <\/span><\/p>\n<p><span lang=\"FR-CH\"> L&rsquo;arrestation de Taoufik Ben Brik a \u00e9t\u00e9 annonc\u00e9e par Reporters Sans Fronti\u00e8res (RSF) et les Verts \u00e0 Paris, dont un communiqu\u00e9 affirmait qu'\u00a0\u00bbil s&rsquo;agit d&rsquo;une manipulation\u00a0\u00bb du r\u00e9gime tunisien \u00e0 l&rsquo;\u00e9gard duquel le journaliste s&rsquo;est montr\u00e9 critique.<\/span><\/p>\n<p><span lang=\"FR-CH\">Aucune indication n&rsquo;a pu \u00eatre obtenue de source gouvernementale jeudi soir sur les motifs de l&rsquo;arrestation du journaliste, connu pour ses attaques virulentes contre le pouvoir. Me Chebbi est convaincu que \u00ab\u00a0la seule explication se trouve dans la s\u00e9rie d&rsquo;articles publi\u00e9s r\u00e9cemment par le journaliste dans la presse fran\u00e7aise\u00a0\u00bb. Accompagn\u00e9 d&rsquo;une vingtaine d&rsquo;avocats et amis, Taoufik Ben Brik s&rsquo;\u00e9tait rendu de lui-m\u00eame au poste de police jeudi, r\u00e9pondant \u00e0 une convocation au sujet d&rsquo;un incident de la circulation, a racont\u00e9 son avocat, \u00e9voquant \u00ab\u00a0vraisemblablement une provocation\u00a0\u00bb. Dans sa voiture en stationnement, Taoufik Ben Brik a \u00e9t\u00e9 percut\u00e9 par un v\u00e9hicule conduit par une femme, qui a ensuite port\u00e9 plainte. \u00ab\u00a0C&rsquo;\u00e9tait le point de d\u00e9part d&rsquo;une affaire, mais en tout \u00e9tat de cause elle ne justifie pas son maintien en garde \u00e0 vue\u00a0\u00bb, a ajout\u00e9 l&rsquo;avocat. Me Chebbi s&rsquo;est \u00e9galement inqui\u00e9t\u00e9 du sort d&rsquo;un activiste correspondant d&rsquo;un journal en ligne en gr\u00e8ve de la faim depuis son arrestation le 20 octobre. Zouha\u00efer Makhlouf compara\u00eetra le 3 novembre pour usurpation du titre de journaliste apr\u00e8s avoir tourn\u00e9 un reportage dans une zone industrielle \u00e0 Nabeul (nord-est), a indiqu\u00e9 l&rsquo;avocat.<\/span><\/p>\n<div><span><\/p>\n<hr align=\"left\" size=\"2\" width=\"100%\"\/><\/span><\/div>\n<p><span lang=\"FR\">\u00a0<\/span><\/p>\n<p><span lang=\"FR\">\u00a0<\/span><\/p>\n<p align=\"center\"><b><span lang=\"FR-CH\">Tunisie: arrestation du journaliste dissident Taoufik Ben Brik<\/span><\/b><\/p>\n<p><span lang=\"FR\">\u00a0<\/span><i><u><span lang=\"FR-CH\">Associated Press, le 29 octobre 2009 \u00e0 <\/span><span dir=\"RTL\" lang=\"AR-SA\">22<\/span><span lang=\"FR-CH\">h<\/span><span dir=\"RTL\" lang=\"AR-SA\">00<\/span><\/u><\/i><\/p>\n<p><span lang=\"FR-CH\">TUNIS (AP) &#8212; <\/span><\/p>\n<p><span lang=\"FR-CH\">TUNIS &#8211; Le journaliste tunisien Taoufik Ben Brik connu pour ses critiques \u00e0 l&rsquo;endroit du pouvoir, a \u00e9t\u00e9 arr\u00eat\u00e9 jeudi par la police, a-t-on appris aupr\u00e8s de l&rsquo;un de ses avocats, Me N\u00e9jib Chebbi. Joint par t\u00e9l\u00e9phone par l&rsquo;Associated Press, l&rsquo;avocat a pr\u00e9cis\u00e9 que le journaliste qui s&rsquo;\u00e9tait rendu lui-m\u00eame au poste de police \u00e0 la suite d&rsquo;une convocation adress\u00e9e \u00e0 sa femme, avait \u00e9t\u00e9 maintenu en garde \u00e0 vue jusqu&rsquo;\u00e0 sa comparution, vendredi, devant le procureur de la R\u00e9publique. Les autorit\u00e9s n&rsquo;ont pas r\u00e9agi \u00e0 cette mesure. Cette convocation faisait suite \u00e0 un incident au cours duquel Taoufik Ben Brik \u00ab\u00a0semble avoir \u00e9t\u00e9 victime d&rsquo;une provocation\u00a0\u00bb.  Le journaliste a confi\u00e9 \u00e0 ses avocats qu&rsquo;au moment o\u00f9 il se trouvait dans sa voiture en stationnement avec sa fille, un autre v\u00e9hicule avait percut\u00e9 sa voiture par l&rsquo;arri\u00e8re. La femme qui \u00e9tait au volant l&rsquo;aurait accus\u00e9 d&rsquo;avoir endommag\u00e9 son v\u00e9hicule et se serait mise \u00e0 l&rsquo;insulter. L&rsquo;\u00e9pouse de Taoufik Ben Brik a \u00e9t\u00e9 convoqu\u00e9e car la voiture est en son nom. Me Chebbi a qualifi\u00e9 d'\u00a0\u00bbinjustifi\u00e9e\u00a0\u00bb la mesure \u00ab\u00a0exceptionnelle\u00a0\u00bb de garde \u00e0 vue. \u00ab\u00a0Rien dans les faits qui lui sont all\u00e9gu\u00e9s ne laissait pr\u00e9voir une telle mesure, surtout que les faits ne sont pas encore prouv\u00e9s et qu&rsquo;ils ne rev\u00eatent aucune gravit\u00e9\u00a0\u00bb, a-t-il d\u00e9clar\u00e9. L&rsquo;avocat n&rsquo;\u00e9carte pas l&rsquo;hypoth\u00e8se que \u00ab\u00a0des mobiles politiques\u00a0\u00bb sous-tendent cette arrestation qui intervient \u00e0 la suite d&rsquo;une s\u00e9rie d&rsquo;articles virulents publi\u00e9s par le journaliste dans la presse fran\u00e7aise.  Dans un communiqu\u00e9, l&rsquo;organisation \u00ab\u00a0Reporters sans fronti\u00e8res\u00a0\u00bb (RSF) a d\u00e9nonc\u00e9 l&rsquo;arrestation de Taoufik Ben Brik qui, selon elle, a \u00e9t\u00e9 impliqu\u00e9 dans \u00ab\u00a0une affaire mont\u00e9e de toutes pi\u00e8ces par les autorit\u00e9s pour inqui\u00e9ter le journaliste\u00a0\u00bb.  RSF fait par ailleurs \u00e9tat de \u00ab\u00a0l&rsquo;agression\u00a0\u00bb d&rsquo;un autre journaliste Slim Boukhdhir \u00ab\u00a0par cinq hommes en civil dans le quartier du Bardo \u00e0 Tunis, alors qu&rsquo;il descendait de taxi pour rentrer \u00e0 son domicile\u00a0\u00bb. Une agression qu&rsquo;ont \u00e9galement rapport\u00e9e l&rsquo;Observatoire pour la protection des d\u00e9fenseurs des droits de l&rsquo;Homme et le R\u00e9seau eurom\u00e9diterran\u00e9en des droits de l&rsquo;Homme, en exprimant leur \u00ab\u00a0plus vive inqui\u00e9tude\u00a0\u00bb suite \u00e0 ces \u00ab\u00a0actes de harc\u00e8lement\u00a0\u00bb.  Dans un communiqu\u00e9, ils ont d\u00e9clar\u00e9 que le journaliste et membre fondateur de l&rsquo;association \u00ab\u00a0Libert\u00e9 et Equit\u00e9\u00a0\u00bb avait \u00e9t\u00e9 victime mercredi d&rsquo;un enl\u00e8vement devant chez lui par des inconnus en civil qui l&rsquo;ont conduit sur les hauteurs de Tunis et l&rsquo;ont pass\u00e9 \u00e0 tabac. Selon eux, Slim Boukhdir a \u00e9t\u00e9 laiss\u00e9 sur les lieux, souffrant d&rsquo;une fracture du nez et de plusieurs h\u00e9matomes. \u00ab\u00a0L&rsquo;arrestation de Taoufik Ben Brik et l&rsquo;agression de Slim Boukhdhir constituent des violations inacceptables de la libert\u00e9 d&rsquo;expression\u00a0\u00bb, a estim\u00e9 Reporters sans Fronti\u00e8res, appelant la communaut\u00e9 internationale \u00e0 \u00ab\u00a0r\u00e9agir face \u00e0 ces agissements dignes d&rsquo;un r\u00e9gime mafieux, au lendemain de la r\u00e9\u00e9lection de Zine el-Abidine Ben Ali\u00a0\u00bb \u00e0 la t\u00eate du pays. <\/span><\/p>\n<div><span lang=\"FR-CH\"><\/p>\n<hr align=\"left\" size=\"2\" width=\"100%\"\/><\/span><\/div>\n<p><span lang=\"FR-CH\">\u00a0<\/span><\/p>\n<p align=\"center\"><b><span lang=\"FR-CH\">Journaliste tunisien incarc\u00e9r\u00e9: concertation europ\u00e9enne, selon Paris<\/span><\/b><\/p>\n<p><i><u><span lang=\"FR-CH\">AFP, le 30 octobre 2009 \u00e0 15h47<\/span><\/u><\/i><\/p>\n<p><span lang=\"FR-CH\">PARIS, 30 oct 2009 (AFP) -es capitales europ\u00e9ennes discutaient vendredi de la situation d&rsquo;un journaliste tunisien critique du r\u00e9gime, Taoufik Ben Brick, inculp\u00e9 et plac\u00e9 sous mandat de d\u00e9p\u00f4t pour \u00eatre jug\u00e9 le 19 novembre dans une affaire d&rsquo;agression, selon le minist\u00e8re des Affaires \u00e9trang\u00e8res.  \u00ab\u00a0Les capitales europ\u00e9ennes se concertent actuellement \u00e0 ce sujet\u00a0\u00bb et \u00ab\u00a0nous suivons la situation de M. Ben Brick avec la plus grande attention\u00a0\u00bb, a d\u00e9clar\u00e9 le porte-parole du Quai d&rsquo;Orsay, Bernard Valero, interrog\u00e9 sur ce journaliste tunisien.<\/span><\/p>\n<p><span lang=\"FR-CH\">\u00ab\u00a0La France soutient la libert\u00e9 de la presse partout dans le monde\u00a0\u00bb, a-t-il rappel\u00e9. Selon une source judiciaire tunisienne, Taoufik Zoghlami Ben Brick a \u00e9t\u00e9 pr\u00e9sent\u00e9 jeudi au parquet \u00e0 la suite d&rsquo;une \u00ab\u00a0plainte pour agression, atteintes aux bonnes moeurs et d\u00e9gradation de biens, d\u00e9pos\u00e9e par une femme avec laquelle il a eu une altercation\u00a0\u00bb. L&rsquo;arrestation jeudi de Taoufik Ben Brick avait \u00e9t\u00e9 annonc\u00e9e par Reporters sans Fronti\u00e8res (RSF) et les Verts \u00e0 Paris, dont un communiqu\u00e9 affirmait qu'\u00a0\u00bbil s&rsquo;agit d&rsquo;une manipulation\u00a0\u00bb du r\u00e9gime tunisien \u00e0 l&rsquo;\u00e9gard duquel le journaliste s&rsquo;est montr\u00e9 critique. Selon son avocat, Me Nejib Chebbi, \u00ab\u00a0la seule explication (\u00e0 cette affaire) se trouve dans la s\u00e9rie d&rsquo;articles publi\u00e9s r\u00e9cemment par le journaliste dans la presse fran\u00e7aise\u00a0\u00bb. Taoufik Ben Brick, qui risque jusqu&rsquo;\u00e0 5 ans de prison, a \u00e9t\u00e9 \u00e9crou\u00e9 \u00e0 la prison de Mornaguia (30 km de Tunis) apr\u00e8s avoir \u00e9t\u00e9 pr\u00e9sent\u00e9 au parquet jeudi soir, en l&rsquo;absence de ses avocats et de sa famille, selon Me Chebbi.<\/span><\/p>\n<p><span lang=\"FR-CH\">\u00a0<\/span><\/p>\n<div><span><\/p>\n<hr align=\"left\" size=\"2\" width=\"100%\"\/><\/span><\/div>\n<p><span lang=\"FR\">\u00a0<\/span><\/p>\n<p align=\"center\"><b><span lang=\"FR-CH\">Tunisie: le journaliste Ben Brick inculp\u00e9 et \u00e9crou\u00e9 (officiel)<\/span><\/b><\/p>\n<p><i><u><span lang=\"FR-CH\">AFP, le 30 octobre 2009 \u00e0 15h46<\/span><\/u><\/i><\/p>\n<p><span lang=\"FR-CH\">\u00a0\u00a0\u00a0 TUNIS, 30 oct 2009 (AFP) &#8211; e journaliste tunisien Taoufik Ben Brick a \u00e9t\u00e9 inculp\u00e9 et plac\u00e9 sous mandat de d\u00e9p\u00f4t pour \u00eatre jug\u00e9 le 19 novembre, a-t-on appris vendredi de sources judicaires. <\/span><\/p>\n<p><span lang=\"FR-CH\"> M. Taoukif Zoghlami Ben Brick a \u00e9t\u00e9 pr\u00e9sent\u00e9 jeudi au parquet \u00e0 la suite d&rsquo;une \u00ab\u00a0plainte pour agression, atteintes aux bonnes moeurs et d\u00e9gradation de biens, d\u00e9pos\u00e9e par une femme avec laquelle il a eu une altercation\u00a0\u00bb, a-t-on indiqu\u00e9 de source judiciaire officielle.<\/span><\/p>\n<p><span lang=\"FR-CH\">Selon la m\u00eame source, le journaliste \u00ab\u00a0a attrap\u00e9 cette femme par les cheveux, l&rsquo;a rou\u00e9e de coups en prof\u00e9rant \u00e0 son \u00e9gard des propos portant atteinte aux bonnes moeurs et blasph\u00e8mes\u00a0\u00bb. \u00ab\u00a0Alors que celle-ci protestait contre le fait qu&rsquo;il ait percut\u00e9 le r\u00e9troviseur de sa voiture, l&rsquo;accus\u00e9 a fait marche arri\u00e8re heurtant d\u00e9lib\u00e9r\u00e9ment la voiture de la plaignante, lui causant des d\u00e9g\u00e2ts importants\u00a0\u00bb, a-t-on ajout\u00e9 de m\u00eame source. La plaignante, non identifi\u00e9e, \u00ab\u00a0a cit\u00e9 deux t\u00e9moins et produit un certificat m\u00e9dical prescrivant un repos de 15 jours, ainsi que des photos sur les d\u00e9g\u00e2ts occasionn\u00e9s \u00e0 sa voiture\u00a0\u00bb, a poursuivi la m\u00eame source. Selon la m\u00eame source, le pr\u00e9venu \u00ab\u00a0a reconnu les faits qui lui sont reproch\u00e9s et sera traduit devant le tribunal correctionnel\u00a0\u00bb, l&rsquo;audience \u00e9tant fix\u00e9e au 19 novembre. L&rsquo;arrestation jeudi de Taoufik Ben Brick avait \u00e9t\u00e9 annonc\u00e9e par Reporters Sans Fronti\u00e8res (RSF) et les Verts \u00e0 Paris, dont un communiqu\u00e9 affirmait qu'\u00a0\u00bbil s&rsquo;agit d&rsquo;une manipulation\u00a0\u00bb du r\u00e9gime tunisien \u00e0 l&rsquo;\u00e9gard duquel le journaliste s&rsquo;est montr\u00e9 critique. Son avocat Me Nejib Chebbi s&rsquo;est dit convaincu que \u00ab\u00a0la seule explication se trouve dans la s\u00e9rie d&rsquo;articles publi\u00e9s r\u00e9cemment par le journaliste dans la presse fran\u00e7aise\u00a0\u00bb. Cet avocat a pr\u00e9cis\u00e9 \u00e0 l&rsquo;AFP que son client, un virulent critique du r\u00e9gime, avait \u00e9t\u00e9 inculp\u00e9 pour \u00ab\u00a0dommages \u00e0 la propri\u00e9t\u00e9 d&rsquo;autrui, coups et blessures, atteinte aux bonnes moeurs et diffamation\u00a0\u00bb, des d\u00e9lits passibles jusqu&rsquo;a cinq ans de prison selon le code p\u00e9nal tunisien. Taoufik Ben Brick, qui a \u00e9t\u00e9 \u00e9crou\u00e9 \u00e0 la prison de Mornaguia (30 km de Tunis) avait \u00e9t\u00e9 pr\u00e9sent\u00e9 au parquet jeudi soir, en l&rsquo;absence de ses avocats et de sa famille, a affirm\u00e9 Me Chebbi. \u00a0<\/span><\/p>\n<div><span><\/p>\n<hr align=\"left\" size=\"2\" width=\"100%\"\/><\/span><\/div>\n<p align=\"center\"><b><span lang=\"FR-CH\">Tunisie: les autorit\u00e9s d\u00e9mentent une agression contre un opposant<\/span><\/b><\/p>\n<p><span lang=\"FR-CH\">\u00a0\u00a0\u00a0AFP, le 30 octobre 2009 \u00e0 16h04<\/span><\/p>\n<p><span lang=\"FR-CH\">\u00a0\u00a0\u00a0 TUNIS, 30 oct 2009 (AFP) &#8211; es autorit\u00e9s tunisiennes ont d\u00e9menti vendredi une agression contre le journaliste opposant Slim Boukhdhir, d\u00e9nonc\u00e9e jeudi \u00e0 Vienne par l&rsquo;Institut international de presse (IPI).  \u00ab\u00a0Rien ne prouve les all\u00e9gations faites par M. Boukhdhir, d&rsquo;autant que ce dernier n&rsquo;a d\u00e9pos\u00e9 aucune plainte\u00a0\u00bb, ont-elles indiqu\u00e9 dans un communiqu\u00e9 officiel.<\/span><\/p>\n<p><span lang=\"FR-CH\">Selon l&rsquo;IPI, Slim Boukhdhir, un opposant condamn\u00e9 \u00e0 un an de prison en 2007 pour injure \u00e0 un fonctionnaire public, a \u00e9t\u00e9 kidnapp\u00e9 mercredi soir par quatre hommes, selon lui des policiers en civil, sur le chemin de son domicile et battu dans un parc de la capitale tunisienne. Avant l&rsquo;incident, il avait donn\u00e9 une interview \u00e0 la radio-t\u00e9l\u00e9vision britannique BBC sur la r\u00e9\u00e9lection du pr\u00e9sident Zine El Abidine Ben Ali, o\u00f9 il avait aussi \u00e9voqu\u00e9 les campagnes d&rsquo;intimidation du pouvoir contre les journalistes, affirmait l&rsquo;IPI. \u00ab\u00a0L&rsquo;IPI est choqu\u00e9e par l&rsquo;attaque brutale contre Slim Boukhdhir qui a \u00e9t\u00e9 vis\u00e9 pour son ind\u00e9pendance et sa voix critique\u00a0\u00bb, avait d\u00e9clar\u00e9 le directeur de l&rsquo;IPI David Dadge, cit\u00e9 dans un communiqu\u00e9. L&rsquo;organisation, bas\u00e9e \u00e0 Vienne, avait aussi d\u00e9nonc\u00e9 l&rsquo;arrestation de Taoufik Ben Brick, un journaliste inculp\u00e9 pour agression contre une femme qui sera jug\u00e9 le 19 novembre, selon des sources judiciaires.<\/span><\/p>\n<div><span lang=\"FR-CH\"><\/p>\n<hr align=\"left\" size=\"2\" width=\"100%\"\/><\/span><\/div>\n<p><span lang=\"FR-CH\">\u00a0<\/span><\/p>\n<p><i><u><span lang=\"FR-CH\">AFP, le 29 octobre 2009 \u00e0 <\/span><span dir=\"RTL\" lang=\"AR-SA\">19<\/span><span lang=\"FR-CH\">h<\/span><span dir=\"RTL\" lang=\"AR-SA\">55<\/span><\/u><\/i><\/p>\n<p align=\"center\"><b><span lang=\"FR-CH\">Elections: une partie de l&rsquo;opposition \u00e9voque des <\/span><span dir=\"RTL\" lang=\"AR-SA\">\u00ab\u00a0<\/span><span lang=\"FR-CH\">irr\u00e9gularit\u00e9s<\/span><span dir=\"RTL\" lang=\"AR-SA\">\u00ab\u00a0<\/span><\/b><\/p>\n<p><span lang=\"FR-CH\">TUNIS, 29 oct 2009 (AFP) &#8211; Des partis d&rsquo;opposition ont affirm\u00e9 mercredi que des \u00ab\u00a0irr\u00e9gularit\u00e9s\u00a0\u00bb avaient eu lieu lors des \u00e9lections g\u00e9n\u00e9rales de dimanche en Tunisie, sans pour autant contester la victoire du pr\u00e9sident Zine El Abidine Ben Ali<\/span><span dir=\"RTL\" lang=\"AR-SA\">.<\/span><\/p>\n<p><span dir=\"RTL\" lang=\"AR-SA\">\u00ab\u00a0<\/span><span lang=\"FR-CH\">Nous avons enregistr\u00e9 des irr\u00e9gularit\u00e9s en bloc et en d\u00e9tail<\/span><span dir=\"RTL\" lang=\"AR-SA\">\u00ab\u00a0,<\/span><span lang=\"FR-CH\">a d\u00e9clar\u00e9 \u00e0 la presse Mustapha Ben Jaafar, chef du Forum d\u00e9mocratique pour le Travail et les Libert\u00e9s (FDTL, l\u00e9gal<\/span><span dir=\"RTL\" lang=\"AR-SA\">). \u00ab\u00a0<\/span><span lang=\"FR-CH\">C&rsquo;\u00e9tait plus que surprenant\u00a0\u00bb, a-t-il ajout\u00e9, \u00e9voquant \u00ab\u00a0en exemple\u00a0\u00bb le fait qu&rsquo;un seul observateur sur 14 propos\u00e9s par son parti \u00e0 Bizerte (nord) ait \u00e9t\u00e9 autoris\u00e9 \u00e0 suivre l&rsquo;op\u00e9ration<\/span><span dir=\"RTL\" lang=\"AR-SA\">.<\/span><\/p>\n<p><span lang=\"FR-CH\">Ecart\u00e9 de la pr\u00e9sidentielle, M. Ben Jaafar avait vu les listes de son parti amput\u00e9es de moiti\u00e9 aux l\u00e9gislatives et n&rsquo;a obtenu aucun si\u00e8ge au parlement<\/span><span dir=\"RTL\" lang=\"AR-SA\">.<\/span><\/p>\n<p><span dir=\"RTL\" lang=\"AR-SA\">\u00ab\u00a0<\/span><span lang=\"FR-CH\">Le probl\u00e8me n&rsquo;est tant dans les chiffres que dans la mentalit\u00e9 de ceux qui ont pris l&rsquo;habitude de jouer seuls\u00a0\u00bb, a-t-il regrett\u00e9, en r\u00e9f\u00e9rence au Rassemblement constitutionnel d\u00e9mocratique (RCD, au pouvoir<\/span><span dir=\"RTL\" lang=\"AR-SA\">).<\/span><\/p>\n<p><span dir=\"RTL\" lang=\"AR-SA\">\u00ab\u00a0<\/span><span lang=\"FR-CH\">Les r\u00e9sultats de la pr\u00e9sidentielle \u00e9taient attendus dans la mesure, o\u00f9 cette \u00e9lection ne pr\u00e9sentait aucun enjeu \u00e9lectoral\u00a0\u00bb, a affirm\u00e9 Ahmed Brahim, justifiant la reconduite de M. Ben Ali \u00e0<\/span><\/p>\n<p><span dir=\"RTL\" lang=\"AR-SA\">89,62% <\/span><span lang=\"FR-CH\">des voix<\/span><span dir=\"RTL\" lang=\"AR-SA\">.<\/span><\/p>\n<p><span lang=\"FR-CH\">Ce candidat malheureux \u00e0 la pr\u00e9sidentielle a obtenu 1,57% des voix sous l&rsquo;\u00e9tiquette d&rsquo;une coalition de gauche autour de son parti Ettajdid (l\u00e9gal<\/span><span dir=\"RTL\" lang=\"AR-SA\">).<\/span><\/p>\n<p><span lang=\"FR-CH\">Son parti n&rsquo;aura que deux si\u00e8ges au parlement<\/span><span dir=\"RTL\" lang=\"AR-SA\">.<\/span><\/p>\n<p><span lang=\"FR-CH\">Le RCD a remport\u00e9 161 si\u00e8ges dans la Chambre des d\u00e9put\u00e9s sur un total de 214, les 53 restants revenant essentiellement aux partis proches du pouvoir<\/span><span dir=\"RTL\" lang=\"AR-SA\">.<\/span><\/p>\n<p><span lang=\"FR-CH\">Ettajid et ses alli\u00e9s publieront un \u00ab\u00a0livre blanc\u00a0\u00bb sur les <\/span><span dir=\"RTL\" lang=\"AR-SA\">\u00ab\u00a0<\/span><span lang=\"FR-CH\">irr\u00e9gularit\u00e9s\u00a0\u00bb ayant entach\u00e9 le scrutin, selon eux, mais n&rsquo;envisagent aucun recours constitutionnel<\/span><span dir=\"RTL\" lang=\"AR-SA\">.<\/span><\/p>\n<p><span dir=\"RTL\" lang=\"AR-SA\">\u00ab\u00a0<\/span><span lang=\"FR-CH\">Ces irr\u00e9gularit\u00e9s ne sont pas de nature \u00e0 changer les r\u00e9sultats de la pr\u00e9sidentielle que nous ne contestons pas\u00a0\u00bb, a pr\u00e9cis\u00e9 Jouneidi Abdeljawad, dirigeant d&rsquo;Ettajdid<\/span><span dir=\"RTL\" lang=\"AR-SA\">.<\/span><\/p>\n<p><span lang=\"FR-CH\">Celui-ci a \u00e9num\u00e9r\u00e9 des entorses au code \u00e9lectoral, un bourrage des urnes (Monastir), un d\u00e9pouillement irr\u00e9gulier et diverses formes d&rsquo;intimidation \u00e0 l&rsquo;\u00e9gard des \u00e9lecteurs et des observateurs<\/span><span dir=\"RTL\" lang=\"AR-SA\">.<\/span><\/p>\n<p><span lang=\"FR-CH\">Ces opposants qui ont align\u00e9 100 scrutateurs pour 11.830 bureaux de vote, ont estim\u00e9 qu&rsquo;aucun \u00ab\u00a0scrutin d\u00e9mocratique ne sera possible tant que subsistera la confusion entre l&rsquo;administration et le parti<\/span><\/p>\n<p><span lang=\"FR-CH\">au pouvoir<\/span><span dir=\"RTL\" lang=\"AR-SA\">\u00ab\u00a0.<\/span><\/p>\n<p><span lang=\"FR-CH\">Le ministre de l&rsquo;Int\u00e9rieur, Rafik Haj Kacem, a affirm\u00e9 lundi que le scrutin s&rsquo;\u00e9tait d\u00e9roul\u00e9 \u00ab\u00a0dans la transparence, aucune objection s\u00e9rieuse n&rsquo;ayant \u00e9t\u00e9 signal\u00e9e<\/span><span dir=\"RTL\" lang=\"AR-SA\">\u00ab\u00a0.<\/span><\/p>\n<p><span lang=\"FR-CH\">\u00a0<\/span><\/p>\n<p><span lang=\"FR-CH\">\u00a0<\/span><\/p>\n<div><span><\/p>\n<hr align=\"left\" size=\"2\" width=\"100%\"\/><\/span><\/div>\n<p align=\"center\"><b><span lang=\"FR-CH\">Promoteur d&rsquo;un islam mod\u00e9r\u00e9, le gendre du de Ben Ali entre au parlement<\/span><\/b><\/p>\n<p><span lang=\"FR-CH\">AFP, le 30 octobre 2009 \u00e0 10h33<\/span><\/p>\n<p><span lang=\"FR-CH\">Par Hassen El FEKIH<\/span><\/p>\n<p><span lang=\"FR-CH\">TUNIS, 30 oct 2009 (AFP) -Jeune homme d&rsquo;affaires \u00e0 succ\u00e8s et fervent promoteur d&rsquo;un islam mod\u00e9r\u00e9, Sakher El Materi, gendre en pleine ascension du pr\u00e9sident Zine El Abidine Ben Ali, a fait sa grande entr\u00e9e en politique dimanche en \u00e9tant \u00e9lu d\u00e9put\u00e9 au parlement tunisien. \u00ab\u00a0Depuis le jour, o\u00f9 je suis entr\u00e9 dans une mosqu\u00e9e un vendredi de 1999, je n&rsquo;ai plus jamais manqu\u00e9 une seule pri\u00e8re\u00a0\u00bb, d\u00e9clare \u00e0 l&rsquo;AFP ce jeune homme de 28 ans, qui a lanc\u00e9 en 2007 Ezzeitouna, la premi\u00e8re radio coranique en Tunisie. \u00ab\u00a0Avec l&rsquo;appui du pr\u00e9sident (Ben Ali), j&rsquo;ai lanc\u00e9 la premi\u00e8re radio du Coran, un projet b\u00e9n\u00e9vole pour promouvoir l&rsquo;islam de rite mal\u00e9kite mod\u00e9r\u00e9 et combattre l&rsquo;extr\u00e9misme et l&rsquo;orthodoxie\u00a0\u00bb de l&rsquo;islam rigoureux, ajoute-t-il. \u00ab\u00a0Ezzeitouna\u00a0\u00bb (L&rsquo;Olivier) s&#8217;emploie, explique-t-il, depuis \u00ab\u00a0\u00e0 enraciner le rite mal\u00e9kite\u00a0\u00bb &#8211;un des quatre rites de l&rsquo;islam, dominant au Maghreb&#8211; avec un succ\u00e8s tel que son promoteur pr\u00e9pare d\u00e9sormais une t\u00e9l\u00e9 de m\u00eame vocation. En jeans et barbe fine, M. El Materi estime que sa radio \u00ab\u00a0a lib\u00e9r\u00e9 les Tunisiens de la peur qui les d\u00e9tournait des mosqu\u00e9es sous le r\u00e8gne de l&rsquo;ancien pr\u00e9sident Habib Bourguiba, partisan de la\u00efcit\u00e9\u00a0\u00bb. Selon lui, \u00ab\u00a0l&rsquo;une des premi\u00e8res d\u00e9cisions de Bourguiba au lendemain de l&rsquo;ind\u00e9pendance en 1956 fut de fermer la mosqu\u00e9e Ezzeitouna de Tunis, un des phares de l&rsquo;islam \u00e0 l&rsquo;\u00e9poque, avant Al-Azhar d&rsquo;Egypte\u00a0\u00bb, dont il s&rsquo;est inspir\u00e9 pour donner un nom \u00e0 sa radio . Sakher est le fils de Moncef El Materi, un colonel camarade de jeunesse du pr\u00e9sident Ben Ali venu aux affaires apr\u00e8s avoir \u00e9chapp\u00e9 \u00e0 la potence pour coup d&rsquo;Etat avort\u00e9 contre Bourguiba en 1962. Sakher El Materi a consolid\u00e9 son pouvoir m\u00e9diatique en rachetant cette ann\u00e9e 70% des parts du prestigieux groupe de presse Assabah en difficult\u00e9. Groupe ind\u00e9pendant fond\u00e9 en 1951 par un ex-opposant de Bourguiba, Assabah \u00e9dite deux quotidiens en arabe et en fran\u00e7ais, ainsi que deux hebdomadaires. \u00ab\u00a0J&rsquo;ai sauv\u00e9 cette institution et j&rsquo;en ferai une locomotive de la presse \u00e9crite\u00a0\u00bb, s&rsquo;enthousiame-t-il dans la salle de r\u00e9daction flambant neuve. Homme d&rsquo;affaires \u00e0 succ\u00e8s, il a fond\u00e9 un holding d\u00e9nomm\u00e9 \u00ab\u00a0Princesse El Materi\u00a0\u00bb, rachet\u00e9 la soci\u00e9t\u00e9 automobile Ennakl partenaire de Volkswagen et concessionnaire de Renault Trucks, et g\u00e8re une concession des activit\u00e9s de croisi\u00e8res sur la baie de Tunis. A la veille des \u00e9lections, il a annonc\u00e9 la constitution de la premi\u00e8re banque islamique. \u00ab\u00a0J&rsquo;ai d\u00e9cid\u00e9 d&rsquo;annoncer en temps r\u00e9el tous mes projets pour \u00e9viter les racontars\u00a0\u00bb, affirme-t-il. A ce propos, il souligne que contrairement \u00e0 des informations de la presse, il a rachet\u00e9 16% des parts dans Wafa Ettijari Bank propri\u00e9t\u00e9 d&rsquo;un consortium maroco-espagnol, en toute l\u00e9galit\u00e9: \u00ab\u00a0j&rsquo;ai contract\u00e9 un cr\u00e9dit et l&rsquo;op\u00e9ration est tout fait transparente\u00a0\u00bb, assure-t-il. \u00ab\u00a0Quand on est proche d&rsquo;un chef d&rsquo;Etat et de parti au pouvoir on est forc\u00e9ment cibl\u00e9 et impliqu\u00e9 en politique\u00a0\u00bb, lance-t-il. Et d&rsquo;ajouter: \u00ab\u00a0une proximit\u00e9 qui me procure certes des privil\u00e8ges, mais ne me permet d&rsquo;\u00eatre au dessus des lois\u00a0\u00bb. Issu d&rsquo;une famille bourgeoise tunisoise, Sakher a \u00e9pous\u00e9 en 2004 Nesrine, la fille a\u00een\u00e9e du pr\u00e9sident Ben Ali avec son \u00e9pouse Leila Trabelsi. Sa photo, seul aux c\u00f4t\u00e9s du couple pr\u00e9sidentiel dans un bureau de vote, a fait la une de tous les journaux tunisois. Interrog\u00e9 sur son avenir politique, le gendre pr\u00e9f\u00e9r\u00e9 du chef de l&rsquo;Etat &#8211;reconduit dimanche jusqu&rsquo;en 2014&#8211; d\u00e9ment toutefois nourrir \u00ab\u00a0des ambitions de gouvernement\u00a0\u00bb.<\/span><\/p>\n<div><span><\/p>\n<hr align=\"left\" size=\"2\" width=\"100%\"\/><\/span><\/div>\n<h4 align=\"center\" style=\"color: blue;\"><span lang=\"FR-CH\">Zitouna : une nouvelle venue dans le paysage bancaire tunisien<\/span><\/h4>\n<p><strong><span lang=\"FR-CH\">Apr\u00e8s plusieurs mois de suspense (l\u2019agr\u00e9ment avait \u00e9t\u00e9 donn\u00e9 en janvier 2009), la nouvelle banque islamique tunisienne Zitouna devrait ouvrir ses portes au premier trimestre 2010. <\/span><\/strong><span lang=\"FR\"> <\/span><span lang=\"FR-CH\">\u00c0 la t\u00eate du conseil d\u2019administration, on retrouve Mohamed Sakhr El Materi, le \u00ab\u00a0business gendre\u00a0\u00bb du pr\u00e9sident tunisien et fondateur de ce projet. L\u2019assembl\u00e9e, qui a r\u00e9uni l\u2019ensemble des actionnaires le 21\u00a0octobre pour l\u2019adoption d\u00e9finitive des statuts et le versement du capital social, a donc marqu\u00e9 la naissance de la Banque Zitouna. L\u2019arriv\u00e9e de Mohamed Sakhr El Materi \u2013\u00a0connu pour son d\u00e9vouement religieux, et par ailleurs DG du groupe Princesse El Materi\u00a0\u2013 dans la finance islamique ne surprend personne. <\/span><em><span lang=\"FR-CH\">\u00ab\u00a0Ce projet est une confirmation des orientations du chef de l\u2019\u00c9tat tunisien le pr\u00e9sident Zine El Abidine Ben Ali et de son gouvernement, en mati\u00e8re de consolidation du dispositif bancaire et financier, en vue d\u2019offrir \u00e0 aux m\u00e9nages tunisiens de nouvelles solutions bancaires innovantes et d\u2019appuyer et soutenir les entreprises et les\u00a0investisseurs tunisiens et internationaux ayant choisi la Tunisie pour d\u00e9velopper leurs activit\u00e9s.\u00a0\u00bb<\/span><\/em><span lang=\"FR-CH\">, pr\u00e9cise le gendre du pr\u00e9sident, parfait, quelques jours avant le scrutin pr\u00e9sidentiel. Le but de cette nouvelle structure, d\u2019apr\u00e8s son fondateur\u00a0: <\/span><em><span lang=\"FR-CH\">\u00ab\u00a0la Banque Zitouna se veut ainsi \u00eatre une banque citoyenne, moderne et ouverte sur son environnement international.\u00a0\u00bb<\/span><\/em><span lang=\"FR-CH\"> Mais, en dehors du fait qu\u2019elle soit celle de l\u2019\u00e9poux de la fille du couple pr\u00e9sidentiel, une nouvelle banque en Tunisie est-elle vraiment n\u00e9cessaire\u00a0? Pour Mohamed Damak, analyste cr\u00e9dit pour Standard\u00a0&amp;\u00a0Poor\u2019s, <\/span><em><span lang=\"FR-CH\">\u00ab\u00a0Banque Zitouna sera la premi\u00e8re banque commerciale islamique, ce qui repr\u00e9sente d\u00e9j\u00e0 une diff\u00e9rentiation strat\u00e9gique par rapport aux autres banques.\u00a0Cela \u00e9tant, la concurrence sur les marges sera \u00e9lev\u00e9e du fait de la sur-bancarisation du pays.\u00a0\u00bb<\/span><\/em><\/p>\n<p><b><span lang=\"FR-CH\">(Source: le blog de \u201cMarch\u00e9s tropicaux\u201d (Revue &#8211; France), le 29 octobre 2009)<\/span><\/b><\/p>\n<p><b><span lang=\"FR-CH\">Lien\u00a0:<a href=\"http:\/\/www.marches-tropicaux.com\/blog\/index.php\/2009\/10\/29\/secteurs\/zitouna-une-nouvelle-venue-dans-le-paysage-bancaire-tunisien\/#more-783\" target=\"_blank\" rel=\"noopener\"><span>http:\/\/www.marches-tropicaux.com\/blog\/index.php\/2009\/10\/29\/secteurs\/zitouna-une-nouvelle-venue-dans-le-paysage-bancaire-tunisien\/#more-783<\/span><\/a><\/span><\/b><\/p>\n<p><span lang=\"FR\">\u00a0<\/span><\/p>\n<div><span><\/p>\n<hr align=\"left\" size=\"2\" width=\"100%\"\/><\/span><\/div>\n<p><span>\u00a0<\/span><\/p>\n<p align=\"center\"><b><span lang=\"FR-CH\">Florence Beaug\u00e9, journaliste fran\u00e7aise interdite d\u2019acc\u00e8s au territoire tunisien<\/span><\/b><\/p>\n<p><b><span lang=\"FR-CH\">par <\/span><span><a href=\"http:\/\/www.tolerance.ca\/Auteur.aspx?ID=127\" target=\"_blank\" rel=\"noopener\"><span lang=\"FR-CH\">Aziz Enhaili<\/span><\/a><\/span><\/b><\/p>\n<p><b><span lang=\"FR-CH\">Florence Beaug\u00e9 est charg\u00e9e de la couverture des pays du Maghreb au sein du service international du journal fran\u00e7ais \u00abLe Monde\u00bb, o\u00f9 elle travaille depuis l\u2019an 2000. Auparavant, elle a travaill\u00e9 pendant quinze ans sur le Proche-Orient et le conflit isra\u00e9lo-palestinien. De retour en Tunisie, elle a \u00e9t\u00e9 refoul\u00e9e ce mercredi 21 octobre. Une d\u00e9cision qui pourrait \u00eatre li\u00e9e au contenu d\u2019un de ses r\u00e9cents articles sur un couple d\u2019opposants tunisiens. Pour en savoir un peu plus sur les tenants et aboutissants de cette d\u00e9cision de refoulement, nous avons r\u00e9alis\u00e9 l&rsquo;entrevue qui suit avec cette journaliste dont le professionnalisme et le sens de l\u2019\u00e9thique ne souffrent aucune entorse. Entrevue r\u00e9alis\u00e9e par Aziz Enhaili pour Tolerance.ca \u00ae.  Aziz Enhaili<\/span><\/b><span lang=\"FR-CH\"> : Merci, Florence Beaug\u00e9, pour avoir accept\u00e9 de nous accorder cette entrevue. Que vous est-il arriv\u00e9 en Tunisie le 20 octobre? Et pourquoi?  <b>Florence Beaug\u00e9<\/b> : Le mardi 20 octobre en fin d\u2019apr\u00e8s midi, je suis arriv\u00e9e \u00e0 l\u2019a\u00e9roport de Tunis-Carthage pour la seconde fois en quinze jours. Sur la passerelle, m\u2019attendaient plusieurs policiers en civil, pour me dire que j\u2019\u00e9tais interdite d\u2019acc\u00e8s au territoire tunisien. J\u2019ai demand\u00e9 pour quelle raison. On m\u2019a r\u00e9pondu \u00abc\u2019est une d\u00e9cision souveraine, qui n\u2019a pas \u00e0 \u00eatre expliqu\u00e9e\u00bb. J\u2019ai demand\u00e9 pour combien de temps j\u2019\u00e9tais ainsi bannie de la Tunisie. Mes interlocuteurs m\u2019ont r\u00e9pondu qu\u2019ils ne le savaient pas.  Comme il n\u2019y avait pas de vol retour sur Paris ce soir l\u00e0, j\u2019ai demand\u00e9 \u00e0 pouvoir passer la nuit dans un h\u00f4tel de Tunis. Cette demande m\u2019a \u00e9t\u00e9 refus\u00e9e. De m\u00eame que les deux diplomates de l\u2019ambassade de France qui sont venus sur place et ont r\u00e9clam\u00e9s \u00e0 pouvoir me rencontrer en ont \u00e9t\u00e9 emp\u00each\u00e9s par la police tunisienne&#8230; Il fallait que je reste dans la zone internationale de l\u2019a\u00e9roport. J\u2019ai donc pass\u00e9 la nuit sur un si\u00e8ge d\u2019une salle d\u2019embarquement. Cela dit, j\u2019ai \u00e9t\u00e9 bien trait\u00e9e. Je pense m\u00eame que ceux qui \u00e9taient charg\u00e9s de ma surveillance \u00e9taient plut\u00f4t navr\u00e9s de devoir faire injure au sens l\u00e9gendaire de l\u2019hospitalit\u00e9 tunisienne\u2026   J\u2019ai repris le premier vol sur Paris (le lendemain), le mercredi 21 octobre.  <b>Aziz Enhaili<\/b> : Qu\u2019est-ce qui a justifi\u00e9 votre expulsion ?  <b>Florence Beaug\u00e9<\/b> : Les autorit\u00e9s tunisiennes ne me l\u2019ont pas dit, mais de source fran\u00e7aise, je sais qu\u2019il s\u2019agit d\u2019un petit article que j\u2019avais \u00e9crit pendant mon pr\u00e9c\u00e9dent s\u00e9jour en Tunisie (\u00ab\u00c0 Tunis, le quotidien d\u2019un couple d\u2019opposants\u00bb, Le Monde, 09 Octobre 2009).   J\u2019y racontais la journ\u00e9e \u00abordinaire\u00bb d\u2019un couple d\u2019opposant-d\u00e9fenseur des droits de l\u2019homme en Tunisie. J\u2019avais pris cette fois l\u00e0 pour exemple pr\u00e9cis le cas de l\u2019avocate Radhia Nasraoui et de son mari, Hamma Hammami (porte parole du Parti communiste des ouvriers de Tunisie, parti interdit). Je pr\u00e9cise tout de suite que cet article jouxtait dans \u00abLe Monde\u00bb, le jour de sa parution, une longue \u2013 tr\u00e8s longue &#8211; interview du ministre tunisien de la justice et des droits de l\u2019homme (B\u00e9chir Tekkari), \u00e0 qui je donnais la parole, entre autres, sur le cas de Nasraoui-Hammami.  Je racontais donc comment Hammami avait \u00e9t\u00e9 rou\u00e9 de coups par la police tunisienne, quelques jours plus t\u00f4t (\u00e0 sa descente d\u2019avion), rentrant de Paris, o\u00f9 il avait \u00e9t\u00e9 interview\u00e9 par Al-Jazeera et France 24. Il avait d\u00e9nonc\u00e9 (dans ces deux interviews) la fa\u00e7on dont la famille Trabelsi (la belle famille du pr\u00e9sident Ben Ali) s\u2019accapare les richesses de la Tunisie. Je racontais aussi comment Radhia Nasraoui, venue chercher son mari \u00e0 l\u2019a\u00e9roport, avait \u00e9t\u00e9 ensuite frapp\u00e9e par les policiers. Puis je passais \u00e0 un incident qui leur \u00e9tait arriv\u00e9 quelques jours plus tard. Le r\u00e9servoir de la voiture dans laquelle ils \u00e9taient mont\u00e9s avec leur fille de 10 ans (Sarah) avait \u00e9t\u00e9 siphonn\u00e9. On avait remplac\u00e9 l\u2019essence par du liquide inflammable. Ils auraient donc pu p\u00e9rir br\u00fbl\u00e9s vifs\u2026  Voil\u00e0 ce qui a justifi\u00e9 mon expulsion de Tunisie et l\u2019interdiction qui m\u2019est faite, d\u00e9sormais, de mettre les pieds dans ce pays.   <b>Aziz Enhaili<\/b> : Quelle est (selon vous) la raison de la campagne haineuse d\u00e9clench\u00e9e contre vous ces derniers jours par une certaine presse\u2026 aux ordres?  <b>Florence Beaug\u00e9<\/b> : La campagne haineuse de la presse tunisienne de ces derniers jours a d\u2019autres motifs. Elle tient au fait que \u00abLe Monde\u00bb a publi\u00e9 (dans les jours qui ont pr\u00e9c\u00e9d\u00e9 l\u2019\u00e9lection du 25 octobre) trois reportages que j\u2019avais r\u00e9alis\u00e9s en Tunisie (d\u00e9but octobre) et gard\u00e9s au marbre, en pr\u00e9vision du scrutin. Dans ces trois reportages, je rapportais de ce que me racontaient les Tunisiens sur les bons et les mauvais c\u00f4t\u00e9s de 23 ans de \u00abB\u00e9nalisme\u00bb. Je me faisais aussi l\u2019\u00e9cho d\u2019un sujet qui alimente grandement les conversations priv\u00e9es en Tunisie: la fa\u00e7on dont \u00ables familles Trabelsi et Ben Ali pillent le pays\u00bb, selon l\u2019expression utilis\u00e9e par toutes les personnes que j\u2019ai interview\u00e9es.   En repr\u00e9sailles, j\u2019ai donc eu droit en ce moment \u00e0 une campagne de presse d\u00e9lirante! Il para\u00eet que je suis une \u00abpseudo-journaliste\u00bb, \u00abFlorence la terreur\u00bb, \u00abpsychotique, hyst\u00e9rique\u00bb, qui plus est \u00abmal\u00e9fique\u00bb \u00abet par-dessus le march\u00e9 idiote\u00bb! C\u2019est gracieux et \u00e9l\u00e9gant comme descriptif\u2026Talentueux, aussi.  <b>Aziz Enhaili <\/b>: Que pourriez-vous dire pour l\u2019histoire \u00e0 ces plumitifs qui vous ont attaqu\u00e9?   <b>Florence Beaug\u00e9<\/b> : Pour la petite histoire, sachez que j\u2019ai \u00e9t\u00e9 journaliste (j\u2019\u00e9tais alors toute jeune d\u00e9butante) \u00e0 La Presse (\u00e0 Tunis), pendant presque trois ans, dans une vie ant\u00e9rieure! J\u2019y avais pour amis (entre autres) Mohamed Mahfoud et le photographe Khaled Najar, aujourd\u2019hui disparus. Slah Maaoui \u00e9tait mon r\u00e9dacteur en chef. C\u2019\u00e9tait la belle \u00e9poque (pour La Presse), si je compare ce journal \u00e0 ce qu\u2019il est devenu. Il fait en tout cas partie de ceux qui m\u2019insultent aujourd\u2019hui de fa\u00e7on orduri\u00e8re.   <b>Aziz Enhaili <\/b>: Enfin, un dernier mot.  <b>Florence Beaug\u00e9<\/b> : J\u2019ajoute enfin une derni\u00e8re chose: je ne suis pas am\u00e8re de nature, et tout cela ne m\u2019emp\u00eachera pas de continuer \u00e0 adorer la Tunisie\u2026 &#8212;&#8212;&#8212;&#8212;&#8212;- <\/span><b><span lang=\"FR-CH\">Florence Beaug\u00e9 est l&rsquo;auteur de \u00abAlg\u00e9rie : de la guerre \u00e0 la m\u00e9moire\u00a0 Paris-Alger : quel avenir?\u00bb\u00a0et de \u00abL&rsquo;Alg\u00e9rie des ann\u00e9es 2000. Vie politique, vie sociale et droits de l&rsquo;homme\u00bb, parus aux \u00c9ditions du Cygne.<\/span><\/b><\/p>\n<p><b><span lang=\"FR-CH\">(Source\u00a0: le site \u00ab\u00a0tol\u00e9rance.ca\u00a0\u00bb (Canada), le 29 octobre 2009)<\/span><\/b><\/p>\n<p><b><span lang=\"FR-CH\">Lien:<\/span><span lang=\"FR-CH\"><\/span><span><a href=\"http:\/\/www.tolerance.ca\/Article.aspx?ID=62566&amp;L=fr\" target=\"_blank\" rel=\"noopener\"><span lang=\"FR-CH\">http:\/\/www.tolerance.ca\/Article.aspx?ID=62566&amp;L=fr<\/span><\/a><\/span><\/b><\/p>\n<div><span><\/p>\n<hr align=\"left\" size=\"2\" width=\"100%\"\/><\/span><\/div>\n<p><span>\u00a0<\/span><\/p>\n<p align=\"center\"><b><span lang=\"FR-CH\">Les \u00e9lections en Tunisie vues d\u2019un taxi parisien<\/span><\/b><\/p>\n<p><b><span lang=\"FR-CH\">O\u00f9 l\u2019on d\u00e9couvre la capacit\u00e9 des services de renseignements tunisiens \u00e0 censurer l\u2019expression jusqu\u2019en France. Qu\u2019il s\u2019agisse d\u2019une menace r\u00e9elle ou de parano\u00efa, l\u2019objectif est atteint et l\u2019autocensure fonctionne \u00e0 merveille.<\/span><\/b><\/p>\n<p><span lang=\"FR-CH\">Samedi 24 octobre, moins de 24h avant les \u00e9lections pr\u00e9sidentielle et l\u00e9gislatives en Tunisie, je pars en vacances. L\u2019esprit tranquille. Il faut dire que le \u00ab\u00a0verdict des urnes\u00a0\u00bb \u00e9tait attendu. Ce qui \u00e9tait plus inattendu, c\u2019est l\u2019opportunit\u00e9 de faire un papier sur les \u00e9lections tunisiennes. Je rappelle qu\u2019une cons\u0153ur voulant faire dignement son m\u00e9tier de journaliste en commentant ces \u00e9lections depuis Tunis s\u2019est vue refoul\u00e9e par les autorit\u00e9s locales d\u00e8s son arriv\u00e9e \u00e0 l\u2019a\u00e9roport. Un reportage sur le terrain\u00a0? Visiblement il n\u2019en \u00e9tait pas question. Mais en direct d\u2019un taxi parisien, ce fut une aubaine. Comme tous les chauffeurs dignes de ce nom, Moncef est au t\u00e9l\u00e9phone depuis son kit mains libres, lorsque je saute dans son v\u00e9hicule. Un coup d\u2019\u0153il rapide dans le r\u00e9tro. <i>\u00ab\u00a0Vous \u00eates tunisienne\u00a0?\u00a0\u00bb \u00ab\u00a0Non, et vous\u00a0?\u00a0\u00bb<\/i> Oui, il \u00e9tait tunisien. Non, il n\u2019avait pas \u00e9t\u00e9 voter pendant la semaine (les Tunisiens r\u00e9sidents \u00e0 l\u2019\u00e9tranger pouvaient aller voter du lundi\u00a019 au samedi 24\u00a0octobre). <i>\u00ab\u00a0Pour quoi faire\u00a0? Il n\u2019y a qu\u2019un seul candidat.\u00a0\u00bb<\/i> L\u2019homme n\u2019avait entendu parler que du candidat Ben Ali et fut un tantinet surpris lorsque je lui appris qu\u2019il y avait en r\u00e9alit\u00e9 quatre candidats. <i>\u00ab\u00a0Ca ne changera pas grand-chose. C\u2019est pour la forme.\u00a0\u00bb<\/i> Il est vrai que pour la premi\u00e8re fois, et alors qu\u2019il attaque th\u00e9oriquement son dernier mandat, Zine El-Abidine Ben Ali s\u2019est content\u00e9 d\u2019un petit 89,62% contre 99% et 94% lors des deux pr\u00e9c\u00e9dents scrutins. Pour l\u2019opposant Ahmed Nejib Chebbi, le r\u00e9gime cherche \u00e0 soigner son image.<\/span><\/p>\n<p><b><i><span lang=\"FR-CH\">\u00ab\u00a0Les services tunisiens sont presque pires en France que l\u00e0-bas\u00a0\u00bb<\/span><\/i><\/b><\/p>\n<p><span lang=\"FR-CH\">Je pr\u00e9cise alors ma profession \u00e0 Moncef. Subitement, la conversation t\u00e9l\u00e9phonique avec son ami, tunisien \u00e9galement, est interrompue. Moncef \u00e9clate de rire. <i>\u00ab\u00a0Il a raccroch\u00e9. Il a eu peur\u00a0!\u00a0\u00bb<\/i> Face \u00e0 mon incr\u00e9dulit\u00e9, il appelle un autre de ses amis tunisiens vivant \u00e0 Paris. <i>\u00ab\u00a0Allo Abdel. Devine quoi, je suis en voiture avec une cliente journaliste qui travaille sur la Tunisie. Elle me pose des questions sur les \u00e9lections.\u00a0\u00bb<\/i> Abdel raccroche imm\u00e9diatement. Voyant que je ne c\u00e9derai \u00e0 aucune parano\u00efa, Moncef r\u00e9p\u00e8te l\u2019op\u00e9ration \u00e0 trois reprises\u2026 avec le m\u00eame r\u00e9sultat. Puis, il m\u2019explique: <i>\u00ab\u00a0les services tunisiens sont presque pires en France que l\u00e0-bas. Au t\u00e9l\u00e9phone, on ne dit rien.\u00a0\u00bb<\/i> Puis il ajoute <i>\u00ab\u00a0si vous m\u2019aviez r\u00e9pondu que vous \u00e9tiez tunisienne, nous n\u2019aurions m\u00eame pas eu cette conversation.\u00a0\u00bb<\/i> Il ne veut pas avoir d\u2019ennuis lorsqu\u2019il retourne au pays. Et pour cause. Il a l\u00e0-bas plusieurs affaires qu\u2019il g\u00e8re de loin. <i>\u00ab\u00a0Dans ma situation, il faut \u00eatre particuli\u00e8rement vigilant.\u00a0\u00bb<\/i> <i>\u00ab\u00a0Alors que je m\u2019appr\u00eatais \u00e0 inaugurer une de ces affaires, prometteuse, un haut fonctionnaire m\u2019a contact\u00e9. Tr\u00e8s poliment, il a commenc\u00e9 par me f\u00e9liciter et m\u2019encourager. Petit \u00e0 petit, il a pos\u00e9 des questions sur la structure de ma soci\u00e9t\u00e9 et m\u2019a demand\u00e9 si j\u2019avais un associ\u00e9. Je n\u2019en avais pas. Pas de probl\u00e8me, il en avait un pour moi.\u00a0\u00bb<\/i> Moncef refusa poliment l\u2019associ\u00e9 (qui ne comptait pas investir un sou), qui n\u2019\u00e9tait autre qu\u2019un membre de la famille du pr\u00e9sident. Il a alors d\u00fb s\u2019acquitter d\u2019une lourde somme d\u00e8s ses premiers b\u00e9n\u00e9fices. <i>\u00ab\u00a0Mais ca, ce n\u2019est rien\u00a0\u00bb<\/i> commente Moncef, r\u00e9sign\u00e9. Ce qui l\u2019a r\u00e9volt\u00e9, c\u2019est quand un autre de ses commerces a \u00e9cop\u00e9 d\u2019une fermeture administrative parce que le portrait du pr\u00e9sident \u00e9tait affich\u00e9 dans un format inf\u00e9rieur \u00e0 une photo de son propre p\u00e8re d\u00e9c\u00e9d\u00e9. R\u00e9ouverture apr\u00e8s un nouveau tirage et une place digne pour le portrait du chef de l\u2019\u00c9tat, bien en vue. Les avanc\u00e9es \u00e9conomiques\u00a0? <i>\u00ab\u00a0C\u2019est vrai qu\u2019il y a eu du changement en Tunisie. Les infrastructures notamment. Mais il ne faut pas se fier aux apparences. Le foss\u00e9 entre les riches et les pauvres se creuse\u2026 \u00e7a devient ind\u00e9cent.\u00a0\u00bb<\/i> La r\u00e9volte gronderait-elle\u00a0? <i>\u00ab\u00a0Non. Les services ont un \u0153il sur chacun de nous. Maintenant en Tunisie, on se m\u00e9fie de tout le monde. C\u2019est ton voisin, le commer\u00e7ant du coin ou m\u00eame ton propre fr\u00e8re qui te d\u00e9nonce.\u00a0\u00bb<\/i> Pour Moncef, la Tunisie est en l\u00e9thargie. Les Tunisiens ont peur et filent droit. <i>\u00ab\u00a0Ben Ali a tout compris. Ils leur donne du foot et des cr\u00e9dits, \u00e7a suffit \u00e0 lui garantir la paix.\u00a0\u00bb<\/i> Le football et l\u2019argent, nouveaux opiums du peuple\u00a0?<\/span><\/p>\n<p><b><span lang=\"FR-CH\">(Source: le blog de \u201cMarch\u00e9s tropicaux\u201d (Revue &#8211; France), le 29 octobre 2009)<\/span><\/b><\/p>\n<p><b><span lang=\"FR-CH\">Lien\u00a0:<\/span><span lang=\"FR-CH\"><a href=\"http:\/\/www.marches-tropicaux.com\/blog\/index.php\/2009\/10\/29\/regions\/afrique-du-nord\/les-elections-en-tunisie-vues-dun-taxi-parisien\/\" target=\"_blank\" rel=\"noopener\"><span>http:\/\/www.marches-tropicaux.com\/blog\/index.php\/2009\/10\/29\/regions\/afrique-du-nord\/les-elections-en-tunisie-vues-dun-taxi-parisien\/<\/span><\/a><\/span><\/b><\/p>\n<div><span><\/p>\n<hr align=\"left\" size=\"2\" width=\"100%\"\/><\/span><\/div>\n<p><span>\u00a0<\/span><\/p>\n<p align=\"center\"><span lang=\"FR-CH\">L&rsquo;\u00e9ditorial de Claude Imbert<\/span><\/p>\n<p align=\"center\"><b><span lang=\"FR-CH\">L&rsquo;ordre et le jasmin<\/span><\/b><\/p>\n<p><span lang=\"FR-CH\">L&rsquo;Afrique, du nord au sud, abrite un imposant quarteron de chefs d&rsquo;Etat inamovibles. Le pl\u00e9biscite du Tunisien Ben Ali, en sa vingt-deuxi\u00e8me ann\u00e9e de r\u00e9gime, lui vaut, chez nos vestales de la d\u00e9mocratie id\u00e9ale, l&rsquo;habituel bonnet d&rsquo;\u00e2ne. Sa p\u00e9rennit\u00e9 g\u00e9n\u00e8re, en Tunisie, non la r\u00e9volte mais une lassitude, une irritation d\u00e9sabus\u00e9es. Cela dit, je n&rsquo;\u00e9pouserai pas ici la condamnation \u00e0 l&#8217;emporte-pi\u00e8ce du r\u00e9gime tunisien.<\/span><\/p>\n<p><span lang=\"FR-CH\">Notre intelligentsia (de gauche) adore distribuer bons et mauvais points aux trois quarts de la plan\u00e8te. Mais elle a la vue basse. Elle a longtemps ferm\u00e9 les yeux sur le goulag, fr\u00e9till\u00e9 avec Mao, caress\u00e9 Cuba et, contre le chah, fleuri d&rsquo;abord la r\u00e9volution khomeyniste. Dans le monde arabo-musulman, elle ne d\u00e9nonce gu\u00e8re, chez le mirliflore libyen, sa rechute, ces jours-ci, dans le kidnapping. Elle m\u00e9nage les monarchies du Golfe et l&rsquo;immense servitude des femmes, de peur d&rsquo;aller \u00e0 contre-Coran. En revanche, elle flanque la Tunisie au piquet. Courte vue !<\/span><\/p>\n<p><span lang=\"FR-CH\">Car la Tunisie figure une heureuse exception dans l&rsquo;univers arabo-musulman. Sa modernit\u00e9 la distingue. Celle que conqui\u00e8rent tout \u00e0 la fois son mode de d\u00e9veloppement et une approche encore d\u00e9licate mais, esp\u00e9rons-le, fertile des relations de l&rsquo;islam avec, justement, la modernit\u00e9. Ce n&rsquo;est pas rien ! C&rsquo;est m\u00eame, contre le d\u00e9ferlement islamiste, la seule recette qui vaille. Elle demande, il est vrai, de la patience : la M\u00e9diterran\u00e9e ne sera pas de sit\u00f4t un lac de d\u00e9mocratie scandinave.<\/span><\/p>\n<p><span lang=\"FR-CH\">La Tunisie est pauvre en ressources naturelles. Elle g\u00e8re ses 10 millions de citoyens entre deux voisins, l&rsquo;Alg\u00e9rie et la Libye, gorg\u00e9s de p\u00e9trole et de gaz. Sa ressource, c&rsquo;est son peuple, un h\u00e9ritage humain qui, depuis Carthage, inspire \u00e0 sa classe dirigeante les choix de la modernit\u00e9. Or, aujourd&rsquo;hui, son revenu moyen par habitant d\u00e9passe, entre autres, celui de la&#8230; Libye et de l&rsquo;Alg\u00e9rie. Une revanche de l&rsquo;intelligence humaine sur la loterie g\u00e9ologique et les pactoles des satrapies p\u00e9troli\u00e8res !<\/span><\/p>\n<p><span lang=\"FR-CH\">Le s\u00e9same du r\u00e9gime tunisien, c&rsquo;est d&rsquo;abord une \u00e9conomie ind\u00e9pendante, un taux de croissance entre 3 et 5 %. La Tunisie, d\u00e9biteur s\u00e9rieux, jouit d&rsquo;un bon financement international, de d\u00e9localisations profitables et d&rsquo;un tourisme prosp\u00e8re. Ses services publics, ses infrastructures ne sont pas parfaits mais sont, de loin, les plus performants d&rsquo;Afrique. Ce succ\u00e8s est \u00e9videmment assur\u00e9 par le meilleur syst\u00e8me \u00e9ducatif du monde arabe, un taux record d&rsquo;alphab\u00e9tisation, une scolarisation gratuite, une fr\u00e9quentation massive d&rsquo;Internet. Le r\u00e9gime a choy\u00e9 le stabilisateur social d&rsquo;une classe moyenne et, ainsi, fortement subventionn\u00e9 son acc\u00e8s au logement. Enfin, les 12 % des plus d\u00e9munis b\u00e9n\u00e9ficient d&rsquo;un fonds de solidarit\u00e9 national actif.<\/span><\/p>\n<p><span lang=\"FR-CH\">Des ombres, bien s\u00fbr, il y en a ! Le ch\u00f4mage (14 %) \u00e9touffe les jeunes dipl\u00f4m\u00e9s. L&rsquo;avenir s&rsquo;annonce difficile pour la gestion de l&rsquo;eau. Le clanisme du parti unique, une presse docile et les passe-droits effront\u00e9s de quelques affid\u00e9s du pouvoir font de plus en plus renauder le bon peuple. Enfin, un environnement g\u00e9opolitique empoisonn\u00e9 fait toujours de l&rsquo;islamisme int\u00e9griste la hantise justifi\u00e9e du r\u00e9gime.<\/span><\/p>\n<p><span lang=\"FR-CH\">Il le reste. La Tunisie bilingue arabo-fran\u00e7aise est un pays musulman. Le fondamentalisme y mena\u00e7ait, il y a vingt ans, l&rsquo;apr\u00e8s-Bourguiba au point que les pronostiqueurs le voyaient alors submerger Ben Ali. L&rsquo;obsession de ce militaire, de formation polici\u00e8re franco-am\u00e9ricaine, fut donc de le combattre par une r\u00e9pression violente. Pour, disait-il, servir le premier des droits de l&rsquo;homme qui est de ne point se faire \u00e9gorger. Et le second qui est d&rsquo;\u00e9chapper aux oppressions de la charia&#8230;<\/span><\/p>\n<p><span lang=\"FR-CH\">Sa tentative, ensuite, fut d&rsquo;imposer, dans le sillage d&rsquo;un Bourguiba, d&rsquo;un Atat\u00fcrk, une la\u00efcit\u00e9 jacobine. Mais il dut bient\u00f4t constater \u00e0 ses d\u00e9pens qu&rsquo;elle violentait l&rsquo;identit\u00e9 musulmane. Ainsi pr\u00f4ne-t-il aujourd&rsquo;hui une forme de la\u00efcit\u00e9 compatible avec l&rsquo;islam mod\u00e9r\u00e9. Il est en cela servi par l&rsquo;\u00e9mancipation de la femme tunisienne, exceptionnelle dans le monde arabe. Et par une d\u00e9mocratie apais\u00e9e : le taux de f\u00e9condit\u00e9 est \u00e9gal ou inf\u00e9rieur au taux fran\u00e7ais, lequel se double dans le monde arabe.<\/span><\/p>\n<p><span lang=\"FR-CH\">Surtout, une vaste campagne encourage, par maints r\u00e9seaux, la pratique d&rsquo;un islam mod\u00e9r\u00e9 et moderniste. Une radio coranique enl\u00e8ve aux m\u00e9dias du Golfe l&rsquo;exclusivit\u00e9 de la vulgate. Comme en Turquie, le voile, proscrit jadis par Bourguiba, revient en faveur, mais ce retour du religieux ne verse pas dans les officines de l&rsquo;islam radical, toujours surveill\u00e9 et proscrit.<\/span><\/p>\n<p><span lang=\"FR-CH\">Bref, si vous pensez que le poison politique islamiste reste pour la paix de l&rsquo;univers arabo-musulman &#8211; et du n\u00f4tre &#8211; la menace essentielle, alors le \u00ab mod\u00e8le \u00bb tunisien trouvera quelques gr\u00e2ces \u00e0 vos yeux. C&rsquo;est une plantation que Ben Ali enferme peut-\u00eatre \u00e0 l&rsquo;exc\u00e8s sous serre. Mais, si elle survit, elle portera au loin le parfum tunisien du jasmin<\/span><\/p>\n<p><b><span lang=\"FR-CH\">7 COMMENTAIRE(S)<\/span><\/b><\/p>\n<p><span lang=\"FR\">\u00a0<\/span><\/p>\n<p><b><i><span lang=\"FR-CH\">Amazighy<\/span><\/i><\/b><\/p>\n<p><b><i><span lang=\"FR-CH\">De faux pr\u00e9jug\u00e9s<\/span><\/i><\/b><\/p>\n<p><b><i><span lang=\"FR-CH\">vendredi 30 octobre | 12:39<\/span><\/i><\/b><\/p>\n<p><span lang=\"FR-CH\">En fait, Monsieur Imbert, votre th\u00e8se se r\u00e9sume \u00e0 soutenir Ben Ali comme rempart de l&rsquo;occident et du monde arabo- musulman contre l&rsquo;extr\u00e9misme, et qu&rsquo;il doit b\u00e9n\u00e9ficier de votre indulgence pour lui permettre de le \u00ab combattre par une r\u00e9pression violente \u00bb, sachant que \u00ab le premier des droits de l&rsquo;homme est de ne point se faire \u00e9gorger. Et le second est d&rsquo;\u00e9chapper aux oppressions de la Charia \u00bb. [&#8230;] Non Monsieur, les Tunisiens doivent avoir droit \u00e0 de v\u00e9ritables \u00e9lections qui leur permettent de choisir librement leurs dirigeants, de pouvoir s&rsquo;exprimer, s&rsquo;organiser et se sentir en libert\u00e9. C&rsquo;est la seule paix qui peut r\u00e9sister et renforcer votre s\u00e9curit\u00e9. [&#8230;]. Il est dommage que la droite fran\u00e7aise, dont vous exprimez l&rsquo;opinion dominante, soit incapable de d\u00e9cerner la r\u00e9alit\u00e9 de la situation telle qu&rsquo;elle est dans un pays aussi proche de la France [&#8230;] et reste prisonni\u00e8re de ses pr\u00e9jug\u00e9s.<\/span><\/p>\n<p><span lang=\"FR\">\u00a0<\/span><\/p>\n<p><b><i><span lang=\"FR-CH\">E-Sam<\/span><\/i><\/b><\/p>\n<p><b><i><span lang=\"FR-CH\">Tunisie et islam politique<\/span><\/i><\/b><\/p>\n<p><b><i><span lang=\"FR-CH\">vendredi 30 octobre | 11:35<\/span><\/i><\/b><\/p>\n<p><span lang=\"FR-CH\">Je ne suis pas d\u2019accord sur le fait que l\u2019autoritarisme de l\u2019Etat Tunisien \u00e9mane du \u00ab risque islamiste \u00bb. Je pense qu\u2019il faut plut\u00f4t aller chercher le pourquoi de cette mont\u00e9e du religieux en Tunisie. L\u2019attaque aux libert\u00e9s fondamentales en Tunisie a commenc\u00e9 avec Bourguiba, le mouvement islamiste est apparu alors comme une opposition \u00e0 cette r\u00e9pression. Une opposition qui prend une l\u00e9gitimit\u00e9 forte chez une population croyante car elle parle au nom du sacr\u00e9, qui pr\u00f4ne \u00ab un retour aux sources \u00bb qu\u2019on affiche comme facteur de stabilit\u00e9 politique et de paix sociale. Face \u00e0 ce discours qui enjolivait l\u2019histoire du commencement de l\u2019Islam et qui pr\u00eache le retour vers un pass\u00e9 glorieux, il y avait un \u00e9tat qui exerce une politique qui \u00e9touffe l\u2019opposition au nom de d\u2019un processus de modernisation dont seul Bourguiba conna\u00eet les cl\u00e9s. L\u2019opposition \u00ab id\u00e9ologique \u00bb ne trouvant pas beaucoup de partisans parmi le peuple (parce que l\u2019\u00e9ducation n\u2019\u00e9tait pas encore d\u00e9velopp\u00e9e), celui-ci se tourne vers les th\u00e8ses qu\u2019il comprend (le bien et le mal, le halal et le haram, notre \u00e9loignement de la religion est \u00e0 l\u2019origine de nos malheurs). Arriv\u00e9 au pouvoir, le pr\u00e9sident actuel a \u00e9t\u00e9 efficace face \u00e0 cette opposition qui faisait peur. Les Tunisiens avaient ensuite pendant quelques ann\u00e9es \u00ab presque \u00bb oubli\u00e9 cet \u00e9pisode de leur histoire proche. Le probl\u00e8me a recommenc\u00e9 au d\u00e9but des ann\u00e9es 2000 parce que le gouvernement n\u2019a pas compris les le\u00e7ons du pass\u00e9. On est en train de revivre cette m\u00eame histoire d\u2019il y a 30 ans : un peuple presque ignorant (les jeunes tunisiens savent lire et \u00e9crire, mais ne se cultivent pas en dehors des cours \u00ab subis \u00bb \u00e0 l\u2019\u00e9cole ou \u00e0 l\u2019universit\u00e9, le \u00ab meilleur syst\u00e8me \u00e9ducatif dans le monde arabe \u00bb vant\u00e9 par M. Imbert n\u2019est pas en phase avec la dimension culturelle de l\u2019\u00e9ducation), des jeunes qui entrent dans la tourmente du ch\u00f4mage, la grogne commence, la r\u00e9pression des libert\u00e9s recommence avec et le repli vers le sacr\u00e9 aussi ! Une diff\u00e9rence majeure \u00e0 noter : les canaux des pr\u00eacheurs religieux moyen orientaux sont plus vari\u00e9s et efficaces, ce que je vois tous les jours sur Facebook, youtube\u2026 en est l\u2019illustre exemple, l\u2019influence de ces m\u00e9dias est forte, avec un discours religieux de l\u2019\u00e9motion, simpliste, \u00e9loign\u00e9 des principes- d\u00e9j\u00e0 ignor\u00e9s- de la religion !<\/span><\/p>\n<p><span lang=\"FR-CH\">\u00a0<\/span><\/p>\n<p><b><i><span lang=\"FR-CH\">raslebol<\/span><\/i><\/b><\/p>\n<p><b><i><span lang=\"FR-CH\">L&rsquo;oeuf et la poule<\/span><\/i><\/b><\/p>\n<p><b><i><span lang=\"FR-CH\">vendredi 30 octobre | 11:00<\/span><\/i><\/b><\/p>\n<p><span lang=\"FR-CH\">J&rsquo;en ai lu des papiers sur la Tunisie ces temps-ci et ils sont fort heureusement diff\u00e9rents, il y a ceux qui sont contre et m\u00eame violemment contre et ceux qui comprennent la situation, et le papier du Point fait partie de cette cat\u00e9gorie. D&rsquo;abord je citerai le coran qui dans un de ses versets dit \u00ab\u00a0le seigneur ne fait \u00e9voluer un peuple que si ce peuple \u00e9volue de lui m\u00eame\u00a0\u00bb et aussi l&rsquo;hymne national tunisien qui dit \u00ab\u00a0si le peuple veut vivre le destin &#8211; c&rsquo;est \u00e0 dire Dieu- ne peut que s&rsquo;y plier \u00a0\u00bb tout est dit et laissez-nous travailler svp.<\/span><\/p>\n<p><span lang=\"FR-CH\">\u00a0<\/span><\/p>\n<p><b><i><span lang=\"FR-CH\">La Mirandole<\/span><\/i><\/b><\/p>\n<p><b><i><span lang=\"FR-CH\">Le fond et la forme<\/span><\/i><\/b><\/p>\n<p><b><i><span lang=\"FR-CH\">vendredi 30 octobre | 10:20<\/span><\/i><\/b><\/p>\n<p><span lang=\"FR\">\u00a0<\/span><\/p>\n<p><span lang=\"FR-CH\">Imbert a toujours le souci de ne jamais passer la forme de son discours par pertes et profits (\u00e0 l&rsquo;inverse de nombre de ses confr\u00e8res \u00e9ditorialistes), bref de m\u00e9nager et d&rsquo;am\u00e9nager le style (\u00ab\u00a0Le style, c&rsquo;est l&rsquo;homme m\u00eame\u00a0\u00bb (Buffon)). Ici, je pense &#8211; \u00e0 bon droit si j&rsquo;estime conna\u00eere \u00ab\u00a0l&rsquo;homme\u00a0\u00bb-, qu&rsquo;il a le secret espoir que passe \u00e0 la post\u00e9rit\u00e9 (ou, pour le moins que s&rsquo;impatronise un temps dans les m\u00e9moires) sa formule : \u00e0 contre-Coran. Est-ce que je me tromperais ?<\/span><\/p>\n<p><span lang=\"FR\">\u00a0<\/span><\/p>\n<p><b><i><span lang=\"FR-CH\">emji<\/span><\/i><\/b><\/p>\n<p><b><i><span lang=\"FR-CH\">vendredi 30 octobre | 09:20<\/span><\/i><\/b><\/p>\n<p><span lang=\"FR\">\u00a0<\/span><\/p>\n<p><span lang=\"FR-CH\">La revue \u00ab\u00a0Atlaseco\u00a0\u00bb publie un ensemble de statistiques de tous les pays du monde chaque ann\u00e9e. La version 2010 est sortie il y a quelques semaines, en septembre 2009, et on peut lire la liste des PNB par habitant 2007 de tous les pays du monde, au nombre de 231, et qui indique en particulier : Tunisie : 3210 dollars. Alg\u00e9rie : 3620 dollars, c&rsquo;est un peu mieux que celui de la Tunisie. Libye : 9010 dollars, et l\u00e0 c&rsquo;est presque le triple que le chiffre tunisien. Ces r\u00e9sultats contredisent les affirmations de Claude Imbert puiqu&rsquo;il \u00e9crit : \u00ab\u00a0aujourd&rsquo;hui, le revenu moyen par habitant (de la Tunisie) d\u00e9passe, entre autres, celui de la&#8230; Libye et de l&rsquo;Alg\u00e9rie\u00a0\u00bb. J&rsquo;ai cit\u00e9 les chiffres 2007 ce n&rsquo;est donc pas \u00ab\u00a0aujourd&rsquo;hui\u00a0\u00bb, mais cette revue publie aussi les chiffres de 2008, \u00e0 titre indicatif : Tunisie : 3702 dollars Alg\u00e9rie : 4694 dollars Libye : 13632 dollars L&rsquo;ann\u00e9e prochaine les chiffres 2008 confirm\u00e9s seront publi\u00e9s, et il peut y avoir quelques changements par rapport aux chiffres avanc\u00e9s d\u00e8s maintenant, cela \u00e9tant, on constate toujours la Tunisie derri\u00e8re l&rsquo;Alg\u00e9rie et surtout la Libye. [&#8230;]<\/span><\/p>\n<p><span lang=\"FR\">\u00a0<\/span><\/p>\n<p><b><i><span lang=\"FR-CH\">Med<\/span><\/i><\/b><\/p>\n<p><b><i><span lang=\"FR-CH\">Pourtant il est possible&#8230;<\/span><\/i><\/b><\/p>\n<p><b><i><span lang=\"FR-CH\">jeudi 29 octobre | 23:47<\/span><\/i><\/b><\/p>\n<p><span lang=\"FR-CH\">&#8230; d&rsquo;avoir un Etat de droit tout en restant ferme vis-a-vis des extr\u00e9mistes, y compris les fondamentalistes musulmans. Malheureusement la Tunisie est une dictature polici\u00e8re, qui d&rsquo;autre part permet \u00e0 quelques groupes d&rsquo;individus bien introduits et influents aupr\u00e8s des plus hautes autorit\u00e9s du pays de prosp\u00e9rer gr\u00e2ce \u00e0 des pratiques qu&rsquo;il faut bien qualifier de mafieuses (trafic d&rsquo;influence, intimidations, extorsions, expropriations, faux et usages de faux, etc.). En Tunisie, tout ou presque est directement ou indirectement contr\u00f4l\u00e9 par l&rsquo;appareil s\u00e9curitaire, y compris les m\u00e9dias, qui ressemblent, litt\u00e9ralement, \u00e0 la presse de Cor\u00e9e du Nord, tout \u00e0 la gloire de \u00ab\u00a0Zine Il Bidine\u00a0\u00bb. La dictature ne tol\u00e8re rien, m\u00eame pas la plus petite critique constructive ; et m\u00eame sur des sujets non politiques. Et si par malheur vous faites de la politique, vous avez de grandes chances de finir en prison. Le pire est qu&rsquo;aucun espace ind\u00e9pendant de discussions, de d\u00e9bats, de critiques (m\u00eame constructives) et de propositions, sur les questions politiques bien s\u00fbr, mais aussi \u00e9conomiques, sociales, culturelles qui concernent le pays et son avenir, n&rsquo;existe en Tunisie. D&rsquo;autre part et plus grave encore, il n&rsquo;y a pas de justice ind\u00e9pendante et impartiale, m\u00eame pour les affaires non politiques (\u00e9conomiques par exemple &#8211;combien de personnes ont perdu leurs biens \u00e0 cause de juges corrompus qui ont permis \u00e0 des malfrats bien introduits et sachant graisser les pattes qu&rsquo;il faut, de s&rsquo;approprier les biens d&rsquo;autrui ?). L&rsquo;argument qui consiste \u00e0 d\u00e9fendre et appuyer le r\u00e9gime actuel car c&rsquo;est un rempart contre l&rsquo;int\u00e9grisme islamique est fallacieux, car il est possible d&rsquo;avoir un Etat de droit en Tunisie tout en \u00e9tant ferme avec les extr\u00e9mismes, y compris religieux.<\/span><\/p>\n<p><span lang=\"FR-CH\">\u00a0<\/span><\/p>\n<p><b><i><span lang=\"FR-CH\">PMA3377<\/span><\/i><\/b><\/p>\n<p><b><i><span lang=\"FR-CH\">Menace islamiste<\/span><\/i><\/b><\/p>\n<p><b><i><span lang=\"FR-CH\">jeudi 29 octobre | 22:23<\/span><\/i><\/b><\/p>\n<p><span lang=\"FR-CH\">Quelques exemples : Soudan, Afghanistan, Iran, bient\u00f4t le Pakistan qui r\u00e9siste encore. L&rsquo;Alg\u00e9rie voisine de la Tunisie compose. Chez nous on n&rsquo;ose pas leur \u00ab\u00a0rentrer dedans\u00a0\u00bb et les cantonner \u00e0 la sph\u00e8re strictement priv\u00e9e, en r\u00e9primant le plus durement possible les int\u00e9gristes et leurs vell\u00e9it\u00e9s de prioriser la religion par rapport \u00e0 la r\u00e9publique. On l&rsquo;a fait avec l&rsquo;\u00e9glise catholique, mais comme il n&rsquo;y a plus de gauche, trop occup\u00e9e \u00e0 s&rsquo;auto d\u00e9truire et \u00e0 critiquer tout et m\u00eame des id\u00e9es qu&rsquo;elle aurait pu avoir &#8230;<\/span><\/p>\n<p><b><span lang=\"FR-CH\">(Source: \u00ab\u00a0Le Point\u00a0\u00bb (Magazine hebdomadaire \u2013 France), N\u00b01937 publi\u00e9 le 29 octobre 2009)<\/span><\/b><\/p>\n<p><b><span lang=\"IT\">Lien:<\/span><\/b><span lang=\"IT\"> \u00a0<\/span><b><span lang=\"IT\"><a href=\"http:\/\/www.lepoint.fr\/actualites-chroniques\/2009-10-29\/l-editorial-de-claude-imbert-l-ordre-et-le-jasmin\/989\/0\/390419\" target=\"_blank\" rel=\"noopener\"><span>http:\/\/www.lepoint.fr\/actualites-chroniques\/2009-10-29\/l-editorial-de-claude-imbert-l-ordre-et-le-jasmin\/989\/0\/390419<\/span><\/a><\/span><\/b><\/p>\n<div><span><\/p>\n<hr align=\"left\" size=\"2\" width=\"100%\"\/><\/span><\/div>\n<p><span>\u00a0<\/span><\/p>\n<p align=\"center\"><b><span lang=\"FR-CH\">De la Mascarade des \u00e9lections l\u00e9gislatives 2009<\/span><\/b><\/p>\n<p><strong><span lang=\"FR-CH\">Yahyaoui Mokhtar<\/span><\/strong><\/p>\n<p><span lang=\"FR-CH\">En 2004 La Tunisie compte 9.910.872 habitants d\u2019apr\u00e8s les r\u00e9sultats du \u00ab\u00a0Recensement G\u00e9n\u00e9ral de la Population et de l\u2019Habitat\u00a0\u00bb r\u00e9alis\u00e9 durant cette ann\u00e9e. Si on prend en compte la r\u00e9partition de la population selon leurs tranches d\u2019\u00e2ges 6.500.000 habitants au moins auraient plus de 20 ans en 2004 et seraient en \u00e2ge de voter. Seulement en consultant la liste des Tunisiens inscrits et appel\u00e9s \u00e0 voter au cours des \u00e9lections l\u00e9gislatives et pr\u00e9sidentielles du 25 octobre 2004 seuls 4.609.237 sont inscrits et environ deux millions d\u2019\u00e9lecteurs potentiels ont \u00e9t\u00e9s purement et simplement ignor\u00e9s.<\/span><\/p>\n<p><span lang=\"FR-CH\">Pour les derni\u00e8res \u00e9lections du 25 octobre 2009 le discours officiel \u00e0 fortement insister sur les efforts d\u00e9ploy\u00e9s par l\u2019administration pour permettre \u00e0 tout les tunisiens de participer \u00e0 cette consultation. Une nouvelle loi a m\u00eame \u00e9t\u00e9 promulgu\u00e9e pour baisser l\u2019\u00e2ge du vote de 20 \u00e0 18 ans. Cet amendement du code \u00e9lectoral repr\u00e9senterait en chiffre un ajout additionnel de quelques 450\u00a0000 nouveaux jeunes \u00e9lecteurs d\u2019apr\u00e8s les estimations officielles. Ces nouveaux jeunes \u00e9lecteurs viendront normalement s\u2019ajouter aux nombre de l\u2019augmentation annuelle de la population estim\u00e9 \u00e0 120.000 par ans et qui repr\u00e9sente pour les cinq ans 2004\/2009 quelques 500.000 nouveaux \u00e9lecteurs suppl\u00e9mentaires.<\/span><\/p>\n<p><span lang=\"FR-CH\">Ainsi sans compter les deux millions de tunisiens non inscrits sur les listes \u00e9lectorales en 2004 pas moins de 950.000 nouveaux votants devraient normalement se trouver dans le nombre des inscrits aux listes \u00e9lectorales pour les du 25 octobre 2009.<\/span><\/p>\n<p><span lang=\"FR-CH\">Mais les chiffres sont l\u00e0 pour d\u00e9mentir la vanit\u00e9 du discours. 4.974.707 tunisiens seulement ont \u00e9t\u00e9s appel\u00e9 \u00e0 voter alors qu\u2019ils devaient \u00eatre (4.609..237 + 950.000 = 5.559.237) sans compter les tunisiens r\u00e9sidents \u00e0 l\u2019\u00e9tranger qui ne sont pas concern\u00e9s, en vertu de la loi, par les \u00e9lections l\u00e9gislatives en Tunisie. Ainsi, si on compare la masse \u00e9lectorale du 25 octobre 2009 \u00e0 celle des \u00e9lections de 2004 on s\u2019aper\u00e7oit que le nombre des \u00e9lecteurs n\u2019a pas augment\u00e9 de plus de 350.000 nouveaux \u00e9lecteurs comme il appara\u00eet dans les chiffre mais d\u00e9min\u00e9 proportionnellement au nombre total de la population de plus de 600 mille \u00e9lecteurs par apport aux \u00e9lections pr\u00e9c\u00e9dente de 2004.<\/span><\/p>\n<p><span lang=\"FR-CH\">Avec 600 milles nouveau exclu qui ce sont ajout\u00e9s aux deux millions d\u2019exclus depuis 2004 les \u00e9lections l\u00e9gislatives de 2009 ont \u00e9t\u00e9s fauss\u00e9s depuis le d\u00e9but par une administration s\u00e9lective et partisane qui a condamn\u00e9 plus du tiers du peuple tunisien \u00e0 l\u2019exclusion de leur droit fondamental et souverain de participer au choix sur le m\u00eame pied d\u2019\u00e9galit\u00e9 \u00e0 l\u2019\u00e9lection de leurs repr\u00e9sentants au parlement. Ce n\u2019est l\u00e0 qu\u2019un aspect de cette parodie d\u2019\u00e9lection qu\u2019on continue de nous jouer depuis plus d\u2019un demi-si\u00e8cle maintenant et qui fait que plus du tiers des tunisiens restent exclus de leur droit constitutionnel fondamental de choisir leurs repr\u00e9sentants.<\/span><\/p>\n<p><span lang=\"FR-CH\">*\u00a0\u00a0\u00a0\u00a0\u00a0\u00a0\u00a0\u00a0\u00a0 *\u00a0\u00a0\u00a0\u00a0\u00a0\u00a0\u00a0\u00a0\u00a0 *<\/span><\/p>\n<p><span lang=\"FR-CH\">Cette introduction destin\u00e9e \u00e0 pr\u00e9ciser \u00e0 Mr Zine El Abidine Ben Ali qu\u2019il ne s\u2019agit pas d\u2019une \u00ab\u00a0Infime minorit\u00e9\u00a0\u00bb pour passer outre ses menaces \u00ab\u00a0contre quiconque \u00e9mettra des accusations ou des doutes concernant l\u2019int\u00e9grit\u00e9 de l\u2019op\u00e9ration \u00e9lectorale\u00a0\u00bb s\u2019inscrit dans la th\u00e8se qui soutient que les r\u00e9sultats de ce scrutin sont faux et fabriqu\u00e9s de toute pi\u00e8ce et ne repr\u00e9sentent m\u00eame pas l\u2019expression du vote des destouriens et de ceux qui se sont d\u00e9plac\u00e9s pour voter le 25 octobre dernier.<\/span><\/p>\n<p><span lang=\"FR-CH\">Je ne vais pas revenir sur les aspects que j\u2019ai abord\u00e9 dans trois articles en arabe publi\u00e9s au cours des deux semaines qui ont pr\u00e9c\u00e9d\u00e9 ce scrutin (1) et qui ont fait que les r\u00e9sultats de nos \u00e9lections soient connue d\u2019avance dans leur moindre d\u00e9tails et que l\u2019\u00e9lecteur n\u2019est qu\u2019un comparse manipul\u00e9 par l\u2019administration dans cette op\u00e9ration qui ne peut \u00eatre qualifi\u00e9 que de mascarade comme je l\u2019ai not\u00e9 dans mes articles pr\u00e9c\u00e9dent.<\/span><\/p>\n<p><span lang=\"FR-CH\">Un candidat n\u2019a pas le droit de s\u2019adresser aux tunisiens la veille d\u2019une \u00e9lection et un pr\u00e9sident de la r\u00e9publique n\u2019a pas le droit d\u2019intimider ses citoyens et de les menacer de poursuites sur la base de leurs opinion de son \u00e9lection la veille d\u2019un scrutin. Si le pr\u00e9sident Ben Ali a \u00e9t\u00e9 oblig\u00e9 de faire cette sortie ce n\u2019est pas parce qu\u2019il ignorait ces r\u00e8gles fondamentales de droit mais \u00e0 cause de l\u2019appr\u00e9hension ressenti au sommet du pouvoir des retomb\u00e9es de la d\u00e9saffection g\u00e9n\u00e9rale palpable la veille du scrutin.<\/span><\/p>\n<p><span lang=\"FR-CH\">Il faut \u00eatre un \u00e9tranger ou n\u2019avoir jamais v\u00e9cu en Tunisie pour pouvoir avaler tant d\u2019anomalies et ne pas ressentir l\u2019affront que continu \u00e0 faire subir ce r\u00e9gime aux tunisien par ses manipulations.<\/span><\/p>\n<p><span lang=\"FR-CH\">Il \u00e9t\u00e9 clair que le pouvoir \u00e0 compris qu\u2019il ne pouvait plus tromper personne par ses scores de plus de 90% et la d\u00e9cision d\u2019avoir des r\u00e9sultats l\u00e9g\u00e8rement au dessous de 90%, pour le pr\u00e9sident \u00e9lu comme pour le taux de participation, \u00e9t\u00e9 attendue et n\u2019a surpris personne. Ainsi le taux de participation qui \u00e9t\u00e9 annonc\u00e9 tous les deux heures et qui culminait \u00e0 87,15% \u00e0 16 de l\u2019apr\u00e8s midi le jour du scrutin s\u2019est subitement bloqu\u00e9 \u00e0 89.40% \u00e0 18 heure. Et alors qu\u2019on annon\u00e7ait dans l\u2019heure les taux de participations pr\u00e9c\u00e9dents au cours de la journ\u00e9e on \u00e0 du attendre le matin pour le savoir avec les r\u00e9sultats. Ce taux a \u00e9t\u00e9 tout simplement baiss\u00e9 de deux point par apport \u00e0 celui des \u00e9lections de 2004 qui \u00e9t\u00e9 de 91,40%. C\u2019\u00e9t\u00e9 un simple chiffre d\u00e9cid\u00e9 d\u2019en haut pour temp\u00e9rer le ridicule du r\u00e9sultat r\u00e9el que plus personne ne parvient \u00e0 avaliser.<\/span><\/p>\n<p><span lang=\"FR-CH\">Il est aussi surprenant de trouver un parti qui s\u2019est le plus investi dans ces \u00e9lections et qui \u00e9t\u00e9 le plus pragmatique \u00e0 jouer le jeu \u00e0 fond comme le Parti de l\u2019Unit\u00e9 Populaire, qui de plus a b\u00e9n\u00e9ficier le plus de la couverture des m\u00e9dias, de moyens mises \u00e0 sa disposition et de facilit\u00e9s pour mener comme il veut sa campagne, dans la position du seul parti \u00e0 enregistrer un recul dans ses r\u00e9sultats en nombre de voix obtenus par apport aux pr\u00e9c\u00e9dentes \u00e9lections. Et que pouvait dire Mr Mohamed Bouchiha de plus que ce qu\u2019il a d\u00e9clar\u00e9 \u00ab\u00a0Notre participation s\u2019est bien d\u00e9roul\u00e9e lors de la campagne \u00e9lectorale et\u00a0\u00a0lors du scrutin. Ce r\u00e9sultat est pour nous suffisant et motivant\u00a0\u00bb. Alors qu\u2019il proclamait 24 heures auparavant qu\u2019il s\u2019attendait \u00e0 un r\u00e9sultat \u00e0 deux chiffres il a du se contenter de 03.39% des voix. La situation ne permet pas de bousculer le classement d\u2019une hi\u00e9rarchie pr\u00e9\u00e9tablie entre partis d\u2019opposition sans r\u00e9percussion.<\/span><\/p>\n<p><span lang=\"FR-CH\">Ainsi le Mouvement des D\u00e9mocrates Socialistes fort d\u2019un h\u00e9ritage dont il ne garde plus que le nom continuera \u00e0 figurer comme le premier parti d\u2019opposition en Tunisie. Avec moins de 10\u00a0000 voix de plus qu\u2019en 2004 son cota est port\u00e9e \u00e0 14 si\u00e8ge au parlement dont une majorit\u00e9 reconduits pour la troisi\u00e8me et la quatri\u00e8me fois. Certains croient que le RCD apporte son renfort \u00e0 l\u2019MDS pour lui permettre d\u2019atteindre ce score de 200,000 voix alors que la r\u00e9alit\u00e9 semble tout autre et il ne s\u2019agit que des chiffres distribu\u00e9s qui n\u2019ont aucun rapport avec la r\u00e9alit\u00e9.<\/span><\/p>\n<p><span lang=\"FR-CH\">Mais la v\u00e9ritable surprise de ces \u00e9lections vient contre toute attente d\u2019un autre parti en dislocation totale, abandonn\u00e9 par ses deux principaux dirigeants et pratiquement vid\u00e9 de ses militants. Apr\u00e8s un congr\u00e8s mont\u00e9 \u00a0de toute pi\u00e8ce \u00a0sa direction actuelle est venue l\u2019occuper. Le Parti Social Liberal parvient ainsi \u00e0 multiplier par quatre le nombre des voix qu\u2019il a obtenu par apport aux \u00e9lections pr\u00e9c\u00e9dentes. Accr\u00e9dit\u00e9 de seulement 25,261 des voix repr\u00e9sentant 00.6% des suffrages en 2004 le PSL obtient 99,468 voix en 2009 et se trouve ainsi avec 8 d\u00e9put\u00e9s au parlement.<\/span><\/p>\n<p><span lang=\"FR-CH\">Quant a l\u2019ancien secr\u00e9taire g\u00e9n\u00e9ral du PSL qui \u00e0 \u00e9t\u00e9 charg\u00e9 de former un autre parti pour les verts il s\u2019est trouv\u00e9 gratifi\u00e9 de 74\u00a0000 voix et six si\u00e8ges pour son parti au parlement.<\/span><\/p>\n<p><span lang=\"FR-CH\">Il est difficile de traiter de tel chiffres scientifiquement tellement ils trahissent la frilosit\u00e9 de la manipulation. Leur seul fil conducteur tend \u00e0 tenir et renforcer le statuquo. Ces tentatives inouis d\u2019\u00e9riger en parti d\u2019opposition des formations fantomatiques qui n\u2019ont aucun impact concret sur la soci\u00e9t\u00e9 et dont le seul point commun est d\u2019\u00eatre dirig\u00e9s par des individus inamovibles et aux liens obscures se proclament tous plus Benalistes que Ben Ali.<\/span><\/p>\n<p><span lang=\"FR-CH\">Le seul parti d\u2019opposition au parlement et qui s\u2019est vu r\u00e9duit \u00e0 1% des suffrages lors des \u00e9lections de 2004 s\u2019est trouv\u00e9 cette ann\u00e9e \u00e0 0,5% des voix tout rond. N\u2019y a t-il pas l\u00e0 trop de chiffres rond que les r\u00e8gles de la probabilit\u00e9 permettent de supposer\u00a0?<\/span><\/p>\n<p><span lang=\"FR-CH\">*\u00a0\u00a0\u00a0\u00a0\u00a0\u00a0\u00a0\u00a0\u00a0 *\u00a0\u00a0\u00a0\u00a0\u00a0\u00a0\u00a0\u00a0\u00a0 *<\/span><\/p>\n<p><span lang=\"FR-CH\">Le r\u00e9sultat qui r\u00e9sume toute cette com\u00e9die voulait nous expliquer et afficher au monde entier que 99,95% des tunisiens sont pour Ben Ali et seulement 00,50% s\u2019oppose \u00e0 lui.<\/span><\/p>\n<p><span lang=\"FR-CH\">Je ne crois pas que les martyrs de 1938 qui ont pay\u00e9 de leur sang la revendication du peuple Tunisien d\u2019Un parlement Tunisien \u00ab\u00a0BARLAMAN TOUNSI\u00a0\u00bb ont eu \u00e0 l\u2019esprit qu\u2019une telle institution peut \u00eatre r\u00e9duite \u00e0 des \u00ab\u00a0Beni oui oui\u00a0\u00bb qui ne jure d\u2019all\u00e9geance qu\u2019a un seul individu. Un parlement tunisien pour les tunisien est un legs de sang et de l\u2019histoire que nous nous transmettons de g\u00e9n\u00e9ration en g\u00e9n\u00e9ration jusqu\u2019au jour de son \u00e9lection.<\/span><\/p>\n<p><span lang=\"FR-CH\">Yahyaoui Mokhtar \u2013 Tunis le Mercredi 28 octobre 2009<\/span><\/p>\n<p><span lang=\"FR-CH\">1 \u2013 les trois textes peuvent \u00eatre consult\u00e9s sur les liens suivant\u00a0:<\/span><\/p>\n<p><span>1.\u00a0\u00a0\u00a0\u00a0\u00a0<a href=\"http:\/\/www.tunisiawatch.com\/?p=710\" target=\"_blank\" rel=\"noopener\"><span dir=\"RTL\" lang=\"AR-SA\">\u0625\u0646\u062a\u062e\u0627\u0628\u0627\u062a \u062a\u0640\u0648\u0646\u0633: \u0627\u0644\u0646\u062a\u0627\u0626\u062c \u0642\u0628\u0644 \u0627\u0644\u062a\u0635\u0648\u064a\u062a<\/span><\/a><\/span><\/p>\n<p><span>2.\u00a0\u00a0\u00a0\u00a0\u00a0<a href=\"http:\/\/www.tunisiawatch.com\/?p=832\" target=\"_blank\" rel=\"noopener\"><span dir=\"RTL\" lang=\"AR-SA\">\u0625\u0646\u062a\u062e\u0627\u0628\u0627\u062a \u062a\u0648\u0646\u0633: \u0641\u064a \u0645\u0647\u0632\u0644\u0629 \u0627\u0644\u0645\u062d\u0627\u0635\u0635\u0629<\/span><\/a><\/span><\/p>\n<p><span>3.\u00a0\u00a0\u00a0\u00a0\u00a0<a href=\"http:\/\/www.tunisiawatch.com\/?p=1060\" target=\"_blank\" rel=\"noopener\"><span dir=\"RTL\" lang=\"AR-SA\">\u0625\u0646\u062a\u062e\u0627\u0628\u0627\u062a \u062a\u0648\u0646\u0633: \u0633\u064a\u0646\u0627\u0631\u064a\u0648\u0647\u0627\u062a \u0644\u0645\u0627 \u0628\u0639\u062f \u0627\u0644\u0625\u062d\u062a\u0641\u0627\u0644\u0627\u062a<\/span><\/a><\/span><\/p>\n<p><b><span lang=\"FR-CH\">(Source: \u201cTunisia Watch\u201d (censure en Tunisie), le 28 octobre 2009)<\/span><\/b><\/p>\n<p><b><span lang=\"FR-CH\">Lien:<\/span><span lang=\"FR-CH\"><\/span><span><a href=\"http:\/\/www.tunisiawatch.com\/?p=1232\" target=\"_blank\" rel=\"noopener\"><span lang=\"FR-CH\">http:\/\/www.tunisiawatch.com\/?p=1232<\/span><\/a><\/span><\/b><\/p>\n<div><span><\/p>\n<hr align=\"left\" size=\"2\" width=\"100%\"\/><\/span><\/div>\n<p><span lang=\"FR\">\u00a0<\/span><\/p>\n<p align=\"center\"><b><span lang=\"FR-CH\">Fiction<\/span><\/b><\/p>\n<p align=\"center\"><b><span lang=\"IT\">Fahmi Fahman<\/span><\/b><\/p>\n<p align=\"center\"><span lang=\"IT\">Nomenklatura contre Mafia Dura<\/span><\/p>\n<p><span lang=\"IT\">Omar K<\/span><\/p>\n<p><span lang=\"FR-CH\">Fahmi Fahman (nom fictif) est un haut cadre tunisien qui travaille dans un service tellement secret qu\u2019il ne porte m\u00eame pas de nom. Il visite Montr\u00e9al pour enqu\u00eater sur l\u2019incendie qui a d\u00e9truit un immeuble appartenant \u00e0 un homme d\u2019affaires tunisien li\u00e9 au clan des Trabelsi. J\u2019ai profit\u00e9 de sa visite de la m\u00e9tropole qu\u00e9b\u00e9coise pour lui poser quelques questions.<\/span><\/p>\n<p><span lang=\"FR-CH\">O. K. : On vient d\u2019arr\u00eater le journaliste Taoufik Ben Brik aujourd\u2019hui. On a arr\u00eat\u00e9 le journaliste Zouheir Makhlouf le 15 octobre dernier. Hier, cinq \u00ab\u00a0inconnus\u00a0\u00bb ont tabass\u00e9 le journaliste Slim Boukhdhir et lui ont arrach\u00e9 ses v\u00eatements et ses effets personnels. Qu\u2019est-ce qui se passe actuellement en Tunisie ?<\/span><\/p>\n<p><span lang=\"FR-CH\">F. F. : C\u2019est tout \u00e0 fait normal pour une fin de r\u00e8gne. <\/span><\/p>\n<p><span lang=\"FR-CH\">O. K. : Mais on parle de fin de r\u00e8gne depuis octobre 1999 !<\/span><\/p>\n<p><span lang=\"FR-CH\">F. F. : Certaines agonies sont longues et douloureuses.<\/span><\/p>\n<p><span lang=\"FR-CH\">O. K. : L\u2019apr\u00e8s-Ben Ali a-t-il d\u00e9j\u00e0 commenc\u00e9 ?<\/span><\/p>\n<p><span lang=\"FR-CH\">F. F. : La Tunisie est en train de traverser une zone de cumulonimbus \u00e0 fortes turbulences. L\u2019\u00e8re Ben Ali est d\u00e9j\u00e0 derri\u00e8re nous. La Tunisie est enceinte d\u2019un b\u00e9b\u00e9 &#8211; le pessimistes parlent d\u2019un monstre &#8211; dont l\u2019\u00e9chographie pr\u00eate \u00e0 1001 interpr\u00e9tations. Ce b\u00e9b\u00e9 porte d\u00e9j\u00e0 un nom: \u00ab\u00a0L\u2019apr\u00e8s-Ben Ali\u00a0\u00bb. C\u2019est tout ce que je peux dire.<\/span><\/p>\n<p><span lang=\"FR-CH\">O. K. : C\u2019est une guerre sans merci entre les clans mafieux de Tunis ?<\/span><\/p>\n<p><span lang=\"FR-CH\">\u00a0F. F. : En fait il s\u2019agit d\u2019une guerre \u00e0 plusieurs fronts. Il y a , d\u2019une part, une guerre \u00e0 peine larv\u00e9e qui oppose la nomenklatura du RCD (parti au pouvoir depuis 1956), soutenue par certaines familles de la grande bourgeoisie de Sfax et Tunis, \u00e0 la \u00ab\u00a0R\u00e9gente de Carthage\u00a0\u00bb, Leila Trabelsi-Ben Ali. D\u2019autre part, il y a une guerre secr\u00e8te entre les\u00a0 \u00ab\u00a0chefs de gang\u00a0\u00bb qui orbitent autour du Palais de Carthage. Les plus connus sont Sakhr Materi et Belhassen Trabelsi. Le sort de chaque \u00ab\u00a0capo\u00a0\u00bb est intimement li\u00e9 \u00e0 celui des autres mais ils savent tous que le pouvoir ne se partage pas. Il faut lire la biographie du parrain de Chicago Sam Giancana ( Notre homme \u00e0 la Maison Blanche), \u00e9crite par son fr\u00e8re Chuck,\u00a0 pour comprendre la logique mafieuse.<\/span><\/p>\n<p><span lang=\"FR-CH\">O. K. : D\u2019apr\u00e8s vous, qui gagnera cette guerre ? <\/span><\/p>\n<p><span lang=\"FR-CH\">F. F. : La guerre sera gagn\u00e9e par celui qui r\u00e9ussira \u00e0 contr\u00f4ler les services de s\u00e9curit\u00e9 et \u00e0 maintenir l\u2019arm\u00e9e dans ses casernes.<\/span><\/p>\n<p><span lang=\"FR-CH\">O. K. : Et le peuple tunisien dans tout \u00e7a ?<\/span><\/p>\n<p><span lang=\"FR-CH\">F. F. : Il applaudira le vainqueur.<\/span><\/p>\n<p><span lang=\"FR\">\u00a0<\/span><\/p>\n<p><b><span lang=\"FR-CH\">(Source\u00a0: le blog de \u00ab\u00a0Omar Khayyam\u00a0\u00bb (censur\u00e9 en Tunisie), le 29 octobre 2009)<\/span><\/b><\/p>\n<p><b><span lang=\"FR-CH\">Lien:<\/span><span lang=\"FR-CH\"><a href=\"http:\/\/omarkhayyam.blogsome.com\/2009\/10\/29\/fahmi-fahman\/\" target=\"_blank\" rel=\"noopener\"><span>http:\/\/omarkhayyam.blogsome.com\/2009\/10\/29\/fahmi-fahman\/<\/span><\/a><\/span><\/b><\/p>\n<p><span lang=\"FR\">\u00a0<\/span><\/p>\n<div><span><\/p>\n<hr align=\"left\" size=\"2\" width=\"100%\"\/><\/span><\/div>\n<p align=\"center\"><b><span lang=\"FR-CH\">Lettre \u00e0 un Tunisien authentique<\/span><\/b><\/p>\n<p><span lang=\"FR-CH\">Cher Taoufik,<\/span><\/p>\n<p><span lang=\"FR-CH\">Une fois encore tu fais l\u2019actualit\u00e9, parce que t\u2019es un tunisien authentique. Il y a une dizaine d\u2019ann\u00e9es t\u2019as fait recul\u00e9 Ben face \u00e0 une pression m\u00e9diatique internationale, aujourd\u2019hui il garde en m\u00e9moire cette histoire et veut plus que jamais ta peau. Ben ne sait pas que t\u2019es devenu gr\u00e2ce \u00e0 lui une personnalit\u00e9 internationale et que le lobby journalistique mondial, s\u2019il a pu avaler quelques histoires pr\u00e9c\u00e9dentes et notamment le refoulement de l\u2019a\u00e9roport de Tunis de Robert M\u00e9nard de RSF et de Florence Beaug\u00e9 du journal Le Monde, ainsi que toutes les intimidations adress\u00e9es aux journalistes tunisiens durant ces derni\u00e8res ann\u00e9es, ne peut pas laisser tomber Taoufik.<\/span><\/p>\n<p><span lang=\"FR-CH\">Cher Taoufik, t\u2019as certainement perdu quelques soutiens depuis, mais \u00e0 travers tes \u00e9cris, t\u2019as r\u00e9ussi \u00e0 fid\u00e9liser une grande foule de lecteurs qui admirent ce que tu fais. Taoufik, t\u2019es un tunisien authentique parce que t\u2019es quelqu\u2019un qui aime la vie, tu aimes aussi les femmes, la bi\u00e8re et tu r\u00e9v\u00e8le \u00e7a dans tes \u00e9cris (Rire de baleine). Je me rappelle bien de ta fameuse phrase lorsque tu \u00e9voquait les caf\u00e9s de Tunis \u201d \u00e7a pue le male\u201d. Tu ne vis pas cette schizophr\u00e9nie que vivent les autres tunisiens et qui n\u2019assument pas ce qu\u2019ils sont r\u00e9ellement.<\/span><\/p>\n<p><span lang=\"FR-CH\">T\u2019es authentique aussi car t\u2019es un homme de principe pas un vendu, ou un arriviste. T\u2019es l\u2019un des rares \u00e9crivains et journalistes tunisiens qui ne croit pas au politiquement correct.<\/span><\/p>\n<p><span lang=\"FR-CH\">Aujourd\u2019hui t\u2019es l\u2019une des rares personnalit\u00e9s tunisiennes qui fait trembler le r\u00e9gime. N\u00e9anmoins, il me semble que ce dernier en phase de pr\u00e9 euthanasie, ne comprend plus ce qu\u2019il doit faire r\u00e9ellement.<\/span><\/p>\n<p><b><span lang=\"FR-CH\">Charchabil<\/span><\/b><\/p>\n<div><span><\/p>\n<hr align=\"left\" size=\"2\" width=\"100%\"\/><\/span><\/div>\n<p align=\"center\"><b><span lang=\"FR-CH\">Elections tunisiennes : Chers compatriotes, vous \u00eates privil\u00e9gi\u00e9s !!<\/span><\/b><\/p>\n<p><span lang=\"FR-CH\">\\\u00a0\u00bbVers le si\u00e8cle prochain\\\u00a0\u00bb dit l\\&rsquo;affiche ! Nous voil\u00e0 parti pour 5 ans !!!! 5 ans de modernit\u00e9, de prosp\u00e9rit\u00e9, de gloire,.. Bref, 5 ans durant lesquels l\u2019exception tunisienne nous d\u00e9voilera surement des nouvelles retrouvailles et d\u2019autres mod\u00e8les en termes de gouvernance. c\u2019est pour dire, nous avons des centres de recherche politiciens les plus cr\u00e9atifs au monde. Juristes, d\u00e9put\u00e9s, avocats, journalistes et j\u2019en passe\u2026Toute une machine qui tourne en plein r\u00e9gime pour faire rayonner notre image : l\u2019exception tunisienne !<\/span><\/p>\n<p><span lang=\"FR-CH\">Vous en doutez ? je ne pense pas franchement. Preuve \u00e0 l\u2019appui. Des lois taill\u00e9es sur mesure pour autoriser tel ou tel candidat \u00e0 postuler pour les \u00e9lections pr\u00e9sidentielles, une presse libre, des partis de toutes les couleurs qui exercent en toute libert\u00e9..Un peuple heureux, prosp\u00e8re vivant dans un climat de s\u00e9r\u00e9nit\u00e9 et qui ne veux surtout pas changer de r\u00e9gime ou de pr\u00e9sident.<\/span><\/p>\n<p><span lang=\"FR-CH\">Ah le pr\u00e9sident !!! l\u2019intouchable. Il nous cesse de nous fasciner par son attachement au pays, par sa gouvernante clairvoyante, par son amour aux tunisiens et surtout par son sacrifice infatigable. On le doit mille et une reconnaissances. En tout cas, aucun effort ne sera \u00e9pargner pour glorifier notre cher diva !!<\/span><\/p>\n<p><span lang=\"FR-CH\">Le 25 octobre, nous sommes dormis non sans confiance et sans plaisance. Sacr\u00e9 Ben Avi !<\/span><\/p>\n<p><b><span lang=\"FR-CH\">(Source: nawaat.org (Censur\u00e9 en Tunisie), le 29 octobre 2009)<\/span><\/b><\/p>\n<p><b><span lang=\"IT\">Lien:<\/span><span lang=\"IT\"><a href=\"http:\/\/www.nawaat.org\/portail\/2009\/10\/29\/vous-etes-privilegies\/\" target=\"_blank\" rel=\"noopener\"><span>http:\/\/www.nawaat.org\/portail\/2009\/10\/29\/vous-etes-privilegies\/<\/span><\/a><\/span><\/b><\/p>\n<p><span lang=\"IT\">\u00a0<\/span><\/p>\n<p align=\"left\" dir=\"ltr\">\u00a0<\/p>\n<p align=\"center\" dir=\"ltr\">\u00a0<\/p>\n<p align=\"center\" dir=\"ltr\">\n<h4 style=\"color: blue;\"><font face=\"Arial\" size=\"2\"><strong><b><a href=\"http:\/\/www.tunisnews.net\/\"><font face=\"Arial\"><span><font size=\"2\">Home<\/font><\/span><font size=\"2\"><span lang=\"FR-CH\"> &#8211; Accueil <\/span><span>&#8211; <\/span><\/font><\/font><span dir=\"rtl\" lang=\"AR-SA\"><font size=\"2\">\u0627\u0644\u0631\u0626\u064a\u0633\u064a\u0629<\/font><\/span><\/a><\/b><\/strong><\/font><\/h4>\n<\/p>\n<p><\/body><\/body><\/html><\/p>\n","protected":false},"excerpt":{"rendered":"<p>Home &#8211; Accueil \u00a0 TUNISNEWS 9\u00a0\u00e8me ann\u00e9e, N\u00b0\u00a03447 du 30.10.2009 archives : www.tunisnews.net C.R.L.D.H. Tunisie: Flash Infos le 29 octobre 2009 Libert\u00e9 et Equit\u00e9: Nouvelles des libert\u00e9s en Tunisie Lettre ouverte \u00e0 Bernard Kouchner, Ministre des Affaires \u00e9trang\u00e8res Et Fr\u00e9d\u00e9ric Mitterrand, Ministre de la Culture Assabilonline: Ma\u00eetre Faouzi Ben Jaballah se voit interdire de rendre [&hellip;]<\/p>\n","protected":false},"author":1,"featured_media":22040,"comment_status":"open","ping_status":"open","sticky":false,"template":"","format":"standard","meta":{"inline_featured_image":false,"site-sidebar-layout":"default","site-content-layout":"","ast-site-content-layout":"default","site-content-style":"default","site-sidebar-style":"default","ast-global-header-display":"","ast-banner-title-visibility":"","ast-main-header-display":"","ast-hfb-above-header-display":"","ast-hfb-below-header-display":"","ast-hfb-mobile-header-display":"","site-post-title":"","ast-breadcrumbs-content":"","ast-featured-img":"","footer-sml-layout":"","ast-disable-related-posts":"","theme-transparent-header-meta":"","adv-header-id-meta":"","stick-header-meta":"","header-above-stick-meta":"","header-main-stick-meta":"","header-below-stick-meta":"","astra-migrate-meta-layouts":"default","ast-page-background-enabled":"default","ast-page-background-meta":{"desktop":{"background-color":"","background-image":"","background-repeat":"repeat","background-position":"center center","background-size":"auto","background-attachment":"scroll","background-type":"","background-media":"","overlay-type":"","overlay-color":"","overlay-opacity":"","overlay-gradient":""},"tablet":{"background-color":"","background-image":"","background-repeat":"repeat","background-position":"center center","background-size":"auto","background-attachment":"scroll","background-type":"","background-media":"","overlay-type":"","overlay-color":"","overlay-opacity":"","overlay-gradient":""},"mobile":{"background-color":"","background-image":"","background-repeat":"repeat","background-position":"center center","background-size":"auto","background-attachment":"scroll","background-type":"","background-media":"","overlay-type":"","overlay-color":"","overlay-opacity":"","overlay-gradient":""}},"ast-content-background-meta":{"desktop":{"background-color":"var(--ast-global-color-5)","background-image":"","background-repeat":"repeat","background-position":"center center","background-size":"auto","background-attachment":"scroll","background-type":"","background-media":"","overlay-type":"","overlay-color":"","overlay-opacity":"","overlay-gradient":""},"tablet":{"background-color":"var(--ast-global-color-5)","background-image":"","background-repeat":"repeat","background-position":"center center","background-size":"auto","background-attachment":"scroll","background-type":"","background-media":"","overlay-type":"","overlay-color":"","overlay-opacity":"","overlay-gradient":""},"mobile":{"background-color":"var(--ast-global-color-5)","background-image":"","background-repeat":"repeat","background-position":"center center","background-size":"auto","background-attachment":"scroll","background-type":"","background-media":"","overlay-type":"","overlay-color":"","overlay-opacity":"","overlay-gradient":""}},"footnotes":""},"categories":[],"tags":[62,40,29],"class_list":["post-17474","post","type-post","status-publish","format-standard","has-post-thumbnail","hentry","tag-62","tag-40","tag-fr"],"_links":{"self":[{"href":"https:\/\/tunisnews.net\/ar\/wp-json\/wp\/v2\/posts\/17474","targetHints":{"allow":["GET"]}}],"collection":[{"href":"https:\/\/tunisnews.net\/ar\/wp-json\/wp\/v2\/posts"}],"about":[{"href":"https:\/\/tunisnews.net\/ar\/wp-json\/wp\/v2\/types\/post"}],"author":[{"embeddable":true,"href":"https:\/\/tunisnews.net\/ar\/wp-json\/wp\/v2\/users\/1"}],"replies":[{"embeddable":true,"href":"https:\/\/tunisnews.net\/ar\/wp-json\/wp\/v2\/comments?post=17474"}],"version-history":[{"count":0,"href":"https:\/\/tunisnews.net\/ar\/wp-json\/wp\/v2\/posts\/17474\/revisions"}],"wp:featuredmedia":[{"embeddable":true,"href":"https:\/\/tunisnews.net\/ar\/wp-json\/wp\/v2\/media\/22040"}],"wp:attachment":[{"href":"https:\/\/tunisnews.net\/ar\/wp-json\/wp\/v2\/media?parent=17474"}],"wp:term":[{"taxonomy":"category","embeddable":true,"href":"https:\/\/tunisnews.net\/ar\/wp-json\/wp\/v2\/categories?post=17474"},{"taxonomy":"post_tag","embeddable":true,"href":"https:\/\/tunisnews.net\/ar\/wp-json\/wp\/v2\/tags?post=17474"}],"curies":[{"name":"wp","href":"https:\/\/api.w.org\/{rel}","templated":true}]}}