{"id":17469,"date":"2011-12-02T00:00:00","date_gmt":"2011-12-02T00:00:00","guid":{"rendered":"https:\/\/tunisnews.net\/2-decembre-2011\/"},"modified":"2011-12-02T00:00:00","modified_gmt":"2011-12-02T00:00:00","slug":"2-decembre-2011","status":"publish","type":"post","link":"https:\/\/tunisnews.net\/ar\/2-decembre-2011\/","title":{"rendered":"2 d\u00e9cembre 2011"},"content":{"rendered":"<p><html><head><meta content=\"text\/html\" description=\"Des milliers de personnes, \n\t\t\t\t\t\t\t\t\t\t\t\t\tuniversitaires, \u00e9tudiants, \n\t\t\t\t\t\t\t\t\t\t\t\t\touvriers du bassin minier, \n\t\t\t\t\t\t\t\t\t\t\t\t\tmanifestaient jeudi devant \n\t\t\t\t\t\t\t\t\t\t\t\t\tle si\u00e8ge de l'Assembl\u00e9e \n\t\t\t\t\t\t\t\t\t\t\t\t\tconstituante \u00e0 Tunis pour \n\t\t\t\t\t\t\t\t\t\t\t\t\texprimer leurs inqui\u00e9tudes \n\t\t\t\t\t\t\t\t\t\t\t\t\tsur le ch\u00f4mage, l'int\u00e9grisme \n\t\t\t\t\t\t\t\t\t\t\t\t\treligieux ou la corruption. \n\t\t\t\t\t\t\t\t\t\t\t\t\tDe deux \u00e0 trois mille \n\t\t\t\t\t\t\t\t\t\t\t\t\tpersonnes, selon les \n\t\t\t\t\t\t\t\t\t\t\t\t\tjournalistes de l'AFP, se \n\t\t\t\t\t\t\t\t\t\t\t\t\tsont install\u00e9es devant le \n\t\t\t\t\t\t\t\t\t\t\t\t\tpalais du Bardo, o\u00f9 si\u00e8ge \n\t\t\t\t\t\t\t\t\t\t\t\t\tl'Assembl\u00e9e, dont les \n\t\t\t\t\t\t\t\t\t\t\t\t\tentr\u00e9es \u00e9taient gard\u00e9es par \n\t\t\t\t\t\t\t\t\t\t\t\t\tdes blind\u00e9s.\" http-equiv=\"Content-Type\"\/><\/head><body><body><\/p>\n<div><font><strong><font face=\"Calibri\" size=\"2\"><font><font><span dir=\"rtl\" lang=\"AR-SA\"><font><\/font><\/span><\/font><\/font><\/font><\/strong><\/font><\/p>\n<div align=\"center\" dir=\"ltr\"><font face=\"Bookman Old Style\" size=\"7\"><strong>TUNISNEWS <\/strong><\/font><\/div>\n<div align=\"center\" dir=\"ltr\"><strong><font face=\"Arial\" size=\"2\">11 \u00e8me ann\u00e9e, N\u00b04173 du 02.12.2011<\/font><\/strong><\/div>\n<div align=\"center\" dir=\"ltr\"><font face=\"Arial\" size=\"2\"><strong>archives : <\/strong><\/font><a rel=\"nofollow\"><font face=\"Arial\" size=\"2\"><strong>www.tunisnews.net<\/strong><\/font><\/a><span lang=\"FR\"><strong><font face=\"Arial\" size=\"2\"><\/font><\/strong><\/span><\/div>\n<p><font><\/font><font><font><font><\/p>\n<div dir=\"ltr\"><strong><font face=\"Arial\" size=\"2\"><\/p>\n<hr\/>\n<p><\/font><\/strong><\/div>\n<p><\/font><\/font><\/font><\/p>\n<div>\n<h2 style=\"color: red;\"><font face=\"Arial\" size=\"2\"><strong>Le Monde.fr Tunisie : des milliers de manifestants devant l&rsquo;Assembl\u00e9e constituante<\/strong><\/font><\/h2>\n<\/div>\n<div><font face=\"Arial\" size=\"2\"><strong>AP: Tunisie: la BCT tire la sonnette d&rsquo;alarme sur la situation \u00e9conomique<\/strong><\/font><\/div>\n<div>\n<p><font face=\"Arial\" size=\"2\"><strong>Alternatives citoyennes: Ce que nous disent les jeunes \u00ab pendus \u00bb des mines de phosphate : Assez, Yezzi !<\/strong><\/font><\/p>\n<\/div>\n<div><font face=\"Arial\" size=\"2\"><strong>Le Point.fr: Tunisie : l&rsquo;offensive des fondamentalistes \u00e0 l&rsquo;universit\u00e9<\/strong><\/font><\/div>\n<div>\n<h2 style=\"color: red;\"><font face=\"Arial\" size=\"2\"><strong>Le Temps: Justice : Verdict dans l\u2019affaire de Barraket Essahel<\/strong><\/font><\/h2>\n<\/div>\n<div><font face=\"Arial\" size=\"2\"><strong>La Presse: Coup de force salafiste et violences au campus de La Manouba &#8211; Toll\u00e9 g\u00e9n\u00e9ral aux relents politiques<\/strong><\/font><\/div>\n<div>\n<p><font face=\"Arial\" size=\"2\"><strong>Business News: Tunisie &#8211; Les magistrats refusent la mainmise de Mustapha Ben Ja\u00e2far et de Hamadi Jebali<\/strong><\/font><\/p>\n<\/div>\n<div><font face=\"Arial\" size=\"2\"><strong>Espace Manager: Tunisie: Wahid Dhiab veut faire l&rsquo;actualit\u00e9<\/strong><\/font><\/div>\n<div>\n<h2 style=\"color: red;\"><font face=\"Arial\" size=\"2\"><strong>Maghreb Emergent: Rached Ghannouchi parmi les 100 plus grands intellectuels de l\u2019ann\u00e9e 2011<\/strong><\/font><\/h2>\n<\/div>\n<div><font face=\"Arial\" size=\"2\"><strong>El Watan: Moncef Marzouki, Le reclus de Sousse s\u2019empare de Carthage<\/strong><\/font><\/div>\n<div>\n<p><font face=\"Arial\" size=\"2\"><strong>Le Temps: Exclusif: Le Temps publie le texte de la loi de Finances 2012 Ferait-on du neuf avec du vieux ?<\/strong><\/font><\/p>\n<\/div>\n<div><font face=\"Arial\" size=\"2\"><strong>Gnet: Tunisie, faut-il revenir au diktat d\u2019un parti unique appel\u00e9 Ennahdha ?<\/strong><\/font><\/div>\n<div>\n<h2 style=\"color: red;\"><font face=\"Arial\" size=\"2\"><strong>Webmanager Center: Tunisie &#8211; Commerce: Franchise, on en parle ces temps-ci !<\/strong><\/font><\/h2>\n<\/div>\n<div><font face=\"Arial\" size=\"2\"><strong>Kapitalis: A Montr\u00e9al, lev\u00e9e de fond pour les bless\u00e9s de la r\u00e9volution tunisienne<\/strong><\/font><\/div>\n<div>\n<div>\n<div>\n<div>\n<div>\n<div>\n<div>\n<div>\n<div>\n<div>\n<div>\n<p><font face=\"Arial\" size=\"2\"><\/p>\n<div dir=\"ltr\"><strong><\/p>\n<hr\/>\n<p><\/strong><\/div>\n<div align=\"center\"><strong><\/p>\n<h2 style=\"color: red;\"><font face=\"Arial\">Tunisie : des milliers de manifestants devant l&rsquo;Assembl\u00e9e constituante<\/font><\/h2>\n<p><\/strong><\/div>\n<div align=\"center\">\n<hr\/>\n<\/div>\n<div><font face=\"Arial\" size=\"2\">LEMONDE.FR avec AFP | 01.12.11 | 13h55<\/font><\/div>\n<div><font face=\"Arial\" size=\"2\">Des milliers de personnes, universitaires, \u00e9tudiants, ouvriers du bassin minier, manifestaient jeudi devant le si\u00e8ge de l&rsquo;Assembl\u00e9e constituante \u00e0 Tunis pour exprimer leurs inqui\u00e9tudes sur le ch\u00f4mage, l&rsquo;int\u00e9grisme religieux ou la corruption. De deux \u00e0 trois mille personnes, selon les journalistes de l&rsquo;AFP, se sont install\u00e9es devant le palais du Bardo, o\u00f9 si\u00e8ge l&rsquo;Assembl\u00e9e, dont les entr\u00e9es \u00e9taient gard\u00e9es par des blind\u00e9s.<\/font><\/div>\n<div><font face=\"Arial\" size=\"2\">\u00ab\u00a0Non \u00e0 l&rsquo;extr\u00e9misme !\u00a0\u00bb \u00ab\u00a0Touche pas \u00e0 mes enseignants\u00a0\u00bb, scandaient des professeurs d&rsquo;universit\u00e9, en gr\u00e8ve ce jeudi pour protester contre des incidents dans une facult\u00e9 de lettres pr\u00e8s de Tunis, o\u00f9 des islamistes r\u00e9clament le droit pour les \u00e9tudiantes en niqab d&rsquo;assister aux cours. Des \u00e9tudiants brandissaient des pancartes sur lesquelles on pouvait lire \u00ab\u00a0Ni mini-jupe ni niqab\u00a0\u00bb, \u00ab\u00a0Si tu veux le niqab, va le mettre chez toi\u00a0\u00bb. \u00ab\u00a0Je suis venu parce que je suis ahuri par ce qui se passe dans le pays. Le niqab n&rsquo;a jamais fait partie de nos traditions\u00a0\u00bb, expliquait un homme d&rsquo;affaires refusant de donner son nom.<\/font><\/div>\n<div><font face=\"Arial\" size=\"2\">CONTRE L&rsquo;OPACIT\u00c9 DE L&rsquo;ASSEMBL\u00c9E<\/font><\/div>\n<div><font face=\"Arial\" size=\"2\">A c\u00f4t\u00e9, des mineurs de Gafsa (Centre) ont install\u00e9 des tentes et se disaient d\u00e9termin\u00e9s \u00e0 rester tant que leurs revendications ne seraient pas satisfaites. Ils demandent l&rsquo;annulation d&rsquo;un concours de recrutement \u00e0 la Compagnie g\u00e9n\u00e9rale des phosphates, principal employeur du bassin minier, qu&rsquo;ils estiment truqu\u00e9. La publication des r\u00e9sultats de ce concours a d\u00e9j\u00e0 entra\u00een\u00e9 des violences la semaine derni\u00e8re dans des localit\u00e9s du bassin minier.<\/font><\/div>\n<div><font face=\"Arial\" size=\"2\">\u00ab\u00a0On n&rsquo;a pas fait la r\u00e9volution pour \u00e7a. Les gens ont faim, n&rsquo;ont pas d&#8217;emploi, la corruption s\u00e9vit toujours dans le pays\u00a0\u00bb, a d\u00e9clar\u00e9 le leader communiste Hama Hammami, pr\u00e9sent \u00e0 la manifestation. \u00ab\u00a0La politique se fait dans la rue et pas dans les chambres closes\u00a0\u00bb, scandaient d&rsquo;autres manifestants, qui protestaient pour leur part contre l&rsquo;opacit\u00e9 des travaux men\u00e9s dans deux commissions de l&rsquo;Assembl\u00e9e constituante qui tentent laborieusement de tomber d&rsquo;accord sur les pr\u00e9rogatives de l&rsquo;ex\u00e9cutif et le fonctionnement de l&rsquo;Assembl\u00e9e.<\/font><\/div>\n<div><font face=\"Arial\" size=\"2\">Plus d&rsquo;un mois apr\u00e8s l&rsquo;\u00e9lection du 23 octobre, remport\u00e9e par les islamistes d&rsquo;Ennahda, la Tunisie n&rsquo;a pas de gouvernement. L&rsquo;\u00e9quipe sortante du premier ministre B\u00e9ji Ca\u00efd Essebsi g\u00e8re les affaires courantes.<\/font><\/div>\n<p><strong><\/p>\n<hr\/>\n<p><\/strong><\/p>\n<div align=\"center\">\u00a0<\/div>\n<div align=\"center\"><font face=\"Arial\" size=\"2\"><strong><\/p>\n<h2 style=\"color: red;\"><font size=\"3\">Tunisie: la BCT tire la sonnette d&rsquo;alarme sur la situation \u00e9conomique<\/font><\/h2>\n<p><\/strong><font><\/font><\/font><\/div>\n<div align=\"center\">\n<hr\/>\n<\/div>\n<div><font face=\"Arial\" size=\"2\">Publi\u00e9 le 01-12-11 \u00e0 20:10 Modifi\u00e9 \u00e0 21:10 <\/font><\/div>\n<div><font face=\"Arial\" size=\"2\">TUNIS (AP) \u2014 La Banque centrale de Tunisie (BCT) a mis en garde jeudi contre les risques de crise si les difficult\u00e9s \u00e9conomiques que rencontre le pays depuis pr\u00e8s d&rsquo;un an persistaient.<\/font><\/div>\n<div><font face=\"Arial\" size=\"2\">La sonnette d&rsquo;alarme a \u00e9t\u00e9 tir\u00e9e lors d&rsquo;une r\u00e9union d&rsquo;urgence de la BCT, consid\u00e9r\u00e9e comme le barom\u00e8tre de l&rsquo;\u00e9conomie tunisienne. Elle s&rsquo;est tenue apr\u00e8s la chute des entr\u00e9es en recettes touristiques et la persistance des gr\u00e8ves et des sit-in qui affectent nombre de secteurs vitaux dont celui des phosphates, principaux pourvoyeurs de postes d&#8217;emploi et de devises fortes.<\/font><\/div>\n<div><font face=\"Arial\" size=\"2\">Dans un communiqu\u00e9 diffus\u00e9 par l&rsquo;agence officielle TAP, la BCT rel\u00e8ve que les marges de manoeuvre en politique mon\u00e9taire deviennent limit\u00e9es, surtout avec la mauvaise passe que traverse l&rsquo;\u00e9conomie mondiale, notamment l&rsquo;Europe, principal partenaire de la Tunisie (80% des \u00e9changes).<\/font><\/div>\n<div><font face=\"Arial\" size=\"2\">Notant une absence de visibilit\u00e9 des investisseurs locaux et \u00e9trangers sur la politique \u00e9conomique, le communique appelle \u00e0 une acc\u00e9l\u00e9ration du processus de formation du nouveau gouvernement et \u00e0 un fonctionnement normal des \u00e9tablissements de l&rsquo;Etat pour reconqu\u00e9rir la confiance des investisseurs.<\/font><\/div>\n<div><font face=\"Arial\" size=\"2\">Plus d&rsquo;un mois apr\u00e8s les \u00e9lections, les tractations se poursuivent pour mettre en place les structures dirigeantes, g\u00e9n\u00e9rant un climat d&rsquo;attentisme d\u00e9favorable \u00e0 l&rsquo;investissement.<\/font><\/div>\n<div><font face=\"Arial\" size=\"2\">A la mi-novembre d\u00e9j\u00e0, les param\u00e8tres de l&rsquo;\u00e9conomie tunisienne \u00e9taient dans le rouge, selon la BCT: lenteur du rythme de la croissance, ralentissement des exportations, recul des recettes touristiques et contraction de l&rsquo;investissement tant int\u00e9rieur qu&rsquo;\u00e9tranger.<\/font><\/div>\n<div><font face=\"Arial\" size=\"2\">En mati\u00e8re de paiements ext\u00e9rieurs, il en est d\u00e9coul\u00e9 un accroissement du d\u00e9ficit courant qui a atteint 5,7% du PIB fin octobre.<\/font><\/div>\n<div><font face=\"Arial\" size=\"2\">Le niveau des r\u00e9serves en devises a continu\u00e9 de baisser, atteignant 10,551 milliards de dinars (environ 5,3 milliards d&rsquo;euros), soit 114 jours d&rsquo;importations contre pr\u00e8s de cinq mois au terme de l&rsquo;ann\u00e9e \u00e9coul\u00e9e.<\/font><\/div>\n<div><font face=\"Arial\" size=\"2\">La BCT pr\u00e9voit qu&rsquo;une croissance positive en 2011 soit \u00ab\u00a0plus difficile\u00a0\u00bb dans un contexte o\u00f9 la marge d&rsquo;intervention en mati\u00e8re de politique mon\u00e9taire pour appuyer l&rsquo;activit\u00e9 \u00e9conomique est d\u00e9sormais limit\u00e9e. AP<\/font><\/div>\n<p><strong><\/p>\n<hr\/>\n<p><\/strong><\/p>\n<div align=\"center\"><b><font><font>Alternatives citoyennes<\/font><\/font><\/b><\/div>\n<div align=\"center\"><b><font><font>Des Tunisiens, ici et ailleurs, pour reb\u00e2tir ensemble un avenir<\/font><\/font><\/b><\/div>\n<div align=\"center\"><b><font><font>D\u00e9cembre 2011<\/font><\/font><\/b><\/div>\n<div align=\"center\"><b> \u00a0<\/b><\/div>\n<div>\n<div align=\"center\"><b><font><\/font><\/b><b><\/p>\n<h2 style=\"color: red;\"><font size=\"3\">Ce que nous disent les jeunes \u00ab pendus \u00bb des mines de phosphate : Assez, Yezzi !<\/font><\/h2>\n<p><\/b><\/div>\n<div align=\"center\"><a href=\"http:\/\/www.alternatives-citoyennes.sgdg.org\/2011-12\/011211-w.html\" rel=\"nofollow noopener\" target=\"_blank\"><font>http:\/\/www.alternatives-citoyennes.sgdg.org\/2011-12\/011211-w.html<\/font><\/a><\/div>\n<div align=\"center\">\n<hr\/>\n<\/div>\n<div>\n<div align=\"center\">\u00a0<\/div>\n<div>\n<div><font>Qui sait, ce mercredi 30 novembre, que deux jeunes ch\u00f4meurs de Om Larayes et de Mdhilla ont tent\u00e9 de se suicider en se passant la corde au cou en haut d&rsquo;un b\u00e2timent, face au si\u00e8ge de la Compagnie des Phosphates de Gafsa \u00e0 Tunis ?<\/font><\/div>\n<div><font>Peu de monde certainement, en dehors des passants qui assistaient, m\u00e9dus\u00e9s, \u00e0 ce suicide spectaculaire et de leurs camarades qui les ont d\u00e9croch\u00e9s de justesse. On dira peut-\u00eatre qu&rsquo;il s&rsquo;agit d&rsquo;une \u00ab op\u00e9ration de comm&rsquo; \u00bb sinistre ou d&rsquo;un \u00ab marketing \u00bb du suicide de la m\u00eame inventivit\u00e9 que ce sans emploi de la Skhira, p\u00e8re de quatre enfants, qui les met en vente parce qu&rsquo;il ne peut plus les nourrir. Voil\u00e0 la nouvelle forme d&rsquo;appels au secours que relaient le nombre, impossible \u00e0 chiffrer d\u00e9sormais, de tous les d\u00e9sesp\u00e9r\u00e9s qui, depuis avant le 17 d\u00e9cembre 2010, se sont immol\u00e9s par le feu.<\/font><\/div>\n<div><font>Qui les entend surtout ces jours-ci o\u00f9 l&rsquo;attention de l&rsquo;opinion publique est monopolis\u00e9e par le coup de force salafiste \u00e0 la facult\u00e9 de la Manouba et par la tentative d&rsquo;Ennahdha, \u00e0 l&rsquo;Assembl\u00e9e constituante, de faire main basse sur tous les pouvoirs ?<\/font><\/div>\n<div><font>Aujourd&rsquo;hui jeudi 1er d\u00e9cembre, c&rsquo;est gr\u00e8ve g\u00e9n\u00e9rale de l&rsquo;universit\u00e9 tunisienne en protestation contre les atteintes aux libert\u00e9s acad\u00e9miques et aux libert\u00e9s individuelles et, pas plus tard qu&rsquo;hier matin, contre la violence subie par le doyen de la facult\u00e9 de la Manouba, Habib Kazdaghli, jet\u00e9 \u00e0 terre alors qu&rsquo;il tentait de parlementer avec les sit-inneurs !<\/font><\/div>\n<div><font>Car l&rsquo;occupation n&rsquo;est pas finie : depuis lundi matin, une bande de salafistes en barbes et longues robes et de jeunes filles (allez savoir si ce sont bien des filles ?) en niqab a investi la facult\u00e9 et les locaux de l&rsquo;administration o\u00f9 ils \u00e9lucubrent, mangent, dorment et prient, dans une atmosph\u00e8re confin\u00e9e de mauvaise haleine matinale, salet\u00e9 et puanteur, dans une impuret\u00e9 peu propice aux pri\u00e8res et dans une mixit\u00e9 que leur croyance r\u00e9prouve. Ils emp\u00eachent \u00e9galement \u00e9tudiants et professeurs de se livrer au premier commandement sacr\u00e9 : Apprends !<\/font><\/div>\n<div><font>En d\u00e9pit d&rsquo;un<a href=\"http:\/\/www.alternatives-citoyennes.sgdg.org\/2011-11\/291111-w.html\" rel=\"nofollow noopener\" target=\"_blank\">retard \u00e0 l&#8217;embrayage<\/a>, la r\u00e9sistance s&rsquo;amplifie contre ce mouvement ill\u00e9gal et moyen\u00e2geux : \u00e0 l&rsquo;appel de la f\u00e9d\u00e9ration des syndicats de l&rsquo;enseignement sup\u00e9rieur, sous l&rsquo;\u00e9gide de l&rsquo;UGTT, un meeting s&rsquo;est tenu \u00e0 la facult\u00e9 de la Manouba mardi et a d\u00e9cid\u00e9 de la gr\u00e8ve g\u00e9n\u00e9rale de ce jeudi et du rassemblement devant le palais du Bardo, si\u00e8ge de l&rsquo;Assembl\u00e9e constituante.<\/font><\/div>\n<div><font>Des \u00e9lus de cette Assembl\u00e9e se sont depuis mardi associ\u00e9s \u00e0 ce mouvement de protestation, et parlementent pour faire cesser l&rsquo;occupation ou interviennent de l&rsquo;int\u00e9rieur de l&rsquo;Assembl\u00e9e, seule instance l\u00e9gitime, pour qu&rsquo;une condamnation indiscutable et unanime de ce coup de force mette un terme \u00e0 la profanation d&rsquo;un sanctuaire du savoir et porte un coup d&rsquo;arr\u00eat \u00e0 une r\u00e9gression fanatique multiforme.<\/font><\/div>\n<div><font>Apr\u00e8s les \u00e9lus du P\u00f4le d\u00e9mocratique et moderniste conduits par Ahmed Brahim, secr\u00e9taire g\u00e9n\u00e9ral d&rsquo;Ettajdid, et apr\u00e8s l&rsquo;intervention de Maya Jribi, secr\u00e9taire g\u00e9n\u00e9rale du PDP appelant l&rsquo;Assembl\u00e9e constituante a se prononcer, des repr\u00e9sentants d&rsquo;Ettakatol, particuli\u00e8rement ceux venus de France tr\u00e8s sensibles \u00e0 l&rsquo;intol\u00e9rable violation de l&rsquo;enceinte universitaire, ainsi que des repr\u00e9sentants du CPR ont aussi condamn\u00e9 cette occupation. On aura entendu aussi des \u00e9l\u00e9ments d&rsquo;Ennahdha dont Samir Dilou s&rsquo;interposant \u00e0 la facult\u00e9 mais sans succ\u00e8s, ainsi que la d\u00e9claration du pr\u00e9sident d&rsquo;Ettakatol, Mustapha Ben Jaafar, pr\u00e9sident de l&rsquo;Assembl\u00e9e constituante. Ce jeudi, sur demande de Maya Jribi d&rsquo;envoyer un message fort \u00e0 la nation autour de ces graves questions, le pr\u00e9sident de l&rsquo;Assembl\u00e9e, sans s&rsquo;y opposer, a remis cette demande \u00e0 la s\u00e9ance pl\u00e9ni\u00e8re \u00e0 une date ult\u00e9rieure.<\/font><\/div>\n<div><font>Mais ce sont les acteurs de la soci\u00e9t\u00e9 civile, la Ligue tunisienne des droits de l&rsquo;homme, l&rsquo;Association tunisienne des femmes d\u00e9mocrates, les journalistes surtout, bien d&rsquo;autres associations et un tr\u00e8s grand nombre de citoyens qui sont mont\u00e9s au cr\u00e9neau, ressentant pour nombre d&rsquo;entre eux comme une injure personnelle faite \u00e0 leur propre histoire et comme une entrave mise \u00e0 l&rsquo;avenir de leurs enfants, cet irrecevable saccage d&rsquo;un des piliers de la R\u00e9publique tunisienne ind\u00e9pendante \u00e9clair\u00e9e et moderne.<\/font><\/div>\n<div><font>Ce sont les m\u00eames, avec les membres du r\u00e9seau Doustourna, qui se sont retrouv\u00e9s dans une semblable synergie, rassembl\u00e9s devant le palais du Bardo mercredi matin, pour d\u00e9noncer un autre coup de force, la tentative d&rsquo;Ennahdha de s&rsquo;arroger les pleins pouvoirs ex\u00e9cutifs et l\u00e9gislatifs, dans un \u00ab package \u00bb constitutionnel de leur cru, \u00ab 3 en 1 \u00bb : d&rsquo;abord tous les pouvoirs d&rsquo;application des lois, de la marche du gouvernement, de la nomination \u00e0 toutes les responsabilit\u00e9s majeures aux mains du Premier ministre-secr\u00e9taire g\u00e9n\u00e9ral d&rsquo;Ennahdha si\u00e9geant aussi \u00e0 l&rsquo;Assembl\u00e9e constituante ; ensuite la nomination de ce Premier ministre \u00e0 la majorit\u00e9 absolue (50% + 1 voix), mais sa censure et son limogeage \u00e0 une majorit\u00e9 qualifi\u00e9e des 2\/3 ; enfin le vote des articles de la Constitution \u00e0 l&#8217;emporte-pi\u00e8ce de la majorit\u00e9 absolue, et quand bien m\u00eame la majorit\u00e9 qualifi\u00e9e des 2\/3 ne ratifierait pas l&rsquo;ensemble de la Constitution, retour \u00e0 la case d\u00e9part de la majorit\u00e9 absolue et plus question de referendum populaire !<\/font><\/div>\n<div><font>Que devient donc dans tout cela le pr\u00e9sident de la R\u00e9publique ? Un figurant (avec un article de la Constitution pr\u00e9vue pour le destituer, une sorte de proc\u00e9dure d&rsquo;<i>impeachment<\/i>), un pot de fleur d\u00e9coratif, \u00ab <i>raiys kardhouna<\/i> \u00bb comme s&rsquo;offusquent les militant du CPR ! Quoi, notre docteur Moncef Marzouki r\u00e9duit \u00e0 un \u00ab <i>Sid El Bey<\/i> \u00bb ? La prison, l&rsquo;exil, les cabinets des ambassades, les plateaux d&rsquo;Al Jazira, tout \u00e7a pour \u00e7a ?<\/font><\/div>\n<div><font>Non, Moncef Marzouki r\u00e9alise aujourd&rsquo;hui le pi\u00e8ge et refuse de se laisser enfermer dans une cage dor\u00e9e pr\u00e9sidentielle. Il doit savoir qu&rsquo;il sera soutenu dans sa r\u00e9sistance \u00e0 ce d\u00e9j\u00e0-presque-coup-d&rsquo;\u00c9tat, par toutes celles et tous ceux qui veulent s&rsquo;honorer au regard du monde d&rsquo;une pr\u00e9sidence de la R\u00e9publique tunisienne \u00e9clair\u00e9e, digne, volontaire et dot\u00e9e d&rsquo;une autorit\u00e9 morale et politique r\u00e9elle, \u00e9quilibr\u00e9e par des contres pouvoirs ind\u00e9pendants l\u00e9gislatifs et judiciaires.<\/font><\/div>\n<div><font>Et dans le projet d&rsquo;Ennahdha diff\u00e9r\u00e9 pour une r\u00e9flexion \u00e0 t\u00eate repos\u00e9e, il y aurait aussi, en pouvoir discr\u00e9tionnaire du Premier ministre, la nomination de l&rsquo;\u00c9tat-major de l&rsquo;arm\u00e9e, alors qu&rsquo;on sait combien la strat\u00e9gie d&rsquo;Ennahdha depuis des ann\u00e9es est de bien s&rsquo;inf\u00e9oder la base pour d\u00e9gager ensuite le sommet !<\/font><\/div>\n<div><font>Il y aurait enfin la nomination tout aussi discr\u00e9tionnaire du gouverneur de la Banque centrale tunisienne, c&rsquo;est-\u00e0-dire du lieu m\u00eame o\u00f9 se d\u00e9cident la politique mon\u00e9taire, le contr\u00f4le de la monnaie et de sa valeur d&rsquo;\u00e9change, de sa stabilit\u00e9, o\u00f9 s&rsquo;ajustent les prix, o\u00f9 se financent les cr\u00e9dits et se d\u00e9cident les taux d&rsquo;int\u00e9r\u00eat, bref o\u00f9 se supervise le syst\u00e8me financier dont la fiabilit\u00e9 autorise les emprunts internationaux.<\/font><\/div>\n<div><font>On imagine la t\u00eate du gouverneur actuel de la Banque centrale de Tunisie Mustapha Kamel Nabli, qui \u00e9tait jusque l\u00e0 pr\u00e9sum\u00e9 futur pr\u00e9sident de la R\u00e9publique tunisienne, selon un sc\u00e9nario \u00e0 la lib\u00e9rienne b\u00e9ni par les Am\u00e9ricains ! On se demande ce qu&rsquo;en pense la Banque mondiale ! Le nom de son successeur est m\u00eame d\u00e9j\u00e0 avanc\u00e9 dans des indiscr\u00e9tions de coulisses : il s&rsquo;agirait du propre cousin par alliance du futur Premier ministre Hamadi Jebali, c&rsquo;est-\u00e0-dire B\u00e9chir Trabelsi, ancien PDG de la STB.<\/font><\/div>\n<div><font>Tous ces bons placements se seraient faits, selon les m\u00eames sources (Africa Intelligence) par l&rsquo;entremise de Hamed Karoui, ex-ministre de Bourguiba, ex-directeur du PSD (parti de Bourguiba), ex-Premier ministre de Ben Ali, ex-directeur du RCD (parti de Ben Ali) et aujourd&rsquo;hui consultant d&rsquo;Ennahdha : quel joli CV pour ce nonag\u00e9naire auquel ses vieux amis, notables de Sousse qui prenaient avec lui gentiment l&rsquo;ap\u00e9ro sur la terrasse de l&rsquo;h\u00f4tel Tour Khalaf ou au bar de la plage de l&rsquo;h\u00f4tel Marhaba, devraient recommander aujourd&rsquo;hui, peut-\u00eatre du fond de leurs tombes, de prendre un repos bien m\u00e9rit\u00e9 !<\/font><\/div>\n<div><font>Dans le m\u00eame esprit familial, il se dit aussi que Rached Ghannouchi confierait \u00e0 son gendre un portefeuille de souverainet\u00e9, celui des Affaires \u00e9trang\u00e8res r\u00e9serv\u00e9 jusqu&rsquo;ici \u00e0 Samir Dilou et convoit\u00e9 par d&rsquo;autres \u00e9lus.<\/font><\/div>\n<div><font>Ce ne sont peut-\u00eatre que des cancans, mais les protestataires qui se retrouvent jour apr\u00e8s jour devant l&rsquo;Assembl\u00e9e constituante ne veulent pas d&rsquo;un Benalisme bis ; ils vomissent le favoritisme, le n\u00e9potisme, le r\u00e9gionalisme, le client\u00e9lisme. Ils refusent tout d\u00e9tournement de la r\u00e9volution et savent que, sous couvert d&rsquo;organisation des pouvoirs, se profile une tyrannie. Ils ont compris que, de la Manouba au Bardo, le projet \u00e0 plusieurs mains qui se trame, c&rsquo;est de sabrer la libert\u00e9 et de tordre le cou \u00e0 la d\u00e9mocratie.<\/font><\/div>\n<div><font>Dans le bassin minier d&rsquo;o\u00f9 est sorti il y a 3 ans le premier souffle de la r\u00e9volution &#8211; nos veilleurs de guet am\u00e9ricains ne s&rsquo;y sont pas tromp\u00e9s &#8211; du ventre de la terre d&rsquo;o\u00f9 jaillissent \u00e0 nouveau des glaires sanglantes, les enfants des mineurs de fond aux poumons encrass\u00e9s de poussi\u00e8re de phosphate r\u00e9clament un travail en r\u00e9paration des pneumopathies de leurs p\u00e8res.<\/font><\/div>\n<div><font>Des centaines de jeunes ch\u00f4meurs se pr\u00e9sentent au concours de la Compagnie des phosphates de Gafsa et malgr\u00e9 la prise en compte de crit\u00e8res sociaux en bonus \u00e0 leurs CVs indigents, d\u00e9sespoir et col\u00e8re \u00e9clatent aux r\u00e9sultats, suivis de menaces, de d\u00e9nonciations et de calomnies envers les candidats retenus.<\/font><\/div>\n<div><font>L&#8217;emploi n&rsquo;est pas un h\u00e9ritage : dans un mode de production moderne fond\u00e9 sur le contrat, il ob\u00e9it \u00e0 des normes de professionnalisme et \u00e0 une rationalit\u00e9 \u00e9conomique. Expliquer cela \u00e0 de jeunes ch\u00f4meurs si longtemps en attente et convaincus de leur bon droit n&rsquo;est pas du ressort d&rsquo;un chef de personnel ni d&rsquo;un directeur de ressources humaines bouc \u00e9missaire de toutes les injustices.<\/font><\/div>\n<div><font>C&rsquo;est une affaire politique, mais tous les ministres actuels et les futurs ministres sont aux abonn\u00e9s absents. Cette vacance de l&rsquo;autorit\u00e9, pour ne pas dire cette incurie, l\u00e8ve aux marges de la Tunisie qui a faim, de la Tunisie qui a mal, de celle qui a donn\u00e9 les martyrs et qui vote aujourd&rsquo;hui pour Al Aridha, une temp\u00eate de rage, un incendie : dans le bassin minier, c&rsquo;est la d\u00e9vastation d&rsquo;institutions, de v\u00e9hicules, de wagons livr\u00e9s aux flammes. Le b\u00e2timent colonial de la Compagnie des phosphates de Gafsa, vieux de 125 ans, est parti en poussi\u00e8re, enti\u00e8rement br\u00fbl\u00e9.<\/font><\/div>\n<div><font>Dans \u00ab <i>Le jardinier de Metlaoui<\/i> \u00bb, l&rsquo;\u00e9crivain fran\u00e7ais Fran\u00e7ois-Georges Bussac fait le r\u00e9cit romanc\u00e9, \u00e0 partir des m\u00e9moires de son grand-p\u00e8re Henri Wiesser, directeur de la Compagnie des phosphates de Gafsa au d\u00e9but du 20\u00e8me si\u00e8cle, d&rsquo;une saga familiale m\u00e9tiss\u00e9e autour d&rsquo;un jardin fleuri entre les mines.<\/font><\/div>\n<div><font>D\u00e9couvert en 1887 par le g\u00e9ologue fran\u00e7ais Philippe Toma, le minerai de phosphates dans l&rsquo;anticlinal de Metlaoui a port\u00e9 la Tunisie au 5\u00e8me rang mondial pour la production du phosphate et au 2\u00e8me rang pour son exportation. Les mines sont aujourd&rsquo;hui ferm\u00e9es et c&rsquo;est cette richesse l\u00e0 que nous avons laiss\u00e9 saccager.<\/font><\/div>\n<div><font>Par trop de mis\u00e8re et trop d&rsquo;ignorance, par trop d&rsquo;app\u00e9tit du pouvoir qui refuse d&rsquo;entendre, par trop d&rsquo;incapacit\u00e9 \u00e0 partager, nous laissons notre pays aller \u00e0 la ruine. C&rsquo;est ce que nous disent en substance, les jeunes pendus de Mdhilla : <i>Yezzi<\/i> !<\/font><\/div>\n<div><font>Faut-il encore que ce soit un \u00e9tranger qui nous le rappelle : quand on aime vraiment sa terre, on peut faire pousser des fleurs en plein d\u00e9sert.<\/font><\/div>\n<div> \u00a0<\/div>\n<div align=\"right\"><b><font><font>Nadia Omrane<\/font><\/font><\/b><\/div>\n<p><b><font> \u00a0<\/font><\/b><\/div>\n<div>\n<div align=\"center\"><b><font><a href=\"http:\/\/www.alternatives-citoyennes.sgdg.org\/\" rel=\"nofollow noopener\" target=\"_blank\"><font>www.alternatives-citoyennes.sgdg.org<\/font><\/a><font><\/font><\/font><\/b><\/div>\n<div align=\"center\"><b><font><a href=\"mailto:redaction@alternatives-citoyennes.sgdg.org\" rel=\"nofollow noopener\" target=\"_blank\" ymailto=\"mailto:redaction@alternatives-citoyennes.sgdg.org\"><font>redaction@alternatives-citoyennes.sgdg.org<\/font><\/a><\/font><\/b><\/div>\n<\/div>\n<\/div>\n<\/div>\n<p><strong><\/p>\n<hr\/>\n<p><\/strong><\/p>\n<div align=\"center\">\n<h3 style=\"color: blue;\"><font face=\"Arial\"><strong><font>Tunisie : l&rsquo;offensive des fondamentalistes \u00e0 l&rsquo;universit\u00e9<\/font><\/strong><\/font><\/h3>\n<\/div>\n<div align=\"center\">\n<hr\/>\n<\/div>\n<div><font face=\"Arial\" size=\"2\">Face aux revendications des extr\u00e9mistes musulmans, une gr\u00e8ve g\u00e9n\u00e9rale a \u00e9t\u00e9 observ\u00e9e dans les universit\u00e9s tunisiennes le 1er d\u00e9cembre.<\/font><\/div>\n<div><font face=\"Arial\" size=\"2\"><strong><em>De notre correspondante \u00e0 Tunis, Julie Schneider<\/em><\/strong><\/font><\/div>\n<div><font face=\"Arial\" size=\"2\">\u00ab\u00a0Nous sommes libres de porter ce que nous voulons. Nous voyons notre libert\u00e9 dans le niqab !\u00a0\u00bb Dans l&rsquo;enceinte de la facult\u00e9 des lettres du gouvernorat de la Manouba, Sana, dont seules les pupilles noires sont visibles, brandit une pancarte \u00ab\u00a0my niqab = my freedom\u00a0\u00bb (\u00ab\u00a0mon niqab = ma libert\u00e9\u00a0\u00bb, en fran\u00e7ais). Avec une petite centaine d&rsquo;autres jeunes, cette \u00e9tudiante en premi\u00e8re ann\u00e9e d&rsquo;anglais appliqu\u00e9 manifeste, jeudi 1er d\u00e9cembre, devant l&rsquo;administration de l&rsquo;universit\u00e9 pour l&rsquo;instauration d&rsquo;une salle de pri\u00e8re et le droit pour les femmes portant le voile islamique int\u00e9gral d&rsquo;assister aux cours et aux examens.<\/font><\/div>\n<div><font face=\"Arial\" size=\"2\">Depuis le d\u00e9but de la semaine, cours et examens ont \u00e9t\u00e9 suspendus dans cette facult\u00e9 situ\u00e9e \u00e0 25 kilom\u00e8tres de Tunis. Lundi 28 novembre, un groupe d&rsquo;extr\u00e9mistes a pris possession du b\u00e2timent de la direction et organis\u00e9 un sit-in. Certains appartiennent \u00e0 l&rsquo;universit\u00e9, d&rsquo;autres non, \u00e0 l&rsquo;image de Salman Elzigui, \u00e9tudiant en th\u00e9ologie \u00e0 l&rsquo;universit\u00e9 Zitouna, toujours pr\u00e9sent, alors que l&rsquo;acc\u00e8s \u00e0 la facult\u00e9 est interdit \u00e0 tout \u00e9tudiant non inscrit depuis mercredi soir. Des \u00e9v\u00e8nements qui ont pouss\u00e9 le corps universitaire tunisien \u00e0 lancer une gr\u00e8ve g\u00e9n\u00e9rale ce jeudi 1er d\u00e9cembre.<\/font><\/div>\n<div><font face=\"Arial\" size=\"2\"><strong>\u00ab\u00a0Bataille civilisationnelle\u00a0\u00bb<\/strong><\/font><\/div>\n<div><font face=\"Arial\" size=\"2\">Barbe, qamis (tunique) et calotte sur la t\u00eate, ce jeune homme \u00e0 la voix pos\u00e9e est arriv\u00e9 sur les lieux d\u00e8s qu&rsquo;il a \u00ab\u00a0su que l&rsquo;administration avait emp\u00each\u00e9 une \u00e9tudiante de passer un examen \u00e0 cause de sa tenue vestimentaire\u00a0\u00bb. \u00ab\u00a0L&rsquo;universit\u00e9 doit engager des femmes qui s&rsquo;occuperaient de v\u00e9rifier les identit\u00e9s\u00a0\u00bb, d\u00e9fend Rania, 22 ans, le visage cercl\u00e9 de rose et les mains gant\u00e9es. Et les tricheries ? \u00ab\u00a0Une femme pourrait passer dans les rangs pour v\u00e9rifier si les \u00e9tudiantes n&rsquo;ont pas d&rsquo;\u00e9couteurs ou si des documents ne sont pas camoufl\u00e9s sous leurs v\u00eatements\u00a0\u00bb, soutient une \u00e9tudiante en droit qui souhaite garder l&rsquo;anonymat.<\/font><\/div>\n<div><font face=\"Arial\" size=\"2\">Derri\u00e8re elle, Raja Ben Slama, ma\u00eetre de conf\u00e9rences et \u00e9crivaine, est prise \u00e0 partie par une jeune femme dont on ne distingue pas les traits. La professeur refuse d&rsquo;entamer la conversation : \u00ab\u00a0Le niqab est d\u00e9shumanisant. Je suis Tunisienne et cela m&rsquo;angoisse beaucoup d&rsquo;essayer de parler \u00e0 des gens dont on ne voit pas le visage.\u00a0\u00bb \u00ab\u00a0On ne peut pas accepter cela dans ce pays qui a tant fait avancer la cause des femmes gr\u00e2ce au Code du statut personnel [instaur\u00e9 en 1956 par Habib Bourguiba, NDLR]\u00a0\u00bb, rench\u00e9rit Habib Melak, enseignant au d\u00e9partement de fran\u00e7ais et ancien responsable syndical estimant mener \u00ab\u00a0une bataille civilisationnelle\u00a0\u00bb. <\/font><\/div>\n<div><font face=\"Arial\" size=\"2\"><strong>\u00ab\u00a0D\u00e9gage !\u00a0\u00bb versus \u00ab\u00a0Allah Akbar\u00a0\u00bb<\/strong><\/font><\/div>\n<div><font face=\"Arial\" size=\"2\">Debout, sur le portail ferm\u00e9 de la facult\u00e9, un \u00e9tudiant brandit un coran. De l&rsquo;autre c\u00f4t\u00e9, certains appartenant \u00e0 l&rsquo;UGET, syndicat des \u00e9tudiants, commencent \u00e0 grimper sur les grilles vertes. Les deux camps s&rsquo;affrontent \u00e0 coups de slogan. \u00ab\u00a0D\u00e9gage !\u00a0\u00bb versus \u00ab\u00a0Allah Akbar\u00a0\u00bb. Les yeux rougis, Safa, \u00e9tudiante, observe, d\u00e9sarm\u00e9e, la sc\u00e8ne. \u00ab\u00a0Je suis venue, parce que je ne pouvais pas croire ce que je voyais \u00e0 la t\u00e9l\u00e9. Je suis confuse. Cela me fait mal de voir ma religion aussi mal repr\u00e9sent\u00e9e. Nous sommes devenus des clans\u00a0\u00bb, regrette la jeune femme, voil\u00e9e \u00e9galement, qui ne sait que penser de la situation et n&rsquo;arrive pas \u00e0 prendre parti.<\/font><\/div>\n<div><font face=\"Arial\" size=\"2\">Au d\u00e9but du mois d&rsquo;octobre, une minorit\u00e9 d&rsquo;\u00e9tudiants ont demand\u00e9 l&rsquo;acc\u00e8s aux cours \u00e0 quatre ou cinq \u00e9tudiantes v\u00eatues du voile islamique. \u00ab\u00a0Le r\u00e8glement int\u00e9rieur interdit le niqab pour des raisons s\u00e9curitaires et p\u00e9dagogiques\u00a0\u00bb, pr\u00e9cise Habib Melak. Le port du niqab est un ph\u00e9nom\u00e8ne nouveau en Tunisie. Depuis la chute de Ben Ali, qui avait mat\u00e9 les extr\u00e9mistes, des faits similaires ont \u00e9t\u00e9 recens\u00e9s dans plusieurs facult\u00e9s du pays. \u00c0 Sousse, des salafistes ont envahi la facult\u00e9 des lettres. \u00c0 Gab\u00e8s, dans le sud du pays, des \u00e9tudiants ont tent\u00e9 d&rsquo;imposer la non-mixit\u00e9 \u00e0 la cantine de l&rsquo;universit\u00e9. \u00ab\u00a0Ils nous traitent d&rsquo;ath\u00e9es, disent que nous sommes vulgaires. On veut qu&rsquo;ils d\u00e9gagent. Si ces filles acc\u00e8dent aux salles de cours, bient\u00f4t, on sera oblig\u00e9es de faire pareil\u00a0\u00bb, lance Amira qui regrette \u00ab\u00a0presque\u00a0\u00bb le syst\u00e8me de Ben Ali. \u00ab\u00a0On doit se d\u00e9fendre tous seuls. Ni l&rsquo;arm\u00e9e, ni la police n&rsquo;interviennent\u00a0\u00bb, note Nadia, \u00e0 ses c\u00f4t\u00e9s. Avec Cha\u00efma et Rima, une pancarte o\u00f9 on peut lire \u00ab\u00a0Respecte ma pri\u00e8re, respecte ma bi\u00e8re, respecte mon voile, respecte ce que je d\u00e9voile\u00a0\u00bb, elles se dirigent ensemble vers l&rsquo;Assembl\u00e9e constituante o\u00f9 se d\u00e9roule une manifestation du corps universitaire.<\/font><\/div>\n<div><font face=\"Arial\" size=\"2\"><strong>\u00ab\u00a0Non \u00e0 l&rsquo;extr\u00e9misme\u00a0\u00bb<\/strong><\/font><\/div>\n<div><font face=\"Arial\" size=\"2\">\u00ab\u00a0Nous sommes agress\u00e9s. Nous devons prot\u00e9ger l&rsquo;universit\u00e9 et le syst\u00e8me \u00e9ducatif tunisien\u00a0\u00bb, soutient Rym Rekika, enseignante en stylisme et dessin de la mode \u00e0 la facult\u00e9 de Monastir. Pr\u00e9sente devant les grilles vertes du palais beylical o\u00f9 se tient l&rsquo;Assembl\u00e9e constituante, \u00e9lue le 23 octobre, elle est venue dire \u00ab\u00a0non \u00e0 l&rsquo;extr\u00e9misme\u00a0\u00bb, comme des milliers d&rsquo;autres professeurs, \u00e9tudiants et membres de la soci\u00e9t\u00e9 civile, \u00e0 l&rsquo;instar de Yadh Ben Achour, juriste, sp\u00e9cialiste des id\u00e9es politiques de l&rsquo;islam et pr\u00e9sident de la Haute Instance pour la r\u00e9alisation des objectifs de la R\u00e9volution. \u00ab\u00a0L&rsquo;Assembl\u00e9e a les pr\u00e9rogatives pour r\u00e9gler cette affaire, estime Slim, professeur \u00e0 la facult\u00e9 de lettres du 9 Avril, \u00e0 Tunis. On veut un \u00c9tat dans lequel on respecte la loi plus qu&rsquo;autre chose.\u00a0\u00bb \u00ab\u00a0Qui ne dit mot consent\u00a0\u00bb, peut-on lire sur une pancarte. Pendant des jours, le silence assourdissant de la classe politique sur le sujet a pes\u00e9. Mercredi, Samir Dilou, membre ex\u00e9cutif d&rsquo;Ennahda, a bott\u00e9 en touche lors d&rsquo;une intervention sur Watanya 1, la cha\u00eene de t\u00e9l\u00e9vision \u00e9tatique, d\u00e9clarant que le \u00ab\u00a0niqab m\u00e9rite un d\u00e9bat national\u00a0\u00bb. \u00ab\u00a0Il y a d&rsquo;autres priorit\u00e9s que d&rsquo;instaurer un d\u00e9bat national sur la question du niqab, r\u00e9fute Rym Rekika. Cela ne doit pas faire l&rsquo;objet d&rsquo;un programme politique. On s&rsquo;attendait \u00e0 tout, sauf \u00e0 \u00e7a, en faisant la r\u00e9volution.\u00a0\u00bb <\/font><\/div>\n<div><font face=\"Arial\" size=\"2\"><strong>(Source: Le Point.fr- Publi\u00e9 le 01\/12\/2011 \u00e0 21:59)<\/strong><\/font><\/div>\n<div align=\"center\">\u00a0<\/div>\n<p><strong><\/p>\n<hr\/>\n<p><\/strong><\/p>\n<div align=\"center\"><font face=\"Arial\" size=\"2\"><strong><\/p>\n<h3 style=\"color: blue;\"><font size=\"3\">Justice : Verdict dans l\u2019affaire de Barraket Essahel<\/font><\/h3>\n<p><\/strong><font><\/font><\/font><\/div>\n<div align=\"center\">\n<hr\/>\n<\/div>\n<div><font face=\"Arial\" size=\"2\">Peine de prison de 3 \u00e0 5 ans<\/font><\/div>\n<div><font face=\"Arial\" size=\"2\">Les avocats des victimes estiment que le jugement est trop cl\u00e9ment- Apr\u00e8s plusieurs heures de d\u00e9lib\u00e9r\u00e9, la chambre correctionnelle du tribunal militaire de Tunis, a rendu son verdict mardi dernier tard dans la nuit, dans l\u2019affaire dite de Barraket Essahel, et dans laquelle, Zine El Abidine Ben Ali, M\u2019hamed Ali Ganzoui, Abadallah Kallel sont accus\u00e9s d\u2019atteinte \u00e0 l\u2019int\u00e9grit\u00e9 physique d\u2019autrui ainsi que Abdallah Guesmi et Naceur Alibi, accus\u00e9s de complicit\u00e9.<\/font><\/div>\n<div><font face=\"Arial\" size=\"2\">Rappelons que les faits dans cette affaire ont \u00e9t\u00e9 d\u00e9clench\u00e9s suite \u00e0 la plainte de certains officiers pour les tortures qu\u2019ils ont subies en 1991, cons\u00e9quemment \u00e0 leur accusation de complot contre la s\u00fbret\u00e9 de l\u2019Etat sous le r\u00e9gime du pr\u00e9sident d\u00e9chu.<\/font><\/div>\n<div><font face=\"Arial\" size=\"2\">Les victimes affirment que ces tortures \u00e9taient dans le but de leur extorquer des aveux par la violence, apr\u00e8s avoir \u00e9t\u00e9 s\u00e9questr\u00e9s dans une caserne \u00e0 Barraket Essahel, pr\u00e8s de Sousse, d\u2019o\u00f9 le nom de l\u2019affaire.<\/font><\/div>\n<div><font face=\"Arial\" size=\"2\">Les avocats de la d\u00e9fense ont fait remarquer que les faits dont on accuse leurs clients constituent de simples d\u00e9lits et non des actes de torture. <\/font><\/div>\n<div><font face=\"Arial\" size=\"2\">Ils ont \u00e9galement soulev\u00e9 le vice de proc\u00e9dure, les faits dans cette affaire qui remontent \u00e0 1991, \u00e9tant largement prescrits. <\/font><\/div>\n<div><font face=\"Arial\" size=\"2\">Ils ont par ailleurs invoqu\u00e9 le d\u00e9faut de preuves des faits reproch\u00e9s \u00e0 leurs clients.<\/font><\/div>\n<div><font face=\"Arial\" size=\"2\">L\u2019un des avocats de Ganzoui, a essay\u00e9 de d\u00e9montrer que son client n\u2019avait en aucun cas pris part aux interrogatoires des accus\u00e9s, et qu\u2019il recevait r\u00e9guli\u00e8rement des rapports de la part des agents charg\u00e9s de l\u2019enqu\u00eate et qui \u00e9taient sous ses ordres. D\u2019ailleurs, il \u00e9tait intervenu, en sa qualit\u00e9 telle, pour ordonner qu\u2019on repr\u00eet une partie de l\u2019enqu\u00eate, dans l\u2019int\u00e9r\u00eat des accus\u00e9s, a encore fait remarquer son avocat.<\/font><\/div>\n<div><font face=\"Arial\" size=\"2\">Quant aux avocats des victimes qui se sont constitu\u00e9es partie civile, ils ont demand\u00e9 \u00e0 la chambre correctionnelle de se dessaisir au profit de la chambre criminelle, leurs clients ayant endur\u00e9 des actes d\u2019ordre criminel, eu \u00e9gard aux s\u00e9quelles physiques et morales dont ils ont \u00e9t\u00e9 l\u2019objet, et ce, ne serait-ce que par les conditions subies par leur d\u00e9tention pendant de longues ann\u00e9es.<\/font><\/div>\n<div><font face=\"Arial\" size=\"2\">Si le tribunal n\u2019a pas suivi la d\u00e9fense en ce qui concerne la forclusion, il a toutefois prononc\u00e9 des peines que les avocats de la partie civile , ont trouv\u00e9es relativement cl\u00e9mentes par rapport \u00e0 la gravit\u00e9 des faits.<\/font><\/div>\n<div><font face=\"Arial\" size=\"2\">Le tribunal a rendu en effet, des peines allant de 5 \u00e0 3 ans de prison ferme r\u00e9parties comme suit :<\/font><\/div>\n<div><font face=\"Arial\" size=\"2\">-Zine Al Abidine Ben Ali ainsi que Ezzeddine jenayah \u00e9copent de 5 ans de prison ferme par d\u00e9faut avec ex\u00e9cution provisoire (imm\u00e9diate)*-Abdallah Kallel, Mohamed Ali El Ganzoui et Abdallah Guesmi ont \u00e9t\u00e9 condamn\u00e9s, chacun \u00e0 4 ans de prison ferme.<\/font><\/div>\n<div><font face=\"Arial\" size=\"2\">&#8211; Mohamed Naceur El Alibi a \u00e9t\u00e9 condamn\u00e9 quant \u00e0 lui \u00e0 3 ans de prison ferme.<\/font><\/div>\n<div><font face=\"Arial\" size=\"2\">Ahmed NEMLAGHI<\/font><\/div>\n<div><font face=\"Arial\" size=\"2\">* l\u2019ex\u00e9cution provisoire c\u2019est-\u00e0-dire imm\u00e9diate suppose que le jugement est ex\u00e9cutoire nonobstant toute proc\u00e9dure d\u2019opposition ou d\u2019appel.<\/font><\/div>\n<div><font face=\"Arial\" size=\"2\"><strong>(Source : \u00abLe Temps\u00bb (Quotidien \u2013 Tunisie) le 01.12.2011)<\/strong><\/font><\/div>\n<div><font face=\"Arial\" size=\"2\"><strong><a href=\"http:\/\/www.letemps.com.tn\/article-61178.html\" rel=\"nofollow noopener\" target=\"_blank\">http:\/\/www.letemps.com.tn\/article-61178.html<\/a><\/strong><\/font><\/div>\n<p><strong><\/p>\n<hr\/>\n<p><\/strong><\/p>\n<div align=\"center\">\n<h3 style=\"color: blue;\"><font face=\"Arial\"><strong><font>Coup de force salafiste et violences au campus de La Manouba<\/font><\/strong><\/font><\/h3>\n<\/div>\n<div align=\"center\">\n<h3 style=\"color: blue;\"><font face=\"Arial\"><strong><font>Toll\u00e9 g\u00e9n\u00e9ral aux relents politiques<\/font><\/strong><\/font><\/h3>\n<\/div>\n<div align=\"center\">\n<hr\/>\n<\/div>\n<div><font face=\"Arial\" size=\"2\">L\u2019intrusion d\u2019un groupe de salafistes dans l\u2019enceinte de la facult\u00e9 de La Manouba et l\u2019occupation forc\u00e9e des lieux, au motif de revendications relatives au port du niq\u00e2b et \u00e0 la mise en place de salles de pri\u00e8res, auraient sans doute pu figurer parmi les nombreux incidents dont notre pays est r\u00e9guli\u00e8rement le th\u00e9\u00e2tre en cette p\u00e9riode qui demeure fragile. Il se trouve cependant qu\u2019un incident de ce type, qui porte atteinte \u00e0 l\u2019espace sacr\u00e9 de l\u2019universit\u00e9, intervient apr\u00e8s de nombreux autres.<\/font><\/div>\n<div><font face=\"Arial\" size=\"2\">Un r\u00e8glement muscl\u00e9 \u00e0 travers le recours aux forces de l\u2019ordre, en outre, aurait pu mettre un terme \u00e0 cet \u00e9pisode. N\u00e9anmoins, le refus du doyen de cette option, qui souligne l\u2019attachement de l\u2019Universit\u00e9 \u00e0 son autonomie, est le second ingr\u00e9dient qui, tout en laissant l\u2019incident s\u2019installer dans la dur\u00e9e et prendre ainsi l\u2019aspect d\u2019une v\u00e9ritable crise, lui a conf\u00e9r\u00e9 en m\u00eame temps une dimension politique incontestable&#8230; La journ\u00e9e d\u2019aujourd\u2019hui verra en effet l\u2019organisation d\u2019une gr\u00e8ve g\u00e9n\u00e9rale dans les universit\u00e9s du pays ainsi qu\u2019un rassemblement devant l\u2019Assembl\u00e9e constituante. Et les partis, avec un enthousiasme variable, ont d\u00fb prendre position d\u2019une fa\u00e7on suffisamment claire, dans un jeu de communiqu\u00e9s o\u00f9 les uns poussent \u00e0 la surench\u00e8re dans la condamnation du ph\u00e9nom\u00e8ne, tandis que les autres s\u2019attachent surtout \u00e0 ne pas \u00eatre tax\u00e9s de complaisance.<\/font><\/div>\n<div><font face=\"Arial\" size=\"2\">Quoi qu\u2019il en soit de cette tournure politique des choses, il reste que cette vaste mobilisation est un signal fort qui en dit long sur ce que repr\u00e9sente pour le Tunisien l\u2019Universit\u00e9 et son autonomie face \u00e0 toute intrusion et \u00e0 toute violence.<\/font><\/div>\n<div><font face=\"Arial\" size=\"2\">Ajout\u00e9 le : 01-12-2011<\/font><\/div>\n<div><font face=\"Arial\" size=\"2\"><strong>(Source : \u00abLa Presse\u00bb le 01.12.2011)<\/strong><\/font><\/div>\n<div><font face=\"Arial\" size=\"2\"><strong><a href=\"http:\/\/www.lapresse.tn\/01122011\/41280\/tolle-general-aux-relents-politiques.html\" target=\"_blank\" rel=\"noopener\">http:\/\/www.lapresse.tn\/01122011\/41280\/tolle-general-aux-relents-politiques.html<\/a><\/strong><\/font><\/div>\n<p><strong><\/p>\n<hr\/>\n<p><\/strong><\/p>\n<div align=\"center\">\n<h3 style=\"color: blue;\"><font face=\"Arial\"><strong><font>Tunisie &#8211; Les magistrats refusent la mainmise de Mustapha Ben Ja\u00e2far et de Hamadi Jebali<\/font><\/strong><\/font><\/h3>\n<\/div>\n<div align=\"center\">\n<hr\/>\n<\/div>\n<div><font face=\"Arial\" size=\"2\">Une conf\u00e9rence de presse s\u2019est tenue ce mercredi 30 novembre 2011 \u00e0 la biblioth\u00e8que du tribunal de Tunis, co-organis\u00e9e par le Syndicat des magistrats tunisiens (SMT) et l\u2019Union des magistrats administratifs (UMA) afin d\u2019exprimer en ch\u0153ur leur refus de certains articles projet\u00e9s par la Constituante concernant la r\u00e9glementation du pouvoir l\u00e9gislatif.<\/font><\/div>\n<div><font face=\"Arial\" size=\"2\">Raoudha La\u00e2bidi, pr\u00e9sidente du SMT a exprim\u00e9 son d\u00e9sarroi et son inqui\u00e9tude face au projet de loi en cours d\u2019\u00e9laboration et qui, entre autres, stipule dans les articles 4 et 21 que les conseils des juges ainsi que les magistrats administratifs d\u00e9pendent respectivement du pr\u00e9sident de la Constituante et du Premier ministre. Elle a pr\u00e9cis\u00e9 que le principe de l\u2019ind\u00e9pendance du pouvoir judiciaire est compromis, car les juges se retrouvent soumis \u00e0 l\u2019autorit\u00e9 l\u00e9gislative, apr\u00e8s avoir \u00e9t\u00e9 sous l\u2019emprise du pouvoir ex\u00e9cutif, avant la r\u00e9volution. <\/font><\/div>\n<div><font face=\"Arial\" size=\"2\">Il s\u2019agit selon Mme La\u00e2bidi de prendre le corps de la magistrature pour \u00abun mineur\u00bb qui d\u00e9pend de son \u00ab tuteur \u00bb. Or, les juges refusent cette d\u00e9pendance et appellent \u00e0 l\u2019\u00e9lection et non la nomination des pr\u00e9sidents des conseils des magistrats tout en imposant le choix des candidats uniquement parmi les magistrats. Elle a \u00e9galement d\u00e9plor\u00e9 l\u2019ignorance totale de leur r\u00e9action d\u00e9j\u00e0 exprim\u00e9e par communiqu\u00e9, ajout\u00e9e aux tentatives vaines d\u2019entrer en contact direct avec les \u00e9lus de la Constituante ces derniers jours. Elle a ajout\u00e9 : \u00abCeci d\u00e9note d\u2019un d\u00e9nigrement intol\u00e9rable !\u00bb<\/font><\/div>\n<div><font face=\"Arial\" size=\"2\">Ahmed Souab, pr\u00e9sident du comit\u00e9 constitutionnel de l\u2019UMA, pour sa part, a confirm\u00e9 les revendications du SMT en ajoutant : \u00abLes \u00e9lus sont en train d\u2019assassiner la r\u00e9volution, c\u2019est une trahison!\u00bb. Il a, par ailleurs, pr\u00e9cis\u00e9 que \u00ab la moindre des choses serait qu\u2019on nous consulte, en tant que premiers concern\u00e9s et hommes de loi, avant d\u2019\u00e9noncer la r\u00e9glementation du corps de la magistrature!\u00bb.<\/font><\/div>\n<div><font face=\"Arial\" size=\"2\">Les deux syndicats ont \u00e9galement pr\u00e9sent\u00e9 un document concr\u00e9tisant un accord de collaboration entre eux deux et mentionnant les clauses et les objectifs d\u2019un tel accord.<\/font><\/div>\n<div><font face=\"Arial\" size=\"2\">En d\u00e9finitive les deux syndicats des magistrats tirent la sonnette d\u2019alarme et crient haut et fort leur col\u00e8re, se disant pr\u00eats \u00e0 militer \u00ab et rien ni personne ne les emp\u00eacheront de mener \u00e0 bien leur combat pour l\u2019ind\u00e9pendance du pouvoir judiciaire \u00bb.D.M<\/font><\/div>\n<div><font face=\"Arial\" size=\"2\"><strong>(Source : \u00abbusinessnews\u00bb le 01.12.2011)<\/strong><\/font><\/div>\n<div><font face=\"Arial\" size=\"2\"><strong><a href=\"http:\/\/www.businessnews.com.tn\/Tunisie---Les-magistrats-refusent-la-mainmise-de-Mustapha-Ben-Ja\u00c3\u00a2far-et-de-Hamadi-Jebali,520,27933,3\" target=\"_blank\" rel=\"noopener\">http:\/\/www.businessnews.com.tn\/Tunisie&#8212;Les-magistrats-refusent-la-mainmise-de-Mustapha-Ben-Ja%C3%83%C2%A2far-et-de-Hamadi-Jebali,520,27933,3<\/a><\/strong><\/font><\/div>\n<p><strong><\/p>\n<hr\/>\n<p><\/strong><\/p>\n<div align=\"center\">\n<h3 style=\"color: blue;\"><font face=\"Arial\"><strong><font>Tunisie: Wahid Dhiab veut faire l&rsquo;actualit\u00e9<\/font><\/strong><\/font><\/h3>\n<\/div>\n<div align=\"center\">\n<hr\/>\n<\/div>\n<div><font face=\"Arial\" size=\"2\">M. Wahid Dhiab, pr\u00e9sident du parti des forces du 14 janvier 2011 et connu pour avoir \u00e9t\u00e9 remis \u00e0 l&rsquo;ordre avec rigueur par M. B\u00e9ji Caid Essebsi dans l&rsquo;un de ses discours, se pr\u00e9sente \u00e0 l&rsquo;\u00e9lection pr\u00e9sidentielle.<\/font><\/div>\n<div><font face=\"Arial\" size=\"2\">Bien qu&rsquo;il ne soit pas \u00e9lu \u00e0 l&rsquo;assembl\u00e9e constituante, M. Dhiab qui promettait pendant sa campagne \u00e9lectorale de cr\u00e9er 500.000 emploi, cherche encore une fois \u00e0 faire l&rsquo;actualit\u00e9 et que l&rsquo;on s&rsquo;int\u00e9resse \u00e0 lui.<\/font><\/div>\n<div><font face=\"Arial\" size=\"2\">Quelques jours avant de de passer au vote pour l&rsquo;\u00e9lection du pr\u00e9sident de la r\u00e9publique, M. Wahid Dhiab, a annonc\u00e9 mercredi, la pr\u00e9sentation de sa candidature \u00e0 la pr\u00e9sidence de la R\u00e9publique qui, a-t-il dit, \u00ab refl\u00e8te la volont\u00e9 de consacrer les aspirations du peuple tunisien \u00e0 une v\u00e9ritable d\u00e9mocratie dans la Tunisie post-r\u00e9volutionnaire \u00bb.<\/font><\/div>\n<div><font face=\"Arial\" size=\"2\">Dans une d\u00e9claration rendue publique mercredi, il pr\u00e9cise que la pr\u00e9sentation de sa candidature \u00e0 la pr\u00e9sidence de la R\u00e9publique proc\u00e8de, \u00e9galement, de sa conviction en la n\u00e9cessit\u00e9 d&rsquo;acc\u00e9l\u00e9rer le r\u00e8glement des probl\u00e8mes qui se posent, probl\u00e8mes qui \u00e9puisent encore les forces du peuple et du pays qui ne supportent plus de pertes et d&rsquo;abattement.<\/font><\/div>\n<div><font face=\"Arial\" size=\"2\">Au cas o\u00f9 il acc\u00e8derait \u00e0 la pr\u00e9sidence de la R\u00e9publique, il se consacrera en priorit\u00e9 aux probl\u00e8mes \u00e9conomiques et sociaux, assure-t-il.<\/font><\/div>\n<div><font face=\"Arial\" size=\"2\">Loin du monde utopique de M. Dhiab, il est \u00e0 rappeler qu&rsquo;il est convenu que le Pr\u00e9sident de la R\u00e9publique soit issu de l&rsquo;assembl\u00e9e constituante et que la candidature de M. Moncef Marzouki sera appuy\u00e9\u00e9 par la Troika (Ennahdha, CPR et Ettakatol).<\/font><\/div>\n<div><font face=\"Arial\" size=\"2\"><strong>(Source : \u00ab<font face=\"Arial\" size=\"2\">Espace Manager<\/font>\u00bb le 01.12.2011)<\/strong><\/font><\/div>\n<div><font face=\"Arial\" size=\"2\"><strong><a href=\"http:\/\/www.espacemanager.com\/politique\/tunisie-wahid-dhiab-veut-faire-l-actualite.html\" target=\"_blank\" rel=\"noopener\">http:\/\/www.espacemanager.com\/politique\/tunisie-wahid-dhiab-veut-faire-l-actualite.html<\/a><\/strong><\/font><\/div>\n<div align=\"center\">\u00a0<\/div>\n<p><strong><\/p>\n<hr\/>\n<p><\/strong><\/p>\n<div align=\"center\">\n<h3 style=\"color: blue;\"><font face=\"Arial\"><strong><font>Rached Ghannouchi parmi les 100 plus grands intellectuels de l\u2019ann\u00e9e 2011<\/font><\/strong><\/font><\/h3>\n<\/div>\n<div align=\"center\">\n<hr\/>\n<\/div>\n<div><font face=\"Arial\" size=\"2\">Rached Ghannouchi le pr\u00e9sident du parti Ennahda aurait \u00e9t\u00e9 s\u00e9lectionn\u00e9 parmi les 100 plus grands intellectuels de l\u2019ann\u00e9e 2011 par l\u2019influente revue diplomatique am\u00e9ricaine Foreign Policy.<\/font><\/div>\n<div><font face=\"Arial\" size=\"2\">Il aurait obtenu le premier prix ex-\u00e6quo avec plusieurs autres leaders politiques dont Alaa Al Aswani, Mohamed El Baradai, Wael Ghonim, Razan Zaitouneh, Wadah Khanfar, Manal Al Sharif.<\/font><\/div>\n<div><font face=\"Arial\" size=\"2\">Parmi les autres r\u00e9cipiendaires de ce prix 2011, Jean-Claude Trichet (10\u00e8me), Barack Obama (11\u00e8me), Dick Cheney (12\u00e8me), Condoleeza Rice (12\u00e8me), Bill et Melinda Gates (13\u00e8me), Mark Zuckenberg (17\u00e8me), Hillary et Bill Clinton (20\u00e8me), Nicolas Sarkozy (21\u00e8me), Bernard Henry-Levy (22\u00e8me), Robert Godec (ancien ambassadeur am\u00e9ricain en Tunisie, 23\u00e8me), Sami Ben Gharbia (Nawaat Tunisie, 24\u00e8me), Mahmoud Abbas (28\u00e8me), David Cameron (39\u00e8me), Robert Zoelick (41\u00e8me), John McCain (51\u00e8me), etc.<\/font><\/div>\n<div><font face=\"Arial\" size=\"2\">Foreign policy distingue en outre cette ann\u00e9e pas moins de neuf chefs d\u2019Etat ou de gouvernement: l\u2019Am\u00e9ricain Barack Obama, le Turc Recep Tayyip Erdogan, le Fran\u00e7ais Nicolas Sarkozy, l\u2019Allemande Angela Merkel.<\/font><\/div>\n<div><font face=\"Arial\" size=\"2\">Le printemps arabe a remodel\u00e9 la r\u00e9gion et Obama s\u2019est adapt\u00e9, comme les valeurs et les int\u00e9r\u00eats de l\u2019Am\u00e9rique l\u2019exigeaient \u00bb, estime Foreign policy.<\/font><\/div>\n<div><font face=\"Arial\" size=\"2\">La c\u00e9r\u00e9monie pr\u00e9vue pour l\u2019occasion aura lieu demain le 1er d\u00e9cembre 2011 au Meridian International Center de Washington. (avec agences)<\/font><\/div>\n<div><font face=\"Arial\" size=\"2\"><strong>(Source : \u00abMaghreb Emergent\u00bb le 01.12.2011)<\/strong><\/font><\/div>\n<div><font face=\"Arial\" size=\"2\"><a href=\"http:\/\/www.maghrebemergent.info\/actualite\/fil-maghreb\/6636-rached-ghannouchi-parmi-les-100-plus-grands-intellectuels-de-lannee-2011.html\" rel=\"nofollow noopener\" target=\"_blank\">http:\/\/www.maghrebemergent.info\/actualite\/fil-maghreb\/6636-rached-ghannouchi-parmi-les-100-plus-grands-intellectuels-de-lannee-2011.html<\/a><\/font><\/div>\n<p><strong><\/p>\n<hr\/>\n<p><\/strong><\/p>\n<div align=\"center\">\n<h3 style=\"color: blue;\"><font face=\"Arial\"><strong><font>Moncef Marzouki, Le reclus de Sousse s\u2019empare de Carthage<\/font><\/strong><\/font><\/h3>\n<\/div>\n<div align=\"center\">\n<hr\/>\n<\/div>\n<div><font face=\"Arial\" size=\"2\">le 01.12.11 | 01h00 <\/font><\/div>\n<div><font face=\"Arial\" size=\"2\">\u00abL\u2019homme est un animal enferm\u00e9 \u00e0 l\u2019ext\u00e9rieur de sa cage\u00bb<\/font><\/div>\n<div><font face=\"Arial\" size=\"2\">Paul Valery<\/font><\/div>\n<div><font face=\"Arial\" size=\"2\">Lorsqu\u2019il est rentr\u00e9 en Tunisie apr\u00e8s une longue absence, une mar\u00e9e humaine enthousiaste de ses partisans l\u2019attendait \u00e0 l\u2019a\u00e9roport de Carthage. Une ambiance f\u00e9brile et un moment solennel lorsque l\u2019infatigable militant des droits de l\u2019homme et b\u00eate noire du r\u00e9gime d\u00e9chu fit son apparition sur le tarmac. La ferveur \u00e9tait telle que Marzouki lui-m\u00eame \u00e9tait surpris et ne s\u2019attendait sans doute pas \u00e0 cet accueil plus que chaleureux. Le point d\u2019orgue sera atteint lorsqu\u2019il fut carr\u00e9ment happ\u00e9 par la foule pour \u00eatre port\u00e9 comme un glorieux vainqueur de pugilat sur les \u00e9paules de ses fans. <\/font><\/div>\n<div><font face=\"Arial\" size=\"2\">La communion \u00e9tait totale. Marzouk a d\u00fb penser, en ces moments-l\u00e0, aux luttes ininterrompues qu\u2019il a men\u00e9es en sa qualit\u00e9 de droit de l\u2019hommiste d\u00e9termin\u00e9 jusqu\u2019\u00e0 l\u2019ent\u00eatement, mais aussi aux blessures physiques et morales que lui a fait subir le r\u00e9gime innommable de Ben Ali. L\u2019id\u00e9e d\u2019\u00eatre \u00e0 la t\u00eate de la R\u00e9publique, au nom de laquelle il a \u00e9t\u00e9 rel\u00e9gu\u00e9 et humili\u00e9, lui a-t-elle effleur\u00e9 l\u2019esprit en ces moments heureux ?<\/font><\/div>\n<div><font face=\"Arial\" size=\"2\">Toujours est-il que quelques semaines apr\u00e8s, le voil\u00e0 investi \u00e0 la magistrature supr\u00eame de son pays. Il a r\u00e9alis\u00e9 son r\u00eave. Il l\u2019a fait parce qu\u2019il ne savait pas que c\u2019\u00e9tait impossible ! Les premi\u00e8res paroles iront au peuple et \u00e0 sa jeunesse, artisans de cette m\u00e9tamorphose inou\u00efe qui balaye d\u2019un trait les m\u00e9faits d\u00e9vastateurs des \u00abr\u00e9publiques monarchiques\u00bb que Marzouki d\u00e9signe avec d\u00e9rision les \u00abDjomloukiate\u00bb. Nationaliste, Marzouki dit qu\u2019il est visc\u00e9ralement attach\u00e9 \u00e0 son pays. Dans ce registre, il est assur\u00e9ment dans son \u00e9l\u00e9ment. Et comme le po\u00e8te, il pourrait fredonner cet air :<\/font><\/div>\n<div><font face=\"Arial\" size=\"2\">\u00abJe n\u2019aurais jamais cru qu\u2019on se rencontrerait\/ Le hasard est curieux\/ Il provoque les choses\/ Et le destin press\u00e9 un instant prend la pause\/ Non, je n\u2019ai rien oubli\u00e9 !\u00bb<\/font><\/div>\n<div><font face=\"Arial\" size=\"2\">Parti en France o\u00f9 il exerce son m\u00e9tier en Alsace, Marzouki restera toujours \u00e0 l\u2019\u00e9coute de son pays, convaincu que le seul exil insupportable est d\u2019\u00eatre loin de ses convictions. Docteur en m\u00e9decine de l\u2019universit\u00e9 de Strasbourg en 1973, ancien interne des h\u00f4pitaux et assistant \u00e0 la facult\u00e9 de m\u00e9decine de Strasbourg, il est sp\u00e9cialiste en m\u00e9decine interne, neurologie et sant\u00e9 publique. De 1981 \u00e0 2000, il est professeur en m\u00e9decine communautaire \u00e0 l\u2019universit\u00e9 de Sousse en Tunisie.<\/font><\/div>\n<div><font face=\"Arial\" size=\"2\">Les droits de l\u2019homme, une obsession<\/font><\/div>\n<div><font face=\"Arial\" size=\"2\">Il d\u00e9bute son engagement en faveur des droits de l\u2019homme en 1980 en entrant \u00e0 la Ligue tunisienne des droits de l\u2019homme (LTDH). En 1985, il est \u00e9lu par le troisi\u00e8me congr\u00e8s comme membre de son comit\u00e9 directeur, puis, en 1987, d\u00e9sign\u00e9 au poste de vice-pr\u00e9sident charg\u00e9 de l\u2019\u00e9ducation du public et de la formation des militants. En 1989, il est \u00e9lu \u00e0 l\u2019unanimit\u00e9 comme pr\u00e9sident de la LTDH. Toutefois, le 14 juin 1992, l\u2019organisation est dissoute suite \u00e0 son opposition \u00e0 une nouvelle loi sur les associations. Marzouki constitue alors en 1993 le Comit\u00e9 national pour la d\u00e9fense des prisonniers d\u2019opinion qui est d\u00e9clar\u00e9 ill\u00e9gal.<\/font><\/div>\n<div><font face=\"Arial\" size=\"2\">La LTDH est finalement l\u00e9galis\u00e9e \u00e0 nouveau en mars 1993, mais face aux pressions diverses, Marzouki annonce, lors du congr\u00e8s tenu en f\u00e9vrier 1994, sa d\u00e9cision de ne plus briguer aucune fonction au sein de l\u2019organisation. Il d\u00e9cide de pr\u00e9senter sa candidature \u00e0 l\u2019\u00e9lection pr\u00e9sidentielle du 20 mars 1994, mais ne parvient pas \u00e0 r\u00e9unir le nombre n\u00e9cessaire de signatures requises afin de participer \u00e0 l\u2019\u00e9lection et sera plus tard emprisonn\u00e9 et interdit de passeport. De 1989 \u00e0 1997, il est \u00e9galement membre du comit\u00e9 directeur de l\u2019organisation arabe des droits de l\u2019homme bas\u00e9e au Caire et membre actif de la section tunisienne d\u2019Amnesty International. Il est d\u00e9sign\u00e9 pr\u00e9sident de la commission arabe des droits de l\u2019homme entre 1996 et 2000 et porte-parole du conseil national pour les libert\u00e9s en Tunisie, poste qu\u2019il occupe du 10 d\u00e9cembre 1998 au 16 f\u00e9vrier 2001.<\/font><\/div>\n<div><font face=\"Arial\" size=\"2\">Notre confr\u00e8re Fay\u00e7al M\u00e9taoui avait rencontr\u00e9 Marzouki. Il nous d\u00e9crit dans quelles circonstances, en d\u00e9voilant le climat de terreur qui r\u00e9gnait en Tunisie avant la r\u00e9volution du jasmin. \u00abEn 2000, la Ligue tunisienne des droits de l\u2019homme (LTDH), dirig\u00e9e par l\u2019avocat courageux Mokhtar Trifi, \u00e9tait mise sous pression par la dictature de Zine Al Abidine Ben Ali. Les animateurs de cette ligue, qui ont refus\u00e9 la mise au pas impos\u00e9e par le r\u00e9gime, \u00e9taient traduits en justice. Les proc\u00e8s, qui \u00e9taient de v\u00e9ritables simulacres de justice, \u00e9taient devenus nombreux. Pour assister \u00e0 l\u2019un de ces jugements, je me suis d\u00e9plac\u00e9 en Tunisie en compagnie de mon coll\u00e8gue et ami d\u2019El Khabar, Slimane Hamiche.<\/font><\/div>\n<div><font face=\"Arial\" size=\"2\">L\u2019avocat alg\u00e9rien, Boudjema\u00e2 Ghechir, pr\u00e9sident de la Ligue alg\u00e9rienne des droits de l\u2019homme (LADH), \u00e9tait aussi du voyage. Il devait plaider en faveur des responsables de la LTDH en vertu des conventions judiciaires liant les deux pays. En d\u00e9pit de cela, le juge a refus\u00e9 la pr\u00e9sence au pr\u00e9toire de l\u2019avocat alg\u00e9rien. Cela devait susciter une controverse dans une salle d\u2019audience remplie comme un \u0153uf. Le lendemain, Slimane Hamiche et moi-m\u00eame avions d\u00e9cid\u00e9 de nous d\u00e9placer par train \u00e0 Sousse pour rencontrer l\u2019opposant, ex-pr\u00e9sident de la Ligue arabe des droits de l\u2019homme, Moncef Marzouki. Dans le train, confortable et agr\u00e9able, nous avons constat\u00e9 que nous \u00e9tions fil\u00e9s. Des policiers en civil \u00e9taient assis en face nous. Ils ne faisaient rien pour \u00eatre discrets.<\/font><\/div>\n<div><font face=\"Arial\" size=\"2\">Arriv\u00e9s \u00e0 Sousse, nous devions prendre un taxi vers la Marina d\u2019El Kantaoui, \u00e0 10 km de la ville. Moncef Marzouki nous avait donn\u00e9 rendez-vous dans un caf\u00e9. \u2018\u2018Je ne peux pas vous recevoir chez moi. Ils vont d\u00e9barquer et m\u2019accuser d\u2019intelligence avec des puissances \u00e9trang\u00e8res. Je pr\u00e9f\u00e8re discuter avec vous dans un endroit ouvert\u2019\u2019, nous a-t-il expliqu\u00e9.<\/font><\/div>\n<div><font face=\"Arial\" size=\"2\">Un authentique opposant<\/font><\/div>\n<div><font face=\"Arial\" size=\"2\">Autour d\u2019un jus d\u2019orange press\u00e9, nous devions discuter et r\u00e9aliser une interview pendant plus d\u2019une heure sur la situation politique de la Tunisie. Les policiers en civil, lunettes noires et costumes gris, ne cessaient de faire le va-et-vient devant le caf\u00e9. \u2018\u2018Ne faites pas attention \u00e0 eux, c\u2019est une habitude\u2019\u2019, pr\u00e9venait l\u2019opposant tunisien. Moncef Marzouki, qui avait fond\u00e9 avec d\u2019autres militants d\u00e9mocrates tunisiens le Conseil national des libert\u00e9s en Tunisie (CNLT), \u00e9tait mis sous une \u00e9troite surveillance, lui et sa famille. M\u00e9decin, il avait \u00e9t\u00e9 emp\u00each\u00e9 d\u2019exercer et d\u2019enseigner \u00e0 l\u2019universit\u00e9. Le r\u00e9gime de Ben Ali pratiquait la politique de \u2018\u2018l\u2019appauvrissement\u2019\u2019 des opposants. Mais, Marzouki et ses compagnons luttaient avec courage et d\u00e9termination contre cette politique en actionnant les ressorts de la solidarit\u00e9.<\/font><\/div>\n<div><font face=\"Arial\" size=\"2\">Apr\u00e8s un d\u00e9jeuner dans un restaurant du coin, durant lequel l\u2019opposant nous expliquait dans le d\u00e9tail tous les malheurs que les agents de Ben Ali-Trabelsi (du nom de Le\u00efla Trabelsi, seconde \u00e9pouse du dictateur) faisaient endurer \u00e0 l\u2019opposition. Nous devions reprendre un taxi vers la gare ferroviaire de Sousse pour rejoindre Tunis. A ce moment, une dizaine d\u2019hommes en civil s\u2019\u00e9taient approch\u00e9s de nous. \u2018\u2018Suivez-nous\u2019\u2019, ordonnaient-ils. Nous avions refus\u00e9 en demandant \u00e0 ces individus de d\u00e9cliner leur identit\u00e9. L\u2019un d\u2019eux nous a exhib\u00e9 une carte de couleur rouge sur laquelle \u00e9tait \u00e9crit \u2018\u2018Al amn el kawmi\u2019\u2019 (S\u00fbret\u00e9 nationale). Apr\u00e8s pr\u00e9sentation de nos passeports, les questions fusaient : \u2018\u2018Comment \u00eates-vous entr\u00e9s en Tunisie ?\u2019\u2019, \u2018\u2018Qu\u2019est-ce que vous \u00eates venus faire en Tunisie ?\u2019\u2019, \u2018\u2018Dans quel h\u00f4tel vous logez ?\u2019\u2019, \u2018\u2018Qui avez-vous rencontr\u00e9 ?\u2019\u2019, \u2018\u2018Quand partez- vous ?\u2019\u2019\u2026 Apr\u00e8s trois ou quatre coups de t\u00e9l\u00e9phone, les policiers changeaient d\u2019attitude en se rendant compte de notre qualit\u00e9 de journalistes alg\u00e9riens.<\/font><\/div>\n<div><font face=\"Arial\" size=\"2\">Devenus soudainement aimables, ils nous souhaitaient\u2026 \u2018\u2018la bienvenue en Tunisie\u2019\u2019. A Tunis, la filature polici\u00e8re \u00e9tait devenue plus dense et plus pr\u00e9sente\u2026 jusqu\u2019\u00e0 la salle d\u2019embarquement de l\u2019a\u00e9roport Tunis-Carthage\u2026 Marzouki pr\u00e9side depuis le 25 juillet 2001 le congr\u00e8s pour la R\u00e9publique, parti qu\u2019il a fond\u00e9 et qui n\u2019est pas reconnu par les autorit\u00e9s tunisiennes avant la r\u00e9volution tunisienne. Le 17 janvier 2011, Marzouki annonce sa candidature \u00e0 la pr\u00e9sidentielle et rentre de son exil le lendemain. Le 8 mars, la l\u00e9galisation de son parti est annonc\u00e9e.<\/font><\/div>\n<div><font face=\"Arial\" size=\"2\">Lors de l\u2019\u00e9lection de l\u2019assembl\u00e9e constituante du 23 octobre 2001, premi\u00e8res \u00e9lections libres organis\u00e9es depuis l\u2019ind\u00e9pendance, son parti obtient la seconde place en nombre de si\u00e8ges derri\u00e8re le parti islamiste Ennahdha. Lui-m\u00eame est \u00e9lu dans la circonscription de Nabeul. Ecrivain bilingue, il a publi\u00e9 seize livres en arabe et quatre en fran\u00e7ais, traitant de m\u00e9decine communautaire, d\u2019\u00e9thique m\u00e9dicale, des droits de l\u2019homme et du probl\u00e8me de la d\u00e9mocratisation dans les pays arabo-musulmans, parmi lesquels figure Dictateurs en sursis. Une voie d\u00e9mocratique pour le monde arabe publi\u00e9 aux \u00e9ditions de l\u2019Ateliers \u00e0 Paris en 2009. Depuis l\u2019av\u00e8nement de la r\u00e9volution du jasmin, la chronique tunisoise bruisse de rumeurs o\u00f9 l\u2019on d\u00e9cortique l\u2019histoire avec un humour parfois f\u00e9roce.<\/font><\/div>\n<div><font face=\"Arial\" size=\"2\">Une autre \u00e8re s\u2019ouvre<\/font><\/div>\n<div><font face=\"Arial\" size=\"2\">Les Tunisiens ? \u00abIls ont d\u2019abord \u00e9t\u00e9 dirig\u00e9s par un grand cerveau malade, puis par une petite cervelle n\u00e9vropathe, c\u2019est sans doute pourquoi, dans leur grande sagesse, apr\u00e8s des d\u00e9cennies de migraines, les Tunisiens ont choisi de d\u00e9signer \u00e0 la t\u00eate du pays un neurologue\u00bb, car Marzouki, professeur de m\u00e9decine, va devoir ausculter son peuple. \u00abLe personnage, commente-t-on, est \u00e0 l\u2019image de ses lunettes immenses et carr\u00e9es. Posture \u00e9lanc\u00e9e, col ouvert sans cravate, le pr\u00e9sident Moncef, fils de Mohamed El Bedoui Marzouki, est un authentique b\u00e9douin t\u00eatu et sans concession. Noblesse qu\u2019il n\u2019a jamais cherch\u00e9 \u00e0 travestir, il ne pratique pas la langue de bois. A cause des souffrances et humiliations qu\u2019il a lui m\u00eame subies, il jouit d\u2019un grand respect de la part du peuple tunisiens\u00bb.<\/font><\/div>\n<div><font face=\"Arial\" size=\"2\">Il se d\u00e9finit comme un nationaliste progressiste qui ne m\u00e9sestime pas le poids de ses racines. Il s\u2019en expliquait il y a quelques semaines. \u00abJ\u2019ai deux techniques pour rester positif psychologiquement. La premi\u00e8re, c\u2019est que je me dis que le temps g\u00e9ologique n\u2019est pas le temps des civilisations, que le temps des civilisations n\u2019est pas celui des r\u00e9gimes politiques, et que le temps des r\u00e9gimes n\u2019est pas celui des hommes. Il faut l\u2019accepter. Si je m\u2019engage dans le projet de transformer la Tunisie, vieille de quinze si\u00e8cles, je ne vais pas la transformer en vingt ans. Je dois donc accepter les \u00e9ch\u00e9ances de long terme. Et \u00e0 partir de l\u00e0, je ne me d\u00e9courage pas.\u00bb \u00abEt l\u2019autre technique vient du fait que je suis un homme du Sud. Je viens du d\u00e9sert et j\u2019ai vu mon grand-p\u00e8re semer dans le d\u00e9sert. Je ne sais pas si vous savez ce que c\u2019est que de semer dans le d\u00e9sert. C\u2019est semer sur une terre aride et ensuite vous attendez. Et si la pluie tombe, vous faites la r\u00e9colte. Je ne sais pas si vous avez d\u00e9j\u00e0 vu le d\u00e9sert apr\u00e8s la pluie, c\u2019est comme la Bretagne !<\/font><\/div>\n<div><font face=\"Arial\" size=\"2\">Un jour, vous marchez sur une terre compl\u00e8tement br\u00fbl\u00e9e, ensuite il pleut \u00e0 peine, et ce qui s\u2019en suit, vous vous demandez comment cela a pu se produire : vous avez des fleurs, de la verdure\u2026 tout simplement parce que les graines \u00e9taient d\u00e9j\u00e0 l\u00e0\u2026 Cette image m\u2019a vraiment marqu\u00e9 quand j\u2019\u00e9tais enfant. Et, par cons\u00e9quent, il faut semer ! M\u00eame dans le d\u00e9sert, il faut semer !\u00bb Il y a quelques jours, Marzouki affirmait que les relations alg\u00e9ro-tunisiennes \u00abseront bien meilleures sous la deuxi\u00e8me R\u00e9publique. Les Alg\u00e9riens seront consid\u00e9r\u00e9s comme leurs fr\u00e8res tunisiens. Fini les vexations et le comportement inadmissible des sbires de l\u2019ancien r\u00e9gime.\u00bb<\/font><\/div>\n<div><font face=\"Arial\" size=\"2\">Et d\u2019\u00e9num\u00e9rer les probl\u00e8mes en suspens entre les deux pays : \u00abJe suis pr\u00eat avec la nouvelle \u00e9quipe \u00e0 aplanir tous les probl\u00e8mes cr\u00e9\u00e9s par Ben Ali et consorts, notamment au plan humanitaire. On sait que bon nombre de prisonniers alg\u00e9riens sont d\u00e9tenus dans les ge\u00f4les tunisiennes depuis des ann\u00e9es, souvent sans proc\u00e8s. Nous veillerons \u00e0 \u00e9tudier cette question le plus rapidement possible, de m\u00eame que solliciterons un dispositif judiciaire afin de mettre \u00e0 plat toutes les questions bilat\u00e9rales li\u00e9es aux familles, \u00e0 la r\u00e9sidence, \u00e0 l\u2019h\u00e9ritage, au foncier\u2026\u00bb<\/font><\/div>\n<div><font face=\"Arial\" size=\"2\">htahri@elwatan.com <\/font><\/div>\n<div><font face=\"Arial\" size=\"2\"><strong>(Source : \u00abEl Watan\u00bb (Quotidien &#8211; le 01.12.2011)<\/strong><\/font><\/div>\n<div><font face=\"Arial\" size=\"2\"><a href=\"http:\/\/www.elwatan.com\/hebdo\/portrait\/moncef-marzouki-le-reclus-de-sousse-s-empare-de-carthage-01-12-2011-149303_164.php\" target=\"_blank\" rel=\"noopener\">http:\/\/www.elwatan.com\/hebdo\/portrait\/moncef-marzouki-le-reclus-de-sousse-s-empare-de-carthage-01-12-2011-149303_164.php<\/a><\/font><\/div>\n<div align=\"center\">\u00a0<\/div>\n<p><strong><\/p>\n<hr\/>\n<p><\/strong><\/p>\n<div align=\"center\"><font face=\"Arial\" size=\"2\"><strong><\/p>\n<h3 style=\"color: blue;\"><font size=\"3\">Exclusif: Le Temps publie le texte de la loi de Finances 2012 Ferait-on du neuf avec du vieux ?<\/font><\/h3>\n<p><\/strong><\/font><\/div>\n<div align=\"center\"><font face=\"Arial\" size=\"2\"><\/p>\n<hr\/>\n<p><\/font><\/div>\n<div align=\"center\">\u00a0<\/div>\n<div><font face=\"Arial\" size=\"2\">Sur les colonnes de notre journal (voir num\u00e9ro du 26 novembre 2011) nous avons \u00e9voqu\u00e9 les grandes lignes du projet de loi de finance 2012. Nous rappelons ainsi les principaux axes de ce projet. Ce sont en effet, dans l\u2019ensemble, trente trois mesures r\u00e9partis sur six principaux th\u00e8mes qui concernent la promotion des investissements, le soutien et l\u2019accompagnement des entreprises, la mise en place d\u2019une fiscalit\u00e9 de la Finance Islamique, des proc\u00e9dures relatives au paiement des dettes fiscales, des mesures visant \u00e0 poursuivre la r\u00e9forme du syst\u00e8me fiscal ainsi que d\u2019autres et mesures proc\u00e9dures diff\u00e9rentes. Retour sur toutes les mesures de ce projet de loi.<\/font><\/div>\n<div><font face=\"Arial\" size=\"2\"><strong>Soutien aux entreprises : solvabilit\u00e9<\/strong><\/font><\/div>\n<div><font face=\"Arial\" size=\"2\">Les mesures relatives au soutien et \u00e0 l\u2019accompagnement des entreprises tunisiennes tiennent \u00e0 quatre mesures. La premi\u00e8re vise le renforcement de la comp\u00e9titivit\u00e9 des industriels locaux en leurs permettant de choisir leurs fournisseurs en \u00e9quipements et mati\u00e8res premi\u00e8res, produits semi-industriels et autres produits industriels selon la rentabilit\u00e9 \u00e9conomique. Ainsi, le projet de loi de finances 2012, pr\u00e9voit, dans le cadre des conventions de libre-\u00e9change, la r\u00e9duction de la diff\u00e9rence entre les taux des taxes douani\u00e8res sur les produits industriels (fix\u00e9s selon le libre tarif) et ceux selon le tarif pr\u00e9f\u00e9rentiel, dans le cadre des conventions de libre-\u00e9change. Telle d\u00e9cision permettra de r\u00e9duire de 14% la moyenne du taux des taxes douani\u00e8res. Dans le m\u00eame contexte, le Minist\u00e8re des Finances a propos\u00e9 la suppression de taxes douani\u00e8res appliqu\u00e9es sur les engrais et les semences dans l\u2019objectif de r\u00e9duire le co\u00fbt de l\u2019importation des intrants agricoles. <\/font><\/div>\n<div><font face=\"Arial\" size=\"2\">Dans le m\u00eame cadre, les entreprises tunisiennes vont b\u00e9n\u00e9ficier des facilit\u00e9s pour le remboursement des exc\u00e9dents de tr\u00e9soreries et ce dans pour am\u00e9liorer la solvabilit\u00e9 des diff\u00e9rents op\u00e9rateurs \u00e9conomiques concern\u00e9s et ce en leurs versant une avance sans exercer un contr\u00f4le. Le montant de ces avances est de l\u2019ordre de 35% pour les soci\u00e9t\u00e9s soumises \u00e0 v\u00e9rification d\u2019un commissaire aux comptes et de 15% pour les autres institutions. Dans un autre volet, la loi de finances pr\u00e9voit l\u2019unification du syst\u00e8me fiscal pr\u00e9f\u00e9rentiel pour le secteur du transport public des personnes (transport urbain et louages). <\/font><\/div>\n<div><font face=\"Arial\" size=\"2\">Le projet de loi, pr\u00e9voit ainsi la suppression de la taxe sur la consommation et r\u00e9duction \u00e0 12% du taux d\u2019imposition sur la valeur ajout\u00e9e pour les v\u00e9hicules utilis\u00e9s dans le secteur.<\/font><\/div>\n<div><font face=\"Arial\" size=\"2\"><strong>Amnistie fiscale: est-ce le moment ?<\/strong><\/font><\/div>\n<div><font face=\"Arial\" size=\"2\">Une autre proposition. Un autre apport. Cette fois-ci, le document du projet de loi de finances 2012, pr\u00e9voit une amnistie fiscale, dont les raisons demeurent m\u00e9connues, incompr\u00e9hensibles certes. En effet, ce projet de loi pr\u00e9voit en mati\u00e8re fiscale, l\u2019abandon des cr\u00e9ances dont le montant ne d\u00e9passe pas les 300 dinars, l\u2019abandon partiel des p\u00e9nalit\u00e9s de retard, de contr\u00f4le et des frais de poursuite au profit des contribuables qui s\u2019engagent sur un \u00e9ch\u00e9ancier de remboursement ne d\u00e9passant pas les 5 ans, selon l\u2019importance des montants \u00e0 payer. Les m\u00eames dispositions sont propos\u00e9es en mati\u00e8re des taxes douani\u00e8res et locales. En effet, on propose l\u2019abandon des p\u00e9nalit\u00e9s ainsi que les p\u00e9nalit\u00e9s de retard pour les cr\u00e9ances fiscales ainsi que l\u2019abandon de 50% des p\u00e9nalit\u00e9s financi\u00e8res et douani\u00e8res dont le montant d\u00e9passe les 200 dinars (de 2008 \u00e0 2011) \u00e0 l&rsquo;exception des dette des personnes concern\u00e9es par l\u2019art 13 du d\u00e9cret n\u00b0 2011 du 14 mars 2011 qui porte sur la confiscation de l&rsquo;argent et des biens mobiliers et immobiliers. <\/font><\/div>\n<div><font face=\"Arial\" size=\"2\"><strong>R\u00e9forme fiscale : chantier toujours ouvert<\/strong><\/font><\/div>\n<div><font face=\"Arial\" size=\"2\">Ce sont dans l\u2019ensemble huit mesures qui concernent le volet \u00ab r\u00e9forme fiscale \u00bb. Une r\u00e9forme longtemps attendue et dont la gen\u00e8se semble encore tarder. \u00ab Cela doit faire l\u2019objet d\u2019un consensus de toutes les parties prenantes ; politiciens, \u00e9conomiques, universitaires, juristes et m\u00eame citoyens \u00bb affirme-t-on aupr\u00e8s du minist\u00e8re de tutelle. Mais, est-ce le cas ? Quoi qu\u2019il en soit, la r\u00e9forme de la fiscalit\u00e9 en Tunisie doit faire l\u2019objet d\u2019une r\u00e9flexion et ce dans l\u2019urgence. <\/font><\/div>\n<div><font face=\"Arial\" size=\"2\">En effet, les huit mesures cit\u00e9es dans le document du projet de loi de finances 2012, dont on dispose, pr\u00e9voient la r\u00e9vision de la m\u00e9thode de comptabilisation du tarif du timbre fiscal et l\u2019adoption de la m\u00e9thode de paiement par des re\u00e7us. On propose aussi, la suspension des dur\u00e9es de limitation dans le remboursement des dettes publiques pour la p\u00e9riode comprise entre le 17 d\u00e9cembre 2010 et le 31 d\u00e9cembre 2012. Telle proposition permettra aux services de comptabilit\u00e9s publiques dont les documents ont \u00e9t\u00e9 d\u00e9truits durant la p\u00e9riode pr\u00e9cit\u00e9e, de se baser sur les informations fournies par leurs syst\u00e8mes d\u2019informations mises \u00e0 leurs dispositions. Le Minist\u00e8re des Finances propose aussi que les services de fiscalit\u00e9 ont le droit de retirer les privil\u00e8ges fiscaux, pr\u00e9vu par le code d\u2019incitations \u00e0 l\u2019investissement, aux b\u00e9n\u00e9ficiaires dans certains cas. A cet \u00e9gard, il convient de rappeler aussi qu\u2019un nouveau timbre devrait \u00eatre appliqu\u00e9 sur les transferts des soldes d\u2019une ligne t\u00e9l\u00e9phonique post pay\u00e9e \u00e0 une autre pr\u00e9pay\u00e9e.<\/font><\/div>\n<div><font face=\"Arial\" size=\"2\">Le terme \u00ab instaurer l\u2019efficacit\u00e9 et la flexibilit\u00e9 au niveau des travaux de la direction g\u00e9n\u00e9rale des imp\u00f4ts \u00bb a \u00e9t\u00e9 cit\u00e9 au moins deux fois dans le cadre des mesures relatives \u00e0 la r\u00e9forme fiscale. Dans ce cadre, le projet loi de finances 20212, octroie aux directeurs des services centraux ou m\u00eame r\u00e9gionaux du contr\u00f4le des imp\u00f4ts, les comp\u00e9tences de retirer les avantages fiscaux ou m\u00eame de majorer les imp\u00f4ts pour certains cas. <\/font><\/div>\n<div><font face=\"Arial\" size=\"2\"><strong>Autres d\u00e9cisions<\/strong><\/font><\/div>\n<div><font face=\"Arial\" size=\"2\">Ces d\u00e9cisions concernent certaines activit\u00e9s dont le potentiel est jug\u00e9 trop fort. On notre principalement, l\u2019activit\u00e9 de l\u2019assurance-vie ainsi que les activit\u00e9s de soutien destin\u00e9es aux personnes \u00e2g\u00e9es en supprimant les taxes sur les v\u00e9hicules du transport des personnes n\u00e9cessitant un aide. Ces mesures concernent aussi, le r\u00e9gime fiscal des associations culturelles et sociales \u00e0 but non lucratif, en adoptant les mesures fiscales \u00e0 la nature des op\u00e9rations effectu\u00e9es par ces associations et ce en r\u00e9visant la taxe sur la valeur ajout\u00e9e appliqu\u00e9e auparavant. La mesure phare de cette rubrique consiste en la suppression du timbre de voyage, qui procurait auparavant \u00e0 l\u2019Etat plus de 20 millions de dinars annuellement. On propose aussi, la possibilit\u00e9 du d\u00e9dommagement des citoyens, qui ont hypoth\u00e9qu\u00e9 leurs bijoux aupr\u00e8s des recettes des finances, lesquelles ont \u00e9t\u00e9 pill\u00e9es lors des \u00e9v\u00e9nements qu&rsquo;a connus le pays apr\u00e8s le 17 janvier. Ainsi, l\u2019Etat prend en charge l\u2019indemnisation des citoyens qui ont perdu leurs bijoux dont les quantit\u00e9s sont estim\u00e9es \u00e0 1,3 tonne comprenant d&rsquo;importantes quantit\u00e9s d&rsquo;or de 9 et de 18 carats et d&rsquo;argent. On propose aussi une mesure relative \u00e0 l\u2019encouragement de d\u00e9veloppement de la branche assurance vie, une branche qui permet de d\u00e9velopper l\u2019\u00e9pargne publique \u00e0 long terme. Ainsi, le projet de loi encourage la conclusion de contrats d&rsquo;assurance vie, tout en ajustant le montant maximum des primes \u00e0 soustraire de l&rsquo;objet au revenu net disponible \u00e0 l&rsquo;imp\u00f4t sur le revenu de l&rsquo;ordre de 10 000 dinars par an ind\u00e9pendamment de l&rsquo;\u00e9tat-civil de l\u2019assur\u00e9.<\/font><\/div>\n<div><font face=\"Arial\" size=\"2\"><strong>Un projet contest\u00e9 !<\/strong><\/font><\/div>\n<div><font face=\"Arial\" size=\"2\">Sans vouloir entrer dans la pol\u00e9mique \u00e0 fortiori de la provoquer. Mais, il semble que ce projet loi des finances fraichement pr\u00e9par\u00e9, va causer du rififi. En effet, ce projet qui avant m\u00eame d\u2019\u00eatre pr\u00e9sent\u00e9 au nouveau gouvernement (en cours de formation) qui va \u00e0 son tour le remettre \u00e0 l\u2019Assembl\u00e9e Constituante pour approbation, le projet de loi de finances pour l\u2019ann\u00e9e 2012, commence \u00e0 faire parler de lui. Il attise plusieurs r\u00e9actions de contestations. Ce projet d\u00e9j\u00e0 transmis aux principaux partis politiques \u00e9lus \u00e0 la Constituante (Ennahda, le CPR et Ettakatol) attend son visa pour \u00eatre finalement adopt\u00e9, ne contient aucune d\u00e9cision relative \u00e0 la r\u00e9duction de la pression fiscale souvent remarqu\u00e9e durant des d\u00e9cennies. Le Minist\u00e8re des Finances explique que telle d\u00e9cision doit \u00eatre prise suite \u00e0 un consensus entre les diff\u00e9rentes parties (\u00e9conomiques, politiques). Raison pour laquelle, plusieurs se demandent sur l\u2019utilit\u00e9 d\u2019\u00e9laborer un projet qui ne r\u00e9pond pas m\u00eame \u00e0 aucune revendication de taille de la part des citoyens ainsi que des op\u00e9rateurs \u00e9conomiques, comme l\u2019attestent bon nombres d\u2019observateurs. Lassad Dhaouedi en qualit\u00e9 de pr\u00e9sident de la Chambre syndicale des Conseillers Fiscaux, n\u2019a pas rat\u00e9 l\u2019occasion pour rectifier le tir et avancer des remarques et des suggestions \u00e0 propos de ce projet de loi. Ainsi, il estime que ce projet de la loi de finances 2012, a \u00e9t\u00e9 \u00e9labor\u00e9 par les m\u00eames personnes, la m\u00eame logique et surtout par les m\u00eames m\u00e9thodes qu\u2019auparavant. \u00ab Il n\u2019apporte rien de nouveau et les principales mesures d\u00e9j\u00e0 attendue n\u2019\u00e9taient pas prises, \u00e0 l\u2019instar des dispositifs de lutte contre la fraude fiscale et la r\u00e9duction de la tension fiscale que subit le citoyen pour soutenir son pouvoir d\u2019achat \u00bb estime-t-il, tout en pr\u00e9cisant \u00ab qu\u2019en tant que Chambre syndicale des Conseillers Fiscaux, et surtout sp\u00e9cialistes en mati\u00e8re de fiscalit\u00e9, on n\u2019\u00e9tait pas contact\u00e9s par l\u2019administration au cours de l\u2019\u00e9laboration de ce projet de loi \u00bb. Pour lui, la r\u00e9volution n\u2019a pas \u00e9t\u00e9 encore touch\u00e9 la fiscalit\u00e9 du pays. De toute fa\u00e7on, le projet de loi est encore sous l\u2019\u00e9tude des diff\u00e9rents nomin\u00e9s au pouvoir. Peut-\u00eatre il sera approuv\u00e9, comme il sera probablement rejet\u00e9. Dans l\u2019attente de cette d\u00e9cision, les conseillers fiscaux ont r\u00e9agi et proposent bon nombres des solutions pour une r\u00e9forme de la fiscalit\u00e9 du pays.<\/font><\/div>\n<div><font face=\"Arial\" size=\"2\"><strong>Investissement : huit mesures<\/strong><\/font><\/div>\n<div><font face=\"Arial\" size=\"2\">Le projet de loi de finances 2012, propose huit mesures pour booster l\u2019investissement. Au premier rang, ce projet loi pr\u00e9voit la prolongation de la p\u00e9riode d\u2019augmentation exceptionnelle de la subvention d\u2019investissement de 5% \u00e0 20%, et ce en vertu de l\u2019article 52 du Code d\u2019incitations \u00e0 l\u2019investissement. Cette d\u00e9cision concerne l\u2019investissement dans les secteurs promoteurs ayant un taux d\u2019int\u00e9gration \u00e9lev\u00e9. La deuxi\u00e8me mesure pr\u00e9vue dans ce chapitre, concerne l\u2019encouragement des investissements dans les secteurs des p\u00e9pini\u00e8res des entreprises et les espaces de t\u00e9l\u00e9travail, et ce dans le cadre des dispositions pr\u00e9vues dans le cadre du chapitre 52 du code d\u2019incitation aux investissements. Ainsi jusqu\u2019au 31 d\u00e9cembre de l\u2019ann\u00e9e en cours, les investissements pr\u00e9vus dans les zones de d\u00e9veloppement r\u00e9gional b\u00e9n\u00e9ficieront d\u2019une prime de 20% du co\u00fbt de l\u2019investissement, outre les mesures relatives \u00e0 l\u2019acquisition des terres au dinar symbolique. Ce projet de loi, vise \u00e9galement l\u2019encouragement des investissements priv\u00e9s dans les secteurs de l\u2019\u00e9ducation, de l\u2019enseignement sup\u00e9rieur et de la formation professionnelle par l\u2019exon\u00e9ration de la participation \u00e0 la Caisse de promotion du logement au profit des employ\u00e9s au titre des salaires, des subventions et des privil\u00e8ges accord\u00e9s aux enseignants et formateurs tunisiens recrut\u00e9s de fa\u00e7on permanente jusqu\u2019au 31 d\u00e9cembre 2012. Aussi, les investissements effectu\u00e9s dans les espaces de divertissement destin\u00e9s \u00e0 l\u2019enfance et \u00e0 la jeunesse pourrait b\u00e9n\u00e9ficier des mesures d\u2019encouragement pr\u00e9vues dans le cadre du chapitre 52 du code d\u2019incitations aux investissements et ce, par la prolongation des d\u00e9lais pour b\u00e9n\u00e9ficier des terrains au dinar symbolique jusqu\u2019au 31 d\u00e9cembre. Idem pour les investissements priv\u00e9s dans le secteur des logements universitaires qui vont b\u00e9n\u00e9ficier de cette m\u00eame mesure. Plus encore, ce projet de loi, pr\u00e9voit dans le m\u00eame cadre de l\u2019encouragement des investissements, des mesures qui concernent le r\u00e9investissement des b\u00e9n\u00e9fices et surtout l\u2019encouragement de la cr\u00e9ation d\u2019emploi. Ainsi, on pr\u00e9voit la r\u00e9duction, de 5 \u00e0 3 ann\u00e9es, de la p\u00e9riode autorisant \u00e0 des exon\u00e9rations de 50% de la valeur exc\u00e9dentaire r\u00e9sultante de la cession des participations dans les investissements effectu\u00e9s dans les capitaux de d\u00e9veloppement. Cette mesure concerne les investissements dont la valeur est moins de 50 mille dinars, pour chaque emploi cr\u00e9\u00e9. La derni\u00e8re mesure qui touche \u00e0 l\u2019investissement consacre la facilitation des moyens de paiement des imp\u00f4ts sur la valeur exc\u00e9dentaires qui r\u00e9sulte de la cession des bons de tr\u00e9sors de la part des non r\u00e9sidents.<\/font><\/div>\n<div><font face=\"Arial\" size=\"2\"><strong>Finance islamique: nouveau dispositif\u2026nouveaux horizons ?<\/strong><\/font><\/div>\n<div><font face=\"Arial\" size=\"2\">C\u2019est le seul, ou presque, nouvel apport que le projet de loi de finances 2012, pr\u00e9voit (il co\u00efncide avec la mont\u00e9e d\u2019Ennahda au pouvoir). Selon ce projet, loi, la finance islamique aura bel et bien son syst\u00e8me fiscal. Cette mesure phare pr\u00e9voit, en effet, la d\u00e9termination d\u2019un syst\u00e8me fiscal relatif aux op\u00e9rations de vente de \u00ab Al Mourabha \u00bb, \u00ab Asselm \u00bb et \u00ab Istensa\u00e2 \u00bb. En effet, ce projet pr\u00e9conise le retrait du syst\u00e8me fiscal relatif aux op\u00e9rations de location-bail r\u00e9alis\u00e9es par les \u00e9tablissements des cr\u00e9dits, les soci\u00e9t\u00e9s de leasing en l\u2019occurrence. Il pr\u00e9voit \u00e9galement, l\u2019exon\u00e9ration des sommes vers\u00e9es dans les cadres des contrats de vente de \u00ab Mourabaha \u00bb ou \u00ab d&rsquo;Ijara \u00bb ou encore les contrats de vente de \u00ab Esselm \u00bb, conclus par les \u00e9tablissements des cr\u00e9dits. Cette exon\u00e9ration touche l\u2019escompte du pr\u00eat aupr\u00e8s du fournisseur de 1,5% \u00e0 l\u2019instar des contrats de leasing. Il propose aussi, le retrait de l&rsquo;exploitation du syst\u00e8me fiscal relatif aux op\u00e9rations financ\u00e9es par des emprunts bancaires. Cette mesure concerne les contrats de \u00ab Mourabha \u00bb, les contrats de vente de type \u00ab Esselm \u00bb ainsi que les contrats d\u2019 \u00ab Istesna\u00e2 \u00bb effectu\u00e9s par les pr\u00eateurs. D\u2019autres mesures sont \u00e9galement envisag\u00e9es dans le cadre de la promotion de la Finance Islamique. On note ainsi l\u2019exon\u00e9ration des droits d\u2019enregistrements pour les contrats de vente (de types \u00ab Esselm \u00bb) dans le cadre de vente de la production agricole. On cite aussi, la mesure relative \u00e0 l\u2019application des m\u00eames avantages et exon\u00e9rations pr\u00e9vus par la l\u00e9gislations en vigueur dans le cadre de l\u2019acquisition des mat\u00e9riaux et des \u00e9quipemeents ou encore des bien immobiliers dans le cadre des contras de vente de type \u00ab Mourabaha \u00bb ou contrats \u00ab Ijara \u00bb ou encore \u00ab Istisna\u00e2 \u00bb.<\/font><\/div>\n<div><font face=\"Arial\" size=\"2\"><strong>Trois questions \u00e0 Lassaad Dhaouadi,<\/strong><\/font><\/div>\n<div><font face=\"Arial\" size=\"2\"><strong>fondateur de la Chambre nationale syndicale des conseillers fiscaux<\/strong><\/font><\/div>\n<div><font face=\"Arial\" size=\"2\"><strong>Quelles sont les attentes des entreprises dans le cadre de la loi de finances pour la gestion 2012<\/strong><\/font><\/div>\n<div><font face=\"Arial\" size=\"2\">A mon avis, la constituante est dans la possibilit\u00e9 d\u2019adopter dans le cadre de la loi de finances 2012 quelques mesures au profit des entreprises, des salari\u00e9s et du tr\u00e9sor public. Il faut ainsi all\u00e9ger la pression fiscale en \u00e9liminant certaines taxes (Fodec, TFP, Foprolos et autres) tout en modifiant le bar\u00e8me de l\u2019imp\u00f4t sur le revenu. En outre, il faut parfaire le dispositif de lutte contre la fraude fiscale qui s\u2019\u00e9value annuellement \u00e0 quelques milliers de milliards. Aussi, il faut all\u00e9ger la proc\u00e9dure de restitution des cr\u00e9dits d\u2019imp\u00f4t et de retenue \u00e0 la source. Il faut assainir la l\u00e9gislation actuelle de quelques mesures mafieuses confectionn\u00e9es sur mesure au profit du pr\u00e9sident d\u00e9chu, de ses proches, des \u00ab mounachidins \u00bb, des parents, des corrompus et des interm\u00e9diaires comme c\u2019est le cas pour l\u2019article 15 du code de la TVA, l\u2019article 40 de la loi n\u00b0 2011-69, l\u2019article 36 la loi de finances pour la gestion 2010, les articles 21 et 30 de la loi de finances pour la gestion 2011, l\u2019article 9 du d\u00e9cret-loi n\u00b0 2011-28 ainsi que les articles 50 \u00e0 55 de la loi de finances pour la gestion 2001 qui ont vis\u00e9 la suppression de la profession de Conseil fiscal agr\u00e9\u00e9 et qui n\u00e9cessite une enqu\u00eate p\u00e9nale au sens de l&rsquo;article 96 du code p\u00e9nal du fait que ce dispositif a contribu\u00e9 au gaspillage de l&rsquo;argent public. A ce titre, nous sommes pr\u00eats \u00e0 pr\u00e9senter un projet de loi qui tienne compte de la situation du pays.<\/font><\/div>\n<div><font face=\"Arial\" size=\"2\">Parall\u00e8lement, la constituante doit adopter d\u2019urgence quelques textes pour lutter contre la corruption administrative et financi\u00e8re du fait qu&rsquo;il s&rsquo;agit actuellement du seul investissement rentable pour la Tunisie. <\/font><\/div>\n<div><font face=\"Arial\" size=\"2\"><strong>Quelles sont les grandes lignes du projet de la loi de finances 2012 ?<\/strong><\/font><\/div>\n<div><font face=\"Arial\" size=\"2\">Le projet de la loi de finances 2012, tel que pr\u00e9par\u00e9 par la machine corrompue de production des textes l\u00e9gislatifs et r\u00e9glementaires, est vide, m\u00e9diocre, dangereux et marqu\u00e9 par la fuite en avant. La fuite en avant est mat\u00e9rialis\u00e9e par des dispositifs d\u2019incitation dont la faillite a \u00e9t\u00e9 d\u00e9montr\u00e9e en mati\u00e8re d\u2019emploi, d\u2019investissement et autres. Dangereux du fait qu\u2019il va contribuer \u00e0 gaspiller l\u2019argent des contribuables qui sont en train de financer les salaires et les avantages des corrompus de l\u2019administration. Aucun dispositif de contr\u00f4le des avantages financiers n\u2019a \u00e9t\u00e9 pr\u00e9vu !!! Aucun dispositif de lutte contre la fraude fiscale et son blanchiment n\u2019a \u00e9t\u00e9 pr\u00e9vu malgr\u00e9 que ceci nous co\u00fbte annuellement des milliers de milliards !!! Bien au contraire, un dispositif de r\u00e9compense des fraudeurs et des d\u00e9faillants a \u00e9t\u00e9 pr\u00e9vu au d\u00e9triment de ceux qui ont accompli leur devoir fiscal !!! Aucun dispositif n\u2019a \u00e9t\u00e9 pr\u00e9vu pour supprimer la commission de r\u00e9vision des arr\u00eat\u00e9s de taxation d\u2019office pr\u00e9vue par l\u2019article 30 mafieux de la loi de finances 2011 qui a remplac\u00e9 la commission consultative charg\u00e9e de l\u2019examen des requ\u00eates des contribuables qui a radi\u00e9 ill\u00e9galement les cr\u00e9ances fiscales avec la participation de deux experts comptables parmi les proches des ministres des finances de la mafia. Il s\u2019agit en fait d\u2019une juridiction en dehors du syst\u00e8me judiciaire !!! Aucune enqu\u00eate p\u00e9nale n\u2019a \u00e9t\u00e9 ouverte jusqu\u2019\u00e0 ce jour \u00e0 ce titre malgr\u00e9 la gravit\u00e9 du crime !!! Aucun dispositif n\u2019a \u00e9t\u00e9 pr\u00e9vu pour supprimer les autres dispositions mafieuses et discriminatoires prises sur mesure. A ce titre, il ne faut pas que certaines dispositions corrompues soient pr\u00e9vues pour obliger les partis politiques et les associations \u00e0 d\u00e9signer un commissaire aux comptes et parfois deux comme s\u2019il s\u2019agit d\u2019une entreprise produisant des t\u00eates nucl\u00e9aires !!! L\u2019harmonisation de la loi n\u00b0 87-17 relative \u00e0 la d\u00e9claration du patrimoine de certaines cat\u00e9gories de fonctionnaires avec les normes internationales va nous permettre de connaitre dans quelles conditions les dispositions mafieuses ont \u00e9t\u00e9 pr\u00e9par\u00e9es et au profit de qui.<\/font><\/div>\n<div><font face=\"Arial\" size=\"2\"><strong>Qu\u2019en pensez-vous des mesures fiscales prises apr\u00e8s le 14 janvier<\/strong><\/font><\/div>\n<div><font face=\"Arial\" size=\"2\">Ces mesures ne diff\u00e8rent pas de celles prises par le pr\u00e9sident d\u00e9chu et qui n\u2019ont pas abouti \u00e0 la surpression du ch\u00f4mage, de la pauvret\u00e9 et du sous d\u00e9veloppement. Bien au contraire, la politique des avantages fiscaux et financiers a abouti au gaspillage des deniers publics. La l\u00e9gislation fiscale a \u00e9t\u00e9 confectionn\u00e9e d\u2019une mani\u00e8re corrompue du fait qu\u2019elle n\u2019incrimine pas ceux qui d\u00e9tournent les avantages financiers. Nul ne peut nier aujourd\u2019hui la faillite et la m\u00e9diocrit\u00e9 des mesures prises ces derniers jours \u00e0 l\u2019encontre des int\u00e9r\u00eats de la communaut\u00e9, et ce du fait de la non incrimination de la n\u00e9gligence comme c\u2019est le cas dans les pays d\u00e9velopp\u00e9s. Un gouvernement l\u00e9gitime ne peut en aucun cas prendre des mesures pour blanchir la fraude fiscale, r\u00e9compenser les fraudeurs et blanchir les crimes contre l\u2019Humanit\u00e9 (voir modification du code de proc\u00e9dures p\u00e9nales). Les mesures prises apr\u00e8s le 14 janvier ont abouti au gaspillage de l\u2019argent public du fait qu\u2019elles sont prises dans un environnement corrompu et que la machine de production des textes est corrompue. Il faut entamer une enqu\u00eate pour identifier les textes l\u00e9gislatifs et r\u00e9glementaires qui ont contribu\u00e9 \u00e0 la promotion de la fraude fiscale et financi\u00e8re tout en proc\u00e9dant \u00e0 l\u2019incrimination de la n\u00e9gligence et la corruption administrative en modifiant l\u2019article 107 du code p\u00e9nal. L\u2019assainissement de la proc\u00e9dure corrompue d\u2019adoption des textes est l\u2019une des priorit\u00e9s du gouvernement et de la constituante. Ils doivent \u00eatre entour\u00e9s et assist\u00e9s par des administrateurs int\u00e8gres et des experts qui ne doivent pas \u00eatre choisis parmi les \u00ab mounachidins \u00bb et les corrompus qui cherchent \u00e0 changer de casquette, et ce avec la complicit\u00e9 de certains administrateurs.<\/font><\/div>\n<div><font face=\"Arial\" size=\"2\"><strong>(Source : \u00abLe Temps\u00bb (Quotidien \u2013 Tunisie) le 01.12.2011)<\/strong><\/font><\/div>\n<div><font face=\"Arial\" size=\"2\"><a href=\"http:\/\/www.letemps.com.tn\/article-61187.html\" target=\"_blank\" rel=\"noopener\">http:\/\/www.letemps.com.tn\/article-61187.html<\/a><\/font><\/div>\n<p><strong><\/p>\n<hr\/>\n<p><\/strong><\/p>\n<div align=\"center\">\n<h3 style=\"color: blue;\"><font face=\"Arial\"><strong><font>Tunisie, faut-il revenir au diktat d\u2019un parti unique appel\u00e9 Ennahdha ?<\/font><\/strong><\/font><\/h3>\n<\/div>\n<div align=\"center\">\n<hr\/>\n<\/div>\n<div><font face=\"Arial\" size=\"2\">Publi\u00e9 le Jeudi 01 D\u00e9cembre 2011 \u00e0 10:49 Environ 55% des Tunisiens se sont exprim\u00e9s le 23 Octobre. Selon les r\u00e9sultats provisoires, le parti Ennahdha a \u00e9t\u00e9 le grand vainqueur en attirant le vote de 37% parmi les votants et celui d\u2019environ 20,6% des Tunisiens globalement. Ce parti a rafl\u00e9 90 si\u00e8ges soit 41,5% de l\u2019ensemble des 217 si\u00e8ges mais et c\u2019est important, gr\u00e2ce au mode de scrutin adopt\u00e9, il ne dispose pas, \u00e0 lui tout seul, de la majorit\u00e9 absolue. <\/font><\/div>\n<div><font face=\"Arial\" size=\"2\">Malgr\u00e9 toute leur bonne volont\u00e9, le gouvernement temporaire, la haute instance pr\u00e9sid\u00e9e par M. Yadh Ben Achour et l\u2019ISIE n\u2019ont pas pu mettre en place un syst\u00e8me garantissant une parfaite \u00e9quit\u00e9 entre les listes candidates pour cette \u00e9ch\u00e9ance \u00e9lectorale capitale. Certains partis comme Ennahdha sont fortement suspect\u00e9s d\u2019avoir b\u00e9n\u00e9fici\u00e9 d\u2019un financement ill\u00e9gal. Les m\u00e9dias locaux ont couvert plus largement un parti donn\u00e9 aux d\u00e9pens des autres. Au niveau des m\u00e9dias \u00e9trangers, Al Jazira bien qu\u2019elle ait fourni un relais \u00e0 la r\u00e9volution tunisienne, a sensiblement d\u00e9\u00e7u. Al Jazira a d\u00e9fendu le parti Ennahdha et une vision totalement pro-th\u00e9ocratique. Les rapports des observateurs ont mentionn\u00e9 des malversations commises (certaines ressemblent \u00e0 l\u2019\u00e9poque du RCD; d&rsquo;autres sont nouvelles avec la propagande nahdhaouie dans les mosqu\u00e9es) par diff\u00e9rents partis.<\/font><\/div>\n<div><font face=\"Arial\" size=\"2\">Sur le long terme, les tunisiens devront exiger que les futures \u00e9lections \u00e0 organiser par l\u2019ISIE ou toute autre instance ind\u00e9pendante soient plus respectueuses des r\u00e8gles de la d\u00e9mocratie avec un code \u00e9lectoral comportant des sanctions rapides et exemplaires pour tous les tricheurs.<\/font><\/div>\n<div><font face=\"Arial\" size=\"2\">Ceci dit, la tendance est l\u00e0, le peuple a vot\u00e9 (\u00e0 tort ou \u00e0 raison) en majorit\u00e9 pour Ennahdha et ce parti sera l\u00e0 pour les prochaines ann\u00e9es. Plusieurs \u00e9l\u00e9ments expliquent ce vote : <\/font><\/div>\n<div><font face=\"Arial\" size=\"2\">&#8211; Le parti Ennahdha est le seul (avec le d\u00e9funt RCD et les syndicalistes de l\u2019UGTT) \u00e0 avoir toute une organisation et une structure avec des adh\u00e9rents et des sympathisants dans chaque coin de la Tunisie depuis quasiment l\u2019ind\u00e9pendance. Ce parti est le seul \u00e0 avoir fait du porte \u00e0 porte partout en Tunisie et a promis monts et merveilles aux Tunisiens ;<\/font><\/div>\n<div><font face=\"Arial\" size=\"2\">&#8211; Le parti Ennahdha a r\u00e9ussi \u00e0 focaliser le d\u00e9bat sur notre identit\u00e9 arabo-musulmane tout en \u00e9vitant les d\u00e9bats sur les autres sujets comme l\u2019\u00e9conomie. Ennahdha a fait passer un faux message aux \u00e9lecteurs: Ennahdha d\u00e9fend l\u2019islam (alors qu\u2019il est pour la charia : une interpr\u00e9tation erron\u00e9e et obscure de l\u2019islam) contre les autres partis, les m\u00e9cr\u00e9ants qui (selon Ennahdha) d\u00e9fendent les homosexuels et les lesbiennes;<\/font><\/div>\n<div><font face=\"Arial\" size=\"2\">&#8211; La non connaissance des tunisiens du vrai Islam, l\u2019islam des lumi\u00e8res. Tout a \u00e9t\u00e9 fait pour \u00e9touffer les messages des intellectuels tunisiens comme Mr Mohammed Talbi, Mme Olfa ben Youssef, etc ;<\/font><\/div>\n<div><font face=\"Arial\" size=\"2\">&#8211; De m\u00eame, les artistes n\u2019ont pas su ou pu, vu le court laps de temps, apporter un \u00e9clairage en ligne avec les attentes de la soci\u00e9t\u00e9 tunisienne actuelle;<\/font><\/div>\n<div><font face=\"Arial\" size=\"2\">&#8211; Ennahdha a promis aux gens de rompre avec les m\u00e9thodes de l\u2019ancien syst\u00e8me : corruption, malversation, etc. Certains partis cr\u00e9\u00e9s avant le 14 Janvier ont \u00e9t\u00e9 m\u00e9diocres sur ce plan et n\u2019ont m\u00eame pas investi leurs militants, ceux qui ont souffert sous Ben Ali. Le peuple les a durement sanctionn\u00e9s. Dans la pratique, Ennahdha a aussi failli \u00e0 cette promesse vu les m\u00e9thodes utilis\u00e9es lors des \u00e9lections; <\/font><\/div>\n<div><font face=\"Arial\" size=\"2\">&#8211; La multiplicit\u00e9 des listes candidates et l\u2019inexistence d\u2019une vie politique en Tunisie. Environ 33,7% des votants se sont d\u00e9plac\u00e9s pour rien : Ils ont donn\u00e9 leur voix \u00e0 une liste qui n\u2019a pas eu de si\u00e8ge dans leur circonscription. En m\u00eame temps, \u00e0 peu pr\u00e8s le m\u00eame pourcentage de votant (37%) a permis \u00e0 Ennahdha d\u2019avoir 90 si\u00e8ges.<\/font><\/div>\n<div><font face=\"Arial\" size=\"2\">Au vu de ces \u00e9lections, l\u2019\u00e9chiquier politique est plus simple et peut \u00eatre analys\u00e9 sur deux axes :<\/font><\/div>\n<div><font face=\"Arial\" size=\"2\">&#8211; Un premier axe ou certains partis sont pour des institutions th\u00e9ocratiques (comme Ennahdha) et les autres (ils sont majoritaires) sont pour des institutions civiles modernes et progressistes (CPR, Ettakattol, PDP, PDM, Afek,\u2026).<\/font><\/div>\n<div><font face=\"Arial\" size=\"2\">&#8211; Un second axe classique en retrouvant des partis plut\u00f4t de droite (comme Ennahdha, \u2026) et d\u2019autres plut\u00f4t de gauche ou centre gauche (comme CPR, Ettakattol, PDP, PDM, POCT, \u2026) <\/font><\/div>\n<div><font face=\"Arial\" size=\"2\">Pour faire vivre la d\u00e9mocratie, il faudrait avoir (si possible) d\u2019ici un an (en vue des prochaines \u00e9ch\u00e9ances \u00e9lectorales l\u00e9gislatives et pr\u00e9sidentielles) un ou deux autres partis ou blocs de partis aptes \u00e0 proposer une alternative \u00e0 Ennahdha. Un \u00e9norme travail attend les forces progressistes et modernistes pour esp\u00e9rer obtenir des scores autour de 20-30%. A d\u00e9faut, la r\u00e9volution tunisienne aura simplement permis de remplacer le parti unique RCD par un autre parti unique Ennahdha qui conduira \u00e0 terme aux m\u00eames d\u00e9rives.<\/font><\/div>\n<div><font face=\"Arial\" size=\"2\">Ennahdha lance actuellement un appel aux autres listes pour les rejoindre afin de b\u00e2tir la nouvelle Tunisie. Pour quel programme ? Pour quel projet de soci\u00e9t\u00e9 ? Faut-il que ces listes renoncent \u00e0 leurs propositions, \u00e0 leurs principes et renouent avec la politique du parti unique ?<\/font><\/div>\n<div><font face=\"Arial\" size=\"2\">Ennahdha est minoritaire sur quelques points qui seront d\u00e9battus lors de la r\u00e9daction de la constitution:<\/font><\/div>\n<div><font face=\"Arial\" size=\"2\">&#8211; Ennahdha pousse vers des institutions th\u00e9ocratiques bas\u00e9es sur une interpr\u00e9tation erron\u00e9e et sombre de l\u2019Islam : la charia. Les autres listes repr\u00e9sentant une majorit\u00e9 sur ce point sont pour une soci\u00e9t\u00e9 civile moderne, progressiste et ouverte. Toute les listes s\u2019accordent que la Tunisie est un pays arabo-musulman et que l\u2019Islam n\u2019est pas la propri\u00e9t\u00e9 d\u2019Ennahdha. Certaines listes ont eu tort de ne pas le clamer haut et fort lors de ces derni\u00e8res \u00e9lections.<\/font><\/div>\n<div><font face=\"Arial\" size=\"2\">&#8211; Ennahdha propose que le futur pr\u00e9sident de la r\u00e9publique (ainsi que le pr\u00e9sident de la Cour constitutionnelle, de la Cour des comptes) soient \u00e9lus par le parlement. Les autres listes repr\u00e9sentant une majorit\u00e9 sur ce point sont pour une \u00e9lection du pr\u00e9sident de la r\u00e9publique au suffrage universel et direct.<\/font><\/div>\n<div><font face=\"Arial\" size=\"2\">Les d\u00e9bats au sein de cette assembl\u00e9e constituante seront assez instructifs. Est-ce que le CPR et Ettakattol qui ont tout fait pour \u00e9viter la confrontation avec Ennahdha pour l\u2019instant vont faire profil bas ? Est-ce qu\u2019ils vont accepter des postes \u00e9ph\u00e9m\u00e8res (pr\u00e9sident ou ministre temporaire pendant un an) au d\u00e9pens de leurs id\u00e9aux ?<\/font><\/div>\n<div><font face=\"Arial\" size=\"2\">Au niveau du futur gouvernement temporaire et au niveau l\u00e9gislatif, des d\u00e9cisions sont requises imm\u00e9diatement pour relancer le pays. Le budget de 2012 est \u00e0 voter d\u2019ici la fin de l\u2019ann\u00e9e. Ennahdha est pour un syst\u00e8me \u00e9conomique lib\u00e9ral qui va encore favoriser les riches en Tunisie. Alors que CPR, Ettakattol, PDP, PDM, POCT sont pour une politique plut\u00f4t de gauche ou centre gauche tendant vers un meilleur partage des richesses entre les couches sociales d\u00e9favoris\u00e9es et les couches ais\u00e9es. Est-ce que le CPR et Ettakattol vont laisser tomber la couche moyenne et les d\u00e9favoris\u00e9s ?<\/font><\/div>\n<div><font face=\"Arial\" size=\"2\">Enfin, toute politique a besoin de cr\u00e9ation de richesses. L\u2019annonce de la victoire d\u2019Ennahdha a envoy\u00e9 un signal n\u00e9gatif aux acteurs \u00e9conomiques tunisiens et \u00e9tranger. Malheureusement, il sera dur pour la Tunisie d\u2019attirer les investisseurs, les touristes, etc. Les messages et d\u00e9cisions d\u2019Ennahdha sur les libert\u00e9s individuelles, la situation de la femme, l\u2019ouverture \u00e0 l\u2019Europe et au monde globalement, le plan \u00e9conomique, etc. seront scrut\u00e9s de tr\u00e8s pr\u00e8s. Les r\u00e9centes annonces en faveur de la polygamie, l\u2019arabisation sont d\u00e9j\u00e0 mal per\u00e7us. Est-ce que le CPR et Ettakattol vont offrir un simple paravent pour apaiser les peurs aussi bien des tunisiens que des \u00e9trangers ?<\/font><\/div>\n<div><font face=\"Arial\" size=\"2\">La soci\u00e9t\u00e9 civile, les ONG nationales et internationales, les m\u00e9dias doivent rester vigilants et auront \u00e0 d\u00e9noncer (comme \u00e0 l\u2019\u00e9poque de Ben Ali) les travers d\u2019Ennahdha et du futur gouvernement.<\/font><\/div>\n<div><font face=\"Arial\" size=\"2\">Les futurs choix et d\u00e9cisions qui seront prises aussi bien par l\u2019assembl\u00e9e constituante (assurant aussi un r\u00f4le l\u00e9gislatif) et l\u2019ex\u00e9cutif doivent \u00eatre pris d\u2019une mani\u00e8re consensuelle. Sur chaque sujet, sur chaque aspect, la contribution de chaque parti et chaque acteur est d\u2019expliquer et d\u2019argumenter ses propositions. Conform\u00e9ment aux r\u00e8gles d\u00e9mocratiques, la majorit\u00e9 (pas forc\u00e9ment la m\u00eame) aura \u00e0 d\u00e9cider et sera responsable face aux tunisiens et \u00e0 l\u2019histoire de ces choix.<\/font><\/div>\n<div><font face=\"Arial\" size=\"2\">Pour \u00e9viter une nouvelle r\u00e9volution, il serait bien de faire appel au peuple par r\u00e9f\u00e9rendum pour trancher sur les sujets non consensuels lors de la r\u00e9daction de la constitution. <\/font><\/div>\n<div><font face=\"Arial\" size=\"2\">Tunisien Fier<\/font><\/div>\n<div><font face=\"Arial\" size=\"2\">Sympathisant des forces progressistes et modernistes<\/font><\/div>\n<div><font face=\"Arial\" size=\"2\"><strong>(Source : \u00ab gnet.tn\u00bb le 01.12.2011)<\/strong><\/font><\/div>\n<div><font face=\"Arial\" size=\"2\"><strong><a href=\"http:\/\/www.gnet.tn\/sur-le-vif\/tunisie-faut-il-revenir-au-diktat-dun-parti-unique-appele-ennahdha\/id-menu-1006.html\" target=\"_blank\" rel=\"noopener\">http:\/\/www.gnet.tn\/sur-le-vif\/tunisie-faut-il-revenir-au-diktat-dun-parti-unique-appele-ennahdha\/id-menu-1006.html<\/a><\/strong><\/font><\/div>\n<p><strong><\/p>\n<hr\/>\n<p><\/strong><\/p>\n<div align=\"center\"><font face=\"Arial\" size=\"2\"><\/p>\n<h3 style=\"color: blue;\"><font size=\"3\"><strong>Tunisie &#8211; Commerce: Franchise, on en parle ces temps-ci !<\/strong><\/font><\/h3>\n<p><font><\/font><\/font><\/div>\n<div align=\"center\">\n<hr\/>\n<\/div>\n<div><font face=\"Arial\" size=\"2\">Par Abou SARRA <\/font><\/div>\n<div><font face=\"Arial\" size=\"2\">La franchise, duplication d\u2019une enseigne \u00e0 succ\u00e8s en \u00e9change de royalties, fait l\u2019objet, ces jours-ci d\u2019un int\u00e9r\u00eat, tout \u00e0 fait particulier, de la part de l\u2019administration et des priv\u00e9s. Ses partisans y voient une pr\u00e9cieuse opportunit\u00e9 pour cr\u00e9er entreprises et emplois, et surtout favoriser un transfert de technologie au profit de la Tunisie.<\/font><\/div>\n<div><font face=\"Arial\" size=\"2\">Le premier \u00e0 s\u2019y int\u00e9resser est manifestement le ministre sortant du Commerce et du Tourisme, Mehdi Houas. Dans son livre d\u2019adieu, d\u00e9nomm\u00e9 chastement \u201cfeuille de route pour les secteurs du commerce, du tourisme et de l\u2019artisanat\u201c, le ministre lui consacre tout un chapitre et recommande \u00e0 son successeur de \u00ablib\u00e9rer l\u2019entr\u00e9e des franchises \u00e9trang\u00e8res en donnant la priorit\u00e9 aux franchises de services comme le cin\u00e9ma, l\u2019immobilier et la distribution alimentaire\u00bb.<\/font><\/div>\n<div><font face=\"Arial\" size=\"2\">Sans aucune g\u00eane, le ministre propose m\u00eame des enseignes: le groupe fran\u00e7ais Leader Price, propri\u00e9t\u00e9 de Casino, pour la distribution alimentaire, l\u2019am\u00e9ricain Mac Donald pour le fast-food, son compatriote \u00abCentury 21\u00bb, une cha\u00eene d\u2019agences immobili\u00e8res, pour l\u2019immobilier. <\/font><\/div>\n<div><font face=\"Arial\" size=\"2\">Le ministre a tenu, toutefois, \u00e0 pr\u00e9ciser que l\u2019ouverture sur la distribution alimentaire se doit \u00eatre s\u00e9lective et assortie du degr\u00e9 de sa contribution \u00e0 la promotion de l\u2019industrie agro-alimentaire du pays et du transfert de technologie en sa faveur<\/font><\/div>\n<div><font face=\"Arial\" size=\"2\">Il faut reconna\u00eetre que l\u2019attraction de franchiseurs \u00e9trangers ne se d\u00e9cr\u00e8te pas. Elle demeure tributaire de l\u2019ouverture du maximum de secteurs \u00e0 la libert\u00e9 d\u2019entreprendre et \u00e0 l\u2019investissement direct \u00e9tranger, ce qui n\u2019est pas encore, h\u00e9las, le cas en Tunisie. <\/font><\/div>\n<div><font face=\"Arial\" size=\"2\">Le second \u00e0 s\u2019y int\u00e9resser est un promoteur professionnel de la franchise. Il s\u2019agit de Mounir Mouakhar, pr\u00e9sident de la Chambre de commerce et d\u2019industrie de Tunis (CCTI), coorganisateur du salon annuel \u00abMedfranchise\u00bb dont la 3\u00e8me \u00e9dition se tiendra du 7 au 9 d\u00e9cembre 2011 \u00e0 Tunis. <\/font><\/div>\n<div><font face=\"Arial\" size=\"2\">Selon M. Mouakhar, une des nouveaut\u00e9s du Salon consiste en la promotion de la franchise tuniso- tunisienne. Il a annonc\u00e9, dans ce contexte, que bon nombre d\u2019entreprises publiques et priv\u00e9es connues pour \u00eatre des success stories projettent de devenir des franchiseurs. Parmi celles-ci, il a cit\u00e9 la soci\u00e9t\u00e9 Ellouhoum, distributeur public de viande rouge, la cha\u00eene de grandes surfaces Monoprix et les groupes Materna (univers du b\u00e9b\u00e9) et Masmoudi (p\u00e2tisserie). <\/font><\/div>\n<div><font face=\"Arial\" size=\"2\">En accompagnement de ces projets, Medfranchise 2011, qui sera organis\u00e9 sur le th\u00e8me \u00abla franchise, la voie pour r\u00e9ussir\u00bb, a programm\u00e9 des ateliers destin\u00e9s \u00e0 sensibiliser les banques \u00e0 l\u2019enjeu qu\u2019il y a pour elles de financer les projets de franchise.<\/font><\/div>\n<div><font face=\"Arial\" size=\"2\">Pour m\u00e9moire, la Tunisie a promulgu\u00e9, au mois d\u2019ao\u00fbt, une loi pour r\u00e9glementer la franchise. Cette nouvelle loi, qui intervient tardivement en comparaison avec d\u2019autres pays, permet aux petits commerces, dans les villes et les zones rurales, d\u2019arborer des enseignes de G\u00e9ant, Carrefour, Monoprix, Casino\u2026, et d\u2019am\u00e9liorer, ainsi, leur visibilit\u00e9, et partant leurs revenus.<\/font><\/div>\n<div><font face=\"Arial\" size=\"2\">La franchise pr\u00e9sente, justement, l\u2019avantage de les aider \u00e0 se moderniser, \u00e0 am\u00e9liorer leur attractivit\u00e9 et comp\u00e9titivit\u00e9. <\/font><\/div>\n<div><font face=\"Arial\" size=\"2\">Pour m\u00e9moire, aux termes du contrat de franchise, le franchiseur habilite le franchis\u00e9 (une entreprise ou une personne physique) \u00e0 vendre divers produits et services sous sa marque ou enseigne moyennant une contrepartie financi\u00e8re, \u00abroyalties\u00bb.<\/font><\/div>\n<div><font face=\"Arial\" size=\"2\"><strong>(Source : \u00ab Webmanager Center\u00bb le 01.12.2011)<\/strong><\/font><\/div>\n<div><font face=\"Arial\" size=\"2\"><strong><a href=\"http:\/\/www.webmanagercenter.com\/management\/article-113231-tunisie-commerce-franchise-on-en-parle-ces-temps-ci\" target=\"_blank\" rel=\"noopener\">http:\/\/www.webmanagercenter.com\/management\/article-113231-tunisie-commerce-franchise-on-en-parle-ces-temps-ci<\/a><\/strong><\/font><\/div>\n<div align=\"center\">\u00a0<\/div>\n<p><strong><\/p>\n<hr\/>\n<p><\/strong><\/p>\n<div align=\"center\"><font face=\"Arial\" size=\"2\"><\/p>\n<h4 style=\"color: blue;\"><font size=\"3\"><strong>A Montr\u00e9al, lev\u00e9e de fond pour les bless\u00e9s de la r\u00e9volution tunisienne<\/strong><\/font><\/h4>\n<p><font><\/font><\/font><\/div>\n<div align=\"center\">\n<hr\/>\n<\/div>\n<div><font face=\"Arial\" size=\"2\">Jeudi, 01 D\u00e9cembre 2011 07:58 <\/font><\/div>\n<div><font face=\"Arial\" size=\"2\">Plus de 150 personnes ont particip\u00e9 \u00e0 l\u2019\u00e9v\u00e8nement \u2018\u2018Ne les oublions pas !\u2019\u2019. Le but \u00e9tait de r\u00e9colter des dons afin de financer les besoins urgents des bless\u00e9s de la r\u00e9volution tunisienne.<\/font><\/div>\n<div><font face=\"Arial\" size=\"2\">\u00abIl y a beaucoup de bless\u00e9s qui n\u2019ont pas les moyens de s\u2019acheter des couches et des m\u00e9dicaments ou encore de payer leurs examens m\u00e9dicaux. Certains bless\u00e9s ne peuvent plus attendre d\u2019\u00eatre soign\u00e9s. Ils sont entre la vie et la mort\u00bb, explique Khaoula Zoghlami, organisatrice de l\u2019\u00e9v\u00e8nement.<\/font><\/div>\n<div><font face=\"Arial\" size=\"2\">Ce petit bout de femme de 24 ans \u00e9tudie la psychologie \u00e0 l\u2019universit\u00e9 de Montr\u00e9al. Elle fait \u00e9galement partie du Ctc. Quand elle est de passage en Tunisie, elle est bloggeuse sur le site de Nawaat, tr\u00e8s impliqu\u00e9e dans la cause des bless\u00e9s de la r\u00e9volution. Suite \u00e0 son dernier s\u00e9jour dans son pays d\u2019origine, durant le mois de juillet dernier, elle a rendu visite \u00e0 quelques bless\u00e9s. La vue des souffrances de ces \u00eatres abandonn\u00e9s \u00e0 leur sort l\u2019a fortement marqu\u00e9e. Elle est rentr\u00e9e au Canada avec une seule id\u00e9e en t\u00eate : sensibiliser la communaut\u00e9 et les amis de la Tunisie \u00e0 ce probl\u00e8me.<\/font><\/div>\n<div><font face=\"Arial\" size=\"2\">\u00ab\u00c0 chaque fois que je rencontrais un bless\u00e9, l\u2019aider devenait une \u00e9vidence, surtout lorsqu\u2019on entend toute leur amertume et d\u00e9sespoir\u00bb, t\u00e9moigne l\u2019organisatrice de l\u2019\u00e9v\u00e8nement. \u00abTu ne peux tout simplement pas les laisser comme \u00e7a\u00bb, ajoute-t-elle. C\u2019est ainsi qu\u2019elle a r\u00e9uni quelques membres de la communaut\u00e9 \u00e0 Montr\u00e9al pour leur parler de ces bless\u00e9s oubli\u00e9s.<\/font><\/div>\n<div><font face=\"Arial\" size=\"2\">Une diaspora solidaire<\/font><\/div>\n<div><font face=\"Arial\" size=\"2\">Un buffet sucr\u00e9 et sal\u00e9 a \u00e9t\u00e9 mis \u00e0 la disposition des invit\u00e9s. Toutes les demi-heures, la pr\u00e9sidente du Collectif tunisien, Sonia Djelidi et Khaoula rappelaient aux personnes pr\u00e9sentes d\u2019aller manger ; car c\u2019\u00e9tait l\u2019un des moyens d\u2019augmenter les dons puisque la totalit\u00e9 des recettes revient aux bless\u00e9s.<\/font><\/div>\n<div><font face=\"Arial\" size=\"2\">Tout le buffet a \u00e9t\u00e9 pr\u00e9par\u00e9 par des citoyens de la diaspora qui se sont port\u00e9s volontaires aux fourneaux pour la bonne cause.<\/font><\/div>\n<div><font face=\"Arial\" size=\"2\">La communaut\u00e9 s\u2019est montr\u00e9e g\u00e9n\u00e9reuse. \u00abUne femme a achet\u00e9 un th\u00e9 \u00e0 2 dollars, elle m\u2019a tendu un billet de 100$ et m\u2019a demand\u00e9 de garder la monnaie\u00bb, raconte l\u2019une des b\u00e9n\u00e9voles au buffet \u00e0 ses coll\u00e8gues. En effet, vers la fin de la soir\u00e9e, le buffet gastronomique aurait rapport\u00e9 plus de 2000 dollars.<\/font><\/div>\n<div><font face=\"Arial\" size=\"2\">Pendant que les invit\u00e9s d\u00e9voraient leurs plats, une vente aux ench\u00e8res a \u00e9t\u00e9 organis\u00e9e par le collectif.<\/font><\/div>\n<div><font face=\"Arial\" size=\"2\">Un tableau peint par le calligraphe tunisien Karime Jabbari, fait pendant l\u2019\u00e9v\u00e8nement, a \u00e9t\u00e9 vendu, ainsi que quelques lots offerts par une \u00e9picerie tunisienne partenaire de cette lev\u00e9e de fond.<\/font><\/div>\n<div><font face=\"Arial\" size=\"2\"><strong>Ils sont si jeunes\u2026<\/strong><\/font><\/div>\n<div><font face=\"Arial\" size=\"2\">La partie la plus troublante de la soir\u00e9e a \u00e9t\u00e9 le moment o\u00f9 le collectif a diffus\u00e9 une vid\u00e9o de quelques bless\u00e9s t\u00e9moignant du jour o\u00f9 ils ont \u00e9t\u00e9 attaqu\u00e9s par balle ou bombes lacrymog\u00e8nes par les forces de l\u2019ordre. Durant la projection, les visages des pr\u00e9sents \u00e9taient fig\u00e9s et dans les yeux, on pouvait lire une douloureuse compassion pour tous ces jeunes innocents broy\u00e9s par la machine de la r\u00e9pression : \u00abLes t\u00e9moignages sont insoutenables. \u00c7a me rend si triste de les \u00e9couter. Ils sont si jeunes\u00bb, r\u00e9v\u00e8le Monia, venue assister \u00e0 l\u2019\u00e9v\u00e8nement. Mohamed qui l\u2019accompagne, ajoute : \u00abC\u2019est important d\u2019avoir permis au public de mettre un visage sur quelques-uns des 2000 bless\u00e9s de la r\u00e9volution tunisienne. C\u2019est s\u00fbr qu\u2019on verra diff\u00e9remment les choses \u00e0 partir de maintenant. Nous devons en parler autour de nous, afin de mobiliser un maximum de personnes pour cette cause\u00bb.<\/font><\/div>\n<div><font face=\"Arial\" size=\"2\">L\u2019\u00e9locution du vice-pr\u00e9sident de la F\u00e9d\u00e9ration des jeux paralympiques du Canada, Marc-Antoine Fabien, a \u00e9galement beaucoup touch\u00e9 les h\u00f4tes : \u00abDans quelques semaines, l\u2019un de ces bless\u00e9s sera l\u00e0 pour partager avec vous et face \u00e0 face, sa situation\u00bb, d\u00e9clare M. Fabien. En effet, il y a quelques mois, ce dernier est tomb\u00e9, par hasard, sur la vid\u00e9o de Wael Karrafi, un jeune de 20 ans qui a \u00e9t\u00e9 frapp\u00e9 par deux balles. Il en a d\u2019ailleurs perdu sa jambe droite. Il a alors pris contact avec l\u2019activiste qui a film\u00e9 ce t\u00e9moignage\u2026 quelques jours apr\u00e8s il entra en contact avec Khaoula Zoghlami et lui annon\u00e7a qu\u2019il souhaitait prendre en charge Wael au Canada. Il souhaite lui faire rencontrer des athl\u00e8tes amput\u00e9s afin que le jeune tunisien s\u2019y identifie. Il veut \u00e9galement couvrir les frais de son suivi psychologique : \u00abJe voulais l\u2019encourager et lui faire comprendre que sa vie ne s\u2019est pas arr\u00eat\u00e9e le jour o\u00f9 il a perdu sa jambe, mais qu\u2019un avenir gratifiant l\u2019attendait\u00bb, annonce Marc-Antoine Fabien. Puis il ajoute : \u00abWael est d\u00e9prim\u00e9 ; il faut qu\u2019il sorte de son environnement pendant une petite p\u00e9riode. Il faut lui changer les id\u00e9es.\u00bb<\/font><\/div>\n<div><font face=\"Arial\" size=\"2\"><strong>Plus de 5.500 dollars dans la cagnotte<\/strong><\/font><\/div>\n<div><font face=\"Arial\" size=\"2\">Le public \u00e9tait g\u00e9n\u00e9ralement \u00e9mu de cet \u00e9v\u00e8nement qui s\u2019est pass\u00e9 dans une ambiance solidaire, d\u2019\u00e9change, de don et de partage. \u00abNe les oublions pas !\u00bb a permis de r\u00e9colter, au 26 novembre, 5580 dollars canadiens, soit pr\u00e8s de 8.000 dinars. A la fin de la soir\u00e9e, Sonia Djelidi \u00e9tait tr\u00e8s contente du d\u00e9roulement de l\u2019\u00e9v\u00e8nement. \u00abNous sommes tr\u00e8s satisfait du r\u00e9sultat. Les invit\u00e9s ont eu l\u2019air d\u2019appr\u00e9cier et ont \u00e9t\u00e9 tr\u00e8s g\u00e9n\u00e9reux. Nous \u00e9tions loin de penser qu\u2019on arriverait \u00e0 r\u00e9colter cette somme. \u00c7a fait plaisir de voir que la communaut\u00e9 est sensible \u00e0 la cause des bless\u00e9s.\u00bb<\/font><\/div>\n<div><font face=\"Arial\" size=\"2\">D\u2019ici la fin de semaine des promesses de dons devraient rentrer dans la caisse du collectif pour l\u2019initiative Nsitni. Quelques jours apr\u00e8s, le montant sera envoy\u00e9 \u00e0 l\u2019association Tunaide en Tunisie, qui se chargera d\u2019acheter le mat\u00e9riel m\u00e9dical n\u00e9cessaire aux bless\u00e9s. Elle prendra aussi en charge les soins m\u00e9dicaux.<\/font><\/div>\n<div><font face=\"Arial\" size=\"2\">Le collectif tunisien garantit la transparence de toutes ces op\u00e9rations aux donateurs et compte bien les tenir au courant de l\u2019\u00e9volution de ce dossier par voie \u00e9lectronique.<\/font><\/div>\n<div><font face=\"Arial\" size=\"2\"><strong>(Source : \u00ab Kapitalis\u00bb le 01.12.2011)<\/strong><\/font><\/div>\n<div><font face=\"Arial\" size=\"2\"><strong><a href=\"http:\/\/www.kapitalis.com\/fokus\/62-national\/7083-a-montreal-levee-de-fond-pour-les-blesses-de-la-revolution-tunisienne.html\" target=\"_blank\" rel=\"noopener\">http:\/\/www.kapitalis.com\/fokus\/62-national\/7083-a-montreal-levee-de-fond-pour-les-blesses-de-la-revolution-tunisienne.html<\/a><\/strong><\/font><\/div>\n<p><\/font><\/p>\n<\/div>\n<\/div>\n<\/div>\n<\/div>\n<\/div>\n<\/div>\n<\/div>\n<\/div>\n<\/div>\n<\/div>\n<\/div>\n<\/div>\n<p><\/body><\/body><\/html><\/p>\n","protected":false},"excerpt":{"rendered":"<p>TUNISNEWS 11 \u00e8me ann\u00e9e, N\u00b04173 du 02.12.2011 archives : www.tunisnews.net Le Monde.fr Tunisie : des milliers de manifestants devant l&rsquo;Assembl\u00e9e constituante AP: Tunisie: la BCT tire la sonnette d&rsquo;alarme sur la situation \u00e9conomique Alternatives citoyennes: Ce que nous disent les jeunes \u00ab pendus \u00bb des mines de phosphate : Assez, Yezzi ! Le Point.fr: Tunisie [&hellip;]<\/p>\n","protected":false},"author":1,"featured_media":22040,"comment_status":"open","ping_status":"open","sticky":false,"template":"","format":"standard","meta":{"inline_featured_image":false,"site-sidebar-layout":"default","site-content-layout":"","ast-site-content-layout":"default","site-content-style":"default","site-sidebar-style":"default","ast-global-header-display":"","ast-banner-title-visibility":"","ast-main-header-display":"","ast-hfb-above-header-display":"","ast-hfb-below-header-display":"","ast-hfb-mobile-header-display":"","site-post-title":"","ast-breadcrumbs-content":"","ast-featured-img":"","footer-sml-layout":"","ast-disable-related-posts":"","theme-transparent-header-meta":"","adv-header-id-meta":"","stick-header-meta":"","header-above-stick-meta":"","header-main-stick-meta":"","header-below-stick-meta":"","astra-migrate-meta-layouts":"default","ast-page-background-enabled":"default","ast-page-background-meta":{"desktop":{"background-color":"","background-image":"","background-repeat":"repeat","background-position":"center center","background-size":"auto","background-attachment":"scroll","background-type":"","background-media":"","overlay-type":"","overlay-color":"","overlay-opacity":"","overlay-gradient":""},"tablet":{"background-color":"","background-image":"","background-repeat":"repeat","background-position":"center center","background-size":"auto","background-attachment":"scroll","background-type":"","background-media":"","overlay-type":"","overlay-color":"","overlay-opacity":"","overlay-gradient":""},"mobile":{"background-color":"","background-image":"","background-repeat":"repeat","background-position":"center center","background-size":"auto","background-attachment":"scroll","background-type":"","background-media":"","overlay-type":"","overlay-color":"","overlay-opacity":"","overlay-gradient":""}},"ast-content-background-meta":{"desktop":{"background-color":"var(--ast-global-color-5)","background-image":"","background-repeat":"repeat","background-position":"center center","background-size":"auto","background-attachment":"scroll","background-type":"","background-media":"","overlay-type":"","overlay-color":"","overlay-opacity":"","overlay-gradient":""},"tablet":{"background-color":"var(--ast-global-color-5)","background-image":"","background-repeat":"repeat","background-position":"center center","background-size":"auto","background-attachment":"scroll","background-type":"","background-media":"","overlay-type":"","overlay-color":"","overlay-opacity":"","overlay-gradient":""},"mobile":{"background-color":"var(--ast-global-color-5)","background-image":"","background-repeat":"repeat","background-position":"center center","background-size":"auto","background-attachment":"scroll","background-type":"","background-media":"","overlay-type":"","overlay-color":"","overlay-opacity":"","overlay-gradient":""}},"footnotes":""},"categories":[],"tags":[64,42,29],"class_list":["post-17469","post","type-post","status-publish","format-standard","has-post-thumbnail","hentry","tag-64","tag-42","tag-fr"],"_links":{"self":[{"href":"https:\/\/tunisnews.net\/ar\/wp-json\/wp\/v2\/posts\/17469","targetHints":{"allow":["GET"]}}],"collection":[{"href":"https:\/\/tunisnews.net\/ar\/wp-json\/wp\/v2\/posts"}],"about":[{"href":"https:\/\/tunisnews.net\/ar\/wp-json\/wp\/v2\/types\/post"}],"author":[{"embeddable":true,"href":"https:\/\/tunisnews.net\/ar\/wp-json\/wp\/v2\/users\/1"}],"replies":[{"embeddable":true,"href":"https:\/\/tunisnews.net\/ar\/wp-json\/wp\/v2\/comments?post=17469"}],"version-history":[{"count":0,"href":"https:\/\/tunisnews.net\/ar\/wp-json\/wp\/v2\/posts\/17469\/revisions"}],"wp:featuredmedia":[{"embeddable":true,"href":"https:\/\/tunisnews.net\/ar\/wp-json\/wp\/v2\/media\/22040"}],"wp:attachment":[{"href":"https:\/\/tunisnews.net\/ar\/wp-json\/wp\/v2\/media?parent=17469"}],"wp:term":[{"taxonomy":"category","embeddable":true,"href":"https:\/\/tunisnews.net\/ar\/wp-json\/wp\/v2\/categories?post=17469"},{"taxonomy":"post_tag","embeddable":true,"href":"https:\/\/tunisnews.net\/ar\/wp-json\/wp\/v2\/tags?post=17469"}],"curies":[{"name":"wp","href":"https:\/\/api.w.org\/{rel}","templated":true}]}}