{"id":17447,"date":"2010-10-24T00:00:00","date_gmt":"2010-10-24T00:00:00","guid":{"rendered":"https:\/\/tunisnews.net\/24-octobre-2010\/"},"modified":"2010-10-24T00:00:00","modified_gmt":"2010-10-24T00:00:00","slug":"24-octobre-2010","status":"publish","type":"post","link":"https:\/\/tunisnews.net\/ar\/24-octobre-2010\/","title":{"rendered":"24 octobre 2010"},"content":{"rendered":"<p><html><head><meta content=\"text\/html\" description=\"Mohammed Mseddi, ex prisonnier politique, \n\t\tdemeurant \u00e0 Sfax, fait l\u2019objet depuis deux semaines de menaces de \n\t\tviolences et d\u2019emprisonnement pour n\u2019avoir pas attendu la permission de \n\t\tla police politique pour changer d\u2019adresse car il est soumis \u00e0 une \n\t\tcondamnation \u00e0 une peine compl\u00e9mentaire de contr\u00f4le administratif d\u2019une \n\t\tdur\u00e9e de cinq ans prenant fin en juillet 2012.\" http-equiv=\"Content-Type\"\/><\/head><body><body><\/p>\n<p align=\"center\" dir=\"ltr\"><font face=\"Arial\" size=\"2\"><b><a href=\"http:\/\/www.tunisnews.net\/\"><span>Home<\/span><span lang=\"FR-CH\"> &#8211; Accuei<\/span><\/a><span lang=\"FR-CH\">l<\/span><\/b><\/font><\/p>\n<div>\n<div align=\"center\" dir=\"ltr\"><font face=\"Bookman Old Style\" size=\"7\"><strong>TUNISNEWS <\/strong><\/font><\/div>\n<div align=\"center\" dir=\"ltr\">\n<div><strong><font>10\u00a0\u00e8me ann\u00e9e, <span lang=\"FR\">N\u00b0\u00a03806 du 24.10.2010<\/span><\/font><\/strong><\/div>\n<\/div>\n<div align=\"center\"><font><strong>\u00a0archives : <\/strong><\/font><a target=\"_blank\" rel=\"noopener\"><font><strong>www.tunisnews.net<\/strong><\/font><\/a><span lang=\"FR\">\u00a0<\/span><\/div>\n<p><font><\/p>\n<div>\n<hr\/>\n<\/div>\n<p><\/font><\/p>\n<div><strong><\/p>\n<h2 style=\"color: red;\"><font face=\"Arial\" size=\"2\">Libert\u00e9 et Equit\u00e9: La r\u00e9pression de Mohammed Mseddi, ex prisonnier politique<\/font><\/h2>\n<p><\/strong><\/div>\n<div><strong><font face=\"Arial\" size=\"2\">Libert\u00e9 et Equit\u00e9: Madame Monia Brahim est priv\u00e9e de passeport<\/font><\/strong><\/div>\n<div><strong><\/p>\n<p><font face=\"Arial\" size=\"2\">Libert\u00e9 et Equit\u00e9: D\u00e9passement de la dur\u00e9e l\u00e9gale de garde \u00e0 vue &#8211; La famille d\u2019Ali Ferhat pr\u00e9sente une requ\u00eate au Procureur de la R\u00e9publique<\/font><\/p>\n<p><\/strong><\/div>\n<div><strong><font face=\"Arial\" size=\"2\">Libert\u00e9 et Equit\u00e9: Contr\u00f4le s\u00e9curitaire et filature rapproch\u00e9e d\u2019Ali Laridh, ex porte parole officiel du mouvement En Nahdha<\/font><\/strong><\/div>\n<div><strong><\/p>\n<h2 style=\"color: red;\"><font face=\"Arial\" size=\"2\">AISPP: La criminalisation par la parentalit\u00e9 !<\/font><\/h2>\n<p><\/strong><\/div>\n<div><strong><font face=\"Arial\" size=\"2\">CNSPBM: Vives pr\u00e9occupations au sujet de la sant\u00e9 du journaliste Fahem Boukadous et de Ghazala Mohammedi<\/font><\/strong><\/div>\n<div><strong><\/p>\n<h2 style=\"color: red;\"><font face=\"Arial\" size=\"2\">CSFEF: R\u00e9int\u00e9grer dans leurs emplois les militants syndicaux de Redeyef<\/font><\/h2>\n<p><\/strong><\/div>\n<div><font face=\"Arial\" size=\"2\"><strong>Assabilonline:Tunisie, capitale des gr\u00e8ves de la faim<\/strong><\/font><\/div>\n<div><font><strong><font face=\"Arial\" size=\"2\"><\/p>\n<h2 style=\"color: red;\"><font>Maghreb Intelligence: Pourquoi les radios priv\u00e9es cartonnent<\/font><\/h2>\n<p>\u00a0\u00a0\u00a0\u00a0\u00a0 <\/font><\/strong><\/font><\/div>\n<div><font face=\"Arial\" size=\"2\"><strong>AFP: Tunisie : d\u00e9but de la 23e \u00e9dition des Journ\u00e9es cin\u00e9matographiques de Carthage<\/strong><\/font><\/div>\n<div><strong><\/p>\n<h2 style=\"color: red;\"><font face=\"Arial\" size=\"2\">El Watan: FIFA : Le Tunisien Aloulou suspendu<\/font><\/h2>\n<p><\/strong><\/div>\n<div><font face=\"Arial\" size=\"2\"><strong>Saphir News: D\u00e9c\u00e8s du philosophe Ridha Cha\u00efbi<\/strong><\/font><\/div>\n<div><font face=\"Arial\" size=\"2\"><strong><\/p>\n<h2 style=\"color: red;\"><font>Youssouf T. Sangar\u00e9: Hommage au Pr. Ridha Cha\u00efbi<\/font><\/h2>\n<p><\/strong><\/p>\n<hr\/>\n<p><\/font><\/div>\n<div align=\"center\"><font face=\"Arial\" size=\"2\">Libert\u00e9 pour Sadok Chourou, le prisonnier des deux d\u00e9cennies<\/font><\/div>\n<div align=\"center\"><font face=\"Arial\" size=\"2\">Libert\u00e9 pour tous les prisonniers politiques<\/font><\/div>\n<div align=\"center\"><strong><font face=\"Arial\" size=\"2\">Libert\u00e9 et Equit\u00e9<\/font><\/strong><\/div>\n<div align=\"center\"><font face=\"Arial\" size=\"2\">Organisation Ind\u00e9pendante de Droits humains<\/font><\/div>\n<div align=\"center\"><font face=\"Arial\" size=\"2\">33 rue Mokhtar Atya, 1001, Tunis<\/font><\/div>\n<div align=\"center\"><font face=\"Arial\" size=\"2\">Tel \/ Fax : 71 340 860<\/font><\/div>\n<div align=\"center\"><font face=\"Arial\" size=\"2\">Liberte.equite@gmail.com<\/font><\/div>\n<div align=\"center\">\u00a0<\/div>\n<div align=\"center\"><font face=\"Arial\" size=\"2\">Tunis, le 23 octobre 2010<\/font><\/div>\n<div align=\"center\"><strong><\/p>\n<h2 style=\"color: red;\"><font face=\"Arial\">La r\u00e9pression de Mohammed Mseddi, ex prisonnier politique<\/font><\/h2>\n<p><\/strong><\/div>\n<div><font face=\"Arial\" size=\"2\"><\/p>\n<hr\/>\n<p><\/font><\/div>\n<div align=\"justify\"><font face=\"Arial\" size=\"2\">Mohammed Mseddi, ex prisonnier politique, demeurant \u00e0 Sfax, fait l\u2019objet depuis deux semaines de menaces de violences et d\u2019emprisonnement pour n\u2019avoir pas attendu la permission de la police politique pour changer d\u2019adresse car il est soumis \u00e0 une condamnation \u00e0 une peine compl\u00e9mentaire de contr\u00f4le administratif d\u2019une dur\u00e9e de cinq ans prenant fin en juillet 2012.<\/font><\/div>\n<div align=\"justify\">\u00a0<\/div>\n<div align=\"justify\"><font face=\"Arial\" size=\"2\">Monsieur Mohammed Mseddi a inform\u00e9 les instances s\u00e9curitaires concern\u00e9es de son lieu de r\u00e9sidence ainsi que le dispose la loi. Il ne doit pas attendre la permission et il lui suffit de donner l\u2019information. Ce sont les agents de la police politique qui ont outrepass\u00e9 leurs pr\u00e9rogatives et ex\u00e9cutent le jugement de contr\u00f4le administratif de fa\u00e7on arbitraire en le convoquant au poste de la brigade d\u2019orientation de Sfax et en mena\u00e7ant de le renvoyer en prison [\u2026] Monsieur Mohammed Mseddi a \u00e9crit au ministre de l\u2019Int\u00e9rieur pour l\u2019informer du traitement ill\u00e9gal qui lui \u00e9tait appliqu\u00e9 et il attend toujours une r\u00e9ponse du minist\u00e8re \u00e0 ce sujet.<\/font><\/div>\n<div align=\"justify\">\u00a0<\/div>\n<div align=\"justify\"><font face=\"Arial\" size=\"2\">Monsieur Mohammed Mseddi qui avait \u00e9t\u00e9 condamn\u00e9 \u00e0 une peine privative de libert\u00e9 de 27 ans et \u00e0 une peine compl\u00e9mentaire de contr\u00f4le administratif de 5 ans, a pass\u00e9 plus de quinze ann\u00e9es en prison et il souffre actuellement de maladies chroniques cons\u00e9cutives \u00e0 la torture subie lors de sa d\u00e9tention et aux longues ann\u00e9es de prison pendant lesquelles il a subi des mauvais traitements et connu des conditions dramatiques.<\/font><\/div>\n<div align=\"justify\">\u00a0<\/div>\n<div align=\"justify\"><font face=\"Arial\" size=\"2\">[\u2026]<\/font><\/div>\n<div align=\"justify\">\u00a0<\/div>\n<div align=\"justify\"><font face=\"Arial\" size=\"2\">Pour le Bureau ex\u00e9cutif de l\u2019Organisation<\/font><\/div>\n<div align=\"justify\"><strong><font face=\"Arial\" size=\"2\">Ma\u00eetre Mohammed Nouri<\/font><\/strong><\/div>\n<div align=\"justify\"><font face=\"Arial\" size=\"2\">(traduction d\u2019extraits ni revue ni corrig\u00e9e par l\u2019auteur de la version en arabe, LT)<\/font><\/div>\n<div><font face=\"Arial\" size=\"2\"><\/p>\n<hr\/>\n<p><\/font><\/div>\n<div align=\"center\"><font face=\"Arial\" size=\"2\">Libert\u00e9 pour Sadok Chourou, le prisonnier des deux d\u00e9cennies<\/font><\/div>\n<div align=\"center\"><font face=\"Arial\" size=\"2\">Libert\u00e9 pour tous les prisonniers politiques<\/font><\/div>\n<div align=\"center\"><strong><font face=\"Arial\" size=\"2\">Libert\u00e9 et Equit\u00e9<\/font><\/strong><\/div>\n<div align=\"center\"><font face=\"Arial\" size=\"2\">Organisation de droits humains ind\u00e9pendante<\/font><\/div>\n<div align=\"center\"><font face=\"Arial\" size=\"2\">33 rue Mokhtar Atya, 1001, Tunis<\/font><\/div>\n<div align=\"center\"><font face=\"Arial\" size=\"2\">Tel\/fax : 71 340 860<\/font><\/div>\n<div align=\"center\"><font face=\"Arial\" size=\"2\">Tunis, le 24 octobre 2010<\/font><\/div>\n<div align=\"center\"><strong><\/p>\n<h2 style=\"color: red;\"><font face=\"Arial\">Madame Monia Brahim est priv\u00e9e de passeport<\/font><\/h2>\n<p><\/strong><\/div>\n<div><font face=\"Arial\" size=\"2\"><\/p>\n<hr\/>\n<p><\/font><\/div>\n<div align=\"justify\"><font face=\"Arial\" size=\"2\">Madame <strong>Monia Brahim<\/strong>, \u00e9pouse de monsieur <strong>Abdelhamid Jelassi<\/strong>, ex prisonnier politique, demeurant cit\u00e9 Zouhour \u00e0 Sousse, attend toujours la d\u00e9livrance de son passeport pour lequel elle a d\u00e9pos\u00e9 une demande de renouvellement enregistr\u00e9e au poste local le 12 avril 2008. Son premier passeport avait \u00e9t\u00e9 confisqu\u00e9 en 1994 lors de sa d\u00e9tention. Elle avait ensuite \u00e9t\u00e9 condamn\u00e9e \u00e0 deux mois et demi en premier ressort et avait b\u00e9n\u00e9fici\u00e9 d\u2019un non lieu en appel. Elle a pass\u00e9 toute la p\u00e9riode de la condamnation en premi\u00e8re instance en prison et \u00e0 sa sortie elle a \u00e9t\u00e9 soumise \u00e0 un contr\u00f4le s\u00e9curitaire pour une p\u00e9riode de dix ans bien qu\u2019elle n\u2019y ait \u00e9t\u00e9 nullement condamn\u00e9e.<\/font><\/div>\n<div align=\"justify\">\u00a0<\/div>\n<div align=\"justify\"><font face=\"Arial\" size=\"2\">Madame Monia Brahim a demand\u00e9 \u00e0 plusieurs reprises ce qu\u2019il advenait de sa demande sans avoir de r\u00e9ponse. Elle a \u00e9galement \u00e9crit aux parties concern\u00e9es, notamment \u00e0 la pr\u00e9sidence de la R\u00e9publique et au minist\u00e8re de l\u2019Int\u00e9rieur, en vain. <\/font><\/div>\n<div align=\"justify\">\u00a0<\/div>\n<div align=\"justify\"><font face=\"Arial\" size=\"2\">[\u2026]<\/font><\/div>\n<div align=\"justify\">\u00a0<\/div>\n<div align=\"justify\"><font face=\"Arial\" size=\"2\">Pour le bureau ex\u00e9cutif de l\u2019Organisation<\/font><\/div>\n<div align=\"justify\"><font face=\"Arial\" size=\"2\">Le Pr\u00e9sident<\/font><\/div>\n<div align=\"justify\"><strong><font face=\"Arial\" size=\"2\">Ma\u00eetre Mohammed Nouri<\/font><\/strong><\/div>\n<div align=\"justify\">\u00a0<\/div>\n<div align=\"justify\"><font><font face=\"Arial\" size=\"2\">(traduction d\u2019extraits ni revue ni corrig\u00e9e par les auteurs de la version en arabe, LT)<\/font><\/font><\/div>\n<div align=\"justify\">\n<hr\/>\n<\/div>\n<div align=\"center\">\u00a0<\/div>\n<div align=\"center\"><font face=\"Arial\" size=\"2\">Libert\u00e9 pour Sadok Chourou, le prisonnier des deux d\u00e9cennies<\/font><\/div>\n<div align=\"center\"><font face=\"Arial\" size=\"2\">Libert\u00e9 pour tous les prisonniers politiques<\/font><\/div>\n<div align=\"center\"><strong><font face=\"Arial\" size=\"2\">Libert\u00e9 et Equit\u00e9<\/font><\/strong><\/div>\n<div align=\"center\"><font face=\"Arial\" size=\"2\">Organisation de droits humains ind\u00e9pendante<\/font><\/div>\n<div align=\"center\"><font face=\"Arial\" size=\"2\">33 rue Mokhtar Atya, 1001, Tunis<\/font><\/div>\n<div align=\"center\">\u00a0<\/div>\n<div align=\"center\"><font face=\"Arial\" size=\"2\">Tel\/fax : 71 340 860<\/font><\/div>\n<div align=\"center\">\u00a0<\/div>\n<div align=\"center\"><font face=\"Arial\" size=\"2\">Tunis, le 24 octobre 2010<\/font><\/div>\n<div align=\"center\"><strong><font face=\"Arial\" size=\"2\">Nouvelles des libert\u00e9s en Tunisie<\/font><\/strong><\/div>\n<div align=\"center\"><strong><\/p>\n<h2 style=\"color: red;\"><font face=\"Arial\">D\u00e9passement de la dur\u00e9e l\u00e9gale de garde \u00e0 vue<\/font><\/h2>\n<p><\/strong><\/div>\n<div align=\"center\"><strong><\/p>\n<h2 style=\"color: red;\"><font face=\"Arial\">La famille d\u2019Ali Ferhat pr\u00e9sente une requ\u00eate au Procureur de la R\u00e9publique<\/font><\/h2>\n<p><\/strong><\/div>\n<div><font face=\"Arial\" size=\"2\"><\/p>\n<hr\/>\n<p><\/font><\/div>\n<div>\u00a0<\/div>\n<div><font face=\"Arial\" size=\"2\">L\u2019\u00e9pouse d\u2019Ali Ferhat, ex prisonnier politique, a pr\u00e9sent\u00e9 une requ\u00eate au Procureur de la R\u00e9publique pr\u00e8s le Tribunal de Premi\u00e8re Instance de Kebili, l\u2019informant de l\u2019arrestation de son mai par des agents de la police politique le 15 octobre 2010 et du d\u00e9passement de la dur\u00e9e l\u00e9gale de la garde \u00e0 vue, et de l\u2019absence d\u2019information quant au lieu et \u00e0 la raison de la d\u00e9tention de son mari. Ali Harrabi et d\u2019autres jeunes engag\u00e9s religieusement et demeurant dans la m\u00eame r\u00e9gion, ont \u00e9galement \u00e9t\u00e9 arr\u00eat\u00e9s avec Ali Ferhat.<\/font><\/div>\n<div>\u00a0<\/div>\n<div><font face=\"Arial\" size=\"2\">[\u2026]<\/font><\/div>\n<div>\u00a0<\/div>\n<div><font face=\"Arial\" size=\"2\">Pour le bureau ex\u00e9cutif de l\u2019Organisation<\/font><\/div>\n<div><font face=\"Arial\" size=\"2\">Le Pr\u00e9sident<\/font><\/div>\n<div><strong><font face=\"Arial\" size=\"2\">Ma\u00eetre Mohammed Nouri<\/font><\/strong><\/div>\n<div>\u00a0<\/div>\n<div><font face=\"Arial\" size=\"2\">(traduction d\u2019extraits ni revue ni corrig\u00e9e par les auteurs de la version en arabe, LT)<\/font><\/div>\n<div>\n<hr\/>\n<\/div>\n<div align=\"center\"><font face=\"Arial\" size=\"2\">Libert\u00e9 pour Sadok Chourou, le prisonnier des deux d\u00e9cennies<\/font><\/div>\n<div align=\"center\"><font face=\"Arial\" size=\"2\">Libert\u00e9 pour tous les prisonniers politiques<\/font><\/div>\n<div align=\"center\"><strong><font face=\"Arial\" size=\"2\">Libert\u00e9 et Equit\u00e9<\/font><\/strong><\/div>\n<div align=\"center\"><font face=\"Arial\" size=\"2\">Organisation de droits humains ind\u00e9pendante<\/font><\/div>\n<div align=\"center\"><font face=\"Arial\" size=\"2\">33 rue Mokhtar Atya, 1001, Tunis<\/font><\/div>\n<div align=\"center\"><font face=\"Arial\" size=\"2\">Tel\/fax : 71 340 860<\/font><\/div>\n<div align=\"center\"><font face=\"Arial\" size=\"2\">Tunis, le 24 octobre 2010<\/font><\/div>\n<div align=\"center\"><font face=\"Arial\" size=\"2\">Nouvelles des libert\u00e9s en Tunisie<\/font><\/div>\n<div>\u00a0<\/div>\n<div align=\"center\">\n<h3 style=\"color: blue;\"><font face=\"Arial\"><strong>1)\u00a0\u00a0\u00a0<font size=\"3\"><strong><font><\/font><\/strong>Contr\u00f4le s\u00e9curitaire et filature rapproch\u00e9e d\u2019Ali<\/font><\/strong><\/font><\/h3>\n<\/div>\n<div align=\"center\">\n<h3 style=\"color: blue;\"><font face=\"Arial\"><strong><font size=\"3\">Laridh, ex porte parole officiel du mouvement En Nahdha<\/font><\/strong><\/font><\/h3>\n<\/div>\n<p><font face=\"Arial\" size=\"2\"><\/p>\n<div>\n<hr\/>\n<\/div>\n<p><\/font><\/p>\n<div><font face=\"Arial\" size=\"2\">L\u2019ing\u00e9nieur Ali Laridh, ex porte parole officiel du mouvement En Nahdha, est depuis dix jours soumis \u00e0 un contr\u00f4le s\u00e9curitaire et \u00e0 une filature rapproch\u00e9e dans tous ses d\u00e9placements effectu\u00e9e par des agents de la police politique \u00e0 bord d\u2019une moto et de voitures banalis\u00e9es. Ce contr\u00f4le et cette filature s\u2019inscrivent dans le cadre de la politique de harc\u00e8lement des opposants politiques et des d\u00e9fenseurs des droits de l\u2019homme [\u2026]<\/font><\/div>\n<div>\u00a0<\/div>\n<div><font face=\"Arial\" size=\"2\">[\u2026]<\/font><\/div>\n<div>\u00a0<\/div>\n<div><font face=\"Arial\" size=\"2\">Pour le bureau ex\u00e9cutif de l\u2019Organisation<\/font><\/div>\n<div><font face=\"Arial\" size=\"2\">Le Pr\u00e9sident<\/font><\/div>\n<div><strong><font face=\"Arial\" size=\"2\">Ma\u00eetre Mohammed Nouri<\/font><\/strong><\/div>\n<div>\u00a0<\/div>\n<div><font face=\"Arial\" size=\"2\">(traduction d\u2019extraits ni revue ni corrig\u00e9e par les auteurs de la version en arabe, LT)<\/font><\/div>\n<div>\u00a0<\/div>\n<div><font face=\"Arial\" size=\"2\"><\/p>\n<hr\/>\n<p><\/font><\/div>\n<div>\u00a0<\/div>\n<div align=\"center\"><strong><font face=\"Arial\" size=\"2\">Association Internationale de Soutien aux Prisonniers Politiques<\/font><\/strong><\/div>\n<div align=\"center\"><a href=\"mailto:Aispp.free@gmail.com\"><font face=\"Arial\" size=\"2\">Aispp.free@gmail.com<\/font><\/a><\/div>\n<div align=\"center\"><font face=\"Arial\" size=\"2\">43 rue eldjazira, Tunis<\/font><\/div>\n<div align=\"center\"><font face=\"Arial\" size=\"2\">Tunis, le 23 octobre 2010<\/font><\/div>\n<div align=\"center\">\u00a0<\/div>\n<div align=\"center\">\n<h3 style=\"color: blue;\"><font face=\"Arial\"><strong>La criminalisation par la parentalit\u00e9 !<\/strong><\/font><\/h3>\n<\/div>\n<div><font face=\"Arial\" size=\"2\"><\/p>\n<hr\/>\n<p><\/font><\/div>\n<div><font face=\"Arial\" size=\"2\">La garde \u00e0 vue d\u2019Ali Harrabi, ex prisonnier politique, se poursuit depuis le 15 octobre 2010. D\u2019apr\u00e8s des sources de l\u2019association, le motif de son arrestation serait le fait que son nom aurait \u00e9t\u00e9 cit\u00e9 par un d\u00e9tenu dans une affaire de jeunes pratiquants avec lequel il a des liens familiaux.<\/font><\/div>\n<div>\u00a0<\/div>\n<div><font face=\"Arial\" size=\"2\">Monsieur Ali Harrabi a \u00e9t\u00e9 condamn\u00e9 au d\u00e9but de la d\u00e9cennie noire des ann\u00e9es 90 avec des milliers de cadres et de membres du mouvement En Nahdha et il est soumis depuis sa lib\u00e9ration \u00e0 un contr\u00f4le et \u00e0 une filature polici\u00e8re rapproch\u00e9e. Son arrestation a co\u00efncid\u00e9 avec celle d\u2019Ali Ferhat, Ali Ben Aoun et Hichem Ben Taleb. Sa famille qu\u2019on l\u2019implique dans une affaire avec laquelle il n\u2019a rien \u00e0 voir.<\/font><\/div>\n<div>\u00a0<\/div>\n<div><font face=\"Arial\" size=\"2\">[\u2026]<\/font><\/div>\n<div>\u00a0<\/div>\n<div><font face=\"Arial\" size=\"2\">Pour le Bureau ex\u00e9cutif de l\u2019Organisation<\/font><\/div>\n<div>\u00a0<\/div>\n<div><strong><font face=\"Arial\" size=\"2\">Ma\u00eetre Mohammed Nouri<\/font><\/strong><\/div>\n<div>\u00a0<\/div>\n<div><font><font face=\"Arial\" size=\"2\">(traduction d\u2019extraits ni revue ni corrig\u00e9e par l\u2019auteur de la version en arabe, LT)<\/font><\/font><\/div>\n<div>\n<hr\/>\n<\/div>\n<div align=\"center\"><strong><font face=\"Arial\" size=\"2\">Comit\u00e9 National de Soutien aux Populations du Bassin Minier<\/font><\/strong><\/div>\n<div align=\"center\"><font face=\"Arial\" size=\"2\">24 octobre 2010<\/font><\/div>\n<div align=\"center\"><font face=\"Arial\" size=\"2\">Communiqu\u00e9<\/font><\/div>\n<div align=\"center\"><strong><\/p>\n<h3 style=\"color: blue;\"><font face=\"Arial\">Vives pr\u00e9occupations au sujet de la sant\u00e9<\/font><\/h3>\n<p><\/strong><\/div>\n<div align=\"center\"><strong><\/p>\n<h3 style=\"color: blue;\"><font face=\"Arial\">du journaliste Fahem Boukadous et de Ghazala Mohammedi<\/font><\/h3>\n<p><\/strong><\/div>\n<div><font face=\"Arial\" size=\"2\"><\/p>\n<hr\/>\n<p><\/font><\/div>\n<div><font face=\"Arial\" size=\"2\">Le comit\u00e9 national fait part de sa profonde pr\u00e9occupation due \u00e0 l\u2019\u00e9tat de sant\u00e9\u00a0 critique du journaliste Fahem Boukadous, en gr\u00e8ve de la faim et des m\u00e9dicaments depuis vingt et un jours pour exiger sa lib\u00e9ration. Son \u00e9pouse, Afef Bennaceur, a exprim\u00e9 son inqui\u00e9tude pour la vie de son mari qui est atteint d\u2019asthme aigu le contraignant \u00e0 prendre ses m\u00e9dicaments quotidiennement.<\/font><\/div>\n<div>\u00a0<\/div>\n<div><font face=\"Arial\" size=\"2\">Quant \u00e0 mademoiselle Ghezala Mohammedi, en gr\u00e8ve de la faim pour sa r\u00e9int\u00e9gration dans son emploi dont elle a \u00e9t\u00e9 licenci\u00e9e en guise de sanction pour son soutien au mouvement de protestation du bassin minier, elle a \u00e9t\u00e9 transf\u00e9r\u00e9e \u00e0 l\u2019h\u00f4pital hier dans un \u00e9tat critique \u00e0 la suite d\u2019une infection intestinale. Elle est toujours d\u00e9termin\u00e9e \u00e0 poursuivre sa gr\u00e8ve et met sa vie en p\u00e9ril.<\/font><\/div>\n<div>\u00a0<\/div>\n<div><font face=\"Arial\" size=\"2\">[\u2026]<\/font><\/div>\n<div>\u00a0<\/div>\n<div><font face=\"Arial\" size=\"2\">Comit\u00e9 National de Soutien aux Populations du Bassin Minier<\/font><\/div>\n<div>\u00a0<\/div>\n<div><font face=\"Arial\" size=\"2\">(traduction d\u2019extraits ni revue ni corrig\u00e9e par les auteurs de la version en arabe, LT)<\/font><\/div>\n<div><font face=\"Arial\" size=\"2\"><\/p>\n<hr\/>\n<p><\/font><\/div>\n<div align=\"center\"><strong><font face=\"Arial\" size=\"2\">Comit\u00e9 Syndicale Francophone de l&rsquo;Education et de la Formation<\/font><\/strong><\/div>\n<div align=\"center\"><font face=\"Arial\" size=\"2\">XII\u00e8me rencontre du CSFEF<\/font><\/div>\n<div align=\"center\"><strong><\/p>\n<h3 style=\"color: blue;\"><font face=\"Arial\">R\u00e9int\u00e9grer dans leurs emplois les militants syndicaux de Redeyef<\/font><\/h3>\n<p><\/strong><\/div>\n<div><font face=\"Arial\" size=\"2\"><\/p>\n<hr\/>\n<p><\/font><\/div>\n<div align=\"justify\"><font face=\"Arial\" size=\"2\">Le mouvement social de Redeyef pr\u00e8s de Gafsa en Tunisie est n\u00e9 du refus de la pauvret\u00e9, du ch\u00f4mage et de la corruption dans cette r\u00e9gion d\u2019exploitation de phosphate o\u00f9 le taux de ch\u00f4mage des jeunes d\u00e9passe les 60% (beaucoup sont dipl\u00f4m\u00e9s de l\u2019enseignement sup\u00e9rieur) et de la revendication du droit au travail et au d\u00e9veloppement \u00e9conomique de la r\u00e9gion.<\/font><\/div>\n<div align=\"justify\">\u00a0<\/div>\n<div align=\"justify\"><font face=\"Arial\" size=\"2\">Trois ans apr\u00e8s le d\u00e9but de ce mouvement social pacifique rien n\u2019est r\u00e9gl\u00e9. A la r\u00e9pression violente entra\u00eenant trois d\u00e9c\u00e8s se sont ajout\u00e9s un d\u00e9cha\u00eenement judiciaire qui n&rsquo; a pas respect\u00e9 le droit \u00e0 la d\u00e9fense, et les condamnations de plusieurs dizaines de personnes \u00e0 des peines allant jusqu\u2019\u00e0 plusieurs ann\u00e9es de prison, transformant l\u2019action militante en d\u00e9lit.<\/font><\/div>\n<div align=\"justify\">\u00a0<\/div>\n<div align=\"justify\"><font face=\"Arial\" size=\"2\">Lib\u00e9r\u00e9s apr\u00e8s plus de 18 mois de prison o\u00f9 ils ont subi mauvais traitements et tortures, les anciens d\u00e9tenus n&rsquo;ont pas \u00e9t\u00e9 amnisti\u00e9s. Ils peuvent retourner en prison \u00e0 tout moment, et aucun d&rsquo;entre eux n\u2018a retrouv\u00e9 un emploi. Ils font l\u2019objet ainsi que leurs familles d\u2019une surveillance constante et de harc\u00e8lements quotidiens.<\/font><\/div>\n<div align=\"justify\">\u00a0<\/div>\n<div align=\"justify\"><font face=\"Arial\" size=\"2\">Parmi eux des syndicalistes enseignants ont \u00e9t\u00e9 emprisonn\u00e9s puis lib\u00e9r\u00e9s, mais n&rsquo;ont toujours pas \u00e9t\u00e9 r\u00e9int\u00e9gr\u00e9s dans leur emploi:<\/font><\/div>\n<div align=\"justify\">\u00a0<\/div>\n<div align=\"justify\"><font face=\"Arial\" size=\"2\">Ta\u00efeb Ben Othmen, membre du syndicat de l&rsquo;enseignement de base de Redeyef <\/font><\/div>\n<div align=\"justify\"><font face=\"Arial\" size=\"2\">B\u00e9chir Labidi, ex-secr\u00e9taire g\u00e9n\u00e9ral du syndicat de l&rsquo;enseignement de base de Redeyef <\/font><\/div>\n<div align=\"justify\"><font face=\"Arial\" size=\"2\">Tarek Halimi, membre du syndicat de l&rsquo;enseignement de base de Redeyef <\/font><\/div>\n<div align=\"justify\"><font face=\"Arial\" size=\"2\">Adel Jayer, ex-membre du syndicat de l&rsquo;enseignement secondaire <\/font><\/div>\n<div align=\"justify\"><font face=\"Arial\" size=\"2\">Abid Khelifi, syndicaliste rattach\u00e9 \u00e0 l&rsquo;enseignement sup\u00e9rieur <\/font><\/div>\n<div align=\"justify\"><font face=\"Arial\" size=\"2\">Adnane Hajji, secr\u00e9taire g\u00e9n\u00e9ral du syndicat de l&rsquo;enseignement de base et membre de l&rsquo;Union locale de Redeyef.<\/font><\/div>\n<div align=\"justify\">\u00a0<\/div>\n<div align=\"justify\"><font face=\"Arial\" size=\"2\">Le CSFEF exprime son soutien aux syndicats enseignants concern\u00e9s et plus largement \u00e0 ce mouvement social. Attach\u00e9 au droit \u00e0 l&rsquo;\u00c9ducation, et au respect des droits humains, il exprime son soutien aux syndicalistes injustement mis en cause. Il demande une amnistie g\u00e9n\u00e9rale et la r\u00e9int\u00e9gration dans leurs droits et leurs emplois. <\/font><\/div>\n<div align=\"justify\">\u00a0<\/div>\n<div align=\"justify\"><font face=\"Arial\" size=\"2\">Fribourg 20 et 21 septembre 2010<\/font><\/div>\n<div>\n<hr\/>\n<\/div>\n<div align=\"center\"><strong><\/p>\n<h3 style=\"color: blue;\"><font face=\"Arial\">Tunisie, capitale des gr\u00e8ves de la faim<\/font><\/h3>\n<p><\/strong><\/div>\n<div align=\"center\"><strong><\/p>\n<h3 style=\"color: blue;\"><font face=\"Arial\">D\u00e9t\u00e9rioration de l\u2019\u00e9tat de sant\u00e9 de Mohammed Rhimi, gr\u00e9viste de la faim<\/font><\/h3>\n<p><\/strong><\/div>\n<div align=\"justify\">\n<hr\/>\n<\/div>\n<div align=\"justify\"><font face=\"Arial\" size=\"2\"><strong>Assabilonline, Tunisie<\/strong><\/font><\/div>\n<div align=\"justify\">\u00a0<\/div>\n<div align=\"justify\"><font face=\"Arial\" size=\"2\">L\u2019\u00e9tat de Mohammed Rhimi, ancien prisonnier politique en gr\u00e8ve de la faim, s\u2019est soudainement d\u00e9grad\u00e9 vendredi 22 octobre 2010. Il est en gr\u00e8ve de la faim depuis le 9 octobre dernier. Une sp\u00e9cialiste a d\u00fb l\u2019ausculter et a demand\u00e9 \u00e0 sa famille de lui fournir un fauteuil roulant, au vu de son incapacit\u00e9 \u00e0 se tenir debout et \u00e0 marcher.<\/font><\/div>\n<div align=\"justify\"><font face=\"Arial\" size=\"2\">Une source a dit \u00e0 Assabilonline que \u00ab des instances s\u00e9curitaires \u00bb (deux agents du district de Monastir, Rachid et Habib) l\u2019avaient contact\u00e9 pour lui donner leur accord \u00e0 ses d\u00e9placements \u00e0 Chebba pour son travail, mais ces m\u00eames instances avaient contact\u00e9 de fa\u00e7on mena\u00e7ante son employeur pour le dissuader d\u2019accepter d\u2019employer Mohammed Rhimi, pr\u00e9tendant qu\u2019il \u00e9tait un danger pour l\u2019Etat et la s\u00e9curit\u00e9 publique.<\/font><\/div>\n<div align=\"justify\">\u00a0<\/div>\n<div align=\"justify\"><font face=\"Arial\" size=\"2\">Une d\u00e9l\u00e9gation de Libert\u00e9 et Equit\u00e9, compos\u00e9e de son avocate, Ma\u00eetre Im\u00e8ne Triki, de madame Za\u00efneb Souhili et de madame Jamila Ayad lui a rendu visite aujourd\u2019hui. Rhimi [\u2026] a dit \u00ab depuis que j\u2019ai quitt\u00e9 la prison, je suis en butte \u00e0 la terreur, \u00e0 la privation de la vie civile et de mes moindres droits \u00bb et il s\u2019est plaint de la privation de la part de la police de son droit \u00e0 circuler et \u00e0 travailler, alors qu\u2019il a eu une opportunit\u00e9 de travail dans la d\u00e9l\u00e9gation de T\u00e9boulba \u00e0 18 kilom\u00e8tres de Monastir, mais la police l\u2019a emp\u00each\u00e9 de se rendre \u00e0 son travail. De m\u00eame, son employeur, qui est son beau fr\u00e8re, a \u00e9t\u00e9 menac\u00e9. On lui impose de faire enregistrer sa pr\u00e9sence dans les postes du contr\u00f4le administratif \u00e0 des heures variables et on a exig\u00e9 de lui le silence et de ne pas relater ce \u00e0 quoi il \u00e9tait en butte, et lorsqu\u2019il a protest\u00e9 \u00ab\u00a0 on a lui a dit : ne nous parles pas de la loi, cela ne nous concerne pas \u00bb Rhimi a d\u00e9j\u00e0 relat\u00e9 que le chef de brigade du district de Monastir, le d\u00e9nomm\u00e9 Rachi et un groupe d\u2019agents \u00ab l\u2019avaient frapp\u00e9 apr\u00e8s lui avoir menott\u00e9 les mains dans le dos, cela lui avait perfor\u00e9 le tympan de l\u2019oreille gauche et ils l\u2019avaient oblig\u00e9 \u00e0 signer un engagement \u00e0 ne pas quitter la ville de Monastir, sinon il serait emprisonn\u00e9. Lorsque je leur ai dit que je voulais consulter mon avocat, ils m\u2019ont menac\u00e9 \u00bb [\u2026]<\/font><\/div>\n<div align=\"justify\">\u00a0<\/div>\n<div align=\"justify\"><font face=\"Arial\" size=\"2\">D\u2019autre part, sa m\u00e8re a dit qu\u2019elle avait subi de multiples pressions et avait eu des probl\u00e8mes lorsque son fils \u00e9tait emprisonn\u00e9. Elle en \u00e9tait \u00e9puis\u00e9e et \u00e0 cause de tout cela, elle a eu un cancer. Elle a demand\u00e9 que la libert\u00e9 soit restitu\u00e9e \u00e0 son fils et qu\u2019il puisse avoir une vie sociale. [\u2026]<\/font><\/div>\n<div align=\"justify\">\u00a0<\/div>\n<div align=\"justify\"><font face=\"Arial\" size=\"2\">Les gr\u00e8ves de la faim en Tunisie actuellement :<\/font><\/div>\n<div align=\"justify\">\u00a0<\/div>\n<div align=\"justify\"><strong><font face=\"Arial\" size=\"2\">Mohammed Rhimi, ex prisonnier politique<\/font><\/strong><\/div>\n<div align=\"justify\">\u00a0<\/div>\n<div align=\"justify\"><strong><font face=\"Arial\" size=\"2\">Mohammed Akrout, ex prisonnier politique [\u2026]<\/font><\/strong><\/div>\n<div align=\"justify\">\u00a0<\/div>\n<div align=\"justify\"><strong><font face=\"Arial\" size=\"2\">Ghazala Mohammedi, militante du parti d\u00e9mocratique progressiste<\/font><\/strong><\/div>\n<div align=\"justify\">\u00a0<\/div>\n<div align=\"justify\"><strong><font face=\"Arial\" size=\"2\">Fahem Boukadous, en prison actuellement<\/font><\/strong><\/div>\n<div align=\"justify\">\u00a0<\/div>\n<div align=\"justify\"><strong><font face=\"Arial\" size=\"2\">Abdellatif Bouhjila, ex prisonnier politique<\/font><\/strong><\/div>\n<div align=\"justify\">\u00a0<\/div>\n<div align=\"justify\"><strong><font face=\"Arial\" size=\"2\">Salaheddine Aloui, syndicaliste et ex prisonnier politique, fait une gr\u00e8ve de la faim tous les jeudis [\u2026]<\/font><\/strong><\/div>\n<div align=\"justify\">\u00a0<\/div>\n<div align=\"justify\"><strong><font face=\"Arial\" size=\"2\">Fa\u00ef\u00e7al Smari, citoyen tunisien qui a arr\u00eat\u00e9 sa gr\u00e8ve sans avoir eu gain de cause.<\/font><\/strong><\/div>\n<div align=\"justify\">\u00a0<\/div>\n<div align=\"justify\"><strong><font face=\"Arial\" size=\"2\">Un groupe de prisonniers d\u2019opinion de la prison de Mornaguia, depuis le 18 octobre 2010.<\/font><\/strong><\/div>\n<div align=\"justify\">\u00a0<\/div>\n<div align=\"justify\"><strong><font face=\"Arial\" size=\"2\">Abdessalam Toukabri, Tunis<\/font><\/strong><\/div>\n<div align=\"justify\">\u00a0<\/div>\n<div align=\"justify\"><font face=\"Arial\" size=\"2\">Assabilonline<\/font><\/div>\n<div align=\"justify\">\u00a0<\/div>\n<div align=\"justify\"><strong><font face=\"Arial\" size=\"2\">www.assabilonline.net<\/font><\/strong><\/div>\n<div align=\"justify\">\u00a0<\/div>\n<div align=\"justify\"><font face=\"Arial\" size=\"2\">(traduction d\u2019extraits ni revue ni corrig\u00e9e par l\u2019auteur de la version en arabe, LT)<\/font><\/div>\n<div><font face=\"Arial\" size=\"2\"><\/p>\n<div>\u00a0<\/div>\n<div>\n<hr\/>\n<\/div>\n<div align=\"center\"><strong><font>\u00a0<\/font><\/p>\n<h3 style=\"color: blue;\"><font size=\"3\">Pourquoi les radios priv\u00e9es cartonnent<\/font><\/h3>\n<p><\/strong><font>\u00a0\u00a0\u00a0\u00a0\u00a0<\/font><\/div>\n<div><font><\/p>\n<hr\/>\n<p><\/font><\/div>\n<div><font>Jeudi, 21 Octobre 2010 08:51\u00a0\u00a0\u00a0 <\/font><\/div>\n<div>\u00a0<\/div>\n<div><font>Elles sont au nombre de quatre et font d\u00e9j\u00e0 un tabac chez les jeunes. A Tunis, on les appelle les 4 mousquetaires. Programmes l\u00e9gers, ton assez libre, programmation musicale digne des grandes stations radios europ\u00e9ennes.<\/font><\/div>\n<div>\u00a0<\/div>\n<div><font>Les radios priv\u00e9es tunisiennes sont aujourd&rsquo;hui un v\u00e9ritable ph\u00e9nom\u00e8ne de soci\u00e9t\u00e9. La derni\u00e8re en date \u00e0 avoir vu le jour, Shem&rsquo;s FM, propri\u00e9t\u00e9 de Cyrine Ben Ali Mabrouk, fille du pr\u00e9sident Ben Ali connait un v\u00e9ritable engouement. Dot\u00e9e d&rsquo;un capital estim\u00e9 \u00e0 un million de dollars, Shem&rsquo;s FM commence d\u00e9j\u00e0 \u00e0 donner des soucis \u00e0 la plus ancienne des radios priv\u00e9es tunisiennes, Radio Mosa\u00efque lanc\u00e9e en novembre 2003. Entre temps, une autre radio a vu le jour \u00e0 l&rsquo;initiative de Sakher El Materi, gendre du pr\u00e9sident Ben Ali. Radio Za\u00eftouna d\u00e9di\u00e9e aux programmes religieux, a pu fid\u00e9liser une bonne partie de l&rsquo;audimat tunisien. En 2005, radio El Jawhara a commenc\u00e9 \u00e0 \u00e9mettre depuis la ville de Sousse. M\u00eame si elle n&rsquo;a pas la r\u00e9putation de radio Mosa\u00efque qui dispose d\u00e9j\u00e0 d&rsquo;un si\u00e8ge flambant neuf dans le quartier des affaires \u00e0 Tunis, elle a tout de m\u00eame pu survivre \u00e0 ses grandes concurrentes. Grandes perdantes de ce match, les radios \u00e9tatiques qui n&rsquo;arrivent pas \u00e0 se moderniser et qui sont en train de perdre du terrain. Chose qui ne pr\u00e9occupe pas outre mesure les autorit\u00e9s publiques qui voient d&rsquo;un bon \u0153il cette nouvelle Tunisie qui d\u00e9ferle sur les ondes.<\/font><\/div>\n<div>\u00a0<\/div>\n<div><strong><font>(Source: \u201cMaghreb Intelligence\u201d le 21 octobre 2010)<\/font><\/strong><\/div>\n<div><strong><font>Lien: http:\/\/www.maghreb-intelligence.com\/tunisie\/521-pourquoi-les-radios-privees-cartonnent.html<\/font><\/strong><\/div>\n<hr\/>\n<div align=\"center\"><strong><\/p>\n<h3 style=\"color: blue;\"><font size=\"3\">Tunisie : d\u00e9but de la 23e \u00e9dition des Journ\u00e9es cin\u00e9matographiques de Carthage<\/font><\/h3>\n<p><\/strong><\/div>\n<div><font><\/p>\n<hr\/>\n<p><\/font><\/div>\n<div align=\"justify\"><font>AFP 23 10 2010<\/font><\/div>\n<div align=\"justify\">\u00a0<\/div>\n<div align=\"justify\"><font>TUNIS \u2014 La 23e \u00e9dition des Journ\u00e9es cin\u00e9matographiques de Carthage (JCC) s&rsquo;est ouverte samedi soir \u00e0 Tunis par la projection du film \u00ab\u00a0l&rsquo;homme qui crie\u00a0\u00bb du Tchadien Mahmat-Saleh Haroun, prix sp\u00e9cial du jury au festival de Cannes 2010.<\/font><\/div>\n<div align=\"justify\">\u00a0<\/div>\n<div align=\"justify\"><font>Le cin\u00e9aste y \u00e9voque les guerres dans son pays \u00e0 travers l&rsquo;histoire d&rsquo;un p\u00e8re et d&rsquo;un fils.<\/font><\/div>\n<div align=\"justify\">\u00a0<\/div>\n<div align=\"justify\"><font>Dans une ambiance color\u00e9e, des vedettes arabes et africaines ont assist\u00e9 \u00e0 la c\u00e9r\u00e9monie d&rsquo;ouverture qui a eu lieu dans \u00ab\u00a0La Bonbonni\u00e8re\u00a0\u00bb, ancien th\u00e9\u00e2tre de Tunis.<\/font><\/div>\n<div align=\"justify\">\u00a0<\/div>\n<div align=\"justify\"><font>Parmi les invit\u00e9s d&rsquo;honneur \u00e0 cette c\u00e9r\u00e9monie, la chanteuse libanaise Mejda Erroumi \u00e0 qui ont \u00e9t\u00e9 remis samedi \u00e0 Tunis les insignes de grand officier de l&rsquo;ordre du m\u00e9rite culturel, une attribution du pr\u00e9sident tunisien.<\/font><\/div>\n<div align=\"justify\">\u00a0<\/div>\n<div align=\"justify\"><font>\u00ab\u00a0Nous allons encore une fois \u00eatre t\u00e9moins de moments de joie et de bonheur\u00a0\u00bb, a lanc\u00e9 Dorra Bouchoucha, productrice et directrice de la 23e session des JCC, doyen des festivals de cin\u00e9ma du Sud.<\/font><\/div>\n<div align=\"justify\">\u00a0<\/div>\n<div align=\"justify\"><font>\u00ab\u00a0Ce festival est une occasion de rencontres et de dialogues (..) permettant au monde entier de voir le cin\u00e9ma arabo-africain\u00a0\u00bb, a rench\u00e9ri le ministre tunisien de la Culture Aberraouf Basti, en donnant le coup d&rsquo;envoi des JCC.<\/font><\/div>\n<div align=\"justify\">\u00a0<\/div>\n<div align=\"justify\"><font>L&rsquo;\u00e9dition actuelle verra la projection de plus de 200 films d&rsquo;Afrique, d&rsquo;Asie, d&rsquo;Am\u00e9rique latine et d&rsquo;Europe dans diverses sections, mais la comp\u00e9tition officielle est consacr\u00e9e aux r\u00e9alisateurs arabes et africains.<\/font><\/div>\n<div align=\"justify\">\u00a0<\/div>\n<div align=\"justify\"><font>Vingt-quatre longs et courts m\u00e9trages en provenance de onze pays arabes et africains vont concourir jusqu&rsquo;au 31 octobre pour la Tanit d&rsquo;or, la r\u00e9compense supr\u00eame du festival et qui tire son nom de celui d&rsquo;une d\u00e9esse carthaginoise.<\/font><\/div>\n<div align=\"justify\">\u00a0<\/div>\n<div align=\"justify\"><font>Ce prix sera d\u00e9cern\u00e9 par un jury pr\u00e9sid\u00e9 par le r\u00e9alisateur ha\u00eftien Raoul Peck et dont feront aussi partie Diane Baratier (France), Joseph Gaye Ramaka (S\u00e9n\u00e9gal), Anouar Brahem (Tunisie), Atiq Rahimi (Afghanistan), ainsi que les actrices Elham Shahine (Egypte) et Soulef Fawakherji (Syrie).<\/font><\/div>\n<div align=\"justify\">\u00a0<\/div>\n<div align=\"justify\"><font>Les films les plus attendus sont \u00ab\u00a0State of Violence\u00a0\u00bb du Sud-Africain Khalo Matabenee, \u00ab\u00a0Once again\u00a0\u00bb de Joud Sa\u00efd (Syrie) et \u00ab\u00a0Message from the sea\u00a0\u00bb de Daoud Abdel Sayed (Egypte) ou \u00ab\u00a0Voyage \u00e0 Alger\u00a0\u00bb d&rsquo;Abdelkrim Bahloul.<\/font><\/div>\n<div align=\"justify\">\u00a0<\/div>\n<div align=\"justify\"><font>Le festival a lieu r\u00e9guli\u00e8rement, tous les deux ans, depuis sa cr\u00e9ation en 1996.<\/font><\/div>\n<div align=\"justify\">\n<hr\/>\n<\/div>\n<div align=\"center\"><strong><\/p>\n<h3 style=\"color: blue;\"><font size=\"3\">FIFA : Le Tunisien Aloulou suspendu<\/font><\/h3>\n<p><\/strong><\/div>\n<div>\n<hr\/>\n<\/div>\n<div>La F\u00e9d\u00e9ration internationale de football poursuit sa s\u00e9rie des suspensions \u00e0 l\u2019encontre des membres soup\u00e7onn\u00e9s dans une affaire de corruption pour la d\u00e9signation du pays h\u00f4te du Mondial 2018. Apr\u00e8s avoir annonc\u00e9 la suspension de deux membres du comit\u00e9 ex\u00e9cutif (CE) de la f\u00e9d\u00e9ration, \u00e0 savoir le Nig\u00e9rian Adamu et le Ha\u00eftien Temarii, la FIFA vient de r\u00e9v\u00e9ler la suspension du Tunisien Slim Aloulou ainsi que trois autres Africains \u00e9galement membres du CE. Interrog\u00e9 sur cette affaire, le pr\u00e9sident de la FIFA, le Suisse Joseph Sepp Blatter s\u2019est dit \u00abextr\u00eamement afflig\u00e9\u00bb.<\/div>\n<div>\u00a0<\/div>\n<div><strong><font>(Source: \u201cEl Watan\u201d (Quotidien \u2013 Algerie\u201d le 22.10.10 | 03h00)<\/font><\/strong><\/div>\n<div><font><strong>Lien: <\/strong><a href=\"http:\/\/www.elwatan.com\/weekend\/sports\/fifa-le-tunisien-aloulou-suspendu-22-10-2010-95687_179.php\" target=\"_blank\" rel=\"noopener\"><strong>http:\/\/www.elwatan.com\/weekend\/sports\/fifa-le-tunisien-aloulou-suspendu-22-10-2010-95687_179.php<\/strong><\/a><\/font><\/div>\n<div><strong><\/p>\n<hr\/>\n<p><\/strong><\/div>\n<div align=\"center\"><strong><\/p>\n<h4 style=\"color: blue;\"><font size=\"3\">D\u00e9c\u00e8s du philosophe Ridha Cha\u00efbi<\/font><\/h4>\n<p><\/strong><\/div>\n<p><font><\/p>\n<div>\n<hr\/>\n<\/div>\n<p><\/font><\/p>\n<div><font>Ridha Cha\u00efbi vient de d\u00e9c\u00e9der ce jeudi 21 octobre, \u00e0 la suite d\u2019un accident tragique de voiture en Tunisie. Docteur en philosophie de l\u2019universit\u00e9 Paris I-Panth\u00e9on-Sorbonne, Ridha Cha\u00efbi avait enseign\u00e9 \u00e0 l\u2019Institut international de la pens\u00e9e islamique (IIIT) et \u00e9tait actuellement professeur \u00e0 l\u2019Institut des sciences humaines de Paris (IESH), o\u00f9 il dispensait des cours sur les fondements philosophiques de la civilisation occidentale, aux \u00e9tudiants de 3e cycle. <\/font><\/div>\n<div>\u00a0<\/div>\n<div><font>Auteur de Nihayat attarikh wal insan al akhir (\u00c9d. Markiz el-Inmaa, Beyrouth, 1993), de Libert\u00e9 et Paternalisme chez John Stuart Mill (\u00c9d. L\u2019Harmattan, Paris, 2008) et co-traducteur en arabe de l\u2019ouvrage de Francis Fukuyama, The End of History and the Last Man (La Fin de l\u2019Histoire et le Dernier Homme), ce philosophe \u00e9tait r\u00e9guli\u00e8rement invit\u00e9 \u00e0 participer \u00e0 de nombreux colloques internationaux. <\/font><\/div>\n<div>\u00a0<\/div>\n<div><font>Il venait d\u2019accepter un poste de ma\u00eetre de conf\u00e9rences \u00e0 la facult\u00e9 de lettres de l\u2019universit\u00e9 de Kairouan (Tunisie). La France vient de perdre un de ses intellectuels musulmans de la jeune g\u00e9n\u00e9ration, bien trop rares et qui \u0153uvrent \u00e0 l\u2019\u00e9laboration de la pens\u00e9e musulmane en Occident. <\/font><\/div>\n<div>\u00a0<\/div>\n<div><font>Un hommage lui sera rendu \u00e0 l&rsquo;IESH de Paris, lundi 25 octobre, \u00e0 13 heures<\/font><\/div>\n<div>\u00a0<\/div>\n<div>\u00a0<\/div>\n<div><strong>(Source: \u201cSaphir News\u201d le 21 octobre 2010)<\/strong><\/div>\n<div><strong>Lien: http:\/\/www.saphirnews.com\/Deces-du-philosophe-Ridha-Chaibi_a11926.html<\/strong><\/div>\n<div>\u00a0<\/div>\n<hr\/>\n<div align=\"center\"><strong><font>\u00a0<\/font><\/strong><strong><\/p>\n<h4 style=\"color: blue;\"><font size=\"3\">Hommage au Pr. Ridha Cha\u00efbi<\/font><\/h4>\n<p><\/strong><\/div>\n<div align=\"center\">\n<hr\/>\n<\/div>\n<div>\u00a0<\/div>\n<div align=\"justify\"><font>par <\/font><strong>Youssouf T. Sangar\u00e9*<\/strong><\/div>\n<div align=\"justify\"><font>La disparition brutale de Ridha Cha\u00efbi, d\u00e9c\u00e9d\u00e9 jeudi 21 octobre, a marqu\u00e9 nombre de ses coll\u00e8gues et anciens \u00e9l\u00e8ves. Un hommage lui est rendu ici par l&rsquo;un des leurs<\/font><\/div>\n<div align=\"justify\">\u00a0<\/div>\n<div align=\"justify\">\u00a0<\/div>\n<div align=\"justify\"><font>\u00ab La nature humaine n\u2019est pas une machine qui se construit d\u2019apr\u00e8s un mod\u00e8le et qui se programme pour faire exactement le travail qu\u2019on lui prescrit, c\u2019est un arbre qui doit cro\u00eetre et se d\u00e9velopper de tous c\u00f4t\u00e9s, selon la tendance des forces int\u00e9rieures qui en font un \u00eatre vivant. \u00bb <\/font><\/div>\n<div align=\"justify\">\u00a0<\/div>\n<div align=\"justify\"><font>C\u2019est par ces mots, de John Stuart Mill, que s\u2019introduit l\u2019ouvrage de Ridha Cha\u00efbi sur Libert\u00e9 et paternalisme (1). Plus que des mots, ces lignes nous r\u00e9v\u00e8lent le sens d\u2019une existence. Une existence comme qu\u00eate de l\u2019int\u00e9riorit\u00e9, ou plus exactement de la profondeur. Cette profondeur qui donne sens \u00e0 la vie et balise son chemin. <\/font><\/div>\n<div align=\"justify\">\u00a0<\/div>\n<div align=\"justify\"><font>Notre cher professeur R. Cha\u00efbi faisait partie de ces hommes qui, au-del\u00e0 des apparences, scrutent les profondeurs pour s\u2019approcher, plus s\u00fbrement, des asiles de la sagesse. <\/font><\/div>\n<div align=\"justify\">\u00a0<\/div>\n<div align=\"justify\"><font>La recherche de la hauteur \u00e9tait le fondement m\u00eame de l\u2019enseignement de R. Cha\u00efbi. Loin d\u2019\u00e9touffer la curiosit\u00e9 de ses \u00e9tudiants, le Pr. Cha\u00efbi avait choisi, comme m\u00e9thode, de la cultiver. D\u2019ordinaire, par les temps qui courent, le doute \u00e9nerve, le questionnement scandalise ; ici, avec Ridha, ils transportent, enracinent et vivifient. <\/font><\/div>\n<div align=\"justify\">\u00a0<\/div>\n<div align=\"justify\"><font>En plus de la m\u00e9thode, le Pr. Cha\u00efbi portait en lui cette bont\u00e9 qui attire, rassure et invite l&rsquo;\u00e9tudiant au d\u00e9bat, \u00e0 l&rsquo;\u00e9change, \u00e0 la profondeur. Ainsi enseignait-il avec un esprit de commis\u00e9ration qui non seulement m&rsquo;a permis, personnellement, en tant qu&rsquo;\u00e9tudiant , d&rsquo;\u00e9changer avec lui durant ses cours mais aussi, et surtout, en dehors. <\/font><\/div>\n<div align=\"justify\">\u00a0<\/div>\n<div align=\"justify\"><font>Cher Pr. Ridha, ta rigueur, ton esprit critique \u2013 un esprit \u00e9veill\u00e9 et capable d\u2019\u00e9veiller \u2013 et ton humanit\u00e9 \u2013au sens plein du mot \u2013 constituent des voies \u00e0 suivre pour tes \u00e9tudiants. \u00c0 eux, maintenant, de les mettre \u00e0 l\u2019\u0153uvre et de savoir les transmettre. <\/font><\/div>\n<div align=\"justify\">\u00a0<\/div>\n<div align=\"justify\"><font>La mis\u00e9ricorde d\u2019Allah est incommensurable ; nous Le prions pour qu\u2019Il en r\u00e9pande une partie sur toi et sur ton p\u00e8re (3). <\/font><\/div>\n<div align=\"justify\">\u00a0<\/div>\n<div align=\"justify\">\u00a0<\/div>\n<div align=\"justify\"><font>Notes <\/font><\/div>\n<div align=\"justify\"><font>1. Ridha Cha\u00efbi, Libert\u00e9 et paternalisme chez John Stuart Mill, L&rsquo;Harmattan, Paris, 2008. <\/font><\/div>\n<div align=\"justify\"><font>2. De l\u2019ann\u00e9e scolaire 2008-2009 \u00e0 2009-2010, le Pr. Ridha Cha\u00efbi nous a enseign\u00e9, \u00e0 l\u2019IIIT France, l\u2019histoire de la civilisation islamique, la philosophie (dans une vision comparative) et la m\u00e9thodologie de recherche. <\/font><\/div>\n<div align=\"justify\"><font>3. Le p\u00e8re de Pr. Cha\u00efbi a \u00e9galement trouv\u00e9 la mort lors de l&rsquo;accident de la route qui a fait succomber R. Cha\u00efbi et bless\u00e9 gri\u00e8vement plusieurs passagers. <\/font><\/div>\n<div align=\"justify\">\u00a0<\/div>\n<div align=\"justify\">\u00a0<\/div>\n<div align=\"justify\"><font>* Youssouf T. Sangar\u00e9 est un ancien \u00e9tudiant du Pr. Ridha Cha\u00efbi. <\/font><\/div>\n<div align=\"justify\">\u00a0<\/div>\n<div align=\"justify\"><strong>(Source: \u201cSaphir News\u201d le 21 octobre 2010)<\/strong><\/div>\n<div align=\"justify\"><strong>Lien: <\/strong><a href=\"http:\/\/www.saphirnews.com\/Hommage-au-Pr-Ridha-Chaibi_a11927.html\" target=\"_blank\" rel=\"noopener\">http:\/\/www.saphirnews.com\/Hommage-au-Pr-Ridha-Chaibi_a11927.html<\/a><\/div>\n<p><\/font><\/div>\n<\/div>\n<p align=\"center\" dir=\"ltr\">\n<h4 style=\"color: blue;\"><font face=\"Arial\" size=\"2\"><strong><b><a href=\"http:\/\/www.tunisnews.net\/\"><font face=\"Arial\"><span><font size=\"2\">Home<\/font><\/span><font size=\"2\"><span lang=\"FR-CH\"> &#8211; Accueil <\/span><span>&#8211; <\/span><\/font><\/font><span dir=\"rtl\" lang=\"AR-SA\"><font size=\"2\">\u0627\u0644\u0631\u0626\u064a\u0633\u064a\u0629<\/font><\/span><\/a><\/b><\/strong><\/font><\/h4>\n<\/p>\n<p align=\"center\" dir=\"ltr\">\u00a0<\/p>\n<p><\/body><\/body><\/html><\/p>\n","protected":false},"excerpt":{"rendered":"<p>Home &#8211; Accueil TUNISNEWS 10\u00a0\u00e8me ann\u00e9e, N\u00b0\u00a03806 du 24.10.2010 \u00a0archives : www.tunisnews.net\u00a0 Libert\u00e9 et Equit\u00e9: La r\u00e9pression de Mohammed Mseddi, ex prisonnier politique Libert\u00e9 et Equit\u00e9: Madame Monia Brahim est priv\u00e9e de passeport Libert\u00e9 et Equit\u00e9: D\u00e9passement de la dur\u00e9e l\u00e9gale de garde \u00e0 vue &#8211; La famille d\u2019Ali Ferhat pr\u00e9sente une requ\u00eate au Procureur [&hellip;]<\/p>\n","protected":false},"author":1,"featured_media":22040,"comment_status":"open","ping_status":"open","sticky":false,"template":"","format":"standard","meta":{"inline_featured_image":false,"site-sidebar-layout":"default","site-content-layout":"","ast-site-content-layout":"default","site-content-style":"default","site-sidebar-style":"default","ast-global-header-display":"","ast-banner-title-visibility":"","ast-main-header-display":"","ast-hfb-above-header-display":"","ast-hfb-below-header-display":"","ast-hfb-mobile-header-display":"","site-post-title":"","ast-breadcrumbs-content":"","ast-featured-img":"","footer-sml-layout":"","ast-disable-related-posts":"","theme-transparent-header-meta":"","adv-header-id-meta":"","stick-header-meta":"","header-above-stick-meta":"","header-main-stick-meta":"","header-below-stick-meta":"","astra-migrate-meta-layouts":"default","ast-page-background-enabled":"default","ast-page-background-meta":{"desktop":{"background-color":"","background-image":"","background-repeat":"repeat","background-position":"center center","background-size":"auto","background-attachment":"scroll","background-type":"","background-media":"","overlay-type":"","overlay-color":"","overlay-opacity":"","overlay-gradient":""},"tablet":{"background-color":"","background-image":"","background-repeat":"repeat","background-position":"center center","background-size":"auto","background-attachment":"scroll","background-type":"","background-media":"","overlay-type":"","overlay-color":"","overlay-opacity":"","overlay-gradient":""},"mobile":{"background-color":"","background-image":"","background-repeat":"repeat","background-position":"center center","background-size":"auto","background-attachment":"scroll","background-type":"","background-media":"","overlay-type":"","overlay-color":"","overlay-opacity":"","overlay-gradient":""}},"ast-content-background-meta":{"desktop":{"background-color":"var(--ast-global-color-5)","background-image":"","background-repeat":"repeat","background-position":"center center","background-size":"auto","background-attachment":"scroll","background-type":"","background-media":"","overlay-type":"","overlay-color":"","overlay-opacity":"","overlay-gradient":""},"tablet":{"background-color":"var(--ast-global-color-5)","background-image":"","background-repeat":"repeat","background-position":"center center","background-size":"auto","background-attachment":"scroll","background-type":"","background-media":"","overlay-type":"","overlay-color":"","overlay-opacity":"","overlay-gradient":""},"mobile":{"background-color":"var(--ast-global-color-5)","background-image":"","background-repeat":"repeat","background-position":"center center","background-size":"auto","background-attachment":"scroll","background-type":"","background-media":"","overlay-type":"","overlay-color":"","overlay-opacity":"","overlay-gradient":""}},"footnotes":""},"categories":[],"tags":[62,41,29],"class_list":["post-17447","post","type-post","status-publish","format-standard","has-post-thumbnail","hentry","tag-62","tag-41","tag-fr"],"_links":{"self":[{"href":"https:\/\/tunisnews.net\/ar\/wp-json\/wp\/v2\/posts\/17447","targetHints":{"allow":["GET"]}}],"collection":[{"href":"https:\/\/tunisnews.net\/ar\/wp-json\/wp\/v2\/posts"}],"about":[{"href":"https:\/\/tunisnews.net\/ar\/wp-json\/wp\/v2\/types\/post"}],"author":[{"embeddable":true,"href":"https:\/\/tunisnews.net\/ar\/wp-json\/wp\/v2\/users\/1"}],"replies":[{"embeddable":true,"href":"https:\/\/tunisnews.net\/ar\/wp-json\/wp\/v2\/comments?post=17447"}],"version-history":[{"count":0,"href":"https:\/\/tunisnews.net\/ar\/wp-json\/wp\/v2\/posts\/17447\/revisions"}],"wp:featuredmedia":[{"embeddable":true,"href":"https:\/\/tunisnews.net\/ar\/wp-json\/wp\/v2\/media\/22040"}],"wp:attachment":[{"href":"https:\/\/tunisnews.net\/ar\/wp-json\/wp\/v2\/media?parent=17447"}],"wp:term":[{"taxonomy":"category","embeddable":true,"href":"https:\/\/tunisnews.net\/ar\/wp-json\/wp\/v2\/categories?post=17447"},{"taxonomy":"post_tag","embeddable":true,"href":"https:\/\/tunisnews.net\/ar\/wp-json\/wp\/v2\/tags?post=17447"}],"curies":[{"name":"wp","href":"https:\/\/api.w.org\/{rel}","templated":true}]}}