{"id":17433,"date":"2011-05-04T00:00:00","date_gmt":"2011-05-04T00:00:00","guid":{"rendered":"https:\/\/tunisnews.net\/4-mai-2011\/"},"modified":"2011-05-04T00:00:00","modified_gmt":"2011-05-04T00:00:00","slug":"4-mai-2011","status":"publish","type":"post","link":"https:\/\/tunisnews.net\/ar\/4-mai-2011\/","title":{"rendered":"4 mai 2011"},"content":{"rendered":"<p><html><head><meta content=\"text\/html\" description=\"L'ex-pr\u00e9sident tunisien Ben Ali et son \t\t\u00e9pouse Le\u00efla Trabelsi, ont \u00e9t\u00e9 accus\u00e9s de &quot;complot contre la s\u00fbret\u00e9 \t\tint\u00e9rieure de l'Etat&quot;, a annonc\u00e9 le minist\u00e8re tunisien de la Justice \t\tcit\u00e9 par l'agence officielle TAP.\" http-equiv=\"Content-Type\"\/><\/head><body><body><\/p>\n<div>\n<div align=\"center\" dir=\"ltr\"><font face=\"Bookman Old Style\" size=\"7\"><strong>TUNISNEWS <\/strong><\/font><\/div>\n<div align=\"center\" dir=\"ltr\"><strong><font face=\"Arial\" size=\"2\">11 \u00e8me ann\u00e9e, N\u00b03998 du 04.05.2011<\/font><\/strong><\/div>\n<div align=\"center\" dir=\"ltr\"><font face=\"Arial\" size=\"2\"><strong>archives : <\/strong><\/font><a target=\"_blank\" rel=\"noopener\"><font face=\"Arial\" size=\"2\"><strong>www.tunisnews.net<\/strong><\/font><\/a><span lang=\"FR\"><strong><font face=\"Arial\" size=\"2\"><\/font><\/strong><\/span><\/div>\n<p><span lang=\"FR\"><\/p>\n<div align=\"center\" dir=\"ltr\"><font face=\"Arial\" size=\"2\"><\/p>\n<hr\/>\n<p><\/font><\/div>\n<div><font size=\"2\"><font face=\"Arial\"><strong><font face=\"Arial\">AFP:<\/font><\/strong><\/font><\/p>\n<h2 style=\"color: red;\"><font face=\"Arial\"><strong>Ben Ali et son \u00e9pouse accus\u00e9s de \u00ab\u00a0complot contre la s\u00fbret\u00e9\u00a0\u00bb de l&rsquo;Etat<\/strong><\/font><\/h2>\n<p><\/font><\/div>\n<div>\n<h2 style=\"color: red;\"><font face=\"Arial\"><strong><\/p>\n<h2 style=\"color: red;\"><font face=\"Arial\" size=\"2\"><font>AFP: Tunisien: 55 nouveaux partis sur la sc\u00e8ne politique depuis la r\u00e9volution<\/font><font><\/font><\/font><\/h2>\n<p><\/strong><\/font><\/h2>\n<\/div>\n<div><strong><\/p>\n<h2 style=\"color: red;\"><font face=\"Arial\" size=\"2\">AFP:<font face=\"Arial\"><\/p>\n<h2 style=\"color: red;\"><font>40.000 Libyens fuient en Tunisie<\/font><\/h2>\n<p><font> <\/font><\/font><\/font><\/h2>\n<p><\/strong><\/div>\n<div><strong><font face=\"Arial\" size=\"2\">AFP:<font face=\"Arial\"><strong>Evacuation d&rsquo;un immeuble parisien occup\u00e9 par des migrants tunisiens<\/strong><\/font><\/font><\/strong><\/div>\n<div>\n<hr\/>\n<\/div>\n<div><font face=\"Arial\" size=\"4\"><strong>REVUE DE PRESSE<\/strong><\/font><font face=\"Times New Roman\"><\/font><\/div>\n<div>\n<hr\/>\n<\/div>\n<div align=\"center\">\u00a0<\/div>\n<div align=\"center\">\u00a0<\/div>\n<div align=\"center\">\n<h2 style=\"color: red;\"><font face=\"Arial\"><strong>Ben Ali et son \u00e9pouse accus\u00e9s de \u00ab\u00a0complot contre la s\u00fbret\u00e9\u00a0\u00bb de l&rsquo;Etat<\/strong><\/font><\/h2>\n<\/div>\n<div align=\"center\">\n<hr\/>\n<\/div>\n<div><font face=\"Arial\" size=\"2\">AFP 04\/05\/11 22h11<\/font><\/div>\n<div><font face=\"Arial\" size=\"2\">L&rsquo;ex-pr\u00e9sident tunisien Ben Ali et son \u00e9pouse Le\u00efla Trabelsi, ont \u00e9t\u00e9 accus\u00e9s de \u00ab\u00a0complot contre la s\u00fbret\u00e9 int\u00e9rieure de l&rsquo;Etat\u00a0\u00bb, a annonc\u00e9 le minist\u00e8re tunisien de la Justice cit\u00e9 par l&rsquo;agence officielle TAP.<\/font><\/div>\n<div><font face=\"Arial\" size=\"2\">Ils sont en outre accus\u00e9s d&rsquo;avoir \u00ab\u00a0provoqu\u00e9 le d\u00e9sordre, des meurtres et des pillages sur le territoire tunisien\u00a0\u00bb. Un dossier judiciaire impliquant Ben Ali, son \u00e9pouse et son neveu Ka\u00efs dans la mort de quatre jeunes tu\u00e9s par balles durant les violences qui ont secou\u00e9 la ville de Ouardanine dans le Sahel tunisien \u00e0 la mi-janvier, a \u00e9t\u00e9 d\u00e9pos\u00e9 devant un tribunal p\u00e9nal de Sousse (centre).<\/font><\/div>\n<div><font face=\"Arial\" size=\"2\">Dans ce dossier, des familles des victimes accusent des agents des forces de l&rsquo;ordre d&rsquo;avoir donn\u00e9 l&rsquo;ordre de tirer sur des manifestants s&rsquo;opposant \u00e0 la fuite de Ka\u00efs Ben Ali, rapporte la TAP.<\/font><\/div>\n<div><font face=\"Arial\" size=\"2\">Au total, 18 actions en justice ont d\u00e9j\u00e0 \u00e9t\u00e9 enclench\u00e9es contre le pr\u00e9sident d\u00e9chu, notamment pour homicides volontaires et usage et trafic de drogues, selon le ministre tunisien de la Justice, Lazhar Karoui Chebbi.<\/font><\/div>\n<div><font face=\"Arial\" size=\"2\">Le ministre avait affirm\u00e9 \u00e0 la mi-avril que le gouvernement \u00e9tait en train de constituer un dossier afin d&rsquo;obtenir l&rsquo;extradition de l&rsquo;ex-pr\u00e9sident, r\u00e9fugi\u00e9 avec des membres de sa famille en Arabie Saoudite depuis sa fuite le 14 janvier.<\/font><\/div>\n<hr\/>\n<div align=\"center\">\u00a0<\/div>\n<h3 align=\"center\" class=\"ecxtext_news\" style=\"color: blue;\"><font face=\"Arial\" size=\"2\"><\/p>\n<h2 style=\"color: red;\"><font size=\"3\">Tunisien: 55 nouveaux partis sur la sc\u00e8ne politique depuis la r\u00e9volution<\/font><\/h2>\n<p> <\/font><\/h3>\n<hr\/>\n<p align=\"justify\"> <font face=\"Arial\" size=\"2\">TUNIS &#8211; Quelque 55 partis politiques \u00e9t\u00e9 cr\u00e9\u00e9s en Tunisie depuis la chute de l&rsquo;ancien r\u00e9gime le 14 janvier en Tunisie, o\u00f9 le nombre de formations politiques est d\u00e9sormais de 63, a-t-on appris mercredi aupr\u00e8s du minist\u00e8re de l&rsquo;Int\u00e9rieur.  Sous le r\u00e9gime du pr\u00e9sident d\u00e9chu Zine El Abidine Ben Ali, seuls huit partis \u00e9taient autoris\u00e9s sur la sc\u00e8ne politique domin\u00e9e par le parti au pouvoir le Rassemblement constitutionnel d\u00e9mocratique (RCD) dissous le 9 mars \u00e0 la demande des nouvelles autorit\u00e9s.  Selon le minist\u00e8re de l&rsquo;Int\u00e9rieur, 82 demandes de cr\u00e9ation de partis politique ont \u00e9t\u00e9 refus\u00e9es.  Dans le secteur m\u00e9diatique fortement contr\u00f4l\u00e9 par l&rsquo;ancien r\u00e9gime, 51 publications ont \u00e9t\u00e9 autoris\u00e9es m\u00eame si elles n&rsquo;ont pas toutes encore vu le jour et 40 demandes sont encore en attente.  Durant les 23 ans de pouvoir de Ben Ali, seuls 10 quotidiens ont \u00e9t\u00e9 cr\u00e9\u00e9s, a indiqu\u00e9 le minist\u00e8re de l&rsquo;Int\u00e9rieur.  Ces nouveaux partis politiques prennent place avant l&rsquo;\u00e9lection pr\u00e9vue le 24 juillet d&rsquo;une Assembl\u00e9e nationale constituante (ANC), charg\u00e9e d&rsquo;\u00e9laborer une nouvelle Constitution qui marquera l&rsquo;\u00e9mergence de la nouvelle Tunisie, l&rsquo;apr\u00e8s-Ben Ali.  Parmi les formations politiques autoris\u00e9es r\u00e9cemment figure un parti, le mouvement islamique Ennahda (Renaissance), pr\u00e9sid\u00e9 par Rached Ghannouchi, qui a \u00e9t\u00e9 l\u00e9galis\u00e9 le 1er mars, trente ans apr\u00e8s sa fondation.<\/font><\/p>\n<p align=\"justify\"><font face=\"Arial\" size=\"2\"> (\u00a9AFP \/ 04 mai 2011 21h31) <\/font><\/p>\n<hr\/>\n<div align=\"center\">\n<h2 style=\"color: red;\"><font size=\"3\"><strong>40.000 Libyens fuient en Tunisie<\/strong><\/font><\/h2>\n<\/p><\/div>\n<div align=\"center\">\n<hr\/>\n<\/div>\n<div>AFP <\/div>\n<div>04\/05\/2011 | Mise \u00e0 jour : 15:42 R\u00e9actions (31) <\/div>\n<div>Plus de 41.600 personnes ont fui les combats en Libye via le poste fronti\u00e8re de Dehiba dans le sud de la Tunisie ces quatre derni\u00e8res semaines, a indiqu\u00e9 aujourd&rsquo;hui une responsable du Haut commissariat de l&rsquo;ONU aux r\u00e9fugi\u00e9s (HCR), Maness Ghanem.<\/div>\n<div>\u00ab\u00a02800 Libyens ont travers\u00e9 le poste fronti\u00e8re de Dehiba, situ\u00e9 \u00e0 4 km de la fronti\u00e8re et 2400 celui de Ras Jedir mardi 3 mai\u00a0\u00bb, a ajout\u00e9 cette responsable, contact\u00e9e \u00e0 Tataouine (sud) depuis Tunis.<\/div>\n<div>D&rsquo;autre part, 950 ressortissants libyens sont actuellement h\u00e9berg\u00e9s dans un camps \u00e9mirati de Dehiba et 1.100 dans un camp du HCR \u00e0 Remeda (situ\u00e9 \u00e0 environ 60 km de Dehiba) alors que 4650 r\u00e9fugi\u00e9s de diff\u00e9rentes nationalit\u00e9s sont h\u00e9berg\u00e9s dans des camps \u00e0 Ras Jedir (\u00e0 environ 150 km au nord-est de Dehiba)\u00a0\u00bb, a-t-elle pr\u00e9cis\u00e9.<\/div>\n<div>La majorit\u00e9 des r\u00e9fugi\u00e9s libyens, selon cette responsable, ont \u00e9t\u00e9 accueillis par la communaut\u00e9 locale tunisienne ou bien ont lou\u00e9 des maisons. \u00ab\u00a0Nous conjuguons nos efforts avec les autorit\u00e9s tunisiennes, la soci\u00e9t\u00e9 civile et des volontaires pour trouver des solutions pour l&rsquo;h\u00e9bergement, fournir des aides alimentaires et sanitaires\u00a0\u00bb, a ajout\u00e9 Mme Ghanem.<\/div>\n<div>\n<hr\/>\n<\/div>\n<div align=\"justify\">\u00a0<\/div>\n<div align=\"justify\">\u00a0<\/div>\n<div align=\"justify\">\u00a0<\/div>\n<div align=\"center\">\n<h2 style=\"color: red;\"><font face=\"Arial\"><strong>Evacuation d&rsquo;un immeuble parisien occup\u00e9 par des migrants tunisiens<\/strong><\/font><\/h2>\n<\/div>\n<div align=\"center\">\n<hr\/>\n<\/div>\n<p align=\"justify\"><font face=\"Arial\" size=\"2\">(AFP)\u2013<span>Il y a 6 heures<\/span><\/font><\/p>\n<p align=\"justify\"><font face=\"Arial\" size=\"2\">PARIS \u2014 Un immeuble du nord de Paris, occup\u00e9 depuis lundi par une centaine de jeunes migrants, pour la plupart Tunisiens, a \u00e9t\u00e9 \u00e9vacu\u00e9 mercredi en d\u00e9but d&rsquo;apr\u00e8s-midi, a-t-on appris de sources concordantes.<\/font><\/p>\n<p align=\"justify\"><font face=\"Arial\" size=\"2\">Les occupants \u00ab\u00a0ont \u00e9t\u00e9 emmen\u00e9s dans des commissariats pour des v\u00e9rifications d&rsquo;identit\u00e9\u00a0\u00bb, a indiqu\u00e9 la pr\u00e9fecture de police. Selon la PP, \u00ab\u00a0128 personnes qui se trouvaient \u00e0 l&rsquo;int\u00e9rieur du b\u00e2timent\u00a0\u00bb sont concern\u00e9es, ainsi que \u00ab\u00a020 autres personnes qui manifestaient devant l&rsquo;immeuble, sans d\u00e9claration pr\u00e9alable\u00a0\u00bb.<\/font><\/p>\n<p align=\"justify\"><font face=\"Arial\" size=\"2\">Leur sort devrait \u00eatre d\u00e9cid\u00e9 \u00e0 l&rsquo;issue de ces v\u00e9rifications.<\/font><\/p>\n<p align=\"justify\"><font face=\"Arial\" size=\"2\">\u00ab\u00a0L&rsquo;op\u00e9ration d&rsquo;\u00e9vacuation a commenc\u00e9 peu avant 14H00 et s&rsquo;est achev\u00e9e sans incident notable \u00e0 15H00. Nous agissons sur r\u00e9quisition du propri\u00e9taire des lieux\u00a0\u00bb, a indiqu\u00e9 la pr\u00e9fecture de police de Paris. L&rsquo;immeuble, situ\u00e9 au 51 avenue Simon Bolivar (XIXe arrondissement), \u00ab\u00a0n&rsquo;\u00e9tait pas aux normes d&rsquo;incendie et n&rsquo;est pas adapt\u00e9 \u00e0 servir de local d&rsquo;h\u00e9bergement\u00a0\u00bb, a-t-on ajout\u00e9.<\/font><\/p>\n<p align=\"justify\"><font face=\"Arial\" size=\"2\">L&rsquo;\u00e9vacuation \u00ab\u00a0s&rsquo;est faite \u00e0 la demande de la Ville: ce lieu est reconnu comme dangereux et n?est nullement con\u00e7u pour servir d&rsquo;h\u00e9bergement\u00a0\u00bb, a confirm\u00e9 la mairie de Paris propri\u00e9taire de cet immeuble insalubre, situ\u00e9 \u00e0 proximit\u00e9 directe du parc des Buttes Chaumont.<\/font><\/p>\n<p align=\"justify\"><font face=\"Arial\" size=\"2\">Le b\u00e2timent \u00e9tait occup\u00e9 depuis lundi par une centaine de jeunes migrants, pour la plupart pass\u00e9s par l&rsquo;Italie, qui dormaient depuis leur arriv\u00e9e \u00e0 Paris dans des jardins de la ville, notamment au Parc de la Villette.<\/font><\/p>\n<p align=\"justify\"><font face=\"Arial\" size=\"2\">Pendant l&rsquo;\u00e9vacuation, plusieurs dizaines de personnes soutenant les migrants ont cri\u00e9 \u00ab\u00a0Libert\u00e9! Libert\u00e9!\u00a0\u00bb, face \u00e0 un cordon de CRS prot\u00e9geant l&rsquo;acc\u00e8s \u00e0 l&rsquo;immeuble. Certains soutiens, en col\u00e8re, ont lanc\u00e9 des d\u00e9tritus sur les CRS.<\/font><\/p>\n<p align=\"justify\"><font face=\"Arial\" size=\"2\">La F\u00e9d\u00e9ration des Tunisiens pour une citoyennet\u00e9 des deux rives (FTCR) a condamn\u00e9 \u00ab\u00a0l&rsquo;attitude de ce gouvernement qui, malgr\u00e9 des demandes r\u00e9p\u00e9t\u00e9es de prise en charge humaine de la question des migrants tunisiens, ne sait utiliser que des solutions r\u00e9pressives\u00a0\u00bb.<\/font><\/p>\n<p align=\"justify\"><font face=\"Arial\" size=\"2\">La mairie de Paris a pr\u00e9cis\u00e9 qu&rsquo;avant l&rsquo;\u00e9vacuation, \u00ab\u00a0des \u00e9lus et des repr\u00e9sentants de la ville ont tent\u00e9 de convaincre les ressortissants tunisiens pr\u00e9sents de quitter le lieu pour rejoindre les h\u00e9bergements\u00a0\u00bb financ\u00e9s par la Ville.<\/font><\/p>\n<p align=\"justify\"><font face=\"Arial\" size=\"2\">Elle a appel\u00e9 l&rsquo;Etat \u00e0 \u00ab\u00a0mettre en place un dispositif adapt\u00e9 \u00e0 ces circonstances exceptionnelles, notamment en proposant une aide au retour revaloris\u00e9e\u00a0\u00bb.<\/font><\/p>\n<p align=\"justify\"><font face=\"Arial\" size=\"2\">Le conseiller UMP de Paris Jean-Fran\u00e7ois Lamour a dit \u00e0 l&rsquo;AFP \u00ab\u00a0approuver totalement\u00a0\u00bb l&rsquo;\u00e9vacuation.<\/font><\/p>\n<div align=\"center\">\u00a0<\/div>\n<div align=\"center\">\u00a0<\/div>\n<div align=\"center\">\u00a0<\/div>\n<div align=\"center\">\u00a0<\/div>\n<hr\/>\n<div>APPEL A LA SOLIDARITE AVEC LES JEUNES TUNISIENS<\/div>\n<div>RASSEMBLEMNT DEVANT LE MINISTERE DE L INTERIEUR<\/div>\n<div>POUR EXIGER LA LIBERATION DE TOUS LES ARRETES DU 51 AVENUE SIMON BOLIVAR<\/div>\n<div>POUR LA REGULARISATION DE TOUS LES MIGRANTS TUNISIENS DE LAMPEDUSA<\/div>\n<div>POUR SOUTENIR LES JEUNES DES REVOLUTIONS DEMOCRATIQUES ARABES<\/div>\n<div>NOUS APPELONS A UN RASSEMBLEMENT <\/div>\n<div>DEVANT LE MINISTERE DE L INTERIEUR A PARIS<\/div>\n<div>LE JEUDI 05 MAI 2011 A 18H30<\/div>\n<div>Place de la Madeleine<\/div>\n<div>M\u00e9tro Madeleine ligne 8 et 12<\/div>\n<div>ATMF \u2013 AMF \u2013 ADTF \u2013 FTCR &#8211; UTIT \u2026.<\/div>\n<div>\n<hr\/>\n<\/div>\n<h2 align=\"center\" class=\"ecxpost-title\" style=\"color: red;\"><a href=\"http:\/\/nawaat.org\/portail\/2011\/05\/03\/tunisie-ouardanine-en-quete-de-verite-et-de-justice-2\/\" rel=\"bookmark noopener\" target=\"_blank\" title=\"Permanent Link to Tunisie : Ouardanine en qu\u00eate de v\u00e9rit\u00e9 et de justice\"><font face=\"Arial\" size=\"3\">Tunisie : Ouardanine en qu\u00eate de v\u00e9rit\u00e9 et de justice<\/font><\/a><\/h2>\n<div align=\"center\"><a href=\"http:\/\/nawaat.org\/portail\/author\/luiza-toscane\/\" target=\"_blank\" title=\"Posts by Luiza Toscane\" rel=\"noopener\"><font face=\"Arial\">Luiza Toscane<\/font><\/a><font face=\"Arial\"> | <\/font><\/div>\n<div align=\"center\"><a href=\"http:\/\/nawaat.org\/portail\/2011\/05\/03\/tunisie-ouardanine-en-quete-de-verite-et-de-justice-2\/\" target=\"_blank\" title=\"http:\/\/nawaat.org\/portail\/2011\/05\/03\/tunisie-ouardanine-en-quete-de-verite-et-de-justice-2\/\" rel=\"noopener\"><font face=\"Arial\">http:\/\/nawaat.org\/portail\/2011\/05\/03\/tunisie-ouardanine-en-quete-de-verite-et-de-justice-2\/<\/font><\/a><\/div>\n<div>\n<hr\/>\n<\/div>\n<div align=\"center\"><b><span lang=\"NO-BOK\"><\/p>\n<h2 style=\"color: red;\"><font face=\"Arial\">La Tunisie vit sous la menace mafieuse des hommes de main de l&rsquo;ancien r\u00e9gime<\/font><\/h2>\n<p><\/span><\/b><\/div>\n<div align=\"center\"><b><span lang=\"NO-BOK\"><\/p>\n<hr\/>\n<p><\/span><\/b><\/div>\n<div>\u00a0<\/div>\n<div align=\"justify\"><i><u><span lang=\"NO-BOK\"><font face=\"Arial\" size=\"2\">Beno\u00eet Delmas, journaliste et \u00e9crivain<\/font><\/span><\/u><\/i><\/div>\n<div align=\"justify\"><span lang=\"NO-BOK\"><font face=\"Arial\" size=\"2\">Avec le calme que donne la certitude, Ali l\u00e2che : \u00ab\u00a0D\u00e9gueulasse est un mot propre pour dire ce qu&rsquo;ils ont fait.\u00a0\u00bb 48 ans, dont 23 sous Ben Ali, Ali a honte. Depuis son poste d&rsquo;observation, vingt-huit ans de taxi, il a tout vu, tout entendu, tout ressenti. La saloperie humaine, le vice et la perversion qu&rsquo;autorise l&rsquo;argent roi des mafieux. La supr\u00e9matie du fort, financi\u00e8rement parlant, sur le laborieux qui chaque matin courbait l&rsquo;\u00e9chine sous peine de prison, d&rsquo;interdiction de travail, de confiscation de sa marchandise. Pour Ali, rien n&rsquo;est fini.<\/font><\/span><\/div>\n<div align=\"justify\"><span lang=\"NO-BOK\"><font face=\"Arial\" size=\"2\">\u00ab\u00a0Ils sont encore l\u00e0\u00a0\u00bb, jauge-t-il, les yeux pliss\u00e9s. Ce qu&rsquo;il dit sans ambages, ils sont de plus en plus nombreux \u00e0 le murmurer. Lorsque le despote quitta le pays, le 14 janvier \u00e0 17 h 52, les klaxons retentirent dans tout le pays. Deux heures plus tard, des 4\u00d74 d\u00e9boul\u00e8rent, vitres baiss\u00e9es, charg\u00e9s de miliciens arm\u00e9s du dernier cri. Les desperados du Rassemblement constitutionnel d\u00e9mocratique (RCD) avaient pour ordre de br\u00fbler le pays. Cinq jours de crimes suivirent le d\u00e9part de Zine El-Abidine Ben Ali. Cinq jours entre enfer et espoir. Cinq jours durant lesquels la population tunisienne \u00e9rigea des barrages de fortune, des barricades de bric et de broc. Avec des planches, des voitures calcin\u00e9es, des meubles, chaque quartier s&rsquo;organisa pour enfreindre le \u00ab\u00a0\u00e0 tombeaux ouverts\u00a0\u00bb des partisans de M. et Mme Ben Ali. Un \u00e9lan de courage, de solidarit\u00e9 que le peuple tunisien ne doit jamais oublier.<\/font><\/span><\/div>\n<div align=\"justify\"><span lang=\"NO-BOK\"><font face=\"Arial\" size=\"2\">La r\u00e9volution s&rsquo;est jou\u00e9e le 14 janvier et les cinq jours qui suivirent. Hommes, femmes, vieillards, jeunes, handicap\u00e9s et enfants, tous furent des comit\u00e9s de quartier. Une vigueur nationale dont ils n&rsquo;eurent pas le souffle de se rendre compte. Personne n&rsquo;a pu f\u00eater la grande victoire. Aucun, aucune, n&rsquo;a pu danser, chanter le triomphe du peuple sur la force. Une r\u00e9volution confisqu\u00e9e par cinq jours de terreur. R\u00e9sultat : aucune union nationale. Et une grosse fatigue que les partisans de Ben Ali et des Trabelsi entretiennent.<\/font><\/span><\/div>\n<div align=\"justify\"><span lang=\"NO-BOK\"><font face=\"Arial\" size=\"2\">R\u00e8gne de la peur<\/font><\/span><\/div>\n<div align=\"justify\"><span lang=\"NO-BOK\"><font face=\"Arial\" size=\"2\">D\u00e9sormais, la Tunisie vit sous la menace des hommes de main de l&rsquo;ancien r\u00e9gime. Policiers, mafieux, voyous, notables de l&rsquo;ex-RCD : tous s&rsquo;unissent pour salir, casser, tabasser le pays. Leur objectif : instaurer le r\u00e8gne de la peur. Se venger. Tuer la r\u00e9volution. Chaparder le pouvoir. Quelques exemples : samedi 30 avril, ce sont trois prisons qui sont incendi\u00e9es afin que 800 d\u00e9tenus s&rsquo;\u00e9chappent. Samedi encore, ce sont 500 salafistes qui font violence, avec la complicit\u00e9 de la police politique, avenue Bourguiba. Dimanche 1er mai, c&rsquo;est un h\u00f4tel international de Tunis qui est attaqu\u00e9 comme dans le plus mauvais des westerns. Total : la multiplication des op\u00e9rations coup-de-poing men\u00e9e par de petits mercenaires r\u00e9mun\u00e9r\u00e9s par les ex du RCD.<\/font><\/span><\/div>\n<div align=\"justify\"><span lang=\"NO-BOK\"><font face=\"Arial\" size=\"2\">On s&rsquo;explique difficilement que certains Trabelsi puissent encore faire du business \u00e0 distance. On ne comprend pas que les prisonniers du type d&rsquo;Imed Trabelsi b\u00e9n\u00e9ficient d&rsquo;un r\u00e9gime digne d&rsquo;un palace. L&rsquo;arm\u00e9e et ses 43 000 soldats ne peuvent tout faire. La police de Ben Ali comptait 200 000 membres, sans compter les indics, vigiles et espions du quotidien. Ils n&rsquo;ont pas disparu. Ajoutons au tableau le voisin libyen qui tente d&rsquo;exporter sa guerre sur le sol tunisien avec force obus, mortiers&#8230; Kadhafi n&rsquo;a jamais pardonn\u00e9 que son ami Ben Ali soit vir\u00e9 comme un voleur. Alors il frappe, via ses mercenaires, le grand sud.<\/font><\/span><\/div>\n<div align=\"justify\"><span lang=\"NO-BOK\"><font face=\"Arial\" size=\"2\">Pour les amateurs de symboles, la Tunisie est devenue une destination de choix. On y fait du tourisme de grandes d\u00e9clarations. A Tunis, le d\u00e9fil\u00e9 continu de dirigeants \u00e9trangers donne lieu \u00e0 des multitudes de d\u00e9clarations, d&rsquo;encouragements. Mais de concret, peu. Pour parler cash, il faut d\u00e9verser des tonnes de flouz sur la fr\u00eale d\u00e9mocratie. L&rsquo;aider sans compter. Les besoins imm\u00e9diats sont estim\u00e9s \u00e0 4 milliards de dollars par la Banque mondiale. Le prix \u00e0 payer pour remettre le pays sur les rails de la croissance. Et le sauver d\u00e9finitivement des complots foment\u00e9s par ceux qui firent fortune sous Ben Ali et perdraient tout sous un r\u00e9gime d\u00e9mocratique.<\/font><\/span><\/div>\n<div align=\"justify\"><span lang=\"NO-BOK\"><font face=\"Arial\" size=\"2\">Situ\u00e9e entre l&rsquo;Alg\u00e9rie et la Libye, la Tunisie occupe une place g\u00e9ostrat\u00e9gique qu&rsquo;il serait idiot de sous-estimer. Si l&rsquo;on ne veut pas assister \u00e0 la mise \u00e0 sac de la r\u00e9volution, si l&rsquo;on ne souhaite pas le come-back de la mafia, si l&rsquo;on a un minimum de respect pour un peuple qui a su s&rsquo;affranchir de la peur pour d\u00e9loger un mafieux, un clan, ses gangs, alors il faut aider la Tunisie. Aujourd&rsquo;hui. Sans attendre une minute de plus. Demain, il sera peut-\u00eatre trop tard.<\/font><\/span><\/div>\n<div align=\"justify\"><font face=\"Arial\" size=\"2\"><b><span lang=\"FR-CH\">(Source : \u00ab Le Monde \u00bb (Quotidien \u2013 France), \u00e9dition <\/span><span lang=\"NO-BOK\">du 5 mai 2011)<\/span><\/b><\/font><\/div>\n<hr\/>\n<div>\u00a0<\/div>\n<div>\u00a0<\/div>\n<div align=\"center\"><b><span lang=\"NO-BOK\"><\/p>\n<h3 style=\"color: blue;\"><font face=\"Arial\">Le Professeur Moncef Ben Salem ministre de l\u2019enseignement public<\/font><\/h3>\n<p><\/span><\/b><\/div>\n<div align=\"center\"><b><span lang=\"NO-BOK\"><\/p>\n<hr\/>\n<p><\/span><\/b><\/div>\n<div>\u00a0<\/div>\n<div><font face=\"Arial\"><i><span lang=\"NO-BOK\"><font>Mohamed Dhiaeddine Souissi * May 03, 2011<\/font><\/span><span lang=\"NO-BOK\"><\/span><\/i><\/font><\/div>\n<div><span lang=\"NO-BOK\"><font face=\"Arial\">Voici un extrait d\u2019une interview donn\u00e9e par monsieur Moncef Ben Salem, membre dirigeant du parti Ennahdha et sp\u00e9cialiste renomm\u00e9 en math\u00e9matiques, au site \u00e9lectronique Nawaat :<\/font><\/span><\/div>\n<div><b><i><span lang=\"NO-BOK\"><font face=\"Arial\">Nawaat : En r\u00e8gle g\u00e9n\u00e9rale, il n\u2019y a pas d\u2019enseignement sans politique \u00e9ducative. Et si le niveau en Tunisie est arriv\u00e9 \u00e0 un tel point en comparaison avec le pass\u00e9, cela veut dire que derri\u00e8re cette r\u00e9alit\u00e9 il y a une politique, ce qui voudrait dire que cet \u00e9tat de fait est voulu ou non ?<\/font><\/span><\/i><\/b><\/div>\n<div><b><i><span lang=\"NO-BOK\"><font face=\"Arial\">Moncef Ben Salem : En effet, l\u2019intervention politique est claire et \u00e9vidente, particuli\u00e8rement en ce qui concerne les mati\u00e8res litt\u00e9raires. Il existe un texte d\u2019Ali Douagi, qui enseigne en cinqui\u00e8me ann\u00e9e primaire et en huiti\u00e8me ann\u00e9e pr\u00e9paratoire et en troisi\u00e8me ann\u00e9e secondaire. Pourquoi ce texte pour trois niveaux ? En fait, la religion y est tourn\u00e9e en d\u00e9rision. Ce texte se moque de celui qui enseigne le Coran et touche de la part de ses \u00e9l\u00e8ves une contribution financi\u00e8re. Qui est ce Ali Douagi ? Il fait partie du groupe de \u00ab Taht Essour \u00bb qui se saoulent, \u00e9gorgent des chats pour les manger et ramassent les m\u00e9gots et disent \u00ab le malheur des uns fait le bonheur des autres \u00bb. Ils donnaient de noms aux petits et aux grands m\u00e9gots. Ali Douagi a re\u00e7u la d\u00e9coration de la r\u00e9alisation culturelle \u00e0 l\u2019\u00e8re du 7 novembre au plus haut niveau du pouvoir.<\/font><\/span><\/i><\/b><\/div>\n<div><b><i><span lang=\"NO-BOK\"><font face=\"Arial\">Honte \u00e0 la Tunisie qui d\u00e9core les clochards et les idiots et ignore les scientifiques. Moi, je n\u2019ai b\u00e9n\u00e9fici\u00e9 d\u2019aucun honneur \u00e0 c\u00f4t\u00e9 de ce Ali Douagi !!<\/font><\/span><\/i><\/b><\/div>\n<div><span lang=\"NO-BOK\"><font face=\"Arial\">Sire Ben Salem, je pense que personne ne peut nier votre talent de math\u00e9maticien reconnu, ce qui vous pr\u00e9dispose m\u00e9ritoirement \u00e0 la d\u00e9coration \u00e0 laquelle vous postulez. Mais Ali Douagi n\u2019aura nullement usurp\u00e9 la d\u00e9coration \u00e0 titre posthume qui lui a \u00e9t\u00e9 r\u00e9serv\u00e9e. Il se pourrait bien que son type d\u2019activit\u00e9 intellectuelle ne cadre pas avec les canons de votre axiomatique, mais lui est iconoclaste et novateur. Et franchement, les ellipses et hyperboles de Douagi sont, pour moi et pour tous ceux qui aiment la litt\u00e9rature, pr\u00e9f\u00e9rables aux votres, plates muettes et sans saveur.<\/font><\/span><\/div>\n<div><span lang=\"NO-BOK\"><font face=\"Arial\">Son style et son humour peuvent ne pas vous plaire, mais ils ne vous autorisent nullement \u00e0 le d\u00e9nigrer, lui et toute la bande \u00e0 Taht Essour en passant. Sachez bien Professeur que Taht Essour, comme ph\u00e9nom\u00e8ne original, est l\u2019une des manifestations de la grande renaissance politique, intellectuelle et culturelle de notre pays entre les deux guerres. Cette bande ne contient pas de champions jongleurs avec les x et les y comme vous, mais les artistes, intellectuels, po\u00e8tes et \u00e9crivains qui la composaient avaient leur intelligence et leur cr\u00e9ativit\u00e9 propres \u00e0 eux.. Les membres de Taht Essour, dans leur douleur, leur humour, leur excentricit\u00e9- qui semble particuli\u00e8rement vous d\u00e9ranger- portaient, dans une symbiose formidable, les aspirations et l\u2019amour de la Tunisie. C\u2019est pour cette raison que leur legs au patrimoine intellectuel et artistique de cette Tunisie restera \u00e9ternel.<\/font><\/span><\/div>\n<div><span lang=\"NO-BOK\"><font face=\"Arial\">Je ne doute pas Professeur que vous savez que le groupe comprenait notamment Abou el Kacem Chebbi, Tahar Haddad, Abdelaziz El Aroui, Abderrazek Karbaka, Mustapha Khra\u00efef, H\u00e9di Jouini, H\u00e9di La\u00e2bidi, Zine el-Abidine Snoussi et Khema\u00efs Tarnane. Outre Ali Douagi bien s\u00fbr. Professeur, si ces gens l\u00e0 sont des clochards, je saisirai l\u2019acad\u00e9mie fran\u00e7aise pour ajouter aux synonymes de ce mot quelque mot \u00e9logieux qui \u00e9quivaudra \u00e0 leur valeur. Vous en serez alors \u00e0 l\u2019origine.<\/font><\/span><\/div>\n<div><span lang=\"NO-BOK\"><font face=\"Arial\">Sire Moncef, au del\u00e0 de la stupeur que me fait le jugement que vous r\u00e9servez \u00e0 la bande d\u2019Abou el Kacem Chebbi et H\u00e9di Jouini, je me demande comment une personne aussi dou\u00e9e dans un domaine scientifique peut \u00eatre aussi d\u00e9daigneuse \u00e0 l\u2019\u00e9gard d\u2019intellectuels et artistes aussi brillants. Je me demande \u00e9galement ce que vous feriez de nos programmes d\u2019enseignement s\u2019il vous arrivait un jour \u00e0 en pr\u00e9sider la destin\u00e9e? Nietzsche, par exemple, c\u2019\u00e9tait un clochard, licencieux et, par dessus le march\u00e9, ath\u00e9e. Adieu Nietzsche dans les programmes de philo du bac et dans ceux de l\u2019universit\u00e9? Marx lui aussi \u00e9tait ath\u00e9e notoire. N\u2019aurais-je plus \u00e0 enseigner \u00e0 mes \u00e9tudiants la transposition de la dialectique h\u00e9g\u00e9lienne dans ses p\u00e9n\u00e9trantes analyses de la r\u00e9alit\u00e9 \u00e9conomique? Si lui, par miracle, \u00e9chapperait \u00e0 votre crible rigoureux, qu\u2019adviendrait-il de Bakounine et de Proudhon, anarchistes en guise de circonstance aggravante?<\/font><\/span><\/div>\n<div><span lang=\"NO-BOK\"><font face=\"Arial\">Chez mes coll\u00e8gues litt\u00e9raires, la facture semble \u00eatre plus sal\u00e9e.<\/font><\/span><\/div>\n<div><span lang=\"NO-BOK\"><font face=\"Arial\">La d\u00e9rision \u00ab prof\u00e9r\u00e9e \u00bb par Douagi envers ceux qui enseignent le Coran ( middib dans notre arabe tunisien) lui a valu autant de d\u00e9sapprobation. Quel jugement recevra alors Abou Nawas, Abou al Alaa al Maari ou encore Omar Ibn Abi Rabiaa? A eux, Ali Douagi serait ce que m\u00e8re Theresa est \u00e0 Paris Hilton. Certainement, ils dispara\u00eetront de tout manuel scolaire ces trois. Chebbi aussi; il aura commis le crime impardonnable d\u2019avoir c\u00f4toy\u00e9 Douagi et, probablement, d\u2019avoir particip\u00e9 \u00e0 une c\u00e9r\u00e9monie d\u2019\u00e9gorgement d\u2019un quelconque matou. Bien s\u00fbr, je ne parlerai pas de Baudelaire et de Rimbaud. Leur sort est sans doute aucun scell\u00e9. Pr\u00e9vert, Aragon, Eluard et autre Vian, po\u00e8tes maudits et pourfendeurs des valeurs religieuses, ne seront pas plus chanceux. Car au moins Douagi, n\u2019a jamais touch\u00e9 \u00e0 la foi, m\u00eame si en moquant le \u00ab middib \u00bb il aura fait ce qui m\u00e9rite cons\u00e9quente correction. Mahfoudh, Camus, Sartre et Beckett se rach\u00e8teront-ils car Nobel les as sanctifi\u00e9s ? Je ne pense pas. Le premier a \u00e9t\u00e9 poignard\u00e9 car il semblait peu regardant \u00e0 l\u2019\u00e9gard de la repr\u00e9sentation publique de l\u2019\u00e9ternit\u00e9. Les autres ne sont pas moins susceptibles d\u2019\u00eatre coupables d\u2019atteinte \u00e0 la puret\u00e9 de nos conceptions h\u00e9rit\u00e9es de l\u2019\u00eatre et de l\u2019existence.<\/font><\/span><\/div>\n<div><span lang=\"NO-BOK\"><font face=\"Arial\">Dans le domaine de la zoologie et de la pal\u00e9ontologie, le nom de Darwin et de la th\u00e9orie de l\u2019\u00e9volution seront sans nul doute bannis de toute programmation dans les facult\u00e9s des sciences et, \u00e0 plus forte raison, dans les programmes de philosophie au baccalaur\u00e9at. L\u2019ann\u00e9e derni\u00e8re, le Vatican s\u2019est excus\u00e9 \u00e0 titre posthume aupr\u00e8s de Darwin car les milieux catholiques l\u2019ont d\u00e9consid\u00e9r\u00e9 sans arguments irr\u00e9futables. Aujourd\u2019hui, il y a, au sein m\u00eame du Vatican, un courant cr\u00e9ationniste \u00e0 c\u00f4t\u00e9 d\u2019un courant \u00e9volutionniste. Dans la quasi-totalit\u00e9 des pays du monde occidental d\u00e9velopp\u00e9, il y a une majorit\u00e9 de croyants et une minorit\u00e9 de d\u00e9istes, agnostiques et ath\u00e9es. Mais, le d\u00e9bat dans les affaires politiques et publiques fait rarement r\u00e9f\u00e9rence au pr\u00e9ceptes religieux, m\u00eame si plusieurs grands partis ne cachent pas leur r\u00e9f\u00e9rence \u00e0 la chr\u00e9tient\u00e9. Sous nos cieux, le probl\u00e8me est plus compliqu\u00e9. Ce que nous risquons est que des personnes ou des groupes politiques, qui se r\u00e9clament de l\u2019Islam, capitalisent la tyrannie de l\u2019opinion publique pour l\u2019utiliser comme fonds de commerce dans le d\u00e9bat publique. Et ce que je constate, malheureusement, \u00e0 travers le traitement r\u00e9serv\u00e9 par Pr Ben Salem au groupe Taht Essour, c\u2019est que ce dernier semble bien parti pour jouer sur cette corde.<\/font><\/span><\/div>\n<div><span lang=\"NO-BOK\"><font face=\"Arial\">Ce jeu l\u00e0 est dangereux et il risque m\u00eame de se retourner contre son inventeur, tel le monstre ressuscit\u00e9 de Frankenstein. Le syst\u00e8me d\u2019enseignement avec les programmes qu\u2019il contient a connu beaucoup de changements depuis l\u2019ind\u00e9pendance. Il contient certainement beaucoup de failles qu\u2019il faudrait corriger dans un cadre de concertation et de participation de toutes les parties concern\u00e9es.<\/font><\/span><\/div>\n<div><span lang=\"NO-BOK\"><font face=\"Arial\">Cependant, un fait est ind\u00e9niable ; il a pourvu la Tunisie de comp\u00e9tences et de cadres que m\u00eame les Nations les plus d\u00e9velopp\u00e9es pourraient nous envier. Monsieur Ben Salem en est l\u2019exemple. Les dramaturges tunisiens devenus r\u00e9f\u00e9rence dans le monde arabe et d\u00e9j\u00e0 rentr\u00e9s de plain-pied dans l\u2019universalit\u00e9, nos cin\u00e9astes de grande valeur, nos ing\u00e9nieurs, m\u00e9decins, juristes, historiens, po\u00e8tes, journalistes, essayistes\u2026font la fiert\u00e9 de notre ch\u00e8re Tunisie. Une part importante dans l\u2019\u00e9closion de ces talents revient \u00e0 l\u2019ouverture de nos programmes d\u2019enseignement sur le grand h\u00e9ritage du savoir et de l\u2019esprit humain. Dans nos \u00e9coles et nos universit\u00e9s, l\u2019enseignement des grandes figures de la litt\u00e9rature, de la philosophie et de la po\u00e9sie, nationaux, musulmans, arabes et d\u2019autres horizons civilisationnels participent \u00e0 la formation des \u00e9lites du pays. Plusieurs sont excentriques, juifs, catholiques, ath\u00e9es\u2026Mais leur apport \u00e0 la philosophie, la litt\u00e9rature, la science et le savoir en g\u00e9n\u00e9ral, sont ind\u00e9niables. Je pense je que le lecteur comprend pourquoi j\u2019ai vraiment eu peur pour l\u2019avenir de notre Tunisie quand j\u2019ai lu cette interview du Pr Ben Salem.<\/font><\/span><\/div>\n<div><span lang=\"NO-BOK\"><font face=\"Arial\">Aujourd\u2019hui, il y a un d\u00e9bat large sur la capacit\u00e9 du mouvement Nahdha \u00e0 faire sien l\u2019esprit d\u00e9mocratique et de se muer en pilier dans l\u2019\u0153uvre de construction de la Tunisie future, moderne, libre et d\u00e9mocratique. Mon avis personnel est qu\u2019il est encore t\u00f4t pour en juger d\u00e9finitivement. Ceux qui disent que l\u2019islamisme est condamn\u00e9 \u00e0 l\u2019obscurantisme et \u00e0 la r\u00e9action pr\u00eachent par un esprit trop m\u00e9taphysique, incapable de saisir les ph\u00e9nom\u00e8nes politiques dans leur double dialectique interne et sociale.<\/font><\/span><\/div>\n<div><span lang=\"NO-BOK\"><font face=\"Arial\">L\u2019islamisme en Tunisie a \u00e9volu\u00e9 et il pourra \u00e9voluer davantage. Mais, il n\u2019est pas encore s\u00e9curisant \u00e0 l\u2019heure qu\u2019il est. Quand une grande \u00e9minence de ce mouvement \u00e9crit des choses aussi injurieuses sur le po\u00e8te qui a fourni aux r\u00e9volutions arabes leur slogan mobilisateur et sur un g\u00e9ant de la musique arabe de la trempe de Tarnane, je dirais que la composante principale de la mouvance islamiste en Tunisie est encore loin de convenir sur les fondamentaux de la d\u00e9mocratie et du lib\u00e9ralisme politique. Lorsque j\u2019entends Rached Ghannouchi dire \u00e0 ses fans et sympathisants que leurs adversaires font peur de l\u2019Islam, mes appr\u00e9hensions ne font que grandir. Le parti semble encore \u00eatre fortement convaincu que c\u2019est lui l\u2019Islam et que les autres sont des m\u00e9cr\u00e9ants. En m\u00eame temps, un professeur dans un lyc\u00e9e de Bizerte est accus\u00e9 par une de ses \u00e9l\u00e8ves qu\u2019il a insult\u00e9 le proph\u00e8te, et des appels se font d\u00e9j\u00e0 pour couler son sang. A ma connaissance, a pas bien tard\u00e9 \u00e0 d\u00e9sapprouver la campagne dont ce prof fait l\u2019objet, alors qu\u2019elle devait \u00eatre la premi\u00e8re \u00e0 le faire. Les syndicat g\u00e9n\u00e9ral d\u2019enseignement secondaire a \u00e9t\u00e9, lui aussi, d\u2019une r\u00e9action, le moins qu\u2019on puisse dire, timide. Trois semaines apr\u00e8s les accusations mensong\u00e8res et l\u2019appel au meurtre contre cet enseignant, ce dernier n\u2019a pas encore r\u00e9habilit\u00e9 comme il se doit.<\/font><\/span><\/div>\n<div><span lang=\"NO-BOK\"><font face=\"Arial\">Pourquoi on ne punit pas ceux qui ont publiquement appel\u00e9 \u00e0 sa liquidation physique ? Pourquoi l\u2019\u00e9l\u00e8ve et ses parents qui ont diffus\u00e9 cette intox ne sont pas astreintes \u00e0 des excuses solennelles ?<\/font><\/span><\/div>\n<div><span lang=\"NO-BOK\"><font face=\"Arial\">Il y a un climat de terreur qui na\u00eet. Il vise le corps enseignant, aliment\u00e9 par les \u00ab z\u00e9lotes \u00bb de l\u2019Islam. Cette intimidation du corps enseignant est naissante. Son potentiel destructeur peut sembler faire l\u2019affaire des partis islamistes qui pourraient se r\u00e9jouir de ce que les enseignants qui comptent parmi leurs adversaires puissent \u00eatre pris \u00e0 parti par des \u00e9l\u00e8ves et des \u00e9tudiants qui veulent imposer la tyrannie de leur opinion. Mais la manivelle peut se retourner plus tard contre ceux qui en semblent, \u00e0 pr\u00e9sent, \u00eatre b\u00e9n\u00e9ficiaire.<\/font><\/span><\/div>\n<div><span lang=\"NO-BOK\"><font face=\"Arial\">Demain, un \u00e9tudiant peut organiser une manif devant une facult\u00e9 des lettres par ce que son prof lui enseigne des po\u00e8mes luxurieux de Baudelaire. Il fera venir des gens qui n\u2019ont rien \u00e0 voir l\u2019espace universitaire qui demanderont le sang de ce prof d\u00e9prav\u00e9 et irrespectueux des valeurs de l\u2019Islam. Une autre manif demanderait la t\u00eate d\u2019un autre universitaire qui s\u2019ent\u00eate \u00e0 enseigner Darwin, Marx ou Nietzsche\u2026 Nous aurons dans quelques ann\u00e9es une g\u00e9n\u00e9ration d\u2019obscurantistes de plus en plus endurcis. Monsieur Ben Salem risque un jour d\u2019\u00eatre honni car il enseigne les th\u00e9ories d\u2019Einstein, ce juif sioniste, ou les th\u00e9ories de Pythagore le pa\u00efen bisexuel.<\/font><\/span><\/div>\n<div><span lang=\"NO-BOK\"><font face=\"Arial\">Les talibans n\u2019ont pas \u00e9t\u00e9 une cr\u00e9ature ex nihilo. 4 ans de gouvernement des Moujahidins Afghans, de loin moins rigoristes, ont fini par les d\u00e9loger par des \u00e9tudiants bien enfonc\u00e9s dans l\u2019ignorance des apports du savoir humaniste universel. Comme quoi l\u2019arroseur peut bien \u00eatre arros\u00e9.<\/font><\/span><\/div>\n<div><i><span lang=\"NO-BOK\"><font face=\"Arial\">* Enseignant universitaire.<\/font><\/span><\/i><\/div>\n<div>\u00a0<\/div>\n<div><em>(Source: Nawaat.org le 3 mai 2011)<\/em><\/div>\n<div><a href=\"http:\/\/nawaat.org\/portail\/2011\/05\/03\/le-professeur-moncef-ben-salem-ministre-de-lenseignement-public\/\" target=\"_blank\" title=\"http:\/\/nawaat.org\/portail\/2011\/05\/03\/le-professeur-moncef-ben-salem-ministre-de-lenseignement-public\/\" rel=\"noopener\">http:\/\/nawaat.org\/portail\/2011\/05\/03\/le-professeur-moncef-ben-salem-ministre-de-lenseignement-public\/<\/a><\/div>\n<hr\/>\n<div><b><span dir=\"rtl\" lang=\"AR-SA\"><font face=\"Arial\">****************************************************************************************<\/font><\/span><\/b><\/div>\n<div align=\"center\">\u00a0<\/div>\n<div>\u00a0<\/div>\n<div>\u00a0<\/div>\n<div align=\"center\"><b><span lang=\"NO-BOK\"><\/p>\n<h3 style=\"color: blue;\"><font face=\"Arial\">La fin de la chape de plomb\u2026<\/font><\/h3>\n<p><\/span><\/b><\/div>\n<div align=\"center\"><b><span lang=\"NO-BOK\"><\/p>\n<hr\/>\n<p><\/span><\/b><\/div>\n<div><i><span lang=\"NO-BOK\"><font face=\"Arial\">Jusqu\u2019\u00e0 pr\u00e9sent, nous avons re\u00e7u 71 demandes de licence de cr\u00e9ation de radios et 25 demandes de t\u00e9l\u00e9visions<\/font><\/span><\/i><\/div>\n<div><span lang=\"NO-BOK\"> <font face=\"Arial\">Journaliste revenu de l\u2019exil forc\u00e9, apr\u00e8s la r\u00e9volution, pour avoir \u00e9t\u00e9 emp\u00each\u00e9 d\u2019exercer sa profession dans les r\u00e8gles de l\u2019art, renvoy\u00e9 \u00e0 deux reprises de l\u2019Agence Tunis-Afrique Presse (TAP) en 1978 et en 1994, Kamel Labidi a \u00e9t\u00e9 nomm\u00e9 pr\u00e9sident de l\u2019Instance nationale pour la r\u00e9forme de l\u2019information et de la communication (Inric), cr\u00e9\u00e9e le 25 f\u00e9vrier 2011.<\/font><\/span><\/div>\n<div><span lang=\"NO-BOK\"> <\/span><span lang=\"FR-CH\"><font face=\"Arial\">Durant ces 17 ann\u00e9es d\u2019exil, il a collabor\u00e9, par des opinions, \u00e0 plusieurs journaux \u00e9trangers : Le Monde diplomatique, en France, le Daily Star, \u00e0 Beyrouth, le Cairo-Times, The Guardian, le New York Times et Herald Tribune aux Etats-Unis. Il a travaill\u00e9 pour Amnesty International, notamment au bureau r\u00e9gional de Beyrouth, des territoires occup\u00e9s palestiniens, et comme repr\u00e9sentant aux comit\u00e9s pour la protection des journalistes, au Moyen-Orient et en Afrique du Nord, bas\u00e9s au Caire et \u00e0 Washington.<\/font><\/span><\/div>\n<div><span lang=\"FR-CH\"> <font face=\"Arial\">Pendant plusieurs ann\u00e9es, jusqu\u2019\u00e0 il y a trois mois, il a travaill\u00e9 au sein de l\u2019Aifex (International Freedom of Expression Exchange), une organisation regroupant plus de 80 ONG qui d\u00e9fendent la libert\u00e9 d\u2019expression.<\/font><\/span><\/div>\n<div><span lang=\"FR-CH\"> <\/span><span lang=\"NO-BOK\"><font face=\"Arial\">A l\u2019occasion de la Journ\u00e9e mondiale de la libert\u00e9 de la presse, nous l\u2019avons rencontr\u00e9.<\/font><\/span><\/div>\n<div><span lang=\"NO-BOK\"> <\/span><font face=\"Arial\"><span lang=\"FR-CH\">Il a \u00e9voqu\u00e9 l\u2019Instance, qu\u2019il pr\u00e9side, sa mission et ses attributions ainsi que le paysage m\u00e9diatique, apr\u00e8s la r\u00e9volution, et le travail accompli au sein de l\u2019Inric. <\/span><span lang=\"NO-BOK\">Ecoutons-le.<\/span><\/font><\/div>\n<div><span lang=\"NO-BOK\"> <b><font face=\"Arial\">Le 3 mai, Journ\u00e9e mondiale de la libert\u00e9 de la presse, a cette ann\u00e9e, vous en convenez, une saveur particuli\u00e8re en raison de la r\u00e9volution. <\/font><\/b><\/span><b><span lang=\"FR-CH\"><font face=\"Arial\">Qu\u2019en dites-vous<\/font><font face=\"Cambria Math\">\u2008<\/font><font face=\"Arial\">?<\/font><\/span><\/b><span lang=\"FR-CH\"> <font face=\"Arial\">Ce go\u00fbt particulier est celui de la libert\u00e9. Car c\u2019est la premi\u00e8re fois que la Tunisie c\u00e9l\u00e8bre cette journ\u00e9e sans qu\u2019il y ait des journalistes tunisiens en prison. <\/font><\/span><span lang=\"NO-BOK\"><font face=\"Arial\">En outre, la presse n\u2019est plus musel\u00e9e comme elle l\u2019a \u00e9t\u00e9 pendant les deux derni\u00e8res d\u00e9cennies o\u00f9, sous Ben Ali, la Tunisie est devenue l\u2019un des pays ennemis de la libert\u00e9 de la presse et de l\u2019internet. Jamais depuis la cr\u00e9ation du premier journal dans notre pays, Erra\u00efd Ettounsi en 1860, La Presse et l\u2019ensemble des m\u00e9dias n\u2019ont \u00e9t\u00e9 aussi \u00e9touff\u00e9s et mis au pas par un r\u00e9gime r\u00e9pressif et dictatorial. Pis, l\u2019hostilit\u00e9 de Ben Ali envers la presse libre et ind\u00e9pendante est m\u00eame sup\u00e9rieure \u00e0 celle de la plupart des r\u00e9sidents g\u00e9n\u00e9raux sous le protectorat fran\u00e7ais de 1881 \u00e0 1956.<\/font><\/span><\/div>\n<div><span lang=\"NO-BOK\"> <font face=\"Arial\"><b>Comment jugez-vous le paysage m\u00e9diatique apr\u00e8s la r\u00e9volution ?<\/b> Je peux dire qu\u2019il n\u2019y a plus de ligne rouge, qu\u2019il y a une certaine libert\u00e9 de ton, ainsi que des efforts de la part de la plupart des m\u00e9dias et journalistes pour exercer correctement leur m\u00e9tier, mais beaucoup reste \u00e0 faire tant le poids et la chape de plomb des ann\u00e9es Ben Ali ont provoqu\u00e9 de s\u00e9rieux d\u00e9g\u00e2ts. Les journalistes, en fait, n\u2019ont pas encore eu le temps de se ressourcer, de se recycler apr\u00e8s tant d\u2019ann\u00e9es de confiscation de la parole et de la libert\u00e9 de presse et d\u2019expression. J\u2019aurais aim\u00e9 que la profession tire les enseignements de la situation ant\u00e9rieure et s\u2019engage \u00e0 ne plus se laisser manipuler par les gouvernants.<\/font><font face=\"Cambria Math\">\u2008<\/font><font face=\"Arial\">J\u2019aurais aim\u00e9, aussi, que les journalistes qui \u00e9taient sur le devant de la sc\u00e8ne faisant l\u2019apologie de Ben Ali, en le pr\u00e9sentant comme un sauveur et un h\u00e9ros, s\u2019\u00e9clipsent quelque peu en laissant la place \u00e0 leurs confr\u00e8res et cons\u0153urs qui n\u2019ont pas \u00e9t\u00e9 aussi impliqu\u00e9s qu\u2019eux.<\/font><font face=\"Cambria Math\">\u2008<\/font><font face=\"Arial\">Car, \u00e0 mon avis, c\u2019est l\u00e0 la meilleure mani\u00e8re de permettre aux m\u00e9dias de se r\u00e9concilier avec leur public et d\u2019en terminer, je l\u2019esp\u00e8re, avec la chape de plomb.<\/font><\/span><\/div>\n<div><span lang=\"NO-BOK\"> <font face=\"Arial\"><b>Pr\u00e9sentez-nous les principales attributions et missions de l\u2019Inric.<\/b> L\u2019Inric a \u00e9t\u00e9 cr\u00e9\u00e9e le 25 f\u00e9vrier 2011 par un d\u00e9cret minist\u00e9riel.<\/font><font face=\"Cambria Math\">\u2008<\/font><font face=\"Arial\">Le premier gouvernement provisoire d\u00e9sirait une instance pour superviser le secteur audiovisuel comme le CSA (Conseil sup\u00e9rieur de l\u2019audiovisuel) en France ou en Belgique.<\/font><font face=\"Cambria Math\">\u2008<\/font><font face=\"Arial\">Apr\u00e8s consultation avec les journalistes, il s\u2019est av\u00e9r\u00e9 que tout le secteur, entre presse \u00e9crite et audiovisuelle, avait plut\u00f4t besoin d\u2019une instance de r\u00e9flexion, qui pr\u00e9sente des propositions au gouvernement, cela afin de tourner d\u00e9finitivement la page Ben Ali et d\u2019en finir avec la mainmise du pouvoir ex\u00e9cutif sur les m\u00e9dias. Et de faciliter, par ailleurs, l\u2019\u00e9mergence de nouvelles structures de r\u00e9gulation mettant un terme au monopole de l\u2019Etat sur les m\u00e9dias publics et de garantir leur ind\u00e9pendance. Pour parvenir \u00e0 cette fin, l\u2019Inric, qui a tenu \u00e0 \u00eatre ind\u00e9pendante, puisque les membres ont \u00e9t\u00e9 choisis par son pr\u00e9sident apr\u00e8s consultation avec les confr\u00e8res et cons\u0153urs, s\u2019est employ\u00e9e \u00e0 rencontrer un bon nombre de journalistes de la capitale et des r\u00e9gions. <\/font><\/span><span lang=\"FR-CH\"><font face=\"Arial\">Cela dans le but d\u2019identifier les obstacles et les probl\u00e8mes qui les emp\u00eachent de pratiquer correctement et librement leur m\u00e9tier. L\u2019Inric a \u00e9galement recueilli leurs suggestions et recommandations afin que jamais les m\u00e9dias ne connaissent ce qu\u2019ils ont v\u00e9cu auparavant et ne reviennent plus jamais en arri\u00e8re. Ces rencontres avec les journalistes se poursuivent encore aujourd\u2019hui et nous allons, \u00e0 leur terme, soumettre un rapport au gouvernement et \u00e0 la future Assembl\u00e9e constituante. Ce rapport sera en m\u00eame temps rendu public et l\u2019opinion publique sera inform\u00e9e de toutes les recommandations fond\u00e9es sur une observation rigoureuse du terrain, et de toutes les suggestions faites \u00e0 partir de l\u2019analyse des journalistes, des conclusions tir\u00e9es des ateliers de travail et des exp\u00e9riences observ\u00e9es dans les pays d\u00e9mocratiques o\u00f9 la presse est libre tels la Grande-Bretagne, l\u2019Espagne, le Portugal, l\u2019Afrique du Sud, l\u2019Argentine, le Chili, etc. Enfin, notre mission est claire : proposer des recommandations susceptibles de garantir l\u2019ind\u00e9pendance des m\u00e9dias, rehausser la qualit\u00e9 et l\u2019image de la profession et r\u00e9concilier les m\u00e9dias, jadis utilis\u00e9s comme instruments de propagande et de d\u00e9sinformation, avec le public.<\/font><\/span><\/div>\n<div><span lang=\"FR-CH\"> <font face=\"Arial\"><b>Le fait que vous soyez une instance uniquement consultative, n\u2019est-ce pas l\u00e0 r\u00e9duire son importance et son impact ?<\/b> Consid\u00e9rant qu\u2019il s\u2019agit d\u2019une p\u00e9riode transitoire o\u00f9 le gouvernement provisoire souffre d\u2019un d\u00e9ficit de l\u00e9gitimit\u00e9, le pays a plus besoin, \u00e0 mon avis, de propositions et de recommandations que de d\u00e9cisions. C\u2019est pourquoi j\u2019ai tenu moi-m\u00eame, apr\u00e8s consultation de nombreux confr\u00e8res, cons\u0153urs et acteurs de la soci\u00e9t\u00e9 civile, \u00e0 ce que l\u2019instance soit uniquement consultative avec pour mission de pr\u00e9parer le terrain \u00e0 l\u2019\u00e9mergence de structures ind\u00e9pendantes de r\u00e9gulation du secteur.<\/font><\/span><\/div>\n<div><span lang=\"FR-CH\"> <font face=\"Arial\"><b>Avez-vous accompli un travail complet englobant tout le paysage m\u00e9diatique ?<\/b> Il s\u2019agit d\u2019un travail \u00e9norme et de longue haleine, tous les membres de l\u2019Inric, \u00e0 l\u2019exception du pr\u00e9sident, sont des volontaires qui ont d\u2019autres obligations professionnelles. Le travail de collecte des informations et des propositions ainsi que les ateliers de travail destin\u00e9s \u00e0 approfondir la r\u00e9flexion sur les moyens les plus efficaces de doter le pays de structures ind\u00e9pendantes et d\u00e9mocratiques se poursuit. Il y a aussi le travail de formation des journalistes, y compris dans le domaine de la couverture d\u2019\u00e9lections libres et d\u00e9mocratiques.<\/font><\/span><\/div>\n<div><span lang=\"FR-CH\"> <font face=\"Arial\"><b>Est-ce que l\u2019instance s\u2019autosaisit ou est-elle saisie par d\u2019autres parties tels les journalistes, les d\u00e9cideurs, les partis, etc. ? Y a-t-il eu des plaintes pour des cas de censure, de d\u00e9rapages de la part des journalistes ?<\/b> Nous travaillons avec les journalistes et les experts tunisiens et \u00e9trangers et nous recevons r\u00e9guli\u00e8rement des propositions \u00e9crites formul\u00e9es par des journalistes pour am\u00e9liorer la qualit\u00e9 de l\u2019information et de la couverture de l\u2019actualit\u00e9, notamment en vue des prochaines \u00e9lections. Nous recevons aussi des plaintes de journalistes d\u00e9non\u00e7ant des atteintes au libre exercice de la profession par leurs sup\u00e9rieurs hi\u00e9rarchiques, entre r\u00e9dacteurs en chef et directeurs, et des cas de censure. Beaucoup de journalistes d\u00e9plorent le fait que la situation de la gestion des r\u00e9dactions, au sein de leur entreprise, est demeur\u00e9e inchang\u00e9e et que les responsables de ces journaux travaillent comme par le pass\u00e9, sur instructions et coups de fil, n\u2019ayant pas encore int\u00e9rioris\u00e9 les nouvelles exigences du m\u00e9tier apr\u00e8s la R\u00e9volution. Certains journalistes d\u00e9plorent \u00e9galement que les services de presse et les attach\u00e9s de presse des diff\u00e9rents minist\u00e8res perp\u00e9tuent les m\u00eames m\u00e9thodes d\u2019antan, comme si le pays \u00e9tait encore sous la coupe de la dictature. D\u2019autres confr\u00e8res et cons\u0153urs d\u00e9noncent la pr\u00e9sence et l\u2019influence des anciens thurif\u00e9raires de Ben Ali et de son \u00e9pouse. Ils sont r\u00e9volt\u00e9s de voir que des individus qui avaient \u00e9t\u00e9 charg\u00e9s par les conseillers du pr\u00e9sident d\u00e9chu de s\u2019attaquer \u00e0 des coll\u00e8gues, femmes et hommes, ainsi qu\u2019\u00e0 des opposants politiques occupent encore des postes importants au sein de ces m\u00e9dias publics et priv\u00e9s.<\/font><\/span><\/div>\n<div><span lang=\"FR-CH\"> <font face=\"Arial\"><b>La composition de l\u2019Inric a suscit\u00e9 certains remous concernant certains de ses membres qui ont \u00e9t\u00e9 vivement contest\u00e9s. Qu\u2019en est-il ?<\/b> A l\u2019heure o\u00f9 il importe pour notre m\u00e9tier de r\u00e9duire, par l\u2019effort, la comp\u00e9tence et le respect de la d\u00e9ontologie, le foss\u00e9 de m\u00e9fiance et de rejet creus\u00e9 par l\u2019ancien r\u00e9gime entre les journalistes et les citoyens, nous gagnerions \u00e0 nous abstenir de lancer des accusations sans fondement ou de nous enliser dans les pol\u00e9miques st\u00e9riles qui n\u2019auront que des r\u00e9percussions n\u00e9gatives sur notre m\u00e9tier en ternissant son image devant l\u2019opinion publique.<\/font><\/span><\/div>\n<div><span lang=\"FR-CH\"> <b><font face=\"Arial\">Quelle est votre position sur l\u2019affaire de radio \u00abKalima\u00bb<\/font><\/b><\/span><b><span lang=\"FR-CH\"><font face=\"Cambria Math\">\u2008<\/font><font face=\"Arial\">?<\/font><\/span><\/b><span lang=\"FR-CH\"> <font face=\"Arial\">Notre instance a \u00e9t\u00e9 cr\u00e9\u00e9e, nous l\u2019avons d\u00e9j\u00e0 dit, pour doter le pays de m\u00e9canismes de r\u00e9gulation dignes de la R\u00e9volution et d\u2019un pays d\u00e9mocratique. Donc tout en reconnaissant le fait que radio \u00abKalima\u00bb a \u00e9t\u00e9 emp\u00each\u00e9e d\u2019\u00e9mettre sous Ben Ali et que ses promoteurs et journalistes ont \u00e9t\u00e9 pers\u00e9cut\u00e9s et attaqu\u00e9s, il s\u2019agit maintenant de traiter tous les dossiers d\u2019une mani\u00e8re \u00e9quitable et transparente. Ce qui serait achev\u00e9 avant la fin de ce mois-ci.<\/font><\/span><\/div>\n<div><span lang=\"FR-CH\"> <font face=\"Arial\">L\u2019examen de ces dossiers est en cours et l\u2019Inric ne tardera pas \u00e0 soumettre au gouvernement son avis au sujet de ces demandes de licences de radios et de t\u00e9l\u00e9visions. Nous avons \u00e9labor\u00e9 des crit\u00e8res tels que les profils des promoteurs, les sources de financement, la nature des projets, leurs objectifs, l\u2019\u00e9tude technique, le plan de travail (Business plan), les programmes. Il faut aussi consid\u00e9rer une donn\u00e9e importante concernant les radios, \u00e0 savoir que l\u2019Office national de t\u00e9l\u00e9diffusion ne cesse de rappeler que les fr\u00e9quences radio disponibles pour le moment sont tr\u00e8s r\u00e9duites, notamment sur le Grand-Tunis. Concernant, maintenant, les radios qui veulent arroser tout le pays, sachons qu\u2019environ deux tiers des fr\u00e9quences sont utilis\u00e9s par les radios publiques telles que la Nationale, Rtci, Ethaqafia, Radio-Jeunes et les radios r\u00e9gionales. Sans compter qu\u2019un bon nombre de fr\u00e9quences restantes sont utilis\u00e9es par des stations de radios priv\u00e9es qui ont vu le jour sous Ben Ali et qui ont \u00e9t\u00e9 cr\u00e9\u00e9es par ses proches et amis.<\/font><\/span><\/div>\n<div><span lang=\"FR-CH\"> <font face=\"Arial\"><b>Combien avez-vous re\u00e7u de demandes de licence ?<\/b> Jusqu\u2019\u00e0 pr\u00e9sent, nous avons re\u00e7u 71 demandes de radios et 25 demandes de t\u00e9l\u00e9visions.<\/font><\/span><\/div>\n<div><span lang=\"FR-CH\"> <b><font face=\"Arial\">Plusieurs parties nationales et internationales ont cr\u00e9\u00e9, sous forme d\u2019ONG, des r\u00e9seaux de contr\u00f4le du respect de la d\u00e9ontologie en Tunisie.<\/font><\/b><\/span><b><span lang=\"FR-CH\"><font face=\"Cambria Math\">\u2008<\/font><font face=\"Arial\">Cela ne fait-il pas de l\u2019ombre \u00e0 votre instance ?<\/font><\/span><\/b><span lang=\"FR-CH\"> <font face=\"Arial\">Tout travail de nature \u00e0 faire la lumi\u00e8re sur le degr\u00e9 de conformit\u00e9 de nos m\u00e9dias avec les normes internationales de libert\u00e9 de la presse, qu\u2019il soit l\u2019\u0153uvre d\u2019ONG locales ou internationales, est le bienvenu.<\/font><font face=\"Cambria Math\">\u2008<\/font><font face=\"Arial\">Car il s\u2019agit de d\u00e9fendre la libert\u00e9 d\u2019expression.<\/font><font face=\"Cambria Math\">\u2008<\/font><font face=\"Arial\">Mais ce qui importe, c\u2019est que les ONG tunisiennes devraient coordonner leurs efforts, intensifier leur coop\u00e9ration avant de traiter avec des organismes ou fondations donateurs et \u00e9tablir, enfin, des priorit\u00e9s dans le domaine de la promotion et de la protection des m\u00e9dias.<\/font><\/span><\/div>\n<p><span lang=\"FR-CH\"><\/p>\n<div> <b><font face=\"Arial\">Vous avez rejet\u00e9 la premi\u00e8re \u00e9bauche de la sous-commission \u00e9manant de l\u2019Instance sup\u00e9rieure de la r\u00e9forme politique.<\/font><\/b><b><span lang=\"FR-CH\"><font face=\"Cambria Math\">\u2008<\/font><font face=\"Arial\">O\u00f9 en sont actuellement les choses ?<\/font><\/span><\/b><span lang=\"FR-CH\"> <font face=\"Arial\">La sous-commission a \u00e9labor\u00e9 un projet de code de la presse liberticide et non conforme aux normes internationales de la libert\u00e9 d\u2019expression.<\/font><font face=\"Cambria Math\">\u2008<\/font><font face=\"Arial\">R\u00e9sultat : il a \u00e9t\u00e9 rejet\u00e9 aussi bien par notre instance que par le Snjt (Syndicat national des journalistes tunisiens). Mais, actuellement, la sous-commission travaille en collaboration avec l\u2019Inric et le Snjt pour un autre projet de texte qui prot\u00e8gera r\u00e9ellement la libert\u00e9 de la presse et le droit \u00e0 l&rsquo;acc\u00e8s aux sources de l\u2019information, au sein de l\u2019administration, et qui dotera le pays de structures ind\u00e9pendantes pour la r\u00e9gulation des m\u00e9dias.<\/font><\/span><\/div>\n<div>\u00a0<\/div>\n<div><span lang=\"EN-US\"><font face=\"Arial\"><strong>Source: \u201cLa Presse\u201d Le 03-05-2011<\/strong><\/font><\/span><\/div>\n<hr\/>\n<div>\u00a0<\/div>\n<div>\u00a0<\/div>\n<div align=\"center\"><b><span lang=\"FR\"><\/p>\n<h3 style=\"color: blue;\"><font face=\"Arial\">Que devient Farhat Rajhi ?<\/font><\/h3>\n<p><\/span><\/b><\/div>\n<div align=\"center\"><b><span lang=\"FR\"><\/p>\n<hr\/>\n<p><\/span><\/b><\/div>\n<div><span lang=\"FR\"><font face=\"Arial\">Coqueluche, il y a un mois, des facebookers, Farhat Rajhi a disparu de la toile apr\u00e8s son d\u00e9part du minist\u00e8re de l\u2019int\u00e9rieur. Et pour cause. Il est accapar\u00e9 par son travail \u00e0 la t\u00eate du Comit\u00e9 Sup\u00e9rieur des Droits de l\u2019Homme et des Libert\u00e9s Fondamentales. Une t\u00e2che qui lui tient particuli\u00e8rement \u00e0 coeur. C\u2019est qu\u2019il nourrit de grandes ambitions pour cette institution cr\u00e9\u00e9e, en 1991 et confin\u00e9e depuis, dans un r\u00f4le purement d\u00e9coratif. Son objectif : \u00ab une mise \u00e0 niveau globale du CSDHLF pour lui permettre de jouer pleinement son r\u00f4le en tant que l\u2019un des garants des acquis de la r\u00e9volution \u00bb. Une r\u00e9flexion en profondeur a \u00e9t\u00e9 engag\u00e9e pour y arriver. Il s\u2019agit d\u2019en finir avec les d\u00e9faillances qui avaient constitu\u00e9 autant d\u2019obstacles pour le Comit\u00e9 de mener \u00e0 bien la t\u00e2che qui lui avait \u00e9t\u00e9 assign\u00e9e. Un document cite parmi ces d\u00e9faillances, une quasi absence de l\u2019ind\u00e9pendance \u00e0 l\u2019\u00e9gard de l&rsquo;autorit\u00e9 du Pr\u00e9sident de la r\u00e9publique et de ses proches collaborateurs (conseillers&#8230;), une faible pluralit\u00e9 et diversit\u00e9 des membres de cette institution, surtout au niveau des personnalit\u00e9s nationales et des associations concern\u00e9es par les droits de l\u2019Homme et une quasi absence de l\u2019ind\u00e9pendance dans la proc\u00e9dure de choix des membres du CSDHLF, de leur nomination, de leur d\u00e9mission ou r\u00e9vocation.<\/font><\/span><\/div>\n<div><span lang=\"FR\"><font face=\"Arial\">Analysant la situation actuelle, le document rel\u00e8ve \u00ab un certain nombre de points positifs en mati\u00e8re de libert\u00e9 d\u2019expression et d\u2019association comme la proclamation d&rsquo;une amnistie, la l\u00e9galisation de 85 associations exer\u00e7ant dans le domaine des droits de l\u2019homme qui \u00e9taient interdites et d\u2019une soixantaine de partis, la cr\u00e9ation de structures nationales de veille et de contr\u00f4le et de l&rsquo;Instance Nationale ind\u00e9pendante des \u00e9lections ainsi que l\u2019adh\u00e9sion de la Tunisie \u00e0 un certain nombre de conventions et de protocoles. Il y a lieu \u00e9galement de signaler l\u2019\u00e9laboration d&rsquo;un projet de d\u00e9cret-loi relatif au cadre juridique du CSDHLF qui sera soumis pour approbation au Pr\u00e9sident par int\u00e9rim dans les prochains jours.<\/font><\/span><\/div>\n<div><span lang=\"FR\"><font face=\"Arial\">De nouvelles attributions pour le CSDHLF<\/font><\/span><\/div>\n<div><span lang=\"FR\"><font face=\"Arial\">Les attributions de cette institution ont \u00e9t\u00e9 \u00e9galement \u00e9largies pour qu&rsquo;elles couvrent toutes les dispositions des Principes de Paris et la jurisprudence qui lui ont succ\u00e9d\u00e9 depuis 1993, comme la possibilit\u00e9 de s&rsquo;autosaisir ou suite \u00e0 la r\u00e9ception d&rsquo;une requ\u00eate-de toute question portant sur les cas de violation des droits de l\u2019Homme et des libert\u00e9s fondamentales et d\u2019\u00e9mettre des avis sur des questions relatives aux droits de l\u2019homme et aux libert\u00e9s publiques soumises par le Pr\u00e9sident de la R\u00e9publique, le gouvernement et les institutions constitutionnelles, de recevoir les requ\u00eates et les plaintes individuelles et collectives provenant des citoyens tunisiens et des \u00e9trangers se trouvant en Tunisie \u00e0 propos des violations ayant trait aux droits de l\u2019Homme et aux libert\u00e9s publiques ou d\u2019effectuer, sans pr\u00e9avis, des visites dans les \u00e9tablissements p\u00e9nitentiaires et de r\u00e9\u00e9ducation, les centres de d\u00e9tention, les centres d&rsquo;h\u00e9bergement ou d&rsquo;observation des enfants, les organismes sociaux charg\u00e9s des personnes ayant des besoins sp\u00e9cifiques, et ce, en vue de s&rsquo;assurer de l\u2019application de la l\u00e9gislation nationale relative aux droits de l\u2019Homme et aux libert\u00e9s publiques en conformit\u00e9 avec les conventions relatives aux droits de l\u2019Homme ratifi\u00e9es par la Tunisie.<\/font><\/span><\/div>\n<div><span lang=\"FR\"><font face=\"Arial\">Toutes ces mesures devront concourir \u00e0 faire du CSDHLF, une institution nationale totalement ind\u00e9pendante dot\u00e9e de la personnalit\u00e9 juridique et de l\u2019autonomie financi\u00e8re visant la promotion et la protection des droits de l\u2019Homme, la consolidation de leurs valeurs, la diffusion de leur culture et la contribution \u00e0 la garantie de leur exercice. Une institution qui ne re\u00e7oit des instructions d&rsquo;aucun pouvoir public pourra ainsi remplir pleinement sa mission.<\/font><\/span><\/div>\n<div><span lang=\"FR\"><font face=\"Arial\">Pour l\u2019avenir, le travail de cette institution sera focalis\u00e9 aussi sur la n\u00e9cessit\u00e9 pour le Gouvernement, d&rsquo;introduire des r\u00e9formes profondes en mati\u00e8re de justice, de s\u00e9curit\u00e9 ainsi que dans le domaine \u00e9conomique et la corruption.<\/font><\/span><\/div>\n<div><span lang=\"FR\"><font face=\"Arial\">Parmi les propositions \u00e9mises, on retiendra celles de l\u2019abolition de la peine de mort, la r\u00e9vision du statut de la magistrature et l\u2019assainissement des structures de s\u00e9curit\u00e9.<\/font><\/span><\/div>\n<div>\u00a0<\/div>\n<div>\u00a0<\/div>\n<div>\u00a0<\/div>\n<div>\u00a0<\/div>\n<div><i><u><span lang=\"FR-CH\"><font face=\"Arial\">AFP, le 4 mai 2011 \u00e0 11h22 GMT<\/font><\/span><\/u><\/i><\/div>\n<div><i><u><span lang=\"FR-CH\"><\/p>\n<hr\/>\n<p><\/span><\/u><\/i><\/div>\n<div align=\"center\"><b><span lang=\"FR-CH\"><\/p>\n<h3 style=\"color: blue;\"><font face=\"Arial\">Maroc: pas d&rsquo;arrestations \u00ab\u00a0aveugles\u00a0\u00bb apr\u00e8s l&rsquo;attentat, se f\u00e9licitent des islamistes<\/font><\/h3>\n<p><\/span><\/b><\/div>\n<div align=\"center\"><b><span lang=\"FR-CH\"><\/p>\n<hr\/>\n<p><\/span><\/b><\/div>\n<div><span lang=\"FR-CH\"><font face=\"Arial\">Par Caroline TAIX <\/font><\/span><\/div>\n<div><span lang=\"FR-CH\"><font face=\"Arial\">Rabat, 04 Mai 2011 (AFP) &#8211; Des islamistes marocains se disent rassur\u00e9s par le fait qu&rsquo;il n&rsquo;y ait pas eu d&rsquo;arrestations massives et \u00ab\u00a0aveugles\u00a0\u00bb apr\u00e8s l&rsquo;attentat meurtrier du 28 avril \u00e0 Marrakech, comme cela avait \u00e9t\u00e9 le cas au lendemain des attentats de 2003.<\/font><\/span><\/div>\n<div><span lang=\"FR-CH\"><font face=\"Arial\">\u00ab\u00a0Il n&rsquo;y a pas pour l&rsquo;instant de r\u00e9action aveugle et c&rsquo;est rassurant\u00a0\u00bb, dit Nadia Yassine, du mouvement islamiste Justice et bienfaisance, l&rsquo;un des plus importants au Maroc, interdit mais tol\u00e9r\u00e9 par les autorit\u00e9s. <\/font><\/span><\/div>\n<div><span lang=\"FR-CH\"><font face=\"Arial\">Pr\u00e8s d&rsquo;une semaine apr\u00e8s l&rsquo;attentat de Marrakech qui a fait 16 morts sur la touristique place Jam\u00e2a El-Fna, il n&rsquo;y a officiellement pas eu d&rsquo;arrestation. Et s&rsquo;il n&rsquo;a pas \u00e9t\u00e9 revendiqu\u00e9, les autorit\u00e9s montrent du doigt Al-Qa\u00efda.<\/font><\/span><\/div>\n<div><span lang=\"FR-CH\"><font face=\"Arial\">Nadia Yassine se souvient en revanche de \u00ab\u00a0coups de filet \u00e0 l&rsquo;aveuglette en 2003\u00a0\u00bb. \u00ab\u00a0Ils avaient ramass\u00e9 un peu tout le monde, dans les mosqu\u00e9es\u00a0\u00bb, dit-elle. Apr\u00e8s les attaques kamikazes \u00e0 Casablanca en mai 2003 qui avaient fait 45 morts dont les 12 kamikazes, des centaines d&rsquo;islamistes avaient \u00e9t\u00e9 plac\u00e9s derri\u00e8re les barreaux.<\/font><\/span><\/div>\n<div><span lang=\"FR-CH\"><font face=\"Arial\">\u00ab\u00a0Le roi est impliqu\u00e9 dans un processus progressiste, tout le monde a envie d&rsquo;avancer\u00a0\u00bb, dit Nadia Yassine. Son mouvement avait tr\u00e8s vite condamn\u00e9 l&rsquo;attentat de Marrakech et demand\u00e9 que \u00ab\u00a0les atteintes aux droits de l&rsquo;homme qui ont suivi les attentats du 16 mai 2003 \u00e0 Casablanca ne se reproduisent pas\u00a0\u00bb.<\/font><\/span><\/div>\n<div><span lang=\"FR-CH\"><font face=\"Arial\">Le jour m\u00eame de l&rsquo;attentat de Marrakech, Mohammed VI a appel\u00e9 \u00e0 respecter \u00ab\u00a0la primaut\u00e9 de la loi\u00a0\u00bb et \u00e0 oeuvrer \u00e0 \u00ab\u00a0la pr\u00e9servation de la qui\u00e9tude et de la s\u00e9curit\u00e9 des personnes et des biens\u00a0\u00bb. <\/font><\/span><\/div>\n<div><span lang=\"FR-CH\"><font face=\"Arial\">En plein \u00ab\u00a0printemps arabe\u00a0\u00bb apr\u00e8s des manifestations pour des changements politiques, le roi a annonc\u00e9 en mars des r\u00e9formes constitutionnelles. Le 14 avril, il a lib\u00e9r\u00e9 de nombreux d\u00e9tenus politiques dont des islamistes.<\/font><\/span><\/div>\n<div><span lang=\"FR-CH\"><font face=\"Arial\">\u00ab\u00a0Au d\u00e9but, on avait des craintes qu&rsquo;il y ait un recul par rapport aux droits de l&rsquo;homme (&#8230;) mais je crois qu&rsquo;elles ne sont plus de mise\u00a0\u00bb, affirme S\u00e2ad-Eddine Othmani, d\u00e9put\u00e9 et membre dirigeant du parti Justice et d\u00e9veloppement (PJD, opposition islamiste repr\u00e9sent\u00e9e au Parlement).<\/font><\/span><\/div>\n<div><span lang=\"FR-CH\"><font face=\"Arial\">\u00ab\u00a0Je crois qu&rsquo;on est \u00e0 un point de non-retour au Maroc et que plus personne n&rsquo;acceptera des d\u00e9passements ou des arrestations injustifi\u00e9es\u00a0\u00bb, poursuit-il.<\/font><\/span><\/div>\n<div><span lang=\"FR-CH\"><font face=\"Arial\">Le politologue sp\u00e9cialiste de l&rsquo;islamisme Mohamed Darif se f\u00e9licite aussi qu&rsquo;on n&rsquo;ait \u00ab\u00a0pas commis les erreurs des attentats de 2003\u00a0\u00bb. \u00ab\u00a0Il y a eu cette campagne d&rsquo;arrestations ill\u00e9gales et on a bien compris la le\u00e7on\u00a0\u00bb, dit-il.<\/font><\/span><\/div>\n<div><span lang=\"FR-CH\"><font face=\"Arial\">L&rsquo;attentat de Marrakech a \u00e9t\u00e9 condamn\u00e9 par les islamistes du PJD et de Justice et bienfaisance, qui d\u00e9noncent traditionnellement la violence.<\/font><\/span><\/div>\n<div><span lang=\"FR-CH\"><font face=\"Arial\">Les salafistes, aussi, ont fait entendre leur voix: \u00ab\u00a0C&rsquo;est un acte de folie perp\u00e9tr\u00e9 par des personnes qui ne croient \u00e0 aucune religion\u00a0\u00bb, a dit au quotidien Aujourd&rsquo;hui Le Maroc le cheikh Mohamed Fizazi qui a b\u00e9n\u00e9fici\u00e9 de la gr\u00e2ce royale du 14 avril apr\u00e8s avoir \u00e9t\u00e9 condamn\u00e9 \u00e0 30 ans de prison suite aux attentats de Casablanca.<\/font><\/span><\/div>\n<div><span lang=\"FR-CH\"><font face=\"Arial\">Dans une vid\u00e9o sur internet, de jeunes salafistes en prison affirment \u00eatre \u00ab\u00a0victimes\u00a0\u00bb de l&rsquo;attentat de Marrakech. Selon eux, il vise \u00e0 emp\u00eacher que la lumi\u00e8re soit faite sur les abus ayant suivi les attaques de 2003. <\/font><\/span><\/div>\n<div><span lang=\"FR-CH\"><font face=\"Arial\">\u00ab\u00a0Les responsables de cet acte veulent que les prisonniers d&rsquo;opinion restent en prison\u00a0\u00bb, estime Mohamed Fizazi. Des sources concordantes avancent qu&rsquo;une nouvelle liste de prisonniers susceptibles de b\u00e9n\u00e9ficier d&rsquo;une gr\u00e2ce royale \u00e9tait en pr\u00e9paration avant l&rsquo;attentat.<\/font><\/span><\/div>\n<div><span lang=\"FR-CH\"><font face=\"Arial\">\u00ab\u00a0On ne comprend pas \u00e0 qui profite le crime\u00a0\u00bb, d\u00e9clare de son c\u00f4t\u00e9 Nadia Yassine, avant d&rsquo;ajouter: \u00ab\u00a0beaucoup de Marocains sont tr\u00e8s sceptiques sur la th\u00e8se officielle\u00a0\u00bb qui soup\u00e7onne Al-Qa\u00efda.<\/font><\/span><\/div>\n<div><span lang=\"FR-CH\"><font face=\"Arial\">Interrog\u00e9 sur le fait que l&rsquo;attentat n&rsquo;ait pas \u00e9t\u00e9 revendiqu\u00e9, Khalid Naciri, porte-parole du gouvernement, a d\u00e9clar\u00e9: \u00ab\u00a0Je comprends parfaitement que l&rsquo;opinion publique soit sur sa faim\u00a0\u00bb. \u00ab\u00a0Si Al-Qa\u00efda n&rsquo;a pas revendiqu\u00e9, cela ne veut pas dire qu&rsquo;elle n&rsquo;est pas responsable\u00a0\u00bb, a-t-il ajout\u00e9, r\u00e9p\u00e9tant que \u00ab\u00a0toutes les hypoth\u00e8ses sont encore pr\u00e9sentes\u00a0\u00bb.<\/font><\/span><\/div>\n<div>\u00a0<\/div>\n<div><span dir=\"rtl\" lang=\"AR-SA\"><font face=\"Arial\">****************************************************<\/font><\/span><\/div>\n<div>\n<hr\/>\n<\/div>\n<p align=\"center\"><b><span lang=\"FR\"><\/p>\n<h3 style=\"color: blue;\"><font face=\"Arial\">La Tunisie vit sous la menace mafieuse des hommes de main de l&rsquo;ancien r\u00e9gime<\/font><\/h3>\n<p> <\/span><\/b><\/p>\n<hr\/>\n<p><\/span>\u00a0<\/p>\n<p align=\"justify\"><font face=\"Arial\">Par <\/font><font><a href=\"http:\/\/www.lemonde.fr\/sujet\/8e37\/benoit-delmas.html\" target=\"_blank\" rel=\"noopener\"><span lang=\"EN-US\"><font face=\"Arial\">Beno\u00eet Delmas<\/font><\/span><\/a><\/font><strong><font face=\"Arial\">*<\/font><\/strong><\/p>\n<p align=\"justify\"><font face=\"Arial\"><span lang=\"EN-US\"><font>Avec le calme que donne la certitude, Ali l\u00e2che : <em><span>\u00ab\u00a0D\u00e9gueulasse est un mot propre pour dire ce qu&rsquo;ils ont fait.\u00a0\u00bb<\/span><\/em> 48 ans, dont 23 sous <\/font><\/span><font><span lang=\"NO-BOK\"><a href=\"http:\/\/www.lemonde.fr\/sujet\/26ed\/ben-ali.html\" target=\"_blank\" rel=\"noopener\"><span lang=\"EN-US\"><font>Ben Ali<\/font><\/span><\/a><\/span><\/font><span lang=\"EN-US\"><font>, Ali a honte. Depuis son poste d&rsquo;observation, vingt-huit ans de taxi, il a tout vu, tout entendu, tout ressenti. La saloperie humaine, le vice et la perversion qu&rsquo;autorise l&rsquo;argent roi des mafieux. La supr\u00e9matie du fort, financi\u00e8rement parlant, sur le laborieux qui chaque matin courbait l&rsquo;\u00e9chine sous peine de prison, d&rsquo;interdiction de travail, de confiscation de sa marchandise. Pour Ali, rien n&rsquo;est fini.<\/font><\/span><\/font><\/p>\n<p align=\"justify\"><font face=\"Arial\"><em><span lang=\"EN-US\"><font>\u00ab\u00a0Ils sont encore l\u00e0\u00a0\u00bb<\/font><\/span><\/em><font><span lang=\"EN-US\">, jauge-t-il, les yeux pliss\u00e9s. Ce qu&rsquo;il dit sans ambages, ils sont de plus en plus nombreux \u00e0 le murmurer. Lorsque le despote quitta le pays, le 14 janvier \u00e0 17 h 52, les klaxons retentirent dans tout le pays. Deux heures plus tard, des 4\u00d74 d\u00e9boul\u00e8rent, vitres baiss\u00e9es, charg\u00e9s de miliciens arm\u00e9s du dernier cri. Les desperados du Rassemblement constitutionnel d\u00e9mocratique (RCD) avaient pour ordre de br\u00fbler le pays. Cinq jours de crimes suivirent le d\u00e9part de <\/span><span lang=\"NO-BOK\"><a href=\"http:\/\/www.lemonde.fr\/sujet\/9885\/zine-el-abidine.html\" target=\"_blank\" rel=\"noopener\"><span lang=\"EN-US\"><font>Zine El-Abidine<\/font><\/span><\/a><\/span><\/font><span lang=\"EN-US\"><font> Ben Ali. Cinq jours entre enfer et espoir. Cinq jours durant lesquels la population tunisienne \u00e9rigea des barrages de fortune, des barricades de bric et de broc. Avec des planches, des voitures calcin\u00e9es, des meubles, chaque quartier s&rsquo;organisa pour enfreindre le \u00ab\u00a0\u00e0 tombeaux ouverts\u00a0\u00bb des partisans de M. et M<sup>me<\/sup> Ben Ali. Un \u00e9lan de courage, de solidarit\u00e9 que le peuple tunisien ne doit jamais oublier.<\/font><\/span><\/font><\/p>\n<p align=\"justify\"><font face=\"Arial\"><span lang=\"EN-US\"><font>La r\u00e9volution s&rsquo;est jou\u00e9e le 14 janvier et les cinq jours qui suivirent. Hommes, femmes, vieillards, jeunes, handicap\u00e9s et enfants, tous furent des comit\u00e9s de quartier. Une vigueur nationale dont ils n&rsquo;eurent pas le souffle de se rendre compte. Personne n&rsquo;a pu f\u00eater la grande victoire. Aucun, aucune, n&rsquo;a pu danser, chanter le triomphe du peuple sur la force. Une r\u00e9volution confisqu\u00e9e par cinq jours de terreur. R\u00e9sultat : aucune union nationale. <\/font><\/span><span lang=\"NO-BOK\"><font>Et une grosse fatigue que les partisans de Ben Ali et des Trabelsi entretiennent.<\/font><\/span><\/font><\/p>\n<p align=\"justify\"><strong><span lang=\"NO-BOK\"><font face=\"Arial\">R\u00e8gne de la peur<\/font><\/span><\/strong><\/p>\n<p align=\"justify\"><font face=\"Arial\"><span lang=\"NO-BOK\"><font>D\u00e9sormais, la Tunisie vit sous la menace des hommes de main de l&rsquo;ancien r\u00e9gime. <\/font><\/span><font><span lang=\"EN-US\">Policiers, mafieux, voyous, notables de l&rsquo;ex-RCD : tous s&rsquo;unissent pour salir, casser, tabasser le pays. <\/span><span lang=\"NO-BOK\">Leur objectif : instaurer le r\u00e8gne de la peur. Se venger. <\/span><\/font><span lang=\"EN-US\"><font>Tuer la r\u00e9volution. Chaparder le pouvoir. Quelques exemples : samedi 30 avril, ce sont trois prisons qui sont incendi\u00e9es afin que 800 d\u00e9tenus s&rsquo;\u00e9chappent. Samedi encore, ce sont 500 salafistes qui font violence, avec la complicit\u00e9 de la police politique, avenue Bourguiba. Dimanche 1<sup>er<\/sup> mai, c&rsquo;est un h\u00f4tel international de Tunis qui est attaqu\u00e9 comme dans le plus mauvais des westerns. Total : la multiplication des op\u00e9rations coup-de-poing men\u00e9e par de petits mercenaires r\u00e9mun\u00e9r\u00e9s par les ex du RCD.<\/font><\/span><\/font><\/p>\n<p align=\"justify\"><font face=\"Arial\"><span lang=\"EN-US\"><font>On s&rsquo;explique difficilement que certains Trabelsi puissent encore faire du business \u00e0 distance. On ne comprend pas que les prisonniers du type d&rsquo;<\/font><\/span><font><span lang=\"NO-BOK\"><a href=\"http:\/\/www.lemonde.fr\/sujet\/d804\/imed-trabelsi.html\" target=\"_blank\" rel=\"noopener\"><span lang=\"EN-US\"><font>Imed Trabelsi<\/font><\/span><\/a><\/span><\/font><span lang=\"EN-US\"><font> b\u00e9n\u00e9ficient d&rsquo;un r\u00e9gime digne d&rsquo;un palace. L&rsquo;arm\u00e9e et ses 43 000 soldats ne peuvent tout faire. La police de Ben Ali comptait 200 000 membres, sans compter les indics, vigiles et espions du quotidien. Ils n&rsquo;ont pas disparu. Ajoutons au tableau le voisin libyen qui tente d&rsquo;exporter sa guerre sur le sol tunisien avec force obus, mortiers&#8230; Kadhafi n&rsquo;a jamais pardonn\u00e9 que son ami Ben Ali soit vir\u00e9 comme un voleur. Alors il frappe, via ses mercenaires, le grand sud.<\/font><\/span><\/font><\/p>\n<p align=\"justify\"><span lang=\"EN-US\"><font face=\"Arial\">Pour les amateurs de symboles, la Tunisie est devenue une destination de choix. On y fait du tourisme de grandes d\u00e9clarations. A Tunis, le d\u00e9fil\u00e9 continu de dirigeants \u00e9trangers donne lieu \u00e0 des multitudes de d\u00e9clarations, d&rsquo;encouragements. Mais de concret, peu. Pour parler cash, il faut d\u00e9verser des tonnes de flouz sur la fr\u00eale d\u00e9mocratie. L&rsquo;aider sans compter. Les besoins imm\u00e9diats sont estim\u00e9s \u00e0 4 milliards de dollars par la Banque mondiale. Le prix \u00e0 payer pour remettre le pays sur les rails de la croissance. Et le sauver d\u00e9finitivement des complots foment\u00e9s par ceux qui firent fortune sous Ben Ali et perdraient tout sous un r\u00e9gime d\u00e9mocratique.<\/font><\/span><\/p>\n<p align=\"justify\"><font face=\"Arial\"><span lang=\"EN-US\"><font>Situ\u00e9e entre l&rsquo;Alg\u00e9rie et la Libye, la Tunisie occupe une place g\u00e9ostrat\u00e9gique qu&rsquo;il serait idiot de sous-estimer. Si l&rsquo;on ne veut pas assister \u00e0 la mise \u00e0 sac de la r\u00e9volution, si l&rsquo;on ne souhaite pas le come-back de la mafia, si l&rsquo;on a un minimum de respect pour un peuple qui a su s&rsquo;affranchir de la peur pour d\u00e9loger un mafieux, un clan, ses gangs, alors il faut aider la Tunisie. <\/font><\/span><span lang=\"NO-BOK\"><font>Aujourd&rsquo;hui. Sans attendre une minute de plus. Demain, il sera peut-\u00eatre trop tard.<\/font><\/span><\/font><\/p>\n<p align=\"justify\"><span><span lang=\"NO-BOK\"><font face=\"Arial\">*Beno\u00eet Delmas, journaliste et \u00e9crivain<\/font><\/span><\/span><\/p>\n<p align=\"justify\"><span lang=\"FR\"><font face=\"Arial\">Source : \u00ab Le Monde \u00bb Le 04-05-2011<\/font><\/span><\/p>\n<div>\n<p align=\"justify\"><span lang=\"FR\"><font face=\"Arial\">Lien : <\/font><a href=\"http:\/\/www.lemonde.fr\/idees\/article\/2011\/05\/04\/la-tunisie-vit-sous-la-menace-mafieuse-des-hommes-de-main-de-l-ancien-regime_1516779_3232.html\" target=\"_blank\" rel=\"noopener\"><font face=\"Arial\">http:\/\/www.lemonde.fr\/idees\/article\/2011\/05\/04\/la-tunisie-vit-sous-la-menace-mafieuse-des-hommes-de-main-de-l-ancien-regime_1516779_3232.html<\/font><\/a><\/span><\/p>\n<\/div>\n<h3 align=\"center\" style=\"color: blue;\"><span lang=\"FR\"><a href=\"http:\/\/www.kapitalis.com\/afkar\/68-tribune\/3776-tunisie-une-revolution-sans-joie.html\" target=\"_blank\" rel=\"noopener\"><span><\/p>\n<h3 style=\"color: blue;\"><font face=\"Arial\">Tunisie. Une r\u00e9volution sans joie<\/font><\/h3>\n<p><\/span><\/a> <\/span><\/h3>\n<hr\/>\n<p><\/span><\/p>\n<p align=\"justify\"><font face=\"Arial\"><strong><span lang=\"FR\"><font>Par Raouf Laroussi*<\/font><\/span><\/strong><span lang=\"FR\"><font><\/font><\/span><\/font><\/p>\n<p align=\"justify\"><span lang=\"FR\"><font face=\"Arial\">On sent de plus en plus le go\u00fbt amer du d\u00e9sordre au sommet de l\u2019Etat qui a suivi la chute du r\u00e9gime de Ben Ali. Ce d\u00e9sordre et cet affaiblissement de l\u2019Etat se traduisent d\u2019abord par la d\u00e9gradation de l\u2019ordre public et le sentiment d\u2019ins\u00e9curit\u00e9 qui en d\u00e9coule. <\/font><\/span><\/p>\n<p align=\"justify\"><strong><span lang=\"FR\"><font face=\"Arial\">Une rupture retard\u00e9e <\/font><\/span><\/strong><font><b><span lang=\"FR\"> <\/span><\/b><\/font><span lang=\"FR\"><font face=\"Arial\">La seconde cons\u00e9quence, non moins importante, est le ralentissement des activit\u00e9s \u00e9conomiques et l\u2019absence de visibilit\u00e9 pour l\u2019engagement de nouveaux grands projets et le drainage d\u2019investissements nationaux et \u00e9trangers. Le blocage de l\u2019\u00e9conomie se r\u00e9percute \u00e9videmment directement sur l\u2019emploi et renvoie au ch\u00f4mage de nouveaux groupes de jeunes tunisiens.  En troisi\u00e8me lieu, on note une lenteur dans la rupture avec le r\u00e9gime d\u00e9chu. La justice tarde \u00e0 \u00eatre rendue alors que les crimes et autres d\u00e9lits de diff\u00e9rentes natures commis par le clan et ses associ\u00e9s sont visibles \u00e0 l\u2019\u0153il nu. Certains courants contre-r\u00e9volutionnaires traversent encore la haute administration et les entreprises publiques. Certaines organisations satellitaires qui se cachaient derri\u00e8re un voile humanitaire et qui faisaient la propagande du pouvoir de Ben Ali n\u2019ont subi aucun questionnement alors qu\u2019elles exer\u00e7aient un pouvoir \u00e9gal ou sup\u00e9rieur \u00e0 celui des minist\u00e8res&#8230; <em><span>Last but not least<\/span><\/em>, la reconstruction politique cherche difficilement son chemin. En effet, les Tunisiens se sont r\u00e9volt\u00e9s contre un r\u00e9gime despotique qui a confisqu\u00e9 la libert\u00e9 et les biens du peuple.<\/font><\/span><\/p>\n<p align=\"justify\"><strong><span lang=\"FR\"><font face=\"Arial\">D\u2019un despotisme \u00e9clair\u00e9 \u00e0 un despotisme inculte <\/font><\/span><\/strong><font><b><span lang=\"FR\"> <\/span><\/b><\/font><span lang=\"FR\"><font face=\"Arial\">Apr\u00e8s Bourguiba qui a r\u00e9gn\u00e9 en despote \u00e9clair\u00e9 et int\u00e8gre, la Tunisie a bascul\u00e9 sous la coupe d\u2019un despote inculte et corrompu qui a b\u00e9n\u00e9fici\u00e9 du soutien de l\u2019Occident, sous pr\u00e9texte de lutte contre le terrorisme islamiste et l\u2019immigration ill\u00e9gale. Le despotisme de Bourguiba \u00e9tait justifi\u00e9 par la pr\u00e9carit\u00e9 de la nation h\u00e9rit\u00e9e du joug colonial et le besoin d\u2019unit\u00e9 nationale pour construire un Etat moderne. Sous les deux r\u00e9gimes qu\u2019a connus la Tunisie depuis son ind\u00e9pendance, l\u2019exercice de la d\u00e9mocratie \u00e9tait d\u00e9faillant et la vie politique se r\u00e9sumait, \u00e0 part quelques p\u00e9riodes d\u2019\u00e9claircie, \u00e0 la propagande d\u2019un parti unique et au culte du chef de ce parti. Toutefois, le r\u00e9gime de Bourguiba s\u2019accommodait d\u2019une certaine libert\u00e9 de penser, en raison de la personnalit\u00e9 m\u00eame de Bourguiba, p\u00e9trie d\u2019histoire et de culture, et fortement influenc\u00e9e par les d\u00e9mocraties occidentales.  Le r\u00e9gime de Ben Ali, quant \u00e0 lui, exer\u00e7a un an\u00e9antissement de la pens\u00e9e et de la culture entra\u00eenant un laminage de la classe politique. En proc\u00e9dant \u00e0 la massification au niveau de l\u2019enseignement sup\u00e9rieur accessible automatiquement par l\u2019obtention d\u2019un baccalaur\u00e9at fortement d\u00e9valoris\u00e9, le r\u00e9gime de Ben Ali donna un coup fatal \u00e0 la qualit\u00e9 des formations universitaires sauf dans certains \u00eelots qui ont \u00e9chapp\u00e9 \u00e0 ce cataclysme. Le renouvellement des \u00e9lites en prit un coup dur. Ainsi, c\u2019est avec une jeunesse certainement intrins\u00e8quement bonne mais form\u00e9e de mani\u00e8re m\u00e9diocre dans son \u00e9crasante majorit\u00e9, une population adulte \u00e9blouie par l\u2019apparition soudaine de la lumi\u00e8re de la libert\u00e9 et une classe politique sinistr\u00e9e que se retrouve la Tunisie post 14 janvier.<\/font><\/span><\/p>\n<p align=\"justify\"><strong><span lang=\"FR\"><font face=\"Arial\">Reconstruire la gouvernance du pays<\/font><\/span><\/strong><font><b><span lang=\"FR\"> <\/span><\/b><\/font><span lang=\"FR\"><font face=\"Arial\">D\u2019o\u00f9 la difficult\u00e9 de la reconstruction d\u2019une gouvernance viable du pays. Cette difficult\u00e9 est d\u2019autant plus grande que le vide dans l\u2019espace politique est exploit\u00e9 par certains courants fondamentalistes qui s\u2019appuient sur la religion dans l\u2019\u00e9tablissement de leur vision politique m\u00eame si les \u00e9volutions des deux derni\u00e8res d\u00e9cennies ont temp\u00e9r\u00e9 leur ardeur.  D\u2019un autre c\u00f4t\u00e9 les partis et intellectuels la\u00efcs brillent par leur d\u00e9sunion et leurs rivalit\u00e9s. La r\u00e9volution \u00e9tait sans leader. La reconstruction l\u2019est aussi et l\u2019avenir de la d\u00e9mocratie est incertain sauf si tous les militants de tous les partis s\u2019engagent \u00e0 \u00eatre d\u2019abord des militants pour la reconstruction politique du pays sur des bases d\u00e9mocratiques irr\u00e9versibles et se d\u00e9cident \u00e0 y croire fermement. Y croire, en mettant notamment en sourdine la voix de leur ego.<\/font><\/span><\/p>\n<p align=\"justify\"><em><span lang=\"FR\"><font face=\"Arial\">* Universitaire, Ecole nationale d\u2019ing\u00e9nieurs de Tunis (Enit). <\/font><\/span><\/em><i><span lang=\"FR\"><font> <\/font><em><span><font face=\"Arial\">www.facebook.com\/RaoufLaroussi<\/font><\/span><\/em><\/span><\/i><\/p>\n<p align=\"justify\"><span lang=\"FR\"><font face=\"Arial\">Source : \u00ab Kapitalis \u00bb Le 04-05-2011<\/font><\/span><\/p>\n<div>\n<p align=\"justify\"><span lang=\"FR\"><font face=\"Arial\">Lien : <\/font><a href=\"http:\/\/www.kapitalis.com\/afkar\/68-tribune\/3776-tunisie-une-revolution-sans-joie.html\" target=\"_blank\" rel=\"noopener\"><font face=\"Arial\">http:\/\/www.kapitalis.com\/afkar\/68-tribune\/3776-tunisie-une-revolution-sans-joie.html<\/font><\/a><\/span><\/p>\n<\/div>\n<h3 align=\"center\" style=\"color: blue;\"><span lang=\"FR\"><\/p>\n<h3 style=\"color: blue;\"><font face=\"Arial\">La finance internationale fait pression pour une contre-r\u00e9volution en Tunisie<\/font><\/h3>\n<p><\/span><\/h3>\n<hr\/>\n<h5 align=\"justify\" style=\"color: blue;\"><span lang=\"FR\"><font face=\"Arial\"><em>Par Olivier Laurent<\/em><\/font><\/span><\/h5>\n<p align=\"justify\"><span lang=\"FR\"><font face=\"Arial\">Le processus de r\u00e9formes politiques en Tunisie \u00e9carte du pouvoir les figures trop li\u00e9es, aux yeux des masses, au dictateur Ben Ali, tomb\u00e9 en janvier dernier. Cependant, il vise avant tout \u00e0 justifier le maintien des conditions sociales contre lesquelles les Tunisiens se r\u00e9voltent, dans l&rsquo;int\u00e9r\u00eat des bourgeoisies nationale comme \u00e9trang\u00e8res \u2013 et notamment fran\u00e7aise.<\/font><\/span><\/p>\n<p align=\"justify\"><span lang=\"FR\"><font face=\"Arial\">Ainsi, le gouvernement de transition tunisien a propos\u00e9 d&rsquo;interdire \u00e0 ceux qui avaient d\u00e9tenu des postes \u00e0 responsabilit\u00e9 au cours des dix derni\u00e8res ann\u00e9es dans le parti de l&rsquo;ex-pr\u00e9sident Ben Ali, le Rassemblement d\u00e9mocratique constitutionnel (RDC) maintenant dissout, de participer aux prochaines \u00e9lections pr\u00e9vues pour le 24 juillet. Il est \u00e9galement question d&rsquo;exclure les membres du gouvernement pr\u00e9c\u00e9dent, ses conseillers et ses attach\u00e9s.<\/font><\/span><\/p>\n<p align=\"justify\"><span lang=\"FR\"><font face=\"Arial\">Ces propositions sont une r\u00e9action \u00e0 la mobilisation continue de la classe ouvri\u00e8re tunisienne, une tentative tardive et symbolique de se distancier du r\u00e9gime de Ben Ali. Chokri Belaid du Mouvement des patriotes d\u00e9mocrates (MPD) et Abdellatif el-Mekki, membre du Bureau ex\u00e9cutif du parti islamiste Ennahdha, ont tous deux refus\u00e9 de s&rsquo;associer \u00e0 cette d\u00e9cision limit\u00e9e, pr\u00e9venant le gouvernement qu&rsquo;elle \u00e9tait loin de suffire \u00e0 contenter la population et qu&rsquo;ils craignaient une \u00ab nouvelle vague de contestations \u00bb.<\/font><\/span><\/p>\n<p align=\"justify\"><span lang=\"FR\"><font face=\"Arial\">Le Premier ministre d&rsquo;int\u00e9rim, Beji Caid Essebsi, a adopt\u00e9 une position distante vis-\u00e0-vis de la proposition, d\u00e9clarant que les ex-membres du RDC \u00ab ne devraient pas \u00eatre emp\u00each\u00e9s de se pr\u00e9senter \u00e0 ces \u00e9lections, s&rsquo;ils ne sont pas condamn\u00e9s par la justice. \u00bb Il a \u00e9galement insist\u00e9 sur la n\u00e9cessit\u00e9 de garantir un \u00ab climat social et \u00e9conomique ad\u00e9quat \u00bb pour ces \u00e9lections.<\/font><\/span><\/p>\n<p align=\"justify\"><span lang=\"FR\"><font face=\"Arial\">Sa r\u00e9action est la cons\u00e9quence d&rsquo;une pression croissante de la finance internationale, pour que l&rsquo;exploitation des travailleurs tunisiens reprenne de plus belle le plus t\u00f4t possible. Dans ce contexte, le pouvoir tunisien m\u00e8ne un chantage \u00e9conomique envers son propre peuple, et s&rsquo;appuie sur le soutien de tous les partis ayant un tant soit peu d&rsquo;\u00e9cho dans les masses, qu&rsquo;ils soient \u00ab\u00a0de gauche\u00a0\u00bb ou islamistes. Essebsi a ainsi exprim\u00e9 son inqui\u00e9tude envers les <i>sit-in<\/i>, manifestations et gr\u00e8ves qui se poursuivent dans le pays, disant clairement que cela allait diminuer les investissements. Il y aurait eu 110 faits de blocages d\u2019autoroutes et lignes de chemins de fer par des manifestants ces derniers mois.<\/font><\/span><\/p>\n<p align=\"justify\"><span lang=\"FR\"><font face=\"Arial\">Les principaux motifs d&rsquo;inqui\u00e9tude cit\u00e9s par Essebsi sont le cas de <i>British Gas<\/i>, qui fournit pr\u00e8s de la moiti\u00e9 de la consommation nationale en gaz, o\u00f9 les gr\u00e8ves se sont multipli\u00e9es parall\u00e8lement \u00e0 un blocage de l&rsquo;usine par des habitants proches exigeant des emplois ; le blocage du port de Sfax par des marins ; et des \u00e9meutes dans la r\u00e9gion de Zarzis apr\u00e8s l\u2019arrestation des organisateurs d\u2019un r\u00e9seau d\u2019immigration clandestine. <\/font><\/span><\/p>\n<p align=\"justify\"><span lang=\"FR\"><font face=\"Arial\">Les institutions internationales commencent \u00e0 faire sentir leur impatience. La Tunisie a \u00e9t\u00e9 invit\u00e9e \u00e0 participer \u00e0 la prochaine r\u00e9union du G8 qui se tiendra en France (l&rsquo;ancienne puissance coloniale de la Tunisie et qui est actuellement \u00e0 l&rsquo;initiative d&rsquo;une intervention imp\u00e9rialiste en Libye voisine). Pour Essebsi, c&rsquo;est \u00ab un motif de fiert\u00e9 pour tous les Tunisiens \u00bb.<\/font><\/span><\/p>\n<p align=\"justify\"><span lang=\"FR\"><font face=\"Arial\">Le message qui y sera d\u00e9livr\u00e9 au gouvernement tunisien sera dans la lign\u00e9e de celui donn\u00e9 lors des assembl\u00e9es de printemps de la Banque mondiale (BM) et du Fonds mon\u00e9taire international (FMI). Ceux-ci, qui qualifiaient la Tunisie de \u00ab bon \u00e9l\u00e8ve \u00bb sous Ben Ali, ont annonc\u00e9 une aide budg\u00e9taire de 500 millions de dollars accord\u00e9e au pays, qui devrait \u00ab g\u00e9n\u00e9rer 700 millions de dollars suppl\u00e9mentaires dans le cadre d\u2019une nouvelle approche proactive. \u00bb Le contenu de cette \u00ab\u00a0approche proactive\u00a0\u00bb sera de \u00ab supprimer toutes formalit\u00e9s inutiles pour la cr\u00e9ation d\u2019activit\u00e9s, \u00bb c&rsquo;est-\u00e0-dire essentiellement de poursuivre les r\u00e9formes \u00e9conomiques lib\u00e9rales.<\/font><\/span><\/p>\n<p align=\"justify\"><span lang=\"FR\"><font face=\"Arial\">La Tunisie n&rsquo;aura qu&rsquo;une croissance de 1,3 pour cent cette ann\u00e9e d&rsquo;apr\u00e8s le rapport sur les perspectives \u00e9conomiques globales du FMI et de la BM, contre 5 pour cent de moyenne sur les dix derni\u00e8res ann\u00e9es. La baisse des exportations vers l&rsquo;Europe apr\u00e8s la crise \u00e9conomique avait d\u00e9j\u00e0 fait chuter cette croissance \u00e0 4,6 pour cent en 2008 et \u00ab\u00a0entre 3 et 4 pour cent\u00a0\u00bb en 2009-10 (source <i>CIA World Factbook<\/i>). <\/font><\/span><\/p>\n<p align=\"justify\"><span lang=\"FR\"><font face=\"Arial\">Le FMI anticipe une reprise \u00e0 5,6 pour cent l&rsquo;ann\u00e9e prochaine, mais cela ne lui suffit pas : \u00ab Le r\u00e9\u00e9quilibrage n\u2019est pas en train de se faire aussi rapidement que nous le souhaitons. Et il faut encore plus d\u2019efforts pour soutenir l\u2019exportation, la consommation et l\u2019investissement, \u00bb a d\u00e9clar\u00e9 Olivier Blanchard, \u00e9conomiste en chef au FMI.<\/font><\/span><\/p>\n<p align=\"justify\"><span lang=\"FR\"><font face=\"Arial\">La hausse des salaires est une option exclue d&#8217;embl\u00e9e par le FMI : Ahmed Masood, directeur du d\u00e9partement MENA au FMI a d\u00e9clar\u00e9 que la hausse des salaires ne pourrait pas constituer une solution, en l\u2019absence d\u2019une augmentation encore plus importante de la productivit\u00e9.<\/font><\/span><\/p>\n<p align=\"justify\"><span lang=\"FR\"><font face=\"Arial\">Le ministre des Affaires \u00e9trang\u00e8res fran\u00e7ais, Alain Jupp\u00e9, a organis\u00e9 \u00e0 l&rsquo;Institut du monde arabe \u00e0 Paris un colloque le 16 avril sur le th\u00e8me du \u00ab printemps arabe, \u00bb r\u00e9unissant les ambassadeurs de France, des chercheurs et des \u00ab\u00a0acteurs\u00a0\u00bb de ces r\u00e9volutions, dont des repr\u00e9sentants de partis islamistes arabes. Ces partis n&rsquo;ont jou\u00e9 pratiquement aucun r\u00f4le dans les mouvements initiaux, mais les puissances imp\u00e9rialistes les consid\u00e8rent maintenant comme un moyen acceptable de canaliser le m\u00e9contentement populaire\u2014\u00e0 condition de donner quelques gages de bonne conduite aux imp\u00e9rialistes.<\/font><\/span><\/p>\n<p align=\"justify\"><span lang=\"FR\"><font face=\"Arial\">Ainsi, lors de ce colloque, Mohamed Ben Salem, repr\u00e9sentant du parti Ennahdha, a d\u00e9clar\u00e9 qu&rsquo;il \u00ab ne vise pas l&rsquo;h\u00e9g\u00e9monie \u00bb et s&rsquo;est prononc\u00e9 pour la parit\u00e9 hommes-femmes lors des \u00e9lections, rejoignant le souhait du gouvernement et des groupes de d\u00e9fense des droits de l&rsquo;Homme. <\/font><\/span><\/p>\n<p align=\"justify\"><span lang=\"FR\"><font face=\"Arial\">Pour autant, la politique qui sera ainsi appliqu\u00e9e avec la participation des islamistes et des f\u00e9ministes sera fondamentalement anti-ouvri\u00e8re. Toujours dans ce colloque, deux militantes tunisiennes des droits de l&rsquo;homme, Souhayr Belhassen et Radhia Nasraoui, se sont publiquement inqui\u00e9t\u00e9es des risques de \u00ab contre-r\u00e9volution \u00bb dans leur pays. <\/font><\/span><\/p>\n<p align=\"justify\"><span lang=\"FR\"><font face=\"Arial\">En fait, elles adh\u00e9rent compl\u00e8tement au chantage \u00e9conomique du gouvernement. Leur inqui\u00e9tude tient \u00e0 \u00ab l&rsquo;incoh\u00e9rence et l&rsquo;instabilit\u00e9 du processus d\u00e9mocratique qui tend \u00e0 la disparition de l&rsquo;\u00c9tat ; l&rsquo;appauvrissement \u00e9conomique alors que l&rsquo;activit\u00e9 industrielle et touristique tarde \u00e0 reprendre ; le d\u00e9senchantement. En outre, certaines structures et pratiques de l&rsquo;ancienne police politique semblent se remettre en place. \u00bb C&rsquo;est-\u00e0-dire que pour \u00e9viter la r\u00e9pression contre-r\u00e9volutionnaire, elles militent pour l&rsquo;acceptation par la population d&rsquo;une politique \u00e9conomique brutale.<\/font><\/span><\/p>\n<p align=\"justify\"><span lang=\"FR\"><font face=\"Arial\">Quelques mois \u00e0 peine apr\u00e8s la r\u00e9volution qui a chass\u00e9 Ben Ali, l&rsquo;int\u00e9gration de la nouvelle couche de jeunes petits-bourgeois \u00ab\u00a0r\u00e9volutionnaires\u00a0\u00bb tunisiens dans le syst\u00e8me imp\u00e9rialiste fran\u00e7ais est d\u00e9j\u00e0 bien en marche. Ce lien transpara\u00eet clairement dans une visite \u00ab express \u00bb de Jupp\u00e9 en Tunisie le 20 avril, pour accorder un pr\u00eat de 350 millions d&rsquo;euros.<\/font><\/span><\/p>\n<p align=\"justify\"><span lang=\"FR\"><font face=\"Arial\">Jupp\u00e9 y a trouv\u00e9 le temps pour un d\u00eener \u00ab avec quelques bloggeurs chevilles ouvri\u00e8res de la r\u00e9volution, \u00bb, selon l\u2019AFP, puis de partager son petit-d\u00e9jeuner le lendemain matin avec des hauts responsables du nouveau r\u00e9gime, dont Yadh Ben Achour, pr\u00e9sident de la Haute commission de r\u00e9formes politiques, et connu comme expert en droit public et en th\u00e9orie politique islamique.<\/font><\/span><\/p>\n<p align=\"justify\"><span lang=\"FR\"><font face=\"Arial\">Les ministres tunisiens des Finances, du Commerce et du Tourisme, du Transport et de l&rsquo;\u00c9quipement et de la Formation professionnelle et l&rsquo;Emploi se sont ensuite rendus \u00e0 Paris le 26 avril, pour garantir la p\u00e9rennit\u00e9 de leurs investissements \u00e0 300 chefs d&rsquo;entreprises fran\u00e7aises r\u00e9unis au si\u00e8ge du MEDEF. \u00ab Nous sommes venus dire que la Tunisie est en train de changer en mieux et que les opportunit\u00e9s futures seront encore plus rentables et plus int\u00e9ressantes, \u00bb leur a d\u00e9clar\u00e9 Jalloul Ayed, ministre tunisien des Finances.<\/font><\/span><\/p>\n<p align=\"justify\"><span lang=\"FR\"><font face=\"Arial\">Essebsi a r\u00e9sum\u00e9 son chantage en d\u00e9clarant que, \u00ab La r\u00e9volution tunisienne peut mener \u00e0 la guerre civile comme elle peut mener \u00e0 la D\u00e9mocratie, \u00bb en clair : si la classe ouvri\u00e8re ne se contente pas de ces changements cosm\u00e9tiques, et ne reprend pas le travail dans des conditions largement similaires \u00e0 celles qui r\u00e9gnaient sous Ben Ali, l&rsquo;usage de la force sera envisageable pour ce gouvernement capitaliste.<\/font><\/span><\/p>\n<p align=\"justify\"><span lang=\"FR\"><font face=\"Arial\">Source : \u00ab wsws : World Socialist Web Site \u00bb Le 04-05-2011<\/font><\/span><\/p>\n<div>\n<p align=\"justify\"><span lang=\"FR\"><font face=\"Arial\">Lien : <\/font><a href=\"http:\/\/www.wsws.org\/francais\/News\/2011\/mai2011\/tuni-m04.shtml\" target=\"_blank\" rel=\"noopener\"><font face=\"Arial\">http:\/\/www.wsws.org\/francais\/News\/2011\/mai2011\/tuni-m04.shtml<\/font><\/a><\/span><\/p>\n<\/div>\n<p align=\"center\"><b><span lang=\"FR\"><\/p>\n<h3 style=\"color: blue;\"><font face=\"Arial\">Tunisie : \u00e0 quand la renaissance de la presse ?<\/font><\/h3>\n<p> <\/span><\/b><\/p>\n<hr\/>\n<p>\u00a0<\/p>\n<p align=\"justify\"><span lang=\"FR\"><font face=\"Arial\">La presse aujourd\u2019hui est consid\u00e9r\u00e9e comme un nouveau n\u00e9. Elle a v\u00e9cu 23 ans de marginalisation au vu de l\u2019absence de la libert\u00e9 d\u2019expression, a pr\u00e9cis\u00e9 M. N\u00e9ji Bghouri, pr\u00e9sident du Syndicat national des journalistes tunisiens.<\/font><\/span><\/p>\n<p align=\"justify\"><span lang=\"FR\"><font face=\"Arial\">Vingt ans apr\u00e8s la d\u00e9claration de Windhoek, la Tunisie, \u00e0 l\u2019instar de plusieurs pays, a c\u00e9l\u00e9br\u00e9, mardi 3 mai 2011, la Journ\u00e9e mondiale de la libert\u00e9 de la presse. \u00ab Les m\u00e9dias du XXIe si\u00e8cle au service de la d\u00e9mocratie \u00bb est le th\u00e8me de cette rencontre. M. Bghouri a pr\u00e9sent\u00e9 le rapport annuel des libert\u00e9s de presse \u00e9tabli par l\u2019observatoire et traitant des diff\u00e9rentes infractions relev\u00e9es \u00e0 l\u2019encontre des journalistes et des lacunes de divers m\u00e9dias depuis la R\u00e9volution. Les journalistes ont subit des harc\u00e8lements physiques et moraux de la part des agents de la police politique. Parmi les griefs d\u00e9nonc\u00e9s figurent la d\u00e9gradation des droits des journalistes notamment sociaux et financiers au sein des institutions m\u00e9diatiques, l\u2019absence de contrats clairs et des salaires en dessous de leurs comp\u00e9tences, le d\u00e9passement flagrant au code de travail !  Parmi les lacunes constat\u00e9es apr\u00e8s le 14 janvier, on cite: l\u2019absence d\u2019une ligne \u00e9ditoriale au sein des m\u00e9dias, les insultes propag\u00e9es contre le pr\u00e9sident d\u00e9chu, les membres de sa famille et les responsables de RCD  Les informations sont devenues similaires en raison du recours \u00e0 une seule source d\u2019information (la TAP). Il s\u2019agit \u00e9galement de l\u2019absence de la source pour certains m\u00e9dias. Les anciens responsables g\u00e9rant l\u2019information sont rest\u00e9s dans leurs postes, ce qui a bloqu\u00e9 la libert\u00e9 d\u2019expression La disparition de certains titres de journaux de partis politiques \u00e0 l\u2019instar d\u2019Al Horria, le Renouveau, Al Wehda, Al Moustakbil, Al Arab et autres. A accentu\u00e9 le ch\u00f4mage des journalistes.  Malgr\u00e9 l\u2019am\u00e9lioration de contenu de La Presse et d\u2019Assahafa apr\u00e8s la R\u00e9volution, ces derniers sont menac\u00e9s de fermeture en raison de probl\u00e8mes financiers. Cette situation n\u00e9cessite une intervention imm\u00e9diate de l\u2019Etat. La p\u00e9riode post r\u00e9volution a connu des avantages. En effet, l\u2019audiovisuel a enregistr\u00e9 une am\u00e9lioration au niveau de la qualit\u00e9 du contenu, compte tenu du nouveau paysage de libert\u00e9 d\u2019expression. Les sujets trait\u00e9s refl\u00e8tent les pr\u00e9occupations du citoyen. Le rapport n\u2019a rien mentionn\u00e9 sur la presse \u00e9lectronique qui souffre jusqu\u2019\u00e0 pr\u00e9sent de la n\u00e9gligence des autorit\u00e9s. Or, aucune initiative n\u2019est manifest\u00e9e \u00e0 l\u2019\u00e9gard de ce volet. Il est l\u00e9gitime de s\u2019interroger sur l\u2019avenir de la presse \u00e9lectronique en Tunisie.<\/font><\/span><\/p>\n<p align=\"justify\"><span lang=\"FR\"><font face=\"Arial\">Source : \u00ab Investir en Tunisie \u00bb Le 04-05-2011<\/font><\/span><\/p>\n<div>\n<p align=\"justify\"><span lang=\"FR\"><font face=\"Arial\">Lien : <\/font><a href=\"http:\/\/www.investir-en-tunisie.net\/index.php?option=com_content&amp;view=article&amp;id=9880\" target=\"_blank\" rel=\"noopener\"><font face=\"Arial\">http:\/\/www.investir-en-tunisie.net\/index.php?option=com_content&amp;view=article&amp;id=9880<\/font><\/a><\/span><\/p>\n<\/div>\n<h4 align=\"center\" style=\"color: blue;\"><span lang=\"FR\"><\/p>\n<h4 style=\"color: blue;\"><font face=\"Arial\">Tunisie, une nouvelle approche manag\u00e9riale<\/font><\/h4>\n<p> <\/span><\/h4>\n<hr\/>\n<p align=\"justify\"><span lang=\"FR\"><font face=\"Arial\">Beaucoup de sit-in et troubles dans les entreprises tunisiennes ne sont pas du domaine des troubles \u00e0 l\u2019ordre public mais plut\u00f4t du domaine des ressources humaines. Les soigner par la force ne fera que les aggraver car on utilise pas le bon rem\u00e8de.<\/font><\/span><\/p>\n<p align=\"justify\"><span lang=\"FR\"><font face=\"Arial\">Quand on soigne une grippe comme un cancer, on fait deux erreurs. La premi\u00e8re touche au diagnostic. La seconde c\u2019est qu\u2019au lieu de soigner le corps, on l\u2019ab\u00eeme encore plus car on utilise un traitement disproportionn\u00e9. Beaucoup de sit-in et troubles dans les entreprises tunisiennes ne sont pas du domaine des troubles \u00e0 l\u2019ordre public mais plut\u00f4t du domaine des ressources humaines (erreur de diagnostic). Les soigner par la force ne fera que les aggraver car on utilise pas le bon rem\u00e8de (le bon rem\u00e8de est plut\u00f4t l\u2019approche manag\u00e9riale).<\/font><\/span><\/p>\n<p align=\"justify\"><strong><span lang=\"FR\"><font face=\"Arial\">Le management \u00e0 la matraque<\/font><\/span><\/strong><\/p>\n<p align=\"justify\"><span lang=\"FR\"><font face=\"Arial\">Il y a quelques temps, une entreprise fran\u00e7aise me propose de r\u00e9aliser une mission de management de transition en Tunisie. Le probl\u00e8me \u00e9tait double, faire passer une unit\u00e9 de production de 60 salari\u00e9s \u00e0 200 salari\u00e9s en quelques mois (tout en mettant en place les d\u00e9partements classiques transversaux que sont les RH, la formation et la qualit\u00e9) et injecter dans la hi\u00e9rarchie manag\u00e9riale locale un peu d\u2019esprit manag\u00e9rial moderne. Comme \u00e0 mon habitude, avant chaque mission, je me suis r\u00e9serv\u00e9 une semaine d\u2019observation au sein de l\u2019entreprise. Quelle ne fut pas ma surprise ?<\/font><\/span><\/p>\n<p align=\"justify\"><strong><span lang=\"FR\"><font face=\"Arial\">Le manager policier<\/font><\/span><\/strong><\/p>\n<p align=\"justify\"><span lang=\"FR\"><font face=\"Arial\">D\u2019embl\u00e9e, j\u2019ai compris que pour les managers locaux, le management \u00e9tait quelque chose que l\u2019ont faisait aux salari\u00e9s et non pas quelque chose que l\u2019on faisait avec eux (la nuance est importante). Mais que leur faisait-on ? Les managers, sans exag\u00e9rer, insultaient quasiment leur subordonn\u00e9s quand ils leur parlaient. Ils les mena\u00e7aient souvent quand les objectifs n\u2019\u00e9taient pas r\u00e9alis\u00e9s. Et en bons managers \u00ab\u00a0chien de garde\u00a0\u00bb, ils contr\u00f4laient de pr\u00e8s mais alors de tr\u00e8s pr\u00e8s ce que faisaient leurs coll\u00e8gues de travail.<\/font><\/span><\/p>\n<p align=\"justify\"><span lang=\"FR\"><font face=\"Arial\">Plus qu\u2019\u00e9tonn\u00e9 de ce syst\u00e8me policier \u00e0 l\u2019int\u00e9rieur m\u00eame de l\u2019entreprise, je demandais aux managers pourquoi ils agissaient comme cela. Bien \u00e9videmment, comme tout le monde, je sais que le \u00ab management \u00e0 la dure \u00bb fut en vogue pendant longtemps dans le domaine de la th\u00e9orie du Management mais d\u2019abord tout cela date de la pr\u00e9histoire du Management et ensuite cette conception du management n\u2019allait pas aussi loin que ce que je voyais de mes propres yeux !. Les managers tunisiens, \u00e9tonn\u00e9s par mes questions, me donn\u00e8rent la raison.<\/font><\/span><\/p>\n<p align=\"justify\"><span lang=\"FR\"><font face=\"Arial\">Pour eux, ils partaient du principe que le salari\u00e9 tunisien \u00e9tait paresseux et qu\u2019ils le stimulaient de cette fa\u00e7on pour \u00eatre davantage performants. Bref, c\u2019\u00e9tait un management par la peur, l\u2019intimidation et la contrainte constituait, aux yeux des managers, la source de la motivation de leurs collaborateurs.<\/font><\/span><\/p>\n<p align=\"justify\"><span lang=\"FR\"><font face=\"Arial\">Je voulais aussi avoir le ressenti des salari\u00e9s. Je me posais mille questions. Comment se faisait-il qu\u2019ils ne craquaient pas ? le comportement des managers influaient-ils sur leurs performances ? qu\u2019attendaient \u2013ils de leur manager ? La position des salari\u00e9s m\u2019\u00e9tonna elle aussi. Je trouvais en face de moi des personnes d\u2019une qualit\u00e9 intellectuelle \u00e9lev\u00e9, d\u2019un professionnalisme \u00e9tonnement haut malgr\u00e9 ces conditions de travail. Mais je les trouvais aussi plein d\u2019une ranc\u0153ur contenue mais pr\u00eate \u00e0 exploser \u00e0 tout moment. Et plus le temps passait plus cette ranc\u0153ur constituait une bombe sociale forte.<\/font><\/span><\/p>\n<p align=\"justify\"><span lang=\"FR\"><font face=\"Arial\">En quelques mots, les collaborateurs tunisiens qui, pour certains avaient plus de dipl\u00f4mes que moi ou leur managers, avaient les m\u00eames attentes que les collaborateurs europ\u00e9ens. A savoir, travailler dans une entreprise dont ils acceptent les contr\u00f4les quant aux objectifs remplis mais o\u00f9 on leur fait confiance aussi. Une entreprise o\u00f9 on leur apporte formation. Une entreprise dans laquelle il y a une communication transparente et rapide et o\u00f9 ils peuvent faire preuve d\u2019initiative dans l\u2019int\u00e9r\u00eat de leur entreprise.<\/font><\/span><\/p>\n<p align=\"justify\"><span lang=\"FR\"><font face=\"Arial\">Quant au fait qu\u2019ils tiennent le coup psychologiquement, les salari\u00e9s m\u2019expliqu\u00e8rent, apr\u00e8s que je les ai assur\u00e9 de ma confiance, qu\u2019ils faisaient beaucoup de choses dans le dos de leur managers et que certes cela nuisait quelques fois au travail mais que leur managers ne les motivaient pas aussi de leur cot\u00e9 (consultation abusive d\u2019internet, temps de pause exag\u00e9r\u00e9, absent\u00e9isme\u2026..). Bref, j\u2019\u00e9tais en face d\u2019une mauvaise pi\u00e8ce de th\u00e9atre. D\u2019un cot\u00e9, des Managers policiers \u00e0 la main de fer, de l\u2019autre des tunisiens rus\u00e9s qui font tout par derri\u00e8re et ce au d\u00e9triment de l\u2019entreprise !<\/font><\/span><\/p>\n<p align=\"justify\"><strong><span lang=\"FR\"><font face=\"Arial\">Mise en place des solutions<\/font><\/span><\/strong><\/p>\n<p align=\"justify\"><span lang=\"FR\"><font face=\"Arial\">Pour \u00eatre honn\u00eate, je ne pense pas \u00eatre arriv\u00e9 au bout de mes objectifs m\u00eame si j\u2019ai du utiliser une m\u00e9thode radicale. Passer du management \u00e0 la dure au management \u00ab empowerment \u00bb (pour ceux qui ne savent ce que c\u2019est, je vous renvoie \u00e0 une recherche sur internet) en si peu de temps n\u2019\u00e9tait pas chose ais\u00e9e. Mais certains managers ont commenc\u00e9 \u00e0 se r\u00e9former en comprenant qu\u2019ils n\u2019avaient pas le choix. Pourquoi ? Parce qu\u2019il en allait de leur int\u00e9r\u00eat tout d\u2019abord. En faisant confiance \u00e0 leur salari\u00e9s, en les contr\u00f4lant de mani\u00e8re plus fine et raisonnable, ils s\u2019\u00e9vitaient ulc\u00e8res et surtout pouvaient se consacrer \u00e0 d\u2019autres points plus importants pour l\u2019entreprise.<\/font><\/span><\/p>\n<p align=\"justify\"><span lang=\"FR\"><font face=\"Arial\">Parce qu\u2019en Tunisie aussi, il y a eu le ph\u00e9nom\u00e8ne de nivellement de la hi\u00e9rarchie. Le salari\u00e9 tunisien est dipl\u00f4m\u00e9, parfois m\u00eame sur dipl\u00f4m\u00e9 par rapport au poste qu\u2019il occupe. Il est souvent m\u00eame plus dipl\u00f4m\u00e9 que son manager. De ce fait, m\u00eame si le manager a une sup\u00e9riorit\u00e9 hi\u00e9rarchique l\u00e9gitime, il n\u2019en demeure pas moins que la relation est davantage devenue une relation de partenariat que hi\u00e9rarchique. Ce nivellement hi\u00e9rarchique est r\u00e9el et constitue un fait. Le manager doit donc traiter avec un partenaire dans l\u2019entreprise et non plus un subordonn\u00e9.<\/font><\/span><\/p>\n<p align=\"justify\"><span lang=\"FR\"><font face=\"Arial\">Parce qu\u2019\u00e0 cause de l\u2019\u00e8re de l\u2019internet et du mail qui ont aussi chang\u00e9 la donne. Le salari\u00e9 est directement impact\u00e9 par cette r\u00e9volution technologique, ses valeurs changent. Ils devient plus exigeant quant au respect qu\u2019on doit lui accorder (est-il n\u00e9cessaire de rappeler qu\u2019apr\u00e8s le salaire, la premi\u00e8re exigence du salari\u00e9 est d\u2019\u00eatre respect\u00e9, encourag\u00e9 par sa hi\u00e8rarchie ; ce levier manag\u00e9rial est bien souvent n\u00e9glig\u00e9. Un sourire, serrer la main, un compliment quant au travail fait ne coute rien et peut rapporter gros!).<\/font><\/span><\/p>\n<p align=\"justify\"><span lang=\"FR\"><font face=\"Arial\">Le salari\u00e9 sait comment les managers traitent leur collaborateurs ailleurs, et ce d\u2019un seul clic de souris. Il conna\u00eet l\u2019ouverture que conna\u00eet la soci\u00e9t\u00e9 dans le monde. Comment peut il accepter d\u2019\u00eatre mal trait\u00e9 dans son entreprise par un dictateur-manager qui remet en question tout ce qu&rsquo;il fait? Parce que l\u2019imp\u00e9ratif de communication est apparu ! Un manager ne peut plus se permettre de se croire tout puissant car il contr\u00f4le l\u2019information. D\u2019ailleurs peut-il encore faire de la r\u00e9tention d\u2019information ? Avec internet, son salari\u00e9 en sait davantage et parfois m\u00eame plus que lui sur l\u2019entreprise (plusieurs exemples r\u00e9cents frappants ont r\u00e9v\u00e9l\u00e9 des informations confidentielles sur les entreprises tunisiennes). Certaines informations confidentielles sont divulgu\u00e9es publiquement et mondialement en un temps record ! Parce que le salari\u00e9 tunisien est malin comme tous les salari\u00e9s du monde (voir m\u00eame un peu plus). Par devant, ce sera un \u00ab un b\u00e9ni oui-oui \u00bb car il a peur de vous et que d\u00e8s que le manager a le dos tourn\u00e9, ce sera la f\u00eate au travail sur le dos de l\u2019entreprise.<\/font><\/span><\/p>\n<p align=\"justify\"><strong><span lang=\"FR\"><font face=\"Arial\">Le management \u00e0 la dure pour les durs managers<\/font><\/span><\/strong><\/p>\n<p align=\"justify\"><span lang=\"FR\"><font face=\"Arial\">Si certains managers auxquels j\u2019ai \u00e9t\u00e9 confront\u00e9 ont \u00e9volu\u00e9, d\u2019 autres, conscients qu\u2019ils allaient devoir se mettre davantage \u00e0 hauteur du salari\u00e9 et perdre leur pouvoir, firent bloc contre moi et me firent, je peux le dire avec le sourire aujourd\u2019hui, la mis\u00e8re totale. Coups bas et coups tordus \u00e9taient mon lot quotidien. Je devais donc, \u00e0 mon grand regret, adopter moi aussi une m\u00e9thode radicale avec eux. Ces r\u00e9calcitrants allaient go\u00fbter mon management \u00e0 la dure.<\/font><\/span><\/p>\n<p align=\"justify\"><span lang=\"FR\"><font face=\"Arial\">Du jour au lendemain, j\u2019intimidais et mena\u00e7ais. Je harcelais de contr\u00f4le certains et humiliais \u00e0 haute voix d\u2019autres. Je ne communiquais plus les objectifs \u00e0 r\u00e9aliser et prenait un malin plaisir \u00e0 souligner la non atteinte des objectifs que je n\u2019avais pas communiqu\u00e9s. Je r\u00e9trogradais certains managers et nommaient leurs anciennes victimes et ennemis dans l\u2019entreprise \u00e0 leur poste. Je coupais l\u2019internet de certains et les emp\u00eachait m\u00eame d\u2019avoir acc\u00e8s \u00e0 leur boite mails. Sous tension, je ne voulais pas qu\u2019ils se divertissent et trouvent une soupape de s\u00e9curit\u00e9. J\u2019agissais dans les r\u00e8gles mais comme elles.<\/font><\/span><\/p>\n<p align=\"justify\"><span lang=\"FR\"><font face=\"Arial\">Cette p\u00e9riode fut sans doute aussi \u00e9puisante pour eux que pour moi, en totale contradiction avec mes principes. Mais miracle, le groupe de managers r\u00e9calcitrants me demand\u00e8rent collectivement un temps d\u2019\u00e9change apr\u00e8s 3 mois de cette guerrilla dans l\u2019entreprise. Et l\u00e0 quelle ne fut pas ma stupeur quand ils m\u2019ont reproch\u00e9 d\u2019\u00eatre trop dur, d\u2019\u00eatre m\u00e9chant, de ne pas les respecter, de vouloir les humilier. Bref de ne pas leur fournir un cadre de travail positif plus \u00e0 m\u00eame de les rendre performants. Ceux que leurspropres subalternes leur reprochaient !!!<\/font><\/span><\/p>\n<p align=\"justify\"><span lang=\"FR\"><font face=\"Arial\">A partir de ce moment, avec beaucoup de retard, j\u2019ai pu commen\u00e7er ma mission. Je r\u00e9habilitais les managers r\u00e9trograd\u00e9s, faisait la paix avec tout le monde et eux s&rsquo;engageait \u00e0 vraiment manager mieux pour permettre \u00e0 l\u2019entreprise d\u2019\u00eatre plus performante (car au del\u00e0 des consid\u00e9rations humanistes, chaque manager doit comprendre que mieux manager c\u2019est dans l\u2019int\u00e9r\u00eat de l\u2019entreprise avant tout !)<\/font><\/span><\/p>\n<p align=\"justify\"><strong><span lang=\"FR\"><font face=\"Arial\">L\u2019empowerment (ou la commuication dans l&rsquo;entreprise, la motivation du salari\u00e9) <\/font><\/span><\/strong><\/p>\n<p align=\"justify\"><span lang=\"FR\"><font face=\"Arial\">Le manager doit soutenir ses salari\u00e9s. Le salari\u00e9, en venant le matin au travail, ne doit pas avoir peur d\u2019\u00eatre br\u00fbl\u00e9 par le b\u00fbcher des mauvaises paroles de son hi\u00e9rarchique. Non, le feu, il faut l\u2019allumer dans le c\u0153ur de vos collaborateurs. Motiv\u00e9s, ils travailleront plus. L\u2019entreprise doit \u00eatre un lieu d\u2019\u00e9change pour pouvoir mettre en place de nouvelles id\u00e9es, de nouveaux process pour satisfaire mieux vos clients. Rappelez-vous, le salari\u00e9 sait souvent mieux que le manager ce qui satisfait le client car il est au contact tout le temps avec le client.<\/font><\/span><\/p>\n<p align=\"justify\"><span lang=\"FR\"><font face=\"Arial\">Si cette communication, ces \u00e9changes n\u2019ont pas lieu dans l\u2019entreprise, ils auront lieu ailleurs, sur Internet, dans les couloirs, dans la rue\u2026ect. Et l\u00e0, ces informations qui circuleront pourront nuire \u00e0 l\u2019entreprise. N\u2019oubliez pas, nous sommes \u00e0 l\u2019\u00e8re du tweet et de l\u2019e-mail. Pour ce qui me lisent jusqu\u2019ici, pourquoi ce point sur le management ? qu\u2019est-ce que cela \u00e0 faire avec la R\u00e9volution tunisienne ?<\/font><\/span><\/p>\n<p align=\"justify\"><span lang=\"FR\"><font face=\"Arial\">Quand on regarde les sit-in dans certaines entreprises, les blocages de route devant certaines autres, \u2026.. on s\u2019aper\u00e7oit que ce ne sont pas tant des revendications salariales en terme financier qui sont faites mais des revendications \u00e0 destinations des managers pr\u00e9sents. Soit que ces managers, n\u2019ayant pas compris que le tunisien ne peut plus \u00eatre g\u00e9r\u00e9 par la peur continuent dans leurs mauvaises habitudes, soit qu\u2019il y a une carence en terme d\u2019\u00e9change dans l\u2019entreprise. Dans les deux cas, le conflit ne pouvant \u00eatre g\u00e9r\u00e9 dans l\u2019entreprise, il se d\u00e9place sur la voie publique, dans la rue occasionnant par la m\u00eame occasion des heurts qui viennent amplifier le climat que l\u2019ont conna\u00eet d\u00e9j\u00e0.<\/font><\/span><\/p>\n<p align=\"justify\"><span lang=\"FR\"><font face=\"Arial\">Si les personnes se sentent bien dans l\u2019entreprise et savent qu\u2019elles peuvent y \u00eatre entendues, elles n\u2019iront pas dans la rue. Elles s\u2019adresseront directement \u00e0 vous chefs d\u2019entreprise et managers. Vous aussi avez votre r\u00e9volution \u00e0 faire et jouer votre r\u00f4le dans l\u2019optique de bien manager, mais aussi d\u2019apaiser le climat social tunisien (et par la m\u00eame les \u00e9ventuels troubles \u00e0 l\u2019ordre public qui pourraient en r\u00e9sulter).<\/font><\/span><\/p>\n<p align=\"justify\"><span lang=\"FR\"><font face=\"Arial\">_____________<\/font><\/span><\/p>\n<p align=\"justify\"><span lang=\"FR\"><font face=\"Arial\">PS: Dans un souci d\u2019honn\u00eatet\u00e9 intellectuelle, j\u2019ajoute trois points. Le management est un art difficile, m\u00eame en Europe o\u00f9 h\u00e9las on voit qu\u2019il n\u2019est pas parfait car des suicides se produisent dans les entreprises et o\u00f9 les arr\u00eats maladies sont nombreux. Donc le management \u00ab \u00e0 la dure \u00bb n&rsquo;existe pas qu\u2019en Tunisie !<\/font><\/span><\/p>\n<p align=\"justify\"><span lang=\"FR\"><font face=\"Arial\">Ensuite, les salari\u00e9s tunisiens doivent bien comprendre que l\u2019anarchie est intol\u00e9rable quel que soit l\u2019\u00e9tat du pays ou le contexte et qu\u2019on ne peut pas profiter de la p\u00e9riode actuelle pour r\u00e9clamer tout et n\u2019importe quoi. Le tunisien ne peut pas reprocher \u00e0 l\u2019ancien syst\u00e8me son arbitraire et \u00eatre \u00e0 l\u2019origine d\u2019un contexte d\u2019arbitraire et d\u2019anarchie aujourd\u2019hui. Et j\u2019ai m\u00eame envie d\u2019ajouter \u00e0 l\u2019adresse du salari\u00e9 tunisien que par ces temps troubles que traverse la Tunisie, m\u00eame si ses revendications sont l\u00e9gitimes, qu\u2019ils fasse preuve de patience et se retienne d\u2019agir pour ne pas faire fuir les investisseurs \u00e9trangers et pour le bien de toute la Tunisie.<\/font><\/span><\/p>\n<p align=\"justify\"><span lang=\"FR\"><font face=\"Arial\">Enfin, mon texte ne concerne bien \u00e9videmment pas les actes de d\u00e9linquance, qui m\u00eame s&rsquo;ils se d\u00e9roulent dans une entreprise, sont des troubles \u00e0 l&rsquo;ordre public et rel\u00e8vent du domaine non plus des ressources humaines mais de la s\u00e9curit\u00e9.<\/font><\/span><\/p>\n<p align=\"justify\"><span lang=\"FR\"><font face=\"Arial\">Source : \u00ab Les Echos \u00bb Le 04-05-2011<\/font><\/span><\/p>\n<div>\n<p align=\"justify\"><font face=\"Arial\"><span lang=\"FR\"><font>Lien :<\/font><\/span><font><span lang=\"FR\"><\/span><\/font><span lang=\"FR\"><a href=\"http:\/\/lecercle.lesechos.fr\/node\/34924\" target=\"_blank\" rel=\"noopener\"><font>http:\/\/lecercle.lesechos.fr\/node\/34924<\/font><\/a><\/span><\/font><\/p>\n<\/div>\n<h4 align=\"center\" style=\"color: blue;\"><span lang=\"FR\"><\/p>\n<h4 style=\"color: blue;\"><font face=\"Arial\">Plus jamais la d\u00e9mocratie par procuration en Tunisie<\/font><\/h4>\n<p> <\/span><\/h4>\n<hr\/>\n<p align=\"justify\"><span lang=\"FR\"><font face=\"Arial\">Vivre la d\u00e9mocratie via un \u00e9cran de t\u00e9l\u00e9vision ne nous suffit plus.<\/font><\/span><\/p>\n<p align=\"justify\"><span lang=\"FR\"><font face=\"Arial\">Il fut un temps ou je vivais la d\u00e9mocratie par procuration, tout comme d\u2019autres tunisiens. J\u2019ai pass\u00e9 maintes soir\u00e9es \u00e0 suivre les r\u00e9sultats des \u00e9lections l\u00e9gislatives en France alors que je vivais en Tunisie et que je ne connaissais m\u00eame pas le nom du gouverneur ni celui du maire par exemple. Je veillais tard pour les \u00e9lections am\u00e9ricaines, pour moi les d\u00e9bats t\u00e9l\u00e9vis\u00e9s des politiciens des grandes d\u00e9mocraties mondiales \u00e9taient plus importants \u00e0 suivre qu\u2019un remaniement minist\u00e9riel tunisien. Oui le r\u00e9sultat \u00e9tait couru d\u2019avance et les chaises musicales du gouvernement ne me fascinaient pas.<\/font><\/span><\/p>\n<p align=\"justify\"><span lang=\"FR\"><font face=\"Arial\">Aujourd\u2019hui, je me rel\u00e8ve difficilement du choc post 14 janvier ou <\/font><font><a href=\"http:\/\/www.liberation.fr\/monde\/01012313875-le-lache-et-les-glorieux\" target=\"_blank\" rel=\"noopener\"><font face=\"Arial\">des \u00ab glorieux ont triomph\u00e9s du l\u00e2che<\/font><\/a><\/font><font face=\"Arial\"> \u00bb<\/font><\/span><\/p>\n<p align=\"justify\"><span lang=\"FR\"><font face=\"Arial\">Ces d\u00e9mocraties tant adul\u00e9es montrent pour moi leur \u00ab \u00e9chec \u00bb en n\u2019ayant pas pr\u00e9vu ni soutenu la volont\u00e9 des peuples opprim\u00e9s de se \u00ab lib\u00e9rer \u00bb du joug de la dictature. Aujourd\u2019hui je n\u2019arrive plus \u00e0 \u00ab aduler ces syst\u00e8mes d\u00e9mocratiques qui traitent avec des \u00e9tats avant de traiter avec des peuples. Je n\u2019arrive plus \u00e0 voir une once de \u00ab perfection \u00bb dans ces r\u00e9gimes qui soutiennent et financent les dictatures sous pr\u00e9texte que c\u2019est le dernier rempart contre le terrorisme.<\/font><\/span><\/p>\n<p align=\"justify\"><span lang=\"FR\"><font face=\"Arial\">Je cite <\/font><font><a href=\"http:\/\/www.lemonde.fr\/cgi-bin\/ACHATS\/acheter.cgi?offre=ARCHIVES&amp;type_item=ART_ARCH_30J&amp;objet_id=1153862\" target=\"_blank\" rel=\"noopener\"><font face=\"Arial\">Fr\u00e9d\u00e9ric Charillon Le monde 9 avril 11<\/font><\/a><\/font><font face=\"Arial\"> qui dit \u00ab la France doit rompre avec sa politique post coloniale \u00bb et je dis plus tout ceux qui se consid\u00e8rent comme les francs de ce monde doivent changer leur vision de la politique et s\u2019adapter \u00e0 cette nouvelle \u00e8re.<\/font><\/span><\/p>\n<p align=\"justify\"><span lang=\"FR\"><font face=\"Arial\">Je pense que ce qui se passe aujourd\u2019hui en Tunisie, en Egypte, au Maroc, au Bahrein, au Yemen , en Jordanie et bient\u00f4t partout dans le monde est encore plus fort que la chute du mur de Berlin. C\u2019est la chute du mur de la peur, du mur du complexe d\u2019inf\u00e9riorit\u00e9.<\/font><\/span><\/p>\n<p align=\"justify\"><span lang=\"FR\"><font face=\"Arial\">Je crois que les peuples qui se sont lev\u00e9s ces derniers mois contre leurs dictateurs sont fin pr\u00eat pour d\u00e9cider de leur sort. Pourquoi doit on se voir dans un moule de d\u00e9mocratie \u00e0 la fran\u00e7aise, \u00e0 l\u2019anglaise ou la su\u00e9doise, pourquoi on n\u2019invente pas notre propre syst\u00e8me d\u2019auto gouvernance. Je pense que ces r\u00e9voltes, \u00e9volutions ou r\u00e9volutions concr\u00e9tisent une soif de d\u00e9cider de son sort et celui de sa nation par soi m\u00eame.<\/font><\/span><\/p>\n<p align=\"justify\"><span lang=\"FR\"><font face=\"Arial\">Ce que je vois sur les r\u00e9seaux sociaux c\u2019est aussi une nouvelle forme de communication entre peuples directement sans passer par les colonnes des journaux ou les \u00e9missions t\u00e9l\u00e9.<\/font><\/span><\/p>\n<p align=\"justify\"><span lang=\"FR\"><font face=\"Arial\">Pour l\u2019anecdote, le jeunes de place Tahrir ont demand\u00e9 sur twitter et facebook \u00e0 leurs \u00ab amis tunisiens \u00bb comment ils faisaient pour lutter contre les gaz lacrymo et les tunisiens leur ont r\u00e9pondu utilisez du cola !<\/font><\/span><\/p>\n<p align=\"justify\"><span lang=\"FR\"><font face=\"Arial\">Des fouteurs de trouble ont tabass\u00e9 les joueurs d\u2019une \u00e9quipe de foot tunisienne en d\u00e9placement en Egypte. M\u00eame pas une heure apr\u00e8s on remarque une grande effervescence sur les r\u00e9seaux sociaux avec des Egyptiens qui demandent pardon aux tunisiens avec un millier de mani\u00e8res diff\u00e9rentes.<\/font><\/span><\/p>\n<p align=\"justify\"><span lang=\"FR\"><font face=\"Arial\">Ce type d\u2019\u00e9changes devrait nous inciter \u00e0 revoir la mani\u00e8re avec laquelle communiquent les pays et les peuples. Je pense que l\u2019\u00e8re des relations diplomatiques classiques est finie et qu\u2019aujourd\u2019hui on doit inventer un nouveau mode relationnel inter peuples et inter pays qui place l\u2019humain en dessus de toute autre consid\u00e9ration.<\/font><\/span><\/p>\n<p align=\"justify\"><span lang=\"FR\"><font face=\"Arial\">Oui \u00e7a affecterait les relations \u00e9conomiques telles que nous les connaissons les fronti\u00e8res administratives entre les pays les flux migratoires. Mais n\u2019est il pas temps d\u2019\u00e9voluer vers autre chose ?<\/font><\/span><\/p>\n<p align=\"justify\"><span lang=\"FR\"><font face=\"Arial\">Je reviens un peu sur terre, je n\u2019ai pas la pr\u00e9tention de changer le monde et pour le moment je me contente de pr\u00e9occupations plus terre \u00e0 terre comme les \u00e9lections en Tunisie. Je pense qu\u2019il est de notre devoir \u00e0 tous de voter et de d\u00e9cider de notre sort. Mieux, je pense qu\u2019il est de notre devoir de se pr\u00e9senter aux \u00e9lections comme repr\u00e9sentants du peuple. L\u2019assembl\u00e9e constituante devrait \u00e0 mon sens constituer un enjeu entre ind\u00e9pendants et pas \u00eatre disput\u00e9e par les partis politiques. Je vais sortir une phrase bateau pour dire que nous avons une chance de construire quelque chose pour nos enfants ; pour y arriver on doit innover et je pense que les partis du 20\u00e8me si\u00e8cle ne r\u00e9pondent plus aux besoins actuels.<\/font><\/span><\/p>\n<p align=\"justify\"><span lang=\"FR\"><font face=\"Arial\">Faites des listes ind\u00e9pendantes et surtout votez pour les ind\u00e9pendants !<\/font><\/span><\/p>\n<p align=\"justify\"><span lang=\"FR\"><font face=\"Arial\">Source : \u00ab agoravox \u00bb Le 04-05-2011<\/font><\/span><\/p>\n<div>\n<p align=\"justify\"><span lang=\"FR\"><font face=\"Arial\">Lien : <\/font><a href=\"http:\/\/www.agoravox.fr\/tribune-libre\/article\/plus-jamais-la-democratie-par-93304\" target=\"_blank\" rel=\"noopener\"><font face=\"Arial\">http:\/\/www.agoravox.fr\/tribune-libre\/article\/plus-jamais-la-democratie-par-93304<\/font><\/a><\/span><\/p>\n<\/div>\n<p align=\"center\"><b><span lang=\"FR\"><\/p>\n<h4 style=\"color: blue;\"><font face=\"Arial\">Tunisie. Les socialistes europ\u00e9ens \u00abvotent\u00bb\u2026 Mustapha Ben Ja\u00e2far<\/font><\/h4>\n<p> <\/span><\/b><\/p>\n<hr\/>\n<p>\u00a0<\/p>\n<p align=\"justify\"><span lang=\"FR\"><font face=\"Arial\">\u00abUn pays qui compte de nombreux partis, c\u2019est bien! Mais \u00e0 condition que tous ces partis se serrent les coudes et s\u2019orientent dans la direction qui conduira le pays au d\u00e9veloppement\u00bb\u2026 <\/font><\/span><\/p>\n<p align=\"justify\"><span lang=\"FR\"><font face=\"Arial\">C\u2019est ce qu\u2019a affirm\u00e9 Poul Nyrup Rasmussen, pr\u00e9sident du Parti socialiste europ\u00e9en (Pse), lors de la c\u00e9r\u00e9monie de cl\u00f4ture du s\u00e9minaire sur le th\u00e8me: \u00abR\u00e9volutions arabes, l\u2019heure de la d\u00e9mocratie et du progr\u00e8s\u00bb, organis\u00e9 par le Forum d\u00e9mocratique pour le travail et les libert\u00e9s (Fdtl), les 28 et 29 avril \u00e0 Tunis.<\/font><\/span><\/p>\n<p align=\"justify\"><span lang=\"FR\"><font face=\"Arial\">Il y a seulement quatre mois, un forum pareil n\u2019aurait jamais pu \u00eatre organis\u00e9 en Tunisie. Car, les orientations du Fdtl d\u00e9plaisaient \u00e0 l\u2019ex-pr\u00e9sident voire le d\u00e9rangeaient et constituaient une grave menace pour son syst\u00e8me. C\u2019est donc la premi\u00e8re fois que le Fdtl organise, en collaboration avec l\u2019organisation Euromed, une rencontre de cette envergue en Tunisie.<\/font><\/span><\/p>\n<p align=\"justify\"><b><span lang=\"FR\"><font face=\"Arial\">L\u2019union des politiques fait la force de la d\u00e9mocratie<\/font><\/span><\/b><\/p>\n<p align=\"justify\"><span lang=\"FR\"><font face=\"Arial\">Si dans son mot de cl\u00f4ture du forum, M. Rasmussen a tenu un discours ferme, c\u2019est parce que la Tunisie est aujourd\u2019hui \u00e0 la crois\u00e9e des chemins. Selon lui, derri\u00e8re la r\u00e9volution tunisienne, qui a d\u00e9clench\u00e9 les soul\u00e8vements dans le reste de la r\u00e9gion, il y a des id\u00e9es phares et des hommes libres et responsables. Si ces id\u00e9es ne sont pas mises en pratique et si ces hommes ne sont pas unis, la greffe de la d\u00e9mocratie aura du mal \u00e0 prendre en Tunisie et, par cons\u00e9quent, dans les autres pays arabes. <\/font><\/span><\/p>\n<p align=\"justify\"><span lang=\"FR\"><font face=\"Arial\">Le pr\u00e9sident du Pse a constat\u00e9 que le terrain est encore min\u00e9 de l\u2019int\u00e9rieur et qu\u2019il faut faire le m\u00e9nage prudemment dans la sc\u00e8ne politique avant de l\u2019assainir compl\u00e8tement et de passer par la suite \u00e0 la d\u00e9mocratie.<\/font><\/span><\/p>\n<p align=\"justify\"><span lang=\"FR\"><font face=\"Arial\">Selon lui, le pays est dans un enfer pav\u00e9 de bonnes intentions, l\u2019espoir est donc permis. \u00abUn pays qui compte plusieurs partis, c\u2019est bien! Mais \u00e0 condition que tous se serrent les coudes et s\u2019orientent dans la direction qui conduira le pays au d\u00e9veloppement. Le progr\u00e8s, ne se fera pas en l\u2019absence de la d\u00e9mocratie. Et sans cette union des uns et des autres, elle pourrait ne pas aboutir\u00bb, a-t-il pr\u00e9venu, en s\u2019adressant \u00e0 un parterre d\u2019intellectuels et de repr\u00e9sentants de partis, en tout 70 personnalit\u00e9s politiques arabes et euro-m\u00e9diterran\u00e9ennes.<\/font><\/span><\/p>\n<p align=\"justify\"><b><span lang=\"FR\"><font face=\"Arial\">Un climat de confiance et de\u2026 prudence <\/font><\/span><\/b><\/p>\n<p align=\"justify\"><span lang=\"FR\"><font face=\"Arial\">Avant de s\u2019attarder sur les conditions du passage de la r\u00e9volution \u00e0 la d\u00e9mocratie dans les pays arabes, le pr\u00e9sident du Pse n\u2019a pas omis de rendre hommage au secr\u00e9taire g\u00e9n\u00e9ral du Fdtl. \u00abLa direction et la vision montr\u00e9es par Mustapha Ben J\u00e2afar dans ces moments tumultueux me rendent fier de consid\u00e9rer le Fdtl comme associ\u00e9 du Pse. Nous ne pouvons qu\u2019\u00eatre confiants. En ce moment historique, notre conf\u00e9rence va contribuer \u00e0 implanter les fondements de la d\u00e9mocratie en Tunisie. Et si celle-ci r\u00e9ussit, elle s\u2019implantera tout naturellement dans l\u2019ensemble de la r\u00e9gion\u00bb, a-t-il indiqu\u00e9. <\/font><\/span><\/p>\n<p align=\"justify\"><span lang=\"FR\"><font face=\"Arial\">Dr Ben J\u00e2afar, pour sa part, a mis l\u2019index sur ce qui a pouss\u00e9 les peuples \u00e0 se r\u00e9volter. Pour lui, les r\u00e9volutions arabes ne sont pas des \u00e9meutes de pain, mais des soul\u00e8vements pour la libert\u00e9 et pour la dignit\u00e9. \u00abLes peuples de la r\u00e9gion ont en a marre de leurs dirigeants et il \u00e9tait temps de manifester leur d\u00e9sir d\u2019adh\u00e9rer aux valeurs universelles et de s\u2019inscrire dans une dynamique de libert\u00e9 et de d\u00e9mocratie\u00bb, a-t-il dit. Et d\u2019ajouter que des millions de personnes, au nord et au sud, veulent biffer les fronti\u00e8res, instaurer des dialogues de cultures et des civilisations entre les peuples. \u00abCes peuples refusent d\u2019\u00eatre isol\u00e9s ou marginalis\u00e9s. Ils ont besoin de se d\u00e9velopper sur des bases solides. Il est donc temps de remettre les aiguilles \u00e0 l\u2019heure et de reconstruire un vrai dialogue d\u2019\u00e9gal-\u00e0-\u00e9gal avec l\u2019Occident\u00bb, a-t-il expliqu\u00e9.<\/font><\/span><\/p>\n<p align=\"justify\"><span lang=\"FR\"><font face=\"Arial\">M. Ben Ja\u00e2far a indiqu\u00e9 qu\u2019apr\u00e8s avoir \u00e9cout\u00e9 les interventions des uns et des autres, il est devenu plus optimiste, m\u00eame si les hommes politiques doivent aujourd\u2019hui marcher sur des \u0153ufs. \u00abLes participants des divers courants politiques, ici pr\u00e9sents, ont fait savoir qu\u2019ils sont pr\u00eats \u00e0 coop\u00e9rer et il n\u2019y a pas mieux que la coop\u00e9ration\u00bb, a dit aussi le secr\u00e9taire g\u00e9n\u00e9ral du Fdtl. Pour lui, ce message est fort et il souhaite que ce soit un bon d\u00e9but. \u00abLe moment est venu pour que les uns et les autres s\u2019entendent sur un programme bas\u00e9 sur la libert\u00e9 et le respect mutuel\u00bb, a encore indiqu\u00e9 M. Ben Ja\u00e2far. Et d\u2019encha\u00eener: \u00abIl est vrai que, pour le moment, la Tunisie et ses voisins arabes sont fragilis\u00e9s. Pour ce qui est de la Tunisie, il y a encore des forces qui ont d\u00e9clench\u00e9 la r\u00e9volution et d\u2019autres qui tirent vers le bas.\u00bb Tout en soulignant, en passant, que plusieurs responsables et chefs d\u2019Etat de l\u2019Occident, qui sont des d\u00e9mocrates, ont malheureusement soutenu les dictatures, le chef du Fdtl a indiqu\u00e9 que \u00abla transition vers la d\u00e9mocratie va prendre des ann\u00e9es\u00bb et que la Tunisie et les pays arabes ont besoin \u00abd\u2019un coup de pouce de nos amis pour tourner d\u00e9finitivement la page sombre de notre histoire\u00bb.<\/font><\/span><\/p>\n<p align=\"justify\"><b><span lang=\"FR\"><font face=\"Arial\">L\u2019\u00e9difice de la transition a besoin d\u2019un bon partenariat <\/font><\/span><\/b><\/p>\n<p align=\"justify\"><span lang=\"FR\"><font face=\"Arial\">Aussi M. Ben J\u00e2afar a-t-il appel\u00e9 ses amis europ\u00e9ens \u00e0 plus de coop\u00e9ration dans l\u2019imm\u00e9diat. Car, selon lui, \u00abil y a des difficult\u00e9s, mais la Tunisie a encore son ciel bleu et limpide.\u00bb Et de lancer \u00e0 ses h\u00f4tes europ\u00e9ens: \u00abIl faut seulement que nous r\u00e9sistions un petit peu et que vous nous aidiez \u00e0 r\u00e9sister pour nous en sortir\u00bb. Tout en pr\u00e9cisant: \u00abLa Tunisie n\u2019a pas besoin de charit\u00e9, mais de coop\u00e9ration\u00bb.<\/font><\/span><\/p>\n<p align=\"justify\"><span lang=\"FR\"><font face=\"Arial\">Le leader du Fdtl a rappel\u00e9 que la r\u00e9volution tunisienne a d\u00e9clench\u00e9 un vent de libert\u00e9 dans les Etats de la r\u00e9gion et que ces Etats, qui sont en train de mettre les premi\u00e8res pierres \u00e0 leur \u00e9difice d\u00e9mocratique, sont capables de rattraper rapidement la caravane du d\u00e9veloppement. Il inutile de faire rapidement un saut pour acc\u00e9der \u00e0 la d\u00e9mocratie, a tenu, \u00e0 pr\u00e9venir Dr Ben J\u00e2afar. Avant d\u2019expliquer: \u00abPour \u00e9viter le risque de tr\u00e9bucher, nous avons besoin de monter les marches prudemment. Nous avons besoin aussi d\u2019un autre discours avec nos partenaires. Nous voulons un autre style, pas de hi\u00e9rarchie, mais une relation d\u2019\u00e9gal \u00e0 \u00e9gal\u00bb. \u00abConstruire la d\u00e9mocratie c\u2019est aussi \u00e9difier une soci\u00e9t\u00e9 progressiste, juste et \u00e9quitable\u00bb, a-t-il aussi soulign\u00e9. \u00abNous attendons des mesures urgentes pour sauvegarder les droits des Tunisiens. Il est aussi imp\u00e9ratif de renforcer l\u2019investissement dans les r\u00e9gions les plus recul\u00e9es et \u00e0 taux tr\u00e8s \u00e9lev\u00e9 de ch\u00f4mage. Nous voulons la stabilit\u00e9, nous ne tol\u00e9rons pas la violence. Il y a ceux qui parlent aujourd\u2019hui d\u2019un plan Marshall pour la Tunisie, moi, je plaide pour un plan de la dignit\u00e9\u00bb, a rench\u00e9ri le secr\u00e9taire g\u00e9n\u00e9ral du Fdtl. <\/font><\/span><\/p>\n<p align=\"justify\"><span lang=\"FR\"><font face=\"Arial\">Au terme du forum, M. Rasmussen a annonc\u00e9 un new deal: un second rendez-vous sera au printemps prochain. \u00abNous allons d\u00e9marrer le processus de notre partenariat. Nous avons d\u00e9j\u00e0 commenc\u00e9 \u00e0 mobiliser nos cellules en Europe pour un travail de coop\u00e9ration\u00bb, a promis le secr\u00e9taire g\u00e9n\u00e9ral du Fdtl.<\/font><\/span><\/p>\n<p align=\"justify\"><span lang=\"FR\"><font face=\"Arial\">Source : \u00ab Kapitalis \u00bb Le 04-05-2011<\/font><\/span><\/p>\n<div>\n<p align=\"justify\"><span lang=\"FR\"><font face=\"Arial\">Lien : <\/font><a href=\"http:\/\/www.kapitalis.com\/fokus\/62-national\/3779-tunisie-les-socialistes-europeens-lvotentr-mustapha-ben-jaafar.html\" target=\"_blank\" rel=\"noopener\"><font face=\"Arial\">http:\/\/www.kapitalis.com\/fokus\/62-national\/3779-tunisie-les-socialistes-europeens-lvotentr-mustapha-ben-jaafar.html<\/font><\/a><\/span><\/p>\n<\/div>\n<p align=\"center\"><b><span lang=\"FR\"><\/p>\n<h4 style=\"color: blue;\"><font face=\"Arial\">Comment le mode de scrutin va-t-il court-circuiter Ennahdha?<\/font><\/h4>\n<p> <\/span><\/b><\/p>\n<hr\/>\n<p>\u00a0<\/p>\n<p align=\"justify\"><span lang=\"FR\"><font face=\"Arial\">Par Mehdi Khemakhem*<\/font><\/span><\/p>\n<p align=\"justify\"><span lang=\"FR\"><font face=\"Arial\">Apr\u00e8s d\u2019innombrables d\u00e9bats enflamm\u00e9s concernant le mode de scrutin pour l\u2019\u00e9lection de la prochaine assembl\u00e9e constituante, je me suis rendu compte de la d\u00e9sinformation ambiante concernant la port\u00e9e et la pertinence du choix de la haute Commission pour la r\u00e9alisation des objectifs de la r\u00e9volution. Le citoyen lambda semble avoir troqu\u00e9 sa veste de politologue pour celle de bookmaker! Il donne non seulement gagnant d\u2019avance Ennahdha aux prochaines \u00e9lections mais il pr\u00e9dit \u00e9galement une domination sans partage de ce parti \u00e0 l\u2019assembl\u00e9e constituante vu la tr\u00e8s certaine obtention (toujours selon lui) de 25 ou 30% des voix le 24 juillet prochain&#8230; Je dois avouer que l\u2019annonce du choix d\u2019un mode de scrutin proportionnel \u00e0 plus grands restes m\u2019a confort\u00e9 dans mon optimisme quant \u00e0 l\u2019avenir de notre pays. Je vais essayer d\u2019expliquer pourquoi! Il n\u2019est pas question, dans cette note, de s\u2019\u00e9tendre sur les diff\u00e9rents modes de scrutin (aucun n\u2019\u00e9tant th\u00e9oriquement meilleur que l\u2019autre) mais de faire le plus simple possible en ne traitant que du mode de scrutin pour lequel nos \u00absages\u00bb ont opt\u00e9. Le raisonnement qui suit va se d\u00e9rouler en quatre temps. Il faut tout d\u2019abord comprendre que la \u00abcarte\u00bb des circonscriptions \u00e9lectorales a \u00e9t\u00e9 remodel\u00e9e. Chaque gouvernorat est d\u00e9sormais une circonscription \u00e9lectorale \u00e0 part enti\u00e8re sauf pour Tunis, Sfax et Nabeul qui, du fait de leur grand nombre d\u2019habitants, se sont vus tous les trois d\u00e9coup\u00e9s en deux circonscriptions (les trois comptent ainsi \u00abdouble\u00bb) Apr\u00e8s la question du nombre de circonscriptions, il est n\u00e9cessaire de s\u2019int\u00e9resser au nombre d\u2019habitants qu\u2019il va falloir en th\u00e9orie pour obtenir un si\u00e8ge \u00e0 l\u2019assembl\u00e9e constituante.  Il a \u00e9t\u00e9 d\u00e9cid\u00e9 qu\u2019un si\u00e8ge \u00e0 l\u2019assembl\u00e9e constituante repr\u00e9sentera 60.000 habitants (on prend en consid\u00e9ration le nombre total d\u2019habitants du pays) mais certaines r\u00e9gions int\u00e9rieures vont se voir attribuer des si\u00e8ges suppl\u00e9mentaires. La difficult\u00e9 r\u00e9side dans la troisi\u00e8me \u00e9tape. En pratique, une liste quelle qu\u2019elle soit ne devra pas n\u00e9cessairement obtenir 60.000 voix pour obtenir un si\u00e8ge \u00e0 l\u2019assembl\u00e9e constituante! Pourquoi?<\/font><\/span><\/p>\n<p align=\"justify\"><b><span lang=\"FR\"><font face=\"Arial\">Une simulation pour mieux comprendre  <\/font><\/span><\/b><span lang=\"FR\"><font face=\"Arial\">Je vous propose d\u2019effectuer une simulation. On va prendre l\u2019exemple d\u2019un gouvernorat qu\u2019on appellera \u00abquelconque\u00bb! Supposons que ce gouvernorat \u00abquelconque\u00bb compte 240.000 habitants. Le gouvernorat va donc b\u00e9n\u00e9ficier d\u2019office de 4 si\u00e8ges \u00e0 l\u2019assembl\u00e9e constituante (240 000 habitants\/60 000 voix pour obtenir un si\u00e8ge = 4 si\u00e8ges). Or les 240.000 habitants ne vont pas tous aller voter (c\u2019est la fameuse et dangereuse abstention) et certains votes seront blancs ou nuls! Ainsi, un nouveau param\u00e8tre entre en jeu: le nombre de suffrages exprim\u00e9s! Si l\u2019on consid\u00e8re que l&rsquo;on va avoir 200.000 suffrages exprim\u00e9s dans ce gouvernorat \u00abquelconque\u00bb qui compte 240.000 habitants, combien va t-il falloir obtenir de voix pour qu\u2019une liste obtienne un si\u00e8ge \u00e0 l\u2019assembl\u00e9e constituante? Et bien ce chiffre (que les juristes appellent quotient \u00e9lectoral) sera donn\u00e9 par la division du nombre de suffrages exprim\u00e9s dans le gouvernorat (soit 200.000 suffrages) par le nombre de si\u00e8ges qui lui a \u00e9t\u00e9 attribu\u00e9 au d\u00e9part (soit 4 si\u00e8ges dans notre cas). Ainsi, il faudra qu\u2019une liste obtienne 200.000 suffrages exprim\u00e9s\/4 si\u00e8ges = 50.000 voix pour obtenir un si\u00e8ge \u00e0 l\u2019assembl\u00e9e constituante! En quoi ce syst\u00e8me va t-il favoriser les petits partis et les listes ind\u00e9pendantes et donc par la m\u00eame plomber les \u00abgrands partis\u00bb?! C\u2019est la quatri\u00e8me \u00e9tape de notre raisonnement. Nous sommes toujours dans le cadre de notre simulation et de notre gouvernorat \u00abquelconque\u00bb. Nous supposerons que 8 listes ont \u00e9t\u00e9 mises en concurrence (pour ne pas compliquer les choses ) et que l\u2019on a obtenu les r\u00e9sultats suivants : Liste B (comme barbu) : 70.000 voix; Liste C (comme communistes): 10.000 voix; Liste P1 (comme parti progressiste 1): 30.000 voix; Liste P2 (comme parti progressiste 2) 27.000 voix; Liste P3 (comme parti progressiste 3) : 18.000 voix ; Liste I1 (comme ind\u00e9pendante 1) : 23.000 voix; Liste I2 (comme ind\u00e9pendante 2) : 15.000 voix; Liste 23 (comme parti n\u00e9 la veille des \u00e9lections du 24 juillet) : 7.000 voix. Parmi vous, certains ont la mine d\u00e9confite devant le r\u00e9sultat de notre scrutin. Certains pensent d\u00e9j\u00e0 \u00e0 prendre le premier vol pour Paris et d\u2019autres, le premier bateau pour Lampedusa !<\/font><\/span><\/p>\n<p align=\"justify\"><b><span lang=\"FR\"><font face=\"Arial\">Qui perd gagne! <\/font><\/span><\/b><span lang=\"FR\"><font face=\"Arial\">Pas de panique, faisons les comptes! Dans l\u2019\u00e9tape 3, on avait calcul\u00e9 qu\u2019il fallait 50.000 voix pour obtenir un si\u00e8ge \u00e0 l&rsquo;assembl\u00e9e constituante. Ainsi, la liste B est la seule \u00e0 remplir d\u2019office le crit\u00e8re et va donc obtenir le premier si\u00e8ge! Comment r\u00e9partir les 3 autres si\u00e8ges d\u00e9volus \u00e0 notre gouvernorat!? C\u2019est \u00e0 ce moment pr\u00e9cis que l\u2019expression mode de scrutin proportionnel \u00e0 plus forts restes prend tout son sens! Combien reste t-il de voix apr\u00e8s avoir attribu\u00e9 le premier des 4 si\u00e8ges \u00e0 la liste B? Liste B: 50.000 voix ayant permis de prendre le premier si\u00e8ge, il reste donc 20.000 voix; Liste C: reste 10.000 voix; Liste P1: reste 30.000 voix; Liste P2: reste 27.000 voix; Liste P3: reste 18.000 voix; Liste I1: reste 23.000 voix; Liste I2: reste 15.000 voix; Liste 23: reste 7.000 voix. Comment va-t-on attribuer les 3 si\u00e8ges restants? Le mode de scrutin pour lequel on a opt\u00e9 donne les 3 si\u00e8ges restants en \u00e9tablissant un classement d\u00e9gressif qui ne prend en consid\u00e9ration que les restes! La liste qui en a le plus se voit attribuer un si\u00e8ge \u00e0 l\u2019assembl\u00e9e constituante jusqu\u2019\u00e0 ce que tous les si\u00e8ges du gouvernorat soient \u00aboccup\u00e9s\u00bb! Ainsi, dans notre simulation, la liste Progressiste 1 b\u00e9n\u00e9ficiera du second si\u00e8ge, la liste Progressiste 2 b\u00e9n\u00e9ficiera du troisi\u00e8me si\u00e8ge et la liste Ind\u00e9pendante 1 obtiendra le quatri\u00e8me et dernier si\u00e8ge du gouvernorat! Le constat est saisissant. Dans le cadre de notre gouvernorat, la liste Barbu va obtenir un unique si\u00e8ge \u00e0 l\u2019assembl\u00e9e constituante (tout comme les deux premiers partis progressistes et la premi\u00e8re liste ind\u00e9pendante) et ce alors m\u00eame qu\u2019avec 70.000 suffrages exprim\u00e9s en sa faveur dans le gouvernorat, notre liste barbu a obtenu plus du double des suffrages exprim\u00e9s en faveur du second et du troisi\u00e8me parti, et m\u00eame du triple des voix exprim\u00e9es en faveur de la liste ind\u00e9pendante! Objectivement, le mode de scrutin choisi manque clairement d\u2019\u00e9quit\u00e9 mais il garantit cependant une plus grande repr\u00e9sentativit\u00e9 de la population. Il donne la possibilit\u00e9 aux petits partis et aux listes ind\u00e9pendantes de se frayer un chemin jusqu\u2019\u00e0 l&rsquo;assembl\u00e9e constituante aux d\u00e9pens des grands partis.<\/font><\/span><\/p>\n<p align=\"justify\"><b><span lang=\"FR\"><font face=\"Arial\">Une meilleure repr\u00e9sentativit\u00e9  <\/font><\/span><\/b><span lang=\"FR\"><font face=\"Arial\">A mon sens, le choix de ce mode de scrutin est tr\u00e8s pertinent dans la mesure o\u00f9 il va permettre \u00e0 l\u2019ensemble de la population de participer \u00e0 la r\u00e9daction de notre nouvelle Constitution, nouvelle norme fondamentale pouvant \u00e9galement s\u2019apparenter \u00e0 un v\u00e9ritable projet de soci\u00e9t\u00e9 et contrat social. On peut rappeler que la Constitution du 1er juin 1959 qui n\u2019est autre que la constitution de la premi\u00e8re r\u00e9publique tunisienne avait \u00e9t\u00e9 r\u00e9dig\u00e9e par une assembl\u00e9e constituante exclusivement compos\u00e9e de membres du N\u00e9o-Destour apr\u00e8s le choix \u00abvicieux\u00bb d\u2019un mode de scrutin majoritaire \u00e0 un tour! (le parti arrivant en t\u00eate au premier tour empochant alors la totalit\u00e9 des si\u00e8ges quel que soit son score). Outre cette meilleure repr\u00e9sentativit\u00e9, le mode de scrutin va certainement permettre d\u2019\u00e9viter toute mauvaise surprise et de combler le \u00abvide politique\u00bb devant lequel nous nous trouvons. J\u2019esp\u00e8re que les plus pessimistes d\u2019entre-nous ont \u00e9t\u00e9 un tant soit peu plus rassur\u00e9s \u00e0 la lecture de cette note! Pour autant, s\u00e9r\u00e9nit\u00e9 et optimisme ne doivent pas \u00eatre synonymes d\u2019immobilisme! Restons vigilants, mobilisons nous et engageons-nous! Ce n\u2019est pas en restant les bras crois\u00e9s que nous construirons ensemble la Tunisie de demain! Sinon, elle se construira certainement sans nous!<\/font><\/span><\/p>\n<p align=\"justify\"><i><span lang=\"FR\"><font face=\"Arial\">* Etudiant.<\/font><\/span><\/i><\/p>\n<p align=\"justify\"><span lang=\"FR\"><font face=\"Arial\">Source : \u00ab Kapitalis \u00bb Le 04-05-2011<\/font><\/span><\/p>\n<div>\n<p align=\"justify\"><span lang=\"FR\"><font face=\"Arial\">Lien : <\/font><a href=\"http:\/\/www.kapitalis.com\/fokus\/62-national\/3780-comment-le-mode-de-scrutin-va-t-il-court-circuiter-ennahdha.html\" target=\"_blank\" rel=\"noopener\"><font face=\"Arial\">http:\/\/www.kapitalis.com\/fokus\/62-national\/3780-comment-le-mode-de-scrutin-va-t-il-court-circuiter-ennahdha.html<\/font><\/a><\/span><\/p>\n<\/div>\n<p align=\"center\"><b><span lang=\"FR\"><\/p>\n<h4 style=\"color: blue;\"><font face=\"Arial\">C\u2019est l\u2019heure du rassemblement !<\/font><\/h4>\n<p><\/span><\/b><\/p>\n<hr\/>\n<p>\u00a0<\/p>\n<p align=\"justify\"><font face=\"Arial\"><span lang=\"FR\"><font>Par <\/font><\/span><font><strong><span lang=\"EN\">Hichem Stambouli*<\/span><\/strong><\/font><span lang=\"EN\"><font><\/font><\/span><\/font><\/p>\n<p align=\"justify\"><span lang=\"FR\"><font face=\"Arial\">Un mois de r\u00e9volution, un mois de r\u00e9volte, un mois d\u2019insoumission : la premi\u00e8re facture du calme.  Tel est le sch\u00e9ma intrins\u00e8que que l\u2019on attribuerait \u00e0 la majorit\u00e9 des tunisiens pour venir \u00e0 bout de l\u2019oppression qui les a tant fait souffrir et indign\u00e9s durant plus de 20 ans.  <\/font><\/span><font><font face=\"Arial\"><span lang=\"EN\">\u00ab Une r\u00e9volution classique \u00bb, diront certains, d\u2019un peuple qui s\u2019est d\u00e9barrass\u00e9 du p\u00e9nible fardeau dictatorial et qui s\u2019est constitu\u00e9 partie civile. Le constat reste l\u00e9gitime tant qu\u2019il s\u2019int\u00e9resse \u00e0 l\u2019aspect ou \u00e0 l\u2019allure de la r\u00e9volution, mais d\u00e8s lors qu\u2019il en d\u00e9couvre l\u2019\u00e2me, il demeure infond\u00e9. Cette r\u00e9volution est propre \u00e0 l\u2019\u00e2me de ses martyrs, arabes et m\u00e9diterran\u00e9ens. Cette r\u00e9volution est Tunisienne et non un avatar d\u2019une quelconque autre r\u00e9volution occidentale.   Le message du tunisien r\u00e9volutionnaire semblait pourtant clair : \u00ab Libert\u00e9 \u00bb. Cette m\u00eame libert\u00e9 lui a procur\u00e9 l\u2019espoir du soulagement relay\u00e9 dans les rues par un souffle de d\u00e9livrance. Cette m\u00eame libert\u00e9 l\u2019a plong\u00e9 dans un sentiment de t\u00e9m\u00e9rit\u00e9 et d\u2019appr\u00e9hension d\u00e8s qu\u2019il \u00e9tait question de la pr\u00e9server. <\/span><span lang=\"NO-BOK\">Le tunisien se sentait ainsi libre de partir \u00e0 la qu\u00eate des sens : libre de vivre, libre de s\u2019exprimer, libre de s\u2019affirmer, libre d\u2019exulter, libre de condamner, libre de r\u00e9criminer. <\/span><span lang=\"EN\">Guid\u00e9 par son unique instinct, il \u00e9tait pour la premi\u00e8re fois entendu, reconnu et respect\u00e9. <\/span><\/font><span lang=\"NO-BOK\"><font face=\"Arial\">Il s\u2019est d\u00e9couvert une nouvelle forme de r\u00e9alit\u00e9 b\u00e2tie par son miracle sur les fondements de l\u2019estime, de la dignit\u00e9 et de la juste reconnaissance. Internet lui a sugg\u00e9r\u00e9 le R\u00eave de la libert\u00e9, que son sang a transform\u00e9 en Libert\u00e9 de r\u00eaver. Il se voyait ainsi libre de r\u00e9clamer les instruments \u00ab sous-garanties \u00bb de ladite Libert\u00e9.  Face \u00e0 cette foudroyante ferveur populaire, le gouvernement provisoire de Ghannouchi, quel qu\u2019il f\u00fbt, ne pouvait \u00e9videmment pas suivre le rythme impos\u00e9 par la renaissance du peuple. Plus les jours passaient, plus il perdait de sa l\u00e9gitimit\u00e9. Ce gouvernement, atrophi\u00e9 ne serait ce que par l\u2019historique du r\u00e9gime sanguinaire pr\u00e9c\u00e9dent, n\u2019\u00e9tait qu\u2019au stade de r\u00e9former les r\u00e9formes et de restructurer les forces de l\u2019ordre fourvoy\u00e9es.<\/font><\/span><font face=\"Arial\"><span lang=\"EN\">Le gouvernement \u00e9tait instable face \u00e0 une pression implacable et vigilante d\u2019un peuple soucieux qui s\u2019estimait d\u00e9j\u00e0 pr\u00eat \u00e0 vivre librement.  Il ne s\u2019agit pas de critiquer l\u2019ancien gouvernement provisoire, loin de l\u00e0, mais bel et bien de sensibiliser le tunisien sur tout ce qui se passe autour de lui, de ses nouvelles fonctions de citoyens jusqu\u2019\u00e0 l\u2019environnement politique et social auquel il appartient. Il faudrait ainsi commencer par analyser quelques facettes du pass\u00e9 pour comprendre la r\u00e9alit\u00e9 du pr\u00e9sent. Nous ne pouvons nous emp\u00eacher d\u2019admettre qu\u2019en d\u00e9pit des efforts investis et des discours prononc\u00e9s, ce gouvernement provisoire \u00e9tait d\u00e9pass\u00e9 ; il se voulait rassurant mais r\u00e9pandait involontairement l\u2019inqui\u00e9tude, il se voulait s\u00e9curitaire mais ne maitrisait pas encore son autorit\u00e9, il se voulait unitaire mais provoquait maladroitement le d\u00e9sordre. Le gouvernement de Mohamed Ghannouchi \u00e9tait instable, non pas parce qu\u2019il n\u2019\u00e9tait pas \u00e0 la hauteur de ses responsabilit\u00e9s, mais parce qu\u2019il ne pouvait satisfaire les attentes que lui incombait la nervosit\u00e9 d\u2019un peuple impatient. Il se voulait \u00e0 la merci du tunisien avant m\u00eame de d\u00e9cider, d\u00e9mocratique avant m\u00eame de communiquer et souverain avant m\u00eame de s\u2019affirmer. Il se voulait ainsi d\u00e9missionnaire avant m\u00eame de gouverner.   La Tunisie a v\u00e9cu une incapacit\u00e9 politique, n\u2019ayant pas peur des mots : un r\u00e9el vide politique. Il serait pourtant impensable de parler d\u2019aspirations d\u00e9mocratiques sans parler de rupture brutale et totale avec l\u2019ancien r\u00e9gime de Ben Ali. Si nous devions retenir un seul point positif, et non moins essentiel, de ce n\u00e9ant politique, c\u2019est qu\u2019il a permis par la force du peuple d\u2019\u00e9carter progressivement l\u2019ignominie et la d\u00e9pravation initi\u00e9es par les t\u00eates dirigeantes de l\u2019ancien r\u00e9gime. Les Tunisiens se sont rassembl\u00e9s autour d\u2019un rejet pulsionnel g\u00e9n\u00e9ral envers ceux que nous appelons les petits Ben Ali : le signe d\u2019une unit\u00e9 nationale retrouv\u00e9e semblable \u00e0 celle de l\u2019apr\u00e8s ind\u00e9pendance. Il s\u2019agit d\u2019une condition n\u00e9cessaire mais pas suffisante \u00e0 la garantie de l\u2019av\u00e8nement du peuple tunisien. La probl\u00e9matique aujourd\u2019hui est de remplir le vide politique, et plus particuli\u00e8rement de bien le faire car \u00ab la nature a horreur du vide \u00bb.  Les partis politiques ne sont malheureusement pas exempts de tout reproche. Ils n\u2019ont jusqu\u2019\u00e0 pr\u00e9sent pas r\u00e9ussi \u00e0 combler une partie du vide politique, bien plus pr\u00e9occup\u00e9s, \u00e0 s\u00e9duire qu\u2019\u00e0 gu\u00e9rir, \u00e0 critiquer qu\u2019\u00e0 construire\u2026 Certains ont accru le foss\u00e9 entre le gouvernement et le peuple afin de donner plus d\u2019impact \u00e0 leurs promesses miraculeuses, qui ne restent qu\u2019illusions tant qu\u2019elles ne sont pas mat\u00e9rialis\u00e9es par des actions substantielles.  O\u00f9 sont ces partis politiques qui n\u2019attendaient que le d\u00e9part de Ben Ali pour \u00e9clore. Faute de moyens ou de structure ? La seule excuse \u00ab tol\u00e9r\u00e9e \u00bb, c\u2019est qu\u2019ils n\u2019ont pas exist\u00e9 quand le peuple les a r\u00e9clam\u00e9s. <\/span><span lang=\"NO-BOK\">Choisir de repr\u00e9senter un groupe de personnes, c\u2019est commencer par se consid\u00e9rer comme partie int\u00e9grante d\u2019un peuple de personnes. <\/span><\/font><span lang=\"EN\"><font face=\"Arial\">Les partis auraient-ils confondu leurs int\u00e9r\u00eats avec l\u2019int\u00e9r\u00eat national \u00e0 l\u2019instant t = r\u00e9volution ? Il ne fallait pas grand-chose pour se rapprocher du peuple, pour le toucher, le sensibiliser, le r\u00e9unir, l\u2019organiser, l\u2019informer, le guider, le conseiller, le flatter et le raisonner. Il ne fallait pas grand-chose pour \u00eatre \u00e0 la fois le confident, le garant et l\u2019interlocuteur privil\u00e9gi\u00e9 de la foule : le liant principal entre le pouvoir et le peuple. Comment voulons-nous instaurer un ordre social alors que nous n\u2019arrivons pas \u00e0 g\u00e9n\u00e9rer un ordre moral au sein de partis totalement libres de s\u2019organiser ? Tant d\u2019interrogations pour un tunisien qui cherche \u00e0 donner un sens \u00e0 sa d\u00e9mocratie. Tant qu\u2019il restera dans la division il restera dans le doute, et ne pourra retourner travailler l\u2019esprit libre, de peur d\u2019\u00eatre tromp\u00e9 d\u00e8s qu\u2019il aura le dos tourn\u00e9. Agir ensemble constituera notre meilleure avanc\u00e9e. Que dire d\u2019un peuple soulag\u00e9 qui n\u2019a besoin que de s\u00e9r\u00e9nit\u00e9 pour faire don de sa libert\u00e9 au service du progr\u00e8s. Un progr\u00e8s encore bon march\u00e9 : avis aux investisseurs \u00e9trangers.  Nous n\u2019allons pas intervertir une dictature en une d\u00e9mocratie en peu de temps. La d\u00e9mocratie est un apprentissage institutionnel de longue haleine qui passe, tout d\u2019abord, par un sacrifice progressif de l\u2019int\u00e9r\u00eat personnel au b\u00e9n\u00e9fice de valeurs morales communes. N\u2019oublions pas que la d\u00e9mocratie estropi\u00e9e de Ben Ali, soutenue par la d\u00e9mocratie imp\u00e9rialiste occidentale, avait r\u00e9ussie \u00e0 spolier un peuple tout entier. La d\u00e9mocratie n\u2019a aucune d\u00e9finition universelle, parler d\u2019un mod\u00e8le d\u00e9mocratique nous oblige \u00e0 le situer dans un r\u00e9f\u00e9rentiel politique, social et \u00e9conomique, pr\u00e9cis dans l\u2019espace et dans le temps. Notre d\u00e9mocratie sera ainsi notre concept politique qui ne trouvera signification qu\u2019\u00e0 l\u2019int\u00e9rieure de nos fronti\u00e8res, dans notre culture, nos traditions et nos pr\u00e9ceptes. <\/font><\/span><span lang=\"NO-BOK\"><font face=\"Arial\">Le seul caract\u00e8re universel de toute d\u00e9mocratie r\u00e9side dans l\u2019int\u00e9r\u00eat de pr\u00e9server la souverainet\u00e9 du peuple. Il ne se justifie ni par le nombre de partis politiques recens\u00e9s, ni par l\u2019expression spontan\u00e9e et d\u00e9sordonn\u00e9e d\u2019un sentiment populaire, deux ph\u00e9nom\u00e8nes encore visibles dans une Tunisie post-r\u00e9volutionnaire. La d\u00e9mocratie serait plut\u00f4t appr\u00e9ci\u00e9e par l\u2019interaction organis\u00e9e d\u2019unit\u00e9s rassemblant des personnes autour de valeurs, de principes, de doctrines et d\u2019id\u00e9ologies tant qu\u2019elles restent universelles. Pour garantir le bien commun, de la naissance des id\u00e9es jusqu\u2019au vote de la citoyennet\u00e9, ce syst\u00e8me politique doit bien \u00e9videmment \u00eatre r\u00e9gi par des r\u00e8gles aussi bien d\u00e9finies que respect\u00e9es.   L\u2019issue de ces r\u00e8gles se dessinera par une Assembl\u00e9e Constituante. La principale bonne nouvelle est que tout le peuple votera un certain 24 juillet. Cependant, les partis politiques r\u00e9partis aujourd\u2019hui en 63 unit\u00e9s ne refl\u00e8tent aucune solidarit\u00e9, ni une r\u00e9elle envie de se rassembler mis \u00e0 part quelques vell\u00e9it\u00e9s dans ce sens qui tardent \u00e0 se concr\u00e9tiser. Faut-il d\u2019abord qu\u2019ils rassemblent le peuple autour de leurs unit\u00e9s sans conflit d\u2019int\u00e9r\u00eat et sans peur de succ\u00e9der. Nous n\u2019avons plus le temps d\u2019analyser, nous devons regrouper toutes les forces vives et s\u2019unir autour d\u2019un \u00e9tendard visant \u00e0 contrecarrer les extr\u00eames pens\u00e9es car il serait irresponsable aujourd\u2019hui de nier le risque de l\u2019obscurantisme d\u2019un \u00e9tat islamis\u00e9. <\/font><\/span><\/font><span lang=\"EN\"><font face=\"Arial\"><font>Notre optimisme restera aussi inviolable et prononc\u00e9 que l\u2019enthousiasme de notre libert\u00e9 car nous ne laisserons plus jamais notre histoire se confesser. Certaines actions sont irr\u00e9versibles et conditionn\u00e9es, arrivera le jour o\u00f9 nous en connaitrons les effets.   <\/font><em><span><font>*Ing\u00e9nieur d&rsquo;Affaires<\/font><\/span><\/em><\/font><\/span><\/p>\n<p align=\"justify\"><span lang=\"FR\"><font face=\"Arial\">Source : \u00ab Leaders \u00bb Le 03-05-2011<\/font><\/span><\/p>\n<div>\n<p align=\"justify\"><font face=\"Arial\"><span lang=\"FR\"><font>Lien :<\/font><\/span><font><span lang=\"FR\"><\/span><\/font><span lang=\"FR\"><a href=\"http:\/\/www.leaders.com.tn\/article\/c-est-l-heure-du-rassemblement?id=5054\" target=\"_blank\" rel=\"noopener\"><font>http:\/\/www.leaders.com.tn\/article\/c-est-l-heure-du-rassemblement?id=5054<\/font><\/a><\/span><\/font><\/p>\n<\/div>\n<p align=\"center\"><b><span lang=\"FR\"><\/p>\n<h4 style=\"color: blue;\"><font face=\"Arial\">Retour de la \u00abd\u00e9gage\u00bb !<\/font><\/h4>\n<p> <\/span><\/b><\/p>\n<hr\/>\n<p>\u00a0<\/p>\n<p align=\"justify\">\u00a0<\/p>\n<p align=\"justify\"><b><span lang=\"FR\"><font face=\"Arial\">Par Hajer AJROUDI<\/font><\/span><\/b><\/p>\n<p align=\"justify\"><font face=\"Arial\"><span lang=\"FR\"><font>Samedi dernier, le parti Ennahdha voulant donner une r\u00e9union \u00e0 Monastir, s\u2019est vu non seulement emp\u00eacher, mais aussi agresser. <\/font><\/span><font><span lang=\"NO-BOK\">La foule, les accueillant par des \u00ab d\u00e9gage \u00bb, n\u2019a pas tard\u00e9 de les agresser en leur lan\u00e7ant des \u0153ufs et des pierres. Des centaines de copies du journal \u00ab Al Fajer \u00bb du parti ont \u00e9t\u00e9 dispers\u00e9es dans le vent et la foule excit\u00e9e foulait le papier en poussant des cris d\u00e9cha\u00een\u00e9s. On se serait cru au moyen \u00e2ge assistant \u00e0 une foule br\u00fblant les \u0153uvres, suite \u00e0 des proc\u00e8s populaires, et en accusant leurs auteurs d\u2019h\u00e9r\u00e9sie, sorcellerie ou autres vindictes\u2026 <\/span><\/font><span lang=\"EN-US\"><font>Il ne manquait plus que le b\u00fbcher dans cette chasse aux sorci\u00e8res. <\/font><\/span><\/font><\/p>\n<p align=\"justify\">\u00a0<\/p>\n<p align=\"justify\"><span lang=\"EN-US\"><font face=\"Arial\">La m\u00eame sc\u00e8ne ou presque s\u2019est d\u00e9roul\u00e9e contre Ennahdha \u00e0 Kelibia, au Watan au Sud et \u00e0 d\u2019autres chefs de partis qui se font simultan\u00e9ment renvoyer d\u2019une r\u00e9gion ou d\u2019une autre. <\/font><\/span><\/p>\n<p align=\"justify\"><span lang=\"EN-US\"><font face=\"Arial\">C\u2019est \u00e0 croire que les cartes sont d\u00e9j\u00e0 jou\u00e9es, que chaque zone se range d\u00e9j\u00e0 exclusivement du c\u00f4t\u00e9 de son parti et que tout autre intrus osant y organiser sa campagne est syst\u00e9matiquement rejet\u00e9. <\/font><\/span><\/p>\n<p align=\"justify\"><font face=\"Arial\"><span lang=\"EN-US\"><font>Mais m\u00eame si la majorit\u00e9 de telle ou telle r\u00e9gion a d\u00e9j\u00e0 choisi son clan, cela deviendra-t-il zone exclusive ? <\/font><\/span><span lang=\"NO-BOK\"><font>Ceux qui h\u00e9sitent encore, n\u2019ont-il pas le droit de se d\u00e9cider pour un autre parti ? <\/font><\/span><\/font><\/p>\n<p align=\"justify\"><font face=\"Arial\"><span lang=\"EN-US\"><font>A Monastir, la foule argue que Rached Ghannouchi n\u2019est pas le bienvenu car il aurait refus\u00e9 de prier pour l\u2019\u00e2me de Bourguiba. Au Sud, le Watan a \u00e9t\u00e9 r\u00e9fut\u00e9 car son chef faisait partie de l\u2019ancien r\u00e9gime, \u00e0 Kelibia, <\/font><\/span><font><span lang=\"EN-US\">La Ennahdha<\/span><\/font><span lang=\"EN-US\"><font> a \u00e9t\u00e9 interdite de r\u00e9union car son orientation irait \u00e0 l\u2019encontre de celle de la population locale mod\u00e9r\u00e9e et ouverte\u2026 En fait, les pr\u00e9textes invoqu\u00e9s ne manquent pas, mais cela justifie-t-il un tel acharnement. <\/font><\/span><\/font><\/p>\n<p align=\"justify\"><span lang=\"EN-US\"><font face=\"Arial\">Il est certain que dans un pays qui se veut libre et d\u00e9mocrate, l\u2019opposition et l\u2019opinion contraire sont une donn\u00e9e et une logique tout \u00e0 fait normale. Mais cela ne doit pas mener \u00e0 l\u2019anarchie et priver les citoyens ou les partis de faire v\u00e9hiculer leurs arguments. Opposer son refus \u00e0 un mouvement ou \u00e0 un autre d\u00e9rog\u00e9 aux r\u00e8gles de civisme. Un rassemblement avec des brassards aurait suffi \u00e0 d\u00e9montrer ce refus, si m\u00eame manifester son rejet soit essentiel, car l\u2019on peut tout simplement boycotter une r\u00e9union. <\/font><\/span><\/p>\n<p align=\"justify\"><span lang=\"EN-US\"><font face=\"Arial\">Pourquoi cet acharnement alors et o\u00f9 cela nous m\u00e8nera-t-il ? <\/font><\/span><\/p>\n<p align=\"justify\"><span lang=\"EN-US\"><font face=\"Arial\">Le pays d\u00e9j\u00e0 accabl\u00e9 par les troubles et l\u2019ins\u00e9curit\u00e9 \u2013 les Tunisiens refusant plus ce que jamais l\u2019autorit\u00e9 polici\u00e8re et avides de leur libert\u00e9 \u2013 se laisseraient-ils aller \u00e0 une \u00ab inculture politique \u00bb ? <\/font><\/span><\/p>\n<p align=\"justify\"><span lang=\"EN-US\"><font face=\"Arial\">La crainte qu\u2019on ne leur confisque leur libert\u00e9, par un extr\u00e9misme religieux ou par le retour d\u2019un syst\u00e8me, RCDiste assez puissant et d\u00e9j\u00e0 existant, les pousse \u00e0 vouloir faire taire qui que ce soit susceptible de le faire. <\/font><\/span><\/p>\n<p align=\"justify\"><span lang=\"EN-US\"><font face=\"Arial\">Faire taire l\u2019autre constitue pour eux une garantie que son message ne puisse arriver et donc convaincre. Certains d\u00e9bordements, n\u00e9anmoins, laissent croire que le mouvement n\u2019est point innocent et qu\u2019il y a quelques forces derri\u00e8re. <\/font><\/span><\/p>\n<p align=\"justify\"><span lang=\"EN-US\"><font face=\"Arial\">Or, il a toujours \u00e9t\u00e9 \u00e9tabli qu\u2019opprimer l\u2019autre, le rend non seulement plus agressif, mais \u00e9veille \u00e9galement la compassion et donc renforce sa position. <\/font><\/span><\/p>\n<p align=\"justify\"><span lang=\"EN-US\"><font face=\"Arial\">Il est \u00e9galement essentiel de savoir que ce comportement antid\u00e9mocratique finira par faire s\u2019\u00e9vaporer le r\u00eave que nous avons tous caress\u00e9, \u00e0 savoir \u00eatre finalement libre et pouvoir choisir le gouvernement pour lequel votera la majorit\u00e9. A trop pratiquer le d\u00e9gage, c\u2019est la d\u00e9mocratie que nous r\u00e9ussirons \u00e0 faire d\u00e9gager\u2026 N\u2019oublions jamais que nous faisons nos premiers pas sur un chemin caillouteux \u2013 prenons bien garde de tr\u00e9bucher \u2013 ce n\u2019est qu\u2019un d\u00e9but d\u2019initiation \u00e0 la d\u00e9mocratie.<\/font><\/span><\/p>\n<p align=\"justify\"><span lang=\"EN-US\"><font face=\"Arial\">Source: \u201cLe Temps\u201d Le 04-05-2011<\/font><\/span><\/p>\n<div>\n<p align=\"justify\"><span lang=\"NO-BOK\"><font face=\"Arial\">Lien: <\/font><a href=\"http:\/\/www.letemps.com.tn\/article-55644.html\" target=\"_blank\" rel=\"noopener\"><font face=\"Arial\">http:\/\/www.letemps.com.tn\/article-55644.html<\/font><\/a><\/span><\/p>\n<\/div>\n<\/div>\n<p><\/body><\/body><\/html><\/p>","protected":false},"excerpt":{"rendered":"<p>TUNISNEWS 11 \u00e8me ann\u00e9e, N\u00b03998 du 04.05.2011 archives : www.tunisnews.net AFP: Ben Ali et son \u00e9pouse accus\u00e9s de \u00ab\u00a0complot contre la s\u00fbret\u00e9\u00a0\u00bb de l&rsquo;Etat AFP: Tunisien: 55 nouveaux partis sur la sc\u00e8ne politique depuis la r\u00e9volution AFP: 40.000 Libyens fuient en Tunisie AFP:Evacuation d&rsquo;un immeuble parisien occup\u00e9 par des migrants tunisiens REVUE DE PRESSE \u00a0 [&hellip;]<\/p>\n","protected":false},"author":1,"featured_media":22040,"comment_status":"open","ping_status":"open","sticky":false,"template":"","format":"standard","meta":{"inline_featured_image":false,"site-sidebar-layout":"default","site-content-layout":"","ast-site-content-layout":"default","site-content-style":"default","site-sidebar-style":"default","ast-global-header-display":"","ast-banner-title-visibility":"","ast-main-header-display":"","ast-hfb-above-header-display":"","ast-hfb-below-header-display":"","ast-hfb-mobile-header-display":"","site-post-title":"","ast-breadcrumbs-content":"","ast-featured-img":"","footer-sml-layout":"","ast-disable-related-posts":"","theme-transparent-header-meta":"","adv-header-id-meta":"","stick-header-meta":"","header-above-stick-meta":"","header-main-stick-meta":"","header-below-stick-meta":"","astra-migrate-meta-layouts":"default","ast-page-background-enabled":"default","ast-page-background-meta":{"desktop":{"background-color":"","background-image":"","background-repeat":"repeat","background-position":"center center","background-size":"auto","background-attachment":"scroll","background-type":"","background-media":"","overlay-type":"","overlay-color":"","overlay-opacity":"","overlay-gradient":""},"tablet":{"background-color":"","background-image":"","background-repeat":"repeat","background-position":"center center","background-size":"auto","background-attachment":"scroll","background-type":"","background-media":"","overlay-type":"","overlay-color":"","overlay-opacity":"","overlay-gradient":""},"mobile":{"background-color":"","background-image":"","background-repeat":"repeat","background-position":"center center","background-size":"auto","background-attachment":"scroll","background-type":"","background-media":"","overlay-type":"","overlay-color":"","overlay-opacity":"","overlay-gradient":""}},"ast-content-background-meta":{"desktop":{"background-color":"var(--ast-global-color-5)","background-image":"","background-repeat":"repeat","background-position":"center center","background-size":"auto","background-attachment":"scroll","background-type":"","background-media":"","overlay-type":"","overlay-color":"","overlay-opacity":"","overlay-gradient":""},"tablet":{"background-color":"var(--ast-global-color-5)","background-image":"","background-repeat":"repeat","background-position":"center center","background-size":"auto","background-attachment":"scroll","background-type":"","background-media":"","overlay-type":"","overlay-color":"","overlay-opacity":"","overlay-gradient":""},"mobile":{"background-color":"var(--ast-global-color-5)","background-image":"","background-repeat":"repeat","background-position":"center center","background-size":"auto","background-attachment":"scroll","background-type":"","background-media":"","overlay-type":"","overlay-color":"","overlay-opacity":"","overlay-gradient":""}},"footnotes":""},"categories":[],"tags":[57,42,29],"class_list":["post-17433","post","type-post","status-publish","format-standard","has-post-thumbnail","hentry","tag-57","tag-42","tag-fr"],"_links":{"self":[{"href":"https:\/\/tunisnews.net\/ar\/wp-json\/wp\/v2\/posts\/17433","targetHints":{"allow":["GET"]}}],"collection":[{"href":"https:\/\/tunisnews.net\/ar\/wp-json\/wp\/v2\/posts"}],"about":[{"href":"https:\/\/tunisnews.net\/ar\/wp-json\/wp\/v2\/types\/post"}],"author":[{"embeddable":true,"href":"https:\/\/tunisnews.net\/ar\/wp-json\/wp\/v2\/users\/1"}],"replies":[{"embeddable":true,"href":"https:\/\/tunisnews.net\/ar\/wp-json\/wp\/v2\/comments?post=17433"}],"version-history":[{"count":0,"href":"https:\/\/tunisnews.net\/ar\/wp-json\/wp\/v2\/posts\/17433\/revisions"}],"wp:featuredmedia":[{"embeddable":true,"href":"https:\/\/tunisnews.net\/ar\/wp-json\/wp\/v2\/media\/22040"}],"wp:attachment":[{"href":"https:\/\/tunisnews.net\/ar\/wp-json\/wp\/v2\/media?parent=17433"}],"wp:term":[{"taxonomy":"category","embeddable":true,"href":"https:\/\/tunisnews.net\/ar\/wp-json\/wp\/v2\/categories?post=17433"},{"taxonomy":"post_tag","embeddable":true,"href":"https:\/\/tunisnews.net\/ar\/wp-json\/wp\/v2\/tags?post=17433"}],"curies":[{"name":"wp","href":"https:\/\/api.w.org\/{rel}","templated":true}]}}