{"id":17388,"date":"2011-05-05T00:00:00","date_gmt":"2011-05-05T00:00:00","guid":{"rendered":"https:\/\/tunisnews.net\/5-mai-2011\/"},"modified":"2011-05-05T00:00:00","modified_gmt":"2011-05-05T00:00:00","slug":"5-mai-2011","status":"publish","type":"post","link":"https:\/\/tunisnews.net\/ar\/5-mai-2011\/","title":{"rendered":"5 mai 2011"},"content":{"rendered":"<p><html><head><meta content=\"text\/html\" description=\"\u00ab A la suite des d\u00e9clarations de \n\t\tl\u2019ex-ministre de l\u2019int\u00e9rieur, M. Farhat Rajhi, qui comportent, \n\t\tnotamment, des accusations graves concernant l\u2019arm\u00e9e nationale, le \n\t\tpremier ministre du gouvernement provisoire, ainsi que des commentaires \n\t\tpouvant exacerber le...s sentiments r\u00e9gionalistes - Le Mouvement \n\t\tEttajdid exprime son vif \u00e9tonnement vis-\u00e0-vis de ces d\u00e9clarations, de \n\t\tleur timing et de leurs motivations, dans ce contexte d\u00e9licat par lequel \n\t\tpasse le pays, avec de graves probl\u00e8mes de s\u00e9curit\u00e9, l\u2019augmentation des \n\t\tcomportements anarchiques et la poursuite des pol\u00e9miques sur les \n\t\t\u00e9lections. - Le Mouvement demande \u00e0 toutes les parties concern\u00e9es, \n\t\tnotamment le gouvernement et M. Rajhi, de faire la lumi\u00e8re, en toute \n\t\ttransparence et responsabilit\u00e9, sur les circonstances entourant ces \n\t\taccusations et sur la situation s\u00e9curitaire par laquelle passe notre \n\t\tpays, et ce afin de rassurer l\u2019opinion publique, de sauvegarder le \n\t\tprocessus de la transition d\u00e9mocratique et de le prot\u00e9ger de toutes les \n\t\ttentatives de d\u00e9stabilisation et de r\u00e9cup\u00e9ration de la r\u00e9volution du \n\t\tpeuple \u00bb.\" http-equiv=\"Content-Type\"\/><\/head><body><body><\/p>\n<div>\n<div align=\"center\" dir=\"ltr\"><font face=\"Bookman Old Style\" size=\"7\"><strong>TUNISNEWS <\/strong><\/font><\/div>\n<div align=\"center\" dir=\"ltr\"><strong><font face=\"Arial\" size=\"2\">11 \u00e8me ann\u00e9e, N\u00b03999 du 05.05.2011<\/font><\/strong><\/div>\n<div align=\"center\" dir=\"ltr\"><font face=\"Arial\" size=\"2\"><strong>archives : <\/strong><\/font><a target=\"_blank\" rel=\"noopener\"><font face=\"Arial\" size=\"2\"><strong>www.tunisnews.net<\/strong><\/font><\/a><span lang=\"FR\"><strong><font face=\"Arial\" size=\"2\"><\/font><\/strong><\/span><\/div>\n<p><span lang=\"FR\"><\/p>\n<p><font><\/p>\n<div align=\"center\" dir=\"ltr\"><font face=\"Arial\" size=\"2\"><\/p>\n<hr\/>\n<p><\/font><\/div>\n<div>\n<div><font face=\"Arial\" size=\"2\"><strong>Communiqu\u00e9 d\u2019Ettajdid \u00e0 propos des d\u00e9clarations de M. Rajhi<\/strong><\/font><\/div>\n<div><font face=\"Arial\" size=\"2\"><strong>FTCR: D\u00e9claration Publique et Appel \u00e0 Solidarit\u00e9<\/strong><\/font><\/div>\n<div><font face=\"Arial\" size=\"2\"><strong>Reuters: Tunisian ex-minister sees coup if Islamists elected<\/strong><\/font><\/div>\n<div><font face=\"Arial\" size=\"2\"><strong>Reuters: Mise en garde contre une victoire d&rsquo;islamistes en Tunisie<\/strong><\/font><\/div>\n<div><font face=\"Arial\" size=\"2\"><strong>AFP: Tunisie: \u00e9vasion de 58 d\u00e9tenus de la prison de Sfax (sud)<\/strong><\/font><\/div>\n<div><font face=\"Arial\" size=\"2\"><strong>AFP: Fronti\u00e8re libyenne: Tunis appelle \u00e0 la vigilance<\/strong><\/font><\/div>\n<div><font face=\"Arial\" size=\"2\"><strong>Reuters: Tunisia&rsquo;s ousted leader charged over shooting deaths<\/strong><\/font><\/div>\n<div><font face=\"Arial\" size=\"2\"><strong><font>AFP: Tunisie: 55 nouveaux partis sur la sc\u00e8ne politique depuis la r\u00e9volution<\/font> <\/strong><\/font><\/div>\n<div><font face=\"Arial\" size=\"2\"><strong>AFP: Ben Ali et son \u00e9pouse accus\u00e9s de \u00ab\u00a0complot contre la s\u00fbret\u00e9\u00a0\u00bb de l&rsquo;Etat<\/strong><\/font><\/div>\n<div><font face=\"Arial\" size=\"2\"><strong>AFP: Tunisie: un haut responsable sous Ben Ali plac\u00e9 en d\u00e9tention<\/strong><\/font><\/div>\n<div><font face=\"Arial\" size=\"2\"><strong>Reuters: Expulsion de Tunisiens install\u00e9s dans un squat \u00e0 Paris<\/strong><\/font><\/div>\n<div><font face=\"Arial\" size=\"2\"><strong>AFP: Crimes contre l&rsquo;humanit\u00e9 en Libye: trois mandats d&rsquo;arr\u00eat demand\u00e9s \u00e0 la CPI<\/strong><\/font><\/div>\n<hr\/>\n<\/div>\n<div><font face=\"Arial\" size=\"4\"><strong>REVUE DE PRESSE<\/strong><\/font> <\/div>\n<div>\n<hr\/>\n<\/div>\n<p align=\"justify\">\u00a0<\/p>\n<div dir=\"ltr\">\u00a0<\/div>\n<div align=\"center\"><font face=\"Arial\">Mouvement Ettajdid <\/font><\/div>\n<div align=\"center\">\n<h2 style=\"color: red;\"><font face=\"Arial\"><strong>Communiqu\u00e9 d\u2019Ettajdid \u00e0 propos des d\u00e9clarations de M. Rajhi<\/strong><\/font><\/h2>\n<\/div>\n<div align=\"center\">\n<hr\/>\n<\/div>\n<div align=\"justify\">\u00a0<\/div>\n<div align=\"justify\"><font face=\"Arial\" size=\"2\">\u00ab A la suite des d\u00e9clarations de l\u2019ex-ministre de l\u2019int\u00e9rieur, M. Farhat Rajhi, qui comportent, notamment, des accusations graves concernant l\u2019arm\u00e9e nationale, le premier ministre du gouvernement provisoire, ainsi que des commentaires pouvant exacerber le&#8230;s sentiments r\u00e9gionalistes &#8211; Le Mouvement Ettajdid exprime son vif \u00e9tonnement vis-\u00e0-vis de ces d\u00e9clarations, de leur timing et de leurs motivations, dans ce contexte d\u00e9licat par lequel passe le pays, avec de graves probl\u00e8mes de s\u00e9curit\u00e9, l\u2019augmentation des comportements anarchiques et la poursuite des pol\u00e9miques sur les \u00e9lections. &#8211; Le Mouvement demande \u00e0 toutes les parties concern\u00e9es, notamment le gouvernement et M. Rajhi, de faire la lumi\u00e8re, en toute transparence et responsabilit\u00e9, sur les circonstances entourant ces accusations et sur la situation s\u00e9curitaire par laquelle passe notre pays, et ce afin de rassurer l\u2019opinion publique, de sauvegarder le processus de la transition d\u00e9mocratique et de le prot\u00e9ger de toutes les tentatives de d\u00e9stabilisation et de r\u00e9cup\u00e9ration de la r\u00e9volution du peuple \u00bb.<\/font><\/div>\n<div align=\"justify\">\u00a0<\/div>\n<div align=\"justify\"><font face=\"Arial\" size=\"2\">Pour le Mouvement Ettajdid <\/font><\/div>\n<div align=\"justify\"><font face=\"Arial\" size=\"2\"><strong><font>Ahmed Brahim<\/font><\/strong><\/font><\/div>\n<div align=\"justify\"><font face=\"Arial\" size=\"2\">Tunis, le 5 mai 2011<\/font> <\/div>\n<hr\/>\n<p align=\"center\"><b><span lang=\"FR\"><\/p>\n<h2 style=\"color: red;\"><font face=\"Arial\">D\u00e9claration Publique et Appel \u00e0 Solidarit\u00e9<\/font><\/h2>\n<p><\/span><\/b><\/p>\n<p align=\"center\"><i><span lang=\"FR\"><font face=\"Arial\">Vivent les Migrants Tunisiens de Lampedusa !<\/font><\/span><\/i><\/p>\n<p align=\"center\"><i><span lang=\"FR\"><font face=\"Arial\">Justice, Papiers, Libert\u00e9 !<\/font><\/span><\/i><\/p>\n<p align=\"right\"><span lang=\"FR\"><font face=\"Arial\"><\/font><\/span><\/p>\n<hr\/>\n<p>\u00a9 Penny Bradfield<\/font><\/p>\n<p><\/span>\u00a0<\/p>\n<p align=\"justify\"><span lang=\"FR\"><font face=\"Arial\">Vers 14h mercredi 4 mai 2011, le collectif des Tunisiens de Lampedusa a violemment \u00e9t\u00e9 expuls\u00e9 du b\u00e2timent appartenant \u00e0 la mairie de Paris, au 51 avenue Simon Bolivar. Les migrants tunisiens ainsi que toutes les personnes solidaires qui se trouvaient sur place ont \u00e9t\u00e9 \u00e9vacu\u00e9s \u00e0 coup de matraques, arr\u00eat\u00e9s et conduits dans diff\u00e9rents lieux de d\u00e9tention. D\u2019apr\u00e8s les informations que nous avons recueillies (et que nous n\u2019avons pu v\u00e9rifier), l\u2019op\u00e9ration qui a mobilis\u00e9 d\u2019\u00e9normes forces et moyens de police a \u00e9t\u00e9 coordonn\u00e9e \u00e0 partir du commissariat du dix-neuvi\u00e8me arrondissement de Paris par le ministre de l\u2019int\u00e9rieur, M. Claude Gu\u00e9ant en personne.<\/font><\/span><\/p>\n<p align=\"justify\"><span lang=\"FR\"><font face=\"Arial\">Les Tunisiens qui se trouvaient dans ce b\u00e2timent sont une partie de ceux qui sont arriv\u00e9s sur l\u2019\u00eele de Lampedusa puis en France apr\u00e8s avoir initi\u00e9 la r\u00e9volution d\u00e9mocratique tunisienne et arabe, et fait tomber la dictature du g\u00e9n\u00e9ral Ben Ali. Apr\u00e8s la chute de la dictature, les conditions de vie dans leurs r\u00e9gions se sont s\u00e9rieusement d\u00e9grad\u00e9es vu que les principales activit\u00e9s \u00e9conomiques (tourisme, commerce transfrontalier avec la Libye\u2026) se sont pratiquement arr\u00eat\u00e9es. K. B., l\u2019un des occupants de la rue Bolivar disait : \u00ab Bon, le dictateur est tomb\u00e9, mais maintenant nous devons trouver le moyen de nous en sortir, d\u2019aider nos familles \u00e0 vivre et peut \u00eatre d\u2019aider \u00e0 construire une vraie d\u00e9mocratie dans notre pays \u00bb.<\/font><\/span><\/p>\n<p align=\"justify\"><span lang=\"FR\"><font face=\"Arial\">Le collectif des Tunisiens de Lampedusa s\u2019est rendu dans le b\u00e2timent de l\u2019avenue Bolivar dans la nuit du premier au deux mai avec l\u2019aide de plusieurs personnes solidaires. Cela s\u2019est fait suite \u00e0 une discussion lors de laquelle les Tunisiens ont d\u00e9cid\u00e9 qu\u2019ils ne pouvaient plus supporter d\u2019\u00eatre dispers\u00e9s dans la rue ou dans les diff\u00e9rents jardins de la ville, pourchass\u00e9s et harcel\u00e9s par la police comme des animaux. Ils ont d\u00e9cid\u00e9 qu\u2019ils avaient besoin d\u2019un lieu o\u00f9 ils pourraient s\u2019abriter et \u2013surtout\u2014 o\u00f9 ils pourraient discuter et s\u2019organiser afin de faire valoir leurs droits. <\/font><\/span><\/p>\n<p align=\"justify\"><span lang=\"FR\"><font face=\"Arial\">A partir du lundi 2 mai des repr\u00e9sentants de la mairie de Paris ont pris contact avec le collectif afin de n\u00e9gocier le relogement des Tunisiens et l\u2019\u00e9vacuation du b\u00e2timent, propri\u00e9t\u00e9 municipale. Ils ont d\u00e9clar\u00e9 soutenir la cause des Tunisiens et vouloir leur proposer une solution de logement d\u00e9cent. Il y a donc eu une n\u00e9gociation \u00e0 l\u2019issue de laquelle les Tunisiens ont d\u00e9cid\u00e9 d\u2019accueillir favorablement les propositions de la mairie. Pourtant il s\u2019est av\u00e9r\u00e9 par la suite que la mairie ne proposait de logements que pour une centaine d\u2019entre eux dans l\u2019imm\u00e9diat, et que les autres devaient \u00e9vacuer le 51 avenue Simon Bolivar sans d\u00e9lai. Il s\u2019est \u00e9galement av\u00e9r\u00e9 que le b\u00e2timent de cent places propos\u00e9 allait \u00eatre g\u00e9r\u00e9 comme un centre d\u2019h\u00e9bergement d\u2019urgence pour SDF avec une fermeture dans la journ\u00e9e, des contr\u00f4les et une libert\u00e9 tr\u00e8s limit\u00e9e. <\/font><\/span><\/p>\n<p align=\"justify\"><span lang=\"FR\"><font face=\"Arial\">Les migrants tunisiens, apr\u00e8s discussion, ont estim\u00e9 : <b>1\/<\/b> qu\u2019ils ne pouvaient pas accepter que certains d\u2019entre eux soient log\u00e9s pendant que d\u2019autres sont rejet\u00e9s \u00e0 la rue, que ce serait contraire \u00e0 leur conception de la justice et de la solidarit\u00e9. <b>2\/<\/b> qu\u2019ils n\u2019avaient pas fait la r\u00e9volution, puis risqu\u00e9 leur vie en mer, puis support\u00e9 le harc\u00e8lement de toutes les polices d\u2019Europe pour venir mendier un logement pour SDF \u00e0 la mairie de Paris. Ils ont d\u00e9cid\u00e9 que leur priorit\u00e9 et leur revendication principale est la r\u00e9gularisation de leur situation \u00e0 tous, de mani\u00e8re \u00e0 ce qu\u2019ils puissent vivre, circuler, travailler comme tout \u00eatre humain devrait pouvoir le faire ; et qu\u2019ils resteraient unis afin de l\u2019obtenir. A partir de ce moment, la mairie de Paris ne s\u2019est plus manifest\u00e9e si ce n\u2019est par la demande d\u2019\u00e9vacuation sur la base de laquelle \u2013dixit la police\u2014 l\u2019intervention muscl\u00e9e d\u2019aujourd\u2019hui a eu lieu.<\/font><\/span><\/p>\n<p align=\"justify\">\u00a0<\/p>\n<p align=\"justify\"><span lang=\"FR\"><font face=\"Arial\"><font>D\u2019autre part, \u00e0 Nice, un foyer de travailleur o\u00f9 s\u2019\u00e9taient r\u00e9fugi\u00e9s des tunisiens de Lampedusa a \u00e9t\u00e9 investi par un grand nombre de policiers qui ont proc\u00e9d\u00e9 \u00e0 l\u2019arrestation de pr\u00e9s de 70 migrants tandis qu\u2019un millier de migrants \u00e9taient attaqu\u00e9s par environ deux cent policiers et ma\u00eetres-chiens sur un terrain du d\u00e9partement des Alpes maritimes. A Marseille, des centaines errent dans les rues et sont la cible de harc\u00e8lements policiers permanents et d\u2019arrestations alors que la cour d\u2019appel d\u2019Aix en Provence a \u00e9tabli r\u00e9cemment pour l\u2019un d\u2019entre eux qu\u2019 \u00ab<font><em><span>\u00e9tant titulaire d\u2019un titre de s\u00e9jour r\u00e9guli\u00e8rement d\u00e9livr\u00e9 par les autorit\u00e9s italiennes, est autoris\u00e9 \u00e0 circuler dans l\u2019espace Schengen et donc en France<\/span><\/em><span><span><\/span><\/span><\/font><\/font><span><span><font>\u00bb, ce qui est le cas d\u2019une partie importante des Tunisiens concern\u00e9s. Plus de trois mille migrants Tunisiens ont \u00e9t\u00e9 interpell\u00e9s dans la r\u00e9gion PACA dans le cadre de la chasse aux Tunisiens lanc\u00e9es par les autorit\u00e9s fran\u00e7aises ces derni\u00e8res semaine. A Vintimille, ville italienne frontali\u00e8re, pr\u00e9s d\u2019une centaine de migrant tunisiens ont entam\u00e9 le deux mai une gr\u00e8ve de la faim demandant la libert\u00e9 de circulation en Europe et le droit de travailler.<\/font><\/span><\/span><\/font><\/span><\/p>\n<p align=\"justify\">\u00a0<\/p>\n<p align=\"justify\"><b><u><span lang=\"FR\"><font face=\"Arial\">La FTCR consid\u00e8re que :<\/font><\/span><\/u><\/b><\/p>\n<p align=\"justify\"><span lang=\"FR\"><font>&#8211;<\/font><span><font face=\"Times New Roman\"><\/font><\/span><\/span><font face=\"Arial\"><b><span lang=\"FR\"><font>L\u2019attitude des migrants tunisiens est un exemple magnifique<\/font><\/span><\/b><span lang=\"FR\"><font> de solidarit\u00e9, de fraternit\u00e9, de courage et de responsabilit\u00e9. Elle est \u00e0 la hauteur de cet esprit qui a pu faire tomber une dictature polici\u00e8re des plus dures du monde, et qui a initi\u00e9 une r\u00e9volution d\u00e9mocratique qui ne fait que commencer ; r\u00e9volution qui tend \u00e0 s\u2019\u00e9tendre \u00e0 toute la r\u00e9gion arabe malgr\u00e9 les difficult\u00e9s, et tend \u00e9galement \u00e0 construire des rapports entre les peuples plus justes, plus \u00e9quilibr\u00e9s et plus fraternels.<\/font><\/span><\/font><\/p>\n<p align=\"justify\"><span lang=\"FR\"><font>&#8211;<\/font><span><font face=\"Times New Roman\"><\/font><\/span><\/span><font face=\"Arial\"><b><span lang=\"FR\"><font>L\u2019attitude de toutes les personnes et de tous les groupes qui ont \u00e9t\u00e9 activement solidaires<\/font><\/span><\/b><span lang=\"FR\"><font> \u2013en \u00e9tant pr\u00e9sents, en ravitaillant les migrants, en les aidant \u00e0 se prot\u00e9ger et \u00e0 s\u2019organiser, en les aidant \u00e0 acc\u00e9der \u00e0 un b\u00e2timent qui les abrite, ou tout simplement en venant leur exprimer un soutien\u2014 est un signe important. Le signe du fait que la n\u00e9cessit\u00e9 de se battre pour des rapports et des conditions plus justes, plus fraternels et plus d\u00e9mocratiques s\u2019impose bien au-del\u00e0 de la Tunisie et du monde arabe.<\/font><\/span><\/font><\/p>\n<p align=\"justify\"><span lang=\"FR\"><font>&#8211;<\/font><span><font face=\"Times New Roman\"><\/font><\/span><\/span><font face=\"Arial\"><b><span lang=\"FR\"><font>Les forces politiques et les institutions fran\u00e7aises, italiennes et tunisiennes<\/font><\/span><\/b><span lang=\"FR\"><font>, y compris celles qui d\u00e9clarent \u00eatre solidaires des migrants tunisiens et de leur cause, n\u2019ont pas pris la juste mesure de ce que ce mouvement pose comme questions. Il ne s\u2019agit pas d\u2019un cas humanitaire \u00e0 r\u00e9gler par des mesures caritatives ni d\u2019un fait divers qui peut \u00eatre r\u00e9duit par des mesures de police. Nous sommes devant un mouvement concret, massif et inexorable qui pose que l\u2019humanit\u00e9 ne peut plus \u00eatre divis\u00e9e en deux cat\u00e9gories : Celle qui a le droit de se d\u00e9placer librement, travailler, investir, \u00e9tudier l\u00e0 o\u00f9 elle en a l\u2019opportunit\u00e9 ; et celle qui a le choix entre \u00eatre enferm\u00e9e \u00e0 l\u2019int\u00e9rieur de fronti\u00e8res o\u00f9 elle se fait surexploiter et r\u00e9primer sous la surveillance de dictatures soutenues \u00e0 bout de bras par \u00ab\u00a0le monde libre\u00a0\u00bb, ou alors risquer sa vie pour devenir la proie des polices de l\u2019immigration et des exploiteurs au noir.<\/font><\/span><\/font><\/p>\n<p align=\"justify\">\u00a0<\/p>\n<p align=\"justify\">\u00a0<\/p>\n<p align=\"justify\"><font face=\"Arial\"><b><u><span lang=\"FR\"><font>La FTCR demande : <\/font><\/span><\/u><span lang=\"FR\"><font>A la France et \u00e0 l\u2019Italie<\/font><\/span><\/b><\/font><\/p>\n<p align=\"justify\"><span lang=\"FR\"><font>&#8211;<\/font><span><font face=\"Times New Roman\"><\/font><\/span><\/span><font face=\"Arial\"><b><span lang=\"FR\"><font>Une mesure imm\u00e9diate de protection temporaire<\/font><\/span><\/b><span lang=\"FR\"><font> ouvrant droit au travail et \u00e0 la formation visant les migrants ressortissants des pays subissant les contrecoups \u00e9conomiques de r\u00e9volutions ou d\u2019insurrections populaires contre des r\u00e9gimes anti-d\u00e9mocratiques ayant \u00e9t\u00e9 soutenus par la France et l\u2019Italie.<\/font><\/span><\/font><\/p>\n<p align=\"justify\"><span lang=\"FR\"><font>&#8211;<\/font><span><font face=\"Times New Roman\"><\/font><\/span><\/span><font face=\"Arial\"><b><span lang=\"FR\"><font>Un plan d\u2019urgence d\u2019aide et de logement<\/font><\/span><\/b><span lang=\"FR\"><font> pour les migrants tunisiens de Lampedusa pourchass\u00e9s et maltrait\u00e9s depuis leur arriv\u00e9e en Europe.<\/font><\/span><\/font><\/p>\n<p align=\"justify\"><span lang=\"FR\"><font>&#8211;<\/font><span><font face=\"Times New Roman\"><\/font><\/span><\/span><font face=\"Arial\"><b><span lang=\"FR\"><font>La lib\u00e9ration imm\u00e9diate <\/font><\/span><\/b><span lang=\"FR\"><font>des migrants tunisiens d\u00e9tenus ainsi que des personnes les ayant soutenus. L\u2019annulation de toute poursuite et de toute mesure d\u2019\u00e9loignement les visant.<\/font><\/span><\/font><\/p>\n<p align=\"justify\"><span lang=\"FR\"><font>&#8211;<\/font><span><font face=\"Times New Roman\"><\/font><\/span><\/span><font face=\"Arial\"><b><span lang=\"FR\"><font>L\u2019annulation sans d\u00e9lai<\/font><\/span><\/b><span lang=\"FR\"><font> des mesures et pratiques polici\u00e8res, administratives et judiciaires visant en particulier les migrants tunisiens, que nous consid\u00e9rons comme ill\u00e9gales au regard du droit communautaire et international outre le fait d\u2019\u00eatre tout simplement racistes.<\/font><\/span><\/font><\/p>\n<p align=\"justify\"><span lang=\"FR\"><font>&#8211;<\/font><span><font face=\"Times New Roman\"><\/font><\/span><\/span><font face=\"Arial\"><b><span lang=\"FR\"><font>Des excuses officielles publiques<\/font><\/span><\/b><span lang=\"FR\"><font> aux migrants, ainsi qu\u2019au peuple tunisien en g\u00e9n\u00e9ral, pour les propos et les mesures hostiles et insultantes formul\u00e9es et mises en \u0153uvre par des personnalit\u00e9s et des institutions officielles.<\/font><\/span><\/font><\/p>\n<p align=\"justify\"><b><span lang=\"FR\"><font face=\"Arial\">A l\u2019Union Europ\u00e9enne<\/font><\/span><\/b><\/p>\n<p align=\"justify\"><span lang=\"FR\"><font>&#8211;<\/font><span><font face=\"Times New Roman\"><\/font><\/span><\/span><span lang=\"FR\"><font face=\"Arial\">De prendre acte du fait que les lois et politiques de contr\u00f4le et de r\u00e9pression de l\u2019immigration en vigueur, de m\u00eame que l\u2019accord de Schengen sont caducs ; qu\u2019outre le fait d\u2019\u00eatre injustes, elles sont inapplicables, co\u00fbteuses, inefficaces et nocives. L\u2019acc\u00e8s \u00e9gal pour tous \u00e0 la libert\u00e9 d\u2019aller et venir est plus que jamais une n\u00e9cessit\u00e9 et un droit fondamental. La privation de ce droit de mani\u00e8re discriminatoire, appliqu\u00e9e \u00e0 des groupes et \u00e0 des individus en fonction de leur origine constitue un crime portant gravement atteinte \u00e0 l\u2019int\u00e9grit\u00e9 physique et morale de populations enti\u00e8res. Ces politique, par ailleurs, sont la cause directe de la mort de milliers de personnes, notamment en mer.<\/font><\/span><\/p>\n<p align=\"justify\"><b><span lang=\"FR\"><font face=\"Arial\">Au gouvernement provisoire tunisien<\/font><\/span><\/b><\/p>\n<p align=\"justify\"><span lang=\"FR\"><font>&#8211;<\/font><span><font face=\"Times New Roman\"><\/font><\/span><\/span><font face=\"Arial\"><b><span lang=\"FR\"><font>La cessation imm\u00e9diate de toute coop\u00e9ration visant \u00e0 permettre des mesures d\u2019\u00e9loignement <\/font><\/span><\/b><span lang=\"FR\"><font>de migrants vers la Tunisie et la suspension de tous les accords portant sur la gestion et le contr\u00f4le des flux migratoires.<\/font><\/span><\/font><\/p>\n<p align=\"justify\"><span lang=\"FR\"><font>&#8211;<\/font><span><font face=\"Times New Roman\"><\/font><\/span><\/span><font face=\"Arial\"><b><span lang=\"FR\"><font>La mise en place dans les plus brefs d\u00e9lais d\u2019un Conseil pour les droits des migrants,<\/font><\/span><\/b><span lang=\"FR\"><font> constitu\u00e9 de repr\u00e9sentants des diff\u00e9rentes administrations comp\u00e9tentes, de repr\u00e9sentants des migrants et de personnes qualifi\u00e9es de la soci\u00e9t\u00e9 civile. Ce Conseil doit \u00eatre charg\u00e9 de l\u2019\u00e9laboration d\u2019une v\u00e9ritable politique de protection et de promotion des populations migrantes (pr\u00e9s de 10 % de la population) ainsi que des droits des migrants en Tunisie.<\/font><\/span><\/font><\/p>\n<p align=\"justify\"><span lang=\"FR\"><font>&#8211;<\/font><span><font face=\"Times New Roman\"><\/font><\/span><\/span><font face=\"Arial\"><b><span lang=\"FR\"><font>La mise \u00e0 disposition de moyens d\u2019urgence<\/font><\/span><\/b><span lang=\"FR\"><font> n\u00e9cessaires \u00e0 l\u2019aide et au soutien des migrants arriv\u00e9s r\u00e9cemment en Europe par Lampedusa.<\/font><\/span><\/font><\/p>\n<p align=\"justify\"><b><span lang=\"FR\"><font face=\"Arial\">La FTCR appelle :<\/font><\/span><\/b><\/p>\n<p align=\"justify\"><span lang=\"FR\"><font>&#8211;<\/font><span><font face=\"Times New Roman\"><\/font><\/span><\/span><font face=\"Arial\"><b><span lang=\"FR\"><font>A une mobilisation g\u00e9n\u00e9rale en France, en Italie et en Tunisie<\/font><\/span><\/b><span lang=\"FR\"><font> pour <b>1\/ <\/b>La r\u00e9gularisation <b>2\/ <\/b>La fin de la politique de la chasse \u00e0 l\u2019homme et de la guerre aux migrants <b>3\/ <\/b>L\u2019\u00e9galit\u00e9 des droits \u00e0 la vie et \u00e0 la mobilit\u00e9<\/font><\/span><\/font><\/p>\n<p align=\"right\"><b><span lang=\"FR\"><font face=\"Arial\">Pour la FTCR : Omeyya Seddik<\/font><\/span><\/b><\/p>\n<p><font face=\"Arial\" size=\"2\"><\/p>\n<div dir=\"ltr\">\n<hr\/>\n<\/div>\n<div dir=\"ltr\"><\/div>\n<div dir=\"ltr\">\u00a0<\/div>\n<div align=\"center\" dir=\"ltr\">\n<h2 style=\"color: red;\"><font face=\"Arial\"><strong>Tunisian ex-minister sees coup if Islamists elected<\/strong><\/font><\/h2>\n<\/div>\n<div align=\"center\" dir=\"ltr\">\n<hr\/>\n<\/div>\n<div align=\"justify\" dir=\"ltr\"><font face=\"Arial\" size=\"2\">Reuters, le 5 mai 2011 \u00e0 13h34 GMT<\/font><\/div>\n<div align=\"justify\" dir=\"ltr\">\u00a0<\/div>\n<div align=\"justify\" dir=\"ltr\"><font face=\"Arial\" size=\"2\">* Once-banned Islamist group set to contest election<\/font><\/div>\n<div align=\"justify\" dir=\"ltr\"><font face=\"Arial\" size=\"2\">* Tunisian transition to democracy still fragile<\/font><\/div>\n<div align=\"justify\" dir=\"ltr\">\u00a0<\/div>\n<div align=\"justify\" dir=\"ltr\"><font face=\"Arial\" size=\"2\">By Matt Robinson<\/font><\/div>\n<div align=\"justify\" dir=\"ltr\">\u00a0<\/div>\n<div align=\"justify\" dir=\"ltr\"><font face=\"Arial\" size=\"2\">TUNIS, May 5 (Reuters) &#8211; A former Tunisian interior minister said on Thursday that loyalists of ousted president Zine al-Abidine Ben Ali will mount a coup if Islamists take power in democratic elections.<\/font><\/div>\n<div align=\"justify\" dir=\"ltr\">\u00a0<\/div>\n<div align=\"justify\" dir=\"ltr\"><font face=\"Arial\" size=\"2\">Tunisia&rsquo;s main Islamist group, Ennahda, led by moderate Muslim scholar Rachid Ghannouchi and banned under Ben Ali, says it will contest an election slated for July after 23 years of one-man rule.<\/font><\/div>\n<div align=\"justify\" dir=\"ltr\">\u00a0<\/div>\n<div align=\"justify\" dir=\"ltr\"><font face=\"Arial\" size=\"2\">Experts say it could poll well, particularly in the conservative south, where there is deep frustration over poverty and unemployment.<\/font><\/div>\n<div align=\"justify\" dir=\"ltr\">\u00a0<\/div>\n<div align=\"justify\" dir=\"ltr\"><font face=\"Arial\" size=\"2\">\u00ab\u00a0If Ennahda takes power, there will be a coup d&rsquo;etat,\u00a0\u00bb Farhat Rajhi, who took over as Tunisian interior minister soon after the revolution, said in a video shared on Facebook.<\/font><\/div>\n<div align=\"justify\" dir=\"ltr\">\u00a0<\/div>\n<div align=\"justify\" dir=\"ltr\"><font face=\"Arial\" size=\"2\">\u00ab\u00a0The people of the coast are not disposed to give up power and, if the elections go against them, there will be a coup d&rsquo;etat.\u00a0\u00bb<\/font><\/div>\n<div align=\"justify\" dir=\"ltr\">\u00a0<\/div>\n<div align=\"justify\" dir=\"ltr\"><font face=\"Arial\" size=\"2\">\u00ab\u00a0People of the coast\u00a0\u00bb is a reference to Ben Ali loyalists who have their power base in and around his hometown, the coastal city of Sousse. Ben Ali himself fled to Saudi Arabia in January.<\/font><\/div>\n<div align=\"justify\" dir=\"ltr\">\u00a0<\/div>\n<div align=\"justify\" dir=\"ltr\"><font face=\"Arial\" size=\"2\">His overthrow in January in the first of the uprisings to rock the Arab world has awoken tensions between pro- and anti-Islamists.<\/font><\/div>\n<div align=\"justify\" dir=\"ltr\">\u00a0<\/div>\n<div align=\"justify\" dir=\"ltr\"><font face=\"Arial\" size=\"2\">A common thread running through the revolts has been unease among secularists and in the West about whether democracy will open the door to Islamic rule. Egypt, where the popular Muslim Brotherhood will contest elections in September, will be watching developments in Tunisia closely.<\/font><\/div>\n<div align=\"justify\" dir=\"ltr\">\u00a0<\/div>\n<div align=\"justify\" dir=\"ltr\"><font face=\"Arial\" size=\"2\">PRISON BREAK<\/font><\/div>\n<div align=\"justify\" dir=\"ltr\">\u00a0<\/div>\n<div align=\"justify\" dir=\"ltr\"><font face=\"Arial\" size=\"2\">Rajhi is considered relatively independent, and a shrewd observer of Tunisian politics. But Ennahda officials said they did not believe a coup was likely.<\/font><\/div>\n<div align=\"justify\" dir=\"ltr\">\u00a0<\/div>\n<div align=\"justify\" dir=\"ltr\"><font face=\"Arial\" size=\"2\">\u00ab\u00a0We do not yet have an official position on the declaration by Mr Rajhi, but I can tell you that we have faith in all the elements of the state and in the people to respect the will of the people,\u00a0\u00bb said Nourdine Bhiri, a senior Ennahda official.<\/font><\/div>\n<div align=\"justify\" dir=\"ltr\">\u00a0<\/div>\n<div align=\"justify\" dir=\"ltr\"><font face=\"Arial\" size=\"2\">The July 23 vote is for an assembly that will draft a new constitution.<\/font><\/div>\n<div align=\"justify\" dir=\"ltr\">\u00a0<\/div>\n<div align=\"justify\" dir=\"ltr\"><font face=\"Arial\" size=\"2\">Rajhi was made interior minister soon after the revolution and replaced in March in the latest shakeup of a caretaker government struggling to keep Tunisia&rsquo;s shaky transition to democracy on track.<\/font><\/div>\n<div align=\"justify\" dir=\"ltr\">\u00a0<\/div>\n<div align=\"justify\" dir=\"ltr\"><font face=\"Arial\" size=\"2\">An ominous sign has been a string of mass prison breaks, the latest late on Wednesday when 58 prisoners escaped in Tunisia&rsquo;s second city of Sfax and were met by accomplices armed with metal bars and knives, the official TAP news agency reported.<\/font><\/div>\n<div align=\"justify\" dir=\"ltr\">\u00a0<\/div>\n<div align=\"justify\" dir=\"ltr\"><font face=\"Arial\" size=\"2\">Tunisian security officials have said in the past they believe the prison breaks to be the work of Ben Ali loyalists trying to sow chaos and undermine the transition.<\/font><\/div>\n<div align=\"justify\" dir=\"ltr\">\u00a0<\/div>\n<div align=\"justify\" dir=\"ltr\"><font face=\"Arial\" size=\"2\">Neighbouring Algeria plunged into chaos in 1992 when the military-backed government scrapped a legislative election that a radical Islamist party was poised to win. According to independent estimates, 200,000 people were killed in the violence that ensued. <\/font><\/div>\n<p><font face=\"Arial\" size=\"2\"><\/p>\n<div dir=\"ltr\">\n<hr\/>\n<\/div>\n<div dir=\"ltr\"><\/div>\n<div align=\"justify\" dir=\"ltr\">\u00a0<\/div>\n<div align=\"justify\" dir=\"ltr\">\u00a0<\/div>\n<div align=\"justify\" dir=\"ltr\">\u00a0<\/div>\n<div align=\"center\" dir=\"ltr\"><strong><\/p>\n<h2 style=\"color: red;\"><font face=\"Arial\">Mise en garde contre une victoire d&rsquo;islamistes en Tunisie<\/font><\/h2>\n<p><\/strong><\/div>\n<div align=\"center\" dir=\"ltr\"><strong><\/p>\n<hr\/>\n<p><\/strong><\/div>\n<div align=\"justify\" dir=\"ltr\">\u00a0<\/div>\n<div align=\"justify\" dir=\"ltr\"><font face=\"Arial\" size=\"2\">Reuters, le 5 mai 2011 \u00e0 12h49 GMT<\/font><\/div>\n<div align=\"justify\" dir=\"ltr\">\u00a0<\/div>\n<div align=\"justify\" dir=\"ltr\">\u00a0<\/div>\n<div align=\"justify\" dir=\"ltr\"><font face=\"Arial\" size=\"2\">TUNIS, 5 mai (Reuters) &#8211; Les partisans du pr\u00e9sident tunisien renvers\u00e9 Zine ben Ali risquent de provoquer un coup d&rsquo;Etat si des islamistes remportent des \u00e9lections d\u00e9mocratiques, a affirm\u00e9 jeudi l&rsquo;ancien ministre de l&rsquo;Int\u00e9rieur, Farhat Rajhi.<\/font><\/div>\n<div align=\"justify\" dir=\"ltr\">\u00a0<\/div>\n<div align=\"justify\" dir=\"ltr\"><font face=\"Arial\" size=\"2\">Le principal mouvement islamiste de Tunisie, Ennahda, interdit sous Ben Ali, a annonc\u00e9 qu&rsquo;il se pr\u00e9senterait aux \u00e9lections l\u00e9gislatives pr\u00e9vues le 23 juillet, apr\u00e8s 23 ans d&rsquo;un r\u00e9gime autocratique.<\/font><\/div>\n<div align=\"justify\" dir=\"ltr\">\u00a0<\/div>\n<div align=\"justify\" dir=\"ltr\"><font face=\"Arial\" size=\"2\">Des observateurs estiment qu&rsquo;il pourrait faire un bon score, en particulier dans le Sud conservateur o\u00f9 la pauvret\u00e9 et le ch\u00f4mage provoquent de profondes frustrations.<\/font><\/div>\n<div align=\"justify\" dir=\"ltr\">\u00a0<\/div>\n<div align=\"justify\" dir=\"ltr\"><font face=\"Arial\" size=\"2\">La chute de Ben Ali en janvier, a r\u00e9veill\u00e9 des tensions entre pro et anti-islamistes.<\/font><\/div>\n<div align=\"justify\" dir=\"ltr\">\u00a0<\/div>\n<div align=\"justify\" dir=\"ltr\"><font face=\"Arial\" size=\"2\">\u00ab\u00a0Si Ennahda prend le pouvoir, il y aura un coup d&rsquo;Etat\u00a0\u00bb, a d\u00e9clar\u00e9 dans une vid\u00e9o publi\u00e9e sur Facebook Farhat Rajhi, bri\u00e8vement nomm\u00e9 ministre de l&rsquo;Int\u00e9rieur peu apr\u00e8s la \u00ab\u00a0r\u00e9volution de jasmin\u00a0\u00bb.<\/font><\/div>\n<div align=\"justify\" dir=\"ltr\">\u00a0<\/div>\n<div align=\"justify\" dir=\"ltr\"><font face=\"Arial\" size=\"2\">\u00ab\u00a0Les gens de la c\u00f4te ne sont pas dispos\u00e9s \u00e0 c\u00e9der le pouvoir et si les \u00e9lections ne vont pas dans leur sens, il y aura un coup d&rsquo;Etat\u00a0\u00bb, a-t-il pr\u00e9dit.<\/font><\/div>\n<div align=\"justify\" dir=\"ltr\">\u00a0<\/div>\n<div align=\"justify\" dir=\"ltr\"><font face=\"Arial\" size=\"2\">\u00ab\u00a0Les gens de la c\u00f4te\u00a0\u00bb sont une r\u00e9f\u00e9rence aux partisans de Ben Ali bas\u00e9s autour de Sousse, la ville de l&rsquo;ancien pr\u00e9sident.<\/font><\/div>\n<div align=\"justify\" dir=\"ltr\">\u00a0<\/div>\n<div align=\"justify\" dir=\"ltr\"><font face=\"Arial\" size=\"2\">Ben Ali a quant \u00e0 lui trouv\u00e9 refuge en janvier en Arabie saoudite, avec son \u00e9pouse.<\/font><\/div>\n<div align=\"justify\" dir=\"ltr\">\u00a0<\/div>\n<div align=\"justify\" dir=\"ltr\"><font face=\"Arial\" size=\"2\">Rajhi est consid\u00e9r\u00e9 comme une personnalit\u00e9 relativement ind\u00e9pendante et un observateur avis\u00e9 de la politique tunisienne. Mais des responsables d&rsquo;Ennahda ont jug\u00e9 un coup d&rsquo;Etat peu probable.<\/font><\/div>\n<div align=\"justify\" dir=\"ltr\">\u00a0<\/div>\n<div align=\"justify\" dir=\"ltr\"><font face=\"Arial\" size=\"2\">\u00ab\u00a0Nous n&rsquo;avons pas encore de position officielle sur la d\u00e9claration de M. Rajhi, mais je peux vous dire que nous faisons confiance \u00e0 tous les \u00e9l\u00e9ments de l&rsquo;Etat et \u00e0 la population pour qu&rsquo;ils respectent la volont\u00e9 du peuple\u00a0\u00bb, a d\u00e9clar\u00e9 \u00e0 Reuters Nourdine Bhiri, membre du bureau ex\u00e9cutif d&rsquo;Ennahda.<\/font><\/div>\n<div align=\"justify\" dir=\"ltr\">\u00a0<\/div>\n<div align=\"justify\" dir=\"ltr\"><font face=\"Arial\" size=\"2\">Un autre responsable d&rsquo;Ennahda, Ajmi Ourimi, a d\u00e9clar\u00e9 \u00e0 la radio tunisienne: \u00ab\u00a0Le g\u00e9n\u00e9ral Rachid Ammar (chef d&rsquo;\u00e9tat-major) a promis au peuple tunisien qu&rsquo;il prot\u00e9gerait la r\u00e9volution et nous avons confiance que tout se d\u00e9roulera dans un environnement paisible\u00a0\u00bb.<\/font><\/div>\n<div align=\"justify\" dir=\"ltr\">\u00a0<\/div>\n<div align=\"justify\" dir=\"ltr\"><font face=\"Arial\" size=\"2\">Les \u00e9lections du 23 juillet permettront de d\u00e9signer une assembl\u00e9e constituante.<\/font><\/div>\n<div align=\"justify\" dir=\"ltr\">\u00a0<\/div>\n<div align=\"justify\" dir=\"ltr\"><font face=\"Arial\" size=\"2\">Rajhi a \u00e9t\u00e9 nomm\u00e9 ministre de l&rsquo;Int\u00e9rieur peu apr\u00e8s la r\u00e9volution et il a \u00e9t\u00e9 remplac\u00e9 en mars dans le cadre d&rsquo;un nouveau remaniement du gouvernement provisoire. <\/font><\/div>\n<p><font face=\"Arial\" size=\"2\"><\/p>\n<div dir=\"ltr\">\n<hr\/>\n<\/div>\n<div dir=\"ltr\"><\/div>\n<div align=\"justify\" dir=\"ltr\">\u00a0<\/div>\n<div align=\"justify\" dir=\"ltr\">\u00a0<\/div>\n<div align=\"center\" dir=\"ltr\"><strong><\/p>\n<h2 style=\"color: red;\"><font face=\"Arial\">Tunisie: \u00e9vasion de 58 d\u00e9tenus de la prison de Sfax (sud)<\/font><\/h2>\n<p><\/strong><\/div>\n<div align=\"center\" dir=\"ltr\"><strong><\/p>\n<hr\/>\n<p><\/strong><\/div>\n<div align=\"justify\" dir=\"ltr\">\u00a0<\/div>\n<div align=\"justify\" dir=\"ltr\"><font face=\"Arial\" size=\"2\">AFP, le 5 mai 2011 \u00e0 13h51 GMT<\/font><\/div>\n<div align=\"justify\" dir=\"ltr\">\u00a0<\/div>\n<div align=\"justify\" dir=\"ltr\">\u00a0<\/div>\n<div align=\"justify\" dir=\"ltr\"><font face=\"Arial\" size=\"2\">TUNIS, 05 Mai 2011 (AFP) &#8211; Cinquante-huit d\u00e9tenus se sont \u00e9vad\u00e9s de la prison de Sfax dans le sud de la Tunisie apr\u00e8s avoir mis le feu \u00e0 deux cellules de leur \u00e9tablissement carc\u00e9ral, a annonc\u00e9 jeudi l&rsquo;agence officielle TAP.<\/font><\/div>\n<div align=\"justify\" dir=\"ltr\">\u00a0<\/div>\n<div align=\"justify\" dir=\"ltr\"><font face=\"Arial\" size=\"2\">L&rsquo;\u00e9vasion a eu lieu dans la nuit de mercredi \u00e0 jeudi et l&rsquo;incendie n&rsquo;a pas fait de victimes, selon la TAP.<\/font><\/div>\n<div align=\"justify\" dir=\"ltr\">\u00a0<\/div>\n<div align=\"justify\" dir=\"ltr\"><font face=\"Arial\" size=\"2\">D&rsquo;autres \u00e9vasions ou tentatives d&rsquo;\u00e9vasion, pr\u00e9c\u00e9d\u00e9es par des incendies, ont r\u00e9cemment eu lieu dans trois autres prisons, \u00e0 Kairouan et Kasserine (centre-ouest) et Gafsa (sud-est).<\/font><\/div>\n<div align=\"justify\" dir=\"ltr\">\u00a0<\/div>\n<div align=\"justify\" dir=\"ltr\"><font face=\"Arial\" size=\"2\">Deux d\u00e9tenus ont trouv\u00e9 la mort le 1er mai dans l&rsquo;incendie de la prison El-Houareb \u00e0 Kairouan d&rsquo;o\u00f9 aucun prisonnier n&rsquo;a r\u00e9ussi \u00e0 s&rsquo;\u00e9vader mais des centaines de d\u00e9tenus se sont \u00e9vad\u00e9s le 28 avril des prisons de Gafsa et Kasserine.<\/font><\/div>\n<div align=\"justify\" dir=\"ltr\">\u00a0<\/div>\n<div align=\"justify\" dir=\"ltr\"><font face=\"Arial\" size=\"2\">Selon le minist\u00e8re tunisien de l&rsquo;Int\u00e9rieur, quelque 125 fugitifs des prisons de Kasserine et de Gafsa ont \u00e9t\u00e9 arr\u00eat\u00e9s.<\/font><\/div>\n<div align=\"justify\" dir=\"ltr\">\u00a0<\/div>\n<div align=\"justify\" dir=\"ltr\"><font face=\"Arial\" size=\"2\">Des \u00e9vasions massives s&rsquo;\u00e9taient d\u00e9roul\u00e9es au cours du mois du soul\u00e8vement populaire qui a provoqu\u00e9 le 14 janvier la chute du r\u00e9gime du pr\u00e9sident Zine El Abidine Ben Ali apr\u00e8s 23 ans de pouvoir.<\/font><\/div>\n<div align=\"justify\" dir=\"ltr\">\u00a0<\/div>\n<div align=\"justify\" dir=\"ltr\"><font face=\"Arial\" size=\"2\">Fin janvier, le ministre de la Justice avait appel\u00e9 ces d\u00e9tenus, estim\u00e9s \u00e0 9.500 d\u00e9tenus, \u00e0 retourner en prison.<\/font><\/div>\n<p><font face=\"Arial\" size=\"2\"><\/p>\n<div dir=\"ltr\">\n<hr\/>\n<\/div>\n<div dir=\"ltr\"><\/div>\n<div align=\"justify\" dir=\"ltr\">\u00a0<\/div>\n<div align=\"center\" dir=\"ltr\"><strong><\/p>\n<h2 style=\"color: red;\"><font face=\"Arial\">Fronti\u00e8re libyenne: Tunis appelle \u00e0 la vigilance<\/font><\/h2>\n<p><\/strong><\/div>\n<div align=\"center\" dir=\"ltr\"><strong><\/p>\n<hr\/>\n<p><\/strong><\/div>\n<div align=\"justify\" dir=\"ltr\">\u00a0<\/div>\n<div align=\"justify\" dir=\"ltr\"><font face=\"Arial\" size=\"2\">AFP, le 5 mai 2011 \u00e0 09h02 GMT<\/font><\/div>\n<div align=\"justify\" dir=\"ltr\">\u00a0<\/div>\n<div align=\"justify\" dir=\"ltr\">\u00a0<\/div>\n<div align=\"justify\" dir=\"ltr\"><font face=\"Arial\" size=\"2\">TUNIS, 05 Mai 2011 (AFP) &#8211; Le ministre tunisien de la D\u00e9fense Abdelkrim Zebidi a appel\u00e9 \u00e0 la \u00ab\u00a0vigilance\u00a0\u00bb les soldats qui \u00ab\u00a0assurent la protection de la fronti\u00e8re sud du pays\u00a0\u00bb avec la Libye, a rapport\u00e9 l&rsquo;agence officielle TAP.<\/font><\/div>\n<div align=\"justify\" dir=\"ltr\"><font face=\"Arial\" size=\"2\">L&rsquo;arm\u00e9e tunisienne a renforc\u00e9 mardi sa pr\u00e9sence \u00e0 sa fronti\u00e8re sud, pr\u00e8s du poste-fronti\u00e8re de Dehiba, apr\u00e8s des combats qui ont oppos\u00e9 dimanche en Libye, dans le secteur, forces kadhafistes et forces rebelles. Des soldats tunisiens ont am\u00e9nag\u00e9 mardi de nouvelles positions de part et d&rsquo;autre de la route \u00e0 500 m du poste-fronti\u00e8re.<\/font><\/div>\n<div align=\"justify\" dir=\"ltr\"><font face=\"Arial\" size=\"2\">Le poste avait \u00e9t\u00e9 \u00e9vacu\u00e9 dimanche apr\u00e8s-midi apr\u00e8s des tirs \u00e0 l&rsquo;arme lourde entendus \u00e0 une dizaine de km de l\u00e0. Au moins quatre obus de gros calibre, selon l&rsquo;AFP, tir\u00e9s par les forces kadhafistes, avaient touch\u00e9 le sol tunisien sans faire de victimes, tout pr\u00e8s de la ville de Dehiba situ\u00e9e \u00e0 4 km de la fronti\u00e8re.<\/font><\/div>\n<div align=\"justify\" dir=\"ltr\"><font face=\"Arial\" size=\"2\">Forces loyalistes et rebelles s&rsquo;affrontent dans cette zone depuis plus d&rsquo;une semaine pour le contr\u00f4le du poste-fronti\u00e8re et de la route qui m\u00e8ne \u00e0 Zenten (ouest de la Libye), un axe logistique important pour les deux camps.<\/font><\/div>\n<div align=\"justify\" dir=\"ltr\"><font face=\"Arial\" size=\"2\">Le ministre tunisien de la D\u00e9fense qui a effectu\u00e9 mercredi une visite dans le secteur de Dehiba, a salu\u00e9 les \u00ab\u00a0efforts de l&rsquo;arm\u00e9e\u00a0\u00bb pour \u00ab\u00a0la bonne gestion de la situation \u00e0 Dehiba, en assurant l&rsquo;encadrement sanitaire et l&rsquo;h\u00e9bergement des r\u00e9fugi\u00e9s libyens\u00a0\u00bb.<\/font><\/div>\n<div align=\"justify\" dir=\"ltr\"><font face=\"Arial\" size=\"2\">Le ministre, a pr\u00e9cis\u00e9 la TAP, a visit\u00e9 deux centres \u00e0 Echoucha et A\u00efn Skhouna et \u00e0 l&rsquo;unit\u00e9 territoriale d&rsquo;El Borma, dans le secteur de Remada (\u00e0 environ 60 km de Dehiba) o\u00f9 se trouve un camp de r\u00e9fugi\u00e9s du Haut commissariat des Nations unies aux r\u00e9fugi\u00e9s (HCR).<\/font><\/div>\n<div align=\"justify\" dir=\"ltr\"><font face=\"Arial\" size=\"2\">Il a rendu hommage aux familles tunisiennes et aux organisations nationales et internationales qui ont contribu\u00e9 \u00e0 l&rsquo;\u00e9lan de solidarit\u00e9 de la Tunisie pour les r\u00e9fugi\u00e9s de Libye, saluant l&rsquo;appui apport\u00e9 par plusieurs pays fr\u00e8res et amis, selon la TAP.<\/font><\/div>\n<div align=\"justify\" dir=\"ltr\"><font face=\"Arial\" size=\"2\">Plus de 41.600 personnes ont fui les combats en Libye via le poste-fronti\u00e8re de Dehiba ces quatre derni\u00e8res semaines, a indiqu\u00e9 mercredi le HCR en Tunisie.<\/font><\/div>\n<div align=\"justify\" dir=\"ltr\"><font face=\"Arial\" size=\"2\">Des r\u00e9fugi\u00e9s, fuyant les combats entre Zenten et Tripoli, ont continu\u00e9 de franchir r\u00e9guli\u00e8rement la fronti\u00e8re mercredi.<\/font><\/div>\n<p><font face=\"Arial\" size=\"2\"><\/p>\n<div dir=\"ltr\">\n<hr\/>\n<\/div>\n<div dir=\"ltr\"><\/div>\n<div align=\"justify\" dir=\"ltr\">\u00a0<\/div>\n<div align=\"justify\" dir=\"ltr\">\u00a0<\/div>\n<div align=\"center\" dir=\"ltr\"><strong><\/p>\n<h2 style=\"color: red;\"><font face=\"Arial\">Tunisia&rsquo;s ousted leader charged over shooting deaths<\/font><\/h2>\n<p><\/strong><\/div>\n<div align=\"center\" dir=\"ltr\"><strong><\/p>\n<hr\/>\n<p><\/strong><\/div>\n<div align=\"justify\" dir=\"ltr\">\u00a0<\/div>\n<div align=\"justify\" dir=\"ltr\"><font face=\"Arial\" size=\"2\">Reuters, le 4 mai 2011 \u00e0 22h19 GMT<\/font><\/div>\n<div align=\"justify\" dir=\"ltr\">\u00a0<\/div>\n<div align=\"justify\" dir=\"ltr\"><font face=\"Arial\" size=\"2\">* Ben Ali ousted in January, fled to Saudi Arabia<\/font><\/div>\n<div align=\"justify\" dir=\"ltr\"><font face=\"Arial\" size=\"2\">* New charges join long list against ex-president<\/font><\/div>\n<div align=\"justify\" dir=\"ltr\">\u00a0<\/div>\n<div align=\"justify\" dir=\"ltr\"><font face=\"Arial\" size=\"2\">TUNIS, May 4 (Reuters) &#8211; Tunisian authorities have filed new charges against ousted leader Zine al-Abidine Ben Ali and his wife over the killing of protesters during the revolt against his rule, the official TAP news agency reported on Wednesday.<\/font><\/div>\n<div align=\"justify\" dir=\"ltr\">\u00a0<\/div>\n<div align=\"justify\" dir=\"ltr\"><font face=\"Arial\" size=\"2\">Quoting a judicial source, TAP said the charges stemmed from the shooting dead of several protesters by security forces in the central Tunisian town of Ouardanine, when protesters tried to stop Ben Ali&rsquo;s nephew, Kais Ben Ali, from fleeing the city.<\/font><\/div>\n<div align=\"justify\" dir=\"ltr\">\u00a0<\/div>\n<div align=\"justify\" dir=\"ltr\"><font face=\"Arial\" size=\"2\">The incident occurred on the night between Jan. 15 and 16, a day after month-long street protests forced Ben Ali to flee to Saudi Arabia, ending his 23-year rein. The Tunisian uprising was the first of many to sweep the Arab world.<\/font><\/div>\n<div align=\"justify\" dir=\"ltr\">\u00a0<\/div>\n<div align=\"justify\" dir=\"ltr\"><font face=\"Arial\" size=\"2\">The new charges accuse Ben Ali and his wife, Leila Trabelsi, of \u00ab\u00a0plotting against the internal security of the state\u00a0\u00bb and \u00ab\u00a0instigating disorder, murder and looting,\u00a0\u00bb TAP reported.<\/font><\/div>\n<div align=\"justify\" dir=\"ltr\">\u00a0<\/div>\n<div align=\"justify\" dir=\"ltr\"><font face=\"Arial\" size=\"2\">Caretaker authorities in Tunisia, in an apparent attempt to assert their authority and gain legitimacy in the eyes of protesters who forced the transition, have set about attacking the vestiges of Ben Ali&rsquo;s long rule.<\/font><\/div>\n<div align=\"justify\" dir=\"ltr\">\u00a0<\/div>\n<div align=\"justify\" dir=\"ltr\"><font face=\"Arial\" size=\"2\">Several members of his family and security apparatus, and some of his closest allies, were detained shortly after the president&rsquo;s ouster.<\/font><\/div>\n<div align=\"justify\" dir=\"ltr\">\u00a0<\/div>\n<div align=\"justify\" dir=\"ltr\"><font face=\"Arial\" size=\"2\">TAP said charges had also been filed against 14 members of the security forces for their role in the Ouardanine incident, in which at least four protesters were killed.<\/font><\/div>\n<div align=\"justify\" dir=\"ltr\">\u00a0<\/div>\n<div align=\"justify\" dir=\"ltr\"><font face=\"Arial\" size=\"2\">Tunisian authorities said last month that they had prepared 18 legal cases against Ben Ali, including voluntary manslaughter and drug trafficking and use. They are seeking his extradition with his wife from Saudi Arabia. <\/font><\/div>\n<p><font face=\"Arial\" size=\"2\"><\/p>\n<div dir=\"ltr\">\n<hr\/>\n<\/div>\n<div dir=\"ltr\"><\/div>\n<div align=\"justify\" dir=\"ltr\">\u00a0<\/div>\n<div align=\"center\" dir=\"ltr\"><strong><\/p>\n<h2 style=\"color: red;\"><font face=\"Arial\">Tunisie: 55 nouveaux partis sur la sc\u00e8ne politique depuis la r\u00e9volution<\/font><\/h2>\n<p><\/strong><\/div>\n<div align=\"center\" dir=\"ltr\"><strong><\/p>\n<hr\/>\n<p><\/strong><\/div>\n<div align=\"justify\" dir=\"ltr\">\u00a0<\/div>\n<div align=\"justify\" dir=\"ltr\"><font face=\"Arial\" size=\"2\">AFP, le 4 mai 2011 \u00e0 20h37<\/font><\/div>\n<div align=\"justify\" dir=\"ltr\">\u00a0<\/div>\n<div align=\"justify\" dir=\"ltr\">\u00a0<\/div>\n<div align=\"justify\" dir=\"ltr\"><font face=\"Arial\" size=\"2\">TUNIS, 04 Mai 2011 (AFP) &#8211; Quelque 55 partis politiques \u00e9t\u00e9 cr\u00e9\u00e9s en Tunisie depuis la chute de l&rsquo;ancien r\u00e9gime le 14 janvier en Tunisie, o\u00f9 le nombre de formations politiques est d\u00e9sormais de 63, a-t-on appris mercredi aupr\u00e8s du minist\u00e8re de l&rsquo;Int\u00e9rieur.<\/font><\/div>\n<div align=\"justify\" dir=\"ltr\">\u00a0<\/div>\n<div align=\"justify\" dir=\"ltr\"><font face=\"Arial\" size=\"2\">Sous le r\u00e9gime du pr\u00e9sident d\u00e9chu Zine El Abidine Ben Ali, seuls huit partis \u00e9taient autoris\u00e9s sur la sc\u00e8ne politique domin\u00e9e par le parti au pouvoir le Rassemblement constitutionnel d\u00e9mocratique (RCD) dissous le 9 mars \u00e0 la demande des nouvelles autorit\u00e9s.<\/font><\/div>\n<div align=\"justify\" dir=\"ltr\"><font face=\"Arial\" size=\"2\">Selon le minist\u00e8re de l&rsquo;Int\u00e9rieur, 82 demandes de cr\u00e9ation de partis politique ont \u00e9t\u00e9 refus\u00e9es.<\/font><\/div>\n<div align=\"justify\" dir=\"ltr\"><font face=\"Arial\" size=\"2\">Dans le secteur m\u00e9diatique fortement contr\u00f4l\u00e9 par l&rsquo;ancien r\u00e9gime, 51 publications ont \u00e9t\u00e9 autoris\u00e9es m\u00eame si elles n&rsquo;ont pas toutes encore vu le jour et 40 demandes sont encore en attente.<\/font><\/div>\n<div align=\"justify\" dir=\"ltr\"><font face=\"Arial\" size=\"2\">Durant les 23 ans de pouvoir de Ben Ali, seuls 10 quotidiens ont \u00e9t\u00e9 cr\u00e9\u00e9s, a indiqu\u00e9 le minist\u00e8re de l&rsquo;Int\u00e9rieur.<\/font><\/div>\n<div align=\"justify\" dir=\"ltr\"><font face=\"Arial\" size=\"2\">Ces nouveaux partis politiques prennent place avant l&rsquo;\u00e9lection pr\u00e9vue le 24 juillet d&rsquo;une Assembl\u00e9e nationale constituante (ANC), charg\u00e9e d&rsquo;\u00e9laborer une nouvelle Constitution qui marquera l&rsquo;\u00e9mergence de la nouvelle Tunisie, l&rsquo;apr\u00e8s-Ben Ali.<\/font><\/div>\n<div align=\"justify\" dir=\"ltr\"><font face=\"Arial\" size=\"2\">Parmi les formations politiques autoris\u00e9es r\u00e9cemment figure un parti, le mouvement islamique Ennahda (Renaissance), pr\u00e9sid\u00e9 par Rached Ghannouchi, qui a \u00e9t\u00e9 l\u00e9galis\u00e9 le 1er mars, trente ans apr\u00e8s sa fondation.<\/font><\/div>\n<p><font face=\"Arial\" size=\"2\"><\/p>\n<div dir=\"ltr\">\n<hr\/>\n<\/div>\n<div dir=\"ltr\"><\/div>\n<div align=\"justify\" dir=\"ltr\">\u00a0<\/div>\n<div align=\"justify\" dir=\"ltr\">\u00a0<\/div>\n<div align=\"center\" dir=\"ltr\"><strong><\/p>\n<h2 style=\"color: red;\"><font face=\"Arial\">Ben Ali et son \u00e9pouse accus\u00e9s de \u00ab\u00a0complot contre la s\u00fbret\u00e9\u00a0\u00bb de l&rsquo;Etat<\/font><\/h2>\n<p><\/strong><\/div>\n<div align=\"center\" dir=\"ltr\"><strong><\/p>\n<hr\/>\n<p><\/strong><\/div>\n<div align=\"justify\" dir=\"ltr\">\u00a0<\/div>\n<div align=\"justify\" dir=\"ltr\"><font face=\"Arial\" size=\"2\">AFP, le 4 mai 2011 \u00e0 20h14 GMT<\/font><\/div>\n<div align=\"justify\" dir=\"ltr\">\u00a0<\/div>\n<div align=\"justify\" dir=\"ltr\">\u00a0<\/div>\n<div align=\"justify\" dir=\"ltr\"><font face=\"Arial\" size=\"2\">TUNIS, 04 Mai 2011 (AFP) &#8211; L&rsquo;ex-pr\u00e9sident tunisien Ben Ali et son \u00e9pouse Le\u00efla Trabelsi, ont \u00e9t\u00e9 accus\u00e9s de \u00ab\u00a0complot contre la s\u00fbret\u00e9 int\u00e9rieure de l&rsquo;Etat\u00a0\u00bb, a annonc\u00e9 le minist\u00e8re tunisien de la Justice cit\u00e9 par l&rsquo;agence officielle TAP.<\/font><\/div>\n<div align=\"justify\" dir=\"ltr\"><font face=\"Arial\" size=\"2\">Ils sont en outre accus\u00e9s d&rsquo;avoir \u00ab\u00a0provoqu\u00e9 le d\u00e9sordre, des meurtres et des pillages sur le territoire tunisien\u00a0\u00bb, selon la m\u00eame source.<\/font><\/div>\n<div align=\"justify\" dir=\"ltr\"><font face=\"Arial\" size=\"2\">Un dossier judiciaire impliquant Ben Ali, son \u00e9pouse et son neveu Ka\u00efs dans la mort de quatre jeunes tu\u00e9s par balles durant les violences qui ont secou\u00e9 la ville de Ouardanine dans le Sahel tunisien \u00e0 la mi-janvier, a \u00e9t\u00e9 d\u00e9pos\u00e9 devant un tribunal p\u00e9nal de Sousse (centre).<\/font><\/div>\n<div align=\"justify\" dir=\"ltr\"><font face=\"Arial\" size=\"2\">Dans ce dossier, des familles des victimes accusent des agents des forces de l&rsquo;ordre d&rsquo;avoir donn\u00e9 l&rsquo;ordre de tirer sur des manifestants s&rsquo;opposant \u00e0 la fuite de Ka\u00efs Ben Ali, rapporte la TAP.<\/font><\/div>\n<div align=\"justify\" dir=\"ltr\"><font face=\"Arial\" size=\"2\">Au total, 18 actions en justice ont d\u00e9j\u00e0 \u00e9t\u00e9 enclench\u00e9es contre le pr\u00e9sident d\u00e9chu, notamment pour homicides volontaires et usage et trafic de drogues, selon le ministre tunisien de la Justice, Lazhar Karoui Chebbi.<\/font><\/div>\n<div align=\"justify\" dir=\"ltr\"><font face=\"Arial\" size=\"2\">Le ministre avait affirm\u00e9 \u00e0 la mi-avril que le gouvernement \u00e9tait en train de constituer un dossier afin d&rsquo;obtenir l&rsquo;extradition de l&rsquo;ex-pr\u00e9sident, r\u00e9fugi\u00e9 avec des membres de sa famille en Arabie Saoudite depuis sa fuite le 14 janvier.<\/font><\/div>\n<p><font face=\"Arial\" size=\"2\"><\/p>\n<div dir=\"ltr\">\n<hr\/>\n<\/div>\n<div dir=\"ltr\"><\/div>\n<div align=\"justify\" dir=\"ltr\">\u00a0<\/div>\n<div align=\"justify\" dir=\"ltr\">\u00a0<\/div>\n<div align=\"center\" dir=\"ltr\"><strong><\/p>\n<h2 style=\"color: red;\"><font face=\"Arial\">Tunisie: un haut responsable sous Ben Ali plac\u00e9 en d\u00e9tention<\/font><\/h2>\n<p><\/strong><\/div>\n<div align=\"center\" dir=\"ltr\"><strong><\/p>\n<hr\/>\n<p><\/strong><\/div>\n<div align=\"justify\" dir=\"ltr\">\u00a0<\/div>\n<div align=\"justify\" dir=\"ltr\"><font face=\"Arial\" size=\"2\">AFP, le 4 mai 2011 \u00e0 17h45 GMT<\/font><\/div>\n<div align=\"justify\" dir=\"ltr\">\u00a0<\/div>\n<div align=\"justify\" dir=\"ltr\">\u00a0<\/div>\n<div align=\"justify\" dir=\"ltr\"><font face=\"Arial\" size=\"2\">TUNIS, 04 Mai 2011 (AFP) &#8211; Mohamed Ali Ganzoui, ex-secr\u00e9taire d&rsquo;Etat aupr\u00e8s du minist\u00e8re de l&rsquo;Int\u00e9rieur sous le r\u00e9gime du pr\u00e9sident d\u00e9chu Ben Ali, a \u00e9t\u00e9 plac\u00e9 en d\u00e9tention mercredi par la justice tunisienne qui l&rsquo;accuse d&rsquo;avoir ordonn\u00e9 des actes de torture, a indiqu\u00e9 \u00e0 l&rsquo;AFP une source judiciaire.<\/font><\/div>\n<div align=\"justify\" dir=\"ltr\"><font face=\"Arial\" size=\"2\">Cette mesure a \u00e9t\u00e9 d\u00e9cid\u00e9e par le tribunal de premi\u00e8re instance de Tunis apr\u00e8s la comparution mercredi de M. Ganzoui, qui est \u00e9galement accus\u00e9 de mauvais traitements sur des prisonniers.<\/font><\/div>\n<div align=\"justify\" dir=\"ltr\"><font face=\"Arial\" size=\"2\">Tous les ministres et conseillers du pr\u00e9sident tunisien d\u00e9chu Zine El Abidine Ben Ali sont frapp\u00e9s d&rsquo;une interdiction de voyager ordonn\u00e9e par la justice tunisienne.<\/font><\/div>\n<div align=\"justify\" dir=\"ltr\"><font face=\"Arial\" size=\"2\">Cette interdiction s&rsquo;applique \u00e9galement \u00e0 des proches de l&rsquo;ex-pr\u00e9sident et \u00e0 des personnes impliqu\u00e9es dans des affaires de corruption qui doivent \u00eatre jug\u00e9s.<\/font><\/div>\n<div align=\"justify\" dir=\"ltr\"><font face=\"Arial\" size=\"2\">Le r\u00e9gime policier du pr\u00e9sident Ben Ali, rest\u00e9 23 ans au pouvoir, s&rsquo;est effondr\u00e9 le 14 janvier apr\u00e8s une r\u00e9volution in\u00e9dite. L&rsquo;ex-homme fort du palais de Carthage s&rsquo;est alors enfui avec des membres de sa famille en Arabie Saoudite.<\/font><\/div>\n<p><font face=\"Arial\" size=\"2\"><\/p>\n<div dir=\"ltr\">\n<hr\/>\n<\/div>\n<div dir=\"ltr\"><\/div>\n<div align=\"justify\" dir=\"ltr\">\u00a0<\/div>\n<div align=\"center\" dir=\"ltr\"><strong><\/p>\n<h3 style=\"color: blue;\"><font face=\"Arial\">Expulsion de Tunisiens install\u00e9s dans un squat \u00e0 Paris<\/font><\/h3>\n<p><\/strong><\/div>\n<div align=\"center\" dir=\"ltr\"><strong><\/p>\n<hr\/>\n<p><\/strong><\/div>\n<div align=\"justify\" dir=\"ltr\">\u00a0<\/div>\n<div align=\"justify\" dir=\"ltr\">\u00a0<\/div>\n<div align=\"justify\" dir=\"ltr\"><font face=\"Arial\" size=\"2\">Reuters, le 4 mai 2011 \u00e0 15h58 GMT<\/font><\/div>\n<div align=\"justify\" dir=\"ltr\">\u00a0<\/div>\n<div align=\"justify\" dir=\"ltr\">\u00a0<\/div>\n<div align=\"justify\" dir=\"ltr\"><font face=\"Arial\" size=\"2\">PARIS, 4 mai (Reuters) &#8211; Pr\u00e8s de 140 migrants tunisiens ont \u00e9t\u00e9 expuls\u00e9s mercredi d&rsquo;un b\u00e2timent qu&rsquo;ils occupaient dans le XIXe arrondissement de Paris, a-t-on appris aupr\u00e8s de la police.<\/font><\/div>\n<div align=\"justify\" dir=\"ltr\">\u00a0<\/div>\n<div align=\"justify\" dir=\"ltr\"><font face=\"Arial\" size=\"2\">Cette nouvelle op\u00e9ration de police visant des migrants a \u00e9t\u00e9 d\u00e9nonc\u00e9e par de nombreuses associations et partis de gauche.<\/font><\/div>\n<div align=\"justify\" dir=\"ltr\">\u00a0<\/div>\n<div align=\"justify\" dir=\"ltr\"><font face=\"Arial\" size=\"2\">Les membres du \u00ab\u00a0Collectif des Tunisiens de Lampedusa\u00a0\u00bb \u00e0 Paris vivaient depuis plusieurs jours dans ce b\u00e2timent appartenant \u00e0 la mairie de Paris. L&rsquo;immeuble de la rue Simon Bolivar est consid\u00e9r\u00e9 comme insalubre.<\/font><\/div>\n<div align=\"justify\" dir=\"ltr\">\u00a0<\/div>\n<div align=\"justify\" dir=\"ltr\"><font face=\"Arial\" size=\"2\">Les forces de l&rsquo;ordre &#8211; environ 250 CRS et gendarmes &#8211; ont pris position autour de l&rsquo;immeuble, dont plusieurs occupants ont \u00e9t\u00e9 conduits dans des bus, vers 14h00 (12h00 GMT) a constat\u00e9 un photographe de Reuters.<\/font><\/div>\n<div align=\"justify\" dir=\"ltr\">\u00a0<\/div>\n<div align=\"justify\" dir=\"ltr\"><font face=\"Arial\" size=\"2\">\u00ab\u00a0Au total, 138 personnes ont \u00e9t\u00e9 interpell\u00e9es. Leur situation sera examin\u00e9e au cas par cas\u00a0\u00bb, a dit \u00e0 Reuters TV un officier de presse de la pr\u00e9fecture de police.<\/font><\/div>\n<div align=\"justify\" dir=\"ltr\">\u00a0<\/div>\n<div align=\"justify\" dir=\"ltr\"><font face=\"Arial\" size=\"2\">Venus pour la plupart, il y a deux mois, de l&rsquo;\u00eele italienne de Lampedusa, o\u00f9 ils avaient d\u00e9barqu\u00e9 apr\u00e8s les \u00e9v\u00e9nements en Tunisie, les occupants du squat de la rue Bolivar dormaient auparavant au parc de la porte de la Villette.<\/font><\/div>\n<div align=\"justify\" dir=\"ltr\">\u00a0<\/div>\n<div align=\"justify\" dir=\"ltr\"><font face=\"Arial\" size=\"2\">Le maire socialiste de Paris, Bertrand Delano\u00eb, a reconnu que l&rsquo;intervention polici\u00e8re s&rsquo;\u00e9tait faite \u00e0 la demande de la ville de Paris. \u00ab\u00a0Ce lieu est reconnu comme dangereux et n&rsquo;est nullement con\u00e7u pour servir d&rsquo;h\u00e9bergement\u00a0\u00bb, explique la municipalit\u00e9 dans un communiqu\u00e9.<\/font><\/div>\n<div align=\"justify\" dir=\"ltr\">\u00a0<\/div>\n<div align=\"justify\" dir=\"ltr\"><font face=\"Arial\" size=\"2\">\u00ab HONT \u00bb AU GOUVERNEMENT<\/font><\/div>\n<div align=\"justify\" dir=\"ltr\">\u00a0<\/div>\n<div align=\"justify\" dir=\"ltr\"><font face=\"Arial\" size=\"2\">Elle souligne que des \u00e9lus et des repr\u00e9sentants de la Ville ont tent\u00e9 depuis mardi de convaincre les occupants \u00ab\u00a0de quitter le lieu pour rejoindre les h\u00e9bergements que la Ville finance\u00a0\u00bb.<\/font><\/div>\n<div align=\"justify\" dir=\"ltr\">\u00a0<\/div>\n<div align=\"justify\" dir=\"ltr\"><font face=\"Arial\" size=\"2\">En effet, \u00ab\u00a0112 places d&rsquo;h\u00f4tels sont actuellement propos\u00e9es par France Terre d&rsquo;Asile et 100 places ont \u00e9t\u00e9 ouvertes mardi soir par l&rsquo;association Aurore\u00a0\u00bb, pr\u00e9cise-t-elle.<\/font><\/div>\n<div align=\"justify\" dir=\"ltr\">\u00a0<\/div>\n<div align=\"justify\" dir=\"ltr\"><font face=\"Arial\" size=\"2\">Mais \u00e0 l&rsquo;exception d&rsquo;une douzaine de Tunisiens, la plupart ont refus\u00e9, a pr\u00e9cis\u00e9 une porte-parole de la mairie, soulignant que l&rsquo;immeuble avait \u00e9t\u00e9 vid\u00e9 il y a plusieurs mois en raison des risques qu&rsquo;il pr\u00e9sentait.<\/font><\/div>\n<div align=\"justify\" dir=\"ltr\">\u00a0<\/div>\n<div align=\"justify\" dir=\"ltr\"><font face=\"Arial\" size=\"2\">Cette nouvelle op\u00e9ration de police visant des migrants a n\u00e9anmoins suscit\u00e9 de vives protestations.<\/font><\/div>\n<div align=\"justify\" dir=\"ltr\">\u00a0<\/div>\n<div align=\"justify\" dir=\"ltr\"><font face=\"Arial\" size=\"2\">\u00ab\u00a0Cette d\u00e9cision couvre de honte ce gouvernement\u00a0\u00bb et nuit \u00e0 la r\u00e9putation de la France dans le Maghreb, assure dans un communiqu\u00e9 Jean-Luc M\u00e9lenchon, co-pr\u00e9sident du Parti de gauche.<\/font><\/div>\n<div align=\"justify\" dir=\"ltr\">\u00a0<\/div>\n<div align=\"justify\" dir=\"ltr\"><font face=\"Arial\" size=\"2\">\u00ab\u00a0En ce moment la Tunisie assume son devoir humain et politique de solidarit\u00e9 avec les r\u00e9volutions citoyennes en cours en accueillant plus de 70.000 r\u00e9fugi\u00e9s venus pour l&rsquo;essentiel de Lybie, un pays o\u00f9 nous faisons la guerre\u00a0\u00bb, ajoute-t-il.<\/font><\/div>\n<div align=\"justify\" dir=\"ltr\">\u00a0<\/div>\n<div align=\"justify\" dir=\"ltr\"><font face=\"Arial\" size=\"2\">Pour les \u00e9lus parisiens d&rsquo;Europe Ecologie-Les Verts, le gouvernement \u00ab\u00a0opte scandaleusement pour la pr\u00e9cipitation, la brutalit\u00e9 et la confusion\u00a0\u00bb alors que des associations recherchaient de nouveaux locaux.<\/font><\/div>\n<div align=\"justify\" dir=\"ltr\">\u00a0<\/div>\n<div align=\"justify\" dir=\"ltr\"><font face=\"Arial\" size=\"2\">Le Nouveau parti anticapitaliste (NPA) d&rsquo;Olivier Besancenot a \u00ab\u00a0protest\u00e9 \u00e9nergiquement contre la rafle contre la centaine de migrants tunisiens ainsi que contre les violences polici\u00e8res qui accompagnent ce genre d&rsquo;op\u00e9ration.\u00a0\u00bb<\/font><\/div>\n<div align=\"justify\" dir=\"ltr\">\u00a0<\/div>\n<div align=\"justify\" dir=\"ltr\"><font face=\"Arial\" size=\"2\">L&rsquo;union syndicale Solidaires d\u00e9nonce \u00ab\u00a0l&rsquo;abjecte politique du gouvernement qui bafoue la libert\u00e9 de circulation en pourchassant les Tunisiens.\u00a0\u00bb<\/font><\/div>\n<div align=\"justify\" dir=\"ltr\">\u00a0<\/div>\n<div align=\"justify\" dir=\"ltr\"><font face=\"Arial\" size=\"2\">Les autorit\u00e9s multiplient depuis deux semaines \u00e0 Paris et dans le sud de la France les interpellations de migrants, en majorit\u00e9 tunisiens.<\/font><\/div>\n<div align=\"justify\" dir=\"ltr\">\u00a0<\/div>\n<div align=\"justify\" dir=\"ltr\"><font face=\"Arial\" size=\"2\">Pour pouvoir rester en France, les migrants tunisiens doivent \u00eatre d\u00e9tenteurs d&rsquo;un permis de s\u00e9jour en zone Schengen octroy\u00e9 par l&rsquo;Italie et poss\u00e9der 31 euros par jour pour justifier leur pr\u00e9sence sur le territoire fran\u00e7ais. <\/font><\/div>\n<p><font face=\"Arial\" size=\"2\"><\/p>\n<div dir=\"ltr\">\n<hr\/>\n<\/div>\n<div dir=\"ltr\"><\/div>\n<div align=\"justify\" dir=\"ltr\">\u00a0<\/div>\n<div align=\"justify\" dir=\"ltr\">\u00a0<\/div>\n<div align=\"justify\" dir=\"ltr\">\u00a0<\/div>\n<div align=\"justify\" dir=\"ltr\">\u00a0<\/div>\n<div align=\"center\" dir=\"ltr\"><strong><\/p>\n<h3 style=\"color: blue;\"><font face=\"Arial\">Crimes contre l&rsquo;humanit\u00e9 en Libye: trois mandats d&rsquo;arr\u00eat demand\u00e9s \u00e0 la CPI<\/font><\/h3>\n<p><\/strong><\/div>\n<div align=\"center\" dir=\"ltr\"><strong><\/p>\n<hr\/>\n<p><\/strong><\/div>\n<div align=\"justify\" dir=\"ltr\">\u00a0<\/div>\n<div align=\"justify\" dir=\"ltr\">\u00a0<\/div>\n<div align=\"justify\" dir=\"ltr\"><font face=\"Arial\" size=\"2\">AFP, le 4 mai 2011 \u00e0 16h45 GMT<\/font><\/div>\n<div align=\"justify\" dir=\"ltr\">\u00a0<\/div>\n<div align=\"justify\" dir=\"ltr\"><font face=\"Arial\" size=\"2\">Par Pierre-Antoine DONNET<\/font><\/div>\n<div align=\"justify\" dir=\"ltr\">\u00a0<\/div>\n<div align=\"justify\" dir=\"ltr\"><font face=\"Arial\" size=\"2\">NEW YORK, 04 Mai 2011 (AFP) &#8211; Le procureur de la Cour p\u00e9nale internationale (CPI) Luis Moreno-Ocampo a annonc\u00e9 mercredi devant le Conseil de s\u00e9curit\u00e9 des Nations unies qu&rsquo;il demanderait trois mandats d&rsquo;arr\u00eat pour des crimes contre l&rsquo;humanit\u00e9 qui se poursuivent en Libye.<\/font><\/div>\n<div align=\"justify\" dir=\"ltr\"><font face=\"Arial\" size=\"2\">M. Moreno-Ocampo n&rsquo;a pas identifi\u00e9 les personnes concern\u00e9es par les mandats d&rsquo;arr\u00eat, mais des diplomates ont indiqu\u00e9 que le dirigeant libyen Mouammar Kadhafi figurerait parmi les personnes vis\u00e9es.<\/font><\/div>\n<div align=\"justify\" dir=\"ltr\"><font face=\"Arial\" size=\"2\">Le procureur a affirm\u00e9 que \u00ab\u00a0les preuves collect\u00e9es sont suffisantes pour penser que des attaques \u00e9tendues et syst\u00e9matiques contre la population civile ont \u00e9t\u00e9 et continuent d&rsquo;\u00eatre commises en Libye, y compris les meurtres et les pers\u00e9cutions qui sont des crimes contre l&rsquo;humanit\u00e9\u00a0\u00bb.<\/font><\/div>\n<div align=\"justify\" dir=\"ltr\"><font face=\"Arial\" size=\"2\">Il a ajout\u00e9 devant les quinze pays du Conseil de s\u00e9curit\u00e9 que le nombre de morts depuis le d\u00e9but du conflit se comptait \u00ab\u00a0par milliers\u00a0\u00bb.<\/font><\/div>\n<div align=\"justify\" dir=\"ltr\"><font face=\"Arial\" size=\"2\">\u00ab\u00a0Les efforts pour dissimuler les crimes ont rendu difficile le d\u00e9compte du nombre de victimes\u00a0\u00bb, a ajout\u00e9 M. Moreno-Ocampo. \u00ab\u00a0Les morts ont \u00e9t\u00e9 retir\u00e9s des rues et des h\u00f4pitaux\u00a0\u00bb, a-t-il pr\u00e9cis\u00e9.<\/font><\/div>\n<div align=\"justify\" dir=\"ltr\"><font face=\"Arial\" size=\"2\">Le procureur a ajout\u00e9 qu&rsquo;il enqu\u00eatait \u00e9galement sur la mort de dizaines d&rsquo;Africains dans la capitale des rebelles Benghazi, tu\u00e9s par une \u00ab\u00a0foule en col\u00e8re\u00a0\u00bb qui pensait qu&rsquo;il s&rsquo;agissait de mercenaires \u00e0 la solde du colonel Kadhafi.<\/font><\/div>\n<div align=\"justify\" dir=\"ltr\"><font face=\"Arial\" size=\"2\">Le procureur a expliqu\u00e9 que le gouvernement libyen avait commenc\u00e9 \u00e0 se pr\u00e9parer \u00e0 contrer les manifestations plusieurs semaines avant leur d\u00e9but, alert\u00e9s par les soul\u00e8vements en Tunisie et en Egypte.<\/font><\/div>\n<div align=\"justify\" dir=\"ltr\"><font face=\"Arial\" size=\"2\">\u00ab\u00a0D\u00e8s janvier, des mercenaires ont \u00e9t\u00e9 recrut\u00e9s et conduits en Libye\u00a0\u00bb, a-t-il dit.<\/font><\/div>\n<div align=\"justify\" dir=\"ltr\"><font face=\"Arial\" size=\"2\">Il a dit qu&rsquo;il demanderait les trois mandats d&rsquo;arr\u00eat dans les semaines \u00e0 venir et affirm\u00e9 d\u00e9tenir des d\u00e9positions de t\u00e9moins, des vid\u00e9os et des photos comme preuves pour soutenir ses accusations.<\/font><\/div>\n<div align=\"justify\" dir=\"ltr\"><font face=\"Arial\" size=\"2\">L&rsquo;ambassadeur russe \u00e0 l&rsquo;ONU Vitali Tchourkine a quant \u00e0 lui d\u00e9plor\u00e9 \u00ab\u00a0que des actions de la coalition men\u00e9e par l&rsquo;Otan ont aussi provoqu\u00e9 des pertes civiles\u00a0\u00bb. \u00ab\u00a0Cela a eu lieu en particulier pendant les r\u00e9cents bombardements sur Tripoli\u00a0\u00bb.<\/font><\/div>\n<div align=\"justify\" dir=\"ltr\"><font face=\"Arial\" size=\"2\">\u00ab\u00a0Tout usage disproportionn\u00e9 de la force est inacceptable\u00a0\u00bb, a-t-il dit dans une critique voil\u00e9e \u00e0 l&rsquo;\u00e9gard des pays occidentaux.<\/font><\/div>\n<div align=\"justify\" dir=\"ltr\"><font face=\"Arial\" size=\"2\">L&rsquo;ambassadeur chinois \u00e0 l&rsquo;ONU Li Baodong a \u00e9galement d\u00e9coch\u00e9 quelques fl\u00e8ches en direction de la coalition. \u00ab\u00a0Nous ne sommes pas en faveur d&rsquo;une interpr\u00e9tation arbitraire des r\u00e9solutions du Conseil et nous ne sommes pas en faveur d&rsquo;une action qui irait au-del\u00e0 de son mandat\u00a0\u00bb, a-t-il dit.<\/font><\/div>\n<div align=\"justify\" dir=\"ltr\"><font face=\"Arial\" size=\"2\">La Chine estime que la priorit\u00e9 maintenant est \u00ab\u00a0d&rsquo;arriver \u00e0 un cessez-le-feu complet et inconditionnel\u00a0\u00bb, a-t-il dit.<\/font><\/div>\n<div align=\"justify\" dir=\"ltr\"><font face=\"Arial\" size=\"2\">\u00ab\u00a0Le processus judiciaire est en marche, il doit suivre son cours, sans tarder\u00a0\u00bb, a soulign\u00e9 G\u00e9rard Araud, ambassadeur de France \u00e0 l&rsquo;ONU. \u00ab\u00a0Les premiers mandats d\u2019arr\u00eat seront demand\u00e9s aux juges prochainement. Selon les circonstances, a indiqu\u00e9 le procureur (Moreno-Ocampo, ndlr), d\u2019autres suivront\u00a0\u00bb, a-t-il ajout\u00e9.<\/font><\/div>\n<div align=\"justify\" dir=\"ltr\">\u00a0<\/div>\n<p><font face=\"Arial\" size=\"2\"><\/p>\n<div dir=\"ltr\">\u00a0<\/div>\n<div dir=\"ltr\">\u00a0<\/div>\n<div>\n<hr\/>\n<\/div>\n<div>\n<h3 align=\"center\" style=\"color: blue;\">\n<h3 style=\"color: blue;\"><font face=\"Arial\" size=\"3\">La Tunisie vit sous la menace mafieuse des hommes de main de l&rsquo;ancien r\u00e9gime<\/font><\/h3>\n<\/h3>\n<div align=\"center\">\n<hr\/>\n<\/div>\n<div><font face=\"Arial\" size=\"2\">| 04.05.11 |<\/font><\/div>\n<div>\u00a0<\/div>\n<p>\u00a0<\/p>\n<\/div>\n<p align=\"justify\"><font face=\"Arial\" size=\"2\">Avec le calme que donne la certitude, Ali l\u00e2che : <em>\u00ab\u00a0D\u00e9gueulasse est un mot propre pour dire ce qu&rsquo;ils ont fait.\u00a0\u00bb<\/em> 48 ans, dont 23 sous Ben Ali, Ali a honte. Depuis son poste d&rsquo;observation, vingt-huit ans de taxi, il a tout vu, tout entendu, tout ressenti. La saloperie humaine, le vice et la perversion qu&rsquo;autorise l&rsquo;argent roi des mafieux. La supr\u00e9matie du fort, financi\u00e8rement parlant, sur le laborieux qui chaque matin courbait l&rsquo;\u00e9chine sous peine de prison, d&rsquo;interdiction de travail, de confiscation de sa marchandise. Pour Ali, rien n&rsquo;est fini. <\/font><\/p>\n<div align=\"justify\">\u00a0<\/div>\n<div align=\"justify\"><font face=\"Arial\" size=\"2\"><em>\u00ab\u00a0Ils sont encore l\u00e0\u00a0\u00bb<\/em>, jauge-t-il, les yeux pliss\u00e9s. Ce qu&rsquo;il dit sans ambages, ils sont de plus en plus nombreux \u00e0 le murmurer. Lorsque le despote quitta le pays, le 14 janvier \u00e0 17 h 52, les klaxons retentirent dans tout le pays. Deux heures plus tard, des 4\u00d74 d\u00e9boul\u00e8rent, vitres baiss\u00e9es, charg\u00e9s de miliciens arm\u00e9s du dernier cri. Les desperados du Rassemblement constitutionnel d\u00e9mocratique (RCD) avaient pour ordre de br\u00fbler le pays. Cinq jours de crimes suivirent le d\u00e9part de Zine El-Abidine Ben Ali. Cinq jours entre enfer et espoir. Cinq jours durant lesquels la population tunisienne \u00e9rigea des barrages de fortune, des barricades de bric et de broc. Avec des planches, des voitures calcin\u00e9es, des meubles, chaque quartier s&rsquo;organisa pour enfreindre le \u00ab\u00a0\u00e0 tombeaux ouverts\u00a0\u00bb des partisans de M. et M<sup>me<\/sup> Ben Ali. Un \u00e9lan de courage, de solidarit\u00e9 que le peuple tunisien ne doit jamais oublier.<\/font><\/div>\n<div align=\"justify\"><font face=\"Arial\" size=\"2\">La r\u00e9volution s&rsquo;est jou\u00e9e le 14 janvier et les cinq jours qui suivirent. Hommes, femmes, vieillards, jeunes, handicap\u00e9s et enfants, tous furent des comit\u00e9s de quartier. Une vigueur nationale dont ils n&rsquo;eurent pas le souffle de se rendre compte. Personne n&rsquo;a pu f\u00eater la grande victoire. Aucun, aucune, n&rsquo;a pu danser, chanter le triomphe du peuple sur la force. Une r\u00e9volution confisqu\u00e9e par cinq jours de terreur. R\u00e9sultat : aucune union nationale. Et une grosse fatigue que les partisans de Ben Ali et des Trabelsi entretiennent.<\/font><\/div>\n<div align=\"justify\"><strong><font face=\"Arial\" size=\"2\">R\u00e8gne de la peur<\/font><\/strong><\/div>\n<div align=\"justify\"><font face=\"Arial\" size=\"2\">D\u00e9sormais, la Tunisie vit sous la menace des hommes de main de l&rsquo;ancien r\u00e9gime. Policiers, mafieux, voyous, notables de l&rsquo;ex-RCD : tous s&rsquo;unissent pour salir, casser, tabasser le pays. Leur objectif : instaurer le r\u00e8gne de la peur. Se venger. Tuer la r\u00e9volution. Chaparder le pouvoir. Quelques exemples : samedi 30 avril, ce sont trois prisons qui sont incendi\u00e9es afin que 800 d\u00e9tenus s&rsquo;\u00e9chappent. Samedi encore, ce sont 500 salafistes qui font violence, avec la complicit\u00e9 de la police politique, avenue Bourguiba. Dimanche 1<sup>er<\/sup> mai, c&rsquo;est un h\u00f4tel international de Tunis qui est attaqu\u00e9 comme dans le plus mauvais des westerns. Total : la multiplication des op\u00e9rations coup-de-poing men\u00e9e par de petits mercenaires r\u00e9mun\u00e9r\u00e9s par les ex du RCD.<\/font><\/div>\n<div align=\"justify\"><font face=\"Arial\" size=\"2\">On s&rsquo;explique difficilement que certains Trabelsi puissent encore faire du business \u00e0 distance. On ne comprend pas que les prisonniers du type d&rsquo;Imed Trabelsi b\u00e9n\u00e9ficient d&rsquo;un r\u00e9gime digne d&rsquo;un palace. L&rsquo;arm\u00e9e et ses 43 000 soldats ne peuvent tout faire. La police de Ben Ali comptait 200 000 membres, sans compter les indics, vigiles et espions du quotidien. Ils n&rsquo;ont pas disparu. Ajoutons au tableau le voisin libyen qui tente d&rsquo;exporter sa guerre sur le sol tunisien avec force obus, mortiers&#8230; Kadhafi n&rsquo;a jamais pardonn\u00e9 que son ami Ben Ali soit vir\u00e9 comme un voleur. Alors il frappe, via ses mercenaires, le grand sud.<\/font><\/div>\n<div align=\"justify\"><font face=\"Arial\" size=\"2\">Pour les amateurs de symboles, la Tunisie est devenue une destination de choix. On y fait du tourisme de grandes d\u00e9clarations. A Tunis, le d\u00e9fil\u00e9 continu de dirigeants \u00e9trangers donne lieu \u00e0 des multitudes de d\u00e9clarations, d&rsquo;encouragements. Mais de concret, peu. Pour parler cash, il faut d\u00e9verser des tonnes de flouz sur la fr\u00eale d\u00e9mocratie. L&rsquo;aider sans compter. Les besoins imm\u00e9diats sont estim\u00e9s \u00e0 4 milliards de dollars par la Banque mondiale. Le prix \u00e0 payer pour remettre le pays sur les rails de la croissance. Et le sauver d\u00e9finitivement des complots foment\u00e9s par ceux qui firent fortune sous Ben Ali et perdraient tout sous un r\u00e9gime d\u00e9mocratique.<\/font><\/div>\n<div align=\"justify\"><font face=\"Arial\" size=\"2\">Situ\u00e9e entre l&rsquo;Alg\u00e9rie et la Libye, la Tunisie occupe une place g\u00e9ostrat\u00e9gique qu&rsquo;il serait idiot de sous-estimer. Si l&rsquo;on ne veut pas assister \u00e0 la mise \u00e0 sac de la r\u00e9volution, si l&rsquo;on ne souhaite pas le come-back de la mafia, si l&rsquo;on a un minimum de respect pour un peuple qui a su s&rsquo;affranchir de la peur pour d\u00e9loger un mafieux, un clan, ses gangs, alors il faut aider la Tunisie. Aujourd&rsquo;hui. Sans attendre une minute de plus. Demain, il sera peut-\u00eatre trop tard.<\/font><\/div>\n<div align=\"justify\"><strong><font face=\"Arial\" size=\"2\">\u00a9 Beno\u00eet Delmas<\/font><\/strong><\/div>\n<div align=\"justify\">\u00a0<\/div>\n<div align=\"justify\"><font face=\"Arial\" size=\"2\"><span>Beno\u00eet Delmas, journaliste et \u00e9crivain<\/span> <\/font><\/div>\n<div align=\"justify\"><font face=\"Arial\" size=\"2\">(Source: Le Monde du 05.05.11)<\/font><\/div>\n<div>\n<hr\/>\n<\/div>\n<p align=\"center\"><b><span lang=\"FR\"><a href=\"http:\/\/www.jeuneafrique.com\/Article\/ARTJAWEB20110505163210\/tunisie-facebook-zine-el-abidine-ben-ali-coup-d-etattunisie-la-theorie-du-complot-selon-farhat-rajhi.html\" target=\"_blank\" rel=\"noopener\"><span><\/p>\n<h3 style=\"color: blue;\"><font>Tunisie : la th\u00e9orie du complot, selon Farhat Rajhi<\/font><\/h3>\n<p><\/span><\/a> <\/span><\/b><\/p>\n<hr\/>\n<p>\u00a0<\/p>\n<p align=\"justify\"><span lang=\"FR\"><strong>Dans une interview diffus\u00e9e sur Facebook et dans les m\u00e9dias tunisiens, l\u2019ancien ministre de l\u2019Int\u00e9rieur Farhat Rajhi a lanc\u00e9 une v\u00e9ritable bombe. Selon lui, les forces contre-r\u00e9volutionnaires sont \u00e0 l\u2019\u0153uvre au sein du gouvernement et le comploteur en chef ne serait autre que Kamel Elta\u00efef, l\u2019ancien ami intime de Ben Ali.<\/strong><\/span><\/p>\n<p align=\"justify\"><span lang=\"FR\">Un franc-tireur nomm\u00e9<a href=\"http:\/\/www.jeuneafrique.com\/Article\/ARTJAWEB20110328171827\/\" target=\"_blank\" rel=\"noopener\"><span><font>Farhat Rajhi. L\u2019 ex-ministre de l\u2019int\u00e9rieur<\/font><\/span><\/a> et magistrat de formation, qui avait d\u00e9jou\u00e9 une<a href=\"http:\/\/www.jeuneafrique.com\/Article\/ARTJAWEB20110202112839\/\" target=\"_blank\" rel=\"noopener\"><span><font>tentative de d\u00e9stabilisation<\/font><\/span><\/a> de la<a href=\"http:\/\/www.jeuneafrique.com\/pays\/tunisie\/tunisie.asp\" target=\"_blank\" rel=\"noopener\"><span><font>Tunisie<\/font><\/span><\/a> d\u00e9but f\u00e9vrier, a lanc\u00e9 une vraie bombe m\u00e9diatique. Dans une interview vol\u00e9e avant sa mise en ligne sur le site d\u2019information <em><span>Nour Press<\/span><\/em>, et aussit\u00f4t lanc\u00e9e sur Facebook en pleine nuit, Farhat Rajhi explique aux Tunisiens pendant pr\u00e8s d\u2019une demi-heure qu\u2019il n\u2019y a pas eu de r\u00e9volution\u2026 mais une simple r\u00e9volte.<\/span><\/p>\n<p align=\"justify\"><span lang=\"FR\">Selon lui, l\u2019actuel Premier ministre du gouvernement de transition,<a href=\"http:\/\/www.jeuneafrique.com\/Article\/ARTJAJA2621p058-063.xml0\/\" target=\"_blank\" rel=\"noopener\"><span><font>B\u00e9ji Ca\u00efd Essebsi<\/font><\/span><\/a>, serait un menteur, tandis que le g\u00e9n\u00e9ral Ammar, h\u00e9ros de la r\u00e9volution, aurait surtout comme objectif de d\u00e9fendre les int\u00e9r\u00eats des Sah\u00e9liens &#8211; qui habitent une r\u00e9gion traditionnellement associ\u00e9e \u00e0 l\u2019ancien parti au pouvoir, le Rassemblement constitutionnel d\u00e9mocratique (RCD) &#8211; et Kamel Elta\u00efef, l\u2019ancien ami intime de<a href=\"http:\/\/www.jeuneafrique.com\/Article\/ARTJAWEB20110504224805\/justice-proces-tunisie-zine-el-abidine-ben-alitunisie-le-couple-ben-ali-accuse-de-complot-contre-la-surete-interieure-de-l-etat.html\" target=\"_blank\" rel=\"noopener\"><span><font>Zine el-Abidine Ben Ali<\/font><\/span><\/a>, serait l\u2019\u00e9minence grise de ceux qui \u0153uvrent dans l\u2019ombre \u00e0 la contre-<a href=\"http:\/\/www.jeuneafrique.com\/Article\/ARTJAJA2623p056-061.xml0\/tunisie-rcd-hosni-moubarak-democratietunisie-sidi-bouzid-cent-jours-apres.html\" target=\"_blank\" rel=\"noopener\"><span><font>r\u00e9volution<\/font><\/span><\/a>. Farhat Rajhi r\u00e9it\u00e8re m\u00eame ses propos sur les ondes de <em><span>Express FM<\/span><\/em> \u00e0 3 heures du matin\u2026<\/span><\/p>\n<p align=\"justify\"><strong><span lang=\"FR\">Manifestations \u00e0 Sfax et Kairouan<\/span><\/strong><\/p>\n<p align=\"justify\"><span lang=\"FR\">En s\u2019exprimant ainsi, l\u2019ex-ministre apporte de l\u2019eau au moulin du<a href=\"http:\/\/www.jeuneafrique.com\/Article\/ARTJAWEB20110214115121\/\" target=\"_blank\" rel=\"noopener\"><span><font>parti islamiste Ennahdha<\/font><\/span><\/a>, au moment o\u00f9 ce dernier commen\u00e7ait \u00e0 perdre de sa cr\u00e9dibilit\u00e9. Ses d\u00e9clarations ont aussit\u00f4t provoqu\u00e9 des manifestations \u00e0 Sfax et Kairouan tandis que le gouvernement et Kamel Elta\u00efef d\u00e9claraient leur indignation et se r\u00e9servaient le droit d\u2019engager des poursuites.<\/span><\/p>\n<p align=\"justify\"><span lang=\"FR\">\u00c0 quelques mois de<a href=\"http:\/\/www.jeuneafrique.com\/Article\/ARTJAJA2623p024.xml0\/\" target=\"_blank\" rel=\"noopener\"><span><font>l\u2019\u00e9lection d\u2019une Assembl\u00e9e constituante<\/font><\/span><\/a>, le processus d\u00e9mocratique tunisien n\u2019a peut-\u00eatre jamais \u00e9t\u00e9 aussi fragile.<\/span><\/p>\n<p align=\"justify\"><span lang=\"FR\"><font>Source : \u00ab Jeune Afrique \u00bb Le 05-04-2011<\/font><\/span><\/p>\n<div>\n<p align=\"justify\"><span lang=\"FR\"><font>Lien :<\/font><a href=\"http:\/\/www.jeuneafrique.com\/Article\/ARTJAWEB20110505163210\/tunisie-facebook-zine-el-abidine-ben-ali-coup-d-etattunisie-la-theorie-du-complot-selon-farhat-rajhi.html\" target=\"_blank\" rel=\"noopener\"><font>http:\/\/www.jeuneafrique.com\/Article\/ARTJAWEB20110505163210\/tunisie-facebook-zine-el-abidine-ben-ali-coup-d-etattunisie-la-theorie-du-complot-selon-farhat-rajhi.html<\/font><\/a><\/span><\/p>\n<\/div>\n<p align=\"center\"><b><span lang=\"FR\"><\/p>\n<h3 style=\"color: blue;\"><font>Un coup d&rsquo;Etat redout\u00e9 si les islamistes l&#8217;emportent en Tunisie<\/font><\/h3>\n<p> <\/span><\/b><\/p>\n<hr\/>\n<p>\u00a0<\/p>\n<p><span lang=\"FR\"><font>Les partisans du pr\u00e9sident tunisien renvers\u00e9 Zine ben Ali risquent de provoquer un coup d&rsquo;Etat si des islamistes remportent des \u00e9lections d\u00e9mocratiques, a affirm\u00e9 jeudi l&rsquo;ancien ministre de l&rsquo;Int\u00e9rieur, Farhat Rajhi.<\/font><\/span><\/p>\n<p><span lang=\"FR\"><font>Le principal mouvement islamiste de Tunisie, Ennahda, interdit sous Ben Ali, a annonc\u00e9 qu&rsquo;il se pr\u00e9senterait aux \u00e9lections l\u00e9gislatives pr\u00e9vues le 23 juillet, apr\u00e8s 23 ans d&rsquo;un r\u00e9gime autocratique.<\/font><\/span><\/p>\n<p><span lang=\"FR\"><font>Des observateurs estiment qu&rsquo;il pourrait faire un bon score, en particulier dans le Sud conservateur o\u00f9 la pauvret\u00e9 et le ch\u00f4mage provoquent de profondes frustrations.<\/font><\/span><\/p>\n<p><span lang=\"FR\"><font>La chute de Ben Ali, en janvier, a r\u00e9veill\u00e9 des tensions entre pro et anti-islamistes.<\/font><\/span><\/p>\n<p><span lang=\"FR\"><font>\u00ab\u00a0<em><span>Si Ennahda prend le pouvoir, il y aura un coup d&rsquo;Etat<\/span><\/em>\u00ab\u00a0, a d\u00e9clar\u00e9 dans une vid\u00e9o publi\u00e9e sur Facebook Farhat Rajhi, bri\u00e8vement nomm\u00e9 ministre de l&rsquo;Int\u00e9rieur peu apr\u00e8s la \u00ab\u00a0<em><span>r\u00e9volution de jasmin<\/span><\/em>\u00ab\u00a0.<\/font><\/span><\/p>\n<p><span lang=\"FR\"><font>\u00ab\u00a0<em><span>Les gens de la c\u00f4te ne sont pas dispos\u00e9s \u00e0 c\u00e9der le pouvoir et si les \u00e9lections ne vont pas dans leur sens, il y aura un coup d&rsquo;Etat<\/span><\/em>\u00ab\u00a0, a-t-il pr\u00e9dit.<\/font><\/span><\/p>\n<p><span lang=\"FR\"><font>\u00ab\u00a0<em><span>Les gens de la c\u00f4te<\/span><\/em>\u00a0\u00bb sont une r\u00e9f\u00e9rence aux partisans de Ben Ali bas\u00e9s autour de Sousse, la ville de l&rsquo;ancien pr\u00e9sident.<\/font><\/span><\/p>\n<p><span lang=\"FR\"><font>Ben Ali a quant \u00e0 lui trouv\u00e9 refuge en janvier en Arabie saoudite, avec son \u00e9pouse.<\/font><\/span><\/p>\n<p><span lang=\"FR\"><font>Rajhi est consid\u00e9r\u00e9 comme une personnalit\u00e9 relativement ind\u00e9pendante et un observateur avis\u00e9 de la politique tunisienne. Mais des responsables d&rsquo;Ennahda ont jug\u00e9 un coup d&rsquo;Etat peu probable.<\/font><\/span><\/p>\n<p><span lang=\"FR\"><font>\u00ab\u00a0<em><span>Nous n&rsquo;avons pas encore de position officielle sur la d\u00e9claration de M. Rajhi, mais je peux vous dire que nous faisons confiance \u00e0 tous les \u00e9l\u00e9ments de l&rsquo;Etat et \u00e0 la population pour qu&rsquo;ils respectent la volont\u00e9 du peuple<\/span><\/em>\u00ab\u00a0, a d\u00e9clar\u00e9 \u00e0 Reuters Nourdine Bhiri, membre du bureau ex\u00e9cutif d&rsquo;Ennahda.<\/font><\/span><\/p>\n<p><span lang=\"FR\"><font>Un autre responsable d&rsquo;Ennahda, Ajmi Ourimi, a d\u00e9clar\u00e9 \u00e0 la radio tunisienne: \u00ab\u00a0<em><span>Le g\u00e9n\u00e9ral Rachid Ammar (chef d&rsquo;\u00e9tat-major) a promis au peuple tunisien qu&rsquo;il prot\u00e9gerait la r\u00e9volution et nous avons confiance que tout se d\u00e9roulera dans un environnement paisible<\/span><\/em>\u00ab\u00a0.<\/font><\/span><\/p>\n<p><span lang=\"FR\"><font>Les \u00e9lections du 23 juillet permettront de d\u00e9signer une assembl\u00e9e constituante.<\/font><\/span><\/p>\n<p><span lang=\"FR\"><font>Rajhi a \u00e9t\u00e9 nomm\u00e9 ministre de l&rsquo;Int\u00e9rieur peu apr\u00e8s la r\u00e9volution et il a \u00e9t\u00e9 remplac\u00e9 en mars dans le cadre d&rsquo;un nouveau remaniement du gouvernement provisoire.<\/font><\/span><\/p>\n<p><span lang=\"FR\"><font>Source : \u00ab L\u2019express \u00bb le 05-05-2011<\/font><\/span><\/p>\n<div>\n<p><span lang=\"FR\"><font>Lien : <\/font><a href=\"http:\/\/www.lexpress.fr\/actualites\/2\/monde\/un-coup-d-etat-redoute-si-les-islamistes-l-emportent-en-tunisie_989594.html\" target=\"_blank\" rel=\"noopener\"><font>http:\/\/www.lexpress.fr\/actualites\/2\/monde\/un-coup-d-etat-redoute-si-les-islamistes-l-emportent-en-tunisie_989594.html<\/font><\/a><\/span><\/p>\n<\/div>\n<p align=\"center\"><b><span lang=\"FR\"><\/p>\n<h3 style=\"color: blue;\"><font>Tunisie : Une vid\u00e9o de Farhat Rajhi affole la \u00ab\u00a0Toile\u00a0\u00bb tunisienne<\/font><\/h3>\n<p> <\/span><\/b><\/p>\n<hr\/>\n<p>\u00a0<\/p>\n<p><span lang=\"FR\">La vid\u00e9o publi\u00e9 hier soir (mercredi 4 mai 2011) sur Facebook et montrant <\/span><span lang=\"NO-BOK\"><a href=\"http:\/\/www.webmanagercenter.com\/management\/management\/article.php?id=103836\" target=\"_blank\" rel=\"noopener\"><span lang=\"FR\"><font>Farhat Rajhi<\/font><\/span><\/a><\/span><span lang=\"FR\">, l\u2019ancien ministre de l\u2019Int\u00e9rieur, d\u00e9baller des \u00absecrets\u00bb a fait le tour de la \u201cToile\u00a0\u00bb tunisienne, et ce matin le tout Tunis et la Tunisie ne parle que de la nouvelle sortie de celui qu\u2019on a appel\u00e9 affectueusement \u00abMonsieur Propre\u00bb\u2026 Il para\u00eet que m\u00eame la Bourse de Tunis a r\u00e9agi&#8230; n\u00e9gativement.<\/span><\/p>\n<p><span lang=\"FR\">Farhat Rajhi, dans sa vid\u00e9o, revient sur les conditions de son \u00e9viction et accuse le Premier ministre de mensonge sur sa \u00abd\u00e9mission\u00bb. Il d\u00e9clare aussi que les \u00abSah\u00e9liens\u00bb \u0153uvrent dans l\u2019ombre pour maintenir leur mainmise sur le pays comme c\u2019est le cas depuis 1956.<\/span><\/p>\n<p><span lang=\"FR\">L\u2019ex-ministre de l\u2019Int\u00e9rieur accuse Kamel Ltaief, l\u2019ex ami de Ben Ali (avant de se faire jeter par Leila Trabelsi), de manigancer tout \u00e7a&#8230; Accusation \u00e0 laquelle ce dernier n\u2019a pas tard\u00e9 \u00e0 r\u00e9agir en d\u00e9clarant non seulement ne pas conna\u00eetre Rajhi mais aussi de nier en bloc ses accusations.<\/span><\/p>\n<p><span lang=\"FR\">Il est \u00e0 rappeler que cette accusation a \u00e9t\u00e9 prof\u00e9r\u00e9e par Me Chokri Belaid, porte-parole des Patriotes D\u00e9mocratiques (Watad) au sein m\u00eame de la Haute Instance de d\u00e9fense de la r\u00e9volution, il y a quelques semaines\u2026 <\/span><\/p>\n<p><span lang=\"FR\">Il faut savoir que la d\u00e9claration de Farhat Rajhi a \u00e9t\u00e9 faite \u00e0 Hamdi Ben Salah, un journaliste blogueur tunisien. Il insiste sur le fait que les \u00abSah\u00e9liens\u00bb sont pr\u00eats \u00e0 tout pour garder le pouvoir m\u00eame s\u2019il faut le donner \u00e0 l\u2019arm\u00e9e par un putsch\u2026<\/span><\/p>\n<p><span lang=\"FR\">Tout porte \u00e0 croire que, vu le capital de sympathie dont il b\u00e9n\u00e9ficie, et vu une tendance g\u00e9n\u00e9ralis\u00e9e chez les Tunisiens \u00e0 voir des coups mont\u00e9s et des complots partout, les s\u00e9quences de Rajhi vont s\u00fbrement exploser le \u00abj\u2019aime\u00bb sur Facebook pendant un certain temps.<\/span><\/p>\n<p><span lang=\"FR\"><font>Source : \u00ab wmc \u00bb Le 05-05-2011<\/font><\/span><\/p>\n<div>\n<p><span lang=\"FR\"><font>Lien :<\/font><a href=\"http:\/\/www.webmanagercenter.com\/management\/article-105474-tunisie-une-video-de-farhat-rajhi-affole-la-toile-tunisienne\" target=\"_blank\" rel=\"noopener\"><font>http:\/\/www.webmanagercenter.com\/management\/article-105474-tunisie-une-video-de-farhat-rajhi-affole-la-toile-tunisienne<\/font><\/a><\/span><\/p>\n<\/div>\n<p align=\"center\"><b><span lang=\"FR\"><\/p>\n<h3 style=\"color: blue;\"><font>Tunisie: ma lecture de la soi-disant interview \u00e0 l&rsquo;insu de Rajhi<\/font><\/h3>\n<p> <\/span><\/b><\/p>\n<hr\/>\n<p>\u00a0<\/p>\n<p><span lang=\"FR\"><font>Farhat Rajhi me semble beaucoup plus un acteur qu&rsquo;un politique ! Comme par hasard il s&rsquo;est pas rendu compte qu&rsquo;on le filmait ? (en plus c&rsquo;est une tr\u00e8s bonne qualit\u00e9 d&rsquo;image, donc je ne pense pas que \u00e7a soit un t\u00e9l\u00e9phone de rien du tout dissimul\u00e9).  Il porte des accusations contre tout le monde, et veut tout simplement sortir comme un h\u00e9ros national !! Il s&rsquo;est mis \u00e0 croire \u00e0 sa bonne \u00e9toile et \u00e0 se voir d\u00e9j\u00e0 \u00ab calife \u00e0 la place du calife \u00bb.   Il n&rsquo;a pas pens\u00e9 une seconde que de telles accusations pouvaient plonger la Tunisie dans le chaos encore plus que \u00e7a ne l&rsquo;est maintenant !! Il n&rsquo;a pas pens\u00e9 qu&rsquo;il a fait preuve de r\u00e9gionalisme et d&rsquo;accusations gratuites !! Il n&rsquo;a pens\u00e9 qu&rsquo;\u00e0 sa propre personne.   Il s&rsquo;est vu faire tomber le gouvernement et tout d&rsquo;un coup \u00eatre propuls\u00e9 au devant de la sc\u00e8ne !! Pitoyable fa\u00e7on de penser !! Path\u00e9tique !! Il ne vaut absolument rien \u00e0 mes yeux, parce qu&rsquo;il a mis ses interets bien devant ceux de la Tunisie !! Et je ne crois pas une seconde \u00e0 ce qu&rsquo;il avance !!  En voyant des personnes qui sont suppos\u00e9es \u00eatre responsable et penser au bien de la Tunisie penser de la sorte, je plonge encore un peu plus dans mon pessimisme ! Rajhi a d\u00e9j\u00e0 mal agi en mettant dehors tous les policiers sans mener ni enqu\u00eate ni rien. Il a mal agi encore plus en sapant le moral de ses troupes (suppos\u00e9 \u00eatre), mais il a encore plus mal agi en se comportant de la sorte !!  Mr Propre? Super Farhat? La situation s\u00e9curitaire n&rsquo;a fait qu&#8217;empirer avec lui. La police refusait net de travailler !! Et la peur \u00e9tait notre seul quotidien !!  Aujourd&rsquo;hui ce n&rsquo;est certes pas blanc, mais ce n&rsquo;est plus aussi noir. Quand on est ministre du gouvernement, ou quand on a un poste important, quand on a port\u00e9 une responsabilit\u00e9, on doit tout d&rsquo;abord penser \u00e0 l&rsquo;int\u00e9r\u00eat de cette nation. Ca ne semble pas \u00eatre le cas de Rajhi&#8230; Et franchement je pense que le g\u00e9n\u00e9ral a beaucoup plus fait pour la Tunisie que ce Rajhi !!  Je sais que vous n&rsquo;allez pas \u00eatre d&rsquo;accord avec moi, je sais que tout le monde va me fusiller, mais c&rsquo;est ma vision des choses. Je d\u00e9fendrai mon point de vue, parce que le drapeau tunisien doit rester au dessus de tout compte \u00e0 rendre !!  A bon entendeur salut, et \u00e0 Farhat Rajhi, tu \u00e9tais malheureusement une erreur&#8230;<\/font><\/span><\/p>\n<p><span lang=\"FR\"><font>Source : \u00ab Espace Manager \u00bb Le 05-05-2011<\/font><\/span><\/p>\n<div>\n<p><span lang=\"FR\"><font>Lien :<\/font><a href=\"http:\/\/www.espacemanager.com\/chroniques\/tunisie-ma-lecture-de-la-soi-disant-interview-a-l-insu-de-rajhi.html\" target=\"_blank\" rel=\"noopener\"><font>http:\/\/www.espacemanager.com\/chroniques\/tunisie-ma-lecture-de-la-soi-disant-interview-a-l-insu-de-rajhi.html<\/font><\/a><\/span><\/p>\n<\/div>\n<p align=\"center\"><b><span lang=\"FR\"><\/p>\n<h3 style=\"color: blue;\"><font>Tunisie: nouvelles \u00e9vasions d&rsquo;une prison dans le Sud<\/font><\/h3>\n<p> <\/span><\/b><\/p>\n<hr\/>\n<p>\u00a0<\/p>\n<p><span lang=\"FR\">Cinquante-huit d\u00e9tenus se sont \u00e9vad\u00e9s dans la nuit de mercredi \u00e0 jeudi de la prison civile de Sfax, principale ville du Sud tunisien, \u00e0 la faveur d&rsquo;un incendie qu&rsquo;il ont provoqu\u00e9 dans deux cellules de l&rsquo;\u00e9tablissement carc\u00e9ral, a rapport\u00e9 jeudi l&rsquo;agence de presse officielle TAP.<\/span><\/p>\n<p><span lang=\"FR\">Les pensionnaires auraient b\u00e9n\u00e9fici\u00e9 d&rsquo;une complicit\u00e9 de l&rsquo;ext\u00e9rieur, selon un t\u00e9moin oculaire cit\u00e9 par l&rsquo;agence. Une voiture sans plaques d&rsquo;immatriculation a \u00e9t\u00e9 rep\u00e9r\u00e9e aux alentours de la prison avec \u00e0 son bord plusieurs personnes munies d&rsquo;armes blanches et de barres de fer, a not\u00e9 le t\u00e9moin.<\/span><\/p>\n<p><span lang=\"FR\">L&rsquo;incendie a \u00e9t\u00e9 ma\u00eetris\u00e9 par des unit\u00e9s de la protection civile, alors que l&rsquo;arm\u00e9e a d\u00fb intervenir aux c\u00f4t\u00e9s des forces de s\u00e9curit\u00e9 pour r\u00e9tablir l&rsquo;ordre dans la prison.<\/span><\/p>\n<p><span lang=\"FR\">La semaine derni\u00e8re, plus de 800 d\u00e9tenus s&rsquo;\u00e9taient \u00e9vad\u00e9s des prisons de Kasserine et Gafsa, deux villes du Centre-ouest, et 135 seulement ont \u00e9t\u00e9 r\u00e9cup\u00e9r\u00e9s, selon le minist\u00e8re de l&rsquo;Int\u00e9rieur.<\/span><\/p>\n<p><span lang=\"FR\">Le ph\u00e9nom\u00e8ne des \u00e9vasions des prisonniers avait commenc\u00e9 \u00e0 la mi-janvier lors des troubles qui ont suivi la chute du r\u00e9gime Ben Ali. Le ministre la Justice a recens\u00e9 quelque 11.000 \u00e9vasions.<\/span><\/p>\n<p><span lang=\"FR\">Des op\u00e9rations de ratissage men\u00e9es conjointement par les forces de l&rsquo;ordre et l&rsquo;arm\u00e9e ont permis d&rsquo;arr\u00eater par vagues successives quelques milliers d&rsquo;\u00e9vad\u00e9s, et pr\u00e8s de 2.000 ont r\u00e9int\u00e9gr\u00e9s de leur propre chef les p\u00e9nitenciers, selon la TAP<\/span><\/p>\n<p><span lang=\"EN-GB\"><font>Source: \u00ab The Canadian Press \u00bb Le 05-05-2011<\/font><\/span><\/p>\n<div>\n<p><span lang=\"FR\"><font>Lien:<\/font><a href=\"http:\/\/www.google.com\/hostednews\/canadianpress\/article\/ALeqM5jXJrhW7xYtAY66MCxyrxd0i_vDow?docId=6764477\" target=\"_blank\" rel=\"noopener\"><font>http:\/\/www.google.com\/hostednews\/canadianpress\/article\/ALeqM5jXJrhW7xYtAY66MCxyrxd0i_vDow?docId=6764477<\/font><\/a><\/span><\/p>\n<\/div>\n<h3 align=\"center\" style=\"color: blue;\"><span lang=\"FR\"><\/p>\n<h4 style=\"color: blue;\"><font>Tunisie &#8211; 1er rapport annuel sur les libert\u00e9s de la presse apr\u00e8s 14 janvier<\/font><\/h4>\n<p> <\/span><\/h3>\n<hr\/>\n<p align=\"left\"><span lang=\"FR\">Le Syndicat national des journalistes tunisiens (SNJT) a rendu public, le 3 mai 2011 \u00e0 l\u2019occasion de la Journ\u00e9e mondiale de la libert\u00e9 de la presse, le rapport annuel sur l\u2019\u00e9tat des lieux au sein des m\u00e9dias tunisiens, publics et priv\u00e9s, \u00e9crit, audiovisuels et la presse d\u2019agence.  Le contenu du rapport s\u2019int\u00e9resse, bien entendu, \u00e0 la p\u00e9riode de l\u2019apr\u00e8s 14 janvier 2011 et les \u00e9ventuels changements enregistr\u00e9s dans le paysage m\u00e9diatique. Elabor\u00e9, selon la m\u00eame approche que lors des ann\u00e9es pr\u00e9c\u00e9dentes, le rapport se f\u00e9licite d\u2019une certaine mutation qualitative enregistr\u00e9e par les diff\u00e9rents m\u00e9dias audiovisuels, \u00e9crits et \u00e9lectroniques apr\u00e8s l\u2019av\u00e8nement de la R\u00e9volution, mais d\u00e9plore la persistance de certaines pratiques et de certains r\u00e9flexes. Le rapport constate que les m\u00eames plumes, qui faisaient l\u2019\u00e9loge de l\u2019ancien pr\u00e9sident, se mettent, aujourd\u2019hui \u00e0 l\u2019insulter et \u00e0 chanter les louanges de la R\u00e9volution.  Le rapport fait remarquer que des forces mues par les anciens r\u00e9flexes persistent encore et continuent \u00e0 avoir une influence n\u00e9gative sur le paysage m\u00e9diatique. Ce document de 35 pages soul\u00e8ves les probl\u00e8mes des professionnels qui manquent toujours des moyens mat\u00e9riels n\u00e9cessaires pour exercer convenablement leur m\u00e9tier et souffrent, toujours, de conditions mat\u00e9rielles pr\u00e9caires. Il rel\u00e8ve, \u00e9galement, certains cas concrets d\u2019abus emp\u00eachant l\u2019\u00e9mergence d\u2019une information de qualit\u00e9, sans oublier la d\u00e9nonciation des intrus dont le nombre a augment\u00e9 dans le secteur. Le SNJT rel\u00e8ve, \u00e0 ce propos, que le secteur n&rsquo;a pas plus besoin d&rsquo;un code de la presse mais, plut\u00f4t, d&rsquo;un code des proc\u00e9dures m\u00e9diatiques.  Le rapport, qui appelle \u00e0 une meilleure r\u00e9glementation du paysage vers une plus grande libert\u00e9, traite des diff\u00e9rents modes \u00e9crits, audiovisuels et agence, mais semble avoir oubli\u00e9 le mode \u00e9lectronique qui est en train de faire une mont\u00e9e en puissance et gagne en audience d\u00e9passant bon nombre de supports de presse papier. Certains reprochent \u00e0 ce rapport d\u2019avoir ignor\u00e9 les directeurs des m\u00e9dias qui auraient d\u00fb \u00eatre contact\u00e9s afin qu\u2019ils donnent leurs versions sur certains faits mentionn\u00e9s.  Ces quelques d\u00e9faillances pourraient \u00eatre expliqu\u00e9es par la contrainte du temps, \u00e9tant donn\u00e9 que le Bureau l\u00e9gitime du SNJT n\u2019a repris sa place qu\u2019apr\u00e8s le 14 janvier.<\/span><\/p>\n<p align=\"left\"><span lang=\"FR\"><font>Source : \u00ab Business News \u00bb Le 05-05-2011<\/font><\/span><\/p>\n<div>\n<p align=\"left\"><span lang=\"FR\"><font>Lien : <\/font><a href=\"http:\/\/www.businessnews.com.tn\/details_article.php?a=24630&amp;temp=1&amp;lang=fr&amp;t=520\" target=\"_blank\" rel=\"noopener\"><font>http:\/\/www.businessnews.com.tn\/details_article.php?a=24630&amp;temp=1&amp;lang=fr&amp;t=520<\/font><\/a><\/span><\/p>\n<\/div>\n<h4 align=\"center\" style=\"color: blue;\"><span lang=\"NO-BOK\"><a href=\"http:\/\/fr.rian.ru\/world\/20110505\/189379380.html\" target=\"_blank\" rel=\"noopener\"><span lang=\"FR\"><\/p>\n<h4 style=\"color: blue;\"><font>Tunisie: nouvelles accusations contre Ben Ali<\/font><\/h4>\n<p><\/span><\/a> <\/span><\/h4>\n<hr\/>\n<p>\u00a0<\/p>\n<p><span lang=\"FR\">Le minist\u00e8re tunisien de la Justice a lanc\u00e9 deux nouvelles accusations contre l&rsquo;ex-pr\u00e9sident du pays <\/span><span lang=\"NO-BOK\"><a href=\"http:\/\/fr.rian.ru\/world\/20110414\/189161371.html\" target=\"_blank\" rel=\"noopener\"><span lang=\"FR\"><font>Ben Ali <\/font><\/span><\/a><\/span><span lang=\"FR\">et son \u00e9pouse Le\u00efla Trabelsi, rapporte jeudi l&rsquo;agence officielle tunisienne TAP.<\/span><\/p>\n<p><span lang=\"FR\">Les \u00e9poux sont d\u00e9sormais accus\u00e9s de \u00ab\u00a0complot contre la s\u00fbret\u00e9 int\u00e9rieure de l&rsquo;Etat\u00a0\u00bb et d'\u00a0\u00bbincitation au d\u00e9sordre, au meurtre et au pillage sur le territoire tunisien\u00a0\u00bb, indique l&rsquo;agence.<\/span><\/p>\n<p><span lang=\"FR\">A la mi-avril, les autorit\u00e9s tunisiennes ont publi\u00e9 une liste des 18 chefs d&rsquo;accusation port\u00e9s contre l&rsquo;ancien pr\u00e9sident du pays, dont ceux d&rsquo;homicide volontaire, de d\u00e9tournement de fonds et de trafic de drogue.<\/span><\/p>\n<p><span lang=\"FR\">Au total, 44 affaires p\u00e9nales ont \u00e9t\u00e9 engag\u00e9es contre le pr\u00e9sident d\u00e9chu, ainsi que contre les membres de sa famille et de son entourage.<\/span><\/p>\n<p><span lang=\"FR\">Lanc\u00e9es en d\u00e9cembre dernier, des manifestations massives d\u00e9non\u00e7ant les mauvaises conditions de vie et le ch\u00f4mage ont pr\u00e9cipit\u00e9 la chute du r\u00e9gime tunisien. Ben Ali, au pouvoir pendant 23 ans, a fui en Arabie saoudite emportant avec lui, selon certaines sources, 10 milliards d&rsquo;euros en liquide.<\/span><\/p>\n<p align=\"left\"><span lang=\"FR\"><font>Source : \u00ab RIA NOVOSITI \u00bb Le 05-05-2011<\/font><\/span><\/p>\n<div>\n<p align=\"left\"><span lang=\"FR\"><font>Lien : <\/font><a href=\"http:\/\/fr.rian.ru\/world\/20110505\/189379380.html\" target=\"_blank\" rel=\"noopener\"><font>http:\/\/fr.rian.ru\/world\/20110505\/189379380.html<\/font><\/a><\/span><\/p>\n<\/div>\n<p align=\"center\"><b><span lang=\"FR\"><\/p>\n<p><font>Tunisie : Abdelkrim Zebidi appelle l&rsquo;arm\u00e9e \u00e0 la vigilance apr\u00e8s des combats aux fronti\u00e8res avec la Libye<\/font><\/p>\n<p> <\/span><\/b><\/p>\n<hr\/>\n<p>\u00a0<\/p>\n<p>\u00a0<\/p>\n<p><span lang=\"FR\">Le ministre tunisien de la d\u00e9fense nationale, M. Abdelkrim Zebidi, a appel\u00e9 l&rsquo;arm\u00e9e \u00ab\u00a0\u00e0 la vigilance pour prot\u00e9ger la s\u00e9curit\u00e9 et l&rsquo;int\u00e9grit\u00e9 du territoire tunisien\u00a0\u00bb. <\/span><\/p>\n<p><span lang=\"FR\">Abdelkrim Zebidi, le ministre tunisien de la d\u00e9fense nationale Lors d&rsquo;une visite, mercredi, \u00e0 des sites militaires \u00e0 la fronti\u00e8re tuniso-libyenne, M. Zebidi a salu\u00e9 les efforts d\u00e9ploy\u00e9s par l&rsquo;arm\u00e9e tunisienne pour \u00ab\u00a0la s\u00e9curisation des fronti\u00e8res sud et pour la bonne gestion de la situation\u00a0\u00bb actuelle dans la r\u00e9gion de Dhiba, en assurant les diff\u00e9rents services : l&rsquo;encadrement sanitaire et l&rsquo;h\u00e9bergement aux r\u00e9fugi\u00e9s libyens ainsi qu&rsquo;aux autres r\u00e9fugi\u00e9s. <\/span><\/p>\n<p><span lang=\"FR\">Selon l&rsquo;agence de presse tunisienne (TAP), M. Zebidi a visit\u00e9 le secteur du 1er groupement territorial saharien qui assure la protection des fronti\u00e8res sud de la Tunisie. <\/span><\/p>\n<p><span lang=\"FR\">Le ministre tunisien s&rsquo;est enquis de la situation au centre d&rsquo;Echoucha, A\u00efn Skhouna et \u00e0 l&rsquo;unit\u00e9 territoriale d&rsquo;El Borma (secteur Remada, sud de la Tunisie), a pr\u00e9cis\u00e9 l&rsquo;agence de presse tunisienne, soulignant qu&rsquo;il s&rsquo;est inform\u00e9 de la contribution de l&rsquo;arm\u00e9e tunisienne \u00e0 l&rsquo;accueil et l&rsquo;h\u00e9bergement des \u00e9migrants libyens au camp de r\u00e9fugi\u00e9s \u00e0 la r\u00e9gion de Remada et chez des familles tunisiennes r\u00e9sidant dans la r\u00e9gion. <\/span><\/p>\n<p><span lang=\"FR\">La visite du ministre tunisien \u00e0 la r\u00e9gion survient quelques jours apr\u00e8s les bombardements libyens. Des obus libyens sont tomb\u00e9s en territoire tunisien \u00e0 proximit\u00e9 de secteurs r\u00e9sidentiels, \u00e0 la suite de la confrontation militaire entre les rebelles et les milices pro-Khadafi autour du point de passage frontalier de Dehiba-Wazen. <\/span><\/p>\n<p><span lang=\"FR\"><font>Source : \u00ab Atlas info \u00bb Le 05-05-2011<\/font><\/span><\/p>\n<div>\n<p><span lang=\"FR\"><font>Lien :<\/font><a href=\"http:\/\/www.atlasinfo.fr\/Tunisie-Abdelkrim-Zebidi-appelle-l-armee-a-la-vigilance-apres-des-combats-aux-frontieres-avec-la-Libye_a16693.html\" target=\"_blank\" rel=\"noopener\"><font>http:\/\/www.atlasinfo.fr\/Tunisie-Abdelkrim-Zebidi-appelle-l-armee-a-la-vigilance-apres-des-combats-aux-frontieres-avec-la-Libye_a16693.html<\/font><\/a><\/span><\/p>\n<\/div>\n<p align=\"center\"><b><span lang=\"FR\"><\/p>\n<h4 style=\"color: blue;\"><font>Ce que B\u00e9ji Caid Essebsi ne dira pas aux Tunisiens !<\/font><\/h4>\n<p> <\/span><\/b><\/p>\n<hr\/>\n<p>\u00a0<\/p>\n<p>\u00a0<\/p>\n<p><span lang=\"FR\">Dr Rafik Mzali*<\/span><\/p>\n<p><span lang=\"FR\">Sur son deal avec Abdessalem Jerad et l\u2019Ugtt, ses relations avec les ex-Rcd, le minist\u00e8re de l\u2019Int\u00e9rieur, le g\u00e9n\u00e9ral Rachid Ammar, et autres sujets encore entour\u00e9s d\u2019un grand myst\u00e8re. Par <\/span><\/p>\n<p>\u00a0<\/p>\n<p><span lang=\"FR\">M. B\u00e9ji Caid Essebsi ne nous dira jamais pourquoi, sit\u00f4t les r\u00eanes du pouvoir entre les mains, il a d\u00e9cid\u00e9 de composer avec Abdessalem Jrad, le controvers\u00e9 secr\u00e9taire g\u00e9n\u00e9ral de l\u2019Union g\u00e9n\u00e9rale tunisienne du travail (Ugtt), alli\u00e9 de longue date (et de circonstance) du sinistre Zaba et pourquoi il a continu\u00e9 d\u2019esquiver l\u2019\u00e9pineux probl\u00e8me de la police politique qui a maintenu le peuple tunisien sous le joug de la servitude, et par ricochet, a permis sa vampirisation par les clans satellites du pouvoir d\u00e9chu.<\/span><\/p>\n<p>\u00a0<\/p>\n<p><b><span lang=\"FR\">Un deal secret avec l\u2019Ugtt?<\/span><\/b><\/p>\n<p><span lang=\"FR\">Pourtant, d\u00e8s sa premi\u00e8re allocution, lorsqu\u2019il a martel\u00e9 que seule la potence devait \u00eatre la r\u00e9compense de Zaba pour \u00abs\u00e9vices rendus\u00bb, tout les Tunisiens ont vu en lui l\u2019homme qui pouvait mener une politique en ad\u00e9quation avec les id\u00e9aux de la r\u00e9volution.<\/span><\/p>\n<p><span lang=\"FR\">Malheureusement, apr\u00e8s le premier speech \u00abcoup de poing\u00bb qui a assis sa popularit\u00e9, il a fourbi une l\u00e9gitimit\u00e9 qui n\u2019\u00e9tait pas aussi \u00e9vidente qu\u2019il l\u2019a laiss\u00e9 croire, oubliant que seule la r\u00e9volution l\u2019avait plac\u00e9e l\u00e0 ou il \u00e9tait, et s\u2019est mis \u00e0 agir en solo, donnant l\u2019accolade aux Zaba alg\u00e9riens par ci, passant un deal secret avec la centrale syndicale par l\u00e0 et couvant discr\u00e8tement les locataires du minist\u00e8re de l\u2019Int\u00e9rieur.<\/span><\/p>\n<p><span lang=\"FR\">Le peuple, pris par surprise et encore sous le charme du personnage, a laiss\u00e9 faire mais a \u00e9prouv\u00e9 l\u2019am\u00e8re impression d\u2019avoir \u00e9t\u00e9 encore une fois infantilis\u00e9 et mis sous tutelle.<\/span><\/p>\n<p><span lang=\"FR\">Pourtant, M. Ca\u00efd Essebsi, aur\u00e9ol\u00e9 de sa vista conqu\u00e9rante et port\u00e9 par l\u2019\u00e9lan du 14 janvier, aurait pu pousser \u00e0 la r\u00e9novation des instances dirigeantes de l\u2019Ugtt en tant que vecteur principal de la concr\u00e9tisation de la Tunisie nouvelle. Il aurait pu \u00e9galement agir pour que le Tunisien de la rue assiste au repentir des tortionnaires qui ont bris\u00e9 des centaines d\u2019hommes pour leurs id\u00e9es.<\/span><\/p>\n<p><span lang=\"FR\">M. Ca\u00efd Essebsi y a-t-il seulement song\u00e9? Ou a-t-il estim\u00e9 par une lecture archa\u00efque que la r\u00e9volution pouvait se r\u00e9sumer au d\u00e9part de Zaba et de sa famille? A-t-il estim\u00e9 en ancien ministre de l\u2019Int\u00e9rieur qu\u2019un appareil de police puissant et r\u00e9pressif restait toujours indispensable?<\/span><\/p>\n<p>\u00a0<\/p>\n<p><b><span lang=\"FR\">Deux vers dans le fruit<\/span><\/b><\/p>\n<p><span lang=\"FR\">Est-il en train discr\u00e8tement de pousser vers la sortie les durs de la police sans courroucer ceux qui vont rester pour garantir la s\u00e9curisation du pays?<\/span><\/p>\n<p><span lang=\"FR\">A-t-il jug\u00e9 que l\u2019Ugtt allait toute seule se r\u00e9nover par des \u00e9lections et qu\u2019il suffisait d\u2019attendre ?<\/span><\/p>\n<p><span lang=\"FR\">Ou a-t-il souhait\u00e9 nettoyer police et syndicat, mais se sachant impuissant et bouscul\u00e9 par le temps, il n\u2019a eu d\u2019autre choix que de laisser ces bombes \u00e0 retardement pour les futurs \u00e9lus?<\/span><\/p>\n<p><span lang=\"FR\">M. Ca\u00efd Essebsi a promis de laisser la Tunisie en ao\u00fbt mieux qu\u2019en mars. Peut \u00eatre y aurait-il plus de s\u00e9curit\u00e9 et moins de ch\u00f4meurs, mais, en laissant deux vers dans le fruit, la r\u00e9volution serait tronqu\u00e9e.<\/span><\/p>\n<p align=\"justify\"><span lang=\"FR\">Qu\u2019est ce qui attend le gouvernement de la future Assembl\u00e9e constituante? Va-t-elle pouvoir imposer le respect des droits de l\u2019homme aux agents de l\u2019Int\u00e9rieur alors qu\u2019ils ont agress\u00e9 puis chass\u00e9 l\u2019ex-ministre Farhat Rajhi? Va-t-elle pouvoir mener des n\u00e9gociations avec une Ugtt d\u2019un autre \u00e2ge, habitu\u00e9e \u00e0 d\u00e9fendre les salari\u00e9s sans trop se pr\u00e9occuper de leurs devoirs.<\/span><\/p>\n<p align=\"justify\"><span lang=\"FR\">M. Ca\u00efd Essebsi ne nous dira pas s\u2019il ne voulait pas ou s\u2019il ne pouvait pas agir.<\/span><\/p>\n<p align=\"justify\"><span lang=\"FR\">On le saura peu \u00eatre dans une future autobiographie, qu\u2019il ne pouvait pas s\u2019imaginer un jour avoir \u00e0 \u00e9crire et qu\u2019on s\u2019arrachera plus que la premi\u00e8re, pour savoir enfin la v\u00e9rit\u00e9 sur tout ce qui a \u00e9t\u00e9 dit plus haut, sur ses rapports avec le g\u00e9n\u00e9ral Rachid Ammar, les ex-Rcd et les dangers courus par la Tunisie lors des derni\u00e8res convulsions de Kadhafi.<\/span><\/p>\n<p>\u00a0<\/p>\n<p><span lang=\"FR\">* Professeur en chirurgie digestive au Chu Habib Bourguiba de Sfax<\/span><\/p>\n<p><span lang=\"FR\"><font>Source : \u00ab Kapitalis \u00bb Le 05-05-2011<\/font><\/span><\/p>\n<div>\n<p><span lang=\"FR\"><font>Lien :<\/font><a href=\"http:\/\/www.kapitalis.com\/fokus\/62-national\/3796-ce-que-beji-caid-essebsi-ne-dira-pas-aux-tunisiens-.html\" target=\"_blank\" rel=\"noopener\"><font>http:\/\/www.kapitalis.com\/fokus\/62-national\/3796-ce-que-beji-caid-essebsi-ne-dira-pas-aux-tunisiens-.html<\/font><\/a><\/span><\/p>\n<\/div>\n<p align=\"center\"><b><span lang=\"FR\"><\/p>\n<h4 style=\"color: blue;\"><font>Accueil humanitaire h\u00e9ro\u00efque en Tunisie<\/font><\/h4>\n<p> <\/span><\/b><\/p>\n<hr\/>\n<p>\u00a0<\/p>\n<p>\u00a0<\/p>\n<p align=\"justify\"><span lang=\"FR\">Par Mourad Teyeb<\/span><\/p>\n<p align=\"justify\">\u00a0<\/p>\n<p align=\"justify\"><span lang=\"FR\">La Tunisie, encore instable et connaissant elle-m\u00eame des \u00ab difficult\u00e9s \u00e9conomiques \u00bb, est-elle \u00e0 m\u00eame de g\u00e9rer seule les milliers de Libyens qui affluent pour traverser sa fronti\u00e8re au sud? C\u2019est la question abord\u00e9e par Mourad Teyeb, qui se trouve sur la fronti\u00e8re entre la Tunisie et la Libye. L\u2019attitude de la Tunisie et de tr\u00e8s nombreux Tunisiens compar\u00e9e aux politiques des gouvernements de l\u2019Union europ\u00e9enne et de la Suisse m\u00e9rite non seulement une r\u00e9flexion comparative, mais surtout l\u2019analyse d\u2019un racisme institutionnel \u2013 engonc\u00e9 dans le vocabulaire de \u00abl\u2019envahissement par des r\u00e9fugi\u00e9s du Maghreb\u00bb \u2013 en plein d\u00e9veloppement en Europe, ce qui conforte la droite extr\u00eame et l\u2019extr\u00eame droite. <\/span><\/p>\n<p>\u00a0<\/p>\n<p><span lang=\"FR\">A mesure que le conflit entre les forces loyales au dirigeant libyen Mouammar Kadhafi et les rebelles s\u2019accentue, des milliers de personnes fuient leurs foyers du nord-ouest de la Libye. Par crainte d\u2019\u00eatre pris dans les combats qui s\u2019emparent du pays depuis la mi-f\u00e9vrier, des milliers de Libyens, dont de nombreuses femmes et enfants, se sont r\u00e9fugi\u00e9s dans la ville frontali\u00e8re de Remada, \u00e0 50 km de la fronti\u00e8re entre la Tunisie et la Libye, au sud-ouest du pays.<\/span><\/p>\n<p>\u00a0<\/p>\n<p><span lang=\"FR\">Moustafa Abou Shama, un m\u00e9decin de Misrata, a expliqu\u00e9: \u00abPour \u00e9viter les attaques sur leurs femmes et le harc\u00e8lement de leurs enfants pratiqu\u00e9s couramment par les forces de Kadhafi, des Libyens les conduisent aux villes frontali\u00e8res de Remada, de Dhiba et de Tataouine, avant de retourner au combat et pour d\u00e9fendre leurs foyers.\u00bb<\/span><\/p>\n<p>\u00a0<\/p>\n<p><span lang=\"FR\">En outre, le conflit en Libye s\u2019est r\u00e9cemment d\u00e9plac\u00e9 aussi vers la partie occidentale du pays, obligeant beaucoup de r\u00e9sidents libyens \u00e0 traverser la fronti\u00e8re entre la Libye et la Tunisie. \u00ab elon officiels \u00e0 la fronti\u00e8re tunisienne, plus de 16\u2019000 r\u00e9fugi\u00e9s ont travers\u00e9 du c\u00f4t\u00e9 libyen vers la Tunisie\u00bb, a d\u00e9clar\u00e9 Firas Kayal, porte-parole du Haut-Commissariat des Nations Unies pour les r\u00e9fugi\u00e9s (UNHCR); cela sans compter les dizaines de milliers de r\u00e9fugi\u00e9s d\u2019Egypte et de pays d\u2019Afrique subsaharienne qui travaillaient en Libye.<\/span><\/p>\n<p>\u00a0<\/p>\n<p><span lang=\"FR\">Une partie importante de ces familles libyennes sont originaires de Jabal Nefusa, de Nalut, de Jadu, de Zintan et de Yefren, et ont cherch\u00e9 refuge dans la ville de Tataouine du sud de la Tunisie. Il semble que le lundi 25 avril plus de 500 Berb\u00e8res libyens ont \u00e9galement fui leurs foyers dans les montagnes occidentales de la Libye pour chercher refuge \u00e0 Dhiba.<\/span><\/p>\n<p>\u00a0<\/p>\n<p><span lang=\"FR\">D\u2019apr\u00e8s ces Berb\u00e8res, ce qui a entra\u00een\u00e9 leur d\u00e9part vers la Tunisie a \u00e9t\u00e9 une pression croissante sur les montagnes occidentales par les forces gouvernementales libyennes, le manque de fournitures m\u00e9dicales et la p\u00e9nurie alimentaire.<\/span><\/p>\n<p>\u00a0<\/p>\n<p><span lang=\"FR\">D\u2019apr\u00e8s des observateurs, les Tunisiens ont accueilli et g\u00e9r\u00e9 ces vagues de r\u00e9fugi\u00e9s en provenance de la Libye de mani\u00e8re h\u00e9ro\u00efque.<\/span><\/p>\n<p>\u00a0<\/p>\n<p><span lang=\"FR\">David Thomson, un journaliste pour la cha\u00eene de t\u00e9l\u00e9vision France 24 a expliqu\u00e9: \u00abJe suis \u00e9merveill\u00e9 de ce qu\u2019ont fait les familles tunisiennes dans ces villes du sud du pays pour accueillir des milliers de r\u00e9fugi\u00e9s. (\u2026) Comme vous pouvez l\u2019imaginer, il n\u2019est pas facile de s\u2019occuper de dizaines de milliers de personnes alors que votre propre ville manque des \u00e9quipements minimums.\u00bb<\/span><\/p>\n<p>\u00a0<\/p>\n<p><span lang=\"FR\">Abdel-Rahman Zouari, un homme de 73 ans originaire de Zouara, a dit \u00abqu\u2019il n\u2019\u00e9tait pas \u00e9tonn\u00e9\u00bb que les Tunisiens lui aient ouvert leurs maisons pour l\u2019accueillir lui et les autres Libyens. \u00abNous faisons partie du m\u00eame peuple\u00bb, a-t-il expliqu\u00e9 en souriant, faisant allusion au fait que beaucoup de gens des r\u00e9gions du sud de la Tunisie, y compris Medenine et Tataouine, ont \u00e9pous\u00e9 des Libyens, et vice versa.<\/span><\/p>\n<p>\u00a0<\/p>\n<p><span lang=\"FR\">Des familles de Medenine, de Bani-Khedash et de Ben Guerdane ont l\u2019habitude d\u2019accueillir des voisins libyens, avec lesquels ils ont d\u2019\u00e9troits liens historiques. Des caravanes de solidarit\u00e9 en provenance de beaucoup de villes tunisiennes arrivent quotidiennement \u00e0 Dhiba, \u00e0 Remada et \u00e0 Tataouine, en apportant de la nourriture et des m\u00e9dicaments pour les r\u00e9fugi\u00e9s.<\/span><\/p>\n<p>\u00a0<\/p>\n<p><span lang=\"FR\">Le nouveau syndicat des ing\u00e9nieurs tunisiens (Syndit) a \u00e9galement organis\u00e9 un voyage de Tunis \u00e0 Remada pour manifester sa solidarit\u00e9 avec les r\u00e9fugi\u00e9s. Le pr\u00e9sident du syndicat, Abdel-Hafiz Zeribi, a dit que la t\u00e2che du syndicat \u00e9tait non seulement de d\u00e9fendre des ing\u00e9nieurs tunisiens, mais aussi \u00abd\u2019agir lorsque la soci\u00e9t\u00e9 civile conna\u00eet des probl\u00e8mes humanitaires et donc par exemple d\u2019aider \u00e0 g\u00e9rer le nombre \u00e9norme de r\u00e9fugi\u00e9s dans les villes du sud de la Tunisie\u00bb.<\/span><\/p>\n<p>\u00a0<\/p>\n<p><span lang=\"FR\">Selon Abdel-Latif Haddad, un militant de la r\u00e9gion, des communaut\u00e9s locales dans les villages autour de Tataouine et de Medenine \u00abont beaucoup aid\u00e9, notamment en ouvrant leurs foyers \u00e0 des centaines de familles libyennes. Des auberges de jeunesse sont \u00e9galement utilis\u00e9es pour h\u00e9berger des familles, et une \u00e9cole pr\u00e8s de Remada a propos\u00e9 de prendre des \u00e9tudiants libyens.\u00bb<\/span><\/p>\n<p>\u00a0<\/p>\n<p><span lang=\"FR\">La mobilisation pour venir en aide aux r\u00e9fugi\u00e9s libyens a mis en \u00e9vidence une solidarit\u00e9 exceptionnelle de la part des Tunisiens face \u00e0 la d\u00e9tresse des r\u00e9fugi\u00e9s libyens. Mais la question se pose de savoir si la Tunisie, qui est elle-m\u00eame en train d\u2019essayer de r\u00e9tablir la s\u00e9curit\u00e9 et une activit\u00e9 \u00e9conomique normale apr\u00e8s la r\u00e9cente r\u00e9volution, peut g\u00e9rer les flots de r\u00e9fugi\u00e9s.<\/span><\/p>\n<p>\u00a0<\/p>\n<p><span lang=\"FR\">Les r\u00e9fugi\u00e9s qui sont arriv\u00e9s r\u00e9cemment \u00e0 Remada et \u00e0 Dhiba suivent des dizaines de milliers d\u2019Egyptiens, de Somaliens, de Bengalis et de Soudanais qui ont d\u00e9j\u00e0 afflu\u00e9 \u00e0 Ras Jedir, Choucha et Ben Guerdane au cours des deux derniers mois, et dont des centaines attendent encore d\u2019\u00eatre transf\u00e9r\u00e9s dans leurs pays d\u2019origine.<\/span><\/p>\n<p>\u00a0<\/p>\n<p><span lang=\"FR\">La Tunisie aura de la peine \u00e0 g\u00e9rer seule cette crise, et des observateurs ont averti qu\u2019une catastrophe humanitaire \u00e9tait possible si la communaut\u00e9 internationale n\u2019accordait pas de l\u2019aide. Plusieurs organisations dont le Comit\u00e9 international de la Croix-Rouge (CICR) et l\u2019Organisation mondiale pour les migrations, ont d\u00e9j\u00e0 d\u00e9ploy\u00e9 du personnel \u00e0 Remada, \u00e0 Dhiba et dans les villes environnantes.<\/span><\/p>\n<p>\u00a0<\/p>\n<p><span lang=\"FR\">Le UNHCR a d\u00e9clar\u00e9 r\u00e9cemment que les nouveaux arrivants \u00e0 Ramada et \u00e0 Dhiba avaient \u00abdes ressources tr\u00e8s restreintes et d\u2019importants besoins humanitaires\u00bb. Le UNHCR a \u00e9tabli un camp avec 130 tentes avec connexions pour l\u2019\u00e9lectricit\u00e9 et l\u2019eau pour les r\u00e9fugi\u00e9s. Selon le porte-parole, \u00able UNHCR travaille en partenariat local avec Al-Taawon et le Croissant-Rouge tunisien pour le soutenir\u00bb.<\/span><\/p>\n<p>\u00a0<\/p>\n<p><span lang=\"FR\">Roberta Angelilli, vice-pr\u00e9sidente du Parlement europ\u00e9en, a \u00e9galement lanc\u00e9 un appel \u00e0 la communaut\u00e9 internationale pour qu\u2019elle apporte une aide \u00e0 la Tunisie dans cette crise des r\u00e9fugi\u00e9s. Lors d\u2019une r\u00e9cente visite en Tunisie elle a promis \u00able soutien de l\u2019Europe aux efforts du gouvernement et du peuple tunisien pour aider les r\u00e9fugi\u00e9s qui sont entr\u00e9s dans le pays depuis le d\u00e9clenchement de la violence en Libye\u00bb.<\/span><\/p>\n<p>\u00a0<\/p>\n<p><span lang=\"FR\">Angelilli a \u00e9galement visit\u00e9 le passage de Ras Al-Jedir sur la fronti\u00e8re entre la Tunisie et la Libye. \u00abNous avons l\u2019intention de suivre la situation et d\u2019identifier des actions qui pourront \u00eatre prises par la communaut\u00e9 europ\u00e9enne au vu de la situation en Libye et ses cons\u00e9quences sur la Tunisie\u00bb, a-t-elle d\u00e9clar\u00e9.<\/span><\/p>\n<p>\u00a0<\/p>\n<p><span lang=\"FR\">Jusqu\u2019\u00e0 maintenant l\u2019Union europ\u00e9enne a fourni quelque 30 millions d\u2019euros pour aider la Tunisie \u00e0 g\u00e9rer les r\u00e9fugi\u00e9s qui affluent \u00e0 travers sa fronti\u00e8re sud. [Mais l\u2019essentiel de l\u2019effort porte sur le renforcement de Frontex, ce mur devant faire barrage aux fr\u00eales embarcations qui tentent de traverser la mer en direction, entre autres, de l\u2019Italie.]<\/span><\/p>\n<p>\u00a0<\/p>\n<p><span lang=\"FR\">Les chiffres officiels montrent que plus d\u2019un demi-million de personnes ont fui la Libye depuis le d\u00e9but du soul\u00e8vement contre le gouvernement de Kadhafi en f\u00e9vrier. Quelque 5000 personnes se joindraient chaque jour \u00e0 l\u2019exode vers l\u2019Egypte et la Tunisie.<\/span><\/p>\n<p>\u00a0<\/p>\n<p><span lang=\"FR\">Comme les combats en Libye ne sont pas \u00e0 la veille de s\u2019\u00e9teindre, il existe la possibilit\u00e9 qu\u2019il y ait de nouvelles vagues de r\u00e9fugi\u00e9s, ce qui pose la question de savoir si la Tunisie pourra g\u00e9rer seule la crise. (Traduction par A l\u2019Encontre de la publication \u00e9gyptienne Al-Ahram)<\/span><\/p>\n<p><span lang=\"FR\"><font>Source : \u00ab A l\u2019encontre \u00bb Le 05-05-2011<\/font><\/span><\/p>\n<div>\n<p><span lang=\"FR\"><font>Lien :<\/font><a href=\"http:\/\/alencontre.org\/?p=2539\" target=\"_blank\" rel=\"noopener\"><font>http:\/\/alencontre.org\/?p=2539<\/font><\/a><\/span><\/p>\n<\/div>\n<p align=\"center\"><b><span lang=\"FR\"><\/p>\n<h4 style=\"color: blue;\"><font>Tunisie &#8211; Zitouna : des r\u00e9volutions arabes orient\u00e9es = des r\u00e9volutions du cartel bancaire<\/font><\/h4>\n<p> <\/span><\/b><\/p>\n<hr\/>\n<p>\u00a0<\/p>\n<p>\u00a0<\/p>\n<p><span lang=\"FR\">La Banque Zitouna au c\u0153ur des enjeux dans les r\u00e9volutions arabes<\/span><\/p>\n<p><span lang=\"FR\">Dans le pr\u00e9c\u00e9dent <i>Morph\u00e9us<\/i> nous avons \u00e9voqu\u00e9 les r\u00e9volutions arabes en insistant sur la fait qu\u2019elles n\u2019\u00e9taient pas totalement fortuites. Le processus de mondialisation par r\u00e9gionalisation et destruction des \u00e9tats nations est \u00e9videmment \u00e0 l\u2019\u0153uvre dans cette histoire. Suite \u00e0 cet article, j\u2019ai \u00e9t\u00e9 invit\u00e9 sur Radio <i>Ici et Maintenant<\/i> \u00e0 faire une \u00e9mission sur le sujet. Nous avons alors r\u00e9v\u00e9l\u00e9 que les tenants de la d\u00e9mocratie avaient \u00e9t\u00e9 form\u00e9 aux USA depuis au moins trois ans, que les tracts en arabes invitant \u00e0 la r\u00e9volte au nom d\u2019Allah ont \u00e9t\u00e9 con\u00e7u au Pentagone et que certaines de nos sources disposaient d\u00e8s d\u00e9cembre 2010, de la liste des r\u00e9volutions \u00e0 venir dans les pays arabes avec les dates de d\u00e9clenchement de ces derni\u00e8res. La Tunisie figurait \u00e9videmment en premier pour une raison expliqu\u00e9e avec brio par M. Delacroix ci-dessous.<\/span><\/p>\n<p><strong><span lang=\"FR\">Chute pr\u00e9visible des banques occidentales<\/span><\/strong><\/p>\n<p><span lang=\"FR\">Contrairement \u00e0 la croyance populaire, les finances mondiales ne sont pas sous le contr\u00f4le des banques centrales, mais de leurs actionnaires, c\u2019est-\u00e0-dire de quelques familles richissimes. Comme elles contr\u00f4lent l\u2019\u00e9mission mon\u00e9taire des pays par l\u2019interm\u00e9diaire de leur banque centrale, et comme elles pr\u00eatent de l\u2019argent \u00e0 ces pays \u00e0 un co\u00fbt de plus en plus \u00e9lev\u00e9, ces familles oligarchiques gagnent de plus en plus d\u2019argent et donc de pouvoir.<\/span><\/p>\n<p><span lang=\"FR\">La Tunisie, l\u2019\u00c9gypte, le Y\u00e9men, la Jordanie et l\u2019Alg\u00e9rie, etc., tous ces pays sont sous leur contr\u00f4le. Un probl\u00e8me se pose cependant. Depuis la financiarisation des \u00e9conomies occidentales et la faillite des banques de l\u2019Ouest, un sujet inqui\u00e8te le cartel bancaire : le fulgurant d\u00e9veloppement du syst\u00e8me des banques islamiques au Moyen-Orient. Pour les responsables du syst\u00e8me bancaire islamique pratiquant la charia, l\u2019usure ou l\u2019int\u00e9r\u00eat sont interdits. De m\u00eame que tous les investissements dans des biens ou des services contraires \u00e0 l\u2019Islam sont condamn\u00e9s. En revanche, les investisseurs per\u00e7oivent un revenu de leur placement ; ce profit est g\u00e9n\u00e9r\u00e9 par l\u2019objet de l\u2019investissement et non par l\u2019argent lui-m\u00eame. Cela permet une plus grande stabilit\u00e9 en p\u00e9riode \u00e9conomique tr\u00e8s houleuse, comme aujourd\u2019hui. De fait, le d\u00e9veloppement de la banque islamique se heurte aux principes usuraires du cartel bancaire Rothschild\/Rockefeller.<\/span><\/p>\n<p><strong><span lang=\"FR\">Cr\u00e9ation de la banque Zitouna<\/span><\/strong><\/p>\n<p><span lang=\"FR\">Tant que les taux d\u2019int\u00e9r\u00eat restent bas, la situation est sous contr\u00f4le, mais dans la perspective (prochaine) de leur hausse, le syst\u00e8me de la banque islamique devient une menace \u00e9vidente pour le cartel bancaire. Il y a 1 500 milliards de dollars de richesse priv\u00e9e \u00e0 capter dans le Golfe. Or, justement, c\u2019est en Tunisie que fut cr\u00e9\u00e9e la premi\u00e8re banque islamique de l\u2019Afrique du Nord ! La Zitouna Bank (pr\u00eateur sans int\u00e9r\u00eats) fut en effet ouverte le 26 mai 2010 par Sakher El Materi, gendre de l\u2019ex-pr\u00e9sident tunisien Ben Ali ! <i>The Telegraph<\/i> du 19 octobre 2010 affirmait que <i>\u00ab le pr\u00e9sident Ben Ali soutenait un projet consistant \u00e0 faire de la Tunisie un centre r\u00e9gional de la finance islamique pour l\u2019ensemble de l\u2019Afrique du Nord \u00bb<\/i>. Le journal britannique r\u00e9v\u00e9lait que des financiers saoudiens, impliqu\u00e9s dans ce projet, esp\u00e9raient que ce dispositif pourrait permettre \u00e0 la Tunisie de tirer profit de sa position strat\u00e9gique au sein de la M\u00e9diterran\u00e9e et devenir de fait un pont entre l\u2019Union europ\u00e9enne et les \u00e9conomies \u00e0 croissance forte de l\u2019Afrique du Nord et de l\u2019Afrique subsaharienne.<\/span><\/p>\n<p><strong><span lang=\"FR\">La peur du Cartel Bancaire<\/span><\/strong><\/p>\n<p><span lang=\"FR\">Depuis le d\u00e9veloppement de ce processus, et craignant un effet boule de neige, il y eut des discussions serr\u00e9es au sein du cartel bancaire. La finance islamique repr\u00e9sente mille milliards de dollars am\u00e9ricains sur le march\u00e9 financier international. En outre, selon un haut responsable de Zitouna Banque, certains pays arabo-musulmans auraient m\u00eame exprim\u00e9 leur int\u00e9r\u00eat pour y investir, dont les Emiratis, les Qataries, les Kowe\u00eftiens et bien entendu les Saoudiens. Face au succ\u00e8s du syst\u00e8me financier islamique, \u00e0 son d\u00e9veloppement, \u00e0 son principe <i>\u00ab Vous ne pouvez pas faire de l\u2019argent \u00e0 partir de rien \u00bb<\/i>, le cartel bancaire a conclu que le r\u00e9seau des banques occidentales classiques \u00e9tait menac\u00e9. D\u2019o\u00f9 l\u2019urgence d\u2019une d\u00e9cision. Le probl\u00e8me a \u00e9t\u00e9 \u00e9tudi\u00e9 d\u2019autant plus s\u00e9rieusement qu\u2019en 2009, les actifs bancaires de la finance islamique atteignaient d\u00e9j\u00e0 400 milliards de dollars.<\/span><\/p>\n<p><strong><span lang=\"FR\">Zitouna une menace pour Rothschild<\/span><\/strong><\/p>\n<p><span lang=\"FR\">En novembre 2010, The Banker publiait un document listant les 500 institutions financi\u00e8res islamiques \u00ab faisant r\u00e9f\u00e9rence \u00bb. En t\u00eate, des banques iraniennes (sept des dix premi\u00e8res banques du classement) ! Finalement, l\u2019ex\u00e9cutif du cartel bancaire d\u00e9cida de donner une le\u00e7on aux dirigeants et banquiers islamiques, comme on l\u2019avait fait avec Saddam Hussein dans un autre domaine, lorsque ce dernier avait annonc\u00e9 ne plus vendre le p\u00e9trole d\u2019Irak en dollar US. Notre source fr\u00e9quentant l\u2019ex\u00e9cutif du cartel bancaire indiquait r\u00e9cemment que les financiers musulmans du Bahrein, qui ont l\u2019intention d\u2019attirer les investissements de l\u2019ensemble du monde musulman en se pr\u00e9sentant comme les gardiens scrupuleux de !a bonne gouvernance de la finance islamique, sont en pleine r\u00e9flexion&#8230; Plus, le 28 mai 2010, un peu plus de sept mois avant le coup d\u2019\u00e9tat du cartel bancaire contre Ben Ali, Business Time signalait : <i>\u00ab L\u2019Afrique du Nord a commenc\u00e9 \u00e0 adopter les r\u00e8gles de la finance islamique apr\u00e8s l\u2019avoir \u00e9tudi\u00e9e durant des ann\u00e9es. La Tunisie est une des \u00e9conomies les plus ouvertes de la r\u00e9gion et elle attire d\u00e9j\u00e0 de nombreux capitaux de l\u2019Union europ\u00e9enne. Un ph\u00e9nom\u00e8ne qui va s\u2019amplifier \u00e0 partir de 2014, puisque le gouvernement de Ben Ali a affirm\u00e9 qu\u2019il ferait de sa monnaie (le dinar tunisien) une devise enti\u00e8rement convertible \u00bb<\/i>.<\/span><\/p>\n<p><span lang=\"FR\">Dans la foul\u00e9e, Finance News du 31 mai 2010 indiquait : <i>\u00ab Zitouna Bank cherche \u00e0 donner une dimension r\u00e9gionale \u00e0 ses activit\u00e9s, tout particuli\u00e8rement dans la r\u00e9gion du Maghreb, d\u2019autant plus qu\u2019elle est la premi\u00e8re banque sp\u00e9cialis\u00e9e n\u2019appartenant pas \u00e0 un groupe bancaire \u00e9tranger. La banque, pratiquant !e mod\u00e8le de la finance islamique, cherchera \u00e0 \u00e9tablir des relations solides avec les banques du Maghreb et celles de la M\u00e9diterran\u00e9e pour assurer une \u00e9volution satisfaisante des op\u00e9rations financi\u00e8res de ses clients \u00bb.<\/i> <i>\u00ab L\u2019institution financi\u00e8re est en train d\u2019\u00e9tablir des relations tr\u00e8s solides avec douze banques islamiques proche de l\u2019institut bancaire du Bahrein \u00bb.<\/i><\/span><\/p>\n<p><span lang=\"FR\">II ne fait aucun doute que le d\u00e9veloppement de cette pratique de la charia au niveau bancaire, constitue une menace pour les profits des banques centrales contr\u00f4l\u00e9es par le cartel bancaire. D\u2019ailleurs, quelques semaines apr\u00e8s le limogeage de l\u2019ancien agent de la CIA Ben Ali, la presse financi\u00e8re internationale posait cette question :<i> \u00ab Le d\u00e9part brutal de Sakher El Materi et la mise sous s\u00e9questre de toutes ses possessions sonneraient-ils le glas de la finance islamique grand public en Tunisie ? \u00bb<\/i> Commentaire de la presse tunisienne : <i>\u00ab Dans cette p\u00e9riode d\u2019ambigu\u00eft\u00e9 dans laquelle baigne le pays, on va certainement transiter par des situations o\u00f9 les appr\u00e9ciations g\u00e9n\u00e9rales restent tributaires du bon vouloir de certaines personnes qui veulent se pr\u00e9server et prot\u00e9ger leurs int\u00e9r\u00eats \u00bb.<\/i><\/span><\/p>\n<p><strong><span lang=\"FR\">Zitouna saisie par la Rothschild<\/span><\/strong><\/p>\n<p><span lang=\"FR\">Le 20 janvier 2011, la Zitouna-Bank \u00e9tait saisie par la Banque centrale tunisienne, sous le contr\u00f4le des Rothschild, les leaders du cartel bancaire. Tous les pions politiciens de l\u2019Occident, sous la coupe du cartel bancaire, ordonn\u00e8rent \u00e0 l\u2019unisson le gel des \u00ab m\u00e9chants tunisiens \u00bb.<\/span><\/p>\n<p><span lang=\"FR\">II faut maintenant suivre de pr\u00e8s l\u2019\u00e9volution des banques islamiques en Egypte et tous les autres pays arabes, africains o\u00f9 les pions du cartel bancaire feront tout pour les mettre en difficult\u00e9, ce afin de montrer leur vuln\u00e9rabilit\u00e9 et de nuire ainsi \u00e0 la confiance qu\u2019elles inspirent dans le monde islamique et m\u00eame en Occident.<\/span><\/p>\n<p><strong><span lang=\"FR\">R\u00e9volutions du Cartel bancaire au nom de la d\u00e9mocratie<\/span><\/strong><\/p>\n<p><span lang=\"FR\">Les financiers des r\u00e9volutions spontan\u00e9es en Tunisie et en \u00c9gypte sont tellement g\u00e9n\u00e9reux qu\u2019ils se disent pr\u00eats \u00e0 offrir la \u00ab d\u00e9mocratie \u00bb aux peuples concern\u00e9s. Cette d\u00e9mocratie qui permet \u00e0 un dirigeant arabe d\u2019\u00eatre un bon d\u00e9mocrate s\u2019il ob\u00e9it gentiment \u00e0 Washington, et peu importe alors s\u2019il ordonne de faire tirer sur la foule et de tuer des gens ; comme c\u2019est aujourd\u2019hui le cas en Arabie Saoudite ou au Bahrein ! Ces d\u00e9mocrates arabes seront toujours re\u00e7us avec tapis rouge par les chantres de la religion d\u00e9mocratique en Occident. Curieusement, l\u2019un des hommes qui s\u2019appr\u00eate, en Egypte, \u00e0 offrir les services du cartel bancaire, est El Baradei. Ce que les m\u00e9dias cachent soigneusement est qu\u2019El Baradei est administrateur de l\u2019International Crisis Group, organisme chapeaut\u00e9 par les Rothschild&#8230; Un autre membre de ce groupe est Z. Brzezinski, le mentor d\u2019Obama. G. Soros est aussi de la partie comme membre du comit\u00e9 ex\u00e9cutif.<\/span><\/p>\n<p><span lang=\"FR\">Comme cela fut fait pour l\u2019Occident, le cartel bancaire veut imposer ses propres r\u00e8gles bancaires d\u2019usure et de servage aux autres peuples. Les musulmans doivent emprunter aux banques du Cartel et Ben Ali a commis une grave erreur : penser un seul instant qu\u2019il pourrait faire de la Tunisie le centre financier de l\u2019Afrique du Nord et promouvoir les r\u00e8gles de la finance islamique. II a oubli\u00e9 qu\u2019il n\u2019\u00e9tait qu\u2019un pion sur un jeu d\u2019\u00e9chiquier o\u00f9 les joueurs sont capables de sacrifier une pi\u00e8ce pour la remplacer.<\/span><\/p>\n<p><strong><span lang=\"FR\">La Guerre pour la Rothschild et la Rockefeller<\/span><\/strong><\/p>\n<p><span lang=\"FR\">Avec le d\u00e9veloppement de la banque islamique sans int\u00e9r\u00eats certains pays d\u2019Afrique et du Golf trouvaient l\u00e0 un moyen d\u2019\u00e9chapper aux r\u00e8gles destructrices du syst\u00e8me bancaire occidental ou du FMI. La Tunisie, s\u2019appr\u00eatait d\u2019ailleurs \u00e0 abandonner les r\u00e8gles du jeu bancaire de l\u2019establishment. Depuis quelques semaines, le leader Kadhafi a commenc\u00e9 \u00e0 n\u00e9gocier des \u00e9changes avec Hugo Chavez, afin de ne plus vendre son p\u00e9trole en dollars. La clique Rockefeller a cependant l\u2019intention de reprendre le contr\u00f4le du p\u00e9trole libyen. Comme les \u00c9tats-Unis sont d\u00e9j\u00e0 impliqu\u00e9s militairement \u00e0 de multiples endroits, Barack Obama a eu pour consigne d\u2019activer les seconds couteaux pour agir au nom du Cartel. C\u2019est l\u00e0 qu\u2019intervient Monsieur Nicolas Sarkozy mettant l\u2019arm\u00e9e fran\u00e7aise au service du Cartel en Afrique, engageant une guerre en Libye et en C\u00f4te d\u2019Ivoire Cela explique aussi la retenue d\u2019Angela Merkel et de Berlusconi qui, tous deux, se rapprochent in\u00e9luctablement du Kremlin&#8230;<\/span><\/p>\n<p><span lang=\"FR\"><font>Source : \u00ab Le Post \u00bb Le 05-05-2011<\/font><\/span><\/p>\n<div>\n<p><span lang=\"FR\"><font>Lien :<\/font><a href=\"http:\/\/www.lepost.fr\/article\/2011\/05\/05\/2485959_tunisie-zitouna-des-revolutions-arabes-orientees-des-revolutions-du-cartel-bancaire.html\" target=\"_blank\" rel=\"noopener\"><font>http:\/\/www.lepost.fr\/article\/2011\/05\/05\/2485959_tunisie-zitouna-des-revolutions-arabes-orientees-des-revolutions-du-cartel-bancaire.html<\/font><\/a><\/span><\/p>\n<\/div>\n<p align=\"center\"><b><span lang=\"FR\"><\/p>\n<h4 style=\"color: blue;\"><font>Projet de Pr\u00e9ambule pour une nouvelle Constitution tunisienne<\/font><\/h4>\n<p> <\/span><\/b><\/p>\n<hr\/>\n<p>\u00a0<\/p>\n<p><b><span lang=\"FR\">Propos\u00e9 par Youssef Seddik, philosophe et anthropologue<\/span><\/b><\/p>\n<p><span lang=\"FR\">Pour toute critique, objection, ou accord sur cette proposition, pri\u00e8re de consulter d\u00e8s demain le site suivant : facebook : projet constitution Y.Seddik<\/span><\/p>\n<p><span lang=\"FR\">Au nom du Vivant, du Pacifiant, du Vrai (1), et au nom du peuple tunisien<\/span><\/p>\n<p><span lang=\"FR\">Les humains sont faits de passions (2) qui alternent entre la passion de l\u2019\u00e9go \u00e9troit, corrupteur et destructeur et celle du sujet ouvert sur le semblable, \u00e9difiant les valeurs du Bien dans sa dimension universelle, commune \u00e0 l\u2019humanit\u00e9 toute enti\u00e8re. Les groupements et les peuples ne s\u2019\u00e9tablissent qu\u2019en vertu d\u2019un engagement tacite o\u00f9 chaque individu conc\u00e8de ses pulsions destructrices et corruptrices (3) en contrepartie de ce qui lui assure son \u00e9lan vers la passion pour le Bien, pour le partage des conditions du bonheur, du travail et de la cr\u00e9ativit\u00e9 dans le \u00ab vivre-ensemble \u00bb. Tout peuple se constitue sur la base d\u2019une harmonie entre les passions des individus et des groupes qui le composent, d\u2019une convergence de leurs int\u00e9r\u00eats et de leurs d\u00e9sirs d\u2019unit\u00e9 et solidarit\u00e9 et ce, sur une \u00e9tendue territoriale qui serait leur Patrie. Ils ne sauraient en d\u00e9passer les limites en pr\u00e9vision d\u2019un conflit \u00e9ventuel de l\u2019ensemble de leurs propres passions avec celles d\u2019un peuple voisin.<\/span><\/p>\n<p><span lang=\"FR\">A cet \u00e9gard, le peuple tunisien est pass\u00e9 par de longues \u00e9tendues dans le temps et par des \u00e9poques fort anciennes, au cours desquelles et \u00e0 chaque fois les individus qui le composent se regroupent autour de ces desseins et de ce que ces desseins-m\u00eames pr\u00e9supposent comme valeurs.<\/span><\/p>\n<p><span lang=\"FR\">Seulement, il est n\u00e9cessaire de rep\u00e9rer le point de d\u00e9part dans la plus durable de ces \u00e9tendues temporelles et la plus p\u00e9renne dans l\u2019histoire et dans la m\u00e9moire collective, ainsi que sa r\u00e9sistance aux forces de rupture lors des guerres et des invasions (4). La plus longue et la plus durable de ces \u00e9poques est sans nul doute celle-ci qui a \u00e9t\u00e9 inaugur\u00e9e par l\u2019inscription de la terre de Tunisie et ses habitants dans ce projet de civilisation port\u00e9 par les Arabes devenu le site d\u2019un choix spirituel, \u00e9conomique, culturel et linguistique. Un tel choix a fini par \u00eatre admis et enracin\u00e9 si\u00e8cle apr\u00e8s si\u00e8cle dans les m\u00e9moires, les comportements, les \u00e9changes et la c\u00e9l\u00e9bration des grands jours (5).<\/span><\/p>\n<p><span lang=\"FR\">De la m\u00eame mani\u00e8re que la Tunisie, en tant que lieu g\u00e9ographique, se reconnait d\u2019un climat, de contours naturels, de reliefs, de paysages qui la caract\u00e9risent et en font une patrie pour les siens, l\u2019islam, la culture et la langue arabe constituent le lieu d\u2019un s\u00e9jour culturel et spirituel consenti par la majorit\u00e9 de la population qui s\u2019y est souscrite \u00e0 travers les comportements individuel et social, par la praxis et l\u2019appartenance.<\/span><\/p>\n<p><span lang=\"FR\">Ceci concerne l\u2019identit\u00e9 nationale. Sauf que l\u2019identit\u00e9 et l\u2019appartenance \u00e0 un credo, serait-il dominant, et l\u2019usage d\u2019une langue, serait-elle majoritaire, ne d\u00e9terminent pas les conditions de la citoyennet\u00e9 d\u00e9finies exclusivement par la nationalit\u00e9, seule garante pour chaque tunisienne et tunisien, du droit au partage et \u00e0 l\u2019\u00e9galit\u00e9, sans consid\u00e9ration aucune du sexe, de la race ou de la croyance.<\/span><\/p>\n<p><span lang=\"FR\">Etant donn\u00e9 ce qui vient d\u2019\u00eatre pr\u00e9cis\u00e9 ci-haut dans ce Pr\u00e9ambule, en sa qualit\u00e9 de pacte nodal et de socle pour l\u2019\u00e9tablissement de la Constitution du pays, source de l\u00e9gislations et de lois, le l\u00e9gislateur se doit de se r\u00e9f\u00e9rer \u00e0 ce qui suit :<\/span><\/p>\n<p><span lang=\"FR\">Au lendemain de la r\u00e9volution de tous les Tunisiens, femmes et hommes, dont le processus a commenc\u00e9 d\u00e8s le 18 d\u00e9cembre 2010 pour aboutir \u00e0 son triomphe le 14 janvier 2011, apr\u00e8s le d\u00e9mant\u00e8lement du despotisme et de l\u2019autocratie, et suite \u00e0 la rupture avec une longue p\u00e9riode d\u2019injustice dont ont \u00e9t\u00e9 victimes de larges cat\u00e9gories de la population qui se sont vues confisquer ou violer leurs libert\u00e9s personnelles et publiques, qui ont vu se dilapider la richesse nationale et mettre \u00e0 mal le prestigieux patrimoine du pays, les Tunisiens renouvellent leur total engagement aux principes et clauses de la D\u00e9claration universelle des droits de l\u2019Homme et du Citoyen, afin d\u2019agir constamment selon les valeurs qu\u2019elle a promues, affirm\u00e9es par l\u2019ensemble des lois approuv\u00e9es par le peuple sur la base du choix r\u00e9publicain, et proclament la n\u00e9cessit\u00e9 de se conformer aux pr\u00e9ceptes suivants :<\/span><\/p>\n<p><span lang=\"FR\">&#8211; A chaque homme une int\u00e9grit\u00e9 inali\u00e9nable de sa personne et de son corps, et nul n\u2019a le droit de porter atteinte \u00e0 cette int\u00e9grit\u00e9 par la torture, la violence ou l\u2019humiliation.<\/span><\/p>\n<p><span lang=\"FR\">&#8211; La vie humaine est le don du Vivant, le Pacifiant, le Vrai, et nul l\u00e9gislateur ne saurait s\u2019autoriser \u00e0 l\u00e9gitimer qu\u2019un \u00eatre humain en soit priv\u00e9 (6).<\/span><\/p>\n<p><span lang=\"FR\">&#8211; Il est n\u00e9cessaire au l\u00e9gislateur de garantir l\u2019\u00e9galit\u00e9 totale en mati\u00e8re des devoirs et des droits civiles, \u00e9conomiques (7) et sociales entre l\u2019homme et la femme.<\/span><\/p>\n<p><span lang=\"FR\">&#8211; A chaque humain ayant \u00e9t\u00e9 dans son propre pays soumis \u00e0 l\u2019oppression du fait de ses agissements en vue de recouvrer sa libert\u00e9 politique, le droit d\u2019asile sur le territoire tunisien pour jouir de la protection de sa personne.<\/span><\/p>\n<p><span lang=\"FR\">&#8211; Toute citoyenne et tout citoyen ont le devoir de travailler et le droit \u00e0 un emploi, et nul ne saurait \u00eatre l\u00e9s\u00e9 dans son travail ou sa fonction \u00e0 cause de ses origines ethniques, ses opinions ou ses croyances.<\/span><\/p>\n<p><span lang=\"FR\">&#8211; Il appartient \u00e0 tout citoyen la possibilit\u00e9 de d\u00e9fendre ses droits et ses int\u00e9r\u00eats \u00e0 travers l\u2019action syndicale et de choisir le syndicat qui lui convient.<\/span><\/p>\n<p><span lang=\"FR\">&#8211; Le droit de gr\u00e8ve est exerc\u00e9 selon les conventions et les r\u00e8glements qui l\u2019organisent.<\/span><\/p>\n<p><span lang=\"FR\">&#8211; La collectivit\u00e9 nationale fournit \u00e0 travers l\u2019Etat, \u00e0 la personne, \u00e0 la famille, \u00e0 la m\u00e8re et en particulier \u00e0 l\u2019enfant et aux personnes \u00e2g\u00e9es, les conditions de leur d\u00e9veloppement en mati\u00e8re de soins, de s\u00e9curit\u00e9s alimentaire et mat\u00e9rielle, de repos et de loisirs. Et \u00e0 tout citoyen se trouvant inapte \u00e0 exercer un travail du fait de son \u00e2ge avanc\u00e9, de son \u00e9tat physique ou mental, ou de la situation \u00e9conomique du pays, le droit de jouir d\u2019une vie digne que lui assure la collectivit\u00e9 nationale.<\/span><\/p>\n<p><span lang=\"FR\">&#8211; L\u2019acte qui produit, transmet ou \u00e9change l\u2019information constitue en lui-m\u00eame un quatri\u00e8me pouvoir (8) autonome par rapport aux trois autres instances ex\u00e9cutive, l\u00e9gislative et judiciaire. Ce pouvoir ne tire son autorit\u00e9 que de ses institutions, ses instances et ses organisations professionnelles et syndicales.<\/span><\/p>\n<p><span lang=\"FR\">&#8211; La collectivit\u00e9 nationale souligne l\u2019obligation pour tous les Tunisiens de demeurer solidaires face aux cons\u00e9quences d\u2019\u00e9ventuelles catastrophes naturelles ou autres qui peuvent s\u2019abattre sur le pays.<\/span><\/p>\n<p><span lang=\"FR\">&#8211; La R\u00e9publique tunisienne s\u2019engage \u00e0 respecter pactes, conventions et trait\u00e9s internationaux, et s\u2019abstient \u00e0 d\u00e9clarer la guerre contre un autre territoire dans le but de l\u2019invasion ou de l\u2019oppression de tout autre peuple. En ceci elle se conforme aux d\u00e9cisions du Conseil de s\u00e9curit\u00e9 et de l\u2019Organisation des Nations Unis.<\/span><\/p>\n<p><b><span lang=\"FR\">Notes indispensables pour une juste lecture du Pr\u00e9ambule<\/span><\/b><\/p>\n<p><span lang=\"FR\">1) Nous avons cru ainsi \u00e9viter d\u2019ouvrir par le Bismillah\u2026, persuad\u00e9 que nous sommes qu\u2019une telle ouverture doit \u00eatre r\u00e9serv\u00e9e aux textes sacr\u00e9s, et particuli\u00e8rement aux sourates du Coran, \u00e9tant le premier verset de la F\u00e2tiha et le d\u00e9but conventionnel ouvrant aux autres sourates. Et nous n\u2019avons opt\u00e9 dans ce Pr\u00e9ambule pour le Vivant (al-Hayy), le Pacifiant (As-Sal\u00e2m), et le Vrai (al-Haq), que par le fait que ces vocables sont porteurs de sens autour desquels il ne y avoir que consensus entre croyants et non croyants. Dans le vocable Allah, il y a comme un chiffre aux significations n\u00e9cessairement \u00e9quivoques (Mutach\u00e2bih) et s\u2019interf\u00e9rant dans un spectre de perceptions et de repr\u00e9sentations qui se d\u00e9ploient de la foi \u00ab aveugle \u00bb et indicible \u00e0 la pens\u00e9e pure des mystiques. Ce vocable d\u2019Allah (Dieu) ne fonde par cons\u00e9quent une relation verticale entre l\u2019individu adorateur et son Cr\u00e9ateur Censeur et Juge, alors que le Vivant, le Pacifiant et le Vrai sont des concepts qui r\u00e9f\u00e8rent \u00e0 un rapport horizontal pouvant relier les individus, quel qu\u2019en soit la croyance autour de visions, d\u2019interactions et de buts ou desseins communs.<\/span><\/p>\n<p><span lang=\"FR\">2) Le mot passion d\u00e9finit \u00e0 l\u2019origine l\u2019\u00e9lan incontr\u00f4l\u00e9 vers ce qui pourrait \u00eatre une valeur positive comme la passion de R\u00e2bi\u2019a, la femme soufie, pour le Divin (Je t\u2019aime de deux amours, un amour de passion\u2026(Hubb-al-haw\u00e2)\u2026. \u00bb, ou valeur n\u00e9gative comme dans le verset qui d\u00e9fend au proph\u00e8te de suivre les passions des polyth\u00e9istes (wa l\u00e2 tattabi\u2019 ahw\u00e2\u2019ahom). Car, dans le cas des passions n\u00e9gatives, le pluriel, Ahw\u00e2\u2019, est un usage plus logique puisqu\u2019il malais\u00e9 en effet de dompter par la raison, par la loi et par l\u2019exigence de l\u2019instance collective, des pulsions multiples.<\/span><\/p>\n<p><span lang=\"FR\">3) Penseurs et philosophes qui se sont pench\u00e9s sur les questions de sciences politiques et sociales, s\u2019accordent sur la nature de ce contrat souscrit et convenu au sein de chaque groupe, qu\u2019il s\u2019agisse d\u2019un groupe r\u00e9duit ou d\u2019un groupe \u00e9largi, accord qui stipule de favoriser l\u2019\u00e9mergence des passions de les rationaliser et de la r\u00e8glementer, et ce, avant de proc\u00e9der \u00e0 la mise en place d\u2019une l\u00e9gislation institutionnelle. Toute consid\u00e9ration \u00e9thique demeure \u00e9cart\u00e9e \u00e0 ce niveau d\u2019\u00e9tablissement des liens contractuels entre les individus constitutifs de tel ou tel groupe, puisque m\u00eame une bande de voleurs se doit de consentir \u00e0 un tel accord pour se distribuer les r\u00f4les, chacun selon ses aptitudes et ses performances et selon un mode partage de leur butin. Sans quoi le groupe serait condamn\u00e9 \u00e0 se d\u00e9faire.<\/span><\/p>\n<p><span lang=\"FR\">4) C\u2019est ainsi par exemple que s\u2019engage l\u2019histoire de France en tant que France, avec la conversion de Clovis Ier au christianisme \u00e0 la suite de son deuxi\u00e8me mariage avec la tr\u00e8s chr\u00e9tienne Clothilde au d\u00e9but du VI\u00e8me si\u00e8cle. La France d\u2019aujourd\u2019hui n\u2019\u00e9tait alors qu\u2019un ensemble de territoires, d\u2019ethnies et de peuplades diverses ; En ces temps-l\u00e0 les Francs qui allait donner leur nom au pays n\u2019\u00e9taient ni les plus nobles, ni les plus riches, ni les plus nombreux.<\/span><\/p>\n<p><span lang=\"FR\">5) Le projet arabo-islamique, d\u00e8s le d\u00e9but des conqu\u00eates, a propos\u00e9 aux autochtones des pays conquis de choisir entre trois options: ou ils adoptent l\u2019islam comme croyance en m\u00eame temps que l\u2019arabit\u00e9 en tant que culture, ou ils maintiennent leur monoth\u00e9isme juif ou chr\u00e9tien tout en adh\u00e9rant \u00e0 la culture arabe, ou enfin, ils pers\u00e9v\u00e8rent dans leur attachement tribal et ethnique en se convertissant seulement \u00e0 l\u2019islam. Ce dernier choix a \u00e9t\u00e9 celui de ceux que les Romains appelaient en Afrique du nord les Barbares (Berb\u00e8res, selon la transcription phon\u00e9tique arabe) et que les Arabes ont fini par appeler les Kabyles, c&rsquo;est-\u00e0-dire \u00ab les autres tribus \u00bb, celles qui ne sont ni Arabes, ni \u00ab clients \u00bb (Maw\u00e2l\u00ee) de ces derniers par le jeu des alliances ou des all\u00e9geances<\/span><\/p>\n<p><span lang=\"FR\">6) Parmi ceux qui s\u2019en tiennent \u00e0 la source coranique de la production des lois, d\u2019aucuns pourrait, se fondant sur les versets sur la r\u00e9paration du meurtre, nous contester notre orientation vers l\u2019abolition de la peine de mort dans notre code p\u00e9nal, et pour la premi\u00e8re fois dans le monde arabo-islamique. A cette \u00e9ventuelle objection nous r\u00e9pondons qu\u2019une lecture pr\u00e9cise de l\u2019\u00e9nonc\u00e9 coranique \u00e0 ce sujet, permet d\u2019\u00e9tablir tout d\u2019abord, que la loi du talion (\u00e2me pour \u00e2me, \u0153il pour \u0153il, etc.) n\u2019a \u00e9t\u00e9 prescrite selon le Coran m\u00eame (Sourate V) que pour les \u00ab Fils d\u2019Isra\u00ebl \u00bb (Katabn\u00e2 \u2018al\u00e2 ban\u00ee isr\u00e2\u2019\u00eela\u2026). Tandis que pour la mission proph\u00e9tique de Muhammad, des nuances de taille ont \u00e9t\u00e9 introduites : la r\u00e9paration due aux proches des victimes distingue le genre selon qu\u2019il s\u2019agisse d\u2019une femme ou d\u2019un homme, et le statut social selon qu\u2019il s\u2019agisse d\u2019un esclave ou d\u2019un homme libre. En outre et surtout, le Coran introduit ici et recommande la \u00ab solution \u00bb du pardon accompagn\u00e9e d\u2019une compensation mat\u00e9rielle : \u00ab \u00d4 vous les croyants! On vous a prescrit la r\u00e9paration au sujet des tu\u00e9s : homme libre pour homme libre, esclave pour esclave, femme pour femme. Mais celui \u00e0 qui son semblable aura pardonn\u00e9 en quelque fa\u00e7on, aura \u00e0 r\u00e9parer selon us et coutumes et \u00e0 s\u2019en acquitter de bonne gr\u00e2ce en consentant le d\u00e9dommagement qui sied. Ceci est un all\u00e9gement de la part de votre Seigneur et une mis\u00e9ricorde\u2026 \u00bb (Verset 178, Sourate 2).<\/span><\/p>\n<p><span lang=\"FR\">7) Le l\u00e9gislateur fondamentaliste qui s\u2019oblige \u00e0 se r\u00e9f\u00e9rer au Coran pourrait l\u00e0 aussi nous objecter que l\u2019\u00e9galit\u00e9 totale entre femme et homme doit excepter l\u2019\u00e9galit\u00e9 \u00e9conomique en mati\u00e8re notamment des droits des successions, en vertu de \u00ab la r\u00e8gle coranique \u00bb : \u00ab Au l\u00e9gataire m\u00e2le revient le double de la part due \u00e0 la femme \u00bb. Sur ce point nous signalons que les voies de l\u2019Ijtih\u00e2d n\u2019ont jamais \u00e9t\u00e9 closes quant \u00e0 la lecture des versets au caract\u00e8re juridique et l\u00e9gislatif. Nous en avons largement d\u00e9battu en plusieurs endroits de nos \u00e9crits et travaux en soulignant le fait que les ex\u00e9g\u00e8tes, les jurisconsultes et les l\u00e9gislateurs traditionalistes ont us\u00e9 de ce mot de \u00ab hadd \u00bb et de sa signification avec beaucoup de confusion et d\u2019abus perp\u00e9tr\u00e9 contre la langue arabe. Non seulement ce vocable de hadd n\u2019existe nulle part au singulier dans tout le texte coranique qui n\u2019emploie que le pluriel hud\u00fbd (tilka hud\u00fbd-u-Allah\u2026), mais cette compr\u00e9hension abusive et confuse que nous d\u00e9non\u00e7ons rature la signification v\u00e9ritable voulue, \u00e0 notre sens, par le Coran, une signification math\u00e9matique et topologique de \u00ab limite \u00bb et y substitue un autre sens, celui de \u00ab sanction \u00bb (aq\u00e2ma \u2018alayhi al-hadd, c&rsquo;est-\u00e0-dire, lui infliger la sanction). Or, nous ne voyons en ce mot de hadd comme limite math\u00e9matique qu\u2019un trac\u00e9 virtuel entre le licite et l\u2019illicite, entre le har\u00e2m, domaine exclusif de Dieu, et le hal\u00e2l, celui de la permissivit\u00e9 accord\u00e9e aux humains. L\u2019illicite, ou har\u00e2m, dans cette probl\u00e9matique du partage de l\u2019h\u00e9ritage n\u2019advient que si on octroie moins que la moiti\u00e9 de la part du m\u00e2le \u00e0 la femme. Accorder davantage \u00e0 celle-ci pour atteindre m\u00eame \u00e0 l\u2019\u00e9galit\u00e9 des parts nous maintient d\u2019autant plus \u00e9loign\u00e9s de la transgression.<\/span><\/p>\n<p>\u00a0<\/p>\n<p>\u00a0<\/p>\n<p>\u00a0<\/p>\n<p><span lang=\"FR\">Il est n\u00e9cessaire que la r\u00e9volution tunisienne d\u00e9passe la r\u00e9f\u00e9rence trinitaire aux instances ex\u00e9cutive, l\u00e9gislative et judiciaire, telles qu\u2019h\u00e9rit\u00e9es par le XVIII\u00e8me si\u00e8cle, dit si\u00e8cle des Lumi\u00e8res en Europe, et telles notamment qu\u2019expos\u00e9es par Montesquieu dans L\u2019esprit des lois. Nous pensons quant \u00e0 nous qu\u2019il est temps de remettre en question la structure du pouvoir ex\u00e9cutif en y distinguant entre le pr\u00e9sident de la R\u00e9publique et son r\u00f4le, et surtout la voie idoine pour l\u2019\u00e9lire d\u2019une part, et, d\u2019autre part, le gouvernement en tant que gestionnaire effectif des affaires du pays issu du rapport des forces constitutives de la chambre des d\u00e9put\u00e9s assembl\u00e9e nationale. Si l\u2019\u00e9lection des repr\u00e9sentants du peuple se fait par le suffrage universel direct, le choix du pr\u00e9sident de la R\u00e9publique doit, selon notre proposition, adopter une autre modalit\u00e9 suivant laquelle les \u00e9lecteurs du pr\u00e9sident de la R\u00e9publique seront des repr\u00e9sentants du peuple d\u00e9j\u00e0 \u00e9lus au niveau des collectivit\u00e9s locales des municipalit\u00e9s jusqu\u2019\u00e0 un s\u00e9nat autonome associ\u00e9 \u00e0 l\u2019action l\u00e9gislative au c\u00f4t\u00e9 de la chambre des d\u00e9put\u00e9s. Il sera attribu\u00e9 au pr\u00e9sident de la R\u00e9publique ainsi \u00e9lu la possibilit\u00e9, s\u2019il le d\u00e9sire, de participer aux travaux du conseil des ministres, et le droit d\u2019opposer son d\u00e9saccord si besoin. En cas d\u2019absence d\u2019un consensus, le pr\u00e9sident de la R\u00e9publique peut alors d\u00e9cider de faire appel au appel par voie r\u00e9f\u00e9rendaire. Cela dans le cadre des r\u00e8glement et des dispositions pr\u00e9vus par la loi pour limiter le recours fr\u00e9quent et abusif au r\u00e9f\u00e9rendum.<\/span><\/p>\n<p><span lang=\"FR\"><font>Source \u00ab Maghreb Emergent \u00bb Le 05-05-2011<\/font><\/span><\/p>\n<div>\n<p><span lang=\"FR\"><font>Lien :<\/font><a href=\"http:\/\/www.maghrebemergent.info\/economie\/78-idees\/3197-projet-de-preambule-pour-une-nouvelle-constitution-tunisienne.html\" target=\"_blank\" rel=\"noopener\"><font>http:\/\/www.maghrebemergent.info\/economie\/78-idees\/3197-projet-de-preambule-pour-une-nouvelle-constitution-tunisienne.html<\/font><\/a><\/span><\/p>\n<\/div>\n<h4 align=\"center\" style=\"color: blue;\"><span lang=\"NO-BOK\"><a href=\"http:\/\/www.kapitalis.com\/fokus\/62-national\/3801-tunisie-mohamed-ali-ganzoui-derriere-les-barreaux.html\" target=\"_blank\" rel=\"noopener\"><span lang=\"FR\"><\/p>\n<h4 style=\"color: blue;\"><font>Tunisie. Mohamed Ali Ganzoui derri\u00e8re les barreaux<\/font><\/h4>\n<p><\/span><\/a> <\/span><\/h4>\n<hr\/>\n<p><span lang=\"FR\"><font>D\u00e9cid\u00e9ment, la liste des anciens collaborateurs du pr\u00e9sident d\u00e9chu incarc\u00e9r\u00e9s est en train de s\u2019allonger. Dernier en date: Mohamed Ali Ganzoui, l\u2019ex-homme fort du minist\u00e8re de l\u2019Int\u00e9rieur sous Ben Ali. <\/font><\/span><\/p>\n<p><span lang=\"FR\">Il y a deux jours, l\u2019ancien directeur g\u00e9n\u00e9ral de la S\u00fbret\u00e9 nationale a \u00e9t\u00e9 entendu par le juge d\u2019instruction du tribunal de premi\u00e8re instance de Tunis. Apr\u00e8s interrogatoire, un mandat de d\u00e9p\u00f4t a \u00e9t\u00e9 \u00e9mis, mercredi, \u00e0 l\u2019encontre de Mohamed Ali Ganzoui qui rejoint ainsi les rangs des anciens hauts responsables du r\u00e9gime d\u00e9chu poursuivis par la justice, notamment Abdelwahab Abdallah, Abdallah Kallel, Abdelaaziz Ben Dhia, Mohamed Gueriani et Abderrahim Zouari\u2026 D\u2019autres ont \u00e9t\u00e9 entendus par la justice et laiss\u00e9s en libert\u00e9 jusqu\u2019\u00e0 la fin de l\u2019enqu\u00eate. C\u2019est le cas notamment de Hamed Karoui, Zouhaier Medhaffar et Oussama Romdhani.  Les Tunisiens, qui s\u2019impatientent de voir les anciens collaborateurs de Ben Ali jug\u00e9s par les tribunaux et sanctionn\u00e9s pour leurs abus, se demandent: \u00e0 qui le prochain tour?<\/span><\/p>\n<p><strong><span lang=\"FR\"><font>Un parfait apparatchik au service de Ben Ali <\/font><\/span><\/strong><b><span lang=\"FR\"> <\/span><\/b><span lang=\"FR\"><font>Mohamed Ali Ganzoui, n\u00e9 le 3 octobre 1944 \u00e0 Ha\u00efdra, a effectu\u00e9 toute sa carri\u00e8re au sein des services de s\u00e9curit\u00e9 tunisiens. Licenci\u00e9 en sciences \u00e9conomiques de la facult\u00e9 des sciences politiques et \u00e9conomiques de Tunis, il est \u00e9galement dipl\u00f4m\u00e9 de l\u2019Ecole nationale sup\u00e9rieure de la police de Saint-Cyr-au-Mont-d\u2019Or pr\u00e8s de Lyon. Commissaire de police puis chef du district de Tunis d\u00e8s 1988, il devient directeur g\u00e9n\u00e9ral de la s\u00fbret\u00e9 en 1989 puis directeur g\u00e9n\u00e9ral des services sp\u00e9ciaux en 1990; il m\u00e8ne \u00e0 ce titre la lutte contre les islamistes en 1990-1991. Il est nomm\u00e9 secr\u00e9taire d\u2019\u00c9tat aupr\u00e8s du ministre de l\u2019Int\u00e9rieur charg\u00e9 de la s\u00fbret\u00e9 nationale le 12 janvier 1995, avant d\u2019\u00eatre d\u00e9mis de ses fonctions \u00e0 la suite de l\u2019attentat de la ghriba en 2002. Nomm\u00e9 ambassadeur \u00e0 Damas, il retrouve son poste le 21 novembre 2005, avant d&rsquo;\u00eatre \u00e0 nouveau remplac\u00e9 le 5 juin 2006. Il est alors envoy\u00e9 comme ambassadeur de Tunisie \u00e0 Malte. Il est accus\u00e9 par divers opposant politiques d\u2019\u00eatre le commanditaire de plusieurs actes de torture et de mauvais traitements sur des prisonniers. En 2011, un mandat de d\u00e9p\u00f4t est \u00e9mis \u00e0 son encontre sur l\u2019accusation de torture. Il est mari\u00e9 et p\u00e8re de Razi Ganzoui, ancien animateur sportif sur la cha\u00eene publique Tunis 7 devenu homme d\u2019affaires prosp\u00e8re, mais disparu des \u00e9crans depuis la chute de l\u2019ancien r\u00e9gime.<\/font><\/span><\/p>\n<p><span lang=\"FR\"><font>Source : \u00ab Kapitalis \u00bb Le 05-05-2011<\/font><\/span><\/p>\n<div>\n<p><span lang=\"FR\"><font>Lien : <\/font><a href=\"http:\/\/www.kapitalis.com\/fokus\/62-national\/3801-tunisie-mohamed-ali-ganzoui-derriere-les-barreaux.html\" target=\"_blank\" rel=\"noopener\"><font>http:\/\/www.kapitalis.com\/fokus\/62-national\/3801-tunisie-mohamed-ali-ganzoui-derriere-les-barreaux.html<\/font><\/a><\/span><\/p>\n<\/div>\n<h4 align=\"center\" style=\"color: blue;\"><span lang=\"FR\"><\/p>\n<h5 style=\"color: blue;\"><font>Moncef Marzouki, \u00ab\u00a0la Tunisie doit \u00eatre dirig\u00e9e par une coalition\u00a0\u00bb<\/font><\/h5>\n<p> <\/span><\/h4>\n<hr\/>\n<p><strong><span lang=\"FR\">Moncef Marzouki, pr\u00e9sident du Congr\u00e8s pour la R\u00e9publique, a \u00e9t\u00e9 hier soir (mercredi), l\u2019invit\u00e9 des rencontres politiques de Gnet. Dr Marzouki pr\u00e9sente le CPR comme un parti d\u2019avant la r\u00e9volution, qui pr\u00f4ne la d\u00e9sob\u00e9issance civile, l\u2019\u00e9limination de la dictature et qui se situe sur la voie centriste<\/span><\/strong><span lang=\"FR\">.  Le pr\u00e9sident du CPR refuse de s\u2019inscrire dans une logique de bipolarisation Gauche\/droite, et pense que la Tunisie a besoin de tous ses enfants pour sortir de l\u2019orni\u00e8re.  Interrog\u00e9 sur ses choix \u00e9conomiques, il fait savoir que le CPR a mobilis\u00e9 des cerveaux, des comp\u00e9tences techniques et des \u00e9conomistes de talent pour r\u00e9fl\u00e9chir \u00e0 un certain nombre de pistes, comme la TVA sociale, la r\u00e9cup\u00e9ration de l\u2019argent vol\u00e9 aux Tunisiens pour pouvoir financer des r\u00e9formes profondes, la reconversion de la dette pour des programmes \u00e9conomiques et sociaux en accord avec les bailleurs de fonds, etc. \u00ab\u00a0Il serait pr\u00e9tentieux de dire que le CPR a des solutions \u00e0 tous les probl\u00e8mes\u00a0\u00bb, d\u00e9clare son pr\u00e9sident qui compte appeler, au lendemain des \u00e9lections, \u00e0 des \u00e9tats g\u00e9n\u00e9raux de l\u2019\u00e9conomie tunisienne o\u00f9 tous les partis apporteront leurs id\u00e9es, en vue de d\u00e9gager des pistes de solutions et de r\u00e9formes.   Le pr\u00e9sident du CPR est d\u2019accord pour dire que \u00ab\u00a0la machine \u00e9conomique est \u00e0 l\u2019arr\u00eat, et des solutions ne seront pas trouv\u00e9es tant que nous avons un gouvernement int\u00e9rimaire, faible, qui n\u2019arrive pas \u00e0 taper sur la table et \u00e0 instaurer une s\u00e9curit\u00e9 dans le pays\u00a0\u00bb. \u00ab\u00a0Seul un gouvernement fort de la l\u00e9gitimit\u00e9 populaire sera \u00e0 m\u00eame de r\u00e9gler les probl\u00e8mes de la s\u00e9curit\u00e9, et donc de faire red\u00e9marrer l\u2019\u00e9conomie\u00a0\u00bb.   Moncef Marzouki dit refuser \u00ab\u00a0le proc\u00e8s\u00a0\u00bb fait aux partis politiques, de ne pas contribuer par des propositions et des id\u00e9es \u00e0 la gestion de la crise socio-\u00e9conomique dans le pays. \u00ab\u00a0Ces partis sont en phase de construction ; ils sont en train de sillonner le pays pour mettre en place des structures ; ce ne sont pas des machines qui ont des solutions \u00e0 tout\u00a0\u00bb.  Concernant ce qu\u2019il appelle \u00ab\u00a0l\u2019efflorescence\u00a0\u00bb des partis politiques, Moncef Marzouki pense normal qu\u2019un peuple qui a \u00e9t\u00e9 frustr\u00e9 passe de l\u2019anorexie \u00e0 la boulimie, \u00ab\u00a0c\u2019est un comportement banal observ\u00e9 apr\u00e8s chaque r\u00e9volution, mais il ne restera \u00e0 la fin que le vrais partis\u00a0\u00bb. Il fait remarquer n\u00e9anmoins \u00ab\u00a0qu\u2019il existe des partis folkloriques, d\u2019autres cr\u00e9\u00e9s par les services secrets pour donner une mauvaise image de la r\u00e9volution\u00a0\u00bb, mais il refuse de donner des noms.<\/span><\/p>\n<p><span lang=\"FR\">Interrog\u00e9 sur les objectifs strat\u00e9giques du CPR, il le pr\u00e9sente comme \u00ab\u00a0un parti d\u2019avant la r\u00e9volution, qui est pour la r\u00e9sistance civile. Un parti qui a d\u2019embl\u00e9e refus\u00e9 la bipolarisation id\u00e9ologique, et qui est ouvert \u00e0 tous les Tunisiens quelles que soient leurs ob\u00e9diences religieuses, id\u00e9ologiques et philosophiques. Le CPR rassemble des gens avec des r\u00e9f\u00e9rences islamistes, nationalistes, marxistes\u00a0\u00bb&#8230; Pour lui, \u00ab\u00a0l\u2019homme providentiel et le parti unique sont des restes de l\u2019id\u00e9ologie totalitaire et la Tunisie doit \u00eatre dirig\u00e9e par un gouvernement de coalition\u00a0\u00bb.   Moncef Marzouki qui pr\u00f4ne l\u2019id\u00e9e d\u2019un front national pour sauver le pays, n\u2019adh\u00e8re pas au projet de cr\u00e9ation d&rsquo;un \u00ab\u00a0front d\u00e9mocratique des forces de progr\u00e8s et de modernit\u00e9\u00a0\u00bb, auquel participent douze partis dont le FDTL, le PDP, Ettajdid&#8230; il s\u2019explique, \u00ab\u00a0nous avons peur qu\u2019il s\u2019agisse d\u2019une fausse apparence d\u2019unit\u00e9 nationale fait dans un esprit de bipolarisation, et anim\u00e9e par la peur d\u2019Ennahdha et des obscurantistes\u00a0\u00bb. \u00ab\u00a0Il s\u2019agit de faux fronts qui ne sont pas faits contre l\u2019ennemi, mais contre le fr\u00e8re, le voisin, qui a lutt\u00e9 contre la dictature\u00a0\u00bb. Il dit refuser \u00ab\u00a0la guerre civile, m\u00eame par les mots contre les Nahdhaouis\u00a0\u00bb. \u00ab\u00a0Constituer un front contre une fraction de la soci\u00e9t\u00e9 tunisienne, c\u2019est une erreur magistrale\u00a0\u00bb. Il appelle les gens \u00e0 travailler ensemble et \u00e0 n\u2019exclure que les extr\u00eames de l\u2019\u00e9chiquier.   Moncef Marzouki estime avoir de bons contacts avec tout le monde dont Hamma Hammami, Rached Ghannouchi, Mustapha Ben J\u00e2afar, Ahmed Ben Salah. Il demeure \u00ab\u00a0r\u00e9serv\u00e9 sur les positions politiques d\u2019Ahmed Nejib Chebbi\u00a0\u00bb, et lui reproche \u00ab\u00a0de confondre l\u2019ennemi et l\u2019adversaire\u00a0\u00bb. Avec cette logique, \u00ab\u00a0on renvient au d\u00e9bat des ann\u00e9es 80, l\u2019ennemi, c\u2019est Ennahdha, et l\u2019adversaire, c\u2019est le RCD, celui qui a mis le syst\u00e8me dictatorial et qui cherche \u00e0 le r\u00e9instaurer\u00a0\u00bb.   Moncef Marzouki, pense toutefois, que \u00ab\u00a0l\u2019Islam politique n\u2019a pas sa place en Tunisie\u00a0\u00bb, et c\u2019est cela, dit-il, sa grande discussion avec les islamistes. Il r\u00e9fute le slogan des fr\u00e8res musulmans, selon lequel, \u00ab\u00a0l\u2019islam est la solution\u00a0\u00bb, \u00ab\u00a0pour une raison aussi simple, la politique rel\u00e8ve du domaine du combat pour le pouvoir entre des hommes, des groupes\u2026 ; et la religion est de l\u2019ordre du sacr\u00e9, du transcendantal, de l\u2019immanent et n\u2019a rien \u00e0 faire dans des querelles de groupes. Moi, je dis aux islamistes, battez-vous \u00e0 armes \u00e9gales, discutez au nom de vos convictions et non au nom d\u2019Allah\u00a0\u00bb.   Ce penseur et auteur de plusieurs livres sur la m\u00e9decine et la politique, dit avoir vu l\u2019\u00e9volution du mouvement Ennahdha. \u00ab\u00a0J\u2019ai vu se d\u00e9mocratiser des islamistes, et s\u2019islamiser des gens d\u2019extr\u00eame gauche. Il y a eu des ph\u00e9nom\u00e8nes d\u2019osmose\u00a0\u00bb. \u00ab\u00a0La d\u00e9mocratisation de ce mouvement qui n\u2019\u00e9tait pas d\u00e9mocrate dans les ann\u00e9es 70 a \u00e9t\u00e9 favoris\u00e9e par plusieurs facteurs, dont l\u2019exil dont ont \u00e9t\u00e9 condamn\u00e9s les Nahdhaouis, leur propre maturation, et l\u2019exemplarit\u00e9 des hommes la\u00efcs qui les ont aid\u00e9s et qui ont pris des risques terribles pour les d\u00e9fendre\u00a0\u00bb.  Moncef Marzouki pr\u00e9vient contre l\u2019exclusion d\u2019Ennahdha en s\u2019appuyant sur l\u2019exemple alg\u00e9rien. Il consid\u00e8re que \u00ab\u00a0les islamistes alg\u00e9riens ont \u00e9t\u00e9 pouss\u00e9s vers les exactions, \u00e0 cause de l\u2019erreur du mouvement la\u00efc alg\u00e9rien qui \u00e9tait un mouvement \u00e9radicateur. Alors qu\u2019en Tunisie, notre mouvement n\u2019\u00e9tait pas \u00e9radicateur\u00a0\u00bb. Il pr\u00e9vient contre \u00ab\u00a0le retour \u00e0 une telle attitude effrayante, qui d\u00e9coule d\u2019une id\u00e9e fantasmatique du danger\u00a0\u00bb, et appelle \u00ab\u00a0\u00e0 int\u00e9grer Ennahdha, qui est un parti islamiste, conservateur, l\u2019\u00e9quivalent des mouvements chr\u00e9tiens d\u00e9mocrates dans les pays occidentaux, et \u00e0 en faire une force de d\u00e9mocratie\u00a0\u00bb. Pour Moncef Marzouki, il n\u2019y a pas un seul islamisme, mais des islamismes, un spectre qui s\u2019\u00e9tend d\u2019Erdogan aux Talibans, \u00ab\u00a0les forces qu\u2019il faut combattre en Tunisie sont Ettahrir et le RCD\u00a0\u00bb. Moncef Marzouki a r\u00e9pondu \u00e0 nos questions sur plusieurs autres points relatifs aux affaires nationales et internationales. <\/span><span lang=\"NO-BOK\">Voir l&rsquo;interview dans la vid\u00e9o ci-dessus.<\/span><\/p>\n<p><span lang=\"FR\"><font>Source: \u201dGlobal Net\u201d Le 05-05-2011<\/font><\/span><\/p>\n<div>\n<p><span lang=\"FR\"><font>Lien:<\/font><a href=\"http:\/\/www.gnet.tn\/temps-fort\/moncef-marzouki\/id-menu-325.html\" target=\"_blank\" rel=\"noopener\"><font>http:\/\/www.gnet.tn\/temps-fort\/moncef-marzouki\/id-menu-325.html<\/font><\/a><\/span><\/p>\n<\/div>\n<p align=\"center\"><b><span lang=\"FR\"><\/p>\n<h5 style=\"color: blue;\"><font>R\u00e9sultats d&rsquo;enqu\u00eate sur les \u00e9lections de l\u2019Assembl\u00e9e Constituante<\/font><\/h5>\n<p> <\/span><\/b><\/p>\n<hr\/>\n<p>\u00a0<\/p>\n<p><span lang=\"FR\">Par Salah BEN HAMADI<\/span><\/p>\n<p><span lang=\"FR\">83,20 % des personnes interrog\u00e9es encore ind\u00e9cises quant au choix des candidats <\/span><\/p>\n<p><span lang=\"FR\">Le Tunisien est plut\u00f4t pr\u00e9occup\u00e9 par le travail, l\u2019\u00e9conomie, le sport et la culture- Apr\u00e8s un premier sondage d\u2019opinions sur les Tunisiens et les partis et personnalit\u00e9s politiques en Tunisie, r\u00e9alis\u00e9 au mois de mars dernier, et dont les r\u00e9sultats ont \u00e9t\u00e9 suivis avec un grand int\u00e9r\u00eat, \u00e0 l\u2019int\u00e9rieur comme \u00e0 l\u2019\u00e9tranger, le bureau tunisien ind\u00e9pendant d\u2019\u00e9tudes et de sondage \u00ab Global Management Services \u00bb, (GMS) , sis \u00e0 Tunis, vient de r\u00e9aliser un deuxi\u00e8me sondage d\u2019opinions sur les Tunisiens et les \u00e9lections de l\u2019assembl\u00e9e constituante, le 24 juillet prochain, qui a montr\u00e9 que 83,20 % des personnes interrog\u00e9es sont encore ind\u00e9cises quant au choix des candidats \u00e0 \u00e9lire pour l\u2019assembl\u00e9e constituante. Ils ne savent pas encore pour qui voter. Le reste, soit 16,80% est \u00e9parpill\u00e9 sur les partis existants.<\/span><\/p>\n<p><span lang=\"FR\">Des efforts suppl\u00e9mentaires sont n\u00e9cessaires pour am\u00e9liorer la culture politique des Tunisiens, car le sondage a \u00e9tabli, encore, que seuls 9,5 % des futurs \u00e9lecteurs estiment \u00eatre bien inform\u00e9s sur les partis et les personnalit\u00e9s politiques. Les plus jeunes se d\u00e9clarent plus inform\u00e9s que les autres.<\/span><\/p>\n<p><span lang=\"FR\">Le Tunisien est plus pr\u00e9occup\u00e9 par le travail, l\u2019\u00e9conomie, le sport, l\u2019art et la culture. La politique vient en dernier lieu.<\/span><\/p>\n<p><b><span lang=\"FR\">Echantillon de 1304 personnes<\/span><\/b><\/p>\n<p><span lang=\"FR\">L\u2019enqu\u00eate financ\u00e9e exclusivement sur fonds propres, a port\u00e9 sur un \u00e9chantillon de 1304 personnes \u00e2g\u00e9es de 18 ans et plus. Elle a \u00e9t\u00e9 r\u00e9alis\u00e9e sur le terrain, selon la m\u00e9thode des quotas \u00e0 plusieurs degr\u00e9s, en retenant comme variables, la r\u00e9gion, le genre, l\u2019\u00e2ge, et la cat\u00e9gorie socioprofessionnelle.<\/span><\/p>\n<p><span lang=\"FR\">Autre conclusion \u00e9galement tr\u00e8s instructive et propre \u00e0 calmer les fausses ardeurs de certaines figures, les trois quarts des Tunisiens ne se sentent pas repr\u00e9sent\u00e9s par les gens qui parlent \u00ab au nom du peuple \u00bb.<\/span><\/p>\n<p><span lang=\"FR\">L\u2019appr\u00e9ciation du gouvernement provisoire est \u00e9quitablement partag\u00e9e entre les favorables et les d\u00e9favorables (50 % pour et 50 % contre), mais les deux tiers des personnes de plus de 60 ans soutiennent le gouvernement provisoire.<\/span><\/p>\n<p>\u00a0<\/p>\n<p><span lang=\"FR\">Concernant le scrutin de liste proportionnelle au plus fort reste, les r\u00e9ponses sont de 36 % favorables et 33 % d\u00e9favorables, les autres sont ind\u00e9cis.<\/span><\/p>\n<p><span lang=\"FR\">Par ailleurs, 73 % des Tunisiens estiment justifi\u00e9e l\u2019exclusion des responsables de l\u2019ancien r\u00e9gime du processus politique, mais seuls 37 % des hommes sont favorables \u00e0 la parit\u00e9 entre les hommes et les femmes dans les listes des candidats aux \u00e9lections, contre 55,4% des femmes. Une personne sur cinq (20 %) d\u00e9clare \u00eatre non int\u00e9ress\u00e9e par les \u00e9lections de la constituante. Dans la Capitale Tunis, ce manque d\u2019int\u00e9r\u00eat atteint pr\u00e8s de 30%.<\/span><\/p>\n<p><span lang=\"FR\">Enfin, plus des deux tiers (64,7%) sont pour le maintien de la date des \u00e9lections au 24 juillet 2011, alors que plus de la moiti\u00e9 des interrog\u00e9s consid\u00e8re que le financement des campagnes \u00e9lectorales doit \u00eatre r\u00e9glement\u00e9 par des lois.<\/span><\/p>\n<p><span lang=\"FR\"><font>Source : \u00ab Le Temps \u00bb Le 05-05-2011<\/font><\/span><\/p>\n<div>\n<p><span lang=\"FR\"><font>Lien : <\/font><a href=\"http:\/\/www.letemps.com.tn\/article-55689.html\" target=\"_blank\" rel=\"noopener\"><font>http:\/\/www.letemps.com.tn\/article-55689.html<\/font><\/a><\/span><\/p>\n<\/div>\n<p><\/font><\/font><\/font><\/font><\/font><\/font><\/font><\/font><\/font><\/font><\/font><\/div>\n<p><\/body><\/body><\/html><\/p>\n","protected":false},"excerpt":{"rendered":"<p>TUNISNEWS 11 \u00e8me ann\u00e9e, N\u00b03999 du 05.05.2011 archives : www.tunisnews.net Communiqu\u00e9 d\u2019Ettajdid \u00e0 propos des d\u00e9clarations de M. Rajhi FTCR: D\u00e9claration Publique et Appel \u00e0 Solidarit\u00e9 Reuters: Tunisian ex-minister sees coup if Islamists elected Reuters: Mise en garde contre une victoire d&rsquo;islamistes en Tunisie AFP: Tunisie: \u00e9vasion de 58 d\u00e9tenus de la prison de Sfax [&hellip;]<\/p>\n","protected":false},"author":1,"featured_media":22040,"comment_status":"open","ping_status":"open","sticky":false,"template":"","format":"standard","meta":{"inline_featured_image":false,"site-sidebar-layout":"default","site-content-layout":"","ast-site-content-layout":"default","site-content-style":"default","site-sidebar-style":"default","ast-global-header-display":"","ast-banner-title-visibility":"","ast-main-header-display":"","ast-hfb-above-header-display":"","ast-hfb-below-header-display":"","ast-hfb-mobile-header-display":"","site-post-title":"","ast-breadcrumbs-content":"","ast-featured-img":"","footer-sml-layout":"","ast-disable-related-posts":"","theme-transparent-header-meta":"","adv-header-id-meta":"","stick-header-meta":"","header-above-stick-meta":"","header-main-stick-meta":"","header-below-stick-meta":"","astra-migrate-meta-layouts":"default","ast-page-background-enabled":"default","ast-page-background-meta":{"desktop":{"background-color":"","background-image":"","background-repeat":"repeat","background-position":"center center","background-size":"auto","background-attachment":"scroll","background-type":"","background-media":"","overlay-type":"","overlay-color":"","overlay-opacity":"","overlay-gradient":""},"tablet":{"background-color":"","background-image":"","background-repeat":"repeat","background-position":"center center","background-size":"auto","background-attachment":"scroll","background-type":"","background-media":"","overlay-type":"","overlay-color":"","overlay-opacity":"","overlay-gradient":""},"mobile":{"background-color":"","background-image":"","background-repeat":"repeat","background-position":"center center","background-size":"auto","background-attachment":"scroll","background-type":"","background-media":"","overlay-type":"","overlay-color":"","overlay-opacity":"","overlay-gradient":""}},"ast-content-background-meta":{"desktop":{"background-color":"var(--ast-global-color-5)","background-image":"","background-repeat":"repeat","background-position":"center center","background-size":"auto","background-attachment":"scroll","background-type":"","background-media":"","overlay-type":"","overlay-color":"","overlay-opacity":"","overlay-gradient":""},"tablet":{"background-color":"var(--ast-global-color-5)","background-image":"","background-repeat":"repeat","background-position":"center center","background-size":"auto","background-attachment":"scroll","background-type":"","background-media":"","overlay-type":"","overlay-color":"","overlay-opacity":"","overlay-gradient":""},"mobile":{"background-color":"var(--ast-global-color-5)","background-image":"","background-repeat":"repeat","background-position":"center center","background-size":"auto","background-attachment":"scroll","background-type":"","background-media":"","overlay-type":"","overlay-color":"","overlay-opacity":"","overlay-gradient":""}},"footnotes":""},"categories":[],"tags":[57,42,29],"class_list":["post-17388","post","type-post","status-publish","format-standard","has-post-thumbnail","hentry","tag-57","tag-42","tag-fr"],"_links":{"self":[{"href":"https:\/\/tunisnews.net\/ar\/wp-json\/wp\/v2\/posts\/17388","targetHints":{"allow":["GET"]}}],"collection":[{"href":"https:\/\/tunisnews.net\/ar\/wp-json\/wp\/v2\/posts"}],"about":[{"href":"https:\/\/tunisnews.net\/ar\/wp-json\/wp\/v2\/types\/post"}],"author":[{"embeddable":true,"href":"https:\/\/tunisnews.net\/ar\/wp-json\/wp\/v2\/users\/1"}],"replies":[{"embeddable":true,"href":"https:\/\/tunisnews.net\/ar\/wp-json\/wp\/v2\/comments?post=17388"}],"version-history":[{"count":0,"href":"https:\/\/tunisnews.net\/ar\/wp-json\/wp\/v2\/posts\/17388\/revisions"}],"wp:featuredmedia":[{"embeddable":true,"href":"https:\/\/tunisnews.net\/ar\/wp-json\/wp\/v2\/media\/22040"}],"wp:attachment":[{"href":"https:\/\/tunisnews.net\/ar\/wp-json\/wp\/v2\/media?parent=17388"}],"wp:term":[{"taxonomy":"category","embeddable":true,"href":"https:\/\/tunisnews.net\/ar\/wp-json\/wp\/v2\/categories?post=17388"},{"taxonomy":"post_tag","embeddable":true,"href":"https:\/\/tunisnews.net\/ar\/wp-json\/wp\/v2\/tags?post=17388"}],"curies":[{"name":"wp","href":"https:\/\/api.w.org\/{rel}","templated":true}]}}