{"id":17351,"date":"2010-04-17T00:00:00","date_gmt":"2010-04-17T00:00:00","guid":{"rendered":"https:\/\/tunisnews.net\/17-avril-2010\/"},"modified":"2010-04-17T00:00:00","modified_gmt":"2010-04-17T00:00:00","slug":"17-avril-2010","status":"publish","type":"post","link":"https:\/\/tunisnews.net\/ar\/17-avril-2010\/","title":{"rendered":"17 avril 2010"},"content":{"rendered":"<p><html><head><meta content=\"text\/html\" description=\"La quatri\u00e8me chambre criminelle du Tribunal de Premi\u00e8re Instance de \n\t\tTunis, pr\u00e9sid\u00e9e par le juge Mehrez Hammami, a examin\u00e9 lors de son \n\t\taudience tenue dans la matin\u00e9e du samedi 17 avril 2010 l\u2019affaire n\u00b020142 \n\t\tdans laquelle sont d\u00e9f\u00e9r\u00e9s Mohammed Lafi, Rafik Lafi, Slim Terras, \n\t\tMehrez Alaya et Marouan Bachtobji pour incitation \u00e0 commettre des \n\t\tinfractions terroristes, adh\u00e9sion \u00e0 une organisation et une entente en \n\t\trapport avec les infractions terroristes et tenue de r\u00e9union non \n\t\tautoris\u00e9e. Ma\u00eetres Mounir Ben Salha, Anouar Kousri, Anouar Aouled Ali, \n\t\tSamir Ben Amor, Samir Dilou, Maha Lafi et Najet Labidi se sont pr\u00e9sent\u00e9s \n\t\tpour leur d\u00e9fense et requis la lib\u00e9ration des accus\u00e9s ainsi que le \n\t\treport de la s\u00e9ance afin de pr\u00e9parer les moyens de la d\u00e9fense.\" http-equiv=\"Content-Type\"\/><\/head><body><body><\/p>\n<p align=\"center\" dir=\"ltr\"><font face=\"Arial\" size=\"2\"><b><a href=\"http:\/\/www.tunisnews.net\/\"><span>Home<\/span><span lang=\"FR-CH\"> &#8211; Accuei<\/span><\/a><span lang=\"FR-CH\">l<\/span><\/b><\/font><\/p>\n<div>\n<div><font face=\"Arial\" size=\"2\">\u00a0<\/font><\/div>\n<div><\/div>\n<div align=\"center\" dir=\"ltr\"><font size=\"7\"><strong>TUNISNEWS <\/strong><\/font><\/div>\n<div align=\"center\" dir=\"ltr\">\n<div><strong><font>9\u00a0\u00e8me ann\u00e9e, <span lang=\"FR\">N\u00b0\u00a03616 du 17.04.2010<\/span><\/font><\/strong><\/div>\n<\/div>\n<div align=\"center\"><span><font><strong>\u00a0archives : <\/strong><\/font><a target=\"_blank\" rel=\"noopener\"><font><strong>www.tunisnews.net<\/strong><\/font><\/a><\/span><font><strong>\u00a0<\/strong><\/font><span lang=\"FR\"><strong><\/strong><font><span lang=\"FR-CH\"><\/span><\/font><\/span><\/div>\n<p><font size=\"2\"><span><font><span><font size=\"2\"><span lang=\"FR\"><\/p>\n<div><strong><font size=\"2\"><\/p>\n<hr\/>\n<p><\/font><\/strong><font size=\"2\"><span><font><span><font size=\"2\"><span lang=\"FR-CH\"><font size=\"3\"><span lang=\"FR\"><font><span lang=\"FR-CH\"><font size=\"3\"><span lang=\"FR-CH\"><strong><font size=\"2\">Libert\u00e9 et Equit\u00e9: Report de l\u2019examen de l\u2019affaire de l\u2019\u00e9tudiant Mohammed Lafi et de ses coaccus\u00e9s au 24 avril 2010 <font>Libert\u00e9 et Equit\u00e9: L\u2019exil\u00e9 Imed Othman emp\u00each\u00e9 d\u2019assister aux fun\u00e9railles de sa m\u00e8re<\/font> TTU Monde Arabe: Les amis de Kadhafi <font>MAP: Appel \u00e0 la coordination des efforts et des programmes de r\u00e9formes au niveau de l\u2019uma (colloque)<\/font> AFP: Alg\u00e9rie: un homme de 80 ans lib\u00e9r\u00e9 par un groupe arm\u00e9 apr\u00e8s 26 jours de d\u00e9tention <font>AFP: Mali : le couple d\u2019Italiens lib\u00e9r\u00e9s par Al-Qa\u00efda \u00ab\u00a0se porte bien\u00a0\u00bb<\/font><\/font><\/strong><\/span><\/font><\/span><\/font><\/span><\/font><\/span><\/font><\/span><\/font><\/span><\/font><\/div>\n<div><font size=\"2\"><span><font><span><font size=\"2\"><span lang=\"FR-CH\"><font size=\"3\"><span lang=\"FR\"><font><span lang=\"FR-CH\"><font size=\"3\"><span lang=\"FR-CH\"><font size=\"3\"><strong><\/p>\n<div>\n<hr\/>\n<\/div>\n<p><\/strong><\/font><\/span><\/font><\/span><\/font><\/span><\/font><\/span><\/font><\/span><\/font><\/span><\/font><\/div>\n<div align=\"center\"> Libert\u00e9 pour Sadok Chourou, le prisonnier des deux d\u00e9cennies <strong><font>Libert\u00e9 et Equit\u00e9 <\/font><\/strong>Organisation Ind\u00e9pendante de droits humains 33 rue Mokhtar Atya, 1001, Tunis Tel\/fax : 71 340 860 Liberte.equite@gmail.com Tunis, le 17 avril 2010 <strong><\/p>\n<h2 style=\"color: red;\"><font size=\"3\">Nouvelles des libert\u00e9s en Tunisie<\/font><\/h2>\n<p><\/strong><\/div>\n<div align=\"justify\">\n<hr\/>\n<p> <strong><font>1)\u00a0\u00a0\u00a0\u00a0 Report de l\u2019examen de l\u2019affaire de l\u2019\u00e9tudiant Mohammed Lafi et de ses coaccus\u00e9s au 24 avril 2010<\/font><\/strong> La quatri\u00e8me chambre criminelle du Tribunal de Premi\u00e8re Instance de Tunis, pr\u00e9sid\u00e9e par le juge Mehrez Hammami, a examin\u00e9 lors de son audience tenue dans la matin\u00e9e du samedi 17 avril 2010 l\u2019affaire n\u00b020142 dans laquelle sont d\u00e9f\u00e9r\u00e9s Mohammed Lafi, Rafik Lafi, Slim Terras, Mehrez Alaya et Marouan Bachtobji pour incitation \u00e0 commettre des infractions terroristes, adh\u00e9sion \u00e0 une organisation et une entente en rapport avec les infractions terroristes et tenue de r\u00e9union non autoris\u00e9e. Ma\u00eetres Mounir Ben Salha, Anouar Kousri, Anouar Aouled Ali, Samir Ben Amor, Samir Dilou, Maha Lafi et Najet Labidi se sont pr\u00e9sent\u00e9s pour leur d\u00e9fense et requis la lib\u00e9ration des accus\u00e9s ainsi que le report de la s\u00e9ance afin de pr\u00e9parer les moyens de la d\u00e9fense. Ma\u00eetre Najet Labidi a expliqu\u00e9 qu\u2019elle ne craignait pas de voir les \u00e9tudiants d\u00e9f\u00e9r\u00e9s dans cette affaire en libert\u00e9 mais qu\u2019elle redoutait de les voir rester en prison d\u2019autant que son client Mohammed Lafi avait fait l\u2019objet d\u2019une grave agression perp\u00e9tr\u00e9e par des agents de la prison de Mornaguia, Ahmed Bejaoui, Tahar Bouza\u00efdi et Fethi Ouerfeli. Ma\u00eetre Labidi a pr\u00e9sent\u00e9 un certificat au tribunal attestant de l\u2019agression subie par le prisonnier. Le tribunal a refus\u00e9 les demandes de lib\u00e9ration et a report\u00e9 l\u2019examen de l\u2019affaire au 24 avril 2010 [\u2026] \u00a0 Pour le Bureau ex\u00e9cutif de l\u2019Organisation Le Pr\u00e9sident <strong><font>Ma\u00eetre Mohammed Nouri<\/font><\/strong> <font>(traduction d\u2019extraits ni revue ni corrig\u00e9e par les auteurs de la version en arabe, LT) <\/p>\n<hr\/>\n<p><\/font><\/div>\n<div align=\"justify\"><font><\/p>\n<div align=\"center\"><font>Libert\u00e9 pour Sadok Chourou, le prisonnier des deux d\u00e9cennies<\/font> <strong><font>Libert\u00e9 et Equit\u00e9<\/font><\/strong> <font>Organisation Ind\u00e9pendante de droits humains 33 rue Mokhtar Atya, 1001, Tunis Tel\/fax : 71 340 860 Liberte.equite@gmail.com Tunis, le 17 avril 2010<\/font> <strong><\/p>\n<h2 style=\"color: red;\"><font size=\"3\"><font size=\"2\">\u00a0<\/font>L\u2019exil\u00e9 Imed Othman emp\u00each\u00e9 d\u2019assister aux fun\u00e9railles de sa m\u00e8re<\/font><\/h2>\n<p><\/strong><\/div>\n<div align=\"justify\">\n<hr\/>\n<p> <font>Imed Othman, n\u00e9 le 1er f\u00e9vrier 1968, a quitt\u00e9 la Tunisie dans la foul\u00e9e de la vague d\u2019arrestations massives d\u2019opposants politiques et de syndicalistes de l\u2019Union G\u00e9n\u00e9rale Tunisienne des Etudiants. B\u00e9chir Othman, son p\u00e8re, est d\u00e9c\u00e9d\u00e9 le 2 juillet 2005, mais il n\u2019a pu assister \u00e0 ses fun\u00e9railles car il s\u2019\u00e9tait vu opposer un refus \u00e0 ses quatre demandes de passeport, d\u00e9pos\u00e9es aux consulats en Gr\u00e8ce et en Turquie. Sa m\u00e8re, Fatima Othman, est d\u00e9c\u00e9d\u00e9e vendredi 16 avril 2010 au terme d\u2019un long combat contre la maladie. Il a pris contact avec l\u2019ambassade de Tunisie en Turquie pour lui soit d\u00e9livr\u00e9 un passeport lui permettant d\u2019assister aux fun\u00e9railles, en vain. [\u2026]<\/font><\/div>\n<div align=\"justify\"> <font>Pour le Bureau ex\u00e9cutif de l\u2019Organisation Le Pr\u00e9sident<\/font> <strong><font>Ma\u00eetre Mohammed Nouri<\/font><\/strong> (traduction d\u2019extraits ni revue ni corrig\u00e9e par les auteurs de la version en arabe, LT)<\/div>\n<p><\/font><\/div>\n<div align=\"justify\">\n<hr\/>\n<\/div>\n<div align=\"center\"><strong><\/p>\n<h2 style=\"color: red;\"><font size=\"3\">Les amis de Kadhafi<\/font><\/h2>\n<p><\/strong><\/div>\n<div align=\"justify\">\n<hr\/>\n<p> <font>Le colonel Kadhafi a acquis toute la cha\u00eene des h\u00f4tels Abou Nawas en Tunisie, et pas seulement l\u2019\u00e9tablissement de Gammarth, comme nous l\u2019avons r\u00e9cemment r\u00e9v\u00e9l\u00e9 (TTU n\u00b0 642). Au del\u00e0 de cette op\u00e9ration, les relations ne cessent de se renfor cer entre le colonel Kadhafi et le pr\u00e9sident Ben Ali. D\u00e9j\u00e0, lorsque Kadhafi avait r\u00e9solu de se rapprocher des Occidentaux en indemnisant les victimes de l\u2019attentat de Lockerbie, Ben Ali avait organis\u00e9 pour lui, \u00e0 Carthage, une rencontre avec le directeur de la CIA. Selon un ancien ministre libyen, le chef de l\u2019Etat tunisien en aurait \u00e9t\u00e9 r\u00e9compens\u00e9 par un ch\u00e8que de 12 millions de dollars. Au-del\u00e0 de la personne du pr\u00e9sident, les relations sont \u00e9galement au beau fixe entre Kadhafi et le \u201cclan\u201d Ben Ali, en particulier la famille Materi. Les deux familles seraient li\u00e9es par des relations d\u2019affaires, les Libyens cherchant notamment \u00e0 s\u2019implanter dans le secteur tunisien de la phar macie. Or, Moncef Materi et son fils Sakhr (dauphin pr\u00e9sum\u00e9 de Ben Ali) si\u00e8gent au conseil d&rsquo;administration de la soci\u00e9t\u00e9 tunisienne Adwya (\u201cm\u00e9dica ments\u201d), pr\u00e9sid\u00e9e par Tahar Materi, oncle de Sakhr. Lors du d\u00e9placement du colonel Kadhafi dans la ville touristique de Hammamet, l\u2019\u00e9t\u00e9 dernier, des t\u00e9moins ont pu constater sa pr\u00e9sence dans des soir\u00e9es chez les Materi et la complicit\u00e9 qu\u2019il affichait avec Moncef.<\/font><\/div>\n<div align=\"justify\"> (Source: TTU Monde Arabe -LETTRE HEBDOMADAIRE D&rsquo; INFORMATIONS STRAT\u00c9GIQUES &#8211; 1 5 a v r i l 2 0 1 0 &#8211; n \u00b0 6 4 4)<\/div>\n<div align=\"justify\">\n<hr\/>\n<\/div>\n<div align=\"justify\"><font><\/p>\n<div align=\"center\">\n<h2 style=\"color: red;\"><font size=\"3\"><strong>Appel \u00e0 la coordination des efforts et des programmes de r\u00e9formes au niveau de l\u2019uma (colloque)<\/strong><\/font><\/h2>\n<\/p><\/div>\n<div align=\"justify\">\n<hr\/>\n<p> MAP Le: 17 avril 2010 Oujda, 17\/04\/10- Les participants au colloque international organis\u00e9, les 15 et 16 avril \u00e0 Oujda sous le th\u00e8me \u00ab La dynamique des r\u00e9formes dans les pays de l\u2019Union du Maghreb Arabe (UMA) \u00bb, ont plaid\u00e9 en faveur de la coordination des efforts et des programmes de r\u00e9formes au niveau des pays de l\u2019Union.  Dans des recommandations formul\u00e9es \u00e0 l\u2019issue de deux jours de d\u00e9bats et de r\u00e9flexion sur les r\u00e9formes dans les pays du Maghreb dans leurs dimensions \u00e9conomique, sociale, culturelle et institutionnelle, les participants \u00e0 la deuxi\u00e8me \u00e9dition de ce forum scientifique ont appel\u00e9 les pays maghr\u00e9bins \u00e0 oeuvrer dans le cadre d\u2019une strat\u00e9gie unifi\u00e9e qui prenne en consid\u00e9ration les attentes des peuples de la r\u00e9gion et leurs aspirations futures. Saluant les diff\u00e9rentes r\u00e9formes r\u00e9alis\u00e9es, leur valeur strat\u00e9gique et leur r\u00f4le dans la qualification des pays membres de l\u2019UMA et dans la cons\u00e9cration et le d\u00e9veloppement de ses structures, ainsi que leurs retomb\u00e9es sur les peuples maghr\u00e9bins, ils ont jug\u00e9 n\u00e9cessaire une \u00e9valuation de ces r\u00e9formes pour rem\u00e9dier aux imperfections constat\u00e9es, mais aussi pour renforcer et d\u00e9velopper les acquis. Ils ont de m\u00eame appel\u00e9 \u00e0 hisser le rythme des r\u00e9formes, \u00e0 \u00e9largir leur champ d\u2019application et \u00e0 \u00e9laborer une strat\u00e9gie claire afin de tirer profit de la position strat\u00e9gique de l\u2019espace maghr\u00e9bin et de ses relations ext\u00e9rieures pour la mise en oeuvre et le renforcement de ces r\u00e9formes. L\u2019Union du Maghreb doit s\u2019acquitter des missions qui lui incombe conform\u00e9ment aux principes fondateurs de ce groupement r\u00e9gional, ont-ils estim\u00e9, relevant l\u2019imp\u00e9ratif de permettre aux institutions de la soci\u00e9t\u00e9 civile de jouer leur r\u00f4le vital en vue de contribuer \u00e0 la r\u00e9alisation et \u00e0 la promotion des r\u00e9formes entreprises. Initi\u00e9 par la Facult\u00e9 des sciences juridiques, \u00e9conomiques et sociales (FSJES) relevant de l\u2019universit\u00e9 Mohammed Premier d\u2019Oujda et l\u2019Institut des \u00e9tudes africaines de l\u2019universit\u00e9 Mohammed V de Rabat, en partenariat avec la Fondation allemande Hanns Seidel, ce colloque international a connu la participation d\u2019une quarantaine d\u2019universitaires de diff\u00e9rentes sp\u00e9cialit\u00e9s venant des cinq pays de l\u2019UMA (Maroc, Alg\u00e9rie, Tunisie, Libye et Mauritanie), en plus de la Jordanie. Les interventions ont \u00e9t\u00e9 ax\u00e9es notamment sur \u00ab la dynamique de r\u00e9formes dans les pays de l\u2019UMA dans ses dimensions nationale, maghr\u00e9bine et internationale \u00bb, \u00ab le r\u00f4le de l\u2019UMA dans le lancement et l\u2019appui aux r\u00e9formes \u00bb et \u00ab l\u2019int\u00e9gration et l\u2019implication des soci\u00e9t\u00e9s civiles dans le processus des r\u00e9formes \u00bb. Les d\u00e9bats ont port\u00e9 \u00e9galement sur \u00ab l\u2019aspect documentaire des r\u00e9formes dans l\u2019espace maghr\u00e9bin \u00bb, \u00ab les r\u00e9formes dans la recherche scientifique, acad\u00e9mique et universitaire \u00bb, \u00ab le financement des r\u00e9formes, entre les ressources propres et la coop\u00e9ration internationale, bilat\u00e9rale et multilat\u00e9rale \u00bb, ainsi que sur \u00ab les r\u00e9formes et la conjoncture internationale \u00bb.<\/p><\/div>\n<div align=\"justify\">\n<hr\/>\n<\/div>\n<div align=\"center\"><strong><\/p>\n<h2 style=\"color: red;\"><font size=\"3\">Alg\u00e9rie: un homme de 80 ans lib\u00e9r\u00e9 par un groupe arm\u00e9 apr\u00e8s 26 jours de d\u00e9tention<\/font><\/h2>\n<p><\/strong><\/div>\n<div align=\"justify\">\n<hr\/>\n<\/div>\n<div align=\"justify\"> AFP 7 avril, 2010 \u00e0 10 h 43  Un octog\u00e9naire de Boghni, ville alg\u00e9rienne au sud de Tizi Ouzou en Kabylie, a \u00e9t\u00e9 lib\u00e9r\u00e9 vendredi soir par ses ravisseurs, sous la pression de la population, apr\u00e8s 26 jours de d\u00e9tention, a-t-on appris samedi aupr\u00e8s d\u2019habitants de la r\u00e9gion.  L\u2019homme, \u00e2g\u00e9 de 80 ans, a \u00e9t\u00e9 lib\u00e9r\u00e9 vers 23H00 (22H00 GMT) non loin de son domicile du village d\u2019A\u00eft Koufi, pr\u00e8s de Boghni, o\u00f9 il avait \u00e9t\u00e9 enlev\u00e9 le 22 mars par un groupe arm\u00e9, selon ces sources.  Ces sources n\u2019ont pas pr\u00e9cis\u00e9 si la ran\u00e7on de 20 millions de dinars (200.000 euros) r\u00e9clam\u00e9e par les ravisseurs a \u00e9t\u00e9 vers\u00e9e. Une gr\u00e8ve g\u00e9n\u00e9rale avait \u00e9t\u00e9 d\u00e9cr\u00e9t\u00e9e jeudi \u00e0 Boghni pour exiger la lib\u00e9ration de cet entrepreneur \u00e0 la retraite apr\u00e8s une action similaire 30 mars avec un rassemblement de plusieurs milliers de personnes venues des villages des alentours.  Un autre habitant de Tizi Ouzou avait \u00e9t\u00e9 lib\u00e9r\u00e9 vendredi \u00e0 l\u2019aube par ses ravisseurs apr\u00e8s huit jours de d\u00e9tention. <\/div>\n<div align=\"justify\">\n<hr\/>\n<\/div>\n<div align=\"justify\">\n<div align=\"center\"><strong><\/p>\n<h2 style=\"color: red;\"><font size=\"3\">Mali : le couple d\u2019Italiens lib\u00e9r\u00e9s par Al-Qa\u00efda \u00ab\u00a0se porte bien\u00a0\u00bb<\/font><\/h2>\n<p><\/strong><\/div>\n<div align=\"justify\">\n<hr\/>\n<p> (AFP) BAMAKO 17 avril 2010  Le couple d\u2019Italiens lib\u00e9r\u00e9 vendredi dans le nord du Mali par la branche maghr\u00e9bine d\u2019Al-Qa\u00efda, apr\u00e8s pr\u00e8s de quatre mois de captivit\u00e9, \u00ab\u00a0se porte bien\u00a0\u00bb et \u00e9tait en route samedi pour Bamako, a-t-on appris de source s\u00e9curitaire malienne. Les deux ex-otages italiens \u00ab\u00a0se portent tous les deux bien mais visiblement la femme a mieux support\u00e9 la captivit\u00e9 que l\u2019homme\u00a0\u00bb, a d\u00e9clar\u00e9 \u00e0 l\u2019AFP une source proche de leurs accompagnateurs, des responsables de la s\u00e9curit\u00e9 malienne. Selon un officiel malien contact\u00e9 par t\u00e9l\u00e9phone par l\u2019AFP, \u00ab\u00a0il n\u2019y aura pas de traditionnelle grande c\u00e9r\u00e9monie\u00a0\u00bb \u00e0 l\u2019arriv\u00e9e des ex-otages \u00e0 Bamako, la capitale malienne, \u00e0 une heure qui n\u2019\u00e9tait pas d\u00e9termin\u00e9e. Sergio Cicala, un ressortissant italien de 65 ans, et sa femme de 39 ans Philom\u00e8ne Kabour\u00e9, italo-burkinab\u00e9, avaient \u00e9t\u00e9 captur\u00e9s le 18 d\u00e9cembre dans le sud-est de la Mauritanie, pr\u00e8s de la fronti\u00e8re malienne. Leurs ravisseurs les avaient ensuite c\u00e9d\u00e9s \u00e0 un groupe d\u2019Al-Qa\u00efda au Maghreb islamique (Aqmi), dans le nord du Mali. Les islamistes arm\u00e9s retiennent toujours deux hommes de nationalit\u00e9 espagnole, captur\u00e9s fin novembre en Mauritanie.Ces deux membres de l\u2019ONG Barcelona Accio Solidaria seraient d\u00e9tenus par l\u2019Alg\u00e9rien Moctar Ben Moctar, selon une source malienne proche du dossier.<\/p><\/div>\n<\/div>\n<p><\/font><\/div>\n<p><\/span><\/font><\/span><\/font> \u00a0<\/span><\/font><\/div>\n<p align=\"center\" dir=\"ltr\">\n<h2 style=\"color: red;\"><font face=\"Arial\" size=\"2\"><strong><b><a href=\"http:\/\/www.tunisnews.net\/\"><font face=\"Arial\"><span><font size=\"2\">Home<\/font><\/span><font size=\"2\"><span lang=\"FR-CH\"> &#8211; Accueil <\/span><span>&#8211; <\/span><\/font><\/font><span dir=\"rtl\" lang=\"AR-SA\"><font size=\"2\">\u0627\u0644\u0631\u0626\u064a\u0633\u064a\u0629<\/font><\/span><\/a><\/b><\/strong><\/font><\/h2>\n<\/p>\n<p align=\"center\" dir=\"ltr\">\u00a0<\/p>\n<p><\/body><\/body><\/html><\/p>\n","protected":false},"excerpt":{"rendered":"<p>Home &#8211; Accueil \u00a0 TUNISNEWS 9\u00a0\u00e8me ann\u00e9e, N\u00b0\u00a03616 du 17.04.2010 \u00a0archives : www.tunisnews.net\u00a0 Libert\u00e9 et Equit\u00e9: Report de l\u2019examen de l\u2019affaire de l\u2019\u00e9tudiant Mohammed Lafi et de ses coaccus\u00e9s au 24 avril 2010 Libert\u00e9 et Equit\u00e9: L\u2019exil\u00e9 Imed Othman emp\u00each\u00e9 d\u2019assister aux fun\u00e9railles de sa m\u00e8re TTU Monde Arabe: Les amis de Kadhafi MAP: Appel [&hellip;]<\/p>\n","protected":false},"author":1,"featured_media":22040,"comment_status":"open","ping_status":"open","sticky":false,"template":"","format":"standard","meta":{"inline_featured_image":false,"site-sidebar-layout":"default","site-content-layout":"","ast-site-content-layout":"default","site-content-style":"default","site-sidebar-style":"default","ast-global-header-display":"","ast-banner-title-visibility":"","ast-main-header-display":"","ast-hfb-above-header-display":"","ast-hfb-below-header-display":"","ast-hfb-mobile-header-display":"","site-post-title":"","ast-breadcrumbs-content":"","ast-featured-img":"","footer-sml-layout":"","ast-disable-related-posts":"","theme-transparent-header-meta":"","adv-header-id-meta":"","stick-header-meta":"","header-above-stick-meta":"","header-main-stick-meta":"","header-below-stick-meta":"","astra-migrate-meta-layouts":"default","ast-page-background-enabled":"default","ast-page-background-meta":{"desktop":{"background-color":"","background-image":"","background-repeat":"repeat","background-position":"center center","background-size":"auto","background-attachment":"scroll","background-type":"","background-media":"","overlay-type":"","overlay-color":"","overlay-opacity":"","overlay-gradient":""},"tablet":{"background-color":"","background-image":"","background-repeat":"repeat","background-position":"center center","background-size":"auto","background-attachment":"scroll","background-type":"","background-media":"","overlay-type":"","overlay-color":"","overlay-opacity":"","overlay-gradient":""},"mobile":{"background-color":"","background-image":"","background-repeat":"repeat","background-position":"center center","background-size":"auto","background-attachment":"scroll","background-type":"","background-media":"","overlay-type":"","overlay-color":"","overlay-opacity":"","overlay-gradient":""}},"ast-content-background-meta":{"desktop":{"background-color":"var(--ast-global-color-5)","background-image":"","background-repeat":"repeat","background-position":"center center","background-size":"auto","background-attachment":"scroll","background-type":"","background-media":"","overlay-type":"","overlay-color":"","overlay-opacity":"","overlay-gradient":""},"tablet":{"background-color":"var(--ast-global-color-5)","background-image":"","background-repeat":"repeat","background-position":"center center","background-size":"auto","background-attachment":"scroll","background-type":"","background-media":"","overlay-type":"","overlay-color":"","overlay-opacity":"","overlay-gradient":""},"mobile":{"background-color":"var(--ast-global-color-5)","background-image":"","background-repeat":"repeat","background-position":"center center","background-size":"auto","background-attachment":"scroll","background-type":"","background-media":"","overlay-type":"","overlay-color":"","overlay-opacity":"","overlay-gradient":""}},"footnotes":""},"categories":[],"tags":[56,41,29],"class_list":["post-17351","post","type-post","status-publish","format-standard","has-post-thumbnail","hentry","tag-56","tag-41","tag-fr"],"_links":{"self":[{"href":"https:\/\/tunisnews.net\/ar\/wp-json\/wp\/v2\/posts\/17351","targetHints":{"allow":["GET"]}}],"collection":[{"href":"https:\/\/tunisnews.net\/ar\/wp-json\/wp\/v2\/posts"}],"about":[{"href":"https:\/\/tunisnews.net\/ar\/wp-json\/wp\/v2\/types\/post"}],"author":[{"embeddable":true,"href":"https:\/\/tunisnews.net\/ar\/wp-json\/wp\/v2\/users\/1"}],"replies":[{"embeddable":true,"href":"https:\/\/tunisnews.net\/ar\/wp-json\/wp\/v2\/comments?post=17351"}],"version-history":[{"count":0,"href":"https:\/\/tunisnews.net\/ar\/wp-json\/wp\/v2\/posts\/17351\/revisions"}],"wp:featuredmedia":[{"embeddable":true,"href":"https:\/\/tunisnews.net\/ar\/wp-json\/wp\/v2\/media\/22040"}],"wp:attachment":[{"href":"https:\/\/tunisnews.net\/ar\/wp-json\/wp\/v2\/media?parent=17351"}],"wp:term":[{"taxonomy":"category","embeddable":true,"href":"https:\/\/tunisnews.net\/ar\/wp-json\/wp\/v2\/categories?post=17351"},{"taxonomy":"post_tag","embeddable":true,"href":"https:\/\/tunisnews.net\/ar\/wp-json\/wp\/v2\/tags?post=17351"}],"curies":[{"name":"wp","href":"https:\/\/api.w.org\/{rel}","templated":true}]}}