{"id":17345,"date":"2007-01-19T00:00:00","date_gmt":"2007-01-19T00:00:00","guid":{"rendered":"https:\/\/tunisnews.net\/19-janvier-2007\/"},"modified":"2007-01-19T00:00:00","modified_gmt":"2007-01-19T00:00:00","slug":"19-janvier-2007","status":"publish","type":"post","link":"https:\/\/tunisnews.net\/ar\/19-janvier-2007\/","title":{"rendered":"19 janvier 2007"},"content":{"rendered":"<p><html><head><meta content=\"text\/html\" description=\" \n      a d\u00e9j\u00e0 subi les effets collat\u00e9raux de l'affaire. Il a \u00e9t\u00e9 limog\u00e9 pour \n      avoir &quot;doubl\u00e9&quot; le ministre de l\u2019int\u00e9rieur en transmettant \u00e0 des \n      journalistes des informations non encore confirm\u00e9es \u00e0 l'\u00e9poque... Il a \u00e9t\u00e9 \n      remplac\u00e9 par \" http-equiv=\"Content-Type\"\/><\/head><body><body><\/p>\n<p align=\"center\" dir=\"ltr\"><b><a href=\"http:\/\/www.tunisnews.net\/\"><span>Home<\/span><span lang=\"FR-CH\"> &#8211; Accueil <\/span><span>&#8211; <\/span><span dir=\"rtl\" lang=\"AR-SA\">\u0627\u0644\u0631\u0626\u064a\u0633\u064a\u0629<\/span><\/a><\/b><\/p>\n<div> <font face=\"Arial\" size=\"2\"> <\/p>\n<div>  <span lang=\"FR\"> <\/p>\n<div align=\"center\" dir=\"ltr\"> <font size=\"2\"> <span lang=\"SV\"> <strong>TUNISNEWS<\/strong><\/span> <\/font> <\/div>\n<div align=\"center\" dir=\"ltr\"> <strong><font size=\"2\">7\u00a0\u00e8me\u00a0ann\u00e9e, <span lang=\"FR\">      N\u00b0\u00a02433 du 19.01.2007<\/span><\/font><\/strong><\/div>\n<p> <strong> <\/p>\n<div align=\"center\" dir=\"ltr\"> <b><span><font size=\"2\">      \u00a0archives : <\/font><a href=\"javascript:ol('http:\/\/www.tunisnews.net\/');\"> <font size=\"2\">www.tunisnews.net<\/font><\/a><\/span><\/b><font size=\"2\"> <\/font> <\/div>\n<div align=\"center\" dir=\"ltr\"> <font size=\"2\"><\/p>\n<hr\/>\n<p><\/font> <span lang=\"FR\"> <span lang=\"FR\"> <span lang=\"FR\"> <span lang=\"FR\"> <span><font size=\"2\"> <font size=\"2\"><font> <span lang=\"FR\"> <span lang=\"EN-GB\"> <font><font> <span lang=\"FR\"> <span><font> <font> <span lang=\"FR\"> <span lang=\"FR\"> <span lang=\"FR\"> <span lang=\"FR-CH\"> <font size=\"2\"><strong> <\/strong><\/font><\/span><\/span><\/span><\/span><\/font><\/font><\/span><\/span><\/font><\/font><\/span><\/span><\/font><\/font><\/font><\/span><\/span><\/span><\/span><\/span><\/div>\n<p> <\/strong><\/span> <\/div>\n<div>\n<h2 style=\"color: red;\"><font><strong>Maghreb Confidentiel\u00a0:Tunisie : Coup de sang     au palais de Carthage !<\/strong><\/font><\/h2>\n<\/div>\n<div> <font><strong>AISPP: Communiqu\u00e9     <\/p>\n<h2 style=\"color: red;\"><font>AP: Tunisie: condamnation d&rsquo;un terroriste pr\u00e9sum\u00e9 \u00e0 11     ans de prison<\/font><\/h2>\n<p>     AP: Tunisian court convicts man for belonging to Algerian terror group<\/strong><\/font><strong><font size=\"+0\"> <\/font><\/p>\n<p><font>Neue Z\u00fcrcher Zeitung : Algeriens Extremisten     w\u00e4hnen sich stark Koordination des islamistischen Terrorismus im Maghreb<\/font><\/p>\n<p><\/strong><\/div>\n<div> <font><strong>Luiza Toscane : Walid Layouni, disparu depuis     38 jours<\/strong><\/font><\/div>\n<div>\n<h2 style=\"color: red;\"><font><strong>Tunisie, R\u00e9veille \u2013 toi : Lettre ouverte \u00e0     Monsieur Xinsheng Zhang<\/strong><\/font><\/h2>\n<\/div>\n<div> <font><strong>Tunisie, R\u00e9veille \u2013 toi :Lettre ouverte \u00e0     Hans-Gert Poettering     <\/p>\n<h2 style=\"color: red;\"><font>Tunisie, R\u00e9veille \u2013 toi : D\u2019o\u00f9 vient le budget     colossal du RCD en Tunisie ?<\/font><\/h2>\n<p><\/strong><\/font><\/div>\n<div> <font><strong>La Libert\u00e9 (Suisse):\u00a0 Philippe Grangereau: \u00abC&rsquo;est     un d\u00e9sastre que les politiciens qui l&rsquo;ont enfant\u00e9e refusent d&rsquo;admettre\u00bb     <\/p>\n<h2 style=\"color: red;\"><font>La Libert\u00e9 (Suisse):\u00a0 Le massacre entre voisins secoue     l&rsquo;Italie<\/font><\/h2>\n<p><\/strong><\/font><\/div>\n<div> <strong><font>Nawaat: La vente de l\u2019\u00eele de Gattaya &#8211;     Mensonge, arnaque ou attentat contre le territoire national ?<\/font><\/strong><\/div>\n<div>\n<p><font><font> <\/p>\n<div align=\"justify\">\n<div align=\"left\"> <font face=\"Arial\"><strong><font><\/p>\n<h2 style=\"color: red;\"><font>AFP: Sommet arabe restreint la semaine prochaine en Libye (Moubarak)<\/font><\/h2>\n<p> <\/font><\/strong> <\/font><\/div>\n<\/p><\/div>\n<div align=\"justify\">\n<div align=\"justify\"> <strong><font>Le Monde :Maroc &#8211; D\u00e9part du directeur du         \u00ab\u00a0Journal hebdomadaire<\/font><\/strong><\/div>\n<\/p><\/div>\n<p> <\/font> <\/font><\/p>\n<\/div>\n<p> <\/font> <\/p>\n<div> <strong><\/p>\n<hr\/>\n<p><\/strong> <\/div>\n<div>\n<div>      \u00a0<\/div>\n<div align=\"center\"> <strong><\/p>\n<h2 style=\"color: red;\"><font size=\"3\">Tunisie : Coup de sang au palais de       Carthage !<\/font><\/h2>\n<p><\/strong><\/div>\n<div align=\"justify\">      \u00a0<\/div>\n<div align=\"justify\">      Apr\u00e8s la fusillade de fin d\u00e9cembre entre les forces de l&rsquo;ordre et des       terroristes <strong><font>(dont les armes sont rentr\u00e9es       par le port de Tunis&#8230;),<\/font><\/strong> le pr\u00e9sident Ben Ali, fou       furieux, fait tomber quelques t\u00eates.        A commencer dans son entourage&#8230; Son conseiller, <strong>Mahmoud M\u2019hiri,<\/strong>       a d\u00e9j\u00e0 subi les effets collat\u00e9raux de l&rsquo;affaire. Il a \u00e9t\u00e9 limog\u00e9 pour       avoir \u00ab\u00a0doubl\u00e9\u00a0\u00bb le ministre de l\u2019int\u00e9rieur en transmettant \u00e0 des       journalistes des informations non encore confirm\u00e9es \u00e0 l&rsquo;\u00e9poque&#8230; Il a \u00e9t\u00e9       remplac\u00e9 par <strong>Mohamed Ghariani<\/strong>, un enfant du parti au       pouvoir (RCD), ex-ambassadeur de Tunisie \u00e0 Londres.        Ghariani a \u00e9t\u00e9 nomm\u00e9 \u00ab\u00a0conseiller principal charg\u00e9 de la presse et des       droits de l&rsquo;homme\u00a0\u00bb. Il va ainsi surveiller les \u00ab\u00a0journalistes       droit-de-l&rsquo;hommistes\u00a0\u00bb !        Promotion, par contre, pour <strong>Abdelahamid Slama<\/strong>, simple       conseiller nomm\u00e9 ministre conseiller aupr\u00e8s du chef d&rsquo;Etat. Slama est un       membre \u00e9minent du \u00ab\u00a0clan des Sah\u00e9liens\u00a0\u00bb. Il est tr\u00e8s proche d\u2019Abdelaziz Ben       Dhia, ministre d\u2019Etat et porte-parole du pr\u00e9sident.        \u00a0       Ces premiers changements pourraient \u00eatre le pr\u00e9lude \u00e0 un remaniement en       profondeur du gouvernement.        \u00a0       Concoctant en solitaire limogeages et promotions \u00e0 venir, le pr\u00e9sident Ben       Ali a ainsi \u00ab\u00a0boycott\u00e9\u00a0\u00bb deux r\u00e9unions importantes dont il devait pr\u00e9sider       l\u2019ouverture ou la cl\u00f4ture : celles du Comit\u00e9 central du RCD qui devait se       tenir le 12 janvier &#8211; et transform\u00e9e de ce fait en simple \u00ab\u00a0conf\u00e9rence des       cadres\u00a0\u00bb &#8211; et une conf\u00e9rence des municipalit\u00e9s, tout bonnement annul\u00e9e.        \u00a0       Le chef d&rsquo;Etat reproche aux dirigeants du RCD leur apathie et de n&rsquo;avoir       pas r\u00e9ussi \u00e0 obtenir le soutien de l&rsquo;Union europ\u00e9enne et des Etats-Unis       dans l&rsquo;affaire de la fusillade.        \u00a0       Sur la sellette : <strong>H\u00e9di Mhenni<\/strong>, secr\u00e9taire g\u00e9n\u00e9ral du RCD,      <strong>Rafik Haj Kacem<\/strong>, ministre de l\u2019int\u00e9rieur, et <strong>      Abdessatar Bennour<\/strong>, secr\u00e9taire d\u2019Etat charg\u00e9 de la s\u00e9curit\u00e9.    <\/div>\n<div align=\"justify\">      \u00a0<\/div>\n<div align=\"justify\"> <strong><font>MAGHREB CONFIDENTIEL N\u00b0 771 du 18\/01\/2007<\/font><\/strong><\/div>\n<div>\n<hr\/><\/div>\n<div>\n<div align=\"center\"> <strong><font>Libert\u00e9 pour Ma\u00eetre Mohammed Abbou         Libert\u00e9 pour tous les prisonniers politiques<\/font><\/strong> <strong><font>Association Internationale de Soutien aux         Prisonniers Politiques<\/font><\/strong>         33 rue Mokhtar Atya, 1001 Tunis         Tel\/Fax : 71 354 984         <a href=\"http:\/\/by19fd.bay19.hotmail.msn.com\/cgi-bin\/compose?mailto=1&amp;msg=MSG1169245764.4&amp;start=3977771&amp;len=1315047&amp;src=&amp;type=x&amp;to=aispptunisie@yahoo.fr&amp;cc=&amp;bcc=&amp;subject=&amp;body=&amp;curmbox=F000000001&amp;a=8cde657c871d1b8fd1af3f92281050b2f077e0b84e35f3d4709ae56b2ff96fb3\" target=\"_blank\" rel=\"noopener\">        aispptunisie@yahoo.fr<\/a>                  19\/01\/07         <strong><font size=\"3\">Communiqu\u00e9<\/font><\/strong><\/div>\n<p>       Jeudi 18 janvier 2007, la deuxi\u00e8me chambre du Tribunal de Premi\u00e8re       Instance de Tunis, pr\u00e9sid\u00e9e par le juge Abderrazak Ben Mouna, a condamn\u00e9      <strong><font>Zyed Ghodhbane<\/font><\/strong>, en \u00e9tat       d\u2019arrestation, \u00e0 onze ans d\u2019emprisonnement et dix ans de contr\u00f4le       administratif, et Karim Msoussi et Ghaith Ouafi, libres, \u00e0 deux ans       d\u2019emprisonnement fermes, en vertu de la loi n\u00b075 du 10 d\u00e9cembre 2003.       Le pr\u00e9sident de l\u2019association       <strong><font>Ma\u00eetre Mohammed Nouri<\/font><\/strong> <font>(traduction ni revue ni corrig\u00e9e par les auteurs de       la version en arabe, LT)<\/font><\/p>\n<\/div>\n<div>\n<hr\/><\/div>\n<div align=\"center\"> <strong><\/p>\n<h2 style=\"color: red;\"><font size=\"3\">Tunisie: condamnation d&rsquo;un       terroriste pr\u00e9sum\u00e9 \u00e0 11 ans de prison<\/font><\/h2>\n<p><\/strong><\/div>\n<p align=\"justify\">     Associated Press, le 18 janvier 2007 \u00e0 20h35     \u00a0TUNIS (AP) &#8212; Le tribunal de premi\u00e8re instance de Tunis a condamn\u00e9 un     \u00e9tudiant, <strong><font>Zied Ghodhbane<\/font><\/strong>, \u00e0 11     ans de prison ferme pour \u00ab\u00a0appartenance \u00e0 une organisation terroriste\u00a0\u00bb, en     allusion au Groupe salafiste pour la pr\u00e9dication et le combat alg\u00e9rien (GSPC),     a-t-on appris aupr\u00e8s de son avocat Me Samir Ben Amor.     \u00a0Le pr\u00e9venu, \u00e2g\u00e9 de 27 ans, avait \u00e9t\u00e9 arr\u00eat\u00e9 en Alg\u00e9rie en mai 2005 et remis     aux autorit\u00e9s tunisiennes. Lors de son interrogatoire, il a ni\u00e9 l&rsquo;accusation     pour laquelle il \u00e9tait jug\u00e9, avan\u00e7ant qu&rsquo;il s&rsquo;\u00e9tait rendu en Alg\u00e9rie pour     des \u00e9tudes.     \u00a0Les avocats de la d\u00e9fense ont, quant \u00e0 eux, plaid\u00e9 l&rsquo;innocence de leur     client en s&rsquo;appuyant sur ce qu&rsquo;ils qualifi\u00e9 des \u00ab\u00a0proc\u00e8s-verbaux irr\u00e9guliers\u00a0\u00bb     et \u00ab\u00a0les atteintes aux proc\u00e9dures\u00a0\u00bb. Ils ont d\u00e9nonc\u00e9 les tortures dont le     terroriste pr\u00e9sum\u00e9 aurait fait l&rsquo;objet, r\u00e9clamant au tribunal d&rsquo;ordonner une     expertise m\u00e9dicale \u00e0 cet effet.     \u00a0Deux autres pr\u00e9venus arr\u00eat\u00e9s en Tunisie et qui \u00e9taient en \u00e9tat de libert\u00e9     ne se sont pas pr\u00e9sent\u00e9s \u00e0 l&rsquo;audience. Ils ont \u00e9t\u00e9 condamn\u00e9s \u00e0 deux ans     d&#8217;emprisonnement chacun, le premier pour avoir \u00ab\u00a0financ\u00e9\u00a0\u00bb le d\u00e9part de     Ghdhbane en Alg\u00e9rie, en lui pr\u00eatant la somme de 50 dinars (environ 30 euros)     et le deuxi\u00e8me pour \u00ab\u00a0tentative d&rsquo;adh\u00e9sion \u00e0 une organisation terroriste\u00a0\u00bb, a     d\u00e9clar\u00e9 Me Ben Amor \u00e0 l&rsquo;Associated Press.     \u00a0Ce jugement fait partie d&rsquo;une s\u00e9rie de proc\u00e8s similaires dans lesquels sont     impliqu\u00e9s des centaines de jeunes arr\u00eat\u00e9s en vertu de la loi anti-terroriste     vot\u00e9e par le parlement tunisien en d\u00e9cembre 2003.     \u00a0Il intervient quelque semaines apr\u00e8s les accrochages qui ont oppos\u00e9 aux     environs de Tunis les forces de s\u00e9curit\u00e9 \u00e0 un groupe arm\u00e9 qualifi\u00e9 de \u00ab\u00a0salafiste     terroriste\u00a0\u00bb, dont six membres se sont infiltr\u00e9s \u00e0 travers les fronti\u00e8res     terrestres alg\u00e9riennes, selon le ministre tunisien de l&rsquo;int\u00e9rieur, Rakik Haj     Kacem.     \u00a0Les accrochages qui avaient d\u00e9but\u00e9 le 23 d\u00e9cembre et pris fin le 3 janvier,     se sont sold\u00e9s par 12 morts et 15 arrestations du c\u00f4t\u00e9 des \u00ab\u00a0salafistes\u00a0\u00bb,     tandis que deux membres des forces de s\u00e9curit\u00e9 ont compt\u00e9 deux morts et     trois bless\u00e9s.      Associated Press<\/p>\n<div>\n<hr\/><\/div>\n<p align=\"center\"> <strong><\/p>\n<h2 style=\"color: red;\"><font size=\"3\">Tunisian court convicts man for     belonging to Algerian terror group<\/font><\/h2>\n<p><\/strong><\/p>\n<p align=\"justify\">Associated Press, le 18 janvier 2007 \u00e0 23h27     \u00a0TUNIS, Tunisia (AP) _ A 27-year-old Tunisian was convicted Thursday of     belonging to an Algerian terrorist group and sentenced to 11 years in prison,     the man&rsquo;s lawyer said.     \u00a0Zied Ghodhbane was arrested in neighboring Algeria in May, 2005. A Tunis     court found him guilty of belonging to the Salafist Group for Call and     Combat, or GSPC, his lawyer, Samir Ben Amor, said. The GSPC is the main     insurgency movement in Algeria, and has links to al-Qaida.     <strong><font>\u00a0Ghodhbane<\/font><\/strong> _ who was returned     to Tunisian custody following his arrest _ denied the charges, insisting he     had traveled to Algeria for his studies. His lawyer called interrogations by     Tunisian police \u00ab\u00a0irregular,\u00a0\u00bb alleging that Ghodhbane had been tortured in     police custody.     \u00a0The court also sentenced two other men, both Tunisian nationals, to two     years in prison in the case, Ben Amor said. One was convicted on charges     that he financed Ghodhbane&rsquo;s trip to Algeria after he gave the 27-year-oldm     50 dinars (\u20ac30, US$38). The other man was convicted for     \u00ab\u00a0attempting to join a terrorist organization,\u00a0\u00bb Ghodhbane&rsquo;s lawyer said.     \u00a0The two men were tried in absentia after they failed to show up for     proceedings.     \u00a0The trial follows two deadly clashes in past weeks between Islamist     extremists and Tunisian security forces. At least 14 people, including two     security officers, were killed in the second shootout Jan. 3 in Soliman,     some 40 kilometers (25 miles) south of the capital, Tunis. Fifteen people     were arrested.     \u00a0Last week, Tunisian Interior Minister Rafik Haj Kacem said those in the     Jan. 3 clash were \u00ab\u00a0Salafist terrorists,\u00a0\u00bb in reference to the hardline     Salafist movement among Muslim fundamentalists. Authorities had earlier     referred to the group as simply \u00ab\u00a0criminals.\u00a0\u00bb<\/p>\n<p align=\"justify\">\u00a0Associated Press<\/p>\n<div>\n<hr\/><\/div>\n<p align=\"center\"> <strong><\/p>\n<h3 style=\"color: blue;\"><font size=\"3\">Algeriens Extremisten w\u00e4hnen sich     stark<\/font><\/h3>\n<p><\/strong><\/p>\n<p align=\"center\"><strong><\/p>\n<h3 style=\"color: blue;\"><font size=\"3\">Koordination des islamistischen Terrorismus im Maghreb<\/font><\/h3>\n<p><\/strong><\/p>\n<p align=\"justify\">Die algerischen Terroristen des Groupe     salafiste pour la pr\u00e9dication et le combat operieren zunehmend     grenz\u00fcberschreitend. Der Regierung von Pr\u00e4sident Bouteflika ist es bisher     nicht gelungen, mit ihrer \u00abVers\u00f6hnungspolitik\u00bb den Terrorismus zu beseitigen.     pgp. Madrid, 17. Januar     Seit dem im Namen der Kaida ver\u00fcbten Bombenanschlag auf eine Synagoge auf     der Insel Djerba im April 2002, bei dem 14 deutsche Ferieng\u00e4ste get\u00f6tet     worden waren, hat sich Tunesien wieder als \u00absicherstes Land des Maghreb\u00bb     erfolgreich touristisch vermarktet. Diese Bem\u00fchungen haben am Jahreswechsel     einen schweren Schlag erlitten. In Gefechten mit Polizei und Milit\u00e4r am 23.     Dezember und am 3. Januar wurden in den Vororten Hammam-Lif und Soliman     s\u00fcd\u00f6stlich von <span lang=\"EN-GB\"><a> <span lang=\"DE-CH\"><font face=\"Arial\">Tunis[100]<\/font><\/span><\/a><\/span><span lang=\"DE-CH\"> <\/span>insgesamt 14 M\u00e4nner get\u00f6tet und 17 weitere festgenommen. Auch 2     Angeh\u00f6rige der Sicherheitskr\u00e4fte kamen ums Leben.<\/p>\n<p align=\"justify\"><strong>Waffen nach Tunesien geschmuggelt?<\/strong> <\/p>\n<p align=\"justify\">     Zun\u00e4chst war von offizieller Seite von einem Kampf gegen \u00abgef\u00e4hrliche     Kriminelle\u00bb die Rede gewesen. Am 12. Januar dann gab Innenminister Kacem     bekannt, es habe sich um Terroristen gehandelt. Eine Gruppe von 6 Personen &#8211;     5 Tunesier und ein Mauretanier &#8211; seien aus Algerien \u00fcber die Grenze gekommen     und h\u00e4tten Waffen ins Land geschmuggelt, um in Tunesien aktiv zu werden. Bei     ihnen seien hausgemachter Sprengstoff, Lagepl\u00e4ne ausl\u00e4ndischer Botschaften     und eine Liste mit den Namen von akkreditierten Diplomaten gefunden worden.     Anscheinend ist die Gruppe in Algerien vom Groupe salafiste pour la     pr\u00e9dication et le combat (GSPC) ausgebildet und indoktriniert worden. Der     get\u00f6tete Anf\u00fchrer der Gruppe soll laut Presseberichten ein ehemaliger     tunesischer Gendarm namens Lassad Sassi gewesen sein, der sich in Algerien     und Afghanistan aufgehalten hatte. Unter den anvisierten Botschaften sollen     sich jene der Vereinigten Staaten, Grossbritanniens und Saudiarabiens     befunden haben. Laut dem Innenminister ist die Gruppe vollst\u00e4ndig     ausgeschaltet worden.     Zur selben Zeit nahmen die marokkanischen Sicherheitskr\u00e4fte, wie am 4.     Januar von der Regierung bekanntgegeben wurde, 26 Personen fest. Diese     hatten nach offizieller Darstellung ein Netz zur Rekrutierung junger     Marokkaner f\u00fcr den Jihad im Irak gebildet und standen dem Groupe islamiste     combattant marocain (GICM) nahe. Offenbar befand sich das Zentrum der Gruppe     im Norden des Landes, vor allem in Tetuan und Umgebung, wo nach     inoffiziellen Quellen in Wirklichkeit mindestens 40 M\u00e4nner verhaftet worden     waren. Diese Gruppe hat laut dem Regierungssprecher Benabdala ideologische,     finanzielle und logistische Verbindungen zur Kaida und zum GSPC unterhalten.     Einer der Verhafteten ist der Imam Fatala Abdelila, dessen Moschee     seinerzeit auch Jamal Ahmidan besuchte, der als Anf\u00fchrer der     Terroristengruppe gilt, die im M\u00e4rz 2004 bei ihren Anschl\u00e4gen auf     Vorortsz\u00fcge in Madrid 191 Personen t\u00f6tete. 5 der T\u00e4ter von Madrid stammten     aus dem Stadtviertel Mezuak in Tetuan, das jetzt auch ein bevorzugter Ort     zur Anwerbung von Selbstmordattent\u00e4tern f\u00fcr den irakischen Terror-Schauplatz     ist. Die meisten maghrebinischen Jihad-S\u00f6ldner kommen indessen aus Algerien.     Im Dezember wurden dort 12 Personen wegen der Organisation von einschl\u00e4gigen     Reisen in den Irak zu Gef\u00e4ngnisstrafen verurteilt.     Offenkundig laufen die meisten F\u00e4den j\u00fcngerer terroristischer Ereignisse im     Maghreb bei den algerischen Extremisten zusammen. Das gilt auch f\u00fcr     Mauretanien, wo am 10. Januar GSPC-Mitglieder festgenommen wurden, die einen     Angriff auf das Rally Paris-Dakar geplant haben sollen. Im Juni 2005 hatte     der GSPC ebenfalls in Mauretanien bei einem Angriff auf eine Milit\u00e4rbasis 20     Soldaten get\u00f6tet. Im Norden Malis sollen die islamistischen Extremisten     durch die Zusammenarbeit von Tuareg, algerischen Truppen und den USA     neutralisiert worden sein.<\/p>\n<p align=\"justify\"><strong>Keine Ruhe in Algerien<\/strong><\/p>\n<p align=\"justify\">Pr\u00e4sident Bouteflikas \u00abVers\u00f6hnungspolitik\u00bb     hat den Terrorismus nicht zu beseitigen vermocht. Einerseits folgten letztes     Jahr nur wenige der im Maquis verbliebenen K\u00e4mpfer dem Aufruf, sich im     Rahmen der \u00abFriedenscharta\u00bb in die Obhut des Staates zu begeben; rund 800     GSPC-Mitglieder sollen in Algerien aktiv geblieben sein. Anderseits bewirkte     die Begnadigung von 2629 verurteilten Islamisten, dass wohl etliche \u00abEhemalige\u00bb     zu den Terroristen zur\u00fcckgekehrt sind. Nicht wenige setzten sich ausserdem     ins Ausland ab, was die Beh\u00f6rden vor allem in Frankreich und Spanien     beunruhigt hat. Die algerische Regierung tut sich schwer damit, die Namen     der Begnadigten interessierten Regierungen auszuh\u00e4ndigen.     Der Terrorismus in Algerien, der nach wie vor jeden Monat Dutzende von     Opfern fordert, ist nicht, wie die Beh\u00f6rden in den letzten Jahren glauben     machen wollten, \u00abunter Kontrolle\u00bb, das heisst auf gewisse l\u00e4ndliche Gebiete     beschr\u00e4nkt. Ende Oktober explodierten vor zwei Polizeikommissariaten der     Hauptstadt Autobomben; es gab 3 Tote. Am 10. Dezember wurde im Westen von     Algier ein Bus angegriffen, der Angestellte einer amerikanischen     Partnerfirma des staatlichen algerischen Erd\u00f6lkonzerns Sonatrach bef\u00f6rderte.     Der algerische Chauffeur und ein Libanese kamen ums Leben, 8 Personen &#8211; 4     Briten sowie je ein Amerikaner, Kanadier, Libanese und Algerier &#8211; wurden     verletzt. Jahrelang hatte es in Algerien keine Anschl\u00e4ge auf Ausl\u00e4nder mehr     gegeben.<\/p>\n<p align=\"justify\"><strong>Mit dem Segen bin Ladins<\/strong><\/p>\n<p align=\"justify\">Dass Bouteflika Ende Dezember einen     gnadenlosen Kampf bis zur endg\u00fcltigen Ausradierung des Terrorismus     ank\u00fcndigte, best\u00e4tigt nur, dass die algerischen islamistischen Extremisten     wieder Aufwind haben. Im letzten September, zum Jahrestag der Zerst\u00f6rung der     New Yorker Zwillingst\u00fcrme, erkl\u00e4rte sich der GSPC in einem Communiqu\u00e9 zum     Vasallen Usama bin Ladins &#8211; bereit, auf dessen Befehl zuzuschlagen, wo und     wann immer dieser wolle. Der stellvertretende Chef der Kaida, Ayman     az-Zawahiri, best\u00e4tigte, dass diese Allianz bin Ladins Segen habe; die     algerischen Br\u00fcder w\u00fcrden \u00abein Knochen im Hals der amerikanischen und     franz\u00f6sischen Kreuzz\u00fcgler und ihrer Verb\u00fcndeten\u00bb sein. Offensichtlich     erhofft sich der GSPC einen Prestigegewinn im Maghreb dadurch, dass er sich     als Ableger der Kaida ausgibt.     Neben Paris ist in der europ\u00e4ischen Nachbarschaft besonders Madrid \u00fcber     diese Entwicklung beunruhigt. Ein Grossteil der in Spanien inhaftierten rund     200 Islamisten wird mit den algerischen Terroristen in Verbindung gebracht.     Zu denken gibt hier nicht nur bin Ladins Traum von der Wiedereroberung des     einstigen Andalus, sondern auch, dass az-Zawahiri in einem von al-Jazira     verbreiteten Video die spanischen Exklaven in Nordafrika, Ceuta und Melilla,     zu Zielen des Jihad erkl\u00e4rt hat. Kurz zuvor hatte die Polizei in Ceuta 11     Islamisten festgenommen, die im Verdacht standen, Terroranschl\u00e4ge     vorbereitet zu haben.<\/p>\n<p align=\"justify\"><strong><font>(Source: Neue     Z\u00fcrcher Zeitung (Suisse), le 19.01.2007)<\/font><\/strong><\/p>\n<div>\n<hr\/><\/div>\n<div>\n<div align=\"center\"> <strong><\/p>\n<h3 style=\"color: blue;\"><font size=\"3\">Walid Layouni, disparu depuis 38         jours<\/font><\/h3>\n<p><\/strong><\/div>\n<div align=\"justify\"> <strong><font>\u00a0par Luiza Toscane<\/font><\/strong>                   Le 11 d\u00e9cembre dernier, Walid Layouni s\u2019est rendu \u00e0 une convocation de         la S\u00fbret\u00e9 de l\u2019Etat. La proc\u00e9dure avait \u00e9t\u00e9 r\u00e9alis\u00e9e par un simple coup         de fil. Depuis nul ne l\u2019a revu. Les d\u00e9marches de sa m\u00e8re, les demandes         de son avocat, les appels des associations ont \u00e9t\u00e9 purement et         simplement ignor\u00e9s.         C\u2019est en toute ill\u00e9galit\u00e9 que Walid Layouni est d\u00e9tenu au secret et         au-del\u00e0 du d\u00e9lai maximum de garde \u00e0 vue de six jours par la brigade de         la S\u00fbret\u00e9. Cette derni\u00e8re \u00e0 \u00ab sign\u00e9 \u00bb son forfait en se pr\u00e9sentant deux         jours plus tard, soit le 13 d\u00e9cembre, \u00e0 son domicile de la cit\u00e9 Nasr \u00e0         Tunis, et en ouvrant les meubles de Walid Layouni avec les cl\u00e9s de ce         dernier, ce qui n\u2019a pas \u00e9chapp\u00e9 \u00e0 sa famille. Pourtant, les agents de la         brigade ont assur\u00e9 ne pas le d\u00e9tenir&#8230;         Pour rappel, Walid Layouni vivait aux Emirats Arabes Unis o\u00f9 il avait         fond\u00e9 une soci\u00e9t\u00e9. Le 18 octobre 2005, il a \u00e9t\u00e9 remis aux autorit\u00e9s         tunisiennes, qui l\u2019ont lib\u00e9r\u00e9 au bout d\u2019une semaine, mais ont continu\u00e9         d\u2019exercer des pressions sur lui (1).         Il est le fr\u00e8re de Khaled Layouni, lui-m\u00eame arr\u00eat\u00e9 aux Emirats,         incarc\u00e9r\u00e9, livr\u00e9 aux autorit\u00e9s tunisiennes, et depuis lors incarc\u00e9r\u00e9 et         qui se trouve actuellement \u00e0 la prison de Sfax dans l\u2019attente de son         proc\u00e8s, \u00e9crou\u00e9 en vertu de la loi anti terroriste.         Walid Layouni \u00e9tait d\u00e9corateur ; son bureau \u00e9tait attenant \u00e0 sa maison,         ce qui a permis \u00e0 sa famille d\u2019assister \u00e0 la perquisition et aux         fouilles de la brigade de la S\u00fbret\u00e9 de l\u2019Etat.         Il est mari\u00e9 et p\u00e8re de quatre enfants : Nour : 3 ans, Emna : 2 ans,         Ahmed : 1 an et Mohammed : un mois. Son \u00e9pouse, d\u00e9courag\u00e9e, a d\u00fb         retourner vivre chez ses parents.         O\u00f9 est Walid Layouni ? A quel traitement est-il soumis ?<\/div>\n<div align=\"justify\"> <strong><font>Luiza Toscane, 17 janvier 2007<\/font><\/strong> \u00a0<\/div>\n<p align=\"justify\"><b> <span lang=\"FR\">      (1) <\/span> <span lang=\"EN-GB\"> <a><span lang=\"FR\">se reporter au communiqu\u00e9 du       Conseil National pour les Libert\u00e9s en Tunisie du 14 d\u00e9cembre 2006<\/span><\/a><\/span><\/b><\/p>\n<p align=\"justify\"> <span lang=\"FR\">\u2014\u00a0&#8211;<\/span><\/p>\n<p align=\"justify\"><b> <span lang=\"FR\">Lire aussi\u00a0:<\/span><\/b><\/p>\n<p align=\"justify\"><b> <span lang=\"EN-GB\"> <a><span lang=\"FR\">Mauvais traitements, famille       \u00e9puis\u00e9e\u00a0: Khaled Layouni exige son transfert, octobre 2006<\/span><\/a><\/span><\/b><\/p>\n<p align=\"justify\"><b> <span lang=\"EN-GB\"> <a><span lang=\"FR\">octobre 2006 Khaled Layouni       (Communiqu\u00e9 AISPP<\/span><\/a><\/span><\/b><\/p>\n<p align=\"justify\"><b> <span lang=\"EN-GB\"> <a><span lang=\"FR\">novembre 2006 TUNISIE\u00a0: Mauvais       traitements &#8211; Tortures en d\u00e9tention (ACAT)<\/span><\/a><\/span><\/b><\/p>\n<p align=\"justify\"><b> <span lang=\"EN-GB\"> <a><span lang=\"FR\">octobre 2006 Derri\u00e8re les       barreaux\u00a0: Khaled Layouni <\/span><\/a><\/span><\/b><\/p>\n<div align=\"justify\"> <strong><font>(Source : \u00ab Tunisie, R\u00e9veille \u2013 toi \u00bb, le         18 janvier 2007)<\/font><\/strong>         Lien : www.reveiltunisien.org<\/div>\n<div align=\"justify\">\n<hr\/><\/div>\n<div align=\"center\" dir=\"rtl\"> <strong><\/p>\n<h3 style=\"color: blue;\"><font size=\"3\">LETTRE OUVERTE \u00e0 Monsieur         Xinsheng Zhang         <font>Pr\u00e9sident du Conseil ex\u00e9cutif de l\u2019UNESCO<\/font> \u00a0<\/font><\/h3>\n<p><\/strong><\/div>\n<div align=\"center\" dir=\"rtl\">        \u00a0<\/div>\n<div align=\"justify\" dir=\"ltr\"> <strong><font>LETTRE OUVERTE         \u00e0 Monsieur Xinsheng Zhang         Pr\u00e9sident du Conseil ex\u00e9cutif de l\u2019UNESCO<\/font><\/strong><\/div>\n<div align=\"justify\">                 Le 17 janvier 2007         Monsieur le Pr\u00e9sident         Permettez-moi avant tout de vous souhaiter une bonne ann\u00e9e 2007.<\/div>\n<div align=\"justify\">                 J\u2019aimerais aussi souhaiter une bonne ann\u00e9e 2007 \u00e0 tous les boursiers,         mais&#8230;. il y a un \u00ab\u00a0mais\u00a0\u00bb :         Lors de deux courriers, le premier dat\u00e9 du 25 octobre 2006 et le second         du 17 novembre 2006, je vous ai fait part de ma consternation de voir         mes filles Yasmine et Mariam priv\u00e9es de leur bourses d\u2019\u00e9tudes. Ma lettre         est malheureusement rest\u00e9e sans r\u00e9ponse et mes filles n\u2019ont pas obtenu         gain de cause.         J\u2019ai alors rendu publique leur situation par deux articles publi\u00e9s sur         Internet, le premier intitul\u00e9 \u00ab\u00a0L\u2019un h\u00e9rite, l\u2019autre pas\u00a0\u00bb du 13 d\u00e9cembre         2006 et le second intitul\u00e9 \u00ab\u00a0Des bourses pour les \u00e9tudiants, oui, mais         lesquels ?\u00a0\u00bb en date du 4 janvier 2007.<\/div>\n<div align=\"justify\">                 J\u2019expliquai que mes filles, respectivement \u00e9tudiante en premi\u00e8re ann\u00e9e         de l\u2019Institut des Beaux-Arts \u00e0 Tunis, et \u00e9tudiante en premi\u00e8re ann\u00e9e \u00e0         l\u2019Institut sup\u00e9rieur des sciences et techniques des eaux \u00e0 Gab\u00e8s,         \u00e9taient priv\u00e9es de bourses, car filles d\u2019un opposant politique r\u00e9fugi\u00e9         en France, \u00e0 savoir moi-m\u00eame.         J\u2019esp\u00e8re que l\u2019ann\u00e9e 2007 verra la r\u00e9solution de ce probl\u00e8me qui touche         mes filles et nombre d\u2019\u00e9tudiants, fils ou filles d\u2019opposants politiques         en Tunisie. Recevez, monsieur le Pr\u00e9sident, mes salutations         respectueuses.<\/div>\n<div align=\"justify\"> <strong><font>Belgacem M\u2019SADDEK, r\u00e9fugi\u00e9 en France         \u2014 &#8211;<\/font><\/strong>         Lire aussi : \u00a0<\/div>\n<p align=\"justify\"> <span lang=\"EN-GB\"><a> <span lang=\"FR\"><font>L\u2019un h\u00e9rite, l\u2019autre pas<\/font><\/span><\/a><\/span><\/p>\n<p align=\"justify\"> <span lang=\"EN-GB\"><a> <span lang=\"FR\"><font>Des bourses pour les \u00e9tudiants, oui,       mais lesquels\u00a0?<\/font><\/span><\/a><\/span><\/p>\n<p align=\"justify\"> <strong><font>(Source : \u00ab Tunisie, R\u00e9veille \u2013 toi \u00bb, le 18       janvier 2007)<\/font><\/strong>       Lien : <a href=\"javascript:ol('http:\/\/www.reveiltunisien.org');\">      www.reveiltunisien.org<\/a> \u00a0<\/p>\n<\/div>\n<div>\n<hr\/><\/div>\n<div>\n<p align=\"center\"><font><strong>TUNISIE &#8211; DROITS DE       L\u2019HOMME &#8211; UNION EUROPEENNE (UE\/EU)       <\/strong><\/font><strong><\/p>\n<h3 style=\"color: blue;\"><font size=\"3\">Lettre ouverte \u00e0       Hans-Gert Poettering<\/font><\/h3>\n<p><font>Pr\u00e9sident du Parlement europ\u00e9en \u00e0 Starsbourg<\/font><\/strong> <\/p>\n<p align=\"justify\">       par      <a href=\"http:\/\/by19fd.bay19.hotmail.msn.com\/cgi-bin\/compose?mailto=1&amp;msg=MSG1169222788.3&amp;start=2444969&amp;len=412679&amp;src=&amp;type=x&amp;to=boris.godounov2@caramail.com&amp;cc=&amp;bcc=&amp;subject=&amp;body=&amp;curmbox=F000000001&amp;a=8cde657c871d1b8fd1af3f92281050b270be1f90085ccb4d805f953b6b4ee634\" target=\"_blank\" rel=\"noopener\"> <span><strong><font face=\"Arial\">tsar boris<\/font><\/strong><\/span><\/a><strong><font face=\"Arial\"> <\/font><\/strong>              DE : Boris Godounov (*)       Boris.godounov2@caramail.com       A : Hans-Gert Poettering       Pr\u00e9sident du Parlement europ\u00e9en \u00e0 Starsbourg              Bromuropolis, le 18 janvier 2007       <strong><font>Objet : EUROPAEISCHE MENSCHENRECHTPOLITIK (traduction       : politique europ\u00e9enne des droits de l\u2019homme)       <\/font><\/strong>       Cher Hans-Gert,       Comme Human Right Watch et tant d\u2019autres organisations de citoyens,       j\u2019attire votre attention sur<strong> la situation catastrophique des       droits de l\u2019homme en Tunisie. \u00a0<\/strong><\/p>\n<p align=\"justify\">En effet, l\u2019absence totale de libert\u00e9s et       de droits politiques dans ce pays (il n\u2019y a pas de libert\u00e9 d\u2019expression en       Tunisie \u00e0 cause de la censure de l\u2019\u00e9tat), l\u2019absence totale d\u2019ind\u00e9pendance       de la Justice et le fait que la r\u00e9pression s\u2019est \u00e9tendue rapidement \u00e0 tous       les citoyens (les d\u00e9fenseurs des droits de l\u2019homme, les d\u00e9mocrates, les       jeunes : les lyc\u00e9ens, les dipl\u00f4m\u00e9s ch\u00f4meurs, etc.), les conditions de       d\u00e9tention inhumaines dans les prisons-camps de concentration, les       assassinats politiques ou les \u201claisser mourir sous\/(des suites de) la       torture\u201d d\u2019opposants (Ali Saidi, Zouhair Yahyaoui, etc.) font que la vie       paisible et d\u00e9mocratique dans ce pays est devenue impossible.<\/p>\n<p align=\"justify\">UND DAS KOENNEN WIR NICHT AKZEPTIEREN !<\/p>\n<p align=\"justify\">       Avec le pouvoir d\u2019un seul, la Tunisie est dans la m\u00eame situation que       l\u2019Allemagne des ann\u00e9es 1930. \u00a0<\/p>\n<p align=\"justify\">Les cons\u00e9quences du despotisme en Tunisie       sont d\u00e9sastreuses, aussi bien pour le pays en lui-m\u00eame que pour toute la       r\u00e9gion (que les am\u00e9ricains appellent MENA, mais nous savons tous que       l\u2019Afrique du Nord est tr\u00e8s proche du Sud de l\u2019Europe). En janvier 2007, la       Tunisie a connu des sc\u00e8nes de guerre civile atroces : on ne sait rien de       plus car l\u2019information ne passe pas. Pourquoi un r\u00e9gime qui ment toujours       nous dirait-il cette fois la v\u00e9rit\u00e9 ? Nous avons fait l\u2019exp\u00e9rience que le       pr\u00e9sident de la R\u00e9publique tunisienne nous a toujours menti jusqu\u2019\u00e0       pr\u00e9sent. Il nous a promi la d\u00e9mocratie et le Changement : nous attendons       toujours. Au lieu de faire des progr\u00e8s nous n\u2019avons eu que la dictature et       la r\u00e9pression. Cela suffit !       Nous attendons de vous-m\u00eame ainsi que de tous les parlementaires europ\u00e9ens       la mise en place effective d\u2019une politique europ\u00e9enne commune des droits       de l\u2019homme. \u00a0<\/p>\n<p align=\"justify\">Nous exigeons de tous les Etats de l\u2019Union       Europ\u00e9enne la r\u00e9alisation dans la r\u00e9alit\u00e9 des voeux citoyens suivants :       1) L\u2019application \u00e0 la lettre de la clause n.2 du trait\u00e9 de Barcelone       relative aux droits de l\u2019homme.       A d\u00e9faut, nous demandons des sanctions \u00e9conomiques imm\u00e9diates contre la       Tunisie :       \u00a0 Le blocus total du pays pour les marchandises, les hommes et les       capitaux.       \u00a0 L\u2019envoi d\u2019une force arm\u00e9e charg\u00e9e de r\u00e9tablir la d\u00e9mocratie en Tunisie.       \u00a0 Le d\u00e9part imm\u00e9diat et sans conditions du pr\u00e9sident Ben Ali (pour l\u2019exil       en attendant le proc\u00e8s)       \u00a0 Le renvoi imm\u00e9diat de tous les diplomates tunisiens, ainsi que tous les       policiers ou agents plus ou moins secrets tunisiens, chefs de gangs ou       trafiquants arm\u00e9s en poste \u00e0 l\u2019\u00e9tranger, ayant un casier judiciaire charg\u00e9       en Tunisie ou ailleurs. Il est inconcevable que l\u2019Europe accorde       l\u2019immunit\u00e9 diplomatique \u00e0 des tortionnaires.       2) L\u2019arr\u00eat imm\u00e9diat et sans condition de la torture en Tunisie.       3) La r\u00e9vision g\u00e9n\u00e9rale de tous les proc\u00e8s politiques truqu\u00e9s de ces vingt       derni\u00e8res ann\u00e9es et la r\u00e9habilitation de toutes les victimes du r\u00e9gime (dont       la liste suivra).       3) L\u2019arrestation et le jugement du dictateur Zine El Abidine Ben Ali (l\u2019ami       de Saddam Hussein) et de tous les tortionnaires tunisiens et autres       criminels contre l\u2019humanit\u00e9.       La seule chose de bien que les am\u00e9ricains ont fait en Iraq est d\u2019avoir       arr\u00eat\u00e9 le dictateur en exercice : vous devez savoir que nous sommes       majoritairement contre la peine de mort en Tunisie, c\u2019est pourquoi nous       pr\u00e9f\u00e9rons une peine de prison ferme suivie de l\u2019exil \u00e0 l\u2019issue du proc\u00e8s.       4) La fermeture de toutes les prisons-camps de concentration et autres       bagnes ou centres de torture (m\u00eame dans des villas) de Tunisie.       5) La condamnation de la France ou plut\u00f4t de l\u2019Etat du m\u00eame nom, qui a       soutenu pendant des ann\u00e9es l\u2019Etat voyou de Tunisie (la Tunisie est un       \u201crogue state\u201d, notez bien). Sachez que les dictateurs b\u00e9nins, cela       n\u2019existe pas ! Nous n\u2019acceptons plus d\u00e9sormais aucune pratique       dictatoriale dans un pays, du moment que cela ne se sait pas \u00e0 l\u2019\u00e9tranger.       Nous vivions \u00e0 l\u2019Ere de l\u2019information. Ces pratiques risquent \u00e0 court et       moyen terme de d\u00e9stabiliser toute la r\u00e9gion. N\u2019attendez pas l\u2019\u00e9mergence       des formes extr\u00eames de protestations pour r\u00e9agir.       Les pays partenaires de l\u2019Union Europ\u00e9enne doivent avoir les m\u00eames valeurs       et surtout les mettre en pratique dans la r\u00e9alit\u00e9. L\u2019Europe ne finance pas       la formation des policiers tunisiens pour qu\u2019ils pratiquent la torture       dans les commissariats en Tunisie. L\u2019Europe ne veut pas des armes \u00e0 des       dictateurs pour qu\u2019ils s\u2019en servent contre leur peuple. La France n\u2019est       pas l\u2019annexe des salles de torture de Tunisie.       Comme disait la semaine derni\u00e8re Mr Abdelaziz Ben Dhia, \u201cLe pr\u00e9sident Ben       Ali est trop vieux pour gouverner. Nous voulons le Changement et nous       n\u2019allons pas attendre le 7 novembre pour le r\u00e9aliser\u201d. Il est temps pour       le g\u00e9n\u00e9ral Ben Ali (un putchiste f\u00e9lon qui a trahi et renvers\u00e9 feu Habib       Bourguiba) de partir \u00e0 la retraite.       Dans notre r\u00e9gime de parti unique \u00e0 \u00e9conomie dirig\u00e9e, le R\u00e9sident g\u00e9n\u00e9ral       Ben Ali est dans la m\u00eame situation que le bavarois Stoibers : il doit       quitter le pouvoir dans l\u2019int\u00e9r\u00eat de tous.       Attendez-vous donc en Tunisie tr\u00e8s prochainement \u00e0 un Changement qui ira       dans le sens des r\u00e9formes en Europe.       Si vous voulez toucher les citoyens, \u00e9coutez-les et trouvez une solution \u00e0       leurs probl\u00e8mes les plus graves et les plus urgents. Lib\u00e9rez la Tunisie du       joug du despotisme ! \u00a0<\/p>\n<p align=\"justify\">m. f. G.       <strong><font>Boris Godounov<\/font><\/strong> <strong>(*) Sur la personne de tsar boris :       Citoyen du monde. D\u00e9fenseur des droits de l\u2019homme en Tunisie. Depuis 1998.       10 ans de diff\u00e9rence font de l\u2019exp\u00e9rience.       <\/strong> <a href=\"http:\/\/by119fd.bay119.hotmail.msn.com\/cgi-bin\/compose?mailto=1&amp;msg=D290DBE2-228E-4AD3-92FA-C6392F4BFA93&amp;start=0&amp;len=402707&amp;src=&amp;type=x&amp;to=boris.godounov2@caramail.com&amp;cc=&amp;bcc=&amp;subject=&amp;body=&amp;curmbox=00000000-0000-0000-0000-000000000001&amp;a=f6f72d2b81336d8cc84602aaf64fa9632331c788f9f903596af60b8a728df3a2\" target=\"_blank\" rel=\"noopener\">      boris.godounov2@caramail.com<\/a><\/p>\n<p align=\"justify\"> <font>PS : Nous souhaitons que l\u2019Europe prenne       politiquement position contre la culture de la d\u00e9lation en Tunisie.       Et que l\u2019Europe demande officiellement au tortionnaire et assassin Zine El       Abidine Ben Ali d\u2019effectuer une enqu\u00eate sur le double meurtre d\u2019Ali Saidi       (physique et moral) auquel il a directement particip\u00e9 personnellement.       Nous demandons aux membres du comit\u00e9 central du RCD d\u2019avoir la gentillesse       de bien vouloir r\u00e9int\u00e9grer dans ses qualit\u00e9s de membre d\u2019honneur Mme Neila       Charchour Hachicha alias NCH.       Autre chose : Pourquoi une fois arriv\u00e9 au pouvoir, la premi\u00e8re chose que       le r\u00e9sident g\u00e9n\u00e9nal Zine El Abidine Ben Ali a r\u00e9alis\u00e9 est de faire       dispara\u00eetre son dossier scolaire personnel ? Et pourquoi des tunisiens       intelligents et cultiv\u00e9s se laissent-ils commander par un cancre ? Oui,       Ben Ali n\u2019a pas le bac : mais une chaire \u00e0 l\u2019universit\u00e9 de Tunis porte       tout de m\u00eame son nom ! Et on a lui a donn\u00e9 tous les honneurs possibles et       autres hochets pr\u00e9sidentiels&#8230;       Un autre analphab\u00e8te au pouvoir, c\u2019\u00e9tait Saddam Hussein. Feu Hassan 2       n\u2019avait pas fait lui non plus de bonnes \u00e9tudes&#8230; Quelle mal\u00e9diction dans       les pays du Tiers-Monde d\u2019avoir des cons \u00e0 la t\u00eate de l\u2019\u00e9tat ! L\u201dEurope       devrait faire quelque chose&#8230;<\/font><\/p>\n<p align=\"justify\"><strong><font>(Source : \u00ab       Tunisie, R\u00e9veille \u2013 toi \u00bb, le 18 janvier 2007)<\/font><\/strong>       Lien : www.reveiltunisien.org<\/p>\n<\/div>\n<div>\n<hr\/><\/div>\n<div align=\"center\"> <strong><\/p>\n<h3 style=\"color: blue;\"><font size=\"3\">D\u2019o\u00f9 vient le budget colossal du       RCD en Tunisie ?<\/font><\/h3>\n<p><\/strong><\/div>\n<p align=\"justify\"><strong><font>Post\u00e9 sur les     forums de reveiltunisien.org<\/font><\/strong>  \u00a0<\/p>\n<p align=\"justify\">Apr\u00e8s l\u2019ind\u00e9pendance Bourguiba a fait du psd,     parti unique, son cheval de bataille et il lui a donn\u00e9 carte blanche dans le     pays pour s\u2019infiltrer partout et de mettre la main sur toutes les     institutions du pays. C\u2019est la plus grosse administration de l\u2019\u00e9tat plus     forte que l\u2019arm\u00e9e et l\u2019\u00e9quivalent du parti vermarcht germanique \u00e0 l\u2019\u00e9poque     de Hitler.     Ainsi pour rendre service \u00e0 Bourguiba le parti offre \u00e0 Bourguiba la     pr\u00e9sidence \u00e0 vie et lui donne tous les pouvoirs en main jusqu\u2019\u00e0 citer les     tunisiens de poignet de poussi\u00e8re. Pour profiter des postes et du g\u00e2teau, il     faut \u00eatre militant (contre les moustiques) du psd m\u00eame par mensonge ou faire     semblant, le seul qui mijote tout est bel et bien le parti. \u00a0<\/p>\n<p align=\"justify\">Ce parti-\u00e9tat-despotique est la source de     toutes les catastrophes en Tunisie. Lui qui a \u00e9cras\u00e9 la petite opposition,     qui a \u00e9touff\u00e9 les \u00e9tudiants, qui a tu\u00e9 le syndicat UGTT, qui a fauss\u00e9 les     donn\u00e9es \u00e9conomiques, qui a chambard\u00e9 le pays par l\u2019instauration en 1969 du     syst\u00e8me communiste des coop\u00e9ratives et a fait faillite au bled, dont le plus     grave est de mener Bourguiba le malade en bateau par des mensonges et des     bavures de tout genres et la Tunisie \u00e9tait au bout du gouffre jusqu\u2019\u00e0     1987ann\u00e9e du renversement. \u00a0<\/p>\n<p align=\"justify\">Le psd devient rcd, les vestes se retournent     et le langage change, une nouvelle technique de rapprochement du nouveau     cercle, ces m\u00eames conards qui ont fabriqu\u00e9 des slogans pour Bourguiba : le     zaim, le combattant supr\u00eame, le leader, le p\u00e8re de la nation, le lib\u00e9rateur,     le cr\u00e9ateur de l\u2019ind\u00e9pendance etc. Ce sont les m\u00eames qui trouvent des     nouveaux slogans pour ben ali : le sauveur de la Tunisie, le cr\u00e9ateur du     changement, le 7 nov moubarek, l\u2019avant-gardiste etc.     Qui sont ces parasites qui collent partout et qui manipulent la politique et     la masse ? Et bien la majorit\u00e9 des maquisards se trouvent dans la maison du     parti dar el hezb qui \u00e9tait \u00e0 la casbah fief de tous les mouchards et les     bas niveaux de la bassesse de la racaille ramass\u00e9s \u00e0 travers le pays pour     jouer ce r\u00f4le d\u2019inventeurs de slogans. Tous les tunisiens se rappellent de     l\u2019artisanat de l\u2019avenue mohamed 5 \u00e0 Tunis o\u00f9 le citoyen pouvait aller se     promener et acheter des articles \u00e0 bas prix, le parking tr\u00e8s utile pour les     visiteurs et le palais des congr\u00e8s b\u00e2ti \u00e0 l\u2019\u00e9poque de Bourguiba et qui     servait \u00e0 tous, au peuple pour des f\u00eates, des expositions, des mariages, des     r\u00e9unions, m\u00eame pour les soir\u00e9es d\u2019\u00e9tudiants. Ce local est rafl\u00e9 par l\u2019\u00e9tat     et r\u00e9serv\u00e9 \u00e0 une certaine \u00e9lite du gouvernement, ferm\u00e9 dix mois sur douze     plus personne ne touche et pas d\u2019explications svp. \u00a0<\/p>\n<p align=\"justify\">Par quel moyen et comment du jour au     lendemain on confisque au nom du pouvoir quelque chose qui appartient au     citoyen tunisien sans demander son avis ? C\u2019est l\u2019h\u00e9g\u00e9monie. Ce n\u2019est pas     fini l\u2019artisanat est d\u00e9truite, le parking est confisqu\u00e9 devant les yeux de     tous le monde et on battit LE SIEGE DE L\u2019ONU pardon le fief du rcd entre     temps et \u00e0 travers tout Tunis des associations des partis d\u2019oppositions, des     administrations, des conseil ordinaux, des cliniques, des \u00e9coles ne trouvent     pas m\u00eame un m\u00e8tre carr\u00e9 pour s\u2019installer. Comment expliquer cet immeuble     classe de 18 \u00e9tages tout en verre fum\u00e9 et avec tout le confort inimaginable     qui sort de terre en quelques mois et devient le si\u00e8ge du rcd pour un co\u00fbt     de 40 milliards ?!!! Peut \u00eatre plus face aux zones d\u2019ombres qui ont besoin     du 2626 pour survivre quelle contradiction !!!     Des centaines de personnes travaillent en permanence dans ce si\u00e8ge m\u00eame, des     cadres de haut niveaux que font ils au juste ? eh bien c\u2019est eux qui     \u00e9crivent les draps, choisissent les portraits du chef, inventent des     slogans, mijotent et concoctent les discours, choisissent les mots, le bla     bla ,surveillent le peuple, la radio, pr\u00e9parent le journal tv, les     informations, t\u00e9l\u00e9phonent partout, envoient des courriers de pub, des salams     alik etc.     Le si\u00e8ge rcd n\u00e9cessite \u00e0 lui seul 500 millions par mois de frais de salaires     d\u2019entretiens, de t\u00e9l\u00e9phones de cuisine, caf\u00e9s, r\u00e9ceptions, accessoires,     chauffages ,climatisations etc et le ballet des voitures de fonctions et le     va et vient quotidien \u00e0 quoi ca sert ?!! Par gouvernerat un comit\u00e9 de     coordination \u00e0 petite \u00e9chelle avec un secr\u00e9taire g\u00e9n\u00e9ral, l\u2019\u00e9quivalent de     poste de ministre, voiture de fonction, grand bureau avec toutes les     commodit\u00e9s pour vendre du vent et brasser de l\u2019air. Il faut compter     50millions de frais une cellule du rcd par quartier et par d\u00e9l\u00e9gation     jusqu\u2019\u00e0 la chobaa au fin fond de la campagne et tout cela avec des frais     d\u2019eau, d\u2019\u00e9lectricit\u00e9. Il y a un ra\u00efss de chobaa qui m\u2019a dit qu\u2019un robinet     est rest\u00e9e avec une fuite d\u2019eau dix ans sans r\u00e9parations et toutes les     lejnas illumin\u00e9s toute la nuit, avec des millions du contribuable tunisien     on paye. \u00a0<\/p>\n<p align=\"justify\">Le rcd poss\u00e8de aussi des centaines de bureau     \u00e0 l\u2019\u00e9tranger dont on paye les frais avec des devises et la sueur du peuple,     les journaux distribu\u00e9s gratuitement, tel le renouveau, il faut voir les     frais des journalistes qui travaillent, le prix du papier de l\u2019impression.     Juste regardez le modeste si\u00e8ge du parti socialiste fran\u00e7ais, de l\u2019ump, ou     autre parti \u00e0 travers le monde. Devant le d\u00e9ficit du cnrps de 26 milliards     annonc\u00e9s par des quotidiens tunisiens et devant l\u2019appauvrissement de la     population devant le ch\u00f4mage, le manque de moyen au pays pour avancer et se     d\u00e9velopper.     Vous n\u2019avez pas honte de jeter l\u2019argent du peuple par les fen\u00eatres en vous     montrant au congr\u00e8s du rcd avec ses milliers de voitures de fonctions qui     d\u00e9barquent de tout le pays, m\u00eame de l\u2019\u00e9tranger, et vous dites qu\u2019il faut du     2626 car il y a encore des r\u00e9gions pauvres et des familles pauvres,     maintenant des faubourg en ville pauvres, vous n\u2019avez pas honte de couler le     pays, de d\u00e9truire sa richesse limit\u00e9e ? Et dire que le budget de la ville de     Tunis, de 52 milliards seulement, est insuffisant pour une si grande ville \u00e0     milles probl\u00e8mes devant le budget de la pr\u00e9sidence de 56 milliards ? Cela me     d\u00e9passe et devant le budget du rcd non d\u00e9clar\u00e9 et non vot\u00e9 de 500 milliards     d\u2019o\u00f9 vient l\u2019argent et o\u00f9 vat-il ? c\u2019est bien l\u2019argent du tunisien qui le     r\u00e9clame ? \u00a0<\/p>\n<p align=\"justify\"><strong><font>(Source : \u00ab     Tunisie, R\u00e9veille \u2013 toi \u00bb, le 18 janvier 2007)<\/font><\/strong>     Lien : www.reveiltunisien.org<\/p>\n<div>\n<hr\/><\/div>\n<p> <font face=\"Arial\"> <\/p>\n<div align=\"center\">\n<h3 style=\"color: blue;\"><font><strong>Norway moves embassy to Algeria<\/strong><\/font><\/h3>\n<\/div>\n<p> <\/font><font face=\"Arial\" size=\"2\"> <\/p>\n<div align=\"justify\">             Norway&rsquo;s embassy in Tunisia will be moved to Algeria following a request       from Statoil, which has invested NOK billions in Algeria the past few       years.       \/ np       \u00a019.01.2007 07:39       This is reported by the newspaper Dagens Naeringsliv.        Undersecretary of State at the Foreign Office, Sven Svedman says the       embassy move has been planned for some time.        &#8211; We have economic interests in oil and gas, particularly in Algeria and       Libya. Statoil is an important part of this, Svedman says.        (NRK)        <font>Rolleiv Solholm<\/font>       \u00a0       <b><font>(Source : \u00ab The Norway Post (Norv\u00e9ge), le 19       janvier 2007)<\/font> <\/b><font>Lien :      <a href=\"javascript:ol('http:\/\/www.norwaypost.no\/cgi-bin\/norwaypost\/imaker?id%3d41891');\">      http:\/\/www.norwaypost.no\/cgi-bin\/norwaypost\/imaker?id=41891<\/a><\/font><\/div>\n<div align=\"justify\">      \u00a0<\/div>\n<div align=\"justify\"> <font><\/font>\u00a0<\/div>\n<div align=\"justify\"> <font><\/p>\n<hr\/>\n<p><\/font> <\/div>\n<div align=\"center\"> <font><strong><\/p>\n<h3 style=\"color: blue;\"><font size=\"3\">\u00abC&rsquo;est un       d\u00e9sastre que les politiciens qui l&rsquo;ont enfant\u00e9e refusent d&rsquo;admettre\u00bb<\/font><\/h3>\n<p><\/strong><\/font><\/div>\n<p align=\"justify\"> <font><strong>Philippe Grangereau, washington     <\/strong><\/font>Le professeur Mark Denbeaux et son fils Josuah, tous deux     avocats \u00e0 Newark, ont pris en 2005 la d\u00e9fense de deux <strong> <font>\u00abcombattants ill\u00e9gaux\u00bb tunisiens[50] d\u00e9tenus \u00e0     Guantanamo: Rafik al-Hami et Mohammed Rahman<\/font><\/strong>. \u00abIls ont \u00e9t\u00e9     transf\u00e9r\u00e9s \u00e0 Guantanamo probablement \u00e0 la fin de l&rsquo;ann\u00e9e 2002. Mais ils n&rsquo;en     sont pas s\u00fbrs car il est impossible \u00e0 quelqu&rsquo;un plac\u00e9 en isolement d&rsquo;avoir     la notion du temps\u00bb, expliquent-ils. Ils ne peuvent pas parler \u00e0 leurs     clients au t\u00e9l\u00e9phone, mais ils leur ont rendu visite en ao\u00fbt 2005 et en juin     2006.<\/p>\n<p align=\"justify\">     \u00abLa premi\u00e8re fois que nous les avons vus, l&rsquo;un comme l&rsquo;autre \u00e9taient     encha\u00een\u00e9s au sol de la pi\u00e8ce destin\u00e9e aux entretiens. C&rsquo;\u00e9tait path\u00e9tique.     Une cam\u00e9ra filmait notre conversation. Les gardes nous ont assur\u00e9 qu&rsquo;ils     n&rsquo;enregistraient pas le son, mais cela reste \u00e0 d\u00e9montrer.\u00bb \u00abNous savons peu     de chose sur eux. Nos clients ne nous font pas confiance. C&rsquo;est dur de leur     parler. Il est presque impossible de les convaincre que nous allons les     aider en agissant contre notre gouvernement.\u00bb           <strong><font>\u00abJ&rsquo;ai r\u00e9ussi \u00e0 le faire rire en lui racontant     le mensonge d\u00e9bile d&rsquo;un lieutenant\u00bb<\/font><\/strong><\/p>\n<p align=\"justify\">     Mohammed Rahman, selon ses avocats, a \u00e9t\u00e9 vendu \u00e0 l&rsquo;arm\u00e9e am\u00e9ricaine (qui     offrait des r\u00e9compenses) \u00abpar une sorte de seigneur de guerre pakistanais\u00bb.     Il a des probl\u00e8mes cardiaques qui, selon ses d\u00e9fenseurs, ne sont pas soign\u00e9s.     Il a \u00e9t\u00e9 d\u00e9clar\u00e9 \u00abennemi combattant\u00bb car il aurait \u00e9t\u00e9 en contact avec une     personne \u00abterroriste\u00bb ou \u00abqui devrait \u00eatre consid\u00e9r\u00e9e comme un combattant     ennemi\u00bb, selon les autorit\u00e9s. \u00abLe gouvernement est convaincu que Rahman     n&rsquo;est pas un combattant ennemi, mais il le garde parce qu&rsquo;il ne sait pas     quoi faire de lui\u00bb, affirme Josuah Denbeaux. Rahman refuse d&rsquo;\u00eatre rapatri\u00e9     en Tunisie[25]. \u00abC&rsquo;est un homme bris\u00e9, qui a perdu tout espoir. La premi\u00e8re     fois que nous l&rsquo;avons vu, il \u00e9tait content. M\u00eame s&rsquo;il nous consid\u00e9rait sans     doute comme des interrogateurs, la conversation que nous avons eue avec lui     rompait avec la routine hideuse de sa d\u00e9tention. J&rsquo;ai r\u00e9ussi \u00e0 le faire rire     en lui rapportant la mise en garde que je venais de recevoir d&rsquo;un lieutenant.     Celui-ci m&rsquo;avait affirm\u00e9 qu&rsquo;il \u00e9tait courant de voir les prisonniers jeter     leurs excr\u00e9ments \u00e0 la face de leurs interlocuteurs. Ce mensonge \u00e9tait si     d\u00e9bile qu&rsquo;il a \u00e9clat\u00e9 de rire. Mais lors de notre derni\u00e8re visite, en juin     2006, Rahman ne nous regardait pas et ne voulait pas parler.\u00bb           <strong><font>Des bourreaux inconnus<\/font><\/strong>          Rafik al-Hami \u00e9tait, quant \u00e0 lui, d\u00e9tenu dans une prison en Iran, avant     d&rsquo;\u00eatre livr\u00e9 par T\u00e9h\u00e9ran aux autorit\u00e9s am\u00e9ricaines, sans doute en 2001. Il     aurait \u00e9t\u00e9 d\u00e9tenu \u00e0 Kaboul pendant un an. \u00abIl dit avoir \u00e9t\u00e9 tortur\u00e9 alors     qu&rsquo;il \u00e9tait d\u00e9tenu en Afghanistan, mais il ne sait pas s&rsquo;il s&rsquo;agissait de la     CIA, de militaires am\u00e9ricains, d&#8217;employ\u00e9s de compagnies priv\u00e9es employ\u00e9s par     l&rsquo;US Army ou d&rsquo;Afghans, rapporte Mark Denbeaux. Le gouvernement l&rsquo;accuse     d&rsquo;une seule chose, d&rsquo;avoir \u00e9t\u00e9 dans un camp d&rsquo;entra\u00eenement militaire en     Afghanistan sous le r\u00e9gime taliban. Mais cela ne fait pas de lui un     terroriste. Et comment le gouvernement a-t-il obtenu cette information? Qui     ont-ils tortur\u00e9 pour obtenir cette information, peut-\u00eatre fausse?\u00bb          \u00abBien s\u00fbr, ni l&rsquo;un ni l&rsquo;autre ne seront jug\u00e9s. Le gouvernement n&rsquo;a tout     simplement pas la moindre preuve contre eux\u00bb, estime Josuah Denbeaux. \u00abNous     allons finir par gagner, pense Mark Denbeaux, et j&rsquo;esp\u00e8re que mes clients     vivront jusqu&rsquo;au jour o\u00f9 ils se verront restituer leurs pleins droits. Les     choses avancent lentement et ils sont tr\u00e8s d\u00e9courag\u00e9s. Il est difficile de     les convaincre qu&rsquo;il y a un espoir, au bout de cinq ann\u00e9es de d\u00e9tention et     sans promesse du gouvernement qu&rsquo;ils seront jug\u00e9s un jour.\u00bb           <strong><font>Recours civil impossible<\/font><\/strong>          La d\u00e9fense de leurs deux clients est devenue plus symbolique que r\u00e9elle     depuis qu&rsquo;une loi adopt\u00e9e par le Congr\u00e8s am\u00e9ricain, le 28 septembre,     interdit aux \u00abcombattants ill\u00e9gaux\u00bb tout recours devant des tribunaux     civils. Ceux-ci ne peuvent \u00eatre jug\u00e9s que par des tribunaux militaires     sp\u00e9ciaux, avec l&rsquo;assistance d&rsquo;un avocat militaire et, s&rsquo;ils le souhaitent,     d&rsquo;un avocat conseiller priv\u00e9.           A l&rsquo;instar des autres avocats am\u00e9ricains qui repr\u00e9sentent quelque 300     d\u00e9tenus de Guantanamo, Mark et Josuah Denbeaux ont fait appel de cette     d\u00e9cision devant un tribunal du district de Columbia, et la Cour supr\u00eame sera     sans doute amen\u00e9e \u00e0 statuer. Guantanamo, pour ces deux militants du droit,     \u00abest un d\u00e9sastre politique enfant\u00e9 par nos politiciens, qui ont fait de     terribles erreurs et se refusent \u00e0 l&rsquo;admettre\u00bb. <\/p>\n<p align=\"justify\"><font><strong>Commentaire<\/strong> <\/font><strong><font>Legs empoisonn\u00e9     <\/font><font>pascal baeriswyl<\/font><\/strong> \u00a0<\/p>\n<p align=\"justify\">Cr\u00e9\u00e9e \u00e0 la h\u00e2te, suite au traumatisme du 11     septembre 2001, la prison de Guantanamo en porte tous les stigmates:     pr\u00e9cipitation, recul de l&rsquo;Etat de droit, fuite en avant. Prise sous le feu     de critiques permanentes, elle est le pendant \u00abjudiciaire\u00bb de l&rsquo;enlisement     am\u00e9ricain en Irak. Mais surtout, le symbole de la d\u00e9rive id\u00e9ologique, hors     des normes internationales, de l&rsquo;administration Bush.     Psychologiquement, pourtant, Guantanamo a quelque chose de rassurant, en     particulier aux Etats-Unis. Cette prison visualise, de fa\u00e7on \u00absoft\u00bb car     hypercontr\u00f4l\u00e9e, le sort qui attend les pr\u00e9sum\u00e9s terroristes. Et cela, m\u00eame     si les cas de suicide, de torture et autres traitements d\u00e9gradants sont     r\u00e9guli\u00e8rement r\u00e9v\u00e9l\u00e9s par des rapports officiels.          \u00abLe probl\u00e8me avec Guantanamo\u00bb, disait en octobre dernier le tr\u00e8s     conservateur juge \u00e0 la Cour supr\u00eame Antonin Scalia, \u00abce n&rsquo;est pas le fait     que des gens captur\u00e9s sur le champ de bataille soient d\u00e9tenus sans proc\u00e8s,     mais c&rsquo;est qu&rsquo;il n&rsquo;y a peut-\u00eatre pas de fin \u00e0 cette guerre&#8230;\u00bb Aveu navrant     et r\u00e9v\u00e9lateur. Derri\u00e8re l&rsquo;impasse \u00e0 la fois politique et juridique que     constitue Guantanamo, c&rsquo;est toute la strat\u00e9gie de la \u00abguerre au terrorisme\u00bb     qui est dramatiquement en jeu.     A sa fa\u00e7on, irr\u00e9ductible dans le fourvoiement, Bush a d\u00e9cid\u00e9 d&rsquo;avoir raison     contre tous en faisant l\u00e9galiser l&rsquo;ill\u00e9galit\u00e9. Avec l&rsquo;Irak, Guantanamo sera     donc l&rsquo;autre dossier empoisonn\u00e9 qu&rsquo;aura \u00e0 r\u00e9soudre le prochain pr\u00e9sident. Et     ce ne sont pas les Europ\u00e9ens qui lui seront d&rsquo;un grand secours, eux qui ont     mis en sourdine leurs vell\u00e9it\u00e9s humanitaires sur Guantanamo&#8230; de crainte de     voir les ge\u00f4liers des Cara\u00efbes leur renvoyer d&rsquo;encombrants prisonniers issus     de ce camp de la honte. Edifiant.<\/p>\n<p align=\"justify\"> <strong><font>(Source : \u00ab La Libert\u00e9 \u00bb (Suisse), le 10     janvier 2007)<\/font><\/strong><\/p>\n<p> <\/font> <\/p>\n<div align=\"justify\"> <font><\/font>\u00a0<\/div>\n<div align=\"justify\"> <font><\/p>\n<hr\/>\n<p> <\/font><\/div>\n<\/p><\/div>\n<\/p><\/div>\n<div align=\"center\"> <font face=\"Arial\" size=\"2\"><strong><\/p>\n<h3 style=\"color: blue;\"><font size=\"3\">Le massacre   entre voisins secoue l&rsquo;Italie<\/font><\/h3>\n<p><\/strong><\/font><\/div>\n<p> <strong>C\u00f4me \u2022 Deux des victimes sont enterr\u00e9es aujourd&rsquo;hui, alors qu&rsquo;un couple sans histoires a confess\u00e9 l&rsquo;incroyable forfait. De Lugano \u00e0 Rome, ce \u00abrefoulement total du bien et du mal\u00bb choque profond\u00e9ment l&rsquo;opinion.  <\/strong> <strong><font>Nicole della Pietra<\/font><\/strong>  Les fun\u00e9railles du petit Youssouf, 2 ans, et de sa maman ont lieu aujourd&rsquo;hui en Tunisie, o\u00f9 les a ramen\u00e9s leur p\u00e8re. Les deux autres victimes du massacre d&rsquo;Erba, tout proche de la fronti\u00e8re tessinoise, ont \u00e9t\u00e9 enterr\u00e9es samedi. C&rsquo;est le crime le plus fou de la r\u00e9cente histoire italienne. Visiblement traumatis\u00e9e, l&rsquo;opinion publique se soigne \u00e0 grand renfort de psychiatres, qui parlent de \u00abcourt-circuit du sens de la culpabilit\u00e9\u00bb et de \u00abrefoulement total du sens du bien et du mal\u00bb.  L&rsquo;histoire elle-m\u00eame commence le 11 d\u00e9cembre \u00e0 Erba, un village pr\u00e8s de C\u00f4me, \u00e0 quelques kilom\u00e8tres de Chiasso. Il est un peu plus de 19 heures. Un \u0153il riv\u00e9 sur le petit \u00e9cran, l&rsquo;oreille \u00e0 l&rsquo;aff\u00fbt des bruits provenant de la cage d&rsquo;escalier du petit immeuble qu&rsquo;ils habitent, Olindo Romano et son \u00e9pouse Agnela Rosa Bazzi sont pr\u00eats. Tous deux sont ivres de la haine qu&rsquo;ils nourrissent \u00e0 l&rsquo;\u00e9gard de leurs voisins de l&rsquo;\u00e9tage sup\u00e9rieur. Des sentiments cumul\u00e9s depuis plusieurs ann\u00e9es et qui, en cette p\u00e9riode de fin d&rsquo;ann\u00e9e atteignent leur apog\u00e9e. De banales disputes et des tensions entre locataires avaient conduit d\u00e9j\u00e0 \u00e0 une plainte aupr\u00e8s des carabinieri. Mais, pour \u00abOlli\u00bb et \u00abRosy\u00bb, pas question de t\u00e9moigner devant le juge, ils n&rsquo;en peuvent plus de \u00abceux du dessus\u00bb et veulent en finir.   <strong>Bain de sang<\/strong>   Ils montent l&rsquo;escalier et frappent \u00e0 la porte de Raffaella Castagna, une assistante sociale \u00e2g\u00e9e de 30 ans. Olindo a emport\u00e9 un grand cric de d\u00e9pannage et deux couteaux. Un pour lui, un pour sa femme. Raffaella ouvre et d\u00e9j\u00e0 Olindo lui ass\u00e8ne la lourde barre m\u00e9tallique sur la tempe. La jeune femme s&rsquo;effondre. Juste derri\u00e8re elle, sa m\u00e8re, Paola Galli, tente de r\u00e9agir, mais un second coup de cric l&rsquo;atteint \u00e0 son tour sur le cr\u00e2ne. M\u00e8re et fille sont mortes mais Olindo et Rosa s&rsquo;acharnent encore sur les deux corps sans vie qu&rsquo;ils poignardent une douzaine de fois. Puis, Rosy se dirige vers le canap\u00e9 du salon ou le petit Youssouf, \u00e2g\u00e9 de deux ans, hurle de terreur. Elle soul\u00e8ve l&rsquo;enfant par les cheveux et l&rsquo;\u00e9gorge d&rsquo;un coup, \u00abparce qu&rsquo;il pleurait trop fort\u00bb, dira-t-elle aux enqu\u00eateurs.   <strong>Minutieusement pr\u00e9par\u00e9<\/strong>   Alert\u00e9s par les cris, les voisins du troisi\u00e8me \u00e9tage, le couple Frigerio, d\u00e9valent les escaliers. Trop tard. L&rsquo;homme et la femme subissent \u00e0 leur tour l&rsquo;assaut sanglant. La femme sera la quatri\u00e8me victime de ce massacre alors que son \u00e9poux, Mario Frigerio, g\u00eet sur le sol. Les meurtriers le croient mort.   Le carnage n&rsquo;a pas dur\u00e9 plus de vingt minutes. Avec un sang-froid inou\u00ef, le couple redescend au rez-de-chauss\u00e9e. Ils se d\u00e9font de leurs v\u00eatements ensanglant\u00e9s et des armes. Ils remontent \u00e0 l&rsquo;\u00e9tage, boutent le feu \u00e0 l&rsquo;appartement contenant les corps des trois femmes, de l&rsquo;homme et du bambin. Peu apr\u00e8s, ils quittent la via Diaz et se dirigent \u00e0 vive allure vers le Mac Donald&rsquo;s de C\u00f4me. Pour y d\u00eener et surtout, pour se fabriquer un alibi gr\u00e2ce \u00e0 la quittance du fast-food. Plus tard, ils jetteront le sac contenant les v\u00eatements ensanglant\u00e9s et les armes du quadruple homicide dans une poubelle de la voirie.  A leur retour, vers 22 heures, c&rsquo;est l&rsquo;affolement devant la petite maison jaune aux volets verts. Une \u00e9paisse fum\u00e9e sort du deuxi\u00e8me \u00e9tage. Les carabinieri et les pompiers ont envahi la maison. Les deux assassins se disent \u00abatterr\u00e9s\u00bb et se pr\u00eatent volontiers aux questions des enqu\u00eateurs et des journalistes d\u00e9j\u00e0 sur place.   Le lendemain, tout indique que le coupable est Azouz, le p\u00e8re de l&rsquo;enfant et \u00e9poux de Raffaella. Les journaux \u00e9talent le quadruple meurtre en page une. On y voit notamment, la photo de Rosy, une femme de m\u00e9nage de 43 ans et de son \u00e9poux, Olindo, un \u00e9boueur de 44 ans. Ce couple sans histoires se dit \u00abchoqu\u00e9\u00bb et affirme \u00abn&rsquo;avoir rien vu\u00bb. Mais, tr\u00e8s vite, la piste du papa du petit Youssouf est \u00e9cart\u00e9e par les limiers: il \u00e9tait en Tunisie, son pays natal.   Il faudra finalement un mois aux enqu\u00eateurs pour obtenir les aveux du couple barbare. D&rsquo;infimes traces de sang appartenant \u00e0 Mario Frigerio, le seul survivant du massacre, retrouv\u00e9es sur les effets des assassins et le t\u00e9moignage de ce dernier sont sans appel. Olindo et Rosa finissent par craquer, le 11 janvier.   <strong>L&rsquo;horreur collective  <\/strong> Du Tessin au sud de la P\u00e9ninsule, au-del\u00e0 de l&rsquo;horreur qu&rsquo;a inspir\u00e9e ce fait divers sans pr\u00e9c\u00e9dent, c&rsquo;est la tranquillit\u00e9 et la s\u00e9r\u00e9nit\u00e9 du couple meurtrier qui a choqu\u00e9 l&rsquo;opinion. Pendant un mois, il a continu\u00e9 sa vie comme d&rsquo;habitude. Le c\u00e9l\u00e8bre \u00e9crivain et psychiatre Vittorino Andreoli a expliqu\u00e9 devant les cam\u00e9ras de la RAI: \u00abC&rsquo;est comme si l&rsquo;instrument de bord qui guide le comportement humain, et qui se base sur des principes et des valeurs presque inn\u00e9s, \u00e9tait endommag\u00e9 ou hors service.\u00bb   Sandro Cattacin, sociologue et professeur \u00e0 l&rsquo;Universit\u00e9 de Gen\u00e8ve, a fait r\u00e9f\u00e9rence au m\u00e9canisme classique du refoulement de la responsabilit\u00e9. \u00abInutile de se demander si ce geste est normal ou non. Il s&rsquo;agit d&rsquo;un acte de barbarie, qui va au-del\u00e0 de toutes les \u00e9chelles d&rsquo;\u00e9valuation\u00bb, \u00e9crit-il dans l&rsquo;hebdo tessinois \u00abIl Caff\u00e8\u00bb.   Tous les experts rel\u00e8vent que ce couple d&rsquo;une banalit\u00e9 extraordinaire \u00abvivait sans doute dans une mis\u00e8re affective et sociale profonde\u00bb. Devenus des meurtriers, \u00abOlli\u00bb et \u00abRosy\u00bb attendent la suite de l&rsquo;enqu\u00eate dans un p\u00e9nitencier de la province. Les autres locataires de la prison ont promis de \u00ableur faire la peau\u00bb.  <font><strong>(Source : La Libert\u00e9 (Suisse), le 17.01.2007) <\/strong><\/font><\/p>\n<hr\/>\n<p><font face=\"Arial\"><\/p>\n<p align=\"center\">\n<h3 style=\"color: blue;\"><font><strong>La vente de l\u2019\u00eele de Gattaya : Mensonge, arnaque ou attentat contre le territoire national ?<\/strong><\/font><\/h3>\n<\/p>\n<p><\/font><font face=\"Arial\" size=\"2\"><font>Par nawaat.org<\/font> <\/p>\n<div align=\"justify\"> <strong>Voici le lien direct\u00a0 \u00e0 la vid\u00e9o : <\/strong><font> <strong>http:\/\/www.nawaat.org\/video\/Gattaya.avi   <\/strong><\/font><font>\u00a0   Plus d\u2019une semaine apr\u00e8s le d\u00e9menti des autorit\u00e9s tunisiennes concernant la   mise en vente d\u2019une portion du territoire tunisien, en l\u2019occurrence l\u2019\u00eele de   Gattaya, nous trouvons toujours sur internet les annonces relatives \u00e0 cette   mise en vente.    \u00a0   Il est stup\u00e9fiant de constater l\u2019inactivit\u00e9 de l\u2019Etat tunisien au travers de   ses ambassades pour faire cesser ce trouble.    \u00a0   En effet, si le d\u00e9menti de la Tunisie n\u2019est pas en lui-m\u00eame \u00ab\u00a0mensonger\u00a0\u00bb,   comment se fait-il que cette offre de vente soit toujours en cours sur ces   sites internet ?    \u00a0   Pourquoi les ambassades tunisiennes dans les pays qui h\u00e9bergent ces sites ne   proc\u00e8dent-elles pas \u00e0 des injonctions pour faire retirer ces annonces   mensong\u00e8res, si tant est qu\u2019elles soient effectivement mensong\u00e8res ?    \u00a0   Pire encore, pourquoi par son manque de r\u00e9action et son silence, l\u2019Etat   tunisien se fait-il le complice d\u2019arnaques sur internet ? Car si effectivement   ces annonces sont mensong\u00e8res, c\u2019est qu\u2019il s\u2019agit purement et simplement   d\u2019arnaques. Et l\u00e0 o\u00f9 les choses deviennent litt\u00e9ralement scandaleuses, c\u2019est   lorsque l\u2019on r\u00e9alise \u00e0 quel point les autorit\u00e9s tunisiennes sont promptes \u00e0   censurer la libre parole en Tunisie sous le mensonger pr\u00e9texte de sauvegarder   l\u2019int\u00e9r\u00eat national et n\u00e9gliger en m\u00eame temps d\u2019agir \u00e9nergiquement sur internet   lorsque l\u2019int\u00e9r\u00eat national l\u2019exige effectivement. Et pour cause, il s\u2019agit en   l\u2019esp\u00e8ce d\u2019annonces portant, ni plus ni moins, sur la mise en vente d\u2019une   portion du territoire national.   \u00a0   Alors, s\u2019il n\u2019a jamais \u00e9t\u00e9 question d\u2019une telle mise en vente, l\u2019Etat tunisien   doit faire le n\u00e9cessaire pour faire retirer ces annonces. Et souhaitons que   celles-ci soient retir\u00e9es parce qu\u2019elles sont mensong\u00e8res et non point parce   que l\u2019\u00eele a \u00e9t\u00e9 vendue, Dieu sait par qui, au nez et \u00e0 la barbe de tous les   tunisiens.   <\/font>\u00a0   <strong>A suivre &#8230;      Nawaat.org, le jeudi 18 janvier 2007   www.nawaat.org \u00a0<\/p>\n<hr\/>\n<p><\/strong> <\/p>\n<p align=\"center\"><font><font face=\"Arial\" size=\"2\"> <\/p>\n<h3 style=\"color: blue;\"><font size=\"3\"><strong>Sommet arabe restreint la semaine   prochaine en Libye (Moubarak)<\/strong><\/font><\/h3>\n<p><\/font><\/font><\/p>\n<\/div>\n<div align=\"justify\"> <font><font>AFP, le 19 janvier 2007 \u00e0 15h53<\/font>   LE CAIRE, 19 jan 2007 (AFP)<\/font> &#8211; Un sommet arabe restreint r\u00e9unissant   l&rsquo;Egypte, l&rsquo;Alg\u00e9rie, la Libye, le Soudan et la Tunisie se tiendra la semaine   prochaine en Libye pour examiner la situation en   Afrique et au Proche-Orient, a annonc\u00e9 vendredi le pr\u00e9sident \u00e9gyptien Hosni   Moubarak.   \u00ab\u00a0Je vais participer la semaine prochaine en Libye \u00e0 un sommet restreint \u00e0 cinq   chefs d&rsquo;Etat\u00a0\u00bb, a d\u00e9clar\u00e9 M. Moubarak dans un entretien accord\u00e9 au quotidien   gouvernemental Al-Ahram \u00e0 para\u00eetre samedi et cit\u00e9 vendredi par l&rsquo;agence Mena   et la t\u00e9l\u00e9vision \u00e9gyptienne.   \u00ab\u00a0Le sommet a \u00e9t\u00e9 convoqu\u00e9 \u00e0 l&rsquo;initiative du dirigeant libyen Mouammar Kadhafi   pour examiner les probl\u00e8mes concernant le Proche-Orient et l&rsquo;Afrique\u00a0\u00bb, a   indiqu\u00e9 M. Moubarak.   Outre MM. Moubarak et Khadafi, le sommet r\u00e9unira leurs homologues alg\u00e9rien   Abdelaziz Bouteflika, soudanais Omar al-B\u00e9chir et tunisien Zine El Abidine Ben   Ali, selon le pr\u00e9sident \u00e9gyptien. M. Moubarak n&rsquo;a pas pr\u00e9cis\u00e9 la date exacte   de la r\u00e9union.   La Libye a accueilli plusieurs sommets africains pour tenter de r\u00e9soudre le   conflit au Darfour, r\u00e9gion de l&rsquo;Ouest du Soudan en proie \u00e0 une guerre civile   depuis f\u00e9vrier 2003.<\/div>\n<div align=\"justify\">\n<hr\/>\n<\/div>\n<div align=\"center\"> <strong><font>MAROC   <\/font><\/strong><strong><\/p>\n<h4 style=\"color: blue;\"><font><font face=\"Arial\">D\u00e9part   du directeur du \u00ab\u00a0Journal hebdomadaire\u00a0\u00bb<\/font><\/font><\/h4>\n<p><\/strong><font face=\"Arial\"><\/font><\/div>\n<p><\/font><font face=\"Arial\" size=\"2\"><\/p>\n<div align=\"justify\">  \u00a0<\/div>\n<div align=\"justify\"> <font><strong>Jean-Pierre Tuquoi<\/strong><\/font>   \u00a0   Directeur et fondateur du Journal hebdomadaire, le news magazine francophone   le plus embl\u00e9matique du Maroc, Aboubaker Jama\u00ef a annonc\u00e9, jeudi 18 janvier, sa   d\u00e9mission et son d\u00e9part imm\u00e9diat de la r\u00e9daction pour ne pas mettre en p\u00e9ril   l&rsquo;avenir du titre. \u00ab\u00a0En restant \u00e0 la t\u00eate du Journal hebdomadaire, je lui fais   courir un risque mortel (d&rsquo;autant que) nous ne pouvons compter sur la   bienveillance de ce r\u00e9gime\u00a0\u00bb, \u00e9crit-il dans un \u00e9ditorial publi\u00e9 dans le num\u00e9ro   mis en vente en fin de semaine.   \u00a0   \u00a0Le cofondateur de l&rsquo;hebdomadaire, Ali Amar, devrait lui succ\u00e9der. Le d\u00e9part   de M. Jama\u00ef fait suite \u00e0 une d\u00e9cision de la justice le condamnant (ainsi qu&rsquo;un   autre journaliste) \u00e0 payer \u00e0 titre personnel une amende record de 3 millions   de dirhams (270 000 euros) dans une affaire de diffamation. Etant dans   l&rsquo;incapacit\u00e9 de s&rsquo;en acquitter, le directeur d\u00e9missionnaire du journal (15 000   exemplaires) redoutait que les tribunaux ne se retournent contre   l&rsquo;hebdomadaire et saisissent le mat\u00e9riel comme ils l&rsquo;avaient fait une premi\u00e8re   fois, en 2004, \u00e0 la suite d&rsquo;une plainte d\u00e9pos\u00e9e par le ministre des affaires   \u00e9trang\u00e8res. \u00ab\u00a0L&rsquo;attitude du procureur ne laisse aucun doute sur la volont\u00e9 du   r\u00e9gime \u00e0 faire taire notre voix\u00a0\u00bb, \u00e9crit M. Jama\u00ef.   \u00a0   <font>PROC\u00c8S   <\/font>\u00a0   Dans un communiqu\u00e9 publi\u00e9 jeudi 18 janvier, Reporters sans fronti\u00e8res (RSF)   estime que le d\u00e9part d&rsquo;Aboubaker Jama\u00ef, \u00ab\u00a0un homme de courage, de conviction,   d&rsquo;int\u00e9grit\u00e9\u00a0\u00bb, marque \u00ab\u00a0la fin d&rsquo;une \u00e9poque o\u00f9, malgr\u00e9 les difficult\u00e9s, il   semblait possible de faire progresser la libert\u00e9 d&rsquo;expression. Aujourd&rsquo;hui,   cet espoir, s&rsquo;il n&rsquo;a pas totalement disparu, est de plus en plus t\u00e9nu\u00a0\u00bb.   \u00a0   Lanc\u00e9 en 1997, le Journal hebdomadaire a \u00e9t\u00e9 le symbole de la lib\u00e9ralisation   du r\u00e9gime au cours des derni\u00e8res ann\u00e9es du r\u00e8gne de Hassan II. Il avait appel\u00e9   \u00e0 la d\u00e9mission du ministre de l&rsquo;int\u00e9rieur, Driss Basri, au retour de   l&rsquo;opposant Abraham Serfaty, et \u00e0 la v\u00e9rit\u00e9 dans l&rsquo;affaire Ben Barka. Ses   ennuis ont commenc\u00e9 avec le nouveau roi, Mohammed VI, qui a fait interdire   l&rsquo;hebdomadaire en 2000, pour avoir critiqu\u00e9 l&rsquo;arm\u00e9e.   \u00a0   Si le magazine a r\u00e9ussi \u00e0 contourner l&rsquo;obstacle en paraissant sous un titre \u00e0   peine modifi\u00e9, il s&rsquo;est heurt\u00e9 tr\u00e8s vite \u00e0 une chute de ses recettes   publicitaires du fait de ses choix \u00e9ditoriaux. Les proc\u00e8s dont il a \u00e9t\u00e9   l&rsquo;objet ont ajout\u00e9 \u00e0 ses difficult\u00e9s financi\u00e8res. Cousin du roi, le prince   Hicham a propos\u00e9 au journaliste de payer l&rsquo;amende, ce que ce dernier a refus\u00e9,   selon nos informations. Plusieurs fois distingu\u00e9 par des prix \u00e0 l&rsquo;\u00e9tranger,   Aboubaker Jama\u00ef, 39 ans, avait fait l&rsquo;objet d&rsquo;un long portrait dans   l&rsquo;hebdomadaire The New Yorker sous le titre \u00ab\u00a0Le crois\u00e9\u00a0\u00bb. Il a annonc\u00e9 son   intention de quitter le Maroc.    \u00a0   <font><b>(Source : \u00ab Le Monde \u00bb (France) du 20 janvier 2007)<\/b><\/font><\/div>\n<p><\/font><\/p>\n<div>\n<hr\/>\n<\/div>\n<p align=\"center\" dir=\"ltr\"><b><a href=\"http:\/\/www.tunisnews.net\/\"><span>Home<\/span><span lang=\"FR-CH\"> &#8211; Accueil <\/span><span>&#8211; <\/span><span dir=\"rtl\" lang=\"AR-SA\">\u0627\u0644\u0631\u0626\u064a\u0633\u064a\u0629<\/span><\/a><\/b><\/p>\n<p><\/body><\/body><\/html><\/p>\n","protected":false},"excerpt":{"rendered":"<p>Home &#8211; Accueil &#8211; \u0627\u0644\u0631\u0626\u064a\u0633\u064a\u0629 TUNISNEWS 7\u00a0\u00e8me\u00a0ann\u00e9e, N\u00b0\u00a02433 du 19.01.2007 \u00a0archives : www.tunisnews.net Maghreb Confidentiel\u00a0:Tunisie : Coup de sang au palais de Carthage ! AISPP: Communiqu\u00e9 AP: Tunisie: condamnation d&rsquo;un terroriste pr\u00e9sum\u00e9 \u00e0 11 ans de prison AP: Tunisian court convicts man for belonging to Algerian terror group Neue Z\u00fcrcher Zeitung : Algeriens Extremisten w\u00e4hnen [&hellip;]<\/p>\n","protected":false},"author":1,"featured_media":22040,"comment_status":"open","ping_status":"open","sticky":false,"template":"","format":"standard","meta":{"inline_featured_image":false,"site-sidebar-layout":"default","site-content-layout":"","ast-site-content-layout":"default","site-content-style":"default","site-sidebar-style":"default","ast-global-header-display":"","ast-banner-title-visibility":"","ast-main-header-display":"","ast-hfb-above-header-display":"","ast-hfb-below-header-display":"","ast-hfb-mobile-header-display":"","site-post-title":"","ast-breadcrumbs-content":"","ast-featured-img":"","footer-sml-layout":"","ast-disable-related-posts":"","theme-transparent-header-meta":"","adv-header-id-meta":"","stick-header-meta":"","header-above-stick-meta":"","header-main-stick-meta":"","header-below-stick-meta":"","astra-migrate-meta-layouts":"default","ast-page-background-enabled":"default","ast-page-background-meta":{"desktop":{"background-color":"","background-image":"","background-repeat":"repeat","background-position":"center center","background-size":"auto","background-attachment":"scroll","background-type":"","background-media":"","overlay-type":"","overlay-color":"","overlay-opacity":"","overlay-gradient":""},"tablet":{"background-color":"","background-image":"","background-repeat":"repeat","background-position":"center center","background-size":"auto","background-attachment":"scroll","background-type":"","background-media":"","overlay-type":"","overlay-color":"","overlay-opacity":"","overlay-gradient":""},"mobile":{"background-color":"","background-image":"","background-repeat":"repeat","background-position":"center center","background-size":"auto","background-attachment":"scroll","background-type":"","background-media":"","overlay-type":"","overlay-color":"","overlay-opacity":"","overlay-gradient":""}},"ast-content-background-meta":{"desktop":{"background-color":"var(--ast-global-color-5)","background-image":"","background-repeat":"repeat","background-position":"center center","background-size":"auto","background-attachment":"scroll","background-type":"","background-media":"","overlay-type":"","overlay-color":"","overlay-opacity":"","overlay-gradient":""},"tablet":{"background-color":"var(--ast-global-color-5)","background-image":"","background-repeat":"repeat","background-position":"center center","background-size":"auto","background-attachment":"scroll","background-type":"","background-media":"","overlay-type":"","overlay-color":"","overlay-opacity":"","overlay-gradient":""},"mobile":{"background-color":"var(--ast-global-color-5)","background-image":"","background-repeat":"repeat","background-position":"center center","background-size":"auto","background-attachment":"scroll","background-type":"","background-media":"","overlay-type":"","overlay-color":"","overlay-opacity":"","overlay-gradient":""}},"footnotes":""},"categories":[],"tags":[53,38,29],"class_list":["post-17345","post","type-post","status-publish","format-standard","has-post-thumbnail","hentry","tag-53","tag-38","tag-fr"],"_links":{"self":[{"href":"https:\/\/tunisnews.net\/ar\/wp-json\/wp\/v2\/posts\/17345","targetHints":{"allow":["GET"]}}],"collection":[{"href":"https:\/\/tunisnews.net\/ar\/wp-json\/wp\/v2\/posts"}],"about":[{"href":"https:\/\/tunisnews.net\/ar\/wp-json\/wp\/v2\/types\/post"}],"author":[{"embeddable":true,"href":"https:\/\/tunisnews.net\/ar\/wp-json\/wp\/v2\/users\/1"}],"replies":[{"embeddable":true,"href":"https:\/\/tunisnews.net\/ar\/wp-json\/wp\/v2\/comments?post=17345"}],"version-history":[{"count":0,"href":"https:\/\/tunisnews.net\/ar\/wp-json\/wp\/v2\/posts\/17345\/revisions"}],"wp:featuredmedia":[{"embeddable":true,"href":"https:\/\/tunisnews.net\/ar\/wp-json\/wp\/v2\/media\/22040"}],"wp:attachment":[{"href":"https:\/\/tunisnews.net\/ar\/wp-json\/wp\/v2\/media?parent=17345"}],"wp:term":[{"taxonomy":"category","embeddable":true,"href":"https:\/\/tunisnews.net\/ar\/wp-json\/wp\/v2\/categories?post=17345"},{"taxonomy":"post_tag","embeddable":true,"href":"https:\/\/tunisnews.net\/ar\/wp-json\/wp\/v2\/tags?post=17345"}],"curies":[{"name":"wp","href":"https:\/\/api.w.org\/{rel}","templated":true}]}}