{"id":17321,"date":"2009-02-11T00:00:00","date_gmt":"2009-02-11T00:00:00","guid":{"rendered":"https:\/\/tunisnews.net\/11-fevrier-2009\/"},"modified":"2009-02-11T00:00:00","modified_gmt":"2009-02-11T00:00:00","slug":"11-fevrier-2009","status":"publish","type":"post","link":"https:\/\/tunisnews.net\/ar\/11-fevrier-2009\/","title":{"rendered":"11 f\u00e9vrier 2009"},"content":{"rendered":"<p><html><head><meta content=\"text\/html\" description=\"Celles et Ceux qui veulent signer cet \n\t\t\t\t\t\t\t\t\t\tappel sont invit\u00e9s \u00e0 envoyer leur: Nom, \n\t\t\t\t\t\t\t\t\t\tPays de r\u00e9sidence et Ann\u00e9e de sortie de \n\t\t\t\t\t\t\t\t\t\tla Tunisie sur le m\u00e9l de l'initiative :\" http-equiv=\"Content-Type\"\/><\/head><body><body><\/p>\n<p align=\"center\" dir=\"ltr\"><font face=\"Arial\" size=\"2\"><b><a href=\"http:\/\/www.tunisnews.net\/\"><span>Home<\/span><span lang=\"FR-CH\"> &#8211; Accuei<\/span><\/a><span lang=\"FR-CH\">l<\/span><\/b><\/font><\/p>\n<p><font face=\"Arial\" size=\"2\"><\/p>\n<div>\n<div>\n<div>\n<div>\n<div>\n<div>\n<div>\n<div align=\"center\" dir=\"ltr\"><font><span lang=\"SV\"><strong><font face=\"Book Antiqua\"><font face=\"Bookman Old Style\">TUNISNEWS<\/font><font size=\"2\"><\/font><\/font><\/strong><\/span><\/font><\/div>\n<div align=\"center\" dir=\"ltr\"><font><\/p>\n<div><strong><font face=\"Arial\">8\u00a0\u00e8me ann\u00e9e,<span lang=\"FR\">N\u00b0\u00a03186 du 11.02.2009<\/span><\/font><\/strong><\/div>\n<p><\/font><\/div>\n<div align=\"center\" dir=\"ltr\"><span><font><strong><font face=\"Arial\"><font>\u00a0archives<\/font> : <\/font><\/strong><\/font><a target=\"_blank\" rel=\"noopener\"><font face=\"Arial\"><strong>www.tunisnews.net<\/strong><\/font><\/a><\/span><font face=\"Arial\"><font>\u00a0<\/font>\u00a0<\/font><\/div>\n<div align=\"center\" dir=\"ltr\"><font face=\"Arial\"><\/p>\n<hr\/>\n<p><\/font><span><span lang=\"FR\"><font><span lang=\"FR\"><\/span><\/font><\/span><\/span><\/div>\n<div>\n<p><font face=\"Arial\"><strong>CNLT: Me. Maatar, un avocat d\u00e9fenseur victime de repr\u00e9sailles fiscales <font>Libert\u00e9 et Equit\u00e9: Nouvelles des libert\u00e9s en Tunisie<\/font> Libert\u00e9 et Equit\u00e9: Interpellation de l\u2019\u00e9tudiant Zyed Siala <font>Reporters sans frontieres: . Tunisie : le minist\u00e8re de l\u2019Int\u00e9rieur refuse la parution d\u2019un nouveau journal ind\u00e9pendant<\/font> \u00ab\u00a0Tunisie, le courage d\u2019informer\u00a0\u00bb : Reporters sans fronti\u00e8res \u00e0 la rencontre de journalistes sous haute surveillance <font>\u201cTunisia, the courage to inform the public\u201d: Reporters Without Borders meets journalists living under high-level surveillance<\/font> IFJ Protests at Six Year Jail Term for Tunisian Journalist in Hiding <font>Luiza Toscane: Badreddine Ferchichi restera en prison <\/font>Samia Mouelhi &amp; Slimane Ben Miled: Lettre ouverte \u00e0 Monsieur le Secr\u00e9taire G\u00e9n\u00e9ral de l\u2019UGTT  <font>Abdelli Jilani: La \u00ab\u00a0Gr\u00e2ce\u00a0\u00bb de la d\u00e9mocratie selon le plan pr\u00e9visionnel : de 1956 \u00e0 2116<\/font> AP: Mauritania says it&rsquo;s closed its embassy in Israel <font>AFP: Conseil des droits de l&rsquo;homme de l&rsquo;ONU: Washington \u00e9tudie une participation<\/font>  AFP: La Norv\u00e8ge revient sur l&rsquo;autorisation du foulard islamique dans la police<\/strong><\/font><\/p>\n<p><font face=\"Arial\"><\/font><\/div>\n<div>\n<hr\/>\n<\/div>\n<div>\n<div>\n<div align=\"center\"><b><span lang=\"FR\">Liste actualis\u00e9e des signataires de l&rsquo;initiative du Droit de Retour : <\/span><span lang=\"FR\"><font><a>http:\/\/www.manfiyoun.net\/fr\/listfr.html<\/a><\/font><\/span><\/b><span lang=\"FR\"><strong> Celles et Ceux qui veulent signer cet appel sont invit\u00e9s \u00e0 envoyer leur: Nom, Pays de r\u00e9sidence et Ann\u00e9e de sortie de la Tunisie sur le m\u00e9l de l&rsquo;initiative : <\/strong><a><font><strong>manfiyoun@gmail.com<\/strong><\/font><\/a><\/span><font face=\"Arial\"><\/font><\/div>\n<\/div>\n<\/div>\n<div>\n<hr\/>\n<\/div>\n<div>\n<div align=\"center\">\n<div align=\"center\"><font size=\"2\"><\/p>\n<div align=\"center\"><font face=\"Arial\" size=\"2\"><strong><font face=\"Arial\" size=\"2\">CONSEIL NATIONAL POUR LES LIBERTES EN TUNISIE<\/font><\/strong><\/font><\/div>\n<div align=\"center\"><font face=\"Arial\" size=\"2\"><strong><\/p>\n<h2 style=\"color: red;\"><font size=\"3\">Me. Maatar, un avocat d\u00e9fenseur victime de repr\u00e9sailles fiscales<\/font><\/h2>\n<p><\/strong><\/font><\/div>\n<div align=\"center\">\u00a0<\/div>\n<div align=\"justify\">Tunis le 10 f\u00e9vrier\u00a0 2009  \u00a0\u00a0\u00a0 Le CNLT est vivement pr\u00e9occup\u00e9 par la multiplication des actes de pers\u00e9cution qui ciblent ces derniers temps les avocats d\u00e9fenseurs, usant cette fois-ci de l&rsquo;arme de l&rsquo;\u00e9tranglement \u00e9conomique. Apr\u00e8s ma\u00eetres Ayadi, Hammami, Akremi, Bhiri et Jmour, c&rsquo;est au tour de ma\u00eetre Abdelwahab Maatar, avocat d\u00e9fenseur des droits humains exer\u00e7ant \u00e0 Sfax, deuxi\u00e8me ville de Tunisie, d&rsquo;\u00eatre la cible de repr\u00e9sailles fiscales sans pr\u00e9c\u00e9dent. \u00a0\u00a0 Le feuilleton des repr\u00e9sailles contre Me. Abdelwahab Maaar, vient de connaitre samedi 7 f\u00e9vrier un nouveau d\u00e9veloppement ; Les autorit\u00e9s viennent de lancer un mandat d&rsquo;amener contre lui. Ses avocats ont fait opposition contre cette mesure le lundi 9 f\u00e9vrier et l&rsquo;affaire sera examin\u00e9e le 25 f\u00e9vrier prochain. \u00a0\u00a0 La machine r\u00e9pressive s&rsquo;est enclench\u00e9e le 18 juin 2008, lorsque ma\u00eetre Maatar recevait de l&rsquo;administration fiscale un arr\u00eat\u00e9 de taxation d&rsquo;office d&rsquo;un montant de\u00a0 232.530.855 D T\u00a0 (164 274 703 USD). Sans tarder, suivaient une saisie-arr\u00eat sur ses comptes bancaires le 12 septembre 2008, une saisie conservatoire sur son domicile le 9 octobre 2008, une saisie ex\u00e9cutoire sur les voitures de sa famille le 10 octobre 2008 ; enfin le 24 janvier 2009, une saisie ex\u00e9cutoire cette fois ci sur son domicile lui \u00e9tait signifi\u00e9e. Ce qui veut dire que la villa o\u00f9 il habite avec sa famille sera mise en vente dans les trois prochains mois. \u00a0 Cette somme exorbitante jamais r\u00e9clam\u00e9e \u00e0 un avocat pour seulement 2 ann\u00e9es fiscales (2004 et 2005) se basait sur les montants port\u00e9s au cr\u00e9dit du compte professionnel de Me Maatar o\u00f9 sont vers\u00e9s et tir\u00e9s les montants dus \u00e0 ses clients au titre de l&rsquo;ex\u00e9cution de jugements rendus \u00e0 leur b\u00e9n\u00e9fice. Me. Maatar avait d\u00fbment produit aux agents du contr\u00f4le fiscal la preuve de l&rsquo;origine des dits montants (jugements, PV d&rsquo;ex\u00e9cution de l&rsquo;huissier\u2026 ) et la preuve que ses clients ont bien re\u00e7u ces sommes qui leur revenaient ( ch\u00e8ques tir\u00e9s par eux, re\u00e7us\u2026)\u00a0 comme d&rsquo;ailleurs le d\u00e9montrent les mouvements de d\u00e9bit bancaires de son compte. Au vu de ces documents les deux agents de contr\u00f4le charg\u00e9s de son dossier l&rsquo;ont assur\u00e9 en f\u00e9vrier 2008 que son dossier va \u00eatre class\u00e9, mais que la d\u00e9cision devra lui \u00eatre confirm\u00e9e par l&rsquo;administration centrale (Minist\u00e8re des finances). Background Maitre Abdelwahab Maatar est un avocat engag\u00e9 dans la d\u00e9fense des droits humains et collabore \u00e9troitement avec de nombreuses ONG de droits humains, il est actuellement vice pr\u00e9sident de l&rsquo;association internationale de soutien aux prisonniers politiques (AISPP) et assure b\u00e9n\u00e9volement \u00e0 ce titre la d\u00e9fense de nombreuses victimes de proc\u00e8s politiques.\u00a0\u00a0  Mais l&rsquo;affaire qui semblerait lui avoir attir\u00e9 les foudres des autorit\u00e9s, c&rsquo;est la requ\u00eate qu&rsquo;il a d\u00e9pos\u00e9 en mai 2002 au Tribunal administratif au nom d&rsquo;une dizaine de personnalit\u00e9s publiques tunisiennes, contestant la l\u00e9galit\u00e9 du r\u00e9f\u00e9rendum que Ben Ali avait organis\u00e9 alors et qui d\u00e9bouchait sur la r\u00e9vision constitutionnelle de 2002 instituant la pr\u00e9sidence \u00e0 vie. Mais\u00a0 le tribunal avait refus\u00e9 de les enr\u00f4ler durant six ans malgr\u00e9 les demandes \u00e9crites r\u00e9it\u00e9r\u00e9es de Me Maatar ; ce dernier a alors fait\u00a0 des d\u00e9marches\u00a0 aupr\u00e8s du haut commissariat des droits de l&rsquo;homme et aupr\u00e8s de la cour africaine des droits de l&rsquo;homme et des peuples afin d&rsquo;amener le Tribunal administratif\u00a0 tunisien \u00e0 statuer sur cette affaire. En avril 2008, Me Maatar\u00a0 qui s&rsquo;est rendu \u00e0 Gen\u00e8ve pour\u00a0 assister \u00e0 l&rsquo;examen p\u00e9riodique de la situation des droits de l&rsquo;homme en Tunisie (UPR) avec la d\u00e9l\u00e9gation de la soci\u00e9t\u00e9 civile tunisienne, avait\u00a0 \u00e9voqu\u00e9 avec plusieurs d\u00e9l\u00e9gations officielles et les rapporteurs sp\u00e9ciaux du Conseil\u00a0 des\u00a0 droits de l&rsquo;homme, la question des requ\u00eates relatives au referendum non encore enr\u00f4l\u00e9es par le Tribunal administratif.  \u00a0Le 20 mai 2008, Me. Maatar fut inform\u00e9 par le tribunal que ces requ\u00eates ont \u00e9t\u00e9 enr\u00f4l\u00e9es sous les num\u00e9ros de 26757 \u00e0 26766 et que l&rsquo;audience de plaidoirie \u00e9tait fix\u00e9e pour le 18 juin 2008 ; c&rsquo;est ce m\u00eame jour que sa\u00a0 secr\u00e9taire \u00e0 Sfax l&rsquo;informait de l&rsquo;arriv\u00e9e d&rsquo;un courrier de l&rsquo;administration fiscale contenant l&rsquo;arr\u00eat\u00e9 de taxation d&rsquo;office, alors qu&rsquo;il \u00e9tait en train de plaider \u00e0 Tunis devant le tribunal administratif.  Le plus surprenant c&rsquo;est que l&rsquo;ex\u00e9cution de la taxation d&rsquo;office se fait habituellement apr\u00e8s un jugement d\u00e9finitif.\u00a0 Or l&rsquo;opposition \u00e0 cette d\u00e9cision n&rsquo;a pas encore \u00e9t\u00e9 jug\u00e9e au premier degr\u00e9 par le tribunal de premi\u00e8re instance de Sfax. Et malgr\u00e9 les assurances donn\u00e9es au b\u00e2tonnier par le Directeur g\u00e9n\u00e9ral des imp\u00f4ts apr\u00e8s une intervention officielle du barreau, pour surseoir \u00e0 l&rsquo;ex\u00e9cution contre Me. Maatar jusqu&rsquo;\u00e0 l&rsquo;extinction des voies de recours, l&rsquo;administration a d\u00e9j\u00e0 engag\u00e9 sa machine de guerre visant \u00e0 d\u00e9pouiller l&rsquo;avocat de tous ses biens et \u00e0 affamer toute une famille. Le CNLT  consid\u00e8re ce genre d&rsquo;agissement comme indigne d&rsquo;un Etat de droit et rappelle \u00e0 l&rsquo;Etat tunisien ses engagements internationaux en mati\u00e8re de droits humains et particuli\u00e8rement la d\u00e9claration sur les d\u00e9fenseurs de l&rsquo;ONU adopt\u00e9e en 1998\u00a0 qui stipule notamment que \u00ab L&rsquo;\u00c9tat prend toutes les mesures n\u00e9cessaires pour assurer que les autorit\u00e9s comp\u00e9tentes prot\u00e8gent toute personne, individuellement ou en association avec d&rsquo;autres, de toute violence, menace, repr\u00e9sailles, discrimination de facto ou de jure, pression ou autre action arbitraire dans le cadre de l&rsquo;exercice l\u00e9gitime des droits vis\u00e9s dans la pr\u00e9sente D\u00e9claration. \u00bb (art 12.2).  Appelle \u00e0 la suspension de cette taxation d&rsquo;office, comme \u00e9tant une mesure punitive, qui cible son statut de d\u00e9fenseur de droits humains et vise \u00e0 tarir ses ressources et affamer sa famille. Exige que cessent toutes les mesures polici\u00e8res visant \u00e0 harceler ma\u00eetre Maatar et qu&rsquo;il puisse b\u00e9n\u00e9ficier d&rsquo;un proc\u00e8s \u00e9quitable concernant le diff\u00e9rend l&rsquo;opposant \u00e0 l&rsquo;administration fiscale.   Pour le Conseil La porte parole <strong><font>Sihem Bensedrine<\/font><\/strong><\/div>\n<p><\/font><\/p>\n<div align=\"center\"><font face=\"Arial\" size=\"2\"><font><\/p>\n<hr\/>\n<p>Libert\u00e9 pour tous les prisonniers politiques<\/font> <strong><font>Libert\u00e9 et Equit\u00e9<\/font> <\/strong><font>33 rue Mokhtar Atya 1001, Tunis Tel\/fax : 71 340 860 Liberte.equite@gmail.com Tunis, le 10 f\u00e9vrier 2009<\/font> <strong>\u00a0 <\/p>\n<h2 style=\"color: red;\"><font size=\"3\">Nouvelles des libert\u00e9s en Tunisie<\/font><\/h2>\n<p><\/strong><\/font><\/div>\n<div align=\"justify\"> <font>\u00a0 <strong>1)\u00a0\u00a0\u00a0\u00a0\u00a0 Agression de Zakia Dhifaoui<\/strong> Zakia Dhifaoui a \u00e9t\u00e9 victime d\u2019une agression : \u00e0 deux reprises, lundi 9 et mardi 10 f\u00e9vrier 2009, elle a \u00e9t\u00e9 conduite au poste de police Charles de Gaulle \u00e0 Tunis et d\u00e9shabill\u00e9e de force en pr\u00e9sence de deux femmes policiers, soumise \u00e0 une fouille au corps et menac\u00e9e de voir ce sc\u00e9nario se r\u00e9p\u00e9ter \u00e0 chaque fois qu\u2019elle serait appr\u00e9hend\u00e9e dans la rue si elle s\u2019ent\u00eatait \u00e0 rester dans la capitale au lieu de retourner dans sa ville natale de Kairouan. Madame Dhifaoui est harcel\u00e9e depuis sa sortie de prison en raison de l\u2019audace de ses \u00e9crits et de ses prises de position en tant qu\u2019opposante. \u00a0 <strong>2)\u00a0\u00a0\u00a0\u00a0\u00a0 Harc\u00e8lement de la journaliste\u00a0 Faten Hamdi<\/strong> La journaliste Faten Hamdi est en butte \u00e0 des brimades perp\u00e9tr\u00e9es par\u00a0 des agents de la police politique qui lui impose une surveillance rapproch\u00e9e, des contr\u00f4les d\u2019identit\u00e9 dans l\u2019intention de la harceler, le tout assorti d\u2019insultes et de menaces d\u2019arrestation et d\u2019emprisonnement. Pour le bureau ex\u00e9cutif de l\u2019Organisation<\/font> <strong>\u00a0 Le Pr\u00e9sident <font>Ma\u00eetre Mohammed Nouri<\/font> <\/strong><font>(traduction\u00a0 ni revue ni corrig\u00e9e par les auteurs de la version en arabe, LT)<\/font><\/div>\n<div align=\"justify\"><strong><\/p>\n<hr\/>\n<p><\/strong><\/div>\n<div align=\"justify\"><font><\/p>\n<div align=\"center\">Libert\u00e9 pour tous les prisonniers politiques <strong><font>Libert\u00e9 et Equit\u00e9<\/font><\/strong> 33 rue Mokhtar Atya 1001, Tunis Tel\/fax : 71 340 860 Liberte.equite@gmail.com Tunis, le 9 f\u00e9vrier 2009 \u00a0 <strong><\/p>\n<h2 style=\"color: red;\"><font size=\"3\">Nouvelles des libert\u00e9s en Tunisie<\/font><\/h2>\n<p><\/strong><\/div>\n<div align=\"justify\"> \u00a0 <strong>1)\u00a0\u00a0\u00a0\u00a0\u00a0 interpellation de l\u2019\u00e9tudiant Zyed Siala<\/strong> Des agents de la police politique relevant du commissariat de Chihia \u00e0 Sfax ont interpell\u00e9 \u00e0 neuf heures et demi du matin, lundi 9 f\u00e9vrier 2009, l\u2019\u00e9tudiant Zyed Siala apr\u00e8s que ce dernier se soit rendu au poste en question pour se procurer un bulletin n\u00b03. Ils l\u2019ont inform\u00e9 qu\u2019il faisait l\u2019objet d\u2019une recherche et l\u2019ont conduit au district de police de Sakiet Ezzit o\u00f9 il a \u00e9t\u00e9 interrog\u00e9 par le chef de la brigade sp\u00e9ciale, le d\u00e9nomm\u00e9 Taleb Arfaoui qui l\u2019a menac\u00e9 de l\u2019arr\u00eater quand il le voudrait s\u2019il ne collaborait pas avec la police. Puis ils l\u2019ont remis \u00e0 un agent de la police politique, Khaled, qui a r\u00e9dig\u00e9 une fiche de renseignements et l\u2019a remis en libert\u00e9 \u00e0 trois heures de l\u2019apr\u00e8s-midi. [\u2026] Pour le bureau ex\u00e9cutif de l\u2019Organisation Le Pr\u00e9sident <strong><font>Ma\u00eetre Mohammed Nouri<\/font><\/strong> <font>(traduction d\u2019extraits ni revue ni corrig\u00e9e par les auteurs de la version en arabe, LT)<\/font><\/div>\n<div align=\"justify\">\n<hr\/>\n<\/div>\n<div align=\"justify\">\n<p align=\"center\">\n<h2 style=\"color: red;\"><font size=\"3\"><strong>10.02. Tunisie\u00a0: le minist\u00e8re de l\u2019Int\u00e9rieur refuse la parution d\u2019un nouveau journal ind\u00e9pendant<\/strong><\/font><\/h2>\n<\/p>\n<p align=\"justify\"><font face=\"Arial\" size=\"2\">Les autorit\u00e9s tunisiennes ont refus\u00e9 de fournir l\u2019autorisation \u00e0 <strong>Khaled el Krichi<\/strong> de publier un nouveau journal en langue arabe,<i>El Nassariya<\/i>. Cet avocat, sp\u00e9cialiste des droits de l\u2019homme et \u00e9crivain voulait lancer un nouvel hebdomadaire ind\u00e9pendant, dans un pays o\u00f9 la libert\u00e9 de la presse ne fait pas bon m\u00e9nage avec le r\u00e9gime.<\/font><\/p>\n<p align=\"justify\"><font face=\"Arial\" size=\"2\">Conform\u00e9ment au Code de la presse tunisien, chaque personne d\u00e9sirant diffuser un journal doit en demander l\u2019autorisation au minist\u00e8re de l\u2019Int\u00e9rieur (cf. article 13). Khaled el Krichi s\u2019est donc rendu au minist\u00e8re de l\u2019Int\u00e9rieur le 9 janvier 2009, avec les trois membres de son comit\u00e9 de r\u00e9daction. \u00ab\u00a0Cette d\u00e9cision n\u2019est absolument pas une surprise pour nous. C\u2019est normal dans notre pays\u00a0\u00bb a-t-il regrett\u00e9. Le comit\u00e9 de r\u00e9daction regroupe trois autres personnes, des militants des droits de l\u2019homme et syndicalistes.<\/font><\/p>\n<p align=\"justify\"><font face=\"Arial\" size=\"2\">Khaled el Krichi envisage de publier <i>El Nassariya<\/i> sur Internet, et collabore par ailleurs avec deux publications d\u2019opposition,<i>el-Maoukif<\/i> et <i>el-Mouwatinoun<\/i>.<\/font><\/p>\n<p align=\"justify\"><font face=\"Arial\" size=\"2\">Ce genre de refus d\u2019autorisation de para\u00eetre de la presse ind\u00e9pendante n\u2019est pas nouveau, et ces pratiques se r\u00e9p\u00e8tent. Sihem Ben Sedrine avait ainsi d\u00e9pos\u00e9 plusieurs demandes d\u2019enregistrement aupr\u00e8s du minist\u00e8re de l\u2019Int\u00e9rieur pour son journal <i>Kalima<\/i> depuis 1999, sans jamais l\u2019obtenir. L\u2019\u00e9quipe de<i>Kalima<\/i> est depuis oblig\u00e9e de publier ses articles sur Internet, depuis l\u2019\u00e9tranger.<\/font><\/p>\n<p align=\"justify\"><a href=\"http:\/\/www.rsf.org\/article.php3?id_article=30271\" target=\"_blank\" rel=\"noopener\">Lire le rapport Tunisie 2009<\/a>.<\/p>\n<p align=\"justify\"><font><strong>(Source: le site du \u00ab\u00a0Reporters sans frontieres\u00a0\u00bb e 10 fevrier 2009)<\/strong><\/font><\/p>\n<p align=\"justify\"><strong><\/strong><\/p>\n<hr\/>\n<p>\u00a0<\/p>\n<div align=\"center\"><strong><font>REPORTERS SANS FRONTIERES<\/font> COMMUNIQUE DE PRESSE 11.02.09 Fran\u00e7ais\/Arabe <\/strong> <strong><\/p>\n<p><font size=\"3\">TUNISIE \u00ab\u00a0Tunisie, le courage d\u2019informer\u00a0\u00bb : Reporters sans fronti\u00e8res \u00e0 la rencontre de journalistes sous haute surveillance<\/font><\/p>\n<p> \u00a0<\/strong><\/div>\n<div align=\"justify\">\u00a0<\/div>\n<div align=\"justify\"><font>Six jours apr\u00e8s la confirmation, le 4 f\u00e9vrier 2009, de la condamnation du journaliste ind\u00e9pendant Fahem Boukadous par la cour d\u2019appel de Gafsa \u00e0 six ans de prison, Reporters sans fronti\u00e8res publie aujourd\u2019hui un rapport consacr\u00e9 \u00e0 l\u2019impossibilit\u00e9 pour les m\u00e9dias tunisiens ind\u00e9pendants du pouvoir mener leur activit\u00e9 d\u2019information dans l\u2019ind\u00e9pendance et la s\u00e9renit\u00e9.  \u00a0 Ce rapport, intitul\u00e9 \u00ab\u00a0Tunisie, Le courage d\u2019informer\u00a0\u00bb, fait suite \u00e0 une mission d\u2019enqu\u00eate men\u00e9e en novembre 2008, au cours de laquelle une d\u00e9l\u00e9gation de l\u2019organisation a rencontr\u00e9 des journalistes ind\u00e9pendants, qui continuent de travailler malgr\u00e9 les pressions incessantes des forces de s\u00e9curit\u00e9 tunisiennes. \u00a0 Reporters sans fronti\u00e8res examine notamment la fa\u00e7on dont la presse d\u2019opposition est utilis\u00e9e par le pr\u00e9sident tunisien comme \u00ab\u00a0\u00e9l\u00e9ment de d\u00e9cor\u00a0\u00bb pour afficher un pluralisme factice. La couverture du conflit social de Gafsa par le journaliste Fahem Boukadous constitue \u00e0 cet \u00e9gard un d\u00e9menti \u00e0 cet effort, et un d\u00e9fi historique face \u00e0 la volont\u00e9 des autorit\u00e9s d\u2019imposer un black-out total de l\u2019information sur cet \u00e9v\u00e9nement. Face \u00e0 ces difficult\u00e9s, certaines voix continuent malgr\u00e9 tout de d\u00e9noncer les d\u00e9rives s\u00e9curitaires et totalitaires du r\u00e9gime tunisien, faisant le pari de l\u2019information, au p\u00e9ril, parfois, de leur libert\u00e9 ou d\u2019une vie pacifi\u00e9e. \u00a0 Reporters sans fronti\u00e8res rappelle que la Tunisie se situe au 143\u00e8 rang de son classement mondial pour l\u2019ann\u00e9e 2008.<\/font> <strong>\u00a0 T\u00e9l\u00e9chargez le rapport \u00ab\u00a0Tunisie, Le courage d\u2019informer\u00a0\u00bb: http:\/\/www.rsf.org\/article.php3?id_article=30271<\/strong><\/div>\n<p align=\"justify\"><strong><\/strong><\/p>\n<hr\/>\n<p>\u00a0<\/p>\n<div align=\"center\"><strong><font>REPORTERS WITHOUT BORDERS<\/font> PRESS RELEASE 11.02.09 English \/ Arabic  TUNISIA <\/p>\n<p><font size=\"3\">\u201cTunisia, the courage to inform the public\u201d: Reporters Without Borders meets journalists living under high-level surveillance<\/font><\/p>\n<p><\/strong><\/div>\n<p align=\"justify\"> <strong><font>One week after an appeal court upheld a six-year jail sentence against independent journalist Fahem Boukadous, Reporters Without Borders today releases a report showing how independent Tunisian media find it impossible to freely and peacefully do its job of informing the public. \u00a0 The report, entitled \u201cTunisia, the courage to inform the public\u201d, follows an on-the-spot investigation in November 2008 in which a delegation from the worldwide press freedom organisation met independent journalists who continue to work despite the relentless pressure from the Tunisian security forces. \u00a0 Reporters Without Borders also examines the way in which the Tunisian president uses the opposition press as \u201can ornament\u201d of a bogus pluralism. Journalist Fahem Boukadous\u2019s coverage of social unrest in Gafsa amounted to a negation of this effort and a historic challenge to the authorities\u2019 determination to impose a total blackout on news about the disturbances there. Faced with these problems, some voices continue, despite everything, to condemn the Tunisian regime\u2019s security and totalitarian abuses, accepting the gamble of news-gathering and putting themselves at risk of loss of liberty or of a peaceful life. \u00a0 Reporters Without Borders ranked Tunisia 143rd out of 173 countries in its world press freedom index for 2008.<\/font>  \u00a0Download the report \u201cTunisia, the courage to inform the public\u201d : http:\/\/www.rsf.org\/article.php3?id_article=30272<\/strong><\/p>\n<hr\/>\n<p>\u00a0<\/p>\n<div align=\"center\">\n<h2 style=\"color: red;\"><font size=\"3\"><strong>IFJ Protests at Six Year Jail Term for Tunisian Journalist in Hiding<\/strong><\/font><\/h2>\n<\/div>\n<div> <font>February 09, 2009 \u00a0<\/font><\/div>\n<div>\u00a0<\/div>\n<div><font>The International Federation of Journalists (IFJ) today expressed its dismay at the six year jail sentence for Fahem Boukadous, a reporter for the satellite TV El Hiwar station, which was upheld by the Court of Appeal in Gafsa, Southern Tunisia . Boudadous had been convicted of membership of a criminal group following his coverage of demonstrations held in Gafsa last year.  \u00ab\u00a0This is an appalling miscarriage of justice against a journalist who was only doing his job covering the demonstration,\u00a0\u00bb said Aidan White, IFJ General Secretary. \u00ab\u00a0Our colleague should never have been put on trial in the first place as there has been no evidence to suggest he took part in these demonstrations. The authorities are seeking to silence their critics by cracking down on any coverage of anti-government activity using all means including sham trials.\u00a0\u00bb  According to media reports, the Court of Appeal last week confirmed the six year jail term handed to Fahem Boukadous and 37 other people on 11 December 2008 for \u00ab\u00a0forming a criminal association liable to attack persons and their property\u00a0\u00bb.  The charges against them followed a demonstration in a mining area in Gafsa which Fahem had covered for TV El Hiwar. He has since been living in hiding and was convicted in absentia.  The IFJ is further concerned about the safety of Ayman Arrezki, a journalist with El Hiwar Al Tounoussi TV who was arrested on Saturday at the headquarters of Attajdid, an opposition party in Tunisia . He had been covering a seminar for his station which broadcasts by satellite from Italy .  The IFJ last week condemned a number of press freedom violations in Tunisia , including the arrest of Dhafer Otay, editor of Karima radio station by the security forces who had also laid siege to the station as well as the seizure of issue no 113 of Attariq Aljadid newspaper.  \u00ab\u00a0There is clearly a government-driven campaign of harassment against journalists and media in Tunisia ,\u00a0\u00bb added White. \u00ab\u00a0We commend our colleague&rsquo;s determination not to be intimidated and hold the authorities responsible for the safety of our colleagues.\u00a0\u00bb  For more information contact the IFJ at +32 2 235 2207\u00a0\u00a0\u00a0\u00a0\u00a0\u00a0   The IFJ represents over 600,000 journalists in 123 countries worldwide<\/font> <strong>(Source: site de f\u00e9d\u00e9ration international des journaliste le 9 \/2\/2009) Lien : <\/strong><a href=\"http:\/\/mena.ifj.org\/en\/articles\/ifj-protests-at-six-year-jail-term-for-tunisian-journalist-in-hiding\" target=\"_blank\" rel=\"noopener\"><strong>http:\/\/mena.ifj.org\/en\/articles\/ifj-protests-at-six-year-jail-term-for-tunisian-journalist-in-hiding<\/strong><\/a><\/div>\n<div>\u00a0<\/div>\n<\/div>\n<p><\/font><\/div>\n<\/div>\n<div align=\"center\"><strong><\/p>\n<h2 style=\"color: red;\"><font size=\"3\"><\/p>\n<hr\/>\n<p>\u00a0Badreddine Ferchichi restera en prison<\/font><\/h2>\n<p><\/strong><\/div>\n<div align=\"justify\"> \u00a0Aujourd\u2019hui, mercredi 11 f\u00e9vrier 2009, la Cour de Cassation a admis le pourvoi pr\u00e9sent\u00e9 par l\u2019avocat g\u00e9n\u00e9ral du Tribunal militaire de Tunis contre le non-lieu prononc\u00e9 en faveur de Badreddine Ferchichi le 16 janvier 2008 et ce dernier attendra en prison le renvoi de son affaire devant le Tribunal militaire. Cette d\u00e9cision n\u2019est que l\u2019\u00e9ni\u00e8me \u00e9pisode d\u2019un calvaire qui a commenc\u00e9 en 2006 apr\u00e8s que les autorit\u00e9s bosniaques aient rejet\u00e9 la demande d\u2019asile de Badreddine Ferchichi. Alors qu\u2019il vivait en Bosnie depuis huit ans, qu\u2019il \u00e9tait mari\u00e9 \u00e0 Senada, de nationalit\u00e9 bosniaque, et qu\u2019il \u00e9tait p\u00e8re de quatre enfants, il a \u00e9t\u00e9 expuls\u00e9 de Bosnie le 29 ao\u00fbt 2006 dans un petit avion sp\u00e9cialement affr\u00e9t\u00e9 : la Bosnie n\u2019a pas de liaison directe avec Tunis et une tentative pr\u00e9c\u00e9dente via Istambul avait \u00e9chou\u00e9. D\u00e8s son arriv\u00e9e \u00e0 l\u2019a\u00e9roport de Tunis, il a \u00e9t\u00e9 arr\u00eat\u00e9 et d\u00e9f\u00e9r\u00e9 devant un juge d\u2019instruction militaire qui l\u2019a fait \u00e9crouer \u00e0 la prison du 9 avril \u00e0 Tunis. Son proc\u00e8s devant le Tribunal militaire s\u2019est ouvert le 16 janvier 2008. Il \u00e9tait accus\u00e9 en vertu de l\u2019article 123 du code des plaidoiries et sanctions militaires qui dispose \u00ab\u00a0 Tout Tunisien qui se met, en temps de paix, au service d\u2019une arm\u00e9e \u00e9trang\u00e8re ou d\u2019une organisation terroriste op\u00e9rant \u00e0 l\u2019\u00e9tranger est puni de dix ans d\u2019emprisonnement avec interdiction d\u2019exercer ses droits civiques[\u2026] \u00bb. Le tribunal pronon\u00e7a un non-lieu et c\u2019est toute sa petite famille, entre temps arriv\u00e9e de Bosnie, qui s\u2019est rendue \u00e0 la prison pour l\u2019accueillir \u00e0 sa sortie de prison. La d\u00e9ception fut de taille. Badreddine Ferchichi n\u2019est jamais pass\u00e9 la porte de la prison de Mornaguia, -l\u2019avocat g\u00e9n\u00e9ral s\u2019\u00e9tait pourvu en cassation imm\u00e9diatement apr\u00e8s le prononc\u00e9 du jugement. C\u2019est ce pourvoi qui a \u00e9t\u00e9 admis aujourd\u2019hui; Badreddine Ferchichi restera en prison jusqu\u2019\u00e0 son nouveau proc\u00e8s devant un tribunal militaire. <font><strong>Luiza Toscane<\/strong><\/font><\/div>\n<div align=\"justify\"><strong><\/p>\n<hr\/>\n<p><\/strong><\/div>\n<div align=\"justify\">\u00a0<\/div>\n<div align=\"justify\"><font><\/p>\n<div align=\"justify\">\n<p align=\"center\"><strong><\/p>\n<h2 style=\"color: red;\"><font size=\"3\">Lettre ouverte \u00e0 Monsieur le Secr\u00e9taire G\u00e9n\u00e9ral de l\u2019UGTT<\/font><\/h2>\n<p><\/strong>\u00a0 \u00a0<\/p>\n<p align=\"right\"><font face=\"Arial\" size=\"2\"><b>Tunis le 11 f\u00e9vrier 2009 <\/b><\/font><\/p>\n<p align=\"justify\"><font face=\"Arial\" size=\"2\"><b>Samia Mouelhi <\/b><sup><b>*<\/b><\/sup><\/font><\/p>\n<p align=\"justify\"><font><b>Slimane Ben Miled <\/b><sup><b>*<\/b><\/sup><\/font>\u00a0 \u00a0<\/p>\n<p align=\"justify\">Samedi 31 janvier 2009 \u00e0 9h30, j\u2019ai assist\u00e9 a un rassemblement au si\u00e8ge de l&rsquo;UGTT, place Mohamed Ali, pour manifester contre la convention relative \u00e0 des augmentations sp\u00e9cifiques accord\u00e9es \u00e0 l\u2019enseignement sup\u00e9rieur. J\u2019assiste rarement \u00e0 ce type de rassemblement, je ne suis pas une militante active et je n\u2019appartiens \u00e0 aucun courant politique. Non pas que la vie de la cit\u00e9 ne m\u2019int\u00e9resse pas mais j\u2019ai toujours \u00e9t\u00e9 partisane du libre arbitre et quand il m\u2019arrive de m\u2019engager pour une cause c\u2019est parce que je la ressens comme \u00e9tant profond\u00e9ment mienne. <\/p>\n<p align=\"justify\">Monsieur le Secr\u00e9taire G\u00e9n\u00e9ral de l\u2019UGTT je vous fais cette lettre, que vous lirez peut \u00eatre si vous avez le temps, pour que vous sachiez clairement ce qu\u2019a pu ressentir une travailleuse lambda au cours de cette r\u00e9union. J\u2019ai vu des enseignants universitaires unis dans leur courroux, j\u2019ai vu Monsieur Sami Aouadi, Secr\u00e9taire G\u00e9n\u00e9ral de la FGESRS, essayer tant bien que mal de m\u00e9nager la ch\u00e8vre et le chou. Mais j\u2019ai surtout d\u00fb \u00e9couter, pendant trop longtemps le grotesque monologue de Monsieur Moncef Zahi, repr\u00e9sentant du Bureau Ex\u00e9cutif, ferm\u00e9 au dialogue et sourd aux protestations de l\u2019auditoire qui lui faisait face. A l\u2019indignation de tous, il a, sur un ton suffisant, annonc\u00e9 qu\u2019il avait sign\u00e9 cet accord tout en sachant qu\u2019il ne satisfaisait personne (entendez par l\u00e0 les enseignants universitaires et les m\u00e9decins). Chercher l\u2019erreur\u00a0!!!<\/p>\n<p align=\"justify\">Submerg\u00e9 par son propre besoin de reconnaissance et son orgueil d\u00e9mesur\u00e9, cet homme n\u2019a pas su ou pas voulu reconnaitre la blessure des enseignants universitaires. Alors que la situation exigeait un tant soit peu de retenue, ce repr\u00e9sentant du BE de l\u2019UGTT a, au contraire, comme on dit chez nous, ajout\u00e9 de l\u2019huile sur le feu. Dans une autre situation, j\u2019aurais presque pu compatir \u00e0 son mal \u00eatre mais pas l\u00e0. Trop c\u2019est trop\u00a0!!! Ma d\u00e9cision de vous \u00e9crire \u00e9tait ant\u00e9rieure \u00e0 cette r\u00e9union mais cette derni\u00e8re ing\u00e9rence du BE de l\u2019UGTT dans l\u2019essence m\u00eame de ce qui me d\u00e9finit fait d\u00e9border la coupe d\u00e9j\u00e0 remplie. Il y a toujours un moment ou l\u2019on doit r\u00e9pondre de ses actes et de ses paroles et h\u00e9las ce jour-l\u00e0 le bureau ex\u00e9cutif a perdu une occasion d\u2019apaiser les tensions. Pire m\u00eame, il est arriv\u00e9 \u00e0 d\u00e9clencher l\u2019expression d\u2019une personne appartenant \u00e0 la majorit\u00e9 silencieuse. Aujourd\u2019hui je vous dis\u00a0: cela suffit, raz le bol, vous d\u00e9passez les bornes de ce que je suis capable de tol\u00e9rer. <\/p>\n<p align=\"justify\">Je vous accuse Monsieur le Secr\u00e9taire G\u00e9n\u00e9ral d\u2019avoir persist\u00e9 dans vos d\u00e9cisions malgr\u00e9 la protestation.<\/p>\n<p align=\"justify\">Je vous accuse Monsieur le Secr\u00e9taire G\u00e9n\u00e9ral de m\u2019avoir insult\u00e9 personnellement en essayant de m\u2019infantiliser.<\/p>\n<p align=\"justify\">Je vous accuse Monsieur le Secr\u00e9taire General de m\u2019avoir sacrifi\u00e9 \u00e0 l\u2019autel de vos ambitions personnelles. <\/p>\n<p align=\"justify\">Je vous accuse Monsieur le Secr\u00e9taire G\u00e9n\u00e9ral d\u2019avoir sap\u00e9 la confiance que je pla\u00e7ais dans l\u2019UGTT.<\/p>\n<p align=\"justify\">Rappelez-vous que c\u2019est l\u2019existence de milliers de travailleurs lambda comme moi qui vous donnent votre l\u00e9gitimit\u00e9. Un bon berger ne sacrifie aucune brebis (m\u00eame \u00e9gar\u00e9e), il essaie de la ramener dans son troupeau car il sait que c\u2019est chacune des brebis qui compose le troupeau. On ne gagne pas une cause en sacrifiant un groupe d\u2019individus aussi minoritaire soit il mais en respectant toutes les individualit\u00e9s qui constituent l\u2019ensemble. Cela s\u2019appelle la coh\u00e9sion sociale. Le syndicalisme ne va pas de pair avec le paternalisme ou la prise de pouvoir. Il est normalement un contrepoids d\u00e9cisif qui donne \u00e0 la R\u00e9publique et \u00e0 la D\u00e9mocratie ses lettres de noblesses. Vos amiti\u00e9s et vos choix de vie personnels ne regardent que vous tant que vous \u00eates capable de faire la part des choses. D\u00e8s lors que vos actions agressent les droits de ceux que vous proclamez d\u00e9fendre ne soyez pas \u00e9tonn\u00e9 qu\u2019une simple travailleuse exprime son m\u00e9contentement.<\/p>\n<p align=\"justify\">L\u2019effet Papillon \u00e9tablit qu\u2019une infime variation d&rsquo;un \u00e9l\u00e9ment peut s&rsquo;amplifier progressivement, jusqu&rsquo;\u00e0 provoquer des changements \u00e9normes au bout d&rsquo;un certain temps. Appliqu\u00e9e aux soci\u00e9t\u00e9s humaines, cette notion voudrait dire que des changements de comportement qui semblent insignifiants au d\u00e9part peuvent d\u00e9clencher des bouleversements \u00e0 grande \u00e9chelle. <\/p>\n<p align=\"justify\">A un \u00e2ge ou vous devriez vous rapprocher de la sagesse et faire le bilan de vos actions et engagements pass\u00e9s, reconnaissez Monsieur, qu\u2019h\u00e9las, votre responsabilit\u00e9 dans la r\u00e9cente action du bureau ex\u00e9cutif n\u2019engendre pas l\u2019apaisement mais apporte trouble et confusion dans mon attachement \u00e0 l\u2019UGTT.<\/p>\n<p align=\"justify\">Cela \u00e9tant, si vous aviez lu avec plus d\u2019attention les travaux scientifiques concernant l\u2019analyse de l&rsquo;\u00e9volution de nos soci\u00e9t\u00e9s, vous auriez alors appris que dans le futur, les transformations sociales seront de plus en plus li\u00e9es \u00e0 quelques actions individuelles plut\u00f4t qu&rsquo;\u00e0 des ph\u00e9nom\u00e8nes de masse. <\/p>\n<p align=\"justify\">Monsieur le Secr\u00e9taire General, c\u2019est pas pour vous f\u00e2cher, il faut que je vous dise, ma d\u00e9cision est prise je quitte l\u2019UGTT. Je pr\u00e9f\u00e8re placer mes espoirs dans l\u2019effet Papillon.<\/p>\n<p align=\"justify\"><font face=\"Arial\" size=\"2\"><b>Samia Mouelhi<\/b><\/font><\/p>\n<p align=\"justify\"><font face=\"Arial\" size=\"2\"><b>Slimane Ben Miled<\/b><\/font><\/p>\n<p align=\"justify\"><font face=\"Arial\" size=\"2\"><b>* Enseignants Universitaires et Militants syndicalistes de la r\u00e9gion de Tunis<\/b><\/font><\/p>\n<p><font face=\"Arial\" size=\"2\"><b>Source\u00a0: Forums de \u00ab\u00a0D\u00e9mocratie Syndicale et Politique\u00a0\u00bb et de \u00ab\u00a0Infos Syndicales de l\u2019Enseignement Sup\u00e9rieur\u00a0\u00bb<\/b><\/font><\/p>\n<p><font face=\"Arial\" size=\"2\"><b>Liens\u00a0: <\/b><\/font><a target=\"_blank\" rel=\"noopener\"><font face=\"Arial\" size=\"2\"><b><u>http:\/\/fr.groups.yahoo.com\/<wbr>group\/democratie_s_p<\/wbr><\/u><\/b><u>\/<\/u><\/font><\/a><\/p>\n<p><font face=\"Arial\" size=\"2\"><b>\u00a0\u00a0\u00a0\u00a0\u00a0\u00a0\u00a0\u00a0\u00a0\u00a0\u00a0\u00a0\u00a0 <\/b><\/font><a href=\"http:\/\/fr.groups.yahoo.com\/group\/infos_syndicales\/\" target=\"_blank\" rel=\"noopener\"><font face=\"Arial\" size=\"2\"><b><u>http:\/\/fr.groups.yahoo.com\/<wbr>group\/infos_syndicales<\/wbr><\/u><\/b><u>\/<\/u><\/font><\/a><\/p>\n<\/div>\n<p><\/font><\/div>\n<\/div>\n<div align=\"center\">\n<hr\/>\n<\/div>\n<div align=\"center\">\u00a0<\/div>\n<div align=\"center\"><strong><\/p>\n<h3 style=\"color: blue;\"><font size=\"3\">La \u00ab\u00a0Gr\u00e2ce\u00a0\u00bb de la d\u00e9mocratie selon le plan pr\u00e9visionnel : de 1956 \u00e0 2116<\/font><\/h3>\n<p><\/strong> <\/p>\n<div>\u00a0<\/div>\n<div align=\"justify\"><font><strong>Par : Abdelli Jilani<\/strong><\/font> \u00a0 A nous en Tunisie, Dieu nous a octroy\u00e9 deux faveurs : \u00a0La plus petite, c&rsquo;est qu&rsquo;Il nous a fait exister sur un point du globe terrestre tr\u00e8s loin des catastrophes naturelles : ouragans, s\u00e9ismes, volcans et autres ; cette d\u00e9cision- oh, combien indulgente !- nous a s\u00fbrement \u00e9pargn\u00e9 la disparition\u2026  La plus grande, c&rsquo;est qu&rsquo;Il nous a donn\u00e9, d\u00e8s l&rsquo;\u00e9poque coloniale, un Parti Unique, violent et oppresseur. Et d\u00e8s lors nous d\u00e9gustons sous sa tutelle la douceur du rassasiement, et quelle douceur ! Et comme cela, nous\u00a0 avons bien m\u00e9rit\u00e9 ces deux Gr\u00e2ces et notre ch\u00e8re Tunisie s&rsquo;est trouv\u00e9e bien r\u00e9compens\u00e9e par le Tout Puissant Cr\u00e9ateur\u2026  Mais attention ! Nous avons \u00e9t\u00e9 mis \u00e0 l&rsquo;\u00e9preuve par la pr\u00e9sence d&rsquo;une escouade d&rsquo;opposants opportunistes, opini\u00e2tres et malintentionn\u00e9s, dont nous\u00a0 avions mis un bon nombre d&rsquo;entre eux, que nous avions sous la main, en ge\u00f4les dans les corridors sombre et les camps de concentration\u2026 Plusieurs d&rsquo;entre eux ont p\u00e9ri, d&rsquo;autres attendent encore. Voil\u00e0 ; nous vivons maintenant tranquilles et cois ; rien ne nous pr\u00e9occupe ni \u00ab Tsunami \u00bb ni \u00ab Katerina \u00bb encore moins \u00ab Rita \u00bb, car nous sommes sous la protection de Dieu\u2026  Aussi, ce qui s&rsquo;est pass\u00e9 en Egypte, au Maroc ou en Mauritanie, ne nous fait gu\u00e8re peur, encore moins ce qui est arriv\u00e9 \u00e0 la G\u00e9orgie et \u00e0 l&rsquo;Ukraine. Car nous sommes aussi sous la garde vigilante du Parti Unique et que Dieu ne nous prive point de ses bienfaits et surtout de sa b\u00e9n\u00e9diction. Le Parti Unique, Dieu vous garde, depuis que tout lui est revenu -hommes, biens et b\u00eates- a adopt\u00e9 la doctrine de l&rsquo;unicit\u00e9 et de l&rsquo;union et nous a enseign\u00e9 comment l&rsquo;\u00e9tat s&rsquo;\u00e9tablit au sein du Parti Unique suivant le c\u00e9l\u00e8bre dicton d&rsquo;Elhallej : \u00ab Il n&rsquo;ya sous la soutane que Dieu \u00bb. \u00a0 Et ses assauts se sont r\u00e9pandus dans tous les coins et les recoins, les r\u00e9gions et les contr\u00e9es, \u00e0 l&rsquo;int\u00e9rieur comme \u00e0 l&rsquo;ext\u00e9rieur, \u00e9tendant ses ombrages, et ses miracles se sont \u00e9tendus partout. O\u00f9 que vous alliez, que vous vous trouviez\u00a0\u00a0\u00a0\u00a0\u00a0\u00a0\u00a0\u00a0\u00a0\u00a0\u00a0\u00a0\u00a0\u00a0 -Dieu vous prot\u00e8ge- vous trouverez les cellules territoriales ou professionnelles du Parti Unique, des cellules comme des bougies \u00e9tincelantes, par la gr\u00e2ce divine, dans toutes les r\u00e9gions et tous les quartiers !! C&rsquo;est un Parti qui n&rsquo;a rien laiss\u00e9 au hasard, et a tout mis \u00e0 son service -\u00eatres et choses- pour \u00e9laborer un plan con\u00e7u d&rsquo;une fa\u00e7on minutieuse, avec une philosophie\u00a0 distingu\u00e9e et une strat\u00e9gie progressive, avec des \u00e9tapes parfaites. Je crois -et gr\u00e2ces \u00e0 Dieu qui m&rsquo;a aid\u00e9 \u00e0 comprendre- que ce plan se repartit sur trois \u00e9tapes, chacune qui durerait une cinquantaine d&rsquo;ann\u00e9es sans prendre en consid\u00e9ration son calcul pour des prolongations n\u00e9cessaires. \u00a0 <strong>La premi\u00e8re cinquantaine r\u00e9volue de: 1956 &#8211; 2005<\/strong>  \u00a0 \u00a0Le Parti Seul et Unique s&rsquo;est int\u00e9ress\u00e9 en priorit\u00e9 \u00e0 l&rsquo;\u00e9dification d&rsquo;une infrastructure\u00a0 excellente et d&rsquo;un Etat, fort effrayant (l&rsquo;Etat ogre) ; la r\u00e9ussite a \u00e9t\u00e9, bel est bien, de sont c\u00f4t\u00e9\u2026 Allez voir, si vous aviez des doutes, les fa\u00e7ades et les entr\u00e9es des villes, les grandes avenues et les institutions et vous verrez des choses extraordinaires\u2026 Mais au nom de Dieu, d\u00e9sint\u00e9ressez-vous des fa\u00e7ades de derri\u00e8re, des veines, des ruelles, des impasses et des quartiers de taules et gourbis d\u00e9laiss\u00e9s, car leur entretien est programm\u00e9 et leurs \u00e9tudes sont pr\u00eates mais il faut bien consid\u00e9rer les co\u00fbts \u00e9lev\u00e9s, ainsi que les d\u00e9lais d&rsquo;ex\u00e9cution, Dieu seul les sait\u2026 Et\u00a0 si quelqu&rsquo;un\u00a0 vous rappelle\u00a0 le proverbe arabe qui dit : \u00abCe qui est d\u00e9cor\u00e9 de l&rsquo;ext\u00e9rieur comment va-t-il de l&rsquo;int\u00e9rieur ?\u00bb, sus au compositeur de ce dicton, c&rsquo;est sans doute un vil conspirateur\u00a0 ou un p\u00eacheur en eau trouble\u00a0 et soyez s\u00fbr, il est sous contr\u00f4le\u2026 \u00a0 <strong>La\u00a0 deuxi\u00e8me cinquantaine est celle de: 2006 &#8211; 2056<\/strong> \u00a0 Nous croyons que ce Parti prodige, a bien\u00a0 trac\u00e9 ses programmes, \u00e9dict\u00e9 -par la gr\u00e2ce de Dieu- ses lois pour aplanir ses efforts, axer et concentrer ses programmes, pour \u00e9difier une \u00e9conomie grandiose qui ne sera gu\u00e8re \u00e9branl\u00e9e par les temp\u00eates et les crises, et faire de notre cher pays un paradis \u00e9ternel o\u00f9 aucun ne conna\u00eetra ni famine, ni froid, ni peine, ni maladies. Nous ne verrons -Dieu prolonge votre vie- les milles milliers de clochards et de marginaux, ces pauvres et ces n\u00e9cessiteux. Vous ne verrez gu\u00e8re aucune trace de corruption, de n\u00e9potisme, de d\u00e9linquance, et de migration secr\u00e8te. Oui, dans cette p\u00e9riode, la cinquantaine prochaine, la prosp\u00e9rit\u00e9 dominera, la paix r\u00e9gnera puisque l&rsquo;\u00e9ternel Parti Unique a tout pr\u00e9vu en \u00e9laborant les causes de la r\u00e9ussite notamment les reformes \u00e9conomiques, le mariage avec la mondialisation et la privatisation du secteur public\u2026 \u00a0Que les citoyens soient heureux, l&rsquo;avenir sera florissant avec le Parti Unique\u2026 ! \u00a0Et que meure tous ceux qui ont bien de jalousie dans les c\u0153urs !! \u00a0 \u00a0<strong>\u00a0\u00a0 Enfin la cinquantaine finale de: 2056 &#8211; 2116<\/strong>  \u00a0 Ce qui est clair -et Dieu seul le sait- c&rsquo;est qu&rsquo;apr\u00e8s avoir construit, \u00e9difi\u00e9 l&rsquo;Etat et achev\u00e9 les r\u00e9formes \u00e9conomiques et les droits de l&rsquo;homme,\u00a0 le Parti Unique sera concern\u00e9\u00a0 -s&rsquo;il n&rsquo;y a pas de contraintes- pour maintenir des bases fortes et des r\u00e8gles strictes pour la d\u00e9mocratie. Et bien s\u00fbr, les d\u00e9mocrates seront tranquilles et satisfaits : \u00b7\u00a0\u00a0\u00a0\u00a0\u00a0\u00a0\u00a0 Quand toutes leurs demandes seront admises, demandes\u00a0 \u00e9nonc\u00e9es longtemps injustement, et qui par l\u00e0, ont provoqu\u00e9 des troubles qui ont menac\u00e9 la s\u00e9curit\u00e9 publique et conspir\u00e9 contre l&rsquo;Etat et la religion par des associations nuisibles.  \u00b7\u00a0\u00a0\u00a0\u00a0\u00a0\u00a0\u00a0 Quand ceux qui ont surv\u00e9cu \u00e0 leur lourde peine d&#8217;emprisonnement (s&rsquo;ils sont bien s\u00fbr de la classe de dinosaures) seront lib\u00e9r\u00e9s,\u00a0 et quand on proclamera la gr\u00e2ce g\u00e9n\u00e9rale et qu&rsquo;on r\u00e9parera pr\u00e9judice et d\u00e9g\u00e2ts pour les victimes, qu&rsquo;on respectera les libert\u00e9s individuelles et collectives, les droits \u00e0 l&rsquo;organisation, le financement, l&rsquo;activit\u00e9, l&rsquo;expression et la r\u00e9daction \u2026 \u00b7\u00a0\u00a0\u00a0\u00a0\u00a0\u00a0\u00a0 Quand on cessera de surveiller les engag\u00e9s et les locaux des partis et des associations non gouvernementales, de retenir les passeports, d&rsquo;interdire les manifestations, soit les rassemblements, soit les congr\u00e8s, soit les marches et de n\u00e9gliger les poursuites et les proc\u00e8s contre les militants. \u00b7\u00a0\u00a0\u00a0\u00a0\u00a0\u00a0\u00a0 Quand on ouvrira les portes de la participation, de la transparence, du questionnement, de la responsabilit\u00e9, de l&rsquo;\u00e9galit\u00e9 pour tous et\u00a0 entre les membres de l&rsquo;opposition et de ceux qui appartiennent au Parti autoritaire, seule\u00a0 la comp\u00e9tence et l&rsquo;honn\u00eatet\u00e9 feront la diff\u00e9rence. \u00a0 Voil\u00e0 -Dieu vous assure la vie et vous garde la patience- le plan fini, clair et suffisant avec laquelle le Parti Unique est toujours gagnant avec un pourcentage de 99,99 % dans toutes les \u00e9lections, un plan ! Et quel plan ! Progressif, \u00e9tudi\u00e9 et bien pr\u00e9cis permet au Parti convenable \u00e0 toutes les \u00e9tapes historiques de fonder la R\u00e9publique de l&rsquo;Avenir comme il nous l&rsquo;a\u00a0 promis depuis longtemps.  En mettant ce plan en place, le Parti Unique se sent bien \u00e0 l&rsquo;aise et peut- \u00eatre il donnera le flambeau \u00e0 quelqu&rsquo;un des tunisiens, s&rsquo;il existe et s&rsquo;il a le discernement\u00a0 et la comp\u00e9tence pour diriger. O ! Engag\u00e9s ! Soyez raisonnables et compr\u00e9hensifs, comprenez la politique des \u00e9tapes et la philosophie de la progression !\u00a0 Reportez vos programmes, vos propositions et vos participations ! Arr\u00eatez les troubles, ne vous h\u00e2tez pas et attendez avec nous le si\u00e8cle prochain qu&rsquo;on vous a promis ! En bref, pr\u00e9parez-vous, chers d\u00e9mocrates, pour le si\u00e8cle \u00e0 venir et remettez-vous en \u00e0 Dieu si vous \u00eates sinc\u00e8re et retroussez vos manches si vous \u00eates s\u00e9rieux. \u00a0 Que Dieu soutienne le Parti Seul et Unique, le Parti du pass\u00e9, du pr\u00e9sent et du futur ! \u00a0Que Dieu lui assure la r\u00e9ussite pour son plan progressif ! Et que Dieu pardonne les engag\u00e9s perturbants ! \u00a0Et qu&rsquo;Il absolve\u00a0 leurs p\u00e9ch\u00e9s du pass\u00e9 et du pr\u00e9sent, eux qui ne jamais comprenaient la politique du Parti Unique, parti n\u00e9 pour gouverner les tunisiens du berceau jusqu&rsquo;\u00e0 l&rsquo;\u00e9ternit\u00e9 !! \u00a0 <strong><font>Livre : Sc\u00e8nes et blagues Pages : 49, 50, 51, 52, 53 <\/font><\/strong>\u00a0<\/div>\n<\/div>\n<div align=\"center\">\n<hr\/>\n<\/div>\n<div align=\"center\">\n<h3 style=\"color: blue;\"><font size=\"3\"><strong>Mauritania says it&rsquo;s closed its embassy in Israel<\/strong><\/font><\/h3>\n<\/div>\n<div>\u00a0<\/div>\n<div align=\"justify\">Associated Press, le 11 f\u00e9vrier 2009 \u00e0 15h10 NOUAKCHOTT, Mauritania (AP) : The head of Mauritania&rsquo;s military junta says the West African country has closed its embassy in Israel. Gen. Mohamed Ould Abdel Aziz made the announcement late Tuesday. He did not say that Mauritania was severing its ties with Israel. Last month, Mauritania said it was suspending ties over the fighting in Gaza. Mauritania, which is overwhelmingly Muslim, has been one of only three Arab League countries to have diplomatic ties with the Jewish state. Associated Press<\/div>\n<div align=\"justify\">\n<hr\/>\n<\/div>\n<div align=\"center\"> <strong><\/p>\n<h3 style=\"color: blue;\"><font size=\"3\">Conseil des droits de l&rsquo;homme de l&rsquo;ONU: Washington \u00e9tudie une participation<\/font><\/h3>\n<p><\/strong> <\/div>\n<div align=\"justify\">\u00a0<\/div>\n<div align=\"justify\"> WASHINGTON &#8211; L&rsquo;administration du pr\u00e9sident am\u00e9ricain Barack Obama est en train d&rsquo;\u00e9tudier la mani\u00e8re de \u00ab\u00a0participer\u00a0\u00bb au Conseil des droits de l&rsquo;homme de l&rsquo;ONU, que l&rsquo;\u00e9quipe du pr\u00e9c\u00e9dent pr\u00e9sident George W. Bush avait boycott\u00e9, a indiqu\u00e9 un porte-parole du d\u00e9partement d&rsquo;Etat. L&rsquo;organisation Human Rights Watch (HRW) avait appel\u00e9 la semaine derni\u00e8re les Etats-Unis \u00e0 faire entendre leur voix dans cette organisation de l&rsquo;ONU cr\u00e9\u00e9e en 2006 dont ils ne sont pas membres, afin de pouvoir se prononcer sur les abus en mati\u00e8re de droits de l&rsquo;homme dans des pays comme la Chine. Robert Wood, porte-parole du d\u00e9partement d&rsquo;Etat, a dit mardi que l&rsquo;administration Obama \u00e9tudiait la question. \u00ab\u00a0Nous sommes en train de revoir notre politique et notre strat\u00e9gie vis-\u00e0-vis du Conseil des droits de l&rsquo;homme\u00a0\u00bb de l&rsquo;ONU, a-t-il dit. \u00ab\u00a0Nous voulons voir comment nous pouvons nous engager dans le Conseil des droits de l&rsquo;Homme\u00a0\u00bb de l&rsquo;ONU, a-t-il expliqu\u00e9, ajoutant: \u00ab\u00a0cela prends du temps\u00a0\u00bb. La Chine doit pr\u00e9senter lundi \u00e0 Gen\u00e8ve son rapport sur les droits de l&rsquo;homme devant les 47 pays membres du Conseil des droits de l&rsquo;homme, tandis que la Russie a pr\u00e9sent\u00e9 le sien la semaine derni\u00e8re.  Les Etats-Unis avaient refus\u00e9 de faire partie des membres du Conseil de l&rsquo;ONU comme membre votant lors de sa cr\u00e9ation en 2006 et ont limit\u00e9 leur participation \u00e0 un r\u00f4le d&rsquo;observateurs. Ils accusent le Conseil, qui a remplac\u00e9 la Commission des droits de l&rsquo;Homme, de se focaliser presque exclusivement sur Isra\u00ebl et de ne pas s&rsquo;occuper des violations des droits de l&rsquo;Homme dans des pays comme la Birmanie, le Zimbabwe, la Cor\u00e9e du Nord, le B\u00e9larus ou Cuba. \u00ab\u00a0Si les Etats-Unis sont v\u00e9ritablement d\u00e9cid\u00e9s \u00e0 combattre les violations (des droits de l&rsquo;homme, ndlr) et \u00e0 se r\u00e9engager dans le monde, ils devraient faire entendre leur voix au Conseil des droits de l&rsquo;Homme\u00a0\u00bb, a estim\u00e9 HRW dans un communiqu\u00e9. Mme Clinton doit se rendre en Chine \u00e0 la fin de la semaine prochaine dans le cadre d&rsquo;une tourn\u00e9e en Asie qui va la conduire notamment au Japon et en Cor\u00e9e du Sud. \u00ab\u00a0Au cours de ce voyage, les droits de l&rsquo;homme seront une question importante. La secr\u00e9taire (d&rsquo;Etat) abordera la question en temps voulu, lorsqu&rsquo;elle consid\u00e8rera qu&rsquo;elle aura le plus d&rsquo;effet\u00a0\u00bb, a assur\u00e9 M. Wood. Le Conseil des droits de l&rsquo;homme de l&rsquo;ONU compte notamment dans ses rangs des pays comme l&rsquo;Arabie saoudite, Cuba, le Pakistan ou le Nigeria. (\u00a9AFP \/ 11 f\u00e9vrier 2009 15h16) <\/div>\n<div align=\"justify\">\n<hr\/>\n<\/div>\n<div align=\"justify\">\u00a0<\/div>\n<div align=\"justify\">\n<div align=\"center\"><strong><\/p>\n<h3 style=\"color: blue;\"><font size=\"3\">La Norv\u00e8ge revient sur l&rsquo;autorisation du foulard islamique dans la police<\/font><\/h3>\n<p><\/strong><\/div>\n<div align=\"center\">\u00a0<\/div>\n<div align=\"justify\"> AFP, le 11 f\u00e9vrier 2009 \u00e0 14h18 OSLO, 11 f\u00e9v 2009 (AFP) &#8211; Le gouvernement norv\u00e9gien est revenu sur sa d\u00e9cision, annonc\u00e9e la semaine derni\u00e8re, d&rsquo;autoriser le port du foulard islamique (hijab) par ses fonctionnaires de police musulmans f\u00e9minins, une initiative qui avait soulev\u00e9 de vives critiques dans le pays. Le ministre de la Justice Knut Storberget a indiqu\u00e9 mardi soir que la question ferait l&rsquo;objet d&rsquo;une nouvelle r\u00e9flexion. \u00ab\u00a0Eu \u00e9gard aux d\u00e9bats qui ont \u00e9merg\u00e9 (&#8230;), notamment aux r\u00e9actions de Politiets Fellesforbund (le principal syndicat policier, ndlr), j&rsquo;estime n\u00e9cessaire de reprendre le processus \u00e0 z\u00e9ro\u00a0\u00bb, a annonc\u00e9 M. Storberget lors d&rsquo;un d\u00e9bat t\u00e9l\u00e9vis\u00e9 sur la cha\u00eene TV2. Ses propos confirment un communiqu\u00e9 de son minist\u00e8re. Mercredi dernier, le gouvernement de centre-gauche avait officiellement donn\u00e9 son feu vert au port du hijab, suivant un avis de la Direction g\u00e9n\u00e9rale de la police selon laquelle cela faciliterait le recrutement de femmes musulmanes. La d\u00e9cision avait provoqu\u00e9 un mini-toll\u00e9. La droite populiste, principal parti d&rsquo;opposition, avait d\u00e9nonc\u00e9 \u00ab\u00a0l&rsquo;islamisation progressive\u00a0\u00bb du pays scandinave et le syndicat Politiets Fellesforbund avait exprim\u00e9 son hostilit\u00e9, r\u00e9p\u00e9tant son attachement au principe de la neutralit\u00e9 de l&rsquo;uniforme. De nouvelles consultations vont maintenant \u00eatre entreprises, a affirm\u00e9 M. Storberget. Pour l&rsquo;instant, \u00ab\u00a0on ne dit pas non, (&#8230;) on ne dit pas oui non plus\u00a0\u00bb, a-t-il dit. Le port du foulard islamique et d&rsquo;autres attributs religieux est autoris\u00e9 dans plusieurs pays tels que la Grande-Bretagne et la Su\u00e8de.  AFP  \u00a0<\/div>\n<\/div>\n<\/div>\n<\/div>\n<p>\u00a0<\/p><\/div>\n<\/div>\n<\/div>\n<\/div>\n<\/div>\n<\/div>\n<p><\/font><\/p>\n<p align=\"center\" dir=\"ltr\">\n<h3 style=\"color: blue;\"><font face=\"Arial\" size=\"2\"><strong><b><a href=\"http:\/\/www.tunisnews.net\/\"><font face=\"Arial\"><span><font size=\"2\">Home<\/font><\/span><font size=\"2\"><span lang=\"FR-CH\"> &#8211; Accueil <\/span><span>&#8211; <\/span><\/font><\/font><span dir=\"rtl\" lang=\"AR-SA\"><font size=\"2\">\u0627\u0644\u0631\u0626\u064a\u0633\u064a\u0629<\/font><\/span><\/a><\/b><\/strong><\/font><\/h3>\n<\/p>\n<p><\/body><\/body><\/html><\/p>\n","protected":false},"excerpt":{"rendered":"<p>Home &#8211; Accueil TUNISNEWS 8\u00a0\u00e8me ann\u00e9e,N\u00b0\u00a03186 du 11.02.2009 \u00a0archives : www.tunisnews.net\u00a0\u00a0 CNLT: Me. Maatar, un avocat d\u00e9fenseur victime de repr\u00e9sailles fiscales Libert\u00e9 et Equit\u00e9: Nouvelles des libert\u00e9s en Tunisie Libert\u00e9 et Equit\u00e9: Interpellation de l\u2019\u00e9tudiant Zyed Siala Reporters sans frontieres: . Tunisie : le minist\u00e8re de l\u2019Int\u00e9rieur refuse la parution d\u2019un nouveau journal ind\u00e9pendant \u00ab\u00a0Tunisie, [&hellip;]<\/p>\n","protected":false},"author":1,"featured_media":22040,"comment_status":"open","ping_status":"open","sticky":false,"template":"","format":"standard","meta":{"inline_featured_image":false,"site-sidebar-layout":"default","site-content-layout":"","ast-site-content-layout":"default","site-content-style":"default","site-sidebar-style":"default","ast-global-header-display":"","ast-banner-title-visibility":"","ast-main-header-display":"","ast-hfb-above-header-display":"","ast-hfb-below-header-display":"","ast-hfb-mobile-header-display":"","site-post-title":"","ast-breadcrumbs-content":"","ast-featured-img":"","footer-sml-layout":"","ast-disable-related-posts":"","theme-transparent-header-meta":"","adv-header-id-meta":"","stick-header-meta":"","header-above-stick-meta":"","header-main-stick-meta":"","header-below-stick-meta":"","astra-migrate-meta-layouts":"default","ast-page-background-enabled":"default","ast-page-background-meta":{"desktop":{"background-color":"","background-image":"","background-repeat":"repeat","background-position":"center center","background-size":"auto","background-attachment":"scroll","background-type":"","background-media":"","overlay-type":"","overlay-color":"","overlay-opacity":"","overlay-gradient":""},"tablet":{"background-color":"","background-image":"","background-repeat":"repeat","background-position":"center center","background-size":"auto","background-attachment":"scroll","background-type":"","background-media":"","overlay-type":"","overlay-color":"","overlay-opacity":"","overlay-gradient":""},"mobile":{"background-color":"","background-image":"","background-repeat":"repeat","background-position":"center center","background-size":"auto","background-attachment":"scroll","background-type":"","background-media":"","overlay-type":"","overlay-color":"","overlay-opacity":"","overlay-gradient":""}},"ast-content-background-meta":{"desktop":{"background-color":"var(--ast-global-color-5)","background-image":"","background-repeat":"repeat","background-position":"center center","background-size":"auto","background-attachment":"scroll","background-type":"","background-media":"","overlay-type":"","overlay-color":"","overlay-opacity":"","overlay-gradient":""},"tablet":{"background-color":"var(--ast-global-color-5)","background-image":"","background-repeat":"repeat","background-position":"center center","background-size":"auto","background-attachment":"scroll","background-type":"","background-media":"","overlay-type":"","overlay-color":"","overlay-opacity":"","overlay-gradient":""},"mobile":{"background-color":"var(--ast-global-color-5)","background-image":"","background-repeat":"repeat","background-position":"center center","background-size":"auto","background-attachment":"scroll","background-type":"","background-media":"","overlay-type":"","overlay-color":"","overlay-opacity":"","overlay-gradient":""}},"footnotes":""},"categories":[],"tags":[54,40,29],"class_list":["post-17321","post","type-post","status-publish","format-standard","has-post-thumbnail","hentry","tag-54","tag-40","tag-fr"],"_links":{"self":[{"href":"https:\/\/tunisnews.net\/ar\/wp-json\/wp\/v2\/posts\/17321","targetHints":{"allow":["GET"]}}],"collection":[{"href":"https:\/\/tunisnews.net\/ar\/wp-json\/wp\/v2\/posts"}],"about":[{"href":"https:\/\/tunisnews.net\/ar\/wp-json\/wp\/v2\/types\/post"}],"author":[{"embeddable":true,"href":"https:\/\/tunisnews.net\/ar\/wp-json\/wp\/v2\/users\/1"}],"replies":[{"embeddable":true,"href":"https:\/\/tunisnews.net\/ar\/wp-json\/wp\/v2\/comments?post=17321"}],"version-history":[{"count":0,"href":"https:\/\/tunisnews.net\/ar\/wp-json\/wp\/v2\/posts\/17321\/revisions"}],"wp:featuredmedia":[{"embeddable":true,"href":"https:\/\/tunisnews.net\/ar\/wp-json\/wp\/v2\/media\/22040"}],"wp:attachment":[{"href":"https:\/\/tunisnews.net\/ar\/wp-json\/wp\/v2\/media?parent=17321"}],"wp:term":[{"taxonomy":"category","embeddable":true,"href":"https:\/\/tunisnews.net\/ar\/wp-json\/wp\/v2\/categories?post=17321"},{"taxonomy":"post_tag","embeddable":true,"href":"https:\/\/tunisnews.net\/ar\/wp-json\/wp\/v2\/tags?post=17321"}],"curies":[{"name":"wp","href":"https:\/\/api.w.org\/{rel}","templated":true}]}}