{"id":17304,"date":"2006-04-11T00:00:00","date_gmt":"2006-04-11T00:00:00","guid":{"rendered":"https:\/\/tunisnews.net\/11-avril-2006\/"},"modified":"2006-04-11T00:00:00","modified_gmt":"2006-04-11T00:00:00","slug":"11-avril-2006","status":"publish","type":"post","link":"https:\/\/tunisnews.net\/ar\/11-avril-2006\/","title":{"rendered":"11 avril 2006"},"content":{"rendered":"<p><html><head><meta content=\"text\/html\" description='Le peuple tunisien c\u00e9l\u00e8bre cette ann\u00e9e le 68\u00e8me \n  anniversaire des \u00e9v\u00e8nements du 9 avril 1938, ce jour l\u00e0 les tunisiennes et les \n  tunisiens sont sortis dans la rue pour exiger un \"Parlement tunisien\". \n  Aujourd\u2019hui, 68 ans apr\u00e8s, force est de constater qu\u2019ils sont toujours priv\u00e9s \n  de libert\u00e9 et d\u2019institutions d\u00e9mocratiques qui les repr\u00e9sentent. Pire encore, \n  la situation politique est sociale n\u2019a cess\u00e9 de se d\u00e9grader, elle se \n  caract\u00e9rise ces derniers jours par :' http-equiv=\"Content-Type\"\/><\/head><body><body style=\"text-align: justify\"><\/p>\n<p align=\"center\"><b><a href=\"http:\/\/www.tunisnews.net\"><span>Home<\/span><span lang=\"FR-CH\"> &#8211; Accueil <\/span><span>&#8211; <\/span><span dir=\"rtl\" lang=\"AR-SA\">\u0627\u0644\u0631\u0626\u064a\u0633\u064a\u0629<\/span><\/a><\/b><\/p>\n<div>\n<table border=\"1\" width=\"100%\">\n<tr>\n<td bgcolor=\"#efefef\" width=\"100%\"> <span lang=\"AR-SA\"> <\/p>\n<div align=\"left\">  <\/div>\n<div> <span lang=\"FR\"> <\/p>\n<div align=\"center\" dir=\"ltr\"> <font face=\"Arial\"><font size=\"2\"> <span lang=\"SV\"> <strong>TUNISNEWS<\/strong><\/span> <\/font><\/font> <\/div>\n<div align=\"center\" dir=\"ltr\"> <strong><font face=\"Arial\"><font size=\"2\">6\u00a0\u00e8me\u00a0ann\u00e9e,          <span lang=\"FR\">N\u00b0\u00a02150 du 11.04.2006<\/span><\/font><\/font><\/strong><\/div>\n<div align=\"center\" dir=\"ltr\"> <strong> <\/p>\n<div align=\"center\"> <b><span><blink> <font face=\"Arial\" size=\"2\">\u00a0archives : <\/font> <a href=\"http:\/\/www.tunisnews.net\/\" target=\"_blank\" rel=\"noopener\"> <font face=\"Arial\" size=\"2\" target=\"_blank\">            www.tunisnews.net<\/font><\/a><\/blink><\/span><\/b><font face=\"Arial\" size=\"2\"> <\/font> <\/div>\n<p> <\/strong><\/div>\n<p> <\/span><\/div>\n<p> <font face=\"Arial\"><font size=\"2\"> <\/p>\n<div align=\"left\" dir=\"ltr\">\n<hr noshade=\"\" size=\"8\"\/> <\/div>\n<p> <\/font><font face=\"Arial\"> <span lang=\"FR\"> <font size=\"2\"> <span lang=\"FR-CH\"> <span lang=\"FR\"><font size=\"3\"> <span lang=\"FR\"> <font><span lang=\"FR\"> <font face=\"Arial\" size=\"+0\"><\/p>\n<p><font face=\"Arial\" size=\"2\"> <\/p>\n<div align=\"left\" dir=\"ltr\"> <strong>Treizi\u00e8me jour de gr\u00e8ve de la faim du Prof. Ben Salem, de son         \u00e9pouse Halima et de son fils Oussama         <font>Reporters sans fronti\u00e8res: Un journaliste et un         cyberdissident en gr\u00e8ve de la faim<\/font>         AFP: Scientifique en gr\u00e8ve de la faim: les autorit\u00e9s d\u00e9mentent toute         restriction         <font>L\u2019\u00e9ditorial L\u2019Audace: RUMEUR\u2026<\/font>         Sami Ben Abdallah:\u00a0 L\u2019impr\u00e9visible succession \u00e0 ciel ouvert         <font>Texte de la transcription du discours de M. N.         Chebbi lors de la conf\u00e9rence de l\u2019AEI \u00e0 Washington<\/font>         Le Temps: Tout un plan pour faire de la Tunisie une place financi\u00e8re         r\u00e9gionale         <font>Le Temps: Le FADES finace le projet de         construction du barrage \u00ab\u00a0El Kebir\u00a0\u00bb \u00e0 Gafsa<\/font>          R\u00e9alit\u00e9s: Georges Adda : \u201cLe jour de l\u2019Ind\u00e9pendance \u00e9tait le 1er Juin         1955\u201d         <font>Khouloud El Amri: Qui tue qui en Iraq?<\/font>         Edito du Monde: Apr\u00e8s l&rsquo;Irak, l&rsquo;Iran ?         <font>Le Monde: Le Hamas puni<\/font><\/strong><\/div>\n<p> <\/font><\/p>\n<p><\/font><\/span><\/font><\/span><\/font><\/span><\/span><\/font><\/span> <\/font><\/font><\/span><\/td>\n<\/tr>\n<\/table>\n<\/div>\n<div align=\"center\"> <font face=\"Arial\" size=\"2\"><strong><font>En comm\u00e9moration du   68\u00e8me anniversaire des \u00e9v\u00e8nements du 9 avril 1938<\/font><\/strong><\/font><\/div>\n<div align=\"center\"> <strong><font> <\/font><\/p>\n<h2 style=\"color: red;\"><font face=\"Arial\">Rassemblement \u00e0 Paris le mercredi 12   avril 2006 \u00e0 19h00<\/font><\/h2>\n<p><\/strong><\/div>\n<div align=\"justify\"> <font face=\"Arial\" size=\"2\">Le peuple tunisien c\u00e9l\u00e8bre cette ann\u00e9e le 68\u00e8me   anniversaire des \u00e9v\u00e8nements du 9 avril 1938, ce jour l\u00e0 les tunisiennes et les   tunisiens sont sortis dans la rue pour exiger un \u00ab\u00a0Parlement tunisien\u00a0\u00bb.   Aujourd\u2019hui, 68 ans apr\u00e8s, force est de constater qu\u2019ils sont toujours priv\u00e9s   de libert\u00e9 et d\u2019institutions d\u00e9mocratiques qui les repr\u00e9sentent. Pire encore,   la situation politique est sociale n\u2019a cess\u00e9 de se d\u00e9grader, elle se   caract\u00e9rise ces derniers jours par :<\/font><\/div>\n<div align=\"justify\"> <font face=\"Arial\" size=\"2\">&#8211;\u00a0\u00a0\u00a0\u00a0\u00a0\u00a0\u00a0\u00a0 Des menaces de mort lanc\u00e9es par la   police politique \u00e0 l\u2019encontre des dirigeants de l\u2019opposition, en particulier   ceux du collectif 18 octobre pour les droits et les libert\u00e9s.   &#8211;\u00a0\u00a0\u00a0\u00a0\u00a0\u00a0\u00a0\u00a0 Une campagne de d\u00e9nigrement et de calomnies contre l\u2019opposition   orchestr\u00e9e par les journaux aux ordres de la police.   &#8211;\u00a0\u00a0\u00a0\u00a0\u00a0\u00a0\u00a0\u00a0 La multiplication des gr\u00e8ves de la faim men\u00e9es par les prisonniers   politiques pour exiger leur lib\u00e9ration, ou par des citoyens priv\u00e9es de leurs   droits les plus \u00e9l\u00e9mentaires comme c\u2019est le cas du Pr Moncef Ben Salem (priv\u00e9s   de passeport et harcel\u00e9s lui et sa famille depuis plus de 15 ans) et du   journaliste Slim Boukhdhir (renvoy\u00e9 de son travail).   &#8211;\u00a0\u00a0\u00a0\u00a0\u00a0\u00a0\u00a0\u00a0 La d\u00e9gradation de la situation sociale et l\u2019augmentation du nombre   des licenciements arbitraires et sans garantie des moindres droits. Les   tentatives de lutter contre ces licenciements sont brutalement r\u00e9prim\u00e9es,   comme en t\u00e9moigne la r\u00e9pression polici\u00e8re le 4 avril dernier du sit-in des   ouvri\u00e8res et des ouvriers de la soci\u00e9t\u00e9 \u00ab\u00a0Fantasia\u00a0\u00bb.   &#8211;\u00a0\u00a0\u00a0\u00a0\u00a0\u00a0\u00a0\u00a0 La r\u00e9pression polici\u00e8re et les conseils disciplinaires dress\u00e9s pour   renvoyer les militants \u00e9tudiants sont la seule r\u00e9ponse que les autorit\u00e9s   opposent \u00e0 leurs revendications l\u00e9gitimes. R\u00e9cemment cinq \u00e9tudiants de la   facult\u00e9 des sciences de Sfax ont \u00e9t\u00e9 renvoy\u00e9s. Un autre groupe d\u2019\u00e9tudiants de   l\u2019institut sup\u00e9rieur de l\u2019animation culturelle de Bir El-Bay sera traduit   devant le conseil de discipline suite \u00e0 la gr\u00e8ve que m\u00e8nent les \u00e9tudiant de   l\u2019institut depuis le 13 f\u00e9vrier dernier.   En la m\u00e9moire des martyrs du 9 avril 1938, tomb\u00e9s sous les balles de   l\u2019occupant fran\u00e7ais pour exiger un parlement tunisien libre et repr\u00e9sentatif,   Et dans le cadre de notre engagement \u00e0 poursuivre cette lutte pour   l\u2019instauration d\u2019un r\u00e9gime d\u00e9mocratique \u00e9manant d\u2019institutions repr\u00e9sentatives   et issues d\u2019\u00e9lections libres,<\/font><\/div>\n<div align=\"justify\"> <strong><font face=\"Arial\" size=\"2\">Le collectif 18 octobre de   Paris pour les libert\u00e9s et les droits en Tunisie appelle \u00e0 un rassemblement :<\/font><\/strong><\/div>\n<p><font><\/p>\n<div align=\"justify\"> <font face=\"Arial\" size=\"2\"><strong>Mercredi 12 avril   2006 \u00e0 19h00   Place de La Fontaine des Innocents   M\u00e9tro Ch\u00e2telet les Halles   Sortie Pierre Lescot<\/strong><\/font><\/div>\n<div align=\"justify\"> <strong><\/p>\n<hr\/>\n<p><\/strong><\/div>\n<div align=\"justify\">  \u00a0<\/div>\n<div align=\"justify\"> <font> <\/p>\n<div align=\"justify\">\n<div align=\"center\"> <span><\/p>\n<h2 style=\"color: red;\"><font size=\"2\"><strong>Comit\u00e9 International de Soutien au Prof. Moncef Ben Salem<\/strong><\/font><\/h2>\n<p><\/span><\/div>\n<div align=\"center\"> <span><font size=\"2\"> <a href=\"mailto:reporteur2005@yahoo.de\" target=\"_blank\" rel=\"noopener\">      reporteur2005@yahoo.de<\/a><\/font><\/span><\/div>\n<div>      \u00a0<\/div>\n<div align=\"center\"> <font>Communiqu\u00e9<\/font><\/div>\n<div>      \u00a0<\/div>\n<div align=\"center\"> <font><strong>Treizi\u00e8me jour de gr\u00e8ve de la faim du Prof.       Ben Salem, <\/strong><\/font> <\/div>\n<div align=\"center\"> <font><strong>de son \u00e9pouse Halima et de son fils Oussama<\/strong><\/font><\/div>\n<div align=\"center\">      \u00a0<\/div>\n<div align=\"center\"> <font><strong>La solidarit\u00e9 se renforce de jour en jour      <\/strong><\/font> <\/div>\n<div align=\"center\"> <font><strong>autour de la famille du Prof. Moncef Ben       Salem<\/strong><\/font><\/div>\n<div>      \u00a0<\/div>\n<div>      11 avril 2006    <\/div>\n<div>      \u00a0<\/div>\n<div>      \u00a0\u00a0\u00a0\u00a0\u00a0\u00a0\u00a0\u00a0\u00a0\u00a0\u00a0 Le Prof Ben Salem, sa femme Halima et son fils Ousama sont de       plus en plus \u00e9prouv\u00e9s par leur gr\u00e8ve de la faim qui entre dans sa       treizi\u00e8me journ\u00e9e, avec l\u2019apparition de maux au niveau de la poitrine et       des reins. En revanche, la solidarit\u00e9 se renforce de jour en jour. C\u2019est       ainsi que les gr\u00e9vistes ont re\u00e7u de nombreux appels et la visite de       groupes d\u2019intellectuels, de militants des droits de l\u2019homme, et d\u2019hommes       politiques de Sfax ou d\u2019ailleurs. Ce mouvement a pu \u00eatre constat\u00e9 au sein       de notre Comit\u00e9 de Soutien \u00e0 travers des appels de personnalit\u00e9s du monde       des medias fran\u00e7ais et europ\u00e9ens.<\/div>\n<div>      \u00a0\u00a0\u00a0\u00a0\u00a0\u00a0\u00a0\u00a0\u00a0\u00a0\u00a0 A cette occasion, notre Comit\u00e9 salue le Parti D\u00e9mocratique       Progressiste et son Conseil National qui a d\u00e9p\u00each\u00e9 une d\u00e9l\u00e9gation qui       s\u2019est rendue au domicile du Professeur Ben Salem. L\u2019on a aussi appris que       des d\u00e9l\u00e9gations d\u2019avocats ont effectu\u00e9 la m\u00eame d\u00e9marche de solidarit\u00e9 et       de soutien.<\/div>\n<div>      \u00a0\u00a0\u00a0\u00a0\u00a0\u00a0\u00a0\u00a0\u00a0\u00a0\u00a0 Notre Comit\u00e9 informe qu\u2019il a effectu\u00e9 de nombreux contacts       avec des agences d\u2019information, et il a \u00e9crit \u00e0 des journaux europ\u00e9ens et       arabes et \u00e0 d\u2019autres organes m\u00e9diatiques comme les t\u00e9l\u00e9visions       satellitaires pour couvrir le mouvement et expliquer ses motivations. Il a       aussi entam\u00e9 des contacts avec les milieux acad\u00e9miques. De m\u00eame, le Comit\u00e9       entame \u00e0 partir de ce soir une campagne de sensibilisation de grande       envergure aupr\u00e8s des milieux politiques europ\u00e9ens, comme il a effectu\u00e9 des       d\u00e9marches dans le m\u00eame sens aupr\u00e8s d\u2019organisations humanitaires       internationales.<\/div>\n<div>      \u00a0\u00a0\u00a0\u00a0\u00a0\u00a0\u00a0\u00a0\u00a0\u00a0\u00a0\u00a0 Le Comit\u00e9 renouvelle son appel aux forces vives en Tunisie et       \u00e0 l\u2019\u00e9tranger afin qu\u2019elles apportent leur soutien aux revendications       combien l\u00e9gitimes et vitales de cette famille de pouvoir b\u00e9n\u00e9ficier des       soins m\u00e9dicaux et de vivre dans la d\u00e9cence et dans la dignit\u00e9 apr\u00e8s tant       d\u2019ann\u00e9es de bannissement et de souffrances physiques et morales.    <\/div>\n<div> <font><strong>Pour le Comit\u00e9\u00a0:<\/strong><\/font><\/div>\n<div>      \u00a0<\/div>\n<div> <font><strong>Dr. Violette Daguerre, Pr\u00e9sidente du Comit\u00e9\u00a0;<\/strong><\/font><\/div>\n<div> <strong><font>Morsel El Kesibi, Coordinateur<\/font><\/strong><\/div>\n<div> <font><strong>e-mail du Comit\u00e9\u00a0:<\/strong><\/font><\/div>\n<div> <strong><font>reporteur2005@yahoo.de<\/font><\/strong><\/div>\n<div> <strong>\u00a0<\/strong><\/div>\n<div> <strong>Contact de Saif Ben Salem, fils du Prof. Ben Salem, Paris,       Portable\u00a0: +33 (0)6 11 71 08 38 <\/strong> <\/div>\n<div> <strong>e-mail\u00a0: <a href=\"mailto:saif@ifrance.com\">saif@ifrance.com<\/a><\/strong><\/div>\n<\/p><\/div>\n<p> <\/font><\/div>\n<div align=\"justify\">  \u00a0<\/div>\n<p><\/font><\/p>\n<div> <font face=\"Arial\" size=\"2\"><\/p>\n<hr\/>\n<p><\/font><\/div>\n<div>  \u00a0<\/div>\n<div align=\"center\"> <font face=\"Arial\" size=\"2\"><strong><font>Reporters sans   fronti\u00e8res   <\/font><\/strong>TUNISIE<\/font><\/div>\n<div align=\"center\">  11.04.06   <font face=\"Arial\"><strong><\/p>\n<h2 style=\"color: red;\"><font>UN JOURNALISTE ET UN   CYBERDISSIDENT EN GR\u00c8VE DE LA FAIM<\/font><\/h2>\n<p><\/strong><\/font><\/div>\n<p><font face=\"Arial\" size=\"2\"><\/p>\n<div align=\"center\">  \u00a0<\/div>\n<div align=\"justify\">     Reporters sans fronti\u00e8res est inqui\u00e8te de l&rsquo;\u00e9tat de sant\u00e9 du journaliste   tunisien Slim Boukhdir, en gr\u00e8ve de la faim depuis le 4 avril 2006 et de   l&rsquo;avocat Mohammed Abbou, en gr\u00e8ve de la faim depuis le 11 mars 2006.   L&rsquo;organisation appelle les autorit\u00e9s tunisiennes \u00e0 prendre en consid\u00e9ration   les revendications des deux hommes.      \u00ab\u00a0Quatre mois apr\u00e8s le Sommet mondial sur la soci\u00e9t\u00e9 de l&rsquo;information (SMSI),   les pressions et menaces contre les journalistes et cyberdissidents n&rsquo;ont pas   cess\u00e9. Le cas de Slim Boukhdir\u00a0 illustre \u00e0 lui seul cette situation : pour   avoir publi\u00e9 des articles son passeport a \u00e9t\u00e9 confisqu\u00e9 et son salaire gel\u00e9.   Il est inacceptable que la gr\u00e8ve de la faim constitue le seul recours possible   pour les journalistes r\u00e9prim\u00e9s parce qu&rsquo;ils ont tent\u00e9 de s&rsquo;exprimer librement\u00a0\u00bb,   a d\u00e9clar\u00e9 Reporters sans fronti\u00e8res.      \u00ab\u00a0Nous tenons \u00e9galement a rappeler que le pr\u00e9sident Zine el Abidine Ben Ali qui   a gr\u00e2ci\u00e9 plus de 80\u00a0 prisonniers politiques le 25 f\u00e9vrier 2006, est rest\u00e9   sourd aux revendications des organisations internationales de d\u00e9fense des   droits de l&rsquo;homme et de la soci\u00e9t\u00e9 civile tunisienne concernant la lib\u00e9ration   de\u00a0 Mohammed Abbou, emprisonn\u00e9 depuis plus d&rsquo;un an\u00a0\u00bb, a ajout\u00e9 l&rsquo;organisation.         Journaliste au quotidien progouvernemental Al-Chourouk et correspondant \u00e0   Tunis du site Internet de la cha\u00eene de t\u00e9l\u00e9vision satellite Al-Arabiya, Slim   Boukhdir aurait critiqu\u00e9 les autorit\u00e9s tunisiennes dans des articles parus sur   alarabiya.net. Il a notamment publi\u00e9 des d\u00e9clarations des membres du mouvement   des \u00ab\u00a0gr\u00e8vistes de la faim du 18 octobre\u00a0\u00bb et des responsables de partis   politiques non reconnus en Tunisie. Il a \u00e9galement comment\u00e9 la situation des   prisonniers politiques dans le pays, en insistant sur le cas\u00a0 de Mohammed   Abbou.      Contact\u00e9 par Reporters sans fronti\u00e8res, Slim Boukhdir a d\u00e9clar\u00e9 avoir \u00e9t\u00e9 mis   au ban de son quotidien, aucun de ses articles n&rsquo;ayant \u00e9t\u00e9 publi\u00e9 depuis   novembre 2005. \u00ab\u00a0Mon salaire est gel\u00e9 depuis f\u00e9vrier 2006, mais on refuse de me   signifier officiellement mon licenciement. On me refuse \u00e9galement   l&rsquo;attribution d&rsquo;une carte de presse. Aujourd&rsquo;hui, je\u00a0 demande le droit \u00e0 la   libert\u00e9 d&rsquo;_expression et au travail\u00a0\u00bb, a-t-il expliqu\u00e9.      Mohammed Abbou, lui,\u00a0 a entam\u00e9 sa gr\u00e8ve de la faim le 11 mars 2006 pour   protester contres les conditions de sa d\u00e9tention qui se sont d\u00e9t\u00e9rior\u00e9es   depuis le 2 mars 2006, date d&rsquo;un rassemblement devant la prison de Kef, o\u00f9 il   est d\u00e9tenu. Ce jour-l\u00e0,\u00a0 son \u00e9pouse, Samia Abbou \u00e9tait parvenue \u00e0 manifester   quelques instants, accompagn\u00e9e de quatre de ses avocats. Le petit groupe avait   brandi des portraits de l&rsquo;avocat en scandant son nom. Leur voiture avait \u00e9t\u00e9   arr\u00eat\u00e9e une quinzaine de fois par la police sur la route menant de Tunis au   centre p\u00e9nitentiaire. D&rsquo;autres militants des droits de l&rsquo;homme qui cherchaient   \u00e0 rejoindre le rassemblement avaient \u00e9t\u00e9 forc\u00e9s de rebrousser chemin.      Interrog\u00e9e par Reporters sans fronti\u00e8res, Samia Abbou a d\u00e9clar\u00e9 que son mari   avait beaucoup maigri et que son \u00e9tat de sant\u00e9 \u00e9tait inqui\u00e9tant.      Mohammed Abbou, surnomm\u00e9 \u00ab l&rsquo;avocat de la libert\u00e9 \u00bb est emprisonn\u00e9 depuis le   1er mars 2005. Il a \u00e9t\u00e9 condamn\u00e9, le 29 avril 2005, \u00e0 trois ans et six mois de   prison, \u00e0 l&rsquo;issue d&rsquo;un simulacre de proc\u00e8s. Sa peine a \u00e9t\u00e9 confirm\u00e9e en appel   deux mois plus tard. L&rsquo;avocat \u00e9tait jug\u00e9 dans le cadre de deux affaires. Dans   le premier dossier, il a \u00e9t\u00e9 condamn\u00e9 \u00e0 deux ans de prison pour la pr\u00e9tendue   agression de l&rsquo;une de ses consoeurs, en 2002, sans qu&rsquo;aucune preuve ne soit   venue \u00e9tayer cette accusation. Dans un deuxi\u00e8me dossier, Mohammed Abbou a \u00e9t\u00e9   condamn\u00e9 \u00e0 un an et demi de prison pour la publication sur Internet d&rsquo;un   article dans lequel il comparait les tortures inflig\u00e9es en Tunisie \u00e0 des   prisonniers politiques aux exactions de soldats am\u00e9ricains \u00e0 Abou Ghraib. <\/p>\n<hr\/>\n<\/div>\n<p><\/font><\/p>\n<div> <font face=\"Arial\" size=\"2\"> <\/p>\n<p align=\"center\"> <span lang=\"FR-CH\">  Brimades<\/span><\/p>\n<p> <span lang=\"FR-CH\">\u00a0<\/span><\/p>\n<p> <span lang=\"FR-CH\">La famille du   prisonnier politique <b><span>Noureddine Arbaoui<\/span><\/b>   a inform\u00e9 le journal El Maoukif que leur fils incarc\u00e9r\u00e9 depuis quinze ans   \u00e9tait en butte, comme nombre de prisonniers de droits commun, \u00e0 des brimades \u00e0   la prison de Kasserine pour avoir pratiqu\u00e9 les pri\u00e8res rituelles. Pourtant les   lois r\u00e9gissant la vie carc\u00e9rale garantissent le droit de culte. Sa famille a   affirm\u00e9 qu\u2019il \u00e9tait r\u00e9solu \u00e0 faire une gr\u00e8ve de la faim si ces brimades   continuaient.<\/span><\/p>\n<p> <span lang=\"FR-CH\">\u00a0<\/span><\/p>\n<p><b> <span lang=\"FR-CH\">  (Source : El Maoukif N\u00b0354 du 7 avril 2006)<\/span><\/b><\/p>\n<p> <span lang=\"FR-CH\">\u00a0<\/span><\/p>\n<p><b> <span lang=\"FR-CH\">  (Traduction ni revue ni corrig\u00e9e par les auteurs de la version en arabe, LT)<\/span><\/b><\/p>\n<p><\/font><\/div>\n<div> <font face=\"Arial\" size=\"2\"><\/p>\n<hr\/>\n<p><\/font><\/div>\n<div>  \u00a0<\/div>\n<div align=\"center\"> <font face=\"Arial\"><strong><\/p>\n<h2 style=\"color: red;\"><font>Scientifique en gr\u00e8ve de la   faim: les autorit\u00e9s d\u00e9mentent toute restriction<\/font><\/h2>\n<p><\/strong>\u00a0<\/font><\/div>\n<div align=\"justify\"> <font face=\"Arial\" size=\"2\">AFP, le 10.04.2006 \u00e0<font> 17h38<\/font>   TUNIS, 10 avr 2006 (AFP) &#8211; Les autorit\u00e9s tunisiennes ont affirm\u00e9\u00a0 lundi que   l&rsquo;opposant et scientifique tunisien, Moncef Ben Salem, en\u00a0 gr\u00e8ve de la faim   depuis le 30 mars, \u00e9tait \u00ab\u00a0libre de ses mouvements\u00a0 et ne fait l&rsquo;objet d&rsquo;aucune   restriction\u00a0\u00bb.   \u00a0   Moncef Ben Salem a \u00e9t\u00e9 condamn\u00e9 en 1987 \u00ab\u00a0dans une affaire\u00a0 criminelle li\u00e9e \u00e0   ses activit\u00e9s au sein du mouvement terroriste\u00a0 +Ennahdha+, et ce pour   complicit\u00e9 dans la pr\u00e9paration et l&rsquo;ex\u00e9cution\u00a0 d&rsquo;un complot terroriste\u00a0\u00bb, a   indiqu\u00e9 \u00e0 l&rsquo;AFP une source officielle \u00e0\u00a0 Tunis.   \u00a0   \u00ab\u00a0Il est actuellement libre de ses mouvements et ne fait l&rsquo;objet\u00a0 d&rsquo;aucune   restriction\u00a0\u00bb, a ajout\u00e9 cette source.   \u00a0   Plusieurs associations des droits de l&rsquo;Homme avaient indiqu\u00e9\u00a0 dimanche que le   Professeur Ben Salem, 53 ans, est en gr\u00e8ve de la\u00a0 faim depuis le 30 mars pour   d\u00e9noncer \u00ab\u00a0les pers\u00e9cutions\u00a0\u00bb dont il fait\u00a0 l&rsquo;objet avec sa famille depuis 19   ans.   \u00a0   \u00ab\u00a0C&rsquo;est le renvoi d\u00e9finitif de son fils (Oussama) de la facult\u00e9\u00a0 de science de   Sfax pour des motifs abusifs qui a motiv\u00e9 sa\u00a0 d\u00e9cision\u00a0\u00bb, avait soulign\u00e9   l&rsquo;association de d\u00e9fense des droits de\u00a0 l&rsquo;Homme Solidarit\u00e9 tunisienne, dans un   communiqu\u00e9 re\u00e7u dimanche par\u00a0 l&rsquo;AFP \u00e0 Paris.   \u00a0   Les autorit\u00e9s tunisiennes indiquent \u00e0 ce sujet que le conseil de\u00a0 discipline   de cette facult\u00e9 a \u00ab\u00a0d\u00e9cid\u00e9, le 7 avril 2006, d&rsquo;adresser\u00a0 un bl\u00e2me \u00e0   l&rsquo;int\u00e9ress\u00e9\u00a0\u00bb et assurent que celui-ci \u00ab\u00a0n&rsquo;a jamais \u00e9t\u00e9\u00a0 l&rsquo;objet d&rsquo;un renvoi\u00a0\u00bb.   \u00a0   Elles affirment aussi qu&rsquo;Oussama Ben Salem \u00ab\u00a0connu pour son\u00a0 appartenance \u00e0 un   courant extr\u00e9miste (&#8230;) a particip\u00e9 avec un\u00a0 groupe d&rsquo;\u00e9l\u00e9ments cagoul\u00e9s \u00e0 la   destruction d&rsquo;un mur dans l&rsquo;enceinte\u00a0 de la facult\u00e9\u00a0\u00bb.   \u00a0   Dans un texte annon\u00e7ant sa gr\u00e8ve de la faim, M. Ben Salem \u00e9crit\u00a0 qu&rsquo;il s&rsquo;agit   du seul moyen qu&rsquo;il lui reste \u00ab\u00a0pour protester contre\u00a0 les abominables   atrocit\u00e9s\u00a0\u00bb et les \u00ab\u00a0pers\u00e9cutions\u00a0\u00bb dont lui et sa\u00a0 famille font l&rsquo;objet.   \u00a0\u00bb   Depuis 1987, le Dr Ben Salem vit sans salaire, sans assurance\u00a0 maladie, sans   couverture sociale et est priv\u00e9 de ses droits aux\u00a0 d\u00e9placements, aux   mouvements ainsi que d&rsquo;exercer une profession pour\u00a0 subvenir aux besoins de sa   famille\u00a0\u00bb, avait soulign\u00e9 pour sa part\u00a0 l&rsquo;association V\u00e9rit\u00e9-Action.   \u00a0   Professeur de math\u00e9matique et de physique, M. Ben Salem a\u00a0 d\u00e9clar\u00e9 lundi que   \u00ab\u00a0le renvoi de son fils n&rsquo;\u00e9tait que la goutte\u00a0 qui a fait d\u00e9border le vase\u00a0\u00bb,   affirmant poursuivre sa gr\u00e8ve de la\u00a0 faim avec son \u00e9pouse au domicile familial   \u00e0 Sfax (300 km de Tunis).   \u00a0   AFP   \u00a0   <\/font><font><font face=\"Arial\" size=\"2\">(Remarque : cette   d\u00e9p\u00eache comporte quelques corrections par rapport \u00e0 celle publi\u00e9e pr\u00e9c\u00e9demment   le m\u00eame jour)<\/font><\/font><\/div>\n<div align=\"justify\"> <font face=\"Arial\" size=\"2\"><\/p>\n<hr\/>\n<p><\/font><\/div>\n<div align=\"justify\"> <font face=\"Arial\" size=\"2\"> <strong><\/p>\n<h2 style=\"color: red;\"><font>Erratum et excuses:<\/font><\/h2>\n<p><\/strong> <\/font><font face=\"Arial\" size=\"2\"><font><strong>Une   malencontreuse erreur a accompagn\u00e9 hier la publication de l\u2019\u00e9ditorial du mois   d\u2019avril de l\u2019Audace.   Le texte qui a \u00e9t\u00e9 publi\u00e9 \u00e9tait en fait incomplet.   Nous nous en excusons aupr\u00e8s de l\u2019auteur et de tous nos lecteurs et nous le   republions int\u00e9gralement.<\/strong> <\/font>\u00a0   <strong><font>La r\u00e9daction de TUNISNEWS<\/font><\/strong><\/font><\/div>\n<div align=\"center\"> <strong><font face=\"Arial\">RUMEUR\u2026<\/font><\/strong><\/div>\n<div align=\"justify\"> <font face=\"Arial\" size=\"2\">Nombre de nos lecteurs ignorent peut-\u00eatre que   depuis quelque temps, des tractations, des arrangements, voire des accords   seraient en cours entre des envoy\u00e9s tr\u00e8s sp\u00e9ciaux du pouvoir et certains   militants de l\u2019opposition tunisienne. Certains ont m\u00eame fait courir la rumeur   d\u2019une op\u00e9ration \u00ab r\u00e9conciliation nationale \u00bb \u00e0 la Marocaine.   \u00a0   La chose est \u00e0 ce point intrigante qu\u2019il \u00e9tait imp\u00e9ratif d\u2019y regarder de plus   pr\u00e8s. Le pouvoir a certes d\u00e9j\u00e0 exp\u00e9riment\u00e9 l\u2019outil de la m\u00e9diation, souvent   exerc\u00e9e par des personnalit\u00e9s fort aimablement complaisante, voire complices,   tels que Rachid Driss ou Zakaria Ben Mustapha\u2026 Mais ces personnages avaient au   moins le m\u00e9rite d\u2019\u00eatre connus et s\u2019inscrivaient dans une d\u00e9marche publique et   m\u00e9diatis\u00e9e.   \u00a0   Ce n\u2019est manifestement pas le cas de ces \u00e9missaires d\u2019un genre nouveau, dont   nul n\u2019a jamais entendu parler jusqu\u2019ici.   \u00a0   Ce\u00a0 que nous savons \u00e0 coup s\u00fbr\u00a0 c\u2019est que deux personnes se pr\u00e9sentant comme   charg\u00e9e de mission de Carthage ont pris contact avec certains opposants \u00e0   l\u2019int\u00e9rieur du pays et leur ont propos\u00e9 de \u00ab tourner la page. \u00bb Le march\u00e9 est   tr\u00e8s simple : ils rejoignent la politique gouvernementale ou, \u00e0 tout le moins,   consentent \u00e0 cesser leur activit\u00e9 politique ; en contrepartie, ils obtiennent   l\u2019arr\u00eat du harc\u00e8lement dont ils font l\u2019objet, per\u00e7oivent une petite   indemnisation, recouvrent leurs biens spoli\u00e9s et plus si affinit\u00e9s\u2026   \u00a0   Fort de quelques succ\u00e8s \u00e0 l\u2019int\u00e9rieur, les promoteurs de la d\u00e9marche   traversent la M\u00e9diterran\u00e9e. Des opposants sont contact\u00e9s et certains acceptent   de jouer le jeu. Le tout dans un secret qui ne pouvait qu\u2019accentuer   l\u2019impression d\u2019une diplomatie parall\u00e8le frisant l\u2019action de renseignement.   \u00a0   Les Tunisiens approch\u00e9s s\u2019accordent sur un point : les deux personnes du   palais qui m\u00e8nent cette entreprise, ne proposent aucun projet \u00e0 caract\u00e8re   politique. En d\u2019autres termes, ils auraient pour unique mission d\u2019isoler, puis   de neutraliser le maximum de militants possibles. Les personnes fatigu\u00e9es   apr\u00e8s tant d\u2019ann\u00e9es de lutte et de sacrifices sont recherch\u00e9es en priorit\u00e9.   Les personnes abord\u00e9es sont sollicit\u00e9es, \u00e0 l\u2019occasion en vue d\u2019introduire nos   deux intr\u00e9pides \u00e9missaires aupr\u00e8s d\u2019autres militants susceptibles de tendre   l\u2019oreille aux sir\u00e8nes.   \u00a0   Du coup, l\u2019entreprise conf\u00e8re au pouvoir un avantage certain : elle le   renseigne avec une pr\u00e9cision relativement \u00e9lev\u00e9e sur l\u2019\u00e9tat r\u00e9el de   l\u2019opposition qui lui a men\u00e9 la vie si dure depuis qu\u2019il s\u2019est empar\u00e9 du   pouvoir. Si l\u2019on n\u2019y prenait garde, cela pourrait m\u00eame lui offrir une   radiographie qui guidera ses prochaines men\u00e9es contre ses opposants.   \u00a0   Comme nous n\u2019avons pas la candeur de croire aux co\u00efncidences, il nous semble   n\u00e9cessaire de placer cette nouvelle action du pouvoir dans le contexte   tunisien actuel. En effet, \u00e0 la suite du fiasco du Sommet mondial sur la   soci\u00e9t\u00e9 de l\u2019information (SMSI) de Tunis, le g\u00e9n\u00e9ral Ben Ali semble ne pas   d\u00e9sesp\u00e9rer de trouver un moyen pour r\u00e9instaurer le climat magique qui lui   avait permis de s\u2019incruster au pouvoir durablement et confortablement \u00e0 partir   de 1987.    \u00a0   Cette nouvelle d\u00e9marche est accompagn\u00e9e d\u2019une tol\u00e9rance toute relative \u00e0   l\u2019\u00e9gard des opposants et des d\u00e9tracteurs. Les modes d\u2019intervention de la   milice et de la police semblent plus souvent assez softs et soucieuses de ne   pas laisser de traces. Mais d\u2019un autre c\u00f4t\u00e9, M. Ben Ali doit monter \u00e0 tous que   c\u2019est lui qui m\u00e8ne le jeu, d\u2019une part, et que, sur le fond, rien de   significatif ne doit bouger, d\u2019autre part.   \u00a0   C\u2019est ce qu\u2019il semble avoir signifi\u00e9 en rappelant aux affaires le tortionnaire   de service Mohamed Ali Ganzoui. Nul ne pourra pr\u00e9tendre une seconde que le   retour des anciens modes op\u00e9ratoires les plus abjects des services secrets   soit sans lien avec la r\u00e9apparition de ce sinistre personnage. Les   montages-photo et autres attaques visant l\u2019honneur et la r\u00e9putation des   victimes sont une signature qui ne trompe pas. Les modes d\u2019action, les   personnalit\u00e9s vis\u00e9es ainsi que les cons\u00e9quences pr\u00e9visibles, montrent \u00e0   l\u2019\u00e9vidence que l\u2019agent Ganzoui n&rsquo;est encore une fois que l&rsquo;ex\u00e9cutant des   \u0153uvres de M. Ben Ali en personne. Jamais il n\u2019e\u00fbt os\u00e9 un instant mener seul,   ou m\u00eame avec l\u2019aval d\u2019un cacique tout-puissant, une action suivie contre la   famille de Mme Hachicha. Cette derni\u00e8re \u00e9tant d\u00e9sormais fort bien introduite   aupr\u00e8s de cercles am\u00e9ricains tr\u00e8s influents, le risque de graves d\u00e9m\u00eal\u00e9s   diplomatiques avec les Etats-Unis \u00e9tait \u00e9vident. Ganzoui n\u2019a le pouvoir ni la   carrure pour foncer sans \u00eatre assur\u00e9 que son ma\u00eetre est en parfait accord avec   lui.   \u00a0   Que peuvent avoir en commun Om Zied et Neila Charchour Hachicha ? Rien d\u2019autre   que leur attitude r\u00e9fractaire \u00e0 l\u2019autorit\u00e9 d\u2019un potentat d\u2019un autre \u00e2ge.   Venant de femmes, comme on a pu le constater avec, entre autres, Sihem   Bensedrine, Souhayr Belhassen ou Radhia Nasraoui, c\u2019est, pour le ma\u00eetre de   Tunis, un facteur lourdement aggravant.   \u00a0   On a pr\u00e9tendu dans certains cercles que Ben Ali \u00e9tait sujet \u00e0 quelque remords   alors qu\u2019il sentirait sa fin approcher. Force est de constater avec cette   nouvelle tentative d\u2019affaiblir ses opposants et cette rumeur, qu\u2019il tente   quand m\u00eame jusqu\u2019au bout de ruser avec Dieu et les hommes\u2026   \u00a0   <font><strong>(Source : L\u2019\u00e9dito du mensuel \u00ab l\u2019Audace \u00bb du   mois d\u2019avril 2006)<\/strong><\/font><\/font><\/div>\n<div align=\"justify\"> <strong><\/p>\n<hr\/>\n<p><\/strong><\/div>\n<div align=\"justify\">  \u00a0<\/div>\n<p><font face=\"Arial\"><\/p>\n<div align=\"justify\"> <font><font face=\"Arial\"> <\/p>\n<p align=\"center\"> <b><span lang=\"FR\">TUNISIE\u00a0:<\/span><\/b><\/p>\n<p align=\"center\"> <b><span lang=\"FR\">L\u2019impr\u00e9visible   succession \u00e0 ciel ouvert<\/span><\/b><\/p>\n<p> <\/font><font face=\"Arial\" size=\"2\"> <\/p>\n<p> <span lang=\"FR\">\u00a0<\/span><\/p>\n<p> <span lang=\"FR\">\u00a0<\/span><\/p>\n<p> <b><i> <span lang=\"FR\">  Moncef Ben Salem, un scientifique tunisien de renomm\u00e9e internationale, a   entam\u00e9 une gr\u00e8ve de la faim depuis 13 jours en Tunisie.<\/span><\/i><\/b><\/p>\n<p> <b><i> <span lang=\"FR\">\u00a0<\/span><\/i><\/b><\/p>\n<p> <b><i> <span lang=\"FR\">*<\/span><\/i><\/b><i><span lang=\"FR\">Je   tiens \u00e0 remercier Mer Walid Benneni pour avoir r\u00e9pondu \u00e0 mon dernier article.   J\u2019ai exprim\u00e9 mon point de vue, il a exprim\u00e9 le sien\u2026les lecteurs jugeront.  <\/span><\/i><\/p>\n<p> <i><span lang=\"FR\">\u00a0<\/span><\/i><\/p>\n<p> <b><span lang=\"FR\">  Par Sami BEN ABDALLAH<\/span><\/b><\/p>\n<p> <b><span lang=\"FR\">\u00a0<\/span><\/b><\/p>\n<p> <b><i> <span lang=\"FR\">  Avant sa chute, le dictateur Irakien Saddam Hussein avait arrach\u00e9 \u00a0\u00bb\u00a0Al Bay\u00e2a\u00a0\u00a0\u00bb   pour son fils. En Syrie, en d\u00e9pit du caract\u00e8re presque R\u00e9publicain du r\u00e9gime,   quelques heures avant la mort de Hafez Al Assad, le parlement s\u2019\u00e9tait r\u00e9unit   au nom du peuple et avait ent\u00e9rin\u00e9 une succession dynastique. Bacchar,   l\u2019actuel pr\u00e9sident de  <st1:personname productid=\"la Syrie\" w:st=\"on\">la Syrie<\/st1:personname> n\u2019est   autre que le fils de Hafez. Dans les pays du Golf et au Maroc, la question de   la succession ne se pose m\u00eame pas avec des r\u00e9gimes qui se d\u00e9clarent et   s\u2019assument comme \u00e9tant \u00a0\u00bb\u00a0monarchiques\u00a0\u00ab\u00a0. Au Y\u00e9men Abdallah Salah, en Libye   Gadafi, en Egypte Moubarek, chacun pr\u00e9pare le terrain \u00e0 son fils pour lui   succ\u00e9der. Et l\u2019in\u00e9vitable question pour  <st1:personname productid=\"la Tunisie\" w:st=\"on\">la Tunisie<\/st1:personname>\u00a0?   Comment s\u2019effectuera une succession qui se d\u00e9roule depuis des mois \u00e0 ciel   ouvert et combien de temps prendra le processus mis en place\u00a0? <\/span><\/i><\/b> <\/p>\n<p> <b><i> <span lang=\"FR\">\u00a0<\/span><\/i><\/b><\/p>\n<p> <span lang=\"FR\">En   2009, sauf impr\u00e9vu d\u2019ordre surnaturel, M.Ben Ali peut, en vertu de  <st1:personname productid=\"la Constitution\" w:st=\"on\">la Constitution<\/st1:personname>   qu\u2019il a amend\u00e9e \u00e0 sa mesure, se repr\u00e9senter pour un sixi\u00e8me mandat de 5 ans.   En 2014, il accomplirait donc 27 ans comme pr\u00e9sident de  <st1:personname productid=\"la R\u00e9publique\" w:st=\"on\">la R\u00e9publique<\/st1:personname>,   m\u00eame si M. Ben Ali aime \u00e0 rappeler qu\u2019il avait abrog\u00e9 en 1987 <i>\u00a0\u00bb\u00a0la   pr\u00e9sidence \u00e0 vie\u00a0\u00ab\u00a0.<\/i> <\/span><\/p>\n<p> <span lang=\"FR\">\u00a0<\/span><\/p>\n<p> <span lang=\"FR\">Rien   n\u2019a chang\u00e9 ou presque en Tunisie depuis 40 ans, sauf la parenth\u00e8se   d\u00e9mocratique de 1987-1989. Les m\u00eames acteurs, les m\u00eames gr\u00e8ves de la faim, le   b\u00e2illonnement de la presse, la gestion polici\u00e8re des probl\u00e8mes du pays, la   corruption et l\u2019arbitraire qui frappe toute voix discordante. Quel g\u00e2chis\u00a0!   Rien n\u2019a chang\u00e9 ou presque. Sauf que l\u2019\u00e9ventualit\u00e9 d\u2019un changement \u00e0 la t\u00eate   du r\u00e9gime qui semblait une hypoth\u00e8se invraisemblable il y a quelques ann\u00e9es   est devenue depuis quelques mois une hypoth\u00e8se plus que vraisemblable. Le   doute qui plane de nouveau sur l\u2019\u00e9tat de sant\u00e9 de M. Ben Ali provoque les   alliances les plus contre nature entre ses proches et au sein de son s\u00e9rail.   Du cot\u00e9 de l\u2019opposition, la gr\u00e8ve du 18 octobre 2005, la r\u00e9cup\u00e9ration   politique qui s\u2019en est suivie et la recomposition du champ politique qu\u2019elle a   provoqu\u00e9 ont mis en lumi\u00e8re les paris strat\u00e9giques de nombre de   pr\u00e9sidentiables tunisiens ou de ceux se consid\u00e9rant comme tels. <\/span><\/p>\n<p> <span lang=\"FR\">\u00a0<\/span><\/p>\n<p> <span lang=\"FR\">Du   coup, les pr\u00e9paratifs pour la succession se sont fait ostentatoires du cot\u00e9 du   pouvoir mais aussi du cot\u00e9 de l\u2019opposition. La majorit\u00e9 parie sur l\u2019\u00e9mergence   d\u2019un nouvel \u00e9lectorat jusque l\u00e0, cannibalis\u00e9 par l\u2019opposition de Gauche. Il   s\u2019agit de l\u2019\u00e9lectorat de Droite. <\/span><\/p>\n<p> <span lang=\"FR\">\u00a0<\/span><\/p>\n<p> <b><span lang=\"FR\">  Ettajdid, Nejib Chebbi, Moncef Marzouki, Mokthar Yahyaoui et les autres\u2026<\/span><\/b><\/p>\n<p> <b><span lang=\"FR\">\u00a0<\/span><\/b><\/p>\n<p> <span lang=\"FR\">  Depuis la gr\u00e8ve de la faim du 18 octobre 2005, deux p\u00f4les politiques se sont   structur\u00e9s, affirmant ainsi les strat\u00e9gies de 4 pr\u00e9sidentiables tunisiens qui   se positionnent en fonction de l\u2019alliance ou du rejet d\u2019alliance avec le parti   Islamiste Ennahdha. . <\/span><\/p>\n<p> <span lang=\"FR\">\u00a0<\/span><\/p>\n<p> <span lang=\"FR\">&#8211; Le   premier, celui d\u2019Ettajdid et de ses alli\u00e9s (deux groupuscules de Gauche et une   partie de la bourgeoisie et la petite bourgeoisie francophone) qui campe sur   des positions hostiles \u00e0 toute reconnaissance des islamistes. Si ces positions   semblent dict\u00e9es par des imp\u00e9ratifs id\u00e9ologiques, elles ne le sont pas en   r\u00e9alit\u00e9 et s\u2019inscriraient plut\u00f4t dans un calcul politique . Jusque-l\u00e0,   Ettajdid \u00e0 \u00e9chou\u00e9 dans sa transformation d\u2019un parti communiste en un parti de   centre gauche, il ne r\u00e9ussit pas \u00e0 incarner les aspirations de la petite   bourgeoisie et la classe moyenne francophone. Par ailleurs, il \u00e9chou\u00e9 dans le   pari qu\u2019il a fait sur \u00a0\u00bb\u00a0Al Kotla\u00a0\u00ab\u00a0, le groupuscule de Mohammed Kileni (Ancien   dissident du POCT) pour rajeunir le parti et incarner l\u2019aile gauche d\u2019Ettajdid   (et concurrencer ainsi le POCT de Hamma Hammami). Enfin, sur le seul segment   qui constitue sa vraie client\u00e8le politique, celui de la petite bourgeoisie   francophone, il retrouve des concurrents assez cr\u00e9dibles\u00a0: le FDLT, le POCT,   voire m\u00eame le PDP. Du coup, conscient que ses partisans et son \u00e9lectorat sont   vieillissants, Ettajdid se laisse entra\u00eener par la frange la plus \u00e9radicatrice   de ses partisans de Gauche, et sa survie politique (son identit\u00e9 politique)   d\u00e9pend de la diabolisation et des \u00a0\u00bb\u00a0islamistes\u00a0\u00a0\u00bb et des \u00a0\u00bb\u00a0droitistes\u00a0\u00a0\u00bb (ceux   se consid\u00e9rant politiquement de Droite). Car il n\u2019a rien \u00e0 gagner \u00a0\u00bb\u00a0<i>politiquement   parlant<\/i>\u00a0\u00ab\u00a0, d\u2019une quelconque \u00a0\u00bb\u00a0alliance\u00a0\u00a0\u00bb avec un Nejib Chebbi, un Moncef   Marzouki ou un Mokthar Yahyaoui, autant de pr\u00e9sidentiables qui pourraient   faire de l\u2019ombre au candidat qu\u2019Ettajdid ne manquera pas de pr\u00e9senter aux   prochaines pr\u00e9sidentielles. <\/span><\/p>\n<p> <span lang=\"FR\">\u00a0<\/span><\/p>\n<p> <span lang=\"FR\">&#8211; Le   deuxi\u00e8me p\u00f4le, le comit\u00e9 du 18 octobre domin\u00e9 par M. Nejib Chebbi. Ce dernier   semble le mieux plac\u00e9 pour r\u00e9cup\u00e9rer les gains politiques du mouvement du 18   Octobre et lorgne de plus en plus vers l\u2019\u00e9lectorat islamiste. Depuis des mois,   Nejib Chebbi fait glisser le positionnement de son parti pour fluctuer entre   le centre Gauche et le centre Droit, abandonnant ainsi des th\u00e9matiques   marqu\u00e9es id\u00e9ologiquement, telle la la\u00efcit\u00e9 au profit d\u2019autres plus   rassembleuse telles les libert\u00e9s. Par ailleurs, M. Nejib Chebbi souhaite se   pr\u00e9senter comme le rassembleur des formations et groupes politiques   organis\u00e9s\u00a0: les Nationalistes arabes enclins \u00e0 pactiser avec les islamistes,   ceux de  <st1:personname productid=\"la Gauche\" w:st=\"on\">la Gauche<\/st1:personname>, ou   encore les Islamistes se pr\u00e9sentant comme des mod\u00e9r\u00e9s. C\u2019est cette dimension   de \u00a0\u00bb\u00a0rassembleur\u00a0 naturel\u00a0\u00a0\u00bb et presque unique que M. Nejib Chebbi veut   incarner qui explique sa pr\u00e9sence au sein du Comit\u00e9 18 octobre \u00e0 cot\u00e9 des   partisans de M. Moncef Marzouki dont il ne partage pas la tonalit\u00e9 de discours   politique .<\/span><\/p>\n<p> <span lang=\"FR\">\u00a0<\/span><\/p>\n<p> <span lang=\"FR\">Dans   sa strat\u00e9gie de conqu\u00eate du pouvoir supr\u00eame, M. Nejib Chebbi peut compter par   ailleurs sur son alliance avec le POCT de Hamma Hammami, et, \u00e0 un degr\u00e9   moindre, sur le soutien critique du FDLT qui sont \u00e9galement repr\u00e9sent\u00e9s au   sein du comit\u00e9 du 18 Octobre. Etnat dans une impasse id\u00e9ologique, et conscient   de sa faible emprise sur la r\u00e9alit\u00e9 actuelle, le POCT parie sur l\u2019efficacit\u00e9   de son bras estudiantin \u00e0 l\u2019universit\u00e9 (qui concurrence le Groupuscule   Al-Kotla de Mohamed Kileni alli\u00e9 d\u2019Ettajdid) et \u2013comme tous les autres   candidats non d\u00e9clar\u00e9s du r\u00e9gime ou de l\u2019opposition- sur le pourrissement de   la situation. Un renouveau du Mouvement syndical tunisien redonnerait vie au   POCT. Quant au FDLT, la pr\u00e9sence de Mustapha Ben J\u00e2afar au sein du Comit\u00e9 du   18 octobre est de nature \u00e0 rassurer le Parti Socialiste fran\u00e7ais (et donc   l\u2019internationale socialiste) et \u00e0 donner plus de poids au p\u00f4le du 18 octobre   qui peut se targuer de la pr\u00e9sence de 2 partis politiques reconnus par le   pouvoir dans son sillage. <\/span><\/p>\n<p> <span lang=\"FR\">\u00a0<\/span><\/p>\n<p> <span lang=\"FR\">  Autres pr\u00e9sidentiables, Moncef Marzouki et Mokthar Yahyaoui. Le premier a   choisi depuis des ann\u00e9es une strat\u00e9gie \u00a0\u00bb\u00a0aventuriste\u00a0\u00a0\u00bb qui, avant d\u2019\u00eatre une   strat\u00e9gie politique m\u00fbrement r\u00e9fl\u00e9chie, traduit son temp\u00e9rament et son   parcours personnel. Depuis sa destitution\/d\u00e9mission de la pr\u00e9sidence de  <st1:personname productid=\"la LTDH\" w:st=\"on\">la LTDH<\/st1:personname> et sa   candidature \u2013au d\u00e9part pr\u00e9sent\u00e9e comme symbolique- aux \u00e9lections   pr\u00e9sidentielles de 1994, Moncef Marzouki s\u2019est dit \u00a0\u00bb\u00a0non-ministrable\u00a0\u00ab\u00a0, non   pas parce qu\u2019il ne serait pas \u00e0 la hauteur de diriger un minist\u00e8re, mais parce   qu\u2019il s\u2019est d\u00e9couvert un destin de pr\u00e9sidentiable et du coup, depuis 1994, sa   strat\u00e9gie politique n\u2019a pas vari\u00e9 d\u2019un iota\u00a0: un discours politique d\u2019une rare   violence, un appel au d\u00e9part de M. Ben Ali et \u00a0\u00bb\u00a0une sommation\u00a0\u00a0\u00bb aux autres   acteurs politiques \u00e0 \u0153uvrer dans ce sens. <\/span><\/p>\n<p> <span lang=\"FR\">\u00a0<\/span><\/p>\n<p> <span lang=\"FR\">  Quant \u00e0 M. Mokthar Yahyaoui, depuis sa lettre ouverte \u00e0 M. Ben Ali d\u00e9non\u00e7ant   l\u2019instrumentalisation de la justice tunisienne, il b\u00e9n\u00e9ficie d\u2019une solide   r\u00e9putation de juge rebelle et d\u2019homme de principes. Par cons\u00e9quent, il parie   sur la popularit\u00e9 qu\u2019il pourrait vite se cr\u00e9er aupr\u00e8s du Tunisien ordinaire en   entra\u00eenant par cons\u00e9quent la cr\u00e9ation d\u2019un Mouvement citoyen, une sorte de   troisi\u00e8me voie qui ne s\u2019identifierait ni dans le pouvoir ni dans le microcosme   politique tunisien assez us\u00e9 et discr\u00e9dit\u00e9. Et M. Mokthar Yahyaoui fait preuve   d\u2019une r\u00e9elle distance avec ce microcosme politique tunisien et ses m\u00e9thodes et   se pr\u00e9vaut du statut d\u2019homme encore \u00a0\u00bb\u00a0nouveau\u00a0\u00ab\u00a0. S\u2019il assume clairement un   positionnement politique de Droite en fluctuant entre le Centre et le   centre-Droit, il a \u00e9chou\u00e9 jusque-l\u00e0 \u00e0 se constituer des r\u00e9seaux dans le champ   dissident tunisien. <\/span><\/p>\n<p> <span lang=\"FR\">\u00a0<\/span><\/p>\n<p> <span lang=\"FR\">Si   les relations entre Nejib Chebbi, Moncef Marzouki et Mokthar Yahyaoui sont   plus que conflictuelles dans les faits, ils s\u2019accordent cependant sur le fait   qu\u2019ils ne r\u00e9ussiront jamais (ou presque) \u00e0 avoir ni le soutien d\u2019Ettajdid ni   celui de la pr\u00e9tendue soci\u00e9t\u00e9 civile tunisienne m\u00e9connue de la soci\u00e9t\u00e9 r\u00e9elle.   Ses acteurs se rassemblent souvent autour d\u2019int\u00e9r\u00eats ponctuels mais roulent   chacun pour soi. D\u2019o\u00f9 le pari de chacun sur un r\u00e9servoir d\u2019\u00e9lectorat de   droite, sur celui des islamistes mod\u00e9r\u00e9s ou d\u2019une alliance avec eux en cas de   l\u00e9galisation d\u2019un parti Islamiste. <\/span><\/p>\n<p> <span lang=\"FR\">\u00a0<\/span><\/p>\n<p> <span lang=\"FR\">Ce   choix strat\u00e9gique est clair et net pour M. Mokthar Yahyaoui qui ne partage   aucunement le positionnement de social-d\u00e9mocrate de M. Moncef Marzouki (du   moins sur le plan \u00e9conomique). Son vrai concurrent, c\u2019est s\u00fbrement M. Nejib   Chebbi. Si les deux hommes s\u2019accordent sur l\u2019importance strat\u00e9gique de   l\u2019\u00e9lectorat de droite et de celui des Islamistes, ils divergent sur le choix   des alli\u00e9s. Nejib Chebbi ne souscrit \u00e0 aucune diversit\u00e9 islamiste, et ne   reconna\u00eet que Rached Ghannouchi et son parti Ennahdha \u00e0 l\u2019\u00e9tranger comme seul   et unique interlocuteur et repr\u00e9sentant de l\u2019islam politique en Tunisie. Et M.   Ghannouchi, assez contest\u00e9 au sein des Islamistes, est r\u00e9confort\u00e9 par un tel   soutien et ne tarit pas d\u2019\u00e9loges sur le secr\u00e9taire G\u00e9n\u00e9ral du PDP.<\/span><\/p>\n<p> <span lang=\"FR\">\u00a0<\/span><\/p>\n<p> <span lang=\"FR\">  Mokthar Yahyaoui n\u2019\u00e9voque que rarement Ennahdha et Rached Ghannouchi dans ses   \u00e9crits. Il mise sur d\u2019autres islamistes souvent pr\u00e9sent\u00e9s comme l\u2019aile   lib\u00e9rale ou mod\u00e9r\u00e9e d\u2019Ennahdha et sur l\u2019\u00e9mergence d\u2019une alternative \u00e0 Rached   Ghannouchi qui le soutiendrait. La peur de voir son positionnement politique   brouill\u00e9 \u00e0 cause de sa pr\u00e9sence au sein du Comit\u00e9 du 18 octobre aux c\u00f4t\u00e9s de   Nejib Chebbi et de servir les int\u00e9r\u00eats politiques de ce dernier expliquent en   partie son retrait discret du Comit\u00e9 du 18 octobre. Et ce en d\u00e9pit du fait que   sa pr\u00e9sence \u00e0 c\u00f4t\u00e9 des autres acteurs durant la gr\u00e8ve de la faim ait apport\u00e9   une cr\u00e9dibilit\u00e9 incontestable \u00e0 cette derni\u00e8re.<\/span><\/p>\n<p> <span lang=\"FR\">\u00a0<\/span><\/p>\n<p> <span lang=\"FR\">  Enfin Moncef Marzouki, indiff\u00e9rent depuis des mois \u00e0 ces jeux de   positionnement. Premi\u00e8rement parce qu\u2019il n\u2019est pas sans savoir &#8211; \u00e0 force de   les courtiser- que ni  <st1:personname productid=\"la Gauche\" w:st=\"on\">la Gauche<\/st1:personname> ni   Ennahdha ne le soutiendraient pour diverses raisons. Deuxi\u00e8mement, parce qu\u2019il   \u00e9pouse une conception gaulliste de l\u2019action politique et de l\u2019\u00e9lection   pr\u00e9sidentielle en vertu de laquelle l\u2019\u00e9lection pr\u00e9sidentielle est la rencontre   entre un Homme et un peuple. Il se consid\u00e8re donc au dessus des partis   politiques, ce qui explique son discours d\u00e9sid\u00e9ologis\u00e9 et l\u2019omnipr\u00e9sence du   \u00a0\u00bb\u00a0peuple\u00a0\u00a0\u00bb dans ses d\u00e9clarations. <\/span><\/p>\n<p> <span lang=\"FR\">\u00a0<\/span><\/p>\n<p> <b><span lang=\"FR\">  Et les Islamistes<\/span><\/b><\/p>\n<p> <b><span lang=\"FR\">\u00a0<\/span><\/b><\/p>\n<p> <span lang=\"FR\">  L\u2019importance strat\u00e9gique des \u00e9lecteurs de Droite explique en partie la   complexit\u00e9 qui marque le dossier des islamistes tunisiens. Le pouvoir craint   que toute reconnaissance des islamistes servent le dessein politique des   opposants et jusque-l\u00e0, il h\u00e9site entre deux approches\u00a0:<\/span><\/p>\n<p> <span lang=\"FR\">La   premi\u00e8re puisant son essence dans un registre politique. Elle consiste en une   \u00a0\u00bb\u00a0normalisation\u00a0\u00a0\u00bb de ses relations avec les islamistes tunisiens mais de   laquelle le pouvoir exclut Rached Ghannouchi et ses partisans. <\/span><\/p>\n<p> <span lang=\"FR\">\u00a0<\/span><\/p>\n<p> <span lang=\"FR\">Lors   de la derni\u00e8re rencontre en 1988 entre Ben Ali et Rached Ghannouchi, les deux   hommes avaient conclu un pacte en vertu duquel Rached Ghannouchi se   d\u00e9solidarisait du groupe s\u00e9curitaire (le groupe Islamiste qui pr\u00e9parait un   Coup d\u2019Etat en 1987), renon\u00e7ait \u00e0 infiltrer les corps de l\u2019arm\u00e9e et de la   police, et en \u00e9change Ben Ali lib\u00e8rerait et amnistierait les membres du groupe   s\u00e9curitaire. Il s\u2019engageait \u00e9galement \u00e0 reconna\u00eetre Ennahdha politiquement.   N\u00e9anmoins ce pacte n\u2019a pas \u00e9t\u00e9 respect\u00e9. Ennahdha a voulu conqu\u00e9rir le pouvoir   en 1990 et Ben Ali ne l\u2019a pas reconnu\u00a0; il l\u2019a violemment r\u00e9prim\u00e9. Il aurait   m\u00eame d\u00e9couvert que des Islamistes avaient infiltr\u00e9 les appareils de l\u2019Etat   jusque dans sa garde du corps rapproch\u00e9e. Et du coup, les deux hommes   s\u2019accusent de trahison. Plusieurs m\u00e9diateurs, y compris des Ministres arabes,   avaient propos\u00e9 de rapprocher les deux Hommes. Cependant, Ben Ali a r\u00e9it\u00e9r\u00e9   son veto \u00e0 toute n\u00e9gociation avec Rached Ghannouchi au grand dam des centaines   des prisonniers islamistes emprisonn\u00e9s depuis 1990 qui payent la facture.  <\/span><\/p>\n<p> <span lang=\"FR\">\u00a0<\/span><\/p>\n<p> <span lang=\"FR\">&#8211;   \u00a0\u00bb\u00a0Sans Rached Ghannouchi mais avec d\u2019autres chefs islamistes\u00a0\u00a0\u00bb est donc une   strat\u00e9gie possible du pouvoir. Plusieurs autres chefs historiques d\u2019Ennahdha\u00a0\u00a0\u00bb   ( Hammadi Jbeli, Abdallah Zouari, Noureddine Bhiri et m\u00eame Salah Karkar et   tant d\u2019autres) pr\u00e9sent\u00e9s comme \u00e9tant des \u00a0\u00bb\u00a0mod\u00e9r\u00e9s\u00a0\u00a0\u00bb peuvent bien mener des   n\u00e9gociations avec le pouvoir et reconstituer le parti Islamiste sans Rached   Ghannouchi et ses partisans. Mais le pouvoir craint qu\u2019une telle   reconnaissance politique ne finisse par l\u00e9gitimer \u00a0\u00bb\u00a0une t\u00eate politique\u00a0\u00a0\u00bb \u00e0   laquelle la vague de religiosit\u00e9 que traverse la soci\u00e9t\u00e9 tunisienne pourrait   s\u2019identifier. A cela s\u2019ajoute le risque de voir ce nouveau\/ancien corps   politique s\u2019allier d\u2019une fa\u00e7on franche avec Nejib Chebbi, Moncef Marzouki ou   Mokthar Yahaoui qui sont \u00e0 la recherche d\u2019\u00e9lectorat.<\/span><\/p>\n<p> <span lang=\"FR\">\u00a0<\/span><\/p>\n<p> <span lang=\"FR\">&#8211;   Une deuxi\u00e8me strat\u00e9gie, en vigueur actuellement\u00a0: elle puise son essence dans   un registre strictement s\u00e9curitaire et policier. Ainsi, l\u2019absence d\u2019une t\u00eate   politique islamiste \u00e0 l\u2019int\u00e9rieur du pays laisse toute la libert\u00e9 au pouvoir   pour g\u00e9rer l\u2019islam politique d\u2019une fa\u00e7on institutionnelle, ce qui explique la   flexibilit\u00e9 avec laquelle le pouvoir g\u00e8re certaines questions \u00e0 Tunis (   tol\u00e9rance du port du voile par exemple parfois et son interdiction dans   d\u2019autres cas). Cette strat\u00e9gie s\u2019apparente \u00e0 une politique des pr\u00e9textes. En   refusant l\u2019existence de tout corps politique, en r\u00e9primant Hamadi Jbeli et   Abdallah Zouari, le pouvoir radicalise la tendance de Rached Ghannouchi,   favorise et provoque les comportements religieux les plus r\u00e9trogrades   (l\u2019apparition de groupuscules Jihadistes tunisiens ou extr\u00e9mistes) et   cr\u00e9dibilise sa politique s\u00e9curitaire. Il appara\u00eet ainsi aux yeux de l\u2019occident   et de la partie \u00e9radicatrice de  <st1:personname productid=\"la Gauche\" w:st=\"on\">la Gauche<\/st1:personname>   tunisienne (tr\u00e8s minoritaires dans les faits, mais tr\u00e8s pr\u00e9sentes   m\u00e9diatiquement) comme le dernier rempart contre l\u2019extr\u00e9misme et le terrorisme   religieux. Quant \u00e0 la r\u00e9solution de l\u2019imbroglio islamiste, il l\u2019ajourne \u00e0 de   prochaines \u00e9lections pr\u00e9sidentielles. La lib\u00e9ration des islamistes serviraient   de monnaie d\u2019\u00e9change. <\/span><\/p>\n<p> <span lang=\"FR\">\u00a0<\/span><\/p>\n<p> <b><span lang=\"FR\">  La carotte et le b\u00e2ton<\/span><\/b><\/p>\n<p> <b><span lang=\"FR\">\u00a0<\/span><\/b><\/p>\n<p> <span lang=\"FR\">En   somme, \u00e0 Tunis aucune ouverture qui s\u2019inscrirait dans un processus politique   ne se dessine \u00e0 l\u2019horizon, du moins pas avant l\u2019\u00e9ch\u00e9ance de 2009 ou des   pr\u00e9sidentielles anticip\u00e9es. Ce qui explique que les opposants tunisiens soient   de nouveau victime de harc\u00e8lement et de r\u00e9pression. L\u2019objectif est de   maintenir la majorit\u00e9 dans un \u00e9tat pr\u00e9caire. Une panoplie de r\u00e9ponses allant   de l\u2019insidieuse coupure de connexion Internet et donc de moyens de   communications \u00e0 l\u2019interdiction de r\u00e9union, au redressement fiscal, ou encore   \u00e0 l\u2019interdiction de d\u00e9livrance de passeport sont de nouveau en vigueur. <\/span> <\/p>\n<p> <span lang=\"FR\">\u00a0<\/span><\/p>\n<p> <span lang=\"FR\">La   m\u00eame main qui manie la b\u00e2ton manie la carotte selon une strat\u00e9gie d\u2019un haut   responsable de la s\u00e9curit\u00e9 tr\u00e8s proche de \u00a0\u00bb\u00a0<i>la famille Ben Ali<\/i>\u00a0\u00ab\u00a0. Elle   consiste \u00e0 faire des \u00a0\u00bb\u00a0<i>g\u00e9n\u00e9raux sans soldats<\/i>\u00a0\u00ab\u00a0, faisant ainsi le vide   autour des pr\u00e9sidentiables. Ainsi certains milieux inform\u00e9s &#8211; sous couvert   d\u2019anonymat &#8211; \u00e9voquent une liste jusque-l\u00e0 confidentielle qui contiendrait les   noms de 150 personnes que le pouvoir chercherait \u00e0 contacter. Dans leur   majorit\u00e9, ils sont ou des \u00a0\u00bb\u00a0mod\u00e9r\u00e9s\u00a0\u00ab\u00a0, ou des seconds couteaux\u00a0 ou enfin,   proches de pr\u00e9sidentiables\u00a0. A d\u00e9faut de les r\u00e9cup\u00e9rer, le pouvoir souhaite   les neutraliser et obtenir leur silence afin de faire le vide au sein du   paysage dissident. Des contacts ont eu lieu \u00e0 Tunis mais aussi en Europe et au   Canada durant les semaines derni\u00e8res avec des dissidents et des exil\u00e9s   politiques en Europe dont la plupart sont des anciens islamistes.   Propositions\u00a0: r\u00e9tablissement de chacun dans ses droits, une largesse   financi\u00e8re, la restitution de leur passeport, le recouvrement de tous les   droits pour ceux et celles qui sont \u00e0 Tunis et la possibilit\u00e9 de retourner au   pays sans le moindre probl\u00e8me pour ceux qui vivent \u00e0 l\u2019\u00e9tranger. En \u00e9change,   respecter une seule condition\u00a0: d\u00e9serter le paysage dissident et remercier   publiquement \u00a0\u00bb\u00a0Le pr\u00e9sident Ben Ali\u00a0\u00a0\u00bb\u00a0. Ceux qui ont cru en une ouverture   politique du r\u00e9gime ont vite \u00e9t\u00e9 d\u00e9\u00e7u. Ce geste du pouvoir concerne des \u00a0\u00bb\u00a0cas   individuels\u00a0\u00a0\u00bb et les n\u00e9gociateurs n\u2019ont aucune qualit\u00e9 politique. <\/span><\/p>\n<p> <span lang=\"FR\">\u00a0<\/span><\/p>\n<p> <b><span lang=\"FR\">  Les trois inconnues et la derni\u00e8re chance \u2026<\/span><\/b><\/p>\n<p> <b><span lang=\"FR\">\u00a0<\/span><\/b><\/p>\n<p> <span lang=\"FR\">Dans   ces sc\u00e9narios presque parfait, reste trois donn\u00e9es inconnues. <\/span><\/p>\n<p> <span lang=\"FR\">\u00a0<\/span><\/p>\n<p> <span lang=\"FR\">La   r\u00e9action d\u2019hommes et de femmes \u00e0 l\u2019int\u00e9rieur du syst\u00e8me qui sont de plus en   plus m\u00e9contents du poids qu\u2019a pris l\u2019appareil de la police au d\u00e9triment du   parti au pouvoir. La vieille garde bourguibienne \u00e9cart\u00e9e des affaires depuis   1987 veille au grain et parie sur cette vague de contestation jusque-l\u00e0   discr\u00e8te afin de reprendre pied sur la sc\u00e8ne politique. C\u2019est cette peur de   voir les anciens <i>destouriens<\/i> retrouver une nouvelle vie politique qui a   motiv\u00e9 \u2013par exemple- la virulence de la campagne de d\u00e9nigrement dont a \u00e9t\u00e9   victime M. Ahmed Kdidi \u00e0 qui (et \u00e0 travers lui la vieille garde bourguibienne)   la presse officielle n\u2019a pas oubli\u00e9 de rappeler qu\u2019il faisait partie de   l\u2019ancien r\u00e9gime. <\/span><\/p>\n<p> <span lang=\"FR\">\u00a0<\/span><\/p>\n<p> <span lang=\"FR\">La   r\u00e9action des grandes puissances\u00a0:  <st1:personname productid=\"la France\" w:st=\"on\">la France<\/st1:personname> et   les Etats-Unis. Les espoirs de la majorit\u00e9 des acteurs politiques Tunisiens   sont port\u00e9s par l\u2019administration am\u00e9ricaine. Il ne fait aucun doute que cette   derni\u00e8re soutienne Ben ali dans les faits, cependant les USA ont souvent   montr\u00e9 \u2013comparativement \u00e0  <st1:personname productid=\"la France-\" w:st=\"on\">la France-<\/st1:personname>   qu\u2019ils \u00e9taient moins complaisants \u2013du moins au niveau du discours politique-   avec le pouvoir tunisien.<\/span><\/p>\n<p> <span lang=\"FR\">\u00a0<\/span><\/p>\n<p> <span lang=\"FR\">  Quant \u00e0  <st1:personname productid=\"la France\" w:st=\"on\">la France<\/st1:personname>,   son influence sur l\u2019issue de la guerre de la succession est peu probable   quoiqu\u2019elle ne soit pas impossible. Si  <st1:personname productid=\"la Droite\" w:st=\"on\">la Droite<\/st1:personname>   fran\u00e7aise gagne les \u00e9lections pr\u00e9sidentielles de 2007, il est improbable que   l\u2019actuel premier Ministre Dominique De Villepin\u00a0, le pr\u00e9sident de l\u2019UMP,   Nicolas Sarkozy, ou m\u00eame Fran\u00e7ois Bayrou, pr\u00e9sident de l\u2019UDF, remettent en   question leur traditionnel soutien au pouvoir tunisien ou le choix d\u2019un   successeur choisi par M. Ben Ali. Si  <st1:personname productid=\"la Gauche\" w:st=\"on\">la Gauche<\/st1:personname>   fran\u00e7aise l\u2019emporte, le pouvoir tunisien pourrait toujours compter sur son   solide r\u00e9seau de lobbying fran\u00e7ais pro-Isra\u00ebl tr\u00e8s influent aupr\u00e8s de tous les   pr\u00e9sidentiables socialistes (M.Dominique Strauss-Kahn, M. Jack Lang, Mme   S\u00e9gol\u00e8ne Royale ou M. Fran\u00e7ois Hollande) en faisant valoir sa pr\u00e9disposition \u00e0   normaliser les relations avec Isra\u00ebl et en jouant les gendarmes de   l\u2019\u00e9migration clandestine. Qu\u2019ils soient donc de Gauche ou de Droite, tous   soutiendraient les choix de Ben Ali tant que les int\u00e9r\u00eats des grandes   entreprises fran\u00e7aises sont sauvegard\u00e9s \u00e0 Tunis.<\/span><\/p>\n<p> <span lang=\"FR\">\u00a0<\/span><\/p>\n<p> <span lang=\"FR\">  Demeure donc une troisi\u00e8me inconnue, la plus importante et la plus   d\u00e9terminante. La r\u00e9action de la rue tunisienne \u00e0 propos d\u2019une possible   succession arrang\u00e9e par Ben Ali ou \u00e0 laquelle participerait l\u2019opposition.  <\/span><\/p>\n<p> <span lang=\"FR\">\u00a0<\/span><\/p>\n<p> <span lang=\"FR\">  Jusque-l\u00e0, la rue continue \u00e0 observer en toute indiff\u00e9rence les strat\u00e9gies du   pouvoir et des opposants m\u00eame si elle ne m\u00e9conna\u00eet pas la corruption de   certains Ministres et hauts fonctionnaires de l\u2019Etat et l\u2019\u00e9tat calamiteux du   pays. Cependant, 2009 semble \u00eatre une date symbolique pour provoquer un   changement au sein du pays et un renouveau du corps politique institutionnel   et dissident. <\/span><\/p>\n<p> <span lang=\"FR\">\u00a0<\/span><\/p>\n<p> <span lang=\"FR\">  Constitu\u00e9 dans sa majeure partie par la g\u00e9n\u00e9ration de l\u2019ind\u00e9pendance, le   microcosme politique actuel joue peut \u00eatre sa derni\u00e8re chance dans les   prochaines \u00e9lections pr\u00e9sidentielles. En 2009, 53 ans s\u00e9pareront les Tunisiens   de la date de l\u2019ind\u00e9pendance et toute une g\u00e9n\u00e9ration, voire m\u00eame deux   s\u00e9pareront Ben Ali et ses opposants d\u2019une majorit\u00e9 des Tunisiens qui n\u2019ont pas   encore d\u00e9pass\u00e9 les 30 ans.<\/span><\/p>\n<p> <span lang=\"FR\">\u00a0<\/span><\/p>\n<p> <b><span>Sami BEN   ABDALLAH <\/span><\/b><\/p>\n<p> <span> <a href=\"http:\/\/fr.f265.mail.yahoo.com\/ym\/Compose?To=Sami_tunisie_soir@yahoo.fr\" target=\"_blank\" rel=\"noopener\"> <span>Sami_tunisie_soir@yahoo.fr<\/span><\/a><\/span><\/p>\n<p><\/font><\/font><font face=\"Arial\" size=\"2\"><font face=\"Arial\" size=\"2\"> \u00a0<\/font><\/font><\/div>\n<p><\/font><\/p>\n<div> <font face=\"Arial\" size=\"2\"><\/p>\n<hr\/>\n<p><\/font><\/div>\n<div align=\"center\"> <strong><\/p>\n<p><font face=\"Arial\">Texte de la transcription du   discours de Monsieur Ahmed N\u00e9jib Chebbi    lors de la conf\u00e9rence de l\u2019AEI le 31 mars 2006 \u00e0 Washington.<\/font><\/p>\n<p><\/strong><\/div>\n<div align=\"justify\"> <font face=\"Arial\" size=\"2\"><font><strong>Transcript   American Enterprise Institute   <\/strong><\/font>\u00a0   March 31, 2006   \u00a0   [Edited transcript from audio tapes]   \u00a0   Now I get to Nejib Chebbi, who is the head of the Progressive Democratic Party   in Tunisia and is also a Tunisian lawyer. I first met him about two years ago,   but I hardly recognized him when he came because coinciding with the World   Summit on Information by the United Nations, Nejib with several other   activists went on a hunger strike, and it shows \u2013 a 32-day hunger strike. I\u2019ve   been reading translations of the Tunisian press over the last couple days.   They\u2019ve called Nejib a Ba\u2019athist, they\u2019ve called him a Zionist, they\u2019ve called   him an Islamist. He\u2019s the first Islamist Ba\u2019athist Zionist I\u2019ve ever met. But   most importantly, he is a liberal democratic activist and it\u2019s a pleasure to   have him here today.    \u00a0   Nejib Chebbi : Thank you very much, Michael. I will try in these final remarks   to react not only to the papers which have been presented today, but also to   the question, the crucial questions, I had in very useful meetings we had this   week. Many of our partners were wondering if reform is necessary in the Arab   world, if it is useful, if it is not dangerous for stability, for peace, and   even for freedom itself. I think some remarks must be made about these   questions.   \u00a0   Let me say in the beginning that reform is not an American creation. It is a   very ancient, very old demand in the Arab world. It started in the second half   of the 19th century. All the political thought in this time spoke about   reforming the political system and education, and since the beginning of the   20th century the question of freeing women has been raised in Egypt by Samir   Amin and in Tunisia in 1930 by Taha Hadad.   \u00a0   I want to say that reforms started in Tunisia in 1875. I will not be very   long, because every Arab can speak about the history of liberalism and the   tradition of liberalism in the Arab world, in each country \u2013 in Tunisia, in   Egypt, in Morocco and elsewhere. In Tunisia, reform of education started in   1875. We had the first constitution in 1861. We had press end of the 19th   century. We had the first political party in 1919. We choose the party who is   ruling Tunisia today and which name is the Constitutional Party \u2013 this means   what was important was the constitutionality for the elite at that time.   \u00a0   I will not be very long, I can speak really for hours about our liberal   traditions. What happened in Tunisia and many other countries, that   independence, although it meant social and economic progress, it meant on the   political level the end of pluralism, the end of freedom, and the beginning of   personal power and a system with unitary party.   \u00a0   I apologize for my English, it\u2019s the first time I speak in English.   \u00a0   Then since that, people have been dispossessed from their liberties and many   of us have been jailed since the 1950s. Then when the United States spoke for   the first time, as I know, in November 2003 of the mistakes she did for sixty   years, not raising the question of reform in the Arab world until it had its   effects for the national security inside the United States, we say in the Arab   world that that is a good thing that the United States is now aware that one   of the sources of anti-Americanism in the Arab world was the collusion between   the United States and regimes. For the people, our regimes are sustained,   supported, armored and protected by the United States. That was one of the   sources of the anti-Americanism in the region. Then today we are happy that   the international community poses the problem of reforming the Arab world.   \u00a0   The second remark I want to speak about here is that in the Arab world, even   though there is a common problem, there are distinctive processes for   democratization. What is common is that nowhere in the Arab world is there a   democratic system, a democratic regime. What is a democratic regime for me ?   It is separation of powers, checks and balances, independent judiciary, free   elections, basic human rights and freedom, and the rule of law \u2013 all that   doesn\u2019t exist in any Arab country, as a system, as a political system.   \u00a0   What is common in the Arab world, that in this era of globalization and free   markets at the level of the whole world, we can no longer progress on the   economic and social level without political reforms. This is because the state   is no longer the main investor, the main creator of jobs and so on. The   private sector must be mobilized to compete with others on the international   level. That cannot be done without a healthy climate for business. That means   freedom of press, independent judiciary, accountability, and a check on the   bureaucracy.   \u00a0   What is common for this region is that we will never meet our economic   integration, which is now an international demand for foreign investors. The   markets in the Arab world are too closed to appeal to investors. We have to   integrate our markets, either in the Maghreb or on the level of the whole Arab   world. Without democracy, we will never meet this objective and we will lack   for a very long time.   \u00a0   These are some of the common problems we confront. But we cannot speak about   democratization in the same way in Jordan, Lebanon, Iraq, Tunisia, Algeria and   Morocco and so on. In each country there are specific problems. But we can   divide this world into two big parts.   \u00a0   The first one is the countries where there are no basic freedoms, like the   country to which I belong, Tunisia, unfortunately for my country. In the   country, Michael said to you, we were obliged a few months ago to go on a   hunger strike for 32 days for claiming three basic freedoms : freedom of   speech and press, freedom of association \u2013 that means the freedom to create   parties and NGOs \u2013 and freeing the political prisoners.   \u00a0   Today there are some hundreds of political prisoners in jail in Tunisia but   many thousands have been sentenced for a very long period. They finished their   sentences but now they have no job, they cannot move inside the country, and   they cannot speak about leaving it. They number in the thousands. The function   of these prisoners is to make people afraid, to frighten those who want to   express their ideas and apply themselves in the political field ; they see   that they can have the same destiny that all these political prisoners face.   \u00a0   Then, in this country, what is necessary today, are basic freedoms. These must   come before a transition toward democracy, which means reforming the   constitutions, reviewing the laws and running fair elections. These basic   freedoms include : Freedom for the magistrate to elect their own committee,   because in Tunisia the magistrate tried to elect a free committee and the   power, but the regime banned it. This means the freedom for journalists to   hold their national conference. Journalists cannot today in Tunisia hold their   national conference. That means that the Tunisian League for Human Rights can   hold its 6th national conference. Today this NGO cannot hold its conference   because it is independent. Thus in this set of countries, the problem is to   liberalize.   \u00a0   In other countries, such as Morocco or Egypt or Jordan or Lebanon, the problem   is to democratize. It\u2019s to go forward, to transition toward democracy, which   means that the population can participate in the decision process by   representation. In these countries, there are many specific issues. They think   if you want to help the process of democratization in the Arab world, we have   to see this world country by country, because we cannot solve the problems   speaking generally. This was the second remark.   \u00a0   The third remark I want to speak about is : what is the wait for   democratization ? If we want to be realistic, the process is going. I agree   with Mr. Shafeeq, we are going ahead, but very, very slowly. We have to wonder   how to run faster. Some think that because of the weakness of the elite in the   Arab world, when we speak generally, this reform will come from inside the   regimes themselves.   \u00a0   I think that idea is not very true. It is not working because for the   emergence of reformers from inside the regimes, there is a condition. That   condition is pressure on them which makes them feel that reform is a necessity.   Today the weakness of the political process doesn\u2019t make the rulers feel that   necessity and then they don\u2019t react positively to the claims for   democratization in the country.   \u00a0   The second one is that if the process is self-initiated by the rulers   themselves, we can have what is happening for example in Russia today. But   more than that, what happened in Tunisia in the 1980s. In the 1980s, President   Bourguiba had been deposed by the prime minister of that era, which is   President Ben Ali today. We had reforms for two years, but two years later we   returned to a personal power with total confiscation of our basic freedoms.   That is a risk which must be taken into account when we speak about the   possibility to have the process start from inside the regime.   \u00a0   The second is that that process must come from within the society. I think   that this is true. Even it took time, even if it is hard to do there is no   other way. Today elites are awakening. For speaking about my country, Tunisia,   the lawyers are independent. The magistrates tried to do, the journalists also,   the trade unions, the NGOs, the political parties are awakening, claiming   reform and trying to put pressure on the government to get their basic   freedoms. But the population doesn\u2019t apply themselves in this process because   of a half-century of repression, a half-century which, if you want to be safe   for your freedom, safe for your job, you have to be neutral in the political   field.   \u00a0   Then that\u2019s why this process can and must be helped by the international   community. I think that supporting this process doesn\u2019t mean intervening in   the political life of these countries by force or by political means. What is   necessary today is to stand behind or beside the reformers, to support them,   and to practice what is now starting in the United States, public diplomacy.   When we feel that Hachicha, whose sole crime is to attend this conference in   January, and she\u2019s harassed, she\u2019s threatened in her safety and the safety of   her daughter, or her husband \u2013 when we know that the State Department issued a   public statement about this case, we know that the American Enterprise   Institute is mobilized about her case to get her help &#8211; this will encourage   the reformers to continue their struggle.   \u00a0   The final question I want to raise is : Is the reform in the Arab world   dangerous for the interests of the United States or of the West ? That   question raises the question of political Islam. I think there are many ways   to deal with that question. The means of violence they have been experiencing   and have experienced and failed. There are means to approach this question   from an ideological point of view.   \u00a0   I think that way doesn\u2019t help to solve the problem. I think the better way is   to be pragmatic, to see the facts. We are in the Muslim world. Islam is very   influential in the life of each individual. That\u2019s a fact. We cannot speak   about democracy in the Arab and Islamic world forgetting that fact. We cannot   ignore that the mainstream today, and many of my colleagues, are for political   Islam.   \u00a0   This is a point of view which cannot be shared but I think it\u2019s my duty to   express it. If we look to this phenomenon, which is cultural and social and   political phenomenon \u2013 it\u2019s not exogenous \u2013 we see that there is an evolution.   That evolution is to accept democracy as a part of the political Islam thought.   The revolutionary way failed everywhere \u2013 in Iran, in Sudan, in Afghanistan   and in Algeria. Then the Islamists, put under the pressure of this experience   and the evolution of the world and the Cold War, the new technology of   information, the globalization at all levels \u2013 forced them to progress toward   reviewing their points of view.   \u00a0   We have now an experience in Turkey where Islamists are ruling in a society   which is not monopolized by Islamism. There is balance between the Islamists   which are ruling and the society\u2019s secularist forces which are in opposition   but in a legal framework. I think this experience in Turkey must be taken into   account, because it can perhaps be reproduced elsewhere.   \u00a0   What is happening in Palestine has two sides. The first side is relative to   relations with Israel. The United States asked Hamas to recognize Israel and   to accept the political process. These are problems related to the regional   conflict. They are not directly related to the democratic process. From the   point of view of democratic process, the experience of Hamas, which is ruling   by the way of the polls and which has a very big secularist society in   opposition to it, can be a new experience on the path of reform.   \u00a0   I will not be very long, but I want to attract your attention to the fact that   Morocco will have elections in 2007. In Morocco, the trend is also in the   favor of the Islamists. But in Morocco as elsewhere there are two kinds of   Islamists : the moderates, which are evolving toward the acceptance of   democracy, and the others which are still totalitarian.   \u00a0   Thus what I want to say is that the problem is to be pragmatic about this   issue. There are no politics with zero risk. We have to take the risk and the   solution is two-sided. First, the Islamists accept democracy and basic   freedoms, and second, we don\u2019t have to rely on the declaration but to have a   secularist bloc to constitute a balance in front of them.   \u00a0   I want to say that in Tunisia, after the hunger strike, we engaged in   discussions with the Islamists to integrate them into the political process.   The discussions are going on about basic questions. For example, we are   talking about equality of sex. In Tunisia, polygamy has been banned for half a   century. Tunisians do not accept to come back to that the situation prior to   that. Do the Islamists accept the equality of sex ?   \u00a0   Second, there is the question of the freedom of belief. We don\u2019t want to have   the case the Afghans had this week. It\u2019s not possible. We ask the Islamists :   Do you accept the banishment of the corporal punishment and so on ? We are   discussing basic freedoms and human rights because for us, democracy is not   only a mechanism to solve conflict in a society, but a way to solve conflicts   in a society based on human rights. That is modern democracy. Any alternative   is populism and totalitarianism.   \u00a0   Those are some remarks I want to submit to your reflection. I thank you.   \u00a0   <\/font><font face=\"Arial\" size=\"2\"><font>Michael Rubin : I   want to thank everyone for coming here today. You\u2019ve just witnessed a crime   being committed : the __expression of free speech which would not be possible,   as Neila Charchour Hachicha has found out, in Tunisia. Our thoughts are with   her and I can assure you that AEI is going to stop at nothing to pursue this   until the harassment stops against her daughter, the harassment stops against   her husband, and the harassment stops against her, for the sole crime of   talking out about dissent and reform. That is one thing that is not   acceptable, to take the actions that the Tunisian government has been taking.   \u00a0   I want to remind everyone that there\u2019s a hot lunch outside. The papers are   available. We look forward to seeing you in September when we have our next   group of people, which hopefully will also include Neila again.    <\/font>\u00a0   <strong><font>(Source : Site Web de l\u2019American Enterprise   Institute)<\/font><\/strong>   URL:  <a href=\"http:\/\/www.aei.org\/events\/filter.all,eventID.1251\/transcript.asp\" target=\"_blank\" rel=\"noopener\">  http:\/\/www.aei.org\/events\/filter.all,eventID.1251\/transcript.asp<\/a><\/font><\/div>\n<div align=\"justify\"> <font face=\"Arial\" size=\"2\"><\/p>\n<hr\/>\n<p><\/font><\/div>\n<div align=\"center\">\n<div> <font face=\"Arial\"> <\/p>\n<div>\n<div>\u00a0<\/div>\n<\/p><\/div>\n<div>      \u00a0<\/div>\n<div> <font size=\"2\"><strong> <span lang=\"FR-CH\">      On \u00e9crit au \u00ab\u00a0Monde diplomatique\u00a0\u00bb\u2026.<\/span><\/strong><\/font><\/div>\n<div> <font size=\"2\"><strong>Tunisie<\/strong><\/font><\/div>\n<div>\n<p><font><strong>M.\u00a0Chedia Mhirsi, de Tunis, revient sur les       articles consacr\u00e9s \u00e0 la Tunisie parus dans notre num\u00e9ro de mars\u00a0:<\/strong><\/font><\/p>\n<\/div>\n<div>      \u00a0<\/div>\n<div> <font size=\"2\">Comment parler d\u2019une descente aux enfers alors que les       Tunisiens n\u2019ont jamais eu un PNB aussi \u00e9lev\u00e9 qu\u2019aujourd\u2019hui, que le       progr\u00e8s social a pu d\u00e9fier les pronostics annonc\u00e9s par les experts       mondiaux en la mati\u00e8re\u00a0? La quasi-totalit\u00e9 des Tunisiens ont une       couverture sociale qui leur garantit l\u2019acc\u00e8s aux soins m\u00e9dicaux. En 2005,       165 000 \u00e9trangers toutes nationalit\u00e9s confondues sont venus se soigner       chez nous. En Tunisie, le droit \u00e0 la retraite a \u00e9t\u00e9 \u00e9tendu aux m\u00e9tiers les       plus modestes, et les d\u00e9marches pour en b\u00e9n\u00e9ficier simplifi\u00e9es.<\/font><\/div>\n<div align=\"justify\">      \u00a0<\/div>\n<div align=\"justify\"> <font size=\"2\">Et l\u2019\u00e9ducation, parlons-en\u00a0! Certes Bourguiba a pos\u00e9 les       jalons du d\u00e9veloppement gr\u00e2ce \u00e0 l\u2019institution de la gratuit\u00e9. Mais       l\u2019abandon scolaire pr\u00e9coce \u00e9tait monnaie courante, surtout chez les filles       en zone rurale. A partir de 1991, l\u2019enseignement est devenu obligatoire       jusqu\u2019\u00e0 16 ans. C\u2019est ce facteur qui a chang\u00e9 le profil de l\u2019\u00e9l\u00e8ve et de       l\u2019\u00e9tudiant\u00a0: jusqu\u2019\u00e0 cette date, seuls 35 % des \u00e9l\u00e8ves r\u00e9ussissaient \u00e0       l\u2019examen de fin d\u2019\u00e9tudes primaires. Maintenant et gr\u00e2ce \u00e0 cette mesure,       100 % des \u00e9l\u00e8ves peuvent finir leurs \u00e9tudes de coll\u00e8ge et ont la       possibilit\u00e9 d\u2019aller au-del\u00e0. <i>(&#8230;)<\/i> Gr\u00e2ce \u00e0 l\u2019\u00e9cole,       nous avons actuellement des m\u00e9decins et des ing\u00e9nieurs en surnombre. Cela       ne va pas sans poser des probl\u00e8mes, telle la baisse de niveau. Les       r\u00e9sultats ne sont pas toujours \u00e0 la hauteur des esp\u00e9rances et des       investissements. Tout autour, les fronti\u00e8res ne sont pas assez ouvertes       pour accueillir ce surplus de main-d\u2019\u0153uvre qualifi\u00e9e qui a de plus en plus       de mal \u00e0 trouver un emploi. Ne parlons pas des fronti\u00e8res europ\u00e9ennes,       herm\u00e9tiquement ferm\u00e9es aux personnes et aux produits agricoles. Savez-vous       que les chanceux, tri\u00e9s sur le volet, que les services consulaires       autorisent \u00e0 se rendre en France doivent payer 99 euros pour obtenir un       visa alors qu\u2019il suffit \u00e0 un Fran\u00e7ais de payer 100 euros de plus pour       s\u2019offrir un s\u00e9jour d\u2019une semaine en Tunisie, billet d\u2019avion compris\u00a0!<\/font><\/div>\n<div align=\"justify\">      \u00a0<\/div>\n<div align=\"justify\"> <font><strong><font size=\"2\">\u00a0(Source: Le Monde       Diplomatique, avril 2006)<\/font><\/strong><\/font> <\/p>\n<div>        \u00a0<\/div>\n<div> <a href=\"http:\/\/www.monde-diplomatique.fr\/2006\/04\/A\/13358\" target=\"_blank\" rel=\"noopener\"> <font size=\"2\">        http:\/\/www.monde-diplomatique.fr\/2006\/04\/A\/13358<\/font><\/a><\/div>\n<\/p><\/div>\n<p> <\/font> <\/div>\n<\/div>\n<div align=\"center\"> <font face=\"Arial\" size=\"2\"><\/p>\n<hr\/>\n<p>\u00a0   <\/p>\n<p><\/font><strong><font face=\"Arial\" size=\"2\">Investissements   europ\u00e9ens et arabes en Tunisie   <\/font><\/p>\n<h2 style=\"color: red;\"><font face=\"Arial\">Tout un plan pour faire de la   Tunisie une place financi\u00e8re r\u00e9gionale<\/font><\/h2>\n<p><\/strong><font face=\"Arial\" size=\"2\">\u00a0<\/font><\/div>\n<div align=\"justify\"> <font face=\"Arial\" size=\"2\">La Tunisie est le premier pays \u00e0 avoir sign\u00e9 un   Accord d&rsquo;Association avec l&rsquo;Union Europ\u00e9enne. La zone de libre-\u00e9change sera   totalement en place dans peu de temps et les financements atteignent des   montants records avec une moyenne de 315 millions [ sur les 5 derni\u00e8res ann\u00e9es,   dont plus du quart en subventions du Programme MEDA et le reste en forme de   pr\u00eats de la Banque Europ\u00e9enne d&rsquo;Investissement.   \u00a0   La Tunisie fournit l&rsquo;exemple d&rsquo;un partenariat diversifi\u00e9 avec l&rsquo;Union   Europ\u00e9enne : de la formation professionnelle \u00e0 l&rsquo;enseignement sup\u00e9rieur, de la   modernisation des ports aux grands travaux autoroutiers, de la modernisation   des circuits financiers et des douanes au financement des PME, de la   pr\u00e9servation de l&rsquo;environnement \u00e0 la modernisation de la justice, tous les   compartiments de cette politique sont men\u00e9s avec une participation forte de la   Commission Europ\u00e9enne et de la Banque Europ\u00e9enne d&rsquo;Investissement.   \u00a0   Selon les chiffres de la D\u00e9l\u00e9gation de l&rsquo;Union Europ\u00e9enne \u00e0 Tunis , au total,   la Tunisie tient une place de premier plan. Qu&rsquo;il s&rsquo;agisse du Programme MEDA   ou de la BEI, elle re\u00e7oit 14 \u00e0 16 % du total des fonds disponibles alors m\u00eame   qu&rsquo;elle repr\u00e9sente 4 % de la population des pays concern\u00e9s.   \u00a0   El\u00e9ment important dans cette architecture, la place des pays arabes et de la   Tunisie dans le palmar\u00e8s de l&rsquo;investissement direct \u00e9tranger (IDE).   Globalement, les pays arabes drainent une part tr\u00e8s faible des IDE qui vont   dans les pays en d\u00e9veloppement : seulement 2 % dans la p\u00e9riode r\u00e9cente. La   Tunisie, par contre, se taille une part importante de ces flux d&rsquo;IDE \u00e0   destination des pays arabes, puisqu&rsquo;elle en obtient 17%.   \u00a0   <strong><font>Cap sur le Golfe<\/font><\/strong>   \u00a0   Consciente des potentialit\u00e9s que rec\u00e8lent les pays du Golfe en mati\u00e8re de   capitaux \u00e0 investir et de la disposition des hommes d&rsquo;affaires de ces pays \u00e0   saisir les opportunit\u00e9s d&rsquo;investissement offertes par notre pays, la FIPA a   mis en place une strat\u00e9gie visant \u00e0 mieux faire conna\u00eetre le climat des   affaires et les opportunit\u00e9s d&rsquo;investissement \u00e0 travers notamment la   multiplication de la participation des cadres de FIPA aux congr\u00e8s, salons et   diverses manifestations \u00e9conomiques dans ces pays.   \u00a0   La d\u00e9marche consiste \u00e0 se rapprocher des grands groupes pour leur pr\u00e9senter   des projets dans les secteurs porteurs r\u00e9pondant \u00e0 leur attente tels que les   TIC, les services financiers, les projets touristiques et les grands projets   de privatisation et de concession. Par ailleurs une action de coordination   avec les banques d&rsquo;investissement en Tunisie sera effectu\u00e9e r\u00e9guli\u00e8rement   visant la mise en place d&rsquo;une strat\u00e9gie pour faire de la Tunisie une place   financi\u00e8re r\u00e9gionale et la r\u00e9alisation de projets en partenariat bas\u00e9s sur la   compl\u00e9mentarit\u00e9. En plus de ces actions de promotion, FIPA proc\u00e9dera au suivi   des entraves \u00e0 la r\u00e9alisation des projets arabes pour leur permettre   d&rsquo;atteindre leurs objectifs .   \u00a0   En effet, la strat\u00e9gie de la FIPA a commenc\u00e9 \u00e0 donner ses fruits, les   investisseurs arabes conscients des opportunit\u00e9s offertes par la Tunisie en   mati\u00e8re d&rsquo;investissement ont r\u00e9agi positivement \u00e0 cet appel en investissant   dans des secteurs tr\u00e8s porteurs tels le tourisme et le T\u00e9l\u00e9com.   \u00a0   C&rsquo;est ainsi que le MBI International holding, un groupe cr\u00e9\u00e9 par le Cheikh   Mohamed Bin Issa Al Jaber, fort d&rsquo;un actif de 3.8 milliards de dollars et   solidement implant\u00e9 dans plus d&rsquo;un secteur au Moyen Orient et en Europe, vient   de cr\u00e9er un fonds d&rsquo;investissement touristique baptis\u00e9 MBI Tunisia Fund, d&rsquo;un   capital de 65 millions de dinars dont le groupe MBI International sera le   principal actionnaire (60%) \u00e0 c\u00f4t\u00e9 de l&rsquo;IMBank.   \u00a0   <strong><font>Secteurs exclus<\/font><\/strong>   \u00a0   Il existe des secteurs dans lesquels les\u00a0 \u00e9trangers ne peuvent pas investir\u00a0 ,   essentiellement\u00a0 les secteurs monopolis\u00e9s par l&rsquo;Etat tels que : l&rsquo;\u00e9lectricit\u00e9,   la distribution des eaux, la poste, le tabac, la poudre \u00e0 feu, et des   allumettes et ce, sauf obtention d&rsquo;une concession sur une branche de ces   activit\u00e9s.   \u00a0   Toutefois, les activit\u00e9s offshore ne sont pas concern\u00e9es par ces limitations.   \u00a0   La participation \u00e9trang\u00e8re dans les entreprises tunisiennes, dans certaines   activit\u00e9s de services autres que totalement exportatrices, est libre tant   qu&rsquo;elle est inf\u00e9rieure \u00e0 50% du capital social. Au-del\u00e0, cette participation   requiert l&rsquo;accord du Conseil Sup\u00e9rieur d&rsquo;Investissement.   \u00a0   L&rsquo;investissement dans le secteur agricole et de p\u00eache par des investisseurs   \u00e9trangers se fait par voie de location des terres agricoles. La p\u00e9riode de   location des terres peut aller de 25 \u00e0 40 ans.   \u00a0   L&rsquo;acquisition par les \u00e9trangers de biens immeubles, autres qu&rsquo;agricoles,   requiert l&rsquo;approbation pr\u00e9alable du gouverneur territorialement concern\u00e9,   lorsqu&rsquo;il existe une convention en la mati\u00e8re avec le pays de l&rsquo;\u00e9tranger.   \u00a0   LM   \u00a0   <\/font><strong><font><font face=\"Arial\" size=\"2\">(Source : \u00ab   Le Temps \u00bb du 11 avril 2006)<\/font><\/font><\/strong><\/div>\n<div align=\"justify\"> <font face=\"Arial\" size=\"2\"><\/p>\n<hr\/>\n<p><\/font><\/div>\n<div align=\"center\"> <font face=\"Arial\" size=\"2\">\u00a0   <\/font><font face=\"Arial\"><strong><\/p>\n<h2 style=\"color: red;\"><font>Le FADES finace le   projet de construction du barrage \u00ab\u00a0El Kebir\u00a0\u00bb \u00e0 Gafsa<\/font><\/h2>\n<p><\/strong><\/font><\/div>\n<div align=\"justify\"> <font face=\"Arial\" size=\"2\"><strong>Depuis 1987, le FADES a financ\u00e9 43 projets   avec des engagements globaux de 2,1 milliards de dinars.<\/strong>   \u00a0   Un accord de pr\u00eat, d&rsquo;une valeur totale de 89 millions de dinars vient d&rsquo;\u00eatre   sign\u00e9 entre la Tunisie et le Fonds arabe pour le d\u00e9veloppement \u00e9conomique et   social (FADES). Ce pr\u00eat, qui sera rembours\u00e9 sur 22 ans avec une p\u00e9riode de   gr\u00e2ce de 5 ans et un taux d&rsquo;int\u00e9r\u00eat de 4,5%, sera consacr\u00e9 \u00e0 la r\u00e9alisation de   routes r\u00e9gionales class\u00e9es et de sentiers ruraux et \u00e0 la construction du   barrage \u00c7 EL K\u00e9bir \u00c8 \u00e0 Gafsa.   \u00a0   La premi\u00e8re tranche du pr\u00eat, d&rsquo;un montant de 75 MD, est destin\u00e9e au   financement de la premi\u00e8re partie du projet des routes r\u00e9gionales class\u00e9es et   des sentiers ruraux.\u00a0 Il s&rsquo;agit du bitumage de 162 Km de routes dans neuf   gouvernorats (Gab\u00e8s, Sfax, Kairouan, Siliana, Kef, Monastir, Mahdia, Kasserine   et Bizerte) et l&rsquo;asphaltage de 59 pistes sur une longueur de 450 KM r\u00e9partis   entre 13 gouvernorats. Tout le projet porte sur le bitumage et le rev\u00eatement   d&rsquo;environ 310 Km de routes et l&rsquo;am\u00e9nagement de 107 sentiers ruraux sur une   longueur de 1000 KM, r\u00e9partis sur tous les gouvernorats. Le co\u00fbt total du   projet s&rsquo;\u00e9l\u00e8ve \u00e0 206 MD.   \u00a0   Quant \u00e0 la seconde tranche du pr\u00eat, d&rsquo;une valeur de 14 MD, elle financera le   projet de construction du barrage \u00c7EL K\u00e9bir \u00c8 dans le gouvernorat de Gafsa,   dont le co\u00fbt total est estim\u00e9 \u00e0 18,860 MD. Ce projet a pour objectif de   fournir l&rsquo;eau d&rsquo;irrigation d&rsquo;appoint aux p\u00e9rim\u00e8tres agricoles situ\u00e9s dans les   plaines limitrophes \u00e0 l&rsquo;oued El K\u00e9bir et de prot\u00e9ger la ville de Gafsa des   inondations.   \u00a0   R\u00e9cemment, les deux parties ont conclu un accord de pr\u00eat\u00a0 pour la r\u00e9alisation   du barrage de \u00c7 Oued Srat \u00c8 (gouvernorat du Kef), qui permettra d&rsquo;irriguer 3   100 hectares de terres agricoles. Le FADES a contribu\u00e9 \u00e0 hauteur de 50   millions de dinars au projet d&rsquo;ensemble dont le co\u00fbt est estim\u00e9 \u00e0 84 millions   de dinars. Le projet comprend la construction du barrage avec ses diff\u00e9rentes   composantes, des ouvrages de pompage, de stockage et de transfert d&rsquo;eau, des   canaux d&rsquo;irrigation ainsi que l&rsquo;am\u00e9nagement de pistes agricoles et de r\u00e9seaux   d&rsquo;\u00e9vacuation de l&rsquo;eau. Il s&rsquo;agit \u00e9galement d&rsquo;offrir des services d&rsquo;expertise   et de piloter l&rsquo;ex\u00e9cution du projet.   \u00a0   A signaler que le FADES a contribu\u00e9, depuis 1987, au financement de 43 projets   avec des engagements globaux nets de pr\u00e8s de 2,1 milliards de dinars, dont   1525 millions de dinars ont \u00e9t\u00e9 jusqu&rsquo;\u00e0 pr\u00e9sent utilis\u00e9s, soit un taux de 72%.   L&rsquo;enveloppe de ces engagements est utilis\u00e9e \u00e0 hauteur de 40% dans le secteur   agricole (y compris les barrages), 30% dans le secteur des routes et   autoroutes, 20% dans l&rsquo;industrie et l&rsquo;\u00e9nergie et 10% dans la formation   professionnelle, l&rsquo;enseignement sup\u00e9rieur, les petits projets et l&rsquo;habitat   social&#8230;. Le FADES a, \u00e9galement, particip\u00e9 au financement des \u00e9tudes   techniques r\u00e9alis\u00e9es dans diff\u00e9rents domaines pour un montant de 3,7 MD.    \u00a0   La Tunisie formule de grandes ambitions quant \u00e0 la contribution du Fonds dans   le financement des projets programm\u00e9s dans le cadre du XI\u00e8me Plan (2007-2011).     \u00a0   Aziz ARFAOUI   \u00a0   <\/font><strong><font><font face=\"Arial\" size=\"2\">(Source : \u00ab   Le Temps \u00bb du 11 avril 2006)<\/font> <\/p>\n<hr\/>\n<p><\/font><\/strong><\/div>\n<h2 style=\"color: red;\"><span lang=\"FR-CH\"><\/p>\n<h3 style=\"color: blue;\"><font>LE DOSSIER DE \u00ab\u00a0REALITES\u00a0\u00bb<\/font><\/h3>\n<p><\/span><\/h2>\n<p>\u00a0<\/p>\n<p><span lang=\"EN-GB\"><a href=\"http:\/\/www.realites.com.tn\/index1.php?mag=1&amp;cat=\/4DOSSIERS%20ET%20ENQUETES\/1Dossiers&amp;art=15042&amp;a=detail1&amp;PHPSESSID=3a36f8b855f50e4a7f32b4c01aa9a63a\" target=\"_blank\" rel=\"noopener\"><b><span lang=\"FR-CH\"><font size=\"3\">La d\u00e9mocratie \u00e0 l\u2019\u00e9preuve de l\u2019ind\u00e9pendance<\/font><\/span><\/b><\/a><\/span><span lang=\"FR-CH\"> <\/span><span lang=\"FR-CH\">Avec l\u2019Ind\u00e9pendance, le nouvel Etat tunisien ind\u00e9pendant a cherch\u00e9 \u00e0 se consolider en engageant, dans tous les domaines, des r\u00e9formes audacieuses pour l\u2019\u00e9poque&#8230;<\/span><\/p>\n<p>\u00a0<\/p>\n<p><span lang=\"EN-GB\"><a href=\"http:\/\/www.realites.com.tn\/index1.php?mag=1&amp;cat=\/4DOSSIERS%20ET%20ENQUETES\/1Dossiers&amp;art=15043&amp;a=detail1&amp;PHPSESSID=3a36f8b855f50e4a7f32b4c01aa9a63a\" target=\"_blank\" rel=\"noopener\"><b><span lang=\"FR-CH\"><font size=\"3\">Chronique d\u2019une premi\u00e8re \u00e9lection annonc\u00e9e<\/font><\/span><\/b><\/a><\/span><\/p>\n<p>\u00a0<\/p>\n<p><span lang=\"EN-GB\"><a href=\"http:\/\/www.realites.com.tn\/index1.php?mag=1&amp;cat=\/4DOSSIERS%20ET%20ENQUETES\/1Dossiers&amp;art=15044&amp;a=detail1&amp;PHPSESSID=3a36f8b855f50e4a7f32b4c01aa9a63a\" target=\"_blank\" rel=\"noopener\"><b><span lang=\"FR-CH\"><font size=\"3\">LES PREMIERES ELECTIONS DE LA TUNISIE INDEPENDANTE : La domination totale du N\u00e9o-Destour<\/font><\/span><\/b><\/a><\/span><\/p>\n<p>\u00a0<\/p>\n<p><span lang=\"EN-GB\"><a href=\"http:\/\/www.realites.com.tn\/index1.php?mag=1&amp;cat=\/4DOSSIERS%20ET%20ENQUETES\/1Dossiers&amp;art=15045&amp;a=detail1&amp;PHPSESSID=3a36f8b855f50e4a7f32b4c01aa9a63a\" target=\"_blank\" rel=\"noopener\"><b><span lang=\"FR-CH\"><font size=\"3\">Georges Adda : \u201cLe jour de l\u2019Ind\u00e9pendance \u00e9tait le 1er Juin 1955\u201d<\/font><\/span><\/b><\/a><\/span><span lang=\"FR-CH\"> <\/span><span lang=\"FR-CH\">Entretien conduit par Noura BORSALI<\/span><\/p>\n<p>\u00a0<\/p>\n<p><span lang=\"EN-GB\"><a href=\"http:\/\/www.realites.com.tn\/index1.php?mag=1&amp;cat=\/1110CHRONIQUES\/3Nota%20bene&amp;art=15027&amp;a=detail1\" target=\"_blank\" rel=\"noopener\"><b><span lang=\"FR-CH\"><font size=\"3\">Le mausol\u00e9e du patriarche. Par Noura Borsali<\/font><\/span><\/b><\/a><\/span><\/p>\n<p>\u00a0<\/p>\n<p><b><span lang=\"FR-CH\">(Source\u00a0: \u00ab\u00a0R\u00e9alit\u00e9s\u00a0\u00bb N\u00b0 1056 du 6 avril 2006) <\/span><\/b><\/p>\n<hr\/>\n<p align=\"center\"><b><span lang=\"FR\">Georges Adda : \u201cLe jour de l\u2019Ind\u00e9pendance \u00e9tait le 1er Juin 1955\u201d<\/span><\/b><\/p>\n<p align=\"justify\"><span lang=\"FR\"> <\/span><font face=\"Arial\" size=\"2\"><span lang=\"FR\">\u00a0 <\/span><b><i><span lang=\"FR\">Georges Adda est, comme nous aimons l\u2019appeler, \u201c le doyen des militants \u201d. Il a 90 ans et n\u2019a rien perdu ni de son dynamisme, ni de son engagement pour les causes justes. Militant communiste depuis les ann\u00e9es 30, membre \u00e9lu du Comit\u00e9 Central du Parti Communiste Tunisien (PCT), candidat aux premi\u00e8res municipales de la Tunisie ind\u00e9pendante du 5 mai 1957, sur la liste du PCT de Tunis, collaborateur aux journaux du PC comme Ettalia, L\u2019Avenir social et L\u2019Avenir de la Tunisie dont il sera r\u00e9dacteur en chef etc\u2026, Georges Adda a \u00e9t\u00e9 de tous les combats. C\u2019est en tant que t\u00e9moin du pass\u00e9 comme du pr\u00e9sent qu\u2019il a eu l\u2019amabilit\u00e9 de r\u00e9pondre \u00e0 nos questions.<\/span><\/i><\/b><span lang=\"FR\"> <\/span><span lang=\"FR\"> <b>Pouvez-vous, pour commencer, nous retracer votre itin\u00e9raire de militant communiste pour l\u2019ind\u00e9pendance de son pays ?<\/b>   Fin 1933, je me suis lanc\u00e9 dans l\u2019activit\u00e9 du PCT et, en 1934, j\u2019ai commenc\u00e9 \u00e0 avoir des responsabilit\u00e9s. En 1935, arr\u00eat\u00e9, je fus emprisonn\u00e9 durant huit mois. Le 1er juin 1936, le PCT a organis\u00e9 sa Conf\u00e9rence Nationale lors de laquelle j\u2019ai \u00e9t\u00e9 \u00e9lu Secr\u00e9taire G\u00e9n\u00e9ral adjoint. Je n\u2019avais pas 20 ans. A partir de 1937, la situation a recommenc\u00e9 \u00e0 devenir s\u00e9rieuse et les heurts avec le colonialisme tr\u00e8s durs, comme le montre la fusillade des mineurs de la r\u00e9gion de Gafsa qui a caus\u00e9 dix-sept morts et des dizaines de bless\u00e9s. A partir de ce moment, j\u2019ai eu des positions sp\u00e9cifiques. Je proposais que soit r\u00e9alis\u00e9e avec le N\u00e9o-Destour une entente pour des objectifs politiques communs. J\u2019\u00e9tais favorable \u00e0 une participation des communistes aux manifestations organis\u00e9es par le N\u00e9o-Destour. En juin 1937, lorsque Belgacem El Gnaoui s\u2019est mis \u00e0 reconstituer la CGTT de M\u2019hamed Ali et de Mokhtar Ayari, nous \u00e9tions divis\u00e9s au Parti Communiste. J\u2019\u00e9tais favorable \u00e0 une collaboration avec El Gnaoui pour cr\u00e9er un mouvement syndical authentiquement tunisien, ce qui n\u2019\u00e9tait pas la position de la majorit\u00e9 au sein du Parti. C\u2019\u00e9tait tr\u00e8s dur. D\u2019ailleurs, un compte rendu de ce profond diff\u00e9rend existe dans le rapport du repr\u00e9sentant de l\u2019Internationale Communiste, qui \u00e9tait venu \u00e0 Tunis pour effectuer une enqu\u00eate sur les \u00e9v\u00e8nements du 9 avril 1938. C\u2019est ainsi qu\u2019\u00e0 ce moment-l\u00e0, \u00e9tant l\u2019animateur de ce courant, j\u2019ai \u00e9t\u00e9 accus\u00e9 au sein du Parti d\u2019\u00eatre, comme les chefs n\u00e9o-destouriens, un agent du fascisme italien. Dans son rapport, le repr\u00e9sentant de l\u2019Internationale Communiste a not\u00e9 que j\u2019\u00e9tais un \u201c \u00e9l\u00e9ment malsain \u201d qui ne devait plus avoir sa place dans le Parti Communiste. C\u2019est en effet \u00e0 partir de 1936 que le PCT a inaugur\u00e9 une nouvelle orientation car, depuis sa cr\u00e9ation en 1920 et jusqu\u2019en 1936, il avait pour seul mot d\u2019ordre : l\u2019Ind\u00e9pendance de la Tunisie. A partir de ce moment, c\u2019est devenu autre chose. Il est vrai que la situation internationale y \u00e9tait pour beaucoup et que l\u2019Internationale Communiste avait, avec raison, en 1935, braqu\u00e9 toute son action sur l\u2019union des forces contre le fascisme. En 1936, nous participions au Front Populaire fran\u00e7ais, nous \u00e9tions \u00e0 la CGT fran\u00e7aise. J\u2019\u00e9tais absolument contre tout cela et pour quelque chose de sp\u00e9cifiquement tunisien tout en restant dans le mouvement communiste international. Il fallait, \u00e0 ce moment-l\u00e0, imbriquer la lutte nationale dans le mouvement international. C\u2019est pour cela qu\u2019en f\u00e9vrier 1938, j\u2019ai pr\u00e9f\u00e9r\u00e9 quitter Tunis et aller \u00e0 Paris. Ainsi j\u2019ai pass\u00e9 cinq ans en dehors du Parti, en France et en Tunisie. Par la suite, l\u2019histoire du Parti Communiste jusqu\u2019\u00e0 ce jour a connu plusieurs autocritiques et rectifications, sans toutefois avoir trouv\u00e9, au fond, la formule ad\u00e9quate. Pendant tout ce temps, j\u2019ai cr\u00e9\u00e9 des liens humains avec des N\u00e9o-Destouriens comme H\u00e9di Sa\u00efdi qui \u00e9tait mon ami. Il lui est arriv\u00e9, en 1935, \u00e0 lui membre du BP du N\u00e9o-Destour, de me loger lorsque la police me recherchait. C\u2019\u00e9tait un \u00e9tat d\u2019esprit. A ceux qui me demandaient pour quelles raisons je n\u2019avais pas int\u00e9gr\u00e9 le Parti destourien, je r\u00e9pondais que je demeurais un communiste avec une position d\u00e9termin\u00e9e, que je restais profond\u00e9ment communiste.   <b>Apr\u00e8s cette crise, vous avez fini par retrouver votre place dans le Parti Communiste puisque vous serez, jusqu\u2019\u00e0 son interdiction en janvier 1963, membre \u00e9lu du Comit\u00e9 Central.<\/b>   En effet, j\u2019ai r\u00e9int\u00e9gr\u00e9 le Parti en septembre 1942. Le PCT, \u00e0 cette \u00e9poque, changeait de politique et recommen\u00e7ait \u00e0 parler d\u2019ind\u00e9pendance. On peut dire que ma r\u00e9int\u00e9gration a eu lieu au moment o\u00f9 le Parti se pr\u00e9parait \u00e0 lancer un nouveau programme appel\u00e9 \u201c Les buts de guerre du PCT \u201d. Les Allemands chass\u00e9s, les communistes devenaient libres et le Parti redevenait l\u00e9gal. Le PCT a tenu sa Conf\u00e9rence Nationale o\u00f9 j\u2019ai \u00e9t\u00e9 \u00e9lu membre du Comit\u00e9 Central et au Congr\u00e8s membre du BP. En 1951, j\u2019ai d\u00e9missionn\u00e9 du BP \u00e0 la suite d\u2019un d\u00e9saccord sur l\u2019organisation du Parti. Au PCT, on discutait beaucoup. Ne croyez pas que le parti \u00e9tait un bloc de ciment. Contrairement \u00e0 ce que tout le monde pense, on se \u201c battait \u201d \u00e0 l\u2019int\u00e9rieur du Parti.   <b>Ali Djerad, le premier Secr\u00e9taire du Parti, a \u00e9t\u00e9 exclu. La motion d\u2019exclusion de Ali Djerad, vot\u00e9e \u00e0 l\u2019unanimit\u00e9 par le III\u00e8me Congr\u00e8s de mai 1948 \u00e9tait, pour le moins que l\u2019on puisse dire, tr\u00e8s dure. On avait \u201c chass\u00e9, y \u00e9crit-on, des rangs du Parti \u201d Ali Djerad, \u201c un \u00e9l\u00e9ment provocateur \u201d dont \u201c les positions politiques, fausses et provocatrices, la criminelle activit\u00e9 fractionnelle et la vie priv\u00e9e d\u00e9r\u00e9gl\u00e9e auraient pu porter un pr\u00e9judice consid\u00e9rable au parti, sans la vigilance du Comit\u00e9 central \u201d dont vous faisiez partie \u00e0 cette \u00e9poque.<\/b>   L\u2019affaire de Ali Djerad est tr\u00e8s compliqu\u00e9e. J\u2019ai toujours refus\u00e9 de parler des autres camarades et de citer des noms. Je ne parle que de mes positions. La vie politique est tr\u00e8s complexe. On peut \u00eatre pour quelque chose tout en \u00e9tant contre l\u2019ensemble. Lorsque j\u2019ai d\u00e9missionn\u00e9 du Bureau Politique en 1951, ce n\u2019\u00e9tait pas de gaiet\u00e9 de c\u0153ur. J\u2019ai d\u00e9missionn\u00e9 du Bureau Politique tout en restant membre du CC. Et apr\u00e8s l\u2019ind\u00e9pendance, dans les congr\u00e8s, j\u2019avais des positions qui n\u2019\u00e9taient pas toujours celles des autres camarades, comme dans les congr\u00e8s o\u00f9 il y a eu le renouvellement de toute la direction. J\u2019y \u00e9tais pour quelque chose d\u2019une certaine fa\u00e7on.   <b>Revenons, si vous le voulez bien, \u00e0 votre itin\u00e9raire militant.<\/b>   J\u2019ai d\u00e9j\u00e0 donn\u00e9 au d\u00e9but de l\u2019entretien des indications importantes. Que dire de plus ? Reprenons donc. J\u2019adh\u00e8re fin 1933 au Parti Communiste. 1935, je suis recherch\u00e9 par la police. Septembre 1935, arrestation et emprisonnement. 1er juin 1936 : \u00e9lu Secr\u00e9taire G\u00e9n\u00e9ral adjoint du Parti. F\u00e9vrier 1938, d\u00e9part pour Paris. Mars 1940, arrestation \u00e0 Paris et renvoi \u00e0 Tunis pour \u00eatre d\u00e9port\u00e9 \u00e0 Zaghouan puis \u00e0 B\u00e9j\u00e0. Novembre 1942, \u00e9vasion et d\u00e9part vers l\u2019Alg\u00e9rie pour tenter de prendre contact avec le Parti Communiste Alg\u00e9rien. F\u00e9vrier 1943, installation au Kef. Mai 1943, retour \u00e0 Tunis et reprise de mes activit\u00e9s au PC comme membre du Comit\u00e9 Central puis du Bureau Politique ainsi que r\u00e9dacteur en chef de L\u2019Avenir de la Tunisie . 1952, internement aux camps de concentration de Remada, puis de Ben Gardane et de Zaarour. 1953, emprisonnement. Ao\u00fbt 1954, lib\u00e9ration de prison et participation \u00e0 la r\u00e9daction de Ettalia et de L\u2019Avenir . 1963, interdiction du PCT et participation \u00e0 l\u2019activit\u00e9 clandestine. D\u00e9but 1990, collaboration avec l\u2019UGTT et participation aux actions des d\u00e9mocrates. Je suis jusqu\u2019\u00e0 ce jour un militant \u00e0 part enti\u00e8re et peut-\u00eatre le doyen des d\u00e9mocrates militants encore en vie. Dans les prisons et les camps de concentration, j\u2019ai v\u00e9cu aussi avec des responsables et des militants n\u00e9o-destouriens avec lesquels j\u2019ai eu et j\u2019ai toujours d\u2019excellentes relations humaines.   <b>Quels \u00e9taient ces responsables ?<\/b>   A Remada : Habib Bourguiba, Mongi Slim, H\u00e9di Chaker, H\u00e9di Nouira, Ferjani Bel Hadj Ammar, Habib Cheikhrouhou etc&#8230; En prison, j\u2019\u00e9tais avec Ahmed Tlili avec qui j\u2019ai entretenu des relations devenues tr\u00e8s amicales, Habib Achour, Azzouz Reba\u00ef, H\u00e9di Nouira, B\u00e9chir Bellagha, Abdelmajid Chaker, B\u00e9chir Ben Youssef etc\u2026  <b>Vous vous consid\u00e9rez toujours comme un militant communiste ?<\/b>   Oui, mais maintenant, je suis un militant \u201c ind\u00e9pendant \u201d. Il est vrai que le mot \u201c ind\u00e9pendant \u201d n\u2019a aucune signification. Mais c\u2019est un accord tacite entre beaucoup de gens pour se dire \u201c ind\u00e9pendants \u201d. Je dirai plut\u00f4t \u201c non organis\u00e9s \u201d, \u201cnon encart\u00e9s\u201d. Je reste id\u00e9ologiquement communiste. Je suis pour un communisme nouveau bien ancr\u00e9 dans sa tunisianit\u00e9, un communisme fait aussi et surtout de libert\u00e9 et de d\u00e9mocratie, du strict respect du droit \u00e0 la diff\u00e9rence des opinions et des convictions, ainsi que du respect du verdict des urnes issu d\u2019\u00e9lections libres et transparentes. J\u2019esp\u00e8re terminer ma vie avec toujours en moi l\u2019id\u00e9al de ma jeunesse.   <b>Comment avez-vous v\u00e9cu l\u2019Ind\u00e9pendance du pays, surtout qu\u2019elle a eu lieu dans un contexte national et r\u00e9gional tr\u00e8s tendu ?<\/b>   Avec un grand enthousiasme et une grande satisfaction comme apr\u00e8s un travail bien accompli. En v\u00e9rit\u00e9, on ne s\u2019attendait pas \u00e0 ce que l\u2019ind\u00e9pendance soit proclam\u00e9e quelques mois seulement apr\u00e8s l\u2019accord de l\u2019autonomie interne. On avait le sentiment que le gouvernement fran\u00e7ais voulait se pr\u00e9cipiter pour s\u2019en d\u00e9barrasser du fait de ce nouveau grand chantier qu\u2019il avait devant lui : l\u2019Alg\u00e9rie. Je crois que le premier jour de l\u2019Ind\u00e9pendance, bien que \u00e7a ne le soit pas, \u00e9tait le 1er juin 1955. Ce dernier \u00e9tait tellement grandiose que m\u00eame si on avait manifest\u00e9 le 20 mars, \u00e7a aurait \u00e9t\u00e9 insignifiant en comparaison avec le 1er juin. On a raison de comm\u00e9morer le 20 mars parce que, ce jour-l\u00e0, on a bien sign\u00e9 le protocole d\u2019accord de l\u2019ind\u00e9pendance, mais, en fait, tout a \u00e9t\u00e9 trac\u00e9 dans la dynamique cr\u00e9\u00e9e par la proclamation de l\u2019autonomie interne. Ces conventions n\u2019ont pas \u00e9t\u00e9 comprises par tout le monde, y compris par le PCT qui les avait rejet\u00e9es au d\u00e9part, alors qu\u2019\u00e0 la r\u00e9flexion, c\u2019\u00e9tait un grand pas sur la voie de l\u2019ind\u00e9pendance.   <b>Mais, plus tard, le Parti Communiste Tunisien critiquera Salah Ben Youssef et se ralliera aux positions de Bourguiba, comme le montrent, d\u2019une part, le message qu\u2019il adressera au V\u00e8me Congr\u00e8s du N\u00e9o-Destour (Sfax, novembre 1955), pour appuyer les Conventions du 3 juin 1955, consid\u00e9r\u00e9es par les communistes comme \u201c un pas positif vers l\u2019Ind\u00e9pen- dance \u201d, et d\u2019autre part, toutes les r\u00e9unions publiques qu\u2019il organisera pour appuyer les conventions et la politique de Bourguiba. Qu\u2019est-ce qui explique cette volte-face ? <\/b>  Pendant, je crois, deux mois, les communistes \u00e9taient contre, mais ils ont fini par modifier leur position. Et, \u00e0 ce moment-l\u00e0, nous avons adopt\u00e9 la formule : \u201c C\u2019est un pas en avant important, \u00e7a va ouvrir la voie \u00e0 l\u2019ind\u00e9pendance \u201d. Et nous avons adopt\u00e9 une ligne claire : \u201c Nous soutiendrons tout ce qui est positif et nous combattrons ce qui est n\u00e9gatif \u201d.   <b>D\u2019autres voix se sont \u00e9lev\u00e9es \u00e9galement contre ces Conventions : les Youss\u00e9fistes, l\u2019Arch\u00e9o-Destour, des organisations nationales comme l\u2019UGAT etc\u2026<\/b>  Cette bataille \u00e9tait surtout \u201c destouro-destourienne \u201d. Je crois que le conflit se situait au niveau du leadership de la Tunisie de demain. Sera-t-il entre les mains de Bourguiba ou de Salah Ben Youssef ? Et chacun disait : \u201c C\u2019est moi \u201d, si bien qu\u2019il y a eu la guerre.   <b>Pour revenir au 1er juin, son importance venait-elle du fait du retour triomphal de Bourguiba qui, ce jour-l\u00e0, s\u2019\u00e9tait impos\u00e9 comme le leader et l\u2019artisan de l\u2019autonomie interne qui aboutira le 20 mars \u00e0 l\u2019ind\u00e9pendance ?<\/b>  Il faut, \u00e0 mon avis, se poser la question : qui \u00e9tait le leader de la Tunisie ? Qui \u00e9tait son homme fort, son concepteur, son homme politique avec des visions, des projets, des tactiques et des strat\u00e9gies ? Je le dis franchement, j\u2019ai combattu Bourguiba, mais Bourguiba \u00e9tait l\u2019homme de la Tunisie. La preuve, c\u2019est qu\u2019il a r\u00e9ussi. La Tunisie est un pays ind\u00e9pendant. Nous ne sommes pas un pays qui a rat\u00e9 son ind\u00e9pendance et qui a besoin d\u2019une vraie ind\u00e9pendance ou d\u2019une deuxi\u00e8me ind\u00e9pendance. Id\u00e9e qui fait aujourd\u2019hui d\u00e9bat dans certains milieux. Bourguiba \u00e9tait fid\u00e8le aux grandes aspirations du peuple tunisien, l\u2019Ind\u00e9pendance et un Etat souverain au moindre co\u00fbt. Et \u00e7a, c\u2019est Bourguiba. Mais il ne faut pas oublier que le m\u00eame Bourguiba et avec lui les Bourguibiens ont \u00e9touff\u00e9 les libert\u00e9s et emp\u00each\u00e9 la d\u00e9mocratie de s\u2019enraciner, de se d\u00e9velopper, de s\u2019\u00e9panouir dans notre pays et de devenir une culture pour tous.  <b>En 1955-56, le paysage politique tunisien \u00e9tait beaucoup plus proche du multipartisme. Comment expliquez-vous le glissement vers l\u2019institutionalisation du parti unique en 1963 ?<\/b>   Le N\u00e9o-Destour a lutt\u00e9 pour l\u2019ind\u00e9pendance. Il \u00e9tait pour la libert\u00e9 mais il \u00e9tait aussi h\u00e9g\u00e9monique. Prenons deux dates. En 1937, Abdelaziz Th\u00e2albi revient en Tunisie. C\u2019est un \u00e9v\u00e9nement. Voil\u00e0 un homme qui, depuis le d\u00e9but du XX\u00e8me si\u00e8cle, se bat pour l\u2019Ind\u00e9pendance de la Tunisie et a fait de la prison d\u00e9j\u00e0 en 1903 pour des id\u00e9es progressistes et lib\u00e9rales pour l\u2019\u00e9poque. En 1919, il se d\u00e9place \u00e0 Paris avec un programme de revendications en mains. Il a \u00e9crit \u201c La Tunisie martyre \u201d. Dans les ann\u00e9es 20, il est banni. En 1937, il revient en Tunisie comme un grand homme et donne sa premi\u00e8re grande interview \u00e0 Ali Djerad, Secr\u00e9taire G\u00e9n\u00e9ral du PC, qui est publi\u00e9e dans Ettalia et dans laquelle il appelle \u00e0 l\u2019union des forces patriotiques. Le lendemain, on lui envoie, avec violence, des tomates et des pierres sur la t\u00eate. Et \u00e7a, c\u2019est l\u2019h\u00e9g\u00e9monie du N\u00e9o-Destour. Une autre date : c\u2019est celle de la reconstitution de la CGTT par Belgacem El Gnaoui qui, en janvier 1938, organise son premier congr\u00e8s reconstitutif. Le N\u00e9o-Destour y envoie un groupe de militants qu\u2019on appellera plus tard la \u201c milice \u201d qui casse la porte de la salle, d\u00e9molit tout, introduit Me H\u00e9di Nouira qui n\u2019est m\u00eame pas d\u00e9l\u00e9gu\u00e9 et le proclame \u201c S.G. \u201d de la CGTT. Un vrai coup de force. Belgacem El Gnaoui \u00e9tait pourtant un militant destourien qui a \u00e9t\u00e9 d\u00e9port\u00e9, en 1934, avec Bourguiba, dans les camps de concentration, au Sahara. Mais El Gnaoui se m\u00e9fie du Destour quand il s\u2019agit du syndicat. D\u00e9j\u00e0, les pr\u00e9d\u00e9cesseurs du N\u00e9o-Destour, les Vieux Destouriens avaient, en 1924-25, \u201c l\u00e2ch\u00e9 \u201d la CGTT de M\u2019Hamed Ali. Plus tard, apr\u00e8s l\u2019ind\u00e9pendance, les choses se pr\u00e9cipitent. Bourguiba interdit le PCT en 1963. Pourtant, en 1956, lors des d\u00e9bats de la Constituante, il a d\u00e9fendu le Parti Communiste et son droit \u00e0 l\u2019existence. Mais, le PCT sera interdit et tout opposant arr\u00eat\u00e9. Un peu plus tard, beaucoup de proc\u00e8s ont eu lieu, certains avec des condamnations \u00e0 mort. L\u2019histoire de l\u2019UGTT a \u00e9t\u00e9 \u00e9galement marqu\u00e9e par l\u2019h\u00e9g\u00e9monique N\u00e9o-Destour. Les S.G. de l\u2019UGTT ont souvent \u00e9t\u00e9 destitu\u00e9s : Ahmed Ben Salah, Ahmed Tlili, Habib Achour, B\u00e9chir Bellagha et certains parmi eux, emprisonn\u00e9s.   <b>Durant ces ann\u00e9es-l\u00e0, le d\u00e9bat d\u00e9mocratique autour des libert\u00e9s publiques battait son plein dans les journaux des formations autres que le N\u00e9o-Destour qui demandaient une meilleure participation au devenir du pays et \u00e0 toutes les d\u00e9cisions qui engageaient l\u2019avenir de la Tunisie, telles que les n\u00e9gociations, l\u2019\u00e9laboration des textes l\u00e9gislatifs r\u00e9gissant la vie politique, les \u00e9lections etc\u2026<\/b>   Oui, il y avait, \u00e0 ce moment-l\u00e0, le PCT, les Arch\u00e9o-Destouriens\u2026et aussi des ind\u00e9pendants. En 1957, lors des premi\u00e8res municipales, il y a eu, dans beaucoup de villes, des listes ind\u00e9pendantes, \u00e0 Kairouan, Hammam-Lif etc\u2026. A Monastir, je crois, Bourguiba qui \u00e9tait, \u00e0 cette \u00e9poque, Premier ministre, s\u2019\u00e9tait pr\u00e9sent\u00e9 \u00e0 ces \u00e9lections pour lesquelles s\u2019est propos\u00e9e \u00e9galement une liste ind\u00e9pendante qui a r\u00e9ussi \u00e0 gagner trois si\u00e8ges. Bourguiba, dans la premi\u00e8re r\u00e9union du Conseil municipal, \u00e9tait furieux contre les Monastiriens qui lui avaient \u201c envoy\u00e9 \u201d trois ind\u00e9pendants. En 1956, le PCT avait particip\u00e9 aux \u00e9lections de la Constituante. Mais, il y a eu beaucoup de d\u00e9passements, et Ennafaa et ses colistiers s\u2019\u00e9taient retir\u00e9s parce qu\u2019on avait terroris\u00e9 tout le monde et emp\u00each\u00e9 les r\u00e9unions de se tenir. Mais il faut reconna\u00eetre aussi que durant les premi\u00e8res ann\u00e9es, Bourguiba a r\u00e9alis\u00e9 de grandes choses. En plus de l\u2019extraordinaire Code du Statut Personnel, il y a eu l\u2019extension formidable de l\u2019enseignement public. Fin 1957, il y a eu la loi sur les accidents du tra-   vail ; en 1960 l\u2019institution de la s\u00e9curit\u00e9 sociale et la cr\u00e9ation de la CNSS ; en 1962, la cr\u00e9ation des offices de l\u2019Huile et des C\u00e9r\u00e9ales qui garantissent, \u00e0 nos paysans, des prix r\u00e9mun\u00e9rateurs et les prot\u00e8gent contre les sp\u00e9culateurs et les usuriers. Ces r\u00e9alisations sont, avec d\u2019autres lois, les premiers fondements du nouvel Etat.   <b>Dans la r\u00e9solution du V\u00e8me Congr\u00e8s du PCT (18-19-20 mai 1956), il est \u00e9crit que \u201c la grande bourgeoisie tunisienne et les gros agrairiens tunisiens voudraient que l\u2019Ind\u00e9pendance nationale signifie pour eux la possibilit\u00e9 d\u2019accumuler toujours plus de profits sur le dos des masses populaires \u201d et ajoute que \u201c l\u2019ind\u00e9pendance doit \u00eatre au profit du peuple et non d\u2019une poign\u00e9e de privil\u00e9gi\u00e9s \u201d. Pourriez-vous nous donner davantage d\u2019informations sur cet \u00e9tat de fait ?<\/b>   Il y avait aussi en Tunisie quelques f\u00e9odaux et grosses fortunes, des familles de Mahdia, de Tunis, de Sfax, de Djerba qui avaient de belles affaires. Le PCT a lanc\u00e9 un principe tout \u00e0 fait g\u00e9n\u00e9ral et normal. Ce sont des formules qui ne signifiaient pas la lutte des classes et l\u2019instauration d\u2019un socialisme radical. Les communistes disaient qu\u2019avec le d\u00e9part des colons, les meilleures terres de Tunisie posaient probl\u00e8me : fallait-il les donner aux barons de la bourgeoisie nationale ? Aux barons politiques ? Ou bien fallait-il faire une r\u00e9forme agraire et les donner aux paysans ? Il est vrai que des responsables politiques et des militants du N\u00e9o-Destour en ont profit\u00e9. Nous ne voulions pas que l\u2019Etat aide les nantis et les d\u00e9j\u00e0 gros poss\u00e9dants.   <b>L\u2019Union Syndicale des Travailleurs de Tunisie (USTT), dans son congr\u00e8s extraordinaire du 2-9-1956, a pris la d\u00e9cision de sa dissolution qui doit apporter, selon le congr\u00e8s, \u201c une contribution d\u00e9cisive \u00e0 l\u2019unification de la classe ouvri\u00e8re tunisienne dans une seule centrale syndicale : l\u2019UGTT \u201d. Avec du recul aujourd\u2019hui, cette unification n\u2019a-t-elle pas \u00e9t\u00e9 une erreur par rapport \u00e0 un acquis, \u00e0 savoir la pluralit\u00e9 syndicale ?<\/b>   On \u00e9tait \u00e0 un moment historique o\u00f9 il fallait unifier. Je ne suis pas pour le parti unique. Mais je ne pense pas que la d\u00e9mocratie signifie, dans le mouvement syndical, la s\u00e9paration, la division. M\u00eame maintenant, est-ce que la d\u00e9mocratie exigerait de cr\u00e9er d\u2019autres syndicats ? Je ne sais pas. C\u2019est un probl\u00e8me auquel on ne peut pas r\u00e9pondre facilement. D\u2019autant qu\u2019on ne peut m\u00ealer deux situations diff\u00e9rentes : celle d\u2019il y a cinquante ans et celle d\u2019aujourd\u2019hui.   <b>La constitution de l\u2019UGTT comme organisation nationale engag\u00e9e dans la lutte de lib\u00e9ration nationale, en attirant les militants de l\u2019USTT, n\u2019a-t-elle pas \u00e9t\u00e9 d\u00e9terminante dans l\u2019affaiblissement de l\u2019USTT ?<\/b>   L\u2019USTT s\u2019est affaiblie d\u00e9j\u00e0 auparavant. N\u2019oublions pas qu\u2019elle \u00e9tait, jusqu\u2019en 1948, une organisation leader, puissante dans les mines, les b\u00e2timents, les tramways, la compagnie de l\u2019\u00e9lectricit\u00e9, les banques, les cheminots etc&#8230; Mais, elle ne se battait pas, en m\u00eame temps, pour l\u2019Ind\u00e9pendance, alors que l\u2019UGTT \u00e9tait bien engag\u00e9e dans la bataille nationale. Beaucoup ne savent pas que Belhassen Khiari, S.G. de l\u2019USTT, est all\u00e9 deux fois \u00e0 l\u2019Assembl\u00e9e G\u00e9n\u00e9rale de l\u2019ONU pour d\u00e9poser deux m\u00e9morandums du PCT r\u00e9clamant l\u2019Ind\u00e9pendance de la Tunisie. Il y avait des militants qui voulaient mener la bataille \u00e0 ces deux niveaux et qui sont partis. Mais, ce n\u2019est pas parce qu\u2019elle se vidait que la fusion s\u2019imposait. C\u2019\u00e9tait, \u00e0 mon avis, un moment historique. Il n\u2019y avait plus rien qui justifiait l\u2019existence de deux organisations syndicales. Il s\u2019agissait plut\u00f4t de renforcer une organisation ouvri\u00e8re pour qu\u2019elle prenne sa place, une grande place dans la Tunisie ind\u00e9pendante. Vous savez aussi que l\u2019USTT a tout donn\u00e9 \u00e0 l\u2019UGTT : ses locaux, son argent, ses \u00e9quipements etc\u2026   <b>L\u2019UGTT a-t-elle bien accueilli ce projet d\u2019unification ? Et est-ce que les militants de l\u2019USTT ont \u00e9t\u00e9 accept\u00e9s facilement au sein de l\u2019UGTT ?<\/b>   Non, ce n\u2019\u00e9tait pas une unification mais une adh\u00e9sion collective. Le fait est le suivant : l\u2019USTT se dissout et appelle ses adh\u00e9rents \u00e0 rejoindre l\u2019UGTT. Il est vrai que les adh\u00e9rents de l\u2019USTT n\u2019ont pas \u00e9t\u00e9 facilement accept\u00e9s, sauf peut-\u00eatre ceux qui \u00e9taient en m\u00eame temps adh\u00e9rents au N\u00e9o-Destour. Je pense encore aujourd\u2019hui que les responsables de l\u2019USTT ont \u00e9t\u00e9, \u00e0 ce moment historique, \u00e0 la hauteur de leur responsabilit\u00e9 vis-\u00e0-vis de la classe ouvri\u00e8re tunisienne. Pour cela aussi ils m\u00e9ritent reconnaissance.   <b>Fin 1962, et \u00e0 la suite du complot avort\u00e9, le PCT est interdit ainsi que ses journaux. Slimane Ben Slimane en parle dans ses \u201c Souvenirs politiques \u201d. Cette p\u00e9riode conna\u00eetra un verrouillage de la vie politique tunisienne. Pourriez-vous nous en parler davantage ?<\/b>   Des militants communistes ont \u00e9t\u00e9 convoqu\u00e9s par la police et devant le juge d\u2019instruction. Moi-m\u00eame, j\u2019ai comparu tous les matins, pendant deux mois, devant le juge d\u2019instruction qui me disait : \u201c Alors vous \u00eates communiste ? Vous \u00eates contre l\u2019Ind\u00e9pendance ? \u201d etc\u2026Alors, je lui r\u00e9pondais : \u201c Regardez ce portrait qui est au-dessus de votre t\u00eate (celui de Bourguiba). Eh bien, j\u2019\u00e9tais intern\u00e9 avec lui \u00e0 Remada \u201d. Le dossier a \u00e9t\u00e9 clos deux mois plus tard.   <b>Bourguiba n\u2019avait pas appr\u00e9ci\u00e9 les critiques de la presse communiste et de La Tribune du progr\u00e8s portant sur le pouvoir personnel et sur les palais qu\u2019il faisait construire (selon ses propres d\u00e9clarations au Monde ). Et d\u00e9j\u00e0 dans les manifestations organis\u00e9es en faveur de Bourguiba \u00e0 la suite du complot de d\u00e9cembre 1962, des tracts ont \u00e9t\u00e9 distribu\u00e9s demandant la dissolution du PCT.<\/b>  Bourguiba savait que les communistes n\u2019avaient rien \u00e0 voir avec \u201c le complot \u201d. Mais il avait besoin de dire : maintenant \u00e7a suffit, on arr\u00eate la partie. Et les activit\u00e9s et les journaux sont interdits.   <b>Le mot de la fin : un hommage \u00e0 Hassen Saadaoui, responsable syndical de l\u2019USTT et ancien d\u00e9tenu \u00e0 Borj-le-B\u0153uf avec Bourguiba, qui est mort, en 1963, dans les locaux de la police, de \u201ccrise cardiaque \u201d, a-t-on dit \u00e0 sa famille..  <\/b>C\u2019\u00e9tait un grand ami, un grand copain. Apr\u00e8s l\u2019interdiction du PCT en janvier 1963, il a \u00e9t\u00e9 convoqu\u00e9 par la police pour un interrogatoire. Nous ne savons pas ce qui s\u2019est pass\u00e9 au poste de police. Mais en fin d\u2019apr\u00e8s-midi, les policiers ont inform\u00e9 sa femme Ch\u00e9rifa de sa mort. Il a \u00e9t\u00e9 enterr\u00e9 au Jellaz en pr\u00e9sence d\u2019une foule immense. Le Dr. Ahmed Ben Miled, son ami, s\u2019est occup\u00e9 de tout. Saadaoui \u00e9tait membre du BP du PCT et pr\u00e9sident de l\u2019USTT. Il a travaill\u00e9 en France comme laveur de voiture, puis il a suivi des cours \u00e0 Moscou, \u00e0 l\u2019Ecole d\u2019Orient qui appartenait \u00e0 l\u2019Internationale Communiste et \u00e9tait destin\u00e9e \u00e0 des originaires des pays colonis\u00e9s : africains et orientaux. Il est rentr\u00e9 par la suite en Tunisie en 1934. Le 1er mai 1934, nous avons organis\u00e9 des r\u00e9unions et des manifestations o\u00f9 il a pris la parole. C\u2019\u00e9tait extraordinaire. Nous avons fait presque de \u201c la gu\u00e9rilla \u201d urbaine \u00e0 Tunis, dans toute la ville, en criant par groupes des slogans et en jetant des tracts des terrasses des immeubles du centre-ville. En septembre 1934, Hassen Saadaoui a \u00e9t\u00e9 arr\u00eat\u00e9 et envoy\u00e9 \u00e0 Borj-el-B\u0153uf o\u00f9 il a connu Bourguiba. Il est lib\u00e9r\u00e9 fin ao\u00fbt 1935 et a regagn\u00e9 Tunis o\u00f9 des communistes sont arr\u00eat\u00e9s. La R\u00e9sidence g\u00e9n\u00e9rale fran\u00e7aise d\u00e9cide alors d\u2019envoyer tout ce monde au Sahara et c\u2019est ainsi que Hassen Saadaoui est de nouveau d\u00e9port\u00e9. En 1939, il est intern\u00e9 aux camps de concentration du Kef puis d\u2019El Guettar (pr\u00e8s de Gafsa) jusqu\u2019en novembre 1942. Quelque temps apr\u00e8s, il est arr\u00eat\u00e9 et d\u00e9tenu \u00e0 la prison de Constantine jusqu\u2019au 1er juin 1943.   <\/span><b><span lang=\"FR-CH\">Noura Borsali<\/span><\/b><span lang=\"FR\"><span> <\/span><b>\u00a0<\/b><\/span><\/font><\/p>\n<p align=\"justify\"><span lang=\"FR-CH\"><strong>(Source\u00a0: \u00ab\u00a0R\u00e9alit\u00e9s\u00a0\u00bb N\u00b0 1056 du 6 avril 2006)<\/strong><\/span><\/p>\n<p align=\"justify\"><strong><\/strong><\/p>\n<hr\/>\n<p align=\"justify\"><font>\u00a0<\/font><\/p>\n<p align=\"center\" dir=\"ltr\"><b><span lang=\"FR-CH\"><font size=\"3\">Qui tue qui en Iraq?<\/font><\/span><\/b><\/p>\n<p align=\"justify\" dir=\"ltr\"><b><span lang=\"FR-CH\">par Khouloud El Amri, Al Hayat, Londres, 9 avril 2006 <\/span><\/b><\/p>\n<p align=\"justify\" dir=\"ltr\"><span lang=\"FR-CH\">\u00a0<\/span><\/p>\n<p align=\"justify\" dir=\"ltr\"><b><span lang=\"FR-CH\">Original :<\/span><\/b><\/p>\n<p align=\"justify\" dir=\"ltr\"><b><span lang=\"FR-CH\"><a href=\"http:\/\/www.alhayat.com\/special\/features\/04-2006\/Item-20060408-7a2ee778-c0a8-10ed-0105-00346473ba9f\/story.html\/\" target=\"_blank\" rel=\"noopener\">http:\/\/www.alhayat.com\/special\/features\/04-2006\/Item-20060408-7a2ee778-c0a8-10ed-0105-00346473ba9f\/story.html\/<\/a><\/span><\/b><\/p>\n<p align=\"justify\" dir=\"ltr\"><span lang=\"FR-CH\">\u00a0<\/span><\/p>\n<p align=\"justify\" dir=\"ltr\"><span lang=\"FR-CH\">\u00a0<\/span><\/p>\n<p align=\"justify\" dir=\"ltr\"><b><span lang=\"FR-CH\">\u00c0 Bagdad, les kamikazes sont enterr\u00e9s \u00e0 c\u00f4t\u00e9 de leurs victimes<\/span><\/b><\/p>\n<p align=\"justify\" dir=\"ltr\"><b><span lang=\"FR-CH\">\u00a0<\/span><\/b><\/p>\n<p align=\"justify\" dir=\"ltr\"><span lang=\"FR-CH\">Les interpellations, les assassinats et les cadavres anonymes, transport\u00e9s dans de camionnettes officielles \u00e0 ciel ouvert, font d\u00e9sormais partie de la vie quotidienne des Iraquiens qui semblent s\u00b9y \u00eatre habitu\u00e9s. Pas un jour, depuis trois ans, o\u00f9 l\u00b9on n\u00b9annonce la d\u00e9couverte de nouveaux cadavres, jet\u00e9s en bordure des pistes dans les zones agricoles, \u00e0 proximit\u00e9 des d\u00e9charges publiques et des canalisations des eaux us\u00e9es \u00e0 la lisi\u00e8re des villes et notamment \u00e0 Bagdad. La plupart du temps, les cadavres ont les mains encha\u00een\u00e9es, les yeux band\u00e9s et portent des marques de la torture, selon les communiqu\u00e9s du minist\u00e8re de l\u00b9int\u00e9rieur. Les forces de police iraquienne commencent normalement leur journ\u00e9e en allant \u00e0 la recherche des\u00a0 \u00ab cadavres anonymes \u00bb qui leur ont \u00e9t\u00e9 signal\u00e9s souvent par des passants.<\/span><\/p>\n<p align=\"justify\" dir=\"ltr\"><span lang=\"FR-CH\">\u00a0<\/span><\/p>\n<p align=\"justify\" dir=\"ltr\"><span lang=\"FR-CH\">Les statistiques officielles d\u00e9nombrent en moyenne dix \u00e0 trente cadavres abandonn\u00e9s par jour lesquels sont transport\u00e9s dans les h\u00f4pitaux officiels dans un premier temps, puis \u00e0 l\u00b9institut de m\u00e9decine l\u00e9gale \u00e0<\/span><\/p>\n<p align=\"justify\" dir=\"ltr\"><span lang=\"FR-CH\">Bagdad dans l\u00b9attente que des proches reconnaissent les victimes. Au bout d\u00b9un certain temps, nombre d\u00b9entre elles sont enterr\u00e9es par les m\u00e9decins eux-m\u00eames.<\/span><\/p>\n<p align=\"justify\" dir=\"ltr\"><span lang=\"FR-CH\">\u00a0<\/span><\/p>\n<p align=\"justify\" dir=\"ltr\"><b><span lang=\"FR-CH\">L\u00b9assassin et la victime c\u00f4te \u00e0 c\u00f4te<\/span><\/b><\/p>\n<p align=\"justify\" dir=\"ltr\"><span lang=\"FR-CH\">\u00a0<\/span><\/p>\n<p align=\"justify\" dir=\"ltr\"><span lang=\"FR-CH\">Selon le docteur Ka\u00efs Hassen, directeur de l\u00b9Institut de m\u00e9decine l\u00e9gale de Bagdad, la morgue a une capacit\u00e9 de moins de 200 cadavres par mois, mais actuellement elle en re\u00e7oit plus de 1000 en moyenne par mois. Selon lui, le nombre de cadavres d\u00b9inconnus, re\u00e7us par la morgue de l\u00b9Institut m\u00e9dico-l\u00e9gal de Bagdad, est pass\u00e9 de 2008 en 2002\u00a0 \u00e0 10 105 \u00e0 la fin de 2005. Ces chiffres ne couvrent pas les victimes des explosions et des affrontements arm\u00e9s dans les villes chaudes, mais couvrent seulement les corps en lambeaux des kamikazes et de leurs victimes, ainsi que les cadavres anonymes d\u00e9couverts par la police.<\/span><\/p>\n<p align=\"justify\" dir=\"ltr\"><span lang=\"FR-CH\">\u00a0<\/span><\/p>\n<p align=\"justify\" dir=\"ltr\"><span lang=\"FR-CH\">Il ajoute que \u00ab les r\u00e8glements du minist\u00e8re de la Sant\u00e9 autorisent \u00e0 conserver \u00e0 la morgue, pendant deux mois, les cadavres d\u00b9anonymes qu\u00b9on ne parvient pas \u00e0 identifier. Mais ces r\u00e8glements se trouvent fauss\u00e9s<\/span><\/p>\n<p align=\"justify\" dir=\"ltr\"><span lang=\"FR-CH\">par le nombre de plus en plus important de cadavres, si bien que les m\u00e9decins proc\u00e8dent, toutes les semaines, \u00e0 leur enterrement dans les cimeti\u00e8res publics, apr\u00e8s avoir obtenu l\u00b9autorisation du juge responsable et sous le contr\u00f4le de la municipalit\u00e9 de Bagdad \u00bb. Les cadavres ne sont enterr\u00e9s qu\u00b9une fois photographi\u00e9s et leurs signes distinctifs relev\u00e9s. Les lambeaux de v\u00eatements, les bijoux ainsi que d\u00b9\u00e9ventuels achats des victimes, sont conserv\u00e9s dans l\u00b9attente que des proches des victimes viendraient \u00e0 les reconna\u00eetre. Des num\u00e9ros sp\u00e9ciaux sont donn\u00e9s aux tombes pour faciliter aux proches la reconnaissance des leurs en cas de besoin.<\/span><\/p>\n<p align=\"justify\" dir=\"ltr\"><span lang=\"FR-CH\">\u00a0<\/span><\/p>\n<p align=\"justify\" dir=\"ltr\"><span lang=\"FR-CH\">L\u00b9enterrement se fait par groupe de 60 \u00e0 70 cadavres, y compris les restes des kamikazes, qui c\u00f4toient leurs victimes dans le m\u00eame cimeti\u00e8re. Le docteur Hassen fait remarquer que la majorit\u00e9 des cadavres porte des impacts de balles, alors que d\u00b9autres, apparus r\u00e9cemment, portent des traces de strangulation.<\/span><\/p>\n<p align=\"justify\" dir=\"ltr\"><span lang=\"FR-CH\">\u00a0<\/span><\/p>\n<p align=\"justify\" dir=\"ltr\"><span lang=\"FR-CH\">D\u00b9autres cadavres portent les traces de la torture par le feu ou la perceuse. Il ajoute que le nombre de corps r\u00e9ceptionn\u00e9s \u00e0 la morgue, au cours du mois de janvier de cette ann\u00e9e, \u00e9tait de 1 086, puis de 1 110<\/span><\/p>\n<p align=\"justify\" dir=\"ltr\"><span lang=\"FR-CH\">au mois de f\u00e9vrier dernier, remarquant que les mesures de s\u00e9curit\u00e9 drastiques prises ces derniers temps, tels que le couvre-feu, ont permis de conserver cette moyenne.<\/span><\/p>\n<p align=\"justify\" dir=\"ltr\"><span lang=\"FR-CH\">\u00a0<\/span><\/p>\n<p align=\"justify\" dir=\"ltr\"><b><span lang=\"FR-CH\">Les proches des victimes et les tombes d\u00b9inconnus <\/span><\/b><\/p>\n<p align=\"justify\" dir=\"ltr\"><b><span lang=\"FR-CH\">\u00a0<\/span><\/b><\/p>\n<p align=\"justify\" dir=\"ltr\"><span lang=\"FR-CH\">Dans les grands cimeti\u00e8res de Bagdad, Kerbala, Nadjaf, il y a entre les rang\u00e9es de tombes, de nombreux\u00a0 espaces difformes, d\u00e9frich\u00e9s et ne portant aucune marque distinctive. Il s\u00b9agit en fait de tombes creus\u00e9es \u00e0 la h\u00e2te et renfermant des morts anonymes, enterr\u00e9s par les autorit\u00e9s apr\u00e8s des semaines d\u00b9attente pour une reconnaissance par des proches. Le propri\u00e9taire du \u00ab Moghtasel Al Fourat \u00bb, \u00ab endroit o\u00f9 l\u00b9on purifie les morts \u00bb, Abou Zineb d\u00e9clare que les enterrements se font sous le contr\u00f4le des autorit\u00e9s administratives et des Habous\u00a0 chiites [\u00ab biens religieux \u00bb], ajoutant que de nombreux cadavres \u00e9taient anonymes. Il dit que le dernier chiffre des morts r\u00e9ceptionn\u00e9s \u00e9tait de 125, tu\u00e9s de diverses mani\u00e8res et dont certains avaient les bras et les jambes coup\u00e9s. Abou Saad, le p\u00e8re d\u00b9une victime class\u00e9e inconnue, raconte son calvaire dans la recherche de son fils, kidnapp\u00e9 par un groupe arm\u00e9, \u00e0 sa sortie de la maison pour aller au travail. Ainsi, il a d\u00fb faire et refaire une longue tourn\u00e9e des postes de police et autres centres de s\u00e9curit\u00e9 d\u00e9pendant des minist\u00e8res de l\u00b9Int\u00e9rieur et de la D\u00e9fense, pour finir enfin entre les cadavres anonymes dans les h\u00f4pitaux et \u00e0 l\u00b9institut m\u00e9dico-l\u00e9gal. Il dit que c\u00b9est un de ses voisins qui le lui avait conseill\u00e9. Ce dernier avait retrouv\u00e9 le corps de son fils, ancien agent des forces de s\u00e9curit\u00e9, disparu depuis trois mois, par l\u00b9interm\u00e9diaire de l\u00b9institut m\u00e9dico-l\u00e9gal. Il a pu ainsi obtenir le num\u00e9ro de la tombe de son fils au cimeti\u00e8re Al- Karakh \u00e0 Bagdad et dit avoir cach\u00e9 cette terrible v\u00e9rit\u00e9 \u00e0 sa femme, \u00e9tant donn\u00e9 son \u00e9tat de sant\u00e9 et pour la laisser encore vivre sur l\u00b9espoir.<\/span><\/p>\n<p align=\"justify\" dir=\"ltr\"><span lang=\"FR-CH\">\u00a0<\/span><\/p>\n<p align=\"justify\" dir=\"ltr\"><b><span lang=\"FR-CH\">Accusations et suspicions\u00a0\u00a0 <\/span><\/b><\/p>\n<p align=\"justify\" dir=\"ltr\"><b><span lang=\"FR-CH\">\u00a0<\/span><\/b><\/p>\n<p align=\"justify\" dir=\"ltr\"><span lang=\"FR-CH\">Quoique toutes les composantes politiques, sunnites et chiites, s\u00b9accordent \u00e0 dire que les assassinats confessionnels perp\u00e9tr\u00e9s r\u00e9cemment dans le pays, font partie de tentatives de provoquer la guerre civile,<\/span><\/p>\n<p align=\"justify\" dir=\"ltr\"><span lang=\"FR-CH\">elles n\u00b9h\u00e9sitent pas cependant \u00e0 s\u00b9accuser mutuellement d\u00b9en porter la responsabilit\u00e9.<\/span><\/p>\n<p align=\"justify\" dir=\"ltr\"><span lang=\"FR-CH\">\u00a0<\/span><\/p>\n<p align=\"justify\" dir=\"ltr\"><span lang=\"FR-CH\">Certains dirigeants sunnites accusent des milices chiites, notamment l\u00b9organisation Badr d\u00e9pendant du Conseil de la r\u00e9volution islamique en Iraq, pr\u00e9sid\u00e9 par Abdel Aziz Al Hakim, de commettre ces op\u00e9rations.<\/span><\/p>\n<p align=\"justify\" dir=\"ltr\"><span lang=\"FR-CH\">Utilisant des cagoules noires et des v\u00e9hicules comparables \u00e0 ceux des forces de police et de s\u00e9curit\u00e9 du minist\u00e8re de l\u00b9Int\u00e9rieur, elles enl\u00e8vent leurs victimes, les assassinent et jettent leurs corps dans des lieux inconnus.<\/span><\/p>\n<p align=\"justify\" dir=\"ltr\"><span lang=\"FR-CH\">\u00a0<\/span><\/p>\n<p align=\"justify\" dir=\"ltr\"><span lang=\"FR-CH\">Ces escadrons de la mort constituent une grande \u00e9nigme en Iraq et leurs actions meurtri\u00e8res sont l\u00b9objet d\u00b9une pol\u00e9mique entre les Iraquiens car ils ont fait des centaines de\u00a0 victimes innocentes et sans armes,<\/span><\/p>\n<p align=\"justify\" dir=\"ltr\"><span lang=\"FR-CH\">dont ils n\u00b9h\u00e9sitent pas \u00e0 martyriser les corps et \u00e0 les jeter dans les d\u00e9charges publiques et les canalisations des eaux us\u00e9es. Leurs m\u00e9faits, plus nombreux chaque fois qu\u00b9il y a un rel\u00e2chement de la s\u00e9curit\u00e9, s\u00b9exercent surtout dans les grandes villes o\u00f9 cohabitent de nombreuses composantes religieuses, confessionnelles et ethniques.<\/span><\/p>\n<p align=\"justify\" dir=\"ltr\"><span lang=\"FR-CH\">\u00a0<\/span><\/p>\n<p align=\"justify\" dir=\"ltr\"><span lang=\"FR-CH\">Les habitants des grandes villes telles que Bagdad, Mossoul, Babel et Diali peuvent voir ces escadrons d\u00e9ambuler dans les rues de leurs villes respectives, interpellant les fid\u00e8les dans les mosqu\u00e9es, p\u00e9n\u00e9trant dans les maisons pour enlever le p\u00e8re, souvent accompagn\u00e9 du fils, dont on retrouve les corps martyris\u00e9s et portant les traces de la torture, le lendemain.<\/span><\/p>\n<p align=\"justify\" dir=\"ltr\"><span lang=\"FR-CH\">\u00a0<\/span><\/p>\n<p align=\"justify\" dir=\"ltr\"><span lang=\"FR-CH\">Les accusations \u00e0 l\u00b9encontre de la milice Badr, reposent sur le fait que ces assassinats se sont multipli\u00e9s apr\u00e8s que le Conseil sup\u00e9rieur de la r\u00e9volutionislamique a pris le portefeuille de l\u00b9Int\u00e9rieur dans le gouvernement provisoire, au mois d\u00b9avril de l\u00b9ann\u00e9e derni\u00e8re. Le minist\u00e8re de l\u00b9Int\u00e9rieur, pour sa part, nie toute implication dans ces assassinats et d\u00e9ment disposer d\u00b9escadrons sp\u00e9cialis\u00e9s dans les assassinats<\/span><\/p>\n<p align=\"justify\" dir=\"ltr\"><span lang=\"FR-CH\">cibl\u00e9s de sunnites. Il reconna\u00eet cependant que des hommes arm\u00e9s, portant sa tenue, sont derri\u00e8re une s\u00e9rie d\u00b9enl\u00e8vements et d\u00b9assassinats perp\u00e9tr\u00e9s dans des quartiers \u00e0 majorit\u00e9 sunnite.<\/span><\/p>\n<p align=\"justify\" dir=\"ltr\"><span lang=\"FR-CH\">___________________________________________________<\/span><\/p>\n<p align=\"justify\" dir=\"ltr\"><b><span lang=\"FR-CH\">Traduit de l&rsquo;arabe par <span>Ahmed Mana\u00ef<\/span>, membre de Tlaxcala, le r\u00e9seau de traducteurs pour la diversit\u00e9 linguistique (www.tlaxcala.es). Cette traduction est en Copyleft.<\/span><\/b><\/p>\n<p align=\"justify\" dir=\"ltr\"><b><span lang=\"FR-CH\">\u00a0<\/span><\/b><\/p>\n<hr\/>\n<p align=\"justify\">\u00a0<\/p>\n<p align=\"center\"><span lang=\"FR-CH\"><strong><font>Edito du Monde <\/font><\/p>\n<h3 style=\"color: blue;\"><font size=\"3\">Apr\u00e8s l&rsquo;Irak, l&rsquo;Iran ?<\/font><\/h3>\n<p><\/strong><\/span><\/p>\n<div align=\"justify\">     Apr\u00e8s l&rsquo;Irak, l&rsquo;Iran ? Les Am\u00e9ricains, sous la pr\u00e9sidence de George W. Bush,   pr\u00e9parent-ils s\u00e9rieusement l&#8217;emploi de la force militaire pour obliger le   r\u00e9gime des mollahs \u00e0 renoncer \u00e0 son programme nucl\u00e9aire ? La question est   pos\u00e9e de plus en plus ouvertement \u00e0 Washington \u00e0 la suite d&rsquo;articles publi\u00e9s   par deux experts. Le premier, Joseph Cirincione, un sp\u00e9cialiste de la   non-prolif\u00e9ration, prend l&rsquo;hypoth\u00e8se tr\u00e8s au s\u00e9rieux dans le prestigieux   magazine Foreign Policy. Le second, Seymour Hersh, un enqu\u00eateur du New Yorker,   auteur des r\u00e9v\u00e9lations sur la prison d&rsquo;Abou Ghraib, croit m\u00eame savoir que le   Pentagone a mis au point un plan de bombardements de l&rsquo;Iran incluant l&rsquo;usage   d&rsquo;armes nucl\u00e9aires tactiques.   \u00a0   Ces sp\u00e9culations ont \u00e9t\u00e9 qualifi\u00e9es de \u00ab\u00a0cingl\u00e9es\u00a0\u00bb par le chef de la diplomatie   britannique Jack Straw, tandis que les officiels am\u00e9ricains oscillaient entre   le refus de commenter et la d\u00e9n\u00e9gation. Quelle cr\u00e9dibilit\u00e9 faut-il donc leur   accorder ?   \u00a0   C&rsquo;est le r\u00f4le des militaires de pr\u00e9parer des plans pour toutes les   \u00e9ventualit\u00e9s. Il n&rsquo;est donc pas anormal que des experts au Pentagone planchent   sur les diff\u00e9rentes possibilit\u00e9s d&rsquo;intervention en Iran, pour le cas o\u00f9 les   efforts diplomatiques \u00e9choueraient \u00e0 dissuader T\u00e9h\u00e9ran de se doter de l&rsquo;arme   nucl\u00e9aire. Rien n&rsquo;indique qu&rsquo;ils le fassent \u00e0 la demande du pouvoir politique,   a fortiori que celui-ci ait d\u00e9j\u00e0 envisag\u00e9 une solution militaire \u00e0 la crise.   Ces bruits de bottes savamment orchestr\u00e9s ont aussi pour but d&rsquo;accro\u00eetre la   pression sur le pr\u00e9sident Mahmoud Ahmadinejad pour qu&rsquo;il mesure la gravit\u00e9 de   la situation. Cela ne signifie pas qu&rsquo;ils seront n\u00e9cessairement suivis   d&rsquo;effets.   \u00a0   Il reste que le pr\u00e9c\u00e9dent irakien doit inciter \u00e0 la prudence. Saddam Hussein   \u00e9limin\u00e9, l&rsquo;administration Bush consid\u00e8re aujourd&rsquo;hui l&rsquo;Iran comme le principal   danger pour la s\u00e9curit\u00e9 des Etats-Unis et de leurs alli\u00e9s. La r\u00e9cente mouture   de la doctrine strat\u00e9gique am\u00e9ricaine le d\u00e9clare en toute clart\u00e9. Washington a   laiss\u00e9 les trois Europ\u00e9ens, l&rsquo;Allemagne, la France et la Grande-Bretagne,   s&rsquo;\u00e9puiser dans un interminable marathon diplomatique avec T\u00e9h\u00e9ran. Apr\u00e8s   l&rsquo;\u00e9chec des n\u00e9gociations directes, le dossier est maintenant au Conseil de   s\u00e9curit\u00e9 des Nations unies, o\u00f9 les cinq membres permanents ont beaucoup de mal   \u00e0 d\u00e9finir une ligne commune. Les pressions diplomatiques n&rsquo;ont de chances   d&rsquo;aboutir que si les Occidentaux peuvent compter sur le soutien de la Russie   et de la Chine. Mais ce soutien ne peut \u00eatre assur\u00e9 qu&rsquo;au prix d&rsquo;un compromis.   \u00a0   Si l&rsquo;impasse persiste, l&#8217;emploi de la force risque d&rsquo;appara\u00eetre comme l&rsquo;option   de dernier recours, avec toutes les cons\u00e9quences d\u00e9sastreuses qu&rsquo;une telle   action comporterait pour tout le Moyen-Orient. La France, qui a toujours \u00e9t\u00e9   tr\u00e8s impliqu\u00e9e dans le dossier du nucl\u00e9aire iranien, aurait son mot \u00e0 dire.   Lequel ?    \u00a0   <strong><font>(Source : Editorial du \u00ab Le Monde \u00bb du 11.04.06)<\/font><\/strong><\/div>\n<p><span lang=\"FR-CH\"><\/p>\n<hr\/>\n<p><\/span><\/p>\n<p align=\"center\"><strong><span lang=\"FR-CH\">\u00c9DITORIAL du journal \u00ab\u00a0Le Monde\u00a0\u00bb<\/span><\/strong><\/p>\n<h3 style=\"color: blue;\"><span lang=\"FR-CH\"><\/p>\n<h3 style=\"color: blue;\"><font size=\"3\">Le Hamas puni<\/font><\/h3>\n<p><\/span><\/h3>\n<p align=\"justify\">\u00a0<\/p>\n<p align=\"justify\"><span lang=\"FR-CH\">En annon\u00e7ant de mani\u00e8re concomitante, sinon coordonn\u00e9e, la suspension de leur aide \u00e0 l&rsquo;Autorit\u00e9 palestinienne, les Etats-Unis et la Commission europ\u00e9enne veulent faire pression sur le gouvernement palestinien, dirig\u00e9 par le Hamas, pour qu&rsquo;il se range \u00e0 trois principes : la reconnaissance d&rsquo;Isra\u00ebl, la renonciation \u00e0 la violence et l&rsquo;acceptation du processus issu des accords d&rsquo;Oslo pour le r\u00e8glement du conflit. Le pr\u00e9sident de l&rsquo;Autorit\u00e9 palestinienne, Mahmoud Abbas, peut bien d\u00e9noncer un \u00ab\u00a0chantage\u00a0\u00bb, ces trois conditions avaient \u00e9t\u00e9 \u00e9nonc\u00e9es par les Occidentaux d\u00e8s le lendemain des \u00e9lections \u00e0 Gaza et dans les territoires occup\u00e9s.<\/span><\/p>\n<p align=\"justify\">\u00a0<\/p>\n<p align=\"justify\"><span lang=\"FR-CH\">\u00a0Les vingt-cinq ministres des affaires \u00e9trang\u00e8res de l&rsquo;Union europ\u00e9enne doivent ent\u00e9riner, lundi, la proposition de la Commission en l&rsquo;assortissant de quelques pr\u00e9cisions. Des arguments plaident en effet contre la suspension de l&rsquo;aide. Tout le monde reconna\u00eet que le Hamas a \u00e9t\u00e9 port\u00e9 au pouvoir par des \u00e9lections d\u00e9mocratiques. Celles-ci peuvent &#8211; comme le disent les Am\u00e9ricains pour le regretter &#8211; donner parfois des r\u00e9sultats \u00ab\u00a0ind\u00e9sirables\u00a0\u00bb. D&rsquo;autre part, l&rsquo;Autorit\u00e9 palestinienne fonctionne uniquement parce qu&rsquo;elle est maintenue sous perfusion par la communaut\u00e9 internationale et notamment par l&rsquo;Union europ\u00e9enne, qui fournit la plus grosse partie de son budget. La priver de subsides, c&rsquo;est couper les vivres aux forces de s\u00e9curit\u00e9 et aux fonctionnaires palestiniens, mais c&rsquo;est encore sanctionner une population qui vit avec, en moyenne, moins de 2 euros par jour. Aussi, les Europ\u00e9ens comme les Am\u00e9ricains ont-ils pris soin de ne pas toucher \u00e0 l&rsquo;aide dite \u00ab\u00a0humanitaire\u00a0\u00bb. Enfin, le Hamas pourrait se tourner vers d&rsquo;autres bailleurs de fonds, arabes ou iraniens, risquant ainsi d&rsquo;augmenter sa d\u00e9pendance vis-\u00e0-vis des Etats les plus hostiles \u00e0 Isra\u00ebl.<\/span><\/p>\n<p align=\"justify\">\u00a0<\/p>\n<p align=\"justify\"><span lang=\"FR-CH\">Il reste que les Occidentaux se doivent d&rsquo;accorder leurs actes et leurs d\u00e9clarations. Ils ne peuvent subventionner un mouvement qui reste, pour eux, sur la liste des organisations terroristes et qui n&rsquo;a &#8211; pour l&rsquo;instant &#8211; donn\u00e9 aucune raison de ne pas y figurer. Depuis qu&rsquo;il a form\u00e9 le gouvernement palestinien, le Hamas s&rsquo;est content\u00e9 de quelques d\u00e9clarations ambigu\u00ebs, aussit\u00f4t d\u00e9menties, laissant entendre qu&rsquo;il serait pr\u00eat \u00e0 cohabiter avec l&rsquo;Etat d&rsquo;Isra\u00ebl. La suspension de l&rsquo;aide est destin\u00e9e \u00e0 le pousser \u00e0 aller plus loin.<\/span><\/p>\n<p align=\"justify\">\u00a0<\/p>\n<p align=\"justify\"><span lang=\"FR-CH\">La politique occidentale ne saurait cependant se limiter \u00e0 cette \u00ab\u00a0punition\u00a0\u00bb. Des contacts discrets devraient encourager le nouveau gouvernement \u00e0 travailler de concert avec le pr\u00e9sident de l&rsquo;Autorit\u00e9 pour renouer la n\u00e9gociation avec Isra\u00ebl. Encore faut-il \u00eatre deux pour dialoguer. Il appartient donc au prochain cabinet isra\u00e9lien de renoncer aux d\u00e9cisions unilat\u00e9rales en faveur d&rsquo;une solution n\u00e9goci\u00e9e. Les Europ\u00e9ens, et plus encore les Am\u00e9ricains, ont &#8211; s&rsquo;ils le veulent &#8211; le pouvoir de l&rsquo;en convaincre. <\/span><\/p>\n<p align=\"justify\">\u00a0<\/p>\n<p align=\"justify\"><b><span lang=\"FR-CH\">(Source\u00a0: Editorial du journal \u00ab\u00a0Le Monde\u00a0\u00bb (France), du 09.04.06)<\/span><\/b><\/p>\n<p align=\"center\"><span lang=\"FR-CH\">\u00a0<\/span><span>&#8212;&#8212;&#8212;&#8212;&#8212;&#8212;&#8212;&#8212;&#8212;&#8212;&#8212;&#8212;&#8212;&#8212;&#8211;<\/span><\/p>\n<p><font face=\"Arial\"><\/p>\n<p align=\"center\"><span lang=\"FR-CH\"><strong><\/p>\n<h3 style=\"color: blue;\"><font face=\"Arial\">Les r\u00e9actions des abonn\u00e9s du Monde.fr \u00e0 la lecture de cet article.<\/font><\/h3>\n<p><\/strong><\/span><\/p>\n<p><\/font><font face=\"Arial\" size=\"2\"><\/p>\n<p align=\"justify\">\u00a0<\/p>\n<p align=\"justify\"><span lang=\"FR-CH\">de toute mani\u00e8re &#8230;.<\/span><\/p>\n<p align=\"justify\"><span lang=\"FR-CH\">11.04.06 | 11h27<\/span><\/p>\n<p align=\"justify\"><span lang=\"FR-CH\">si j&rsquo;ai bien lu certaines r\u00e9actions, cela est par d\u00e9finition la faute : 1\/ aux Etats-Unis. 2\/ \u00e0 Israel 3\/ \u00e0 l&rsquo;ONU ces r\u00e9actions sont habituelles, et la lecture les droits de l&rsquo;homme (et h\u00e9las de la femme)sont un autre d\u00e9bat qui n&rsquo;a pas sa place en cete endroit. Mais pourquoi l&rsquo;Europe devrait-elle payer ?<\/span><\/p>\n<p align=\"justify\">\u00a0<\/p>\n<p align=\"justify\"><span lang=\"FR-CH\">yves B.<\/span><\/p>\n<p align=\"justify\"><span lang=\"FR-CH\">11.04.06 | 07h15<\/span><\/p>\n<p align=\"justify\"><span lang=\"FR-CH\">je trouve effarante cette d\u00e9cision de la commission europ\u00e9enne. L&rsquo;OLP n&rsquo;a rien obtenu en \u00e9change de sa reconnaissance de l&rsquo;Etat d&rsquo;Israel : Les israeliens ont continu\u00e9 a d\u00e9velopper les colonies, les palestiniens n&rsquo;ont pas obtenu de droit au retour,&#8230; le Hamas a \u00e9t\u00e9 l\u00e9gitimement \u00e9lu, il faut absolument les aider. Arr\u00e9ter les aides c&rsquo;est encore renforcer Israel qui n&rsquo;a pas tenu sa parole, qui n&rsquo;a jamais respect\u00e9 les votes de l&rsquo;ONU et qui vient encore (hier) de tuer 15 palestiniens<\/span><\/p>\n<p align=\"justify\">\u00a0<\/p>\n<p align=\"justify\"><span lang=\"FR-CH\">delfahli<\/span><\/p>\n<p align=\"justify\"><span lang=\"FR-CH\">11.04.06 | 02h49<\/span><\/p>\n<p align=\"justify\"><span lang=\"FR-CH\">La d\u00e9finition de la d\u00e9mocratie devrait \u00eatre revue. Il faudrait dire qu&rsquo;une d\u00e9mocratie n&rsquo;est d\u00e9mocratie que si elle est accept\u00e9e par les USA et Israel. Le Hamas defend sa terre. Si les palestiniens ont massivement vot\u00e9 Hamas c&rsquo;est qu&rsquo;ils ont le sentiment qu&rsquo;il n&rsquo;y a plus que le Hamas pour les sortir de leurs mis\u00e8res quotidiennes. Les priver des quelques centimes que leur conc\u00e9de l&rsquo;Occident c&rsquo;est les pousser dans les bras de plus d&rsquo;extr\u00e9misme et plus de haine pour Israel et ses souteneurs.<\/span><\/p>\n<p align=\"justify\">\u00a0<\/p>\n<p align=\"justify\"><span lang=\"FR-CH\">Patrick D.<\/span><\/p>\n<p align=\"justify\"><span lang=\"FR-CH\">11.04.06 | 01h15<\/span><\/p>\n<p align=\"justify\"><span lang=\"FR-CH\">Allez-y chantres de la force d&rsquo;Isra\u00ebl citadelle juive, versez dans le registre des &lsquo;\u00e9lus&rsquo; entour\u00e9s de barbares. Ne soyez pas lucides, fustigez juste les arabes et n&rsquo;allez surtout pas d\u00e9fendre la justice! Ne mettez surtout pas le temps de votre cot\u00e9. continuez \u00e0 rire du destin des palestiniens ! La descendance assumera!? Funeste h\u00e9ritage!<\/span><\/p>\n<p align=\"justify\">\u00a0<\/p>\n<p align=\"justify\"><span lang=\"FR-CH\">ANNICK L.<\/span><\/p>\n<p align=\"justify\"><span lang=\"FR-CH\">10.04.06 | 21h00<\/span><\/p>\n<p align=\"justify\"><span lang=\"FR-CH\">Quand on connait la corruption et la gabegie des dirigeants palestiniens, on peut se demander si le non versement des oboles europ\u00e9ennes sera ressentie par le peuple. Un audit sur la destination des fonds serait le meilleur argument pour suspendre ce gaspillage des fonds europ\u00e9ens. Feu Mr Arafat devait en savoir quelque chose.<\/span><\/p>\n<p align=\"justify\">\u00a0<\/p>\n<p align=\"justify\"><span lang=\"FR-CH\">christophe d.<\/span><\/p>\n<p align=\"justify\"><span lang=\"FR-CH\">10.04.06 | 19h25<\/span><\/p>\n<p align=\"justify\"><span lang=\"FR-CH\">Israel a \u00e9t\u00e9 voulu par l&rsquo;ONU , il y a pr\u00e9s de 60 ans .Par leur courage , leur travail , les isra\u00e8liens ont cr\u00e9e un Etat d\u00e9mocratique et prosp\u00e8re .Autour d&rsquo;eux , toujours mena\u00e7ants , imbib\u00e9s de culture de guerre malgr\u00e9 leurs d\u00e9fa\u00eetes militaires r\u00e9p\u00e9t\u00e9es , leurs voisins v\u00e9g\u00e8tent dans la dictature et la mis\u00e8re .Cherchez l&rsquo;erreur .<\/span><\/p>\n<p align=\"justify\">\u00a0<\/p>\n<p align=\"justify\"><span lang=\"FR-CH\">Monique13<\/span><\/p>\n<p align=\"justify\"><span lang=\"FR-CH\">10.04.06 | 16h38<\/span><\/p>\n<p align=\"justify\"><span lang=\"FR-CH\">il faudrait rajouter que sans l&rsquo;aide et la protection des Etats Unis, ces dictateurs et malfaiteurs arabes n&rsquo;auraient jamais r\u00e9ussi \u00e0 combattre et massacrer toutes les forces progressistes et la\u00efques dans le Moyent Orient.<\/span><\/p>\n<p align=\"justify\">\u00a0<\/p>\n<p align=\"justify\"><span lang=\"FR-CH\">RENE M.<\/span><\/p>\n<p align=\"justify\"><span lang=\"FR-CH\">10.04.06 | 15h17<\/span><\/p>\n<p align=\"justify\"><span lang=\"FR-CH\">Il y a des pays arabes qui croulent sous les p\u00e9tro-dollars. Mais, les dominants, qui accaparent richesses et pouvoirs, pr\u00e9f\u00e8rent maintenir les populations dans la pauvret\u00e9, l&rsquo;ignorance et la soumission. Le Fatah a reconnu l&rsquo;Etat d&rsquo;Isra\u00ebl, certes, mais a pr\u00e9f\u00e9r\u00e9 d\u00e9tourner les fonds vers\u00e9s par l&rsquo;Europe au lieu d&rsquo;aider les gens \u00e0 mieux vivre et les emp\u00eacher, par d\u00e9sespoir, d&rsquo;\u00e9lire des extr\u00e9mistes. Dans le monde Arabe, le seul recours des pauves c&rsquo;est l&rsquo;islamisme radical et terroriste. Tragique. <\/span><\/p>\n<p align=\"justify\">\u00a0<\/p>\n<p align=\"justify\"><span lang=\"FR-CH\">CJ<\/span><\/p>\n<p align=\"justify\"><span lang=\"FR-CH\">10.04.06 | 13h54<\/span><\/p>\n<p align=\"justify\"><span lang=\"FR-CH\">Et quand allons nous (US+UE) supprimer aide,visa, reconnaissance, \u00e0 Israel pour les forcer \u00e0 respecter les r\u00e9solutions de l&rsquo;ONU, reconnaitre la Palestine, renoncer \u00e0 la violence.. Apr\u00e8s tout, ce ne sont pas les Palestiniens qui ont occup\u00e9 et chass\u00e9 les juifs de la partie de Palestine nomm\u00e9e maintenant Israel. Hamas : il me semble bien que c&rsquo;\u00e9tait la carte jou\u00e9e par Israel contre le Fatah il y a qq ann\u00e9es! Nous ne sommes plus \u00e0 une injustice pr\u00e8s..et bonjour l&rsquo;avenir de nos (pr\u00e9tendus) id\u00e9aux!<\/span><\/p>\n<p align=\"justify\">\u00a0<\/p>\n<p align=\"justify\"><span lang=\"FR-CH\">aiglon78<\/span><\/p>\n<p align=\"justify\"><span lang=\"FR-CH\">10.04.06 | 10h48<\/span><\/p>\n<p align=\"justify\"><span lang=\"FR-CH\">@ReneM Est ce que Bush ne voulait pas la disparition du r\u00e9gime de Saddam Hussein en Irak ? Au nom de la d\u00e9mocratie, combien de morts et de souffrance en Irak, au final une guerre civile, un bourbier total. La subtilit\u00e9 entre r\u00e9gime imp\u00e9rial et r\u00e9gime totalitaire est mince pour tous ceux qui souffrent. On voulait un soul\u00e8vement d\u00e9mocratique des irakiens : on voit le r\u00e9sultat. Les hyperpuissances \u00e9conomiques USA et Europe ne peuvent pas prendre en otage les populations. Id\u00e9al pour radicaliser.<\/span><\/p>\n<p align=\"justify\">\u00a0<\/p>\n<p align=\"justify\"><span lang=\"FR-CH\">Marie<\/span><\/p>\n<p align=\"justify\"><span lang=\"FR-CH\">10.04.06 | 10h35<\/span><\/p>\n<p align=\"justify\"><span lang=\"FR-CH\">jyetais : oui les Isra\u00e9liens sont les plus forts et s&rsquo;exhon\u00e8rent sans que cela leur pose de probl\u00e8me, de toute morale. Non, les Palestiniens n&rsquo;en sont pas \u00e0 se demander comment exterminer leurs voisins mais comment faire appliquer leurs droits. Il va falloir retourner en Palestine &#8230;<\/span><\/p>\n<p align=\"justify\">\u00a0<\/p>\n<p align=\"justify\"><span lang=\"FR-CH\">bcun<\/span><\/p>\n<p align=\"justify\"><span lang=\"FR-CH\">10.04.06 | 09h42<\/span><\/p>\n<p align=\"justify\"><span lang=\"FR-CH\">Un \u00e9ditorial de la showbizzo-mediacratie comme il en existe tant dans l&rsquo;air du temps&#8230; On pourrait le r\u00e9sumer ainsi: pour avoir la paix en palestine comme en irak il faut aider les collabos&#8230; D\u00e9cid\u00e9ment nos pontifs mediatiques faiseurs d&rsquo;opinion sont tr\u00e9s \u00e9loign\u00e9s d&rsquo;un v\u00e9ritable journalisme \u00e9claireur d&rsquo;opinion&#8230; Quelques questions qui m\u00e9riteraient \u00e9clairages, documentations et d\u00e9bats: s\u00e9mites, h\u00e9breux, juifs que recouvrent ces mots ? Chute d&rsquo;\u00e9tat th\u00e9iste = massacre des h\u00e9breux ?<\/span><\/p>\n<p align=\"justify\">\u00a0<\/p>\n<p align=\"justify\"><span lang=\"FR-CH\">FRANCOIS N.<\/span><\/p>\n<p align=\"justify\"><span lang=\"FR-CH\">10.04.06 | 09h08<\/span><\/p>\n<p align=\"justify\"><span lang=\"FR-CH\">Qu&rsquo;est ce a dire cette logique de demander a ceux qui n&rsquo;ont pas la reconnaissace de le faire , de reconnaitre quelqu&rsquo;un qui est reconnu? C&rsquo;est effarant comment la verite nous glisse sous le nez! L&rsquo;inconscient est la pour ca vous me direz. Mais quand meme en demandant sans relache aux palestiniens de reconnaitre israel on ne fait que confirmer l&rsquo;idee que c&rsquo;est bien eux legalement dans le fin fond de nos memoires qui sont les souverains! <\/span><\/p>\n<p align=\"justify\">\u00a0<\/p>\n<p align=\"justify\"><span lang=\"FR-CH\">Olivier K.<\/span><\/p>\n<p align=\"justify\"><span lang=\"FR-CH\">10.04.06 | 02h31<\/span><\/p>\n<p align=\"justify\"><span lang=\"FR-CH\">Je trouve moi-aussi, que punir un etat a cause des resultats d&rsquo;une election a peu pres honnete, c&rsquo;est genant. Cela dit, ce n&rsquo;est exceptionnel (il ne faisait pas bon etre autrichien apres Hayder, italien apres berlu) N&rsquo;est-ce mieux sur un plan philosophique que de punir un peuple a cause des actions. d&rsquo;un dictateur? Le peuple prend une decision, il la paie. beaucoup de palestioniens ont emis un vote de contestation&#8230; comme en France en 1995, voter ex-gauche=&gt; le pen.<\/span><span lang=\"EN-US\">The price of freedom &#8230;<\/span><\/p>\n<p align=\"justify\">\u00a0<\/p>\n<p align=\"justify\"><span lang=\"FR-CH\">jyetais<\/span><\/p>\n<p align=\"justify\"><span lang=\"FR-CH\">10.04.06 | 02h20<\/span><\/p>\n<p align=\"justify\"><span lang=\"FR-CH\">Sur ceux qui defendent courageusement les droits des palestiniens contre les israeliens, combien sont vraiment alle en palestine, vous devriez, c&rsquo;est interessant. les israeliens sont les plus forts, c&rsquo;est vrai mais contrairement a ce que j&rsquo;ai lu ici, ils se foutent royalement des palestiniens (ils voudraient ne plus les voir: le mur, la separation, etc.). Les palestiniens en sont toujours a se demander comment exterminer leurs voisins. Il y a une difference entre gentil et faible.<\/span><\/p>\n<p align=\"justify\">\u00a0<\/p>\n<p align=\"justify\"><span lang=\"FR-CH\">ANDRE B.<\/span><\/p>\n<p align=\"justify\"><span lang=\"FR-CH\">10.04.06 | 00h09<\/span><\/p>\n<p align=\"justify\"><span lang=\"FR-CH\">L&rsquo;occident doit il financer ses bourreaux?Les islamistes des tueurs avant tout, sont une menace permanente pour les fran\u00e7ais et l&rsquo;europe et nous savons ce que nous co\u00fbte le plan vigipirate, la chasse aux terroristes et la casse des banlieues par cetains agit\u00e9s d&rsquo;ob\u00e9dience religieuse connue et hostile \u00e0 la R\u00e9publique.Pour les secours en asie suite au Tsumani c&rsquo;est encore les m\u00e9cr\u00e9ants qui ont le plus pay\u00e9s contrairement aux \u00ab\u00a0fr\u00e8res arabes p\u00e9troliers absents\u00a0\u00bb. Ouvrons les yeus face \u00e0 leur violence<\/span><\/p>\n<p align=\"justify\">\u00a0<\/p>\n<p align=\"justify\">\u00a0<\/p>\n<p align=\"justify\"><span lang=\"FR-CH\">Kindi+<\/span><\/p>\n<p align=\"justify\"><span lang=\"FR-CH\">09.04.06 | 23h38<\/span><\/p>\n<p align=\"justify\"><span lang=\"FR-CH\">Je me suis toujours pos\u00e9 la question \u00e0 savoir si autant de violence aurait exist\u00e9 dans le monde arabe si l&rsquo;occident rong\u00e9 de culpabilit\u00e9 n&rsquo;avait pas permis de concr\u00e9tiser cette id\u00e9e folle de cr\u00e9er un \u00e9tat juif au coeur du monde arabe. <\/span><\/p>\n<p align=\"justify\">\u00a0<\/p>\n<p align=\"justify\"><span lang=\"FR-CH\">Gil_Gamesch<\/span><\/p>\n<p align=\"justify\"><span lang=\"FR-CH\">09.04.06 | 22h58<\/span><\/p>\n<p align=\"justify\"><span lang=\"FR-CH\">Bush ne veut la destruction d&rsquo;aucun Etat?C&rsquo;est une plaisanterie!Il passe son temps et sa strat\u00e9gie \u00e0 en detruire tous les jours!Il faudrait tout de m\u00eame lire l&rsquo;actualit\u00e9 et la polique mondiale avec les m\u00eames yeux:l&rsquo;Irak,l&rsquo;Afghanistan?la Palestine,demain la Syrien,l&rsquo;Iran&#8230;la vision de l&rsquo;administration Bush n&rsquo;a pas d&rsquo;autre but que detruire l&rsquo;Axe du Mal,c&rsquo;est \u00e0 dire,des Etats qui n&rsquo;obeissent pas \u00e0 cette m\u00eame administartion.Tout en finan\u00e7ant et en aidant,ce qui demain se presentera comme ennemi<\/span><\/p>\n<p align=\"justify\">\u00a0<\/p>\n<p align=\"justify\"><span lang=\"FR-CH\">RENE M.<\/span><\/p>\n<p align=\"justify\"><span lang=\"FR-CH\">09.04.06 | 21h53<\/span><\/p>\n<p align=\"justify\"><span lang=\"FR-CH\">M\u00eame si je trouve que les Am\u00e9ricains n&rsquo;ont pas \u00e9t\u00e9 tr\u00e8s malins d&rsquo;\u00e9lire Bush, surtout la seconde fois, je trouve, aiglon78, qu&rsquo;il y a confusion quand vous mettez sur le m\u00eame plan l&rsquo;\u00e9lection de Bush et celle du Hamas. Le Hamas persiste \u00e0 nier le droit \u00e0 l&rsquo;existence d&rsquo;Isra\u00ebl; or, \u00e0 ma connaissance, Bush ne veut la destruction d&rsquo;aucun Etat. De fa\u00e7on beaucoup plus g\u00e9n\u00e9rale et plus triste, je trouve que les Etats Arabes sont des oligarchies, et leurs peuples d\u00e9laiss\u00e9s. C&rsquo;est cela LE probl\u00e8me!<\/span><\/p>\n<p align=\"justify\">\u00a0<\/p>\n<p align=\"justify\"><span lang=\"FR-CH\">sixcylindres<\/span><\/p>\n<p align=\"justify\"><span lang=\"FR-CH\">09.04.06 | 21h09<\/span><\/p>\n<p align=\"justify\"><span lang=\"FR-CH\">Sij&rsquo;aibien compris, Sharon avant ses probl\u00e8mes de sant\u00e9 avait fini par admettre (courageusement) que la Palestine avait droit \u00e0 la reconnaissance de son territoire. (encore partiellement occup\u00e9). Son rempla\u00e7ant a \u00e9t\u00e9 elu grace \u00e0 ce revirement. Il reste donc \u00e0 appliquer enfin la fameuse tentative dont europ\u00e9ens US et autres avaient particip\u00e9 \u00e0 la r\u00e9daction. Entre temps une \u00e9lection d\u00e9mocratique (tant mieux) provoque le refus de reconnaitre Isra\u00eal.Pour une fois que l&rsquo;editorial me convient!!!!<\/span><\/p>\n<p align=\"justify\">\u00a0<\/p>\n<p align=\"justify\"><span lang=\"FR-CH\">aiglon78<\/span><\/p>\n<p align=\"justify\"><span lang=\"FR-CH\">09.04.06 | 20h29<\/span><\/p>\n<p align=\"justify\"><span lang=\"FR-CH\">Il faut se souvenir que l&#8217;embargo contre l&rsquo;Irak &#8211; et son r\u00e9gime aussi politiquement incorrect que le Hamas palestinien &#8211; avait caus\u00e9 des centaines de milliers de morts civils. Imposer des souffrances au peuple palestinien pour avoir mal vot\u00e9 me met tr\u00e9s mal \u00e0 l&rsquo;aise. Pour beaucoup d&rsquo;europ\u00e9ens, les am\u00e9ricains ont mal vot\u00e9 en votant Bush. Nous viendrait-il \u00e0 l&rsquo;id\u00e9e de maltraiter les am\u00e9ricains ? Non. Cette mesure de r\u00e9torsion n&rsquo;est pas conforme \u00e0 nos valeurs. C&rsquo;est un aveu d&rsquo;\u00e9chec de la diplomatie<\/span><\/p>\n<p align=\"justify\">\u00a0<\/p>\n<p align=\"justify\"><span lang=\"FR-CH\">MAURICE C.<\/span><\/p>\n<p align=\"justify\"><span lang=\"FR-CH\">09.04.06 | 19h08<\/span><\/p>\n<p align=\"justify\"><span lang=\"FR-CH\">Etrange,deux poids ,deux mesures.. Les Palestiniens ont vot\u00e9 librement. Pour le Hamas ,certes .. Mais surtout contre l&rsquo;attitude lamentable des Isra\u00e9liens vis \u00e0 vis de M.Abbas qui lui, \u00e9tait pr\u00eat \u00e0 n\u00e9gocier et acceptait l&rsquo;etat isra\u00e9lien..; Sharon l&rsquo;a emp\u00each\u00e9 syst\u00e9matiquement. Je suis scandalis\u00e9 par l&rsquo;attitude des europ\u00e9ens .L&rsquo;Europe existe-t-elle ou est-elle \u00e0 la solde des am\u00e9ricains et de leurs alli\u00e9s isra\u00e9liens ,anglais ..? Qui soutiennent eux ,des r\u00e9gimes parfaitement anti-d\u00e9mocratiques.<\/span><\/p>\n<p align=\"justify\">\u00a0<\/p>\n<p align=\"justify\"><span lang=\"FR-CH\">FRANCOIS N.<\/span><\/p>\n<p align=\"justify\"><span lang=\"FR-CH\">09.04.06 | 16h03<\/span><\/p>\n<p align=\"justify\"><span lang=\"FR-CH\">Bonjour Kamel. bien s\u00fbr que Bourguiba pouvait bien se permettre cela de toute fa\u00e7on lui comme tous les intervenants , les pays colonisateurs vainqueurs de la premiere guerre disposait et traitaient des terres qui ne sont pas les leurs. Alors pour lui cela ne pouvait \u00eatre que pur b\u00e9n\u00e9f. Car le probl\u00e8me reste entier il y avait des gens l\u00e0 qui vivaient et eux pensaient les choses autrement pour eux et parcequ&rsquo;ils n&rsquo;avaient pas la force militaire eh bien ils n&rsquo;ont pas pu se defendre sur le moment. <\/span><\/p>\n<p align=\"justify\">\u00a0<\/p>\n<p align=\"justify\"><span lang=\"FR-CH\">FSP<\/span><\/p>\n<p align=\"justify\"><span lang=\"FR-CH\">09.04.06 | 14h19<\/span><\/p>\n<p align=\"justify\"><span lang=\"FR-CH\">Que veut l&rsquo;Occident ? Le respect des droits de l&rsquo;homme, et celui de la d\u00e9mocratie ? O\u00f9, une fois de plus imposer sa loi. Le point de vue du monde occidental qui n&rsquo;a comme seule valeur sa s\u00e9curit\u00e9 est normal, ce qui me g\u00e8ne c&rsquo;est les contorsions des politiques et des \u00e9ditorialistes pour faire passer un choix \u00e9go\u00efste pour le nec plus ultra de la d\u00e9mocratie. Palestine, Afghanistan, Irak, Iran, etc&#8230;.o\u00f9 s&rsquo;arr\u00e9tera notre arrogance et notre suffisance ?<\/span><\/p>\n<p align=\"justify\">\u00a0<\/p>\n<p align=\"justify\"><span lang=\"FR-CH\">Kindi+<\/span><\/p>\n<p align=\"justify\"><span lang=\"FR-CH\">09.04.06 | 14h15<\/span><\/p>\n<p align=\"justify\"><span lang=\"FR-CH\">La terminologie \u00ab\u00a0effets ind\u00e9sirables\u00a0\u00bb de la d\u00e9mocratie utilis\u00e9e par l&rsquo;administration Bush est tout \u00e0 fait interessante. Quand Sharon a \u00e9t\u00e9 \u00e9lu avec le pass\u00e9 qu&rsquo;on lui connait ou Bush r\u00e9-\u00e9lu avec tout le sang qu&rsquo;il a sur les mains lui m\u00eame: c&rsquo;\u00e9tait la volont\u00e9 des peuples. Quand le peuple palestinien choisit le Hamas: c&rsquo;est un effet ind\u00e9sirable. Deux mill\u00e9naires auparavant Cesar l&rsquo;affirmait d\u00e9j\u00e0 : Malheurs aux Vaincus !!<\/span><\/p>\n<p align=\"justify\">\u00a0<\/p>\n<p align=\"justify\"><span lang=\"FR-CH\">Amoureux_de Paname<\/span><\/p>\n<p align=\"justify\"><span lang=\"FR-CH\">09.04.06 | 13h51<\/span><\/p>\n<p align=\"justify\"><span lang=\"FR-CH\">Pour information!Certains avancent des arguments quelque peu maladroits sans v\u00e9rifier aupr\u00e8s de sources s\u00e9rieuses:de nombreux pays arabes et musulmans aident les palestiniens depuis toujours.Certains pays pr\u00e9l\u00e9vent un impot sur salaires(Algerie)sans que cela g\u00e9nent les actifs&#8230;La solidarit\u00e9 se pratique sans mauvaise foi et sans larmes.Vous ne pouvez pas imaginer les fonds qui proviennent des pays arabes&#8230;sans cela les palestiniens seraient morts depuis qu&rsquo;Isra\u00e9l a d\u00e9cid\u00e9 de les an\u00e9antir.<\/span><\/p>\n<p align=\"justify\">\u00a0<\/p>\n<p align=\"justify\"><span lang=\"FR-CH\">francois p.<\/span><\/p>\n<p align=\"justify\"><span lang=\"FR-CH\">09.04.06 | 13h29<\/span><\/p>\n<p align=\"justify\"><span lang=\"FR-CH\">Outre les bailleurs de fonds arabes ou iraniens vers lesquels l&rsquo;Autorit\u00e9 palestinienne pourrait se tourner, il y a aussi la Chine o\u00f9 elle doit se rendre prochainement. Or La Chine non seulement fait bien peu de cas des grands principes invoqu\u00e9s par l&rsquo;occident, mais elle en profite pour tisser la toile de son influence aupr\u00e8s des \u00e9tats dont la politique est contest\u00e9e par l&rsquo;occident au nom des droits de l&rsquo;homme. Peut-\u00eatre bient\u00f4t un nouveau chapitre pour ce dossier d\u00e9j\u00e0 bien complexe&#8230;<\/span><\/p>\n<p align=\"justify\">\u00a0<\/p>\n<p align=\"justify\"><span lang=\"FR-CH\">KAMEL N.<\/span><\/p>\n<p align=\"justify\"><span lang=\"FR-CH\">09.04.06 | 12h58<\/span><\/p>\n<p align=\"justify\"><span lang=\"FR-CH\">Quand, en 1965, Bourguiba pr\u00e9conisait de reconna\u00eetre Israel dans ses fronti\u00e8res et se cesser de gesticuler, on lui avait envoy\u00e9 des tueurs. Les Palestiniens n&rsquo;ont que ce qu&rsquo;ils m\u00e9ritent: de moins en moins chaque jour qui passe&#8230;. <\/span><\/p>\n<p align=\"justify\">\u00a0<\/p>\n<p align=\"justify\"><span lang=\"FR-CH\">ANNICK L.<\/span><\/p>\n<p align=\"justify\"><span lang=\"FR-CH\">09.04.06 | 12h27<\/span><\/p>\n<p align=\"justify\"><span lang=\"FR-CH\">Au lieu de bloquer les fonds, l&rsquo;Union Europ\u00e9enne devrait les transf\u00e9rer directement sur le compte suisse de Madame Veuve Arafat.Cela \u00e9viterait des frais de transfert comme du vivant du Ra\u00efs et supprimerait les interm\u00e9diaires. <\/span><\/p>\n<p align=\"justify\">\u00a0<\/p>\n<p align=\"justify\"><span lang=\"FR-CH\">rqk@netmadeira.com<\/span><\/p>\n<p align=\"justify\"><span lang=\"FR-CH\">09.04.06 | 10h57<\/span><\/p>\n<p align=\"justify\"><span lang=\"FR-CH\">Des fois on nous dit, \u00e0 mots cach\u00e9s, en sous-entendus, que les aides internationales vers\u00e9es \u00e0 l&rsquo;Administration Palestinienne pr\u00e9c\u00e9dente ont disparues, cach\u00e9es dans de profondes poches, dans des comptes plus ou moins parall\u00e8les. Pour \u00e9viter que cette corruption ne continue et pour des raisons politiques \u00e9videntes, le cash vers\u00e9 au budget du gouvernement palestinien est supprim\u00e9 au profit d&rsquo;un accroissement des aides internationales au travers d&rsquo;ONG (sant\u00e9, alimentation, \u00e9ducation)non d\u00e9viables. <\/span><\/p>\n<p align=\"justify\">\u00a0<\/p>\n<p align=\"justify\"><span lang=\"FR-CH\">ugwumba<\/span><\/p>\n<p align=\"justify\"><span lang=\"FR-CH\">09.04.06 | 10h49<\/span><\/p>\n<p align=\"justify\"><span lang=\"FR-CH\">Ma Blanche, sors de ton innocence. Les USA aident aussi les Palestiniens, de m\u00eame, comme tu le sais d\u00e9j\u00e0, l&rsquo;Union Europ\u00e9enne. Ce que l&rsquo;on nous dit tr\u00e8s peu souvent c&rsquo;est le sort r\u00e9serv\u00e9 aux Palestiniens en Jordanie, en Irak ou dans les pays du Golf. L\u00e0, ils sont parqu\u00e9s dans des camps, sans papiers, sans droits. Mais le dire, dire qu&rsquo;entre eux les musulmans se m\u00e9prisent serait vexer les m\u00e9priseurs, ceux qui ont les ressources mondiales dans leur sous-sol.<\/span><\/p>\n<p align=\"justify\">\u00a0<\/p>\n<p align=\"justify\">\u00a0<\/p>\n<p align=\"justify\"><span lang=\"FR-CH\">FRANCOIS N.<\/span><\/p>\n<p align=\"justify\"><span lang=\"FR-CH\">09.04.06 | 09h39<\/span><\/p>\n<p align=\"justify\"><span lang=\"FR-CH\">L&rsquo;europe et les \u00e9tats unis continuent l&rsquo;holocauste ! En demandant a ceux qui ne sont pas reconnus, au moins par eux, donc en termes politiques, inexistants, non souverains, ne disposant pas d&rsquo;eux m\u00eames, entendez les palestiniens, a reconna\u00eetre ceux qui sont reconnus, les isra\u00e9liens avec pleins droits et privil\u00e9ge, donc existants, l&rsquo;europe, les \u00e9tats unis et les autres ne veulent rien entendre \u00e0 l&rsquo;existence de l&rsquo;Autre. Et ca continue \u00e0 exploser a nos figures. Ca c&rsquo;est un negationisme malin!<\/span><\/p>\n<p align=\"justify\">\u00a0<\/p>\n<p align=\"justify\"><span lang=\"FR-CH\">blanche<\/span><\/p>\n<p align=\"justify\"><span lang=\"FR-CH\">09.04.06 | 09h27<\/span><\/p>\n<p align=\"justify\"><span lang=\"FR-CH\">Je savais que les USA aidaient largement Israel, mais l&rsquo;Europe la Palestine, je l&rsquo;ignorais. Preuve que les pays arabes croulant sous les petrodollars ne font pas grand-chose pour les palestiniens. Pourquoi?<\/span><\/p>\n<p align=\"justify\">\u00a0<\/p>\n<p align=\"justify\"><span lang=\"FR-CH\">Artemio_Cruz<\/span><\/p>\n<p align=\"justify\"><span lang=\"FR-CH\">09.04.06 | 08h39<\/span><\/p>\n<p align=\"justify\"><span lang=\"FR-CH\">D\u00e9cision sage des occidentaux. Il faut forcer les extremistes des 2 bords \u00e0 s&rsquo;amender, les obliger \u00e0 vivre cote \u00e0 cote m\u00eame si cela ne leur plait pas. Les forcer au r\u00e9alisme c&rsquo;est les forcer \u00e0 la paix<\/span><\/p>\n<p align=\"justify\">\u00a0<\/p>\n<p align=\"justify\"><span lang=\"FR-CH\">Alexis Mein<\/span><\/p>\n<p align=\"justify\"><span lang=\"FR-CH\">09.04.06 | 02h03<\/span><\/p>\n<p align=\"justify\"><span lang=\"FR-CH\">A Raymond F : il y a 60 ans, avant la cr\u00e9ation de l&rsquo;Etat d&rsquo;Israel, ceux qu&rsquo;on appelait les Palestiniens \u00e9taient les Juifs, les autres \u00e9taient appel\u00e9s des Arabes. Il n&rsquo;existe donc aucun droit sur cette terre de ceux qu&rsquo;on appelle aujourd&rsquo;hui, par un \u00e9trange renversement,les \u00ab\u00a0palestiniens\u00a0\u00bb.Ceux qui occupent la Jud\u00e9e et la Samarie sont des Arabes, les Isra\u00e9liens sont les occup\u00e9s. Tout le reste n&rsquo;est que litt\u00e9rature comme vous dites.<\/span><\/p>\n<p align=\"justify\">\u00a0<\/p>\n<p align=\"justify\"><span lang=\"FR-CH\">Alain T.<\/span><\/p>\n<p align=\"justify\"><span lang=\"FR-CH\">09.04.06 | 01h08<\/span><\/p>\n<p align=\"justify\"><span lang=\"FR-CH\">Au Moyen Orient, Isra\u00ebl c&rsquo;est peu de monde et c&rsquo;est un territoire tout petit. Autour, il y a une religion et une civilisation ultra majoritaires. Il s&rsquo;en est fallu de peu par deux fois en 67 et en 73 qu&rsquo;Isra\u00ebl soit ray\u00e9 de la carte. Un pays grand comme deux d\u00e9partements fran\u00e7ais qui se replie derri\u00e8re un mur, on fait pire comme colonisateur.<\/span><\/p>\n<p align=\"justify\">\u00a0<\/p>\n<p align=\"justify\"><span lang=\"FR-CH\">DANIEL C.<\/span><\/p>\n<p align=\"justify\"><span lang=\"FR-CH\">09.04.06 | 00h00<\/span><\/p>\n<p align=\"justify\"><span lang=\"FR-CH\">Encore une illustration de l&rsquo;inanit\u00e9 des grands discours sur \u00ab\u00a0nos valeurs\u00a0\u00bb.D\u00e9mocratie, Libert\u00e9&#8230;tout le tralala s\u00e9mantique habituel des \u00ab\u00a0grands de ce monde\u00a0\u00bb, n&rsquo;a de bon que si le r\u00e9sultat va dans le sens souhait\u00e9 par le puissant. D\u00e9cennie apr\u00e8s d\u00e9cennie, la m\u00eame hypocrisie bourdonne \u00e0 nos oreilles. Elections, pseudo \u00e9lections ou pas d&rsquo;\u00e9lections du tout, l&rsquo;essentiel est que le potentat du coin serve les int\u00e9r\u00eats du \u00ab\u00a0leadership\u00a0\u00bb, sous couvert de la b\u00e9n\u00e9diction de la \u00ab\u00a0Communaut\u00e9 internationiale\u00a0\u00bb.<\/span><\/p>\n<p align=\"justify\">\u00a0<\/p>\n<p align=\"justify\"><span lang=\"FR-CH\">HAJER N.<\/span><\/p>\n<p align=\"justify\"><span lang=\"FR-CH\">08.04.06 | 22h48<\/span><\/p>\n<p align=\"justify\"><span lang=\"FR-CH\">Aujourd&rsquo;hui, le peuple palestinien a accord\u00e9 sa confiance par la voix d\u00e9mocratique au Hamas. A partir de l\u00e0, le mouvement de la r\u00e9sistance islamique sera assez responsable, et reconnaissant envers son peuple, pour accepter le dialogue avec le gouvernement isra\u00e9lien. Cependant, il faut que ce dernier arr\u00eate de chercher des pr\u00e9textes pour entraver les relations avec la Palestine. Il y a quelques ann\u00e9es, c&rsquo;\u00e9tait Arafat qui g\u00eanait.Aujourd&rsquo;hui, c&rsquo;est le Hamas, et demain, ce sera qui?<\/span><\/p>\n<p align=\"justify\">\u00a0<\/p>\n<p align=\"justify\"><span lang=\"FR-CH\">RAYMOND F.<\/span><\/p>\n<p align=\"justify\"><span lang=\"FR-CH\">08.04.06 | 22h18<\/span><\/p>\n<p align=\"justify\"><span lang=\"FR-CH\">Les Isra\u00ebliens sont des occupants (depuis 1967 au moins)et les Palestiniens sont des occup\u00e9s. Tout le reste est litt\u00e9rature ou propagande.<\/span><\/p>\n<p align=\"justify\">\u00a0<\/p>\n<p align=\"justify\"><span lang=\"FR-CH\">je suis surpris ..<\/span><\/p>\n<p align=\"justify\"><span lang=\"FR-CH\">08.04.06 | 21h29<\/span><\/p>\n<p align=\"justify\"><span lang=\"FR-CH\">en d\u00e9couvrant que l&rsquo;europe est le principal donateur, nous n&rsquo;avosn pas de p\u00e9trole, mais des id\u00e9es \ud83d\ude09 PS mais que faisons-nous dans cette gal\u00e8re ?<\/span><\/p>\n<p align=\"justify\">\u00a0<\/p>\n<p align=\"justify\"><span lang=\"FR-CH\">christian m.<\/span><\/p>\n<p align=\"justify\"><span lang=\"FR-CH\">08.04.06 | 20h35<\/span><\/p>\n<p align=\"justify\"><span lang=\"FR-CH\">Personne n&rsquo;a le droit d&rsquo;obliger l&rsquo;Union Eurp\u00e9enne \u00e0 financer un mouvement criminel. Apr\u00e9s tout, les \u00e9tats arabes pourraient financer, ils pourraient aussi faire de la place pour acceuillir les palestiniens; la Jordanie est un \u00e9tat artificel qui aurait pu \u00eatre la Palestine au lieu de les massacrer en septembre 1970. Les palestiniens eux m\u00eames auraient pu d\u00e9velopper des activit\u00e9s \u00e9conmiques au lieu d&rsquo;ouvrir des comptes en Suisse et de commettre des attaques suicides. Trop c&rsquo;est trop&#8230;<\/span><\/p>\n<p align=\"justify\">\u00a0<\/p>\n<p align=\"justify\"><span lang=\"FR-CH\">gayblade<\/span><\/p>\n<p align=\"justify\"><span lang=\"FR-CH\">08.04.06 | 20h10<\/span><\/p>\n<p align=\"justify\"><span lang=\"FR-CH\">La Feuille de Route est insuffisante.Elle ne pr\u00e9cise pas le statut final entre les parties ni un trait\u00e9 international pour garantir les fronti\u00e8res de tous les \u00e9tats de la r\u00e9gion et offrir des aides et d\u00e9dommagements s&rsquo;ils font la paix.Les questions de base restent:colonies,partage de J\u00e9rusalem,d\u00e9dommagement des palestiniens de la perte des biens(1948,1967),le droit de retour. En ne rien offrant pour les r\u00e9soudre, les EU-l&rsquo;UE refusent d&rsquo;encourager la paix et sont r\u00e9duits \u00e0 des punitions sordides.<\/span><\/p>\n<p align=\"justify\">\u00a0<\/p>\n<p align=\"justify\"><span lang=\"FR-CH\">yallayalla<\/span><\/p>\n<p align=\"justify\"><span lang=\"FR-CH\">08.04.06 | 19h12<\/span><\/p>\n<p align=\"justify\"><span lang=\"FR-CH\">Bonne chance, les occidentaux ! On vous fait confiance. Vous saurez les mater ! Et puis, continuez \u00e0 mettre de la pression, encore de la pression et toujours de la pression sur les palestiniens et pas un mot, surtout pas une phrase pour les expulsionistes et autres s\u00e9paratistes isra\u00e9liens. C&rsquo;est tr\u00e8s bien comme ca. Ca vous soulage la conscience et efface votre histoire et les crimes de vos parents et grand-parents. C&rsquo;est ca l&rsquo;important. <\/span><\/p>\n<p align=\"justify\">\u00a0<\/p>\n<p align=\"justify\"><span lang=\"FR-CH\">joel p.<\/span><\/p>\n<p align=\"justify\"><span lang=\"FR-CH\">08.04.06 | 18h54<\/span><\/p>\n<p align=\"justify\"><span lang=\"FR-CH\">Toutes les parties en pr\u00e9sence savent bien, quoiqu&rsquo;elles en disent, que la cohabitation est impossible mais n\u00e9cessaire ; c&rsquo;est d&rsquo;ailleurs d\u00e9j\u00e0 le cas ! Le Hamas, comme en son temps l&rsquo;OLP doit reconna\u00eetre Isra\u00ebl et rayer de ses principes toute id\u00e9e de destruction de l&rsquo;Etat d&rsquo;Isra\u00ebl. Les Isra\u00e9liens, en second lieu, devront alors accepter de s&rsquo;asseoir \u00e0 la table des n\u00e9gociations : on ne peut faire la paix qu&rsquo;avec ses ennemis apr\u00e8s tout ! L&rsquo;occident doit accompagner les parties \u00e0 s&rsquo;\u00e9couter.<\/span><\/p>\n<p align=\"justify\">\u00a0<\/p>\n<p align=\"justify\"><span lang=\"FR-CH\">pierre l.<\/span><\/p>\n<p align=\"justify\"><span lang=\"FR-CH\">08.04.06 | 18h00<\/span><\/p>\n<p align=\"justify\"><span lang=\"FR-CH\">Les gentils palestiniens &#8211; (oublies nov. 48, 1967 et 73?)contre les mechants Israeliens colonisateurs et les US en super mechants&#8230; C&rsquo;est tellement simple! Les US supportent non seulement Israel mais egalement l&rsquo;Egypte (2eme par la taille des aides), la Jordanie et le Pakistan. <\/span><span lang=\"EN-US\">\u00ab\u00a0For the current fiscal year,<st1:country-region w:st=\"on\"><st1:place w:st=\"on\">Israel<\/st1:place><\/st1:country-region> will receive $2.49 billion in aid, of which $2.25 b. is military assistance.<st1:country-region w:st=\"on\"><st1:place w:st=\"on\">Egypt<\/st1:place><\/st1:country-region> is to receive $1.78 b., of which $1.28 b. is military assistance.\u00a0\u00bb (Council on foreign Relations)<\/span><\/p>\n<p align=\"justify\">\u00a0<\/p>\n<p align=\"justify\"><span lang=\"FR-CH\">FrancisPayot<\/span><\/p>\n<p align=\"justify\"><span lang=\"FR-CH\">08.04.06 | 17h19<\/span><\/p>\n<p align=\"justify\"><span lang=\"FR-CH\">Toujours les m\u00eames disym\u00e9tries souvent inspir\u00e9es de Washington ou de Londres: on sanctionne le Hamas, des fondamentalistes musulmans d\u00e9mocratiquement \u00e9lus, tandis que les wahabites saoudiens fort peu d\u00e9mocratiques sont pr\u00e9serv\u00e9s. De m\u00eame la Bi\u00e9lorussie de Loukachenko est sanctionn\u00e9e, tandis que l&rsquo;Ethiopie de Meles Zenawi appliquant les m\u00eames m\u00e9thodes avec plus de morts \u00e0 la cl\u00e9 demeure fr\u00e9quentable. <\/span><\/p>\n<p align=\"justify\">\u00a0<\/p>\n<p align=\"justify\">\u00a0<\/p>\n<p align=\"justify\"><span lang=\"FR-CH\">bbr<\/span><\/p>\n<p align=\"justify\"><span lang=\"FR-CH\">08.04.06 | 17h09<\/span><\/p>\n<p align=\"justify\"><span lang=\"FR-CH\">Cette Europe-l\u00e0, servilement align\u00e9e sur les positions am\u00e9ricaines, complice des oppresseurs-occupants mais inflexible face \u00e0 un peuple en situation d&rsquo;auto-d\u00e9fense, championne de l&rsquo;hypocrisie et du double langage, ne m&rsquo;inspire que honte et d\u00e9go\u00fbt. Comment ne pas voir qu&rsquo;une politique aussi irresponsable fait durablement le lit du terrorisme international ?<\/span><\/p>\n<p align=\"justify\">\u00a0<\/p>\n<p align=\"justify\"><span lang=\"FR-CH\">Application des r\u00e9solutions<\/span><\/p>\n<p align=\"justify\"><span lang=\"FR-CH\">08.04.06 | 16h09<\/span><\/p>\n<p align=\"justify\"><span lang=\"FR-CH\">Isra\u00ebl doit reconna\u00eetre les droits des Palestiniens tels qu&rsquo;ils sont d\u00e9finis par les Nations Unies. Rappelons que pendant 30 ans et jusqu&rsquo;\u00e0 pr\u00e9sent, le Likoud qui a occup\u00e9 le pouvoir quelques ann\u00e9es n&rsquo;a pas reconnu ces droits et que durant tout ce temps, aucune pression, ni des USA, ni des Europ\u00e9ens n&rsquo;a \u00e9t\u00e9 effectu\u00e9e sur cet Etat colonisateur. Faisons en sorte d&rsquo;appliquer le Droit international au lieu d&rsquo;affamer tout un peuple !<\/span><\/p>\n<p align=\"justify\">\u00a0<\/p>\n<p align=\"justify\"><span lang=\"FR-CH\">Samir(wawri.blog.lemonde.fr)<\/span><\/p>\n<p align=\"justify\"><span lang=\"FR-CH\">08.04.06 | 14h31<\/span><\/p>\n<p align=\"justify\"><span lang=\"FR-CH\">Bonne analyse du Monde, bien malin celui qui d\u00e9tient la solution de conflit poussif et irrationel.<\/span><\/p>\n<p align=\"justify\">\u00a0<\/p>\n<p align=\"justify\"><span lang=\"FR-CH\">ERNEST E.<\/span><\/p>\n<p align=\"justify\"><span lang=\"FR-CH\">08.04.06 | 14h24<\/span><\/p>\n<p align=\"justify\"><span lang=\"FR-CH\">Ce n\u2019est plus le p\u00e9trole contre la nourriture, c\u2019est l\u2019ing\u00e9rence politique contre la nourriture. Une telle strat\u00e9gie ne peut aboutir qu\u2019\u00e0 exacerber les peuples concern\u00e9s. S\u2019il faut user de fermet\u00e9 \u00e0 l\u2019encontre de mouvements tels que le Hamas, il ne sert \u00e0 rien de faire souffrir une population qui est durement atteinte et frustr\u00e9e par une partition de territoire qui, \u00e0 leurs yeux, ne repose que sur la force des ba\u00efonnettes ou sur une l\u00e9gitimit\u00e9 p\u00e9rim\u00e9e. On peut le d\u00e9plorer. Le temps des armes doit cesser. L\u2019Europe doit faire valoir que la raison du plus fort n\u2019est pas la meilleure. Peut-\u00eatre alors pourra commencer celui de la compr\u00e9hension r\u00e9ciproque.<\/span><\/p>\n<p align=\"justify\">\u00a0<\/p>\n<p align=\"justify\"><span lang=\"FR-CH\">rlejeune<\/span><\/p>\n<p align=\"justify\"><span lang=\"FR-CH\">08.04.06 | 13h53<\/span><\/p>\n<p align=\"justify\"><span lang=\"FR-CH\">Comment se d\u00e9faire de l&rsquo;impression malsaine et dangereuse que les principes et le droit sont aussi utilis\u00e9s pour justifier l&rsquo;absence de principes et de justice ? Comment faire accepter par ces Palestiniens d&rsquo;entrer dans un processus dont nous savons bien qu&rsquo;il constituera + ou -, sinon une capitulation, du moins une acceptation d&rsquo;une situation de fait moralement insupportable ? <\/span><\/p>\n<p align=\"justify\">\u00a0<\/p>\n<p align=\"justify\"><span lang=\"EN-US\">Gil_Gamesch<\/span><\/p>\n<p align=\"justify\"><span lang=\"EN-US\">08.04.06 | 13h51<\/span><\/p>\n<p align=\"justify\"><span lang=\"FR-CH\">Non la Palestine et les palestiniens punis:les trois principes que l&rsquo;\u00e9ditorialiste rappelle:la reconnaissance de l&rsquo;Etat hebreu,l&rsquo;abandon de la violence comme _expression politique et enfin la lassitude de n\u00e9gocier des accords \u00ab\u00a0caducs\u00a0\u00bb l&rsquo;autorit\u00e9 palestienne sous l&rsquo;\u00e9gide d&rsquo;Arafat en fut les frais sans resultats tangibles.Affamer un peuple,briser sa m\u00e9moire,tuer ses \u00e9lites,occuper sa terre et ne pas reconnaitre ses voix qui sortent des urnes est une bien michiav\u00e9lique supercherie.Ya Salam!<\/span><\/p>\n<p align=\"justify\">\u00a0<\/p>\n<p align=\"justify\"><b><span lang=\"FR-CH\">(Source\u00a0: Le site \u00ab\u00a0lemonde.fr\u00a0\u00bb, visit\u00e9 le 11 avril 2006) <\/span><\/b><\/p>\n<p><\/font><\/p>\n<hr\/>\n<p align=\"center\"><b><a href=\"http:\/\/www.tunisnews.net\"><span>Home<\/span><span lang=\"FR-CH\"> &#8211; Accueil <\/span><span>&#8211; <\/span><span dir=\"rtl\" lang=\"AR-SA\">\u0627\u0644\u0631\u0626\u064a\u0633\u064a\u0629<\/span><\/a><\/b><\/p>\n<p><\/body><\/body><\/html><\/p>\n","protected":false},"excerpt":{"rendered":"<p>Home &#8211; Accueil &#8211; \u0627\u0644\u0631\u0626\u064a\u0633\u064a\u0629 TUNISNEWS 6\u00a0\u00e8me\u00a0ann\u00e9e, N\u00b0\u00a02150 du 11.04.2006 \u00a0archives : www.tunisnews.net Treizi\u00e8me jour de gr\u00e8ve de la faim du Prof. Ben Salem, de son \u00e9pouse Halima et de son fils Oussama Reporters sans fronti\u00e8res: Un journaliste et un cyberdissident en gr\u00e8ve de la faim AFP: Scientifique en gr\u00e8ve de la faim: les autorit\u00e9s [&hellip;]<\/p>\n","protected":false},"author":1,"featured_media":22040,"comment_status":"open","ping_status":"open","sticky":false,"template":"","format":"standard","meta":{"inline_featured_image":false,"site-sidebar-layout":"default","site-content-layout":"","ast-site-content-layout":"default","site-content-style":"default","site-sidebar-style":"default","ast-global-header-display":"","ast-banner-title-visibility":"","ast-main-header-display":"","ast-hfb-above-header-display":"","ast-hfb-below-header-display":"","ast-hfb-mobile-header-display":"","site-post-title":"","ast-breadcrumbs-content":"","ast-featured-img":"","footer-sml-layout":"","ast-disable-related-posts":"","theme-transparent-header-meta":"","adv-header-id-meta":"","stick-header-meta":"","header-above-stick-meta":"","header-main-stick-meta":"","header-below-stick-meta":"","astra-migrate-meta-layouts":"default","ast-page-background-enabled":"default","ast-page-background-meta":{"desktop":{"background-color":"","background-image":"","background-repeat":"repeat","background-position":"center center","background-size":"auto","background-attachment":"scroll","background-type":"","background-media":"","overlay-type":"","overlay-color":"","overlay-opacity":"","overlay-gradient":""},"tablet":{"background-color":"","background-image":"","background-repeat":"repeat","background-position":"center center","background-size":"auto","background-attachment":"scroll","background-type":"","background-media":"","overlay-type":"","overlay-color":"","overlay-opacity":"","overlay-gradient":""},"mobile":{"background-color":"","background-image":"","background-repeat":"repeat","background-position":"center center","background-size":"auto","background-attachment":"scroll","background-type":"","background-media":"","overlay-type":"","overlay-color":"","overlay-opacity":"","overlay-gradient":""}},"ast-content-background-meta":{"desktop":{"background-color":"var(--ast-global-color-5)","background-image":"","background-repeat":"repeat","background-position":"center center","background-size":"auto","background-attachment":"scroll","background-type":"","background-media":"","overlay-type":"","overlay-color":"","overlay-opacity":"","overlay-gradient":""},"tablet":{"background-color":"var(--ast-global-color-5)","background-image":"","background-repeat":"repeat","background-position":"center center","background-size":"auto","background-attachment":"scroll","background-type":"","background-media":"","overlay-type":"","overlay-color":"","overlay-opacity":"","overlay-gradient":""},"mobile":{"background-color":"var(--ast-global-color-5)","background-image":"","background-repeat":"repeat","background-position":"center center","background-size":"auto","background-attachment":"scroll","background-type":"","background-media":"","overlay-type":"","overlay-color":"","overlay-opacity":"","overlay-gradient":""}},"footnotes":""},"categories":[],"tags":[56,37,29],"class_list":["post-17304","post","type-post","status-publish","format-standard","has-post-thumbnail","hentry","tag-56","tag-37","tag-fr"],"_links":{"self":[{"href":"https:\/\/tunisnews.net\/ar\/wp-json\/wp\/v2\/posts\/17304","targetHints":{"allow":["GET"]}}],"collection":[{"href":"https:\/\/tunisnews.net\/ar\/wp-json\/wp\/v2\/posts"}],"about":[{"href":"https:\/\/tunisnews.net\/ar\/wp-json\/wp\/v2\/types\/post"}],"author":[{"embeddable":true,"href":"https:\/\/tunisnews.net\/ar\/wp-json\/wp\/v2\/users\/1"}],"replies":[{"embeddable":true,"href":"https:\/\/tunisnews.net\/ar\/wp-json\/wp\/v2\/comments?post=17304"}],"version-history":[{"count":0,"href":"https:\/\/tunisnews.net\/ar\/wp-json\/wp\/v2\/posts\/17304\/revisions"}],"wp:featuredmedia":[{"embeddable":true,"href":"https:\/\/tunisnews.net\/ar\/wp-json\/wp\/v2\/media\/22040"}],"wp:attachment":[{"href":"https:\/\/tunisnews.net\/ar\/wp-json\/wp\/v2\/media?parent=17304"}],"wp:term":[{"taxonomy":"category","embeddable":true,"href":"https:\/\/tunisnews.net\/ar\/wp-json\/wp\/v2\/categories?post=17304"},{"taxonomy":"post_tag","embeddable":true,"href":"https:\/\/tunisnews.net\/ar\/wp-json\/wp\/v2\/tags?post=17304"}],"curies":[{"name":"wp","href":"https:\/\/api.w.org\/{rel}","templated":true}]}}