{"id":17280,"date":"2008-01-04T00:00:00","date_gmt":"2008-01-04T00:00:00","guid":{"rendered":"https:\/\/tunisnews.net\/4-janvier-2008\/"},"modified":"2008-01-04T00:00:00","modified_gmt":"2008-01-04T00:00:00","slug":"4-janvier-2008","status":"publish","type":"post","link":"https:\/\/tunisnews.net\/ar\/4-janvier-2008\/","title":{"rendered":"4 janvier 2008"},"content":{"rendered":"<p><html><head><meta content=\"text\/html\" description=\"Aujourd\u2019hui, le \n      vendredi 4 janvier 2008 \u00a0une\u00a0 nouvelle affaire\u00a0 n\u00b0 14504 s\u2019est ouvert\u00a0 \u00e0 \n      la premi\u00e8re chambre criminelle du Tribunal de premi\u00e8re instance de Tunis \n      pr\u00e9sid\u00e9e par le juge \" http-equiv=\"Content-Type\"\/><\/head><body><body><\/p>\n<p align=\"center\" dir=\"ltr\"><b><a href=\"http:\/\/www.tunisnews.net\"><span>Home<\/span><span lang=\"FR-CH\"> &#8211; Accueil <\/span><span>&#8211;<\/span><\/a><\/b><\/p>\n<div> <font face=\"Arial\" size=\"2\">  <span lang=\"FR\"> <\/p>\n<div align=\"center\" dir=\"ltr\"> <font size=\"7\"> <span lang=\"SV\"> <strong>TUNISNEWS<\/strong><\/span> <\/font> <\/div>\n<div align=\"center\" dir=\"ltr\"> <strong><font size=\"2\">8\u00a0\u00e8me\u00a0ann\u00e9e, <span lang=\"FR\">N\u00b0       \u00a02781 du 04.01.2008<\/span><\/font><\/strong><\/div>\n<p> <strong> <\/p>\n<div align=\"center\" dir=\"ltr\"> <b><span><blink> <font size=\"2\">\u00a0archives : <\/font><a href=\"\" target=\"_blank\" rel=\"noopener\"> <font size=\"2\" target=\"_blank\">www.tunisnews.net<\/font><\/a><\/blink><\/span><\/b><font size=\"2\"> <\/font> <span lang=\"FR-CH\"> <span lang=\"FR\"> <span dir=\"rtl\" lang=\"FR\"> <span lang=\"FR-CH\"><font><font> <font><font> <\/font><\/font><\/font><\/font><\/span><\/span><\/span><\/span><\/div>\n<p> <\/strong><\/span><\/font><font face=\"Arial\"> <\/p>\n<div align=\"center\" dir=\"ltr\"> <strong><font><\/p>\n<hr\/>\n<p><\/font><\/strong> <\/div>\n<div align=\"justify\" dir=\"ltr\"> <span lang=\"FR\"> <\/p>\n<div align=\"left\">\n<p> <span lang=\"FR\"> <strong>C.R.L.D.H.Tunisie: Proc\u00e8s du 4 janvier : Les autorit\u00e9s         tunisiennes\u00a0 ne cessent d&rsquo;innover !         <font>AISPP: Infos en continu<\/font>         Libert\u00e9 et Equit\u00e9: L\u2019\u00e9tat des libert\u00e9s en Tunisie &#8211; Proc\u00e8s et Agressions         <font>AFP: Tunisie: Eni va investir 281 M EUR, discute         du gazoduc Transmed<\/font>          AFP: L&rsquo;annulation du Dakar offre \u00e0 Al-Qa\u00efda un succ\u00e8s facile         <font>Bloomberg: Tunisia Veil Case Threatens `Odious         Rag&rsquo; Struggle<\/font>          Webmanager center: Tunisie-France : Deux Tunisiens obtiennent la Carte         \u2018\u2019Comp\u00e9tences et talents\u2019\u2019<\/strong><\/span><\/p>\n<p> <font><\/font><\/p>\n<hr\/>\n<p>\u00a0<\/p>\n<\/div>\n<p> <\/span><\/div>\n<p> <\/font> <\/p>\n<div> <font face=\"Arial\"> <\/p>\n<p align=\"center\"> <a><b> <span>      C.R.L.D.H.Tunisie<\/span><\/b><\/a><\/p>\n<p align=\"center\"> <span lang=\"SV\">\u00a0<\/span><\/p>\n<p align=\"center\"> <span lang=\"SV\">Comit\u00e9 pour le       Respect des Libert\u00e9s et des Droits de l\u2019Homme en Tunisie<\/span><\/p>\n<p align=\"center\"> <b><span lang=\"SV\">Membre du       R\u00e9seau Euro m\u00e9diterran\u00e9en des Droits de l\u2019Homme<\/span><\/b><\/p>\n<p align=\"center\"> <span>21 ter rue Voltaire \u2013       FR-75011 PARIS\u00a0 &#8211; Tel\/Fax : 00.33. (0)1.43.72.97.34<\/span><\/p>\n<p align=\"center\"> <span lang=\"SV\"> <a href=\"mailto:contact@crldht.org\" onclick=\"return top.js.OpenExtLink(window,event,this)\" target=\"_blank\" rel=\"noopener\"> <span lang=\"EN-US\">contact@crldht.org<\/span><\/a><\/span><span>       \/ <\/span><span lang=\"SV\"> <a href=\"http:\/\/www.crldht.org\/\" onclick=\"return top.js.OpenExtLink(window,event,this)\" target=\"_blank\" rel=\"noopener\"> <span lang=\"EN-US\">www.crldht.org<\/span><\/a><\/span><\/p>\n<p> <span>\u00a0<\/span><\/p>\n<p align=\"center\"> <b><span><font size=\"3\">Proc\u00e8s du 4       janvier : Les autorit\u00e9s tunisiennes <\/font><\/span><\/b><\/p>\n<p align=\"center\"> <b><span><font size=\"3\">ne cessent       d&rsquo;innover !<\/font><\/span><\/b><\/p>\n<p> <span lang=\"SV\"> <script><!--D([\"mb\",\"Aujourd\u2019hui,\\nle vendredi 4 janvier 2008 \u00a0une\u00a0 nouvelle affaire\u00a0 n\u00b0 14504\\ns\u2019est ouvert\\u003cspan\\>\u00a0 \\u003c\/span\\>\u00e0 la premi\u00e8re chambre\\ncriminelle du Tribunal de premi\u00e8re instance de Tunis pr\u00e9sid\u00e9e par le\\njuge \\u003cb\\>H\u00e9di\\n\\u003cspan\\>\\u003cspan style\\u003d\\\"font-family:Arial\\\"\\>Ayari\\u003c\/span\\>\\u003c\/span\\>\\n\\u003c\/b\\>en\\nvertu de la loi n\u00b0 2003-75 du 10 d\u00e9cembre 2003, relative au soutien des\\nefforts\\ninternationaux de lutte contre le terrorisme et \u00e0 la r\u00e9pression du\\nblanchiment\\nd&#39;argent.\\u003cspan\\>\u00a0 \\u003c\/span\\>\\u003c\/span\\>\\u003c\/p\\>\\n\\u003cp style\\u003d\\\"text-align:justify\\\"\\>\\u003cspan style\\u003d\\\"font-size:11pt;font-family:Arial\\\"\\>Ce proc\u00e8s\\nconcerne 30 Tunisiens, 25 d\u2019entre eux sont en arrestation, les autres\\nseront\\njug\u00e9s par contumace (Voir le Communiqu\u00e9 du CRLDHT du 03\/01\/2008)\u2026.D\u00e9s\\navant son\\ncommencement, l&#39;audience d&#39;ouverture du proc\u00e8s promet de nouvelles\\np\u00e9rip\u00e9ties\\n\u00e9tonnantes.\\u003cbr\\>\\n\\u003cbr\\>\\nLes autorit\u00e9s tunisiennes nous ont habitu\u00e9 au fait que le principe,\\n\u00e9tabli par\\nla loi, de publicit\u00e9 des audiences soit tr\u00e8s th\u00e9orique, les salles\\n\u00e9tant\\nremplies pr\u00e9alablement de policiers en civil de mani\u00e8re \u00e0 ce que\\nl&#39;acc\u00e8s en\\nsoit \\u003ci\\>de facto\\u003c\/i\\> interdit.\\u003c\/span\\>\\u003c\/p\\>\\n\\u003cp style\\u003d\\\"text-align:justify\\\"\\>\\u003cspan style\\u003d\\\"font-size:11pt;font-family:Arial\\\"\\>Cette\\nfois-ci, elles ont d\u00e9cid\u00e9 d&#39;aller plus loin : L&#39;\u00e9pouse de l&#39;un des\\npr\u00e9venus, M.\\n\\u003cb\\>Naoufel Sassi\\u003c\/b\\>, son fr\u00e8re et ses soeurs\u00a0 ont \u00e9t\u00e9 encercl\u00e9s par un\\ngroupe d&#39;agents de police \u00e0 leur arriv\u00e9e au tribunal \u00e0 8h30 ce matin,\\nleur\\nidentit\u00e9 a \u00e9t\u00e9 relev\u00e9e et ordre leur a \u00e9t\u00e9 intim\u00e9 de s&#39;en retourner\\nchez eux\\nsous peine d&#39;\u00eatre arr\u00eat\u00e9s. R\u00e9pondant \u00e0 leurs protestations, l&#39;officier\\nde\\npolice responsable a d\u00e9clar\u00e9 qu&#39;il agissait sur ordre du Procureur de\\nla\\nR\u00e9publique.\\u003cbr\\>\\n\\u003cbr\\>\\nA notre connaissance, les autorit\u00e9s ont jusqu&#39;\u00e0 pr\u00e9sent (y compris pour\\ndes\\naudiences &quot;d\u00e9licates&quot;) permis l&#39;acc\u00e8s des conjoints et parents\\ndirects des pr\u00e9venus. Cette nouvelle restriction du champ de l&#39;acc\u00e8s\\naux droits\\ngarantis par les lois nationales comme par les conventions et accords\\ninternationaux renforce notre inqui\u00e9tude quand au d\u00e9roulement d&#39;un\\nproc\u00e8s dont\\nnous ne comptons plus les irr\u00e9gularit\u00e9s (1). Cela d&#39;autant plus que\\nl&#39;audience\\nc&#39;est limit\u00e9e \u00e0 la prononciation de la d\u00e9cision de renvoi au 18 janvier\\n2008 en\\nraison de l&#39;absence de l&#39;un des pr\u00e9venus.\",1]);\/\/-->      <\/script> <\/span><span>Aujourd\u2019hui, le       vendredi 4 janvier 2008 \u00a0une\u00a0 nouvelle affaire\u00a0 n\u00b0 14504 s\u2019est ouvert\u00a0 \u00e0       la premi\u00e8re chambre criminelle du Tribunal de premi\u00e8re instance de Tunis       pr\u00e9sid\u00e9e par le juge <b>H\u00e9di Ayari <\/b>en vertu de la loi n\u00b0 2003-75 du 10       d\u00e9cembre 2003, relative au soutien des efforts internationaux de lutte       contre le terrorisme et \u00e0 la r\u00e9pression du blanchiment d&rsquo;argent.\u00a0 <\/span> <\/p>\n<p> <span>Ce proc\u00e8s concerne 30       Tunisiens, 25 d\u2019entre eux sont en arrestation, les autres seront jug\u00e9s par       contumace (Voir le Communiqu\u00e9 du CRLDHT du 03\/01\/2008)\u2026.D\u00e9s avant son       commencement, l&rsquo;audience d&rsquo;ouverture du proc\u00e8s promet de nouvelles       p\u00e9rip\u00e9ties \u00e9tonnantes.              Les autorit\u00e9s tunisiennes nous ont habitu\u00e9 au fait que le principe, \u00e9tabli       par la loi, de publicit\u00e9 des audiences soit tr\u00e8s th\u00e9orique, les salles       \u00e9tant remplies pr\u00e9alablement de policiers en civil de mani\u00e8re \u00e0 ce que       l&rsquo;acc\u00e8s en soit <i>de facto<\/i> interdit.<\/span><\/p>\n<p> <span lang=\"SV\">Cette fois-ci,       elles ont d\u00e9cid\u00e9 d&rsquo;aller plus loin : L&rsquo;\u00e9pouse de l&rsquo;un des pr\u00e9venus, M. <b>      Naoufel Sassi<\/b>, son fr\u00e8re et ses soeurs\u00a0 ont \u00e9t\u00e9 encercl\u00e9s par un       groupe d&rsquo;agents de police \u00e0 leur arriv\u00e9e au tribunal \u00e0 8h30 ce matin, leur       identit\u00e9 a \u00e9t\u00e9 relev\u00e9e et ordre leur a \u00e9t\u00e9 intim\u00e9 de s&rsquo;en retourner chez       eux sous peine d&rsquo;\u00eatre arr\u00eat\u00e9s. <\/span> <span>R\u00e9pondant \u00e0 leurs       protestations, l&rsquo;officier de police responsable a d\u00e9clar\u00e9 qu&rsquo;il agissait       sur ordre du Procureur de la R\u00e9publique.              A notre connaissance, les autorit\u00e9s ont jusqu&rsquo;\u00e0 pr\u00e9sent (y compris pour       des audiences \u00ab\u00a0d\u00e9licates\u00a0\u00bb) permis l&rsquo;acc\u00e8s des conjoints et parents directs       des pr\u00e9venus. Cette nouvelle restriction du champ de l&rsquo;acc\u00e8s aux droits       garantis par les lois nationales comme par les conventions et accords       internationaux renforce notre inqui\u00e9tude quand au d\u00e9roulement d&rsquo;un proc\u00e8s       dont nous ne comptons plus les irr\u00e9gularit\u00e9s (1). Cela d&rsquo;autant plus que       l&rsquo;audience c&rsquo;est limit\u00e9e \u00e0 la prononciation de la d\u00e9cision de renvoi au 18       janvier 2008 en raison de l&rsquo;absence de l&rsquo;un des pr\u00e9venus. <\/span> <span lang=\"SV\"> <script><!--D([\"mb\",\"\\u003c\/span\\>\\u003c\/p\\>\\n\\u003cp style\\u003d\\\"text-align:justify\\\"\\>\\u003cspan style\\u003d\\\"font-size:11pt;font-family:Arial\\\"\\>Le CRLDHT\\nest r\u00e9solu \u00e0 suivre de pr\u00e8s le d\u00e9roulement de ce qui ne peut qu&#39;\u00eatre\\nqualifi\u00e9\\nde parodie de proc\u00e8s de justice, et \u00e0 lui donner toute la publicit\u00e9\\nn\u00e9cessaire.\\u003cbr\\>\\n\\u003cbr\\>\\n\\u003cspan\\>\u00a0\u00a0\u00a0\u00a0\u00a0\u00a0\u00a0\u00a0\u00a0\u00a0\u00a0\u00a0\u00a0\u00a0\u00a0\u00a0\u00a0\u00a0\u00a0\u00a0\u00a0\u00a0\u00a0\u00a0\u00a0\u00a0\u00a0\u00a0\u00a0\u00a0\\u003cWBR\\>\u00a0\u00a0\u00a0\u00a0\u00a0\u00a0\u00a0\u00a0\u00a0\u00a0\u00a0\u00a0\u00a0\u00a0\u00a0\u00a0\u00a0\u00a0\u00a0\u00a0\u00a0\u00a0\u00a0\u00a0\u00a0\u00a0\u00a0\u00a0\u00a0\u00a0\\u003cWBR\\>\u00a0\u00a0\u00a0\u00a0\u00a0\u00a0\u00a0\u00a0\u00a0\u00a0\u00a0\u00a0\u00a0\u00a0\u00a0\u00a0\u00a0\u00a0\\n\\u003c\/span\\>\\u003cspan\\>\u00a0\u00a0\u00a0\u00a0\u00a0\u00a0\u00a0\u00a0\u00a0\u00a0\u00a0\u00a0\u00a0\u00a0\u00a0\u00a0\u00a0\u00a0\u00a0\u00a0\u00a0\u00a0\u00a0\u00a0\u00a0\u00a0\u00a0\u00a0\u00a0\u00a0\\u003cWBR\\>\u00a0\u00a0\u00a0\u00a0\u00a0\\u003c\/span\\>Paris,\\nle\u00a0: 04\/01\/2008\\u003cbr\\>\\n\\u003cbr\\>\\n\\u003c\/span\\>\\u003c\/p\\>\\n\\u003cpre cols\\u003d\\\"72\\\"\\>-- \\nComit\u00e9 pour le Respect des Libert\u00e9s et des Droits de l&#39;Homme en Tunisie\\nCRLDHT\\n21ter rue Voltaire\\n75011 PARIS - FRANCE\\nTel\/Fax : +33(0)1.43.72.97.34.\\n\\u003ca href\\u003d\\\"mailto:contact@crldht.org\\\" target\\u003d\\\"_blank\\\" onclick\\u003d\\\"return top.js.OpenExtLink(window,event,this)\\\"\\>contact@crldht.org\\u003c\/a\\>\\n\\u003ca href\\u003d\\\"http:\/\/www.crldht.org\\\" target\\u003d\\\"_blank\\\" onclick\\u003d\\\"return top.js.OpenExtLink(window,event,this)\\\"\\>www.crldht.org\\u003c\/a\\> \\u003c\/pre\\>\\n\\u003c\/div\\>\\n\\n\",0]);\/\/-->      <\/script> <\/span><\/p>\n<p> <span>Le CRLDHT est r\u00e9solu \u00e0       suivre de pr\u00e8s le d\u00e9roulement de ce qui ne peut qu&rsquo;\u00eatre qualifi\u00e9 de       parodie de proc\u00e8s de justice, et \u00e0 lui donner toute la publicit\u00e9       n\u00e9cessaire.              \u00a0\u00a0\u00a0\u00a0\u00a0\u00a0\u00a0\u00a0\u00a0\u00a0\u00a0\u00a0\u00a0\u00a0\u00a0\u00a0\u00a0\u00a0\u00a0\u00a0\u00a0\u00a0\u00a0\u00a0\u00a0\u00a0\u00a0\u00a0\u00a0\u00a0<wbr\/>\u00a0\u00a0\u00a0\u00a0\u00a0\u00a0\u00a0\u00a0\u00a0\u00a0\u00a0\u00a0\u00a0\u00a0\u00a0\u00a0\u00a0\u00a0\u00a0\u00a0\u00a0\u00a0\u00a0\u00a0\u00a0\u00a0\u00a0\u00a0\u00a0\u00a0<wbr\/>\u00a0\u00a0\u00a0\u00a0\u00a0\u00a0\u00a0\u00a0\u00a0\u00a0\u00a0\u00a0\u00a0\u00a0\u00a0\u00a0\u00a0\u00a0       \u00a0\u00a0\u00a0\u00a0\u00a0\u00a0\u00a0\u00a0\u00a0\u00a0\u00a0\u00a0\u00a0\u00a0\u00a0\u00a0\u00a0\u00a0\u00a0\u00a0\u00a0\u00a0\u00a0\u00a0\u00a0\u00a0\u00a0\u00a0\u00a0\u00a0<wbr\/>\u00a0\u00a0\u00a0\u00a0\u00a0<\/span><span lang=\"SV\">Paris,       le\u00a0: 04\/01\/2008<\/span><\/p>\n<p> <span lang=\"SV\"><font face=\"Times New Roman\">\u00a0<\/font><\/span><\/p>\n<p>\u00a0<\/p>\n<hr\/>\n<p>\u00a0<\/p>\n<p>      \u00a0<\/p>\n<p> <font face=\"Arial\"> <\/p>\n<div align=\"center\"> <font face=\"Arial\" size=\"2\">Libert\u00e9 pour tous les prisonniers politiques         Libert\u00e9 pour Abdallah Zouari, le journaliste exil\u00e9 dans son propre pays         <strong><font>Association Internationale de Soutien aux         Prisonniers Politiques<\/font><\/strong>         43 rue Eldjazira, Tunis          E-mail : aispptunisie@yahoo.fr         Tunis, le 3 janvier 2008         <strong><\/p>\n<h2 style=\"color: red;\"><font size=\"3\">Infos en continu<\/font><\/h2>\n<p><\/strong><\/font><\/div>\n<p> <font face=\"Arial\" size=\"2\"> <\/p>\n<div align=\"justify\">                 La quatri\u00e8me chambre criminelle du Tribunal de Premi\u00e8re Instance de         Tunis, pr\u00e9sid\u00e9e par le juge Mehrez Hammami a rendu son jugement \u00e0 une         heure tardive de la soir\u00e9e, hier mercredi 2 janvier 2008, dans l\u2019affaire         n\u00b013927dans laquelle sont d\u00e9f\u00e9r\u00e9s Mohammed Agrabi, Malek Chrahili,         Ibrahim Garci, Rbi\u2019i Agrabi, Mimoun Alloucha et Mejdi Zribi en vertu de         la loi du 10 d\u00e9cembre 2003 \u00ab de lutte contre le terrorisme \u00bb. Dans le         cas de Mimoun Alloucha, il y a eu jonction des peines en raison d\u2019un         jugement prononc\u00e9 contre lui dans une affaire ant\u00e9rieure pour les m\u00eames         accusations. Le reste des accus\u00e9s d\u00e9f\u00e9r\u00e9s en \u00e9tat d\u2019arrestation ont \u00e9t\u00e9         condamn\u00e9s \u00e0 trois ann\u00e9es d\u2019emprisonnement.         L\u2019association [\u2026]         La deuxi\u00e8me chambre criminelle du tribunal de Premi\u00e8re Instance de         Tunis, pr\u00e9sid\u00e9e par le juge Abderrazak Ben Mena a prononc\u00e9 son jugement         aujourd\u2019hui jeudi 3 janvier dans l\u2019afffaire n\u00b013607 dans laquelle sont         d\u00e9f\u00e9r\u00e9s Mabrouk Khammassi, Ghazi Soula, Rached Ben Jaafar, Ramzi         Ouchtati, Ha\u00eekel Touati, Riadh Mahouachi, Abdelmajid Bouslimi, Hichem         Marsani, H\u00e9di Marouani et Elyess Hedhli, accus\u00e9s d\u2019adh\u00e9sion sur le         territoire de la R\u00e9publique \u00e0 une entente ayant fait du terrorisme un         moyen de concr\u00e9tiser ses objectifs, l\u2019utilisation du territoire de la         R\u00e9publique pour donner mandat \u00e0 des personnes aux fins de commettre une         action terroriste sur le territoire de la R\u00e9publique, d\u2019avoir tent\u00e9 de         fournir des armes, des explosifs, des munitions, des mati\u00e8res et         \u00e9quipements similaires \u00e0 une organisation terroriste. La commission de         la d\u00e9fense \u00e9tait compos\u00e9e de Ma\u00eetres Samir Ben Amor, Radhia Nasraoui,         H\u00e9di Abbassi et Kelthoum Zaoui. Apr\u00e8s les plaidoiries des avocats, le         juge a lev\u00e9 la s\u00e9ance pour le d\u00e9lib\u00e9r\u00e9 et le prononc\u00e9 du jugement.         Pour la commission de suivi des proc\u00e8s         Le secr\u00e9taire g\u00e9n\u00e9ral de l\u2019Association         <strong><font>Ma\u00eetre Semir Dilou<\/font><\/strong> <font>(traduction d\u2019extraits ni revue ni corrig\u00e9e par         les auteurs de la version en arabe, LT)<\/font><\/div>\n<div align=\"justify\">\n<hr\/><\/div>\n<div align=\"justify\">\n<div align=\"center\"> <font>Libert\u00e9 pour Slim Boukhdir, la plume libre<\/font> <strong><font>Libert\u00e9 et Equit\u00e9<\/font><\/strong> <font>URGENT : sauvez la vie de l\u2019ex prisonnier           politique Ahmed Bouazizi           33 rue Mokhtar Atya, 1001, Tunis           Tel\/fax : 71 340 860           Email : Libert\u00e9_\u00e9quit\u00e9@yahoo.fr           Tunis, le 4 janvier 2008<\/font> <strong><\/p>\n<h2 style=\"color: red;\"><font size=\"3\">L\u2019\u00e9tat des libert\u00e9s en Tunisie           Proc\u00e8s et Agressions<\/font><\/h2>\n<p><\/strong><\/div>\n<div>          \u00a0<\/div>\n<div> <font>Aujourd\u2019hui, 4 janvier 2008, la chambre           correctionnelle du tribunal de premi\u00e8re instance de Tunis a d\u00e9cid\u00e9 de           reporter l\u2019examen de l\u2019affaire des prisonniers d\u2019opinion Naoufel Sassi           et de ses co accus\u00e9s. Le nombre des accus\u00e9s dans cette affaire s\u2019\u00e9l\u00e8ve           \u00e0 trente. Les forces de la police politique ont encercl\u00e9 la salle du           tribunal et\u00a0 interdit aux familles des prisonniers d\u2019assister au           proc\u00e8s. Ils les ont \u00e9loign\u00e9es par la force de la place du tribunal et           ont menac\u00e9 de poursuites quiconque tenterait d\u2019entrer dans la salle.           Jeudi 3 janvier 2008, l\u2019administration de la prison de Borj Er Roumi a           interdit \u00e0 la m\u00e8re du prisonnier d\u2019opinion Adel Hannachi de lui rendre           visite car ce dernier est au cachot, \u00e9tant accus\u00e9 d\u2019avoir cass\u00e9 un           poste de t\u00e9l\u00e9vision. Le directeur de la prison, Imed Ajmi, a agress\u00e9           verbalement la m\u00e8re du prisonnier et l\u2019a oblig\u00e9e \u00e0 signer un           engagement \u00e0 payer une somme de deux cent cinquante dinars, soit le           prix du poste.           [\u2026]           La m\u00e8re du prisonnier d\u2019opinion Zyed Fakraoui n\u2019a pas pu rendre visite           \u00e0 son fils incarc\u00e9r\u00e9 \u00e0 la prison de Borj Er Roumi pour la cinqui\u00e8me           semaine d\u2019affil\u00e9e. Ce prisonnier est puni et mis au cachot depuis           qu\u2019il a \u00e9t\u00e9 transf\u00e9r\u00e9 dans cette prison le 29 novembre 2007. Hier,           jeudi 3 janvier, deux agents en civil ont rendu visite \u00e0 la famille du           prisonnier et ont questionn\u00e9 sa m\u00e8re sur l\u2019aboutissement de son           affaire et sur le nom de l\u2019avocat charg\u00e9 de sa d\u00e9fense.           Quatre agents de la police politique ont rendu visite hier jeudi 3           janvier \u00e0 la famille du prisonnier d\u2019opinion Aymen Dridi. Ils ont           questionn\u00e9 sa m\u00e8re sur la prison o\u00f9 il se trouve son fils. Le           prisonnier Aymen Dridi est en gr\u00e8ve de la faim illimit\u00e9e parce qu\u2019on           lui a interdit d\u2019\u00e9changer les v\u0153ux de l\u2019A\u00efd avec ses co-d\u00e9tenus. Le           directeur de la prison, d\u00e9nomm\u00e9 Sami, avait affirm\u00e9 \u00e0 la m\u00e8re que           l\u2019interdiction \u00e9tait une directive qui lui avait \u00e9t\u00e9 impos\u00e9e.           Libert\u00e9 et \u00c9quit\u00e9 [\u2026]           Pour le bureau ex\u00e9cutif de l\u2019organisation<\/font> <strong><font>Ma\u00eetre Mohammed Nouri<\/font><\/strong>           (traduction d\u2019extraits ni revue ni corrig\u00e9e par les auteurs de la           version en arabe, LT)<\/div>\n<div>          \u00a0<\/div>\n<div>\n<hr\/><\/div>\n<\/p><\/div>\n<div align=\"justify\"> <font> <\/p>\n<div align=\"center\">\n<h2 style=\"color: red;\"><font size=\"3\"><strong>Tunisie: Eni va investir 281 M           EUR, discute du gazoduc Transmed<\/strong><\/font><\/h2>\n<\/p><\/div>\n<div>          \u00a0<\/div>\n<div align=\"justify\">          TUNIS &#8211; Le groupe p\u00e9trolier italien Eni a annonc\u00e9 vendredi des           investissements de 281 millions d&rsquo;euros d&rsquo;ici 2011 en Tunisie, et des           discussions sur la prolongation du contrat sur le gazoduc Transmed qui           relie l&rsquo;Alg\u00e9rie \u00e0 l&rsquo;Italie via le territoire tunisien.           Les investissements de l&rsquo;Eni en Tunisie s&rsquo;\u00e9leveront \u00e0 pr\u00e8s de 281           millions d&rsquo;euros d&rsquo;ici 2011, a annonc\u00e9 vendredi \u00e0 Tunis           l&rsquo;administrateur d\u00e9l\u00e9gu\u00e9 du groupe, Paolo Scaroni, cit\u00e9 par l&rsquo;agence           tunisienne Tap.           M. Scaroni a aussi indiqu\u00e9 son groupe discutait avec le gouvernement           tunisien des \u00ab\u00a0possibilit\u00e9s\u00a0\u00bb de prolongation du contrat relatif au           gazoduc Transmed qui achemine, via la Tunisie, le gaz alg\u00e9rien vers           l&rsquo;Italie.           Ce contrat expire en 2019.           La Tunisie et l&rsquo;Italie ont sign\u00e9 en 2006 deux conventions portant sur           l&rsquo;augmentation de la capacit\u00e9 du Gazoduc Transmed \u00e0 33,9 milliards de           m\u00e8tres cubes par an \u00e0 partir de 2008 contre 27,4 milliards auparavant.           Plus r\u00e9cemment, les deux pays ont conclu des accords pour la           construction d&rsquo;une centrale \u00e9lectrique de 1.200 m\u00e9gawatts sur le           littoral Est tunisien et la r\u00e9alisation d&rsquo;une interconnexion \u00e0 travers           la M\u00e9diterran\u00e9e pour un co\u00fbt estim\u00e9 \u00e0 2 milliards et demi d&rsquo;euros           environ.           ENI           (\u00a9AFP \/ 04 janvier 2008 15h09)        <\/div>\n<div align=\"justify\">\n<hr\/><\/div>\n<div align=\"justify\">          \u00a0<\/div>\n<div align=\"justify\">\n<div align=\"center\">\n<h2 style=\"color: red;\"><font size=\"3\"><strong>L&rsquo;annulation du Dakar offre \u00e0             Al-Qa\u00efda un succ\u00e8s facile<\/strong><\/font><\/h2>\n<p> \u00a0<\/p><\/div>\n<div align=\"justify\">                         PARIS (AFP) \u2014 Al-Qa\u00efda est parvenue par ses menaces \u00e0 faire annuler             le Dakar, un succ\u00e8s facile, sans commune mesure avec le             retentissement d&rsquo;un \u00e9ventuel attentat sur le parcours d&rsquo;une des             \u00e9preuves les plus m\u00e9diatis\u00e9es du sport fran\u00e7ais, estiment des             sp\u00e9cialistes interrog\u00e9s par l&rsquo;AFP.             Selon des sources proches des services secrets fran\u00e7ais, des             interceptions d&rsquo;\u00e9coutes de groupes de la mouvance d&rsquo;Al-Qa\u00efda en zone             sah\u00e9lienne ont r\u00e9v\u00e9l\u00e9 ces derni\u00e8res semaines des projets d&rsquo;attaques             contre des Fran\u00e7ais sur le parcours en Mauritanie.             Les menaces visant les int\u00e9r\u00eats fran\u00e7ais deviennent de plus en plus             concr\u00e8tes, comme en t\u00e9moigne le meurtre de quatre touristes fran\u00e7ais             le 24 d\u00e9cembre dans ce pays, selon les m\u00eames sources.             Par ailleurs, dans un communiqu\u00e9 de revendication de l&rsquo;attaque             meurtri\u00e8re contre une caserne de l&rsquo;arm\u00e9e mauritanienne le 26             d\u00e9cembre, diffus\u00e9 sur internet et attribu\u00e9 \u00e0 la Branche d&rsquo;Al-Qa\u00efda             au Maghreb, le gouvernement de Nouakchott se voit reprocher \u00ab\u00a0d&rsquo;assurer             aux infid\u00e8les une situation favorable au +rallye+\u00a0\u00bb.             Le directeur du Dakar, Etienne Lavigne, a affirm\u00e9 \u00ab\u00a0que des             communiqu\u00e9s d&rsquo;Al-Qa\u00efda au Maghreb citaient le Dakar\u00a0\u00bb. Les menaces \u00ab\u00a0ne             se limitaient pas \u00e0 la Mauritanie, mais concernaient le rallye dans             son ensemble\u00a0\u00bb, a r\u00e9v\u00e9l\u00e9 Joao Lagos, un des organisateurs portugais.             Selon G\u00e9rard Chaliand, sp\u00e9cialiste du terrorisme et de la gu\u00e9rilla,             \u00ab\u00a0une menace de ce genre est extr\u00eamement dissuasive parce que             qu&rsquo;est-ce qu&rsquo;on peut prot\u00e9ger dans le Dakar? Rien\u00a0\u00bb. \u00ab\u00a0Autant prot\u00e9ger             un site quelconque est extr\u00eamement facile, autant prot\u00e9ger sur un             itin\u00e9raire aussi long un convoi aussi disparate est absolument             impossible\u00a0\u00bb.             \u00ab\u00a0C&rsquo;est une victoire tr\u00e8s facile\u00a0\u00bb, remarque-t-il. Pour Al-Qa\u00efda, \u00ab\u00a0le             bilan depuis le 12 septembre 2001 \u00e0 l&rsquo;\u00e9chelle de l&rsquo;Occident ce sont             les attentats de Londres et Madrid, il n&rsquo;y a pas de quoi pavoiser.             Le r\u00e9sultat est plus que modeste\u00a0\u00bb.             \u00ab\u00a0Voil\u00e0 une organisation qui a \u00e9t\u00e9 extr\u00eamement pourchass\u00e9e, elle             produit ici et l\u00e0 des rejetons moins bien \u00e9quip\u00e9s qu&rsquo;elle\u00a0\u00bb,             ajoute-t-il, en r\u00e9f\u00e9rence notamment au Groupe salafiste pour la             pr\u00e9dication et le combat (GSPC) alg\u00e9rien, devenu il y a un an \u00ab\u00a0Branche             d&rsquo;Al-Qa\u00efda au Maghreb\u00a0\u00bb.             Le chercheur Jean-Pierre Filiu juge que \u00ab\u00a0les dirigeants d&rsquo;Al-Qa\u00efda             doivent probablement regretter d&rsquo;avoir menac\u00e9 trop t\u00f4t et donc de             n&rsquo;avoir pas pu perp\u00e9trer l&rsquo;attentat qu&rsquo;ils avaient sans doute             planifi\u00e9\u00a0\u00bb, relevant l&rsquo;assassinat des quatre touristes \u00ab\u00a0doubl\u00e9 d&rsquo;un             attentat contre l&rsquo;arm\u00e9e mauritanienne\u00a0\u00bb.             \u00ab\u00a0Leur sc\u00e9nario optimal\u00a0\u00bb, analyse M. Filiu, auteur des \u00ab\u00a0Fronti\u00e8res du             jihad\u00a0\u00bb, \u00ab\u00a0c&rsquo;\u00e9tait ce compte \u00e0 rebours permanent o\u00f9 plus personne             n&rsquo;aurait parl\u00e9 des r\u00e9sultats de l&rsquo;\u00e9preuve mais il y aurait eu la             moiti\u00e9 de la couverture m\u00e9diatique sur +Al-Qa\u00efda n&rsquo;a pas frapp\u00e9             aujourd&rsquo;hui mais est-ce qu&rsquo;elle va r\u00e9ussir \u00e0 frapper demain?+\u00a0\u00bb.             \u00ab\u00a0S&rsquo;il n&rsquo;y a pas de passage \u00e0 l&rsquo;acte, Al-Qa\u00efda a rat\u00e9, tout             simplement parce qu&rsquo;elle vit de sa capacit\u00e9 \u00e0 porter des coups. Elle             n&rsquo;existe que sur le registre du videoclip et de l&rsquo;hypnotisme donc il             faut en permanence qu&rsquo;elle refasse l&rsquo;ouverture du journal t\u00e9l\u00e9vis\u00e9\u00a0\u00bb,             explique-t-il. \u00ab\u00a0Pour Zawahiri, 50 % du jihad, c&rsquo;est le jihad             m\u00e9diatique\u00a0\u00bb.             M. Filiu consid\u00e8re que les dirigeants historiques d&rsquo;Al-Qa\u00efda,             Oussama ben Laden et Ayman al-Zawahiri, ont \u00ab\u00a0donn\u00e9 un ch\u00e8que en             blanc \u00e0 la direction maghr\u00e9bine, en fait alg\u00e9rienne, pour effectuer             des op\u00e9rations au maximum d&rsquo;impact m\u00e9diatique pour compenser les             coups r\u00e9els et militaires tr\u00e8s durs\u00a0\u00bb port\u00e9s au r\u00e9seau \u00ab\u00a0en Irak et en             Arabie saoudite\u00a0\u00bb.             Selon lui, \u00ab\u00a0du point de vue +d&rsquo;Al-Qa\u00efda central+ ce n&rsquo;est pas un             signe de force, c&rsquo;est au contraire l&rsquo;aveu que n&rsquo;importe quel coup             qui fait l&rsquo;ouverture du JT est bon \u00e0 prendre\u00a0\u00bb.<\/div>\n<\/p><\/div>\n<p> <\/font> <\/div>\n<p> <\/font><\/font><\/font> <\/p>\n<p>\u00a0<\/p>\n<hr\/>\n<p>\u00a0<\/p>\n<\/div><\/div>\n<div align=\"center\"> <font size=\"2\"><strong><font face=\"Arial\">\u00a0<\/font><\/strong><font face=\"Arial\" size=\"3\"><span><strong><\/p>\n<h2 style=\"color: red;\"><font>Tunisia   Veil Case Threatens `Odious Rag&rsquo; Struggle<\/font><\/h2>\n<p><\/strong> <\/span> \u00a0<\/font><\/font><\/div>\n<p align=\"justify\"><font face=\"Arial\"><strong>By Daniel Williams<\/strong><\/font><\/p>\n<div align=\"justify\">\n<div>\n<div>      \u00a0<\/div>\n<div>      \u00a0<\/div>\n<\/p><\/div>\n<\/div>\n<p align=\"justify\"><font face=\"Arial\">Jan. 3 (Bloomberg) &#8212; Saida Akremi, a Tunisian lawyer, specializes in human rights &#8212; including the right to wear the Muslim headscarf that her country&rsquo;s late founder called an \u00ab\u00a0odious rag.\u00a0\u00bb<\/font><\/p>\n<p align=\"justify\"><font face=\"Arial\">In a case that has sent ripples through this North African nation, Akremi won a lawsuit on behalf of a schoolteacher contesting the scarf&rsquo;s ban in state buildings and schools. The ruling won&rsquo;t be enforced across the country, the government says, on the grounds that it divides rather than unites. <\/font><\/p>\n<p align=\"justify\"><font face=\"Arial\">Tunisia, which became independent from France in 1956, has long presented itself as a European-oriented secular bastion in the Middle East. Its first president, Habib Bourguiba, used the \u00ab\u00a0odious rag\u00a0\u00bb term for the hijab, as the veil is called, because he viewed it as a hindrance to progress. <\/font><\/p>\n<p align=\"justify\"><font face=\"Arial\">\u00ab\u00a0For me, people have the right to wear what they want,\u00a0\u00bb Akremi said. She herself has worn the veil since 1995, she said, including in court. <\/font><\/p>\n<p align=\"justify\"><font face=\"Arial\">\u00ab\u00a0Tunisia has made the choice in favor of the emancipation of women, and the veil has come to identify an appeal based on sectarianism,\u00a0\u00bb said Bochra Malki, a government spokeswoman. <\/font><\/p>\n<p align=\"justify\"><font face=\"Arial\">This view parallels campaigns waged by secular governments across the Middle East. Many leaders &#8212; even the monarchy in Morocco, whose King Mohammed VI claims direct descent from the prophet Mohammed &#8212; regard the hijab as an Islamic political statement rather than a pious religious accessory. <\/font><\/p>\n<p align=\"justify\"><font face=\"Arial\">`Threatened&rsquo; <\/font><\/p>\n<p align=\"justify\"><font face=\"Arial\">\u00ab\u00a0The hijab is spreading, and so are Islamic political movements,\u00a0\u00bb said Mohammed Fantar, a professor of Islamic history at Manar University in Tunis. \u00ab\u00a0Some governments feel threatened and think the two go hand-in-hand.\u00a0\u00bb Tunisia is among them, he said. <\/font><\/p>\n<p align=\"justify\"><font face=\"Arial\">The Turkish military, self-styled guardians of the country&rsquo;s lay tradition, tried and failed last summer to block the rise of former Foreign Minister Abdullah Gul to the presidency. The reason: His wife wears a headscarf. Turkey, governed by an Islamic party, is officially secular. <\/font><\/p>\n<p align=\"justify\"><font face=\"Arial\">Last year in Morocco, the government removed pictures of a mother and daughter wearing the hijab from a school textbook, on the grounds it is a political symbol, the British Broadcasting Corp. reported. <\/font><\/p>\n<p align=\"justify\"><font face=\"Arial\">Jordan&rsquo;s Queen Rania, on recent visits to Western countries, stressed that the hijab isn&rsquo;t mandatory under Islam or in Jordan. <\/font><\/p>\n<p align=\"justify\"><font face=\"Arial\">Widespread Use <\/font><\/p>\n<p align=\"justify\"><font face=\"Arial\">In Egypt, Cairo&rsquo;s Helwan University barred women from wearing veils over their faces on security grounds. Wearing headscarves, once a minority practice, is widespread in Egypt, although last April a court in Cairo upheld a government ban on state-television news presenters wearing them on the air. <\/font><\/p>\n<p align=\"justify\"><font face=\"Arial\">Almost all of Tunisia&rsquo;s 10 million people are Muslim. Bourguiba, who took power after the 1956 independence from France and ruled until 1987, largely removed the scarf from public view. <\/font><\/p>\n<p align=\"justify\"><font face=\"Arial\">He banned it from government offices in 1981; the prohibition was later expanded to schools and other public places. Tunisia&rsquo;s constitution bars political parties based on religion. <\/font><\/p>\n<p align=\"justify\"><font face=\"Arial\">In the Tunisian court case, Saeeda Adalah asked to be allowed to wear the headscarf when she taught school. On Oct. 10, a court in Tunis ruled the country&rsquo;s ban unconstitutional. <\/font><\/p>\n<p align=\"justify\"><font face=\"Arial\">Officials quickly asserted that the judgment wouldn&rsquo;t be applied to daily life. \u00ab\u00a0The decision will make no difference,\u00a0\u00bb said Malki, the government spokeswoman. <\/font><\/p>\n<p align=\"justify\"><font face=\"Arial\">Akremi, the lawyer, agreed that the court&rsquo;s decision would lead to no immediate reversal of the ban; that would have to be decided by parliament. <\/font><\/p>\n<p align=\"justify\"><font face=\"Arial\">Scarf in School <\/font><\/p>\n<p align=\"justify\"><font face=\"Arial\">\u00ab\u00a0We cannot speak of annulment of the ban, just a court opinion,\u00a0\u00bb she said in a telephone interview. Adalah herself has returned to the classroom and is allowed to wear the veil, Akremi said. <\/font><\/p>\n<p align=\"justify\"><font face=\"Arial\">Zine Abidine Ben Ali, Tunisia&rsquo;s president since Bourguiba&rsquo;s ouster in 1987, has called the hijab \u00ab\u00a0an imported form of sectarian dress\u00a0\u00bb that \u00ab\u00a0does not fit with Tunisia&rsquo;s cultural heritage.\u00a0\u00bb At a meeting of the state-dominated National Union of Tunisian Women, officials demanded that women in the audience remove their veils and in some cases, tugged on them, according to a 2006 U.S. State Department human-rights report on Tunisia. <\/font><\/p>\n<p align=\"justify\"><font face=\"Arial\">\u00ab\u00a0The authorities stepped up harassment of women wearing the hijab (Islamic headscarf),\u00a0\u00bb Amnesty International, the human-rights group, said in its 2007 report on Tunisia. \u00ab\u00a0Some women were reportedly ordered to remove their hijabs before being allowed into schools, universities or workplaces; and others were forced to remove them in the street,\u00a0\u00bb the report said. <\/font><\/p>\n<p align=\"justify\"><font face=\"Arial\">Government Concern <\/font><\/p>\n<p align=\"justify\"><font face=\"Arial\">An Oct. 5 conference on religious intolerance underscored government concern over the hijab. The meeting focused on takfir, the practice under which Muslims can accuse other Muslims of having abandoned their religion and who, as a result, can be punished even with death.<\/font><\/p>\n<p align=\"justify\"><font face=\"Arial\">The meeting was a show of support for Saloua Charfi, a professor at the Tunis-based Journalism and Information Sciences Institute. Charfi had written articles challenging Islamic dress codes and received threats from preachers that she might be declared takfir. Charfi declined to be interviewed. <\/font><\/p>\n<p align=\"justify\"><font face=\"Arial\">Fantar, the historian, backs the government&rsquo;s stand on headscarves. \u00ab\u00a0They are an import by way of satellite television,\u00a0\u00bb he said. \u00ab\u00a0It&rsquo;s a menace for all.\u00a0\u00bb <\/font><\/p>\n<p align=\"justify\"><font face=\"Arial\">To contact the reporter on this story: Daniel Williams in Tunis at <span><a href=\"mailto:dwilliams41@bloomberg.net\">dwilliams41@bloomberg.net<\/a><\/span> . <\/font><\/p>\n<div align=\"justify\"> <font face=\"Arial\"><strong><font><em>(Source: <\/em>  Bloomberg.com<em> : Last Updated: January 3, 2008 03:29 EST<\/em> <em>) <\/p>\n<hr\/>\n<p> <\/em><\/font><\/strong><\/font><\/div>\n<p><font face=\"Arial\" size=\"2\"><\/p>\n<div align=\"center\">\n<h2 style=\"color: red;\"><font face=\"Arial\" size=\"3\"><strong>Tunisie-France : Deux   Tunisiens obtiennent la Carte \u2018\u2019Comp\u00e9tences et talents\u2019\u2019<\/strong><\/font><\/h2>\n<\/div>\n<div>  Par Tallel BAHOURY<\/div>\n<p><\/font><\/p>\n<p>\u00a0<\/p>\n<p><font face=\"Arial\" size=\"2\">Comme il l\u2019avait indiqu\u00e9 lors du d\u00e9jeuner\/d\u00e9bat organis\u00e9 le 13 d\u00e9cembre 2007 par l\u2019Association tunisienne des Grandes \u00e9coles, ayant port\u00e9 sur le th\u00e8me \u2018\u2019Comp\u00e9tences et talents, circulation entre la Tunisie et la France\u00a0\u00bb l\u2019ambassadeur de France en Tunisie, M. Serge Degallaix (\u00abje suis presque s\u00fbr que le premier visa de la carte \u2018\u2019Comp\u00e9tences et talents\u2019\u2019 sera d\u00e9livr\u00e9 en Tunisie\u00bb, avait-il dit en substance) a, symboliquement, remis, samedi 29 d\u00e9cembre 2007, deux visas long s\u00e9jour pour les deux premiers candidats tunisiens retenus pour obtenir la carte \u201cComp\u00e9tences et talents\u201d. La Tunisie figure ainsi parmi les premiers pays b\u00e9n\u00e9ficiaires de cette nouvelle mesure. <\/font><\/p>\n<p>\u00a0<\/p>\n<p> <font face=\"Arial\" size=\"2\">Le communiqu\u00e9 de la chancellerie rappelle d\u2019ailleurs que cela rentre \u2018\u2019dans le cadre des nouvelles mesures de la loi sur l\u2019immigration du 24 juillet 2006\u2019\u2019, qui pr\u00e9cise que \u2018\u2019cette carte permet au b\u00e9n\u00e9ficiaire d\u2019apporter \u00e0 la France ses comp\u00e9tences et d\u2019acqu\u00e9rir, en retour, une exp\u00e9rience qui sera utile \u00e0 son pays d\u2019origine. Cette carte est un titre de s\u00e9jour d\u2019une validit\u00e9 de trois ans renouvelable une fois\u2019\u2019.<\/font><\/p>\n<p>\u00a0<\/p>\n<p><font face=\"Arial\" size=\"2\">Un mot sur les deux b\u00e9n\u00e9ficiaires pour dire que le premier \u2013pardon la premi\u00e8re (\u00e2g\u00e9e seulement de 27 ans)- est ing\u00e9nieur technico-commercial des Mines, dipl\u00f4me d\u2019Ing\u00e9nieur de l\u2019Ecole Nationale Sup\u00e9rieure des Mines de Nancy, 5 ans d\u2019exp\u00e9rience professionnelle en Tunisie, Allemagne, Espagne et France, recherche en France d\u2019une sp\u00e9cialisation dans le domaine des services informatiques en vue de cr\u00e9er sa soci\u00e9t\u00e9 en Tunisie ; quant au second (\u00e2g\u00e9 de 30 ans), il est contr\u00f4leur g\u00e9n\u00e9ral de gestion dans l\u2019h\u00f4tellerie, une ma\u00eetrise en Sciences de gestion, sp\u00e9cialit\u00e9 \u00abgestion h\u00f4teli\u00e8re\u00bb &#8211; Ecole Sup\u00e9rieure de Commerce de Tunis, 6 ans d\u2019exp\u00e9rience professionnelle en Tunisie, recherche d\u2019un compl\u00e9ment d\u2019exp\u00e9rience professionnelle en vue de participer \u00e0 plus haut niveau \u00e0 la gestion de projets h\u00f4teliers en Tunisie.<\/font><\/p>\n<p>\u00a0<\/p>\n<p><font face=\"Arial\" size=\"2\">On note par ailleurs que le b\u00e9n\u00e9ficiaire est soumis \u00e0 une obligation, disons \u2018\u2019b\u00e9nigne\u2019\u2019, puisque, en contrepartie, \u2018\u2019il devra apporter son concours \u00e0 une action de coop\u00e9ration ou monter un projet \u00e9conomique dans son pays d\u2019origine\u2019\u2019. <\/font><\/p>\n<p><font face=\"Arial\" size=\"2\">En tout cas, pour l\u2019ambassade de France en Tunisie, \u2018\u2019cette nouvelle mesure est une illustration concr\u00e8te de l\u2019ouverture du march\u00e9 du travail fran\u00e7ais\u2019\u2019.<\/font><\/p>\n<p>\u00a0<\/p>\n<p><font face=\"Arial\" size=\"2\">Rappelons qu\u2019une d\u00e9p\u00eache de l\u2019Agence France Presse a derni\u00e8rement indiqu\u00e9 que les Tunisiens et les Alg\u00e9riens \u00e9taient exclus des mesures facilitant l\u2019acc\u00e8s des \u00e9trangers \u00e0 des m\u00e9tiers rencontrant des difficult\u00e9s de recrutement en France\u2026 Nous avons pris contact avec les services de l\u2019ambassade de France en Tunisie pour en savoir plus, et nous avons affirm\u00e9 que ladite d\u00e9p\u00eache de l\u2019AFP n\u2019\u00e9tait pas compl\u00e8te, parce qu\u2019elle omettait d\u2019ajouter que la Tunisie et l\u2019Alg\u00e9rie sont li\u00e9es avec la France par des accords bilat\u00e9raux qui, \u00e0 bien des \u00e9gards, sont plus int\u00e9ressants et avantageux qu\u2019une mesure de politique g\u00e9n\u00e9rale. De ce fait, lesdits accords sont en train d\u2019\u00eatre r\u00e9actualis\u00e9s en tenant compte bien entendu de la nouvelle donne, s\u2019agissant d\u2019accords conclus depuis plusieurs ann\u00e9es d\u00e9j\u00e0.<\/font><\/p>\n<p>\u00a0<\/p>\n<p><font face=\"Arial\" size=\"2\">Ce qui voudrait dire qu\u2019il n\u2019y a pas \u00e0 se faire de souci \u00e0 ce sujet. La preuve en est que deux de nos compatriotes ont d\u00e9j\u00e0 obtenu ce \u2018\u2019s\u00e9same\u2019\u2019 tant convoit\u00e9.<\/font><\/p>\n<p>\u00a0<\/p>\n<p><font face=\"Arial\" size=\"2\">En tout \u00e9tat de cause, les services de l\u2019ambassade de France en Tunisie ont promis de mettre sur le site de l\u2019ambassade ( <\/font><a href=\"http:\/\/www.ambassadefrance.tn.org\/\" target=\"_blank\" rel=\"noopener\"><font face=\"Arial\" size=\"2\">www.ambassadefrance.tn.org<\/font><\/a><font face=\"Arial\" size=\"2\">) de plus amples \u00e9claircissements sur cette question dans les prochains jours.<\/font><\/p>\n<p>\u00a0<\/p>\n<p>\u00a0<\/p>\n<p><font face=\"Arial\" size=\"2\">&#8212;&#8212;&#8212;&#8212;&#8212;&#8212;&#8212;&#8212;&#8212;<\/font><\/p>\n<p>\u00a0<\/p>\n<p><b><span><font face=\"Arial\" size=\"2\">A propos de la Carte \u2018\u2019Comp\u00e9tences et talents\u2019\u2019<\/font><\/span><\/b><\/p>\n<p>\u00a0<\/p>\n<p><span><font face=\"Arial\" size=\"2\">La carte de s\u00e9jour \u00ab\u00a0comp\u00e9tences et talents\u00a0\u00bb peut \u00eatre accord\u00e9e \u00e0 l&rsquo;\u00e9tranger susceptible de participer, du fait de ses comp\u00e9tences et de ses talents, de fa\u00e7on significative et durable au d\u00e9veloppement \u00e9conomique, au d\u00e9veloppement de l&rsquo;am\u00e9nagement du territoire ou au rayonnement, notamment intellectuel, scientifique, culturel, humanitaire ou sportif de la France et, directement ou indirectement, du pays dont il a la nationalit\u00e9. Elle est accord\u00e9e pour une dur\u00e9e de trois ans renouvelable une fois, lorsque son titulaire a la nationalit\u00e9 d&rsquo;un pays membre de la zone de solidarit\u00e9 prioritaire.<\/font><\/span><\/p>\n<p>\u00a0<\/p>\n<p><span><font face=\"Arial\" size=\"2\">Cette carte ne peut \u00eatre accord\u00e9e \u00e0 l&rsquo;\u00e9tranger ressortissant d&rsquo;un pays appartenant \u00e0 la zone de solidarit\u00e9 prioritaire que lorsque la France a conclu avec ce pays un accord de partenariat pour le cod\u00e9veloppement ou lorsque cet \u00e9tranger s&rsquo;est engag\u00e9 \u00e0 retourner dans son pays d&rsquo;origine au terme d&rsquo;une p\u00e9riode maximale de six ans.<\/font><\/span><\/p>\n<p>\u00a0<\/p>\n<p><span><font face=\"Arial\" size=\"2\">Elle est attribu\u00e9e au vu du contenu et de la nature du projet de l&rsquo;\u00e9tranger et de l&rsquo;int\u00e9r\u00eat de ce projet pour la France et pour le pays dont l&rsquo;\u00e9tranger a la nationalit\u00e9.<\/font><\/span><\/p>\n<p>\u00a0<\/p>\n<p><span><font face=\"Arial\" size=\"2\">Elle permet \u00e0 son titulaire d&rsquo;exercer toute activit\u00e9 professionnelle de son choix, dans le cadre de ce projet.<\/font><\/span><\/p>\n<p>\u00a0<\/p>\n<p><span><font face=\"Arial\" size=\"2\">Lorsque l&rsquo;\u00e9tranger souhaitant b\u00e9n\u00e9ficier d&rsquo;une carte \u00ab\u00a0comp\u00e9tences et talents\u00a0\u00bb r\u00e9side r\u00e9guli\u00e8rement en France, il pr\u00e9sente sa demande aupr\u00e8s du repr\u00e9sentant de l&rsquo;Etat dans le d\u00e9partement. Lorsque l&rsquo;\u00e9tranger r\u00e9side hors de France, il pr\u00e9sente sa demande aupr\u00e8s des autorit\u00e9s diplomatiques et consulaires fran\u00e7aises territorialement comp\u00e9tentes.<\/font><\/span><\/p>\n<p>\u00a0<\/p>\n<p><span><font face=\"Arial\" size=\"2\">Lorsque le titulaire de la carte de s\u00e9jour \u00ab\u00a0comp\u00e9tences et talents\u00a0\u00bb est ressortissant d&rsquo;un pays de la zone de solidarit\u00e9 prioritaire, il apporte son concours, pendant la dur\u00e9e de validit\u00e9 de cette carte, \u00e0 une action de coop\u00e9ration ou d&rsquo;investissement \u00e9conomique d\u00e9finie par la France avec le pays dont il a la nationalit\u00e9.<\/font><\/span><\/p>\n<p><span><font face=\"Arial\" size=\"2\">Lors du premier renouvellement de cette carte, il est tenu compte du non-respect de cette obligation.<\/font><\/span><\/p>\n<p>\u00a0<\/p>\n<p><span><font face=\"Arial\" size=\"2\">Le conjoint et les enfants mineurs d&rsquo;un \u00e9tranger titulaire de la carte de s\u00e9jour \u00ab comp\u00e9tences et talents \u00bb b\u00e9n\u00e9ficient de plein droit d\u2019une carte de s\u00e9jour temporaire portant la mention \u00ab\u00a0vie priv\u00e9e et familiale\u00a0\u00bb.<\/font><\/span><\/p>\n<p>\u00a0<\/p>\n<p><span><font face=\"Arial\" size=\"2\">(Source : ambassade de France en Tunisie)<\/font><\/span><\/p>\n<p>\u00a0<\/p>\n<p><span><font face=\"Arial\" size=\"2\"><strong>(Source: webmanager center le 5 janvier 2008)<\/strong><\/font><\/span><\/p>\n<p align=\"center\" dir=\"ltr\">\u00a0<\/p>\n<hr\/>\n<p align=\"center\">\u00a0<\/p>\n<p align=\"center\"><b><a href=\"http:\/\/www.tunisnews.net\"><span>Home<\/span><span lang=\"FR-CH\"> &#8211; Accueil <\/span><span>&#8211; <\/span><span dir=\"rtl\" lang=\"AR-SA\">\u0627\u0644\u0631\u0626\u064a\u0633\u064a\u0629<\/span><\/a><\/b><\/p>\n<p align=\"center\"><b><span dir=\"rtl\" lang=\"AR-SA\">\u00a0<\/span><\/b><\/p>\n<p><\/body><\/body><\/html><\/p>\n","protected":false},"excerpt":{"rendered":"<p>Home &#8211; Accueil &#8211; TUNISNEWS 8\u00a0\u00e8me\u00a0ann\u00e9e, N\u00b0 \u00a02781 du 04.01.2008 \u00a0archives : www.tunisnews.net C.R.L.D.H.Tunisie: Proc\u00e8s du 4 janvier : Les autorit\u00e9s tunisiennes\u00a0 ne cessent d&rsquo;innover ! AISPP: Infos en continu Libert\u00e9 et Equit\u00e9: L\u2019\u00e9tat des libert\u00e9s en Tunisie &#8211; Proc\u00e8s et Agressions AFP: Tunisie: Eni va investir 281 M EUR, discute du gazoduc Transmed AFP: [&hellip;]<\/p>\n","protected":false},"author":1,"featured_media":22040,"comment_status":"open","ping_status":"open","sticky":false,"template":"","format":"standard","meta":{"inline_featured_image":false,"site-sidebar-layout":"default","site-content-layout":"","ast-site-content-layout":"default","site-content-style":"default","site-sidebar-style":"default","ast-global-header-display":"","ast-banner-title-visibility":"","ast-main-header-display":"","ast-hfb-above-header-display":"","ast-hfb-below-header-display":"","ast-hfb-mobile-header-display":"","site-post-title":"","ast-breadcrumbs-content":"","ast-featured-img":"","footer-sml-layout":"","ast-disable-related-posts":"","theme-transparent-header-meta":"","adv-header-id-meta":"","stick-header-meta":"","header-above-stick-meta":"","header-main-stick-meta":"","header-below-stick-meta":"","astra-migrate-meta-layouts":"default","ast-page-background-enabled":"default","ast-page-background-meta":{"desktop":{"background-color":"","background-image":"","background-repeat":"repeat","background-position":"center center","background-size":"auto","background-attachment":"scroll","background-type":"","background-media":"","overlay-type":"","overlay-color":"","overlay-opacity":"","overlay-gradient":""},"tablet":{"background-color":"","background-image":"","background-repeat":"repeat","background-position":"center center","background-size":"auto","background-attachment":"scroll","background-type":"","background-media":"","overlay-type":"","overlay-color":"","overlay-opacity":"","overlay-gradient":""},"mobile":{"background-color":"","background-image":"","background-repeat":"repeat","background-position":"center center","background-size":"auto","background-attachment":"scroll","background-type":"","background-media":"","overlay-type":"","overlay-color":"","overlay-opacity":"","overlay-gradient":""}},"ast-content-background-meta":{"desktop":{"background-color":"var(--ast-global-color-5)","background-image":"","background-repeat":"repeat","background-position":"center center","background-size":"auto","background-attachment":"scroll","background-type":"","background-media":"","overlay-type":"","overlay-color":"","overlay-opacity":"","overlay-gradient":""},"tablet":{"background-color":"var(--ast-global-color-5)","background-image":"","background-repeat":"repeat","background-position":"center center","background-size":"auto","background-attachment":"scroll","background-type":"","background-media":"","overlay-type":"","overlay-color":"","overlay-opacity":"","overlay-gradient":""},"mobile":{"background-color":"var(--ast-global-color-5)","background-image":"","background-repeat":"repeat","background-position":"center center","background-size":"auto","background-attachment":"scroll","background-type":"","background-media":"","overlay-type":"","overlay-color":"","overlay-opacity":"","overlay-gradient":""}},"footnotes":""},"categories":[],"tags":[53,39,29],"class_list":["post-17280","post","type-post","status-publish","format-standard","has-post-thumbnail","hentry","tag-53","tag-39","tag-fr"],"_links":{"self":[{"href":"https:\/\/tunisnews.net\/ar\/wp-json\/wp\/v2\/posts\/17280","targetHints":{"allow":["GET"]}}],"collection":[{"href":"https:\/\/tunisnews.net\/ar\/wp-json\/wp\/v2\/posts"}],"about":[{"href":"https:\/\/tunisnews.net\/ar\/wp-json\/wp\/v2\/types\/post"}],"author":[{"embeddable":true,"href":"https:\/\/tunisnews.net\/ar\/wp-json\/wp\/v2\/users\/1"}],"replies":[{"embeddable":true,"href":"https:\/\/tunisnews.net\/ar\/wp-json\/wp\/v2\/comments?post=17280"}],"version-history":[{"count":0,"href":"https:\/\/tunisnews.net\/ar\/wp-json\/wp\/v2\/posts\/17280\/revisions"}],"wp:featuredmedia":[{"embeddable":true,"href":"https:\/\/tunisnews.net\/ar\/wp-json\/wp\/v2\/media\/22040"}],"wp:attachment":[{"href":"https:\/\/tunisnews.net\/ar\/wp-json\/wp\/v2\/media?parent=17280"}],"wp:term":[{"taxonomy":"category","embeddable":true,"href":"https:\/\/tunisnews.net\/ar\/wp-json\/wp\/v2\/categories?post=17280"},{"taxonomy":"post_tag","embeddable":true,"href":"https:\/\/tunisnews.net\/ar\/wp-json\/wp\/v2\/tags?post=17280"}],"curies":[{"name":"wp","href":"https:\/\/api.w.org\/{rel}","templated":true}]}}