{"id":17271,"date":"2009-06-10T00:00:00","date_gmt":"2009-06-10T00:00:00","guid":{"rendered":"https:\/\/tunisnews.net\/10-juin-2009\/"},"modified":"2009-06-10T00:00:00","modified_gmt":"2009-06-10T00:00:00","slug":"10-juin-2009","status":"publish","type":"post","link":"https:\/\/tunisnews.net\/ar\/10-juin-2009\/","title":{"rendered":"10 juin 2009"},"content":{"rendered":"<p><html><head><meta content=\"text\/html\" description=\"Il arrive que certains de nos compatriotes se lamentent sur l'homme d'Etat que vous auriez pu \u00eatre. A l'instar de votre pr\u00e9d\u00e9cesseur l'Histoire aurait pu vous juger comme un honorable Pr\u00e9sident. Malheureusement pour la Tunisie, d\u00e8s les premi\u00e8res semaines de votre prise de pouvoir vos agissements ont donn\u00e9 le ton et laiss\u00e9 entrevoir le sort que vous alliez r\u00e9server \u00e0 ce qui ressemblait encore \u00e0 des\u00a0 institutions et \u00e0 une l\u00e9galit\u00e9 constitutionnelle et r\u00e9publicaine. Le rouleau compresseur auquel vous avez soumis l'opposition pourtant conciliante pour ne pas dire bienveillante a achev\u00e9 de convaincre les tunisiens de la r\u00e9alit\u00e9 de vos intentions et de la nature de vos projets. En fait vos intentions vous les avez t\u00f4t d\u00e9voil\u00e9es : soumettre l'Etat et ses rouages pour en faire un outil d'enrichissement familial et clanique.\" http-equiv=\"Content-Type\"\/><\/head><body><body><\/p>\n<p align=\"center\" dir=\"ltr\"><font face=\"Arial\" size=\"2\"><b><a href=\"https:\/\/tunisnews.net\/ar\/\"><span>Home<\/span><span lang=\"FR-CH\"> &#8211; Accuei<\/span><\/a><span lang=\"FR-CH\">l<\/span><\/b><\/font><\/p>\n<p><span lang=\"FR\"><\/p>\n<div><font face=\"Arial\" size=\"2\"><\/p>\n<div>\n<div>\n<div>\n<div><\/div>\n<div align=\"center\"><strong><font size=\"7\">TUNISNEWS <\/font><\/strong><\/div>\n<div align=\"center\" dir=\"ltr\"><font><\/p>\n<div><strong>9\u00a0\u00e8me ann\u00e9e, <span lang=\"FR\">N\u00b0\u00a03305 du 10.06.2009<\/span><\/strong><\/div>\n<p><\/font><\/div>\n<div align=\"center\"><span><font><strong><font>\u00a0archives<\/font> : <\/strong><\/font><a target=\"_blank\" rel=\"noopener\"><font><strong>www.tunisnews.net<\/strong><\/font><\/a><\/span><font>\u00a0<\/font>\u00a0 <\/div>\n<div><strong><\/p>\n<hr\/>\n<p><\/strong><\/div>\n<\/div>\n<\/div>\n<\/div>\n<div>\n<div><strong><\/p>\n<p><font>Touansa Responsables: APPEL AU PRESIDENT CANDIDAT ZINE EL ABIDINE BEN ALI <font>AFP: 76 syndicalistes assassin\u00e9s en 2008, moins qu&rsquo;en 2007<\/font> AFP: FAO &#8211; accords pour la conservation et la partage des g\u00e8nes de l&rsquo;alimentation <font>Les Amis d\u2019Attariq: Pourquoi la candidature d\u2019Ahmed Brahim d\u00e9range-t-elle autant ?<\/font> Mohamed Ettounsi: Les tribulations d\u2019un citoyen qui ne voulait pas voter RCD en 2004 <font>AFP: Arriv\u00e9e du colonel Kadhafi en Italie pour une visite \u00ab\u00a0historique\u00a0\u00bb<\/font> Le Parisien: Italie: Berlusconi se met en quatre pour Kadhafi <font>FRI: Kadhafi vient solder les comptes<\/font> Reuters: INTERVIEW-Moroccan king&rsquo;s backers vow more pressure on government <\/font><\/p>\n<p><font>AFP: Isra\u00ebl: l&rsquo;\u00e9dition de mercredi du quotidien Haaretz r\u00e9dig\u00e9e par des \u00e9crivains<\/font><\/strong><\/div>\n<div>\n<hr\/>\n<\/div>\n<div>\n<div align=\"center\"><b><span lang=\"FR\">Liste actualis\u00e9e des signataires de l&rsquo;initiative du Droit de Retour : <\/span><span lang=\"FR\"><font><a>http:\/\/www.manfiyoun.net\/fr\/listfr.html<\/a><\/font><\/span><\/b><span lang=\"FR\"> <strong>Celles et Ceux qui veulent signer cet appel sont invit\u00e9s \u00e0 envoyer leur: Nom, Pays de r\u00e9sidence et Ann\u00e9e de sortie de la Tunisie sur le m\u00e9l de l&rsquo;initiative : <\/strong><a href=\"mailto:manfiyoun@gmail.com\"><font><strong>manfiyoun@gmail.com<\/strong><\/font><\/a><\/span> <\/div>\n<\/div>\n<\/div>\n<p><\/font><\/div>\n<div>\u00a0<\/div>\n<div>\n<hr\/>\n<\/div>\n<p><span lang=\"FR\"><font><\/p>\n<h2 align=\"center\" style=\"color: red;\"><span lang=\"FR\"><font size=\"4\">APPEL AU PRESIDENT CANDIDAT ZINE EL ABIDINE BEN ALI<\/font><\/span><\/h2>\n<p><i><span lang=\"FR-CH\"><font>\u00ab\u00a0Il n&rsquo;est pas de tyran au monde qui aime la v\u00e9rit\u00e9; la v\u00e9rit\u00e9 n&rsquo;ob\u00e9it pas\u00a0\u00bb<\/font><\/span><\/i><\/p>\n<p><i><span lang=\"FR-CH\"><font>Alain.<\/font><\/span><\/i><\/p>\n<p>\u00a0<\/p>\n<p><span lang=\"FR-CH\">Monsieur le \u00ab\u00a0Pr\u00e9sident\u00a0\u00bb<\/span><\/p>\n<p><span lang=\"FR-CH\">Il arrive que certains de nos compatriotes se lamentent sur l&rsquo;homme d&rsquo;Etat que vous auriez pu \u00eatre. A l&rsquo;instar de votre pr\u00e9d\u00e9cesseur l&rsquo;Histoire aurait pu vous juger comme un honorable Pr\u00e9sident. Malheureusement pour la Tunisie, d\u00e8s les premi\u00e8res semaines de votre prise de pouvoir vos agissements ont donn\u00e9 le ton et laiss\u00e9 entrevoir le sort que vous alliez r\u00e9server \u00e0 ce qui ressemblait encore \u00e0 des\u00a0 institutions et \u00e0 une l\u00e9galit\u00e9 constitutionnelle et r\u00e9publicaine. Le rouleau compresseur auquel vous avez soumis l&rsquo;opposition pourtant conciliante pour ne pas dire bienveillante a achev\u00e9 de convaincre les tunisiens de la r\u00e9alit\u00e9 de vos intentions et de la nature de vos projets. En fait vos intentions vous les avez t\u00f4t d\u00e9voil\u00e9es : soumettre l&rsquo;Etat et ses rouages pour en faire un outil d&rsquo;enrichissement familial et clanique.<\/span><\/p>\n<p><span lang=\"FR-CH\">Au lieu de vous tenir \u00e0 l&rsquo;\u00e9cart des affaires et des magouilles vous en \u00eates devenu le principal ordonnateur et orchestrateur. Assoiff\u00e9 de lucre vous vous y \u00eates plong\u00e9 t\u00eate baiss\u00e9e en vous associant et en prot\u00e9geant les membres de votre clan tout lit confondu. On a vu et h\u00e9las on continue de voir que la vie \u00e9conomique repose sur l&rsquo;affairisme vorace de vos prot\u00e9g\u00e9s et vos oblig\u00e9s les Ben Ali, Trabelsi, Chiboub, Zarrouk, Mabrouk et last but not least Materi escort\u00e9s de leurs hommes de main et de leurs complices \u00e9rig\u00e9s par vos soins en v\u00e9ritable pouvoir ex\u00e9cutif parall\u00e8le et occulte. <\/span><\/p>\n<p><span lang=\"FR-CH\">Ce mar\u00e9cage r\u00e9sonne de sordides bruissements d&rsquo;alc\u00f4ves entre Tunis, Paris et Stockholm comme l&rsquo;atteste l&rsquo;\u00e9pisode peu glorieux du petit flic Larbi Khayat et qui corrobore une v\u00e9rit\u00e9 de plus en plus incontournable aux yeux des Tunisiens, selon laquelle nonobstant votre \u00ab\u00a0surpouvoir\u00a0\u00bb de fa\u00e7ade vous n&rsquo;en \u00eates pas moins l&rsquo;otage du gang Trabelsi. En effet tout indique qu&rsquo;ils vous tiennent, vous n&rsquo;avez qu&rsquo;\u00e0 leur ob\u00e9ir.<\/span><\/p>\n<p><span lang=\"FR-CH\">C&rsquo;est dans ce d\u00e9cor et avec ces m\u00eames personnages que vous vous appr\u00eatez \u00e0 berner les tunisiens pour la cinqui\u00e8me fois.<\/span><\/p>\n<p><span lang=\"FR-CH\">Soyez convaincu; Monsieur le Pr\u00e9sident, que l&rsquo;\u00e9crasante majorit\u00e9 de nos concitoyens toute g\u00e9n\u00e9ration confondue riches ou pauvres, instruits ou illettr\u00e9s\u00a0\u00a0 vous m\u00e9prise contrairement \u00e0 ce que vous chantent vos courtisans.\u00a0 Bien s\u00fbr que vous serez \u00ab\u00a0\u00e9lu\u00a0\u00bb avec plus de 96%<\/span><\/p>\n<p><span lang=\"FR-CH\">des votants, score caract\u00e9ristique des despotes sous-d\u00e9velopp\u00e9s. Quel que soit l&rsquo;ampleur\u00a0 du bourrage d&rsquo;urnes\u00a0 cela ne fera de toute mani\u00e8re qu&rsquo;accentuer le m\u00e9pris que les Tunisiens\u00a0 ressentent \u00e0 votre \u00e9gard. Ils sont convaincus que de toute mani\u00e8re le pillage, l&rsquo;enrichissement obsc\u00e8ne, la r\u00e9pression, l&rsquo;atteinte \u00e0 la dignit\u00e9 des citoyens se poursuivront selon les m\u00eames m\u00e9thodes et au m\u00eame rythme effr\u00e9n\u00e9.<\/span><\/p>\n<p><span lang=\"FR-CH\">Cependant et vous ne le savez peut-\u00eatre pas\u00a0 <b>TOUT\u00a0 A UNE FIN<\/b> et il faudra bien se rendre \u00e0 l&rsquo;\u00e9vidence que le <b>DESTIN FINIT TOUJOURS PAR S&rsquo;ACCOMPLIR<\/b> et qu&rsquo;il faudra bien un jour ou l&rsquo;autre rendre le tablier ou plut\u00f4t la table des comptes. Il se raconte qu&rsquo;il vous arrive d&rsquo;y penser dans de brefs moments de lucidit\u00e9. On vous pr\u00eate m\u00eame l&rsquo;id\u00e9e de pr\u00e9parer un \u00ab\u00a0Gendre\u00a0\u00bb celui qui depuis quelques temps d\u00e9fraye la chronique autant par son hyperactivit\u00e9 que par sa boulimie affairiste. Selon certaines th\u00e8ses, de tous les requins pr\u00e9tendants\u00a0 ce \u00ab\u00a0Jouvenceau Gomin\u00e9\u00a0\u00bb offrirait l&rsquo;avantage d&rsquo;un profil \u00ab\u00a0consensuel\u00a0\u00bb et pourquoi pas \u00ab\u00a0rassembleur\u00a0\u00bb et donc\u00a0 le plus \u00e0 m\u00eame de sauvegarder le butin et de pr\u00e9venir les \u00e9ventuels r\u00e8glements de compte entre les clans rivaux. <\/span><\/p>\n<p><span lang=\"FR-CH\">Sachez, Monsieur le Pr\u00e9sident, que si c&rsquo;est bien l\u00e0 votre option elle risque de se r\u00e9v\u00e9ler un fiasco retentissant. Rappelez-vous ce dialogue sous les remparts\u00a0 de Kairouan entre Ali Pacha et son oncle Hussein Ben Ali le fondateur de la dynastie qu&rsquo;il s&rsquo;appr\u00eatait \u00e0 tuer :<\/span><\/p>\n<p><span lang=\"FR-CH\">&#8211;<span>\u00a0\u00a0\u00a0\u00a0\u00a0\u00a0\u00a0\u00a0\u00a0<\/span><\/span><span lang=\"FR-CH\">\u00a0\u00bb Ali Tu veux me tuer alors que je suis ton oncle. Tu as \u00e9t\u00e9 circoncis sur mes genoux\u00a0\u00bb<\/span><\/p>\n<p><span lang=\"FR-CH\">&#8211;<span>\u00a0\u00a0\u00a0\u00a0\u00a0\u00a0\u00a0\u00a0\u00a0<\/span><\/span><span lang=\"FR-CH\">\u00a0\u00bb Je sais mon Oncle mais le pouvoir est st\u00e9rile\u00a0\u00bb.<\/span><\/p>\n<p><span lang=\"FR-CH\">Non seulement il est st\u00e9rile mais il n&rsquo;a ni c\u0153ur ni lien de sang\u2026<\/span><\/p>\n<p><span lang=\"FR-CH\">Imaginez Sakhr El Materi au pouvoir, conseill\u00e9 par ceux l\u00e0 m\u00eame qui vous flattent aujourd&rsquo;hui et probablement renforc\u00e9s par des \u00e9l\u00e9ments tout droit venus d&rsquo;un long exil londonien. Nous prenons le risque de soumettre \u00e0 votre m\u00e9ditation ce sc\u00e9nario d&rsquo;un massacre annonc\u00e9.<\/span><\/p>\n<p>1.<span>\u00a0\u00a0\u00a0\u00a0\u00a0\u00a0<\/span><span lang=\"FR-CH\">Il divorce de votre fille Nesrine illico presto pour convoler avec une Beldia aux normes de Radio Zitouna. Les ant\u00e9c\u00e9dents historiques sont trop vivaces dans la m\u00e9moire collective pour ne pas y penser.<\/span>Bourguiba l&rsquo;a fait. Vous l&rsquo;avez fait;<\/p>\n<p><i><span lang=\"FR-CH\">(question de b\u00e9gaiement de l\u2019histoire\u2026)<\/span><\/i><span lang=\"FR-CH\">\u00a0;<\/span><\/p>\n<p><span lang=\"FR-CH\">2.<span>\u00a0\u00a0\u00a0\u00a0\u00a0\u00a0<\/span>Il fera abroger \u00e0 l&rsquo;unanimit\u00e9 les textes que vous avez eu la prudence (ou l&rsquo;imprudence) de promulguer pour garantir aux v\u00f4tres impunit\u00e9 et privil\u00e8ges. Parions que ce sera fait par ces m\u00eames d\u00e9put\u00e9s que vous avez d\u00e9sign\u00e9s vous-m\u00eame<i>(question de principe et de bonne gouvernance\u00a0!!!\u2026);<\/i><\/span><\/p>\n<p><span lang=\"FR-CH\">3.<span>\u00a0\u00a0\u00a0\u00a0\u00a0\u00a0<\/span>Il d\u00e9pouillera toute votre prog\u00e9niture\u00a0 vos 5 filles, Mohammed Zine El Abidine sa m\u00e8re Leila\u00a0 ainsi que tous les membres de vos clans de la totalit\u00e9 de ce qui \u00e9t\u00e9 accumul\u00e9 pendant les deux glorieuses d\u00e9cennies\u00a0: populisme oblige;<\/span><\/p>\n<p><i><span lang=\"FR-CH\">(question de justice et de restitution de biens mal acquis\u00a0!!!\u2026)<\/span><\/i><\/p>\n<p><span lang=\"FR-CH\">4.<span>\u00a0\u00a0\u00a0\u00a0\u00a0\u00a0<\/span>Il \u00e9vacuera par tous les moyens l\u00e9gaux et ill\u00e9gaux que vous avez vous-m\u00eame utilis\u00e9s tous les associ\u00e9s de \u00ab\u00a0Groupe Princesse\u00a0\u00bb dont votre fils et les traduira probablement en justice\u00a0;<\/span><\/p>\n<p><i><span lang=\"FR-CH\">(question de voracit\u00e9 et de cupidit\u00e9\u2026)\u00a0;<\/span><\/i><\/p>\n<p>5.<span>\u00a0\u00a0\u00a0\u00a0\u00a0\u00a0<\/span><span lang=\"FR-CH\">Il traduira en justice \u00e9galement Leila Trabelsi et les membres de sa famille pour se dissocier d\u00e9finitivement d\u2019une famille synonyme de kleptocratie honnie par la population. Il fera instruire les dossiers d\u2019accusation par les actuels Ministres de l\u2019Int\u00e9rieur et de la Justice s\u2019ils sont encore en postes, ou par leurs successeurs. <\/span>Ne vous faites aucun souci \u00e0 ce sujet\u00a0;<\/p>\n<p><i><span lang=\"FR-CH\">(Question de pi\u00e9t\u00e9 et de r\u00e9f\u00e9rence \u00e0 la Chari\u00e2a\u00a0!!!\u2026)<\/span><\/i><\/p>\n<p><span lang=\"FR-CH\">Cette hypoth\u00e8se de Sakhr El Mareri successeur et du jeu de massacre qui s\u2019en suivra ne d\u00e9plaira pas outre mesure \u00e0 l\u2019ensemble des tunisiens. Leur crainte serait la r\u00e9gression\u00a0 que leur imposera ce petit Salafiste new look aussi ambitieux que press\u00e9 .<\/span><\/p>\n<p><span lang=\"FR-CH\">Monsieur le \u00ab\u00a0Pr\u00e9sident\u00a0\u00bb,<\/span><\/p>\n<p><span lang=\"FR-CH\">Il est \u00e9tabli et l\u2019histoire l\u2019a toujours prouv\u00e9 qu\u2019un f\u00e9lon fils de f\u00e9lon ne tient jamais ses promesses encore moins ses engagements. Pour vous dire que vous n\u2019\u00eates pas sorti de l\u2019auberge. Vous vous \u00eates pi\u00e9g\u00e9s vous-m\u00eame. Il vous reste une seule voie de sortie, empruntez-la.<\/span><\/p>\n<p><span lang=\"FR-CH\">Quittez le pouvoir \u00e0 la fin de votre mandat. Exilez-vous loin, tr\u00e8s loin . Profitez d\u2019un peu de qui\u00e9tude durant les ann\u00e9es qui vous restent \u00e0 vivre.\u00a0 Sauvez votre famille avant que le pi\u00e8ge \u00e0 rats \u00abSakhr El Materi\u00a0\u00bb ne se referme\u00a0sur eux.<\/span><\/p>\n<p><b><span>Touansa Responsables <\/span><\/b><\/p>\n<hr\/>\n<p><\/font><\/span><\/p>\n<p>\u00a0<\/p>\n<div align=\"center\"><strong><font>Mouvement ETTAJDID-France\u00a0\u00a0\u00a0\u00a0 \u00a0Association ATIF <\/font>\u00a0 <font size=\"3\">Invitation<\/font> <\/strong>\u00a0<\/div>\n<div align=\"justify\">Le Mouvement ETTAJDID et l\u2019association ATIF, ont le plaisir de vous inviter \u00e0 assister \u00e0 la r\u00e9union publique avec Monsieur<strong><font> Ahmed BRAHIM,<\/font><\/strong> Premier Secr\u00e9taire du mouvement ETTAJDID et candidat de l\u2019initiative nationale pour la D\u00e9mocratie et le progr\u00e8s aux \u00e9lections pr\u00e9sidentielles d\u2019octobre 2009 en Tunisie. <strong><font>Le 20 juin 2009 \u00e0 partir de 14h30 <\/font><\/strong>\u00a0 <strong><font>A la mission locale \u2013 salle Galil\u00e9e, 1 rue Noyer Lambert, 91300 Massy<\/font><\/strong> (en face du centre omnisport\u00a0 derri\u00e8re l\u2019Op\u00e9ra de Massy \u2013 Grand ensemble), \u00a0 De la Porte d\u2019Orl\u00e9ans (Bus 197 terminus) RER B, (station les Bacconnets, puis Bus 119, station Place de France)  De la gare Massy Palaiseau (Bus 319, station Place de France)<\/div>\n<div align=\"justify\">\n<hr\/>\n<\/div>\n<p align=\"center\"><b><i><span>La FTCR et FILIGRANNE<\/span><\/i><\/b><\/p>\n<p align=\"center\"><b><span>\u00a0vous invitent<\/span><\/b><\/p>\n<p align=\"center\"><b><span>Lectures crois\u00e9es de l\u2019ouvrage de Gilbert NACCACHE<\/span><\/b><\/p>\n<p align=\"center\"><b><span>\u00ab\u00a0Qu\u2019as-tu fait de ta jeunesse\u00a0 ?<\/span><\/b><\/p>\n<p align=\"center\"><b><span lang=\"EN-GB\">Itin\u00e9raire d\u2019un opposant au r\u00e9gime de Bourguiba<\/span><\/b><\/p>\n<p align=\"center\"><b><span>Suivi de r\u00e9cit de prison (1954 &#8211; 1979)\u00a0\u00bb<\/span><\/b><\/p>\n<p align=\"center\"><b><span lang=\"EN-GB\">Commentaires et discussion des jeunes lecteurs <\/span><\/b><\/p>\n<p align=\"center\"><b><span>En pr\u00e9sence de l\u2019auteur<\/span><\/b><\/p>\n<p align=\"center\"><b><span>Le samedi 13 Juin \u00e0 15 h au local de la FTCR<\/span><\/b><\/p>\n<p align=\"center\">\u00a0FTCR<span lang=\"EN-GB\"> \/\u00a0 T\u00e9l\u00a0:<span>01.46.07.54.04<\/span> &#8211; Fax\u00a0:<span>01.40.34.18.15<\/span> \u2013 E-mail\u00a0<span>: ftcr2@wanadoo.fr<\/span> \u2013 <span>www.ftcr.eu<\/span>\u00a0\u00a0\u00a0<\/span><\/p>\n<div>\n<hr\/>\n<\/div>\n<p><\/span><\/p>\n<div><font face=\"Arial\" size=\"2\"><\/p>\n<h3 align=\"center\" style=\"color: blue;\"><span lang=\"FR\">76 syndicalistes assassin\u00e9s en 2008, moins qu&rsquo;en 2007<\/span><\/h3>\n<h3 style=\"color: blue;\"><span lang=\"FR-CH\"><font>AFP, le 10 juin 2009 \u00e0 12h13<\/font><\/span><\/h3>\n<p><font><span lang=\"FR\">PARIS <\/span><span lang=\"FR\">| Soixante-seize syndicalistes ont \u00e9t\u00e9 assassin\u00e9s en raison de leurs actions de d\u00e9fense des droits des travailleurs en 2008, et \u00ab\u00a0des milliers de licenciements et d&rsquo;arrestations\u00a0\u00bb ont eu lieu, selon le rapport annuel de la Conf\u00e9d\u00e9ration syndicale internationale (CSI) publi\u00e9 mercredi.<\/span><\/font><\/p>\n<p><span lang=\"FR\"><font>Le nombre d&rsquo;assassinats de syndicalistes est en baisse par rapport \u00e0 2007, lorsque la CSI, dont le rapport sur la violation des droits syndicats porte sur 143 pays, avait recens\u00e9 91 assassinats.<\/font><\/span><\/p>\n<p><span lang=\"FR\"><font>Toutefois, en Colombie, connue pour \u00eatre le pays le plus dangereux pour les syndicalistes, ce nombre a augment\u00e9, avec 49 assassinats, soit dix de plus qu&rsquo;en 2007 et ce \u00ab\u00a0malgr\u00e9 les assurances d?am\u00e9lioration de la situation donn\u00e9es par le gouvernement du pr\u00e9sident colombien Alvaro Uribe\u00a0\u00bb, souligne le document.<\/font><\/span><\/p>\n<p><span lang=\"FR\"><font>Selon la CSI, la situation s&rsquo;est d&rsquo;autre part aggrav\u00e9e au Guatemala \u00ab\u00a0au cours des derni\u00e8res ann\u00e9es\u00a0\u00bb, y compris en 2007 (9 syndicalistes assassin\u00e9s).<\/font><\/span><\/p>\n<p><span lang=\"FR\"><font>Quatre syndicalistes ont \u00e9t\u00e9 assassin\u00e9s aux Philippines ainsi qu&rsquo;au Venezuela, trois au Honduras, deux au N\u00e9pal. Au Zimbabwe (un assassinat), le r\u00e9gime de Mugabe \u00ab\u00a0a poursuivi son r\u00e8gne de la terreur \u00e0 l&rsquo;encontre du mouvement syndical du pays\u00a0\u00bb, affirme le rapport.<\/font><\/span><\/p>\n<p><span lang=\"FR\"><font>\u00ab\u00a0Dans bien des cas, les gouvernements ont \u00e9t\u00e9 directement ou indirectement impliqu\u00e9s\u00a0\u00bb dans ces assassinats\u00a0\u00bb, relate la CSI.<\/font><\/span><\/p>\n<p><span lang=\"FR\"><strong>Le document pointe aussi \u00ab\u00a0cent cas d&rsquo;agressions physiques dans 25 pays\u00a0\u00bb et \u00ab\u00a0des centaines d&rsquo;arrestations\u00a0\u00bb. \u00ab\u00a0Dans au moins neuf pays (Birmanie, Burundi, Chine, Cuba, Iran, Cor\u00e9e du Sud, Tunisie, Turquie et Zimbabwe), les gouvernements ont \u00e9t\u00e9 responsables de l&#8217;emprisonnement de syndicalistes en raison de leurs activit\u00e9s l\u00e9gitimes\u00a0\u00bb.<\/strong><\/span><\/p>\n<p><span lang=\"FR\"><font>D&rsquo;autre part, \u00ab\u00a0quelque 7.500 cas de licenciement de travailleurs\/euses impliqu\u00e9s dans des activit\u00e9s syndicales ont \u00e9t\u00e9 enregistr\u00e9s dans 68 pays au total, dont 20 pays rien qu&rsquo;en Afrique\u00a0\u00bb, rapporte la CSI qui ne voit l\u00e0 que \u00ab\u00a0la partie visible de l?iceberg\u00a0\u00bb.<\/font><\/span><\/p>\n<p><span lang=\"FR\"><font>La Conf\u00e9d\u00e9ration s&rsquo;inqui\u00e8te particuli\u00e8rement de la situation en Turquie, \u00ab\u00a0qui d\u00e9tient le record du plus grand nombre de licenciements\u00a0\u00bb connus de syndicalistes (\u00ab\u00a0plus de 2.000\u00a0\u00bb). Vient ensuite l&rsquo;Indon\u00e9sie (600 cas). \u00ab\u00a0Des centaines\u00a0\u00bb de cas ont \u00e9galement \u00e9t\u00e9 r\u00e9p\u00e9rtori\u00e9s au Malawi, au Pakistan, en Tanzanie et en Argentine.<\/font><\/span><\/p>\n<p><span lang=\"FR\"><font>Aux \u00c9tats-Unis, \u00ab\u00a0les employeurs violent syst\u00e9matiquement la l\u00e9gislation, en licenciant des dizaines de milliers de travailleurs\/euses en raison de leurs activit\u00e9s syndicales\u00a0\u00bb, s&rsquo;alarme la CSI, et \u00ab\u00a0le d\u00e9mant\u00e8lement des syndicats constitue une industrie dont le chiffre d?affaires est estim\u00e9 \u00e0 plusieurs milliards de dollars\u00a0\u00bb.<\/font><\/span><\/p>\n<p><span lang=\"FR\"><font>En Europe, le rapport signale \u00ab\u00a0une intense ing\u00e9rence du gouvernement dans les affaires syndicales au Belarus, durant la majeure partie de l&rsquo;ann\u00e9e\u00a0\u00bb. \u00ab\u00a0De nombreux militants ont perdu leur emploi pour avoir men\u00e9 des activit\u00e9s syndicales en G\u00e9orgie, Russie, Ukraine ainsi qu&rsquo;en Suisse et Royaume uni\u00a0\u00bb.<\/font><\/span><\/p>\n<p><span lang=\"FR\"><font>En Chine, la r\u00e9pression anti-syndicale se poursuit et \u00ab\u00a0un nombre tr\u00e8s important de gr\u00e8ves, souvent r\u00e9prim\u00e9es par les autorit\u00e9s locales, continuent d&rsquo;avoir lieu\u00a0\u00bb.<\/font><\/span><\/p>\n<p><span lang=\"FR\"><font>Le rapport juge aussi \u00ab\u00a0pr\u00e9occupante\u00a0\u00bb la situation des salari\u00e9es et des travailleurs migrants au Moyen-Orient et dans les Etats du Golfe.<\/font><\/span><\/p>\n<p><span lang=\"FR\"><font>Il se r\u00e9jouit en revanche des avanc\u00e9es au Burkina Faso, au Kenya et au Mozambique, \u00ab\u00a0\u00e0 la suite de l&rsquo;adoption d&rsquo;une nouvelle l\u00e9gislation qui reconna\u00eet et autorise la syndicalisation, tandis qu&rsquo;aux Maldives, la nouvelle Constitution du pays garantit la libert\u00e9 syndicale et le droit de gr\u00e8ve\u00a0\u00bb.<\/font><\/span><\/p>\n<p><\/font><\/div>\n<div>\n<hr\/>\n<\/div>\n<div><font face=\"Arial\" size=\"2\">\u00a0 <\/p>\n<p align=\"center\"><b><span lang=\"FR-CH\"><\/p>\n<h2 style=\"color: red;\"><font size=\"3\">FAO: accords pour la conservation et la partage des g\u00e8nes de l&rsquo;alimentation<\/font><\/h2>\n<p><\/span><\/b><\/p>\n<p align=\"justify\"><span lang=\"FR-CH\">AFP, le 6 juin 2009 \u00e0 18h51<\/span><\/p>\n<p><\/font><font face=\"Arial\" size=\"2\"><span lang=\"FR\"><\/p>\n<p align=\"justify\"><span lang=\"FR-CH\">TUNIS, 6 juin 2009 (AFP) &#8211; Un premier accord de financement de 116 millions de dollars pour la conservation des g\u00e8nes v\u00e9g\u00e9taux par les paysans et leur partage \u00e0 l&rsquo;\u00e9chelle internationale a \u00e9t\u00e9 conclu au cours d&rsquo;une r\u00e9union de l&rsquo;agence de l&rsquo;ONU pour l&rsquo;alimentation et l&rsquo;agriculture (FAO) en Tunisie.<\/span><\/p>\n<p align=\"justify\">Un financement de 116 millions de dollars a \u00e9t\u00e9 engag\u00e9, en pr\u00e9sence de 120 d\u00e9l\u00e9gu\u00e9s et experts r\u00e9unis du 1er au 5 juin \u00e0 Tunis, pour promouvoir le \u00ab\u00a0Trait\u00e9 international sur les ressources phytog\u00e9n\u00e9tiques\u00a0\u00bb \u00e0 l&rsquo;initiative de la FAO.<\/p>\n<p align=\"justify\">Les experts se sont \u00e9galement mis d&rsquo;accord sur des proc\u00e9dures d&rsquo;\u00e9change des ressources g\u00e9n\u00e9tiques et sur les modalit\u00e9s de partage de b\u00e9n\u00e9fices entre les 121 pays signataires.<\/p>\n<p align=\"justify\">Premi\u00e8re concr\u00e9tisation du trait\u00e9, ces accords visent \u00e0 \u00ab\u00a0produire plus et mieux\u00a0\u00bb pour la population mondiale, par une utilisation durable du patrimoine g\u00e9n\u00e9tique menac\u00e9 par le changement climatique et les maladies.<\/p>\n<p align=\"justify\">Le trait\u00e9 pr\u00e9sent\u00e9 comme un instrument de lutte contre la faim et la pauvret\u00e9 est entr\u00e9 en vigueur en 2004 sans devenir op\u00e9rationnel, faute de financements.<\/p>\n<p align=\"justify\">\u00ab\u00a0On vient de passer \u00e0 l&rsquo;\u00e9tape d&rsquo;application du Trait\u00e9\u00a0\u00bb a indiqu\u00e9 samedi \u00e0 l&rsquo;AFP Clive Stannard, expert fondateur du trait\u00e9.<\/p>\n<p align=\"justify\">Ce cadre multilat\u00e9ral offre un acc\u00e8s gratuit au mat\u00e9riel g\u00e9n\u00e9tique de 60 esp\u00e8ces cultiv\u00e9es qui assurent 80% de la nourriture des hommes et instaure le partage des revenus qui en d\u00e9coulent.<\/p>\n<p align=\"justify\">A partir des ressources g\u00e9n\u00e9tiques partag\u00e9es, les producteurs de semences peuvent d\u00e9sormais commercialiser et faire breveter des vari\u00e9t\u00e9s nouvelles ou am\u00e9lior\u00e9es. En contrepartie, ils reverseront 1,5% environ de leurs revenus aux paysans pour la conservation des g\u00e8nes \u00ab\u00a0in situ\u00a0\u00bb, au niveau de la ferme.<\/p>\n<p align=\"justify\">\u00ab\u00a0La nourriture que nous consommons est le r\u00e9sultat du savoir-faire ancestral des paysans, on doit le reconna\u00eetre et avoir conscience du fait que le contenu du panier alimentaire perd tous les jours\u00a0\u00bb, a ajout\u00e9 M. Stannard, \u00e9voquant les les effets dramatiques du r\u00e9chauffement climatique.<\/p>\n<p align=\"justify\">Pour la premi\u00e8re fois, les paysans des pays pauvres pourront pr\u00e9tendre \u00e0 des avantages financiers pour avoir conserv\u00e9 et diffus\u00e9 des vari\u00e9t\u00e9s dont d\u00e9pend la nourriture des g\u00e9n\u00e9rations futures.<\/p>\n<p align=\"justify\">Onze pays du sud ont re\u00e7u un financement pour des projets destin\u00e9s \u00e0 prot\u00e9ger le patrimoine g\u00e9n\u00e9tique et produire des \u00ab\u00a0vari\u00e9t\u00e9s plus r\u00e9sistantes au stress climatique et aux maladies\u00a0\u00bb, a dit Mohammed Kharrat, chercheur tunisien, \u00e9lu repr\u00e9sentant de l&rsquo;Afrique dans l&rsquo;instance ex\u00e9cutive du Trait\u00e9.<\/p>\n<p align=\"justify\">Orange d&rsquo;Egypte ou pomme de terre du P\u00e9rou, les projets situ\u00e9s en Afrique, Asie et Am\u00e9rique latine permettraient de \u00ab\u00a0nourrir deux milliards de bouches suppl\u00e9mentaires d&rsquo;ici 2050\u00a0\u00bb, selon une experte de la FAO.<\/p>\n<p align=\"justify\">Au Maroc, il s&rsquo;agira de lutter contre la maladie dite \u00ab\u00a0UG 99\u00a0\u00bb qui menace 90% des vari\u00e9t\u00e9s de bl\u00e9 dans le monde, selon les experts.<\/p>\n<p align=\"justify\">La Norv\u00e8ge, l&rsquo;Italie, l&rsquo;Espagne et la Suisse ont \u00e9t\u00e9 les premiers bailleurs des fonds pour le lancement du syst\u00e8me de partage des b\u00e9n\u00e9fices.<\/p>\n<p align=\"justify\">Les discussions ont connu \u00ab\u00a0un marchandage serr\u00e9\u00a0\u00bb entre les pays du sud conduits par le Br\u00e9sil, et les Etats industrialis\u00e9s, sur la mise en commun de patrimoine g\u00e9n\u00e9tique, le financement et la bonne gouvernance, selon une source proche de la r\u00e9union.<\/p>\n<p align=\"justify\">\u00ab\u00a0Il ne s&rsquo;agit pas de g\u00e9n\u00e9rosit\u00e9, c&rsquo;est une affaire d&rsquo;int\u00e9r\u00eats bien compris\u00a0\u00bb a lanc\u00e9 aux d\u00e9l\u00e9gu\u00e9s Jos\u00e9 Esquinas (Espagne).<\/p>\n<p align=\"justify\">\u00ab\u00a0Technologie et compensation pour les pauvres, ressources g\u00e9n\u00e9tiques pour le monde industrialis\u00e9: c&rsquo;est une question de s\u00e9curit\u00e9 nationale\u00a0\u00bb, a-t-il insist\u00e9.<\/p>\n<p align=\"justify\">De milliers d&rsquo;esp\u00e8ces cultiv\u00e9es autrefois, il ne resterait plus que 150 plantes pour nourrir l&rsquo;humanit\u00e9. Une douzaine de plantes, dont le riz, le bl\u00e9, le ma\u00efs et la pomme de terre, assurent 80% des apports \u00e9nerg\u00e9tiques d&rsquo;origine v\u00e9g\u00e9tale, selon la FAO.<\/p>\n<p><\/span><\/font><span lang=\"FR\"><\/span><\/div>\n<p><span lang=\"FR\"><\/p>\n<div>\n<hr\/>\n<\/div>\n<div><font face=\"Arial\" size=\"2\"><span lang=\"FR\"><\/p>\n<h2 align=\"center\" style=\"color: red;\"><span lang=\"FR\">Tunisie : Remaniement minist\u00e9riel partiel<\/span><\/h2>\n<p><\/span><span lang=\"FR\"><\/p>\n<p><span><span lang=\"FR\">Le Pr\u00e9sident Zine El Abidine Ben Ali a re\u00e7u, mercredi 10 juin 2009, M. Mohamed Ghannouchi qui a annonc\u00e9 que le Chef de l\u2019Etat a d\u00e9cid\u00e9 d\u2019op\u00e9rer un remaniement minist\u00e9riel partiel, en vertu duquel, il a nomm\u00e9 M. Ridha Ben Mosbah, ministre du Commerce et de l\u2019Artisanat.<\/span><\/span><\/p>\n<p><\/span><span lang=\"FR\"><span lang=\"FR\"> <\/span><\/span><span lang=\"FR\"><span><span lang=\"FR\">Il a, \u00e9galement, d\u00e9cid\u00e9 de nommer M. Ridha Touiti, ministre d\u00e9l\u00e9gu\u00e9 aupr\u00e8s du Premier ministre.<\/span><\/span><\/span><span lang=\"FR\"><\/p>\n<h3 style=\"color: blue;\"><font face=\"Verdana\"><span><span lang=\"FR\"><font>(<\/font><\/span><span lang=\"FR\">Source: \u00ab\u00a0Business News\u00a0\u00bb Le 10 juin 2009)<\/span><\/span><\/font><\/h3>\n<p><\/span><\/font><span lang=\"FR\"><span lang=\"FR\"><span lang=\"FR\"><\/span><\/span><\/span><\/div>\n<div>\n<hr\/>\n<\/div>\n<div><font face=\"Arial\" size=\"2\"><span lang=\"FR\"><span lang=\"FR\"><span lang=\"FR\"><\/p>\n<p align=\"center\"><span lang=\"FR-CH\"><strong><font>A la suite des attaques de M. Bsaiess et d\u2019autres.<\/font><\/strong><\/span><\/p>\n<p align=\"center\"><b><span lang=\"FR-CH\"><font size=\"3\">Pourquoi la candidature d\u2019Ahmed Brahim d\u00e9range-t-elle autant ?<\/font><\/span><\/b><\/p>\n<p><\/span><\/span><\/span><span lang=\"FR\"><\/p>\n<p><span lang=\"FR-CH\">Dans une chronique intitul\u00e9e Non aux pleurnicheries, oui au travail !, M. Bsaiess, brillant chroniqueur \u00e0 Assabah et habile avocat, sur des cha\u00eenes satellitaires arabes, de causes assez d\u00e9licates, s\u2019est attel\u00e9 \u00e0 discr\u00e9diter la d\u00e9marche du candidat aux pr\u00e9sidentielles, M. Ahmed Brahim et, accessoirement, \u00e0 s\u2019en moquer, en ironisant \u00e0 son propos. Comme le montre le titre de sa chronique, il invite le candidat \u00e0 cesser de \u00abse plaindre\u00bb des conditions in\u00e9quitables de la bataille \u00e9lectorale, surtout concernant l\u2019acc\u00e8s aux m\u00e9dias nationaux, et \u00e0 \u00abtravailler plus\u00bb pour renforcer son parti et l\u2019opposition en g\u00e9n\u00e9ral. C\u2019est son droit le plus absolu et c\u2019est, \u00e0 la limite, de bonne guerre. Sauf que, cette fois, M. Bsaiess n\u2019est pas aussi convaincant que d\u2019habitude. Car, les arguments qu\u2019il nous sert pour \u00e9tayer sa th\u00e8se sont faibles, pour ne pas dire irrecevables.<\/span><\/p>\n<p><span lang=\"FR-CH\">Ainsi, \u00e0 le croire, M. Brahim n\u2019a pas le droit d\u2019acc\u00e9der \u00e0 la t\u00e9l\u00e9vision et \u00e0 la radio nationales, cela n\u2019\u00e9tant possible que durant les quinze jours de la campagne \u00e9lectorale officielle. Et ce, contrairement au candidat sortant, dont les activit\u00e9s seraient couvertes \u00aben sa qualit\u00e9 de pr\u00e9sident de la r\u00e9publique\u00bb. Or, doit-on rappeler \u00e0 M. Bsaiess que les m\u00e9dias nationaux sont cens\u00e9s couvrir r\u00e9guli\u00e8rement les activit\u00e9s des partis de l\u2019opposition mais qu\u2019ils le font de mani\u00e8re extr\u00eamement s\u00e9lective en ne montrant que certains autres candidats aux pr\u00e9sidentielles \u2013 sans doute, moins g\u00eanants? C\u2019est toujours le m\u00eame argument qu\u2019il nous sort pour justifier l\u2019interdiction d\u2019accrocher une affiche de M. Brahim sur le balcon du local d\u2019Ettajdid. Il faut veiller, \u00e0 le lire, au respect de la loi. Ce ne sera possible que durant ces fameux quinze jours de campagne officielle. Or, il suffirait \u00e0 M. Bsaiess de faire un petit tour en ville pour voire des centaines d\u2019affiches du candidat Ben Ali, faisant clairement r\u00e9f\u00e9rence \u00e0 l\u2019\u00e9ch\u00e9ance \u00e9lectorale de 2009. Et il pourrait difficilement nous convaincre que la vocation de ces affiches, c\u2019est la couverture de l\u2019activit\u00e9 pr\u00e9sidentielle\u2026 !<\/span><\/p>\n<p><span lang=\"FR-CH\">En fait, ce qui pr\u00e9c\u00e8de montre bien que ce que M. Bsaiess appelle \u00abpleurnicher\u00bb, c\u2019est, au fond, le fait de revendiquer un traitement sur le m\u00eame pied d\u2019\u00e9galit\u00e9 de tous les candidats \u00e0 l\u2019\u00e9lection pr\u00e9sidentielle. C\u2019est l\u00e0 que g\u00eet le scandale, le p\u00e9ch\u00e9 originel, de la candidature d\u2019Ahmed Brahim et que d\u2019aucuns ne sont pas pr\u00eats \u00e0 accepter !! Car cela heurte profond\u00e9ment leur mentalit\u00e9 qui rejette le principe m\u00eame d\u2019une vraie comp\u00e9tition et qui n\u2019admet, en fin de compte, en guise de candidats, que de simples comparses dans une pi\u00e8ce \u00e0 la mise en sc\u00e8ne bien rod\u00e9e. Ainsi, cette petite mise au point, en apparence anodine, r\u00e9v\u00e8le, le fond du probl\u00e8me et l\u2019origine de la g\u00eane manifeste que suscite cette candidature \u2013 et M. Bsaiess a le m\u00e9rite de ne pas l\u2019\u00e9luder \u2013 il s\u2019agit clairement de son intention d\u2019assumer une candidature \u00abd\u2019\u00e9gal \u00e0 \u00e9gal\u00bb avec le candidat sortant.<\/span><\/p>\n<p><span lang=\"FR-CH\">Certes, notre chroniqueur a beau jeu d\u2019ironiser l\u00e0-dessus, en faisant mine de croire que, par cette expression, M. Brahim parlait d\u2019\u00e9galit\u00e9 dans les moyens mat\u00e9riels et humains. Non M. Bsaiess! Nous sommes particuli\u00e8rement bien plac\u00e9s pour savoir que le candidat de la Moubadara n\u2019a pas \u00e0 sa disposition les moyens de l\u2019administration, ni les bus de la TRANSTU (et les milliers de sandwichs destin\u00e9s \u00e0 rassasier leurs occupants enthousiastes, etc.). Non ! Il ne compte pas sur \u00ables masses de travailleurs et de paysans brandissant des drapeaux rouges\u00bb \u2013 la couleur de la Moubadara, au demeurant, c\u2019est le bleu et le discours de la gauche moderne que Ettajdid veut incarner ne ressemble pas \u00e0 celui, facile et dogmatique, des ann\u00e9es 60 et 70! En affirmant son intention d\u2019entrer avec le candidat du parti au pouvoir dans une comp\u00e9tition d\u2019\u00e9gal \u00e0 \u00e9gal, Ahmed Brahim dit aux Tunisiens qu\u2019il n\u2019entend nullement faire de la figuration ou, comme d\u2019autres, d\u00e9fendre une \u00abcandidature p\u00e9dagogique\u00bb ou encore \u00abse battre pour la deuxi\u00e8me place\u00bb. L\u2019expression D\u2019\u00e9gal \u00e0 \u00e9gal veut aussi dire que sa candidature est porteuse d\u2019un programme, pour les Tunisiens avides de changement, tout aussi respectable, sinon plus attrayant, que celui du statu quo et de l\u2019\u00e9ternel retour du m\u00eame.<\/span><\/p>\n<p><span lang=\"FR-CH\">Pour conclure, on peut dire qu\u2019il est clair que notre chroniqueur n\u2019est pas \u00e0 son aise cette fois. Sans doute, \u00e0 sa d\u00e9charge, est-il plus performant dans les figures libres que dans les figures impos\u00e9es\u2026 Toujours est-il que la r\u00e9cente multiplication des attaques contre Ahmed Brahim et sa volont\u00e9 de mener une comp\u00e9tition d\u2019\u00e9gal \u00e0 \u00e9gal avec le candidat officiel le r\u00e9v\u00e8le, paradoxalement, \u00e0 l\u2019opinion publique comme un candidat cr\u00e9dible et digne d\u2019int\u00e9r\u00eat. Puissent ces attaques continuer\u2026 De ce point de vue, elles sont les bienvenues !<\/span><\/p>\n<p><\/span><span lang=\"FR\"><\/p>\n<p><span lang=\"FR-CH\">Baccar Gherib<\/span><\/p>\n<p><b><span lang=\"FR-CH\"><font>(Source\u00a0: le blog \u00ab\u00a0Les Amis d\u2019Attariq\u00a0\u00bb, le 8 juin 2009)<\/font><\/span><\/b><\/p>\n<p><b><span lang=\"FR-CH\">Lien\u00a0: <a target=\"_blank\" rel=\"noopener\">http:\/\/amisattariq.blogspot.com\/2009\/06\/la-suite-des-attaques-de-m-bsaiess-et.html<\/a><\/span><\/b><\/p>\n<p><\/span><\/font><span lang=\"FR\"><\/span><\/div>\n<div>\n<hr\/>\n<\/div>\n<div align=\"center\"><font face=\"Arial\" size=\"2\"><span lang=\"FR\"><span lang=\"FR-CH\"><font size=\"3\"><strong>Les tribulations d\u2019un citoyen qui ne voulait pas voter RCD en 2004<\/strong><\/font><\/span><\/span><\/font><\/div>\n<p><\/span><span lang=\"FR\"><\/p>\n<p align=\"justify\"><span lang=\"FR-CH\">Automne 2004. J\u2019ai 55 ans. Je suis mari\u00e9 et j\u2019ai deux enfants. Je suis un entrepreneur et mon affaire marche. Je vis donc dans une certaine aisance. Tout pour \u00eatre heureux, diriez-vous, et pour voter pour le parti au pouvoir et son candidat aux pr\u00e9sidentielles. Eh bien, non ! Je ne suis pas politis\u00e9, encore moins opposant, mais j\u2019avais l\u2019intime conviction qu\u2019en votant pour l\u2019opposition, je rendais service au pays et, d\u2019une certaine fa\u00e7on, au r\u00e9gime lui-m\u00eame\u2026<\/span><\/p>\n<p align=\"justify\"><span lang=\"FR-CH\">Je me r\u00e9veille, donc, le jour des \u00e9lections, bien d\u00e9cid\u00e9 \u00e0 voter pour l\u2019opposition aussi bien aux l\u00e9gislatives qu\u2019aux pr\u00e9sidentielles. Plus facile \u00e0 dire qu\u2019\u00e0 faire !<\/span><\/p>\n<p align=\"justify\"><span lang=\"FR-CH\">Nous votions, mon \u00e9pouse et moi, dans deux bureaux diff\u00e9rents \u00e0 El Menzah. Je l\u2019accompagne, d\u2019abord, \u00e0 son bureau de vote. Je l\u2019attends dans la voiture une dizaine de minutes. A son retour, je lui demande \u00ab Pour qui as-tu vot\u00e9 ? \u00bb. Elle r\u00e9pond sereinement \u00ab Pour Ben Ali, bien s\u00fbr ! \u00bb. Je ne dis rien et je prends la direction de mon bureau de vote.<\/span><\/p>\n<p align=\"justify\"><span lang=\"FR-CH\">J\u2019entre \u00e0 l\u2019\u00e9cole, puis dans la classe o\u00f9 a lieu le vote. Et, premier acte h\u00e9ro\u00efque, je prends les feuilles des quatre candidats aux pr\u00e9sidentielles et les listes de tous les partis pour les l\u00e9gislatives. Puis j\u2019entre dans l\u2019isoloir. Je croyais que le plus dur \u00e9tait fait ! Or, dans l\u2019isoloir, il n\u2019y avait pas de table sur laquelle disposer toutes les feuilles que j\u2019ai amen\u00e9es avec moi ! Le stress est mont\u00e9 d\u2019un cran. Je ne sais pas comment m\u2019y prendre. Les battements de mon c\u0153ur s\u2019acc\u00e9l\u00e8rent et la sueur d\u00e9gouline de mon front. Enfin, pour pouvoir mettre la feuille de mon choix dans l\u2019enveloppe, je tiens toutes les autres entre mes dents. Je la plie en deux, mais elle est encore trop grande pour l\u2019enveloppe. Je stresse encore plus, car je ne veux pas attirer l\u2019attention par le temps que je passe dans l\u2019isoloir. Finalement, la feuille entre dans l\u2019enveloppe et l\u00e0, je m\u2019aper\u00e7ois que celle-ci est transparente et que, sans l\u2019ouvrir, on devine la couleur de la feuille. J\u2019ai presque failli tout laisser tomber. Mais, dans un dernier sursaut de courage, je sors de l\u2019isoloir, tout tremblant et suant, en essayant, tant bien que mal, de cacher les deux enveloppes dans ma main et le reste des feuilles dans mon cale\u00e7on. Je glisse les enveloppes dans leurs urnes respectives, je signe et je sors, presque en courant. Ouf !! C\u2019est la d\u00e9livrance\u2026 Du moins, je le croyais.<\/span><\/p>\n<p align=\"justify\"><span lang=\"FR-CH\">Car les deux feuilles rouges, que j\u2019avais encore sur moi, repr\u00e9sentaient la preuve mat\u00e9rielle que j\u2019avais vot\u00e9 pour l\u2019opposition. Il fallait les faire dispara\u00eetre. J\u2019ai pens\u00e9 les d\u00e9couper en petits morceaux et les jeter \u00e0 la poubelle, mais je me suis ravis\u00e9 : le gardien de l\u2019immeuble pouvait les trouver et me d\u00e9noncer. Je prends mon mal en patience et j\u2019attends la nuit. Pr\u00e9textant l\u2019achat de cigarettes, je sors. Je prends ma voiture et, dans une rue d\u00e9serte et sombre, je tire les feuilles de ma poche, je les broie entre mes mains et je les jette dehors. Ouf !! Cette fois, c\u2019est vraiment fini. J\u2019ach\u00e8te les cigarettes dont je n\u2019avais pas besoin. Je rentre pour dormir apr\u00e8s cette journ\u00e9e \u00e9prouvante pour mes nerfs et pour reprendre mon statut de citoyen au-dessus de tout soup\u00e7on.<\/span><\/p>\n<p align=\"justify\"><span lang=\"FR-CH\">\u00c7a a \u00e9t\u00e9 dur, mais j\u2019ai agi selon ma conscience. Je croyais que la page \u00e9tait vraiment tourn\u00e9e, jusqu\u2019au jour o\u00f9, ouvrant la bo\u00eete \u00e0 gants de ma voiture, je d\u00e9couvris avec stupeur\u2026 deux autres feuilles rouges ?!<\/span><\/p>\n<p align=\"justify\"><span lang=\"FR-CH\">Moralit\u00e9(s) de l\u2019histoire : 1) Il n\u2019est pas facile de voter pour l\u2019opposition dans ce pays. 2) Mon \u00e9pouse m\u2019a menti. 3) Elle a d\u00e9montr\u00e9, dans cette affaire, plus de sang-froid que moi.<\/span><\/p>\n<p><\/span><span lang=\"FR\"><\/p>\n<p align=\"justify\"><span lang=\"FR-CH\">Mohamed Ettounsi<\/span><\/p>\n<p align=\"justify\"><b><span lang=\"FR-CH\"><font>(Source\u00a0: le blog \u00ab\u00a0Les Amis d\u2019Attariq\u00a0\u00bb, le 7 juin 2009)<\/font><\/span><\/b><\/p>\n<p align=\"justify\"><b><span lang=\"FR-CH\">Lien\u00a0:<a href=\"http:\/\/amisattariq.blogspot.com\/2009\/06\/la-suite-des-attaques-de-m-bsaiess-et.html\" target=\"_blank\" rel=\"noopener\">http:\/\/amisattariq.blogspot.com\/2009\/06\/la-suite-des-attaques-de-m-bsaiess-et.html<\/a><\/span><\/b><\/p>\n<p><\/span><span lang=\"FR\"><\/p>\n<div>\u00a0<\/div>\n<div>\n<hr\/>\n<\/div>\n<div>\u00a0<\/div>\n<div><font face=\"Arial\" size=\"2\"><span lang=\"FR\"><\/p>\n<div align=\"center\"> <strong><\/p>\n<h2 style=\"color: red;\"><font size=\"3\">Arriv\u00e9e du colonel Kadhafi en Italie pour une visite \u00ab\u00a0historique\u00a0\u00bb<\/font><\/h2>\n<p><\/strong><\/div>\n<p> AFP \/ 10 juin 2009 <\/span><span lang=\"FR\">ROME &#8211; Le num\u00e9ro un libyen Mouammar Kadhafi est arriv\u00e9 \u00e0 Rome mercredi pour une visite \u00ab\u00a0historique\u00a0\u00bb de trois jours, sa premi\u00e8re dans l&rsquo;ancienne puissance coloniale qui va se d\u00e9rouler sous haute surveillance polici\u00e8re, a constat\u00e9 un photographe de l&rsquo;AFP. Le \u00ab\u00a0guide\u00a0\u00bb a \u00e9t\u00e9 accueilli \u00e0 l&rsquo;a\u00e9roport de Rome-Ciampino par le chef du gouvernement Silvio Berlusconi qui lui a donn\u00e9 l&rsquo;accolade. Le \u00ab\u00a0Cavaliere\u00a0\u00bb esp\u00e8re faire de cette visite un succ\u00e8s diplomatique apr\u00e8s sa victoire \u00e9triqu\u00e9e aux europ\u00e9ennes, due \u00e0 une s\u00e9rie de scandales. Le colonel \u00e9tait en grand uniforme et portait des lunettes de soleil. Mouammar Kadhafi plantera sa tente dans le plus vaste parc de Rome, celui de la Villa Doria Pamphili. Mais il dormira dans le somptueux palais \u00e9ponyme datant de la moiti\u00e9 du XVIIe si\u00e8cle, qui domine le parc. Cette visite a \u00e9t\u00e9 permise par la signature en ao\u00fbt 2008 d&rsquo;un trait\u00e9 qui doit solder les comptes de plus de trente ans de colonisation italienne en Libye (1911-1942). Rome s&rsquo;est engag\u00e9 \u00e0 verser 5 milliards de dollars de d\u00e9dommagements \u00e0 la Libye sous forme d&rsquo;investissements sur les 25 prochaines ann\u00e9es, avec notamment la construction d&rsquo;une autoroute traversant la Libye d&rsquo;ouest en est, de la Tunisie \u00e0 l&rsquo;Egypte, r\u00e9clam\u00e9e depuis des ann\u00e9es par Tripoli. En \u00e9change, Tripoli s&rsquo;est notamment engag\u00e9 \u00e0 lutter plus efficacement contre l&rsquo;immigration clandestine qui voit des milliers de migrants partir de ses c\u00f4tes pour rejoindre l&rsquo;Italie. Les Libyens ont accept\u00e9 pour la premi\u00e8re fois d\u00e9but mai de reprendre 500 immigr\u00e9s, intercept\u00e9s dans les eaux internationales par la marine italienne. Cette op\u00e9ration a \u00e9t\u00e9 d\u00e9nonc\u00e9e par les Organisations de d\u00e9fense des droits de l&rsquo;homme et le Haut commissariat de l&rsquo;ONU pour les r\u00e9fugi\u00e9s (HCR), Tripoli n&rsquo;\u00e9tant pas signataire de la Convention de Gen\u00e8ve sur les r\u00e9fugi\u00e9s. Le \u00ab\u00a0guide\u00a0\u00bb libyen doit rencontrer d\u00e8s mercredi le pr\u00e9sident de la R\u00e9publique Giorgio Napolitano avant des entretiens avec Silvio Berlusconi en fin d&rsquo;apr\u00e8s-midi.  Sa visite est entour\u00e9e d&rsquo;importantes mesures de s\u00e9curit\u00e9 alors que l&rsquo;extr\u00eame gauche et des \u00e9tudiants ont pr\u00e9vu des manifestations de protestation. Mouammar Kadhafi poursuivra son s\u00e9jour jeudi et vendredi avec notamment une intervention devant le S\u00e9nat en tant que pr\u00e9sident de l&rsquo;Union africaine (UA) et une rencontre avec plusieurs centaines de femmes repr\u00e9sentantes des mondes de la culture, de l&rsquo;\u00e9conomie et de la politique qu&rsquo;il a lui-m\u00eame souhait\u00e9e.<\/span><span lang=\"FR\"> \u00a0 <\/p>\n<hr\/>\n<div align=\"center\"> \u00a0 <strong><\/p>\n<h2 style=\"color: red;\"><font size=\"3\">Italie: Berlusconi se met en quatre pour Kadhafi<\/font><\/h2>\n<p><\/strong><\/div>\n<p><\/span><span lang=\"FR\"><\/p>\n<div align=\"justify\"> 10.06.2009 L&rsquo;Italie re\u00e7oit mercredi, sous haute surveillance polici\u00e8re, la premi\u00e8re visite officielle de Mouammar Kadhafi, avec l&rsquo;espoir d&rsquo;une coop\u00e9ration accrue avec la Lybie dans les domaines de l&rsquo;immigration et de l&rsquo;\u00e9conomie. Accompagn\u00e9 d&rsquo;une suite d&rsquo;au moins deux cents personnes, le \u00abguide\u00bb libyen en grand uniforme a \u00e9t\u00e9 accueilli \u00e0 l&rsquo;a\u00e9roport de Rome par Silvio Berlusconi, qui esp\u00e8re faire de cette visite un succ\u00e8s diplomatique apr\u00e8s plusieurs semaines difficiles.  La tente de Mouammar Kadhafi a \u00e9t\u00e9 plant\u00e9e dans le plus vaste parc romain, celui de la Villa Doria Pamphili, mais il dormira dans le somptueux palais \u00e9ponyme datant du XVIIe si\u00e8cle.  \u00abCette visite est un tournant historique entre les deux pays. Rome veut stabiliser ses rapports avec la Libye sur la vieille question du p\u00e9trole et celle, nouvelle, de l&rsquo;immigration clandestine\u00bb, souligne Raffaello Matarazzo de l&rsquo;Institut des affaires internationales. \u00abLes relations avec la Libye peuvent compenser partiellement la faiblesse \u00e9conomique de l&rsquo;Italie et relancer sa vocation historique en M\u00e9diterran\u00e9e o\u00f9 son r\u00f4le a \u00e9t\u00e9 affaibli par l&rsquo;initiative fran\u00e7aise de l&rsquo;Union pour la M\u00e9diterran\u00e9e (UPM)\u00bb, ajoute l&rsquo;expert. Cinq milliards de dollars de d\u00e9dommagement Cette visite a \u00e9t\u00e9 rendue possible par la signature en ao\u00fbt 2008 d&rsquo;un trait\u00e9 qui a sold\u00e9 les comptes de plus de trente ans de colonisation italienne (1911-1942). Rome s&rsquo;est engag\u00e9 \u00e0 verser 5 milliards de dollars de d\u00e9dommagements sous forme d&rsquo;investissements sur les 25 prochaines ann\u00e9es. En \u00e9change, Tripoli a notamment promis de lutter plus efficacement contre l&rsquo;immigration clandestine \u00e0 partir de ses c\u00f4tes. Les Libyens ont accept\u00e9 pour la premi\u00e8re fois d\u00e9but mai de reprendre 500 immigr\u00e9s intercept\u00e9s par la marine italienne. Cette op\u00e9ration a \u00e9t\u00e9 d\u00e9nonc\u00e9e par les organisations de d\u00e9fense des droits de l&rsquo;homme, le Haut commissariat de l&rsquo;ONU pour les r\u00e9fugi\u00e9s (HCR) et l&rsquo;Eglise catholique, des r\u00e9fugi\u00e9s susceptibles d&rsquo;obtenir le droit d&rsquo;asile pouvant se trouver parmi les refoul\u00e9s. La Libye n&rsquo;est pas signataire de la Convention de Gen\u00e8ve sur les r\u00e9fugi\u00e9s et le HCR n&rsquo;a pas acc\u00e8s \u00e0 tous les centres de r\u00e9tention du pays. L&rsquo;organisation Human Rights Watch a d\u00e9nonc\u00e9 mercredi \u00abun sale march\u00e9\u00bb qui permet \u00e0 l&rsquo;Italie \u00abde se d\u00e9barrasser de ses migrants en Libye et d&rsquo;\u00e9chapper \u00e0 ses obligations\u00bb. Amnesty International a aussi appel\u00e9 Rome \u00e0 cesser sa coop\u00e9ration avec la Libye dans ce domaine en l&rsquo;absence de \u00abgaranties sur les droits de l&rsquo;Homme\u00bb. La Lybie actionnaire d&rsquo;une grande banque italienne La visite doit permettre de faire le point sur la mise en oeuvre du trait\u00e9, notamment sur le plan \u00e9conomique alors que l&rsquo;Italie est le premier client et premier fournisseur de la Libye. Riche de ses p\u00e9trodollars, la Libye est devenue le deuxi\u00e8me actionnaire de l&rsquo;une des principales banques italiennes, Unicredit, avec plus de 4% du capital et a manifest\u00e9 son souhait d&rsquo;acqu\u00e9rir une part importante du g\u00e9ant p\u00e9trolier Eni. L&rsquo;intervention jeudi au S\u00e9nat du leader libyen, en tant que pr\u00e9sident de l&rsquo;Union africaine (UA), a suscit\u00e9 les critiques de plusieurs \u00e9lus. Re\u00e7u \u00e0 d\u00e9jeuner mercredi par le pr\u00e9sident Giorgio Napolitano, Kadhafi doit s&rsquo;entretenir avec Berlusconi en fin d&rsquo;apr\u00e8s-midi. Vendredi, apr\u00e8s un rendez-vous avec le patronat, il rencontrera, \u00e0 sa demande, plusieurs centaines de femmes repr\u00e9sentantes des mondes de la culture, de l&rsquo;\u00e9conomie et de la politique. Leparisien.fr avec l&rsquo; AFP  <span lang=\"FR\"><span lang=\"FR\"><strong>(Source: \u00ab\u00a0Le Parisien\u00a0\u00bb (Quotidien- France) le 10 mai 2009) Lien: http:\/\/www.leparisien.fr\/international\/berlusconi-se-met-en-quatre-pour-kadhafi-10-06-2009-543971.php<\/strong><\/span><\/span><\/div>\n<p><\/span><\/p>\n<div align=\"justify\">\n<hr\/>\n<\/div>\n<p><span lang=\"FR\"><\/p>\n<div align=\"center\"> \u00a0 <strong><font size=\"3\">Kadhafi vient solder les comptes<\/font><\/strong><\/div>\n<div align=\"justify\">\u00a0<\/div>\n<p><\/span><span lang=\"FR\"><\/p>\n<div align=\"justify\">par Patrick Adam Article publi\u00e9 le 10\/06\/2009  Le num\u00e9ro un libyen est arriv\u00e9 mercredi 10 juin 2009 \u00e0 Rome pour une visite que le gouvernement italien qualifie \u00ab d\u2019historique \u00bb. Rome et Tripoli devraient ainsi d\u00e9finitivement sold\u00e9 les comptes de la d\u00e9colonisation. L\u2019Italie verse des d\u00e9dommagements, en contrepartie la Libye s\u2019engage \u00e0 mieux contr\u00f4ler l\u2019immigration clandestine au d\u00e9part de ses c\u00f4tes. C\u2019est avec faste que l\u2019Italie entend marquer cette premi\u00e8re visite de Mouammar Kadhafi \u00e0 Rome. C\u2019est en grand uniforme que le num\u00e9ro un libyen est apparu \u00e0 Rome, o\u00f9 il a \u00e9t\u00e9 accueilli par Silvio Berlusconi, le pr\u00e9sident du Conseil. Comme \u00e0 chaque fois, Mouammar Kadhafi entend imposer son propre protocole. Il arrive en Italie escort\u00e9 d\u2019une suite de plus de deux cents personnes, et il comme il l\u2019avait notamment fait \u00e0 Paris et Moscou, il a impos\u00e9 et obtenu que sa tente b\u00e9douine soit plant\u00e9e en ville. C\u2019est donc l\u00e0, au c\u0153ur du plus vaste parc romain, celui de la Villa Doria Pamphili qu\u2019il recevra ses invit\u00e9s. Lui-m\u00eame dormira dans le palais \u00e9ponyme qui date du XVIIe si\u00e8cle. Une r\u00e9conciliation ch\u00e8rement n\u00e9goci\u00e9e Vue de Rome, cette visite appara\u00eet comme historique. Avec elle, se soldent quarante ans de relations tumultueuses entre l\u2019ancien colonisateur et son ex-colonis\u00e9. Depuis que Tripoli a renonc\u00e9 en 2003 \u00e0 fabriquer des armes de destruction massive, les temps sont au r\u00e9chauffement. Rome a d\u2019ailleurs pr\u00e9sent\u00e9 des excuses formelles pour l\u2019\u00e9poque de la colonisation. La r\u00e9conciliation avait d\u00e9j\u00e0 \u00e9t\u00e9 scell\u00e9e en ao\u00fbt 2008. Un accord avait \u00e9t\u00e9 conclu entre les deux pays. Il pr\u00e9voit le versement par l\u2019Italie de cinq milliards de dollars de d\u00e9dommagements sous forme d\u2019investissement sur les vingt-cinq prochaines ann\u00e9es. Une somme qui servira entre autre \u00e0 la construction d\u2019une autoroute traversant la Libye d\u2019ouest en est, de la Tunisie \u00e0 l\u2019Egypte. Un geste libyen sur l\u2019immigration En contrepartie Tripoli s\u2019engage \u00e0 limiter l\u2019immigration clandestine depuis ses c\u00f4tes. Pour le pouvoir libyen le d\u00e9part des clandestins \u00e9tait devenu un moyen de pression sur l\u2019Italie. Il aura fallu d\u2019\u00e2pres n\u00e9gociations pour que la Libye accepte des patrouilles mixtes dans ses eaux territoriales et qu\u2019elle reprenne sur son sol les clandestins intercept\u00e9s en M\u00e9diterran\u00e9e. L\u2019Italie s\u2019\u00e9tait par ailleurs engag\u00e9e \u00e0 livrer six vedettes et former quarante et un militaires libyens pour en prendre le commandement. Pour la seule ann\u00e9e 2008, l\u2019Italie avait enregistr\u00e9 l\u2019arriv\u00e9e de pr\u00e8s de quarante mille migrants (75% de plus qu\u2019en 2007). Mais au-del\u00e0 du symbole de la r\u00e9conciliation, cette venue de Mouammar Kadhafi devrait \u00eatre l\u2019occasion de resserrer des liens \u00e9conomiques d\u00e9j\u00e0 \u00e9troits. L\u2019Italie est le premier fournisseur et le premier client de la Libye qui gr\u00e2ce \u00e0 ses p\u00e9trodollars est pr\u00e9sente dans plusieurs grands groupes italiens (le p\u00e9trolier Eni, la banque UniCredit\u2026). \u00a0 Une visite contest\u00e9e Cette venue en grande pompe du num\u00e9ro libyen ne fait pas l\u2019unanimit\u00e9. Le leader doit prononcer un discours devant le S\u00e9nat et un nombre croissant d\u2019\u00e9lus qui voient en lui \u00ab un dictateur \u00bb ont annonc\u00e9 qu&rsquo;ils le boycotteraient. Des manifestations sont pr\u00e9vues notamment de la part des d\u00e9fenseurs des droits de l\u2019homme. La Libye n\u2019est pas signataire de la Convention de Gen\u00e8ve sur les r\u00e9fugi\u00e9s et l\u2019organisation Human Rights Watch d\u00e9nonce \u00ab un sale march\u00e9 \u00bb qui permet \u00e0 l\u2019Italie \u00ab de se d\u00e9barrasser de ses migrants en Libye et d\u2019\u00e9chapper \u00e0 ses obligations \u00bb.  Au cours de cette visite \u00e0 Rome, le num\u00e9ro un libyen a souhait\u00e9 rencontrer plusieurs centaines de femmes. Il l\u2019avait fait lors d\u2019une visite en France o\u00f9, devant un parterre de mille personnes, il avait dit vouloir \u00ab sauver les femmes europ\u00e9ennes \u00bb. Mais c\u2019est la rencontre avec des membres de la communaut\u00e9 juive, dont certains ont fui la Libye il y a quarante ans qui provoque des remous. Ils ont \u00e9t\u00e9 invit\u00e9s sous la tente b\u00e9douine samedi, jour de Shabbat et donc de repos durant lequel les juifs qui respectent cette tradition n\u2019ont pas le droit de travailler.<span lang=\"FR\"> <strong>(Source: \u00ab\u00a0rfi.fr\u00a0\u00bb\u00a0 (Radio France internationale)  Lien: http:\/\/www.rfi.fr\/actufr\/articles\/114\/article_81786.asp<\/strong><\/span><span lang=\"FR\"> \u00a0<\/span><\/div>\n<p><\/span><\/font><span lang=\"FR\"><span lang=\"FR\"><span lang=\"FR\"><span lang=\"FR\"><span lang=\"FR\"><span lang=\"FR\"><\/span><\/span><\/span><\/span><\/span><\/span><\/div>\n<div>\n<hr\/>\n<\/div>\n<div align=\"center\"><font face=\"Arial\" size=\"2\"><span lang=\"FR\"><span lang=\"FR\"><span lang=\"FR\"><span lang=\"FR\"><span lang=\"FR\"><span lang=\"FR\"><strong><\/p>\n<h2 style=\"color: red;\"><font size=\"3\">INTERVIEW-Moroccan king&rsquo;s backers vow more pressure on government<\/font><\/h2>\n<p><\/strong><\/span><\/span><\/span><\/span><\/span><\/span><\/font><\/div>\n<p><\/span><span lang=\"FR\"><\/p>\n<div align=\"justify\"> Reuters, le 10 juin 2009 \u00e0 11h09  By Lamine Ghanmi  RABAT, June 10 (Reuters) &#8211; A new party loyal to Morocco&rsquo;s King Mohammed plans to step up opposition to the north African country&rsquo;s coalition government after local elections on Friday, the party&rsquo;s leaders said. The government lost its majority in parliament last month when the Authenticity and Modernity Party (PAM), which groups the king&rsquo;s staunch supporters, withdrew its support. The PAM&rsquo;s 46 members of parliament are now in opposition but one of its leaders is still serving as education minister. The government is in survival mode for now after the king, who wields huge powers as a head of state and religious leader, said it should press on with its tasks which include organising Friday&rsquo;s election. Analysts say PAM sees an opportunity to build support among voters as the government is widely perceived as weak and unpopular. Without PAM&rsquo;s support in the 325-seat lower house, the government will fall in December when it faces its first test of confidence as it lacks the votes needed to endorse a draft budget, political analysts said. \u00ab\u00a0We will not let up in our opposition to the government. We will continue to hit it,\u00a0\u00bb said Fouad Ali Himma, a close friend of the king and a former top security official. PAM is widely seen as Himma&rsquo;s brainchild. Analysts argue that success in the election might embolden the PAM to reach out to parties including the moderate Islamist opposition Justice and Development Party, which is the second biggest party in parliament, to pile up pressure on the government and ultimately causing its collapse. \u00ab\u00a0Our goal is the same as the opposition in France, Italy or Portugal. We decided to be a smart and constructive opposition,\u00a0\u00bb PAM&rsquo;s General Secretary Mohamed Sheikh Biadillah told Reuters. When asked whether the party would seek to topple the government in parliament in coming months, he said this week: \u00ab\u00a0I cannot give an answer to that now. The party&rsquo;s policy-making national council will meet after the elections and decide on that.\u00a0\u00bb KING SUPPORT The government and Prime Minister Abbas el Fassi are repeatedly criticised for failing to solve Morocco&rsquo;s social and economic problems including widespread unemployment among young university graduates and a lack of decent services in cities. \u00ab\u00a0The main cause of voter apathy today is the existence of a prime minister and a government without political weight or a political programme. They enjoy only the king&rsquo;s trust,\u00a0\u00bb wrote political analyst Taoufik Bouachrine in a commentary on Tuesday. Another commentator called the government \u00ab\u00a0a collective punishment for the Moroccan people\u00a0\u00bb following a record-low turnout of 37 percent in a 2007 legislative election. Officials say the government is stable as long as it does not lose the king&rsquo;s support or fails in a confidence vote in parliament. Biadillah sounded upbeat about PAM&rsquo;s chances to win the most 27,795 seats in Morocco&rsquo;s 1,503 villages and town councils, citing the party&rsquo;s attractiveness with its programme focusing on developing the country&rsquo;s 16 regions by promoting local leaders instead of pandering to the government bureacracy in Rabat. \u00ab\u00a0More than 60 percent of our candidates had never been involved in politics before. That means we are a political force with great appeal and we are reaching all quarters of society,\u00a0\u00bb he added. Biadillah gave no details but other leading figures in the party said they expected to emerge ahead with between 13 percent and 15 percent of seats. \u00ab\u00a0In all modesty, I can say that our party is filling the political void caused by old parties,\u00a0\u00bb he added.<\/div>\n<p><\/span><span lang=\"FR\"><\/p>\n<div>\n<hr\/>\n<\/div>\n<div><font face=\"Arial\" size=\"2\"><span lang=\"FR\"><\/p>\n<p align=\"center\"><span lang=\"FR-CH\"><\/p>\n<h2 style=\"color: red;\"><font size=\"3\"><strong>Isra\u00ebl: l&rsquo;\u00e9dition de mercredi du quotidien Haaretz r\u00e9dig\u00e9e par des \u00e9crivains<\/strong><\/font><\/h2>\n<p><\/span><\/p>\n<p><\/span><span lang=\"FR\"><\/p>\n<p align=\"justify\"><span lang=\"FR-CH\">AFP, le 10 juin 2009 \u00e0 08h55<\/span><\/p>\n<p align=\"justify\">\n<p><\/span><span lang=\"FR-CH\"><span lang=\"FR\">JERUSALEM, 10 juin 2009 (AFP) &#8211;\u00a0\u00a0Des dizaines d&rsquo;\u00e9crivains se sont transform\u00e9s en journalistes pour r\u00e9diger l&rsquo;\u00e9dition de mercredi du Haaretz, un quotidien isra\u00e9lien de gauche, \u00e0 l&rsquo;occasion de l&rsquo;ouverture de la semaine du Livre qui se d\u00e9roule dans les grandes villes.  Parmi les \u00e9crivains journalistes d&rsquo;un jour figure David Grossman, un des auteurs les plus connus du pays traduit dans plusieurs langues. Il a r\u00e9alis\u00e9 un reportage en une sur les 24 heures qu&rsquo;il a pass\u00e9es dans un centre de r\u00e9habilitation de drogu\u00e9s \u00e0 J\u00e9rusalem.  Etgar Keret, un autre \u00e9crivain, a pour sa part r\u00e9alis\u00e9 une interview d&rsquo;Ehud Barak dans laquelle le ministre de la D\u00e9fense affirme que \u00ab\u00a0le gouvernement de Benjamin Netanyahu (le Premier ministre) va surprendre\u00a0\u00bb. <\/p>\n<p align=\"justify\">Une autre \u00e9crivain a \u00e9crit un papier sur la nouvelle tendance dans les zoos qui consiste \u00e0 m\u00e9langer les animaux dans les enclos telles que les girafes et les antilopes.  Dans un article intitul\u00e9 \u00ab\u00a0les z\u00e8bres du Shabbat\u00a0\u00bb, un autre auteur pr\u00e9dit un \u00ab\u00a0\u00e9t\u00e9 tr\u00e8s chaud\u00a0\u00bb en raison des manifestations d&rsquo;ultra-orthodoxes qui ont commenc\u00e9 samedi contre l&rsquo;ouverture d&rsquo;un parking municipal \u00e0 J\u00e9rusalem durant le Shabbat, le jour de repos traditionnel du juda\u00efsme.  A.B. Yehoshua, un c\u00e9l\u00e8bre auteur, a pour sa part r\u00e9dig\u00e9 un grand article historique dans la section magazine sur la question de savoir pourquoi en 1948 les p\u00e8res fondateurs avaient d\u00e9cid\u00e9 d&rsquo;appeler le pays \u00ab\u00a0Etat d&rsquo;Isra\u00ebl\u00a0\u00bb et non pas par exemple \u00ab\u00a0Jud\u00e9e\u00a0\u00bb ou \u00ab\u00a0Etat juif\u00a0\u00bb. Cette question est redevenue d&rsquo;actualit\u00e9 depuis que Benjamin Netanyahu exige que les Palestiniens reconnaissent Isra\u00ebl comme un \u00ab\u00a0Etat juif\u00a0\u00bb.  La chronique m\u00e9t\u00e9o a de son c\u00f4t\u00e9 \u00e9t\u00e9 r\u00e9alis\u00e9e par Ronny Someck, sous forme d&rsquo;un po\u00e8me. En revanche, les rubriques sports, \u00e9conomie et finances ainsi que les \u00e9ditoriaux sont rest\u00e9s sous le contr\u00f4le de la r\u00e9daction habituelle.<\/p>\n<p><\/span><span lang=\"FR\"><\/span><\/span><\/font><span lang=\"FR\"><\/span><\/div>\n<div>\n<hr\/>\n<\/div>\n<p align=\"justify\">\u00a0<\/p>\n<p><\/span><\/p>\n<p align=\"center\" dir=\"ltr\">\u00a0<\/p>\n<p align=\"center\" dir=\"ltr\">\n<h2 style=\"color: red;\"><font face=\"Arial\" size=\"2\"><strong><b><a href=\"https:\/\/tunisnews.net\/ar\/\"><font face=\"Arial\"><span><font size=\"2\">Home<\/font><\/span><font size=\"2\"><span lang=\"FR-CH\"> &#8211; Accueil <\/span><span>&#8211; <\/span><\/font><\/font><span dir=\"rtl\" lang=\"AR-SA\"><font size=\"2\">\u0627\u0644\u0631\u0626\u064a\u0633\u064a\u0629<\/font><\/span><\/a><\/b><\/strong><\/font><\/h2>\n<\/p>\n<p><\/body><\/body><\/html><\/p>","protected":false},"excerpt":{"rendered":"<p>Home &#8211; Accueil TUNISNEWS 9\u00a0\u00e8me ann\u00e9e, N\u00b0\u00a03305 du 10.06.2009 \u00a0archives : www.tunisnews.net\u00a0\u00a0 Touansa Responsables: APPEL AU PRESIDENT CANDIDAT ZINE EL ABIDINE BEN ALI AFP: 76 syndicalistes assassin\u00e9s en 2008, moins qu&rsquo;en 2007 AFP: FAO &#8211; accords pour la conservation et la partage des g\u00e8nes de l&rsquo;alimentation Les Amis d\u2019Attariq: Pourquoi la candidature d\u2019Ahmed Brahim d\u00e9range-t-elle [&hellip;]<\/p>\n","protected":false},"author":1,"featured_media":22040,"comment_status":"open","ping_status":"open","sticky":false,"template":"","format":"standard","meta":{"inline_featured_image":false,"site-sidebar-layout":"default","site-content-layout":"","ast-site-content-layout":"default","site-content-style":"default","site-sidebar-style":"default","ast-global-header-display":"","ast-banner-title-visibility":"","ast-main-header-display":"","ast-hfb-above-header-display":"","ast-hfb-below-header-display":"","ast-hfb-mobile-header-display":"","site-post-title":"","ast-breadcrumbs-content":"","ast-featured-img":"","footer-sml-layout":"","ast-disable-related-posts":"","theme-transparent-header-meta":"","adv-header-id-meta":"","stick-header-meta":"","header-above-stick-meta":"","header-main-stick-meta":"","header-below-stick-meta":"","astra-migrate-meta-layouts":"default","ast-page-background-enabled":"default","ast-page-background-meta":{"desktop":{"background-color":"","background-image":"","background-repeat":"repeat","background-position":"center center","background-size":"auto","background-attachment":"scroll","background-type":"","background-media":"","overlay-type":"","overlay-color":"","overlay-opacity":"","overlay-gradient":""},"tablet":{"background-color":"","background-image":"","background-repeat":"repeat","background-position":"center center","background-size":"auto","background-attachment":"scroll","background-type":"","background-media":"","overlay-type":"","overlay-color":"","overlay-opacity":"","overlay-gradient":""},"mobile":{"background-color":"","background-image":"","background-repeat":"repeat","background-position":"center center","background-size":"auto","background-attachment":"scroll","background-type":"","background-media":"","overlay-type":"","overlay-color":"","overlay-opacity":"","overlay-gradient":""}},"ast-content-background-meta":{"desktop":{"background-color":"var(--ast-global-color-5)","background-image":"","background-repeat":"repeat","background-position":"center center","background-size":"auto","background-attachment":"scroll","background-type":"","background-media":"","overlay-type":"","overlay-color":"","overlay-opacity":"","overlay-gradient":""},"tablet":{"background-color":"var(--ast-global-color-5)","background-image":"","background-repeat":"repeat","background-position":"center center","background-size":"auto","background-attachment":"scroll","background-type":"","background-media":"","overlay-type":"","overlay-color":"","overlay-opacity":"","overlay-gradient":""},"mobile":{"background-color":"var(--ast-global-color-5)","background-image":"","background-repeat":"repeat","background-position":"center center","background-size":"auto","background-attachment":"scroll","background-type":"","background-media":"","overlay-type":"","overlay-color":"","overlay-opacity":"","overlay-gradient":""}},"footnotes":""},"categories":[],"tags":[58,40,29],"class_list":["post-17271","post","type-post","status-publish","format-standard","has-post-thumbnail","hentry","tag-58","tag-40","tag-fr"],"_links":{"self":[{"href":"https:\/\/tunisnews.net\/ar\/wp-json\/wp\/v2\/posts\/17271","targetHints":{"allow":["GET"]}}],"collection":[{"href":"https:\/\/tunisnews.net\/ar\/wp-json\/wp\/v2\/posts"}],"about":[{"href":"https:\/\/tunisnews.net\/ar\/wp-json\/wp\/v2\/types\/post"}],"author":[{"embeddable":true,"href":"https:\/\/tunisnews.net\/ar\/wp-json\/wp\/v2\/users\/1"}],"replies":[{"embeddable":true,"href":"https:\/\/tunisnews.net\/ar\/wp-json\/wp\/v2\/comments?post=17271"}],"version-history":[{"count":0,"href":"https:\/\/tunisnews.net\/ar\/wp-json\/wp\/v2\/posts\/17271\/revisions"}],"wp:featuredmedia":[{"embeddable":true,"href":"https:\/\/tunisnews.net\/ar\/wp-json\/wp\/v2\/media\/22040"}],"wp:attachment":[{"href":"https:\/\/tunisnews.net\/ar\/wp-json\/wp\/v2\/media?parent=17271"}],"wp:term":[{"taxonomy":"category","embeddable":true,"href":"https:\/\/tunisnews.net\/ar\/wp-json\/wp\/v2\/categories?post=17271"},{"taxonomy":"post_tag","embeddable":true,"href":"https:\/\/tunisnews.net\/ar\/wp-json\/wp\/v2\/tags?post=17271"}],"curies":[{"name":"wp","href":"https:\/\/api.w.org\/{rel}","templated":true}]}}